{"id":96499,"date":"2026-09-03T08:39:45","date_gmt":"2026-09-03T07:39:45","guid":{"rendered":"https:\/\/www.ebilet.pl\/now\/?p=96499"},"modified":"2026-09-03T08:39:48","modified_gmt":"2026-09-03T07:39:48","slug":"od-drugiego-planu-do-solowej-kariery-gwiazdy-ktore-zaczynaly-w-chorkach-u-innych-artystow","status":"publish","type":"post","link":"https:\/\/www.ebilet.pl\/now\/od-drugiego-planu-do-solowej-kariery-gwiazdy-ktore-zaczynaly-w-chorkach-u-innych-artystow\/","title":{"rendered":"Od drugiego planu do solowej kariery. Gwiazdy, kt\u00f3re zaczyna\u0142y w ch\u00f3rkach u innych artyst\u00f3w"},"content":{"rendered":"\n<section class=\"text-block  section-margin-32\" >\n    <div class=\"container\">\n        <div class=\"row\">\n            <div class=\"col-24\">\n                <div class=\"text-block__content\"><h2><strong>Whitney Houston. Z ch\u00f3rk\u00f3w u Chaki Khan na szczyt \u015bwiatowych list<\/strong><\/h2>\n<p><span style=\"font-weight: 400;\">Dzi\u015b trudno wyobrazi\u0107 sobie Whitney Houston jako anonimow\u0105 wokalistk\u0119 stoj\u0105c\u0105 kilka krok\u00f3w za kim\u015b innym gdzie\u015b z boku sceny, \u015bpiewaj\u0105c\u0105 w ch\u00f3rkach. A jednak w\u0142a\u015bnie tak zaczyna\u0142a swoj\u0105 profesjonaln\u0105 karier\u0119.<\/span><\/p>\n<p><span style=\"font-weight: 400;\">Houston ju\u017c jako nastolatka \u015bpiewa\u0142a z zespo\u0142em swojej matki, Cissy Houston. Mia\u0142a zaledwie 14 lat, kiedy zacz\u0119\u0142a wyst\u0119powa\u0107 jako wokalistka wspieraj\u0105ca matk\u0119 podczas jej klubowych wyst\u0119p\u00f3w. P\u00f3\u017aniej pracowa\u0142a r\u00f3wnie\u017c jako wokalistka sesyjna. <\/span><b>Jej g\u0142os mo\u017cna by\u0142o us\u0142ysze\u0107 w nagraniach mi\u0119dzy innymi Chaki Khan, Lou Rawlsa, Neville Brothers czy Michaela Zagera.<\/b><\/p>\n<p><span style=\"font-weight: 400;\">Co ciekawe, Chaka Khan sama wspomina\u0142a p\u00f3\u017aniej moment, w kt\u00f3rym po raz pierwszy us\u0142ysza\u0142a Whitney. Khan pracowa\u0142a z Cissy Houston i to w\u0142a\u015bnie Cissy powiedzia\u0142a jej, \u017ce ma c\u00f3rk\u0119, kt\u00f3ra potrafi bardzo dobrze \u015bpiewa\u0107. Dzi\u0119ki temu Whitney trafi\u0142a do studia, gdzie zrobi\u0142a na Khan ogromne pozytywne wra\u017cenie.\u00a0<\/span><\/p>\n<p><span style=\"font-weight: 400;\">Jej droga do s\u0142awy nie by\u0142a jednak natychmiastowa. W tym samym czasie Houston rozwija\u0142a tak\u017ce karier\u0119 modelki. Dopiero w 1983 roku podpisa\u0142a kontrakt p\u0142ytowy, a wydany dwa lata p\u00f3\u017aniej debiutancki album <\/span><i><span style=\"font-weight: 400;\">Whitney Houston<\/span><\/i><span style=\"font-weight: 400;\"> ro<\/span><span style=\"font-weight: 400;\">zpocz\u0105\u0142 jedn\u0105 z najbardziej spektakularnych karier w historii muzyki pop.\u00a0<\/span><\/p>\n<\/div>\n            <\/div>\n        <\/div>\n    <\/div>\n<\/section>\n\n\n<figure class=\"wp-block-embed is-type-video is-provider-youtube wp-block-embed-youtube wp-embed-aspect-4-3 wp-has-aspect-ratio\"><div class=\"wp-block-embed__wrapper\">\n<iframe loading=\"lazy\" title=\"Whitney Houston - I Wanna Dance With Somebody\" width=\"500\" height=\"375\" src=\"https:\/\/www.youtube.com\/embed\/QzZ-mtE1EHc?feature=oembed\" frameborder=\"0\" allow=\"accelerometer; autoplay; clipboard-write; encrypted-media; gyroscope; picture-in-picture; web-share\" referrerpolicy=\"strict-origin-when-cross-origin\" allowfullscreen><\/iframe>\n<\/div><\/figure>\n\n\n<section class=\"gap-block  section-margin-32 section-margin-32\"><\/section>\n\n\n<section class=\"tickets-slider  section-margin-32\"\n    data-tickets-slider\n    data-item-list-name=\"Karuzela z buttonami\"\n    data-item-list-id=\"karuzela_z_buttonami\"\n    >\n    <div class=\"container\">\n        <div class=\"row\">\n            <div class=\"col-24\">\n                <div class=\"tickets-slider__main\">\n                    <div class=\"tickets-slider__nav tickets-slider__nav--prev\">\n                        <div class=\"button button--withIcon button--theme-white-blur button--size-fixed-48\" data-tickets-slider-prev>\n                            <span class=\"button__icon icon icon-chevron-left\"><\/span>\n                        <\/div>\n                    <\/div>\n                    <div class=\"tickets-slider__nav tickets-slider__nav--next\">\n                        <div class=\"button button--withIcon button--theme-white-blur button--size-fixed-48\" data-tickets-slider-next>\n                            <span class=\"button__icon icon icon-chevron-right\"><\/span>\n                        <\/div>\n                    <\/div>\n                    <div class=\"tickets-slider__slider swiper\" data-tickets-slider-slider>\n                        <div class=\"tickets-slider__sliderWrapper swiper-wrapper\">\n                                                            <div class=\"tickets-slider__sliderItem swiper-slide\"\n                                    data-id=\"198318\"\n                                    data-name=\"Adele &amp; Whitney Houston Klasycznie przy \u015bwiecach\"\n                                    data-brand=\"\"\n                                    data-category=\"muzyka\"\n                                    data-subcategory=\"pop\"\n                                    data-city=\"Krak\u00f3w, Pozna\u0144, Sopot i inne\"\n                                    data-venue=\"\">\n                                    <div class=\"tickets-slider__sliderCard\">\n                                        \n<div class=\"card-ticket\">\n        <div class=\"card-ticket__image\">\n        <a href=\"https:\/\/www.ebilet.pl\/muzyka\/pop\/adele-whitney-houston\">\n            <img decoding=\"async\" src=\"https:\/\/www.ebilet.pl\/media\/cms\/media\/wo4nvmwe\/adele-whitey-houston-552x736-px-4bf1e06e-579c-4b9a-a856-5167200022e4.webp\" alt=\"Plakat wydarzenia\" \/>\n        <\/a>\n    <\/div>\n             \n    <div class=\"card-ticket__link\">\n        <a href=\"https:\/\/www.ebilet.pl\/muzyka\/pop\/adele-whitney-houston\" class=\"button button--theme-primary-yellow button--withIconLeft button--size-small\">\n            <span class=\"button__icon icon icon-ticket\"><\/span>\n            <p class=\"button__text typo-16 f-600\">Kup bilet<\/p>\n        <\/a>\n    <\/div>\n    <\/div>                                    <\/div>\n                                <\/div>\n                                                            <div class=\"tickets-slider__sliderItem swiper-slide\"\n                                    data-id=\"179234\"\n                                    data-name=\"The Greatest Love of All \u2013 A Tribute to Whitney Houston by Belinda Davids\"\n                                    data-brand=\"\"\n                                    data-category=\"muzyka\"\n                                    data-subcategory=\"pop\"\n                                    data-city=\"Gda\u0144sk, Warszawa\"\n                                    data-venue=\"\">\n                                    <div class=\"tickets-slider__sliderCard\">\n                                        \n<div class=\"card-ticket\">\n        <div class=\"card-ticket__image\">\n        <a href=\"https:\/\/www.ebilet.pl\/muzyka\/pop\/tribute-to-whitney-houston\">\n            <img decoding=\"async\" src=\"https:\/\/www.ebilet.pl\/media\/cms\/media\/pvnbbq5c\/tgloa-552x736-warszawa-1-6190fdbd-2e19-4a01-aa88-449c627d37ac.webp\" alt=\"Plakat wydarzenia\" \/>\n        <\/a>\n    <\/div>\n             \n    <div class=\"card-ticket__link\">\n        <a href=\"https:\/\/www.ebilet.pl\/muzyka\/pop\/tribute-to-whitney-houston\" class=\"button button--theme-primary-yellow button--withIconLeft button--size-small\">\n            <span class=\"button__icon icon icon-ticket\"><\/span>\n            <p class=\"button__text typo-16 f-600\">Kup bilet<\/p>\n        <\/a>\n    <\/div>\n    <\/div>                                    <\/div>\n                                <\/div>\n                                                            <div class=\"tickets-slider__sliderItem swiper-slide\"\n                                    data-id=\"97949\"\n                                    data-name=\"Whitney Houston Night\"\n                                    data-brand=\"\"\n                                    data-category=\"muzyka\"\n                                    data-subcategory=\"pop\"\n                                    data-city=\"Wroc\u0142aw\"\n                                    data-venue=\"\">\n                                    <div class=\"tickets-slider__sliderCard\">\n                                        \n<div class=\"card-ticket\">\n        <div class=\"card-ticket__image\">\n        <a href=\"https:\/\/www.ebilet.pl\/muzyka\/pop\/whitney-houston-night\">\n            <img decoding=\"async\" src=\"https:\/\/www.ebilet.pl\/media\/cms\/media\/nxhjm1nk\/600x850-8-49c5c765-7a93-49f0-bb71-4934b602477e.webp\" alt=\"Plakat wydarzenia\" \/>\n        <\/a>\n    <\/div>\n             \n    <div class=\"card-ticket__link\">\n        <a href=\"https:\/\/www.ebilet.pl\/muzyka\/pop\/whitney-houston-night\" class=\"button button--theme-primary-yellow button--withIconLeft button--size-small\">\n            <span class=\"button__icon icon icon-ticket\"><\/span>\n            <p class=\"button__text typo-16 f-600\">Kup bilet<\/p>\n        <\/a>\n    <\/div>\n    <\/div>                                    <\/div>\n                                <\/div>\n                                                    <\/div>\n                    <\/div>\n                <\/div>\n            <\/div>\n        <\/div>\n    <\/div>\n<\/section>\n\n\n<section class=\"text-block  section-margin-32\" >\n    <div class=\"container\">\n        <div class=\"row\">\n            <div class=\"col-24\">\n                <div class=\"text-block__content\"><h2><strong>Mariah Carey. Ch\u00f3rzystka, kt\u00f3ra przysz\u0142a na przes\u0142uchanie troch\u0119 za wcze\u015bnie<\/strong><\/h2>\n<p><span style=\"font-weight: 400;\">Historia Mariah Carey brzmi niemal jak gotowy scenariusz filmu, w kt\u00f3rym s\u0142ynny producent odkrywa nies\u0142ychany talent wokalny u anonimowej dot\u0105d dziewczny.<\/span><\/p>\n<p><span style=\"font-weight: 400;\">W 1987 roku 17-letnia Carey przenios\u0142a si\u0119 do Nowego Jorku, \u017ceby rozwija\u0107 karier\u0119 muzyczn\u0105. Pocz\u0105tkowo jednak nie by\u0142a gwiazd\u0105, tylko jedn\u0105 z wielu pocz\u0105tkuj\u0105cych wokalistek pr\u00f3buj\u0105cych znale\u017a\u0107 swoje miejsce w bran\u017cy. W pewnym momencie odpowiedzia\u0142a na og\u0142oszenie o poszukiwaniu ch\u00f3rzystek dla Brendy K. Starr.<\/span><\/p>\n<p><span style=\"font-weight: 400;\">To w\u0142a\u015bnie w tym momencie pojawia si\u0119 szczeg\u00f3\u0142, kt\u00f3ry a\u017c prosi si\u0119 o filmow\u0105 scen\u0119:<\/span><b> Starr wspomina\u0142a p\u00f3\u017aniej, \u017ce przes\u0142uchanie mia\u0142o rozpocz\u0105\u0107 si\u0119 oko\u0142o godziny 16:30\u201317:00, a m\u0142oda Mariah Carey pojawi\u0142a si\u0119\u2026 oko\u0142o 13:30. <\/b><span style=\"font-weight: 400;\">By\u0142a tak zdeterminowana, \u017ce po prostu przysz\u0142a kilka godzin za wcze\u015bnie. A mo\u017ce by\u0142 to te\u017c wynik stresu?<\/span><\/p>\n<p><b>Carey dosta\u0142a t\u0119 prac\u0119 i zacz\u0119\u0142a je\u017adzi\u0107 z Starr w tras\u0119 jako wokalistka wspieraj\u0105ca. <\/b><span style=\"font-weight: 400;\">To w\u0142a\u015bnie Brenda K. Starr pomog\u0142a jej r\u00f3wnie\u017c dosta\u0107 si\u0119 na imprez\u0119 bran\u017cow\u0105, podczas kt\u00f3rej Mariah przekaza\u0142a swoje demo Tommy\u2019emu Mottoli z Columbia Records. Mottola ods\u0142ucha\u0142 kaset\u0119 w samochodzie, wr\u00f3ci\u0142 na imprez\u0119, \u017ceby znale\u017a\u0107 jej w\u0142a\u015bcicielk\u0119. Reszt\u0119 historii ju\u017c znasz.<\/span><\/p>\n<\/div>\n            <\/div>\n        <\/div>\n    <\/div>\n<\/section>\n\n\n<figure class=\"wp-block-embed is-type-video is-provider-youtube wp-block-embed-youtube wp-embed-aspect-4-3 wp-has-aspect-ratio\"><div class=\"wp-block-embed__wrapper\">\n<iframe loading=\"lazy\" title=\"Mariah Carey - Without You (Official HD Music Video)\" width=\"500\" height=\"375\" src=\"https:\/\/www.youtube.com\/embed\/Hat1Hc9SNwE?feature=oembed\" frameborder=\"0\" allow=\"accelerometer; autoplay; clipboard-write; encrypted-media; gyroscope; picture-in-picture; web-share\" referrerpolicy=\"strict-origin-when-cross-origin\" allowfullscreen><\/iframe>\n<\/div><\/figure>\n\n\n<section class=\"gap-block  section-margin-32 section-margin-32\"><\/section>\n\n\n<section class=\"text-block  section-margin-32\" >\n    <div class=\"container\">\n        <div class=\"row\">\n            <div class=\"col-24\">\n                <div class=\"text-block__content\"><h2><strong>Sheryl Crow. Najpierw w tle u Michaela Jacksona, p\u00f3\u017aniej na \u015brodku w\u0142asnej sceny<\/strong><\/h2>\n<p><span style=\"font-weight: 400;\">W przypadku Sheryl Crow droga do kariery prowadzi\u0142a przez jeden z najwi\u0119kszych koncertowych spektakli lat 80.<\/span><\/p>\n<p><span style=\"font-weight: 400;\">Po studiach Crow przeprowadzi\u0142a si\u0119 do Los Angeles. Nie zna\u0142a tam w\u0142a\u015bciwie nikogo, ale szybko zacz\u0119\u0142a szuka\u0107 mo\u017cliwo\u015bci pracy jako wokalistka. Po oko\u0142o sze\u015bciu miesi\u0105cach uda\u0142o jej si\u0119 dosta\u0107 na zamkni\u0119te przes\u0142uchanie i <\/span><b>zdoby\u0107 posad\u0119 ch\u00f3rzystki podczas \u015bwiatowej trasy Michaela Jacksona Bad w 1987 roku<\/b><span style=\"font-weight: 400;\">. Jak zacz\u0105\u0107, to z rozmachem, prawda?<\/span><\/p>\n<p><span style=\"font-weight: 400;\">To oznacza\u0142o wyst\u0119py przed ogromn\u0105 publiczno\u015bci\u0105 i prac\u0119 przy trasie jednej z najwi\u0119kszych gwiazd \u015bwiata. Jednocze\u015bnie <\/span><b>Crow po latach nie przedstawia\u0142a tej pracy jako spe\u0142nienia swoich muzycznych ambicji<\/b><span style=\"font-weight: 400;\">. Wr\u0119cz przeciwnie \u2013 w rozmowie z <\/span><i><span style=\"font-weight: 400;\">Entertainment Weekly<\/span><\/i><span style=\"font-weight: 400;\"> krytycznie opisywa\u0142a rol\u0119 ch\u00f3rzystki, wskazuj\u0105c, \u017ce samo \u015bpiewanie w ch\u00f3rkach, przygotowana przez kogo\u015b dla kogo\u015b innego choreografia i sceniczny wizerunek sp\u00f3jny z zamys\u0142em g\u0142\u00f3wnego artysty niekoniecznie maj\u0105 wiele wsp\u00f3lnego z tym, czym dla niej by\u0142o bycie muzykiem.<\/span><\/p>\n<p><span style=\"font-weight: 400;\">Jej przygoda z Jacksonem mia\u0142a jednak jeszcze jeden ciekawy moment. Podczas koncert\u00f3w Crow dosta\u0142a <\/span><b>mo\u017cliwo\u015b\u0107 za\u015bpiewania z nim duetu <\/b><b><i>I Just Can&#8217;t Stop Loving You<\/i><\/b><span style=\"font-weight: 400;\">. Robi\u0142a to wielokrotnie podczas tej trasy. Dzi\u0119ki temu ju\u017c wtedy budowa\u0142a w\u0142asn\u0105 rozpoznawalno\u015b\u0107.<\/span><\/p>\n<\/div>\n            <\/div>\n        <\/div>\n    <\/div>\n<\/section>\n\n\n<figure class=\"wp-block-embed is-type-video is-provider-youtube wp-block-embed-youtube wp-embed-aspect-16-9 wp-has-aspect-ratio\"><div class=\"wp-block-embed__wrapper\">\n<iframe loading=\"lazy\" title=\"Michael Jackson - I Just Cant Stop Loving You - Live Wembley 1988 - HD\" width=\"500\" height=\"281\" src=\"https:\/\/www.youtube.com\/embed\/A1MGCNYU4WE?feature=oembed\" frameborder=\"0\" allow=\"accelerometer; autoplay; clipboard-write; encrypted-media; gyroscope; picture-in-picture; web-share\" referrerpolicy=\"strict-origin-when-cross-origin\" allowfullscreen><\/iframe>\n<\/div><\/figure>\n\n\n<section class=\"gap-block  section-margin-32 section-margin-32\"><\/section>\n\n\n<section class=\"tickets-slider  section-margin-32\"\n    data-tickets-slider\n    data-item-list-name=\"Karuzela z buttonami\"\n    data-item-list-id=\"karuzela_z_buttonami\"\n    >\n    <div class=\"container\">\n        <div class=\"row\">\n            <div class=\"col-24\">\n                <div class=\"tickets-slider__main\">\n                    <div class=\"tickets-slider__nav tickets-slider__nav--prev\">\n                        <div class=\"button button--withIcon button--theme-white-blur button--size-fixed-48\" data-tickets-slider-prev>\n                            <span class=\"button__icon icon icon-chevron-left\"><\/span>\n                        <\/div>\n                    <\/div>\n                    <div class=\"tickets-slider__nav tickets-slider__nav--next\">\n                        <div class=\"button button--withIcon button--theme-white-blur button--size-fixed-48\" data-tickets-slider-next>\n                            <span class=\"button__icon icon icon-chevron-right\"><\/span>\n                        <\/div>\n                    <\/div>\n                    <div class=\"tickets-slider__slider swiper\" data-tickets-slider-slider>\n                        <div class=\"tickets-slider__sliderWrapper swiper-wrapper\">\n                                                            <div class=\"tickets-slider__sliderItem swiper-slide\"\n                                    data-id=\"25243\"\n                                    data-name=\"Michael! - The best of Michael Jackson\"\n                                    data-brand=\"\"\n                                    data-category=\"muzyka\"\n                                    data-subcategory=\"pop\"\n                                    data-city=\"Wroc\u0142aw\"\n                                    data-venue=\"\">\n                                    <div class=\"tickets-slider__sliderCard\">\n                                        \n<div class=\"card-ticket\">\n        <div class=\"card-ticket__image\">\n        <a href=\"https:\/\/www.ebilet.pl\/muzyka\/pop\/michael-jackson\">\n            <img decoding=\"async\" src=\"https:\/\/www.ebilet.pl\/media\/cms\/media\/2znj3ih3\/600x850-14-1-fe662008-167d-4e19-8f41-e00149644951.webp\" alt=\"Plakat wydarzenia\" \/>\n        <\/a>\n    <\/div>\n             \n    <div class=\"card-ticket__link\">\n        <a href=\"https:\/\/www.ebilet.pl\/muzyka\/pop\/michael-jackson\" class=\"button button--theme-primary-yellow button--withIconLeft button--size-small\">\n            <span class=\"button__icon icon icon-ticket\"><\/span>\n            <p class=\"button__text typo-16 f-600\">Kup bilet<\/p>\n        <\/a>\n    <\/div>\n    <\/div>                                    <\/div>\n                                <\/div>\n                                                            <div class=\"tickets-slider__sliderItem swiper-slide\"\n                                    data-id=\"207656\"\n                                    data-name=\"Koncert przy \u015bwiecach: Tribute to Michael Jackson\"\n                                    data-brand=\"\"\n                                    data-category=\"muzyka\"\n                                    data-subcategory=\"pop\"\n                                    data-city=\"K\u0119dzierzyn-Ko\u017ale, Kliczk\u00f3w, Lublin i inne\"\n                                    data-venue=\"\">\n                                    <div class=\"tickets-slider__sliderCard\">\n                                        \n<div class=\"card-ticket\">\n        <div class=\"card-ticket__image\">\n        <a href=\"https:\/\/www.ebilet.pl\/muzyka\/pop\/tribute-to-michael-jackson-przy-swiecach\">\n            <img decoding=\"async\" src=\"https:\/\/www.ebilet.pl\/media\/cms\/media\/l0hbgqt2\/tribute-to-michael-jackson-2-1f88c897-2f7a-4fe7-b5f1-deb62b7baa0f.webp\" alt=\"Plakat wydarzenia\" \/>\n        <\/a>\n    <\/div>\n             \n    <div class=\"card-ticket__link\">\n        <a href=\"https:\/\/www.ebilet.pl\/muzyka\/pop\/tribute-to-michael-jackson-przy-swiecach\" class=\"button button--theme-primary-yellow button--withIconLeft button--size-small\">\n            <span class=\"button__icon icon icon-ticket\"><\/span>\n            <p class=\"button__text typo-16 f-600\">Kup bilet<\/p>\n        <\/a>\n    <\/div>\n    <\/div>                                    <\/div>\n                                <\/div>\n                                                    <\/div>\n                    <\/div>\n                <\/div>\n            <\/div>\n        <\/div>\n    <\/div>\n<\/section>\n\n\n<section class=\"text-block  section-margin-32\" >\n    <div class=\"container\">\n        <div class=\"row\">\n            <div class=\"col-24\">\n                <div class=\"text-block__content\"><h2><strong>Luther Vandross. G\u0142os z drugiego planu, kt\u00f3ry w ko\u0144cu sta\u0142 si\u0119 pierwszoplanowy<\/strong><\/h2>\n<p><span style=\"font-weight: 400;\">Luther Vandross jest jednym z najlepszych przyk\u0142ad\u00f3w na to, \u017ce rola wokalisty wspieraj\u0105cego mo\u017ce by\u0107 nie tyle pocz\u0105tkiem kariery, ile jej d\u0142ugim etapem.<\/span><\/p>\n<p><span style=\"font-weight: 400;\">Zanim sta\u0142 si\u0119 jedn\u0105 z najwa\u017cniejszych postaci R&amp;B, Vandross pracowa\u0142 jako wokalista wspieraj\u0105cy i songwriter. Jednym z wa\u017cnych moment\u00f3w jego kariery by\u0142o <\/span><b>zaanga\u017cowanie do pracy przy albumie Davida Bowiego <\/b><b><i>Young Americans<\/i><\/b><span style=\"font-weight: 400;\">. To w\u0142a\u015bnie dzi\u0119ki temu jego g\u0142os us\u0142yszeli znacznie szerzej odbiorcy muzyki pop.\u00a0<\/span><\/p>\n<p><span style=\"font-weight: 400;\">Vandross nie ogranicza\u0142 si\u0119 zreszt\u0105 do jednego artysty. <\/span><b>Przez lata jego nazwisko pojawia\u0142o si\u0119 w\u015br\u00f3d muzyk\u00f3w i wokalist\u00f3w wsp\u00f3\u0142pracuj\u0105cych z wielkimi gwiazdami.<\/b><span style=\"font-weight: 400;\"> Zanim wi\u0119c zacz\u0105\u0142 nagrywa\u0107 jako Luther Vandross, by\u0142 cz\u0119\u015bci\u0105 muzycznego zaplecza innych wykonawc\u00f3w. Dzi\u0119ki temu jego g\u0142os zaczyna\u0142 by\u0107 znany, a on sam nabiera\u0142 do\u015bwiadczenia.\u00a0<\/span><\/p>\n<p><span style=\"font-weight: 400;\">P\u00f3\u017aniej sytuacja si\u0119 odwr\u00f3ci\u0142a. W 1981 roku wyda\u0142 album <\/span><i><span style=\"font-weight: 400;\">Never Too Much<\/span><\/i><span style=\"font-weight: 400;\">, a tytu\u0142owy utw\u00f3r sta\u0142 si\u0119 jednym z jego najwi\u0119kszych przeboj\u00f3w.\u00a0<\/span><\/p>\n<\/div>\n            <\/div>\n        <\/div>\n    <\/div>\n<\/section>\n\n\n<figure class=\"wp-block-embed is-type-video is-provider-youtube wp-block-embed-youtube wp-embed-aspect-4-3 wp-has-aspect-ratio\"><div class=\"wp-block-embed__wrapper\">\n<iframe loading=\"lazy\" title=\"Luther Vandross - Endless Love (Official HD Video)\" width=\"500\" height=\"375\" src=\"https:\/\/www.youtube.com\/embed\/nScV1qu-MZQ?feature=oembed\" frameborder=\"0\" allow=\"accelerometer; autoplay; clipboard-write; encrypted-media; gyroscope; picture-in-picture; web-share\" referrerpolicy=\"strict-origin-when-cross-origin\" allowfullscreen><\/iframe>\n<\/div><\/figure>\n\n\n<section class=\"gap-block  section-margin-32 section-margin-32\"><\/section>\n\n\n<section class=\"text-block  section-margin-32\" >\n    <div class=\"container\">\n        <div class=\"row\">\n            <div class=\"col-24\">\n                <div class=\"text-block__content\"><h2><strong>Cher. Zanim zacz\u0119\u0142a \u015bpiewa\u0107 w\u0142asne hity, \u015bpiewa\u0142a w cudzych<\/strong><\/h2>\n<p><span style=\"font-weight: 400;\">Cher r\u00f3wnie\u017c ma na swoim koncie epizod z drugiego planu \u2013 i to zanim razem z Sonnym Bono stworzy\u0142a jeden z najbardziej rozpoznawalnych duet\u00f3w w historii popu.<\/span><\/p>\n<p><span style=\"font-weight: 400;\">Na pocz\u0105tku lat 60. m\u0142oda Cher pojawia\u0142a si\u0119 jako wokalistka sesyjna. Jej g\u0142os mo\u017cna us\u0142ysze\u0107 mi\u0119dzy innymi <\/span><b>w nagraniach zwi\u0105zanych z produkcjami Phila Spectora<\/b><span style=\"font-weight: 400;\">. W\u015br\u00f3d utwor\u00f3w, przy kt\u00f3rych mia\u0142a wykonywa\u0107 ch\u00f3rki, wymienia si\u0119 m.in. <\/span><i><span style=\"font-weight: 400;\">Be My Baby<\/span><\/i><span style=\"font-weight: 400;\"> The Ronettes oraz <\/span><i><span style=\"font-weight: 400;\">You&#8217;ve Lost That Lovin&#8217; Feelin<\/span><\/i><span style=\"font-weight: 400;\"> The Righteous Brothers.<\/span><\/p>\n<p><span style=\"font-weight: 400;\">Cher w p\u00f3\u017aniejszym wywiadzie wspomina\u0142a, \u017ce podczas nagrywania <\/span><i><span style=\"font-weight: 400;\">Be My Baby<\/span><\/i><span style=\"font-weight: 400;\"> Spector <\/span><b>kaza\u0142 jej coraz bardziej odsuwa\u0107 si\u0119 od pozosta\u0142ych wokalistek, bo jej g\u0142os przebija\u0142 si\u0119 przez reszt\u0119 i by\u0142 znacznie bardziej s\u0142yszalny<\/b><span style=\"font-weight: 400;\">. To szczeg\u00f3lnie ciekawe, kiedy spojrzymy na p\u00f3\u017aniejsz\u0105 karier\u0119 Cher. Zamiast na zawsze pozosta\u0107 jednym z anonimowych g\u0142os\u00f3w w ch\u00f3rkach (w kt\u00f3rych by\u0142a \u201cza bardzo s\u0142yszana\u201d), sama sta\u0142a si\u0119 artystk\u0105, dzi\u0119ki czemu ju\u017c nikt nie kaza\u0142 jej si\u0119 chowa\u0107 w tle.<\/span><\/p>\n<\/div>\n            <\/div>\n        <\/div>\n    <\/div>\n<\/section>\n\n\n<figure class=\"wp-block-embed is-type-video is-provider-youtube wp-block-embed-youtube wp-embed-aspect-16-9 wp-has-aspect-ratio\"><div class=\"wp-block-embed__wrapper\">\n<iframe loading=\"lazy\" title=\"Cher - Believe (Official Music Video) [4K Remaster]\" width=\"500\" height=\"281\" src=\"https:\/\/www.youtube.com\/embed\/nZXRV4MezEw?feature=oembed\" frameborder=\"0\" allow=\"accelerometer; autoplay; clipboard-write; encrypted-media; gyroscope; picture-in-picture; web-share\" referrerpolicy=\"strict-origin-when-cross-origin\" allowfullscreen><\/iframe>\n<\/div><\/figure>\n\n\n<section class=\"gap-block  section-margin-32 section-margin-32\"><\/section>\n\n\n<section class=\"text-block  section-margin-32\" >\n    <div class=\"container\">\n        <div class=\"row\">\n            <div class=\"col-24\">\n                <div class=\"text-block__content\"><h2><strong>Nie ka\u017cdy chcia\u0142 wyj\u015b\u0107 z drugiego planu<\/strong><\/h2>\n<p><span style=\"font-weight: 400;\">Jednak historia ch\u00f3rzyst\u00f3w czy wokalist\u00f3w wspieraj\u0105cych nie zawsze ko\u0144czy si\u0119 przej\u015bciem na pierwszy plan. Dobrym przyk\u0142adem tego, \u017ce nie ka\u017cdy marzy o solowej karierze, jest <\/span><b>Lisa Fischer<\/b><span style=\"font-weight: 400;\">. W 1991 roku zdoby\u0142a Grammy za utw\u00f3r <\/span><i><span style=\"font-weight: 400;\">How Can I Ease the Pain<\/span><\/i><span style=\"font-weight: 400;\">, wi\u0119c teoretycznie mia\u0142a wszystko, czego potrzeba, \u017ceby rozpocz\u0105\u0107 wielk\u0105 solow\u0105 karier\u0119. A jednak z czasem wr\u00f3ci\u0142a do pracy jako wokalistka wspieraj\u0105ca. <\/span><b>\u015apiewa\u0142a mi\u0119dzy innymi z Tin\u0105 Turner, Lutherem Vandrossem, Chaka Khan, Stingiem i The Rolling Stones.<\/b><\/p>\n<p><span style=\"font-weight: 400;\">W dokumencie <\/span><i><span style=\"font-weight: 400;\">20 Feet from Stardom<\/span><\/i><span style=\"font-weight: 400;\"> Fischer m\u00f3wi\u0142a o tym, \u017ce<\/span><b> solowa kariera j\u0105 przera\u017ca\u0142a<\/b><span style=\"font-weight: 400;\">. Nie odpowiada\u0142a jej ca\u0142a biznesowa strona bycia gwiazd\u0105 \u2013 zajmowanie si\u0119 strategi\u0105, konieczno\u015b\u0107 podejmowania ci\u0105g\u0142ych decyzji i funkcjonowanie w \u015bwiecie, w kt\u00f3rym muzyka staje si\u0119 r\u00f3wnie\u017c produktem. Sama chcia\u0142a przede wszystkim mie\u0107 relacj\u0119 z muzyk\u0105, a to w\u0142a\u015bnie daje jej \u015bpiewanie w ch\u00f3rkach. Dla niej jest to spe\u0142nienie marze\u0144.\u00a0<\/span><\/p>\n<\/div>\n            <\/div>\n        <\/div>\n    <\/div>\n<\/section>\n\n\n<section class=\"tickets-slider  section-margin-32\"\n    data-tickets-slider\n    data-item-list-name=\"Karuzela z buttonami\"\n    data-item-list-id=\"karuzela_z_buttonami\"\n    >\n    <div class=\"container\">\n        <div class=\"row\">\n            <div class=\"col-24\">\n                <div class=\"tickets-slider__main\">\n                    <div class=\"tickets-slider__nav tickets-slider__nav--prev\">\n                        <div class=\"button button--withIcon button--theme-white-blur button--size-fixed-48\" data-tickets-slider-prev>\n                            <span class=\"button__icon icon icon-chevron-left\"><\/span>\n                        <\/div>\n                    <\/div>\n                    <div class=\"tickets-slider__nav tickets-slider__nav--next\">\n                        <div class=\"button button--withIcon button--theme-white-blur button--size-fixed-48\" data-tickets-slider-next>\n                            <span class=\"button__icon icon icon-chevron-right\"><\/span>\n                        <\/div>\n                    <\/div>\n                    <div class=\"tickets-slider__slider swiper\" data-tickets-slider-slider>\n                        <div class=\"tickets-slider__sliderWrapper swiper-wrapper\">\n                                                            <div class=\"tickets-slider__sliderItem swiper-slide\"\n                                    data-id=\"79110\"\n                                    data-name=\"Back to 90&#039;s - wiecz\u00f3r przeboj\u00f3w lat 90&#039;\u00a0\"\n                                    data-brand=\"SWIK Nasze Miasto Wroc\u0142aw\"\n                                    data-category=\"muzyka\"\n                                    data-subcategory=\"pop\"\n                                    data-city=\"Wroc\u0142aw\"\n                                    data-venue=\"Stary Klasztor\">\n                                    <div class=\"tickets-slider__sliderCard\">\n                                        \n<div class=\"card-ticket\">\n        <div class=\"card-ticket__image\">\n        <a href=\"https:\/\/www.ebilet.pl\/muzyka\/pop\/przeboje-lat-90\">\n            <img decoding=\"async\" src=\"https:\/\/www.ebilet.pl\/media\/cms\/media\/hs0jr44h\/post-14-1-dbe5eac9-117d-402a-8725-d904844f63e4.webp\" alt=\"Plakat wydarzenia\" \/>\n        <\/a>\n    <\/div>\n             \n    <div class=\"card-ticket__link\">\n        <a href=\"https:\/\/www.ebilet.pl\/muzyka\/pop\/przeboje-lat-90\" class=\"button button--theme-primary-yellow button--withIconLeft button--size-small\">\n            <span class=\"button__icon icon icon-ticket\"><\/span>\n            <p class=\"button__text typo-16 f-600\">Kup bilet<\/p>\n        <\/a>\n    <\/div>\n    <\/div>                                    <\/div>\n                                <\/div>\n                                                            <div class=\"tickets-slider__sliderItem swiper-slide\"\n                                    data-id=\"87678\"\n                                    data-name=\"Abba i Inni Symfonicznie II\"\n                                    data-brand=\"Agencja Brussa Jaros\u0142aw Brussa\"\n                                    data-category=\"muzyka\"\n                                    data-subcategory=\"pop\"\n                                    data-city=\"Ciechan\u00f3w, \u0141\u00f3d\u017a, Rzesz\u00f3w i inne\"\n                                    data-venue=\"Stara Kopalnia\">\n                                    <div class=\"tickets-slider__sliderCard\">\n                                        \n<div class=\"card-ticket\">\n        <div class=\"card-ticket__image\">\n        <a href=\"https:\/\/www.ebilet.pl\/muzyka\/pop\/abba\">\n            <img decoding=\"async\" src=\"https:\/\/www.ebilet.pl\/media\/cms\/media\/wsvcyviv\/renditiondownload-34-1-900fb0ed-d8f2-4d70-a4b2-66652acc0282.webp\" alt=\"Plakat wydarzenia\" \/>\n        <\/a>\n    <\/div>\n             \n    <div class=\"card-ticket__link\">\n        <a href=\"https:\/\/www.ebilet.pl\/muzyka\/pop\/abba\" class=\"button button--theme-primary-yellow button--withIconLeft button--size-small\">\n            <span class=\"button__icon icon icon-ticket\"><\/span>\n            <p class=\"button__text typo-16 f-600\">Kup bilet<\/p>\n        <\/a>\n    <\/div>\n    <\/div>                                    <\/div>\n                                <\/div>\n                                                            <div class=\"tickets-slider__sliderItem swiper-slide\"\n                                    data-id=\"97949\"\n                                    data-name=\"Whitney Houston Night\"\n                                    data-brand=\"SWIK Nasze Miasto Wroc\u0142aw\"\n                                    data-category=\"muzyka\"\n                                    data-subcategory=\"pop\"\n                                    data-city=\"Wroc\u0142aw\"\n                                    data-venue=\"Stary Klasztor\">\n                                    <div class=\"tickets-slider__sliderCard\">\n                                        \n<div class=\"card-ticket\">\n        <div class=\"card-ticket__image\">\n        <a href=\"https:\/\/www.ebilet.pl\/muzyka\/pop\/whitney-houston-night\">\n            <img decoding=\"async\" src=\"https:\/\/www.ebilet.pl\/media\/cms\/media\/nxhjm1nk\/600x850-8-49c5c765-7a93-49f0-bb71-4934b602477e.webp\" alt=\"Plakat wydarzenia\" \/>\n        <\/a>\n    <\/div>\n             \n    <div class=\"card-ticket__link\">\n        <a href=\"https:\/\/www.ebilet.pl\/muzyka\/pop\/whitney-houston-night\" class=\"button button--theme-primary-yellow button--withIconLeft button--size-small\">\n            <span class=\"button__icon icon icon-ticket\"><\/span>\n            <p class=\"button__text typo-16 f-600\">Kup bilet<\/p>\n        <\/a>\n    <\/div>\n    <\/div>                                    <\/div>\n                                <\/div>\n                                                            <div class=\"tickets-slider__sliderItem swiper-slide\"\n                                    data-id=\"48937\"\n                                    data-name=\"Micha\u0142 Wi\u015bniewski Akustycznie 4\"\n                                    data-brand=\"REDADLER SP\u00d3\u0141KA Z OGRANICZON\u0104 ODPOWIEDZIALNO\u015aCI\u0104\"\n                                    data-category=\"muzyka\"\n                                    data-subcategory=\"pop\"\n                                    data-city=\"Leszno, Przec\u0142aw\"\n                                    data-venue=\"Miejski O\u015brodek Kultury Leszno\">\n                                    <div class=\"tickets-slider__sliderCard\">\n                                        \n<div class=\"card-ticket\">\n        <div class=\"card-ticket__image\">\n        <a href=\"https:\/\/www.ebilet.pl\/muzyka\/pop\/michal-wisniewski\">\n            <img decoding=\"async\" src=\"https:\/\/www.ebilet.pl\/media\/cms\/media\/x0wbjb5i\/kopia-akustycznie-4-800-600-px-1-6ea63dca-bd24-3348-8baf-d0e2e5ebf8e3.webp\" alt=\"Plakat wydarzenia\" \/>\n        <\/a>\n    <\/div>\n             \n    <div class=\"card-ticket__link\">\n        <a href=\"https:\/\/www.ebilet.pl\/muzyka\/pop\/michal-wisniewski\" class=\"button button--theme-primary-yellow button--withIconLeft button--size-small\">\n            <span class=\"button__icon icon icon-ticket\"><\/span>\n            <p class=\"button__text typo-16 f-600\">Kup bilet<\/p>\n        <\/a>\n    <\/div>\n    <\/div>                                    <\/div>\n                                <\/div>\n                                                            <div class=\"tickets-slider__sliderItem swiper-slide\"\n                                    data-id=\"119171\"\n                                    data-name=\"S\u0142awek Uniatowski - THE BEST OF II - Ciechowski, Wodecki, Sinatra, Zaucha\"\n                                    data-brand=\"FUNDACJA \u201eUNIKULTURA\u201d\"\n                                    data-category=\"muzyka\"\n                                    data-subcategory=\"pop\"\n                                    data-city=\"Bia\u0142ystok, Bochnia, Jastrz\u0119bie-Zdr\u00f3j\"\n                                    data-venue=\"Aula Koncertowa WSFiZ w Bia\u0142ymstoku\">\n                                    <div class=\"tickets-slider__sliderCard\">\n                                        \n<div class=\"card-ticket\">\n        <div class=\"card-ticket__image\">\n        <a href=\"https:\/\/www.ebilet.pl\/muzyka\/pop\/uniatowski\">\n            <img decoding=\"async\" src=\"https:\/\/www.ebilet.pl\/media\/cms\/media\/ohnln4j5\/uniatowski-ebilet-pion-02908978-4c0b-4252-aae0-fbabab6a5a8e.webp\" alt=\"Plakat wydarzenia\" \/>\n        <\/a>\n    <\/div>\n             \n    <div class=\"card-ticket__link\">\n        <a href=\"https:\/\/www.ebilet.pl\/muzyka\/pop\/uniatowski\" class=\"button button--theme-primary-yellow button--withIconLeft button--size-small\">\n            <span class=\"button__icon icon icon-ticket\"><\/span>\n            <p class=\"button__text typo-16 f-600\">Kup bilet<\/p>\n        <\/a>\n    <\/div>\n    <\/div>                                    <\/div>\n                                <\/div>\n                                                            <div class=\"tickets-slider__sliderItem swiper-slide\"\n                                    data-id=\"20966\"\n                                    data-name=\"Mietek Szcze\u015bniak 40 lat na scenie\"\n                                    data-brand=\"Alicja Borowiec P.H.U. VOICES\"\n                                    data-category=\"muzyka\"\n                                    data-subcategory=\"pop\"\n                                    data-city=\"Bia\u0142ystok, Katowice, Szczecin\"\n                                    data-venue=\"Opera i Filharmonia Podlaska\">\n                                    <div class=\"tickets-slider__sliderCard\">\n                                        \n<div class=\"card-ticket\">\n        <div class=\"card-ticket__image\">\n        <a href=\"https:\/\/www.ebilet.pl\/muzyka\/pop\/mietek-szczesniak\">\n            <img decoding=\"async\" src=\"https:\/\/www.ebilet.pl\/media\/cms\/media\/bcdpirzh\/ebilet_552x736_mietek-szcze_niak-40-lat-na-scenie.webp\" alt=\"Plakat wydarzenia\" \/>\n        <\/a>\n    <\/div>\n             \n    <div class=\"card-ticket__link\">\n        <a href=\"https:\/\/www.ebilet.pl\/muzyka\/pop\/mietek-szczesniak\" class=\"button button--theme-primary-yellow button--withIconLeft button--size-small\">\n            <span class=\"button__icon icon icon-ticket\"><\/span>\n            <p class=\"button__text typo-16 f-600\">Kup bilet<\/p>\n        <\/a>\n    <\/div>\n    <\/div>                                    <\/div>\n                                <\/div>\n                                                            <div class=\"tickets-slider__sliderItem swiper-slide\"\n                                    data-id=\"156822\"\n                                    data-name=\"Koncert przy \u015bwiecach: Najwi\u0119ksze hity Adele\"\n                                    data-brand=\"Candle Live Music\"\n                                    data-category=\"muzyka\"\n                                    data-subcategory=\"pop\"\n                                    data-city=\"P\u0142ock, Wroc\u0142aw\"\n                                    data-venue=\"Parafia Ewangelicko-Augsburska Opatrzno\u015bci Bo\u017cej we Wroc\u0142awiu\">\n                                    <div class=\"tickets-slider__sliderCard\">\n                                        \n<div class=\"card-ticket\">\n        <div class=\"card-ticket__image\">\n        <a href=\"https:\/\/www.ebilet.pl\/muzyka\/pop\/koncert-przy-swiecach-adele\">\n            <img decoding=\"async\" src=\"https:\/\/www.ebilet.pl\/media\/cms\/media\/xbyoth0n\/adele-552-x-736-px-28ca7dfa-24ec-4682-b4f3-e29f2ea23065.webp\" alt=\"Plakat wydarzenia\" \/>\n        <\/a>\n    <\/div>\n             \n    <div class=\"card-ticket__link\">\n        <a href=\"https:\/\/www.ebilet.pl\/muzyka\/pop\/koncert-przy-swiecach-adele\" class=\"button button--theme-primary-yellow button--withIconLeft button--size-small\">\n            <span class=\"button__icon icon icon-ticket\"><\/span>\n            <p class=\"button__text typo-16 f-600\">Kup bilet<\/p>\n        <\/a>\n    <\/div>\n    <\/div>                                    <\/div>\n                                <\/div>\n                                                            <div class=\"tickets-slider__sliderItem swiper-slide\"\n                                    data-id=\"160689\"\n                                    data-name=\"M\u0119skie Brzmienia\"\n                                    data-brand=\"Music Everywhere Sp. z o.o.\"\n                                    data-category=\"muzyka\"\n                                    data-subcategory=\"pop\"\n                                    data-city=\"Pozna\u0144, Warszawa\"\n                                    data-venue=\"Scena Relax\">\n                                    <div class=\"tickets-slider__sliderCard\">\n                                        \n<div class=\"card-ticket\">\n        <div class=\"card-ticket__image\">\n        <a href=\"https:\/\/www.ebilet.pl\/muzyka\/pop\/meskie-brzmienia\">\n            <img decoding=\"async\" src=\"https:\/\/www.ebilet.pl\/media\/cms\/media\/j1aouyh1\/ebilet2-552-x-736-8d3e43e4-ad67-4d15-bb22-2990b0a3456b.webp\" alt=\"Plakat wydarzenia\" \/>\n        <\/a>\n    <\/div>\n             \n    <div class=\"card-ticket__link\">\n        <a href=\"https:\/\/www.ebilet.pl\/muzyka\/pop\/meskie-brzmienia\" class=\"button button--theme-primary-yellow button--withIconLeft button--size-small\">\n            <span class=\"button__icon icon icon-ticket\"><\/span>\n            <p class=\"button__text typo-16 f-600\">Kup bilet<\/p>\n        <\/a>\n    <\/div>\n    <\/div>                                    <\/div>\n                                <\/div>\n                                                            <div class=\"tickets-slider__sliderItem swiper-slide\"\n                                    data-id=\"149973\"\n                                    data-name=\"Micha\u0142 Wi\u015bniewski Akustycznie V czyli (nie)Moje Przeboje\"\n                                    data-brand=\"REDADLER SP\u00d3\u0141KA Z OGRANICZON\u0104 ODPOWIEDZIALNO\u015aCI\u0104\"\n                                    data-category=\"muzyka\"\n                                    data-subcategory=\"pop\"\n                                    data-city=\"Cz\u0119stochowa, Ko\u0142o\"\n                                    data-venue=\"Akademickie Centrum Kultury i Sportu Politechniki Cz\u0119stochowskiej\">\n                                    <div class=\"tickets-slider__sliderCard\">\n                                        \n<div class=\"card-ticket\">\n        <div class=\"card-ticket__image\">\n        <a href=\"https:\/\/www.ebilet.pl\/muzyka\/pop\/michal-wisniewski-koncert\">\n            <img decoding=\"async\" src=\"https:\/\/www.ebilet.pl\/media\/cms\/media\/n4mljfkk\/unnamed-2-c899e839-6798-4c77-8995-1fdeef7dfc9a.webp\" alt=\"Plakat wydarzenia\" \/>\n        <\/a>\n    <\/div>\n             \n    <div class=\"card-ticket__link\">\n        <a href=\"https:\/\/www.ebilet.pl\/muzyka\/pop\/michal-wisniewski-koncert\" class=\"button button--theme-primary-yellow button--withIconLeft button--size-small\">\n            <span class=\"button__icon icon icon-ticket\"><\/span>\n            <p class=\"button__text typo-16 f-600\">Kup bilet<\/p>\n        <\/a>\n    <\/div>\n    <\/div>                                    <\/div>\n                                <\/div>\n                                                            <div class=\"tickets-slider__sliderItem swiper-slide\"\n                                    data-id=\"165817\"\n                                    data-name=\"Ballady Mi\u0142o\u015bci - Koncert Walentynkowy\"\n                                    data-brand=\"TARGREM SP\u00d3\u0141KA Z OGRANICZON\u0104 ODPOWIEDZIALNO\u015aCI\u0104\"\n                                    data-category=\"muzyka\"\n                                    data-subcategory=\"pop\"\n                                    data-city=\"Bia\u0142ystok, Warszawa\"\n                                    data-venue=\"Aula Koncertowa WSFiZ w Bia\u0142ymstoku\">\n                                    <div class=\"tickets-slider__sliderCard\">\n                                        \n<div class=\"card-ticket\">\n        <div class=\"card-ticket__image\">\n        <a href=\"https:\/\/www.ebilet.pl\/muzyka\/pop\/ballady-milosci\">\n            <img decoding=\"async\" src=\"https:\/\/www.ebilet.pl\/media\/cms\/media\/ofznuoy5\/552x736-1-1-c02dc944-efc8-403a-b16f-ac2b2295b1c1.webp\" alt=\"Plakat wydarzenia\" \/>\n        <\/a>\n    <\/div>\n             \n    <div class=\"card-ticket__link\">\n        <a href=\"https:\/\/www.ebilet.pl\/muzyka\/pop\/ballady-milosci\" class=\"button button--theme-primary-yellow button--withIconLeft button--size-small\">\n            <span class=\"button__icon icon icon-ticket\"><\/span>\n            <p class=\"button__text typo-16 f-600\">Kup bilet<\/p>\n        <\/a>\n    <\/div>\n    <\/div>                                    <\/div>\n                                <\/div>\n                                                            <div class=\"tickets-slider__sliderItem swiper-slide\"\n                                    data-id=\"164643\"\n                                    data-name=\"Love songs przy \u015awiecach\"\n                                    data-brand=\"Royal Tributes Sp. z o.o.\"\n                                    data-category=\"muzyka\"\n                                    data-subcategory=\"pop\"\n                                    data-city=\"Bydgoszcz, Lublin, Nysa i inne\"\n                                    data-venue=\"Filharmonia im. H. Wieniawskiego w Lublinie\">\n                                    <div class=\"tickets-slider__sliderCard\">\n                                        \n<div class=\"card-ticket\">\n        <div class=\"card-ticket__image\">\n        <a href=\"https:\/\/www.ebilet.pl\/muzyka\/pop\/love-songs-przy-swiecach\">\n            <img decoding=\"async\" src=\"https:\/\/www.ebilet.pl\/media\/cms\/media\/52nbinll\/552x736-28d01cf1-ea91-445d-aaa1-2ead9537af4e.webp\" alt=\"Plakat wydarzenia\" \/>\n        <\/a>\n    <\/div>\n             \n    <div class=\"card-ticket__link\">\n        <a href=\"https:\/\/www.ebilet.pl\/muzyka\/pop\/love-songs-przy-swiecach\" class=\"button button--theme-primary-yellow button--withIconLeft button--size-small\">\n            <span class=\"button__icon icon icon-ticket\"><\/span>\n            <p class=\"button__text typo-16 f-600\">Kup bilet<\/p>\n        <\/a>\n    <\/div>\n    <\/div>                                    <\/div>\n                                <\/div>\n                                                            <div class=\"tickets-slider__sliderItem swiper-slide\"\n                                    data-id=\"178334\"\n                                    data-name=\"Muzyka Michaela Jacksona na 28. pi\u0119trze\"\n                                    data-brand=\"SVITLO CONCERT Sp. z o.o.\"\n                                    data-category=\"muzyka\"\n                                    data-subcategory=\"pop\"\n                                    data-city=\"Warszawa\"\n                                    data-venue=\"Sky Hall by Svitlo Concert\">\n                                    <div class=\"tickets-slider__sliderCard\">\n                                        \n<div class=\"card-ticket\">\n        <div class=\"card-ticket__image\">\n        <a href=\"https:\/\/www.ebilet.pl\/muzyka\/pop\/muzyka-michaela-jacksona\">\n            <img decoding=\"async\" src=\"https:\/\/www.ebilet.pl\/media\/cms\/media\/nrhcdz3u\/552_736-michael-jackson-9ffa6af2-17b9-4e0f-9762-3d6ea8297072.webp\" alt=\"Plakat wydarzenia\" \/>\n        <\/a>\n    <\/div>\n             \n    <div class=\"card-ticket__link\">\n        <a href=\"https:\/\/www.ebilet.pl\/muzyka\/pop\/muzyka-michaela-jacksona\" class=\"button button--theme-primary-yellow button--withIconLeft button--size-small\">\n            <span class=\"button__icon icon icon-ticket\"><\/span>\n            <p class=\"button__text typo-16 f-600\">Kup bilet<\/p>\n        <\/a>\n    <\/div>\n    <\/div>                                    <\/div>\n                                <\/div>\n                                                            <div class=\"tickets-slider__sliderItem swiper-slide\"\n                                    data-id=\"178116\"\n                                    data-name=\"Muzyka Adele i Amy Winehouse na 28. pi\u0119trze\"\n                                    data-brand=\"SVITLO CONCERT Sp. z o.o.\"\n                                    data-category=\"muzyka\"\n                                    data-subcategory=\"pop\"\n                                    data-city=\"Warszawa\"\n                                    data-venue=\"Sky Hall by Svitlo Concert\">\n                                    <div class=\"tickets-slider__sliderCard\">\n                                        \n<div class=\"card-ticket\">\n        <div class=\"card-ticket__image\">\n        <a href=\"https:\/\/www.ebilet.pl\/muzyka\/pop\/muzyka-adele-i-amy-winehouse\">\n            <img decoding=\"async\" src=\"https:\/\/www.ebilet.pl\/media\/cms\/media\/001c4fs1\/552_736-adele-i-amy-winehouse-bd392d09-5c84-4cbc-9e0f-02231d6a2bd6.webp\" alt=\"Plakat wydarzenia\" \/>\n        <\/a>\n    <\/div>\n             \n    <div class=\"card-ticket__link\">\n        <a href=\"https:\/\/www.ebilet.pl\/muzyka\/pop\/muzyka-adele-i-amy-winehouse\" class=\"button button--theme-primary-yellow button--withIconLeft button--size-small\">\n            <span class=\"button__icon icon icon-ticket\"><\/span>\n            <p class=\"button__text typo-16 f-600\">Kup bilet<\/p>\n        <\/a>\n    <\/div>\n    <\/div>                                    <\/div>\n                                <\/div>\n                                                            <div class=\"tickets-slider__sliderItem swiper-slide\"\n                                    data-id=\"154840\"\n                                    data-name=\"The Magic of Disco\"\n                                    data-brand=\"Solaris Music Management \"\n                                    data-category=\"muzyka\"\n                                    data-subcategory=\"pop\"\n                                    data-city=\"Bydgoszcz, Gdynia, Gorz\u00f3w Wielkopolski i inne\"\n                                    data-venue=\"Stegu Arena\">\n                                    <div class=\"tickets-slider__sliderCard\">\n                                        \n<div class=\"card-ticket\">\n        <div class=\"card-ticket__image\">\n        <a href=\"https:\/\/www.ebilet.pl\/muzyka\/pop\/the-magic-of-disco\">\n            <img decoding=\"async\" src=\"https:\/\/www.ebilet.pl\/media\/cms\/media\/riofi3of\/disco_ebilet_krakow_21022026_552_736-8ef61ae1-3cc4-4f66-8323-a30c9eaffbad.webp\" alt=\"Plakat wydarzenia\" \/>\n        <\/a>\n    <\/div>\n             \n    <div class=\"card-ticket__link\">\n        <a href=\"https:\/\/www.ebilet.pl\/muzyka\/pop\/the-magic-of-disco\" class=\"button button--theme-primary-yellow button--withIconLeft button--size-small\">\n            <span class=\"button__icon icon icon-ticket\"><\/span>\n            <p class=\"button__text typo-16 f-600\">Kup bilet<\/p>\n        <\/a>\n    <\/div>\n    <\/div>                                    <\/div>\n                                <\/div>\n                                                            <div class=\"tickets-slider__sliderItem swiper-slide\"\n                                    data-id=\"61029\"\n                                    data-name=\"Thomas Anders from Modern Talking &amp; Band - 40-lecie Modern Talking\"\n                                    data-brand=\"Solaris Music Management \"\n                                    data-category=\"muzyka\"\n                                    data-subcategory=\"pop\"\n                                    data-city=\"Bydgoszcz, Cz\u0119stochowa, Jasionka i inne\"\n                                    data-venue=\"ZEN.COM Expo Centrum Wystawienniczo Kongresowe w Jasionce\">\n                                    <div class=\"tickets-slider__sliderCard\">\n                                        \n<div class=\"card-ticket\">\n        <div class=\"card-ticket__image\">\n        <a href=\"https:\/\/www.ebilet.pl\/muzyka\/pop\/modern-talking-band\">\n            <img decoding=\"async\" src=\"https:\/\/www.ebilet.pl\/media\/cms\/media\/s1eariar\/thomas_anders_ebilet_552_736_new-97ca17d0-926a-4b1e-bcd7-b4d6324c2a9f.webp\" alt=\"Plakat wydarzenia\" \/>\n        <\/a>\n    <\/div>\n             \n    <div class=\"card-ticket__link\">\n        <a href=\"https:\/\/www.ebilet.pl\/muzyka\/pop\/modern-talking-band\" class=\"button button--theme-primary-yellow button--withIconLeft button--size-small\">\n            <span class=\"button__icon icon icon-ticket\"><\/span>\n            <p class=\"button__text typo-16 f-600\">Kup bilet<\/p>\n        <\/a>\n    <\/div>\n    <\/div>                                    <\/div>\n                                <\/div>\n                                                            <div class=\"tickets-slider__sliderItem swiper-slide\"\n                                    data-id=\"23158\"\n                                    data-name=\"Muzyka George&#039;a Michaela i Stinga na 28. pi\u0119trze przy \u015bwiecach\"\n                                    data-brand=\"SVITLO CONCERT Sp. z o.o.\"\n                                    data-category=\"muzyka\"\n                                    data-subcategory=\"pop\"\n                                    data-city=\"Warszawa\"\n                                    data-venue=\"Sky Hall by Svitlo Concert\">\n                                    <div class=\"tickets-slider__sliderCard\">\n                                        \n<div class=\"card-ticket\">\n        <div class=\"card-ticket__image\">\n        <a href=\"https:\/\/www.ebilet.pl\/muzyka\/pop\/tribute-to-george-michael\">\n            <img decoding=\"async\" src=\"https:\/\/www.ebilet.pl\/media\/cms\/media\/mlwjpuyc\/552_736-georg-michael_sting-1-d8ce893e-5dc6-4d72-b4c1-b526fb055d4f.webp\" alt=\"Plakat wydarzenia\" \/>\n        <\/a>\n    <\/div>\n             \n    <div class=\"card-ticket__link\">\n        <a href=\"https:\/\/www.ebilet.pl\/muzyka\/pop\/tribute-to-george-michael\" class=\"button button--theme-primary-yellow button--withIconLeft button--size-small\">\n            <span class=\"button__icon icon icon-ticket\"><\/span>\n            <p class=\"button__text typo-16 f-600\">Kup bilet<\/p>\n        <\/a>\n    <\/div>\n    <\/div>                                    <\/div>\n                                <\/div>\n                                                            <div class=\"tickets-slider__sliderItem swiper-slide\"\n                                    data-id=\"182912\"\n                                    data-name=\"Za Starzy Na Techno\"\n                                    data-brand=\"DANCE ADVENTURES \u0141UKASZ S\u0141ANIEWSKI\"\n                                    data-category=\"muzyka\"\n                                    data-subcategory=\"pop\"\n                                    data-city=\"Bia\u0142ystok, Gda\u0144sk, Krak\u00f3w i inne\"\n                                    data-venue=\"Willa w parku\">\n                                    <div class=\"tickets-slider__sliderCard\">\n                                        \n<div class=\"card-ticket\">\n        <div class=\"card-ticket__image\">\n        <a href=\"https:\/\/www.ebilet.pl\/muzyka\/pop\/za-starzy-na-techno\">\n            <img decoding=\"async\" src=\"https:\/\/www.ebilet.pl\/media\/cms\/media\/b5ydr2vh\/zaczynamy-o-1600-kon-czymy-o-2200-65bcd0f3-1121-45c0-b64d-a0684a008bd4.webp\" alt=\"Plakat wydarzenia\" \/>\n        <\/a>\n    <\/div>\n             \n    <div class=\"card-ticket__link\">\n        <a href=\"https:\/\/www.ebilet.pl\/muzyka\/pop\/za-starzy-na-techno\" class=\"button button--theme-primary-yellow button--withIconLeft button--size-small\">\n            <span class=\"button__icon icon icon-ticket\"><\/span>\n            <p class=\"button__text typo-16 f-600\">Kup bilet<\/p>\n        <\/a>\n    <\/div>\n    <\/div>                                    <\/div>\n                                <\/div>\n                                                            <div class=\"tickets-slider__sliderItem swiper-slide\"\n                                    data-id=\"179447\"\n                                    data-name=\"RETELEVSKI\"\n                                    data-brand=\"Micha\u0142 Retelewski\"\n                                    data-category=\"muzyka\"\n                                    data-subcategory=\"pop\"\n                                    data-city=\"Kielce, Mys\u0142owice, Starachowice\"\n                                    data-venue=\"Park Kultury\">\n                                    <div class=\"tickets-slider__sliderCard\">\n                                        \n<div class=\"card-ticket\">\n        <div class=\"card-ticket__image\">\n        <a href=\"https:\/\/www.ebilet.pl\/muzyka\/pop\/retelevski\">\n            <img decoding=\"async\" src=\"https:\/\/www.ebilet.pl\/media\/cms\/media\/xbglkhgj\/552-ret-cc5c3e85-b3e7-48cb-b0ad-70aae0736ee9.webp\" alt=\"Plakat wydarzenia\" \/>\n        <\/a>\n    <\/div>\n             \n    <div class=\"card-ticket__link\">\n        <a href=\"https:\/\/www.ebilet.pl\/muzyka\/pop\/retelevski\" class=\"button button--theme-primary-yellow button--withIconLeft button--size-small\">\n            <span class=\"button__icon icon icon-ticket\"><\/span>\n            <p class=\"button__text typo-16 f-600\">Kup bilet<\/p>\n        <\/a>\n    <\/div>\n    <\/div>                                    <\/div>\n                                <\/div>\n                                                            <div class=\"tickets-slider__sliderItem swiper-slide\"\n                                    data-id=\"172365\"\n                                    data-name=\"Alphaville - Forever Young\"\n                                    data-brand=\"Polor Studio Sp. z o.o.\"\n                                    data-category=\"muzyka\"\n                                    data-subcategory=\"pop\"\n                                    data-city=\"Gorz\u00f3w Wielkopolski, Lublin, Opole i inne\"\n                                    data-venue=\"Pawilon 3A MTP\">\n                                    <div class=\"tickets-slider__sliderCard\">\n                                        \n<div class=\"card-ticket\">\n        <div class=\"card-ticket__image\">\n        <a href=\"https:\/\/www.ebilet.pl\/muzyka\/pop\/alphaville\">\n            <img decoding=\"async\" src=\"https:\/\/www.ebilet.pl\/media\/cms\/media\/jkkiiixs\/552x736alp.webp\" alt=\"Plakat wydarzenia\" \/>\n        <\/a>\n    <\/div>\n             \n    <div class=\"card-ticket__link\">\n        <a href=\"https:\/\/www.ebilet.pl\/muzyka\/pop\/alphaville\" class=\"button button--theme-primary-yellow button--withIconLeft button--size-small\">\n            <span class=\"button__icon icon icon-ticket\"><\/span>\n            <p class=\"button__text typo-16 f-600\">Kup bilet<\/p>\n        <\/a>\n    <\/div>\n    <\/div>                                    <\/div>\n                                <\/div>\n                                                            <div class=\"tickets-slider__sliderItem swiper-slide\"\n                                    data-id=\"54874\"\n                                    data-name=\"Micha\u0142 Wi\u015bniewski Akustycznie\"\n                                    data-brand=\"REDADLER SP\u00d3\u0141KA Z OGRANICZON\u0104 ODPOWIEDZIALNO\u015aCI\u0104\"\n                                    data-category=\"muzyka\"\n                                    data-subcategory=\"pop\"\n                                    data-city=\"Brze\u015b\u0107 Kujawski, Inowroc\u0142aw, Jarocin i inne\"\n                                    data-venue=\"Teatr Ziemi Rybnickiej \">\n                                    <div class=\"tickets-slider__sliderCard\">\n                                        \n<div class=\"card-ticket\">\n        <div class=\"card-ticket__image\">\n        <a href=\"https:\/\/www.ebilet.pl\/muzyka\/pop\/michal-wisniewski-akustycznie\">\n            <img decoding=\"async\" src=\"https:\/\/www.ebilet.pl\/media\/cms\/media\/bx0jhydw\/552-x-736-px-2.webp\" alt=\"Plakat wydarzenia\" \/>\n        <\/a>\n    <\/div>\n             \n    <div class=\"card-ticket__link\">\n        <a href=\"https:\/\/www.ebilet.pl\/muzyka\/pop\/michal-wisniewski-akustycznie\" class=\"button button--theme-primary-yellow button--withIconLeft button--size-small\">\n            <span class=\"button__icon icon icon-ticket\"><\/span>\n            <p class=\"button__text typo-16 f-600\">Kup bilet<\/p>\n        <\/a>\n    <\/div>\n    <\/div>                                    <\/div>\n                                <\/div>\n                                                    <\/div>\n                    <\/div>\n                <\/div>\n            <\/div>\n        <\/div>\n    <\/div>\n<\/section>\n\n\n<section class=\"text-block  section-margin-32\" >\n    <div class=\"container\">\n        <div class=\"row\">\n            <div class=\"col-24\">\n                <div class=\"text-block__content\"><h2><strong>Dlaczego tak trudno przej\u015b\u0107 z ch\u00f3rk\u00f3w na pierwszy plan?<\/strong><\/h2>\n<p><span style=\"font-weight: 400;\">Praca wokalisty wspieraj\u0105cego wymaga zupe\u0142nie innych umiej\u0119tno\u015bci ni\u017c samo \u015bpiewanie. Trzeba doskonale s\u0142ucha\u0107 innych, dopasowywa\u0107 barw\u0119 g\u0142osu, trzyma\u0107 harmoni\u0119, wiedzie\u0107, kiedy si\u0119 wycofa\u0107 i \u2013 co r\u00f3wnie wa\u017cne \u2013 kiedy mocniej zaznaczy\u0107 swoj\u0105 obecno\u015b\u0107.<\/span><\/p>\n<p><span style=\"font-weight: 400;\">W dokumencie <\/span><i><span style=\"font-weight: 400;\">20 Feet from Stardom<\/span><\/i><span style=\"font-weight: 400;\"> Sting zwraca\u0142 uwag\u0119 na to, \u017ce przej\u015bcie z ty\u0142u sceny na jej \u015brodek jest czym\u015b wi\u0119cej ni\u017c fizycznym przesuni\u0119ciem si\u0119 kilka metr\u00f3w do przodu. To r\u00f3wnie\u017c <\/span><b>zmiana mentalna<\/b><span style=\"font-weight: 400;\">. Osoby \u015bpiewaj\u0105ce w ch\u00f3rkach, maj\u0105 idealnie wtapia\u0107 si\u0119 w ca\u0142o\u015b\u0107. Kiedy staj\u0105 si\u0119 solistami, sytuacja si\u0119 zmienia: tym razem to oni maj\u0105 si\u0119 wyr\u00f3\u017cni\u0107.<\/span><\/p>\n<h2><strong>Od anonimowego g\u0142osu do w\u0142asnego nazwiska<\/strong><\/h2>\n<p><span style=\"font-weight: 400;\">Historie Whitney Houston, Mariah Carey, Sheryl Crow czy Luthera Vandrossa pokazuj\u0105, \u017ce drugi plan wcale nie musi oznacza\u0107 ko\u0144ca marze\u0144 o w\u0142asnej karierze. Czasem jest wr\u0119cz najlepsz\u0105 szko\u0142\u0105 zawodu.<\/span><\/p>\n<p><span style=\"font-weight: 400;\">To tam mo\u017cna nauczy\u0107 si\u0119 pracy w studiu, wyst\u0119powania na scenie, wsp\u00f3\u0142pracy z muzykami i funkcjonowania w profesjonalnym zespole. Mo\u017cna te\u017c pozna\u0107 ludzi, kt\u00f3rzy p\u00f3\u017aniej otworz\u0105 kolejne drzwi. Mariah Carey pozna\u0142a Tommy\u2019ego Mottol\u0119 dzi\u0119ki Brendzie K. Starr. Whitney Houston rozwija\u0142a warsztat, \u015bpiewaj\u0105c mi\u0119dzy innymi dla Chaki Khan i Lou Rawlsa. Sheryl Crow zdobywa\u0142a do\u015bwiadczenie podczas wielkiej trasy Michaela Jacksona.<\/span><\/p>\n<p><b>Jednak pr\u0119dzej czy p\u00f3\u017aniej w \u017cyciu ka\u017cdego artysty przychodzi moment, kiedy musi odpowiedzie\u0107 sobie na pytanie: zostaj\u0119 w tle czy wychodz\u0119 na \u015brodek sceny?<\/b><\/p>\n<p><span style=\"font-weight: 400;\">Niekt\u00f3rzy robi\u0105 krok do przodu i staj\u0105 si\u0119 \u015bwiatowymi gwiazdami. Inni, jak Lisa Fischer, odkrywaj\u0105, \u017ce wcale nie potrzebuj\u0105 pierwszego planu, \u017ceby robi\u0107 co\u015b wyj\u0105tkowego i si\u0119 tym cieszy\u0107.\u00a0<\/span><\/p>\n<\/div>\n            <\/div>\n        <\/div>\n    <\/div>\n<\/section>\n\n\n<section  class=\"recommended-article  section-margin-32\">\n    <div class=\"container\">\n        <div class=\"row\">\n            <div class=\"col-24\">\n                                <div class=\"recommended-article__title\">\n                    <p class=\"typo-18\">Przeczytaj te\u017c:<\/p>\n                <\/div>\n                                                <div class=\"recommended-article__card\">\n                    \n<div class=\"card-article  card-article--imgpadding-default card-article--featured\">\n    <div class=\"card-article__wrapper\">\n                <div class=\"card-article__thumbnail\">\n                        <a class=\"card-article__link\" href=\"https:\/\/www.ebilet.pl\/now\/najwieksze-plagiaty-w-historii-muzyki-ktore-skonczyly-sie-milionowymi-procesami-w-sadzie\/\" title=\"Najwi\u0119ksze plagiaty w historii muzyki, kt\u00f3re sko\u0144czy\u0142y si\u0119 milionowymi procesami w s\u0105dzie\"><\/a>\n                        <div class=\"card-article__image\"><img loading=\"lazy\" decoding=\"async\" width=\"1920\" height=\"1080\" src=\"https:\/\/www.ebilet.pl\/now\/app\/uploads\/2025\/01\/coldplay_discogs.jpg\" class=\"attachment- size-\" alt=\"\" srcset=\"https:\/\/www.ebilet.pl\/now\/app\/uploads\/2025\/01\/coldplay_discogs.jpg 1920w, https:\/\/www.ebilet.pl\/now\/app\/uploads\/2025\/01\/coldplay_discogs-1024x576.jpg 1024w, https:\/\/www.ebilet.pl\/now\/app\/uploads\/2025\/01\/coldplay_discogs-1536x864.jpg 1536w, https:\/\/www.ebilet.pl\/now\/app\/uploads\/2025\/01\/coldplay_discogs-1280x720.jpg 1280w, https:\/\/www.ebilet.pl\/now\/app\/uploads\/2025\/01\/coldplay_discogs-500x281.jpg 500w, https:\/\/www.ebilet.pl\/now\/app\/uploads\/2025\/01\/coldplay_discogs-632x356.jpg 632w, https:\/\/www.ebilet.pl\/now\/app\/uploads\/2025\/01\/coldplay_discogs-308x174.jpg 308w\" sizes=\"auto, (max-width: 1920px) 100vw, 1920px\" \/><\/div>\n        <\/div>\n                        <div class=\"card-article__content\">\n                        <div class=\"card-article__top\">\n                                <div class=\"card-article__date\">\n                    <span class=\"card-article__dateIcon icon icon-calendar\"><\/span>\n                    <span class=\"typo-12\">31.08.2026<\/span>\n                <\/div>\n                                                <div class=\"card-article__categories\">\n                                        <div class=\"card-article__category\">\n                    \n<a href=\"https:\/\/www.ebilet.pl\/now\/tag\/ciekawostki\/\" class=\"tag tag--fire-opal\" style=\"background-color: #1e73be\">\n    <p class=\"tag__name\">Ciekawostki<\/p>\n<\/a>\n                    <\/div>\n                                        <div class=\"card-article__category\">\n                    \n<a href=\"https:\/\/www.ebilet.pl\/now\/tag\/polecane\/\" class=\"tag tag--fire-opal\" style=\"background-color: #1e73be\">\n    <p class=\"tag__name\">Polecane<\/p>\n<\/a>\n                    <\/div>\n                                    <\/div>\n                                            <\/div>\n                                    <div class=\"card-article__title under-h4\">\n                                    <a href=\"https:\/\/www.ebilet.pl\/now\/najwieksze-plagiaty-w-historii-muzyki-ktore-skonczyly-sie-milionowymi-procesami-w-sadzie\/\" class=\"split-title typo-h1 f-700\" data-text-split>\n                                                    <span class=\"split-title__word\">Najwi\u0119ksze<\/span>\n                                                    <span class=\"split-title__word\">plagiaty<\/span>\n                                                    <span class=\"split-title__word\">w<\/span>\n                                                    <span class=\"split-title__word\">historii<\/span>\n                                                    <span class=\"split-title__word\">muzyki,<\/span>\n                                                    <span class=\"split-title__word\">kt\u00f3re<\/span>\n                                                    <span class=\"split-title__word\">sko\u0144czy\u0142y<\/span>\n                                                    <span class=\"split-title__word\">si\u0119<\/span>\n                                                    <span class=\"split-title__word\">milionowymi<\/span>\n                                                    <span class=\"split-title__word\">procesami<\/span>\n                                                    <span class=\"split-title__word\">w<\/span>\n                                                    <span class=\"split-title__word\">s\u0105dzie<\/span>\n                                            <\/a>\n                            <\/div>\n                                <\/div>\n    <\/div>\n<\/div>                <\/div>\n                            <\/div>\n        <\/div>\n    <\/div>\n<\/section>\n\n\n<section class=\"events-slider-block  section-margin-32\" data-events-slider-block data-carousel-title=\"Gor\u0105ce wydarzenia\" data-carousel-type=\"gor\u0105ce_wydarzenia\" data-item-list-name=\"Gor\u0105ce wydarzenia Gor\u0105ce wydarzenia\" data-item-list-id=\"gor\u0105ce_wydarzenia Gor\u0105ce wydarzenia\" >\n    <div class=\"container\">\n        <div class=\"row\">\n            <div class=\"col-24\">\n                <div class=\"events-slider-block__wrapper\">\n                                            <div class=\"events-slider-block__bg\"><img loading=\"lazy\" decoding=\"async\" width=\"1920\" height=\"1080\" src=\"https:\/\/www.ebilet.pl\/now\/app\/uploads\/2024\/04\/shutterstock_1308510637.jpg\" class=\"attachment-full size-full\" alt=\"Fot.\" srcset=\"https:\/\/www.ebilet.pl\/now\/app\/uploads\/2024\/04\/shutterstock_1308510637.jpg 1920w, https:\/\/www.ebilet.pl\/now\/app\/uploads\/2024\/04\/shutterstock_1308510637-1024x576.jpg 1024w, https:\/\/www.ebilet.pl\/now\/app\/uploads\/2024\/04\/shutterstock_1308510637-1536x864.jpg 1536w, https:\/\/www.ebilet.pl\/now\/app\/uploads\/2024\/04\/shutterstock_1308510637-1280x720.jpg 1280w, https:\/\/www.ebilet.pl\/now\/app\/uploads\/2024\/04\/shutterstock_1308510637-500x281.jpg 500w, https:\/\/www.ebilet.pl\/now\/app\/uploads\/2024\/04\/shutterstock_1308510637-632x356.jpg 632w, https:\/\/www.ebilet.pl\/now\/app\/uploads\/2024\/04\/shutterstock_1308510637-308x174.jpg 308w\" sizes=\"auto, (max-width: 1920px) 100vw, 1920px\" \/><\/div>\n                                                                <div class=\"events-slider-block__top\">\n                                                            <div class=\"events-slider-block__title desktop\">\n                                    <h2 class=\"typo-h2\">Gor\u0105ce wydarzenia<\/h2>\n                                <\/div>\n                                                                                        <div class=\"events-slider-block__title mobile\">\n                                    <h2 class=\"typo-h2\">Gor\u0105ce wydarzenia<\/h2>\n                                <\/div>\n                                                    <\/div>\n                                                            <div class=\"events-slider-block__main\">\n                        <div class=\"events-slider-block__nav events-slider-block__nav--prev\">\n                            <div class=\"button button--withIcon button--theme-white-blur button--size-fixed-48\" data-events-prev>\n                                <span class=\"button__icon icon icon-chevron-left\"><\/span>\n                            <\/div>\n                        <\/div>\n                        <div class=\"events-slider-block__nav events-slider-block__nav--next\">\n                            <div class=\"button button--withIcon button--theme-white-blur button--size-fixed-48\" data-events-next>\n                                <span class=\"button__icon icon icon-chevron-right\"><\/span>\n                            <\/div>\n                        <\/div>\n                        <div class=\"events-slider-block__slider\">\n                            <div class=\"swiper\" data-events-slider>\n                                <div class=\"events-slider-block__sliderWrapper swiper-wrapper\">\n                                                                    <div class=\"events-slider-block__sliderItem swiper-slide\">\n                                    \n<div class=\"card-event  card-event--size-small\">\n        <a href=\"https:\/\/www.ebilet.pl\/muzyka\/rock\/fontaines-dc\" target=\"_blank\" class=\"card-event__link\" rel=\"nofollow noopener\"><\/a>\n        <div class=\"card-event__wrapper\">\n        <div class=\"card-event__image\">\n            <img decoding=\"async\" src=\"https:\/\/www.ebilet.pl\/media\/cms\/media\/ovge4bna\/fontaines_dc_portal_552x736.webp\" alt=\"\">\n        <\/div>\n        <div class=\"card-event__data\">\n            <div class=\"card-event__name\">\n                <p>Fontaines D.C. EU TOUR 2026<\/p>\n            <\/div>\n            <div class=\"card-event__date\">31.10.2026-31.10.2026<\/div>\n            <div class=\"card-event__location\">\u0141\u00f3d\u017a<\/div>\n        <\/div>\n    <\/div>\n<\/div>                                    <\/div>\n                                                                    <div class=\"events-slider-block__sliderItem swiper-slide\">\n                                    \n<div class=\"card-event  card-event--size-small\">\n        <a href=\"https:\/\/www.ebilet.pl\/muzyka\/pop\/tokio-hotel\" target=\"_blank\" class=\"card-event__link\" rel=\"nofollow noopener\"><\/a>\n        <div class=\"card-event__wrapper\">\n        <div class=\"card-event__image\">\n            <img decoding=\"async\" src=\"https:\/\/www.ebilet.pl\/media\/cms\/media\/i02j3uly\/tokio-hotel-552.webp\" alt=\"\">\n        <\/div>\n        <div class=\"card-event__data\">\n            <div class=\"card-event__name\">\n                <p>Tokio Hotel<\/p>\n            <\/div>\n            <div class=\"card-event__date\">19.08.2027-19.08.2027<\/div>\n            <div class=\"card-event__location\">Warszawa<\/div>\n        <\/div>\n    <\/div>\n<\/div>                                    <\/div>\n                                                                    <div class=\"events-slider-block__sliderItem swiper-slide\">\n                                    \n<div class=\"card-event  card-event--size-small\">\n        <a href=\"https:\/\/www.ebilet.pl\/muzyka\/festiwale\/opener-festival\" target=\"_blank\" class=\"card-event__link\" rel=\"nofollow noopener\"><\/a>\n        <div class=\"card-event__wrapper\">\n        <div class=\"card-event__image\">\n            <img decoding=\"async\" src=\"https:\/\/www.ebilet.pl\/media\/cms\/media\/qkso1del\/opene_2027_tameimpala_552x736_ebilet-1d7aa61e-0a2a-4f3b-b538-d84518354aa2.webp\" alt=\"\">\n        <\/div>\n        <div class=\"card-event__data\">\n            <div class=\"card-event__name\">\n                <p>Open&#8217;er Festival 2027<\/p>\n            <\/div>\n            <div class=\"card-event__date\">30.06.2027-30.06.2027<\/div>\n            <div class=\"card-event__location\">Gdynia<\/div>\n        <\/div>\n    <\/div>\n<\/div>                                    <\/div>\n                                                                    <div class=\"events-slider-block__sliderItem swiper-slide\">\n                                    \n<div class=\"card-event  card-event--size-small\">\n        <a href=\"https:\/\/www.ebilet.pl\/muzyka\/hip-hop-rap\/otsochodzi\" target=\"_blank\" class=\"card-event__link\" rel=\"nofollow noopener\"><\/a>\n        <div class=\"card-event__wrapper\">\n        <div class=\"card-event__image\">\n            <img decoding=\"async\" src=\"https:\/\/www.ebilet.pl\/media\/cms\/media\/ucuizr2w\/tt-552-x-736-kopia.webp\" alt=\"\">\n        <\/div>\n        <div class=\"card-event__data\">\n            <div class=\"card-event__name\">\n                <p>Otsochodzi &#8211; RIOTT<\/p>\n            <\/div>\n            <div class=\"card-event__date\">01.10.2026-01.10.2026<\/div>\n            <div class=\"card-event__location\">Gda\u0144sk, Krak\u00f3w, Pozna\u0144 i inne<\/div>\n        <\/div>\n    <\/div>\n<\/div>                                    <\/div>\n                                                                    <div class=\"events-slider-block__sliderItem swiper-slide\">\n                                    \n<div class=\"card-event  card-event--size-small\">\n        <a href=\"https:\/\/www.ebilet.pl\/muzyka\/pop\/take-that\" target=\"_blank\" class=\"card-event__link\" rel=\"nofollow noopener\"><\/a>\n        <div class=\"card-event__wrapper\">\n        <div class=\"card-event__image\">\n            <img decoding=\"async\" src=\"https:\/\/www.ebilet.pl\/media\/cms\/media\/eiqdozli\/ebilet-552x736-take-that.webp\" alt=\"\">\n        <\/div>\n        <div class=\"card-event__data\">\n            <div class=\"card-event__name\">\n                <p>Take That<\/p>\n            <\/div>\n            <div class=\"card-event__date\">13.06.2027-13.06.2027<\/div>\n            <div class=\"card-event__location\">Warszawa<\/div>\n        <\/div>\n    <\/div>\n<\/div>                                    <\/div>\n                                                                    <div class=\"events-slider-block__sliderItem swiper-slide\">\n                                    \n<div class=\"card-event  card-event--size-small\">\n        <a href=\"https:\/\/www.ebilet.pl\/muzyka\/piosenka\/koncert-koled-i-pastoralek-golec-uorkiestra\" target=\"_blank\" class=\"card-event__link\" rel=\"nofollow noopener\"><\/a>\n        <div class=\"card-event__wrapper\">\n        <div class=\"card-event__image\">\n            <img decoding=\"async\" src=\"https:\/\/www.ebilet.pl\/media\/cms\/media\/sqlacf5s\/golec_552x736_ebilet-c90c1dab-7443-46cc-b6f7-252554a5cab4.webp\" alt=\"\">\n        <\/div>\n        <div class=\"card-event__data\">\n            <div class=\"card-event__name\">\n                <p>Golec uOrkiestra &#8211; Koncert Kol\u0119d i Pastora\u0142ek<\/p>\n            <\/div>\n            <div class=\"card-event__date\">18.12.2026-18.12.2026<\/div>\n            <div class=\"card-event__location\">Bielsko-Bia\u0142a, Bydgoszcz, Gda\u0144sk i inne<\/div>\n        <\/div>\n    <\/div>\n<\/div>                                    <\/div>\n                                                                    <div class=\"events-slider-block__sliderItem swiper-slide\">\n                                    \n<div class=\"card-event  card-event--size-small\">\n        <a href=\"https:\/\/www.ebilet.pl\/muzyka\/rock\/getdown-services\" target=\"_blank\" class=\"card-event__link\" rel=\"nofollow noopener\"><\/a>\n        <div class=\"card-event__wrapper\">\n        <div class=\"card-event__image\">\n            <img decoding=\"async\" src=\"https:\/\/www.ebilet.pl\/media\/cms\/media\/epsfunxf\/ebilet-552x736-getdown-services-combo.webp\" alt=\"\">\n        <\/div>\n        <div class=\"card-event__data\">\n            <div class=\"card-event__name\">\n                <p>Getdown Services<\/p>\n            <\/div>\n            <div class=\"card-event__date\">15.03.2027-15.03.2027<\/div>\n            <div class=\"card-event__location\">Krak\u00f3w, Warszawa<\/div>\n        <\/div>\n    <\/div>\n<\/div>                                    <\/div>\n                                                                    <div class=\"events-slider-block__sliderItem swiper-slide\">\n                                    \n<div class=\"card-event  card-event--size-small\">\n        <a href=\"https:\/\/www.ebilet.pl\/sport\/sporty-walki\/ksw-gala\" target=\"_blank\" class=\"card-event__link\" rel=\"nofollow noopener\"><\/a>\n        <div class=\"card-event__wrapper\">\n        <div class=\"card-event__image\">\n            <img decoding=\"async\" src=\"https:\/\/www.ebilet.pl\/media\/cms\/media\/cz4hwoy5\/ksw122_552x736-kopia-2bfd4e82-ebbc-475a-901b-7cd82d226339.webp\" alt=\"\">\n        <\/div>\n        <div class=\"card-event__data\">\n            <div class=\"card-event__name\">\n                <p>XTB KSW 122<\/p>\n            <\/div>\n            <div class=\"card-event__date\">10.10.2026-10.10.2026<\/div>\n            <div class=\"card-event__location\">Rzesz\u00f3w<\/div>\n        <\/div>\n    <\/div>\n<\/div>                                    <\/div>\n                                                                    <div class=\"events-slider-block__sliderItem swiper-slide\">\n                                    \n<div class=\"card-event  card-event--size-small\">\n        <a href=\"https:\/\/www.ebilet.pl\/sport\/lekkoatletyka\/memorial-kamili-skolimowskiej\" target=\"_blank\" class=\"card-event__link\" rel=\"nofollow noopener\"><\/a>\n        <div class=\"card-event__wrapper\">\n        <div class=\"card-event__image\">\n            <img decoding=\"async\" src=\"https:\/\/www.ebilet.pl\/media\/cms\/media\/ebddns15\/552x736-78da7a2f-a7cf-4711-af9b-beba90926c7e.webp\" alt=\"\">\n        <\/div>\n        <div class=\"card-event__data\">\n            <div class=\"card-event__name\">\n                <p>Silesia Memoria\u0142 Kamili Skolimowskiej<\/p>\n            <\/div>\n            <div class=\"card-event__date\">15.08.2027-15.08.2027<\/div>\n            <div class=\"card-event__location\">Chorz\u00f3w<\/div>\n        <\/div>\n    <\/div>\n<\/div>                                    <\/div>\n                                                                    <div class=\"events-slider-block__sliderItem swiper-slide\">\n                                    \n<div class=\"card-event  card-event--size-small\">\n        <a href=\"https:\/\/www.ebilet.pl\/muzyka\/pop\/pitbull\" target=\"_blank\" class=\"card-event__link\" rel=\"nofollow noopener\"><\/a>\n        <div class=\"card-event__wrapper\">\n        <div class=\"card-event__image\">\n            <img decoding=\"async\" src=\"https:\/\/www.ebilet.pl\/media\/cms\/media\/5lzfwzwf\/pitbull_552x736-51986cca-48f5-4419-a9c5-cba531ed65a3.webp\" alt=\"\">\n        <\/div>\n        <div class=\"card-event__data\">\n            <div class=\"card-event__name\">\n                <p>Pitbull &#8211; I&#8217;m Back!<\/p>\n            <\/div>\n            <div class=\"card-event__date\">27.11.2026-27.11.2026<\/div>\n            <div class=\"card-event__location\">Gda\u0144sk\/Sopot, \u0141\u00f3d\u017a<\/div>\n        <\/div>\n    <\/div>\n<\/div>                                    <\/div>\n                                                                    <div class=\"events-slider-block__sliderItem swiper-slide\">\n                                    \n<div class=\"card-event  card-event--size-small\">\n        <a href=\"https:\/\/www.ebilet.pl\/muzyka\/hip-hop-rap\/gombao33\" target=\"_blank\" class=\"card-event__link\" rel=\"nofollow noopener\"><\/a>\n        <div class=\"card-event__wrapper\">\n        <div class=\"card-event__image\">\n            <img decoding=\"async\" src=\"https:\/\/www.ebilet.pl\/media\/cms\/media\/ctcikvkb\/gombao_bez_napisu-2ebe28b7-760a-4987-8d6c-0cb2fe6f2203.webp\" alt=\"\">\n        <\/div>\n        <div class=\"card-event__data\">\n            <div class=\"card-event__name\">\n                <p>G33 Tour &#8211; Tadeo x Szczepan x Wygu\u015b x Mata<\/p>\n            <\/div>\n            <div class=\"card-event__date\">12.09.2026-12.09.2026<\/div>\n            <div class=\"card-event__location\">Bydgoszcz, Gwi\u017adziny, Kra\u015bnik i inne<\/div>\n        <\/div>\n    <\/div>\n<\/div>                                    <\/div>\n                                                                    <div class=\"events-slider-block__sliderItem swiper-slide\">\n                                    \n<div class=\"card-event  card-event--size-small\">\n        <a href=\"https:\/\/www.ebilet.pl\/muzyka\/rock\/russell-crowe\" target=\"_blank\" class=\"card-event__link\" rel=\"nofollow noopener\"><\/a>\n        <div class=\"card-event__wrapper\">\n        <div class=\"card-event__image\">\n            <img decoding=\"async\" src=\"https:\/\/www.ebilet.pl\/media\/cms\/media\/dajolyng\/rusel_pion-738c048c-2504-4de3-a226-d83518cf8463.webp\" alt=\"\">\n        <\/div>\n        <div class=\"card-event__data\">\n            <div class=\"card-event__name\">\n                <p>Russell Crowe\u2019s Indoor Garden Party<\/p>\n            <\/div>\n            <div class=\"card-event__date\">05.06.2027-05.06.2027<\/div>\n            <div class=\"card-event__location\">\u0106miel\u00f3w<\/div>\n        <\/div>\n    <\/div>\n<\/div>                                    <\/div>\n                                                                    <div class=\"events-slider-block__sliderItem swiper-slide\">\n                                    \n<div class=\"card-event  card-event--size-small\">\n        <a href=\"https:\/\/www.ebilet.pl\/biznes\/wystawa\/van-gogh\" target=\"_blank\" class=\"card-event__link\" rel=\"nofollow noopener\"><\/a>\n        <div class=\"card-event__wrapper\">\n        <div class=\"card-event__image\">\n            <img decoding=\"async\" src=\"https:\/\/www.ebilet.pl\/media\/cms\/media\/rx0pgtm4\/nowa-ebilet-_vg-__-lublin_-552-736-5ddf74a4-5cec-41cd-9f00-a4baa0f7a221.webp\" alt=\"\">\n        <\/div>\n        <div class=\"card-event__data\">\n            <div class=\"card-event__name\">\n                <p>VAN GOGH \u2013 Wystawa Immersyjna &#8211; Lublin<\/p>\n            <\/div>\n            <div class=\"card-event__date\">15.09.2026-15.09.2026<\/div>\n            <div class=\"card-event__location\">Lublin<\/div>\n        <\/div>\n    <\/div>\n<\/div>                                    <\/div>\n                                                                    <div class=\"events-slider-block__sliderItem swiper-slide\">\n                                    \n<div class=\"card-event  card-event--size-small\">\n        <a href=\"https:\/\/www.ebilet.pl\/muzyka\/festiwale\/up-to-date-festival\" target=\"_blank\" class=\"card-event__link\" rel=\"nofollow noopener\"><\/a>\n        <div class=\"card-event__wrapper\">\n        <div class=\"card-event__image\">\n            <img decoding=\"async\" src=\"https:\/\/www.ebilet.pl\/media\/cms\/media\/jfdlnoqn\/ebilet-552x736-portal-wersja-2-c38ddeaf-bf05-4f54-9e4d-377e6b572335.webp\" alt=\"\">\n        <\/div>\n        <div class=\"card-event__data\">\n            <div class=\"card-event__name\">\n                <p>Up To Date Festival 2027<\/p>\n            <\/div>\n            <div class=\"card-event__date\">27.05.2027-27.05.2027<\/div>\n            <div class=\"card-event__location\">Bia\u0142ystok<\/div>\n        <\/div>\n    <\/div>\n<\/div>                                    <\/div>\n                                                                    <div class=\"events-slider-block__sliderItem swiper-slide\">\n                                    \n<div class=\"card-event  card-event--size-small\">\n        <a href=\"https:\/\/www.ebilet.pl\/muzyka\/festiwale\/olsztyn-green-festival\" target=\"_blank\" class=\"card-event__link\" rel=\"nofollow noopener\"><\/a>\n        <div class=\"card-event__wrapper\">\n        <div class=\"card-event__image\">\n            <img decoding=\"async\" src=\"https:\/\/www.ebilet.pl\/media\/cms\/media\/ivzhtv3z\/1080x1350_ogf_edycja_2027-18faf89b-3a6e-4aa9-b07b-593f24448a27.webp\" alt=\"\">\n        <\/div>\n        <div class=\"card-event__data\">\n            <div class=\"card-event__name\">\n                <p>Olsztyn Green Festival 2027<\/p>\n            <\/div>\n            <div class=\"card-event__date\">13.08.2027-13.08.2027<\/div>\n            <div class=\"card-event__location\">Olsztyn<\/div>\n        <\/div>\n    <\/div>\n<\/div>                                    <\/div>\n                                                                    <div class=\"events-slider-block__sliderItem swiper-slide\">\n                                    \n<div class=\"card-event  card-event--size-small\">\n        <a href=\"https:\/\/www.ebilet.pl\/sport\/sporty-druzynowe\/koszykowka-mecz\" target=\"_blank\" class=\"card-event__link\" rel=\"nofollow noopener\"><\/a>\n        <div class=\"card-event__wrapper\">\n        <div class=\"card-event__image\">\n            <img decoding=\"async\" src=\"https:\/\/www.ebilet.pl\/media\/cms\/media\/hoxono4g\/podstawowe_portal-98225706-f40f-4253-9b63-9f6c375fb13f.webp\" alt=\"\">\n        <\/div>\n        <div class=\"card-event__data\">\n            <div class=\"card-event__name\">\n                <p>Kwalifikacje do Mistrzostw \u015awiata w koszyk\u00f3wce m\u0119\u017cczyzn 2027: Polska \u2013 Chorwacja<\/p>\n            <\/div>\n            <div class=\"card-event__date\">27.11.2026-27.11.2026<\/div>\n            <div class=\"card-event__location\">Gliwice<\/div>\n        <\/div>\n    <\/div>\n<\/div>                                    <\/div>\n                                                                <\/div>\n                            <\/div>\n                        <\/div>\n                        <div class=\"events-slider-block__events swiper\" data-events-events-descriptions>\n                            <div class=\"events-slider-block__eventsWrapper swiper-wrapper\">\n                                                            <div class=\"events-slider-block__eventsItem swiper-slide\">\n                                    <a href=\"https:\/\/www.ebilet.pl\/muzyka\/rock\/fontaines-dc\" target=\"_blank\" class=\"events-slider-block__eventsName\">\n                                        <p>Fontaines D.C. EU TOUR 2026<\/p>\n                                    <\/a>\n                                    <div class=\"events-slider-block__eventsDate\">\n                                        31.10.2026-31.10.2026                                    <\/div>\n                                    <div class=\"events-slider-block__eventsLocation\">\u0141\u00f3d\u017a<\/div>\n                                <\/div>\n                                                            <div class=\"events-slider-block__eventsItem swiper-slide\">\n                                    <a href=\"https:\/\/www.ebilet.pl\/muzyka\/pop\/tokio-hotel\" target=\"_blank\" class=\"events-slider-block__eventsName\">\n                                        <p>Tokio Hotel<\/p>\n                                    <\/a>\n                                    <div class=\"events-slider-block__eventsDate\">\n                                        19.08.2027-19.08.2027                                    <\/div>\n                                    <div class=\"events-slider-block__eventsLocation\">Warszawa<\/div>\n                                <\/div>\n                                                            <div class=\"events-slider-block__eventsItem swiper-slide\">\n                                    <a href=\"https:\/\/www.ebilet.pl\/muzyka\/festiwale\/opener-festival\" target=\"_blank\" class=\"events-slider-block__eventsName\">\n                                        <p>Open&#039;er Festival 2027<\/p>\n                                    <\/a>\n                                    <div class=\"events-slider-block__eventsDate\">\n                                        30.06.2027-03.07.2027                                    <\/div>\n                                    <div class=\"events-slider-block__eventsLocation\">Gdynia<\/div>\n                                <\/div>\n                                                            <div class=\"events-slider-block__eventsItem swiper-slide\">\n                                    <a href=\"https:\/\/www.ebilet.pl\/muzyka\/hip-hop-rap\/otsochodzi\" target=\"_blank\" class=\"events-slider-block__eventsName\">\n                                        <p>Otsochodzi &#8211; RIOTT<\/p>\n                                    <\/a>\n                                    <div class=\"events-slider-block__eventsDate\">\n                                        01.10.2026-03.12.2026                                    <\/div>\n                                    <div class=\"events-slider-block__eventsLocation\">Gda\u0144sk, Krak\u00f3w, Pozna\u0144 i inne<\/div>\n                                <\/div>\n                                                            <div class=\"events-slider-block__eventsItem swiper-slide\">\n                                    <a href=\"https:\/\/www.ebilet.pl\/muzyka\/pop\/take-that\" target=\"_blank\" class=\"events-slider-block__eventsName\">\n                                        <p>Take That<\/p>\n                                    <\/a>\n                                    <div class=\"events-slider-block__eventsDate\">\n                                        13.06.2027-13.06.2027                                    <\/div>\n                                    <div class=\"events-slider-block__eventsLocation\">Warszawa<\/div>\n                                <\/div>\n                                                            <div class=\"events-slider-block__eventsItem swiper-slide\">\n                                    <a href=\"https:\/\/www.ebilet.pl\/muzyka\/piosenka\/koncert-koled-i-pastoralek-golec-uorkiestra\" target=\"_blank\" class=\"events-slider-block__eventsName\">\n                                        <p>Golec uOrkiestra &#8211; Koncert Kol\u0119d i Pastora\u0142ek<\/p>\n                                    <\/a>\n                                    <div class=\"events-slider-block__eventsDate\">\n                                        18.12.2026-17.01.2027                                    <\/div>\n                                    <div class=\"events-slider-block__eventsLocation\">Bielsko-Bia\u0142a, Bydgoszcz, Gda\u0144sk i inne<\/div>\n                                <\/div>\n                                                            <div class=\"events-slider-block__eventsItem swiper-slide\">\n                                    <a href=\"https:\/\/www.ebilet.pl\/muzyka\/rock\/getdown-services\" target=\"_blank\" class=\"events-slider-block__eventsName\">\n                                        <p>Getdown Services<\/p>\n                                    <\/a>\n                                    <div class=\"events-slider-block__eventsDate\">\n                                        15.03.2027-16.03.2027                                    <\/div>\n                                    <div class=\"events-slider-block__eventsLocation\">Krak\u00f3w, Warszawa<\/div>\n                                <\/div>\n                                                            <div class=\"events-slider-block__eventsItem swiper-slide\">\n                                    <a href=\"https:\/\/www.ebilet.pl\/sport\/sporty-walki\/ksw-gala\" target=\"_blank\" class=\"events-slider-block__eventsName\">\n                                        <p>XTB KSW 122<\/p>\n                                    <\/a>\n                                    <div class=\"events-slider-block__eventsDate\">\n                                        10.10.2026-10.10.2026                                    <\/div>\n                                    <div class=\"events-slider-block__eventsLocation\">Rzesz\u00f3w<\/div>\n                                <\/div>\n                                                            <div class=\"events-slider-block__eventsItem swiper-slide\">\n                                    <a href=\"https:\/\/www.ebilet.pl\/sport\/lekkoatletyka\/memorial-kamili-skolimowskiej\" target=\"_blank\" class=\"events-slider-block__eventsName\">\n                                        <p>Silesia Memoria\u0142 Kamili Skolimowskiej<\/p>\n                                    <\/a>\n                                    <div class=\"events-slider-block__eventsDate\">\n                                        15.08.2027-15.08.2027                                    <\/div>\n                                    <div class=\"events-slider-block__eventsLocation\">Chorz\u00f3w<\/div>\n                                <\/div>\n                                                            <div class=\"events-slider-block__eventsItem swiper-slide\">\n                                    <a href=\"https:\/\/www.ebilet.pl\/muzyka\/pop\/pitbull\" target=\"_blank\" class=\"events-slider-block__eventsName\">\n                                        <p>Pitbull &#8211; I&#039;m Back!<\/p>\n                                    <\/a>\n                                    <div class=\"events-slider-block__eventsDate\">\n                                        27.11.2026-03.12.2026                                    <\/div>\n                                    <div class=\"events-slider-block__eventsLocation\">Gda\u0144sk\/Sopot, \u0141\u00f3d\u017a<\/div>\n                                <\/div>\n                                                            <div class=\"events-slider-block__eventsItem swiper-slide\">\n                                    <a href=\"https:\/\/www.ebilet.pl\/muzyka\/hip-hop-rap\/gombao33\" target=\"_blank\" class=\"events-slider-block__eventsName\">\n                                        <p>G33 Tour &#8211; Tadeo x Szczepan x Wygu\u015b x Mata<\/p>\n                                    <\/a>\n                                    <div class=\"events-slider-block__eventsDate\">\n                                        12.09.2026-04.10.2026                                    <\/div>\n                                    <div class=\"events-slider-block__eventsLocation\">Bydgoszcz, Gwi\u017adziny, Kra\u015bnik i inne<\/div>\n                                <\/div>\n                                                            <div class=\"events-slider-block__eventsItem swiper-slide\">\n                                    <a href=\"https:\/\/www.ebilet.pl\/muzyka\/rock\/russell-crowe\" target=\"_blank\" class=\"events-slider-block__eventsName\">\n                                        <p>Russell Crowe\u2019s Indoor Garden Party<\/p>\n                                    <\/a>\n                                    <div class=\"events-slider-block__eventsDate\">\n                                        05.06.2027-05.06.2027                                    <\/div>\n                                    <div class=\"events-slider-block__eventsLocation\">\u0106miel\u00f3w<\/div>\n                                <\/div>\n                                                            <div class=\"events-slider-block__eventsItem swiper-slide\">\n                                    <a href=\"https:\/\/www.ebilet.pl\/biznes\/wystawa\/van-gogh\" target=\"_blank\" class=\"events-slider-block__eventsName\">\n                                        <p>VAN GOGH \u2013 Wystawa Immersyjna &#8211; Lublin<\/p>\n                                    <\/a>\n                                    <div class=\"events-slider-block__eventsDate\">\n                                        15.09.2026-31.12.2026                                    <\/div>\n                                    <div class=\"events-slider-block__eventsLocation\">Lublin<\/div>\n                                <\/div>\n                                                            <div class=\"events-slider-block__eventsItem swiper-slide\">\n                                    <a href=\"https:\/\/www.ebilet.pl\/muzyka\/festiwale\/up-to-date-festival\" target=\"_blank\" class=\"events-slider-block__eventsName\">\n                                        <p>Up To Date Festival 2027<\/p>\n                                    <\/a>\n                                    <div class=\"events-slider-block__eventsDate\">\n                                        27.05.2027-28.05.2027                                    <\/div>\n                                    <div class=\"events-slider-block__eventsLocation\">Bia\u0142ystok<\/div>\n                                <\/div>\n                                                            <div class=\"events-slider-block__eventsItem swiper-slide\">\n                                    <a href=\"https:\/\/www.ebilet.pl\/muzyka\/festiwale\/olsztyn-green-festival\" target=\"_blank\" class=\"events-slider-block__eventsName\">\n                                        <p>Olsztyn Green Festival 2027<\/p>\n                                    <\/a>\n                                    <div class=\"events-slider-block__eventsDate\">\n                                        13.08.2027-13.08.2027                                    <\/div>\n                                    <div class=\"events-slider-block__eventsLocation\">Olsztyn<\/div>\n                                <\/div>\n                                                            <div class=\"events-slider-block__eventsItem swiper-slide\">\n                                    <a href=\"https:\/\/www.ebilet.pl\/sport\/sporty-druzynowe\/koszykowka-mecz\" target=\"_blank\" class=\"events-slider-block__eventsName\">\n                                        <p>Kwalifikacje do Mistrzostw \u015awiata w koszyk\u00f3wce m\u0119\u017cczyzn 2027: Polska \u2013 Chorwacja<\/p>\n                                    <\/a>\n                                    <div class=\"events-slider-block__eventsDate\">\n                                        27.11.2026-27.11.2026                                    <\/div>\n                                    <div class=\"events-slider-block__eventsLocation\">Gliwice<\/div>\n                                <\/div>\n                                                        <\/div>\n                        <\/div>\n                        <div class=\"events-slider-block__pagination\">\n                            <div class=\"swiper-pagination slider-pagination slider-pagination--theme-white\" data-events-slider-pagination><\/div>\n                        <\/div>\n                    <\/div>\n                                        <div class=\"events-slider-block__bottom\">\n                                                                                <div class=\"events-slider-block__link desktop\">\n                                    <a\n                                        class=\"button button--size-small button--theme-primary-yellow button--withIconLeft\"\n                                        href=\"https:\/\/www.ebilet.pl\/\">\n                                                                                    <div class=\"button__icon\"><img loading=\"lazy\" decoding=\"async\" width=\"30\" height=\"30\" src=\"https:\/\/www.ebilet.pl\/now\/app\/uploads\/2024\/01\/ticket-cinema-entertainment-coupon-discount-sale_30px.png\" class=\"attachment-full size-full\" alt=\"\" \/><\/div>\n                                                                                <p class=\"button__text typo-18\">Kup na eBilet.pl<\/p>\n                                    <\/a>\n                                <\/div>\n                                                                                <div class=\"events-slider-block__link mobile\">\n                                    <a\n                                        class=\"button button--size-small button--theme-primary-yellow button--withIconLeft\"\n                                        href=\"https:\/\/www.ebilet.pl\/\">\n                                                                                    <div class=\"button__icon\"><img loading=\"lazy\" decoding=\"async\" width=\"30\" height=\"30\" src=\"https:\/\/www.ebilet.pl\/now\/app\/uploads\/2024\/01\/ticket-cinema-entertainment-coupon-discount-sale_30px.png\" class=\"attachment-full size-full\" alt=\"\" \/><\/div>\n                                                                                <p class=\"button__text typo-18\">Kup na eBilet.pl<\/p>\n                                    <\/a>\n                                <\/div>\n                                            <\/div>\n                <\/div>\n            <\/div>\n        <\/div>\n    <\/div>\n<\/section>","protected":false},"excerpt":{"rendered":"<p>Zanim publiczno\u015b\u0107 zacz\u0119\u0142a \u015bpiewa\u0107 ich piosenki, zna\u0142a przede wszystkim g\u0142osy artyst\u00f3w, kt\u00f3rym towarzyszyli. Stali kilka krok\u00f3w za g\u0142\u00f3wn\u0105 gwiazd\u0105, pojawiali si\u0119 w studiu, na koncertach i w ch\u00f3rkach. Czasem ich nazwisko nie pojawia\u0142o si\u0119 nawet na ok\u0142adce p\u0142yty. A jednak to w\u0142a\u015bnie tam zdobywali do\u015bwiadczenie, kontakty i pewno\u015b\u0107 siebie, kt\u00f3re p\u00f3\u017aniej pozwoli\u0142y im stan\u0105\u0107 w \u015bwietle reflektor\u00f3w. Niekt\u00f3rzy potrzebowali zaledwie kilku lat, by zamieni\u0107 drugoplanow\u0105 rol\u0119 na w\u0142asny mikrofon. Inni przez d\u0142ugi czas pozostawali w cieniu, mimo \u017ce ich g\u0142osy by\u0142y ju\u017c znane. Whitney Houston, Mariah Carey, Sheryl Crow czy Luther Vandross to tylko kilka przyk\u0142ad\u00f3w artyst\u00f3w, kt\u00f3rzy \u2013 zanim zbudowali w\u0142asne kariery \u2013 \u015bpiewali w tle dla innych.<\/p>\n","protected":false},"author":14,"featured_media":94660,"comment_status":"open","ping_status":"open","sticky":false,"template":"page-templates\/article-default.php","format":"standard","meta":{"_acf_changed":false,"footnotes":""},"article_tag":[88,41],"article_type":[554],"class_list":["post-96499","post","type-post","status-publish","format-standard","has-post-thumbnail","hentry","article_tag-ciekawostki","article_tag-pop","article_type-muzyka"],"acf":[],"_links":{"self":[{"href":"https:\/\/www.ebilet.pl\/now\/wp-json\/wp\/v2\/posts\/96499","targetHints":{"allow":["GET"]}}],"collection":[{"href":"https:\/\/www.ebilet.pl\/now\/wp-json\/wp\/v2\/posts"}],"about":[{"href":"https:\/\/www.ebilet.pl\/now\/wp-json\/wp\/v2\/types\/post"}],"author":[{"embeddable":true,"href":"https:\/\/www.ebilet.pl\/now\/wp-json\/wp\/v2\/users\/14"}],"replies":[{"embeddable":true,"href":"https:\/\/www.ebilet.pl\/now\/wp-json\/wp\/v2\/comments?post=96499"}],"version-history":[{"count":2,"href":"https:\/\/www.ebilet.pl\/now\/wp-json\/wp\/v2\/posts\/96499\/revisions"}],"predecessor-version":[{"id":96503,"href":"https:\/\/www.ebilet.pl\/now\/wp-json\/wp\/v2\/posts\/96499\/revisions\/96503"}],"wp:featuredmedia":[{"embeddable":true,"href":"https:\/\/www.ebilet.pl\/now\/wp-json\/wp\/v2\/media\/94660"}],"wp:attachment":[{"href":"https:\/\/www.ebilet.pl\/now\/wp-json\/wp\/v2\/media?parent=96499"}],"wp:term":[{"taxonomy":"article_tag","embeddable":true,"href":"https:\/\/www.ebilet.pl\/now\/wp-json\/wp\/v2\/article_tag?post=96499"},{"taxonomy":"article_type","embeddable":true,"href":"https:\/\/www.ebilet.pl\/now\/wp-json\/wp\/v2\/article_type?post=96499"}],"curies":[{"name":"wp","href":"https:\/\/api.w.org\/{rel}","templated":true}]}}