{"id":96429,"date":"2026-09-02T11:43:00","date_gmt":"2026-09-02T10:43:00","guid":{"rendered":"https:\/\/www.ebilet.pl\/now\/?p=96429"},"modified":"2026-09-02T14:19:48","modified_gmt":"2026-09-02T13:19:48","slug":"ed-sheeran-i-pokemony-zobacz-wyjatkowe-nagranie","status":"publish","type":"post","link":"https:\/\/www.ebilet.pl\/now\/ed-sheeran-i-pokemony-zobacz-wyjatkowe-nagranie\/","title":{"rendered":"Ed Sheeran i\u2026 Pok\u00e9mony. Zobacz wyj\u0105tkowe nagranie\u00a0"},"content":{"rendered":"\n<section class=\"text-block  section-margin-32\" >\n    <div class=\"container\">\n        <div class=\"row\">\n            <div class=\"col-24\">\n                <div class=\"text-block__content\"><h2>Ed Sheeran za\u015bpiewa\u0142 czo\u0142\u00f3wk\u0119 Pok\u00e9mon\u00f3w<\/h2>\n<p>Co za niespodzianka! Ceniony wokalista pojawi\u0142\u00a0si\u0119\u00a0jako go\u015b\u0107 specjalny na <strong>Pok\u00e9mon World Championships,<\/strong> kt\u00f3re odby\u0142y si\u0119\u00a0kilka dni temu. Zaskoczeni uczestnicy nie kryli zachwytu, a piosenkarz postanowi\u0142 uczci\u0107 to wydarzenie w nale\u017cyty spos\u00f3b. Muzyk si\u0119gn\u0105\u0142 po gitar\u0119 akustyczn\u0105, a ca\u0142a arena wype\u0142ni\u0142a si\u0119\u00a0charakterystyczn\u0105 melodi\u0105. <a href=\"https:\/\/www.ebilet.pl\/artysta\/ed-sheeran\"><strong>Ed Sheeran<\/strong><\/a> wykona\u0142 motyw przewodni z kultowej ju\u017c serii, a filmiki z imprezy obieg\u0142y sie\u0107!<\/p>\n<\/div>\n            <\/div>\n        <\/div>\n    <\/div>\n<\/section>\n\n\n<figure class=\"wp-block-embed is-type-video is-provider-youtube wp-block-embed-youtube wp-embed-aspect-16-9 wp-has-aspect-ratio\"><div class=\"wp-block-embed__wrapper\">\n<iframe loading=\"lazy\" title=\"Ed Sheeran as the Guest performer in the closing Ceremony for Pokemon World Championship 2026!\" width=\"500\" height=\"281\" src=\"https:\/\/www.youtube.com\/embed\/v78nlNQDZtU?feature=oembed\" frameborder=\"0\" allow=\"accelerometer; autoplay; clipboard-write; encrypted-media; gyroscope; picture-in-picture; web-share\" referrerpolicy=\"strict-origin-when-cross-origin\" allowfullscreen><\/iframe>\n<\/div><\/figure>\n\n\n<section class=\"gap-block  section-margin-32 section-margin-32\"><\/section>\n\n\n<section class=\"tickets-slider  section-margin-32\"\n    data-tickets-slider\n    data-item-list-name=\"Karuzela z buttonami\"\n    data-item-list-id=\"karuzela_z_buttonami\"\n    >\n    <div class=\"container\">\n        <div class=\"row\">\n            <div class=\"col-24\">\n                <div class=\"tickets-slider__main\">\n                    <div class=\"tickets-slider__nav tickets-slider__nav--prev\">\n                        <div class=\"button button--withIcon button--theme-white-blur button--size-fixed-48\" data-tickets-slider-prev>\n                            <span class=\"button__icon icon icon-chevron-left\"><\/span>\n                        <\/div>\n                    <\/div>\n                    <div class=\"tickets-slider__nav tickets-slider__nav--next\">\n                        <div class=\"button button--withIcon button--theme-white-blur button--size-fixed-48\" data-tickets-slider-next>\n                            <span class=\"button__icon icon icon-chevron-right\"><\/span>\n                        <\/div>\n                    <\/div>\n                    <div class=\"tickets-slider__slider swiper\" data-tickets-slider-slider>\n                        <div class=\"tickets-slider__sliderWrapper swiper-wrapper\">\n                                                            <div class=\"tickets-slider__sliderItem swiper-slide\"\n                                    data-id=\"79110\"\n                                    data-name=\"Back to 90&#039;s - wiecz\u00f3r przeboj\u00f3w lat 90&#039;\u00a0\"\n                                    data-brand=\"SWIK Nasze Miasto Wroc\u0142aw\"\n                                    data-category=\"muzyka\"\n                                    data-subcategory=\"pop\"\n                                    data-city=\"Wroc\u0142aw\"\n                                    data-venue=\"Stary Klasztor\">\n                                    <div class=\"tickets-slider__sliderCard\">\n                                        \n<div class=\"card-ticket\">\n        <div class=\"card-ticket__image\">\n        <a href=\"https:\/\/www.ebilet.pl\/muzyka\/pop\/przeboje-lat-90\">\n            <img decoding=\"async\" src=\"https:\/\/www.ebilet.pl\/media\/cms\/media\/hs0jr44h\/post-14-1-dbe5eac9-117d-402a-8725-d904844f63e4.webp\" alt=\"Plakat wydarzenia\" \/>\n        <\/a>\n    <\/div>\n             \n    <div class=\"card-ticket__link\">\n        <a href=\"https:\/\/www.ebilet.pl\/muzyka\/pop\/przeboje-lat-90\" class=\"button button--theme-primary-yellow button--withIconLeft button--size-small\">\n            <span class=\"button__icon icon icon-ticket\"><\/span>\n            <p class=\"button__text typo-16 f-600\">Kup bilet<\/p>\n        <\/a>\n    <\/div>\n    <\/div>                                    <\/div>\n                                <\/div>\n                                                            <div class=\"tickets-slider__sliderItem swiper-slide\"\n                                    data-id=\"87678\"\n                                    data-name=\"Abba i Inni Symfonicznie II\"\n                                    data-brand=\"Agencja Brussa Jaros\u0142aw Brussa\"\n                                    data-category=\"muzyka\"\n                                    data-subcategory=\"pop\"\n                                    data-city=\"Ciechan\u00f3w, \u0141\u00f3d\u017a, Rzesz\u00f3w i inne\"\n                                    data-venue=\"Stara Kopalnia\">\n                                    <div class=\"tickets-slider__sliderCard\">\n                                        \n<div class=\"card-ticket\">\n        <div class=\"card-ticket__image\">\n        <a href=\"https:\/\/www.ebilet.pl\/muzyka\/pop\/abba\">\n            <img decoding=\"async\" src=\"https:\/\/www.ebilet.pl\/media\/cms\/media\/wsvcyviv\/renditiondownload-34-1-900fb0ed-d8f2-4d70-a4b2-66652acc0282.webp\" alt=\"Plakat wydarzenia\" \/>\n        <\/a>\n    <\/div>\n             \n    <div class=\"card-ticket__link\">\n        <a href=\"https:\/\/www.ebilet.pl\/muzyka\/pop\/abba\" class=\"button button--theme-primary-yellow button--withIconLeft button--size-small\">\n            <span class=\"button__icon icon icon-ticket\"><\/span>\n            <p class=\"button__text typo-16 f-600\">Kup bilet<\/p>\n        <\/a>\n    <\/div>\n    <\/div>                                    <\/div>\n                                <\/div>\n                                                            <div class=\"tickets-slider__sliderItem swiper-slide\"\n                                    data-id=\"97949\"\n                                    data-name=\"Whitney Houston Night\"\n                                    data-brand=\"SWIK Nasze Miasto Wroc\u0142aw\"\n                                    data-category=\"muzyka\"\n                                    data-subcategory=\"pop\"\n                                    data-city=\"Wroc\u0142aw\"\n                                    data-venue=\"Stary Klasztor\">\n                                    <div class=\"tickets-slider__sliderCard\">\n                                        \n<div class=\"card-ticket\">\n        <div class=\"card-ticket__image\">\n        <a href=\"https:\/\/www.ebilet.pl\/muzyka\/pop\/whitney-houston-night\">\n            <img decoding=\"async\" src=\"https:\/\/www.ebilet.pl\/media\/cms\/media\/nxhjm1nk\/600x850-8-49c5c765-7a93-49f0-bb71-4934b602477e.webp\" alt=\"Plakat wydarzenia\" \/>\n        <\/a>\n    <\/div>\n             \n    <div class=\"card-ticket__link\">\n        <a href=\"https:\/\/www.ebilet.pl\/muzyka\/pop\/whitney-houston-night\" class=\"button button--theme-primary-yellow button--withIconLeft button--size-small\">\n            <span class=\"button__icon icon icon-ticket\"><\/span>\n            <p class=\"button__text typo-16 f-600\">Kup bilet<\/p>\n        <\/a>\n    <\/div>\n    <\/div>                                    <\/div>\n                                <\/div>\n                                                            <div class=\"tickets-slider__sliderItem swiper-slide\"\n                                    data-id=\"48937\"\n                                    data-name=\"Micha\u0142 Wi\u015bniewski Akustycznie 4\"\n                                    data-brand=\"REDADLER SP\u00d3\u0141KA Z OGRANICZON\u0104 ODPOWIEDZIALNO\u015aCI\u0104\"\n                                    data-category=\"muzyka\"\n                                    data-subcategory=\"pop\"\n                                    data-city=\"Leszno, Przec\u0142aw\"\n                                    data-venue=\"Miejski O\u015brodek Kultury Leszno\">\n                                    <div class=\"tickets-slider__sliderCard\">\n                                        \n<div class=\"card-ticket\">\n        <div class=\"card-ticket__image\">\n        <a href=\"https:\/\/www.ebilet.pl\/muzyka\/pop\/michal-wisniewski\">\n            <img decoding=\"async\" src=\"https:\/\/www.ebilet.pl\/media\/cms\/media\/x0wbjb5i\/kopia-akustycznie-4-800-600-px-1-6ea63dca-bd24-3348-8baf-d0e2e5ebf8e3.webp\" alt=\"Plakat wydarzenia\" \/>\n        <\/a>\n    <\/div>\n             \n    <div class=\"card-ticket__link\">\n        <a href=\"https:\/\/www.ebilet.pl\/muzyka\/pop\/michal-wisniewski\" class=\"button button--theme-primary-yellow button--withIconLeft button--size-small\">\n            <span class=\"button__icon icon icon-ticket\"><\/span>\n            <p class=\"button__text typo-16 f-600\">Kup bilet<\/p>\n        <\/a>\n    <\/div>\n    <\/div>                                    <\/div>\n                                <\/div>\n                                                            <div class=\"tickets-slider__sliderItem swiper-slide\"\n                                    data-id=\"119171\"\n                                    data-name=\"S\u0142awek Uniatowski - THE BEST OF II - Ciechowski, Wodecki, Sinatra, Zaucha\"\n                                    data-brand=\"FUNDACJA \u201eUNIKULTURA\u201d\"\n                                    data-category=\"muzyka\"\n                                    data-subcategory=\"pop\"\n                                    data-city=\"Bia\u0142ystok, Bochnia, Jastrz\u0119bie-Zdr\u00f3j\"\n                                    data-venue=\"Aula Koncertowa WSFiZ w Bia\u0142ymstoku\">\n                                    <div class=\"tickets-slider__sliderCard\">\n                                        \n<div class=\"card-ticket\">\n        <div class=\"card-ticket__image\">\n        <a href=\"https:\/\/www.ebilet.pl\/muzyka\/pop\/uniatowski\">\n            <img decoding=\"async\" src=\"https:\/\/www.ebilet.pl\/media\/cms\/media\/ohnln4j5\/uniatowski-ebilet-pion-02908978-4c0b-4252-aae0-fbabab6a5a8e.webp\" alt=\"Plakat wydarzenia\" \/>\n        <\/a>\n    <\/div>\n             \n    <div class=\"card-ticket__link\">\n        <a href=\"https:\/\/www.ebilet.pl\/muzyka\/pop\/uniatowski\" class=\"button button--theme-primary-yellow button--withIconLeft button--size-small\">\n            <span class=\"button__icon icon icon-ticket\"><\/span>\n            <p class=\"button__text typo-16 f-600\">Kup bilet<\/p>\n        <\/a>\n    <\/div>\n    <\/div>                                    <\/div>\n                                <\/div>\n                                                            <div class=\"tickets-slider__sliderItem swiper-slide\"\n                                    data-id=\"20966\"\n                                    data-name=\"Mietek Szcze\u015bniak 40 lat na scenie\"\n                                    data-brand=\"Alicja Borowiec P.H.U. VOICES\"\n                                    data-category=\"muzyka\"\n                                    data-subcategory=\"pop\"\n                                    data-city=\"Bia\u0142ystok, Katowice, Szczecin\"\n                                    data-venue=\"Opera i Filharmonia Podlaska\">\n                                    <div class=\"tickets-slider__sliderCard\">\n                                        \n<div class=\"card-ticket\">\n        <div class=\"card-ticket__image\">\n        <a href=\"https:\/\/www.ebilet.pl\/muzyka\/pop\/mietek-szczesniak\">\n            <img decoding=\"async\" src=\"https:\/\/www.ebilet.pl\/media\/cms\/media\/bcdpirzh\/ebilet_552x736_mietek-szcze_niak-40-lat-na-scenie.webp\" alt=\"Plakat wydarzenia\" \/>\n        <\/a>\n    <\/div>\n             \n    <div class=\"card-ticket__link\">\n        <a href=\"https:\/\/www.ebilet.pl\/muzyka\/pop\/mietek-szczesniak\" class=\"button button--theme-primary-yellow button--withIconLeft button--size-small\">\n            <span class=\"button__icon icon icon-ticket\"><\/span>\n            <p class=\"button__text typo-16 f-600\">Kup bilet<\/p>\n        <\/a>\n    <\/div>\n    <\/div>                                    <\/div>\n                                <\/div>\n                                                            <div class=\"tickets-slider__sliderItem swiper-slide\"\n                                    data-id=\"156822\"\n                                    data-name=\"Koncert przy \u015bwiecach: Najwi\u0119ksze hity Adele\"\n                                    data-brand=\"Candle Live Music\"\n                                    data-category=\"muzyka\"\n                                    data-subcategory=\"pop\"\n                                    data-city=\"P\u0142ock, Wroc\u0142aw\"\n                                    data-venue=\"Parafia Ewangelicko-Augsburska Opatrzno\u015bci Bo\u017cej we Wroc\u0142awiu\">\n                                    <div class=\"tickets-slider__sliderCard\">\n                                        \n<div class=\"card-ticket\">\n        <div class=\"card-ticket__image\">\n        <a href=\"https:\/\/www.ebilet.pl\/muzyka\/pop\/koncert-przy-swiecach-adele\">\n            <img decoding=\"async\" src=\"https:\/\/www.ebilet.pl\/media\/cms\/media\/xbyoth0n\/adele-552-x-736-px-28ca7dfa-24ec-4682-b4f3-e29f2ea23065.webp\" alt=\"Plakat wydarzenia\" \/>\n        <\/a>\n    <\/div>\n             \n    <div class=\"card-ticket__link\">\n        <a href=\"https:\/\/www.ebilet.pl\/muzyka\/pop\/koncert-przy-swiecach-adele\" class=\"button button--theme-primary-yellow button--withIconLeft button--size-small\">\n            <span class=\"button__icon icon icon-ticket\"><\/span>\n            <p class=\"button__text typo-16 f-600\">Kup bilet<\/p>\n        <\/a>\n    <\/div>\n    <\/div>                                    <\/div>\n                                <\/div>\n                                                            <div class=\"tickets-slider__sliderItem swiper-slide\"\n                                    data-id=\"160689\"\n                                    data-name=\"M\u0119skie Brzmienia\"\n                                    data-brand=\"Music Everywhere Sp. z o.o.\"\n                                    data-category=\"muzyka\"\n                                    data-subcategory=\"pop\"\n                                    data-city=\"Pozna\u0144, Warszawa\"\n                                    data-venue=\"Scena Relax\">\n                                    <div class=\"tickets-slider__sliderCard\">\n                                        \n<div class=\"card-ticket\">\n        <div class=\"card-ticket__image\">\n        <a href=\"https:\/\/www.ebilet.pl\/muzyka\/pop\/meskie-brzmienia\">\n            <img decoding=\"async\" src=\"https:\/\/www.ebilet.pl\/media\/cms\/media\/j1aouyh1\/ebilet2-552-x-736-8d3e43e4-ad67-4d15-bb22-2990b0a3456b.webp\" alt=\"Plakat wydarzenia\" \/>\n        <\/a>\n    <\/div>\n             \n    <div class=\"card-ticket__link\">\n        <a href=\"https:\/\/www.ebilet.pl\/muzyka\/pop\/meskie-brzmienia\" class=\"button button--theme-primary-yellow button--withIconLeft button--size-small\">\n            <span class=\"button__icon icon icon-ticket\"><\/span>\n            <p class=\"button__text typo-16 f-600\">Kup bilet<\/p>\n        <\/a>\n    <\/div>\n    <\/div>                                    <\/div>\n                                <\/div>\n                                                            <div class=\"tickets-slider__sliderItem swiper-slide\"\n                                    data-id=\"149973\"\n                                    data-name=\"Micha\u0142 Wi\u015bniewski Akustycznie V czyli (nie)Moje Przeboje\"\n                                    data-brand=\"REDADLER SP\u00d3\u0141KA Z OGRANICZON\u0104 ODPOWIEDZIALNO\u015aCI\u0104\"\n                                    data-category=\"muzyka\"\n                                    data-subcategory=\"pop\"\n                                    data-city=\"Cz\u0119stochowa, Ko\u0142o\"\n                                    data-venue=\"Akademickie Centrum Kultury i Sportu Politechniki Cz\u0119stochowskiej\">\n                                    <div class=\"tickets-slider__sliderCard\">\n                                        \n<div class=\"card-ticket\">\n        <div class=\"card-ticket__image\">\n        <a href=\"https:\/\/www.ebilet.pl\/muzyka\/pop\/michal-wisniewski-koncert\">\n            <img decoding=\"async\" src=\"https:\/\/www.ebilet.pl\/media\/cms\/media\/n4mljfkk\/unnamed-2-c899e839-6798-4c77-8995-1fdeef7dfc9a.webp\" alt=\"Plakat wydarzenia\" \/>\n        <\/a>\n    <\/div>\n             \n    <div class=\"card-ticket__link\">\n        <a href=\"https:\/\/www.ebilet.pl\/muzyka\/pop\/michal-wisniewski-koncert\" class=\"button button--theme-primary-yellow button--withIconLeft button--size-small\">\n            <span class=\"button__icon icon icon-ticket\"><\/span>\n            <p class=\"button__text typo-16 f-600\">Kup bilet<\/p>\n        <\/a>\n    <\/div>\n    <\/div>                                    <\/div>\n                                <\/div>\n                                                            <div class=\"tickets-slider__sliderItem swiper-slide\"\n                                    data-id=\"165817\"\n                                    data-name=\"Ballady Mi\u0142o\u015bci - Koncert Walentynkowy\"\n                                    data-brand=\"TARGREM SP\u00d3\u0141KA Z OGRANICZON\u0104 ODPOWIEDZIALNO\u015aCI\u0104\"\n                                    data-category=\"muzyka\"\n                                    data-subcategory=\"pop\"\n                                    data-city=\"Bia\u0142ystok, Warszawa\"\n                                    data-venue=\"Aula Koncertowa WSFiZ w Bia\u0142ymstoku\">\n                                    <div class=\"tickets-slider__sliderCard\">\n                                        \n<div class=\"card-ticket\">\n        <div class=\"card-ticket__image\">\n        <a href=\"https:\/\/www.ebilet.pl\/muzyka\/pop\/ballady-milosci\">\n            <img decoding=\"async\" src=\"https:\/\/www.ebilet.pl\/media\/cms\/media\/ofznuoy5\/552x736-1-1-c02dc944-efc8-403a-b16f-ac2b2295b1c1.webp\" alt=\"Plakat wydarzenia\" \/>\n        <\/a>\n    <\/div>\n             \n    <div class=\"card-ticket__link\">\n        <a href=\"https:\/\/www.ebilet.pl\/muzyka\/pop\/ballady-milosci\" class=\"button button--theme-primary-yellow button--withIconLeft button--size-small\">\n            <span class=\"button__icon icon icon-ticket\"><\/span>\n            <p class=\"button__text typo-16 f-600\">Kup bilet<\/p>\n        <\/a>\n    <\/div>\n    <\/div>                                    <\/div>\n                                <\/div>\n                                                            <div class=\"tickets-slider__sliderItem swiper-slide\"\n                                    data-id=\"164643\"\n                                    data-name=\"Love songs przy \u015awiecach\"\n                                    data-brand=\"Royal Tributes Sp. z o.o.\"\n                                    data-category=\"muzyka\"\n                                    data-subcategory=\"pop\"\n                                    data-city=\"Bydgoszcz, Lublin, Nysa i inne\"\n                                    data-venue=\"Filharmonia im. H. Wieniawskiego w Lublinie\">\n                                    <div class=\"tickets-slider__sliderCard\">\n                                        \n<div class=\"card-ticket\">\n        <div class=\"card-ticket__image\">\n        <a href=\"https:\/\/www.ebilet.pl\/muzyka\/pop\/love-songs-przy-swiecach\">\n            <img decoding=\"async\" src=\"https:\/\/www.ebilet.pl\/media\/cms\/media\/52nbinll\/552x736-28d01cf1-ea91-445d-aaa1-2ead9537af4e.webp\" alt=\"Plakat wydarzenia\" \/>\n        <\/a>\n    <\/div>\n             \n    <div class=\"card-ticket__link\">\n        <a href=\"https:\/\/www.ebilet.pl\/muzyka\/pop\/love-songs-przy-swiecach\" class=\"button button--theme-primary-yellow button--withIconLeft button--size-small\">\n            <span class=\"button__icon icon icon-ticket\"><\/span>\n            <p class=\"button__text typo-16 f-600\">Kup bilet<\/p>\n        <\/a>\n    <\/div>\n    <\/div>                                    <\/div>\n                                <\/div>\n                                                            <div class=\"tickets-slider__sliderItem swiper-slide\"\n                                    data-id=\"27087\"\n                                    data-name=\"Tokio Hotel\"\n                                    data-brand=\"Knock Out Productions\"\n                                    data-category=\"muzyka\"\n                                    data-subcategory=\"pop\"\n                                    data-city=\"Warszawa\"\n                                    data-venue=\"Letnia Scena Progresji\">\n                                    <div class=\"tickets-slider__sliderCard\">\n                                        \n<div class=\"card-ticket\">\n        <div class=\"card-ticket__image\">\n        <a href=\"https:\/\/www.ebilet.pl\/muzyka\/pop\/tokio-hotel\">\n            <img decoding=\"async\" src=\"https:\/\/www.ebilet.pl\/media\/cms\/media\/i02j3uly\/tokio-hotel-552.webp\" alt=\"Plakat wydarzenia\" \/>\n        <\/a>\n    <\/div>\n             \n    <div class=\"card-ticket__link\">\n        <a href=\"https:\/\/www.ebilet.pl\/muzyka\/pop\/tokio-hotel\" class=\"button button--theme-primary-yellow button--withIconLeft button--size-small\">\n            <span class=\"button__icon icon icon-ticket\"><\/span>\n            <p class=\"button__text typo-16 f-600\">Kup bilet<\/p>\n        <\/a>\n    <\/div>\n    <\/div>                                    <\/div>\n                                <\/div>\n                                                            <div class=\"tickets-slider__sliderItem swiper-slide\"\n                                    data-id=\"178334\"\n                                    data-name=\"Muzyka Michaela Jacksona na 28. pi\u0119trze\"\n                                    data-brand=\"SVITLO CONCERT Sp. z o.o.\"\n                                    data-category=\"muzyka\"\n                                    data-subcategory=\"pop\"\n                                    data-city=\"Warszawa\"\n                                    data-venue=\"Sky Hall by Svitlo Concert\">\n                                    <div class=\"tickets-slider__sliderCard\">\n                                        \n<div class=\"card-ticket\">\n        <div class=\"card-ticket__image\">\n        <a href=\"https:\/\/www.ebilet.pl\/muzyka\/pop\/muzyka-michaela-jacksona\">\n            <img decoding=\"async\" src=\"https:\/\/www.ebilet.pl\/media\/cms\/media\/nrhcdz3u\/552_736-michael-jackson-9ffa6af2-17b9-4e0f-9762-3d6ea8297072.webp\" alt=\"Plakat wydarzenia\" \/>\n        <\/a>\n    <\/div>\n             \n    <div class=\"card-ticket__link\">\n        <a href=\"https:\/\/www.ebilet.pl\/muzyka\/pop\/muzyka-michaela-jacksona\" class=\"button button--theme-primary-yellow button--withIconLeft button--size-small\">\n            <span class=\"button__icon icon icon-ticket\"><\/span>\n            <p class=\"button__text typo-16 f-600\">Kup bilet<\/p>\n        <\/a>\n    <\/div>\n    <\/div>                                    <\/div>\n                                <\/div>\n                                                            <div class=\"tickets-slider__sliderItem swiper-slide\"\n                                    data-id=\"178116\"\n                                    data-name=\"Muzyka Adele i Amy Winehouse na 28. pi\u0119trze\"\n                                    data-brand=\"SVITLO CONCERT Sp. z o.o.\"\n                                    data-category=\"muzyka\"\n                                    data-subcategory=\"pop\"\n                                    data-city=\"Warszawa\"\n                                    data-venue=\"Sky Hall by Svitlo Concert\">\n                                    <div class=\"tickets-slider__sliderCard\">\n                                        \n<div class=\"card-ticket\">\n        <div class=\"card-ticket__image\">\n        <a href=\"https:\/\/www.ebilet.pl\/muzyka\/pop\/muzyka-adele-i-amy-winehouse\">\n            <img decoding=\"async\" src=\"https:\/\/www.ebilet.pl\/media\/cms\/media\/001c4fs1\/552_736-adele-i-amy-winehouse-bd392d09-5c84-4cbc-9e0f-02231d6a2bd6.webp\" alt=\"Plakat wydarzenia\" \/>\n        <\/a>\n    <\/div>\n             \n    <div class=\"card-ticket__link\">\n        <a href=\"https:\/\/www.ebilet.pl\/muzyka\/pop\/muzyka-adele-i-amy-winehouse\" class=\"button button--theme-primary-yellow button--withIconLeft button--size-small\">\n            <span class=\"button__icon icon icon-ticket\"><\/span>\n            <p class=\"button__text typo-16 f-600\">Kup bilet<\/p>\n        <\/a>\n    <\/div>\n    <\/div>                                    <\/div>\n                                <\/div>\n                                                            <div class=\"tickets-slider__sliderItem swiper-slide\"\n                                    data-id=\"154840\"\n                                    data-name=\"The Magic of Disco\"\n                                    data-brand=\"Solaris Music Management \"\n                                    data-category=\"muzyka\"\n                                    data-subcategory=\"pop\"\n                                    data-city=\"Bydgoszcz, Gdynia, Gorz\u00f3w Wielkopolski i inne\"\n                                    data-venue=\"Stegu Arena\">\n                                    <div class=\"tickets-slider__sliderCard\">\n                                        \n<div class=\"card-ticket\">\n        <div class=\"card-ticket__image\">\n        <a href=\"https:\/\/www.ebilet.pl\/muzyka\/pop\/the-magic-of-disco\">\n            <img decoding=\"async\" src=\"https:\/\/www.ebilet.pl\/media\/cms\/media\/riofi3of\/disco_ebilet_krakow_21022026_552_736-8ef61ae1-3cc4-4f66-8323-a30c9eaffbad.webp\" alt=\"Plakat wydarzenia\" \/>\n        <\/a>\n    <\/div>\n             \n    <div class=\"card-ticket__link\">\n        <a href=\"https:\/\/www.ebilet.pl\/muzyka\/pop\/the-magic-of-disco\" class=\"button button--theme-primary-yellow button--withIconLeft button--size-small\">\n            <span class=\"button__icon icon icon-ticket\"><\/span>\n            <p class=\"button__text typo-16 f-600\">Kup bilet<\/p>\n        <\/a>\n    <\/div>\n    <\/div>                                    <\/div>\n                                <\/div>\n                                                            <div class=\"tickets-slider__sliderItem swiper-slide\"\n                                    data-id=\"61029\"\n                                    data-name=\"Thomas Anders from Modern Talking &amp; Band - 40-lecie Modern Talking\"\n                                    data-brand=\"Solaris Music Management \"\n                                    data-category=\"muzyka\"\n                                    data-subcategory=\"pop\"\n                                    data-city=\"Bydgoszcz, Cz\u0119stochowa, Jasionka i inne\"\n                                    data-venue=\"ZEN.COM Expo Centrum Wystawienniczo Kongresowe w Jasionce\">\n                                    <div class=\"tickets-slider__sliderCard\">\n                                        \n<div class=\"card-ticket\">\n        <div class=\"card-ticket__image\">\n        <a href=\"https:\/\/www.ebilet.pl\/muzyka\/pop\/modern-talking-band\">\n            <img decoding=\"async\" src=\"https:\/\/www.ebilet.pl\/media\/cms\/media\/s1eariar\/thomas_anders_ebilet_552_736_new-97ca17d0-926a-4b1e-bcd7-b4d6324c2a9f.webp\" alt=\"Plakat wydarzenia\" \/>\n        <\/a>\n    <\/div>\n             \n    <div class=\"card-ticket__link\">\n        <a href=\"https:\/\/www.ebilet.pl\/muzyka\/pop\/modern-talking-band\" class=\"button button--theme-primary-yellow button--withIconLeft button--size-small\">\n            <span class=\"button__icon icon icon-ticket\"><\/span>\n            <p class=\"button__text typo-16 f-600\">Kup bilet<\/p>\n        <\/a>\n    <\/div>\n    <\/div>                                    <\/div>\n                                <\/div>\n                                                            <div class=\"tickets-slider__sliderItem swiper-slide\"\n                                    data-id=\"23158\"\n                                    data-name=\"Muzyka George&#039;a Michaela i Stinga na 28. pi\u0119trze przy \u015bwiecach\"\n                                    data-brand=\"SVITLO CONCERT Sp. z o.o.\"\n                                    data-category=\"muzyka\"\n                                    data-subcategory=\"pop\"\n                                    data-city=\"Warszawa\"\n                                    data-venue=\"Sky Hall by Svitlo Concert\">\n                                    <div class=\"tickets-slider__sliderCard\">\n                                        \n<div class=\"card-ticket\">\n        <div class=\"card-ticket__image\">\n        <a href=\"https:\/\/www.ebilet.pl\/muzyka\/pop\/tribute-to-george-michael\">\n            <img decoding=\"async\" src=\"https:\/\/www.ebilet.pl\/media\/cms\/media\/mlwjpuyc\/552_736-georg-michael_sting-1-d8ce893e-5dc6-4d72-b4c1-b526fb055d4f.webp\" alt=\"Plakat wydarzenia\" \/>\n        <\/a>\n    <\/div>\n             \n    <div class=\"card-ticket__link\">\n        <a href=\"https:\/\/www.ebilet.pl\/muzyka\/pop\/tribute-to-george-michael\" class=\"button button--theme-primary-yellow button--withIconLeft button--size-small\">\n            <span class=\"button__icon icon icon-ticket\"><\/span>\n            <p class=\"button__text typo-16 f-600\">Kup bilet<\/p>\n        <\/a>\n    <\/div>\n    <\/div>                                    <\/div>\n                                <\/div>\n                                                            <div class=\"tickets-slider__sliderItem swiper-slide\"\n                                    data-id=\"182912\"\n                                    data-name=\"Za Starzy Na Techno\"\n                                    data-brand=\"DANCE ADVENTURES \u0141UKASZ S\u0141ANIEWSKI\"\n                                    data-category=\"muzyka\"\n                                    data-subcategory=\"pop\"\n                                    data-city=\"Bia\u0142ystok, Gda\u0144sk, Krak\u00f3w i inne\"\n                                    data-venue=\"Willa w parku\">\n                                    <div class=\"tickets-slider__sliderCard\">\n                                        \n<div class=\"card-ticket\">\n        <div class=\"card-ticket__image\">\n        <a href=\"https:\/\/www.ebilet.pl\/muzyka\/pop\/za-starzy-na-techno\">\n            <img decoding=\"async\" src=\"https:\/\/www.ebilet.pl\/media\/cms\/media\/b5ydr2vh\/zaczynamy-o-1600-kon-czymy-o-2200-65bcd0f3-1121-45c0-b64d-a0684a008bd4.webp\" alt=\"Plakat wydarzenia\" \/>\n        <\/a>\n    <\/div>\n             \n    <div class=\"card-ticket__link\">\n        <a href=\"https:\/\/www.ebilet.pl\/muzyka\/pop\/za-starzy-na-techno\" class=\"button button--theme-primary-yellow button--withIconLeft button--size-small\">\n            <span class=\"button__icon icon icon-ticket\"><\/span>\n            <p class=\"button__text typo-16 f-600\">Kup bilet<\/p>\n        <\/a>\n    <\/div>\n    <\/div>                                    <\/div>\n                                <\/div>\n                                                            <div class=\"tickets-slider__sliderItem swiper-slide\"\n                                    data-id=\"179447\"\n                                    data-name=\"RETELEVSKI\"\n                                    data-brand=\"Micha\u0142 Retelewski\"\n                                    data-category=\"muzyka\"\n                                    data-subcategory=\"pop\"\n                                    data-city=\"Kielce, Mys\u0142owice, Starachowice\"\n                                    data-venue=\"Park Kultury\">\n                                    <div class=\"tickets-slider__sliderCard\">\n                                        \n<div class=\"card-ticket\">\n        <div class=\"card-ticket__image\">\n        <a href=\"https:\/\/www.ebilet.pl\/muzyka\/pop\/retelevski\">\n            <img decoding=\"async\" src=\"https:\/\/www.ebilet.pl\/media\/cms\/media\/xbglkhgj\/552-ret-cc5c3e85-b3e7-48cb-b0ad-70aae0736ee9.webp\" alt=\"Plakat wydarzenia\" \/>\n        <\/a>\n    <\/div>\n             \n    <div class=\"card-ticket__link\">\n        <a href=\"https:\/\/www.ebilet.pl\/muzyka\/pop\/retelevski\" class=\"button button--theme-primary-yellow button--withIconLeft button--size-small\">\n            <span class=\"button__icon icon icon-ticket\"><\/span>\n            <p class=\"button__text typo-16 f-600\">Kup bilet<\/p>\n        <\/a>\n    <\/div>\n    <\/div>                                    <\/div>\n                                <\/div>\n                                                            <div class=\"tickets-slider__sliderItem swiper-slide\"\n                                    data-id=\"172365\"\n                                    data-name=\"Alphaville - Forever Young\"\n                                    data-brand=\"Polor Studio Sp. z o.o.\"\n                                    data-category=\"muzyka\"\n                                    data-subcategory=\"pop\"\n                                    data-city=\"Gorz\u00f3w Wielkopolski, Lublin, Opole i inne\"\n                                    data-venue=\"Pawilon 3A MTP\">\n                                    <div class=\"tickets-slider__sliderCard\">\n                                        \n<div class=\"card-ticket\">\n        <div class=\"card-ticket__image\">\n        <a href=\"https:\/\/www.ebilet.pl\/muzyka\/pop\/alphaville\">\n            <img decoding=\"async\" src=\"https:\/\/www.ebilet.pl\/media\/cms\/media\/jkkiiixs\/552x736alp.webp\" alt=\"Plakat wydarzenia\" \/>\n        <\/a>\n    <\/div>\n             \n    <div class=\"card-ticket__link\">\n        <a href=\"https:\/\/www.ebilet.pl\/muzyka\/pop\/alphaville\" class=\"button button--theme-primary-yellow button--withIconLeft button--size-small\">\n            <span class=\"button__icon icon icon-ticket\"><\/span>\n            <p class=\"button__text typo-16 f-600\">Kup bilet<\/p>\n        <\/a>\n    <\/div>\n    <\/div>                                    <\/div>\n                                <\/div>\n                                                    <\/div>\n                    <\/div>\n                <\/div>\n            <\/div>\n        <\/div>\n    <\/div>\n<\/section>\n\n\n<section class=\"text-block  section-margin-32\" >\n    <div class=\"container\">\n        <div class=\"row\">\n            <div class=\"col-24\">\n                <div class=\"text-block__content\"><h2>To nie koniec! Ed Sheeran nagra\u0142 &#8220;Celestial&#8221; ju\u017c kilka lat wcze\u015bniej<\/h2>\n<p>Czy fan\u00f3w piosenkarza dziwi jego udzia\u0142 w <strong>Pok\u00e9mon World Championships?<\/strong> Sk\u0105d\u017ce! Ci, kt\u00f3rzy \u015bledz\u0105 muzyczne losy <strong>Sheerana<\/strong>, doskonale wiedz\u0105, \u017ce tw\u00f3rca ma na swoim koncie piosenk\u0119 Celestial, wpisuj\u0105c\u0105 si\u0119 w \u015bcie\u017ck\u0119 d\u017awi\u0119kow\u0105 gry <strong>&#8220;Pok\u00e9mon Scarlet &amp; Violet&#8221;.<\/strong> Jak przyzna\u0142 autor w 2022 roku, wsp\u00f3\u0142praca by\u0142a dla niego czyst\u0105 przyjemno\u015bci\u0105, poniewa\u017c darzy t\u0119 seri\u0119 sympati\u0105 od najm\u0142odszych lat. Piosenkarz wspomina\u0142, \u017ce gdy by\u0142 dzieckiem, ch\u0119tnie wymienia\u0142 si\u0119 z bratem kartami, ale to gry by\u0142y tym, co ostatecznie wci\u0105gn\u0119\u0142o go w ten \u015bwiat. <strong>Ed<\/strong> opowiedzia\u0142, \u017ce w\u0142a\u015bnie ta seria da\u0142a mu ukojenie w trudnych chwilach i by\u0142a ucieczk\u0105 od problem\u00f3w.<em> &#8220;Mimo \u017ce jestem ju\u017c po trzydziestce, wci\u0105\u017c mam tego samego Game Boya i gram w Pok\u00e9mon Yellow lub Silver w samolotach i poci\u0105gach, gdy jestem w trasie&#8221;<\/em> &#8211; przyzna\u0142 Sheeran. Tym samym podkre\u015bli\u0142, \u017ce nagranie<strong> &#8220;Celestial&#8221;<\/strong> i do\u0142o\u017cenie swojej cegie\u0142ki dla tego muzycznego \u015bwiata sta\u0142o si\u0119 dla niego ogromn\u0105 nobilitacj\u0105. Co wi\u0119cej, w tamtym okresie postanowi\u0142 wytatuowa\u0107 sobie <strong>Squirtle\u2019a<\/strong>, czyli posta\u0107 dobrze znan\u0105 mi\u0142o\u015bnikom serii.<\/p>\n<\/div>\n            <\/div>\n        <\/div>\n    <\/div>\n<\/section>\n\n\n<figure class=\"wp-block-embed is-type-video is-provider-youtube wp-block-embed-youtube wp-embed-aspect-16-9 wp-has-aspect-ratio\"><div class=\"wp-block-embed__wrapper\">\n<iframe loading=\"lazy\" title=\"Ed Sheeran, Pok\u00e9mon - Celestial [Official Video]\" width=\"500\" height=\"281\" src=\"https:\/\/www.youtube.com\/embed\/23g5HBOg3Ic?feature=oembed\" frameborder=\"0\" allow=\"accelerometer; autoplay; clipboard-write; encrypted-media; gyroscope; picture-in-picture; web-share\" referrerpolicy=\"strict-origin-when-cross-origin\" allowfullscreen><\/iframe>\n<\/div><\/figure>\n\n\n<section class=\"gap-block  section-margin-32 section-margin-32\"><\/section>\n\n\n<section  class=\"recommended-article  section-margin-32\">\n    <div class=\"container\">\n        <div class=\"row\">\n            <div class=\"col-24\">\n                                <div class=\"recommended-article__title\">\n                    <p class=\"typo-18\">Przeczytaj te\u017c:<\/p>\n                <\/div>\n                                                <div class=\"recommended-article__card\">\n                    \n<div class=\"card-article  card-article--imgpadding-default card-article--featured\">\n    <div class=\"card-article__wrapper\">\n                <div class=\"card-article__thumbnail\">\n                        <a class=\"card-article__link\" href=\"https:\/\/www.ebilet.pl\/now\/ed-sheeran-zaspiewal-po-polsku-posluchaj-azizam\/\" title=\"Ed Sheeran za\u015bpiewa\u0142 po polsku! Pos\u0142uchaj &#8220;Azizam&#8221;\"><\/a>\n                        <div class=\"card-article__image\"><img loading=\"lazy\" decoding=\"async\" width=\"1920\" height=\"1080\" src=\"https:\/\/www.ebilet.pl\/now\/app\/uploads\/2025\/10\/LATWOGANG-ft.-Ed-Sheeran-Azizam-desktop.jpg\" class=\"attachment- size-\" alt=\"\" srcset=\"https:\/\/www.ebilet.pl\/now\/app\/uploads\/2025\/10\/LATWOGANG-ft.-Ed-Sheeran-Azizam-desktop.jpg 1920w, https:\/\/www.ebilet.pl\/now\/app\/uploads\/2025\/10\/LATWOGANG-ft.-Ed-Sheeran-Azizam-desktop-1024x576.jpg 1024w, https:\/\/www.ebilet.pl\/now\/app\/uploads\/2025\/10\/LATWOGANG-ft.-Ed-Sheeran-Azizam-desktop-1536x864.jpg 1536w, https:\/\/www.ebilet.pl\/now\/app\/uploads\/2025\/10\/LATWOGANG-ft.-Ed-Sheeran-Azizam-desktop-1280x720.jpg 1280w, https:\/\/www.ebilet.pl\/now\/app\/uploads\/2025\/10\/LATWOGANG-ft.-Ed-Sheeran-Azizam-desktop-500x281.jpg 500w, https:\/\/www.ebilet.pl\/now\/app\/uploads\/2025\/10\/LATWOGANG-ft.-Ed-Sheeran-Azizam-desktop-632x356.jpg 632w, https:\/\/www.ebilet.pl\/now\/app\/uploads\/2025\/10\/LATWOGANG-ft.-Ed-Sheeran-Azizam-desktop-308x174.jpg 308w\" sizes=\"auto, (max-width: 1920px) 100vw, 1920px\" \/><\/div>\n        <\/div>\n                        <div class=\"card-article__content\">\n                        <div class=\"card-article__top\">\n                                <div class=\"card-article__date\">\n                    <span class=\"card-article__dateIcon icon icon-calendar\"><\/span>\n                    <span class=\"typo-12\">10.10.2025<\/span>\n                <\/div>\n                                                <div class=\"card-article__categories\">\n                                        <div class=\"card-article__category\">\n                    \n<a href=\"https:\/\/www.ebilet.pl\/now\/tag\/ed-sheeran\/\" class=\"tag tag--fire-opal\" style=\"background-color: #1e73be\">\n    <p class=\"tag__name\">Ed Sheeran<\/p>\n<\/a>\n                    <\/div>\n                                        <div class=\"card-article__category\">\n                    \n<a href=\"https:\/\/www.ebilet.pl\/now\/tag\/ciekawostki\/\" class=\"tag tag--fire-opal\" style=\"background-color: #1e73be\">\n    <p class=\"tag__name\">Ciekawostki<\/p>\n<\/a>\n                    <\/div>\n                                    <\/div>\n                                            <\/div>\n                                    <div class=\"card-article__title under-h4\">\n                                    <a href=\"https:\/\/www.ebilet.pl\/now\/ed-sheeran-zaspiewal-po-polsku-posluchaj-azizam\/\" class=\"split-title typo-h1 f-700\" data-text-split>\n                                                    <span class=\"split-title__word\">Ed<\/span>\n                                                    <span class=\"split-title__word\">Sheeran<\/span>\n                                                    <span class=\"split-title__word\">za\u015bpiewa\u0142<\/span>\n                                                    <span class=\"split-title__word\">po<\/span>\n                                                    <span class=\"split-title__word\">polsku!<\/span>\n                                                    <span class=\"split-title__word\">Pos\u0142uchaj<\/span>\n                                                    <span class=\"split-title__word\">&#8220;Azizam&#8221;<\/span>\n                                            <\/a>\n                            <\/div>\n                                <\/div>\n    <\/div>\n<\/div>                <\/div>\n                            <\/div>\n        <\/div>\n    <\/div>\n<\/section>\n\n\n<section class=\"events-slider-block  section-margin-32\" data-events-slider-block data-carousel-title=\"Gor\u0105ce wydarzenia\" data-carousel-type=\"gor\u0105ce_wydarzenia\" data-item-list-name=\"Gor\u0105ce wydarzenia Gor\u0105ce wydarzenia\" data-item-list-id=\"gor\u0105ce_wydarzenia Gor\u0105ce wydarzenia\" >\n    <div class=\"container\">\n        <div class=\"row\">\n            <div class=\"col-24\">\n                <div class=\"events-slider-block__wrapper\">\n                                            <div class=\"events-slider-block__bg\"><img loading=\"lazy\" decoding=\"async\" width=\"1920\" height=\"1080\" src=\"https:\/\/www.ebilet.pl\/now\/app\/uploads\/2024\/04\/shutterstock_1308510637.jpg\" class=\"attachment-full size-full\" alt=\"Fot.\" srcset=\"https:\/\/www.ebilet.pl\/now\/app\/uploads\/2024\/04\/shutterstock_1308510637.jpg 1920w, https:\/\/www.ebilet.pl\/now\/app\/uploads\/2024\/04\/shutterstock_1308510637-1024x576.jpg 1024w, https:\/\/www.ebilet.pl\/now\/app\/uploads\/2024\/04\/shutterstock_1308510637-1536x864.jpg 1536w, https:\/\/www.ebilet.pl\/now\/app\/uploads\/2024\/04\/shutterstock_1308510637-1280x720.jpg 1280w, https:\/\/www.ebilet.pl\/now\/app\/uploads\/2024\/04\/shutterstock_1308510637-500x281.jpg 500w, https:\/\/www.ebilet.pl\/now\/app\/uploads\/2024\/04\/shutterstock_1308510637-632x356.jpg 632w, https:\/\/www.ebilet.pl\/now\/app\/uploads\/2024\/04\/shutterstock_1308510637-308x174.jpg 308w\" sizes=\"auto, (max-width: 1920px) 100vw, 1920px\" \/><\/div>\n                                                                <div class=\"events-slider-block__top\">\n                                                            <div class=\"events-slider-block__title desktop\">\n                                    <h2 class=\"typo-h2\">Gor\u0105ce wydarzenia<\/h2>\n                                <\/div>\n                                                                                        <div class=\"events-slider-block__title mobile\">\n                                    <h2 class=\"typo-h2\">Gor\u0105ce wydarzenia<\/h2>\n                                <\/div>\n                                                    <\/div>\n                                                            <div class=\"events-slider-block__main\">\n                        <div class=\"events-slider-block__nav events-slider-block__nav--prev\">\n                            <div class=\"button button--withIcon button--theme-white-blur button--size-fixed-48\" data-events-prev>\n                                <span class=\"button__icon icon icon-chevron-left\"><\/span>\n                            <\/div>\n                        <\/div>\n                        <div class=\"events-slider-block__nav events-slider-block__nav--next\">\n                            <div class=\"button button--withIcon button--theme-white-blur button--size-fixed-48\" data-events-next>\n                                <span class=\"button__icon icon icon-chevron-right\"><\/span>\n                            <\/div>\n                        <\/div>\n                        <div class=\"events-slider-block__slider\">\n                            <div class=\"swiper\" data-events-slider>\n                                <div class=\"events-slider-block__sliderWrapper swiper-wrapper\">\n                                                                    <div class=\"events-slider-block__sliderItem swiper-slide\">\n                                    \n<div class=\"card-event  card-event--size-small\">\n        <a href=\"https:\/\/www.ebilet.pl\/muzyka\/pop\/tokio-hotel\" target=\"_blank\" class=\"card-event__link\" rel=\"nofollow noopener\"><\/a>\n        <div class=\"card-event__wrapper\">\n        <div class=\"card-event__image\">\n            <img decoding=\"async\" src=\"https:\/\/www.ebilet.pl\/media\/cms\/media\/i02j3uly\/tokio-hotel-552.webp\" alt=\"\">\n        <\/div>\n        <div class=\"card-event__data\">\n            <div class=\"card-event__name\">\n                <p>Tokio Hotel<\/p>\n            <\/div>\n            <div class=\"card-event__date\">19.08.2027-19.08.2027<\/div>\n            <div class=\"card-event__location\">Warszawa<\/div>\n        <\/div>\n    <\/div>\n<\/div>                                    <\/div>\n                                                                    <div class=\"events-slider-block__sliderItem swiper-slide\">\n                                    \n<div class=\"card-event  card-event--size-small\">\n        <a href=\"https:\/\/www.ebilet.pl\/muzyka\/festiwale\/opener-festival\" target=\"_blank\" class=\"card-event__link\" rel=\"nofollow noopener\"><\/a>\n        <div class=\"card-event__wrapper\">\n        <div class=\"card-event__image\">\n            <img decoding=\"async\" src=\"https:\/\/www.ebilet.pl\/media\/cms\/media\/qkso1del\/opene_2027_tameimpala_552x736_ebilet-1d7aa61e-0a2a-4f3b-b538-d84518354aa2.webp\" alt=\"\">\n        <\/div>\n        <div class=\"card-event__data\">\n            <div class=\"card-event__name\">\n                <p>Open&#8217;er Festival 2027<\/p>\n            <\/div>\n            <div class=\"card-event__date\">30.06.2027-30.06.2027<\/div>\n            <div class=\"card-event__location\">Gdynia<\/div>\n        <\/div>\n    <\/div>\n<\/div>                                    <\/div>\n                                                                    <div class=\"events-slider-block__sliderItem swiper-slide\">\n                                    \n<div class=\"card-event  card-event--size-small\">\n        <a href=\"https:\/\/www.ebilet.pl\/sport\/sporty-druzynowe\/koszykowka-mecz\" target=\"_blank\" class=\"card-event__link\" rel=\"nofollow noopener\"><\/a>\n        <div class=\"card-event__wrapper\">\n        <div class=\"card-event__image\">\n            <img decoding=\"async\" src=\"https:\/\/www.ebilet.pl\/media\/cms\/media\/hoxono4g\/podstawowe_portal-98225706-f40f-4253-9b63-9f6c375fb13f.webp\" alt=\"\">\n        <\/div>\n        <div class=\"card-event__data\">\n            <div class=\"card-event__name\">\n                <p>Kwalifikacje do Mistrzostw \u015awiata w koszyk\u00f3wce m\u0119\u017cczyzn 2027: Polska \u2013 Chorwacja<\/p>\n            <\/div>\n            <div class=\"card-event__date\">27.11.2026-27.11.2026<\/div>\n            <div class=\"card-event__location\">Gliwice<\/div>\n        <\/div>\n    <\/div>\n<\/div>                                    <\/div>\n                                                                    <div class=\"events-slider-block__sliderItem swiper-slide\">\n                                    \n<div class=\"card-event  card-event--size-small\">\n        <a href=\"https:\/\/www.ebilet.pl\/muzyka\/pop\/take-that\" target=\"_blank\" class=\"card-event__link\" rel=\"nofollow noopener\"><\/a>\n        <div class=\"card-event__wrapper\">\n        <div class=\"card-event__image\">\n            <img decoding=\"async\" src=\"https:\/\/www.ebilet.pl\/media\/cms\/media\/eiqdozli\/ebilet-552x736-take-that.webp\" alt=\"\">\n        <\/div>\n        <div class=\"card-event__data\">\n            <div class=\"card-event__name\">\n                <p>Take That<\/p>\n            <\/div>\n            <div class=\"card-event__date\">13.06.2027-13.06.2027<\/div>\n            <div class=\"card-event__location\">Warszawa<\/div>\n        <\/div>\n    <\/div>\n<\/div>                                    <\/div>\n                                                                    <div class=\"events-slider-block__sliderItem swiper-slide\">\n                                    \n<div class=\"card-event  card-event--size-small\">\n        <a href=\"https:\/\/www.ebilet.pl\/biznes\/wystawa\/van-gogh\" target=\"_blank\" class=\"card-event__link\" rel=\"nofollow noopener\"><\/a>\n        <div class=\"card-event__wrapper\">\n        <div class=\"card-event__image\">\n            <img decoding=\"async\" src=\"https:\/\/www.ebilet.pl\/media\/cms\/media\/rx0pgtm4\/nowa-ebilet-_vg-__-lublin_-552-736-5ddf74a4-5cec-41cd-9f00-a4baa0f7a221.webp\" alt=\"\">\n        <\/div>\n        <div class=\"card-event__data\">\n            <div class=\"card-event__name\">\n                <p>VAN GOGH \u2013 Wystawa Immersyjna &#8211; Lublin<\/p>\n            <\/div>\n            <div class=\"card-event__date\">15.09.2026-15.09.2026<\/div>\n            <div class=\"card-event__location\">Lublin<\/div>\n        <\/div>\n    <\/div>\n<\/div>                                    <\/div>\n                                                                    <div class=\"events-slider-block__sliderItem swiper-slide\">\n                                    \n<div class=\"card-event  card-event--size-small\">\n        <a href=\"https:\/\/www.ebilet.pl\/muzyka\/rock\/russell-crowe\" target=\"_blank\" class=\"card-event__link\" rel=\"nofollow noopener\"><\/a>\n        <div class=\"card-event__wrapper\">\n        <div class=\"card-event__image\">\n            <img decoding=\"async\" src=\"https:\/\/www.ebilet.pl\/media\/cms\/media\/dajolyng\/rusel_pion-738c048c-2504-4de3-a226-d83518cf8463.webp\" alt=\"\">\n        <\/div>\n        <div class=\"card-event__data\">\n            <div class=\"card-event__name\">\n                <p>Russell Crowe\u2019s Indoor Garden Party<\/p>\n            <\/div>\n            <div class=\"card-event__date\">05.06.2027-05.06.2027<\/div>\n            <div class=\"card-event__location\">\u0106miel\u00f3w<\/div>\n        <\/div>\n    <\/div>\n<\/div>                                    <\/div>\n                                                                    <div class=\"events-slider-block__sliderItem swiper-slide\">\n                                    \n<div class=\"card-event  card-event--size-small\">\n        <a href=\"https:\/\/www.ebilet.pl\/muzyka\/festiwale\/olsztyn-green-festival\" target=\"_blank\" class=\"card-event__link\" rel=\"nofollow noopener\"><\/a>\n        <div class=\"card-event__wrapper\">\n        <div class=\"card-event__image\">\n            <img decoding=\"async\" src=\"https:\/\/www.ebilet.pl\/media\/cms\/media\/ivzhtv3z\/1080x1350_ogf_edycja_2027-18faf89b-3a6e-4aa9-b07b-593f24448a27.webp\" alt=\"\">\n        <\/div>\n        <div class=\"card-event__data\">\n            <div class=\"card-event__name\">\n                <p>Olsztyn Green Festival 2027<\/p>\n            <\/div>\n            <div class=\"card-event__date\">13.08.2027-13.08.2027<\/div>\n            <div class=\"card-event__location\">Olsztyn<\/div>\n        <\/div>\n    <\/div>\n<\/div>                                    <\/div>\n                                                                    <div class=\"events-slider-block__sliderItem swiper-slide\">\n                                    \n<div class=\"card-event  card-event--size-small\">\n        <a href=\"https:\/\/www.ebilet.pl\/muzyka\/pop\/pitbull\" target=\"_blank\" class=\"card-event__link\" rel=\"nofollow noopener\"><\/a>\n        <div class=\"card-event__wrapper\">\n        <div class=\"card-event__image\">\n            <img decoding=\"async\" src=\"https:\/\/www.ebilet.pl\/media\/cms\/media\/5lzfwzwf\/pitbull_552x736-51986cca-48f5-4419-a9c5-cba531ed65a3.webp\" alt=\"\">\n        <\/div>\n        <div class=\"card-event__data\">\n            <div class=\"card-event__name\">\n                <p>Pitbull &#8211; I&#8217;m Back!<\/p>\n            <\/div>\n            <div class=\"card-event__date\">27.11.2026-27.11.2026<\/div>\n            <div class=\"card-event__location\">Gda\u0144sk\/Sopot, \u0141\u00f3d\u017a<\/div>\n        <\/div>\n    <\/div>\n<\/div>                                    <\/div>\n                                                                    <div class=\"events-slider-block__sliderItem swiper-slide\">\n                                    \n<div class=\"card-event  card-event--size-small\">\n        <a href=\"https:\/\/www.ebilet.pl\/muzyka\/piosenka\/koncert-koled-i-pastoralek-golec-uorkiestra\" target=\"_blank\" class=\"card-event__link\" rel=\"nofollow noopener\"><\/a>\n        <div class=\"card-event__wrapper\">\n        <div class=\"card-event__image\">\n            <img decoding=\"async\" src=\"https:\/\/www.ebilet.pl\/media\/cms\/media\/sqlacf5s\/golec_552x736_ebilet-c90c1dab-7443-46cc-b6f7-252554a5cab4.webp\" alt=\"\">\n        <\/div>\n        <div class=\"card-event__data\">\n            <div class=\"card-event__name\">\n                <p>Golec uOrkiestra &#8211; Koncert Kol\u0119d i Pastora\u0142ek<\/p>\n            <\/div>\n            <div class=\"card-event__date\">18.12.2026-18.12.2026<\/div>\n            <div class=\"card-event__location\">Bielsko-Bia\u0142a, Bydgoszcz, Gda\u0144sk i inne<\/div>\n        <\/div>\n    <\/div>\n<\/div>                                    <\/div>\n                                                                    <div class=\"events-slider-block__sliderItem swiper-slide\">\n                                    \n<div class=\"card-event  card-event--size-small\">\n        <a href=\"https:\/\/www.ebilet.pl\/muzyka\/rock\/fontaines-dc\" target=\"_blank\" class=\"card-event__link\" rel=\"nofollow noopener\"><\/a>\n        <div class=\"card-event__wrapper\">\n        <div class=\"card-event__image\">\n            <img decoding=\"async\" src=\"https:\/\/www.ebilet.pl\/media\/cms\/media\/ovge4bna\/fontaines_dc_portal_552x736.webp\" alt=\"\">\n        <\/div>\n        <div class=\"card-event__data\">\n            <div class=\"card-event__name\">\n                <p>Fontaines D.C. EU TOUR 2026<\/p>\n            <\/div>\n            <div class=\"card-event__date\">31.10.2026-31.10.2026<\/div>\n            <div class=\"card-event__location\">\u0141\u00f3d\u017a<\/div>\n        <\/div>\n    <\/div>\n<\/div>                                    <\/div>\n                                                                    <div class=\"events-slider-block__sliderItem swiper-slide\">\n                                    \n<div class=\"card-event  card-event--size-small\">\n        <a href=\"https:\/\/www.ebilet.pl\/muzyka\/hip-hop-rap\/gombao33\" target=\"_blank\" class=\"card-event__link\" rel=\"nofollow noopener\"><\/a>\n        <div class=\"card-event__wrapper\">\n        <div class=\"card-event__image\">\n            <img decoding=\"async\" src=\"https:\/\/www.ebilet.pl\/media\/cms\/media\/ctcikvkb\/gombao_bez_napisu-2ebe28b7-760a-4987-8d6c-0cb2fe6f2203.webp\" alt=\"\">\n        <\/div>\n        <div class=\"card-event__data\">\n            <div class=\"card-event__name\">\n                <p>G33 Tour &#8211; Tadeo x Szczepan x Wygu\u015b x Mata<\/p>\n            <\/div>\n            <div class=\"card-event__date\">12.09.2026-12.09.2026<\/div>\n            <div class=\"card-event__location\">Bydgoszcz, Gwi\u017adziny, Kra\u015bnik i inne<\/div>\n        <\/div>\n    <\/div>\n<\/div>                                    <\/div>\n                                                                    <div class=\"events-slider-block__sliderItem swiper-slide\">\n                                    \n<div class=\"card-event  card-event--size-small\">\n        <a href=\"https:\/\/www.ebilet.pl\/muzyka\/festiwale\/up-to-date-festival\" target=\"_blank\" class=\"card-event__link\" rel=\"nofollow noopener\"><\/a>\n        <div class=\"card-event__wrapper\">\n        <div class=\"card-event__image\">\n            <img decoding=\"async\" src=\"https:\/\/www.ebilet.pl\/media\/cms\/media\/jfdlnoqn\/ebilet-552x736-portal-wersja-2-c38ddeaf-bf05-4f54-9e4d-377e6b572335.webp\" alt=\"\">\n        <\/div>\n        <div class=\"card-event__data\">\n            <div class=\"card-event__name\">\n                <p>Up To Date Festival 2027<\/p>\n            <\/div>\n            <div class=\"card-event__date\">27.05.2027-27.05.2027<\/div>\n            <div class=\"card-event__location\">Bia\u0142ystok<\/div>\n        <\/div>\n    <\/div>\n<\/div>                                    <\/div>\n                                                                    <div class=\"events-slider-block__sliderItem swiper-slide\">\n                                    \n<div class=\"card-event  card-event--size-small\">\n        <a href=\"https:\/\/www.ebilet.pl\/muzyka\/hip-hop-rap\/otsochodzi\" target=\"_blank\" class=\"card-event__link\" rel=\"nofollow noopener\"><\/a>\n        <div class=\"card-event__wrapper\">\n        <div class=\"card-event__image\">\n            <img decoding=\"async\" src=\"https:\/\/www.ebilet.pl\/media\/cms\/media\/ucuizr2w\/tt-552-x-736-kopia.webp\" alt=\"\">\n        <\/div>\n        <div class=\"card-event__data\">\n            <div class=\"card-event__name\">\n                <p>Otsochodzi &#8211; RIOTT<\/p>\n            <\/div>\n            <div class=\"card-event__date\">01.10.2026-01.10.2026<\/div>\n            <div class=\"card-event__location\">Gda\u0144sk, Krak\u00f3w, Pozna\u0144 i inne<\/div>\n        <\/div>\n    <\/div>\n<\/div>                                    <\/div>\n                                                                    <div class=\"events-slider-block__sliderItem swiper-slide\">\n                                    \n<div class=\"card-event  card-event--size-small\">\n        <a href=\"https:\/\/www.ebilet.pl\/sport\/lekkoatletyka\/memorial-kamili-skolimowskiej\" target=\"_blank\" class=\"card-event__link\" rel=\"nofollow noopener\"><\/a>\n        <div class=\"card-event__wrapper\">\n        <div class=\"card-event__image\">\n            <img decoding=\"async\" src=\"https:\/\/www.ebilet.pl\/media\/cms\/media\/ebddns15\/552x736-78da7a2f-a7cf-4711-af9b-beba90926c7e.webp\" alt=\"\">\n        <\/div>\n        <div class=\"card-event__data\">\n            <div class=\"card-event__name\">\n                <p>Silesia Memoria\u0142 Kamili Skolimowskiej<\/p>\n            <\/div>\n            <div class=\"card-event__date\">15.08.2027-15.08.2027<\/div>\n            <div class=\"card-event__location\">Chorz\u00f3w<\/div>\n        <\/div>\n    <\/div>\n<\/div>                                    <\/div>\n                                                                    <div class=\"events-slider-block__sliderItem swiper-slide\">\n                                    \n<div class=\"card-event  card-event--size-small\">\n        <a href=\"https:\/\/www.ebilet.pl\/sport\/sporty-walki\/ksw-gala\" target=\"_blank\" class=\"card-event__link\" rel=\"nofollow noopener\"><\/a>\n        <div class=\"card-event__wrapper\">\n        <div class=\"card-event__image\">\n            <img decoding=\"async\" src=\"https:\/\/www.ebilet.pl\/media\/cms\/media\/cz4hwoy5\/ksw122_552x736-kopia-2bfd4e82-ebbc-475a-901b-7cd82d226339.webp\" alt=\"\">\n        <\/div>\n        <div class=\"card-event__data\">\n            <div class=\"card-event__name\">\n                <p>XTB KSW 122<\/p>\n            <\/div>\n            <div class=\"card-event__date\">10.10.2026-10.10.2026<\/div>\n            <div class=\"card-event__location\">Rzesz\u00f3w<\/div>\n        <\/div>\n    <\/div>\n<\/div>                                    <\/div>\n                                                                <\/div>\n                            <\/div>\n                        <\/div>\n                        <div class=\"events-slider-block__events swiper\" data-events-events-descriptions>\n                            <div class=\"events-slider-block__eventsWrapper swiper-wrapper\">\n                                                            <div class=\"events-slider-block__eventsItem swiper-slide\">\n                                    <a href=\"https:\/\/www.ebilet.pl\/muzyka\/pop\/tokio-hotel\" target=\"_blank\" class=\"events-slider-block__eventsName\">\n                                        <p>Tokio Hotel<\/p>\n                                    <\/a>\n                                    <div class=\"events-slider-block__eventsDate\">\n                                        19.08.2027-19.08.2027                                    <\/div>\n                                    <div class=\"events-slider-block__eventsLocation\">Warszawa<\/div>\n                                <\/div>\n                                                            <div class=\"events-slider-block__eventsItem swiper-slide\">\n                                    <a href=\"https:\/\/www.ebilet.pl\/muzyka\/festiwale\/opener-festival\" target=\"_blank\" class=\"events-slider-block__eventsName\">\n                                        <p>Open&#039;er Festival 2027<\/p>\n                                    <\/a>\n                                    <div class=\"events-slider-block__eventsDate\">\n                                        30.06.2027-03.07.2027                                    <\/div>\n                                    <div class=\"events-slider-block__eventsLocation\">Gdynia<\/div>\n                                <\/div>\n                                                            <div class=\"events-slider-block__eventsItem swiper-slide\">\n                                    <a href=\"https:\/\/www.ebilet.pl\/sport\/sporty-druzynowe\/koszykowka-mecz\" target=\"_blank\" class=\"events-slider-block__eventsName\">\n                                        <p>Kwalifikacje do Mistrzostw \u015awiata w koszyk\u00f3wce m\u0119\u017cczyzn 2027: Polska \u2013 Chorwacja<\/p>\n                                    <\/a>\n                                    <div class=\"events-slider-block__eventsDate\">\n                                        27.11.2026-27.11.2026                                    <\/div>\n                                    <div class=\"events-slider-block__eventsLocation\">Gliwice<\/div>\n                                <\/div>\n                                                            <div class=\"events-slider-block__eventsItem swiper-slide\">\n                                    <a href=\"https:\/\/www.ebilet.pl\/muzyka\/pop\/take-that\" target=\"_blank\" class=\"events-slider-block__eventsName\">\n                                        <p>Take That<\/p>\n                                    <\/a>\n                                    <div class=\"events-slider-block__eventsDate\">\n                                        13.06.2027-13.06.2027                                    <\/div>\n                                    <div class=\"events-slider-block__eventsLocation\">Warszawa<\/div>\n                                <\/div>\n                                                            <div class=\"events-slider-block__eventsItem swiper-slide\">\n                                    <a href=\"https:\/\/www.ebilet.pl\/biznes\/wystawa\/van-gogh\" target=\"_blank\" class=\"events-slider-block__eventsName\">\n                                        <p>VAN GOGH \u2013 Wystawa Immersyjna &#8211; Lublin<\/p>\n                                    <\/a>\n                                    <div class=\"events-slider-block__eventsDate\">\n                                        15.09.2026-31.12.2026                                    <\/div>\n                                    <div class=\"events-slider-block__eventsLocation\">Lublin<\/div>\n                                <\/div>\n                                                            <div class=\"events-slider-block__eventsItem swiper-slide\">\n                                    <a href=\"https:\/\/www.ebilet.pl\/muzyka\/rock\/russell-crowe\" target=\"_blank\" class=\"events-slider-block__eventsName\">\n                                        <p>Russell Crowe\u2019s Indoor Garden Party<\/p>\n                                    <\/a>\n                                    <div class=\"events-slider-block__eventsDate\">\n                                        05.06.2027-05.06.2027                                    <\/div>\n                                    <div class=\"events-slider-block__eventsLocation\">\u0106miel\u00f3w<\/div>\n                                <\/div>\n                                                            <div class=\"events-slider-block__eventsItem swiper-slide\">\n                                    <a href=\"https:\/\/www.ebilet.pl\/muzyka\/festiwale\/olsztyn-green-festival\" target=\"_blank\" class=\"events-slider-block__eventsName\">\n                                        <p>Olsztyn Green Festival 2027<\/p>\n                                    <\/a>\n                                    <div class=\"events-slider-block__eventsDate\">\n                                        13.08.2027-13.08.2027                                    <\/div>\n                                    <div class=\"events-slider-block__eventsLocation\">Olsztyn<\/div>\n                                <\/div>\n                                                            <div class=\"events-slider-block__eventsItem swiper-slide\">\n                                    <a href=\"https:\/\/www.ebilet.pl\/muzyka\/pop\/pitbull\" target=\"_blank\" class=\"events-slider-block__eventsName\">\n                                        <p>Pitbull &#8211; I&#039;m Back!<\/p>\n                                    <\/a>\n                                    <div class=\"events-slider-block__eventsDate\">\n                                        27.11.2026-03.12.2026                                    <\/div>\n                                    <div class=\"events-slider-block__eventsLocation\">Gda\u0144sk\/Sopot, \u0141\u00f3d\u017a<\/div>\n                                <\/div>\n                                                            <div class=\"events-slider-block__eventsItem swiper-slide\">\n                                    <a href=\"https:\/\/www.ebilet.pl\/muzyka\/piosenka\/koncert-koled-i-pastoralek-golec-uorkiestra\" target=\"_blank\" class=\"events-slider-block__eventsName\">\n                                        <p>Golec uOrkiestra &#8211; Koncert Kol\u0119d i Pastora\u0142ek<\/p>\n                                    <\/a>\n                                    <div class=\"events-slider-block__eventsDate\">\n                                        18.12.2026-17.01.2027                                    <\/div>\n                                    <div class=\"events-slider-block__eventsLocation\">Bielsko-Bia\u0142a, Bydgoszcz, Gda\u0144sk i inne<\/div>\n                                <\/div>\n                                                            <div class=\"events-slider-block__eventsItem swiper-slide\">\n                                    <a href=\"https:\/\/www.ebilet.pl\/muzyka\/rock\/fontaines-dc\" target=\"_blank\" class=\"events-slider-block__eventsName\">\n                                        <p>Fontaines D.C. EU TOUR 2026<\/p>\n                                    <\/a>\n                                    <div class=\"events-slider-block__eventsDate\">\n                                        31.10.2026-31.10.2026                                    <\/div>\n                                    <div class=\"events-slider-block__eventsLocation\">\u0141\u00f3d\u017a<\/div>\n                                <\/div>\n                                                            <div class=\"events-slider-block__eventsItem swiper-slide\">\n                                    <a href=\"https:\/\/www.ebilet.pl\/muzyka\/hip-hop-rap\/gombao33\" target=\"_blank\" class=\"events-slider-block__eventsName\">\n                                        <p>G33 Tour &#8211; Tadeo x Szczepan x Wygu\u015b x Mata<\/p>\n                                    <\/a>\n                                    <div class=\"events-slider-block__eventsDate\">\n                                        12.09.2026-04.10.2026                                    <\/div>\n                                    <div class=\"events-slider-block__eventsLocation\">Bydgoszcz, Gwi\u017adziny, Kra\u015bnik i inne<\/div>\n                                <\/div>\n                                                            <div class=\"events-slider-block__eventsItem swiper-slide\">\n                                    <a href=\"https:\/\/www.ebilet.pl\/muzyka\/festiwale\/up-to-date-festival\" target=\"_blank\" class=\"events-slider-block__eventsName\">\n                                        <p>Up To Date Festival 2027<\/p>\n                                    <\/a>\n                                    <div class=\"events-slider-block__eventsDate\">\n                                        27.05.2027-28.05.2027                                    <\/div>\n                                    <div class=\"events-slider-block__eventsLocation\">Bia\u0142ystok<\/div>\n                                <\/div>\n                                                            <div class=\"events-slider-block__eventsItem swiper-slide\">\n                                    <a href=\"https:\/\/www.ebilet.pl\/muzyka\/hip-hop-rap\/otsochodzi\" target=\"_blank\" class=\"events-slider-block__eventsName\">\n                                        <p>Otsochodzi &#8211; RIOTT<\/p>\n                                    <\/a>\n                                    <div class=\"events-slider-block__eventsDate\">\n                                        01.10.2026-03.12.2026                                    <\/div>\n                                    <div class=\"events-slider-block__eventsLocation\">Gda\u0144sk, Krak\u00f3w, Pozna\u0144 i inne<\/div>\n                                <\/div>\n                                                            <div class=\"events-slider-block__eventsItem swiper-slide\">\n                                    <a href=\"https:\/\/www.ebilet.pl\/sport\/lekkoatletyka\/memorial-kamili-skolimowskiej\" target=\"_blank\" class=\"events-slider-block__eventsName\">\n                                        <p>Silesia Memoria\u0142 Kamili Skolimowskiej<\/p>\n                                    <\/a>\n                                    <div class=\"events-slider-block__eventsDate\">\n                                        15.08.2027-15.08.2027                                    <\/div>\n                                    <div class=\"events-slider-block__eventsLocation\">Chorz\u00f3w<\/div>\n                                <\/div>\n                                                            <div class=\"events-slider-block__eventsItem swiper-slide\">\n                                    <a href=\"https:\/\/www.ebilet.pl\/sport\/sporty-walki\/ksw-gala\" target=\"_blank\" class=\"events-slider-block__eventsName\">\n                                        <p>XTB KSW 122<\/p>\n                                    <\/a>\n                                    <div class=\"events-slider-block__eventsDate\">\n                                        10.10.2026-10.10.2026                                    <\/div>\n                                    <div class=\"events-slider-block__eventsLocation\">Rzesz\u00f3w<\/div>\n                                <\/div>\n                                                        <\/div>\n                        <\/div>\n                        <div class=\"events-slider-block__pagination\">\n                            <div class=\"swiper-pagination slider-pagination slider-pagination--theme-white\" data-events-slider-pagination><\/div>\n                        <\/div>\n                    <\/div>\n                                        <div class=\"events-slider-block__bottom\">\n                                                                                <div class=\"events-slider-block__link desktop\">\n                                    <a\n                                        class=\"button button--size-small button--theme-primary-yellow button--withIconLeft\"\n                                        href=\"https:\/\/www.ebilet.pl\/\">\n                                                                                    <div class=\"button__icon\"><img loading=\"lazy\" decoding=\"async\" width=\"30\" height=\"30\" src=\"https:\/\/www.ebilet.pl\/now\/app\/uploads\/2024\/01\/ticket-cinema-entertainment-coupon-discount-sale_30px.png\" class=\"attachment-full size-full\" alt=\"\" \/><\/div>\n                                                                                <p class=\"button__text typo-18\">Kup na eBilet.pl<\/p>\n                                    <\/a>\n                                <\/div>\n                                                                                <div class=\"events-slider-block__link mobile\">\n                                    <a\n                                        class=\"button button--size-small button--theme-primary-yellow button--withIconLeft\"\n                                        href=\"https:\/\/www.ebilet.pl\/\">\n                                                                                    <div class=\"button__icon\"><img loading=\"lazy\" decoding=\"async\" width=\"30\" height=\"30\" src=\"https:\/\/www.ebilet.pl\/now\/app\/uploads\/2024\/01\/ticket-cinema-entertainment-coupon-discount-sale_30px.png\" class=\"attachment-full size-full\" alt=\"\" \/><\/div>\n                                                                                <p class=\"button__text typo-18\">Kup na eBilet.pl<\/p>\n                                    <\/a>\n                                <\/div>\n                                            <\/div>\n                <\/div>\n            <\/div>\n        <\/div>\n    <\/div>\n<\/section>","protected":false},"excerpt":{"rendered":"<p>Oto niezwyk\u0142e po\u0142\u0105czenie dedykowane fanom popu i Pok\u00e9mon\u00f3w! Ed Sheeran postanowi\u0142\u00a0z\u0142o\u017cy\u0107 ho\u0142d s\u0142ynnej serii. <\/p>\n","protected":false},"author":16,"featured_media":96436,"comment_status":"open","ping_status":"open","sticky":false,"template":"page-templates\/article-default.php","format":"standard","meta":{"_acf_changed":false,"footnotes":""},"article_tag":[561,41],"article_type":[554],"class_list":["post-96429","post","type-post","status-publish","format-standard","has-post-thumbnail","hentry","article_tag-ed-sheeran","article_tag-pop","article_type-muzyka"],"acf":[],"_links":{"self":[{"href":"https:\/\/www.ebilet.pl\/now\/wp-json\/wp\/v2\/posts\/96429","targetHints":{"allow":["GET"]}}],"collection":[{"href":"https:\/\/www.ebilet.pl\/now\/wp-json\/wp\/v2\/posts"}],"about":[{"href":"https:\/\/www.ebilet.pl\/now\/wp-json\/wp\/v2\/types\/post"}],"author":[{"embeddable":true,"href":"https:\/\/www.ebilet.pl\/now\/wp-json\/wp\/v2\/users\/16"}],"replies":[{"embeddable":true,"href":"https:\/\/www.ebilet.pl\/now\/wp-json\/wp\/v2\/comments?post=96429"}],"version-history":[{"count":3,"href":"https:\/\/www.ebilet.pl\/now\/wp-json\/wp\/v2\/posts\/96429\/revisions"}],"predecessor-version":[{"id":96478,"href":"https:\/\/www.ebilet.pl\/now\/wp-json\/wp\/v2\/posts\/96429\/revisions\/96478"}],"wp:featuredmedia":[{"embeddable":true,"href":"https:\/\/www.ebilet.pl\/now\/wp-json\/wp\/v2\/media\/96436"}],"wp:attachment":[{"href":"https:\/\/www.ebilet.pl\/now\/wp-json\/wp\/v2\/media?parent=96429"}],"wp:term":[{"taxonomy":"article_tag","embeddable":true,"href":"https:\/\/www.ebilet.pl\/now\/wp-json\/wp\/v2\/article_tag?post=96429"},{"taxonomy":"article_type","embeddable":true,"href":"https:\/\/www.ebilet.pl\/now\/wp-json\/wp\/v2\/article_type?post=96429"}],"curies":[{"name":"wp","href":"https:\/\/api.w.org\/{rel}","templated":true}]}}