{"id":96387,"date":"2026-09-02T10:09:53","date_gmt":"2026-09-02T09:09:53","guid":{"rendered":"https:\/\/www.ebilet.pl\/now\/?p=96387"},"modified":"2026-09-02T14:18:46","modified_gmt":"2026-09-02T13:18:46","slug":"blind-channel-dwukrotnie-w-polsce-w-2027-roku","status":"publish","type":"post","link":"https:\/\/www.ebilet.pl\/now\/blind-channel-dwukrotnie-w-polsce-w-2027-roku\/","title":{"rendered":"Blind Channel dwukrotnie w Polsce w 2027 roku!"},"content":{"rendered":"\n<section class=\"text-block  section-margin-32\" >\n    <div class=\"container\">\n        <div class=\"row\">\n            <div class=\"col-24\">\n                <div class=\"text-block__content\"><h2>Blind Channel og\u0142asza dwa koncerty w Polsce!<\/h2>\n<p>Gotowi na dwa wyj\u0105tkowe wieczory z <strong>Blind Channel?<\/strong> Fi\u0144ski zesp\u00f3\u0142 dwukrotnie zaprezentuje si\u0119 w naszym kraju, a na koncertach us\u0142yszymy repertuar z wyczekiwanej p\u0142yty <strong>&#8220;Painstream&#8221;!<\/strong> Formacja wyst\u0105pi si\u0119 ju\u017c <strong>11 lutego w Klubie Proxima w Warszawie oraz 12 lutego w Klubie Kwadrat w Krakowie.<\/strong><\/p>\n<\/div>\n            <\/div>\n        <\/div>\n    <\/div>\n<\/section>\n\n\n<section class=\"banner banner--layout-default section-margin-32\" >\n    <div class=\"container\">\n        <div class=\"row\">\n            <div class=\"col-24\">\n                <div class=\"banner__wrapper\">\n                                        <div class=\"banner__bg\">\n                        <img loading=\"lazy\" decoding=\"async\" width=\"1920\" height=\"630\" src=\"https:\/\/www.ebilet.pl\/now\/app\/uploads\/2026\/09\/Blind-Channel-press-banner.jpg\" class=\"attachment-full size-full\" alt=\"\" srcset=\"https:\/\/www.ebilet.pl\/now\/app\/uploads\/2026\/09\/Blind-Channel-press-banner.jpg 1920w, https:\/\/www.ebilet.pl\/now\/app\/uploads\/2026\/09\/Blind-Channel-press-banner-1024x336.jpg 1024w, https:\/\/www.ebilet.pl\/now\/app\/uploads\/2026\/09\/Blind-Channel-press-banner-1536x504.jpg 1536w, https:\/\/www.ebilet.pl\/now\/app\/uploads\/2026\/09\/Blind-Channel-press-banner-1280x420.jpg 1280w, https:\/\/www.ebilet.pl\/now\/app\/uploads\/2026\/09\/Blind-Channel-press-banner-500x164.jpg 500w, https:\/\/www.ebilet.pl\/now\/app\/uploads\/2026\/09\/Blind-Channel-press-banner-632x207.jpg 632w\" sizes=\"auto, (max-width: 1920px) 100vw, 1920px\" \/>                    <\/div>\n                                                                                                    <div class=\"banner__text\">\n                        <div class=\"banner__title typo-h2 f-700\">Blind Channel<\/div>\n                        <p class=\"banner__desc typo-14\"><\/p>\n                    <\/div>\n                                                            <div class=\"banner__link\">\n                        <a\n                            class=\"button button--theme-primary-yellow \"\n                            href=\"https:\/\/www.ebilet.pl\/muzyka\/rock\/blind-channel\"\n                        >\n                            <p class=\"button__text typo-18\">Sprawd\u017a bilety<\/p>\n                                                    <\/a>\n                    <\/div>\n                                                        <\/div>\n            <\/div>\n        <\/div>\n    <\/div>\n<\/section>\n\n\n<section class=\"text-block  section-margin-32\" >\n    <div class=\"container\">\n        <div class=\"row\">\n            <div class=\"col-24\">\n                <div class=\"text-block__content\"><h2>Tw\u00f3rczo\u015b\u0107 Blind Channel<\/h2>\n<p><strong>Niko Moilanen<\/strong> powiedzia\u0142, \u017ce brzmienie <strong>Blind Channel<\/strong> mo\u017cna okre\u015bli\u0107 jako &#8220;agresywny pop&#8221;, cho\u0107 ci\u0119\u017cko jednoznacznie zaszufladkowa\u0107 pot\u0119\u017cne rozga\u0142\u0119zienia muzyczne fi\u0144skiej formacji. W \u017cy\u0142ach muzyk\u00f3w p\u0142ynie ch\u0119\u0107 do sta\u0142ej eksploracji nowych d\u017awi\u0119k\u00f3w, wi\u0119c nic dziwnego, \u017ce wizja ci\u0119\u017ckich riff\u00f3w i elektronicznych akcent\u00f3w jest dla nich kusz\u0105ca. Muzycy wielokrotnie udowodnili, \u017ce maj\u0105 niesko\u0144czone \u017ar\u00f3d\u0142o inspiracji, wi\u0119c stale zaskakuj\u0105, zyskuj\u0105c przy tym nowych fan\u00f3w.<\/p>\n<p>Jednym z najbardziej prze\u0142omowych moment\u00f3w w historii zespo\u0142u sta\u0142 si\u0119\u00a0wyst\u0119p na Eurowizji w 2021 roku. To w\u0142a\u015bnie wtedy miliony widz\u00f3w z ca\u0142ego \u015bwiata pozna\u0142o ich repertuar, a w\u00f3wczas za muzyczn\u0105 wizyt\u00f3wk\u0119\u00a0<strong>Blind Channel<\/strong> s\u0142u\u017cy\u0142 kawa\u0142ek <strong>&#8220;Dark Side&#8221;,<\/strong> z kt\u00f3rym tw\u00f3rcy dotarli do \u015bcis\u0142ego fina\u0142u. Udzia\u0142 w konkursie otworzy\u0142 im drzwi do wi\u0119kszej rozpoznawalno\u015bci i zagwarantowa\u0142 solidne grono fan\u00f3w &#8211; r\u00f3wnie\u017c w naszym kraju!<\/p>\n<p>Zesp\u00f3\u0142 postanowi\u0142 a\u017c dwukrotnie zaprezentowa\u0107 si\u0119 w Polsce, wi\u0119c s\u0142uchacze b\u0119d\u0105 mieli dwa wyj\u0105tkowe wieczory na muzyczn\u0105 celebracj\u0119 w duchu nieoczywistych po\u0142\u0105cze\u0144 gatunkowych. Tym razem na pierwszym planie osadzony zostanie repertuar z <strong>&#8220;Painstream&#8221;<\/strong>, nadchodz\u0105cej p\u0142yty, kt\u00f3ra ujrzy \u015bwiat\u0142o dzienne ju\u017c<strong> 30 pa\u017adziernika.<\/strong><\/p>\n<\/div>\n            <\/div>\n        <\/div>\n    <\/div>\n<\/section>\n\n\n<figure class=\"wp-block-embed is-type-video is-provider-youtube wp-block-embed-youtube wp-embed-aspect-16-9 wp-has-aspect-ratio\"><div class=\"wp-block-embed__wrapper\">\n<iframe loading=\"lazy\" title=\"Blind Channel - Dark Side (LIVE) | Finland \ud83c\uddeb\ud83c\uddee | Grand Final | Eurovision 2021\" width=\"500\" height=\"281\" src=\"https:\/\/www.youtube.com\/embed\/fOPGxQ4fgVw?feature=oembed\" frameborder=\"0\" allow=\"accelerometer; autoplay; clipboard-write; encrypted-media; gyroscope; picture-in-picture; web-share\" referrerpolicy=\"strict-origin-when-cross-origin\" allowfullscreen><\/iframe>\n<\/div><\/figure>\n\n\n<section class=\"gap-block  section-margin-32 section-margin-32\"><\/section>\n\n\n    <section class=\"events-carousel-block  section-margin-32\"\n        data-events-carousel\n        data-settings='{\"per_view\":5}'\n        data-item-list-name=\"Karuzela niska Polecamy na eBilet.pl\"\n        data-item-list-id=\"karuzela_niska Polecamy na eBilet.pl\"\n        >\n        <div class=\"container\">\n                            <div class=\"row\">\n                    <div class=\"col-24\">\n                        <div class=\"events-carousel-block__title\">\n                            <h2 class=\"typo-h2\">Polecamy na eBilet.pl<\/h2>\n                        <\/div>\n                    <\/div>\n                <\/div>\n                        <div class=\"row\">\n                <div class=\"col-24\">\n                    <div class=\"events-carousel-block__events\">\n                        <div class=\"events-carousel-block__nav events-carousel-block__nav--prev\">\n                            <div class=\"button button--withIcon button--theme-white-blur button--size-fixed-48\" data-events-carousel-prev>\n                                <span class=\"button__icon icon icon-chevron-left\"><\/span>\n                            <\/div>\n                        <\/div>\n                        <div class=\"events-carousel-block__nav events-carousel-block__nav--next\">\n                            <div class=\"button button--withIcon button--theme-white-blur button--size-fixed-48\" data-events-carousel-next>\n                                <span class=\"button__icon icon icon-chevron-right\"><\/span>\n                            <\/div>\n                        <\/div>\n                        <div class=\"events-carousel-block__slider swiper\" data-events-carousel-slider>\n                            <div class=\"events-carousel-block__sliderWrapper swiper-wrapper\">\n                                                                    <div class=\"events-carousel-block__sliderItem swiper-slide\"\n                                        data-id=\"94046\"\n                                        data-name=\"BLIND CHANNEL\"\n                                        data-brand=\"\"\n                                        data-category=\"muzyka\"\n                                        data-subcategory=\"rock\"\n                                        data-city=\"Krak\u00f3w, Warszawa\"\n                                        data-venue=\"\">\n                                        \n<div class=\"card-event  card-event--size-small\">\n        <a href=\"https:\/\/www.ebilet.pl\/muzyka\/rock\/blind-channel\" target=\"_blank\" class=\"card-event__link\" rel=\"nofollow noopener\"><\/a>\n        <div class=\"card-event__wrapper\">\n        <div class=\"card-event__image\">\n            <img decoding=\"async\" src=\"https:\/\/www.ebilet.pl\/media\/cms\/media\/5brniuwe\/blind-channel-ebilet-strona-wydarzenia-poziom-wspo-lne.webp\" alt=\"\">\n        <\/div>\n        <div class=\"card-event__data\">\n            <div class=\"card-event__name\">\n                <p>BLIND CHANNEL<\/p>\n            <\/div>\n            <div class=\"card-event__date\"><\/div>\n            <div class=\"card-event__location\">Krak\u00f3w, Warszawa<\/div>\n        <\/div>\n    <\/div>\n<\/div>                                    <\/div>\n                                                                    <div class=\"events-carousel-block__sliderItem swiper-slide\"\n                                        data-id=\"103616\"\n                                        data-name=\"Another Pink Floyd\"\n                                        data-brand=\"FANTOM MEDIA Micha\u0142 Kapu\u015bciarz\"\n                                        data-category=\"muzyka\"\n                                        data-subcategory=\"rock\"\n                                        data-city=\"Bia\u0142ystok, Gorz\u00f3w Wielkopolski, Krak\u00f3w i inne\"\n                                        data-venue=\"Arena Ostr\u00f3w\">\n                                        \n<div class=\"card-event  card-event--size-small\">\n        <a href=\"https:\/\/www.ebilet.pl\/muzyka\/rock\/another-pink-floyd-marek-raduli\" target=\"_blank\" class=\"card-event__link\" rel=\"nofollow noopener\"><\/a>\n        <div class=\"card-event__wrapper\">\n        <div class=\"card-event__image\">\n            <img decoding=\"async\" src=\"https:\/\/www.ebilet.pl\/media\/cms\/media\/emlfh0wi\/another-pink-floyd-pion-656.webp\" alt=\"\">\n        <\/div>\n        <div class=\"card-event__data\">\n            <div class=\"card-event__name\">\n                <p>Another Pink Floyd<\/p>\n            <\/div>\n            <div class=\"card-event__date\"><\/div>\n            <div class=\"card-event__location\">Bia\u0142ystok, Gorz\u00f3w Wielkopolski, Krak\u00f3w i inne<\/div>\n        <\/div>\n    <\/div>\n<\/div>                                    <\/div>\n                                                                    <div class=\"events-carousel-block__sliderItem swiper-slide\"\n                                        data-id=\"29466\"\n                                        data-name=\"Queen Symfonicznie \u2013 trasa XV-lecia\"\n                                        data-brand=\"Piosenka Plus\"\n                                        data-category=\"muzyka\"\n                                        data-subcategory=\"rock\"\n                                        data-city=\"Bia\u0142ystok, Bielsko-Bia\u0142a, Gda\u0144sk i inne\"\n                                        data-venue=\"Filharmonia Zielonog\u00f3rska im. Tadeusza Bairda\">\n                                        \n<div class=\"card-event  card-event--size-small\">\n        <a href=\"https:\/\/www.ebilet.pl\/muzyka\/rock\/queen-symfonicznie\" target=\"_blank\" class=\"card-event__link\" rel=\"nofollow noopener\"><\/a>\n        <div class=\"card-event__wrapper\">\n        <div class=\"card-event__image\">\n            <img decoding=\"async\" src=\"https:\/\/www.ebilet.pl\/media\/cms\/media\/a2dlnxd4\/qs_15_lat_656_369.webp\" alt=\"\">\n        <\/div>\n        <div class=\"card-event__data\">\n            <div class=\"card-event__name\">\n                <p>Queen Symfonicznie \u2013 trasa XV-lecia<\/p>\n            <\/div>\n            <div class=\"card-event__date\"><\/div>\n            <div class=\"card-event__location\">Bia\u0142ystok, Bielsko-Bia\u0142a, Gda\u0144sk i inne<\/div>\n        <\/div>\n    <\/div>\n<\/div>                                    <\/div>\n                                                                    <div class=\"events-carousel-block__sliderItem swiper-slide\"\n                                        data-id=\"68779\"\n                                        data-name=\"Zadzwo\u0144cie po milicj\u0119\"\n                                        data-brand=\"VISUAL PRODUCTION Sp. z o.o. \"\n                                        data-category=\"muzyka\"\n                                        data-subcategory=\"rock\"\n                                        data-city=\"Gorz\u00f3w Wielkopolski, Katowice, \u0141\u00f3d\u017a i inne\"\n                                        data-venue=\"Hala Spodek\">\n                                        \n<div class=\"card-event  card-event--size-small\">\n        <a href=\"https:\/\/www.ebilet.pl\/muzyka\/rock\/zadzwoncie-po-milicje\" target=\"_blank\" class=\"card-event__link\" rel=\"nofollow noopener\"><\/a>\n        <div class=\"card-event__wrapper\">\n        <div class=\"card-event__image\">\n            <img decoding=\"async\" src=\"https:\/\/www.ebilet.pl\/media\/cms\/media\/2rbewmt5\/ebilet-656x369-4474af0a-cf88-484b-a001-782b4914cfe2.webp\" alt=\"\">\n        <\/div>\n        <div class=\"card-event__data\">\n            <div class=\"card-event__name\">\n                <p>Zadzwo\u0144cie po milicj\u0119<\/p>\n            <\/div>\n            <div class=\"card-event__date\"><\/div>\n            <div class=\"card-event__location\">Gorz\u00f3w Wielkopolski, Katowice, \u0141\u00f3d\u017a i inne<\/div>\n        <\/div>\n    <\/div>\n<\/div>                                    <\/div>\n                                                                    <div class=\"events-carousel-block__sliderItem swiper-slide\"\n                                        data-id=\"94910\"\n                                        data-name=\"Muzyka Zespo\u0142u Nirvana Symfonicznie\"\n                                        data-brand=\"Piosenka Plus\"\n                                        data-category=\"muzyka\"\n                                        data-subcategory=\"rock\"\n                                        data-city=\"Gorz\u00f3w Wielkopolski, \u0141a\u0144cut, Nysa i inne\"\n                                        data-venue=\"Miejskie Centrum Kultury, Gorz\u00f3w Wielkopolski\">\n                                        \n<div class=\"card-event  card-event--size-small\">\n        <a href=\"https:\/\/www.ebilet.pl\/muzyka\/rock\/nirvana-symfonicznie\" target=\"_blank\" class=\"card-event__link\" rel=\"nofollow noopener\"><\/a>\n        <div class=\"card-event__wrapper\">\n        <div class=\"card-event__image\">\n            <img decoding=\"async\" src=\"https:\/\/www.ebilet.pl\/media\/cms\/media\/dbsbiu5o\/656x369.webp\" alt=\"\">\n        <\/div>\n        <div class=\"card-event__data\">\n            <div class=\"card-event__name\">\n                <p>Muzyka Zespo\u0142u Nirvana Symfonicznie<\/p>\n            <\/div>\n            <div class=\"card-event__date\"><\/div>\n            <div class=\"card-event__location\">Gorz\u00f3w Wielkopolski, \u0141a\u0144cut, Nysa i inne<\/div>\n        <\/div>\n    <\/div>\n<\/div>                                    <\/div>\n                                                                    <div class=\"events-carousel-block__sliderItem swiper-slide\"\n                                        data-id=\"10619\"\n                                        data-name=\"\u015awietliki\"\n                                        data-brand=\"Fundacja Student\u00f3w i Absolwent\u00f3w AGH w Krakowie\"\n                                        data-category=\"muzyka\"\n                                        data-subcategory=\"rock\"\n                                        data-city=\"Krak\u00f3w\"\n                                        data-venue=\"Klub Studio\">\n                                        \n<div class=\"card-event  card-event--size-small\">\n        <a href=\"https:\/\/www.ebilet.pl\/muzyka\/rock\/swietliki\" target=\"_blank\" class=\"card-event__link\" rel=\"nofollow noopener\"><\/a>\n        <div class=\"card-event__wrapper\">\n        <div class=\"card-event__image\">\n            <img decoding=\"async\" src=\"https:\/\/www.ebilet.pl\/media\/cms\/media\/fe0irwcl\/st-swietliki-05-12_ebilet-656x369-1.webp\" alt=\"\">\n        <\/div>\n        <div class=\"card-event__data\">\n            <div class=\"card-event__name\">\n                <p>\u015awietliki<\/p>\n            <\/div>\n            <div class=\"card-event__date\"><\/div>\n            <div class=\"card-event__location\">Krak\u00f3w<\/div>\n        <\/div>\n    <\/div>\n<\/div>                                    <\/div>\n                                                                    <div class=\"events-carousel-block__sliderItem swiper-slide\"\n                                        data-id=\"6263\"\n                                        data-name=\"IRA\"\n                                        data-brand=\"Agencja Artystyczna Brussa Jaros\u0142aw Brussa Iwona Brussa Zuzanna \"\n                                        data-category=\"muzyka\"\n                                        data-subcategory=\"rock\"\n                                        data-city=\"Toru\u0144, Tychy, Wroc\u0142aw\"\n                                        data-venue=\"Teatr Ma\u0142y  w Tychach\">\n                                        \n<div class=\"card-event  card-event--size-small\">\n        <a href=\"https:\/\/www.ebilet.pl\/muzyka\/rock\/ira\" target=\"_blank\" class=\"card-event__link\" rel=\"nofollow noopener\"><\/a>\n        <div class=\"card-event__wrapper\">\n        <div class=\"card-event__image\">\n            <img decoding=\"async\" src=\"https:\/\/www.ebilet.pl\/media\/cms\/media\/a1cp4cue\/656x369-2-033809d0-af12-4e76-841f-cabd88e13b01.webp\" alt=\"\">\n        <\/div>\n        <div class=\"card-event__data\">\n            <div class=\"card-event__name\">\n                <p>IRA<\/p>\n            <\/div>\n            <div class=\"card-event__date\"><\/div>\n            <div class=\"card-event__location\">Toru\u0144, Tychy, Wroc\u0142aw<\/div>\n        <\/div>\n    <\/div>\n<\/div>                                    <\/div>\n                                                                    <div class=\"events-carousel-block__sliderItem swiper-slide\"\n                                        data-id=\"121218\"\n                                        data-name=\"Diary Of Dreams\"\n                                        data-brand=\"Progresja\"\n                                        data-category=\"muzyka\"\n                                        data-subcategory=\"rock\"\n                                        data-city=\"Warszawa\"\n                                        data-venue=\"Progresja\">\n                                        \n<div class=\"card-event  card-event--size-small\">\n        <a href=\"https:\/\/www.ebilet.pl\/muzyka\/rock\/diary-of-dreams\" target=\"_blank\" class=\"card-event__link\" rel=\"nofollow noopener\"><\/a>\n        <div class=\"card-event__wrapper\">\n        <div class=\"card-event__image\">\n            <img decoding=\"async\" src=\"https:\/\/www.ebilet.pl\/media\/cms\/media\/ygfpobxd\/poziom-dod-a3999621-9fae-462b-98b5-b90af3b7cb32.webp\" alt=\"\">\n        <\/div>\n        <div class=\"card-event__data\">\n            <div class=\"card-event__name\">\n                <p>Diary Of Dreams<\/p>\n            <\/div>\n            <div class=\"card-event__date\"><\/div>\n            <div class=\"card-event__location\">Warszawa<\/div>\n        <\/div>\n    <\/div>\n<\/div>                                    <\/div>\n                                                                    <div class=\"events-carousel-block__sliderItem swiper-slide\"\n                                        data-id=\"5751\"\n                                        data-name=\"Freddie Mercury Rock-Operowo przy \u015bwiecach\"\n                                        data-brand=\"Copernicus Sp\u00f3\u0142ka z o.o.\"\n                                        data-category=\"muzyka\"\n                                        data-subcategory=\"rock\"\n                                        data-city=\"Bielsko-Bia\u0142a, Bydgoszcz, Krak\u00f3w i inne\"\n                                        data-venue=\"Sala Redutowa - Kamienica &quot;Pod Or\u0142em&quot;\">\n                                        \n<div class=\"card-event  card-event--size-small\">\n        <a href=\"https:\/\/www.ebilet.pl\/muzyka\/rock\/freddie-mercury-rock-operowo\" target=\"_blank\" class=\"card-event__link\" rel=\"nofollow noopener\"><\/a>\n        <div class=\"card-event__wrapper\">\n        <div class=\"card-event__image\">\n            <img decoding=\"async\" src=\"https:\/\/www.ebilet.pl\/media\/cms\/media\/zojornaw\/freddie-mercury-opera-show-656x369-px-4c34af26-5419-43f8-9f97-8357fecb707c.webp\" alt=\"\">\n        <\/div>\n        <div class=\"card-event__data\">\n            <div class=\"card-event__name\">\n                <p>Freddie Mercury Rock-Operowo przy \u015bwiecach<\/p>\n            <\/div>\n            <div class=\"card-event__date\"><\/div>\n            <div class=\"card-event__location\">Bielsko-Bia\u0142a, Bydgoszcz, Krak\u00f3w i inne<\/div>\n        <\/div>\n    <\/div>\n<\/div>                                    <\/div>\n                                                                    <div class=\"events-carousel-block__sliderItem swiper-slide\"\n                                        data-id=\"151582\"\n                                        data-name=\"Zvezda po imeni Solnce - KINO Symphony Tribute\"\n                                        data-brand=\"Luckystar,s.r.o.\"\n                                        data-category=\"muzyka\"\n                                        data-subcategory=\"rock\"\n                                        data-city=\"Gda\u0144sk, Warszawa\"\n                                        data-venue=\"Teatr Palladium w Warszawie\">\n                                        \n<div class=\"card-event  card-event--size-small\">\n        <a href=\"https:\/\/www.ebilet.pl\/muzyka\/rock\/kino\" target=\"_blank\" class=\"card-event__link\" rel=\"nofollow noopener\"><\/a>\n        <div class=\"card-event__wrapper\">\n        <div class=\"card-event__image\">\n            <img decoding=\"async\" src=\"https:\/\/www.ebilet.pl\/media\/cms\/media\/in4dcj1r\/tsoy-656_369-6f47f596-8af6-4136-987f-85d8fbe4fdc7.webp\" alt=\"\">\n        <\/div>\n        <div class=\"card-event__data\">\n            <div class=\"card-event__name\">\n                <p>Zvezda po imeni Solnce &#8211; KINO Symphony Tribute<\/p>\n            <\/div>\n            <div class=\"card-event__date\"><\/div>\n            <div class=\"card-event__location\">Gda\u0144sk, Warszawa<\/div>\n        <\/div>\n    <\/div>\n<\/div>                                    <\/div>\n                                                                    <div class=\"events-carousel-block__sliderItem swiper-slide\"\n                                        data-id=\"148914\"\n                                        data-name=\"Baby Lasagna\"\n                                        data-brand=\"Winiary Bookings sp. z o. o.\"\n                                        data-category=\"muzyka\"\n                                        data-subcategory=\"rock\"\n                                        data-city=\"Krak\u00f3w, Pozna\u0144, Warszawa\"\n                                        data-venue=\"Klub Tama\">\n                                        \n<div class=\"card-event  card-event--size-small\">\n        <a href=\"https:\/\/www.ebilet.pl\/muzyka\/rock\/baby-lasagna\" target=\"_blank\" class=\"card-event__link\" rel=\"nofollow noopener\"><\/a>\n        <div class=\"card-event__wrapper\">\n        <div class=\"card-event__image\">\n            <img decoding=\"async\" src=\"https:\/\/www.ebilet.pl\/media\/cms\/media\/zogputvk\/baby-lasagna-ebilet-strona-wydarzenia-poziom-wsp_lne-53ad5c39-c279-4a3c-8cbb-d9b457943b42.webp\" alt=\"\">\n        <\/div>\n        <div class=\"card-event__data\">\n            <div class=\"card-event__name\">\n                <p>Baby Lasagna<\/p>\n            <\/div>\n            <div class=\"card-event__date\"><\/div>\n            <div class=\"card-event__location\">Krak\u00f3w, Pozna\u0144, Warszawa<\/div>\n        <\/div>\n    <\/div>\n<\/div>                                    <\/div>\n                                                                    <div class=\"events-carousel-block__sliderItem swiper-slide\"\n                                        data-id=\"169635\"\n                                        data-name=\"Manchester trasa 20 lat\"\n                                        data-brand=\"Lizard King\"\n                                        data-category=\"muzyka\"\n                                        data-subcategory=\"rock\"\n                                        data-city=\"Gda\u0144sk, Rybnik, Toru\u0144 i inne\"\n                                        data-venue=\"Odessa Club\">\n                                        \n<div class=\"card-event  card-event--size-small\">\n        <a href=\"https:\/\/www.ebilet.pl\/muzyka\/rock\/manchester\" target=\"_blank\" class=\"card-event__link\" rel=\"nofollow noopener\"><\/a>\n        <div class=\"card-event__wrapper\">\n        <div class=\"card-event__image\">\n            <img decoding=\"async\" src=\"https:\/\/www.ebilet.pl\/media\/cms\/media\/hzbfh33w\/656x369-2464538e-b242-4b01-ac84-c073ec6f4417.webp\" alt=\"\">\n        <\/div>\n        <div class=\"card-event__data\">\n            <div class=\"card-event__name\">\n                <p>Manchester trasa 20 lat<\/p>\n            <\/div>\n            <div class=\"card-event__date\"><\/div>\n            <div class=\"card-event__location\">Gda\u0144sk, Rybnik, Toru\u0144 i inne<\/div>\n        <\/div>\n    <\/div>\n<\/div>                                    <\/div>\n                                                                    <div class=\"events-carousel-block__sliderItem swiper-slide\"\n                                        data-id=\"174489\"\n                                        data-name=\"Rock przy \u015bwiecach\"\n                                        data-brand=\"Royal Tributes Sp. z o.o.\"\n                                        data-category=\"muzyka\"\n                                        data-subcategory=\"rock\"\n                                        data-city=\"Bia\u0142ystok, Kielce, Krak\u00f3w i inne\"\n                                        data-venue=\"Nowohuckie Centrum Kultury w Krakowie\">\n                                        \n<div class=\"card-event  card-event--size-small\">\n        <a href=\"https:\/\/www.ebilet.pl\/muzyka\/rock\/rock-przy-swiecach\" target=\"_blank\" class=\"card-event__link\" rel=\"nofollow noopener\"><\/a>\n        <div class=\"card-event__wrapper\">\n        <div class=\"card-event__image\">\n            <img decoding=\"async\" src=\"https:\/\/www.ebilet.pl\/media\/cms\/media\/kxgb1whf\/656x369-0a22924c-13ff-43a3-9bb0-6e380eb5cf19.webp\" alt=\"\">\n        <\/div>\n        <div class=\"card-event__data\">\n            <div class=\"card-event__name\">\n                <p>Rock przy \u015bwiecach<\/p>\n            <\/div>\n            <div class=\"card-event__date\"><\/div>\n            <div class=\"card-event__location\">Bia\u0142ystok, Kielce, Krak\u00f3w i inne<\/div>\n        <\/div>\n    <\/div>\n<\/div>                                    <\/div>\n                                                                    <div class=\"events-carousel-block__sliderItem swiper-slide\"\n                                        data-id=\"178032\"\n                                        data-name=\"Muzyka Queen i Eltona Johna na 28. pi\u0119trze\"\n                                        data-brand=\"SVITLO CONCERT Sp. z o.o.\"\n                                        data-category=\"muzyka\"\n                                        data-subcategory=\"rock\"\n                                        data-city=\"Warszawa\"\n                                        data-venue=\"Sky Hall by Svitlo Concert\">\n                                        \n<div class=\"card-event  card-event--size-small\">\n        <a href=\"https:\/\/www.ebilet.pl\/muzyka\/rock\/muzyka-queen-i-eltona-johna\" target=\"_blank\" class=\"card-event__link\" rel=\"nofollow noopener\"><\/a>\n        <div class=\"card-event__wrapper\">\n        <div class=\"card-event__image\">\n            <img decoding=\"async\" src=\"https:\/\/www.ebilet.pl\/media\/cms\/media\/rf2hyeod\/656_369-queen-i-elton-john-b1112492-53ec-4844-8131-2d4d6f6e5607.webp\" alt=\"\">\n        <\/div>\n        <div class=\"card-event__data\">\n            <div class=\"card-event__name\">\n                <p>Muzyka Queen i Eltona Johna na 28. pi\u0119trze<\/p>\n            <\/div>\n            <div class=\"card-event__date\"><\/div>\n            <div class=\"card-event__location\">Warszawa<\/div>\n        <\/div>\n    <\/div>\n<\/div>                                    <\/div>\n                                                                    <div class=\"events-carousel-block__sliderItem swiper-slide\"\n                                        data-id=\"178059\"\n                                        data-name=\"Klasyka Rocka na 28. pi\u0119trze\"\n                                        data-brand=\"SVITLO CONCERT Sp. z o.o.\"\n                                        data-category=\"muzyka\"\n                                        data-subcategory=\"rock\"\n                                        data-city=\"Warszawa\"\n                                        data-venue=\"Sky Hall by Svitlo Concert\">\n                                        \n<div class=\"card-event  card-event--size-small\">\n        <a href=\"https:\/\/www.ebilet.pl\/muzyka\/rock\/klasyka-rocka-na-28-pietrze\" target=\"_blank\" class=\"card-event__link\" rel=\"nofollow noopener\"><\/a>\n        <div class=\"card-event__wrapper\">\n        <div class=\"card-event__image\">\n            <img decoding=\"async\" src=\"https:\/\/www.ebilet.pl\/media\/cms\/media\/scuda5xl\/656_369-klasyka-rocka-408dd696-350f-403f-b2fd-d1e7f35b2ed7.webp\" alt=\"\">\n        <\/div>\n        <div class=\"card-event__data\">\n            <div class=\"card-event__name\">\n                <p>Klasyka Rocka na 28. pi\u0119trze<\/p>\n            <\/div>\n            <div class=\"card-event__date\"><\/div>\n            <div class=\"card-event__location\">Warszawa<\/div>\n        <\/div>\n    <\/div>\n<\/div>                                    <\/div>\n                                                                    <div class=\"events-carousel-block__sliderItem swiper-slide\"\n                                        data-id=\"181566\"\n                                        data-name=\"Queen Classic Concert By Candle Glow\"\n                                        data-brand=\"Copernicus Sp\u00f3\u0142ka z o.o.\"\n                                        data-category=\"muzyka\"\n                                        data-subcategory=\"rock\"\n                                        data-city=\"Krak\u00f3w, Warszawa\"\n                                        data-venue=\"Klasztor O.O. Bernardyn\u00f3w\">\n                                        \n<div class=\"card-event  card-event--size-small\">\n        <a href=\"https:\/\/www.ebilet.pl\/muzyka\/rock\/royal-chopin-hall\" target=\"_blank\" class=\"card-event__link\" rel=\"nofollow noopener\"><\/a>\n        <div class=\"card-event__wrapper\">\n        <div class=\"card-event__image\">\n            <img decoding=\"async\" src=\"https:\/\/www.ebilet.pl\/media\/cms\/media\/kfpehtxm\/queen-classic-krak_w-656x369-px-by-candle-glow-0511fa8e-a43c-4965-b7c7-63e6ff92ab6f.webp\" alt=\"\">\n        <\/div>\n        <div class=\"card-event__data\">\n            <div class=\"card-event__name\">\n                <p>Queen Classic Concert By Candle Glow<\/p>\n            <\/div>\n            <div class=\"card-event__date\"><\/div>\n            <div class=\"card-event__location\">Krak\u00f3w, Warszawa<\/div>\n        <\/div>\n    <\/div>\n<\/div>                                    <\/div>\n                                                                    <div class=\"events-carousel-block__sliderItem swiper-slide\"\n                                        data-id=\"182461\"\n                                        data-name=\"&quot;M\u00f3wi\u0105 o mnie w mie\u015bcie...&quot; - Urodziny Ry\u015bka Riedla\"\n                                        data-brand=\"SWIK Nasze Miasto Wroc\u0142aw\"\n                                        data-category=\"muzyka\"\n                                        data-subcategory=\"rock\"\n                                        data-city=\"Wroc\u0142aw\"\n                                        data-venue=\"Stary Klasztor\">\n                                        \n<div class=\"card-event  card-event--size-small\">\n        <a href=\"https:\/\/www.ebilet.pl\/muzyka\/rock\/urodziny-ryska-riedla\" target=\"_blank\" class=\"card-event__link\" rel=\"nofollow noopener\"><\/a>\n        <div class=\"card-event__wrapper\">\n        <div class=\"card-event__image\">\n            <img decoding=\"async\" src=\"https:\/\/www.ebilet.pl\/media\/cms\/media\/mjpouooy\/wydarzenie-10-1-7795ae92-4e2b-40be-9c1a-9cfc7cafd7cc.webp\" alt=\"\">\n        <\/div>\n        <div class=\"card-event__data\">\n            <div class=\"card-event__name\">\n                <p>&#8220;M\u00f3wi\u0105 o mnie w mie\u015bcie&#8230;&#8221; &#8211; Urodziny Ry\u015bka Riedla<\/p>\n            <\/div>\n            <div class=\"card-event__date\"><\/div>\n            <div class=\"card-event__location\">Wroc\u0142aw<\/div>\n        <\/div>\n    <\/div>\n<\/div>                                    <\/div>\n                                                                    <div class=\"events-carousel-block__sliderItem swiper-slide\"\n                                        data-id=\"64455\"\n                                        data-name=\"Budka Suflera\"\n                                        data-brand=\"AGENCJA ARTYSTYCZNA BRUSSA ZUZANNA BRUSSA\"\n                                        data-category=\"muzyka\"\n                                        data-subcategory=\"rock\"\n                                        data-city=\"\u0141\u00f3d\u017a, Pozna\u0144, Szczecin\"\n                                        data-venue=\"Aula Uniwersytetu im. Adama Mickiewicza\">\n                                        \n<div class=\"card-event  card-event--size-small\">\n        <a href=\"https:\/\/www.ebilet.pl\/muzyka\/rock\/budka-suflera\" target=\"_blank\" class=\"card-event__link\" rel=\"nofollow noopener\"><\/a>\n        <div class=\"card-event__wrapper\">\n        <div class=\"card-event__image\">\n            <img decoding=\"async\" src=\"https:\/\/www.ebilet.pl\/media\/cms\/media\/lbzmf2jx\/656x369-46e5809c-22e7-49a3-95aa-5497108908a0.webp\" alt=\"\">\n        <\/div>\n        <div class=\"card-event__data\">\n            <div class=\"card-event__name\">\n                <p>Budka Suflera<\/p>\n            <\/div>\n            <div class=\"card-event__date\"><\/div>\n            <div class=\"card-event__location\">\u0141\u00f3d\u017a, Pozna\u0144, Szczecin<\/div>\n        <\/div>\n    <\/div>\n<\/div>                                    <\/div>\n                                                                    <div class=\"events-carousel-block__sliderItem swiper-slide\"\n                                        data-id=\"66419\"\n                                        data-name=\"Clan of Xymox\"\n                                        data-brand=\"SWIK Nasze Miasto Wroc\u0142aw\"\n                                        data-category=\"muzyka\"\n                                        data-subcategory=\"rock\"\n                                        data-city=\"Wroc\u0142aw\"\n                                        data-venue=\"Stary Klasztor\">\n                                        \n<div class=\"card-event  card-event--size-small\">\n        <a href=\"https:\/\/www.ebilet.pl\/muzyka\/rock\/clan-of-xymox\" target=\"_blank\" class=\"card-event__link\" rel=\"nofollow noopener\"><\/a>\n        <div class=\"card-event__wrapper\">\n        <div class=\"card-event__image\">\n            <img decoding=\"async\" src=\"https:\/\/www.ebilet.pl\/media\/cms\/media\/c3ymzgfg\/clan-of-xymox-zdj_cie-w-tle-do-1-4b849278-b861-443b-b16b-76714cdaeba0.webp\" alt=\"\">\n        <\/div>\n        <div class=\"card-event__data\">\n            <div class=\"card-event__name\">\n                <p>Clan of Xymox<\/p>\n            <\/div>\n            <div class=\"card-event__date\"><\/div>\n            <div class=\"card-event__location\">Wroc\u0142aw<\/div>\n        <\/div>\n    <\/div>\n<\/div>                                    <\/div>\n                                                                    <div class=\"events-carousel-block__sliderItem swiper-slide\"\n                                        data-id=\"183034\"\n                                        data-name=\"Koncert przy \u015bwiecach \u2013 Rockowe ballady\"\n                                        data-brand=\"Fundacja na Rzecz Pomocy Pestka\"\n                                        data-category=\"muzyka\"\n                                        data-subcategory=\"rock\"\n                                        data-city=\"Wroc\u0142aw\"\n                                        data-venue=\"Aula NOT\">\n                                        \n<div class=\"card-event  card-event--size-small\">\n        <a href=\"https:\/\/www.ebilet.pl\/muzyka\/rock\/rockowe-ballady\" target=\"_blank\" class=\"card-event__link\" rel=\"nofollow noopener\"><\/a>\n        <div class=\"card-event__wrapper\">\n        <div class=\"card-event__image\">\n            <img decoding=\"async\" src=\"https:\/\/www.ebilet.pl\/media\/cms\/media\/ax3arkia\/3_-rockowe-ballady-656-x-369-px-c34f0903-1ef9-41b6-8f7e-fda591d10720.webp\" alt=\"\">\n        <\/div>\n        <div class=\"card-event__data\">\n            <div class=\"card-event__name\">\n                <p>Koncert przy \u015bwiecach \u2013 Rockowe ballady<\/p>\n            <\/div>\n            <div class=\"card-event__date\"><\/div>\n            <div class=\"card-event__location\">Wroc\u0142aw<\/div>\n        <\/div>\n    <\/div>\n<\/div>                                    <\/div>\n                                                            <\/div>\n                        <\/div>\n                    <\/div>\n                    <div class=\"events-carousel-block__pagination\">\n                        <div class=\"swiper-pagination slider-pagination\" data-events-carousel-pagination><\/div>\n                    <\/div>\n                <\/div>\n            <\/div>\n        <\/div>\n    <\/section>\n\n\n\n<section class=\"text-block  section-margin-32\" >\n    <div class=\"container\">\n        <div class=\"row\">\n            <div class=\"col-24\">\n                <div class=\"text-block__content\"><h2>Co wiemy o &#8220;Painstream&#8221;, nowej p\u0142ycie Blind Channel?<\/h2>\n<p>Nadchodzi sz\u00f3sty album studyjny <strong>Blind Channel!<\/strong> To pierwsze dzie\u0142o bez udzia\u0142u wokalisty<strong> Joela Hokki,<\/strong> kt\u00f3ry postanowi\u0142 skupi\u0107 si\u0119 na karierze solowej. Na wyczekiwanym kr\u0105\u017cku us\u0142yszymy 12 utwor\u00f3w nasyconych wybuchow\u0105 energi\u0105 i ostr\u0105 autorefleksj\u0105. To wszystko zostanie osadzone pod szyldem <strong>&#8220;Painstream&#8221;<\/strong>, a tytu\u0142owy strumie\u0144 b\u00f3lu stanie si\u0119 g\u0142\u00f3wn\u0105 tematyk\u0105 wydawnictwa.<\/p>\n<p><em>&#8220;W \u015bwiecie przepe\u0142nionym niepewno\u015bci\u0105, konfliktami i podzia\u0142ami, b\u00f3l jest jedn\u0105 z niewielu rzeczy, kt\u00f3re \u0142\u0105cz\u0105 wszystkich ludzi. Zamiast nas dzieli\u0107, zesp\u00f3\u0142 dzieli si\u0119 przemy\u015bleniami, \u017ce b\u00f3l mo\u017ce nas zjednoczy\u0107 &#8211; przypominaj\u0105c o naszym wsp\u00f3lnym cz\u0142owiecze\u0144stwie. Na p\u0142ycie poruszona zostanie tematyka cierpienia z perspektywy osobistej, spo\u0142ecznej i egzystencjalnej, odnajduj\u0105c w tym co\u015b ca\u0142kowicie nieoczekiwanego: nadziej\u0119&#8221;<\/em> &#8211; czytamy w materia\u0142ach prasowych.<\/p>\n<p>Album<strong> &#8220;Painstream&#8221;<\/strong> jest zapowiadany jako opowie\u015b\u0107 o jedno\u015bci, uzdrowieniu i odwadze. P\u0142yta jest manifestem rozwoju <strong>Blind Channel<\/strong> przy jednoczesnym utrzymaniu intensywno\u015bci, z kt\u00f3rej znany jest zesp\u00f3\u0142. Ju\u017c wkr\u00f3tce ten repertuar wybrzmi na \u017cywo w Polsce!<\/p>\n<\/div>\n            <\/div>\n        <\/div>\n    <\/div>\n<\/section>\n\n\n<figure class=\"wp-block-embed is-type-video is-provider-youtube wp-block-embed-youtube wp-embed-aspect-16-9 wp-has-aspect-ratio\"><div class=\"wp-block-embed__wrapper\">\n<iframe loading=\"lazy\" title=\"Blind Channel - Diana \/ No Encores In A Swan Song (Official Music Video)\" width=\"500\" height=\"281\" src=\"https:\/\/www.youtube.com\/embed\/0KurhXSX6f4?feature=oembed\" frameborder=\"0\" allow=\"accelerometer; autoplay; clipboard-write; encrypted-media; gyroscope; picture-in-picture; web-share\" referrerpolicy=\"strict-origin-when-cross-origin\" allowfullscreen><\/iframe>\n<\/div><\/figure>\n\n\n<section class=\"gap-block  section-margin-32 section-margin-32\"><\/section>\n\n\n<section  class=\"article-bullet-list  section-margin-32\">\n    <div class=\"container\">\n        <div class=\"row\">\n            <div class=\"col-24\">\n                                <div class=\"article-bullet-list__title\">\n                    <p class=\"typo-18\">Przeczytaj te\u017c:<\/p>\n                <\/div>\n                                <div class=\"article-bullet-list text-block\">\n                    <div class=\"text-block__content\">\n                        <ul>\n                                                        <li>\n                                <a href=\"https:\/\/www.ebilet.pl\/now\/tokio-hotel-wystapi-w-polsce\/\">\n                                    <span>Tokio Hotel wyst\u0105pi w Polsce!<\/span>\n                                <\/a>\n                            <\/li>\n                                                        <li>\n                                <a href=\"https:\/\/www.ebilet.pl\/now\/maneskin-zapowiedzieli-pierwszy-wspolny-wystep-od-trzech-lat\/\">\n                                    <span>M\u00e5neskin zapowiedzieli pierwszy wsp\u00f3lny wyst\u0119p od trzech lat!<\/span>\n                                <\/a>\n                            <\/li>\n                                                    <\/ul>\n                    <\/div>\n                <\/div>\n            <\/div>\n        <\/div>\n    <\/div>\n<\/section>\n\n\n<section class=\"events-slider-block  section-margin-32\" data-events-slider-block data-carousel-title=\"Gor\u0105ce wydarzenia\" data-carousel-type=\"gor\u0105ce_wydarzenia\" data-item-list-name=\"Gor\u0105ce wydarzenia Gor\u0105ce wydarzenia\" data-item-list-id=\"gor\u0105ce_wydarzenia Gor\u0105ce wydarzenia\" >\n    <div class=\"container\">\n        <div class=\"row\">\n            <div class=\"col-24\">\n                <div class=\"events-slider-block__wrapper\">\n                                            <div class=\"events-slider-block__bg\"><img loading=\"lazy\" decoding=\"async\" width=\"1920\" height=\"1080\" src=\"https:\/\/www.ebilet.pl\/now\/app\/uploads\/2024\/04\/shutterstock_1308510637.jpg\" class=\"attachment-full size-full\" alt=\"Fot.\" srcset=\"https:\/\/www.ebilet.pl\/now\/app\/uploads\/2024\/04\/shutterstock_1308510637.jpg 1920w, https:\/\/www.ebilet.pl\/now\/app\/uploads\/2024\/04\/shutterstock_1308510637-1024x576.jpg 1024w, https:\/\/www.ebilet.pl\/now\/app\/uploads\/2024\/04\/shutterstock_1308510637-1536x864.jpg 1536w, https:\/\/www.ebilet.pl\/now\/app\/uploads\/2024\/04\/shutterstock_1308510637-1280x720.jpg 1280w, https:\/\/www.ebilet.pl\/now\/app\/uploads\/2024\/04\/shutterstock_1308510637-500x281.jpg 500w, https:\/\/www.ebilet.pl\/now\/app\/uploads\/2024\/04\/shutterstock_1308510637-632x356.jpg 632w, https:\/\/www.ebilet.pl\/now\/app\/uploads\/2024\/04\/shutterstock_1308510637-308x174.jpg 308w\" sizes=\"auto, (max-width: 1920px) 100vw, 1920px\" \/><\/div>\n                                                                <div class=\"events-slider-block__top\">\n                                                            <div class=\"events-slider-block__title desktop\">\n                                    <h2 class=\"typo-h2\">Gor\u0105ce wydarzenia<\/h2>\n                                <\/div>\n                                                                                        <div class=\"events-slider-block__title mobile\">\n                                    <h2 class=\"typo-h2\">Gor\u0105ce wydarzenia<\/h2>\n                                <\/div>\n                                                    <\/div>\n                                                            <div class=\"events-slider-block__main\">\n                        <div class=\"events-slider-block__nav events-slider-block__nav--prev\">\n                            <div class=\"button button--withIcon button--theme-white-blur button--size-fixed-48\" data-events-prev>\n                                <span class=\"button__icon icon icon-chevron-left\"><\/span>\n                            <\/div>\n                        <\/div>\n                        <div class=\"events-slider-block__nav events-slider-block__nav--next\">\n                            <div class=\"button button--withIcon button--theme-white-blur button--size-fixed-48\" data-events-next>\n                                <span class=\"button__icon icon icon-chevron-right\"><\/span>\n                            <\/div>\n                        <\/div>\n                        <div class=\"events-slider-block__slider\">\n                            <div class=\"swiper\" data-events-slider>\n                                <div class=\"events-slider-block__sliderWrapper swiper-wrapper\">\n                                                                    <div class=\"events-slider-block__sliderItem swiper-slide\">\n                                    \n<div class=\"card-event  card-event--size-small\">\n        <a href=\"https:\/\/www.ebilet.pl\/muzyka\/festiwale\/opener-festival\" target=\"_blank\" class=\"card-event__link\" rel=\"nofollow noopener\"><\/a>\n        <div class=\"card-event__wrapper\">\n        <div class=\"card-event__image\">\n            <img decoding=\"async\" src=\"https:\/\/www.ebilet.pl\/media\/cms\/media\/qkso1del\/opene_2027_tameimpala_552x736_ebilet-1d7aa61e-0a2a-4f3b-b538-d84518354aa2.webp\" alt=\"\">\n        <\/div>\n        <div class=\"card-event__data\">\n            <div class=\"card-event__name\">\n                <p>Open&#8217;er Festival 2027<\/p>\n            <\/div>\n            <div class=\"card-event__date\">30.06.2027-30.06.2027<\/div>\n            <div class=\"card-event__location\">Gdynia<\/div>\n        <\/div>\n    <\/div>\n<\/div>                                    <\/div>\n                                                                    <div class=\"events-slider-block__sliderItem swiper-slide\">\n                                    \n<div class=\"card-event  card-event--size-small\">\n        <a href=\"https:\/\/www.ebilet.pl\/muzyka\/pop\/tokio-hotel\" target=\"_blank\" class=\"card-event__link\" rel=\"nofollow noopener\"><\/a>\n        <div class=\"card-event__wrapper\">\n        <div class=\"card-event__image\">\n            <img decoding=\"async\" src=\"https:\/\/www.ebilet.pl\/media\/cms\/media\/i02j3uly\/tokio-hotel-552.webp\" alt=\"\">\n        <\/div>\n        <div class=\"card-event__data\">\n            <div class=\"card-event__name\">\n                <p>Tokio Hotel<\/p>\n            <\/div>\n            <div class=\"card-event__date\">19.08.2027-19.08.2027<\/div>\n            <div class=\"card-event__location\">Warszawa<\/div>\n        <\/div>\n    <\/div>\n<\/div>                                    <\/div>\n                                                                    <div class=\"events-slider-block__sliderItem swiper-slide\">\n                                    \n<div class=\"card-event  card-event--size-small\">\n        <a href=\"https:\/\/www.ebilet.pl\/sport\/sporty-druzynowe\/koszykowka-mecz\" target=\"_blank\" class=\"card-event__link\" rel=\"nofollow noopener\"><\/a>\n        <div class=\"card-event__wrapper\">\n        <div class=\"card-event__image\">\n            <img decoding=\"async\" src=\"https:\/\/www.ebilet.pl\/media\/cms\/media\/hoxono4g\/podstawowe_portal-98225706-f40f-4253-9b63-9f6c375fb13f.webp\" alt=\"\">\n        <\/div>\n        <div class=\"card-event__data\">\n            <div class=\"card-event__name\">\n                <p>Kwalifikacje do Mistrzostw \u015awiata w koszyk\u00f3wce m\u0119\u017cczyzn 2027: Polska \u2013 Chorwacja<\/p>\n            <\/div>\n            <div class=\"card-event__date\">27.11.2026-27.11.2026<\/div>\n            <div class=\"card-event__location\">Gliwice<\/div>\n        <\/div>\n    <\/div>\n<\/div>                                    <\/div>\n                                                                    <div class=\"events-slider-block__sliderItem swiper-slide\">\n                                    \n<div class=\"card-event  card-event--size-small\">\n        <a href=\"https:\/\/www.ebilet.pl\/sport\/lekkoatletyka\/memorial-kamili-skolimowskiej\" target=\"_blank\" class=\"card-event__link\" rel=\"nofollow noopener\"><\/a>\n        <div class=\"card-event__wrapper\">\n        <div class=\"card-event__image\">\n            <img decoding=\"async\" src=\"https:\/\/www.ebilet.pl\/media\/cms\/media\/ebddns15\/552x736-78da7a2f-a7cf-4711-af9b-beba90926c7e.webp\" alt=\"\">\n        <\/div>\n        <div class=\"card-event__data\">\n            <div class=\"card-event__name\">\n                <p>Silesia Memoria\u0142 Kamili Skolimowskiej<\/p>\n            <\/div>\n            <div class=\"card-event__date\">15.08.2027-15.08.2027<\/div>\n            <div class=\"card-event__location\">Chorz\u00f3w<\/div>\n        <\/div>\n    <\/div>\n<\/div>                                    <\/div>\n                                                                    <div class=\"events-slider-block__sliderItem swiper-slide\">\n                                    \n<div class=\"card-event  card-event--size-small\">\n        <a href=\"https:\/\/www.ebilet.pl\/muzyka\/hip-hop-rap\/gombao33\" target=\"_blank\" class=\"card-event__link\" rel=\"nofollow noopener\"><\/a>\n        <div class=\"card-event__wrapper\">\n        <div class=\"card-event__image\">\n            <img decoding=\"async\" src=\"https:\/\/www.ebilet.pl\/media\/cms\/media\/ctcikvkb\/gombao_bez_napisu-2ebe28b7-760a-4987-8d6c-0cb2fe6f2203.webp\" alt=\"\">\n        <\/div>\n        <div class=\"card-event__data\">\n            <div class=\"card-event__name\">\n                <p>G33 Tour &#8211; Tadeo x Szczepan x Wygu\u015b x Mata<\/p>\n            <\/div>\n            <div class=\"card-event__date\">12.09.2026-12.09.2026<\/div>\n            <div class=\"card-event__location\">Bydgoszcz, Gwi\u017adziny, Kra\u015bnik i inne<\/div>\n        <\/div>\n    <\/div>\n<\/div>                                    <\/div>\n                                                                    <div class=\"events-slider-block__sliderItem swiper-slide\">\n                                    \n<div class=\"card-event  card-event--size-small\">\n        <a href=\"https:\/\/www.ebilet.pl\/muzyka\/rock\/russell-crowe\" target=\"_blank\" class=\"card-event__link\" rel=\"nofollow noopener\"><\/a>\n        <div class=\"card-event__wrapper\">\n        <div class=\"card-event__image\">\n            <img decoding=\"async\" src=\"https:\/\/www.ebilet.pl\/media\/cms\/media\/dajolyng\/rusel_pion-738c048c-2504-4de3-a226-d83518cf8463.webp\" alt=\"\">\n        <\/div>\n        <div class=\"card-event__data\">\n            <div class=\"card-event__name\">\n                <p>Russell Crowe\u2019s Indoor Garden Party<\/p>\n            <\/div>\n            <div class=\"card-event__date\">05.06.2027-05.06.2027<\/div>\n            <div class=\"card-event__location\">\u0106miel\u00f3w<\/div>\n        <\/div>\n    <\/div>\n<\/div>                                    <\/div>\n                                                                    <div class=\"events-slider-block__sliderItem swiper-slide\">\n                                    \n<div class=\"card-event  card-event--size-small\">\n        <a href=\"https:\/\/www.ebilet.pl\/muzyka\/festiwale\/olsztyn-green-festival\" target=\"_blank\" class=\"card-event__link\" rel=\"nofollow noopener\"><\/a>\n        <div class=\"card-event__wrapper\">\n        <div class=\"card-event__image\">\n            <img decoding=\"async\" src=\"https:\/\/www.ebilet.pl\/media\/cms\/media\/ivzhtv3z\/1080x1350_ogf_edycja_2027-18faf89b-3a6e-4aa9-b07b-593f24448a27.webp\" alt=\"\">\n        <\/div>\n        <div class=\"card-event__data\">\n            <div class=\"card-event__name\">\n                <p>Olsztyn Green Festival 2027<\/p>\n            <\/div>\n            <div class=\"card-event__date\">13.08.2027-13.08.2027<\/div>\n            <div class=\"card-event__location\">Olsztyn<\/div>\n        <\/div>\n    <\/div>\n<\/div>                                    <\/div>\n                                                                    <div class=\"events-slider-block__sliderItem swiper-slide\">\n                                    \n<div class=\"card-event  card-event--size-small\">\n        <a href=\"https:\/\/www.ebilet.pl\/sport\/sporty-walki\/ksw-gala\" target=\"_blank\" class=\"card-event__link\" rel=\"nofollow noopener\"><\/a>\n        <div class=\"card-event__wrapper\">\n        <div class=\"card-event__image\">\n            <img decoding=\"async\" src=\"https:\/\/www.ebilet.pl\/media\/cms\/media\/cz4hwoy5\/ksw122_552x736-kopia-2bfd4e82-ebbc-475a-901b-7cd82d226339.webp\" alt=\"\">\n        <\/div>\n        <div class=\"card-event__data\">\n            <div class=\"card-event__name\">\n                <p>XTB KSW 122<\/p>\n            <\/div>\n            <div class=\"card-event__date\">10.10.2026-10.10.2026<\/div>\n            <div class=\"card-event__location\">Rzesz\u00f3w<\/div>\n        <\/div>\n    <\/div>\n<\/div>                                    <\/div>\n                                                                    <div class=\"events-slider-block__sliderItem swiper-slide\">\n                                    \n<div class=\"card-event  card-event--size-small\">\n        <a href=\"https:\/\/www.ebilet.pl\/muzyka\/rock\/fontaines-dc\" target=\"_blank\" class=\"card-event__link\" rel=\"nofollow noopener\"><\/a>\n        <div class=\"card-event__wrapper\">\n        <div class=\"card-event__image\">\n            <img decoding=\"async\" src=\"https:\/\/www.ebilet.pl\/media\/cms\/media\/ovge4bna\/fontaines_dc_portal_552x736.webp\" alt=\"\">\n        <\/div>\n        <div class=\"card-event__data\">\n            <div class=\"card-event__name\">\n                <p>Fontaines D.C. EU TOUR 2026<\/p>\n            <\/div>\n            <div class=\"card-event__date\">31.10.2026-31.10.2026<\/div>\n            <div class=\"card-event__location\">\u0141\u00f3d\u017a<\/div>\n        <\/div>\n    <\/div>\n<\/div>                                    <\/div>\n                                                                    <div class=\"events-slider-block__sliderItem swiper-slide\">\n                                    \n<div class=\"card-event  card-event--size-small\">\n        <a href=\"https:\/\/www.ebilet.pl\/muzyka\/pop\/take-that\" target=\"_blank\" class=\"card-event__link\" rel=\"nofollow noopener\"><\/a>\n        <div class=\"card-event__wrapper\">\n        <div class=\"card-event__image\">\n            <img decoding=\"async\" src=\"https:\/\/www.ebilet.pl\/media\/cms\/media\/eiqdozli\/ebilet-552x736-take-that.webp\" alt=\"\">\n        <\/div>\n        <div class=\"card-event__data\">\n            <div class=\"card-event__name\">\n                <p>Take That<\/p>\n            <\/div>\n            <div class=\"card-event__date\">13.06.2027-13.06.2027<\/div>\n            <div class=\"card-event__location\">Warszawa<\/div>\n        <\/div>\n    <\/div>\n<\/div>                                    <\/div>\n                                                                    <div class=\"events-slider-block__sliderItem swiper-slide\">\n                                    \n<div class=\"card-event  card-event--size-small\">\n        <a href=\"https:\/\/www.ebilet.pl\/muzyka\/hip-hop-rap\/otsochodzi\" target=\"_blank\" class=\"card-event__link\" rel=\"nofollow noopener\"><\/a>\n        <div class=\"card-event__wrapper\">\n        <div class=\"card-event__image\">\n            <img decoding=\"async\" src=\"https:\/\/www.ebilet.pl\/media\/cms\/media\/ucuizr2w\/tt-552-x-736-kopia.webp\" alt=\"\">\n        <\/div>\n        <div class=\"card-event__data\">\n            <div class=\"card-event__name\">\n                <p>Otsochodzi &#8211; RIOTT<\/p>\n            <\/div>\n            <div class=\"card-event__date\">01.10.2026-01.10.2026<\/div>\n            <div class=\"card-event__location\">Gda\u0144sk, Krak\u00f3w, Pozna\u0144 i inne<\/div>\n        <\/div>\n    <\/div>\n<\/div>                                    <\/div>\n                                                                    <div class=\"events-slider-block__sliderItem swiper-slide\">\n                                    \n<div class=\"card-event  card-event--size-small\">\n        <a href=\"https:\/\/www.ebilet.pl\/muzyka\/pop\/pitbull\" target=\"_blank\" class=\"card-event__link\" rel=\"nofollow noopener\"><\/a>\n        <div class=\"card-event__wrapper\">\n        <div class=\"card-event__image\">\n            <img decoding=\"async\" src=\"https:\/\/www.ebilet.pl\/media\/cms\/media\/5lzfwzwf\/pitbull_552x736-51986cca-48f5-4419-a9c5-cba531ed65a3.webp\" alt=\"\">\n        <\/div>\n        <div class=\"card-event__data\">\n            <div class=\"card-event__name\">\n                <p>Pitbull &#8211; I&#8217;m Back!<\/p>\n            <\/div>\n            <div class=\"card-event__date\">27.11.2026-27.11.2026<\/div>\n            <div class=\"card-event__location\">Gda\u0144sk\/Sopot, \u0141\u00f3d\u017a<\/div>\n        <\/div>\n    <\/div>\n<\/div>                                    <\/div>\n                                                                    <div class=\"events-slider-block__sliderItem swiper-slide\">\n                                    \n<div class=\"card-event  card-event--size-small\">\n        <a href=\"https:\/\/www.ebilet.pl\/muzyka\/piosenka\/koncert-koled-i-pastoralek-golec-uorkiestra\" target=\"_blank\" class=\"card-event__link\" rel=\"nofollow noopener\"><\/a>\n        <div class=\"card-event__wrapper\">\n        <div class=\"card-event__image\">\n            <img decoding=\"async\" src=\"https:\/\/www.ebilet.pl\/media\/cms\/media\/sqlacf5s\/golec_552x736_ebilet-c90c1dab-7443-46cc-b6f7-252554a5cab4.webp\" alt=\"\">\n        <\/div>\n        <div class=\"card-event__data\">\n            <div class=\"card-event__name\">\n                <p>Golec uOrkiestra &#8211; Koncert Kol\u0119d i Pastora\u0142ek<\/p>\n            <\/div>\n            <div class=\"card-event__date\">18.12.2026-18.12.2026<\/div>\n            <div class=\"card-event__location\">Bielsko-Bia\u0142a, Bydgoszcz, Gda\u0144sk i inne<\/div>\n        <\/div>\n    <\/div>\n<\/div>                                    <\/div>\n                                                                    <div class=\"events-slider-block__sliderItem swiper-slide\">\n                                    \n<div class=\"card-event  card-event--size-small\">\n        <a href=\"https:\/\/www.ebilet.pl\/muzyka\/festiwale\/up-to-date-festival\" target=\"_blank\" class=\"card-event__link\" rel=\"nofollow noopener\"><\/a>\n        <div class=\"card-event__wrapper\">\n        <div class=\"card-event__image\">\n            <img decoding=\"async\" src=\"https:\/\/www.ebilet.pl\/media\/cms\/media\/jfdlnoqn\/ebilet-552x736-portal-wersja-2-c38ddeaf-bf05-4f54-9e4d-377e6b572335.webp\" alt=\"\">\n        <\/div>\n        <div class=\"card-event__data\">\n            <div class=\"card-event__name\">\n                <p>Up To Date Festival 2027<\/p>\n            <\/div>\n            <div class=\"card-event__date\">27.05.2027-27.05.2027<\/div>\n            <div class=\"card-event__location\">Bia\u0142ystok<\/div>\n        <\/div>\n    <\/div>\n<\/div>                                    <\/div>\n                                                                    <div class=\"events-slider-block__sliderItem swiper-slide\">\n                                    \n<div class=\"card-event  card-event--size-small\">\n        <a href=\"https:\/\/www.ebilet.pl\/biznes\/wystawa\/van-gogh\" target=\"_blank\" class=\"card-event__link\" rel=\"nofollow noopener\"><\/a>\n        <div class=\"card-event__wrapper\">\n        <div class=\"card-event__image\">\n            <img decoding=\"async\" src=\"https:\/\/www.ebilet.pl\/media\/cms\/media\/rx0pgtm4\/nowa-ebilet-_vg-__-lublin_-552-736-5ddf74a4-5cec-41cd-9f00-a4baa0f7a221.webp\" alt=\"\">\n        <\/div>\n        <div class=\"card-event__data\">\n            <div class=\"card-event__name\">\n                <p>VAN GOGH \u2013 Wystawa Immersyjna &#8211; Lublin<\/p>\n            <\/div>\n            <div class=\"card-event__date\">15.09.2026-15.09.2026<\/div>\n            <div class=\"card-event__location\">Lublin<\/div>\n        <\/div>\n    <\/div>\n<\/div>                                    <\/div>\n                                                                <\/div>\n                            <\/div>\n                        <\/div>\n                        <div class=\"events-slider-block__events swiper\" data-events-events-descriptions>\n                            <div class=\"events-slider-block__eventsWrapper swiper-wrapper\">\n                                                            <div class=\"events-slider-block__eventsItem swiper-slide\">\n                                    <a href=\"https:\/\/www.ebilet.pl\/muzyka\/festiwale\/opener-festival\" target=\"_blank\" class=\"events-slider-block__eventsName\">\n                                        <p>Open&#039;er Festival 2027<\/p>\n                                    <\/a>\n                                    <div class=\"events-slider-block__eventsDate\">\n                                        30.06.2027-03.07.2027                                    <\/div>\n                                    <div class=\"events-slider-block__eventsLocation\">Gdynia<\/div>\n                                <\/div>\n                                                            <div class=\"events-slider-block__eventsItem swiper-slide\">\n                                    <a href=\"https:\/\/www.ebilet.pl\/muzyka\/pop\/tokio-hotel\" target=\"_blank\" class=\"events-slider-block__eventsName\">\n                                        <p>Tokio Hotel<\/p>\n                                    <\/a>\n                                    <div class=\"events-slider-block__eventsDate\">\n                                        19.08.2027-19.08.2027                                    <\/div>\n                                    <div class=\"events-slider-block__eventsLocation\">Warszawa<\/div>\n                                <\/div>\n                                                            <div class=\"events-slider-block__eventsItem swiper-slide\">\n                                    <a href=\"https:\/\/www.ebilet.pl\/sport\/sporty-druzynowe\/koszykowka-mecz\" target=\"_blank\" class=\"events-slider-block__eventsName\">\n                                        <p>Kwalifikacje do Mistrzostw \u015awiata w koszyk\u00f3wce m\u0119\u017cczyzn 2027: Polska \u2013 Chorwacja<\/p>\n                                    <\/a>\n                                    <div class=\"events-slider-block__eventsDate\">\n                                        27.11.2026-27.11.2026                                    <\/div>\n                                    <div class=\"events-slider-block__eventsLocation\">Gliwice<\/div>\n                                <\/div>\n                                                            <div class=\"events-slider-block__eventsItem swiper-slide\">\n                                    <a href=\"https:\/\/www.ebilet.pl\/sport\/lekkoatletyka\/memorial-kamili-skolimowskiej\" target=\"_blank\" class=\"events-slider-block__eventsName\">\n                                        <p>Silesia Memoria\u0142 Kamili Skolimowskiej<\/p>\n                                    <\/a>\n                                    <div class=\"events-slider-block__eventsDate\">\n                                        15.08.2027-15.08.2027                                    <\/div>\n                                    <div class=\"events-slider-block__eventsLocation\">Chorz\u00f3w<\/div>\n                                <\/div>\n                                                            <div class=\"events-slider-block__eventsItem swiper-slide\">\n                                    <a href=\"https:\/\/www.ebilet.pl\/muzyka\/hip-hop-rap\/gombao33\" target=\"_blank\" class=\"events-slider-block__eventsName\">\n                                        <p>G33 Tour &#8211; Tadeo x Szczepan x Wygu\u015b x Mata<\/p>\n                                    <\/a>\n                                    <div class=\"events-slider-block__eventsDate\">\n                                        12.09.2026-04.10.2026                                    <\/div>\n                                    <div class=\"events-slider-block__eventsLocation\">Bydgoszcz, Gwi\u017adziny, Kra\u015bnik i inne<\/div>\n                                <\/div>\n                                                            <div class=\"events-slider-block__eventsItem swiper-slide\">\n                                    <a href=\"https:\/\/www.ebilet.pl\/muzyka\/rock\/russell-crowe\" target=\"_blank\" class=\"events-slider-block__eventsName\">\n                                        <p>Russell Crowe\u2019s Indoor Garden Party<\/p>\n                                    <\/a>\n                                    <div class=\"events-slider-block__eventsDate\">\n                                        05.06.2027-05.06.2027                                    <\/div>\n                                    <div class=\"events-slider-block__eventsLocation\">\u0106miel\u00f3w<\/div>\n                                <\/div>\n                                                            <div class=\"events-slider-block__eventsItem swiper-slide\">\n                                    <a href=\"https:\/\/www.ebilet.pl\/muzyka\/festiwale\/olsztyn-green-festival\" target=\"_blank\" class=\"events-slider-block__eventsName\">\n                                        <p>Olsztyn Green Festival 2027<\/p>\n                                    <\/a>\n                                    <div class=\"events-slider-block__eventsDate\">\n                                        13.08.2027-13.08.2027                                    <\/div>\n                                    <div class=\"events-slider-block__eventsLocation\">Olsztyn<\/div>\n                                <\/div>\n                                                            <div class=\"events-slider-block__eventsItem swiper-slide\">\n                                    <a href=\"https:\/\/www.ebilet.pl\/sport\/sporty-walki\/ksw-gala\" target=\"_blank\" class=\"events-slider-block__eventsName\">\n                                        <p>XTB KSW 122<\/p>\n                                    <\/a>\n                                    <div class=\"events-slider-block__eventsDate\">\n                                        10.10.2026-10.10.2026                                    <\/div>\n                                    <div class=\"events-slider-block__eventsLocation\">Rzesz\u00f3w<\/div>\n                                <\/div>\n                                                            <div class=\"events-slider-block__eventsItem swiper-slide\">\n                                    <a href=\"https:\/\/www.ebilet.pl\/muzyka\/rock\/fontaines-dc\" target=\"_blank\" class=\"events-slider-block__eventsName\">\n                                        <p>Fontaines D.C. EU TOUR 2026<\/p>\n                                    <\/a>\n                                    <div class=\"events-slider-block__eventsDate\">\n                                        31.10.2026-31.10.2026                                    <\/div>\n                                    <div class=\"events-slider-block__eventsLocation\">\u0141\u00f3d\u017a<\/div>\n                                <\/div>\n                                                            <div class=\"events-slider-block__eventsItem swiper-slide\">\n                                    <a href=\"https:\/\/www.ebilet.pl\/muzyka\/pop\/take-that\" target=\"_blank\" class=\"events-slider-block__eventsName\">\n                                        <p>Take That<\/p>\n                                    <\/a>\n                                    <div class=\"events-slider-block__eventsDate\">\n                                        13.06.2027-13.06.2027                                    <\/div>\n                                    <div class=\"events-slider-block__eventsLocation\">Warszawa<\/div>\n                                <\/div>\n                                                            <div class=\"events-slider-block__eventsItem swiper-slide\">\n                                    <a href=\"https:\/\/www.ebilet.pl\/muzyka\/hip-hop-rap\/otsochodzi\" target=\"_blank\" class=\"events-slider-block__eventsName\">\n                                        <p>Otsochodzi &#8211; RIOTT<\/p>\n                                    <\/a>\n                                    <div class=\"events-slider-block__eventsDate\">\n                                        01.10.2026-03.12.2026                                    <\/div>\n                                    <div class=\"events-slider-block__eventsLocation\">Gda\u0144sk, Krak\u00f3w, Pozna\u0144 i inne<\/div>\n                                <\/div>\n                                                            <div class=\"events-slider-block__eventsItem swiper-slide\">\n                                    <a href=\"https:\/\/www.ebilet.pl\/muzyka\/pop\/pitbull\" target=\"_blank\" class=\"events-slider-block__eventsName\">\n                                        <p>Pitbull &#8211; I&#039;m Back!<\/p>\n                                    <\/a>\n                                    <div class=\"events-slider-block__eventsDate\">\n                                        27.11.2026-03.12.2026                                    <\/div>\n                                    <div class=\"events-slider-block__eventsLocation\">Gda\u0144sk\/Sopot, \u0141\u00f3d\u017a<\/div>\n                                <\/div>\n                                                            <div class=\"events-slider-block__eventsItem swiper-slide\">\n                                    <a href=\"https:\/\/www.ebilet.pl\/muzyka\/piosenka\/koncert-koled-i-pastoralek-golec-uorkiestra\" target=\"_blank\" class=\"events-slider-block__eventsName\">\n                                        <p>Golec uOrkiestra &#8211; Koncert Kol\u0119d i Pastora\u0142ek<\/p>\n                                    <\/a>\n                                    <div class=\"events-slider-block__eventsDate\">\n                                        18.12.2026-17.01.2027                                    <\/div>\n                                    <div class=\"events-slider-block__eventsLocation\">Bielsko-Bia\u0142a, Bydgoszcz, Gda\u0144sk i inne<\/div>\n                                <\/div>\n                                                            <div class=\"events-slider-block__eventsItem swiper-slide\">\n                                    <a href=\"https:\/\/www.ebilet.pl\/muzyka\/festiwale\/up-to-date-festival\" target=\"_blank\" class=\"events-slider-block__eventsName\">\n                                        <p>Up To Date Festival 2027<\/p>\n                                    <\/a>\n                                    <div class=\"events-slider-block__eventsDate\">\n                                        27.05.2027-28.05.2027                                    <\/div>\n                                    <div class=\"events-slider-block__eventsLocation\">Bia\u0142ystok<\/div>\n                                <\/div>\n                                                            <div class=\"events-slider-block__eventsItem swiper-slide\">\n                                    <a href=\"https:\/\/www.ebilet.pl\/biznes\/wystawa\/van-gogh\" target=\"_blank\" class=\"events-slider-block__eventsName\">\n                                        <p>VAN GOGH \u2013 Wystawa Immersyjna &#8211; Lublin<\/p>\n                                    <\/a>\n                                    <div class=\"events-slider-block__eventsDate\">\n                                        15.09.2026-31.12.2026                                    <\/div>\n                                    <div class=\"events-slider-block__eventsLocation\">Lublin<\/div>\n                                <\/div>\n                                                        <\/div>\n                        <\/div>\n                        <div class=\"events-slider-block__pagination\">\n                            <div class=\"swiper-pagination slider-pagination slider-pagination--theme-white\" data-events-slider-pagination><\/div>\n                        <\/div>\n                    <\/div>\n                                        <div class=\"events-slider-block__bottom\">\n                                                                                <div class=\"events-slider-block__link desktop\">\n                                    <a\n                                        class=\"button button--size-small button--theme-primary-yellow button--withIconLeft\"\n                                        href=\"https:\/\/www.ebilet.pl\/\">\n                                                                                    <div class=\"button__icon\"><img loading=\"lazy\" decoding=\"async\" width=\"30\" height=\"30\" src=\"https:\/\/www.ebilet.pl\/now\/app\/uploads\/2024\/01\/ticket-cinema-entertainment-coupon-discount-sale_30px.png\" class=\"attachment-full size-full\" alt=\"\" \/><\/div>\n                                                                                <p class=\"button__text typo-18\">Kup na eBilet.pl<\/p>\n                                    <\/a>\n                                <\/div>\n                                                                                <div class=\"events-slider-block__link mobile\">\n                                    <a\n                                        class=\"button button--size-small button--theme-primary-yellow button--withIconLeft\"\n                                        href=\"https:\/\/www.ebilet.pl\/\">\n                                                                                    <div class=\"button__icon\"><img loading=\"lazy\" decoding=\"async\" width=\"30\" height=\"30\" src=\"https:\/\/www.ebilet.pl\/now\/app\/uploads\/2024\/01\/ticket-cinema-entertainment-coupon-discount-sale_30px.png\" class=\"attachment-full size-full\" alt=\"\" \/><\/div>\n                                                                                <p class=\"button__text typo-18\">Kup na eBilet.pl<\/p>\n                                    <\/a>\n                                <\/div>\n                                            <\/div>\n                <\/div>\n            <\/div>\n        <\/div>\n    <\/div>\n<\/section>","protected":false},"excerpt":{"rendered":"<p>Fi\u0144ski zesp\u00f3\u0142 wpadnie do naszego kraju z nowym repertuarem! Przed nami dwa koncerty Blind Channel. Sprawd\u017acie\u00a0szczeg\u00f3\u0142y! <\/p>\n","protected":false},"author":16,"featured_media":96415,"comment_status":"open","ping_status":"open","sticky":false,"template":"page-templates\/article-default.php","format":"standard","meta":{"_acf_changed":false,"footnotes":""},"article_tag":[26],"article_type":[554],"class_list":["post-96387","post","type-post","status-publish","format-standard","has-post-thumbnail","hentry","article_tag-koncerty","article_type-muzyka"],"acf":[],"_links":{"self":[{"href":"https:\/\/www.ebilet.pl\/now\/wp-json\/wp\/v2\/posts\/96387","targetHints":{"allow":["GET"]}}],"collection":[{"href":"https:\/\/www.ebilet.pl\/now\/wp-json\/wp\/v2\/posts"}],"about":[{"href":"https:\/\/www.ebilet.pl\/now\/wp-json\/wp\/v2\/types\/post"}],"author":[{"embeddable":true,"href":"https:\/\/www.ebilet.pl\/now\/wp-json\/wp\/v2\/users\/16"}],"replies":[{"embeddable":true,"href":"https:\/\/www.ebilet.pl\/now\/wp-json\/wp\/v2\/comments?post=96387"}],"version-history":[{"count":2,"href":"https:\/\/www.ebilet.pl\/now\/wp-json\/wp\/v2\/posts\/96387\/revisions"}],"predecessor-version":[{"id":96427,"href":"https:\/\/www.ebilet.pl\/now\/wp-json\/wp\/v2\/posts\/96387\/revisions\/96427"}],"wp:featuredmedia":[{"embeddable":true,"href":"https:\/\/www.ebilet.pl\/now\/wp-json\/wp\/v2\/media\/96415"}],"wp:attachment":[{"href":"https:\/\/www.ebilet.pl\/now\/wp-json\/wp\/v2\/media?parent=96387"}],"wp:term":[{"taxonomy":"article_tag","embeddable":true,"href":"https:\/\/www.ebilet.pl\/now\/wp-json\/wp\/v2\/article_tag?post=96387"},{"taxonomy":"article_type","embeddable":true,"href":"https:\/\/www.ebilet.pl\/now\/wp-json\/wp\/v2\/article_type?post=96387"}],"curies":[{"name":"wp","href":"https:\/\/api.w.org\/{rel}","templated":true}]}}