{"id":92500,"date":"2026-07-20T09:07:44","date_gmt":"2026-07-20T08:07:44","guid":{"rendered":"https:\/\/www.ebilet.pl\/now\/?p=92500"},"modified":"2026-07-23T08:27:25","modified_gmt":"2026-07-23T07:27:25","slug":"najobrzydliwsza-rzecz-jaka-sie-wydarzyla-legendarna-walka-w-cieniu-skandali","status":"publish","type":"post","link":"https:\/\/www.ebilet.pl\/now\/najobrzydliwsza-rzecz-jaka-sie-wydarzyla-legendarna-walka-w-cieniu-skandali\/","title":{"rendered":"\u201cNajobrzydliwsza rzecz, jaka si\u0119 wydarzy\u0142a\u201d. Legendarna walka w cieniu skandali"},"content":{"rendered":"\n<section class=\"text-block  section-margin-32\" >\n    <div class=\"container\">\n        <div class=\"row\">\n            <div class=\"col-24\">\n                <div class=\"text-block__content\"><p><span style=\"font-weight: 400;\">Starciem <strong>Conora McGregora<\/strong> z <strong>Khabibem Nurmagomedovem<\/strong> \u017cy\u0142 ca\u0142y \u015bwiat sport\u00f3w walki. Pojedynek najwi\u0119kszych gwiazd federacji UFC sam w sobie wzbudza\u0142 ogromne zainteresowanie. Pewne by\u0142o, \u017ce Irlandczyk b\u0119dzie prowokowa\u0142 swoim zachowaniem Dagesta\u0144czyka.<\/span><\/p>\n<\/div>\n            <\/div>\n        <\/div>\n    <\/div>\n<\/section>\n\n\n<section class=\"tickets-slider  section-margin-32\"\n    data-tickets-slider\n    data-item-list-name=\"Karuzela z buttonami\"\n    data-item-list-id=\"karuzela_z_buttonami\"\n    >\n    <div class=\"container\">\n        <div class=\"row\">\n            <div class=\"col-24\">\n                <div class=\"tickets-slider__main\">\n                    <div class=\"tickets-slider__nav tickets-slider__nav--prev\">\n                        <div class=\"button button--withIcon button--theme-white-blur button--size-fixed-48\" data-tickets-slider-prev>\n                            <span class=\"button__icon icon icon-chevron-left\"><\/span>\n                        <\/div>\n                    <\/div>\n                    <div class=\"tickets-slider__nav tickets-slider__nav--next\">\n                        <div class=\"button button--withIcon button--theme-white-blur button--size-fixed-48\" data-tickets-slider-next>\n                            <span class=\"button__icon icon icon-chevron-right\"><\/span>\n                        <\/div>\n                    <\/div>\n                    <div class=\"tickets-slider__slider swiper\" data-tickets-slider-slider>\n                        <div class=\"tickets-slider__sliderWrapper swiper-wrapper\">\n                                                            <div class=\"tickets-slider__sliderItem swiper-slide\"\n                                    data-id=\"101167\"\n                                    data-name=\"BFC 18 \u2013 Kontenerowisko\"\n                                    data-brand=\"BASEMENTFIGHTCIRCLE Sp. z o.o\"\n                                    data-category=\"sport\"\n                                    data-subcategory=\"sporty-walki\"\n                                    data-city=\"\u0141azy\"\n                                    data-venue=\"Kontenerowisko Balticon\">\n                                    <div class=\"tickets-slider__sliderCard\">\n                                        \n<div class=\"card-ticket\">\n        <div class=\"card-ticket__image\">\n        <a href=\"https:\/\/www.ebilet.pl\/sport\/sporty-walki\/basement-fight-circle\">\n            <img decoding=\"async\" src=\"https:\/\/www.ebilet.pl\/media\/cms\/media\/rnbbkqas\/unknownllklkkk-0bea0083-27f0-4a4e-a77c-b79444e21a96.webp\" alt=\"Plakat wydarzenia\" \/>\n        <\/a>\n    <\/div>\n             \n    <div class=\"card-ticket__link\">\n        <a href=\"https:\/\/www.ebilet.pl\/sport\/sporty-walki\/basement-fight-circle\" class=\"button button--theme-primary-yellow button--withIconLeft button--size-small\">\n            <span class=\"button__icon icon icon-ticket\"><\/span>\n            <p class=\"button__text typo-16 f-600\">Kup bilet<\/p>\n        <\/a>\n    <\/div>\n    <\/div>                                    <\/div>\n                                <\/div>\n                                                            <div class=\"tickets-slider__sliderItem swiper-slide\"\n                                    data-id=\"187745\"\n                                    data-name=\"ADCC World Championship 2026\"\n                                    data-brand=\"ADCC Sp. z o.o\"\n                                    data-category=\"sport\"\n                                    data-subcategory=\"sporty-walki\"\n                                    data-city=\"Krak\u00f3w\"\n                                    data-venue=\"TAURON Arena Krak\u00f3w\">\n                                    <div class=\"tickets-slider__sliderCard\">\n                                        \n<div class=\"card-ticket\">\n        <div class=\"card-ticket__image\">\n        <a href=\"https:\/\/www.ebilet.pl\/sport\/sporty-walki\/adcc-world-championship\">\n            <img decoding=\"async\" src=\"https:\/\/www.ebilet.pl\/media\/cms\/media\/2okdxyjc\/pb_adcc_2026wc_552x736c.webp\" alt=\"Plakat wydarzenia\" \/>\n        <\/a>\n    <\/div>\n             \n    <div class=\"card-ticket__link\">\n        <a href=\"https:\/\/www.ebilet.pl\/sport\/sporty-walki\/adcc-world-championship\" class=\"button button--theme-primary-yellow button--withIconLeft button--size-small\">\n            <span class=\"button__icon icon icon-ticket\"><\/span>\n            <p class=\"button__text typo-16 f-600\">Kup bilet<\/p>\n        <\/a>\n    <\/div>\n    <\/div>                                    <\/div>\n                                <\/div>\n                                                            <div class=\"tickets-slider__sliderItem swiper-slide\"\n                                    data-id=\"28104\"\n                                    data-name=\"Boxing Night\"\n                                    data-brand=\"TBS Promotions - Golden Eagle Promotions\"\n                                    data-category=\"sport\"\n                                    data-subcategory=\"sporty-walki\"\n                                    data-city=\"Krak\u00f3w\"\n                                    data-venue=\"Hala Widowiskowo-Sportowa Suche Stawy\">\n                                    <div class=\"tickets-slider__sliderCard\">\n                                        \n<div class=\"card-ticket\">\n        <div class=\"card-ticket__image\">\n        <a href=\"https:\/\/www.ebilet.pl\/sport\/sporty-walki\/boxing-night\">\n            <img decoding=\"async\" src=\"https:\/\/www.ebilet.pl\/media\/cms\/media\/lpjdy1nr\/1000076615-1-c673f406-3467-44fc-92e6-e2ec958084e7.webp\" alt=\"Plakat wydarzenia\" \/>\n        <\/a>\n    <\/div>\n             \n    <div class=\"card-ticket__link\">\n        <a href=\"https:\/\/www.ebilet.pl\/sport\/sporty-walki\/boxing-night\" class=\"button button--theme-primary-yellow button--withIconLeft button--size-small\">\n            <span class=\"button__icon icon icon-ticket\"><\/span>\n            <p class=\"button__text typo-16 f-600\">Kup bilet<\/p>\n        <\/a>\n    <\/div>\n    <\/div>                                    <\/div>\n                                <\/div>\n                                                            <div class=\"tickets-slider__sliderItem swiper-slide\"\n                                    data-id=\"10871\"\n                                    data-name=\"XTB KSW 121\"\n                                    data-brand=\"Federacja KSW\"\n                                    data-category=\"sport\"\n                                    data-subcategory=\"sporty-walki\"\n                                    data-city=\"Liberec \/ Czechy\"\n                                    data-venue=\"Home Credit Arena\">\n                                    <div class=\"tickets-slider__sliderCard\">\n                                        \n<div class=\"card-ticket\">\n        <div class=\"card-ticket__image\">\n        <a href=\"https:\/\/www.ebilet.pl\/sport\/sporty-walki\/ksw\">\n            <img decoding=\"async\" src=\"https:\/\/www.ebilet.pl\/media\/cms\/media\/zw0hpgyx\/ksw121_552x736-6636a3a1-5dff-4442-8f0c-67cfa129399c.webp\" alt=\"Plakat wydarzenia\" \/>\n        <\/a>\n    <\/div>\n             \n    <div class=\"card-ticket__link\">\n        <a href=\"https:\/\/www.ebilet.pl\/sport\/sporty-walki\/ksw\" class=\"button button--theme-primary-yellow button--withIconLeft button--size-small\">\n            <span class=\"button__icon icon icon-ticket\"><\/span>\n            <p class=\"button__text typo-16 f-600\">Kup bilet<\/p>\n        <\/a>\n    <\/div>\n    <\/div>                                    <\/div>\n                                <\/div>\n                                                            <div class=\"tickets-slider__sliderItem swiper-slide\"\n                                    data-id=\"70571\"\n                                    data-name=\"KAPEO Rocky Boxing Night\"\n                                    data-brand=\"Rocky SP. Z O.O.\"\n                                    data-category=\"sport\"\n                                    data-subcategory=\"sporty-walki\"\n                                    data-city=\"Koszalin\"\n                                    data-venue=\"Hala Widowiskowo-Sportowa w Koszalinie\">\n                                    <div class=\"tickets-slider__sliderCard\">\n                                        \n<div class=\"card-ticket\">\n        <div class=\"card-ticket__image\">\n        <a href=\"https:\/\/www.ebilet.pl\/sport\/sporty-walki\/rocky-boxing-night\">\n            <img decoding=\"async\" src=\"https:\/\/www.ebilet.pl\/media\/cms\/media\/dyqpfl2k\/ebilet-552x736-6-ab2d8757-9e40-44da-a46d-cd462d79b879.webp\" alt=\"Plakat wydarzenia\" \/>\n        <\/a>\n    <\/div>\n             \n    <div class=\"card-ticket__link\">\n        <a href=\"https:\/\/www.ebilet.pl\/sport\/sporty-walki\/rocky-boxing-night\" class=\"button button--theme-primary-yellow button--withIconLeft button--size-small\">\n            <span class=\"button__icon icon icon-ticket\"><\/span>\n            <p class=\"button__text typo-16 f-600\">Kup bilet<\/p>\n        <\/a>\n    <\/div>\n    <\/div>                                    <\/div>\n                                <\/div>\n                                                            <div class=\"tickets-slider__sliderItem swiper-slide\"\n                                    data-id=\"187126\"\n                                    data-name=\"King\u2019s Arena 4 \u201e\u0141\u00f3d\u017a You Fight?\u201d\"\n                                    data-brand=\"KING&#039;S ARENA Sp. z o.o.\"\n                                    data-category=\"sport\"\n                                    data-subcategory=\"sporty-walki\"\n                                    data-city=\"\u0141\u00f3d\u017a\"\n                                    data-venue=\"Sport Arena w \u0141odzi\">\n                                    <div class=\"tickets-slider__sliderCard\">\n                                        \n<div class=\"card-ticket\">\n        <div class=\"card-ticket__image\">\n        <a href=\"https:\/\/www.ebilet.pl\/sport\/sporty-walki\/king-s-arena\">\n            <img decoding=\"async\" src=\"https:\/\/www.ebilet.pl\/media\/cms\/media\/x0xp4lbp\/baner-pionowy-ebilet.webp\" alt=\"Plakat wydarzenia\" \/>\n        <\/a>\n    <\/div>\n             \n    <div class=\"card-ticket__link\">\n        <a href=\"https:\/\/www.ebilet.pl\/sport\/sporty-walki\/king-s-arena\" class=\"button button--theme-primary-yellow button--withIconLeft button--size-small\">\n            <span class=\"button__icon icon icon-ticket\"><\/span>\n            <p class=\"button__text typo-16 f-600\">Kup bilet<\/p>\n        <\/a>\n    <\/div>\n    <\/div>                                    <\/div>\n                                <\/div>\n                                                            <div class=\"tickets-slider__sliderItem swiper-slide\"\n                                    data-id=\"204676\"\n                                    data-name=\"Fight Mode 2\"\n                                    data-brand=\"F Mode Sp. z o.o.\"\n                                    data-category=\"sport\"\n                                    data-subcategory=\"sporty-walki\"\n                                    data-city=\"Legionowo\"\n                                    data-venue=\"Arena Legionowo\">\n                                    <div class=\"tickets-slider__sliderCard\">\n                                        \n<div class=\"card-ticket\">\n        <div class=\"card-ticket__image\">\n        <a href=\"https:\/\/www.ebilet.pl\/sport\/sporty-walki\/fight-mode\">\n            <img decoding=\"async\" src=\"https:\/\/www.ebilet.pl\/media\/cms\/media\/w30hgfzs\/okladka_pionowa_552x736.webp\" alt=\"Plakat wydarzenia\" \/>\n        <\/a>\n    <\/div>\n             \n    <div class=\"card-ticket__link\">\n        <a href=\"https:\/\/www.ebilet.pl\/sport\/sporty-walki\/fight-mode\" class=\"button button--theme-primary-yellow button--withIconLeft button--size-small\">\n            <span class=\"button__icon icon icon-ticket\"><\/span>\n            <p class=\"button__text typo-16 f-600\">Kup bilet<\/p>\n        <\/a>\n    <\/div>\n    <\/div>                                    <\/div>\n                                <\/div>\n                                                            <div class=\"tickets-slider__sliderItem swiper-slide\"\n                                    data-id=\"179820\"\n                                    data-name=\"XTB KSW 122\"\n                                    data-brand=\"Federacja KSW\"\n                                    data-category=\"sport\"\n                                    data-subcategory=\"sporty-walki\"\n                                    data-city=\"Rzesz\u00f3w\"\n                                    data-venue=\"Regionalne Centrum Sportowo-Widowiskowe Podpromie\">\n                                    <div class=\"tickets-slider__sliderCard\">\n                                        \n<div class=\"card-ticket\">\n        <div class=\"card-ticket__image\">\n        <a href=\"https:\/\/www.ebilet.pl\/sport\/sporty-walki\/ksw-gala\">\n            <img decoding=\"async\" src=\"https:\/\/www.ebilet.pl\/media\/cms\/media\/ephnqq14\/ksw122_552x736-kopia-6d406d0c-fee6-4f71-88c9-6220ef184bde.webp\" alt=\"Plakat wydarzenia\" \/>\n        <\/a>\n    <\/div>\n             \n    <div class=\"card-ticket__link\">\n        <a href=\"https:\/\/www.ebilet.pl\/sport\/sporty-walki\/ksw-gala\" class=\"button button--theme-primary-yellow button--withIconLeft button--size-small\">\n            <span class=\"button__icon icon icon-ticket\"><\/span>\n            <p class=\"button__text typo-16 f-600\">Kup bilet<\/p>\n        <\/a>\n    <\/div>\n    <\/div>                                    <\/div>\n                                <\/div>\n                                                            <div class=\"tickets-slider__sliderItem swiper-slide\"\n                                    data-id=\"27726\"\n                                    data-name=\"XTB KSW 123\"\n                                    data-brand=\"Federacja KSW\"\n                                    data-category=\"sport\"\n                                    data-subcategory=\"sporty-walki\"\n                                    data-city=\"Szczecin\"\n                                    data-venue=\"Enea Arena\">\n                                    <div class=\"tickets-slider__sliderCard\">\n                                        \n<div class=\"card-ticket\">\n        <div class=\"card-ticket__image\">\n        <a href=\"https:\/\/www.ebilet.pl\/sport\/sporty-walki\/ksw-mma\">\n            <img decoding=\"async\" src=\"https:\/\/www.ebilet.pl\/media\/cms\/media\/kqvndymw\/ksw123_552x736-kopia-ba146b25-609e-4bea-876b-504039273d46.webp\" alt=\"Plakat wydarzenia\" \/>\n        <\/a>\n    <\/div>\n             \n    <div class=\"card-ticket__link\">\n        <a href=\"https:\/\/www.ebilet.pl\/sport\/sporty-walki\/ksw-mma\" class=\"button button--theme-primary-yellow button--withIconLeft button--size-small\">\n            <span class=\"button__icon icon icon-ticket\"><\/span>\n            <p class=\"button__text typo-16 f-600\">Kup bilet<\/p>\n        <\/a>\n    <\/div>\n    <\/div>                                    <\/div>\n                                <\/div>\n                                                    <\/div>\n                    <\/div>\n                <\/div>\n            <\/div>\n        <\/div>\n    <\/div>\n<\/section>\n\n\n<section class=\"text-block  section-margin-32\" >\n    <div class=\"container\">\n        <div class=\"row\">\n            <div class=\"col-24\">\n                <div class=\"text-block__content\"><h2><b>S\u0142owa, kt\u00f3re rozpala\u0142y konflikt<\/b><\/h2>\n<p><span style=\"font-weight: 400;\">McGregor od pocz\u0105tku chcia\u0142 prowokowa\u0107 rywala. Na jednej z konferencji stwierdzi\u0142: &#8220;Naprawd\u0119 b\u0119d\u0119 mia\u0142 ogromn\u0105 frajd\u0119 z obijania tego szczura o szklanej szcz\u0119ce. Nie walczy\u0142 z nikim znacz\u0105cym. Porywa si\u0119 z motyk\u0105 na s\u0142o\u0144ce. Roz\u0142o\u017c\u0119 go na cz\u0119\u015bci, punkt po punkcie, i kompletnie zmasakruj\u0119. To \u017cywy trup&#8221; &#8211; podkre\u015bli\u0142.<\/span><\/p>\n<p><span style=\"font-weight: 400;\">Na ostre s\u0142owa Khabib stara\u0142 si\u0119 reagowa\u0107 ze spokojem, cho\u0107 za ka\u017cdym razem, gdy pr\u00f3bowa\u0142 doko\u0144czy\u0107 my\u015bl, rywal wcina\u0142 mu si\u0119 w p\u00f3\u0142 zdania. \u201cNiech m\u00f3wi, co chce. Wiem, \u017ce b\u0119dzie du\u017co gada\u0142. Najwa\u017cniejsze b\u0119dzie 6 pa\u017adziernika, gdy zamkn\u0105 si\u0119 drzwi klatki. Wtedy zobaczymy, co potrafisz. Ja ci\u0119 po prostu przejad\u0119\u201d &#8211; przyzna\u0142 Rosjanin.<\/span><\/p>\n<\/div>\n            <\/div>\n        <\/div>\n    <\/div>\n<\/section>\n\n\n<section  class=\"recommended-article  section-margin-32\">\n    <div class=\"container\">\n        <div class=\"row\">\n            <div class=\"col-24\">\n                                <div class=\"recommended-article__title\">\n                    <p class=\"typo-18\">Przeczytaj te\u017c<\/p>\n                <\/div>\n                                                <div class=\"recommended-article__card\">\n                    \n<div class=\"card-article  card-article--imgpadding-default card-article--featured\">\n    <div class=\"card-article__wrapper\">\n                <div class=\"card-article__thumbnail\">\n                        <a class=\"card-article__link\" href=\"https:\/\/www.ebilet.pl\/now\/oto-najwieksze-nokauty-w-mma\/\" title=\"Oto najwi\u0119ksze nokauty w MMA\"><\/a>\n                        <div class=\"card-article__image\"><img loading=\"lazy\" decoding=\"async\" width=\"1920\" height=\"1080\" src=\"https:\/\/www.ebilet.pl\/now\/app\/uploads\/2025\/05\/mma_desktop1.jpg\" class=\"attachment- size-\" alt=\"\" srcset=\"https:\/\/www.ebilet.pl\/now\/app\/uploads\/2025\/05\/mma_desktop1.jpg 1920w, https:\/\/www.ebilet.pl\/now\/app\/uploads\/2025\/05\/mma_desktop1-1024x576.jpg 1024w, https:\/\/www.ebilet.pl\/now\/app\/uploads\/2025\/05\/mma_desktop1-1536x864.jpg 1536w, https:\/\/www.ebilet.pl\/now\/app\/uploads\/2025\/05\/mma_desktop1-1280x720.jpg 1280w, https:\/\/www.ebilet.pl\/now\/app\/uploads\/2025\/05\/mma_desktop1-500x281.jpg 500w, https:\/\/www.ebilet.pl\/now\/app\/uploads\/2025\/05\/mma_desktop1-632x356.jpg 632w, https:\/\/www.ebilet.pl\/now\/app\/uploads\/2025\/05\/mma_desktop1-308x174.jpg 308w\" sizes=\"auto, (max-width: 1920px) 100vw, 1920px\" \/><\/div>\n        <\/div>\n                        <div class=\"card-article__content\">\n                        <div class=\"card-article__top\">\n                                <div class=\"card-article__date\">\n                    <span class=\"card-article__dateIcon icon icon-calendar\"><\/span>\n                    <span class=\"typo-12\">26.05.2025<\/span>\n                <\/div>\n                                                <div class=\"card-article__categories\">\n                                        <div class=\"card-article__category\">\n                    \n<a href=\"https:\/\/www.ebilet.pl\/now\/tag\/mma\/\" class=\"tag tag--fire-opal\" style=\"background-color: #a00404\">\n    <p class=\"tag__name\">MMA<\/p>\n<\/a>\n                    <\/div>\n                                        <div class=\"card-article__category\">\n                    \n<a href=\"https:\/\/www.ebilet.pl\/now\/tag\/polecane\/\" class=\"tag tag--fire-opal\" style=\"background-color: #a00404\">\n    <p class=\"tag__name\">Polecane<\/p>\n<\/a>\n                    <\/div>\n                                    <\/div>\n                                            <\/div>\n                                    <div class=\"card-article__title under-h4\">\n                                    <a href=\"https:\/\/www.ebilet.pl\/now\/oto-najwieksze-nokauty-w-mma\/\" class=\"split-title typo-h1 f-700\" data-text-split>\n                                                    <span class=\"split-title__word\">Oto<\/span>\n                                                    <span class=\"split-title__word\">najwi\u0119ksze<\/span>\n                                                    <span class=\"split-title__word\">nokauty<\/span>\n                                                    <span class=\"split-title__word\">w<\/span>\n                                                    <span class=\"split-title__word\">MMA<\/span>\n                                            <\/a>\n                            <\/div>\n                                <\/div>\n    <\/div>\n<\/div>                <\/div>\n                            <\/div>\n        <\/div>\n    <\/div>\n<\/section>\n\n\n<section class=\"text-block  section-margin-32\" >\n    <div class=\"container\">\n        <div class=\"row\">\n            <div class=\"col-24\">\n                <div class=\"text-block__content\"><p><span style=\"font-weight: 400;\">Conor nie rezygnowa\u0142 i przy ka\u017cdej nadarzaj\u0105cej si\u0119 okazji stara\u0142 si\u0119 obrazi\u0107 przeciwnika. &#8220;Sprawi\u0119, \u017ce g\u0142owa twojego ojca odbije si\u0119 od ziemi.&#8221; &#8220;Rozwal\u0119 ciebie, twoj\u0105 rodzin\u0119&#8230; i zrobi\u0119 to na twoim terenie.&#8221; &#8220;Jeste\u015b ha\u0144b\u0105, jeste\u015b b\u0119kartem, idiot\u0105, kt\u00f3ry nie reprezentuje swojego narodu&#8221; &#8211; to tylko kilka cytat\u00f3w wypowiedzianych przez zawodnika, kt\u00f3re potem wybuch\u0142y jemu i jego sztabowi w twarz.<\/span><\/p>\n<\/div>\n            <\/div>\n        <\/div>\n    <\/div>\n<\/section>\n\n\n<section class=\"image-block  section-margin-32 image-block--fullWidth\" >\n        <div class=\"container\">\n        <div class=\"row\">\n            <div class=\"col-24\">\n                                <div class=\"image-block__container\">\n                    <div class=\"image-block__wrapper\"><img loading=\"lazy\" decoding=\"async\" width=\"1920\" height=\"1080\" src=\"https:\/\/www.ebilet.pl\/now\/app\/uploads\/2026\/07\/mcgregor.jpg\" class=\"attachment-full size-full\" alt=\"\" srcset=\"https:\/\/www.ebilet.pl\/now\/app\/uploads\/2026\/07\/mcgregor.jpg 1920w, https:\/\/www.ebilet.pl\/now\/app\/uploads\/2026\/07\/mcgregor-1024x576.jpg 1024w, https:\/\/www.ebilet.pl\/now\/app\/uploads\/2026\/07\/mcgregor-1536x864.jpg 1536w, https:\/\/www.ebilet.pl\/now\/app\/uploads\/2026\/07\/mcgregor-1280x720.jpg 1280w, https:\/\/www.ebilet.pl\/now\/app\/uploads\/2026\/07\/mcgregor-500x281.jpg 500w, https:\/\/www.ebilet.pl\/now\/app\/uploads\/2026\/07\/mcgregor-632x356.jpg 632w, https:\/\/www.ebilet.pl\/now\/app\/uploads\/2026\/07\/mcgregor-308x174.jpg 308w\" sizes=\"auto, (max-width: 1920px) 100vw, 1920px\" \/><\/div>\n                                            <div class=\"image-block__caption typo-12\">Conor McGregor\/Fot. PAP\/EPA<\/div>\n                                    <\/div>\n                            <\/div>\n        <\/div>\n    <\/div>\n<\/section>\n\n\n<section class=\"text-block  section-margin-32\" >\n    <div class=\"container\">\n        <div class=\"row\">\n            <div class=\"col-24\">\n                <div class=\"text-block__content\"><p><span style=\"font-weight: 400;\">Ciekawe jest jednak to, \u017ce punktem zapalnym konfliktu by\u0142a sprzeczka Khabiba z <strong>Artemem Lobovem<\/strong> &#8211; cz\u0142owiekiem ze sztabu McGregora, kt\u00f3ry publicznie obra\u017ca\u0142 Dagesta\u0144czyka i sugerowa\u0142 w wulgarny spos\u00f3b, \u017ce ten unika walk. Przed gal\u0105 obaj sportowcy spotkali si\u0119 w hotelowym holu w Nowym Jorku i Khabib nie wytrzyma\u0142. \u201cNie wymawiaj mojego nazwiska! &#8211; krzycza\u0142 wielokrotny mistrz, po czym doda\u0142: \u201cPowiedzia\u0142e\u015b, \u017ce jestem pi\u2026\u0105? Nie m\u00f3w takich rzeczy wi\u0119cej&#8221;, a chwil\u0119 p\u00f3\u017aniej spoliczkowa\u0142 Lobova. Ca\u0142e zdarzenie McGregor odebra\u0142 jako atak na swojego bliskiego cz\u0142owieka i to sprowokowa\u0142o pierwszy ze skandali.<\/span><\/p>\n<\/div>\n            <\/div>\n        <\/div>\n    <\/div>\n<\/section>\n\n\n<section class=\"image-block  section-margin-32 image-block--fullWidth\" >\n        <div class=\"container\">\n        <div class=\"row\">\n            <div class=\"col-24\">\n                                <div class=\"image-block__container\">\n                    <div class=\"image-block__wrapper\"><img loading=\"lazy\" decoding=\"async\" width=\"1920\" height=\"1080\" src=\"https:\/\/www.ebilet.pl\/now\/app\/uploads\/2026\/07\/Khabibpap_20181126_25Z.jpg\" class=\"attachment-full size-full\" alt=\"\" srcset=\"https:\/\/www.ebilet.pl\/now\/app\/uploads\/2026\/07\/Khabibpap_20181126_25Z.jpg 1920w, https:\/\/www.ebilet.pl\/now\/app\/uploads\/2026\/07\/Khabibpap_20181126_25Z-1024x576.jpg 1024w, https:\/\/www.ebilet.pl\/now\/app\/uploads\/2026\/07\/Khabibpap_20181126_25Z-1536x864.jpg 1536w, https:\/\/www.ebilet.pl\/now\/app\/uploads\/2026\/07\/Khabibpap_20181126_25Z-1280x720.jpg 1280w, https:\/\/www.ebilet.pl\/now\/app\/uploads\/2026\/07\/Khabibpap_20181126_25Z-500x281.jpg 500w, https:\/\/www.ebilet.pl\/now\/app\/uploads\/2026\/07\/Khabibpap_20181126_25Z-632x356.jpg 632w, https:\/\/www.ebilet.pl\/now\/app\/uploads\/2026\/07\/Khabibpap_20181126_25Z-308x174.jpg 308w\" sizes=\"auto, (max-width: 1920px) 100vw, 1920px\" \/><\/div>\n                                            <div class=\"image-block__caption typo-12\">Khabib Nurmagomedov\/Fot. PAP\/EPA<\/div>\n                                    <\/div>\n                            <\/div>\n        <\/div>\n    <\/div>\n<\/section>\n\n\n<section class=\"text-block  section-margin-32\" >\n    <div class=\"container\">\n        <div class=\"row\">\n            <div class=\"col-24\">\n                <div class=\"text-block__content\"><h2><b>Atak McGregora na autokar z zawodnikami<\/b><\/h2>\n<p><span style=\"font-weight: 400;\">McGregor i jego ludzie pojawili si\u0119 na zapleczu <strong>Barclays Center<\/strong> w <strong>Brooklynie<\/strong>, przy strefie za\u0142adunku, gdzie sta\u0142 autobus z zawodnikami UFC. Irlandczyk rzuci\u0142 w pojazd w\u00f3zkiem magazynowym i innymi przedmiotami, wybijaj\u0105c szyb\u0119. W \u015brodku byli m.in. Khabib i inni zawodnicy, a kilka os\u00f3b zosta\u0142o rannych. McGregor p\u00f3\u017aniej sam na konferencji prasowej m\u00f3wi\u0142 Khabibowi, \u017ce na pocz\u0105tku pokaza\u0142 mu r\u0119ce i krzycza\u0142: &#8220;Nie jestem uzbrojony. \u017badnej broni. Wysi\u0105d\u017a z autobusu. By\u0142e\u015b mocny w g\u0119bie, teraz ja tu jestem&#8221;.<\/span><\/p>\n<\/div>\n            <\/div>\n        <\/div>\n    <\/div>\n<\/section>\n\n\n<figure class=\"wp-block-embed is-type-video is-provider-youtube wp-block-embed-youtube wp-embed-aspect-16-9 wp-has-aspect-ratio\"><div class=\"wp-block-embed__wrapper\">\n<iframe loading=\"lazy\" title=\"Insane Alternate Angle of Conor McGregor Bus Attack | TMZ Sports\" width=\"500\" height=\"281\" src=\"https:\/\/www.youtube.com\/embed\/63OCvuC-GSY?feature=oembed\" frameborder=\"0\" allow=\"accelerometer; autoplay; clipboard-write; encrypted-media; gyroscope; picture-in-picture; web-share\" referrerpolicy=\"strict-origin-when-cross-origin\" allowfullscreen><\/iframe>\n<\/div><\/figure>\n\n\n<section class=\"gap-block  section-margin-32 section-margin-32\"><\/section>\n\n\n<section class=\"text-block  section-margin-32\" >\n    <div class=\"container\">\n        <div class=\"row\">\n            <div class=\"col-24\">\n                <div class=\"text-block__content\"><p><span style=\"font-weight: 400;\">Po ataku na autobus Irlandczyk zosta\u0142 zatrzymany przez policj\u0119 w <strong>Nowym Jorku<\/strong>, a nast\u0119pnie sprawa zako\u0144czy\u0142a si\u0119 ugod\u0105 s\u0105dow\u0105. Musia\u0142 zap\u0142aci\u0107 odszkodowanie za szkody i odrobi\u0107 5 dni prac spo\u0142ecznych. Bardzo ostro na ca\u0142e zdarzenie zareagowa\u0142 szef federacji UFC: \u201cTo najbardziej odra\u017caj\u0105ca rzecz, jaka wydarzy\u0142a si\u0119 w historii tej organizacji&#8221; \u2013 stwierdzi\u0142 Dana White. \u201cGdyby\u015b wysiad\u0142 z tego autobusu, by\u0142by\u015b teraz martwy, a ja siedzia\u0142bym w celi&#8221; \u2013 powiedzia\u0142 McGregor na konferencji prasowej przed gal\u0105. <strong>Irlandczyk<\/strong> do czasu walki bardzo du\u017co m\u00f3wi\u0142, odgra\u017ca\u0142 si\u0119 i obiecywa\u0142, \u017ce wygra ze swoim przeciwnikiem.<\/span><\/p>\n<\/div>\n            <\/div>\n        <\/div>\n    <\/div>\n<\/section>\n\n\n<section class=\"tickets-slider  section-margin-32\"\n    data-tickets-slider\n    data-item-list-name=\"Karuzela z buttonami\"\n    data-item-list-id=\"karuzela_z_buttonami\"\n    >\n    <div class=\"container\">\n        <div class=\"row\">\n            <div class=\"col-24\">\n                <div class=\"tickets-slider__main\">\n                    <div class=\"tickets-slider__nav tickets-slider__nav--prev\">\n                        <div class=\"button button--withIcon button--theme-white-blur button--size-fixed-48\" data-tickets-slider-prev>\n                            <span class=\"button__icon icon icon-chevron-left\"><\/span>\n                        <\/div>\n                    <\/div>\n                    <div class=\"tickets-slider__nav tickets-slider__nav--next\">\n                        <div class=\"button button--withIcon button--theme-white-blur button--size-fixed-48\" data-tickets-slider-next>\n                            <span class=\"button__icon icon icon-chevron-right\"><\/span>\n                        <\/div>\n                    <\/div>\n                    <div class=\"tickets-slider__slider swiper\" data-tickets-slider-slider>\n                        <div class=\"tickets-slider__sliderWrapper swiper-wrapper\">\n                                                            <div class=\"tickets-slider__sliderItem swiper-slide\"\n                                    data-id=\"63906\"\n                                    data-name=\"Mecze towarzyskie Reprezentacji Polski w siatk\u00f3wce\"\n                                    data-brand=\"Polska Siatk\u00f3wka Sp. z o.o.\"\n                                    data-category=\"sport\"\n                                    data-subcategory=\"sporty-druzynowe\"\n                                    data-city=\"Gda\u0144sk\/Sopot\"\n                                    data-venue=\"ERGO ARENA\">\n                                    <div class=\"tickets-slider__sliderCard\">\n                                        \n<div class=\"card-ticket\">\n        <div class=\"card-ticket__image\">\n        <a href=\"https:\/\/www.ebilet.pl\/sport\/sporty-druzynowe\/mecz-siatkowki\">\n            <img decoding=\"async\" src=\"https:\/\/www.ebilet.pl\/media\/cms\/media\/paxoijep\/mecz-1-e7ebdff4-0eeb-4b41-87f8-b8cc79cca9e1.webp\" alt=\"Plakat wydarzenia\" \/>\n        <\/a>\n    <\/div>\n             \n    <div class=\"card-ticket__link\">\n        <a href=\"https:\/\/www.ebilet.pl\/sport\/sporty-druzynowe\/mecz-siatkowki\" class=\"button button--theme-primary-yellow button--withIconLeft button--size-small\">\n            <span class=\"button__icon icon icon-ticket\"><\/span>\n            <p class=\"button__text typo-16 f-600\">Kup bilet<\/p>\n        <\/a>\n    <\/div>\n    <\/div>                                    <\/div>\n                                <\/div>\n                                                            <div class=\"tickets-slider__sliderItem swiper-slide\"\n                                    data-id=\"128586\"\n                                    data-name=\"Bilety na mecze sezonu 2026\/2027 z Zepter KPR Legionowo\"\n                                    data-brand=\"Klub Pi\u0142ki R\u0119cznej Legionowo Sp. z o.o.\"\n                                    data-category=\"sport\"\n                                    data-subcategory=\"sporty-druzynowe\"\n                                    data-city=\"Legionowo\"\n                                    data-venue=\"\">\n                                    <div class=\"tickets-slider__sliderCard\">\n                                        \n<div class=\"card-ticket\">\n        <div class=\"card-ticket__image\">\n        <a href=\"https:\/\/www.ebilet.pl\/sport\/sporty-druzynowe\/kpr-legionowo\">\n            <img decoding=\"async\" src=\"https:\/\/www.ebilet.pl\/media\/cms\/media\/fa0fdd5b\/copy_ad32d682-2fdf-495b-82fd-767.webp\" alt=\"Plakat wydarzenia\" \/>\n        <\/a>\n    <\/div>\n             \n    <div class=\"card-ticket__link\">\n        <a href=\"https:\/\/www.ebilet.pl\/sport\/sporty-druzynowe\/kpr-legionowo\" class=\"button button--theme-primary-yellow button--withIconLeft button--size-small\">\n            <span class=\"button__icon icon icon-ticket\"><\/span>\n            <p class=\"button__text typo-16 f-600\">Kup bilet<\/p>\n        <\/a>\n    <\/div>\n    <\/div>                                    <\/div>\n                                <\/div>\n                                                            <div class=\"tickets-slider__sliderItem swiper-slide\"\n                                    data-id=\"214376\"\n                                    data-name=\"Inauguracja Sezonu 2026\/2027 | Zepter KPR Legionowo \u2013 Corotop Gwardia Opole\"\n                                    data-brand=\"Klub Pi\u0142ki R\u0119cznej Legionowo Sp. z o.o.\"\n                                    data-category=\"sport\"\n                                    data-subcategory=\"sporty-druzynowe\"\n                                    data-city=\"Legionowo\"\n                                    data-venue=\"Arena Legionowo\">\n                                    <div class=\"tickets-slider__sliderCard\">\n                                        \n<div class=\"card-ticket\">\n        <div class=\"card-ticket__image\">\n        <a href=\"https:\/\/www.ebilet.pl\/sport\/sporty-druzynowe\/zepter-kpr-legionowo\">\n            <img decoding=\"async\" src=\"https:\/\/www.ebilet.pl\/media\/cms\/media\/wibc3c4p\/copy_ad32d682-2fdf-495b-82fd-767.webp\" alt=\"Plakat wydarzenia\" \/>\n        <\/a>\n    <\/div>\n             \n    <div class=\"card-ticket__link\">\n        <a href=\"https:\/\/www.ebilet.pl\/sport\/sporty-druzynowe\/zepter-kpr-legionowo\" class=\"button button--theme-primary-yellow button--withIconLeft button--size-small\">\n            <span class=\"button__icon icon icon-ticket\"><\/span>\n            <p class=\"button__text typo-16 f-600\">Kup bilet<\/p>\n        <\/a>\n    <\/div>\n    <\/div>                                    <\/div>\n                                <\/div>\n                                                            <div class=\"tickets-slider__sliderItem swiper-slide\"\n                                    data-id=\"14808\"\n                                    data-name=\"Siatkarskie wydarzenie roku w Grudzi\u0105dzu: Energa Indykpol AZS Olsztyn vs Energa Trefl Gda\u0144sk\"\n                                    data-brand=\"Inicjatywa Kulturalno-Sportowa\"\n                                    data-category=\"sport\"\n                                    data-subcategory=\"sporty-druzynowe\"\n                                    data-city=\"Grudzi\u0105dz\"\n                                    data-venue=\"Hala widowiskowo-sportowa Grudzi\u0105dz\">\n                                    <div class=\"tickets-slider__sliderCard\">\n                                        \n<div class=\"card-ticket\">\n        <div class=\"card-ticket__image\">\n        <a href=\"https:\/\/www.ebilet.pl\/sport\/sporty-druzynowe\/siatkowka\">\n            <img decoding=\"async\" src=\"https:\/\/www.ebilet.pl\/media\/cms\/media\/qucbphla\/552x736-ebilet-06b51625-132c-4be8-9c58-9152b174fa5f.webp\" alt=\"Plakat wydarzenia\" \/>\n        <\/a>\n    <\/div>\n             \n    <div class=\"card-ticket__link\">\n        <a href=\"https:\/\/www.ebilet.pl\/sport\/sporty-druzynowe\/siatkowka\" class=\"button button--theme-primary-yellow button--withIconLeft button--size-small\">\n            <span class=\"button__icon icon icon-ticket\"><\/span>\n            <p class=\"button__text typo-16 f-600\">Kup bilet<\/p>\n        <\/a>\n    <\/div>\n    <\/div>                                    <\/div>\n                                <\/div>\n                                                            <div class=\"tickets-slider__sliderItem swiper-slide\"\n                                    data-id=\"118197\"\n                                    data-name=\"Superpuchar Polski 2026 \"\n                                    data-brand=\"Polska Liga Koszyk\u00f3wki S.A.\"\n                                    data-category=\"sport\"\n                                    data-subcategory=\"sporty-druzynowe\"\n                                    data-city=\"Sosnowiec\"\n                                    data-venue=\"ArcelorMittal Park w Sosnowcu\">\n                                    <div class=\"tickets-slider__sliderCard\">\n                                        \n<div class=\"card-ticket\">\n        <div class=\"card-ticket__image\">\n        <a href=\"https:\/\/www.ebilet.pl\/sport\/sporty-druzynowe\/superpuchar-polski-koszykowka\">\n            <img decoding=\"async\" src=\"https:\/\/www.ebilet.pl\/media\/cms\/media\/xjlcmrr3\/552-ebf958d0-81d5-4cb7-b800-7f0d9b5942dc.webp\" alt=\"Plakat wydarzenia\" \/>\n        <\/a>\n    <\/div>\n             \n    <div class=\"card-ticket__link\">\n        <a href=\"https:\/\/www.ebilet.pl\/sport\/sporty-druzynowe\/superpuchar-polski-koszykowka\" class=\"button button--theme-primary-yellow button--withIconLeft button--size-small\">\n            <span class=\"button__icon icon icon-ticket\"><\/span>\n            <p class=\"button__text typo-16 f-600\">Kup bilet<\/p>\n        <\/a>\n    <\/div>\n    <\/div>                                    <\/div>\n                                <\/div>\n                                                            <div class=\"tickets-slider__sliderItem swiper-slide\"\n                                    data-id=\"214808\"\n                                    data-name=\"Mecz mistrz\u00f3w: Polska - W\u0142ochy\"\n                                    data-brand=\"GOSZCZDESIGN MONIKA K\u0141OS\"\n                                    data-category=\"sport\"\n                                    data-subcategory=\"sporty-druzynowe\"\n                                    data-city=\"Wroc\u0142aw\"\n                                    data-venue=\"Tarczy\u0144ski Arena Wroc\u0142aw\">\n                                    <div class=\"tickets-slider__sliderCard\">\n                                        \n<div class=\"card-ticket\">\n        <div class=\"card-ticket__image\">\n        <a href=\"https:\/\/www.ebilet.pl\/sport\/sporty-druzynowe\/mecz-mistrzow\">\n            <img decoding=\"async\" src=\"https:\/\/www.ebilet.pl\/media\/cms\/media\/anml1cos\/552x736.webp\" alt=\"Plakat wydarzenia\" \/>\n        <\/a>\n    <\/div>\n             \n    <div class=\"card-ticket__link\">\n        <a href=\"https:\/\/www.ebilet.pl\/sport\/sporty-druzynowe\/mecz-mistrzow\" class=\"button button--theme-primary-yellow button--withIconLeft button--size-small\">\n            <span class=\"button__icon icon icon-ticket\"><\/span>\n            <p class=\"button__text typo-16 f-600\">Kup bilet<\/p>\n        <\/a>\n    <\/div>\n    <\/div>                                    <\/div>\n                                <\/div>\n                                                            <div class=\"tickets-slider__sliderItem swiper-slide\"\n                                    data-id=\"53363\"\n                                    data-name=\"Nowak-Mosty MKS B\u0119dzin - Sezon 2026\/2027\"\n                                    data-brand=\"Stowarzyszenie Sportowy B\u0119dzin\"\n                                    data-category=\"sport\"\n                                    data-subcategory=\"sporty-druzynowe\"\n                                    data-city=\"B\u0119dzin\"\n                                    data-venue=\"\">\n                                    <div class=\"tickets-slider__sliderCard\">\n                                        \n<div class=\"card-ticket\">\n        <div class=\"card-ticket__image\">\n        <a href=\"https:\/\/www.ebilet.pl\/sport\/sporty-druzynowe\/mks-bedzin\">\n            <img decoding=\"async\" src=\"https:\/\/www.ebilet.pl\/media\/cms\/media\/nsrhizgb\/portal-1-1.webp\" alt=\"Plakat wydarzenia\" \/>\n        <\/a>\n    <\/div>\n             \n    <div class=\"card-ticket__link\">\n        <a href=\"https:\/\/www.ebilet.pl\/sport\/sporty-druzynowe\/mks-bedzin\" class=\"button button--theme-primary-yellow button--withIconLeft button--size-small\">\n            <span class=\"button__icon icon icon-ticket\"><\/span>\n            <p class=\"button__text typo-16 f-600\">Kup bilet<\/p>\n        <\/a>\n    <\/div>\n    <\/div>                                    <\/div>\n                                <\/div>\n                                                            <div class=\"tickets-slider__sliderItem swiper-slide\"\n                                    data-id=\"118194\"\n                                    data-name=\"Kwalifikacje do Mistrzostw \u015awiata w koszyk\u00f3wce m\u0119\u017cczyzn 2027: Polska \u2013 Chorwacja\"\n                                    data-brand=\"Polski Zwi\u0105zek Koszyk\u00f3wki\"\n                                    data-category=\"sport\"\n                                    data-subcategory=\"sporty-druzynowe\"\n                                    data-city=\"Gliwice\"\n                                    data-venue=\"PreZero Arena Gliwice\">\n                                    <div class=\"tickets-slider__sliderCard\">\n                                        \n<div class=\"card-ticket\">\n        <div class=\"card-ticket__image\">\n        <a href=\"https:\/\/www.ebilet.pl\/sport\/sporty-druzynowe\/koszykowka-mecz\">\n            <img decoding=\"async\" src=\"https:\/\/www.ebilet.pl\/media\/cms\/media\/nvdpzm53\/podstawowe_portaljpg-550c863c-126b-4054-8668-ffc6e52face6.webp\" alt=\"Plakat wydarzenia\" \/>\n        <\/a>\n    <\/div>\n             \n    <div class=\"card-ticket__link\">\n        <a href=\"https:\/\/www.ebilet.pl\/sport\/sporty-druzynowe\/koszykowka-mecz\" class=\"button button--theme-primary-yellow button--withIconLeft button--size-small\">\n            <span class=\"button__icon icon icon-ticket\"><\/span>\n            <p class=\"button__text typo-16 f-600\">Kup bilet<\/p>\n        <\/a>\n    <\/div>\n    <\/div>                                    <\/div>\n                                <\/div>\n                                                    <\/div>\n                    <\/div>\n                <\/div>\n            <\/div>\n        <\/div>\n    <\/div>\n<\/section>\n\n\n<section class=\"text-block  section-margin-32\" >\n    <div class=\"container\">\n        <div class=\"row\">\n            <div class=\"col-24\">\n                <div class=\"text-block__content\"><h2><b>Bolesna lekcja od Dagesta\u0144czyka<\/b><\/h2>\n<p><span style=\"font-weight: 400;\">Rzeczywisto\u015b\u0107 okaza\u0142a si\u0119 znacznie bardziej brutalna, ni\u017c jego oczekiwania. Nurmagomedov brutalnie obszed\u0142 si\u0119 z \u201cujadaj\u0105cym&#8221; Irlandczykiem, najpierw go obijaj\u0105c, a finalnie ko\u0144cz\u0105c starcie przez poddanie. Wielu obserwator\u00f3w uwa\u017ca, \u017ce pora\u017cka z Nurmagomedovem by\u0142a pocz\u0105tkiem wyra\u017anego sportowego regresu McGregora. To nie by\u0142 jednak koniec wydarze\u0144 w <strong>Barclays Center<\/strong>.<\/span><\/p>\n<\/div>\n            <\/div>\n        <\/div>\n    <\/div>\n<\/section>\n\n\n<figure class=\"wp-block-embed is-type-video is-provider-youtube wp-block-embed-youtube wp-embed-aspect-16-9 wp-has-aspect-ratio\"><div class=\"wp-block-embed__wrapper\">\n<iframe loading=\"lazy\" title=\"Khabib Nurmagumedov vs Conor McGregor [Fight Highlights]\" width=\"500\" height=\"281\" src=\"https:\/\/www.youtube.com\/embed\/xdQE6PrbSC4?feature=oembed\" frameborder=\"0\" allow=\"accelerometer; autoplay; clipboard-write; encrypted-media; gyroscope; picture-in-picture; web-share\" referrerpolicy=\"strict-origin-when-cross-origin\" allowfullscreen><\/iframe>\n<\/div><\/figure>\n\n\n<section class=\"gap-block  section-margin-32 section-margin-32\"><\/section>\n\n\n<section class=\"text-block  section-margin-32\" >\n    <div class=\"container\">\n        <div class=\"row\">\n            <div class=\"col-24\">\n                <div class=\"text-block__content\"><h2><b>Nurmagomedov rzuci\u0142 si\u0119 na ca\u0142y sztab rywala<\/b><\/h2>\n<p><span style=\"font-weight: 400;\">Po zako\u0144czeniu pojedynku Khabib nie okazywa\u0142 rado\u015bci ze zwyci\u0119stwa. Zamiast \u015bwi\u0119towa\u0107, wyra\u017anie zdenerwowany gestykulowa\u0142 i wykrzykiwa\u0142 co\u015b w kierunku naro\u017cnika swojego rywala, kt\u00f3ry po duszeniu pozostawa\u0142 na macie. Chwil\u0119 p\u00f3\u017aniej przeskoczy\u0142 przez siatk\u0119 oktagonu i ruszy\u0142 w stron\u0119 os\u00f3b z otoczenia Irlandczyka. Sytuacja b\u0142yskawicznie wymkn\u0119\u0142a si\u0119 spod kontroli. Przy klatce dosz\u0142o do zamieszania, a ochrona oraz policja rozdzieli\u0142y skonfliktowane grupy. W mi\u0119dzyczasie do oktagonu wbiegli r\u00f3wnie\u017c cz\u0142onkowie ekipy Rosjanina, kt\u00f3rzy zaatakowali McGregora. Mi\u0119dzy uczestnikami dosz\u0142o do wymiany cios\u00f3w. Dopiero po kilku minutach i licznych interwencjach uda\u0142o si\u0119 cz\u0119\u015bciowo opanowa\u0107 sytuacj\u0119. Aby zapobiec kolejnym incydentom, zawodnik\u00f3w wraz z ich ekipami odprowadzono oddzielnie do szatni. Khabib domaga\u0142 si\u0119 wr\u0119czenia mistrzowskiego pasa, jednak <strong>Dana White<\/strong> poleci\u0142 mu opu\u015bci\u0107 oktagon. W efekcie ceremonia dekoracji nie zosta\u0142a przeprowadzona, a oficjalne og\u0142oszenie wyniku odby\u0142o si\u0119 przy niemal pustej klatce.<\/span><\/p>\n<\/div>\n            <\/div>\n        <\/div>\n    <\/div>\n<\/section>\n\n\n<figure class=\"wp-block-embed is-type-video is-provider-youtube wp-block-embed-youtube wp-embed-aspect-16-9 wp-has-aspect-ratio\"><div class=\"wp-block-embed__wrapper\">\n<iframe loading=\"lazy\" title=\"Khabib goes ham, jumps the fence\" width=\"500\" height=\"281\" src=\"https:\/\/www.youtube.com\/embed\/wYqLv8WwDOo?feature=oembed\" frameborder=\"0\" allow=\"accelerometer; autoplay; clipboard-write; encrypted-media; gyroscope; picture-in-picture; web-share\" referrerpolicy=\"strict-origin-when-cross-origin\" allowfullscreen><\/iframe>\n<\/div><\/figure>\n\n\n<section class=\"gap-block  section-margin-32 section-margin-32\"><\/section>\n\n\n<section class=\"text-block  section-margin-32\" >\n    <div class=\"container\">\n        <div class=\"row\">\n            <div class=\"col-24\">\n                <div class=\"text-block__content\"><h2><b>\u201cTrash talk&#8221; przekroczy\u0142 pewne granice<\/b><\/h2>\n<p><span style=\"font-weight: 400;\">Gdy sytuacja si\u0119 uspokoi\u0142a, Rosjanin odni\u00f3s\u0142 si\u0119 do ca\u0142o\u015bci konfliktu z McGregorem i jego sztabem, jasno wskazuj\u0105c, \u017ce pewne s\u0142owa nigdy nie powinny pa\u015b\u0107 w kierunku jego i ludzi z jego sztabu. \u201cPo pierwsze chcia\u0142bym przeprosi\u0107 komisj\u0119 sportow\u0105 w Nevadzie, przepraszam Vegas, wiem, \u017ce to nie moja najlepsza strona, ale jestem tylko cz\u0142owiekiem. Nie rozumiem r\u00f3wnie\u017c, jak mo\u017cecie m\u00f3wi\u0107 tylko o tym, \u017ce przeskoczy\u0142em przez klatk\u0119? A co z Conorem, kt\u00f3ry obra\u017ca\u0142 moj\u0105 religi\u0119, kraj, ojca, przyby\u0142 do Brooklynu i zaatakowa\u0142 autobus, przez co prawie zabi\u0142 kilku ludzi, co z tym g&#8230;.m? Czemu nagle teraz gadacie tylko o tym, \u017ce przeskoczy\u0142em przez klatk\u0119? Nie rozumiem. M\u00f3j ojciec mnie uczy\u0142, musisz zawsze okazywa\u0107 szacunek, moja ekipa w Kalifornii, gdzie \u0107wicz\u0119 ju\u017c 7 lat, wszyscy tam wiedz\u0105, jaki jestem, tak samo jak moi przyjaciele. I powiedzia\u0142 mu i wam wszystkim, \u017ce on i jego zesp\u00f3\u0142 to maszyny do odklepywania, m\u00f3wi\u0142em wam. Je\u017celi poczuje zagro\u017cenie, odklepuje. I jak by\u0142o dzisiaj? Nazywali go podw\u00f3jnym mistrzem, ale dzi\u015b odklepa\u0142. I teraz pas jest tutaj &#8211; m\u00f3wi\u0142 z nieskrywan\u0105 rado\u015bci\u0105.<\/span><\/p>\n<\/div>\n            <\/div>\n        <\/div>\n    <\/div>\n<\/section>\n\n\n<section  class=\"recommended-article  section-margin-32\">\n    <div class=\"container\">\n        <div class=\"row\">\n            <div class=\"col-24\">\n                                <div class=\"recommended-article__title\">\n                    <p class=\"typo-18\">Przeczytaj te\u017c:<\/p>\n                <\/div>\n                                                <div class=\"recommended-article__card\">\n                    \n<div class=\"card-article  card-article--imgpadding-default card-article--featured\">\n    <div class=\"card-article__wrapper\">\n                <div class=\"card-article__thumbnail\">\n                        <a class=\"card-article__link\" href=\"https:\/\/www.ebilet.pl\/now\/doczekalismy-sie-najczarniejszego-charakteru-w-kobiecym-tenisie-poznaj-danielle-collins\/\" title=\"Doczekali\u015bmy si\u0119 &#8220;najczarniejszego charakteru&#8221; w kobiecym tenisie. Poznaj Danielle Collins\"><\/a>\n                        <div class=\"card-article__image\"><img loading=\"lazy\" decoding=\"async\" width=\"1920\" height=\"1080\" src=\"https:\/\/www.ebilet.pl\/now\/app\/uploads\/2025\/01\/danielle_collins.jpg\" class=\"attachment- size-\" alt=\"\" srcset=\"https:\/\/www.ebilet.pl\/now\/app\/uploads\/2025\/01\/danielle_collins.jpg 1920w, https:\/\/www.ebilet.pl\/now\/app\/uploads\/2025\/01\/danielle_collins-1024x576.jpg 1024w, https:\/\/www.ebilet.pl\/now\/app\/uploads\/2025\/01\/danielle_collins-1536x864.jpg 1536w, https:\/\/www.ebilet.pl\/now\/app\/uploads\/2025\/01\/danielle_collins-1280x720.jpg 1280w, https:\/\/www.ebilet.pl\/now\/app\/uploads\/2025\/01\/danielle_collins-500x281.jpg 500w, https:\/\/www.ebilet.pl\/now\/app\/uploads\/2025\/01\/danielle_collins-632x356.jpg 632w, https:\/\/www.ebilet.pl\/now\/app\/uploads\/2025\/01\/danielle_collins-308x174.jpg 308w\" sizes=\"auto, (max-width: 1920px) 100vw, 1920px\" \/><\/div>\n        <\/div>\n                        <div class=\"card-article__content\">\n                        <div class=\"card-article__top\">\n                                <div class=\"card-article__date\">\n                    <span class=\"card-article__dateIcon icon icon-calendar\"><\/span>\n                    <span class=\"typo-12\">22.01.2025<\/span>\n                <\/div>\n                                                <div class=\"card-article__categories\">\n                                        <div class=\"card-article__category\">\n                    \n<a href=\"https:\/\/www.ebilet.pl\/now\/tag\/tenis\/\" class=\"tag tag--fire-opal\" style=\"background-color: #a00404\">\n    <p class=\"tag__name\">Tenis<\/p>\n<\/a>\n                    <\/div>\n                                        <div class=\"card-article__category\">\n                    \n<a href=\"https:\/\/www.ebilet.pl\/now\/tag\/polecane\/\" class=\"tag tag--fire-opal\" style=\"background-color: #a00404\">\n    <p class=\"tag__name\">Polecane<\/p>\n<\/a>\n                    <\/div>\n                                    <\/div>\n                                            <\/div>\n                                    <div class=\"card-article__title under-h4\">\n                                    <a href=\"https:\/\/www.ebilet.pl\/now\/doczekalismy-sie-najczarniejszego-charakteru-w-kobiecym-tenisie-poznaj-danielle-collins\/\" class=\"split-title typo-h1 f-700\" data-text-split>\n                                                    <span class=\"split-title__word\">Doczekali\u015bmy<\/span>\n                                                    <span class=\"split-title__word\">si\u0119<\/span>\n                                                    <span class=\"split-title__word\">&#8220;najczarniejszego<\/span>\n                                                    <span class=\"split-title__word\">charakteru&#8221;<\/span>\n                                                    <span class=\"split-title__word\">w<\/span>\n                                                    <span class=\"split-title__word\">kobiecym<\/span>\n                                                    <span class=\"split-title__word\">tenisie.<\/span>\n                                                    <span class=\"split-title__word\">Poznaj<\/span>\n                                                    <span class=\"split-title__word\">Danielle<\/span>\n                                                    <span class=\"split-title__word\">Collins<\/span>\n                                            <\/a>\n                            <\/div>\n                                <\/div>\n    <\/div>\n<\/div>                <\/div>\n                            <\/div>\n        <\/div>\n    <\/div>\n<\/section>\n\n\n<section class=\"text-block  section-margin-32\" >\n    <div class=\"container\">\n        <div class=\"row\">\n            <div class=\"col-24\">\n                <div class=\"text-block__content\"><p><span style=\"font-weight: 400;\">\u201cChcia\u0142bym jeszcze powiedzie\u0107, \u017ce media troch\u0119 zmieni\u0142y <strong>MMA<\/strong>, to sport oparty na szacunku, a nie na bzdurnych gadkach, szacunek. I tak jak m\u00f3wi\u0142em wcze\u015bniej, chc\u0119 zmieni\u0107 t\u0119 gr\u0119. nie chc\u0119, by zawodnicy obrzucali si\u0119 g\u00f3wnem przed walk\u0105, o ojcu, religii. Ludzie, nie mo\u017cna w taki spos\u00f3b si\u0119 wyra\u017ca\u0107! I dla mnie to jest bardzo wa\u017cne&#8221; &#8211; zaznaczy\u0142 na koniec.<\/span><\/p>\n<\/div>\n            <\/div>\n        <\/div>\n    <\/div>\n<\/section>\n\n\n<section class=\"events-slider-block  section-margin-32\" data-events-slider-block data-carousel-title=\"Gor\u0105ce wydarzenia\" data-carousel-type=\"gor\u0105ce_wydarzenia\" data-item-list-name=\"Gor\u0105ce wydarzenia Gor\u0105ce wydarzenia\" data-item-list-id=\"gor\u0105ce_wydarzenia Gor\u0105ce wydarzenia\" >\n    <div class=\"container\">\n        <div class=\"row\">\n            <div class=\"col-24\">\n                <div class=\"events-slider-block__wrapper\">\n                                            <div class=\"events-slider-block__bg\"><img loading=\"lazy\" decoding=\"async\" width=\"1920\" height=\"1080\" src=\"https:\/\/www.ebilet.pl\/now\/app\/uploads\/2024\/04\/shutterstock_1308510637.jpg\" class=\"attachment-full size-full\" alt=\"Fot.\" srcset=\"https:\/\/www.ebilet.pl\/now\/app\/uploads\/2024\/04\/shutterstock_1308510637.jpg 1920w, https:\/\/www.ebilet.pl\/now\/app\/uploads\/2024\/04\/shutterstock_1308510637-1024x576.jpg 1024w, https:\/\/www.ebilet.pl\/now\/app\/uploads\/2024\/04\/shutterstock_1308510637-1536x864.jpg 1536w, https:\/\/www.ebilet.pl\/now\/app\/uploads\/2024\/04\/shutterstock_1308510637-1280x720.jpg 1280w, https:\/\/www.ebilet.pl\/now\/app\/uploads\/2024\/04\/shutterstock_1308510637-500x281.jpg 500w, https:\/\/www.ebilet.pl\/now\/app\/uploads\/2024\/04\/shutterstock_1308510637-632x356.jpg 632w, https:\/\/www.ebilet.pl\/now\/app\/uploads\/2024\/04\/shutterstock_1308510637-308x174.jpg 308w\" sizes=\"auto, (max-width: 1920px) 100vw, 1920px\" \/><\/div>\n                                                                <div class=\"events-slider-block__top\">\n                                                            <div class=\"events-slider-block__title desktop\">\n                                    <h2 class=\"typo-h2\">Gor\u0105ce wydarzenia<\/h2>\n                                <\/div>\n                                                                                        <div class=\"events-slider-block__title mobile\">\n                                    <h2 class=\"typo-h2\">Gor\u0105ce wydarzenia<\/h2>\n                                <\/div>\n                                                    <\/div>\n                                                            <div class=\"events-slider-block__main\">\n                        <div class=\"events-slider-block__nav events-slider-block__nav--prev\">\n                            <div class=\"button button--withIcon button--theme-white-blur button--size-fixed-48\" data-events-prev>\n                                <span class=\"button__icon icon icon-chevron-left\"><\/span>\n                            <\/div>\n                        <\/div>\n                        <div class=\"events-slider-block__nav events-slider-block__nav--next\">\n                            <div class=\"button button--withIcon button--theme-white-blur button--size-fixed-48\" data-events-next>\n                                <span class=\"button__icon icon icon-chevron-right\"><\/span>\n                            <\/div>\n                        <\/div>\n                        <div class=\"events-slider-block__slider\">\n                            <div class=\"swiper\" data-events-slider>\n                                <div class=\"events-slider-block__sliderWrapper swiper-wrapper\">\n                                                                    <div class=\"events-slider-block__sliderItem swiper-slide\">\n                                    \n<div class=\"card-event  card-event--size-small\">\n        <a href=\"https:\/\/www.ebilet.pl\/muzyka\/rock\/fontaines-dc\" target=\"_blank\" class=\"card-event__link\" rel=\"nofollow noopener\"><\/a>\n        <div class=\"card-event__wrapper\">\n        <div class=\"card-event__image\">\n            <img decoding=\"async\" src=\"https:\/\/www.ebilet.pl\/media\/cms\/media\/ovge4bna\/fontaines_dc_portal_552x736.webp\" alt=\"\">\n        <\/div>\n        <div class=\"card-event__data\">\n            <div class=\"card-event__name\">\n                <p>Fontaines D.C. EU TOUR 2026<\/p>\n            <\/div>\n            <div class=\"card-event__date\">31.10.2026-31.10.2026<\/div>\n            <div class=\"card-event__location\">\u0141\u00f3d\u017a<\/div>\n        <\/div>\n    <\/div>\n<\/div>                                    <\/div>\n                                                                    <div class=\"events-slider-block__sliderItem swiper-slide\">\n                                    \n<div class=\"card-event  card-event--size-small\">\n        <a href=\"https:\/\/www.ebilet.pl\/muzyka\/pop\/tokio-hotel\" target=\"_blank\" class=\"card-event__link\" rel=\"nofollow noopener\"><\/a>\n        <div class=\"card-event__wrapper\">\n        <div class=\"card-event__image\">\n            <img decoding=\"async\" src=\"https:\/\/www.ebilet.pl\/media\/cms\/media\/i02j3uly\/tokio-hotel-552.webp\" alt=\"\">\n        <\/div>\n        <div class=\"card-event__data\">\n            <div class=\"card-event__name\">\n                <p>Tokio Hotel<\/p>\n            <\/div>\n            <div class=\"card-event__date\">19.08.2027-19.08.2027<\/div>\n            <div class=\"card-event__location\">Warszawa<\/div>\n        <\/div>\n    <\/div>\n<\/div>                                    <\/div>\n                                                                    <div class=\"events-slider-block__sliderItem swiper-slide\">\n                                    \n<div class=\"card-event  card-event--size-small\">\n        <a href=\"https:\/\/www.ebilet.pl\/muzyka\/pop\/take-that\" target=\"_blank\" class=\"card-event__link\" rel=\"nofollow noopener\"><\/a>\n        <div class=\"card-event__wrapper\">\n        <div class=\"card-event__image\">\n            <img decoding=\"async\" src=\"https:\/\/www.ebilet.pl\/media\/cms\/media\/eiqdozli\/ebilet-552x736-take-that.webp\" alt=\"\">\n        <\/div>\n        <div class=\"card-event__data\">\n            <div class=\"card-event__name\">\n                <p>Take That<\/p>\n            <\/div>\n            <div class=\"card-event__date\">13.06.2027-13.06.2027<\/div>\n            <div class=\"card-event__location\">Warszawa<\/div>\n        <\/div>\n    <\/div>\n<\/div>                                    <\/div>\n                                                                    <div class=\"events-slider-block__sliderItem swiper-slide\">\n                                    \n<div class=\"card-event  card-event--size-small\">\n        <a href=\"https:\/\/www.ebilet.pl\/muzyka\/festiwale\/opener-festival\" target=\"_blank\" class=\"card-event__link\" rel=\"nofollow noopener\"><\/a>\n        <div class=\"card-event__wrapper\">\n        <div class=\"card-event__image\">\n            <img decoding=\"async\" src=\"https:\/\/www.ebilet.pl\/media\/cms\/media\/qkso1del\/opene_2027_tameimpala_552x736_ebilet-1d7aa61e-0a2a-4f3b-b538-d84518354aa2.webp\" alt=\"\">\n        <\/div>\n        <div class=\"card-event__data\">\n            <div class=\"card-event__name\">\n                <p>Open&#8217;er Festival 2027<\/p>\n            <\/div>\n            <div class=\"card-event__date\">30.06.2027-30.06.2027<\/div>\n            <div class=\"card-event__location\">Gdynia<\/div>\n        <\/div>\n    <\/div>\n<\/div>                                    <\/div>\n                                                                    <div class=\"events-slider-block__sliderItem swiper-slide\">\n                                    \n<div class=\"card-event  card-event--size-small\">\n        <a href=\"https:\/\/www.ebilet.pl\/sport\/lekkoatletyka\/memorial-kamili-skolimowskiej\" target=\"_blank\" class=\"card-event__link\" rel=\"nofollow noopener\"><\/a>\n        <div class=\"card-event__wrapper\">\n        <div class=\"card-event__image\">\n            <img decoding=\"async\" src=\"https:\/\/www.ebilet.pl\/media\/cms\/media\/ebddns15\/552x736-78da7a2f-a7cf-4711-af9b-beba90926c7e.webp\" alt=\"\">\n        <\/div>\n        <div class=\"card-event__data\">\n            <div class=\"card-event__name\">\n                <p>Silesia Memoria\u0142 Kamili Skolimowskiej<\/p>\n            <\/div>\n            <div class=\"card-event__date\">15.08.2027-15.08.2027<\/div>\n            <div class=\"card-event__location\">Chorz\u00f3w<\/div>\n        <\/div>\n    <\/div>\n<\/div>                                    <\/div>\n                                                                    <div class=\"events-slider-block__sliderItem swiper-slide\">\n                                    \n<div class=\"card-event  card-event--size-small\">\n        <a href=\"https:\/\/www.ebilet.pl\/muzyka\/rock\/getdown-services\" target=\"_blank\" class=\"card-event__link\" rel=\"nofollow noopener\"><\/a>\n        <div class=\"card-event__wrapper\">\n        <div class=\"card-event__image\">\n            <img decoding=\"async\" src=\"https:\/\/www.ebilet.pl\/media\/cms\/media\/epsfunxf\/ebilet-552x736-getdown-services-combo.webp\" alt=\"\">\n        <\/div>\n        <div class=\"card-event__data\">\n            <div class=\"card-event__name\">\n                <p>Getdown Services<\/p>\n            <\/div>\n            <div class=\"card-event__date\">15.03.2027-15.03.2027<\/div>\n            <div class=\"card-event__location\">Krak\u00f3w, Warszawa<\/div>\n        <\/div>\n    <\/div>\n<\/div>                                    <\/div>\n                                                                    <div class=\"events-slider-block__sliderItem swiper-slide\">\n                                    \n<div class=\"card-event  card-event--size-small\">\n        <a href=\"https:\/\/www.ebilet.pl\/sport\/sporty-druzynowe\/koszykowka-mecz\" target=\"_blank\" class=\"card-event__link\" rel=\"nofollow noopener\"><\/a>\n        <div class=\"card-event__wrapper\">\n        <div class=\"card-event__image\">\n            <img decoding=\"async\" src=\"https:\/\/www.ebilet.pl\/media\/cms\/media\/nvdpzm53\/podstawowe_portaljpg-550c863c-126b-4054-8668-ffc6e52face6.webp\" alt=\"\">\n        <\/div>\n        <div class=\"card-event__data\">\n            <div class=\"card-event__name\">\n                <p>Kwalifikacje do Mistrzostw \u015awiata w koszyk\u00f3wce m\u0119\u017cczyzn 2027: Polska \u2013 Chorwacja<\/p>\n            <\/div>\n            <div class=\"card-event__date\">27.11.2026-27.11.2026<\/div>\n            <div class=\"card-event__location\">Gliwice<\/div>\n        <\/div>\n    <\/div>\n<\/div>                                    <\/div>\n                                                                    <div class=\"events-slider-block__sliderItem swiper-slide\">\n                                    \n<div class=\"card-event  card-event--size-small\">\n        <a href=\"https:\/\/www.ebilet.pl\/muzyka\/festiwale\/up-to-date-festival\" target=\"_blank\" class=\"card-event__link\" rel=\"nofollow noopener\"><\/a>\n        <div class=\"card-event__wrapper\">\n        <div class=\"card-event__image\">\n            <img decoding=\"async\" src=\"https:\/\/www.ebilet.pl\/media\/cms\/media\/jfdlnoqn\/ebilet-552x736-portal-wersja-2-c38ddeaf-bf05-4f54-9e4d-377e6b572335.webp\" alt=\"\">\n        <\/div>\n        <div class=\"card-event__data\">\n            <div class=\"card-event__name\">\n                <p>Up To Date Festival 2027<\/p>\n            <\/div>\n            <div class=\"card-event__date\">27.05.2027-27.05.2027<\/div>\n            <div class=\"card-event__location\">Bia\u0142ystok<\/div>\n        <\/div>\n    <\/div>\n<\/div>                                    <\/div>\n                                                                    <div class=\"events-slider-block__sliderItem swiper-slide\">\n                                    \n<div class=\"card-event  card-event--size-small\">\n        <a href=\"https:\/\/www.ebilet.pl\/muzyka\/hip-hop-rap\/gombao33\" target=\"_blank\" class=\"card-event__link\" rel=\"nofollow noopener\"><\/a>\n        <div class=\"card-event__wrapper\">\n        <div class=\"card-event__image\">\n            <img decoding=\"async\" src=\"https:\/\/www.ebilet.pl\/media\/cms\/media\/ctcikvkb\/gombao_bez_napisu-2ebe28b7-760a-4987-8d6c-0cb2fe6f2203.webp\" alt=\"\">\n        <\/div>\n        <div class=\"card-event__data\">\n            <div class=\"card-event__name\">\n                <p>G33 Tour &#8211; Tadeo x Szczepan x Wygu\u015b x Mata<\/p>\n            <\/div>\n            <div class=\"card-event__date\">12.09.2026-12.09.2026<\/div>\n            <div class=\"card-event__location\">Bydgoszcz, Gwi\u017adziny, Kra\u015bnik i inne<\/div>\n        <\/div>\n    <\/div>\n<\/div>                                    <\/div>\n                                                                    <div class=\"events-slider-block__sliderItem swiper-slide\">\n                                    \n<div class=\"card-event  card-event--size-small\">\n        <a href=\"https:\/\/www.ebilet.pl\/muzyka\/rock\/russell-crowe\" target=\"_blank\" class=\"card-event__link\" rel=\"nofollow noopener\"><\/a>\n        <div class=\"card-event__wrapper\">\n        <div class=\"card-event__image\">\n            <img decoding=\"async\" src=\"https:\/\/www.ebilet.pl\/media\/cms\/media\/dajolyng\/rusel_pion-738c048c-2504-4de3-a226-d83518cf8463.webp\" alt=\"\">\n        <\/div>\n        <div class=\"card-event__data\">\n            <div class=\"card-event__name\">\n                <p>Russell Crowe\u2019s Indoor Garden Party<\/p>\n            <\/div>\n            <div class=\"card-event__date\">05.06.2027-05.06.2027<\/div>\n            <div class=\"card-event__location\">\u0106miel\u00f3w<\/div>\n        <\/div>\n    <\/div>\n<\/div>                                    <\/div>\n                                                                    <div class=\"events-slider-block__sliderItem swiper-slide\">\n                                    \n<div class=\"card-event  card-event--size-small\">\n        <a href=\"https:\/\/www.ebilet.pl\/biznes\/wystawa\/van-gogh\" target=\"_blank\" class=\"card-event__link\" rel=\"nofollow noopener\"><\/a>\n        <div class=\"card-event__wrapper\">\n        <div class=\"card-event__image\">\n            <img decoding=\"async\" src=\"https:\/\/www.ebilet.pl\/media\/cms\/media\/rx0pgtm4\/nowa-ebilet-_vg-__-lublin_-552-736-5ddf74a4-5cec-41cd-9f00-a4baa0f7a221.webp\" alt=\"\">\n        <\/div>\n        <div class=\"card-event__data\">\n            <div class=\"card-event__name\">\n                <p>VAN GOGH \u2013 Wystawa Immersyjna &#8211; Lublin<\/p>\n            <\/div>\n            <div class=\"card-event__date\">15.09.2026-15.09.2026<\/div>\n            <div class=\"card-event__location\">Lublin<\/div>\n        <\/div>\n    <\/div>\n<\/div>                                    <\/div>\n                                                                    <div class=\"events-slider-block__sliderItem swiper-slide\">\n                                    \n<div class=\"card-event  card-event--size-small\">\n        <a href=\"https:\/\/www.ebilet.pl\/muzyka\/hip-hop-rap\/otsochodzi\" target=\"_blank\" class=\"card-event__link\" rel=\"nofollow noopener\"><\/a>\n        <div class=\"card-event__wrapper\">\n        <div class=\"card-event__image\">\n            <img decoding=\"async\" src=\"https:\/\/www.ebilet.pl\/media\/cms\/media\/ucuizr2w\/tt-552-x-736-kopia.webp\" alt=\"\">\n        <\/div>\n        <div class=\"card-event__data\">\n            <div class=\"card-event__name\">\n                <p>Otsochodzi &#8211; RIOTT<\/p>\n            <\/div>\n            <div class=\"card-event__date\">01.10.2026-01.10.2026<\/div>\n            <div class=\"card-event__location\">Gda\u0144sk, Krak\u00f3w, Pozna\u0144 i inne<\/div>\n        <\/div>\n    <\/div>\n<\/div>                                    <\/div>\n                                                                    <div class=\"events-slider-block__sliderItem swiper-slide\">\n                                    \n<div class=\"card-event  card-event--size-small\">\n        <a href=\"https:\/\/www.ebilet.pl\/muzyka\/piosenka\/koncert-koled-i-pastoralek-golec-uorkiestra\" target=\"_blank\" class=\"card-event__link\" rel=\"nofollow noopener\"><\/a>\n        <div class=\"card-event__wrapper\">\n        <div class=\"card-event__image\">\n            <img decoding=\"async\" src=\"https:\/\/www.ebilet.pl\/media\/cms\/media\/sqlacf5s\/golec_552x736_ebilet-c90c1dab-7443-46cc-b6f7-252554a5cab4.webp\" alt=\"\">\n        <\/div>\n        <div class=\"card-event__data\">\n            <div class=\"card-event__name\">\n                <p>Golec uOrkiestra &#8211; Koncert Kol\u0119d i Pastora\u0142ek<\/p>\n            <\/div>\n            <div class=\"card-event__date\">18.12.2026-18.12.2026<\/div>\n            <div class=\"card-event__location\">Bielsko-Bia\u0142a, Bydgoszcz, Gda\u0144sk i inne<\/div>\n        <\/div>\n    <\/div>\n<\/div>                                    <\/div>\n                                                                    <div class=\"events-slider-block__sliderItem swiper-slide\">\n                                    \n<div class=\"card-event  card-event--size-small\">\n        <a href=\"https:\/\/www.ebilet.pl\/muzyka\/festiwale\/olsztyn-green-festival\" target=\"_blank\" class=\"card-event__link\" rel=\"nofollow noopener\"><\/a>\n        <div class=\"card-event__wrapper\">\n        <div class=\"card-event__image\">\n            <img decoding=\"async\" src=\"https:\/\/www.ebilet.pl\/media\/cms\/media\/ivzhtv3z\/1080x1350_ogf_edycja_2027-18faf89b-3a6e-4aa9-b07b-593f24448a27.webp\" alt=\"\">\n        <\/div>\n        <div class=\"card-event__data\">\n            <div class=\"card-event__name\">\n                <p>Olsztyn Green Festival 2027<\/p>\n            <\/div>\n            <div class=\"card-event__date\">13.08.2027-13.08.2027<\/div>\n            <div class=\"card-event__location\">Olsztyn<\/div>\n        <\/div>\n    <\/div>\n<\/div>                                    <\/div>\n                                                                    <div class=\"events-slider-block__sliderItem swiper-slide\">\n                                    \n<div class=\"card-event  card-event--size-small\">\n        <a href=\"https:\/\/www.ebilet.pl\/sport\/sporty-druzynowe\/mecz-mistrzow\" target=\"_blank\" class=\"card-event__link\" rel=\"nofollow noopener\"><\/a>\n        <div class=\"card-event__wrapper\">\n        <div class=\"card-event__image\">\n            <img decoding=\"async\" src=\"https:\/\/www.ebilet.pl\/media\/cms\/media\/anml1cos\/552x736.webp\" alt=\"\">\n        <\/div>\n        <div class=\"card-event__data\">\n            <div class=\"card-event__name\">\n                <p>Mecz mistrz\u00f3w: Polska &#8211; W\u0142ochy<\/p>\n            <\/div>\n            <div class=\"card-event__date\">04.10.2026-04.10.2026<\/div>\n            <div class=\"card-event__location\">Wroc\u0142aw<\/div>\n        <\/div>\n    <\/div>\n<\/div>                                    <\/div>\n                                                                    <div class=\"events-slider-block__sliderItem swiper-slide\">\n                                    \n<div class=\"card-event  card-event--size-small\">\n        <a href=\"https:\/\/www.ebilet.pl\/sport\/sporty-walki\/ksw-gala\" target=\"_blank\" class=\"card-event__link\" rel=\"nofollow noopener\"><\/a>\n        <div class=\"card-event__wrapper\">\n        <div class=\"card-event__image\">\n            <img decoding=\"async\" src=\"https:\/\/www.ebilet.pl\/media\/cms\/media\/ephnqq14\/ksw122_552x736-kopia-6d406d0c-fee6-4f71-88c9-6220ef184bde.webp\" alt=\"\">\n        <\/div>\n        <div class=\"card-event__data\">\n            <div class=\"card-event__name\">\n                <p>XTB KSW 122<\/p>\n            <\/div>\n            <div class=\"card-event__date\">10.10.2026-10.10.2026<\/div>\n            <div class=\"card-event__location\">Rzesz\u00f3w<\/div>\n        <\/div>\n    <\/div>\n<\/div>                                    <\/div>\n                                                                    <div class=\"events-slider-block__sliderItem swiper-slide\">\n                                    \n<div class=\"card-event  card-event--size-small\">\n        <a href=\"https:\/\/www.ebilet.pl\/muzyka\/pop\/pitbull\" target=\"_blank\" class=\"card-event__link\" rel=\"nofollow noopener\"><\/a>\n        <div class=\"card-event__wrapper\">\n        <div class=\"card-event__image\">\n            <img decoding=\"async\" src=\"https:\/\/www.ebilet.pl\/media\/cms\/media\/5lzfwzwf\/pitbull_552x736-51986cca-48f5-4419-a9c5-cba531ed65a3.webp\" alt=\"\">\n        <\/div>\n        <div class=\"card-event__data\">\n            <div class=\"card-event__name\">\n                <p>Pitbull &#8211; I&#8217;m Back!<\/p>\n            <\/div>\n            <div class=\"card-event__date\">27.11.2026-27.11.2026<\/div>\n            <div class=\"card-event__location\">Gda\u0144sk\/Sopot, \u0141\u00f3d\u017a<\/div>\n        <\/div>\n    <\/div>\n<\/div>                                    <\/div>\n                                                                <\/div>\n                            <\/div>\n                        <\/div>\n                        <div class=\"events-slider-block__events swiper\" data-events-events-descriptions>\n                            <div class=\"events-slider-block__eventsWrapper swiper-wrapper\">\n                                                            <div class=\"events-slider-block__eventsItem swiper-slide\">\n                                    <a href=\"https:\/\/www.ebilet.pl\/muzyka\/rock\/fontaines-dc\" target=\"_blank\" class=\"events-slider-block__eventsName\">\n                                        <p>Fontaines D.C. EU TOUR 2026<\/p>\n                                    <\/a>\n                                    <div class=\"events-slider-block__eventsDate\">\n                                        31.10.2026-31.10.2026                                    <\/div>\n                                    <div class=\"events-slider-block__eventsLocation\">\u0141\u00f3d\u017a<\/div>\n                                <\/div>\n                                                            <div class=\"events-slider-block__eventsItem swiper-slide\">\n                                    <a href=\"https:\/\/www.ebilet.pl\/muzyka\/pop\/tokio-hotel\" target=\"_blank\" class=\"events-slider-block__eventsName\">\n                                        <p>Tokio Hotel<\/p>\n                                    <\/a>\n                                    <div class=\"events-slider-block__eventsDate\">\n                                        19.08.2027-19.08.2027                                    <\/div>\n                                    <div class=\"events-slider-block__eventsLocation\">Warszawa<\/div>\n                                <\/div>\n                                                            <div class=\"events-slider-block__eventsItem swiper-slide\">\n                                    <a href=\"https:\/\/www.ebilet.pl\/muzyka\/pop\/take-that\" target=\"_blank\" class=\"events-slider-block__eventsName\">\n                                        <p>Take That<\/p>\n                                    <\/a>\n                                    <div class=\"events-slider-block__eventsDate\">\n                                        13.06.2027-13.06.2027                                    <\/div>\n                                    <div class=\"events-slider-block__eventsLocation\">Warszawa<\/div>\n                                <\/div>\n                                                            <div class=\"events-slider-block__eventsItem swiper-slide\">\n                                    <a href=\"https:\/\/www.ebilet.pl\/muzyka\/festiwale\/opener-festival\" target=\"_blank\" class=\"events-slider-block__eventsName\">\n                                        <p>Open&#039;er Festival 2027<\/p>\n                                    <\/a>\n                                    <div class=\"events-slider-block__eventsDate\">\n                                        30.06.2027-03.07.2027                                    <\/div>\n                                    <div class=\"events-slider-block__eventsLocation\">Gdynia<\/div>\n                                <\/div>\n                                                            <div class=\"events-slider-block__eventsItem swiper-slide\">\n                                    <a href=\"https:\/\/www.ebilet.pl\/sport\/lekkoatletyka\/memorial-kamili-skolimowskiej\" target=\"_blank\" class=\"events-slider-block__eventsName\">\n                                        <p>Silesia Memoria\u0142 Kamili Skolimowskiej<\/p>\n                                    <\/a>\n                                    <div class=\"events-slider-block__eventsDate\">\n                                        15.08.2027-15.08.2027                                    <\/div>\n                                    <div class=\"events-slider-block__eventsLocation\">Chorz\u00f3w<\/div>\n                                <\/div>\n                                                            <div class=\"events-slider-block__eventsItem swiper-slide\">\n                                    <a href=\"https:\/\/www.ebilet.pl\/muzyka\/rock\/getdown-services\" target=\"_blank\" class=\"events-slider-block__eventsName\">\n                                        <p>Getdown Services<\/p>\n                                    <\/a>\n                                    <div class=\"events-slider-block__eventsDate\">\n                                        15.03.2027-16.03.2027                                    <\/div>\n                                    <div class=\"events-slider-block__eventsLocation\">Krak\u00f3w, Warszawa<\/div>\n                                <\/div>\n                                                            <div class=\"events-slider-block__eventsItem swiper-slide\">\n                                    <a href=\"https:\/\/www.ebilet.pl\/sport\/sporty-druzynowe\/koszykowka-mecz\" target=\"_blank\" class=\"events-slider-block__eventsName\">\n                                        <p>Kwalifikacje do Mistrzostw \u015awiata w koszyk\u00f3wce m\u0119\u017cczyzn 2027: Polska \u2013 Chorwacja<\/p>\n                                    <\/a>\n                                    <div class=\"events-slider-block__eventsDate\">\n                                        27.11.2026-27.11.2026                                    <\/div>\n                                    <div class=\"events-slider-block__eventsLocation\">Gliwice<\/div>\n                                <\/div>\n                                                            <div class=\"events-slider-block__eventsItem swiper-slide\">\n                                    <a href=\"https:\/\/www.ebilet.pl\/muzyka\/festiwale\/up-to-date-festival\" target=\"_blank\" class=\"events-slider-block__eventsName\">\n                                        <p>Up To Date Festival 2027<\/p>\n                                    <\/a>\n                                    <div class=\"events-slider-block__eventsDate\">\n                                        27.05.2027-28.05.2027                                    <\/div>\n                                    <div class=\"events-slider-block__eventsLocation\">Bia\u0142ystok<\/div>\n                                <\/div>\n                                                            <div class=\"events-slider-block__eventsItem swiper-slide\">\n                                    <a href=\"https:\/\/www.ebilet.pl\/muzyka\/hip-hop-rap\/gombao33\" target=\"_blank\" class=\"events-slider-block__eventsName\">\n                                        <p>G33 Tour &#8211; Tadeo x Szczepan x Wygu\u015b x Mata<\/p>\n                                    <\/a>\n                                    <div class=\"events-slider-block__eventsDate\">\n                                        12.09.2026-04.10.2026                                    <\/div>\n                                    <div class=\"events-slider-block__eventsLocation\">Bydgoszcz, Gwi\u017adziny, Kra\u015bnik i inne<\/div>\n                                <\/div>\n                                                            <div class=\"events-slider-block__eventsItem swiper-slide\">\n                                    <a href=\"https:\/\/www.ebilet.pl\/muzyka\/rock\/russell-crowe\" target=\"_blank\" class=\"events-slider-block__eventsName\">\n                                        <p>Russell Crowe\u2019s Indoor Garden Party<\/p>\n                                    <\/a>\n                                    <div class=\"events-slider-block__eventsDate\">\n                                        05.06.2027-05.06.2027                                    <\/div>\n                                    <div class=\"events-slider-block__eventsLocation\">\u0106miel\u00f3w<\/div>\n                                <\/div>\n                                                            <div class=\"events-slider-block__eventsItem swiper-slide\">\n                                    <a href=\"https:\/\/www.ebilet.pl\/biznes\/wystawa\/van-gogh\" target=\"_blank\" class=\"events-slider-block__eventsName\">\n                                        <p>VAN GOGH \u2013 Wystawa Immersyjna &#8211; Lublin<\/p>\n                                    <\/a>\n                                    <div class=\"events-slider-block__eventsDate\">\n                                        15.09.2026-31.12.2026                                    <\/div>\n                                    <div class=\"events-slider-block__eventsLocation\">Lublin<\/div>\n                                <\/div>\n                                                            <div class=\"events-slider-block__eventsItem swiper-slide\">\n                                    <a href=\"https:\/\/www.ebilet.pl\/muzyka\/hip-hop-rap\/otsochodzi\" target=\"_blank\" class=\"events-slider-block__eventsName\">\n                                        <p>Otsochodzi &#8211; RIOTT<\/p>\n                                    <\/a>\n                                    <div class=\"events-slider-block__eventsDate\">\n                                        01.10.2026-03.12.2026                                    <\/div>\n                                    <div class=\"events-slider-block__eventsLocation\">Gda\u0144sk, Krak\u00f3w, Pozna\u0144 i inne<\/div>\n                                <\/div>\n                                                            <div class=\"events-slider-block__eventsItem swiper-slide\">\n                                    <a href=\"https:\/\/www.ebilet.pl\/muzyka\/piosenka\/koncert-koled-i-pastoralek-golec-uorkiestra\" target=\"_blank\" class=\"events-slider-block__eventsName\">\n                                        <p>Golec uOrkiestra &#8211; Koncert Kol\u0119d i Pastora\u0142ek<\/p>\n                                    <\/a>\n                                    <div class=\"events-slider-block__eventsDate\">\n                                        18.12.2026-17.01.2027                                    <\/div>\n                                    <div class=\"events-slider-block__eventsLocation\">Bielsko-Bia\u0142a, Bydgoszcz, Gda\u0144sk i inne<\/div>\n                                <\/div>\n                                                            <div class=\"events-slider-block__eventsItem swiper-slide\">\n                                    <a href=\"https:\/\/www.ebilet.pl\/muzyka\/festiwale\/olsztyn-green-festival\" target=\"_blank\" class=\"events-slider-block__eventsName\">\n                                        <p>Olsztyn Green Festival 2027<\/p>\n                                    <\/a>\n                                    <div class=\"events-slider-block__eventsDate\">\n                                        13.08.2027-13.08.2027                                    <\/div>\n                                    <div class=\"events-slider-block__eventsLocation\">Olsztyn<\/div>\n                                <\/div>\n                                                            <div class=\"events-slider-block__eventsItem swiper-slide\">\n                                    <a href=\"https:\/\/www.ebilet.pl\/sport\/sporty-druzynowe\/mecz-mistrzow\" target=\"_blank\" class=\"events-slider-block__eventsName\">\n                                        <p>Mecz mistrz\u00f3w: Polska &#8211; W\u0142ochy<\/p>\n                                    <\/a>\n                                    <div class=\"events-slider-block__eventsDate\">\n                                        04.10.2026-04.10.2026                                    <\/div>\n                                    <div class=\"events-slider-block__eventsLocation\">Wroc\u0142aw<\/div>\n                                <\/div>\n                                                            <div class=\"events-slider-block__eventsItem swiper-slide\">\n                                    <a href=\"https:\/\/www.ebilet.pl\/sport\/sporty-walki\/ksw-gala\" target=\"_blank\" class=\"events-slider-block__eventsName\">\n                                        <p>XTB KSW 122<\/p>\n                                    <\/a>\n                                    <div class=\"events-slider-block__eventsDate\">\n                                        10.10.2026-10.10.2026                                    <\/div>\n                                    <div class=\"events-slider-block__eventsLocation\">Rzesz\u00f3w<\/div>\n                                <\/div>\n                                                            <div class=\"events-slider-block__eventsItem swiper-slide\">\n                                    <a href=\"https:\/\/www.ebilet.pl\/muzyka\/pop\/pitbull\" target=\"_blank\" class=\"events-slider-block__eventsName\">\n                                        <p>Pitbull &#8211; I&#039;m Back!<\/p>\n                                    <\/a>\n                                    <div class=\"events-slider-block__eventsDate\">\n                                        27.11.2026-03.12.2026                                    <\/div>\n                                    <div class=\"events-slider-block__eventsLocation\">Gda\u0144sk\/Sopot, \u0141\u00f3d\u017a<\/div>\n                                <\/div>\n                                                        <\/div>\n                        <\/div>\n                        <div class=\"events-slider-block__pagination\">\n                            <div class=\"swiper-pagination slider-pagination slider-pagination--theme-white\" data-events-slider-pagination><\/div>\n                        <\/div>\n                    <\/div>\n                                        <div class=\"events-slider-block__bottom\">\n                                                                                <div class=\"events-slider-block__link desktop\">\n                                    <a\n                                        class=\"button button--size-small button--theme-primary-yellow button--withIconLeft\"\n                                        href=\"https:\/\/www.ebilet.pl\/\">\n                                                                                    <div class=\"button__icon\"><img loading=\"lazy\" decoding=\"async\" width=\"30\" height=\"30\" src=\"https:\/\/www.ebilet.pl\/now\/app\/uploads\/2024\/01\/ticket-cinema-entertainment-coupon-discount-sale_30px.png\" class=\"attachment-full size-full\" alt=\"\" \/><\/div>\n                                                                                <p class=\"button__text typo-18\">Kup na eBilet.pl<\/p>\n                                    <\/a>\n                                <\/div>\n                                                                                <div class=\"events-slider-block__link mobile\">\n                                    <a\n                                        class=\"button button--size-small button--theme-primary-yellow button--withIconLeft\"\n                                        href=\"https:\/\/www.ebilet.pl\/\">\n                                                                                    <div class=\"button__icon\"><img loading=\"lazy\" decoding=\"async\" width=\"30\" height=\"30\" src=\"https:\/\/www.ebilet.pl\/now\/app\/uploads\/2024\/01\/ticket-cinema-entertainment-coupon-discount-sale_30px.png\" class=\"attachment-full size-full\" alt=\"\" \/><\/div>\n                                                                                <p class=\"button__text typo-18\">Kup na eBilet.pl<\/p>\n                                    <\/a>\n                                <\/div>\n                                            <\/div>\n                <\/div>\n            <\/div>\n        <\/div>\n    <\/div>\n<\/section>","protected":false},"excerpt":{"rendered":"<p>Atak na autokar, b\u00f3jka po walce i konflikt, kt\u00f3ry wymkn\u0105\u0142 si\u0119 spod kontroli. Walka Conora McGregora z Khabibem Nurmagomedovem przesz\u0142a do historii nie tylko ze wzgl\u0119du na sport, ale przede wszystkim za spraw\u0105 wydarze\u0144, kt\u00f3re wstrz\u0105sn\u0119\u0142y ca\u0142ym \u015bwiatem MMA.<\/p>\n","protected":false},"author":21,"featured_media":92531,"comment_status":"open","ping_status":"open","sticky":false,"template":"page-templates\/article-premium.php","format":"standard","meta":{"_acf_changed":false,"footnotes":""},"article_tag":[73,71],"article_type":[559],"class_list":["post-92500","post","type-post","status-publish","format-standard","has-post-thumbnail","hentry","article_tag-mma","article_tag-polecane","article_type-sport"],"acf":[],"_links":{"self":[{"href":"https:\/\/www.ebilet.pl\/now\/wp-json\/wp\/v2\/posts\/92500","targetHints":{"allow":["GET"]}}],"collection":[{"href":"https:\/\/www.ebilet.pl\/now\/wp-json\/wp\/v2\/posts"}],"about":[{"href":"https:\/\/www.ebilet.pl\/now\/wp-json\/wp\/v2\/types\/post"}],"author":[{"embeddable":true,"href":"https:\/\/www.ebilet.pl\/now\/wp-json\/wp\/v2\/users\/21"}],"replies":[{"embeddable":true,"href":"https:\/\/www.ebilet.pl\/now\/wp-json\/wp\/v2\/comments?post=92500"}],"version-history":[{"count":3,"href":"https:\/\/www.ebilet.pl\/now\/wp-json\/wp\/v2\/posts\/92500\/revisions"}],"predecessor-version":[{"id":92597,"href":"https:\/\/www.ebilet.pl\/now\/wp-json\/wp\/v2\/posts\/92500\/revisions\/92597"}],"wp:featuredmedia":[{"embeddable":true,"href":"https:\/\/www.ebilet.pl\/now\/wp-json\/wp\/v2\/media\/92531"}],"wp:attachment":[{"href":"https:\/\/www.ebilet.pl\/now\/wp-json\/wp\/v2\/media?parent=92500"}],"wp:term":[{"taxonomy":"article_tag","embeddable":true,"href":"https:\/\/www.ebilet.pl\/now\/wp-json\/wp\/v2\/article_tag?post=92500"},{"taxonomy":"article_type","embeddable":true,"href":"https:\/\/www.ebilet.pl\/now\/wp-json\/wp\/v2\/article_type?post=92500"}],"curies":[{"name":"wp","href":"https:\/\/api.w.org\/{rel}","templated":true}]}}