{"id":92290,"date":"2026-07-15T10:37:22","date_gmt":"2026-07-15T09:37:22","guid":{"rendered":"https:\/\/www.ebilet.pl\/now\/?p=92290"},"modified":"2026-07-28T11:26:23","modified_gmt":"2026-07-28T10:26:23","slug":"przesady-zwiazane-z-latem-czego-absolutnie-nie-robic-w-wakacje","status":"publish","type":"post","link":"https:\/\/www.ebilet.pl\/now\/przesady-zwiazane-z-latem-czego-absolutnie-nie-robic-w-wakacje\/","title":{"rendered":"Przes\u0105dy zwi\u0105zane z latem \u2013 czego absolutnie nie robi\u0107 w wakacje?"},"content":{"rendered":"\n<section class=\"text-block  section-margin-32\" >\n    <div class=\"container\">\n        <div class=\"row\">\n            <div class=\"col-24\">\n                <div class=\"text-block__content\"><h2><strong>Przes\u0105dy na czerwiec \u2013 tak pomo\u017cesz swojemu szcz\u0119\u015bciu<\/strong><\/h2>\n<p><span style=\"font-weight: 400;\">Astronomiczne lato zacz\u0119\u0142o si\u0119 w 2026 roku 21 czerwca. To bardzo wa\u017cny dzie\u0144, kt\u00f3ry by\u0142 \u015bwi\u0119towany przez ludzi od dawien dawna. Warto mie\u0107 wtedy przy sobie zakwitaj\u0105cy s\u0142onecznik, kt\u00f3ry nie tylko jest symbolem rado\u015bci, s\u0142o\u0144ca, \u017cyciowej witalno\u015bci oraz dobrobytu, ale kt\u00f3ry r\u00f3wnie\u017c przyniesie ci szcz\u0119\u015bcie i mi\u0142o\u015b\u0107. Nie musi to by\u0107 ca\u0142y kwiat, wystarczy jeden p\u0142atek. Z samego rana nale\u017cy wystawi\u0107 go na s\u0142o\u0144ce na kwadrans, a potem mie\u0107 go przez ca\u0142y dzie\u0144 przy sobie, np. w kieszeni. Tylko go nie zgub, bo\u2026 w sumie nie wiemy, co si\u0119 wtedy stanie, ale lepiej nie ryzykowa\u0107.<\/span><\/p>\n<\/div>\n            <\/div>\n        <\/div>\n    <\/div>\n<\/section>\n\n\n<section class=\"tickets-slider  section-margin-32\"\n    data-tickets-slider\n    data-item-list-name=\"Karuzela z buttonami\"\n    data-item-list-id=\"karuzela_z_buttonami\"\n    >\n    <div class=\"container\">\n        <div class=\"row\">\n            <div class=\"col-24\">\n                <div class=\"tickets-slider__main\">\n                    <div class=\"tickets-slider__nav tickets-slider__nav--prev\">\n                        <div class=\"button button--withIcon button--theme-white-blur button--size-fixed-48\" data-tickets-slider-prev>\n                            <span class=\"button__icon icon icon-chevron-left\"><\/span>\n                        <\/div>\n                    <\/div>\n                    <div class=\"tickets-slider__nav tickets-slider__nav--next\">\n                        <div class=\"button button--withIcon button--theme-white-blur button--size-fixed-48\" data-tickets-slider-next>\n                            <span class=\"button__icon icon icon-chevron-right\"><\/span>\n                        <\/div>\n                    <\/div>\n                    <div class=\"tickets-slider__slider swiper\" data-tickets-slider-slider>\n                        <div class=\"tickets-slider__sliderWrapper swiper-wrapper\">\n                                                            <div class=\"tickets-slider__sliderItem swiper-slide\"\n                                    data-id=\"209244\"\n                                    data-name=\"New City Sounds\"\n                                    data-brand=\"eBilet\"\n                                    data-category=\"muzyka\"\n                                    data-subcategory=\"festiwale\"\n                                    data-city=\"\"\n                                    data-venue=\"\">\n                                    <div class=\"tickets-slider__sliderCard\">\n                                        \n<div class=\"card-ticket\">\n        <div class=\"card-ticket__image\">\n        <a href=\"https:\/\/www.ebilet.pl\/muzyka\/festiwale\/new-city-sounds\">\n            <img decoding=\"async\" src=\"https:\/\/www.ebilet.pl\/media\/cms\/media\/azxlqpip\/new-city-sounds-552-x-736-px-1.webp\" alt=\"Plakat wydarzenia\" \/>\n        <\/a>\n    <\/div>\n             \n    <div class=\"card-ticket__link\">\n        <a href=\"https:\/\/www.ebilet.pl\/muzyka\/festiwale\/new-city-sounds\" class=\"button button--theme-primary-yellow button--withIconLeft button--size-small\">\n            <span class=\"button__icon icon icon-ticket\"><\/span>\n            <p class=\"button__text typo-16 f-600\">Kup bilet<\/p>\n        <\/a>\n    <\/div>\n    <\/div>                                    <\/div>\n                                <\/div>\n                                                            <div class=\"tickets-slider__sliderItem swiper-slide\"\n                                    data-id=\"10086\"\n                                    data-name=\"Orange Warsaw Festival 2027\"\n                                    data-brand=\"Alter Art\"\n                                    data-category=\"muzyka\"\n                                    data-subcategory=\"festiwale\"\n                                    data-city=\"\"\n                                    data-venue=\"\">\n                                    <div class=\"tickets-slider__sliderCard\">\n                                        \n<div class=\"card-ticket\">\n        <div class=\"card-ticket__image\">\n        <a href=\"https:\/\/www.ebilet.pl\/muzyka\/festiwale\/orange-warsaw-festival\">\n            <img decoding=\"async\" src=\"https:\/\/www.ebilet.pl\/media\/cms\/media\/10tfavkl\/owf27_wejs-cie_portal_552x736.webp\" alt=\"Plakat wydarzenia\" \/>\n        <\/a>\n    <\/div>\n             \n    <div class=\"card-ticket__link\">\n        <a href=\"https:\/\/www.ebilet.pl\/muzyka\/festiwale\/orange-warsaw-festival\" class=\"button button--theme-primary-yellow button--withIconLeft button--size-small\">\n            <span class=\"button__icon icon icon-ticket\"><\/span>\n            <p class=\"button__text typo-16 f-600\">Kup bilet<\/p>\n        <\/a>\n    <\/div>\n    <\/div>                                    <\/div>\n                                <\/div>\n                                                            <div class=\"tickets-slider__sliderItem swiper-slide\"\n                                    data-id=\"79775\"\n                                    data-name=\"D\u017cem + HLA 4transplant\"\n                                    data-brand=\"Just For MUSIC Sp z o.o.\"\n                                    data-category=\"muzyka\"\n                                    data-subcategory=\"festiwale\"\n                                    data-city=\"Zabrze\"\n                                    data-venue=\"Dom Muzyki i Ta\u0144ca\">\n                                    <div class=\"tickets-slider__sliderCard\">\n                                        \n<div class=\"card-ticket\">\n        <div class=\"card-ticket__image\">\n        <a href=\"https:\/\/www.ebilet.pl\/muzyka\/festiwale\/festiwal-12-godzin\">\n            <img decoding=\"async\" src=\"https:\/\/www.ebilet.pl\/media\/cms\/media\/4fqdausi\/552x736-6-302963af-b9d7-4568-9f57-d4aa2eb8a156.webp\" alt=\"Plakat wydarzenia\" \/>\n        <\/a>\n    <\/div>\n             \n    <div class=\"card-ticket__link\">\n        <a href=\"https:\/\/www.ebilet.pl\/muzyka\/festiwale\/festiwal-12-godzin\" class=\"button button--theme-primary-yellow button--withIconLeft button--size-small\">\n            <span class=\"button__icon icon icon-ticket\"><\/span>\n            <p class=\"button__text typo-16 f-600\">Kup bilet<\/p>\n        <\/a>\n    <\/div>\n    <\/div>                                    <\/div>\n                                <\/div>\n                                                            <div class=\"tickets-slider__sliderItem swiper-slide\"\n                                    data-id=\"10102\"\n                                    data-name=\"18. Festiwal \u201eSerca Bicie\u201d Pami\u0119ci Andrzeja Zauchy\"\n                                    data-brand=\"Fundacja Serca Bicie\"\n                                    data-category=\"muzyka\"\n                                    data-subcategory=\"festiwale\"\n                                    data-city=\"Bydgoszcz\"\n                                    data-venue=\"Opera Nova w Bydgoszczy\">\n                                    <div class=\"tickets-slider__sliderCard\">\n                                        \n<div class=\"card-ticket\">\n        <div class=\"card-ticket__image\">\n        <a href=\"https:\/\/www.ebilet.pl\/muzyka\/festiwale\/festiwal-serca-bicie\">\n            <img decoding=\"async\" src=\"https:\/\/www.ebilet.pl\/media\/cms\/media\/00sf4oll\/3-6-78f5805f-665a-4abf-84ed-0ba6b61422ab.webp\" alt=\"Plakat wydarzenia\" \/>\n        <\/a>\n    <\/div>\n             \n    <div class=\"card-ticket__link\">\n        <a href=\"https:\/\/www.ebilet.pl\/muzyka\/festiwale\/festiwal-serca-bicie\" class=\"button button--theme-primary-yellow button--withIconLeft button--size-small\">\n            <span class=\"button__icon icon icon-ticket\"><\/span>\n            <p class=\"button__text typo-16 f-600\">Kup bilet<\/p>\n        <\/a>\n    <\/div>\n    <\/div>                                    <\/div>\n                                <\/div>\n                                                            <div class=\"tickets-slider__sliderItem swiper-slide\"\n                                    data-id=\"166516\"\n                                    data-name=\"Strefa 57 Festival\"\n                                    data-brand=\"E2K KATOWICE Sp. z o.o.\"\n                                    data-category=\"muzyka\"\n                                    data-subcategory=\"festiwale\"\n                                    data-city=\"Przytkowice\"\n                                    data-venue=\"Strefa 57\">\n                                    <div class=\"tickets-slider__sliderCard\">\n                                        \n<div class=\"card-ticket\">\n        <div class=\"card-ticket__image\">\n        <a href=\"https:\/\/www.ebilet.pl\/muzyka\/festiwale\/strefa-57-festival\">\n            <img decoding=\"async\" src=\"https:\/\/www.ebilet.pl\/media\/cms\/media\/njrnym2i\/neweee3-32698d07-8438-4477-9f44-fbb20fc655f0.webp\" alt=\"Plakat wydarzenia\" \/>\n        <\/a>\n    <\/div>\n             \n    <div class=\"card-ticket__link\">\n        <a href=\"https:\/\/www.ebilet.pl\/muzyka\/festiwale\/strefa-57-festival\" class=\"button button--theme-primary-yellow button--withIconLeft button--size-small\">\n            <span class=\"button__icon icon icon-ticket\"><\/span>\n            <p class=\"button__text typo-16 f-600\">Kup bilet<\/p>\n        <\/a>\n    <\/div>\n    <\/div>                                    <\/div>\n                                <\/div>\n                                                            <div class=\"tickets-slider__sliderItem swiper-slide\"\n                                    data-id=\"60658\"\n                                    data-name=\"XVII Summer Dying Loud\"\n                                    data-brand=\"ALEKSANDROWSKIE CENTRUM KULTURY\"\n                                    data-category=\"muzyka\"\n                                    data-subcategory=\"festiwale\"\n                                    data-city=\"Aleksandr\u00f3w \u0141\u00f3dzki\"\n                                    data-venue=\"MOSiR im. W\u0142odzimierza Smolarka w Aleksandrowie \u0141\u00f3dzkim\">\n                                    <div class=\"tickets-slider__sliderCard\">\n                                        \n<div class=\"card-ticket\">\n        <div class=\"card-ticket__image\">\n        <a href=\"https:\/\/www.ebilet.pl\/muzyka\/festiwale\/summer-dying-loud\">\n            <img decoding=\"async\" src=\"https:\/\/www.ebilet.pl\/media\/cms\/media\/n0malhxs\/sdl-summer-dying-plakat-736.webp\" alt=\"Plakat wydarzenia\" \/>\n        <\/a>\n    <\/div>\n             \n    <div class=\"card-ticket__link\">\n        <a href=\"https:\/\/www.ebilet.pl\/muzyka\/festiwale\/summer-dying-loud\" class=\"button button--theme-primary-yellow button--withIconLeft button--size-small\">\n            <span class=\"button__icon icon icon-ticket\"><\/span>\n            <p class=\"button__text typo-16 f-600\">Kup bilet<\/p>\n        <\/a>\n    <\/div>\n    <\/div>                                    <\/div>\n                                <\/div>\n                                                            <div class=\"tickets-slider__sliderItem swiper-slide\"\n                                    data-id=\"94381\"\n                                    data-name=\"Great September Showcase Festival &amp; Conference 2026\"\n                                    data-brand=\"Fundacja Independent\"\n                                    data-category=\"muzyka\"\n                                    data-subcategory=\"festiwale\"\n                                    data-city=\"\u0141\u00f3d\u017a\"\n                                    data-venue=\"\u0141\u00f3d\u017a\">\n                                    <div class=\"tickets-slider__sliderCard\">\n                                        \n<div class=\"card-ticket\">\n        <div class=\"card-ticket__image\">\n        <a href=\"https:\/\/www.ebilet.pl\/muzyka\/festiwale\/great-september\">\n            <img decoding=\"async\" src=\"https:\/\/www.ebilet.pl\/media\/cms\/media\/p1rggspg\/gs-26-ebilet-4_552x736-76226a25-8c89-413a-aa95-f20d2de18c39.webp\" alt=\"Plakat wydarzenia\" \/>\n        <\/a>\n    <\/div>\n             \n    <div class=\"card-ticket__link\">\n        <a href=\"https:\/\/www.ebilet.pl\/muzyka\/festiwale\/great-september\" class=\"button button--theme-primary-yellow button--withIconLeft button--size-small\">\n            <span class=\"button__icon icon icon-ticket\"><\/span>\n            <p class=\"button__text typo-16 f-600\">Kup bilet<\/p>\n        <\/a>\n    <\/div>\n    <\/div>                                    <\/div>\n                                <\/div>\n                                                            <div class=\"tickets-slider__sliderItem swiper-slide\"\n                                    data-id=\"83022\"\n                                    data-name=\"Brasswood Soundtracks\"\n                                    data-brand=\" Soundtrek\"\n                                    data-category=\"muzyka\"\n                                    data-subcategory=\"festiwale\"\n                                    data-city=\"Gda\u0144sk, Sopot\"\n                                    data-venue=\"Opera Le\u015bna\">\n                                    <div class=\"tickets-slider__sliderCard\">\n                                        \n<div class=\"card-ticket\">\n        <div class=\"card-ticket__image\">\n        <a href=\"https:\/\/www.ebilet.pl\/muzyka\/festiwale\/brasswood\">\n            <img decoding=\"async\" src=\"https:\/\/www.ebilet.pl\/media\/cms\/media\/rmzdfk3d\/552x736_12-1309_bi-16c4adf6-523b-46c6-9302-acaf6ace108c.webp\" alt=\"Plakat wydarzenia\" \/>\n        <\/a>\n    <\/div>\n             \n    <div class=\"card-ticket__link\">\n        <a href=\"https:\/\/www.ebilet.pl\/muzyka\/festiwale\/brasswood\" class=\"button button--theme-primary-yellow button--withIconLeft button--size-small\">\n            <span class=\"button__icon icon icon-ticket\"><\/span>\n            <p class=\"button__text typo-16 f-600\">Kup bilet<\/p>\n        <\/a>\n    <\/div>\n    <\/div>                                    <\/div>\n                                <\/div>\n                                                            <div class=\"tickets-slider__sliderItem swiper-slide\"\n                                    data-id=\"212648\"\n                                    data-name=\"Tw\u00f3j D\u017awi\u0119k\u00a0| Warsztaty. Koncerty. Debiuty\"\n                                    data-brand=\"Momenty Oktawia Nowak\"\n                                    data-category=\"muzyka\"\n                                    data-subcategory=\"festiwale\"\n                                    data-city=\"Wroc\u0142aw\"\n                                    data-venue=\"Klub Momenty\">\n                                    <div class=\"tickets-slider__sliderCard\">\n                                        \n<div class=\"card-ticket\">\n        <div class=\"card-ticket__image\">\n        <a href=\"https:\/\/www.ebilet.pl\/muzyka\/festiwale\/twoj-dzwiek\">\n            <img decoding=\"async\" src=\"https:\/\/www.ebilet.pl\/media\/cms\/media\/3tghbq0d\/2-2d79ca66-e936-409e-bf89-45762d4b56b5.webp\" alt=\"Plakat wydarzenia\" \/>\n        <\/a>\n    <\/div>\n             \n    <div class=\"card-ticket__link\">\n        <a href=\"https:\/\/www.ebilet.pl\/muzyka\/festiwale\/twoj-dzwiek\" class=\"button button--theme-primary-yellow button--withIconLeft button--size-small\">\n            <span class=\"button__icon icon icon-ticket\"><\/span>\n            <p class=\"button__text typo-16 f-600\">Kup bilet<\/p>\n        <\/a>\n    <\/div>\n    <\/div>                                    <\/div>\n                                <\/div>\n                                                            <div class=\"tickets-slider__sliderItem swiper-slide\"\n                                    data-id=\"127440\"\n                                    data-name=\"PGS Rock Festival\"\n                                    data-brand=\"Just For MUSIC Sp z o.o.\"\n                                    data-category=\"muzyka\"\n                                    data-subcategory=\"festiwale\"\n                                    data-city=\"Kielce\"\n                                    data-venue=\"Amfiteatr Kadzielnia\">\n                                    <div class=\"tickets-slider__sliderCard\">\n                                        \n<div class=\"card-ticket\">\n        <div class=\"card-ticket__image\">\n        <a href=\"https:\/\/www.ebilet.pl\/muzyka\/festiwale\/pgs-rock-festival\">\n            <img decoding=\"async\" src=\"https:\/\/www.ebilet.pl\/media\/cms\/media\/uj2liza4\/3-5bf89999-370a-42c8-827e-57dfce008321.webp\" alt=\"Plakat wydarzenia\" \/>\n        <\/a>\n    <\/div>\n             \n    <div class=\"card-ticket__link\">\n        <a href=\"https:\/\/www.ebilet.pl\/muzyka\/festiwale\/pgs-rock-festival\" class=\"button button--theme-primary-yellow button--withIconLeft button--size-small\">\n            <span class=\"button__icon icon icon-ticket\"><\/span>\n            <p class=\"button__text typo-16 f-600\">Kup bilet<\/p>\n        <\/a>\n    <\/div>\n    <\/div>                                    <\/div>\n                                <\/div>\n                                                            <div class=\"tickets-slider__sliderItem swiper-slide\"\n                                    data-id=\"16543\"\n                                    data-name=\"Rozta\u0144czony PGE Narodowy 2026\"\n                                    data-brand=\"KRYSIAK POLSKA CORPORATION Sp. z o.o.\"\n                                    data-category=\"muzyka\"\n                                    data-subcategory=\"festiwale\"\n                                    data-city=\"Warszawa\"\n                                    data-venue=\"PGE Narodowy im. Kazimierza G\u00f3rskiego\">\n                                    <div class=\"tickets-slider__sliderCard\">\n                                        \n<div class=\"card-ticket\">\n        <div class=\"card-ticket__image\">\n        <a href=\"https:\/\/www.ebilet.pl\/muzyka\/festiwale\/roztanczony-narodowy\">\n            <img decoding=\"async\" src=\"https:\/\/www.ebilet.pl\/media\/cms\/media\/vzjkxgps\/portal_basic.webp\" alt=\"Plakat wydarzenia\" \/>\n        <\/a>\n    <\/div>\n             \n    <div class=\"card-ticket__link\">\n        <a href=\"https:\/\/www.ebilet.pl\/muzyka\/festiwale\/roztanczony-narodowy\" class=\"button button--theme-primary-yellow button--withIconLeft button--size-small\">\n            <span class=\"button__icon icon icon-ticket\"><\/span>\n            <p class=\"button__text typo-16 f-600\">Kup bilet<\/p>\n        <\/a>\n    <\/div>\n    <\/div>                                    <\/div>\n                                <\/div>\n                                                            <div class=\"tickets-slider__sliderItem swiper-slide\"\n                                    data-id=\"210729\"\n                                    data-name=\"Gala French Touch 2026\"\n                                    data-brand=\"Mannequins Sp. z o.o.\"\n                                    data-category=\"muzyka\"\n                                    data-subcategory=\"festiwale\"\n                                    data-city=\"Warszawa\"\n                                    data-venue=\"Teatr Wielki Opera Narodowa\">\n                                    <div class=\"tickets-slider__sliderCard\">\n                                        \n<div class=\"card-ticket\">\n        <div class=\"card-ticket__image\">\n        <a href=\"https:\/\/www.ebilet.pl\/muzyka\/festiwale\/french-touch\">\n            <img decoding=\"async\" src=\"https:\/\/www.ebilet.pl\/media\/cms\/media\/1edkfpc3\/show-ft26_juillet_ebilet_552x736px-1.webp\" alt=\"Plakat wydarzenia\" \/>\n        <\/a>\n    <\/div>\n             \n    <div class=\"card-ticket__link\">\n        <a href=\"https:\/\/www.ebilet.pl\/muzyka\/festiwale\/french-touch\" class=\"button button--theme-primary-yellow button--withIconLeft button--size-small\">\n            <span class=\"button__icon icon icon-ticket\"><\/span>\n            <p class=\"button__text typo-16 f-600\">Kup bilet<\/p>\n        <\/a>\n    <\/div>\n    <\/div>                                    <\/div>\n                                <\/div>\n                                                            <div class=\"tickets-slider__sliderItem swiper-slide\"\n                                    data-id=\"18851\"\n                                    data-name=\"71. Krakowskie Zaduszki Jazzowe\"\n                                    data-brand=\"FUNDACJA KRAKOWSKIE ZADUSZKI JAZZOWE \"\n                                    data-category=\"muzyka\"\n                                    data-subcategory=\"festiwale\"\n                                    data-city=\"Krak\u00f3w\"\n                                    data-venue=\"Szko\u0142a Muzyczna I i II Stopnia im. Bronis\u0142awa Rutkowskiego\">\n                                    <div class=\"tickets-slider__sliderCard\">\n                                        \n<div class=\"card-ticket\">\n        <div class=\"card-ticket__image\">\n        <a href=\"https:\/\/www.ebilet.pl\/muzyka\/festiwale\/krakowskie-zaduszki-jazzowe\">\n            <img decoding=\"async\" src=\"https:\/\/www.ebilet.pl\/media\/cms\/media\/t5shocg4\/552x736_kzj_ebilet.webp\" alt=\"Plakat wydarzenia\" \/>\n        <\/a>\n    <\/div>\n             \n    <div class=\"card-ticket__link\">\n        <a href=\"https:\/\/www.ebilet.pl\/muzyka\/festiwale\/krakowskie-zaduszki-jazzowe\" class=\"button button--theme-primary-yellow button--withIconLeft button--size-small\">\n            <span class=\"button__icon icon icon-ticket\"><\/span>\n            <p class=\"button__text typo-16 f-600\">Kup bilet<\/p>\n        <\/a>\n    <\/div>\n    <\/div>                                    <\/div>\n                                <\/div>\n                                                            <div class=\"tickets-slider__sliderItem swiper-slide\"\n                                    data-id=\"6113\"\n                                    data-name=\"ENERGA Siesta Festival 2026\"\n                                    data-brand=\"Modern Look Sp. z o.o.\"\n                                    data-category=\"muzyka\"\n                                    data-subcategory=\"festiwale\"\n                                    data-city=\"Gdynia\"\n                                    data-venue=\"Teatr Muzyczny w Gdyni\">\n                                    <div class=\"tickets-slider__sliderCard\">\n                                        \n<div class=\"card-ticket\">\n        <div class=\"card-ticket__image\">\n        <a href=\"https:\/\/www.ebilet.pl\/muzyka\/festiwale\/siesta-festival\">\n            <img decoding=\"async\" src=\"https:\/\/www.ebilet.pl\/media\/cms\/media\/0ffd2pj3\/esf2026_ml_552x736-89047e11-f164-418e-90e7-66e903a66b9f.webp\" alt=\"Plakat wydarzenia\" \/>\n        <\/a>\n    <\/div>\n             \n    <div class=\"card-ticket__link\">\n        <a href=\"https:\/\/www.ebilet.pl\/muzyka\/festiwale\/siesta-festival\" class=\"button button--theme-primary-yellow button--withIconLeft button--size-small\">\n            <span class=\"button__icon icon icon-ticket\"><\/span>\n            <p class=\"button__text typo-16 f-600\">Kup bilet<\/p>\n        <\/a>\n    <\/div>\n    <\/div>                                    <\/div>\n                                <\/div>\n                                                            <div class=\"tickets-slider__sliderItem swiper-slide\"\n                                    data-id=\"16847\"\n                                    data-name=\"MAYDAY Poland: Iconic\"\n                                    data-brand=\"MOTIONMUSIC\"\n                                    data-category=\"muzyka\"\n                                    data-subcategory=\"festiwale\"\n                                    data-city=\"Katowice\"\n                                    data-venue=\"Hala Spodek\">\n                                    <div class=\"tickets-slider__sliderCard\">\n                                        \n<div class=\"card-ticket\">\n        <div class=\"card-ticket__image\">\n        <a href=\"https:\/\/www.ebilet.pl\/muzyka\/festiwale\/mayday\">\n            <img decoding=\"async\" src=\"https:\/\/www.ebilet.pl\/media\/cms\/media\/ym5dnhgf\/552x736-8f9d6f07-8bdf-4bd8-938f-d162a5f6503e.webp\" alt=\"Plakat wydarzenia\" \/>\n        <\/a>\n    <\/div>\n             \n    <div class=\"card-ticket__link\">\n        <a href=\"https:\/\/www.ebilet.pl\/muzyka\/festiwale\/mayday\" class=\"button button--theme-primary-yellow button--withIconLeft button--size-small\">\n            <span class=\"button__icon icon icon-ticket\"><\/span>\n            <p class=\"button__text typo-16 f-600\">Kup bilet<\/p>\n        <\/a>\n    <\/div>\n    <\/div>                                    <\/div>\n                                <\/div>\n                                                            <div class=\"tickets-slider__sliderItem swiper-slide\"\n                                    data-id=\"49432\"\n                                    data-name=\"Wroc\u0142aw Hip Hop Festival 2026\"\n                                    data-brand=\"Stowarzyszenie Planeta M\u0142odych\"\n                                    data-category=\"muzyka\"\n                                    data-subcategory=\"festiwale\"\n                                    data-city=\"Wroc\u0142aw\"\n                                    data-venue=\"Hala Stulecia\">\n                                    <div class=\"tickets-slider__sliderCard\">\n                                        \n<div class=\"card-ticket\">\n        <div class=\"card-ticket__image\">\n        <a href=\"https:\/\/www.ebilet.pl\/muzyka\/festiwale\/wroclaw-hip-hop-festival\">\n            <img decoding=\"async\" src=\"https:\/\/www.ebilet.pl\/media\/cms\/media\/qwgf1pnd\/ebilet-grafiki-whhf-552x736-8e19d2b4-c175-4191-beb1-4420348b361a.webp\" alt=\"Plakat wydarzenia\" \/>\n        <\/a>\n    <\/div>\n             \n    <div class=\"card-ticket__link\">\n        <a href=\"https:\/\/www.ebilet.pl\/muzyka\/festiwale\/wroclaw-hip-hop-festival\" class=\"button button--theme-primary-yellow button--withIconLeft button--size-small\">\n            <span class=\"button__icon icon icon-ticket\"><\/span>\n            <p class=\"button__text typo-16 f-600\">Kup bilet<\/p>\n        <\/a>\n    <\/div>\n    <\/div>                                    <\/div>\n                                <\/div>\n                                                            <div class=\"tickets-slider__sliderItem swiper-slide\"\n                                    data-id=\"127778\"\n                                    data-name=\"One Love Wroc\u0142aw Music Festival 2026\"\n                                    data-brand=\"Stowarzyszenie Planeta M\u0142odych\"\n                                    data-category=\"muzyka\"\n                                    data-subcategory=\"festiwale\"\n                                    data-city=\"Wroc\u0142aw\"\n                                    data-venue=\"Hala Stulecia\">\n                                    <div class=\"tickets-slider__sliderCard\">\n                                        \n<div class=\"card-ticket\">\n        <div class=\"card-ticket__image\">\n        <a href=\"https:\/\/www.ebilet.pl\/muzyka\/festiwale\/one-love-music-festival\">\n            <img decoding=\"async\" src=\"https:\/\/www.ebilet.pl\/media\/cms\/media\/4nvnbain\/0615-olmf-ebilet-552x736-6218c8ad-58ab-4115-b4b5-f00dd7619fa0.webp\" alt=\"Plakat wydarzenia\" \/>\n        <\/a>\n    <\/div>\n             \n    <div class=\"card-ticket__link\">\n        <a href=\"https:\/\/www.ebilet.pl\/muzyka\/festiwale\/one-love-music-festival\" class=\"button button--theme-primary-yellow button--withIconLeft button--size-small\">\n            <span class=\"button__icon icon icon-ticket\"><\/span>\n            <p class=\"button__text typo-16 f-600\">Kup bilet<\/p>\n        <\/a>\n    <\/div>\n    <\/div>                                    <\/div>\n                                <\/div>\n                                                            <div class=\"tickets-slider__sliderItem swiper-slide\"\n                                    data-id=\"172901\"\n                                    data-name=\"Hype Disco 80 Festiwal\"\n                                    data-brand=\"TARGREM SP\u00d3\u0141KA Z OGRANICZON\u0104 ODPOWIEDZIALNO\u015aCI\u0104\"\n                                    data-category=\"muzyka\"\n                                    data-subcategory=\"festiwale\"\n                                    data-city=\"Gda\u0144sk\/Sopot\"\n                                    data-venue=\"ERGO ARENA\">\n                                    <div class=\"tickets-slider__sliderCard\">\n                                        \n<div class=\"card-ticket\">\n        <div class=\"card-ticket__image\">\n        <a href=\"https:\/\/www.ebilet.pl\/muzyka\/festiwale\/hype-disco-festiwal\">\n            <img decoding=\"async\" src=\"https:\/\/www.ebilet.pl\/media\/cms\/media\/jbqezbwf\/552x736-1-58756d9d-0455-44f4-97e0-c75a13222aff.webp\" alt=\"Plakat wydarzenia\" \/>\n        <\/a>\n    <\/div>\n             \n    <div class=\"card-ticket__link\">\n        <a href=\"https:\/\/www.ebilet.pl\/muzyka\/festiwale\/hype-disco-festiwal\" class=\"button button--theme-primary-yellow button--withIconLeft button--size-small\">\n            <span class=\"button__icon icon icon-ticket\"><\/span>\n            <p class=\"button__text typo-16 f-600\">Kup bilet<\/p>\n        <\/a>\n    <\/div>\n    <\/div>                                    <\/div>\n                                <\/div>\n                                                            <div class=\"tickets-slider__sliderItem swiper-slide\"\n                                    data-id=\"207311\"\n                                    data-name=\"Hype Disco Festiwal 2026\"\n                                    data-brand=\"TARGREM SP\u00d3\u0141KA Z OGRANICZON\u0104 ODPOWIEDZIALNO\u015aCI\u0104\"\n                                    data-category=\"muzyka\"\n                                    data-subcategory=\"festiwale\"\n                                    data-city=\"Lublin, Szczecin\"\n                                    data-venue=\"Enea Arena\">\n                                    <div class=\"tickets-slider__sliderCard\">\n                                        \n<div class=\"card-ticket\">\n        <div class=\"card-ticket__image\">\n        <a href=\"https:\/\/www.ebilet.pl\/muzyka\/festiwale\/hype-disco\">\n            <img decoding=\"async\" src=\"https:\/\/www.ebilet.pl\/media\/cms\/media\/kevdcbmm\/552x736-22-05f18877-f560-46f1-a537-9e7c5f17f189.webp\" alt=\"Plakat wydarzenia\" \/>\n        <\/a>\n    <\/div>\n             \n    <div class=\"card-ticket__link\">\n        <a href=\"https:\/\/www.ebilet.pl\/muzyka\/festiwale\/hype-disco\" class=\"button button--theme-primary-yellow button--withIconLeft button--size-small\">\n            <span class=\"button__icon icon icon-ticket\"><\/span>\n            <p class=\"button__text typo-16 f-600\">Kup bilet<\/p>\n        <\/a>\n    <\/div>\n    <\/div>                                    <\/div>\n                                <\/div>\n                                                            <div class=\"tickets-slider__sliderItem swiper-slide\"\n                                    data-id=\"212643\"\n                                    data-name=\"90s Super Show\"\n                                    data-brand=\"Media.one GmbH\"\n                                    data-category=\"muzyka\"\n                                    data-subcategory=\"festiwale\"\n                                    data-city=\"Gda\u0144sk\/Sopot\"\n                                    data-venue=\"ERGO ARENA\">\n                                    <div class=\"tickets-slider__sliderCard\">\n                                        \n<div class=\"card-ticket\">\n        <div class=\"card-ticket__image\">\n        <a href=\"https:\/\/www.ebilet.pl\/muzyka\/festiwale\/90s-super-show\">\n            <img decoding=\"async\" src=\"https:\/\/www.ebilet.pl\/media\/cms\/media\/xhfiivjo\/ebilet_verticalcover_90ssupershow_gdansk_552x736px-3293cd54-76db-4930-884f-49774616ad3b.webp\" alt=\"Plakat wydarzenia\" \/>\n        <\/a>\n    <\/div>\n             \n    <div class=\"card-ticket__link\">\n        <a href=\"https:\/\/www.ebilet.pl\/muzyka\/festiwale\/90s-super-show\" class=\"button button--theme-primary-yellow button--withIconLeft button--size-small\">\n            <span class=\"button__icon icon icon-ticket\"><\/span>\n            <p class=\"button__text typo-16 f-600\">Kup bilet<\/p>\n        <\/a>\n    <\/div>\n    <\/div>                                    <\/div>\n                                <\/div>\n                                                    <\/div>\n                    <\/div>\n                <\/div>\n            <\/div>\n        <\/div>\n    <\/div>\n<\/section>\n\n\n<section class=\"text-block  section-margin-32\" >\n    <div class=\"container\">\n        <div class=\"row\">\n            <div class=\"col-24\">\n                <div class=\"text-block__content\"><h2><strong>Przes\u0105dy na lipiec \u2013 co mo\u017ce \u015bci\u0105gn\u0105\u0107 na ciebie pecha?<\/strong><\/h2>\n<p><span style=\"font-weight: 400;\">Lipiec to ulubiony miesi\u0105c wi\u0119kszo\u015bci m\u0142odzie\u017cy, a i niekt\u00f3rzy doro\u015bli go uwielbiaj\u0105. Warto jednak wiedzie\u0107, \u017ce\u2026 istniej\u0105 pewne przes\u0105dy zwi\u0105zane z tym miesi\u0105cem. Nie chcesz \u015bci\u0105gn\u0105\u0107 na siebie pecha, prawda? Wi\u0119c lepiej sprawd\u017a, w co dawniej wierzono (a niekt\u00f3rzy nadal w to wierz\u0105).\u00a0<\/span><\/p>\n<h3><strong>Nie wstawaj po godzinie 9.00<\/strong><\/h3>\n<p><span style=\"font-weight: 400;\">Wsta\u0142e\u015b kiedy\u015b lew\u0105 nog\u0105 i ca\u0142y tw\u00f3j dzie\u0144 by\u0142 \u2013 lekko m\u00f3wi\u0105c \u2013 do bani? W takim razie w lipcu trzymaj si\u0119 mocno, bo nie do\u015b\u0107, \u017ce nie warto wstawa\u0107 lew\u0105 nog\u0105, to jeszcze trzeba pilnowa\u0107 zegarka. Wstawanie po 9.00 mo\u017ce sprawi\u0107, \u017ce ca\u0142y tw\u00f3j dzie\u0144 b\u0119dzie kiepski. Los b\u0119dzie ci rzuca\u0142 k\u0142ody pod nogi (byle nie dos\u0142ownie!).\u00a0<\/span><\/p>\n<h3><strong>Nie ubieraj si\u0119 na czarno<\/strong><\/h3>\n<p><span style=\"font-weight: 400;\">Matka Natura, pradawni bogowie, \u015blepy los \u2013 ktokolwiek by to nie by\u0142, patrzy, jak si\u0119 ubierasz i tylko czeka, a\u017c w\u0142o\u017cysz czarne ubrania. Po co? Ano po to, by zes\u0142a\u0107 na ciebie trwaj\u0105ce ca\u0142y rok nieszcz\u0119\u015bcie. Tak\u017ce wybieraj kolory. Kolory ci\u0119 uratuj\u0105. Tak, czarny to te\u017c kolor, ale tym razem udajemy, \u017ce nie istnieje.<\/span><\/p>\n<h3><strong>Nie zabijaj paj\u0105k\u00f3w<\/strong><\/h3>\n<p><span style=\"font-weight: 400;\">M\u00f3wi si\u0119 o tym, \u017ce szcz\u0119\u015bliwy dom jest tam, gdzie s\u0105 paj\u0105ki. By\u0107 mo\u017ce to prawda, bo skoro ludzie nie maj\u0105 czasu na porz\u0105dne sprz\u0105tanie, to pewnie s\u0105 zaj\u0119ci fajniejszymi rzeczami. I dobrze! tym bardziej w lipcu. W lipcu bowiem pojawienie si\u0119 w domu paj\u0105ka zwiastuje kr\u00f3tkotrwa\u0142e opady, a pami\u0119tajmy, \u017ce im mniej b\u0119dzie pada\u0107, tym gorsze b\u0119d\u0105 plony i tym wy\u017csze b\u0119d\u0105 ceny warzyw i owoc\u00f3w.<\/span><\/p>\n<p><span style=\"font-weight: 400;\">Problem z tym, \u017ce wiele os\u00f3b zabija paj\u0105ki. Pomijaj\u0105c ju\u017c niepotrzebn\u0105 przemoc \u2013 zabicie paj\u0105ka w lipcu mo\u017ce sprawi\u0107, \u017ce pogoda zepsuje si\u0119 na d\u0142u\u017cej, np. na ca\u0142e lato. A tego nikt nie chce! Zabierz wi\u0119c szcz\u0119koczu\u0142kowca (prawda, \u017ce pi\u0119kna nazwa? To nazwa podtypu paj\u0105ka u\u017cywana w systematyce) na \u0142ono natury, niech \u017cyje dalej (i wpadnie raz na jaki\u015b czas, by zn\u00f3w popada\u0142o).<\/span><\/p>\n<h3><strong>Nie zbieraj grzyb\u00f3w<\/strong><\/h3>\n<p><span style=\"font-weight: 400;\">Lipiec to idealny czas na zbieranie grzyb\u00f3w, prawda? No w\u0142a\u015bnie nie! Wed\u0142ug przes\u0105d\u00f3w lepiej ich w tym miesi\u0105cu nie zbiera\u0107, bo to przyniesie susz\u0119. Ciekawe, jak si\u0119 to ma do grzybiarzy, kt\u00f3rzy po powrocie z lasu zabijaj\u0105 paj\u0105ki. Susza\u2026 d\u0142ugotrwa\u0142y deszcz\u2026 jak to po\u0142\u0105czy\u0107? A mo\u017ce lepiej nie pr\u00f3bowa\u0107\u2026 Ju\u017c par\u0119 ko\u0144c\u00f3w \u015bwiata prze\u017cyli\u015bmy, ale ten m\u00f3g\u0142by by\u0107 ostatnim.<\/span><\/p>\n<h3><strong>Nie sad\u017a lawendy<\/strong><\/h3>\n<p><span style=\"font-weight: 400;\">Lawenda zachwyca wiele os\u00f3b swoim zapachem i wygl\u0105dem. Z regu\u0142y sadzi si\u0119 j\u0105 we wrze\u015bniu i tego si\u0119 trzymajmy, bo posadzona w lipcu \u015bci\u0105gnie na ciebie nieszcz\u0119\u015bcie. Tego nie chcesz, prawda? Poczekaj wi\u0119c chocia\u017c do sierpnia.<\/span><\/p>\n<\/div>\n            <\/div>\n        <\/div>\n    <\/div>\n<\/section>\n\n\n<section class=\"tickets-slider  section-margin-32\"\n    data-tickets-slider\n    data-item-list-name=\"Karuzela z buttonami\"\n    data-item-list-id=\"karuzela_z_buttonami\"\n    >\n    <div class=\"container\">\n        <div class=\"row\">\n            <div class=\"col-24\">\n                <div class=\"tickets-slider__main\">\n                    <div class=\"tickets-slider__nav tickets-slider__nav--prev\">\n                        <div class=\"button button--withIcon button--theme-white-blur button--size-fixed-48\" data-tickets-slider-prev>\n                            <span class=\"button__icon icon icon-chevron-left\"><\/span>\n                        <\/div>\n                    <\/div>\n                    <div class=\"tickets-slider__nav tickets-slider__nav--next\">\n                        <div class=\"button button--withIcon button--theme-white-blur button--size-fixed-48\" data-tickets-slider-next>\n                            <span class=\"button__icon icon icon-chevron-right\"><\/span>\n                        <\/div>\n                    <\/div>\n                    <div class=\"tickets-slider__slider swiper\" data-tickets-slider-slider>\n                        <div class=\"tickets-slider__sliderWrapper swiper-wrapper\">\n                                                            <div class=\"tickets-slider__sliderItem swiper-slide\"\n                                    data-id=\"101157\"\n                                    data-name=\"Prezent urodzinowy\"\n                                    data-brand=\"Teatr Capitol\"\n                                    data-category=\"teatr\"\n                                    data-subcategory=\"komedia\"\n                                    data-city=\"\u0141\u00f3d\u017a, Pozna\u0144, Warszawa\"\n                                    data-venue=\"Teatr Capitol w Warszawie\">\n                                    <div class=\"tickets-slider__sliderCard\">\n                                        \n<div class=\"card-ticket\">\n        <div class=\"card-ticket__image\">\n        <a href=\"https:\/\/www.ebilet.pl\/teatr\/komedia\/prezent-urodzinowy-spektakl\">\n            <img decoding=\"async\" src=\"https:\/\/www.ebilet.pl\/media\/cms\/media\/rgjpyqfx\/prezent_552x736.webp\" alt=\"Plakat wydarzenia\" \/>\n        <\/a>\n    <\/div>\n             \n    <div class=\"card-ticket__link\">\n        <a href=\"https:\/\/www.ebilet.pl\/teatr\/komedia\/prezent-urodzinowy-spektakl\" class=\"button button--theme-primary-yellow button--withIconLeft button--size-small\">\n            <span class=\"button__icon icon icon-ticket\"><\/span>\n            <p class=\"button__text typo-16 f-600\">Kup bilet<\/p>\n        <\/a>\n    <\/div>\n    <\/div>                                    <\/div>\n                                <\/div>\n                                                            <div class=\"tickets-slider__sliderItem swiper-slide\"\n                                    data-id=\"117690\"\n                                    data-name=\"SIX\"\n                                    data-brand=\"Teatr Syrena\"\n                                    data-category=\"teatr\"\n                                    data-subcategory=\"musicale\"\n                                    data-city=\"Warszawa\"\n                                    data-venue=\"Teatr Syrena w Warszawie\">\n                                    <div class=\"tickets-slider__sliderCard\">\n                                        \n<div class=\"card-ticket\">\n        <div class=\"card-ticket__image\">\n        <a href=\"https:\/\/www.ebilet.pl\/teatr\/musicale\/six\">\n            <img decoding=\"async\" src=\"https:\/\/www.ebilet.pl\/media\/cms\/media\/mgbntumn\/six-552x736-1-8245f98e-00ce-4850-bc6f-d6869745856e.webp\" alt=\"Plakat wydarzenia\" \/>\n        <\/a>\n    <\/div>\n             \n    <div class=\"card-ticket__link\">\n        <a href=\"https:\/\/www.ebilet.pl\/teatr\/musicale\/six\" class=\"button button--theme-primary-yellow button--withIconLeft button--size-small\">\n            <span class=\"button__icon icon icon-ticket\"><\/span>\n            <p class=\"button__text typo-16 f-600\">Kup bilet<\/p>\n        <\/a>\n    <\/div>\n    <\/div>                                    <\/div>\n                                <\/div>\n                                                            <div class=\"tickets-slider__sliderItem swiper-slide\"\n                                    data-id=\"15829\"\n                                    data-name=\"Pikantni\"\n                                    data-brand=\"Adria Art\"\n                                    data-category=\"teatr\"\n                                    data-subcategory=\"komedia\"\n                                    data-city=\"Bydgoszcz, Warszawa, Wroc\u0142aw\"\n                                    data-venue=\"Impart Centrum\">\n                                    <div class=\"tickets-slider__sliderCard\">\n                                        \n<div class=\"card-ticket\">\n        <div class=\"card-ticket__image\">\n        <a href=\"https:\/\/www.ebilet.pl\/teatr\/komedia\/pikantni\">\n            <img decoding=\"async\" src=\"https:\/\/www.ebilet.pl\/media\/cms\/media\/ffufwqsi\/ebilet_552x736_pikantni-nowe1mj-25c5b722-fb11-4831-b1c4-cd23cef97aa8.webp\" alt=\"Plakat wydarzenia\" \/>\n        <\/a>\n    <\/div>\n             \n    <div class=\"card-ticket__link\">\n        <a href=\"https:\/\/www.ebilet.pl\/teatr\/komedia\/pikantni\" class=\"button button--theme-primary-yellow button--withIconLeft button--size-small\">\n            <span class=\"button__icon icon icon-ticket\"><\/span>\n            <p class=\"button__text typo-16 f-600\">Kup bilet<\/p>\n        <\/a>\n    <\/div>\n    <\/div>                                    <\/div>\n                                <\/div>\n                                                            <div class=\"tickets-slider__sliderItem swiper-slide\"\n                                    data-id=\"102049\"\n                                    data-name=\"\u017cONa\"\n                                    data-brand=\"SPEKTAKLOVE Sp. z o.o\"\n                                    data-category=\"teatr\"\n                                    data-subcategory=\"komedia\"\n                                    data-city=\"Warszawa\"\n                                    data-venue=\"Scena Relax\">\n                                    <div class=\"tickets-slider__sliderCard\">\n                                        \n<div class=\"card-ticket\">\n        <div class=\"card-ticket__image\">\n        <a href=\"https:\/\/www.ebilet.pl\/teatr\/komedia\/zona\">\n            <img decoding=\"async\" src=\"https:\/\/www.ebilet.pl\/media\/cms\/media\/zr1hjtue\/552x736-18.webp\" alt=\"Plakat wydarzenia\" \/>\n        <\/a>\n    <\/div>\n             \n    <div class=\"card-ticket__link\">\n        <a href=\"https:\/\/www.ebilet.pl\/teatr\/komedia\/zona\" class=\"button button--theme-primary-yellow button--withIconLeft button--size-small\">\n            <span class=\"button__icon icon icon-ticket\"><\/span>\n            <p class=\"button__text typo-16 f-600\">Kup bilet<\/p>\n        <\/a>\n    <\/div>\n    <\/div>                                    <\/div>\n                                <\/div>\n                                                            <div class=\"tickets-slider__sliderItem swiper-slide\"\n                                    data-id=\"132362\"\n                                    data-name=\"Petarda\"\n                                    data-brand=\"Teatr Kamienica\"\n                                    data-category=\"teatr\"\n                                    data-subcategory=\"komedia\"\n                                    data-city=\"Warszawa\"\n                                    data-venue=\"Teatr Kamienica w Warszawie\">\n                                    <div class=\"tickets-slider__sliderCard\">\n                                        \n<div class=\"card-ticket\">\n        <div class=\"card-ticket__image\">\n        <a href=\"https:\/\/www.ebilet.pl\/teatr\/komedia\/petarda\">\n            <img decoding=\"async\" src=\"https:\/\/www.ebilet.pl\/media\/cms\/media\/c45hsjdg\/22-8ac61c9c-bc5c-472a-b15b-6e6eec4dbec8.webp\" alt=\"Plakat wydarzenia\" \/>\n        <\/a>\n    <\/div>\n             \n    <div class=\"card-ticket__link\">\n        <a href=\"https:\/\/www.ebilet.pl\/teatr\/komedia\/petarda\" class=\"button button--theme-primary-yellow button--withIconLeft button--size-small\">\n            <span class=\"button__icon icon icon-ticket\"><\/span>\n            <p class=\"button__text typo-16 f-600\">Kup bilet<\/p>\n        <\/a>\n    <\/div>\n    <\/div>                                    <\/div>\n                                <\/div>\n                                                            <div class=\"tickets-slider__sliderItem swiper-slide\"\n                                    data-id=\"73608\"\n                                    data-name=\"ART\"\n                                    data-brand=\"Teatr 6.pi\u0119tro\"\n                                    data-category=\"teatr\"\n                                    data-subcategory=\"komedia\"\n                                    data-city=\"Warszawa\"\n                                    data-venue=\"Teatr 6. pi\u0119tro w Warszawie\">\n                                    <div class=\"tickets-slider__sliderCard\">\n                                        \n<div class=\"card-ticket\">\n        <div class=\"card-ticket__image\">\n        <a href=\"https:\/\/www.ebilet.pl\/teatr\/komedia\/art\">\n            <img decoding=\"async\" src=\"https:\/\/www.ebilet.pl\/media\/cms\/media\/4gwhn4gh\/430x560_ebilet-1-ef615e43-3591-eead-3b03-8cee0d6c7fda.webp\" alt=\"Plakat wydarzenia\" \/>\n        <\/a>\n    <\/div>\n             \n    <div class=\"card-ticket__link\">\n        <a href=\"https:\/\/www.ebilet.pl\/teatr\/komedia\/art\" class=\"button button--theme-primary-yellow button--withIconLeft button--size-small\">\n            <span class=\"button__icon icon icon-ticket\"><\/span>\n            <p class=\"button__text typo-16 f-600\">Kup bilet<\/p>\n        <\/a>\n    <\/div>\n    <\/div>                                    <\/div>\n                                <\/div>\n                                                            <div class=\"tickets-slider__sliderItem swiper-slide\"\n                                    data-id=\"163993\"\n                                    data-name=\"Wicked\"\n                                    data-brand=\"Teatr Muzyczny Roma\"\n                                    data-category=\"teatr\"\n                                    data-subcategory=\"musicale\"\n                                    data-city=\"Warszawa\"\n                                    data-venue=\"Teatr Muzyczny ROMA w Warszawie\">\n                                    <div class=\"tickets-slider__sliderCard\">\n                                        \n<div class=\"card-ticket\">\n        <div class=\"card-ticket__image\">\n        <a href=\"https:\/\/www.ebilet.pl\/teatr\/musicale\/wicked\">\n            <img decoding=\"async\" src=\"https:\/\/www.ebilet.pl\/media\/cms\/media\/t1vbgs4w\/552x736_wickeduniejow-5b08a259-81c1-4704-a3d9-3086b7766d96.webp\" alt=\"Plakat wydarzenia\" \/>\n        <\/a>\n    <\/div>\n             \n    <div class=\"card-ticket__link\">\n        <a href=\"https:\/\/www.ebilet.pl\/teatr\/musicale\/wicked\" class=\"button button--theme-primary-yellow button--withIconLeft button--size-small\">\n            <span class=\"button__icon icon icon-ticket\"><\/span>\n            <p class=\"button__text typo-16 f-600\">Kup bilet<\/p>\n        <\/a>\n    <\/div>\n    <\/div>                                    <\/div>\n                                <\/div>\n                                                            <div class=\"tickets-slider__sliderItem swiper-slide\"\n                                    data-id=\"207263\"\n                                    data-name=\"Antropologia\"\n                                    data-brand=\"Fundacja \u017bebrowski i Korin na rzecz Kultury\"\n                                    data-category=\"teatr\"\n                                    data-subcategory=\"tragedia-dramat\"\n                                    data-city=\"Warszawa\"\n                                    data-venue=\"Teatr 6. pi\u0119tro w Warszawie\">\n                                    <div class=\"tickets-slider__sliderCard\">\n                                        \n<div class=\"card-ticket\">\n        <div class=\"card-ticket__image\">\n        <a href=\"https:\/\/www.ebilet.pl\/teatr\/tragedia-dramat\/antropologia\">\n            <img decoding=\"async\" src=\"https:\/\/www.ebilet.pl\/media\/cms\/media\/tclh4t4p\/ebilet-antropologia-552-x-736-1f21ab03-5a22-48a2-a96c-eec0d9a8c3bf.webp\" alt=\"Plakat wydarzenia\" \/>\n        <\/a>\n    <\/div>\n             \n    <div class=\"card-ticket__link\">\n        <a href=\"https:\/\/www.ebilet.pl\/teatr\/tragedia-dramat\/antropologia\" class=\"button button--theme-primary-yellow button--withIconLeft button--size-small\">\n            <span class=\"button__icon icon icon-ticket\"><\/span>\n            <p class=\"button__text typo-16 f-600\">Kup bilet<\/p>\n        <\/a>\n    <\/div>\n    <\/div>                                    <\/div>\n                                <\/div>\n                                                            <div class=\"tickets-slider__sliderItem swiper-slide\"\n                                    data-id=\"176641\"\n                                    data-name=\"Wspania\u0142e Horyzonty\"\n                                    data-brand=\"Teatr 6.pi\u0119tro\"\n                                    data-category=\"teatr\"\n                                    data-subcategory=\"tragedia-dramat\"\n                                    data-city=\"Warszawa\"\n                                    data-venue=\"Teatr 6. pi\u0119tro w Warszawie\">\n                                    <div class=\"tickets-slider__sliderCard\">\n                                        \n<div class=\"card-ticket\">\n        <div class=\"card-ticket__image\">\n        <a href=\"https:\/\/www.ebilet.pl\/teatr\/tragedia-dramat\/wspaniale-horyzonty\">\n            <img decoding=\"async\" src=\"https:\/\/www.ebilet.pl\/media\/cms\/media\/t0aptjvd\/552x736.webp\" alt=\"Plakat wydarzenia\" \/>\n        <\/a>\n    <\/div>\n             \n    <div class=\"card-ticket__link\">\n        <a href=\"https:\/\/www.ebilet.pl\/teatr\/tragedia-dramat\/wspaniale-horyzonty\" class=\"button button--theme-primary-yellow button--withIconLeft button--size-small\">\n            <span class=\"button__icon icon icon-ticket\"><\/span>\n            <p class=\"button__text typo-16 f-600\">Kup bilet<\/p>\n        <\/a>\n    <\/div>\n    <\/div>                                    <\/div>\n                                <\/div>\n                                                            <div class=\"tickets-slider__sliderItem swiper-slide\"\n                                    data-id=\"167296\"\n                                    data-name=\"Widelec w g\u0142owie\"\n                                    data-brand=\"Teatr Kamienica\"\n                                    data-category=\"teatr\"\n                                    data-subcategory=\"komedia\"\n                                    data-city=\"Cz\u0119stochowa, Lublin, Warszawa\"\n                                    data-venue=\"Teatr Kamienica w Warszawie\">\n                                    <div class=\"tickets-slider__sliderCard\">\n                                        \n<div class=\"card-ticket\">\n        <div class=\"card-ticket__image\">\n        <a href=\"https:\/\/www.ebilet.pl\/teatr\/komedia\/widelec-w-glowie\">\n            <img decoding=\"async\" src=\"https:\/\/www.ebilet.pl\/media\/cms\/media\/5bgf1f3y\/552x736-ebilet_portal-b817cbef-cfee-4924-a62b-49e76f0bdab0.webp\" alt=\"Plakat wydarzenia\" \/>\n        <\/a>\n    <\/div>\n             \n    <div class=\"card-ticket__link\">\n        <a href=\"https:\/\/www.ebilet.pl\/teatr\/komedia\/widelec-w-glowie\" class=\"button button--theme-primary-yellow button--withIconLeft button--size-small\">\n            <span class=\"button__icon icon icon-ticket\"><\/span>\n            <p class=\"button__text typo-16 f-600\">Kup bilet<\/p>\n        <\/a>\n    <\/div>\n    <\/div>                                    <\/div>\n                                <\/div>\n                                                            <div class=\"tickets-slider__sliderItem swiper-slide\"\n                                    data-id=\"210480\"\n                                    data-name=\"Co na to Maria? (Ma\u0142a Scena Teatru Warszawa)\"\n                                    data-brand=\"Teatr Komedia\"\n                                    data-category=\"teatr\"\n                                    data-subcategory=\"komedia\"\n                                    data-city=\"Warszawa\"\n                                    data-venue=\"Teatr Komedia w Warszawie\">\n                                    <div class=\"tickets-slider__sliderCard\">\n                                        \n<div class=\"card-ticket\">\n        <div class=\"card-ticket__image\">\n        <a href=\"https:\/\/www.ebilet.pl\/teatr\/komedia\/co-na-to-maria\">\n            <img decoding=\"async\" src=\"https:\/\/www.ebilet.pl\/media\/cms\/media\/yzffvfug\/552x736-e-bilet-1-b7d1d983-f619-4dfc-88f9-eb06752146af.webp\" alt=\"Plakat wydarzenia\" \/>\n        <\/a>\n    <\/div>\n             \n    <div class=\"card-ticket__link\">\n        <a href=\"https:\/\/www.ebilet.pl\/teatr\/komedia\/co-na-to-maria\" class=\"button button--theme-primary-yellow button--withIconLeft button--size-small\">\n            <span class=\"button__icon icon icon-ticket\"><\/span>\n            <p class=\"button__text typo-16 f-600\">Kup bilet<\/p>\n        <\/a>\n    <\/div>\n    <\/div>                                    <\/div>\n                                <\/div>\n                                                            <div class=\"tickets-slider__sliderItem swiper-slide\"\n                                    data-id=\"200752\"\n                                    data-name=\"Wszyscy m\u00f3wi\u0105 o Jamiem\"\n                                    data-brand=\"Teatr Syrena\"\n                                    data-category=\"teatr\"\n                                    data-subcategory=\"musicale\"\n                                    data-city=\"Warszawa\"\n                                    data-venue=\"Teatr Syrena w Warszawie\">\n                                    <div class=\"tickets-slider__sliderCard\">\n                                        \n<div class=\"card-ticket\">\n        <div class=\"card-ticket__image\">\n        <a href=\"https:\/\/www.ebilet.pl\/teatr\/musicale\/wszyscy-mowia-o-jamiem\">\n            <img decoding=\"async\" src=\"https:\/\/www.ebilet.pl\/media\/cms\/media\/3t4bpibb\/552-x-736.webp\" alt=\"Plakat wydarzenia\" \/>\n        <\/a>\n    <\/div>\n             \n    <div class=\"card-ticket__link\">\n        <a href=\"https:\/\/www.ebilet.pl\/teatr\/musicale\/wszyscy-mowia-o-jamiem\" class=\"button button--theme-primary-yellow button--withIconLeft button--size-small\">\n            <span class=\"button__icon icon icon-ticket\"><\/span>\n            <p class=\"button__text typo-16 f-600\">Kup bilet<\/p>\n        <\/a>\n    <\/div>\n    <\/div>                                    <\/div>\n                                <\/div>\n                                                            <div class=\"tickets-slider__sliderItem swiper-slide\"\n                                    data-id=\"144371\"\n                                    data-name=\"Kim jest pan Schmitt?\"\n                                    data-brand=\"Wydzia\u0142 Produkcji Karol Bytner Sp. kom\"\n                                    data-category=\"teatr\"\n                                    data-subcategory=\"komedia\"\n                                    data-city=\"Warszawa\"\n                                    data-venue=\"Scena Ma\u0142a Warszawa\">\n                                    <div class=\"tickets-slider__sliderCard\">\n                                        \n<div class=\"card-ticket\">\n        <div class=\"card-ticket__image\">\n        <a href=\"https:\/\/www.ebilet.pl\/teatr\/komedia\/kim-jest-pan-schmitt\">\n            <img decoding=\"async\" src=\"https:\/\/www.ebilet.pl\/media\/cms\/media\/ytlblzlw\/kjps-522x736-1-8274b824-22c0-41b7-8c90-3084861dc7a2.webp\" alt=\"Plakat wydarzenia\" \/>\n        <\/a>\n    <\/div>\n             \n    <div class=\"card-ticket__link\">\n        <a href=\"https:\/\/www.ebilet.pl\/teatr\/komedia\/kim-jest-pan-schmitt\" class=\"button button--theme-primary-yellow button--withIconLeft button--size-small\">\n            <span class=\"button__icon icon icon-ticket\"><\/span>\n            <p class=\"button__text typo-16 f-600\">Kup bilet<\/p>\n        <\/a>\n    <\/div>\n    <\/div>                                    <\/div>\n                                <\/div>\n                                                            <div class=\"tickets-slider__sliderItem swiper-slide\"\n                                    data-id=\"211340\"\n                                    data-name=\"Wielki Gatsby\"\n                                    data-brand=\"Teatr Muzyczny Roma\"\n                                    data-category=\"teatr\"\n                                    data-subcategory=\"musicale\"\n                                    data-city=\"\"\n                                    data-venue=\"\">\n                                    <div class=\"tickets-slider__sliderCard\">\n                                        \n<div class=\"card-ticket\">\n        <div class=\"card-ticket__image\">\n        <a href=\"https:\/\/www.ebilet.pl\/teatr\/musicale\/wielki-gatsby\">\n            <img decoding=\"async\" src=\"https:\/\/www.ebilet.pl\/media\/cms\/media\/5eihaojx\/552x736-c1222f1c-09f0-4f58-a3ca-98b5badf4b8b.webp\" alt=\"Plakat wydarzenia\" \/>\n        <\/a>\n    <\/div>\n             \n    <div class=\"card-ticket__link\">\n        <a href=\"https:\/\/www.ebilet.pl\/teatr\/musicale\/wielki-gatsby\" class=\"button button--theme-primary-yellow button--withIconLeft button--size-small\">\n            <span class=\"button__icon icon icon-ticket\"><\/span>\n            <p class=\"button__text typo-16 f-600\">Kup bilet<\/p>\n        <\/a>\n    <\/div>\n    <\/div>                                    <\/div>\n                                <\/div>\n                                                            <div class=\"tickets-slider__sliderItem swiper-slide\"\n                                    data-id=\"186039\"\n                                    data-name=\"P\u00f3\u0142 \u017cartem\u2026\"\n                                    data-brand=\"Teatr Capitol\"\n                                    data-category=\"teatr\"\n                                    data-subcategory=\"komedia\"\n                                    data-city=\"Warszawa\"\n                                    data-venue=\"Teatr Capitol w Warszawie\">\n                                    <div class=\"tickets-slider__sliderCard\">\n                                        \n<div class=\"card-ticket\">\n        <div class=\"card-ticket__image\">\n        <a href=\"https:\/\/www.ebilet.pl\/teatr\/komedia\/pol-zartem\">\n            <img decoding=\"async\" src=\"https:\/\/www.ebilet.pl\/media\/cms\/media\/5oop4zeq\/552x736_polzartem_obsada_ebilet-capitol-979af2a8-bd49-4feb-a7f7-79ffd9bea75c.webp\" alt=\"Plakat wydarzenia\" \/>\n        <\/a>\n    <\/div>\n             \n    <div class=\"card-ticket__link\">\n        <a href=\"https:\/\/www.ebilet.pl\/teatr\/komedia\/pol-zartem\" class=\"button button--theme-primary-yellow button--withIconLeft button--size-small\">\n            <span class=\"button__icon icon icon-ticket\"><\/span>\n            <p class=\"button__text typo-16 f-600\">Kup bilet<\/p>\n        <\/a>\n    <\/div>\n    <\/div>                                    <\/div>\n                                <\/div>\n                                                            <div class=\"tickets-slider__sliderItem swiper-slide\"\n                                    data-id=\"187000\"\n                                    data-name=\"Genialny pomys\u0142\"\n                                    data-brand=\"Teatr Capitol\"\n                                    data-category=\"teatr\"\n                                    data-subcategory=\"komedia\"\n                                    data-city=\"Kalisz, Krak\u00f3w, \u0141\u00f3d\u017a i inne\"\n                                    data-venue=\"Teatr Capitol w Warszawie\">\n                                    <div class=\"tickets-slider__sliderCard\">\n                                        \n<div class=\"card-ticket\">\n        <div class=\"card-ticket__image\">\n        <a href=\"https:\/\/www.ebilet.pl\/teatr\/komedia\/genialny-pomysl\">\n            <img decoding=\"async\" src=\"https:\/\/www.ebilet.pl\/media\/cms\/media\/qndopst0\/552x736-genialne_twarze-41105c5f-9c14-45fb-9ddc-d47affc903aa.webp\" alt=\"Plakat wydarzenia\" \/>\n        <\/a>\n    <\/div>\n             \n    <div class=\"card-ticket__link\">\n        <a href=\"https:\/\/www.ebilet.pl\/teatr\/komedia\/genialny-pomysl\" class=\"button button--theme-primary-yellow button--withIconLeft button--size-small\">\n            <span class=\"button__icon icon icon-ticket\"><\/span>\n            <p class=\"button__text typo-16 f-600\">Kup bilet<\/p>\n        <\/a>\n    <\/div>\n    <\/div>                                    <\/div>\n                                <\/div>\n                                                            <div class=\"tickets-slider__sliderItem swiper-slide\"\n                                    data-id=\"42653\"\n                                    data-name=\"Bo\u017cyszcze Kobiet\"\n                                    data-brand=\"Teatr Capitol\"\n                                    data-category=\"teatr\"\n                                    data-subcategory=\"komedia\"\n                                    data-city=\"Gda\u0144sk, Krak\u00f3w, Lublin i inne\"\n                                    data-venue=\"Teatr Capitol w Warszawie\">\n                                    <div class=\"tickets-slider__sliderCard\">\n                                        \n<div class=\"card-ticket\">\n        <div class=\"card-ticket__image\">\n        <a href=\"https:\/\/www.ebilet.pl\/teatr\/komedia\/bozyszcze-kobiet\">\n            <img decoding=\"async\" src=\"https:\/\/www.ebilet.pl\/media\/cms\/media\/lv0n1ic1\/ebilet-552x736_1-bozyszcze-poprawki-64693a13-8531-4ac5-8f78-e247651a3fba.webp\" alt=\"Plakat wydarzenia\" \/>\n        <\/a>\n    <\/div>\n             \n    <div class=\"card-ticket__link\">\n        <a href=\"https:\/\/www.ebilet.pl\/teatr\/komedia\/bozyszcze-kobiet\" class=\"button button--theme-primary-yellow button--withIconLeft button--size-small\">\n            <span class=\"button__icon icon icon-ticket\"><\/span>\n            <p class=\"button__text typo-16 f-600\">Kup bilet<\/p>\n        <\/a>\n    <\/div>\n    <\/div>                                    <\/div>\n                                <\/div>\n                                                    <\/div>\n                    <\/div>\n                <\/div>\n            <\/div>\n        <\/div>\n    <\/div>\n<\/section>\n\n\n<section class=\"text-block  section-margin-32\" >\n    <div class=\"container\">\n        <div class=\"row\">\n            <div class=\"col-24\">\n                <div class=\"text-block__content\"><h2><strong>Przes\u0105dy na sierpie\u0144<\/strong><\/h2>\n<p><span style=\"font-weight: 400;\">A na co warto uwa\u017ca\u0107 w sierpniu? Co zrobi\u0107, by zapewni\u0107 sobie szcz\u0119\u015bcie?<\/span><\/p>\n<h3><strong>Bukiet na 15 sierpnia<\/strong><\/h3>\n<p><span style=\"font-weight: 400;\">15 sierpnia wypada \u015bwi\u0119to Matki Boskiej Zielnej. Ludzie udaj\u0105 si\u0119 wtedy do ko\u015bcio\u0142a, by po\u015bwi\u0119ci\u0107 owoce, warzywa, zio\u0142a i inne ro\u015bliny, kt\u00f3rych u\u017cywaj\u0105 w domostwie. Mog\u0105 by\u0107 u\u0142o\u017cone w bukiet lub w koszu z darami. Ro\u015bliny te nie mog\u0105 by\u0107 jednak przypadkowe! Je\u015bli w\u0142o\u017cysz tam ga\u0142\u0105zki lub kwiaty ziemniak\u00f3w, koniczyn\u0119 lub lucern\u0119 \u2013 \u015bci\u0105gniesz na siebie nieszcz\u0119\u015bcie i bied\u0119.<\/span><\/p>\n<p><span style=\"font-weight: 400;\">Dlaczego? Bo wed\u0142ug zwyczaju nie powinni\u015bmy \u015bwi\u0119ci\u0107 ro\u015blin pastewnych (tak przynajmniej wierzyli ch\u0142opi przed XIX wiekiem). Ponadto w ten dzie\u0144 nie mo\u017cna by\u0142o je\u015b\u0107 ani ziemniak\u00f3w, ani lucerny czy koniczyny.\u00a0<\/span><\/p>\n<h3><strong>Zjedz chleb ze \u015bwie\u017cego ziarna<\/strong><\/h3>\n<p><span style=\"font-weight: 400;\">W sierpniu wypada \u015bwi\u0119to ludowe \u2013 Spas\u00f3wki. Dawniej by\u0142o ono obchodzone hucznie przez S\u0142owian, a dzi\u015b niestety niewiele os\u00f3b o nim pami\u0119ta (pr\u0119dzej kto\u015b ze wsi, ani\u017celi z miasta. Najbardziej popularne to \u015bwi\u0119to jest na Bia\u0142orusi, cho\u0107 i tam odchodzi w zapomnienie). \u015awi\u0119to to jest zwi\u0105zane ze \u017cniwami, dlatego te\u017c 29 sierpnia powiniene\u015b zje\u015b\u0107 chleb ze \u015bwie\u017cego ziarna. Najlepiej niech to b\u0119dzie w\u0142asnor\u0119cznie przygotowany bochen (ale ujdzie i taki ze sklepu). To zapewni ci pomy\u015blno\u015b\u0107. Je\u015bli tego nie zrobisz, \u015bci\u0105gniesz na siebie pecha.<\/span><\/p>\n<\/div>\n            <\/div>\n        <\/div>\n    <\/div>\n<\/section>\n\n\n<section class=\"image-block  section-margin-32\" >\n        <div class=\"container\">\n        <div class=\"row\">\n            <div class=\"col-24\">\n                                <div class=\"image-block__container\">\n                    <div class=\"image-block__wrapper\"><img loading=\"lazy\" decoding=\"async\" width=\"1920\" height=\"1080\" src=\"https:\/\/www.ebilet.pl\/now\/app\/uploads\/2026\/04\/piknik_Desktop.jpg\" class=\"attachment-full size-full\" alt=\"\" srcset=\"https:\/\/www.ebilet.pl\/now\/app\/uploads\/2026\/04\/piknik_Desktop.jpg 1920w, https:\/\/www.ebilet.pl\/now\/app\/uploads\/2026\/04\/piknik_Desktop-1024x576.jpg 1024w, https:\/\/www.ebilet.pl\/now\/app\/uploads\/2026\/04\/piknik_Desktop-1536x864.jpg 1536w, https:\/\/www.ebilet.pl\/now\/app\/uploads\/2026\/04\/piknik_Desktop-1280x720.jpg 1280w, https:\/\/www.ebilet.pl\/now\/app\/uploads\/2026\/04\/piknik_Desktop-500x281.jpg 500w, https:\/\/www.ebilet.pl\/now\/app\/uploads\/2026\/04\/piknik_Desktop-632x356.jpg 632w, https:\/\/www.ebilet.pl\/now\/app\/uploads\/2026\/04\/piknik_Desktop-308x174.jpg 308w\" sizes=\"auto, (max-width: 1920px) 100vw, 1920px\" \/><\/div>\n                                            <div class=\"image-block__caption typo-12\">Fot. Shutterstock\/Meteoritka\n<\/div>\n                                    <\/div>\n                            <\/div>\n        <\/div>\n    <\/div>\n<\/section>\n\n\n<section class=\"text-block  section-margin-32\" >\n    <div class=\"container\">\n        <div class=\"row\">\n            <div class=\"col-24\">\n                <div class=\"text-block__content\"><h2><strong>Przes\u0105dy na temat pogody latem (i nie tylko)<\/strong><\/h2>\n<p><span style=\"font-weight: 400;\">Warto uwa\u017ca\u0107 nie tylko na to, jak si\u0119 ubieramy i jak post\u0119pujemy z r\u00f3\u017cnego rodzaju ro\u015blinami, ale r\u00f3wnie\u017c na to, jaka zapowiada si\u0119 pogoda. W ko\u0144cu nie codziennie spotyka si\u0119 paj\u0105ki czy zbiera grzyby w lipcu (ju\u017c wiesz, \u017ce lepiej tego nie robi\u0107!). Jak jeszcze mo\u017cna przewidzie\u0107 pogod\u0119? Sprawd\u017amy!<\/span><\/p>\n<h3><strong>Co zwiastuje czerwony zach\u00f3d s\u0142o\u0144ca?<\/strong><\/h3>\n<p><span style=\"font-weight: 400;\">Jego z przys\u0142\u00f3w brzmi tak: <\/span><i><span style=\"font-weight: 400;\">Gdy czerwone s\u0142o\u0144ce wschodzi w marynarzu boja\u017a\u0144 si\u0119 rodzi. Lecz gdy czerwie\u0144 o zachodzie, wie marynarz o pogodzie<\/span><\/i><span style=\"font-weight: 400;\">.\u00a0<\/span><\/p>\n<p><span style=\"font-weight: 400;\">Oznacza ono, \u017ce gdy danego wieczora zobaczysz czerwony zach\u00f3d s\u0142o\u0144ca, kolejnego dnia mo\u017cesz spodziewa\u0107 si\u0119 pi\u0119knej pogody.\u00a0<\/span><\/p>\n<p><span style=\"font-weight: 400;\">Zupe\u0142nym tego przeciwie\u0144stwem jest czerwony wsch\u00f3d s\u0142o\u0144ca, kt\u00f3ry zapowiada zmian\u0119 front\u00f3w atmosferycznych i \u2013 co za tym idzie \u2013 pogorszenie pogody, np. deszcz czy spadek temperatury.\u00a0<\/span><\/p>\n<h3><strong>Bol\u0105 ci\u0119 ko\u015bci? Zmieni si\u0119 pogoda<\/strong><\/h3>\n<p><span style=\"font-weight: 400;\">\u015amiejemy si\u0119 ze starszych ludzi, \u017ce b\u00f3l ich ko\u015bci pozwala przewidzie\u0107 pogod\u0119 w najbli\u017cszych dniach. \u015amiejemy si\u0119, ale tylko do czasu, a\u017c sami nie przekroczymy magicznej granicy \u201cstaro\u015bci\u201d, czyli\u2026 trzydziestki. Ju\u017c w okolicach urodzin nasze ko\u015bci zaczynaj\u0105 posiada\u0107 t\u0119 cenn\u0105 umiej\u0119tno\u015b\u0107.\u00a0<\/span><\/p>\n<p><span style=\"font-weight: 400;\">Oczywi\u015bcie \u017cartujemy. Troch\u0119. By\u0107 mo\u017ce.<\/span><\/p>\n<p><span style=\"font-weight: 400;\">B\u00f3l w ko\u015bciach mo\u017ce wynika\u0107 ze zmieniaj\u0105cej si\u0119 pogody, g\u0142\u00f3wnie wilgotno\u015bci powietrza i ci\u015bnienia atmosferycznego. Najcz\u0119\u015bciej doskwiera on osobom, kt\u00f3re przesz\u0142y urazy ko\u015bci, a tak\u017ce tym, kt\u00f3re cierpi\u0105 na artretyzm.\u00a0<\/span><\/p>\n<p><span style=\"font-weight: 400;\">Niestety, jak na razie badaczom nie uda\u0142o si\u0119 tej zale\u017cno\u015bci udowodni\u0107, cho\u0107 pr\u00f3bowali.\u00a0<\/span><\/p>\n<h3><strong>Odliczaj sekundy mi\u0119dzy b\u0142yskawic\u0105 a grzmotem<\/strong><\/h3>\n<p><span style=\"font-weight: 400;\">Jak m\u00f3wi s\u0142ynny Zygzak McQueen \u201cPrzed grzmotem zawsze jest b\u0142yskawica\u201d. Chocia\u017c Marek \u201cGrzmot\u201d Marucha kompletnie tego nie zrozumia\u0142, my rozumiemy.\u00a0<\/span><\/p>\n<p><span style=\"font-weight: 400;\">Odliczanie sekund mi\u0119dzy b\u0142yskiem a grzmotem jak najbardziej ma sens i pomaga w okre\u015bleniu, czy burza si\u0119 do nas zbli\u017ca, czy oddala oraz jak daleko si\u0119 znajduje.\u00a0<\/span><\/p>\n<p><b>Jak to dzia\u0142a?<\/b><span style=\"font-weight: 400;\"> \u015awiat\u0142o p\u0119dzi z pr\u0119dko\u015bci\u0105 ok. 300 tysi\u0119cy kilometr\u00f3w na sekund\u0119, dzi\u0119ki czemu dociera do nas \u201cna d\u0142ugo\u201d przed grzmotem. Ten za\u015b \u2013 czyli konkretniej: d\u017awi\u0119k \u2013 porusza si\u0119 z pr\u0119dko\u015bci\u0105\u2026 uzale\u017cnion\u0105 od temperatury powietrza. Jest to 1225 kilometr\u00f3w na godzin\u0119 przy 15\u00b0C (340,3 metra na sekund\u0119). Im ni\u017csza temperatura, tym ni\u017csza pr\u0119dko\u015b\u0107 d\u017awi\u0119ku. Analogicznie dzia\u0142a wy\u017csza temperatura. Przy czym nie s\u0105 to du\u017ce odchylenia (przy -20\u00b0C z pr\u0119dko\u015bci\u0105 319,3 metra na sekund\u0119, a przy 30\u00b0C z pr\u0119dko\u015bci\u0105 349,6 metra na sekund\u0119),<\/span><b> wi\u0119c co ok. trzy sekundy d\u017awi\u0119k przebywa kilometr<\/b><span style=\"font-weight: 400;\">.\u00a0<\/span><\/p>\n<p><b>Jak liczy\u0107 sekundy?<\/b><span style=\"font-weight: 400;\"> Najlepiej powoli m\u00f3wi\u0105c 121, 122, 123\u2026 Taki sam spos\u00f3b liczenia zalecany jest przy sprawdzeniu oddechu poszkodowanego, kt\u00f3remu chcemy udzieli\u0107 pierwszej pomocy. Jest to najdok\u0142adniejsze odliczanie sekund bez zegarka.\u00a0<\/span><\/p>\n<h3><strong>S\u0142yszysz wieczorem \u015bwierszcze?\u00a0<\/strong><\/h3>\n<p><span style=\"font-weight: 400;\">Lubisz s\u0142ucha\u0107 cykaj\u0105cych \u015bwierszczy? A czy wiesz, \u017ce na podstawie ich cykania jeste\u015b w stanie przewidzie\u0107 pogod\u0119?\u00a0<\/span><\/p>\n<p><span style=\"font-weight: 400;\">W 1897 roku \u201cThe American Naturalist\u201d opublikowa\u0142 prac\u0119 A.E. Dolbeara, kt\u00f3ry stworzy\u0142 r\u00f3wnanie pozwalaj\u0105ce na obliczenie temperatury za pomoc\u0105 cz\u0119stotliwo\u015bci cyka\u0144 \u015bwierszczy. Jak to mo\u017cliwe? Ot\u00f3\u017c im jest cieplej, tym szybciej te owady przebieraj\u0105 ko\u0144czynami. Gatunek <\/span><i><span style=\"font-weight: 400;\">Oecanthus fultoni<\/span><\/i><span style=\"font-weight: 400;\"> ma niemal linearnie skoordynowan\u0105 cz\u0119stotliwo\u015b\u0107 wydawania d\u017awi\u0119k\u00f3w w zakresie temperatur od 18 do 32 stopni Celsjusza.\u00a0<\/span><\/p>\n<p><b>R\u00f3wnanie wygl\u0105da tak:<\/b><\/p>\n<p><span style=\"font-weight: 400;\">T<\/span><span style=\"font-weight: 400;\">F<\/span><span style=\"font-weight: 400;\"> = 50 + (N<\/span><span style=\"font-weight: 400;\">60<\/span><span style=\"font-weight: 400;\"> &#8211; 40) \/ 4\u00a0<\/span><\/p>\n<p><b>lub tak:<\/b><\/p>\n<p><span style=\"font-weight: 400;\">T<\/span><span style=\"font-weight: 400;\">F<\/span><span style=\"font-weight: 400;\"> = 40 + N<\/span><span style=\"font-weight: 400;\">15<\/span><span style=\"font-weight: 400;\">\u00a0<\/span><\/p>\n<p><b>albo tak:<\/b><\/p>\n<p><span style=\"font-weight: 400;\">T<\/span><span style=\"font-weight: 400;\">C<\/span><span style=\"font-weight: 400;\"> = (N<\/span><span style=\"font-weight: 400;\">60<\/span><span style=\"font-weight: 400;\"> + 30) \/ 7<\/span><\/p>\n<p><b>jak r\u00f3wnie\u017c tak:<\/b><\/p>\n<p><span style=\"font-weight: 400;\">T<\/span><span style=\"font-weight: 400;\">C<\/span><span style=\"font-weight: 400;\"> = 5 + N<\/span><span style=\"font-weight: 400;\">8<\/span><\/p>\n<p><b>gdzie:\u00a0<\/b><\/p>\n<ul>\n<li style=\"font-weight: 400;\" aria-level=\"1\"><span style=\"font-weight: 400;\">T<\/span><span style=\"font-weight: 400;\">F<\/span><span style=\"font-weight: 400;\"> \u2013 temperatura w stopniach Fahrenheita,<\/span><\/li>\n<li style=\"font-weight: 400;\" aria-level=\"1\"><span style=\"font-weight: 400;\">T<\/span><span style=\"font-weight: 400;\">C<\/span><span style=\"font-weight: 400;\"> \u2013 temperatura w stopniach Celsjusza,<\/span><\/li>\n<li style=\"font-weight: 400;\" aria-level=\"1\"><span style=\"font-weight: 400;\">N<\/span><span style=\"font-weight: 400;\">60<\/span><span style=\"font-weight: 400;\"> \u2013 cz\u0119stotliwo\u015b\u0107 chrobotania \u015bwierszczy, kt\u00f3r\u0105 nale\u017cy mierzy\u0107 przez 60 sekund,<\/span><\/li>\n<li style=\"font-weight: 400;\" aria-level=\"1\"><span style=\"font-weight: 400;\">N<\/span><span style=\"font-weight: 400;\">15<\/span><span style=\"font-weight: 400;\"> \u2013 cz\u0119stotliwo\u015b\u0107 chrobotania \u015bwierszczy, kt\u00f3r\u0105 nale\u017cy mierzy\u0107 przez 15 sekund,<\/span><\/li>\n<li style=\"font-weight: 400;\" aria-level=\"1\"><span style=\"font-weight: 400;\">N<\/span><span style=\"font-weight: 400;\">8<\/span><span style=\"font-weight: 400;\"> \u2013 cz\u0119stotliwo\u015b\u0107 chrobotania \u015bwierszczy, kt\u00f3r\u0105 nale\u017cy mierzy\u0107 przez 8 sekund.<\/span><\/li>\n<\/ul>\n<p><span style=\"font-weight: 400;\">Sprawdzisz, czy dzia\u0142a?<\/span><\/p>\n<h3><strong>Krowa le\u017cy na pastwisku?\u00a0<\/strong><\/h3>\n<p><span style=\"font-weight: 400;\">Je\u015bli widzisz krow\u0119, kt\u00f3ra le\u017cy na pastwisku, mo\u017cesz spodziewa\u0107 si\u0119 deszczu. Jak to wyja\u015bni\u0107? Ot\u00f3\u017c uwa\u017ca si\u0119, \u017ce je\u015bli jest gor\u0105co, to krowa woli sta\u0107. A gdy robi si\u0119 ch\u0142odniej \u2013 woli le\u017ce\u0107. Co to ma do deszczu? Tego nie wiemy, bo przecie\u017c mo\u017ce by\u0107 ch\u0142odniej i bez niego, jak r\u00f3wnie\u017c mo\u017ce by\u0107 gor\u0105co i pada\u0107\u2026 Mo\u017ce krowa po prostu chce pole\u017ce\u0107? Trzeba by z ni\u0105 porozmawia\u0107!<\/span><\/p>\n<h3><strong>Dym z grilla lub ogniska<\/strong><\/h3>\n<p><span style=\"font-weight: 400;\">Je\u015bli dym z grilla, ogniska lub komina unosi si\u0119 pionowo \u2013 b\u0119dzie \u0142adna pogoda. Jak wyja\u015bni\u0107 to zjawisko w po\u0142\u0105czeniu z tym, \u017ce gdziekolwiek nie usi\u0105dziesz, dym i tak b\u0119dzie lecia\u0142 na ciebie? Tego nie wiemy.\u00a0<\/span><\/p>\n<\/div>\n            <\/div>\n        <\/div>\n    <\/div>\n<\/section>\n\n\n<section class=\"image-block  section-margin-32\" >\n        <div class=\"container\">\n        <div class=\"row\">\n            <div class=\"col-24\">\n                                <div class=\"image-block__container\">\n                    <div class=\"image-block__wrapper\"><img loading=\"lazy\" decoding=\"async\" width=\"1920\" height=\"1080\" src=\"https:\/\/www.ebilet.pl\/now\/app\/uploads\/2025\/06\/ognisko.jpg\" class=\"attachment-full size-full\" alt=\"Piosenki na ognisko \u2013 jakie warto zagra\u0107?\" srcset=\"https:\/\/www.ebilet.pl\/now\/app\/uploads\/2025\/06\/ognisko.jpg 1920w, https:\/\/www.ebilet.pl\/now\/app\/uploads\/2025\/06\/ognisko-1024x576.jpg 1024w, https:\/\/www.ebilet.pl\/now\/app\/uploads\/2025\/06\/ognisko-1536x864.jpg 1536w, https:\/\/www.ebilet.pl\/now\/app\/uploads\/2025\/06\/ognisko-1280x720.jpg 1280w, https:\/\/www.ebilet.pl\/now\/app\/uploads\/2025\/06\/ognisko-500x281.jpg 500w, https:\/\/www.ebilet.pl\/now\/app\/uploads\/2025\/06\/ognisko-632x356.jpg 632w, https:\/\/www.ebilet.pl\/now\/app\/uploads\/2025\/06\/ognisko-308x174.jpg 308w\" sizes=\"auto, (max-width: 1920px) 100vw, 1920px\" \/><\/div>\n                                            <div class=\"image-block__caption typo-12\">Fot. Shutterstock\/Deliris<\/div>\n                                    <\/div>\n                            <\/div>\n        <\/div>\n    <\/div>\n<\/section>\n\n\n<section class=\"text-block  section-margin-32\" >\n    <div class=\"container\">\n        <div class=\"row\">\n            <div class=\"col-24\">\n                <div class=\"text-block__content\"><h2><strong>Przys\u0142owia zwi\u0105zane z latem<\/strong><\/h2>\n<p><span style=\"font-weight: 400;\">Przys\u0142owia dzia\u0142aj\u0105 troch\u0119 jak przes\u0105dy. S\u0105 to pewne \u201cprawdy\u201d, w kt\u00f3re wierzono (i kt\u00f3re czasem nadal si\u0119 sprawdzaj\u0105), np. <\/span><i><span style=\"font-weight: 400;\">w marcu jak w garncu<\/span><\/i><span style=\"font-weight: 400;\"> (czyli przygotuj si\u0119 na cz\u0119ste zmiany pogody). A jakie s\u0105 przys\u0142owia zwi\u0105zane z latem?\u00a0<\/span><\/p>\n<h3><strong>Od \u015awi\u0119tego Henryka noc umyka<\/strong><\/h3>\n<p><span style=\"font-weight: 400;\">Dzie\u0144 \u015awi\u0119tego Henryka wypada 14 lipca. Wierzono, \u017ce od tego dnia dzie\u0144 staje si\u0119 coraz kr\u00f3tszy. Teraz wiemy, \u017ce nie jest to prawda, bo najd\u0142u\u017cszy dzie\u0144 roku wypada ok. 21 czerwca i ju\u017c kolejna noc jest d\u0142u\u017csza od poprzedniej (cho\u0107 s\u0105 to dos\u0142ownie minuty).\u00a0<\/span><\/p>\n<h3><strong>Lipcowa pogoda, dla ch\u0142op\u00f3w \u017cniwna swoboda<\/strong><\/h3>\n<p><span style=\"font-weight: 400;\">To powiedzenie oznacza, \u017ce s\u0142oneczne, bezdeszczowe dni w lipcu u\u0142atwiaj\u0105 zbi\u00f3r zb\u00f3\u017c i tym samym uwalniaj\u0105 rolnik\u00f3w od zmartwie\u0144 zwi\u0105zanych z utrudnionym wjazdem na grz\u0105skie pola i ple\u015bnieniem plon\u00f3w.<\/span><\/p>\n<h3><strong>Kiedy lipiec daje deszcze, d\u0142ugie lato b\u0119dzie jeszcze<\/strong><\/h3>\n<p><span style=\"font-weight: 400;\">To staropolskie przys\u0142owie ludowe oznacza, \u017ce ch\u0142odniejsze dni i cz\u0119ste opady deszczu w lipcu zapowiadaj\u0105 ciep\u0142\u0105 wczesn\u0105 jesie\u0144 \u2013 tak, jakby lato si\u0119 wyd\u0142u\u017cy\u0142o. Innymi s\u0142owy: cieszmy si\u0119, gdy pada, bo jeszcze zd\u0105\u017cymy si\u0119 latem nacieszy\u0107 wczesn\u0105 jesieni\u0105.<\/span><\/p>\n<h3><strong>Czego lipiec i sierpie\u0144 nie dowarzy, tego wrzesie\u0144 nie usma\u017cy<\/strong><\/h3>\n<p><span style=\"font-weight: 400;\">To powiedzenie odnosi si\u0119 do cyklu wegetacyjnego ro\u015blin. Oznacza ono, \u017ce je\u015bli w lipcu i sierpniu jest ma\u0142o s\u0142o\u0144ca i ciep\u0142a, ro\u015bliny b\u0119d\u0105 s\u0142abo ros\u0142y. Nawet je\u015bli wrzesie\u0144 b\u0119dzie ciep\u0142y, nie nadrobi zaleg\u0142o\u015bci \u201cnatury\u201d.<\/span><\/p>\n<h3><strong>Od \u015awi\u0119tej Anki ch\u0142odne wieczory, poranki<\/strong><\/h3>\n<p><span style=\"font-weight: 400;\">Dzie\u0144 \u015awi\u0119tej Anny przypada na 26 lipca, dzi\u0119ki czemu to przys\u0142owie sprawdza si\u0119 lepiej od tego, w kt\u00f3rym wyst\u0105pi\u0142 \u015awi\u0119ty Henryk. Po tej dacie poranki, wieczory i noce robi\u0105 si\u0119 ch\u0142odniejsze, co jest raczej zgodne z prawd\u0105.\u00a0<\/span><\/p>\n<\/div>\n            <\/div>\n        <\/div>\n    <\/div>\n<\/section>\n\n\n<section  class=\"recommended-article  section-margin-32\">\n    <div class=\"container\">\n        <div class=\"row\">\n            <div class=\"col-24\">\n                                <div class=\"recommended-article__title\">\n                    <p class=\"typo-18\">Przeczytaj te\u017c:<\/p>\n                <\/div>\n                                                <div class=\"recommended-article__card\">\n                    \n<div class=\"card-article  card-article--imgpadding-default card-article--featured\">\n    <div class=\"card-article__wrapper\">\n                <div class=\"card-article__thumbnail\">\n                        <a class=\"card-article__link\" href=\"https:\/\/www.ebilet.pl\/now\/polskie-przyslowia-o-miesiacach-jakie-sa-i-skad-sie-wziely\/\" title=\"Polskie przys\u0142owia o miesi\u0105cach \u2013 jakie s\u0105 i sk\u0105d si\u0119 wzi\u0119\u0142y?\"><\/a>\n                        <div class=\"card-article__image\"><img loading=\"lazy\" decoding=\"async\" width=\"1920\" height=\"1080\" src=\"https:\/\/www.ebilet.pl\/now\/app\/uploads\/2026\/04\/spring_desktop.jpg\" class=\"attachment- size-\" alt=\"\" srcset=\"https:\/\/www.ebilet.pl\/now\/app\/uploads\/2026\/04\/spring_desktop.jpg 1920w, https:\/\/www.ebilet.pl\/now\/app\/uploads\/2026\/04\/spring_desktop-1024x576.jpg 1024w, https:\/\/www.ebilet.pl\/now\/app\/uploads\/2026\/04\/spring_desktop-1536x864.jpg 1536w, https:\/\/www.ebilet.pl\/now\/app\/uploads\/2026\/04\/spring_desktop-1280x720.jpg 1280w, https:\/\/www.ebilet.pl\/now\/app\/uploads\/2026\/04\/spring_desktop-500x281.jpg 500w, https:\/\/www.ebilet.pl\/now\/app\/uploads\/2026\/04\/spring_desktop-632x356.jpg 632w, https:\/\/www.ebilet.pl\/now\/app\/uploads\/2026\/04\/spring_desktop-308x174.jpg 308w\" sizes=\"auto, (max-width: 1920px) 100vw, 1920px\" \/><\/div>\n        <\/div>\n                        <div class=\"card-article__content\">\n                        <div class=\"card-article__top\">\n                                <div class=\"card-article__date\">\n                    <span class=\"card-article__dateIcon icon icon-calendar\"><\/span>\n                    <span class=\"typo-12\">08.04.2026<\/span>\n                <\/div>\n                                                <div class=\"card-article__categories\">\n                                        <div class=\"card-article__category\">\n                    \n<a href=\"https:\/\/www.ebilet.pl\/now\/tag\/ciekawostki\/\" class=\"tag tag--fire-opal\" style=\"background-color: #ffbc03\">\n    <p class=\"tag__name\">Ciekawostki<\/p>\n<\/a>\n                    <\/div>\n                                    <\/div>\n                                            <\/div>\n                                    <div class=\"card-article__title under-h4\">\n                                    <a href=\"https:\/\/www.ebilet.pl\/now\/polskie-przyslowia-o-miesiacach-jakie-sa-i-skad-sie-wziely\/\" class=\"split-title typo-h1 f-700\" data-text-split>\n                                                    <span class=\"split-title__word\">Polskie<\/span>\n                                                    <span class=\"split-title__word\">przys\u0142owia<\/span>\n                                                    <span class=\"split-title__word\">o<\/span>\n                                                    <span class=\"split-title__word\">miesi\u0105cach<\/span>\n                                                    <span class=\"split-title__word\">\u2013<\/span>\n                                                    <span class=\"split-title__word\">jakie<\/span>\n                                                    <span class=\"split-title__word\">s\u0105<\/span>\n                                                    <span class=\"split-title__word\">i<\/span>\n                                                    <span class=\"split-title__word\">sk\u0105d<\/span>\n                                                    <span class=\"split-title__word\">si\u0119<\/span>\n                                                    <span class=\"split-title__word\">wzi\u0119\u0142y?<\/span>\n                                            <\/a>\n                            <\/div>\n                                <\/div>\n    <\/div>\n<\/div>                <\/div>\n                            <\/div>\n        <\/div>\n    <\/div>\n<\/section>\n\n\n<section class=\"text-block  section-margin-32\" >\n    <div class=\"container\">\n        <div class=\"row\">\n            <div class=\"col-24\">\n                <div class=\"text-block__content\"><h2><strong>Wierzenia s\u0142owia\u0144skie zwi\u0105zane z latem<\/strong><\/h2>\n<p><span style=\"font-weight: 400;\">Cho\u0107 wierzenia od czas\u00f3w pierwszych s\u0142owian diametralnie si\u0119 zmieni\u0142y, niekt\u00f3re przes\u0105dy i wierzenia ludowe warto zna\u0107, ot cho\u0107by jako ciekawostk\u0119.\u00a0<\/span><\/p>\n<h3><strong>Nie wychod\u017a w po\u0142udnie<\/strong><\/h3>\n<p><span style=\"font-weight: 400;\">Wed\u0142ug wielu wierze\u0144 to p\u00f3\u0142noc jest por\u0105 duch\u00f3w. Ale w sumie duchy to nie demony, wi\u0119c\u2026 S\u0142owianie wierzyli, \u017ce lepiej nie wychodzi\u0107 z domu w po\u0142udnie, nie wa\u017cne, czy na spacer, posiedzie\u0107 przed cha\u0142up\u0105 czy pracowa\u0107 w polu. Lepiej. By\u0142o. Nie. Wychodzi\u0107. Na \u015bmia\u0142k\u00f3w, kt\u00f3rzy nie wierzyli w takie \u201cbzdury\u201d czeka\u0142a Po\u0142udnica \u2013 demon upalnego lata.\u00a0<\/span><\/p>\n<p><span style=\"font-weight: 400;\">Jak wspomnieli\u015bmy, wi\u0119kszo\u015b\u0107 z\u0142ych duch\u00f3w w wierzeniach ludowych kojarzono z ciemno\u015bci\u0105 i noc\u0105. Po\u0142udnica by\u0142a wyj\u0105tkiem \u2013 nie tylko nie ba\u0142a si\u0119 s\u0142o\u0144ca, ale wr\u0119cz upa\u0142 pobudza\u0142 j\u0105 do dzia\u0142ania. Wiara w ni\u0105 by\u0142a szczeg\u00f3lnie silna na p\u00f3\u0142nocy S\u0142owia\u0144szczyzny. Im dalej na po\u0142udnie, tym bardziej zmienia\u0142o si\u0119 imi\u0119 i charakter demona \u2013 pojawia\u0142y si\u0119 wi\u0142y, kt\u00f3re sprowadza\u0142y na ludzi ob\u0142\u0119d, a w wojew\u00f3dztwie \u0142\u0119czyckim straszono mamunami, kt\u00f3re porywa\u0142y dzieci prosto z ko\u0142ysek.<\/span><\/p>\n<h3><strong>Jak ustrzec si\u0119 przed Po\u0142udnic\u0105?<\/strong><\/h3>\n<p><span style=\"font-weight: 400;\">Zacznijmy od tego, \u017ce lepiej nie wychodzi\u0107 na zewn\u0105trz, gdy pra\u017cy s\u0142o\u0144ce. Tym, kt\u00f3rzy jednak wyszli, Po\u0142udnica zadawa\u0142a trudne pytania. Od odpowiedzi na nie zale\u017ca\u0142 ich dalszy los. Tych, kt\u00f3rzy jej nie zadowolili, zabija\u0142a lub okalecza\u0142a. Porywa\u0142a te\u017c dzieci bawi\u0105ce si\u0119 na polu.<\/span><\/p>\n<p><span style=\"font-weight: 400;\">Co ciekawe, prawdopodobie\u0144stwo spotkania z Po\u0142udnic\u0105 ros\u0142o wraz z pojawianiem si\u0119 wir\u00f3w powietrznych, kt\u00f3re zapowiada\u0142y nadchodz\u0105c\u0105 burz\u0119. Najlepsz\u0105 obron\u0105 by\u0142o po prostu schowanie si\u0119 w cieniu.\u00a0<\/span><\/p>\n<p><span style=\"font-weight: 400;\">Wi\u0119kszo\u015b\u0107 badaczy zgadza si\u0119 zreszt\u0105 co do jednego \u2013 \u017ce wiara w Po\u0142udnic\u0119 to w gruncie rzeczy dawny spos\u00f3b na wyt\u0142umaczenie strachu przed udarem s\u0142onecznym. I bardzo dobrze, bo cho\u0107 Po\u0142udnica (raczej) nie istnieje, nie warto wychodzi\u0107 na s\u0142o\u0144ce w najwi\u0119kszy skwar.\u00a0<\/span><\/p>\n<ol>\n<li><span style=\"font-weight: 400;\"> Po\u0142udnica na sta\u0142e zago\u015bci\u0142a te\u017c w popkulturze. Andrzej Sapkowski przemyci\u0142 j\u0105 (i wiele innych s\u0142owia\u0144skich demon\u00f3w) do sagi o wied\u017aminie, a gra, kt\u00f3ra powsta\u0142a na jej podstawie, rozwija ten w\u0105tek jeszcze bardziej. Demon pojawia si\u0119 r\u00f3wnie\u017c w piosence \u201cW po\u0142udnie\u201d Kazimierza Grze\u015bkowiaka oraz w powie\u015bci \u201cPo\u0142udnica\u201d niemieckiej pisarki Julii Franck.<\/span><\/li>\n<\/ol>\n<h2><strong>Staropolskie przes\u0105dy zwi\u0105zane z latem<\/strong><\/h2>\n<p><span style=\"font-weight: 400;\">S\u0105 jeszcze typowo staropolskie przes\u0105dy zwi\u0105zane z latem, kt\u00f3re naprawd\u0119 warto zna\u0107. Dlaczego? Bo jak ju\u017c zauwa\u017cy\u0142e\u015b, w ka\u017cdym takim przes\u0105dzie czy powiedzeniu tkwi ziarno prawdy. Zobacz, przed czym i jak warto si\u0119 ustrzec!<\/span><\/p>\n<h3><strong>Usi\u0105d\u017a sobie przed podr\u00f3\u017c\u0105<\/strong><\/h3>\n<p><span style=\"font-weight: 400;\">To jeden z najstarszych polskich zwyczaj\u00f3w. Przed wyjazdem ca\u0142e rodziny zatrzymywa\u0142y si\u0119 na chwil\u0119, by usi\u0105\u015b\u0107 sobie i\u2026 by \u201cuspokoi\u0107 drog\u0119\u201d, co mia\u0142o zapewni\u0107 im bezpieczn\u0105 podr\u00f3\u017c.<\/span><\/p>\n<p><span style=\"font-weight: 400;\">Cho\u0107 dzi\u015b zwyczaj ten praktykuje si\u0119 coraz rzadziej (by\u0107 mo\u017ce nawet o nim nie s\u0142ysza\u0142e\u015b), ale starsze pokolenia mog\u0105 wci\u0105\u017c o nim pami\u0119ta\u0107. Jak to wygl\u0105da\u0142o? Obejrzyj \u201cZnachora\u201d i zobacz.\u00a0<\/span><\/p>\n<h3><strong>Powr\u00f3t po zapomnian\u0105 rzecz<\/strong><\/h3>\n<p><span style=\"font-weight: 400;\">Gdy na wakacje cz\u0119sto o czym\u015b zapominamy i musimy po co\u015b wr\u00f3ci\u0107. A czy wiesz, \u017ce nasi przodkowie mieli na to specjalne rytua\u0142y? Wracaj\u0105cy przysiada\u0142 na chwil\u0119 przed ponownym wyj\u015bciem, a w niekt\u00f3rych regionach Polski odwraca\u0142 si\u0119 do domu i wypowiada\u0142 kilka s\u0142\u00f3w na odwr\u00f3t. Wszystko po to, \u017ceby nie \u015bci\u0105gn\u0105\u0107 pecha na dalsz\u0105 podr\u00f3\u017c.<\/span><\/p>\n<\/div>\n            <\/div>\n        <\/div>\n    <\/div>\n<\/section>\n\n\n<section class=\"tickets-slider  section-margin-32\"\n    data-tickets-slider\n    data-item-list-name=\"Karuzela z buttonami\"\n    data-item-list-id=\"karuzela_z_buttonami\"\n    >\n    <div class=\"container\">\n        <div class=\"row\">\n            <div class=\"col-24\">\n                <div class=\"tickets-slider__main\">\n                    <div class=\"tickets-slider__nav tickets-slider__nav--prev\">\n                        <div class=\"button button--withIcon button--theme-white-blur button--size-fixed-48\" data-tickets-slider-prev>\n                            <span class=\"button__icon icon icon-chevron-left\"><\/span>\n                        <\/div>\n                    <\/div>\n                    <div class=\"tickets-slider__nav tickets-slider__nav--next\">\n                        <div class=\"button button--withIcon button--theme-white-blur button--size-fixed-48\" data-tickets-slider-next>\n                            <span class=\"button__icon icon icon-chevron-right\"><\/span>\n                        <\/div>\n                    <\/div>\n                    <div class=\"tickets-slider__slider swiper\" data-tickets-slider-slider>\n                        <div class=\"tickets-slider__sliderWrapper swiper-wrapper\">\n                                                            <div class=\"tickets-slider__sliderItem swiper-slide\"\n                                    data-id=\"129853\"\n                                    data-name=\"Beksi\u0144ski.Live\"\n                                    data-brand=\"L2L Sp z o.o.\"\n                                    data-category=\"widowiska\"\n                                    data-subcategory=\"inne\"\n                                    data-city=\"Warszawa, Wroc\u0142aw\"\n                                    data-venue=\"Hala COS Torwar \">\n                                    <div class=\"tickets-slider__sliderCard\">\n                                        \n<div class=\"card-ticket\">\n        <div class=\"card-ticket__image\">\n        <a href=\"https:\/\/www.ebilet.pl\/widowiska\/inne\/beksinski-live\">\n            <img decoding=\"async\" src=\"https:\/\/www.ebilet.pl\/media\/cms\/media\/rcpokc02\/552x736-2026-04-27t161822058.webp\" alt=\"Plakat wydarzenia\" \/>\n        <\/a>\n    <\/div>\n             \n    <div class=\"card-ticket__link\">\n        <a href=\"https:\/\/www.ebilet.pl\/widowiska\/inne\/beksinski-live\" class=\"button button--theme-primary-yellow button--withIconLeft button--size-small\">\n            <span class=\"button__icon icon icon-ticket\"><\/span>\n            <p class=\"button__text typo-16 f-600\">Kup bilet<\/p>\n        <\/a>\n    <\/div>\n    <\/div>                                    <\/div>\n                                <\/div>\n                                                            <div class=\"tickets-slider__sliderItem swiper-slide\"\n                                    data-id=\"149215\"\n                                    data-name=\"Kabaret Moralnego Niepokoju - Normalne to to nie jest\"\n                                    data-brand=\"Adria Art\"\n                                    data-category=\"widowiska\"\n                                    data-subcategory=\"kabarety\"\n                                    data-city=\"Ostr\u00f3w Wielkopolski, Sandomierz, Stalowa Wola\"\n                                    data-venue=\"Miejski Dom Kultury, Stalowa Wola\">\n                                    <div class=\"tickets-slider__sliderCard\">\n                                        \n<div class=\"card-ticket\">\n        <div class=\"card-ticket__image\">\n        <a href=\"https:\/\/www.ebilet.pl\/widowiska\/kabarety\/kabaret-moralnego-niepokoju-normalne-to-to-nie-jest\">\n            <img decoding=\"async\" src=\"https:\/\/www.ebilet.pl\/media\/cms\/media\/uvpbeujo\/ebilet_552x736_kmn-normalne-to-to-nie-jest-16c71d4a-7d55-4580-acfa-41f8683256fc.webp\" alt=\"Plakat wydarzenia\" \/>\n        <\/a>\n    <\/div>\n             \n    <div class=\"card-ticket__link\">\n        <a href=\"https:\/\/www.ebilet.pl\/widowiska\/kabarety\/kabaret-moralnego-niepokoju-normalne-to-to-nie-jest\" class=\"button button--theme-primary-yellow button--withIconLeft button--size-small\">\n            <span class=\"button__icon icon icon-ticket\"><\/span>\n            <p class=\"button__text typo-16 f-600\">Kup bilet<\/p>\n        <\/a>\n    <\/div>\n    <\/div>                                    <\/div>\n                                <\/div>\n                                                            <div class=\"tickets-slider__sliderItem swiper-slide\"\n                                    data-id=\"14526\"\n                                    data-name=\"Yamato \u2013 The Drummers of Japan\"\n                                    data-brand=\"High Note Events Sp. z o.o. S.k.\"\n                                    data-category=\"widowiska\"\n                                    data-subcategory=\"rewie-show\"\n                                    data-city=\"Bielsko-Bia\u0142a, Cz\u0119stochowa, Gdynia i inne\"\n                                    data-venue=\"Teatr Muzyczny w Gdyni\">\n                                    <div class=\"tickets-slider__sliderCard\">\n                                        \n<div class=\"card-ticket\">\n        <div class=\"card-ticket__image\">\n        <a href=\"https:\/\/www.ebilet.pl\/widowiska\/rewie-show\/yamato\">\n            <img decoding=\"async\" src=\"https:\/\/www.ebilet.pl\/media\/cms\/media\/jjad1i5v\/nowa-ebilet-yamato2026-552-736-kopia-37eaa0a5-4f05-4002-b6b8-678741adcfed.webp\" alt=\"Plakat wydarzenia\" \/>\n        <\/a>\n    <\/div>\n             \n    <div class=\"card-ticket__link\">\n        <a href=\"https:\/\/www.ebilet.pl\/widowiska\/rewie-show\/yamato\" class=\"button button--theme-primary-yellow button--withIconLeft button--size-small\">\n            <span class=\"button__icon icon icon-ticket\"><\/span>\n            <p class=\"button__text typo-16 f-600\">Kup bilet<\/p>\n        <\/a>\n    <\/div>\n    <\/div>                                    <\/div>\n                                <\/div>\n                                                            <div class=\"tickets-slider__sliderItem swiper-slide\"\n                                    data-id=\"179493\"\n                                    data-name=\"Naj\u015bmieszniejsi 2026 - Kabaret Nowaki vs Kabaret Skecz\u00f3w M\u0119cz\u0105cych\"\n                                    data-brand=\"ESKANDER\"\n                                    data-category=\"widowiska\"\n                                    data-subcategory=\"kabarety\"\n                                    data-city=\"Grodzisk Mazowiecki, Ostr\u00f3w Wielkopolski\"\n                                    data-venue=\"Centrum Aktywizacji i Integracji Spo\u0142ecznej w Grodzisku Mazowieckim\">\n                                    <div class=\"tickets-slider__sliderCard\">\n                                        \n<div class=\"card-ticket\">\n        <div class=\"card-ticket__image\">\n        <a href=\"https:\/\/www.ebilet.pl\/widowiska\/kabarety\/najsmieszniejsi\">\n            <img decoding=\"async\" src=\"https:\/\/www.ebilet.pl\/media\/cms\/media\/1t4oli0h\/najsmiesniejsi_552x736-66a3cfb8-a72b-4fad-bcb9-afd3f1d4ebf9.webp\" alt=\"Plakat wydarzenia\" \/>\n        <\/a>\n    <\/div>\n             \n    <div class=\"card-ticket__link\">\n        <a href=\"https:\/\/www.ebilet.pl\/widowiska\/kabarety\/najsmieszniejsi\" class=\"button button--theme-primary-yellow button--withIconLeft button--size-small\">\n            <span class=\"button__icon icon icon-ticket\"><\/span>\n            <p class=\"button__text typo-16 f-600\">Kup bilet<\/p>\n        <\/a>\n    <\/div>\n    <\/div>                                    <\/div>\n                                <\/div>\n                                                            <div class=\"tickets-slider__sliderItem swiper-slide\"\n                                    data-id=\"174009\"\n                                    data-name=\"Polska Noc Kabaretowa 2026\"\n                                    data-brand=\"ESKANDER\"\n                                    data-category=\"widowiska\"\n                                    data-subcategory=\"kabarety\"\n                                    data-city=\"Bielsko-Bia\u0142a, Bydgoszcz, Cz\u0119stochowa i inne\"\n                                    data-venue=\"Narodowe Centrum Polskiej Piosenki\">\n                                    <div class=\"tickets-slider__sliderCard\">\n                                        \n<div class=\"card-ticket\">\n        <div class=\"card-ticket__image\">\n        <a href=\"https:\/\/www.ebilet.pl\/widowiska\/kabarety\/polska-noc-kabaretowa-2026\">\n            <img decoding=\"async\" src=\"https:\/\/www.ebilet.pl\/media\/cms\/media\/uhhfepxw\/pionn-9416b4d8-9d94-438b-91e1-423ea8953492.webp\" alt=\"Plakat wydarzenia\" \/>\n        <\/a>\n    <\/div>\n             \n    <div class=\"card-ticket__link\">\n        <a href=\"https:\/\/www.ebilet.pl\/widowiska\/kabarety\/polska-noc-kabaretowa-2026\" class=\"button button--theme-primary-yellow button--withIconLeft button--size-small\">\n            <span class=\"button__icon icon icon-ticket\"><\/span>\n            <p class=\"button__text typo-16 f-600\">Kup bilet<\/p>\n        <\/a>\n    <\/div>\n    <\/div>                                    <\/div>\n                                <\/div>\n                                                            <div class=\"tickets-slider__sliderItem swiper-slide\"\n                                    data-id=\"26993\"\n                                    data-name=\"Lord of the Dance - 30th Anniversary Tour\"\n                                    data-brand=\"TARGREM SP\u00d3\u0141KA Z OGRANICZON\u0104 ODPOWIEDZIALNO\u015aCI\u0104\"\n                                    data-category=\"widowiska\"\n                                    data-subcategory=\"rewie-show\"\n                                    data-city=\"Gda\u0144sk, Gliwice, Gorz\u00f3w Wielkopolski i inne\"\n                                    data-venue=\"Hala Olivia\">\n                                    <div class=\"tickets-slider__sliderCard\">\n                                        \n<div class=\"card-ticket\">\n        <div class=\"card-ticket__image\">\n        <a href=\"https:\/\/www.ebilet.pl\/widowiska\/rewie-show\/lord-of-the-dance\">\n            <img decoding=\"async\" src=\"https:\/\/www.ebilet.pl\/media\/cms\/media\/0x3pw4m3\/renditiondownload-09b8fef2-6b81-4967-ab31-b5af4ecccf5f.webp\" alt=\"Plakat wydarzenia\" \/>\n        <\/a>\n    <\/div>\n             \n    <div class=\"card-ticket__link\">\n        <a href=\"https:\/\/www.ebilet.pl\/widowiska\/rewie-show\/lord-of-the-dance\" class=\"button button--theme-primary-yellow button--withIconLeft button--size-small\">\n            <span class=\"button__icon icon icon-ticket\"><\/span>\n            <p class=\"button__text typo-16 f-600\">Kup bilet<\/p>\n        <\/a>\n    <\/div>\n    <\/div>                                    <\/div>\n                                <\/div>\n                                                            <div class=\"tickets-slider__sliderItem swiper-slide\"\n                                    data-id=\"5647\"\n                                    data-name=\"Pasi\u00f3n de Buena Vista\"\n                                    data-brand=\"High Note Events Sp. z o.o. S.k.\"\n                                    data-category=\"widowiska\"\n                                    data-subcategory=\"rewie-show\"\n                                    data-city=\"Bielsko-Bia\u0142a, Gdynia, Jasionka i inne\"\n                                    data-venue=\"Narodowe Forum Muzyki\">\n                                    <div class=\"tickets-slider__sliderCard\">\n                                        \n<div class=\"card-ticket\">\n        <div class=\"card-ticket__image\">\n        <a href=\"https:\/\/www.ebilet.pl\/widowiska\/rewie-show\/pasion-de-buena-vista\">\n            <img decoding=\"async\" src=\"https:\/\/www.ebilet.pl\/media\/cms\/media\/gycekool\/nowa-ebilet-pdbv2027-552-736-c41bb453-bb6b-4fc3-b8a9-a76f5e5a2fce.webp\" alt=\"Plakat wydarzenia\" \/>\n        <\/a>\n    <\/div>\n             \n    <div class=\"card-ticket__link\">\n        <a href=\"https:\/\/www.ebilet.pl\/widowiska\/rewie-show\/pasion-de-buena-vista\" class=\"button button--theme-primary-yellow button--withIconLeft button--size-small\">\n            <span class=\"button__icon icon icon-ticket\"><\/span>\n            <p class=\"button__text typo-16 f-600\">Kup bilet<\/p>\n        <\/a>\n    <\/div>\n    <\/div>                                    <\/div>\n                                <\/div>\n                                                            <div class=\"tickets-slider__sliderItem swiper-slide\"\n                                    data-id=\"170971\"\n                                    data-name=\"Marcin Zbigniew Wojciech ,,Bez Nazwisk Prosz\u0119\u2019\u2019\"\n                                    data-brand=\"Marek Wojciech Projects\"\n                                    data-category=\"widowiska\"\n                                    data-subcategory=\"stand-up\"\n                                    data-city=\"Bieru\u0144, Gdynia, Krak\u00f3w i inne\"\n                                    data-venue=\"Mys\u0142owicki O\u015brodek Kultury\">\n                                    <div class=\"tickets-slider__sliderCard\">\n                                        \n<div class=\"card-ticket\">\n        <div class=\"card-ticket__image\">\n        <a href=\"https:\/\/www.ebilet.pl\/widowiska\/stand-up\/marcin-zbigniew-wojciech-nowy-program\">\n            <img decoding=\"async\" src=\"https:\/\/www.ebilet.pl\/media\/cms\/media\/5eqlowva\/marcin-zbigniew-wojciech-stand-up-nowy-program-bez-nazwisk-prosze-552-x-736-px.webp\" alt=\"Plakat wydarzenia\" \/>\n        <\/a>\n    <\/div>\n             \n    <div class=\"card-ticket__link\">\n        <a href=\"https:\/\/www.ebilet.pl\/widowiska\/stand-up\/marcin-zbigniew-wojciech-nowy-program\" class=\"button button--theme-primary-yellow button--withIconLeft button--size-small\">\n            <span class=\"button__icon icon icon-ticket\"><\/span>\n            <p class=\"button__text typo-16 f-600\">Kup bilet<\/p>\n        <\/a>\n    <\/div>\n    <\/div>                                    <\/div>\n                                <\/div>\n                                                    <\/div>\n                    <\/div>\n                <\/div>\n            <\/div>\n        <\/div>\n    <\/div>\n<\/section>\n\n\n<section class=\"text-block  section-margin-32\" >\n    <div class=\"container\">\n        <div class=\"row\">\n            <div class=\"col-24\">\n                <div class=\"text-block__content\"><h2><strong>Jakie s\u0105 przes\u0105dy zwi\u0105zane z latem? Podsumowanie<\/strong><\/h2>\n<p><span style=\"font-weight: 400;\">Od magicznych s\u0142onecznik\u00f3w po demona czyhaj\u0105cego w letnie po\u0142udnie \u2013 polskie przes\u0105dy i wierzenia zwi\u0105zane z latem pokazuj\u0105, jak bardzo nasi przodkowie pr\u00f3bowali zrozumie\u0107 i oswoi\u0107 natur\u0119, zanim jeszcze mieli do dyspozycji prognozy pogody i aplikacje meteorologiczne. Cz\u0119\u015b\u0107 z tych wierze\u0144 dzi\u015b budzi u\u015bmiech, inne \u2013 jak liczenie sekund mi\u0119dzy b\u0142yskiem a grzmotem, liczenie cyka\u0144 \u015bwierszczy czy obserwacja zachodz\u0105cego s\u0142o\u0144ca \u2013 wci\u0105\u017c si\u0119 sprawdzaj\u0105. Mo\u017ce nast\u0119pnym razem, gdy zobaczysz paj\u0105ka w domu albo us\u0142yszysz wieczorem \u015bwierszcze, przypomnisz sobie, co to w\u0142a\u015bciwie oznacza i wykorzystasz to na swoj\u0105 korzy\u015b\u0107? Kto wie, mo\u017ce naprawd\u0119 ci si\u0119 poszcz\u0119\u015bci?\u00a0<\/span><\/p>\n<p><span style=\"font-weight: 400;\">Nawet je\u015bli w to wszystko nie wierzysz i traktujesz jako ciekawostk\u0119\u2026 lepiej po prostu zostaw tego paj\u0105ka w spokoju \u2013 na wszelki wypadek.\u00a0<\/span><\/p>\n<\/div>\n            <\/div>\n        <\/div>\n    <\/div>\n<\/section>\n\n\n<section class=\"events-slider-block  section-margin-32\" data-events-slider-block data-carousel-title=\"Gor\u0105ce wydarzenia\" data-carousel-type=\"gor\u0105ce_wydarzenia\" data-item-list-name=\"Gor\u0105ce wydarzenia Gor\u0105ce wydarzenia\" data-item-list-id=\"gor\u0105ce_wydarzenia Gor\u0105ce wydarzenia\" >\n    <div class=\"container\">\n        <div class=\"row\">\n            <div class=\"col-24\">\n                <div class=\"events-slider-block__wrapper\">\n                                            <div class=\"events-slider-block__bg\"><img loading=\"lazy\" decoding=\"async\" width=\"1920\" height=\"1080\" src=\"https:\/\/www.ebilet.pl\/now\/app\/uploads\/2024\/04\/shutterstock_1308510637.jpg\" class=\"attachment-full size-full\" alt=\"Fot.\" srcset=\"https:\/\/www.ebilet.pl\/now\/app\/uploads\/2024\/04\/shutterstock_1308510637.jpg 1920w, https:\/\/www.ebilet.pl\/now\/app\/uploads\/2024\/04\/shutterstock_1308510637-1024x576.jpg 1024w, https:\/\/www.ebilet.pl\/now\/app\/uploads\/2024\/04\/shutterstock_1308510637-1536x864.jpg 1536w, https:\/\/www.ebilet.pl\/now\/app\/uploads\/2024\/04\/shutterstock_1308510637-1280x720.jpg 1280w, https:\/\/www.ebilet.pl\/now\/app\/uploads\/2024\/04\/shutterstock_1308510637-500x281.jpg 500w, https:\/\/www.ebilet.pl\/now\/app\/uploads\/2024\/04\/shutterstock_1308510637-632x356.jpg 632w, https:\/\/www.ebilet.pl\/now\/app\/uploads\/2024\/04\/shutterstock_1308510637-308x174.jpg 308w\" sizes=\"auto, (max-width: 1920px) 100vw, 1920px\" \/><\/div>\n                                                                <div class=\"events-slider-block__top\">\n                                                            <div class=\"events-slider-block__title desktop\">\n                                    <h2 class=\"typo-h2\">Gor\u0105ce wydarzenia<\/h2>\n                                <\/div>\n                                                                                        <div class=\"events-slider-block__title mobile\">\n                                    <h2 class=\"typo-h2\">Gor\u0105ce wydarzenia<\/h2>\n                                <\/div>\n                                                    <\/div>\n                                                            <div class=\"events-slider-block__main\">\n                        <div class=\"events-slider-block__nav events-slider-block__nav--prev\">\n                            <div class=\"button button--withIcon button--theme-white-blur button--size-fixed-48\" data-events-prev>\n                                <span class=\"button__icon icon icon-chevron-left\"><\/span>\n                            <\/div>\n                        <\/div>\n                        <div class=\"events-slider-block__nav events-slider-block__nav--next\">\n                            <div class=\"button button--withIcon button--theme-white-blur button--size-fixed-48\" data-events-next>\n                                <span class=\"button__icon icon icon-chevron-right\"><\/span>\n                            <\/div>\n                        <\/div>\n                        <div class=\"events-slider-block__slider\">\n                            <div class=\"swiper\" data-events-slider>\n                                <div class=\"events-slider-block__sliderWrapper swiper-wrapper\">\n                                                                    <div class=\"events-slider-block__sliderItem swiper-slide\">\n                                    \n<div class=\"card-event  card-event--size-small\">\n        <a href=\"https:\/\/www.ebilet.pl\/muzyka\/festiwale\/opener-festival\" target=\"_blank\" class=\"card-event__link\" rel=\"nofollow noopener\"><\/a>\n        <div class=\"card-event__wrapper\">\n        <div class=\"card-event__image\">\n            <img decoding=\"async\" src=\"https:\/\/www.ebilet.pl\/media\/cms\/media\/qkso1del\/opene_2027_tameimpala_552x736_ebilet-1d7aa61e-0a2a-4f3b-b538-d84518354aa2.webp\" alt=\"\">\n        <\/div>\n        <div class=\"card-event__data\">\n            <div class=\"card-event__name\">\n                <p>Open&#8217;er Festival 2027<\/p>\n            <\/div>\n            <div class=\"card-event__date\">30.06.2027-30.06.2027<\/div>\n            <div class=\"card-event__location\">Gdynia<\/div>\n        <\/div>\n    <\/div>\n<\/div>                                    <\/div>\n                                                                    <div class=\"events-slider-block__sliderItem swiper-slide\">\n                                    \n<div class=\"card-event  card-event--size-small\">\n        <a href=\"https:\/\/www.ebilet.pl\/sport\/sporty-druzynowe\/koszykowka-mecz\" target=\"_blank\" class=\"card-event__link\" rel=\"nofollow noopener\"><\/a>\n        <div class=\"card-event__wrapper\">\n        <div class=\"card-event__image\">\n            <img decoding=\"async\" src=\"https:\/\/www.ebilet.pl\/media\/cms\/media\/hoxono4g\/podstawowe_portal-98225706-f40f-4253-9b63-9f6c375fb13f.webp\" alt=\"\">\n        <\/div>\n        <div class=\"card-event__data\">\n            <div class=\"card-event__name\">\n                <p>Kwalifikacje do Mistrzostw \u015awiata w koszyk\u00f3wce m\u0119\u017cczyzn 2027: Polska \u2013 Chorwacja<\/p>\n            <\/div>\n            <div class=\"card-event__date\">27.11.2026-27.11.2026<\/div>\n            <div class=\"card-event__location\">Gliwice<\/div>\n        <\/div>\n    <\/div>\n<\/div>                                    <\/div>\n                                                                    <div class=\"events-slider-block__sliderItem swiper-slide\">\n                                    \n<div class=\"card-event  card-event--size-small\">\n        <a href=\"https:\/\/www.ebilet.pl\/muzyka\/hip-hop-rap\/otsochodzi\" target=\"_blank\" class=\"card-event__link\" rel=\"nofollow noopener\"><\/a>\n        <div class=\"card-event__wrapper\">\n        <div class=\"card-event__image\">\n            <img decoding=\"async\" src=\"https:\/\/www.ebilet.pl\/media\/cms\/media\/ucuizr2w\/tt-552-x-736-kopia.webp\" alt=\"\">\n        <\/div>\n        <div class=\"card-event__data\">\n            <div class=\"card-event__name\">\n                <p>Otsochodzi &#8211; RIOTT<\/p>\n            <\/div>\n            <div class=\"card-event__date\">01.10.2026-01.10.2026<\/div>\n            <div class=\"card-event__location\">Gda\u0144sk, Krak\u00f3w, Pozna\u0144 i inne<\/div>\n        <\/div>\n    <\/div>\n<\/div>                                    <\/div>\n                                                                    <div class=\"events-slider-block__sliderItem swiper-slide\">\n                                    \n<div class=\"card-event  card-event--size-small\">\n        <a href=\"https:\/\/www.ebilet.pl\/muzyka\/festiwale\/up-to-date-festival\" target=\"_blank\" class=\"card-event__link\" rel=\"nofollow noopener\"><\/a>\n        <div class=\"card-event__wrapper\">\n        <div class=\"card-event__image\">\n            <img decoding=\"async\" src=\"https:\/\/www.ebilet.pl\/media\/cms\/media\/jfdlnoqn\/ebilet-552x736-portal-wersja-2-c38ddeaf-bf05-4f54-9e4d-377e6b572335.webp\" alt=\"\">\n        <\/div>\n        <div class=\"card-event__data\">\n            <div class=\"card-event__name\">\n                <p>Up To Date Festival 2027<\/p>\n            <\/div>\n            <div class=\"card-event__date\">27.05.2027-27.05.2027<\/div>\n            <div class=\"card-event__location\">Bia\u0142ystok<\/div>\n        <\/div>\n    <\/div>\n<\/div>                                    <\/div>\n                                                                    <div class=\"events-slider-block__sliderItem swiper-slide\">\n                                    \n<div class=\"card-event  card-event--size-small\">\n        <a href=\"https:\/\/www.ebilet.pl\/muzyka\/pop\/tokio-hotel\" target=\"_blank\" class=\"card-event__link\" rel=\"nofollow noopener\"><\/a>\n        <div class=\"card-event__wrapper\">\n        <div class=\"card-event__image\">\n            <img decoding=\"async\" src=\"https:\/\/www.ebilet.pl\/media\/cms\/media\/i02j3uly\/tokio-hotel-552.webp\" alt=\"\">\n        <\/div>\n        <div class=\"card-event__data\">\n            <div class=\"card-event__name\">\n                <p>Tokio Hotel<\/p>\n            <\/div>\n            <div class=\"card-event__date\">19.08.2027-19.08.2027<\/div>\n            <div class=\"card-event__location\">Warszawa<\/div>\n        <\/div>\n    <\/div>\n<\/div>                                    <\/div>\n                                                                    <div class=\"events-slider-block__sliderItem swiper-slide\">\n                                    \n<div class=\"card-event  card-event--size-small\">\n        <a href=\"https:\/\/www.ebilet.pl\/muzyka\/hip-hop-rap\/gombao33\" target=\"_blank\" class=\"card-event__link\" rel=\"nofollow noopener\"><\/a>\n        <div class=\"card-event__wrapper\">\n        <div class=\"card-event__image\">\n            <img decoding=\"async\" src=\"https:\/\/www.ebilet.pl\/media\/cms\/media\/ctcikvkb\/gombao_bez_napisu-2ebe28b7-760a-4987-8d6c-0cb2fe6f2203.webp\" alt=\"\">\n        <\/div>\n        <div class=\"card-event__data\">\n            <div class=\"card-event__name\">\n                <p>G33 Tour &#8211; Tadeo x Szczepan x Wygu\u015b x Mata<\/p>\n            <\/div>\n            <div class=\"card-event__date\">12.09.2026-12.09.2026<\/div>\n            <div class=\"card-event__location\">Bydgoszcz, Gwi\u017adziny, Kra\u015bnik i inne<\/div>\n        <\/div>\n    <\/div>\n<\/div>                                    <\/div>\n                                                                    <div class=\"events-slider-block__sliderItem swiper-slide\">\n                                    \n<div class=\"card-event  card-event--size-small\">\n        <a href=\"https:\/\/www.ebilet.pl\/muzyka\/pop\/take-that\" target=\"_blank\" class=\"card-event__link\" rel=\"nofollow noopener\"><\/a>\n        <div class=\"card-event__wrapper\">\n        <div class=\"card-event__image\">\n            <img decoding=\"async\" src=\"https:\/\/www.ebilet.pl\/media\/cms\/media\/eiqdozli\/ebilet-552x736-take-that.webp\" alt=\"\">\n        <\/div>\n        <div class=\"card-event__data\">\n            <div class=\"card-event__name\">\n                <p>Take That<\/p>\n            <\/div>\n            <div class=\"card-event__date\">13.06.2027-13.06.2027<\/div>\n            <div class=\"card-event__location\">Warszawa<\/div>\n        <\/div>\n    <\/div>\n<\/div>                                    <\/div>\n                                                                    <div class=\"events-slider-block__sliderItem swiper-slide\">\n                                    \n<div class=\"card-event  card-event--size-small\">\n        <a href=\"https:\/\/www.ebilet.pl\/muzyka\/pop\/pitbull\" target=\"_blank\" class=\"card-event__link\" rel=\"nofollow noopener\"><\/a>\n        <div class=\"card-event__wrapper\">\n        <div class=\"card-event__image\">\n            <img decoding=\"async\" src=\"https:\/\/www.ebilet.pl\/media\/cms\/media\/5lzfwzwf\/pitbull_552x736-51986cca-48f5-4419-a9c5-cba531ed65a3.webp\" alt=\"\">\n        <\/div>\n        <div class=\"card-event__data\">\n            <div class=\"card-event__name\">\n                <p>Pitbull &#8211; I&#8217;m Back!<\/p>\n            <\/div>\n            <div class=\"card-event__date\">27.11.2026-27.11.2026<\/div>\n            <div class=\"card-event__location\">Gda\u0144sk\/Sopot, \u0141\u00f3d\u017a<\/div>\n        <\/div>\n    <\/div>\n<\/div>                                    <\/div>\n                                                                    <div class=\"events-slider-block__sliderItem swiper-slide\">\n                                    \n<div class=\"card-event  card-event--size-small\">\n        <a href=\"https:\/\/www.ebilet.pl\/muzyka\/festiwale\/olsztyn-green-festival\" target=\"_blank\" class=\"card-event__link\" rel=\"nofollow noopener\"><\/a>\n        <div class=\"card-event__wrapper\">\n        <div class=\"card-event__image\">\n            <img decoding=\"async\" src=\"https:\/\/www.ebilet.pl\/media\/cms\/media\/ivzhtv3z\/1080x1350_ogf_edycja_2027-18faf89b-3a6e-4aa9-b07b-593f24448a27.webp\" alt=\"\">\n        <\/div>\n        <div class=\"card-event__data\">\n            <div class=\"card-event__name\">\n                <p>Olsztyn Green Festival 2027<\/p>\n            <\/div>\n            <div class=\"card-event__date\">13.08.2027-13.08.2027<\/div>\n            <div class=\"card-event__location\">Olsztyn<\/div>\n        <\/div>\n    <\/div>\n<\/div>                                    <\/div>\n                                                                    <div class=\"events-slider-block__sliderItem swiper-slide\">\n                                    \n<div class=\"card-event  card-event--size-small\">\n        <a href=\"https:\/\/www.ebilet.pl\/teatr\/musicale\/wicked\" target=\"_blank\" class=\"card-event__link\" rel=\"nofollow noopener\"><\/a>\n        <div class=\"card-event__wrapper\">\n        <div class=\"card-event__image\">\n            <img decoding=\"async\" src=\"https:\/\/www.ebilet.pl\/media\/cms\/media\/t1vbgs4w\/552x736_wickeduniejow-5b08a259-81c1-4704-a3d9-3086b7766d96.webp\" alt=\"\">\n        <\/div>\n        <div class=\"card-event__data\">\n            <div class=\"card-event__name\">\n                <p>Wicked<\/p>\n            <\/div>\n            <div class=\"card-event__date\">26.09.2026-26.09.2026<\/div>\n            <div class=\"card-event__location\">Warszawa<\/div>\n        <\/div>\n    <\/div>\n<\/div>                                    <\/div>\n                                                                    <div class=\"events-slider-block__sliderItem swiper-slide\">\n                                    \n<div class=\"card-event  card-event--size-small\">\n        <a href=\"https:\/\/www.ebilet.pl\/muzyka\/rock\/russell-crowe\" target=\"_blank\" class=\"card-event__link\" rel=\"nofollow noopener\"><\/a>\n        <div class=\"card-event__wrapper\">\n        <div class=\"card-event__image\">\n            <img decoding=\"async\" src=\"https:\/\/www.ebilet.pl\/media\/cms\/media\/dajolyng\/rusel_pion-738c048c-2504-4de3-a226-d83518cf8463.webp\" alt=\"\">\n        <\/div>\n        <div class=\"card-event__data\">\n            <div class=\"card-event__name\">\n                <p>Russell Crowe\u2019s Indoor Garden Party<\/p>\n            <\/div>\n            <div class=\"card-event__date\">05.06.2027-05.06.2027<\/div>\n            <div class=\"card-event__location\">\u0106miel\u00f3w<\/div>\n        <\/div>\n    <\/div>\n<\/div>                                    <\/div>\n                                                                    <div class=\"events-slider-block__sliderItem swiper-slide\">\n                                    \n<div class=\"card-event  card-event--size-small\">\n        <a href=\"https:\/\/www.ebilet.pl\/sport\/sporty-walki\/ksw-gala\" target=\"_blank\" class=\"card-event__link\" rel=\"nofollow noopener\"><\/a>\n        <div class=\"card-event__wrapper\">\n        <div class=\"card-event__image\">\n            <img decoding=\"async\" src=\"https:\/\/www.ebilet.pl\/media\/cms\/media\/cz4hwoy5\/ksw122_552x736-kopia-2bfd4e82-ebbc-475a-901b-7cd82d226339.webp\" alt=\"\">\n        <\/div>\n        <div class=\"card-event__data\">\n            <div class=\"card-event__name\">\n                <p>XTB KSW 122<\/p>\n            <\/div>\n            <div class=\"card-event__date\">10.10.2026-10.10.2026<\/div>\n            <div class=\"card-event__location\">Rzesz\u00f3w<\/div>\n        <\/div>\n    <\/div>\n<\/div>                                    <\/div>\n                                                                    <div class=\"events-slider-block__sliderItem swiper-slide\">\n                                    \n<div class=\"card-event  card-event--size-small\">\n        <a href=\"https:\/\/www.ebilet.pl\/muzyka\/rock\/fontaines-dc\" target=\"_blank\" class=\"card-event__link\" rel=\"nofollow noopener\"><\/a>\n        <div class=\"card-event__wrapper\">\n        <div class=\"card-event__image\">\n            <img decoding=\"async\" src=\"https:\/\/www.ebilet.pl\/media\/cms\/media\/ovge4bna\/fontaines_dc_portal_552x736.webp\" alt=\"\">\n        <\/div>\n        <div class=\"card-event__data\">\n            <div class=\"card-event__name\">\n                <p>Fontaines D.C. EU TOUR 2026<\/p>\n            <\/div>\n            <div class=\"card-event__date\">31.10.2026-31.10.2026<\/div>\n            <div class=\"card-event__location\">\u0141\u00f3d\u017a<\/div>\n        <\/div>\n    <\/div>\n<\/div>                                    <\/div>\n                                                                <\/div>\n                            <\/div>\n                        <\/div>\n                        <div class=\"events-slider-block__events swiper\" data-events-events-descriptions>\n                            <div class=\"events-slider-block__eventsWrapper swiper-wrapper\">\n                                                            <div class=\"events-slider-block__eventsItem swiper-slide\">\n                                    <a href=\"https:\/\/www.ebilet.pl\/muzyka\/festiwale\/opener-festival\" target=\"_blank\" class=\"events-slider-block__eventsName\">\n                                        <p>Open&#039;er Festival 2027<\/p>\n                                    <\/a>\n                                    <div class=\"events-slider-block__eventsDate\">\n                                        30.06.2027-03.07.2027                                    <\/div>\n                                    <div class=\"events-slider-block__eventsLocation\">Gdynia<\/div>\n                                <\/div>\n                                                            <div class=\"events-slider-block__eventsItem swiper-slide\">\n                                    <a href=\"https:\/\/www.ebilet.pl\/sport\/sporty-druzynowe\/koszykowka-mecz\" target=\"_blank\" class=\"events-slider-block__eventsName\">\n                                        <p>Kwalifikacje do Mistrzostw \u015awiata w koszyk\u00f3wce m\u0119\u017cczyzn 2027: Polska \u2013 Chorwacja<\/p>\n                                    <\/a>\n                                    <div class=\"events-slider-block__eventsDate\">\n                                        27.11.2026-27.11.2026                                    <\/div>\n                                    <div class=\"events-slider-block__eventsLocation\">Gliwice<\/div>\n                                <\/div>\n                                                            <div class=\"events-slider-block__eventsItem swiper-slide\">\n                                    <a href=\"https:\/\/www.ebilet.pl\/muzyka\/hip-hop-rap\/otsochodzi\" target=\"_blank\" class=\"events-slider-block__eventsName\">\n                                        <p>Otsochodzi &#8211; RIOTT<\/p>\n                                    <\/a>\n                                    <div class=\"events-slider-block__eventsDate\">\n                                        01.10.2026-03.12.2026                                    <\/div>\n                                    <div class=\"events-slider-block__eventsLocation\">Gda\u0144sk, Krak\u00f3w, Pozna\u0144 i inne<\/div>\n                                <\/div>\n                                                            <div class=\"events-slider-block__eventsItem swiper-slide\">\n                                    <a href=\"https:\/\/www.ebilet.pl\/muzyka\/festiwale\/up-to-date-festival\" target=\"_blank\" class=\"events-slider-block__eventsName\">\n                                        <p>Up To Date Festival 2027<\/p>\n                                    <\/a>\n                                    <div class=\"events-slider-block__eventsDate\">\n                                        27.05.2027-28.05.2027                                    <\/div>\n                                    <div class=\"events-slider-block__eventsLocation\">Bia\u0142ystok<\/div>\n                                <\/div>\n                                                            <div class=\"events-slider-block__eventsItem swiper-slide\">\n                                    <a href=\"https:\/\/www.ebilet.pl\/muzyka\/pop\/tokio-hotel\" target=\"_blank\" class=\"events-slider-block__eventsName\">\n                                        <p>Tokio Hotel<\/p>\n                                    <\/a>\n                                    <div class=\"events-slider-block__eventsDate\">\n                                        19.08.2027-19.08.2027                                    <\/div>\n                                    <div class=\"events-slider-block__eventsLocation\">Warszawa<\/div>\n                                <\/div>\n                                                            <div class=\"events-slider-block__eventsItem swiper-slide\">\n                                    <a href=\"https:\/\/www.ebilet.pl\/muzyka\/hip-hop-rap\/gombao33\" target=\"_blank\" class=\"events-slider-block__eventsName\">\n                                        <p>G33 Tour &#8211; Tadeo x Szczepan x Wygu\u015b x Mata<\/p>\n                                    <\/a>\n                                    <div class=\"events-slider-block__eventsDate\">\n                                        12.09.2026-04.10.2026                                    <\/div>\n                                    <div class=\"events-slider-block__eventsLocation\">Bydgoszcz, Gwi\u017adziny, Kra\u015bnik i inne<\/div>\n                                <\/div>\n                                                            <div class=\"events-slider-block__eventsItem swiper-slide\">\n                                    <a href=\"https:\/\/www.ebilet.pl\/muzyka\/pop\/take-that\" target=\"_blank\" class=\"events-slider-block__eventsName\">\n                                        <p>Take That<\/p>\n                                    <\/a>\n                                    <div class=\"events-slider-block__eventsDate\">\n                                        13.06.2027-13.06.2027                                    <\/div>\n                                    <div class=\"events-slider-block__eventsLocation\">Warszawa<\/div>\n                                <\/div>\n                                                            <div class=\"events-slider-block__eventsItem swiper-slide\">\n                                    <a href=\"https:\/\/www.ebilet.pl\/muzyka\/pop\/pitbull\" target=\"_blank\" class=\"events-slider-block__eventsName\">\n                                        <p>Pitbull &#8211; I&#039;m Back!<\/p>\n                                    <\/a>\n                                    <div class=\"events-slider-block__eventsDate\">\n                                        27.11.2026-03.12.2026                                    <\/div>\n                                    <div class=\"events-slider-block__eventsLocation\">Gda\u0144sk\/Sopot, \u0141\u00f3d\u017a<\/div>\n                                <\/div>\n                                                            <div class=\"events-slider-block__eventsItem swiper-slide\">\n                                    <a href=\"https:\/\/www.ebilet.pl\/muzyka\/festiwale\/olsztyn-green-festival\" target=\"_blank\" class=\"events-slider-block__eventsName\">\n                                        <p>Olsztyn Green Festival 2027<\/p>\n                                    <\/a>\n                                    <div class=\"events-slider-block__eventsDate\">\n                                        13.08.2027-13.08.2027                                    <\/div>\n                                    <div class=\"events-slider-block__eventsLocation\">Olsztyn<\/div>\n                                <\/div>\n                                                            <div class=\"events-slider-block__eventsItem swiper-slide\">\n                                    <a href=\"https:\/\/www.ebilet.pl\/teatr\/musicale\/wicked\" target=\"_blank\" class=\"events-slider-block__eventsName\">\n                                        <p>Wicked<\/p>\n                                    <\/a>\n                                    <div class=\"events-slider-block__eventsDate\">\n                                        26.09.2026-29.11.2026                                    <\/div>\n                                    <div class=\"events-slider-block__eventsLocation\">Warszawa<\/div>\n                                <\/div>\n                                                            <div class=\"events-slider-block__eventsItem swiper-slide\">\n                                    <a href=\"https:\/\/www.ebilet.pl\/muzyka\/rock\/russell-crowe\" target=\"_blank\" class=\"events-slider-block__eventsName\">\n                                        <p>Russell Crowe\u2019s Indoor Garden Party<\/p>\n                                    <\/a>\n                                    <div class=\"events-slider-block__eventsDate\">\n                                        05.06.2027-05.06.2027                                    <\/div>\n                                    <div class=\"events-slider-block__eventsLocation\">\u0106miel\u00f3w<\/div>\n                                <\/div>\n                                                            <div class=\"events-slider-block__eventsItem swiper-slide\">\n                                    <a href=\"https:\/\/www.ebilet.pl\/sport\/sporty-walki\/ksw-gala\" target=\"_blank\" class=\"events-slider-block__eventsName\">\n                                        <p>XTB KSW 122<\/p>\n                                    <\/a>\n                                    <div class=\"events-slider-block__eventsDate\">\n                                        10.10.2026-10.10.2026                                    <\/div>\n                                    <div class=\"events-slider-block__eventsLocation\">Rzesz\u00f3w<\/div>\n                                <\/div>\n                                                            <div class=\"events-slider-block__eventsItem swiper-slide\">\n                                    <a href=\"https:\/\/www.ebilet.pl\/muzyka\/rock\/fontaines-dc\" target=\"_blank\" class=\"events-slider-block__eventsName\">\n                                        <p>Fontaines D.C. EU TOUR 2026<\/p>\n                                    <\/a>\n                                    <div class=\"events-slider-block__eventsDate\">\n                                        31.10.2026-31.10.2026                                    <\/div>\n                                    <div class=\"events-slider-block__eventsLocation\">\u0141\u00f3d\u017a<\/div>\n                                <\/div>\n                                                        <\/div>\n                        <\/div>\n                        <div class=\"events-slider-block__pagination\">\n                            <div class=\"swiper-pagination slider-pagination slider-pagination--theme-white\" data-events-slider-pagination><\/div>\n                        <\/div>\n                    <\/div>\n                                        <div class=\"events-slider-block__bottom\">\n                                                                                <div class=\"events-slider-block__link desktop\">\n                                    <a\n                                        class=\"button button--size-small button--theme-primary-yellow button--withIconLeft\"\n                                        href=\"https:\/\/www.ebilet.pl\/\">\n                                                                                    <div class=\"button__icon\"><img loading=\"lazy\" decoding=\"async\" width=\"30\" height=\"30\" src=\"https:\/\/www.ebilet.pl\/now\/app\/uploads\/2024\/01\/ticket-cinema-entertainment-coupon-discount-sale_30px.png\" class=\"attachment-full size-full\" alt=\"\" \/><\/div>\n                                                                                <p class=\"button__text typo-18\">Kup na eBilet.pl<\/p>\n                                    <\/a>\n                                <\/div>\n                                                                                <div class=\"events-slider-block__link mobile\">\n                                    <a\n                                        class=\"button button--size-small button--theme-primary-yellow button--withIconLeft\"\n                                        href=\"https:\/\/www.ebilet.pl\/\">\n                                                                                    <div class=\"button__icon\"><img loading=\"lazy\" decoding=\"async\" width=\"30\" height=\"30\" src=\"https:\/\/www.ebilet.pl\/now\/app\/uploads\/2024\/01\/ticket-cinema-entertainment-coupon-discount-sale_30px.png\" class=\"attachment-full size-full\" alt=\"\" \/><\/div>\n                                                                                <p class=\"button__text typo-18\">Kup na eBilet.pl<\/p>\n                                    <\/a>\n                                <\/div>\n                                            <\/div>\n                <\/div>\n            <\/div>\n        <\/div>\n    <\/div>\n<\/section>","protected":false},"excerpt":{"rendered":"<p>Wstajesz po 9.00 w lipcu? Lepiej uwa\u017caj, bo to mo\u017ce zepsu\u0107 ca\u0142y tw\u00f3j dzie\u0144! Ju\u017c zamachn\u0105\u0142e\u015b si\u0119 na paj\u0105ka, kt\u00f3rego zobaczy\u0142e\u015b w domu? Niedobrze! Bardzo niedobrze! Lepiej zostaw go w spokoju, bo od tego zale\u017ce\u0107 mo\u017ce pogoda na ca\u0142e lato. Brzmi dziwnie? Dawniej ludzie wierzyli w takie rzeczy zupe\u0142nie na powa\u017cnie. A niekt\u00f3re z tych przes\u0105d\u00f3w przetrwa\u0142y do dzi\u015b. Sprawd\u017amy, czego unika\u0107 w wakacje, jak przewidzie\u0107 pogod\u0119 bez aplikacji w telefonie i dlaczego lepiej nie wychodzi\u0107 z domu w samo po\u0142udnie.<\/p>\n","protected":false},"author":14,"featured_media":92293,"comment_status":"open","ping_status":"open","sticky":false,"template":"page-templates\/article-default.php","format":"standard","meta":{"_acf_changed":false,"footnotes":""},"article_tag":[88,71],"article_type":[5],"class_list":["post-92290","post","type-post","status-publish","format-standard","has-post-thumbnail","hentry","article_tag-ciekawostki","article_tag-polecane","article_type-lifestyle"],"acf":[],"_links":{"self":[{"href":"https:\/\/www.ebilet.pl\/now\/wp-json\/wp\/v2\/posts\/92290","targetHints":{"allow":["GET"]}}],"collection":[{"href":"https:\/\/www.ebilet.pl\/now\/wp-json\/wp\/v2\/posts"}],"about":[{"href":"https:\/\/www.ebilet.pl\/now\/wp-json\/wp\/v2\/types\/post"}],"author":[{"embeddable":true,"href":"https:\/\/www.ebilet.pl\/now\/wp-json\/wp\/v2\/users\/14"}],"replies":[{"embeddable":true,"href":"https:\/\/www.ebilet.pl\/now\/wp-json\/wp\/v2\/comments?post=92290"}],"version-history":[{"count":2,"href":"https:\/\/www.ebilet.pl\/now\/wp-json\/wp\/v2\/posts\/92290\/revisions"}],"predecessor-version":[{"id":92298,"href":"https:\/\/www.ebilet.pl\/now\/wp-json\/wp\/v2\/posts\/92290\/revisions\/92298"}],"wp:featuredmedia":[{"embeddable":true,"href":"https:\/\/www.ebilet.pl\/now\/wp-json\/wp\/v2\/media\/92293"}],"wp:attachment":[{"href":"https:\/\/www.ebilet.pl\/now\/wp-json\/wp\/v2\/media?parent=92290"}],"wp:term":[{"taxonomy":"article_tag","embeddable":true,"href":"https:\/\/www.ebilet.pl\/now\/wp-json\/wp\/v2\/article_tag?post=92290"},{"taxonomy":"article_type","embeddable":true,"href":"https:\/\/www.ebilet.pl\/now\/wp-json\/wp\/v2\/article_type?post=92290"}],"curies":[{"name":"wp","href":"https:\/\/api.w.org\/{rel}","templated":true}]}}