{"id":82150,"date":"2026-03-11T09:36:25","date_gmt":"2026-03-11T08:36:25","guid":{"rendered":"https:\/\/www.ebilet.pl\/now\/?p=82150"},"modified":"2026-03-11T09:36:28","modified_gmt":"2026-03-11T08:36:28","slug":"pierwszy-dzien-wiosny-jakie-zwyczaje-i-obrzedy-panuja-na-swiecie-oraz-w-polsce","status":"publish","type":"post","link":"https:\/\/www.ebilet.pl\/now\/pierwszy-dzien-wiosny-jakie-zwyczaje-i-obrzedy-panuja-na-swiecie-oraz-w-polsce\/","title":{"rendered":"Pierwszy dzie\u0144 wiosny \u2013 jakie zwyczaje i obrz\u0119dy panuj\u0105 na \u015bwiecie oraz w Polsce?"},"content":{"rendered":"\n<section class=\"text-block  section-margin-32\" >\n    <div class=\"container\">\n        <div class=\"row\">\n            <div class=\"col-24\">\n                <div class=\"text-block__content\"><h2><strong>Kiedy zaczyna si\u0119 wiosna?\u00a0<\/strong><\/h2>\n<p><b>Zastanawiasz si\u0119, kiedy jest pierwszy dzie\u0144 wiosny? To zale\u017cy!<\/b><\/p>\n<p><span style=\"font-weight: 400;\">Przyjrzyjmy si\u0119 najpierw, kiedy w og\u00f3le o wio\u015bnie mo\u017cemy m\u00f3wi\u0107 pod k\u0105tem \u201csytuacji pogodowej\u201d w Polsce. To ten czas w roku, kiedy<\/span><b> temperatury wahaj\u0105 si\u0119 mi\u0119dzy 5 a 15\u00b0C. <\/b><span style=\"font-weight: 400;\">Mo\u017cna wi\u0119c powiedzie\u0107, \u017ce przynajmniej w cz\u0119\u015bci Polski wiosna zacz\u0119\u0142a si\u0119 w 2026 roku jeszcze w lutym. I je\u015bli chcesz \u2013 mo\u017cesz ju\u017c si\u0119 ni\u0105 cieszy\u0107 bez wyrzut\u00f3w sumienia. Ale p\u00f3jd\u017amy o krok dalej, bo nie jest to takie proste.<\/span><\/p>\n<p><b>Za pocz\u0105tek wiosny mo\u017cemy przyj\u0105\u0107 tak\u017ce:<\/b><\/p>\n<ul>\n<li style=\"font-weight: 400;\" aria-level=\"1\"><span style=\"font-weight: 400;\">kalendarzowy pierwszy dzie\u0144 wiosny \u2013 21 marca*,<\/span><\/li>\n<li style=\"font-weight: 400;\" aria-level=\"1\"><span style=\"font-weight: 400;\">astronomiczny pierwszy dzie\u0144 wiosny \u2013 dzie\u0144 r\u00f3wnonocy wiosennej (zazwyczaj 20-21 marca),<\/span><\/li>\n<li style=\"font-weight: 400;\" aria-level=\"1\"><span style=\"font-weight: 400;\">meteorologiczny pierwszy dzie\u0144 wiosny \u2013 zawsze 1 marca.<\/span><\/li>\n<\/ul>\n<p><b>*Ciekawostka:<\/b><span style=\"font-weight: 400;\"> Przez to, \u017ce kalendarz nie jest zbyt precyzyjny, je\u015bli chodzi o czas trwania roku zwrotnikowego, pierwszy dzie\u0144 wiosny co roku si\u0119 przesuwa. Nie s\u0105 to wielkie przesuni\u0119cia (raczej sekundy czy minuty), ale z tego powodu do 2043 roku pierwszy dzie\u0144 wiosny b\u0119dzie wypada\u0142 20 marca, a potem \u2013 albo 19, albo 20 marca. Dopiero w 2102 roku kalendarz \u201cprzesunie si\u0119\u201d tak, \u017ce pierwszy dzie\u0144 wiosny wr\u00f3ci na swoje miejsce \u2013 21 marca.<\/span><\/p>\n<h3><span style=\"font-weight: 400;\">Dawne \u015bwi\u0119towanie nadej\u015bcia wiosny \u2013 niekt\u00f3re sposoby przetrwa\u0142y do dzi\u015b<\/span><\/h3>\n<p><span style=\"font-weight: 400;\">Nadej\u015bcie wiosny \u015bwi\u0119towano \u2013 mo\u017cna powiedzie\u0107 \u2013 od zawsze. <\/span><b>Ju\u017c w staro\u017cytnej Mezopotamii obchodzono \u015bwi\u0119to Akitu, kt\u00f3re przybiera\u0142o dwie formy:<\/b><\/p>\n<ul>\n<li style=\"font-weight: 400;\" aria-level=\"1\"><i><span style=\"font-weight: 400;\">nisannu<\/span><\/i><span style=\"font-weight: 400;\"> \u2013 celebrowanie odradzania si\u0119 natury na wiosn\u0119,<\/span><\/li>\n<\/ul>\n<ul>\n<li style=\"font-weight: 400;\" aria-level=\"1\"><i><span style=\"font-weight: 400;\">taszritu<\/span><\/i><span style=\"font-weight: 400;\"> \u2013 \u015bwi\u0119towanie po zebraniu plon\u00f3w jesieni\u0105.\u00a0<\/span><\/li>\n<\/ul>\n<p><b>W Iranie za to \u015bwi\u0119towano i \u015bwi\u0119tuje si\u0119 nadal Nouruz \u2013 <\/b><b><i>nava <\/i><\/b><b>(nowy) i <\/b><b><i>r\u0259za\u014bh <\/i><\/b><b>(dzie\u0144) \u2013 <\/b><span style=\"font-weight: 400;\">dzie\u0144 nowego roku, kt\u00f3ry przypada tam w dniu r\u00f3wnonocy wiosennej.\u00a0<\/span><\/p>\n<p><b>Chrze\u015bcijanie za to postawili na obchodzenie Wielkanocy, <\/b><span style=\"font-weight: 400;\">zamiast powitania powracaj\u0105cej wiosny.\u00a0<\/span><\/p>\n<p><b>S\u0142owianie tak\u017ce mieli swoje \u015bwi\u0119to \u2013 Jare Gody<\/b><span style=\"font-weight: 400;\"> \u2013 kt\u00f3rym to celebrowali zako\u0144czenie zimy. Przypada\u0142o ono na wiosenn\u0105 r\u00f3wnonoc. Topiono wtedy Marzann\u0119 (by\u0142a bogini\u0105 \u015bmierci i zimy), malowano i jedzono jajka (zwyczaj ten przej\u0119\u0142o p\u00f3\u017aniej chrze\u015bcija\u0144stwo, by \u201cwypleni\u0107\u201d poga\u0144skie zwyczaje) i nie tylko.\u00a0<\/span><\/p>\n<p><b>A jak dzi\u015b wygl\u0105da \u015bwi\u0119towanie pierwszego dnia wiosny w Polsce i na \u015bwiecie? Sprawd\u017amy!<\/b><\/p>\n<\/div>\n            <\/div>\n        <\/div>\n    <\/div>\n<\/section>\n\n\n<section class=\"tickets-slider  section-margin-32\"\n    data-tickets-slider\n    data-item-list-name=\"Karuzela z buttonami\"\n    data-item-list-id=\"karuzela_z_buttonami\"\n    >\n    <div class=\"container\">\n        <div class=\"row\">\n            <div class=\"col-24\">\n                <div class=\"tickets-slider__main\">\n                    <div class=\"tickets-slider__nav tickets-slider__nav--prev\">\n                        <div class=\"button button--withIcon button--theme-white-blur button--size-fixed-48\" data-tickets-slider-prev>\n                            <span class=\"button__icon icon icon-chevron-left\"><\/span>\n                        <\/div>\n                    <\/div>\n                    <div class=\"tickets-slider__nav tickets-slider__nav--next\">\n                        <div class=\"button button--withIcon button--theme-white-blur button--size-fixed-48\" data-tickets-slider-next>\n                            <span class=\"button__icon icon icon-chevron-right\"><\/span>\n                        <\/div>\n                    <\/div>\n                    <div class=\"tickets-slider__slider swiper\" data-tickets-slider-slider>\n                        <div class=\"tickets-slider__sliderWrapper swiper-wrapper\">\n                                                            <div class=\"tickets-slider__sliderItem swiper-slide\"\n                                    data-id=\"63172\"\n                                    data-name=\"Voucher kinowy Helios\"\n                                    data-brand=\"Helios Media Sp. z o.o.\"\n                                    data-category=\"kino\"\n                                    data-subcategory=\"pozostale\"\n                                    data-city=\"Warszawa\"\n                                    data-venue=\"\">\n                                    <div class=\"tickets-slider__sliderCard\">\n                                        \n<div class=\"card-ticket\">\n        <div class=\"card-ticket__image\">\n        <a href=\"https:\/\/www.ebilet.pl\/kino\/pozostale\/voucher-kinowy-helios\">\n            <img decoding=\"async\" src=\"https:\/\/www.ebilet.pl\/media\/cms\/media\/zg3eutfa\/pion-0fa04335-7c27-4cc6-9d48-2b76e7933829.webp\" alt=\"Plakat wydarzenia\" \/>\n        <\/a>\n    <\/div>\n             \n    <div class=\"card-ticket__link\">\n        <a href=\"https:\/\/www.ebilet.pl\/kino\/pozostale\/voucher-kinowy-helios\" class=\"button button--theme-primary-yellow button--withIconLeft button--size-small\">\n            <span class=\"button__icon icon icon-ticket\"><\/span>\n            <p class=\"button__text typo-16 f-600\">Kup bilet<\/p>\n        <\/a>\n    <\/div>\n    <\/div>                                    <\/div>\n                                <\/div>\n                                                            <div class=\"tickets-slider__sliderItem swiper-slide\"\n                                    data-id=\"161461\"\n                                    data-name=\"Boeing Boeing - Teatr Capitol\"\n                                    data-brand=\"Teatr Capitol\"\n                                    data-category=\"teatr\"\n                                    data-subcategory=\"komedia\"\n                                    data-city=\"Gda\u0144sk, Warszawa\"\n                                    data-venue=\"Teatr Capitol w Warszawie\">\n                                    <div class=\"tickets-slider__sliderCard\">\n                                        \n<div class=\"card-ticket\">\n        <div class=\"card-ticket__image\">\n        <a href=\"https:\/\/www.ebilet.pl\/teatr\/komedia\/boeing-boeing-teatr-capitol\">\n            <img decoding=\"async\" src=\"https:\/\/www.ebilet.pl\/media\/cms\/media\/sxrofbrb\/552x736-popr-20-11.webp\" alt=\"Plakat wydarzenia\" \/>\n        <\/a>\n    <\/div>\n             \n    <div class=\"card-ticket__link\">\n        <a href=\"https:\/\/www.ebilet.pl\/teatr\/komedia\/boeing-boeing-teatr-capitol\" class=\"button button--theme-primary-yellow button--withIconLeft button--size-small\">\n            <span class=\"button__icon icon icon-ticket\"><\/span>\n            <p class=\"button__text typo-16 f-600\">Kup bilet<\/p>\n        <\/a>\n    <\/div>\n    <\/div>                                    <\/div>\n                                <\/div>\n                                                            <div class=\"tickets-slider__sliderItem swiper-slide\"\n                                    data-id=\"94598\"\n                                    data-name=\"FAME 31\"\n                                    data-brand=\"Fame MMA\"\n                                    data-category=\"sport\"\n                                    data-subcategory=\"sporty-walki\"\n                                    data-city=\"Koszalin\"\n                                    data-venue=\"Hala Widowiskowo-Sportowa w Koszalinie\">\n                                    <div class=\"tickets-slider__sliderCard\">\n                                        \n<div class=\"card-ticket\">\n        <div class=\"card-ticket__image\">\n        <a href=\"https:\/\/www.ebilet.pl\/sport\/sporty-walki\/fame-mma\">\n            <img decoding=\"async\" src=\"https:\/\/www.ebilet.pl\/media\/cms\/media\/24lbxjty\/fame31-cover-ebilet-552x736.webp\" alt=\"Plakat wydarzenia\" \/>\n        <\/a>\n    <\/div>\n             \n    <div class=\"card-ticket__link\">\n        <a href=\"https:\/\/www.ebilet.pl\/sport\/sporty-walki\/fame-mma\" class=\"button button--theme-primary-yellow button--withIconLeft button--size-small\">\n            <span class=\"button__icon icon icon-ticket\"><\/span>\n            <p class=\"button__text typo-16 f-600\">Kup bilet<\/p>\n        <\/a>\n    <\/div>\n    <\/div>                                    <\/div>\n                                <\/div>\n                                                            <div class=\"tickets-slider__sliderItem swiper-slide\"\n                                    data-id=\"13630\"\n                                    data-name=\"M\u0119skie Granie 2026\"\n                                    data-brand=\"LIVE Sp. z o.o.\"\n                                    data-category=\"muzyka\"\n                                    data-subcategory=\"festiwale\"\n                                    data-city=\"Gda\u0144sk, Krak\u00f3w, Pozna\u0144 i inne\"\n                                    data-venue=\"\u017bywiec Amfiteatr pod Grojcem\">\n                                    <div class=\"tickets-slider__sliderCard\">\n                                        \n<div class=\"card-ticket\">\n        <div class=\"card-ticket__image\">\n        <a href=\"https:\/\/www.ebilet.pl\/muzyka\/festiwale\/meskie-granie\">\n            <img decoding=\"async\" src=\"https:\/\/www.ebilet.pl\/media\/cms\/media\/otqfs0tb\/552x736-11-18222119-c0b1-48d3-9da6-2d9f34d401ee.webp\" alt=\"Plakat wydarzenia\" \/>\n        <\/a>\n    <\/div>\n             \n    <div class=\"card-ticket__link\">\n        <a href=\"https:\/\/www.ebilet.pl\/muzyka\/festiwale\/meskie-granie\" class=\"button button--theme-primary-yellow button--withIconLeft button--size-small\">\n            <span class=\"button__icon icon icon-ticket\"><\/span>\n            <p class=\"button__text typo-16 f-600\">Kup bilet<\/p>\n        <\/a>\n    <\/div>\n    <\/div>                                    <\/div>\n                                <\/div>\n                                                            <div class=\"tickets-slider__sliderItem swiper-slide\"\n                                    data-id=\"38728\"\n                                    data-name=\"Silesia Memoria\u0142 Kamili Skolimowskiej\"\n                                    data-brand=\"Fundacja Kamili Skolimowskiej\"\n                                    data-category=\"sport\"\n                                    data-subcategory=\"lekkoatletyka\"\n                                    data-city=\"Chorz\u00f3w\"\n                                    data-venue=\"Superauto.pl Stadion \u015al\u0105ski\">\n                                    <div class=\"tickets-slider__sliderCard\">\n                                        \n<div class=\"card-ticket\">\n        <div class=\"card-ticket__image\">\n        <a href=\"https:\/\/www.ebilet.pl\/sport\/lekkoatletyka\/memorial-kamili-skolimowskiej\">\n            <img decoding=\"async\" src=\"https:\/\/www.ebilet.pl\/media\/cms\/media\/30tmntnz\/552x736-2-fc792c85-47b8-4a12-a7a4-88c0d2a43664.webp\" alt=\"Plakat wydarzenia\" \/>\n        <\/a>\n    <\/div>\n             \n    <div class=\"card-ticket__link\">\n        <a href=\"https:\/\/www.ebilet.pl\/sport\/lekkoatletyka\/memorial-kamili-skolimowskiej\" class=\"button button--theme-primary-yellow button--withIconLeft button--size-small\">\n            <span class=\"button__icon icon icon-ticket\"><\/span>\n            <p class=\"button__text typo-16 f-600\">Kup bilet<\/p>\n        <\/a>\n    <\/div>\n    <\/div>                                    <\/div>\n                                <\/div>\n                                                            <div class=\"tickets-slider__sliderItem swiper-slide\"\n                                    data-id=\"128680\"\n                                    data-name=\"Sunset Square 2026\"\n                                    data-brand=\"MDT Production\"\n                                    data-category=\"muzyka\"\n                                    data-subcategory=\"festiwale\"\n                                    data-city=\"Gdynia\"\n                                    data-venue=\"Skwer Ko\u015bciuszki\">\n                                    <div class=\"tickets-slider__sliderCard\">\n                                        \n<div class=\"card-ticket\">\n        <div class=\"card-ticket__image\">\n        <a href=\"https:\/\/www.ebilet.pl\/muzyka\/festiwale\/sunset-square\">\n            <img decoding=\"async\" src=\"https:\/\/www.ebilet.pl\/media\/cms\/media\/4j1ninr2\/552x736-048e3af9-4bf1-40d7-8d30-9b09fd65f9c5.webp\" alt=\"Plakat wydarzenia\" \/>\n        <\/a>\n    <\/div>\n             \n    <div class=\"card-ticket__link\">\n        <a href=\"https:\/\/www.ebilet.pl\/muzyka\/festiwale\/sunset-square\" class=\"button button--theme-primary-yellow button--withIconLeft button--size-small\">\n            <span class=\"button__icon icon icon-ticket\"><\/span>\n            <p class=\"button__text typo-16 f-600\">Kup bilet<\/p>\n        <\/a>\n    <\/div>\n    <\/div>                                    <\/div>\n                                <\/div>\n                                                            <div class=\"tickets-slider__sliderItem swiper-slide\"\n                                    data-id=\"10672\"\n                                    data-name=\"Red Bull Drift Masters, Grand Finale 2026, Poland\"\n                                    data-brand=\"Drift Masters Grand Prix Sp. z o.o.\"\n                                    data-category=\"sport\"\n                                    data-subcategory=\"sporty-motorowe\"\n                                    data-city=\"Warszawa\"\n                                    data-venue=\"PGE Narodowy im. Kazimierza G\u00f3rskiego\">\n                                    <div class=\"tickets-slider__sliderCard\">\n                                        \n<div class=\"card-ticket\">\n        <div class=\"card-ticket__image\">\n        <a href=\"https:\/\/www.ebilet.pl\/sport\/sporty-motorowe\/drift-masters\">\n            <img decoding=\"async\" src=\"https:\/\/www.ebilet.pl\/media\/cms\/media\/sz3ojwmd\/552x736-do-60kb-55f8db12-cfee-4159-a30d-647373ffe546.webp\" alt=\"Plakat wydarzenia\" \/>\n        <\/a>\n    <\/div>\n             \n    <div class=\"card-ticket__link\">\n        <a href=\"https:\/\/www.ebilet.pl\/sport\/sporty-motorowe\/drift-masters\" class=\"button button--theme-primary-yellow button--withIconLeft button--size-small\">\n            <span class=\"button__icon icon icon-ticket\"><\/span>\n            <p class=\"button__text typo-16 f-600\">Kup bilet<\/p>\n        <\/a>\n    <\/div>\n    <\/div>                                    <\/div>\n                                <\/div>\n                                                            <div class=\"tickets-slider__sliderItem swiper-slide\"\n                                    data-id=\"16543\"\n                                    data-name=\"Rozta\u0144czony PGE Narodowy 2026\"\n                                    data-brand=\"KRYSIAK POLSKA CORPORATION Sp. z o.o.\"\n                                    data-category=\"muzyka\"\n                                    data-subcategory=\"festiwale\"\n                                    data-city=\"Warszawa\"\n                                    data-venue=\"PGE Narodowy im. Kazimierza G\u00f3rskiego\">\n                                    <div class=\"tickets-slider__sliderCard\">\n                                        \n<div class=\"card-ticket\">\n        <div class=\"card-ticket__image\">\n        <a href=\"https:\/\/www.ebilet.pl\/muzyka\/festiwale\/roztanczony-narodowy\">\n            <img decoding=\"async\" src=\"https:\/\/www.ebilet.pl\/media\/cms\/media\/vzjkxgps\/portal_basic.webp\" alt=\"Plakat wydarzenia\" \/>\n        <\/a>\n    <\/div>\n             \n    <div class=\"card-ticket__link\">\n        <a href=\"https:\/\/www.ebilet.pl\/muzyka\/festiwale\/roztanczony-narodowy\" class=\"button button--theme-primary-yellow button--withIconLeft button--size-small\">\n            <span class=\"button__icon icon icon-ticket\"><\/span>\n            <p class=\"button__text typo-16 f-600\">Kup bilet<\/p>\n        <\/a>\n    <\/div>\n    <\/div>                                    <\/div>\n                                <\/div>\n                                                            <div class=\"tickets-slider__sliderItem swiper-slide\"\n                                    data-id=\"67208\"\n                                    data-name=\"Speedland Festival 2026\"\n                                    data-brand=\"Adrenaline Promotion Rafa\u0142 Haznar\"\n                                    data-category=\"sport\"\n                                    data-subcategory=\"sporty-motorowe\"\n                                    data-city=\"Krosno\"\n                                    data-venue=\"Lotnisko Krosno\">\n                                    <div class=\"tickets-slider__sliderCard\">\n                                        \n<div class=\"card-ticket\">\n        <div class=\"card-ticket__image\">\n        <a href=\"https:\/\/www.ebilet.pl\/sport\/sporty-motorowe\/speedland\">\n            <img decoding=\"async\" src=\"https:\/\/www.ebilet.pl\/media\/cms\/media\/amycrd5w\/552x736-13-f984cd80-0465-4d92-b3d8-7dc464a6780a.webp\" alt=\"Plakat wydarzenia\" \/>\n        <\/a>\n    <\/div>\n             \n    <div class=\"card-ticket__link\">\n        <a href=\"https:\/\/www.ebilet.pl\/sport\/sporty-motorowe\/speedland\" class=\"button button--theme-primary-yellow button--withIconLeft button--size-small\">\n            <span class=\"button__icon icon icon-ticket\"><\/span>\n            <p class=\"button__text typo-16 f-600\">Kup bilet<\/p>\n        <\/a>\n    <\/div>\n    <\/div>                                    <\/div>\n                                <\/div>\n                                                            <div class=\"tickets-slider__sliderItem swiper-slide\"\n                                    data-id=\"144549\"\n                                    data-name=\"Zwiedzanie ZOO Warszawa\"\n                                    data-brand=\"Miasto Sto\u0142eczne Warszawa\"\n                                    data-category=\"zwiedzanie\"\n                                    data-subcategory=\"zoo\"\n                                    data-city=\"Warszawa\"\n                                    data-venue=\"\">\n                                    <div class=\"tickets-slider__sliderCard\">\n                                        \n<div class=\"card-ticket\">\n        <div class=\"card-ticket__image\">\n        <a href=\"https:\/\/www.ebilet.pl\/zwiedzanie\/zoo\/zwiedzanie-zoo-warszawa\">\n            <img decoding=\"async\" src=\"https:\/\/www.ebilet.pl\/media\/cms\/media\/qnjdrig5\/02_portal_552x736-a55d254f-067a-420b-9519-6afd98f421dd.webp\" alt=\"Plakat wydarzenia\" \/>\n        <\/a>\n    <\/div>\n             \n    <div class=\"card-ticket__link\">\n        <a href=\"https:\/\/www.ebilet.pl\/zwiedzanie\/zoo\/zwiedzanie-zoo-warszawa\" class=\"button button--theme-primary-yellow button--withIconLeft button--size-small\">\n            <span class=\"button__icon icon icon-ticket\"><\/span>\n            <p class=\"button__text typo-16 f-600\">Kup bilet<\/p>\n        <\/a>\n    <\/div>\n    <\/div>                                    <\/div>\n                                <\/div>\n                                                            <div class=\"tickets-slider__sliderItem swiper-slide\"\n                                    data-id=\"125950\"\n                                    data-name=\"Zwiedzanie ZOO Wroc\u0142aw\"\n                                    data-brand=\"ZOO Wroc\u0142aw\"\n                                    data-category=\"zwiedzanie\"\n                                    data-subcategory=\"zoo\"\n                                    data-city=\"Wroc\u0142aw\"\n                                    data-venue=\"ZOO we Wroc\u0142awiu\">\n                                    <div class=\"tickets-slider__sliderCard\">\n                                        \n<div class=\"card-ticket\">\n        <div class=\"card-ticket__image\">\n        <a href=\"https:\/\/www.ebilet.pl\/zwiedzanie\/zoo\/zwiedzanie-zoo-wroclaw\">\n            <img decoding=\"async\" src=\"https:\/\/www.ebilet.pl\/media\/cms\/media\/404efgyq\/02_zoo_ebilet_552x736px-14c81904-9665-fd3e-3808-6caba6b3c703.webp\" alt=\"Plakat wydarzenia\" \/>\n        <\/a>\n    <\/div>\n             \n    <div class=\"card-ticket__link\">\n        <a href=\"https:\/\/www.ebilet.pl\/zwiedzanie\/zoo\/zwiedzanie-zoo-wroclaw\" class=\"button button--theme-primary-yellow button--withIconLeft button--size-small\">\n            <span class=\"button__icon icon icon-ticket\"><\/span>\n            <p class=\"button__text typo-16 f-600\">Kup bilet<\/p>\n        <\/a>\n    <\/div>\n    <\/div>                                    <\/div>\n                                <\/div>\n                                                            <div class=\"tickets-slider__sliderItem swiper-slide\"\n                                    data-id=\"11852\"\n                                    data-name=\"2026 BOLL FIM Speedway World Cup - Warsaw\"\n                                    data-brand=\"Polski Zwi\u0105zek Motorowy\"\n                                    data-category=\"sport\"\n                                    data-subcategory=\"sporty-motorowe\"\n                                    data-city=\"Warszawa\"\n                                    data-venue=\"PGE Narodowy im. Kazimierza G\u00f3rskiego\">\n                                    <div class=\"tickets-slider__sliderCard\">\n                                        \n<div class=\"card-ticket\">\n        <div class=\"card-ticket__image\">\n        <a href=\"https:\/\/www.ebilet.pl\/sport\/sporty-motorowe\/speedway\">\n            <img decoding=\"async\" src=\"https:\/\/www.ebilet.pl\/media\/cms\/media\/2qvikxoe\/552x736-8-9e9e63ae-f0ee-4226-be05-597ca8f4bc1b.webp\" alt=\"Plakat wydarzenia\" \/>\n        <\/a>\n    <\/div>\n             \n    <div class=\"card-ticket__link\">\n        <a href=\"https:\/\/www.ebilet.pl\/sport\/sporty-motorowe\/speedway\" class=\"button button--theme-primary-yellow button--withIconLeft button--size-small\">\n            <span class=\"button__icon icon icon-ticket\"><\/span>\n            <p class=\"button__text typo-16 f-600\">Kup bilet<\/p>\n        <\/a>\n    <\/div>\n    <\/div>                                    <\/div>\n                                <\/div>\n                                                            <div class=\"tickets-slider__sliderItem swiper-slide\"\n                                    data-id=\"49432\"\n                                    data-name=\"Wroc\u0142aw Hip Hop Festival 2026\"\n                                    data-brand=\"Stowarzyszenie Planeta M\u0142odych\"\n                                    data-category=\"muzyka\"\n                                    data-subcategory=\"festiwale\"\n                                    data-city=\"Wroc\u0142aw\"\n                                    data-venue=\"Hala Stulecia\">\n                                    <div class=\"tickets-slider__sliderCard\">\n                                        \n<div class=\"card-ticket\">\n        <div class=\"card-ticket__image\">\n        <a href=\"https:\/\/www.ebilet.pl\/muzyka\/festiwale\/wroclaw-hip-hop-festival\">\n            <img decoding=\"async\" src=\"https:\/\/www.ebilet.pl\/media\/cms\/media\/004dfv2o\/0423-whhf-ebilet_05-ffc5e42c-1240-4118-ae1c-5f49984461c5.webp\" alt=\"Plakat wydarzenia\" \/>\n        <\/a>\n    <\/div>\n             \n    <div class=\"card-ticket__link\">\n        <a href=\"https:\/\/www.ebilet.pl\/muzyka\/festiwale\/wroclaw-hip-hop-festival\" class=\"button button--theme-primary-yellow button--withIconLeft button--size-small\">\n            <span class=\"button__icon icon icon-ticket\"><\/span>\n            <p class=\"button__text typo-16 f-600\">Kup bilet<\/p>\n        <\/a>\n    <\/div>\n    <\/div>                                    <\/div>\n                                <\/div>\n                                                            <div class=\"tickets-slider__sliderItem swiper-slide\"\n                                    data-id=\"7104\"\n                                    data-name=\"Open&#039;er Festival 2026\"\n                                    data-brand=\"Alter Art\"\n                                    data-category=\"muzyka\"\n                                    data-subcategory=\"festiwale\"\n                                    data-city=\"Gdynia\"\n                                    data-venue=\"Lotnisko Gdynia - Kosakowo\">\n                                    <div class=\"tickets-slider__sliderCard\">\n                                        \n<div class=\"card-ticket\">\n        <div class=\"card-ticket__image\">\n        <a href=\"https:\/\/www.ebilet.pl\/muzyka\/festiwale\/opener-festival\">\n            <img decoding=\"async\" src=\"https:\/\/www.ebilet.pl\/media\/cms\/media\/qvef4ie4\/opener2026_552x736-e8fd0918-0d0e-47d3-bbe0-f4f0302085e4.webp\" alt=\"Plakat wydarzenia\" \/>\n        <\/a>\n    <\/div>\n             \n    <div class=\"card-ticket__link\">\n        <a href=\"https:\/\/www.ebilet.pl\/muzyka\/festiwale\/opener-festival\" class=\"button button--theme-primary-yellow button--withIconLeft button--size-small\">\n            <span class=\"button__icon icon icon-ticket\"><\/span>\n            <p class=\"button__text typo-16 f-600\">Kup bilet<\/p>\n        <\/a>\n    <\/div>\n    <\/div>                                    <\/div>\n                                <\/div>\n                                                            <div class=\"tickets-slider__sliderItem swiper-slide\"\n                                    data-id=\"54019\"\n                                    data-name=\"Kayah &amp; Bregovi\u0107 - Huczne Poprawiny 2026\"\n                                    data-brand=\"Charm Music\"\n                                    data-category=\"muzyka\"\n                                    data-subcategory=\"pop\"\n                                    data-city=\"Kielce, Koszalin, Opole i inne\"\n                                    data-venue=\"Narodowe Centrum Polskiej Piosenki\">\n                                    <div class=\"tickets-slider__sliderCard\">\n                                        \n<div class=\"card-ticket\">\n        <div class=\"card-ticket__image\">\n        <a href=\"https:\/\/www.ebilet.pl\/muzyka\/pop\/kayah-bregovic\">\n            <img decoding=\"async\" src=\"https:\/\/www.ebilet.pl\/media\/cms\/media\/x3oianeo\/552x736.webp\" alt=\"Plakat wydarzenia\" \/>\n        <\/a>\n    <\/div>\n             \n    <div class=\"card-ticket__link\">\n        <a href=\"https:\/\/www.ebilet.pl\/muzyka\/pop\/kayah-bregovic\" class=\"button button--theme-primary-yellow button--withIconLeft button--size-small\">\n            <span class=\"button__icon icon icon-ticket\"><\/span>\n            <p class=\"button__text typo-16 f-600\">Kup bilet<\/p>\n        <\/a>\n    <\/div>\n    <\/div>                                    <\/div>\n                                <\/div>\n                                                    <\/div>\n                    <\/div>\n                <\/div>\n            <\/div>\n        <\/div>\n    <\/div>\n<\/section>\n\n\n<section class=\"text-block  section-margin-32\" >\n    <div class=\"container\">\n        <div class=\"row\">\n            <div class=\"col-24\">\n                <div class=\"text-block__content\"><h2><strong>Jak \u015bwi\u0119tuje si\u0119 pierwszy dzie\u0144 wiosny na \u015bwiecie?\u00a0<\/strong><\/h2>\n<p><span style=\"font-weight: 400;\">Jak to m\u00f3wi\u0105: co kraj, to obyczaj. I tym obyczajom i obrz\u0119dom zwi\u0105zanym z pierwszym dniem wiosny na \u015bwiecie w\u0142a\u015bnie teraz si\u0119 przyjrzymy.\u00a0<\/span><\/p>\n<p><b><i>Fun fact:<\/i><\/b> <span style=\"font-weight: 400;\">je\u015bli kt\u00f3ry\u015b spos\u00f3b ci si\u0119 spodoba, mo\u017cesz go wykorzysta\u0107! To, \u017ce mieszkasz w Polsce nie oznacza, \u017ce musisz wciska\u0107 si\u0119 do ciasnej szufladki. \u015awi\u0119tuj tak, jak lubisz i ciesz si\u0119 tym.<\/span><\/p>\n<h3><strong>Chi\u0144ski Nowy Rok \u2013 Chiny (stycze\u0144\/luty)<\/strong><\/h3>\n<p><b>Chi\u0144ski Nowy rok \u2013 <\/b><b><i>Ch\u016bnji\u00e9<\/i><\/b><b> \u2013 to w dos\u0142ownym t\u0142umaczeniu \u201c\u015awi\u0119to Wiosny\u201d,<\/b><span style=\"font-weight: 400;\"> najwa\u017cniejsze \u015bwi\u0119to w tym kraju. Przypada mi\u0119dzy 21 stycznia a 20 lutego. Przygotowania do niego rozpoczynaj\u0105 si\u0119 ju\u017c miesi\u0105c wcze\u015bniej. Rodziny sprz\u0105taj\u0105 domy, by wygna\u0107 z\u0142e duchy. \u017begnaj\u0105 domowego boga kuchni. Jedz\u0105 sut\u0105 kolacj\u0119 i robi\u0119 wiele innych ciekawych rzeczy. W wigili\u0119 Nowego Roku rodziny wsp\u00f3lnie przygotowuj\u0105 posi\u0142ki \u2013 piero\u017cki jiaozi, owoce, ciasta. Bliscy obdarowuj\u0105 si\u0119 upominkami, ogl\u0105daj\u0105 pokazy sztucznych ogni i jedz\u0105 wsp\u00f3ln\u0105 kolacj\u0119, kt\u00f3ra trwa do rana (graj\u0105 w mi\u0119dzyczasie w gry, np. mahjonga). W dzie\u0144 Nowego Roku odbywa si\u0119 \u015bwi\u0119towanie na ulicach miast (wtedy pojawia si\u0119 tam wielki smok). \u015awi\u0119towanie ko\u0144czy si\u0119 po dw\u00f3ch tygodniach \u015bwi\u0119tem Latarni.\u00a0<\/span><\/p>\n<h3><strong>Imbolc \u2013 Irlandia (1 lutego)<\/strong><\/h3>\n<p><b>Imbolc pochodzi z czas\u00f3w przedchrze\u015bcija\u0144skich. <\/b><span style=\"font-weight: 400;\">Wed\u0142ug celtyckiego kalendarza wiosna rozpoczyna si\u0119 w\u0142a\u015bnie 1 lutego. Ten dzie\u0144 by\u0142 po\u015bwi\u0119cony Brigid \u2013 irlandzkiej bogini wiosny, lecznictwa, poezji oraz rzemios\u0142a. Samo \u015bwi\u0119to mia\u0142o oznacza\u0107 oczyszczenie przez \u201cogie\u0144 i wod\u0119\u201d.<\/span><b> A sk\u0105d jego nazwa? <\/b><span style=\"font-weight: 400;\">Wed\u0142ug poezji z tamtych czas\u00f3w, pochodzi od mleka owiec (prawdopodobnie dlatego, \u017ce w\u0142a\u015bnie w tym czasie zaczyna\u0142a si\u0119 u nich laktacja).\u00a0<\/span><\/p>\n<p><span style=\"font-weight: 400;\">Oczywi\u015bcie po wprowadzeniu chrze\u015bcija\u0144stwa, trzeba by\u0142o wymy\u015bli\u0107 co\u015b, dzi\u0119ki czemu ludzie przestan\u0105 uczestniczy\u0107 w dawnych obrz\u0119dach. Dlatego te\u017c 2 lutego pojawi\u0142o si\u0119 \u015bwi\u0119to Ofiarowania Pa\u0144skiego, a 1 lutego jest Dzie\u0144 \u015awi\u0119tej Brygidy.<\/span><\/p>\n<h3><strong>Setsubun \u2013 Japonia (3 lub 4 lutego)<\/strong><\/h3>\n<p><span style=\"font-weight: 400;\">W Japonii obchodzone jest \u015bwi\u0119to Setsubun. W tym kraju ka\u017cdy rok ma swoje patronuj\u0105ce zwierz\u0119.<\/span><b> 3 lub 4 lutego m\u0119\u017cczy\u017ani, kt\u00f3rzy urodzili si\u0119 w roku o takim samym patronie jak aktualny, musz\u0105 odp\u0119dzi\u0107 demony.<\/b><span style=\"font-weight: 400;\"> Je\u015bli takich m\u0119\u017cczyzn nie ma, obowi\u0105zek spoczywa na najstarszym z nich.\u00a0<\/span><\/p>\n<p><b>Jak to robi\u0105? <\/b><span style=\"font-weight: 400;\">Ot\u00f3\u017c rzucaj\u0105 w z\u0142e duchy ziarnami (najcz\u0119\u015bciej to pra\u017cona soja) i krzycz\u0105 zakl\u0119cia, np. <\/span><i><span style=\"font-weight: 400;\">demony precz, szcz\u0119\u015bcie przyjd\u017a.<\/span><\/i><span style=\"font-weight: 400;\"> A potem\u2026 zbieraj\u0105 te ziarna i zjadaj\u0105 ich tyle, ile maj\u0105 lat oraz dodatkowe jedno, \u017ceby rok by\u0142 pomy\u015blny.\u00a0<\/span><\/p>\n<h3><strong>Holi \u2013 Indie (luty\/marzec)<\/strong><\/h3>\n<p><b>W Indiach obchodzone jest \u015bwi\u0119to Holi \u2013 rado\u015bci i wiosny. <\/b><span style=\"font-weight: 400;\">Obchodzone jest przewa\u017cnie w dniu pe\u0142ni ksi\u0119\u017cyca, st\u0105d jego ruchomo\u015b\u0107. Celebrowanie zaczyna si\u0119 przy ognisku Holika. Ludzie \u015bpiewaj\u0105 i ta\u0144cz\u0105 razem. Kolejnego dnia rano odbywa si\u0119 festiwal kolor\u00f3w \u2013 mieszka\u0144cy obrzucaj\u0105 si\u0119 kolorowymi proszkami i oblewaj\u0105 farbami z wod\u0105. Opr\u00f3cz tego odwiedzaj\u0105 bliskich oraz\u2026 wrog\u00f3w, by celebrowa\u0107 rado\u015b\u0107, wybaczy\u0107 b\u0142\u0119dy z przesz\u0142o\u015bci i zapomnie\u0107 o krzywdach.\u00a0<\/span><\/p>\n<h3><strong>Maslenica \u2013 Rosja, Ukraina, Bia\u0142oru\u015b (7 tygodni przed Wielkanoc\u0105)<\/strong><\/h3>\n<p><span style=\"font-weight: 400;\">Maslenica to \u015bwi\u0105teczny zwyczaj, kt\u00f3ry zachowa\u0142 si\u0119 jeszcze z czas\u00f3w poga\u0144skiej Rusi (st\u0105d obchodzony jest w Rosji, Ukrainie i Bia\u0142orusi). Oczywi\u015bcie ko\u015bci\u00f3\u0142 prawos\u0142awny musia\u0142 to \u015bwi\u0119to przej\u0105\u0107, by ludzie przestali celebrowa\u0107 poga\u0144skie obrz\u0119dy, wi\u0119c jest to teraz niejako \u015bwi\u0119to ko\u015bcielne, obchodzone na 7 tygodni przed Wielkanoc\u0105.\u00a0<\/span><\/p>\n<p><span style=\"font-weight: 400;\">Wcze\u015bniej za\u015b by\u0142a obchodzona w dzie\u0144 r\u00f3wnonocy wiosennej. By\u0142 to dzie\u0144 wybaczania krzywd i pojednania z bli\u017animi.\u00a0<\/span><\/p>\n<h3><strong>Przekupywanie Baby Marty \u2013 Bu\u0142garia (1 marca)<\/strong><\/h3>\n<p><span style=\"font-weight: 400;\">Kojarzysz Buk\u0119 \u2013 postrach z \u201cDoliny Mumink\u00f3w\u201d? To Baba Marta te\u017c jest taka troch\u0119 straszna. Przybiera posta\u0107 z\u0142o\u015bliwej staruszki, kt\u00f3ra zrobi wszystko, by zima nie odesz\u0142a. Ale Bu\u0142garzy s\u0105 przebiegli i maj\u0105 na ni\u0105 sw\u00f3j spos\u00f3b: <\/span><i><span style=\"font-weight: 400;\">martenice<\/span><\/i><span style=\"font-weight: 400;\">. To bia\u0142o-czerwone ga\u0142ganki, kt\u00f3re mog\u0105 przybiera\u0107 kszta\u0142t laleczek, ale te\u017c pomponik\u00f3w lub zwyk\u0142ych wst\u0105\u017ceczek. Obdarowuj\u0105 si\u0119 oni nimi wzajemnie, dekoruj\u0105 drzewa i domy i\u2026 sprawiaj\u0105, \u017ce Baba Marta jest zadowolona i pozwala zimie odej\u015b\u0107.<\/span><\/p>\n<\/div>\n            <\/div>\n        <\/div>\n    <\/div>\n<\/section>\n\n\n<section  class=\"recommended-article  section-margin-32\">\n    <div class=\"container\">\n        <div class=\"row\">\n            <div class=\"col-24\">\n                                <div class=\"recommended-article__title\">\n                    <p class=\"typo-18\">Przeczytaj te\u017c:<\/p>\n                <\/div>\n                                                <div class=\"recommended-article__card\">\n                    \n<div class=\"card-article  card-article--imgpadding-default card-article--featured\">\n    <div class=\"card-article__wrapper\">\n                <div class=\"card-article__thumbnail\">\n                        <a class=\"card-article__link\" href=\"https:\/\/www.ebilet.pl\/now\/co-robic-wiosna-z-dzieckiem-27-pomyslow-na-kazda-kieszen-i-kazda-pogode\/\" title=\"Co robi\u0107 wiosn\u0105 z dzieckiem? 27 pomys\u0142\u00f3w na ka\u017cd\u0105 kiesze\u0144 i ka\u017cd\u0105 pogod\u0119\"><\/a>\n                        <div class=\"card-article__image\"><img loading=\"lazy\" decoding=\"async\" width=\"1920\" height=\"1080\" src=\"https:\/\/www.ebilet.pl\/now\/app\/uploads\/2026\/03\/dzieci_wiosna.jpg\" class=\"attachment- size-\" alt=\"\" srcset=\"https:\/\/www.ebilet.pl\/now\/app\/uploads\/2026\/03\/dzieci_wiosna.jpg 1920w, https:\/\/www.ebilet.pl\/now\/app\/uploads\/2026\/03\/dzieci_wiosna-1024x576.jpg 1024w, https:\/\/www.ebilet.pl\/now\/app\/uploads\/2026\/03\/dzieci_wiosna-1536x864.jpg 1536w, https:\/\/www.ebilet.pl\/now\/app\/uploads\/2026\/03\/dzieci_wiosna-1280x720.jpg 1280w, https:\/\/www.ebilet.pl\/now\/app\/uploads\/2026\/03\/dzieci_wiosna-500x281.jpg 500w, https:\/\/www.ebilet.pl\/now\/app\/uploads\/2026\/03\/dzieci_wiosna-632x356.jpg 632w, https:\/\/www.ebilet.pl\/now\/app\/uploads\/2026\/03\/dzieci_wiosna-308x174.jpg 308w\" sizes=\"(max-width: 1920px) 100vw, 1920px\" \/><\/div>\n        <\/div>\n                        <div class=\"card-article__content\">\n                        <div class=\"card-article__top\">\n                                <div class=\"card-article__date\">\n                    <span class=\"card-article__dateIcon icon icon-calendar\"><\/span>\n                    <span class=\"typo-12\">10.03.2026<\/span>\n                <\/div>\n                                                <div class=\"card-article__categories\">\n                                        <div class=\"card-article__category\">\n                    \n<a href=\"https:\/\/www.ebilet.pl\/now\/tag\/poradnik\/\" class=\"tag tag--fire-opal\" style=\"background-color: #ffbc03\">\n    <p class=\"tag__name\">Poradnik<\/p>\n<\/a>\n                    <\/div>\n                                    <\/div>\n                                            <\/div>\n                                    <div class=\"card-article__title under-h4\">\n                                    <a href=\"https:\/\/www.ebilet.pl\/now\/co-robic-wiosna-z-dzieckiem-27-pomyslow-na-kazda-kieszen-i-kazda-pogode\/\" class=\"split-title typo-h1 f-700\" data-text-split>\n                                                    <span class=\"split-title__word\">Co<\/span>\n                                                    <span class=\"split-title__word\">robi\u0107<\/span>\n                                                    <span class=\"split-title__word\">wiosn\u0105<\/span>\n                                                    <span class=\"split-title__word\">z<\/span>\n                                                    <span class=\"split-title__word\">dzieckiem?<\/span>\n                                                    <span class=\"split-title__word\">27<\/span>\n                                                    <span class=\"split-title__word\">pomys\u0142\u00f3w<\/span>\n                                                    <span class=\"split-title__word\">na<\/span>\n                                                    <span class=\"split-title__word\">ka\u017cd\u0105<\/span>\n                                                    <span class=\"split-title__word\">kiesze\u0144<\/span>\n                                                    <span class=\"split-title__word\">i<\/span>\n                                                    <span class=\"split-title__word\">ka\u017cd\u0105<\/span>\n                                                    <span class=\"split-title__word\">pogod\u0119<\/span>\n                                            <\/a>\n                            <\/div>\n                                <\/div>\n    <\/div>\n<\/div>                <\/div>\n                            <\/div>\n        <\/div>\n    <\/div>\n<\/section>\n\n\n<section class=\"text-block  section-margin-32\" >\n    <div class=\"container\">\n        <div class=\"row\">\n            <div class=\"col-24\">\n                <div class=\"text-block__content\"><h3><strong>Martisor \u2013 Rumunia (1 marca)<\/strong><\/h3>\n<p><span style=\"font-weight: 400;\">W Rumunii tak\u017ce pierwszy dzie\u0144 wiosny obchodzony jest 1 marca, a zwyczaje jej mieszka\u0144c\u00f3w s\u0105 w pewnym sensie podobne do bu\u0142garskich. Rumuni robi\u0105 kokardki z kolorowej we\u0142ny, kt\u00f3re maj\u0105 symbolizowa\u0107 rado\u015b\u0107 i szcz\u0119\u015bcie towarzysz\u0105ce budzeniu si\u0119 nowego \u017cycia. \u015awi\u0119towanie trwa ca\u0142y tydzie\u0144 i odbywaj\u0105 si\u0119 wtedy ludowe zabawy. Mieszka\u0144cy obdarowuj\u0105 si\u0119 z tej okazji drobnymi prezentami.\u00a0<\/span><\/p>\n<h3><strong>Kaziuk \u2013 Litwa (8 marca)<\/strong><\/h3>\n<p><span style=\"font-weight: 400;\">Na Litwie odbywa si\u0119 Kaziuk (Kaziuki), czyli festiwal z okazji nadej\u015bcia wiosny. Jego symbolem s\u0105 kwiaty. Tworzy si\u0119 wtedy bukiety z ususzonych, zesz\u0142orocznych kwiat\u00f3w, traw i k\u0142os\u00f3w. Opr\u00f3cz tego znajdziesz tam gliniane dzwonki, pochody z przebiera\u0144cami, kaziukowe serca i inne lokalne wyroby.\u00a0<\/span><\/p>\n<h3><strong>\u015awi\u0119to ognia \u2013 Hiszpania (16-19 marca)<\/strong><\/h3>\n<p><span style=\"font-weight: 400;\">\u015awi\u0119to Ognia \u2013 <\/span><i><span style=\"font-weight: 400;\">Fiesta de Las Fallas<\/span><\/i><span style=\"font-weight: 400;\"> \u2013 hiszpa\u0144ski festiwal, kt\u00f3ry co roku odbywa si\u0119 w Walencji. Jego g\u0142\u00f3wnym elementem s\u0105 rze\u017aby tworzone wed\u0142ug projekt\u00f3w zawodowych plastyk\u00f3w. Wykorzystuje si\u0119 do tego karton, plastry, wosk i drewno. Potem \u2013 w ostatnim dniu obchod\u00f3w, pali si\u0119 je na ulicach miasta. Ka\u017cdej du\u017cej rze\u017abie towarzyszy ma\u0142a, przygotowana przez dzieci.\u00a0<\/span><\/p>\n<p><span style=\"font-weight: 400;\">Ale to nie wszystko. Od 16 marca mieszka\u0144cy wk\u0142adaj\u0105 tradycyjne stroje i maszeruj\u0105 przez miasto. Wybierane s\u0105 naj\u0142adniejsze rze\u017aby \u2013 fallery. Wieczorem za to przez miasto maszeruj\u0105 lokalne orkiestry, odbywaj\u0105 si\u0119 pokazy jazdy konnej i zabawa do rana.\u00a0<\/span><\/p>\n<p><span style=\"font-weight: 400;\">17 marca ludzie ofiaruj\u0105 kwiaty Matce Boskiej.\u00a0<\/span><\/p>\n<h3><strong>Powitanie wiosny \u2013 Meksyk (19-21 marca)<\/strong><\/h3>\n<p><span style=\"font-weight: 400;\">Meksykanie witaj\u0105 wiosn\u0119, gromadz\u0105c si\u0119 wok\u00f3\u0142 prekolumbijskich zabytk\u00f3w (g\u0142\u00f3wnie staro\u017cytnych piramid i \u015bwi\u0105ty\u0144). Mistekowie, Toltecy, Olmecy i Aztekowie wybierali miejsca budowy tych\u017ce budowli zgodnie z wiedz\u0105 astronomiczn\u0105. <\/span><b>Do dzi\u015b Meksykanie wierz\u0105, \u017ce s\u0105 one pe\u0142ne dobrej mocy, z kt\u00f3rej mo\u017cna czerpa\u0107 energi\u0119.\u00a0<\/b><\/p>\n<p><span style=\"font-weight: 400;\">Jednym z takich miejsc jest Piramida S\u0142o\u0144ca (Teotihuacan, 50 km od Meksyku). Wi\u0119kszo\u015b\u0107 os\u00f3b, kt\u00f3re mo\u017cesz zobaczy\u0107 tam w dniach od 19 do 21 marca, jest ubranych w tradycyjne, bia\u0142e stroje.\u00a0<\/span><\/p>\n<h3><strong>Neypi \u2013 Bali (okolice r\u00f3wnonocy wiosennej)<\/strong><\/h3>\n<p><span style=\"font-weight: 400;\">\u015awi\u0119to Neypi obchodzone jest na Bali w dniu \u201cnast\u0119puj\u0105cym po nowiu dziewi\u0105tego miesi\u0105ca ksi\u0119\u017cycowego, zazwyczaj w marcu lub kwietniu\u201d. <\/span><b>Nazywa si\u0119 je Dniem Ciszy, bo tego dnia od 6 rano do 6 rano kolejnego dnia nie mo\u017cna:<\/b><\/p>\n<ul>\n<li style=\"font-weight: 400;\" aria-level=\"1\"><span style=\"font-weight: 400;\">rozpala\u0107 ognia,<\/span><\/li>\n<li style=\"font-weight: 400;\" aria-level=\"1\"><span style=\"font-weight: 400;\">podr\u00f3\u017cowa\u0107,<\/span><\/li>\n<li style=\"font-weight: 400;\" aria-level=\"1\"><span style=\"font-weight: 400;\">pracowa\u0107.\u00a0<\/span><\/li>\n<\/ul>\n<p><span style=\"font-weight: 400;\">Zamkni\u0119te jest wtedy nawet mi\u0119dzynarodowe lotnisko na Bali. Ludzie zostaj\u0105 w domach, medytuj\u0105c, rozmy\u015blaj\u0105c i siedz\u0105c cicho, by demony ich nie zauwa\u017cy\u0142y i sobie posz\u0142y. Spokoju pilnuj\u0105 specjalne s\u0142u\u017cby \u2013 Pecalangs.\u00a0<\/span><\/p>\n<p><b>Za to dzie\u0144 przed\u2026 odbywaj\u0105 si\u0119 ha\u0142a\u015bliwe procesje, <\/b><span style=\"font-weight: 400;\">kt\u00f3re maj\u0105 odgoni\u0107 z\u0142e duchy. Mieszka\u0144cy nosz\u0105 ogromne wizerunki demon\u00f3w i sk\u0142adaj\u0105 ofiary, by si\u0142y nieczyste by\u0142y dla nich \u0142agodniejsze. Parada trwa przez ca\u0142y dzie\u0144 i noc, a\u017c do wschodu s\u0142o\u0144ca.<\/span><\/p>\n<\/div>\n            <\/div>\n        <\/div>\n    <\/div>\n<\/section>\n\n\n    <section class=\"events-carousel-block  section-margin-32\"\n        data-events-carousel\n        data-settings='{\"per_view\":5}'\n        data-item-list-name=\"Karuzela niska Polecamy na eBilet.pl\"\n        data-item-list-id=\"karuzela_niska Polecamy na eBilet.pl\"\n        >\n        <div class=\"container\">\n                            <div class=\"row\">\n                    <div class=\"col-24\">\n                        <div class=\"events-carousel-block__title\">\n                            <h2 class=\"typo-h2\">Polecamy na eBilet.pl<\/h2>\n                        <\/div>\n                    <\/div>\n                <\/div>\n                        <div class=\"row\">\n                <div class=\"col-24\">\n                    <div class=\"events-carousel-block__events\">\n                        <div class=\"events-carousel-block__nav events-carousel-block__nav--prev\">\n                            <div class=\"button button--withIcon button--theme-white-blur button--size-fixed-48\" data-events-carousel-prev>\n                                <span class=\"button__icon icon icon-chevron-left\"><\/span>\n                            <\/div>\n                        <\/div>\n                        <div class=\"events-carousel-block__nav events-carousel-block__nav--next\">\n                            <div class=\"button button--withIcon button--theme-white-blur button--size-fixed-48\" data-events-carousel-next>\n                                <span class=\"button__icon icon icon-chevron-right\"><\/span>\n                            <\/div>\n                        <\/div>\n                        <div class=\"events-carousel-block__slider swiper\" data-events-carousel-slider>\n                            <div class=\"events-carousel-block__sliderWrapper swiper-wrapper\">\n                                                                    <div class=\"events-carousel-block__sliderItem swiper-slide\"\n                                        data-id=\"49432\"\n                                        data-name=\"Wroc\u0142aw Hip Hop Festival 2026\"\n                                        data-brand=\"Stowarzyszenie Planeta M\u0142odych\"\n                                        data-category=\"muzyka\"\n                                        data-subcategory=\"festiwale\"\n                                        data-city=\"Wroc\u0142aw\"\n                                        data-venue=\"Hala Stulecia\">\n                                        \n<div class=\"card-event  card-event--size-small\">\n        <a href=\"https:\/\/www.ebilet.pl\/muzyka\/festiwale\/wroclaw-hip-hop-festival\" target=\"_blank\" class=\"card-event__link\" rel=\"nofollow noopener\"><\/a>\n        <div class=\"card-event__wrapper\">\n        <div class=\"card-event__image\">\n            <img decoding=\"async\" src=\"https:\/\/www.ebilet.pl\/media\/cms\/media\/lvzja1iu\/0423-whhf-ebilet_04-34833b89-9f8c-4789-ab22-478b4f7f80f5.webp\" alt=\"\">\n        <\/div>\n        <div class=\"card-event__data\">\n            <div class=\"card-event__name\">\n                <p>Wroc\u0142aw Hip Hop Festival 2026<\/p>\n            <\/div>\n            <div class=\"card-event__date\"><\/div>\n            <div class=\"card-event__location\">Wroc\u0142aw<\/div>\n        <\/div>\n    <\/div>\n<\/div>                                    <\/div>\n                                                                    <div class=\"events-carousel-block__sliderItem swiper-slide\"\n                                        data-id=\"63906\"\n                                        data-name=\"Mecze towarzyskie Reprezentacji Polski m\u0119\u017cczyzn w siatk\u00f3wce\"\n                                        data-brand=\"Polska Siatk\u00f3wka Sp. z o.o.\"\n                                        data-category=\"sport\"\n                                        data-subcategory=\"sporty-druzynowe\"\n                                        data-city=\"Katowice, Sosnowiec\"\n                                        data-venue=\"ArcelorMittal Park w Sosnowcu\">\n                                        \n<div class=\"card-event  card-event--size-small\">\n        <a href=\"https:\/\/www.ebilet.pl\/sport\/sporty-druzynowe\/mecz-siatkowki\" target=\"_blank\" class=\"card-event__link\" rel=\"nofollow noopener\"><\/a>\n        <div class=\"card-event__wrapper\">\n        <div class=\"card-event__image\">\n            <img decoding=\"async\" src=\"https:\/\/www.ebilet.pl\/media\/cms\/media\/gybgdbo1\/mecz-3fa737c0-73c0-47cb-b1ad-88821337eb71.webp\" alt=\"\">\n        <\/div>\n        <div class=\"card-event__data\">\n            <div class=\"card-event__name\">\n                <p>Mecze towarzyskie Reprezentacji Polski m\u0119\u017cczyzn w siatk\u00f3wce<\/p>\n            <\/div>\n            <div class=\"card-event__date\"><\/div>\n            <div class=\"card-event__location\">Katowice, Sosnowiec<\/div>\n        <\/div>\n    <\/div>\n<\/div>                                    <\/div>\n                                                                    <div class=\"events-carousel-block__sliderItem swiper-slide\"\n                                        data-id=\"205704\"\n                                        data-name=\"Osobowo\u015bci Romy: Janusz Kruci\u0144ski - MUZYKOTE\u2026REPAUTA\"\n                                        data-brand=\"Teatr Muzyczny Roma\"\n                                        data-category=\"teatr\"\n                                        data-subcategory=\"spektakle-muzyczne\"\n                                        data-city=\"Warszawa\"\n                                        data-venue=\"Teatr Muzyczny ROMA w Warszawie\">\n                                        \n<div class=\"card-event  card-event--size-small\">\n        <a href=\"https:\/\/www.ebilet.pl\/teatr\/spektakle-muzyczne\/muzykote-repauta\" target=\"_blank\" class=\"card-event__link\" rel=\"nofollow noopener\"><\/a>\n        <div class=\"card-event__wrapper\">\n        <div class=\"card-event__image\">\n            <img decoding=\"async\" src=\"https:\/\/www.ebilet.pl\/media\/cms\/media\/aijjik2h\/656x369_januszkrucinski.webp\" alt=\"\">\n        <\/div>\n        <div class=\"card-event__data\">\n            <div class=\"card-event__name\">\n                <p>Osobowo\u015bci Romy: Janusz Kruci\u0144ski &#8211; MUZYKOTE\u2026REPAUTA<\/p>\n            <\/div>\n            <div class=\"card-event__date\"><\/div>\n            <div class=\"card-event__location\">Warszawa<\/div>\n        <\/div>\n    <\/div>\n<\/div>                                    <\/div>\n                                                                    <div class=\"events-carousel-block__sliderItem swiper-slide\"\n                                        data-id=\"170324\"\n                                        data-name=\"SPI\u0118TY\/WY I ONI Inny Koncert\"\n                                        data-brand=\"AGENCJA ARTYSTYCZNA ART PROJEKT\"\n                                        data-category=\"muzyka\"\n                                        data-subcategory=\"rock\"\n                                        data-city=\"Katowice, Warszawa\"\n                                        data-venue=\"Narodowa Orkiestra Symfoniczna Polskiego Radia - NOSPR\">\n                                        \n<div class=\"card-event  card-event--size-small\">\n        <a href=\"https:\/\/www.ebilet.pl\/muzyka\/rock\/spiety-koncert\" target=\"_blank\" class=\"card-event__link\" rel=\"nofollow noopener\"><\/a>\n        <div class=\"card-event__wrapper\">\n        <div class=\"card-event__image\">\n            <img decoding=\"async\" src=\"https:\/\/www.ebilet.pl\/media\/cms\/media\/nmklbrig\/656-x-369_spiety_2026_zbiorcze_v02-1edd9ab3-0ab6-410c-b9e4-b711f9ff15ec.webp\" alt=\"\">\n        <\/div>\n        <div class=\"card-event__data\">\n            <div class=\"card-event__name\">\n                <p>SPI\u0118TY\/WY I ONI Inny Koncert<\/p>\n            <\/div>\n            <div class=\"card-event__date\"><\/div>\n            <div class=\"card-event__location\">Katowice, Warszawa<\/div>\n        <\/div>\n    <\/div>\n<\/div>                                    <\/div>\n                                                                    <div class=\"events-carousel-block__sliderItem swiper-slide\"\n                                        data-id=\"205823\"\n                                        data-name=\"Biak i Qzyn \/ JOCC 2\"\n                                        data-brand=\"Revolume Sp. z o.o.\"\n                                        data-category=\"muzyka\"\n                                        data-subcategory=\"hip-hop-rap\"\n                                        data-city=\"Warszawa\"\n                                        data-venue=\"Klub Mechanik\">\n                                        \n<div class=\"card-event  card-event--size-small\">\n        <a href=\"https:\/\/www.ebilet.pl\/muzyka\/hip-hop-rap\/biak-qzyn\" target=\"_blank\" class=\"card-event__link\" rel=\"nofollow noopener\"><\/a>\n        <div class=\"card-event__wrapper\">\n        <div class=\"card-event__image\">\n            <img decoding=\"async\" src=\"https:\/\/www.ebilet.pl\/media\/cms\/media\/jq5hk4y0\/biak_qzyn_wwa_1-dd0467f8-3d67-4f66-b29b-3a03f23d3b30.webp\" alt=\"\">\n        <\/div>\n        <div class=\"card-event__data\">\n            <div class=\"card-event__name\">\n                <p>Biak i Qzyn \/ JOCC 2<\/p>\n            <\/div>\n            <div class=\"card-event__date\"><\/div>\n            <div class=\"card-event__location\">Warszawa<\/div>\n        <\/div>\n    <\/div>\n<\/div>                                    <\/div>\n                                                                    <div class=\"events-carousel-block__sliderItem swiper-slide\"\n                                        data-id=\"201611\"\n                                        data-name=\"Koncert przy \u015bwiecach: Tribute to Metallica\"\n                                        data-brand=\"Candle Live Music\"\n                                        data-category=\"muzyka\"\n                                        data-subcategory=\"hard-heavy\"\n                                        data-city=\"Cz\u0119stochowa, Gda\u0144sk, Gliwice i inne\"\n                                        data-venue=\"Scena Gliwicka 120\">\n                                        \n<div class=\"card-event  card-event--size-small\">\n        <a href=\"https:\/\/www.ebilet.pl\/muzyka\/hard-heavy\/tribute-to-metallica\" target=\"_blank\" class=\"card-event__link\" rel=\"nofollow noopener\"><\/a>\n        <div class=\"card-event__wrapper\">\n        <div class=\"card-event__image\">\n            <img decoding=\"async\" src=\"https:\/\/www.ebilet.pl\/media\/cms\/media\/dbfodm5k\/clm-ebilet-metallica-656x369-ec0a8317-da6a-49cc-a5c0-4b1a97766ee2.webp\" alt=\"\">\n        <\/div>\n        <div class=\"card-event__data\">\n            <div class=\"card-event__name\">\n                <p>Koncert przy \u015bwiecach: Tribute to Metallica<\/p>\n            <\/div>\n            <div class=\"card-event__date\"><\/div>\n            <div class=\"card-event__location\">Cz\u0119stochowa, Gda\u0144sk, Gliwice i inne<\/div>\n        <\/div>\n    <\/div>\n<\/div>                                    <\/div>\n                                                                    <div class=\"events-carousel-block__sliderItem swiper-slide\"\n                                        data-id=\"165759\"\n                                        data-name=\"Koncert przy \u015bwiecach: ABBA &amp; Queen\"\n                                        data-brand=\"Candle Live Music\"\n                                        data-category=\"klasyka\"\n                                        data-subcategory=\"koncert\"\n                                        data-city=\"Krak\u00f3w, Nowy S\u0105cz, Pozna\u0144 i inne\"\n                                        data-venue=\"Miejski Dom Kultury w \u015awinouj\u015bciu\">\n                                        \n<div class=\"card-event  card-event--size-small\">\n        <a href=\"https:\/\/www.ebilet.pl\/klasyka\/koncert\/abba-i-queen\" target=\"_blank\" class=\"card-event__link\" rel=\"nofollow noopener\"><\/a>\n        <div class=\"card-event__wrapper\">\n        <div class=\"card-event__image\">\n            <img decoding=\"async\" src=\"https:\/\/www.ebilet.pl\/media\/cms\/media\/cq1acw1x\/koncert-fortepianowy-abba-i-queen-1080x1080-ebilet-8d0f19ae-525a-425e-8c82-86397b0e98b1.webp\" alt=\"\">\n        <\/div>\n        <div class=\"card-event__data\">\n            <div class=\"card-event__name\">\n                <p>Koncert przy \u015bwiecach: ABBA &#038; Queen<\/p>\n            <\/div>\n            <div class=\"card-event__date\"><\/div>\n            <div class=\"card-event__location\">Krak\u00f3w, Nowy S\u0105cz, Pozna\u0144 i inne<\/div>\n        <\/div>\n    <\/div>\n<\/div>                                    <\/div>\n                                                                    <div class=\"events-carousel-block__sliderItem swiper-slide\"\n                                        data-id=\"48780\"\n                                        data-name=\"Mistrzostwa \u015awiata w koszyk\u00f3wce 3x3 2026\"\n                                        data-brand=\"Polski Zwi\u0105zek Koszyk\u00f3wki\"\n                                        data-category=\"sport\"\n                                        data-subcategory=\"sporty-druzynowe\"\n                                        data-city=\"Warszawa\"\n                                        data-venue=\"Plac Defilad \">\n                                        \n<div class=\"card-event  card-event--size-small\">\n        <a href=\"https:\/\/www.ebilet.pl\/sport\/sporty-druzynowe\/koszykowka\" target=\"_blank\" class=\"card-event__link\" rel=\"nofollow noopener\"><\/a>\n        <div class=\"card-event__wrapper\">\n        <div class=\"card-event__image\">\n            <img decoding=\"async\" src=\"https:\/\/www.ebilet.pl\/media\/cms\/media\/rvgltjtv\/656x369-9f96cbe2-4fe8-4ff7-92f4-2ae8e2e3a231.webp\" alt=\"\">\n        <\/div>\n        <div class=\"card-event__data\">\n            <div class=\"card-event__name\">\n                <p>Mistrzostwa \u015awiata w koszyk\u00f3wce 3&#215;3 2026<\/p>\n            <\/div>\n            <div class=\"card-event__date\"><\/div>\n            <div class=\"card-event__location\">Warszawa<\/div>\n        <\/div>\n    <\/div>\n<\/div>                                    <\/div>\n                                                                    <div class=\"events-carousel-block__sliderItem swiper-slide\"\n                                        data-id=\"205797\"\n                                        data-name=\"Ajla &amp; Lowra\"\n                                        data-brand=\"MIH Agency\"\n                                        data-category=\"muzyka\"\n                                        data-subcategory=\"hip-hop-rap\"\n                                        data-city=\"Krak\u00f3w, Warszawa\"\n                                        data-venue=\"Alchemia\">\n                                        \n<div class=\"card-event  card-event--size-small\">\n        <a href=\"https:\/\/www.ebilet.pl\/muzyka\/hip-hop-rap\/ajla-lowra\" target=\"_blank\" class=\"card-event__link\" rel=\"nofollow noopener\"><\/a>\n        <div class=\"card-event__wrapper\">\n        <div class=\"card-event__image\">\n            <img decoding=\"async\" src=\"https:\/\/www.ebilet.pl\/media\/cms\/media\/vnscwejm\/656x369-01acf3cb-a153-4d28-8cef-0b991883002c.webp\" alt=\"\">\n        <\/div>\n        <div class=\"card-event__data\">\n            <div class=\"card-event__name\">\n                <p>Ajla &#038; Lowra<\/p>\n            <\/div>\n            <div class=\"card-event__date\"><\/div>\n            <div class=\"card-event__location\">Krak\u00f3w, Warszawa<\/div>\n        <\/div>\n    <\/div>\n<\/div>                                    <\/div>\n                                                                    <div class=\"events-carousel-block__sliderItem swiper-slide\"\n                                        data-id=\"10672\"\n                                        data-name=\"Red Bull Drift Masters, Grand Finale 2026, Poland\"\n                                        data-brand=\"Drift Masters Grand Prix Sp. z o.o.\"\n                                        data-category=\"sport\"\n                                        data-subcategory=\"sporty-motorowe\"\n                                        data-city=\"Warszawa\"\n                                        data-venue=\"PGE Narodowy im. Kazimierza G\u00f3rskiego\">\n                                        \n<div class=\"card-event  card-event--size-small\">\n        <a href=\"https:\/\/www.ebilet.pl\/sport\/sporty-motorowe\/drift-masters\" target=\"_blank\" class=\"card-event__link\" rel=\"nofollow noopener\"><\/a>\n        <div class=\"card-event__wrapper\">\n        <div class=\"card-event__image\">\n            <img decoding=\"async\" src=\"https:\/\/www.ebilet.pl\/media\/cms\/media\/ufikt2pp\/656x369-1-3259eaa7-dcbd-4393-a286-5f17e35417c5.webp\" alt=\"\">\n        <\/div>\n        <div class=\"card-event__data\">\n            <div class=\"card-event__name\">\n                <p>Red Bull Drift Masters, Grand Finale 2026, Poland<\/p>\n            <\/div>\n            <div class=\"card-event__date\"><\/div>\n            <div class=\"card-event__location\">Warszawa<\/div>\n        <\/div>\n    <\/div>\n<\/div>                                    <\/div>\n                                                                    <div class=\"events-carousel-block__sliderItem swiper-slide\"\n                                        data-id=\"120676\"\n                                        data-name=\"CARBON Silesia Festival\"\n                                        data-brand=\"Go Fest Sp. z o.o.\"\n                                        data-category=\"muzyka\"\n                                        data-subcategory=\"festiwale\"\n                                        data-city=\"Zabrze\"\n                                        data-venue=\"Sztolnia Kr\u00f3lowa Luiza\">\n                                        \n<div class=\"card-event  card-event--size-small\">\n        <a href=\"https:\/\/www.ebilet.pl\/muzyka\/festiwale\/carbon-silesia-festival\" target=\"_blank\" class=\"card-event__link\" rel=\"nofollow noopener\"><\/a>\n        <div class=\"card-event__wrapper\">\n        <div class=\"card-event__image\">\n            <img decoding=\"async\" src=\"https:\/\/www.ebilet.pl\/media\/cms\/media\/huepllwq\/656x369-25-fccbeb65-4ba5-4afe-8bfb-6d5721529037.webp\" alt=\"\">\n        <\/div>\n        <div class=\"card-event__data\">\n            <div class=\"card-event__name\">\n                <p>CARBON Silesia Festival<\/p>\n            <\/div>\n            <div class=\"card-event__date\"><\/div>\n            <div class=\"card-event__location\">Zabrze<\/div>\n        <\/div>\n    <\/div>\n<\/div>                                    <\/div>\n                                                                    <div class=\"events-carousel-block__sliderItem swiper-slide\"\n                                        data-id=\"56007\"\n                                        data-name=\"The Casualties\"\n                                        data-brand=\"Winiary Bookings sp. z o. o.\"\n                                        data-category=\"muzyka\"\n                                        data-subcategory=\"rock\"\n                                        data-city=\"Krak\u00f3w, Pozna\u0144, Warszawa\"\n                                        data-venue=\"Klub Za\u015bcianek\">\n                                        \n<div class=\"card-event  card-event--size-small\">\n        <a href=\"https:\/\/www.ebilet.pl\/muzyka\/rock\/the-casualties\" target=\"_blank\" class=\"card-event__link\" rel=\"nofollow noopener\"><\/a>\n        <div class=\"card-event__wrapper\">\n        <div class=\"card-event__image\">\n            <img decoding=\"async\" src=\"https:\/\/www.ebilet.pl\/media\/cms\/media\/fujmnihg\/the-casualties-ebilet-strona-wydarzenia-poziom-wspo-lne-8197b395-f544-46d6-8aec-3a17cfc2d64e.webp\" alt=\"\">\n        <\/div>\n        <div class=\"card-event__data\">\n            <div class=\"card-event__name\">\n                <p>The Casualties<\/p>\n            <\/div>\n            <div class=\"card-event__date\"><\/div>\n            <div class=\"card-event__location\">Krak\u00f3w, Pozna\u0144, Warszawa<\/div>\n        <\/div>\n    <\/div>\n<\/div>                                    <\/div>\n                                                                    <div class=\"events-carousel-block__sliderItem swiper-slide\"\n                                        data-id=\"205471\"\n                                        data-name=\"N8noface\"\n                                        data-brand=\"Winiary Bookings sp. z o. o.\"\n                                        data-category=\"muzyka\"\n                                        data-subcategory=\"pozostale\"\n                                        data-city=\"Wroc\u0142aw\"\n                                        data-venue=\"Klub Muzyczny Liverpool\">\n                                        \n<div class=\"card-event  card-event--size-small\">\n        <a href=\"https:\/\/www.ebilet.pl\/muzyka\/pozostale\/n8noface\" target=\"_blank\" class=\"card-event__link\" rel=\"nofollow noopener\"><\/a>\n        <div class=\"card-event__wrapper\">\n        <div class=\"card-event__image\">\n            <img decoding=\"async\" src=\"https:\/\/www.ebilet.pl\/media\/cms\/media\/4nvhekgp\/n8noface-ebilet-strona-wydarzenia-poziom-wroc_aw-745b2a9d-fcb6-4f5a-a3f1-7307fb7d13c0.webp\" alt=\"\">\n        <\/div>\n        <div class=\"card-event__data\">\n            <div class=\"card-event__name\">\n                <p>N8noface<\/p>\n            <\/div>\n            <div class=\"card-event__date\"><\/div>\n            <div class=\"card-event__location\">Wroc\u0142aw<\/div>\n        <\/div>\n    <\/div>\n<\/div>                                    <\/div>\n                                                                    <div class=\"events-carousel-block__sliderItem swiper-slide\"\n                                        data-id=\"169470\"\n                                        data-name=\"Morrissey\"\n                                        data-brand=\"Winiary Bookings sp. z o. o.\"\n                                        data-category=\"muzyka\"\n                                        data-subcategory=\"rock\"\n                                        data-city=\"Warszawa\"\n                                        data-venue=\"Letnia Scena Progresji\">\n                                        \n<div class=\"card-event  card-event--size-small\">\n        <a href=\"https:\/\/www.ebilet.pl\/muzyka\/rock\/morrissey\" target=\"_blank\" class=\"card-event__link\" rel=\"nofollow noopener\"><\/a>\n        <div class=\"card-event__wrapper\">\n        <div class=\"card-event__image\">\n            <img decoding=\"async\" src=\"https:\/\/www.ebilet.pl\/media\/cms\/media\/hsdnrszx\/morrissey-ebilet-strona-wydarzenia-poziom-warszawa-22540cce-72b4-4251-a1fd-11e46914a461.webp\" alt=\"\">\n        <\/div>\n        <div class=\"card-event__data\">\n            <div class=\"card-event__name\">\n                <p>Morrissey<\/p>\n            <\/div>\n            <div class=\"card-event__date\"><\/div>\n            <div class=\"card-event__location\">Warszawa<\/div>\n        <\/div>\n    <\/div>\n<\/div>                                    <\/div>\n                                                                    <div class=\"events-carousel-block__sliderItem swiper-slide\"\n                                        data-id=\"170209\"\n                                        data-name=\"Jean-Michel Jarre + go\u015b\u0107 specjalny Zalewski\"\n                                        data-brand=\"AGENCJA ARTYSTYCZNA &quot;MEDIAL&quot; Albert Ma\u0142ek\"\n                                        data-category=\"muzyka\"\n                                        data-subcategory=\"elektro-techno\"\n                                        data-city=\"Radom\"\n                                        data-venue=\"Stadion Miejski im. Braci Czachor\u00f3w\">\n                                        \n<div class=\"card-event  card-event--size-small\">\n        <a href=\"https:\/\/www.ebilet.pl\/muzyka\/elektro-techno\/jean-michel-jarre\" target=\"_blank\" class=\"card-event__link\" rel=\"nofollow noopener\"><\/a>\n        <div class=\"card-event__wrapper\">\n        <div class=\"card-event__image\">\n            <img decoding=\"async\" src=\"https:\/\/www.ebilet.pl\/media\/cms\/media\/dg4lixkf\/jmr_radom_656x369.webp\" alt=\"\">\n        <\/div>\n        <div class=\"card-event__data\">\n            <div class=\"card-event__name\">\n                <p>Jean-Michel Jarre + go\u015b\u0107 specjalny Zalewski<\/p>\n            <\/div>\n            <div class=\"card-event__date\"><\/div>\n            <div class=\"card-event__location\">Radom<\/div>\n        <\/div>\n    <\/div>\n<\/div>                                    <\/div>\n                                                            <\/div>\n                        <\/div>\n                    <\/div>\n                    <div class=\"events-carousel-block__pagination\">\n                        <div class=\"swiper-pagination slider-pagination\" data-events-carousel-pagination><\/div>\n                    <\/div>\n                <\/div>\n            <\/div>\n        <\/div>\n    <\/section>\n\n\n\n<section class=\"text-block  section-margin-32\" >\n    <div class=\"container\">\n        <div class=\"row\">\n            <div class=\"col-24\">\n                <div class=\"text-block__content\"><h3><strong>Pierwszy dzie\u0144 wiosny \u2013 Polska (21 marca)<\/strong><\/h3>\n<p><span style=\"font-weight: 400;\">W niekt\u00f3rych miejscach nadal tego dnia topiona lub palona jest Marzanna (cho\u0107 g\u0142\u00f3wnie jest to atrakcja dla dzieci). W przedszkolach i szko\u0142ach tego dnia jest kolorowo, dzieci wychodz\u0105 na spacer w wiosennych opaskach. Za to starsi uczniowie \u2013 wagaruj\u0105 (i zdaje si\u0119, \u017ce maj\u0105 na to troszk\u0119 wi\u0119ksze przyzwolenie ni\u017c zazwyczaj).\u00a0<\/span><\/p>\n<h3><strong>Nouruz \u2013 Iran (21 marca)<\/strong><\/h3>\n<p><span style=\"font-weight: 400;\">W dawnej Persji (st\u0105d m\u00f3wi si\u0119 o \u201cperskim Nowym Roku\u201d), czyli dzisiejszym Iranie (oraz p\u00f3\u0142nocnym Iraku, Afganistanie, cz\u0119\u015bci Turcji, Uzbekistanie, Turkmenistanie, Kirgistanie, Kazachstanie i p\u00f3\u0142nocnym Kaukazie) \u015bwi\u0119tuje si\u0119 Nouruz. Mieszka\u0144cy robi\u0105 porz\u0105dki w domach, a potem ozdabiaj\u0105 je zieleni\u0105 i kwiatami. Tego dnia na stole musz\u0105 znale\u017a\u0107 si\u0119 wykie\u0142kowane w misce zbo\u017ca, kt\u00f3re symbolizuj\u0105 odrodzenie (s\u0105 tak\u017ce inne symboliczne potrawy).\u00a0<\/span><\/p>\n<p><span style=\"font-weight: 400;\">Za to w wigili\u0119 Nowego Roku przeskakuj\u0105 przez ogniska, przebieraj\u0105 si\u0119 i chodz\u0105 od domu do domu po przek\u0105ski.\u00a0<\/span><\/p>\n<h3><strong>Cimburijada \u2013 Bo\u015bnia i Hercegowina (21 marca)<\/strong><\/h3>\n<p><span style=\"font-weight: 400;\">Ciekawy spos\u00f3b na \u015bwi\u0119towanie pierwszego dnia wiosny maj\u0105 Bo\u015bniacy. Ot\u00f3\u017c 21 marca bior\u0105 oni udzia\u0142 w\u2026 Festiwalu Jajecznicy. Jajko jest bowiem symbolem nowego \u017cycia \u2013 tak jak wiosna, z nadej\u015bciem kt\u00f3rej \u015bwiat si\u0119 odradza po zimie. Jajka s\u0105 tego dnia sma\u017cone na ogromnych patelniach (naprawd\u0119 ogromnych, zobacz w Google!). Opr\u00f3cz tego mieszka\u0144cy ta\u0144cz\u0105 wsp\u00f3lnie czy wskakuj\u0105 do rzek (nawet je\u015bli le\u017cy jeszcze \u015bnieg, to ju\u017c jest wiosna!).\u00a0<\/span><\/p>\n<h3><strong>\u015awi\u0119to wiosny \u2013 Macedonia (22 marca)<\/strong><\/h3>\n<p><span style=\"font-weight: 400;\">W Macedonii \u015bwi\u0119towanie wiosny przypada na okres wspominania Czterdziestu M\u0119czennik\u00f3w z Sebasty w cerkwi prawos\u0142awnej. <\/span><b>Samo \u015bwi\u0119to wiosny \u2013 a tak naprawd\u0119 w tradycji macedo\u0144skiej do dzie\u0144 m\u0142odo\u015bci i mi\u0142o\u015bci \u2013 za\u015b nazywa si\u0119 Mladenci. <\/b><span style=\"font-weight: 400;\">Wed\u0142ug wierze\u0144 wiosna wygrywa tego dnia ze \u015bmierci\u0105, kt\u00f3ra kojarzy si\u0119 z zim\u0105. Co ciekawe, ludzie wierz\u0105 tak\u017ce, \u017ce dzie\u0144 b\u0119dzie tak d\u0142ugi, jak daleko kogut przeskoczy przez pr\u00f3g domu. Dobrze wi\u0119c szkoli\u0107 koguty w skakaniu!<\/span><\/p>\n<h3><strong>Songkraj \u2013 Tajlandia (po\u0142owa kwietnia)<\/strong><\/h3>\n<p><span style=\"font-weight: 400;\">Songkraj to tradycyjny tajski Nowy Rok, obchodzony w po\u0142owie kwietnia. Jego nazwa pochodzi z sansykrytu \u2013 <\/span><i><span style=\"font-weight: 400;\">sankr\u0101nti <\/span><\/i><span style=\"font-weight: 400;\">\u2013 i oznacza \u201cprzej\u015bcie\u201d (dla nich jest to przej\u015bcie z jednego znaku zodiaku w kolejny). Tego dnia mieszka\u0144cy myj\u0105 pos\u0105gi buddy w \u015bwi\u0105tyniach i na procesjach, a tak\u017ce spotykaj\u0105 si\u0119 z bliskimi. Opr\u00f3cz tego wzajemnie oblewaj\u0105 si\u0119 wod\u0105 (dlatego Chi\u0144czycy nazywaj\u0105 to \u201c\u015awi\u0119tem Lania Wody\u201d). \u015awi\u0119towanie najcz\u0119\u015bciej trwa 3 dni.\u00a0<\/span><\/p>\n<h3><strong>Wiosenny Festiwal \u2013 Szwajcaria (3. poniedzia\u0142ek kwietnia)<\/strong><\/h3>\n<p><span style=\"font-weight: 400;\">Tradycyjnie Sechsel\u00e4uten \u2013 czyli Festiwal Wiosenny \u2013 odbywa si\u0119 w Szwajcarii w 3. poniedzia\u0142ek kwietnia (o ile nie koliduje z Wielkim Tygodniem, bo ten jest jednak dla mieszka\u0144c\u00f3w wa\u017cniejszy). Tego dnia na ulicach mo\u017cna zobaczy\u0107 ogromne pochody ludzi w historycznych strojach, mn\u00f3stwo kolor\u00f3w i us\u0142ysze\u0107 wiele radosnych d\u017awi\u0119k\u00f3w. Na stosie pali si\u0119\u2026 ba\u0142wanka. Odbywaj\u0105 si\u0119 tak\u017ce liczne dodatkowe imprezy.<\/span><\/p>\n<h3><strong>Powitanie ptak\u00f3w \u2013 Bia\u0142oru\u015b (20 kwietnia)<\/strong><\/h3>\n<p><span style=\"font-weight: 400;\">Na Bia\u0142orusi wypatruje si\u0119 wracaj\u0105cych do kraju ptak\u00f3w, kt\u00f3re nios\u0105 ze sob\u0105 wiosn\u0119. Tego dnia Bia\u0142orusini dekoruj\u0105 drzewa kolorowymi ptakami z papieru oraz wst\u0105\u017ckami. Ci, kt\u00f3rzy potrafi\u0105, piek\u0105 chleby w kszta\u0142cie ptak\u00f3w. A wszyscy zainteresowani \u015bpiewaj\u0105 pie\u015bni, kt\u00f3re maj\u0105 przywo\u0142a\u0107 ptaki z ciep\u0142ych kraj\u00f3w.\u00a0<\/span><\/p>\n<h3><strong>Noc Walpurgi \u2013 Szwecja (30 kwietnia)<\/strong><\/h3>\n<p><span style=\"font-weight: 400;\">Noc Walpurgii korzeniami si\u0119ga do dawnych lud\u00f3w germa\u0144skich oraz obchodzonej przez nich nocy zmar\u0142ych. Mo\u017cesz kojarzy\u0107 to \u015bwi\u0119to jako sabat czarownic, kt\u00f3ry odbywa\u0142 si\u0119 na g\u00f3rze Brocken w nocy z 30 kwietnia na 1 maja. Obchodom przewodzi\u0142a Hel \u2013 bogini \u015bmierci.\u00a0<\/span><\/p>\n<p><span style=\"font-weight: 400;\">Co ciekawe, nazwa tego \u015bwi\u0119ta pochodzi od \u015bwi\u0119tej Walburgi, kt\u00f3ra by\u0142a zakonnic\u0105 w Devon i zmar\u0142a w 777 roku.\u00a0<\/span><\/p>\n<p><span style=\"font-weight: 400;\">Dzi\u015b ludzie raczej po prostu zbieraj\u0105 si\u0119 wok\u00f3\u0142 wielkich ognisk i \u015bpiewaj\u0105 razem wiosenne piosenki. Odbywaj\u0105 si\u0119 tak\u017ce pochody.\u00a0<\/span><\/p>\n<h3><strong>Paparuda \u2013 Serbia (6 maja)<\/strong><\/h3>\n<p><span style=\"font-weight: 400;\">Paparuda \u2013 bogini deszczu \u2013 zwi\u0105zana jest z serbskim zwyczajem rytualnego wywo\u0142ywania deszczu. Z tej okazji 6 maja odbywaj\u0105 si\u0119 kolorowe pochody dziewcz\u0105t i ch\u0142opc\u00f3w. \u015apiewaj\u0105 oni piosenki i s\u0105 oblewani wod\u0105.\u00a0<\/span><\/p>\n<p><span style=\"font-weight: 400;\">W Rumunii za\u015b (i innych krajach s\u0142owia\u0144skich) paparude (pisane ma\u0142\u0105 liter\u0105) to orszak dziewcz\u0105t (lub jedna dziewczyna), kt\u00f3ry odgrywa rol\u0119 bogini. Odprawia on rytua\u0142, kt\u00f3ry ma przywo\u0142a\u0107 deszcz. Wa\u017cne jest to, \u017ce dziewcz\u0119ta ta\u0144cz\u0105 nagie, zakryte jedynie wie\u0144cami i sp\u00f3dnicami z li\u015bci.\u00a0<\/span><\/p>\n<h3><strong>S\u0142odkie pocz\u0119stunki \u2013 Norwegia (po\u0142owa maja)<\/strong><\/h3>\n<p><span style=\"font-weight: 400;\">Norwegia wita wiosn\u0119 chyba jako ostatnia na tej p\u00f3\u0142kuli. Pierwszy dzie\u0144 wiosny przypada na rocznic\u0119 niepodleg\u0142o\u015bci oraz czas, w kt\u00f3rym Femund \u2013 wielkie jezioro \u2013 zaczyna w ko\u0144cu rozmarza\u0107. Dla Norweg\u00f3w to znak, \u017ce mo\u017cna zmieni\u0107 ci\u0119\u017ckie, zimowe ubrania na nieco l\u017cejsze, wiosenne.\u00a0<\/span><\/p>\n<p><span style=\"font-weight: 400;\">Tego dnia ludzie odwiedzaj\u0105 s\u0105siad\u00f3w, by je\u015b\u0107 razem <\/span><i><span style=\"font-weight: 400;\">panekaker og multer<\/span><\/i><span style=\"font-weight: 400;\">, czyli nale\u015bniki z d\u017cemem z moroszki.<\/span><\/p>\n<\/div>\n            <\/div>\n        <\/div>\n    <\/div>\n<\/section>\n\n\n<section  class=\"recommended-article  section-margin-32\">\n    <div class=\"container\">\n        <div class=\"row\">\n            <div class=\"col-24\">\n                                <div class=\"recommended-article__title\">\n                    <p class=\"typo-18\">Przeczytaj te\u017c:<\/p>\n                <\/div>\n                                                <div class=\"recommended-article__card\">\n                    \n<div class=\"card-article  card-article--imgpadding-default card-article--featured\">\n    <div class=\"card-article__wrapper\">\n                <div class=\"card-article__thumbnail\">\n                        <a class=\"card-article__link\" href=\"https:\/\/www.ebilet.pl\/now\/2026-rok-kiedy-jest-wolne-od-szkoly-zaplanuj-krotsze-i-dluzsze-wyjazdy\/\" title=\"2026 rok \u2013 kiedy jest wolne od szko\u0142y? Zaplanuj kr\u00f3tsze i d\u0142u\u017csze wyjazdy\"><\/a>\n                        <div class=\"card-article__image\"><img loading=\"lazy\" decoding=\"async\" width=\"1920\" height=\"1080\" src=\"https:\/\/www.ebilet.pl\/now\/app\/uploads\/2026\/02\/wakajki.jpg\" class=\"attachment- size-\" alt=\"\" srcset=\"https:\/\/www.ebilet.pl\/now\/app\/uploads\/2026\/02\/wakajki.jpg 1920w, https:\/\/www.ebilet.pl\/now\/app\/uploads\/2026\/02\/wakajki-1024x576.jpg 1024w, https:\/\/www.ebilet.pl\/now\/app\/uploads\/2026\/02\/wakajki-1536x864.jpg 1536w, https:\/\/www.ebilet.pl\/now\/app\/uploads\/2026\/02\/wakajki-1280x720.jpg 1280w, https:\/\/www.ebilet.pl\/now\/app\/uploads\/2026\/02\/wakajki-500x281.jpg 500w, https:\/\/www.ebilet.pl\/now\/app\/uploads\/2026\/02\/wakajki-632x356.jpg 632w, https:\/\/www.ebilet.pl\/now\/app\/uploads\/2026\/02\/wakajki-308x174.jpg 308w\" sizes=\"(max-width: 1920px) 100vw, 1920px\" \/><\/div>\n        <\/div>\n                        <div class=\"card-article__content\">\n                        <div class=\"card-article__top\">\n                                <div class=\"card-article__date\">\n                    <span class=\"card-article__dateIcon icon icon-calendar\"><\/span>\n                    <span class=\"typo-12\">01.02.2026<\/span>\n                <\/div>\n                                                <div class=\"card-article__categories\">\n                                        <div class=\"card-article__category\">\n                    \n<a href=\"https:\/\/www.ebilet.pl\/now\/tag\/ciekawostki\/\" class=\"tag tag--fire-opal\" style=\"background-color: #ffbc03\">\n    <p class=\"tag__name\">Ciekawostki<\/p>\n<\/a>\n                    <\/div>\n                                        <div class=\"card-article__category\">\n                    \n<a href=\"https:\/\/www.ebilet.pl\/now\/tag\/podroze\/\" class=\"tag tag--fire-opal\" style=\"background-color: #ffbc03\">\n    <p class=\"tag__name\">Podr\u00f3\u017ce<\/p>\n<\/a>\n                    <\/div>\n                                    <\/div>\n                                            <\/div>\n                                    <div class=\"card-article__title under-h4\">\n                                    <a href=\"https:\/\/www.ebilet.pl\/now\/2026-rok-kiedy-jest-wolne-od-szkoly-zaplanuj-krotsze-i-dluzsze-wyjazdy\/\" class=\"split-title typo-h1 f-700\" data-text-split>\n                                                    <span class=\"split-title__word\">2026<\/span>\n                                                    <span class=\"split-title__word\">rok<\/span>\n                                                    <span class=\"split-title__word\">\u2013<\/span>\n                                                    <span class=\"split-title__word\">kiedy<\/span>\n                                                    <span class=\"split-title__word\">jest<\/span>\n                                                    <span class=\"split-title__word\">wolne<\/span>\n                                                    <span class=\"split-title__word\">od<\/span>\n                                                    <span class=\"split-title__word\">szko\u0142y?<\/span>\n                                                    <span class=\"split-title__word\">Zaplanuj<\/span>\n                                                    <span class=\"split-title__word\">kr\u00f3tsze<\/span>\n                                                    <span class=\"split-title__word\">i<\/span>\n                                                    <span class=\"split-title__word\">d\u0142u\u017csze<\/span>\n                                                    <span class=\"split-title__word\">wyjazdy<\/span>\n                                            <\/a>\n                            <\/div>\n                                <\/div>\n    <\/div>\n<\/div>                <\/div>\n                            <\/div>\n        <\/div>\n    <\/div>\n<\/section>\n\n<section class=\"gap-block  section-margin-32 section-margin-32\"><\/section>\n\n\n<section class=\"text-block  section-margin-32\" >\n    <div class=\"container\">\n        <div class=\"row\">\n            <div class=\"col-24\">\n                <div class=\"text-block__content\"><h2><strong>\u015awi\u0119towanie pierwszego dnia wiosny \u2013 obrz\u0119dy na \u015bwiecie. Podsumowanie<\/strong><\/h2>\n<p><span style=\"font-weight: 400;\">Mo\u017cna powiedzie\u0107, \u017ce \u015bwi\u0119towanie nadej\u015bcia wiosny zaczynamy ju\u017c w styczniu wraz z Chi\u0144czykami, a ko\u0144czymy w maju \u2013 wraz z Norwegami. Po co si\u0119 ogranicza\u0107 do jednego dnia? Wszak wiosna jest tak wspania\u0142\u0105 por\u0105 roku, \u017ce warto j\u0105 docenia\u0107 ka\u017cdego dnia. A jak b\u0119dziesz to robi\u0107? Wyb\u00f3r nale\u017cy tylko do ciebie!<\/span><\/p>\n<p>&nbsp;<\/p>\n<p><span style=\"font-weight: 400;\">\u0179r\u00f3d\u0142a:<\/span><\/p>\n<p><span style=\"font-weight: 400;\">[1] <\/span><a href=\"https:\/\/www.sjikp.us.edu.pl\/pl\/projekty\/polska-w-oczach-stereotypy-znane-i-nieznane\/stereotypy-alez-nie-kazachstan-polska-niemcy\/kultura-tradycje\/swieto-wiosny-na-swiecie-zwyczaje-i-obrzedy\/\" target=\"_blank\" rel=\"nofollow noopener\"><span style=\"font-weight: 400;\">https:\/\/www.sjikp.us.edu.pl\/pl\/projekty\/polska-w-oczach-stereotypy-znane-i-nieznane\/stereotypy-alez-nie-kazachstan-polska-niemcy\/kultura-tradycje\/swieto-wiosny-na-swiecie-zwyczaje-i-obrzedy\/<\/span><\/a><span style=\"font-weight: 400;\"> (dost\u0119p z 3.03.2026)<\/span><\/p>\n<p><span style=\"font-weight: 400;\">[2] <\/span><a href=\"https:\/\/www.national-geographic.pl\/traveler\/tak-sie-wita-wiosne-poznaj-5-niezwyklych-zwyczajow-z-calego-swiata\/\" target=\"_blank\" rel=\"nofollow noopener\"><span style=\"font-weight: 400;\">https:\/\/www.national-geographic.pl\/traveler\/tak-sie-wita-wiosne-poznaj-5-niezwyklych-zwyczajow-z-calego-swiata\/<\/span><\/a><span style=\"font-weight: 400;\"> (dost\u0119p z 3.03.2026)<\/span><\/p>\n<\/div>\n            <\/div>\n        <\/div>\n    <\/div>\n<\/section>","protected":false},"excerpt":{"rendered":"<p>Niekt\u00f3rzy \u015bwi\u0119tuj\u0105 ju\u017c na pocz\u0105tku lutego, inni dopiero w maju. Kwiaty i zielone dodatki nie s\u0105 jedynymi symbolami, kt\u00f3re s\u0105 zwi\u0105zane z tym dniem. W niekt\u00f3rych pa\u0144stwach wiosna kojarzy si\u0119 ptakami, ogniem, wod\u0105, a nawet sabatem czarownic. Jak \u015bwi\u0119tuj\u0105 nadej\u015bcie wiosny ludzie z r\u00f3\u017cnych kraj\u00f3w? Kiedy to robi\u0105? I kiedy w Polsce tak naprawd\u0119 wypada pierwszy dzie\u0144 wiosny? Sprawd\u017amy to!<\/p>\n","protected":false},"author":14,"featured_media":82168,"comment_status":"open","ping_status":"open","sticky":false,"template":"page-templates\/article-default.php","format":"standard","meta":{"_acf_changed":false,"footnotes":""},"article_tag":[88],"article_type":[5],"acf":[],"_links":{"self":[{"href":"https:\/\/www.ebilet.pl\/now\/wp-json\/wp\/v2\/posts\/82150"}],"collection":[{"href":"https:\/\/www.ebilet.pl\/now\/wp-json\/wp\/v2\/posts"}],"about":[{"href":"https:\/\/www.ebilet.pl\/now\/wp-json\/wp\/v2\/types\/post"}],"author":[{"embeddable":true,"href":"https:\/\/www.ebilet.pl\/now\/wp-json\/wp\/v2\/users\/14"}],"replies":[{"embeddable":true,"href":"https:\/\/www.ebilet.pl\/now\/wp-json\/wp\/v2\/comments?post=82150"}],"version-history":[{"count":2,"href":"https:\/\/www.ebilet.pl\/now\/wp-json\/wp\/v2\/posts\/82150\/revisions"}],"predecessor-version":[{"id":82172,"href":"https:\/\/www.ebilet.pl\/now\/wp-json\/wp\/v2\/posts\/82150\/revisions\/82172"}],"wp:featuredmedia":[{"embeddable":true,"href":"https:\/\/www.ebilet.pl\/now\/wp-json\/wp\/v2\/media\/82168"}],"wp:attachment":[{"href":"https:\/\/www.ebilet.pl\/now\/wp-json\/wp\/v2\/media?parent=82150"}],"wp:term":[{"taxonomy":"article_tag","embeddable":true,"href":"https:\/\/www.ebilet.pl\/now\/wp-json\/wp\/v2\/article_tag?post=82150"},{"taxonomy":"article_type","embeddable":true,"href":"https:\/\/www.ebilet.pl\/now\/wp-json\/wp\/v2\/article_type?post=82150"}],"curies":[{"name":"wp","href":"https:\/\/api.w.org\/{rel}","templated":true}]}}