{"id":82094,"date":"2026-03-10T13:57:25","date_gmt":"2026-03-10T12:57:25","guid":{"rendered":"https:\/\/www.ebilet.pl\/now\/?p=82094"},"modified":"2026-03-17T12:41:58","modified_gmt":"2026-03-17T11:41:58","slug":"co-robic-wiosna-z-dzieckiem-27-pomyslow-na-kazda-kieszen-i-kazda-pogode","status":"publish","type":"post","link":"https:\/\/www.ebilet.pl\/now\/co-robic-wiosna-z-dzieckiem-27-pomyslow-na-kazda-kieszen-i-kazda-pogode\/","title":{"rendered":"Co robi\u0107 wiosn\u0105 z dzieckiem? 27 pomys\u0142\u00f3w na ka\u017cd\u0105 kiesze\u0144 i ka\u017cd\u0105 pogod\u0119"},"content":{"rendered":"\n<section class=\"text-block  section-margin-32\" >\n    <div class=\"container\">\n        <div class=\"row\">\n            <div class=\"col-24\">\n                <div class=\"text-block__content\"><h2><strong>Zanim zaczniesz \u2014 jak planowa\u0107 wiosn\u0119 z dzieckiem?<\/strong><\/h2>\n<p><span style=\"font-weight: 400;\">Wiosna to z\u0142oty czas rozwoju dziecka. Nie trzeba siedzie\u0107 w domu (cho\u0107 oczywi\u015bcie zim\u0105 te\u017c nie trzeba, to jednak dzieci wtedy mniej wychodz\u0105 z domu) i nie jest te\u017c okrutnie gor\u0105co. Idealnie!<\/span><\/p>\n<p><b>Co daje dziecku kontakt z natur\u0105?<\/b><\/p>\n<ul>\n<li style=\"font-weight: 400;\" aria-level=\"1\"><span style=\"font-weight: 400;\">buduje odporno\u015b\u0107 fizyczn\u0105 oraz psychiczn\u0105 (kontakt z natur\u0105 \u0142agodzi negatywny wp\u0142yw stresu na organizm dziecka),<\/span><\/li>\n<li style=\"font-weight: 400;\" aria-level=\"1\"><span style=\"font-weight: 400;\">zwi\u0119ksza koncentracj\u0119 i samodyscyplin\u0119 (i to nawet samo patrzenie przez okno i podziwianie ro\u015blin oraz zwierz\u0105t, kt\u00f3re przez nie wida\u0107),<\/span><\/li>\n<li style=\"font-weight: 400;\" aria-level=\"1\"><span style=\"font-weight: 400;\">lepsz\u0105 r\u00f3wnowag\u0119, koordynacj\u0119 oraz zwinno\u015b\u0107,<\/span><\/li>\n<li style=\"font-weight: 400;\" aria-level=\"1\"><span style=\"font-weight: 400;\">zwi\u0119ksza \u015bwiadomo\u015b\u0107 dzieci oraz ich spostrzegawczo\u015b\u0107 (dzieci wi\u0119cej obserwuj\u0105 i rozumuj\u0105),<\/span><\/li>\n<li style=\"font-weight: 400;\" aria-level=\"1\"><span style=\"font-weight: 400;\">im wi\u0119cej dzieci sp\u0119dzaj\u0105 na powietrzu, tym mniej negatywnych zachowa\u0144 wobec r\u00f3wie\u015bnik\u00f3w wykazuj\u0105,<\/span><\/li>\n<li style=\"font-weight: 400;\" aria-level=\"1\"><span style=\"font-weight: 400;\">zwi\u0119ksza ciekawo\u015b\u0107 dzieci.<\/span><span style=\"font-weight: 400;\">[1]<\/span><\/li>\n<\/ul>\n<p><span style=\"font-weight: 400;\">Jak widzisz, korzy\u015bci jest naprawd\u0119 mn\u00f3stwo. <\/span><b>Wa\u017cne jest jednak to, \u017ceby dopasowa\u0107 aktywno\u015bci do wieku dziecka. <\/b><span style=\"font-weight: 400;\">12-latek przyzwyczajony od ma\u0142ego do chodzenia, ch\u0119tnie wybierze si\u0119 na poszukiwanie piecz\u0105tek w arboretum le\u015bnym i przejdzie (tudzie\u017c przebiegnie, co w sumie jest bardziej prawdopodobne) kilka kilometr\u00f3w bez j\u0119czenia. 2-latek m\u00f3g\u0142by temu nie podo\u0142a\u0107.\u00a0<\/span><\/p>\n<p><span style=\"font-weight: 400;\">Zanim przejdziemy do konkretnych pomys\u0142\u00f3w, mam dla ciebie jedn\u0105 wa\u017cn\u0105, ale to najwa\u017cniejsz\u0105 my\u015bl do zapami\u0119tania: <\/span><b>nie musisz by\u0107 supermam\u0105 ani supertat\u0105, by twoje dziecko dobrze si\u0119 bawi\u0142o i ci\u0119 kocha\u0142o. <\/b><span style=\"font-weight: 400;\">Dla niego najwa\u017cniejsza jest twoja obecno\u015b\u0107, wsp\u00f3lna zabawa, uwa\u017cno\u015b\u0107 na jego potrzeby, a nie \u201cspektakularno\u015b\u0107\u201d wydarzenia, na kt\u00f3re je zabierzesz. Innymi s\u0142owy rysowanie patykami zagadek na piasku mo\u017ce by\u0107 fajniejsze ni\u017c drogi festiwal ekologiczny (czy cokolwiek innego). <\/span><\/p>\n<\/div>\n            <\/div>\n        <\/div>\n    <\/div>\n<\/section>\n\n\n<section class=\"tickets-slider  section-margin-32\"\n    data-tickets-slider\n    data-item-list-name=\"Karuzela z buttonami\"\n    data-item-list-id=\"karuzela_z_buttonami\"\n    >\n    <div class=\"container\">\n        <div class=\"row\">\n            <div class=\"col-24\">\n                <div class=\"tickets-slider__main\">\n                    <div class=\"tickets-slider__nav tickets-slider__nav--prev\">\n                        <div class=\"button button--withIcon button--theme-white-blur button--size-fixed-48\" data-tickets-slider-prev>\n                            <span class=\"button__icon icon icon-chevron-left\"><\/span>\n                        <\/div>\n                    <\/div>\n                    <div class=\"tickets-slider__nav tickets-slider__nav--next\">\n                        <div class=\"button button--withIcon button--theme-white-blur button--size-fixed-48\" data-tickets-slider-next>\n                            <span class=\"button__icon icon icon-chevron-right\"><\/span>\n                        <\/div>\n                    <\/div>\n                    <div class=\"tickets-slider__slider swiper\" data-tickets-slider-slider>\n                        <div class=\"tickets-slider__sliderWrapper swiper-wrapper\">\n                                                            <div class=\"tickets-slider__sliderItem swiper-slide\"\n                                    data-id=\"170526\"\n                                    data-name=\"Wst\u0119p do Suntago\"\n                                    data-brand=\"Global Parks Poland Sp. z o.o.\"\n                                    data-category=\"rodzina\"\n                                    data-subcategory=\"rekreacja\"\n                                    data-city=\"Wr\u0119cza\"\n                                    data-venue=\"Suntago Wodny \u015awiat\">\n                                    <div class=\"tickets-slider__sliderCard\">\n                                        \n<div class=\"card-ticket\">\n        <div class=\"card-ticket__image\">\n        <a href=\"https:\/\/www.ebilet.pl\/rodzina\/rekreacja\/wstep-do-suntago\">\n            <img decoding=\"async\" src=\"https:\/\/www.ebilet.pl\/media\/cms\/media\/qa2bbyyn\/jamango_552x736_ebilet-3fce9c89-dab3-4f04-89c2-69da052d40d7.webp\" alt=\"Plakat wydarzenia\" \/>\n        <\/a>\n    <\/div>\n             \n    <div class=\"card-ticket__link\">\n        <a href=\"https:\/\/www.ebilet.pl\/rodzina\/rekreacja\/wstep-do-suntago\" class=\"button button--theme-primary-yellow button--withIconLeft button--size-small\">\n            <span class=\"button__icon icon icon-ticket\"><\/span>\n            <p class=\"button__text typo-16 f-600\">Kup bilet<\/p>\n        <\/a>\n    <\/div>\n    <\/div>                                    <\/div>\n                                <\/div>\n                                                            <div class=\"tickets-slider__sliderItem swiper-slide\"\n                                    data-id=\"182354\"\n                                    data-name=\"Papugarnia w Gda\u0144sku\"\n                                    data-brand=\"CSMPRO SP. Z O.O. SP. K.\"\n                                    data-category=\"rodzina\"\n                                    data-subcategory=\"rekreacja\"\n                                    data-city=\"Gda\u0144sk\"\n                                    data-venue=\"Papugarnia Gda\u0144sk\">\n                                    <div class=\"tickets-slider__sliderCard\">\n                                        \n<div class=\"card-ticket\">\n        <div class=\"card-ticket__image\">\n        <a href=\"https:\/\/www.ebilet.pl\/rodzina\/rekreacja\/papugarnia-gdansk\">\n            <img decoding=\"async\" src=\"https:\/\/www.ebilet.pl\/media\/cms\/media\/otrclu4p\/pion-f2bdf976-9e8f-4312-a3a5-fcfcab3663a7.webp\" alt=\"Plakat wydarzenia\" \/>\n        <\/a>\n    <\/div>\n             \n    <div class=\"card-ticket__link\">\n        <a href=\"https:\/\/www.ebilet.pl\/rodzina\/rekreacja\/papugarnia-gdansk\" class=\"button button--theme-primary-yellow button--withIconLeft button--size-small\">\n            <span class=\"button__icon icon icon-ticket\"><\/span>\n            <p class=\"button__text typo-16 f-600\">Kup bilet<\/p>\n        <\/a>\n    <\/div>\n    <\/div>                                    <\/div>\n                                <\/div>\n                                                            <div class=\"tickets-slider__sliderItem swiper-slide\"\n                                    data-id=\"205441\"\n                                    data-name=\"Wst\u0119p do Parku Rozrywki ZATORLAND\"\n                                    data-brand=\"Zatorland Sp. z o.o.\"\n                                    data-category=\"rodzina\"\n                                    data-subcategory=\"rekreacja\"\n                                    data-city=\"Zator\"\n                                    data-venue=\"\">\n                                    <div class=\"tickets-slider__sliderCard\">\n                                        \n<div class=\"card-ticket\">\n        <div class=\"card-ticket__image\">\n        <a href=\"https:\/\/www.ebilet.pl\/rodzina\/rekreacja\/wstep-do-parku-rozrywki-zatorland\">\n            <img decoding=\"async\" src=\"https:\/\/www.ebilet.pl\/media\/cms\/media\/epelcvl5\/552x763_wielki-test-szymeq-coaster-3d766c33-f2e5-4468-b75a-0c60698aef2d.webp\" alt=\"Plakat wydarzenia\" \/>\n        <\/a>\n    <\/div>\n             \n    <div class=\"card-ticket__link\">\n        <a href=\"https:\/\/www.ebilet.pl\/rodzina\/rekreacja\/wstep-do-parku-rozrywki-zatorland\" class=\"button button--theme-primary-yellow button--withIconLeft button--size-small\">\n            <span class=\"button__icon icon icon-ticket\"><\/span>\n            <p class=\"button__text typo-16 f-600\">Kup bilet<\/p>\n        <\/a>\n    <\/div>\n    <\/div>                                    <\/div>\n                                <\/div>\n                                                            <div class=\"tickets-slider__sliderItem swiper-slide\"\n                                    data-id=\"146393\"\n                                    data-name=\"Strefa zabawy na udan\u0105 Maj\u00f3wk\u0119!\"\n                                    data-brand=\"PRORAD Grzegorz D\u0105browski\"\n                                    data-category=\"rodzina\"\n                                    data-subcategory=\"rekreacja\"\n                                    data-city=\"Gdynia\"\n                                    data-venue=\"Skwer im. Ireny Kwiatkowskiej\">\n                                    <div class=\"tickets-slider__sliderCard\">\n                                        \n<div class=\"card-ticket\">\n        <div class=\"card-ticket__image\">\n        <a href=\"https:\/\/www.ebilet.pl\/rodzina\/rekreacja\/aktywna-majowka-strefa-zabawy\">\n            <img decoding=\"async\" src=\"https:\/\/www.ebilet.pl\/media\/cms\/media\/1hoeqbpa\/stawek-plakat-1-1-82b4a222-ebcb-4b7e-9be7-d3fb45a22e25.webp\" alt=\"Plakat wydarzenia\" \/>\n        <\/a>\n    <\/div>\n             \n    <div class=\"card-ticket__link\">\n        <a href=\"https:\/\/www.ebilet.pl\/rodzina\/rekreacja\/aktywna-majowka-strefa-zabawy\" class=\"button button--theme-primary-yellow button--withIconLeft button--size-small\">\n            <span class=\"button__icon icon icon-ticket\"><\/span>\n            <p class=\"button__text typo-16 f-600\">Kup bilet<\/p>\n        <\/a>\n    <\/div>\n    <\/div>                                    <\/div>\n                                <\/div>\n                                                            <div class=\"tickets-slider__sliderItem swiper-slide\"\n                                    data-id=\"146377\"\n                                    data-name=\"Piknik Rodzinny z koncertami: Skolim, Weekend, \u0141obuzy\"\n                                    data-brand=\"VIP KAZIMIERZ DACHOWSKI\"\n                                    data-category=\"rodzina\"\n                                    data-subcategory=\"rekreacja\"\n                                    data-city=\"Brodnica\"\n                                    data-venue=\"Przysta\u0144 Kajakowa Zakole Drw\u0119cy\">\n                                    <div class=\"tickets-slider__sliderCard\">\n                                        \n<div class=\"card-ticket\">\n        <div class=\"card-ticket__image\">\n        <a href=\"https:\/\/www.ebilet.pl\/rodzina\/rekreacja\/piknik-rodzinny-z-koncertami\">\n            <img decoding=\"async\" src=\"https:\/\/www.ebilet.pl\/media\/cms\/media\/cc4b3ltu\/piknik-552x736-e63102d1-7a8e-4c49-a92c-4dbaf2b93824.webp\" alt=\"Plakat wydarzenia\" \/>\n        <\/a>\n    <\/div>\n             \n    <div class=\"card-ticket__link\">\n        <a href=\"https:\/\/www.ebilet.pl\/rodzina\/rekreacja\/piknik-rodzinny-z-koncertami\" class=\"button button--theme-primary-yellow button--withIconLeft button--size-small\">\n            <span class=\"button__icon icon icon-ticket\"><\/span>\n            <p class=\"button__text typo-16 f-600\">Kup bilet<\/p>\n        <\/a>\n    <\/div>\n    <\/div>                                    <\/div>\n                                <\/div>\n                                                            <div class=\"tickets-slider__sliderItem swiper-slide\"\n                                    data-id=\"172051\"\n                                    data-name=\"Odkryj niesamowity \u015bwiat bajek z Majaland\"\n                                    data-brand=\"MAJALAND Gda\u0144sk Sp. z o.o.\"\n                                    data-category=\"rodzina\"\n                                    data-subcategory=\"rekreacja\"\n                                    data-city=\"Gda\u0144sk, G\u00f3raszka, Kownaty\"\n                                    data-venue=\"\">\n                                    <div class=\"tickets-slider__sliderCard\">\n                                        \n<div class=\"card-ticket\">\n        <div class=\"card-ticket__image\">\n        <a href=\"https:\/\/www.ebilet.pl\/rodzina\/rekreacja\/niesamowity-swiat-bajek-z-majaland\">\n            <img decoding=\"async\" src=\"https:\/\/www.ebilet.pl\/media\/cms\/media\/pteauuwg\/552x736_ml_ebilet_1_221225-fb48bcc5-f572-4408-b356-96b070f74d7e.webp\" alt=\"Plakat wydarzenia\" \/>\n        <\/a>\n    <\/div>\n             \n    <div class=\"card-ticket__link\">\n        <a href=\"https:\/\/www.ebilet.pl\/rodzina\/rekreacja\/niesamowity-swiat-bajek-z-majaland\" class=\"button button--theme-primary-yellow button--withIconLeft button--size-small\">\n            <span class=\"button__icon icon icon-ticket\"><\/span>\n            <p class=\"button__text typo-16 f-600\">Kup bilet<\/p>\n        <\/a>\n    <\/div>\n    <\/div>                                    <\/div>\n                                <\/div>\n                                                            <div class=\"tickets-slider__sliderItem swiper-slide\"\n                                    data-id=\"87962\"\n                                    data-name=\"Park Rozrywki Mandoria\"\n                                    data-brand=\"MANDORIA Sp. z o.o\"\n                                    data-category=\"rodzina\"\n                                    data-subcategory=\"rekreacja\"\n                                    data-city=\"Rzg\u00f3w\"\n                                    data-venue=\"\">\n                                    <div class=\"tickets-slider__sliderCard\">\n                                        \n<div class=\"card-ticket\">\n        <div class=\"card-ticket__image\">\n        <a href=\"https:\/\/www.ebilet.pl\/rodzina\/rekreacja\/mandoria\">\n            <img decoding=\"async\" src=\"https:\/\/www.ebilet.pl\/media\/cms\/media\/gqwdmf5h\/grafika1_pionowa_552x736.webp\" alt=\"Plakat wydarzenia\" \/>\n        <\/a>\n    <\/div>\n             \n    <div class=\"card-ticket__link\">\n        <a href=\"https:\/\/www.ebilet.pl\/rodzina\/rekreacja\/mandoria\" class=\"button button--theme-primary-yellow button--withIconLeft button--size-small\">\n            <span class=\"button__icon icon icon-ticket\"><\/span>\n            <p class=\"button__text typo-16 f-600\">Kup bilet<\/p>\n        <\/a>\n    <\/div>\n    <\/div>                                    <\/div>\n                                <\/div>\n                                                    <\/div>\n                    <\/div>\n                <\/div>\n            <\/div>\n        <\/div>\n    <\/div>\n<\/section>\n\n\n<section class=\"text-block  section-margin-32\" >\n    <div class=\"container\">\n        <div class=\"row\">\n            <div class=\"col-24\">\n                <div class=\"text-block__content\"><h2><strong>Wiosenne aktywno\u015bci w domu \u2013 gdy pogoda pozostawia wiele do \u017cyczenia<\/strong><\/h2>\n<p><span style=\"font-weight: 400;\">To nie jest oczywi\u015bcie tak, \u017ce jak pada deszcz, to ju\u017c nie mo\u017cna wychodzi\u0107 z domu. Ale wiemy te\u017c, \u017ce nie ka\u017cde popo\u0142udnie sp\u0119dzicie na powietrzu i to jest jak najbardziej okej. Dlatego mamy dla ciebie kilka pomys\u0142\u00f3w na wiosenne zabawy z dzieckiem w domu (darmowe i p\u0142atne. Podzielili\u015bmy je na dwie kategorie, by \u0142atwiej by\u0142o ci si\u0119 w tym odnale\u017a\u0107).\u00a0<\/span><\/p>\n<h3><strong>Zabawy wiosenne z dzieckiem w domu za darmo*<\/strong><\/h3>\n<p><span style=\"font-weight: 400;\">*O ile macie te rzeczy w domu. Je\u015bli nie \u2013 kosztuj\u0105 niewiele.<\/span><\/p>\n<h4><strong>Wiosenny <i>slow-art<\/i><\/strong><\/h4>\n<p><span style=\"font-weight: 400;\">\u015awietna zabawa dla dzieci w ka\u017cdym wieku. Wystarcz\u0105 wam <\/span><b>farby <\/b><span style=\"font-weight: 400;\">(polecamy akwarele, ale inne te\u017c si\u0119 nadadz\u0105), <\/span><b>p\u0119dzle <\/b><span style=\"font-weight: 400;\">(lub paluszki, ale wtedy \u2013 szczeg\u00f3lnie dla m\u0142odszych dzieci \u2013 niech to b\u0119d\u0105 bezpieczne farby), <\/span><b>kartki i\u2026 troch\u0119 natury<\/b><span style=\"font-weight: 400;\">. Mo\u017cecie nazbiera\u0107 kwiaty, li\u015bcie, traw\u0119, cokolwiek wpadnie wam w r\u0119ce. Potem przytrzymaj dziecku (starsze mo\u017ce zrobi\u0107 to samodzielnie) zdobycz na kartce, a ono niech maluje. Gdy zabierzesz np. li\u015b\u0107, zostanie jego \u015blad.<\/span><\/p>\n<p><b>Oczywi\u015bcie mo\u017cecie te\u017c podej\u015b\u0107 do tego tematu inaczej i:<\/b><\/p>\n<ul>\n<li style=\"font-weight: 400;\" aria-level=\"1\"><span style=\"font-weight: 400;\">po prostu namalowa\u0107 wiosn\u0119,<\/span><\/li>\n<li style=\"font-weight: 400;\" aria-level=\"1\"><span style=\"font-weight: 400;\">zrobi\u0107 wiosenny kola\u017c (np. z tymi zdobyczami, kt\u00f3re macie),<\/span><\/li>\n<li style=\"font-weight: 400;\" aria-level=\"1\"><span style=\"font-weight: 400;\">rysowa\u0107,<\/span><\/li>\n<li style=\"font-weight: 400;\" aria-level=\"1\"><span style=\"font-weight: 400;\">wykleja\u0107,<\/span><\/li>\n<li style=\"font-weight: 400;\" aria-level=\"1\"><span style=\"font-weight: 400;\">wycina\u0107.<\/span><\/li>\n<\/ul>\n<p><span style=\"font-weight: 400;\">Ogranicza was tylko wyobra\u017ania i to, co macie akurat pod r\u0119k\u0105.\u00a0<\/span><\/p>\n<h4><strong>Uprawa kie\u0142k\u00f3w w s\u0142oiku, miseczce lub na talerzyku<\/strong><\/h4>\n<p><span style=\"font-weight: 400;\">To jedna z tych aktywno\u015bci, podczas kt\u00f3rych dzieci ucz\u0105 si\u0119 wi\u0119cej ni\u017c na niejednej lekcji biologii. Potrzebujecie <\/span><b>nasion <\/b><span style=\"font-weight: 400;\">(\u015bwietnie sprawdza si\u0119 rze\u017cucha, rzodkiewka), troch\u0119 <\/span><b>waty<\/b><span style=\"font-weight: 400;\">, <\/span><b>talerzyk\u00f3w albo s\u0142oika i wody.<\/b><span style=\"font-weight: 400;\"> Po\u0142\u00f3\u017ccie wat\u0119, namoczcie j\u0105, wysypcie nasiona i\u2026 czekajcie.\u00a0<\/span><\/p>\n<p><b>\u017beby by\u0142o jeszcze ciekawiej, mo\u017cecie:<\/b><\/p>\n<ul>\n<li style=\"font-weight: 400;\" aria-level=\"1\"><b>prowadzi\u0107 dziennik kie\u0142kowania<\/b><span style=\"font-weight: 400;\"> \u2013 rysowa\u0107 lub fotografowa\u0107, co si\u0119 zmieni\u0142o ka\u017cdego dnia (jak ka\u017cdego dnia zrobicie takie samo uj\u0119cie, to potem mo\u017cecie je zmontowa\u0107 w filmik i zobaczy\u0107, jak kie\u0142kuje ro\u015blinka. By zobaczy\u0107 najlepszy efekt, ustawcie czas trwania ka\u017cdego zdj\u0119cia na 0,1 s),<\/span><\/li>\n<li style=\"font-weight: 400;\" aria-level=\"1\"><b>zrobi\u0107 wy\u015bcig kie\u0142k\u00f3w<\/b><span style=\"font-weight: 400;\"> \u2013 kt\u00f3re nasionko wykie\u0142kuje pierwsze? Pami\u0119tajcie tylko, by podpisa\u0107 swoje talerzyki\/miseczki,<\/span><\/li>\n<li style=\"font-weight: 400;\" aria-level=\"1\"><b>postawi\u0107 s\u0142oiki w r\u00f3\u017cnych miejscach<\/b><span style=\"font-weight: 400;\"> (ciemno vs. jasno, ciep\u0142o vs. ch\u0142odniej) i sprawdzi\u0107, w jakich warunkach ro\u015blinki szybciej wykie\u0142kuj\u0105,<\/span><\/li>\n<li style=\"font-weight: 400;\" aria-level=\"1\"><b>zje\u015b\u0107 efekty swojej pracy <\/b><span style=\"font-weight: 400;\">\u2013 kie\u0142ki s\u0105 pyszne i zdrowe! A mo\u017ce nawet dziecko, kt\u00f3re samo je hodowa\u0142o, ch\u0119tniej po nie si\u0119gnie?<\/span><\/li>\n<\/ul>\n<p><span style=\"font-weight: 400;\">Pierwsze zmiany zobaczysz ju\u017c po 2\u20133 dniach, wi\u0119c to idealna aktywno\u015b\u0107 dla tych dzieci, kt\u00f3re nie lubi\u0105 d\u0142ugo czeka\u0107 na efekty, a jednocze\u015bnie uczy troch\u0119 cierpliwo\u015bci.<\/span><\/p>\n<h4><strong>Budka dla ptak\u00f3w z kartonu lub pude\u0142ka po sokach<\/strong><\/h4>\n<p><span style=\"font-weight: 400;\">Wiosn\u0105 ptaki szukaj\u0105 miejsca do gniazdowania i ch\u0119tnie zaakceptuj\u0105 nawet domowej roboty lokum (je\u015bli tylko b\u0119dzie bezpieczne i suche). Do zrobienia prostej budki wystarczy wam wi\u0119ksze karton po soku\/mleku mleku, no\u017cyczki, sznurek i troch\u0119 ch\u0119ci.<\/span><\/p>\n<p><b>Jak to zrobi\u0107?<\/b><\/p>\n<ul>\n<li style=\"font-weight: 400;\" aria-level=\"1\"><span style=\"font-weight: 400;\">dok\u0142adnie umyjcie i wysuszcie pude\u0142ko,<\/span><\/li>\n<li style=\"font-weight: 400;\" aria-level=\"1\"><span style=\"font-weight: 400;\">wytnijcie otw\u00f3r wej\u015bciowy \u2013 okr\u0105g\u0142y, wielko\u015bci mniej wi\u0119cej 3-4 cm \u015brednicy.<\/span><\/li>\n<li style=\"font-weight: 400;\" aria-level=\"1\"><span style=\"font-weight: 400;\">zr\u00f3bcie dziurk\u0119 u g\u00f3ry i przewleczcie sznurek do zawieszenia.<\/span><\/li>\n<li style=\"font-weight: 400;\" aria-level=\"1\"><span style=\"font-weight: 400;\">zawie\u015bcie w ogrodzie, na balkonie lub przy oknie.<\/span><\/li>\n<\/ul>\n<p><span style=\"font-weight: 400;\">Starsze dzieci mog\u0105 samodzielnie wykona\u0107 wi\u0119kszo\u015b\u0107 krok\u00f3w, m\u0142odszym warto powierzy\u0107 malowanie i dekorowanie. A potem zostaje ju\u017c tylko obserwowanie, czy kto\u015b si\u0119 wprowadzi.<\/span><\/p>\n<h4><strong>Wiosenny dziennik obserwacji<\/strong><\/h4>\n<p><span style=\"font-weight: 400;\">To aktywno\u015b\u0107, kt\u00f3ra wygl\u0105da niepozornie, a potrafi wci\u0105gn\u0105\u0107 na tygodnie.<\/span><b> Chodzi o to, \u017ceby codziennie o tej samej porze usi\u0105\u015b\u0107 przy oknie lub wyj\u015b\u0107 do ogrodu i zapisa\u0107, co si\u0119 zmieni\u0142o. <\/b><span style=\"font-weight: 400;\">Potrzebujecie tylko zeszytu, kredek lub d\u0142ugopisu i odrobiny regularno\u015bci.<\/span><\/p>\n<p><b>Co mo\u017cna notowa\u0107?<\/b><\/p>\n<ul>\n<li style=\"font-weight: 400;\" aria-level=\"1\"><span style=\"font-weight: 400;\">dat\u0119 i godzin\u0119 obserwacji,<\/span><\/li>\n<li style=\"font-weight: 400;\" aria-level=\"1\"><span style=\"font-weight: 400;\">pogod\u0119 i temperatur\u0119 (rano, w po\u0142udnie, wieczorem),<\/span><\/li>\n<li style=\"font-weight: 400;\" aria-level=\"1\"><span style=\"font-weight: 400;\">co w\u0142a\u015bnie kwitnie lub si\u0119 zmienia w ogrodzie czy parku za oknem,<\/span><\/li>\n<li style=\"font-weight: 400;\" aria-level=\"1\"><span style=\"font-weight: 400;\">jakie ptaki lub owady si\u0119 pojawi\u0142y,<\/span><\/li>\n<li style=\"font-weight: 400;\" aria-level=\"1\"><span style=\"font-weight: 400;\">w\u0142asne obserwacje i przemy\u015blenia (s\u0142ownie lub rysunkowo).<\/span><\/li>\n<\/ul>\n<p><b>Starsze dzieci mog\u0105 prowadzi\u0107 dziennik samodzielnie, m\u0142odsze mog\u0105 rysowa\u0107 <\/b><span style=\"font-weight: 400;\">(mo\u017cecie te\u017c poszuka\u0107 naklejek\/piecz\u0105tek z symbolami pogody). Zapisz dat\u0119 i spytaj dziecko, jak opisa\u0107 dzisiejszy dzie\u0144, a potem to zanotuj. Na koniec wiosny macie gotow\u0105 kronik\u0119 jednego sezonu oczami waszej rodziny. Mo\u017ce latem lub jesieni\u0105 te\u017c tak\u0105 zrobicie? A mo\u017ce zim\u0105? Kto wie, ile ciekawych rzeczy si\u0119 wtedy dzieje w ogrodzie\/parku.<\/span><\/p>\n<h4><strong>Wiosenna sesja zdj\u0119ciowa w domu<\/strong><\/h4>\n<p><span style=\"font-weight: 400;\">Dajcie dziecku na chwil\u0119 telefon lub aparat i zadanie: uchwy\u0107 wiosn\u0119 w waszym mieszkaniu. Ale zanim zaczniecie, warto troch\u0119 podzia\u0142a\u0107!<\/span><\/p>\n<p><b>Zr\u00f3bcie razem wiosenne dekoracje, kt\u00f3re pos\u0142u\u017c\u0105 jako t\u0142o i rekwizyty:<\/b><\/p>\n<ul>\n<li style=\"font-weight: 400;\" aria-level=\"1\"><span style=\"font-weight: 400;\">u\u0142\u00f3\u017ccie kompozycj\u0119 z ga\u0142\u0105zek, kwiat\u00f3w i kamieni zebranych na spacerze,<\/span><\/li>\n<li style=\"font-weight: 400;\" aria-level=\"1\"><span style=\"font-weight: 400;\">zr\u00f3bcie papierowe kwiaty i powie\u015bcie je na \u015bcianie,<\/span><\/li>\n<li style=\"font-weight: 400;\" aria-level=\"1\"><span style=\"font-weight: 400;\">nakryjcie st\u00f3\u0142 jak na wiosenny piknik,<\/span><\/li>\n<li style=\"font-weight: 400;\" aria-level=\"1\"><span style=\"font-weight: 400;\">wyci\u0105gnijcie dekoracyjne poszewki na poduszki, zmie\u0144cie troch\u0119 wystr\u00f3j.<\/span><\/li>\n<\/ul>\n<p><span style=\"font-weight: 400;\">A potem niech dziecko fotografuje co i w jaki spos\u00f3b chce. Na koniec wybierzcie razem najlepsze i najciekawsze zdj\u0119cia, wydrukujcie je i zr\u00f3bcie z nich kola\u017c albo po prostu zachowajcie jako wspomnienie. Starsze dzieci mog\u0105 te\u017c spr\u00f3bowa\u0107 prostej edycji w bezp\u0142atnych aplikacjach (np. Lightroom).\u00a0<\/span><\/p>\n<h4><strong>Czytanie na g\u0142os, czyli wiosenne ksi\u0105\u017cki z biblioteki<\/strong><\/h4>\n<p><span style=\"font-weight: 400;\">Niedoceniana, bezp\u0142atna i absolutnie ponadczasowa aktywno\u015b\u0107. Je\u015bli jeszcze nie korzystacie regularnie z biblioteki \u2013 wiosna to idealny moment, \u017ceby to zmieni\u0107. Wejd\u017acie razem, <\/span><b>pozw\u00f3lcie dziecku samodzielnie wybra\u0107 kilka ksi\u0105\u017cek lub razem poszukajcie wiosennych pozycji <\/b><span style=\"font-weight: 400;\">(albo spytajcie bibliotekark\u0119\/bibliotekarza, na pewno wam co\u015b doradzi) i wr\u00f3\u0107cie do domu.<\/span><\/p>\n<p><b>Jak sprawi\u0107, by czytanie sta\u0142o si\u0119 rytua\u0142em?<\/b><\/p>\n<ul>\n<li style=\"font-weight: 400;\" aria-level=\"1\"><b>wybierzcie sta\u0142\u0105 por\u0119<\/b><span style=\"font-weight: 400;\"> \u2013 po obiedzie, przed snem, w niedzielne po\u0142udnie,<\/span><\/li>\n<li style=\"font-weight: 400;\" aria-level=\"1\"><b>czytajcie na zmian\u0119 <\/b><span style=\"font-weight: 400;\">\u2013 starsze dzieci mog\u0105 czyta\u0107 fragmenty samodzielnie, m\u0142odsze mog\u0105 pr\u00f3bowa\u0107 czyta\u0107 pojedyncze s\u0142owa, a najm\u0142odsze \u2013 opisywa\u0107 to, co widz\u0105 (to tak\u017ce rozwija wyobra\u017ani\u0119!),<\/span><\/li>\n<li style=\"font-weight: 400;\" aria-level=\"1\"><b>rozmawiajcie o tym, co przeczytali\u015bcie<\/b><span style=\"font-weight: 400;\"> \u2013 co si\u0119 wam podoba\u0142o, co was zaskoczy\u0142o, co zrobiliby\u015bcie inaczej ni\u017c bohater.<\/span><\/li>\n<\/ul>\n<p><span style=\"font-weight: 400;\">Biblioteka to te\u017c co\u015b wi\u0119cej ni\u017c tylko wypo\u017cyczalnia ksi\u0105\u017cek. Wiele z nich organizuje wiosn\u0105 spotkania autorskie, warsztaty i g\u0142o\u015bne czytanie dla dzieci. <\/span><b>Warto sprawdzi\u0107 repertuar lokalnej plac\u00f3wki.<\/b><\/p>\n<h3><strong>Ta\u0144sze i dro\u017csze p\u0142atne aktywno\u015bci wiosenne z dzieckiem w domu<\/strong><\/h3>\n<h4><strong>Zestaw do sadzenia w\u0142asnych zi\u00f3\u0142<\/strong><\/h4>\n<p><span style=\"font-weight: 400;\">Bazylia, mi\u0119ta, szczypiorek, pietruszka\u2026 Wybierzcie, co tylko chcecie! Zestaw startowy do hodowli zi\u00f3\u0142 kupisz ju\u017c za kilkana\u015bcie z\u0142otych w markecie budowlanym, sklepie ogrodniczym albo przez internet. W zestawie znajdziecie zazwyczaj nasiona, ziemi\u0119 i doniczki. Mo\u017cecie oczywi\u015bcie skompletowa\u0107 taki samodzielnie, dokupuj\u0105c tylko potrzebne rzeczy.<\/span><\/p>\n<p><b>\u017beby zrobi\u0107 z tego prawdziwy projekt:<\/b><\/p>\n<ul>\n<li style=\"font-weight: 400;\" aria-level=\"1\"><span style=\"font-weight: 400;\">pozw\u00f3lcie dziecku wybra\u0107, co chce uprawia\u0107 \u2013 da mu to poczucie sprawczo\u015bci i decyzyjno\u015bci,<\/span><\/li>\n<li style=\"font-weight: 400;\" aria-level=\"1\"><span style=\"font-weight: 400;\">podpiszcie doniczki (dzieci uwielbiaj\u0105 etykietki, tym bardziej w\u0142asnor\u0119cznie zrobione),<\/span><\/li>\n<li style=\"font-weight: 400;\" aria-level=\"1\"><span style=\"font-weight: 400;\">ustalcie harmonogram podlewania i powierzcie go dziecku (zr\u00f3bcie go w formie krateczek do odhaczania na kartce \u2013 tzw. tracker),<\/span><\/li>\n<li style=\"font-weight: 400;\" aria-level=\"1\"><span style=\"font-weight: 400;\">kiedy zio\u0142a urosn\u0105 \u2013 ugotujcie razem co\u015b, do czego je dodacie.<\/span><\/li>\n<\/ul>\n<h4><strong>Warsztaty kreatywne online<\/strong><\/h4>\n<p><span style=\"font-weight: 400;\">Je\u015bli my\u015blisz, \u017ce zaj\u0119cia <\/span><i><span style=\"font-weight: 400;\">online <\/span><\/i><span style=\"font-weight: 400;\">dla dzieci to sucha prezentacja przed ekranem \u2013 czas to zmieni\u0107. Wiele platform oferuje naprawd\u0119 \u015bwietne, interaktywne warsztaty dla dzieci ju\u017c od 3. roku \u017cycia: plastyczne, teatralne, muzyczne, taneczne, rysunkowe. Ceny zazwyczaj zaczynaj\u0105 si\u0119 od kilkudziesi\u0119ciu z\u0142otych za jednorazowe spotkanie.<\/span><\/p>\n<p><b>Na co zwr\u00f3ci\u0107 uwag\u0119 przy wyborze?<\/b><\/p>\n<ul>\n<li style=\"font-weight: 400;\" aria-level=\"1\"><span style=\"font-weight: 400;\">czy zaj\u0119cia s\u0105 na \u017cywo (dziecko ma kontakt z prowadz\u0105cym i innymi dzie\u0107mi) czy nagranie do samodzielnego odtworzenia,<\/span><\/li>\n<li style=\"font-weight: 400;\" aria-level=\"1\"><span style=\"font-weight: 400;\">czy platforma oferuje zaj\u0119cia pr\u00f3bne,<\/span><\/li>\n<li style=\"font-weight: 400;\" aria-level=\"1\"><span style=\"font-weight: 400;\">czy temat rzeczywi\u015bcie odpowiada zainteresowaniom dziecka (niech to b\u0119dzie co\u015b, co mu si\u0119 naprawd\u0119 spodoba).<\/span><\/li>\n<\/ul>\n<h4><strong>Zestaw do malowania kamieni<\/strong><\/h4>\n<p><span style=\"font-weight: 400;\">Kamienie znajdziecie za darmo na ka\u017cdym spacerze \u2013 wystarczy je zebra\u0107 (chocia\u017c, je\u015bli masz ma\u0142e dziecko, pewnie ju\u017c masz w domu ca\u0142\u0105 kolekcj\u0119) i umy\u0107. Do tego potrzebujecie farb akrylowych (najlepiej w zestawie, kt\u00f3ry kupisz ju\u017c za kilkana\u015bcie z\u0142otych), ewentualnie lakieru do zabezpieczenia i p\u0119dzelk\u00f3w. I gotowe! Macie materia\u0142 na d\u0142ugie, spokojne popo\u0142udnie.<\/span><\/p>\n<p><b>Co malowa\u0107 na kamieniach?<\/b><\/p>\n<ul>\n<li style=\"font-weight: 400;\" aria-level=\"1\"><span style=\"font-weight: 400;\">biedronki, motyle, kwiaty \u2013 klasyki, kt\u00f3re zawsze wychodz\u0105 (a je\u015bli nie wychodz\u0105, po\u0107wiczcie troch\u0119 i na pewno si\u0119 uda),<\/span><\/li>\n<li style=\"font-weight: 400;\" aria-level=\"1\"><span style=\"font-weight: 400;\">mandale i geometryczne wzory \u2013 \u015bwietne dla starszych dzieci i dla rodzic\u00f3w, kt\u00f3rzy chc\u0105 si\u0119 wyciszy\u0107 razem z dzieckiem,<\/span><\/li>\n<li style=\"font-weight: 400;\" aria-level=\"1\"><span style=\"font-weight: 400;\">\u017cyczenia, mi\u0142e s\u0142owa, ciekawe my\u015bli \u2013 do pozostawienia w parku, by kto\u015b na nie przypadkiem natrafi\u0142.<\/span><\/li>\n<\/ul>\n<p><span style=\"font-weight: 400;\">Wyjd\u017acie razem, po\u0142\u00f3\u017ccie swoje dzie\u0142a w widocznych miejscach w parku (np. na \u0142awce, przy fontannie lub \u015bcie\u017cce). Potem obserwujcie (albo nie!), czy kto\u015b je znajdzie. A mo\u017ce wybierzecie si\u0119 na poszukiwania kamieni, kt\u00f3re zostawi\u0142 kto\u015b inny?<\/span><\/p>\n<h4><strong>Zielnik<\/strong><\/h4>\n<p><span style=\"font-weight: 400;\">Troch\u0119 nauki, troch\u0119 sztuki, troch\u0119 detektywistycznej roboty \u2013 zielnik to aktywno\u015b\u0107, kt\u00f3ra \u0142\u0105czy w sobie to wszystko. Zbieracie razem ro\u015bliny z ogrodu, parku lub \u0142\u0105ki (wa\u017cne: bierzecie tylko pojedyncze okazy, nigdy nie zrywajcie wszystkiego, co ro\u015bnie w danym miejscu i nigdy ro\u015blin pod ochron\u0105. Uczcie przy tym dziecko szacunku do przyrody), a potem zaczynacie \u015bledztwo\u2026<\/span><\/p>\n<p><b>Jak prowadzi\u0107 zielnik krok po kroku?<\/b><\/p>\n<ul>\n<li style=\"font-weight: 400;\" aria-level=\"1\"><span style=\"font-weight: 400;\">zbierzcie ro\u015blin\u0119 z kawa\u0142kiem \u0142odygi i li\u015b\u0107mi,<\/span><\/li>\n<li style=\"font-weight: 400;\" aria-level=\"1\"><span style=\"font-weight: 400;\">po\u0142\u00f3\u017ccie j\u0105 mi\u0119dzy kartkami papieru i doci\u015bnijcie ksi\u0105\u017ckami \u2013 po kilku dniach b\u0119dzie sucha i p\u0142aska,<\/span><\/li>\n<li style=\"font-weight: 400;\" aria-level=\"1\"><span style=\"font-weight: 400;\">wklejcie do zeszytu,<\/span><\/li>\n<li style=\"font-weight: 400;\" aria-level=\"1\"><span style=\"font-weight: 400;\">podpiszcie: nazwa (tu pomog\u0105 aplikacje jak PlantNet \u2013 wystarczy zrobi\u0107 zdj\u0119cie, a aplikacja podpowie, co to mo\u017ce by\u0107), gdzie i kiedy zebrana, ciekawostka o ro\u015blinie.<\/span><\/li>\n<\/ul>\n<p><span style=\"font-weight: 400;\">Starsze dzieci mog\u0105 korzysta\u0107 z atlas\u00f3w ro\u015blin i same szuka\u0107 nazw (to \u015bwietna lekcja korzystania ze \u017ar\u00f3de\u0142, kt\u00f3re nie s\u0105 tak proste w obs\u0142udze jak internet). M\u0142odsze zadowoli si\u0119 rysowaniem obok przyklejonej ro\u015bliny i kolorowaniem.<\/span><\/p>\n<\/div>\n            <\/div>\n        <\/div>\n    <\/div>\n<\/section>\n\n\n<section  class=\"recommended-article  section-margin-32\">\n    <div class=\"container\">\n        <div class=\"row\">\n            <div class=\"col-24\">\n                                <div class=\"recommended-article__title\">\n                    <p class=\"typo-18\">Przeczytaj te\u017c:<\/p>\n                <\/div>\n                                                <div class=\"recommended-article__card\">\n                    \n<div class=\"card-article  card-article--imgpadding-default card-article--featured\">\n    <div class=\"card-article__wrapper\">\n                <div class=\"card-article__thumbnail\">\n                        <a class=\"card-article__link\" href=\"https:\/\/www.ebilet.pl\/now\/2026-rok-kiedy-jest-wolne-od-szkoly-zaplanuj-krotsze-i-dluzsze-wyjazdy\/\" title=\"2026 rok \u2013 kiedy jest wolne od szko\u0142y? Zaplanuj kr\u00f3tsze i d\u0142u\u017csze wyjazdy\"><\/a>\n                        <div class=\"card-article__image\"><img loading=\"lazy\" decoding=\"async\" width=\"1920\" height=\"1080\" src=\"https:\/\/www.ebilet.pl\/now\/app\/uploads\/2026\/02\/wakajki.jpg\" class=\"attachment- size-\" alt=\"\" srcset=\"https:\/\/www.ebilet.pl\/now\/app\/uploads\/2026\/02\/wakajki.jpg 1920w, https:\/\/www.ebilet.pl\/now\/app\/uploads\/2026\/02\/wakajki-1024x576.jpg 1024w, https:\/\/www.ebilet.pl\/now\/app\/uploads\/2026\/02\/wakajki-1536x864.jpg 1536w, https:\/\/www.ebilet.pl\/now\/app\/uploads\/2026\/02\/wakajki-1280x720.jpg 1280w, https:\/\/www.ebilet.pl\/now\/app\/uploads\/2026\/02\/wakajki-500x281.jpg 500w, https:\/\/www.ebilet.pl\/now\/app\/uploads\/2026\/02\/wakajki-632x356.jpg 632w, https:\/\/www.ebilet.pl\/now\/app\/uploads\/2026\/02\/wakajki-308x174.jpg 308w\" sizes=\"(max-width: 1920px) 100vw, 1920px\" \/><\/div>\n        <\/div>\n                        <div class=\"card-article__content\">\n                        <div class=\"card-article__top\">\n                                <div class=\"card-article__date\">\n                    <span class=\"card-article__dateIcon icon icon-calendar\"><\/span>\n                    <span class=\"typo-12\">01.02.2026<\/span>\n                <\/div>\n                                                <div class=\"card-article__categories\">\n                                        <div class=\"card-article__category\">\n                    \n<a href=\"https:\/\/www.ebilet.pl\/now\/tag\/ciekawostki\/\" class=\"tag tag--fire-opal\" style=\"background-color: #ffbc03\">\n    <p class=\"tag__name\">Ciekawostki<\/p>\n<\/a>\n                    <\/div>\n                                        <div class=\"card-article__category\">\n                    \n<a href=\"https:\/\/www.ebilet.pl\/now\/tag\/podroze\/\" class=\"tag tag--fire-opal\" style=\"background-color: #ffbc03\">\n    <p class=\"tag__name\">Podr\u00f3\u017ce<\/p>\n<\/a>\n                    <\/div>\n                                    <\/div>\n                                            <\/div>\n                                    <div class=\"card-article__title under-h4\">\n                                    <a href=\"https:\/\/www.ebilet.pl\/now\/2026-rok-kiedy-jest-wolne-od-szkoly-zaplanuj-krotsze-i-dluzsze-wyjazdy\/\" class=\"split-title typo-h1 f-700\" data-text-split>\n                                                    <span class=\"split-title__word\">2026<\/span>\n                                                    <span class=\"split-title__word\">rok<\/span>\n                                                    <span class=\"split-title__word\">\u2013<\/span>\n                                                    <span class=\"split-title__word\">kiedy<\/span>\n                                                    <span class=\"split-title__word\">jest<\/span>\n                                                    <span class=\"split-title__word\">wolne<\/span>\n                                                    <span class=\"split-title__word\">od<\/span>\n                                                    <span class=\"split-title__word\">szko\u0142y?<\/span>\n                                                    <span class=\"split-title__word\">Zaplanuj<\/span>\n                                                    <span class=\"split-title__word\">kr\u00f3tsze<\/span>\n                                                    <span class=\"split-title__word\">i<\/span>\n                                                    <span class=\"split-title__word\">d\u0142u\u017csze<\/span>\n                                                    <span class=\"split-title__word\">wyjazdy<\/span>\n                                            <\/a>\n                            <\/div>\n                                <\/div>\n    <\/div>\n<\/div>                <\/div>\n                            <\/div>\n        <\/div>\n    <\/div>\n<\/section>\n\n\n<section class=\"text-block  section-margin-32\" >\n    <div class=\"container\">\n        <div class=\"row\">\n            <div class=\"col-24\">\n                <div class=\"text-block__content\"><h2><strong>Pora na przygod\u0119 \u2013 wiosenne aktywno\u015bci poza domem<\/strong><\/h2>\n<p><span style=\"font-weight: 400;\">Czas na propozycje \u2013 darmowe i p\u0142atne \u2013 kt\u00f3re zrealizujecie na powietrzu (oby jak naj\u015bwie\u017cszym!).\u00a0<\/span><\/p>\n<h3><strong>Darmowe zabawy wiosenne na zewn\u0105trz<\/strong><\/h3>\n<h4><strong>Wiosenny spacer z misj\u0105<\/strong><\/h4>\n<p><b>Dzieci marudz\u0105, \u017ce nie chc\u0105 i\u015b\u0107 na spacer? Zmie\u0144 go w misj\u0119! <\/b><span style=\"font-weight: 400;\">Przed wyj\u015bciem przygotujcie razem list\u0119 rzeczy do znalezienia. Co wpisa\u0107 na list\u0119? Biedronka, pierwsze p\u0105ki na drzewach, \u017c\u00f3\u0142ty kwiat, kamie\u0144 w nietypowym kolorze, paj\u0119czyna z ros\u0105, g\u0105sienica, ptak \u015bpiewaj\u0105cy w koronie drzewa\u2026 ogranicza was tylko wyobra\u017ania.<\/span><\/p>\n<p><b>Ka\u017cdy spacer mo\u017ce by\u0107 te\u017c inn\u0105 misj\u0105. Przyk\u0142adowo:<\/b><\/p>\n<ul>\n<li style=\"font-weight: 400;\" aria-level=\"1\"><span style=\"font-weight: 400;\">ka\u017cda osoba ma swoj\u0105 list\u0119 i rywalizujecie, kto znajdzie wi\u0119cej element\u00f3w,<\/span><\/li>\n<li style=\"font-weight: 400;\" aria-level=\"1\"><span style=\"font-weight: 400;\">fotografujecie ka\u017cdy znaleziony element i na koniec robicie wiosenny album,<\/span><\/li>\n<li style=\"font-weight: 400;\" aria-level=\"1\"><span style=\"font-weight: 400;\">dla m\u0142odszych dzieci lista mo\u017ce by\u0107 obrazkowa zamiast s\u0142ownej,<\/span><\/li>\n<li style=\"font-weight: 400;\" aria-level=\"1\"><span style=\"font-weight: 400;\">starsze dzieci mog\u0105 same u\u0142o\u017cy\u0107 list\u0119 dla rodzic\u00f3w, a rodzice dla dzieci.<\/span><\/li>\n<\/ul>\n<p><span style=\"font-weight: 400;\">Polecamy ten spacer szczeg\u00f3lnie na pocz\u0105tku wiosny, kiedy zmiany dziej\u0105 si\u0119 dos\u0142ownie z dnia na dzie\u0144 i ka\u017cde wyj\u015bcie przynosi co\u015b nowego.<\/span><\/p>\n<h4><strong>Piknik<\/strong><\/h4>\n<p><span style=\"font-weight: 400;\">Zabierzcie gruby koc (lub karimat\u0119), co\u015b smacznego do jedzenia (owoce, muffinki) i wod\u0119 lub herbat\u0119. Spakujcie razem koszyk (mo\u017cecie do\u0142o\u017cy\u0107 do niego tak\u017ce gry, tak\u017ce ruchowe, lub ksi\u0105\u017cki). Wybierzcie si\u0119 w jakie\u015b \u0142adne, ciche miejsce i odpocznijcie, sp\u0119dzaj\u0105c razem czas.<\/span><\/p>\n<h4><strong>Zbieranie naturalnych skarb\u00f3w<\/strong><\/h4>\n<p><span style=\"font-weight: 400;\">Ka\u017cdy spacer wiosn\u0105 jest jak wizyta w sklepie \u201cplastycznym\u201d. Szyszki, kamienie, patyki, muszle, li\u015bcie, kora, pi\u00f3ra, piasek, trawa \u2013 to wszystko doskona\u0142y materia\u0142 do p\u00f3\u017aniejszej tw\u00f3rczo\u015bci. Poszukajcie ciekawych rzeczy na spacerze.<\/span><b> A potem mo\u017cecie z nich:<\/b><\/p>\n<ul>\n<li style=\"font-weight: 400;\" aria-level=\"1\"><span style=\"font-weight: 400;\">stworzy\u0107 le\u015bn\u0105 mandal\u0119 (nawet nie musicie zabiera\u0107 tego do domu, po prostu u\u0142\u00f3\u017ccie na ziemi),<\/span><\/li>\n<li style=\"font-weight: 400;\" aria-level=\"1\"><span style=\"font-weight: 400;\">zbudowa\u0107 miniaturowy ogr\u00f3d lub las w pude\u0142ku po butach (tudzie\u017c du\u017cym s\u0142oiku),<\/span><\/li>\n<li style=\"font-weight: 400;\" aria-level=\"1\"><span style=\"font-weight: 400;\">wykorzysta\u0107 jako stemple (maczacie je w farbie i odbijacie na papierze),<\/span><\/li>\n<li style=\"font-weight: 400;\" aria-level=\"1\"><span style=\"font-weight: 400;\">zrobi\u0107 dekoracje.<\/span><\/li>\n<\/ul>\n<p><span style=\"font-weight: 400;\">Zbieranie samo w sobie jest dla dzieci niezwykle wci\u0105gaj\u0105ce. Nie \u015bpieszcie si\u0119 i pozw\u00f3lcie dziecku zatrzymywa\u0107 si\u0119 przy ka\u017cdym kamieniu, kt\u00f3ry uzna za wyj\u0105tkowy. Bo dla niego naprawd\u0119 jest wyj\u0105tkowy i nie musicie tego rozumie\u0107.<\/span><\/p>\n<h4><strong>Gra w klasy, skakanka, guma<\/strong><\/h4>\n<p><span style=\"font-weight: 400;\">Kreda, skakanka, guma do skakania to idealne pomys\u0142y na aktywne popo\u0142udnie. <\/span><b>Dlaczego warto wraca\u0107 do tych gier?<\/b><\/p>\n<ul>\n<li style=\"font-weight: 400;\" aria-level=\"1\"><span style=\"font-weight: 400;\">rozwijaj\u0105 koordynacj\u0119, rytm i sprawno\u015b\u0107 fizyczn\u0105,<\/span><\/li>\n<li style=\"font-weight: 400;\" aria-level=\"1\"><span style=\"font-weight: 400;\">ucz\u0105 zasad, kolejki i rywalizacji w bezpieczny spos\u00f3b,<\/span><\/li>\n<li style=\"font-weight: 400;\" aria-level=\"1\"><span style=\"font-weight: 400;\">s\u0105 \u015bwietn\u0105 okazj\u0105, \u017ceby pobawi\u0107 si\u0119 razem z dzieckiem i troch\u0119 si\u0119 porusza\u0107,<\/span><\/li>\n<li style=\"font-weight: 400;\" aria-level=\"1\"><span style=\"font-weight: 400;\">dzieciom daj\u0105 frajd\u0119, a rodzicom \u2013 troch\u0119 nostalgii.\u00a0<\/span><\/li>\n<\/ul>\n<h4><strong>Obserwacja ptak\u00f3w<\/strong><\/h4>\n<p><span style=\"font-weight: 400;\">Ptaki wiosn\u0105 s\u0105 wsz\u0119dzie. \u015apiewaj\u0105, buduj\u0105 gniazda, lataj\u0105 z materia\u0142ami \u201cbudowlanymi\u201d w dziobie, k\u0142\u00f3c\u0105 si\u0119 o terytorium. Wystarczy usi\u0105\u015b\u0107 nieruchomo na \u0142awce w parku i patrze\u0107. <\/span><b>\u017beby obserwacja by\u0142a bardziej anga\u017cuj\u0105ca:<\/b><\/p>\n<ul>\n<li style=\"font-weight: 400;\" aria-level=\"1\"><span style=\"font-weight: 400;\">pobierzcie bezp\u0142atn\u0105 aplikacj\u0119 do rozpoznawania ptak\u00f3w po g\u0142osie (np. Merlin Bird ID),<\/span><\/li>\n<li style=\"font-weight: 400;\" aria-level=\"1\"><span style=\"font-weight: 400;\">zr\u00f3bcie list\u0119 gatunk\u00f3w, kt\u00f3re widzieli\u015bcie. Rysujcie lub fotografujcie je w notesie (taki \u201czielnik\u201d z ptakami),<\/span><\/li>\n<li style=\"font-weight: 400;\" aria-level=\"1\"><span style=\"font-weight: 400;\">pos\u0142uchajcie \u015bpiewu i spr\u00f3bujcie wy\u0142apa\u0107 r\u00f3\u017cnice w brzmieniu r\u00f3\u017cnych ptak\u00f3w.<\/span><\/li>\n<\/ul>\n<h4><strong>Sadzenie czego\u015b na balkonie lub w ogr\u00f3dku<\/strong><\/h4>\n<p><span style=\"font-weight: 400;\">Nie trzeba mie\u0107 ogrodu z prawdziwego zdarzenia, \u017ceby poczu\u0107 satysfakcj\u0119 z uprawy czego\u015b w\u0142asnego. Jedna doniczka na balkonie lub tarasie (a nawet w domu) czy jeden grz\u0105dkowy kwadrat wydzielony dziecku w ogrodzie w zupe\u0142no\u015bci wystarczy, by dziecko poczu\u0142o sprawczo\u015b\u0107, odpowiedzialno\u015b\u0107 i satysfakcj\u0119, gdy co\u015b zacznie rosn\u0105\u0107.\u00a0<\/span><\/p>\n<h4><strong>Wycieczka rowerowa na nieznane trasy<\/strong><\/h4>\n<p><span style=\"font-weight: 400;\">Wycieczka rowerowa z dzieckiem nie musi by\u0107 d\u0142uga ani wymagaj\u0105ca. Wa\u017cne, \u017ceby by\u0142a cho\u0107 troch\u0119 odkrywcza. Zamiast jecha\u0107 znajom\u0105 tras\u0105, wybierzcie ulic\u0119, kt\u00f3r\u0105 zawsze mijali\u015bcie. Albo zaplanujcie konkretny cel, np. piknik nad jeziorem.\u00a0<\/span><\/p>\n<p><b>\u017beby wycieczka si\u0119 uda\u0142a:<\/b><\/p>\n<ul>\n<li style=\"font-weight: 400;\" aria-level=\"1\"><span style=\"font-weight: 400;\">dostosujcie dystans do mo\u017cliwo\u015bci najs\u0142abszego uczestnika (nie, niekoniecznie najs\u0142abszym ogniwem b\u0119dzie dziecko),<\/span><\/li>\n<li style=\"font-weight: 400;\" aria-level=\"1\"><span style=\"font-weight: 400;\">we\u017acie ze sob\u0105 co\u015b do jedzenia i picia, nawet na kr\u00f3tk\u0105 tras\u0119,<\/span><\/li>\n<li style=\"font-weight: 400;\" aria-level=\"1\"><span style=\"font-weight: 400;\">pozw\u00f3lcie dziecku prowadzi\u0107 (o ile nie b\u0119dzie to stanowi\u0107 dla nikogo zagro\u017cenia),<\/span><\/li>\n<li style=\"font-weight: 400;\" aria-level=\"1\"><span style=\"font-weight: 400;\">pozw\u00f3lcie sobie na spontaniczno\u015b\u0107.\u00a0<\/span><\/li>\n<\/ul>\n<h4><strong>Obserwowanie chmur<\/strong><\/h4>\n<p><span style=\"font-weight: 400;\">Po\u0142\u00f3\u017ccie si\u0119 na kocu (albo chocia\u017c usi\u0105d\u017acie na \u0142awce) i patrzcie w niebo (tylko niech to nie b\u0119dzie zupe\u0142nie bezchmurne niebo, okej?). Gdy b\u0119dzie przep\u0142ywa\u0107 chmura, opowiadajcie sobie, co w niej widzicie. Zdajcie si\u0119 na wyobra\u017ani\u0119. Mo\u017cecie te\u017c zrobi\u0107 niekt\u00f3rym zdj\u0119cia, a potem je wydrukowa\u0107 i mazakami dorysowa\u0107 elementy, dzi\u0119ki kt\u00f3rym od razu b\u0119dzie wida\u0107, co to jest (np. \u0142apy dinozaura czy skrzyd\u0142a samolotu).\u00a0<\/span><\/p>\n<h3><strong>P\u0142atne aktywno\u015bci wiosenne na zewn\u0105trz \u2013 z r\u00f3\u017cnych p\u00f3\u0142ek cenowych<\/strong><\/h3>\n<h4><strong>Ogr\u00f3d botaniczny lub arboretum<\/strong><\/h4>\n<p><span style=\"font-weight: 400;\">Wiosn\u0105 ogrody botaniczne wygl\u0105daj\u0105 wspaniale. R\u00f3\u017cnego rodzaju kwiaty kwitn\u0105, tworz\u0105c feeri\u0119 barw. A do tego pachn\u0105 tak ob\u0142\u0119dnie, jakby\u015bcie weszli do sklepu z perfumami.<\/span><\/p>\n<p><b>Zanim wybierzecie si\u0119 na wyj\u015bcie:<\/b><\/p>\n<ul>\n<li style=\"font-weight: 400;\" aria-level=\"1\"><span style=\"font-weight: 400;\">sprawd\u017acie, czy plac\u00f3wka oferuje darmowe dni wej\u015bcia lub zni\u017cki dla dzieci,<\/span><\/li>\n<li style=\"font-weight: 400;\" aria-level=\"1\"><span style=\"font-weight: 400;\">poszukajcie, czy w tym czasie nie odbywaj\u0105 si\u0119 warsztaty lub lekcje przyrodnicze dla dzieci,<\/span><\/li>\n<li style=\"font-weight: 400;\" aria-level=\"1\"><span style=\"font-weight: 400;\">we\u017acie ze sob\u0105 lup\u0119 i notes do obserwacji.<\/span><\/li>\n<\/ul>\n<p><span style=\"font-weight: 400;\">Du\u017ce ogrody botaniczne znajdziecie m.in. w Warszawie, Krakowie, Wroc\u0142awiu, \u0141odzi i Poznaniu. Warto te\u017c szuka\u0107 lokalnych arboret\u00f3w. Cz\u0119sto s\u0105 mniej znane, a r\u00f3wnie pi\u0119kne.<\/span><\/p>\n<h4><strong>Farma edukacyjna lub agroturystyka<\/strong><\/h4>\n<p><span style=\"font-weight: 400;\">Karmienie k\u00f3z, zbieranie jajek od kur, siedzenie na traktorze \u2013 dla dzieci to prawdziwe atrakcje! Farmy edukacyjne i gospodarstwa agroturystyczne wyrastaj\u0105 jak grzyby po deszczu i wiele z nich oferuje naprawd\u0119 przemy\u015blane zaj\u0119cia dla dzieci: pieczenie chleba, ubijanie mas\u0142a, sadzenie ro\u015blin czy poznawanie zwierz\u0105t.<\/span><\/p>\n<p><b>Na co warto zwr\u00f3ci\u0107 uwag\u0119 przy wyborze farmy?<\/b><\/p>\n<ul>\n<li style=\"font-weight: 400;\" aria-level=\"1\"><span style=\"font-weight: 400;\">czy oferta jest dostosowana do wieku waszych dzieci,<\/span><\/li>\n<li style=\"font-weight: 400;\" aria-level=\"1\"><span style=\"font-weight: 400;\">ile czasu trwaj\u0105 zaj\u0119cia i jakie to s\u0105 zaj\u0119cia.<\/span><\/li>\n<\/ul>\n<p><span style=\"font-weight: 400;\">Wyjazd na farm\u0119 to te\u017c \u015bwietna okazja do rozmowy o tym, sk\u0105d pochodzi jedzenie (i dlaczego marchewka w ziemi wygl\u0105da inaczej ni\u017c ta na talerzu).<\/span><\/p>\n<h4><strong>Wyj\u015bcie do zoo<\/strong><\/h4>\n<p><span style=\"font-weight: 400;\">Zoo wiosn\u0105 to zupe\u0142nie inne zoo ni\u017c w \u015brodku lata. Zwierz\u0119ta s\u0105 aktywniejsze w ch\u0142odniejszych temperaturach, a przede wszystkim wiosn\u0105 rodz\u0105 si\u0119 m\u0142ode. Ma\u0142e \u017cyrafy stawiaj\u0105ce pierwsze kroki, lwi\u0105tka, piskl\u0119ta w wolierach to widoki, kt\u00f3re robi\u0105 wra\u017cenie nawet na dzieciach, kt\u00f3re by\u0142y w zoo ju\u017c kilka razy.<\/span><\/p>\n<h4><strong>Festiwal wiosenny lub jarmark<\/strong><\/h4>\n<p><span style=\"font-weight: 400;\">Wiosn\u0105 polskie miasta budz\u0105 si\u0119 do \u017cycia i zaczynaj\u0105 organizowa\u0107 festiwale, jarmarki, dni otwarte, pikniki rodzinne. Cz\u0119sto s\u0105 bezp\u0142atne lub prawie bezp\u0142atne, a oferuj\u0105 warsztaty dla dzieci, koncerty, stoiska z lokaln\u0105 \u017cywno\u015bci\u0105 i rzemios\u0142em, animacje.\u00a0<\/span><\/p>\n<p><b>\u017beby nie przegapi\u0107 takich wydarze\u0144:<\/b><\/p>\n<ul>\n<li style=\"font-weight: 400;\" aria-level=\"1\"><span style=\"font-weight: 400;\">\u015bled\u017acie lokalne grupy na Facebooku i profile miejskich dom\u00f3w kultury,<\/span><\/li>\n<li style=\"font-weight: 400;\" aria-level=\"1\"><span style=\"font-weight: 400;\">zapisujcie si\u0119 do newsletter\u00f3w miejskich,<\/span><\/li>\n<li style=\"font-weight: 400;\" aria-level=\"1\"><span style=\"font-weight: 400;\">sprawdzajcie regionalne portale wydarze\u0144.<\/span><\/li>\n<\/ul>\n<p><span style=\"font-weight: 400;\">Warto te\u017c pami\u0119ta\u0107, \u017ce wiele bibliotek, muze\u00f3w i galerii organizuje wiosn\u0105 dni otwarte z bezp\u0142atnym wst\u0119pem.<\/span><\/p>\n<\/div>\n            <\/div>\n        <\/div>\n    <\/div>\n<\/section>\n\n\n<section class=\"tickets-slider  section-margin-32\"\n    data-tickets-slider\n    data-item-list-name=\"Karuzela z buttonami\"\n    data-item-list-id=\"karuzela_z_buttonami\"\n    >\n    <div class=\"container\">\n        <div class=\"row\">\n            <div class=\"col-24\">\n                <div class=\"tickets-slider__main\">\n                    <div class=\"tickets-slider__nav tickets-slider__nav--prev\">\n                        <div class=\"button button--withIcon button--theme-white-blur button--size-fixed-48\" data-tickets-slider-prev>\n                            <span class=\"button__icon icon icon-chevron-left\"><\/span>\n                        <\/div>\n                    <\/div>\n                    <div class=\"tickets-slider__nav tickets-slider__nav--next\">\n                        <div class=\"button button--withIcon button--theme-white-blur button--size-fixed-48\" data-tickets-slider-next>\n                            <span class=\"button__icon icon icon-chevron-right\"><\/span>\n                        <\/div>\n                    <\/div>\n                    <div class=\"tickets-slider__slider swiper\" data-tickets-slider-slider>\n                        <div class=\"tickets-slider__sliderWrapper swiper-wrapper\">\n                                                            <div class=\"tickets-slider__sliderItem swiper-slide\"\n                                    data-id=\"166125\"\n                                    data-name=\"Kolejkowo - wystawa Jelenia G\u00f3ra- Odkryj tajniki modelarstwa\"\n                                    data-brand=\"Kolejkowo S.A.\"\n                                    data-category=\"rodzina\"\n                                    data-subcategory=\"warsztaty-edukacja\"\n                                    data-city=\"Jelenia G\u00f3ra\"\n                                    data-venue=\"Modelarnia Jelenia G\u00f3ra\">\n                                    <div class=\"tickets-slider__sliderCard\">\n                                        \n<div class=\"card-ticket\">\n        <div class=\"card-ticket__image\">\n        <a href=\"https:\/\/www.ebilet.pl\/rodzina\/warsztaty-edukacja\/kolejkowo-wystawa-jelenia-gora\">\n            <img decoding=\"async\" src=\"https:\/\/www.ebilet.pl\/media\/cms\/media\/4f1fqgkc\/2-3df4cc78-0e11-4585-8adb-546599ce34b6.webp\" alt=\"Plakat wydarzenia\" \/>\n        <\/a>\n    <\/div>\n             \n    <div class=\"card-ticket__link\">\n        <a href=\"https:\/\/www.ebilet.pl\/rodzina\/warsztaty-edukacja\/kolejkowo-wystawa-jelenia-gora\" class=\"button button--theme-primary-yellow button--withIconLeft button--size-small\">\n            <span class=\"button__icon icon icon-ticket\"><\/span>\n            <p class=\"button__text typo-16 f-600\">Kup bilet<\/p>\n        <\/a>\n    <\/div>\n    <\/div>                                    <\/div>\n                                <\/div>\n                                                            <div class=\"tickets-slider__sliderItem swiper-slide\"\n                                    data-id=\"166870\"\n                                    data-name=\"Kolejkowo Wroc\u0142aw \u2013 najwi\u0119ksza makieta kolejowa w Polsce\"\n                                    data-brand=\"Kolejkowo S.A.\"\n                                    data-category=\"rodzina\"\n                                    data-subcategory=\"warsztaty-edukacja\"\n                                    data-city=\"Wroc\u0142aw\"\n                                    data-venue=\"Kolejkowo Wroc\u0142aw (Sky Tower)\">\n                                    <div class=\"tickets-slider__sliderCard\">\n                                        \n<div class=\"card-ticket\">\n        <div class=\"card-ticket__image\">\n        <a href=\"https:\/\/www.ebilet.pl\/rodzina\/warsztaty-edukacja\/wystawa-wroclaw\">\n            <img decoding=\"async\" src=\"https:\/\/www.ebilet.pl\/media\/cms\/media\/l4zhubjt\/wroc_aw-552x736px-1-11bd52a0-8e83-459b-b1fb-44fca886b9da.webp\" alt=\"Plakat wydarzenia\" \/>\n        <\/a>\n    <\/div>\n             \n    <div class=\"card-ticket__link\">\n        <a href=\"https:\/\/www.ebilet.pl\/rodzina\/warsztaty-edukacja\/wystawa-wroclaw\" class=\"button button--theme-primary-yellow button--withIconLeft button--size-small\">\n            <span class=\"button__icon icon icon-ticket\"><\/span>\n            <p class=\"button__text typo-16 f-600\">Kup bilet<\/p>\n        <\/a>\n    <\/div>\n    <\/div>                                    <\/div>\n                                <\/div>\n                                                            <div class=\"tickets-slider__sliderItem swiper-slide\"\n                                    data-id=\"166872\"\n                                    data-name=\"Wystawa Gliwice- Cudowny \u015bwiat w miniaturze\"\n                                    data-brand=\"Kolejkowo S.A.\"\n                                    data-category=\"rodzina\"\n                                    data-subcategory=\"warsztaty-edukacja\"\n                                    data-city=\"Gliwice\"\n                                    data-venue=\"Kolejkowo Gliwice\">\n                                    <div class=\"tickets-slider__sliderCard\">\n                                        \n<div class=\"card-ticket\">\n        <div class=\"card-ticket__image\">\n        <a href=\"https:\/\/www.ebilet.pl\/rodzina\/warsztaty-edukacja\/wystawa-gliwice\">\n            <img decoding=\"async\" src=\"https:\/\/www.ebilet.pl\/media\/cms\/media\/yvidnkzt\/gliwice-552x736px-1-6af469c5-779b-487d-9199-58aa8317bb76.webp\" alt=\"Plakat wydarzenia\" \/>\n        <\/a>\n    <\/div>\n             \n    <div class=\"card-ticket__link\">\n        <a href=\"https:\/\/www.ebilet.pl\/rodzina\/warsztaty-edukacja\/wystawa-gliwice\" class=\"button button--theme-primary-yellow button--withIconLeft button--size-small\">\n            <span class=\"button__icon icon icon-ticket\"><\/span>\n            <p class=\"button__text typo-16 f-600\">Kup bilet<\/p>\n        <\/a>\n    <\/div>\n    <\/div>                                    <\/div>\n                                <\/div>\n                                                            <div class=\"tickets-slider__sliderItem swiper-slide\"\n                                    data-id=\"174993\"\n                                    data-name=\"Kolejkowo - wystawa Warszawa\"\n                                    data-brand=\"Kolejkowo S.A.\"\n                                    data-category=\"rodzina\"\n                                    data-subcategory=\"warsztaty-edukacja\"\n                                    data-city=\"Warszawa\"\n                                    data-venue=\"Kolejkowo Warszawa\">\n                                    <div class=\"tickets-slider__sliderCard\">\n                                        \n<div class=\"card-ticket\">\n        <div class=\"card-ticket__image\">\n        <a href=\"https:\/\/www.ebilet.pl\/rodzina\/warsztaty-edukacja\/kolejkowo-wystawa-warszawa\">\n            <img decoding=\"async\" src=\"https:\/\/www.ebilet.pl\/media\/cms\/media\/wgnn0vp3\/dsc03114.webp\" alt=\"Plakat wydarzenia\" \/>\n        <\/a>\n    <\/div>\n             \n    <div class=\"card-ticket__link\">\n        <a href=\"https:\/\/www.ebilet.pl\/rodzina\/warsztaty-edukacja\/kolejkowo-wystawa-warszawa\" class=\"button button--theme-primary-yellow button--withIconLeft button--size-small\">\n            <span class=\"button__icon icon icon-ticket\"><\/span>\n            <p class=\"button__text typo-16 f-600\">Kup bilet<\/p>\n        <\/a>\n    <\/div>\n    <\/div>                                    <\/div>\n                                <\/div>\n                                                    <\/div>\n                    <\/div>\n                <\/div>\n            <\/div>\n        <\/div>\n    <\/div>\n<\/section>\n\n\n<section class=\"text-block  section-margin-32\" >\n    <div class=\"container\">\n        <div class=\"row\">\n            <div class=\"col-24\">\n                <div class=\"text-block__content\"><h2><strong>Aktywno\u015bci kulturalne i sportowe wiosn\u0105 z dzieckiem<\/strong><\/h2>\n<p><span style=\"font-weight: 400;\">I na koniec mamy dla was propozycje wiosennych aktywno\u015bci dla dzieci, ale takich zwi\u0105zanych ze \u015bwiatem kultury i sportu. Co wy na to?<\/span><\/p>\n<h3><strong>Darmowe aktywno\u015bci kulturalne i sportowe dla dzieci na wiosn\u0119<\/strong><\/h3>\n<h4><strong>Plenerowe spektakle<\/strong><\/h4>\n<p><span style=\"font-weight: 400;\">Gdy tylko temperatura pozwala, miasta zaczynaj\u0105 wystawia\u0107 sceny na zewn\u0105trz. Teatry plenerowe, kino na trawie, koncerty w parkach, pokazy ta\u0144ca na placach miejskich\u2026 Wiele z tych wydarze\u0144 jest finansowanych przez gminy i wst\u0119p jest bezp\u0142atny. Wystarczy wiedzie\u0107, gdzie szuka\u0107.<\/span><\/p>\n<p><b>Jak nie przegapi\u0107 najlepszych wydarze\u0144 w swoim mie\u015bcie? <\/b><span style=\"font-weight: 400;\">Wskaz\u00f3wki w tej cz\u0119\u015bci (nieco wy\u017cej): <\/span><i><span style=\"font-weight: 400;\">Festiwal wiosenny lub jarmark.<\/span><\/i><\/p>\n<h4><strong>Biblioteki na \u015bwie\u017cym powietrzu i <i>bookcrossing<\/i><\/strong><\/h4>\n<p><span style=\"font-weight: 400;\">W wielu miastach pojawiaj\u0105 si\u0119 parkowe p\u00f3\u0142ki z ksi\u0105\u017ckami do wzi\u0119cia lub wymiany, skrzynki <\/span><i><span style=\"font-weight: 400;\">bookcrossingu <\/span><\/i><span style=\"font-weight: 400;\">przy \u0142awkach, a same biblioteki organizuj\u0105 czytanie na \u015bwie\u017cym powietrzu i akcje zach\u0119caj\u0105ce do korzystania z ksi\u0119gozbioru. Mo\u017cecie znale\u017a\u0107 taki punkt w swoim mie\u015bcie, zostawi\u0107 tam ksi\u0105\u017cki, kt\u00f3rych ju\u017c nie potrzebujecie i zabra\u0107 inne.\u00a0<\/span><\/p>\n<h4><strong>Biegi i rajdy rodzinne<\/strong><\/h4>\n<p><span style=\"font-weight: 400;\">Biegi na 100 metr\u00f3w dla trzylatk\u00f3w, rodzinne trasy <\/span><i><span style=\"font-weight: 400;\">nordic walking<\/span><\/i><span style=\"font-weight: 400;\">, wy\u015bcigi w parach, rajdy rowerowe z kategori\u0105 dla dzieci, biegi z przeszkodami dla junior\u00f3w \u2013 oferta jest naprawd\u0119 szeroka, a wpisowe w kategorii dzieci\u0119cej cz\u0119sto jest symboliczne lub zerowe.<\/span><\/p>\n<p><b>Dlaczego warto spr\u00f3bowa\u0107?<\/b><\/p>\n<ul>\n<li style=\"font-weight: 400;\" aria-level=\"1\"><span style=\"font-weight: 400;\">dziecko dostaje medal za udzia\u0142 i czuje dum\u0119 z tego, \u017ce spr\u00f3bowa\u0142o swoich si\u0142,<\/span><\/li>\n<li style=\"font-weight: 400;\" aria-level=\"1\"><span style=\"font-weight: 400;\">bieg lub rajd uczy, \u017ce wysi\u0142ek ma sens i \u017ce mo\u017cna zrobi\u0107 co\u015b, co wydawa\u0142o si\u0119 trudne.<\/span><\/li>\n<\/ul>\n<p><span style=\"font-weight: 400;\">\u017beby znale\u017a\u0107 imprezy w swojej okolicy, wyszukajcie \u201cbieg rodzinny\u201d albo \u201crajd dla dzieci\u201d i nazw\u0119 swojego wojew\u00f3dztwa\/powiatu.\u00a0<\/span><\/p>\n<h3><strong>P\u0142atne aktywno\u015bci wiosenne dla dzieci \u2013 kulturalne i sportowe<\/strong><\/h3>\n<h4><strong>Lekcja wspinaczki na \u015bciance<\/strong><\/h4>\n<p><span style=\"font-weight: 400;\">Dzieci wspinaj\u0105 si\u0119 na wszystko od urodzenia \u2013 na kanap\u0119, na drzewa, na ogrodzenie, na placu zabaw, na rodzic\u00f3w (na ich nieszcz\u0119\u015bcie). \u015acianka wspinaczkowa to po prostu miejsce, gdzie mo\u017cna to robi\u0107 bezpiecznie, z asekuracj\u0105 i pod okiem instruktora. O\u015brodki prowadz\u0105 zaj\u0119cia dla dzieci nawet od 4. roku \u017cycia, a sama aktywno\u015b\u0107 rozwija si\u0142\u0119, koordynacj\u0119, odwag\u0119 i umiej\u0119tno\u015b\u0107 oceny ryzyka.<\/span><\/p>\n<h4><strong>Warsztaty fotograficzne dla dzieci<\/strong><\/h4>\n<p><span style=\"font-weight: 400;\">Warsztaty fotograficzne dla dzieci ucz\u0105 m.in. jak kadrowa\u0107, jak szuka\u0107 \u015bwiat\u0142a, jak opowiada\u0107 histori\u0119 zdj\u0119ciem. I pokazuj\u0105 dzieciom, jak dostrzega\u0107 pi\u0119kno w otaczaj\u0105cym nas \u015bwiecie.\u00a0<\/span><\/p>\n<p><b>Co warto wiedzie\u0107 przed zapisaniem dziecka?<\/b><\/p>\n<ul>\n<li style=\"font-weight: 400;\" aria-level=\"1\"><span style=\"font-weight: 400;\">do warsztat\u00f3w najcz\u0119\u015bciej wystarczy zwyk\u0142y telefon z aparatem (ale upewnijcie si\u0119 przed zapisem),<\/span><\/li>\n<li style=\"font-weight: 400;\" aria-level=\"1\"><span style=\"font-weight: 400;\">zaj\u0119cia dla dzieci r\u00f3\u017cni\u0105 si\u0119 od kurs\u00f3w dla doros\u0142ych (jest du\u017co zabawy, a ma\u0142o teorii).<\/span><\/li>\n<\/ul>\n<\/div>\n            <\/div>\n        <\/div>\n    <\/div>\n<\/section>\n\n\n<section class=\"tickets-slider  section-margin-32\"\n    data-tickets-slider\n    data-item-list-name=\"Karuzela z buttonami\"\n    data-item-list-id=\"karuzela_z_buttonami\"\n    >\n    <div class=\"container\">\n        <div class=\"row\">\n            <div class=\"col-24\">\n                <div class=\"tickets-slider__main\">\n                    <div class=\"tickets-slider__nav tickets-slider__nav--prev\">\n                        <div class=\"button button--withIcon button--theme-white-blur button--size-fixed-48\" data-tickets-slider-prev>\n                            <span class=\"button__icon icon icon-chevron-left\"><\/span>\n                        <\/div>\n                    <\/div>\n                    <div class=\"tickets-slider__nav tickets-slider__nav--next\">\n                        <div class=\"button button--withIcon button--theme-white-blur button--size-fixed-48\" data-tickets-slider-next>\n                            <span class=\"button__icon icon icon-chevron-right\"><\/span>\n                        <\/div>\n                    <\/div>\n                    <div class=\"tickets-slider__slider swiper\" data-tickets-slider-slider>\n                        <div class=\"tickets-slider__sliderWrapper swiper-wrapper\">\n                                                            <div class=\"tickets-slider__sliderItem swiper-slide\"\n                                    data-id=\"43861\"\n                                    data-name=\"Og\u00f3rkiem po Pradze \"\n                                    data-brand=\"WPT 1313 Rafa\u0142 Pawe\u0142ek\"\n                                    data-category=\"rodzina\"\n                                    data-subcategory=\"pozostale\"\n                                    data-city=\"Warszawa\"\n                                    data-venue=\"Plac Defilad \">\n                                    <div class=\"tickets-slider__sliderCard\">\n                                        \n<div class=\"card-ticket\">\n        <div class=\"card-ticket__image\">\n        <a href=\"https:\/\/www.ebilet.pl\/rodzina\/pozostale\/ogorkiem-po-warszawie\">\n            <img decoding=\"async\" src=\"https:\/\/www.ebilet.pl\/media\/cms\/media\/51hdpkqz\/praga2-6cdf7382-bb21-40fa-b773-ff65986bddce.webp\" alt=\"Plakat wydarzenia\" \/>\n        <\/a>\n    <\/div>\n             \n    <div class=\"card-ticket__link\">\n        <a href=\"https:\/\/www.ebilet.pl\/rodzina\/pozostale\/ogorkiem-po-warszawie\" class=\"button button--theme-primary-yellow button--withIconLeft button--size-small\">\n            <span class=\"button__icon icon icon-ticket\"><\/span>\n            <p class=\"button__text typo-16 f-600\">Kup bilet<\/p>\n        <\/a>\n    <\/div>\n    <\/div>                                    <\/div>\n                                <\/div>\n                                                            <div class=\"tickets-slider__sliderItem swiper-slide\"\n                                    data-id=\"50675\"\n                                    data-name=\"Warszawa w pigu\u0142ce\"\n                                    data-brand=\"WPT 1313 Rafa\u0142 Pawe\u0142ek\"\n                                    data-category=\"rodzina\"\n                                    data-subcategory=\"pozostale\"\n                                    data-city=\"Warszawa\"\n                                    data-venue=\"Plac Defilad \">\n                                    <div class=\"tickets-slider__sliderCard\">\n                                        \n<div class=\"card-ticket\">\n        <div class=\"card-ticket__image\">\n        <a href=\"https:\/\/www.ebilet.pl\/rodzina\/pozostale\/warszawa-w-pigulce\">\n            <img decoding=\"async\" src=\"https:\/\/www.ebilet.pl\/media\/cms\/media\/0czikbm0\/pigu\u0142ka2-0f05e05e-7fba-475d-9b9e-7c1afc80761e.webp\" alt=\"Plakat wydarzenia\" \/>\n        <\/a>\n    <\/div>\n             \n    <div class=\"card-ticket__link\">\n        <a href=\"https:\/\/www.ebilet.pl\/rodzina\/pozostale\/warszawa-w-pigulce\" class=\"button button--theme-primary-yellow button--withIconLeft button--size-small\">\n            <span class=\"button__icon icon icon-ticket\"><\/span>\n            <p class=\"button__text typo-16 f-600\">Kup bilet<\/p>\n        <\/a>\n    <\/div>\n    <\/div>                                    <\/div>\n                                <\/div>\n                                                            <div class=\"tickets-slider__sliderItem swiper-slide\"\n                                    data-id=\"46784\"\n                                    data-name=\"Maj\u00f3wka z Og\u00f3rkiem  po Warszawie\"\n                                    data-brand=\"WPT 1313 Rafa\u0142 Pawe\u0142ek\"\n                                    data-category=\"rodzina\"\n                                    data-subcategory=\"pozostale\"\n                                    data-city=\"Warszawa\"\n                                    data-venue=\"Plac Defilad \">\n                                    <div class=\"tickets-slider__sliderCard\">\n                                        \n<div class=\"card-ticket\">\n        <div class=\"card-ticket__image\">\n        <a href=\"https:\/\/www.ebilet.pl\/rodzina\/pozostale\/majowka-z-ogorkiem-po-warszawie\">\n            <img decoding=\"async\" src=\"https:\/\/www.ebilet.pl\/media\/cms\/media\/lsrlpkhw\/maj\u00f3wka-552x736-min-cacb2e6e-215e-266b-33fc-798638aca923.webp\" alt=\"Plakat wydarzenia\" \/>\n        <\/a>\n    <\/div>\n             \n    <div class=\"card-ticket__link\">\n        <a href=\"https:\/\/www.ebilet.pl\/rodzina\/pozostale\/majowka-z-ogorkiem-po-warszawie\" class=\"button button--theme-primary-yellow button--withIconLeft button--size-small\">\n            <span class=\"button__icon icon icon-ticket\"><\/span>\n            <p class=\"button__text typo-16 f-600\">Kup bilet<\/p>\n        <\/a>\n    <\/div>\n    <\/div>                                    <\/div>\n                                <\/div>\n                                                            <div class=\"tickets-slider__sliderItem swiper-slide\"\n                                    data-id=\"96989\"\n                                    data-name=\"Absurdy PRL-u\"\n                                    data-brand=\"WPT 1313 Rafa\u0142 Pawe\u0142ek\"\n                                    data-category=\"rodzina\"\n                                    data-subcategory=\"pozostale\"\n                                    data-city=\"Warszawa\"\n                                    data-venue=\"Plac Defilad \">\n                                    <div class=\"tickets-slider__sliderCard\">\n                                        \n<div class=\"card-ticket\">\n        <div class=\"card-ticket__image\">\n        <a href=\"https:\/\/www.ebilet.pl\/rodzina\/pozostale\/absurdy-prl-u\">\n            <img decoding=\"async\" src=\"https:\/\/www.ebilet.pl\/media\/cms\/media\/4cqgbogi\/prl-552x736-min-f1f44407-6eb0-5f0e-1231-dcbbd2408b45.webp\" alt=\"Plakat wydarzenia\" \/>\n        <\/a>\n    <\/div>\n             \n    <div class=\"card-ticket__link\">\n        <a href=\"https:\/\/www.ebilet.pl\/rodzina\/pozostale\/absurdy-prl-u\" class=\"button button--theme-primary-yellow button--withIconLeft button--size-small\">\n            <span class=\"button__icon icon icon-ticket\"><\/span>\n            <p class=\"button__text typo-16 f-600\">Kup bilet<\/p>\n        <\/a>\n    <\/div>\n    <\/div>                                    <\/div>\n                                <\/div>\n                                                            <div class=\"tickets-slider__sliderItem swiper-slide\"\n                                    data-id=\"87721\"\n                                    data-name=\"Zwiedzanie Pa\u0142acu Kultury i Nauki\"\n                                    data-brand=\"WPT 1313 Rafa\u0142 Pawe\u0142ek\"\n                                    data-category=\"rodzina\"\n                                    data-subcategory=\"pozostale\"\n                                    data-city=\"Warszawa\"\n                                    data-venue=\"Pa\u0142ac Kultury i Nauki\">\n                                    <div class=\"tickets-slider__sliderCard\">\n                                        \n<div class=\"card-ticket\">\n        <div class=\"card-ticket__image\">\n        <a href=\"https:\/\/www.ebilet.pl\/rodzina\/pozostale\/palac-kultury-i-nauki-wycieczki-z-przewodnikiem\">\n            <img decoding=\"async\" src=\"https:\/\/www.ebilet.pl\/media\/cms\/media\/smjpjsau\/wnetrza-552x736-1-112d6fca-43a6-f2ce-fa19-1308361fa405.webp\" alt=\"Plakat wydarzenia\" \/>\n        <\/a>\n    <\/div>\n             \n    <div class=\"card-ticket__link\">\n        <a href=\"https:\/\/www.ebilet.pl\/rodzina\/pozostale\/palac-kultury-i-nauki-wycieczki-z-przewodnikiem\" class=\"button button--theme-primary-yellow button--withIconLeft button--size-small\">\n            <span class=\"button__icon icon icon-ticket\"><\/span>\n            <p class=\"button__text typo-16 f-600\">Kup bilet<\/p>\n        <\/a>\n    <\/div>\n    <\/div>                                    <\/div>\n                                <\/div>\n                                                            <div class=\"tickets-slider__sliderItem swiper-slide\"\n                                    data-id=\"100065\"\n                                    data-name=\"Wystawa Lego - Toru\u0144\"\n                                    data-brand=\"Orze\u0142 Investment Marek Grzelak\"\n                                    data-category=\"rodzina\"\n                                    data-subcategory=\"pozostale\"\n                                    data-city=\"Toru\u0144\"\n                                    data-venue=\"\">\n                                    <div class=\"tickets-slider__sliderCard\">\n                                        \n<div class=\"card-ticket\">\n        <div class=\"card-ticket__image\">\n        <a href=\"https:\/\/www.ebilet.pl\/rodzina\/pozostale\/wystawa-figurek-lego\">\n            <img decoding=\"async\" src=\"https:\/\/www.ebilet.pl\/media\/cms\/media\/rpwjycbs\/552x736a-olsztyn-wystawa-nowa-tor-kryn-6e1ef6a2-0b5b-47ed-a710-31108bc78865.webp\" alt=\"Plakat wydarzenia\" \/>\n        <\/a>\n    <\/div>\n             \n    <div class=\"card-ticket__link\">\n        <a href=\"https:\/\/www.ebilet.pl\/rodzina\/pozostale\/wystawa-figurek-lego\" class=\"button button--theme-primary-yellow button--withIconLeft button--size-small\">\n            <span class=\"button__icon icon icon-ticket\"><\/span>\n            <p class=\"button__text typo-16 f-600\">Kup bilet<\/p>\n        <\/a>\n    <\/div>\n    <\/div>                                    <\/div>\n                                <\/div>\n                                                            <div class=\"tickets-slider__sliderItem swiper-slide\"\n                                    data-id=\"121569\"\n                                    data-name=\"Wystawa figurek Lego - Zakopane\"\n                                    data-brand=\"Orze\u0142 Investment Marek Grzelak\"\n                                    data-category=\"rodzina\"\n                                    data-subcategory=\"pozostale\"\n                                    data-city=\"Zakopane\"\n                                    data-venue=\"\">\n                                    <div class=\"tickets-slider__sliderCard\">\n                                        \n<div class=\"card-ticket\">\n        <div class=\"card-ticket__image\">\n        <a href=\"https:\/\/www.ebilet.pl\/rodzina\/pozostale\/wystawa-lego\">\n            <img decoding=\"async\" src=\"https:\/\/www.ebilet.pl\/media\/cms\/media\/4mub5vhp\/ok_adka-pionowa-7c600242-7ee5-4cac-8999-a11fa9015ab5.webp\" alt=\"Plakat wydarzenia\" \/>\n        <\/a>\n    <\/div>\n             \n    <div class=\"card-ticket__link\">\n        <a href=\"https:\/\/www.ebilet.pl\/rodzina\/pozostale\/wystawa-lego\" class=\"button button--theme-primary-yellow button--withIconLeft button--size-small\">\n            <span class=\"button__icon icon icon-ticket\"><\/span>\n            <p class=\"button__text typo-16 f-600\">Kup bilet<\/p>\n        <\/a>\n    <\/div>\n    <\/div>                                    <\/div>\n                                <\/div>\n                                                            <div class=\"tickets-slider__sliderItem swiper-slide\"\n                                    data-id=\"191697\"\n                                    data-name=\"World Balloon Festival Warszawa\"\n                                    data-brand=\"PM ENTERTAINMENT GROUP SP\u00d3\u0141KA Z OGRANICZON\u0104 ODPOWIEDZIALNO\u015aCI\u0104\"\n                                    data-category=\"rodzina\"\n                                    data-subcategory=\"pozostale\"\n                                    data-city=\"Warszawa\"\n                                    data-venue=\"EXPO XXI\">\n                                    <div class=\"tickets-slider__sliderCard\">\n                                        \n<div class=\"card-ticket\">\n        <div class=\"card-ticket__image\">\n        <a href=\"https:\/\/www.ebilet.pl\/rodzina\/pozostale\/world-balloon-festival\">\n            <img decoding=\"async\" src=\"https:\/\/www.ebilet.pl\/media\/cms\/media\/fkoirykk\/552x736_wbf-e2f7b10f-f615-4fb8-8f05-12f034aab5fe.webp\" alt=\"Plakat wydarzenia\" \/>\n        <\/a>\n    <\/div>\n             \n    <div class=\"card-ticket__link\">\n        <a href=\"https:\/\/www.ebilet.pl\/rodzina\/pozostale\/world-balloon-festival\" class=\"button button--theme-primary-yellow button--withIconLeft button--size-small\">\n            <span class=\"button__icon icon icon-ticket\"><\/span>\n            <p class=\"button__text typo-16 f-600\">Kup bilet<\/p>\n        <\/a>\n    <\/div>\n    <\/div>                                    <\/div>\n                                <\/div>\n                                                            <div class=\"tickets-slider__sliderItem swiper-slide\"\n                                    data-id=\"202858\"\n                                    data-name=\"Legenda flagi \u2013 plan filmowy\"\n                                    data-brand=\"Progres Iwona Solecka-Karczewska\"\n                                    data-category=\"rodzina\"\n                                    data-subcategory=\"pozostale\"\n                                    data-city=\"Grabie\"\n                                    data-venue=\"Grabgard\">\n                                    <div class=\"tickets-slider__sliderCard\">\n                                        \n<div class=\"card-ticket\">\n        <div class=\"card-ticket__image\">\n        <a href=\"https:\/\/www.ebilet.pl\/rodzina\/pozostale\/plan-filmowy\">\n            <img decoding=\"async\" src=\"https:\/\/www.ebilet.pl\/media\/cms\/media\/fs5lyhab\/e-bilet-banery-3_552x736_.webp\" alt=\"Plakat wydarzenia\" \/>\n        <\/a>\n    <\/div>\n             \n    <div class=\"card-ticket__link\">\n        <a href=\"https:\/\/www.ebilet.pl\/rodzina\/pozostale\/plan-filmowy\" class=\"button button--theme-primary-yellow button--withIconLeft button--size-small\">\n            <span class=\"button__icon icon icon-ticket\"><\/span>\n            <p class=\"button__text typo-16 f-600\">Kup bilet<\/p>\n        <\/a>\n    <\/div>\n    <\/div>                                    <\/div>\n                                <\/div>\n                                                    <\/div>\n                    <\/div>\n                <\/div>\n            <\/div>\n        <\/div>\n    <\/div>\n<\/section>\n\n\n<section class=\"text-block  section-margin-32\" >\n    <div class=\"container\">\n        <div class=\"row\">\n            <div class=\"col-24\">\n                <div class=\"text-block__content\"><h2><strong>Jak sprawi\u0107, \u017ceby te aktywno\u015bci by\u0142y naprawd\u0119 warto\u015bciowe?<\/strong><\/h2>\n<p><span style=\"font-weight: 400;\">Mo\u017cesz zaplanowa\u0107 idealne aktywno\u015bci z dzieckiem, a potem czu\u0107, \u017ce co\u015b posz\u0142o nie tak. Znacznie cz\u0119\u015bciej te spontaniczne zabawy s\u0105 najbardziej jako\u015bciowe. Dlaczego tak jest? <\/span><b>By\u0107 mo\u017ce dlatego, \u017ce gdy co\u015b planujemy, nak\u0142adamy na siebie troch\u0119 presji, \u017ceby by\u0142o perfekcyjnie.<\/b><span style=\"font-weight: 400;\"> A przecie\u017c dziecko to cz\u0142owiek, kt\u00f3ry mo\u017ce t\u0119 aktywno\u015b\u0107 czy zabaw\u0119 widzie\u0107 troch\u0119 inaczej.\u00a0<\/span><\/p>\n<p><b>Co wi\u0119c zrobi\u0107, by ka\u017cdemu z was podoba\u0142y si\u0119 wiosenne aktywno\u015bci? <\/b><span style=\"font-weight: 400;\">Przede wszystkim rozmawiaj z dzieckiem, id\u017acie na kompromisy i\u2026 b\u0105d\u017a uwa\u017cny. Wycisz telefon i schowaj go, bo \u2013 <\/span><i><span style=\"font-weight: 400;\">sorry not sorry<\/span><\/i><span style=\"font-weight: 400;\"> \u2013 ci\u0105gle po niego si\u0119gaj\u0105c, pokazujesz dziecku, \u017ce jest dla ciebie mniej wa\u017cne od urz\u0105dzenia. Tyle wystarczy. No, mo\u017ce dorzu\u0107cie jeszcze troch\u0119 spontaniczno\u015bci, bo nie wszystko musi by\u0107 od linijki.<\/span><\/p>\n<p><span style=\"font-weight: 400;\">\u0179r\u00f3d\u0142a:<\/span><\/p>\n<p><span style=\"font-weight: 400;\">[1] <\/span><a href=\"https:\/\/www.frd.org.pl\/dzieci-maja-wychodne\/dlaczego-przebywanie-dzieci-w-naturze-jest-tak-wazne\/\" target=\"_blank\" rel=\"nofollow noopener\"><span style=\"font-weight: 400;\">https:\/\/www.frd.org.pl\/dzieci-maja-wychodne\/dlaczego-przebywanie-dzieci-w-naturze-jest-tak-wazne\/<\/span><\/a><span style=\"font-weight: 400;\"> (dost\u0119p z dnia 6.03.2026)<\/span><\/p>\n<\/div>\n            <\/div>\n        <\/div>\n    <\/div>\n<\/section>\n\n\n<section class=\"events-slider-block  section-margin-32\" data-events-slider-block data-carousel-title=\"Gor\u0105ce wydarzenia\" data-carousel-type=\"gor\u0105ce_wydarzenia\" data-item-list-name=\"Gor\u0105ce wydarzenia Gor\u0105ce wydarzenia\" data-item-list-id=\"gor\u0105ce_wydarzenia Gor\u0105ce wydarzenia\" >\n    <div class=\"container\">\n        <div class=\"row\">\n            <div class=\"col-24\">\n                <div class=\"events-slider-block__wrapper\">\n                                            <div class=\"events-slider-block__bg\"><img loading=\"lazy\" decoding=\"async\" width=\"1920\" height=\"1080\" src=\"https:\/\/www.ebilet.pl\/now\/app\/uploads\/2024\/04\/shutterstock_1308510637.jpg\" class=\"attachment-full size-full\" alt=\"Fot.\" srcset=\"https:\/\/www.ebilet.pl\/now\/app\/uploads\/2024\/04\/shutterstock_1308510637.jpg 1920w, https:\/\/www.ebilet.pl\/now\/app\/uploads\/2024\/04\/shutterstock_1308510637-1024x576.jpg 1024w, https:\/\/www.ebilet.pl\/now\/app\/uploads\/2024\/04\/shutterstock_1308510637-1536x864.jpg 1536w, https:\/\/www.ebilet.pl\/now\/app\/uploads\/2024\/04\/shutterstock_1308510637-1280x720.jpg 1280w, https:\/\/www.ebilet.pl\/now\/app\/uploads\/2024\/04\/shutterstock_1308510637-500x281.jpg 500w, https:\/\/www.ebilet.pl\/now\/app\/uploads\/2024\/04\/shutterstock_1308510637-632x356.jpg 632w, https:\/\/www.ebilet.pl\/now\/app\/uploads\/2024\/04\/shutterstock_1308510637-308x174.jpg 308w\" sizes=\"(max-width: 1920px) 100vw, 1920px\" \/><\/div>\n                                                                <div class=\"events-slider-block__top\">\n                                                            <div class=\"events-slider-block__title desktop\">\n                                    <h2 class=\"typo-h2\">Gor\u0105ce wydarzenia<\/h2>\n                                <\/div>\n                                                                                        <div class=\"events-slider-block__title mobile\">\n                                    <h2 class=\"typo-h2\">Gor\u0105ce wydarzenia<\/h2>\n                                <\/div>\n                                                    <\/div>\n                                                                <div class=\"events-slider-block__main\">\n                            <div class=\"events-slider-block__nav events-slider-block__nav--prev\">\n                                <div class=\"button button--withIcon button--theme-white-blur button--size-fixed-48\" data-events-prev>\n                                    <span class=\"button__icon icon icon-chevron-left\"><\/span>\n                                <\/div>\n                            <\/div>\n                            <div class=\"events-slider-block__nav events-slider-block__nav--next\">\n                                <div class=\"button button--withIcon button--theme-white-blur button--size-fixed-48\" data-events-next>\n                                    <span class=\"button__icon icon icon-chevron-right\"><\/span>\n                                <\/div>\n                            <\/div>\n                            <div class=\"events-slider-block__slider\">\n                                <div class=\"swiper\" data-events-slider>\n                                    <div class=\"events-slider-block__sliderWrapper swiper-wrapper\">\n\n                                        \n                                            <div class=\"events-slider-block__sliderItem swiper-slide event-card\"\n                                                data-id=\"63906\"\n                                                data-name=\"Mecze towarzyskie Reprezentacji Polski m\u0119\u017cczyzn w siatk\u00f3wce\"\n                                                data-brand=\"Polska Siatk\u00f3wka Sp. z o.o.\"\n                                                data-category=\"sport\"\n                                                data-subcategory=\"sporty-druzynowe\"\n                                                data-city=\"Katowice, Sosnowiec\"\n                                                data-venue=\"ArcelorMittal Park w Sosnowcu\">\n                                                \n<div class=\"card-event  card-event--size-small\">\n        <a href=\"https:\/\/www.ebilet.pl\/sport\/sporty-druzynowe\/mecz-siatkowki\" target=\"_blank\" class=\"card-event__link\" rel=\"nofollow noopener\"><\/a>\n        <div class=\"card-event__wrapper\">\n        <div class=\"card-event__image\">\n            <img decoding=\"async\" src=\"https:\/\/www.ebilet.pl\/media\/cms\/media\/paxoijep\/mecz-1-e7ebdff4-0eeb-4b41-87f8-b8cc79cca9e1.webp\" alt=\"\">\n        <\/div>\n        <div class=\"card-event__data\">\n            <div class=\"card-event__name\">\n                <p>Mecze towarzyskie Reprezentacji Polski m\u0119\u017cczyzn w siatk\u00f3wce<\/p>\n            <\/div>\n            <div class=\"card-event__date\">20.05.2026-20.05.2026<\/div>\n            <div class=\"card-event__location\">Katowice, Sosnowiec<\/div>\n        <\/div>\n    <\/div>\n<\/div>                                            <\/div>\n                                        \n                                            <div class=\"events-slider-block__sliderItem swiper-slide event-card\"\n                                                data-id=\"13630\"\n                                                data-name=\"M\u0119skie Granie 2026\"\n                                                data-brand=\"LIVE Sp. z o.o.\"\n                                                data-category=\"muzyka\"\n                                                data-subcategory=\"festiwale\"\n                                                data-city=\"Gda\u0144sk, Krak\u00f3w, Pozna\u0144 i inne\"\n                                                data-venue=\"\u017bywiec Amfiteatr pod Grojcem\">\n                                                \n<div class=\"card-event  card-event--size-small\">\n        <a href=\"https:\/\/www.ebilet.pl\/muzyka\/festiwale\/meskie-granie\" target=\"_blank\" class=\"card-event__link\" rel=\"nofollow noopener\"><\/a>\n        <div class=\"card-event__wrapper\">\n        <div class=\"card-event__image\">\n            <img decoding=\"async\" src=\"https:\/\/www.ebilet.pl\/media\/cms\/media\/otqfs0tb\/552x736-11-18222119-c0b1-48d3-9da6-2d9f34d401ee.webp\" alt=\"\">\n        <\/div>\n        <div class=\"card-event__data\">\n            <div class=\"card-event__name\">\n                <p>M\u0119skie Granie 2026<\/p>\n            <\/div>\n            <div class=\"card-event__date\">26.06.2026-26.06.2026<\/div>\n            <div class=\"card-event__location\">Gda\u0144sk, Krak\u00f3w, Pozna\u0144 i inne<\/div>\n        <\/div>\n    <\/div>\n<\/div>                                            <\/div>\n                                        \n                                            <div class=\"events-slider-block__sliderItem swiper-slide event-card\"\n                                                data-id=\"146847\"\n                                                data-name=\"Gdzie na maj\u00f3wk\u0119 2026?\"\n                                                data-brand=\"eBilet\"\n                                                data-category=\"biznes\"\n                                                data-subcategory=\"pozostale\"\n                                                data-city=\"\"\n                                                data-venue=\"\">\n                                                \n<div class=\"card-event  card-event--size-small\">\n        <a href=\"https:\/\/www.ebilet.pl\/biznes\/pozostale\/majowka\" target=\"_blank\" class=\"card-event__link\" rel=\"nofollow noopener\"><\/a>\n        <div class=\"card-event__wrapper\">\n        <div class=\"card-event__image\">\n            <img decoding=\"async\" src=\"https:\/\/www.ebilet.pl\/media\/cms\/media\/0ykhdlea\/552x736.webp\" alt=\"\">\n        <\/div>\n        <div class=\"card-event__data\">\n            <div class=\"card-event__name\">\n                <p>Gdzie na maj\u00f3wk\u0119 2026?<\/p>\n            <\/div>\n            <div class=\"card-event__date\"><\/div>\n            <div class=\"card-event__location\"><\/div>\n        <\/div>\n    <\/div>\n<\/div>                                            <\/div>\n                                        \n                                            <div class=\"events-slider-block__sliderItem swiper-slide event-card\"\n                                                data-id=\"10086\"\n                                                data-name=\"Orange Warsaw Festival 2026\"\n                                                data-brand=\"Alter Art\"\n                                                data-category=\"muzyka\"\n                                                data-subcategory=\"festiwale\"\n                                                data-city=\"Warszawa\"\n                                                data-venue=\"Tor Wy\u015bcig\u00f3w Konnych Warszawa - S\u0142u\u017cewiec\">\n                                                \n<div class=\"card-event  card-event--size-small\">\n        <a href=\"https:\/\/www.ebilet.pl\/muzyka\/festiwale\/orange-warsaw-festival\" target=\"_blank\" class=\"card-event__link\" rel=\"nofollow noopener\"><\/a>\n        <div class=\"card-event__wrapper\">\n        <div class=\"card-event__image\">\n            <img decoding=\"async\" src=\"https:\/\/www.ebilet.pl\/media\/cms\/media\/bxnh21tr\/owf_2026_ebilet_552x736-94c1b52f-1e91-4861-ba57-03b21dcd6346.webp\" alt=\"\">\n        <\/div>\n        <div class=\"card-event__data\">\n            <div class=\"card-event__name\">\n                <p>Orange Warsaw Festival 2026<\/p>\n            <\/div>\n            <div class=\"card-event__date\">29.05.2026-29.05.2026<\/div>\n            <div class=\"card-event__location\">Warszawa<\/div>\n        <\/div>\n    <\/div>\n<\/div>                                            <\/div>\n                                        \n                                            <div class=\"events-slider-block__sliderItem swiper-slide event-card\"\n                                                data-id=\"205645\"\n                                                data-name=\"Bezpieczna odsprzeda\u017c w apce eBilet\"\n                                                data-brand=\"eBilet\"\n                                                data-category=\"biznes\"\n                                                data-subcategory=\"pozostale\"\n                                                data-city=\"\"\n                                                data-venue=\"\">\n                                                \n<div class=\"card-event  card-event--size-small\">\n        <a href=\"https:\/\/www.ebilet.pl\/biznes\/pozostale\/odsprzedaz\" target=\"_blank\" class=\"card-event__link\" rel=\"nofollow noopener\"><\/a>\n        <div class=\"card-event__wrapper\">\n        <div class=\"card-event__image\">\n            <img decoding=\"async\" src=\"https:\/\/www.ebilet.pl\/media\/cms\/media\/lkwf0krx\/552x736-1.webp\" alt=\"\">\n        <\/div>\n        <div class=\"card-event__data\">\n            <div class=\"card-event__name\">\n                <p>Bezpieczna odsprzeda\u017c w apce eBilet<\/p>\n            <\/div>\n            <div class=\"card-event__date\"><\/div>\n            <div class=\"card-event__location\"><\/div>\n        <\/div>\n    <\/div>\n<\/div>                                            <\/div>\n                                        \n                                            <div class=\"events-slider-block__sliderItem swiper-slide event-card\"\n                                                data-id=\"195709\"\n                                                data-name=\"Taco Hemingway 2026 \u2020\u2020\u2020our\"\n                                                data-brand=\"Revolume Sp. z o.o.\"\n                                                data-category=\"muzyka\"\n                                                data-subcategory=\"hip-hop-rap\"\n                                                data-city=\"Gda\u0144sk\/Sopot, Krak\u00f3w, Warszawa i inne\"\n                                                data-venue=\"Hala Stulecia\">\n                                                \n<div class=\"card-event  card-event--size-small\">\n        <a href=\"https:\/\/www.ebilet.pl\/muzyka\/hip-hop-rap\/taco-hemingway\" target=\"_blank\" class=\"card-event__link\" rel=\"nofollow noopener\"><\/a>\n        <div class=\"card-event__wrapper\">\n        <div class=\"card-event__image\">\n            <img decoding=\"async\" src=\"https:\/\/www.ebilet.pl\/media\/cms\/media\/goegdsz5\/552x736-ogolna.webp\" alt=\"\">\n        <\/div>\n        <div class=\"card-event__data\">\n            <div class=\"card-event__name\">\n                <p>Taco Hemingway 2026 \u2020\u2020\u2020our<\/p>\n            <\/div>\n            <div class=\"card-event__date\">08.05.2026-08.05.2026<\/div>\n            <div class=\"card-event__location\">Gda\u0144sk\/Sopot, Krak\u00f3w, Warszawa i inne<\/div>\n        <\/div>\n    <\/div>\n<\/div>                                            <\/div>\n                                        \n                                            <div class=\"events-slider-block__sliderItem swiper-slide event-card\"\n                                                data-id=\"14808\"\n                                                data-name=\"VNL 2026 - Siatkarska Liga Narod\u00f3w M\u0119\u017cczyzn\"\n                                                data-brand=\"Polska Siatk\u00f3wka Sp. z o.o.\"\n                                                data-category=\"sport\"\n                                                data-subcategory=\"sporty-druzynowe\"\n                                                data-city=\"Gliwice\"\n                                                data-venue=\"PreZero Arena Gliwice\">\n                                                \n<div class=\"card-event  card-event--size-small\">\n        <a href=\"https:\/\/www.ebilet.pl\/sport\/sporty-druzynowe\/siatkowka\" target=\"_blank\" class=\"card-event__link\" rel=\"nofollow noopener\"><\/a>\n        <div class=\"card-event__wrapper\">\n        <div class=\"card-event__image\">\n            <img decoding=\"async\" src=\"https:\/\/www.ebilet.pl\/media\/cms\/media\/sm3bcgpb\/vnl_m_552x736-2-ff8b8c4b-8e2c-494a-980f-b32762865327.webp\" alt=\"\">\n        <\/div>\n        <div class=\"card-event__data\">\n            <div class=\"card-event__name\">\n                <p>VNL 2026 &#8211; Siatkarska Liga Narod\u00f3w M\u0119\u017cczyzn<\/p>\n            <\/div>\n            <div class=\"card-event__date\">24.06.2026-24.06.2026<\/div>\n            <div class=\"card-event__location\">Gliwice<\/div>\n        <\/div>\n    <\/div>\n<\/div>                                            <\/div>\n                                        \n                                            <div class=\"events-slider-block__sliderItem swiper-slide event-card\"\n                                                data-id=\"8527\"\n                                                data-name=\"OFF Festival Katowice 2026\"\n                                                data-brand=\"Fundacja Independent\"\n                                                data-category=\"muzyka\"\n                                                data-subcategory=\"festiwale\"\n                                                data-city=\"Katowice\"\n                                                data-venue=\"Katowicki Park Le\u015bny - Dolina Trzech Staw\u00f3w\">\n                                                \n<div class=\"card-event  card-event--size-small\">\n        <a href=\"https:\/\/www.ebilet.pl\/muzyka\/festiwale\/off-festival\" target=\"_blank\" class=\"card-event__link\" rel=\"nofollow noopener\"><\/a>\n        <div class=\"card-event__wrapper\">\n        <div class=\"card-event__image\">\n            <img decoding=\"async\" src=\"https:\/\/www.ebilet.pl\/media\/cms\/media\/fe2gemsg\/ebilet-okladka-pion-552x736-e42b2686-71fa-4408-b72e-911ed7d4ce12.webp\" alt=\"\">\n        <\/div>\n        <div class=\"card-event__data\">\n            <div class=\"card-event__name\">\n                <p>OFF Festival Katowice 2026<\/p>\n            <\/div>\n            <div class=\"card-event__date\">07.08.2026-07.08.2026<\/div>\n            <div class=\"card-event__location\">Katowice<\/div>\n        <\/div>\n    <\/div>\n<\/div>                                            <\/div>\n                                        \n                                            <div class=\"events-slider-block__sliderItem swiper-slide event-card\"\n                                                data-id=\"205426\"\n                                                data-name=\"Two Feet\"\n                                                data-brand=\"Alter Art\"\n                                                data-category=\"muzyka\"\n                                                data-subcategory=\"rock\"\n                                                data-city=\"Krak\u00f3w, Warszawa\"\n                                                data-venue=\"Klub Studio\">\n                                                \n<div class=\"card-event  card-event--size-small\">\n        <a href=\"https:\/\/www.ebilet.pl\/muzyka\/rock\/two-feet\" target=\"_blank\" class=\"card-event__link\" rel=\"nofollow noopener\"><\/a>\n        <div class=\"card-event__wrapper\">\n        <div class=\"card-event__image\">\n            <img decoding=\"async\" src=\"https:\/\/www.ebilet.pl\/media\/cms\/media\/ha4l5hjv\/two_feet_ebilet_552x736-629eacd1-4fb5-4747-bd12-b59d341bcc29.webp\" alt=\"\">\n        <\/div>\n        <div class=\"card-event__data\">\n            <div class=\"card-event__name\">\n                <p>Two Feet<\/p>\n            <\/div>\n            <div class=\"card-event__date\">10.08.2026-10.08.2026<\/div>\n            <div class=\"card-event__location\">Krak\u00f3w, Warszawa<\/div>\n        <\/div>\n    <\/div>\n<\/div>                                            <\/div>\n                                        \n                                            <div class=\"events-slider-block__sliderItem swiper-slide event-card\"\n                                                data-id=\"8112\"\n                                                data-name=\"21. Tauron Nowa Muzyka Katowice 2026\"\n                                                data-brand=\"Fundacja Nowa Muzyka Katowice\"\n                                                data-category=\"muzyka\"\n                                                data-subcategory=\"festiwale\"\n                                                data-city=\"Katowice\"\n                                                data-venue=\"Narodowa Orkiestra Symfoniczna Polskiego Radia - NOSPR\">\n                                                \n<div class=\"card-event  card-event--size-small\">\n        <a href=\"https:\/\/www.ebilet.pl\/muzyka\/festiwale\/tauron-nowa-muzyka\" target=\"_blank\" class=\"card-event__link\" rel=\"nofollow noopener\"><\/a>\n        <div class=\"card-event__wrapper\">\n        <div class=\"card-event__image\">\n            <img decoding=\"async\" src=\"https:\/\/www.ebilet.pl\/media\/cms\/media\/ksnpugtd\/secret-stage-12d20587-5578-4e4b-baa0-104b56bea764.webp\" alt=\"\">\n        <\/div>\n        <div class=\"card-event__data\">\n            <div class=\"card-event__name\">\n                <p>21. Tauron Nowa Muzyka Katowice 2026<\/p>\n            <\/div>\n            <div class=\"card-event__date\">04.06.2026-04.06.2026<\/div>\n            <div class=\"card-event__location\">Katowice<\/div>\n        <\/div>\n    <\/div>\n<\/div>                                            <\/div>\n                                        \n                                            <div class=\"events-slider-block__sliderItem swiper-slide event-card\"\n                                                data-id=\"204964\"\n                                                data-name=\"EPIC ROCK: Symphonic Concert\"\n                                                data-brand=\"VISUAL PRODUCTION Sp. z o.o. \"\n                                                data-category=\"muzyka\"\n                                                data-subcategory=\"rock\"\n                                                data-city=\"Gdynia, Pozna\u0144, Warszawa i inne\"\n                                                data-venue=\"MTP - Mi\u0119dzynarodowe Targi Pozna\u0144skie\">\n                                                \n<div class=\"card-event  card-event--size-small\">\n        <a href=\"https:\/\/www.ebilet.pl\/muzyka\/rock\/epic-rock-symphonic-concert\" target=\"_blank\" class=\"card-event__link\" rel=\"nofollow noopener\"><\/a>\n        <div class=\"card-event__wrapper\">\n        <div class=\"card-event__image\">\n            <img decoding=\"async\" src=\"https:\/\/www.ebilet.pl\/media\/cms\/media\/gqgdpaua\/552x736-epic-rock_data-d7743615-48da-4014-8a56-ff6b809a1c25.webp\" alt=\"\">\n        <\/div>\n        <div class=\"card-event__data\">\n            <div class=\"card-event__name\">\n                <p>EPIC ROCK: Symphonic Concert<\/p>\n            <\/div>\n            <div class=\"card-event__date\">25.10.2026-25.10.2026<\/div>\n            <div class=\"card-event__location\">Gdynia, Pozna\u0144, Warszawa i inne<\/div>\n        <\/div>\n    <\/div>\n<\/div>                                            <\/div>\n                                        \n                                            <div class=\"events-slider-block__sliderItem swiper-slide event-card\"\n                                                data-id=\"169470\"\n                                                data-name=\"Morrissey\"\n                                                data-brand=\"Winiary Bookings sp. z o. o.\"\n                                                data-category=\"muzyka\"\n                                                data-subcategory=\"rock\"\n                                                data-city=\"Warszawa\"\n                                                data-venue=\"Letnia Scena Progresji\">\n                                                \n<div class=\"card-event  card-event--size-small\">\n        <a href=\"https:\/\/www.ebilet.pl\/muzyka\/rock\/morrissey\" target=\"_blank\" class=\"card-event__link\" rel=\"nofollow noopener\"><\/a>\n        <div class=\"card-event__wrapper\">\n        <div class=\"card-event__image\">\n            <img decoding=\"async\" src=\"https:\/\/www.ebilet.pl\/media\/cms\/media\/v0fhczer\/morrissey-ebilet-strona-wydarzenia-pion-warszawa-2b0fb3a5-f2dd-4773-8334-2fab1e2a5a89.webp\" alt=\"\">\n        <\/div>\n        <div class=\"card-event__data\">\n            <div class=\"card-event__name\">\n                <p>Morrissey<\/p>\n            <\/div>\n            <div class=\"card-event__date\">09.07.2026-09.07.2026<\/div>\n            <div class=\"card-event__location\">Warszawa<\/div>\n        <\/div>\n    <\/div>\n<\/div>                                            <\/div>\n                                        \n                                            <div class=\"events-slider-block__sliderItem swiper-slide event-card\"\n                                                data-id=\"5930\"\n                                                data-name=\"Audioriver Festival 2026\"\n                                                data-brand=\"Audioriver Sp. z o.o.\"\n                                                data-category=\"muzyka\"\n                                                data-subcategory=\"festiwale\"\n                                                data-city=\"\u0141\u00f3d\u017a\"\n                                                data-venue=\"B\u0142onia \u0141\u00f3dzkie\">\n                                                \n<div class=\"card-event  card-event--size-small\">\n        <a href=\"https:\/\/www.ebilet.pl\/muzyka\/festiwale\/audioriver\" target=\"_blank\" class=\"card-event__link\" rel=\"nofollow noopener\"><\/a>\n        <div class=\"card-event__wrapper\">\n        <div class=\"card-event__image\">\n            <img decoding=\"async\" src=\"https:\/\/www.ebilet.pl\/media\/cms\/media\/gfjpcqll\/so-far5-pion-84d088fb-d165-4b1b-b069-77f1f8fa737b.webp\" alt=\"\">\n        <\/div>\n        <div class=\"card-event__data\">\n            <div class=\"card-event__name\">\n                <p>Audioriver Festival 2026<\/p>\n            <\/div>\n            <div class=\"card-event__date\">10.07.2026-10.07.2026<\/div>\n            <div class=\"card-event__location\">\u0141\u00f3d\u017a<\/div>\n        <\/div>\n    <\/div>\n<\/div>                                            <\/div>\n                                        \n                                            <div class=\"events-slider-block__sliderItem swiper-slide event-card\"\n                                                data-id=\"94598\"\n                                                data-name=\"FAME 31\"\n                                                data-brand=\"Fame MMA\"\n                                                data-category=\"sport\"\n                                                data-subcategory=\"sporty-walki\"\n                                                data-city=\"Koszalin\"\n                                                data-venue=\"Hala Widowiskowo-Sportowa w Koszalinie\">\n                                                \n<div class=\"card-event  card-event--size-small\">\n        <a href=\"https:\/\/www.ebilet.pl\/sport\/sporty-walki\/fame-mma\" target=\"_blank\" class=\"card-event__link\" rel=\"nofollow noopener\"><\/a>\n        <div class=\"card-event__wrapper\">\n        <div class=\"card-event__image\">\n            <img decoding=\"async\" src=\"https:\/\/www.ebilet.pl\/media\/cms\/media\/24lbxjty\/fame31-cover-ebilet-552x736.webp\" alt=\"\">\n        <\/div>\n        <div class=\"card-event__data\">\n            <div class=\"card-event__name\">\n                <p>FAME 31<\/p>\n            <\/div>\n            <div class=\"card-event__date\">09.05.2026-09.05.2026<\/div>\n            <div class=\"card-event__location\">Koszalin<\/div>\n        <\/div>\n    <\/div>\n<\/div>                                            <\/div>\n                                        \n                                            <div class=\"events-slider-block__sliderItem swiper-slide event-card\"\n                                                data-id=\"204457\"\n                                                data-name=\"Arcane Epic Symphony\"\n                                                data-brand=\"Stowarzyszenie Klub Fantastyki \u201eDruga Era\u201d\"\n                                                data-category=\"klasyka\"\n                                                data-subcategory=\"muzyka-filmowa\"\n                                                data-city=\"Pozna\u0144\"\n                                                data-venue=\"MTP - Mi\u0119dzynarodowe Targi Pozna\u0144skie\">\n                                                \n<div class=\"card-event  card-event--size-small\">\n        <a href=\"https:\/\/www.ebilet.pl\/klasyka\/muzyka-filmowa\/arcane-epic-symphony\" target=\"_blank\" class=\"card-event__link\" rel=\"nofollow noopener\"><\/a>\n        <div class=\"card-event__wrapper\">\n        <div class=\"card-event__image\">\n            <img decoding=\"async\" src=\"https:\/\/www.ebilet.pl\/media\/cms\/media\/soxe2fiy\/p2026_arcane_552x736_1-1-dbdc60e7-ee87-42b6-9944-2c2990e9cc79.webp\" alt=\"\">\n        <\/div>\n        <div class=\"card-event__data\">\n            <div class=\"card-event__name\">\n                <p>Arcane Epic Symphony<\/p>\n            <\/div>\n            <div class=\"card-event__date\">21.06.2026-21.06.2026<\/div>\n            <div class=\"card-event__location\">Pozna\u0144<\/div>\n        <\/div>\n    <\/div>\n<\/div>                                            <\/div>\n                                        \n                                            <div class=\"events-slider-block__sliderItem swiper-slide event-card\"\n                                                data-id=\"48780\"\n                                                data-name=\"Mistrzostwa \u015awiata w koszyk\u00f3wce 3x3 2026\"\n                                                data-brand=\"Polski Zwi\u0105zek Koszyk\u00f3wki\"\n                                                data-category=\"sport\"\n                                                data-subcategory=\"sporty-druzynowe\"\n                                                data-city=\"Warszawa\"\n                                                data-venue=\"Plac Defilad \">\n                                                \n<div class=\"card-event  card-event--size-small\">\n        <a href=\"https:\/\/www.ebilet.pl\/sport\/sporty-druzynowe\/koszykowka\" target=\"_blank\" class=\"card-event__link\" rel=\"nofollow noopener\"><\/a>\n        <div class=\"card-event__wrapper\">\n        <div class=\"card-event__image\">\n            <img decoding=\"async\" src=\"https:\/\/www.ebilet.pl\/media\/cms\/media\/40dkh4qd\/552x739-961a0af8-0c70-4f76-b55e-bf23fa63fae4.webp\" alt=\"\">\n        <\/div>\n        <div class=\"card-event__data\">\n            <div class=\"card-event__name\">\n                <p>Mistrzostwa \u015awiata w koszyk\u00f3wce 3&#215;3 2026<\/p>\n            <\/div>\n            <div class=\"card-event__date\">01.06.2026-01.06.2026<\/div>\n            <div class=\"card-event__location\">Warszawa<\/div>\n        <\/div>\n    <\/div>\n<\/div>                                            <\/div>\n                                        \n                                            <div class=\"events-slider-block__sliderItem swiper-slide event-card\"\n                                                data-id=\"121727\"\n                                                data-name=\"Rzeszowskie Juwenalia 2026\"\n                                                data-brand=\"BREND GROUP SP\u00d3\u0141KA Z OGRANICZON\u0104 ODPOWIEDZIALNO\u015aCI\u0104\"\n                                                data-category=\"muzyka\"\n                                                data-subcategory=\"festiwale\"\n                                                data-city=\"Rzesz\u00f3w\"\n                                                data-venue=\"\">\n                                                \n<div class=\"card-event  card-event--size-small\">\n        <a href=\"https:\/\/www.ebilet.pl\/muzyka\/festiwale\/rzeszowskie-juwenalia\" target=\"_blank\" class=\"card-event__link\" rel=\"nofollow noopener\"><\/a>\n        <div class=\"card-event__wrapper\">\n        <div class=\"card-event__image\">\n            <img decoding=\"async\" src=\"https:\/\/www.ebilet.pl\/media\/cms\/media\/mmxfjquy\/rzj_ebilet-ok_adka-pion-c1e9f827-0b41-4d73-81c6-5531b20e6005.webp\" alt=\"\">\n        <\/div>\n        <div class=\"card-event__data\">\n            <div class=\"card-event__name\">\n                <p>Rzeszowskie Juwenalia 2026<\/p>\n            <\/div>\n            <div class=\"card-event__date\"><\/div>\n            <div class=\"card-event__location\">Rzesz\u00f3w<\/div>\n        <\/div>\n    <\/div>\n<\/div>                                            <\/div>\n                                        \n                                            <div class=\"events-slider-block__sliderItem swiper-slide event-card\"\n                                                data-id=\"37617\"\n                                                data-name=\"Editors\"\n                                                data-brand=\"Alter Art\"\n                                                data-category=\"muzyka\"\n                                                data-subcategory=\"rock\"\n                                                data-city=\"\"\n                                                data-venue=\"Klub Stodo\u0142a\">\n                                                \n<div class=\"card-event  card-event--size-small\">\n        <a href=\"https:\/\/www.ebilet.pl\/muzyka\/rock\/editors\" target=\"_blank\" class=\"card-event__link\" rel=\"nofollow noopener\"><\/a>\n        <div class=\"card-event__wrapper\">\n        <div class=\"card-event__image\">\n            <img decoding=\"async\" src=\"https:\/\/www.ebilet.pl\/media\/cms\/media\/cbfdkmu2\/editors_2027_552x736_ebilet-7c254908-ec0a-4f27-8a1c-ff7961cef0cd.webp\" alt=\"\">\n        <\/div>\n        <div class=\"card-event__data\">\n            <div class=\"card-event__name\">\n                <p>Editors<\/p>\n            <\/div>\n            <div class=\"card-event__date\"><\/div>\n            <div class=\"card-event__location\"><\/div>\n        <\/div>\n    <\/div>\n<\/div>                                            <\/div>\n                                        \n                                            <div class=\"events-slider-block__sliderItem swiper-slide event-card\"\n                                                data-id=\"16543\"\n                                                data-name=\"Rozta\u0144czony PGE Narodowy 2026\"\n                                                data-brand=\"KRYSIAK POLSKA CORPORATION Sp. z o.o.\"\n                                                data-category=\"muzyka\"\n                                                data-subcategory=\"festiwale\"\n                                                data-city=\"Warszawa\"\n                                                data-venue=\"PGE Narodowy im. Kazimierza G\u00f3rskiego\">\n                                                \n<div class=\"card-event  card-event--size-small\">\n        <a href=\"https:\/\/www.ebilet.pl\/muzyka\/festiwale\/roztanczony-narodowy\" target=\"_blank\" class=\"card-event__link\" rel=\"nofollow noopener\"><\/a>\n        <div class=\"card-event__wrapper\">\n        <div class=\"card-event__image\">\n            <img decoding=\"async\" src=\"https:\/\/www.ebilet.pl\/media\/cms\/media\/vzjkxgps\/portal_basic.webp\" alt=\"\">\n        <\/div>\n        <div class=\"card-event__data\">\n            <div class=\"card-event__name\">\n                <p>Rozta\u0144czony PGE Narodowy 2026<\/p>\n            <\/div>\n            <div class=\"card-event__date\">10.10.2026-10.10.2026<\/div>\n            <div class=\"card-event__location\">Warszawa<\/div>\n        <\/div>\n    <\/div>\n<\/div>                                            <\/div>\n                                        \n                                            <div class=\"events-slider-block__sliderItem swiper-slide event-card\"\n                                                data-id=\"145251\"\n                                                data-name=\"Juwenalia Politechniki Lubelskiej 2026\"\n                                                data-brand=\"EVENT STUDIO KOWALEWSKI BRE\u015a Sp. J.\"\n                                                data-category=\"muzyka\"\n                                                data-subcategory=\"festiwale\"\n                                                data-city=\"Lublin\"\n                                                data-venue=\"Tereny Zielone Politechniki Lubelskiej\">\n                                                \n<div class=\"card-event  card-event--size-small\">\n        <a href=\"https:\/\/www.ebilet.pl\/muzyka\/festiwale\/juwenalia-politechniki-lubelskiej\" target=\"_blank\" class=\"card-event__link\" rel=\"nofollow noopener\"><\/a>\n        <div class=\"card-event__wrapper\">\n        <div class=\"card-event__image\">\n            <img decoding=\"async\" src=\"https:\/\/www.ebilet.pl\/media\/cms\/media\/banlyonx\/552x736-1-f8bcb3b5-3fce-455f-89a1-2ee3034689b1.webp\" alt=\"\">\n        <\/div>\n        <div class=\"card-event__data\">\n            <div class=\"card-event__name\">\n                <p>Juwenalia Politechniki Lubelskiej 2026<\/p>\n            <\/div>\n            <div class=\"card-event__date\">08.05.2026-08.05.2026<\/div>\n            <div class=\"card-event__location\">Lublin<\/div>\n        <\/div>\n    <\/div>\n<\/div>                                            <\/div>\n                                                                            <\/div>\n                                <\/div>\n                            <\/div>\n                            <div class=\"events-slider-block__events swiper\" data-events-events-descriptions>\n                                <div class=\"events-slider-block__eventsWrapper swiper-wrapper\">\n                                                                            <div class=\"events-slider-block__eventsItem swiper-slide\">\n                                            <a href=\"https:\/\/www.ebilet.pl\/sport\/sporty-druzynowe\/mecz-siatkowki\" target=\"_blank\" class=\"events-slider-block__eventsName\">\n                                                <p>Mecze towarzyskie Reprezentacji Polski m\u0119\u017cczyzn w siatk\u00f3wce<\/p>\n                                            <\/a>\n                                            <div class=\"events-slider-block__eventsDate\">20.05.2026-23.05.2026<\/div>\n                                            <div class=\"events-slider-block__eventsLocation\"><\/div>\n                                        <\/div>\n                                                                            <div class=\"events-slider-block__eventsItem swiper-slide\">\n                                            <a href=\"https:\/\/www.ebilet.pl\/muzyka\/festiwale\/meskie-granie\" target=\"_blank\" class=\"events-slider-block__eventsName\">\n                                                <p>M\u0119skie Granie 2026<\/p>\n                                            <\/a>\n                                            <div class=\"events-slider-block__eventsDate\">26.06.2026-22.08.2026<\/div>\n                                            <div class=\"events-slider-block__eventsLocation\"><\/div>\n                                        <\/div>\n                                                                            <div class=\"events-slider-block__eventsItem swiper-slide\">\n                                            <a href=\"https:\/\/www.ebilet.pl\/biznes\/pozostale\/majowka\" target=\"_blank\" class=\"events-slider-block__eventsName\">\n                                                <p>Gdzie na maj\u00f3wk\u0119 2026?<\/p>\n                                            <\/a>\n                                            <div class=\"events-slider-block__eventsDate\">01.01.1970-01.01.1970<\/div>\n                                            <div class=\"events-slider-block__eventsLocation\"><\/div>\n                                        <\/div>\n                                                                            <div class=\"events-slider-block__eventsItem swiper-slide\">\n                                            <a href=\"https:\/\/www.ebilet.pl\/muzyka\/festiwale\/orange-warsaw-festival\" target=\"_blank\" class=\"events-slider-block__eventsName\">\n                                                <p>Orange Warsaw Festival 2026<\/p>\n                                            <\/a>\n                                            <div class=\"events-slider-block__eventsDate\">29.05.2026-30.05.2026<\/div>\n                                            <div class=\"events-slider-block__eventsLocation\"><\/div>\n                                        <\/div>\n                                                                            <div class=\"events-slider-block__eventsItem swiper-slide\">\n                                            <a href=\"https:\/\/www.ebilet.pl\/biznes\/pozostale\/odsprzedaz\" target=\"_blank\" class=\"events-slider-block__eventsName\">\n                                                <p>Bezpieczna odsprzeda\u017c w apce eBilet<\/p>\n                                            <\/a>\n                                            <div class=\"events-slider-block__eventsDate\">01.01.1970-01.01.1970<\/div>\n                                            <div class=\"events-slider-block__eventsLocation\"><\/div>\n                                        <\/div>\n                                                                            <div class=\"events-slider-block__eventsItem swiper-slide\">\n                                            <a href=\"https:\/\/www.ebilet.pl\/muzyka\/hip-hop-rap\/taco-hemingway\" target=\"_blank\" class=\"events-slider-block__eventsName\">\n                                                <p>Taco Hemingway 2026 \u2020\u2020\u2020our<\/p>\n                                            <\/a>\n                                            <div class=\"events-slider-block__eventsDate\">08.05.2026-31.05.2026<\/div>\n                                            <div class=\"events-slider-block__eventsLocation\"><\/div>\n                                        <\/div>\n                                                                            <div class=\"events-slider-block__eventsItem swiper-slide\">\n                                            <a href=\"https:\/\/www.ebilet.pl\/sport\/sporty-druzynowe\/siatkowka\" target=\"_blank\" class=\"events-slider-block__eventsName\">\n                                                <p>VNL 2026 &#8211; Siatkarska Liga Narod\u00f3w M\u0119\u017cczyzn<\/p>\n                                            <\/a>\n                                            <div class=\"events-slider-block__eventsDate\">24.06.2026-28.06.2026<\/div>\n                                            <div class=\"events-slider-block__eventsLocation\"><\/div>\n                                        <\/div>\n                                                                            <div class=\"events-slider-block__eventsItem swiper-slide\">\n                                            <a href=\"https:\/\/www.ebilet.pl\/muzyka\/festiwale\/off-festival\" target=\"_blank\" class=\"events-slider-block__eventsName\">\n                                                <p>OFF Festival Katowice 2026<\/p>\n                                            <\/a>\n                                            <div class=\"events-slider-block__eventsDate\">07.08.2026-07.08.2026<\/div>\n                                            <div class=\"events-slider-block__eventsLocation\"><\/div>\n                                        <\/div>\n                                                                            <div class=\"events-slider-block__eventsItem swiper-slide\">\n                                            <a href=\"https:\/\/www.ebilet.pl\/muzyka\/rock\/two-feet\" target=\"_blank\" class=\"events-slider-block__eventsName\">\n                                                <p>Two Feet<\/p>\n                                            <\/a>\n                                            <div class=\"events-slider-block__eventsDate\">10.08.2026-12.08.2026<\/div>\n                                            <div class=\"events-slider-block__eventsLocation\"><\/div>\n                                        <\/div>\n                                                                            <div class=\"events-slider-block__eventsItem swiper-slide\">\n                                            <a href=\"https:\/\/www.ebilet.pl\/muzyka\/festiwale\/tauron-nowa-muzyka\" target=\"_blank\" class=\"events-slider-block__eventsName\">\n                                                <p>21. Tauron Nowa Muzyka Katowice 2026<\/p>\n                                            <\/a>\n                                            <div class=\"events-slider-block__eventsDate\">04.06.2026-06.06.2026<\/div>\n                                            <div class=\"events-slider-block__eventsLocation\"><\/div>\n                                        <\/div>\n                                                                            <div class=\"events-slider-block__eventsItem swiper-slide\">\n                                            <a href=\"https:\/\/www.ebilet.pl\/muzyka\/rock\/epic-rock-symphonic-concert\" target=\"_blank\" class=\"events-slider-block__eventsName\">\n                                                <p>EPIC ROCK: Symphonic Concert<\/p>\n                                            <\/a>\n                                            <div class=\"events-slider-block__eventsDate\">25.10.2026-13.11.2026<\/div>\n                                            <div class=\"events-slider-block__eventsLocation\"><\/div>\n                                        <\/div>\n                                                                            <div class=\"events-slider-block__eventsItem swiper-slide\">\n                                            <a href=\"https:\/\/www.ebilet.pl\/muzyka\/rock\/morrissey\" target=\"_blank\" class=\"events-slider-block__eventsName\">\n                                                <p>Morrissey<\/p>\n                                            <\/a>\n                                            <div class=\"events-slider-block__eventsDate\">09.07.2026-09.07.2026<\/div>\n                                            <div class=\"events-slider-block__eventsLocation\"><\/div>\n                                        <\/div>\n                                                                            <div class=\"events-slider-block__eventsItem swiper-slide\">\n                                            <a href=\"https:\/\/www.ebilet.pl\/muzyka\/festiwale\/audioriver\" target=\"_blank\" class=\"events-slider-block__eventsName\">\n                                                <p>Audioriver Festival 2026<\/p>\n                                            <\/a>\n                                            <div class=\"events-slider-block__eventsDate\">10.07.2026-12.07.2026<\/div>\n                                            <div class=\"events-slider-block__eventsLocation\"><\/div>\n                                        <\/div>\n                                                                            <div class=\"events-slider-block__eventsItem swiper-slide\">\n                                            <a href=\"https:\/\/www.ebilet.pl\/sport\/sporty-walki\/fame-mma\" target=\"_blank\" class=\"events-slider-block__eventsName\">\n                                                <p>FAME 31<\/p>\n                                            <\/a>\n                                            <div class=\"events-slider-block__eventsDate\">09.05.2026-09.05.2026<\/div>\n                                            <div class=\"events-slider-block__eventsLocation\"><\/div>\n                                        <\/div>\n                                                                            <div class=\"events-slider-block__eventsItem swiper-slide\">\n                                            <a href=\"https:\/\/www.ebilet.pl\/klasyka\/muzyka-filmowa\/arcane-epic-symphony\" target=\"_blank\" class=\"events-slider-block__eventsName\">\n                                                <p>Arcane Epic Symphony<\/p>\n                                            <\/a>\n                                            <div class=\"events-slider-block__eventsDate\">21.06.2026-21.06.2026<\/div>\n                                            <div class=\"events-slider-block__eventsLocation\"><\/div>\n                                        <\/div>\n                                                                            <div class=\"events-slider-block__eventsItem swiper-slide\">\n                                            <a href=\"https:\/\/www.ebilet.pl\/sport\/sporty-druzynowe\/koszykowka\" target=\"_blank\" class=\"events-slider-block__eventsName\">\n                                                <p>Mistrzostwa \u015awiata w koszyk\u00f3wce 3&#215;3 2026<\/p>\n                                            <\/a>\n                                            <div class=\"events-slider-block__eventsDate\">01.06.2026-07.06.2026<\/div>\n                                            <div class=\"events-slider-block__eventsLocation\"><\/div>\n                                        <\/div>\n                                                                            <div class=\"events-slider-block__eventsItem swiper-slide\">\n                                            <a href=\"https:\/\/www.ebilet.pl\/muzyka\/festiwale\/rzeszowskie-juwenalia\" target=\"_blank\" class=\"events-slider-block__eventsName\">\n                                                <p>Rzeszowskie Juwenalia 2026<\/p>\n                                            <\/a>\n                                            <div class=\"events-slider-block__eventsDate\">01.01.1970-01.01.1970<\/div>\n                                            <div class=\"events-slider-block__eventsLocation\"><\/div>\n                                        <\/div>\n                                                                            <div class=\"events-slider-block__eventsItem swiper-slide\">\n                                            <a href=\"https:\/\/www.ebilet.pl\/muzyka\/rock\/editors\" target=\"_blank\" class=\"events-slider-block__eventsName\">\n                                                <p>Editors<\/p>\n                                            <\/a>\n                                            <div class=\"events-slider-block__eventsDate\">01.01.1970-01.01.1970<\/div>\n                                            <div class=\"events-slider-block__eventsLocation\"><\/div>\n                                        <\/div>\n                                                                            <div class=\"events-slider-block__eventsItem swiper-slide\">\n                                            <a href=\"https:\/\/www.ebilet.pl\/muzyka\/festiwale\/roztanczony-narodowy\" target=\"_blank\" class=\"events-slider-block__eventsName\">\n                                                <p>Rozta\u0144czony PGE Narodowy 2026<\/p>\n                                            <\/a>\n                                            <div class=\"events-slider-block__eventsDate\">10.10.2026-10.10.2026<\/div>\n                                            <div class=\"events-slider-block__eventsLocation\"><\/div>\n                                        <\/div>\n                                                                            <div class=\"events-slider-block__eventsItem swiper-slide\">\n                                            <a href=\"https:\/\/www.ebilet.pl\/muzyka\/festiwale\/juwenalia-politechniki-lubelskiej\" target=\"_blank\" class=\"events-slider-block__eventsName\">\n                                                <p>Juwenalia Politechniki Lubelskiej 2026<\/p>\n                                            <\/a>\n                                            <div class=\"events-slider-block__eventsDate\">08.05.2026-09.05.2026<\/div>\n                                            <div class=\"events-slider-block__eventsLocation\"><\/div>\n                                        <\/div>\n                                                                    <\/div>\n                            <\/div>\n                            <div class=\"events-slider-block__pagination\">\n                                <div class=\"swiper-pagination slider-pagination slider-pagination--theme-white\" data-events-slider-pagination><\/div>\n                            <\/div>\n                        <\/div>\n                                        <div class=\"events-slider-block__bottom\">\n                                                                                <div class=\"events-slider-block__link desktop\">\n                                    <a class=\"button button--size-small button--theme-primary-yellow button--withIconLeft\" href=\"https:\/\/www.ebilet.pl\/\">\n                                                                                    <div class=\"button__icon\"><img loading=\"lazy\" decoding=\"async\" width=\"30\" height=\"30\" src=\"https:\/\/www.ebilet.pl\/now\/app\/uploads\/2024\/01\/ticket-cinema-entertainment-coupon-discount-sale_30px.png\" class=\"attachment-full size-full\" alt=\"\" \/><\/div>\n                                                                                <p class=\"button__text typo-18\">Kup na eBilet.pl<\/p>\n                                    <\/a>\n                                <\/div>\n                                                                                <div class=\"events-slider-block__link mobile\">\n                                    <a class=\"button button--size-small button--theme-primary-yellow button--withIconLeft\" href=\"https:\/\/www.ebilet.pl\/\">\n                                                                                    <div class=\"button__icon\"><img loading=\"lazy\" decoding=\"async\" width=\"30\" height=\"30\" src=\"https:\/\/www.ebilet.pl\/now\/app\/uploads\/2024\/01\/ticket-cinema-entertainment-coupon-discount-sale_30px.png\" class=\"attachment-full size-full\" alt=\"\" \/><\/div>\n                                                                                <p class=\"button__text typo-18\">Kup na eBilet.pl<\/p>\n                                    <\/a>\n                                <\/div>\n                                            <\/div>\n                <\/div>\n            <\/div>\n        <\/div>\n    <\/div>\n<\/section>","protected":false},"excerpt":{"rendered":"<p>Nareszcie przysz\u0142a d\u0142ugo wyczekiwana wiosna! Ju\u017c nie mog\u0142e\u015b si\u0119 doczeka\u0107, a\u017c zabierzesz swoje dziecko na plac zabaw, \u017ceby w ko\u0144cu mog\u0142o si\u0119 wybiega\u0107, nie demoluj\u0105c przy tym mieszkania, prawda? Ale czy wiesz, \u017ce\u2026 plac zabaw to nie jest jedyna fajna wiosenna aktywno\u015b\u0107? W tym artykule znajdziesz 27 ciekawych, kreatywnych, przyjemnych pomys\u0142\u00f3w na wiosenne aktywno\u015bci z dzieckiem. A najlepsze jest to, \u017ce s\u0105 to pomys\u0142y przer\u00f3\u017cne \u2013 na ka\u017cd\u0105 pogod\u0119 (kt\u00f3ra bywa w Polsce nieprzewidywalna, pami\u0119tamy maj 2025) i ka\u017cd\u0105 kiesze\u0144 (s\u0105 pomys\u0142y z r\u00f3\u017cnych \u201cp\u00f3\u0142ek cenowych\u201d \u2013 od darmowych po troch\u0119 dro\u017csze). Na pewno znajdziesz co\u015b, co si\u0119 wam spodoba!<\/p>\n","protected":false},"author":14,"featured_media":82099,"comment_status":"open","ping_status":"open","sticky":false,"template":"page-templates\/article-default.php","format":"standard","meta":{"_acf_changed":false,"footnotes":""},"article_tag":[55],"article_type":[5],"acf":[],"_links":{"self":[{"href":"https:\/\/www.ebilet.pl\/now\/wp-json\/wp\/v2\/posts\/82094"}],"collection":[{"href":"https:\/\/www.ebilet.pl\/now\/wp-json\/wp\/v2\/posts"}],"about":[{"href":"https:\/\/www.ebilet.pl\/now\/wp-json\/wp\/v2\/types\/post"}],"author":[{"embeddable":true,"href":"https:\/\/www.ebilet.pl\/now\/wp-json\/wp\/v2\/users\/14"}],"replies":[{"embeddable":true,"href":"https:\/\/www.ebilet.pl\/now\/wp-json\/wp\/v2\/comments?post=82094"}],"version-history":[{"count":3,"href":"https:\/\/www.ebilet.pl\/now\/wp-json\/wp\/v2\/posts\/82094\/revisions"}],"predecessor-version":[{"id":82101,"href":"https:\/\/www.ebilet.pl\/now\/wp-json\/wp\/v2\/posts\/82094\/revisions\/82101"}],"wp:featuredmedia":[{"embeddable":true,"href":"https:\/\/www.ebilet.pl\/now\/wp-json\/wp\/v2\/media\/82099"}],"wp:attachment":[{"href":"https:\/\/www.ebilet.pl\/now\/wp-json\/wp\/v2\/media?parent=82094"}],"wp:term":[{"taxonomy":"article_tag","embeddable":true,"href":"https:\/\/www.ebilet.pl\/now\/wp-json\/wp\/v2\/article_tag?post=82094"},{"taxonomy":"article_type","embeddable":true,"href":"https:\/\/www.ebilet.pl\/now\/wp-json\/wp\/v2\/article_type?post=82094"}],"curies":[{"name":"wp","href":"https:\/\/api.w.org\/{rel}","templated":true}]}}