{"id":81342,"date":"2026-03-02T15:06:41","date_gmt":"2026-03-02T14:06:41","guid":{"rendered":"https:\/\/www.ebilet.pl\/now\/?p=81342"},"modified":"2026-03-11T13:02:41","modified_gmt":"2026-03-11T12:02:41","slug":"sciezka-dzwiekowa-do-filmu-peaky-blinders-niesmiertelny-co-o-niej-wiemy","status":"publish","type":"post","link":"https:\/\/www.ebilet.pl\/now\/sciezka-dzwiekowa-do-filmu-peaky-blinders-niesmiertelny-co-o-niej-wiemy\/","title":{"rendered":"\u015acie\u017cka d\u017awi\u0119kowa do filmu &#8220;Peaky Blinders: Nie\u015bmiertelny&#8221; &#8211; co o niej wiemy?"},"content":{"rendered":"\n<section class=\"text-block  section-margin-32\" >\n    <div class=\"container\">\n        <div class=\"row\">\n            <div class=\"col-24\">\n                <div class=\"text-block__content\"><h2>Nadchodzi film &#8220;Peaky Blinders: Nie\u015bmiertelny&#8221;! Poznaj szczeg\u00f3\u0142y \u015bcie\u017cki d\u017awi\u0119kowej<\/h2>\n<p>Wielkimi krokami zbli\u017ca si\u0119 wyczekiwana premiera filmu<strong> &#8220;Peaky Blinders: Nie\u015bmiertelny&#8221;<\/strong>! Produkcja wkroczy do kin ju\u017c 6 marca, a<strong> polscy widzowie b\u0119d\u0105 mieli szasn\u0119 obejrze\u0107 j\u0105 na Netflixie ju\u017c 20 marca.<\/strong> W oczekiwaniu na premier\u0119, w sieci pojawi\u0142a si\u0119 masa zapowiedzi i ciekawostek. Internet zawrza\u0142 z emocji, gdy \u015bwiat\u0142o dzienne ujrza\u0142 pierwszy singiel promuj\u0105cy film.<strong> &#8220;Puppet&#8221;<\/strong> to wynik kooperacji takich artyst\u00f3w, jak <strong>Grian Chatten (Fontaines D.C.), Antony Gen i Martin Slatter.<\/strong> <em>&#8220;To by\u0142o troch\u0119 balansowanie na granicy. Jest du\u017co napi\u0119cia, co oddaje charakter postaci w &#8216;Peaky Blinders&#8217;. My\u015bl\u0119, \u017ce s\u0105 dwie strony medalu \u2013 nikt tak naprawd\u0119 nie jest jednoznaczny. Dlatego pr\u00f3bowa\u0142em osi\u0105gn\u0105\u0107 r\u00f3wnowag\u0119 w tej piosence&#8221;<\/em> &#8211; skomentowa\u0142 wokalista, co przytoczono w PM Studio.<\/p>\n<\/div>\n            <\/div>\n        <\/div>\n    <\/div>\n<\/section>\n\n\n<figure class=\"wp-block-embed is-type-video is-provider-youtube wp-block-embed-youtube wp-embed-aspect-4-3 wp-has-aspect-ratio\"><div class=\"wp-block-embed__wrapper\">\n<iframe loading=\"lazy\" title=\"Puppet - Taken From Peaky Blinders: The Immortal Man (Soundtrack from the Netflix Film)\" width=\"500\" height=\"375\" src=\"https:\/\/www.youtube.com\/embed\/nvraOoO019Q?feature=oembed\" frameborder=\"0\" allow=\"accelerometer; autoplay; clipboard-write; encrypted-media; gyroscope; picture-in-picture; web-share\" referrerpolicy=\"strict-origin-when-cross-origin\" allowfullscreen><\/iframe>\n<\/div><\/figure>\n\n\n<section class=\"gap-block  section-margin-32 section-margin-32\"><\/section>\n\n\n    <section class=\"events-carousel-block  section-margin-32\"\n        data-events-carousel\n        data-settings='{\"per_view\":5}'\n        data-item-list-name=\"Karuzela niska Polecamy na eBilet.pl\"\n        data-item-list-id=\"karuzela_niska Polecamy na eBilet.pl\"\n        >\n        <div class=\"container\">\n                            <div class=\"row\">\n                    <div class=\"col-24\">\n                        <div class=\"events-carousel-block__title\">\n                            <h2 class=\"typo-h2\">Polecamy na eBilet.pl<\/h2>\n                        <\/div>\n                    <\/div>\n                <\/div>\n                        <div class=\"row\">\n                <div class=\"col-24\">\n                    <div class=\"events-carousel-block__events\">\n                        <div class=\"events-carousel-block__nav events-carousel-block__nav--prev\">\n                            <div class=\"button button--withIcon button--theme-white-blur button--size-fixed-48\" data-events-carousel-prev>\n                                <span class=\"button__icon icon icon-chevron-left\"><\/span>\n                            <\/div>\n                        <\/div>\n                        <div class=\"events-carousel-block__nav events-carousel-block__nav--next\">\n                            <div class=\"button button--withIcon button--theme-white-blur button--size-fixed-48\" data-events-carousel-next>\n                                <span class=\"button__icon icon icon-chevron-right\"><\/span>\n                            <\/div>\n                        <\/div>\n                        <div class=\"events-carousel-block__slider swiper\" data-events-carousel-slider>\n                            <div class=\"events-carousel-block__sliderWrapper swiper-wrapper\">\n                                                                    <div class=\"events-carousel-block__sliderItem swiper-slide\"\n                                        data-id=\"8527\"\n                                        data-name=\"OFF Festival Katowice 2026\"\n                                        data-brand=\"\"\n                                        data-category=\"muzyka\"\n                                        data-subcategory=\"festiwale\"\n                                        data-city=\"Katowice\"\n                                        data-venue=\"\">\n                                        \n<div class=\"card-event  card-event--size-small\">\n        <a href=\"https:\/\/www.ebilet.pl\/muzyka\/festiwale\/off-festival\" target=\"_blank\" class=\"card-event__link\" rel=\"nofollow noopener\"><\/a>\n        <div class=\"card-event__wrapper\">\n        <div class=\"card-event__image\">\n            <img decoding=\"async\" src=\"https:\/\/www.ebilet.pl\/media\/cms\/media\/z23jwehl\/og\u0105oszenie-9-zbiorcze-656.webp\" alt=\"\">\n        <\/div>\n        <div class=\"card-event__data\">\n            <div class=\"card-event__name\">\n                <p>OFF Festival Katowice 2026<\/p>\n            <\/div>\n            <div class=\"card-event__date\"><\/div>\n            <div class=\"card-event__location\">Katowice<\/div>\n        <\/div>\n    <\/div>\n<\/div>                                    <\/div>\n                                                                    <div class=\"events-carousel-block__sliderItem swiper-slide\"\n                                        data-id=\"152477\"\n                                        data-name=\"Zlot Ludzi Nie\u015bmia\u0142ych\"\n                                        data-brand=\"FUNDACJA NWR\"\n                                        data-category=\"muzyka\"\n                                        data-subcategory=\"festiwale\"\n                                        data-city=\"Kasinka Ma\u0142a\"\n                                        data-venue=\"Baza Szkoleniowo-Wypoczynkowa &quot;Lubogoszcz&quot;\">\n                                        \n<div class=\"card-event  card-event--size-small\">\n        <a href=\"https:\/\/www.ebilet.pl\/muzyka\/festiwale\/zlot-ludzi-niesmialych\" target=\"_blank\" class=\"card-event__link\" rel=\"nofollow noopener\"><\/a>\n        <div class=\"card-event__wrapper\">\n        <div class=\"card-event__image\">\n            <img decoding=\"async\" src=\"https:\/\/www.ebilet.pl\/media\/cms\/media\/cmxc2bhe\/656x369-nowe-c8ff5974-50d8-4db9-9cfe-f9664f3be332.webp\" alt=\"\">\n        <\/div>\n        <div class=\"card-event__data\">\n            <div class=\"card-event__name\">\n                <p>Zlot Ludzi Nie\u015bmia\u0142ych<\/p>\n            <\/div>\n            <div class=\"card-event__date\"><\/div>\n            <div class=\"card-event__location\">Kasinka Ma\u0142a<\/div>\n        <\/div>\n    <\/div>\n<\/div>                                    <\/div>\n                                                                    <div class=\"events-carousel-block__sliderItem swiper-slide\"\n                                        data-id=\"22014\"\n                                        data-name=\"3-Maj\u00f3wka 2026\"\n                                        data-brand=\"SWIK Nasze Miasto Wroc\u0142aw\"\n                                        data-category=\"muzyka\"\n                                        data-subcategory=\"festiwale\"\n                                        data-city=\"Wroc\u0142aw\"\n                                        data-venue=\"Pergola\">\n                                        \n<div class=\"card-event  card-event--size-small\">\n        <a href=\"https:\/\/www.ebilet.pl\/muzyka\/festiwale\/3-majowka\" target=\"_blank\" class=\"card-event__link\" rel=\"nofollow noopener\"><\/a>\n        <div class=\"card-event__wrapper\">\n        <div class=\"card-event__image\">\n            <img decoding=\"async\" src=\"https:\/\/www.ebilet.pl\/media\/cms\/media\/fbgpiq1q\/ebilet-bilet-domowy-blank.webp\" alt=\"\">\n        <\/div>\n        <div class=\"card-event__data\">\n            <div class=\"card-event__name\">\n                <p>3-Maj\u00f3wka 2026<\/p>\n            <\/div>\n            <div class=\"card-event__date\"><\/div>\n            <div class=\"card-event__location\">Wroc\u0142aw<\/div>\n        <\/div>\n    <\/div>\n<\/div>                                    <\/div>\n                                                                    <div class=\"events-carousel-block__sliderItem swiper-slide\"\n                                        data-id=\"166516\"\n                                        data-name=\"Strefa 57 Festival\"\n                                        data-brand=\"E2k Sp. z o.o.\"\n                                        data-category=\"muzyka\"\n                                        data-subcategory=\"festiwale\"\n                                        data-city=\"Przytkowice\"\n                                        data-venue=\"Strefa 57\">\n                                        \n<div class=\"card-event  card-event--size-small\">\n        <a href=\"https:\/\/www.ebilet.pl\/muzyka\/festiwale\/strefa-57-festival\" target=\"_blank\" class=\"card-event__link\" rel=\"nofollow noopener\"><\/a>\n        <div class=\"card-event__wrapper\">\n        <div class=\"card-event__image\">\n            <img decoding=\"async\" src=\"https:\/\/www.ebilet.pl\/media\/cms\/media\/u12gyahl\/zbiorcza_656x369-9-eed77f12-68a7-4aa5-9383-26592763206b.webp\" alt=\"\">\n        <\/div>\n        <div class=\"card-event__data\">\n            <div class=\"card-event__name\">\n                <p>Strefa 57 Festival<\/p>\n            <\/div>\n            <div class=\"card-event__date\"><\/div>\n            <div class=\"card-event__location\">Przytkowice<\/div>\n        <\/div>\n    <\/div>\n<\/div>                                    <\/div>\n                                                                    <div class=\"events-carousel-block__sliderItem swiper-slide\"\n                                        data-id=\"198074\"\n                                        data-name=\"Music Week Poland 2026\"\n                                        data-brand=\"Culture Hub Poland - Fundacja Centrum Kultury Polskiej\"\n                                        data-category=\"muzyka\"\n                                        data-subcategory=\"festiwale\"\n                                        data-city=\"\"\n                                        data-venue=\"Muzeum Historii Polski\">\n                                        \n<div class=\"card-event  card-event--size-small\">\n        <a href=\"https:\/\/www.ebilet.pl\/muzyka\/festiwale\/mwp\" target=\"_blank\" class=\"card-event__link\" rel=\"nofollow noopener\"><\/a>\n        <div class=\"card-event__wrapper\">\n        <div class=\"card-event__image\">\n            <img decoding=\"async\" src=\"https:\/\/www.ebilet.pl\/media\/cms\/media\/jnfhallp\/musicweek_ebilet_656x369.webp\" alt=\"\">\n        <\/div>\n        <div class=\"card-event__data\">\n            <div class=\"card-event__name\">\n                <p>Music Week Poland 2026<\/p>\n            <\/div>\n            <div class=\"card-event__date\"><\/div>\n            <div class=\"card-event__location\"><\/div>\n        <\/div>\n    <\/div>\n<\/div>                                    <\/div>\n                                                                    <div class=\"events-carousel-block__sliderItem swiper-slide\"\n                                        data-id=\"198688\"\n                                        data-name=\"Music Week Poland 2026\"\n                                        data-brand=\"Culture Hub Poland - Fundacja Centrum Kultury Polskiej\"\n                                        data-category=\"muzyka\"\n                                        data-subcategory=\"festiwale\"\n                                        data-city=\"Warszawa\"\n                                        data-venue=\"Warszawa\">\n                                        \n<div class=\"card-event  card-event--size-small\">\n        <a href=\"https:\/\/www.ebilet.pl\/muzyka\/festiwale\/music-week-poland\" target=\"_blank\" class=\"card-event__link\" rel=\"nofollow noopener\"><\/a>\n        <div class=\"card-event__wrapper\">\n        <div class=\"card-event__image\">\n            <img decoding=\"async\" src=\"https:\/\/www.ebilet.pl\/media\/cms\/media\/vdakl0rx\/musicweek_ebilet_656x3692.webp\" alt=\"\">\n        <\/div>\n        <div class=\"card-event__data\">\n            <div class=\"card-event__name\">\n                <p>Music Week Poland 2026<\/p>\n            <\/div>\n            <div class=\"card-event__date\"><\/div>\n            <div class=\"card-event__location\">Warszawa<\/div>\n        <\/div>\n    <\/div>\n<\/div>                                    <\/div>\n                                                                    <div class=\"events-carousel-block__sliderItem swiper-slide\"\n                                        data-id=\"121727\"\n                                        data-name=\"Rzeszowskie Juwenalia 2026\"\n                                        data-brand=\"BREND GROUP SP\u00d3\u0141KA Z OGRANICZON\u0104 ODPOWIEDZIALNO\u015aCI\u0104\"\n                                        data-category=\"muzyka\"\n                                        data-subcategory=\"festiwale\"\n                                        data-city=\"Rzesz\u00f3w\"\n                                        data-venue=\"\">\n                                        \n<div class=\"card-event  card-event--size-small\">\n        <a href=\"https:\/\/www.ebilet.pl\/muzyka\/festiwale\/rzeszowskie-juwenalia\" target=\"_blank\" class=\"card-event__link\" rel=\"nofollow noopener\"><\/a>\n        <div class=\"card-event__wrapper\">\n        <div class=\"card-event__image\">\n            <img decoding=\"async\" src=\"https:\/\/www.ebilet.pl\/media\/cms\/media\/w20pkbsd\/rzj_ebilet-ok_adka-poziom-9adb1829-ad15-4571-87e5-241158760e88.webp\" alt=\"\">\n        <\/div>\n        <div class=\"card-event__data\">\n            <div class=\"card-event__name\">\n                <p>Rzeszowskie Juwenalia 2026<\/p>\n            <\/div>\n            <div class=\"card-event__date\"><\/div>\n            <div class=\"card-event__location\">Rzesz\u00f3w<\/div>\n        <\/div>\n    <\/div>\n<\/div>                                    <\/div>\n                                                                    <div class=\"events-carousel-block__sliderItem swiper-slide\"\n                                        data-id=\"145251\"\n                                        data-name=\"Juwenalia Politechniki Lubelskiej 2026\"\n                                        data-brand=\"EVENT STUDIO KOWALEWSKI BRE\u015a Sp. J.\"\n                                        data-category=\"muzyka\"\n                                        data-subcategory=\"festiwale\"\n                                        data-city=\"Lublin\"\n                                        data-venue=\"Tereny Zielone Politechniki Lubelskiej\">\n                                        \n<div class=\"card-event  card-event--size-small\">\n        <a href=\"https:\/\/www.ebilet.pl\/muzyka\/festiwale\/juwenalia-politechniki-lubelskiej\" target=\"_blank\" class=\"card-event__link\" rel=\"nofollow noopener\"><\/a>\n        <div class=\"card-event__wrapper\">\n        <div class=\"card-event__image\">\n            <img decoding=\"async\" src=\"https:\/\/www.ebilet.pl\/media\/cms\/media\/ihnd2bud\/656x369-1-1-48a23e70-8581-40be-99e3-87662e26fb24.webp\" alt=\"\">\n        <\/div>\n        <div class=\"card-event__data\">\n            <div class=\"card-event__name\">\n                <p>Juwenalia Politechniki Lubelskiej 2026<\/p>\n            <\/div>\n            <div class=\"card-event__date\"><\/div>\n            <div class=\"card-event__location\">Lublin<\/div>\n        <\/div>\n    <\/div>\n<\/div>                                    <\/div>\n                                                                    <div class=\"events-carousel-block__sliderItem swiper-slide\"\n                                        data-id=\"199423\"\n                                        data-name=\"Juwenalia Gda\u0144skie 2026\"\n                                        data-brand=\"Fundacja Gda\u0144ska\"\n                                        data-category=\"muzyka\"\n                                        data-subcategory=\"festiwale\"\n                                        data-city=\"Gda\u0144sk\"\n                                        data-venue=\"Plac Zebra\u0144 Ludowych\">\n                                        \n<div class=\"card-event  card-event--size-small\">\n        <a href=\"https:\/\/www.ebilet.pl\/muzyka\/festiwale\/juwenalia-gdanskie\" target=\"_blank\" class=\"card-event__link\" rel=\"nofollow noopener\"><\/a>\n        <div class=\"card-event__wrapper\">\n        <div class=\"card-event__image\">\n            <img decoding=\"async\" src=\"https:\/\/www.ebilet.pl\/media\/cms\/media\/epumh0ib\/656x369-718bab05-d99a-45ac-aeb1-f50a0dd1a4fd.webp\" alt=\"\">\n        <\/div>\n        <div class=\"card-event__data\">\n            <div class=\"card-event__name\">\n                <p>Juwenalia Gda\u0144skie 2026<\/p>\n            <\/div>\n            <div class=\"card-event__date\"><\/div>\n            <div class=\"card-event__location\">Gda\u0144sk<\/div>\n        <\/div>\n    <\/div>\n<\/div>                                    <\/div>\n                                                                    <div class=\"events-carousel-block__sliderItem swiper-slide\"\n                                        data-id=\"203961\"\n                                        data-name=\"Circoloco Warsaw\"\n                                        data-brand=\"Awake Events Sp. z o.o.\"\n                                        data-category=\"muzyka\"\n                                        data-subcategory=\"festiwale\"\n                                        data-city=\"Warszawa\"\n                                        data-venue=\"Pa\u0142ac w Wilanowie\">\n                                        \n<div class=\"card-event  card-event--size-small\">\n        <a href=\"https:\/\/www.ebilet.pl\/muzyka\/festiwale\/circoloco-warsaw\" target=\"_blank\" class=\"card-event__link\" rel=\"nofollow noopener\"><\/a>\n        <div class=\"card-event__wrapper\">\n        <div class=\"card-event__image\">\n            <img decoding=\"async\" src=\"https:\/\/www.ebilet.pl\/media\/cms\/media\/a3bk50lx\/strona-wydarzenia-poziom.webp\" alt=\"\">\n        <\/div>\n        <div class=\"card-event__data\">\n            <div class=\"card-event__name\">\n                <p>Circoloco Warsaw<\/p>\n            <\/div>\n            <div class=\"card-event__date\"><\/div>\n            <div class=\"card-event__location\">Warszawa<\/div>\n        <\/div>\n    <\/div>\n<\/div>                                    <\/div>\n                                                                    <div class=\"events-carousel-block__sliderItem swiper-slide\"\n                                        data-id=\"122369\"\n                                        data-name=\"Juwenalia Bia\u0142ystok 2026\"\n                                        data-brand=\"Stowarzyszenie Absolwent\u00f3w Politechniki Bia\u0142ostockiej\"\n                                        data-category=\"muzyka\"\n                                        data-subcategory=\"festiwale\"\n                                        data-city=\"Bia\u0142ystok\"\n                                        data-venue=\"Kampus Politechniki Bia\u0142ostockiej\">\n                                        \n<div class=\"card-event  card-event--size-small\">\n        <a href=\"https:\/\/www.ebilet.pl\/muzyka\/festiwale\/juwenalia-bialystok\" target=\"_blank\" class=\"card-event__link\" rel=\"nofollow noopener\"><\/a>\n        <div class=\"card-event__wrapper\">\n        <div class=\"card-event__image\">\n            <img decoding=\"async\" src=\"https:\/\/www.ebilet.pl\/media\/cms\/media\/oungwf4j\/zmiana_cen-5-cc77e8fd-f618-4375-93e6-ef0493d5df04.webp\" alt=\"\">\n        <\/div>\n        <div class=\"card-event__data\">\n            <div class=\"card-event__name\">\n                <p>Juwenalia Bia\u0142ystok 2026<\/p>\n            <\/div>\n            <div class=\"card-event__date\"><\/div>\n            <div class=\"card-event__location\">Bia\u0142ystok<\/div>\n        <\/div>\n    <\/div>\n<\/div>                                    <\/div>\n                                                                    <div class=\"events-carousel-block__sliderItem swiper-slide\"\n                                        data-id=\"175658\"\n                                        data-name=\"Juwenalia Cz\u0119stochowskie PCz &amp; UJD 2026\"\n                                        data-brand=\"O\u015brodek Promocji Kultury &quot;Gaude Mater&quot;\"\n                                        data-category=\"muzyka\"\n                                        data-subcategory=\"festiwale\"\n                                        data-city=\"Cz\u0119stochowa\"\n                                        data-venue=\"Kampus Politechniki Cz\u0119stochowskiej\">\n                                        \n<div class=\"card-event  card-event--size-small\">\n        <a href=\"https:\/\/www.ebilet.pl\/muzyka\/festiwale\/juwenalia-czestochowskie\" target=\"_blank\" class=\"card-event__link\" rel=\"nofollow noopener\"><\/a>\n        <div class=\"card-event__wrapper\">\n        <div class=\"card-event__image\">\n            <img decoding=\"async\" src=\"https:\/\/www.ebilet.pl\/media\/cms\/media\/t3zhhpht\/ok_adka-pozioma-bileteria-2eea6d1c-70ba-4c9f-a7dc-79bac97ab695.webp\" alt=\"\">\n        <\/div>\n        <div class=\"card-event__data\">\n            <div class=\"card-event__name\">\n                <p>Juwenalia Cz\u0119stochowskie PCz &#038; UJD 2026<\/p>\n            <\/div>\n            <div class=\"card-event__date\"><\/div>\n            <div class=\"card-event__location\">Cz\u0119stochowa<\/div>\n        <\/div>\n    <\/div>\n<\/div>                                    <\/div>\n                                                                    <div class=\"events-carousel-block__sliderItem swiper-slide\"\n                                        data-id=\"204291\"\n                                        data-name=\"Orlen Elektronarracje\"\n                                        data-brand=\"STOWARZYSZENIE INICJATYWA\"\n                                        data-category=\"muzyka\"\n                                        data-subcategory=\"festiwale\"\n                                        data-city=\"Katowice, \u015al\u0105sk, Zabrze\"\n                                        data-venue=\"\u015al\u0105sk\">\n                                        \n<div class=\"card-event  card-event--size-small\">\n        <a href=\"https:\/\/www.ebilet.pl\/muzyka\/festiwale\/elektronarracje\" target=\"_blank\" class=\"card-event__link\" rel=\"nofollow noopener\"><\/a>\n        <div class=\"card-event__wrapper\">\n        <div class=\"card-event__image\">\n            <img decoding=\"async\" src=\"https:\/\/www.ebilet.pl\/media\/cms\/media\/at5fz4yu\/ebilet1-656x369.webp\" alt=\"\">\n        <\/div>\n        <div class=\"card-event__data\">\n            <div class=\"card-event__name\">\n                <p>Orlen Elektronarracje<\/p>\n            <\/div>\n            <div class=\"card-event__date\"><\/div>\n            <div class=\"card-event__location\">Katowice, \u015al\u0105sk, Zabrze<\/div>\n        <\/div>\n    <\/div>\n<\/div>                                    <\/div>\n                                                                    <div class=\"events-carousel-block__sliderItem swiper-slide\"\n                                        data-id=\"203456\"\n                                        data-name=\"G\u00f3raLOVE Festiwal\"\n                                        data-brand=\"enemka R4BBIT sp. z o.o.\"\n                                        data-category=\"muzyka\"\n                                        data-subcategory=\"festiwale\"\n                                        data-city=\"Ustro\u0144\"\n                                        data-venue=\"Amfiteatr w Ustroniu\">\n                                        \n<div class=\"card-event  card-event--size-small\">\n        <a href=\"https:\/\/www.ebilet.pl\/muzyka\/festiwale\/goralove\" target=\"_blank\" class=\"card-event__link\" rel=\"nofollow noopener\"><\/a>\n        <div class=\"card-event__wrapper\">\n        <div class=\"card-event__image\">\n            <img decoding=\"async\" src=\"https:\/\/www.ebilet.pl\/media\/cms\/media\/nrldgp2r\/ebilet3-1-a8b8f60b-9bb2-4caa-8ced-16116a449b3e.webp\" alt=\"\">\n        <\/div>\n        <div class=\"card-event__data\">\n            <div class=\"card-event__name\">\n                <p>G\u00f3raLOVE Festiwal<\/p>\n            <\/div>\n            <div class=\"card-event__date\"><\/div>\n            <div class=\"card-event__location\">Ustro\u0144<\/div>\n        <\/div>\n    <\/div>\n<\/div>                                    <\/div>\n                                                                    <div class=\"events-carousel-block__sliderItem swiper-slide\"\n                                        data-id=\"169186\"\n                                        data-name=\"Up To Date Festival 2026\"\n                                        data-brand=\"STOWARZYSZENIE POGOTOWIE KULTURALNO-SPO\u0141ECZNE\"\n                                        data-category=\"muzyka\"\n                                        data-subcategory=\"festiwale\"\n                                        data-city=\"Bia\u0142ystok\"\n                                        data-venue=\"Bia\u0142ystok\">\n                                        \n<div class=\"card-event  card-event--size-small\">\n        <a href=\"https:\/\/www.ebilet.pl\/muzyka\/festiwale\/up-to-date-festival\" target=\"_blank\" class=\"card-event__link\" rel=\"nofollow noopener\"><\/a>\n        <div class=\"card-event__wrapper\">\n        <div class=\"card-event__image\">\n            <img decoding=\"async\" src=\"https:\/\/www.ebilet.pl\/media\/cms\/media\/rtbeuknt\/656x369-8ad2bc97-0105-4dc5-bc5a-09ee9b39198d.webp\" alt=\"\">\n        <\/div>\n        <div class=\"card-event__data\">\n            <div class=\"card-event__name\">\n                <p>Up To Date Festival 2026<\/p>\n            <\/div>\n            <div class=\"card-event__date\"><\/div>\n            <div class=\"card-event__location\">Bia\u0142ystok<\/div>\n        <\/div>\n    <\/div>\n<\/div>                                    <\/div>\n                                                                    <div class=\"events-carousel-block__sliderItem swiper-slide\"\n                                        data-id=\"198838\"\n                                        data-name=\"Juwenalia Pozna\u0144 2026\"\n                                        data-brand=\"Fundacja na Rzecz Integracji \u015arodowiska Akademickiego Jeden Uniwersytet\"\n                                        data-category=\"muzyka\"\n                                        data-subcategory=\"festiwale\"\n                                        data-city=\"Pozna\u0144\"\n                                        data-venue=\"Park Jana Paw\u0142a II\">\n                                        \n<div class=\"card-event  card-event--size-small\">\n        <a href=\"https:\/\/www.ebilet.pl\/muzyka\/festiwale\/juwenalia-poznan\" target=\"_blank\" class=\"card-event__link\" rel=\"nofollow noopener\"><\/a>\n        <div class=\"card-event__wrapper\">\n        <div class=\"card-event__image\">\n            <img decoding=\"async\" src=\"https:\/\/www.ebilet.pl\/media\/cms\/media\/f5cb2w30\/unnamed-1-1-cb4698d9-ddb5-4a3c-b722-5a6cdb58b9f1.webp\" alt=\"\">\n        <\/div>\n        <div class=\"card-event__data\">\n            <div class=\"card-event__name\">\n                <p>Juwenalia Pozna\u0144 2026<\/p>\n            <\/div>\n            <div class=\"card-event__date\"><\/div>\n            <div class=\"card-event__location\">Pozna\u0144<\/div>\n        <\/div>\n    <\/div>\n<\/div>                                    <\/div>\n                                                                    <div class=\"events-carousel-block__sliderItem swiper-slide\"\n                                        data-id=\"7104\"\n                                        data-name=\"Open&#039;er Festival 2026\"\n                                        data-brand=\"Alter Art\"\n                                        data-category=\"muzyka\"\n                                        data-subcategory=\"festiwale\"\n                                        data-city=\"Gdynia\"\n                                        data-venue=\"Lotnisko Gdynia - Kosakowo\">\n                                        \n<div class=\"card-event  card-event--size-small\">\n        <a href=\"https:\/\/www.ebilet.pl\/muzyka\/festiwale\/opener-festival\" target=\"_blank\" class=\"card-event__link\" rel=\"nofollow noopener\"><\/a>\n        <div class=\"card-event__wrapper\">\n        <div class=\"card-event__image\">\n            <img decoding=\"async\" src=\"https:\/\/www.ebilet.pl\/media\/cms\/media\/vr5l21om\/opener2026_ebilet_656x369-ee020a0f-2f31-4138-b4b2-04308c95f9f7.webp\" alt=\"\">\n        <\/div>\n        <div class=\"card-event__data\">\n            <div class=\"card-event__name\">\n                <p>Open&#8217;er Festival 2026<\/p>\n            <\/div>\n            <div class=\"card-event__date\"><\/div>\n            <div class=\"card-event__location\">Gdynia<\/div>\n        <\/div>\n    <\/div>\n<\/div>                                    <\/div>\n                                                                    <div class=\"events-carousel-block__sliderItem swiper-slide\"\n                                        data-id=\"10086\"\n                                        data-name=\"Orange Warsaw Festival 2026\"\n                                        data-brand=\"Alter Art\"\n                                        data-category=\"muzyka\"\n                                        data-subcategory=\"festiwale\"\n                                        data-city=\"Warszawa\"\n                                        data-venue=\"Tor Wy\u015bcig\u00f3w Konnych Warszawa - S\u0142u\u017cewiec\">\n                                        \n<div class=\"card-event  card-event--size-small\">\n        <a href=\"https:\/\/www.ebilet.pl\/muzyka\/festiwale\/orange-warsaw-festival\" target=\"_blank\" class=\"card-event__link\" rel=\"nofollow noopener\"><\/a>\n        <div class=\"card-event__wrapper\">\n        <div class=\"card-event__image\">\n            <img decoding=\"async\" src=\"https:\/\/www.ebilet.pl\/media\/cms\/media\/m3xib5y5\/owf_2026_ebilet_656x369-266cc2fe-1046-41bb-b413-32325c34cbdd.webp\" alt=\"\">\n        <\/div>\n        <div class=\"card-event__data\">\n            <div class=\"card-event__name\">\n                <p>Orange Warsaw Festival 2026<\/p>\n            <\/div>\n            <div class=\"card-event__date\"><\/div>\n            <div class=\"card-event__location\">Warszawa<\/div>\n        <\/div>\n    <\/div>\n<\/div>                                    <\/div>\n                                                                    <div class=\"events-carousel-block__sliderItem swiper-slide\"\n                                        data-id=\"175547\"\n                                        data-name=\"Delfinalia 2026\"\n                                        data-brand=\"YELLO Sp. z o.o\"\n                                        data-category=\"muzyka\"\n                                        data-subcategory=\"festiwale\"\n                                        data-city=\"Gdynia\"\n                                        data-venue=\"Molo Po\u0142udniowe Gdynia\">\n                                        \n<div class=\"card-event  card-event--size-small\">\n        <a href=\"https:\/\/www.ebilet.pl\/muzyka\/festiwale\/delfinalia\" target=\"_blank\" class=\"card-event__link\" rel=\"nofollow noopener\"><\/a>\n        <div class=\"card-event__wrapper\">\n        <div class=\"card-event__image\">\n            <img decoding=\"async\" src=\"https:\/\/www.ebilet.pl\/media\/cms\/media\/3iznhrfb\/656x369-c51b2054-ba49-4c3a-8857-380395c0a337.webp\" alt=\"\">\n        <\/div>\n        <div class=\"card-event__data\">\n            <div class=\"card-event__name\">\n                <p>Delfinalia 2026<\/p>\n            <\/div>\n            <div class=\"card-event__date\"><\/div>\n            <div class=\"card-event__location\">Gdynia<\/div>\n        <\/div>\n    <\/div>\n<\/div>                                    <\/div>\n                                                                    <div class=\"events-carousel-block__sliderItem swiper-slide\"\n                                        data-id=\"196592\"\n                                        data-name=\"16. Enter Enea Festival\"\n                                        data-brand=\"Fundacja Europejskie Forum Sztuki\"\n                                        data-category=\"muzyka\"\n                                        data-subcategory=\"festiwale\"\n                                        data-city=\"Pozna\u0144\"\n                                        data-venue=\"Polana przy restauracji Oaza\">\n                                        \n<div class=\"card-event  card-event--size-small\">\n        <a href=\"https:\/\/www.ebilet.pl\/muzyka\/festiwale\/enter-enea\" target=\"_blank\" class=\"card-event__link\" rel=\"nofollow noopener\"><\/a>\n        <div class=\"card-event__wrapper\">\n        <div class=\"card-event__image\">\n            <img decoding=\"async\" src=\"https:\/\/www.ebilet.pl\/media\/cms\/media\/l1pbumzd\/656x369-29-593582a8-6c95-49bb-8881-3fe6a2ea17e0.webp\" alt=\"\">\n        <\/div>\n        <div class=\"card-event__data\">\n            <div class=\"card-event__name\">\n                <p>16. Enter Enea Festival<\/p>\n            <\/div>\n            <div class=\"card-event__date\"><\/div>\n            <div class=\"card-event__location\">Pozna\u0144<\/div>\n        <\/div>\n    <\/div>\n<\/div>                                    <\/div>\n                                                            <\/div>\n                        <\/div>\n                    <\/div>\n                    <div class=\"events-carousel-block__pagination\">\n                        <div class=\"swiper-pagination slider-pagination\" data-events-carousel-pagination><\/div>\n                    <\/div>\n                <\/div>\n            <\/div>\n        <\/div>\n    <\/section>\n\n\n\n<section class=\"text-block  section-margin-32\" >\n    <div class=\"container\">\n        <div class=\"row\">\n            <div class=\"col-24\">\n                <div class=\"text-block__content\"><p>Widzowie doskonale wiedz\u0105, \u017ce<strong> &#8220;Peaky Blinders&#8221;<\/strong> potrafi zadba\u0107 o wyj\u0105tkow\u0105 \u015bcie\u017ck\u0119 d\u017awi\u0119kow\u0105, a utwory z serialu przesz\u0142y do historii. Podobne oczekiwania zosta\u0142y skierowane w stron\u0119 soundtracku do nadchodz\u0105cego filmu. Mamy dobre wie\u015bci &#8211; b\u0119d\u0105 autorskie kompozycje, si\u0119gni\u0119cie po &#8220;klasyki&#8221; oraz covery! Niew\u0105tpliwie te utwory zintensyfikuj\u0105 filmowe doznania. A co kryje si\u0119 w \u015brodku?<\/p>\n<p><em>&#8220;Ma w sobie mn\u00f3stwo odwagi i empatii, sprowadzona do was przez mn\u00f3stwo genialnych ludzkich serc, umys\u0142\u00f3w i dusz&#8221;<\/em> &#8211; skomentowa\u0142 efekt tej d\u017awi\u0119kowej pracy<strong> Antony Genn.<\/strong> W rozmowie z NME tw\u00f3rcy ujawnili, \u017ce soundtrack idealnie przenika przez fabu\u0142\u0119 filmu, wi\u0119c rezultat tej pracy zdecydowanie zadowoli widz\u00f3w. Muzyk wskaza\u0142, \u017ce znany ju\u017c wcze\u015bniej s\u0142uchaczom singiel <strong>&#8220;Puppet&#8221;<\/strong> znalaz\u0142 swoje specjalne miejsce w produkcji &#8211; pojawi si\u0119 niemal w ca\u0142o\u015bci, a towarzysz\u0105ce mu sceny praktycznie zostan\u0105 pozbawione dialog\u00f3w. <em>&#8220;Grian poczu\u0142 prawdziwy g\u0142\u00f3d tego filmu i opowiada histori\u0119 w tak poetycki spos\u00f3b, bez zb\u0119dnego naci\u0105gania. \u017byjemy dla takich moment\u00f3w, kiedy po prostu wiesz, \u017ce dzieje si\u0119 co\u015b wspania\u0142ego&#8221;<\/em> &#8211; dorzuci\u0142 tw\u00f3rca. Jednocze\u015bnie podkre\u015bli\u0142, \u017ce <strong>Chatten<\/strong> jest dla niego jednym z najwspanialszych poet\u00f3w-geniuszy z niesamowit\u0105 si\u0142\u0105 muzyczn\u0105 i wokalem.<\/p>\n<p>Co ciekawe, zaanga\u017cowanie cz\u0142onk\u00f3w <a href=\"https:\/\/www.ebilet.pl\/artysta\/fontaines-dc\"><strong>Fontaines D.C.<\/strong><\/a> w tworzenie \u015bcie\u017cki d\u017awi\u0119kowej rozpocz\u0119\u0142o si\u0119\u00a0od\u2026 telefonu, kt\u00f3ry wykona\u0142\u00a0<strong>Carlos O\u2019 Connell. Genn<\/strong> w rozmowie z NME powiedzia\u0142, \u017ce muzyk mia\u0142 ju\u017c pewn\u0105 koncepcj\u0119, wi\u0119c tw\u00f3rcy zdecydowali si\u0119 na zaanga\u017cowanie muzyk\u00f3w. Nie zabrak\u0142o uznania skierowanego w stron\u0119 innych wsp\u00f3\u0142tautor\u00f3w. <strong>Antony<\/strong> przyzna\u0142 NME, \u017ce <strong>Lankum<\/strong> zrobi\u0142 na nim wra\u017cenie na \u017cywo, a <strong>Amy Taylor<\/strong> nazwa\u0142 <em>\u017ce\u0144skim odpowiednikiem Iggy\u2019ego Popa.<\/em> Do tego grona do\u0142\u0105czy debiutuj\u0105ca <strong>Girl In The Year Above.<\/strong><\/p>\n<\/div>\n            <\/div>\n        <\/div>\n    <\/div>\n<\/section>\n\n\n<figure class=\"wp-block-embed is-type-video is-provider-youtube wp-block-embed-youtube wp-embed-aspect-16-9 wp-has-aspect-ratio\"><div class=\"wp-block-embed__wrapper\">\n<iframe loading=\"lazy\" title=\"Peaky Blinders: The Immortal Man | Official Trailer | Netflix\" width=\"500\" height=\"281\" src=\"https:\/\/www.youtube.com\/embed\/lcvUGs3xaDM?feature=oembed\" frameborder=\"0\" allow=\"accelerometer; autoplay; clipboard-write; encrypted-media; gyroscope; picture-in-picture; web-share\" referrerpolicy=\"strict-origin-when-cross-origin\" allowfullscreen><\/iframe>\n<\/div><\/figure>\n\n\n<section class=\"gap-block  section-margin-32 section-margin-32\"><\/section>\n\n\n    <section class=\"events-carousel-block  section-margin-32\"\n        data-events-carousel\n        data-settings='{\"per_view\":5}'\n        data-item-list-name=\"Karuzela niska Polecamy na eBilet.pl\"\n        data-item-list-id=\"karuzela_niska Polecamy na eBilet.pl\"\n        >\n        <div class=\"container\">\n                            <div class=\"row\">\n                    <div class=\"col-24\">\n                        <div class=\"events-carousel-block__title\">\n                            <h2 class=\"typo-h2\">Polecamy na eBilet.pl<\/h2>\n                        <\/div>\n                    <\/div>\n                <\/div>\n                        <div class=\"row\">\n                <div class=\"col-24\">\n                    <div class=\"events-carousel-block__events\">\n                        <div class=\"events-carousel-block__nav events-carousel-block__nav--prev\">\n                            <div class=\"button button--withIcon button--theme-white-blur button--size-fixed-48\" data-events-carousel-prev>\n                                <span class=\"button__icon icon icon-chevron-left\"><\/span>\n                            <\/div>\n                        <\/div>\n                        <div class=\"events-carousel-block__nav events-carousel-block__nav--next\">\n                            <div class=\"button button--withIcon button--theme-white-blur button--size-fixed-48\" data-events-carousel-next>\n                                <span class=\"button__icon icon icon-chevron-right\"><\/span>\n                            <\/div>\n                        <\/div>\n                        <div class=\"events-carousel-block__slider swiper\" data-events-carousel-slider>\n                            <div class=\"events-carousel-block__sliderWrapper swiper-wrapper\">\n                                                                    <div class=\"events-carousel-block__sliderItem swiper-slide\"\n                                        data-id=\"7104\"\n                                        data-name=\"Open&#039;er Festival 2026\"\n                                        data-brand=\"\"\n                                        data-category=\"muzyka\"\n                                        data-subcategory=\"festiwale\"\n                                        data-city=\"Gdynia\"\n                                        data-venue=\"\">\n                                        \n<div class=\"card-event  card-event--size-small\">\n        <a href=\"https:\/\/www.ebilet.pl\/muzyka\/festiwale\/opener-festival\" target=\"_blank\" class=\"card-event__link\" rel=\"nofollow noopener\"><\/a>\n        <div class=\"card-event__wrapper\">\n        <div class=\"card-event__image\">\n            <img decoding=\"async\" src=\"https:\/\/www.ebilet.pl\/media\/cms\/media\/vr5l21om\/opener2026_ebilet_656x369-ee020a0f-2f31-4138-b4b2-04308c95f9f7.webp\" alt=\"\">\n        <\/div>\n        <div class=\"card-event__data\">\n            <div class=\"card-event__name\">\n                <p>Open&#8217;er Festival 2026<\/p>\n            <\/div>\n            <div class=\"card-event__date\"><\/div>\n            <div class=\"card-event__location\">Gdynia<\/div>\n        <\/div>\n    <\/div>\n<\/div>                                    <\/div>\n                                                                    <div class=\"events-carousel-block__sliderItem swiper-slide\"\n                                        data-id=\"33090\"\n                                        data-name=\"Koncert Muzyki Filmowej z utworami Hansa Zimmera\"\n                                        data-brand=\"TRINITY\"\n                                        data-category=\"klasyka\"\n                                        data-subcategory=\"muzyka-filmowa\"\n                                        data-city=\"Warszawa\"\n                                        data-venue=\"Hala COS Torwar \">\n                                        \n<div class=\"card-event  card-event--size-small\">\n        <a href=\"https:\/\/www.ebilet.pl\/klasyka\/muzyka-filmowa\/hans-zimmer\" target=\"_blank\" class=\"card-event__link\" rel=\"nofollow noopener\"><\/a>\n        <div class=\"card-event__wrapper\">\n        <div class=\"card-event__image\">\n            <img decoding=\"async\" src=\"https:\/\/www.ebilet.pl\/media\/cms\/media\/zjxhgvt1\/banner-lo-900x507_l.webp\" alt=\"\">\n        <\/div>\n        <div class=\"card-event__data\">\n            <div class=\"card-event__name\">\n                <p>Koncert Muzyki Filmowej z utworami Hansa Zimmera<\/p>\n            <\/div>\n            <div class=\"card-event__date\"><\/div>\n            <div class=\"card-event__location\">Warszawa<\/div>\n        <\/div>\n    <\/div>\n<\/div>                                    <\/div>\n                                                                    <div class=\"events-carousel-block__sliderItem swiper-slide\"\n                                        data-id=\"50608\"\n                                        data-name=\"Gaming Concert\"\n                                        data-brand=\"VISUAL PRODUCTION Sp. z o.o. \"\n                                        data-category=\"klasyka\"\n                                        data-subcategory=\"muzyka-filmowa\"\n                                        data-city=\"Gdynia, Katowice, Krak\u00f3w i inne\"\n                                        data-venue=\"TAURON Arena Krak\u00f3w\">\n                                        \n<div class=\"card-event  card-event--size-small\">\n        <a href=\"https:\/\/www.ebilet.pl\/klasyka\/muzyka-filmowa\/epic-game-music\" target=\"_blank\" class=\"card-event__link\" rel=\"nofollow noopener\"><\/a>\n        <div class=\"card-event__wrapper\">\n        <div class=\"card-event__image\">\n            <img decoding=\"async\" src=\"https:\/\/www.ebilet.pl\/media\/cms\/media\/nhkbi1fe\/_656x369_gaming-concert_nowysolista-bc07a98e-b6c3-4f62-b76d-9cb5ced51c5d.webp\" alt=\"\">\n        <\/div>\n        <div class=\"card-event__data\">\n            <div class=\"card-event__name\">\n                <p>Gaming Concert<\/p>\n            <\/div>\n            <div class=\"card-event__date\"><\/div>\n            <div class=\"card-event__location\">Gdynia, Katowice, Krak\u00f3w i inne<\/div>\n        <\/div>\n    <\/div>\n<\/div>                                    <\/div>\n                                                                    <div class=\"events-carousel-block__sliderItem swiper-slide\"\n                                        data-id=\"144776\"\n                                        data-name=\"Koncert przy \u015bwiecach: Hans Zimmer i inni - Muzyka Filmowa\"\n                                        data-brand=\"Candle Live Music\"\n                                        data-category=\"klasyka\"\n                                        data-subcategory=\"muzyka-filmowa\"\n                                        data-city=\"Bielsko-Bia\u0142a, Bydgoszcz, Gda\u0144sk i inne\"\n                                        data-venue=\"Miejski O\u015brodek Kultury w Nowym S\u0105czu\">\n                                        \n<div class=\"card-event  card-event--size-small\">\n        <a href=\"https:\/\/www.ebilet.pl\/klasyka\/muzyka-filmowa\/koncert-przy-swiecach-muzyka-filmowa\" target=\"_blank\" class=\"card-event__link\" rel=\"nofollow noopener\"><\/a>\n        <div class=\"card-event__wrapper\">\n        <div class=\"card-event__image\">\n            <img decoding=\"async\" src=\"https:\/\/www.ebilet.pl\/media\/cms\/media\/xwqhegth\/clm-ebilet-muzykafilmowa-656x369-28c4b364-454f-4f65-ac3b-3e9eceb280a7.webp\" alt=\"\">\n        <\/div>\n        <div class=\"card-event__data\">\n            <div class=\"card-event__name\">\n                <p>Koncert przy \u015bwiecach: Hans Zimmer i inni &#8211; Muzyka Filmowa<\/p>\n            <\/div>\n            <div class=\"card-event__date\"><\/div>\n            <div class=\"card-event__location\">Bielsko-Bia\u0142a, Bydgoszcz, Gda\u0144sk i inne<\/div>\n        <\/div>\n    <\/div>\n<\/div>                                    <\/div>\n                                                                    <div class=\"events-carousel-block__sliderItem swiper-slide\"\n                                        data-id=\"145934\"\n                                        data-name=\"Koncert Muzyki Filmowej w wykonaniu Orkiestry Maximus\"\n                                        data-brand=\"Agencja Artystyczna Idea Art\"\n                                        data-category=\"klasyka\"\n                                        data-subcategory=\"muzyka-filmowa\"\n                                        data-city=\"Cieszyn, Pozna\u0144, Tarn\u00f3w i inne\"\n                                        data-venue=\"Aula Artis\">\n                                        \n<div class=\"card-event  card-event--size-small\">\n        <a href=\"https:\/\/www.ebilet.pl\/klasyka\/muzyka-filmowa\/koncert-muzyki-filmowej-orkiestra-maximus\" target=\"_blank\" class=\"card-event__link\" rel=\"nofollow noopener\"><\/a>\n        <div class=\"card-event__wrapper\">\n        <div class=\"card-event__image\">\n            <img decoding=\"async\" src=\"https:\/\/www.ebilet.pl\/media\/cms\/media\/giiptwdd\/gladiator-kasia-martin-656x369-kopia-7a13e961-221d-424f-a15e-bbbaf8b02209.webp\" alt=\"\">\n        <\/div>\n        <div class=\"card-event__data\">\n            <div class=\"card-event__name\">\n                <p>Koncert Muzyki Filmowej w wykonaniu Orkiestry Maximus<\/p>\n            <\/div>\n            <div class=\"card-event__date\"><\/div>\n            <div class=\"card-event__location\">Cieszyn, Pozna\u0144, Tarn\u00f3w i inne<\/div>\n        <\/div>\n    <\/div>\n<\/div>                                    <\/div>\n                                                                    <div class=\"events-carousel-block__sliderItem swiper-slide\"\n                                        data-id=\"147964\"\n                                        data-name=\"Koncert Muzyki Filmowej - Symphonic Cinematics\"\n                                        data-brand=\"Make Music Robert Nowak\"\n                                        data-category=\"klasyka\"\n                                        data-subcategory=\"muzyka-filmowa\"\n                                        data-city=\"Zielona G\u00f3ra\"\n                                        data-venue=\"\">\n                                        \n<div class=\"card-event  card-event--size-small\">\n        <a href=\"https:\/\/www.ebilet.pl\/klasyka\/muzyka-filmowa\/symphonic-cinematics\" target=\"_blank\" class=\"card-event__link\" rel=\"nofollow noopener\"><\/a>\n        <div class=\"card-event__wrapper\">\n        <div class=\"card-event__image\">\n            <img decoding=\"async\" src=\"https:\/\/www.ebilet.pl\/media\/cms\/media\/4b1bdogu\/656x369-cb47310d-9be8-427d-a95d-8de20e2bbac7.webp\" alt=\"\">\n        <\/div>\n        <div class=\"card-event__data\">\n            <div class=\"card-event__name\">\n                <p>Koncert Muzyki Filmowej &#8211; Symphonic Cinematics<\/p>\n            <\/div>\n            <div class=\"card-event__date\"><\/div>\n            <div class=\"card-event__location\">Zielona G\u00f3ra<\/div>\n        <\/div>\n    <\/div>\n<\/div>                                    <\/div>\n                                                                    <div class=\"events-carousel-block__sliderItem swiper-slide\"\n                                        data-id=\"148821\"\n                                        data-name=\"Najpi\u0119kniejsza muzyka filmowa na 28. pi\u0119trze\"\n                                        data-brand=\"SVITLO CONCERT Sp. z o.o.\"\n                                        data-category=\"klasyka\"\n                                        data-subcategory=\"muzyka-filmowa\"\n                                        data-city=\"Warszawa\"\n                                        data-venue=\"Sky Hall by Svitlo Concert\">\n                                        \n<div class=\"card-event  card-event--size-small\">\n        <a href=\"https:\/\/www.ebilet.pl\/klasyka\/muzyka-filmowa\/najpiekniejsza-muzyka-filmowa\" target=\"_blank\" class=\"card-event__link\" rel=\"nofollow noopener\"><\/a>\n        <div class=\"card-event__wrapper\">\n        <div class=\"card-event__image\">\n            <img decoding=\"async\" src=\"https:\/\/www.ebilet.pl\/media\/cms\/media\/t53bheua\/656_369-muzyka-filmowa-1-44bdcf90-dfba-45ba-9e3e-9fd08f780a3b.webp\" alt=\"\">\n        <\/div>\n        <div class=\"card-event__data\">\n            <div class=\"card-event__name\">\n                <p>Najpi\u0119kniejsza muzyka filmowa na 28. pi\u0119trze<\/p>\n            <\/div>\n            <div class=\"card-event__date\"><\/div>\n            <div class=\"card-event__location\">Warszawa<\/div>\n        <\/div>\n    <\/div>\n<\/div>                                    <\/div>\n                                                                    <div class=\"events-carousel-block__sliderItem swiper-slide\"\n                                        data-id=\"178248\"\n                                        data-name=\"Muzyka filmowa na 28. pi\u0119trze: Bridgertonowie\"\n                                        data-brand=\"SVITLO CONCERT Sp. z o.o.\"\n                                        data-category=\"klasyka\"\n                                        data-subcategory=\"muzyka-filmowa\"\n                                        data-city=\"Warszawa, Wroc\u0142aw\"\n                                        data-venue=\"Synagoga Pod Bia\u0142ym Bocianem\">\n                                        \n<div class=\"card-event  card-event--size-small\">\n        <a href=\"https:\/\/www.ebilet.pl\/klasyka\/muzyka-filmowa\/muzyka-filmowa-na-28-pietrze-bridgertonowie\" target=\"_blank\" class=\"card-event__link\" rel=\"nofollow noopener\"><\/a>\n        <div class=\"card-event__wrapper\">\n        <div class=\"card-event__image\">\n            <img decoding=\"async\" src=\"https:\/\/www.ebilet.pl\/media\/cms\/media\/duqeynh5\/656_369-bridgertonowie-8aaeba2f-95b8-42a9-a8e3-96e5a66bf35d.webp\" alt=\"\">\n        <\/div>\n        <div class=\"card-event__data\">\n            <div class=\"card-event__name\">\n                <p>Muzyka filmowa na 28. pi\u0119trze: Bridgertonowie<\/p>\n            <\/div>\n            <div class=\"card-event__date\"><\/div>\n            <div class=\"card-event__location\">Warszawa, Wroc\u0142aw<\/div>\n        <\/div>\n    <\/div>\n<\/div>                                    <\/div>\n                                                                    <div class=\"events-carousel-block__sliderItem swiper-slide\"\n                                        data-id=\"178734\"\n                                        data-name=\"Koncert w\u015br\u00f3d kwiat\u00f3w i \u015bwiec: Wiecz\u00f3r z Magi\u0105 Harry\u2019ego Pottera\"\n                                        data-brand=\"Candle Live Music\"\n                                        data-category=\"klasyka\"\n                                        data-subcategory=\"muzyka-filmowa\"\n                                        data-city=\"Katowice, Szczecin\"\n                                        data-venue=\"Dom Kultury 13 Muz\">\n                                        \n<div class=\"card-event  card-event--size-small\">\n        <a href=\"https:\/\/www.ebilet.pl\/klasyka\/muzyka-filmowa\/harry-potter-muzyka-z-filmow\" target=\"_blank\" class=\"card-event__link\" rel=\"nofollow noopener\"><\/a>\n        <div class=\"card-event__wrapper\">\n        <div class=\"card-event__image\">\n            <img decoding=\"async\" src=\"https:\/\/www.ebilet.pl\/media\/cms\/media\/twbbkmjy\/clm-ebilet-harrypotter-piano-656x369-aab6ef27-aebe-42cb-9402-6258a8c4b91a.webp\" alt=\"\">\n        <\/div>\n        <div class=\"card-event__data\">\n            <div class=\"card-event__name\">\n                <p>Koncert w\u015br\u00f3d kwiat\u00f3w i \u015bwiec: Wiecz\u00f3r z Magi\u0105 Harry\u2019ego Pottera<\/p>\n            <\/div>\n            <div class=\"card-event__date\"><\/div>\n            <div class=\"card-event__location\">Katowice, Szczecin<\/div>\n        <\/div>\n    <\/div>\n<\/div>                                    <\/div>\n                                                                    <div class=\"events-carousel-block__sliderItem swiper-slide\"\n                                        data-id=\"173211\"\n                                        data-name=\"Kr\u00f3l Lew Live in Concert\"\n                                        data-brand=\"Agencja Artystyczna Pro Musica\"\n                                        data-category=\"klasyka\"\n                                        data-subcategory=\"muzyka-filmowa\"\n                                        data-city=\"Bielsko-Bia\u0142a, Gda\u0144sk, Katowice i inne\"\n                                        data-venue=\"Warmi\u0144sko - Mazurska Filharmonia im. Feliksa Nowowiejskiego w Olsztynie\">\n                                        \n<div class=\"card-event  card-event--size-small\">\n        <a href=\"https:\/\/www.ebilet.pl\/klasyka\/muzyka-filmowa\/krol-lew-live-in-concert\" target=\"_blank\" class=\"card-event__link\" rel=\"nofollow noopener\"><\/a>\n        <div class=\"card-event__wrapper\">\n        <div class=\"card-event__image\">\n            <img decoding=\"async\" src=\"https:\/\/www.ebilet.pl\/media\/cms\/media\/zjnftkrb\/kl_poziom-917ae28a-15e1-46fd-9804-ed867500ce40.webp\" alt=\"\">\n        <\/div>\n        <div class=\"card-event__data\">\n            <div class=\"card-event__name\">\n                <p>Kr\u00f3l Lew Live in Concert<\/p>\n            <\/div>\n            <div class=\"card-event__date\"><\/div>\n            <div class=\"card-event__location\">Bielsko-Bia\u0142a, Gda\u0144sk, Katowice i inne<\/div>\n        <\/div>\n    <\/div>\n<\/div>                                    <\/div>\n                                                                    <div class=\"events-carousel-block__sliderItem swiper-slide\"\n                                        data-id=\"182876\"\n                                        data-name=\"Koncerty przy \u015bwiecach \u2013 Muzyka filmowa\"\n                                        data-brand=\"Fundacja na Rzecz Pomocy Pestka\"\n                                        data-category=\"klasyka\"\n                                        data-subcategory=\"muzyka-filmowa\"\n                                        data-city=\"Cz\u0119stochowa, Wroc\u0142aw\"\n                                        data-venue=\"Synagoga Pod Bia\u0142ym Bocianem\">\n                                        \n<div class=\"card-event  card-event--size-small\">\n        <a href=\"https:\/\/www.ebilet.pl\/klasyka\/muzyka-filmowa\/muzyka-filmowa-koncerty-przy-swiecach\" target=\"_blank\" class=\"card-event__link\" rel=\"nofollow noopener\"><\/a>\n        <div class=\"card-event__wrapper\">\n        <div class=\"card-event__image\">\n            <img decoding=\"async\" src=\"https:\/\/www.ebilet.pl\/media\/cms\/media\/esll5fob\/muzfil-4-0bf39928-8dd2-458d-9f38-6f0c44a09928.webp\" alt=\"\">\n        <\/div>\n        <div class=\"card-event__data\">\n            <div class=\"card-event__name\">\n                <p>Koncerty przy \u015bwiecach \u2013 Muzyka filmowa<\/p>\n            <\/div>\n            <div class=\"card-event__date\"><\/div>\n            <div class=\"card-event__location\">Cz\u0119stochowa, Wroc\u0142aw<\/div>\n        <\/div>\n    <\/div>\n<\/div>                                    <\/div>\n                                                                    <div class=\"events-carousel-block__sliderItem swiper-slide\"\n                                        data-id=\"188823\"\n                                        data-name=\"Koncert przy tysi\u0105cach \u015bwiec - Muzyka Fantasy: od W\u0142adcy Pier\u015bcieni do Gry o Tron\"\n                                        data-brand=\"Candle Live Music\"\n                                        data-category=\"klasyka\"\n                                        data-subcategory=\"muzyka-filmowa\"\n                                        data-city=\"Katowice\"\n                                        data-venue=\"MDK Szopienice-Giszowiec\">\n                                        \n<div class=\"card-event  card-event--size-small\">\n        <a href=\"https:\/\/www.ebilet.pl\/klasyka\/muzyka-filmowa\/muzyka-fantasy-przy-swiecach\" target=\"_blank\" class=\"card-event__link\" rel=\"nofollow noopener\"><\/a>\n        <div class=\"card-event__wrapper\">\n        <div class=\"card-event__image\">\n            <img decoding=\"async\" src=\"https:\/\/www.ebilet.pl\/media\/cms\/media\/i0njzyqj\/fantasy-656-x-369-px-1-ef97f351-b48a-4814-9e90-43de712b50b3.webp\" alt=\"\">\n        <\/div>\n        <div class=\"card-event__data\">\n            <div class=\"card-event__name\">\n                <p>Koncert przy tysi\u0105cach \u015bwiec &#8211; Muzyka Fantasy: od W\u0142adcy Pier\u015bcieni do Gry o Tron<\/p>\n            <\/div>\n            <div class=\"card-event__date\"><\/div>\n            <div class=\"card-event__location\">Katowice<\/div>\n        <\/div>\n    <\/div>\n<\/div>                                    <\/div>\n                                                                    <div class=\"events-carousel-block__sliderItem swiper-slide\"\n                                        data-id=\"183938\"\n                                        data-name=\"The Music of Hans Zimmer and Others\"\n                                        data-brand=\"LANCELOT PRODUCTIONS, UNIPESSOAL LDA\"\n                                        data-category=\"klasyka\"\n                                        data-subcategory=\"muzyka-filmowa\"\n                                        data-city=\"Katowice, Wroc\u0142aw\"\n                                        data-venue=\"Hala Stulecia\">\n                                        \n<div class=\"card-event  card-event--size-small\">\n        <a href=\"https:\/\/www.ebilet.pl\/klasyka\/muzyka-filmowa\/the-music-of-hans-zimmer-and-others\" target=\"_blank\" class=\"card-event__link\" rel=\"nofollow noopener\"><\/a>\n        <div class=\"card-event__wrapper\">\n        <div class=\"card-event__image\">\n            <img decoding=\"async\" src=\"https:\/\/www.ebilet.pl\/media\/cms\/media\/uq2dx2ng\/zimmer656x369.webp\" alt=\"\">\n        <\/div>\n        <div class=\"card-event__data\">\n            <div class=\"card-event__name\">\n                <p>The Music of Hans Zimmer and Others<\/p>\n            <\/div>\n            <div class=\"card-event__date\"><\/div>\n            <div class=\"card-event__location\">Katowice, Wroc\u0142aw<\/div>\n        <\/div>\n    <\/div>\n<\/div>                                    <\/div>\n                                                                    <div class=\"events-carousel-block__sliderItem swiper-slide\"\n                                        data-id=\"174465\"\n                                        data-name=\"Arcane Symphony Tribute of Hit Series Epic Music Experience\"\n                                        data-brand=\"Luckystar,s.r.o.\"\n                                        data-category=\"klasyka\"\n                                        data-subcategory=\"muzyka-filmowa\"\n                                        data-city=\"Gda\u0144sk, Katowice, Olsztyn i inne\"\n                                        data-venue=\"Stary Mane\u017c\">\n                                        \n<div class=\"card-event  card-event--size-small\">\n        <a href=\"https:\/\/www.ebilet.pl\/klasyka\/muzyka-filmowa\/arcane-symphony-tribute\" target=\"_blank\" class=\"card-event__link\" rel=\"nofollow noopener\"><\/a>\n        <div class=\"card-event__wrapper\">\n        <div class=\"card-event__image\">\n            <img decoding=\"async\" src=\"https:\/\/www.ebilet.pl\/media\/cms\/media\/tgpd3emn\/arcane-656_369-1-b51a927c-a872-4e04-b08d-d82e8eea81be.webp\" alt=\"\">\n        <\/div>\n        <div class=\"card-event__data\">\n            <div class=\"card-event__name\">\n                <p>Arcane Symphony Tribute of Hit Series Epic Music Experience<\/p>\n            <\/div>\n            <div class=\"card-event__date\"><\/div>\n            <div class=\"card-event__location\">Gda\u0144sk, Katowice, Olsztyn i inne<\/div>\n        <\/div>\n    <\/div>\n<\/div>                                    <\/div>\n                                                                    <div class=\"events-carousel-block__sliderItem swiper-slide\"\n                                        data-id=\"195272\"\n                                        data-name=\"Koncert przy \u015bwiecach: Muzyka z Naruto\"\n                                        data-brand=\"Candle Live Music\"\n                                        data-category=\"klasyka\"\n                                        data-subcategory=\"muzyka-filmowa\"\n                                        data-city=\"Krak\u00f3w, Pozna\u0144, Warszawa\"\n                                        data-venue=\"Pa\u0142ac Staszica w Warszawie\">\n                                        \n<div class=\"card-event  card-event--size-small\">\n        <a href=\"https:\/\/www.ebilet.pl\/klasyka\/muzyka-filmowa\/muzyka-z-naruto\" target=\"_blank\" class=\"card-event__link\" rel=\"nofollow noopener\"><\/a>\n        <div class=\"card-event__wrapper\">\n        <div class=\"card-event__image\">\n            <img decoding=\"async\" src=\"https:\/\/www.ebilet.pl\/media\/cms\/media\/ncwgwgn0\/naruto-1-e47ea3bd-3971-4427-8fe7-e0ae3bd4da50.webp\" alt=\"\">\n        <\/div>\n        <div class=\"card-event__data\">\n            <div class=\"card-event__name\">\n                <p>Koncert przy \u015bwiecach: Muzyka z Naruto<\/p>\n            <\/div>\n            <div class=\"card-event__date\"><\/div>\n            <div class=\"card-event__location\">Krak\u00f3w, Pozna\u0144, Warszawa<\/div>\n        <\/div>\n    <\/div>\n<\/div>                                    <\/div>\n                                                                    <div class=\"events-carousel-block__sliderItem swiper-slide\"\n                                        data-id=\"191019\"\n                                        data-name=\"Hans Zimmer \u2013 Muzyka Filmowa Klasycznie przy \u015awiecach\"\n                                        data-brand=\"Copernicus Sp\u00f3\u0142ka z o.o.\"\n                                        data-category=\"klasyka\"\n                                        data-subcategory=\"muzyka-filmowa\"\n                                        data-city=\"Bia\u0142ystok, Bielsko-Bia\u0142a, Cz\u0119stochowa i inne\"\n                                        data-venue=\"Pa\u0142ac Staszica w Warszawie\">\n                                        \n<div class=\"card-event  card-event--size-small\">\n        <a href=\"https:\/\/www.ebilet.pl\/klasyka\/muzyka-filmowa\/muzyka-filmowa-klasycznie-przy-swiecach\" target=\"_blank\" class=\"card-event__link\" rel=\"nofollow noopener\"><\/a>\n        <div class=\"card-event__wrapper\">\n        <div class=\"card-event__image\">\n            <img decoding=\"async\" src=\"https:\/\/www.ebilet.pl\/media\/cms\/media\/vgahkngx\/film-music-hans-zimmer-656x369-px.webp\" alt=\"\">\n        <\/div>\n        <div class=\"card-event__data\">\n            <div class=\"card-event__name\">\n                <p>Hans Zimmer \u2013 Muzyka Filmowa Klasycznie przy \u015awiecach<\/p>\n            <\/div>\n            <div class=\"card-event__date\"><\/div>\n            <div class=\"card-event__location\">Bia\u0142ystok, Bielsko-Bia\u0142a, Cz\u0119stochowa i inne<\/div>\n        <\/div>\n    <\/div>\n<\/div>                                    <\/div>\n                                                                    <div class=\"events-carousel-block__sliderItem swiper-slide\"\n                                        data-id=\"151105\"\n                                        data-name=\"Koncerty przy \u015bwiecach - Muzyka z serialu &quot;Bridgertonowie&quot;\"\n                                        data-brand=\"Fundacja na Rzecz Pomocy Pestka\"\n                                        data-category=\"klasyka\"\n                                        data-subcategory=\"muzyka-filmowa\"\n                                        data-city=\"Gda\u0144sk, Katowice, Krak\u00f3w i inne\"\n                                        data-venue=\"Klub Arsena\u0142\">\n                                        \n<div class=\"card-event  card-event--size-small\">\n        <a href=\"https:\/\/www.ebilet.pl\/klasyka\/muzyka-filmowa\/bridgertonowie\" target=\"_blank\" class=\"card-event__link\" rel=\"nofollow noopener\"><\/a>\n        <div class=\"card-event__wrapper\">\n        <div class=\"card-event__image\">\n            <img decoding=\"async\" src=\"https:\/\/www.ebilet.pl\/media\/cms\/media\/qwjj1azi\/bridgerton-4-cc72fdbd-d243-4739-b7d0-b7caec5c65ac.webp\" alt=\"\">\n        <\/div>\n        <div class=\"card-event__data\">\n            <div class=\"card-event__name\">\n                <p>Koncerty przy \u015bwiecach &#8211; Muzyka z serialu &#8220;Bridgertonowie&#8221;<\/p>\n            <\/div>\n            <div class=\"card-event__date\"><\/div>\n            <div class=\"card-event__location\">Gda\u0144sk, Katowice, Krak\u00f3w i inne<\/div>\n        <\/div>\n    <\/div>\n<\/div>                                    <\/div>\n                                                                    <div class=\"events-carousel-block__sliderItem swiper-slide\"\n                                        data-id=\"197171\"\n                                        data-name=\"Koncert muzyki Ludovico Einaudiego na 28. pi\u0119trze przy \u015bwiecach\"\n                                        data-brand=\"SVITLO CONCERT Sp. z o.o.\"\n                                        data-category=\"klasyka\"\n                                        data-subcategory=\"muzyka-filmowa\"\n                                        data-city=\"Warszawa\"\n                                        data-venue=\"Sky Hall by Svitlo Concert\">\n                                        \n<div class=\"card-event  card-event--size-small\">\n        <a href=\"https:\/\/www.ebilet.pl\/klasyka\/muzyka-filmowa\/muzyka-ludovico-einaudiego\" target=\"_blank\" class=\"card-event__link\" rel=\"nofollow noopener\"><\/a>\n        <div class=\"card-event__wrapper\">\n        <div class=\"card-event__image\">\n            <img decoding=\"async\" src=\"https:\/\/www.ebilet.pl\/media\/cms\/media\/r32jd42j\/evening-poziom.webp\" alt=\"\">\n        <\/div>\n        <div class=\"card-event__data\">\n            <div class=\"card-event__name\">\n                <p>Koncert muzyki Ludovico Einaudiego na 28. pi\u0119trze przy \u015bwiecach<\/p>\n            <\/div>\n            <div class=\"card-event__date\"><\/div>\n            <div class=\"card-event__location\">Warszawa<\/div>\n        <\/div>\n    <\/div>\n<\/div>                                    <\/div>\n                                                                    <div class=\"events-carousel-block__sliderItem swiper-slide\"\n                                        data-id=\"199116\"\n                                        data-name=\"Koncert przy \u015bwiecach: Muzyka z serialu Stranger Things\"\n                                        data-brand=\"Candle Live Music\"\n                                        data-category=\"klasyka\"\n                                        data-subcategory=\"muzyka-filmowa\"\n                                        data-city=\"Bielsko-Bia\u0142a, Bydgoszcz, Gdynia i inne\"\n                                        data-venue=\"Oratorium Marianum \">\n                                        \n<div class=\"card-event  card-event--size-small\">\n        <a href=\"https:\/\/www.ebilet.pl\/klasyka\/muzyka-filmowa\/muzyka-z-serialu-stranger-things\" target=\"_blank\" class=\"card-event__link\" rel=\"nofollow noopener\"><\/a>\n        <div class=\"card-event__wrapper\">\n        <div class=\"card-event__image\">\n            <img decoding=\"async\" src=\"https:\/\/www.ebilet.pl\/media\/cms\/media\/wgnhsdt3\/clm-ebilet-strangerthings-kwartet-656x369-779ba765-5051-43cb-ac14-8d1e9e3364e3.webp\" alt=\"\">\n        <\/div>\n        <div class=\"card-event__data\">\n            <div class=\"card-event__name\">\n                <p>Koncert przy \u015bwiecach: Muzyka z serialu Stranger Things<\/p>\n            <\/div>\n            <div class=\"card-event__date\"><\/div>\n            <div class=\"card-event__location\">Bielsko-Bia\u0142a, Bydgoszcz, Gdynia i inne<\/div>\n        <\/div>\n    <\/div>\n<\/div>                                    <\/div>\n                                                                    <div class=\"events-carousel-block__sliderItem swiper-slide\"\n                                        data-id=\"173639\"\n                                        data-name=\"Koncert fortepianowy przy \u015bwiecach: Muzyka Filmowa \u2013 Hans Zimmer i inni\"\n                                        data-brand=\"Candle Live Music\"\n                                        data-category=\"klasyka\"\n                                        data-subcategory=\"muzyka-filmowa\"\n                                        data-city=\"Krak\u00f3w, Pozna\u0144, Szczecin i inne\"\n                                        data-venue=\"Miejski Dom Kultury w \u015awinouj\u015bciu\">\n                                        \n<div class=\"card-event  card-event--size-small\">\n        <a href=\"https:\/\/www.ebilet.pl\/klasyka\/muzyka-filmowa\/hans-zimmer-i-inni\" target=\"_blank\" class=\"card-event__link\" rel=\"nofollow noopener\"><\/a>\n        <div class=\"card-event__wrapper\">\n        <div class=\"card-event__image\">\n            <img decoding=\"async\" src=\"https:\/\/www.ebilet.pl\/media\/cms\/media\/334nbtti\/koncert-fortepianowy-hans-zimmer-2-40e4d63d-98f2-4046-97bd-61f8c92bc4f0.webp\" alt=\"\">\n        <\/div>\n        <div class=\"card-event__data\">\n            <div class=\"card-event__name\">\n                <p>Koncert fortepianowy przy \u015bwiecach: Muzyka Filmowa \u2013 Hans Zimmer i inni<\/p>\n            <\/div>\n            <div class=\"card-event__date\"><\/div>\n            <div class=\"card-event__location\">Krak\u00f3w, Pozna\u0144, Szczecin i inne<\/div>\n        <\/div>\n    <\/div>\n<\/div>                                    <\/div>\n                                                            <\/div>\n                        <\/div>\n                    <\/div>\n                    <div class=\"events-carousel-block__pagination\">\n                        <div class=\"swiper-pagination slider-pagination\" data-events-carousel-pagination><\/div>\n                    <\/div>\n                <\/div>\n            <\/div>\n        <\/div>\n    <\/section>\n\n\n\n<section class=\"text-block  section-margin-32\" >\n    <div class=\"container\">\n        <div class=\"row\">\n            <div class=\"col-24\">\n                <div class=\"text-block__content\"><h2>Kto zosta\u0142 zaanga\u017cowany do tworzenia soundtracku &#8220;Peaky Blinders: Nie\u015bmiertelny&#8221;? Oto pe\u0142na lista utwor\u00f3w!<\/h2>\n<p><strong>&#8220;Peaky Blinders: Nie\u015bmiertelny&#8221;<\/strong> to 36 utwor\u00f3w, kt\u00f3re w du\u017cej mierze s\u0105 kontynuacj\u0105 kooperacji <strong>Chatten + Genn + Slattery,<\/strong> ale nie zabraknie r\u00f3wnie\u017c innych utwor\u00f3w. Zaczerpni\u0119to po repertuar <strong>Fontaines D.C.<\/strong>, co oznacza, \u017ce w produkcji pojawi si\u0119<strong> &#8220;Romance&#8221; <\/strong>oraz<strong> &#8220;A Hero\u2019s Death&#8221;.<\/strong> Na li\u015bcie utwor\u00f3w rozgrzej\u0105 dwa hity <strong>Massive Attack &#8211; &#8220;Teardrop&#8221;<\/strong> w wykonaniu<strong> Girl In The Year Above<\/strong> oraz <strong>&#8220;Angel&#8221;<\/strong> w aran\u017cacji wcze\u015bniej wspomnianego tria. Soundtrack wzbogac\u0105 tacy arty\u015bci, jak <strong>Amy Taylor (<a href=\"https:\/\/www.ebilet.pl\/artysta\/amyl-and-the-sniffers\">Amyl and the Sniffers<\/a>), Tom Coll i Carlos O\u2019 Connell (Fontaines D.C.), Mclusky<\/strong> oraz <strong>Lankum<\/strong>. Nie mog\u0142o zabrakn\u0105\u0107 <a href=\"https:\/\/www.ebilet.pl\/artysta\/nick-cave-the-bad-seeds\"><strong>Nicka Cave\u2019a!<\/strong> <\/a>Przy jego nazwisku pojawi\u0142 si\u0119<strong> &#8220;Red Right Hand (Immortal)&#8221;,<\/strong> co oznacza, \u017ce nadchodz\u0105cy film doczeka si\u0119 nowej interpretacji dobrze znanego utworu. Pe\u0142na lista prezentuje si\u0119 nast\u0119puj\u0105co:<\/p>\n<p>01. Opening Scene \/ The Currency\u2019<br \/>\n02. The Immortal Man<br \/>\n03. Ruby\u2019s Scarf<br \/>\n04. Nobody\u2019s Son \u2013 Amy Taylor, Tom Coll, Antony Genn &amp; Martin Slattery<br \/>\n05.No Heaven No Hell\u00a0For\u00a0Duke Shelby<br \/>\n06. People Person \u2013\u00a0Mclusky<br \/>\n07. Duke And Beckett Strike\u00a0A\u00a0Deal<br \/>\n08. An Intruder\u00a0In\u00a0The\u00a0House<br \/>\n09. Ada And Duke<br \/>\n10. Opium Dreams \u2013 Grian Chatten, Antony Genn &amp; Martin Slattery<br \/>\n11. Tommy, Kaulo\u00a0And\u00a0Kelda<br \/>\n12. Black Dahlia \u2013 Grian Chatten, Antony Genn &amp; Martin Slattery<br \/>\n13. Beckett Tests Duke \u2013 Grian Chatten, Antony Genn &amp; Martin Slattery<br \/>\n14. Close The Door<br \/>\n15. Dukes Descent<br \/>\n16. A Hero\u2019s Death \u2013 Fontaines D.C.<br \/>\n17. Pig Pen<br \/>\n18. Puppet \u2013 Grian Chatten, Antony Genn &amp; Martin Slattery<br \/>\n19. A Gun Is No Good<br \/>\n20. Tommy vs. Duke\u2019<br \/>\n21. St. Elizabeth\u2019s Mortuary<br \/>\n22. Confession \u2013 Antony Genn, Martin Slattery &amp; Carlos O\u2019Connell<br \/>\n23. Stable Shootout<br \/>\n24. Red Right Hand (Immortal) \u2013 Nick Cave<br \/>\n25. The Bullet<br \/>\n26. The Coin<br \/>\n27. Teardrop \u2013 Girl\u00a0In\u00a0The\u00a0Year Above<br \/>\n28. Romance \u2013 Fontaines D.C.<br \/>\n29. The Map<br \/>\n30. Angel \u2013 Grian Chatten, Antony Genn &amp; Martin Slattery<br \/>\n31. The Tunnel \u2013\u00a0Grian\u00a0Chatten, Antony Genn &amp; Martin Slattery<br \/>\n32. Medusa \u2013 Grian Chatten, Antony Genn &amp; Martin Slattery<br \/>\n33. Tommy vs. Beckett<br \/>\n34. Father And Son<br \/>\n35. Hunting The Wren (The Immortal Man Version) \u2013\u00a0Lankum\u00a0&amp; Grian Chatten<br \/>\n26. Ellipsis \u2013 Grian Chatten, Antony Genn &amp; Martin Slattery<\/p>\n<\/div>\n            <\/div>\n        <\/div>\n    <\/div>\n<\/section>\n\n\n<figure class=\"wp-block-embed is-type-video is-provider-youtube wp-block-embed-youtube wp-embed-aspect-16-9 wp-has-aspect-ratio\"><div class=\"wp-block-embed__wrapper\">\n<iframe loading=\"lazy\" title=\"Nick Cave &amp; The Bad Seeds - Red Right Hand (Official Video)\" width=\"500\" height=\"281\" src=\"https:\/\/www.youtube.com\/embed\/RrxePKps87k?feature=oembed\" frameborder=\"0\" allow=\"accelerometer; autoplay; clipboard-write; encrypted-media; gyroscope; picture-in-picture; web-share\" referrerpolicy=\"strict-origin-when-cross-origin\" allowfullscreen><\/iframe>\n<\/div><\/figure>\n\n\n<section class=\"gap-block  section-margin-32 section-margin-32\"><\/section>\n\n\n<section class=\"text-block  section-margin-32\" >\n    <div class=\"container\">\n        <div class=\"row\">\n            <div class=\"col-24\">\n                <div class=\"text-block__content\"><p><strong>Przeczytaj te\u017c:<\/strong><\/p>\n<ul>\n<li><strong><a href=\"https:\/\/www.ebilet.pl\/now\/grian-chatten-w-swiecie-peaky-blinders-posluchaj-singla-puppet\/\">Grian Chatten w \u015bwiecie &#8220;Peaky Blinders&#8221;. Pos\u0142uchaj singla &#8220;Puppet&#8221;<\/a><\/strong><\/li>\n<li><strong><a href=\"https:\/\/www.ebilet.pl\/now\/damon-albarn-grian-chatten-i-kae-tempest-w-utworze-flags-to-druga-zapowiedz-plyty-help-2\/\">Damon Albarn, Grian Chatten i Kae Tempest w utworze &#8220;Flags&#8221;. To druga zapowied\u017a p\u0142yty &#8220;HELP (2)&#8221;!<\/a><\/strong><\/li>\n<li><strong><a href=\"https:\/\/www.ebilet.pl\/now\/fontaines-d-c-irlandzki-glos-ktory-pokochaly-tlumy\/\">Fontaines D.C. &#8211; irlandzki g\u0142os, kt\u00f3ry pokocha\u0142y t\u0142umy<\/a><\/strong><\/li>\n<li><strong><a href=\"https:\/\/www.ebilet.pl\/now\/oto-pierwsze-ogloszenia-na-off-festival-2026-kto-wystapi-w-katowicach\/\">Oto pierwsze og\u0142oszenia na OFF Festival 2026! Kto wyst\u0105pi w Katowicach?<\/a><\/strong><\/li>\n<li><strong><a href=\"https:\/\/www.ebilet.pl\/now\/nick-cave-the-bad-seeds-na-opener-festival-2026\/\">Nick Cave &amp; The Bad Seeds na Open&#8217;er Festival 2026!<\/a><\/strong><\/li>\n<\/ul>\n<\/div>\n            <\/div>\n        <\/div>\n    <\/div>\n<\/section>\n\n\n<section class=\"events-slider-block  section-margin-32\" data-events-slider-block data-carousel-title=\"Gor\u0105ce wydarzenia\" data-carousel-type=\"karuzela_z_t\u0142em\" data-item-list-name=\"Karuzela z t\u0142em Gor\u0105ce wydarzenia\" data-item-list-id=\"karuzela_z_t\u0142em Gor\u0105ce wydarzenia\" >\n    <div class=\"container\">\n        <div class=\"row\">\n            <div class=\"col-24\">\n                <div class=\"events-slider-block__wrapper\">\n                                            <div class=\"events-slider-block__bg\"><img loading=\"lazy\" decoding=\"async\" width=\"1920\" height=\"1080\" src=\"https:\/\/www.ebilet.pl\/now\/app\/uploads\/2024\/04\/koncert_1.jpg\" class=\"attachment-full size-full\" alt=\"\" srcset=\"https:\/\/www.ebilet.pl\/now\/app\/uploads\/2024\/04\/koncert_1.jpg 1920w, https:\/\/www.ebilet.pl\/now\/app\/uploads\/2024\/04\/koncert_1-1024x576.jpg 1024w, https:\/\/www.ebilet.pl\/now\/app\/uploads\/2024\/04\/koncert_1-1536x864.jpg 1536w, https:\/\/www.ebilet.pl\/now\/app\/uploads\/2024\/04\/koncert_1-1280x720.jpg 1280w, https:\/\/www.ebilet.pl\/now\/app\/uploads\/2024\/04\/koncert_1-500x281.jpg 500w, https:\/\/www.ebilet.pl\/now\/app\/uploads\/2024\/04\/koncert_1-632x356.jpg 632w, https:\/\/www.ebilet.pl\/now\/app\/uploads\/2024\/04\/koncert_1-308x174.jpg 308w\" sizes=\"(max-width: 1920px) 100vw, 1920px\" \/><\/div>\n                                                                <div class=\"events-slider-block__top\">\n                                                            <div class=\"events-slider-block__title desktop\">\n                                    <h2 class=\"typo-h2\">Gor\u0105ce wydarzenia<\/h2>\n                                <\/div>\n                                                                                        <div class=\"events-slider-block__title mobile\">\n                                    <h2 class=\"typo-h2\">Gor\u0105ce wydarzenia<\/h2>\n                                <\/div>\n                                                    <\/div>\n                                                                <div class=\"events-slider-block__main\">\n                            <div class=\"events-slider-block__nav events-slider-block__nav--prev\">\n                                <div class=\"button button--withIcon button--theme-white-blur button--size-fixed-48\" data-events-prev>\n                                    <span class=\"button__icon icon icon-chevron-left\"><\/span>\n                                <\/div>\n                            <\/div>\n                            <div class=\"events-slider-block__nav events-slider-block__nav--next\">\n                                <div class=\"button button--withIcon button--theme-white-blur button--size-fixed-48\" data-events-next>\n                                    <span class=\"button__icon icon icon-chevron-right\"><\/span>\n                                <\/div>\n                            <\/div>\n                            <div class=\"events-slider-block__slider\">\n                                <div class=\"swiper\" data-events-slider>\n                                    <div class=\"events-slider-block__sliderWrapper swiper-wrapper\">\n\n                                        \n                                            <div class=\"events-slider-block__sliderItem swiper-slide event-card\"\n                                                data-id=\"10086\"\n                                                data-name=\"Orange Warsaw Festival 2026\"\n                                                data-brand=\"Alter Art\"\n                                                data-category=\"muzyka\"\n                                                data-subcategory=\"festiwale\"\n                                                data-city=\"Warszawa\"\n                                                data-venue=\"Tor Wy\u015bcig\u00f3w Konnych Warszawa - S\u0142u\u017cewiec\">\n                                                \n<div class=\"card-event  card-event--size-small\">\n        <a href=\"https:\/\/www.ebilet.pl\/muzyka\/festiwale\/orange-warsaw-festival\" target=\"_blank\" class=\"card-event__link\" rel=\"nofollow noopener\"><\/a>\n        <div class=\"card-event__wrapper\">\n        <div class=\"card-event__image\">\n            <img decoding=\"async\" src=\"https:\/\/www.ebilet.pl\/media\/cms\/media\/bxnh21tr\/owf_2026_ebilet_552x736-94c1b52f-1e91-4861-ba57-03b21dcd6346.webp\" alt=\"\">\n        <\/div>\n        <div class=\"card-event__data\">\n            <div class=\"card-event__name\">\n                <p>Orange Warsaw Festival 2026<\/p>\n            <\/div>\n            <div class=\"card-event__date\">29.05.2026-29.05.2026<\/div>\n            <div class=\"card-event__location\">Warszawa<\/div>\n        <\/div>\n    <\/div>\n<\/div>                                            <\/div>\n                                        \n                                            <div class=\"events-slider-block__sliderItem swiper-slide event-card\"\n                                                data-id=\"13630\"\n                                                data-name=\"M\u0119skie Granie 2026\"\n                                                data-brand=\"LIVE Sp. z o.o.\"\n                                                data-category=\"muzyka\"\n                                                data-subcategory=\"festiwale\"\n                                                data-city=\"Gda\u0144sk, Krak\u00f3w, Pozna\u0144 i inne\"\n                                                data-venue=\"\u017bywiec Amfiteatr pod Grojcem\">\n                                                \n<div class=\"card-event  card-event--size-small\">\n        <a href=\"https:\/\/www.ebilet.pl\/muzyka\/festiwale\/meskie-granie\" target=\"_blank\" class=\"card-event__link\" rel=\"nofollow noopener\"><\/a>\n        <div class=\"card-event__wrapper\">\n        <div class=\"card-event__image\">\n            <img decoding=\"async\" src=\"https:\/\/www.ebilet.pl\/media\/cms\/media\/otqfs0tb\/552x736-11-18222119-c0b1-48d3-9da6-2d9f34d401ee.webp\" alt=\"\">\n        <\/div>\n        <div class=\"card-event__data\">\n            <div class=\"card-event__name\">\n                <p>M\u0119skie Granie 2026<\/p>\n            <\/div>\n            <div class=\"card-event__date\">26.06.2026-26.06.2026<\/div>\n            <div class=\"card-event__location\">Gda\u0144sk, Krak\u00f3w, Pozna\u0144 i inne<\/div>\n        <\/div>\n    <\/div>\n<\/div>                                            <\/div>\n                                        \n                                            <div class=\"events-slider-block__sliderItem swiper-slide event-card\"\n                                                data-id=\"147392\"\n                                                data-name=\"Juwenalia 2026\"\n                                                data-brand=\"eBilet\"\n                                                data-category=\"biznes\"\n                                                data-subcategory=\"pozostale\"\n                                                data-city=\"\"\n                                                data-venue=\"\">\n                                                \n<div class=\"card-event  card-event--size-small\">\n        <a href=\"https:\/\/www.ebilet.pl\/biznes\/pozostale\/juwenalia\" target=\"_blank\" class=\"card-event__link\" rel=\"nofollow noopener\"><\/a>\n        <div class=\"card-event__wrapper\">\n        <div class=\"card-event__image\">\n            <img decoding=\"async\" src=\"https:\/\/www.ebilet.pl\/media\/cms\/media\/3qgk420o\/552x736_cta-4.webp\" alt=\"\">\n        <\/div>\n        <div class=\"card-event__data\">\n            <div class=\"card-event__name\">\n                <p>Juwenalia 2026<\/p>\n            <\/div>\n            <div class=\"card-event__date\"><\/div>\n            <div class=\"card-event__location\"><\/div>\n        <\/div>\n    <\/div>\n<\/div>                                            <\/div>\n                                        \n                                            <div class=\"events-slider-block__sliderItem swiper-slide event-card\"\n                                                data-id=\"7104\"\n                                                data-name=\"Open&#039;er Festival 2026\"\n                                                data-brand=\"Alter Art\"\n                                                data-category=\"muzyka\"\n                                                data-subcategory=\"festiwale\"\n                                                data-city=\"Gdynia\"\n                                                data-venue=\"Lotnisko Gdynia - Kosakowo\">\n                                                \n<div class=\"card-event  card-event--size-small\">\n        <a href=\"https:\/\/www.ebilet.pl\/muzyka\/festiwale\/opener-festival\" target=\"_blank\" class=\"card-event__link\" rel=\"nofollow noopener\"><\/a>\n        <div class=\"card-event__wrapper\">\n        <div class=\"card-event__image\">\n            <img decoding=\"async\" src=\"https:\/\/www.ebilet.pl\/media\/cms\/media\/qvef4ie4\/opener2026_552x736-e8fd0918-0d0e-47d3-bbe0-f4f0302085e4.webp\" alt=\"\">\n        <\/div>\n        <div class=\"card-event__data\">\n            <div class=\"card-event__name\">\n                <p>Open&#8217;er Festival 2026<\/p>\n            <\/div>\n            <div class=\"card-event__date\">29.05.2026-29.05.2026<\/div>\n            <div class=\"card-event__location\">Gdynia<\/div>\n        <\/div>\n    <\/div>\n<\/div>                                            <\/div>\n                                        \n                                            <div class=\"events-slider-block__sliderItem swiper-slide event-card\"\n                                                data-id=\"205645\"\n                                                data-name=\"Bezpieczna odsprzeda\u017c w apce eBilet\"\n                                                data-brand=\"eBilet\"\n                                                data-category=\"biznes\"\n                                                data-subcategory=\"pozostale\"\n                                                data-city=\"\"\n                                                data-venue=\"\">\n                                                \n<div class=\"card-event  card-event--size-small\">\n        <a href=\"https:\/\/www.ebilet.pl\/biznes\/pozostale\/odsprzedaz\" target=\"_blank\" class=\"card-event__link\" rel=\"nofollow noopener\"><\/a>\n        <div class=\"card-event__wrapper\">\n        <div class=\"card-event__image\">\n            <img decoding=\"async\" src=\"https:\/\/www.ebilet.pl\/media\/cms\/media\/lkwf0krx\/552x736-1.webp\" alt=\"\">\n        <\/div>\n        <div class=\"card-event__data\">\n            <div class=\"card-event__name\">\n                <p>Bezpieczna odsprzeda\u017c w apce eBilet<\/p>\n            <\/div>\n            <div class=\"card-event__date\"><\/div>\n            <div class=\"card-event__location\"><\/div>\n        <\/div>\n    <\/div>\n<\/div>                                            <\/div>\n                                        \n                                            <div class=\"events-slider-block__sliderItem swiper-slide event-card\"\n                                                data-id=\"6089\"\n                                                data-name=\"Dawid Podsiad\u0142o OBROTOWY TOUR 2026\"\n                                                data-brand=\"MUZK Sp. z o.o.\"\n                                                data-category=\"muzyka\"\n                                                data-subcategory=\"pop\"\n                                                data-city=\"Chorz\u00f3w, Gda\u0144sk, Pozna\u0144 i inne\"\n                                                data-venue=\"Superauto.pl Stadion \u015al\u0105ski\">\n                                                \n<div class=\"card-event  card-event--size-small\">\n        <a href=\"https:\/\/www.ebilet.pl\/muzyka\/pop\/dawid-podsiadlo\" target=\"_blank\" class=\"card-event__link\" rel=\"nofollow noopener\"><\/a>\n        <div class=\"card-event__wrapper\">\n        <div class=\"card-event__image\">\n            <img decoding=\"async\" src=\"https:\/\/www.ebilet.pl\/media\/cms\/media\/ed0nj55n\/portal-552x736-belka-3af99133-8930-431d-8060-eb4825ec5b91.webp\" alt=\"\">\n        <\/div>\n        <div class=\"card-event__data\">\n            <div class=\"card-event__name\">\n                <p>Dawid Podsiad\u0142o OBROTOWY TOUR 2026<\/p>\n            <\/div>\n            <div class=\"card-event__date\">06.06.2026-06.06.2026<\/div>\n            <div class=\"card-event__location\">Chorz\u00f3w, Gda\u0144sk, Pozna\u0144 i inne<\/div>\n        <\/div>\n    <\/div>\n<\/div>                                            <\/div>\n                                        \n                                            <div class=\"events-slider-block__sliderItem swiper-slide event-card\"\n                                                data-id=\"5930\"\n                                                data-name=\"Audioriver Festival 2026\"\n                                                data-brand=\"Audioriver Sp. z o.o.\"\n                                                data-category=\"muzyka\"\n                                                data-subcategory=\"festiwale\"\n                                                data-city=\"\u0141\u00f3d\u017a\"\n                                                data-venue=\"B\u0142onia \u0141\u00f3dzkie\">\n                                                \n<div class=\"card-event  card-event--size-small\">\n        <a href=\"https:\/\/www.ebilet.pl\/muzyka\/festiwale\/audioriver\" target=\"_blank\" class=\"card-event__link\" rel=\"nofollow noopener\"><\/a>\n        <div class=\"card-event__wrapper\">\n        <div class=\"card-event__image\">\n            <img decoding=\"async\" src=\"https:\/\/www.ebilet.pl\/media\/cms\/media\/fsjnvsmw\/pion-648b325e-df8b-4c87-854a-fbb7049f8cd7.webp\" alt=\"\">\n        <\/div>\n        <div class=\"card-event__data\">\n            <div class=\"card-event__name\">\n                <p>Audioriver Festival 2026<\/p>\n            <\/div>\n            <div class=\"card-event__date\">10.07.2026-10.07.2026<\/div>\n            <div class=\"card-event__location\">\u0141\u00f3d\u017a<\/div>\n        <\/div>\n    <\/div>\n<\/div>                                            <\/div>\n                                        \n                                            <div class=\"events-slider-block__sliderItem swiper-slide event-card\"\n                                                data-id=\"100321\"\n                                                data-name=\"2026 THE ROSE TOUR [ROSETOPIA]\"\n                                                data-brand=\"Alter Art\"\n                                                data-category=\"muzyka\"\n                                                data-subcategory=\"pop\"\n                                                data-city=\"Warszawa\"\n                                                data-venue=\"Hala COS Torwar \">\n                                                \n<div class=\"card-event  card-event--size-small\">\n        <a href=\"https:\/\/www.ebilet.pl\/muzyka\/pop\/the-rose\" target=\"_blank\" class=\"card-event__link\" rel=\"nofollow noopener\"><\/a>\n        <div class=\"card-event__wrapper\">\n        <div class=\"card-event__image\">\n            <img decoding=\"async\" src=\"https:\/\/www.ebilet.pl\/media\/cms\/media\/5nffqupy\/the_rose_ebilet_552x736.webp\" alt=\"\">\n        <\/div>\n        <div class=\"card-event__data\">\n            <div class=\"card-event__name\">\n                <p>2026 THE ROSE TOUR [ROSETOPIA]<\/p>\n            <\/div>\n            <div class=\"card-event__date\">24.06.2026-24.06.2026<\/div>\n            <div class=\"card-event__location\">Warszawa<\/div>\n        <\/div>\n    <\/div>\n<\/div>                                            <\/div>\n                                        \n                                            <div class=\"events-slider-block__sliderItem swiper-slide event-card\"\n                                                data-id=\"77334\"\n                                                data-name=\"OneRepublic\"\n                                                data-brand=\"Live Nation\"\n                                                data-category=\"muzyka\"\n                                                data-subcategory=\"pop\"\n                                                data-city=\"Krak\u00f3w\"\n                                                data-venue=\"TAURON Arena Krak\u00f3w\">\n                                                \n<div class=\"card-event  card-event--size-small\">\n        <a href=\"https:\/\/www.ebilet.pl\/muzyka\/pop\/onerepublic\" target=\"_blank\" class=\"card-event__link\" rel=\"nofollow noopener\"><\/a>\n        <div class=\"card-event__wrapper\">\n        <div class=\"card-event__image\">\n            <img decoding=\"async\" src=\"https:\/\/www.ebilet.pl\/media\/cms\/media\/lpojz0b2\/or_552x736-d7c2e53e-d6f0-453c-b540-3c006a0c9314.webp\" alt=\"\">\n        <\/div>\n        <div class=\"card-event__data\">\n            <div class=\"card-event__name\">\n                <p>OneRepublic<\/p>\n            <\/div>\n            <div class=\"card-event__date\">30.06.2026-30.06.2026<\/div>\n            <div class=\"card-event__location\">Krak\u00f3w<\/div>\n        <\/div>\n    <\/div>\n<\/div>                                            <\/div>\n                                        \n                                            <div class=\"events-slider-block__sliderItem swiper-slide event-card\"\n                                                data-id=\"179828\"\n                                                data-name=\"XTB KSW 119\"\n                                                data-brand=\"Federacja KSW\"\n                                                data-category=\"sport\"\n                                                data-subcategory=\"sporty-walki\"\n                                                data-city=\"Radom\"\n                                                data-venue=\"Radomskie Centrum Sportu\">\n                                                \n<div class=\"card-event  card-event--size-small\">\n        <a href=\"https:\/\/www.ebilet.pl\/sport\/sporty-walki\/gala-ksw\" target=\"_blank\" class=\"card-event__link\" rel=\"nofollow noopener\"><\/a>\n        <div class=\"card-event__wrapper\">\n        <div class=\"card-event__image\">\n            <img decoding=\"async\" src=\"https:\/\/www.ebilet.pl\/media\/cms\/media\/hxkpcc3z\/ksw119_552x736-kopia-cd3dc132-b7af-417f-9575-966793c590a0.webp\" alt=\"\">\n        <\/div>\n        <div class=\"card-event__data\">\n            <div class=\"card-event__name\">\n                <p>XTB KSW 119<\/p>\n            <\/div>\n            <div class=\"card-event__date\">20.06.2026-20.06.2026<\/div>\n            <div class=\"card-event__location\">Radom<\/div>\n        <\/div>\n    <\/div>\n<\/div>                                            <\/div>\n                                        \n                                            <div class=\"events-slider-block__sliderItem swiper-slide event-card\"\n                                                data-id=\"204481\"\n                                                data-name=\"Pucio Na Wsi - spektakl\"\n                                                data-brand=\"Endorfina Events\"\n                                                data-category=\"rodzina\"\n                                                data-subcategory=\"spektakle-dla-dzieci\"\n                                                data-city=\"Bydgoszcz, Chorz\u00f3w, Katowice i inne\"\n                                                data-venue=\"Centrum Kultury i Sportu w Pruszkowie\">\n                                                \n<div class=\"card-event  card-event--size-small\">\n        <a href=\"https:\/\/www.ebilet.pl\/rodzina\/spektakle-dla-dzieci\/pucio-na-wsi\" target=\"_blank\" class=\"card-event__link\" rel=\"nofollow noopener\"><\/a>\n        <div class=\"card-event__wrapper\">\n        <div class=\"card-event__image\">\n            <img decoding=\"async\" src=\"https:\/\/www.ebilet.pl\/media\/cms\/media\/okfl2hfr\/552x736-14695659-a6f1-41b9-8af1-de15f37caa79.webp\" alt=\"\">\n        <\/div>\n        <div class=\"card-event__data\">\n            <div class=\"card-event__name\">\n                <p>Pucio Na Wsi &#8211; spektakl<\/p>\n            <\/div>\n            <div class=\"card-event__date\">03.10.2026-03.10.2026<\/div>\n            <div class=\"card-event__location\">Bydgoszcz, Chorz\u00f3w, Katowice i inne<\/div>\n        <\/div>\n    <\/div>\n<\/div>                                            <\/div>\n                                        \n                                            <div class=\"events-slider-block__sliderItem swiper-slide event-card\"\n                                                data-id=\"203961\"\n                                                data-name=\"Circoloco Warsaw\"\n                                                data-brand=\"Awake Events Sp. z o.o.\"\n                                                data-category=\"muzyka\"\n                                                data-subcategory=\"festiwale\"\n                                                data-city=\"Warszawa\"\n                                                data-venue=\"Pa\u0142ac w Wilanowie\">\n                                                \n<div class=\"card-event  card-event--size-small\">\n        <a href=\"https:\/\/www.ebilet.pl\/muzyka\/festiwale\/circoloco-warsaw\" target=\"_blank\" class=\"card-event__link\" rel=\"nofollow noopener\"><\/a>\n        <div class=\"card-event__wrapper\">\n        <div class=\"card-event__image\">\n            <img decoding=\"async\" src=\"https:\/\/www.ebilet.pl\/media\/cms\/media\/moylgab4\/strona-wydarzenia-pion-a2233c6c-8b45-46d1-88c7-c2b6d8631f7f.webp\" alt=\"\">\n        <\/div>\n        <div class=\"card-event__data\">\n            <div class=\"card-event__name\">\n                <p>Circoloco Warsaw<\/p>\n            <\/div>\n            <div class=\"card-event__date\">09.05.2026-09.05.2026<\/div>\n            <div class=\"card-event__location\">Warszawa<\/div>\n        <\/div>\n    <\/div>\n<\/div>                                            <\/div>\n                                        \n                                            <div class=\"events-slider-block__sliderItem swiper-slide event-card\"\n                                                data-id=\"204457\"\n                                                data-name=\"Arcane Epic Symphony\"\n                                                data-brand=\"Stowarzyszenie Klub Fantastyki \u201eDruga Era\u201d\"\n                                                data-category=\"klasyka\"\n                                                data-subcategory=\"muzyka-filmowa\"\n                                                data-city=\"Pozna\u0144\"\n                                                data-venue=\"MTP - Mi\u0119dzynarodowe Targi Pozna\u0144skie\">\n                                                \n<div class=\"card-event  card-event--size-small\">\n        <a href=\"https:\/\/www.ebilet.pl\/klasyka\/muzyka-filmowa\/arcane-epic-symphony\" target=\"_blank\" class=\"card-event__link\" rel=\"nofollow noopener\"><\/a>\n        <div class=\"card-event__wrapper\">\n        <div class=\"card-event__image\">\n            <img decoding=\"async\" src=\"https:\/\/www.ebilet.pl\/media\/cms\/media\/soxe2fiy\/p2026_arcane_552x736_1-1-dbdc60e7-ee87-42b6-9944-2c2990e9cc79.webp\" alt=\"\">\n        <\/div>\n        <div class=\"card-event__data\">\n            <div class=\"card-event__name\">\n                <p>Arcane Epic Symphony<\/p>\n            <\/div>\n            <div class=\"card-event__date\">21.06.2026-21.06.2026<\/div>\n            <div class=\"card-event__location\">Pozna\u0144<\/div>\n        <\/div>\n    <\/div>\n<\/div>                                            <\/div>\n                                        \n                                            <div class=\"events-slider-block__sliderItem swiper-slide event-card\"\n                                                data-id=\"204995\"\n                                                data-name=\"Igor Herbut: \u017beremie Tour 2026\"\n                                                data-brand=\"LADIDADI SP. Z O.O.\"\n                                                data-category=\"muzyka\"\n                                                data-subcategory=\"pop\"\n                                                data-city=\"Bielsko-Bia\u0142a, Gda\u0144sk, Katowice i inne\"\n                                                data-venue=\"Narodowa Orkiestra Symfoniczna Polskiego Radia - NOSPR\">\n                                                \n<div class=\"card-event  card-event--size-small\">\n        <a href=\"https:\/\/www.ebilet.pl\/muzyka\/pop\/igor-herbut-zeremie\" target=\"_blank\" class=\"card-event__link\" rel=\"nofollow noopener\"><\/a>\n        <div class=\"card-event__wrapper\">\n        <div class=\"card-event__image\">\n            <img decoding=\"async\" src=\"https:\/\/www.ebilet.pl\/media\/cms\/media\/y4gbok1v\/ebilet_552px.webp\" alt=\"\">\n        <\/div>\n        <div class=\"card-event__data\">\n            <div class=\"card-event__name\">\n                <p>Igor Herbut: \u017beremie Tour 2026<\/p>\n            <\/div>\n            <div class=\"card-event__date\">12.10.2026-12.10.2026<\/div>\n            <div class=\"card-event__location\">Bielsko-Bia\u0142a, Gda\u0144sk, Katowice i inne<\/div>\n        <\/div>\n    <\/div>\n<\/div>                                            <\/div>\n                                        \n                                            <div class=\"events-slider-block__sliderItem swiper-slide event-card\"\n                                                data-id=\"204533\"\n                                                data-name=\"Wiktor Walig\u00f3ra &quot;Kr\u00f3tka trasa o mi\u0142o\u015bci&quot; 2026\"\n                                                data-brand=\"Papulos Karol Papa\u0142a\"\n                                                data-category=\"muzyka\"\n                                                data-subcategory=\"pop\"\n                                                data-city=\"Gda\u0144sk, Katowice, Pozna\u0144 i inne\"\n                                                data-venue=\"Terminal Kultury Goc\u0142aw\">\n                                                \n<div class=\"card-event  card-event--size-small\">\n        <a href=\"https:\/\/www.ebilet.pl\/muzyka\/pop\/wiktor-waligora\" target=\"_blank\" class=\"card-event__link\" rel=\"nofollow noopener\"><\/a>\n        <div class=\"card-event__wrapper\">\n        <div class=\"card-event__image\">\n            <img decoding=\"async\" src=\"https:\/\/www.ebilet.pl\/media\/cms\/media\/34smsqbc\/wiktorwaligora_552x736-e29b4205-212f-42ba-82b8-4bffd31ac6e4.webp\" alt=\"\">\n        <\/div>\n        <div class=\"card-event__data\">\n            <div class=\"card-event__name\">\n                <p>Wiktor Walig\u00f3ra &#8220;Kr\u00f3tka trasa o mi\u0142o\u015bci&#8221; 2026<\/p>\n            <\/div>\n            <div class=\"card-event__date\">02.10.2026-02.10.2026<\/div>\n            <div class=\"card-event__location\">Gda\u0144sk, Katowice, Pozna\u0144 i inne<\/div>\n        <\/div>\n    <\/div>\n<\/div>                                            <\/div>\n                                        \n                                            <div class=\"events-slider-block__sliderItem swiper-slide event-card\"\n                                                data-id=\"121727\"\n                                                data-name=\"Rzeszowskie Juwenalia 2026\"\n                                                data-brand=\"BREND GROUP SP\u00d3\u0141KA Z OGRANICZON\u0104 ODPOWIEDZIALNO\u015aCI\u0104\"\n                                                data-category=\"muzyka\"\n                                                data-subcategory=\"festiwale\"\n                                                data-city=\"Rzesz\u00f3w\"\n                                                data-venue=\"\">\n                                                \n<div class=\"card-event  card-event--size-small\">\n        <a href=\"https:\/\/www.ebilet.pl\/muzyka\/festiwale\/rzeszowskie-juwenalia\" target=\"_blank\" class=\"card-event__link\" rel=\"nofollow noopener\"><\/a>\n        <div class=\"card-event__wrapper\">\n        <div class=\"card-event__image\">\n            <img decoding=\"async\" src=\"https:\/\/www.ebilet.pl\/media\/cms\/media\/mmxfjquy\/rzj_ebilet-ok_adka-pion-c1e9f827-0b41-4d73-81c6-5531b20e6005.webp\" alt=\"\">\n        <\/div>\n        <div class=\"card-event__data\">\n            <div class=\"card-event__name\">\n                <p>Rzeszowskie Juwenalia 2026<\/p>\n            <\/div>\n            <div class=\"card-event__date\"><\/div>\n            <div class=\"card-event__location\">Rzesz\u00f3w<\/div>\n        <\/div>\n    <\/div>\n<\/div>                                            <\/div>\n                                        \n                                            <div class=\"events-slider-block__sliderItem swiper-slide event-card\"\n                                                data-id=\"16543\"\n                                                data-name=\"Rozta\u0144czony PGE Narodowy 2026\"\n                                                data-brand=\"KRYSIAK POLSKA CORPORATION Sp. z o.o.\"\n                                                data-category=\"muzyka\"\n                                                data-subcategory=\"festiwale\"\n                                                data-city=\"Warszawa\"\n                                                data-venue=\"PGE Narodowy im. Kazimierza G\u00f3rskiego\">\n                                                \n<div class=\"card-event  card-event--size-small\">\n        <a href=\"https:\/\/www.ebilet.pl\/muzyka\/festiwale\/roztanczony-narodowy\" target=\"_blank\" class=\"card-event__link\" rel=\"nofollow noopener\"><\/a>\n        <div class=\"card-event__wrapper\">\n        <div class=\"card-event__image\">\n            <img decoding=\"async\" src=\"https:\/\/www.ebilet.pl\/media\/cms\/media\/vzjkxgps\/portal_basic.webp\" alt=\"\">\n        <\/div>\n        <div class=\"card-event__data\">\n            <div class=\"card-event__name\">\n                <p>Rozta\u0144czony PGE Narodowy 2026<\/p>\n            <\/div>\n            <div class=\"card-event__date\">10.10.2026-10.10.2026<\/div>\n            <div class=\"card-event__location\">Warszawa<\/div>\n        <\/div>\n    <\/div>\n<\/div>                                            <\/div>\n                                        \n                                            <div class=\"events-slider-block__sliderItem swiper-slide event-card\"\n                                                data-id=\"10672\"\n                                                data-name=\"Red Bull Drift Masters, Grand Finale 2026, Poland\"\n                                                data-brand=\"Drift Masters Grand Prix Sp. z o.o.\"\n                                                data-category=\"sport\"\n                                                data-subcategory=\"sporty-motorowe\"\n                                                data-city=\"Warszawa\"\n                                                data-venue=\"PGE Narodowy im. Kazimierza G\u00f3rskiego\">\n                                                \n<div class=\"card-event  card-event--size-small\">\n        <a href=\"https:\/\/www.ebilet.pl\/sport\/sporty-motorowe\/drift-masters\" target=\"_blank\" class=\"card-event__link\" rel=\"nofollow noopener\"><\/a>\n        <div class=\"card-event__wrapper\">\n        <div class=\"card-event__image\">\n            <img decoding=\"async\" src=\"https:\/\/www.ebilet.pl\/media\/cms\/media\/sz3ojwmd\/552x736-do-60kb-55f8db12-cfee-4159-a30d-647373ffe546.webp\" alt=\"\">\n        <\/div>\n        <div class=\"card-event__data\">\n            <div class=\"card-event__name\">\n                <p>Red Bull Drift Masters, Grand Finale 2026, Poland<\/p>\n            <\/div>\n            <div class=\"card-event__date\">11.09.2026-11.09.2026<\/div>\n            <div class=\"card-event__location\">Warszawa<\/div>\n        <\/div>\n    <\/div>\n<\/div>                                            <\/div>\n                                        \n                                            <div class=\"events-slider-block__sliderItem swiper-slide event-card\"\n                                                data-id=\"94598\"\n                                                data-name=\"FAME 31\"\n                                                data-brand=\"Fame MMA\"\n                                                data-category=\"sport\"\n                                                data-subcategory=\"sporty-walki\"\n                                                data-city=\"Koszalin\"\n                                                data-venue=\"Hala Widowiskowo-Sportowa w Koszalinie\">\n                                                \n<div class=\"card-event  card-event--size-small\">\n        <a href=\"https:\/\/www.ebilet.pl\/sport\/sporty-walki\/fame-mma\" target=\"_blank\" class=\"card-event__link\" rel=\"nofollow noopener\"><\/a>\n        <div class=\"card-event__wrapper\">\n        <div class=\"card-event__image\">\n            <img decoding=\"async\" src=\"https:\/\/www.ebilet.pl\/media\/cms\/media\/24lbxjty\/fame31-cover-ebilet-552x736.webp\" alt=\"\">\n        <\/div>\n        <div class=\"card-event__data\">\n            <div class=\"card-event__name\">\n                <p>FAME 31<\/p>\n            <\/div>\n            <div class=\"card-event__date\">09.05.2026-09.05.2026<\/div>\n            <div class=\"card-event__location\">Koszalin<\/div>\n        <\/div>\n    <\/div>\n<\/div>                                            <\/div>\n                                        \n                                            <div class=\"events-slider-block__sliderItem swiper-slide event-card\"\n                                                data-id=\"68286\"\n                                                data-name=\"JWP\/BC Krew Tour\"\n                                                data-brand=\"Revolume Sp. z o.o.\"\n                                                data-category=\"muzyka\"\n                                                data-subcategory=\"hip-hop-rap\"\n                                                data-city=\"Gda\u0144sk, Katowice, Krak\u00f3w i inne\"\n                                                data-venue=\"Klub 2progi\">\n                                                \n<div class=\"card-event  card-event--size-small\">\n        <a href=\"https:\/\/www.ebilet.pl\/muzyka\/hip-hop-rap\/jwpbc\" target=\"_blank\" class=\"card-event__link\" rel=\"nofollow noopener\"><\/a>\n        <div class=\"card-event__wrapper\">\n        <div class=\"card-event__image\">\n            <img decoding=\"async\" src=\"https:\/\/www.ebilet.pl\/media\/cms\/media\/x5tlkghw\/jwp_tour552x736px-1-8c94fd70-b66d-4e1c-96b0-55f9c2805dd4.webp\" alt=\"\">\n        <\/div>\n        <div class=\"card-event__data\">\n            <div class=\"card-event__name\">\n                <p>JWP\/BC Krew Tour<\/p>\n            <\/div>\n            <div class=\"card-event__date\">02.10.2026-02.10.2026<\/div>\n            <div class=\"card-event__location\">Gda\u0144sk, Katowice, Krak\u00f3w i inne<\/div>\n        <\/div>\n    <\/div>\n<\/div>                                            <\/div>\n                                                                            <\/div>\n                                <\/div>\n                            <\/div>\n                            <div class=\"events-slider-block__events swiper\" data-events-events-descriptions>\n                                <div class=\"events-slider-block__eventsWrapper swiper-wrapper\">\n                                                                            <div class=\"events-slider-block__eventsItem swiper-slide\">\n                                            <a href=\"https:\/\/www.ebilet.pl\/muzyka\/festiwale\/orange-warsaw-festival\" target=\"_blank\" class=\"events-slider-block__eventsName\">\n                                                <p>Orange Warsaw Festival 2026<\/p>\n                                            <\/a>\n                                            <div class=\"events-slider-block__eventsDate\">29.05.2026-30.05.2026<\/div>\n                                            <div class=\"events-slider-block__eventsLocation\"><\/div>\n                                        <\/div>\n                                                                            <div class=\"events-slider-block__eventsItem swiper-slide\">\n                                            <a href=\"https:\/\/www.ebilet.pl\/muzyka\/festiwale\/meskie-granie\" target=\"_blank\" class=\"events-slider-block__eventsName\">\n                                                <p>M\u0119skie Granie 2026<\/p>\n                                            <\/a>\n                                            <div class=\"events-slider-block__eventsDate\">26.06.2026-22.08.2026<\/div>\n                                            <div class=\"events-slider-block__eventsLocation\"><\/div>\n                                        <\/div>\n                                                                            <div class=\"events-slider-block__eventsItem swiper-slide\">\n                                            <a href=\"https:\/\/www.ebilet.pl\/biznes\/pozostale\/juwenalia\" target=\"_blank\" class=\"events-slider-block__eventsName\">\n                                                <p>Juwenalia 2026<\/p>\n                                            <\/a>\n                                            <div class=\"events-slider-block__eventsDate\">01.01.1970-01.01.1970<\/div>\n                                            <div class=\"events-slider-block__eventsLocation\"><\/div>\n                                        <\/div>\n                                                                            <div class=\"events-slider-block__eventsItem swiper-slide\">\n                                            <a href=\"https:\/\/www.ebilet.pl\/muzyka\/festiwale\/opener-festival\" target=\"_blank\" class=\"events-slider-block__eventsName\">\n                                                <p>Open&#8217;er Festival 2026<\/p>\n                                            <\/a>\n                                            <div class=\"events-slider-block__eventsDate\">29.05.2026-04.07.2026<\/div>\n                                            <div class=\"events-slider-block__eventsLocation\"><\/div>\n                                        <\/div>\n                                                                            <div class=\"events-slider-block__eventsItem swiper-slide\">\n                                            <a href=\"https:\/\/www.ebilet.pl\/biznes\/pozostale\/odsprzedaz\" target=\"_blank\" class=\"events-slider-block__eventsName\">\n                                                <p>Bezpieczna odsprzeda\u017c w apce eBilet<\/p>\n                                            <\/a>\n                                            <div class=\"events-slider-block__eventsDate\">01.01.1970-01.01.1970<\/div>\n                                            <div class=\"events-slider-block__eventsLocation\"><\/div>\n                                        <\/div>\n                                                                            <div class=\"events-slider-block__eventsItem swiper-slide\">\n                                            <a href=\"https:\/\/www.ebilet.pl\/muzyka\/pop\/dawid-podsiadlo\" target=\"_blank\" class=\"events-slider-block__eventsName\">\n                                                <p>Dawid Podsiad\u0142o OBROTOWY TOUR 2026<\/p>\n                                            <\/a>\n                                            <div class=\"events-slider-block__eventsDate\">06.06.2026-28.06.2026<\/div>\n                                            <div class=\"events-slider-block__eventsLocation\"><\/div>\n                                        <\/div>\n                                                                            <div class=\"events-slider-block__eventsItem swiper-slide\">\n                                            <a href=\"https:\/\/www.ebilet.pl\/muzyka\/festiwale\/audioriver\" target=\"_blank\" class=\"events-slider-block__eventsName\">\n                                                <p>Audioriver Festival 2026<\/p>\n                                            <\/a>\n                                            <div class=\"events-slider-block__eventsDate\">10.07.2026-12.07.2026<\/div>\n                                            <div class=\"events-slider-block__eventsLocation\"><\/div>\n                                        <\/div>\n                                                                            <div class=\"events-slider-block__eventsItem swiper-slide\">\n                                            <a href=\"https:\/\/www.ebilet.pl\/muzyka\/pop\/the-rose\" target=\"_blank\" class=\"events-slider-block__eventsName\">\n                                                <p>2026 THE ROSE TOUR [ROSETOPIA]<\/p>\n                                            <\/a>\n                                            <div class=\"events-slider-block__eventsDate\">24.06.2026-24.06.2026<\/div>\n                                            <div class=\"events-slider-block__eventsLocation\"><\/div>\n                                        <\/div>\n                                                                            <div class=\"events-slider-block__eventsItem swiper-slide\">\n                                            <a href=\"https:\/\/www.ebilet.pl\/muzyka\/pop\/onerepublic\" target=\"_blank\" class=\"events-slider-block__eventsName\">\n                                                <p>OneRepublic<\/p>\n                                            <\/a>\n                                            <div class=\"events-slider-block__eventsDate\">30.06.2026-30.06.2026<\/div>\n                                            <div class=\"events-slider-block__eventsLocation\"><\/div>\n                                        <\/div>\n                                                                            <div class=\"events-slider-block__eventsItem swiper-slide\">\n                                            <a href=\"https:\/\/www.ebilet.pl\/sport\/sporty-walki\/gala-ksw\" target=\"_blank\" class=\"events-slider-block__eventsName\">\n                                                <p>XTB KSW 119<\/p>\n                                            <\/a>\n                                            <div class=\"events-slider-block__eventsDate\">20.06.2026-20.06.2026<\/div>\n                                            <div class=\"events-slider-block__eventsLocation\"><\/div>\n                                        <\/div>\n                                                                            <div class=\"events-slider-block__eventsItem swiper-slide\">\n                                            <a href=\"https:\/\/www.ebilet.pl\/rodzina\/spektakle-dla-dzieci\/pucio-na-wsi\" target=\"_blank\" class=\"events-slider-block__eventsName\">\n                                                <p>Pucio Na Wsi &#8211; spektakl<\/p>\n                                            <\/a>\n                                            <div class=\"events-slider-block__eventsDate\">03.10.2026-20.12.2026<\/div>\n                                            <div class=\"events-slider-block__eventsLocation\"><\/div>\n                                        <\/div>\n                                                                            <div class=\"events-slider-block__eventsItem swiper-slide\">\n                                            <a href=\"https:\/\/www.ebilet.pl\/muzyka\/festiwale\/circoloco-warsaw\" target=\"_blank\" class=\"events-slider-block__eventsName\">\n                                                <p>Circoloco Warsaw<\/p>\n                                            <\/a>\n                                            <div class=\"events-slider-block__eventsDate\">09.05.2026-09.05.2026<\/div>\n                                            <div class=\"events-slider-block__eventsLocation\"><\/div>\n                                        <\/div>\n                                                                            <div class=\"events-slider-block__eventsItem swiper-slide\">\n                                            <a href=\"https:\/\/www.ebilet.pl\/klasyka\/muzyka-filmowa\/arcane-epic-symphony\" target=\"_blank\" class=\"events-slider-block__eventsName\">\n                                                <p>Arcane Epic Symphony<\/p>\n                                            <\/a>\n                                            <div class=\"events-slider-block__eventsDate\">21.06.2026-21.06.2026<\/div>\n                                            <div class=\"events-slider-block__eventsLocation\"><\/div>\n                                        <\/div>\n                                                                            <div class=\"events-slider-block__eventsItem swiper-slide\">\n                                            <a href=\"https:\/\/www.ebilet.pl\/muzyka\/pop\/igor-herbut-zeremie\" target=\"_blank\" class=\"events-slider-block__eventsName\">\n                                                <p>Igor Herbut: \u017beremie Tour 2026<\/p>\n                                            <\/a>\n                                            <div class=\"events-slider-block__eventsDate\">12.10.2026-15.12.2026<\/div>\n                                            <div class=\"events-slider-block__eventsLocation\"><\/div>\n                                        <\/div>\n                                                                            <div class=\"events-slider-block__eventsItem swiper-slide\">\n                                            <a href=\"https:\/\/www.ebilet.pl\/muzyka\/pop\/wiktor-waligora\" target=\"_blank\" class=\"events-slider-block__eventsName\">\n                                                <p>Wiktor Walig\u00f3ra &#8220;Kr\u00f3tka trasa o mi\u0142o\u015bci&#8221; 2026<\/p>\n                                            <\/a>\n                                            <div class=\"events-slider-block__eventsDate\">02.10.2026-17.10.2026<\/div>\n                                            <div class=\"events-slider-block__eventsLocation\"><\/div>\n                                        <\/div>\n                                                                            <div class=\"events-slider-block__eventsItem swiper-slide\">\n                                            <a href=\"https:\/\/www.ebilet.pl\/muzyka\/festiwale\/rzeszowskie-juwenalia\" target=\"_blank\" class=\"events-slider-block__eventsName\">\n                                                <p>Rzeszowskie Juwenalia 2026<\/p>\n                                            <\/a>\n                                            <div class=\"events-slider-block__eventsDate\">01.01.1970-01.01.1970<\/div>\n                                            <div class=\"events-slider-block__eventsLocation\"><\/div>\n                                        <\/div>\n                                                                            <div class=\"events-slider-block__eventsItem swiper-slide\">\n                                            <a href=\"https:\/\/www.ebilet.pl\/muzyka\/festiwale\/roztanczony-narodowy\" target=\"_blank\" class=\"events-slider-block__eventsName\">\n                                                <p>Rozta\u0144czony PGE Narodowy 2026<\/p>\n                                            <\/a>\n                                            <div class=\"events-slider-block__eventsDate\">10.10.2026-10.10.2026<\/div>\n                                            <div class=\"events-slider-block__eventsLocation\"><\/div>\n                                        <\/div>\n                                                                            <div class=\"events-slider-block__eventsItem swiper-slide\">\n                                            <a href=\"https:\/\/www.ebilet.pl\/sport\/sporty-motorowe\/drift-masters\" target=\"_blank\" class=\"events-slider-block__eventsName\">\n                                                <p>Red Bull Drift Masters, Grand Finale 2026, Poland<\/p>\n                                            <\/a>\n                                            <div class=\"events-slider-block__eventsDate\">11.09.2026-12.09.2026<\/div>\n                                            <div class=\"events-slider-block__eventsLocation\"><\/div>\n                                        <\/div>\n                                                                            <div class=\"events-slider-block__eventsItem swiper-slide\">\n                                            <a href=\"https:\/\/www.ebilet.pl\/sport\/sporty-walki\/fame-mma\" target=\"_blank\" class=\"events-slider-block__eventsName\">\n                                                <p>FAME 31<\/p>\n                                            <\/a>\n                                            <div class=\"events-slider-block__eventsDate\">09.05.2026-09.05.2026<\/div>\n                                            <div class=\"events-slider-block__eventsLocation\"><\/div>\n                                        <\/div>\n                                                                            <div class=\"events-slider-block__eventsItem swiper-slide\">\n                                            <a href=\"https:\/\/www.ebilet.pl\/muzyka\/hip-hop-rap\/jwpbc\" target=\"_blank\" class=\"events-slider-block__eventsName\">\n                                                <p>JWP\/BC Krew Tour<\/p>\n                                            <\/a>\n                                            <div class=\"events-slider-block__eventsDate\">02.10.2026-24.10.2026<\/div>\n                                            <div class=\"events-slider-block__eventsLocation\"><\/div>\n                                        <\/div>\n                                                                    <\/div>\n                            <\/div>\n                            <div class=\"events-slider-block__pagination\">\n                                <div class=\"swiper-pagination slider-pagination slider-pagination--theme-white\" data-events-slider-pagination><\/div>\n                            <\/div>\n                        <\/div>\n                                        <div class=\"events-slider-block__bottom\">\n                                                                                <div class=\"events-slider-block__link desktop\">\n                                    <a\n                                        class=\"button button--size-small button--theme-primary-yellow button--withIconLeft\"\n                                        href=\"https:\/\/www.ebilet.pl\/\">\n                                                                                    <div class=\"button__icon\"><img loading=\"lazy\" decoding=\"async\" width=\"30\" height=\"30\" src=\"https:\/\/www.ebilet.pl\/now\/app\/uploads\/2024\/01\/ticket-cinema-entertainment-coupon-discount-sale_30px.png\" class=\"attachment-full size-full\" alt=\"\" \/><\/div>\n                                                                                <p class=\"button__text typo-18\">Kup na eBilet.pl<\/p>\n                                    <\/a>\n                                <\/div>\n                                                                                <div class=\"events-slider-block__link mobile\">\n                                    <a\n                                        class=\"button button--size-small button--theme-primary-yellow button--withIconLeft\"\n                                        href=\"https:\/\/www.ebilet.pl\/\">\n                                                                                    <div class=\"button__icon\"><img loading=\"lazy\" decoding=\"async\" width=\"30\" height=\"30\" src=\"https:\/\/www.ebilet.pl\/now\/app\/uploads\/2024\/01\/ticket-cinema-entertainment-coupon-discount-sale_30px.png\" class=\"attachment-full size-full\" alt=\"\" \/><\/div>\n                                                                                <p class=\"button__text typo-18\">Kup na eBilet.pl<\/p>\n                                    <\/a>\n                                <\/div>\n                                            <\/div>\n                <\/div>\n            <\/div>\n        <\/div>\n    <\/div>\n<\/section>","protected":false},"excerpt":{"rendered":"<p>Po gor\u0105co przyj\u0119tym singlu &#8220;Puppet&#8221;, tw\u00f3rcy zdradzaj\u0105 szczeg\u00f3\u0142y \u015bcie\u017cki d\u017awi\u0119kowej do nadchodz\u0105cego filmu &#8220;Peaky Blinders: Nie\u015bmiertelny&#8221;. <\/p>\n","protected":false},"author":16,"featured_media":81351,"comment_status":"open","ping_status":"open","sticky":false,"template":"page-templates\/article-default.php","format":"standard","meta":{"_acf_changed":false,"footnotes":""},"article_tag":[567,51,339],"article_type":[554],"acf":[],"_links":{"self":[{"href":"https:\/\/www.ebilet.pl\/now\/wp-json\/wp\/v2\/posts\/81342"}],"collection":[{"href":"https:\/\/www.ebilet.pl\/now\/wp-json\/wp\/v2\/posts"}],"about":[{"href":"https:\/\/www.ebilet.pl\/now\/wp-json\/wp\/v2\/types\/post"}],"author":[{"embeddable":true,"href":"https:\/\/www.ebilet.pl\/now\/wp-json\/wp\/v2\/users\/16"}],"replies":[{"embeddable":true,"href":"https:\/\/www.ebilet.pl\/now\/wp-json\/wp\/v2\/comments?post=81342"}],"version-history":[{"count":3,"href":"https:\/\/www.ebilet.pl\/now\/wp-json\/wp\/v2\/posts\/81342\/revisions"}],"predecessor-version":[{"id":81376,"href":"https:\/\/www.ebilet.pl\/now\/wp-json\/wp\/v2\/posts\/81342\/revisions\/81376"}],"wp:featuredmedia":[{"embeddable":true,"href":"https:\/\/www.ebilet.pl\/now\/wp-json\/wp\/v2\/media\/81351"}],"wp:attachment":[{"href":"https:\/\/www.ebilet.pl\/now\/wp-json\/wp\/v2\/media?parent=81342"}],"wp:term":[{"taxonomy":"article_tag","embeddable":true,"href":"https:\/\/www.ebilet.pl\/now\/wp-json\/wp\/v2\/article_tag?post=81342"},{"taxonomy":"article_type","embeddable":true,"href":"https:\/\/www.ebilet.pl\/now\/wp-json\/wp\/v2\/article_type?post=81342"}],"curies":[{"name":"wp","href":"https:\/\/api.w.org\/{rel}","templated":true}]}}