{"id":80075,"date":"2026-02-01T14:42:09","date_gmt":"2026-02-01T13:42:09","guid":{"rendered":"https:\/\/www.ebilet.pl\/now\/?p=80075"},"modified":"2026-02-18T14:56:46","modified_gmt":"2026-02-18T13:56:46","slug":"zimowe-igrzyska-olimpijskie-2026-najwazniejsze-informacje","status":"publish","type":"post","link":"https:\/\/www.ebilet.pl\/now\/zimowe-igrzyska-olimpijskie-2026-najwazniejsze-informacje\/","title":{"rendered":"Zimowe Igrzyska Olimpijskie 2026 \u2013 najwa\u017cniejsze informacje"},"content":{"rendered":"\n<section class=\"text-block  section-margin-32\" >\n    <div class=\"container\">\n        <div class=\"row\">\n            <div class=\"col-24\">\n                <div class=\"text-block__content\"><h2><strong>Czym s\u0105 Zimowe Igrzyska Olimpijskie 2026?<\/strong><\/h2>\n<p><b>Zimowe Igrzyska Olimpijskie 2026 to ju\u017c 25. edycja zimowych zmaga\u0144 sportowc\u00f3w z ca\u0142ego \u015bwiata. <\/b><span style=\"font-weight: 400;\">W tym roku w olimpiadzie udzia\u0142 we\u017amie niespe\u0142na <\/span><b>3000 os\u00f3b! <\/b><span style=\"font-weight: 400;\">Do rozdania czeka<\/span><b> 116 medali w r\u00f3\u017cnych konkurencjach.\u00a0<\/b><\/p>\n<p><b>Organizatorem XXV Zimowych Igrzysk Olimpijskich b\u0119d\u0105 W\u0142ochy. <\/b><span style=\"font-weight: 400;\">Stolic\u0105 Igrzysk \u2013 Mediolan oraz Cortina d\u2019Ampezzo. <\/span><b>Ceremonia otwarcia zimowej olimpiady 2026 odb\u0119dzie si\u0119 na stadionie San Siro w Mediolanie 6 lutego 2026 roku.<\/b><span style=\"font-weight: 400;\"> Igrzyska zostan\u0105 <\/span><b>zamkni\u0119te oficjaln\u0105 ceremoni\u0105 w wero\u0144skiej arenie 22 lutego 2026.\u00a0<\/b><\/p>\n<p><b>Oficjalne maskotki igrzysk \u2013 gronostaje Tina i Milo <\/b><span style=\"font-weight: 400;\">\u2013 zosta\u0142y zaprezentowane podczas 2. wieczoru Festiwalu Piosenki W\u0142oskiej w San Remo jeszcze w 2024 roku. Jak m\u00f3wi\u0105 organizatorzy, gronostaje uciele\u015bniaj\u0105 w\u0142oskiego ducha.<\/span><\/p>\n<\/div>\n            <\/div>\n        <\/div>\n    <\/div>\n<\/section>\n\n\n<section class=\"tickets-slider  section-margin-32\"\n    data-tickets-slider\n    data-item-list-name=\"Karuzela z buttonami\"\n    data-item-list-id=\"karuzela_z_buttonami\"\n    >\n    <div class=\"container\">\n        <div class=\"row\">\n            <div class=\"col-24\">\n                <div class=\"tickets-slider__main\">\n                    <div class=\"tickets-slider__nav tickets-slider__nav--prev\">\n                        <div class=\"button button--withIcon button--theme-white-blur button--size-fixed-48\" data-tickets-slider-prev>\n                            <span class=\"button__icon icon icon-chevron-left\"><\/span>\n                        <\/div>\n                    <\/div>\n                    <div class=\"tickets-slider__nav tickets-slider__nav--next\">\n                        <div class=\"button button--withIcon button--theme-white-blur button--size-fixed-48\" data-tickets-slider-next>\n                            <span class=\"button__icon icon icon-chevron-right\"><\/span>\n                        <\/div>\n                    <\/div>\n                    <div class=\"tickets-slider__slider swiper\" data-tickets-slider-slider>\n                        <div class=\"tickets-slider__sliderWrapper swiper-wrapper\">\n                                                            <div class=\"tickets-slider__sliderItem swiper-slide\"\n                                    data-id=\"10672\"\n                                    data-name=\"Red Bull Drift Masters, Grand Finale 2026, Poland\"\n                                    data-brand=\"Drift Masters Grand Prix Sp. z o.o.\"\n                                    data-category=\"sport\"\n                                    data-subcategory=\"sporty-motorowe\"\n                                    data-city=\"Warszawa\"\n                                    data-venue=\"PGE Narodowy im. Kazimierza G\u00f3rskiego\">\n                                    <div class=\"tickets-slider__sliderCard\">\n                                        \n<div class=\"card-ticket\">\n        <div class=\"card-ticket__image\">\n        <a href=\"https:\/\/www.ebilet.pl\/sport\/sporty-motorowe\/drift-masters\">\n            <img decoding=\"async\" src=\"https:\/\/www.ebilet.pl\/media\/cms\/media\/suppcplq\/552x736pl-bf128fce-ab66-4b2d-b457-61d8cd701c82.webp\" alt=\"Plakat wydarzenia\" \/>\n        <\/a>\n    <\/div>\n             \n    <div class=\"card-ticket__link\">\n        <a href=\"https:\/\/www.ebilet.pl\/sport\/sporty-motorowe\/drift-masters\" class=\"button button--theme-primary-yellow button--withIconLeft button--size-small\">\n            <span class=\"button__icon icon icon-ticket\"><\/span>\n            <p class=\"button__text typo-16 f-600\">Kup bilet<\/p>\n        <\/a>\n    <\/div>\n    <\/div>                                    <\/div>\n                                <\/div>\n                                                            <div class=\"tickets-slider__sliderItem swiper-slide\"\n                                    data-id=\"12072\"\n                                    data-name=\"Driftingowe Mistrzostwa Polski 2026 \/\/ New Grounds\"\n                                    data-brand=\"Polska Federacja Driftingu Sp. z o.o.\"\n                                    data-category=\"sport\"\n                                    data-subcategory=\"sporty-motorowe\"\n                                    data-city=\"Prze\u017amierowo\"\n                                    data-venue=\"Tor Pozna\u0144\">\n                                    <div class=\"tickets-slider__sliderCard\">\n                                        \n<div class=\"card-ticket\">\n        <div class=\"card-ticket__image\">\n        <a href=\"https:\/\/www.ebilet.pl\/sport\/sporty-motorowe\/driftingowe-mistrzostwa-polski\">\n            <img decoding=\"async\" src=\"https:\/\/www.ebilet.pl\/media\/cms\/media\/kq4jhmkp\/grafika_ebilet_dmp2026_rnd1_552x736-1-27890185-968e-4328-98ca-8de8452bb4bd.webp\" alt=\"Plakat wydarzenia\" \/>\n        <\/a>\n    <\/div>\n             \n    <div class=\"card-ticket__link\">\n        <a href=\"https:\/\/www.ebilet.pl\/sport\/sporty-motorowe\/driftingowe-mistrzostwa-polski\" class=\"button button--theme-primary-yellow button--withIconLeft button--size-small\">\n            <span class=\"button__icon icon icon-ticket\"><\/span>\n            <p class=\"button__text typo-16 f-600\">Kup bilet<\/p>\n        <\/a>\n    <\/div>\n    <\/div>                                    <\/div>\n                                <\/div>\n                                                            <div class=\"tickets-slider__sliderItem swiper-slide\"\n                                    data-id=\"10871\"\n                                    data-name=\"XTB KSW 121\"\n                                    data-brand=\"Federacja KSW\"\n                                    data-category=\"sport\"\n                                    data-subcategory=\"sporty-walki\"\n                                    data-city=\"Liberec \/ Czechy\"\n                                    data-venue=\"Home Credit Arena\">\n                                    <div class=\"tickets-slider__sliderCard\">\n                                        \n<div class=\"card-ticket\">\n        <div class=\"card-ticket__image\">\n        <a href=\"https:\/\/www.ebilet.pl\/sport\/sporty-walki\/ksw\">\n            <img decoding=\"async\" src=\"https:\/\/www.ebilet.pl\/media\/cms\/media\/zw0hpgyx\/ksw121_552x736-6636a3a1-5dff-4442-8f0c-67cfa129399c.webp\" alt=\"Plakat wydarzenia\" \/>\n        <\/a>\n    <\/div>\n             \n    <div class=\"card-ticket__link\">\n        <a href=\"https:\/\/www.ebilet.pl\/sport\/sporty-walki\/ksw\" class=\"button button--theme-primary-yellow button--withIconLeft button--size-small\">\n            <span class=\"button__icon icon icon-ticket\"><\/span>\n            <p class=\"button__text typo-16 f-600\">Kup bilet<\/p>\n        <\/a>\n    <\/div>\n    <\/div>                                    <\/div>\n                                <\/div>\n                                                            <div class=\"tickets-slider__sliderItem swiper-slide\"\n                                    data-id=\"52655\"\n                                    data-name=\"Mistrzostwa \u015awiata FIM SuperEnduro\"\n                                    data-brand=\"Agencja Sport UP sp. z o.o.\"\n                                    data-category=\"sport\"\n                                    data-subcategory=\"sporty-motorowe\"\n                                    data-city=\"Gliwice\"\n                                    data-venue=\"PreZero Arena Gliwice\">\n                                    <div class=\"tickets-slider__sliderCard\">\n                                        \n<div class=\"card-ticket\">\n        <div class=\"card-ticket__image\">\n        <a href=\"https:\/\/www.ebilet.pl\/sport\/sporty-motorowe\/super-enduro\">\n            <img decoding=\"async\" src=\"https:\/\/www.ebilet.pl\/media\/cms\/media\/g2rj40fw\/552x736-bd783e9b-1995-4b3d-9466-1472d05df366.webp\" alt=\"Plakat wydarzenia\" \/>\n        <\/a>\n    <\/div>\n             \n    <div class=\"card-ticket__link\">\n        <a href=\"https:\/\/www.ebilet.pl\/sport\/sporty-motorowe\/super-enduro\" class=\"button button--theme-primary-yellow button--withIconLeft button--size-small\">\n            <span class=\"button__icon icon icon-ticket\"><\/span>\n            <p class=\"button__text typo-16 f-600\">Kup bilet<\/p>\n        <\/a>\n    <\/div>\n    <\/div>                                    <\/div>\n                                <\/div>\n                                                            <div class=\"tickets-slider__sliderItem swiper-slide\"\n                                    data-id=\"118194\"\n                                    data-name=\"Kwalifikacje do Mistrzostw \u015awiata w koszyk\u00f3wce m\u0119\u017cczyzn 2027: Polska \u2013 Chorwacja\"\n                                    data-brand=\"Polski Zwi\u0105zek Koszyk\u00f3wki\"\n                                    data-category=\"sport\"\n                                    data-subcategory=\"sporty-druzynowe\"\n                                    data-city=\"Gliwice\"\n                                    data-venue=\"PreZero Arena Gliwice\">\n                                    <div class=\"tickets-slider__sliderCard\">\n                                        \n<div class=\"card-ticket\">\n        <div class=\"card-ticket__image\">\n        <a href=\"https:\/\/www.ebilet.pl\/sport\/sporty-druzynowe\/koszykowka-mecz\">\n            <img decoding=\"async\" src=\"https:\/\/www.ebilet.pl\/media\/cms\/media\/hoxono4g\/podstawowe_portal-98225706-f40f-4253-9b63-9f6c375fb13f.webp\" alt=\"Plakat wydarzenia\" \/>\n        <\/a>\n    <\/div>\n             \n    <div class=\"card-ticket__link\">\n        <a href=\"https:\/\/www.ebilet.pl\/sport\/sporty-druzynowe\/koszykowka-mecz\" class=\"button button--theme-primary-yellow button--withIconLeft button--size-small\">\n            <span class=\"button__icon icon icon-ticket\"><\/span>\n            <p class=\"button__text typo-16 f-600\">Kup bilet<\/p>\n        <\/a>\n    <\/div>\n    <\/div>                                    <\/div>\n                                <\/div>\n                                                            <div class=\"tickets-slider__sliderItem swiper-slide\"\n                                    data-id=\"43760\"\n                                    data-name=\"72. ORLEN Memoria\u0142 Janusza Kusoci\u0144skiego \u2013 Superauto.pl Stadion \u015al\u0105ski\"\n                                    data-brand=\"PZLA 100 SP\u00d3\u0141KA Z OGRANICZON\u0104 ODPOWIEDZIALNO\u015aCI\u0104\"\n                                    data-category=\"sport\"\n                                    data-subcategory=\"lekkoatletyka\"\n                                    data-city=\"Chorz\u00f3w\"\n                                    data-venue=\"Superauto.pl Stadion \u015al\u0105ski\">\n                                    <div class=\"tickets-slider__sliderCard\">\n                                        \n<div class=\"card-ticket\">\n        <div class=\"card-ticket__image\">\n        <a href=\"https:\/\/www.ebilet.pl\/sport\/lekkoatletyka\/memorial-kusocinskiego\">\n            <img decoding=\"async\" src=\"https:\/\/www.ebilet.pl\/media\/cms\/media\/1wppkfcq\/ebilet_552-x-736-1-e566bf09-63ba-43d5-af5b-e2a83f8a6377.webp\" alt=\"Plakat wydarzenia\" \/>\n        <\/a>\n    <\/div>\n             \n    <div class=\"card-ticket__link\">\n        <a href=\"https:\/\/www.ebilet.pl\/sport\/lekkoatletyka\/memorial-kusocinskiego\" class=\"button button--theme-primary-yellow button--withIconLeft button--size-small\">\n            <span class=\"button__icon icon icon-ticket\"><\/span>\n            <p class=\"button__text typo-16 f-600\">Kup bilet<\/p>\n        <\/a>\n    <\/div>\n    <\/div>                                    <\/div>\n                                <\/div>\n                                                            <div class=\"tickets-slider__sliderItem swiper-slide\"\n                                    data-id=\"179820\"\n                                    data-name=\"XTB KSW 122\"\n                                    data-brand=\"Federacja KSW\"\n                                    data-category=\"sport\"\n                                    data-subcategory=\"sporty-walki\"\n                                    data-city=\"Rzesz\u00f3w\"\n                                    data-venue=\"Regionalne Centrum Sportowo-Widowiskowe Podpromie\">\n                                    <div class=\"tickets-slider__sliderCard\">\n                                        \n<div class=\"card-ticket\">\n        <div class=\"card-ticket__image\">\n        <a href=\"https:\/\/www.ebilet.pl\/sport\/sporty-walki\/ksw-gala\">\n            <img decoding=\"async\" src=\"https:\/\/www.ebilet.pl\/media\/cms\/media\/cz4hwoy5\/ksw122_552x736-kopia-2bfd4e82-ebbc-475a-901b-7cd82d226339.webp\" alt=\"Plakat wydarzenia\" \/>\n        <\/a>\n    <\/div>\n             \n    <div class=\"card-ticket__link\">\n        <a href=\"https:\/\/www.ebilet.pl\/sport\/sporty-walki\/ksw-gala\" class=\"button button--theme-primary-yellow button--withIconLeft button--size-small\">\n            <span class=\"button__icon icon icon-ticket\"><\/span>\n            <p class=\"button__text typo-16 f-600\">Kup bilet<\/p>\n        <\/a>\n    <\/div>\n    <\/div>                                    <\/div>\n                                <\/div>\n                                                            <div class=\"tickets-slider__sliderItem swiper-slide\"\n                                    data-id=\"118197\"\n                                    data-name=\"Superpuchar Polski 2026 \"\n                                    data-brand=\"Polska Liga Koszyk\u00f3wki S.A.\"\n                                    data-category=\"sport\"\n                                    data-subcategory=\"sporty-druzynowe\"\n                                    data-city=\"Sosnowiec\"\n                                    data-venue=\"ArcelorMittal Park w Sosnowcu\">\n                                    <div class=\"tickets-slider__sliderCard\">\n                                        \n<div class=\"card-ticket\">\n        <div class=\"card-ticket__image\">\n        <a href=\"https:\/\/www.ebilet.pl\/sport\/sporty-druzynowe\/superpuchar-polski-koszykowka\">\n            <img decoding=\"async\" src=\"https:\/\/www.ebilet.pl\/media\/cms\/media\/xjlcmrr3\/552-ebf958d0-81d5-4cb7-b800-7f0d9b5942dc.webp\" alt=\"Plakat wydarzenia\" \/>\n        <\/a>\n    <\/div>\n             \n    <div class=\"card-ticket__link\">\n        <a href=\"https:\/\/www.ebilet.pl\/sport\/sporty-druzynowe\/superpuchar-polski-koszykowka\" class=\"button button--theme-primary-yellow button--withIconLeft button--size-small\">\n            <span class=\"button__icon icon icon-ticket\"><\/span>\n            <p class=\"button__text typo-16 f-600\">Kup bilet<\/p>\n        <\/a>\n    <\/div>\n    <\/div>                                    <\/div>\n                                <\/div>\n                                                            <div class=\"tickets-slider__sliderItem swiper-slide\"\n                                    data-id=\"121181\"\n                                    data-name=\"Speedway Euro Championship - Final 3\"\n                                    data-brand=\"One Sport Sp. z o.o.\"\n                                    data-category=\"sport\"\n                                    data-subcategory=\"sporty-motorowe\"\n                                    data-city=\"Rzesz\u00f3w\"\n                                    data-venue=\"Stadion Miejski Rzesz\u00f3w\">\n                                    <div class=\"tickets-slider__sliderCard\">\n                                        \n<div class=\"card-ticket\">\n        <div class=\"card-ticket__image\">\n        <a href=\"https:\/\/www.ebilet.pl\/sport\/sporty-motorowe\/mistrzostwa-europy-zuzel\">\n            <img decoding=\"async\" src=\"https:\/\/www.ebilet.pl\/media\/cms\/media\/s5eftnof\/sec-rzesz_w-552-736-px.webp\" alt=\"Plakat wydarzenia\" \/>\n        <\/a>\n    <\/div>\n             \n    <div class=\"card-ticket__link\">\n        <a href=\"https:\/\/www.ebilet.pl\/sport\/sporty-motorowe\/mistrzostwa-europy-zuzel\" class=\"button button--theme-primary-yellow button--withIconLeft button--size-small\">\n            <span class=\"button__icon icon icon-ticket\"><\/span>\n            <p class=\"button__text typo-16 f-600\">Kup bilet<\/p>\n        <\/a>\n    <\/div>\n    <\/div>                                    <\/div>\n                                <\/div>\n                                                            <div class=\"tickets-slider__sliderItem swiper-slide\"\n                                    data-id=\"210054\"\n                                    data-name=\"Hot Wheels Stunt Show\"\n                                    data-brand=\"Live Nation\"\n                                    data-category=\"sport\"\n                                    data-subcategory=\"pozostale\"\n                                    data-city=\"\u0141\u00f3d\u017a\"\n                                    data-venue=\"Atlas Arena\">\n                                    <div class=\"tickets-slider__sliderCard\">\n                                        \n<div class=\"card-ticket\">\n        <div class=\"card-ticket__image\">\n        <a href=\"https:\/\/www.ebilet.pl\/sport\/pozostale\/hot-wheels-stunt-show\">\n            <img decoding=\"async\" src=\"https:\/\/www.ebilet.pl\/media\/cms\/media\/angn1utq\/hw_552x736-ed70018f-bfed-4c32-8df3-b947c3a38eff.webp\" alt=\"Plakat wydarzenia\" \/>\n        <\/a>\n    <\/div>\n             \n    <div class=\"card-ticket__link\">\n        <a href=\"https:\/\/www.ebilet.pl\/sport\/pozostale\/hot-wheels-stunt-show\" class=\"button button--theme-primary-yellow button--withIconLeft button--size-small\">\n            <span class=\"button__icon icon icon-ticket\"><\/span>\n            <p class=\"button__text typo-16 f-600\">Kup bilet<\/p>\n        <\/a>\n    <\/div>\n    <\/div>                                    <\/div>\n                                <\/div>\n                                                            <div class=\"tickets-slider__sliderItem swiper-slide\"\n                                    data-id=\"53427\"\n                                    data-name=\"THE HARLEM GLOBETROTTERS\"\n                                    data-brand=\"MOTIONMUSIC\"\n                                    data-category=\"sport\"\n                                    data-subcategory=\"pozostale\"\n                                    data-city=\"Gdynia, Katowice, Krak\u00f3w i inne\"\n                                    data-venue=\"Enea Arena\">\n                                    <div class=\"tickets-slider__sliderCard\">\n                                        \n<div class=\"card-ticket\">\n        <div class=\"card-ticket__image\">\n        <a href=\"https:\/\/www.ebilet.pl\/sport\/pozostale\/harlem-globetrotters\">\n            <img decoding=\"async\" src=\"https:\/\/www.ebilet.pl\/media\/cms\/media\/xexl5jov\/hgtpl26_ebilet_552x736_player.webp\" alt=\"Plakat wydarzenia\" \/>\n        <\/a>\n    <\/div>\n             \n    <div class=\"card-ticket__link\">\n        <a href=\"https:\/\/www.ebilet.pl\/sport\/pozostale\/harlem-globetrotters\" class=\"button button--theme-primary-yellow button--withIconLeft button--size-small\">\n            <span class=\"button__icon icon icon-ticket\"><\/span>\n            <p class=\"button__text typo-16 f-600\">Kup bilet<\/p>\n        <\/a>\n    <\/div>\n    <\/div>                                    <\/div>\n                                <\/div>\n                                                            <div class=\"tickets-slider__sliderItem swiper-slide\"\n                                    data-id=\"187745\"\n                                    data-name=\"ADCC World Championship 2026\"\n                                    data-brand=\"ADCC Sp. z o.o\"\n                                    data-category=\"sport\"\n                                    data-subcategory=\"sporty-walki\"\n                                    data-city=\"Krak\u00f3w\"\n                                    data-venue=\"TAURON Arena Krak\u00f3w\">\n                                    <div class=\"tickets-slider__sliderCard\">\n                                        \n<div class=\"card-ticket\">\n        <div class=\"card-ticket__image\">\n        <a href=\"https:\/\/www.ebilet.pl\/sport\/sporty-walki\/adcc-world-championship\">\n            <img decoding=\"async\" src=\"https:\/\/www.ebilet.pl\/media\/cms\/media\/2okdxyjc\/pb_adcc_2026wc_552x736c.webp\" alt=\"Plakat wydarzenia\" \/>\n        <\/a>\n    <\/div>\n             \n    <div class=\"card-ticket__link\">\n        <a href=\"https:\/\/www.ebilet.pl\/sport\/sporty-walki\/adcc-world-championship\" class=\"button button--theme-primary-yellow button--withIconLeft button--size-small\">\n            <span class=\"button__icon icon icon-ticket\"><\/span>\n            <p class=\"button__text typo-16 f-600\">Kup bilet<\/p>\n        <\/a>\n    <\/div>\n    <\/div>                                    <\/div>\n                                <\/div>\n                                                            <div class=\"tickets-slider__sliderItem swiper-slide\"\n                                    data-id=\"170262\"\n                                    data-name=\"Billie Jean King Cup Play-Offs: Polska - Szwecja\"\n                                    data-brand=\"Polski Zwi\u0105zek Tenisowy\"\n                                    data-category=\"sport\"\n                                    data-subcategory=\"tenis\"\n                                    data-city=\"W\u0142oc\u0142awek\"\n                                    data-venue=\"Hala Mistrz\u00f3w\">\n                                    <div class=\"tickets-slider__sliderCard\">\n                                        \n<div class=\"card-ticket\">\n        <div class=\"card-ticket__image\">\n        <a href=\"https:\/\/www.ebilet.pl\/sport\/tenis\/billie-jean-king-cup\">\n            <img decoding=\"async\" src=\"https:\/\/www.ebilet.pl\/media\/cms\/media\/fogo5qua\/bjk-cup-play-offs-2026_wloclawek_ebilet-552x736_01-49dd0afc-cdad-45e5-8248-315867cd9b64.webp\" alt=\"Plakat wydarzenia\" \/>\n        <\/a>\n    <\/div>\n             \n    <div class=\"card-ticket__link\">\n        <a href=\"https:\/\/www.ebilet.pl\/sport\/tenis\/billie-jean-king-cup\" class=\"button button--theme-primary-yellow button--withIconLeft button--size-small\">\n            <span class=\"button__icon icon icon-ticket\"><\/span>\n            <p class=\"button__text typo-16 f-600\">Kup bilet<\/p>\n        <\/a>\n    <\/div>\n    <\/div>                                    <\/div>\n                                <\/div>\n                                                            <div class=\"tickets-slider__sliderItem swiper-slide\"\n                                    data-id=\"187126\"\n                                    data-name=\"King\u2019s Arena 4 \u201e\u0141\u00f3d\u017a You Fight?\u201d\"\n                                    data-brand=\"KING&#039;S ARENA Sp. z o.o.\"\n                                    data-category=\"sport\"\n                                    data-subcategory=\"sporty-walki\"\n                                    data-city=\"\u0141\u00f3d\u017a\"\n                                    data-venue=\"Sport Arena w \u0141odzi\">\n                                    <div class=\"tickets-slider__sliderCard\">\n                                        \n<div class=\"card-ticket\">\n        <div class=\"card-ticket__image\">\n        <a href=\"https:\/\/www.ebilet.pl\/sport\/sporty-walki\/king-s-arena\">\n            <img decoding=\"async\" src=\"https:\/\/www.ebilet.pl\/media\/cms\/media\/x0xp4lbp\/baner-pionowy-ebilet.webp\" alt=\"Plakat wydarzenia\" \/>\n        <\/a>\n    <\/div>\n             \n    <div class=\"card-ticket__link\">\n        <a href=\"https:\/\/www.ebilet.pl\/sport\/sporty-walki\/king-s-arena\" class=\"button button--theme-primary-yellow button--withIconLeft button--size-small\">\n            <span class=\"button__icon icon icon-ticket\"><\/span>\n            <p class=\"button__text typo-16 f-600\">Kup bilet<\/p>\n        <\/a>\n    <\/div>\n    <\/div>                                    <\/div>\n                                <\/div>\n                                                    <\/div>\n                    <\/div>\n                <\/div>\n            <\/div>\n        <\/div>\n    <\/div>\n<\/section>\n\n\n<section class=\"text-block  section-margin-32\" >\n    <div class=\"container\">\n        <div class=\"row\">\n            <div class=\"col-24\">\n                <div class=\"text-block__content\"><h3><strong>Gdzie odb\u0119d\u0105 si\u0119 Zimowe Igrzyska Olimpijskie 2026?<\/strong><\/h3>\n<p><span style=\"font-weight: 400;\">Zimowe Igrzyska Olimpijskie 2026 odb\u0119d\u0105 si\u0119 <\/span><b>we W\u0142oszech<\/b><span style=\"font-weight: 400;\">. G\u0142\u00f3wnymi gospodarzami XXV zimowej olimpiady s\u0105 <\/span><b>Mediolan oraz Cortina d\u2019Ampezzo<\/b><span style=\"font-weight: 400;\">, jednak sportowa rywalizacja b\u0119dzie rozproszona na wi\u0119kszym obszarze p\u00f3\u0142nocnej cz\u0119\u015bci kraju. Ze wzgl\u0119du na skal\u0119 wydarzenia organizatorzy podzielili teren igrzysk na <\/span><b>cztery klastry olimpijskie: Mediolan, Cortina d\u2019Ampezzo, Valtellina oraz Val di Fiemme.<\/b><\/p>\n<p><b>To jedna z najbardziej \u201crozleg\u0142ych\u201d lokalizacji w historii zimowych igrzysk<\/b><span style=\"font-weight: 400;\"> \u2013 g\u0142\u00f3wne miasta-gospodarzy dzieli ponad 400 kilometr\u00f3w. Ta rozproszona formu\u0142a igrzysk sprawia, \u017ce Zimowe Igrzyska Olimpijskie 2026 b\u0119d\u0105 nie tylko wielkim wydarzeniem sportowym, ale tak\u017ce prezentacj\u0105 r\u00f3\u017cnorodno\u015bci geograficznej i kulturowej p\u00f3\u0142nocnych W\u0142och.<\/span><\/p>\n<h4><strong>Mediolan \u2013 serce igrzysk i ceremonia otwarcia<\/strong><\/h4>\n<p><span style=\"font-weight: 400;\">Mediolan b\u0119dzie symbolicznym centrum Zimowych Igrzysk Olimpijskich 2026. To w\u0142a\u015bnie tutaj, <\/span><b>na legendarnym stadionie San Siro, 6 lutego 2026 roku odb\u0119dzie si\u0119 ceremonia otwarcia igrzysk,<\/b><span style=\"font-weight: 400;\"> podczas kt\u00f3rej zap\u0142onie znicz olimpijski. Miasto, po\u0142o\u017cone na nizinach Lombardii, nie jest typowym o\u015brodkiem sport\u00f3w zimowych, ale pe\u0142ni kluczow\u0105 rol\u0119 organizacyjn\u0105 i medialn\u0105.<\/span><\/p>\n<p><span style=\"font-weight: 400;\">Mediolan to r\u00f3wnie\u017c przyk\u0142ad nowoczesnego podej\u015bcia do igrzysk \u2013 wiele obiekt\u00f3w sportowych i infrastrukturalnych powsta\u0142o z my\u015bl\u0105 o d\u0142ugofalowym wykorzystaniu po zako\u0144czeniu olimpiady.<\/span><\/p>\n<h4><strong>Cortina d\u2019Ampezzo \u2013 alpejska klasyka olimpijska<\/strong><\/h4>\n<p><span style=\"font-weight: 400;\">Cortina d\u2019Ampezzo to jedno z najbardziej znanych alpejskich kurort\u00f3w we W\u0142oszech i miasto o bogatej tradycji sport\u00f3w zimowych. Po\u0142o\u017cona w Dolomitach, na wysoko\u015bci ponad 1200 metr\u00f3w nad poziomem morza,<\/span><b> by\u0142a ju\u017c gospodarzem zimowych igrzysk olimpijskich w 1956 roku.<\/b><\/p>\n<h4><strong>Livigno \u2013 wysokog\u00f3rska baza sport\u00f3w zimowych<\/strong><\/h4>\n<p><span style=\"font-weight: 400;\">Livigno to miejscowo\u015b\u0107 po\u0142o\u017cona w Alpach Retyckich, na wysoko\u015bci oko\u0142o 1800 metr\u00f3w nad poziomem morza. Surowy klimat, d\u0142ugie zimy i stabilne warunki \u015bniegowe sprawiaj\u0105, \u017ce region ten od lat jest wa\u017cnym o\u015brodkiem treningowym dla sportowc\u00f3w.<\/span><\/p>\n<h4><strong>Bormio \u2013 tradycja narciarstwa alpejskiego<\/strong><\/h4>\n<p><span style=\"font-weight: 400;\">Bormio to miejscowo\u015b\u0107 o d\u0142ugiej historii sport\u00f3w zimowych, znana przede wszystkim z wymagaj\u0105cych tras narciarskich. Po\u0142o\u017cona w regionie Valtellina, w Alpach Lombardzkich, od lat go\u015bci zawody Pucharu \u015awiata w narciarstwie alpejskim.<\/span><\/p>\n<h4><strong>Predazzo \u2013 serce Val di Fiemme<\/strong><\/h4>\n<p><span style=\"font-weight: 400;\">Predazzo le\u017cy w dolinie Val di Fiemme, jednym z najwa\u017cniejszych region\u00f3w sport\u00f3w zimowych we W\u0142oszech. Obszar ten s\u0142ynie z tras narciarstwa klasycznego i skoczni narciarskich, a zimowe zawody odbywaj\u0105 si\u0119 tu regularnie od dziesi\u0119cioleci.<\/span><\/p>\n<h4><strong>Rasun Anterselva (Rasen-Antholz) \u2013 kr\u00f3lestwo biathlonu<\/strong><\/h4>\n<p><span style=\"font-weight: 400;\">Anterselva, znana r\u00f3wnie\u017c jako Antholz, to miejscowo\u015b\u0107 po\u0142o\u017cona w Po\u0142udniowym Tyrolu, na wysoko\u015bci oko\u0142o 1600 metr\u00f3w nad poziomem morza. Region ten jest doskonale znany kibicom biathlonu \u2013 regularnie odbywaj\u0105 si\u0119 tu zawody Pucharu \u015awiata.<\/span><\/p>\n<h4><strong>Tesero \u2013 tradycje narciarstwa klasycznego<\/strong><\/h4>\n<p><span style=\"font-weight: 400;\">Tesero to jeden z najwa\u017cniejszych region\u00f3w sport\u00f3w zimowych we W\u0142oszech. Od lat kojarzona jest przede wszystkim z biegami narciarskimi, kt\u00f3re maj\u0105 tu d\u0142ug\u0105 i dobrze udokumentowan\u0105 tradycj\u0119.<\/span><\/p>\n<\/div>\n            <\/div>\n        <\/div>\n    <\/div>\n<\/section>\n\n\n<section  class=\"recommended-article  section-margin-32\">\n    <div class=\"container\">\n        <div class=\"row\">\n            <div class=\"col-24\">\n                                <div class=\"recommended-article__title\">\n                    <p class=\"typo-18\">Przeczytaj te\u017c:<\/p>\n                <\/div>\n                                                <div class=\"recommended-article__card\">\n                    \n<div class=\"card-article  card-article--imgpadding-default card-article--featured\">\n    <div class=\"card-article__wrapper\">\n                <div class=\"card-article__thumbnail\">\n                        <a class=\"card-article__link\" href=\"https:\/\/www.ebilet.pl\/now\/20-lat-od-historycznego-sukcesu-co-dzis-robi-nasz-olimpijczyk-mozecie-byc-zaskoczeni\/\" title=\"20 lat od historycznego sukcesu. Co dzi\u015b robi nasz olimpijczyk? Mo\u017cecie by\u0107 zaskoczeni\"><\/a>\n                        <div class=\"card-article__image\"><img loading=\"lazy\" decoding=\"async\" width=\"1920\" height=\"1080\" src=\"https:\/\/www.ebilet.pl\/now\/app\/uploads\/2026\/02\/t_sikora_desktop.jpg\" class=\"attachment- size-\" alt=\"\" srcset=\"https:\/\/www.ebilet.pl\/now\/app\/uploads\/2026\/02\/t_sikora_desktop.jpg 1920w, https:\/\/www.ebilet.pl\/now\/app\/uploads\/2026\/02\/t_sikora_desktop-1024x576.jpg 1024w, https:\/\/www.ebilet.pl\/now\/app\/uploads\/2026\/02\/t_sikora_desktop-1536x864.jpg 1536w, https:\/\/www.ebilet.pl\/now\/app\/uploads\/2026\/02\/t_sikora_desktop-1280x720.jpg 1280w, https:\/\/www.ebilet.pl\/now\/app\/uploads\/2026\/02\/t_sikora_desktop-500x281.jpg 500w, https:\/\/www.ebilet.pl\/now\/app\/uploads\/2026\/02\/t_sikora_desktop-632x356.jpg 632w, https:\/\/www.ebilet.pl\/now\/app\/uploads\/2026\/02\/t_sikora_desktop-308x174.jpg 308w\" sizes=\"auto, (max-width: 1920px) 100vw, 1920px\" \/><\/div>\n        <\/div>\n                        <div class=\"card-article__content\">\n                        <div class=\"card-article__top\">\n                                <div class=\"card-article__date\">\n                    <span class=\"card-article__dateIcon icon icon-calendar\"><\/span>\n                    <span class=\"typo-12\">03.02.2026<\/span>\n                <\/div>\n                                                <div class=\"card-article__categories\">\n                                        <div class=\"card-article__category\">\n                    \n<a href=\"https:\/\/www.ebilet.pl\/now\/tag\/igrzyska-olimpijskie\/\" class=\"tag tag--fire-opal\" style=\"background-color: #a00404\">\n    <p class=\"tag__name\">Igrzyska Olimpijskie<\/p>\n<\/a>\n                    <\/div>\n                                        <div class=\"card-article__category\">\n                    \n<a href=\"https:\/\/www.ebilet.pl\/now\/tag\/polecane\/\" class=\"tag tag--fire-opal\" style=\"background-color: #a00404\">\n    <p class=\"tag__name\">Polecane<\/p>\n<\/a>\n                    <\/div>\n                                    <\/div>\n                                            <\/div>\n                                    <div class=\"card-article__title under-h4\">\n                                    <a href=\"https:\/\/www.ebilet.pl\/now\/20-lat-od-historycznego-sukcesu-co-dzis-robi-nasz-olimpijczyk-mozecie-byc-zaskoczeni\/\" class=\"split-title typo-h1 f-700\" data-text-split>\n                                                    <span class=\"split-title__word\">20<\/span>\n                                                    <span class=\"split-title__word\">lat<\/span>\n                                                    <span class=\"split-title__word\">od<\/span>\n                                                    <span class=\"split-title__word\">historycznego<\/span>\n                                                    <span class=\"split-title__word\">sukcesu.<\/span>\n                                                    <span class=\"split-title__word\">Co<\/span>\n                                                    <span class=\"split-title__word\">dzi\u015b<\/span>\n                                                    <span class=\"split-title__word\">robi<\/span>\n                                                    <span class=\"split-title__word\">nasz<\/span>\n                                                    <span class=\"split-title__word\">olimpijczyk?<\/span>\n                                                    <span class=\"split-title__word\">Mo\u017cecie<\/span>\n                                                    <span class=\"split-title__word\">by\u0107<\/span>\n                                                    <span class=\"split-title__word\">zaskoczeni<\/span>\n                                            <\/a>\n                            <\/div>\n                                <\/div>\n    <\/div>\n<\/div>                <\/div>\n                            <\/div>\n        <\/div>\n    <\/div>\n<\/section>\n\n\n<section class=\"text-block  section-margin-32\" >\n    <div class=\"container\">\n        <div class=\"row\">\n            <div class=\"col-24\">\n                <div class=\"text-block__content\"><h3><strong>Kiedy odb\u0119d\u0105 si\u0119 Zimowe Igrzyska Olimpijskie 2026?<\/strong><\/h3>\n<p><span style=\"font-weight: 400;\">Zimowe Igrzyska Olimpijskie 2026 odb\u0119d\u0105 si\u0119 w lutym 2026 roku. <\/span><b>Oficjalna ceremonia otwarcia zaplanowana jest na 6 lutego 2026 roku, natomiast igrzyska zako\u0144cz\u0105 si\u0119 22 lutego 2026 roku.<\/b><\/p>\n<p><span style=\"font-weight: 400;\">Warto jednak pami\u0119ta\u0107, \u017ce <\/span><b>pierwsze olimpijskie zmagania rozpoczn\u0105 si\u0119 wcze\u015bniej \u2013 ju\u017c 4 i 5 lutego.<\/b><span style=\"font-weight: 400;\"> Jeszcze przed inauguracj\u0105 rozegrane zostan\u0105 m.in. mecze curlingu, spotkania hokeja na lodzie kobiet oraz kwalifikacje snowboardowego big air.<\/span><\/p>\n<p><b>Najwa\u017cniejsze daty w skr\u00f3cie:<\/b><\/p>\n<ul>\n<li style=\"font-weight: 400;\" aria-level=\"1\"><span style=\"font-weight: 400;\">pocz\u0105tek rywalizacji sportowej: 4 lutego 2026,<\/span><\/li>\n<li style=\"font-weight: 400;\" aria-level=\"1\"><span style=\"font-weight: 400;\">ceremonia otwarcia igrzysk: 6 lutego 2026,<\/span><\/li>\n<li style=\"font-weight: 400;\" aria-level=\"1\"><span style=\"font-weight: 400;\">ceremonia zamkni\u0119cia igrzysk: 22 lutego 2026.<\/span><\/li>\n<\/ul>\n<h3><strong>Jak d\u0142ugo trwaj\u0105 Zimowe Igrzyska Olimpijskie 2026?<\/strong><\/h3>\n<p><span style=\"font-weight: 400;\">Zimowe Igrzyska Olimpijskie 2026 potrwaj\u0105 <\/span><b>19 dni<\/b><span style=\"font-weight: 400;\"> \u2013 od pierwszych zawod\u00f3w 4 lutego do oficjalnego zako\u0144czenia 22 lutego. Przez niemal trzy tygodnie sportowcy z ca\u0142ego \u015bwiata b\u0119d\u0105 rywalizowa\u0107 w kilkunastu dyscyplinach zimowych w r\u00f3\u017cnych regionach p\u00f3\u0142nocnych W\u0142och.<\/span><\/p>\n<\/div>\n            <\/div>\n        <\/div>\n    <\/div>\n<\/section>\n\n\n    <section class=\"events-carousel-block  section-margin-32\"\n        data-events-carousel\n        data-settings='{\"per_view\":5}'\n        data-item-list-name=\"Karuzela niska Polecamy na eBilet.pl\"\n        data-item-list-id=\"karuzela_niska Polecamy na eBilet.pl\"\n        >\n        <div class=\"container\">\n                            <div class=\"row\">\n                    <div class=\"col-24\">\n                        <div class=\"events-carousel-block__title\">\n                            <h2 class=\"typo-h2\">Polecamy na eBilet.pl<\/h2>\n                        <\/div>\n                    <\/div>\n                <\/div>\n                        <div class=\"row\">\n                <div class=\"col-24\">\n                    <div class=\"events-carousel-block__events\">\n                        <div class=\"events-carousel-block__nav events-carousel-block__nav--prev\">\n                            <div class=\"button button--withIcon button--theme-white-blur button--size-fixed-48\" data-events-carousel-prev>\n                                <span class=\"button__icon icon icon-chevron-left\"><\/span>\n                            <\/div>\n                        <\/div>\n                        <div class=\"events-carousel-block__nav events-carousel-block__nav--next\">\n                            <div class=\"button button--withIcon button--theme-white-blur button--size-fixed-48\" data-events-carousel-next>\n                                <span class=\"button__icon icon icon-chevron-right\"><\/span>\n                            <\/div>\n                        <\/div>\n                        <div class=\"events-carousel-block__slider swiper\" data-events-carousel-slider>\n                            <div class=\"events-carousel-block__sliderWrapper swiper-wrapper\">\n                                                                    <div class=\"events-carousel-block__sliderItem swiper-slide\"\n                                        data-id=\"152494\"\n                                        data-name=\"Che\u0142mo\u0144ski. D\u017awi\u0119kiem malowane\"\n                                        data-brand=\"FUNDACJA KONCEPT KULTURA\"\n                                        data-category=\"widowiska\"\n                                        data-subcategory=\"inne\"\n                                        data-city=\"Kielce, Sosnowiec\"\n                                        data-venue=\"Kieleckie Centrum Kultury\">\n                                        \n<div class=\"card-event  card-event--size-small\">\n        <a href=\"https:\/\/www.ebilet.pl\/widowiska\/inne\/chelmonski\" target=\"_blank\" class=\"card-event__link\" rel=\"nofollow noopener\"><\/a>\n        <div class=\"card-event__wrapper\">\n        <div class=\"card-event__image\">\n            <img decoding=\"async\" src=\"https:\/\/www.ebilet.pl\/media\/cms\/media\/spqlldrz\/656-x-369-px-ver-2-71dd7728-325d-4e4b-8ebd-1fe67cc5d587.webp\" alt=\"\">\n        <\/div>\n        <div class=\"card-event__data\">\n            <div class=\"card-event__name\">\n                <p>Che\u0142mo\u0144ski. D\u017awi\u0119kiem malowane<\/p>\n            <\/div>\n            <div class=\"card-event__date\"><\/div>\n            <div class=\"card-event__location\">Kielce, Sosnowiec<\/div>\n        <\/div>\n    <\/div>\n<\/div>                                    <\/div>\n                                                                    <div class=\"events-carousel-block__sliderItem swiper-slide\"\n                                        data-id=\"161461\"\n                                        data-name=\"Boeing Boeing - Teatr Capitol\"\n                                        data-brand=\"Teatr Capitol\"\n                                        data-category=\"teatr\"\n                                        data-subcategory=\"komedia\"\n                                        data-city=\"Gda\u0144sk, Warszawa\"\n                                        data-venue=\"Teatr Capitol w Warszawie\">\n                                        \n<div class=\"card-event  card-event--size-small\">\n        <a href=\"https:\/\/www.ebilet.pl\/teatr\/komedia\/boeing-boeing-teatr-capitol\" target=\"_blank\" class=\"card-event__link\" rel=\"nofollow noopener\"><\/a>\n        <div class=\"card-event__wrapper\">\n        <div class=\"card-event__image\">\n            <img decoding=\"async\" src=\"https:\/\/www.ebilet.pl\/media\/cms\/media\/4oebxceo\/656x359-popr-20-11.webp\" alt=\"\">\n        <\/div>\n        <div class=\"card-event__data\">\n            <div class=\"card-event__name\">\n                <p>Boeing Boeing &#8211; Teatr Capitol<\/p>\n            <\/div>\n            <div class=\"card-event__date\"><\/div>\n            <div class=\"card-event__location\">Gda\u0144sk, Warszawa<\/div>\n        <\/div>\n    <\/div>\n<\/div>                                    <\/div>\n                                                                    <div class=\"events-carousel-block__sliderItem swiper-slide\"\n                                        data-id=\"38728\"\n                                        data-name=\"Silesia Memoria\u0142 Kamili Skolimowskiej\"\n                                        data-brand=\"Fundacja Kamili Skolimowskiej\"\n                                        data-category=\"sport\"\n                                        data-subcategory=\"lekkoatletyka\"\n                                        data-city=\"Chorz\u00f3w\"\n                                        data-venue=\"Superauto.pl Stadion \u015al\u0105ski\">\n                                        \n<div class=\"card-event  card-event--size-small\">\n        <a href=\"https:\/\/www.ebilet.pl\/sport\/lekkoatletyka\/memorial-kamili-skolimowskiej\" target=\"_blank\" class=\"card-event__link\" rel=\"nofollow noopener\"><\/a>\n        <div class=\"card-event__wrapper\">\n        <div class=\"card-event__image\">\n            <img decoding=\"async\" src=\"https:\/\/www.ebilet.pl\/media\/cms\/media\/xapndsmm\/656x369-55b9889c-744e-4557-95ed-5f3e29334452.webp\" alt=\"\">\n        <\/div>\n        <div class=\"card-event__data\">\n            <div class=\"card-event__name\">\n                <p>Silesia Memoria\u0142 Kamili Skolimowskiej<\/p>\n            <\/div>\n            <div class=\"card-event__date\"><\/div>\n            <div class=\"card-event__location\">Chorz\u00f3w<\/div>\n        <\/div>\n    <\/div>\n<\/div>                                    <\/div>\n                                                                    <div class=\"events-carousel-block__sliderItem swiper-slide\"\n                                        data-id=\"10672\"\n                                        data-name=\"Red Bull Drift Masters, Grand Finale 2026, Poland\"\n                                        data-brand=\"Drift Masters Grand Prix Sp. z o.o.\"\n                                        data-category=\"sport\"\n                                        data-subcategory=\"sporty-motorowe\"\n                                        data-city=\"Warszawa\"\n                                        data-venue=\"PGE Narodowy im. Kazimierza G\u00f3rskiego\">\n                                        \n<div class=\"card-event  card-event--size-small\">\n        <a href=\"https:\/\/www.ebilet.pl\/sport\/sporty-motorowe\/drift-masters\" target=\"_blank\" class=\"card-event__link\" rel=\"nofollow noopener\"><\/a>\n        <div class=\"card-event__wrapper\">\n        <div class=\"card-event__image\">\n            <img decoding=\"async\" src=\"https:\/\/www.ebilet.pl\/media\/cms\/media\/10ijqlni\/656x369pl-4af36ea5-1769-4cd8-915e-6215e771f59d.webp\" alt=\"\">\n        <\/div>\n        <div class=\"card-event__data\">\n            <div class=\"card-event__name\">\n                <p>Red Bull Drift Masters, Grand Finale 2026, Poland<\/p>\n            <\/div>\n            <div class=\"card-event__date\"><\/div>\n            <div class=\"card-event__location\">Warszawa<\/div>\n        <\/div>\n    <\/div>\n<\/div>                                    <\/div>\n                                                                    <div class=\"events-carousel-block__sliderItem swiper-slide\"\n                                        data-id=\"16543\"\n                                        data-name=\"Rozta\u0144czony PGE Narodowy 2026\"\n                                        data-brand=\"KRYSIAK POLSKA CORPORATION Sp. z o.o.\"\n                                        data-category=\"muzyka\"\n                                        data-subcategory=\"festiwale\"\n                                        data-city=\"Warszawa\"\n                                        data-venue=\"PGE Narodowy im. Kazimierza G\u00f3rskiego\">\n                                        \n<div class=\"card-event  card-event--size-small\">\n        <a href=\"https:\/\/www.ebilet.pl\/muzyka\/festiwale\/roztanczony-narodowy\" target=\"_blank\" class=\"card-event__link\" rel=\"nofollow noopener\"><\/a>\n        <div class=\"card-event__wrapper\">\n        <div class=\"card-event__image\">\n            <img decoding=\"async\" src=\"https:\/\/www.ebilet.pl\/media\/cms\/media\/ih4mtfpw\/newletter_basic.webp\" alt=\"\">\n        <\/div>\n        <div class=\"card-event__data\">\n            <div class=\"card-event__name\">\n                <p>Rozta\u0144czony PGE Narodowy 2026<\/p>\n            <\/div>\n            <div class=\"card-event__date\"><\/div>\n            <div class=\"card-event__location\">Warszawa<\/div>\n        <\/div>\n    <\/div>\n<\/div>                                    <\/div>\n                                                                    <div class=\"events-carousel-block__sliderItem swiper-slide\"\n                                        data-id=\"129853\"\n                                        data-name=\"Beksi\u0144ski.Live\"\n                                        data-brand=\"L2L Sp z o.o.\"\n                                        data-category=\"widowiska\"\n                                        data-subcategory=\"inne\"\n                                        data-city=\"Warszawa, Wroc\u0142aw\"\n                                        data-venue=\"Hala COS Torwar \">\n                                        \n<div class=\"card-event  card-event--size-small\">\n        <a href=\"https:\/\/www.ebilet.pl\/widowiska\/inne\/beksinski-live\" target=\"_blank\" class=\"card-event__link\" rel=\"nofollow noopener\"><\/a>\n        <div class=\"card-event__wrapper\">\n        <div class=\"card-event__image\">\n            <img decoding=\"async\" src=\"https:\/\/www.ebilet.pl\/media\/cms\/media\/y2nprogb\/656x369-2026-04-27t161826313.webp\" alt=\"\">\n        <\/div>\n        <div class=\"card-event__data\">\n            <div class=\"card-event__name\">\n                <p>Beksi\u0144ski.Live<\/p>\n            <\/div>\n            <div class=\"card-event__date\"><\/div>\n            <div class=\"card-event__location\">Warszawa, Wroc\u0142aw<\/div>\n        <\/div>\n    <\/div>\n<\/div>                                    <\/div>\n                                                                    <div class=\"events-carousel-block__sliderItem swiper-slide\"\n                                        data-id=\"144549\"\n                                        data-name=\"Zwiedzanie ZOO Warszawa\"\n                                        data-brand=\"Miasto Sto\u0142eczne Warszawa\"\n                                        data-category=\"zwiedzanie\"\n                                        data-subcategory=\"zoo\"\n                                        data-city=\"Warszawa\"\n                                        data-venue=\"\">\n                                        \n<div class=\"card-event  card-event--size-small\">\n        <a href=\"https:\/\/www.ebilet.pl\/zwiedzanie\/zoo\/zwiedzanie-zoo-warszawa\" target=\"_blank\" class=\"card-event__link\" rel=\"nofollow noopener\"><\/a>\n        <div class=\"card-event__wrapper\">\n        <div class=\"card-event__image\">\n            <img decoding=\"async\" src=\"https:\/\/www.ebilet.pl\/media\/cms\/media\/vxxcxvae\/04_bilet-domowy_656x369-05e8639e-58dc-445e-95ca-14f25e17b4f3.webp\" alt=\"\">\n        <\/div>\n        <div class=\"card-event__data\">\n            <div class=\"card-event__name\">\n                <p>Zwiedzanie ZOO Warszawa<\/p>\n            <\/div>\n            <div class=\"card-event__date\"><\/div>\n            <div class=\"card-event__location\">Warszawa<\/div>\n        <\/div>\n    <\/div>\n<\/div>                                    <\/div>\n                                                                    <div class=\"events-carousel-block__sliderItem swiper-slide\"\n                                        data-id=\"125950\"\n                                        data-name=\"Zwiedzanie ZOO Wroc\u0142aw\"\n                                        data-brand=\"ZOO Wroc\u0142aw\"\n                                        data-category=\"zwiedzanie\"\n                                        data-subcategory=\"zoo\"\n                                        data-city=\"Wroc\u0142aw\"\n                                        data-venue=\"ZOO we Wroc\u0142awiu\">\n                                        \n<div class=\"card-event  card-event--size-small\">\n        <a href=\"https:\/\/www.ebilet.pl\/zwiedzanie\/zoo\/zwiedzanie-zoo-wroclaw\" target=\"_blank\" class=\"card-event__link\" rel=\"nofollow noopener\"><\/a>\n        <div class=\"card-event__wrapper\">\n        <div class=\"card-event__image\">\n            <img decoding=\"async\" src=\"https:\/\/www.ebilet.pl\/media\/cms\/media\/wpzfsqii\/01_zoo_ebilet_656x369px-8e081b48-ed80-10b3-4ede-a1fdb0e8bde2.webp\" alt=\"\">\n        <\/div>\n        <div class=\"card-event__data\">\n            <div class=\"card-event__name\">\n                <p>Zwiedzanie ZOO Wroc\u0142aw<\/p>\n            <\/div>\n            <div class=\"card-event__date\"><\/div>\n            <div class=\"card-event__location\">Wroc\u0142aw<\/div>\n        <\/div>\n    <\/div>\n<\/div>                                    <\/div>\n                                                                    <div class=\"events-carousel-block__sliderItem swiper-slide\"\n                                        data-id=\"49432\"\n                                        data-name=\"Wroc\u0142aw Hip Hop Festival 2026\"\n                                        data-brand=\"Stowarzyszenie Planeta M\u0142odych\"\n                                        data-category=\"muzyka\"\n                                        data-subcategory=\"festiwale\"\n                                        data-city=\"Wroc\u0142aw\"\n                                        data-venue=\"Hala Stulecia\">\n                                        \n<div class=\"card-event  card-event--size-small\">\n        <a href=\"https:\/\/www.ebilet.pl\/muzyka\/festiwale\/wroclaw-hip-hop-festival\" target=\"_blank\" class=\"card-event__link\" rel=\"nofollow noopener\"><\/a>\n        <div class=\"card-event__wrapper\">\n        <div class=\"card-event__image\">\n            <img decoding=\"async\" src=\"https:\/\/www.ebilet.pl\/media\/cms\/media\/ijjninf5\/ebilet-grafiki-whhf-656x369-70d9e835-99c3-4111-8a4e-a15ed2733522.webp\" alt=\"\">\n        <\/div>\n        <div class=\"card-event__data\">\n            <div class=\"card-event__name\">\n                <p>Wroc\u0142aw Hip Hop Festival 2026<\/p>\n            <\/div>\n            <div class=\"card-event__date\"><\/div>\n            <div class=\"card-event__location\">Wroc\u0142aw<\/div>\n        <\/div>\n    <\/div>\n<\/div>                                    <\/div>\n                                                                    <div class=\"events-carousel-block__sliderItem swiper-slide\"\n                                        data-id=\"7104\"\n                                        data-name=\"Open&#039;er Festival 2027\"\n                                        data-brand=\"Alter Art\"\n                                        data-category=\"muzyka\"\n                                        data-subcategory=\"festiwale\"\n                                        data-city=\"Gdynia\"\n                                        data-venue=\"Lotnisko Gdynia - Kosakowo\">\n                                        \n<div class=\"card-event  card-event--size-small\">\n        <a href=\"https:\/\/www.ebilet.pl\/muzyka\/festiwale\/opener-festival\" target=\"_blank\" class=\"card-event__link\" rel=\"nofollow noopener\"><\/a>\n        <div class=\"card-event__wrapper\">\n        <div class=\"card-event__image\">\n            <img decoding=\"async\" src=\"https:\/\/www.ebilet.pl\/media\/cms\/media\/yllhazkq\/opene_2027_tameimpala_656x369_ebilet.webp\" alt=\"\">\n        <\/div>\n        <div class=\"card-event__data\">\n            <div class=\"card-event__name\">\n                <p>Open&#8217;er Festival 2027<\/p>\n            <\/div>\n            <div class=\"card-event__date\"><\/div>\n            <div class=\"card-event__location\">Gdynia<\/div>\n        <\/div>\n    <\/div>\n<\/div>                                    <\/div>\n                                                                    <div class=\"events-carousel-block__sliderItem swiper-slide\"\n                                        data-id=\"149533\"\n                                        data-name=\"JIMEK | Orkiestra | Go\u015bcie \u2013 Historia Polskiego Hip-Hopu. Rozdzia\u0142 III Ostatni\"\n                                        data-brand=\"NOTE THE NOTE SP\u00d3\u0141KA Z OGRANICZON\u0104 ODPOWIEDZIALNO\u015aCI\u0104\"\n                                        data-category=\"muzyka\"\n                                        data-subcategory=\"hip-hop-rap\"\n                                        data-city=\"Warszawa\"\n                                        data-venue=\"Lotnisko Bemowo (Warszawa-Babice)\">\n                                        \n<div class=\"card-event  card-event--size-small\">\n        <a href=\"https:\/\/www.ebilet.pl\/muzyka\/hip-hop-rap\/jimek\" target=\"_blank\" class=\"card-event__link\" rel=\"nofollow noopener\"><\/a>\n        <div class=\"card-event__wrapper\">\n        <div class=\"card-event__image\">\n            <img decoding=\"async\" src=\"https:\/\/www.ebilet.pl\/media\/cms\/media\/br5g3adk\/656x369-jimek-94ea5658-790b-4b12-bd07-ac87b14dfccd.webp\" alt=\"\">\n        <\/div>\n        <div class=\"card-event__data\">\n            <div class=\"card-event__name\">\n                <p>JIMEK | Orkiestra | Go\u015bcie \u2013 Historia Polskiego Hip-Hopu. Rozdzia\u0142 III Ostatni<\/p>\n            <\/div>\n            <div class=\"card-event__date\"><\/div>\n            <div class=\"card-event__location\">Warszawa<\/div>\n        <\/div>\n    <\/div>\n<\/div>                                    <\/div>\n                                                                    <div class=\"events-carousel-block__sliderItem swiper-slide\"\n                                        data-id=\"12072\"\n                                        data-name=\"Driftingowe Mistrzostwa Polski 2026 \/\/ New Grounds\"\n                                        data-brand=\"Polska Federacja Driftingu Sp. z o.o.\"\n                                        data-category=\"sport\"\n                                        data-subcategory=\"sporty-motorowe\"\n                                        data-city=\"Prze\u017amierowo\"\n                                        data-venue=\"Tor Pozna\u0144\">\n                                        \n<div class=\"card-event  card-event--size-small\">\n        <a href=\"https:\/\/www.ebilet.pl\/sport\/sporty-motorowe\/driftingowe-mistrzostwa-polski\" target=\"_blank\" class=\"card-event__link\" rel=\"nofollow noopener\"><\/a>\n        <div class=\"card-event__wrapper\">\n        <div class=\"card-event__image\">\n            <img decoding=\"async\" src=\"https:\/\/www.ebilet.pl\/media\/cms\/media\/jdrkqcix\/grafika_ebilet_dmp2026_rnd1_595x-1-51faa121-e406-43e8-9235-5e44f475fc0e.webp\" alt=\"\">\n        <\/div>\n        <div class=\"card-event__data\">\n            <div class=\"card-event__name\">\n                <p>Driftingowe Mistrzostwa Polski 2026 \/\/ New Grounds<\/p>\n            <\/div>\n            <div class=\"card-event__date\"><\/div>\n            <div class=\"card-event__location\">Prze\u017amierowo<\/div>\n        <\/div>\n    <\/div>\n<\/div>                                    <\/div>\n                                                                    <div class=\"events-carousel-block__sliderItem swiper-slide\"\n                                        data-id=\"146404\"\n                                        data-name=\"Taneczny Spodek - Festiwal Muzyki Disco\"\n                                        data-brand=\"Junior Media Music Micha\u0142 Jele\u0144\"\n                                        data-category=\"muzyka\"\n                                        data-subcategory=\"disco-polo\"\n                                        data-city=\"Katowice\"\n                                        data-venue=\"Hala Spodek\">\n                                        \n<div class=\"card-event  card-event--size-small\">\n        <a href=\"https:\/\/www.ebilet.pl\/muzyka\/disco-polo\/taneczny-spodek\" target=\"_blank\" class=\"card-event__link\" rel=\"nofollow noopener\"><\/a>\n        <div class=\"card-event__wrapper\">\n        <div class=\"card-event__image\">\n            <img decoding=\"async\" src=\"https:\/\/www.ebilet.pl\/media\/cms\/media\/w1cnpnzg\/tanecznyspodek-wydarzenie-656x369-1-f9f29e67-4f26-4d0c-abc7-f096ac1d40ff.webp\" alt=\"\">\n        <\/div>\n        <div class=\"card-event__data\">\n            <div class=\"card-event__name\">\n                <p>Taneczny Spodek &#8211; Festiwal Muzyki Disco<\/p>\n            <\/div>\n            <div class=\"card-event__date\"><\/div>\n            <div class=\"card-event__location\">Katowice<\/div>\n        <\/div>\n    <\/div>\n<\/div>                                    <\/div>\n                                                                    <div class=\"events-carousel-block__sliderItem swiper-slide\"\n                                        data-id=\"60658\"\n                                        data-name=\"XVII Summer Dying Loud\"\n                                        data-brand=\"ALEKSANDROWSKIE CENTRUM KULTURY\"\n                                        data-category=\"muzyka\"\n                                        data-subcategory=\"festiwale\"\n                                        data-city=\"Aleksandr\u00f3w \u0141\u00f3dzki\"\n                                        data-venue=\"MOSiR im. W\u0142odzimierza Smolarka w Aleksandrowie \u0141\u00f3dzkim\">\n                                        \n<div class=\"card-event  card-event--size-small\">\n        <a href=\"https:\/\/www.ebilet.pl\/muzyka\/festiwale\/summer-dying-loud\" target=\"_blank\" class=\"card-event__link\" rel=\"nofollow noopener\"><\/a>\n        <div class=\"card-event__wrapper\">\n        <div class=\"card-event__image\">\n            <img decoding=\"async\" src=\"https:\/\/www.ebilet.pl\/media\/cms\/media\/xuicslej\/656x369-bc8725d5-b3cf-4dcd-8184-43f45a397ccc.webp\" alt=\"\">\n        <\/div>\n        <div class=\"card-event__data\">\n            <div class=\"card-event__name\">\n                <p>XVII Summer Dying Loud<\/p>\n            <\/div>\n            <div class=\"card-event__date\"><\/div>\n            <div class=\"card-event__location\">Aleksandr\u00f3w \u0141\u00f3dzki<\/div>\n        <\/div>\n    <\/div>\n<\/div>                                    <\/div>\n                                                                    <div class=\"events-carousel-block__sliderItem swiper-slide\"\n                                        data-id=\"20774\"\n                                        data-name=\"Deep Purple + Jayler\"\n                                        data-brand=\"Mystic Coalition sp. zoo\"\n                                        data-category=\"muzyka\"\n                                        data-subcategory=\"rock\"\n                                        data-city=\"\u0141\u00f3d\u017a\"\n                                        data-venue=\"Atlas Arena\">\n                                        \n<div class=\"card-event  card-event--size-small\">\n        <a href=\"https:\/\/www.ebilet.pl\/muzyka\/rock\/deep-purple\" target=\"_blank\" class=\"card-event__link\" rel=\"nofollow noopener\"><\/a>\n        <div class=\"card-event__wrapper\">\n        <div class=\"card-event__image\">\n            <img decoding=\"async\" src=\"https:\/\/www.ebilet.pl\/media\/cms\/media\/ejqphb2d\/deep_purple_656x369-571f9c06-a899-454b-933a-e6b7cda413a8.webp\" alt=\"\">\n        <\/div>\n        <div class=\"card-event__data\">\n            <div class=\"card-event__name\">\n                <p>Deep Purple + Jayler<\/p>\n            <\/div>\n            <div class=\"card-event__date\"><\/div>\n            <div class=\"card-event__location\">\u0141\u00f3d\u017a<\/div>\n        <\/div>\n    <\/div>\n<\/div>                                    <\/div>\n                                                            <\/div>\n                        <\/div>\n                    <\/div>\n                    <div class=\"events-carousel-block__pagination\">\n                        <div class=\"swiper-pagination slider-pagination\" data-events-carousel-pagination><\/div>\n                    <\/div>\n                <\/div>\n            <\/div>\n        <\/div>\n    <\/section>\n\n\n\n<section class=\"text-block  section-margin-32\" >\n    <div class=\"container\">\n        <div class=\"row\">\n            <div class=\"col-24\">\n                <div class=\"text-block__content\"><h2><strong>Jakie dyscypliny sportowe znajd\u0105 si\u0119 w programie igrzysk?<\/strong><\/h2>\n<p><span style=\"font-weight: 400;\">Program Zimowych Igrzysk Olimpijskich 2026 zosta\u0142 oficjalnie zatwierdzony przez Mi\u0119dzynarodowy Komitet Olimpijski w czerwcu 2022 roku. W Mediolanie i Cortinie d\u2019Ampezzo <\/span><b>sportowcy b\u0119d\u0105 rywalizowa\u0107 o 116 komplet\u00f3w medali w 16 dyscyplinach sportowych.<\/b><span style=\"font-weight: 400;\"> To jeden z najbardziej rozbudowanych program\u00f3w w historii zimowych igrzysk.<\/span><\/p>\n<h3><strong>Rozgrywane dyscypliny na Zimowych Igrzyskach Olimpijskich 2026<\/strong><\/h3>\n<p><b>Podczas igrzysk w 2026 roku zaplanowano rywalizacj\u0119 w nast\u0119puj\u0105cych sportach zimowych (w nawiasach podano liczb\u0119 konkurencji medalowych):<\/b><\/p>\n<ul>\n<li aria-level=\"1\"><b>Mediolan:<\/b><\/li>\n<\/ul>\n<ul>\n<li style=\"list-style-type: none;\">\n<ul>\n<li style=\"list-style-type: none;\">\n<ul>\n<li style=\"font-weight: 400;\" aria-level=\"2\"><span style=\"font-weight: 400;\">hokej na lodzie (2),<\/span><\/li>\n<li style=\"font-weight: 400;\" aria-level=\"2\"><span style=\"font-weight: 400;\">\u0142y\u017cwiarstwo figurowe (5),<\/span><\/li>\n<li style=\"font-weight: 400;\" aria-level=\"2\"><span style=\"font-weight: 400;\">\u0142y\u017cwiarstwo szybkie (14),<\/span><\/li>\n<li style=\"font-weight: 400;\" aria-level=\"2\"><span style=\"font-weight: 400;\">short track (9),<\/span><\/li>\n<\/ul>\n<\/li>\n<\/ul>\n<\/li>\n<\/ul>\n<ul>\n<li aria-level=\"1\"><b>Val di Fiemme:<\/b><\/li>\n<\/ul>\n<ul>\n<li style=\"list-style-type: none;\">\n<ul>\n<li style=\"list-style-type: none;\">\n<ul>\n<li style=\"font-weight: 400;\" aria-level=\"2\"><span style=\"font-weight: 400;\">biegi narciarskie (12),<\/span><\/li>\n<li style=\"font-weight: 400;\" aria-level=\"2\"><span style=\"font-weight: 400;\">kombinacja norweska (3),<\/span><\/li>\n<li style=\"font-weight: 400;\" aria-level=\"2\"><span style=\"font-weight: 400;\">skoki narciarskie (5),<\/span><\/li>\n<\/ul>\n<\/li>\n<\/ul>\n<\/li>\n<\/ul>\n<ul>\n<li aria-level=\"1\"><b>Cortina d\u2019Ampezzo:<\/b><\/li>\n<\/ul>\n<ul>\n<li style=\"list-style-type: none;\">\n<ul>\n<li style=\"list-style-type: none;\">\n<ul>\n<li style=\"font-weight: 400;\" aria-level=\"2\"><span style=\"font-weight: 400;\">biathlon (11),<\/span><\/li>\n<li style=\"font-weight: 400;\" aria-level=\"2\"><span style=\"font-weight: 400;\">bobsleje (4),<\/span><\/li>\n<li style=\"font-weight: 400;\" aria-level=\"2\"><span style=\"font-weight: 400;\">curling (3),<\/span><\/li>\n<li style=\"font-weight: 400;\" aria-level=\"2\"><span style=\"font-weight: 400;\">narciarstwo alpejskie (kobiety) (11 w sumie z m\u0119skimi),<\/span><\/li>\n<li style=\"font-weight: 400;\" aria-level=\"2\"><span style=\"font-weight: 400;\">saneczkarstwo (4),<\/span><\/li>\n<li style=\"font-weight: 400;\" aria-level=\"2\"><span style=\"font-weight: 400;\">skeleton (2),<\/span><\/li>\n<\/ul>\n<\/li>\n<\/ul>\n<\/li>\n<\/ul>\n<ul>\n<li aria-level=\"1\"><b>Valtellina:<\/b><\/li>\n<\/ul>\n<ul>\n<li style=\"list-style-type: none;\">\n<ul>\n<li style=\"font-weight: 400;\" aria-level=\"2\"><span style=\"font-weight: 400;\">narciarstwo alpejskie (m\u0119\u017cczy\u017ani) (11 w sumie z \u017ce\u0144skimi),<\/span><\/li>\n<li style=\"font-weight: 400;\" aria-level=\"2\"><span style=\"font-weight: 400;\">narciarstwo dowolne (13),<\/span><\/li>\n<li style=\"font-weight: 400;\" aria-level=\"2\"><span style=\"font-weight: 400;\">skialpinizm (2),<\/span><\/li>\n<li style=\"font-weight: 400;\" aria-level=\"2\"><span style=\"font-weight: 400;\">snowboarding (11).\u00a0<\/span><\/li>\n<\/ul>\n<\/li>\n<\/ul>\n<p><span style=\"font-weight: 400;\">Program obejmuje zar\u00f3wno klasyczne konkurencje znane z poprzednich igrzysk, jak i nowoczesne formy rywalizacji, szczeg\u00f3lnie popularne w\u015br\u00f3d m\u0142odszych kibic\u00f3w.<\/span><\/p>\n<h3><strong>Nowo\u015bci w programie igrzysk \u2013 skialpinizm<\/strong><\/h3>\n<p><span style=\"font-weight: 400;\">Najwa\u017cniejsz\u0105 nowo\u015bci\u0105 Zimowych Igrzysk Olimpijskich 2026 jest <\/span><b>debiut skialpinizmu.<\/b><span style=\"font-weight: 400;\"> Decyzja o w\u0142\u0105czeniu tej dyscypliny do programu olimpijskiego zapad\u0142a w 2021 roku, a ostatecznie zosta\u0142a potwierdzona rok p\u00f3\u017aniej.<\/span><\/p>\n<p><b>Skialpinizm, \u0142\u0105cz\u0105cy narciarstwo wysokog\u00f3rskie z rywalizacj\u0105 wytrzyma\u0142o\u015bciow\u0105, <\/b><span style=\"font-weight: 400;\">idealnie wpisuje si\u0119 w alpejski charakter w\u0142oskich igrzysk. W 2026 roku rozegrane zostan\u0105 dwie konkurencje medalowe w tej dyscyplinie.<\/span><\/p>\n<h3><strong>Zmiany w programie w por\u00f3wnaniu do Pekinu 2022<\/strong><\/h3>\n<p><span style=\"font-weight: 400;\">W por\u00f3wnaniu do Zimowych Igrzysk Olimpijskich w Pekinie w 2022 roku program igrzysk w Mediolanie i Cortinie zosta\u0142 rozszerzony o nowe konkurencje, przy jednoczesnym zachowaniu wi\u0119kszo\u015bci dotychczasowych dyscyplin.<\/span><\/p>\n<p><b>Najwa\u017cniejsze zmiany to:<\/b><\/p>\n<ul>\n<li style=\"font-weight: 400;\" aria-level=\"1\"><span style=\"font-weight: 400;\">wprowadzenie skialpinizmu jako nowej dyscypliny olimpijskiej,<\/span><\/li>\n<li style=\"font-weight: 400;\" aria-level=\"1\"><span style=\"font-weight: 400;\">zwi\u0119kszenie liczby konkurencji w wybranych sportach, kt\u00f3re ju\u017c wcze\u015bniej by\u0142y obecne w programie,<\/span><\/li>\n<li style=\"font-weight: 400;\" aria-level=\"1\"><span style=\"font-weight: 400;\">dalszy nacisk na konkurencje mieszane oraz formaty atrakcyjne medialnie.<\/span><\/li>\n<\/ul>\n<p><span style=\"font-weight: 400;\">Dzi\u0119ki temu Zimowe Igrzyska Olimpijskie 2026 zapowiadaj\u0105 si\u0119 jako wydarzenie \u0142\u0105cz\u0105ce sportow\u0105 tradycj\u0119 z nowoczesnym podej\u015bciem do rywalizacji olimpijskiej.<\/span><\/p>\n<h2><strong>Ilu sportowc\u00f3w i pa\u0144stw we\u017amie udzia\u0142 w igrzyskach?<\/strong><\/h2>\n<p><span style=\"font-weight: 400;\">Zimowe Igrzyska Olimpijskie 2026 w Mediolanie i Cortinie d\u2019Ampezzo zgromadz\u0105 <\/span><b>niemal 3000 sportowc\u00f3w z ca\u0142ego \u015bwiata. <\/b><span style=\"font-weight: 400;\">B\u0119dzie to jedna z najwi\u0119kszych pod wzgl\u0119dem frekwencji edycji zimowej olimpiady w historii.<\/span><\/p>\n<h3><strong>Liczba reprezentowanych kraj\u00f3w<\/strong><\/h3>\n<p><span style=\"font-weight: 400;\">Na XXV Zimowe Igrzyska Olimpijskie zakwalifikowali si\u0119 <\/span><b>sportowcy z 92 pa\u0144stw. <\/b><span style=\"font-weight: 400;\">Co istotne, dla cz\u0119\u015bci reprezentacji b\u0119dzie to debiut na zimowej olimpiadzie.<\/span><\/p>\n<p><b>Po raz pierwszy w historii Zimowych Igrzysk Olimpijskich wyst\u0105pi\u0105 reprezentanci:<\/b><\/p>\n<ul>\n<li style=\"font-weight: 400;\" aria-level=\"1\"><span style=\"font-weight: 400;\">Beninu,<\/span><\/li>\n<li style=\"font-weight: 400;\" aria-level=\"1\"><span style=\"font-weight: 400;\">Gwinei Bissau,<\/span><\/li>\n<li style=\"font-weight: 400;\" aria-level=\"1\"><span style=\"font-weight: 400;\">Zjednoczonych Emirat\u00f3w Arabskich.<\/span><\/li>\n<\/ul>\n<p><span style=\"font-weight: 400;\">To potwierdza rosn\u0105cy globalny zasi\u0119g sport\u00f3w zimowych, tak\u017ce poza tradycyjnymi regionami o surowym klimacie.<\/span><\/p>\n<h3><strong>Neutralni sportowcy na igrzyskach 2026<\/strong><\/h3>\n<p><span style=\"font-weight: 400;\">Ze wzgl\u0119du na konsekwencje inwazji Rosji na Ukrain\u0119, rozpocz\u0119tej w 2022 roku, w dalszym ci\u0105gu <\/span><b>Rosja i Bia\u0142oru\u015b nie wyst\u0105pi\u0105 pod w\u0142asnymi flagami.<\/b><span style=\"font-weight: 400;\"> Sportowcy z tych kraj\u00f3w zostali dopuszczeni do rywalizacji jako<\/span><b> neutralni sportowcy indywidualni, bez symboli narodowych.<\/b><\/p>\n<h3><strong>Ilu sportowc\u00f3w wystawi\u0105 poszczeg\u00f3lne kraje?<\/strong><\/h3>\n<p><b>Najliczniejsze reprezentacje podczas Zimowych Igrzysk Olimpijskich 2026 wystawi\u0105 tradycyjnie kraje o silnych tradycjach sport\u00f3w zimowych. W\u015br\u00f3d nich znajd\u0105 si\u0119 m.in.:<\/b><\/p>\n<ul>\n<li style=\"font-weight: 400;\" aria-level=\"1\"><span style=\"font-weight: 400;\">W\u0142ochy (organizator) \u2013 151 sportowc\u00f3w (nie ma si\u0119 czemu dziwi\u0107, prawda?),<\/span><\/li>\n<li style=\"font-weight: 400;\" aria-level=\"1\"><span style=\"font-weight: 400;\">Stany Zjednoczone \u2013 125,<\/span><\/li>\n<li style=\"font-weight: 400;\" aria-level=\"1\"><span style=\"font-weight: 400;\">Kanada \u2013 117,<\/span><\/li>\n<li style=\"font-weight: 400;\" aria-level=\"1\"><span style=\"font-weight: 400;\">Niemcy \u2013 103,<\/span><\/li>\n<li style=\"font-weight: 400;\" aria-level=\"1\"><span style=\"font-weight: 400;\">Francja \u2013 99,<\/span><\/li>\n<li style=\"font-weight: 400;\" aria-level=\"1\"><span style=\"font-weight: 400;\">Szwajcaria \u2013 95,<\/span><\/li>\n<li style=\"font-weight: 400;\" aria-level=\"1\"><span style=\"font-weight: 400;\">Szwecja \u2013 91,<\/span><\/li>\n<li style=\"font-weight: 400;\" aria-level=\"1\"><span style=\"font-weight: 400;\">Czechy \u2013 91,<\/span><\/li>\n<li style=\"font-weight: 400;\" aria-level=\"1\"><span style=\"font-weight: 400;\">Norwegia \u2013 51.<\/span><\/li>\n<\/ul>\n<p><b>Polska wystawi reprezentacj\u0119 licz\u0105c\u0105 co najmniej 36 sportowc\u00f3w<\/b><span style=\"font-weight: 400;\"> (liczba ta mo\u017ce si\u0119 jeszcze zwi\u0119kszy\u0107, poniewa\u017c niekt\u00f3re kwalifikacje jeszcze trwaj\u0105), kt\u00f3rzy wyst\u0105pi\u0105 w kilku dyscyplinach zimowych.<\/span><\/p>\n<h3><strong>Jak wygl\u0105da system kwalifikacji na igrzyska?<\/strong><\/h3>\n<p><b>Kwalifikacje na Zimowe Igrzyska Olimpijskie 2026 odbywaj\u0105 si\u0119 poprzez:<\/b><\/p>\n<ul>\n<li style=\"font-weight: 400;\" aria-level=\"1\"><span style=\"font-weight: 400;\">wyniki w Pucharach \u015awiata i mistrzostwach mi\u0119dzynarodowych,<\/span><\/li>\n<li style=\"font-weight: 400;\" aria-level=\"1\"><span style=\"font-weight: 400;\">rankingi ustalane przez mi\u0119dzynarodowe federacje sportowe,<\/span><\/li>\n<li style=\"font-weight: 400;\" aria-level=\"1\"><span style=\"font-weight: 400;\">limity miejsc przyznawane poszczeg\u00f3lnym krajom w danej dyscyplinie.<\/span><\/li>\n<\/ul>\n<p><span style=\"font-weight: 400;\">System kwalifikacyjny ma zapewni\u0107 udzia\u0142 najlepszych zawodnik\u00f3w \u015bwiata, przy jednoczesnym zachowaniu globalnej reprezentatywno\u015bci igrzysk.<\/span><\/p>\n<h2><strong>Polska na Zimowych Igrzyskach Olimpijskich 2026<\/strong><\/h2>\n<p><span style=\"font-weight: 400;\">Reprezentacja Polski na Zimowych Igrzyskach Olimpijskich 2026 w Mediolanie i Cortinie d\u2019Ampezzo b\u0119dzie jedn\u0105 z liczniejszych w historii start\u00f3w bia\u0142o-czerwonych w zimowej olimpiadzie. Cho\u0107 rekord z Pjongczangu z 2018 roku, gdy do Korei Po\u0142udniowej pojecha\u0142o 62 polskich sportowc\u00f3w, najprawdopodobniej nie zostanie pobity, sk\u0142ad na igrzyska we W\u0142oszech ma by\u0107 tylko nieznacznie mniejszy.<\/span><\/p>\n<p><span style=\"font-weight: 400;\">Po zatwierdzeniu ostatecznego sk\u0142adu wszyscy reprezentanci Polski z\u0142o\u017c\u0105 \u015blubowanie olimpijskie. Cz\u0119\u015b\u0107 sportowc\u00f3w zrobi to 30 stycznia w siedzibie Polskiego Komitetu Olimpijskiego, pozostali \u2013 ju\u017c na miejscu, we W\u0142oszech.<\/span><\/p>\n<h3><strong>Najmocniejsze dyscypliny Polski na igrzyskach 2026<\/strong><\/h3>\n<p><span style=\"font-weight: 400;\">Tradycyjnie najwi\u0119ksze nadzieje medalowe Polacy wi\u0105\u017c\u0105 z <\/span><b>\u0142y\u017cwiarstwem szybkim oraz short trackiem. <\/b><span style=\"font-weight: 400;\">To w\u0142a\u015bnie w sportach lodowych reprezentacja od lat prezentuje stabilny poziom i regularnie plasuje si\u0119 w czo\u0142\u00f3wce mi\u0119dzynarodowych zawod\u00f3w.<\/span><\/p>\n<p><b>Silnie obsadzone b\u0119d\u0105 r\u00f3wnie\u017c:<\/b><\/p>\n<ul>\n<li style=\"font-weight: 400;\" aria-level=\"1\"><span style=\"font-weight: 400;\">biathlon,<\/span><\/li>\n<li style=\"font-weight: 400;\" aria-level=\"1\"><span style=\"font-weight: 400;\">saneczkarstwo,<\/span><\/li>\n<li style=\"font-weight: 400;\" aria-level=\"1\"><span style=\"font-weight: 400;\">wybrane konkurencje narciarskie i snowboardowe.<\/span><\/li>\n<\/ul>\n<h3><strong>Na kogo warto zwr\u00f3ci\u0107 uwag\u0119?<\/strong><\/h3>\n<p><span style=\"font-weight: 400;\">Cz\u0119\u015b\u0107 sk\u0142adu reprezentacji Polski na igrzyska 2026 jest ju\u017c znana.<\/span><b> W \u0142y\u017cwiarstwie szybkim Polsk\u0119 reprezentowa\u0107 b\u0119dzie dziewi\u0119cioro zawodnik\u00f3w:<\/b><span style=\"font-weight: 400;\"> Natalia Czerwonka, Kaja Ziomek-Nogal, Karolina Bosiek, And\u017celika W\u00f3jcik, Martyna Baran, Piotr Michalski, Marek Kania, Damian \u017burek oraz W\u0142adimir Semirunnij.<\/span><\/p>\n<p><b>W short tracku wyst\u0105pi czworo Polak\u00f3w:<\/b><span style=\"font-weight: 400;\"> Natalia Maliszewska, Gabriela Topolska, Micha\u0142 Niewi\u0144ski oraz Felix Pigeon.<\/span><\/p>\n<p><b>W debiutuj\u0105cym na igrzyskach skialpinizmie Polsk\u0119 reprezentowa\u0107 b\u0119d\u0105:<\/b><span style=\"font-weight: 400;\"> Iwona Januszyk oraz Jan Elantkowski.<\/span><\/p>\n<p><b>Pewny jest r\u00f3wnie\u017c udzia\u0142 polskich \u0142y\u017cwiarzy figurowych: <\/b><span style=\"font-weight: 400;\">Jekateriny Kurakowej, W\u0142adimira Samoj\u0142owa oraz pary sportowej Julii Szczecininy i Micha\u0142a Wo\u017aniaka. <\/span><b>Szans\u0119 na start w rywalizacji dru\u017cynowej ma jeszcze para taneczna, cho\u0107 bez indywidualnej kwalifikacji.<\/b><\/p>\n<h3><strong>Jak wygl\u0105da proces kwalifikacji polskich sportowc\u00f3w?<\/strong><\/h3>\n<p><span style=\"font-weight: 400;\">Proces kwalifikacyjny na Zimowe Igrzyska Olimpijskie 2026 opiera si\u0119 na wynikach osi\u0105ganych w Pucharach \u015awiata oraz pozycjach w rankingach mi\u0119dzynarodowych federacji. W niekt\u00f3rych dyscyplinach nazwiska reprezentant\u00f3w s\u0105 znane z wyprzedzeniem, w innych ostateczne decyzje zapadn\u0105 dopiero na kilka tygodni przed igrzyskami.<\/span><\/p>\n<p><b>Na igrzyskach we W\u0142oszech na pewno wyst\u0105pi:<\/b><\/p>\n<ul>\n<li style=\"font-weight: 400;\" aria-level=\"1\"><span style=\"font-weight: 400;\">o\u015bmioro biathlonist\u00f3w, kt\u00f3rych sk\u0142ad zostanie og\u0142oszony po zawodach Pucharu \u015awiata w Ruhpolding,<\/span><\/li>\n<li style=\"font-weight: 400;\" aria-level=\"1\"><span style=\"font-weight: 400;\">oko\u0142o sze\u015bcioro saneczkarzy, po zatwierdzeniu list rankingowych przez mi\u0119dzynarodow\u0105 federacj\u0119 FIL,<\/span><\/li>\n<li style=\"font-weight: 400;\" aria-level=\"1\"><span style=\"font-weight: 400;\">dwie bobsleistki.<\/span><\/li>\n<\/ul>\n<p><span style=\"font-weight: 400;\">Za to rankingi w narciarstwie alpejskim, biegach narciarskich, skokach narciarskich, kombinacji norweskiej oraz snowboardzie zostan\u0105 zamkni\u0119te 18 stycznia. \u0141\u0105cznie w tych konkurencjach kwalifikacj\u0119 uzyska oko\u0142o 20 polskich sportowc\u00f3w.<\/span><\/p>\n<\/div>\n            <\/div>\n        <\/div>\n    <\/div>\n<\/section>\n\n\n<section  class=\"recommended-article  section-margin-32\">\n    <div class=\"container\">\n        <div class=\"row\">\n            <div class=\"col-24\">\n                                <div class=\"recommended-article__title\">\n                    <p class=\"typo-18\">Przeczytaj te\u017c:<\/p>\n                <\/div>\n                                                <div class=\"recommended-article__card\">\n                    \n<div class=\"card-article  card-article--imgpadding-default card-article--featured\">\n    <div class=\"card-article__wrapper\">\n                <div class=\"card-article__thumbnail\">\n                        <a class=\"card-article__link\" href=\"https:\/\/www.ebilet.pl\/now\/doczekalismy-sie-najczarniejszego-charakteru-w-kobiecym-tenisie-poznaj-danielle-collins\/\" title=\"Doczekali\u015bmy si\u0119 &#8220;najczarniejszego charakteru&#8221; w kobiecym tenisie. Poznaj Danielle Collins\"><\/a>\n                        <div class=\"card-article__image\"><img loading=\"lazy\" decoding=\"async\" width=\"1920\" height=\"1080\" src=\"https:\/\/www.ebilet.pl\/now\/app\/uploads\/2025\/01\/danielle_collins.jpg\" class=\"attachment- size-\" alt=\"\" srcset=\"https:\/\/www.ebilet.pl\/now\/app\/uploads\/2025\/01\/danielle_collins.jpg 1920w, https:\/\/www.ebilet.pl\/now\/app\/uploads\/2025\/01\/danielle_collins-1024x576.jpg 1024w, https:\/\/www.ebilet.pl\/now\/app\/uploads\/2025\/01\/danielle_collins-1536x864.jpg 1536w, https:\/\/www.ebilet.pl\/now\/app\/uploads\/2025\/01\/danielle_collins-1280x720.jpg 1280w, https:\/\/www.ebilet.pl\/now\/app\/uploads\/2025\/01\/danielle_collins-500x281.jpg 500w, https:\/\/www.ebilet.pl\/now\/app\/uploads\/2025\/01\/danielle_collins-632x356.jpg 632w, https:\/\/www.ebilet.pl\/now\/app\/uploads\/2025\/01\/danielle_collins-308x174.jpg 308w\" sizes=\"auto, (max-width: 1920px) 100vw, 1920px\" \/><\/div>\n        <\/div>\n                        <div class=\"card-article__content\">\n                        <div class=\"card-article__top\">\n                                <div class=\"card-article__date\">\n                    <span class=\"card-article__dateIcon icon icon-calendar\"><\/span>\n                    <span class=\"typo-12\">22.01.2025<\/span>\n                <\/div>\n                                                <div class=\"card-article__categories\">\n                                        <div class=\"card-article__category\">\n                    \n<a href=\"https:\/\/www.ebilet.pl\/now\/tag\/tenis\/\" class=\"tag tag--fire-opal\" style=\"background-color: #a00404\">\n    <p class=\"tag__name\">Tenis<\/p>\n<\/a>\n                    <\/div>\n                                        <div class=\"card-article__category\">\n                    \n<a href=\"https:\/\/www.ebilet.pl\/now\/tag\/polecane\/\" class=\"tag tag--fire-opal\" style=\"background-color: #a00404\">\n    <p class=\"tag__name\">Polecane<\/p>\n<\/a>\n                    <\/div>\n                                    <\/div>\n                                            <\/div>\n                                    <div class=\"card-article__title under-h4\">\n                                    <a href=\"https:\/\/www.ebilet.pl\/now\/doczekalismy-sie-najczarniejszego-charakteru-w-kobiecym-tenisie-poznaj-danielle-collins\/\" class=\"split-title typo-h1 f-700\" data-text-split>\n                                                    <span class=\"split-title__word\">Doczekali\u015bmy<\/span>\n                                                    <span class=\"split-title__word\">si\u0119<\/span>\n                                                    <span class=\"split-title__word\">&#8220;najczarniejszego<\/span>\n                                                    <span class=\"split-title__word\">charakteru&#8221;<\/span>\n                                                    <span class=\"split-title__word\">w<\/span>\n                                                    <span class=\"split-title__word\">kobiecym<\/span>\n                                                    <span class=\"split-title__word\">tenisie.<\/span>\n                                                    <span class=\"split-title__word\">Poznaj<\/span>\n                                                    <span class=\"split-title__word\">Danielle<\/span>\n                                                    <span class=\"split-title__word\">Collins<\/span>\n                                            <\/a>\n                            <\/div>\n                                <\/div>\n    <\/div>\n<\/div>                <\/div>\n                            <\/div>\n        <\/div>\n    <\/div>\n<\/section>\n\n\n<section class=\"text-block  section-margin-32\" >\n    <div class=\"container\">\n        <div class=\"row\">\n            <div class=\"col-24\">\n                <div class=\"text-block__content\"><h2><strong>Ceremonia otwarcia i zamkni\u0119cia Zimowych Igrzysk Olimpijskich 2026<\/strong><\/h2>\n<p><span style=\"font-weight: 400;\">Zimowe Igrzyska Olimpijskie 2026 we W\u0142oszech nie b\u0119d\u0105 tylko sportowym wydarzeniem \u2013 to tak\u017ce wielkie widowisko artystyczne i kulturalne, kt\u00f3re wyr\u00f3\u017cnia si\u0119 rozmachem i symbolem jedno\u015bci.<\/span><\/p>\n<h3><strong>Gdzie odb\u0119dzie si\u0119 ceremonia otwarcia?<\/strong><\/h3>\n<p><b>Ceremonia otwarcia odb\u0119dzie si\u0119 6 lutego 2026 roku na stadionie San Siro w Mediolanie. <\/b><span style=\"font-weight: 400;\">To tutaj zostanie zapalony znicz olimpijski, a sportowcy z ca\u0142ego \u015bwiata rozpoczn\u0105 rywalizacj\u0119 w XXV Zimowych Igrzyskach Olimpijskich (no dobrze, oficjalnie rozpoczn\u0105 dwa dni wcze\u015bniej).<\/span><\/p>\n<p><span style=\"font-weight: 400;\">Co ciekawe, <\/span><b>otwarcie igrzysk nie ograniczy si\u0119 tylko do Mediolanu. <\/b><span style=\"font-weight: 400;\">R\u00f3wnoleg\u0142e wydarzenia zaplanowano r\u00f3wnie\u017c w Cortinie d\u2019Ampezzo, Livigno i Predazzo, co podkre\u015bla rozproszony charakter w\u0142oskich igrzysk i w\u0142\u0105cza lokalne spo\u0142eczno\u015bci w wielkie sportowe \u015bwi\u0119to.<\/span><\/p>\n<h3><strong>Co wyr\u00f3\u017cnia ceremoni\u0119 otwarcia?<\/strong><\/h3>\n<p><b>Motyw przewodni ceremonii to \u201cHarmonia\u201d \u2013 symbol jedno\u015bci, wsp\u00f3\u0142pracy mi\u0119dzy kulturami czy wyznaniami. <\/b><span style=\"font-weight: 400;\">Sport i muzyka maj\u0105 sta\u0107 si\u0119 wsp\u00f3lnym j\u0119zykiem, kt\u00f3ry po\u0142\u0105czy uczestnik\u00f3w i widz\u00f3w z ca\u0142ego \u015bwiata. Organizatorzy podkre\u015blaj\u0105, \u017ce ceremonia b\u0119dzie wyrazem kolektywnej energii i wsp\u00f3lnego prze\u017cywania emocji, a <\/span><b>warto\u015bci olimpijskie \u2013 r\u00f3wno\u015b\u0107, szacunek i integracja<\/b><span style=\"font-weight: 400;\"> \u2013 zostan\u0105 pokazane w formie widowiska artystycznego.<\/span><\/p>\n<p><b>W programie gwiazdy \u015bwiatowego formatu, m.in.:<\/b><\/p>\n<ul>\n<li style=\"font-weight: 400;\" aria-level=\"1\"><b>Mariah Carey<\/b><span style=\"font-weight: 400;\"> \u2013 kt\u00f3rej kariera i repertuar przemawiaj\u0105 do wielopokoleniowej i wielokulturowej publiczno\u015bci, wprowadzi element globalnej r\u00f3\u017cnorodno\u015bci i emocji,<\/span><\/li>\n<li style=\"font-weight: 400;\" aria-level=\"1\"><b>Andrea Bocelli <\/b><span style=\"font-weight: 400;\">\u2013 \u015bwiatowej s\u0142awy tenor wyst\u0105pi podczas ceremonii w Mediolanie, \u0142\u0105cz\u0105c walory artystyczne z warto\u015bciami olimpijskimi. Bocelli ma do\u015bwiadczenie z ceremoniami olimpijskimi \u2013 w 2006 roku wyst\u0119powa\u0142 podczas zamkni\u0119cia Igrzysk w Turynie.<\/span><\/li>\n<\/ul>\n<h3><strong>Gdzie odb\u0119dzie si\u0119 ceremonia zamkni\u0119cia?<\/strong><\/h3>\n<p><b>Oficjalne zako\u0144czenie Zimowych Igrzysk Olimpijskich 2026 zaplanowano 22 lutego 2026 roku w Weronie, w historycznym rzymskim amfiteatrze. <\/b><span style=\"font-weight: 400;\">Wyb\u00f3r tego miejsca pozwala po\u0142\u0105czy\u0107 sport, histori\u0119 i kultur\u0119, oferuj\u0105c niezapomniane widowisko w staro\u017cytnej scenerii.<\/span><\/p>\n<h2><strong>Maskotka, logo i has\u0142o Zimowych Igrzysk Olimpijskich 2026<\/strong><\/h2>\n<p><span style=\"font-weight: 400;\">Zimowe Igrzyska Olimpijskie i Paralimpijskie 2026 w Mediolanie i Cortinie d\u2019Ampezzo maj\u0105 swoje oficjalne symbole, kt\u00f3re \u0142\u0105cz\u0105 sport, kultur\u0119 i w\u0142oski charakter wydarzenia.<\/span><\/p>\n<h3><strong>Oficjalne maskotki igrzysk \u2013 Tina i Milo<\/strong><\/h3>\n<p><span style=\"font-weight: 400;\">Oficjalnymi maskotkami igrzysk s\u0105 <\/span><b>dwa gronostaje: Tina i Milo, zaprojektowane przez uczni\u00f3w w\u0142oskich szk\u00f3\u0142 podstawowych i \u015brednich. <\/b><span style=\"font-weight: 400;\">Pierwszy raz zosta\u0142y zaprezentowane podczas Festiwalu Piosenki W\u0142oskiej w Sanremo w 2024 roku.<\/span><\/p>\n<p><span style=\"font-weight: 400;\">Maskotki maj\u0105 <\/span><b>symbolizowa\u0107 w\u0142oskiego ducha i warto\u015bci olimpijskie,<\/b><span style=\"font-weight: 400;\"> a towarzyszy im <\/span><b>sze\u015b\u0107 ma\u0142ych przebi\u015bnieg\u00f3w nazwanych The Flo, kt\u00f3re dodaj\u0105 rado\u015bci i dynamiki ca\u0142emu wydarzeniu<\/b><span style=\"font-weight: 400;\"> (przebi\u015bniegi zaj\u0119\u0142y 2. miejsce w konkursie na maskotk\u0119 igrzysk).<\/span><\/p>\n<p><b>Tina <\/b><span style=\"font-weight: 400;\">\u2013 maskotka Igrzysk Olimpijskich, kreatywna i twardo st\u0105paj\u0105ca po ziemi, kocha miasto i sztuk\u0119, a jej motto brzmi: \u201cMiej wielkie marzenia!\u201d (\u201cDream big!\u201d). Imi\u0119 pochodzi od Cortiny d\u2019Ampezzo.<\/span><\/p>\n<p><b>Milo <\/b><span style=\"font-weight: 400;\">\u2013 maskotka Igrzysk Paralimpijskich, marzycielka i dowcipna, uwielbia zabawy w \u015bniegu i wymy\u015blanie instrument\u00f3w muzycznych. Pomimo urodzenia si\u0119 bez \u0142apki, porusza si\u0119 dzi\u0119ki ogonowi, a jej motto to: \u201cPrzeszkody s\u0105 trampolinami\u201d (\u201cObstacles are trampolines\u201d). Imi\u0119 pochodzi od Medioalnu (Milano).<\/span><\/p>\n<h3><strong>Logo igrzysk \u2013 symbolika<\/strong><\/h3>\n<p><span style=\"font-weight: 400;\">Logo Zimowych Igrzysk Olimpijskich 2026 \u0142\u0105czy nowoczesn\u0105 estetyk\u0119 z odniesieniem do w\u0142oskiej kultury i architektury. Jego forma symbolizuje zar\u00f3wno ruch sportowy, jak i harmoni\u0119 mi\u0119dzy uczestnikami z ca\u0142ego \u015bwiata, nawi\u0105zuj\u0105c do motywu przewodniego igrzysk.<\/span><\/p>\n<h3><strong>Has\u0142o przewodnie igrzysk<\/strong><\/h3>\n<p><span style=\"font-weight: 400;\">Has\u0142o olimpijskie na 2026 rok odzwierciedla ducha jedno\u015bci i rado\u015bci z rywalizacji: \u201cHarmonia\u201d. Ma podkre\u015bla\u0107 wsp\u00f3\u0142prac\u0119, integracj\u0119 i wsp\u00f3lne prze\u017cywanie emocji przez sportowc\u00f3w i kibic\u00f3w z r\u00f3\u017cnych kraj\u00f3w.<\/span><\/p>\n<h2><strong>Zr\u00f3wnowa\u017cony rozw\u00f3j i dziedzictwo Zimowych Igrzysk Olimpijskich 2026<\/strong><\/h2>\n<p><span style=\"font-weight: 400;\">Zimowe Igrzyska Olimpijskie 2026 w Mediolanie i Cortinie d\u2019Ampezzo to nie tylko sportowe emocje, ale r\u00f3wnie\u017c wyzwanie ekologiczne i planowanie co b\u0119dzie po igrzyskach. Organizatorzy stawiaj\u0105 na minimalizowanie \u015bladu w\u0119glowego i maksymalne wykorzystanie istniej\u0105cej infrastruktury.<\/span><\/p>\n<h3><strong>Wykorzystanie istniej\u0105cej infrastruktury<\/strong><\/h3>\n<p><b>A\u017c 90% obiekt\u00f3w sportowych to budynki istniej\u0105ce lub tymczasowe, <\/b><span style=\"font-weight: 400;\">kt\u00f3re zostan\u0105 zdemontowane po zawodach<\/span><b>. Zachowana wioska olimpijska b\u0119dzie pe\u0142ni\u0107 funkcj\u0119 kampusu dla lokalnego uniwersytetu, a cz\u0119\u015b\u0107 wyposa\u017cenia sportowego pochodzi z poprzednich igrzysk w Pary\u017cu w ramach gospodarki cyrkularnej. <\/b><span style=\"font-weight: 400;\">Takie rozwi\u0105zania ograniczaj\u0105 potrzeb\u0119 nowych inwestycji i zmniejszaj\u0105 wp\u0142yw igrzysk na \u015brodowisko.<\/span><\/p>\n<h3><strong>Ekologia i ograniczanie \u015bladu w\u0119glowego<\/strong><\/h3>\n<p><span style=\"font-weight: 400;\">Organizatorzy deklaruj\u0105<\/span><b> pe\u0142ne wykorzystanie energii odnawialnej <\/b><span style=\"font-weight: 400;\">podczas wydarzenia oraz minimalizowanie marnotrawstwa \u017cywno\u015bci poprzez przekazywanie nadwy\u017cek organizacjom charytatywnym.<\/span><\/p>\n<p><b>Mimo ambitnych plan\u00f3w, wyzwania pozostaj\u0105:<\/b><\/p>\n<ul>\n<li style=\"font-weight: 400;\" aria-level=\"1\"><span style=\"font-weight: 400;\">rozproszenie obiekt\u00f3w w czterech w\u0142oskich regionach wymaga budowy sze\u015bciu o\u015brodk\u00f3w noclegowych,<\/span><\/li>\n<li style=\"font-weight: 400;\" aria-level=\"1\"><span style=\"font-weight: 400;\">budowa toru saneczkowego w Cortinie wymaga\u0142a wycinki kilkuset drzew,<\/span><\/li>\n<li style=\"font-weight: 400;\" aria-level=\"1\"><span style=\"font-weight: 400;\">produkcja sztucznego \u015bniegu generuje wysokie zu\u017cycie wody i energii.<\/span><\/li>\n<\/ul>\n<p><span style=\"font-weight: 400;\">\u0141\u0105czny \u015blad w\u0119glowy igrzysk szacowany jest na oko\u0142o 1 mln ton ekwiwalentu CO\u2082, co jest mniejsze ni\u017c w przypadku wcze\u015bniejszych zimowych olimpiad, ale nadal stanowi znacz\u0105ce obci\u0105\u017cenie \u015brodowiskowe.<\/span><\/p>\n<h3><strong>Co zostanie po igrzyskach?<\/strong><\/h3>\n<p><span style=\"font-weight: 400;\">Po zako\u0144czeniu zawod\u00f3w wi\u0119kszo\u015b\u0107 infrastruktury tymczasowej zostanie zdemontowana. Wioska olimpijska i cz\u0119\u015b\u0107 obiekt\u00f3w pos\u0142u\u017c\u0105 spo\u0142eczno\u015bci lokalnej oraz instytucjom edukacyjnym. <\/span><b>Wyposa\u017cenie sportowe i technologie wykorzystane podczas igrzysk b\u0119d\u0105 mog\u0142y by\u0107 ponownie u\u017cyte w innych wydarzeniach, <\/b><span style=\"font-weight: 400;\">co wpisuje si\u0119 w strategi\u0119 zr\u00f3wnowa\u017conego dziedzictwa olimpijskiego.<\/span><\/p>\n<h3><strong>Zmiana klimatu a sport<\/strong><\/h3>\n<p><span style=\"font-weight: 400;\">Igrzyska odbywaj\u0105 si\u0119 w cieniu post\u0119puj\u0105cej zmiany klimatu, co wp\u0142ywa na planowanie wydarze\u0144 i bezpiecze\u0144stwo zawodnik\u00f3w. <\/span><b>Badania wskazuj\u0105, \u017ce do 2050 roku jedynie 10 lokalizacji dotychczasowych zimowych igrzysk zachowa naturalny potencja\u0142 \u015bnie\u017cny. <\/b><span style=\"font-weight: 400;\">Wyzwania zwi\u0105zane z pogod\u0105 i produkcj\u0105 sztucznego \u015bniegu w dodatnich temperaturach s\u0105 realnym problemem, jednak w przypadku Mediolanu i Cortiny zimowe warunki w styczniu pozwoli\u0142y na sprawne przygotowania obiekt\u00f3w.<\/span><\/p>\n<h2><strong>Bilety, transmisje i jak \u015bledzi\u0107 Zimowe Igrzyska Olimpijskie 2026<\/strong><\/h2>\n<p><span style=\"font-weight: 400;\">Zimowe Igrzyska Olimpijskie 2026 odb\u0119d\u0105 si\u0119 od 6 do 22 lutego w Mediolanie, Cortinie d\u2019Ampezzo i innych regionach p\u00f3\u0142nocnych W\u0142och. Oto najwa\u017cniejsze informacje dla kibic\u00f3w, kt\u00f3rzy chc\u0105 \u015bledzi\u0107 rywalizacj\u0119 na \u017cywo lub w telewizji.<\/span><\/p>\n<h3><strong>Gdzie i kiedy kupi\u0107 bilety?<\/strong><\/h3>\n<p><span style=\"font-weight: 400;\">Bilety na Zimowe Igrzyska Olimpijskie 2026 mo\u017cna nabywa\u0107 bezpo\u015brednio na oficjalnej stronie organizator\u00f3w oraz u wybranych partner\u00f3w sprzeda\u017cy. Sprzeda\u017c bilet\u00f3w prowadzona jest etapami \u2013 od wcze\u015bniejszych pakiet\u00f3w dla mieszka\u0144c\u00f3w W\u0142och po dost\u0119p dla mi\u0119dzynarodowych kibic\u00f3w.<\/span><\/p>\n<p><span style=\"font-weight: 400;\">Warto \u015bledzi\u0107 oficjaln\u0105 stron\u0119 olimpijsk\u0105 i media spo\u0142eczno\u015bciowe igrzysk, aby nie przegapi\u0107 otwarcia kolejnych rund sprzeda\u017cy oraz promocji na konkretne konkurencje.<\/span><\/p>\n<h3><strong>Gdzie ogl\u0105da\u0107 igrzyska w Polsce?<\/strong><\/h3>\n<p><b>W Polsce transmisje Zimowych Igrzysk Olimpijskich 2026 b\u0119d\u0105 dost\u0119pne w stacjach:<\/b><\/p>\n<ul>\n<li style=\"font-weight: 400;\" aria-level=\"1\"><b>TVP <\/b><span style=\"font-weight: 400;\">\u2013 g\u0142\u00f3wny nadawca olimpijski w kraju, relacje z ceremonii i najwa\u017cniejszych konkurencji,<\/span><\/li>\n<li style=\"font-weight: 400;\" aria-level=\"1\"><b>Eurosport <\/b><span style=\"font-weight: 400;\">\u2013 obszerne relacje z wi\u0119kszo\u015bci dyscyplin, studio analiz i wywiady,<\/span><\/li>\n<li style=\"font-weight: 400;\" aria-level=\"1\"><b>platformy online: TVP Sport, HBO Max oraz Player.pl<\/b><span style=\"font-weight: 400;\"> \u2013 transmisje na \u017cywo i w formie VOD, mo\u017cliwo\u015b\u0107 \u015bledzenia wydarze\u0144 w dowolnym czasie.<\/span><\/li>\n<\/ul>\n<p><span style=\"font-weight: 400;\">Dzi\u0119ki temu kibice w Polsce b\u0119d\u0105 mogli ogl\u0105da\u0107 zawody w telewizji, na komputerze i w aplikacjach mobilnych.<\/span><\/p>\n<\/div>\n            <\/div>\n        <\/div>\n    <\/div>\n<\/section>\n\n\n<section class=\"events-slider-block  section-margin-32\" data-events-slider-block data-carousel-title=\"Gor\u0105ce wydarzenia\" data-carousel-type=\"karuzela_z_t\u0142em\" data-item-list-name=\"Karuzela z t\u0142em Gor\u0105ce wydarzenia\" data-item-list-id=\"karuzela_z_t\u0142em Gor\u0105ce wydarzenia\" >\n    <div class=\"container\">\n        <div class=\"row\">\n            <div class=\"col-24\">\n                <div class=\"events-slider-block__wrapper\">\n                                            <div class=\"events-slider-block__bg\"><img loading=\"lazy\" decoding=\"async\" width=\"1896\" height=\"1065\" src=\"https:\/\/www.ebilet.pl\/now\/app\/uploads\/2024\/02\/shutterstock_538491133-e1711351161563.jpg\" class=\"attachment-full size-full\" alt=\"\" srcset=\"https:\/\/www.ebilet.pl\/now\/app\/uploads\/2024\/02\/shutterstock_538491133-e1711351161563.jpg 1896w, https:\/\/www.ebilet.pl\/now\/app\/uploads\/2024\/02\/shutterstock_538491133-e1711351161563-1024x575.jpg 1024w, https:\/\/www.ebilet.pl\/now\/app\/uploads\/2024\/02\/shutterstock_538491133-e1711351161563-1536x863.jpg 1536w, https:\/\/www.ebilet.pl\/now\/app\/uploads\/2024\/02\/shutterstock_538491133-e1711351161563-1280x720.jpg 1280w, https:\/\/www.ebilet.pl\/now\/app\/uploads\/2024\/02\/shutterstock_538491133-e1711351161563-500x281.jpg 500w, https:\/\/www.ebilet.pl\/now\/app\/uploads\/2024\/02\/shutterstock_538491133-e1711351161563-632x355.jpg 632w, https:\/\/www.ebilet.pl\/now\/app\/uploads\/2024\/02\/shutterstock_538491133-e1711351161563-308x174.jpg 308w, https:\/\/www.ebilet.pl\/now\/app\/uploads\/2024\/02\/shutterstock_538491133-e1711351161563-300x169.jpg 300w, https:\/\/www.ebilet.pl\/now\/app\/uploads\/2024\/02\/shutterstock_538491133-e1711351161563-768x431.jpg 768w\" sizes=\"auto, (max-width: 1896px) 100vw, 1896px\" \/><\/div>\n                                                                <div class=\"events-slider-block__top\">\n                                                            <div class=\"events-slider-block__title desktop\">\n                                    <h2 class=\"typo-h2\">Gor\u0105ce wydarzenia<\/h2>\n                                <\/div>\n                                                                                        <div class=\"events-slider-block__title mobile\">\n                                    <h2 class=\"typo-h2\">Gor\u0105ce wydarzenia<\/h2>\n                                <\/div>\n                                                    <\/div>\n                                                            <div class=\"events-slider-block__main\">\n                        <div class=\"events-slider-block__nav events-slider-block__nav--prev\">\n                            <div class=\"button button--withIcon button--theme-white-blur button--size-fixed-48\" data-events-prev>\n                                <span class=\"button__icon icon icon-chevron-left\"><\/span>\n                            <\/div>\n                        <\/div>\n                        <div class=\"events-slider-block__nav events-slider-block__nav--next\">\n                            <div class=\"button button--withIcon button--theme-white-blur button--size-fixed-48\" data-events-next>\n                                <span class=\"button__icon icon icon-chevron-right\"><\/span>\n                            <\/div>\n                        <\/div>\n                        <div class=\"events-slider-block__slider\">\n                            <div class=\"swiper\" data-events-slider>\n                                <div class=\"events-slider-block__sliderWrapper swiper-wrapper\">\n                                                                    <div class=\"events-slider-block__sliderItem swiper-slide\">\n                                    \n<div class=\"card-event  card-event--size-small\">\n        <a href=\"https:\/\/www.ebilet.pl\/muzyka\/festiwale\/opener-festival\" target=\"_blank\" class=\"card-event__link\" rel=\"nofollow noopener\"><\/a>\n        <div class=\"card-event__wrapper\">\n        <div class=\"card-event__image\">\n            <img decoding=\"async\" src=\"https:\/\/www.ebilet.pl\/media\/cms\/media\/qkso1del\/opene_2027_tameimpala_552x736_ebilet-1d7aa61e-0a2a-4f3b-b538-d84518354aa2.webp\" alt=\"\">\n        <\/div>\n        <div class=\"card-event__data\">\n            <div class=\"card-event__name\">\n                <p>Open&#8217;er Festival 2027<\/p>\n            <\/div>\n            <div class=\"card-event__date\">30.06.2027-30.06.2027<\/div>\n            <div class=\"card-event__location\">Gdynia<\/div>\n        <\/div>\n    <\/div>\n<\/div>                                    <\/div>\n                                                                    <div class=\"events-slider-block__sliderItem swiper-slide\">\n                                    \n<div class=\"card-event  card-event--size-small\">\n        <a href=\"https:\/\/www.ebilet.pl\/sport\/sporty-druzynowe\/koszykowka-mecz\" target=\"_blank\" class=\"card-event__link\" rel=\"nofollow noopener\"><\/a>\n        <div class=\"card-event__wrapper\">\n        <div class=\"card-event__image\">\n            <img decoding=\"async\" src=\"https:\/\/www.ebilet.pl\/media\/cms\/media\/hoxono4g\/podstawowe_portal-98225706-f40f-4253-9b63-9f6c375fb13f.webp\" alt=\"\">\n        <\/div>\n        <div class=\"card-event__data\">\n            <div class=\"card-event__name\">\n                <p>Kwalifikacje do Mistrzostw \u015awiata w koszyk\u00f3wce m\u0119\u017cczyzn 2027: Polska \u2013 Chorwacja<\/p>\n            <\/div>\n            <div class=\"card-event__date\">27.11.2026-27.11.2026<\/div>\n            <div class=\"card-event__location\">Gliwice<\/div>\n        <\/div>\n    <\/div>\n<\/div>                                    <\/div>\n                                                                    <div class=\"events-slider-block__sliderItem swiper-slide\">\n                                    \n<div class=\"card-event  card-event--size-small\">\n        <a href=\"https:\/\/www.ebilet.pl\/muzyka\/rock\/russell-crowe\" target=\"_blank\" class=\"card-event__link\" rel=\"nofollow noopener\"><\/a>\n        <div class=\"card-event__wrapper\">\n        <div class=\"card-event__image\">\n            <img decoding=\"async\" src=\"https:\/\/www.ebilet.pl\/media\/cms\/media\/dajolyng\/rusel_pion-738c048c-2504-4de3-a226-d83518cf8463.webp\" alt=\"\">\n        <\/div>\n        <div class=\"card-event__data\">\n            <div class=\"card-event__name\">\n                <p>Russell Crowe\u2019s Indoor Garden Party<\/p>\n            <\/div>\n            <div class=\"card-event__date\">05.06.2027-05.06.2027<\/div>\n            <div class=\"card-event__location\">\u0106miel\u00f3w<\/div>\n        <\/div>\n    <\/div>\n<\/div>                                    <\/div>\n                                                                    <div class=\"events-slider-block__sliderItem swiper-slide\">\n                                    \n<div class=\"card-event  card-event--size-small\">\n        <a href=\"https:\/\/www.ebilet.pl\/muzyka\/rock\/fontaines-dc\" target=\"_blank\" class=\"card-event__link\" rel=\"nofollow noopener\"><\/a>\n        <div class=\"card-event__wrapper\">\n        <div class=\"card-event__image\">\n            <img decoding=\"async\" src=\"https:\/\/www.ebilet.pl\/media\/cms\/media\/ovge4bna\/fontaines_dc_portal_552x736.webp\" alt=\"\">\n        <\/div>\n        <div class=\"card-event__data\">\n            <div class=\"card-event__name\">\n                <p>Fontaines D.C. EU TOUR 2026<\/p>\n            <\/div>\n            <div class=\"card-event__date\">31.10.2026-31.10.2026<\/div>\n            <div class=\"card-event__location\">\u0141\u00f3d\u017a<\/div>\n        <\/div>\n    <\/div>\n<\/div>                                    <\/div>\n                                                                    <div class=\"events-slider-block__sliderItem swiper-slide\">\n                                    \n<div class=\"card-event  card-event--size-small\">\n        <a href=\"https:\/\/www.ebilet.pl\/biznes\/wystawa\/van-gogh\" target=\"_blank\" class=\"card-event__link\" rel=\"nofollow noopener\"><\/a>\n        <div class=\"card-event__wrapper\">\n        <div class=\"card-event__image\">\n            <img decoding=\"async\" src=\"https:\/\/www.ebilet.pl\/media\/cms\/media\/rx0pgtm4\/nowa-ebilet-_vg-__-lublin_-552-736-5ddf74a4-5cec-41cd-9f00-a4baa0f7a221.webp\" alt=\"\">\n        <\/div>\n        <div class=\"card-event__data\">\n            <div class=\"card-event__name\">\n                <p>VAN GOGH \u2013 Wystawa Immersyjna &#8211; Lublin<\/p>\n            <\/div>\n            <div class=\"card-event__date\">15.09.2026-15.09.2026<\/div>\n            <div class=\"card-event__location\">Lublin<\/div>\n        <\/div>\n    <\/div>\n<\/div>                                    <\/div>\n                                                                    <div class=\"events-slider-block__sliderItem swiper-slide\">\n                                    \n<div class=\"card-event  card-event--size-small\">\n        <a href=\"https:\/\/www.ebilet.pl\/muzyka\/festiwale\/olsztyn-green-festival\" target=\"_blank\" class=\"card-event__link\" rel=\"nofollow noopener\"><\/a>\n        <div class=\"card-event__wrapper\">\n        <div class=\"card-event__image\">\n            <img decoding=\"async\" src=\"https:\/\/www.ebilet.pl\/media\/cms\/media\/ivzhtv3z\/1080x1350_ogf_edycja_2027-18faf89b-3a6e-4aa9-b07b-593f24448a27.webp\" alt=\"\">\n        <\/div>\n        <div class=\"card-event__data\">\n            <div class=\"card-event__name\">\n                <p>Olsztyn Green Festival 2027<\/p>\n            <\/div>\n            <div class=\"card-event__date\">13.08.2027-13.08.2027<\/div>\n            <div class=\"card-event__location\">Olsztyn<\/div>\n        <\/div>\n    <\/div>\n<\/div>                                    <\/div>\n                                                                    <div class=\"events-slider-block__sliderItem swiper-slide\">\n                                    \n<div class=\"card-event  card-event--size-small\">\n        <a href=\"https:\/\/www.ebilet.pl\/sport\/sporty-walki\/ksw-gala\" target=\"_blank\" class=\"card-event__link\" rel=\"nofollow noopener\"><\/a>\n        <div class=\"card-event__wrapper\">\n        <div class=\"card-event__image\">\n            <img decoding=\"async\" src=\"https:\/\/www.ebilet.pl\/media\/cms\/media\/cz4hwoy5\/ksw122_552x736-kopia-2bfd4e82-ebbc-475a-901b-7cd82d226339.webp\" alt=\"\">\n        <\/div>\n        <div class=\"card-event__data\">\n            <div class=\"card-event__name\">\n                <p>XTB KSW 122<\/p>\n            <\/div>\n            <div class=\"card-event__date\">10.10.2026-10.10.2026<\/div>\n            <div class=\"card-event__location\">Rzesz\u00f3w<\/div>\n        <\/div>\n    <\/div>\n<\/div>                                    <\/div>\n                                                                    <div class=\"events-slider-block__sliderItem swiper-slide\">\n                                    \n<div class=\"card-event  card-event--size-small\">\n        <a href=\"https:\/\/www.ebilet.pl\/muzyka\/hip-hop-rap\/gombao33\" target=\"_blank\" class=\"card-event__link\" rel=\"nofollow noopener\"><\/a>\n        <div class=\"card-event__wrapper\">\n        <div class=\"card-event__image\">\n            <img decoding=\"async\" src=\"https:\/\/www.ebilet.pl\/media\/cms\/media\/ctcikvkb\/gombao_bez_napisu-2ebe28b7-760a-4987-8d6c-0cb2fe6f2203.webp\" alt=\"\">\n        <\/div>\n        <div class=\"card-event__data\">\n            <div class=\"card-event__name\">\n                <p>G33 Tour &#8211; Tadeo x Szczepan x Wygu\u015b x Mata<\/p>\n            <\/div>\n            <div class=\"card-event__date\">12.09.2026-12.09.2026<\/div>\n            <div class=\"card-event__location\">Bydgoszcz, Gwi\u017adziny, Kra\u015bnik i inne<\/div>\n        <\/div>\n    <\/div>\n<\/div>                                    <\/div>\n                                                                    <div class=\"events-slider-block__sliderItem swiper-slide\">\n                                    \n<div class=\"card-event  card-event--size-small\">\n        <a href=\"https:\/\/www.ebilet.pl\/muzyka\/pop\/tokio-hotel\" target=\"_blank\" class=\"card-event__link\" rel=\"nofollow noopener\"><\/a>\n        <div class=\"card-event__wrapper\">\n        <div class=\"card-event__image\">\n            <img decoding=\"async\" src=\"https:\/\/www.ebilet.pl\/media\/cms\/media\/i02j3uly\/tokio-hotel-552.webp\" alt=\"\">\n        <\/div>\n        <div class=\"card-event__data\">\n            <div class=\"card-event__name\">\n                <p>Tokio Hotel<\/p>\n            <\/div>\n            <div class=\"card-event__date\">19.08.2027-19.08.2027<\/div>\n            <div class=\"card-event__location\">Warszawa<\/div>\n        <\/div>\n    <\/div>\n<\/div>                                    <\/div>\n                                                                    <div class=\"events-slider-block__sliderItem swiper-slide\">\n                                    \n<div class=\"card-event  card-event--size-small\">\n        <a href=\"https:\/\/www.ebilet.pl\/muzyka\/pop\/take-that\" target=\"_blank\" class=\"card-event__link\" rel=\"nofollow noopener\"><\/a>\n        <div class=\"card-event__wrapper\">\n        <div class=\"card-event__image\">\n            <img decoding=\"async\" src=\"https:\/\/www.ebilet.pl\/media\/cms\/media\/eiqdozli\/ebilet-552x736-take-that.webp\" alt=\"\">\n        <\/div>\n        <div class=\"card-event__data\">\n            <div class=\"card-event__name\">\n                <p>Take That<\/p>\n            <\/div>\n            <div class=\"card-event__date\">13.06.2027-13.06.2027<\/div>\n            <div class=\"card-event__location\">Warszawa<\/div>\n        <\/div>\n    <\/div>\n<\/div>                                    <\/div>\n                                                                    <div class=\"events-slider-block__sliderItem swiper-slide\">\n                                    \n<div class=\"card-event  card-event--size-small\">\n        <a href=\"https:\/\/www.ebilet.pl\/muzyka\/festiwale\/up-to-date-festival\" target=\"_blank\" class=\"card-event__link\" rel=\"nofollow noopener\"><\/a>\n        <div class=\"card-event__wrapper\">\n        <div class=\"card-event__image\">\n            <img decoding=\"async\" src=\"https:\/\/www.ebilet.pl\/media\/cms\/media\/jfdlnoqn\/ebilet-552x736-portal-wersja-2-c38ddeaf-bf05-4f54-9e4d-377e6b572335.webp\" alt=\"\">\n        <\/div>\n        <div class=\"card-event__data\">\n            <div class=\"card-event__name\">\n                <p>Up To Date Festival 2027<\/p>\n            <\/div>\n            <div class=\"card-event__date\">27.05.2027-27.05.2027<\/div>\n            <div class=\"card-event__location\">Bia\u0142ystok<\/div>\n        <\/div>\n    <\/div>\n<\/div>                                    <\/div>\n                                                                    <div class=\"events-slider-block__sliderItem swiper-slide\">\n                                    \n<div class=\"card-event  card-event--size-small\">\n        <a href=\"https:\/\/www.ebilet.pl\/muzyka\/piosenka\/koncert-koled-i-pastoralek-golec-uorkiestra\" target=\"_blank\" class=\"card-event__link\" rel=\"nofollow noopener\"><\/a>\n        <div class=\"card-event__wrapper\">\n        <div class=\"card-event__image\">\n            <img decoding=\"async\" src=\"https:\/\/www.ebilet.pl\/media\/cms\/media\/sqlacf5s\/golec_552x736_ebilet-c90c1dab-7443-46cc-b6f7-252554a5cab4.webp\" alt=\"\">\n        <\/div>\n        <div class=\"card-event__data\">\n            <div class=\"card-event__name\">\n                <p>Golec uOrkiestra &#8211; Koncert Kol\u0119d i Pastora\u0142ek<\/p>\n            <\/div>\n            <div class=\"card-event__date\">18.12.2026-18.12.2026<\/div>\n            <div class=\"card-event__location\">Bielsko-Bia\u0142a, Bydgoszcz, Gda\u0144sk i inne<\/div>\n        <\/div>\n    <\/div>\n<\/div>                                    <\/div>\n                                                                    <div class=\"events-slider-block__sliderItem swiper-slide\">\n                                    \n<div class=\"card-event  card-event--size-small\">\n        <a href=\"https:\/\/www.ebilet.pl\/muzyka\/hip-hop-rap\/otsochodzi\" target=\"_blank\" class=\"card-event__link\" rel=\"nofollow noopener\"><\/a>\n        <div class=\"card-event__wrapper\">\n        <div class=\"card-event__image\">\n            <img decoding=\"async\" src=\"https:\/\/www.ebilet.pl\/media\/cms\/media\/ucuizr2w\/tt-552-x-736-kopia.webp\" alt=\"\">\n        <\/div>\n        <div class=\"card-event__data\">\n            <div class=\"card-event__name\">\n                <p>Otsochodzi &#8211; RIOTT<\/p>\n            <\/div>\n            <div class=\"card-event__date\">01.10.2026-01.10.2026<\/div>\n            <div class=\"card-event__location\">Gda\u0144sk, Krak\u00f3w, Pozna\u0144 i inne<\/div>\n        <\/div>\n    <\/div>\n<\/div>                                    <\/div>\n                                                                    <div class=\"events-slider-block__sliderItem swiper-slide\">\n                                    \n<div class=\"card-event  card-event--size-small\">\n        <a href=\"https:\/\/www.ebilet.pl\/muzyka\/pop\/pitbull\" target=\"_blank\" class=\"card-event__link\" rel=\"nofollow noopener\"><\/a>\n        <div class=\"card-event__wrapper\">\n        <div class=\"card-event__image\">\n            <img decoding=\"async\" src=\"https:\/\/www.ebilet.pl\/media\/cms\/media\/5lzfwzwf\/pitbull_552x736-51986cca-48f5-4419-a9c5-cba531ed65a3.webp\" alt=\"\">\n        <\/div>\n        <div class=\"card-event__data\">\n            <div class=\"card-event__name\">\n                <p>Pitbull &#8211; I&#8217;m Back!<\/p>\n            <\/div>\n            <div class=\"card-event__date\">27.11.2026-27.11.2026<\/div>\n            <div class=\"card-event__location\">Gda\u0144sk\/Sopot, \u0141\u00f3d\u017a<\/div>\n        <\/div>\n    <\/div>\n<\/div>                                    <\/div>\n                                                                <\/div>\n                            <\/div>\n                        <\/div>\n                        <div class=\"events-slider-block__events swiper\" data-events-events-descriptions>\n                            <div class=\"events-slider-block__eventsWrapper swiper-wrapper\">\n                                                            <div class=\"events-slider-block__eventsItem swiper-slide\">\n                                    <a href=\"https:\/\/www.ebilet.pl\/muzyka\/festiwale\/opener-festival\" target=\"_blank\" class=\"events-slider-block__eventsName\">\n                                        <p>Open&#039;er Festival 2027<\/p>\n                                    <\/a>\n                                    <div class=\"events-slider-block__eventsDate\">\n                                        30.06.2027-03.07.2027                                    <\/div>\n                                    <div class=\"events-slider-block__eventsLocation\">Gdynia<\/div>\n                                <\/div>\n                                                            <div class=\"events-slider-block__eventsItem swiper-slide\">\n                                    <a href=\"https:\/\/www.ebilet.pl\/sport\/sporty-druzynowe\/koszykowka-mecz\" target=\"_blank\" class=\"events-slider-block__eventsName\">\n                                        <p>Kwalifikacje do Mistrzostw \u015awiata w koszyk\u00f3wce m\u0119\u017cczyzn 2027: Polska \u2013 Chorwacja<\/p>\n                                    <\/a>\n                                    <div class=\"events-slider-block__eventsDate\">\n                                        27.11.2026-27.11.2026                                    <\/div>\n                                    <div class=\"events-slider-block__eventsLocation\">Gliwice<\/div>\n                                <\/div>\n                                                            <div class=\"events-slider-block__eventsItem swiper-slide\">\n                                    <a href=\"https:\/\/www.ebilet.pl\/muzyka\/rock\/russell-crowe\" target=\"_blank\" class=\"events-slider-block__eventsName\">\n                                        <p>Russell Crowe\u2019s Indoor Garden Party<\/p>\n                                    <\/a>\n                                    <div class=\"events-slider-block__eventsDate\">\n                                        05.06.2027-05.06.2027                                    <\/div>\n                                    <div class=\"events-slider-block__eventsLocation\">\u0106miel\u00f3w<\/div>\n                                <\/div>\n                                                            <div class=\"events-slider-block__eventsItem swiper-slide\">\n                                    <a href=\"https:\/\/www.ebilet.pl\/muzyka\/rock\/fontaines-dc\" target=\"_blank\" class=\"events-slider-block__eventsName\">\n                                        <p>Fontaines D.C. EU TOUR 2026<\/p>\n                                    <\/a>\n                                    <div class=\"events-slider-block__eventsDate\">\n                                        31.10.2026-31.10.2026                                    <\/div>\n                                    <div class=\"events-slider-block__eventsLocation\">\u0141\u00f3d\u017a<\/div>\n                                <\/div>\n                                                            <div class=\"events-slider-block__eventsItem swiper-slide\">\n                                    <a href=\"https:\/\/www.ebilet.pl\/biznes\/wystawa\/van-gogh\" target=\"_blank\" class=\"events-slider-block__eventsName\">\n                                        <p>VAN GOGH \u2013 Wystawa Immersyjna &#8211; Lublin<\/p>\n                                    <\/a>\n                                    <div class=\"events-slider-block__eventsDate\">\n                                        15.09.2026-31.12.2026                                    <\/div>\n                                    <div class=\"events-slider-block__eventsLocation\">Lublin<\/div>\n                                <\/div>\n                                                            <div class=\"events-slider-block__eventsItem swiper-slide\">\n                                    <a href=\"https:\/\/www.ebilet.pl\/muzyka\/festiwale\/olsztyn-green-festival\" target=\"_blank\" class=\"events-slider-block__eventsName\">\n                                        <p>Olsztyn Green Festival 2027<\/p>\n                                    <\/a>\n                                    <div class=\"events-slider-block__eventsDate\">\n                                        13.08.2027-13.08.2027                                    <\/div>\n                                    <div class=\"events-slider-block__eventsLocation\">Olsztyn<\/div>\n                                <\/div>\n                                                            <div class=\"events-slider-block__eventsItem swiper-slide\">\n                                    <a href=\"https:\/\/www.ebilet.pl\/sport\/sporty-walki\/ksw-gala\" target=\"_blank\" class=\"events-slider-block__eventsName\">\n                                        <p>XTB KSW 122<\/p>\n                                    <\/a>\n                                    <div class=\"events-slider-block__eventsDate\">\n                                        10.10.2026-10.10.2026                                    <\/div>\n                                    <div class=\"events-slider-block__eventsLocation\">Rzesz\u00f3w<\/div>\n                                <\/div>\n                                                            <div class=\"events-slider-block__eventsItem swiper-slide\">\n                                    <a href=\"https:\/\/www.ebilet.pl\/muzyka\/hip-hop-rap\/gombao33\" target=\"_blank\" class=\"events-slider-block__eventsName\">\n                                        <p>G33 Tour &#8211; Tadeo x Szczepan x Wygu\u015b x Mata<\/p>\n                                    <\/a>\n                                    <div class=\"events-slider-block__eventsDate\">\n                                        12.09.2026-04.10.2026                                    <\/div>\n                                    <div class=\"events-slider-block__eventsLocation\">Bydgoszcz, Gwi\u017adziny, Kra\u015bnik i inne<\/div>\n                                <\/div>\n                                                            <div class=\"events-slider-block__eventsItem swiper-slide\">\n                                    <a href=\"https:\/\/www.ebilet.pl\/muzyka\/pop\/tokio-hotel\" target=\"_blank\" class=\"events-slider-block__eventsName\">\n                                        <p>Tokio Hotel<\/p>\n                                    <\/a>\n                                    <div class=\"events-slider-block__eventsDate\">\n                                        19.08.2027-19.08.2027                                    <\/div>\n                                    <div class=\"events-slider-block__eventsLocation\">Warszawa<\/div>\n                                <\/div>\n                                                            <div class=\"events-slider-block__eventsItem swiper-slide\">\n                                    <a href=\"https:\/\/www.ebilet.pl\/muzyka\/pop\/take-that\" target=\"_blank\" class=\"events-slider-block__eventsName\">\n                                        <p>Take That<\/p>\n                                    <\/a>\n                                    <div class=\"events-slider-block__eventsDate\">\n                                        13.06.2027-13.06.2027                                    <\/div>\n                                    <div class=\"events-slider-block__eventsLocation\">Warszawa<\/div>\n                                <\/div>\n                                                            <div class=\"events-slider-block__eventsItem swiper-slide\">\n                                    <a href=\"https:\/\/www.ebilet.pl\/muzyka\/festiwale\/up-to-date-festival\" target=\"_blank\" class=\"events-slider-block__eventsName\">\n                                        <p>Up To Date Festival 2027<\/p>\n                                    <\/a>\n                                    <div class=\"events-slider-block__eventsDate\">\n                                        27.05.2027-28.05.2027                                    <\/div>\n                                    <div class=\"events-slider-block__eventsLocation\">Bia\u0142ystok<\/div>\n                                <\/div>\n                                                            <div class=\"events-slider-block__eventsItem swiper-slide\">\n                                    <a href=\"https:\/\/www.ebilet.pl\/muzyka\/piosenka\/koncert-koled-i-pastoralek-golec-uorkiestra\" target=\"_blank\" class=\"events-slider-block__eventsName\">\n                                        <p>Golec uOrkiestra &#8211; Koncert Kol\u0119d i Pastora\u0142ek<\/p>\n                                    <\/a>\n                                    <div class=\"events-slider-block__eventsDate\">\n                                        18.12.2026-17.01.2027                                    <\/div>\n                                    <div class=\"events-slider-block__eventsLocation\">Bielsko-Bia\u0142a, Bydgoszcz, Gda\u0144sk i inne<\/div>\n                                <\/div>\n                                                            <div class=\"events-slider-block__eventsItem swiper-slide\">\n                                    <a href=\"https:\/\/www.ebilet.pl\/muzyka\/hip-hop-rap\/otsochodzi\" target=\"_blank\" class=\"events-slider-block__eventsName\">\n                                        <p>Otsochodzi &#8211; RIOTT<\/p>\n                                    <\/a>\n                                    <div class=\"events-slider-block__eventsDate\">\n                                        01.10.2026-03.12.2026                                    <\/div>\n                                    <div class=\"events-slider-block__eventsLocation\">Gda\u0144sk, Krak\u00f3w, Pozna\u0144 i inne<\/div>\n                                <\/div>\n                                                            <div class=\"events-slider-block__eventsItem swiper-slide\">\n                                    <a href=\"https:\/\/www.ebilet.pl\/muzyka\/pop\/pitbull\" target=\"_blank\" class=\"events-slider-block__eventsName\">\n                                        <p>Pitbull &#8211; I&#039;m Back!<\/p>\n                                    <\/a>\n                                    <div class=\"events-slider-block__eventsDate\">\n                                        27.11.2026-03.12.2026                                    <\/div>\n                                    <div class=\"events-slider-block__eventsLocation\">Gda\u0144sk\/Sopot, \u0141\u00f3d\u017a<\/div>\n                                <\/div>\n                                                        <\/div>\n                        <\/div>\n                        <div class=\"events-slider-block__pagination\">\n                            <div class=\"swiper-pagination slider-pagination slider-pagination--theme-white\" data-events-slider-pagination><\/div>\n                        <\/div>\n                    <\/div>\n                                        <div class=\"events-slider-block__bottom\">\n                                                                                <div class=\"events-slider-block__link desktop\">\n                                    <a\n                                        class=\"button button--size-small button--theme-primary-yellow button--withIconLeft\"\n                                        href=\"https:\/\/www.ebilet.pl\/\">\n                                                                                    <div class=\"button__icon\"><img loading=\"lazy\" decoding=\"async\" width=\"30\" height=\"30\" src=\"https:\/\/www.ebilet.pl\/now\/app\/uploads\/2024\/01\/ticket-cinema-entertainment-coupon-discount-sale_30px.png\" class=\"attachment-full size-full\" alt=\"\" \/><\/div>\n                                                                                <p class=\"button__text typo-18\">Kup na eBilet.pl<\/p>\n                                    <\/a>\n                                <\/div>\n                                                                                <div class=\"events-slider-block__link mobile\">\n                                    <a\n                                        class=\"button button--size-small button--theme-primary-yellow button--withIconLeft\"\n                                        href=\"https:\/\/www.ebilet.pl\/\">\n                                                                                    <div class=\"button__icon\"><img loading=\"lazy\" decoding=\"async\" width=\"30\" height=\"30\" src=\"https:\/\/www.ebilet.pl\/now\/app\/uploads\/2024\/01\/ticket-cinema-entertainment-coupon-discount-sale_30px.png\" class=\"attachment-full size-full\" alt=\"\" \/><\/div>\n                                                                                <p class=\"button__text typo-18\">Kup na eBilet.pl<\/p>\n                                    <\/a>\n                                <\/div>\n                                            <\/div>\n                <\/div>\n            <\/div>\n        <\/div>\n    <\/div>\n<\/section>","protected":false},"excerpt":{"rendered":"<p>XXV Zimowe Igrzyska Olimpijskie zbli\u017caj\u0105 si\u0119 wielkimi krokami. Otwarcie ju\u017c 6 lutego 2026 roku! Gospodarzami b\u0119d\u0105 dwa w\u0142oskie miasta \u2013 Mediolan oraz Cortina d\u2019Ampezzo \u2013 ale rywalizacja b\u0119dzie odbywa\u0107 si\u0119 w wielu lokalizacjach. Sprawd\u017a, co musisz wiedzie\u0107 o Zimowych Igrzyskach Olimpijskich 2026!<\/p>\n","protected":false},"author":14,"featured_media":80080,"comment_status":"open","ping_status":"open","sticky":false,"template":"page-templates\/article-default.php","format":"standard","meta":{"_acf_changed":false,"footnotes":""},"article_tag":[257],"article_type":[559],"class_list":["post-80075","post","type-post","status-publish","format-standard","has-post-thumbnail","hentry","article_tag-igrzyska-olimpijskie","article_type-sport"],"acf":[],"_links":{"self":[{"href":"https:\/\/www.ebilet.pl\/now\/wp-json\/wp\/v2\/posts\/80075","targetHints":{"allow":["GET"]}}],"collection":[{"href":"https:\/\/www.ebilet.pl\/now\/wp-json\/wp\/v2\/posts"}],"about":[{"href":"https:\/\/www.ebilet.pl\/now\/wp-json\/wp\/v2\/types\/post"}],"author":[{"embeddable":true,"href":"https:\/\/www.ebilet.pl\/now\/wp-json\/wp\/v2\/users\/14"}],"replies":[{"embeddable":true,"href":"https:\/\/www.ebilet.pl\/now\/wp-json\/wp\/v2\/comments?post=80075"}],"version-history":[{"count":3,"href":"https:\/\/www.ebilet.pl\/now\/wp-json\/wp\/v2\/posts\/80075\/revisions"}],"predecessor-version":[{"id":80082,"href":"https:\/\/www.ebilet.pl\/now\/wp-json\/wp\/v2\/posts\/80075\/revisions\/80082"}],"wp:featuredmedia":[{"embeddable":true,"href":"https:\/\/www.ebilet.pl\/now\/wp-json\/wp\/v2\/media\/80080"}],"wp:attachment":[{"href":"https:\/\/www.ebilet.pl\/now\/wp-json\/wp\/v2\/media?parent=80075"}],"wp:term":[{"taxonomy":"article_tag","embeddable":true,"href":"https:\/\/www.ebilet.pl\/now\/wp-json\/wp\/v2\/article_tag?post=80075"},{"taxonomy":"article_type","embeddable":true,"href":"https:\/\/www.ebilet.pl\/now\/wp-json\/wp\/v2\/article_type?post=80075"}],"curies":[{"name":"wp","href":"https:\/\/api.w.org\/{rel}","templated":true}]}}