{"id":79511,"date":"2026-02-13T10:29:38","date_gmt":"2026-02-13T09:29:38","guid":{"rendered":"https:\/\/www.ebilet.pl\/now\/?p=79511"},"modified":"2026-02-13T10:54:54","modified_gmt":"2026-02-13T09:54:54","slug":"bozena-dykiel-nie-zyje-slynna-aktorka-miala-77-lat","status":"publish","type":"post","link":"https:\/\/www.ebilet.pl\/now\/bozena-dykiel-nie-zyje-slynna-aktorka-miala-77-lat\/","title":{"rendered":"Bo\u017cena Dykiel nie \u017cyje. S\u0142ynna aktorka mia\u0142a 77 lat"},"content":{"rendered":"\n<section class=\"text-block  section-margin-32\" >\n    <div class=\"container\">\n        <div class=\"row\">\n            <div class=\"col-24\">\n                <div class=\"text-block__content\"><h2>Zmar\u0142a Bo\u017cena Dykiel. Aktorka mia\u0142a 77 lat<\/h2>\n<p>W pi\u0105tek, 13 lutego w godzinach porannych media spo\u0142eczno\u015bciowe obieg\u0142y informacje o \u015bmierci<strong> Bo\u017ceny Dykiel.<\/strong> Oficjalne o\u015bwiadczenie jako pierwszy przedstawi\u0142 ks. Andrzej Luter. Przyczyna \u015bmierci nie zosta\u0142a oficjalnie ujawniona.<\/p>\n<\/div>\n            <\/div>\n        <\/div>\n    <\/div>\n<\/section>\n\n\n<section class=\"text-image-block  section-margin-32\" >\n    <div class=\"container\">\n        <div class=\"row\">\n            <div class=\"col-lg-12\">\n                <div class=\"text-image-block__content\"><p>Internaut\u00f3w ogarn\u0119\u0142a fala \u017calu i \u017ca\u0142oby, poniewa\u017c ceniona aktorka od 1971 roku aktywnie dzia\u0142a\u0142a zawodowo, a spektakle teatralne oraz filmowo-serialowe produkcje z jej udzia\u0142em przesz\u0142y do historii. Warto zaznaczy\u0107, \u017ce <strong>Bo\u017cena Dykiel<\/strong> by\u0142a \u0142\u0105cznikiem kilku pokole\u0144 entuzjast\u00f3w kinematografii, czego dowodem sta\u0142y si\u0119 takie produkcje, jak<strong> &#8220;Janosik&#8221;, &#8220;Wesele&#8221;, &#8220;Ziemia obiecana&#8221;, &#8220;Cz\u0142owiek z \u017celaza&#8221;, &#8220;Znachor&#8221;, &#8220;Dzie\u0144 \u015bwira&#8221;<\/strong> i wi\u0119cej. Aktorka pr\u0119\u017cnie dzia\u0142a\u0142a na deskach teatru, a jej<strong> rola Goplany w &#8220;Balladynie&#8221;<\/strong> przesz\u0142a do historii &#8211; to s\u0142ynny wjazd motocyklem na scen\u0119 Teatru Narodowego sta\u0142 si\u0119 swoist\u0105 wizyt\u00f3wk\u0105 aktorki. Jej serialowe role r\u00f3wnie\u017c odcisn\u0119\u0142y si\u0119 w \u015bwiadomo\u015bci Polak\u00f3w. Mieli\u015bmy szans\u0119 ujrze\u0107 j\u0105 mi\u0119dzy innymi w serialu<strong> &#8220;Dom&#8221;, &#8220;Alternatywy 4&#8221;, &#8220;Plebania&#8221;, &#8220;Na Wsp\u00f3lnej&#8221;<\/strong>. To zaledwie kawa\u0142ek tego, co ma do zaoferowania jej obszerne do\u015bwiadczenie aktorskie. Nie podlega w\u0105tpliwo\u015bci, \u017ce wzi\u0119\u0142a udzia\u0142 w wielu ponadczasowych produkcjach, a pami\u0119\u0107 o jej warsztacie aktorskim b\u0119dzie wiecznie \u017cywa.<\/p>\n<\/div>\n            <\/div>\n            <div class=\"col-lg-12\">\n                <div class=\"text-image-block__image\">\n                                            <div class=\"text-image-block__imageImg\">\n                            <img loading=\"lazy\" decoding=\"async\" width=\"420\" height=\"540\" src=\"https:\/\/www.ebilet.pl\/now\/app\/uploads\/2026\/02\/Bozena-Dykiel-2-do-srodka.jpg\" class=\"attachment-full size-full\" alt=\"\" \/>                        <\/div>\n                                                            <div class=\"text-image-block__imageCaption typo-12\">\n                        Fot. PAP\/Grzegorz Micha\u0142owski                    <\/div>\n                                    <\/div>\n            <\/div>\n        <\/div>\n    <\/div>\n<\/section>","protected":false},"excerpt":{"rendered":"<p>Polskie media obieg\u0142a informacja o \u015bmierci cenionej aktorki. Bo\u017cena Dykiel zmar\u0142a w wieku 77 lat. <\/p>\n","protected":false},"author":16,"featured_media":79514,"comment_status":"open","ping_status":"open","sticky":false,"template":"page-templates\/article-default.php","format":"standard","meta":{"_acf_changed":false,"footnotes":""},"article_tag":[51,339,36],"article_type":[558],"acf":[],"_links":{"self":[{"href":"https:\/\/www.ebilet.pl\/now\/wp-json\/wp\/v2\/posts\/79511"}],"collection":[{"href":"https:\/\/www.ebilet.pl\/now\/wp-json\/wp\/v2\/posts"}],"about":[{"href":"https:\/\/www.ebilet.pl\/now\/wp-json\/wp\/v2\/types\/post"}],"author":[{"embeddable":true,"href":"https:\/\/www.ebilet.pl\/now\/wp-json\/wp\/v2\/users\/16"}],"replies":[{"embeddable":true,"href":"https:\/\/www.ebilet.pl\/now\/wp-json\/wp\/v2\/comments?post=79511"}],"version-history":[{"count":3,"href":"https:\/\/www.ebilet.pl\/now\/wp-json\/wp\/v2\/posts\/79511\/revisions"}],"predecessor-version":[{"id":79553,"href":"https:\/\/www.ebilet.pl\/now\/wp-json\/wp\/v2\/posts\/79511\/revisions\/79553"}],"wp:featuredmedia":[{"embeddable":true,"href":"https:\/\/www.ebilet.pl\/now\/wp-json\/wp\/v2\/media\/79514"}],"wp:attachment":[{"href":"https:\/\/www.ebilet.pl\/now\/wp-json\/wp\/v2\/media?parent=79511"}],"wp:term":[{"taxonomy":"article_tag","embeddable":true,"href":"https:\/\/www.ebilet.pl\/now\/wp-json\/wp\/v2\/article_tag?post=79511"},{"taxonomy":"article_type","embeddable":true,"href":"https:\/\/www.ebilet.pl\/now\/wp-json\/wp\/v2\/article_type?post=79511"}],"curies":[{"name":"wp","href":"https:\/\/api.w.org\/{rel}","templated":true}]}}