{"id":76690,"date":"2026-01-14T12:46:22","date_gmt":"2026-01-14T11:46:22","guid":{"rendered":"https:\/\/www.ebilet.pl\/now\/?p=76690"},"modified":"2026-01-22T12:02:51","modified_gmt":"2026-01-22T11:02:51","slug":"autorka-viralowego-im-yours-wystapi-w-polsce-co-szykuje-isabel-larosa","status":"publish","type":"post","link":"https:\/\/www.ebilet.pl\/now\/autorka-viralowego-im-yours-wystapi-w-polsce-co-szykuje-isabel-larosa\/","title":{"rendered":"Autorka viralowego &#8220;i\u2019m yours&#8221; wyst\u0105pi w Polsce! Co szykuje Isabel LaRosa?"},"content":{"rendered":"\n<section class=\"text-block  section-margin-32\" >\n    <div class=\"container\">\n        <div class=\"row\">\n            <div class=\"col-24\">\n                <div class=\"text-block__content\"><h2>Isabel LaRosa go\u015bciem specjalnym na trasie Madison Beer. Wokalistki wyst\u0105pi\u0105 w Polsce!<\/h2>\n<p><strong>Madison Beer<\/strong> ju\u017c wkr\u00f3tce rusza w <strong>&#8220;the locket tour&#8221;<\/strong>, a wyst\u0119p w Polsce b\u0119dzie pierwszym punktem nadchodz\u0105cej trasy koncertowej. Wydarzenie odb\u0119dzie si\u0119 w <strong>11 maja w Tauron Arenie w Krakowie.<\/strong> Na koncercie nie zabraknie wyj\u0105tkowej gwiazdy specjalnej, a t\u0119 rol\u0119 przejmie&#8230; <strong>Isabel LaRosa!<\/strong> Wokalistka znana jest z hitu <strong>&#8220;i\u2019m yours&#8221;<\/strong>, kt\u00f3ry sta\u0142 si\u0119 niekwestionowanym viralem na TikToku. Jej tw\u00f3rczo\u015b\u0107 zawiera znacznie wi\u0119cej przeboj\u00f3w. W oczekiwaniu na koncert, poznajcie jej repertuar!<\/p>\n<\/div>\n            <\/div>\n        <\/div>\n    <\/div>\n<\/section>\n\n\n<section  class=\"recommended-article  section-margin-32\">\n    <div class=\"container\">\n        <div class=\"row\">\n            <div class=\"col-24\">\n                                <div class=\"recommended-article__title\">\n                    <p class=\"typo-18\">Przeczytaj te\u017c:<\/p>\n                <\/div>\n                                                <div class=\"recommended-article__card\">\n                    \n<div class=\"card-article  card-article--imgpadding-default card-article--featured\">\n    <div class=\"card-article__wrapper\">\n                <div class=\"card-article__thumbnail\">\n                        <a class=\"card-article__link\" href=\"https:\/\/www.ebilet.pl\/now\/madison-beer-wystapi-w-polsce-oto-szczegoly-the-locket-tour\/\" title=\"Madison Beer wyst\u0105pi w Polsce! Oto szczeg\u00f3\u0142y &#8220;the locket tour&#8221;\"><\/a>\n                        <div class=\"card-article__image\"><img loading=\"lazy\" decoding=\"async\" width=\"1920\" height=\"1080\" src=\"https:\/\/www.ebilet.pl\/now\/app\/uploads\/2026\/01\/Madison-Beer-desktop.jpg\" class=\"attachment- size-\" alt=\"\" srcset=\"https:\/\/www.ebilet.pl\/now\/app\/uploads\/2026\/01\/Madison-Beer-desktop.jpg 1920w, https:\/\/www.ebilet.pl\/now\/app\/uploads\/2026\/01\/Madison-Beer-desktop-1024x576.jpg 1024w, https:\/\/www.ebilet.pl\/now\/app\/uploads\/2026\/01\/Madison-Beer-desktop-1536x864.jpg 1536w, https:\/\/www.ebilet.pl\/now\/app\/uploads\/2026\/01\/Madison-Beer-desktop-1280x720.jpg 1280w, https:\/\/www.ebilet.pl\/now\/app\/uploads\/2026\/01\/Madison-Beer-desktop-500x281.jpg 500w, https:\/\/www.ebilet.pl\/now\/app\/uploads\/2026\/01\/Madison-Beer-desktop-632x356.jpg 632w, https:\/\/www.ebilet.pl\/now\/app\/uploads\/2026\/01\/Madison-Beer-desktop-308x174.jpg 308w\" sizes=\"(max-width: 1920px) 100vw, 1920px\" \/><\/div>\n        <\/div>\n                        <div class=\"card-article__content\">\n                        <div class=\"card-article__top\">\n                                <div class=\"card-article__date\">\n                    <span class=\"card-article__dateIcon icon icon-calendar\"><\/span>\n                    <span class=\"typo-12\">14.01.2026<\/span>\n                <\/div>\n                                                <div class=\"card-article__categories\">\n                                        <div class=\"card-article__category\">\n                    \n<a href=\"https:\/\/www.ebilet.pl\/now\/tag\/koncerty\/\" class=\"tag tag--fire-opal\" style=\"background-color: #1e73be\">\n    <p class=\"tag__name\">Koncerty<\/p>\n<\/a>\n                    <\/div>\n                                        <div class=\"card-article__category\">\n                    \n<a href=\"https:\/\/www.ebilet.pl\/now\/tag\/pop\/\" class=\"tag tag--fire-opal\" style=\"background-color: #1e73be\">\n    <p class=\"tag__name\">Pop<\/p>\n<\/a>\n                    <\/div>\n                                    <\/div>\n                                            <\/div>\n                                    <div class=\"card-article__title under-h4\">\n                                    <a href=\"https:\/\/www.ebilet.pl\/now\/madison-beer-wystapi-w-polsce-oto-szczegoly-the-locket-tour\/\" class=\"split-title typo-h1 f-700\" data-text-split>\n                                                    <span class=\"split-title__word\">Madison<\/span>\n                                                    <span class=\"split-title__word\">Beer<\/span>\n                                                    <span class=\"split-title__word\">wyst\u0105pi<\/span>\n                                                    <span class=\"split-title__word\">w<\/span>\n                                                    <span class=\"split-title__word\">Polsce!<\/span>\n                                                    <span class=\"split-title__word\">Oto<\/span>\n                                                    <span class=\"split-title__word\">szczeg\u00f3\u0142y<\/span>\n                                                    <span class=\"split-title__word\">&#8220;the<\/span>\n                                                    <span class=\"split-title__word\">locket<\/span>\n                                                    <span class=\"split-title__word\">tour&#8221;<\/span>\n                                            <\/a>\n                            <\/div>\n                                <\/div>\n    <\/div>\n<\/div>                <\/div>\n                            <\/div>\n        <\/div>\n    <\/div>\n<\/section>\n\n\n    <section class=\"events-carousel-block  section-margin-32\"\n        data-events-carousel\n        data-settings='{\"per_view\":5}'\n        data-item-list-name=\"Karuzela niska Polecamy na eBilet.pl\"\n        data-item-list-id=\"karuzela_niska Polecamy na eBilet.pl\"\n        >\n        <div class=\"container\">\n                            <div class=\"row\">\n                    <div class=\"col-24\">\n                        <div class=\"events-carousel-block__title\">\n                            <h2 class=\"typo-h2\">Polecamy na eBilet.pl<\/h2>\n                        <\/div>\n                    <\/div>\n                <\/div>\n                        <div class=\"row\">\n                <div class=\"col-24\">\n                    <div class=\"events-carousel-block__events\">\n                        <div class=\"events-carousel-block__nav events-carousel-block__nav--prev\">\n                            <div class=\"button button--withIcon button--theme-white-blur button--size-fixed-48\" data-events-carousel-prev>\n                                <span class=\"button__icon icon icon-chevron-left\"><\/span>\n                            <\/div>\n                        <\/div>\n                        <div class=\"events-carousel-block__nav events-carousel-block__nav--next\">\n                            <div class=\"button button--withIcon button--theme-white-blur button--size-fixed-48\" data-events-carousel-next>\n                                <span class=\"button__icon icon icon-chevron-right\"><\/span>\n                            <\/div>\n                        <\/div>\n                        <div class=\"events-carousel-block__slider swiper\" data-events-carousel-slider>\n                            <div class=\"events-carousel-block__sliderWrapper swiper-wrapper\">\n                                                                    <div class=\"events-carousel-block__sliderItem swiper-slide\"\n                                        data-id=\"87678\"\n                                        data-name=\"Abba i Inni Symfonicznie II\"\n                                        data-brand=\"Agencja Brussa Jaros\u0142aw Brussa\"\n                                        data-category=\"muzyka\"\n                                        data-subcategory=\"pop\"\n                                        data-city=\"Katowice, \u0141\u00f3d\u017a, Szczecin\"\n                                        data-venue=\"Teatr Letni w Szczecinie\">\n                                        \n<div class=\"card-event  card-event--size-small\">\n        <a href=\"https:\/\/www.ebilet.pl\/muzyka\/pop\/abba\" target=\"_blank\" class=\"card-event__link\" rel=\"nofollow noopener\"><\/a>\n        <div class=\"card-event__wrapper\">\n        <div class=\"card-event__image\">\n            <img decoding=\"async\" src=\"https:\/\/www.ebilet.pl\/media\/cms\/media\/4xyf3pg5\/abba-ebilet-656x369.webp\" alt=\"\">\n        <\/div>\n        <div class=\"card-event__data\">\n            <div class=\"card-event__name\">\n                <p>Abba i Inni Symfonicznie II<\/p>\n            <\/div>\n            <div class=\"card-event__date\"><\/div>\n            <div class=\"card-event__location\">Katowice, \u0141\u00f3d\u017a, Szczecin<\/div>\n        <\/div>\n    <\/div>\n<\/div>                                    <\/div>\n                                                                    <div class=\"events-carousel-block__sliderItem swiper-slide\"\n                                        data-id=\"48937\"\n                                        data-name=\"Micha\u0142 Wi\u015bniewski Akustycznie 4\"\n                                        data-brand=\"REDADLER SP\u00d3\u0141KA Z OGRANICZON\u0104 ODPOWIEDZIALNO\u015aCI\u0104\"\n                                        data-category=\"muzyka\"\n                                        data-subcategory=\"pop\"\n                                        data-city=\"Cz\u0119stochowa, Zdu\u0144ska Wola\"\n                                        data-venue=\"Miejski Dom Kultury w Zdu\u0144skiej Woli\">\n                                        \n<div class=\"card-event  card-event--size-small\">\n        <a href=\"https:\/\/www.ebilet.pl\/muzyka\/pop\/michal-wisniewski\" target=\"_blank\" class=\"card-event__link\" rel=\"nofollow noopener\"><\/a>\n        <div class=\"card-event__wrapper\">\n        <div class=\"card-event__image\">\n            <img decoding=\"async\" src=\"https:\/\/www.ebilet.pl\/media\/cms\/media\/1z1m00y1\/kopia-akustycznie-4-800-600-px-2-7654fabd-f626-5e5e-b68d-69c95244e00d.webp\" alt=\"\">\n        <\/div>\n        <div class=\"card-event__data\">\n            <div class=\"card-event__name\">\n                <p>Micha\u0142 Wi\u015bniewski Akustycznie 4<\/p>\n            <\/div>\n            <div class=\"card-event__date\"><\/div>\n            <div class=\"card-event__location\">Cz\u0119stochowa, Zdu\u0144ska Wola<\/div>\n        <\/div>\n    <\/div>\n<\/div>                                    <\/div>\n                                                                    <div class=\"events-carousel-block__sliderItem swiper-slide\"\n                                        data-id=\"119171\"\n                                        data-name=\"S\u0142awek Uniatowski - THE BEST OF II - Ciechowski, Wodecki, Sinatra, Zaucha\"\n                                        data-brand=\"FUNDACJA \u201eUNIKULTURA\u201d\"\n                                        data-category=\"muzyka\"\n                                        data-subcategory=\"pop\"\n                                        data-city=\"Krak\u00f3w, Ostro\u0142\u0119ka, \u015awidnica i inne\"\n                                        data-venue=\"Nowohuckie Centrum Kultury w Krakowie\">\n                                        \n<div class=\"card-event  card-event--size-small\">\n        <a href=\"https:\/\/www.ebilet.pl\/muzyka\/pop\/uniatowski\" target=\"_blank\" class=\"card-event__link\" rel=\"nofollow noopener\"><\/a>\n        <div class=\"card-event__wrapper\">\n        <div class=\"card-event__image\">\n            <img decoding=\"async\" src=\"https:\/\/www.ebilet.pl\/media\/cms\/media\/diajjnux\/uniatowski-ebilet-poziom-891d6fc3-dce6-4a05-ba6a-0cba99b7642b.webp\" alt=\"\">\n        <\/div>\n        <div class=\"card-event__data\">\n            <div class=\"card-event__name\">\n                <p>S\u0142awek Uniatowski &#8211; THE BEST OF II &#8211; Ciechowski, Wodecki, Sinatra, Zaucha<\/p>\n            <\/div>\n            <div class=\"card-event__date\"><\/div>\n            <div class=\"card-event__location\">Krak\u00f3w, Ostro\u0142\u0119ka, \u015awidnica i inne<\/div>\n        <\/div>\n    <\/div>\n<\/div>                                    <\/div>\n                                                                    <div class=\"events-carousel-block__sliderItem swiper-slide\"\n                                        data-id=\"20966\"\n                                        data-name=\"Mietek Szcze\u015bniak 40 lat na scenie\"\n                                        data-brand=\"Alicja Borowiec P.H.U. VOICES\"\n                                        data-category=\"muzyka\"\n                                        data-subcategory=\"pop\"\n                                        data-city=\"Krak\u00f3w\"\n                                        data-venue=\"Kino Kij\u00f3w Centrum\">\n                                        \n<div class=\"card-event  card-event--size-small\">\n        <a href=\"https:\/\/www.ebilet.pl\/muzyka\/pop\/mietek-szczesniak\" target=\"_blank\" class=\"card-event__link\" rel=\"nofollow noopener\"><\/a>\n        <div class=\"card-event__wrapper\">\n        <div class=\"card-event__image\">\n            <img decoding=\"async\" src=\"https:\/\/www.ebilet.pl\/media\/cms\/media\/pnjdxmpe\/ebilet_656x369_mietek-szcze_niak-40-lat-na-scenie.webp\" alt=\"\">\n        <\/div>\n        <div class=\"card-event__data\">\n            <div class=\"card-event__name\">\n                <p>Mietek Szcze\u015bniak 40 lat na scenie<\/p>\n            <\/div>\n            <div class=\"card-event__date\"><\/div>\n            <div class=\"card-event__location\">Krak\u00f3w<\/div>\n        <\/div>\n    <\/div>\n<\/div>                                    <\/div>\n                                                                    <div class=\"events-carousel-block__sliderItem swiper-slide\"\n                                        data-id=\"146019\"\n                                        data-name=\"Varius Manx &amp; Kasia Stankiewicz 90&#039;\/35\"\n                                        data-brand=\"Adria Art\"\n                                        data-category=\"muzyka\"\n                                        data-subcategory=\"pop\"\n                                        data-city=\"Ostr\u00f3da\"\n                                        data-venue=\"Amfiteatr w Ostr\u00f3dzie\">\n                                        \n<div class=\"card-event  card-event--size-small\">\n        <a href=\"https:\/\/www.ebilet.pl\/muzyka\/pop\/varius-manx-kasia-stankiewicz\" target=\"_blank\" class=\"card-event__link\" rel=\"nofollow noopener\"><\/a>\n        <div class=\"card-event__wrapper\">\n        <div class=\"card-event__image\">\n            <img decoding=\"async\" src=\"https:\/\/www.ebilet.pl\/media\/cms\/media\/w5hh0mnf\/656x369_varius-manx-kasia-stankiewicz-9035-0570a4a2-5a41-46ce-aebb-9c59ae54af87.webp\" alt=\"\">\n        <\/div>\n        <div class=\"card-event__data\">\n            <div class=\"card-event__name\">\n                <p>Varius Manx &#038; Kasia Stankiewicz 90&#8217;\/35<\/p>\n            <\/div>\n            <div class=\"card-event__date\"><\/div>\n            <div class=\"card-event__location\">Ostr\u00f3da<\/div>\n        <\/div>\n    <\/div>\n<\/div>                                    <\/div>\n                                                                    <div class=\"events-carousel-block__sliderItem swiper-slide\"\n                                        data-id=\"11123\"\n                                        data-name=\"Andrzej Piaseczny - Spokojniej\"\n                                        data-brand=\"Magic Tones Piotr Imio\u0142ek\"\n                                        data-category=\"muzyka\"\n                                        data-subcategory=\"pop\"\n                                        data-city=\"Boles\u0142awiec, G\u0142og\u00f3w, Kutno i inne\"\n                                        data-venue=\"Nyski Dom Kultury im. Wandy Pawlik\">\n                                        \n<div class=\"card-event  card-event--size-small\">\n        <a href=\"https:\/\/www.ebilet.pl\/muzyka\/pop\/andrzej-piaseczny\" target=\"_blank\" class=\"card-event__link\" rel=\"nofollow noopener\"><\/a>\n        <div class=\"card-event__wrapper\">\n        <div class=\"card-event__image\">\n            <img decoding=\"async\" src=\"https:\/\/www.ebilet.pl\/media\/cms\/media\/ve2nxovf\/656x369-12-56cd57b3-3af0-4603-b96c-127936502d68.webp\" alt=\"\">\n        <\/div>\n        <div class=\"card-event__data\">\n            <div class=\"card-event__name\">\n                <p>Andrzej Piaseczny &#8211; Spokojniej<\/p>\n            <\/div>\n            <div class=\"card-event__date\"><\/div>\n            <div class=\"card-event__location\">Boles\u0142awiec, G\u0142og\u00f3w, Kutno i inne<\/div>\n        <\/div>\n    <\/div>\n<\/div>                                    <\/div>\n                                                                    <div class=\"events-carousel-block__sliderItem swiper-slide\"\n                                        data-id=\"122893\"\n                                        data-name=\"MALE\u0143CZUK + RHYTHM SECTION\"\n                                        data-brand=\"FUNDACJA \u201eUNIKULTURA\u201d\"\n                                        data-category=\"muzyka\"\n                                        data-subcategory=\"pop\"\n                                        data-city=\"Bielany Wroc\u0142awskie, Boles\u0142awiec, Krak\u00f3w i inne\"\n                                        data-venue=\"Boles\u0142awiecki O\u015brodek Kultury\">\n                                        \n<div class=\"card-event  card-event--size-small\">\n        <a href=\"https:\/\/www.ebilet.pl\/muzyka\/pop\/maciej-malenczuk\" target=\"_blank\" class=\"card-event__link\" rel=\"nofollow noopener\"><\/a>\n        <div class=\"card-event__wrapper\">\n        <div class=\"card-event__image\">\n            <img decoding=\"async\" src=\"https:\/\/www.ebilet.pl\/media\/cms\/media\/52zd3ul0\/mm_656_369-55f63002-fcfa-4069-8ec8-e100227ff15b.webp\" alt=\"\">\n        <\/div>\n        <div class=\"card-event__data\">\n            <div class=\"card-event__name\">\n                <p>MALE\u0143CZUK + RHYTHM SECTION<\/p>\n            <\/div>\n            <div class=\"card-event__date\"><\/div>\n            <div class=\"card-event__location\">Bielany Wroc\u0142awskie, Boles\u0142awiec, Krak\u00f3w i inne<\/div>\n        <\/div>\n    <\/div>\n<\/div>                                    <\/div>\n                                                                    <div class=\"events-carousel-block__sliderItem swiper-slide\"\n                                        data-id=\"154733\"\n                                        data-name=\"Jestem Kobiet\u0105 - kobiecy koncert \u015bwiatowych przeboj\u00f3w\"\n                                        data-brand=\"Music Everywhere Sp. z o.o.\"\n                                        data-category=\"muzyka\"\n                                        data-subcategory=\"pop\"\n                                        data-city=\"Warszawa\"\n                                        data-venue=\"Scena Relax\">\n                                        \n<div class=\"card-event  card-event--size-small\">\n        <a href=\"https:\/\/www.ebilet.pl\/muzyka\/pop\/jestem-kobieta\" target=\"_blank\" class=\"card-event__link\" rel=\"nofollow noopener\"><\/a>\n        <div class=\"card-event__wrapper\">\n        <div class=\"card-event__image\">\n            <img decoding=\"async\" src=\"https:\/\/www.ebilet.pl\/media\/cms\/media\/un2pabzv\/ebilet1-656-x-369-2-411dbb08-f29d-416b-9a64-21654979113c.webp\" alt=\"\">\n        <\/div>\n        <div class=\"card-event__data\">\n            <div class=\"card-event__name\">\n                <p>Jestem Kobiet\u0105 &#8211; kobiecy koncert \u015bwiatowych przeboj\u00f3w<\/p>\n            <\/div>\n            <div class=\"card-event__date\"><\/div>\n            <div class=\"card-event__location\">Warszawa<\/div>\n        <\/div>\n    <\/div>\n<\/div>                                    <\/div>\n                                                                    <div class=\"events-carousel-block__sliderItem swiper-slide\"\n                                        data-id=\"160689\"\n                                        data-name=\"M\u0119skie Brzmienia\"\n                                        data-brand=\"Music Everywhere Sp. z o.o.\"\n                                        data-category=\"muzyka\"\n                                        data-subcategory=\"pop\"\n                                        data-city=\"Katowice, Lublin, \u0141\u00f3d\u017a i inne\"\n                                        data-venue=\"Teatr im. Jana Kochanowskiego\">\n                                        \n<div class=\"card-event  card-event--size-small\">\n        <a href=\"https:\/\/www.ebilet.pl\/muzyka\/pop\/meskie-brzmienia\" target=\"_blank\" class=\"card-event__link\" rel=\"nofollow noopener\"><\/a>\n        <div class=\"card-event__wrapper\">\n        <div class=\"card-event__image\">\n            <img decoding=\"async\" src=\"https:\/\/www.ebilet.pl\/media\/cms\/media\/espabhnv\/ebilet1-656-x-369-54a56e82-118f-4575-abd6-40a949f651a5.webp\" alt=\"\">\n        <\/div>\n        <div class=\"card-event__data\">\n            <div class=\"card-event__name\">\n                <p>M\u0119skie Brzmienia<\/p>\n            <\/div>\n            <div class=\"card-event__date\"><\/div>\n            <div class=\"card-event__location\">Katowice, Lublin, \u0141\u00f3d\u017a i inne<\/div>\n        <\/div>\n    <\/div>\n<\/div>                                    <\/div>\n                                                                    <div class=\"events-carousel-block__sliderItem swiper-slide\"\n                                        data-id=\"149973\"\n                                        data-name=\"Micha\u0142 Wi\u015bniewski Akustycznie V czyli (nie)Moje Przeboje\"\n                                        data-brand=\"REDADLER SP\u00d3\u0141KA Z OGRANICZON\u0104 ODPOWIEDZIALNO\u015aCI\u0104\"\n                                        data-category=\"muzyka\"\n                                        data-subcategory=\"pop\"\n                                        data-city=\"Cz\u0119stochowa\"\n                                        data-venue=\"Akademickie Centrum Kultury i Sportu Politechniki Cz\u0119stochowskiej\">\n                                        \n<div class=\"card-event  card-event--size-small\">\n        <a href=\"https:\/\/www.ebilet.pl\/muzyka\/pop\/michal-wisniewski-koncert\" target=\"_blank\" class=\"card-event__link\" rel=\"nofollow noopener\"><\/a>\n        <div class=\"card-event__wrapper\">\n        <div class=\"card-event__image\">\n            <img decoding=\"async\" src=\"https:\/\/www.ebilet.pl\/media\/cms\/media\/uc4l5ty5\/unnamed-1-7dbd61a5-2376-4862-b09c-e55fb366ebd5.webp\" alt=\"\">\n        <\/div>\n        <div class=\"card-event__data\">\n            <div class=\"card-event__name\">\n                <p>Micha\u0142 Wi\u015bniewski Akustycznie V czyli (nie)Moje Przeboje<\/p>\n            <\/div>\n            <div class=\"card-event__date\"><\/div>\n            <div class=\"card-event__location\">Cz\u0119stochowa<\/div>\n        <\/div>\n    <\/div>\n<\/div>                                    <\/div>\n                                                                    <div class=\"events-carousel-block__sliderItem swiper-slide\"\n                                        data-id=\"165817\"\n                                        data-name=\"Ballady Mi\u0142o\u015bci - Koncert Walentynkowy\"\n                                        data-brand=\"TARGREM SP\u00d3\u0141KA Z OGRANICZON\u0104 ODPOWIEDZIALNO\u015aCI\u0104\"\n                                        data-category=\"muzyka\"\n                                        data-subcategory=\"pop\"\n                                        data-city=\"Bia\u0142ystok, Warszawa\"\n                                        data-venue=\"Aula Koncertowa WSFiZ w Bia\u0142ymstoku\">\n                                        \n<div class=\"card-event  card-event--size-small\">\n        <a href=\"https:\/\/www.ebilet.pl\/muzyka\/pop\/ballady-milosci\" target=\"_blank\" class=\"card-event__link\" rel=\"nofollow noopener\"><\/a>\n        <div class=\"card-event__wrapper\">\n        <div class=\"card-event__image\">\n            <img decoding=\"async\" src=\"https:\/\/www.ebilet.pl\/media\/cms\/media\/uzqf30vt\/656x369-1-1-41aeb9c5-7b64-4160-853e-0f214992ff1e.webp\" alt=\"\">\n        <\/div>\n        <div class=\"card-event__data\">\n            <div class=\"card-event__name\">\n                <p>Ballady Mi\u0142o\u015bci &#8211; Koncert Walentynkowy<\/p>\n            <\/div>\n            <div class=\"card-event__date\"><\/div>\n            <div class=\"card-event__location\">Bia\u0142ystok, Warszawa<\/div>\n        <\/div>\n    <\/div>\n<\/div>                                    <\/div>\n                                                                    <div class=\"events-carousel-block__sliderItem swiper-slide\"\n                                        data-id=\"164643\"\n                                        data-name=\"Love songs przy \u015awiecach\"\n                                        data-brand=\"Royal Tributes Sp. z o.o.\"\n                                        data-category=\"muzyka\"\n                                        data-subcategory=\"pop\"\n                                        data-city=\"Bydgoszcz, Lublin, Nysa i inne\"\n                                        data-venue=\"Filharmonia im. H. Wieniawskiego w Lublinie\">\n                                        \n<div class=\"card-event  card-event--size-small\">\n        <a href=\"https:\/\/www.ebilet.pl\/muzyka\/pop\/love-songs-przy-swiecach\" target=\"_blank\" class=\"card-event__link\" rel=\"nofollow noopener\"><\/a>\n        <div class=\"card-event__wrapper\">\n        <div class=\"card-event__image\">\n            <img decoding=\"async\" src=\"https:\/\/www.ebilet.pl\/media\/cms\/media\/5vxpqeug\/656x369-587c6cf6-01f2-422c-80b2-0624d0e1cf39.webp\" alt=\"\">\n        <\/div>\n        <div class=\"card-event__data\">\n            <div class=\"card-event__name\">\n                <p>Love songs przy \u015awiecach<\/p>\n            <\/div>\n            <div class=\"card-event__date\"><\/div>\n            <div class=\"card-event__location\">Bydgoszcz, Lublin, Nysa i inne<\/div>\n        <\/div>\n    <\/div>\n<\/div>                                    <\/div>\n                                                                    <div class=\"events-carousel-block__sliderItem swiper-slide\"\n                                        data-id=\"166844\"\n                                        data-name=\"Muzyka Adele i Amy Winehouse przy \u015bwiecach\"\n                                        data-brand=\"SVITLO CONCERT Sp. z o.o.\"\n                                        data-category=\"muzyka\"\n                                        data-subcategory=\"pop\"\n                                        data-city=\"Wroc\u0142aw\"\n                                        data-venue=\"Synagoga Pod Bia\u0142ym Bocianem\">\n                                        \n<div class=\"card-event  card-event--size-small\">\n        <a href=\"https:\/\/www.ebilet.pl\/muzyka\/pop\/muzyka-adele-i-amy-winehouse-przy-swiecach\" target=\"_blank\" class=\"card-event__link\" rel=\"nofollow noopener\"><\/a>\n        <div class=\"card-event__wrapper\">\n        <div class=\"card-event__image\">\n            <img decoding=\"async\" src=\"https:\/\/www.ebilet.pl\/media\/cms\/media\/kbrjkvpx\/656_369-adele-i-amy-winehouse-1-4ec92e16-98c7-4b32-805a-68c150ac9c4e.webp\" alt=\"\">\n        <\/div>\n        <div class=\"card-event__data\">\n            <div class=\"card-event__name\">\n                <p>Muzyka Adele i Amy Winehouse przy \u015bwiecach<\/p>\n            <\/div>\n            <div class=\"card-event__date\"><\/div>\n            <div class=\"card-event__location\">Wroc\u0142aw<\/div>\n        <\/div>\n    <\/div>\n<\/div>                                    <\/div>\n                                                                    <div class=\"events-carousel-block__sliderItem swiper-slide\"\n                                        data-id=\"154840\"\n                                        data-name=\"The Magic of Disco\"\n                                        data-brand=\"Solaris Music Management \"\n                                        data-category=\"muzyka\"\n                                        data-subcategory=\"pop\"\n                                        data-city=\"Bydgoszcz, Gdynia, Gorz\u00f3w Wielkopolski i inne\"\n                                        data-venue=\"Stegu Arena\">\n                                        \n<div class=\"card-event  card-event--size-small\">\n        <a href=\"https:\/\/www.ebilet.pl\/muzyka\/pop\/the-magic-of-disco\" target=\"_blank\" class=\"card-event__link\" rel=\"nofollow noopener\"><\/a>\n        <div class=\"card-event__wrapper\">\n        <div class=\"card-event__image\">\n            <img decoding=\"async\" src=\"https:\/\/www.ebilet.pl\/media\/cms\/media\/y5ulrpv3\/disco_ebilet_krakow_21022026_656_369-ab0c250c-959d-4482-8eea-85bb4eda9189.webp\" alt=\"\">\n        <\/div>\n        <div class=\"card-event__data\">\n            <div class=\"card-event__name\">\n                <p>The Magic of Disco<\/p>\n            <\/div>\n            <div class=\"card-event__date\"><\/div>\n            <div class=\"card-event__location\">Bydgoszcz, Gdynia, Gorz\u00f3w Wielkopolski i inne<\/div>\n        <\/div>\n    <\/div>\n<\/div>                                    <\/div>\n                                                                    <div class=\"events-carousel-block__sliderItem swiper-slide\"\n                                        data-id=\"61029\"\n                                        data-name=\"Thomas Anders from Modern Talking &amp; Band - 40-lecie Modern Talking\"\n                                        data-brand=\"Solaris Music Management \"\n                                        data-category=\"muzyka\"\n                                        data-subcategory=\"pop\"\n                                        data-city=\"Bydgoszcz, Cz\u0119stochowa, Jasionka i inne\"\n                                        data-venue=\"ZEN.COM Expo Centrum Wystawienniczo Kongresowe w Jasionce\">\n                                        \n<div class=\"card-event  card-event--size-small\">\n        <a href=\"https:\/\/www.ebilet.pl\/muzyka\/pop\/modern-talking-band\" target=\"_blank\" class=\"card-event__link\" rel=\"nofollow noopener\"><\/a>\n        <div class=\"card-event__wrapper\">\n        <div class=\"card-event__image\">\n            <img decoding=\"async\" src=\"https:\/\/www.ebilet.pl\/media\/cms\/media\/4uknzolg\/thomas_anders_ebilet_656_369_new-50840d01-a1c0-4a53-a498-45ab2f61e355.webp\" alt=\"\">\n        <\/div>\n        <div class=\"card-event__data\">\n            <div class=\"card-event__name\">\n                <p>Thomas Anders from Modern Talking &#038; Band &#8211; 40-lecie Modern Talking<\/p>\n            <\/div>\n            <div class=\"card-event__date\"><\/div>\n            <div class=\"card-event__location\">Bydgoszcz, Cz\u0119stochowa, Jasionka i inne<\/div>\n        <\/div>\n    <\/div>\n<\/div>                                    <\/div>\n                                                                    <div class=\"events-carousel-block__sliderItem swiper-slide\"\n                                        data-id=\"23158\"\n                                        data-name=\"Muzyka George&#039;a Michaela i Stinga na 28. pi\u0119trze przy \u015bwiecach\"\n                                        data-brand=\"SVITLO CONCERT Sp. z o.o.\"\n                                        data-category=\"muzyka\"\n                                        data-subcategory=\"pop\"\n                                        data-city=\"Warszawa, Wroc\u0142aw\"\n                                        data-venue=\"Synagoga Pod Bia\u0142ym Bocianem\">\n                                        \n<div class=\"card-event  card-event--size-small\">\n        <a href=\"https:\/\/www.ebilet.pl\/muzyka\/pop\/tribute-to-george-michael\" target=\"_blank\" class=\"card-event__link\" rel=\"nofollow noopener\"><\/a>\n        <div class=\"card-event__wrapper\">\n        <div class=\"card-event__image\">\n            <img decoding=\"async\" src=\"https:\/\/www.ebilet.pl\/media\/cms\/media\/fvqelmlh\/656_369-queen-i-elton-john-1-1-f6c31de6-28c5-4215-ad8f-9df039bd3235.webp\" alt=\"\">\n        <\/div>\n        <div class=\"card-event__data\">\n            <div class=\"card-event__name\">\n                <p>Muzyka George&#8217;a Michaela i Stinga na 28. pi\u0119trze przy \u015bwiecach<\/p>\n            <\/div>\n            <div class=\"card-event__date\"><\/div>\n            <div class=\"card-event__location\">Warszawa, Wroc\u0142aw<\/div>\n        <\/div>\n    <\/div>\n<\/div>                                    <\/div>\n                                                                    <div class=\"events-carousel-block__sliderItem swiper-slide\"\n                                        data-id=\"10226\"\n                                        data-name=\"Cleo\"\n                                        data-brand=\"AGENCJA KONCERTOWA AZ-ART ALEKSANDRA ZALEWSKA\"\n                                        data-category=\"muzyka\"\n                                        data-subcategory=\"pop\"\n                                        data-city=\"Ko\u0142obrzeg, Mi\u0119dzyzdroje, Rewal i inne\"\n                                        data-venue=\"Amfiteatr Park Nadmorski w Ustroniu Morskim\">\n                                        \n<div class=\"card-event  card-event--size-small\">\n        <a href=\"https:\/\/www.ebilet.pl\/muzyka\/pop\/cleo\" target=\"_blank\" class=\"card-event__link\" rel=\"nofollow noopener\"><\/a>\n        <div class=\"card-event__wrapper\">\n        <div class=\"card-event__image\">\n            <img decoding=\"async\" src=\"https:\/\/www.ebilet.pl\/media\/cms\/media\/dewg51hb\/cleo-ebilet656x369-35f92d90-c717-4d2c-ae84-07311a95e709.webp\" alt=\"\">\n        <\/div>\n        <div class=\"card-event__data\">\n            <div class=\"card-event__name\">\n                <p>Cleo<\/p>\n            <\/div>\n            <div class=\"card-event__date\"><\/div>\n            <div class=\"card-event__location\">Ko\u0142obrzeg, Mi\u0119dzyzdroje, Rewal i inne<\/div>\n        <\/div>\n    <\/div>\n<\/div>                                    <\/div>\n                                                                    <div class=\"events-carousel-block__sliderItem swiper-slide\"\n                                        data-id=\"182912\"\n                                        data-name=\"Za Starzy Na Techno\"\n                                        data-brand=\"DANCE ADVENTURES \u0141UKASZ S\u0141ANIEWSKI\"\n                                        data-category=\"muzyka\"\n                                        data-subcategory=\"pop\"\n                                        data-city=\"Bia\u0142ystok, Krak\u00f3w, \u0141\u00f3d\u017a i inne\"\n                                        data-venue=\"OCZKI\">\n                                        \n<div class=\"card-event  card-event--size-small\">\n        <a href=\"https:\/\/www.ebilet.pl\/muzyka\/pop\/za-starzy-na-techno\" target=\"_blank\" class=\"card-event__link\" rel=\"nofollow noopener\"><\/a>\n        <div class=\"card-event__wrapper\">\n        <div class=\"card-event__image\">\n            <img decoding=\"async\" src=\"https:\/\/www.ebilet.pl\/media\/cms\/media\/0akcko0e\/minimalist-modern-architecture-exhibition-event-invitation-1920-x-1080-px-f9fea6fd-c55a-4cbe-85c3-0f5746fd26ed.webp\" alt=\"\">\n        <\/div>\n        <div class=\"card-event__data\">\n            <div class=\"card-event__name\">\n                <p>Za Starzy Na Techno<\/p>\n            <\/div>\n            <div class=\"card-event__date\"><\/div>\n            <div class=\"card-event__location\">Bia\u0142ystok, Krak\u00f3w, \u0141\u00f3d\u017a i inne<\/div>\n        <\/div>\n    <\/div>\n<\/div>                                    <\/div>\n                                                                    <div class=\"events-carousel-block__sliderItem swiper-slide\"\n                                        data-id=\"171661\"\n                                        data-name=\"Ich Troje\"\n                                        data-brand=\"Stargardzkie Centrum Kultury\"\n                                        data-category=\"muzyka\"\n                                        data-subcategory=\"pop\"\n                                        data-city=\"Stargard\"\n                                        data-venue=\"Amfiteatr w Stargardzie\">\n                                        \n<div class=\"card-event  card-event--size-small\">\n        <a href=\"https:\/\/www.ebilet.pl\/muzyka\/pop\/koncert-ich-troje\" target=\"_blank\" class=\"card-event__link\" rel=\"nofollow noopener\"><\/a>\n        <div class=\"card-event__wrapper\">\n        <div class=\"card-event__image\">\n            <img decoding=\"async\" src=\"https:\/\/www.ebilet.pl\/media\/cms\/media\/0aijjsfl\/1.webp\" alt=\"\">\n        <\/div>\n        <div class=\"card-event__data\">\n            <div class=\"card-event__name\">\n                <p>Ich Troje<\/p>\n            <\/div>\n            <div class=\"card-event__date\"><\/div>\n            <div class=\"card-event__location\">Stargard<\/div>\n        <\/div>\n    <\/div>\n<\/div>                                    <\/div>\n                                                                    <div class=\"events-carousel-block__sliderItem swiper-slide\"\n                                        data-id=\"179447\"\n                                        data-name=\"RETELEVSKI\"\n                                        data-brand=\"Micha\u0142 Retelewski\"\n                                        data-category=\"muzyka\"\n                                        data-subcategory=\"pop\"\n                                        data-city=\"Bydgoszcz, Kielce, Starachowice\"\n                                        data-venue=\"Park Kultury\">\n                                        \n<div class=\"card-event  card-event--size-small\">\n        <a href=\"https:\/\/www.ebilet.pl\/muzyka\/pop\/retelevski\" target=\"_blank\" class=\"card-event__link\" rel=\"nofollow noopener\"><\/a>\n        <div class=\"card-event__wrapper\">\n        <div class=\"card-event__image\">\n            <img decoding=\"async\" src=\"https:\/\/www.ebilet.pl\/media\/cms\/media\/5nbe2vur\/retelevski_656x369_ok_adka-poziom-1-e2cf12f1-9e7b-4049-a0ee-a791078c78b6.webp\" alt=\"\">\n        <\/div>\n        <div class=\"card-event__data\">\n            <div class=\"card-event__name\">\n                <p>RETELEVSKI<\/p>\n            <\/div>\n            <div class=\"card-event__date\"><\/div>\n            <div class=\"card-event__location\">Bydgoszcz, Kielce, Starachowice<\/div>\n        <\/div>\n    <\/div>\n<\/div>                                    <\/div>\n                                                            <\/div>\n                        <\/div>\n                    <\/div>\n                    <div class=\"events-carousel-block__pagination\">\n                        <div class=\"swiper-pagination slider-pagination\" data-events-carousel-pagination><\/div>\n                    <\/div>\n                <\/div>\n            <\/div>\n        <\/div>\n    <\/section>\n\n\n\n<section class=\"text-block  section-margin-32\" >\n    <div class=\"container\">\n        <div class=\"row\">\n            <div class=\"col-24\">\n                <div class=\"text-block__content\"><h2>&#8220;eyes don\u2019t lie&#8221;, &#8220;older&#8221;, &#8220;i\u2019m yours&#8221; &#8211; Isabel LaRosa i jej hity<\/h2>\n<p>Jej tw\u00f3rczo\u015b\u0107 opisywana jest jako mroczny pop, kt\u00f3ry niesie za sob\u0105 zara\u017aliwe d\u017awi\u0119ki. <strong>Isabel LaRosa<\/strong> zadebiutowa\u0142a pe\u0142noprawnym albumem dopiero w 2025 roku, ale \u015bwiat pozna\u0142 jej repertuar ju\u017c kilka lat wcze\u015bniej, a to wszystko za spraw\u0105 licznych singli, kt\u00f3re opanowa\u0142y streamingi. Autorka zdradzi\u0142a sw\u00f3j przepis na sukces, otwarcie przyznaj\u0105c, \u017ce tworzy nowe piosenki, by posz\u0142y w viral na TikToku. W rozmowie z DIY \u017cartobliwie powiedzia\u0142a, \u017ce pierwsze chce napisa\u0107 puent\u0119, a dopiero p\u00f3\u017aniej reszt\u0119. \u015amia\u0142a si\u0119, m\u00f3wi\u0105c, \u017ce <em>&#8220;za ka\u017cdym razem, gdy my\u015bl\u0119, \u017ce mog\u0119 co\u015b przewidzie\u0107 na TikToku, od razu okazuje si\u0119, \u017ce si\u0119 myli\u0142am i czuj\u0119 si\u0119 upokorzona&#8221;.<\/em> Patrz\u0105c na jej tw\u00f3rczo\u015b\u0107 i wyniki, nale\u017cy jednak przyzna\u0107, \u017ce w wielu kwestiach mia\u0142a dobre przeczucia i na pewno wielu u\u017cytkownik\u00f3w wspomnianej platformy zna przynajmniej jeden fragment jej utworu.<\/p>\n<p>Do &#8220;trenduj\u0105cych&#8221; singli zaliczany jest <strong>&#8220;eyes don\u2019t lie&#8221;,<\/strong> w kt\u00f3rym tytu\u0142owa fraza towarzyszy\u0142a wielu emocjonalnym filmikom. Entuzja\u015bci TikToka zakochali si\u0119 w robieniu &#8220;edit\u00f3w&#8221; z film\u00f3w i seriali do piosenki<strong> &#8220;older&#8221;,<\/strong> w kt\u00f3rej wybrzmiewa refren <em>&#8220;Think I need someone older\/Just a little bit colder&#8221;<\/em>. Zdecydowanym liderem w bazie jej hit\u00f3w jest<strong> &#8220;i\u2019m yours&#8221;,<\/strong> o kt\u00f3rym nieco wi\u0119cej opowiedzia\u0142a w rozmowie z The Luna Collective. <strong>Isabel LaRosa<\/strong> ujawni\u0142a, ten singiel emanuje szczero\u015bci\u0105 i oddaje nastr\u00f3j wczesnych etap\u00f3w zakochiwania si\u0119. Uwa\u017ca, \u017ce wielu u\u017cytkownik\u00f3w TikToka uleg\u0142o tej atmosferze, co niezmiernie j\u0105 cieszy.<\/p>\n<p><em>&#8220;Ta piosenka zawiera w sobie przyp\u0142yw emocji, kt\u00f3ry towarzyszy ci, kiedy zbli\u017casz si\u0119 do tej osoby \u2013 fizycznie i emocjonalnie. Kiedy pisali\u015bmy j\u0105 z moim bratem Thomasem, chcieli\u015bmy da\u0107 fanom poczucie szybkiej przeja\u017cd\u017cki z opuszczonymi szybami, kiedy w ko\u0144cu pozbywasz si\u0119 zahamowa\u0144 i wpuszczasz drug\u0105 osob\u0119 do \u015brodka&#8221;<\/em> &#8211; powiedzia\u0142a <strong>Isabel LaRosa <\/strong>o<strong> &#8220;i&#8217;m yours&#8221;<\/strong> dla Sony Music.<\/p>\n<\/div>\n            <\/div>\n        <\/div>\n    <\/div>\n<\/section>\n\n\n<figure class=\"wp-block-embed is-type-video is-provider-youtube wp-block-embed-youtube wp-embed-aspect-16-9 wp-has-aspect-ratio\"><div class=\"wp-block-embed__wrapper\">\n<iframe loading=\"lazy\" title=\"Isabel LaRosa - i&#039;m yours (Official Video)\" width=\"500\" height=\"281\" src=\"https:\/\/www.youtube.com\/embed\/gLEOwksK2ik?feature=oembed\" frameborder=\"0\" allow=\"accelerometer; autoplay; clipboard-write; encrypted-media; gyroscope; picture-in-picture; web-share\" referrerpolicy=\"strict-origin-when-cross-origin\" allowfullscreen><\/iframe>\n<\/div><\/figure>\n\n\n<section class=\"gap-block  section-margin-32 section-margin-32\"><\/section>\n\n\n    <section class=\"events-carousel-block  section-margin-32\"\n        data-events-carousel\n        data-settings='{\"per_view\":5}'\n        data-item-list-name=\"Karuzela niska Polecamy na eBilet.pl\"\n        data-item-list-id=\"karuzela_niska Polecamy na eBilet.pl\"\n        >\n        <div class=\"container\">\n                            <div class=\"row\">\n                    <div class=\"col-24\">\n                        <div class=\"events-carousel-block__title\">\n                            <h2 class=\"typo-h2\">Polecamy na eBilet.pl<\/h2>\n                        <\/div>\n                    <\/div>\n                <\/div>\n                        <div class=\"row\">\n                <div class=\"col-24\">\n                    <div class=\"events-carousel-block__events\">\n                        <div class=\"events-carousel-block__nav events-carousel-block__nav--prev\">\n                            <div class=\"button button--withIcon button--theme-white-blur button--size-fixed-48\" data-events-carousel-prev>\n                                <span class=\"button__icon icon icon-chevron-left\"><\/span>\n                            <\/div>\n                        <\/div>\n                        <div class=\"events-carousel-block__nav events-carousel-block__nav--next\">\n                            <div class=\"button button--withIcon button--theme-white-blur button--size-fixed-48\" data-events-carousel-next>\n                                <span class=\"button__icon icon icon-chevron-right\"><\/span>\n                            <\/div>\n                        <\/div>\n                        <div class=\"events-carousel-block__slider swiper\" data-events-carousel-slider>\n                            <div class=\"events-carousel-block__sliderWrapper swiper-wrapper\">\n                                                                    <div class=\"events-carousel-block__sliderItem swiper-slide\"\n                                        data-id=\"152477\"\n                                        data-name=\"Zlot Ludzi Nie\u015bmia\u0142ych\"\n                                        data-brand=\"FUNDACJA NWR\"\n                                        data-category=\"muzyka\"\n                                        data-subcategory=\"festiwale\"\n                                        data-city=\"Kasinka Ma\u0142a\"\n                                        data-venue=\"Baza Szkoleniowo-Wypoczynkowa &quot;Lubogoszcz&quot;\">\n                                        \n<div class=\"card-event  card-event--size-small\">\n        <a href=\"https:\/\/www.ebilet.pl\/muzyka\/festiwale\/zlot-ludzi-niesmialych\" target=\"_blank\" class=\"card-event__link\" rel=\"nofollow noopener\"><\/a>\n        <div class=\"card-event__wrapper\">\n        <div class=\"card-event__image\">\n            <img decoding=\"async\" src=\"https:\/\/www.ebilet.pl\/media\/cms\/media\/cmxc2bhe\/656x369-nowe-c8ff5974-50d8-4db9-9cfe-f9664f3be332.webp\" alt=\"\">\n        <\/div>\n        <div class=\"card-event__data\">\n            <div class=\"card-event__name\">\n                <p>Zlot Ludzi Nie\u015bmia\u0142ych<\/p>\n            <\/div>\n            <div class=\"card-event__date\"><\/div>\n            <div class=\"card-event__location\">Kasinka Ma\u0142a<\/div>\n        <\/div>\n    <\/div>\n<\/div>                                    <\/div>\n                                                                    <div class=\"events-carousel-block__sliderItem swiper-slide\"\n                                        data-id=\"22014\"\n                                        data-name=\"3-Maj\u00f3wka 2026\"\n                                        data-brand=\"SWIK Nasze Miasto Wroc\u0142aw\"\n                                        data-category=\"muzyka\"\n                                        data-subcategory=\"festiwale\"\n                                        data-city=\"Wroc\u0142aw\"\n                                        data-venue=\"Pergola\">\n                                        \n<div class=\"card-event  card-event--size-small\">\n        <a href=\"https:\/\/www.ebilet.pl\/muzyka\/festiwale\/3-majowka\" target=\"_blank\" class=\"card-event__link\" rel=\"nofollow noopener\"><\/a>\n        <div class=\"card-event__wrapper\">\n        <div class=\"card-event__image\">\n            <img decoding=\"async\" src=\"https:\/\/www.ebilet.pl\/media\/cms\/media\/fbgpiq1q\/ebilet-bilet-domowy-blank.webp\" alt=\"\">\n        <\/div>\n        <div class=\"card-event__data\">\n            <div class=\"card-event__name\">\n                <p>3-Maj\u00f3wka 2026<\/p>\n            <\/div>\n            <div class=\"card-event__date\"><\/div>\n            <div class=\"card-event__location\">Wroc\u0142aw<\/div>\n        <\/div>\n    <\/div>\n<\/div>                                    <\/div>\n                                                                    <div class=\"events-carousel-block__sliderItem swiper-slide\"\n                                        data-id=\"205566\"\n                                        data-name=\"City Music Festival\"\n                                        data-brand=\"Jakub G\u0142uch Events\"\n                                        data-category=\"muzyka\"\n                                        data-subcategory=\"festiwale\"\n                                        data-city=\"Kielce\"\n                                        data-venue=\"Amfiteatr Kadzielnia\">\n                                        \n<div class=\"card-event  card-event--size-small\">\n        <a href=\"https:\/\/www.ebilet.pl\/muzyka\/festiwale\/city-music-festival\" target=\"_blank\" class=\"card-event__link\" rel=\"nofollow noopener\"><\/a>\n        <div class=\"card-event__wrapper\">\n        <div class=\"card-event__image\">\n            <img decoding=\"async\" src=\"https:\/\/www.ebilet.pl\/media\/cms\/media\/zsff2dts\/cover-wydarzenia-1-ac29d26a-da8c-40fd-94ef-c32dc1ca2219.webp\" alt=\"\">\n        <\/div>\n        <div class=\"card-event__data\">\n            <div class=\"card-event__name\">\n                <p>City Music Festival<\/p>\n            <\/div>\n            <div class=\"card-event__date\"><\/div>\n            <div class=\"card-event__location\">Kielce<\/div>\n        <\/div>\n    <\/div>\n<\/div>                                    <\/div>\n                                                                    <div class=\"events-carousel-block__sliderItem swiper-slide\"\n                                        data-id=\"166516\"\n                                        data-name=\"Strefa 57 Festival\"\n                                        data-brand=\"E2k Sp. z o.o.\"\n                                        data-category=\"muzyka\"\n                                        data-subcategory=\"festiwale\"\n                                        data-city=\"Przytkowice\"\n                                        data-venue=\"Strefa 57\">\n                                        \n<div class=\"card-event  card-event--size-small\">\n        <a href=\"https:\/\/www.ebilet.pl\/muzyka\/festiwale\/strefa-57-festival\" target=\"_blank\" class=\"card-event__link\" rel=\"nofollow noopener\"><\/a>\n        <div class=\"card-event__wrapper\">\n        <div class=\"card-event__image\">\n            <img decoding=\"async\" src=\"https:\/\/www.ebilet.pl\/media\/cms\/media\/u12gyahl\/zbiorcza_656x369-9-eed77f12-68a7-4aa5-9383-26592763206b.webp\" alt=\"\">\n        <\/div>\n        <div class=\"card-event__data\">\n            <div class=\"card-event__name\">\n                <p>Strefa 57 Festival<\/p>\n            <\/div>\n            <div class=\"card-event__date\"><\/div>\n            <div class=\"card-event__location\">Przytkowice<\/div>\n        <\/div>\n    <\/div>\n<\/div>                                    <\/div>\n                                                                    <div class=\"events-carousel-block__sliderItem swiper-slide\"\n                                        data-id=\"198074\"\n                                        data-name=\"Music Week Poland 2026\"\n                                        data-brand=\"Culture Hub Poland - Fundacja Centrum Kultury Polskiej\"\n                                        data-category=\"muzyka\"\n                                        data-subcategory=\"festiwale\"\n                                        data-city=\"\"\n                                        data-venue=\"Muzeum Historii Polski\">\n                                        \n<div class=\"card-event  card-event--size-small\">\n        <a href=\"https:\/\/www.ebilet.pl\/muzyka\/festiwale\/mwp\" target=\"_blank\" class=\"card-event__link\" rel=\"nofollow noopener\"><\/a>\n        <div class=\"card-event__wrapper\">\n        <div class=\"card-event__image\">\n            <img decoding=\"async\" src=\"https:\/\/www.ebilet.pl\/media\/cms\/media\/jnfhallp\/musicweek_ebilet_656x369.webp\" alt=\"\">\n        <\/div>\n        <div class=\"card-event__data\">\n            <div class=\"card-event__name\">\n                <p>Music Week Poland 2026<\/p>\n            <\/div>\n            <div class=\"card-event__date\"><\/div>\n            <div class=\"card-event__location\"><\/div>\n        <\/div>\n    <\/div>\n<\/div>                                    <\/div>\n                                                                    <div class=\"events-carousel-block__sliderItem swiper-slide\"\n                                        data-id=\"198688\"\n                                        data-name=\"Music Week Poland 2026\"\n                                        data-brand=\"Culture Hub Poland - Fundacja Centrum Kultury Polskiej\"\n                                        data-category=\"muzyka\"\n                                        data-subcategory=\"festiwale\"\n                                        data-city=\"Warszawa\"\n                                        data-venue=\"Warszawa\">\n                                        \n<div class=\"card-event  card-event--size-small\">\n        <a href=\"https:\/\/www.ebilet.pl\/muzyka\/festiwale\/music-week-poland\" target=\"_blank\" class=\"card-event__link\" rel=\"nofollow noopener\"><\/a>\n        <div class=\"card-event__wrapper\">\n        <div class=\"card-event__image\">\n            <img decoding=\"async\" src=\"https:\/\/www.ebilet.pl\/media\/cms\/media\/vdakl0rx\/musicweek_ebilet_656x3692.webp\" alt=\"\">\n        <\/div>\n        <div class=\"card-event__data\">\n            <div class=\"card-event__name\">\n                <p>Music Week Poland 2026<\/p>\n            <\/div>\n            <div class=\"card-event__date\"><\/div>\n            <div class=\"card-event__location\">Warszawa<\/div>\n        <\/div>\n    <\/div>\n<\/div>                                    <\/div>\n                                                                    <div class=\"events-carousel-block__sliderItem swiper-slide\"\n                                        data-id=\"121727\"\n                                        data-name=\"Rzeszowskie Juwenalia 2026\"\n                                        data-brand=\"BREND GROUP SP\u00d3\u0141KA Z OGRANICZON\u0104 ODPOWIEDZIALNO\u015aCI\u0104\"\n                                        data-category=\"muzyka\"\n                                        data-subcategory=\"festiwale\"\n                                        data-city=\"Rzesz\u00f3w\"\n                                        data-venue=\"\">\n                                        \n<div class=\"card-event  card-event--size-small\">\n        <a href=\"https:\/\/www.ebilet.pl\/muzyka\/festiwale\/rzeszowskie-juwenalia\" target=\"_blank\" class=\"card-event__link\" rel=\"nofollow noopener\"><\/a>\n        <div class=\"card-event__wrapper\">\n        <div class=\"card-event__image\">\n            <img decoding=\"async\" src=\"https:\/\/www.ebilet.pl\/media\/cms\/media\/w20pkbsd\/rzj_ebilet-ok_adka-poziom-9adb1829-ad15-4571-87e5-241158760e88.webp\" alt=\"\">\n        <\/div>\n        <div class=\"card-event__data\">\n            <div class=\"card-event__name\">\n                <p>Rzeszowskie Juwenalia 2026<\/p>\n            <\/div>\n            <div class=\"card-event__date\"><\/div>\n            <div class=\"card-event__location\">Rzesz\u00f3w<\/div>\n        <\/div>\n    <\/div>\n<\/div>                                    <\/div>\n                                                                    <div class=\"events-carousel-block__sliderItem swiper-slide\"\n                                        data-id=\"145251\"\n                                        data-name=\"Juwenalia Politechniki Lubelskiej 2026\"\n                                        data-brand=\"EVENT STUDIO KOWALEWSKI BRE\u015a Sp. J.\"\n                                        data-category=\"muzyka\"\n                                        data-subcategory=\"festiwale\"\n                                        data-city=\"Lublin\"\n                                        data-venue=\"Tereny Zielone Politechniki Lubelskiej\">\n                                        \n<div class=\"card-event  card-event--size-small\">\n        <a href=\"https:\/\/www.ebilet.pl\/muzyka\/festiwale\/juwenalia-politechniki-lubelskiej\" target=\"_blank\" class=\"card-event__link\" rel=\"nofollow noopener\"><\/a>\n        <div class=\"card-event__wrapper\">\n        <div class=\"card-event__image\">\n            <img decoding=\"async\" src=\"https:\/\/www.ebilet.pl\/media\/cms\/media\/ihnd2bud\/656x369-1-1-48a23e70-8581-40be-99e3-87662e26fb24.webp\" alt=\"\">\n        <\/div>\n        <div class=\"card-event__data\">\n            <div class=\"card-event__name\">\n                <p>Juwenalia Politechniki Lubelskiej 2026<\/p>\n            <\/div>\n            <div class=\"card-event__date\"><\/div>\n            <div class=\"card-event__location\">Lublin<\/div>\n        <\/div>\n    <\/div>\n<\/div>                                    <\/div>\n                                                                    <div class=\"events-carousel-block__sliderItem swiper-slide\"\n                                        data-id=\"199423\"\n                                        data-name=\"Juwenalia Gda\u0144skie 2026\"\n                                        data-brand=\"Fundacja Gda\u0144ska\"\n                                        data-category=\"muzyka\"\n                                        data-subcategory=\"festiwale\"\n                                        data-city=\"Gda\u0144sk\"\n                                        data-venue=\"Plac Zebra\u0144 Ludowych\">\n                                        \n<div class=\"card-event  card-event--size-small\">\n        <a href=\"https:\/\/www.ebilet.pl\/muzyka\/festiwale\/juwenalia-gdanskie\" target=\"_blank\" class=\"card-event__link\" rel=\"nofollow noopener\"><\/a>\n        <div class=\"card-event__wrapper\">\n        <div class=\"card-event__image\">\n            <img decoding=\"async\" src=\"https:\/\/www.ebilet.pl\/media\/cms\/media\/epumh0ib\/656x369-718bab05-d99a-45ac-aeb1-f50a0dd1a4fd.webp\" alt=\"\">\n        <\/div>\n        <div class=\"card-event__data\">\n            <div class=\"card-event__name\">\n                <p>Juwenalia Gda\u0144skie 2026<\/p>\n            <\/div>\n            <div class=\"card-event__date\"><\/div>\n            <div class=\"card-event__location\">Gda\u0144sk<\/div>\n        <\/div>\n    <\/div>\n<\/div>                                    <\/div>\n                                                                    <div class=\"events-carousel-block__sliderItem swiper-slide\"\n                                        data-id=\"203961\"\n                                        data-name=\"Circoloco Warsaw\"\n                                        data-brand=\"Awake Events Sp. z o.o.\"\n                                        data-category=\"muzyka\"\n                                        data-subcategory=\"festiwale\"\n                                        data-city=\"Warszawa\"\n                                        data-venue=\"Pa\u0142ac w Wilanowie\">\n                                        \n<div class=\"card-event  card-event--size-small\">\n        <a href=\"https:\/\/www.ebilet.pl\/muzyka\/festiwale\/circoloco-warsaw\" target=\"_blank\" class=\"card-event__link\" rel=\"nofollow noopener\"><\/a>\n        <div class=\"card-event__wrapper\">\n        <div class=\"card-event__image\">\n            <img decoding=\"async\" src=\"https:\/\/www.ebilet.pl\/media\/cms\/media\/a3bk50lx\/strona-wydarzenia-poziom.webp\" alt=\"\">\n        <\/div>\n        <div class=\"card-event__data\">\n            <div class=\"card-event__name\">\n                <p>Circoloco Warsaw<\/p>\n            <\/div>\n            <div class=\"card-event__date\"><\/div>\n            <div class=\"card-event__location\">Warszawa<\/div>\n        <\/div>\n    <\/div>\n<\/div>                                    <\/div>\n                                                                    <div class=\"events-carousel-block__sliderItem swiper-slide\"\n                                        data-id=\"122369\"\n                                        data-name=\"Juwenalia Bia\u0142ystok 2026\"\n                                        data-brand=\"Stowarzyszenie Absolwent\u00f3w Politechniki Bia\u0142ostockiej\"\n                                        data-category=\"muzyka\"\n                                        data-subcategory=\"festiwale\"\n                                        data-city=\"Bia\u0142ystok\"\n                                        data-venue=\"Kampus Politechniki Bia\u0142ostockiej\">\n                                        \n<div class=\"card-event  card-event--size-small\">\n        <a href=\"https:\/\/www.ebilet.pl\/muzyka\/festiwale\/juwenalia-bialystok\" target=\"_blank\" class=\"card-event__link\" rel=\"nofollow noopener\"><\/a>\n        <div class=\"card-event__wrapper\">\n        <div class=\"card-event__image\">\n            <img decoding=\"async\" src=\"https:\/\/www.ebilet.pl\/media\/cms\/media\/oungwf4j\/zmiana_cen-5-cc77e8fd-f618-4375-93e6-ef0493d5df04.webp\" alt=\"\">\n        <\/div>\n        <div class=\"card-event__data\">\n            <div class=\"card-event__name\">\n                <p>Juwenalia Bia\u0142ystok 2026<\/p>\n            <\/div>\n            <div class=\"card-event__date\"><\/div>\n            <div class=\"card-event__location\">Bia\u0142ystok<\/div>\n        <\/div>\n    <\/div>\n<\/div>                                    <\/div>\n                                                                    <div class=\"events-carousel-block__sliderItem swiper-slide\"\n                                        data-id=\"175658\"\n                                        data-name=\"Juwenalia Cz\u0119stochowskie PCz &amp; UJD 2026\"\n                                        data-brand=\"O\u015brodek Promocji Kultury &quot;Gaude Mater&quot;\"\n                                        data-category=\"muzyka\"\n                                        data-subcategory=\"festiwale\"\n                                        data-city=\"Cz\u0119stochowa\"\n                                        data-venue=\"Kampus Politechniki Cz\u0119stochowskiej\">\n                                        \n<div class=\"card-event  card-event--size-small\">\n        <a href=\"https:\/\/www.ebilet.pl\/muzyka\/festiwale\/juwenalia-czestochowskie\" target=\"_blank\" class=\"card-event__link\" rel=\"nofollow noopener\"><\/a>\n        <div class=\"card-event__wrapper\">\n        <div class=\"card-event__image\">\n            <img decoding=\"async\" src=\"https:\/\/www.ebilet.pl\/media\/cms\/media\/t3zhhpht\/ok_adka-pozioma-bileteria-2eea6d1c-70ba-4c9f-a7dc-79bac97ab695.webp\" alt=\"\">\n        <\/div>\n        <div class=\"card-event__data\">\n            <div class=\"card-event__name\">\n                <p>Juwenalia Cz\u0119stochowskie PCz &#038; UJD 2026<\/p>\n            <\/div>\n            <div class=\"card-event__date\"><\/div>\n            <div class=\"card-event__location\">Cz\u0119stochowa<\/div>\n        <\/div>\n    <\/div>\n<\/div>                                    <\/div>\n                                                                    <div class=\"events-carousel-block__sliderItem swiper-slide\"\n                                        data-id=\"204291\"\n                                        data-name=\"Orlen Elektronarracje\"\n                                        data-brand=\"STOWARZYSZENIE INICJATYWA\"\n                                        data-category=\"muzyka\"\n                                        data-subcategory=\"festiwale\"\n                                        data-city=\"Katowice, \u015al\u0105sk, Zabrze\"\n                                        data-venue=\"\u015al\u0105sk\">\n                                        \n<div class=\"card-event  card-event--size-small\">\n        <a href=\"https:\/\/www.ebilet.pl\/muzyka\/festiwale\/elektronarracje\" target=\"_blank\" class=\"card-event__link\" rel=\"nofollow noopener\"><\/a>\n        <div class=\"card-event__wrapper\">\n        <div class=\"card-event__image\">\n            <img decoding=\"async\" src=\"https:\/\/www.ebilet.pl\/media\/cms\/media\/at5fz4yu\/ebilet1-656x369.webp\" alt=\"\">\n        <\/div>\n        <div class=\"card-event__data\">\n            <div class=\"card-event__name\">\n                <p>Orlen Elektronarracje<\/p>\n            <\/div>\n            <div class=\"card-event__date\"><\/div>\n            <div class=\"card-event__location\">Katowice, \u015al\u0105sk, Zabrze<\/div>\n        <\/div>\n    <\/div>\n<\/div>                                    <\/div>\n                                                                    <div class=\"events-carousel-block__sliderItem swiper-slide\"\n                                        data-id=\"203456\"\n                                        data-name=\"G\u00f3raLOVE Festiwal\"\n                                        data-brand=\"enemka R4BBIT sp. z o.o.\"\n                                        data-category=\"muzyka\"\n                                        data-subcategory=\"festiwale\"\n                                        data-city=\"Ustro\u0144\"\n                                        data-venue=\"Amfiteatr w Ustroniu\">\n                                        \n<div class=\"card-event  card-event--size-small\">\n        <a href=\"https:\/\/www.ebilet.pl\/muzyka\/festiwale\/goralove\" target=\"_blank\" class=\"card-event__link\" rel=\"nofollow noopener\"><\/a>\n        <div class=\"card-event__wrapper\">\n        <div class=\"card-event__image\">\n            <img decoding=\"async\" src=\"https:\/\/www.ebilet.pl\/media\/cms\/media\/nrldgp2r\/ebilet3-1-a8b8f60b-9bb2-4caa-8ced-16116a449b3e.webp\" alt=\"\">\n        <\/div>\n        <div class=\"card-event__data\">\n            <div class=\"card-event__name\">\n                <p>G\u00f3raLOVE Festiwal<\/p>\n            <\/div>\n            <div class=\"card-event__date\"><\/div>\n            <div class=\"card-event__location\">Ustro\u0144<\/div>\n        <\/div>\n    <\/div>\n<\/div>                                    <\/div>\n                                                                    <div class=\"events-carousel-block__sliderItem swiper-slide\"\n                                        data-id=\"169186\"\n                                        data-name=\"Up To Date Festival 2026\"\n                                        data-brand=\"STOWARZYSZENIE POGOTOWIE KULTURALNO-SPO\u0141ECZNE\"\n                                        data-category=\"muzyka\"\n                                        data-subcategory=\"festiwale\"\n                                        data-city=\"Bia\u0142ystok\"\n                                        data-venue=\"Bia\u0142ystok\">\n                                        \n<div class=\"card-event  card-event--size-small\">\n        <a href=\"https:\/\/www.ebilet.pl\/muzyka\/festiwale\/up-to-date-festival\" target=\"_blank\" class=\"card-event__link\" rel=\"nofollow noopener\"><\/a>\n        <div class=\"card-event__wrapper\">\n        <div class=\"card-event__image\">\n            <img decoding=\"async\" src=\"https:\/\/www.ebilet.pl\/media\/cms\/media\/rtbeuknt\/656x369-8ad2bc97-0105-4dc5-bc5a-09ee9b39198d.webp\" alt=\"\">\n        <\/div>\n        <div class=\"card-event__data\">\n            <div class=\"card-event__name\">\n                <p>Up To Date Festival 2026<\/p>\n            <\/div>\n            <div class=\"card-event__date\"><\/div>\n            <div class=\"card-event__location\">Bia\u0142ystok<\/div>\n        <\/div>\n    <\/div>\n<\/div>                                    <\/div>\n                                                                    <div class=\"events-carousel-block__sliderItem swiper-slide\"\n                                        data-id=\"198838\"\n                                        data-name=\"Juwenalia Pozna\u0144 2026\"\n                                        data-brand=\"Fundacja na Rzecz Integracji \u015arodowiska Akademickiego Jeden Uniwersytet\"\n                                        data-category=\"muzyka\"\n                                        data-subcategory=\"festiwale\"\n                                        data-city=\"Pozna\u0144\"\n                                        data-venue=\"Park Jana Paw\u0142a II\">\n                                        \n<div class=\"card-event  card-event--size-small\">\n        <a href=\"https:\/\/www.ebilet.pl\/muzyka\/festiwale\/juwenalia-poznan\" target=\"_blank\" class=\"card-event__link\" rel=\"nofollow noopener\"><\/a>\n        <div class=\"card-event__wrapper\">\n        <div class=\"card-event__image\">\n            <img decoding=\"async\" src=\"https:\/\/www.ebilet.pl\/media\/cms\/media\/f5cb2w30\/unnamed-1-1-cb4698d9-ddb5-4a3c-b722-5a6cdb58b9f1.webp\" alt=\"\">\n        <\/div>\n        <div class=\"card-event__data\">\n            <div class=\"card-event__name\">\n                <p>Juwenalia Pozna\u0144 2026<\/p>\n            <\/div>\n            <div class=\"card-event__date\"><\/div>\n            <div class=\"card-event__location\">Pozna\u0144<\/div>\n        <\/div>\n    <\/div>\n<\/div>                                    <\/div>\n                                                                    <div class=\"events-carousel-block__sliderItem swiper-slide\"\n                                        data-id=\"7104\"\n                                        data-name=\"Open&#039;er Festival 2026\"\n                                        data-brand=\"Alter Art\"\n                                        data-category=\"muzyka\"\n                                        data-subcategory=\"festiwale\"\n                                        data-city=\"Gdynia\"\n                                        data-venue=\"Lotnisko Gdynia - Kosakowo\">\n                                        \n<div class=\"card-event  card-event--size-small\">\n        <a href=\"https:\/\/www.ebilet.pl\/muzyka\/festiwale\/opener-festival\" target=\"_blank\" class=\"card-event__link\" rel=\"nofollow noopener\"><\/a>\n        <div class=\"card-event__wrapper\">\n        <div class=\"card-event__image\">\n            <img decoding=\"async\" src=\"https:\/\/www.ebilet.pl\/media\/cms\/media\/vr5l21om\/opener2026_ebilet_656x369-ee020a0f-2f31-4138-b4b2-04308c95f9f7.webp\" alt=\"\">\n        <\/div>\n        <div class=\"card-event__data\">\n            <div class=\"card-event__name\">\n                <p>Open&#8217;er Festival 2026<\/p>\n            <\/div>\n            <div class=\"card-event__date\"><\/div>\n            <div class=\"card-event__location\">Gdynia<\/div>\n        <\/div>\n    <\/div>\n<\/div>                                    <\/div>\n                                                                    <div class=\"events-carousel-block__sliderItem swiper-slide\"\n                                        data-id=\"10086\"\n                                        data-name=\"Orange Warsaw Festival 2026\"\n                                        data-brand=\"Alter Art\"\n                                        data-category=\"muzyka\"\n                                        data-subcategory=\"festiwale\"\n                                        data-city=\"Warszawa\"\n                                        data-venue=\"Tor Wy\u015bcig\u00f3w Konnych Warszawa - S\u0142u\u017cewiec\">\n                                        \n<div class=\"card-event  card-event--size-small\">\n        <a href=\"https:\/\/www.ebilet.pl\/muzyka\/festiwale\/orange-warsaw-festival\" target=\"_blank\" class=\"card-event__link\" rel=\"nofollow noopener\"><\/a>\n        <div class=\"card-event__wrapper\">\n        <div class=\"card-event__image\">\n            <img decoding=\"async\" src=\"https:\/\/www.ebilet.pl\/media\/cms\/media\/m3xib5y5\/owf_2026_ebilet_656x369-266cc2fe-1046-41bb-b413-32325c34cbdd.webp\" alt=\"\">\n        <\/div>\n        <div class=\"card-event__data\">\n            <div class=\"card-event__name\">\n                <p>Orange Warsaw Festival 2026<\/p>\n            <\/div>\n            <div class=\"card-event__date\"><\/div>\n            <div class=\"card-event__location\">Warszawa<\/div>\n        <\/div>\n    <\/div>\n<\/div>                                    <\/div>\n                                                                    <div class=\"events-carousel-block__sliderItem swiper-slide\"\n                                        data-id=\"175547\"\n                                        data-name=\"Delfinalia 2026\"\n                                        data-brand=\"YELLO Sp. z o.o\"\n                                        data-category=\"muzyka\"\n                                        data-subcategory=\"festiwale\"\n                                        data-city=\"Gdynia\"\n                                        data-venue=\"Molo Po\u0142udniowe Gdynia\">\n                                        \n<div class=\"card-event  card-event--size-small\">\n        <a href=\"https:\/\/www.ebilet.pl\/muzyka\/festiwale\/delfinalia\" target=\"_blank\" class=\"card-event__link\" rel=\"nofollow noopener\"><\/a>\n        <div class=\"card-event__wrapper\">\n        <div class=\"card-event__image\">\n            <img decoding=\"async\" src=\"https:\/\/www.ebilet.pl\/media\/cms\/media\/3iznhrfb\/656x369-c51b2054-ba49-4c3a-8857-380395c0a337.webp\" alt=\"\">\n        <\/div>\n        <div class=\"card-event__data\">\n            <div class=\"card-event__name\">\n                <p>Delfinalia 2026<\/p>\n            <\/div>\n            <div class=\"card-event__date\"><\/div>\n            <div class=\"card-event__location\">Gdynia<\/div>\n        <\/div>\n    <\/div>\n<\/div>                                    <\/div>\n                                                                    <div class=\"events-carousel-block__sliderItem swiper-slide\"\n                                        data-id=\"196592\"\n                                        data-name=\"16. Enter Enea Festival\"\n                                        data-brand=\"Fundacja Europejskie Forum Sztuki\"\n                                        data-category=\"muzyka\"\n                                        data-subcategory=\"festiwale\"\n                                        data-city=\"Pozna\u0144\"\n                                        data-venue=\"Polana przy restauracji Oaza\">\n                                        \n<div class=\"card-event  card-event--size-small\">\n        <a href=\"https:\/\/www.ebilet.pl\/muzyka\/festiwale\/enter-enea\" target=\"_blank\" class=\"card-event__link\" rel=\"nofollow noopener\"><\/a>\n        <div class=\"card-event__wrapper\">\n        <div class=\"card-event__image\">\n            <img decoding=\"async\" src=\"https:\/\/www.ebilet.pl\/media\/cms\/media\/l1pbumzd\/656x369-29-593582a8-6c95-49bb-8881-3fe6a2ea17e0.webp\" alt=\"\">\n        <\/div>\n        <div class=\"card-event__data\">\n            <div class=\"card-event__name\">\n                <p>16. Enter Enea Festival<\/p>\n            <\/div>\n            <div class=\"card-event__date\"><\/div>\n            <div class=\"card-event__location\">Pozna\u0144<\/div>\n        <\/div>\n    <\/div>\n<\/div>                                    <\/div>\n                                                            <\/div>\n                        <\/div>\n                    <\/div>\n                    <div class=\"events-carousel-block__pagination\">\n                        <div class=\"swiper-pagination slider-pagination\" data-events-carousel-pagination><\/div>\n                    <\/div>\n                <\/div>\n            <\/div>\n        <\/div>\n    <\/section>\n\n\n\n<section class=\"text-block  section-margin-32\" >\n    <div class=\"container\">\n        <div class=\"row\">\n            <div class=\"col-24\">\n                <div class=\"text-block__content\"><h2>Isabel LaRosa debiutuje albumem &#8220;Raven&#8221;!<\/h2>\n<p>Nie samymi trendami autorka \u017cyje, wi\u0119c postanowi\u0142a wyj\u015b\u0107 poza ramy natychmiastowych hit\u00f3w i porz\u0105dnie zabra\u0107 si\u0119 za pe\u0142noprawny album. Tym sposobem w kwietniu 2025 roku \u015bwiat\u0142o dzienne ujrza\u0142 debiutancki <strong>&#8220;Raven&#8221;<\/strong>. <strong>Isabel<\/strong> ujawni\u0142a dla The Luna Collective, \u017ce tytu\u0142owy kruk w pewnym sensie odnosi si\u0119 do jej dzieci\u0144stwa, poniewa\u017c od najm\u0142odszych lat ochoczo ch\u0142on\u0119\u0142a opowie\u015bci o ptakach. <em>&#8220;By\u0142am zafascynowana wronami i krukami &#8211; uwielbiam to, co symbolizuj\u0105 we folklorze, czyli \u015bmier\u0107 i odrodzenie, mog\u0105 by\u0107 te\u017c zapowiedzi\u0105 rozwoju i zmiany. Mog\u0105 by\u0107 z\u0142ym znakiem, ale czuj\u0119, \u017ce to r\u00f3wnie\u017c stanowi cz\u0119\u015b\u0107 p\u0142yty&#8221; <\/em><strong>&#8211;<\/strong> wyt\u0142umaczy\u0142a piosenkarka. Jednocze\u015bnie zaznaczy\u0142a, \u017ce od lat chcia\u0142a przenie\u015b\u0107 ten motyw do swojego repertuaru, wi\u0119c w ko\u0144cu uda\u0142o jej si\u0119 spe\u0142ni\u0107 to pragnienie. Pod takim szyldem prezentuje si\u0119 14 nowych utwor\u00f3w i <strong>LaRosa<\/strong> zdecydowanie wy\u015bpiewa\u0142a faworyta s\u0142uchaczy, poniewa\u017c najcz\u0119\u015bciej odtwarzana piosenka z tego wydawnictwa nosi tytu\u0142<strong> &#8220;Favourite&#8221;<\/strong>. Tw\u00f3rczyni w rozmowie z The Honey Pop przyzna\u0142a, \u017ce zale\u017ca\u0142o jej na tym, by narracja p\u0142yty przeprowadzi\u0142a odbiorc\u00f3w w histori\u0119 pe\u0142n\u0105 wzlot\u00f3w i upadk\u00f3w, by przekonali si\u0119, jak z biegiem czasu wszystko si\u0119 rozpada.<\/p>\n<\/div>\n            <\/div>\n        <\/div>\n    <\/div>\n<\/section>\n\n\n<figure class=\"wp-block-embed is-type-rich is-provider-spotify wp-block-embed-spotify wp-embed-aspect-21-9 wp-has-aspect-ratio\"><div class=\"wp-block-embed__wrapper\">\n<iframe title=\"Spotify Embed: Raven\" style=\"border-radius: 12px\" width=\"100%\" height=\"352\" frameborder=\"0\" allowfullscreen allow=\"autoplay; clipboard-write; encrypted-media; fullscreen; picture-in-picture\" loading=\"lazy\" src=\"https:\/\/open.spotify.com\/embed\/album\/012dJutTI1nox9KAK5ER31?si=wdPo2sybQjqZeBALE3qvig&amp;utm_source=oembed\"><\/iframe>\n<\/div><\/figure>\n\n\n<section class=\"gap-block  section-margin-32 section-margin-32\"><\/section>\n\n\n<section  class=\"article-bullet-list  section-margin-32\">\n    <div class=\"container\">\n        <div class=\"row\">\n            <div class=\"col-24\">\n                                <div class=\"article-bullet-list__title\">\n                    <p class=\"typo-18\">Przeczytaj te\u017c:<\/p>\n                <\/div>\n                                <div class=\"article-bullet-list text-block\">\n                    <div class=\"text-block__content\">\n                        <ul>\n                                                        <li>\n                                <a href=\"https:\/\/www.ebilet.pl\/now\/podbil-tiktoka-a-teraz-wystapi-w-polsce-kim-jest-sombr\/\">\n                                    <span>Podbi\u0142 TikToka, a teraz wyst\u0105pi w Polsce. Kim jest sombr?<\/span>\n                                <\/a>\n                            <\/li>\n                                                        <li>\n                                <a href=\"https:\/\/www.ebilet.pl\/now\/najglosniejsze-albumy-2025-roku-o-tych-plytach-mowilo-sie-najwiecej\/\">\n                                    <span>Najg\u0142o\u015bniejsze albumy 2025 roku! O tych p\u0142ytach m\u00f3wi\u0142o si\u0119\u00a0najwi\u0119cej<\/span>\n                                <\/a>\n                            <\/li>\n                                                    <\/ul>\n                    <\/div>\n                <\/div>\n            <\/div>\n        <\/div>\n    <\/div>\n<\/section>\n\n\n<section class=\"events-slider-block  section-margin-32\" data-events-slider-block data-carousel-title=\"Gor\u0105ce wydarzenia\" data-carousel-type=\"karuzela_z_t\u0142em\" data-item-list-name=\"Karuzela z t\u0142em Gor\u0105ce wydarzenia\" data-item-list-id=\"karuzela_z_t\u0142em Gor\u0105ce wydarzenia\" >\n    <div class=\"container\">\n        <div class=\"row\">\n            <div class=\"col-24\">\n                <div class=\"events-slider-block__wrapper\">\n                                            <div class=\"events-slider-block__bg\"><img loading=\"lazy\" decoding=\"async\" width=\"1920\" height=\"1080\" src=\"https:\/\/www.ebilet.pl\/now\/app\/uploads\/2024\/07\/festiwale.jpg\" class=\"attachment-full size-full\" alt=\"\" srcset=\"https:\/\/www.ebilet.pl\/now\/app\/uploads\/2024\/07\/festiwale.jpg 1920w, https:\/\/www.ebilet.pl\/now\/app\/uploads\/2024\/07\/festiwale-1024x576.jpg 1024w, https:\/\/www.ebilet.pl\/now\/app\/uploads\/2024\/07\/festiwale-1536x864.jpg 1536w, https:\/\/www.ebilet.pl\/now\/app\/uploads\/2024\/07\/festiwale-1280x720.jpg 1280w, https:\/\/www.ebilet.pl\/now\/app\/uploads\/2024\/07\/festiwale-500x281.jpg 500w, https:\/\/www.ebilet.pl\/now\/app\/uploads\/2024\/07\/festiwale-632x356.jpg 632w, https:\/\/www.ebilet.pl\/now\/app\/uploads\/2024\/07\/festiwale-308x174.jpg 308w\" sizes=\"(max-width: 1920px) 100vw, 1920px\" \/><\/div>\n                                                                <div class=\"events-slider-block__top\">\n                                                            <div class=\"events-slider-block__title desktop\">\n                                    <h2 class=\"typo-h2\">Gor\u0105ce wydarzenia<\/h2>\n                                <\/div>\n                                                                                        <div class=\"events-slider-block__title mobile\">\n                                    <h2 class=\"typo-h2\">Gor\u0105ce wydarzenia<\/h2>\n                                <\/div>\n                                                    <\/div>\n                                                                <div class=\"events-slider-block__main\">\n                            <div class=\"events-slider-block__nav events-slider-block__nav--prev\">\n                                <div class=\"button button--withIcon button--theme-white-blur button--size-fixed-48\" data-events-prev>\n                                    <span class=\"button__icon icon icon-chevron-left\"><\/span>\n                                <\/div>\n                            <\/div>\n                            <div class=\"events-slider-block__nav events-slider-block__nav--next\">\n                                <div class=\"button button--withIcon button--theme-white-blur button--size-fixed-48\" data-events-next>\n                                    <span class=\"button__icon icon icon-chevron-right\"><\/span>\n                                <\/div>\n                            <\/div>\n                            <div class=\"events-slider-block__slider\">\n                                <div class=\"swiper\" data-events-slider>\n                                    <div class=\"events-slider-block__sliderWrapper swiper-wrapper\">\n\n                                        \n                                            <div class=\"events-slider-block__sliderItem swiper-slide event-card\"\n                                                data-id=\"63906\"\n                                                data-name=\"Mecze towarzyskie Reprezentacji Polski m\u0119\u017cczyzn w siatk\u00f3wce\"\n                                                data-brand=\"Polska Siatk\u00f3wka Sp. z o.o.\"\n                                                data-category=\"sport\"\n                                                data-subcategory=\"sporty-druzynowe\"\n                                                data-city=\"Katowice, Sosnowiec\"\n                                                data-venue=\"ArcelorMittal Park w Sosnowcu\">\n                                                \n<div class=\"card-event  card-event--size-small\">\n        <a href=\"https:\/\/www.ebilet.pl\/sport\/sporty-druzynowe\/mecz-siatkowki\" target=\"_blank\" class=\"card-event__link\" rel=\"nofollow noopener\"><\/a>\n        <div class=\"card-event__wrapper\">\n        <div class=\"card-event__image\">\n            <img decoding=\"async\" src=\"https:\/\/www.ebilet.pl\/media\/cms\/media\/paxoijep\/mecz-1-e7ebdff4-0eeb-4b41-87f8-b8cc79cca9e1.webp\" alt=\"\">\n        <\/div>\n        <div class=\"card-event__data\">\n            <div class=\"card-event__name\">\n                <p>Mecze towarzyskie Reprezentacji Polski m\u0119\u017cczyzn w siatk\u00f3wce<\/p>\n            <\/div>\n            <div class=\"card-event__date\">20.05.2026-20.05.2026<\/div>\n            <div class=\"card-event__location\">Katowice, Sosnowiec<\/div>\n        <\/div>\n    <\/div>\n<\/div>                                            <\/div>\n                                        \n                                            <div class=\"events-slider-block__sliderItem swiper-slide event-card\"\n                                                data-id=\"13630\"\n                                                data-name=\"M\u0119skie Granie 2026\"\n                                                data-brand=\"LIVE Sp. z o.o.\"\n                                                data-category=\"muzyka\"\n                                                data-subcategory=\"festiwale\"\n                                                data-city=\"Gda\u0144sk, Krak\u00f3w, Pozna\u0144 i inne\"\n                                                data-venue=\"\u017bywiec Amfiteatr pod Grojcem\">\n                                                \n<div class=\"card-event  card-event--size-small\">\n        <a href=\"https:\/\/www.ebilet.pl\/muzyka\/festiwale\/meskie-granie\" target=\"_blank\" class=\"card-event__link\" rel=\"nofollow noopener\"><\/a>\n        <div class=\"card-event__wrapper\">\n        <div class=\"card-event__image\">\n            <img decoding=\"async\" src=\"https:\/\/www.ebilet.pl\/media\/cms\/media\/otqfs0tb\/552x736-11-18222119-c0b1-48d3-9da6-2d9f34d401ee.webp\" alt=\"\">\n        <\/div>\n        <div class=\"card-event__data\">\n            <div class=\"card-event__name\">\n                <p>M\u0119skie Granie 2026<\/p>\n            <\/div>\n            <div class=\"card-event__date\">26.06.2026-26.06.2026<\/div>\n            <div class=\"card-event__location\">Gda\u0144sk, Krak\u00f3w, Pozna\u0144 i inne<\/div>\n        <\/div>\n    <\/div>\n<\/div>                                            <\/div>\n                                        \n                                            <div class=\"events-slider-block__sliderItem swiper-slide event-card\"\n                                                data-id=\"10086\"\n                                                data-name=\"Orange Warsaw Festival 2026\"\n                                                data-brand=\"Alter Art\"\n                                                data-category=\"muzyka\"\n                                                data-subcategory=\"festiwale\"\n                                                data-city=\"Warszawa\"\n                                                data-venue=\"Tor Wy\u015bcig\u00f3w Konnych Warszawa - S\u0142u\u017cewiec\">\n                                                \n<div class=\"card-event  card-event--size-small\">\n        <a href=\"https:\/\/www.ebilet.pl\/muzyka\/festiwale\/orange-warsaw-festival\" target=\"_blank\" class=\"card-event__link\" rel=\"nofollow noopener\"><\/a>\n        <div class=\"card-event__wrapper\">\n        <div class=\"card-event__image\">\n            <img decoding=\"async\" src=\"https:\/\/www.ebilet.pl\/media\/cms\/media\/bxnh21tr\/owf_2026_ebilet_552x736-94c1b52f-1e91-4861-ba57-03b21dcd6346.webp\" alt=\"\">\n        <\/div>\n        <div class=\"card-event__data\">\n            <div class=\"card-event__name\">\n                <p>Orange Warsaw Festival 2026<\/p>\n            <\/div>\n            <div class=\"card-event__date\">29.05.2026-29.05.2026<\/div>\n            <div class=\"card-event__location\">Warszawa<\/div>\n        <\/div>\n    <\/div>\n<\/div>                                            <\/div>\n                                        \n                                            <div class=\"events-slider-block__sliderItem swiper-slide event-card\"\n                                                data-id=\"147392\"\n                                                data-name=\"Juwenalia 2026\"\n                                                data-brand=\"eBilet\"\n                                                data-category=\"biznes\"\n                                                data-subcategory=\"pozostale\"\n                                                data-city=\"\"\n                                                data-venue=\"\">\n                                                \n<div class=\"card-event  card-event--size-small\">\n        <a href=\"https:\/\/www.ebilet.pl\/biznes\/pozostale\/juwenalia\" target=\"_blank\" class=\"card-event__link\" rel=\"nofollow noopener\"><\/a>\n        <div class=\"card-event__wrapper\">\n        <div class=\"card-event__image\">\n            <img decoding=\"async\" src=\"https:\/\/www.ebilet.pl\/media\/cms\/media\/3qgk420o\/552x736_cta-4.webp\" alt=\"\">\n        <\/div>\n        <div class=\"card-event__data\">\n            <div class=\"card-event__name\">\n                <p>Juwenalia 2026<\/p>\n            <\/div>\n            <div class=\"card-event__date\"><\/div>\n            <div class=\"card-event__location\"><\/div>\n        <\/div>\n    <\/div>\n<\/div>                                            <\/div>\n                                        \n                                            <div class=\"events-slider-block__sliderItem swiper-slide event-card\"\n                                                data-id=\"205645\"\n                                                data-name=\"Bezpieczna odsprzeda\u017c w apce eBilet\"\n                                                data-brand=\"eBilet\"\n                                                data-category=\"biznes\"\n                                                data-subcategory=\"pozostale\"\n                                                data-city=\"\"\n                                                data-venue=\"\">\n                                                \n<div class=\"card-event  card-event--size-small\">\n        <a href=\"https:\/\/www.ebilet.pl\/biznes\/pozostale\/odsprzedaz\" target=\"_blank\" class=\"card-event__link\" rel=\"nofollow noopener\"><\/a>\n        <div class=\"card-event__wrapper\">\n        <div class=\"card-event__image\">\n            <img decoding=\"async\" src=\"https:\/\/www.ebilet.pl\/media\/cms\/media\/lkwf0krx\/552x736-1.webp\" alt=\"\">\n        <\/div>\n        <div class=\"card-event__data\">\n            <div class=\"card-event__name\">\n                <p>Bezpieczna odsprzeda\u017c w apce eBilet<\/p>\n            <\/div>\n            <div class=\"card-event__date\"><\/div>\n            <div class=\"card-event__location\"><\/div>\n        <\/div>\n    <\/div>\n<\/div>                                            <\/div>\n                                        \n                                            <div class=\"events-slider-block__sliderItem swiper-slide event-card\"\n                                                data-id=\"204964\"\n                                                data-name=\"EPIC ROCK: Symphonic Concert\"\n                                                data-brand=\"VISUAL PRODUCTION Sp. z o.o. \"\n                                                data-category=\"muzyka\"\n                                                data-subcategory=\"rock\"\n                                                data-city=\"Gdynia, Pozna\u0144, Warszawa i inne\"\n                                                data-venue=\"MTP - Mi\u0119dzynarodowe Targi Pozna\u0144skie\">\n                                                \n<div class=\"card-event  card-event--size-small\">\n        <a href=\"https:\/\/www.ebilet.pl\/muzyka\/rock\/epic-rock-symphonic-concert\" target=\"_blank\" class=\"card-event__link\" rel=\"nofollow noopener\"><\/a>\n        <div class=\"card-event__wrapper\">\n        <div class=\"card-event__image\">\n            <img decoding=\"async\" src=\"https:\/\/www.ebilet.pl\/media\/cms\/media\/gqgdpaua\/552x736-epic-rock_data-d7743615-48da-4014-8a56-ff6b809a1c25.webp\" alt=\"\">\n        <\/div>\n        <div class=\"card-event__data\">\n            <div class=\"card-event__name\">\n                <p>EPIC ROCK: Symphonic Concert<\/p>\n            <\/div>\n            <div class=\"card-event__date\">25.10.2026-25.10.2026<\/div>\n            <div class=\"card-event__location\">Gdynia, Pozna\u0144, Warszawa i inne<\/div>\n        <\/div>\n    <\/div>\n<\/div>                                            <\/div>\n                                        \n                                            <div class=\"events-slider-block__sliderItem swiper-slide event-card\"\n                                                data-id=\"6089\"\n                                                data-name=\"Dawid Podsiad\u0142o OBROTOWY TOUR 2026\"\n                                                data-brand=\"MUZK Sp. z o.o.\"\n                                                data-category=\"muzyka\"\n                                                data-subcategory=\"pop\"\n                                                data-city=\"Chorz\u00f3w, Gda\u0144sk, Pozna\u0144 i inne\"\n                                                data-venue=\"Superauto.pl Stadion \u015al\u0105ski\">\n                                                \n<div class=\"card-event  card-event--size-small\">\n        <a href=\"https:\/\/www.ebilet.pl\/muzyka\/pop\/dawid-podsiadlo\" target=\"_blank\" class=\"card-event__link\" rel=\"nofollow noopener\"><\/a>\n        <div class=\"card-event__wrapper\">\n        <div class=\"card-event__image\">\n            <img decoding=\"async\" src=\"https:\/\/www.ebilet.pl\/media\/cms\/media\/ed0nj55n\/portal-552x736-belka-3af99133-8930-431d-8060-eb4825ec5b91.webp\" alt=\"\">\n        <\/div>\n        <div class=\"card-event__data\">\n            <div class=\"card-event__name\">\n                <p>Dawid Podsiad\u0142o OBROTOWY TOUR 2026<\/p>\n            <\/div>\n            <div class=\"card-event__date\">06.06.2026-06.06.2026<\/div>\n            <div class=\"card-event__location\">Chorz\u00f3w, Gda\u0144sk, Pozna\u0144 i inne<\/div>\n        <\/div>\n    <\/div>\n<\/div>                                            <\/div>\n                                        \n                                            <div class=\"events-slider-block__sliderItem swiper-slide event-card\"\n                                                data-id=\"169470\"\n                                                data-name=\"Morrissey\"\n                                                data-brand=\"Winiary Bookings sp. z o. o.\"\n                                                data-category=\"muzyka\"\n                                                data-subcategory=\"rock\"\n                                                data-city=\"Warszawa\"\n                                                data-venue=\"Letnia Scena Progresji\">\n                                                \n<div class=\"card-event  card-event--size-small\">\n        <a href=\"https:\/\/www.ebilet.pl\/muzyka\/rock\/morrissey\" target=\"_blank\" class=\"card-event__link\" rel=\"nofollow noopener\"><\/a>\n        <div class=\"card-event__wrapper\">\n        <div class=\"card-event__image\">\n            <img decoding=\"async\" src=\"https:\/\/www.ebilet.pl\/media\/cms\/media\/v0fhczer\/morrissey-ebilet-strona-wydarzenia-pion-warszawa-2b0fb3a5-f2dd-4773-8334-2fab1e2a5a89.webp\" alt=\"\">\n        <\/div>\n        <div class=\"card-event__data\">\n            <div class=\"card-event__name\">\n                <p>Morrissey<\/p>\n            <\/div>\n            <div class=\"card-event__date\">09.07.2026-09.07.2026<\/div>\n            <div class=\"card-event__location\">Warszawa<\/div>\n        <\/div>\n    <\/div>\n<\/div>                                            <\/div>\n                                        \n                                            <div class=\"events-slider-block__sliderItem swiper-slide event-card\"\n                                                data-id=\"202003\"\n                                                data-name=\"WWOFF\"\n                                                data-brand=\"Muzk Festival Sp. z o.o.\"\n                                                data-category=\"muzyka\"\n                                                data-subcategory=\"hip-hop-rap\"\n                                                data-city=\"Warszawa\"\n                                                data-venue=\"Hala COS Torwar \">\n                                                \n<div class=\"card-event  card-event--size-small\">\n        <a href=\"https:\/\/www.ebilet.pl\/muzyka\/hip-hop-rap\/wwo\" target=\"_blank\" class=\"card-event__link\" rel=\"nofollow noopener\"><\/a>\n        <div class=\"card-event__wrapper\">\n        <div class=\"card-event__image\">\n            <img decoding=\"async\" src=\"https:\/\/www.ebilet.pl\/media\/cms\/media\/lranufrb\/portal-552x736a-f8052143-48fb-4e28-9564-7ff2fa400f8b.webp\" alt=\"\">\n        <\/div>\n        <div class=\"card-event__data\">\n            <div class=\"card-event__name\">\n                <p>WWOFF<\/p>\n            <\/div>\n            <div class=\"card-event__date\">26.11.2026-26.11.2026<\/div>\n            <div class=\"card-event__location\">Warszawa<\/div>\n        <\/div>\n    <\/div>\n<\/div>                                            <\/div>\n                                        \n                                            <div class=\"events-slider-block__sliderItem swiper-slide event-card\"\n                                                data-id=\"37617\"\n                                                data-name=\"Editors\"\n                                                data-brand=\"Alter Art\"\n                                                data-category=\"muzyka\"\n                                                data-subcategory=\"rock\"\n                                                data-city=\"\"\n                                                data-venue=\"Klub Stodo\u0142a\">\n                                                \n<div class=\"card-event  card-event--size-small\">\n        <a href=\"https:\/\/www.ebilet.pl\/muzyka\/rock\/editors\" target=\"_blank\" class=\"card-event__link\" rel=\"nofollow noopener\"><\/a>\n        <div class=\"card-event__wrapper\">\n        <div class=\"card-event__image\">\n            <img decoding=\"async\" src=\"https:\/\/www.ebilet.pl\/media\/cms\/media\/cbfdkmu2\/editors_2027_552x736_ebilet-7c254908-ec0a-4f27-8a1c-ff7961cef0cd.webp\" alt=\"\">\n        <\/div>\n        <div class=\"card-event__data\">\n            <div class=\"card-event__name\">\n                <p>Editors<\/p>\n            <\/div>\n            <div class=\"card-event__date\"><\/div>\n            <div class=\"card-event__location\"><\/div>\n        <\/div>\n    <\/div>\n<\/div>                                            <\/div>\n                                        \n                                            <div class=\"events-slider-block__sliderItem swiper-slide event-card\"\n                                                data-id=\"179828\"\n                                                data-name=\"XTB KSW 119\"\n                                                data-brand=\"Federacja KSW\"\n                                                data-category=\"sport\"\n                                                data-subcategory=\"sporty-walki\"\n                                                data-city=\"Radom\"\n                                                data-venue=\"Radomskie Centrum Sportu\">\n                                                \n<div class=\"card-event  card-event--size-small\">\n        <a href=\"https:\/\/www.ebilet.pl\/sport\/sporty-walki\/gala-ksw\" target=\"_blank\" class=\"card-event__link\" rel=\"nofollow noopener\"><\/a>\n        <div class=\"card-event__wrapper\">\n        <div class=\"card-event__image\">\n            <img decoding=\"async\" src=\"https:\/\/www.ebilet.pl\/media\/cms\/media\/hxkpcc3z\/ksw119_552x736-kopia-cd3dc132-b7af-417f-9575-966793c590a0.webp\" alt=\"\">\n        <\/div>\n        <div class=\"card-event__data\">\n            <div class=\"card-event__name\">\n                <p>XTB KSW 119<\/p>\n            <\/div>\n            <div class=\"card-event__date\">20.06.2026-20.06.2026<\/div>\n            <div class=\"card-event__location\">Radom<\/div>\n        <\/div>\n    <\/div>\n<\/div>                                            <\/div>\n                                        \n                                            <div class=\"events-slider-block__sliderItem swiper-slide event-card\"\n                                                data-id=\"8527\"\n                                                data-name=\"OFF Festival Katowice 2026\"\n                                                data-brand=\"Fundacja Independent\"\n                                                data-category=\"muzyka\"\n                                                data-subcategory=\"festiwale\"\n                                                data-city=\"Katowice\"\n                                                data-venue=\"Katowicki Park Le\u015bny - Dolina Trzech Staw\u00f3w\">\n                                                \n<div class=\"card-event  card-event--size-small\">\n        <a href=\"https:\/\/www.ebilet.pl\/muzyka\/festiwale\/off-festival\" target=\"_blank\" class=\"card-event__link\" rel=\"nofollow noopener\"><\/a>\n        <div class=\"card-event__wrapper\">\n        <div class=\"card-event__image\">\n            <img decoding=\"async\" src=\"https:\/\/www.ebilet.pl\/media\/cms\/media\/fe2gemsg\/ebilet-okladka-pion-552x736-e42b2686-71fa-4408-b72e-911ed7d4ce12.webp\" alt=\"\">\n        <\/div>\n        <div class=\"card-event__data\">\n            <div class=\"card-event__name\">\n                <p>OFF Festival Katowice 2026<\/p>\n            <\/div>\n            <div class=\"card-event__date\">07.08.2026-07.08.2026<\/div>\n            <div class=\"card-event__location\">Katowice<\/div>\n        <\/div>\n    <\/div>\n<\/div>                                            <\/div>\n                                        \n                                            <div class=\"events-slider-block__sliderItem swiper-slide event-card\"\n                                                data-id=\"204533\"\n                                                data-name=\"Wiktor Walig\u00f3ra &quot;Kr\u00f3tka trasa o mi\u0142o\u015bci&quot; 2026\"\n                                                data-brand=\"Papulos Karol Papa\u0142a\"\n                                                data-category=\"muzyka\"\n                                                data-subcategory=\"pop\"\n                                                data-city=\"Gda\u0144sk, Katowice, Pozna\u0144 i inne\"\n                                                data-venue=\"Terminal Kultury Goc\u0142aw\">\n                                                \n<div class=\"card-event  card-event--size-small\">\n        <a href=\"https:\/\/www.ebilet.pl\/muzyka\/pop\/wiktor-waligora\" target=\"_blank\" class=\"card-event__link\" rel=\"nofollow noopener\"><\/a>\n        <div class=\"card-event__wrapper\">\n        <div class=\"card-event__image\">\n            <img decoding=\"async\" src=\"https:\/\/www.ebilet.pl\/media\/cms\/media\/34smsqbc\/wiktorwaligora_552x736-e29b4205-212f-42ba-82b8-4bffd31ac6e4.webp\" alt=\"\">\n        <\/div>\n        <div class=\"card-event__data\">\n            <div class=\"card-event__name\">\n                <p>Wiktor Walig\u00f3ra &#8220;Kr\u00f3tka trasa o mi\u0142o\u015bci&#8221; 2026<\/p>\n            <\/div>\n            <div class=\"card-event__date\">02.10.2026-02.10.2026<\/div>\n            <div class=\"card-event__location\">Gda\u0144sk, Katowice, Pozna\u0144 i inne<\/div>\n        <\/div>\n    <\/div>\n<\/div>                                            <\/div>\n                                        \n                                            <div class=\"events-slider-block__sliderItem swiper-slide event-card\"\n                                                data-id=\"16543\"\n                                                data-name=\"Rozta\u0144czony PGE Narodowy 2026\"\n                                                data-brand=\"KRYSIAK POLSKA CORPORATION Sp. z o.o.\"\n                                                data-category=\"muzyka\"\n                                                data-subcategory=\"festiwale\"\n                                                data-city=\"Warszawa\"\n                                                data-venue=\"PGE Narodowy im. Kazimierza G\u00f3rskiego\">\n                                                \n<div class=\"card-event  card-event--size-small\">\n        <a href=\"https:\/\/www.ebilet.pl\/muzyka\/festiwale\/roztanczony-narodowy\" target=\"_blank\" class=\"card-event__link\" rel=\"nofollow noopener\"><\/a>\n        <div class=\"card-event__wrapper\">\n        <div class=\"card-event__image\">\n            <img decoding=\"async\" src=\"https:\/\/www.ebilet.pl\/media\/cms\/media\/vzjkxgps\/portal_basic.webp\" alt=\"\">\n        <\/div>\n        <div class=\"card-event__data\">\n            <div class=\"card-event__name\">\n                <p>Rozta\u0144czony PGE Narodowy 2026<\/p>\n            <\/div>\n            <div class=\"card-event__date\">10.10.2026-10.10.2026<\/div>\n            <div class=\"card-event__location\">Warszawa<\/div>\n        <\/div>\n    <\/div>\n<\/div>                                            <\/div>\n                                        \n                                            <div class=\"events-slider-block__sliderItem swiper-slide event-card\"\n                                                data-id=\"203093\"\n                                                data-name=\"B-DAY Festival by bambi\"\n                                                data-brand=\"BDF Sp. z.o.o.\"\n                                                data-category=\"muzyka\"\n                                                data-subcategory=\"hip-hop-rap\"\n                                                data-city=\"Warszawa\"\n                                                data-venue=\"Hala COS Torwar \">\n                                                \n<div class=\"card-event  card-event--size-small\">\n        <a href=\"https:\/\/www.ebilet.pl\/muzyka\/hip-hop-rap\/bambi\" target=\"_blank\" class=\"card-event__link\" rel=\"nofollow noopener\"><\/a>\n        <div class=\"card-event__wrapper\">\n        <div class=\"card-event__image\">\n            <img decoding=\"async\" src=\"https:\/\/www.ebilet.pl\/media\/cms\/media\/gifbpcig\/552x736-1-320cc3b0-5e5a-4852-a922-efc848865831.webp\" alt=\"\">\n        <\/div>\n        <div class=\"card-event__data\">\n            <div class=\"card-event__name\">\n                <p>B-DAY Festival by bambi<\/p>\n            <\/div>\n            <div class=\"card-event__date\">25.10.2026-25.10.2026<\/div>\n            <div class=\"card-event__location\">Warszawa<\/div>\n        <\/div>\n    <\/div>\n<\/div>                                            <\/div>\n                                        \n                                            <div class=\"events-slider-block__sliderItem swiper-slide event-card\"\n                                                data-id=\"195709\"\n                                                data-name=\"Taco Hemingway 2026 \u2020\u2020\u2020our\"\n                                                data-brand=\"Revolume Sp. z o.o.\"\n                                                data-category=\"muzyka\"\n                                                data-subcategory=\"hip-hop-rap\"\n                                                data-city=\"Gda\u0144sk\/Sopot, Krak\u00f3w, Warszawa i inne\"\n                                                data-venue=\"Hala Stulecia\">\n                                                \n<div class=\"card-event  card-event--size-small\">\n        <a href=\"https:\/\/www.ebilet.pl\/muzyka\/hip-hop-rap\/taco-hemingway\" target=\"_blank\" class=\"card-event__link\" rel=\"nofollow noopener\"><\/a>\n        <div class=\"card-event__wrapper\">\n        <div class=\"card-event__image\">\n            <img decoding=\"async\" src=\"https:\/\/www.ebilet.pl\/media\/cms\/media\/goegdsz5\/552x736-ogolna.webp\" alt=\"\">\n        <\/div>\n        <div class=\"card-event__data\">\n            <div class=\"card-event__name\">\n                <p>Taco Hemingway 2026 \u2020\u2020\u2020our<\/p>\n            <\/div>\n            <div class=\"card-event__date\">08.05.2026-08.05.2026<\/div>\n            <div class=\"card-event__location\">Gda\u0144sk\/Sopot, Krak\u00f3w, Warszawa i inne<\/div>\n        <\/div>\n    <\/div>\n<\/div>                                            <\/div>\n                                        \n                                            <div class=\"events-slider-block__sliderItem swiper-slide event-card\"\n                                                data-id=\"77334\"\n                                                data-name=\"OneRepublic\"\n                                                data-brand=\"Live Nation\"\n                                                data-category=\"muzyka\"\n                                                data-subcategory=\"pop\"\n                                                data-city=\"Krak\u00f3w\"\n                                                data-venue=\"TAURON Arena Krak\u00f3w\">\n                                                \n<div class=\"card-event  card-event--size-small\">\n        <a href=\"https:\/\/www.ebilet.pl\/muzyka\/pop\/onerepublic\" target=\"_blank\" class=\"card-event__link\" rel=\"nofollow noopener\"><\/a>\n        <div class=\"card-event__wrapper\">\n        <div class=\"card-event__image\">\n            <img decoding=\"async\" src=\"https:\/\/www.ebilet.pl\/media\/cms\/media\/lpojz0b2\/or_552x736-d7c2e53e-d6f0-453c-b540-3c006a0c9314.webp\" alt=\"\">\n        <\/div>\n        <div class=\"card-event__data\">\n            <div class=\"card-event__name\">\n                <p>OneRepublic<\/p>\n            <\/div>\n            <div class=\"card-event__date\">30.06.2026-30.06.2026<\/div>\n            <div class=\"card-event__location\">Krak\u00f3w<\/div>\n        <\/div>\n    <\/div>\n<\/div>                                            <\/div>\n                                        \n                                            <div class=\"events-slider-block__sliderItem swiper-slide event-card\"\n                                                data-id=\"8112\"\n                                                data-name=\"21. Tauron Nowa Muzyka Katowice 2026\"\n                                                data-brand=\"Fundacja Nowa Muzyka Katowice\"\n                                                data-category=\"muzyka\"\n                                                data-subcategory=\"festiwale\"\n                                                data-city=\"Katowice\"\n                                                data-venue=\"Narodowa Orkiestra Symfoniczna Polskiego Radia - NOSPR\">\n                                                \n<div class=\"card-event  card-event--size-small\">\n        <a href=\"https:\/\/www.ebilet.pl\/muzyka\/festiwale\/tauron-nowa-muzyka\" target=\"_blank\" class=\"card-event__link\" rel=\"nofollow noopener\"><\/a>\n        <div class=\"card-event__wrapper\">\n        <div class=\"card-event__image\">\n            <img decoding=\"async\" src=\"https:\/\/www.ebilet.pl\/media\/cms\/media\/j2hh3nmi\/tnmk2026_552x7361-1316ea33-ccd6-445a-963e-37b43cdf9619.webp\" alt=\"\">\n        <\/div>\n        <div class=\"card-event__data\">\n            <div class=\"card-event__name\">\n                <p>21. Tauron Nowa Muzyka Katowice 2026<\/p>\n            <\/div>\n            <div class=\"card-event__date\">04.06.2026-04.06.2026<\/div>\n            <div class=\"card-event__location\">Katowice<\/div>\n        <\/div>\n    <\/div>\n<\/div>                                            <\/div>\n                                        \n                                            <div class=\"events-slider-block__sliderItem swiper-slide event-card\"\n                                                data-id=\"203961\"\n                                                data-name=\"Circoloco Warsaw\"\n                                                data-brand=\"Awake Events Sp. z o.o.\"\n                                                data-category=\"muzyka\"\n                                                data-subcategory=\"festiwale\"\n                                                data-city=\"Warszawa\"\n                                                data-venue=\"Pa\u0142ac w Wilanowie\">\n                                                \n<div class=\"card-event  card-event--size-small\">\n        <a href=\"https:\/\/www.ebilet.pl\/muzyka\/festiwale\/circoloco-warsaw\" target=\"_blank\" class=\"card-event__link\" rel=\"nofollow noopener\"><\/a>\n        <div class=\"card-event__wrapper\">\n        <div class=\"card-event__image\">\n            <img decoding=\"async\" src=\"https:\/\/www.ebilet.pl\/media\/cms\/media\/moylgab4\/strona-wydarzenia-pion-a2233c6c-8b45-46d1-88c7-c2b6d8631f7f.webp\" alt=\"\">\n        <\/div>\n        <div class=\"card-event__data\">\n            <div class=\"card-event__name\">\n                <p>Circoloco Warsaw<\/p>\n            <\/div>\n            <div class=\"card-event__date\">09.05.2026-09.05.2026<\/div>\n            <div class=\"card-event__location\">Warszawa<\/div>\n        <\/div>\n    <\/div>\n<\/div>                                            <\/div>\n                                        \n                                            <div class=\"events-slider-block__sliderItem swiper-slide event-card\"\n                                                data-id=\"48780\"\n                                                data-name=\"Mistrzostwa \u015awiata w koszyk\u00f3wce 3x3 2026\"\n                                                data-brand=\"Polski Zwi\u0105zek Koszyk\u00f3wki\"\n                                                data-category=\"sport\"\n                                                data-subcategory=\"sporty-druzynowe\"\n                                                data-city=\"Warszawa\"\n                                                data-venue=\"Plac Defilad \">\n                                                \n<div class=\"card-event  card-event--size-small\">\n        <a href=\"https:\/\/www.ebilet.pl\/sport\/sporty-druzynowe\/koszykowka\" target=\"_blank\" class=\"card-event__link\" rel=\"nofollow noopener\"><\/a>\n        <div class=\"card-event__wrapper\">\n        <div class=\"card-event__image\">\n            <img decoding=\"async\" src=\"https:\/\/www.ebilet.pl\/media\/cms\/media\/40dkh4qd\/552x739-961a0af8-0c70-4f76-b55e-bf23fa63fae4.webp\" alt=\"\">\n        <\/div>\n        <div class=\"card-event__data\">\n            <div class=\"card-event__name\">\n                <p>Mistrzostwa \u015awiata w koszyk\u00f3wce 3&#215;3 2026<\/p>\n            <\/div>\n            <div class=\"card-event__date\">01.06.2026-01.06.2026<\/div>\n            <div class=\"card-event__location\">Warszawa<\/div>\n        <\/div>\n    <\/div>\n<\/div>                                            <\/div>\n                                                                            <\/div>\n                                <\/div>\n                            <\/div>\n                            <div class=\"events-slider-block__events swiper\" data-events-events-descriptions>\n                                <div class=\"events-slider-block__eventsWrapper swiper-wrapper\">\n                                                                            <div class=\"events-slider-block__eventsItem swiper-slide\">\n                                            <a href=\"https:\/\/www.ebilet.pl\/sport\/sporty-druzynowe\/mecz-siatkowki\" target=\"_blank\" class=\"events-slider-block__eventsName\">\n                                                <p>Mecze towarzyskie Reprezentacji Polski m\u0119\u017cczyzn w siatk\u00f3wce<\/p>\n                                            <\/a>\n                                            <div class=\"events-slider-block__eventsDate\">20.05.2026-23.05.2026<\/div>\n                                            <div class=\"events-slider-block__eventsLocation\"><\/div>\n                                        <\/div>\n                                                                            <div class=\"events-slider-block__eventsItem swiper-slide\">\n                                            <a href=\"https:\/\/www.ebilet.pl\/muzyka\/festiwale\/meskie-granie\" target=\"_blank\" class=\"events-slider-block__eventsName\">\n                                                <p>M\u0119skie Granie 2026<\/p>\n                                            <\/a>\n                                            <div class=\"events-slider-block__eventsDate\">26.06.2026-22.08.2026<\/div>\n                                            <div class=\"events-slider-block__eventsLocation\"><\/div>\n                                        <\/div>\n                                                                            <div class=\"events-slider-block__eventsItem swiper-slide\">\n                                            <a href=\"https:\/\/www.ebilet.pl\/muzyka\/festiwale\/orange-warsaw-festival\" target=\"_blank\" class=\"events-slider-block__eventsName\">\n                                                <p>Orange Warsaw Festival 2026<\/p>\n                                            <\/a>\n                                            <div class=\"events-slider-block__eventsDate\">29.05.2026-30.05.2026<\/div>\n                                            <div class=\"events-slider-block__eventsLocation\"><\/div>\n                                        <\/div>\n                                                                            <div class=\"events-slider-block__eventsItem swiper-slide\">\n                                            <a href=\"https:\/\/www.ebilet.pl\/biznes\/pozostale\/juwenalia\" target=\"_blank\" class=\"events-slider-block__eventsName\">\n                                                <p>Juwenalia 2026<\/p>\n                                            <\/a>\n                                            <div class=\"events-slider-block__eventsDate\">01.01.1970-01.01.1970<\/div>\n                                            <div class=\"events-slider-block__eventsLocation\"><\/div>\n                                        <\/div>\n                                                                            <div class=\"events-slider-block__eventsItem swiper-slide\">\n                                            <a href=\"https:\/\/www.ebilet.pl\/biznes\/pozostale\/odsprzedaz\" target=\"_blank\" class=\"events-slider-block__eventsName\">\n                                                <p>Bezpieczna odsprzeda\u017c w apce eBilet<\/p>\n                                            <\/a>\n                                            <div class=\"events-slider-block__eventsDate\">01.01.1970-01.01.1970<\/div>\n                                            <div class=\"events-slider-block__eventsLocation\"><\/div>\n                                        <\/div>\n                                                                            <div class=\"events-slider-block__eventsItem swiper-slide\">\n                                            <a href=\"https:\/\/www.ebilet.pl\/muzyka\/rock\/epic-rock-symphonic-concert\" target=\"_blank\" class=\"events-slider-block__eventsName\">\n                                                <p>EPIC ROCK: Symphonic Concert<\/p>\n                                            <\/a>\n                                            <div class=\"events-slider-block__eventsDate\">25.10.2026-13.11.2026<\/div>\n                                            <div class=\"events-slider-block__eventsLocation\"><\/div>\n                                        <\/div>\n                                                                            <div class=\"events-slider-block__eventsItem swiper-slide\">\n                                            <a href=\"https:\/\/www.ebilet.pl\/muzyka\/pop\/dawid-podsiadlo\" target=\"_blank\" class=\"events-slider-block__eventsName\">\n                                                <p>Dawid Podsiad\u0142o OBROTOWY TOUR 2026<\/p>\n                                            <\/a>\n                                            <div class=\"events-slider-block__eventsDate\">06.06.2026-28.06.2026<\/div>\n                                            <div class=\"events-slider-block__eventsLocation\"><\/div>\n                                        <\/div>\n                                                                            <div class=\"events-slider-block__eventsItem swiper-slide\">\n                                            <a href=\"https:\/\/www.ebilet.pl\/muzyka\/rock\/morrissey\" target=\"_blank\" class=\"events-slider-block__eventsName\">\n                                                <p>Morrissey<\/p>\n                                            <\/a>\n                                            <div class=\"events-slider-block__eventsDate\">09.07.2026-09.07.2026<\/div>\n                                            <div class=\"events-slider-block__eventsLocation\"><\/div>\n                                        <\/div>\n                                                                            <div class=\"events-slider-block__eventsItem swiper-slide\">\n                                            <a href=\"https:\/\/www.ebilet.pl\/muzyka\/hip-hop-rap\/wwo\" target=\"_blank\" class=\"events-slider-block__eventsName\">\n                                                <p>WWOFF<\/p>\n                                            <\/a>\n                                            <div class=\"events-slider-block__eventsDate\">26.11.2026-28.11.2026<\/div>\n                                            <div class=\"events-slider-block__eventsLocation\"><\/div>\n                                        <\/div>\n                                                                            <div class=\"events-slider-block__eventsItem swiper-slide\">\n                                            <a href=\"https:\/\/www.ebilet.pl\/muzyka\/rock\/editors\" target=\"_blank\" class=\"events-slider-block__eventsName\">\n                                                <p>Editors<\/p>\n                                            <\/a>\n                                            <div class=\"events-slider-block__eventsDate\">01.01.1970-01.01.1970<\/div>\n                                            <div class=\"events-slider-block__eventsLocation\"><\/div>\n                                        <\/div>\n                                                                            <div class=\"events-slider-block__eventsItem swiper-slide\">\n                                            <a href=\"https:\/\/www.ebilet.pl\/sport\/sporty-walki\/gala-ksw\" target=\"_blank\" class=\"events-slider-block__eventsName\">\n                                                <p>XTB KSW 119<\/p>\n                                            <\/a>\n                                            <div class=\"events-slider-block__eventsDate\">20.06.2026-20.06.2026<\/div>\n                                            <div class=\"events-slider-block__eventsLocation\"><\/div>\n                                        <\/div>\n                                                                            <div class=\"events-slider-block__eventsItem swiper-slide\">\n                                            <a href=\"https:\/\/www.ebilet.pl\/muzyka\/festiwale\/off-festival\" target=\"_blank\" class=\"events-slider-block__eventsName\">\n                                                <p>OFF Festival Katowice 2026<\/p>\n                                            <\/a>\n                                            <div class=\"events-slider-block__eventsDate\">07.08.2026-07.08.2026<\/div>\n                                            <div class=\"events-slider-block__eventsLocation\"><\/div>\n                                        <\/div>\n                                                                            <div class=\"events-slider-block__eventsItem swiper-slide\">\n                                            <a href=\"https:\/\/www.ebilet.pl\/muzyka\/pop\/wiktor-waligora\" target=\"_blank\" class=\"events-slider-block__eventsName\">\n                                                <p>Wiktor Walig\u00f3ra &#8220;Kr\u00f3tka trasa o mi\u0142o\u015bci&#8221; 2026<\/p>\n                                            <\/a>\n                                            <div class=\"events-slider-block__eventsDate\">02.10.2026-17.10.2026<\/div>\n                                            <div class=\"events-slider-block__eventsLocation\"><\/div>\n                                        <\/div>\n                                                                            <div class=\"events-slider-block__eventsItem swiper-slide\">\n                                            <a href=\"https:\/\/www.ebilet.pl\/muzyka\/festiwale\/roztanczony-narodowy\" target=\"_blank\" class=\"events-slider-block__eventsName\">\n                                                <p>Rozta\u0144czony PGE Narodowy 2026<\/p>\n                                            <\/a>\n                                            <div class=\"events-slider-block__eventsDate\">10.10.2026-10.10.2026<\/div>\n                                            <div class=\"events-slider-block__eventsLocation\"><\/div>\n                                        <\/div>\n                                                                            <div class=\"events-slider-block__eventsItem swiper-slide\">\n                                            <a href=\"https:\/\/www.ebilet.pl\/muzyka\/hip-hop-rap\/bambi\" target=\"_blank\" class=\"events-slider-block__eventsName\">\n                                                <p>B-DAY Festival by bambi<\/p>\n                                            <\/a>\n                                            <div class=\"events-slider-block__eventsDate\">25.10.2026-25.10.2026<\/div>\n                                            <div class=\"events-slider-block__eventsLocation\"><\/div>\n                                        <\/div>\n                                                                            <div class=\"events-slider-block__eventsItem swiper-slide\">\n                                            <a href=\"https:\/\/www.ebilet.pl\/muzyka\/hip-hop-rap\/taco-hemingway\" target=\"_blank\" class=\"events-slider-block__eventsName\">\n                                                <p>Taco Hemingway 2026 \u2020\u2020\u2020our<\/p>\n                                            <\/a>\n                                            <div class=\"events-slider-block__eventsDate\">08.05.2026-31.05.2026<\/div>\n                                            <div class=\"events-slider-block__eventsLocation\"><\/div>\n                                        <\/div>\n                                                                            <div class=\"events-slider-block__eventsItem swiper-slide\">\n                                            <a href=\"https:\/\/www.ebilet.pl\/muzyka\/pop\/onerepublic\" target=\"_blank\" class=\"events-slider-block__eventsName\">\n                                                <p>OneRepublic<\/p>\n                                            <\/a>\n                                            <div class=\"events-slider-block__eventsDate\">30.06.2026-30.06.2026<\/div>\n                                            <div class=\"events-slider-block__eventsLocation\"><\/div>\n                                        <\/div>\n                                                                            <div class=\"events-slider-block__eventsItem swiper-slide\">\n                                            <a href=\"https:\/\/www.ebilet.pl\/muzyka\/festiwale\/tauron-nowa-muzyka\" target=\"_blank\" class=\"events-slider-block__eventsName\">\n                                                <p>21. Tauron Nowa Muzyka Katowice 2026<\/p>\n                                            <\/a>\n                                            <div class=\"events-slider-block__eventsDate\">04.06.2026-06.06.2026<\/div>\n                                            <div class=\"events-slider-block__eventsLocation\"><\/div>\n                                        <\/div>\n                                                                            <div class=\"events-slider-block__eventsItem swiper-slide\">\n                                            <a href=\"https:\/\/www.ebilet.pl\/muzyka\/festiwale\/circoloco-warsaw\" target=\"_blank\" class=\"events-slider-block__eventsName\">\n                                                <p>Circoloco Warsaw<\/p>\n                                            <\/a>\n                                            <div class=\"events-slider-block__eventsDate\">09.05.2026-09.05.2026<\/div>\n                                            <div class=\"events-slider-block__eventsLocation\"><\/div>\n                                        <\/div>\n                                                                            <div class=\"events-slider-block__eventsItem swiper-slide\">\n                                            <a href=\"https:\/\/www.ebilet.pl\/sport\/sporty-druzynowe\/koszykowka\" target=\"_blank\" class=\"events-slider-block__eventsName\">\n                                                <p>Mistrzostwa \u015awiata w koszyk\u00f3wce 3&#215;3 2026<\/p>\n                                            <\/a>\n                                            <div class=\"events-slider-block__eventsDate\">01.06.2026-07.06.2026<\/div>\n                                            <div class=\"events-slider-block__eventsLocation\"><\/div>\n                                        <\/div>\n                                                                    <\/div>\n                            <\/div>\n                            <div class=\"events-slider-block__pagination\">\n                                <div class=\"swiper-pagination slider-pagination slider-pagination--theme-white\" data-events-slider-pagination><\/div>\n                            <\/div>\n                        <\/div>\n                                        <div class=\"events-slider-block__bottom\">\n                                                                                <div class=\"events-slider-block__link desktop\">\n                                    <a\n                                        class=\"button button--size-small button--theme-primary-yellow button--withIconLeft\"\n                                        href=\"https:\/\/www.ebilet.pl\/\">\n                                                                                    <div class=\"button__icon\"><img loading=\"lazy\" decoding=\"async\" width=\"30\" height=\"30\" src=\"https:\/\/www.ebilet.pl\/now\/app\/uploads\/2024\/01\/ticket-cinema-entertainment-coupon-discount-sale_30px.png\" class=\"attachment-full size-full\" alt=\"\" \/><\/div>\n                                                                                <p class=\"button__text typo-18\">Kup na eBilet.pl<\/p>\n                                    <\/a>\n                                <\/div>\n                                                                                <div class=\"events-slider-block__link mobile\">\n                                    <a\n                                        class=\"button button--size-small button--theme-primary-yellow button--withIconLeft\"\n                                        href=\"https:\/\/www.ebilet.pl\/\">\n                                                                                    <div class=\"button__icon\"><img loading=\"lazy\" decoding=\"async\" width=\"30\" height=\"30\" src=\"https:\/\/www.ebilet.pl\/now\/app\/uploads\/2024\/01\/ticket-cinema-entertainment-coupon-discount-sale_30px.png\" class=\"attachment-full size-full\" alt=\"\" \/><\/div>\n                                                                                <p class=\"button__text typo-18\">Kup na eBilet.pl<\/p>\n                                    <\/a>\n                                <\/div>\n                                            <\/div>\n                <\/div>\n            <\/div>\n        <\/div>\n    <\/div>\n<\/section>","protected":false},"excerpt":{"rendered":"<p>&#8220;baby i\u2019m yours, baby i\u2019m yours&#8221; &#8211; ten refren doskonale znaj\u0105 u\u017cytkownicy TikToka. Muzyczny katalog jego autorki skrywa znacznie wi\u0119cej. Ju\u017c wkr\u00f3tce Isabel LaRosa wyst\u0105pi w naszym kraju. Poznaj szczeg\u00f3\u0142y koncertu!<\/p>\n","protected":false},"author":16,"featured_media":76692,"comment_status":"open","ping_status":"open","sticky":false,"template":"page-templates\/article-default.php","format":"standard","meta":{"_acf_changed":false,"footnotes":""},"article_tag":[26,41],"article_type":[554],"acf":[],"_links":{"self":[{"href":"https:\/\/www.ebilet.pl\/now\/wp-json\/wp\/v2\/posts\/76690"}],"collection":[{"href":"https:\/\/www.ebilet.pl\/now\/wp-json\/wp\/v2\/posts"}],"about":[{"href":"https:\/\/www.ebilet.pl\/now\/wp-json\/wp\/v2\/types\/post"}],"author":[{"embeddable":true,"href":"https:\/\/www.ebilet.pl\/now\/wp-json\/wp\/v2\/users\/16"}],"replies":[{"embeddable":true,"href":"https:\/\/www.ebilet.pl\/now\/wp-json\/wp\/v2\/comments?post=76690"}],"version-history":[{"count":3,"href":"https:\/\/www.ebilet.pl\/now\/wp-json\/wp\/v2\/posts\/76690\/revisions"}],"predecessor-version":[{"id":76713,"href":"https:\/\/www.ebilet.pl\/now\/wp-json\/wp\/v2\/posts\/76690\/revisions\/76713"}],"wp:featuredmedia":[{"embeddable":true,"href":"https:\/\/www.ebilet.pl\/now\/wp-json\/wp\/v2\/media\/76692"}],"wp:attachment":[{"href":"https:\/\/www.ebilet.pl\/now\/wp-json\/wp\/v2\/media?parent=76690"}],"wp:term":[{"taxonomy":"article_tag","embeddable":true,"href":"https:\/\/www.ebilet.pl\/now\/wp-json\/wp\/v2\/article_tag?post=76690"},{"taxonomy":"article_type","embeddable":true,"href":"https:\/\/www.ebilet.pl\/now\/wp-json\/wp\/v2\/article_type?post=76690"}],"curies":[{"name":"wp","href":"https:\/\/api.w.org\/{rel}","templated":true}]}}