{"id":75388,"date":"2025-12-23T10:40:21","date_gmt":"2025-12-23T09:40:21","guid":{"rendered":"https:\/\/www.ebilet.pl\/now\/?p=75388"},"modified":"2025-12-23T10:40:24","modified_gmt":"2025-12-23T09:40:24","slug":"koncerty-sylwestrowe-i-noworoczne-na-ktore-warto-sie-wybrac","status":"publish","type":"post","link":"https:\/\/www.ebilet.pl\/now\/koncerty-sylwestrowe-i-noworoczne-na-ktore-warto-sie-wybrac\/","title":{"rendered":"Koncerty sylwestrowe i noworoczne, na kt\u00f3re warto si\u0119 wybra\u0107"},"content":{"rendered":"\n<p class=\"wp-block-paragraph\"><\/p>\n\n\n\n<section class=\"text-block  section-margin-32\" >\n    <div class=\"container\">\n        <div class=\"row\">\n            <div class=\"col-24\">\n                <div class=\"text-block__content\"><p>Tradycja noworocznych koncert\u00f3w wywodzi si\u0119 z Wiednia, gdzie tamtejsi filharmonicy w sylwestra przy d\u017awi\u0119kach s\u0142ynnych walc\u00f3w <strong>&#8220;Nad pi\u0119knym modrym Dunajem&#8221;<\/strong> i <strong>&#8220;Kaiser-Walzer&#8221;<\/strong>, <strong>&#8220;Marszu Radetzky\u2019ego&#8221;<\/strong> i urzekaj\u0105cej polki <strong>&#8220;Tritsch-Tratsch&#8221;<\/strong> <strong>Johanna Straussa <\/strong>wchodzili wraz z publiczno\u015bci\u0105 w Nowy Rok. Od 1939 roku z inicjatywy austriackiego dyrygenta <strong>Clemensa Kraussa<\/strong> pojawi\u0142 si\u0119 Koncert Noworoczny w znanej dzi\u015b postaci, kt\u00f3ry odbywa si\u0119 w Nowy Rok i jest transmitowany na \u017cywo w wielu krajach, w tym w Polsce (Wieloletnim komentatorem transmisji telewizyjnej w naszym kraju by\u0142 <strong>Bogus\u0142aw Kaczy\u0144ski<\/strong>).<\/p>\n<p>Dzi\u015b ta muzyczna impreza cieszy si\u0119 tak du\u017c\u0105 popularno\u015bci\u0105, \u017ce bilety na ni\u0105 z rocznym wyprzedzeniem rezerwuj\u0105 melomani z ca\u0142ego \u015bwiata. I chocia\u017c s\u0105 one szalenie drogie, to ch\u0119tnych jest tak du\u017co, \u017ce cz\u0119sto urz\u0105dza si\u0119 losowanie.<\/p>\n<p>Na szcz\u0119\u015bcie r\u00f3\u017cne inne muzyczne instytucje, zainspirowane wiede\u0144sk\u0105 tradycj\u0105, zacz\u0119\u0142y organizowa\u0107 swoje w\u0142asne sylwestrowe oraz noworoczne koncerty. Nic dziwnego \u2013 to doskona\u0142y pomys\u0142 na zamkni\u0119cie starego i otwarcie nowego roku.<\/p>\n<p>Z naszej bogatej oferty eBilet wybrali\u015bmy dla was najciekawsze propozycje polskich koncert\u00f3w sylwestrowych i noworocznych! Warto wybra\u0107 si\u0119 na jeden z nich i pos\u0142ucha\u0107 najpi\u0119kniejszych wiede\u0144skich klasyk\u00f3w w wykonaniach na \u017cywo. Ale nie tylko! W\u015br\u00f3d tych uroczystych koncert\u00f3w mamy te\u017c propozycje dla wielbicieli jazzowej muzyki, musicalowych szlagier\u00f3w i przepi\u0119knych utwor\u00f3w naszych mistrz\u00f3w piosenki: <strong>Agnieszki Osieckiej, Jonasza Kofty i Wojciecha M\u0142ynarskiego.<\/strong><\/p>\n<\/div>\n            <\/div>\n        <\/div>\n    <\/div>\n<\/section>\n\n\n<figure class=\"wp-block-embed is-type-video is-provider-youtube wp-block-embed-youtube wp-embed-aspect-16-9 wp-has-aspect-ratio\"><div class=\"wp-block-embed__wrapper\">\n<iframe loading=\"lazy\" title=\"The 2017 Vienna Philharmonic New Year&#039;s Concert with Gustavo Dudamel\" width=\"500\" height=\"281\" src=\"https:\/\/www.youtube.com\/embed\/xhEGMSOIptw?feature=oembed\" frameborder=\"0\" allow=\"accelerometer; autoplay; clipboard-write; encrypted-media; gyroscope; picture-in-picture; web-share\" referrerpolicy=\"strict-origin-when-cross-origin\" allowfullscreen><\/iframe>\n<\/div><\/figure>\n\n\n<section class=\"gap-block  section-margin-32 section-margin-32\"><\/section>\n\n\n<section class=\"text-block  section-margin-32\" >\n    <div class=\"container\">\n        <div class=\"row\">\n            <div class=\"col-24\">\n                <div class=\"text-block__content\"><h2><b>Koncerty Wiede\u0144skie<\/b><\/h2>\n<p>Oto propozycje koncert\u00f3w najbli\u017cszych formule tego s\u0142ynnego wiede\u0144skiego wydarzenia, gdzie w wykonaniu znakomitych orkiestr wys\u0142ucha\u0107 mo\u017cna najwspanialszych utwor\u00f3w z repertuar\u00f3w <strong>Johanna Straussa<\/strong>\u00a0\u2013 zar\u00f3wno ojca, jak i syna:\u00a0<strong>\u201cNad pi\u0119knym modrym Dunajem\u201d<\/strong>, <strong>\u201cZemsty nietoperza\u201d<\/strong>,\u00a0<strong>\u201cBarona Cyga\u0144skiego\u201d<\/strong>,\u00a0<strong>\u201cPerpetuum Mobile\u201d<\/strong> czy <strong>\u201cMarszu Radetzky\u2019ego\u201d <\/strong>oraz inne pe\u0142ne wdzi\u0119ku znane i lubiane utwory z wiede\u0144skich sal balowych walce, polki i arie.<\/p>\n<p>Na <a href=\"https:\/\/www.ebilet.pl\/klasyka\/koncert\/koncert-noworoczny-wiedenska-noc\"><strong>&#8220;Wiede\u0144sk\u0105 noc z Johannem Straussem II&#8221; <\/strong><\/a>zaprasza <strong>Opera \u015al\u0105ska w Bytomiu<\/strong>, gdzie pod batut\u0105 maestro <strong>Piotra Mazurka<\/strong> w noworocznym wiede\u0144skim stylu nasza Orkiestra zaprezentuje najpi\u0119kniejsze Straussowskie melodie. Koncert u\u015bwietni r\u00f3wnie\u017c wyst\u0119p Solist\u00f3w: <strong>Marty Huptas<\/strong> i <strong>\u0141ukasza Za\u0142eskiego<\/strong> oraz Baletu w uk\u0142adach choreograficznych autorstwa <strong>Alberto Pecetto<\/strong>.<\/p>\n<p>Na cykl Koncert\u00f3w Wiede\u0144skich, podczas kt\u00f3rych zabrzmi\u0105 najpi\u0119kniejsze arie operowe i operetkowe, a tak\u017ce rozpoznawalne utwory instrumentalne &#8211; koncerty, walce i ta\u0144ce &#8211; zwi\u0105zane z tradycj\u0105 Wiednia zaprasza r\u00f3wnie\u017c <a href=\"https:\/\/www.ebilet.pl\/klasyka\/koncert\/vienna-opera\"><strong>Vienna Opera Gala. <\/strong><\/a>Organizacja koncert\u00f3w w ko\u015bcio\u0142ach i katedrach polskich miast zapewnia niezwyk\u0142y, kameralny nastr\u00f3j oraz wyj\u0105tkowe walory akustyczne, pot\u0119guj\u0105ce emocjonalny odbi\u00f3r muzyki. W koncercie wyst\u0105pi\u0105 utalentowani soli\u015bci operowi wyst\u0119puj\u0105cy mi\u0119dzy innymi na scenach <strong>Teatru Wielkiego w \u0141odzi<\/strong>, <strong>Teatru Muzycznego w Gliwicach<\/strong>, <strong>Teatru Wielkiego Opery Narodowej<\/strong> i <strong>Opery Kameralnej w Warszawie<\/strong>: sopranistka i tenor, przy akompaniamencie fortepianu i skrzypiec.<\/p>\n<p>W podr\u00f3\u017c do rozta\u0144czonego i magicznego Wiednia, gdzie b\u0119d\u0105 rozbrzmiewa\u0107 najpi\u0119kniejsze arie, duety, walce i polki<strong> Johanna Straussa, Franca Lehara, Imre Kalmana<\/strong>\u00a0zaprasza r\u00f3wnie\u017c <a href=\"https:\/\/www.ebilet.pl\/klasyka\/koncert\/vienna-chamber-orchestra\"><strong>Vienna Chamber Orchestra<\/strong><\/a> pod dyrekcj\u0105 znakomitego polskiego artysty &#8211; dyrygenta <strong>Dariusza Kasperka<\/strong>. Orkiestrze towarzyszy\u0107 b\u0119d\u0105 znakomici soli\u015bci mi\u0119dzynarodowych scen: <strong>Roksana Majchrowska<\/strong> (sopran), <strong>Joanna Iwaszkiewicz<\/strong> (mezzosopran),\u00a0<strong>S\u0142awomir Naborczyk<\/strong> (tenor),\u00a0<strong>W\u0142odzimierz Shagay<\/strong> (baryton).<\/p>\n<\/div>\n            <\/div>\n        <\/div>\n    <\/div>\n<\/section>\n\n\n<section class=\"tickets-slider  section-margin-32\"\n    data-tickets-slider\n    data-item-list-name=\"Karuzela z buttonami\"\n    data-item-list-id=\"karuzela_z_buttonami\"\n    >\n    <div class=\"container\">\n        <div class=\"row\">\n            <div class=\"col-24\">\n                <div class=\"tickets-slider__main\">\n                    <div class=\"tickets-slider__nav tickets-slider__nav--prev\">\n                        <div class=\"button button--withIcon button--theme-white-blur button--size-fixed-48\" data-tickets-slider-prev>\n                            <span class=\"button__icon icon icon-chevron-left\"><\/span>\n                        <\/div>\n                    <\/div>\n                    <div class=\"tickets-slider__nav tickets-slider__nav--next\">\n                        <div class=\"button button--withIcon button--theme-white-blur button--size-fixed-48\" data-tickets-slider-next>\n                            <span class=\"button__icon icon icon-chevron-right\"><\/span>\n                        <\/div>\n                    <\/div>\n                    <div class=\"tickets-slider__slider swiper\" data-tickets-slider-slider>\n                        <div class=\"tickets-slider__sliderWrapper swiper-wrapper\">\n                                                            <div class=\"tickets-slider__sliderItem swiper-slide\"\n                                    data-id=\"165170\"\n                                    data-name=\"Koncert Wiede\u0144ski - Johann Strauss Gala\"\n                                    data-brand=\"\"\n                                    data-category=\"klasyka\"\n                                    data-subcategory=\"koncert\"\n                                    data-city=\"\u015awi\u0119toch\u0142owice\"\n                                    data-venue=\"\">\n                                    <div class=\"tickets-slider__sliderCard\">\n                                        \n<div class=\"card-ticket\">\n        <div class=\"card-ticket__image\">\n        <a href=\"https:\/\/www.ebilet.pl\/klasyka\/koncert\/koncert-wiedenski-johann-strauss-gala\">\n            <img decoding=\"async\" src=\"https:\/\/www.ebilet.pl\/media\/cms\/media\/spla1sji\/02_johann_strauss_552x736_ebilet-29d2a079-191f-4e42-99b6-0432af733a96.webp\" alt=\"Plakat wydarzenia\" \/>\n        <\/a>\n    <\/div>\n             \n    <div class=\"card-ticket__link\">\n        <a href=\"https:\/\/www.ebilet.pl\/klasyka\/koncert\/koncert-wiedenski-johann-strauss-gala\" class=\"button button--theme-primary-yellow button--withIconLeft button--size-small\">\n            <span class=\"button__icon icon icon-ticket\"><\/span>\n            <p class=\"button__text typo-16 f-600\">Kup bilet<\/p>\n        <\/a>\n    <\/div>\n    <\/div>                                    <\/div>\n                                <\/div>\n                                                            <div class=\"tickets-slider__sliderItem swiper-slide\"\n                                    data-id=\"161194\"\n                                    data-name=\"Koncert Wiede\u0144ski z Gwiazdami 2027\"\n                                    data-brand=\"\"\n                                    data-category=\"klasyka\"\n                                    data-subcategory=\"koncert\"\n                                    data-city=\"Bydgoszcz, Gr\u00f3jec, Katowice i inne\"\n                                    data-venue=\"\">\n                                    <div class=\"tickets-slider__sliderCard\">\n                                        \n<div class=\"card-ticket\">\n        <div class=\"card-ticket__image\">\n        <a href=\"https:\/\/www.ebilet.pl\/klasyka\/koncert\/koncert-wiedenski-z-gwiazdami\">\n            <img decoding=\"async\" src=\"https:\/\/www.ebilet.pl\/media\/cms\/media\/ul4dympf\/02_gwiazdy_552x736_ebilet-327e282c-0628-4f29-a08a-1df6397916ba.webp\" alt=\"Plakat wydarzenia\" \/>\n        <\/a>\n    <\/div>\n             \n    <div class=\"card-ticket__link\">\n        <a href=\"https:\/\/www.ebilet.pl\/klasyka\/koncert\/koncert-wiedenski-z-gwiazdami\" class=\"button button--theme-primary-yellow button--withIconLeft button--size-small\">\n            <span class=\"button__icon icon icon-ticket\"><\/span>\n            <p class=\"button__text typo-16 f-600\">Kup bilet<\/p>\n        <\/a>\n    <\/div>\n    <\/div>                                    <\/div>\n                                <\/div>\n                                                            <div class=\"tickets-slider__sliderItem swiper-slide\"\n                                    data-id=\"40000\"\n                                    data-name=\"Noworoczna Gala \u2013 Koncert Wiede\u0144ski\"\n                                    data-brand=\"\"\n                                    data-category=\"klasyka\"\n                                    data-subcategory=\"koncert\"\n                                    data-city=\"Bielsko-Bia\u0142a, Boles\u0142awiec, Cz\u0119stochowa i inne\"\n                                    data-venue=\"\">\n                                    <div class=\"tickets-slider__sliderCard\">\n                                        \n<div class=\"card-ticket\">\n        <div class=\"card-ticket__image\">\n        <a href=\"https:\/\/www.ebilet.pl\/klasyka\/koncert\/noworoczna-gala-koncert-wiedenski\">\n            <img decoding=\"async\" src=\"https:\/\/www.ebilet.pl\/media\/cms\/media\/kcelkcr0\/552x736-ngkw-27-5605b513-f861-4cf9-85b7-d8c5979fc6e3.webp\" alt=\"Plakat wydarzenia\" \/>\n        <\/a>\n    <\/div>\n             \n    <div class=\"card-ticket__link\">\n        <a href=\"https:\/\/www.ebilet.pl\/klasyka\/koncert\/noworoczna-gala-koncert-wiedenski\" class=\"button button--theme-primary-yellow button--withIconLeft button--size-small\">\n            <span class=\"button__icon icon icon-ticket\"><\/span>\n            <p class=\"button__text typo-16 f-600\">Kup bilet<\/p>\n        <\/a>\n    <\/div>\n    <\/div>                                    <\/div>\n                                <\/div>\n                                                            <div class=\"tickets-slider__sliderItem swiper-slide\"\n                                    data-id=\"180249\"\n                                    data-name=\"Koncert Noworoczny &quot;Operetki Czar&quot;\"\n                                    data-brand=\"\"\n                                    data-category=\"klasyka\"\n                                    data-subcategory=\"opera-operetka\"\n                                    data-city=\"Sandomierz\"\n                                    data-venue=\"\">\n                                    <div class=\"tickets-slider__sliderCard\">\n                                        \n<div class=\"card-ticket\">\n        <div class=\"card-ticket__image\">\n        <a href=\"https:\/\/www.ebilet.pl\/klasyka\/opera-operetka\/operetki-czar\">\n            <img decoding=\"async\" src=\"https:\/\/www.ebilet.pl\/media\/cms\/media\/0qlj2eod\/koncert-noworoczny-552x736-1.webp\" alt=\"Plakat wydarzenia\" \/>\n        <\/a>\n    <\/div>\n             \n    <div class=\"card-ticket__link\">\n        <a href=\"https:\/\/www.ebilet.pl\/klasyka\/opera-operetka\/operetki-czar\" class=\"button button--theme-primary-yellow button--withIconLeft button--size-small\">\n            <span class=\"button__icon icon icon-ticket\"><\/span>\n            <p class=\"button__text typo-16 f-600\">Kup bilet<\/p>\n        <\/a>\n    <\/div>\n    <\/div>                                    <\/div>\n                                <\/div>\n                                                            <div class=\"tickets-slider__sliderItem swiper-slide\"\n                                    data-id=\"128671\"\n                                    data-name=\"Koncert Wiede\u0144ski - VIENNA OPERA GALA\"\n                                    data-brand=\"\"\n                                    data-category=\"klasyka\"\n                                    data-subcategory=\"koncert\"\n                                    data-city=\"Gda\u0144sk, Katowice, Krak\u00f3w i inne\"\n                                    data-venue=\"\">\n                                    <div class=\"tickets-slider__sliderCard\">\n                                        \n<div class=\"card-ticket\">\n        <div class=\"card-ticket__image\">\n        <a href=\"https:\/\/www.ebilet.pl\/klasyka\/koncert\/vienna-opera\">\n            <img decoding=\"async\" src=\"https:\/\/www.ebilet.pl\/media\/cms\/media\/kmrdaz5v\/renditiondownload-022bf180-4d9f-49a6-9591-95e3b5a87090.webp\" alt=\"Plakat wydarzenia\" \/>\n        <\/a>\n    <\/div>\n             \n    <div class=\"card-ticket__link\">\n        <a href=\"https:\/\/www.ebilet.pl\/klasyka\/koncert\/vienna-opera\" class=\"button button--theme-primary-yellow button--withIconLeft button--size-small\">\n            <span class=\"button__icon icon icon-ticket\"><\/span>\n            <p class=\"button__text typo-16 f-600\">Kup bilet<\/p>\n        <\/a>\n    <\/div>\n    <\/div>                                    <\/div>\n                                <\/div>\n                                                    <\/div>\n                    <\/div>\n                <\/div>\n            <\/div>\n        <\/div>\n    <\/div>\n<\/section>\n\n\n<section class=\"text-block  section-margin-32\" >\n    <div class=\"container\">\n        <div class=\"row\">\n            <div class=\"col-24\">\n                <div class=\"text-block__content\"><h2 class=\"ql-align-justify\">W Krainie Czardasza i porywaj\u0105cych cyga\u0144skich pie\u015bni<\/h2>\n<p class=\"ql-align-justify\">W niezapomnian\u0105 podr\u00f3\u017c do rozta\u0144czonego Budapesztu, gdzie rozbrzmiewaj\u0105 pe\u0142ne magii najpi\u0119kniejsze pie\u015bni cyga\u0144skie oraz niezwykle wirtuozowskie kompozycje z repertuaru<strong> Roby Lakatosa <\/strong>zapraszaj\u0105 organizatorzy koncertu <strong><a href=\"https:\/\/www.ebilet.pl\/klasyka\/opera-operetka\/w-krainie-czardasza\">&#8220;W Krainie Czardasza&#8221;<\/a>.\u00a0<\/strong><\/p>\n<p><strong>Kr\u00f3lewska Orkiestra Kameralna<\/strong> pod batut\u0105 dyrygenta <strong>Wojciecha Mrozka<\/strong> i w towarzystwie wybitnych solist\u00f3w &#8211; <strong>Agata Sava<\/strong> (mezzosopran),\u00a0<strong>Maryjan Lomaha<\/strong> (skrzypce solo), <strong>Nazar Tatsyshyn<\/strong> (tenor) &#8211; oraz tancerzy baletu klasycznego uraczy publiczno\u015b\u0107 w pierwszej cz\u0119\u015bci koncertu brawurowymi wykonaniami utwor\u00f3w z kanonu mistrz\u00f3w takich jak Strauss, Lehar, Kalman. Z kolei druga cz\u0119\u015b\u0107 wyst\u0119pu porwie s\u0142uchaczy wraz z taborem cyga\u0144skim do krainy romskiego folkloru i najpi\u0119kniejszych tradycyjnych melodii z r\u00f3\u017cnych kraj\u00f3w i kultur Europy, m. in. W\u0119gier, Rumunii, Ba\u0142kan.<\/p>\n<\/div>\n            <\/div>\n        <\/div>\n    <\/div>\n<\/section>\n\n\n<section class=\"tickets-slider  section-margin-32\"\n    data-tickets-slider\n    data-item-list-name=\"Karuzela z buttonami\"\n    data-item-list-id=\"karuzela_z_buttonami\"\n    >\n    <div class=\"container\">\n        <div class=\"row\">\n            <div class=\"col-24\">\n                <div class=\"tickets-slider__main\">\n                    <div class=\"tickets-slider__nav tickets-slider__nav--prev\">\n                        <div class=\"button button--withIcon button--theme-white-blur button--size-fixed-48\" data-tickets-slider-prev>\n                            <span class=\"button__icon icon icon-chevron-left\"><\/span>\n                        <\/div>\n                    <\/div>\n                    <div class=\"tickets-slider__nav tickets-slider__nav--next\">\n                        <div class=\"button button--withIcon button--theme-white-blur button--size-fixed-48\" data-tickets-slider-next>\n                            <span class=\"button__icon icon icon-chevron-right\"><\/span>\n                        <\/div>\n                    <\/div>\n                    <div class=\"tickets-slider__slider swiper\" data-tickets-slider-slider>\n                        <div class=\"tickets-slider__sliderWrapper swiper-wrapper\">\n                                                            <div class=\"tickets-slider__sliderItem swiper-slide\"\n                                    data-id=\"32870\"\n                                    data-name=\"Koncert Wiede\u0144ski W Krainie Czardasza\"\n                                    data-brand=\"\"\n                                    data-category=\"klasyka\"\n                                    data-subcategory=\"opera-operetka\"\n                                    data-city=\"Konin, \u0141\u00f3d\u017a, Nowy Targ i inne\"\n                                    data-venue=\"\">\n                                    <div class=\"tickets-slider__sliderCard\">\n                                        \n<div class=\"card-ticket\">\n        <div class=\"card-ticket__image\">\n        <a href=\"https:\/\/www.ebilet.pl\/klasyka\/opera-operetka\/w-krainie-czardasza\">\n            <img decoding=\"async\" src=\"https:\/\/www.ebilet.pl\/media\/cms\/media\/xp1oqzoq\/02_czardasz_552x736_ebilet-d9ff3339-bf15-4678-afbf-fd8ff28fbe0e.webp\" alt=\"Plakat wydarzenia\" \/>\n        <\/a>\n    <\/div>\n             \n    <div class=\"card-ticket__link\">\n        <a href=\"https:\/\/www.ebilet.pl\/klasyka\/opera-operetka\/w-krainie-czardasza\" class=\"button button--theme-primary-yellow button--withIconLeft button--size-small\">\n            <span class=\"button__icon icon icon-ticket\"><\/span>\n            <p class=\"button__text typo-16 f-600\">Kup bilet<\/p>\n        <\/a>\n    <\/div>\n    <\/div>                                    <\/div>\n                                <\/div>\n                                                    <\/div>\n                    <\/div>\n                <\/div>\n            <\/div>\n        <\/div>\n    <\/div>\n<\/section>\n\n\n<section class=\"text-block  section-margin-32\" >\n    <div class=\"container\">\n        <div class=\"row\">\n            <div class=\"col-24\">\n                <div class=\"text-block__content\"><h2>Przywitaj Nowy Rok w rytmie musicalowych hit\u00f3w!<\/h2>\n<p>Kochacie melodie z musicali <strong>&#8220;West Side Story&#8221;<\/strong>, <strong>&#8220;Cabaret&#8221;<\/strong>, <strong>&#8220;Upi\u00f3r w Operze&#8221;<\/strong>? W naszej ofercie znalaz\u0142y si\u0119 te\u017c koncerty, kt\u00f3re przenios\u0105 was prosto w blask \u015bwiate\u0142 nowojorskiego Broadwayu!<\/p>\n<p>D\u017awi\u0119ki najs\u0142ynniejszych piosenek z legendarnych musicali, kt\u00f3re od dekad podbijaj\u0105 serca widz\u00f3w na ca\u0142ym \u015bwiecie wybrzmi\u0105 m.in. podczas <a href=\"https:\/\/www.ebilet.pl\/muzyka\/piosenka\/koncert-noworoczny-autorskiej-szkoly-musicalowej\"><strong>Koncertu Noworocznego Autorskiej Szko\u0142y Musicalowej Macieja Paw\u0142owskiego 11 stycznia w Teatrze V6 w \u0141odzi<\/strong><\/a>.<\/p>\n<p>Z kolei <a href=\"https:\/\/www.ebilet.pl\/klasyka\/koncert\/koncert-karnawalowy-od-straussow-po-broadway-i-rio\"><strong>&#8220;Koncert Karnawa\u0142owy &#8211; od Strauss\u00f3w po Broadway i Rio&#8221;<\/strong><\/a>\u00a0 oraz <a href=\"https:\/\/www.ebilet.pl\/klasyka\/koncert\/wielka-gala-sylwestrowa-z-gwiazdami\"><strong>&#8220;Gala Sylwestrowa &#8211; Koncert Wiede\u0144ski z Gwiazdami 2026&#8221;<\/strong><\/a>\u00a0to propozycje dla mi\u0142o\u015bnik\u00f3w eklektycznych brzmie\u0144, gdy\u017c w repertuarze wieczoru wybrzmi\u0105 r\u00f3\u017cnorodne karnawa\u0142owe szlagiery &#8211; od pe\u0142nych elegancji, najpi\u0119kniejszych klasycznych walc\u00f3w i polek Johanna Straussa, przez gor\u0105ce czardasze i arie operetkowe, pe\u0142ne emocji melodie z najwi\u0119kszych musicali Broadwayu, nami\u0119tne i pe\u0142ne rado\u015bci taneczne rytmy prosto z Ameryki \u0141aci\u0144skiej, po niezapomniane, najwi\u0119ksze filmowe przeboje wszech czas\u00f3w.<\/p>\n<\/div>\n            <\/div>\n        <\/div>\n    <\/div>\n<\/section>\n\n\n<section class=\"tickets-slider  section-margin-32\"\n    data-tickets-slider\n    data-item-list-name=\"Karuzela z buttonami\"\n    data-item-list-id=\"karuzela_z_buttonami\"\n    >\n    <div class=\"container\">\n        <div class=\"row\">\n            <div class=\"col-24\">\n                <div class=\"tickets-slider__main\">\n                    <div class=\"tickets-slider__nav tickets-slider__nav--prev\">\n                        <div class=\"button button--withIcon button--theme-white-blur button--size-fixed-48\" data-tickets-slider-prev>\n                            <span class=\"button__icon icon icon-chevron-left\"><\/span>\n                        <\/div>\n                    <\/div>\n                    <div class=\"tickets-slider__nav tickets-slider__nav--next\">\n                        <div class=\"button button--withIcon button--theme-white-blur button--size-fixed-48\" data-tickets-slider-next>\n                            <span class=\"button__icon icon icon-chevron-right\"><\/span>\n                        <\/div>\n                    <\/div>\n                    <div class=\"tickets-slider__slider swiper\" data-tickets-slider-slider>\n                        <div class=\"tickets-slider__sliderWrapper swiper-wrapper\">\n                                                            <div class=\"tickets-slider__sliderItem swiper-slide\"\n                                    data-id=\"189098\"\n                                    data-name=\"Koncert Karnawa\u0142owy - od Strauss\u00f3w po Broadway i Rio\"\n                                    data-brand=\"\"\n                                    data-category=\"klasyka\"\n                                    data-subcategory=\"koncert\"\n                                    data-city=\"Gda\u0144sk, Gdynia, Kalisz i inne\"\n                                    data-venue=\"\">\n                                    <div class=\"tickets-slider__sliderCard\">\n                                        \n<div class=\"card-ticket\">\n        <div class=\"card-ticket__image\">\n        <a href=\"https:\/\/www.ebilet.pl\/klasyka\/koncert\/koncert-karnawalowy-od-straussow-po-broadway-i-rio\">\n            <img decoding=\"async\" src=\"https:\/\/www.ebilet.pl\/media\/cms\/media\/ph5hpx4l\/koncert-karnawalowyebilet-552x736-af23ef88-ead7-4d22-b382-d1954a9f25ed.webp\" alt=\"Plakat wydarzenia\" \/>\n        <\/a>\n    <\/div>\n             \n    <div class=\"card-ticket__link\">\n        <a href=\"https:\/\/www.ebilet.pl\/klasyka\/koncert\/koncert-karnawalowy-od-straussow-po-broadway-i-rio\" class=\"button button--theme-primary-yellow button--withIconLeft button--size-small\">\n            <span class=\"button__icon icon icon-ticket\"><\/span>\n            <p class=\"button__text typo-16 f-600\">Kup bilet<\/p>\n        <\/a>\n    <\/div>\n    <\/div>                                    <\/div>\n                                <\/div>\n                                                            <div class=\"tickets-slider__sliderItem swiper-slide\"\n                                    data-id=\"180249\"\n                                    data-name=\"Koncert Noworoczny &quot;Operetki Czar&quot;\"\n                                    data-brand=\"\"\n                                    data-category=\"klasyka\"\n                                    data-subcategory=\"opera-operetka\"\n                                    data-city=\"Sandomierz\"\n                                    data-venue=\"\">\n                                    <div class=\"tickets-slider__sliderCard\">\n                                        \n<div class=\"card-ticket\">\n        <div class=\"card-ticket__image\">\n        <a href=\"https:\/\/www.ebilet.pl\/klasyka\/opera-operetka\/operetki-czar\">\n            <img decoding=\"async\" src=\"https:\/\/www.ebilet.pl\/media\/cms\/media\/0qlj2eod\/koncert-noworoczny-552x736-1.webp\" alt=\"Plakat wydarzenia\" \/>\n        <\/a>\n    <\/div>\n             \n    <div class=\"card-ticket__link\">\n        <a href=\"https:\/\/www.ebilet.pl\/klasyka\/opera-operetka\/operetki-czar\" class=\"button button--theme-primary-yellow button--withIconLeft button--size-small\">\n            <span class=\"button__icon icon icon-ticket\"><\/span>\n            <p class=\"button__text typo-16 f-600\">Kup bilet<\/p>\n        <\/a>\n    <\/div>\n    <\/div>                                    <\/div>\n                                <\/div>\n                                                    <\/div>\n                    <\/div>\n                <\/div>\n            <\/div>\n        <\/div>\n    <\/div>\n<\/section>\n\n\n<section class=\"text-block  section-margin-32\" >\n    <div class=\"container\">\n        <div class=\"row\">\n            <div class=\"col-24\">\n                <div class=\"text-block__content\"><h2 class=\"eb-page-title eb-page-title--huge mb-3\">Noworoczny Koncert Ewy Bem<\/h2>\n<p>Niepowtarzalna barwa g\u0142osu, sceniczna charyzma i autentyczno\u015b\u0107. <a href=\"https:\/\/www.ebilet.pl\/artysta\/ewa-bem\"><strong>Ewa Bem<\/strong><\/a> to niekwestionowana ikona polskiego jazzu i kr\u00f3lowa estrady, kt\u00f3rej talent od dekad porusza serca milion\u00f3w Polak\u00f3w, a repertuar sta\u0142 si\u0119 integraln\u0105 cz\u0119\u015bci\u0105 naszego dziedzictwa muzycznego. To wulkan talentu i energii, kt\u00f3rego ka\u017cdy wyst\u0119p jest niezapomnian\u0105 muzyczn\u0105 uczt\u0105 dla fan\u00f3w. I w\u0142a\u015bnie na tak\u0105 muzyczn\u0105 uczt\u0119 w towarzystwie tej wspania\u0142ej artystki mo\u017ce liczy\u0107 publiczno\u015b\u0107 podczas noworocznego koncertu <strong><a href=\"https:\/\/www.ebilet.pl\/muzyka\/jazz-blues\/ewa-bem-koncert\">&#8220;Ewa Bem &amp; Andrzej Jagodzi\u0144ski Band&#8221;<\/a>, kt\u00f3ry odb\u0119dzie si\u0119 <\/strong><strong>3 stycznia w Legnicy.\u00a0<\/strong>W programie wyst\u0119pu znalaz\u0142y si\u0119 zar\u00f3wno mniej znane utwory z bogatego dorobku artystki, jak i jej najwi\u0119ksze przeboje.<\/p>\n<\/div>\n            <\/div>\n        <\/div>\n    <\/div>\n<\/section>\n\n\n<section class=\"tickets-slider  section-margin-32\"\n    data-tickets-slider\n    data-item-list-name=\"Karuzela z buttonami\"\n    data-item-list-id=\"karuzela_z_buttonami\"\n    >\n    <div class=\"container\">\n        <div class=\"row\">\n            <div class=\"col-24\">\n                <div class=\"tickets-slider__main\">\n                    <div class=\"tickets-slider__nav tickets-slider__nav--prev\">\n                        <div class=\"button button--withIcon button--theme-white-blur button--size-fixed-48\" data-tickets-slider-prev>\n                            <span class=\"button__icon icon icon-chevron-left\"><\/span>\n                        <\/div>\n                    <\/div>\n                    <div class=\"tickets-slider__nav tickets-slider__nav--next\">\n                        <div class=\"button button--withIcon button--theme-white-blur button--size-fixed-48\" data-tickets-slider-next>\n                            <span class=\"button__icon icon icon-chevron-right\"><\/span>\n                        <\/div>\n                    <\/div>\n                    <div class=\"tickets-slider__slider swiper\" data-tickets-slider-slider>\n                        <div class=\"tickets-slider__sliderWrapper swiper-wrapper\">\n                                                    <\/div>\n                    <\/div>\n                <\/div>\n            <\/div>\n        <\/div>\n    <\/div>\n<\/section>\n\n\n<section class=\"text-block  section-margin-32\" >\n    <div class=\"container\">\n        <div class=\"row\">\n            <div class=\"col-24\">\n                <div class=\"text-block__content\"><h2>Najwi\u0119ksze gwiazdy jazzu na jednej scenie <strong>Filharmonii Ba\u0142tyckiej<\/strong><\/h2>\n<p>Do przywitania 2026 roku w towarzystwie znakomitej muzyki i artyst\u00f3w pierwszej ligi jazzowej sceny zach\u0119caj\u0105 r\u00f3wnie\u017c organizatorzy wyj\u0105tkowego <strong><a href=\"https:\/\/www.ebilet.pl\/muzyka\/jazz-blues\/gwiazdy-jazzu\">Koncertu Noworocznego &#8220;Gwiazdy Jazzu&#8221;<\/a>, <\/strong>kt\u00f3ry odb\u0119dzie si\u0119 <strong>2 stycznia<\/strong> w klimatycznych przestrzeniach<strong> Filharmonii Ba\u0142tyckiej.<\/strong> Na scenie wyst\u0105pi\u0105 arty\u015bci \u015bwiatowego formatu:<\/p>\n<ul>\n<li><a href=\"https:\/\/www.ebilet.pl\/artysta\/urszula-dudziak\"><strong>Urszula Dudziak<\/strong><\/a>,<\/li>\n<li><strong><a href=\"https:\/\/www.ebilet.pl\/artysta\/aga-zaryan\">Aga Zaryan<\/a>, <\/strong><\/li>\n<li><strong>Gra\u017cyna Augu\u015bcik<\/strong>,<\/li>\n<li><a href=\"https:\/\/www.ebilet.pl\/artysta\/dorota-miskiewicz\"><strong>Dorota Mi\u015bkiewicz<\/strong><\/a>,<\/li>\n<li><strong>Agnieszka Wilczy\u0144ska<\/strong>,<\/li>\n<li><a href=\"https:\/\/www.ebilet.pl\/artysta\/mika-urbaniak\"><strong>Mika Urbaniak<\/strong><\/a>,<\/li>\n<li><strong>Nula Stankiewicz<\/strong>,<\/li>\n<li><strong>Andrzej Jagodzi\u0144ski<\/strong>,<\/li>\n<li><a href=\"https:\/\/www.ebilet.pl\/artysta\/henryk-miskiewicz\"><strong>Henryk Mi\u015bkiewicz<\/strong><\/a>,<\/li>\n<li><a href=\"https:\/\/www.ebilet.pl\/artysta\/marek-napiorkowski\"><strong>Marek Napi\u00f3rkowski<\/strong><\/a>,<\/li>\n<li><strong>Czes\u0142aw Bartkowski<\/strong>,<\/li>\n<li><strong>Adam Cegielski<\/strong>,<\/li>\n<li><strong>Robert Majewski<\/strong>,<\/li>\n<li><strong>Janusz Strobel<\/strong>,<\/li>\n<li><strong>Micha\u0142 Tokaj<\/strong><\/li>\n<li><strong>Victor Davies<\/strong><\/li>\n<\/ul>\n<p class=\"ql-align-justify\">W programie wydarzenia us\u0142yszymy przepi\u0119kne piosenki z katalogu <strong>Agnieszki Osieckiej, Jonasza Kofty i Wojciecha M\u0142ynarskiego<\/strong>\u00a0oraz utwory legendarnego\u00a0<strong>Krzysztofa Komedy.<\/strong>\u00a0B\u0119dzie te\u017c\u00a0<strong>Fryderyk Chopin<\/strong> na jazzowo, bossa nova, improwizacje i kilka innych muzycznych niespodzianek!<\/p>\n<\/div>\n            <\/div>\n        <\/div>\n    <\/div>\n<\/section>\n\n\n<section class=\"tickets-slider  section-margin-32\"\n    data-tickets-slider\n    data-item-list-name=\"Karuzela z buttonami\"\n    data-item-list-id=\"karuzela_z_buttonami\"\n    >\n    <div class=\"container\">\n        <div class=\"row\">\n            <div class=\"col-24\">\n                <div class=\"tickets-slider__main\">\n                    <div class=\"tickets-slider__nav tickets-slider__nav--prev\">\n                        <div class=\"button button--withIcon button--theme-white-blur button--size-fixed-48\" data-tickets-slider-prev>\n                            <span class=\"button__icon icon icon-chevron-left\"><\/span>\n                        <\/div>\n                    <\/div>\n                    <div class=\"tickets-slider__nav tickets-slider__nav--next\">\n                        <div class=\"button button--withIcon button--theme-white-blur button--size-fixed-48\" data-tickets-slider-next>\n                            <span class=\"button__icon icon icon-chevron-right\"><\/span>\n                        <\/div>\n                    <\/div>\n                    <div class=\"tickets-slider__slider swiper\" data-tickets-slider-slider>\n                        <div class=\"tickets-slider__sliderWrapper swiper-wrapper\">\n                                                    <\/div>\n                    <\/div>\n                <\/div>\n            <\/div>\n        <\/div>\n    <\/div>\n<\/section>\n\n\n<section class=\"events-slider-block  section-margin-32\" data-events-slider-block data-carousel-title=\"Gor\u0105ce wydarzenia\" data-carousel-type=\"karuzela_z_t\u0142em\" data-item-list-name=\"Karuzela z t\u0142em Gor\u0105ce wydarzenia\" data-item-list-id=\"karuzela_z_t\u0142em Gor\u0105ce wydarzenia\" >\n    <div class=\"container\">\n        <div class=\"row\">\n            <div class=\"col-24\">\n                <div class=\"events-slider-block__wrapper\">\n                                            <div class=\"events-slider-block__bg\"><img loading=\"lazy\" decoding=\"async\" width=\"1920\" height=\"1080\" src=\"https:\/\/www.ebilet.pl\/now\/app\/uploads\/2024\/02\/shutterstock_300332783.jpg\" class=\"attachment-full size-full\" alt=\"\" srcset=\"https:\/\/www.ebilet.pl\/now\/app\/uploads\/2024\/02\/shutterstock_300332783.jpg 1920w, https:\/\/www.ebilet.pl\/now\/app\/uploads\/2024\/02\/shutterstock_300332783-1024x576.jpg 1024w, https:\/\/www.ebilet.pl\/now\/app\/uploads\/2024\/02\/shutterstock_300332783-1536x864.jpg 1536w, https:\/\/www.ebilet.pl\/now\/app\/uploads\/2024\/02\/shutterstock_300332783-1280x720.jpg 1280w, https:\/\/www.ebilet.pl\/now\/app\/uploads\/2024\/02\/shutterstock_300332783-500x281.jpg 500w, https:\/\/www.ebilet.pl\/now\/app\/uploads\/2024\/02\/shutterstock_300332783-632x356.jpg 632w, https:\/\/www.ebilet.pl\/now\/app\/uploads\/2024\/02\/shutterstock_300332783-308x174.jpg 308w\" sizes=\"auto, (max-width: 1920px) 100vw, 1920px\" \/><\/div>\n                                                                <div class=\"events-slider-block__top\">\n                                                            <div class=\"events-slider-block__title desktop\">\n                                    <h2 class=\"typo-h2\">Gor\u0105ce wydarzenia<\/h2>\n                                <\/div>\n                                                                                        <div class=\"events-slider-block__title mobile\">\n                                    <h2 class=\"typo-h2\">Gor\u0105ce wydarzenia<\/h2>\n                                <\/div>\n                                                    <\/div>\n                                                            <div class=\"events-slider-block__main\">\n                        <div class=\"events-slider-block__nav events-slider-block__nav--prev\">\n                            <div class=\"button button--withIcon button--theme-white-blur button--size-fixed-48\" data-events-prev>\n                                <span class=\"button__icon icon icon-chevron-left\"><\/span>\n                            <\/div>\n                        <\/div>\n                        <div class=\"events-slider-block__nav events-slider-block__nav--next\">\n                            <div class=\"button button--withIcon button--theme-white-blur button--size-fixed-48\" data-events-next>\n                                <span class=\"button__icon icon icon-chevron-right\"><\/span>\n                            <\/div>\n                        <\/div>\n                        <div class=\"events-slider-block__slider\">\n                            <div class=\"swiper\" data-events-slider>\n                                <div class=\"events-slider-block__sliderWrapper swiper-wrapper\">\n                                                                    <div class=\"events-slider-block__sliderItem swiper-slide\">\n                                    \n<div class=\"card-event  card-event--size-small\">\n        <a href=\"https:\/\/www.ebilet.pl\/muzyka\/rock\/fontaines-dc\" target=\"_blank\" class=\"card-event__link\" rel=\"nofollow noopener\"><\/a>\n        <div class=\"card-event__wrapper\">\n        <div class=\"card-event__image\">\n            <img decoding=\"async\" src=\"https:\/\/www.ebilet.pl\/media\/cms\/media\/ovge4bna\/fontaines_dc_portal_552x736.webp\" alt=\"\">\n        <\/div>\n        <div class=\"card-event__data\">\n            <div class=\"card-event__name\">\n                <p>Fontaines D.C. EU TOUR 2026<\/p>\n            <\/div>\n            <div class=\"card-event__date\">31.10.2026-31.10.2026<\/div>\n            <div class=\"card-event__location\">\u0141\u00f3d\u017a<\/div>\n        <\/div>\n    <\/div>\n<\/div>                                    <\/div>\n                                                                    <div class=\"events-slider-block__sliderItem swiper-slide\">\n                                    \n<div class=\"card-event  card-event--size-small\">\n        <a href=\"https:\/\/www.ebilet.pl\/muzyka\/pop\/tokio-hotel\" target=\"_blank\" class=\"card-event__link\" rel=\"nofollow noopener\"><\/a>\n        <div class=\"card-event__wrapper\">\n        <div class=\"card-event__image\">\n            <img decoding=\"async\" src=\"https:\/\/www.ebilet.pl\/media\/cms\/media\/i02j3uly\/tokio-hotel-552.webp\" alt=\"\">\n        <\/div>\n        <div class=\"card-event__data\">\n            <div class=\"card-event__name\">\n                <p>Tokio Hotel<\/p>\n            <\/div>\n            <div class=\"card-event__date\">19.08.2027-19.08.2027<\/div>\n            <div class=\"card-event__location\">Warszawa<\/div>\n        <\/div>\n    <\/div>\n<\/div>                                    <\/div>\n                                                                    <div class=\"events-slider-block__sliderItem swiper-slide\">\n                                    \n<div class=\"card-event  card-event--size-small\">\n        <a href=\"https:\/\/www.ebilet.pl\/muzyka\/festiwale\/opener-festival\" target=\"_blank\" class=\"card-event__link\" rel=\"nofollow noopener\"><\/a>\n        <div class=\"card-event__wrapper\">\n        <div class=\"card-event__image\">\n            <img decoding=\"async\" src=\"https:\/\/www.ebilet.pl\/media\/cms\/media\/qkso1del\/opene_2027_tameimpala_552x736_ebilet-1d7aa61e-0a2a-4f3b-b538-d84518354aa2.webp\" alt=\"\">\n        <\/div>\n        <div class=\"card-event__data\">\n            <div class=\"card-event__name\">\n                <p>Open&#8217;er Festival 2027<\/p>\n            <\/div>\n            <div class=\"card-event__date\">30.06.2027-30.06.2027<\/div>\n            <div class=\"card-event__location\">Gdynia<\/div>\n        <\/div>\n    <\/div>\n<\/div>                                    <\/div>\n                                                                    <div class=\"events-slider-block__sliderItem swiper-slide\">\n                                    \n<div class=\"card-event  card-event--size-small\">\n        <a href=\"https:\/\/www.ebilet.pl\/sport\/sporty-walki\/ksw-gala\" target=\"_blank\" class=\"card-event__link\" rel=\"nofollow noopener\"><\/a>\n        <div class=\"card-event__wrapper\">\n        <div class=\"card-event__image\">\n            <img decoding=\"async\" src=\"https:\/\/www.ebilet.pl\/media\/cms\/media\/cz4hwoy5\/ksw122_552x736-kopia-2bfd4e82-ebbc-475a-901b-7cd82d226339.webp\" alt=\"\">\n        <\/div>\n        <div class=\"card-event__data\">\n            <div class=\"card-event__name\">\n                <p>XTB KSW 122<\/p>\n            <\/div>\n            <div class=\"card-event__date\">10.10.2026-10.10.2026<\/div>\n            <div class=\"card-event__location\">Rzesz\u00f3w<\/div>\n        <\/div>\n    <\/div>\n<\/div>                                    <\/div>\n                                                                    <div class=\"events-slider-block__sliderItem swiper-slide\">\n                                    \n<div class=\"card-event  card-event--size-small\">\n        <a href=\"https:\/\/www.ebilet.pl\/sport\/lekkoatletyka\/memorial-kamili-skolimowskiej\" target=\"_blank\" class=\"card-event__link\" rel=\"nofollow noopener\"><\/a>\n        <div class=\"card-event__wrapper\">\n        <div class=\"card-event__image\">\n            <img decoding=\"async\" src=\"https:\/\/www.ebilet.pl\/media\/cms\/media\/ebddns15\/552x736-78da7a2f-a7cf-4711-af9b-beba90926c7e.webp\" alt=\"\">\n        <\/div>\n        <div class=\"card-event__data\">\n            <div class=\"card-event__name\">\n                <p>Silesia Memoria\u0142 Kamili Skolimowskiej<\/p>\n            <\/div>\n            <div class=\"card-event__date\">15.08.2027-15.08.2027<\/div>\n            <div class=\"card-event__location\">Chorz\u00f3w<\/div>\n        <\/div>\n    <\/div>\n<\/div>                                    <\/div>\n                                                                    <div class=\"events-slider-block__sliderItem swiper-slide\">\n                                    \n<div class=\"card-event  card-event--size-small\">\n        <a href=\"https:\/\/www.ebilet.pl\/muzyka\/piosenka\/koncert-koled-i-pastoralek-golec-uorkiestra\" target=\"_blank\" class=\"card-event__link\" rel=\"nofollow noopener\"><\/a>\n        <div class=\"card-event__wrapper\">\n        <div class=\"card-event__image\">\n            <img decoding=\"async\" src=\"https:\/\/www.ebilet.pl\/media\/cms\/media\/sqlacf5s\/golec_552x736_ebilet-c90c1dab-7443-46cc-b6f7-252554a5cab4.webp\" alt=\"\">\n        <\/div>\n        <div class=\"card-event__data\">\n            <div class=\"card-event__name\">\n                <p>Golec uOrkiestra &#8211; Koncert Kol\u0119d i Pastora\u0142ek<\/p>\n            <\/div>\n            <div class=\"card-event__date\">18.12.2026-18.12.2026<\/div>\n            <div class=\"card-event__location\">Bielsko-Bia\u0142a, Bydgoszcz, Gda\u0144sk i inne<\/div>\n        <\/div>\n    <\/div>\n<\/div>                                    <\/div>\n                                                                    <div class=\"events-slider-block__sliderItem swiper-slide\">\n                                    \n<div class=\"card-event  card-event--size-small\">\n        <a href=\"https:\/\/www.ebilet.pl\/muzyka\/hip-hop-rap\/gombao33\" target=\"_blank\" class=\"card-event__link\" rel=\"nofollow noopener\"><\/a>\n        <div class=\"card-event__wrapper\">\n        <div class=\"card-event__image\">\n            <img decoding=\"async\" src=\"https:\/\/www.ebilet.pl\/media\/cms\/media\/ctcikvkb\/gombao_bez_napisu-2ebe28b7-760a-4987-8d6c-0cb2fe6f2203.webp\" alt=\"\">\n        <\/div>\n        <div class=\"card-event__data\">\n            <div class=\"card-event__name\">\n                <p>G33 Tour &#8211; Tadeo x Szczepan x Wygu\u015b x Mata<\/p>\n            <\/div>\n            <div class=\"card-event__date\">12.09.2026-12.09.2026<\/div>\n            <div class=\"card-event__location\">Bydgoszcz, Gwi\u017adziny, Kra\u015bnik i inne<\/div>\n        <\/div>\n    <\/div>\n<\/div>                                    <\/div>\n                                                                    <div class=\"events-slider-block__sliderItem swiper-slide\">\n                                    \n<div class=\"card-event  card-event--size-small\">\n        <a href=\"https:\/\/www.ebilet.pl\/sport\/sporty-druzynowe\/koszykowka-mecz\" target=\"_blank\" class=\"card-event__link\" rel=\"nofollow noopener\"><\/a>\n        <div class=\"card-event__wrapper\">\n        <div class=\"card-event__image\">\n            <img decoding=\"async\" src=\"https:\/\/www.ebilet.pl\/media\/cms\/media\/hoxono4g\/podstawowe_portal-98225706-f40f-4253-9b63-9f6c375fb13f.webp\" alt=\"\">\n        <\/div>\n        <div class=\"card-event__data\">\n            <div class=\"card-event__name\">\n                <p>Kwalifikacje do Mistrzostw \u015awiata w koszyk\u00f3wce m\u0119\u017cczyzn 2027: Polska \u2013 Chorwacja<\/p>\n            <\/div>\n            <div class=\"card-event__date\">27.11.2026-27.11.2026<\/div>\n            <div class=\"card-event__location\">Gliwice<\/div>\n        <\/div>\n    <\/div>\n<\/div>                                    <\/div>\n                                                                    <div class=\"events-slider-block__sliderItem swiper-slide\">\n                                    \n<div class=\"card-event  card-event--size-small\">\n        <a href=\"https:\/\/www.ebilet.pl\/muzyka\/pop\/pitbull\" target=\"_blank\" class=\"card-event__link\" rel=\"nofollow noopener\"><\/a>\n        <div class=\"card-event__wrapper\">\n        <div class=\"card-event__image\">\n            <img decoding=\"async\" src=\"https:\/\/www.ebilet.pl\/media\/cms\/media\/5lzfwzwf\/pitbull_552x736-51986cca-48f5-4419-a9c5-cba531ed65a3.webp\" alt=\"\">\n        <\/div>\n        <div class=\"card-event__data\">\n            <div class=\"card-event__name\">\n                <p>Pitbull &#8211; I&#8217;m Back!<\/p>\n            <\/div>\n            <div class=\"card-event__date\">27.11.2026-27.11.2026<\/div>\n            <div class=\"card-event__location\">Gda\u0144sk\/Sopot, \u0141\u00f3d\u017a<\/div>\n        <\/div>\n    <\/div>\n<\/div>                                    <\/div>\n                                                                    <div class=\"events-slider-block__sliderItem swiper-slide\">\n                                    \n<div class=\"card-event  card-event--size-small\">\n        <a href=\"https:\/\/www.ebilet.pl\/muzyka\/rock\/russell-crowe\" target=\"_blank\" class=\"card-event__link\" rel=\"nofollow noopener\"><\/a>\n        <div class=\"card-event__wrapper\">\n        <div class=\"card-event__image\">\n            <img decoding=\"async\" src=\"https:\/\/www.ebilet.pl\/media\/cms\/media\/dajolyng\/rusel_pion-738c048c-2504-4de3-a226-d83518cf8463.webp\" alt=\"\">\n        <\/div>\n        <div class=\"card-event__data\">\n            <div class=\"card-event__name\">\n                <p>Russell Crowe\u2019s Indoor Garden Party<\/p>\n            <\/div>\n            <div class=\"card-event__date\">05.06.2027-05.06.2027<\/div>\n            <div class=\"card-event__location\">\u0106miel\u00f3w<\/div>\n        <\/div>\n    <\/div>\n<\/div>                                    <\/div>\n                                                                    <div class=\"events-slider-block__sliderItem swiper-slide\">\n                                    \n<div class=\"card-event  card-event--size-small\">\n        <a href=\"https:\/\/www.ebilet.pl\/muzyka\/hip-hop-rap\/otsochodzi\" target=\"_blank\" class=\"card-event__link\" rel=\"nofollow noopener\"><\/a>\n        <div class=\"card-event__wrapper\">\n        <div class=\"card-event__image\">\n            <img decoding=\"async\" src=\"https:\/\/www.ebilet.pl\/media\/cms\/media\/ucuizr2w\/tt-552-x-736-kopia.webp\" alt=\"\">\n        <\/div>\n        <div class=\"card-event__data\">\n            <div class=\"card-event__name\">\n                <p>Otsochodzi &#8211; RIOTT<\/p>\n            <\/div>\n            <div class=\"card-event__date\">01.10.2026-01.10.2026<\/div>\n            <div class=\"card-event__location\">Gda\u0144sk, Krak\u00f3w, Pozna\u0144 i inne<\/div>\n        <\/div>\n    <\/div>\n<\/div>                                    <\/div>\n                                                                    <div class=\"events-slider-block__sliderItem swiper-slide\">\n                                    \n<div class=\"card-event  card-event--size-small\">\n        <a href=\"https:\/\/www.ebilet.pl\/biznes\/wystawa\/van-gogh\" target=\"_blank\" class=\"card-event__link\" rel=\"nofollow noopener\"><\/a>\n        <div class=\"card-event__wrapper\">\n        <div class=\"card-event__image\">\n            <img decoding=\"async\" src=\"https:\/\/www.ebilet.pl\/media\/cms\/media\/rx0pgtm4\/nowa-ebilet-_vg-__-lublin_-552-736-5ddf74a4-5cec-41cd-9f00-a4baa0f7a221.webp\" alt=\"\">\n        <\/div>\n        <div class=\"card-event__data\">\n            <div class=\"card-event__name\">\n                <p>VAN GOGH \u2013 Wystawa Immersyjna &#8211; Lublin<\/p>\n            <\/div>\n            <div class=\"card-event__date\">15.09.2026-15.09.2026<\/div>\n            <div class=\"card-event__location\">Lublin<\/div>\n        <\/div>\n    <\/div>\n<\/div>                                    <\/div>\n                                                                    <div class=\"events-slider-block__sliderItem swiper-slide\">\n                                    \n<div class=\"card-event  card-event--size-small\">\n        <a href=\"https:\/\/www.ebilet.pl\/muzyka\/festiwale\/up-to-date-festival\" target=\"_blank\" class=\"card-event__link\" rel=\"nofollow noopener\"><\/a>\n        <div class=\"card-event__wrapper\">\n        <div class=\"card-event__image\">\n            <img decoding=\"async\" src=\"https:\/\/www.ebilet.pl\/media\/cms\/media\/jfdlnoqn\/ebilet-552x736-portal-wersja-2-c38ddeaf-bf05-4f54-9e4d-377e6b572335.webp\" alt=\"\">\n        <\/div>\n        <div class=\"card-event__data\">\n            <div class=\"card-event__name\">\n                <p>Up To Date Festival 2027<\/p>\n            <\/div>\n            <div class=\"card-event__date\">27.05.2027-27.05.2027<\/div>\n            <div class=\"card-event__location\">Bia\u0142ystok<\/div>\n        <\/div>\n    <\/div>\n<\/div>                                    <\/div>\n                                                                    <div class=\"events-slider-block__sliderItem swiper-slide\">\n                                    \n<div class=\"card-event  card-event--size-small\">\n        <a href=\"https:\/\/www.ebilet.pl\/muzyka\/pop\/take-that\" target=\"_blank\" class=\"card-event__link\" rel=\"nofollow noopener\"><\/a>\n        <div class=\"card-event__wrapper\">\n        <div class=\"card-event__image\">\n            <img decoding=\"async\" src=\"https:\/\/www.ebilet.pl\/media\/cms\/media\/eiqdozli\/ebilet-552x736-take-that.webp\" alt=\"\">\n        <\/div>\n        <div class=\"card-event__data\">\n            <div class=\"card-event__name\">\n                <p>Take That<\/p>\n            <\/div>\n            <div class=\"card-event__date\">13.06.2027-13.06.2027<\/div>\n            <div class=\"card-event__location\">Warszawa<\/div>\n        <\/div>\n    <\/div>\n<\/div>                                    <\/div>\n                                                                    <div class=\"events-slider-block__sliderItem swiper-slide\">\n                                    \n<div class=\"card-event  card-event--size-small\">\n        <a href=\"https:\/\/www.ebilet.pl\/muzyka\/festiwale\/olsztyn-green-festival\" target=\"_blank\" class=\"card-event__link\" rel=\"nofollow noopener\"><\/a>\n        <div class=\"card-event__wrapper\">\n        <div class=\"card-event__image\">\n            <img decoding=\"async\" src=\"https:\/\/www.ebilet.pl\/media\/cms\/media\/ivzhtv3z\/1080x1350_ogf_edycja_2027-18faf89b-3a6e-4aa9-b07b-593f24448a27.webp\" alt=\"\">\n        <\/div>\n        <div class=\"card-event__data\">\n            <div class=\"card-event__name\">\n                <p>Olsztyn Green Festival 2027<\/p>\n            <\/div>\n            <div class=\"card-event__date\">13.08.2027-13.08.2027<\/div>\n            <div class=\"card-event__location\">Olsztyn<\/div>\n        <\/div>\n    <\/div>\n<\/div>                                    <\/div>\n                                                                <\/div>\n                            <\/div>\n                        <\/div>\n                        <div class=\"events-slider-block__events swiper\" data-events-events-descriptions>\n                            <div class=\"events-slider-block__eventsWrapper swiper-wrapper\">\n                                                            <div class=\"events-slider-block__eventsItem swiper-slide\">\n                                    <a href=\"https:\/\/www.ebilet.pl\/muzyka\/rock\/fontaines-dc\" target=\"_blank\" class=\"events-slider-block__eventsName\">\n                                        <p>Fontaines D.C. EU TOUR 2026<\/p>\n                                    <\/a>\n                                    <div class=\"events-slider-block__eventsDate\">\n                                        31.10.2026-31.10.2026                                    <\/div>\n                                    <div class=\"events-slider-block__eventsLocation\">\u0141\u00f3d\u017a<\/div>\n                                <\/div>\n                                                            <div class=\"events-slider-block__eventsItem swiper-slide\">\n                                    <a href=\"https:\/\/www.ebilet.pl\/muzyka\/pop\/tokio-hotel\" target=\"_blank\" class=\"events-slider-block__eventsName\">\n                                        <p>Tokio Hotel<\/p>\n                                    <\/a>\n                                    <div class=\"events-slider-block__eventsDate\">\n                                        19.08.2027-19.08.2027                                    <\/div>\n                                    <div class=\"events-slider-block__eventsLocation\">Warszawa<\/div>\n                                <\/div>\n                                                            <div class=\"events-slider-block__eventsItem swiper-slide\">\n                                    <a href=\"https:\/\/www.ebilet.pl\/muzyka\/festiwale\/opener-festival\" target=\"_blank\" class=\"events-slider-block__eventsName\">\n                                        <p>Open&#039;er Festival 2027<\/p>\n                                    <\/a>\n                                    <div class=\"events-slider-block__eventsDate\">\n                                        30.06.2027-03.07.2027                                    <\/div>\n                                    <div class=\"events-slider-block__eventsLocation\">Gdynia<\/div>\n                                <\/div>\n                                                            <div class=\"events-slider-block__eventsItem swiper-slide\">\n                                    <a href=\"https:\/\/www.ebilet.pl\/sport\/sporty-walki\/ksw-gala\" target=\"_blank\" class=\"events-slider-block__eventsName\">\n                                        <p>XTB KSW 122<\/p>\n                                    <\/a>\n                                    <div class=\"events-slider-block__eventsDate\">\n                                        10.10.2026-10.10.2026                                    <\/div>\n                                    <div class=\"events-slider-block__eventsLocation\">Rzesz\u00f3w<\/div>\n                                <\/div>\n                                                            <div class=\"events-slider-block__eventsItem swiper-slide\">\n                                    <a href=\"https:\/\/www.ebilet.pl\/sport\/lekkoatletyka\/memorial-kamili-skolimowskiej\" target=\"_blank\" class=\"events-slider-block__eventsName\">\n                                        <p>Silesia Memoria\u0142 Kamili Skolimowskiej<\/p>\n                                    <\/a>\n                                    <div class=\"events-slider-block__eventsDate\">\n                                        15.08.2027-15.08.2027                                    <\/div>\n                                    <div class=\"events-slider-block__eventsLocation\">Chorz\u00f3w<\/div>\n                                <\/div>\n                                                            <div class=\"events-slider-block__eventsItem swiper-slide\">\n                                    <a href=\"https:\/\/www.ebilet.pl\/muzyka\/piosenka\/koncert-koled-i-pastoralek-golec-uorkiestra\" target=\"_blank\" class=\"events-slider-block__eventsName\">\n                                        <p>Golec uOrkiestra &#8211; Koncert Kol\u0119d i Pastora\u0142ek<\/p>\n                                    <\/a>\n                                    <div class=\"events-slider-block__eventsDate\">\n                                        18.12.2026-17.01.2027                                    <\/div>\n                                    <div class=\"events-slider-block__eventsLocation\">Bielsko-Bia\u0142a, Bydgoszcz, Gda\u0144sk i inne<\/div>\n                                <\/div>\n                                                            <div class=\"events-slider-block__eventsItem swiper-slide\">\n                                    <a href=\"https:\/\/www.ebilet.pl\/muzyka\/hip-hop-rap\/gombao33\" target=\"_blank\" class=\"events-slider-block__eventsName\">\n                                        <p>G33 Tour &#8211; Tadeo x Szczepan x Wygu\u015b x Mata<\/p>\n                                    <\/a>\n                                    <div class=\"events-slider-block__eventsDate\">\n                                        12.09.2026-04.10.2026                                    <\/div>\n                                    <div class=\"events-slider-block__eventsLocation\">Bydgoszcz, Gwi\u017adziny, Kra\u015bnik i inne<\/div>\n                                <\/div>\n                                                            <div class=\"events-slider-block__eventsItem swiper-slide\">\n                                    <a href=\"https:\/\/www.ebilet.pl\/sport\/sporty-druzynowe\/koszykowka-mecz\" target=\"_blank\" class=\"events-slider-block__eventsName\">\n                                        <p>Kwalifikacje do Mistrzostw \u015awiata w koszyk\u00f3wce m\u0119\u017cczyzn 2027: Polska \u2013 Chorwacja<\/p>\n                                    <\/a>\n                                    <div class=\"events-slider-block__eventsDate\">\n                                        27.11.2026-27.11.2026                                    <\/div>\n                                    <div class=\"events-slider-block__eventsLocation\">Gliwice<\/div>\n                                <\/div>\n                                                            <div class=\"events-slider-block__eventsItem swiper-slide\">\n                                    <a href=\"https:\/\/www.ebilet.pl\/muzyka\/pop\/pitbull\" target=\"_blank\" class=\"events-slider-block__eventsName\">\n                                        <p>Pitbull &#8211; I&#039;m Back!<\/p>\n                                    <\/a>\n                                    <div class=\"events-slider-block__eventsDate\">\n                                        27.11.2026-03.12.2026                                    <\/div>\n                                    <div class=\"events-slider-block__eventsLocation\">Gda\u0144sk\/Sopot, \u0141\u00f3d\u017a<\/div>\n                                <\/div>\n                                                            <div class=\"events-slider-block__eventsItem swiper-slide\">\n                                    <a href=\"https:\/\/www.ebilet.pl\/muzyka\/rock\/russell-crowe\" target=\"_blank\" class=\"events-slider-block__eventsName\">\n                                        <p>Russell Crowe\u2019s Indoor Garden Party<\/p>\n                                    <\/a>\n                                    <div class=\"events-slider-block__eventsDate\">\n                                        05.06.2027-05.06.2027                                    <\/div>\n                                    <div class=\"events-slider-block__eventsLocation\">\u0106miel\u00f3w<\/div>\n                                <\/div>\n                                                            <div class=\"events-slider-block__eventsItem swiper-slide\">\n                                    <a href=\"https:\/\/www.ebilet.pl\/muzyka\/hip-hop-rap\/otsochodzi\" target=\"_blank\" class=\"events-slider-block__eventsName\">\n                                        <p>Otsochodzi &#8211; RIOTT<\/p>\n                                    <\/a>\n                                    <div class=\"events-slider-block__eventsDate\">\n                                        01.10.2026-03.12.2026                                    <\/div>\n                                    <div class=\"events-slider-block__eventsLocation\">Gda\u0144sk, Krak\u00f3w, Pozna\u0144 i inne<\/div>\n                                <\/div>\n                                                            <div class=\"events-slider-block__eventsItem swiper-slide\">\n                                    <a href=\"https:\/\/www.ebilet.pl\/biznes\/wystawa\/van-gogh\" target=\"_blank\" class=\"events-slider-block__eventsName\">\n                                        <p>VAN GOGH \u2013 Wystawa Immersyjna &#8211; Lublin<\/p>\n                                    <\/a>\n                                    <div class=\"events-slider-block__eventsDate\">\n                                        15.09.2026-31.12.2026                                    <\/div>\n                                    <div class=\"events-slider-block__eventsLocation\">Lublin<\/div>\n                                <\/div>\n                                                            <div class=\"events-slider-block__eventsItem swiper-slide\">\n                                    <a href=\"https:\/\/www.ebilet.pl\/muzyka\/festiwale\/up-to-date-festival\" target=\"_blank\" class=\"events-slider-block__eventsName\">\n                                        <p>Up To Date Festival 2027<\/p>\n                                    <\/a>\n                                    <div class=\"events-slider-block__eventsDate\">\n                                        27.05.2027-28.05.2027                                    <\/div>\n                                    <div class=\"events-slider-block__eventsLocation\">Bia\u0142ystok<\/div>\n                                <\/div>\n                                                            <div class=\"events-slider-block__eventsItem swiper-slide\">\n                                    <a href=\"https:\/\/www.ebilet.pl\/muzyka\/pop\/take-that\" target=\"_blank\" class=\"events-slider-block__eventsName\">\n                                        <p>Take That<\/p>\n                                    <\/a>\n                                    <div class=\"events-slider-block__eventsDate\">\n                                        13.06.2027-13.06.2027                                    <\/div>\n                                    <div class=\"events-slider-block__eventsLocation\">Warszawa<\/div>\n                                <\/div>\n                                                            <div class=\"events-slider-block__eventsItem swiper-slide\">\n                                    <a href=\"https:\/\/www.ebilet.pl\/muzyka\/festiwale\/olsztyn-green-festival\" target=\"_blank\" class=\"events-slider-block__eventsName\">\n                                        <p>Olsztyn Green Festival 2027<\/p>\n                                    <\/a>\n                                    <div class=\"events-slider-block__eventsDate\">\n                                        13.08.2027-13.08.2027                                    <\/div>\n                                    <div class=\"events-slider-block__eventsLocation\">Olsztyn<\/div>\n                                <\/div>\n                                                        <\/div>\n                        <\/div>\n                        <div class=\"events-slider-block__pagination\">\n                            <div class=\"swiper-pagination slider-pagination slider-pagination--theme-white\" data-events-slider-pagination><\/div>\n                        <\/div>\n                    <\/div>\n                                        <div class=\"events-slider-block__bottom\">\n                                                                                <div class=\"events-slider-block__link desktop\">\n                                    <a\n                                        class=\"button button--size-small button--theme-primary-yellow button--withIconLeft\"\n                                        href=\"https:\/\/www.ebilet.pl\/\">\n                                                                                    <div class=\"button__icon\"><img loading=\"lazy\" decoding=\"async\" width=\"30\" height=\"30\" src=\"https:\/\/www.ebilet.pl\/now\/app\/uploads\/2024\/01\/ticket-cinema-entertainment-coupon-discount-sale_30px.png\" class=\"attachment-full size-full\" alt=\"\" \/><\/div>\n                                                                                <p class=\"button__text typo-18\">Kup na eBilet.pl<\/p>\n                                    <\/a>\n                                <\/div>\n                                                                                <div class=\"events-slider-block__link mobile\">\n                                    <a\n                                        class=\"button button--size-small button--theme-primary-yellow button--withIconLeft\"\n                                        href=\"https:\/\/www.ebilet.pl\/\">\n                                                                                    <div class=\"button__icon\"><img loading=\"lazy\" decoding=\"async\" width=\"30\" height=\"30\" src=\"https:\/\/www.ebilet.pl\/now\/app\/uploads\/2024\/01\/ticket-cinema-entertainment-coupon-discount-sale_30px.png\" class=\"attachment-full size-full\" alt=\"\" \/><\/div>\n                                                                                <p class=\"button__text typo-18\">Kup na eBilet.pl<\/p>\n                                    <\/a>\n                                <\/div>\n                                            <\/div>\n                <\/div>\n            <\/div>\n        <\/div>\n    <\/div>\n<\/section>","protected":false},"excerpt":{"rendered":"<p>Nie uda\u0142o wam si\u0119 zdoby\u0107 bilet\u00f3w na Koncert Noworoczny w Wiedniu? Nic nie szkodzi! Dzi\u0119ki tym uroczystym koncertom prze\u017cyjecie niezapomniane sylwestrowe i noworoczne muzyczne chwile. Oto wydarzenia, kt\u00f3re pomog\u0105 wam cudownie powita\u0107 2026 rok &#8211; klasycznie, operowo, jazzowo, musicalowo, filmowo i przy d\u017awi\u0119kach Czardasza! <\/p>\n","protected":false},"author":8,"featured_media":35796,"comment_status":"open","ping_status":"open","sticky":false,"template":"page-templates\/article-default.php","format":"standard","meta":{"_acf_changed":false,"footnotes":""},"article_tag":[26],"article_type":[554],"class_list":["post-75388","post","type-post","status-publish","format-standard","has-post-thumbnail","hentry","article_tag-koncerty","article_type-muzyka"],"acf":[],"_links":{"self":[{"href":"https:\/\/www.ebilet.pl\/now\/wp-json\/wp\/v2\/posts\/75388","targetHints":{"allow":["GET"]}}],"collection":[{"href":"https:\/\/www.ebilet.pl\/now\/wp-json\/wp\/v2\/posts"}],"about":[{"href":"https:\/\/www.ebilet.pl\/now\/wp-json\/wp\/v2\/types\/post"}],"author":[{"embeddable":true,"href":"https:\/\/www.ebilet.pl\/now\/wp-json\/wp\/v2\/users\/8"}],"replies":[{"embeddable":true,"href":"https:\/\/www.ebilet.pl\/now\/wp-json\/wp\/v2\/comments?post=75388"}],"version-history":[{"count":3,"href":"https:\/\/www.ebilet.pl\/now\/wp-json\/wp\/v2\/posts\/75388\/revisions"}],"predecessor-version":[{"id":75462,"href":"https:\/\/www.ebilet.pl\/now\/wp-json\/wp\/v2\/posts\/75388\/revisions\/75462"}],"wp:featuredmedia":[{"embeddable":true,"href":"https:\/\/www.ebilet.pl\/now\/wp-json\/wp\/v2\/media\/35796"}],"wp:attachment":[{"href":"https:\/\/www.ebilet.pl\/now\/wp-json\/wp\/v2\/media?parent=75388"}],"wp:term":[{"taxonomy":"article_tag","embeddable":true,"href":"https:\/\/www.ebilet.pl\/now\/wp-json\/wp\/v2\/article_tag?post=75388"},{"taxonomy":"article_type","embeddable":true,"href":"https:\/\/www.ebilet.pl\/now\/wp-json\/wp\/v2\/article_type?post=75388"}],"curies":[{"name":"wp","href":"https:\/\/api.w.org\/{rel}","templated":true}]}}