{"id":74522,"date":"2025-12-06T22:09:24","date_gmt":"2025-12-06T21:09:24","guid":{"rendered":"https:\/\/www.ebilet.pl\/now\/?p=74522"},"modified":"2025-12-11T22:13:17","modified_gmt":"2025-12-11T21:13:17","slug":"o-co-chodzi-z-pantone-i-jakie-znaczenie-ma-kolor-roku","status":"publish","type":"post","link":"https:\/\/www.ebilet.pl\/now\/o-co-chodzi-z-pantone-i-jakie-znaczenie-ma-kolor-roku\/","title":{"rendered":"O co chodzi z Pantone i jakie znaczenie ma kolor roku?"},"content":{"rendered":"\n<section class=\"text-block  section-margin-32\" >\n    <div class=\"container\">\n        <div class=\"row\">\n            <div class=\"col-24\">\n                <div class=\"text-block__content\"><h2><span style=\"font-weight: 400;\">Co to jest Pantone?\u00a0<\/span><\/h2>\n<p><span style=\"font-weight: 400;\">Pantone LLC to ameryka\u0144skie przedsi\u0119biorstwo, kt\u00f3re mo\u017cesz znale\u017a\u0107 w New Jersey. Zosta\u0142o za\u0142o\u017cone ju\u017c w 1963 roku! Od tamtej pory jest znane z produkcji system\u00f3w wykorzystywanych w przemy\u015ble poligraficznym (druk).\u00a0<\/span><\/p>\n<p><span style=\"font-weight: 400;\">Co ciekawe,<\/span><b> Pantone opracowa\u0142o i wypu\u015bci\u0142o swoj\u0105 skal\u0119 kolor\u00f3w \u2013 Pantone Matching System<\/b><span style=\"font-weight: 400;\"> (PMS, jakkolwiek ten skr\u00f3t by ci si\u0119 nie kojarzy\u0142). <\/span><b>Ka\u017cdy kolor ma sw\u00f3j numer<\/b><span style=\"font-weight: 400;\"> (np. kolor roku 2025 \u2013 Mocha Mousse \u2013 to numer 17-1230 TCX).\u00a0<\/span><\/p>\n<p><span style=\"font-weight: 400;\">Podstawowa skala opisuje 1761 kolor\u00f3w oraz ich dodatkowe cechy, np. fluorescencj\u0119. Ka\u017cdy kolor powstaje ze zmieszania konkretnych pigment\u00f3w (jest ich 18, w tym bia\u0142y i czarny). Dlatego te\u017c nie maj\u0105 one konkretnego odwzorowania w skali RGB (cho\u0107 tu w 2007 roku przypisano odpowiedniki w Pantone Goe System) czy CMYK.\u00a0<\/span><\/p>\n<h3><span style=\"font-weight: 400;\">Jak czyta\u0107 i rozumie\u0107 numery kolor\u00f3w Pantone?<\/span><\/h3>\n<p><b>Pierwszy numer (do \u201c\u2013\u201d) oznacza kolor bazowy. Jest ich 18<\/b><span style=\"font-weight: 400;\"> (np. <\/span><i><span style=\"font-weight: 400;\">Reflex Blue C, Orange 021 U<\/span><\/i><span style=\"font-weight: 400;\">).\u00a0<\/span><\/p>\n<p><b>Litery oznaczaj\u0105:<\/b><\/p>\n<ul>\n<li style=\"font-weight: 400;\" aria-level=\"1\"><span style=\"font-weight: 400;\">TCX \u2013 tradycyjna tkanina bawe\u0142niana,\u00a0<\/span><\/li>\n<li style=\"font-weight: 400;\" aria-level=\"1\"><span style=\"font-weight: 400;\">TPG \u2013 ekologiczne farby,<\/span><\/li>\n<li style=\"font-weight: 400;\" aria-level=\"1\"><span style=\"font-weight: 400;\">TPX \u2013 papier,<\/span><\/li>\n<li style=\"font-weight: 400;\" aria-level=\"1\"><span style=\"font-weight: 400;\">U \u2013 uncoated (papier niepowlekany),<\/span><\/li>\n<li style=\"font-weight: 400;\" aria-level=\"1\"><span style=\"font-weight: 400;\">C \u2013 coated (papier powlekany).<\/span><\/li>\n<\/ul>\n<p><b>Opr\u00f3cz tego:<\/b><\/p>\n<ul>\n<li style=\"font-weight: 400;\" aria-level=\"1\"><span style=\"font-weight: 400;\">numery zaczynaj\u0105ce si\u0119 na 8 s\u0105 metaliczne (zawsze maj\u0105 oznaczenie C),<\/span><\/li>\n<li style=\"font-weight: 400;\" aria-level=\"1\"><span style=\"font-weight: 400;\">kolory Premium Metallics maj\u0105 numery pi\u0119ciocyfrowe zaczynaj\u0105ce si\u0119 od 10 (tak\u017ce z C),<\/span><\/li>\n<li style=\"font-weight: 400;\" aria-level=\"1\"><span style=\"font-weight: 400;\">pastele i neony maj\u0105 numery zaczynaj\u0105ce si\u0119 od 9, z wyj\u0105tkiem neon\u00f3w bazowych (3-cyfrowe, zaczynaj\u0105ce si\u0119 od 8) oraz pastelowych bazowych (opisowa nazwa + 4-cyfrowy numer zaczynaj\u0105cy si\u0119 od 0). Ka\u017cdy kolor ma C dla papieru powlekanego lub U dla papieru niepowlekanego.<\/span><\/li>\n<\/ul>\n<p><b>Dodatkowo:<\/b><\/p>\n<ul>\n<li style=\"font-weight: 400;\" aria-level=\"1\"><span style=\"font-weight: 400;\">kolory procesowe CMYK (4\u2013Color Process) oznaczane s\u0105 liter\u0105 P i numerem, np. P 11-4 C lub P 69-15 U,<\/span><\/li>\n<li style=\"font-weight: 400;\" aria-level=\"1\"><span style=\"font-weight: 400;\">symulacje kolor\u00f3w Pantone w druku czterokolorowym mo\u017cna znale\u017a\u0107 w przewodnikach Color Bridge (CP dla papieru powlekanego, UP \u2013 niepowlekanego), kt\u00f3re pokazuj\u0105 obok siebie kolor Pantone i jego najbli\u017cszy odpowiednik CMYK,<\/span><\/li>\n<li style=\"font-weight: 400;\" aria-level=\"1\"><span style=\"font-weight: 400;\">rozszerzone gamy kolorystyczne (Extended Gamut) maj\u0105 sufiks XGC i dotycz\u0105 g\u0142\u00f3wnie papieru powlekanego (XG \u2013 Extended Gamut \u2013 rozszerzona gama; C \u2013 papier powlekany),<\/span><\/li>\n<li style=\"font-weight: 400;\" aria-level=\"1\"><span style=\"font-weight: 400;\">w systemie Fashion, Home + Interiors kolory oznaczane s\u0105 dwucyfrowym numerem, my\u015blnikiem i czterocyfrowym numerem z sufiksem TPX (papier), TCX (bawe\u0142na) lub TPG (ekologiczne farby), np. PANTONE 14-4510 TPX, PANTONE 15-1247 TCX,<\/span><\/li>\n<li style=\"font-weight: 400;\" aria-level=\"1\"><span style=\"font-weight: 400;\">kolory dla tworzyw sztucznych oznaczane s\u0105 liter\u0105 Q (nieprzezroczyste) lub T (przezroczyste) i numerem trzycyfrowym, np. PANTONE Q270\u20132\u20134; standardowe pr\u00f3bki plastikowe u\u017cywaj\u0105 PQ + numer + sufiks C lub TCX.<\/span><\/li>\n<\/ul>\n<p><span style=\"font-weight: 400;\">No dobrze, to mamy za sob\u0105. A teraz przejd\u017amy ju\u017c do koloru roku, bo to pewnie ciekawi ci\u0119 najbardziej!<\/span><\/p>\n<h2><span style=\"font-weight: 400;\">Czym jest kolor roku Pantone (Pantone Color of the Year)?<\/span><\/h2>\n<p><b>Od roku 2000 Instytut Kolor\u00f3w Pantone og\u0142asza co roku jeden kolor, kt\u00f3ry zostaje \u201cKolorem Roku\u201d. Jak to wygl\u0105da w praktyce? <\/b><span style=\"font-weight: 400;\">Dwa razy do roku firma organizuje w europejskiej stolicy tajne spotkanie przedstawicieli grup zajmuj\u0105cych si\u0119 standardami kolor\u00f3w z r\u00f3\u017cnych kraj\u00f3w. Po dwudniowych prezentacjach i dyskusjach wybierany jest kolor na nadchodz\u0105cy rok.\u00a0<\/span><\/p>\n<p><b>Wybrany kolor ma odzwierciedla\u0107 ducha czasu.<\/b><span style=\"font-weight: 400;\"> W komunikacie prasowym og\u0142aszaj\u0105cym kolor roku 2011, Honeysuckle, napisano: \u201cW czasach stresu potrzebujemy czego\u015b, co poprawi nam humor. Honeysuckle to fascynuj\u0105cy, pobudzaj\u0105cy kolor, kt\u00f3ry dodaje energii \u2013 idealny, by pokona\u0107 przygn\u0119bienie\u201d. Swoj\u0105 drog\u0105 sprawd\u017a, jaki to pi\u0119kny kolor, wpisuj\u0105c w wyszukiwark\u0119 \u201cHoneysuckle Pantone\u201d. Cudo!<\/span><\/p>\n<p><span style=\"font-weight: 400;\">Efekty tych spotka\u0144 publikowane s\u0105 w Pantone View, z kt\u00f3rego korzystaj\u0105 projektanci mody, flory\u015bci i firmy konsumenckie, planuj\u0105c swoje produkty i kolekcje na kolejny rok. W latach 2016 i 2021 Pantone wybra\u0142o nawet dwa kolory roku zamiast jednego, pokazuj\u0105c, \u017ce czasem jeden odcie\u0144 to za ma\u0142o, by odda\u0107 klimat nadchodz\u0105cego sezonu.<\/span><\/p>\n<\/div>\n            <\/div>\n        <\/div>\n    <\/div>\n<\/section>\n\n\n<section class=\"tickets-slider  section-margin-32\"\n    data-tickets-slider\n    data-item-list-name=\"Karuzela z buttonami\"\n    data-item-list-id=\"karuzela_z_buttonami\"\n    >\n    <div class=\"container\">\n        <div class=\"row\">\n            <div class=\"col-24\">\n                <div class=\"tickets-slider__main\">\n                    <div class=\"tickets-slider__nav tickets-slider__nav--prev\">\n                        <div class=\"button button--withIcon button--theme-white-blur button--size-fixed-48\" data-tickets-slider-prev>\n                            <span class=\"button__icon icon icon-chevron-left\"><\/span>\n                        <\/div>\n                    <\/div>\n                    <div class=\"tickets-slider__nav tickets-slider__nav--next\">\n                        <div class=\"button button--withIcon button--theme-white-blur button--size-fixed-48\" data-tickets-slider-next>\n                            <span class=\"button__icon icon icon-chevron-right\"><\/span>\n                        <\/div>\n                    <\/div>\n                    <div class=\"tickets-slider__slider swiper\" data-tickets-slider-slider>\n                        <div class=\"tickets-slider__sliderWrapper swiper-wrapper\">\n                                                            <div class=\"tickets-slider__sliderItem swiper-slide\"\n                                    data-id=\"7104\"\n                                    data-name=\"Open&#039;er Festival 2027\"\n                                    data-brand=\"Alter Art\"\n                                    data-category=\"muzyka\"\n                                    data-subcategory=\"festiwale\"\n                                    data-city=\"Gdynia\"\n                                    data-venue=\"Lotnisko Gdynia - Kosakowo\">\n                                    <div class=\"tickets-slider__sliderCard\">\n                                        \n<div class=\"card-ticket\">\n        <div class=\"card-ticket__image\">\n        <a href=\"https:\/\/www.ebilet.pl\/muzyka\/festiwale\/opener-festival\">\n            <img decoding=\"async\" src=\"https:\/\/www.ebilet.pl\/media\/cms\/media\/qkso1del\/opene_2027_tameimpala_552x736_ebilet-1d7aa61e-0a2a-4f3b-b538-d84518354aa2.webp\" alt=\"Plakat wydarzenia\" \/>\n        <\/a>\n    <\/div>\n             \n    <div class=\"card-ticket__link\">\n        <a href=\"https:\/\/www.ebilet.pl\/muzyka\/festiwale\/opener-festival\" class=\"button button--theme-primary-yellow button--withIconLeft button--size-small\">\n            <span class=\"button__icon icon icon-ticket\"><\/span>\n            <p class=\"button__text typo-16 f-600\">Kup bilet<\/p>\n        <\/a>\n    <\/div>\n    <\/div>                                    <\/div>\n                                <\/div>\n                                                            <div class=\"tickets-slider__sliderItem swiper-slide\"\n                                    data-id=\"118194\"\n                                    data-name=\"Kwalifikacje do Mistrzostw \u015awiata w koszyk\u00f3wce m\u0119\u017cczyzn 2027: Polska \u2013 Chorwacja\"\n                                    data-brand=\"Polski Zwi\u0105zek Koszyk\u00f3wki\"\n                                    data-category=\"sport\"\n                                    data-subcategory=\"sporty-druzynowe\"\n                                    data-city=\"Gliwice\"\n                                    data-venue=\"PreZero Arena Gliwice\">\n                                    <div class=\"tickets-slider__sliderCard\">\n                                        \n<div class=\"card-ticket\">\n        <div class=\"card-ticket__image\">\n        <a href=\"https:\/\/www.ebilet.pl\/sport\/sporty-druzynowe\/koszykowka-mecz\">\n            <img decoding=\"async\" src=\"https:\/\/www.ebilet.pl\/media\/cms\/media\/hoxono4g\/podstawowe_portal-98225706-f40f-4253-9b63-9f6c375fb13f.webp\" alt=\"Plakat wydarzenia\" \/>\n        <\/a>\n    <\/div>\n             \n    <div class=\"card-ticket__link\">\n        <a href=\"https:\/\/www.ebilet.pl\/sport\/sporty-druzynowe\/koszykowka-mecz\" class=\"button button--theme-primary-yellow button--withIconLeft button--size-small\">\n            <span class=\"button__icon icon icon-ticket\"><\/span>\n            <p class=\"button__text typo-16 f-600\">Kup bilet<\/p>\n        <\/a>\n    <\/div>\n    <\/div>                                    <\/div>\n                                <\/div>\n                                                            <div class=\"tickets-slider__sliderItem swiper-slide\"\n                                    data-id=\"187523\"\n                                    data-name=\"Otsochodzi - RIOTT\"\n                                    data-brand=\"Revolume Sp. z o.o.\"\n                                    data-category=\"muzyka\"\n                                    data-subcategory=\"hip-hop-rap\"\n                                    data-city=\"Gda\u0144sk, Krak\u00f3w, Pozna\u0144 i inne\"\n                                    data-venue=\"Hala COS Torwar \">\n                                    <div class=\"tickets-slider__sliderCard\">\n                                        \n<div class=\"card-ticket\">\n        <div class=\"card-ticket__image\">\n        <a href=\"https:\/\/www.ebilet.pl\/muzyka\/hip-hop-rap\/otsochodzi\">\n            <img decoding=\"async\" src=\"https:\/\/www.ebilet.pl\/media\/cms\/media\/ucuizr2w\/tt-552-x-736-kopia.webp\" alt=\"Plakat wydarzenia\" \/>\n        <\/a>\n    <\/div>\n             \n    <div class=\"card-ticket__link\">\n        <a href=\"https:\/\/www.ebilet.pl\/muzyka\/hip-hop-rap\/otsochodzi\" class=\"button button--theme-primary-yellow button--withIconLeft button--size-small\">\n            <span class=\"button__icon icon icon-ticket\"><\/span>\n            <p class=\"button__text typo-16 f-600\">Kup bilet<\/p>\n        <\/a>\n    <\/div>\n    <\/div>                                    <\/div>\n                                <\/div>\n                                                            <div class=\"tickets-slider__sliderItem swiper-slide\"\n                                    data-id=\"163993\"\n                                    data-name=\"Wicked\"\n                                    data-brand=\"Teatr Muzyczny Roma\"\n                                    data-category=\"teatr\"\n                                    data-subcategory=\"musicale\"\n                                    data-city=\"Warszawa\"\n                                    data-venue=\"Teatr Muzyczny ROMA w Warszawie\">\n                                    <div class=\"tickets-slider__sliderCard\">\n                                        \n<div class=\"card-ticket\">\n        <div class=\"card-ticket__image\">\n        <a href=\"https:\/\/www.ebilet.pl\/teatr\/musicale\/wicked\">\n            <img decoding=\"async\" src=\"https:\/\/www.ebilet.pl\/media\/cms\/media\/t1vbgs4w\/552x736_wickeduniejow-5b08a259-81c1-4704-a3d9-3086b7766d96.webp\" alt=\"Plakat wydarzenia\" \/>\n        <\/a>\n    <\/div>\n             \n    <div class=\"card-ticket__link\">\n        <a href=\"https:\/\/www.ebilet.pl\/teatr\/musicale\/wicked\" class=\"button button--theme-primary-yellow button--withIconLeft button--size-small\">\n            <span class=\"button__icon icon icon-ticket\"><\/span>\n            <p class=\"button__text typo-16 f-600\">Kup bilet<\/p>\n        <\/a>\n    <\/div>\n    <\/div>                                    <\/div>\n                                <\/div>\n                                                            <div class=\"tickets-slider__sliderItem swiper-slide\"\n                                    data-id=\"214327\"\n                                    data-name=\"Take That\"\n                                    data-brand=\"Fource Entertainment sp. z o o\"\n                                    data-category=\"muzyka\"\n                                    data-subcategory=\"pop\"\n                                    data-city=\"Warszawa\"\n                                    data-venue=\"Letnia Scena Progresji\">\n                                    <div class=\"tickets-slider__sliderCard\">\n                                        \n<div class=\"card-ticket\">\n        <div class=\"card-ticket__image\">\n        <a href=\"https:\/\/www.ebilet.pl\/muzyka\/pop\/take-that\">\n            <img decoding=\"async\" src=\"https:\/\/www.ebilet.pl\/media\/cms\/media\/eiqdozli\/ebilet-552x736-take-that.webp\" alt=\"Plakat wydarzenia\" \/>\n        <\/a>\n    <\/div>\n             \n    <div class=\"card-ticket__link\">\n        <a href=\"https:\/\/www.ebilet.pl\/muzyka\/pop\/take-that\" class=\"button button--theme-primary-yellow button--withIconLeft button--size-small\">\n            <span class=\"button__icon icon icon-ticket\"><\/span>\n            <p class=\"button__text typo-16 f-600\">Kup bilet<\/p>\n        <\/a>\n    <\/div>\n    <\/div>                                    <\/div>\n                                <\/div>\n                                                            <div class=\"tickets-slider__sliderItem swiper-slide\"\n                                    data-id=\"169186\"\n                                    data-name=\"Up To Date Festival 2027\"\n                                    data-brand=\"STOWARZYSZENIE POGOTOWIE KULTURALNO-SPO\u0141ECZNE\"\n                                    data-category=\"muzyka\"\n                                    data-subcategory=\"festiwale\"\n                                    data-city=\"Bia\u0142ystok\"\n                                    data-venue=\"Bia\u0142ystok\">\n                                    <div class=\"tickets-slider__sliderCard\">\n                                        \n<div class=\"card-ticket\">\n        <div class=\"card-ticket__image\">\n        <a href=\"https:\/\/www.ebilet.pl\/muzyka\/festiwale\/up-to-date-festival\">\n            <img decoding=\"async\" src=\"https:\/\/www.ebilet.pl\/media\/cms\/media\/jfdlnoqn\/ebilet-552x736-portal-wersja-2-c38ddeaf-bf05-4f54-9e4d-377e6b572335.webp\" alt=\"Plakat wydarzenia\" \/>\n        <\/a>\n    <\/div>\n             \n    <div class=\"card-ticket__link\">\n        <a href=\"https:\/\/www.ebilet.pl\/muzyka\/festiwale\/up-to-date-festival\" class=\"button button--theme-primary-yellow button--withIconLeft button--size-small\">\n            <span class=\"button__icon icon icon-ticket\"><\/span>\n            <p class=\"button__text typo-16 f-600\">Kup bilet<\/p>\n        <\/a>\n    <\/div>\n    <\/div>                                    <\/div>\n                                <\/div>\n                                                            <div class=\"tickets-slider__sliderItem swiper-slide\"\n                                    data-id=\"177995\"\n                                    data-name=\"G33 Tour - Tadeo x Szczepan x Wygu\u015b x Mata\"\n                                    data-brand=\"BREND GROUP SP\u00d3\u0141KA Z OGRANICZON\u0104 ODPOWIEDZIALNO\u015aCI\u0104\"\n                                    data-category=\"muzyka\"\n                                    data-subcategory=\"hip-hop-rap\"\n                                    data-city=\"Bydgoszcz, Gwi\u017adziny, Kra\u015bnik i inne\"\n                                    data-venue=\"Plac Targowy w Soko\u0142owie Ma\u0142opolskim\">\n                                    <div class=\"tickets-slider__sliderCard\">\n                                        \n<div class=\"card-ticket\">\n        <div class=\"card-ticket__image\">\n        <a href=\"https:\/\/www.ebilet.pl\/muzyka\/hip-hop-rap\/gombao33\">\n            <img decoding=\"async\" src=\"https:\/\/www.ebilet.pl\/media\/cms\/media\/ctcikvkb\/gombao_bez_napisu-2ebe28b7-760a-4987-8d6c-0cb2fe6f2203.webp\" alt=\"Plakat wydarzenia\" \/>\n        <\/a>\n    <\/div>\n             \n    <div class=\"card-ticket__link\">\n        <a href=\"https:\/\/www.ebilet.pl\/muzyka\/hip-hop-rap\/gombao33\" class=\"button button--theme-primary-yellow button--withIconLeft button--size-small\">\n            <span class=\"button__icon icon icon-ticket\"><\/span>\n            <p class=\"button__text typo-16 f-600\">Kup bilet<\/p>\n        <\/a>\n    <\/div>\n    <\/div>                                    <\/div>\n                                <\/div>\n                                                            <div class=\"tickets-slider__sliderItem swiper-slide\"\n                                    data-id=\"179391\"\n                                    data-name=\"Pitbull - I&#039;m Back!\"\n                                    data-brand=\"Live Nation\"\n                                    data-category=\"muzyka\"\n                                    data-subcategory=\"pop\"\n                                    data-city=\"Gda\u0144sk\/Sopot, \u0141\u00f3d\u017a\"\n                                    data-venue=\"Atlas Arena\">\n                                    <div class=\"tickets-slider__sliderCard\">\n                                        \n<div class=\"card-ticket\">\n        <div class=\"card-ticket__image\">\n        <a href=\"https:\/\/www.ebilet.pl\/muzyka\/pop\/pitbull\">\n            <img decoding=\"async\" src=\"https:\/\/www.ebilet.pl\/media\/cms\/media\/5lzfwzwf\/pitbull_552x736-51986cca-48f5-4419-a9c5-cba531ed65a3.webp\" alt=\"Plakat wydarzenia\" \/>\n        <\/a>\n    <\/div>\n             \n    <div class=\"card-ticket__link\">\n        <a href=\"https:\/\/www.ebilet.pl\/muzyka\/pop\/pitbull\" class=\"button button--theme-primary-yellow button--withIconLeft button--size-small\">\n            <span class=\"button__icon icon icon-ticket\"><\/span>\n            <p class=\"button__text typo-16 f-600\">Kup bilet<\/p>\n        <\/a>\n    <\/div>\n    <\/div>                                    <\/div>\n                                <\/div>\n                                                            <div class=\"tickets-slider__sliderItem swiper-slide\"\n                                    data-id=\"27087\"\n                                    data-name=\"Tokio Hotel\"\n                                    data-brand=\"Knock Out Productions\"\n                                    data-category=\"muzyka\"\n                                    data-subcategory=\"pop\"\n                                    data-city=\"Warszawa\"\n                                    data-venue=\"Letnia Scena Progresji\">\n                                    <div class=\"tickets-slider__sliderCard\">\n                                        \n<div class=\"card-ticket\">\n        <div class=\"card-ticket__image\">\n        <a href=\"https:\/\/www.ebilet.pl\/muzyka\/pop\/tokio-hotel\">\n            <img decoding=\"async\" src=\"https:\/\/www.ebilet.pl\/media\/cms\/media\/i02j3uly\/tokio-hotel-552.webp\" alt=\"Plakat wydarzenia\" \/>\n        <\/a>\n    <\/div>\n             \n    <div class=\"card-ticket__link\">\n        <a href=\"https:\/\/www.ebilet.pl\/muzyka\/pop\/tokio-hotel\" class=\"button button--theme-primary-yellow button--withIconLeft button--size-small\">\n            <span class=\"button__icon icon icon-ticket\"><\/span>\n            <p class=\"button__text typo-16 f-600\">Kup bilet<\/p>\n        <\/a>\n    <\/div>\n    <\/div>                                    <\/div>\n                                <\/div>\n                                                            <div class=\"tickets-slider__sliderItem swiper-slide\"\n                                    data-id=\"185007\"\n                                    data-name=\"Olsztyn Green Festival 2027\"\n                                    data-brand=\"Wyborcza Sp. z o.o.\"\n                                    data-category=\"muzyka\"\n                                    data-subcategory=\"festiwale\"\n                                    data-city=\"Olsztyn\"\n                                    data-venue=\"CRS Ukiel\">\n                                    <div class=\"tickets-slider__sliderCard\">\n                                        \n<div class=\"card-ticket\">\n        <div class=\"card-ticket__image\">\n        <a href=\"https:\/\/www.ebilet.pl\/muzyka\/festiwale\/olsztyn-green-festival\">\n            <img decoding=\"async\" src=\"https:\/\/www.ebilet.pl\/media\/cms\/media\/ivzhtv3z\/1080x1350_ogf_edycja_2027-18faf89b-3a6e-4aa9-b07b-593f24448a27.webp\" alt=\"Plakat wydarzenia\" \/>\n        <\/a>\n    <\/div>\n             \n    <div class=\"card-ticket__link\">\n        <a href=\"https:\/\/www.ebilet.pl\/muzyka\/festiwale\/olsztyn-green-festival\" class=\"button button--theme-primary-yellow button--withIconLeft button--size-small\">\n            <span class=\"button__icon icon icon-ticket\"><\/span>\n            <p class=\"button__text typo-16 f-600\">Kup bilet<\/p>\n        <\/a>\n    <\/div>\n    <\/div>                                    <\/div>\n                                <\/div>\n                                                            <div class=\"tickets-slider__sliderItem swiper-slide\"\n                                    data-id=\"92388\"\n                                    data-name=\"Fontaines D.C. EU TOUR 2026\"\n                                    data-brand=\"Alter Art\"\n                                    data-category=\"muzyka\"\n                                    data-subcategory=\"rock\"\n                                    data-city=\"\u0141\u00f3d\u017a\"\n                                    data-venue=\"Atlas Arena\">\n                                    <div class=\"tickets-slider__sliderCard\">\n                                        \n<div class=\"card-ticket\">\n        <div class=\"card-ticket__image\">\n        <a href=\"https:\/\/www.ebilet.pl\/muzyka\/rock\/fontaines-dc\">\n            <img decoding=\"async\" src=\"https:\/\/www.ebilet.pl\/media\/cms\/media\/ovge4bna\/fontaines_dc_portal_552x736.webp\" alt=\"Plakat wydarzenia\" \/>\n        <\/a>\n    <\/div>\n             \n    <div class=\"card-ticket__link\">\n        <a href=\"https:\/\/www.ebilet.pl\/muzyka\/rock\/fontaines-dc\" class=\"button button--theme-primary-yellow button--withIconLeft button--size-small\">\n            <span class=\"button__icon icon icon-ticket\"><\/span>\n            <p class=\"button__text typo-16 f-600\">Kup bilet<\/p>\n        <\/a>\n    <\/div>\n    <\/div>                                    <\/div>\n                                <\/div>\n                                                            <div class=\"tickets-slider__sliderItem swiper-slide\"\n                                    data-id=\"179820\"\n                                    data-name=\"XTB KSW 122\"\n                                    data-brand=\"Federacja KSW\"\n                                    data-category=\"sport\"\n                                    data-subcategory=\"sporty-walki\"\n                                    data-city=\"Rzesz\u00f3w\"\n                                    data-venue=\"Regionalne Centrum Sportowo-Widowiskowe Podpromie\">\n                                    <div class=\"tickets-slider__sliderCard\">\n                                        \n<div class=\"card-ticket\">\n        <div class=\"card-ticket__image\">\n        <a href=\"https:\/\/www.ebilet.pl\/sport\/sporty-walki\/ksw-gala\">\n            <img decoding=\"async\" src=\"https:\/\/www.ebilet.pl\/media\/cms\/media\/cz4hwoy5\/ksw122_552x736-kopia-2bfd4e82-ebbc-475a-901b-7cd82d226339.webp\" alt=\"Plakat wydarzenia\" \/>\n        <\/a>\n    <\/div>\n             \n    <div class=\"card-ticket__link\">\n        <a href=\"https:\/\/www.ebilet.pl\/sport\/sporty-walki\/ksw-gala\" class=\"button button--theme-primary-yellow button--withIconLeft button--size-small\">\n            <span class=\"button__icon icon icon-ticket\"><\/span>\n            <p class=\"button__text typo-16 f-600\">Kup bilet<\/p>\n        <\/a>\n    <\/div>\n    <\/div>                                    <\/div>\n                                <\/div>\n                                                            <div class=\"tickets-slider__sliderItem swiper-slide\"\n                                    data-id=\"214154\"\n                                    data-name=\"Russell Crowe\u2019s Indoor Garden Party\"\n                                    data-brand=\"BACKSTAGE PRODUCTIONS ANNA ZAR\u0118BSKA\"\n                                    data-category=\"muzyka\"\n                                    data-subcategory=\"rock\"\n                                    data-city=\"\u0106miel\u00f3w\"\n                                    data-venue=\"Zamek \u0106miel\u00f3w\">\n                                    <div class=\"tickets-slider__sliderCard\">\n                                        \n<div class=\"card-ticket\">\n        <div class=\"card-ticket__image\">\n        <a href=\"https:\/\/www.ebilet.pl\/muzyka\/rock\/russell-crowe\">\n            <img decoding=\"async\" src=\"https:\/\/www.ebilet.pl\/media\/cms\/media\/dajolyng\/rusel_pion-738c048c-2504-4de3-a226-d83518cf8463.webp\" alt=\"Plakat wydarzenia\" \/>\n        <\/a>\n    <\/div>\n             \n    <div class=\"card-ticket__link\">\n        <a href=\"https:\/\/www.ebilet.pl\/muzyka\/rock\/russell-crowe\" class=\"button button--theme-primary-yellow button--withIconLeft button--size-small\">\n            <span class=\"button__icon icon icon-ticket\"><\/span>\n            <p class=\"button__text typo-16 f-600\">Kup bilet<\/p>\n        <\/a>\n    <\/div>\n    <\/div>                                    <\/div>\n                                <\/div>\n                                                    <\/div>\n                    <\/div>\n                <\/div>\n            <\/div>\n        <\/div>\n    <\/div>\n<\/section>\n\n\n<section class=\"text-block  section-margin-32\" >\n    <div class=\"container\">\n        <div class=\"row\">\n            <div class=\"col-24\">\n                <div class=\"text-block__content\"><h3><span style=\"font-weight: 400;\">Jakie kolory by\u0142y dotychczas \u201cPantone Color of the Year\u201d?\u00a0<\/span><\/h3>\n<p><b>Pierwszym kolorem by\u0142 wybrany na 2000 rok kolor Pantone 15-4020 Cerulean \u2013 odcie\u0144 niebieskiego, kt\u00f3ry przywodzi na my\u015bl ocean lub niebo. Potem by\u0142y to:<\/b><\/p>\n<ul>\n<li style=\"font-weight: 400;\" aria-level=\"1\"><span style=\"font-weight: 400;\">w 2001 roku Pantone 17-2031 Fuchsia Rose \u2013 wyrazista fuksja,<\/span><\/li>\n<li style=\"font-weight: 400;\" aria-level=\"1\"><span style=\"font-weight: 400;\">w 2002 roku Pantone 19-1664 True Red \u2013 intensywna czerwie\u0144,<\/span><\/li>\n<li style=\"font-weight: 400;\" aria-level=\"1\"><span style=\"font-weight: 400;\">w 2003 roku Pantone 14-4811 Aqua Sky \u2013 delikatny turkus przypominaj\u0105cy spokojn\u0105 wod\u0119,<\/span><\/li>\n<li style=\"font-weight: 400;\" aria-level=\"1\"><span style=\"font-weight: 400;\">w 2004 roku Pantone 17-1456 Tigerlily \u2013 energetyczny, ciep\u0142y pomara\u0144cz,<\/span><\/li>\n<li style=\"font-weight: 400;\" aria-level=\"1\"><span style=\"font-weight: 400;\">w 2005 roku Pantone 15-5217 Blue Turquoise \u2013 \u015bwie\u017cy, ch\u0142odny niebiesko-zielony,<\/span><\/li>\n<li style=\"font-weight: 400;\" aria-level=\"1\"><span style=\"font-weight: 400;\">w 2006 roku Pantone 13-1106 Sand Dollar \u2013 subtelny be\u017c z piaskowym odcieniem,<\/span><\/li>\n<li style=\"font-weight: 400;\" aria-level=\"1\"><span style=\"font-weight: 400;\">w 2007 roku Pantone 19-1557 Chili Pepper \u2013 g\u0142\u0119boka, korzenna czerwie\u0144,<\/span><\/li>\n<li style=\"font-weight: 400;\" aria-level=\"1\"><span style=\"font-weight: 400;\">w 2008 roku Pantone 18-3943 Blue Iris \u2013 elegancki niebieski z fioletowym tonem,<\/span><\/li>\n<li style=\"font-weight: 400;\" aria-level=\"1\"><span style=\"font-weight: 400;\">w 2009 roku Pantone 14-0848 Mimosa \u2013 radosny, s\u0142oneczny \u017c\u00f3\u0142ty,<\/span><\/li>\n<li style=\"font-weight: 400;\" aria-level=\"1\"><span style=\"font-weight: 400;\">w 2010 roku Pantone 15-5519 Turquoise \u2013 orze\u017awiaj\u0105cy turkus z nut\u0105 zieleni,<\/span><\/li>\n<li style=\"font-weight: 400;\" aria-level=\"1\"><span style=\"font-weight: 400;\">w 2011 roku Pantone 18-2120 Honeysuckle \u2013 przyci\u0105gaj\u0105cy uwag\u0119 malinowy r\u00f3\u017c,<\/span><\/li>\n<li style=\"font-weight: 400;\" aria-level=\"1\"><span style=\"font-weight: 400;\">w 2012 roku Pantone 17-1463 Tangerine Tango \u2013 dynamiczny pomara\u0144cz z czerwonym tonem,<\/span><\/li>\n<li style=\"font-weight: 400;\" aria-level=\"1\"><span style=\"font-weight: 400;\">w 2013 roku Pantone 17-5641 Emerald \u2013 soczysta ziele\u0144 symbolizuj\u0105ca odrodzenie,<\/span><\/li>\n<li style=\"font-weight: 400;\" aria-level=\"1\"><span style=\"font-weight: 400;\">w 2014 roku Pantone 18-3224 Radiant Orchid \u2013 wyrafinowany fiolet z r\u00f3\u017cowym po\u0142yskiem,<\/span><\/li>\n<li style=\"font-weight: 400;\" aria-level=\"1\"><span style=\"font-weight: 400;\">w 2015 roku Pantone 18-1438 Marsala \u2013 ciep\u0142y, ziemisty odcie\u0144 czerwieni,<\/span><\/li>\n<li style=\"font-weight: 400;\" aria-level=\"1\"><span style=\"font-weight: 400;\">w 2016 roku Pantone 13-1520 Rose Quartz \u2013 delikatny, uspokajaj\u0105cy r\u00f3\u017c oraz Pantone 15-3919 Serenity \u2013 spokojny, b\u0142\u0119kitny ton,<\/span><\/li>\n<li style=\"font-weight: 400;\" aria-level=\"1\"><span style=\"font-weight: 400;\">w 2017 roku Pantone 15-0343 Greenery \u2013 \u015bwie\u017ca, wiosenna ziele\u0144,<\/span><\/li>\n<li style=\"font-weight: 400;\" aria-level=\"1\"><span style=\"font-weight: 400;\">w 2018 roku Pantone 18-3838 Ultra Violet \u2013 tajemniczy, g\u0142\u0119boki fiolet,<\/span><\/li>\n<li style=\"font-weight: 400;\" aria-level=\"1\"><span style=\"font-weight: 400;\">w 2019 roku Pantone 16-1546 Living Coral \u2013 ciep\u0142y, radosny koral,<\/span><\/li>\n<li style=\"font-weight: 400;\" aria-level=\"1\"><span style=\"font-weight: 400;\">w 2020 roku Pantone 19-4052 Classic Blue \u2013 stabilny, klasyczny niebieski,<\/span><\/li>\n<li style=\"font-weight: 400;\" aria-level=\"1\"><span style=\"font-weight: 400;\">w 2021 roku Pantone 17-5104 Ultimate Gray \u2013 neutralny, solidny szary oraz Pantone 13-0647 Illuminating \u2013 s\u0142oneczny, energetyczny \u017c\u00f3\u0142ty,<\/span><\/li>\n<li style=\"font-weight: 400;\" aria-level=\"1\"><span style=\"font-weight: 400;\">w 2022 roku Pantone 17-3938 Very Peri \u2013 lekko fioletowo-niebieskawy odcie\u0144,<\/span><\/li>\n<li style=\"font-weight: 400;\" aria-level=\"1\"><span style=\"font-weight: 400;\">w 2023 roku Pantone 18-1750 Viva Magenta \u2013 \u017cywa, pe\u0142na energii czerwie\u0144 z domieszk\u0105 r\u00f3\u017cu,<\/span><\/li>\n<li style=\"font-weight: 400;\" aria-level=\"1\"><span style=\"font-weight: 400;\">w 2024 roku Pantone 13-1023 Peach Fuzz \u2013 mi\u0119kki, ciep\u0142y brzoskwiniowy odcie\u0144,<\/span><\/li>\n<li style=\"font-weight: 400;\" aria-level=\"1\"><span style=\"font-weight: 400;\">w 2025 roku Pantone 17-1230 Mocha Mousse \u2013 subtelny, kremowo-br\u0105zowy kolor.<\/span><\/li>\n<\/ul>\n<h3><span style=\"font-weight: 400;\">Dlaczego wybierany jest taki a nie inny kolor roku?<\/span><\/h3>\n<p><b>Kolor roku Pantone nie nawi\u0105zuje do chwilowej mody, kt\u00f3ra przemija szybciej, ni\u017c zd\u0105\u017cysz powiedzie\u0107 \u201cto jest teraz modne\u201d. \u201cPantone Color of the Year\u201d to odcie\u0144, kt\u00f3ry:<\/b><\/p>\n<ul>\n<li style=\"font-weight: 400;\" aria-level=\"1\"><span style=\"font-weight: 400;\">powinien mie\u0107 szeroki, najlepiej globalny zasi\u0119g (cho\u0107 wiadomo, do najbiedniejszych region\u00f3w \u015bwiata nie dotrze, tak samo jak do tych, w kt\u00f3rych odcinany jest dost\u0119p do globalnej sieci),<\/span><\/li>\n<li style=\"font-weight: 400;\" aria-level=\"1\"><span style=\"font-weight: 400;\">ma pasowa\u0107 do r\u00f3\u017cnych obszar\u00f3w projektowania,<\/span><\/li>\n<li style=\"font-weight: 400;\" aria-level=\"1\"><span style=\"font-weight: 400;\">ma wyra\u017ca\u0107 nastr\u00f3j konsument\u00f3w oraz ich postawy,<\/span><\/li>\n<li style=\"font-weight: 400;\" aria-level=\"1\"><span style=\"font-weight: 400;\">ma odzwierciedla\u0107 to, czego ludzie poszukuj\u0105 (np. energia czy rado\u015b\u0107 w trudnych czasach).\u00a0<\/span><\/li>\n<\/ul>\n<p><b>Innymi s\u0142owy \u2013 ma odzwierciedla\u0107 ducha czasu, na kt\u00f3ry zosta\u0142 wybrany. <\/b><span style=\"font-weight: 400;\">I ma to robi\u0107 na poziomie makro. Czyli je\u015bli kolor jest wybierany w New Jersey, to ma pasowa\u0107 zar\u00f3wno do USA, jak i do Polski czy kraj\u00f3w Azjatyckich. Podstaw\u0105 decyzji o kolorze roku jest wi\u0119c aktualna sytuacja w kulturze i spo\u0142ecze\u0144stwie.<\/span><b> Kolor roku ma pokaza\u0107, co wed\u0142ug ekspert\u00f3w b\u0119dzie odczuwalne i widoczne w nadchodz\u0105cym roku, zar\u00f3wno w projektowaniu, jak i w wyborach konsument\u00f3w.<\/b><\/p>\n<h2><span style=\"font-weight: 400;\">Jak kolor roku wp\u0142ywa na bran\u017ce kreatywne?<\/span><\/h2>\n<p><span style=\"font-weight: 400;\">Kolor roku Pantone szybko znajduje swoje miejsce w r\u00f3\u017cnych produktach i projektach. Przyk\u0142adowo <\/span><b>w 2012 roku Tangerine Tango zosta\u0142 wykorzystany do stworzenia linii kosmetyk\u00f3w we wsp\u00f3\u0142pracy z Sephor\u0105. <\/b><span style=\"font-weight: 400;\">Kolekcja Sephora + Pantone Universe obejmowa\u0142a sztuczne rz\u0119sy, lakiery do paznokci, kremy, brokaty oraz intensywne b\u0142yszczyki w odcieniu Tangerine Tango.<\/span><\/p>\n<p><span style=\"font-weight: 400;\">Niekt\u00f3re kolory roku maj\u0105 jednak swoje techniczne ograniczenia. Przyk\u0142adowo Emerald z 2013 roku nie mie\u015bci\u0142 si\u0119 w standardzie sRGB. Za to jednej z najnowszych \u2013 Very Peri z 2022 roku \u2013 jest dost\u0119pny zar\u00f3wno w formie TCX (farbowana bawe\u0142na), jak i TPG (ekologiczne farby na papierze). Oczywi\u015bcie projektanci i marketerzy staraj\u0105 sobie z tym radzi\u0107 i do swoich produkt\u00f3w wybieraj\u0105 np. kolory zbli\u017cone.\u00a0<\/span><\/p>\n<p><b>Leatrice Eiseman, dyrektor wykonawcza Pantone Color Institute i osoba odpowiedzialna za wyb\u00f3r koloru roku, wyja\u015bnia\u0142a w wywiadzie, jak powsta\u0142 Radiant Orchid \u2013 kolor roku 2014: <\/b><i><span style=\"font-weight: 400;\">Szukam rosn\u0105cych trend\u00f3w kolorystycznych, kolor\u00f3w u\u017cywanych w szerszym kontek\u015bcie ni\u017c wcze\u015bniej\u2026 Radiant Orchid pochodzi z rodziny fiolet\u00f3w, kt\u00f3re s\u0105 troch\u0119 magiczne, symbolizuj\u0105 kreatywno\u015b\u0107 i innowacj\u0119. Fiolet jest takim rodzajem z\u0142o\u017conego, interesuj\u0105cego i przyci\u0105gaj\u0105cego koloru\u2026 Fioletowy kolor ma za zadanie doda\u0107 pewno\u015bci siebie w kwestii kreatywno\u015bci, a \u017cyjemy w \u015bwiecie, w kt\u00f3rym tego rodzaju innowacje s\u0105 bardzo cenione. W \u015bwiecie kolor\u00f3w fiolet przyci\u0105ga uwag\u0119 i ma znaczenie. Przemawia do ludzi i czuli\u015bmy, \u017ce nadszed\u0142 czas, aby uhonorowa\u0107 fioletow\u0105 rodzin\u0119. Dlatego wybrali\u015bmy konkretny odcie\u0144 o nazwie Radiant Orchid.<\/span><\/i><\/p>\n<p><span style=\"font-weight: 400;\">Pantone podkre\u015bla, \u017ce kolor \u201cod zawsze by\u0142 integraln\u0105 cz\u0119\u015bci\u0105 sposobu, w jaki kultura wyra\u017ca swoje emocje i nastroje\u201d.<\/span><\/p>\n<\/div>\n            <\/div>\n        <\/div>\n    <\/div>\n<\/section>\n\n\n    <section class=\"events-carousel-block  section-margin-32\"\n        data-events-carousel\n        data-settings='{\"per_view\":5}'\n        data-item-list-name=\"Karuzela niska Polecamy na eBilet\"\n        data-item-list-id=\"karuzela_niska Polecamy na eBilet\"\n        >\n        <div class=\"container\">\n                            <div class=\"row\">\n                    <div class=\"col-24\">\n                        <div class=\"events-carousel-block__title\">\n                            <h2 class=\"typo-h2\">Polecamy na eBilet<\/h2>\n                        <\/div>\n                    <\/div>\n                <\/div>\n                        <div class=\"row\">\n                <div class=\"col-24\">\n                    <div class=\"events-carousel-block__events\">\n                        <div class=\"events-carousel-block__nav events-carousel-block__nav--prev\">\n                            <div class=\"button button--withIcon button--theme-white-blur button--size-fixed-48\" data-events-carousel-prev>\n                                <span class=\"button__icon icon icon-chevron-left\"><\/span>\n                            <\/div>\n                        <\/div>\n                        <div class=\"events-carousel-block__nav events-carousel-block__nav--next\">\n                            <div class=\"button button--withIcon button--theme-white-blur button--size-fixed-48\" data-events-carousel-next>\n                                <span class=\"button__icon icon icon-chevron-right\"><\/span>\n                            <\/div>\n                        <\/div>\n                        <div class=\"events-carousel-block__slider swiper\" data-events-carousel-slider>\n                            <div class=\"events-carousel-block__sliderWrapper swiper-wrapper\">\n                                                                    <div class=\"events-carousel-block__sliderItem swiper-slide\"\n                                        data-id=\"63172\"\n                                        data-name=\"Voucher kinowy Helios\"\n                                        data-brand=\"Helios Media Sp. z o.o.\"\n                                        data-category=\"kino\"\n                                        data-subcategory=\"pozostale\"\n                                        data-city=\"Warszawa\"\n                                        data-venue=\"\">\n                                        \n<div class=\"card-event  card-event--size-small\">\n        <a href=\"https:\/\/www.ebilet.pl\/kino\/pozostale\/voucher-kinowy-helios\" target=\"_blank\" class=\"card-event__link\" rel=\"nofollow noopener\"><\/a>\n        <div class=\"card-event__wrapper\">\n        <div class=\"card-event__image\">\n            <img decoding=\"async\" src=\"https:\/\/www.ebilet.pl\/media\/cms\/media\/hfhlz0pe\/pozizom-d37c6cb2-c34e-4f8f-8b40-c73a5a052a83.webp\" alt=\"\">\n        <\/div>\n        <div class=\"card-event__data\">\n            <div class=\"card-event__name\">\n                <p>Voucher kinowy Helios<\/p>\n            <\/div>\n            <div class=\"card-event__date\"><\/div>\n            <div class=\"card-event__location\">Warszawa<\/div>\n        <\/div>\n    <\/div>\n<\/div>                                    <\/div>\n                                                                    <div class=\"events-carousel-block__sliderItem swiper-slide\"\n                                        data-id=\"152494\"\n                                        data-name=\"Che\u0142mo\u0144ski. D\u017awi\u0119kiem malowane\"\n                                        data-brand=\"FUNDACJA KONCEPT KULTURA\"\n                                        data-category=\"widowiska\"\n                                        data-subcategory=\"inne\"\n                                        data-city=\"Kielce, Sosnowiec\"\n                                        data-venue=\"Kieleckie Centrum Kultury\">\n                                        \n<div class=\"card-event  card-event--size-small\">\n        <a href=\"https:\/\/www.ebilet.pl\/widowiska\/inne\/chelmonski\" target=\"_blank\" class=\"card-event__link\" rel=\"nofollow noopener\"><\/a>\n        <div class=\"card-event__wrapper\">\n        <div class=\"card-event__image\">\n            <img decoding=\"async\" src=\"https:\/\/www.ebilet.pl\/media\/cms\/media\/spqlldrz\/656-x-369-px-ver-2-71dd7728-325d-4e4b-8ebd-1fe67cc5d587.webp\" alt=\"\">\n        <\/div>\n        <div class=\"card-event__data\">\n            <div class=\"card-event__name\">\n                <p>Che\u0142mo\u0144ski. D\u017awi\u0119kiem malowane<\/p>\n            <\/div>\n            <div class=\"card-event__date\"><\/div>\n            <div class=\"card-event__location\">Kielce, Sosnowiec<\/div>\n        <\/div>\n    <\/div>\n<\/div>                                    <\/div>\n                                                                    <div class=\"events-carousel-block__sliderItem swiper-slide\"\n                                        data-id=\"161461\"\n                                        data-name=\"Boeing Boeing - Teatr Capitol\"\n                                        data-brand=\"Teatr Capitol\"\n                                        data-category=\"teatr\"\n                                        data-subcategory=\"komedia\"\n                                        data-city=\"Gda\u0144sk, Warszawa\"\n                                        data-venue=\"Teatr Capitol w Warszawie\">\n                                        \n<div class=\"card-event  card-event--size-small\">\n        <a href=\"https:\/\/www.ebilet.pl\/teatr\/komedia\/boeing-boeing-teatr-capitol\" target=\"_blank\" class=\"card-event__link\" rel=\"nofollow noopener\"><\/a>\n        <div class=\"card-event__wrapper\">\n        <div class=\"card-event__image\">\n            <img decoding=\"async\" src=\"https:\/\/www.ebilet.pl\/media\/cms\/media\/4oebxceo\/656x359-popr-20-11.webp\" alt=\"\">\n        <\/div>\n        <div class=\"card-event__data\">\n            <div class=\"card-event__name\">\n                <p>Boeing Boeing &#8211; Teatr Capitol<\/p>\n            <\/div>\n            <div class=\"card-event__date\"><\/div>\n            <div class=\"card-event__location\">Gda\u0144sk, Warszawa<\/div>\n        <\/div>\n    <\/div>\n<\/div>                                    <\/div>\n                                                                    <div class=\"events-carousel-block__sliderItem swiper-slide\"\n                                        data-id=\"10672\"\n                                        data-name=\"Red Bull Drift Masters, Grand Finale 2026, Poland\"\n                                        data-brand=\"Drift Masters Grand Prix Sp. z o.o.\"\n                                        data-category=\"sport\"\n                                        data-subcategory=\"sporty-motorowe\"\n                                        data-city=\"Warszawa\"\n                                        data-venue=\"PGE Narodowy im. Kazimierza G\u00f3rskiego\">\n                                        \n<div class=\"card-event  card-event--size-small\">\n        <a href=\"https:\/\/www.ebilet.pl\/sport\/sporty-motorowe\/drift-masters\" target=\"_blank\" class=\"card-event__link\" rel=\"nofollow noopener\"><\/a>\n        <div class=\"card-event__wrapper\">\n        <div class=\"card-event__image\">\n            <img decoding=\"async\" src=\"https:\/\/www.ebilet.pl\/media\/cms\/media\/10ijqlni\/656x369pl-4af36ea5-1769-4cd8-915e-6215e771f59d.webp\" alt=\"\">\n        <\/div>\n        <div class=\"card-event__data\">\n            <div class=\"card-event__name\">\n                <p>Red Bull Drift Masters, Grand Finale 2026, Poland<\/p>\n            <\/div>\n            <div class=\"card-event__date\"><\/div>\n            <div class=\"card-event__location\">Warszawa<\/div>\n        <\/div>\n    <\/div>\n<\/div>                                    <\/div>\n                                                                    <div class=\"events-carousel-block__sliderItem swiper-slide\"\n                                        data-id=\"16543\"\n                                        data-name=\"Rozta\u0144czony PGE Narodowy 2026\"\n                                        data-brand=\"KRYSIAK POLSKA CORPORATION Sp. z o.o.\"\n                                        data-category=\"muzyka\"\n                                        data-subcategory=\"festiwale\"\n                                        data-city=\"Warszawa\"\n                                        data-venue=\"PGE Narodowy im. Kazimierza G\u00f3rskiego\">\n                                        \n<div class=\"card-event  card-event--size-small\">\n        <a href=\"https:\/\/www.ebilet.pl\/muzyka\/festiwale\/roztanczony-narodowy\" target=\"_blank\" class=\"card-event__link\" rel=\"nofollow noopener\"><\/a>\n        <div class=\"card-event__wrapper\">\n        <div class=\"card-event__image\">\n            <img decoding=\"async\" src=\"https:\/\/www.ebilet.pl\/media\/cms\/media\/ih4mtfpw\/newletter_basic.webp\" alt=\"\">\n        <\/div>\n        <div class=\"card-event__data\">\n            <div class=\"card-event__name\">\n                <p>Rozta\u0144czony PGE Narodowy 2026<\/p>\n            <\/div>\n            <div class=\"card-event__date\"><\/div>\n            <div class=\"card-event__location\">Warszawa<\/div>\n        <\/div>\n    <\/div>\n<\/div>                                    <\/div>\n                                                                    <div class=\"events-carousel-block__sliderItem swiper-slide\"\n                                        data-id=\"129853\"\n                                        data-name=\"Beksi\u0144ski.Live\"\n                                        data-brand=\"L2L Sp z o.o.\"\n                                        data-category=\"widowiska\"\n                                        data-subcategory=\"inne\"\n                                        data-city=\"Warszawa, Wroc\u0142aw\"\n                                        data-venue=\"Hala COS Torwar \">\n                                        \n<div class=\"card-event  card-event--size-small\">\n        <a href=\"https:\/\/www.ebilet.pl\/widowiska\/inne\/beksinski-live\" target=\"_blank\" class=\"card-event__link\" rel=\"nofollow noopener\"><\/a>\n        <div class=\"card-event__wrapper\">\n        <div class=\"card-event__image\">\n            <img decoding=\"async\" src=\"https:\/\/www.ebilet.pl\/media\/cms\/media\/y2nprogb\/656x369-2026-04-27t161826313.webp\" alt=\"\">\n        <\/div>\n        <div class=\"card-event__data\">\n            <div class=\"card-event__name\">\n                <p>Beksi\u0144ski.Live<\/p>\n            <\/div>\n            <div class=\"card-event__date\"><\/div>\n            <div class=\"card-event__location\">Warszawa, Wroc\u0142aw<\/div>\n        <\/div>\n    <\/div>\n<\/div>                                    <\/div>\n                                                                    <div class=\"events-carousel-block__sliderItem swiper-slide\"\n                                        data-id=\"144549\"\n                                        data-name=\"Zwiedzanie ZOO Warszawa\"\n                                        data-brand=\"Miasto Sto\u0142eczne Warszawa\"\n                                        data-category=\"zwiedzanie\"\n                                        data-subcategory=\"zoo\"\n                                        data-city=\"Warszawa\"\n                                        data-venue=\"\">\n                                        \n<div class=\"card-event  card-event--size-small\">\n        <a href=\"https:\/\/www.ebilet.pl\/zwiedzanie\/zoo\/zwiedzanie-zoo-warszawa\" target=\"_blank\" class=\"card-event__link\" rel=\"nofollow noopener\"><\/a>\n        <div class=\"card-event__wrapper\">\n        <div class=\"card-event__image\">\n            <img decoding=\"async\" src=\"https:\/\/www.ebilet.pl\/media\/cms\/media\/vxxcxvae\/04_bilet-domowy_656x369-05e8639e-58dc-445e-95ca-14f25e17b4f3.webp\" alt=\"\">\n        <\/div>\n        <div class=\"card-event__data\">\n            <div class=\"card-event__name\">\n                <p>Zwiedzanie ZOO Warszawa<\/p>\n            <\/div>\n            <div class=\"card-event__date\"><\/div>\n            <div class=\"card-event__location\">Warszawa<\/div>\n        <\/div>\n    <\/div>\n<\/div>                                    <\/div>\n                                                                    <div class=\"events-carousel-block__sliderItem swiper-slide\"\n                                        data-id=\"125950\"\n                                        data-name=\"Zwiedzanie ZOO Wroc\u0142aw\"\n                                        data-brand=\"ZOO Wroc\u0142aw\"\n                                        data-category=\"zwiedzanie\"\n                                        data-subcategory=\"zoo\"\n                                        data-city=\"Wroc\u0142aw\"\n                                        data-venue=\"ZOO we Wroc\u0142awiu\">\n                                        \n<div class=\"card-event  card-event--size-small\">\n        <a href=\"https:\/\/www.ebilet.pl\/zwiedzanie\/zoo\/zwiedzanie-zoo-wroclaw\" target=\"_blank\" class=\"card-event__link\" rel=\"nofollow noopener\"><\/a>\n        <div class=\"card-event__wrapper\">\n        <div class=\"card-event__image\">\n            <img decoding=\"async\" src=\"https:\/\/www.ebilet.pl\/media\/cms\/media\/wpzfsqii\/01_zoo_ebilet_656x369px-8e081b48-ed80-10b3-4ede-a1fdb0e8bde2.webp\" alt=\"\">\n        <\/div>\n        <div class=\"card-event__data\">\n            <div class=\"card-event__name\">\n                <p>Zwiedzanie ZOO Wroc\u0142aw<\/p>\n            <\/div>\n            <div class=\"card-event__date\"><\/div>\n            <div class=\"card-event__location\">Wroc\u0142aw<\/div>\n        <\/div>\n    <\/div>\n<\/div>                                    <\/div>\n                                                                    <div class=\"events-carousel-block__sliderItem swiper-slide\"\n                                        data-id=\"49432\"\n                                        data-name=\"Wroc\u0142aw Hip Hop Festival 2026\"\n                                        data-brand=\"Stowarzyszenie Planeta M\u0142odych\"\n                                        data-category=\"muzyka\"\n                                        data-subcategory=\"festiwale\"\n                                        data-city=\"Wroc\u0142aw\"\n                                        data-venue=\"Hala Stulecia\">\n                                        \n<div class=\"card-event  card-event--size-small\">\n        <a href=\"https:\/\/www.ebilet.pl\/muzyka\/festiwale\/wroclaw-hip-hop-festival\" target=\"_blank\" class=\"card-event__link\" rel=\"nofollow noopener\"><\/a>\n        <div class=\"card-event__wrapper\">\n        <div class=\"card-event__image\">\n            <img decoding=\"async\" src=\"https:\/\/www.ebilet.pl\/media\/cms\/media\/ijjninf5\/ebilet-grafiki-whhf-656x369-70d9e835-99c3-4111-8a4e-a15ed2733522.webp\" alt=\"\">\n        <\/div>\n        <div class=\"card-event__data\">\n            <div class=\"card-event__name\">\n                <p>Wroc\u0142aw Hip Hop Festival 2026<\/p>\n            <\/div>\n            <div class=\"card-event__date\"><\/div>\n            <div class=\"card-event__location\">Wroc\u0142aw<\/div>\n        <\/div>\n    <\/div>\n<\/div>                                    <\/div>\n                                                                    <div class=\"events-carousel-block__sliderItem swiper-slide\"\n                                        data-id=\"7104\"\n                                        data-name=\"Open&#039;er Festival 2027\"\n                                        data-brand=\"Alter Art\"\n                                        data-category=\"muzyka\"\n                                        data-subcategory=\"festiwale\"\n                                        data-city=\"Gdynia\"\n                                        data-venue=\"Lotnisko Gdynia - Kosakowo\">\n                                        \n<div class=\"card-event  card-event--size-small\">\n        <a href=\"https:\/\/www.ebilet.pl\/muzyka\/festiwale\/opener-festival\" target=\"_blank\" class=\"card-event__link\" rel=\"nofollow noopener\"><\/a>\n        <div class=\"card-event__wrapper\">\n        <div class=\"card-event__image\">\n            <img decoding=\"async\" src=\"https:\/\/www.ebilet.pl\/media\/cms\/media\/yllhazkq\/opene_2027_tameimpala_656x369_ebilet.webp\" alt=\"\">\n        <\/div>\n        <div class=\"card-event__data\">\n            <div class=\"card-event__name\">\n                <p>Open&#8217;er Festival 2027<\/p>\n            <\/div>\n            <div class=\"card-event__date\"><\/div>\n            <div class=\"card-event__location\">Gdynia<\/div>\n        <\/div>\n    <\/div>\n<\/div>                                    <\/div>\n                                                                    <div class=\"events-carousel-block__sliderItem swiper-slide\"\n                                        data-id=\"149533\"\n                                        data-name=\"JIMEK | Orkiestra | Go\u015bcie \u2013 Historia Polskiego Hip-Hopu. Rozdzia\u0142 III Ostatni\"\n                                        data-brand=\"NOTE THE NOTE SP\u00d3\u0141KA Z OGRANICZON\u0104 ODPOWIEDZIALNO\u015aCI\u0104\"\n                                        data-category=\"muzyka\"\n                                        data-subcategory=\"hip-hop-rap\"\n                                        data-city=\"Warszawa\"\n                                        data-venue=\"Lotnisko Bemowo (Warszawa-Babice)\">\n                                        \n<div class=\"card-event  card-event--size-small\">\n        <a href=\"https:\/\/www.ebilet.pl\/muzyka\/hip-hop-rap\/jimek\" target=\"_blank\" class=\"card-event__link\" rel=\"nofollow noopener\"><\/a>\n        <div class=\"card-event__wrapper\">\n        <div class=\"card-event__image\">\n            <img decoding=\"async\" src=\"https:\/\/www.ebilet.pl\/media\/cms\/media\/br5g3adk\/656x369-jimek-94ea5658-790b-4b12-bd07-ac87b14dfccd.webp\" alt=\"\">\n        <\/div>\n        <div class=\"card-event__data\">\n            <div class=\"card-event__name\">\n                <p>JIMEK | Orkiestra | Go\u015bcie \u2013 Historia Polskiego Hip-Hopu. Rozdzia\u0142 III Ostatni<\/p>\n            <\/div>\n            <div class=\"card-event__date\"><\/div>\n            <div class=\"card-event__location\">Warszawa<\/div>\n        <\/div>\n    <\/div>\n<\/div>                                    <\/div>\n                                                                    <div class=\"events-carousel-block__sliderItem swiper-slide\"\n                                        data-id=\"12072\"\n                                        data-name=\"Driftingowe Mistrzostwa Polski 2026 \/\/ New Grounds\"\n                                        data-brand=\"Polska Federacja Driftingu Sp. z o.o.\"\n                                        data-category=\"sport\"\n                                        data-subcategory=\"sporty-motorowe\"\n                                        data-city=\"Prze\u017amierowo\"\n                                        data-venue=\"Tor Pozna\u0144\">\n                                        \n<div class=\"card-event  card-event--size-small\">\n        <a href=\"https:\/\/www.ebilet.pl\/sport\/sporty-motorowe\/driftingowe-mistrzostwa-polski\" target=\"_blank\" class=\"card-event__link\" rel=\"nofollow noopener\"><\/a>\n        <div class=\"card-event__wrapper\">\n        <div class=\"card-event__image\">\n            <img decoding=\"async\" src=\"https:\/\/www.ebilet.pl\/media\/cms\/media\/jdrkqcix\/grafika_ebilet_dmp2026_rnd1_595x-1-51faa121-e406-43e8-9235-5e44f475fc0e.webp\" alt=\"\">\n        <\/div>\n        <div class=\"card-event__data\">\n            <div class=\"card-event__name\">\n                <p>Driftingowe Mistrzostwa Polski 2026 \/\/ New Grounds<\/p>\n            <\/div>\n            <div class=\"card-event__date\"><\/div>\n            <div class=\"card-event__location\">Prze\u017amierowo<\/div>\n        <\/div>\n    <\/div>\n<\/div>                                    <\/div>\n                                                                    <div class=\"events-carousel-block__sliderItem swiper-slide\"\n                                        data-id=\"146404\"\n                                        data-name=\"Taneczny Spodek - Festiwal Muzyki Disco\"\n                                        data-brand=\"Junior Media Music Micha\u0142 Jele\u0144\"\n                                        data-category=\"muzyka\"\n                                        data-subcategory=\"disco-polo\"\n                                        data-city=\"Katowice\"\n                                        data-venue=\"Hala Spodek\">\n                                        \n<div class=\"card-event  card-event--size-small\">\n        <a href=\"https:\/\/www.ebilet.pl\/muzyka\/disco-polo\/taneczny-spodek\" target=\"_blank\" class=\"card-event__link\" rel=\"nofollow noopener\"><\/a>\n        <div class=\"card-event__wrapper\">\n        <div class=\"card-event__image\">\n            <img decoding=\"async\" src=\"https:\/\/www.ebilet.pl\/media\/cms\/media\/w1cnpnzg\/tanecznyspodek-wydarzenie-656x369-1-f9f29e67-4f26-4d0c-abc7-f096ac1d40ff.webp\" alt=\"\">\n        <\/div>\n        <div class=\"card-event__data\">\n            <div class=\"card-event__name\">\n                <p>Taneczny Spodek &#8211; Festiwal Muzyki Disco<\/p>\n            <\/div>\n            <div class=\"card-event__date\"><\/div>\n            <div class=\"card-event__location\">Katowice<\/div>\n        <\/div>\n    <\/div>\n<\/div>                                    <\/div>\n                                                                    <div class=\"events-carousel-block__sliderItem swiper-slide\"\n                                        data-id=\"60658\"\n                                        data-name=\"XVII Summer Dying Loud\"\n                                        data-brand=\"ALEKSANDROWSKIE CENTRUM KULTURY\"\n                                        data-category=\"muzyka\"\n                                        data-subcategory=\"festiwale\"\n                                        data-city=\"Aleksandr\u00f3w \u0141\u00f3dzki\"\n                                        data-venue=\"MOSiR im. W\u0142odzimierza Smolarka w Aleksandrowie \u0141\u00f3dzkim\">\n                                        \n<div class=\"card-event  card-event--size-small\">\n        <a href=\"https:\/\/www.ebilet.pl\/muzyka\/festiwale\/summer-dying-loud\" target=\"_blank\" class=\"card-event__link\" rel=\"nofollow noopener\"><\/a>\n        <div class=\"card-event__wrapper\">\n        <div class=\"card-event__image\">\n            <img decoding=\"async\" src=\"https:\/\/www.ebilet.pl\/media\/cms\/media\/xuicslej\/656x369-bc8725d5-b3cf-4dcd-8184-43f45a397ccc.webp\" alt=\"\">\n        <\/div>\n        <div class=\"card-event__data\">\n            <div class=\"card-event__name\">\n                <p>XVII Summer Dying Loud<\/p>\n            <\/div>\n            <div class=\"card-event__date\"><\/div>\n            <div class=\"card-event__location\">Aleksandr\u00f3w \u0141\u00f3dzki<\/div>\n        <\/div>\n    <\/div>\n<\/div>                                    <\/div>\n                                                                    <div class=\"events-carousel-block__sliderItem swiper-slide\"\n                                        data-id=\"20774\"\n                                        data-name=\"Deep Purple + Jayler\"\n                                        data-brand=\"Mystic Coalition sp. zoo\"\n                                        data-category=\"muzyka\"\n                                        data-subcategory=\"rock\"\n                                        data-city=\"\u0141\u00f3d\u017a\"\n                                        data-venue=\"Atlas Arena\">\n                                        \n<div class=\"card-event  card-event--size-small\">\n        <a href=\"https:\/\/www.ebilet.pl\/muzyka\/rock\/deep-purple\" target=\"_blank\" class=\"card-event__link\" rel=\"nofollow noopener\"><\/a>\n        <div class=\"card-event__wrapper\">\n        <div class=\"card-event__image\">\n            <img decoding=\"async\" src=\"https:\/\/www.ebilet.pl\/media\/cms\/media\/ejqphb2d\/deep_purple_656x369-571f9c06-a899-454b-933a-e6b7cda413a8.webp\" alt=\"\">\n        <\/div>\n        <div class=\"card-event__data\">\n            <div class=\"card-event__name\">\n                <p>Deep Purple + Jayler<\/p>\n            <\/div>\n            <div class=\"card-event__date\"><\/div>\n            <div class=\"card-event__location\">\u0141\u00f3d\u017a<\/div>\n        <\/div>\n    <\/div>\n<\/div>                                    <\/div>\n                                                            <\/div>\n                        <\/div>\n                    <\/div>\n                    <div class=\"events-carousel-block__pagination\">\n                        <div class=\"swiper-pagination slider-pagination\" data-events-carousel-pagination><\/div>\n                    <\/div>\n                <\/div>\n            <\/div>\n        <\/div>\n    <\/section>\n\n\n\n<section class=\"text-block  section-margin-32\" >\n    <div class=\"container\">\n        <div class=\"row\">\n            <div class=\"col-24\">\n                <div class=\"text-block__content\"><h3><span style=\"font-weight: 400;\">Wp\u0142yw koloru roku na codzienne \u017cycie i wybory konsument\u00f3w<\/span><\/h3>\n<p><b>Kolor roku Pantone to nie tylko popularny odcie\u0144, ale r\u00f3wnie\u017c narz\u0119dzie, kt\u00f3re pomaga firmom i konsumentom zrozumie\u0107 si\u0142\u0119 danego koloru.<\/b><span style=\"font-weight: 400;\"> Dzi\u0119ki \u201cPantone Color of the Year\u201d projektanci, marketerzy i producenci mog\u0105 tworzy\u0107 strategie wizualne, kt\u00f3re przyci\u0105gaj\u0105 uwag\u0119, anga\u017cuj\u0105 klient\u00f3w i podkre\u015blaj\u0105 indywidualn\u0105 to\u017csamo\u015b\u0107 marki. A tak\u017ce pokazuj\u0105, \u017ce id\u0105 z duchem czasu i zauwa\u017caj\u0105 trendy oraz kierunki, w jakich zmierzaj\u0105 konsumenci.\u00a0<\/span><\/p>\n<p><b>A co kolor roku oznacza dla konsument\u00f3w?<\/b><span style=\"font-weight: 400;\"> Pokazuje on, jak du\u017ce znaczenie maj\u0105 kolory w codziennych wyborach. Od decyzji o tym, co kupi\u0107 (nie tylko je\u015bli chodzi o ubrania, ale tak\u017ce planery, mazaki, dodatki do domu itd.), po wyb\u00f3r ubrania, kt\u00f3re za\u0142o\u017cysz danego dnia.<\/span><b> Kolor wp\u0142ywa na to, jak jeste\u015bmy postrzegani i jakie emocje wywo\u0142ujemy u innych. <\/b><span style=\"font-weight: 400;\">Mo\u017cna powiedzie\u0107, \u017ce to \u201ckomunikat\u201d, kt\u00f3ry dociera do wszystkich ludzi, niezale\u017cnie od p\u0142ci, wieku czy miejsca zamieszkania (sam przyznaj, \u017ce gdy widzisz ludzi w kolorowych ubraniach, buzia od razu zaczyna si\u0119 cieszy\u0107).\u00a0<\/span><\/p>\n<p><span style=\"font-weight: 400;\">Kolor jest pot\u0119\u017cnym narz\u0119dziem komunikacji. Mo\u017ce wyra\u017ca\u0107 emocje, nastroje i warto\u015bci tam, gdzie s\u0142owa to za ma\u0142o. Widzimy to w modzie, wn\u0119trzach, kosmetykach, produktach codziennego u\u017cytku, a tak\u017ce w mediach i reklamach. <\/span><b>Zrozumienie znaczenia koloru w naszym \u017cyciu pozwala nam lepiej wyra\u017ca\u0107 siebie, tworzy\u0107 bli\u017csze wi\u0119zi spo\u0142eczne i postrzega\u0107 \u015bwiat w bardziej z\u0142o\u017cony spos\u00f3b. <\/b><span style=\"font-weight: 400;\">Jak to mo\u017cliwe? Ot\u00f3\u017c chocia\u017cby tak, \u017ce nosz\u0105c na sobie konkretne kolory, mo\u017cemy przyci\u0105ga\u0107 ludzi, kt\u00f3rzy maj\u0105 podobn\u0105 do nas energi\u0119.<\/span><\/p>\n<p><span style=\"font-weight: 400;\">Pantone pokazuje wi\u0119c, \u017ce kolor jest globalnym j\u0119zykiem wizualnym \u2013 uniwersalnym, zrozumia\u0142ym i niezwykle wp\u0142ywowym.<\/span><\/p>\n<h3><span style=\"font-weight: 400;\">Gdzie mo\u017cesz natkn\u0105\u0107 si\u0119 na kolor roku Pantone?<\/span><\/h3>\n<p><b>Kolor roku mo\u017cesz spotka\u0107:<\/b><\/p>\n<ul>\n<li style=\"font-weight: 400;\" aria-level=\"1\"><b>w sklepach z ubraniami<\/b><span style=\"font-weight: 400;\"> \u2013 wiele marek odzie\u017cowych co sezon wprowadza kolekcje w odcieniach koloru roku. Na przyk\u0142ad przy wyborze koloru na 2024, Peach Fuzz, projektanci promowali ubrania i dodatki w tym odcieniu (szczeg\u00f3lnie wiosn\u0105 i latem),<\/span><\/li>\n<li style=\"font-weight: 400;\" aria-level=\"1\"><b>w sklepach obuwniczych<\/b><span style=\"font-weight: 400;\"> \u2013 sneakersy, botki czy szpilki w kolorze roku trafiaj\u0105 do sprzeda\u017cy jako element modnych kolekcji sezonowych,<\/span><\/li>\n<li style=\"font-weight: 400;\" aria-level=\"1\"><b>w drogeriach i perfumeriach<\/b><span style=\"font-weight: 400;\"> \u2013 kolor roku wykorzystywany jest w kosmetykach: lakiery do paznokci, pomadki, b\u0142yszczyki, cienie do powiek czy produkty do makija\u017cu limitowanej edycji,<\/span><\/li>\n<li style=\"font-weight: 400;\" aria-level=\"1\"><b>w sklepach z akcesoriami <\/b><span style=\"font-weight: 400;\">\u2013 torby, paski, portfele, bi\u017cuteria i inne dodatki lifestyle\u2019owe pojawiaj\u0105 si\u0119 w odcieniu koloru roku,<\/span><\/li>\n<li style=\"font-weight: 400;\" aria-level=\"1\"><b>w sklepach wn\u0119trzarskich <\/b><span style=\"font-weight: 400;\">\u2013 meble, dywany, tekstylia, zas\u0142ony, poduszki, lampy i dekoracje mog\u0105 by\u0107 dost\u0119pne w kolorze roku,<\/span><\/li>\n<li style=\"font-weight: 400;\" aria-level=\"1\"><b>w sklepach papierniczych<\/b><span style=\"font-weight: 400;\"> \u2013 planery, notesy, kalendarze, zeszyty i artyku\u0142y biurowe w kolorze roku pomagaj\u0105 w organizacji dnia z trendowym akcentem,<\/span><\/li>\n<li style=\"font-weight: 400;\" aria-level=\"1\"><b>w bran\u017cy technologicznej<\/b><span style=\"font-weight: 400;\"> \u2013 niekt\u00f3re marki tworz\u0105 gad\u017cety, etui, akcesoria do laptop\u00f3w czy telefon\u00f3w w odcieniu koloru roku,<\/span><\/li>\n<li style=\"font-weight: 400;\" aria-level=\"1\"><b>w marketingu i designie<\/b><span style=\"font-weight: 400;\"> \u2013 firmy wykorzystuj\u0105 kolor roku w opakowaniach produkt\u00f3w, identyfikacji wizualnej, reklamach i materia\u0142ach promocyjnych,<\/span><\/li>\n<li style=\"font-weight: 400;\" aria-level=\"1\"><b>w kosmetyce profesjonalnej i wellness<\/b><span style=\"font-weight: 400;\"> \u2013 salony kosmetyczne, spa i producenci produkt\u00f3w do piel\u0119gnacji cz\u0119sto wprowadzaj\u0105 limitowane linie inspirowane kolorem roku,<\/span><\/li>\n<li style=\"font-weight: 400;\" aria-level=\"1\"><b>w produktach codziennego u\u017cytku <\/b><span style=\"font-weight: 400;\">\u2013 kubki, butelki, torby wielokrotnego u\u017cytku, gad\u017cety i akcesoria lifestyle\u2019owe pojawiaj\u0105 si\u0119 w odcieniu koloru roku, podkre\u015blaj\u0105c jego obecno\u015b\u0107 w codziennym \u017cyciu.<\/span><\/li>\n<\/ul>\n<h2><span style=\"font-weight: 400;\">Czy warto kierowa\u0107 si\u0119 Kolorem Roku?<\/span><\/h2>\n<p><span style=\"font-weight: 400;\">Niekt\u00f3rzy uwa\u017caj\u0105, \u017ce Kolor Roku Pantone to jedynie chwyt marketingowy, maj\u0105cy na celu promowanie nowych trend\u00f3w i pobudzenie konsumpcji. Inni dostrzegaj\u0105 w tym co\u015b wi\u0119cej \u2013 <\/span><b>mo\u017cliwo\u015b\u0107 uchwycenia emocji i zmian zachodz\u0105cych w \u015bwiecie. Gdy przyjrzymy si\u0119 temu, jak przedstawiciele Pantone uzasadniaj\u0105 wyb\u00f3r konkretnego koloru\/kolor\u00f3w na dany rok, dostrze\u017cemy w nich co\u015b znacznie g\u0142\u0119bszego ni\u017c chwilow\u0105 mod\u0119.<\/b><\/p>\n<p><span style=\"font-weight: 400;\">Bez wzgl\u0119du na to, czy traktujemy Kolor Roku jako inspiracj\u0119, czy chwilow\u0105 mod\u0119, warto zwr\u00f3ci\u0107 uwag\u0119 na jego znaczenie w kontek\u015bcie kultury i estetyki. \u015awiadomo\u015b\u0107 kolorystyczna mo\u017ce wp\u0142ywa\u0107 na nasze codzienne wybory \u2013 od ubra\u0144 i dodatk\u00f3w, po aran\u017cacj\u0119 wn\u0119trz. Mo\u017cesz te\u017c pom\u00f3c \u015bwiadomie kszta\u0142towa\u0107 otoczenie zgodnie z aktualnymi trendami. Przy czym pami\u0119tajmy, \u017ce trend to nie moda i on tak szybko nie przemija.<\/span><\/p>\n<h2><span style=\"font-weight: 400;\">Kolory Pantone \u2013 kwestie prawne<\/span><\/h2>\n<p><span style=\"font-weight: 400;\">Warto wiedzie\u0107, \u017ce Pantone traktuje swoje listy numer\u00f3w kolor\u00f3w i warto\u015bci pigment\u00f3w jako w\u0142asno\u015b\u0107 intelektualn\u0105. Oznacza to, \u017ce nie mo\u017cna korzysta\u0107 z tych list dowolnie ani kopiowa\u0107 ich do w\u0142asnych projekt\u00f3w bez zgody firmy. To jest te\u017c pow\u00f3d, dla kt\u00f3rego kolory Pantone rzadko wspierane s\u0105 w oprogramowaniu open-source i w tanim, komercyjnym oprogramowaniu do projektowania.<\/span><\/p>\n<p><span style=\"font-weight: 400;\">Niekt\u00f3rzy krytycy twierdz\u0105, \u017ce Pantone bywa w tej kwestii niejasne, je\u015bli chodzi o dok\u0142adny zakres swoich praw. Najprostsze roszczenie dotyczy\u0142oby naruszenia znaku towarowego \u2013 np. gdy kto\u015b stworzy palet\u0119 kolor\u00f3w reklamowan\u0105 jako kompatybilna z Pantone.<\/span><\/p>\n<p><span style=\"font-weight: 400;\">Z drugiej strony, niekt\u00f3rzy eksperci, np. Aaron Perzanowski, wskazuj\u0105, \u017ce Pantone nie ma praw w\u0142asno\u015bci intelektualnej do pojedynczych kolor\u00f3w ani ca\u0142ych bibliotek kolorystycznych. W praktyce oznacza to, \u017ce cho\u0107 kolory Pantone s\u0105 mark\u0105 rozpoznawaln\u0105 i chronion\u0105, sam odcie\u0144 koloru nie mo\u017ce by\u0107 w pe\u0142ni obj\u0119ty prawami autorskimi.<\/span><\/p>\n<h2><span style=\"font-weight: 400;\">Kolor Roku Pantone \u2013 podsumowanie<\/span><\/h2>\n<p><span style=\"font-weight: 400;\">Podsumowuj\u0105c, Pantone Color of the Year to co\u015b wi\u0119cej ni\u017c modny odcie\u0144 \u2013 to globalny j\u0119zyk wizualny, kt\u00f3ry wp\u0142ywa na projektowanie, kultur\u0119, marketing i codzienne \u017cycie zar\u00f3wno konsument\u00f3w, jak i artyst\u00f3w, projektant\u00f3w czy firm. Pokazuje, jak siln\u0105 rol\u0119 odgrywa kolor w wyra\u017caniu emocji, postaw i stylu \u017cycia. Przygl\u0105daj\u0105c si\u0119 bli\u017cej konkretnemu kolorowi roku oraz motywacjom, kt\u00f3re za tym wyborem sta\u0142y, mo\u017cemy lepiej zrozumie\u0107, jakie nastroje dominuj\u0105 w danym czasie i jak kolory kszta\u0142tuj\u0105 nasz\u0105 percepcj\u0119 \u015bwiata.<\/span><\/p>\n<\/div>\n            <\/div>\n        <\/div>\n    <\/div>\n<\/section>\n\n\n<section class=\"events-slider-block  section-margin-32\" data-events-slider-block data-carousel-title=\"Nowo\u015bci na eBilet\" data-carousel-type=\"karuzela_z_t\u0142em\" data-item-list-name=\"Karuzela z t\u0142em Nowo\u015bci na eBilet\" data-item-list-id=\"karuzela_z_t\u0142em Nowo\u015bci na eBilet\" >\n    <div class=\"container\">\n        <div class=\"row\">\n            <div class=\"col-24\">\n                <div class=\"events-slider-block__wrapper\">\n                                            <div class=\"events-slider-block__bg\"><img loading=\"lazy\" decoding=\"async\" width=\"1920\" height=\"1080\" src=\"https:\/\/www.ebilet.pl\/now\/app\/uploads\/2024\/04\/shutterstock_1308510637.jpg\" class=\"attachment-full size-full\" alt=\"Fot.\" srcset=\"https:\/\/www.ebilet.pl\/now\/app\/uploads\/2024\/04\/shutterstock_1308510637.jpg 1920w, https:\/\/www.ebilet.pl\/now\/app\/uploads\/2024\/04\/shutterstock_1308510637-1024x576.jpg 1024w, https:\/\/www.ebilet.pl\/now\/app\/uploads\/2024\/04\/shutterstock_1308510637-1536x864.jpg 1536w, https:\/\/www.ebilet.pl\/now\/app\/uploads\/2024\/04\/shutterstock_1308510637-1280x720.jpg 1280w, https:\/\/www.ebilet.pl\/now\/app\/uploads\/2024\/04\/shutterstock_1308510637-500x281.jpg 500w, https:\/\/www.ebilet.pl\/now\/app\/uploads\/2024\/04\/shutterstock_1308510637-632x356.jpg 632w, https:\/\/www.ebilet.pl\/now\/app\/uploads\/2024\/04\/shutterstock_1308510637-308x174.jpg 308w\" sizes=\"auto, (max-width: 1920px) 100vw, 1920px\" \/><\/div>\n                                                                <div class=\"events-slider-block__top\">\n                                                            <div class=\"events-slider-block__title desktop\">\n                                    <h2 class=\"typo-h2\">Nowo\u015bci na eBilet<\/h2>\n                                <\/div>\n                                                                                        <div class=\"events-slider-block__title mobile\">\n                                    <h2 class=\"typo-h2\">Nowo\u015bci na eBilet<\/h2>\n                                <\/div>\n                                                    <\/div>\n                                                            <div class=\"events-slider-block__main\">\n                        <div class=\"events-slider-block__nav events-slider-block__nav--prev\">\n                            <div class=\"button button--withIcon button--theme-white-blur button--size-fixed-48\" data-events-prev>\n                                <span class=\"button__icon icon icon-chevron-left\"><\/span>\n                            <\/div>\n                        <\/div>\n                        <div class=\"events-slider-block__nav events-slider-block__nav--next\">\n                            <div class=\"button button--withIcon button--theme-white-blur button--size-fixed-48\" data-events-next>\n                                <span class=\"button__icon icon icon-chevron-right\"><\/span>\n                            <\/div>\n                        <\/div>\n                        <div class=\"events-slider-block__slider\">\n                            <div class=\"swiper\" data-events-slider>\n                                <div class=\"events-slider-block__sliderWrapper swiper-wrapper\">\n                                                                    <div class=\"events-slider-block__sliderItem swiper-slide\">\n                                    \n<div class=\"card-event  card-event--size-small\">\n        <a href=\"https:\/\/www.ebilet.pl\/muzyka\/festiwale\/orange-warsaw-festival\" target=\"_blank\" class=\"card-event__link\" rel=\"nofollow noopener\"><\/a>\n        <div class=\"card-event__wrapper\">\n        <div class=\"card-event__image\">\n            <img decoding=\"async\" src=\"https:\/\/www.ebilet.pl\/media\/cms\/media\/10tfavkl\/owf27_wejs-cie_portal_552x736.webp\" alt=\"\">\n        <\/div>\n        <div class=\"card-event__data\">\n            <div class=\"card-event__name\">\n                <p>Orange Warsaw Festival 2027<\/p>\n            <\/div>\n            <div class=\"card-event__date\"><\/div>\n            <div class=\"card-event__location\"><\/div>\n        <\/div>\n    <\/div>\n<\/div>                                    <\/div>\n                                                                    <div class=\"events-slider-block__sliderItem swiper-slide\">\n                                    \n<div class=\"card-event  card-event--size-small\">\n        <a href=\"https:\/\/www.ebilet.pl\/teatr\/musicale\/wielki-gatsby\" target=\"_blank\" class=\"card-event__link\" rel=\"nofollow noopener\"><\/a>\n        <div class=\"card-event__wrapper\">\n        <div class=\"card-event__image\">\n            <img decoding=\"async\" src=\"https:\/\/www.ebilet.pl\/media\/cms\/media\/5eihaojx\/552x736-c1222f1c-09f0-4f58-a3ca-98b5badf4b8b.webp\" alt=\"\">\n        <\/div>\n        <div class=\"card-event__data\">\n            <div class=\"card-event__name\">\n                <p>Wielki Gatsby<\/p>\n            <\/div>\n            <div class=\"card-event__date\"><\/div>\n            <div class=\"card-event__location\"><\/div>\n        <\/div>\n    <\/div>\n<\/div>                                    <\/div>\n                                                                    <div class=\"events-slider-block__sliderItem swiper-slide\">\n                                    \n<div class=\"card-event  card-event--size-small\">\n        <a href=\"https:\/\/www.ebilet.pl\/muzyka\/rock\/michael-schenker-group\" target=\"_blank\" class=\"card-event__link\" rel=\"nofollow noopener\"><\/a>\n        <div class=\"card-event__wrapper\">\n        <div class=\"card-event__image\">\n            <img decoding=\"async\" src=\"https:\/\/www.ebilet.pl\/media\/cms\/media\/fgqlazwg\/michael-schenker-group-ebilet-strona-wydarzenia-pion-wspo-lne-81be7980-19a0-412d-bc1a-fa4e51bc2d46.webp\" alt=\"\">\n        <\/div>\n        <div class=\"card-event__data\">\n            <div class=\"card-event__name\">\n                <p>Michael Schenker<\/p>\n            <\/div>\n            <div class=\"card-event__date\">23.03.2027-23.03.2027<\/div>\n            <div class=\"card-event__location\">Krak\u00f3w, Pozna\u0144<\/div>\n        <\/div>\n    <\/div>\n<\/div>                                    <\/div>\n                                                                    <div class=\"events-slider-block__sliderItem swiper-slide\">\n                                    \n<div class=\"card-event  card-event--size-small\">\n        <a href=\"https:\/\/www.ebilet.pl\/muzyka\/pop\/varius-manx-kasia-stankiewicz\" target=\"_blank\" class=\"card-event__link\" rel=\"nofollow noopener\"><\/a>\n        <div class=\"card-event__wrapper\">\n        <div class=\"card-event__image\">\n            <img decoding=\"async\" src=\"https:\/\/www.ebilet.pl\/media\/cms\/media\/njbkliaj\/ebilet-552x736-varius-9b90b59c-ec5c-476c-a4fc-49575953d8d9.webp\" alt=\"\">\n        <\/div>\n        <div class=\"card-event__data\">\n            <div class=\"card-event__name\">\n                <p>SUPER EGO TOUR Varius Manx &#038; Kasia Stankiewicz<\/p>\n            <\/div>\n            <div class=\"card-event__date\">07.03.2027-07.03.2027<\/div>\n            <div class=\"card-event__location\">Bielsko-Bia\u0142a, Jasionka<\/div>\n        <\/div>\n    <\/div>\n<\/div>                                    <\/div>\n                                                                    <div class=\"events-slider-block__sliderItem swiper-slide\">\n                                    \n<div class=\"card-event  card-event--size-small\">\n        <a href=\"https:\/\/www.ebilet.pl\/muzyka\/pop\/erykah-badu\" target=\"_blank\" class=\"card-event__link\" rel=\"nofollow noopener\"><\/a>\n        <div class=\"card-event__wrapper\">\n        <div class=\"card-event__image\">\n            <img decoding=\"async\" src=\"https:\/\/www.ebilet.pl\/media\/cms\/media\/veqnjqea\/badu-600x850-copy-c5e961a0-d819-4800-89af-2f9968352870.webp\" alt=\"\">\n        <\/div>\n        <div class=\"card-event__data\">\n            <div class=\"card-event__name\">\n                <p>Erykah Badu &#8211; IMEHO<\/p>\n            <\/div>\n            <div class=\"card-event__date\">25.10.2026-25.10.2026<\/div>\n            <div class=\"card-event__location\">Katowice<\/div>\n        <\/div>\n    <\/div>\n<\/div>                                    <\/div>\n                                                                    <div class=\"events-slider-block__sliderItem swiper-slide\">\n                                    \n<div class=\"card-event  card-event--size-small\">\n        <a href=\"https:\/\/www.ebilet.pl\/klasyka\/koncert\/koncert-swiateczny-w-blasku-swiec\" target=\"_blank\" class=\"card-event__link\" rel=\"nofollow noopener\"><\/a>\n        <div class=\"card-event__wrapper\">\n        <div class=\"card-event__image\">\n            <img decoding=\"async\" src=\"https:\/\/www.ebilet.pl\/media\/cms\/media\/034dlcyu\/plakat-koncertu-_wi_tecznego-06122026-0812003f-a700-42a4-8e50-715dce5c12a3.webp\" alt=\"\">\n        <\/div>\n        <div class=\"card-event__data\">\n            <div class=\"card-event__name\">\n                <p>Koncert \u015awi\u0105teczny w Blasku \u015awiec<\/p>\n            <\/div>\n            <div class=\"card-event__date\">06.12.2026-06.12.2026<\/div>\n            <div class=\"card-event__location\">\u0141\u00f3d\u017a<\/div>\n        <\/div>\n    <\/div>\n<\/div>                                    <\/div>\n                                                                    <div class=\"events-slider-block__sliderItem swiper-slide\">\n                                    \n<div class=\"card-event  card-event--size-small\">\n        <a href=\"https:\/\/www.ebilet.pl\/muzyka\/pop\/zimmer90\" target=\"_blank\" class=\"card-event__link\" rel=\"nofollow noopener\"><\/a>\n        <div class=\"card-event__wrapper\">\n        <div class=\"card-event__image\">\n            <img decoding=\"async\" src=\"https:\/\/www.ebilet.pl\/media\/cms\/media\/vbdgxs1d\/z90_552x736-9b9706c7-ee0a-4875-8249-c668de262eb9.webp\" alt=\"\">\n        <\/div>\n        <div class=\"card-event__data\">\n            <div class=\"card-event__name\">\n                <p>Zimmer90<\/p>\n            <\/div>\n            <div class=\"card-event__date\">05.11.2026-05.11.2026<\/div>\n            <div class=\"card-event__location\">Warszawa<\/div>\n        <\/div>\n    <\/div>\n<\/div>                                    <\/div>\n                                                                    <div class=\"events-slider-block__sliderItem swiper-slide\">\n                                    \n<div class=\"card-event  card-event--size-small\">\n        <a href=\"https:\/\/www.ebilet.pl\/muzyka\/hard-heavy\/fck-im-hard\" target=\"_blank\" class=\"card-event__link\" rel=\"nofollow noopener\"><\/a>\n        <div class=\"card-event__wrapper\">\n        <div class=\"card-event__image\">\n            <img decoding=\"async\" src=\"https:\/\/www.ebilet.pl\/media\/cms\/media\/pi1f2mrb\/2.webp\" alt=\"\">\n        <\/div>\n        <div class=\"card-event__data\">\n            <div class=\"card-event__name\">\n                <p>Fck Im Hard Vol. 2<\/p>\n            <\/div>\n            <div class=\"card-event__date\">10.10.2026-10.10.2026<\/div>\n            <div class=\"card-event__location\">Wroc\u0142aw<\/div>\n        <\/div>\n    <\/div>\n<\/div>                                    <\/div>\n                                                                    <div class=\"events-slider-block__sliderItem swiper-slide\">\n                                    \n<div class=\"card-event  card-event--size-small\">\n        <a href=\"https:\/\/www.ebilet.pl\/sport\/sporty-druzynowe\/koszykowka-mecz\" target=\"_blank\" class=\"card-event__link\" rel=\"nofollow noopener\"><\/a>\n        <div class=\"card-event__wrapper\">\n        <div class=\"card-event__image\">\n            <img decoding=\"async\" src=\"https:\/\/www.ebilet.pl\/media\/cms\/media\/hoxono4g\/podstawowe_portal-98225706-f40f-4253-9b63-9f6c375fb13f.webp\" alt=\"\">\n        <\/div>\n        <div class=\"card-event__data\">\n            <div class=\"card-event__name\">\n                <p>Kwalifikacje do Mistrzostw \u015awiata w koszyk\u00f3wce m\u0119\u017cczyzn 2027: Polska \u2013 Chorwacja<\/p>\n            <\/div>\n            <div class=\"card-event__date\">27.11.2026-27.11.2026<\/div>\n            <div class=\"card-event__location\">Gliwice<\/div>\n        <\/div>\n    <\/div>\n<\/div>                                    <\/div>\n                                                                    <div class=\"events-slider-block__sliderItem swiper-slide\">\n                                    \n<div class=\"card-event  card-event--size-small\">\n        <a href=\"https:\/\/www.ebilet.pl\/muzyka\/jazz-blues\/ewa-uryga\" target=\"_blank\" class=\"card-event__link\" rel=\"nofollow noopener\"><\/a>\n        <div class=\"card-event__wrapper\">\n        <div class=\"card-event__image\">\n            <img decoding=\"async\" src=\"https:\/\/www.ebilet.pl\/media\/cms\/media\/jrqhfp3w\/6-cf7043bf-c432-408e-a803-6d09d9c082aa.webp\" alt=\"\">\n        <\/div>\n        <div class=\"card-event__data\">\n            <div class=\"card-event__name\">\n                <p>Ewa Uryga i Bogus\u0142aw Kaczmar &#8211; W pozytywnym nastroju<\/p>\n            <\/div>\n            <div class=\"card-event__date\">18.09.2026-18.09.2026<\/div>\n            <div class=\"card-event__location\">Katowice<\/div>\n        <\/div>\n    <\/div>\n<\/div>                                    <\/div>\n                                                                    <div class=\"events-slider-block__sliderItem swiper-slide\">\n                                    \n<div class=\"card-event  card-event--size-small\">\n        <a href=\"https:\/\/www.ebilet.pl\/muzyka\/piosenka\/koncert-jubileuszowy-radia-wroclaw\" target=\"_blank\" class=\"card-event__link\" rel=\"nofollow noopener\"><\/a>\n        <div class=\"card-event__wrapper\">\n        <div class=\"card-event__image\">\n            <img decoding=\"async\" src=\"https:\/\/www.ebilet.pl\/media\/cms\/media\/r3incrzy\/prw80lat-552x736-u-a2a0a3ea-ff6b-48e9-9ba9-b9fcacc359f3.webp\" alt=\"\">\n        <\/div>\n        <div class=\"card-event__data\">\n            <div class=\"card-event__name\">\n                <p>Koncert Jubileuszowy Radia Wroc\u0142aw<\/p>\n            <\/div>\n            <div class=\"card-event__date\">26.09.2026-26.09.2026<\/div>\n            <div class=\"card-event__location\">Wroc\u0142aw<\/div>\n        <\/div>\n    <\/div>\n<\/div>                                    <\/div>\n                                                                    <div class=\"events-slider-block__sliderItem swiper-slide\">\n                                    \n<div class=\"card-event  card-event--size-small\">\n        <a href=\"https:\/\/www.ebilet.pl\/muzyka\/jazz-blues\/wojtek-mazolewski-solo\" target=\"_blank\" class=\"card-event__link\" rel=\"nofollow noopener\"><\/a>\n        <div class=\"card-event__wrapper\">\n        <div class=\"card-event__image\">\n            <img decoding=\"async\" src=\"https:\/\/www.ebilet.pl\/media\/cms\/media\/nnthkwkv\/mazolewski_solo_552x736-b647b239-91cc-4d90-af94-3e8d38b024de.webp\" alt=\"\">\n        <\/div>\n        <div class=\"card-event__data\">\n            <div class=\"card-event__name\">\n                <p>Wojtek Mazolewski Solo<\/p>\n            <\/div>\n            <div class=\"card-event__date\">19.11.2026-19.11.2026<\/div>\n            <div class=\"card-event__location\">Katowice<\/div>\n        <\/div>\n    <\/div>\n<\/div>                                    <\/div>\n                                                                    <div class=\"events-slider-block__sliderItem swiper-slide\">\n                                    \n<div class=\"card-event  card-event--size-small\">\n        <a href=\"https:\/\/www.ebilet.pl\/muzyka\/rock\/oh-hiroshima\" target=\"_blank\" class=\"card-event__link\" rel=\"nofollow noopener\"><\/a>\n        <div class=\"card-event__wrapper\">\n        <div class=\"card-event__image\">\n            <img decoding=\"async\" src=\"https:\/\/www.ebilet.pl\/media\/cms\/media\/e1dhthue\/e-bilet-portal-2-ad3831be-2dea-4844-bda8-a5897ce14712.webp\" alt=\"\">\n        <\/div>\n        <div class=\"card-event__data\">\n            <div class=\"card-event__name\">\n                <p>Oh Hiroshima + Beyond the Event Horizon<\/p>\n            <\/div>\n            <div class=\"card-event__date\">15.10.2026-15.10.2026<\/div>\n            <div class=\"card-event__location\">Chorz\u00f3w, Pozna\u0144, Warszawa<\/div>\n        <\/div>\n    <\/div>\n<\/div>                                    <\/div>\n                                                                    <div class=\"events-slider-block__sliderItem swiper-slide\">\n                                    \n<div class=\"card-event  card-event--size-small\">\n        <a href=\"https:\/\/www.ebilet.pl\/muzyka\/rock\/the-best-of-u2\" target=\"_blank\" class=\"card-event__link\" rel=\"nofollow noopener\"><\/a>\n        <div class=\"card-event__wrapper\">\n        <div class=\"card-event__image\">\n            <img decoding=\"async\" src=\"https:\/\/www.ebilet.pl\/media\/cms\/media\/xalimcyc\/600x850-7-a46cd95b-63ad-4b88-b3e2-936a14864145.webp\" alt=\"\">\n        <\/div>\n        <div class=\"card-event__data\">\n            <div class=\"card-event__name\">\n                <p>With Or Without You &#8211; The best of U2<\/p>\n            <\/div>\n            <div class=\"card-event__date\">17.10.2026-17.10.2026<\/div>\n            <div class=\"card-event__location\">Wroc\u0142aw<\/div>\n        <\/div>\n    <\/div>\n<\/div>                                    <\/div>\n                                                                    <div class=\"events-slider-block__sliderItem swiper-slide\">\n                                    \n<div class=\"card-event  card-event--size-small\">\n        <a href=\"https:\/\/www.ebilet.pl\/sport\/sporty-druzynowe\/zepter-kpr-legionowo\" target=\"_blank\" class=\"card-event__link\" rel=\"nofollow noopener\"><\/a>\n        <div class=\"card-event__wrapper\">\n        <div class=\"card-event__image\">\n            <img decoding=\"async\" src=\"https:\/\/www.ebilet.pl\/media\/cms\/media\/wibc3c4p\/copy_ad32d682-2fdf-495b-82fd-767.webp\" alt=\"\">\n        <\/div>\n        <div class=\"card-event__data\">\n            <div class=\"card-event__name\">\n                <p>Inauguracja Sezonu 2026\/2027 | Zepter KPR Legionowo \u2013 Corotop Gwardia Opole<\/p>\n            <\/div>\n            <div class=\"card-event__date\">13.09.2026-13.09.2026<\/div>\n            <div class=\"card-event__location\">Legionowo<\/div>\n        <\/div>\n    <\/div>\n<\/div>                                    <\/div>\n                                                                <\/div>\n                            <\/div>\n                        <\/div>\n                        <div class=\"events-slider-block__events swiper\" data-events-events-descriptions>\n                            <div class=\"events-slider-block__eventsWrapper swiper-wrapper\">\n                                                            <div class=\"events-slider-block__eventsItem swiper-slide\">\n                                    <a href=\"https:\/\/www.ebilet.pl\/muzyka\/festiwale\/orange-warsaw-festival\" target=\"_blank\" class=\"events-slider-block__eventsName\">\n                                        <p>Orange Warsaw Festival 2027<\/p>\n                                    <\/a>\n                                    <div class=\"events-slider-block__eventsDate\">\n                                                                            <\/div>\n                                    <div class=\"events-slider-block__eventsLocation\"><\/div>\n                                <\/div>\n                                                            <div class=\"events-slider-block__eventsItem swiper-slide\">\n                                    <a href=\"https:\/\/www.ebilet.pl\/teatr\/musicale\/wielki-gatsby\" target=\"_blank\" class=\"events-slider-block__eventsName\">\n                                        <p>Wielki Gatsby<\/p>\n                                    <\/a>\n                                    <div class=\"events-slider-block__eventsDate\">\n                                                                            <\/div>\n                                    <div class=\"events-slider-block__eventsLocation\"><\/div>\n                                <\/div>\n                                                            <div class=\"events-slider-block__eventsItem swiper-slide\">\n                                    <a href=\"https:\/\/www.ebilet.pl\/muzyka\/rock\/michael-schenker-group\" target=\"_blank\" class=\"events-slider-block__eventsName\">\n                                        <p>Michael Schenker<\/p>\n                                    <\/a>\n                                    <div class=\"events-slider-block__eventsDate\">\n                                        23.03.2027-24.03.2027                                    <\/div>\n                                    <div class=\"events-slider-block__eventsLocation\">Krak\u00f3w, Pozna\u0144<\/div>\n                                <\/div>\n                                                            <div class=\"events-slider-block__eventsItem swiper-slide\">\n                                    <a href=\"https:\/\/www.ebilet.pl\/muzyka\/pop\/varius-manx-kasia-stankiewicz\" target=\"_blank\" class=\"events-slider-block__eventsName\">\n                                        <p>SUPER EGO TOUR Varius Manx &amp; Kasia Stankiewicz<\/p>\n                                    <\/a>\n                                    <div class=\"events-slider-block__eventsDate\">\n                                        07.03.2027-08.03.2027                                    <\/div>\n                                    <div class=\"events-slider-block__eventsLocation\">Bielsko-Bia\u0142a, Jasionka<\/div>\n                                <\/div>\n                                                            <div class=\"events-slider-block__eventsItem swiper-slide\">\n                                    <a href=\"https:\/\/www.ebilet.pl\/muzyka\/pop\/erykah-badu\" target=\"_blank\" class=\"events-slider-block__eventsName\">\n                                        <p>Erykah Badu &#8211; IMEHO<\/p>\n                                    <\/a>\n                                    <div class=\"events-slider-block__eventsDate\">\n                                        25.10.2026-25.10.2026                                    <\/div>\n                                    <div class=\"events-slider-block__eventsLocation\">Katowice<\/div>\n                                <\/div>\n                                                            <div class=\"events-slider-block__eventsItem swiper-slide\">\n                                    <a href=\"https:\/\/www.ebilet.pl\/klasyka\/koncert\/koncert-swiateczny-w-blasku-swiec\" target=\"_blank\" class=\"events-slider-block__eventsName\">\n                                        <p>Koncert \u015awi\u0105teczny w Blasku \u015awiec<\/p>\n                                    <\/a>\n                                    <div class=\"events-slider-block__eventsDate\">\n                                        06.12.2026-06.12.2026                                    <\/div>\n                                    <div class=\"events-slider-block__eventsLocation\">\u0141\u00f3d\u017a<\/div>\n                                <\/div>\n                                                            <div class=\"events-slider-block__eventsItem swiper-slide\">\n                                    <a href=\"https:\/\/www.ebilet.pl\/muzyka\/pop\/zimmer90\" target=\"_blank\" class=\"events-slider-block__eventsName\">\n                                        <p>Zimmer90<\/p>\n                                    <\/a>\n                                    <div class=\"events-slider-block__eventsDate\">\n                                        05.11.2026-05.11.2026                                    <\/div>\n                                    <div class=\"events-slider-block__eventsLocation\">Warszawa<\/div>\n                                <\/div>\n                                                            <div class=\"events-slider-block__eventsItem swiper-slide\">\n                                    <a href=\"https:\/\/www.ebilet.pl\/muzyka\/hard-heavy\/fck-im-hard\" target=\"_blank\" class=\"events-slider-block__eventsName\">\n                                        <p>Fck Im Hard Vol. 2<\/p>\n                                    <\/a>\n                                    <div class=\"events-slider-block__eventsDate\">\n                                        10.10.2026-10.10.2026                                    <\/div>\n                                    <div class=\"events-slider-block__eventsLocation\">Wroc\u0142aw<\/div>\n                                <\/div>\n                                                            <div class=\"events-slider-block__eventsItem swiper-slide\">\n                                    <a href=\"https:\/\/www.ebilet.pl\/sport\/sporty-druzynowe\/koszykowka-mecz\" target=\"_blank\" class=\"events-slider-block__eventsName\">\n                                        <p>Kwalifikacje do Mistrzostw \u015awiata w koszyk\u00f3wce m\u0119\u017cczyzn 2027: Polska \u2013 Chorwacja<\/p>\n                                    <\/a>\n                                    <div class=\"events-slider-block__eventsDate\">\n                                        27.11.2026-27.11.2026                                    <\/div>\n                                    <div class=\"events-slider-block__eventsLocation\">Gliwice<\/div>\n                                <\/div>\n                                                            <div class=\"events-slider-block__eventsItem swiper-slide\">\n                                    <a href=\"https:\/\/www.ebilet.pl\/muzyka\/jazz-blues\/ewa-uryga\" target=\"_blank\" class=\"events-slider-block__eventsName\">\n                                        <p>Ewa Uryga i Bogus\u0142aw Kaczmar &#8211; W pozytywnym nastroju<\/p>\n                                    <\/a>\n                                    <div class=\"events-slider-block__eventsDate\">\n                                        18.09.2026-18.09.2026                                    <\/div>\n                                    <div class=\"events-slider-block__eventsLocation\">Katowice<\/div>\n                                <\/div>\n                                                            <div class=\"events-slider-block__eventsItem swiper-slide\">\n                                    <a href=\"https:\/\/www.ebilet.pl\/muzyka\/piosenka\/koncert-jubileuszowy-radia-wroclaw\" target=\"_blank\" class=\"events-slider-block__eventsName\">\n                                        <p>Koncert Jubileuszowy Radia Wroc\u0142aw<\/p>\n                                    <\/a>\n                                    <div class=\"events-slider-block__eventsDate\">\n                                        26.09.2026-26.09.2026                                    <\/div>\n                                    <div class=\"events-slider-block__eventsLocation\">Wroc\u0142aw<\/div>\n                                <\/div>\n                                                            <div class=\"events-slider-block__eventsItem swiper-slide\">\n                                    <a href=\"https:\/\/www.ebilet.pl\/muzyka\/jazz-blues\/wojtek-mazolewski-solo\" target=\"_blank\" class=\"events-slider-block__eventsName\">\n                                        <p>Wojtek Mazolewski Solo<\/p>\n                                    <\/a>\n                                    <div class=\"events-slider-block__eventsDate\">\n                                        19.11.2026-19.11.2026                                    <\/div>\n                                    <div class=\"events-slider-block__eventsLocation\">Katowice<\/div>\n                                <\/div>\n                                                            <div class=\"events-slider-block__eventsItem swiper-slide\">\n                                    <a href=\"https:\/\/www.ebilet.pl\/muzyka\/rock\/oh-hiroshima\" target=\"_blank\" class=\"events-slider-block__eventsName\">\n                                        <p>Oh Hiroshima + Beyond the Event Horizon<\/p>\n                                    <\/a>\n                                    <div class=\"events-slider-block__eventsDate\">\n                                        15.10.2026-17.10.2026                                    <\/div>\n                                    <div class=\"events-slider-block__eventsLocation\">Chorz\u00f3w, Pozna\u0144, Warszawa<\/div>\n                                <\/div>\n                                                            <div class=\"events-slider-block__eventsItem swiper-slide\">\n                                    <a href=\"https:\/\/www.ebilet.pl\/muzyka\/rock\/the-best-of-u2\" target=\"_blank\" class=\"events-slider-block__eventsName\">\n                                        <p>With Or Without You &#8211; The best of U2<\/p>\n                                    <\/a>\n                                    <div class=\"events-slider-block__eventsDate\">\n                                        17.10.2026-17.10.2026                                    <\/div>\n                                    <div class=\"events-slider-block__eventsLocation\">Wroc\u0142aw<\/div>\n                                <\/div>\n                                                            <div class=\"events-slider-block__eventsItem swiper-slide\">\n                                    <a href=\"https:\/\/www.ebilet.pl\/sport\/sporty-druzynowe\/zepter-kpr-legionowo\" target=\"_blank\" class=\"events-slider-block__eventsName\">\n                                        <p>Inauguracja Sezonu 2026\/2027 | Zepter KPR Legionowo \u2013 Corotop Gwardia Opole<\/p>\n                                    <\/a>\n                                    <div class=\"events-slider-block__eventsDate\">\n                                        13.09.2026-13.09.2026                                    <\/div>\n                                    <div class=\"events-slider-block__eventsLocation\">Legionowo<\/div>\n                                <\/div>\n                                                        <\/div>\n                        <\/div>\n                        <div class=\"events-slider-block__pagination\">\n                            <div class=\"swiper-pagination slider-pagination slider-pagination--theme-white\" data-events-slider-pagination><\/div>\n                        <\/div>\n                    <\/div>\n                                        <div class=\"events-slider-block__bottom\">\n                                                                                <div class=\"events-slider-block__link desktop\">\n                                    <a\n                                        class=\"button button--size-small button--theme-primary-yellow button--withIconLeft\"\n                                        href=\"https:\/\/www.ebilet.pl\/\">\n                                                                                    <div class=\"button__icon\"><img loading=\"lazy\" decoding=\"async\" width=\"30\" height=\"30\" src=\"https:\/\/www.ebilet.pl\/now\/app\/uploads\/2024\/01\/ticket-cinema-entertainment-coupon-discount-sale_30px.png\" class=\"attachment-full size-full\" alt=\"\" \/><\/div>\n                                                                                <p class=\"button__text typo-18\">Kup na eBilet.pl<\/p>\n                                    <\/a>\n                                <\/div>\n                                                                                <div class=\"events-slider-block__link mobile\">\n                                    <a\n                                        class=\"button button--size-small button--theme-primary-yellow button--withIconLeft\"\n                                        href=\"https:\/\/www.ebilet.pl\/\">\n                                                                                    <div class=\"button__icon\"><img loading=\"lazy\" decoding=\"async\" width=\"30\" height=\"30\" src=\"https:\/\/www.ebilet.pl\/now\/app\/uploads\/2024\/01\/ticket-cinema-entertainment-coupon-discount-sale_30px.png\" class=\"attachment-full size-full\" alt=\"\" \/><\/div>\n                                                                                <p class=\"button__text typo-18\">Kup na eBilet.pl<\/p>\n                                    <\/a>\n                                <\/div>\n                                            <\/div>\n                <\/div>\n            <\/div>\n        <\/div>\n    <\/div>\n<\/section>","protected":false},"excerpt":{"rendered":"<p>Kolory otaczaj\u0105 nas na ka\u017cdym kroku. S\u0105 dos\u0142ownie wsz\u0119dzie \u2013 na ubraniach, we wn\u0119trzach, kosmetykach, a nawet przedmiotach codziennego u\u017cytku. Ale czy kiedykolwiek zastanawia\u0142e\u015b si\u0119, sk\u0105d bierze si\u0119 trend na konkretny odcie\u0144? Tutaj z pomoc\u0105 przychodzi Pantone. Od roku 2000 og\u0142asza Kolor Roku \u2013 jeden odcie\u0144, kt\u00f3ry ma przede wszystkim odzwierciedla\u0107 ducha czasu. To kolor, kt\u00f3ry w nadchodz\u0105cym roku zobaczymy dooko\u0142a nas. Ale czym tak naprawd\u0119 jest Kolor Roku i dlaczego jego wyb\u00f3r ma znaczenie globalne? W tym artykule przyjrzymy si\u0119 historii \u201cPantone Color of the Year\u201d, zasadom jego wyboru, wp\u0142ywowi na bran\u017ce kreatywne i nasze codzienne \u017cycie, a tak\u017ce temu, dlaczego kolor to j\u0119zyk emocji i nastroj\u00f3w, kt\u00f3ry rozumie ka\u017cdy z nas.<\/p>\n","protected":false},"author":14,"featured_media":74523,"comment_status":"open","ping_status":"open","sticky":false,"template":"page-templates\/article-default.php","format":"standard","meta":{"_acf_changed":false,"footnotes":""},"article_tag":[88,125,47],"article_type":[5],"class_list":["post-74522","post","type-post","status-publish","format-standard","has-post-thumbnail","hentry","article_tag-ciekawostki","article_tag-rozrywka","article_tag-sztuka","article_type-lifestyle"],"acf":[],"_links":{"self":[{"href":"https:\/\/www.ebilet.pl\/now\/wp-json\/wp\/v2\/posts\/74522","targetHints":{"allow":["GET"]}}],"collection":[{"href":"https:\/\/www.ebilet.pl\/now\/wp-json\/wp\/v2\/posts"}],"about":[{"href":"https:\/\/www.ebilet.pl\/now\/wp-json\/wp\/v2\/types\/post"}],"author":[{"embeddable":true,"href":"https:\/\/www.ebilet.pl\/now\/wp-json\/wp\/v2\/users\/14"}],"replies":[{"embeddable":true,"href":"https:\/\/www.ebilet.pl\/now\/wp-json\/wp\/v2\/comments?post=74522"}],"version-history":[{"count":1,"href":"https:\/\/www.ebilet.pl\/now\/wp-json\/wp\/v2\/posts\/74522\/revisions"}],"predecessor-version":[{"id":74525,"href":"https:\/\/www.ebilet.pl\/now\/wp-json\/wp\/v2\/posts\/74522\/revisions\/74525"}],"wp:featuredmedia":[{"embeddable":true,"href":"https:\/\/www.ebilet.pl\/now\/wp-json\/wp\/v2\/media\/74523"}],"wp:attachment":[{"href":"https:\/\/www.ebilet.pl\/now\/wp-json\/wp\/v2\/media?parent=74522"}],"wp:term":[{"taxonomy":"article_tag","embeddable":true,"href":"https:\/\/www.ebilet.pl\/now\/wp-json\/wp\/v2\/article_tag?post=74522"},{"taxonomy":"article_type","embeddable":true,"href":"https:\/\/www.ebilet.pl\/now\/wp-json\/wp\/v2\/article_type?post=74522"}],"curies":[{"name":"wp","href":"https:\/\/api.w.org\/{rel}","templated":true}]}}