{"id":74494,"date":"2025-12-02T17:38:03","date_gmt":"2025-12-02T16:38:03","guid":{"rendered":"https:\/\/www.ebilet.pl\/now\/?p=74494"},"modified":"2025-12-11T17:45:20","modified_gmt":"2025-12-11T16:45:20","slug":"marsze-rownosci-w-polsce-wydarzenie-spoleczne-kulturowe-czy-polityczne","status":"publish","type":"post","link":"https:\/\/www.ebilet.pl\/now\/marsze-rownosci-w-polsce-wydarzenie-spoleczne-kulturowe-czy-polityczne\/","title":{"rendered":"Marsze R\u00f3wno\u015bci w Polsce \u2013 wydarzenie spo\u0142eczne, kulturowe czy polityczne?\u00a0"},"content":{"rendered":"\n<section class=\"text-block  section-margin-32\" >\n    <div class=\"container\">\n        <div class=\"row\">\n            <div class=\"col-24\">\n                <div class=\"text-block__content\"><h2><strong>Czym s\u0105 Marsze i Parady R\u00f3wno\u015bci?\u00a0<\/strong><\/h2>\n<p><b>Marsze i Parady R\u00f3wno\u015bci to publiczne zgromadzenia, kt\u00f3rych uczestnicy manifestuj\u0105 sprzeciw wobec dyskryminacji i domagaj\u0105 si\u0119 r\u00f3wnego traktowania wszystkich ludzi \u2013 <\/b><span style=\"font-weight: 400;\">niezale\u017cnie od orientacji seksualnej, to\u017csamo\u015bci p\u0142ciowej, pochodzenia, wieku czy niepe\u0142nosprawno\u015bci. <\/span><b>W Polsce s\u0105 one organizowane od pocz\u0105tku XXI wieku<\/b><span style=\"font-weight: 400;\"> i stanowi\u0105 jedn\u0105 z najwa\u017cniejszych form wyra\u017cania solidarno\u015bci z osobami nale\u017c\u0105cymi do spo\u0142eczno\u015bci LGBTQ+, a tak\u017ce z innymi grupami mniejszo\u015bciowymi.<\/span><\/p>\n<p><b>Wzorem dla polskich wydarze\u0144 s\u0105 Pride Parades, kt\u00f3re od lat 70. XX wieku odbywaj\u0105 si\u0119 w Stanach Zjednoczonych i Europie Zachodniej.<\/b><span style=\"font-weight: 400;\"> Ich pocz\u0105tkiem by\u0142y zamieszki w nowojorskim Stonewall Inn w 1969 roku \u2013 symboliczny moment narodzin wsp\u00f3\u0142czesnego ruchu LGBTQ+. W kolejnych dekadach <\/span><i><span style=\"font-weight: 400;\">Marsze Dumy<\/span><\/i><span style=\"font-weight: 400;\"> sta\u0142y si\u0119 nie tylko form\u0105 protestu, lecz tak\u017ce kolorowym \u015bwi\u0119tem r\u00f3wno\u015bci, r\u00f3\u017cnorodno\u015bci i wolno\u015bci.<\/span><\/p>\n<p><b>W polskim kontek\u015bcie ruch r\u00f3wno\u015bciowy rozwija si\u0119 ju\u017c ponad dwie dekady, jednak wci\u0105\u017c towarzyszy mu brak realnych zmian prawnych. <\/b><span style=\"font-weight: 400;\">W Polsce nadal nie do\u015bwiadczymy przepis\u00f3w umo\u017cliwiaj\u0105cych zawieranie zwi\u0105zk\u00f3w partnerskich, dotycz\u0105cych ochrony os\u00f3b LGBTQ+ przed mow\u0105 nienawi\u015bci czy procedury uzgodnienia p\u0142ci opartej na poszanowaniu praw cz\u0142owieka. <\/span><b>Wed\u0142ug raportu ILGA Europe z 2023 roku Polska zajmuje ostatnie miejsce w Unii Europejskiej pod wzgl\u0119dem poziomu ochrony praw os\u00f3b LGBTQ+.<\/b><\/p>\n<p><span style=\"font-weight: 400;\">Mimo to ruch r\u00f3wno\u015bciowy stale ro\u015bnie w si\u0142\u0119. Od kilku warszawskich marsz\u00f3w na pocz\u0105tku XXI wieku przekszta\u0142ci\u0142 si\u0119 w og\u00f3lnopolski ruch spo\u0142eczny, obejmuj\u0105cy dzi\u015b zar\u00f3wno du\u017ce miasta, jak i mniejsze o\u015brodki.<\/span><\/p>\n<h3><span style=\"font-weight: 400;\">Jakie s\u0105 cele tych wydarze\u0144?<\/span><\/h3>\n<p><b>Marsze i Parady R\u00f3wno\u015bci maj\u0105 kilka kluczowych zada\u0144:<\/b><\/p>\n<ul>\n<li style=\"font-weight: 400;\" aria-level=\"1\"><span style=\"font-weight: 400;\">walka z dyskryminacj\u0105 w \u017cyciu publicznym, prawnym i spo\u0142ecznym,<\/span><\/li>\n<li style=\"font-weight: 400;\" aria-level=\"1\"><span style=\"font-weight: 400;\">zwi\u0119kszanie widoczno\u015bci os\u00f3b LGBTQ+ i innych grup mniejszo\u015bciowych,<\/span><\/li>\n<li style=\"font-weight: 400;\" aria-level=\"1\"><span style=\"font-weight: 400;\">promowanie r\u00f3wno\u015bci wobec prawa, niezale\u017cnie od orientacji czy to\u017csamo\u015bci,<\/span><\/li>\n<li style=\"font-weight: 400;\" aria-level=\"1\"><span style=\"font-weight: 400;\">celebracja wolno\u015bci do bycia sob\u0105 i \u017cycia w zgodzie z w\u0142asn\u0105 to\u017csamo\u015bci\u0105.<\/span><\/li>\n<\/ul>\n<p><span style=\"font-weight: 400;\">\u0141\u0105cz\u0105c w sobie protest spo\u0142eczny i kolorowe \u015bwi\u0119towanie, parady r\u00f3wno\u015bci sta\u0142y si\u0119 dzi\u015b jednym z najbardziej rozpoznawalnych i dynamicznych przejaw\u00f3w wsp\u00f3\u0142czesnego aktywizmu spo\u0142ecznego w Polsce.<\/span><\/p>\n<h2><strong>Jak to wszystko si\u0119 zacz\u0119\u0142o? Pocz\u0105tki aktywizmu LGBTQ+ w Polsce<\/strong><\/h2>\n<p><span style=\"font-weight: 400;\">Mo\u017cesz si\u0119 zdziwi\u0107, ale aktywi\u015bci LGBTQ+ nie pojawili si\u0119 \u201cwczoraj\u201d. <\/span><b>Dzia\u0142aj\u0105 od lat 80. ubieg\u0142ego wieku! <\/b><span style=\"font-weight: 400;\">By\u0142 to czas, gdy o orientacji seksualnej czy to\u017csamo\u015bci p\u0142ciowej m\u00f3wi\u0142o si\u0119 szeptem, a temat by\u0142 otoczony tabu zar\u00f3wno w przestrzeni publicznej, jak i prywatnej. W realiach PRL-u homoseksualno\u015b\u0107 by\u0142a przemilczana, a po 1989 roku \u2013 mimo odzyskanej wolno\u015bci s\u0142owa \u2013 nadal pozostawa\u0142a tematem wstydliwym i spo\u0142ecznie nieakceptowanym.<\/span><\/p>\n<p><b>Teoretycznie homoseksualizm nie by\u0142 zakazany prawnie, ale rzeczywisto\u015b\u0107 wygl\u0105da\u0142a zupe\u0142nie inaczej\u2026 <\/b><span style=\"font-weight: 400;\">Jednym z kluczowych wydarze\u0144 tamtego okresu by\u0142a<\/span><b> akcja \u201cHiacynt\u201d <\/b><span style=\"font-weight: 400;\">(1985\u20131987), podczas kt\u00f3rej milicja prowadzi\u0142a masowe dzia\u0142ania inwigilacyjne wobec os\u00f3b homoseksualnych. Zatrzymywano i przes\u0142uchiwano setki os\u00f3b, tworzono tzw. \u201cr\u00f3\u017cowe teczki\u201d zawieraj\u0105ce dane o ich \u017cyciu prywatnym. Dla wielu os\u00f3b by\u0142 to moment prze\u0142omowy, kt\u00f3ry stanowi\u0142 impuls do samoorganizacji i u\u015bwiadomienia sobie potrzeby wsp\u00f3lnego dzia\u0142ania w obronie w\u0142asnych praw.<\/span><\/p>\n<p><b>W 1993 roku na Placu Zamkowym w Warszawie odby\u0142a si\u0119 pierwsza publiczna manifestacja os\u00f3b LGBTQ+<\/b><span style=\"font-weight: 400;\"> \u2013 niewielka, ale niezwykle symboliczna. <\/span><b>Dwa lata p\u00f3\u017aniej, w 1995 roku, zorganizowano pierwszy Dzie\u0144 Dumy Gejowskiej <\/b><span style=\"font-weight: 400;\">\u2013 wydarzenie o charakterze kulturalnym z koncertami i wyst\u0119pami, cho\u0107 bez zgody w\u0142adz na przemarsz uliczny.\u00a0<\/span><\/p>\n<p><span style=\"font-weight: 400;\">W 1997 roku powo\u0142ano Stowarzyszenie Lambda Warszawa, kt\u00f3re do dzi\u015b jest jedn\u0105 z najstarszych i najbardziej rozpoznawalnych organizacji LGBTQ+ w Polsce.\u00a0<\/span><\/p>\n<p><span style=\"font-weight: 400;\">To w\u0142a\u015bnie te inicjatywy stworzy\u0142y fundamenty wsp\u00f3\u0142czesnego ruchu r\u00f3wno\u015bciowego w Polsce. Wszystko zacz\u0119\u0142o si\u0119 od odwagi kilku os\u00f3b, kt\u00f3re postanowi\u0142y g\u0142o\u015bno powiedzie\u0107: <\/span><i><span style=\"font-weight: 400;\">istniejemy i zas\u0142ugujemy na szacunek.<\/span><\/i><\/p>\n<h3><span style=\"font-weight: 400;\">Pierwsza Parada R\u00f3wno\u015bci w Polsce<\/span><\/h3>\n<p><span style=\"font-weight: 400;\">Kiedy odby\u0142a si\u0119 pierwsza Parada R\u00f3wno\u015bci w Polsce? <\/span><b>W 2001 roku<\/b><span style=\"font-weight: 400;\"> z inicjatywy \u00f3wczesnego prezesa Mi\u0119dzynarodowego Stowarzyszenia Gej\u00f3w i Lesbijek na Rzecz Kultury w Polsce (ILGCN-Polska) \u2013 Szymona Niemca. W ca\u0142ym przedsi\u0119wzi\u0119ciu pomagali mu m.in.: Robert Ciepiela, Agata Gorz\u0105dek, Mi\u0142osz Rodziewicz i Krzysztof Szymborski.<\/span><\/p>\n<p><b>Sk\u0105d pomys\u0142 na sam\u0105 parad\u0119 i jej nazw\u0119? <\/b><span style=\"font-weight: 400;\">Zrodzi\u0142 si\u0119 po obejrzeniu reporta\u017cu z Gay Pride w Sydney. Pokaz tego filmu odby\u0142 si\u0119 w jednym z nieistniej\u0105cych ju\u017c warszawskich klub\u00f3w gejowskich. Nazwa Parada R\u00f3wno\u015bci, w odr\u00f3\u017cnieniu od podobnych wydarze\u0144 w innych krajach, mia\u0142a podkre\u015bla\u0107 ide\u0119 wolno\u015bci, r\u00f3wno\u015bci i tolerancji wobec wszystkich grup mniejszo\u015bciowych i marginalizowanych.<\/span><\/p>\n<p><span style=\"font-weight: 400;\">To wtedy warszawska ulica po raz pierwszy sta\u0142a si\u0119 miejscem widocznej i pokojowej obecno\u015bci spo\u0142eczno\u015bci LGBTQ+ w Polsce. Cho\u0107 uczestnik\u00f3w by\u0142o stosunkowo niewielu, dzi\u0119ki nim dzi\u015b te wydarzenia maj\u0105 znacznie wi\u0119kszy rozmach.\u00a0<\/span><\/p>\n<\/div>\n            <\/div>\n        <\/div>\n    <\/div>\n<\/section>\n\n\n<section class=\"tickets-slider  section-margin-32\"\n    data-tickets-slider\n    data-item-list-name=\"Karuzela z buttonami\"\n    data-item-list-id=\"karuzela_z_buttonami\"\n    >\n    <div class=\"container\">\n        <div class=\"row\">\n            <div class=\"col-24\">\n                <div class=\"tickets-slider__main\">\n                    <div class=\"tickets-slider__nav tickets-slider__nav--prev\">\n                        <div class=\"button button--withIcon button--theme-white-blur button--size-fixed-48\" data-tickets-slider-prev>\n                            <span class=\"button__icon icon icon-chevron-left\"><\/span>\n                        <\/div>\n                    <\/div>\n                    <div class=\"tickets-slider__nav tickets-slider__nav--next\">\n                        <div class=\"button button--withIcon button--theme-white-blur button--size-fixed-48\" data-tickets-slider-next>\n                            <span class=\"button__icon icon icon-chevron-right\"><\/span>\n                        <\/div>\n                    <\/div>\n                    <div class=\"tickets-slider__slider swiper\" data-tickets-slider-slider>\n                        <div class=\"tickets-slider__sliderWrapper swiper-wrapper\">\n                                                            <div class=\"tickets-slider__sliderItem swiper-slide\"\n                                    data-id=\"92388\"\n                                    data-name=\"Fontaines D.C. EU TOUR 2026\"\n                                    data-brand=\"Alter Art\"\n                                    data-category=\"muzyka\"\n                                    data-subcategory=\"rock\"\n                                    data-city=\"\u0141\u00f3d\u017a\"\n                                    data-venue=\"Atlas Arena\">\n                                    <div class=\"tickets-slider__sliderCard\">\n                                        \n<div class=\"card-ticket\">\n        <div class=\"card-ticket__image\">\n        <a href=\"https:\/\/www.ebilet.pl\/muzyka\/rock\/fontaines-dc\">\n            <img decoding=\"async\" src=\"https:\/\/www.ebilet.pl\/media\/cms\/media\/ovge4bna\/fontaines_dc_portal_552x736.webp\" alt=\"Plakat wydarzenia\" \/>\n        <\/a>\n    <\/div>\n             \n    <div class=\"card-ticket__link\">\n        <a href=\"https:\/\/www.ebilet.pl\/muzyka\/rock\/fontaines-dc\" class=\"button button--theme-primary-yellow button--withIconLeft button--size-small\">\n            <span class=\"button__icon icon icon-ticket\"><\/span>\n            <p class=\"button__text typo-16 f-600\">Kup bilet<\/p>\n        <\/a>\n    <\/div>\n    <\/div>                                    <\/div>\n                                <\/div>\n                                                            <div class=\"tickets-slider__sliderItem swiper-slide\"\n                                    data-id=\"27087\"\n                                    data-name=\"Tokio Hotel\"\n                                    data-brand=\"Knock Out Productions\"\n                                    data-category=\"muzyka\"\n                                    data-subcategory=\"pop\"\n                                    data-city=\"Warszawa\"\n                                    data-venue=\"Letnia Scena Progresji\">\n                                    <div class=\"tickets-slider__sliderCard\">\n                                        \n<div class=\"card-ticket\">\n        <div class=\"card-ticket__image\">\n        <a href=\"https:\/\/www.ebilet.pl\/muzyka\/pop\/tokio-hotel\">\n            <img decoding=\"async\" src=\"https:\/\/www.ebilet.pl\/media\/cms\/media\/i02j3uly\/tokio-hotel-552.webp\" alt=\"Plakat wydarzenia\" \/>\n        <\/a>\n    <\/div>\n             \n    <div class=\"card-ticket__link\">\n        <a href=\"https:\/\/www.ebilet.pl\/muzyka\/pop\/tokio-hotel\" class=\"button button--theme-primary-yellow button--withIconLeft button--size-small\">\n            <span class=\"button__icon icon icon-ticket\"><\/span>\n            <p class=\"button__text typo-16 f-600\">Kup bilet<\/p>\n        <\/a>\n    <\/div>\n    <\/div>                                    <\/div>\n                                <\/div>\n                                                            <div class=\"tickets-slider__sliderItem swiper-slide\"\n                                    data-id=\"214327\"\n                                    data-name=\"Take That\"\n                                    data-brand=\"Fource Entertainment sp. z o o\"\n                                    data-category=\"muzyka\"\n                                    data-subcategory=\"pop\"\n                                    data-city=\"Warszawa\"\n                                    data-venue=\"Letnia Scena Progresji\">\n                                    <div class=\"tickets-slider__sliderCard\">\n                                        \n<div class=\"card-ticket\">\n        <div class=\"card-ticket__image\">\n        <a href=\"https:\/\/www.ebilet.pl\/muzyka\/pop\/take-that\">\n            <img decoding=\"async\" src=\"https:\/\/www.ebilet.pl\/media\/cms\/media\/eiqdozli\/ebilet-552x736-take-that.webp\" alt=\"Plakat wydarzenia\" \/>\n        <\/a>\n    <\/div>\n             \n    <div class=\"card-ticket__link\">\n        <a href=\"https:\/\/www.ebilet.pl\/muzyka\/pop\/take-that\" class=\"button button--theme-primary-yellow button--withIconLeft button--size-small\">\n            <span class=\"button__icon icon icon-ticket\"><\/span>\n            <p class=\"button__text typo-16 f-600\">Kup bilet<\/p>\n        <\/a>\n    <\/div>\n    <\/div>                                    <\/div>\n                                <\/div>\n                                                            <div class=\"tickets-slider__sliderItem swiper-slide\"\n                                    data-id=\"7104\"\n                                    data-name=\"Open&#039;er Festival 2027\"\n                                    data-brand=\"Alter Art\"\n                                    data-category=\"muzyka\"\n                                    data-subcategory=\"festiwale\"\n                                    data-city=\"Gdynia\"\n                                    data-venue=\"Lotnisko Gdynia - Kosakowo\">\n                                    <div class=\"tickets-slider__sliderCard\">\n                                        \n<div class=\"card-ticket\">\n        <div class=\"card-ticket__image\">\n        <a href=\"https:\/\/www.ebilet.pl\/muzyka\/festiwale\/opener-festival\">\n            <img decoding=\"async\" src=\"https:\/\/www.ebilet.pl\/media\/cms\/media\/qkso1del\/opene_2027_tameimpala_552x736_ebilet-1d7aa61e-0a2a-4f3b-b538-d84518354aa2.webp\" alt=\"Plakat wydarzenia\" \/>\n        <\/a>\n    <\/div>\n             \n    <div class=\"card-ticket__link\">\n        <a href=\"https:\/\/www.ebilet.pl\/muzyka\/festiwale\/opener-festival\" class=\"button button--theme-primary-yellow button--withIconLeft button--size-small\">\n            <span class=\"button__icon icon icon-ticket\"><\/span>\n            <p class=\"button__text typo-16 f-600\">Kup bilet<\/p>\n        <\/a>\n    <\/div>\n    <\/div>                                    <\/div>\n                                <\/div>\n                                                            <div class=\"tickets-slider__sliderItem swiper-slide\"\n                                    data-id=\"214154\"\n                                    data-name=\"Russell Crowe\u2019s Indoor Garden Party\"\n                                    data-brand=\"BACKSTAGE PRODUCTIONS ANNA ZAR\u0118BSKA\"\n                                    data-category=\"muzyka\"\n                                    data-subcategory=\"rock\"\n                                    data-city=\"\u0106miel\u00f3w\"\n                                    data-venue=\"Zamek \u0106miel\u00f3w\">\n                                    <div class=\"tickets-slider__sliderCard\">\n                                        \n<div class=\"card-ticket\">\n        <div class=\"card-ticket__image\">\n        <a href=\"https:\/\/www.ebilet.pl\/muzyka\/rock\/russell-crowe\">\n            <img decoding=\"async\" src=\"https:\/\/www.ebilet.pl\/media\/cms\/media\/dajolyng\/rusel_pion-738c048c-2504-4de3-a226-d83518cf8463.webp\" alt=\"Plakat wydarzenia\" \/>\n        <\/a>\n    <\/div>\n             \n    <div class=\"card-ticket__link\">\n        <a href=\"https:\/\/www.ebilet.pl\/muzyka\/rock\/russell-crowe\" class=\"button button--theme-primary-yellow button--withIconLeft button--size-small\">\n            <span class=\"button__icon icon icon-ticket\"><\/span>\n            <p class=\"button__text typo-16 f-600\">Kup bilet<\/p>\n        <\/a>\n    <\/div>\n    <\/div>                                    <\/div>\n                                <\/div>\n                                                            <div class=\"tickets-slider__sliderItem swiper-slide\"\n                                    data-id=\"213605\"\n                                    data-name=\"Getdown Services\"\n                                    data-brand=\"Fource Entertainment sp. z o o\"\n                                    data-category=\"muzyka\"\n                                    data-subcategory=\"rock\"\n                                    data-city=\"Krak\u00f3w, Warszawa\"\n                                    data-venue=\"NIEBO\">\n                                    <div class=\"tickets-slider__sliderCard\">\n                                        \n<div class=\"card-ticket\">\n        <div class=\"card-ticket__image\">\n        <a href=\"https:\/\/www.ebilet.pl\/muzyka\/rock\/getdown-services\">\n            <img decoding=\"async\" src=\"https:\/\/www.ebilet.pl\/media\/cms\/media\/epsfunxf\/ebilet-552x736-getdown-services-combo.webp\" alt=\"Plakat wydarzenia\" \/>\n        <\/a>\n    <\/div>\n             \n    <div class=\"card-ticket__link\">\n        <a href=\"https:\/\/www.ebilet.pl\/muzyka\/rock\/getdown-services\" class=\"button button--theme-primary-yellow button--withIconLeft button--size-small\">\n            <span class=\"button__icon icon icon-ticket\"><\/span>\n            <p class=\"button__text typo-16 f-600\">Kup bilet<\/p>\n        <\/a>\n    <\/div>\n    <\/div>                                    <\/div>\n                                <\/div>\n                                                            <div class=\"tickets-slider__sliderItem swiper-slide\"\n                                    data-id=\"177995\"\n                                    data-name=\"G33 Tour - Tadeo x Szczepan x Wygu\u015b x Mata\"\n                                    data-brand=\"BREND GROUP SP\u00d3\u0141KA Z OGRANICZON\u0104 ODPOWIEDZIALNO\u015aCI\u0104\"\n                                    data-category=\"muzyka\"\n                                    data-subcategory=\"hip-hop-rap\"\n                                    data-city=\"Bydgoszcz, Gwi\u017adziny, Kra\u015bnik i inne\"\n                                    data-venue=\"Plac Targowy w Soko\u0142owie Ma\u0142opolskim\">\n                                    <div class=\"tickets-slider__sliderCard\">\n                                        \n<div class=\"card-ticket\">\n        <div class=\"card-ticket__image\">\n        <a href=\"https:\/\/www.ebilet.pl\/muzyka\/hip-hop-rap\/gombao33\">\n            <img decoding=\"async\" src=\"https:\/\/www.ebilet.pl\/media\/cms\/media\/ctcikvkb\/gombao_bez_napisu-2ebe28b7-760a-4987-8d6c-0cb2fe6f2203.webp\" alt=\"Plakat wydarzenia\" \/>\n        <\/a>\n    <\/div>\n             \n    <div class=\"card-ticket__link\">\n        <a href=\"https:\/\/www.ebilet.pl\/muzyka\/hip-hop-rap\/gombao33\" class=\"button button--theme-primary-yellow button--withIconLeft button--size-small\">\n            <span class=\"button__icon icon icon-ticket\"><\/span>\n            <p class=\"button__text typo-16 f-600\">Kup bilet<\/p>\n        <\/a>\n    <\/div>\n    <\/div>                                    <\/div>\n                                <\/div>\n                                                            <div class=\"tickets-slider__sliderItem swiper-slide\"\n                                    data-id=\"214808\"\n                                    data-name=\"Mecz mistrz\u00f3w: Polska - W\u0142ochy\"\n                                    data-brand=\"GOSZCZDESIGN MONIKA K\u0141OS\"\n                                    data-category=\"sport\"\n                                    data-subcategory=\"sporty-druzynowe\"\n                                    data-city=\"Wroc\u0142aw\"\n                                    data-venue=\"Tarczy\u0144ski Arena Wroc\u0142aw\">\n                                    <div class=\"tickets-slider__sliderCard\">\n                                        \n<div class=\"card-ticket\">\n        <div class=\"card-ticket__image\">\n        <a href=\"https:\/\/www.ebilet.pl\/sport\/sporty-druzynowe\/mecz-mistrzow\">\n            <img decoding=\"async\" src=\"https:\/\/www.ebilet.pl\/media\/cms\/media\/anml1cos\/552x736.webp\" alt=\"Plakat wydarzenia\" \/>\n        <\/a>\n    <\/div>\n             \n    <div class=\"card-ticket__link\">\n        <a href=\"https:\/\/www.ebilet.pl\/sport\/sporty-druzynowe\/mecz-mistrzow\" class=\"button button--theme-primary-yellow button--withIconLeft button--size-small\">\n            <span class=\"button__icon icon icon-ticket\"><\/span>\n            <p class=\"button__text typo-16 f-600\">Kup bilet<\/p>\n        <\/a>\n    <\/div>\n    <\/div>                                    <\/div>\n                                <\/div>\n                                                            <div class=\"tickets-slider__sliderItem swiper-slide\"\n                                    data-id=\"118194\"\n                                    data-name=\"Kwalifikacje do Mistrzostw \u015awiata w koszyk\u00f3wce m\u0119\u017cczyzn 2027: Polska \u2013 Chorwacja\"\n                                    data-brand=\"Polski Zwi\u0105zek Koszyk\u00f3wki\"\n                                    data-category=\"sport\"\n                                    data-subcategory=\"sporty-druzynowe\"\n                                    data-city=\"Gliwice\"\n                                    data-venue=\"PreZero Arena Gliwice\">\n                                    <div class=\"tickets-slider__sliderCard\">\n                                        \n<div class=\"card-ticket\">\n        <div class=\"card-ticket__image\">\n        <a href=\"https:\/\/www.ebilet.pl\/sport\/sporty-druzynowe\/koszykowka-mecz\">\n            <img decoding=\"async\" src=\"https:\/\/www.ebilet.pl\/media\/cms\/media\/nvdpzm53\/podstawowe_portaljpg-550c863c-126b-4054-8668-ffc6e52face6.webp\" alt=\"Plakat wydarzenia\" \/>\n        <\/a>\n    <\/div>\n             \n    <div class=\"card-ticket__link\">\n        <a href=\"https:\/\/www.ebilet.pl\/sport\/sporty-druzynowe\/koszykowka-mecz\" class=\"button button--theme-primary-yellow button--withIconLeft button--size-small\">\n            <span class=\"button__icon icon icon-ticket\"><\/span>\n            <p class=\"button__text typo-16 f-600\">Kup bilet<\/p>\n        <\/a>\n    <\/div>\n    <\/div>                                    <\/div>\n                                <\/div>\n                                                            <div class=\"tickets-slider__sliderItem swiper-slide\"\n                                    data-id=\"169186\"\n                                    data-name=\"Up To Date Festival 2027\"\n                                    data-brand=\"STOWARZYSZENIE POGOTOWIE KULTURALNO-SPO\u0141ECZNE\"\n                                    data-category=\"muzyka\"\n                                    data-subcategory=\"festiwale\"\n                                    data-city=\"Bia\u0142ystok\"\n                                    data-venue=\"Bia\u0142ystok\">\n                                    <div class=\"tickets-slider__sliderCard\">\n                                        \n<div class=\"card-ticket\">\n        <div class=\"card-ticket__image\">\n        <a href=\"https:\/\/www.ebilet.pl\/muzyka\/festiwale\/up-to-date-festival\">\n            <img decoding=\"async\" src=\"https:\/\/www.ebilet.pl\/media\/cms\/media\/jfdlnoqn\/ebilet-552x736-portal-wersja-2-c38ddeaf-bf05-4f54-9e4d-377e6b572335.webp\" alt=\"Plakat wydarzenia\" \/>\n        <\/a>\n    <\/div>\n             \n    <div class=\"card-ticket__link\">\n        <a href=\"https:\/\/www.ebilet.pl\/muzyka\/festiwale\/up-to-date-festival\" class=\"button button--theme-primary-yellow button--withIconLeft button--size-small\">\n            <span class=\"button__icon icon icon-ticket\"><\/span>\n            <p class=\"button__text typo-16 f-600\">Kup bilet<\/p>\n        <\/a>\n    <\/div>\n    <\/div>                                    <\/div>\n                                <\/div>\n                                                            <div class=\"tickets-slider__sliderItem swiper-slide\"\n                                    data-id=\"187523\"\n                                    data-name=\"Otsochodzi - RIOTT\"\n                                    data-brand=\"Revolume Sp. z o.o.\"\n                                    data-category=\"muzyka\"\n                                    data-subcategory=\"hip-hop-rap\"\n                                    data-city=\"Gda\u0144sk, Krak\u00f3w, Pozna\u0144 i inne\"\n                                    data-venue=\"Hala COS Torwar \">\n                                    <div class=\"tickets-slider__sliderCard\">\n                                        \n<div class=\"card-ticket\">\n        <div class=\"card-ticket__image\">\n        <a href=\"https:\/\/www.ebilet.pl\/muzyka\/hip-hop-rap\/otsochodzi\">\n            <img decoding=\"async\" src=\"https:\/\/www.ebilet.pl\/media\/cms\/media\/ucuizr2w\/tt-552-x-736-kopia.webp\" alt=\"Plakat wydarzenia\" \/>\n        <\/a>\n    <\/div>\n             \n    <div class=\"card-ticket__link\">\n        <a href=\"https:\/\/www.ebilet.pl\/muzyka\/hip-hop-rap\/otsochodzi\" class=\"button button--theme-primary-yellow button--withIconLeft button--size-small\">\n            <span class=\"button__icon icon icon-ticket\"><\/span>\n            <p class=\"button__text typo-16 f-600\">Kup bilet<\/p>\n        <\/a>\n    <\/div>\n    <\/div>                                    <\/div>\n                                <\/div>\n                                                            <div class=\"tickets-slider__sliderItem swiper-slide\"\n                                    data-id=\"100692\"\n                                    data-name=\"VAN GOGH \u2013 Wystawa Immersyjna - Lublin\"\n                                    data-brand=\"High Note Events Sp. z o.o. S.k.\"\n                                    data-category=\"biznes\"\n                                    data-subcategory=\"wystawa\"\n                                    data-city=\"Lublin\"\n                                    data-venue=\"HANGAR SZTUKI, Lublin\">\n                                    <div class=\"tickets-slider__sliderCard\">\n                                        \n<div class=\"card-ticket\">\n        <div class=\"card-ticket__image\">\n        <a href=\"https:\/\/www.ebilet.pl\/biznes\/wystawa\/van-gogh\">\n            <img decoding=\"async\" src=\"https:\/\/www.ebilet.pl\/media\/cms\/media\/rx0pgtm4\/nowa-ebilet-_vg-__-lublin_-552-736-5ddf74a4-5cec-41cd-9f00-a4baa0f7a221.webp\" alt=\"Plakat wydarzenia\" \/>\n        <\/a>\n    <\/div>\n             \n    <div class=\"card-ticket__link\">\n        <a href=\"https:\/\/www.ebilet.pl\/biznes\/wystawa\/van-gogh\" class=\"button button--theme-primary-yellow button--withIconLeft button--size-small\">\n            <span class=\"button__icon icon icon-ticket\"><\/span>\n            <p class=\"button__text typo-16 f-600\">Kup bilet<\/p>\n        <\/a>\n    <\/div>\n    <\/div>                                    <\/div>\n                                <\/div>\n                                                            <div class=\"tickets-slider__sliderItem swiper-slide\"\n                                    data-id=\"38728\"\n                                    data-name=\"Silesia Memoria\u0142 Kamili Skolimowskiej\"\n                                    data-brand=\"Fundacja Kamili Skolimowskiej\"\n                                    data-category=\"sport\"\n                                    data-subcategory=\"lekkoatletyka\"\n                                    data-city=\"Chorz\u00f3w\"\n                                    data-venue=\"Superauto.pl Stadion \u015al\u0105ski\">\n                                    <div class=\"tickets-slider__sliderCard\">\n                                        \n<div class=\"card-ticket\">\n        <div class=\"card-ticket__image\">\n        <a href=\"https:\/\/www.ebilet.pl\/sport\/lekkoatletyka\/memorial-kamili-skolimowskiej\">\n            <img decoding=\"async\" src=\"https:\/\/www.ebilet.pl\/media\/cms\/media\/ebddns15\/552x736-78da7a2f-a7cf-4711-af9b-beba90926c7e.webp\" alt=\"Plakat wydarzenia\" \/>\n        <\/a>\n    <\/div>\n             \n    <div class=\"card-ticket__link\">\n        <a href=\"https:\/\/www.ebilet.pl\/sport\/lekkoatletyka\/memorial-kamili-skolimowskiej\" class=\"button button--theme-primary-yellow button--withIconLeft button--size-small\">\n            <span class=\"button__icon icon icon-ticket\"><\/span>\n            <p class=\"button__text typo-16 f-600\">Kup bilet<\/p>\n        <\/a>\n    <\/div>\n    <\/div>                                    <\/div>\n                                <\/div>\n                                                            <div class=\"tickets-slider__sliderItem swiper-slide\"\n                                    data-id=\"185007\"\n                                    data-name=\"Olsztyn Green Festival 2027\"\n                                    data-brand=\"Wyborcza Sp. z o.o.\"\n                                    data-category=\"muzyka\"\n                                    data-subcategory=\"festiwale\"\n                                    data-city=\"Olsztyn\"\n                                    data-venue=\"CRS Ukiel\">\n                                    <div class=\"tickets-slider__sliderCard\">\n                                        \n<div class=\"card-ticket\">\n        <div class=\"card-ticket__image\">\n        <a href=\"https:\/\/www.ebilet.pl\/muzyka\/festiwale\/olsztyn-green-festival\">\n            <img decoding=\"async\" src=\"https:\/\/www.ebilet.pl\/media\/cms\/media\/ivzhtv3z\/1080x1350_ogf_edycja_2027-18faf89b-3a6e-4aa9-b07b-593f24448a27.webp\" alt=\"Plakat wydarzenia\" \/>\n        <\/a>\n    <\/div>\n             \n    <div class=\"card-ticket__link\">\n        <a href=\"https:\/\/www.ebilet.pl\/muzyka\/festiwale\/olsztyn-green-festival\" class=\"button button--theme-primary-yellow button--withIconLeft button--size-small\">\n            <span class=\"button__icon icon icon-ticket\"><\/span>\n            <p class=\"button__text typo-16 f-600\">Kup bilet<\/p>\n        <\/a>\n    <\/div>\n    <\/div>                                    <\/div>\n                                <\/div>\n                                                            <div class=\"tickets-slider__sliderItem swiper-slide\"\n                                    data-id=\"179820\"\n                                    data-name=\"XTB KSW 122\"\n                                    data-brand=\"Federacja KSW\"\n                                    data-category=\"sport\"\n                                    data-subcategory=\"sporty-walki\"\n                                    data-city=\"Rzesz\u00f3w\"\n                                    data-venue=\"Regionalne Centrum Sportowo-Widowiskowe Podpromie\">\n                                    <div class=\"tickets-slider__sliderCard\">\n                                        \n<div class=\"card-ticket\">\n        <div class=\"card-ticket__image\">\n        <a href=\"https:\/\/www.ebilet.pl\/sport\/sporty-walki\/ksw-gala\">\n            <img decoding=\"async\" src=\"https:\/\/www.ebilet.pl\/media\/cms\/media\/ephnqq14\/ksw122_552x736-kopia-6d406d0c-fee6-4f71-88c9-6220ef184bde.webp\" alt=\"Plakat wydarzenia\" \/>\n        <\/a>\n    <\/div>\n             \n    <div class=\"card-ticket__link\">\n        <a href=\"https:\/\/www.ebilet.pl\/sport\/sporty-walki\/ksw-gala\" class=\"button button--theme-primary-yellow button--withIconLeft button--size-small\">\n            <span class=\"button__icon icon icon-ticket\"><\/span>\n            <p class=\"button__text typo-16 f-600\">Kup bilet<\/p>\n        <\/a>\n    <\/div>\n    <\/div>                                    <\/div>\n                                <\/div>\n                                                            <div class=\"tickets-slider__sliderItem swiper-slide\"\n                                    data-id=\"7378\"\n                                    data-name=\"Golec uOrkiestra - Koncert Kol\u0119d i Pastora\u0142ek\"\n                                    data-brand=\"Your Events Art\"\n                                    data-category=\"muzyka\"\n                                    data-subcategory=\"piosenka\"\n                                    data-city=\"Bielsko-Bia\u0142a, Bydgoszcz, Gda\u0144sk i inne\"\n                                    data-venue=\"Dom Muzyki i Ta\u0144ca\">\n                                    <div class=\"tickets-slider__sliderCard\">\n                                        \n<div class=\"card-ticket\">\n        <div class=\"card-ticket__image\">\n        <a href=\"https:\/\/www.ebilet.pl\/muzyka\/piosenka\/koncert-koled-i-pastoralek-golec-uorkiestra\">\n            <img decoding=\"async\" src=\"https:\/\/www.ebilet.pl\/media\/cms\/media\/sqlacf5s\/golec_552x736_ebilet-c90c1dab-7443-46cc-b6f7-252554a5cab4.webp\" alt=\"Plakat wydarzenia\" \/>\n        <\/a>\n    <\/div>\n             \n    <div class=\"card-ticket__link\">\n        <a href=\"https:\/\/www.ebilet.pl\/muzyka\/piosenka\/koncert-koled-i-pastoralek-golec-uorkiestra\" class=\"button button--theme-primary-yellow button--withIconLeft button--size-small\">\n            <span class=\"button__icon icon icon-ticket\"><\/span>\n            <p class=\"button__text typo-16 f-600\">Kup bilet<\/p>\n        <\/a>\n    <\/div>\n    <\/div>                                    <\/div>\n                                <\/div>\n                                                            <div class=\"tickets-slider__sliderItem swiper-slide\"\n                                    data-id=\"179391\"\n                                    data-name=\"Pitbull - I&#039;m Back!\"\n                                    data-brand=\"Live Nation\"\n                                    data-category=\"muzyka\"\n                                    data-subcategory=\"pop\"\n                                    data-city=\"Gda\u0144sk\/Sopot, \u0141\u00f3d\u017a\"\n                                    data-venue=\"Atlas Arena\">\n                                    <div class=\"tickets-slider__sliderCard\">\n                                        \n<div class=\"card-ticket\">\n        <div class=\"card-ticket__image\">\n        <a href=\"https:\/\/www.ebilet.pl\/muzyka\/pop\/pitbull\">\n            <img decoding=\"async\" src=\"https:\/\/www.ebilet.pl\/media\/cms\/media\/5lzfwzwf\/pitbull_552x736-51986cca-48f5-4419-a9c5-cba531ed65a3.webp\" alt=\"Plakat wydarzenia\" \/>\n        <\/a>\n    <\/div>\n             \n    <div class=\"card-ticket__link\">\n        <a href=\"https:\/\/www.ebilet.pl\/muzyka\/pop\/pitbull\" class=\"button button--theme-primary-yellow button--withIconLeft button--size-small\">\n            <span class=\"button__icon icon icon-ticket\"><\/span>\n            <p class=\"button__text typo-16 f-600\">Kup bilet<\/p>\n        <\/a>\n    <\/div>\n    <\/div>                                    <\/div>\n                                <\/div>\n                                                    <\/div>\n                    <\/div>\n                <\/div>\n            <\/div>\n        <\/div>\n    <\/div>\n<\/section>\n\n\n<section class=\"text-block  section-margin-32\" >\n    <div class=\"container\">\n        <div class=\"row\">\n            <div class=\"col-24\">\n                <div class=\"text-block__content\"><h2><strong>Mimo zakazu\u2026<\/strong><\/h2>\n<p><span style=\"font-weight: 400;\">W latach 2004\u20132005 prezydent Warszawy Lech Kaczy\u0144ski zakaza\u0142 kolejnych Parad R\u00f3wno\u015bci. Powo\u0142a\u0142 si\u0119 przy tym na przepisy Prawa o ruchu drogowym. Ludzie jednak zawsze znajd\u0105 sw\u00f3j spos\u00f3b. <\/span><b>Dlatego w 2004 roku, w prote\u015bcie przeciw zakazowi, odby\u0142 si\u0119 Wiec Wolno\u015bci pod Ratuszem.<\/b><span style=\"font-weight: 400;\"><br \/>\n<\/span><span style=\"font-weight: 400;\">A w 2005 roku Parada przesz\u0142a ulicami Warszawy mimo zakazu, kt\u00f3ry przyni\u00f3s\u0142 wr\u0119cz odwrotny skutek \u2013 zainteresowanie wydarzeniem znacz\u0105co wzros\u0142o. <\/span><b>Co wi\u0119cej, tak\u017ce politycy zacz\u0119li udziela\u0107 wsparcia organizatorom. Byli to chocia\u017cby:<\/b><\/p>\n<ul>\n<li style=\"font-weight: 400;\" aria-level=\"1\"><span style=\"font-weight: 400;\">wicepremier Izabela Jaruga-Nowacka,\u00a0<\/span><\/li>\n<li style=\"font-weight: 400;\" aria-level=\"1\"><span style=\"font-weight: 400;\">wicemarsza\u0142ek Sejmu Tomasz Na\u0142\u0119cz,\u00a0<\/span><\/li>\n<li style=\"font-weight: 400;\" aria-level=\"1\"><span style=\"font-weight: 400;\">minister spraw wewn\u0119trznych Ryszard Kalisz,\u00a0<\/span><\/li>\n<li style=\"font-weight: 400;\" aria-level=\"1\"><span style=\"font-weight: 400;\">senatorowie Maria Szyszkowska i Kazimierz Kutz,\u00a0<\/span><\/li>\n<li style=\"font-weight: 400;\" aria-level=\"1\"><span style=\"font-weight: 400;\">a tak\u017ce niemieccy europarlamentarzy\u015bci Claudia Roth i Volker Beck.<\/span><\/li>\n<\/ul>\n<p><span style=\"font-weight: 400;\">Co wi\u0119cej, \u00f3wczesny Rzecznik Praw Obywatelskich z\u0142o\u017cy\u0142 wniosek do Trybuna\u0142u Konstytucyjnego, kt\u00f3ry to za\u015b orzek\u0142, \u017ce <\/span><b>nie mo\u017cna zakazywa\u0107 tego typu zgromadze\u0144, poniewa\u017c jest to niezgodne z Konstytucj\u0105.<\/b><span style=\"font-weight: 400;\"> W 2006 roku za to Parlament Europejski pot\u0119pi\u0142 jak\u0105kolwiek dyskryminacj\u0119 ze wzgl\u0119du na orientacj\u0119 seksualn\u0105. Ponadto Europejski Trybuna\u0142 Praw Cz\u0142owieka orzek\u0142, \u017ce zakaz przeprowadzenia Parady R\u00f3wno\u015bci naruszy\u0142 Europejsk\u0105 Konwencj\u0119 Praw Cz\u0142owieka. Prawo wi\u0119c sta\u0142o po t\u0119czowej stronie.\u00a0<\/span><\/p>\n<h3><span style=\"font-weight: 400;\">Narodziny Parad R\u00f3wno\u015bci w innych polskich miastach<\/span><\/h3>\n<p><b>W \u201czakazanych\u201d latach Marsze R\u00f3wno\u015bci zacz\u0119\u0142y rosn\u0105\u0107 jak grzyby po deszczu w innych Polskich miastach:<\/b><\/p>\n<ul>\n<li style=\"font-weight: 400;\" aria-level=\"1\"><b>Krakowie <\/b><span style=\"font-weight: 400;\">(w ramach festiwalu \u201cKultura dla tolerancji\u201d 7 maja 2004 roku odby\u0142 si\u0119 I Marsz Tolerancji. Udzia\u0142 wzi\u0119\u0142o ok. 1500 os\u00f3b),<\/span><\/li>\n<li style=\"font-weight: 400;\" aria-level=\"1\"><b>Poznaniu <\/b><span style=\"font-weight: 400;\">(w ramach Dni R\u00f3wno\u015bci i Tolerancji 20 listopada 2004 roku odby\u0142 si\u0119 I Marsz R\u00f3wno\u015bci. Po ok. 200 metrach maszeruj\u0105cych zatrzyma\u0142 kordon policji, kt\u00f3ry oddzieli\u0142 ich od kontrmanifestant\u00f3w. Rok p\u00f3\u017aniej prezydent miasta zakaza\u0142 marszu z racji rzekomego \u201czagro\u017cenia dla porz\u0105dku publicznego, \u017cycia, zdrowia lub mienia w znacznych rozmiarach\u201d. A jednak marsz odby\u0142 si\u0119. Chwil\u0119 p\u00f3\u017aniej zosta\u0142 zatrzymany przez policj\u0119. Maszeruj\u0105cy zacz\u0119li chodzi\u0107 w k\u00f3\u0142ko, a na koniec protestowali na siedz\u0105co. S\u0105d orzek\u0142 p\u00f3\u017aniej, \u017ce prezydent \u2013 zakazuj\u0105c marszu \u2013 z\u0142ama\u0142 prawo. W kolejnych latach to kontrmanifestuj\u0105cy byli usuwani, a Marsze R\u00f3wno\u015bci na sta\u0142e wpisa\u0142y si\u0119 w harmonogram wydarze\u0144 miejskich),<\/span><\/li>\n<li style=\"font-weight: 400;\" aria-level=\"1\"><b>Warszawie <\/b><span style=\"font-weight: 400;\">(chocia\u017c parada odbywa si\u0119 tam co roku, w 2010 roku stolica Polski by\u0142a gospodarzem EuroPride. Wzi\u0119\u0142o w niej wtedy udzia\u0142 ok. 8 tysi\u0119cy os\u00f3b. W\u0142adze jednak nie wsp\u00f3\u0142pracowa\u0142y z organizatorami, a ci ostatni byli rozczarowani tym, jak s\u0142abo wypad\u0142a Warszawa na tle innych miast. W kolejnym roku w Rzymie udzia\u0142 w wydarzeniu wzi\u0119\u0142o ok. miliona ludzi!),<\/span><\/li>\n<li style=\"font-weight: 400;\" aria-level=\"1\"><b>Katowicach <\/b><span style=\"font-weight: 400;\">(w 2008 roku odby\u0142 si\u0119 tam I Marsz R\u00f3wno\u015bci. Jego has\u0142em by\u0142o \u201cPierwsze \u015al\u0105skie Dni R\u00f3wnych Szans\u201d. Udzia\u0142 w nim wzi\u0119\u0142o ok. 100 os\u00f3b. Byli te\u017c kontrmanifestanci, kt\u00f3rych odgradza\u0142a policja. Potem nast\u0105pi\u0142a przerwa. II Marsz R\u00f3wno\u015bci odby\u0142 si\u0119 dopiero w 2018 roku pod has\u0142em \u201cMi\u0142o\u015b\u0107 do \u015bl\u0105skiego, szacunek dla ka\u017cdego\u201d. W kolejnych latach odbywa\u0142y si\u0119 ju\u017c regularnie),<\/span><\/li>\n<li style=\"font-weight: 400;\" aria-level=\"1\"><b>Wroc\u0142awiu <\/b><span style=\"font-weight: 400;\">(I Marsz R\u00f3wno\u015bci odby\u0142 si\u0119 w tym mie\u015bcie w 2009 roku. Wzi\u0119\u0142o w nim udzia\u0142 ok. 300 os\u00f3b i od tamtej pory odbywa si\u0119 co roku. W 2016 roku by\u0142o ju\u017c ponad 1000 uczestnik\u00f3w),<\/span><\/li>\n<li style=\"font-weight: 400;\" aria-level=\"1\"><b>\u0141odzi <\/b><span style=\"font-weight: 400;\">(w 2011 roku odbywa\u0142 si\u0119 festiwal Maraton R\u00f3wno\u015bci i w ramach tego wydarzenia odby\u0142 si\u0119 te\u017c I Marsz R\u00f3wno\u015bci. Policja pilnowa\u0142a, by przewa\u017caj\u0105ca nad maszeruj\u0105cymi liczba kontrmanifestant\u00f3w nie doprowadzi\u0142a do zamieszek),<\/span><\/li>\n<li style=\"font-weight: 400;\" aria-level=\"1\"><b>Gda\u0144sku <\/b><span style=\"font-weight: 400;\">(pierwszy Marsz R\u00f3wno\u015bci odby\u0142 si\u0119 tam dopiero w 2015 roku z okazji Tr\u00f3jmiejskich Dni R\u00f3wno\u015bci. Wzi\u0119\u0142o w nim udzia\u0142 ok. 1,5 tysi\u0105ca os\u00f3b. W kolejnym \u2013 prawie 2 tysi\u0105ce. W 2017 roku gda\u0144ski marsz \u2013 jako pierwszy marsz w Polsce \u2013 zyska\u0142 oficjalny patronat w\u0142adz miejskich).\u00a0<\/span><\/li>\n<\/ul>\n<h2><strong>Marsze R\u00f3wno\u015bci wchodz\u0105 do mniejszych miasta<\/strong><\/h2>\n<p><b>Jak ju\u017c wiesz, zakazy przynosz\u0105 przewa\u017cnie odwrotny skutek. Nic wi\u0119c dziwnego, \u017ce gdy PiS doszed\u0142 do w\u0142adzy, wsparcie dla Marsz\u00f3w R\u00f3wno\u015bci zacz\u0119\u0142o wzrasta\u0107.<\/b><span style=\"font-weight: 400;\"> Wtedy te\u017c polityka zacz\u0119\u0142a miesza\u0107 si\u0119 z nimi jeszcze bardziej. Jak? Chocia\u017cby tak, \u017ce do maszeruj\u0105cych zacz\u0119li do\u0142\u0105cza\u0107 politycy \u00f3wczesnej opozycji. <\/span><b>W ten spos\u00f3b w 2017 roku na warszawskiej Paradzie R\u00f3wno\u015bci by\u0142o ju\u017c ok. 50 tysi\u0119cy os\u00f3b. A w mniejszych miastach?<\/b><\/p>\n<ul>\n<li style=\"font-weight: 400;\" aria-level=\"1\"><span style=\"font-weight: 400;\">w 2017 roku marsz odby\u0142 si\u0119 w Toruniu (ok. 1000 os\u00f3b),<\/span><\/li>\n<li style=\"font-weight: 400;\" aria-level=\"1\"><span style=\"font-weight: 400;\">w 2018 roku do\u0142\u0105czy\u0142y m.in. Gdynia, Lublin, Zielona G\u00f3ra, Konin, Rzesz\u00f3w, Opole, Cz\u0119stochowa czy Szczecin,<\/span><\/li>\n<li style=\"font-weight: 400;\" aria-level=\"1\"><span style=\"font-weight: 400;\">swoj\u0105 drog\u0105 w Koninie Marsz Tolerancji zorganizowali liceali\u015bci, kt\u00f3rzy mieli do\u015b\u0107 hejtu ze strony prawicowych \u015brodowisk,<\/span><\/li>\n<li style=\"font-weight: 400;\" aria-level=\"1\"><span style=\"font-weight: 400;\">Rzesz\u00f3w by\u0142 pierwszym miastem z wschodniej Polski, kt\u00f3ry wzi\u0105\u0142 udzia\u0142 w tym wydarzeniu,\u00a0<\/span><\/li>\n<li style=\"font-weight: 400;\" aria-level=\"1\"><span style=\"font-weight: 400;\">za to marsz w Cz\u0119stochowie spotka\u0142 si\u0119 z wielkim oburzeniem. Wed\u0142ug \u015brodowisk skrajnie prawicowych, mia\u0142a to by\u0107 prowokacja, poniewa\u017c wtedy te\u017c odbywa\u0142a si\u0119 doroczna Pielgrzymka Rodziny Radia Maryja,\u00a0<\/span><\/li>\n<li style=\"font-weight: 400;\" aria-level=\"1\"><span style=\"font-weight: 400;\">marsz w Lublinie zosta\u0142 zakazany przez w\u0142adze miejskie, ale mimo to odby\u0142 si\u0119 (s\u0105d uchyli\u0142 zakaz). Mimo wielu trudno\u015bci, udzia\u0142 w nim wzi\u0119\u0142o a\u017c 1,5 tysi\u0105ca os\u00f3b.\u00a0<\/span><\/li>\n<\/ul>\n<p><span style=\"font-weight: 400;\">W 2019 roku do maszeruj\u0105cych do\u0142\u0105czy\u0142y kolejne miasta, jakie jak chocia\u017cby Gorz\u00f3w Wielkopolski, Kostrzyn nad Odr\u0105 (w ramach Pol\u2019and\u2019Rock Festival) czy Kalisz.<\/span><\/p>\n<p><b>Niekt\u00f3re miasta, jak wcze\u015bniej Gda\u0144sk, otrzyma\u0142y patronat w\u0142adz <\/b><span style=\"font-weight: 400;\">(tak by\u0142o chocia\u017cby z Bydgoszcz\u0105, kt\u00f3rej patronatu udzieli\u0142 prezydent miasta). <\/span><b>W innych za\u015b rz\u0105dz\u0105cy pr\u00f3bowali (cho\u0107 nieefektywnie) zakaza\u0107 zgromadzenia<\/b><span style=\"font-weight: 400;\"> (m.in. w Koszalinie czy Kielcach).\u00a0<\/span><\/p>\n<p><b>Najtrudniejsza sytuacja by\u0142a w Bia\u0142ymstoku.<\/b><span style=\"font-weight: 400;\"> Dzia\u0142y si\u0119 tam takie rzeczy, \u017ce p\u00f3\u017aniej nawet podczas marszu w Berlinie, uczestnicy wyra\u017cali solidarno\u015b\u0107 z maszeruj\u0105cymi z Bia\u0142egostoku w\u0142a\u015bnie. Do czego dosz\u0142o? Zar\u00f3wno politycy prawicy, jak i arcybiskup, nawo\u0142ywali, \u017ceby mieszka\u0144cy nie pozwolili na przemarsz. Dosz\u0142o do zamieszek, a uczestnicy parady zostali brutalnie zaatakowani (opr\u00f3cz bicia, rzucano w nich m.in. kamieniami i petardami).\u00a0<\/span><\/p>\n<\/div>\n            <\/div>\n        <\/div>\n    <\/div>\n<\/section>\n\n\n    <section class=\"events-carousel-block  section-margin-32\"\n        data-events-carousel\n        data-settings='{\"per_view\":5}'\n        data-item-list-name=\"Karuzela niska Polecamy na eBilet\"\n        data-item-list-id=\"karuzela_niska Polecamy na eBilet\"\n        >\n        <div class=\"container\">\n                            <div class=\"row\">\n                    <div class=\"col-24\">\n                        <div class=\"events-carousel-block__title\">\n                            <h2 class=\"typo-h2\">Polecamy na eBilet<\/h2>\n                        <\/div>\n                    <\/div>\n                <\/div>\n                        <div class=\"row\">\n                <div class=\"col-24\">\n                    <div class=\"events-carousel-block__events\">\n                        <div class=\"events-carousel-block__nav events-carousel-block__nav--prev\">\n                            <div class=\"button button--withIcon button--theme-white-blur button--size-fixed-48\" data-events-carousel-prev>\n                                <span class=\"button__icon icon icon-chevron-left\"><\/span>\n                            <\/div>\n                        <\/div>\n                        <div class=\"events-carousel-block__nav events-carousel-block__nav--next\">\n                            <div class=\"button button--withIcon button--theme-white-blur button--size-fixed-48\" data-events-carousel-next>\n                                <span class=\"button__icon icon icon-chevron-right\"><\/span>\n                            <\/div>\n                        <\/div>\n                        <div class=\"events-carousel-block__slider swiper\" data-events-carousel-slider>\n                            <div class=\"events-carousel-block__sliderWrapper swiper-wrapper\">\n                                                                    <div class=\"events-carousel-block__sliderItem swiper-slide\"\n                                        data-id=\"152494\"\n                                        data-name=\"Che\u0142mo\u0144ski. D\u017awi\u0119kiem malowane\"\n                                        data-brand=\"FUNDACJA KONCEPT KULTURA\"\n                                        data-category=\"widowiska\"\n                                        data-subcategory=\"inne\"\n                                        data-city=\"Kielce, Sosnowiec\"\n                                        data-venue=\"Kieleckie Centrum Kultury\">\n                                        \n<div class=\"card-event  card-event--size-small\">\n        <a href=\"https:\/\/www.ebilet.pl\/widowiska\/inne\/chelmonski\" target=\"_blank\" class=\"card-event__link\" rel=\"nofollow noopener\"><\/a>\n        <div class=\"card-event__wrapper\">\n        <div class=\"card-event__image\">\n            <img decoding=\"async\" src=\"https:\/\/www.ebilet.pl\/media\/cms\/media\/spqlldrz\/656-x-369-px-ver-2-71dd7728-325d-4e4b-8ebd-1fe67cc5d587.webp\" alt=\"\">\n        <\/div>\n        <div class=\"card-event__data\">\n            <div class=\"card-event__name\">\n                <p>Che\u0142mo\u0144ski. D\u017awi\u0119kiem malowane<\/p>\n            <\/div>\n            <div class=\"card-event__date\"><\/div>\n            <div class=\"card-event__location\">Kielce, Sosnowiec<\/div>\n        <\/div>\n    <\/div>\n<\/div>                                    <\/div>\n                                                                    <div class=\"events-carousel-block__sliderItem swiper-slide\"\n                                        data-id=\"161461\"\n                                        data-name=\"Boeing Boeing - Teatr Capitol\"\n                                        data-brand=\"Teatr Capitol\"\n                                        data-category=\"teatr\"\n                                        data-subcategory=\"komedia\"\n                                        data-city=\"Gda\u0144sk, Warszawa\"\n                                        data-venue=\"Teatr Capitol w Warszawie\">\n                                        \n<div class=\"card-event  card-event--size-small\">\n        <a href=\"https:\/\/www.ebilet.pl\/teatr\/komedia\/boeing-boeing-teatr-capitol\" target=\"_blank\" class=\"card-event__link\" rel=\"nofollow noopener\"><\/a>\n        <div class=\"card-event__wrapper\">\n        <div class=\"card-event__image\">\n            <img decoding=\"async\" src=\"https:\/\/www.ebilet.pl\/media\/cms\/media\/4oebxceo\/656x359-popr-20-11.webp\" alt=\"\">\n        <\/div>\n        <div class=\"card-event__data\">\n            <div class=\"card-event__name\">\n                <p>Boeing Boeing &#8211; Teatr Capitol<\/p>\n            <\/div>\n            <div class=\"card-event__date\"><\/div>\n            <div class=\"card-event__location\">Gda\u0144sk, Warszawa<\/div>\n        <\/div>\n    <\/div>\n<\/div>                                    <\/div>\n                                                                    <div class=\"events-carousel-block__sliderItem swiper-slide\"\n                                        data-id=\"38728\"\n                                        data-name=\"Silesia Memoria\u0142 Kamili Skolimowskiej\"\n                                        data-brand=\"Fundacja Kamili Skolimowskiej\"\n                                        data-category=\"sport\"\n                                        data-subcategory=\"lekkoatletyka\"\n                                        data-city=\"Chorz\u00f3w\"\n                                        data-venue=\"Superauto.pl Stadion \u015al\u0105ski\">\n                                        \n<div class=\"card-event  card-event--size-small\">\n        <a href=\"https:\/\/www.ebilet.pl\/sport\/lekkoatletyka\/memorial-kamili-skolimowskiej\" target=\"_blank\" class=\"card-event__link\" rel=\"nofollow noopener\"><\/a>\n        <div class=\"card-event__wrapper\">\n        <div class=\"card-event__image\">\n            <img decoding=\"async\" src=\"https:\/\/www.ebilet.pl\/media\/cms\/media\/xapndsmm\/656x369-55b9889c-744e-4557-95ed-5f3e29334452.webp\" alt=\"\">\n        <\/div>\n        <div class=\"card-event__data\">\n            <div class=\"card-event__name\">\n                <p>Silesia Memoria\u0142 Kamili Skolimowskiej<\/p>\n            <\/div>\n            <div class=\"card-event__date\"><\/div>\n            <div class=\"card-event__location\">Chorz\u00f3w<\/div>\n        <\/div>\n    <\/div>\n<\/div>                                    <\/div>\n                                                                    <div class=\"events-carousel-block__sliderItem swiper-slide\"\n                                        data-id=\"10672\"\n                                        data-name=\"Red Bull Drift Masters, Grand Finale 2026, Poland\"\n                                        data-brand=\"Drift Masters Grand Prix Sp. z o.o.\"\n                                        data-category=\"sport\"\n                                        data-subcategory=\"sporty-motorowe\"\n                                        data-city=\"Warszawa\"\n                                        data-venue=\"PGE Narodowy im. Kazimierza G\u00f3rskiego\">\n                                        \n<div class=\"card-event  card-event--size-small\">\n        <a href=\"https:\/\/www.ebilet.pl\/sport\/sporty-motorowe\/drift-masters\" target=\"_blank\" class=\"card-event__link\" rel=\"nofollow noopener\"><\/a>\n        <div class=\"card-event__wrapper\">\n        <div class=\"card-event__image\">\n            <img decoding=\"async\" src=\"https:\/\/www.ebilet.pl\/media\/cms\/media\/10ijqlni\/656x369pl-4af36ea5-1769-4cd8-915e-6215e771f59d.webp\" alt=\"\">\n        <\/div>\n        <div class=\"card-event__data\">\n            <div class=\"card-event__name\">\n                <p>Red Bull Drift Masters, Grand Finale 2026, Poland<\/p>\n            <\/div>\n            <div class=\"card-event__date\"><\/div>\n            <div class=\"card-event__location\">Warszawa<\/div>\n        <\/div>\n    <\/div>\n<\/div>                                    <\/div>\n                                                                    <div class=\"events-carousel-block__sliderItem swiper-slide\"\n                                        data-id=\"16543\"\n                                        data-name=\"Rozta\u0144czony PGE Narodowy 2026\"\n                                        data-brand=\"KRYSIAK POLSKA CORPORATION Sp. z o.o.\"\n                                        data-category=\"muzyka\"\n                                        data-subcategory=\"festiwale\"\n                                        data-city=\"Warszawa\"\n                                        data-venue=\"PGE Narodowy im. Kazimierza G\u00f3rskiego\">\n                                        \n<div class=\"card-event  card-event--size-small\">\n        <a href=\"https:\/\/www.ebilet.pl\/muzyka\/festiwale\/roztanczony-narodowy\" target=\"_blank\" class=\"card-event__link\" rel=\"nofollow noopener\"><\/a>\n        <div class=\"card-event__wrapper\">\n        <div class=\"card-event__image\">\n            <img decoding=\"async\" src=\"https:\/\/www.ebilet.pl\/media\/cms\/media\/ih4mtfpw\/newletter_basic.webp\" alt=\"\">\n        <\/div>\n        <div class=\"card-event__data\">\n            <div class=\"card-event__name\">\n                <p>Rozta\u0144czony PGE Narodowy 2026<\/p>\n            <\/div>\n            <div class=\"card-event__date\"><\/div>\n            <div class=\"card-event__location\">Warszawa<\/div>\n        <\/div>\n    <\/div>\n<\/div>                                    <\/div>\n                                                                    <div class=\"events-carousel-block__sliderItem swiper-slide\"\n                                        data-id=\"129853\"\n                                        data-name=\"Beksi\u0144ski.Live\"\n                                        data-brand=\"L2L Sp z o.o.\"\n                                        data-category=\"widowiska\"\n                                        data-subcategory=\"inne\"\n                                        data-city=\"Warszawa, Wroc\u0142aw\"\n                                        data-venue=\"Hala COS Torwar \">\n                                        \n<div class=\"card-event  card-event--size-small\">\n        <a href=\"https:\/\/www.ebilet.pl\/widowiska\/inne\/beksinski-live\" target=\"_blank\" class=\"card-event__link\" rel=\"nofollow noopener\"><\/a>\n        <div class=\"card-event__wrapper\">\n        <div class=\"card-event__image\">\n            <img decoding=\"async\" src=\"https:\/\/www.ebilet.pl\/media\/cms\/media\/y2nprogb\/656x369-2026-04-27t161826313.webp\" alt=\"\">\n        <\/div>\n        <div class=\"card-event__data\">\n            <div class=\"card-event__name\">\n                <p>Beksi\u0144ski.Live<\/p>\n            <\/div>\n            <div class=\"card-event__date\"><\/div>\n            <div class=\"card-event__location\">Warszawa, Wroc\u0142aw<\/div>\n        <\/div>\n    <\/div>\n<\/div>                                    <\/div>\n                                                                    <div class=\"events-carousel-block__sliderItem swiper-slide\"\n                                        data-id=\"144549\"\n                                        data-name=\"Zwiedzanie ZOO Warszawa\"\n                                        data-brand=\"Miasto Sto\u0142eczne Warszawa\"\n                                        data-category=\"zwiedzanie\"\n                                        data-subcategory=\"zoo\"\n                                        data-city=\"Warszawa\"\n                                        data-venue=\"\">\n                                        \n<div class=\"card-event  card-event--size-small\">\n        <a href=\"https:\/\/www.ebilet.pl\/zwiedzanie\/zoo\/zwiedzanie-zoo-warszawa\" target=\"_blank\" class=\"card-event__link\" rel=\"nofollow noopener\"><\/a>\n        <div class=\"card-event__wrapper\">\n        <div class=\"card-event__image\">\n            <img decoding=\"async\" src=\"https:\/\/www.ebilet.pl\/media\/cms\/media\/vxxcxvae\/04_bilet-domowy_656x369-05e8639e-58dc-445e-95ca-14f25e17b4f3.webp\" alt=\"\">\n        <\/div>\n        <div class=\"card-event__data\">\n            <div class=\"card-event__name\">\n                <p>Zwiedzanie ZOO Warszawa<\/p>\n            <\/div>\n            <div class=\"card-event__date\"><\/div>\n            <div class=\"card-event__location\">Warszawa<\/div>\n        <\/div>\n    <\/div>\n<\/div>                                    <\/div>\n                                                                    <div class=\"events-carousel-block__sliderItem swiper-slide\"\n                                        data-id=\"125950\"\n                                        data-name=\"Zwiedzanie ZOO Wroc\u0142aw\"\n                                        data-brand=\"ZOO Wroc\u0142aw\"\n                                        data-category=\"zwiedzanie\"\n                                        data-subcategory=\"zoo\"\n                                        data-city=\"Wroc\u0142aw\"\n                                        data-venue=\"ZOO we Wroc\u0142awiu\">\n                                        \n<div class=\"card-event  card-event--size-small\">\n        <a href=\"https:\/\/www.ebilet.pl\/zwiedzanie\/zoo\/zwiedzanie-zoo-wroclaw\" target=\"_blank\" class=\"card-event__link\" rel=\"nofollow noopener\"><\/a>\n        <div class=\"card-event__wrapper\">\n        <div class=\"card-event__image\">\n            <img decoding=\"async\" src=\"https:\/\/www.ebilet.pl\/media\/cms\/media\/wpzfsqii\/01_zoo_ebilet_656x369px-8e081b48-ed80-10b3-4ede-a1fdb0e8bde2.webp\" alt=\"\">\n        <\/div>\n        <div class=\"card-event__data\">\n            <div class=\"card-event__name\">\n                <p>Zwiedzanie ZOO Wroc\u0142aw<\/p>\n            <\/div>\n            <div class=\"card-event__date\"><\/div>\n            <div class=\"card-event__location\">Wroc\u0142aw<\/div>\n        <\/div>\n    <\/div>\n<\/div>                                    <\/div>\n                                                                    <div class=\"events-carousel-block__sliderItem swiper-slide\"\n                                        data-id=\"49432\"\n                                        data-name=\"Wroc\u0142aw Hip Hop Festival 2026\"\n                                        data-brand=\"Stowarzyszenie Planeta M\u0142odych\"\n                                        data-category=\"muzyka\"\n                                        data-subcategory=\"festiwale\"\n                                        data-city=\"Wroc\u0142aw\"\n                                        data-venue=\"Hala Stulecia\">\n                                        \n<div class=\"card-event  card-event--size-small\">\n        <a href=\"https:\/\/www.ebilet.pl\/muzyka\/festiwale\/wroclaw-hip-hop-festival\" target=\"_blank\" class=\"card-event__link\" rel=\"nofollow noopener\"><\/a>\n        <div class=\"card-event__wrapper\">\n        <div class=\"card-event__image\">\n            <img decoding=\"async\" src=\"https:\/\/www.ebilet.pl\/media\/cms\/media\/ijjninf5\/ebilet-grafiki-whhf-656x369-70d9e835-99c3-4111-8a4e-a15ed2733522.webp\" alt=\"\">\n        <\/div>\n        <div class=\"card-event__data\">\n            <div class=\"card-event__name\">\n                <p>Wroc\u0142aw Hip Hop Festival 2026<\/p>\n            <\/div>\n            <div class=\"card-event__date\"><\/div>\n            <div class=\"card-event__location\">Wroc\u0142aw<\/div>\n        <\/div>\n    <\/div>\n<\/div>                                    <\/div>\n                                                                    <div class=\"events-carousel-block__sliderItem swiper-slide\"\n                                        data-id=\"7104\"\n                                        data-name=\"Open&#039;er Festival 2027\"\n                                        data-brand=\"Alter Art\"\n                                        data-category=\"muzyka\"\n                                        data-subcategory=\"festiwale\"\n                                        data-city=\"Gdynia\"\n                                        data-venue=\"Lotnisko Gdynia - Kosakowo\">\n                                        \n<div class=\"card-event  card-event--size-small\">\n        <a href=\"https:\/\/www.ebilet.pl\/muzyka\/festiwale\/opener-festival\" target=\"_blank\" class=\"card-event__link\" rel=\"nofollow noopener\"><\/a>\n        <div class=\"card-event__wrapper\">\n        <div class=\"card-event__image\">\n            <img decoding=\"async\" src=\"https:\/\/www.ebilet.pl\/media\/cms\/media\/yllhazkq\/opene_2027_tameimpala_656x369_ebilet.webp\" alt=\"\">\n        <\/div>\n        <div class=\"card-event__data\">\n            <div class=\"card-event__name\">\n                <p>Open&#8217;er Festival 2027<\/p>\n            <\/div>\n            <div class=\"card-event__date\"><\/div>\n            <div class=\"card-event__location\">Gdynia<\/div>\n        <\/div>\n    <\/div>\n<\/div>                                    <\/div>\n                                                                    <div class=\"events-carousel-block__sliderItem swiper-slide\"\n                                        data-id=\"149533\"\n                                        data-name=\"JIMEK | Orkiestra | Go\u015bcie \u2013 Historia Polskiego Hip-Hopu. Rozdzia\u0142 III Ostatni\"\n                                        data-brand=\"NOTE THE NOTE SP\u00d3\u0141KA Z OGRANICZON\u0104 ODPOWIEDZIALNO\u015aCI\u0104\"\n                                        data-category=\"muzyka\"\n                                        data-subcategory=\"hip-hop-rap\"\n                                        data-city=\"Warszawa\"\n                                        data-venue=\"Lotnisko Bemowo (Warszawa-Babice)\">\n                                        \n<div class=\"card-event  card-event--size-small\">\n        <a href=\"https:\/\/www.ebilet.pl\/muzyka\/hip-hop-rap\/jimek\" target=\"_blank\" class=\"card-event__link\" rel=\"nofollow noopener\"><\/a>\n        <div class=\"card-event__wrapper\">\n        <div class=\"card-event__image\">\n            <img decoding=\"async\" src=\"https:\/\/www.ebilet.pl\/media\/cms\/media\/br5g3adk\/656x369-jimek-94ea5658-790b-4b12-bd07-ac87b14dfccd.webp\" alt=\"\">\n        <\/div>\n        <div class=\"card-event__data\">\n            <div class=\"card-event__name\">\n                <p>JIMEK | Orkiestra | Go\u015bcie \u2013 Historia Polskiego Hip-Hopu. Rozdzia\u0142 III Ostatni<\/p>\n            <\/div>\n            <div class=\"card-event__date\"><\/div>\n            <div class=\"card-event__location\">Warszawa<\/div>\n        <\/div>\n    <\/div>\n<\/div>                                    <\/div>\n                                                                    <div class=\"events-carousel-block__sliderItem swiper-slide\"\n                                        data-id=\"12072\"\n                                        data-name=\"Driftingowe Mistrzostwa Polski 2026 \/\/ New Grounds\"\n                                        data-brand=\"Polska Federacja Driftingu Sp. z o.o.\"\n                                        data-category=\"sport\"\n                                        data-subcategory=\"sporty-motorowe\"\n                                        data-city=\"Prze\u017amierowo\"\n                                        data-venue=\"Tor Pozna\u0144\">\n                                        \n<div class=\"card-event  card-event--size-small\">\n        <a href=\"https:\/\/www.ebilet.pl\/sport\/sporty-motorowe\/driftingowe-mistrzostwa-polski\" target=\"_blank\" class=\"card-event__link\" rel=\"nofollow noopener\"><\/a>\n        <div class=\"card-event__wrapper\">\n        <div class=\"card-event__image\">\n            <img decoding=\"async\" src=\"https:\/\/www.ebilet.pl\/media\/cms\/media\/jdrkqcix\/grafika_ebilet_dmp2026_rnd1_595x-1-51faa121-e406-43e8-9235-5e44f475fc0e.webp\" alt=\"\">\n        <\/div>\n        <div class=\"card-event__data\">\n            <div class=\"card-event__name\">\n                <p>Driftingowe Mistrzostwa Polski 2026 \/\/ New Grounds<\/p>\n            <\/div>\n            <div class=\"card-event__date\"><\/div>\n            <div class=\"card-event__location\">Prze\u017amierowo<\/div>\n        <\/div>\n    <\/div>\n<\/div>                                    <\/div>\n                                                                    <div class=\"events-carousel-block__sliderItem swiper-slide\"\n                                        data-id=\"146404\"\n                                        data-name=\"Taneczny Spodek - Festiwal Muzyki Disco\"\n                                        data-brand=\"Junior Media Music Micha\u0142 Jele\u0144\"\n                                        data-category=\"muzyka\"\n                                        data-subcategory=\"disco-polo\"\n                                        data-city=\"Katowice\"\n                                        data-venue=\"Hala Spodek\">\n                                        \n<div class=\"card-event  card-event--size-small\">\n        <a href=\"https:\/\/www.ebilet.pl\/muzyka\/disco-polo\/taneczny-spodek\" target=\"_blank\" class=\"card-event__link\" rel=\"nofollow noopener\"><\/a>\n        <div class=\"card-event__wrapper\">\n        <div class=\"card-event__image\">\n            <img decoding=\"async\" src=\"https:\/\/www.ebilet.pl\/media\/cms\/media\/w1cnpnzg\/tanecznyspodek-wydarzenie-656x369-1-f9f29e67-4f26-4d0c-abc7-f096ac1d40ff.webp\" alt=\"\">\n        <\/div>\n        <div class=\"card-event__data\">\n            <div class=\"card-event__name\">\n                <p>Taneczny Spodek &#8211; Festiwal Muzyki Disco<\/p>\n            <\/div>\n            <div class=\"card-event__date\"><\/div>\n            <div class=\"card-event__location\">Katowice<\/div>\n        <\/div>\n    <\/div>\n<\/div>                                    <\/div>\n                                                                    <div class=\"events-carousel-block__sliderItem swiper-slide\"\n                                        data-id=\"60658\"\n                                        data-name=\"XVII Summer Dying Loud\"\n                                        data-brand=\"ALEKSANDROWSKIE CENTRUM KULTURY\"\n                                        data-category=\"muzyka\"\n                                        data-subcategory=\"festiwale\"\n                                        data-city=\"Aleksandr\u00f3w \u0141\u00f3dzki\"\n                                        data-venue=\"\">\n                                        \n<div class=\"card-event  card-event--size-small\">\n        <a href=\"https:\/\/www.ebilet.pl\/muzyka\/festiwale\/summer-dying-loud\" target=\"_blank\" class=\"card-event__link\" rel=\"nofollow noopener\"><\/a>\n        <div class=\"card-event__wrapper\">\n        <div class=\"card-event__image\">\n            <img decoding=\"async\" src=\"https:\/\/www.ebilet.pl\/media\/cms\/media\/xuicslej\/656x369-bc8725d5-b3cf-4dcd-8184-43f45a397ccc.webp\" alt=\"\">\n        <\/div>\n        <div class=\"card-event__data\">\n            <div class=\"card-event__name\">\n                <p>XVII Summer Dying Loud<\/p>\n            <\/div>\n            <div class=\"card-event__date\"><\/div>\n            <div class=\"card-event__location\">Aleksandr\u00f3w \u0141\u00f3dzki<\/div>\n        <\/div>\n    <\/div>\n<\/div>                                    <\/div>\n                                                                    <div class=\"events-carousel-block__sliderItem swiper-slide\"\n                                        data-id=\"20774\"\n                                        data-name=\"Deep Purple + Jayler\"\n                                        data-brand=\"Mystic Coalition sp. zoo\"\n                                        data-category=\"muzyka\"\n                                        data-subcategory=\"rock\"\n                                        data-city=\"\u0141\u00f3d\u017a\"\n                                        data-venue=\"Atlas Arena\">\n                                        \n<div class=\"card-event  card-event--size-small\">\n        <a href=\"https:\/\/www.ebilet.pl\/muzyka\/rock\/deep-purple\" target=\"_blank\" class=\"card-event__link\" rel=\"nofollow noopener\"><\/a>\n        <div class=\"card-event__wrapper\">\n        <div class=\"card-event__image\">\n            <img decoding=\"async\" src=\"https:\/\/www.ebilet.pl\/media\/cms\/media\/ejqphb2d\/deep_purple_656x369-571f9c06-a899-454b-933a-e6b7cda413a8.webp\" alt=\"\">\n        <\/div>\n        <div class=\"card-event__data\">\n            <div class=\"card-event__name\">\n                <p>Deep Purple + Jayler<\/p>\n            <\/div>\n            <div class=\"card-event__date\"><\/div>\n            <div class=\"card-event__location\">\u0141\u00f3d\u017a<\/div>\n        <\/div>\n    <\/div>\n<\/div>                                    <\/div>\n                                                            <\/div>\n                        <\/div>\n                    <\/div>\n                    <div class=\"events-carousel-block__pagination\">\n                        <div class=\"swiper-pagination slider-pagination\" data-events-carousel-pagination><\/div>\n                    <\/div>\n                <\/div>\n            <\/div>\n        <\/div>\n    <\/section>\n\n\n\n<section class=\"text-block  section-margin-32\" >\n    <div class=\"container\">\n        <div class=\"row\">\n            <div class=\"col-24\">\n                <div class=\"text-block__content\"><h3><span style=\"font-weight: 400;\">Jak wydarzenia w Bia\u0142ymstoku wp\u0142yn\u0119\u0142y na kolejne Marsze R\u00f3wno\u015bci?\u00a0<\/span><\/h3>\n<p><span style=\"font-weight: 400;\">Po tamtych wydarzeniach nic nie by\u0142o ju\u017c takie samo. <\/span><b>Zacz\u0119to organizowa\u0107 wydarzenia non violence i pro-LGBT. <\/b><span style=\"font-weight: 400;\">Jedno z nich to \u201cMiasteczko R\u00f3wno\u015b\u0107\u201d, kt\u00f3re mia\u0142o miejsce podczas Pol\u2019and\u2019Rock Festivalu. Odby\u0142 si\u0119 tam te\u017c spontaniczny przemarsz.\u00a0<\/span><\/p>\n<p><span style=\"font-weight: 400;\">A je\u015bli chodzi o zaplanowane wydarzenia, to pierwszym takim \u201cpo Bia\u0142ymstoku\u201d by\u0142 I Marsz R\u00f3wno\u015bci w P\u0142ocku. Wzi\u0119\u0142o w nim udzia\u0142 ok. 2 tysi\u0105ce os\u00f3b. Wydarzenie przebieg\u0142o do\u015b\u0107 spokojnie.\u00a0<\/span><\/p>\n<p><b>Marsz z Bia\u0142egostoku sprawi\u0142, \u017ce m\u0142odzi aktywi\u015bci poczuli potrzeb\u0119 jeszcze intensywniejszego dzia\u0142ania. <\/b><span style=\"font-weight: 400;\">Dlatego te\u017c 19-latek zorganizowa\u0142 I Marsz R\u00f3wno\u015bci w Radomsku. Udzia\u0142 w nim wzi\u0119\u0142o 300 os\u00f3b, a kontrmanifestuj\u0105cym nie uda\u0142o si\u0119 w nim przeszkodzi\u0107.\u00a0<\/span><\/p>\n<p><b>To wszystko sprawi\u0142o tak\u017ce, \u017ce politycy b\u0119d\u0105cy \u201cpo t\u0119czowej stronie\u201d, zacz\u0119li udziela\u0107 si\u0119 aktywniej. <\/b><span style=\"font-weight: 400;\">Pierwszym prezydentem miasta, kt\u00f3ry stan\u0105 rami\u0119 w rami\u0119 z maszeruj\u0105cymi, by\u0142 Jacek Ja\u015bkowiak \u2013 prezydent Poznania. Potem w Gda\u0144sku do\u0142\u0105czy\u0142 Pawe\u0142 Adamowicz, a w Warszawie \u2013 Rafa\u0142 Trzaskowski. Jacek Sutryk, prezydent Wroc\u0142awia, udzieli\u0142 patronatu wydarzeniu, ale sam nie maszerowa\u0142.\u00a0<\/span><\/p>\n<h2><strong>Nawet covid nie pokona\u0142 maszeruj\u0105cych<\/strong><\/h2>\n<p><b>Cho\u0107 podczas pandemii zakazano du\u017cych zgromadze\u0144, nie wszystkie marsze odwo\u0142ano. Niekt\u00f3re si\u0119 odby\u0142y:<\/b><\/p>\n<ul>\n<li style=\"font-weight: 400;\" aria-level=\"1\"><span style=\"font-weight: 400;\">pierwszy marsz transgraniczny S\u0142ubice-Frankfurt nad Odr\u0105,<\/span><\/li>\n<li style=\"font-weight: 400;\" aria-level=\"1\"><span style=\"font-weight: 400;\">w Katowicach,<\/span><\/li>\n<li style=\"font-weight: 400;\" aria-level=\"1\"><span style=\"font-weight: 400;\">we Wroc\u0142awiu,<\/span><\/li>\n<li style=\"font-weight: 400;\" aria-level=\"1\"><span style=\"font-weight: 400;\">w Krakowie (co prawda manifestacja, a nie marsz, ale zawsze co\u015b).\u00a0<\/span><\/li>\n<\/ul>\n<p><b>W 2020 roku wiele marsz\u00f3w wr\u00f3ci\u0142o na mapy kulturalnych wydarze\u0144 w Polsce. \u0141\u0105cznie odby\u0142o si\u0119 ich 18.<\/b><span style=\"font-weight: 400;\"> Opr\u00f3cz tych oficjalnych, odby\u0142y si\u0119 te\u017c mniej formalne manifestacje, kt\u00f3re mia\u0142y pokaza\u0107, \u017ce nawet podczas pandemii temat jest wci\u0105\u017c \u017cywy. Wszystko przez to, \u017ce sejm skierowa\u0142 do dalszych prac projekt ustawy \u201cStop LGBT\u201d. Ustawa mia\u0142aby zakazywa\u0107 t\u0119czowych flag i Marsz\u00f3w R\u00f3wno\u015bci.\u00a0<\/span><\/p>\n<p><span style=\"font-weight: 400;\">A potem przysz\u0142a wojna na Ukrainie, przez kt\u00f3r\u0105\u2026 Marsze R\u00f3wno\u015bci po\u0142\u0105czono z solidarno\u015bci\u0105 wobec os\u00f3b LGBTQ+, a tak\u017ce wszystkich ofiar wojny zza wschodniej granicy. Odby\u0142y si\u0119 wtedy m.in. \u201cWarsaw-Kiev Pride\u201d oraz \u201cKatowice-Odesa Pride\u201d.\u00a0<\/span><\/p>\n<h2><strong>Nowa w\u0142adza, nowe realia Marsz\u00f3w R\u00f3wno\u015bci<\/strong><\/h2>\n<p><span style=\"font-weight: 400;\">Gdy zmieni\u0142a si\u0119 w\u0142adza, zmianie uleg\u0142y te\u017c marsze r\u00f3wno\u015bci. Koalicja rz\u0105dz\u0105ca obiecywa\u0142a r\u00f3wno\u015b\u0107 ma\u0142\u017ce\u0144sk\u0105 dla wszystkich, a przynajmniej wprowadzenie zwi\u0105zk\u00f3w partnerskich. Powo\u0142ano ministr\u0119 ds. r\u00f3wno\u015bci. <\/span><b>Marsze wi\u0119c od tego momentu nie by\u0142y ju\u017c protestami. Mia\u0142y sta\u0107 si\u0119 pr\u00f3b\u0105 nacisku na nowe w\u0142adze, by jak najszybciej wprowadzi\u0142y zmiany w prawie. <\/b><span style=\"font-weight: 400;\">Szybko sta\u0142o si\u0119 jednak jasne, \u017ce nie b\u0119dzie to takie proste\u2026<\/span><\/p>\n<p><b>Dlatego te\u017c marsze zacz\u0119\u0142y odbywa\u0107 si\u0119 pod znacz\u0105cymi has\u0142ami:<\/b><\/p>\n<ul>\n<li style=\"font-weight: 400;\" aria-level=\"1\"><span style=\"font-weight: 400;\">\u201cR\u00f3wno\u015b\u0107 si\u0119 rzek\u0142o!\u201d,<\/span><\/li>\n<li style=\"font-weight: 400;\" aria-level=\"1\"><span style=\"font-weight: 400;\">\u201cR\u00f3wno\u015b\u0107 na horyzoncie\u201d,<\/span><\/li>\n<li style=\"font-weight: 400;\" aria-level=\"1\"><span style=\"font-weight: 400;\">\u201cCzas na R\u00f3wno\u015b\u0107 jest TERAZ!\u201d.\u00a0<\/span><\/li>\n<\/ul>\n<p><span style=\"font-weight: 400;\">Pojawi\u0142y si\u0119 marsze w kolejnych miastach, a w <\/span><b>Warszawie\u2026 pojawi\u0142 si\u0119 konflikt, przez kt\u00f3ry najwi\u0119ksze wydarzenie zosta\u0142o podzielone na trzy niezale\u017cne.\u00a0<\/b><\/p>\n<p><span style=\"font-weight: 400;\">Chocia\u017c w Warszawie nasta\u0142 roz\u0142am, inne miasta zacz\u0119\u0142y wsp\u00f3\u0142pracowa\u0107. <\/span><b>Odby\u0142 si\u0119 I Kongres Miast Maszeruj\u0105cych<\/b><span style=\"font-weight: 400;\"> (udzia\u0142 w nim wzi\u0119\u0142o 13 miast). Na III Kongresie powo\u0142ano formaln\u0105 struktur\u0119 \u2013 Koalicj\u0119 Miast Maszeruj\u0105cych. Dzi\u015b nale\u017cy do niej 26 organizacji.\u00a0<\/span><\/p>\n<h3><span style=\"font-weight: 400;\">Marsze os\u00f3b niebinarnych i nie tylko<\/span><\/h3>\n<p><span style=\"font-weight: 400;\">W 2023 roku odby\u0142 si\u0119 I Og\u00f3lnopolski Dzie\u0144 Widoczno\u015bci Os\u00f3b Transp\u0142ciowych, a w 2024 roku \u2013 I Marsz R\u00f3wno\u015bci Os\u00f3b Transp\u0142ciowych i Niebinarnych. Udzia\u0142 w nich bra\u0142o te\u017c wielu polityk\u00f3w.\u00a0<\/span><\/p>\n<h2><strong>Marsze R\u00f3wno\u015bci \u2013 wydarzenie spo\u0142eczne, kulturowe czy polityczne?\u00a0<\/strong><\/h2>\n<p><span style=\"font-weight: 400;\">Analizuj\u0105c histori\u0119 Marsz\u00f3w R\u00f3wno\u015bci w Polsce, trudno przypisa\u0107 im jednoznaczn\u0105 kategori\u0119. W rzeczywisto\u015bci \u0142\u0105cz\u0105 one kilka wymiar\u00f3w, kt\u00f3re splataj\u0105 si\u0119 ze sob\u0105, tworz\u0105c z\u0142o\u017cone zjawisko spo\u0142eczne.<\/span><\/p>\n<h3><span style=\"font-weight: 400;\">Wymiar spo\u0142eczny<\/span><\/h3>\n<p><span style=\"font-weight: 400;\">Marsze R\u00f3wno\u015bci s\u0105 przede wszystkim miejscem dla os\u00f3b LGBTQ+ i ich sojusznik\u00f3w. To miejsce, w kt\u00f3rym spo\u0142eczno\u015b\u0107 mo\u017ce si\u0119 spotka\u0107, wymieni\u0107 do\u015bwiadczeniami i publicznie zaznaczy\u0107 swoj\u0105 obecno\u015b\u0107. Ich znaczenie wida\u0107 tak\u017ce w edukacji spo\u0142ecznej \u2013 uczestnicy i obserwatorzy ucz\u0105 si\u0119 tolerancji, respektowania r\u00f3\u017cnorodno\u015bci i reagowania na dyskryminacj\u0119. W ma\u0142ych i \u015brednich miastach marsze cz\u0119sto prze\u0142amuj\u0105 lokalne tabu i staj\u0105 si\u0119 impulsem do dialogu spo\u0142ecznego.<\/span><\/p>\n<h3><span style=\"font-weight: 400;\">Wymiar kulturowy<\/span><\/h3>\n<p><span style=\"font-weight: 400;\">Kolorowe parady, muzyka, performanse, pokazy artystyczne \u2013 wszystko to sprawia, \u017ce Marsze R\u00f3wno\u015bci maj\u0105 r\u00f3wnie\u017c charakter kulturalny. Celebruj\u0105 r\u00f3\u017cnorodno\u015b\u0107 styl\u00f3w \u017cycia i ekspresji artystycznej, tworz\u0105c przestrze\u0144, w kt\u00f3rej kultura queer staje si\u0119 widoczna w przestrzeni publicznej. To r\u00f3wnie\u017c spos\u00f3b na promocj\u0119 artyst\u00f3w i inicjatyw kulturalnych, kt\u00f3re wcze\u015bniej mog\u0142y pozosta\u0107 niezauwa\u017cone.<\/span><\/p>\n<h3><span style=\"font-weight: 400;\">Wymiar polityczny<\/span><\/h3>\n<p><span style=\"font-weight: 400;\">Nie da si\u0119 te\u017c ukry\u0107 politycznego wymiaru marsz\u00f3w. Ka\u017cde wydarzenie, zw\u0142aszcza w Polsce, odbywa si\u0119 w kontek\u015bcie prawa, polityki miejskiej i og\u00f3lnokrajowej debaty o prawach cz\u0142owieka. Marsze s\u0105 miejscem manifestacji postulat\u00f3w dotycz\u0105cych zwi\u0105zk\u00f3w partnerskich, ochrony przed dyskryminacj\u0105, edukacji antydyskryminacyjnej i polityki r\u00f3wno\u015bciowej. Obecno\u015b\u0107 polityk\u00f3w czy inicjatywy legislacyjne wok\u00f3\u0142 marsz\u00f3w pokazuj\u0105, \u017ce nie s\u0105 one jedynie festiwalem, lecz tak\u017ce narz\u0119dziem nacisku spo\u0142ecznego na w\u0142adze. A czy skutecznym? Mamy nadziej\u0119, \u017ce tak.<\/span><\/p>\n<h2><span style=\"font-weight: 400;\">Podsumowanie<\/span><\/h2>\n<p><span style=\"font-weight: 400;\">Marsze R\u00f3wno\u015bci w Polsce s\u0105 jednocze\u015bnie wydarzeniem spo\u0142ecznym, kulturowym i politycznym. Ich si\u0142a tkwi w tej wielowymiarowo\u015bci: integruj\u0105 spo\u0142eczno\u015b\u0107, prezentuj\u0105 kultur\u0119 i sztuk\u0119, a tak\u017ce prowadz\u0105 do zmiany politycznej i prawnej (cho\u0107 powolnej). W praktyce ka\u017cdy marsz mo\u017ce mie\u0107 nieco inny akcent \u2013 w jednym dominowa\u0107 b\u0119dzie celebracja i sztuka, w innym protest i postulaty prawne \u2013 ale zawsze wszystkie trzy wymiary s\u0105 obecne.<\/span><\/p>\n<\/div>\n            <\/div>\n        <\/div>\n    <\/div>\n<\/section>\n\n\n<section class=\"events-slider-block  section-margin-32\" data-events-slider-block data-carousel-title=\"Nowo\u015bci na eBilet\" data-carousel-type=\"karuzela_z_t\u0142em\" data-item-list-name=\"Karuzela z t\u0142em Nowo\u015bci na eBilet\" data-item-list-id=\"karuzela_z_t\u0142em Nowo\u015bci na eBilet\" >\n    <div class=\"container\">\n        <div class=\"row\">\n            <div class=\"col-24\">\n                <div class=\"events-slider-block__wrapper\">\n                                            <div class=\"events-slider-block__bg\"><img loading=\"lazy\" decoding=\"async\" width=\"1920\" height=\"1080\" src=\"https:\/\/www.ebilet.pl\/now\/app\/uploads\/2024\/04\/shutterstock_1308510637.jpg\" class=\"attachment-full size-full\" alt=\"Fot.\" srcset=\"https:\/\/www.ebilet.pl\/now\/app\/uploads\/2024\/04\/shutterstock_1308510637.jpg 1920w, https:\/\/www.ebilet.pl\/now\/app\/uploads\/2024\/04\/shutterstock_1308510637-1024x576.jpg 1024w, https:\/\/www.ebilet.pl\/now\/app\/uploads\/2024\/04\/shutterstock_1308510637-1536x864.jpg 1536w, https:\/\/www.ebilet.pl\/now\/app\/uploads\/2024\/04\/shutterstock_1308510637-1280x720.jpg 1280w, https:\/\/www.ebilet.pl\/now\/app\/uploads\/2024\/04\/shutterstock_1308510637-500x281.jpg 500w, https:\/\/www.ebilet.pl\/now\/app\/uploads\/2024\/04\/shutterstock_1308510637-632x356.jpg 632w, https:\/\/www.ebilet.pl\/now\/app\/uploads\/2024\/04\/shutterstock_1308510637-308x174.jpg 308w\" sizes=\"auto, (max-width: 1920px) 100vw, 1920px\" \/><\/div>\n                                                                <div class=\"events-slider-block__top\">\n                                                            <div class=\"events-slider-block__title desktop\">\n                                    <h2 class=\"typo-h2\">Nowo\u015bci na eBilet<\/h2>\n                                <\/div>\n                                                                                        <div class=\"events-slider-block__title mobile\">\n                                    <h2 class=\"typo-h2\">Nowo\u015bci na eBilet<\/h2>\n                                <\/div>\n                                                    <\/div>\n                                                            <div class=\"events-slider-block__main\">\n                        <div class=\"events-slider-block__nav events-slider-block__nav--prev\">\n                            <div class=\"button button--withIcon button--theme-white-blur button--size-fixed-48\" data-events-prev>\n                                <span class=\"button__icon icon icon-chevron-left\"><\/span>\n                            <\/div>\n                        <\/div>\n                        <div class=\"events-slider-block__nav events-slider-block__nav--next\">\n                            <div class=\"button button--withIcon button--theme-white-blur button--size-fixed-48\" data-events-next>\n                                <span class=\"button__icon icon icon-chevron-right\"><\/span>\n                            <\/div>\n                        <\/div>\n                        <div class=\"events-slider-block__slider\">\n                            <div class=\"swiper\" data-events-slider>\n                                <div class=\"events-slider-block__sliderWrapper swiper-wrapper\">\n                                                                    <div class=\"events-slider-block__sliderItem swiper-slide\">\n                                    \n<div class=\"card-event  card-event--size-small\">\n        <a href=\"https:\/\/www.ebilet.pl\/muzyka\/festiwale\/orange-warsaw-festival\" target=\"_blank\" class=\"card-event__link\" rel=\"nofollow noopener\"><\/a>\n        <div class=\"card-event__wrapper\">\n        <div class=\"card-event__image\">\n            <img decoding=\"async\" src=\"https:\/\/www.ebilet.pl\/media\/cms\/media\/10tfavkl\/owf27_wejs-cie_portal_552x736.webp\" alt=\"\">\n        <\/div>\n        <div class=\"card-event__data\">\n            <div class=\"card-event__name\">\n                <p>Orange Warsaw Festival 2027<\/p>\n            <\/div>\n            <div class=\"card-event__date\"><\/div>\n            <div class=\"card-event__location\"><\/div>\n        <\/div>\n    <\/div>\n<\/div>                                    <\/div>\n                                                                    <div class=\"events-slider-block__sliderItem swiper-slide\">\n                                    \n<div class=\"card-event  card-event--size-small\">\n        <a href=\"https:\/\/www.ebilet.pl\/teatr\/musicale\/wielki-gatsby\" target=\"_blank\" class=\"card-event__link\" rel=\"nofollow noopener\"><\/a>\n        <div class=\"card-event__wrapper\">\n        <div class=\"card-event__image\">\n            <img decoding=\"async\" src=\"https:\/\/www.ebilet.pl\/media\/cms\/media\/5eihaojx\/552x736-c1222f1c-09f0-4f58-a3ca-98b5badf4b8b.webp\" alt=\"\">\n        <\/div>\n        <div class=\"card-event__data\">\n            <div class=\"card-event__name\">\n                <p>Wielki Gatsby<\/p>\n            <\/div>\n            <div class=\"card-event__date\"><\/div>\n            <div class=\"card-event__location\"><\/div>\n        <\/div>\n    <\/div>\n<\/div>                                    <\/div>\n                                                                    <div class=\"events-slider-block__sliderItem swiper-slide\">\n                                    \n<div class=\"card-event  card-event--size-small\">\n        <a href=\"https:\/\/www.ebilet.pl\/teatr\/tragedia-dramat\/powodzenia-leo-grande\" target=\"_blank\" class=\"card-event__link\" rel=\"nofollow noopener\"><\/a>\n        <div class=\"card-event__wrapper\">\n        <div class=\"card-event__image\">\n            <img decoding=\"async\" src=\"https:\/\/www.ebilet.pl\/media\/cms\/media\/id1npal2\/552x736-b60cb163-87db-43ce-a14e-fd8ba6cf2ab8.webp\" alt=\"\">\n        <\/div>\n        <div class=\"card-event__data\">\n            <div class=\"card-event__name\">\n                <p>Powodzenia, Leo Grande<\/p>\n            <\/div>\n            <div class=\"card-event__date\">23.03.2027-23.03.2027<\/div>\n            <div class=\"card-event__location\">Warszawa<\/div>\n        <\/div>\n    <\/div>\n<\/div>                                    <\/div>\n                                                                    <div class=\"events-slider-block__sliderItem swiper-slide\">\n                                    \n<div class=\"card-event  card-event--size-small\">\n        <a href=\"https:\/\/www.ebilet.pl\/sport\/sporty-walki\/gala-ksw\" target=\"_blank\" class=\"card-event__link\" rel=\"nofollow noopener\"><\/a>\n        <div class=\"card-event__wrapper\">\n        <div class=\"card-event__image\">\n            <img decoding=\"async\" src=\"https:\/\/www.ebilet.pl\/media\/cms\/media\/rk2ji5me\/ksw124_552x736-kopia-dba06461-adab-46b7-97d7-d2f73141ebd4.webp\" alt=\"\">\n        <\/div>\n        <div class=\"card-event__data\">\n            <div class=\"card-event__name\">\n                <p>XTB KSW 124<\/p>\n            <\/div>\n            <div class=\"card-event__date\">19.12.2026-19.12.2026<\/div>\n            <div class=\"card-event__location\">Gliwice<\/div>\n        <\/div>\n    <\/div>\n<\/div>                                    <\/div>\n                                                                    <div class=\"events-slider-block__sliderItem swiper-slide\">\n                                    \n<div class=\"card-event  card-event--size-small\">\n        <a href=\"https:\/\/www.ebilet.pl\/klasyka\/balet-taniec\/panstwowy-ansambl-gruzji-aphkhazeti\" target=\"_blank\" class=\"card-event__link\" rel=\"nofollow noopener\"><\/a>\n        <div class=\"card-event__wrapper\">\n        <div class=\"card-event__image\">\n            <img decoding=\"async\" src=\"https:\/\/www.ebilet.pl\/media\/cms\/media\/zn1nrf0b\/552x736-17-f9d5d1d0-2d59-4a6d-b4a1-1867a7836e10.webp\" alt=\"\">\n        <\/div>\n        <div class=\"card-event__data\">\n            <div class=\"card-event__name\">\n                <p>APHKHAZETI &#8211; Gruzi\u0144ski Pa\u0144stwowy Balet z ch\u00f3rem i orkiestr\u0105<\/p>\n            <\/div>\n            <div class=\"card-event__date\">01.03.2027-01.03.2027<\/div>\n            <div class=\"card-event__location\">Katowice, Krak\u00f3w, \u0141\u00f3d\u017a i inne<\/div>\n        <\/div>\n    <\/div>\n<\/div>                                    <\/div>\n                                                                    <div class=\"events-slider-block__sliderItem swiper-slide\">\n                                    \n<div class=\"card-event  card-event--size-small\">\n        <a href=\"https:\/\/www.ebilet.pl\/klasyka\/koncert\/chopin\" target=\"_blank\" class=\"card-event__link\" rel=\"nofollow noopener\"><\/a>\n        <div class=\"card-event__wrapper\">\n        <div class=\"card-event__image\">\n            <img decoding=\"async\" src=\"https:\/\/www.ebilet.pl\/media\/cms\/media\/0jcpgkuj\/552x736.webp\" alt=\"\">\n        <\/div>\n        <div class=\"card-event__data\">\n            <div class=\"card-event__name\">\n                <p>Koncert Chopinowski<\/p>\n            <\/div>\n            <div class=\"card-event__date\">05.09.2026-05.09.2026<\/div>\n            <div class=\"card-event__location\">Warszawa<\/div>\n        <\/div>\n    <\/div>\n<\/div>                                    <\/div>\n                                                                    <div class=\"events-slider-block__sliderItem swiper-slide\">\n                                    \n<div class=\"card-event  card-event--size-small\">\n        <a href=\"https:\/\/www.ebilet.pl\/muzyka\/rock\/blind-channel\" target=\"_blank\" class=\"card-event__link\" rel=\"nofollow noopener\"><\/a>\n        <div class=\"card-event__wrapper\">\n        <div class=\"card-event__image\">\n            <img decoding=\"async\" src=\"https:\/\/www.ebilet.pl\/media\/cms\/media\/heakcnq4\/blind-channel-ebilet-strona-wydarzenia-pion-wspo-lne.webp\" alt=\"\">\n        <\/div>\n        <div class=\"card-event__data\">\n            <div class=\"card-event__name\">\n                <p>Blind Channel<\/p>\n            <\/div>\n            <div class=\"card-event__date\">11.02.2027-11.02.2027<\/div>\n            <div class=\"card-event__location\">Krak\u00f3w, Warszawa<\/div>\n        <\/div>\n    <\/div>\n<\/div>                                    <\/div>\n                                                                    <div class=\"events-slider-block__sliderItem swiper-slide\">\n                                    \n<div class=\"card-event  card-event--size-small\">\n        <a href=\"https:\/\/www.ebilet.pl\/klasyka\/opera-operetka\/gala-operowa\" target=\"_blank\" class=\"card-event__link\" rel=\"nofollow noopener\"><\/a>\n        <div class=\"card-event__wrapper\">\n        <div class=\"card-event__image\">\n            <img decoding=\"async\" src=\"https:\/\/www.ebilet.pl\/media\/cms\/media\/upep01ak\/ebilet-552x736-gala-operowa-knapczyk-eb-aa3872aa-1b03-4f4b-b1ae-0fd8be6a1b1e.webp\" alt=\"\">\n        <\/div>\n        <div class=\"card-event__data\">\n            <div class=\"card-event__name\">\n                <p>Wielka Gala Operowa: Krzysztof Knapczyk, Carmen, La Traviata, Turandot<\/p>\n            <\/div>\n            <div class=\"card-event__date\">18.10.2026-18.10.2026<\/div>\n            <div class=\"card-event__location\">Bia\u0142ystok, Gda\u0144sk, Gorz\u00f3w Wielkopolski i inne<\/div>\n        <\/div>\n    <\/div>\n<\/div>                                    <\/div>\n                                                                    <div class=\"events-slider-block__sliderItem swiper-slide\">\n                                    \n<div class=\"card-event  card-event--size-small\">\n        <a href=\"https:\/\/www.ebilet.pl\/muzyka\/hip-hop-rap\/otsochodzi\" target=\"_blank\" class=\"card-event__link\" rel=\"nofollow noopener\"><\/a>\n        <div class=\"card-event__wrapper\">\n        <div class=\"card-event__image\">\n            <img decoding=\"async\" src=\"https:\/\/www.ebilet.pl\/media\/cms\/media\/ucuizr2w\/tt-552-x-736-kopia.webp\" alt=\"\">\n        <\/div>\n        <div class=\"card-event__data\">\n            <div class=\"card-event__name\">\n                <p>Otsochodzi &#8211; RIOTT<\/p>\n            <\/div>\n            <div class=\"card-event__date\">01.10.2026-01.10.2026<\/div>\n            <div class=\"card-event__location\">Gda\u0144sk, Krak\u00f3w, Pozna\u0144 i inne<\/div>\n        <\/div>\n    <\/div>\n<\/div>                                    <\/div>\n                                                                    <div class=\"events-slider-block__sliderItem swiper-slide\">\n                                    \n<div class=\"card-event  card-event--size-small\">\n        <a href=\"https:\/\/www.ebilet.pl\/muzyka\/rock\/kult-koncerty\" target=\"_blank\" class=\"card-event__link\" rel=\"nofollow noopener\"><\/a>\n        <div class=\"card-event__wrapper\">\n        <div class=\"card-event__image\">\n            <img decoding=\"async\" src=\"https:\/\/www.ebilet.pl\/media\/cms\/media\/wkun24dx\/kult_kato_ebilet_552x7362-e37ee07b-c83a-4c9a-9173-50357c70e10b.webp\" alt=\"\">\n        <\/div>\n        <div class=\"card-event__data\">\n            <div class=\"card-event__name\">\n                <p>Kult &#8211; Trasa Pomara\u0144czowa 2026<\/p>\n            <\/div>\n            <div class=\"card-event__date\">30.10.2026-30.10.2026<\/div>\n            <div class=\"card-event__location\">Katowice, \u0141\u00f3d\u017a, Wroc\u0142aw<\/div>\n        <\/div>\n    <\/div>\n<\/div>                                    <\/div>\n                                                                    <div class=\"events-slider-block__sliderItem swiper-slide\">\n                                    \n<div class=\"card-event  card-event--size-small\">\n        <a href=\"https:\/\/www.ebilet.pl\/klasyka\/koncert\/festiwal-pianistyczny-na-instrumentach-historycznych\" target=\"_blank\" class=\"card-event__link\" rel=\"nofollow noopener\"><\/a>\n        <div class=\"card-event__wrapper\">\n        <div class=\"card-event__image\">\n            <img decoding=\"async\" src=\"https:\/\/www.ebilet.pl\/media\/cms\/media\/vphe1lch\/552x736-2026-09-04t142751974-cefe0e84-0e5a-4e30-8c65-0200d5c1f5ef.webp\" alt=\"\">\n        <\/div>\n        <div class=\"card-event__data\">\n            <div class=\"card-event__name\">\n                <p>Festiwal pianistyczny na instrumentach historycznych<\/p>\n            <\/div>\n            <div class=\"card-event__date\">11.09.2026-11.09.2026<\/div>\n            <div class=\"card-event__location\">Nowy Wi\u015bnicz<\/div>\n        <\/div>\n    <\/div>\n<\/div>                                    <\/div>\n                                                                    <div class=\"events-slider-block__sliderItem swiper-slide\">\n                                    \n<div class=\"card-event  card-event--size-small\">\n        <a href=\"https:\/\/www.ebilet.pl\/teatr\/komedia\/do-zobaczenia-za-rok\" target=\"_blank\" class=\"card-event__link\" rel=\"nofollow noopener\"><\/a>\n        <div class=\"card-event__wrapper\">\n        <div class=\"card-event__image\">\n            <img decoding=\"async\" src=\"https:\/\/www.ebilet.pl\/media\/cms\/media\/vxlnrkge\/552x736.webp\" alt=\"\">\n        <\/div>\n        <div class=\"card-event__data\">\n            <div class=\"card-event__name\">\n                <p>Do zobaczenia za rok<\/p>\n            <\/div>\n            <div class=\"card-event__date\">18.10.2026-18.10.2026<\/div>\n            <div class=\"card-event__location\">Gda\u0144sk<\/div>\n        <\/div>\n    <\/div>\n<\/div>                                    <\/div>\n                                                                    <div class=\"events-slider-block__sliderItem swiper-slide\">\n                                    \n<div class=\"card-event  card-event--size-small\">\n        <a href=\"https:\/\/www.ebilet.pl\/muzyka\/piosenka\/kochajmy-starszych-panow\" target=\"_blank\" class=\"card-event__link\" rel=\"nofollow noopener\"><\/a>\n        <div class=\"card-event__wrapper\">\n        <div class=\"card-event__image\">\n            <img decoding=\"async\" src=\"https:\/\/www.ebilet.pl\/media\/cms\/media\/si1frm4x\/ebilet_552x736_kochajmy-starszych-pan_w-8ffc6954-6a62-4510-83c1-0a662ceae353.webp\" alt=\"\">\n        <\/div>\n        <div class=\"card-event__data\">\n            <div class=\"card-event__name\">\n                <p>Kochajmy Starszych Pan\u00f3w!<\/p>\n            <\/div>\n            <div class=\"card-event__date\">15.10.2026-15.10.2026<\/div>\n            <div class=\"card-event__location\">Szczecin, Wroc\u0142aw<\/div>\n        <\/div>\n    <\/div>\n<\/div>                                    <\/div>\n                                                                    <div class=\"events-slider-block__sliderItem swiper-slide\">\n                                    \n<div class=\"card-event  card-event--size-small\">\n        <a href=\"https:\/\/www.ebilet.pl\/muzyka\/pop\/piaseczny-the-best-of\" target=\"_blank\" class=\"card-event__link\" rel=\"nofollow noopener\"><\/a>\n        <div class=\"card-event__wrapper\">\n        <div class=\"card-event__image\">\n            <img decoding=\"async\" src=\"https:\/\/www.ebilet.pl\/media\/cms\/media\/tx5fyo3c\/552x736-b9704cdf-5ae9-496f-b7ac-78c53124b73d.webp\" alt=\"\">\n        <\/div>\n        <div class=\"card-event__data\">\n            <div class=\"card-event__name\">\n                <p>Andrzej Piaseczny &#8211; The Best<\/p>\n            <\/div>\n            <div class=\"card-event__date\">08.11.2026-08.11.2026<\/div>\n            <div class=\"card-event__location\">Gda\u0144sk<\/div>\n        <\/div>\n    <\/div>\n<\/div>                                    <\/div>\n                                                                    <div class=\"events-slider-block__sliderItem swiper-slide\">\n                                    \n<div class=\"card-event  card-event--size-small\">\n        <a href=\"https:\/\/www.ebilet.pl\/muzyka\/rock\/byl-kiedys-jarocin\" target=\"_blank\" class=\"card-event__link\" rel=\"nofollow noopener\"><\/a>\n        <div class=\"card-event__wrapper\">\n        <div class=\"card-event__image\">\n            <img decoding=\"async\" src=\"https:\/\/www.ebilet.pl\/media\/cms\/media\/icpfzrng\/ebilet-552x736-byl-kiedys-jarocin-b90-710ff81a-1318-4b27-8d06-ce9e179b4349.webp\" alt=\"\">\n        <\/div>\n        <div class=\"card-event__data\">\n            <div class=\"card-event__name\">\n                <p>By\u0142 Kiedy\u015b Jarocin<\/p>\n            <\/div>\n            <div class=\"card-event__date\">11.12.2026-11.12.2026<\/div>\n            <div class=\"card-event__location\">Gda\u0144sk<\/div>\n        <\/div>\n    <\/div>\n<\/div>                                    <\/div>\n                                                                <\/div>\n                            <\/div>\n                        <\/div>\n                        <div class=\"events-slider-block__events swiper\" data-events-events-descriptions>\n                            <div class=\"events-slider-block__eventsWrapper swiper-wrapper\">\n                                                            <div class=\"events-slider-block__eventsItem swiper-slide\">\n                                    <a href=\"https:\/\/www.ebilet.pl\/muzyka\/festiwale\/orange-warsaw-festival\" target=\"_blank\" class=\"events-slider-block__eventsName\">\n                                        <p>Orange Warsaw Festival 2027<\/p>\n                                    <\/a>\n                                    <div class=\"events-slider-block__eventsDate\">\n                                                                            <\/div>\n                                    <div class=\"events-slider-block__eventsLocation\"><\/div>\n                                <\/div>\n                                                            <div class=\"events-slider-block__eventsItem swiper-slide\">\n                                    <a href=\"https:\/\/www.ebilet.pl\/teatr\/musicale\/wielki-gatsby\" target=\"_blank\" class=\"events-slider-block__eventsName\">\n                                        <p>Wielki Gatsby<\/p>\n                                    <\/a>\n                                    <div class=\"events-slider-block__eventsDate\">\n                                                                            <\/div>\n                                    <div class=\"events-slider-block__eventsLocation\"><\/div>\n                                <\/div>\n                                                            <div class=\"events-slider-block__eventsItem swiper-slide\">\n                                    <a href=\"https:\/\/www.ebilet.pl\/teatr\/tragedia-dramat\/powodzenia-leo-grande\" target=\"_blank\" class=\"events-slider-block__eventsName\">\n                                        <p>Powodzenia, Leo Grande<\/p>\n                                    <\/a>\n                                    <div class=\"events-slider-block__eventsDate\">\n                                        23.03.2027-23.03.2027                                    <\/div>\n                                    <div class=\"events-slider-block__eventsLocation\">Warszawa<\/div>\n                                <\/div>\n                                                            <div class=\"events-slider-block__eventsItem swiper-slide\">\n                                    <a href=\"https:\/\/www.ebilet.pl\/sport\/sporty-walki\/gala-ksw\" target=\"_blank\" class=\"events-slider-block__eventsName\">\n                                        <p>XTB KSW 124<\/p>\n                                    <\/a>\n                                    <div class=\"events-slider-block__eventsDate\">\n                                        19.12.2026-19.12.2026                                    <\/div>\n                                    <div class=\"events-slider-block__eventsLocation\">Gliwice<\/div>\n                                <\/div>\n                                                            <div class=\"events-slider-block__eventsItem swiper-slide\">\n                                    <a href=\"https:\/\/www.ebilet.pl\/klasyka\/balet-taniec\/panstwowy-ansambl-gruzji-aphkhazeti\" target=\"_blank\" class=\"events-slider-block__eventsName\">\n                                        <p>APHKHAZETI &#8211; Gruzi\u0144ski Pa\u0144stwowy Balet z ch\u00f3rem i orkiestr\u0105<\/p>\n                                    <\/a>\n                                    <div class=\"events-slider-block__eventsDate\">\n                                        01.03.2027-11.03.2027                                    <\/div>\n                                    <div class=\"events-slider-block__eventsLocation\">Katowice, Krak\u00f3w, \u0141\u00f3d\u017a i inne<\/div>\n                                <\/div>\n                                                            <div class=\"events-slider-block__eventsItem swiper-slide\">\n                                    <a href=\"https:\/\/www.ebilet.pl\/klasyka\/koncert\/chopin\" target=\"_blank\" class=\"events-slider-block__eventsName\">\n                                        <p>Koncert Chopinowski<\/p>\n                                    <\/a>\n                                    <div class=\"events-slider-block__eventsDate\">\n                                        05.09.2026-30.12.2026                                    <\/div>\n                                    <div class=\"events-slider-block__eventsLocation\">Warszawa<\/div>\n                                <\/div>\n                                                            <div class=\"events-slider-block__eventsItem swiper-slide\">\n                                    <a href=\"https:\/\/www.ebilet.pl\/muzyka\/rock\/blind-channel\" target=\"_blank\" class=\"events-slider-block__eventsName\">\n                                        <p>Blind Channel<\/p>\n                                    <\/a>\n                                    <div class=\"events-slider-block__eventsDate\">\n                                        11.02.2027-12.02.2027                                    <\/div>\n                                    <div class=\"events-slider-block__eventsLocation\">Krak\u00f3w, Warszawa<\/div>\n                                <\/div>\n                                                            <div class=\"events-slider-block__eventsItem swiper-slide\">\n                                    <a href=\"https:\/\/www.ebilet.pl\/klasyka\/opera-operetka\/gala-operowa\" target=\"_blank\" class=\"events-slider-block__eventsName\">\n                                        <p>Wielka Gala Operowa: Krzysztof Knapczyk, Carmen, La Traviata, Turandot<\/p>\n                                    <\/a>\n                                    <div class=\"events-slider-block__eventsDate\">\n                                        18.10.2026-08.12.2028                                    <\/div>\n                                    <div class=\"events-slider-block__eventsLocation\">Bia\u0142ystok, Gda\u0144sk, Gorz\u00f3w Wielkopolski i inne<\/div>\n                                <\/div>\n                                                            <div class=\"events-slider-block__eventsItem swiper-slide\">\n                                    <a href=\"https:\/\/www.ebilet.pl\/muzyka\/hip-hop-rap\/otsochodzi\" target=\"_blank\" class=\"events-slider-block__eventsName\">\n                                        <p>Otsochodzi &#8211; RIOTT<\/p>\n                                    <\/a>\n                                    <div class=\"events-slider-block__eventsDate\">\n                                        01.10.2026-03.12.2026                                    <\/div>\n                                    <div class=\"events-slider-block__eventsLocation\">Gda\u0144sk, Krak\u00f3w, Pozna\u0144 i inne<\/div>\n                                <\/div>\n                                                            <div class=\"events-slider-block__eventsItem swiper-slide\">\n                                    <a href=\"https:\/\/www.ebilet.pl\/muzyka\/rock\/kult-koncerty\" target=\"_blank\" class=\"events-slider-block__eventsName\">\n                                        <p>Kult &#8211; Trasa Pomara\u0144czowa 2026<\/p>\n                                    <\/a>\n                                    <div class=\"events-slider-block__eventsDate\">\n                                        30.10.2026-15.11.2026                                    <\/div>\n                                    <div class=\"events-slider-block__eventsLocation\">Katowice, \u0141\u00f3d\u017a, Wroc\u0142aw<\/div>\n                                <\/div>\n                                                            <div class=\"events-slider-block__eventsItem swiper-slide\">\n                                    <a href=\"https:\/\/www.ebilet.pl\/klasyka\/koncert\/festiwal-pianistyczny-na-instrumentach-historycznych\" target=\"_blank\" class=\"events-slider-block__eventsName\">\n                                        <p>Festiwal pianistyczny na instrumentach historycznych<\/p>\n                                    <\/a>\n                                    <div class=\"events-slider-block__eventsDate\">\n                                        11.09.2026-13.09.2026                                    <\/div>\n                                    <div class=\"events-slider-block__eventsLocation\">Nowy Wi\u015bnicz<\/div>\n                                <\/div>\n                                                            <div class=\"events-slider-block__eventsItem swiper-slide\">\n                                    <a href=\"https:\/\/www.ebilet.pl\/teatr\/komedia\/do-zobaczenia-za-rok\" target=\"_blank\" class=\"events-slider-block__eventsName\">\n                                        <p>Do zobaczenia za rok<\/p>\n                                    <\/a>\n                                    <div class=\"events-slider-block__eventsDate\">\n                                        18.10.2026-18.10.2026                                    <\/div>\n                                    <div class=\"events-slider-block__eventsLocation\">Gda\u0144sk<\/div>\n                                <\/div>\n                                                            <div class=\"events-slider-block__eventsItem swiper-slide\">\n                                    <a href=\"https:\/\/www.ebilet.pl\/muzyka\/piosenka\/kochajmy-starszych-panow\" target=\"_blank\" class=\"events-slider-block__eventsName\">\n                                        <p>Kochajmy Starszych Pan\u00f3w!<\/p>\n                                    <\/a>\n                                    <div class=\"events-slider-block__eventsDate\">\n                                        15.10.2026-20.10.2026                                    <\/div>\n                                    <div class=\"events-slider-block__eventsLocation\">Szczecin, Wroc\u0142aw<\/div>\n                                <\/div>\n                                                            <div class=\"events-slider-block__eventsItem swiper-slide\">\n                                    <a href=\"https:\/\/www.ebilet.pl\/muzyka\/pop\/piaseczny-the-best-of\" target=\"_blank\" class=\"events-slider-block__eventsName\">\n                                        <p>Andrzej Piaseczny &#8211; The Best<\/p>\n                                    <\/a>\n                                    <div class=\"events-slider-block__eventsDate\">\n                                        08.11.2026-08.11.2026                                    <\/div>\n                                    <div class=\"events-slider-block__eventsLocation\">Gda\u0144sk<\/div>\n                                <\/div>\n                                                            <div class=\"events-slider-block__eventsItem swiper-slide\">\n                                    <a href=\"https:\/\/www.ebilet.pl\/muzyka\/rock\/byl-kiedys-jarocin\" target=\"_blank\" class=\"events-slider-block__eventsName\">\n                                        <p>By\u0142 Kiedy\u015b Jarocin<\/p>\n                                    <\/a>\n                                    <div class=\"events-slider-block__eventsDate\">\n                                        11.12.2026-13.12.2026                                    <\/div>\n                                    <div class=\"events-slider-block__eventsLocation\">Gda\u0144sk<\/div>\n                                <\/div>\n                                                        <\/div>\n                        <\/div>\n                        <div class=\"events-slider-block__pagination\">\n                            <div class=\"swiper-pagination slider-pagination slider-pagination--theme-white\" data-events-slider-pagination><\/div>\n                        <\/div>\n                    <\/div>\n                                        <div class=\"events-slider-block__bottom\">\n                                                                                <div class=\"events-slider-block__link desktop\">\n                                    <a\n                                        class=\"button button--size-small button--theme-primary-yellow button--withIconLeft\"\n                                        href=\"https:\/\/www.ebilet.pl\/\">\n                                                                                    <div class=\"button__icon\"><img loading=\"lazy\" decoding=\"async\" width=\"30\" height=\"30\" src=\"https:\/\/www.ebilet.pl\/now\/app\/uploads\/2024\/01\/ticket-cinema-entertainment-coupon-discount-sale_30px.png\" class=\"attachment-full size-full\" alt=\"\" \/><\/div>\n                                                                                <p class=\"button__text typo-18\">Kup na eBilet.pl<\/p>\n                                    <\/a>\n                                <\/div>\n                                                                                <div class=\"events-slider-block__link mobile\">\n                                    <a\n                                        class=\"button button--size-small button--theme-primary-yellow button--withIconLeft\"\n                                        href=\"https:\/\/www.ebilet.pl\/\">\n                                                                                    <div class=\"button__icon\"><img loading=\"lazy\" decoding=\"async\" width=\"30\" height=\"30\" src=\"https:\/\/www.ebilet.pl\/now\/app\/uploads\/2024\/01\/ticket-cinema-entertainment-coupon-discount-sale_30px.png\" class=\"attachment-full size-full\" alt=\"\" \/><\/div>\n                                                                                <p class=\"button__text typo-18\">Kup na eBilet.pl<\/p>\n                                    <\/a>\n                                <\/div>\n                                            <\/div>\n                <\/div>\n            <\/div>\n        <\/div>\n    <\/div>\n<\/section>","protected":false},"excerpt":{"rendered":"<p>Zastanawia\u0142e\u015b si\u0119 kiedy\u015b, czym tak naprawd\u0119 s\u0105 Marsze R\u00f3wno\u015bci w Polsce \u2013 czy to przede wszystkim manifestacje polityczne, kolorowe wydarzenia kulturalne, a mo\u017ce spo\u0142eczne impulsy do zmiany? Od pierwszych, skromnych parad w Warszawie po masowe marsze w ca\u0142ym kraju \u2013 historia tych wydarze\u0144 pokazuje, \u017ce trudno je zaszufladkowa\u0107. Przeczytaj dalej i zobacz, czym naprawd\u0119 s\u0105 te barwne pochody wolno\u015bci i r\u00f3wno\u015bci.<\/p>\n","protected":false},"author":14,"featured_media":74495,"comment_status":"open","ping_status":"open","sticky":false,"template":"page-templates\/article-default.php","format":"standard","meta":{"_acf_changed":false,"footnotes":""},"article_tag":[88,535,136],"article_type":[5],"class_list":["post-74494","post","type-post","status-publish","format-standard","has-post-thumbnail","hentry","article_tag-ciekawostki","article_tag-edukacja-spoleczna","article_tag-spoleczenstwo","article_type-lifestyle"],"acf":[],"_links":{"self":[{"href":"https:\/\/www.ebilet.pl\/now\/wp-json\/wp\/v2\/posts\/74494","targetHints":{"allow":["GET"]}}],"collection":[{"href":"https:\/\/www.ebilet.pl\/now\/wp-json\/wp\/v2\/posts"}],"about":[{"href":"https:\/\/www.ebilet.pl\/now\/wp-json\/wp\/v2\/types\/post"}],"author":[{"embeddable":true,"href":"https:\/\/www.ebilet.pl\/now\/wp-json\/wp\/v2\/users\/14"}],"replies":[{"embeddable":true,"href":"https:\/\/www.ebilet.pl\/now\/wp-json\/wp\/v2\/comments?post=74494"}],"version-history":[{"count":1,"href":"https:\/\/www.ebilet.pl\/now\/wp-json\/wp\/v2\/posts\/74494\/revisions"}],"predecessor-version":[{"id":74497,"href":"https:\/\/www.ebilet.pl\/now\/wp-json\/wp\/v2\/posts\/74494\/revisions\/74497"}],"wp:featuredmedia":[{"embeddable":true,"href":"https:\/\/www.ebilet.pl\/now\/wp-json\/wp\/v2\/media\/74495"}],"wp:attachment":[{"href":"https:\/\/www.ebilet.pl\/now\/wp-json\/wp\/v2\/media?parent=74494"}],"wp:term":[{"taxonomy":"article_tag","embeddable":true,"href":"https:\/\/www.ebilet.pl\/now\/wp-json\/wp\/v2\/article_tag?post=74494"},{"taxonomy":"article_type","embeddable":true,"href":"https:\/\/www.ebilet.pl\/now\/wp-json\/wp\/v2\/article_type?post=74494"}],"curies":[{"name":"wp","href":"https:\/\/api.w.org\/{rel}","templated":true}]}}