{"id":74165,"date":"2025-11-12T15:32:45","date_gmt":"2025-11-12T14:32:45","guid":{"rendered":"https:\/\/www.ebilet.pl\/now\/?p=74165"},"modified":"2025-12-09T15:41:32","modified_gmt":"2025-12-09T14:41:32","slug":"najlepsi-aktorzy-musicalowi-ktorych-trzeba-znac-top-of-the-top-polskich-i-zagranicznych-artystow","status":"publish","type":"post","link":"https:\/\/www.ebilet.pl\/now\/najlepsi-aktorzy-musicalowi-ktorych-trzeba-znac-top-of-the-top-polskich-i-zagranicznych-artystow\/","title":{"rendered":"Najlepsi aktorzy musicalowi, kt\u00f3rych trzeba zna\u0107. Top of the top polskich i zagranicznych artyst\u00f3w"},"content":{"rendered":"\n<section class=\"text-block  section-margin-32\" >\n    <div class=\"container\">\n        <div class=\"row\">\n            <div class=\"col-24\">\n                <div class=\"text-block__content\"><h2><strong>Ranking: 5 najlepszych aktor\u00f3w musicalowych na \u015bwiecie<\/strong><\/h2>\n<h3><strong>1. Jonathan Drew Groff<\/strong><\/h3>\n<p><span style=\"font-weight: 400;\">Je\u015bli aktor wyst\u0119powa\u0142 na Broadwayu, na pewno jest dobry, prawda? W przypadku Jonathana Drew Groffa owszem. To ameryka\u0144ski aktor, kt\u00f3ry <\/span><b>za swoj\u0105 debiutanck\u0105 rol\u0119 Melchiora w rockowym musicalu \u201cPrzebudzenie wiosny\u201d&#8230; otrzyma\u0142 nominacj\u0119 do nagrody Tony!<\/b><span style=\"font-weight: 400;\"> A ju\u017c sama nominacja jest nie lada wyr\u00f3\u017cnieniem.\u00a0<\/span><\/p>\n<p><b>Publiczno\u015b\u0107 pokocha\u0142a go jako:<\/b><\/p>\n<ul>\n<li style=\"font-weight: 400;\" aria-level=\"1\"><span style=\"font-weight: 400;\">Jessiego St. Jamesa \u2013 charyzmatycznego lidera ch\u00f3ru Vocal Adrenaline w serialu \u201cGlee\u201d,<\/span><\/li>\n<li style=\"font-weight: 400;\" aria-level=\"1\"><span style=\"font-weight: 400;\">Jerzego III \u2013 ekscentrycznego monarchy w \u201cHamiltonie\u201d,<\/span><\/li>\n<li style=\"font-weight: 400;\" aria-level=\"1\"><span style=\"font-weight: 400;\">oraz Kristoffa \u2013 ciep\u0142ego g\u0142osu z animacji \u201cKraina Lodu\u201d.<\/span><\/li>\n<\/ul>\n<p><b>A jak to wszystko si\u0119 zacz\u0119\u0142o? <\/b><span style=\"font-weight: 400;\">Urodzi\u0142 si\u0119 w 1985 roku. Jego mama by\u0142a nauczycielk\u0105 w-f, a tata \u2013 trenerem koni. W 2003 roku uko\u0144czy\u0142 nauk\u0119 w Conestoga Valley High School i nied\u0142ugo p\u00f3\u017aniej zacz\u0105\u0142 prac\u0119 na Broadwayu. Na scenie wyst\u0119puje do dzi\u015b. Gra tak\u017ce w filmach i serialach.\u00a0<\/span><\/p>\n<h3><strong>2. Hugh Jackman<\/strong><\/h3>\n<p><span style=\"font-weight: 400;\">Czy mo\u017cna by\u0107 jednocze\u015bnie superbohaterem, showmanem i broadwayowskim artyst\u0105? Hugh Jackman udowadnia, \u017ce tak! <\/span><b>Cho\u0107 dla wielu pozostanie na zawsze Wolverinem z serii \u201cX-Men\u201d, to tak\u017ce na scenie musicalowej zachwyca publiczno\u015b\u0107.<\/b><\/p>\n<p><b>Na Broadwayu zadebiutowa\u0142 w \u201cCh\u0142opaku z Oz\u201d \u2013 roli, kt\u00f3ra przynios\u0142a mu nagrod\u0119 Tony za najlepszego aktora musicalowego.<\/b><span style=\"font-weight: 400;\"> Jako Peter Allen \u2013 charyzmatyczny piosenkarz i showman \u2013 podbi\u0142 serca widz\u00f3w swoim g\u0142osem, energi\u0105 i poczuciem humoru.<\/span><\/p>\n<p><span style=\"font-weight: 400;\">Jackman z powodzeniem wyst\u0119powa\u0142 tak\u017ce w \u201cOklahomie!\u201d na londy\u0144skim West Endzie, gdzie wcieli\u0142 si\u0119 w posta\u0107 Curly\u2019ego McLaina. <\/span><b>Jego interpretacja klasycznej roli by\u0142a na tyle znakomita, \u017ce musical doczeka\u0142 si\u0119 telewizyjnej wersji,<\/b><span style=\"font-weight: 400;\"> w kt\u00f3rej r\u00f3wnie\u017c zagra\u0142 g\u0142\u00f3wn\u0105 rol\u0119.<\/span><\/p>\n<p><span style=\"font-weight: 400;\">W 2012 roku ponownie <\/span><b>zachwyci\u0142 \u015bwiat jako Jean Valjean w ekranizacji \u201cLes Mis\u00e9rables. N\u0119dznicy\u201d <\/b><span style=\"font-weight: 400;\">\u2013 jednej z najtrudniejszych i najbardziej wymagaj\u0105cych r\u00f3l musicalowych. Za ten wyst\u0119p <\/span><b>otrzyma\u0142 Z\u0142oty Glob i nominacj\u0119 do Oscara.<\/b><\/p>\n<p><span style=\"font-weight: 400;\">Jackman regularnie wraca na scen\u0119 \u2013 w koncertach, recitalach i trasach, podczas kt\u00f3rych \u0142\u0105czy klasyk\u0119 musicalu z popowym rozmachem. Jego wyst\u0119py to mieszanka perfekcji wokalnej, tanecznej i aktorskiej \u2013 prawdziwa definicja artysty scenicznego.<\/span><\/p>\n<h3><strong>3. Philip Quast<\/strong><\/h3>\n<p><span style=\"font-weight: 400;\">Gdy mowa o pot\u0119\u017cnym g\u0142osie, perfekcji scenicznej i klasie w ka\u017cdym ge\u015bcie \u2013 Philip Quast pojawia si\u0119 w czo\u0142\u00f3wce. Ten australijski aktor musicalowy<\/span><b> od dekad zachwyca publiczno\u015b\u0107 na West Endzie i Broadwayu,<\/b><span style=\"font-weight: 400;\"> a jego interpretacja roli Javerta w \u201cLes Mis\u00e9rables\u201d przesz\u0142a do historii musicalu.<\/span><\/p>\n<p><b>To w\u0142a\u015bnie dzi\u0119ki Javertowi Quast zdoby\u0142 mi\u0119dzynarodow\u0105 s\u0142aw\u0119. \u015apiewa\u0142 t\u0119 rol\u0119 m.in. w:<\/b><\/p>\n<ul>\n<li style=\"font-weight: 400;\" aria-level=\"1\"><span style=\"font-weight: 400;\">\u201cLes Mis\u00e9rables \u2013 The Dream Cast in Concert\u201d z okazji 10-lecia premiery musicalu,\u00a0<\/span><\/li>\n<li style=\"font-weight: 400;\" aria-level=\"1\"><span style=\"font-weight: 400;\">na nagraniu \u201cComplete Symphonic Recording\u201d, kt\u00f3re do dzi\u015b uznawane jest za jedno z najlepszych wykon\u00f3w tego dzie\u0142a.<\/span><\/li>\n<\/ul>\n<p><b>Trzykrotnie uhonorowany presti\u017cow\u0105 Laurence Olivier Award dla najlepszego aktora musicalowego, Quast zachwyca\u0142 w takich rolach jak:<\/b><\/p>\n<ul>\n<li style=\"font-weight: 400;\" aria-level=\"1\"><span style=\"font-weight: 400;\">George w \u201cSunday in the Park with George\u201d,<\/span><\/li>\n<\/ul>\n<ul>\n<li style=\"font-weight: 400;\" aria-level=\"1\"><span style=\"font-weight: 400;\">Dempsey Chandler w \u201cDempsey and Rowe\u201d,<\/span><\/li>\n<\/ul>\n<ul>\n<li style=\"font-weight: 400;\" aria-level=\"1\"><span style=\"font-weight: 400;\">Emile de Becque w \u201cSouth Pacific\u201d.<\/span><\/li>\n<\/ul>\n<p><b>Na scenie stworzy\u0142 r\u00f3wnie\u017c niezapomniane kreacje w musicalach:<\/b><\/p>\n<ul>\n<li style=\"font-weight: 400;\" aria-level=\"1\"><span style=\"font-weight: 400;\">\u201cEvita\u201d (jako Juan Per\u00f3n),\u00a0<\/span><\/li>\n<li style=\"font-weight: 400;\" aria-level=\"1\"><span style=\"font-weight: 400;\">\u201cTajemniczy ogr\u00f3d\u201d,\u00a0<\/span><\/li>\n<li style=\"font-weight: 400;\" aria-level=\"1\"><span style=\"font-weight: 400;\">\u201cKandyd\u201d,<\/span><\/li>\n<li style=\"font-weight: 400;\" aria-level=\"1\"><span style=\"font-weight: 400;\">\u201cSweeney Todd\u201d, gdzie wcieli\u0142 si\u0119 w mrocznego s\u0119dziego Turpina.<\/span><\/li>\n<\/ul>\n<p><span style=\"font-weight: 400;\">Od lat pozostaje jednym z najbardziej szanowanych interpretator\u00f3w musicalowego repertuaru \u2013 mistrzem w ka\u017cdym znaczeniu tego s\u0142owa. Je\u015bli b\u0119dziesz mia\u0142 okazj\u0119 zobaczy\u0107 go na \u017cywo, nie wahaj si\u0119 ani chwili.<\/span><\/p>\n<h3><strong>4. Norbert Leo Butz<\/strong><\/h3>\n<p><span style=\"font-weight: 400;\">Je\u015bli Broadway ma swojego niepokornego, charyzmatycznego bohatera, to jest nim Norbert Leo Butz.<\/span><b> Ten ameryka\u0144ski aktor i wokalista zdoby\u0142 dwukrotnie nagrod\u0119 Tony dla najlepszego aktora w musicalu. Nagrodzono go za role w:<\/b><\/p>\n<ul>\n<li style=\"font-weight: 400;\" aria-level=\"1\"><span style=\"font-weight: 400;\">\u201cDirty Rotten Scoundrels\u201d,<\/span><\/li>\n<li style=\"font-weight: 400;\" aria-level=\"1\"><span style=\"font-weight: 400;\">\u201cCatch Me If You Can\u201d.<\/span><\/li>\n<\/ul>\n<p><span style=\"font-weight: 400;\">I jest jednym z zaledwie dziewi\u0119ciu aktor\u00f3w, kt\u00f3rym uda\u0142o si\u0119 otrzyma\u0107 dwie statuetki.<\/span><\/p>\n<p><span style=\"font-weight: 400;\">Butz zadebiutowa\u0142 na Broadwayu w 1996 roku w \u201cRent\u201d, a ju\u017c rok p\u00f3\u017aniej zast\u0105pi\u0142 Adama Pascala w roli Rogera Davisa. Prawdziwy prze\u0142om przyszed\u0142 w 2005 roku, gdy <\/span><b>wcieli\u0142 si\u0119 w Freddy\u2019ego Bensona w \u201cDirty Rotten Scoundrels\u201d. <\/b><span style=\"font-weight: 400;\">Za ten wyst\u0119p zdoby\u0142 nie tylko Tony, ale tak\u017ce Drama Desk Award, Drama League Distinguished Performance Award i Outer Critics Circle Award. To co\u015b znaczy, prawda?<\/span><\/p>\n<p><span style=\"font-weight: 400;\">W 2011 roku Norbert ponownie zachwyci\u0142 Broadway \u2013 tym razem jako Carl Hanratty w \u201cCatch Me If You Can\u201d. Za t\u0119 rol\u0119 otrzyma\u0142 sw\u00f3j drugi Tony i Drug\u0105 Drama Desk Award.<\/span><\/p>\n<p><b>Norbert Butz ma na koncie te\u017c role w takich musicalach jak:<\/b><\/p>\n<ul>\n<li style=\"font-weight: 400;\" aria-level=\"1\"><span style=\"font-weight: 400;\">Fiyero w \u201cWicked\u201d,<\/span><\/li>\n<li style=\"font-weight: 400;\" aria-level=\"1\"><span style=\"font-weight: 400;\">Jean-Fran\u00e7ois Millet w \u201cIs He Dead?\u201d,<\/span><\/li>\n<li style=\"font-weight: 400;\" aria-level=\"1\"><span style=\"font-weight: 400;\">Alfred Doolittle w \u201cMy Fair Lady\u201d (za kt\u00f3ry otrzyma\u0142 nominacj\u0119 do Tony).<\/span><\/li>\n<\/ul>\n<p><span style=\"font-weight: 400;\">Poza Broadwayem Norbert daje tak\u017ce solowe koncerty i nagrywa albumy live (\u201cMemory and Mayhem: Live at 54 Below\u201d, \u201cGirls Girls Girls: Live at 54 Below\u201d), w kt\u00f3rych pokazuje swoje niezwyk\u0142e mo\u017cliwo\u015bci wokalne i zachwyca s\u0142uchaczy.<\/span><\/p>\n<h3><strong>5. Danny Burstein<\/strong><\/h3>\n<p><b>Danny Burstein ma tak wielk\u0105 p\u00f3\u0142k\u0119 na nagrody za swoje role w musicalach, \u017ce trudno by\u0142oby ci tak\u0105 gdziekolwiek wcisn\u0105\u0107. <\/b><span style=\"font-weight: 400;\">Na swoim koncie ma takie wyr\u00f3\u017cnienia, jak chocia\u017cby Tony Award, Drama League Award i dwie Drama Desk Awards, a tak\u017ce nominacje do trzech Grammy Awards.<\/span><\/p>\n<p><span style=\"font-weight: 400;\">Burstein zachwyca na Broadwayu od dekad. <\/span><b>W 2020 roku zdoby\u0142 nagrod\u0119 Tony dla najlepszego aktora drugoplanowego w musicalu za rol\u0119 Harolda Zidlera w \u201cMoulin Rouge!\u201d, a wcze\u015bniej nominowano go m.in. za:<\/b><\/p>\n<ul>\n<li style=\"font-weight: 400;\" aria-level=\"1\"><span style=\"font-weight: 400;\">\u201cThe Drowsy Chaperone\u201d (jako Aldolpho),<\/span><\/li>\n<li style=\"font-weight: 400;\" aria-level=\"1\"><span style=\"font-weight: 400;\">\u201cSouth Pacific\u201d (jako Luther Billis),<\/span><\/li>\n<li style=\"font-weight: 400;\" aria-level=\"1\"><span style=\"font-weight: 400;\">\u201cFollies\u201d (jako Buddy Plummer),<\/span><\/li>\n<li style=\"font-weight: 400;\" aria-level=\"1\"><span style=\"font-weight: 400;\">\u201cGolden Boy\u201d (jako Tokio),<\/span><\/li>\n<li style=\"font-weight: 400;\" aria-level=\"1\"><span style=\"font-weight: 400;\">\u201cCabaret\u201d (jako Herr Schultz),<\/span><\/li>\n<li style=\"font-weight: 400;\" aria-level=\"1\"><span style=\"font-weight: 400;\">\u201cFiddler on the Roof\u201d (jako Tevye),<\/span><\/li>\n<li style=\"font-weight: 400;\" aria-level=\"1\"><span style=\"font-weight: 400;\">\u201cGypsy\u201d (jako Herbie).<\/span><\/li>\n<\/ul>\n<p><b>Na scenie Broadwayu i Off-Broadwayu zobaczysz go tak\u017ce w takich rolach jak chocia\u017cby:<\/b><\/p>\n<ul>\n<li style=\"font-weight: 400;\" aria-level=\"1\"><span style=\"font-weight: 400;\">William Murdoch \u201cTitanicu\u201d,<\/span><\/li>\n<li style=\"font-weight: 400;\" aria-level=\"1\"><span style=\"font-weight: 400;\">Taxi Driver w \u201cWomen on the Verge of a Nervous Breakdown\u201d,<\/span><\/li>\n<li style=\"font-weight: 400;\" aria-level=\"1\"><span style=\"font-weight: 400;\">Alfred Doolittle w \u201cMy Fair Lady\u201d,<\/span><\/li>\n<li style=\"font-weight: 400;\" aria-level=\"1\"><span style=\"font-weight: 400;\">Harold Zidler w \u201cMoulin Rouge!\u201d (tak\u017ce w wersji pre-Broadway w Bostonie).<\/span><\/li>\n<\/ul>\n<p><b>Burstein wyst\u0119powa\u0142 r\u00f3wnie\u017c na koncertach i projektach specjalnych,<\/b><span style=\"font-weight: 400;\"> m.in. w Carnegie Hall, prezentuj\u0105c musicalowe klasyki i utwory Gershwina. Jego charakterystyczny g\u0142os, genialne aktorstwo i magnetyzm sceniczny czyni\u0105 go jednym z najbardziej szanowanych aktor\u00f3w musicalowych wsp\u00f3\u0142czesnego Broadwayu.\u00a0<\/span><\/p>\n<p><b>A poza scen\u0105?<\/b><span style=\"font-weight: 400;\"> Nagrywa p\u0142yty live i dzieli si\u0119 do\u015bwiadczeniem z m\u0142odszymi artystami, ucz\u0105c ich tajnik\u00f3w teatralnego rzemios\u0142a.<\/span><\/p>\n<\/div>\n            <\/div>\n        <\/div>\n    <\/div>\n<\/section>\n\n\n<section class=\"tickets-slider  section-margin-32\"\n    data-tickets-slider\n    data-item-list-name=\"Karuzela z buttonami\"\n    data-item-list-id=\"karuzela_z_buttonami\"\n    >\n    <div class=\"container\">\n        <div class=\"row\">\n            <div class=\"col-24\">\n                <div class=\"tickets-slider__main\">\n                    <div class=\"tickets-slider__nav tickets-slider__nav--prev\">\n                        <div class=\"button button--withIcon button--theme-white-blur button--size-fixed-48\" data-tickets-slider-prev>\n                            <span class=\"button__icon icon icon-chevron-left\"><\/span>\n                        <\/div>\n                    <\/div>\n                    <div class=\"tickets-slider__nav tickets-slider__nav--next\">\n                        <div class=\"button button--withIcon button--theme-white-blur button--size-fixed-48\" data-tickets-slider-next>\n                            <span class=\"button__icon icon icon-chevron-right\"><\/span>\n                        <\/div>\n                    <\/div>\n                    <div class=\"tickets-slider__slider swiper\" data-tickets-slider-slider>\n                        <div class=\"tickets-slider__sliderWrapper swiper-wrapper\">\n                                                            <div class=\"tickets-slider__sliderItem swiper-slide\"\n                                    data-id=\"37617\"\n                                    data-name=\"Editors\"\n                                    data-brand=\"Alter Art\"\n                                    data-category=\"muzyka\"\n                                    data-subcategory=\"rock\"\n                                    data-city=\"Warszawa\"\n                                    data-venue=\"Klub Stodo\u0142a\">\n                                    <div class=\"tickets-slider__sliderCard\">\n                                        \n<div class=\"card-ticket\">\n        <div class=\"card-ticket__image\">\n        <a href=\"https:\/\/www.ebilet.pl\/muzyka\/rock\/editors\">\n            <img decoding=\"async\" src=\"https:\/\/www.ebilet.pl\/media\/cms\/media\/cbfdkmu2\/editors_2027_552x736_ebilet-7c254908-ec0a-4f27-8a1c-ff7961cef0cd.webp\" alt=\"Plakat wydarzenia\" \/>\n        <\/a>\n    <\/div>\n             \n    <div class=\"card-ticket__link\">\n        <a href=\"https:\/\/www.ebilet.pl\/muzyka\/rock\/editors\" class=\"button button--theme-primary-yellow button--withIconLeft button--size-small\">\n            <span class=\"button__icon icon icon-ticket\"><\/span>\n            <p class=\"button__text typo-16 f-600\">Kup bilet<\/p>\n        <\/a>\n    <\/div>\n    <\/div>                                    <\/div>\n                                <\/div>\n                                                            <div class=\"tickets-slider__sliderItem swiper-slide\"\n                                    data-id=\"7104\"\n                                    data-name=\"Open&#039;er Festival 2026\"\n                                    data-brand=\"Alter Art\"\n                                    data-category=\"muzyka\"\n                                    data-subcategory=\"festiwale\"\n                                    data-city=\"Gdynia\"\n                                    data-venue=\"Lotnisko Gdynia - Kosakowo\">\n                                    <div class=\"tickets-slider__sliderCard\">\n                                        \n<div class=\"card-ticket\">\n        <div class=\"card-ticket__image\">\n        <a href=\"https:\/\/www.ebilet.pl\/muzyka\/festiwale\/opener-festival\">\n            <img decoding=\"async\" src=\"https:\/\/www.ebilet.pl\/media\/cms\/media\/qvef4ie4\/opener2026_552x736-e8fd0918-0d0e-47d3-bbe0-f4f0302085e4.webp\" alt=\"Plakat wydarzenia\" \/>\n        <\/a>\n    <\/div>\n             \n    <div class=\"card-ticket__link\">\n        <a href=\"https:\/\/www.ebilet.pl\/muzyka\/festiwale\/opener-festival\" class=\"button button--theme-primary-yellow button--withIconLeft button--size-small\">\n            <span class=\"button__icon icon icon-ticket\"><\/span>\n            <p class=\"button__text typo-16 f-600\">Kup bilet<\/p>\n        <\/a>\n    <\/div>\n    <\/div>                                    <\/div>\n                                <\/div>\n                                                            <div class=\"tickets-slider__sliderItem swiper-slide\"\n                                    data-id=\"13630\"\n                                    data-name=\"M\u0119skie Granie 2026\"\n                                    data-brand=\"LIVE Sp. z o.o.\"\n                                    data-category=\"muzyka\"\n                                    data-subcategory=\"festiwale\"\n                                    data-city=\"Gda\u0144sk, Krak\u00f3w, Pozna\u0144 i inne\"\n                                    data-venue=\"\u017bywiec Amfiteatr pod Grojcem\">\n                                    <div class=\"tickets-slider__sliderCard\">\n                                        \n<div class=\"card-ticket\">\n        <div class=\"card-ticket__image\">\n        <a href=\"https:\/\/www.ebilet.pl\/muzyka\/festiwale\/meskie-granie\">\n            <img decoding=\"async\" src=\"https:\/\/www.ebilet.pl\/media\/cms\/media\/otqfs0tb\/552x736-11-18222119-c0b1-48d3-9da6-2d9f34d401ee.webp\" alt=\"Plakat wydarzenia\" \/>\n        <\/a>\n    <\/div>\n             \n    <div class=\"card-ticket__link\">\n        <a href=\"https:\/\/www.ebilet.pl\/muzyka\/festiwale\/meskie-granie\" class=\"button button--theme-primary-yellow button--withIconLeft button--size-small\">\n            <span class=\"button__icon icon icon-ticket\"><\/span>\n            <p class=\"button__text typo-16 f-600\">Kup bilet<\/p>\n        <\/a>\n    <\/div>\n    <\/div>                                    <\/div>\n                                <\/div>\n                                                            <div class=\"tickets-slider__sliderItem swiper-slide\"\n                                    data-id=\"10086\"\n                                    data-name=\"Orange Warsaw Festival 2026\"\n                                    data-brand=\"Alter Art\"\n                                    data-category=\"muzyka\"\n                                    data-subcategory=\"festiwale\"\n                                    data-city=\"Warszawa\"\n                                    data-venue=\"Tor Wy\u015bcig\u00f3w Konnych Warszawa - S\u0142u\u017cewiec\">\n                                    <div class=\"tickets-slider__sliderCard\">\n                                        \n<div class=\"card-ticket\">\n        <div class=\"card-ticket__image\">\n        <a href=\"https:\/\/www.ebilet.pl\/muzyka\/festiwale\/orange-warsaw-festival\">\n            <img decoding=\"async\" src=\"https:\/\/www.ebilet.pl\/media\/cms\/media\/bxnh21tr\/owf_2026_ebilet_552x736-94c1b52f-1e91-4861-ba57-03b21dcd6346.webp\" alt=\"Plakat wydarzenia\" \/>\n        <\/a>\n    <\/div>\n             \n    <div class=\"card-ticket__link\">\n        <a href=\"https:\/\/www.ebilet.pl\/muzyka\/festiwale\/orange-warsaw-festival\" class=\"button button--theme-primary-yellow button--withIconLeft button--size-small\">\n            <span class=\"button__icon icon icon-ticket\"><\/span>\n            <p class=\"button__text typo-16 f-600\">Kup bilet<\/p>\n        <\/a>\n    <\/div>\n    <\/div>                                    <\/div>\n                                <\/div>\n                                                            <div class=\"tickets-slider__sliderItem swiper-slide\"\n                                    data-id=\"146847\"\n                                    data-name=\"Gdzie na maj\u00f3wk\u0119 2026?\"\n                                    data-brand=\"eBilet\"\n                                    data-category=\"biznes\"\n                                    data-subcategory=\"pozostale\"\n                                    data-city=\"\"\n                                    data-venue=\"\">\n                                    <div class=\"tickets-slider__sliderCard\">\n                                        \n<div class=\"card-ticket\">\n        <div class=\"card-ticket__image\">\n        <a href=\"https:\/\/www.ebilet.pl\/biznes\/pozostale\/majowka\">\n            <img decoding=\"async\" src=\"https:\/\/www.ebilet.pl\/media\/cms\/media\/0ykhdlea\/552x736.webp\" alt=\"Plakat wydarzenia\" \/>\n        <\/a>\n    <\/div>\n             \n    <div class=\"card-ticket__link\">\n        <a href=\"https:\/\/www.ebilet.pl\/biznes\/pozostale\/majowka\" class=\"button button--theme-primary-yellow button--withIconLeft button--size-small\">\n            <span class=\"button__icon icon icon-ticket\"><\/span>\n            <p class=\"button__text typo-16 f-600\">Kup bilet<\/p>\n        <\/a>\n    <\/div>\n    <\/div>                                    <\/div>\n                                <\/div>\n                                                            <div class=\"tickets-slider__sliderItem swiper-slide\"\n                                    data-id=\"205645\"\n                                    data-name=\"Bezpieczna odsprzeda\u017c w apce eBilet\"\n                                    data-brand=\"eBilet\"\n                                    data-category=\"biznes\"\n                                    data-subcategory=\"pozostale\"\n                                    data-city=\"\"\n                                    data-venue=\"\">\n                                    <div class=\"tickets-slider__sliderCard\">\n                                        \n<div class=\"card-ticket\">\n        <div class=\"card-ticket__image\">\n        <a href=\"https:\/\/www.ebilet.pl\/biznes\/pozostale\/odsprzedaz\">\n            <img decoding=\"async\" src=\"https:\/\/www.ebilet.pl\/media\/cms\/media\/lkwf0krx\/552x736-1.webp\" alt=\"Plakat wydarzenia\" \/>\n        <\/a>\n    <\/div>\n             \n    <div class=\"card-ticket__link\">\n        <a href=\"https:\/\/www.ebilet.pl\/biznes\/pozostale\/odsprzedaz\" class=\"button button--theme-primary-yellow button--withIconLeft button--size-small\">\n            <span class=\"button__icon icon icon-ticket\"><\/span>\n            <p class=\"button__text typo-16 f-600\">Kup bilet<\/p>\n        <\/a>\n    <\/div>\n    <\/div>                                    <\/div>\n                                <\/div>\n                                                            <div class=\"tickets-slider__sliderItem swiper-slide\"\n                                    data-id=\"89836\"\n                                    data-name=\"Eiv\u00f8r\"\n                                    data-brand=\"Fource Entertainment sp. z o o\"\n                                    data-category=\"muzyka\"\n                                    data-subcategory=\"pozostale\"\n                                    data-city=\"Pozna\u0144, Warszawa\"\n                                    data-venue=\"Klub Tama\">\n                                    <div class=\"tickets-slider__sliderCard\">\n                                        \n<div class=\"card-ticket\">\n        <div class=\"card-ticket__image\">\n        <a href=\"https:\/\/www.ebilet.pl\/muzyka\/pozostale\/eivor\">\n            <img decoding=\"async\" src=\"https:\/\/www.ebilet.pl\/media\/cms\/media\/m1ujcylb\/ebilet-552x736-eivor.webp\" alt=\"Plakat wydarzenia\" \/>\n        <\/a>\n    <\/div>\n             \n    <div class=\"card-ticket__link\">\n        <a href=\"https:\/\/www.ebilet.pl\/muzyka\/pozostale\/eivor\" class=\"button button--theme-primary-yellow button--withIconLeft button--size-small\">\n            <span class=\"button__icon icon icon-ticket\"><\/span>\n            <p class=\"button__text typo-16 f-600\">Kup bilet<\/p>\n        <\/a>\n    <\/div>\n    <\/div>                                    <\/div>\n                                <\/div>\n                                                            <div class=\"tickets-slider__sliderItem swiper-slide\"\n                                    data-id=\"203961\"\n                                    data-name=\"Circoloco Warsaw\"\n                                    data-brand=\"Awake Events Sp. z o.o.\"\n                                    data-category=\"muzyka\"\n                                    data-subcategory=\"festiwale\"\n                                    data-city=\"Warszawa\"\n                                    data-venue=\"Pa\u0142ac w Wilanowie\">\n                                    <div class=\"tickets-slider__sliderCard\">\n                                        \n<div class=\"card-ticket\">\n        <div class=\"card-ticket__image\">\n        <a href=\"https:\/\/www.ebilet.pl\/muzyka\/festiwale\/circoloco-warsaw\">\n            <img decoding=\"async\" src=\"https:\/\/www.ebilet.pl\/media\/cms\/media\/moylgab4\/strona-wydarzenia-pion-a2233c6c-8b45-46d1-88c7-c2b6d8631f7f.webp\" alt=\"Plakat wydarzenia\" \/>\n        <\/a>\n    <\/div>\n             \n    <div class=\"card-ticket__link\">\n        <a href=\"https:\/\/www.ebilet.pl\/muzyka\/festiwale\/circoloco-warsaw\" class=\"button button--theme-primary-yellow button--withIconLeft button--size-small\">\n            <span class=\"button__icon icon icon-ticket\"><\/span>\n            <p class=\"button__text typo-16 f-600\">Kup bilet<\/p>\n        <\/a>\n    <\/div>\n    <\/div>                                    <\/div>\n                                <\/div>\n                                                            <div class=\"tickets-slider__sliderItem swiper-slide\"\n                                    data-id=\"77334\"\n                                    data-name=\"OneRepublic\"\n                                    data-brand=\"Live Nation\"\n                                    data-category=\"muzyka\"\n                                    data-subcategory=\"pop\"\n                                    data-city=\"Krak\u00f3w\"\n                                    data-venue=\"TAURON Arena Krak\u00f3w\">\n                                    <div class=\"tickets-slider__sliderCard\">\n                                        \n<div class=\"card-ticket\">\n        <div class=\"card-ticket__image\">\n        <a href=\"https:\/\/www.ebilet.pl\/muzyka\/pop\/onerepublic\">\n            <img decoding=\"async\" src=\"https:\/\/www.ebilet.pl\/media\/cms\/media\/lpojz0b2\/or_552x736-d7c2e53e-d6f0-453c-b540-3c006a0c9314.webp\" alt=\"Plakat wydarzenia\" \/>\n        <\/a>\n    <\/div>\n             \n    <div class=\"card-ticket__link\">\n        <a href=\"https:\/\/www.ebilet.pl\/muzyka\/pop\/onerepublic\" class=\"button button--theme-primary-yellow button--withIconLeft button--size-small\">\n            <span class=\"button__icon icon icon-ticket\"><\/span>\n            <p class=\"button__text typo-16 f-600\">Kup bilet<\/p>\n        <\/a>\n    <\/div>\n    <\/div>                                    <\/div>\n                                <\/div>\n                                                            <div class=\"tickets-slider__sliderItem swiper-slide\"\n                                    data-id=\"204964\"\n                                    data-name=\"EPIC ROCK: Symphonic Concert\"\n                                    data-brand=\"VISUAL PRODUCTION Sp. z o.o. \"\n                                    data-category=\"muzyka\"\n                                    data-subcategory=\"rock\"\n                                    data-city=\"Gdynia, Pozna\u0144, Warszawa i inne\"\n                                    data-venue=\"MTP - Mi\u0119dzynarodowe Targi Pozna\u0144skie\">\n                                    <div class=\"tickets-slider__sliderCard\">\n                                        \n<div class=\"card-ticket\">\n        <div class=\"card-ticket__image\">\n        <a href=\"https:\/\/www.ebilet.pl\/muzyka\/rock\/epic-rock-symphonic-concert\">\n            <img decoding=\"async\" src=\"https:\/\/www.ebilet.pl\/media\/cms\/media\/gqgdpaua\/552x736-epic-rock_data-d7743615-48da-4014-8a56-ff6b809a1c25.webp\" alt=\"Plakat wydarzenia\" \/>\n        <\/a>\n    <\/div>\n             \n    <div class=\"card-ticket__link\">\n        <a href=\"https:\/\/www.ebilet.pl\/muzyka\/rock\/epic-rock-symphonic-concert\" class=\"button button--theme-primary-yellow button--withIconLeft button--size-small\">\n            <span class=\"button__icon icon icon-ticket\"><\/span>\n            <p class=\"button__text typo-16 f-600\">Kup bilet<\/p>\n        <\/a>\n    <\/div>\n    <\/div>                                    <\/div>\n                                <\/div>\n                                                            <div class=\"tickets-slider__sliderItem swiper-slide\"\n                                    data-id=\"10672\"\n                                    data-name=\"Red Bull Drift Masters, Grand Finale 2026, Poland\"\n                                    data-brand=\"Drift Masters Grand Prix Sp. z o.o.\"\n                                    data-category=\"sport\"\n                                    data-subcategory=\"sporty-motorowe\"\n                                    data-city=\"Warszawa\"\n                                    data-venue=\"PGE Narodowy im. Kazimierza G\u00f3rskiego\">\n                                    <div class=\"tickets-slider__sliderCard\">\n                                        \n<div class=\"card-ticket\">\n        <div class=\"card-ticket__image\">\n        <a href=\"https:\/\/www.ebilet.pl\/sport\/sporty-motorowe\/drift-masters\">\n            <img decoding=\"async\" src=\"https:\/\/www.ebilet.pl\/media\/cms\/media\/sz3ojwmd\/552x736-do-60kb-55f8db12-cfee-4159-a30d-647373ffe546.webp\" alt=\"Plakat wydarzenia\" \/>\n        <\/a>\n    <\/div>\n             \n    <div class=\"card-ticket__link\">\n        <a href=\"https:\/\/www.ebilet.pl\/sport\/sporty-motorowe\/drift-masters\" class=\"button button--theme-primary-yellow button--withIconLeft button--size-small\">\n            <span class=\"button__icon icon icon-ticket\"><\/span>\n            <p class=\"button__text typo-16 f-600\">Kup bilet<\/p>\n        <\/a>\n    <\/div>\n    <\/div>                                    <\/div>\n                                <\/div>\n                                                            <div class=\"tickets-slider__sliderItem swiper-slide\"\n                                    data-id=\"179828\"\n                                    data-name=\"XTB KSW 119\"\n                                    data-brand=\"Federacja KSW\"\n                                    data-category=\"sport\"\n                                    data-subcategory=\"sporty-walki\"\n                                    data-city=\"Radom\"\n                                    data-venue=\"Radomskie Centrum Sportu\">\n                                    <div class=\"tickets-slider__sliderCard\">\n                                        \n<div class=\"card-ticket\">\n        <div class=\"card-ticket__image\">\n        <a href=\"https:\/\/www.ebilet.pl\/sport\/sporty-walki\/gala-ksw\">\n            <img decoding=\"async\" src=\"https:\/\/www.ebilet.pl\/media\/cms\/media\/hxkpcc3z\/ksw119_552x736-kopia-cd3dc132-b7af-417f-9575-966793c590a0.webp\" alt=\"Plakat wydarzenia\" \/>\n        <\/a>\n    <\/div>\n             \n    <div class=\"card-ticket__link\">\n        <a href=\"https:\/\/www.ebilet.pl\/sport\/sporty-walki\/gala-ksw\" class=\"button button--theme-primary-yellow button--withIconLeft button--size-small\">\n            <span class=\"button__icon icon icon-ticket\"><\/span>\n            <p class=\"button__text typo-16 f-600\">Kup bilet<\/p>\n        <\/a>\n    <\/div>\n    <\/div>                                    <\/div>\n                                <\/div>\n                                                            <div class=\"tickets-slider__sliderItem swiper-slide\"\n                                    data-id=\"63906\"\n                                    data-name=\"Mecze towarzyskie Reprezentacji Polski m\u0119\u017cczyzn w siatk\u00f3wce\"\n                                    data-brand=\"Polska Siatk\u00f3wka Sp. z o.o.\"\n                                    data-category=\"sport\"\n                                    data-subcategory=\"sporty-druzynowe\"\n                                    data-city=\"Katowice, Sosnowiec\"\n                                    data-venue=\"ArcelorMittal Park w Sosnowcu\">\n                                    <div class=\"tickets-slider__sliderCard\">\n                                        \n<div class=\"card-ticket\">\n        <div class=\"card-ticket__image\">\n        <a href=\"https:\/\/www.ebilet.pl\/sport\/sporty-druzynowe\/mecz-siatkowki\">\n            <img decoding=\"async\" src=\"https:\/\/www.ebilet.pl\/media\/cms\/media\/paxoijep\/mecz-1-e7ebdff4-0eeb-4b41-87f8-b8cc79cca9e1.webp\" alt=\"Plakat wydarzenia\" \/>\n        <\/a>\n    <\/div>\n             \n    <div class=\"card-ticket__link\">\n        <a href=\"https:\/\/www.ebilet.pl\/sport\/sporty-druzynowe\/mecz-siatkowki\" class=\"button button--theme-primary-yellow button--withIconLeft button--size-small\">\n            <span class=\"button__icon icon icon-ticket\"><\/span>\n            <p class=\"button__text typo-16 f-600\">Kup bilet<\/p>\n        <\/a>\n    <\/div>\n    <\/div>                                    <\/div>\n                                <\/div>\n                                                            <div class=\"tickets-slider__sliderItem swiper-slide\"\n                                    data-id=\"121727\"\n                                    data-name=\"Rzeszowskie Juwenalia 2026\"\n                                    data-brand=\"BREND GROUP SP\u00d3\u0141KA Z OGRANICZON\u0104 ODPOWIEDZIALNO\u015aCI\u0104\"\n                                    data-category=\"muzyka\"\n                                    data-subcategory=\"festiwale\"\n                                    data-city=\"Rzesz\u00f3w\"\n                                    data-venue=\"\">\n                                    <div class=\"tickets-slider__sliderCard\">\n                                        \n<div class=\"card-ticket\">\n        <div class=\"card-ticket__image\">\n        <a href=\"https:\/\/www.ebilet.pl\/muzyka\/festiwale\/rzeszowskie-juwenalia\">\n            <img decoding=\"async\" src=\"https:\/\/www.ebilet.pl\/media\/cms\/media\/mmxfjquy\/rzj_ebilet-ok_adka-pion-c1e9f827-0b41-4d73-81c6-5531b20e6005.webp\" alt=\"Plakat wydarzenia\" \/>\n        <\/a>\n    <\/div>\n             \n    <div class=\"card-ticket__link\">\n        <a href=\"https:\/\/www.ebilet.pl\/muzyka\/festiwale\/rzeszowskie-juwenalia\" class=\"button button--theme-primary-yellow button--withIconLeft button--size-small\">\n            <span class=\"button__icon icon icon-ticket\"><\/span>\n            <p class=\"button__text typo-16 f-600\">Kup bilet<\/p>\n        <\/a>\n    <\/div>\n    <\/div>                                    <\/div>\n                                <\/div>\n                                                            <div class=\"tickets-slider__sliderItem swiper-slide\"\n                                    data-id=\"8112\"\n                                    data-name=\"21. Tauron Nowa Muzyka Katowice 2026\"\n                                    data-brand=\"Fundacja Nowa Muzyka Katowice\"\n                                    data-category=\"muzyka\"\n                                    data-subcategory=\"festiwale\"\n                                    data-city=\"Katowice\"\n                                    data-venue=\"Narodowa Orkiestra Symfoniczna Polskiego Radia - NOSPR\">\n                                    <div class=\"tickets-slider__sliderCard\">\n                                        \n<div class=\"card-ticket\">\n        <div class=\"card-ticket__image\">\n        <a href=\"https:\/\/www.ebilet.pl\/muzyka\/festiwale\/tauron-nowa-muzyka\">\n            <img decoding=\"async\" src=\"https:\/\/www.ebilet.pl\/media\/cms\/media\/ksnpugtd\/secret-stage-12d20587-5578-4e4b-baa0-104b56bea764.webp\" alt=\"Plakat wydarzenia\" \/>\n        <\/a>\n    <\/div>\n             \n    <div class=\"card-ticket__link\">\n        <a href=\"https:\/\/www.ebilet.pl\/muzyka\/festiwale\/tauron-nowa-muzyka\" class=\"button button--theme-primary-yellow button--withIconLeft button--size-small\">\n            <span class=\"button__icon icon icon-ticket\"><\/span>\n            <p class=\"button__text typo-16 f-600\">Kup bilet<\/p>\n        <\/a>\n    <\/div>\n    <\/div>                                    <\/div>\n                                <\/div>\n                                                            <div class=\"tickets-slider__sliderItem swiper-slide\"\n                                    data-id=\"29716\"\n                                    data-name=\"ATB | FINAL CHAPTER | POLAND TOUR\"\n                                    data-brand=\"HOT STAFF\"\n                                    data-category=\"muzyka\"\n                                    data-subcategory=\"elektro-techno\"\n                                    data-city=\"Bia\u0142ystok, Bydgoszcz, Gdynia i inne\"\n                                    data-venue=\"Wakepark Bydgoszcz\/My\u015bl\u0119cinek\">\n                                    <div class=\"tickets-slider__sliderCard\">\n                                        \n<div class=\"card-ticket\">\n        <div class=\"card-ticket__image\">\n        <a href=\"https:\/\/www.ebilet.pl\/muzyka\/elektro-techno\/atb\">\n            <img decoding=\"async\" src=\"https:\/\/www.ebilet.pl\/media\/cms\/media\/lfio3ow5\/ebilet-pion-2.webp\" alt=\"Plakat wydarzenia\" \/>\n        <\/a>\n    <\/div>\n             \n    <div class=\"card-ticket__link\">\n        <a href=\"https:\/\/www.ebilet.pl\/muzyka\/elektro-techno\/atb\" class=\"button button--theme-primary-yellow button--withIconLeft button--size-small\">\n            <span class=\"button__icon icon icon-ticket\"><\/span>\n            <p class=\"button__text typo-16 f-600\">Kup bilet<\/p>\n        <\/a>\n    <\/div>\n    <\/div>                                    <\/div>\n                                <\/div>\n                                                            <div class=\"tickets-slider__sliderItem swiper-slide\"\n                                    data-id=\"203093\"\n                                    data-name=\"B-DAY Festival by bambi\"\n                                    data-brand=\"BDF Sp. z.o.o.\"\n                                    data-category=\"muzyka\"\n                                    data-subcategory=\"hip-hop-rap\"\n                                    data-city=\"Warszawa\"\n                                    data-venue=\"Hala COS Torwar \">\n                                    <div class=\"tickets-slider__sliderCard\">\n                                        \n<div class=\"card-ticket\">\n        <div class=\"card-ticket__image\">\n        <a href=\"https:\/\/www.ebilet.pl\/muzyka\/hip-hop-rap\/bambi\">\n            <img decoding=\"async\" src=\"https:\/\/www.ebilet.pl\/media\/cms\/media\/gifbpcig\/552x736-1-320cc3b0-5e5a-4852-a922-efc848865831.webp\" alt=\"Plakat wydarzenia\" \/>\n        <\/a>\n    <\/div>\n             \n    <div class=\"card-ticket__link\">\n        <a href=\"https:\/\/www.ebilet.pl\/muzyka\/hip-hop-rap\/bambi\" class=\"button button--theme-primary-yellow button--withIconLeft button--size-small\">\n            <span class=\"button__icon icon icon-ticket\"><\/span>\n            <p class=\"button__text typo-16 f-600\">Kup bilet<\/p>\n        <\/a>\n    <\/div>\n    <\/div>                                    <\/div>\n                                <\/div>\n                                                            <div class=\"tickets-slider__sliderItem swiper-slide\"\n                                    data-id=\"195709\"\n                                    data-name=\"Taco Hemingway 2026 \u2020\u2020\u2020our\"\n                                    data-brand=\"Revolume Sp. z o.o.\"\n                                    data-category=\"muzyka\"\n                                    data-subcategory=\"hip-hop-rap\"\n                                    data-city=\"Gda\u0144sk\/Sopot, Krak\u00f3w, Warszawa i inne\"\n                                    data-venue=\"Hala Stulecia\">\n                                    <div class=\"tickets-slider__sliderCard\">\n                                        \n<div class=\"card-ticket\">\n        <div class=\"card-ticket__image\">\n        <a href=\"https:\/\/www.ebilet.pl\/muzyka\/hip-hop-rap\/taco-hemingway\">\n            <img decoding=\"async\" src=\"https:\/\/www.ebilet.pl\/media\/cms\/media\/goegdsz5\/552x736-ogolna.webp\" alt=\"Plakat wydarzenia\" \/>\n        <\/a>\n    <\/div>\n             \n    <div class=\"card-ticket__link\">\n        <a href=\"https:\/\/www.ebilet.pl\/muzyka\/hip-hop-rap\/taco-hemingway\" class=\"button button--theme-primary-yellow button--withIconLeft button--size-small\">\n            <span class=\"button__icon icon icon-ticket\"><\/span>\n            <p class=\"button__text typo-16 f-600\">Kup bilet<\/p>\n        <\/a>\n    <\/div>\n    <\/div>                                    <\/div>\n                                <\/div>\n                                                            <div class=\"tickets-slider__sliderItem swiper-slide\"\n                                    data-id=\"145251\"\n                                    data-name=\"Juwenalia Politechniki Lubelskiej 2026\"\n                                    data-brand=\"EVENT STUDIO KOWALEWSKI BRE\u015a Sp. J.\"\n                                    data-category=\"muzyka\"\n                                    data-subcategory=\"festiwale\"\n                                    data-city=\"Lublin\"\n                                    data-venue=\"Tereny Zielone Politechniki Lubelskiej\">\n                                    <div class=\"tickets-slider__sliderCard\">\n                                        \n<div class=\"card-ticket\">\n        <div class=\"card-ticket__image\">\n        <a href=\"https:\/\/www.ebilet.pl\/muzyka\/festiwale\/juwenalia-politechniki-lubelskiej\">\n            <img decoding=\"async\" src=\"https:\/\/www.ebilet.pl\/media\/cms\/media\/banlyonx\/552x736-1-f8bcb3b5-3fce-455f-89a1-2ee3034689b1.webp\" alt=\"Plakat wydarzenia\" \/>\n        <\/a>\n    <\/div>\n             \n    <div class=\"card-ticket__link\">\n        <a href=\"https:\/\/www.ebilet.pl\/muzyka\/festiwale\/juwenalia-politechniki-lubelskiej\" class=\"button button--theme-primary-yellow button--withIconLeft button--size-small\">\n            <span class=\"button__icon icon icon-ticket\"><\/span>\n            <p class=\"button__text typo-16 f-600\">Kup bilet<\/p>\n        <\/a>\n    <\/div>\n    <\/div>                                    <\/div>\n                                <\/div>\n                                                            <div class=\"tickets-slider__sliderItem swiper-slide\"\n                                    data-id=\"5930\"\n                                    data-name=\"Audioriver Festival 2026\"\n                                    data-brand=\"Audioriver Sp. z o.o.\"\n                                    data-category=\"muzyka\"\n                                    data-subcategory=\"festiwale\"\n                                    data-city=\"\u0141\u00f3d\u017a\"\n                                    data-venue=\"B\u0142onia \u0141\u00f3dzkie\">\n                                    <div class=\"tickets-slider__sliderCard\">\n                                        \n<div class=\"card-ticket\">\n        <div class=\"card-ticket__image\">\n        <a href=\"https:\/\/www.ebilet.pl\/muzyka\/festiwale\/audioriver\">\n            <img decoding=\"async\" src=\"https:\/\/www.ebilet.pl\/media\/cms\/media\/gfjpcqll\/so-far5-pion-84d088fb-d165-4b1b-b069-77f1f8fa737b.webp\" alt=\"Plakat wydarzenia\" \/>\n        <\/a>\n    <\/div>\n             \n    <div class=\"card-ticket__link\">\n        <a href=\"https:\/\/www.ebilet.pl\/muzyka\/festiwale\/audioriver\" class=\"button button--theme-primary-yellow button--withIconLeft button--size-small\">\n            <span class=\"button__icon icon icon-ticket\"><\/span>\n            <p class=\"button__text typo-16 f-600\">Kup bilet<\/p>\n        <\/a>\n    <\/div>\n    <\/div>                                    <\/div>\n                                <\/div>\n                                                    <\/div>\n                    <\/div>\n                <\/div>\n            <\/div>\n        <\/div>\n    <\/div>\n<\/section>\n\n\n<section class=\"text-block  section-margin-32\" >\n    <div class=\"container\">\n        <div class=\"row\">\n            <div class=\"col-24\">\n                <div class=\"text-block__content\"><h2><strong>Zagraniczne kr\u00f3lowe musicalu \u2013 ranking 5 najlepszych aktorek<\/strong><\/h2>\n<h3><strong>1. Sierra Boggess<\/strong><\/h3>\n<p><b>Sierra Boggess to ameryka\u0144ska aktorka i sopranistka, kt\u00f3ra od lat czaruje widz\u00f3w na Broadwayu i West Endzie. <\/b><span style=\"font-weight: 400;\">Po studiach w Millikin University rozpocz\u0119\u0142a karier\u0119 w obsadzie ameryka\u0144skiego touru \u201cLes Mis\u00e9rables\u201d. By\u0142a dublerk\u0105 Cosette.\u00a0<\/span><\/p>\n<p><span style=\"font-weight: 400;\">Na tradycyjnej scenie musicalowej<\/span><b> zadebiutowa\u0142a w 2006 roku jako Christine Daa\u00e9 w \u201cUpiorze w operze\u201d <\/b><span style=\"font-weight: 400;\">(znanym tam jako \u201cPhantom \u2013 The Las Vegas Spectacular\u201d) w Las Vegas.\u00a0<\/span><\/p>\n<p><span style=\"font-weight: 400;\">Rok p\u00f3\u017aniej <\/span><b>zachwyci\u0142a publiczno\u015b\u0107 i krytyk\u00f3w rol\u0105 Arielki w \u201cMa\u0142ej Syrence\u201d. By\u0142a pierwsz\u0105 aktork\u0105 w tej roli na Broadwayu. <\/b><span style=\"font-weight: 400;\">Jednocze\u015bnie gra\u0142a w przedstawieniu \u201cMusic in the Air\u201d w roli Sieglinde Lessing.\u00a0<\/span><\/p>\n<p><span style=\"font-weight: 400;\">W 2010 roku Andrew Lloyd Webber zaprosi\u0142 j\u0105 do pr\u00f3b sequela \u201cUpiora w operze \u2014 Love Never Dies\u201d. 22 lutego 2010 roku Boggess zosta\u0142a pierwsz\u0105 Christine Daa\u00e9 na londy\u0144skim West Endzie (Adelphi Theatre). Wraz z Raminem Karimloo wyst\u0105pili tak\u017ce w jubileuszowych galach \u201cUpiora w operze\u201d w Royal Albert Hall z okazji 25-lecia.<\/span><\/p>\n<p><b>W repertuarze ma te\u017c role takie jak chocia\u017cby:<\/b><\/p>\n<ul>\n<li style=\"font-weight: 400;\" aria-level=\"1\"><span style=\"font-weight: 400;\">Fantine w \u201cLes Mis\u00e9rables\u201d na West Endzie,\u00a0<\/span><\/li>\n<li style=\"font-weight: 400;\" aria-level=\"1\"><span style=\"font-weight: 400;\">Rosalie Mullins w \u201cSchool of Rock\u201d,\u00a0<\/span><\/li>\n<li style=\"font-weight: 400;\" aria-level=\"1\"><span style=\"font-weight: 400;\">Lily Craven w \u201cThe Secret Garden\u201d,<\/span><\/li>\n<li style=\"font-weight: 400;\" aria-level=\"1\"><span style=\"font-weight: 400;\">hrabina Ellen Olenska w adaptacji \u201cThe Age of Innocence\u201d.\u00a0<\/span><\/li>\n<\/ul>\n<p><b>W\u015br\u00f3d jej nagr\u00f3d znajdziesz m.in.<\/b><span style=\"font-weight: 400;\"> nominacje do Drama Desk i Laurence Olivier oraz wygrane w plebiscytach Broadway.com i Broadway.com Audience Awards za szczeg\u00f3lne wyst\u0119py.<\/span><\/p>\n<h3><strong>2. Leanne Jones<\/strong><\/h3>\n<p><span style=\"font-weight: 400;\">Leanne Jones to brytyjska aktorka musicalowa<\/span><b>, najbardziej znana z roli Tracy Turnblad w westendowej produkcji \u201cHairspray\u201d.<\/b><span style=\"font-weight: 400;\"> Za ten wyst\u0119p w 2008 roku <\/span><b>zdoby\u0142a trzy presti\u017cowe nagrody: <\/b><span style=\"font-weight: 400;\">Laurence Olivier Award, Theatregoers\u2019 Choice Award i Critics\u2019 Circle Award dla najlepszej debiutuj\u0105cej aktorki musicalowej.<\/span><\/p>\n<p><span style=\"font-weight: 400;\">Studiowa\u0142a aktorstwo w Mountview Academy of Theatre Arts w Londynie, kt\u00f3r\u0105 uko\u0144czy\u0142a w 2006 roku. <\/span><b>Od tamtego czasu wyst\u0119powa\u0142a w takich spektaklach jak chocia\u017cby:<\/b><\/p>\n<ul>\n<li style=\"font-weight: 400;\" aria-level=\"1\"><span style=\"font-weight: 400;\">\u201cJack &amp; The Beanstalk\u201d,<\/span><\/li>\n<li style=\"font-weight: 400;\" aria-level=\"1\"><span style=\"font-weight: 400;\">\u201cThe Naked Truth\u201d,<\/span><\/li>\n<li style=\"font-weight: 400;\" aria-level=\"1\"><span style=\"font-weight: 400;\">\u201cTick Tick Boom\u201d,<\/span><\/li>\n<li style=\"font-weight: 400;\" aria-level=\"1\"><span style=\"font-weight: 400;\">\u201cYou\u2019re a Good Man Charlie Brown\u201d,<\/span><\/li>\n<li style=\"font-weight: 400;\" aria-level=\"1\"><span style=\"font-weight: 400;\">\u201cBeauty &amp; The Beast\u201d.<\/span><\/li>\n<\/ul>\n<p><span style=\"font-weight: 400;\">W przysz\u0142o\u015bci pewnie jeszcze niejednokrotnie zachwyci publiczno\u015b\u0107 swoimi rolami.<\/span><\/p>\n<h3><strong>3. Katie Brayben<\/strong><\/h3>\n<p><span style=\"font-weight: 400;\">Katie Brayben to brytyjska aktorka musicalowa, wokalistka i autorka piosenek. Jest jedn\u0105 z najbardziej cenionych artystek wsp\u00f3\u0142czesnego West Endu. <\/span><b>Dwukrotnie otrzyma\u0142a Laurence Olivier Award za najlepsz\u0105 rol\u0119 musicalow\u0105. <\/b><span style=\"font-weight: 400;\">Pierwszy raz zosta\u0142a wyr\u00f3\u017cniona w 2015 roku za kreacj\u0119 Carole King w \u201cBeautiful: The Carole King Musical\u201d, a drug\u0105 w 2023 roku za tytu\u0142ow\u0105 rol\u0119 w \u201cTammy Faye\u201d.<\/span><\/p>\n<p><span style=\"font-weight: 400;\">Pochodzi z muzycznej rodziny. Jej rodzice, Mick Burke i Frances McGillivray, wyst\u0119powali jako bluesowy duet, a siostra Jo Burke jest wokalistk\u0105 folkow\u0105. Katie za\u015b studiowa\u0142a aktorstwo w Rose Bruford College of Theatre and Performance, kt\u00f3re uko\u0144czy\u0142a w 2003 roku. A teraz wyst\u0119puje w musicalach, \u0142\u0105cz\u0105c gr\u0119 aktorsk\u0105 z muzyk\u0105.<\/span><\/p>\n<p><b>Na scenie zadebiutowa\u0142a rol\u0105 Sophie w \u201cMamma Mia!\u201d (tour i West End). W kolejnych latach wyst\u0119powa\u0142a w takich spektaklach jak chocia\u017cby:<\/b><\/p>\n<ul>\n<li style=\"font-weight: 400;\" aria-level=\"1\"><span style=\"font-weight: 400;\">\u201cAmerican Psycho\u201d,<\/span><\/li>\n<li style=\"font-weight: 400;\" aria-level=\"1\"><span style=\"font-weight: 400;\">\u201cKing Charles III\u201d,<\/span><\/li>\n<li style=\"font-weight: 400;\" aria-level=\"1\"><span style=\"font-weight: 400;\">\u201cBeautiful: The Carole King Musical\u201d,<\/span><\/li>\n<li style=\"font-weight: 400;\" aria-level=\"1\"><span style=\"font-weight: 400;\">\u201cMy Mother Said I Never Should\u201d,<\/span><\/li>\n<li style=\"font-weight: 400;\" aria-level=\"1\"><span style=\"font-weight: 400;\">\u201cGirl from the North Country\u201d,<\/span><\/li>\n<li style=\"font-weight: 400;\" aria-level=\"1\"><span style=\"font-weight: 400;\">\u201cTammy Faye\u201d.<\/span><\/li>\n<\/ul>\n<p><span style=\"font-weight: 400;\">W 2025 roku wyst\u0105pi w roli Baker\u2019s Wife w nowej produkcji \u201cInto the Woods\u201d w Bridge Theatre.<\/span><\/p>\n<p><span style=\"font-weight: 400;\">Katie Brayben ma na koncie tak\u017ce role telewizyjne, m.in. w serialach \u201cDoctor Who\u201d, \u201cLuther\u201d, \u201cMiss Scarlet and The Duke\u201d, \u201cQueen Charlotte: A Bridgerton Story\u201d oraz \u201cThe Wheel of Time\u201d. \u0141\u0105czy karier\u0119 aktorki i wokalistki z dzia\u0142alno\u015bci\u0105 autorsk\u0105 \u2014 pisze w\u0142asne utwory i koncertuje jako songwriterka graj\u0105ca na pianinie i gitarze.<\/span><\/p>\n<h3><strong>4. Lisa O\u2019Hare<\/strong><\/h3>\n<p><span style=\"font-weight: 400;\">Lisa O\u2019Hare to brytyjska aktorka musicalowa, kt\u00f3ra zdoby\u0142a uznanie dzi\u0119ki rolom <\/span><b>Elizy Doolittle w \u201cMy Fair Lady\u201d oraz tytu\u0142owej postaci w \u201cMary Poppins\u201d na West Endzie<\/b><span style=\"font-weight: 400;\"> i w trasach po Wielkiej Brytanii. <\/span><b>Na Broadwayu zadebiutowa\u0142a w roli Sibelli Hallward w \u201cA Gentleman\u2019s Guide to Love and Murder\u201d.<\/b><\/p>\n<p><span style=\"font-weight: 400;\">Od jedenastego do szesnastego roku \u017cycia uczy\u0142a si\u0119 w Royal Ballet School, dzi\u0119ki czemu teraz tak zachwyca widz\u00f3w nie tylko w teatrach, ale tak\u017ce w telewizji.<\/span><\/p>\n<p><span style=\"font-weight: 400;\">Na scenie od momentu debiutu wywo\u0142ywa\u0142a zachwyt w takich spektaklach jak \u201cAlice and the Others\u201d w Sadler\u2019s Wells czy \u201cDefile\u201d w Royal Opera House. Nast\u0119pnie do\u0142\u0105czy\u0142a do oryginalnej londy\u0144skiej obsady \u201cMary Poppins\u201d jako dublerka Laury Michelle Kelly i cz\u0142onkini zespo\u0142u. <\/span><b>W 2006 roku wyst\u0105pi\u0142a w krajowej trasie UK \u201cMy Fair Lady\u201d, a rok p\u00f3\u017aniej powr\u00f3ci\u0142a do \u201cMary Poppins\u201d na West Endzie w roli g\u0142\u00f3wnej. Do tych dw\u00f3ch r\u00f3l wraca\u0142a wielokrotnie w r\u00f3\u017cnych miejscach. Tak dobrze je odgrywa, \u017ce m.in.:<\/b><\/p>\n<ul>\n<li style=\"font-weight: 400;\" aria-level=\"1\"><span style=\"font-weight: 400;\">otrzyma\u0142a nominacj\u0119 do Helen Hayes Award,<\/span><\/li>\n<li style=\"font-weight: 400;\" aria-level=\"1\"><span style=\"font-weight: 400;\">zdoby\u0142a Elliot Norton Award.\u00a0<\/span><\/li>\n<\/ul>\n<p><span style=\"font-weight: 400;\">Lisa O\u2019Hare wyst\u0119powa\u0142a tak\u017ce w telewizji, m.in. w \u201cThe Closer\u201d, \u201cCastle\u201d, \u201cUndercovers\u201d, \u201cNew Amsterdam\u201d, \u201cThe Sandman\u201d i \u201cWednesday\u201d, \u0142\u0105cz\u0105c talent aktorski z umiej\u0119tno\u015bciami tanecznymi.<\/span><\/p>\n<p><b>Za rol\u0119 Sally Bowles w \u201cCabaret\u201d dla Reprise Theatre Company otrzyma\u0142a LA Drama Critics Circle Award dla najlepszej aktorki pierwszoplanowej.<\/b><\/p>\n<h3><strong>5. Samantha Barks<\/strong><\/h3>\n<p><span style=\"font-weight: 400;\">Samantha Barks to brytyjska aktorka i piosenkarka, kt\u00f3ra zdoby\u0142a \u015bwiatow\u0105 popularno\u015b\u0107 dzi\u0119ki roli Eponiny w filmowej adaptacji musicalu \u201cLes Mis\u00e9rables\u201d. Nic dziwnego, skoro ju\u017c od trzeciego roku \u017cycia trenowa\u0142a taniec \u2013 balet, taniec nowoczesny i stepowanie. W wieku 16 lat przeprowadzi\u0142a si\u0119 do Londynu, gdzie ucz\u0119szcza\u0142a do The Arts Educational Schools w Chiswick.<\/span><\/p>\n<p><b>Karier\u0119 sceniczn\u0105 rozpocz\u0119\u0142a w 2008 roku rol\u0105 Sally Bowles w brytyjskiej produkcji \u201cKabaret\u201d, a nast\u0119pnie wyst\u0119powa\u0142a m.in.:<\/b><\/p>\n<ul>\n<li style=\"font-weight: 400;\" aria-level=\"1\"><span style=\"font-weight: 400;\">w pantomimie \u201cAladyn\u201d w Theatre Royal<\/span><\/li>\n<li style=\"font-weight: 400;\" aria-level=\"1\"><span style=\"font-weight: 400;\">w musicalu \u201cOliver!\u201d jako Nancy,<\/span><\/li>\n<li style=\"font-weight: 400;\" aria-level=\"1\"><span style=\"font-weight: 400;\">w londy\u0144skiej produkcji \u201cLes Mis\u00e9rables\u201d jako Eponine.\u00a0<\/span><\/li>\n<\/ul>\n<p><b>Za t\u0119 ostatni\u0105 rol\u0119 zosta\u0142a wybrana do udzia\u0142u w obchodach 25-lecia musicalu na Arenie O2 w Londynie w 2010 roku.<\/b><\/p>\n<p><span style=\"font-weight: 400;\">W 2012 roku wyst\u0105pi\u0142a w filmowej adaptacji \u201cLes Mis\u00e9rables\u201d, a jej wykonanie utworu \u201cOn My Own\u201d trafi\u0142o na 97. miejsce listy Billboard Hot 100 i 43. miejsce w Wielkiej Brytanii.<\/span><\/p>\n<p><b>Samantha kontynuowa\u0142a karier\u0119 sceniczn\u0105, graj\u0105c w musicalach takich jak:<\/b><\/p>\n<ul>\n<li style=\"font-weight: 400;\" aria-level=\"1\"><span style=\"font-weight: 400;\">\u201cChicago\u201d jako Velma Kelly,<\/span><\/li>\n<li style=\"font-weight: 400;\" aria-level=\"1\"><span style=\"font-weight: 400;\">\u201cPretty Woman: The Musical\u201d jako Vivian,<\/span><\/li>\n<li style=\"font-weight: 400;\" aria-level=\"1\"><span style=\"font-weight: 400;\">\u201cFrozen \u2013 The West End Musical\u201d jako Elsa (od sierpnia 2021 roku).<\/span><\/li>\n<\/ul>\n<p><span style=\"font-weight: 400;\">Ciekawe, w jakich rolach jeszcze j\u0105 zobaczymy!<\/span><\/p>\n<\/div>\n            <\/div>\n        <\/div>\n    <\/div>\n<\/section>\n\n\n    <section class=\"events-carousel-block  section-margin-32\"\n        data-events-carousel\n        data-settings='{\"per_view\":5}'\n        data-item-list-name=\"Karuzela niska Polecamy na eBilet\"\n        data-item-list-id=\"karuzela_niska Polecamy na eBilet\"\n        >\n        <div class=\"container\">\n                            <div class=\"row\">\n                    <div class=\"col-24\">\n                        <div class=\"events-carousel-block__title\">\n                            <h2 class=\"typo-h2\">Polecamy na eBilet<\/h2>\n                        <\/div>\n                    <\/div>\n                <\/div>\n                        <div class=\"row\">\n                <div class=\"col-24\">\n                    <div class=\"events-carousel-block__events\">\n                        <div class=\"events-carousel-block__nav events-carousel-block__nav--prev\">\n                            <div class=\"button button--withIcon button--theme-white-blur button--size-fixed-48\" data-events-carousel-prev>\n                                <span class=\"button__icon icon icon-chevron-left\"><\/span>\n                            <\/div>\n                        <\/div>\n                        <div class=\"events-carousel-block__nav events-carousel-block__nav--next\">\n                            <div class=\"button button--withIcon button--theme-white-blur button--size-fixed-48\" data-events-carousel-next>\n                                <span class=\"button__icon icon icon-chevron-right\"><\/span>\n                            <\/div>\n                        <\/div>\n                        <div class=\"events-carousel-block__slider swiper\" data-events-carousel-slider>\n                            <div class=\"events-carousel-block__sliderWrapper swiper-wrapper\">\n                                                                    <div class=\"events-carousel-block__sliderItem swiper-slide\"\n                                        data-id=\"94598\"\n                                        data-name=\"FAME 31\"\n                                        data-brand=\"Fame MMA\"\n                                        data-category=\"sport\"\n                                        data-subcategory=\"sporty-walki\"\n                                        data-city=\"Koszalin\"\n                                        data-venue=\"Hala Widowiskowo-Sportowa w Koszalinie\">\n                                        \n<div class=\"card-event  card-event--size-small\">\n        <a href=\"https:\/\/www.ebilet.pl\/sport\/sporty-walki\/fame-mma\" target=\"_blank\" class=\"card-event__link\" rel=\"nofollow noopener\"><\/a>\n        <div class=\"card-event__wrapper\">\n        <div class=\"card-event__image\">\n            <img decoding=\"async\" src=\"https:\/\/www.ebilet.pl\/media\/cms\/media\/orylmco5\/fame31-cover-ebilet-656x369.webp\" alt=\"\">\n        <\/div>\n        <div class=\"card-event__data\">\n            <div class=\"card-event__name\">\n                <p>FAME 31<\/p>\n            <\/div>\n            <div class=\"card-event__date\"><\/div>\n            <div class=\"card-event__location\">Koszalin<\/div>\n        <\/div>\n    <\/div>\n<\/div>                                    <\/div>\n                                                                    <div class=\"events-carousel-block__sliderItem swiper-slide\"\n                                        data-id=\"161461\"\n                                        data-name=\"Boeing Boeing - Teatr Capitol\"\n                                        data-brand=\"Teatr Capitol\"\n                                        data-category=\"teatr\"\n                                        data-subcategory=\"komedia\"\n                                        data-city=\"Gda\u0144sk, Warszawa\"\n                                        data-venue=\"Teatr Capitol w Warszawie\">\n                                        \n<div class=\"card-event  card-event--size-small\">\n        <a href=\"https:\/\/www.ebilet.pl\/teatr\/komedia\/boeing-boeing-teatr-capitol\" target=\"_blank\" class=\"card-event__link\" rel=\"nofollow noopener\"><\/a>\n        <div class=\"card-event__wrapper\">\n        <div class=\"card-event__image\">\n            <img decoding=\"async\" src=\"https:\/\/www.ebilet.pl\/media\/cms\/media\/4oebxceo\/656x359-popr-20-11.webp\" alt=\"\">\n        <\/div>\n        <div class=\"card-event__data\">\n            <div class=\"card-event__name\">\n                <p>Boeing Boeing &#8211; Teatr Capitol<\/p>\n            <\/div>\n            <div class=\"card-event__date\"><\/div>\n            <div class=\"card-event__location\">Gda\u0144sk, Warszawa<\/div>\n        <\/div>\n    <\/div>\n<\/div>                                    <\/div>\n                                                                    <div class=\"events-carousel-block__sliderItem swiper-slide\"\n                                        data-id=\"13630\"\n                                        data-name=\"M\u0119skie Granie 2026\"\n                                        data-brand=\"LIVE Sp. z o.o.\"\n                                        data-category=\"muzyka\"\n                                        data-subcategory=\"festiwale\"\n                                        data-city=\"Gda\u0144sk, Krak\u00f3w, Pozna\u0144 i inne\"\n                                        data-venue=\"\u017bywiec Amfiteatr pod Grojcem\">\n                                        \n<div class=\"card-event  card-event--size-small\">\n        <a href=\"https:\/\/www.ebilet.pl\/muzyka\/festiwale\/meskie-granie\" target=\"_blank\" class=\"card-event__link\" rel=\"nofollow noopener\"><\/a>\n        <div class=\"card-event__wrapper\">\n        <div class=\"card-event__image\">\n            <img decoding=\"async\" src=\"https:\/\/www.ebilet.pl\/media\/cms\/media\/fl5hhucv\/656x369-11-78db817f-ad60-4332-b49a-e1c7a2e31068.webp\" alt=\"\">\n        <\/div>\n        <div class=\"card-event__data\">\n            <div class=\"card-event__name\">\n                <p>M\u0119skie Granie 2026<\/p>\n            <\/div>\n            <div class=\"card-event__date\"><\/div>\n            <div class=\"card-event__location\">Gda\u0144sk, Krak\u00f3w, Pozna\u0144 i inne<\/div>\n        <\/div>\n    <\/div>\n<\/div>                                    <\/div>\n                                                                    <div class=\"events-carousel-block__sliderItem swiper-slide\"\n                                        data-id=\"38728\"\n                                        data-name=\"Silesia Memoria\u0142 Kamili Skolimowskiej\"\n                                        data-brand=\"Fundacja Kamili Skolimowskiej\"\n                                        data-category=\"sport\"\n                                        data-subcategory=\"lekkoatletyka\"\n                                        data-city=\"Chorz\u00f3w\"\n                                        data-venue=\"Superauto.pl Stadion \u015al\u0105ski\">\n                                        \n<div class=\"card-event  card-event--size-small\">\n        <a href=\"https:\/\/www.ebilet.pl\/sport\/lekkoatletyka\/memorial-kamili-skolimowskiej\" target=\"_blank\" class=\"card-event__link\" rel=\"nofollow noopener\"><\/a>\n        <div class=\"card-event__wrapper\">\n        <div class=\"card-event__image\">\n            <img decoding=\"async\" src=\"https:\/\/www.ebilet.pl\/media\/cms\/media\/szunpuvg\/656x369-2-f821045a-7792-4901-947d-c0affda9f75a.webp\" alt=\"\">\n        <\/div>\n        <div class=\"card-event__data\">\n            <div class=\"card-event__name\">\n                <p>Silesia Memoria\u0142 Kamili Skolimowskiej<\/p>\n            <\/div>\n            <div class=\"card-event__date\"><\/div>\n            <div class=\"card-event__location\">Chorz\u00f3w<\/div>\n        <\/div>\n    <\/div>\n<\/div>                                    <\/div>\n                                                                    <div class=\"events-carousel-block__sliderItem swiper-slide\"\n                                        data-id=\"128680\"\n                                        data-name=\"Sunset Square 2026\"\n                                        data-brand=\"MDT Production\"\n                                        data-category=\"muzyka\"\n                                        data-subcategory=\"festiwale\"\n                                        data-city=\"Gdynia\"\n                                        data-venue=\"Skwer Ko\u015bciuszki\">\n                                        \n<div class=\"card-event  card-event--size-small\">\n        <a href=\"https:\/\/www.ebilet.pl\/muzyka\/festiwale\/sunset-square\" target=\"_blank\" class=\"card-event__link\" rel=\"nofollow noopener\"><\/a>\n        <div class=\"card-event__wrapper\">\n        <div class=\"card-event__image\">\n            <img decoding=\"async\" src=\"https:\/\/www.ebilet.pl\/media\/cms\/media\/idvdsit0\/boris-brejcha-1920x1080-05899710-c9c2-4417-95f9-aad73df94b6c.webp\" alt=\"\">\n        <\/div>\n        <div class=\"card-event__data\">\n            <div class=\"card-event__name\">\n                <p>Sunset Square 2026<\/p>\n            <\/div>\n            <div class=\"card-event__date\"><\/div>\n            <div class=\"card-event__location\">Gdynia<\/div>\n        <\/div>\n    <\/div>\n<\/div>                                    <\/div>\n                                                                    <div class=\"events-carousel-block__sliderItem swiper-slide\"\n                                        data-id=\"10672\"\n                                        data-name=\"Red Bull Drift Masters, Grand Finale 2026, Poland\"\n                                        data-brand=\"Drift Masters Grand Prix Sp. z o.o.\"\n                                        data-category=\"sport\"\n                                        data-subcategory=\"sporty-motorowe\"\n                                        data-city=\"Warszawa\"\n                                        data-venue=\"PGE Narodowy im. Kazimierza G\u00f3rskiego\">\n                                        \n<div class=\"card-event  card-event--size-small\">\n        <a href=\"https:\/\/www.ebilet.pl\/sport\/sporty-motorowe\/drift-masters\" target=\"_blank\" class=\"card-event__link\" rel=\"nofollow noopener\"><\/a>\n        <div class=\"card-event__wrapper\">\n        <div class=\"card-event__image\">\n            <img decoding=\"async\" src=\"https:\/\/www.ebilet.pl\/media\/cms\/media\/ufikt2pp\/656x369-1-3259eaa7-dcbd-4393-a286-5f17e35417c5.webp\" alt=\"\">\n        <\/div>\n        <div class=\"card-event__data\">\n            <div class=\"card-event__name\">\n                <p>Red Bull Drift Masters, Grand Finale 2026, Poland<\/p>\n            <\/div>\n            <div class=\"card-event__date\"><\/div>\n            <div class=\"card-event__location\">Warszawa<\/div>\n        <\/div>\n    <\/div>\n<\/div>                                    <\/div>\n                                                                    <div class=\"events-carousel-block__sliderItem swiper-slide\"\n                                        data-id=\"16543\"\n                                        data-name=\"Rozta\u0144czony PGE Narodowy 2026\"\n                                        data-brand=\"KRYSIAK POLSKA CORPORATION Sp. z o.o.\"\n                                        data-category=\"muzyka\"\n                                        data-subcategory=\"festiwale\"\n                                        data-city=\"Warszawa\"\n                                        data-venue=\"PGE Narodowy im. Kazimierza G\u00f3rskiego\">\n                                        \n<div class=\"card-event  card-event--size-small\">\n        <a href=\"https:\/\/www.ebilet.pl\/muzyka\/festiwale\/roztanczony-narodowy\" target=\"_blank\" class=\"card-event__link\" rel=\"nofollow noopener\"><\/a>\n        <div class=\"card-event__wrapper\">\n        <div class=\"card-event__image\">\n            <img decoding=\"async\" src=\"https:\/\/www.ebilet.pl\/media\/cms\/media\/ih4mtfpw\/newletter_basic.webp\" alt=\"\">\n        <\/div>\n        <div class=\"card-event__data\">\n            <div class=\"card-event__name\">\n                <p>Rozta\u0144czony PGE Narodowy 2026<\/p>\n            <\/div>\n            <div class=\"card-event__date\"><\/div>\n            <div class=\"card-event__location\">Warszawa<\/div>\n        <\/div>\n    <\/div>\n<\/div>                                    <\/div>\n                                                                    <div class=\"events-carousel-block__sliderItem swiper-slide\"\n                                        data-id=\"67208\"\n                                        data-name=\"Speedland Festival 2026\"\n                                        data-brand=\"Adrenaline Promotion Rafa\u0142 Haznar\"\n                                        data-category=\"sport\"\n                                        data-subcategory=\"sporty-motorowe\"\n                                        data-city=\"Krosno\"\n                                        data-venue=\"Lotnisko Krosno\">\n                                        \n<div class=\"card-event  card-event--size-small\">\n        <a href=\"https:\/\/www.ebilet.pl\/sport\/sporty-motorowe\/speedland\" target=\"_blank\" class=\"card-event__link\" rel=\"nofollow noopener\"><\/a>\n        <div class=\"card-event__wrapper\">\n        <div class=\"card-event__image\">\n            <img decoding=\"async\" src=\"https:\/\/www.ebilet.pl\/media\/cms\/media\/zeglylyt\/656x369-9-9b5a2769-5165-4a65-b574-8cb05086e41d.webp\" alt=\"\">\n        <\/div>\n        <div class=\"card-event__data\">\n            <div class=\"card-event__name\">\n                <p>Speedland Festival 2026<\/p>\n            <\/div>\n            <div class=\"card-event__date\"><\/div>\n            <div class=\"card-event__location\">Krosno<\/div>\n        <\/div>\n    <\/div>\n<\/div>                                    <\/div>\n                                                                    <div class=\"events-carousel-block__sliderItem swiper-slide\"\n                                        data-id=\"129853\"\n                                        data-name=\"Beksi\u0144ski.Live\"\n                                        data-brand=\"L2L Sp z o.o.\"\n                                        data-category=\"widowiska\"\n                                        data-subcategory=\"inne\"\n                                        data-city=\"Warszawa, Wroc\u0142aw\"\n                                        data-venue=\"Hala COS Torwar \">\n                                        \n<div class=\"card-event  card-event--size-small\">\n        <a href=\"https:\/\/www.ebilet.pl\/widowiska\/inne\/beksinski-live\" target=\"_blank\" class=\"card-event__link\" rel=\"nofollow noopener\"><\/a>\n        <div class=\"card-event__wrapper\">\n        <div class=\"card-event__image\">\n            <img decoding=\"async\" src=\"https:\/\/www.ebilet.pl\/media\/cms\/media\/y2nprogb\/656x369-2026-04-27t161826313.webp\" alt=\"\">\n        <\/div>\n        <div class=\"card-event__data\">\n            <div class=\"card-event__name\">\n                <p>Beksi\u0144ski.Live<\/p>\n            <\/div>\n            <div class=\"card-event__date\"><\/div>\n            <div class=\"card-event__location\">Warszawa, Wroc\u0142aw<\/div>\n        <\/div>\n    <\/div>\n<\/div>                                    <\/div>\n                                                                    <div class=\"events-carousel-block__sliderItem swiper-slide\"\n                                        data-id=\"144549\"\n                                        data-name=\"Zwiedzanie ZOO Warszawa\"\n                                        data-brand=\"Miasto Sto\u0142eczne Warszawa\"\n                                        data-category=\"zwiedzanie\"\n                                        data-subcategory=\"zoo\"\n                                        data-city=\"Warszawa\"\n                                        data-venue=\"\">\n                                        \n<div class=\"card-event  card-event--size-small\">\n        <a href=\"https:\/\/www.ebilet.pl\/zwiedzanie\/zoo\/zwiedzanie-zoo-warszawa\" target=\"_blank\" class=\"card-event__link\" rel=\"nofollow noopener\"><\/a>\n        <div class=\"card-event__wrapper\">\n        <div class=\"card-event__image\">\n            <img decoding=\"async\" src=\"https:\/\/www.ebilet.pl\/media\/cms\/media\/vxxcxvae\/04_bilet-domowy_656x369-05e8639e-58dc-445e-95ca-14f25e17b4f3.webp\" alt=\"\">\n        <\/div>\n        <div class=\"card-event__data\">\n            <div class=\"card-event__name\">\n                <p>Zwiedzanie ZOO Warszawa<\/p>\n            <\/div>\n            <div class=\"card-event__date\"><\/div>\n            <div class=\"card-event__location\">Warszawa<\/div>\n        <\/div>\n    <\/div>\n<\/div>                                    <\/div>\n                                                                    <div class=\"events-carousel-block__sliderItem swiper-slide\"\n                                        data-id=\"125950\"\n                                        data-name=\"Zwiedzanie ZOO Wroc\u0142aw\"\n                                        data-brand=\"ZOO Wroc\u0142aw\"\n                                        data-category=\"zwiedzanie\"\n                                        data-subcategory=\"zoo\"\n                                        data-city=\"Wroc\u0142aw\"\n                                        data-venue=\"ZOO we Wroc\u0142awiu\">\n                                        \n<div class=\"card-event  card-event--size-small\">\n        <a href=\"https:\/\/www.ebilet.pl\/zwiedzanie\/zoo\/zwiedzanie-zoo-wroclaw\" target=\"_blank\" class=\"card-event__link\" rel=\"nofollow noopener\"><\/a>\n        <div class=\"card-event__wrapper\">\n        <div class=\"card-event__image\">\n            <img decoding=\"async\" src=\"https:\/\/www.ebilet.pl\/media\/cms\/media\/wpzfsqii\/01_zoo_ebilet_656x369px-8e081b48-ed80-10b3-4ede-a1fdb0e8bde2.webp\" alt=\"\">\n        <\/div>\n        <div class=\"card-event__data\">\n            <div class=\"card-event__name\">\n                <p>Zwiedzanie ZOO Wroc\u0142aw<\/p>\n            <\/div>\n            <div class=\"card-event__date\"><\/div>\n            <div class=\"card-event__location\">Wroc\u0142aw<\/div>\n        <\/div>\n    <\/div>\n<\/div>                                    <\/div>\n                                                                    <div class=\"events-carousel-block__sliderItem swiper-slide\"\n                                        data-id=\"11852\"\n                                        data-name=\"2026 BOLL FIM Speedway World Cup - Warsaw\"\n                                        data-brand=\"Polski Zwi\u0105zek Motorowy\"\n                                        data-category=\"sport\"\n                                        data-subcategory=\"sporty-motorowe\"\n                                        data-city=\"Warszawa\"\n                                        data-venue=\"PGE Narodowy im. Kazimierza G\u00f3rskiego\">\n                                        \n<div class=\"card-event  card-event--size-small\">\n        <a href=\"https:\/\/www.ebilet.pl\/sport\/sporty-motorowe\/speedway\" target=\"_blank\" class=\"card-event__link\" rel=\"nofollow noopener\"><\/a>\n        <div class=\"card-event__wrapper\">\n        <div class=\"card-event__image\">\n            <img decoding=\"async\" src=\"https:\/\/www.ebilet.pl\/media\/cms\/media\/4ycnrk3v\/656x369-8-90146097-b4e8-4d2d-a798-f357aa3d16a2.webp\" alt=\"\">\n        <\/div>\n        <div class=\"card-event__data\">\n            <div class=\"card-event__name\">\n                <p>2026 BOLL FIM Speedway World Cup &#8211; Warsaw<\/p>\n            <\/div>\n            <div class=\"card-event__date\"><\/div>\n            <div class=\"card-event__location\">Warszawa<\/div>\n        <\/div>\n    <\/div>\n<\/div>                                    <\/div>\n                                                                    <div class=\"events-carousel-block__sliderItem swiper-slide\"\n                                        data-id=\"49432\"\n                                        data-name=\"Wroc\u0142aw Hip Hop Festival 2026\"\n                                        data-brand=\"Stowarzyszenie Planeta M\u0142odych\"\n                                        data-category=\"muzyka\"\n                                        data-subcategory=\"festiwale\"\n                                        data-city=\"Wroc\u0142aw\"\n                                        data-venue=\"Hala Stulecia\">\n                                        \n<div class=\"card-event  card-event--size-small\">\n        <a href=\"https:\/\/www.ebilet.pl\/muzyka\/festiwale\/wroclaw-hip-hop-festival\" target=\"_blank\" class=\"card-event__link\" rel=\"nofollow noopener\"><\/a>\n        <div class=\"card-event__wrapper\">\n        <div class=\"card-event__image\">\n            <img decoding=\"async\" src=\"https:\/\/www.ebilet.pl\/media\/cms\/media\/lvzja1iu\/0423-whhf-ebilet_04-34833b89-9f8c-4789-ab22-478b4f7f80f5.webp\" alt=\"\">\n        <\/div>\n        <div class=\"card-event__data\">\n            <div class=\"card-event__name\">\n                <p>Wroc\u0142aw Hip Hop Festival 2026<\/p>\n            <\/div>\n            <div class=\"card-event__date\"><\/div>\n            <div class=\"card-event__location\">Wroc\u0142aw<\/div>\n        <\/div>\n    <\/div>\n<\/div>                                    <\/div>\n                                                                    <div class=\"events-carousel-block__sliderItem swiper-slide\"\n                                        data-id=\"7104\"\n                                        data-name=\"Open&#039;er Festival 2026\"\n                                        data-brand=\"Alter Art\"\n                                        data-category=\"muzyka\"\n                                        data-subcategory=\"festiwale\"\n                                        data-city=\"Gdynia\"\n                                        data-venue=\"Lotnisko Gdynia - Kosakowo\">\n                                        \n<div class=\"card-event  card-event--size-small\">\n        <a href=\"https:\/\/www.ebilet.pl\/muzyka\/festiwale\/opener-festival\" target=\"_blank\" class=\"card-event__link\" rel=\"nofollow noopener\"><\/a>\n        <div class=\"card-event__wrapper\">\n        <div class=\"card-event__image\">\n            <img decoding=\"async\" src=\"https:\/\/www.ebilet.pl\/media\/cms\/media\/vr5l21om\/opener2026_ebilet_656x369-ee020a0f-2f31-4138-b4b2-04308c95f9f7.webp\" alt=\"\">\n        <\/div>\n        <div class=\"card-event__data\">\n            <div class=\"card-event__name\">\n                <p>Open&#8217;er Festival 2026<\/p>\n            <\/div>\n            <div class=\"card-event__date\"><\/div>\n            <div class=\"card-event__location\">Gdynia<\/div>\n        <\/div>\n    <\/div>\n<\/div>                                    <\/div>\n                                                                    <div class=\"events-carousel-block__sliderItem swiper-slide\"\n                                        data-id=\"54019\"\n                                        data-name=\"Kayah &amp; Bregovi\u0107 - Huczne Poprawiny 2026\"\n                                        data-brand=\"Charm Music\"\n                                        data-category=\"muzyka\"\n                                        data-subcategory=\"pop\"\n                                        data-city=\"Kielce, Koszalin, Opole i inne\"\n                                        data-venue=\"Narodowe Centrum Polskiej Piosenki\">\n                                        \n<div class=\"card-event  card-event--size-small\">\n        <a href=\"https:\/\/www.ebilet.pl\/muzyka\/pop\/kayah-bregovic\" target=\"_blank\" class=\"card-event__link\" rel=\"nofollow noopener\"><\/a>\n        <div class=\"card-event__wrapper\">\n        <div class=\"card-event__image\">\n            <img decoding=\"async\" src=\"https:\/\/www.ebilet.pl\/media\/cms\/media\/3xjarhe1\/656x369.webp\" alt=\"\">\n        <\/div>\n        <div class=\"card-event__data\">\n            <div class=\"card-event__name\">\n                <p>Kayah &#038; Bregovi\u0107 &#8211; Huczne Poprawiny 2026<\/p>\n            <\/div>\n            <div class=\"card-event__date\"><\/div>\n            <div class=\"card-event__location\">Kielce, Koszalin, Opole i inne<\/div>\n        <\/div>\n    <\/div>\n<\/div>                                    <\/div>\n                                                            <\/div>\n                        <\/div>\n                    <\/div>\n                    <div class=\"events-carousel-block__pagination\">\n                        <div class=\"swiper-pagination slider-pagination\" data-events-carousel-pagination><\/div>\n                    <\/div>\n                <\/div>\n            <\/div>\n        <\/div>\n    <\/section>\n\n\n\n<section class=\"text-block  section-margin-32\" >\n    <div class=\"container\">\n        <div class=\"row\">\n            <div class=\"col-24\">\n                <div class=\"text-block__content\"><h2><strong>Polscy aktorzy musicalowi, kt\u00f3rych nie da si\u0119 zapomnie\u0107 \u2013 Top 5<\/strong><\/h2>\n<h3><strong>1. Janusz Kruci\u0144ski<\/strong><\/h3>\n<p><span style=\"font-weight: 400;\">Je\u015bli istnieje w Polsce aktor, kt\u00f3ry potrafi przeistoczy\u0107 si\u0119 z Jezusa w Judasza, a chwil\u0119 p\u00f3\u017aniej w Quasimoda, to w\u0142a\u015bnie Janusz Kruci\u0144ski.<\/span><b> Artysta, kt\u00f3rego nazwisko od lat pojawia si\u0119 w czo\u0142\u00f3wkach obsad najwi\u0119kszych musicali.<\/b><\/p>\n<p><span style=\"font-weight: 400;\">Urodzi\u0142 si\u0119 29 czerwca 1974 roku w Katowicach. Swoj\u0105 teatraln\u0105 drog\u0119 rozpocz\u0105\u0142 w \u201cKabarecie Artura I.\u201d, a nast\u0119pnie trafi\u0142 do Studium Wokalno-Aktorskiego przy Teatrze Muzycznym w Gdyni. Ju\u017c wtedy by\u0142o wiadomo, \u017ce scena muzyczna stanie si\u0119 jego miejscem na ziemi.<\/span><\/p>\n<p><b>Od 1996 roku wyst\u0119powa\u0142 w Teatrze Rozrywki w Chorzowie, gdzie odegra\u0142 swoje pierwsze du\u017ce role, takie jak chocia\u017cby:<\/b><\/p>\n<ul>\n<li style=\"font-weight: 400;\" aria-level=\"1\"><span style=\"font-weight: 400;\">Che w \u201cEvicie\u201d,<\/span><\/li>\n<li style=\"font-weight: 400;\" aria-level=\"1\"><span style=\"font-weight: 400;\">Jezusa w \u201cJesus Christ Superstar\u201d.\u00a0<\/span><\/li>\n<\/ul>\n<p><span style=\"font-weight: 400;\">W kolejnych latach mo\u017cna go by\u0142o ogl\u0105da\u0107 na najwa\u017cniejszych scenach muzycznych w Polsce \u2013 w Gdyni, Szczecinie, Poznaniu, \u0141odzi, a przede wszystkim w warszawskim Teatrze Muzycznym Roma.<\/span><\/p>\n<p><b>W\u0142a\u015bnie w Romie zagra\u0142 role, kt\u00f3re przesz\u0142y do historii polskiego musicalu:<\/b><\/p>\n<ul>\n<li style=\"font-weight: 400;\" aria-level=\"1\"><span style=\"font-weight: 400;\">Jean Valjean w \u201cLes Mis\u00e9rables\u201d,<\/span><\/li>\n<li style=\"font-weight: 400;\" aria-level=\"1\"><span style=\"font-weight: 400;\">Chris w \u201cMiss Saigon\u201d,<\/span><\/li>\n<li style=\"font-weight: 400;\" aria-level=\"1\"><span style=\"font-weight: 400;\">D\u017coser w \u201cAidzie\u201d,<\/span><\/li>\n<li style=\"font-weight: 400;\" aria-level=\"1\"><span style=\"font-weight: 400;\">Sam Carmichael w \u201cMamma Mia!\u201d,<\/span><\/li>\n<li style=\"font-weight: 400;\" aria-level=\"1\"><span style=\"font-weight: 400;\">oraz Buddy\/Khashoggi w \u201cWe Will Rock You\u201d.<\/span><\/li>\n<\/ul>\n<p><b>Za swoje wyst\u0119py by\u0142 wielokrotnie nagradzany \u2013 zdoby\u0142 m.in. <\/b><span style=\"font-weight: 400;\">Teatraln\u0105 Nagrod\u0119 Muzyczn\u0105 im. Jana Kiepury dla najlepszego wokalisty musicalowego (2017) oraz Grand Prix Festiwalu im. Anny German w Zielonej G\u00f3rze (2005).<\/span><\/p>\n<p>&nbsp;<\/p>\n<h3><strong>2. Artur Chamski<\/strong><\/h3>\n<p><span style=\"font-weight: 400;\">Mo\u017cesz kojarzy\u0107 go z telewizji, ale jego prawdziwy \u017cywio\u0142 to musical.<\/span><b> Artur Chamski od ponad dw\u00f3ch dekad jest jednym z filar\u00f3w Studia Buffo<\/b><span style=\"font-weight: 400;\">, gdzie przeszed\u0142 drog\u0119 od m\u0142odego adepta po dojrza\u0142ego aktora scen muzycznych.<\/span><\/p>\n<p><span style=\"font-weight: 400;\">Uko\u0144czy\u0142 Wydzia\u0142 Lalkarski PWST we Wroc\u0142awiu, jednak to scena Buffo sta\u0142a si\u0119 jego artystycznym domem. Ju\u017c jako student trafi\u0142 pod skrzyd\u0142a Janusza J\u00f3zefowicza i Janusza Stok\u0142osy,<\/span><b> graj\u0105c w kultowych spektaklach \u201cMetro\u201d oraz \u201dRomeo i Julia\u201d.<\/b><\/p>\n<p><span style=\"font-weight: 400;\">Z czasem sta\u0142 si\u0119 jedn\u0105 z najbardziej rozpoznawalnych twarzy tego teatru. Wyst\u0119powa\u0142 w widowiskach muzycznych, kt\u00f3re \u0142\u0105czy\u0142y klasyk\u0119 z nowoczesn\u0105 form\u0105 \u2013 od \u201eHit\u00f3w Buffo\u201d i \u201eUkochanego Kraju\u201d po \u201ePolit\u0119\u201d (spektakl \u0142\u0105cz\u0105cy musical z technologi\u0105 3D). Jego sceniczna wszechstronno\u015b\u0107 sprawia, \u017ce r\u00f3wnie przekonuj\u0105co odnajduje si\u0119 w repertuarze romantycznym, jak i komediowym.<\/span><\/p>\n<ol>\n<li><b> Jest dyrektorem artystycznym teatru\u2026 ekologicznego Bohema House.\u00a0<\/b><\/li>\n<\/ol>\n<h3><strong>3. Jakub Wocial<\/strong><\/h3>\n<p><span style=\"font-weight: 400;\">Jakub Wocial to aktor, wokalista i producent, kt\u00f3rego sceniczna energia i wizja artystyczna na nowo zdefiniowa\u0142y polsk\u0105 scen\u0119 muzyczn\u0105.<\/span><\/p>\n<p><b>Ju\u017c jako nastolatek stworzy\u0142 w\u0142asny teatr \u2013 Palladium Stage. <\/b><span style=\"font-weight: 400;\">Tam wcieli\u0142 si\u0119 w tytu\u0142owego bohatera \u201cUpiora w operze\u201d, pokazuj\u0105c, \u017ce potrafi nie tylko \u015bpiewa\u0107, ale i kreowa\u0107 ca\u0142e spektakle.<\/span><b> Jego profesjonalny debiut nast\u0105pi\u0142 w 2005 roku w Teatrze Muzycznym Roma, gdzie zagra\u0142 Herberta w kultowym \u201cTa\u0144cu wampir\u00f3w\u201d.<\/b><\/p>\n<p><span style=\"font-weight: 400;\">P\u00f3\u017aniej wyst\u0119powa\u0142 na niemieckich scenach \u2013 w Berlinie, Oberhausen i Stuttgarcie \u2013 graj\u0105c w produkcjach \u201cTanz der Vampire\u201d i \u201cRebecca\u201d. Po powrocie do Polski zwi\u0105za\u0142 si\u0119 z warszawskim Teatrem Rampa, gdzie<\/span><b> jako aktor, re\u017cyser i producent stworzy\u0142 wyj\u0105tkowe widowiska, takie jak chocia\u017cby:<\/b><\/p>\n<ul>\n<li style=\"font-weight: 400;\" aria-level=\"1\"><span style=\"font-weight: 400;\">\u201cBroadway Street \u2013 The Show\u201d,\u00a0<\/span><\/li>\n<li style=\"font-weight: 400;\" aria-level=\"1\"><span style=\"font-weight: 400;\">\u201cRapsodi\u0119 z Demonem\u201d,<\/span><\/li>\n<li style=\"font-weight: 400;\" aria-level=\"1\"><span style=\"font-weight: 400;\">\u201cJesus Christ Superstar\u201d, w kt\u00f3rym wielokrotnie wciela\u0142 si\u0119 w rol\u0119 Jezusa.<\/span><\/li>\n<\/ul>\n<p><span style=\"font-weight: 400;\">Wci\u0105\u017c rozwija autorskie projekty, jak \u201cBroadway Exclusive\u201d czy \u201cRent\u201d, konsekwentnie udowadniaj\u0105c, \u017ce polski musical mo\u017ce brzmie\u0107 r\u00f3wnie pot\u0119\u017cnie jak na Broadwayu.<\/span><\/p>\n<h3><strong>4. Zbigniew Macias<\/strong><\/h3>\n<p><span style=\"font-weight: 400;\">Zbigniew Macias to artysta o niezwyk\u0142ej wszechstronno\u015bci \u2013<\/span><b> \u015bpiewak, aktor i re\u017cyser, dla kt\u00f3rego scena jest naturalnym \u015brodowiskiem od ponad czterech dekad.<\/b><\/p>\n<p><span style=\"font-weight: 400;\">\u015apiewaj\u0105c pot\u0119\u017cnym barytonem, uko\u0144czy\u0142 Akademi\u0119 Muzyczn\u0105 w \u0141odzi (zadebiutowa\u0142 jeszcze podczas studi\u00f3w jako Micha\u0142 w \u201cMi\u0142o\u015bci cyga\u0144skiej\u201d Leh\u00e1ra w Teatrze Muzycznym w \u0141odzi). P\u00f3\u017aniej <\/span><b>\u015bpiewa\u0142 na najwa\u017cniejszych scenach \u2013 od Opery \u015al\u0105skiej po Teatr Wielki \u2013 Oper\u0119 Narodow\u0105 w Warszawie, z kt\u00f3r\u0105 zwi\u0105zany jest od 1992 roku.<\/b><\/p>\n<p><span style=\"font-weight: 400;\">Publiczno\u015b\u0107 musicalowa pokocha\u0142a go za <\/span><b>rol\u0119 Tewjego w \u201cSkrzypku na dachu\u201d, kt\u00f3r\u0105 zagra\u0142 ju\u017c oko\u0142o 200 razy,<\/b><span style=\"font-weight: 400;\"> tworz\u0105c kreacj\u0119 pe\u0142n\u0105 ciep\u0142a, humoru i wzruszenia. Na tej samej scenie zachwyca\u0142 jako Don Kichot w \u201cCz\u0142owieku z La Manchy\u201d \u2013 roli, za kt\u00f3r\u0105 zdoby\u0142 \u201cZ\u0142ot\u0105 Mask\u0119\u201d i nagrod\u0119 publiczno\u015bci Festiwalu Teatr\u00f3w Muzycznych w Gdyni.<\/span><\/p>\n<p><span style=\"font-weight: 400;\">Od 2008 roku <\/span><b>pe\u0142ni funkcj\u0119 dyrektora artystycznego Teatru Muzycznego w \u0141odzi, <\/b><span style=\"font-weight: 400;\">gdzie konsekwentnie rozwija repertuar \u0142\u0105cz\u0105cy klasyk\u0119 i nowoczesno\u015b\u0107. <\/span><b>Jest laureatem wielu nagr\u00f3d<\/b><span style=\"font-weight: 400;\">, w tym Teatralnej Nagrody Muzycznej im. Jana Kiepury za re\u017cyseri\u0119 \u201cJesus Christ Superstar\u201d. Otrzyma\u0142 tak\u017ce honorowe odznaczenia, w tym chocia\u017cby Srebrny Medal \u201cZas\u0142u\u017cony Kulturze Gloria Artis\u201d.<\/span><\/p>\n<h3><strong>5. Marcin Franc<\/strong><\/h3>\n<p><b>Marcin Franc to aktor musicalowy, dla kt\u00f3rego scena jest naturalnym miejscem od pierwszych studi\u00f3w wokalno-aktorskich. Studiowa\u0142 dwukrotnie:<\/b><\/p>\n<ul>\n<li style=\"font-weight: 400;\" aria-level=\"1\"><span style=\"font-weight: 400;\">na Wydziale Wokalno-Aktorskim Akademii Muzycznej w Gda\u0144sku (specjalno\u015b\u0107: musical),<\/span><\/li>\n<li style=\"font-weight: 400;\" aria-level=\"1\"><span style=\"font-weight: 400;\">na Wydziale Aktorskim Akademii Teatralnej w Warszawie.\u00a0<\/span><\/li>\n<\/ul>\n<p><span style=\"font-weight: 400;\">Na scenie <\/span><b>zadebiutowa\u0142 g\u0142\u00f3wn\u0105 rol\u0105 Jezusa w rock-operze \u201cJesus Christ Superstar\u201d w Teatrze Muzycznym w \u0141odzi <\/b><span style=\"font-weight: 400;\">(gra\u0142 tak\u017ce Szymona Zelot\u0119).<\/span><b> Kolejne g\u0142\u00f3wne role m\u0119skie przynios\u0142y mu jeszcze wi\u0119ksze uznanie. Zagra\u0142 chocia\u017cby:<\/b><\/p>\n<ul>\n<li style=\"font-weight: 400;\" aria-level=\"1\"><span style=\"font-weight: 400;\">Oliviera w \u201cLove Story\u201d,\u00a0<\/span><\/li>\n<li style=\"font-weight: 400;\" aria-level=\"1\"><span style=\"font-weight: 400;\">Stefana w \u201cPilotach\u201d,\u00a0<\/span><\/li>\n<li style=\"font-weight: 400;\" aria-level=\"1\"><span style=\"font-weight: 400;\">Chrisa w \u201cMiss Saigon\u201d,\u00a0<\/span><\/li>\n<li style=\"font-weight: 400;\" aria-level=\"1\"><span style=\"font-weight: 400;\">Radamesa w \u201cAidzie\u201d,\u00a0<\/span><\/li>\n<li style=\"font-weight: 400;\" aria-level=\"1\"><span style=\"font-weight: 400;\">Tony\u2019ego w \u201cWest Side Story\u201d,<\/span><\/li>\n<li style=\"font-weight: 400;\" aria-level=\"1\"><span style=\"font-weight: 400;\">Franka Abagnale Jr. w \u201cZ\u0142ap mnie, je\u015bli potrafisz\u201d.\u00a0<\/span><\/li>\n<\/ul>\n<p><span style=\"font-weight: 400;\">Od 2024 roku wciela si\u0119 w tytu\u0142owe role w \u201cDrogi Evanie Hansenie\u201d i \u201cDraculi\u201d, a w 2025 roku wyst\u0119puje jako Fijero w \u201cWicked\u201d.<\/span><\/p>\n<p><b>Za swoje kreacje by\u0142 wielokrotnie nagradzany, m.in.:<\/b><\/p>\n<ul>\n<li style=\"font-weight: 400;\" aria-level=\"1\"><span style=\"font-weight: 400;\">w plebiscycie Musicalowych Premier Sezonu dla najlepszego aktora (2022\/2023 i 2023\/2024),<\/span><\/li>\n<li style=\"font-weight: 400;\" aria-level=\"1\"><span style=\"font-weight: 400;\">Honorow\u0105 Nagrod\u0105 Aktorsk\u0105 na Festiwalu \u201cDwa Teatry\u201d.\u00a0<\/span><\/li>\n<\/ul>\n<p><span style=\"font-weight: 400;\">Franc jest r\u00f3wnie\u017c aktorem dubbingowym i filmowym. U\u017cyczy\u0142 g\u0142osu m.in. Jaskrowi w serialu \u201cWied\u017amin\u201d oraz tytu\u0142owemu bohaterowi filmu \u201cAladyn\u201d.<\/span><\/p>\n<h2><strong>Polskie aktorki musicalowe, kt\u00f3re zachwycaj\u0105 publiczno\u015b\u0107 \u2013 Top 5<\/strong><\/h2>\n<h3><strong>1. Katarzyna \u0141aska<\/strong><\/h3>\n<p><span style=\"font-weight: 400;\">Katarzyna \u0141aska to jedna z najwa\u017cniejszych polskich artystek musicalowych, kt\u00f3rej g\u0142os i energia robi\u0105 ogromne wra\u017cenie na widzach od wielu lat. Wsp\u00f3\u0142pracowa\u0142a z wieloma teatrami muzycznymi, w tym z <\/span><b>Teatrem Muzycznym Roma i Teatrem Muzycznym w \u0141odzi.<\/b><\/p>\n<p><b>Na scenie zagra\u0142a chocia\u017cby:<\/b><\/p>\n<ul>\n<li style=\"font-weight: 400;\" aria-level=\"1\"><span style=\"font-weight: 400;\">Kim w \u201cMiss Saigon\u201d,<\/span><\/li>\n<li style=\"font-weight: 400;\" aria-level=\"1\"><span style=\"font-weight: 400;\">Fantine w \u201cLes Mis\u00e9rables\u201d,<\/span><\/li>\n<li style=\"font-weight: 400;\" aria-level=\"1\"><span style=\"font-weight: 400;\">Gigi w \u201cMiss Saigon\u201d,<\/span><\/li>\n<li style=\"font-weight: 400;\" aria-level=\"1\"><span style=\"font-weight: 400;\">Mari\u0119 w \u201cWest Side Story\u201d,<\/span><\/li>\n<li style=\"font-weight: 400;\" aria-level=\"1\"><span style=\"font-weight: 400;\">June w \u201cChicago\u201d,<\/span><\/li>\n<li style=\"font-weight: 400;\" aria-level=\"1\"><span style=\"font-weight: 400;\">Frenchy w \u201cGrease\u201d.<\/span><\/li>\n<\/ul>\n<p><span style=\"font-weight: 400;\">Katarzyna \u0141aska ma r\u00f3wnie\u017c znacz\u0105cy dorobek w dubbingu \u2013 u\u017cyczy\u0142a g\u0142osu m.in. Elsie w polskiej wersji \u201cKrainy lodu\u201d i \u201cKrainy lodu II\u201d, a w 2020 roku <\/span><b>wykona\u0142a fragment piosenki \u201cChc\u0119 uwierzy\u0107 snom\u201d podczas 92. ceremonii wr\u0119czenia Oscar\u00f3w. <\/b><span style=\"font-weight: 400;\">Jest tak\u017ce za\u0142o\u017cycielk\u0105 Akademii Dubbingu i realizuje w\u0142asne projekty muzyczne, w tym solowy projekt SIRLI.<\/span><\/p>\n<h3><strong>2. Agnieszka Przekupie\u0144<\/strong><\/h3>\n<p><span style=\"font-weight: 400;\">Agnieszka Przekupie\u0144 to polska aktorka musicalowa, wokalistka i instruktorka wokalna, kt\u00f3rej g\u0142os i scena zachwycaj\u0105 widz\u00f3w w ca\u0142ym kraju. Jej kariera to po\u0142\u0105czenie solidnego warsztatu, scenicznej charyzmy i muzycznej pasji.<\/span><b> Nic wi\u0119c dziwnego, \u017ce zagra\u0142a takie role, jak:<\/b><\/p>\n<ul>\n<li style=\"font-weight: 400;\" aria-level=\"1\"><span style=\"font-weight: 400;\">Jenny w \u201cWaitress\u201d,<\/span><\/li>\n<li style=\"font-weight: 400;\" aria-level=\"1\"><span style=\"font-weight: 400;\">Amneris w \u201cAidzie\u201d,<\/span><\/li>\n<li style=\"font-weight: 400;\" aria-level=\"1\"><span style=\"font-weight: 400;\">Fantyn\u0119 w \u201cLes Mis\u00e9rables\u201d,\u00a0<\/span><\/li>\n<li style=\"font-weight: 400;\" aria-level=\"1\"><span style=\"font-weight: 400;\">Mari\u0119 w \u201cWest Side Story\u201d.<\/span><\/li>\n<\/ul>\n<p><span style=\"font-weight: 400;\">Od pocz\u0105tku kariery Agnieszka \u0142\u0105czy\u0142a scen\u0119 teatraln\u0105 z dzia\u0142alno\u015bci\u0105 muzyczn\u0105. By\u0142a wokalistk\u0105 zespo\u0142u \u201cPrzez Znaczenie\u201d, a od 2015 roku solistk\u0105 w zespole Piotra Rubika, nagrywaj\u0105c p\u0142yty i koncertuj\u0105c w Stanach Zjednoczonych oraz Kanadzie.\u00a0<\/span><\/p>\n<p><span style=\"font-weight: 400;\">Sama te\u017c tworzy przestrze\u0144 dla rozwoju musicalu w Polsce \u2013 <\/span><b>za\u0142o\u017cy\u0142a fundacj\u0119 MUSICAMP, kt\u00f3ra organizuje warsztaty, koncerty i spektakle, wprowadzaj\u0105c w \u015bwiat muzyki kolejne pokolenia artyst\u00f3w.<\/b><\/p>\n<p><span style=\"font-weight: 400;\">Na scenie zachwyca wszechstronno\u015bci\u0105 \u2013 od klasycznych r\u00f3l dramatycznych po pe\u0142ne emocji postaci kobiece. <\/span><b>W\u015br\u00f3d jej najnowszych r\u00f3l s\u0105:<\/b><\/p>\n<ul>\n<li style=\"font-weight: 400;\" aria-level=\"1\"><span style=\"font-weight: 400;\">Lucy Westenra w \u201cDraculi\u201d (Teatr Muzyczny w \u0141odzi),<\/span><\/li>\n<li style=\"font-weight: 400;\" aria-level=\"1\"><span style=\"font-weight: 400;\">Galinda\/Glinda w \u201cWicked\u201d (Teatr Muzyczny ROMA).\u00a0<\/span><\/li>\n<\/ul>\n<p><span style=\"font-weight: 400;\">Nie ogranicza si\u0119 te\u017c do sceny \u2013 u\u017cyczy\u0142a g\u0142osu w takich produkcjach jak Kraina lodu II (kr\u00f3lowa Iduna) czy \u201cWyprawa na ksi\u0119\u017cyc\u201d (Mama).<\/span><\/p>\n<p><span style=\"font-weight: 400;\">Ciekawe, w jakich kreacjach jeszcze j\u0105 zobaczymy!<\/span><\/p>\n<h3><strong>3. Natalia Piotrowska<\/strong><\/h3>\n<p><b>Natalia Piotrowska zadebiutowa\u0142a na deskach Teatru Muzycznego \u201cRoma\u201d w tytu\u0142owej roli w \u201cAidzie\u201d,<\/b><span style=\"font-weight: 400;\"> pokazuj\u0105c, \u017ce scena musicalowa w Polsce ma now\u0105, niezwykle utalentowan\u0105 gwiazd\u0119. Od tego czasu jej kariera rozwija si\u0119 b\u0142yskawicznie. <\/span><b>Na scenach Teatru Rampa i Teatru Muzycznego ROMA zachwyca\u0142a publiczno\u015b\u0107 kreacjami pe\u0142nymi emocji i muzycznej precyzji, m.in. jako:<\/b><\/p>\n<ul>\n<li style=\"font-weight: 400;\" aria-level=\"1\"><span style=\"font-weight: 400;\">Maria Magdalena w \u201cJesus Christ Superstar\u201d,<\/span><\/li>\n<li style=\"font-weight: 400;\" aria-level=\"1\"><span style=\"font-weight: 400;\">Scaramouche w \u201cWe Will Rock You\u201d.<\/span><\/li>\n<\/ul>\n<p><span style=\"font-weight: 400;\">Uko\u0144czy\u0142a Wydzia\u0142 Wokalno-Aktorski Akademii Muzycznej im. Stanis\u0142awa Moniuszki w Gda\u0144sku ze specjalno\u015bci\u0105 musical, a swoje do\u015bwiadczenie sceniczn\u0105 zdobywa\u0142a m.in. w spektaklach:<\/span><\/p>\n<ul>\n<li style=\"font-weight: 400;\" aria-level=\"1\"><span style=\"font-weight: 400;\">\u201cWonderful Town\u201d jako Ruth Sherwood,<\/span><\/li>\n<li style=\"font-weight: 400;\" aria-level=\"1\"><span style=\"font-weight: 400;\">\u201cABBA Club\u201d jako Maria,<\/span><\/li>\n<li style=\"font-weight: 400;\" aria-level=\"1\"><span style=\"font-weight: 400;\">\u201cRapsodia z Demonem\u201d jako Ida\/Idalia,<\/span><\/li>\n<li style=\"font-weight: 400;\" aria-level=\"1\"><span style=\"font-weight: 400;\">\u201cKobiety na skraju za\u0142amania nerwowego\u201d jako Marisa,<\/span><\/li>\n<li style=\"font-weight: 400;\" aria-level=\"1\"><span style=\"font-weight: 400;\">\u201cTwist and Shout\u201d jako Stella,<\/span><\/li>\n<li style=\"font-weight: 400;\" aria-level=\"1\"><span style=\"font-weight: 400;\">\u201cAida\u201d jako Aida,<\/span><\/li>\n<li style=\"font-weight: 400;\" aria-level=\"1\"><span style=\"font-weight: 400;\">\u201cWe Will Rock You\u201d jako Scaramouche\/\u00a0<\/span><\/li>\n<\/ul>\n<p><span style=\"font-weight: 400;\">Nie ogranicza si\u0119 tylko do sceny teatralnej \u2013 u\u017cyczy\u0142a g\u0142osu w filmach animowanych, takich jak chocia\u017cby \u201cAladyn\u201d (ksi\u0119\u017cniczka D\u017casmina), \u201cBia\u201d (Bia) czy \u201cNasze magiczne Encanto\u201d (Isabela Madrigal).<\/span><\/p>\n<h3><strong>4. Katarzyna Walczak<\/strong><\/h3>\n<p><b>Jej kreacja Killer Queen w \u201cWe Will Rock You\u201d zrobi\u0142a ogromne wra\u017cenie na krytykach i widzach, <\/b><span style=\"font-weight: 400;\">potwierdzaj\u0105c jej miejsce w czo\u0142\u00f3wce polskich aktorek musicalowych. <\/span><b>Katarzyna Walczak zachwyci\u0142a publiczno\u015b\u0107 tak\u017ce w rolach:<\/b><\/p>\n<ul>\n<li style=\"font-weight: 400;\" aria-level=\"1\"><span style=\"font-weight: 400;\">Madame Maskudnej w \u201cWicked\u201d,\u00a0<\/span><\/li>\n<li style=\"font-weight: 400;\" aria-level=\"1\"><span style=\"font-weight: 400;\">Diany Goodman w \u201cNext to Normal\u201d,<\/span><\/li>\n<li style=\"font-weight: 400;\" aria-level=\"1\"><span style=\"font-weight: 400;\">Alice Beineke w \u201cRodzinie Addams\u00f3w\u201d.<\/span><\/li>\n<\/ul>\n<p><span style=\"font-weight: 400;\">Karier\u0119 sceniczn\u0105 rozwija\u0142a konsekwentnie w Teatrze Muzycznym w Gdyni, w kt\u00f3rym od ch\u00f3rzystki i cz\u0142onkini zespo\u0142u wokalnego dojrzewa\u0142a do r\u00f3l solowych w najwi\u0119kszych polskich musicalach. <\/span><b>W\u015br\u00f3d jej kreacji znajduj\u0105 si\u0119 tak\u017ce m.in.:<\/b><\/p>\n<ul>\n<li style=\"font-weight: 400;\" aria-level=\"1\"><span style=\"font-weight: 400;\">Fatyna w \u201cLes Mis\u00e9rables\u201d,<\/span><\/li>\n<li style=\"font-weight: 400;\" aria-level=\"1\"><span style=\"font-weight: 400;\">Maureen Johnson w \u201cRENT\u201d,<\/span><\/li>\n<li style=\"font-weight: 400;\" aria-level=\"1\"><span style=\"font-weight: 400;\">Lucy Barker w \u201cSweeney Todd\u201d.<\/span><\/li>\n<\/ul>\n<h3><strong>5. Marta Burdynowicz<\/strong><\/h3>\n<p><span style=\"font-weight: 400;\">Jej zwyci\u0119stwo w 12. edycji \u201cThe Voice of Poland\u201d udowodni\u0142o, \u017ce Marta Burdynowicz ma g\u0142os i charyzm\u0119, kt\u00f3re potrafi\u0105 oczarowa\u0107 ca\u0142\u0105 Polsk\u0119. Od tego momentu jej kariera nabra\u0142a jeszcze wi\u0119kszego tempa \u2013 Marta \u0142\u0105czy scen\u0119 musicalow\u0105, koncerty i dubbing.<\/span><\/p>\n<p><b>Na deskach teatr\u00f3w zagra\u0142a takie role jak:<\/b><\/p>\n<ul>\n<li style=\"font-weight: 400;\" aria-level=\"1\"><span style=\"font-weight: 400;\">Mabel Washington w \u201cFame\u201d,<\/span><\/li>\n<\/ul>\n<ul>\n<li style=\"font-weight: 400;\" aria-level=\"1\"><span style=\"font-weight: 400;\">Saraghina w \u201cNine\u201d,<\/span><\/li>\n<\/ul>\n<ul>\n<li style=\"font-weight: 400;\" aria-level=\"1\"><span style=\"font-weight: 400;\">Annuszka w \u201cMistrzu i Ma\u0142gorzacie\u201d,<\/span><\/li>\n<\/ul>\n<ul>\n<li style=\"font-weight: 400;\" aria-level=\"1\"><span style=\"font-weight: 400;\">Gadu\u0142a Maybelle w \u201cHairspray\u201d,<\/span><\/li>\n<\/ul>\n<ul>\n<li style=\"font-weight: 400;\" aria-level=\"1\"><span style=\"font-weight: 400;\">Jane Seymour w \u201cSIX\u201d,<\/span><\/li>\n<\/ul>\n<ul>\n<li style=\"font-weight: 400;\" aria-level=\"1\"><span style=\"font-weight: 400;\">Herod w \u201cJesus Christ Superstar\u201d.<\/span><\/li>\n<\/ul>\n<p><span style=\"font-weight: 400;\">Wsp\u00f3\u0142pracowa\u0142a z Teatrem Rampa, Teatrem Muzycznym w Poznaniu, Teatrem ROMA i Teatrem Muzycznym w \u0141odzi, zdobywaj\u0105c do\u015bwiadczenie w musicalach klasycznych i nowoczesnych.<\/span><\/p>\n<p><span style=\"font-weight: 400;\">Marta aktywnie uczestniczy tak\u017ce w projektach dubbingowych, u\u017cyczaj\u0105c g\u0142osu w produkcjach takich jak \u201cMy Little Pony: Equestria Girls \u2013 Rollercoaster Przyja\u017ani\u201d czy \u201cDumbo\u201d, a tak\u017ce filmach i audiobookach.<\/span><\/p>\n<p>&nbsp;<\/p>\n<p><span style=\"font-weight: 400;\">Chcesz zobaczy\u0107 polskich aktor\u00f3w i aktorki musicalowe na \u017cywo? Sprawd\u017a nasz\u0105 ofert\u0119 musicali!<\/span><\/p>\n<\/div>\n            <\/div>\n        <\/div>\n    <\/div>\n<\/section>\n\n\n<section class=\"events-slider-block  section-margin-32\" data-events-slider-block data-carousel-title=\"Nowo\u015bci na eBilet\" data-carousel-type=\"karuzela_z_t\u0142em\" data-item-list-name=\"Karuzela z t\u0142em Nowo\u015bci na eBilet\" data-item-list-id=\"karuzela_z_t\u0142em Nowo\u015bci na eBilet\" >\n    <div class=\"container\">\n        <div class=\"row\">\n            <div class=\"col-24\">\n                <div class=\"events-slider-block__wrapper\">\n                                                                <div class=\"events-slider-block__top\">\n                                                            <div class=\"events-slider-block__title desktop\">\n                                    <h2 class=\"typo-h2\">Nowo\u015bci na eBilet<\/h2>\n                                <\/div>\n                                                                                        <div class=\"events-slider-block__title mobile\">\n                                    <h2 class=\"typo-h2\">Nowo\u015bci na eBilet<\/h2>\n                                <\/div>\n                                                    <\/div>\n                                                                <div class=\"events-slider-block__main\">\n                            <div class=\"events-slider-block__nav events-slider-block__nav--prev\">\n                                <div class=\"button button--withIcon button--theme-white-blur button--size-fixed-48\" data-events-prev>\n                                    <span class=\"button__icon icon icon-chevron-left\"><\/span>\n                                <\/div>\n                            <\/div>\n                            <div class=\"events-slider-block__nav events-slider-block__nav--next\">\n                                <div class=\"button button--withIcon button--theme-white-blur button--size-fixed-48\" data-events-next>\n                                    <span class=\"button__icon icon icon-chevron-right\"><\/span>\n                                <\/div>\n                            <\/div>\n                            <div class=\"events-slider-block__slider\">\n                                <div class=\"swiper\" data-events-slider>\n                                    <div class=\"events-slider-block__sliderWrapper swiper-wrapper\">\n\n                                        \n                                            <div class=\"events-slider-block__sliderItem swiper-slide event-card\"\n                                                data-id=\"206178\"\n                                                data-name=\"The Ruins of Beverast\"\n                                                data-brand=\"Winiary Bookings sp. z o. o.\"\n                                                data-category=\"muzyka\"\n                                                data-subcategory=\"hard-heavy\"\n                                                data-city=\"Krak\u00f3w, Warszawa\"\n                                                data-venue=\"Klub Hydrozagadka\">\n                                                \n<div class=\"card-event  card-event--size-small\">\n        <a href=\"https:\/\/www.ebilet.pl\/muzyka\/hard-heavy\/the-ruins-of-beverast\" target=\"_blank\" class=\"card-event__link\" rel=\"nofollow noopener\"><\/a>\n        <div class=\"card-event__wrapper\">\n        <div class=\"card-event__image\">\n            <img decoding=\"async\" src=\"https:\/\/www.ebilet.pl\/media\/cms\/media\/bexbjekl\/the-ruins-of-beverast-ebilet-strona-wydarzenia-pion-wsp_lne-ffb70e5e-c7d5-4b2f-9cf2-7a92d2ee3004.webp\" alt=\"\">\n        <\/div>\n        <div class=\"card-event__data\">\n            <div class=\"card-event__name\">\n                <p>The Ruins of Beverast<\/p>\n            <\/div>\n            <div class=\"card-event__date\">23.11.2026-23.11.2026<\/div>\n            <div class=\"card-event__location\">Krak\u00f3w, Warszawa<\/div>\n        <\/div>\n    <\/div>\n<\/div>                                            <\/div>\n                                        \n                                            <div class=\"events-slider-block__sliderItem swiper-slide event-card\"\n                                                data-id=\"206067\"\n                                                data-name=\"Geordie Greep\"\n                                                data-brand=\"Winiary Bookings sp. z o. o.\"\n                                                data-category=\"muzyka\"\n                                                data-subcategory=\"rock\"\n                                                data-city=\"Krak\u00f3w, Warszawa\"\n                                                data-venue=\"Klub Za\u015bcianek\">\n                                                \n<div class=\"card-event  card-event--size-small\">\n        <a href=\"https:\/\/www.ebilet.pl\/muzyka\/rock\/geordie-greep\" target=\"_blank\" class=\"card-event__link\" rel=\"nofollow noopener\"><\/a>\n        <div class=\"card-event__wrapper\">\n        <div class=\"card-event__image\">\n            <img decoding=\"async\" src=\"https:\/\/www.ebilet.pl\/media\/cms\/media\/p4ndv02s\/geordie-greep-ebilet-strona-wydarzenia-pion-wspo-lne-8309f991-cf87-4f6f-9369-5198e21d4fd3.webp\" alt=\"\">\n        <\/div>\n        <div class=\"card-event__data\">\n            <div class=\"card-event__name\">\n                <p>Geordie Greep<\/p>\n            <\/div>\n            <div class=\"card-event__date\">04.07.2026-04.07.2026<\/div>\n            <div class=\"card-event__location\">Krak\u00f3w, Warszawa<\/div>\n        <\/div>\n    <\/div>\n<\/div>                                            <\/div>\n                                        \n                                            <div class=\"events-slider-block__sliderItem swiper-slide event-card\"\n                                                data-id=\"205773\"\n                                                data-name=\"Bayonne\"\n                                                data-brand=\"Winiary Bookings sp. z o. o.\"\n                                                data-category=\"muzyka\"\n                                                data-subcategory=\"elektro-techno\"\n                                                data-city=\"Warszawa\"\n                                                data-venue=\"BARdzo, bardzo\">\n                                                \n<div class=\"card-event  card-event--size-small\">\n        <a href=\"https:\/\/www.ebilet.pl\/muzyka\/elektro-techno\/bayonne\" target=\"_blank\" class=\"card-event__link\" rel=\"nofollow noopener\"><\/a>\n        <div class=\"card-event__wrapper\">\n        <div class=\"card-event__image\">\n            <img decoding=\"async\" src=\"https:\/\/www.ebilet.pl\/media\/cms\/media\/45vpyfsg\/bayonne-ebilet-strona-wydarzenia-pion-warszawa.webp\" alt=\"\">\n        <\/div>\n        <div class=\"card-event__data\">\n            <div class=\"card-event__name\">\n                <p>Bayonne<\/p>\n            <\/div>\n            <div class=\"card-event__date\">12.09.2026-12.09.2026<\/div>\n            <div class=\"card-event__location\">Warszawa<\/div>\n        <\/div>\n    <\/div>\n<\/div>                                            <\/div>\n                                        \n                                            <div class=\"events-slider-block__sliderItem swiper-slide event-card\"\n                                                data-id=\"12967\"\n                                                data-name=\"Phil Campbell&#039;s Bastard Sons\"\n                                                data-brand=\"Winiary Bookings sp. z o. o.\"\n                                                data-category=\"muzyka\"\n                                                data-subcategory=\"rock\"\n                                                data-city=\"\u0141\u00f3d\u017a, Lublin\"\n                                                data-venue=\"Klub Scenografia\">\n                                                \n<div class=\"card-event  card-event--size-small\">\n        <a href=\"https:\/\/www.ebilet.pl\/muzyka\/rock\/phil-campbell\" target=\"_blank\" class=\"card-event__link\" rel=\"nofollow noopener\"><\/a>\n        <div class=\"card-event__wrapper\">\n        <div class=\"card-event__image\">\n            <img decoding=\"async\" src=\"https:\/\/www.ebilet.pl\/media\/cms\/media\/xgxnfkun\/pc-bastard-sons-ebilet-strona-wydarzenia-pion-wspo-lne-0a66eab9-4dc0-4cbe-9a64-e83f89663721.webp\" alt=\"\">\n        <\/div>\n        <div class=\"card-event__data\">\n            <div class=\"card-event__name\">\n                <p>Phil Campbell&#8217;s Bastard Sons<\/p>\n            <\/div>\n            <div class=\"card-event__date\">27.07.2026-27.07.2026<\/div>\n            <div class=\"card-event__location\">\u0141\u00f3d\u017a, Lublin<\/div>\n        <\/div>\n    <\/div>\n<\/div>                                            <\/div>\n                                        \n                                            <div class=\"events-slider-block__sliderItem swiper-slide event-card\"\n                                                data-id=\"206101\"\n                                                data-name=\"Heretoir\"\n                                                data-brand=\"Winiary Bookings sp. z o. o.\"\n                                                data-category=\"muzyka\"\n                                                data-subcategory=\"hard-heavy\"\n                                                data-city=\"Wroc\u0142aw\"\n                                                data-venue=\"Klub \u0141\u0105cznik\">\n                                                \n<div class=\"card-event  card-event--size-small\">\n        <a href=\"https:\/\/www.ebilet.pl\/muzyka\/hard-heavy\/heretoir\" target=\"_blank\" class=\"card-event__link\" rel=\"nofollow noopener\"><\/a>\n        <div class=\"card-event__wrapper\">\n        <div class=\"card-event__image\">\n            <img decoding=\"async\" src=\"https:\/\/www.ebilet.pl\/media\/cms\/media\/zq0bypho\/heretoir-ebilet-strona-wydarzenia-pion-wroc_aw-8b4bb5db-c468-4b88-9a99-45522d4b39e4.webp\" alt=\"\">\n        <\/div>\n        <div class=\"card-event__data\">\n            <div class=\"card-event__name\">\n                <p>Heretoir<\/p>\n            <\/div>\n            <div class=\"card-event__date\">19.10.2026-19.10.2026<\/div>\n            <div class=\"card-event__location\">Wroc\u0142aw<\/div>\n        <\/div>\n    <\/div>\n<\/div>                                            <\/div>\n                                        \n                                            <div class=\"events-slider-block__sliderItem swiper-slide event-card\"\n                                                data-id=\"35261\"\n                                                data-name=\"Parov Stelar\"\n                                                data-brand=\"Etso8\"\n                                                data-category=\"muzyka\"\n                                                data-subcategory=\"elektro-techno\"\n                                                data-city=\"Warszawa\"\n                                                data-venue=\"Letnia Scena Progresji\">\n                                                \n<div class=\"card-event  card-event--size-small\">\n        <a href=\"https:\/\/www.ebilet.pl\/muzyka\/elektro-techno\/parov-stelar\" target=\"_blank\" class=\"card-event__link\" rel=\"nofollow noopener\"><\/a>\n        <div class=\"card-event__wrapper\">\n        <div class=\"card-event__image\">\n            <img decoding=\"async\" src=\"https:\/\/www.ebilet.pl\/media\/cms\/media\/ushbipmb\/552x736.webp\" alt=\"\">\n        <\/div>\n        <div class=\"card-event__data\">\n            <div class=\"card-event__name\">\n                <p>Parov Stelar<\/p>\n            <\/div>\n            <div class=\"card-event__date\">25.07.2026-25.07.2026<\/div>\n            <div class=\"card-event__location\">Warszawa<\/div>\n        <\/div>\n    <\/div>\n<\/div>                                            <\/div>\n                                        \n                                            <div class=\"events-slider-block__sliderItem swiper-slide event-card\"\n                                                data-id=\"5971\"\n                                                data-name=\"Lady Pank\"\n                                                data-brand=\"Just For MUSIC Sp z o.o.\"\n                                                data-category=\"muzyka\"\n                                                data-subcategory=\"rock\"\n                                                data-city=\"Cz\u0119stochowa, Jasionka, Krak\u00f3w i inne\"\n                                                data-venue=\"Narodowe Centrum Polskiej Piosenki\">\n                                                \n<div class=\"card-event  card-event--size-small\">\n        <a href=\"https:\/\/www.ebilet.pl\/muzyka\/rock\/lady-pank\" target=\"_blank\" class=\"card-event__link\" rel=\"nofollow noopener\"><\/a>\n        <div class=\"card-event__wrapper\">\n        <div class=\"card-event__image\">\n            <img decoding=\"async\" src=\"https:\/\/www.ebilet.pl\/media\/cms\/media\/inkntr0t\/552-x-736-px-5.webp\" alt=\"\">\n        <\/div>\n        <div class=\"card-event__data\">\n            <div class=\"card-event__name\">\n                <p>Lady Pank<\/p>\n            <\/div>\n            <div class=\"card-event__date\">18.09.2026-18.09.2026<\/div>\n            <div class=\"card-event__location\">Cz\u0119stochowa, Jasionka, Krak\u00f3w i inne<\/div>\n        <\/div>\n    <\/div>\n<\/div>                                            <\/div>\n                                        \n                                            <div class=\"events-slider-block__sliderItem swiper-slide event-card\"\n                                                data-id=\"87678\"\n                                                data-name=\"Abba i Inni Symfonicznie II\"\n                                                data-brand=\"Agencja Brussa Jaros\u0142aw Brussa\"\n                                                data-category=\"muzyka\"\n                                                data-subcategory=\"pop\"\n                                                data-city=\"\u0141\u00f3d\u017a, Szczecin\"\n                                                data-venue=\"Teatr Letni w Szczecinie\">\n                                                \n<div class=\"card-event  card-event--size-small\">\n        <a href=\"https:\/\/www.ebilet.pl\/muzyka\/pop\/abba\" target=\"_blank\" class=\"card-event__link\" rel=\"nofollow noopener\"><\/a>\n        <div class=\"card-event__wrapper\">\n        <div class=\"card-event__image\">\n            <img decoding=\"async\" src=\"https:\/\/www.ebilet.pl\/media\/cms\/media\/ettpn531\/abba-ebilet-552x736.webp\" alt=\"\">\n        <\/div>\n        <div class=\"card-event__data\">\n            <div class=\"card-event__name\">\n                <p>Abba i Inni Symfonicznie II<\/p>\n            <\/div>\n            <div class=\"card-event__date\">17.07.2026-17.07.2026<\/div>\n            <div class=\"card-event__location\">\u0141\u00f3d\u017a, Szczecin<\/div>\n        <\/div>\n    <\/div>\n<\/div>                                            <\/div>\n                                        \n                                            <div class=\"events-slider-block__sliderItem swiper-slide event-card\"\n                                                data-id=\"96104\"\n                                                data-name=\"Targi dom\u00f3w do 120 m2 - Tw\u00f3j Ma\u0142y Dom (Gda\u0144sk)\"\n                                                data-brand=\"PRO MEDIA Filip Ko\u0142odziej\"\n                                                data-category=\"biznes\"\n                                                data-subcategory=\"targi\"\n                                                data-city=\"Gda\u0144sk\"\n                                                data-venue=\"Cen\u00adtrum Han\u00addlo\u00adwe Oso\u00adwa (Parking)\">\n                                                \n<div class=\"card-event  card-event--size-small\">\n        <a href=\"https:\/\/www.ebilet.pl\/biznes\/targi\/twoj-maly-dom\" target=\"_blank\" class=\"card-event__link\" rel=\"nofollow noopener\"><\/a>\n        <div class=\"card-event__wrapper\">\n        <div class=\"card-event__image\">\n            <img decoding=\"async\" src=\"https:\/\/www.ebilet.pl\/media\/cms\/media\/cr5kgqef\/gda_sk-_wiosna_ebilet552x736-9e954250-6c66-4073-88f0-9a0896762422.webp\" alt=\"\">\n        <\/div>\n        <div class=\"card-event__data\">\n            <div class=\"card-event__name\">\n                <p>Targi dom\u00f3w do 120 m2 &#8211; Tw\u00f3j Ma\u0142y Dom (Gda\u0144sk)<\/p>\n            <\/div>\n            <div class=\"card-event__date\">29.05.2026-29.05.2026<\/div>\n            <div class=\"card-event__location\">Gda\u0144sk<\/div>\n        <\/div>\n    <\/div>\n<\/div>                                            <\/div>\n                                        \n                                            <div class=\"events-slider-block__sliderItem swiper-slide event-card\"\n                                                data-id=\"206192\"\n                                                data-name=\"Spirit of Smokie\"\n                                                data-brand=\"GO2SHOW\"\n                                                data-category=\"muzyka\"\n                                                data-subcategory=\"rock\"\n                                                data-city=\"Warszawa\"\n                                                data-venue=\"Klub Hybrydy\">\n                                                \n<div class=\"card-event  card-event--size-small\">\n        <a href=\"https:\/\/www.ebilet.pl\/muzyka\/rock\/spirit-of-smokie\" target=\"_blank\" class=\"card-event__link\" rel=\"nofollow noopener\"><\/a>\n        <div class=\"card-event__wrapper\">\n        <div class=\"card-event__image\">\n            <img decoding=\"async\" src=\"https:\/\/www.ebilet.pl\/media\/cms\/media\/sd5m2kku\/spirit-of-smokie-552_736-warszawa-22985fe0-6a01-49f5-a405-d282d9004495.webp\" alt=\"\">\n        <\/div>\n        <div class=\"card-event__data\">\n            <div class=\"card-event__name\">\n                <p>Spirit of Smokie<\/p>\n            <\/div>\n            <div class=\"card-event__date\">18.12.2026-18.12.2026<\/div>\n            <div class=\"card-event__location\">Warszawa<\/div>\n        <\/div>\n    <\/div>\n<\/div>                                            <\/div>\n                                        \n                                            <div class=\"events-slider-block__sliderItem swiper-slide event-card\"\n                                                data-id=\"205699\"\n                                                data-name=\"Shred Fest: Obscura, Pestilence, Cryptic Shift, Thus, Dvrk\"\n                                                data-brand=\"Winiary Bookings sp. z o. o.\"\n                                                data-category=\"muzyka\"\n                                                data-subcategory=\"hard-heavy\"\n                                                data-city=\"Warszawa\"\n                                                data-venue=\"Klub Proxima\">\n                                                \n<div class=\"card-event  card-event--size-small\">\n        <a href=\"https:\/\/www.ebilet.pl\/muzyka\/hard-heavy\/shred-fest\" target=\"_blank\" class=\"card-event__link\" rel=\"nofollow noopener\"><\/a>\n        <div class=\"card-event__wrapper\">\n        <div class=\"card-event__image\">\n            <img decoding=\"async\" src=\"https:\/\/www.ebilet.pl\/media\/cms\/media\/ngvdr2c3\/shredfest-ebilet-strona-wydarzenia-pion-warszawax-000cce3a-6af4-4d35-90e3-f0b821d75e23.webp\" alt=\"\">\n        <\/div>\n        <div class=\"card-event__data\">\n            <div class=\"card-event__name\">\n                <p>Shred Fest: Obscura, Pestilence, Cryptic Shift, Thus, Dvrk<\/p>\n            <\/div>\n            <div class=\"card-event__date\">25.01.2027-25.01.2027<\/div>\n            <div class=\"card-event__location\">Warszawa<\/div>\n        <\/div>\n    <\/div>\n<\/div>                                            <\/div>\n                                        \n                                            <div class=\"events-slider-block__sliderItem swiper-slide event-card\"\n                                                data-id=\"152798\"\n                                                data-name=\"Beth Hart\"\n                                                data-brand=\"Modern Look Sp. z o.o.\"\n                                                data-category=\"muzyka\"\n                                                data-subcategory=\"jazz-blues\"\n                                                data-city=\"Warszawa, Zabrze\"\n                                                data-venue=\"Dom Muzyki i Ta\u0144ca\">\n                                                \n<div class=\"card-event  card-event--size-small\">\n        <a href=\"https:\/\/www.ebilet.pl\/muzyka\/jazz-blues\/beth-hart-koncert\" target=\"_blank\" class=\"card-event__link\" rel=\"nofollow noopener\"><\/a>\n        <div class=\"card-event__wrapper\">\n        <div class=\"card-event__image\">\n            <img decoding=\"async\" src=\"https:\/\/www.ebilet.pl\/media\/cms\/media\/vhblus3i\/beth_hart_552x736_bezwww.webp\" alt=\"\">\n        <\/div>\n        <div class=\"card-event__data\">\n            <div class=\"card-event__name\">\n                <p>Beth Hart<\/p>\n            <\/div>\n            <div class=\"card-event__date\">09.05.2026-09.05.2026<\/div>\n            <div class=\"card-event__location\">Warszawa, Zabrze<\/div>\n        <\/div>\n    <\/div>\n<\/div>                                            <\/div>\n                                        \n                                            <div class=\"events-slider-block__sliderItem swiper-slide event-card\"\n                                                data-id=\"206168\"\n                                                data-name=\"Eve\"\n                                                data-brand=\"Big Idea Group sp. z o. o.\"\n                                                data-category=\"muzyka\"\n                                                data-subcategory=\"hip-hop-rap\"\n                                                data-city=\"Warszawa\"\n                                                data-venue=\"Progresja\">\n                                                \n<div class=\"card-event  card-event--size-small\">\n        <a href=\"https:\/\/www.ebilet.pl\/muzyka\/hip-hop-rap\/eve\" target=\"_blank\" class=\"card-event__link\" rel=\"nofollow noopener\"><\/a>\n        <div class=\"card-event__wrapper\">\n        <div class=\"card-event__image\">\n            <img decoding=\"async\" src=\"https:\/\/www.ebilet.pl\/media\/cms\/media\/cs5fmq0h\/ebilet-10-95367bc9-1f16-4a1c-9e1d-f2b4f9e0531a.webp\" alt=\"\">\n        <\/div>\n        <div class=\"card-event__data\">\n            <div class=\"card-event__name\">\n                <p>Eve<\/p>\n            <\/div>\n            <div class=\"card-event__date\">16.10.2026-16.10.2026<\/div>\n            <div class=\"card-event__location\">Warszawa<\/div>\n        <\/div>\n    <\/div>\n<\/div>                                            <\/div>\n                                        \n                                            <div class=\"events-slider-block__sliderItem swiper-slide event-card\"\n                                                data-id=\"206153\"\n                                                data-name=\"European Carnage Tour 2026: Fleshcrawl + Avulsed + Violentor\"\n                                                data-brand=\"Fundacja Student\u00f3w i Absolwent\u00f3w AGH w Krakowie\"\n                                                data-category=\"muzyka\"\n                                                data-subcategory=\"hard-heavy\"\n                                                data-city=\"Krak\u00f3w\"\n                                                data-venue=\"Klub Za\u015bcianek\">\n                                                \n<div class=\"card-event  card-event--size-small\">\n        <a href=\"https:\/\/www.ebilet.pl\/muzyka\/hard-heavy\/fleshcrawl\" target=\"_blank\" class=\"card-event__link\" rel=\"nofollow noopener\"><\/a>\n        <div class=\"card-event__wrapper\">\n        <div class=\"card-event__image\">\n            <img decoding=\"async\" src=\"https:\/\/www.ebilet.pl\/media\/cms\/media\/x52dbinm\/wydarzenie-za-2026-fleshcrawl-17-11_ebilet-552x736.webp\" alt=\"\">\n        <\/div>\n        <div class=\"card-event__data\">\n            <div class=\"card-event__name\">\n                <p>European Carnage Tour 2026: Fleshcrawl + Avulsed + Violentor<\/p>\n            <\/div>\n            <div class=\"card-event__date\">17.11.2026-17.11.2026<\/div>\n            <div class=\"card-event__location\">Krak\u00f3w<\/div>\n        <\/div>\n    <\/div>\n<\/div>                                            <\/div>\n                                        \n                                            <div class=\"events-slider-block__sliderItem swiper-slide event-card\"\n                                                data-id=\"173645\"\n                                                data-name=\"Targi dom\u00f3w do 120 m2 - Tw\u00f3j Ma\u0142y Dom (Krak\u00f3w)\"\n                                                data-brand=\"PRO MEDIA Filip Ko\u0142odziej\"\n                                                data-category=\"biznes\"\n                                                data-subcategory=\"targi\"\n                                                data-city=\"Krak\u00f3w\"\n                                                data-venue=\"Park Handlowy Zakopianka (parking)\">\n                                                \n<div class=\"card-event  card-event--size-small\">\n        <a href=\"https:\/\/www.ebilet.pl\/biznes\/targi\/targi-twoj-maly-dom\" target=\"_blank\" class=\"card-event__link\" rel=\"nofollow noopener\"><\/a>\n        <div class=\"card-event__wrapper\">\n        <div class=\"card-event__image\">\n            <img decoding=\"async\" src=\"https:\/\/www.ebilet.pl\/media\/cms\/media\/nddpbt35\/krak_w_wiosna_ebilet552x736-3a54c71e-5961-4459-96a7-d520c29f90ad.webp\" alt=\"\">\n        <\/div>\n        <div class=\"card-event__data\">\n            <div class=\"card-event__name\">\n                <p>Targi dom\u00f3w do 120 m2 &#8211; Tw\u00f3j Ma\u0142y Dom (Krak\u00f3w)<\/p>\n            <\/div>\n            <div class=\"card-event__date\">22.05.2026-22.05.2026<\/div>\n            <div class=\"card-event__location\">Krak\u00f3w<\/div>\n        <\/div>\n    <\/div>\n<\/div>                                            <\/div>\n                                                                            <\/div>\n                                <\/div>\n                            <\/div>\n                            <div class=\"events-slider-block__events swiper\" data-events-events-descriptions>\n                                <div class=\"events-slider-block__eventsWrapper swiper-wrapper\">\n                                                                            <div class=\"events-slider-block__eventsItem swiper-slide\">\n                                            <a href=\"https:\/\/www.ebilet.pl\/muzyka\/hard-heavy\/the-ruins-of-beverast\" target=\"_blank\" class=\"events-slider-block__eventsName\">\n                                                <p>The Ruins of Beverast<\/p>\n                                            <\/a>\n                                            <div class=\"events-slider-block__eventsDate\">23.11.2026-24.11.2026<\/div>\n                                            <div class=\"events-slider-block__eventsLocation\"><\/div>\n                                        <\/div>\n                                                                            <div class=\"events-slider-block__eventsItem swiper-slide\">\n                                            <a href=\"https:\/\/www.ebilet.pl\/muzyka\/rock\/geordie-greep\" target=\"_blank\" class=\"events-slider-block__eventsName\">\n                                                <p>Geordie Greep<\/p>\n                                            <\/a>\n                                            <div class=\"events-slider-block__eventsDate\">04.07.2026-05.07.2026<\/div>\n                                            <div class=\"events-slider-block__eventsLocation\"><\/div>\n                                        <\/div>\n                                                                            <div class=\"events-slider-block__eventsItem swiper-slide\">\n                                            <a href=\"https:\/\/www.ebilet.pl\/muzyka\/elektro-techno\/bayonne\" target=\"_blank\" class=\"events-slider-block__eventsName\">\n                                                <p>Bayonne<\/p>\n                                            <\/a>\n                                            <div class=\"events-slider-block__eventsDate\">12.09.2026-12.09.2026<\/div>\n                                            <div class=\"events-slider-block__eventsLocation\"><\/div>\n                                        <\/div>\n                                                                            <div class=\"events-slider-block__eventsItem swiper-slide\">\n                                            <a href=\"https:\/\/www.ebilet.pl\/muzyka\/rock\/phil-campbell\" target=\"_blank\" class=\"events-slider-block__eventsName\">\n                                                <p>Phil Campbell&#8217;s Bastard Sons<\/p>\n                                            <\/a>\n                                            <div class=\"events-slider-block__eventsDate\">27.07.2026-30.07.2026<\/div>\n                                            <div class=\"events-slider-block__eventsLocation\"><\/div>\n                                        <\/div>\n                                                                            <div class=\"events-slider-block__eventsItem swiper-slide\">\n                                            <a href=\"https:\/\/www.ebilet.pl\/muzyka\/hard-heavy\/heretoir\" target=\"_blank\" class=\"events-slider-block__eventsName\">\n                                                <p>Heretoir<\/p>\n                                            <\/a>\n                                            <div class=\"events-slider-block__eventsDate\">19.10.2026-19.10.2026<\/div>\n                                            <div class=\"events-slider-block__eventsLocation\"><\/div>\n                                        <\/div>\n                                                                            <div class=\"events-slider-block__eventsItem swiper-slide\">\n                                            <a href=\"https:\/\/www.ebilet.pl\/muzyka\/elektro-techno\/parov-stelar\" target=\"_blank\" class=\"events-slider-block__eventsName\">\n                                                <p>Parov Stelar<\/p>\n                                            <\/a>\n                                            <div class=\"events-slider-block__eventsDate\">25.07.2026-25.07.2026<\/div>\n                                            <div class=\"events-slider-block__eventsLocation\"><\/div>\n                                        <\/div>\n                                                                            <div class=\"events-slider-block__eventsItem swiper-slide\">\n                                            <a href=\"https:\/\/www.ebilet.pl\/muzyka\/rock\/lady-pank\" target=\"_blank\" class=\"events-slider-block__eventsName\">\n                                                <p>Lady Pank<\/p>\n                                            <\/a>\n                                            <div class=\"events-slider-block__eventsDate\">18.09.2026-12.12.2026<\/div>\n                                            <div class=\"events-slider-block__eventsLocation\"><\/div>\n                                        <\/div>\n                                                                            <div class=\"events-slider-block__eventsItem swiper-slide\">\n                                            <a href=\"https:\/\/www.ebilet.pl\/muzyka\/pop\/abba\" target=\"_blank\" class=\"events-slider-block__eventsName\">\n                                                <p>Abba i Inni Symfonicznie II<\/p>\n                                            <\/a>\n                                            <div class=\"events-slider-block__eventsDate\">17.07.2026-21.10.2026<\/div>\n                                            <div class=\"events-slider-block__eventsLocation\"><\/div>\n                                        <\/div>\n                                                                            <div class=\"events-slider-block__eventsItem swiper-slide\">\n                                            <a href=\"https:\/\/www.ebilet.pl\/biznes\/targi\/twoj-maly-dom\" target=\"_blank\" class=\"events-slider-block__eventsName\">\n                                                <p>Targi dom\u00f3w do 120 m2 &#8211; Tw\u00f3j Ma\u0142y Dom (Gda\u0144sk)<\/p>\n                                            <\/a>\n                                            <div class=\"events-slider-block__eventsDate\">29.05.2026-31.05.2026<\/div>\n                                            <div class=\"events-slider-block__eventsLocation\"><\/div>\n                                        <\/div>\n                                                                            <div class=\"events-slider-block__eventsItem swiper-slide\">\n                                            <a href=\"https:\/\/www.ebilet.pl\/muzyka\/rock\/spirit-of-smokie\" target=\"_blank\" class=\"events-slider-block__eventsName\">\n                                                <p>Spirit of Smokie<\/p>\n                                            <\/a>\n                                            <div class=\"events-slider-block__eventsDate\">18.12.2026-18.12.2026<\/div>\n                                            <div class=\"events-slider-block__eventsLocation\"><\/div>\n                                        <\/div>\n                                                                            <div class=\"events-slider-block__eventsItem swiper-slide\">\n                                            <a href=\"https:\/\/www.ebilet.pl\/muzyka\/hard-heavy\/shred-fest\" target=\"_blank\" class=\"events-slider-block__eventsName\">\n                                                <p>Shred Fest: Obscura, Pestilence, Cryptic Shift, Thus, Dvrk<\/p>\n                                            <\/a>\n                                            <div class=\"events-slider-block__eventsDate\">25.01.2027-25.01.2027<\/div>\n                                            <div class=\"events-slider-block__eventsLocation\"><\/div>\n                                        <\/div>\n                                                                            <div class=\"events-slider-block__eventsItem swiper-slide\">\n                                            <a href=\"https:\/\/www.ebilet.pl\/muzyka\/jazz-blues\/beth-hart-koncert\" target=\"_blank\" class=\"events-slider-block__eventsName\">\n                                                <p>Beth Hart<\/p>\n                                            <\/a>\n                                            <div class=\"events-slider-block__eventsDate\">09.05.2026-14.07.2026<\/div>\n                                            <div class=\"events-slider-block__eventsLocation\"><\/div>\n                                        <\/div>\n                                                                            <div class=\"events-slider-block__eventsItem swiper-slide\">\n                                            <a href=\"https:\/\/www.ebilet.pl\/muzyka\/hip-hop-rap\/eve\" target=\"_blank\" class=\"events-slider-block__eventsName\">\n                                                <p>Eve<\/p>\n                                            <\/a>\n                                            <div class=\"events-slider-block__eventsDate\">16.10.2026-16.10.2026<\/div>\n                                            <div class=\"events-slider-block__eventsLocation\"><\/div>\n                                        <\/div>\n                                                                            <div class=\"events-slider-block__eventsItem swiper-slide\">\n                                            <a href=\"https:\/\/www.ebilet.pl\/muzyka\/hard-heavy\/fleshcrawl\" target=\"_blank\" class=\"events-slider-block__eventsName\">\n                                                <p>European Carnage Tour 2026: Fleshcrawl + Avulsed + Violentor<\/p>\n                                            <\/a>\n                                            <div class=\"events-slider-block__eventsDate\">17.11.2026-17.11.2026<\/div>\n                                            <div class=\"events-slider-block__eventsLocation\"><\/div>\n                                        <\/div>\n                                                                            <div class=\"events-slider-block__eventsItem swiper-slide\">\n                                            <a href=\"https:\/\/www.ebilet.pl\/biznes\/targi\/targi-twoj-maly-dom\" target=\"_blank\" class=\"events-slider-block__eventsName\">\n                                                <p>Targi dom\u00f3w do 120 m2 &#8211; Tw\u00f3j Ma\u0142y Dom (Krak\u00f3w)<\/p>\n                                            <\/a>\n                                            <div class=\"events-slider-block__eventsDate\">22.05.2026-24.05.2026<\/div>\n                                            <div class=\"events-slider-block__eventsLocation\"><\/div>\n                                        <\/div>\n                                                                    <\/div>\n                            <\/div>\n                            <div class=\"events-slider-block__pagination\">\n                                <div class=\"swiper-pagination slider-pagination slider-pagination--theme-white\" data-events-slider-pagination><\/div>\n                            <\/div>\n                        <\/div>\n                                        <div class=\"events-slider-block__bottom\">\n                                                                                <div class=\"events-slider-block__link desktop\">\n                                    <a\n                                        class=\"button button--size-small button--theme-primary-yellow button--withIconLeft\"\n                                        href=\"https:\/\/www.ebilet.pl\/\">\n                                                                                    <div class=\"button__icon\"><img loading=\"lazy\" decoding=\"async\" width=\"30\" height=\"30\" src=\"https:\/\/www.ebilet.pl\/now\/app\/uploads\/2024\/01\/ticket-cinema-entertainment-coupon-discount-sale_30px.png\" class=\"attachment-full size-full\" alt=\"\" \/><\/div>\n                                                                                <p class=\"button__text typo-18\">Kup na eBilet.pl<\/p>\n                                    <\/a>\n                                <\/div>\n                                                                                <div class=\"events-slider-block__link mobile\">\n                                    <a\n                                        class=\"button button--size-small button--theme-primary-yellow button--withIconLeft\"\n                                        href=\"https:\/\/www.ebilet.pl\/\">\n                                                                                    <div class=\"button__icon\"><img loading=\"lazy\" decoding=\"async\" width=\"30\" height=\"30\" src=\"https:\/\/www.ebilet.pl\/now\/app\/uploads\/2024\/01\/ticket-cinema-entertainment-coupon-discount-sale_30px.png\" class=\"attachment-full size-full\" alt=\"\" \/><\/div>\n                                                                                <p class=\"button__text typo-18\">Kup na eBilet.pl<\/p>\n                                    <\/a>\n                                <\/div>\n                                            <\/div>\n                <\/div>\n            <\/div>\n        <\/div>\n    <\/div>\n<\/section>","protected":false},"excerpt":{"rendered":"<p>Niekt\u00f3rzy arty\u015bci potrafi\u0105 oczarowa\u0107 widz\u00f3w nawet rolami drugoplanowymi. Inni s\u0105 tak dobrzy, \u017ce debiutuj\u0105 w rolach g\u0142\u00f3wnych. Zobacz, na kt\u00f3rych aktor\u00f3w i aktorki warto zwr\u00f3ci\u0107 uwag\u0119 na scenie musicalowej w Polsce i na \u015bwiecie. Sprawd\u017a, kt\u00f3rych nazwisk jeszcze nie znasz i koniecznie wybierz si\u0119 na musical z tym aktorem lub aktork\u0105 w roli g\u0142\u00f3wnej!<\/p>\n","protected":false},"author":14,"featured_media":74166,"comment_status":"open","ping_status":"open","sticky":false,"template":"page-templates\/article-default.php","format":"standard","meta":{"_acf_changed":false,"footnotes":""},"article_tag":[398,87,171],"article_type":[5],"acf":[],"_links":{"self":[{"href":"https:\/\/www.ebilet.pl\/now\/wp-json\/wp\/v2\/posts\/74165"}],"collection":[{"href":"https:\/\/www.ebilet.pl\/now\/wp-json\/wp\/v2\/posts"}],"about":[{"href":"https:\/\/www.ebilet.pl\/now\/wp-json\/wp\/v2\/types\/post"}],"author":[{"embeddable":true,"href":"https:\/\/www.ebilet.pl\/now\/wp-json\/wp\/v2\/users\/14"}],"replies":[{"embeddable":true,"href":"https:\/\/www.ebilet.pl\/now\/wp-json\/wp\/v2\/comments?post=74165"}],"version-history":[{"count":1,"href":"https:\/\/www.ebilet.pl\/now\/wp-json\/wp\/v2\/posts\/74165\/revisions"}],"predecessor-version":[{"id":74168,"href":"https:\/\/www.ebilet.pl\/now\/wp-json\/wp\/v2\/posts\/74165\/revisions\/74168"}],"wp:featuredmedia":[{"embeddable":true,"href":"https:\/\/www.ebilet.pl\/now\/wp-json\/wp\/v2\/media\/74166"}],"wp:attachment":[{"href":"https:\/\/www.ebilet.pl\/now\/wp-json\/wp\/v2\/media?parent=74165"}],"wp:term":[{"taxonomy":"article_tag","embeddable":true,"href":"https:\/\/www.ebilet.pl\/now\/wp-json\/wp\/v2\/article_tag?post=74165"},{"taxonomy":"article_type","embeddable":true,"href":"https:\/\/www.ebilet.pl\/now\/wp-json\/wp\/v2\/article_type?post=74165"}],"curies":[{"name":"wp","href":"https:\/\/api.w.org\/{rel}","templated":true}]}}