{"id":73402,"date":"2025-12-08T09:50:05","date_gmt":"2025-12-08T08:50:05","guid":{"rendered":"https:\/\/www.ebilet.pl\/now\/?p=73402"},"modified":"2025-12-08T09:59:31","modified_gmt":"2025-12-08T08:59:31","slug":"w-swiecie-sztuki-jestem-postrzegany-jakbym-byl-takim-popkiem-troche-zyto-o-nadchodzacej-plycie-i-karierze-malarskiej","status":"publish","type":"post","link":"https:\/\/www.ebilet.pl\/now\/w-swiecie-sztuki-jestem-postrzegany-jakbym-byl-takim-popkiem-troche-zyto-o-nadchodzacej-plycie-i-karierze-malarskiej\/","title":{"rendered":"&#8220;W \u015bwiecie sztuki jestem postrzegany jakbym by\u0142 takim Popkiem troch\u0119&#8221;. \u017byto o nadchodz\u0105cej p\u0142ycie i karierze malarskiej"},"content":{"rendered":"\n<p><\/p>\n\n\n\n<section class=\"text-block  section-margin-32\" >\n    <div class=\"container\">\n        <div class=\"row\">\n            <div class=\"col-24\">\n                <div class=\"text-block__content\"><p><b>Jakub Wojakowicz: Na twojej najnowszej p\u0142ycie rzuci\u0142e\u015b taki wers, \u017ce &#8220;malujesz wyrazy&#8221; i zacz\u0105\u0142em si\u0119 wtedy zastanawia\u0107, czy ty czujesz si\u0119 bardziej artyst\u0105-malarzem, czy artyst\u0105-muzykiem? Czy mo\u017ce nie rozkminiasz tego w og\u00f3le w ten spos\u00f3b?<\/b><\/p>\n<p><span style=\"font-weight: 400;\">\u017byto: Na pewno,od strony kariery, to bardziej chcia\u0142bym koncentrowa\u0107 si\u0119 na malarstwie. Pomimo \u017ce ja t\u0119 swoj\u0105 karier\u0119 rapow\u0105 traktuj\u0119 ma\u0142o powa\u017cnie , to du\u017co ludzi do mnie pisze, \u017ce ta muzyka im pomaga, du\u017co mi\u0142ych wiadomo\u015bci dostaj\u0119, wi\u0119c stwierdzi\u0142em, \u017ce nie chc\u0119 z tego rezygnowa\u0107 i te\u017c to b\u0119d\u0119 robi\u0142. Ale\u00a0 kim si\u0119 czuj\u0119 bardziej? Chcia\u0142bym by\u0107 malarzem na pewno, jednocze\u015bnie wiem, \u017ce muzyka jest silniejszym medium, mocniej wp\u0142ywa na cz\u0142owieka. Od patrzenia na obraz nie poprawi ci si\u0119 humor, nie dostaniesz zastrzyku energii, ani si\u0119 nie uspokoisz. Od muzyki wydaje mi si\u0119, \u017ce tak. Wydaje mi si\u0119, \u017ce ludzie wi\u0119kszy szacunek maj\u0105 do muzyk\u00f3w.<\/span><\/p>\n<p><b>Na pewno muzyka jest prostsza do zrozumienia, dlatego mo\u017ce tak jest.<\/b><\/p>\n<p><span style=\"font-weight: 400;\">Mo\u017ce. Wydaje mi si\u0119, \u017ce du\u017co ludzi m\u00f3wi, \u017ce obie te rzeczy jestem w stanie robi\u0107 na dosy\u0107 dobrym poziomie i to jest, nie wiem czy ewenement, ale to jest spoko i nie chc\u0119 z tego rezygnowa\u0107. Natomiast wa\u017cniejsza jest dla mnie ta kariera malarska.\u00a0<\/span><\/p>\n<p><b>Co w takim razie daje ci muzyka, czego nie daje ci malowanie?<\/b><\/p>\n<p><span style=\"font-weight: 400;\">Przy muzyce mog\u0119\u00a0 si\u0119 bardziej wy\u017cy\u0107. Jednak jak mam hardkorowe kawa\u0142ki, to jest taki bardziej \u015bwiat gangsterski, jak gangsterskie kino. Jak to pisz\u0119, p\u00f3\u017aniej to rapuj\u0119, to si\u0119 tak czuj\u0119, stroj\u0119 si\u0119 przed lustrem, chodz\u0119, rapuj\u0119 sobie te kawa\u0142ki. Malowanie jest spokojniejsze, tak bym powiedzia\u0142. Wi\u0119c nie ma tego takiego pie*dolni\u0119cia, brzydko m\u00f3wi\u0105c, kt\u00f3re jest w muzyce.<\/span><\/p>\n<p><b>Nieco uprzedzi\u0142e\u015b moje drugie pytanie, czyli: co daje ci malowanie, czego nie daje ci muzyka? Wnioskuj\u0119, \u017ce wyciszenie.<\/b><\/p>\n<p><span style=\"font-weight: 400;\">Tak, malowanie jest bardziej uspokajaj\u0105ce na pewno. No i kawa\u0142ek jednak jest rozci\u0105gni\u0119ty. Du\u017co si\u0119 w\u0105tk\u00f3w mie\u015bci. Czasem nie ma jakiego\u015b konkretnego tematu. Obraz to jest taki jeden znak. I to jest troch\u0119 inne w tym. Inaczej si\u0119 to tworzy. Mam wra\u017cenie, \u017ce malarstwo jest bardziej uniwersalne. Z polskim rapem si\u0119 nigdzie nie wybijesz, poza S\u0142owacj\u0105 (\u015bmiech). A tutaj mam szans\u0119 na karier\u0119 mi\u0119dzynarodow\u0105. I tego chcia\u0142bym, takie jak moje marzenie, a muzyk\u0119 b\u0119d\u0119 traktowa\u0142 bardziej jako takie hobby i dodatek. Bo przy p\u0142ycie, kt\u00f3r\u0105 teraz robi\u0119, nie mam \u017cadnej presji, nie mam \u017cadnego targetu, \u017ceby powi\u0119kszy\u0107 fanbase. S\u0105 ludzie, kt\u00f3rzy mnie s\u0142uchaj\u0105, i robi\u0119 to dla nich. Mog\u0142em zrobi\u0107 wszystko po swojemu. Pierwszy raz mog\u0119 zrobi\u0107 wszystko tak, jak chc\u0119. Bo przy p\u0142ytach z Noonem to Noon decydowa\u0142, wcze\u015bniej by\u0142o Prosto, Asfalt Records. Czuj\u0119 si\u0119 troch\u0119, jakbym robi\u0142 pierwsz\u0105 p\u0142yt\u0119. Ja zacz\u0105\u0142em robi\u0107 rap w tych czasach gdy my\u015bmy do tego podchodzili bardziej zajawkowo. Nie by\u0142o pewne, \u017ce b\u0119dzie z tego kasa. Nawet ci, co byli u szczytu, te\u017c chyba nie zarabiali wielkich pieni\u0119dzy. No wi\u0119c ja mam tak\u0105 faz\u0119, \u017ce to jest moja pierwsza p\u0142yta na nowo. Robiona z samej zajawy. Bez \u017cadnego patrzenia na to, co jest modne. Zrobi\u0142em sobie to, co chcia\u0142em, totalnie nie patrz\u0105c na nikogo innego.<\/span><\/p>\n<\/div>\n            <\/div>\n        <\/div>\n    <\/div>\n<\/section>\n\n\n<figure class=\"wp-block-embed is-type-video is-provider-youtube wp-block-embed-youtube wp-embed-aspect-4-3 wp-has-aspect-ratio\"><div class=\"wp-block-embed__wrapper\">\n<iframe loading=\"lazy\" title=\"\u017bYTO-ART DILER prod. KYONEARTH\" width=\"500\" height=\"375\" src=\"https:\/\/www.youtube.com\/embed\/vG6NuRd0oYo?feature=oembed\" frameborder=\"0\" allow=\"accelerometer; autoplay; clipboard-write; encrypted-media; gyroscope; picture-in-picture; web-share\" referrerpolicy=\"strict-origin-when-cross-origin\" allowfullscreen><\/iframe>\n<\/div><\/figure>\n\n\n<section class=\"gap-block  section-margin-32 section-margin-32\"><\/section>\n\n\n<section class=\"text-block  section-margin-32\" >\n    <div class=\"container\">\n        <div class=\"row\">\n            <div class=\"col-24\">\n                <div class=\"text-block__content\"><p><b>W jednym z wywiad\u00f3w przed &#8220;Morzami Po\u0142udniowymi&#8221; stwierdzi\u0142e\u015b, \u017ce twoja mi\u0142o\u015b\u0107 do hip-hopu nie od\u017cy\u0142a, i \u017ce wsp\u00f3\u0142pracy z nikim ni\u017c z Noonem nie przewidujesz. Co si\u0119 zmieni\u0142o?<\/b><\/p>\n<p><span style=\"font-weight: 400;\">Ludzie mnie sk\u0142onili do tego. Te\u017c ci, kt\u00f3rzy mi m\u00f3wili, \u017ce to jest marnowanie talentu. Kto\u015b mi powiedzia\u0142, \u017ce powinienem tworzy\u0107 ca\u0142y czas je\u015bli mog\u0119. I ci ludzie, kt\u00f3rzy do mnie pisali, mimo mojego podej\u015bcia, \u017ce ta muzyka jest super, \u017ce pomog\u0142a, to mi doda\u0142o pozytywny feedback. I sama przyjemno\u015b\u0107 z tworzenia. Ja najbardziej lubi\u0119 pisa\u0107 i nagrywa\u0107. I to jest ta cz\u0119\u015b\u0107 tego procesu, kt\u00f3ra mnie najbardziej interesuje.<\/span><\/p>\n<p><b>Co si\u0119 z tym potem dzieje, to ju\u017c drugorz\u0119dne.<\/b><\/p>\n<p><span style=\"font-weight: 400;\">Tak naprawd\u0119 tak. Przy tej p\u0142ycie dosta\u0142em mo\u017cliwo\u015b\u0107 swobodnego dzia\u0142ania, \u017ce nie jestem od nikogo uzale\u017cniony, czyli to, co mi si\u0119 najbardziej podoba w malarstwie. Wymy\u015blam sobie tytu\u0142, rysuj\u0119, robi\u0119 szkic, maluj\u0119, wstawiam na Instagrama zdj\u0119cie, kto\u015b kupuje. Zero kompromis\u00f3w. A im wi\u0119cej ludzi jest zaanga\u017cowanych w dany proces, tym wi\u0119cej&#8230; &#8220;Zr\u00f3bmy to tak, a to zr\u00f3bmy tak&#8221;, &#8220;Inaczej ten teledysk&#8221;, &#8220;Czekaj, przerobi\u0119 ci bit&#8221;, &#8220;A mo\u017ce tu by\u015b co\u015b innego zarapowa\u0142&#8221;. W malarstwie tego nie ma. Sony mi da\u0142o jako dystrybutor woln\u0105 r\u0119k\u0119 do wszystkiego, wi\u0119c tak naprawd\u0119 jestem te\u017c producentem wykonawczym tego albumu.<\/span><\/p>\n<p><b>Nad tym si\u0119 troch\u0119 zastanawia\u0142em, bo tak jak m\u00f3wi\u0142e\u015b, projekty z Noonem by\u0142y troch\u0119 bardziej jego. Jak ci w og\u00f3le jest z byciem troch\u0119 bardziej samemu odpowiedzialnym za brzmienie albumu?<\/b><\/p>\n<p><span style=\"font-weight: 400;\">Wiesz co, pewne kwestie s\u0105 ci\u0119\u017ckie, bo wiadomo jak to z artystami. Najfajniejsze jest samo tworzenie, ale p\u00f3\u017aniej wchodz\u0105 te kwestie organizacyjne typu ogarni\u0119cie jakich\u015b ludzi na klip. Sam wybiera\u0142em single, wymy\u015bli\u0142em te\u017c teledyski, jakie maj\u0105 by\u0107, by\u0142em podczas ich monta\u017cu, wi\u0119c te\u017c by\u0142em w to zaanga\u017cowany. Z merchem troch\u0119 zamuli\u0142em, wiesz, tyle sobie wzi\u0105\u0142em na g\u0142ow\u0119. Musia\u0142em pewne rzeczy odsuwa\u0107 w czasie, wi\u0119c jest to troch\u0119 m\u0119cz\u0105ce, szczeg\u00f3lnie, \u017ce jak jest jesie\u0144, jak si\u0119 robi gorsza pogoda, to mi si\u0119 od razu mniej chce robi\u0107. Wi\u0119c mam teraz menad\u017cerk\u0119, kt\u00f3ra mi pomaga z pewnymi kwestiami. Takie kwestie b\u0142ahe, organizacyjne czasami si\u0119 chce, a czasami nie. Samo tworzenie, super.<\/span><\/p>\n<p><b>Na \u201eUlicach i salonach\u201d opowiadasz o swojej podzielonej rzeczywisto\u015bci. Jak bycie jednocze\u015bnie cz\u0142owiekiem ulicy i sztuki i odbija si\u0119 na tym, jak jeste\u015b odbierany? I na ulicy, i na salonach.<\/b><\/p>\n<p><span style=\"font-weight: 400;\">Ju\u017c nie jestem chyba cz\u0142owiekiem ulicy. W sensie, wiesz, to by\u0142o takie \u017cycie osiedlowe. Mi to si\u0119 wydawa\u0142o wtedy normalne. Dopiero p\u00f3\u017aniej zrozumia\u0142em, \u017ce w sumie to, co my\u015bmy robili z kolegami, mo\u017ce mog\u0142o by\u0107 postrzegane jako ostra patologia w niekt\u00f3rych kr\u0119gach. Teraz chcia\u0142bym zmierza\u0107 w inn\u0105 stron\u0119. Odstawi\u0142em u\u017cywki wszelkie. Nie mam ju\u017c za bardzo styczno\u015bci z tamtym \u015bwiatem. Te\u017c to towarzystwo, kt\u00f3re jest w \u015bwiecie sztuki, bardziej mi odpowiada. Ale wiadomo, \u017ce to by\u0142a jaka\u015b cz\u0119\u015b\u0107 mojego \u017cycia. I jest ni\u0105 jeszcze cz\u0119sto przez rap, kt\u00f3ry robi\u0119. Moim zdaniem to jest taki rap uliczny. To jest tak, jak powiedzia\u0142 kiedy\u015b Ice T, \u017ce rap nie powinien by\u0107 pozytywny, \u017ce to jest hardkorowy gatunek z tak\u0105 dawk\u0105 negatywnej energii, kt\u00f3ra z ciebie wychodzi. I wydaje mi si\u0119, \u017ce zawsze b\u0119d\u0119 robi\u0142 taki rap, ci\u0119\u017cki.\u00a0 Ale teraz jest jednak inne pokolenie, inna rzeczywisto\u015b\u0107, inne problemy. Ju\u017c ma\u0142o tego blokowego rapu jest. Teraz s\u0105 wymy\u015blone problemy (\u015bmiech).<\/span><\/p>\n<p><b>Niekt\u00f3rym w por\u00f3wnaniu z tamtymi czasami, to mo\u017ce si\u0119 wydawa\u0107, \u017ce wr\u0119cz wymy\u015blone.<\/b><\/p>\n<p><span style=\"font-weight: 400;\">Ale to jest dziwne, bo ludzie nadal \u017cyj\u0105 w blokach. Gdzie\u015b w Niemczech czy we Francji ten rap nadal jest taki. U nas te\u017c ludzie \u017cyj\u0105 w blokach, ale nie wiem co si\u0119 sta\u0142o, wszyscy przed komputerami zamulili, czy o co tu chodzi?<\/span><\/p>\n<p><b>Ci\u0119\u017cko tak naprawd\u0119 powiedzie\u0107. Faktycznie ci\u0119\u017cko by\u0142oby to nazwa\u0107 kwesti\u0105 generacyjn\u0105, bo tak jak m\u00f3wisz, Niemcy, Francja\u2026.<\/b><\/p>\n<p><span style=\"font-weight: 400;\">Ciekawe czemu u nas si\u0119 to \u017cycie takie znikn\u0119\u0142o&#8230; Szkoda w sumie, tego troch\u0119 brakuje. Jak mam s\u0142ucha\u0107 czego\u015b w og\u00f3le, to najcz\u0119\u015bciej s\u0142ucham w\u0142a\u015bnie starych rzeczy, takich jak WWO. No, ale wracaj\u0105c, przez ten rap troch\u0119 w tym \u015bwiecie sztuki jestem postrzegany, mam wra\u017cenie, jakbym by\u0142 takim Popkiem troch\u0119. Niekt\u00f3rym dalej si\u0119 wydaje, \u017ce ja jestem raperem, tylko sobie tak troch\u0119 maluj\u0119. A tak naprawd\u0119 sprzeda\u0142em pi\u0119\u0107set obraz\u00f3w i zarobi\u0142em w ch*j wi\u0119cej pieni\u0119dzy na malowaniu ni\u017c na muzyce. Teraz muzyka jest tylko dodatkiem.<\/span><\/p>\n<\/div>\n            <\/div>\n        <\/div>\n    <\/div>\n<\/section>\n\n\n<figure class=\"wp-block-embed is-type-video is-provider-youtube wp-block-embed-youtube wp-embed-aspect-16-9 wp-has-aspect-ratio\"><div class=\"wp-block-embed__wrapper\">\n<iframe loading=\"lazy\" title=\"\u017bYTO - PASZTET ZAJ\u0118CZY (PROD. BIGGERO)\" width=\"500\" height=\"281\" src=\"https:\/\/www.youtube.com\/embed\/j3BVB3lBby4?feature=oembed\" frameborder=\"0\" allow=\"accelerometer; autoplay; clipboard-write; encrypted-media; gyroscope; picture-in-picture; web-share\" referrerpolicy=\"strict-origin-when-cross-origin\" allowfullscreen><\/iframe>\n<\/div><\/figure>\n\n\n<section class=\"gap-block  section-margin-32 section-margin-32\"><\/section>\n\n\n<section class=\"text-block  section-margin-32\" >\n    <div class=\"container\">\n        <div class=\"row\">\n            <div class=\"col-24\">\n                <div class=\"text-block__content\"><p><b>\u017bycz\u0119 Ci tego, \u017ceby to si\u0119 faktycznie troch\u0119 zmieni\u0142o. Ci\u0105\u017cy Ci to?<\/b><\/p>\n<p><span style=\"font-weight: 400;\">Jakbym nie robi\u0142 muzyki, to pewnie bym ju\u017c tego w og\u00f3le nie czu\u0142. Sporo ludzi, kt\u00f3rzy si\u0119 jaraj\u0105 moim malarstwem, m\u0142odszych na przyk\u0142ad, nie wie, \u017ce w og\u00f3le ja robi\u0142em kiedy\u015b muzyk\u0119. Bo kiedy\u015b by\u0142o tak, \u017ce wiadomo, \u017ce praktycznie wszyscy znali mnie z muzyki. A teraz jest tak, \u017ce w sumie jest cz\u0119\u015b\u0107, kt\u00f3ra w og\u00f3le jest zaskoczona. Teraz wiadomo, jak wstawiam to na Instagrama, to oni to widz\u0105. Ale czy mi ci\u0105\u017cy tamten etap? No nie, wiadomo, \u017ce \u0142atwiej by mi by\u0142o pewnie w \u015bwiecie sztuki, gdyby nie by\u0142o mo\u017ce tamtego etapu. Chocia\u017c kto wie. Dzi\u0119ki temu te\u017c pocz\u0105tek mojej kariery by\u0142 taki, \u017ce du\u017co ludzi ze \u015bwiata muzyki przysz\u0142o kupi\u0142o obrazy. Ja nie mam w og\u00f3le takiego poczucia, \u017ce mi to przeszkadza. Fajne by\u0142o tamto \u017cycie w tamtym czasie, a teraz fajne jest to. S\u0105 etapy.<\/span><\/p>\n<p><b>I te\u017c \u017cycie odbija si\u0119 na sztuk\u0119. M\u00f3g\u0142by\u015b my\u015ble\u0107 sobie o innym \u017cyciu, ale nie wiesz wtedy, co by\u015b robi\u0142 jako artysta tak naprawd\u0119.<\/b><\/p>\n<p><span style=\"font-weight: 400;\">My\u015bl\u0119, \u017ce to by\u0142 element takiej drogi, kt\u00f3r\u0105 musia\u0142em przej\u015b\u0107. I ciesz\u0119 si\u0119, \u017ce ju\u017c nie \u017cyj\u0119 tamtym \u017cyciem, bo niekt\u00f3rzy si\u0119 zatrzymali na tamtym etapie i te\u017c jako\u015b dobrze to dla nich nie wysz\u0142o, \u017ce tak powiem. Wi\u0119c wiesz, zaje*i\u015bcie jestem zadowolony i wdzi\u0119czny, \u017ce w og\u00f3le to malowanie jako\u015b tak si\u0119 samo troch\u0119 pojawi\u0142o. Bo ja nie planowa\u0142em w og\u00f3le, \u017ce b\u0119d\u0119 sprzedawa\u0142 obrazy. Po prostu przyszli do mnie Rau, zreszt\u0105 raper, ze swoim przyjacielem Zim\u0105 (Mateusz Zimnowski red.) jak sobie malowa\u0142em, mia\u0142em te p\u0142\u00f3tna porozstawione, pomalowane i przyszli w odwiedziny. I si\u0119 spytali po ile ty te obrazy sprzedajesz? Powiedzia\u0142em jak\u0105\u015b tam kwot\u0119 i kupili cztery obrazy, wstawili\u015bmy zdj\u0119cie na Instagrama. To by\u0142 akurat m\u00f3j pomys\u0142, \u017ceby ludzie zobaczyli, \u017ce maluj\u0119 w og\u00f3le. I nagle ludzie pisz\u0105. Magda Schejbal zrobi\u0142a mi pierwsz\u0105 wystaw\u0119. Pojawi\u0142o si\u0119 tam troch\u0119 znanych postaci rapowych, troch\u0119 takich z Instagrama, Wujaszek Lifestyle, Wieniawa, no i tak to ruszy\u0142o. I nagle osiem obraz\u00f3w sprzedanychw\u00a0 miesi\u0105cu czy dziesi\u0119\u0107. Te\u017c zauwa\u017cy\u0142em, \u017ce podoba mi si\u0119 ten \u015bwiat, inny \u015bwiat, inne towarzystwo, zupe\u0142nie inne gadki.<\/span><\/p>\n<p><b>Czym ci tak rapowy \u015bwiat podpad\u0142?<\/b><\/p>\n<p><span style=\"font-weight: 400;\">Bo wiesz, jak jeste\u015b raperem, to do ciebie wypisuj\u0105 jakie\u015b g\u0142upoty codziennie: \u201ea o co ci chodzi\u0142o w tym kawa\u0142ku?\u201d. Jeden ci\u0119 co\u015b obrazi, ka\u017cdy ma jak\u0105\u015b pro\u015bb\u0119, jak jakiemu\u015b nie daj Bo\u017ce odpiszesz, to oni ju\u017c automatycznie sobie my\u015bl\u0105, \u017ce zostajesz ich koleg\u0105, wiesz i zaczynaj\u0105 do ciebie jeszcze cz\u0119\u015bciej pisa\u0107, wysy\u0142a\u0107 memy, jakie\u015b filmiki, zaraz wysy\u0142aj\u0105 ci swoje kawa\u0142ki, pytaj\u0105 czy mo\u017ce by\u015b si\u0119 dogra\u0142\u2026 I tak w rapie jest chyba teraz lepiej ni\u017c by\u0142o. Kiedy\u015b byli ludzie, kt\u00f3rzy wylewali na ciebie po prostu wiadro pomyj, w tych komentarzach wy\u017cywali si\u0119 po prostu. Teraz jest wi\u0119ksza kultura og\u00f3lnie w sieci, no ale i ten \u015bwiat sztuki zupe\u0142nie inna bajka ni\u017c rap. Ja pami\u0119tam po pierwszej p\u0142ycie, \u017ce byli ludzie, co byli w moich rzeczach zakochani, ale te\u017c ludzie, co po prostu tego nie kumali. Ten rap dla ludzi, kt\u00f3rzy si\u0119 nie znaj\u0105 na rapie mo\u017ce si\u0119 wydawa\u0107 bardzo prostym rapem. Momentami wiadomo, \u017ce jest troch\u0119 buracki i tak dalej, ale dla ludzi bardziej zaznajomych&#8230; oni mnie zawsze s\u0142uchali, wiesz, ludzie, kt\u00f3rzy si\u0119 interesuj\u0105 na rapem, producenci zawsze si\u0119 mn\u0105 jarali, inni raperzy si\u0119 jarali i ludzie tacy, jacy\u015b z bran\u017cy, graficiarze, architekci, nie wiem, dlaczego trafiam akurat tak, ale do mas nigdy jako\u015b ten m\u00f3j rap nie trafi\u0142. Ale ja w sumie si\u0119 teraz chyba troch\u0119 z tego ciesz\u0119, powiem Ci, wiesz, \u017ce nie zosta\u0142em takim mainstreamowym raperem, p\u00f3\u017aniej bym musia\u0142 na si\u0142\u0119 robi\u0107 te albumy takie same, jak wszystkie, m\u00f3wi\u0107, \u017ce ka\u017cdy album jest jaki\u015b wyj\u0105tkowy, a wszystkie s\u0105 ku*wa takie same.<\/span><\/p>\n<p><b>Moim zdaniem to si\u0119 bierze troch\u0119 z tego, \u017ce ten tw\u00f3j rap jest inny jednak ni\u017c to do czego przyzwyczaja mainstream, a s\u0142uchacz chce dostawa\u0107 to, do czego on jest przyzwyczajony. A dla ludzi, kt\u00f3rzy nie s\u0142uchaj\u0105 rapu zazwyczaj mo\u017ce w\u0142a\u015bnie fajne w twoim rapie jest to, \u017ce on nie jest \u201etym\u201d rapem.<\/b><\/p>\n<p><span style=\"font-weight: 400;\">Noon troch\u0119 \u017ale to prze\u017cy\u0142, bo ja mu m\u00f3wi\u0142em: \u201ePo co Ty ze mn\u0105 w og\u00f3le ze mn\u0105 robisz p\u0142yt\u0119, mordko?\u201d. On mia\u0142 chyba tak, \u017ce nikt o nim z\u0142ych komentarzy w og\u00f3le praktycznie nie pisa\u0142. I my wydajemy te rzeczy, on siedzi i prawie p\u0142acze, \u017ce jego psychofani go cisn\u0105, pytaj\u0105 gdzie jest p\u0142yta z Pezetem. No, wi\u0119c troch\u0119 go to zabola\u0142o, Ja to si\u0119 z tego \u015bmia\u0142em po prostu, bowiedzia\u0142em, \u017ce tak b\u0119dzie, ju\u017c by\u0142em przygotowany z poprzednich p\u0142yt. Wiadomo, \u017ce niekt\u00f3re komentarze ci\u0119 wku*wi\u0105, bo nikt nie przyjdzie i ci w twarz tego nie powie, ale ja ju\u017c mam do tego takie podej\u015bcie, \u017ce&#8230; a tam. Ja te\u017c tak mia\u0142em z p\u0142yt\u0105 w Prosto, \u017ce wiesz, ona by\u0142a na elektronicznych bitach, takich angielskich troch\u0119, te rewiry i te\u017c tak by\u0142o gadanie, \u017ce powtarzane refreny, \u017ce wie\u015bniak pod techno rapuje.<\/span><\/p>\n<\/div>\n            <\/div>\n        <\/div>\n    <\/div>\n<\/section>\n\n\n<section class=\"images-col-block  section-margin-32\" >\n    <div class=\"container\">\n        <div class=\"row\">\n                        <div class=\"col-lg-12 images-col-block__col\">\n                <div class=\"images-col-block__image\">\n                     \n                        <div class=\"images-col-block__imageImg\"><img loading=\"lazy\" decoding=\"async\" width=\"420\" height=\"550\" src=\"https:\/\/www.ebilet.pl\/now\/app\/uploads\/2025\/12\/zyto-plyty-1.jpg\" class=\"attachment-full size-full\" alt=\"\" \/><\/div>\n                                                            <div class=\"images-col-block__imageCaption typo-12\">\n                        Fot. Materia\u0142y prasowe\/Sony Music Poland                    <\/div>\n                                    <\/div>\n            <\/div>\n                                    <div class=\"col-lg-12 images-col-block__col\">\n                <div class=\"images-col-block__image\">\n                                            <div class=\"images-col-block__imageImg\"><img loading=\"lazy\" decoding=\"async\" width=\"420\" height=\"550\" src=\"https:\/\/www.ebilet.pl\/now\/app\/uploads\/2025\/12\/zyto-plyty-2.jpg\" class=\"attachment-full size-full\" alt=\"\" \/><\/div>\n                                                            <div class=\"images-col-block__imageCaption typo-12\">\n                        Fot. Materia\u0142y prasowe\/Sony Music Poland                    <\/div>\n                                    <\/div>\n            <\/div>\n                    <\/div>\n    <\/div>\n<\/section>\n\n\n<section class=\"text-block  section-margin-32\" >\n    <div class=\"container\">\n        <div class=\"row\">\n            <div class=\"col-24\">\n                <div class=\"text-block__content\"><p><b>A teraz scena brytyjska jest pewnie bardziej wp\u0142ywa\u0142a nawet ni\u017c ameryka\u0144ska. Przechodz\u0105c jednak do temat\u00f3w nowszych, musz\u0119 zahaczy\u0107 o kwesti\u0119 preorderowych winyli. Sk\u0105d si\u0119 wzi\u0105\u0142 pomys\u0142 na to?<\/b><\/p>\n<p><span style=\"font-weight: 400;\">\u017beby te picture diski zrobi\u0107? Us\u0142ysza\u0142em o tych picture diskach, sprawdzili\u015bmy, \u017ce nigdy tego jeszcze wcze\u015bniej nie by\u0142o w historii i m\u00f3wi\u0119, no dobra, to w sumie chc\u0119 to zrobi\u0107. Picture disc to jest taka kartka w kszta\u0142cie winyla i to, co na niej namalujesz, to t\u0142ocznia jest w stanie wyt\u0142oczy\u0107. I maluj\u0119 po prostu sto obraz\u00f3w na stu kartkach i z tego wyt\u0142oczonych zostanie sto winyli, czyli na ka\u017cdym\u00a0 winylu b\u0119dzie inny obraz namalowany. Tak jakbym zrobi\u0142 sto obraz\u00f3w, tak naprawd\u0119, kt\u00f3re b\u0119d\u0105 z moj\u0105 muzyk\u0105. I one b\u0119d\u0105 opakowane w takie przezroczyste folie i b\u0119d\u0105 mia\u0142y haczyk w zestawie. Tak\u017ce b\u0119dziesz m\u00f3g\u0142 sobie jak obraz ten winyl powiesi\u0107, a b\u0119dziesz m\u00f3g\u0142 sobie po prostu zdj\u0105\u0107 i pos\u0142ucha\u0107. Takie fajne po\u0142\u0105czenie \u015bwiata muzyki i malarstwa.<\/span><\/p>\n<p><b>Czyli od strony czysto technicznej, tutaj nie ma \u017cadnej trudno\u015bci dla ciebie wi\u0119kszej, jako \u017ce to idzie do t\u0142oczni i oni po prostu z tymi obrazami robi\u0105 swoje.<\/b><\/p>\n<p><span style=\"font-weight: 400;\">Ja tam nawet b\u0119d\u0119 jecha\u0142, b\u0119d\u0119 malowa\u0142 cz\u0119\u015b\u0107 u nich rzeczy i pewnie wytlocz\u0119 te\u017c\u00a0 kilka sam. Maj\u0105 mi tam pokaza\u0107 jak to zrobi\u0107 tak naprawd\u0119. Sam jestem ciekaw, widzia\u0142em tylko jeden pr\u00f3bny jak to wysz\u0142o. No fajnie, chcemy te\u017c zrobi\u0107 taki mini dokument po angielsku albo z napisami i wys\u0142a\u0107 to do takich magazyn\u00f3w jak i-D czy Complex. Nie by\u0142o tego jeszcze nigdy w historii, wi\u0119c mo\u017ce si\u0119 zainteresuj\u0105, a tak jak m\u00f3wi\u0142em, najbardziej interesuje mnie teraz kariera malarska poza Polsk\u0105.<\/span><\/p>\n<p><b>W takim razie na zako\u0144czenie mam dwa szybkie strza\u0142y: Bardziej my\u015blisz obrazami czy s\u0142owem?<\/b><\/p>\n<p><span style=\"font-weight: 400;\">S\u0142owem. Ale w\u0142a\u015bciwie ten proces tworzenia jest podobny cz\u0119sto. Czasem wypada jakie\u015b has\u0142o do notatnika, gdzie zapisuj\u0119 sobie tematy, czy je\u017celi chodzi o rap, czy je\u017celi chodzi o obraz. Zapisuj\u0119 sobie po prostu s\u0142owo-temat i pisz\u0119 do niego has\u0142o. I p\u00f3\u017aniej czasem co\u015b co mia\u0142o by\u0107 na przyk\u0142ad tematem kawa\u0142ka, staje si\u0119 obrazem, a czasem dostaj\u0119 jaki\u015b bit, nagle zaczynam co\u015b pod to pisa\u0107 i temat staje si\u0119 kawa\u0142kiem. W lutym b\u0119d\u0119 na targach sztuki w Katowicach i organizator napisa\u0142, \u017ce fajnie jakby ta wystawa by\u0142a taka sp\u00f3jna i tematyczna. No wi\u0119c skoro na p\u0142ycie b\u0119dzie 12 track\u00f3w, chc\u0119 namalowa\u0107 12 obraz\u00f3w, Ka\u017cdy track z p\u0142yty dostanie obraz.<\/span><\/p>\n<p><b>A masz jakie\u015b kulturowe powi\u0105zanie z Cz\u0119stochow\u0105? Czy to, co robisz jest dostrze\u017cone gdzie\u015b tam lokalnie?<\/b><\/p>\n<p><span style=\"font-weight: 400;\">Mia\u0142em w galerii miejskiej Gaude Mater wystaw\u0119. A p\u00f3\u017aniej to ju\u017c nic takiego si\u0119 nie dzia\u0142o. Ludzie Cz\u0119stochowy jako\u015b nie kupuj\u0105 za du\u017co moich obraz\u00f3w. Chocia\u017c, akurat jak by\u0142a wtedy ta wystawa to opr\u00f3cz jednego obrazu wszystkie si\u0119 sprzeda\u0142y. To by\u0142 du\u017cy sukces, ale od tamtej pory nie by\u0142o mnie tam z moimi obrazami. Aczkolwiek teraz jak o tym powiedzia\u0142e\u015b to sobie pomy\u015bla\u0142em, \u017ce mo\u017ce fajnie by by\u0142o co\u015b tam znowu zrobi\u0107. Tam jest taka Konduktorownia\u2026<\/span><\/p>\n<p><b>Tak, jest Konduktorownia. No to jest taka przestrze\u0144 wystawiennicza faktycznie. Mo\u017cna tam zorganizowa\u0107 koncert jednocze\u015bnie, wi\u0119c m\u00f3g\u0142by\u015b to totalnie po\u0142\u0105czy\u0107.<\/b><\/p>\n<p><span style=\"font-weight: 400;\">Mi si\u0119 w og\u00f3le koncert\u00f3w zupe\u0142nie nie chce gra\u0107. Jakby mi zrobili tras\u0119 jak\u0105\u015b, zorganizowali ile\u015b tam miast, kto\u015b za mnie, to mo\u017ce. Ja ju\u017c mia\u0142em propozycj\u0119 w og\u00f3le, \u017ceby gra\u0107 z tym materia\u0142em, ale powiedzia\u0142em, \u017ce jak mam gdzie\u015b dzwoni\u0107, co\u015b za\u0142atwia\u0107\u2026 nie, nie chce mi si\u0119. Nie mam zajawy na to jako\u015b. Wiadomo, \u017ce jakby by\u0142a zorganizowana trasa,, to pewnie bym si\u0119 przygotowa\u0142 i pojecha\u0142, ale tak nie mam jakiej\u015b fazy na to specjalnej.<\/span><\/p>\n<\/div>\n            <\/div>\n        <\/div>\n    <\/div>\n<\/section>\n\n\n<section  class=\"article-bullet-list  section-margin-32\">\n    <div class=\"container\">\n        <div class=\"row\">\n            <div class=\"col-24\">\n                                <div class=\"article-bullet-list__title\">\n                    <p class=\"typo-18\">Przeczytaj te\u017c:<\/p>\n                <\/div>\n                                <div class=\"article-bullet-list text-block\">\n                    <div class=\"text-block__content\">\n                        <ul>\n                                                        <li>\n                                <a href=\"https:\/\/www.ebilet.pl\/now\/najbardziej-polski-ze-wszystkich-gatunkow-muzycznych-krotka-niestety-historia-coldwaveu\/\">\n                                    <span>Najbardziej polski ze wszystkich gatunk\u00f3w muzycznych. Kr\u00f3tka (niestety) historia coldwave&#8217;u<\/span>\n                                <\/a>\n                            <\/li>\n                                                        <li>\n                                <a href=\"https:\/\/www.ebilet.pl\/now\/artystom-alternatywnym-pewne-rzeczy-wedlug-niektorych-nie-przystoja-lordofon-o-nowym-albumie-i-presji-popularnosci\/\">\n                                    <span>&#8220;Artystom &#8216;alternatywnym&#8217; pewne rzeczy wed\u0142ug niekt\u00f3rych nie przystoj\u0105&#8221; Lordofon o nowym albumie i presji popularno\u015bci<\/span>\n                                <\/a>\n                            <\/li>\n                                                        <li>\n                                <a href=\"https:\/\/www.ebilet.pl\/now\/marilyn-manson-wraca-do-polski-w-2026-roku\/\">\n                                    <span>Marilyn Manson wraca do Polski w 2026 roku!<\/span>\n                                <\/a>\n                            <\/li>\n                                                    <\/ul>\n                    <\/div>\n                <\/div>\n            <\/div>\n        <\/div>\n    <\/div>\n<\/section>\n\n\n<section class=\"events-slider-block  section-margin-32\" data-events-slider-block data-carousel-title=\"Gor\u0105ce wydarzenia\" data-carousel-type=\"karuzela_z_t\u0142em\" data-item-list-name=\"Karuzela z t\u0142em Gor\u0105ce wydarzenia\" data-item-list-id=\"karuzela_z_t\u0142em Gor\u0105ce wydarzenia\" >\n    <div class=\"container\">\n        <div class=\"row\">\n            <div class=\"col-24\">\n                <div class=\"events-slider-block__wrapper\">\n                                            <div class=\"events-slider-block__bg\"><img loading=\"lazy\" decoding=\"async\" width=\"1920\" height=\"1080\" src=\"https:\/\/www.ebilet.pl\/now\/app\/uploads\/2024\/02\/shutterstock_134643554.jpg\" class=\"attachment-full size-full\" alt=\"\" srcset=\"https:\/\/www.ebilet.pl\/now\/app\/uploads\/2024\/02\/shutterstock_134643554.jpg 1920w, https:\/\/www.ebilet.pl\/now\/app\/uploads\/2024\/02\/shutterstock_134643554-1024x576.jpg 1024w, https:\/\/www.ebilet.pl\/now\/app\/uploads\/2024\/02\/shutterstock_134643554-1536x864.jpg 1536w, https:\/\/www.ebilet.pl\/now\/app\/uploads\/2024\/02\/shutterstock_134643554-1280x720.jpg 1280w, https:\/\/www.ebilet.pl\/now\/app\/uploads\/2024\/02\/shutterstock_134643554-500x281.jpg 500w, https:\/\/www.ebilet.pl\/now\/app\/uploads\/2024\/02\/shutterstock_134643554-632x356.jpg 632w, https:\/\/www.ebilet.pl\/now\/app\/uploads\/2024\/02\/shutterstock_134643554-308x174.jpg 308w\" sizes=\"(max-width: 1920px) 100vw, 1920px\" \/><\/div>\n                                                                <div class=\"events-slider-block__top\">\n                                                            <div class=\"events-slider-block__title desktop\">\n                                    <h2 class=\"typo-h2\">Gor\u0105ce wydarzenia<\/h2>\n                                <\/div>\n                                                                                        <div class=\"events-slider-block__title mobile\">\n                                    <h2 class=\"typo-h2\">Gor\u0105ce wydarzenia<\/h2>\n                                <\/div>\n                                                    <\/div>\n                                                                <div class=\"events-slider-block__main\">\n                            <div class=\"events-slider-block__nav events-slider-block__nav--prev\">\n                                <div class=\"button button--withIcon button--theme-white-blur button--size-fixed-48\" data-events-prev>\n                                    <span class=\"button__icon icon icon-chevron-left\"><\/span>\n                                <\/div>\n                            <\/div>\n                            <div class=\"events-slider-block__nav events-slider-block__nav--next\">\n                                <div class=\"button button--withIcon button--theme-white-blur button--size-fixed-48\" data-events-next>\n                                    <span class=\"button__icon icon icon-chevron-right\"><\/span>\n                                <\/div>\n                            <\/div>\n                            <div class=\"events-slider-block__slider\">\n                                <div class=\"swiper\" data-events-slider>\n                                    <div class=\"events-slider-block__sliderWrapper swiper-wrapper\">\n\n                                        \n                                            <div class=\"events-slider-block__sliderItem swiper-slide event-card\"\n                                                data-id=\"63906\"\n                                                data-name=\"Mecze towarzyskie Reprezentacji Polski m\u0119\u017cczyzn w siatk\u00f3wce\"\n                                                data-brand=\"Polska Siatk\u00f3wka Sp. z o.o.\"\n                                                data-category=\"sport\"\n                                                data-subcategory=\"sporty-druzynowe\"\n                                                data-city=\"Katowice, Sosnowiec\"\n                                                data-venue=\"ArcelorMittal Park w Sosnowcu\">\n                                                \n<div class=\"card-event  card-event--size-small\">\n        <a href=\"https:\/\/www.ebilet.pl\/sport\/sporty-druzynowe\/mecz-siatkowki\" target=\"_blank\" class=\"card-event__link\" rel=\"nofollow noopener\"><\/a>\n        <div class=\"card-event__wrapper\">\n        <div class=\"card-event__image\">\n            <img decoding=\"async\" src=\"https:\/\/www.ebilet.pl\/media\/cms\/media\/paxoijep\/mecz-1-e7ebdff4-0eeb-4b41-87f8-b8cc79cca9e1.webp\" alt=\"\">\n        <\/div>\n        <div class=\"card-event__data\">\n            <div class=\"card-event__name\">\n                <p>Mecze towarzyskie Reprezentacji Polski m\u0119\u017cczyzn w siatk\u00f3wce<\/p>\n            <\/div>\n            <div class=\"card-event__date\">20.05.2026-20.05.2026<\/div>\n            <div class=\"card-event__location\">Katowice, Sosnowiec<\/div>\n        <\/div>\n    <\/div>\n<\/div>                                            <\/div>\n                                        \n                                            <div class=\"events-slider-block__sliderItem swiper-slide event-card\"\n                                                data-id=\"13630\"\n                                                data-name=\"M\u0119skie Granie 2026\"\n                                                data-brand=\"LIVE Sp. z o.o.\"\n                                                data-category=\"muzyka\"\n                                                data-subcategory=\"festiwale\"\n                                                data-city=\"Gda\u0144sk, Krak\u00f3w, Pozna\u0144 i inne\"\n                                                data-venue=\"\u017bywiec Amfiteatr pod Grojcem\">\n                                                \n<div class=\"card-event  card-event--size-small\">\n        <a href=\"https:\/\/www.ebilet.pl\/muzyka\/festiwale\/meskie-granie\" target=\"_blank\" class=\"card-event__link\" rel=\"nofollow noopener\"><\/a>\n        <div class=\"card-event__wrapper\">\n        <div class=\"card-event__image\">\n            <img decoding=\"async\" src=\"https:\/\/www.ebilet.pl\/media\/cms\/media\/otqfs0tb\/552x736-11-18222119-c0b1-48d3-9da6-2d9f34d401ee.webp\" alt=\"\">\n        <\/div>\n        <div class=\"card-event__data\">\n            <div class=\"card-event__name\">\n                <p>M\u0119skie Granie 2026<\/p>\n            <\/div>\n            <div class=\"card-event__date\">26.06.2026-26.06.2026<\/div>\n            <div class=\"card-event__location\">Gda\u0144sk, Krak\u00f3w, Pozna\u0144 i inne<\/div>\n        <\/div>\n    <\/div>\n<\/div>                                            <\/div>\n                                        \n                                            <div class=\"events-slider-block__sliderItem swiper-slide event-card\"\n                                                data-id=\"147392\"\n                                                data-name=\"Juwenalia 2026\"\n                                                data-brand=\"eBilet\"\n                                                data-category=\"biznes\"\n                                                data-subcategory=\"pozostale\"\n                                                data-city=\"\"\n                                                data-venue=\"\">\n                                                \n<div class=\"card-event  card-event--size-small\">\n        <a href=\"https:\/\/www.ebilet.pl\/biznes\/pozostale\/juwenalia\" target=\"_blank\" class=\"card-event__link\" rel=\"nofollow noopener\"><\/a>\n        <div class=\"card-event__wrapper\">\n        <div class=\"card-event__image\">\n            <img decoding=\"async\" src=\"https:\/\/www.ebilet.pl\/media\/cms\/media\/3qgk420o\/552x736_cta-4.webp\" alt=\"\">\n        <\/div>\n        <div class=\"card-event__data\">\n            <div class=\"card-event__name\">\n                <p>Juwenalia 2026<\/p>\n            <\/div>\n            <div class=\"card-event__date\"><\/div>\n            <div class=\"card-event__location\"><\/div>\n        <\/div>\n    <\/div>\n<\/div>                                            <\/div>\n                                        \n                                            <div class=\"events-slider-block__sliderItem swiper-slide event-card\"\n                                                data-id=\"10086\"\n                                                data-name=\"Orange Warsaw Festival 2026\"\n                                                data-brand=\"Alter Art\"\n                                                data-category=\"muzyka\"\n                                                data-subcategory=\"festiwale\"\n                                                data-city=\"Warszawa\"\n                                                data-venue=\"Tor Wy\u015bcig\u00f3w Konnych Warszawa - S\u0142u\u017cewiec\">\n                                                \n<div class=\"card-event  card-event--size-small\">\n        <a href=\"https:\/\/www.ebilet.pl\/muzyka\/festiwale\/orange-warsaw-festival\" target=\"_blank\" class=\"card-event__link\" rel=\"nofollow noopener\"><\/a>\n        <div class=\"card-event__wrapper\">\n        <div class=\"card-event__image\">\n            <img decoding=\"async\" src=\"https:\/\/www.ebilet.pl\/media\/cms\/media\/bxnh21tr\/owf_2026_ebilet_552x736-94c1b52f-1e91-4861-ba57-03b21dcd6346.webp\" alt=\"\">\n        <\/div>\n        <div class=\"card-event__data\">\n            <div class=\"card-event__name\">\n                <p>Orange Warsaw Festival 2026<\/p>\n            <\/div>\n            <div class=\"card-event__date\">29.05.2026-29.05.2026<\/div>\n            <div class=\"card-event__location\">Warszawa<\/div>\n        <\/div>\n    <\/div>\n<\/div>                                            <\/div>\n                                        \n                                            <div class=\"events-slider-block__sliderItem swiper-slide event-card\"\n                                                data-id=\"205645\"\n                                                data-name=\"Bezpieczna odsprzeda\u017c w apce eBilet\"\n                                                data-brand=\"eBilet\"\n                                                data-category=\"biznes\"\n                                                data-subcategory=\"pozostale\"\n                                                data-city=\"\"\n                                                data-venue=\"\">\n                                                \n<div class=\"card-event  card-event--size-small\">\n        <a href=\"https:\/\/www.ebilet.pl\/biznes\/pozostale\/odsprzedaz\" target=\"_blank\" class=\"card-event__link\" rel=\"nofollow noopener\"><\/a>\n        <div class=\"card-event__wrapper\">\n        <div class=\"card-event__image\">\n            <img decoding=\"async\" src=\"https:\/\/www.ebilet.pl\/media\/cms\/media\/lkwf0krx\/552x736-1.webp\" alt=\"\">\n        <\/div>\n        <div class=\"card-event__data\">\n            <div class=\"card-event__name\">\n                <p>Bezpieczna odsprzeda\u017c w apce eBilet<\/p>\n            <\/div>\n            <div class=\"card-event__date\"><\/div>\n            <div class=\"card-event__location\"><\/div>\n        <\/div>\n    <\/div>\n<\/div>                                            <\/div>\n                                        \n                                            <div class=\"events-slider-block__sliderItem swiper-slide event-card\"\n                                                data-id=\"121727\"\n                                                data-name=\"Rzeszowskie Juwenalia 2026\"\n                                                data-brand=\"BREND GROUP SP\u00d3\u0141KA Z OGRANICZON\u0104 ODPOWIEDZIALNO\u015aCI\u0104\"\n                                                data-category=\"muzyka\"\n                                                data-subcategory=\"festiwale\"\n                                                data-city=\"Rzesz\u00f3w\"\n                                                data-venue=\"\">\n                                                \n<div class=\"card-event  card-event--size-small\">\n        <a href=\"https:\/\/www.ebilet.pl\/muzyka\/festiwale\/rzeszowskie-juwenalia\" target=\"_blank\" class=\"card-event__link\" rel=\"nofollow noopener\"><\/a>\n        <div class=\"card-event__wrapper\">\n        <div class=\"card-event__image\">\n            <img decoding=\"async\" src=\"https:\/\/www.ebilet.pl\/media\/cms\/media\/mmxfjquy\/rzj_ebilet-ok_adka-pion-c1e9f827-0b41-4d73-81c6-5531b20e6005.webp\" alt=\"\">\n        <\/div>\n        <div class=\"card-event__data\">\n            <div class=\"card-event__name\">\n                <p>Rzeszowskie Juwenalia 2026<\/p>\n            <\/div>\n            <div class=\"card-event__date\"><\/div>\n            <div class=\"card-event__location\">Rzesz\u00f3w<\/div>\n        <\/div>\n    <\/div>\n<\/div>                                            <\/div>\n                                        \n                                            <div class=\"events-slider-block__sliderItem swiper-slide event-card\"\n                                                data-id=\"8527\"\n                                                data-name=\"OFF Festival Katowice 2026\"\n                                                data-brand=\"Fundacja Independent\"\n                                                data-category=\"muzyka\"\n                                                data-subcategory=\"festiwale\"\n                                                data-city=\"Katowice\"\n                                                data-venue=\"Katowicki Park Le\u015bny - Dolina Trzech Staw\u00f3w\">\n                                                \n<div class=\"card-event  card-event--size-small\">\n        <a href=\"https:\/\/www.ebilet.pl\/muzyka\/festiwale\/off-festival\" target=\"_blank\" class=\"card-event__link\" rel=\"nofollow noopener\"><\/a>\n        <div class=\"card-event__wrapper\">\n        <div class=\"card-event__image\">\n            <img decoding=\"async\" src=\"https:\/\/www.ebilet.pl\/media\/cms\/media\/eqjjiso3\/og\u0105oszenie-9-zbiorcze-552-pion.webp\" alt=\"\">\n        <\/div>\n        <div class=\"card-event__data\">\n            <div class=\"card-event__name\">\n                <p>OFF Festival Katowice 2026<\/p>\n            <\/div>\n            <div class=\"card-event__date\">07.08.2026-07.08.2026<\/div>\n            <div class=\"card-event__location\">Katowice<\/div>\n        <\/div>\n    <\/div>\n<\/div>                                            <\/div>\n                                        \n                                            <div class=\"events-slider-block__sliderItem swiper-slide event-card\"\n                                                data-id=\"94598\"\n                                                data-name=\"FAME 31\"\n                                                data-brand=\"Fame MMA\"\n                                                data-category=\"sport\"\n                                                data-subcategory=\"sporty-walki\"\n                                                data-city=\"Koszalin\"\n                                                data-venue=\"Hala Widowiskowo-Sportowa w Koszalinie\">\n                                                \n<div class=\"card-event  card-event--size-small\">\n        <a href=\"https:\/\/www.ebilet.pl\/sport\/sporty-walki\/fame-mma\" target=\"_blank\" class=\"card-event__link\" rel=\"nofollow noopener\"><\/a>\n        <div class=\"card-event__wrapper\">\n        <div class=\"card-event__image\">\n            <img decoding=\"async\" src=\"https:\/\/www.ebilet.pl\/media\/cms\/media\/24lbxjty\/fame31-cover-ebilet-552x736.webp\" alt=\"\">\n        <\/div>\n        <div class=\"card-event__data\">\n            <div class=\"card-event__name\">\n                <p>FAME 31<\/p>\n            <\/div>\n            <div class=\"card-event__date\">09.05.2026-09.05.2026<\/div>\n            <div class=\"card-event__location\">Koszalin<\/div>\n        <\/div>\n    <\/div>\n<\/div>                                            <\/div>\n                                        \n                                            <div class=\"events-slider-block__sliderItem swiper-slide event-card\"\n                                                data-id=\"204481\"\n                                                data-name=\"Pucio Na Wsi - spektakl\"\n                                                data-brand=\"Endorfina Events\"\n                                                data-category=\"rodzina\"\n                                                data-subcategory=\"spektakle-dla-dzieci\"\n                                                data-city=\"Bydgoszcz, Chorz\u00f3w, Katowice i inne\"\n                                                data-venue=\"Centrum Kultury i Sportu w Pruszkowie\">\n                                                \n<div class=\"card-event  card-event--size-small\">\n        <a href=\"https:\/\/www.ebilet.pl\/rodzina\/spektakle-dla-dzieci\/pucio-na-wsi\" target=\"_blank\" class=\"card-event__link\" rel=\"nofollow noopener\"><\/a>\n        <div class=\"card-event__wrapper\">\n        <div class=\"card-event__image\">\n            <img decoding=\"async\" src=\"https:\/\/www.ebilet.pl\/media\/cms\/media\/okfl2hfr\/552x736-14695659-a6f1-41b9-8af1-de15f37caa79.webp\" alt=\"\">\n        <\/div>\n        <div class=\"card-event__data\">\n            <div class=\"card-event__name\">\n                <p>Pucio Na Wsi &#8211; spektakl<\/p>\n            <\/div>\n            <div class=\"card-event__date\">03.10.2026-03.10.2026<\/div>\n            <div class=\"card-event__location\">Bydgoszcz, Chorz\u00f3w, Katowice i inne<\/div>\n        <\/div>\n    <\/div>\n<\/div>                                            <\/div>\n                                        \n                                            <div class=\"events-slider-block__sliderItem swiper-slide event-card\"\n                                                data-id=\"7104\"\n                                                data-name=\"Open&#039;er Festival 2026\"\n                                                data-brand=\"Alter Art\"\n                                                data-category=\"muzyka\"\n                                                data-subcategory=\"festiwale\"\n                                                data-city=\"Gdynia\"\n                                                data-venue=\"Lotnisko Gdynia - Kosakowo\">\n                                                \n<div class=\"card-event  card-event--size-small\">\n        <a href=\"https:\/\/www.ebilet.pl\/muzyka\/festiwale\/opener-festival\" target=\"_blank\" class=\"card-event__link\" rel=\"nofollow noopener\"><\/a>\n        <div class=\"card-event__wrapper\">\n        <div class=\"card-event__image\">\n            <img decoding=\"async\" src=\"https:\/\/www.ebilet.pl\/media\/cms\/media\/qvef4ie4\/opener2026_552x736-e8fd0918-0d0e-47d3-bbe0-f4f0302085e4.webp\" alt=\"\">\n        <\/div>\n        <div class=\"card-event__data\">\n            <div class=\"card-event__name\">\n                <p>Open&#8217;er Festival 2026<\/p>\n            <\/div>\n            <div class=\"card-event__date\">29.05.2026-29.05.2026<\/div>\n            <div class=\"card-event__location\">Gdynia<\/div>\n        <\/div>\n    <\/div>\n<\/div>                                            <\/div>\n                                        \n                                            <div class=\"events-slider-block__sliderItem swiper-slide event-card\"\n                                                data-id=\"14808\"\n                                                data-name=\"VNL 2026 - Siatkarska Liga Narod\u00f3w M\u0119\u017cczyzn\"\n                                                data-brand=\"Polska Siatk\u00f3wka Sp. z o.o.\"\n                                                data-category=\"sport\"\n                                                data-subcategory=\"sporty-druzynowe\"\n                                                data-city=\"Gliwice\"\n                                                data-venue=\"PreZero Arena Gliwice\">\n                                                \n<div class=\"card-event  card-event--size-small\">\n        <a href=\"https:\/\/www.ebilet.pl\/sport\/sporty-druzynowe\/siatkowka\" target=\"_blank\" class=\"card-event__link\" rel=\"nofollow noopener\"><\/a>\n        <div class=\"card-event__wrapper\">\n        <div class=\"card-event__image\">\n            <img decoding=\"async\" src=\"https:\/\/www.ebilet.pl\/media\/cms\/media\/sm3bcgpb\/vnl_m_552x736-2-ff8b8c4b-8e2c-494a-980f-b32762865327.webp\" alt=\"\">\n        <\/div>\n        <div class=\"card-event__data\">\n            <div class=\"card-event__name\">\n                <p>VNL 2026 &#8211; Siatkarska Liga Narod\u00f3w M\u0119\u017cczyzn<\/p>\n            <\/div>\n            <div class=\"card-event__date\">24.06.2026-24.06.2026<\/div>\n            <div class=\"card-event__location\">Gliwice<\/div>\n        <\/div>\n    <\/div>\n<\/div>                                            <\/div>\n                                        \n                                            <div class=\"events-slider-block__sliderItem swiper-slide event-card\"\n                                                data-id=\"145251\"\n                                                data-name=\"Juwenalia Politechniki Lubelskiej 2026\"\n                                                data-brand=\"EVENT STUDIO KOWALEWSKI BRE\u015a Sp. J.\"\n                                                data-category=\"muzyka\"\n                                                data-subcategory=\"festiwale\"\n                                                data-city=\"Lublin\"\n                                                data-venue=\"Tereny Zielone Politechniki Lubelskiej\">\n                                                \n<div class=\"card-event  card-event--size-small\">\n        <a href=\"https:\/\/www.ebilet.pl\/muzyka\/festiwale\/juwenalia-politechniki-lubelskiej\" target=\"_blank\" class=\"card-event__link\" rel=\"nofollow noopener\"><\/a>\n        <div class=\"card-event__wrapper\">\n        <div class=\"card-event__image\">\n            <img decoding=\"async\" src=\"https:\/\/www.ebilet.pl\/media\/cms\/media\/banlyonx\/552x736-1-f8bcb3b5-3fce-455f-89a1-2ee3034689b1.webp\" alt=\"\">\n        <\/div>\n        <div class=\"card-event__data\">\n            <div class=\"card-event__name\">\n                <p>Juwenalia Politechniki Lubelskiej 2026<\/p>\n            <\/div>\n            <div class=\"card-event__date\">08.05.2026-08.05.2026<\/div>\n            <div class=\"card-event__location\">Lublin<\/div>\n        <\/div>\n    <\/div>\n<\/div>                                            <\/div>\n                                        \n                                            <div class=\"events-slider-block__sliderItem swiper-slide event-card\"\n                                                data-id=\"5930\"\n                                                data-name=\"Audioriver Festival 2026\"\n                                                data-brand=\"Audioriver Sp. z o.o.\"\n                                                data-category=\"muzyka\"\n                                                data-subcategory=\"festiwale\"\n                                                data-city=\"\u0141\u00f3d\u017a\"\n                                                data-venue=\"B\u0142onia \u0141\u00f3dzkie\">\n                                                \n<div class=\"card-event  card-event--size-small\">\n        <a href=\"https:\/\/www.ebilet.pl\/muzyka\/festiwale\/audioriver\" target=\"_blank\" class=\"card-event__link\" rel=\"nofollow noopener\"><\/a>\n        <div class=\"card-event__wrapper\">\n        <div class=\"card-event__image\">\n            <img decoding=\"async\" src=\"https:\/\/www.ebilet.pl\/media\/cms\/media\/gfjpcqll\/so-far5-pion-84d088fb-d165-4b1b-b069-77f1f8fa737b.webp\" alt=\"\">\n        <\/div>\n        <div class=\"card-event__data\">\n            <div class=\"card-event__name\">\n                <p>Audioriver Festival 2026<\/p>\n            <\/div>\n            <div class=\"card-event__date\">10.07.2026-10.07.2026<\/div>\n            <div class=\"card-event__location\">\u0141\u00f3d\u017a<\/div>\n        <\/div>\n    <\/div>\n<\/div>                                            <\/div>\n                                        \n                                            <div class=\"events-slider-block__sliderItem swiper-slide event-card\"\n                                                data-id=\"202003\"\n                                                data-name=\"WWOFF\"\n                                                data-brand=\"Muzk Festival Sp. z o.o.\"\n                                                data-category=\"muzyka\"\n                                                data-subcategory=\"hip-hop-rap\"\n                                                data-city=\"Warszawa\"\n                                                data-venue=\"Hala COS Torwar \">\n                                                \n<div class=\"card-event  card-event--size-small\">\n        <a href=\"https:\/\/www.ebilet.pl\/muzyka\/hip-hop-rap\/wwo\" target=\"_blank\" class=\"card-event__link\" rel=\"nofollow noopener\"><\/a>\n        <div class=\"card-event__wrapper\">\n        <div class=\"card-event__image\">\n            <img decoding=\"async\" src=\"https:\/\/www.ebilet.pl\/media\/cms\/media\/lranufrb\/portal-552x736a-f8052143-48fb-4e28-9564-7ff2fa400f8b.webp\" alt=\"\">\n        <\/div>\n        <div class=\"card-event__data\">\n            <div class=\"card-event__name\">\n                <p>WWOFF<\/p>\n            <\/div>\n            <div class=\"card-event__date\">26.11.2026-26.11.2026<\/div>\n            <div class=\"card-event__location\">Warszawa<\/div>\n        <\/div>\n    <\/div>\n<\/div>                                            <\/div>\n                                        \n                                            <div class=\"events-slider-block__sliderItem swiper-slide event-card\"\n                                                data-id=\"8112\"\n                                                data-name=\"21. Tauron Nowa Muzyka Katowice 2026\"\n                                                data-brand=\"Fundacja Nowa Muzyka Katowice\"\n                                                data-category=\"muzyka\"\n                                                data-subcategory=\"festiwale\"\n                                                data-city=\"Katowice\"\n                                                data-venue=\"Narodowa Orkiestra Symfoniczna Polskiego Radia - NOSPR\">\n                                                \n<div class=\"card-event  card-event--size-small\">\n        <a href=\"https:\/\/www.ebilet.pl\/muzyka\/festiwale\/tauron-nowa-muzyka\" target=\"_blank\" class=\"card-event__link\" rel=\"nofollow noopener\"><\/a>\n        <div class=\"card-event__wrapper\">\n        <div class=\"card-event__image\">\n            <img decoding=\"async\" src=\"https:\/\/www.ebilet.pl\/media\/cms\/media\/j2hh3nmi\/tnmk2026_552x7361-1316ea33-ccd6-445a-963e-37b43cdf9619.webp\" alt=\"\">\n        <\/div>\n        <div class=\"card-event__data\">\n            <div class=\"card-event__name\">\n                <p>21. Tauron Nowa Muzyka Katowice 2026<\/p>\n            <\/div>\n            <div class=\"card-event__date\">04.06.2026-04.06.2026<\/div>\n            <div class=\"card-event__location\">Katowice<\/div>\n        <\/div>\n    <\/div>\n<\/div>                                            <\/div>\n                                        \n                                            <div class=\"events-slider-block__sliderItem swiper-slide event-card\"\n                                                data-id=\"77334\"\n                                                data-name=\"OneRepublic\"\n                                                data-brand=\"Live Nation\"\n                                                data-category=\"muzyka\"\n                                                data-subcategory=\"pop\"\n                                                data-city=\"Krak\u00f3w\"\n                                                data-venue=\"TAURON Arena Krak\u00f3w\">\n                                                \n<div class=\"card-event  card-event--size-small\">\n        <a href=\"https:\/\/www.ebilet.pl\/muzyka\/pop\/onerepublic\" target=\"_blank\" class=\"card-event__link\" rel=\"nofollow noopener\"><\/a>\n        <div class=\"card-event__wrapper\">\n        <div class=\"card-event__image\">\n            <img decoding=\"async\" src=\"https:\/\/www.ebilet.pl\/media\/cms\/media\/lpojz0b2\/or_552x736-d7c2e53e-d6f0-453c-b540-3c006a0c9314.webp\" alt=\"\">\n        <\/div>\n        <div class=\"card-event__data\">\n            <div class=\"card-event__name\">\n                <p>OneRepublic<\/p>\n            <\/div>\n            <div class=\"card-event__date\">30.06.2026-30.06.2026<\/div>\n            <div class=\"card-event__location\">Krak\u00f3w<\/div>\n        <\/div>\n    <\/div>\n<\/div>                                            <\/div>\n                                        \n                                            <div class=\"events-slider-block__sliderItem swiper-slide event-card\"\n                                                data-id=\"16543\"\n                                                data-name=\"Rozta\u0144czony PGE Narodowy 2026\"\n                                                data-brand=\"KRYSIAK POLSKA CORPORATION Sp. z o.o.\"\n                                                data-category=\"muzyka\"\n                                                data-subcategory=\"festiwale\"\n                                                data-city=\"Warszawa\"\n                                                data-venue=\"PGE Narodowy im. Kazimierza G\u00f3rskiego\">\n                                                \n<div class=\"card-event  card-event--size-small\">\n        <a href=\"https:\/\/www.ebilet.pl\/muzyka\/festiwale\/roztanczony-narodowy\" target=\"_blank\" class=\"card-event__link\" rel=\"nofollow noopener\"><\/a>\n        <div class=\"card-event__wrapper\">\n        <div class=\"card-event__image\">\n            <img decoding=\"async\" src=\"https:\/\/www.ebilet.pl\/media\/cms\/media\/vzjkxgps\/portal_basic.webp\" alt=\"\">\n        <\/div>\n        <div class=\"card-event__data\">\n            <div class=\"card-event__name\">\n                <p>Rozta\u0144czony PGE Narodowy 2026<\/p>\n            <\/div>\n            <div class=\"card-event__date\">10.10.2026-10.10.2026<\/div>\n            <div class=\"card-event__location\">Warszawa<\/div>\n        <\/div>\n    <\/div>\n<\/div>                                            <\/div>\n                                        \n                                            <div class=\"events-slider-block__sliderItem swiper-slide event-card\"\n                                                data-id=\"29716\"\n                                                data-name=\"ATB | FINAL CHAPTER | POLAND TOUR\"\n                                                data-brand=\"HOT STAFF\"\n                                                data-category=\"muzyka\"\n                                                data-subcategory=\"elektro-techno\"\n                                                data-city=\"Bia\u0142ystok, Bydgoszcz, Gdynia i inne\"\n                                                data-venue=\"Wakepark Bydgoszcz\/My\u015bl\u0119cinek\">\n                                                \n<div class=\"card-event  card-event--size-small\">\n        <a href=\"https:\/\/www.ebilet.pl\/muzyka\/elektro-techno\/atb\" target=\"_blank\" class=\"card-event__link\" rel=\"nofollow noopener\"><\/a>\n        <div class=\"card-event__wrapper\">\n        <div class=\"card-event__image\">\n            <img decoding=\"async\" src=\"https:\/\/www.ebilet.pl\/media\/cms\/media\/lfio3ow5\/ebilet-pion-2.webp\" alt=\"\">\n        <\/div>\n        <div class=\"card-event__data\">\n            <div class=\"card-event__name\">\n                <p>ATB | FINAL CHAPTER | POLAND TOUR<\/p>\n            <\/div>\n            <div class=\"card-event__date\">28.08.2026-28.08.2026<\/div>\n            <div class=\"card-event__location\">Bia\u0142ystok, Bydgoszcz, Gdynia i inne<\/div>\n        <\/div>\n    <\/div>\n<\/div>                                            <\/div>\n                                        \n                                            <div class=\"events-slider-block__sliderItem swiper-slide event-card\"\n                                                data-id=\"204457\"\n                                                data-name=\"Arcane Epic Symphony\"\n                                                data-brand=\"Stowarzyszenie Klub Fantastyki \u201eDruga Era\u201d\"\n                                                data-category=\"klasyka\"\n                                                data-subcategory=\"muzyka-filmowa\"\n                                                data-city=\"Pozna\u0144\"\n                                                data-venue=\"MTP - Mi\u0119dzynarodowe Targi Pozna\u0144skie\">\n                                                \n<div class=\"card-event  card-event--size-small\">\n        <a href=\"https:\/\/www.ebilet.pl\/klasyka\/muzyka-filmowa\/arcane-epic-symphony\" target=\"_blank\" class=\"card-event__link\" rel=\"nofollow noopener\"><\/a>\n        <div class=\"card-event__wrapper\">\n        <div class=\"card-event__image\">\n            <img decoding=\"async\" src=\"https:\/\/www.ebilet.pl\/media\/cms\/media\/soxe2fiy\/p2026_arcane_552x736_1-1-dbdc60e7-ee87-42b6-9944-2c2990e9cc79.webp\" alt=\"\">\n        <\/div>\n        <div class=\"card-event__data\">\n            <div class=\"card-event__name\">\n                <p>Arcane Epic Symphony<\/p>\n            <\/div>\n            <div class=\"card-event__date\">21.06.2026-21.06.2026<\/div>\n            <div class=\"card-event__location\">Pozna\u0144<\/div>\n        <\/div>\n    <\/div>\n<\/div>                                            <\/div>\n                                        \n                                            <div class=\"events-slider-block__sliderItem swiper-slide event-card\"\n                                                data-id=\"203093\"\n                                                data-name=\"B-DAY Festival by bambi\"\n                                                data-brand=\"BDF Sp. z.o.o.\"\n                                                data-category=\"muzyka\"\n                                                data-subcategory=\"hip-hop-rap\"\n                                                data-city=\"Warszawa\"\n                                                data-venue=\"Hala COS Torwar \">\n                                                \n<div class=\"card-event  card-event--size-small\">\n        <a href=\"https:\/\/www.ebilet.pl\/muzyka\/hip-hop-rap\/bambi\" target=\"_blank\" class=\"card-event__link\" rel=\"nofollow noopener\"><\/a>\n        <div class=\"card-event__wrapper\">\n        <div class=\"card-event__image\">\n            <img decoding=\"async\" src=\"https:\/\/www.ebilet.pl\/media\/cms\/media\/gifbpcig\/552x736-1-320cc3b0-5e5a-4852-a922-efc848865831.webp\" alt=\"\">\n        <\/div>\n        <div class=\"card-event__data\">\n            <div class=\"card-event__name\">\n                <p>B-DAY Festival by bambi<\/p>\n            <\/div>\n            <div class=\"card-event__date\">25.10.2026-25.10.2026<\/div>\n            <div class=\"card-event__location\">Warszawa<\/div>\n        <\/div>\n    <\/div>\n<\/div>                                            <\/div>\n                                                                            <\/div>\n                                <\/div>\n                            <\/div>\n                            <div class=\"events-slider-block__events swiper\" data-events-events-descriptions>\n                                <div class=\"events-slider-block__eventsWrapper swiper-wrapper\">\n                                                                            <div class=\"events-slider-block__eventsItem swiper-slide\">\n                                            <a href=\"https:\/\/www.ebilet.pl\/sport\/sporty-druzynowe\/mecz-siatkowki\" target=\"_blank\" class=\"events-slider-block__eventsName\">\n                                                <p>Mecze towarzyskie Reprezentacji Polski m\u0119\u017cczyzn w siatk\u00f3wce<\/p>\n                                            <\/a>\n                                            <div class=\"events-slider-block__eventsDate\">20.05.2026-23.05.2026<\/div>\n                                            <div class=\"events-slider-block__eventsLocation\"><\/div>\n                                        <\/div>\n                                                                            <div class=\"events-slider-block__eventsItem swiper-slide\">\n                                            <a href=\"https:\/\/www.ebilet.pl\/muzyka\/festiwale\/meskie-granie\" target=\"_blank\" class=\"events-slider-block__eventsName\">\n                                                <p>M\u0119skie Granie 2026<\/p>\n                                            <\/a>\n                                            <div class=\"events-slider-block__eventsDate\">26.06.2026-22.08.2026<\/div>\n                                            <div class=\"events-slider-block__eventsLocation\"><\/div>\n                                        <\/div>\n                                                                            <div class=\"events-slider-block__eventsItem swiper-slide\">\n                                            <a href=\"https:\/\/www.ebilet.pl\/biznes\/pozostale\/juwenalia\" target=\"_blank\" class=\"events-slider-block__eventsName\">\n                                                <p>Juwenalia 2026<\/p>\n                                            <\/a>\n                                            <div class=\"events-slider-block__eventsDate\">01.01.1970-01.01.1970<\/div>\n                                            <div class=\"events-slider-block__eventsLocation\"><\/div>\n                                        <\/div>\n                                                                            <div class=\"events-slider-block__eventsItem swiper-slide\">\n                                            <a href=\"https:\/\/www.ebilet.pl\/muzyka\/festiwale\/orange-warsaw-festival\" target=\"_blank\" class=\"events-slider-block__eventsName\">\n                                                <p>Orange Warsaw Festival 2026<\/p>\n                                            <\/a>\n                                            <div class=\"events-slider-block__eventsDate\">29.05.2026-30.05.2026<\/div>\n                                            <div class=\"events-slider-block__eventsLocation\"><\/div>\n                                        <\/div>\n                                                                            <div class=\"events-slider-block__eventsItem swiper-slide\">\n                                            <a href=\"https:\/\/www.ebilet.pl\/biznes\/pozostale\/odsprzedaz\" target=\"_blank\" class=\"events-slider-block__eventsName\">\n                                                <p>Bezpieczna odsprzeda\u017c w apce eBilet<\/p>\n                                            <\/a>\n                                            <div class=\"events-slider-block__eventsDate\">01.01.1970-01.01.1970<\/div>\n                                            <div class=\"events-slider-block__eventsLocation\"><\/div>\n                                        <\/div>\n                                                                            <div class=\"events-slider-block__eventsItem swiper-slide\">\n                                            <a href=\"https:\/\/www.ebilet.pl\/muzyka\/festiwale\/rzeszowskie-juwenalia\" target=\"_blank\" class=\"events-slider-block__eventsName\">\n                                                <p>Rzeszowskie Juwenalia 2026<\/p>\n                                            <\/a>\n                                            <div class=\"events-slider-block__eventsDate\">01.01.1970-01.01.1970<\/div>\n                                            <div class=\"events-slider-block__eventsLocation\"><\/div>\n                                        <\/div>\n                                                                            <div class=\"events-slider-block__eventsItem swiper-slide\">\n                                            <a href=\"https:\/\/www.ebilet.pl\/muzyka\/festiwale\/off-festival\" target=\"_blank\" class=\"events-slider-block__eventsName\">\n                                                <p>OFF Festival Katowice 2026<\/p>\n                                            <\/a>\n                                            <div class=\"events-slider-block__eventsDate\">07.08.2026-07.08.2026<\/div>\n                                            <div class=\"events-slider-block__eventsLocation\"><\/div>\n                                        <\/div>\n                                                                            <div class=\"events-slider-block__eventsItem swiper-slide\">\n                                            <a href=\"https:\/\/www.ebilet.pl\/sport\/sporty-walki\/fame-mma\" target=\"_blank\" class=\"events-slider-block__eventsName\">\n                                                <p>FAME 31<\/p>\n                                            <\/a>\n                                            <div class=\"events-slider-block__eventsDate\">09.05.2026-09.05.2026<\/div>\n                                            <div class=\"events-slider-block__eventsLocation\"><\/div>\n                                        <\/div>\n                                                                            <div class=\"events-slider-block__eventsItem swiper-slide\">\n                                            <a href=\"https:\/\/www.ebilet.pl\/rodzina\/spektakle-dla-dzieci\/pucio-na-wsi\" target=\"_blank\" class=\"events-slider-block__eventsName\">\n                                                <p>Pucio Na Wsi &#8211; spektakl<\/p>\n                                            <\/a>\n                                            <div class=\"events-slider-block__eventsDate\">03.10.2026-20.12.2026<\/div>\n                                            <div class=\"events-slider-block__eventsLocation\"><\/div>\n                                        <\/div>\n                                                                            <div class=\"events-slider-block__eventsItem swiper-slide\">\n                                            <a href=\"https:\/\/www.ebilet.pl\/muzyka\/festiwale\/opener-festival\" target=\"_blank\" class=\"events-slider-block__eventsName\">\n                                                <p>Open&#8217;er Festival 2026<\/p>\n                                            <\/a>\n                                            <div class=\"events-slider-block__eventsDate\">29.05.2026-04.07.2026<\/div>\n                                            <div class=\"events-slider-block__eventsLocation\"><\/div>\n                                        <\/div>\n                                                                            <div class=\"events-slider-block__eventsItem swiper-slide\">\n                                            <a href=\"https:\/\/www.ebilet.pl\/sport\/sporty-druzynowe\/siatkowka\" target=\"_blank\" class=\"events-slider-block__eventsName\">\n                                                <p>VNL 2026 &#8211; Siatkarska Liga Narod\u00f3w M\u0119\u017cczyzn<\/p>\n                                            <\/a>\n                                            <div class=\"events-slider-block__eventsDate\">24.06.2026-28.06.2026<\/div>\n                                            <div class=\"events-slider-block__eventsLocation\"><\/div>\n                                        <\/div>\n                                                                            <div class=\"events-slider-block__eventsItem swiper-slide\">\n                                            <a href=\"https:\/\/www.ebilet.pl\/muzyka\/festiwale\/juwenalia-politechniki-lubelskiej\" target=\"_blank\" class=\"events-slider-block__eventsName\">\n                                                <p>Juwenalia Politechniki Lubelskiej 2026<\/p>\n                                            <\/a>\n                                            <div class=\"events-slider-block__eventsDate\">08.05.2026-09.05.2026<\/div>\n                                            <div class=\"events-slider-block__eventsLocation\"><\/div>\n                                        <\/div>\n                                                                            <div class=\"events-slider-block__eventsItem swiper-slide\">\n                                            <a href=\"https:\/\/www.ebilet.pl\/muzyka\/festiwale\/audioriver\" target=\"_blank\" class=\"events-slider-block__eventsName\">\n                                                <p>Audioriver Festival 2026<\/p>\n                                            <\/a>\n                                            <div class=\"events-slider-block__eventsDate\">10.07.2026-12.07.2026<\/div>\n                                            <div class=\"events-slider-block__eventsLocation\"><\/div>\n                                        <\/div>\n                                                                            <div class=\"events-slider-block__eventsItem swiper-slide\">\n                                            <a href=\"https:\/\/www.ebilet.pl\/muzyka\/hip-hop-rap\/wwo\" target=\"_blank\" class=\"events-slider-block__eventsName\">\n                                                <p>WWOFF<\/p>\n                                            <\/a>\n                                            <div class=\"events-slider-block__eventsDate\">26.11.2026-28.11.2026<\/div>\n                                            <div class=\"events-slider-block__eventsLocation\"><\/div>\n                                        <\/div>\n                                                                            <div class=\"events-slider-block__eventsItem swiper-slide\">\n                                            <a href=\"https:\/\/www.ebilet.pl\/muzyka\/festiwale\/tauron-nowa-muzyka\" target=\"_blank\" class=\"events-slider-block__eventsName\">\n                                                <p>21. Tauron Nowa Muzyka Katowice 2026<\/p>\n                                            <\/a>\n                                            <div class=\"events-slider-block__eventsDate\">04.06.2026-06.06.2026<\/div>\n                                            <div class=\"events-slider-block__eventsLocation\"><\/div>\n                                        <\/div>\n                                                                            <div class=\"events-slider-block__eventsItem swiper-slide\">\n                                            <a href=\"https:\/\/www.ebilet.pl\/muzyka\/pop\/onerepublic\" target=\"_blank\" class=\"events-slider-block__eventsName\">\n                                                <p>OneRepublic<\/p>\n                                            <\/a>\n                                            <div class=\"events-slider-block__eventsDate\">30.06.2026-30.06.2026<\/div>\n                                            <div class=\"events-slider-block__eventsLocation\"><\/div>\n                                        <\/div>\n                                                                            <div class=\"events-slider-block__eventsItem swiper-slide\">\n                                            <a href=\"https:\/\/www.ebilet.pl\/muzyka\/festiwale\/roztanczony-narodowy\" target=\"_blank\" class=\"events-slider-block__eventsName\">\n                                                <p>Rozta\u0144czony PGE Narodowy 2026<\/p>\n                                            <\/a>\n                                            <div class=\"events-slider-block__eventsDate\">10.10.2026-10.10.2026<\/div>\n                                            <div class=\"events-slider-block__eventsLocation\"><\/div>\n                                        <\/div>\n                                                                            <div class=\"events-slider-block__eventsItem swiper-slide\">\n                                            <a href=\"https:\/\/www.ebilet.pl\/muzyka\/elektro-techno\/atb\" target=\"_blank\" class=\"events-slider-block__eventsName\">\n                                                <p>ATB | FINAL CHAPTER | POLAND TOUR<\/p>\n                                            <\/a>\n                                            <div class=\"events-slider-block__eventsDate\">28.08.2026-12.12.2026<\/div>\n                                            <div class=\"events-slider-block__eventsLocation\"><\/div>\n                                        <\/div>\n                                                                            <div class=\"events-slider-block__eventsItem swiper-slide\">\n                                            <a href=\"https:\/\/www.ebilet.pl\/klasyka\/muzyka-filmowa\/arcane-epic-symphony\" target=\"_blank\" class=\"events-slider-block__eventsName\">\n                                                <p>Arcane Epic Symphony<\/p>\n                                            <\/a>\n                                            <div class=\"events-slider-block__eventsDate\">21.06.2026-21.06.2026<\/div>\n                                            <div class=\"events-slider-block__eventsLocation\"><\/div>\n                                        <\/div>\n                                                                            <div class=\"events-slider-block__eventsItem swiper-slide\">\n                                            <a href=\"https:\/\/www.ebilet.pl\/muzyka\/hip-hop-rap\/bambi\" target=\"_blank\" class=\"events-slider-block__eventsName\">\n                                                <p>B-DAY Festival by bambi<\/p>\n                                            <\/a>\n                                            <div class=\"events-slider-block__eventsDate\">25.10.2026-25.10.2026<\/div>\n                                            <div class=\"events-slider-block__eventsLocation\"><\/div>\n                                        <\/div>\n                                                                    <\/div>\n                            <\/div>\n                            <div class=\"events-slider-block__pagination\">\n                                <div class=\"swiper-pagination slider-pagination slider-pagination--theme-white\" data-events-slider-pagination><\/div>\n                            <\/div>\n                        <\/div>\n                                        <div class=\"events-slider-block__bottom\">\n                                                                                <div class=\"events-slider-block__link desktop\">\n                                    <a\n                                        class=\"button button--size-small button--theme-primary-yellow button--withIconLeft\"\n                                        href=\"https:\/\/www.ebilet.pl\/\">\n                                                                                    <div class=\"button__icon\"><img loading=\"lazy\" decoding=\"async\" width=\"30\" height=\"30\" src=\"https:\/\/www.ebilet.pl\/now\/app\/uploads\/2024\/01\/ticket-cinema-entertainment-coupon-discount-sale_30px.png\" class=\"attachment-full size-full\" alt=\"\" \/><\/div>\n                                                                                <p class=\"button__text typo-18\">Kup na eBilet.pl<\/p>\n                                    <\/a>\n                                <\/div>\n                                                                                <div class=\"events-slider-block__link mobile\">\n                                    <a\n                                        class=\"button button--size-small button--theme-primary-yellow button--withIconLeft\"\n                                        href=\"https:\/\/www.ebilet.pl\/\">\n                                                                                    <div class=\"button__icon\"><img loading=\"lazy\" decoding=\"async\" width=\"30\" height=\"30\" src=\"https:\/\/www.ebilet.pl\/now\/app\/uploads\/2024\/01\/ticket-cinema-entertainment-coupon-discount-sale_30px.png\" class=\"attachment-full size-full\" alt=\"\" \/><\/div>\n                                                                                <p class=\"button__text typo-18\">Kup na eBilet.pl<\/p>\n                                    <\/a>\n                                <\/div>\n                                            <\/div>\n                <\/div>\n            <\/div>\n        <\/div>\n    <\/div>\n<\/section>","protected":false},"excerpt":{"rendered":"<p>Dlaczego wr\u00f3ci\u0142, skoro zarzeka si\u0119, \u017ce nie wyda ju\u017c p\u0142yty solo? I dlaczego nie czuje si\u0119 do ko\u0144ca powa\u017cnie traktowany w \u015bwiecie sztuki? O tym dowiecie si\u0119 z rozmowy z Micha\u0142em &#8220;\u017bytem&#8221; \u017bytniakiem.<\/p>\n","protected":false},"author":9,"featured_media":73838,"comment_status":"open","ping_status":"open","sticky":false,"template":"page-templates\/article-default.php","format":"standard","meta":{"_acf_changed":false,"footnotes":""},"article_tag":[160,49,159],"article_type":[554],"acf":[],"_links":{"self":[{"href":"https:\/\/www.ebilet.pl\/now\/wp-json\/wp\/v2\/posts\/73402"}],"collection":[{"href":"https:\/\/www.ebilet.pl\/now\/wp-json\/wp\/v2\/posts"}],"about":[{"href":"https:\/\/www.ebilet.pl\/now\/wp-json\/wp\/v2\/types\/post"}],"author":[{"embeddable":true,"href":"https:\/\/www.ebilet.pl\/now\/wp-json\/wp\/v2\/users\/9"}],"replies":[{"embeddable":true,"href":"https:\/\/www.ebilet.pl\/now\/wp-json\/wp\/v2\/comments?post=73402"}],"version-history":[{"count":3,"href":"https:\/\/www.ebilet.pl\/now\/wp-json\/wp\/v2\/posts\/73402\/revisions"}],"predecessor-version":[{"id":73889,"href":"https:\/\/www.ebilet.pl\/now\/wp-json\/wp\/v2\/posts\/73402\/revisions\/73889"}],"wp:featuredmedia":[{"embeddable":true,"href":"https:\/\/www.ebilet.pl\/now\/wp-json\/wp\/v2\/media\/73838"}],"wp:attachment":[{"href":"https:\/\/www.ebilet.pl\/now\/wp-json\/wp\/v2\/media?parent=73402"}],"wp:term":[{"taxonomy":"article_tag","embeddable":true,"href":"https:\/\/www.ebilet.pl\/now\/wp-json\/wp\/v2\/article_tag?post=73402"},{"taxonomy":"article_type","embeddable":true,"href":"https:\/\/www.ebilet.pl\/now\/wp-json\/wp\/v2\/article_type?post=73402"}],"curies":[{"name":"wp","href":"https:\/\/api.w.org\/{rel}","templated":true}]}}