{"id":72221,"date":"2025-11-18T19:33:08","date_gmt":"2025-11-18T18:33:08","guid":{"rendered":"https:\/\/www.ebilet.pl\/now\/?p=72221"},"modified":"2025-11-24T11:25:04","modified_gmt":"2025-11-24T10:25:04","slug":"oto-pierwsze-ogloszenia-na-off-festival-2026-kto-wystapi-w-katowicach","status":"publish","type":"post","link":"https:\/\/www.ebilet.pl\/now\/oto-pierwsze-ogloszenia-na-off-festival-2026-kto-wystapi-w-katowicach\/","title":{"rendered":"Oto pierwsze og\u0142oszenia na OFF Festival 2026! Kto wyst\u0105pi w Katowicach?"},"content":{"rendered":"\n<section class=\"text-block  section-margin-32\" >\n    <div class=\"container\">\n        <div class=\"row\">\n            <div class=\"col-24\">\n                <div class=\"text-block__content\"><h2>Amyl and the Sniffers headlinerem OFF Festivalu 2026! Kto jeszcze zagra?<\/h2>\n<p>Nadchodzi <strong>OFF Festival!<\/strong> Kolejna edycja imprezy odb\u0119dzie si\u0119 w dniach<strong> 7-9 sierpnia 2026 roku w Dolinie Trzech Staw\u00f3w.<\/strong> Przed oficjalnym og\u0142oszeniem wykonawc\u00f3w, organizatorzy podzielili si\u0119 specjalnymi &#8220;zagadkami&#8221;, dzi\u0119ki kt\u00f3rym festiwalowicze mieli szans\u0119 przedpremierowo odkry\u0107, kto zaprezentuje si\u0119 na imprezie. Teorii by\u0142o wiele, a teraz nadszed\u0142 czas na oficjalne informacje! Do line-upu <strong>OFF Festivalu<\/strong> do\u0142\u0105czaj\u0105:<strong> Amyl and the Sniffers, Current Joys, Chat Pile, Clams Casino, Earl Sweatshirt <\/strong>oraz<strong> Oklou!<\/strong> Poznajcie ich tw\u00f3rczo\u015b\u0107.<\/p>\n<\/div>\n            <\/div>\n        <\/div>\n    <\/div>\n<\/section>\n\n\n<section class=\"banner banner--layout-default section-margin-32\" >\n    <div class=\"container\">\n        <div class=\"row\">\n            <div class=\"col-24\">\n                <div class=\"banner__wrapper\">\n                                        <div class=\"banner__bg\">\n                        <img loading=\"lazy\" decoding=\"async\" width=\"1920\" height=\"1080\" src=\"https:\/\/www.ebilet.pl\/now\/app\/uploads\/2024\/04\/koncert_1.jpg\" class=\"attachment-full size-full\" alt=\"\" srcset=\"https:\/\/www.ebilet.pl\/now\/app\/uploads\/2024\/04\/koncert_1.jpg 1920w, https:\/\/www.ebilet.pl\/now\/app\/uploads\/2024\/04\/koncert_1-1024x576.jpg 1024w, https:\/\/www.ebilet.pl\/now\/app\/uploads\/2024\/04\/koncert_1-1536x864.jpg 1536w, https:\/\/www.ebilet.pl\/now\/app\/uploads\/2024\/04\/koncert_1-1280x720.jpg 1280w, https:\/\/www.ebilet.pl\/now\/app\/uploads\/2024\/04\/koncert_1-500x281.jpg 500w, https:\/\/www.ebilet.pl\/now\/app\/uploads\/2024\/04\/koncert_1-632x356.jpg 632w, https:\/\/www.ebilet.pl\/now\/app\/uploads\/2024\/04\/koncert_1-308x174.jpg 308w\" sizes=\"(max-width: 1920px) 100vw, 1920px\" \/>                    <\/div>\n                                                                                                    <div class=\"banner__text\">\n                        <div class=\"banner__title typo-h2 f-700\">OFF Festival<\/div>\n                        <p class=\"banner__desc typo-14\"><\/p>\n                    <\/div>\n                                                            <div class=\"banner__link\">\n                        <a\n                            class=\"button button--theme-primary-yellow \"\n                            href=\"https:\/\/www.ebilet.pl\/muzyka\/festiwale\/off-festival\"\n                        >\n                            <p class=\"button__text typo-18\">Sprawd\u017a bilety<\/p>\n                                                    <\/a>\n                    <\/div>\n                                                        <\/div>\n            <\/div>\n        <\/div>\n    <\/div>\n<\/section>\n\n\n<section class=\"text-block  section-margin-32\" >\n    <div class=\"container\">\n        <div class=\"row\">\n            <div class=\"col-24\">\n                <div class=\"text-block__content\"><h2>Amyl and the Sniffers<\/h2>\n<p><em>Pub rock, punk i niesamowita energia na \u017cywo<\/em> &#8211; tak okre\u015blana jest tw\u00f3rczo\u015b\u0107 <strong>Amyl and the Sniffers<\/strong>, zespo\u0142u, kt\u00f3ry od niemal dekady spe\u0142nia swoj\u0105 muzyczn\u0105 misj\u0119, zgarniaj\u0105c rzesz\u0119 fan\u00f3w na ca\u0142ym \u015bwiecie. <strong>Billy Corgan<\/strong> powiedzia\u0142 o nich, \u017ce <em>s\u0105 prawdziwymi gwiazdami rocka,<\/em> a <strong>Karen O<\/strong> dorzuci\u0142a, \u017ce <em>odznacza ich niesamowite po\u0142\u0105czenie serca, wdzi\u0119ku i bezkompromisowego punka.<\/em><\/p>\n<p><em>&#8220;Moje teksty s\u0105 zawsze po prostu reakcj\u0105 na otoczenie&#8221;<\/em> &#8211; t\u0142umaczy\u0142a <strong>Amy Taylor<\/strong> w rozmowie z Kerrangiem &#8211;<em> &#8220;To wszystko, co mog\u0119 zrobi\u0107. Czuj\u0119, \u017ce moje otoczenie jest pod wieloma wzgl\u0119dami do\u015b\u0107 wyj\u0105tkowe i osobliwe, jak na artystk\u0119 koncertow\u0105; kogo\u015b, kto wywodzi si\u0119 ze sceny punkowej i ewoluowa\u0142 w kierunku wi\u0119kszych scen; kogo\u015b, kto rozumie, jak to jest&#8221;.<\/em><\/p>\n<\/div>\n            <\/div>\n        <\/div>\n    <\/div>\n<\/section>\n\n\n<figure class=\"wp-block-embed is-type-video is-provider-youtube wp-block-embed-youtube wp-embed-aspect-16-9 wp-has-aspect-ratio\"><div class=\"wp-block-embed__wrapper\">\n<iframe loading=\"lazy\" title=\"Amyl and The Sniffers - Guided By Angels\" width=\"500\" height=\"281\" src=\"https:\/\/www.youtube.com\/embed\/Z--D1flPLnk?feature=oembed\" frameborder=\"0\" allow=\"accelerometer; autoplay; clipboard-write; encrypted-media; gyroscope; picture-in-picture; web-share\" referrerpolicy=\"strict-origin-when-cross-origin\" allowfullscreen><\/iframe>\n<\/div><\/figure>\n\n\n<section class=\"gap-block  section-margin-32 section-margin-32\"><\/section>\n\n\n<section class=\"text-block  section-margin-32\" >\n    <div class=\"container\">\n        <div class=\"row\">\n            <div class=\"col-24\">\n                <div class=\"text-block__content\"><p><strong>Amyl and the Sniffers<\/strong> rozpocz\u0105\u0142 swoj\u0105 studyjn\u0105 podr\u00f3\u017c w 2019 roku, gdy \u015bwiat\u0142o dzienne ujrza\u0142 ich debiutancki kr\u0105\u017cek. Szybko okaza\u0142o si\u0119, \u017ce ich tw\u00f3rczo\u015b\u0107 rozprzestrzeni\u0142a si\u0119 po ca\u0142ym \u015bwiecie, a sale klubowe nie pomieszcz\u0105 wszystkich entuzjast\u00f3w ich brzmienia. Muzyk\u00f3w czeka\u0142 solidny przeskok &#8211; od &#8220;podziemnego&#8221; grania, a\u017c po wielkie, festiwalowe sceny. Australijski zesp\u00f3\u0142 mia\u0142 szans\u0119 zagra\u0107 przy takich wykonawcach, jak <strong>AC\/DC, Foo Fighters, Turnstile, Fontaines D.C. <\/strong>czy<strong> Green Day.<\/strong> Przekonali si\u0119 jednak, \u017ce ich &#8220;samodzielne&#8221; koncerty radz\u0105 sobie r\u00f3wnie dobrze i trasa koncertowa po Ameryce i Kandzie sko\u0144czy\u0142a si\u0119 licznymi <em>sold-outami.<\/em><\/p>\n<p>W zesz\u0142ym roku dorzucili do puli najnowszy <strong>&#8220;Cartoon Darkness&#8221;<\/strong>. Tytu\u0142 albumu pochodzi z singla <strong>&#8220;Doing in Me Head&#8221;. Amy Taylor<\/strong> w wywiadzie z New Noise Magazine wyja\u015bni\u0142a znaczenie nazwy p\u0142yty: <em>&#8220;Przysz\u0142o\u015b\u0107 wydaje si\u0119 mroczna, naprawd\u0119 nieznana, ale jest komiczna jak kresk\u00f3wka&#8221;.<\/em> Wokalistka wymieni\u0142a, \u017ce album jest na\u0142adowany ogromnym optymizmem, chocia\u017c w otoczeniu dzieje si\u0119 wiele okropnych rzeczy. Autorka podpowiedzia\u0142a, \u017ce dzie\u0142o pokazuje, jak z tym walczy\u0107 w zabawny spos\u00f3b, nie zach\u0119caj\u0105c ludzi do odwracania wzroku.<\/p>\n<\/div>\n            <\/div>\n        <\/div>\n    <\/div>\n<\/section>\n\n\n<figure class=\"wp-block-embed is-type-rich is-provider-spotify wp-block-embed-spotify wp-embed-aspect-21-9 wp-has-aspect-ratio\"><div class=\"wp-block-embed__wrapper\">\n<iframe title=\"Spotify Embed: Cartoon Darkness\" style=\"border-radius: 12px\" width=\"100%\" height=\"352\" frameborder=\"0\" allowfullscreen allow=\"autoplay; clipboard-write; encrypted-media; fullscreen; picture-in-picture\" loading=\"lazy\" src=\"https:\/\/open.spotify.com\/embed\/album\/0uMO9LgMLMtHzLnTSONd6k?si=PVpVI-RHQ8iaVY8dHdmLIw&#038;utm_source=oembed\"><\/iframe>\n<\/div><\/figure>\n\n\n<section class=\"gap-block  section-margin-32 section-margin-32\"><\/section>\n\n\n<section class=\"text-block  section-margin-32\" >\n    <div class=\"container\">\n        <div class=\"row\">\n            <div class=\"col-24\">\n                <div class=\"text-block__content\"><h2>Current Joys<\/h2>\n<p><em>&#8220;Naprawd\u0119 nie lubi\u0142em rozmawia\u0107 o muzyce. Nigdy nie s\u0105dzi\u0142em, \u017ce odnios\u0119 w niej sukces&#8221;<\/em> &#8211; powiedzia\u0142<strong> Nick Rattigan<\/strong> w rozmowie ze Slug Mag. C\u00f3\u017c, najwidoczniej autor postanowi\u0142, by brzmienie przem\u00f3wi\u0142o sama przez siebie &#8211; i tak si\u0119 sta\u0142o. Jego \u015bcie\u017cka tw\u00f3rcza rozpocz\u0119\u0142a si\u0119 oko\u0142o 2010 roku, gdy postanowi\u0142 po\u0142\u0105czy\u0107 swe si\u0142y z <strong>Jacobem Rubeckiem<\/strong> i powo\u0142a\u0107 do \u017cycia projekt<strong> Surf Curse<\/strong>. Z biegiem lat surf-rockowy zesp\u00f3\u0142 zosta\u0142 dostrze\u017cony przez fan\u00f3w na ca\u0142ym \u015bwiecie, a wiod\u0105cy singiel <strong>&#8220;Freaks&#8221;<\/strong> ma ju\u017c ponad miliard ods\u0142ucha\u0144 na Spotify. <strong>Nick<\/strong> jednak postanowi\u0142 rozwin\u0105\u0107 swe skrzyd\u0142a r\u00f3wnie\u017c w oddzielnym projekcie i tym sposobem \u015bwiat\u0142o dzienne ujrza\u0142 <strong>Current Joys<\/strong>. Oba projekty jednak \u0142\u0105czy co\u015b wi\u0119cej &#8211; muzyka jest zainspirowana filmami, kt\u00f3re <strong>Rattigan<\/strong> ogl\u0105da\u0142, gdy dorasta\u0142.<\/p>\n<\/div>\n            <\/div>\n        <\/div>\n    <\/div>\n<\/section>\n\n\n<figure class=\"wp-block-embed is-type-rich is-provider-spotify wp-block-embed-spotify wp-embed-aspect-21-9 wp-has-aspect-ratio\"><div class=\"wp-block-embed__wrapper\">\n<iframe title=\"Spotify Embed: This Is Current Joys\" style=\"border-radius: 12px\" width=\"100%\" height=\"352\" frameborder=\"0\" allowfullscreen allow=\"autoplay; clipboard-write; encrypted-media; fullscreen; picture-in-picture\" loading=\"lazy\" src=\"https:\/\/open.spotify.com\/embed\/playlist\/37i9dQZF1DZ06evO08OHXq?si=433ffd330acf42e6&#038;utm_source=oembed\"><\/iframe>\n<\/div><\/figure>\n\n\n<section class=\"gap-block  section-margin-32 section-margin-32\"><\/section>\n\n\n<section class=\"text-block  section-margin-32\" >\n    <div class=\"container\">\n        <div class=\"row\">\n            <div class=\"col-24\">\n                <div class=\"text-block__content\"><p>Tw\u00f3rca w rozmowie z Musicology przyzna\u0142, \u017ce podchodzi do pisania swoich piosenek w bardzo rock\u2019n\u2019rollowy spos\u00f3b. <em>&#8220;Upewniam si\u0119, \u017ce ka\u017cdy utw\u00f3r ma dobry haczyk i struktur\u0119. Ale konstruuj\u0105c album, staram si\u0119 zwi\u0105za\u0107 wok\u00f3\u0142 niego \u0142adn\u0105, filmow\u0105 kokard\u0119. Upewniam si\u0119, \u017ce kawa\u0142ki prowadz\u0105 ze sob\u0105 dialog i pod\u0105\u017caj\u0105 za d\u017awi\u0119kowym tematem&#8221;.<\/em> Dla Mixdown natomiast powiedzia\u0142, \u017ce nigdy nie martwi\u0142 si\u0119 o jako\u015b\u0107 nagrania, lecz o emocje, jakie ono wywo\u0142uje<em>. &#8220;Lubi\u0119 nazywa\u0107 to produkcj\u0105 emocjonaln\u0105. Zamiast skupia\u0107 si\u0119 na uzyskaniu super dopracowanego produktu, skupiam si\u0119 na tym, by piosenka odda\u0142a emocjonalny koloryt, kt\u00f3ry mam w g\u0142owie&#8221;<\/em> &#8211; ujawni\u0142 tw\u00f3rca. To pieczo\u0142owite podej\u015bcie do tw\u00f3rczo\u015bci ma swoje odzwierciedlenie w o\u015bmiu dzie\u0142ach studyjnych pod szyldem<strong> Current Joys.<\/strong> Ostatnim z nich jest <strong>&#8220;East My Love&#8221;<\/strong>, kt\u00f3re ujrza\u0142o \u015bwiat\u0142o dzienne w 2024 roku. Niew\u0105tpliwie nadchodz\u0105ce wydarzenie stanie si\u0119 zar\u00f3wno przekrojem przez najwi\u0119ksze hity artysty, jak i \u015bwie\u017cym spojrzeniem na najnowszy repertuar.<\/p>\n<\/div>\n            <\/div>\n        <\/div>\n    <\/div>\n<\/section>\n\n\n<figure class=\"wp-block-embed is-type-rich is-provider-spotify wp-block-embed-spotify wp-embed-aspect-21-9 wp-has-aspect-ratio\"><div class=\"wp-block-embed__wrapper\">\n<iframe title=\"Spotify Embed: East My Love\" style=\"border-radius: 12px\" width=\"100%\" height=\"352\" frameborder=\"0\" allowfullscreen allow=\"autoplay; clipboard-write; encrypted-media; fullscreen; picture-in-picture\" loading=\"lazy\" src=\"https:\/\/open.spotify.com\/embed\/album\/56MC7cZZaIMukrs6UaF4mg?si=iljmpNXpTVOHFbxeMO3LdA&#038;utm_source=oembed\"><\/iframe>\n<\/div><\/figure>\n\n\n<section class=\"gap-block  section-margin-32 section-margin-32\"><\/section>\n\n\n    <section class=\"events-carousel-block  section-margin-32\"\n        data-events-carousel\n        data-settings='{\"per_view\":5}'\n        data-item-list-name=\"Karuzela niska Polecamy na eBilet.pl\"\n        data-item-list-id=\"karuzela_niska Polecamy na eBilet.pl\"\n        >\n        <div class=\"container\">\n                            <div class=\"row\">\n                    <div class=\"col-24\">\n                        <div class=\"events-carousel-block__title\">\n                            <h2 class=\"typo-h2\">Polecamy na eBilet.pl<\/h2>\n                        <\/div>\n                    <\/div>\n                <\/div>\n                        <div class=\"row\">\n                <div class=\"col-24\">\n                    <div class=\"events-carousel-block__events\">\n                        <div class=\"events-carousel-block__nav events-carousel-block__nav--prev\">\n                            <div class=\"button button--withIcon button--theme-white-blur button--size-fixed-48\" data-events-carousel-prev>\n                                <span class=\"button__icon icon icon-chevron-left\"><\/span>\n                            <\/div>\n                        <\/div>\n                        <div class=\"events-carousel-block__nav events-carousel-block__nav--next\">\n                            <div class=\"button button--withIcon button--theme-white-blur button--size-fixed-48\" data-events-carousel-next>\n                                <span class=\"button__icon icon icon-chevron-right\"><\/span>\n                            <\/div>\n                        <\/div>\n                        <div class=\"events-carousel-block__slider swiper\" data-events-carousel-slider>\n                            <div class=\"events-carousel-block__sliderWrapper swiper-wrapper\">\n                                                                    <div class=\"events-carousel-block__sliderItem swiper-slide\"\n                                        data-id=\"152477\"\n                                        data-name=\"Zlot Ludzi Nie\u015bmia\u0142ych\"\n                                        data-brand=\"FUNDACJA NWR\"\n                                        data-category=\"muzyka\"\n                                        data-subcategory=\"festiwale\"\n                                        data-city=\"Kasinka Ma\u0142a\"\n                                        data-venue=\"Baza Szkoleniowo-Wypoczynkowa &quot;Lubogoszcz&quot;\">\n                                        \n<div class=\"card-event  card-event--size-small\">\n        <a href=\"https:\/\/www.ebilet.pl\/muzyka\/festiwale\/zlot-ludzi-niesmialych\" target=\"_blank\" class=\"card-event__link\" rel=\"nofollow noopener\"><\/a>\n        <div class=\"card-event__wrapper\">\n        <div class=\"card-event__image\">\n            <img decoding=\"async\" src=\"https:\/\/www.ebilet.pl\/media\/cms\/media\/cmxc2bhe\/656x369-nowe-c8ff5974-50d8-4db9-9cfe-f9664f3be332.webp\" alt=\"\">\n        <\/div>\n        <div class=\"card-event__data\">\n            <div class=\"card-event__name\">\n                <p>Zlot Ludzi Nie\u015bmia\u0142ych<\/p>\n            <\/div>\n            <div class=\"card-event__date\"><\/div>\n            <div class=\"card-event__location\">Kasinka Ma\u0142a<\/div>\n        <\/div>\n    <\/div>\n<\/div>                                    <\/div>\n                                                                    <div class=\"events-carousel-block__sliderItem swiper-slide\"\n                                        data-id=\"22014\"\n                                        data-name=\"3-Maj\u00f3wka 2026\"\n                                        data-brand=\"SWIK Nasze Miasto Wroc\u0142aw\"\n                                        data-category=\"muzyka\"\n                                        data-subcategory=\"festiwale\"\n                                        data-city=\"Wroc\u0142aw\"\n                                        data-venue=\"Pergola\">\n                                        \n<div class=\"card-event  card-event--size-small\">\n        <a href=\"https:\/\/www.ebilet.pl\/muzyka\/festiwale\/3-majowka\" target=\"_blank\" class=\"card-event__link\" rel=\"nofollow noopener\"><\/a>\n        <div class=\"card-event__wrapper\">\n        <div class=\"card-event__image\">\n            <img decoding=\"async\" src=\"https:\/\/www.ebilet.pl\/media\/cms\/media\/fbgpiq1q\/ebilet-bilet-domowy-blank.webp\" alt=\"\">\n        <\/div>\n        <div class=\"card-event__data\">\n            <div class=\"card-event__name\">\n                <p>3-Maj\u00f3wka 2026<\/p>\n            <\/div>\n            <div class=\"card-event__date\"><\/div>\n            <div class=\"card-event__location\">Wroc\u0142aw<\/div>\n        <\/div>\n    <\/div>\n<\/div>                                    <\/div>\n                                                                    <div class=\"events-carousel-block__sliderItem swiper-slide\"\n                                        data-id=\"205566\"\n                                        data-name=\"City Music Festival\"\n                                        data-brand=\"Jakub G\u0142uch Events\"\n                                        data-category=\"muzyka\"\n                                        data-subcategory=\"festiwale\"\n                                        data-city=\"Kielce\"\n                                        data-venue=\"Amfiteatr Kadzielnia\">\n                                        \n<div class=\"card-event  card-event--size-small\">\n        <a href=\"https:\/\/www.ebilet.pl\/muzyka\/festiwale\/city-music-festival\" target=\"_blank\" class=\"card-event__link\" rel=\"nofollow noopener\"><\/a>\n        <div class=\"card-event__wrapper\">\n        <div class=\"card-event__image\">\n            <img decoding=\"async\" src=\"https:\/\/www.ebilet.pl\/media\/cms\/media\/zsff2dts\/cover-wydarzenia-1-ac29d26a-da8c-40fd-94ef-c32dc1ca2219.webp\" alt=\"\">\n        <\/div>\n        <div class=\"card-event__data\">\n            <div class=\"card-event__name\">\n                <p>City Music Festival<\/p>\n            <\/div>\n            <div class=\"card-event__date\"><\/div>\n            <div class=\"card-event__location\">Kielce<\/div>\n        <\/div>\n    <\/div>\n<\/div>                                    <\/div>\n                                                                    <div class=\"events-carousel-block__sliderItem swiper-slide\"\n                                        data-id=\"166516\"\n                                        data-name=\"Strefa 57 Festival\"\n                                        data-brand=\"E2k Sp. z o.o.\"\n                                        data-category=\"muzyka\"\n                                        data-subcategory=\"festiwale\"\n                                        data-city=\"Przytkowice\"\n                                        data-venue=\"Strefa 57\">\n                                        \n<div class=\"card-event  card-event--size-small\">\n        <a href=\"https:\/\/www.ebilet.pl\/muzyka\/festiwale\/strefa-57-festival\" target=\"_blank\" class=\"card-event__link\" rel=\"nofollow noopener\"><\/a>\n        <div class=\"card-event__wrapper\">\n        <div class=\"card-event__image\">\n            <img decoding=\"async\" src=\"https:\/\/www.ebilet.pl\/media\/cms\/media\/u12gyahl\/zbiorcza_656x369-9-eed77f12-68a7-4aa5-9383-26592763206b.webp\" alt=\"\">\n        <\/div>\n        <div class=\"card-event__data\">\n            <div class=\"card-event__name\">\n                <p>Strefa 57 Festival<\/p>\n            <\/div>\n            <div class=\"card-event__date\"><\/div>\n            <div class=\"card-event__location\">Przytkowice<\/div>\n        <\/div>\n    <\/div>\n<\/div>                                    <\/div>\n                                                                    <div class=\"events-carousel-block__sliderItem swiper-slide\"\n                                        data-id=\"198074\"\n                                        data-name=\"Music Week Poland 2026\"\n                                        data-brand=\"Culture Hub Poland - Fundacja Centrum Kultury Polskiej\"\n                                        data-category=\"muzyka\"\n                                        data-subcategory=\"festiwale\"\n                                        data-city=\"\"\n                                        data-venue=\"Muzeum Historii Polski\">\n                                        \n<div class=\"card-event  card-event--size-small\">\n        <a href=\"https:\/\/www.ebilet.pl\/muzyka\/festiwale\/mwp\" target=\"_blank\" class=\"card-event__link\" rel=\"nofollow noopener\"><\/a>\n        <div class=\"card-event__wrapper\">\n        <div class=\"card-event__image\">\n            <img decoding=\"async\" src=\"https:\/\/www.ebilet.pl\/media\/cms\/media\/jnfhallp\/musicweek_ebilet_656x369.webp\" alt=\"\">\n        <\/div>\n        <div class=\"card-event__data\">\n            <div class=\"card-event__name\">\n                <p>Music Week Poland 2026<\/p>\n            <\/div>\n            <div class=\"card-event__date\"><\/div>\n            <div class=\"card-event__location\"><\/div>\n        <\/div>\n    <\/div>\n<\/div>                                    <\/div>\n                                                                    <div class=\"events-carousel-block__sliderItem swiper-slide\"\n                                        data-id=\"198688\"\n                                        data-name=\"Music Week Poland 2026\"\n                                        data-brand=\"Culture Hub Poland - Fundacja Centrum Kultury Polskiej\"\n                                        data-category=\"muzyka\"\n                                        data-subcategory=\"festiwale\"\n                                        data-city=\"Warszawa\"\n                                        data-venue=\"Warszawa\">\n                                        \n<div class=\"card-event  card-event--size-small\">\n        <a href=\"https:\/\/www.ebilet.pl\/muzyka\/festiwale\/music-week-poland\" target=\"_blank\" class=\"card-event__link\" rel=\"nofollow noopener\"><\/a>\n        <div class=\"card-event__wrapper\">\n        <div class=\"card-event__image\">\n            <img decoding=\"async\" src=\"https:\/\/www.ebilet.pl\/media\/cms\/media\/vdakl0rx\/musicweek_ebilet_656x3692.webp\" alt=\"\">\n        <\/div>\n        <div class=\"card-event__data\">\n            <div class=\"card-event__name\">\n                <p>Music Week Poland 2026<\/p>\n            <\/div>\n            <div class=\"card-event__date\"><\/div>\n            <div class=\"card-event__location\">Warszawa<\/div>\n        <\/div>\n    <\/div>\n<\/div>                                    <\/div>\n                                                                    <div class=\"events-carousel-block__sliderItem swiper-slide\"\n                                        data-id=\"121727\"\n                                        data-name=\"Rzeszowskie Juwenalia 2026\"\n                                        data-brand=\"BREND GROUP SP\u00d3\u0141KA Z OGRANICZON\u0104 ODPOWIEDZIALNO\u015aCI\u0104\"\n                                        data-category=\"muzyka\"\n                                        data-subcategory=\"festiwale\"\n                                        data-city=\"Rzesz\u00f3w\"\n                                        data-venue=\"\">\n                                        \n<div class=\"card-event  card-event--size-small\">\n        <a href=\"https:\/\/www.ebilet.pl\/muzyka\/festiwale\/rzeszowskie-juwenalia\" target=\"_blank\" class=\"card-event__link\" rel=\"nofollow noopener\"><\/a>\n        <div class=\"card-event__wrapper\">\n        <div class=\"card-event__image\">\n            <img decoding=\"async\" src=\"https:\/\/www.ebilet.pl\/media\/cms\/media\/w20pkbsd\/rzj_ebilet-ok_adka-poziom-9adb1829-ad15-4571-87e5-241158760e88.webp\" alt=\"\">\n        <\/div>\n        <div class=\"card-event__data\">\n            <div class=\"card-event__name\">\n                <p>Rzeszowskie Juwenalia 2026<\/p>\n            <\/div>\n            <div class=\"card-event__date\"><\/div>\n            <div class=\"card-event__location\">Rzesz\u00f3w<\/div>\n        <\/div>\n    <\/div>\n<\/div>                                    <\/div>\n                                                                    <div class=\"events-carousel-block__sliderItem swiper-slide\"\n                                        data-id=\"145251\"\n                                        data-name=\"Juwenalia Politechniki Lubelskiej 2026\"\n                                        data-brand=\"EVENT STUDIO KOWALEWSKI BRE\u015a Sp. J.\"\n                                        data-category=\"muzyka\"\n                                        data-subcategory=\"festiwale\"\n                                        data-city=\"Lublin\"\n                                        data-venue=\"Tereny Zielone Politechniki Lubelskiej\">\n                                        \n<div class=\"card-event  card-event--size-small\">\n        <a href=\"https:\/\/www.ebilet.pl\/muzyka\/festiwale\/juwenalia-politechniki-lubelskiej\" target=\"_blank\" class=\"card-event__link\" rel=\"nofollow noopener\"><\/a>\n        <div class=\"card-event__wrapper\">\n        <div class=\"card-event__image\">\n            <img decoding=\"async\" src=\"https:\/\/www.ebilet.pl\/media\/cms\/media\/ihnd2bud\/656x369-1-1-48a23e70-8581-40be-99e3-87662e26fb24.webp\" alt=\"\">\n        <\/div>\n        <div class=\"card-event__data\">\n            <div class=\"card-event__name\">\n                <p>Juwenalia Politechniki Lubelskiej 2026<\/p>\n            <\/div>\n            <div class=\"card-event__date\"><\/div>\n            <div class=\"card-event__location\">Lublin<\/div>\n        <\/div>\n    <\/div>\n<\/div>                                    <\/div>\n                                                                    <div class=\"events-carousel-block__sliderItem swiper-slide\"\n                                        data-id=\"199423\"\n                                        data-name=\"Juwenalia Gda\u0144skie 2026\"\n                                        data-brand=\"Fundacja Gda\u0144ska\"\n                                        data-category=\"muzyka\"\n                                        data-subcategory=\"festiwale\"\n                                        data-city=\"Gda\u0144sk\"\n                                        data-venue=\"Plac Zebra\u0144 Ludowych\">\n                                        \n<div class=\"card-event  card-event--size-small\">\n        <a href=\"https:\/\/www.ebilet.pl\/muzyka\/festiwale\/juwenalia-gdanskie\" target=\"_blank\" class=\"card-event__link\" rel=\"nofollow noopener\"><\/a>\n        <div class=\"card-event__wrapper\">\n        <div class=\"card-event__image\">\n            <img decoding=\"async\" src=\"https:\/\/www.ebilet.pl\/media\/cms\/media\/epumh0ib\/656x369-718bab05-d99a-45ac-aeb1-f50a0dd1a4fd.webp\" alt=\"\">\n        <\/div>\n        <div class=\"card-event__data\">\n            <div class=\"card-event__name\">\n                <p>Juwenalia Gda\u0144skie 2026<\/p>\n            <\/div>\n            <div class=\"card-event__date\"><\/div>\n            <div class=\"card-event__location\">Gda\u0144sk<\/div>\n        <\/div>\n    <\/div>\n<\/div>                                    <\/div>\n                                                                    <div class=\"events-carousel-block__sliderItem swiper-slide\"\n                                        data-id=\"203961\"\n                                        data-name=\"Circoloco Warsaw\"\n                                        data-brand=\"Awake Events Sp. z o.o.\"\n                                        data-category=\"muzyka\"\n                                        data-subcategory=\"festiwale\"\n                                        data-city=\"Warszawa\"\n                                        data-venue=\"Pa\u0142ac w Wilanowie\">\n                                        \n<div class=\"card-event  card-event--size-small\">\n        <a href=\"https:\/\/www.ebilet.pl\/muzyka\/festiwale\/circoloco-warsaw\" target=\"_blank\" class=\"card-event__link\" rel=\"nofollow noopener\"><\/a>\n        <div class=\"card-event__wrapper\">\n        <div class=\"card-event__image\">\n            <img decoding=\"async\" src=\"https:\/\/www.ebilet.pl\/media\/cms\/media\/a3bk50lx\/strona-wydarzenia-poziom.webp\" alt=\"\">\n        <\/div>\n        <div class=\"card-event__data\">\n            <div class=\"card-event__name\">\n                <p>Circoloco Warsaw<\/p>\n            <\/div>\n            <div class=\"card-event__date\"><\/div>\n            <div class=\"card-event__location\">Warszawa<\/div>\n        <\/div>\n    <\/div>\n<\/div>                                    <\/div>\n                                                                    <div class=\"events-carousel-block__sliderItem swiper-slide\"\n                                        data-id=\"122369\"\n                                        data-name=\"Juwenalia Bia\u0142ystok 2026\"\n                                        data-brand=\"Stowarzyszenie Absolwent\u00f3w Politechniki Bia\u0142ostockiej\"\n                                        data-category=\"muzyka\"\n                                        data-subcategory=\"festiwale\"\n                                        data-city=\"Bia\u0142ystok\"\n                                        data-venue=\"Kampus Politechniki Bia\u0142ostockiej\">\n                                        \n<div class=\"card-event  card-event--size-small\">\n        <a href=\"https:\/\/www.ebilet.pl\/muzyka\/festiwale\/juwenalia-bialystok\" target=\"_blank\" class=\"card-event__link\" rel=\"nofollow noopener\"><\/a>\n        <div class=\"card-event__wrapper\">\n        <div class=\"card-event__image\">\n            <img decoding=\"async\" src=\"https:\/\/www.ebilet.pl\/media\/cms\/media\/oungwf4j\/zmiana_cen-5-cc77e8fd-f618-4375-93e6-ef0493d5df04.webp\" alt=\"\">\n        <\/div>\n        <div class=\"card-event__data\">\n            <div class=\"card-event__name\">\n                <p>Juwenalia Bia\u0142ystok 2026<\/p>\n            <\/div>\n            <div class=\"card-event__date\"><\/div>\n            <div class=\"card-event__location\">Bia\u0142ystok<\/div>\n        <\/div>\n    <\/div>\n<\/div>                                    <\/div>\n                                                                    <div class=\"events-carousel-block__sliderItem swiper-slide\"\n                                        data-id=\"175658\"\n                                        data-name=\"Juwenalia Cz\u0119stochowskie PCz &amp; UJD 2026\"\n                                        data-brand=\"O\u015brodek Promocji Kultury &quot;Gaude Mater&quot;\"\n                                        data-category=\"muzyka\"\n                                        data-subcategory=\"festiwale\"\n                                        data-city=\"Cz\u0119stochowa\"\n                                        data-venue=\"Kampus Politechniki Cz\u0119stochowskiej\">\n                                        \n<div class=\"card-event  card-event--size-small\">\n        <a href=\"https:\/\/www.ebilet.pl\/muzyka\/festiwale\/juwenalia-czestochowskie\" target=\"_blank\" class=\"card-event__link\" rel=\"nofollow noopener\"><\/a>\n        <div class=\"card-event__wrapper\">\n        <div class=\"card-event__image\">\n            <img decoding=\"async\" src=\"https:\/\/www.ebilet.pl\/media\/cms\/media\/t3zhhpht\/ok_adka-pozioma-bileteria-2eea6d1c-70ba-4c9f-a7dc-79bac97ab695.webp\" alt=\"\">\n        <\/div>\n        <div class=\"card-event__data\">\n            <div class=\"card-event__name\">\n                <p>Juwenalia Cz\u0119stochowskie PCz &#038; UJD 2026<\/p>\n            <\/div>\n            <div class=\"card-event__date\"><\/div>\n            <div class=\"card-event__location\">Cz\u0119stochowa<\/div>\n        <\/div>\n    <\/div>\n<\/div>                                    <\/div>\n                                                                    <div class=\"events-carousel-block__sliderItem swiper-slide\"\n                                        data-id=\"204291\"\n                                        data-name=\"Orlen Elektronarracje\"\n                                        data-brand=\"STOWARZYSZENIE INICJATYWA\"\n                                        data-category=\"muzyka\"\n                                        data-subcategory=\"festiwale\"\n                                        data-city=\"Katowice, \u015al\u0105sk, Zabrze\"\n                                        data-venue=\"\u015al\u0105sk\">\n                                        \n<div class=\"card-event  card-event--size-small\">\n        <a href=\"https:\/\/www.ebilet.pl\/muzyka\/festiwale\/elektronarracje\" target=\"_blank\" class=\"card-event__link\" rel=\"nofollow noopener\"><\/a>\n        <div class=\"card-event__wrapper\">\n        <div class=\"card-event__image\">\n            <img decoding=\"async\" src=\"https:\/\/www.ebilet.pl\/media\/cms\/media\/at5fz4yu\/ebilet1-656x369.webp\" alt=\"\">\n        <\/div>\n        <div class=\"card-event__data\">\n            <div class=\"card-event__name\">\n                <p>Orlen Elektronarracje<\/p>\n            <\/div>\n            <div class=\"card-event__date\"><\/div>\n            <div class=\"card-event__location\">Katowice, \u015al\u0105sk, Zabrze<\/div>\n        <\/div>\n    <\/div>\n<\/div>                                    <\/div>\n                                                                    <div class=\"events-carousel-block__sliderItem swiper-slide\"\n                                        data-id=\"203456\"\n                                        data-name=\"G\u00f3raLOVE Festiwal\"\n                                        data-brand=\"enemka R4BBIT sp. z o.o.\"\n                                        data-category=\"muzyka\"\n                                        data-subcategory=\"festiwale\"\n                                        data-city=\"Ustro\u0144\"\n                                        data-venue=\"Amfiteatr w Ustroniu\">\n                                        \n<div class=\"card-event  card-event--size-small\">\n        <a href=\"https:\/\/www.ebilet.pl\/muzyka\/festiwale\/goralove\" target=\"_blank\" class=\"card-event__link\" rel=\"nofollow noopener\"><\/a>\n        <div class=\"card-event__wrapper\">\n        <div class=\"card-event__image\">\n            <img decoding=\"async\" src=\"https:\/\/www.ebilet.pl\/media\/cms\/media\/nrldgp2r\/ebilet3-1-a8b8f60b-9bb2-4caa-8ced-16116a449b3e.webp\" alt=\"\">\n        <\/div>\n        <div class=\"card-event__data\">\n            <div class=\"card-event__name\">\n                <p>G\u00f3raLOVE Festiwal<\/p>\n            <\/div>\n            <div class=\"card-event__date\"><\/div>\n            <div class=\"card-event__location\">Ustro\u0144<\/div>\n        <\/div>\n    <\/div>\n<\/div>                                    <\/div>\n                                                                    <div class=\"events-carousel-block__sliderItem swiper-slide\"\n                                        data-id=\"169186\"\n                                        data-name=\"Up To Date Festival 2026\"\n                                        data-brand=\"STOWARZYSZENIE POGOTOWIE KULTURALNO-SPO\u0141ECZNE\"\n                                        data-category=\"muzyka\"\n                                        data-subcategory=\"festiwale\"\n                                        data-city=\"Bia\u0142ystok\"\n                                        data-venue=\"Bia\u0142ystok\">\n                                        \n<div class=\"card-event  card-event--size-small\">\n        <a href=\"https:\/\/www.ebilet.pl\/muzyka\/festiwale\/up-to-date-festival\" target=\"_blank\" class=\"card-event__link\" rel=\"nofollow noopener\"><\/a>\n        <div class=\"card-event__wrapper\">\n        <div class=\"card-event__image\">\n            <img decoding=\"async\" src=\"https:\/\/www.ebilet.pl\/media\/cms\/media\/rtbeuknt\/656x369-8ad2bc97-0105-4dc5-bc5a-09ee9b39198d.webp\" alt=\"\">\n        <\/div>\n        <div class=\"card-event__data\">\n            <div class=\"card-event__name\">\n                <p>Up To Date Festival 2026<\/p>\n            <\/div>\n            <div class=\"card-event__date\"><\/div>\n            <div class=\"card-event__location\">Bia\u0142ystok<\/div>\n        <\/div>\n    <\/div>\n<\/div>                                    <\/div>\n                                                                    <div class=\"events-carousel-block__sliderItem swiper-slide\"\n                                        data-id=\"198838\"\n                                        data-name=\"Juwenalia Pozna\u0144 2026\"\n                                        data-brand=\"Fundacja na Rzecz Integracji \u015arodowiska Akademickiego Jeden Uniwersytet\"\n                                        data-category=\"muzyka\"\n                                        data-subcategory=\"festiwale\"\n                                        data-city=\"Pozna\u0144\"\n                                        data-venue=\"Park Jana Paw\u0142a II\">\n                                        \n<div class=\"card-event  card-event--size-small\">\n        <a href=\"https:\/\/www.ebilet.pl\/muzyka\/festiwale\/juwenalia-poznan\" target=\"_blank\" class=\"card-event__link\" rel=\"nofollow noopener\"><\/a>\n        <div class=\"card-event__wrapper\">\n        <div class=\"card-event__image\">\n            <img decoding=\"async\" src=\"https:\/\/www.ebilet.pl\/media\/cms\/media\/f5cb2w30\/unnamed-1-1-cb4698d9-ddb5-4a3c-b722-5a6cdb58b9f1.webp\" alt=\"\">\n        <\/div>\n        <div class=\"card-event__data\">\n            <div class=\"card-event__name\">\n                <p>Juwenalia Pozna\u0144 2026<\/p>\n            <\/div>\n            <div class=\"card-event__date\"><\/div>\n            <div class=\"card-event__location\">Pozna\u0144<\/div>\n        <\/div>\n    <\/div>\n<\/div>                                    <\/div>\n                                                                    <div class=\"events-carousel-block__sliderItem swiper-slide\"\n                                        data-id=\"7104\"\n                                        data-name=\"Open&#039;er Festival 2026\"\n                                        data-brand=\"Alter Art\"\n                                        data-category=\"muzyka\"\n                                        data-subcategory=\"festiwale\"\n                                        data-city=\"Gdynia\"\n                                        data-venue=\"Lotnisko Gdynia - Kosakowo\">\n                                        \n<div class=\"card-event  card-event--size-small\">\n        <a href=\"https:\/\/www.ebilet.pl\/muzyka\/festiwale\/opener-festival\" target=\"_blank\" class=\"card-event__link\" rel=\"nofollow noopener\"><\/a>\n        <div class=\"card-event__wrapper\">\n        <div class=\"card-event__image\">\n            <img decoding=\"async\" src=\"https:\/\/www.ebilet.pl\/media\/cms\/media\/vr5l21om\/opener2026_ebilet_656x369-ee020a0f-2f31-4138-b4b2-04308c95f9f7.webp\" alt=\"\">\n        <\/div>\n        <div class=\"card-event__data\">\n            <div class=\"card-event__name\">\n                <p>Open&#8217;er Festival 2026<\/p>\n            <\/div>\n            <div class=\"card-event__date\"><\/div>\n            <div class=\"card-event__location\">Gdynia<\/div>\n        <\/div>\n    <\/div>\n<\/div>                                    <\/div>\n                                                                    <div class=\"events-carousel-block__sliderItem swiper-slide\"\n                                        data-id=\"10086\"\n                                        data-name=\"Orange Warsaw Festival 2026\"\n                                        data-brand=\"Alter Art\"\n                                        data-category=\"muzyka\"\n                                        data-subcategory=\"festiwale\"\n                                        data-city=\"Warszawa\"\n                                        data-venue=\"Tor Wy\u015bcig\u00f3w Konnych Warszawa - S\u0142u\u017cewiec\">\n                                        \n<div class=\"card-event  card-event--size-small\">\n        <a href=\"https:\/\/www.ebilet.pl\/muzyka\/festiwale\/orange-warsaw-festival\" target=\"_blank\" class=\"card-event__link\" rel=\"nofollow noopener\"><\/a>\n        <div class=\"card-event__wrapper\">\n        <div class=\"card-event__image\">\n            <img decoding=\"async\" src=\"https:\/\/www.ebilet.pl\/media\/cms\/media\/m3xib5y5\/owf_2026_ebilet_656x369-266cc2fe-1046-41bb-b413-32325c34cbdd.webp\" alt=\"\">\n        <\/div>\n        <div class=\"card-event__data\">\n            <div class=\"card-event__name\">\n                <p>Orange Warsaw Festival 2026<\/p>\n            <\/div>\n            <div class=\"card-event__date\"><\/div>\n            <div class=\"card-event__location\">Warszawa<\/div>\n        <\/div>\n    <\/div>\n<\/div>                                    <\/div>\n                                                                    <div class=\"events-carousel-block__sliderItem swiper-slide\"\n                                        data-id=\"175547\"\n                                        data-name=\"Delfinalia 2026\"\n                                        data-brand=\"YELLO Sp. z o.o\"\n                                        data-category=\"muzyka\"\n                                        data-subcategory=\"festiwale\"\n                                        data-city=\"Gdynia\"\n                                        data-venue=\"Molo Po\u0142udniowe Gdynia\">\n                                        \n<div class=\"card-event  card-event--size-small\">\n        <a href=\"https:\/\/www.ebilet.pl\/muzyka\/festiwale\/delfinalia\" target=\"_blank\" class=\"card-event__link\" rel=\"nofollow noopener\"><\/a>\n        <div class=\"card-event__wrapper\">\n        <div class=\"card-event__image\">\n            <img decoding=\"async\" src=\"https:\/\/www.ebilet.pl\/media\/cms\/media\/3iznhrfb\/656x369-c51b2054-ba49-4c3a-8857-380395c0a337.webp\" alt=\"\">\n        <\/div>\n        <div class=\"card-event__data\">\n            <div class=\"card-event__name\">\n                <p>Delfinalia 2026<\/p>\n            <\/div>\n            <div class=\"card-event__date\"><\/div>\n            <div class=\"card-event__location\">Gdynia<\/div>\n        <\/div>\n    <\/div>\n<\/div>                                    <\/div>\n                                                                    <div class=\"events-carousel-block__sliderItem swiper-slide\"\n                                        data-id=\"196592\"\n                                        data-name=\"16. Enter Enea Festival\"\n                                        data-brand=\"Fundacja Europejskie Forum Sztuki\"\n                                        data-category=\"muzyka\"\n                                        data-subcategory=\"festiwale\"\n                                        data-city=\"Pozna\u0144\"\n                                        data-venue=\"Polana przy restauracji Oaza\">\n                                        \n<div class=\"card-event  card-event--size-small\">\n        <a href=\"https:\/\/www.ebilet.pl\/muzyka\/festiwale\/enter-enea\" target=\"_blank\" class=\"card-event__link\" rel=\"nofollow noopener\"><\/a>\n        <div class=\"card-event__wrapper\">\n        <div class=\"card-event__image\">\n            <img decoding=\"async\" src=\"https:\/\/www.ebilet.pl\/media\/cms\/media\/l1pbumzd\/656x369-29-593582a8-6c95-49bb-8881-3fe6a2ea17e0.webp\" alt=\"\">\n        <\/div>\n        <div class=\"card-event__data\">\n            <div class=\"card-event__name\">\n                <p>16. Enter Enea Festival<\/p>\n            <\/div>\n            <div class=\"card-event__date\"><\/div>\n            <div class=\"card-event__location\">Pozna\u0144<\/div>\n        <\/div>\n    <\/div>\n<\/div>                                    <\/div>\n                                                            <\/div>\n                        <\/div>\n                    <\/div>\n                    <div class=\"events-carousel-block__pagination\">\n                        <div class=\"swiper-pagination slider-pagination\" data-events-carousel-pagination><\/div>\n                    <\/div>\n                <\/div>\n            <\/div>\n        <\/div>\n    <\/section>\n\n\n\n<section class=\"text-block  section-margin-32\" >\n    <div class=\"container\">\n        <div class=\"row\">\n            <div class=\"col-24\">\n                <div class=\"text-block__content\"><h2>Chat Pile<\/h2>\n<p>Noise, sludge i nie tylko. <strong>Chat Pile<\/strong> od 2019 roku dostarcza s\u0142uchaczom wielu wra\u017ce\u0144. Wed\u0142ug Crack Magazine, nazwa zespo\u0142u odnosi si\u0119\u00a0do stert toksycznych odpad\u00f3w g\u00f3rniczych za\u015bmiecaj\u0105cych tereny wiejskie p\u00f3\u0142nocno-wschodniej Oklahomy.<\/p>\n<p>Zaczynali od EP-ek i split\u00f3w, a w 2022 roku doczekali\u015bmy si\u0119 oficjalnego, pe\u0142noprawnego albumu studyjnego. <strong>&#8220;God\u2019s Country&#8221;<\/strong> zgarn\u0105\u0142 \u015bwietne recenzje w\u015br\u00f3d krytyk\u00f3w muzycznych. Nas\u0105czony polityk\u0105, popkulturowymi nawi\u0105zaniami i solidn\u0105 dawk\u0105 uzale\u017cniaj\u0105cego brzmienia, jest przepraw\u0105 przez dziewi\u0119\u0107 utwor\u00f3w. <strong>Raygun Busch<\/strong> w rozmowie z New Noise Magazine wskaza\u0142, \u017ce jest szczeg\u00f3lnie dumny z zwie\u0144czaj\u0105cego dzie\u0142o <strong>&#8220;grimace_smoking_weed.jpg&#8221;<\/strong>, kt\u00f3ry nawi\u0105zuje do film\u00f3w <strong>&#8220;Mysterious Skin&#8221; <\/strong>i <strong>&#8220;In a Glass Cage&#8221;.<\/strong> Muzyk podpowiedzia\u0142, \u017ce na p\u0142ycie us\u0142yszymy r\u00f3wnie\u017c o prawdziwych wydarzeniach, kt\u00f3re mia\u0142y miejsce w ich regionie. <strong>Stin<\/strong> dorzuci\u0142, \u017ce ich celem by\u0142o \u015bwiadome wyra\u017cenie i oddanie atmosfery \u017cycia na po\u0142udniowych r\u00f3wninach. Jednocze\u015bnie kr\u0105\u017cek sta\u0142 si\u0119 \u201eantywojennym o\u015bwiadczeniem.<em> &#8220;Ka\u017cda piosenka m\u00f3wi o tym, jak bardzo nienawidz\u0119 wojny. Najwi\u0119kszy wstyd cz\u0142owieka&#8221;<\/em> &#8211; przyzna\u0142 <strong>Luther Manhole<\/strong> w rozmowie z Crack Magazine.<\/p>\n<\/div>\n            <\/div>\n        <\/div>\n    <\/div>\n<\/section>\n\n\n<figure class=\"wp-block-embed is-type-rich is-provider-spotify wp-block-embed-spotify wp-embed-aspect-21-9 wp-has-aspect-ratio\"><div class=\"wp-block-embed__wrapper\">\n<iframe title=\"Spotify Embed: God&amp;apos;s Country\" style=\"border-radius: 12px\" width=\"100%\" height=\"352\" frameborder=\"0\" allowfullscreen allow=\"autoplay; clipboard-write; encrypted-media; fullscreen; picture-in-picture\" loading=\"lazy\" src=\"https:\/\/open.spotify.com\/embed\/album\/38hr6lK2Up3QabqUEUEhKx?si=hICe_ukHSl6dfIdwy9sZ2Q&#038;utm_source=oembed\"><\/iframe>\n<\/div><\/figure>\n\n\n<section class=\"gap-block  section-margin-32 section-margin-32\"><\/section>\n\n\n<section class=\"text-block  section-margin-32\" >\n    <div class=\"container\">\n        <div class=\"row\">\n            <div class=\"col-24\">\n                <div class=\"text-block__content\"><p>W 2024<strong> Chat Pile<\/strong> wyda\u0142 drugi album, b\u0119d\u0105cy refleksj\u0105 na temat ludob\u00f3jstwa, militaryzmu i hipokryzji. <strong>Raygun Busch<\/strong> powiedzia\u0142 dla New Noise Magazine, \u017ce znaczna cz\u0119\u015b\u0107 p\u0142yty jest antywojenna. Jako wokalista stara si\u0119 wykorzysta\u0107 przestrze\u0144, w kt\u00f3rej odbiorcy go s\u0142uchaj\u0105, by nakre\u015bli\u0107 prawdziwe problemy, kt\u00f3re dziej\u0105 si\u0119 teraz. Ta tematyka zosta\u0142a poruszona pod szyldem <strong>&#8220;Cool World&#8221;<\/strong>. Jak przyznaje wokalista, razem z <strong>Lutherem<\/strong> wpadli na ten sam pomys\u0142, by w ten spos\u00f3b zatytu\u0142owa\u0107 dzie\u0142o, wi\u0119c stwierdzili, \u017ce to &#8220;znak od wszech\u015bwiata&#8221; i trzeba wcieli\u0107 t\u0119 ide\u0119 w \u017cycie. <strong>Stin<\/strong> w wywiadzie dla Post-Trash dorzuci\u0142, \u017ce nazwa idealnie wplata si\u0119 w tw\u00f3rczo\u015b\u0107 <strong>Chat Pile<\/strong>, poniewa\u017c niesie za sob\u0105 zabawny i ironiczny przekaz. Basista potwierdzi\u0142, \u017ce tytu\u0142 nawi\u0105zuje do filmu<strong> Ralpha Bakshiego.<\/strong><\/p>\n<\/div>\n            <\/div>\n        <\/div>\n    <\/div>\n<\/section>\n\n\n<figure class=\"wp-block-embed is-type-rich is-provider-spotify wp-block-embed-spotify wp-embed-aspect-21-9 wp-has-aspect-ratio\"><div class=\"wp-block-embed__wrapper\">\n<iframe title=\"Spotify Embed: Cool World\" style=\"border-radius: 12px\" width=\"100%\" height=\"352\" frameborder=\"0\" allowfullscreen allow=\"autoplay; clipboard-write; encrypted-media; fullscreen; picture-in-picture\" loading=\"lazy\" src=\"https:\/\/open.spotify.com\/embed\/album\/3k7GhMNdQ0KXGkC84qVRf2?si=73cq4n0ERziImJZD_-9APw&#038;utm_source=oembed\"><\/iframe>\n<\/div><\/figure>\n\n\n<section class=\"gap-block  section-margin-32 section-margin-32\"><\/section>\n\n\n<section class=\"text-block  section-margin-32\" >\n    <div class=\"container\">\n        <div class=\"row\">\n            <div class=\"col-24\">\n                <div class=\"text-block__content\"><p>Najnowszym dzie\u0142em <strong>Chat Pile<\/strong> jest <strong>&#8220;In The Earth Again&#8221;<\/strong>, do kt\u00f3rego zosta\u0142 zaproszony<strong> Hayden Pedigo<\/strong>. Tw\u00f3rca w rozmowie z Texas Standard opowiedzia\u0142, \u017ce szybko zaprzyja\u017ani\u0142 si\u0119 z zespo\u0142em i wkr\u00f3tce pad\u0142a propozycja wsp\u00f3lnego nagrania albumu. Na pocz\u0105tku pomy\u015bla\u0142, \u017ce ten plan jest niemo\u017cliwy do zrealizowania, poniewa\u017c brzmia\u0142 abstrakcyjnie. Wkr\u00f3tce muzycy przekonali si\u0119, \u017ce \u015bwietnie im si\u0119 wsp\u00f3\u0142pracuje, a efekt mo\u017cemy us\u0142ysze\u0107 ju\u017c teraz.<\/p>\n<\/div>\n            <\/div>\n        <\/div>\n    <\/div>\n<\/section>\n\n\n<figure class=\"wp-block-embed is-type-rich is-provider-spotify wp-block-embed-spotify wp-embed-aspect-21-9 wp-has-aspect-ratio\"><div class=\"wp-block-embed__wrapper\">\n<iframe title=\"Spotify Embed: In the Earth Again\" style=\"border-radius: 12px\" width=\"100%\" height=\"352\" frameborder=\"0\" allowfullscreen allow=\"autoplay; clipboard-write; encrypted-media; fullscreen; picture-in-picture\" loading=\"lazy\" src=\"https:\/\/open.spotify.com\/embed\/album\/5KFvhZwejSylBaPatTFVBA?si=hiDxDZoeSH6ZhZs4u0Av7w&#038;utm_source=oembed\"><\/iframe>\n<\/div><\/figure>\n\n\n<section class=\"gap-block  section-margin-32 section-margin-32\"><\/section>\n\n\n<section class=\"text-block  section-margin-32\" >\n    <div class=\"container\">\n        <div class=\"row\">\n            <div class=\"col-24\">\n                <div class=\"text-block__content\"><h2>Clams Casino<\/h2>\n<p>Uznawany za pioniera<em> cloud rapu<\/em>, wkr\u00f3tce stanie na<strong> OFFowej<\/strong> scenie! Od wielkich marze\u0144, a\u017c po czyny &#8211; tak rozwin\u0119\u0142a si\u0119 kariera ameryka\u0144skiego tw\u00f3rcy, kt\u00f3ry mia\u0142\u00a0szans\u0119 spe\u0142ni\u0107\u00a0swoje brzmieniowe cele i oczarowa\u0107 s\u0142uchaczy na ca\u0142ym \u015bwiecie. Na jego koncie s\u0105\u00a0kooperacje z<strong> Macem Millerem, A$AP Rockym, Joji<\/strong> i nie tylko! A wszystko zacz\u0119\u0142o si\u0119&#8230; gdy dla zabawy zacz\u0105\u0142 tworzy\u0107 beaty, co przyzna\u0142 w rozmowie z RedBull Music Academy. Wszystko robi\u0142 &#8220;dla siebie&#8221; i nawet nie \u015bmia\u0142 pisa\u0107 w sprawie wsp\u00f3\u0142pracy do artyst\u00f3w. Wkr\u00f3tce jego podej\u015bcie si\u0119 zmieni\u0142o i aktywnie zacz\u0105\u0142 podrzuca\u0107 swoje beaty do innych tw\u00f3rc\u00f3w. Kariera<strong> Clams Casino<\/strong> nabra\u0142a rozp\u0119du, a efektem tej pracy jest masa mixtape\u2019\u00f3w, kr\u0105\u017ck\u00f3w, EPek i nie tylko. W rozmowie z How and Echoes wskaza\u0142, \u017ce punktem zwrotnym w jego karierze sta\u0142a si\u0119 kooperacja z<strong> Lil B<\/strong>. Powiedzia\u0142, \u017ce z kawa\u0142ka <strong>&#8220;I\u2019m God&#8221;<\/strong> zaczerpn\u0105\u0142 tytu\u0142<strong> &#8220;32 Levels&#8221;<\/strong>, pod kt\u00f3rego szyldem powsta\u0142a jego debiutancka, pe\u0142noprawna p\u0142yta. <em>&#8220;To naprawd\u0119 pomog\u0142o mi znale\u017a\u0107 kierunek i miejsce, w kt\u00f3rym chcia\u0142em si\u0119 odnale\u017a\u0107 w muzyce i mojej muzycznej to\u017csamo\u015bci&#8221;<\/em> &#8211; wyja\u015bni\u0142<strong> Clams Casino.<\/strong><\/p>\n<p>Pitchfork zauwa\u017cy\u0142, \u017ce wielu tw\u00f3rc\u00f3w pr\u00f3buje go na\u015bladowa\u0107, na co artysta odpowiedzia\u0142:<em> &#8220;My\u015bl\u0119, \u017ce to fajne&#8221;.<\/em> T\u0142umaczy\u0142, \u017ce docenia m\u0142odych ludzi, kt\u00f3rzy rozpoczynaj\u0105 swoj\u0105 muzyczn\u0105 \u015bcie\u017ck\u0119. Przyzna\u0142, \u017ce czasami &#8220;kopiowanie&#8221; sprzyja odkrywaniu w\u0142asnej drogi.<\/p>\n<\/div>\n            <\/div>\n        <\/div>\n    <\/div>\n<\/section>\n\n\n<figure class=\"wp-block-embed is-type-rich is-provider-spotify wp-block-embed-spotify wp-embed-aspect-21-9 wp-has-aspect-ratio\"><div class=\"wp-block-embed__wrapper\">\n<iframe title=\"Spotify Embed: This Is Clams Casino\" style=\"border-radius: 12px\" width=\"100%\" height=\"352\" frameborder=\"0\" allowfullscreen allow=\"autoplay; clipboard-write; encrypted-media; fullscreen; picture-in-picture\" loading=\"lazy\" src=\"https:\/\/open.spotify.com\/embed\/playlist\/37i9dQZF1DZ06evO3feRs1?si=828cd7a5f07241dd&#038;utm_source=oembed\"><\/iframe>\n<\/div><\/figure>\n\n\n<section class=\"gap-block  section-margin-32 section-margin-32\"><\/section>\n\n\n<section class=\"text-block  section-margin-32\" >\n    <div class=\"container\">\n        <div class=\"row\">\n            <div class=\"col-24\">\n                <div class=\"text-block__content\"><h2>Earl Sweatshirt<\/h2>\n<p><em>&#8220;Odkry\u0142em, \u017ce im wi\u0119ksza jasno\u015b\u0107 w \u017cyciu, tym wi\u0119ksza jasno\u015b\u0107 z muzyce&#8221;<\/em> &#8211; powiedzia\u0142 <strong>Earl Sweatshirt<\/strong> dla Clash Music. T\u0142umaczy\u0142, \u017ce sztuka jest dla niego komentarzem i relacj\u0105 z \u017cycia. A tego ma w swoim muzycznym katalogu sporo!<\/p>\n<p>Ameryka\u0144ski raper stawia\u0142\u00a0swoje pierwsze tw\u00f3rcze kroki jako nastolatek, gdy trafi\u0142 do kolektywu<strong> Odd Future<\/strong>, za kt\u00f3rego odpowiada mi\u0119dzy innymi <strong>Tyler, The Creator<\/strong>. Z biegiem lat przyci\u0105gn\u0105\u0142 uwag\u0119 krytyk\u00f3w muzycznych a to wszystko za spraw\u0105 mixtape\u2019a zatytu\u0142owanego &#8211; po prostu &#8211; <strong>&#8220;Earl&#8221;<\/strong>. Jak wspomina Pitchfork, za m\u0142odym tw\u00f3rc\u0105 ci\u0105gn\u0119\u0142a si\u0119 aura tajemnicy, kt\u00f3ra dodatkowo nap\u0119dzi\u0142a liczne zainteresowanie pocz\u0105tkuj\u0105cym raperem. W 2013 roku sprezentowa\u0142 s\u0142uchaczom debiutancki <strong>&#8220;Doris&#8221;<\/strong>, na kt\u00f3rym znale\u017ali si\u0119 <strong>Vince Staples, Tyler, The Creator <\/strong>czy<strong> Mac Miller.<\/strong> Kr\u0105\u017cek niew\u0105tpliwie umocni\u0142 jego pozycj\u0119 w \u015bwiecie rapu i sta\u0142 si\u0119 ogromn\u0105 szans\u0105, by dotrze\u0107 do szerszej publiczno\u015bci. Tym sposobem wyda\u0142 na \u015bwiat pi\u0119\u0107 kr\u0105\u017ck\u00f3w studyjnych, a naj\u015bwie\u017cszy z nich &#8211; <strong>&#8220;Live, Laugh, Love&#8221;<\/strong> &#8211; ujrza\u0142 \u015bwiat\u0142o dzienne w sierpniu.<\/p>\n<p>W tym roku solidnie zaskoczy\u0142 fan\u00f3w, a ju\u017c wkr\u00f3tce stanie na scenie, by zaprezentowa\u0107 na \u017cywo najnowszy repertuar&#8230; i nie tylko! Kilka miesi\u0119cy temu <strong>Earl Sweatshirt<\/strong> opublikowa\u0142 pi\u0105ty kr\u0105\u017cek studyjny, przepe\u0142niony refleksj\u0105 na temat \u017cycia z nieco surrealistycznym podej\u015bciem. Tw\u00f3rca przyzna\u0142, \u017ce nazwa sama do niego przysz\u0142a, a gdy ju\u017c zdecydowa\u0142, \u017ce dzie\u0142o zostanie tak zatytu\u0142owane, reszta &#8220;napisa\u0142a si\u0119 sama&#8221;.<\/p>\n<\/div>\n            <\/div>\n        <\/div>\n    <\/div>\n<\/section>\n\n\n<figure class=\"wp-block-embed is-type-rich is-provider-spotify wp-block-embed-spotify wp-embed-aspect-21-9 wp-has-aspect-ratio\"><div class=\"wp-block-embed__wrapper\">\n<iframe title=\"Spotify Embed: Live Laugh Love\" style=\"border-radius: 12px\" width=\"100%\" height=\"352\" frameborder=\"0\" allowfullscreen allow=\"autoplay; clipboard-write; encrypted-media; fullscreen; picture-in-picture\" loading=\"lazy\" src=\"https:\/\/open.spotify.com\/embed\/album\/45aldsXQsGrQxpst6z2hfR?si=aSs66F4PS9yFVOBeDiGo9g&#038;utm_source=oembed\"><\/iframe>\n<\/div><\/figure>\n\n\n<section class=\"gap-block  section-margin-32 section-margin-32\"><\/section>\n\n\n    <section class=\"events-carousel-block  section-margin-32\"\n        data-events-carousel\n        data-settings='{\"per_view\":5}'\n        data-item-list-name=\"Karuzela niska Polecamy na eBilet.pl\"\n        data-item-list-id=\"karuzela_niska Polecamy na eBilet.pl\"\n        >\n        <div class=\"container\">\n                            <div class=\"row\">\n                    <div class=\"col-24\">\n                        <div class=\"events-carousel-block__title\">\n                            <h2 class=\"typo-h2\">Polecamy na eBilet.pl<\/h2>\n                        <\/div>\n                    <\/div>\n                <\/div>\n                        <div class=\"row\">\n                <div class=\"col-24\">\n                    <div class=\"events-carousel-block__events\">\n                        <div class=\"events-carousel-block__nav events-carousel-block__nav--prev\">\n                            <div class=\"button button--withIcon button--theme-white-blur button--size-fixed-48\" data-events-carousel-prev>\n                                <span class=\"button__icon icon icon-chevron-left\"><\/span>\n                            <\/div>\n                        <\/div>\n                        <div class=\"events-carousel-block__nav events-carousel-block__nav--next\">\n                            <div class=\"button button--withIcon button--theme-white-blur button--size-fixed-48\" data-events-carousel-next>\n                                <span class=\"button__icon icon icon-chevron-right\"><\/span>\n                            <\/div>\n                        <\/div>\n                        <div class=\"events-carousel-block__slider swiper\" data-events-carousel-slider>\n                            <div class=\"events-carousel-block__sliderWrapper swiper-wrapper\">\n                                                                    <div class=\"events-carousel-block__sliderItem swiper-slide\"\n                                        data-id=\"184598\"\n                                        data-name=\"PRAWDZIWY RAP WRACA! Shellerini - Abradab - donGURALesko\"\n                                        data-brand=\"GRYF EVENTS\"\n                                        data-category=\"muzyka\"\n                                        data-subcategory=\"hip-hop-rap\"\n                                        data-city=\"Jelenia G\u00f3ra, Krak\u00f3w, Zabrze\"\n                                        data-venue=\"\">\n                                        \n<div class=\"card-event  card-event--size-small\">\n        <a href=\"https:\/\/www.ebilet.pl\/muzyka\/hip-hop-rap\/prawdziwy-rap-wraca\" target=\"_blank\" class=\"card-event__link\" rel=\"nofollow noopener\"><\/a>\n        <div class=\"card-event__wrapper\">\n        <div class=\"card-event__image\">\n            <img decoding=\"async\" src=\"https:\/\/www.ebilet.pl\/media\/cms\/media\/ygighyxe\/fb_t_o-1.webp\" alt=\"\">\n        <\/div>\n        <div class=\"card-event__data\">\n            <div class=\"card-event__name\">\n                <p>PRAWDZIWY RAP WRACA! Shellerini &#8211; Abradab &#8211; donGURALesko<\/p>\n            <\/div>\n            <div class=\"card-event__date\"><\/div>\n            <div class=\"card-event__location\">Jelenia G\u00f3ra, Krak\u00f3w, Zabrze<\/div>\n        <\/div>\n    <\/div>\n<\/div>                                    <\/div>\n                                                                    <div class=\"events-carousel-block__sliderItem swiper-slide\"\n                                        data-id=\"7250\"\n                                        data-name=\"O.S.T.R. x ELDO - Trasa Specjalna vol.II\"\n                                        data-brand=\"Polor Studio Sp. z o.o.\"\n                                        data-category=\"muzyka\"\n                                        data-subcategory=\"hip-hop-rap\"\n                                        data-city=\"Bielsko-Bia\u0142a, Cz\u0119stochowa, E\u0142k i inne\"\n                                        data-venue=\"E\u0142ckie Centrum Kultury\">\n                                        \n<div class=\"card-event  card-event--size-small\">\n        <a href=\"https:\/\/www.ebilet.pl\/muzyka\/hip-hop-rap\/ostr\" target=\"_blank\" class=\"card-event__link\" rel=\"nofollow noopener\"><\/a>\n        <div class=\"card-event__wrapper\">\n        <div class=\"card-event__image\">\n            <img decoding=\"async\" src=\"https:\/\/www.ebilet.pl\/media\/cms\/media\/xdbdipai\/okladka-656fin.webp\" alt=\"\">\n        <\/div>\n        <div class=\"card-event__data\">\n            <div class=\"card-event__name\">\n                <p>O.S.T.R. x ELDO &#8211; Trasa Specjalna vol.II<\/p>\n            <\/div>\n            <div class=\"card-event__date\"><\/div>\n            <div class=\"card-event__location\">Bielsko-Bia\u0142a, Cz\u0119stochowa, E\u0142k i inne<\/div>\n        <\/div>\n    <\/div>\n<\/div>                                    <\/div>\n                                                                    <div class=\"events-carousel-block__sliderItem swiper-slide\"\n                                        data-id=\"201605\"\n                                        data-name=\"Koncert przy \u015bwiecach: Hip-Hop na smyczkach\"\n                                        data-brand=\"Candle Live Music\"\n                                        data-category=\"muzyka\"\n                                        data-subcategory=\"hip-hop-rap\"\n                                        data-city=\"Krak\u00f3w, Wroc\u0142aw\"\n                                        data-venue=\"Studio Koncertowe Radia Krak\u00f3w im. R. Bobrowskiej\">\n                                        \n<div class=\"card-event  card-event--size-small\">\n        <a href=\"https:\/\/www.ebilet.pl\/muzyka\/hip-hop-rap\/hip-hop-na-smyczkach\" target=\"_blank\" class=\"card-event__link\" rel=\"nofollow noopener\"><\/a>\n        <div class=\"card-event__wrapper\">\n        <div class=\"card-event__image\">\n            <img decoding=\"async\" src=\"https:\/\/www.ebilet.pl\/media\/cms\/media\/wwfdxcs3\/clm-ebilet-hiphop-656x369-ceeda829-9fd1-4aea-b85e-61f997e8af20.webp\" alt=\"\">\n        <\/div>\n        <div class=\"card-event__data\">\n            <div class=\"card-event__name\">\n                <p>Koncert przy \u015bwiecach: Hip-Hop na smyczkach<\/p>\n            <\/div>\n            <div class=\"card-event__date\"><\/div>\n            <div class=\"card-event__location\">Krak\u00f3w, Wroc\u0142aw<\/div>\n        <\/div>\n    <\/div>\n<\/div>                                    <\/div>\n                                                                    <div class=\"events-carousel-block__sliderItem swiper-slide\"\n                                        data-id=\"79196\"\n                                        data-name=\"Rau Performance\"\n                                        data-brand=\"STUDIO SUPER SP\u00d3\u0141KA Z OGRANICZON\u0104 ODPOWIEDZIALNO\u015aCI\u0104\"\n                                        data-category=\"muzyka\"\n                                        data-subcategory=\"hip-hop-rap\"\n                                        data-city=\"Gda\u0144sk, Krak\u00f3w, Warszawa\"\n                                        data-venue=\"Klub Bunkier\">\n                                        \n<div class=\"card-event  card-event--size-small\">\n        <a href=\"https:\/\/www.ebilet.pl\/muzyka\/hip-hop-rap\/rau\" target=\"_blank\" class=\"card-event__link\" rel=\"nofollow noopener\"><\/a>\n        <div class=\"card-event__wrapper\">\n        <div class=\"card-event__image\">\n            <img decoding=\"async\" src=\"https:\/\/www.ebilet.pl\/media\/cms\/media\/0ptlp1qx\/gda-656x369px.webp\" alt=\"\">\n        <\/div>\n        <div class=\"card-event__data\">\n            <div class=\"card-event__name\">\n                <p>Rau Performance<\/p>\n            <\/div>\n            <div class=\"card-event__date\"><\/div>\n            <div class=\"card-event__location\">Gda\u0144sk, Krak\u00f3w, Warszawa<\/div>\n        <\/div>\n    <\/div>\n<\/div>                                    <\/div>\n                                                                    <div class=\"events-carousel-block__sliderItem swiper-slide\"\n                                        data-id=\"194826\"\n                                        data-name=\"50 prze\u0142omowych utwor\u00f3w w historii polskiego hip-hopu vol II \u2014 hosted by O.S.T.R.\"\n                                        data-brand=\"L2L Sp z o.o.\"\n                                        data-category=\"muzyka\"\n                                        data-subcategory=\"hip-hop-rap\"\n                                        data-city=\"\u0141\u00f3d\u017a\"\n                                        data-venue=\"Atlas Arena\">\n                                        \n<div class=\"card-event  card-event--size-small\">\n        <a href=\"https:\/\/www.ebilet.pl\/muzyka\/hip-hop-rap\/50-przelomowych-utworow-w-historii-polskiego-hip-hopu\" target=\"_blank\" class=\"card-event__link\" rel=\"nofollow noopener\"><\/a>\n        <div class=\"card-event__wrapper\">\n        <div class=\"card-event__image\">\n            <img decoding=\"async\" src=\"https:\/\/www.ebilet.pl\/media\/cms\/media\/bxubazz3\/50_hd-1-a4b935f3-74be-470b-9a8f-d87765bdb48b.webp\" alt=\"\">\n        <\/div>\n        <div class=\"card-event__data\">\n            <div class=\"card-event__name\">\n                <p>50 prze\u0142omowych utwor\u00f3w w historii polskiego hip-hopu vol II \u2014 hosted by O.S.T.R.<\/p>\n            <\/div>\n            <div class=\"card-event__date\"><\/div>\n            <div class=\"card-event__location\">\u0141\u00f3d\u017a<\/div>\n        <\/div>\n    <\/div>\n<\/div>                                    <\/div>\n                                                                    <div class=\"events-carousel-block__sliderItem swiper-slide\"\n                                        data-id=\"177001\"\n                                        data-name=\"Hubert. \"\n                                        data-brand=\"SWIK Nasze Miasto Wroc\u0142aw\"\n                                        data-category=\"muzyka\"\n                                        data-subcategory=\"hip-hop-rap\"\n                                        data-city=\"Wroc\u0142aw\"\n                                        data-venue=\"Zakl\u0119te Rewiry\">\n                                        \n<div class=\"card-event  card-event--size-small\">\n        <a href=\"https:\/\/www.ebilet.pl\/muzyka\/hip-hop-rap\/hubert\" target=\"_blank\" class=\"card-event__link\" rel=\"nofollow noopener\"><\/a>\n        <div class=\"card-event__wrapper\">\n        <div class=\"card-event__image\">\n            <img decoding=\"async\" src=\"https:\/\/www.ebilet.pl\/media\/cms\/media\/srgm0txj\/1920x1080-10-1-7d27740f-475b-4bb5-9061-74d127ad45cc.webp\" alt=\"\">\n        <\/div>\n        <div class=\"card-event__data\">\n            <div class=\"card-event__name\">\n                <p>Hubert. <\/p>\n            <\/div>\n            <div class=\"card-event__date\"><\/div>\n            <div class=\"card-event__location\">Wroc\u0142aw<\/div>\n        <\/div>\n    <\/div>\n<\/div>                                    <\/div>\n                                                                    <div class=\"events-carousel-block__sliderItem swiper-slide\"\n                                        data-id=\"194300\"\n                                        data-name=\"Sentino w Letniej Przystani w Brodnicy\"\n                                        data-brand=\"VIP KAZIMIERZ DACHOWSKI\"\n                                        data-category=\"muzyka\"\n                                        data-subcategory=\"hip-hop-rap\"\n                                        data-city=\"Brodnica\"\n                                        data-venue=\"Przysta\u0144 Kajakowa Zakole Drw\u0119cy\">\n                                        \n<div class=\"card-event  card-event--size-small\">\n        <a href=\"https:\/\/www.ebilet.pl\/muzyka\/hip-hop-rap\/sentino-koncert\" target=\"_blank\" class=\"card-event__link\" rel=\"nofollow noopener\"><\/a>\n        <div class=\"card-event__wrapper\">\n        <div class=\"card-event__image\">\n            <img decoding=\"async\" src=\"https:\/\/www.ebilet.pl\/media\/cms\/media\/ciion4mw\/sentino-656x369-bdf88529-37fb-409b-b768-8e84a13599cb.webp\" alt=\"\">\n        <\/div>\n        <div class=\"card-event__data\">\n            <div class=\"card-event__name\">\n                <p>Sentino w Letniej Przystani w Brodnicy<\/p>\n            <\/div>\n            <div class=\"card-event__date\"><\/div>\n            <div class=\"card-event__location\">Brodnica<\/div>\n        <\/div>\n    <\/div>\n<\/div>                                    <\/div>\n                                                                    <div class=\"events-carousel-block__sliderItem swiper-slide\"\n                                        data-id=\"197705\"\n                                        data-name=\"Atmosphere: &quot;Phere and Loathing the unamerican tour 2026&quot;\"\n                                        data-brand=\"Winiary Bookings sp. z o. o.\"\n                                        data-category=\"muzyka\"\n                                        data-subcategory=\"hip-hop-rap\"\n                                        data-city=\"Warszawa\"\n                                        data-venue=\"OCZKI\">\n                                        \n<div class=\"card-event  card-event--size-small\">\n        <a href=\"https:\/\/www.ebilet.pl\/muzyka\/hip-hop-rap\/atmosphere\" target=\"_blank\" class=\"card-event__link\" rel=\"nofollow noopener\"><\/a>\n        <div class=\"card-event__wrapper\">\n        <div class=\"card-event__image\">\n            <img decoding=\"async\" src=\"https:\/\/www.ebilet.pl\/media\/cms\/media\/w4xfq22d\/atmosphere-ebilet-strona-wydarzenia-poziom-warszawa-dd154096-8573-4bf4-8004-012a70c6cb08.webp\" alt=\"\">\n        <\/div>\n        <div class=\"card-event__data\">\n            <div class=\"card-event__name\">\n                <p>Atmosphere: &#8220;Phere and Loathing the unamerican tour 2026&#8221;<\/p>\n            <\/div>\n            <div class=\"card-event__date\"><\/div>\n            <div class=\"card-event__location\">Warszawa<\/div>\n        <\/div>\n    <\/div>\n<\/div>                                    <\/div>\n                                                                    <div class=\"events-carousel-block__sliderItem swiper-slide\"\n                                        data-id=\"102973\"\n                                        data-name=\"Sentino x Fagata x Slowez \"\n                                        data-brand=\"MMW SP\u00d3\u0141KA Z OGRANICZON\u0104 ODPOWIEDZIALNO\u015aCI\u0104\"\n                                        data-category=\"muzyka\"\n                                        data-subcategory=\"hip-hop-rap\"\n                                        data-city=\"Wilga\"\n                                        data-venue=\"Vibe: Przysta\u0144 Wilga\">\n                                        \n<div class=\"card-event  card-event--size-small\">\n        <a href=\"https:\/\/www.ebilet.pl\/muzyka\/hip-hop-rap\/sentino\" target=\"_blank\" class=\"card-event__link\" rel=\"nofollow noopener\"><\/a>\n        <div class=\"card-event__wrapper\">\n        <div class=\"card-event__image\">\n            <img decoding=\"async\" src=\"https:\/\/www.ebilet.pl\/media\/cms\/media\/xlqkmnur\/ok_adka-pozioma-100-1-ece9b7d1-4583-4c8c-920b-d558b3cacc32.webp\" alt=\"\">\n        <\/div>\n        <div class=\"card-event__data\">\n            <div class=\"card-event__name\">\n                <p>Sentino x Fagata x Slowez <\/p>\n            <\/div>\n            <div class=\"card-event__date\"><\/div>\n            <div class=\"card-event__location\">Wilga<\/div>\n        <\/div>\n    <\/div>\n<\/div>                                    <\/div>\n                                                                    <div class=\"events-carousel-block__sliderItem swiper-slide\"\n                                        data-id=\"194285\"\n                                        data-name=\"Amber Mark\"\n                                        data-brand=\"Live Nation\"\n                                        data-category=\"muzyka\"\n                                        data-subcategory=\"hip-hop-rap\"\n                                        data-city=\"Warszawa\"\n                                        data-venue=\"NIEBO\">\n                                        \n<div class=\"card-event  card-event--size-small\">\n        <a href=\"https:\/\/www.ebilet.pl\/muzyka\/hip-hop-rap\/amber-mark\" target=\"_blank\" class=\"card-event__link\" rel=\"nofollow noopener\"><\/a>\n        <div class=\"card-event__wrapper\">\n        <div class=\"card-event__image\">\n            <img decoding=\"async\" src=\"https:\/\/www.ebilet.pl\/media\/cms\/media\/fq5djyuj\/am_656x369.webp\" alt=\"\">\n        <\/div>\n        <div class=\"card-event__data\">\n            <div class=\"card-event__name\">\n                <p>Amber Mark<\/p>\n            <\/div>\n            <div class=\"card-event__date\"><\/div>\n            <div class=\"card-event__location\">Warszawa<\/div>\n        <\/div>\n    <\/div>\n<\/div>                                    <\/div>\n                                                                    <div class=\"events-carousel-block__sliderItem swiper-slide\"\n                                        data-id=\"179940\"\n                                        data-name=\"Warlord Colossus\"\n                                        data-brand=\"Winiary Bookings sp. z o. o.\"\n                                        data-category=\"muzyka\"\n                                        data-subcategory=\"hip-hop-rap\"\n                                        data-city=\"Warszawa\"\n                                        data-venue=\"Chmury\">\n                                        \n<div class=\"card-event  card-event--size-small\">\n        <a href=\"https:\/\/www.ebilet.pl\/muzyka\/hip-hop-rap\/warlord-colossus\" target=\"_blank\" class=\"card-event__link\" rel=\"nofollow noopener\"><\/a>\n        <div class=\"card-event__wrapper\">\n        <div class=\"card-event__image\">\n            <img decoding=\"async\" src=\"https:\/\/www.ebilet.pl\/media\/cms\/media\/423d4byf\/warlord-colossus-ebilet-strona-wydarzenia-poziom-warszawa-kopia.webp\" alt=\"\">\n        <\/div>\n        <div class=\"card-event__data\">\n            <div class=\"card-event__name\">\n                <p>Warlord Colossus<\/p>\n            <\/div>\n            <div class=\"card-event__date\"><\/div>\n            <div class=\"card-event__location\">Warszawa<\/div>\n        <\/div>\n    <\/div>\n<\/div>                                    <\/div>\n                                                                    <div class=\"events-carousel-block__sliderItem swiper-slide\"\n                                        data-id=\"195709\"\n                                        data-name=\"Taco Hemingway 2026 \u2020\u2020\u2020our\"\n                                        data-brand=\"Revolume Sp. z o.o.\"\n                                        data-category=\"muzyka\"\n                                        data-subcategory=\"hip-hop-rap\"\n                                        data-city=\"Gda\u0144sk\/Sopot, Krak\u00f3w, Warszawa i inne\"\n                                        data-venue=\"Hala Stulecia\">\n                                        \n<div class=\"card-event  card-event--size-small\">\n        <a href=\"https:\/\/www.ebilet.pl\/muzyka\/hip-hop-rap\/taco-hemingway\" target=\"_blank\" class=\"card-event__link\" rel=\"nofollow noopener\"><\/a>\n        <div class=\"card-event__wrapper\">\n        <div class=\"card-event__image\">\n            <img decoding=\"async\" src=\"https:\/\/www.ebilet.pl\/media\/cms\/media\/0iplk4pb\/656x359-ogolna.webp\" alt=\"\">\n        <\/div>\n        <div class=\"card-event__data\">\n            <div class=\"card-event__name\">\n                <p>Taco Hemingway 2026 \u2020\u2020\u2020our<\/p>\n            <\/div>\n            <div class=\"card-event__date\"><\/div>\n            <div class=\"card-event__location\">Gda\u0144sk\/Sopot, Krak\u00f3w, Warszawa i inne<\/div>\n        <\/div>\n    <\/div>\n<\/div>                                    <\/div>\n                                                                    <div class=\"events-carousel-block__sliderItem swiper-slide\"\n                                        data-id=\"19052\"\n                                        data-name=\"Cypis\"\n                                        data-brand=\"E2k Sp. z o.o.\"\n                                        data-category=\"muzyka\"\n                                        data-subcategory=\"hip-hop-rap\"\n                                        data-city=\"Katowice\"\n                                        data-venue=\"Energy 2000 Katowice\">\n                                        \n<div class=\"card-event  card-event--size-small\">\n        <a href=\"https:\/\/www.ebilet.pl\/muzyka\/hip-hop-rap\/cypis\" target=\"_blank\" class=\"card-event__link\" rel=\"nofollow noopener\"><\/a>\n        <div class=\"card-event__wrapper\">\n        <div class=\"card-event__image\">\n            <img decoding=\"async\" src=\"https:\/\/www.ebilet.pl\/media\/cms\/media\/13xn3evy\/2026_05_08_cypis_656x369-83f96bbe-95ca-409a-bad3-86d9ffbf511d.webp\" alt=\"\">\n        <\/div>\n        <div class=\"card-event__data\">\n            <div class=\"card-event__name\">\n                <p>Cypis<\/p>\n            <\/div>\n            <div class=\"card-event__date\"><\/div>\n            <div class=\"card-event__location\">Katowice<\/div>\n        <\/div>\n    <\/div>\n<\/div>                                    <\/div>\n                                                                    <div class=\"events-carousel-block__sliderItem swiper-slide\"\n                                        data-id=\"7088\"\n                                        data-name=\"Kaliber 44 \u2013 Po\u017cegnalna Trasa dla Joki\"\n                                        data-brand=\"CENTRALA\"\n                                        data-category=\"muzyka\"\n                                        data-subcategory=\"hip-hop-rap\"\n                                        data-city=\"Gda\u0144sk, Krak\u00f3w, \u0141\u00f3d\u017a i inne\"\n                                        data-venue=\"Klub Studio\">\n                                        \n<div class=\"card-event  card-event--size-small\">\n        <a href=\"https:\/\/www.ebilet.pl\/muzyka\/hip-hop-rap\/kaliber-44\" target=\"_blank\" class=\"card-event__link\" rel=\"nofollow noopener\"><\/a>\n        <div class=\"card-event__wrapper\">\n        <div class=\"card-event__image\">\n            <img decoding=\"async\" src=\"https:\/\/www.ebilet.pl\/media\/cms\/media\/f5ecuycg\/k44_trasa_ttj_656x369_v01.webp\" alt=\"\">\n        <\/div>\n        <div class=\"card-event__data\">\n            <div class=\"card-event__name\">\n                <p>Kaliber 44 \u2013 Po\u017cegnalna Trasa dla Joki<\/p>\n            <\/div>\n            <div class=\"card-event__date\"><\/div>\n            <div class=\"card-event__location\">Gda\u0144sk, Krak\u00f3w, \u0141\u00f3d\u017a i inne<\/div>\n        <\/div>\n    <\/div>\n<\/div>                                    <\/div>\n                                                                    <div class=\"events-carousel-block__sliderItem swiper-slide\"\n                                        data-id=\"198191\"\n                                        data-name=\"24kGoldn\"\n                                        data-brand=\"Big Idea Group sp. z o. o.\"\n                                        data-category=\"muzyka\"\n                                        data-subcategory=\"hip-hop-rap\"\n                                        data-city=\"Warszawa\"\n                                        data-venue=\"Klub Hydrozagadka\">\n                                        \n<div class=\"card-event  card-event--size-small\">\n        <a href=\"https:\/\/www.ebilet.pl\/muzyka\/hip-hop-rap\/24kgoldn\" target=\"_blank\" class=\"card-event__link\" rel=\"nofollow noopener\"><\/a>\n        <div class=\"card-event__wrapper\">\n        <div class=\"card-event__image\">\n            <img decoding=\"async\" src=\"https:\/\/www.ebilet.pl\/media\/cms\/media\/iuojxen5\/tixy-newsletter-2-1-51b4dcc8-bcd8-4135-8785-49adc9f3712c.webp\" alt=\"\">\n        <\/div>\n        <div class=\"card-event__data\">\n            <div class=\"card-event__name\">\n                <p>24kGoldn<\/p>\n            <\/div>\n            <div class=\"card-event__date\"><\/div>\n            <div class=\"card-event__location\">Warszawa<\/div>\n        <\/div>\n    <\/div>\n<\/div>                                    <\/div>\n                                                                    <div class=\"events-carousel-block__sliderItem swiper-slide\"\n                                        data-id=\"205074\"\n                                        data-name=\"Kaskada zaprasza na pok\u0142ad: Karol Guaguo &amp; The Flexatones\"\n                                        data-brand=\"FTR Sp. z o.o.\"\n                                        data-category=\"muzyka\"\n                                        data-subcategory=\"hip-hop-rap\"\n                                        data-city=\"Warszawa\"\n                                        data-venue=\"Barka Kaskada\">\n                                        \n<div class=\"card-event  card-event--size-small\">\n        <a href=\"https:\/\/www.ebilet.pl\/muzyka\/hip-hop-rap\/karol-guaguo\" target=\"_blank\" class=\"card-event__link\" rel=\"nofollow noopener\"><\/a>\n        <div class=\"card-event__wrapper\">\n        <div class=\"card-event__image\">\n            <img decoding=\"async\" src=\"https:\/\/www.ebilet.pl\/media\/cms\/media\/qpihzji1\/guaguo2_1-aef94525-05c7-4229-80a2-32af1a1d57b0.webp\" alt=\"\">\n        <\/div>\n        <div class=\"card-event__data\">\n            <div class=\"card-event__name\">\n                <p>Kaskada zaprasza na pok\u0142ad: Karol Guaguo &#038; The Flexatones<\/p>\n            <\/div>\n            <div class=\"card-event__date\"><\/div>\n            <div class=\"card-event__location\">Warszawa<\/div>\n        <\/div>\n    <\/div>\n<\/div>                                    <\/div>\n                                                                    <div class=\"events-carousel-block__sliderItem swiper-slide\"\n                                        data-id=\"187585\"\n                                        data-name=\"MIU\"\n                                        data-brand=\"E2k Sp. z o.o.\"\n                                        data-category=\"muzyka\"\n                                        data-subcategory=\"hip-hop-rap\"\n                                        data-city=\"Katowice, Przytkowice\"\n                                        data-venue=\"Energy 2000 Przytkowice\">\n                                        \n<div class=\"card-event  card-event--size-small\">\n        <a href=\"https:\/\/www.ebilet.pl\/muzyka\/hip-hop-rap\/miu\" target=\"_blank\" class=\"card-event__link\" rel=\"nofollow noopener\"><\/a>\n        <div class=\"card-event__wrapper\">\n        <div class=\"card-event__image\">\n            <img decoding=\"async\" src=\"https:\/\/www.ebilet.pl\/media\/cms\/media\/cgtjvaiv\/2026_05_15_mi__656x369-156887d0-c599-4e8c-ae26-c074e9dac465.webp\" alt=\"\">\n        <\/div>\n        <div class=\"card-event__data\">\n            <div class=\"card-event__name\">\n                <p>MIU<\/p>\n            <\/div>\n            <div class=\"card-event__date\"><\/div>\n            <div class=\"card-event__location\">Katowice, Przytkowice<\/div>\n        <\/div>\n    <\/div>\n<\/div>                                    <\/div>\n                                                                    <div class=\"events-carousel-block__sliderItem swiper-slide\"\n                                        data-id=\"80961\"\n                                        data-name=\"Kolejna Noc | Wac Toja Showcase x Harmony\"\n                                        data-brand=\"Harmony Poland\"\n                                        data-category=\"muzyka\"\n                                        data-subcategory=\"hip-hop-rap\"\n                                        data-city=\"Katowice\"\n                                        data-venue=\"Cooler Club\">\n                                        \n<div class=\"card-event  card-event--size-small\">\n        <a href=\"https:\/\/www.ebilet.pl\/muzyka\/hip-hop-rap\/wac-toja\" target=\"_blank\" class=\"card-event__link\" rel=\"nofollow noopener\"><\/a>\n        <div class=\"card-event__wrapper\">\n        <div class=\"card-event__image\">\n            <img decoding=\"async\" src=\"https:\/\/www.ebilet.pl\/media\/cms\/media\/1dbgi41b\/ebilet-1m-5e87a9f1-c2cb-48c8-93f3-a9684642f6f0.webp\" alt=\"\">\n        <\/div>\n        <div class=\"card-event__data\">\n            <div class=\"card-event__name\">\n                <p>Kolejna Noc | Wac Toja Showcase x Harmony<\/p>\n            <\/div>\n            <div class=\"card-event__date\"><\/div>\n            <div class=\"card-event__location\">Katowice<\/div>\n        <\/div>\n    <\/div>\n<\/div>                                    <\/div>\n                                                                    <div class=\"events-carousel-block__sliderItem swiper-slide\"\n                                        data-id=\"198170\"\n                                        data-name=\"Xzibit\"\n                                        data-brand=\"Big Idea Group sp. z o. o.\"\n                                        data-category=\"muzyka\"\n                                        data-subcategory=\"hip-hop-rap\"\n                                        data-city=\"Pozna\u0144\"\n                                        data-venue=\"Klub Muzyczny B17\">\n                                        \n<div class=\"card-event  card-event--size-small\">\n        <a href=\"https:\/\/www.ebilet.pl\/muzyka\/hip-hop-rap\/xzibit\" target=\"_blank\" class=\"card-event__link\" rel=\"nofollow noopener\"><\/a>\n        <div class=\"card-event__wrapper\">\n        <div class=\"card-event__image\">\n            <img decoding=\"async\" src=\"https:\/\/www.ebilet.pl\/media\/cms\/media\/32th4p5n\/tixy-cover-event-1-fb3eaa6c-f885-48c0-ab55-08fb259569e0.webp\" alt=\"\">\n        <\/div>\n        <div class=\"card-event__data\">\n            <div class=\"card-event__name\">\n                <p>Xzibit<\/p>\n            <\/div>\n            <div class=\"card-event__date\"><\/div>\n            <div class=\"card-event__location\">Pozna\u0144<\/div>\n        <\/div>\n    <\/div>\n<\/div>                                    <\/div>\n                                                                    <div class=\"events-carousel-block__sliderItem swiper-slide\"\n                                        data-id=\"205797\"\n                                        data-name=\"Ajla &amp; Lowra\"\n                                        data-brand=\"MIH Agency\"\n                                        data-category=\"muzyka\"\n                                        data-subcategory=\"hip-hop-rap\"\n                                        data-city=\"Krak\u00f3w, Warszawa\"\n                                        data-venue=\"Alchemia\">\n                                        \n<div class=\"card-event  card-event--size-small\">\n        <a href=\"https:\/\/www.ebilet.pl\/muzyka\/hip-hop-rap\/ajla-lowra\" target=\"_blank\" class=\"card-event__link\" rel=\"nofollow noopener\"><\/a>\n        <div class=\"card-event__wrapper\">\n        <div class=\"card-event__image\">\n            <img decoding=\"async\" src=\"https:\/\/www.ebilet.pl\/media\/cms\/media\/vnscwejm\/656x369-01acf3cb-a153-4d28-8cef-0b991883002c.webp\" alt=\"\">\n        <\/div>\n        <div class=\"card-event__data\">\n            <div class=\"card-event__name\">\n                <p>Ajla &#038; Lowra<\/p>\n            <\/div>\n            <div class=\"card-event__date\"><\/div>\n            <div class=\"card-event__location\">Krak\u00f3w, Warszawa<\/div>\n        <\/div>\n    <\/div>\n<\/div>                                    <\/div>\n                                                            <\/div>\n                        <\/div>\n                    <\/div>\n                    <div class=\"events-carousel-block__pagination\">\n                        <div class=\"swiper-pagination slider-pagination\" data-events-carousel-pagination><\/div>\n                    <\/div>\n                <\/div>\n            <\/div>\n        <\/div>\n    <\/section>\n\n\n\n<section class=\"text-block  section-margin-32\" >\n    <div class=\"container\">\n        <div class=\"row\">\n            <div class=\"col-24\">\n                <div class=\"text-block__content\"><h2>Oklou<\/h2>\n<p>\u015awie\u017co po studyjnym debiucie &#8211; prosto na OFFow\u0105\u00a0scen\u0119! Chocia\u017c <strong>Oklou<\/strong> tworzy ju\u017c od wielu lat, to dopiero w 2025 roku uraczy\u0142a s\u0142uchaczy pierwszym pe\u0142noprawnym kr\u0105\u017ckiem studyjnym. Artystka w rozmowie z Pitchforkiem przyzna\u0142a, \u017ce gdy nad czym\u015b pracuje, interesuje j\u0105 delikatno\u015b\u0107. Nie podlega w\u0105tpliwo\u015bci, \u017ce <strong>&#8220;choke enough&#8221;<\/strong> odznacza si\u0119 tym elementem.<\/p>\n<\/div>\n            <\/div>\n        <\/div>\n    <\/div>\n<\/section>\n\n\n<figure class=\"wp-block-embed is-type-rich is-provider-spotify wp-block-embed-spotify wp-embed-aspect-21-9 wp-has-aspect-ratio\"><div class=\"wp-block-embed__wrapper\">\n<iframe title=\"Spotify Embed: choke enough\" style=\"border-radius: 12px\" width=\"100%\" height=\"352\" frameborder=\"0\" allowfullscreen allow=\"autoplay; clipboard-write; encrypted-media; fullscreen; picture-in-picture\" loading=\"lazy\" src=\"https:\/\/open.spotify.com\/embed\/album\/4TQqRcEliluExEwsmWVenF?si=PvEr767lSPSBt35JKVxYog&#038;utm_source=oembed\"><\/iframe>\n<\/div><\/figure>\n\n\n<section class=\"gap-block  section-margin-32 section-margin-32\"><\/section>\n\n\n<section class=\"text-block  section-margin-32\" >\n    <div class=\"container\">\n        <div class=\"row\">\n            <div class=\"col-24\">\n                <div class=\"text-block__content\"><p><em>&#8220;Wiele rzeczy zmieni\u0142o si\u0119 w mojej alchemii, w moim m\u00f3zgu&#8221;<\/em> &#8211; <strong>Oklou<\/strong> skomentowa\u0142a proces tw\u00f3rczy w rozmowie z The Fader. Powiedzia\u0142a, \u017ce nowy materia\u0142 jest wynikiem zadawania sobie wielu pyta\u0144 &#8211; <em>Co mnie porusza? Co lubi\u0119 s\u0142ysze\u0107 w tych fragmentach muzyki?<\/em> Jako podstaw\u0119 utwor\u00f3w wymienia oczywi\u015bcie ide\u0119 p\u0119tli, kt\u00f3rej mog\u0142aby s\u0142ucha\u0107 w niesko\u0144czono\u015b\u0107. Wynikiem tej pracy jest 13 kompozycji, kt\u00f3re fani nazwali jako &#8220;uzale\u017cniaj\u0105ce&#8221;. W rozmowie z Paper potwierdzi\u0142a, \u017ce album nie ma jednego etosu &#8211;<em> chodzi o d\u0105\u017cenie do znaczenia, uciekanie od niego i refleksj\u0105 nad odnajdywaniem sensu jako ca\u0142o\u015bci.<\/em><\/p>\n<p>Artystka stwierdzi\u0142a, \u017ce <strong>&#8220;choke enough&#8221;<\/strong> jest dla niej bardzo intensywnym dzie\u0142em:<\/p>\n<\/div>\n            <\/div>\n        <\/div>\n    <\/div>\n<\/section>\n\n\n<section class=\"quote-block  section-margin-32\" >\n    <div class=\"container\">\n        <div class=\"row\">\n            <div class=\"col-24\">\n                <div class=\"quote-block__wrapper\">\n                    <p class=\"quote-block__quote typo-32\">&#8220;Jest pe\u0142en wskaz\u00f3wek, niepewno\u015bci i nieregularno\u015bci, odzwierciedla moje ostatnie lata na tej planecie, poniewa\u017c moje serce i sumienie ca\u0142kowicie si\u0119 ode mnie odwr\u00f3ci\u0142y.&#8221;<\/p>\n                <\/div>\n            <\/div>\n        <\/div>\n    <\/div>\n<\/section>\n\n\n<section class=\"text-block  section-margin-32\" >\n    <div class=\"container\">\n        <div class=\"row\">\n            <div class=\"col-24\">\n                <div class=\"text-block__content\"><p><strong>Oklou<\/strong> podpowiedzia\u0142a, \u017ceby zwr\u00f3ci\u0107 szczeg\u00f3ln\u0105 uwag\u0119 na utw\u00f3r tytu\u0142owy, poniewa\u017c jest dla niej wa\u017cny. Singiel by\u0142 jedn\u0105 z najstarszych pozycji na wydawnictwie i tym samym jej ulubion\u0105 kompozycj\u0105. <em>\u201eSkrywa wa\u017cne pytanie, kt\u00f3re pr\u00f3buj\u0119 poruszy\u0107 na ca\u0142ym albumie: w jakich sytuacjach jeste\u015bmy gotowi si\u0119 znale\u017a\u0107, aby wywo\u0142a\u0107 doznania i dramaturgi\u0119, aby poczu\u0107 si\u0119 \u017cywymi\u201d.<\/em><\/p>\n<\/div>\n            <\/div>\n        <\/div>\n    <\/div>\n<\/section>\n\n\n<figure class=\"wp-block-embed is-type-video is-provider-youtube wp-block-embed-youtube wp-embed-aspect-16-9 wp-has-aspect-ratio\"><div class=\"wp-block-embed__wrapper\">\n<iframe loading=\"lazy\" title=\"Oklou - choke enough (Official Visualizer)\" width=\"500\" height=\"281\" src=\"https:\/\/www.youtube.com\/embed\/aX8-zPSZBVk?feature=oembed\" frameborder=\"0\" allow=\"accelerometer; autoplay; clipboard-write; encrypted-media; gyroscope; picture-in-picture; web-share\" referrerpolicy=\"strict-origin-when-cross-origin\" allowfullscreen><\/iframe>\n<\/div><\/figure>\n\n\n<section class=\"gap-block  section-margin-32 section-margin-32\"><\/section>\n\n\n<section  class=\"article-bullet-list  section-margin-32\">\n    <div class=\"container\">\n        <div class=\"row\">\n            <div class=\"col-24\">\n                                <div class=\"article-bullet-list__title\">\n                    <p class=\"typo-18\">Przeczytaj te\u017c:<\/p>\n                <\/div>\n                                <div class=\"article-bullet-list text-block\">\n                    <div class=\"text-block__content\">\n                        <ul>\n                                                        <li>\n                                <a href=\"https:\/\/www.ebilet.pl\/now\/fontaines-d-c-irlandzki-glos-ktory-pokochaly-tlumy\/\">\n                                    <span>Fontaines D.C.\u00a0&#8211; irlandzki g\u0142os, kt\u00f3ry pokocha\u0142y t\u0142umy<\/span>\n                                <\/a>\n                            <\/li>\n                                                        <li>\n                                <a href=\"https:\/\/www.ebilet.pl\/now\/kraftwerk-narodziny-elektronicznej-legendy\/\">\n                                    <span>Kraftwerk &#8211; narodziny elektronicznej legendy<\/span>\n                                <\/a>\n                            <\/li>\n                                                        <li>\n                                <a href=\"https:\/\/www.ebilet.pl\/now\/james-blake-w-swiecie-dubu-i-nie-tylko\/\">\n                                    <span>James Blake &#8211; w\u00a0\u015bwiecie dubu&#8230; i nie tylko!<\/span>\n                                <\/a>\n                            <\/li>\n                                                    <\/ul>\n                    <\/div>\n                <\/div>\n            <\/div>\n        <\/div>\n    <\/div>\n<\/section>\n\n\n<section class=\"events-slider-block  section-margin-32\" data-events-slider-block data-carousel-title=\"Gor\u0105ce wydarzenia\" data-carousel-type=\"karuzela_z_t\u0142em\" data-item-list-name=\"Karuzela z t\u0142em Gor\u0105ce wydarzenia\" data-item-list-id=\"karuzela_z_t\u0142em Gor\u0105ce wydarzenia\" >\n    <div class=\"container\">\n        <div class=\"row\">\n            <div class=\"col-24\">\n                <div class=\"events-slider-block__wrapper\">\n                                            <div class=\"events-slider-block__bg\"><img loading=\"lazy\" decoding=\"async\" width=\"2560\" height=\"1706\" src=\"https:\/\/www.ebilet.pl\/now\/app\/uploads\/2024\/01\/shutterstock_611546264-scaled.jpg\" class=\"attachment-full size-full\" alt=\"T\u0142um na koncercie - letni festiwal muzyczny\" srcset=\"https:\/\/www.ebilet.pl\/now\/app\/uploads\/2024\/01\/shutterstock_611546264-scaled.jpg 2560w, https:\/\/www.ebilet.pl\/now\/app\/uploads\/2024\/01\/shutterstock_611546264-1024x683.jpg 1024w, https:\/\/www.ebilet.pl\/now\/app\/uploads\/2024\/01\/shutterstock_611546264-1536x1024.jpg 1536w, https:\/\/www.ebilet.pl\/now\/app\/uploads\/2024\/01\/shutterstock_611546264-2048x1365.jpg 2048w, https:\/\/www.ebilet.pl\/now\/app\/uploads\/2024\/01\/shutterstock_611546264-1280x853.jpg 1280w, https:\/\/www.ebilet.pl\/now\/app\/uploads\/2024\/01\/shutterstock_611546264-500x333.jpg 500w, https:\/\/www.ebilet.pl\/now\/app\/uploads\/2024\/01\/shutterstock_611546264-632x421.jpg 632w\" sizes=\"(max-width: 2560px) 100vw, 2560px\" \/><\/div>\n                                                                <div class=\"events-slider-block__top\">\n                                                            <div class=\"events-slider-block__title desktop\">\n                                    <h2 class=\"typo-h2\">Gor\u0105ce wydarzenia<\/h2>\n                                <\/div>\n                                                                                        <div class=\"events-slider-block__title mobile\">\n                                    <h2 class=\"typo-h2\">Gor\u0105ce wydarzenia<\/h2>\n                                <\/div>\n                                                    <\/div>\n                                                                <div class=\"events-slider-block__main\">\n                            <div class=\"events-slider-block__nav events-slider-block__nav--prev\">\n                                <div class=\"button button--withIcon button--theme-white-blur button--size-fixed-48\" data-events-prev>\n                                    <span class=\"button__icon icon icon-chevron-left\"><\/span>\n                                <\/div>\n                            <\/div>\n                            <div class=\"events-slider-block__nav events-slider-block__nav--next\">\n                                <div class=\"button button--withIcon button--theme-white-blur button--size-fixed-48\" data-events-next>\n                                    <span class=\"button__icon icon icon-chevron-right\"><\/span>\n                                <\/div>\n                            <\/div>\n                            <div class=\"events-slider-block__slider\">\n                                <div class=\"swiper\" data-events-slider>\n                                    <div class=\"events-slider-block__sliderWrapper swiper-wrapper\">\n\n                                        \n                                            <div class=\"events-slider-block__sliderItem swiper-slide event-card\"\n                                                data-id=\"63906\"\n                                                data-name=\"Mecze towarzyskie Reprezentacji Polski m\u0119\u017cczyzn w siatk\u00f3wce\"\n                                                data-brand=\"Polska Siatk\u00f3wka Sp. z o.o.\"\n                                                data-category=\"sport\"\n                                                data-subcategory=\"sporty-druzynowe\"\n                                                data-city=\"Katowice, Sosnowiec\"\n                                                data-venue=\"ArcelorMittal Park w Sosnowcu\">\n                                                \n<div class=\"card-event  card-event--size-small\">\n        <a href=\"https:\/\/www.ebilet.pl\/sport\/sporty-druzynowe\/mecz-siatkowki\" target=\"_blank\" class=\"card-event__link\" rel=\"nofollow noopener\"><\/a>\n        <div class=\"card-event__wrapper\">\n        <div class=\"card-event__image\">\n            <img decoding=\"async\" src=\"https:\/\/www.ebilet.pl\/media\/cms\/media\/paxoijep\/mecz-1-e7ebdff4-0eeb-4b41-87f8-b8cc79cca9e1.webp\" alt=\"\">\n        <\/div>\n        <div class=\"card-event__data\">\n            <div class=\"card-event__name\">\n                <p>Mecze towarzyskie Reprezentacji Polski m\u0119\u017cczyzn w siatk\u00f3wce<\/p>\n            <\/div>\n            <div class=\"card-event__date\">20.05.2026-20.05.2026<\/div>\n            <div class=\"card-event__location\">Katowice, Sosnowiec<\/div>\n        <\/div>\n    <\/div>\n<\/div>                                            <\/div>\n                                        \n                                            <div class=\"events-slider-block__sliderItem swiper-slide event-card\"\n                                                data-id=\"13630\"\n                                                data-name=\"M\u0119skie Granie 2026\"\n                                                data-brand=\"LIVE Sp. z o.o.\"\n                                                data-category=\"muzyka\"\n                                                data-subcategory=\"festiwale\"\n                                                data-city=\"Gda\u0144sk, Krak\u00f3w, Pozna\u0144 i inne\"\n                                                data-venue=\"\u017bywiec Amfiteatr pod Grojcem\">\n                                                \n<div class=\"card-event  card-event--size-small\">\n        <a href=\"https:\/\/www.ebilet.pl\/muzyka\/festiwale\/meskie-granie\" target=\"_blank\" class=\"card-event__link\" rel=\"nofollow noopener\"><\/a>\n        <div class=\"card-event__wrapper\">\n        <div class=\"card-event__image\">\n            <img decoding=\"async\" src=\"https:\/\/www.ebilet.pl\/media\/cms\/media\/otqfs0tb\/552x736-11-18222119-c0b1-48d3-9da6-2d9f34d401ee.webp\" alt=\"\">\n        <\/div>\n        <div class=\"card-event__data\">\n            <div class=\"card-event__name\">\n                <p>M\u0119skie Granie 2026<\/p>\n            <\/div>\n            <div class=\"card-event__date\">26.06.2026-26.06.2026<\/div>\n            <div class=\"card-event__location\">Gda\u0144sk, Krak\u00f3w, Pozna\u0144 i inne<\/div>\n        <\/div>\n    <\/div>\n<\/div>                                            <\/div>\n                                        \n                                            <div class=\"events-slider-block__sliderItem swiper-slide event-card\"\n                                                data-id=\"146847\"\n                                                data-name=\"Gdzie na maj\u00f3wk\u0119 2026?\"\n                                                data-brand=\"eBilet\"\n                                                data-category=\"biznes\"\n                                                data-subcategory=\"pozostale\"\n                                                data-city=\"\"\n                                                data-venue=\"\">\n                                                \n<div class=\"card-event  card-event--size-small\">\n        <a href=\"https:\/\/www.ebilet.pl\/biznes\/pozostale\/majowka\" target=\"_blank\" class=\"card-event__link\" rel=\"nofollow noopener\"><\/a>\n        <div class=\"card-event__wrapper\">\n        <div class=\"card-event__image\">\n            <img decoding=\"async\" src=\"https:\/\/www.ebilet.pl\/media\/cms\/media\/0ykhdlea\/552x736.webp\" alt=\"\">\n        <\/div>\n        <div class=\"card-event__data\">\n            <div class=\"card-event__name\">\n                <p>Gdzie na maj\u00f3wk\u0119 2026?<\/p>\n            <\/div>\n            <div class=\"card-event__date\"><\/div>\n            <div class=\"card-event__location\"><\/div>\n        <\/div>\n    <\/div>\n<\/div>                                            <\/div>\n                                        \n                                            <div class=\"events-slider-block__sliderItem swiper-slide event-card\"\n                                                data-id=\"10086\"\n                                                data-name=\"Orange Warsaw Festival 2026\"\n                                                data-brand=\"Alter Art\"\n                                                data-category=\"muzyka\"\n                                                data-subcategory=\"festiwale\"\n                                                data-city=\"Warszawa\"\n                                                data-venue=\"Tor Wy\u015bcig\u00f3w Konnych Warszawa - S\u0142u\u017cewiec\">\n                                                \n<div class=\"card-event  card-event--size-small\">\n        <a href=\"https:\/\/www.ebilet.pl\/muzyka\/festiwale\/orange-warsaw-festival\" target=\"_blank\" class=\"card-event__link\" rel=\"nofollow noopener\"><\/a>\n        <div class=\"card-event__wrapper\">\n        <div class=\"card-event__image\">\n            <img decoding=\"async\" src=\"https:\/\/www.ebilet.pl\/media\/cms\/media\/bxnh21tr\/owf_2026_ebilet_552x736-94c1b52f-1e91-4861-ba57-03b21dcd6346.webp\" alt=\"\">\n        <\/div>\n        <div class=\"card-event__data\">\n            <div class=\"card-event__name\">\n                <p>Orange Warsaw Festival 2026<\/p>\n            <\/div>\n            <div class=\"card-event__date\">29.05.2026-29.05.2026<\/div>\n            <div class=\"card-event__location\">Warszawa<\/div>\n        <\/div>\n    <\/div>\n<\/div>                                            <\/div>\n                                        \n                                            <div class=\"events-slider-block__sliderItem swiper-slide event-card\"\n                                                data-id=\"205645\"\n                                                data-name=\"Bezpieczna odsprzeda\u017c w apce eBilet\"\n                                                data-brand=\"eBilet\"\n                                                data-category=\"biznes\"\n                                                data-subcategory=\"pozostale\"\n                                                data-city=\"\"\n                                                data-venue=\"\">\n                                                \n<div class=\"card-event  card-event--size-small\">\n        <a href=\"https:\/\/www.ebilet.pl\/biznes\/pozostale\/odsprzedaz\" target=\"_blank\" class=\"card-event__link\" rel=\"nofollow noopener\"><\/a>\n        <div class=\"card-event__wrapper\">\n        <div class=\"card-event__image\">\n            <img decoding=\"async\" src=\"https:\/\/www.ebilet.pl\/media\/cms\/media\/lkwf0krx\/552x736-1.webp\" alt=\"\">\n        <\/div>\n        <div class=\"card-event__data\">\n            <div class=\"card-event__name\">\n                <p>Bezpieczna odsprzeda\u017c w apce eBilet<\/p>\n            <\/div>\n            <div class=\"card-event__date\"><\/div>\n            <div class=\"card-event__location\"><\/div>\n        <\/div>\n    <\/div>\n<\/div>                                            <\/div>\n                                        \n                                            <div class=\"events-slider-block__sliderItem swiper-slide event-card\"\n                                                data-id=\"7104\"\n                                                data-name=\"Open&#039;er Festival 2026\"\n                                                data-brand=\"Alter Art\"\n                                                data-category=\"muzyka\"\n                                                data-subcategory=\"festiwale\"\n                                                data-city=\"Gdynia\"\n                                                data-venue=\"Lotnisko Gdynia - Kosakowo\">\n                                                \n<div class=\"card-event  card-event--size-small\">\n        <a href=\"https:\/\/www.ebilet.pl\/muzyka\/festiwale\/opener-festival\" target=\"_blank\" class=\"card-event__link\" rel=\"nofollow noopener\"><\/a>\n        <div class=\"card-event__wrapper\">\n        <div class=\"card-event__image\">\n            <img decoding=\"async\" src=\"https:\/\/www.ebilet.pl\/media\/cms\/media\/qvef4ie4\/opener2026_552x736-e8fd0918-0d0e-47d3-bbe0-f4f0302085e4.webp\" alt=\"\">\n        <\/div>\n        <div class=\"card-event__data\">\n            <div class=\"card-event__name\">\n                <p>Open&#8217;er Festival 2026<\/p>\n            <\/div>\n            <div class=\"card-event__date\">29.05.2026-29.05.2026<\/div>\n            <div class=\"card-event__location\">Gdynia<\/div>\n        <\/div>\n    <\/div>\n<\/div>                                            <\/div>\n                                        \n                                            <div class=\"events-slider-block__sliderItem swiper-slide event-card\"\n                                                data-id=\"94598\"\n                                                data-name=\"FAME 31\"\n                                                data-brand=\"Fame MMA\"\n                                                data-category=\"sport\"\n                                                data-subcategory=\"sporty-walki\"\n                                                data-city=\"Koszalin\"\n                                                data-venue=\"Hala Widowiskowo-Sportowa w Koszalinie\">\n                                                \n<div class=\"card-event  card-event--size-small\">\n        <a href=\"https:\/\/www.ebilet.pl\/sport\/sporty-walki\/fame-mma\" target=\"_blank\" class=\"card-event__link\" rel=\"nofollow noopener\"><\/a>\n        <div class=\"card-event__wrapper\">\n        <div class=\"card-event__image\">\n            <img decoding=\"async\" src=\"https:\/\/www.ebilet.pl\/media\/cms\/media\/24lbxjty\/fame31-cover-ebilet-552x736.webp\" alt=\"\">\n        <\/div>\n        <div class=\"card-event__data\">\n            <div class=\"card-event__name\">\n                <p>FAME 31<\/p>\n            <\/div>\n            <div class=\"card-event__date\">09.05.2026-09.05.2026<\/div>\n            <div class=\"card-event__location\">Koszalin<\/div>\n        <\/div>\n    <\/div>\n<\/div>                                            <\/div>\n                                        \n                                            <div class=\"events-slider-block__sliderItem swiper-slide event-card\"\n                                                data-id=\"121727\"\n                                                data-name=\"Rzeszowskie Juwenalia 2026\"\n                                                data-brand=\"BREND GROUP SP\u00d3\u0141KA Z OGRANICZON\u0104 ODPOWIEDZIALNO\u015aCI\u0104\"\n                                                data-category=\"muzyka\"\n                                                data-subcategory=\"festiwale\"\n                                                data-city=\"Rzesz\u00f3w\"\n                                                data-venue=\"\">\n                                                \n<div class=\"card-event  card-event--size-small\">\n        <a href=\"https:\/\/www.ebilet.pl\/muzyka\/festiwale\/rzeszowskie-juwenalia\" target=\"_blank\" class=\"card-event__link\" rel=\"nofollow noopener\"><\/a>\n        <div class=\"card-event__wrapper\">\n        <div class=\"card-event__image\">\n            <img decoding=\"async\" src=\"https:\/\/www.ebilet.pl\/media\/cms\/media\/mmxfjquy\/rzj_ebilet-ok_adka-pion-c1e9f827-0b41-4d73-81c6-5531b20e6005.webp\" alt=\"\">\n        <\/div>\n        <div class=\"card-event__data\">\n            <div class=\"card-event__name\">\n                <p>Rzeszowskie Juwenalia 2026<\/p>\n            <\/div>\n            <div class=\"card-event__date\"><\/div>\n            <div class=\"card-event__location\">Rzesz\u00f3w<\/div>\n        <\/div>\n    <\/div>\n<\/div>                                            <\/div>\n                                        \n                                            <div class=\"events-slider-block__sliderItem swiper-slide event-card\"\n                                                data-id=\"204457\"\n                                                data-name=\"Arcane Epic Symphony\"\n                                                data-brand=\"Stowarzyszenie Klub Fantastyki \u201eDruga Era\u201d\"\n                                                data-category=\"klasyka\"\n                                                data-subcategory=\"muzyka-filmowa\"\n                                                data-city=\"Pozna\u0144\"\n                                                data-venue=\"MTP - Mi\u0119dzynarodowe Targi Pozna\u0144skie\">\n                                                \n<div class=\"card-event  card-event--size-small\">\n        <a href=\"https:\/\/www.ebilet.pl\/klasyka\/muzyka-filmowa\/arcane-epic-symphony\" target=\"_blank\" class=\"card-event__link\" rel=\"nofollow noopener\"><\/a>\n        <div class=\"card-event__wrapper\">\n        <div class=\"card-event__image\">\n            <img decoding=\"async\" src=\"https:\/\/www.ebilet.pl\/media\/cms\/media\/soxe2fiy\/p2026_arcane_552x736_1-1-dbdc60e7-ee87-42b6-9944-2c2990e9cc79.webp\" alt=\"\">\n        <\/div>\n        <div class=\"card-event__data\">\n            <div class=\"card-event__name\">\n                <p>Arcane Epic Symphony<\/p>\n            <\/div>\n            <div class=\"card-event__date\">21.06.2026-21.06.2026<\/div>\n            <div class=\"card-event__location\">Pozna\u0144<\/div>\n        <\/div>\n    <\/div>\n<\/div>                                            <\/div>\n                                        \n                                            <div class=\"events-slider-block__sliderItem swiper-slide event-card\"\n                                                data-id=\"169470\"\n                                                data-name=\"Morrissey\"\n                                                data-brand=\"Winiary Bookings sp. z o. o.\"\n                                                data-category=\"muzyka\"\n                                                data-subcategory=\"rock\"\n                                                data-city=\"Warszawa\"\n                                                data-venue=\"Letnia Scena Progresji\">\n                                                \n<div class=\"card-event  card-event--size-small\">\n        <a href=\"https:\/\/www.ebilet.pl\/muzyka\/rock\/morrissey\" target=\"_blank\" class=\"card-event__link\" rel=\"nofollow noopener\"><\/a>\n        <div class=\"card-event__wrapper\">\n        <div class=\"card-event__image\">\n            <img decoding=\"async\" src=\"https:\/\/www.ebilet.pl\/media\/cms\/media\/v0fhczer\/morrissey-ebilet-strona-wydarzenia-pion-warszawa-2b0fb3a5-f2dd-4773-8334-2fab1e2a5a89.webp\" alt=\"\">\n        <\/div>\n        <div class=\"card-event__data\">\n            <div class=\"card-event__name\">\n                <p>Morrissey<\/p>\n            <\/div>\n            <div class=\"card-event__date\">09.07.2026-09.07.2026<\/div>\n            <div class=\"card-event__location\">Warszawa<\/div>\n        <\/div>\n    <\/div>\n<\/div>                                            <\/div>\n                                        \n                                            <div class=\"events-slider-block__sliderItem swiper-slide event-card\"\n                                                data-id=\"203961\"\n                                                data-name=\"Circoloco Warsaw\"\n                                                data-brand=\"Awake Events Sp. z o.o.\"\n                                                data-category=\"muzyka\"\n                                                data-subcategory=\"festiwale\"\n                                                data-city=\"Warszawa\"\n                                                data-venue=\"Pa\u0142ac w Wilanowie\">\n                                                \n<div class=\"card-event  card-event--size-small\">\n        <a href=\"https:\/\/www.ebilet.pl\/muzyka\/festiwale\/circoloco-warsaw\" target=\"_blank\" class=\"card-event__link\" rel=\"nofollow noopener\"><\/a>\n        <div class=\"card-event__wrapper\">\n        <div class=\"card-event__image\">\n            <img decoding=\"async\" src=\"https:\/\/www.ebilet.pl\/media\/cms\/media\/moylgab4\/strona-wydarzenia-pion-a2233c6c-8b45-46d1-88c7-c2b6d8631f7f.webp\" alt=\"\">\n        <\/div>\n        <div class=\"card-event__data\">\n            <div class=\"card-event__name\">\n                <p>Circoloco Warsaw<\/p>\n            <\/div>\n            <div class=\"card-event__date\">09.05.2026-09.05.2026<\/div>\n            <div class=\"card-event__location\">Warszawa<\/div>\n        <\/div>\n    <\/div>\n<\/div>                                            <\/div>\n                                        \n                                            <div class=\"events-slider-block__sliderItem swiper-slide event-card\"\n                                                data-id=\"29716\"\n                                                data-name=\"ATB | FINAL CHAPTER | POLAND TOUR\"\n                                                data-brand=\"HOT STAFF\"\n                                                data-category=\"muzyka\"\n                                                data-subcategory=\"elektro-techno\"\n                                                data-city=\"Bia\u0142ystok, Bydgoszcz, Gdynia i inne\"\n                                                data-venue=\"Wakepark Bydgoszcz\/My\u015bl\u0119cinek\">\n                                                \n<div class=\"card-event  card-event--size-small\">\n        <a href=\"https:\/\/www.ebilet.pl\/muzyka\/elektro-techno\/atb\" target=\"_blank\" class=\"card-event__link\" rel=\"nofollow noopener\"><\/a>\n        <div class=\"card-event__wrapper\">\n        <div class=\"card-event__image\">\n            <img decoding=\"async\" src=\"https:\/\/www.ebilet.pl\/media\/cms\/media\/lfio3ow5\/ebilet-pion-2.webp\" alt=\"\">\n        <\/div>\n        <div class=\"card-event__data\">\n            <div class=\"card-event__name\">\n                <p>ATB | FINAL CHAPTER | POLAND TOUR<\/p>\n            <\/div>\n            <div class=\"card-event__date\">28.08.2026-28.08.2026<\/div>\n            <div class=\"card-event__location\">Bia\u0142ystok, Bydgoszcz, Gdynia i inne<\/div>\n        <\/div>\n    <\/div>\n<\/div>                                            <\/div>\n                                        \n                                            <div class=\"events-slider-block__sliderItem swiper-slide event-card\"\n                                                data-id=\"77334\"\n                                                data-name=\"OneRepublic\"\n                                                data-brand=\"Live Nation\"\n                                                data-category=\"muzyka\"\n                                                data-subcategory=\"pop\"\n                                                data-city=\"Krak\u00f3w\"\n                                                data-venue=\"TAURON Arena Krak\u00f3w\">\n                                                \n<div class=\"card-event  card-event--size-small\">\n        <a href=\"https:\/\/www.ebilet.pl\/muzyka\/pop\/onerepublic\" target=\"_blank\" class=\"card-event__link\" rel=\"nofollow noopener\"><\/a>\n        <div class=\"card-event__wrapper\">\n        <div class=\"card-event__image\">\n            <img decoding=\"async\" src=\"https:\/\/www.ebilet.pl\/media\/cms\/media\/lpojz0b2\/or_552x736-d7c2e53e-d6f0-453c-b540-3c006a0c9314.webp\" alt=\"\">\n        <\/div>\n        <div class=\"card-event__data\">\n            <div class=\"card-event__name\">\n                <p>OneRepublic<\/p>\n            <\/div>\n            <div class=\"card-event__date\">30.06.2026-30.06.2026<\/div>\n            <div class=\"card-event__location\">Krak\u00f3w<\/div>\n        <\/div>\n    <\/div>\n<\/div>                                            <\/div>\n                                        \n                                            <div class=\"events-slider-block__sliderItem swiper-slide event-card\"\n                                                data-id=\"204533\"\n                                                data-name=\"Wiktor Walig\u00f3ra &quot;Kr\u00f3tka trasa o mi\u0142o\u015bci&quot; 2026\"\n                                                data-brand=\"Papulos Karol Papa\u0142a\"\n                                                data-category=\"muzyka\"\n                                                data-subcategory=\"pop\"\n                                                data-city=\"Gda\u0144sk, Katowice, Pozna\u0144 i inne\"\n                                                data-venue=\"Terminal Kultury Goc\u0142aw\">\n                                                \n<div class=\"card-event  card-event--size-small\">\n        <a href=\"https:\/\/www.ebilet.pl\/muzyka\/pop\/wiktor-waligora\" target=\"_blank\" class=\"card-event__link\" rel=\"nofollow noopener\"><\/a>\n        <div class=\"card-event__wrapper\">\n        <div class=\"card-event__image\">\n            <img decoding=\"async\" src=\"https:\/\/www.ebilet.pl\/media\/cms\/media\/34smsqbc\/wiktorwaligora_552x736-e29b4205-212f-42ba-82b8-4bffd31ac6e4.webp\" alt=\"\">\n        <\/div>\n        <div class=\"card-event__data\">\n            <div class=\"card-event__name\">\n                <p>Wiktor Walig\u00f3ra &#8220;Kr\u00f3tka trasa o mi\u0142o\u015bci&#8221; 2026<\/p>\n            <\/div>\n            <div class=\"card-event__date\">02.10.2026-02.10.2026<\/div>\n            <div class=\"card-event__location\">Gda\u0144sk, Katowice, Pozna\u0144 i inne<\/div>\n        <\/div>\n    <\/div>\n<\/div>                                            <\/div>\n                                        \n                                            <div class=\"events-slider-block__sliderItem swiper-slide event-card\"\n                                                data-id=\"48780\"\n                                                data-name=\"Mistrzostwa \u015awiata w koszyk\u00f3wce 3x3 2026\"\n                                                data-brand=\"Polski Zwi\u0105zek Koszyk\u00f3wki\"\n                                                data-category=\"sport\"\n                                                data-subcategory=\"sporty-druzynowe\"\n                                                data-city=\"Warszawa\"\n                                                data-venue=\"Plac Defilad \">\n                                                \n<div class=\"card-event  card-event--size-small\">\n        <a href=\"https:\/\/www.ebilet.pl\/sport\/sporty-druzynowe\/koszykowka\" target=\"_blank\" class=\"card-event__link\" rel=\"nofollow noopener\"><\/a>\n        <div class=\"card-event__wrapper\">\n        <div class=\"card-event__image\">\n            <img decoding=\"async\" src=\"https:\/\/www.ebilet.pl\/media\/cms\/media\/40dkh4qd\/552x739-961a0af8-0c70-4f76-b55e-bf23fa63fae4.webp\" alt=\"\">\n        <\/div>\n        <div class=\"card-event__data\">\n            <div class=\"card-event__name\">\n                <p>Mistrzostwa \u015awiata w koszyk\u00f3wce 3&#215;3 2026<\/p>\n            <\/div>\n            <div class=\"card-event__date\">01.06.2026-01.06.2026<\/div>\n            <div class=\"card-event__location\">Warszawa<\/div>\n        <\/div>\n    <\/div>\n<\/div>                                            <\/div>\n                                        \n                                            <div class=\"events-slider-block__sliderItem swiper-slide event-card\"\n                                                data-id=\"202003\"\n                                                data-name=\"WWOFF\"\n                                                data-brand=\"Muzk Festival Sp. z o.o.\"\n                                                data-category=\"muzyka\"\n                                                data-subcategory=\"hip-hop-rap\"\n                                                data-city=\"Warszawa\"\n                                                data-venue=\"Hala COS Torwar \">\n                                                \n<div class=\"card-event  card-event--size-small\">\n        <a href=\"https:\/\/www.ebilet.pl\/muzyka\/hip-hop-rap\/wwo\" target=\"_blank\" class=\"card-event__link\" rel=\"nofollow noopener\"><\/a>\n        <div class=\"card-event__wrapper\">\n        <div class=\"card-event__image\">\n            <img decoding=\"async\" src=\"https:\/\/www.ebilet.pl\/media\/cms\/media\/lranufrb\/portal-552x736a-f8052143-48fb-4e28-9564-7ff2fa400f8b.webp\" alt=\"\">\n        <\/div>\n        <div class=\"card-event__data\">\n            <div class=\"card-event__name\">\n                <p>WWOFF<\/p>\n            <\/div>\n            <div class=\"card-event__date\">26.11.2026-26.11.2026<\/div>\n            <div class=\"card-event__location\">Warszawa<\/div>\n        <\/div>\n    <\/div>\n<\/div>                                            <\/div>\n                                        \n                                            <div class=\"events-slider-block__sliderItem swiper-slide event-card\"\n                                                data-id=\"37617\"\n                                                data-name=\"Editors\"\n                                                data-brand=\"Alter Art\"\n                                                data-category=\"muzyka\"\n                                                data-subcategory=\"rock\"\n                                                data-city=\"\"\n                                                data-venue=\"Klub Stodo\u0142a\">\n                                                \n<div class=\"card-event  card-event--size-small\">\n        <a href=\"https:\/\/www.ebilet.pl\/muzyka\/rock\/editors\" target=\"_blank\" class=\"card-event__link\" rel=\"nofollow noopener\"><\/a>\n        <div class=\"card-event__wrapper\">\n        <div class=\"card-event__image\">\n            <img decoding=\"async\" src=\"https:\/\/www.ebilet.pl\/media\/cms\/media\/cbfdkmu2\/editors_2027_552x736_ebilet-7c254908-ec0a-4f27-8a1c-ff7961cef0cd.webp\" alt=\"\">\n        <\/div>\n        <div class=\"card-event__data\">\n            <div class=\"card-event__name\">\n                <p>Editors<\/p>\n            <\/div>\n            <div class=\"card-event__date\"><\/div>\n            <div class=\"card-event__location\"><\/div>\n        <\/div>\n    <\/div>\n<\/div>                                            <\/div>\n                                        \n                                            <div class=\"events-slider-block__sliderItem swiper-slide event-card\"\n                                                data-id=\"8112\"\n                                                data-name=\"21. Tauron Nowa Muzyka Katowice 2026\"\n                                                data-brand=\"Fundacja Nowa Muzyka Katowice\"\n                                                data-category=\"muzyka\"\n                                                data-subcategory=\"festiwale\"\n                                                data-city=\"Katowice\"\n                                                data-venue=\"Narodowa Orkiestra Symfoniczna Polskiego Radia - NOSPR\">\n                                                \n<div class=\"card-event  card-event--size-small\">\n        <a href=\"https:\/\/www.ebilet.pl\/muzyka\/festiwale\/tauron-nowa-muzyka\" target=\"_blank\" class=\"card-event__link\" rel=\"nofollow noopener\"><\/a>\n        <div class=\"card-event__wrapper\">\n        <div class=\"card-event__image\">\n            <img decoding=\"async\" src=\"https:\/\/www.ebilet.pl\/media\/cms\/media\/ksnpugtd\/secret-stage-12d20587-5578-4e4b-baa0-104b56bea764.webp\" alt=\"\">\n        <\/div>\n        <div class=\"card-event__data\">\n            <div class=\"card-event__name\">\n                <p>21. Tauron Nowa Muzyka Katowice 2026<\/p>\n            <\/div>\n            <div class=\"card-event__date\">04.06.2026-04.06.2026<\/div>\n            <div class=\"card-event__location\">Katowice<\/div>\n        <\/div>\n    <\/div>\n<\/div>                                            <\/div>\n                                        \n                                            <div class=\"events-slider-block__sliderItem swiper-slide event-card\"\n                                                data-id=\"179828\"\n                                                data-name=\"XTB KSW 119\"\n                                                data-brand=\"Federacja KSW\"\n                                                data-category=\"sport\"\n                                                data-subcategory=\"sporty-walki\"\n                                                data-city=\"Radom\"\n                                                data-venue=\"Radomskie Centrum Sportu\">\n                                                \n<div class=\"card-event  card-event--size-small\">\n        <a href=\"https:\/\/www.ebilet.pl\/sport\/sporty-walki\/gala-ksw\" target=\"_blank\" class=\"card-event__link\" rel=\"nofollow noopener\"><\/a>\n        <div class=\"card-event__wrapper\">\n        <div class=\"card-event__image\">\n            <img decoding=\"async\" src=\"https:\/\/www.ebilet.pl\/media\/cms\/media\/hxkpcc3z\/ksw119_552x736-kopia-cd3dc132-b7af-417f-9575-966793c590a0.webp\" alt=\"\">\n        <\/div>\n        <div class=\"card-event__data\">\n            <div class=\"card-event__name\">\n                <p>XTB KSW 119<\/p>\n            <\/div>\n            <div class=\"card-event__date\">20.06.2026-20.06.2026<\/div>\n            <div class=\"card-event__location\">Radom<\/div>\n        <\/div>\n    <\/div>\n<\/div>                                            <\/div>\n                                        \n                                            <div class=\"events-slider-block__sliderItem swiper-slide event-card\"\n                                                data-id=\"8527\"\n                                                data-name=\"OFF Festival Katowice 2026\"\n                                                data-brand=\"Fundacja Independent\"\n                                                data-category=\"muzyka\"\n                                                data-subcategory=\"festiwale\"\n                                                data-city=\"Katowice\"\n                                                data-venue=\"Katowicki Park Le\u015bny - Dolina Trzech Staw\u00f3w\">\n                                                \n<div class=\"card-event  card-event--size-small\">\n        <a href=\"https:\/\/www.ebilet.pl\/muzyka\/festiwale\/off-festival\" target=\"_blank\" class=\"card-event__link\" rel=\"nofollow noopener\"><\/a>\n        <div class=\"card-event__wrapper\">\n        <div class=\"card-event__image\">\n            <img decoding=\"async\" src=\"https:\/\/www.ebilet.pl\/media\/cms\/media\/fe2gemsg\/ebilet-okladka-pion-552x736-e42b2686-71fa-4408-b72e-911ed7d4ce12.webp\" alt=\"\">\n        <\/div>\n        <div class=\"card-event__data\">\n            <div class=\"card-event__name\">\n                <p>OFF Festival Katowice 2026<\/p>\n            <\/div>\n            <div class=\"card-event__date\">07.08.2026-07.08.2026<\/div>\n            <div class=\"card-event__location\">Katowice<\/div>\n        <\/div>\n    <\/div>\n<\/div>                                            <\/div>\n                                                                            <\/div>\n                                <\/div>\n                            <\/div>\n                            <div class=\"events-slider-block__events swiper\" data-events-events-descriptions>\n                                <div class=\"events-slider-block__eventsWrapper swiper-wrapper\">\n                                                                            <div class=\"events-slider-block__eventsItem swiper-slide\">\n                                            <a href=\"https:\/\/www.ebilet.pl\/sport\/sporty-druzynowe\/mecz-siatkowki\" target=\"_blank\" class=\"events-slider-block__eventsName\">\n                                                <p>Mecze towarzyskie Reprezentacji Polski m\u0119\u017cczyzn w siatk\u00f3wce<\/p>\n                                            <\/a>\n                                            <div class=\"events-slider-block__eventsDate\">20.05.2026-23.05.2026<\/div>\n                                            <div class=\"events-slider-block__eventsLocation\"><\/div>\n                                        <\/div>\n                                                                            <div class=\"events-slider-block__eventsItem swiper-slide\">\n                                            <a href=\"https:\/\/www.ebilet.pl\/muzyka\/festiwale\/meskie-granie\" target=\"_blank\" class=\"events-slider-block__eventsName\">\n                                                <p>M\u0119skie Granie 2026<\/p>\n                                            <\/a>\n                                            <div class=\"events-slider-block__eventsDate\">26.06.2026-22.08.2026<\/div>\n                                            <div class=\"events-slider-block__eventsLocation\"><\/div>\n                                        <\/div>\n                                                                            <div class=\"events-slider-block__eventsItem swiper-slide\">\n                                            <a href=\"https:\/\/www.ebilet.pl\/biznes\/pozostale\/majowka\" target=\"_blank\" class=\"events-slider-block__eventsName\">\n                                                <p>Gdzie na maj\u00f3wk\u0119 2026?<\/p>\n                                            <\/a>\n                                            <div class=\"events-slider-block__eventsDate\">01.01.1970-01.01.1970<\/div>\n                                            <div class=\"events-slider-block__eventsLocation\"><\/div>\n                                        <\/div>\n                                                                            <div class=\"events-slider-block__eventsItem swiper-slide\">\n                                            <a href=\"https:\/\/www.ebilet.pl\/muzyka\/festiwale\/orange-warsaw-festival\" target=\"_blank\" class=\"events-slider-block__eventsName\">\n                                                <p>Orange Warsaw Festival 2026<\/p>\n                                            <\/a>\n                                            <div class=\"events-slider-block__eventsDate\">29.05.2026-30.05.2026<\/div>\n                                            <div class=\"events-slider-block__eventsLocation\"><\/div>\n                                        <\/div>\n                                                                            <div class=\"events-slider-block__eventsItem swiper-slide\">\n                                            <a href=\"https:\/\/www.ebilet.pl\/biznes\/pozostale\/odsprzedaz\" target=\"_blank\" class=\"events-slider-block__eventsName\">\n                                                <p>Bezpieczna odsprzeda\u017c w apce eBilet<\/p>\n                                            <\/a>\n                                            <div class=\"events-slider-block__eventsDate\">01.01.1970-01.01.1970<\/div>\n                                            <div class=\"events-slider-block__eventsLocation\"><\/div>\n                                        <\/div>\n                                                                            <div class=\"events-slider-block__eventsItem swiper-slide\">\n                                            <a href=\"https:\/\/www.ebilet.pl\/muzyka\/festiwale\/opener-festival\" target=\"_blank\" class=\"events-slider-block__eventsName\">\n                                                <p>Open&#8217;er Festival 2026<\/p>\n                                            <\/a>\n                                            <div class=\"events-slider-block__eventsDate\">29.05.2026-04.07.2026<\/div>\n                                            <div class=\"events-slider-block__eventsLocation\"><\/div>\n                                        <\/div>\n                                                                            <div class=\"events-slider-block__eventsItem swiper-slide\">\n                                            <a href=\"https:\/\/www.ebilet.pl\/sport\/sporty-walki\/fame-mma\" target=\"_blank\" class=\"events-slider-block__eventsName\">\n                                                <p>FAME 31<\/p>\n                                            <\/a>\n                                            <div class=\"events-slider-block__eventsDate\">09.05.2026-09.05.2026<\/div>\n                                            <div class=\"events-slider-block__eventsLocation\"><\/div>\n                                        <\/div>\n                                                                            <div class=\"events-slider-block__eventsItem swiper-slide\">\n                                            <a href=\"https:\/\/www.ebilet.pl\/muzyka\/festiwale\/rzeszowskie-juwenalia\" target=\"_blank\" class=\"events-slider-block__eventsName\">\n                                                <p>Rzeszowskie Juwenalia 2026<\/p>\n                                            <\/a>\n                                            <div class=\"events-slider-block__eventsDate\">01.01.1970-01.01.1970<\/div>\n                                            <div class=\"events-slider-block__eventsLocation\"><\/div>\n                                        <\/div>\n                                                                            <div class=\"events-slider-block__eventsItem swiper-slide\">\n                                            <a href=\"https:\/\/www.ebilet.pl\/klasyka\/muzyka-filmowa\/arcane-epic-symphony\" target=\"_blank\" class=\"events-slider-block__eventsName\">\n                                                <p>Arcane Epic Symphony<\/p>\n                                            <\/a>\n                                            <div class=\"events-slider-block__eventsDate\">21.06.2026-21.06.2026<\/div>\n                                            <div class=\"events-slider-block__eventsLocation\"><\/div>\n                                        <\/div>\n                                                                            <div class=\"events-slider-block__eventsItem swiper-slide\">\n                                            <a href=\"https:\/\/www.ebilet.pl\/muzyka\/rock\/morrissey\" target=\"_blank\" class=\"events-slider-block__eventsName\">\n                                                <p>Morrissey<\/p>\n                                            <\/a>\n                                            <div class=\"events-slider-block__eventsDate\">09.07.2026-09.07.2026<\/div>\n                                            <div class=\"events-slider-block__eventsLocation\"><\/div>\n                                        <\/div>\n                                                                            <div class=\"events-slider-block__eventsItem swiper-slide\">\n                                            <a href=\"https:\/\/www.ebilet.pl\/muzyka\/festiwale\/circoloco-warsaw\" target=\"_blank\" class=\"events-slider-block__eventsName\">\n                                                <p>Circoloco Warsaw<\/p>\n                                            <\/a>\n                                            <div class=\"events-slider-block__eventsDate\">09.05.2026-09.05.2026<\/div>\n                                            <div class=\"events-slider-block__eventsLocation\"><\/div>\n                                        <\/div>\n                                                                            <div class=\"events-slider-block__eventsItem swiper-slide\">\n                                            <a href=\"https:\/\/www.ebilet.pl\/muzyka\/elektro-techno\/atb\" target=\"_blank\" class=\"events-slider-block__eventsName\">\n                                                <p>ATB | FINAL CHAPTER | POLAND TOUR<\/p>\n                                            <\/a>\n                                            <div class=\"events-slider-block__eventsDate\">28.08.2026-12.12.2026<\/div>\n                                            <div class=\"events-slider-block__eventsLocation\"><\/div>\n                                        <\/div>\n                                                                            <div class=\"events-slider-block__eventsItem swiper-slide\">\n                                            <a href=\"https:\/\/www.ebilet.pl\/muzyka\/pop\/onerepublic\" target=\"_blank\" class=\"events-slider-block__eventsName\">\n                                                <p>OneRepublic<\/p>\n                                            <\/a>\n                                            <div class=\"events-slider-block__eventsDate\">30.06.2026-30.06.2026<\/div>\n                                            <div class=\"events-slider-block__eventsLocation\"><\/div>\n                                        <\/div>\n                                                                            <div class=\"events-slider-block__eventsItem swiper-slide\">\n                                            <a href=\"https:\/\/www.ebilet.pl\/muzyka\/pop\/wiktor-waligora\" target=\"_blank\" class=\"events-slider-block__eventsName\">\n                                                <p>Wiktor Walig\u00f3ra &#8220;Kr\u00f3tka trasa o mi\u0142o\u015bci&#8221; 2026<\/p>\n                                            <\/a>\n                                            <div class=\"events-slider-block__eventsDate\">02.10.2026-17.10.2026<\/div>\n                                            <div class=\"events-slider-block__eventsLocation\"><\/div>\n                                        <\/div>\n                                                                            <div class=\"events-slider-block__eventsItem swiper-slide\">\n                                            <a href=\"https:\/\/www.ebilet.pl\/sport\/sporty-druzynowe\/koszykowka\" target=\"_blank\" class=\"events-slider-block__eventsName\">\n                                                <p>Mistrzostwa \u015awiata w koszyk\u00f3wce 3&#215;3 2026<\/p>\n                                            <\/a>\n                                            <div class=\"events-slider-block__eventsDate\">01.06.2026-07.06.2026<\/div>\n                                            <div class=\"events-slider-block__eventsLocation\"><\/div>\n                                        <\/div>\n                                                                            <div class=\"events-slider-block__eventsItem swiper-slide\">\n                                            <a href=\"https:\/\/www.ebilet.pl\/muzyka\/hip-hop-rap\/wwo\" target=\"_blank\" class=\"events-slider-block__eventsName\">\n                                                <p>WWOFF<\/p>\n                                            <\/a>\n                                            <div class=\"events-slider-block__eventsDate\">26.11.2026-28.11.2026<\/div>\n                                            <div class=\"events-slider-block__eventsLocation\"><\/div>\n                                        <\/div>\n                                                                            <div class=\"events-slider-block__eventsItem swiper-slide\">\n                                            <a href=\"https:\/\/www.ebilet.pl\/muzyka\/rock\/editors\" target=\"_blank\" class=\"events-slider-block__eventsName\">\n                                                <p>Editors<\/p>\n                                            <\/a>\n                                            <div class=\"events-slider-block__eventsDate\">01.01.1970-01.01.1970<\/div>\n                                            <div class=\"events-slider-block__eventsLocation\"><\/div>\n                                        <\/div>\n                                                                            <div class=\"events-slider-block__eventsItem swiper-slide\">\n                                            <a href=\"https:\/\/www.ebilet.pl\/muzyka\/festiwale\/tauron-nowa-muzyka\" target=\"_blank\" class=\"events-slider-block__eventsName\">\n                                                <p>21. Tauron Nowa Muzyka Katowice 2026<\/p>\n                                            <\/a>\n                                            <div class=\"events-slider-block__eventsDate\">04.06.2026-06.06.2026<\/div>\n                                            <div class=\"events-slider-block__eventsLocation\"><\/div>\n                                        <\/div>\n                                                                            <div class=\"events-slider-block__eventsItem swiper-slide\">\n                                            <a href=\"https:\/\/www.ebilet.pl\/sport\/sporty-walki\/gala-ksw\" target=\"_blank\" class=\"events-slider-block__eventsName\">\n                                                <p>XTB KSW 119<\/p>\n                                            <\/a>\n                                            <div class=\"events-slider-block__eventsDate\">20.06.2026-20.06.2026<\/div>\n                                            <div class=\"events-slider-block__eventsLocation\"><\/div>\n                                        <\/div>\n                                                                            <div class=\"events-slider-block__eventsItem swiper-slide\">\n                                            <a href=\"https:\/\/www.ebilet.pl\/muzyka\/festiwale\/off-festival\" target=\"_blank\" class=\"events-slider-block__eventsName\">\n                                                <p>OFF Festival Katowice 2026<\/p>\n                                            <\/a>\n                                            <div class=\"events-slider-block__eventsDate\">07.08.2026-07.08.2026<\/div>\n                                            <div class=\"events-slider-block__eventsLocation\"><\/div>\n                                        <\/div>\n                                                                    <\/div>\n                            <\/div>\n                            <div class=\"events-slider-block__pagination\">\n                                <div class=\"swiper-pagination slider-pagination slider-pagination--theme-white\" data-events-slider-pagination><\/div>\n                            <\/div>\n                        <\/div>\n                                        <div class=\"events-slider-block__bottom\">\n                                                                                <div class=\"events-slider-block__link desktop\">\n                                    <a\n                                        class=\"button button--size-small button--theme-primary-yellow button--withIconLeft\"\n                                        href=\"https:\/\/www.ebilet.pl\/\">\n                                                                                    <div class=\"button__icon\"><img loading=\"lazy\" decoding=\"async\" width=\"30\" height=\"30\" src=\"https:\/\/www.ebilet.pl\/now\/app\/uploads\/2024\/01\/ticket-cinema-entertainment-coupon-discount-sale_30px.png\" class=\"attachment-full size-full\" alt=\"\" \/><\/div>\n                                                                                <p class=\"button__text typo-18\">Kup na eBilet.pl<\/p>\n                                    <\/a>\n                                <\/div>\n                                                                                <div class=\"events-slider-block__link mobile\">\n                                    <a\n                                        class=\"button button--size-small button--theme-primary-yellow button--withIconLeft\"\n                                        href=\"https:\/\/www.ebilet.pl\/\">\n                                                                                    <div class=\"button__icon\"><img loading=\"lazy\" decoding=\"async\" width=\"30\" height=\"30\" src=\"https:\/\/www.ebilet.pl\/now\/app\/uploads\/2024\/01\/ticket-cinema-entertainment-coupon-discount-sale_30px.png\" class=\"attachment-full size-full\" alt=\"\" \/><\/div>\n                                                                                <p class=\"button__text typo-18\">Kup na eBilet.pl<\/p>\n                                    <\/a>\n                                <\/div>\n                                            <\/div>\n                <\/div>\n            <\/div>\n        <\/div>\n    <\/div>\n<\/section>","protected":false},"excerpt":{"rendered":"<p>Doczekali\u015bmy si\u0119! Poznali\u015bmy pierwsz\u0105 pul\u0119 wykonawc\u00f3w, kt\u00f3rzy zaprezentuj\u0105\u00a0si\u0119\u00a0na nadchodz\u0105cej edycji OFF Festivalu! <\/p>\n","protected":false},"author":16,"featured_media":72303,"comment_status":"open","ping_status":"open","sticky":false,"template":"page-templates\/article-premium.php","format":"standard","meta":{"_acf_changed":false,"footnotes":""},"article_tag":[85,348,71],"article_type":[554],"acf":[],"_links":{"self":[{"href":"https:\/\/www.ebilet.pl\/now\/wp-json\/wp\/v2\/posts\/72221"}],"collection":[{"href":"https:\/\/www.ebilet.pl\/now\/wp-json\/wp\/v2\/posts"}],"about":[{"href":"https:\/\/www.ebilet.pl\/now\/wp-json\/wp\/v2\/types\/post"}],"author":[{"embeddable":true,"href":"https:\/\/www.ebilet.pl\/now\/wp-json\/wp\/v2\/users\/16"}],"replies":[{"embeddable":true,"href":"https:\/\/www.ebilet.pl\/now\/wp-json\/wp\/v2\/comments?post=72221"}],"version-history":[{"count":3,"href":"https:\/\/www.ebilet.pl\/now\/wp-json\/wp\/v2\/posts\/72221\/revisions"}],"predecessor-version":[{"id":72313,"href":"https:\/\/www.ebilet.pl\/now\/wp-json\/wp\/v2\/posts\/72221\/revisions\/72313"}],"wp:featuredmedia":[{"embeddable":true,"href":"https:\/\/www.ebilet.pl\/now\/wp-json\/wp\/v2\/media\/72303"}],"wp:attachment":[{"href":"https:\/\/www.ebilet.pl\/now\/wp-json\/wp\/v2\/media?parent=72221"}],"wp:term":[{"taxonomy":"article_tag","embeddable":true,"href":"https:\/\/www.ebilet.pl\/now\/wp-json\/wp\/v2\/article_tag?post=72221"},{"taxonomy":"article_type","embeddable":true,"href":"https:\/\/www.ebilet.pl\/now\/wp-json\/wp\/v2\/article_type?post=72221"}],"curies":[{"name":"wp","href":"https:\/\/api.w.org\/{rel}","templated":true}]}}