{"id":71208,"date":"2025-10-17T19:00:21","date_gmt":"2025-10-17T18:00:21","guid":{"rendered":"https:\/\/www.ebilet.pl\/now\/?p=71208"},"modified":"2025-11-03T19:06:38","modified_gmt":"2025-11-03T18:06:38","slug":"jesienna-playlista-piosenki-o-jesieni-i-nie-tylko","status":"publish","type":"post","link":"https:\/\/www.ebilet.pl\/now\/jesienna-playlista-piosenki-o-jesieni-i-nie-tylko\/","title":{"rendered":"Jesienna playlista \u2013 piosenki o jesieni (i nie tylko)"},"content":{"rendered":"\n<section class=\"text-block  section-margin-32\" >\n    <div class=\"container\">\n        <div class=\"row\">\n            <div class=\"col-24\">\n                <div class=\"text-block__content\"><h2><strong>Jesienna playlista \u2013 piosenki zagraniczne<\/strong><\/h2>\n<p><span style=\"font-weight: 400;\">S\u0105 takie piosenki, kt\u00f3re znaj\u0105 wszyscy. S\u0105 te\u017c i mniej znane. Sprawd\u017a, kt\u00f3re z naszych propozycji przypadn\u0105 ci do gustu.<\/span><\/p>\n<h3><strong>\u201cWake Me Up When September Ends\u201d Green Day<\/strong><\/h3>\n<p><span style=\"font-weight: 400;\">Utw\u00f3r z 2005 roku, kt\u00f3ry nadal jest bardzo lubiany i do kt\u00f3rego z przyjemno\u015bci\u0105 wracamy jesieni\u0105 w\u0142a\u015bnie. <\/span><b>\u201cWake Me Up When September Ends\u201d to ballada punk-rockowa zespo\u0142u Green Day.<\/b><span style=\"font-weight: 400;\"> Pochodzi z p\u0142yty \u201cAmerican Idiot\u201d. Opowiada o zmar\u0142ym ojcu wokalisty, Billiego Joe Armstronga. Artysta jako dziesi\u0119ciolatek uciek\u0142 z pogrzebu, zamkn\u0105\u0142 si\u0119 w swoim pokoju i p\u0142aka\u0142. <\/span><b>Gdy jego mama wr\u00f3ci\u0142a, powiedzia\u0142 do niej w\u0142a\u015bnie \u201cwake me up when september ends\u201d.\u00a0<\/b><\/p>\n<p><i><span style=\"font-weight: 400;\">Like my father&#8217;s come to pass<\/span><\/i><\/p>\n<p><i><span style=\"font-weight: 400;\">Seven years has gone so fast<\/span><\/i><\/p>\n<p><i><span style=\"font-weight: 400;\">Wake me up when September ends<\/span><\/i><\/p>\n<p><span style=\"font-weight: 400;\">Za to teledysk do utworu opowiada o m\u0142odym cz\u0142owieku, kt\u00f3ry wyje\u017cd\u017ca na wojn\u0119. Je\u015bli jeszcze go nie widzia\u0142e\u015b, koniecznie obejrzyj (no i pos\u0142uchaj tej piosenki).\u00a0<\/span><\/p>\n<h3><strong>\u201cSeptember\u201d Earth, Wind &amp; Fire<\/strong><\/h3>\n<p><i><span style=\"font-weight: 400;\">Do you remember<\/span><\/i><\/p>\n<p><i><span style=\"font-weight: 400;\">The 21st night of September?<\/span><\/i><\/p>\n<p><i><span style=\"font-weight: 400;\">Love was changin&#8217; the minds of pretenders<\/span><\/i><\/p>\n<p><i><span style=\"font-weight: 400;\">While chasin&#8217; the clouds away<\/span><\/i><\/p>\n<p><span style=\"font-weight: 400;\">Zanuci\u0142e\u015b? Pewnie tak, bo nawet je\u015bli nie skojarzy\u0142e\u015b tytu\u0142u, pewnie znasz s\u0142owa tej piosenki. A je\u015bli nie, koniecznie j\u0105 teraz w\u0142\u0105cz i pos\u0142uchaj.\u00a0<\/span><\/p>\n<p><span style=\"font-weight: 400;\">Nadal tu jeste\u015b? No dobrze, <\/span><b>\u201cSeptember\u201d to piosenka, kt\u00f3ra ma ju\u017c prawie 40 lat! Zosta\u0142a wydana w 1978 roku i bardzo szybko odnios\u0142a sukces<\/b><span style=\"font-weight: 400;\"> (jako nr 1 na li\u015bcie US Billboard Hot R&amp;B Songs chocia\u017cby). Co wi\u0119cej, zosta\u0142a dodana do Library of Congress\u2019 National Recording Registry jako utw\u00f3r, kt\u00f3ry ma znaczenie kulturowe, historyczne i estetyczne.\u00a0<\/span><\/p>\n<h3><strong>\u201cHarvest Moon\u201d Neil Young<\/strong><\/h3>\n<p><b>\u201cHarvest Moon\u201d to utw\u00f3r kanadyjsko-ameryka\u0144skiego muzyka Neila Younga z 1992 roku, kt\u00f3ry sta\u0142 si\u0119 jednym z jego najbardziej rozpoznawalnych nagra\u0144.<\/b><span style=\"font-weight: 400;\"> Piosenka znalaz\u0142a si\u0119 na p\u0142ycie o tym samym tytule.\u00a0<\/span><\/p>\n<p><i><span style=\"font-weight: 400;\">Because I&#8217;m still in love with you<\/span><\/i><\/p>\n<p><i><span style=\"font-weight: 400;\">I want to see you dance again<\/span><\/i><\/p>\n<p><i><span style=\"font-weight: 400;\">Because I&#8217;m still in love with you<\/span><\/i><\/p>\n<p><i><span style=\"font-weight: 400;\">On this harvest moon<\/span><\/i><\/p>\n<p><b>Te s\u0142owa to sedno utworu \u2013 prostego, szczerego i wzruszaj\u0105cego wyznania mi\u0142o\u015bci, kt\u00f3re Young napisa\u0142 dla swojej \u017cony Pegi.<\/b><span style=\"font-weight: 400;\"> Dzieli\u0142 z ni\u0105 \u017cycie przez wiele lat. By\u0142a tancerk\u0105, a on chcia\u0142 zn\u00f3w zobaczy\u0107, jak ta\u0144czy w \u015bwietle ksi\u0119\u017cyca i jest szcz\u0119\u015bliwa.<\/span><\/p>\n<p><span style=\"font-weight: 400;\">Album powsta\u0142 w szczeg\u00f3lnym momencie kariery Younga.<\/span><b> Artysta, zm\u0119czony g\u0142o\u015bnymi, rockowymi trasami i zmagaj\u0105cy si\u0119 z problemami ze s\u0142uchem, powr\u00f3ci\u0142 do akustycznych brzmie\u0144. <\/b><span style=\"font-weight: 400;\">Do nagra\u0144 zaprosi\u0142 muzyk\u00f3w, kt\u00f3rzy grali z nim dwie dekady wcze\u015bniej przy \u201cHarvest\u201d. Dzi\u0119ki temu ca\u0142o\u015b\u0107 ma wyj\u0105tkowo ciep\u0142y, nostalgiczny klimat \u2013 podkre\u015blony brzmieniem gitary akustycznej, pedal steel i charakterystycznym g\u0142osem Younga.<\/span><\/p>\n<p><span style=\"font-weight: 400;\">\u201cHarvest Moon\u201d to nie tylko romantyczna piosenka, ale te\u017c symbol powrotu artysty do tego, co najwa\u017cniejsze \u2013 prostych melodii i szczerych emocji. To utw\u00f3r o mi\u0142o\u015bci dojrza\u0142ej, spokojnej, ale wci\u0105\u017c pe\u0142nej pasji.<\/span><\/p>\n<h3><strong>\u201cAutumn Leaves\u201d Eva Cassidy<\/strong><\/h3>\n<p><span style=\"font-weight: 400;\">\u201cAutumn Leaves\u201d to klasyk, kt\u00f3ry doczeka\u0142 si\u0119 wielu interpretacji, ale to wersja Evy Cassidy porusza najbardziej. <\/span><b>Artystka nagra\u0142a j\u0105 w latach 90., a jej wyj\u0105tkowa, czysta barwa g\u0142osu sprawi\u0142a, \u017ce utw\u00f3r nabra\u0142 niezwyk\u0142ej delikatno\u015bci i intymno\u015bci.<\/b><\/p>\n<p><i><span style=\"font-weight: 400;\">The falling leaves drift by my window<\/span><\/i><\/p>\n<p><i><span style=\"font-weight: 400;\">The falling leaves of red and gold<\/span><\/i><\/p>\n<p><i><span style=\"font-weight: 400;\">I see your lips, the summer kisses<\/span><\/i><\/p>\n<p><i><span style=\"font-weight: 400;\">The sunburned hands I used to hold<\/span><\/i><\/p>\n<p><span style=\"font-weight: 400;\">Piosenka opowiada o t\u0119sknocie za utracon\u0105 mi\u0142o\u015bci\u0105, przywo\u0142uj\u0105c wspomnienia lata, kt\u00f3re min\u0119\u0142o bezpowrotnie. <\/span><b>Jesienne li\u015bcie s\u0105 tu symbolem przemijania i ulotno\u015bci \u2013 zar\u00f3wno natury, jak i ludzkich uczu\u0107.<\/b><\/p>\n<p><span style=\"font-weight: 400;\">\u201cAutumn Leaves\u201d powsta\u0142o jako francuska piosenka \u201cLes Feuilles mortes\u201d, napisana w 1945 roku przez Josepha Kosm\u0119 i Jacques\u2019a Pr\u00e9verta. Z czasem utw\u00f3r zdoby\u0142 popularno\u015b\u0107 na ca\u0142ym \u015bwiecie, a wersja angielska z tekstem Johnny\u2019ego Mercera sta\u0142a si\u0119 jazzowym standardem. Wykonywali go m.in. Nat King Cole, Frank Sinatra czy Edith Piaf.<\/span><\/p>\n<p><b>Dlaczego wi\u0119c to w\u0142a\u015bnie interpretacja Evy Cassidy tak zapada w pami\u0119\u0107? <\/b><span style=\"font-weight: 400;\">By\u0107 mo\u017ce dlatego, \u017ce jej g\u0142os \u0142\u0105czy prostot\u0119 i emocje. To piosenka, kt\u00f3rej s\u0142ucha si\u0119 jesieni\u0105 szczeg\u00f3lnie przyjemnie (tym bardziej kiedy li\u015bcie naprawd\u0119 opadaj\u0105 z drzew).<\/span><\/p>\n<h3><strong>\u201cSweater Weather\u201d The Neighbourhood<\/strong><\/h3>\n<p><i><span style=\"font-weight: 400;\">&#8216;Cause it&#8217;s too cold<\/span><\/i><\/p>\n<p><i><span style=\"font-weight: 400;\">For you here<\/span><\/i><\/p>\n<p><i><span style=\"font-weight: 400;\">And now, so let me hold<\/span><\/i><\/p>\n<p><i><span style=\"font-weight: 400;\">Both your hands in the holes of my sweater<\/span><\/i><\/p>\n<p><b>Je\u015bli tobie tak\u017ce zimno, wk\u0142adaj sweter i pos\u0142uchaj piosenki \u201cSweater Weather\u201d ameryka\u0144skiego zespo\u0142u rockowego The Neighbourhood.<\/b><span style=\"font-weight: 400;\"> Napisali go Jessie James Rutherford, Zach Abels i Jeremy Freedman. Utw\u00f3r trafi\u0142 na p\u0142yt\u0119 \u201cI Love You\u201d z 2013 roku. Ju\u017c w czerwcu tego samego roku piosenka zaj\u0119\u0142a 1. miejsce na li\u015bcie Billboard ALternative Airplay. Nie odda\u0142a go przez 11 tygodni (no dobra, oddawa\u0142a, ale tylko na chwil\u0119, \u0142\u0105cznie sp\u0119dzi\u0142a tam w\u0142a\u015bnie 11 tygodni).<\/span><\/p>\n<\/div>\n            <\/div>\n        <\/div>\n    <\/div>\n<\/section>\n\n\n<section class=\"tickets-slider  section-margin-32\"\n    data-tickets-slider\n    data-item-list-name=\"Karuzela z buttonami\"\n    data-item-list-id=\"karuzela_z_buttonami\"\n    >\n    <div class=\"container\">\n        <div class=\"row\">\n            <div class=\"col-24\">\n                <div class=\"tickets-slider__main\">\n                    <div class=\"tickets-slider__nav tickets-slider__nav--prev\">\n                        <div class=\"button button--withIcon button--theme-white-blur button--size-fixed-48\" data-tickets-slider-prev>\n                            <span class=\"button__icon icon icon-chevron-left\"><\/span>\n                        <\/div>\n                    <\/div>\n                    <div class=\"tickets-slider__nav tickets-slider__nav--next\">\n                        <div class=\"button button--withIcon button--theme-white-blur button--size-fixed-48\" data-tickets-slider-next>\n                            <span class=\"button__icon icon icon-chevron-right\"><\/span>\n                        <\/div>\n                    <\/div>\n                    <div class=\"tickets-slider__slider swiper\" data-tickets-slider-slider>\n                        <div class=\"tickets-slider__sliderWrapper swiper-wrapper\">\n                                                            <div class=\"tickets-slider__sliderItem swiper-slide\"\n                                    data-id=\"63906\"\n                                    data-name=\"Mecze towarzyskie Reprezentacji Polski m\u0119\u017cczyzn w siatk\u00f3wce\"\n                                    data-brand=\"Polska Siatk\u00f3wka Sp. z o.o.\"\n                                    data-category=\"sport\"\n                                    data-subcategory=\"sporty-druzynowe\"\n                                    data-city=\"Katowice, Sosnowiec\"\n                                    data-venue=\"ArcelorMittal Park w Sosnowcu\">\n                                    <div class=\"tickets-slider__sliderCard\">\n                                        \n<div class=\"card-ticket\">\n        <div class=\"card-ticket__image\">\n        <a href=\"https:\/\/www.ebilet.pl\/sport\/sporty-druzynowe\/mecz-siatkowki\">\n            <img decoding=\"async\" src=\"https:\/\/www.ebilet.pl\/media\/cms\/media\/paxoijep\/mecz-1-e7ebdff4-0eeb-4b41-87f8-b8cc79cca9e1.webp\" alt=\"Plakat wydarzenia\" \/>\n        <\/a>\n    <\/div>\n             \n    <div class=\"card-ticket__link\">\n        <a href=\"https:\/\/www.ebilet.pl\/sport\/sporty-druzynowe\/mecz-siatkowki\" class=\"button button--theme-primary-yellow button--withIconLeft button--size-small\">\n            <span class=\"button__icon icon icon-ticket\"><\/span>\n            <p class=\"button__text typo-16 f-600\">Kup bilet<\/p>\n        <\/a>\n    <\/div>\n    <\/div>                                    <\/div>\n                                <\/div>\n                                                            <div class=\"tickets-slider__sliderItem swiper-slide\"\n                                    data-id=\"13630\"\n                                    data-name=\"M\u0119skie Granie 2026\"\n                                    data-brand=\"LIVE Sp. z o.o.\"\n                                    data-category=\"muzyka\"\n                                    data-subcategory=\"festiwale\"\n                                    data-city=\"Gda\u0144sk, Krak\u00f3w, Pozna\u0144 i inne\"\n                                    data-venue=\"\u017bywiec Amfiteatr pod Grojcem\">\n                                    <div class=\"tickets-slider__sliderCard\">\n                                        \n<div class=\"card-ticket\">\n        <div class=\"card-ticket__image\">\n        <a href=\"https:\/\/www.ebilet.pl\/muzyka\/festiwale\/meskie-granie\">\n            <img decoding=\"async\" src=\"https:\/\/www.ebilet.pl\/media\/cms\/media\/otqfs0tb\/552x736-11-18222119-c0b1-48d3-9da6-2d9f34d401ee.webp\" alt=\"Plakat wydarzenia\" \/>\n        <\/a>\n    <\/div>\n             \n    <div class=\"card-ticket__link\">\n        <a href=\"https:\/\/www.ebilet.pl\/muzyka\/festiwale\/meskie-granie\" class=\"button button--theme-primary-yellow button--withIconLeft button--size-small\">\n            <span class=\"button__icon icon icon-ticket\"><\/span>\n            <p class=\"button__text typo-16 f-600\">Kup bilet<\/p>\n        <\/a>\n    <\/div>\n    <\/div>                                    <\/div>\n                                <\/div>\n                                                            <div class=\"tickets-slider__sliderItem swiper-slide\"\n                                    data-id=\"10086\"\n                                    data-name=\"Orange Warsaw Festival 2026\"\n                                    data-brand=\"Alter Art\"\n                                    data-category=\"muzyka\"\n                                    data-subcategory=\"festiwale\"\n                                    data-city=\"Warszawa\"\n                                    data-venue=\"Tor Wy\u015bcig\u00f3w Konnych Warszawa - S\u0142u\u017cewiec\">\n                                    <div class=\"tickets-slider__sliderCard\">\n                                        \n<div class=\"card-ticket\">\n        <div class=\"card-ticket__image\">\n        <a href=\"https:\/\/www.ebilet.pl\/muzyka\/festiwale\/orange-warsaw-festival\">\n            <img decoding=\"async\" src=\"https:\/\/www.ebilet.pl\/media\/cms\/media\/bxnh21tr\/owf_2026_ebilet_552x736-94c1b52f-1e91-4861-ba57-03b21dcd6346.webp\" alt=\"Plakat wydarzenia\" \/>\n        <\/a>\n    <\/div>\n             \n    <div class=\"card-ticket__link\">\n        <a href=\"https:\/\/www.ebilet.pl\/muzyka\/festiwale\/orange-warsaw-festival\" class=\"button button--theme-primary-yellow button--withIconLeft button--size-small\">\n            <span class=\"button__icon icon icon-ticket\"><\/span>\n            <p class=\"button__text typo-16 f-600\">Kup bilet<\/p>\n        <\/a>\n    <\/div>\n    <\/div>                                    <\/div>\n                                <\/div>\n                                                            <div class=\"tickets-slider__sliderItem swiper-slide\"\n                                    data-id=\"146847\"\n                                    data-name=\"Gdzie na maj\u00f3wk\u0119 2026?\"\n                                    data-brand=\"eBilet\"\n                                    data-category=\"biznes\"\n                                    data-subcategory=\"pozostale\"\n                                    data-city=\"\"\n                                    data-venue=\"\">\n                                    <div class=\"tickets-slider__sliderCard\">\n                                        \n<div class=\"card-ticket\">\n        <div class=\"card-ticket__image\">\n        <a href=\"https:\/\/www.ebilet.pl\/biznes\/pozostale\/majowka\">\n            <img decoding=\"async\" src=\"https:\/\/www.ebilet.pl\/media\/cms\/media\/0ykhdlea\/552x736.webp\" alt=\"Plakat wydarzenia\" \/>\n        <\/a>\n    <\/div>\n             \n    <div class=\"card-ticket__link\">\n        <a href=\"https:\/\/www.ebilet.pl\/biznes\/pozostale\/majowka\" class=\"button button--theme-primary-yellow button--withIconLeft button--size-small\">\n            <span class=\"button__icon icon icon-ticket\"><\/span>\n            <p class=\"button__text typo-16 f-600\">Kup bilet<\/p>\n        <\/a>\n    <\/div>\n    <\/div>                                    <\/div>\n                                <\/div>\n                                                            <div class=\"tickets-slider__sliderItem swiper-slide\"\n                                    data-id=\"205645\"\n                                    data-name=\"Bezpieczna odsprzeda\u017c w apce eBilet\"\n                                    data-brand=\"eBilet\"\n                                    data-category=\"biznes\"\n                                    data-subcategory=\"pozostale\"\n                                    data-city=\"\"\n                                    data-venue=\"\">\n                                    <div class=\"tickets-slider__sliderCard\">\n                                        \n<div class=\"card-ticket\">\n        <div class=\"card-ticket__image\">\n        <a href=\"https:\/\/www.ebilet.pl\/biznes\/pozostale\/odsprzedaz\">\n            <img decoding=\"async\" src=\"https:\/\/www.ebilet.pl\/media\/cms\/media\/lkwf0krx\/552x736-1.webp\" alt=\"Plakat wydarzenia\" \/>\n        <\/a>\n    <\/div>\n             \n    <div class=\"card-ticket__link\">\n        <a href=\"https:\/\/www.ebilet.pl\/biznes\/pozostale\/odsprzedaz\" class=\"button button--theme-primary-yellow button--withIconLeft button--size-small\">\n            <span class=\"button__icon icon icon-ticket\"><\/span>\n            <p class=\"button__text typo-16 f-600\">Kup bilet<\/p>\n        <\/a>\n    <\/div>\n    <\/div>                                    <\/div>\n                                <\/div>\n                                                            <div class=\"tickets-slider__sliderItem swiper-slide\"\n                                    data-id=\"8527\"\n                                    data-name=\"OFF Festival Katowice 2026\"\n                                    data-brand=\"Fundacja Independent\"\n                                    data-category=\"muzyka\"\n                                    data-subcategory=\"festiwale\"\n                                    data-city=\"Katowice\"\n                                    data-venue=\"Katowicki Park Le\u015bny - Dolina Trzech Staw\u00f3w\">\n                                    <div class=\"tickets-slider__sliderCard\">\n                                        \n<div class=\"card-ticket\">\n        <div class=\"card-ticket__image\">\n        <a href=\"https:\/\/www.ebilet.pl\/muzyka\/festiwale\/off-festival\">\n            <img decoding=\"async\" src=\"https:\/\/www.ebilet.pl\/media\/cms\/media\/fe2gemsg\/ebilet-okladka-pion-552x736-e42b2686-71fa-4408-b72e-911ed7d4ce12.webp\" alt=\"Plakat wydarzenia\" \/>\n        <\/a>\n    <\/div>\n             \n    <div class=\"card-ticket__link\">\n        <a href=\"https:\/\/www.ebilet.pl\/muzyka\/festiwale\/off-festival\" class=\"button button--theme-primary-yellow button--withIconLeft button--size-small\">\n            <span class=\"button__icon icon icon-ticket\"><\/span>\n            <p class=\"button__text typo-16 f-600\">Kup bilet<\/p>\n        <\/a>\n    <\/div>\n    <\/div>                                    <\/div>\n                                <\/div>\n                                                            <div class=\"tickets-slider__sliderItem swiper-slide\"\n                                    data-id=\"204533\"\n                                    data-name=\"Wiktor Walig\u00f3ra &quot;Kr\u00f3tka trasa o mi\u0142o\u015bci&quot; 2026\"\n                                    data-brand=\"Papulos Karol Papa\u0142a\"\n                                    data-category=\"muzyka\"\n                                    data-subcategory=\"pop\"\n                                    data-city=\"Gda\u0144sk, Katowice, Pozna\u0144 i inne\"\n                                    data-venue=\"Terminal Kultury Goc\u0142aw\">\n                                    <div class=\"tickets-slider__sliderCard\">\n                                        \n<div class=\"card-ticket\">\n        <div class=\"card-ticket__image\">\n        <a href=\"https:\/\/www.ebilet.pl\/muzyka\/pop\/wiktor-waligora\">\n            <img decoding=\"async\" src=\"https:\/\/www.ebilet.pl\/media\/cms\/media\/34smsqbc\/wiktorwaligora_552x736-e29b4205-212f-42ba-82b8-4bffd31ac6e4.webp\" alt=\"Plakat wydarzenia\" \/>\n        <\/a>\n    <\/div>\n             \n    <div class=\"card-ticket__link\">\n        <a href=\"https:\/\/www.ebilet.pl\/muzyka\/pop\/wiktor-waligora\" class=\"button button--theme-primary-yellow button--withIconLeft button--size-small\">\n            <span class=\"button__icon icon icon-ticket\"><\/span>\n            <p class=\"button__text typo-16 f-600\">Kup bilet<\/p>\n        <\/a>\n    <\/div>\n    <\/div>                                    <\/div>\n                                <\/div>\n                                                            <div class=\"tickets-slider__sliderItem swiper-slide\"\n                                    data-id=\"202003\"\n                                    data-name=\"WWOFF\"\n                                    data-brand=\"Muzk Festival Sp. z o.o.\"\n                                    data-category=\"muzyka\"\n                                    data-subcategory=\"hip-hop-rap\"\n                                    data-city=\"Warszawa\"\n                                    data-venue=\"Hala COS Torwar \">\n                                    <div class=\"tickets-slider__sliderCard\">\n                                        \n<div class=\"card-ticket\">\n        <div class=\"card-ticket__image\">\n        <a href=\"https:\/\/www.ebilet.pl\/muzyka\/hip-hop-rap\/wwo\">\n            <img decoding=\"async\" src=\"https:\/\/www.ebilet.pl\/media\/cms\/media\/lranufrb\/portal-552x736a-f8052143-48fb-4e28-9564-7ff2fa400f8b.webp\" alt=\"Plakat wydarzenia\" \/>\n        <\/a>\n    <\/div>\n             \n    <div class=\"card-ticket__link\">\n        <a href=\"https:\/\/www.ebilet.pl\/muzyka\/hip-hop-rap\/wwo\" class=\"button button--theme-primary-yellow button--withIconLeft button--size-small\">\n            <span class=\"button__icon icon icon-ticket\"><\/span>\n            <p class=\"button__text typo-16 f-600\">Kup bilet<\/p>\n        <\/a>\n    <\/div>\n    <\/div>                                    <\/div>\n                                <\/div>\n                                                            <div class=\"tickets-slider__sliderItem swiper-slide\"\n                                    data-id=\"37617\"\n                                    data-name=\"Editors\"\n                                    data-brand=\"Alter Art\"\n                                    data-category=\"muzyka\"\n                                    data-subcategory=\"rock\"\n                                    data-city=\"\"\n                                    data-venue=\"Klub Stodo\u0142a\">\n                                    <div class=\"tickets-slider__sliderCard\">\n                                        \n<div class=\"card-ticket\">\n        <div class=\"card-ticket__image\">\n        <a href=\"https:\/\/www.ebilet.pl\/muzyka\/rock\/editors\">\n            <img decoding=\"async\" src=\"https:\/\/www.ebilet.pl\/media\/cms\/media\/cbfdkmu2\/editors_2027_552x736_ebilet-7c254908-ec0a-4f27-8a1c-ff7961cef0cd.webp\" alt=\"Plakat wydarzenia\" \/>\n        <\/a>\n    <\/div>\n             \n    <div class=\"card-ticket__link\">\n        <a href=\"https:\/\/www.ebilet.pl\/muzyka\/rock\/editors\" class=\"button button--theme-primary-yellow button--withIconLeft button--size-small\">\n            <span class=\"button__icon icon icon-ticket\"><\/span>\n            <p class=\"button__text typo-16 f-600\">Kup bilet<\/p>\n        <\/a>\n    <\/div>\n    <\/div>                                    <\/div>\n                                <\/div>\n                                                            <div class=\"tickets-slider__sliderItem swiper-slide\"\n                                    data-id=\"145251\"\n                                    data-name=\"Juwenalia Politechniki Lubelskiej 2026\"\n                                    data-brand=\"EVENT STUDIO KOWALEWSKI BRE\u015a Sp. J.\"\n                                    data-category=\"muzyka\"\n                                    data-subcategory=\"festiwale\"\n                                    data-city=\"Lublin\"\n                                    data-venue=\"Tereny Zielone Politechniki Lubelskiej\">\n                                    <div class=\"tickets-slider__sliderCard\">\n                                        \n<div class=\"card-ticket\">\n        <div class=\"card-ticket__image\">\n        <a href=\"https:\/\/www.ebilet.pl\/muzyka\/festiwale\/juwenalia-politechniki-lubelskiej\">\n            <img decoding=\"async\" src=\"https:\/\/www.ebilet.pl\/media\/cms\/media\/banlyonx\/552x736-1-f8bcb3b5-3fce-455f-89a1-2ee3034689b1.webp\" alt=\"Plakat wydarzenia\" \/>\n        <\/a>\n    <\/div>\n             \n    <div class=\"card-ticket__link\">\n        <a href=\"https:\/\/www.ebilet.pl\/muzyka\/festiwale\/juwenalia-politechniki-lubelskiej\" class=\"button button--theme-primary-yellow button--withIconLeft button--size-small\">\n            <span class=\"button__icon icon icon-ticket\"><\/span>\n            <p class=\"button__text typo-16 f-600\">Kup bilet<\/p>\n        <\/a>\n    <\/div>\n    <\/div>                                    <\/div>\n                                <\/div>\n                                                            <div class=\"tickets-slider__sliderItem swiper-slide\"\n                                    data-id=\"203093\"\n                                    data-name=\"B-DAY Festival by bambi\"\n                                    data-brand=\"BDF Sp. z.o.o.\"\n                                    data-category=\"muzyka\"\n                                    data-subcategory=\"hip-hop-rap\"\n                                    data-city=\"Warszawa\"\n                                    data-venue=\"Hala COS Torwar \">\n                                    <div class=\"tickets-slider__sliderCard\">\n                                        \n<div class=\"card-ticket\">\n        <div class=\"card-ticket__image\">\n        <a href=\"https:\/\/www.ebilet.pl\/muzyka\/hip-hop-rap\/bambi\">\n            <img decoding=\"async\" src=\"https:\/\/www.ebilet.pl\/media\/cms\/media\/gifbpcig\/552x736-1-320cc3b0-5e5a-4852-a922-efc848865831.webp\" alt=\"Plakat wydarzenia\" \/>\n        <\/a>\n    <\/div>\n             \n    <div class=\"card-ticket__link\">\n        <a href=\"https:\/\/www.ebilet.pl\/muzyka\/hip-hop-rap\/bambi\" class=\"button button--theme-primary-yellow button--withIconLeft button--size-small\">\n            <span class=\"button__icon icon icon-ticket\"><\/span>\n            <p class=\"button__text typo-16 f-600\">Kup bilet<\/p>\n        <\/a>\n    <\/div>\n    <\/div>                                    <\/div>\n                                <\/div>\n                                                            <div class=\"tickets-slider__sliderItem swiper-slide\"\n                                    data-id=\"7104\"\n                                    data-name=\"Open&#039;er Festival 2026\"\n                                    data-brand=\"Alter Art\"\n                                    data-category=\"muzyka\"\n                                    data-subcategory=\"festiwale\"\n                                    data-city=\"Gdynia\"\n                                    data-venue=\"Lotnisko Gdynia - Kosakowo\">\n                                    <div class=\"tickets-slider__sliderCard\">\n                                        \n<div class=\"card-ticket\">\n        <div class=\"card-ticket__image\">\n        <a href=\"https:\/\/www.ebilet.pl\/muzyka\/festiwale\/opener-festival\">\n            <img decoding=\"async\" src=\"https:\/\/www.ebilet.pl\/media\/cms\/media\/qvef4ie4\/opener2026_552x736-e8fd0918-0d0e-47d3-bbe0-f4f0302085e4.webp\" alt=\"Plakat wydarzenia\" \/>\n        <\/a>\n    <\/div>\n             \n    <div class=\"card-ticket__link\">\n        <a href=\"https:\/\/www.ebilet.pl\/muzyka\/festiwale\/opener-festival\" class=\"button button--theme-primary-yellow button--withIconLeft button--size-small\">\n            <span class=\"button__icon icon icon-ticket\"><\/span>\n            <p class=\"button__text typo-16 f-600\">Kup bilet<\/p>\n        <\/a>\n    <\/div>\n    <\/div>                                    <\/div>\n                                <\/div>\n                                                            <div class=\"tickets-slider__sliderItem swiper-slide\"\n                                    data-id=\"29716\"\n                                    data-name=\"ATB | FINAL CHAPTER | POLAND TOUR\"\n                                    data-brand=\"HOT STAFF\"\n                                    data-category=\"muzyka\"\n                                    data-subcategory=\"elektro-techno\"\n                                    data-city=\"Bia\u0142ystok, Bydgoszcz, Gdynia i inne\"\n                                    data-venue=\"Wakepark Bydgoszcz\/My\u015bl\u0119cinek\">\n                                    <div class=\"tickets-slider__sliderCard\">\n                                        \n<div class=\"card-ticket\">\n        <div class=\"card-ticket__image\">\n        <a href=\"https:\/\/www.ebilet.pl\/muzyka\/elektro-techno\/atb\">\n            <img decoding=\"async\" src=\"https:\/\/www.ebilet.pl\/media\/cms\/media\/lfio3ow5\/ebilet-pion-2.webp\" alt=\"Plakat wydarzenia\" \/>\n        <\/a>\n    <\/div>\n             \n    <div class=\"card-ticket__link\">\n        <a href=\"https:\/\/www.ebilet.pl\/muzyka\/elektro-techno\/atb\" class=\"button button--theme-primary-yellow button--withIconLeft button--size-small\">\n            <span class=\"button__icon icon icon-ticket\"><\/span>\n            <p class=\"button__text typo-16 f-600\">Kup bilet<\/p>\n        <\/a>\n    <\/div>\n    <\/div>                                    <\/div>\n                                <\/div>\n                                                            <div class=\"tickets-slider__sliderItem swiper-slide\"\n                                    data-id=\"204964\"\n                                    data-name=\"EPIC ROCK: Symphonic Concert\"\n                                    data-brand=\"VISUAL PRODUCTION Sp. z o.o. \"\n                                    data-category=\"muzyka\"\n                                    data-subcategory=\"rock\"\n                                    data-city=\"Gdynia, Pozna\u0144, Warszawa i inne\"\n                                    data-venue=\"MTP - Mi\u0119dzynarodowe Targi Pozna\u0144skie\">\n                                    <div class=\"tickets-slider__sliderCard\">\n                                        \n<div class=\"card-ticket\">\n        <div class=\"card-ticket__image\">\n        <a href=\"https:\/\/www.ebilet.pl\/muzyka\/rock\/epic-rock-symphonic-concert\">\n            <img decoding=\"async\" src=\"https:\/\/www.ebilet.pl\/media\/cms\/media\/gqgdpaua\/552x736-epic-rock_data-d7743615-48da-4014-8a56-ff6b809a1c25.webp\" alt=\"Plakat wydarzenia\" \/>\n        <\/a>\n    <\/div>\n             \n    <div class=\"card-ticket__link\">\n        <a href=\"https:\/\/www.ebilet.pl\/muzyka\/rock\/epic-rock-symphonic-concert\" class=\"button button--theme-primary-yellow button--withIconLeft button--size-small\">\n            <span class=\"button__icon icon icon-ticket\"><\/span>\n            <p class=\"button__text typo-16 f-600\">Kup bilet<\/p>\n        <\/a>\n    <\/div>\n    <\/div>                                    <\/div>\n                                <\/div>\n                                                            <div class=\"tickets-slider__sliderItem swiper-slide\"\n                                    data-id=\"205426\"\n                                    data-name=\"Two Feet\"\n                                    data-brand=\"Alter Art\"\n                                    data-category=\"muzyka\"\n                                    data-subcategory=\"rock\"\n                                    data-city=\"Krak\u00f3w, Warszawa\"\n                                    data-venue=\"Klub Studio\">\n                                    <div class=\"tickets-slider__sliderCard\">\n                                        \n<div class=\"card-ticket\">\n        <div class=\"card-ticket__image\">\n        <a href=\"https:\/\/www.ebilet.pl\/muzyka\/rock\/two-feet\">\n            <img decoding=\"async\" src=\"https:\/\/www.ebilet.pl\/media\/cms\/media\/ha4l5hjv\/two_feet_ebilet_552x736-629eacd1-4fb5-4747-bd12-b59d341bcc29.webp\" alt=\"Plakat wydarzenia\" \/>\n        <\/a>\n    <\/div>\n             \n    <div class=\"card-ticket__link\">\n        <a href=\"https:\/\/www.ebilet.pl\/muzyka\/rock\/two-feet\" class=\"button button--theme-primary-yellow button--withIconLeft button--size-small\">\n            <span class=\"button__icon icon icon-ticket\"><\/span>\n            <p class=\"button__text typo-16 f-600\">Kup bilet<\/p>\n        <\/a>\n    <\/div>\n    <\/div>                                    <\/div>\n                                <\/div>\n                                                            <div class=\"tickets-slider__sliderItem swiper-slide\"\n                                    data-id=\"94598\"\n                                    data-name=\"FAME 31\"\n                                    data-brand=\"Fame MMA\"\n                                    data-category=\"sport\"\n                                    data-subcategory=\"sporty-walki\"\n                                    data-city=\"Koszalin\"\n                                    data-venue=\"Hala Widowiskowo-Sportowa w Koszalinie\">\n                                    <div class=\"tickets-slider__sliderCard\">\n                                        \n<div class=\"card-ticket\">\n        <div class=\"card-ticket__image\">\n        <a href=\"https:\/\/www.ebilet.pl\/sport\/sporty-walki\/fame-mma\">\n            <img decoding=\"async\" src=\"https:\/\/www.ebilet.pl\/media\/cms\/media\/24lbxjty\/fame31-cover-ebilet-552x736.webp\" alt=\"Plakat wydarzenia\" \/>\n        <\/a>\n    <\/div>\n             \n    <div class=\"card-ticket__link\">\n        <a href=\"https:\/\/www.ebilet.pl\/sport\/sporty-walki\/fame-mma\" class=\"button button--theme-primary-yellow button--withIconLeft button--size-small\">\n            <span class=\"button__icon icon icon-ticket\"><\/span>\n            <p class=\"button__text typo-16 f-600\">Kup bilet<\/p>\n        <\/a>\n    <\/div>\n    <\/div>                                    <\/div>\n                                <\/div>\n                                                            <div class=\"tickets-slider__sliderItem swiper-slide\"\n                                    data-id=\"5930\"\n                                    data-name=\"Audioriver Festival 2026\"\n                                    data-brand=\"Audioriver Sp. z o.o.\"\n                                    data-category=\"muzyka\"\n                                    data-subcategory=\"festiwale\"\n                                    data-city=\"\u0141\u00f3d\u017a\"\n                                    data-venue=\"B\u0142onia \u0141\u00f3dzkie\">\n                                    <div class=\"tickets-slider__sliderCard\">\n                                        \n<div class=\"card-ticket\">\n        <div class=\"card-ticket__image\">\n        <a href=\"https:\/\/www.ebilet.pl\/muzyka\/festiwale\/audioriver\">\n            <img decoding=\"async\" src=\"https:\/\/www.ebilet.pl\/media\/cms\/media\/gfjpcqll\/so-far5-pion-84d088fb-d165-4b1b-b069-77f1f8fa737b.webp\" alt=\"Plakat wydarzenia\" \/>\n        <\/a>\n    <\/div>\n             \n    <div class=\"card-ticket__link\">\n        <a href=\"https:\/\/www.ebilet.pl\/muzyka\/festiwale\/audioriver\" class=\"button button--theme-primary-yellow button--withIconLeft button--size-small\">\n            <span class=\"button__icon icon icon-ticket\"><\/span>\n            <p class=\"button__text typo-16 f-600\">Kup bilet<\/p>\n        <\/a>\n    <\/div>\n    <\/div>                                    <\/div>\n                                <\/div>\n                                                            <div class=\"tickets-slider__sliderItem swiper-slide\"\n                                    data-id=\"203961\"\n                                    data-name=\"Circoloco Warsaw\"\n                                    data-brand=\"Awake Events Sp. z o.o.\"\n                                    data-category=\"muzyka\"\n                                    data-subcategory=\"festiwale\"\n                                    data-city=\"Warszawa\"\n                                    data-venue=\"Pa\u0142ac w Wilanowie\">\n                                    <div class=\"tickets-slider__sliderCard\">\n                                        \n<div class=\"card-ticket\">\n        <div class=\"card-ticket__image\">\n        <a href=\"https:\/\/www.ebilet.pl\/muzyka\/festiwale\/circoloco-warsaw\">\n            <img decoding=\"async\" src=\"https:\/\/www.ebilet.pl\/media\/cms\/media\/moylgab4\/strona-wydarzenia-pion-a2233c6c-8b45-46d1-88c7-c2b6d8631f7f.webp\" alt=\"Plakat wydarzenia\" \/>\n        <\/a>\n    <\/div>\n             \n    <div class=\"card-ticket__link\">\n        <a href=\"https:\/\/www.ebilet.pl\/muzyka\/festiwale\/circoloco-warsaw\" class=\"button button--theme-primary-yellow button--withIconLeft button--size-small\">\n            <span class=\"button__icon icon icon-ticket\"><\/span>\n            <p class=\"button__text typo-16 f-600\">Kup bilet<\/p>\n        <\/a>\n    <\/div>\n    <\/div>                                    <\/div>\n                                <\/div>\n                                                            <div class=\"tickets-slider__sliderItem swiper-slide\"\n                                    data-id=\"8112\"\n                                    data-name=\"21. Tauron Nowa Muzyka Katowice 2026\"\n                                    data-brand=\"Fundacja Nowa Muzyka Katowice\"\n                                    data-category=\"muzyka\"\n                                    data-subcategory=\"festiwale\"\n                                    data-city=\"Katowice\"\n                                    data-venue=\"Narodowa Orkiestra Symfoniczna Polskiego Radia - NOSPR\">\n                                    <div class=\"tickets-slider__sliderCard\">\n                                        \n<div class=\"card-ticket\">\n        <div class=\"card-ticket__image\">\n        <a href=\"https:\/\/www.ebilet.pl\/muzyka\/festiwale\/tauron-nowa-muzyka\">\n            <img decoding=\"async\" src=\"https:\/\/www.ebilet.pl\/media\/cms\/media\/ksnpugtd\/secret-stage-12d20587-5578-4e4b-baa0-104b56bea764.webp\" alt=\"Plakat wydarzenia\" \/>\n        <\/a>\n    <\/div>\n             \n    <div class=\"card-ticket__link\">\n        <a href=\"https:\/\/www.ebilet.pl\/muzyka\/festiwale\/tauron-nowa-muzyka\" class=\"button button--theme-primary-yellow button--withIconLeft button--size-small\">\n            <span class=\"button__icon icon icon-ticket\"><\/span>\n            <p class=\"button__text typo-16 f-600\">Kup bilet<\/p>\n        <\/a>\n    <\/div>\n    <\/div>                                    <\/div>\n                                <\/div>\n                                                            <div class=\"tickets-slider__sliderItem swiper-slide\"\n                                    data-id=\"48780\"\n                                    data-name=\"Mistrzostwa \u015awiata w koszyk\u00f3wce 3x3 2026\"\n                                    data-brand=\"Polski Zwi\u0105zek Koszyk\u00f3wki\"\n                                    data-category=\"sport\"\n                                    data-subcategory=\"sporty-druzynowe\"\n                                    data-city=\"Warszawa\"\n                                    data-venue=\"Plac Defilad \">\n                                    <div class=\"tickets-slider__sliderCard\">\n                                        \n<div class=\"card-ticket\">\n        <div class=\"card-ticket__image\">\n        <a href=\"https:\/\/www.ebilet.pl\/sport\/sporty-druzynowe\/koszykowka\">\n            <img decoding=\"async\" src=\"https:\/\/www.ebilet.pl\/media\/cms\/media\/40dkh4qd\/552x739-961a0af8-0c70-4f76-b55e-bf23fa63fae4.webp\" alt=\"Plakat wydarzenia\" \/>\n        <\/a>\n    <\/div>\n             \n    <div class=\"card-ticket__link\">\n        <a href=\"https:\/\/www.ebilet.pl\/sport\/sporty-druzynowe\/koszykowka\" class=\"button button--theme-primary-yellow button--withIconLeft button--size-small\">\n            <span class=\"button__icon icon icon-ticket\"><\/span>\n            <p class=\"button__text typo-16 f-600\">Kup bilet<\/p>\n        <\/a>\n    <\/div>\n    <\/div>                                    <\/div>\n                                <\/div>\n                                                    <\/div>\n                    <\/div>\n                <\/div>\n            <\/div>\n        <\/div>\n    <\/div>\n<\/section>\n\n\n<section class=\"text-block  section-margin-32\" >\n    <div class=\"container\">\n        <div class=\"row\">\n            <div class=\"col-24\">\n                <div class=\"text-block__content\"><h3><strong>\u201cAutumn\u201d Paolo Nutini<\/strong><\/h3>\n<p><span style=\"font-weight: 400;\">Jesie\u0144 w tej piosence nie jest z\u0142ocista i romantyczna \u2013 to pora roku, kt\u00f3ra niesie ze sob\u0105 ch\u0142\u00f3d, strat\u0119 i smutek.<\/span><b> \u201cAutumn\u201d Paolo Nutiniego to utw\u00f3r bardzo osobisty, pe\u0142en melancholii i emocji, kt\u00f3re przenikn\u0105 ci\u0119 do szpiku ko\u015bci.<\/b><\/p>\n<p><i><span style=\"font-weight: 400;\">Autumn leaves under frozen souls<\/span><\/i><\/p>\n<p><i><span style=\"font-weight: 400;\">Hungry hands turning soft and old<\/span><\/i><\/p>\n<p><i><span style=\"font-weight: 400;\">My hero cried as we stood out there in the cold<\/span><\/i><\/p>\n<p><i><span style=\"font-weight: 400;\">Like these autumn leaves I don&#8217;t have nothing to hold<\/span><\/i><\/p>\n<p><span style=\"font-weight: 400;\">Nutini \u015bpiewa o odej\u015bciu bliskiej osoby \u2013 o \u017ca\u0142obie, pustce i trudnym do ud\u017awigni\u0119cia smutku. <\/span><b>Jesienne li\u015bcie staj\u0105 si\u0119 tu metafor\u0105 samotno\u015bci i przemijania, a ca\u0142y utw\u00f3r brzmi jak intymne wyznanie.<\/b><\/p>\n<p><span style=\"font-weight: 400;\">Piosenka pochodzi z debiutanckiego albumu \u201cThese Streets\u201d z 2006 roku. W\u015br\u00f3d energicznych singli, kt\u00f3re przynios\u0142y mu popularno\u015b\u0107, takich jak \u201cNew Shoes\u201d czy \u201cLast Request\u201d, \u201cAutumn\u201d wyr\u00f3\u017cnia si\u0119 wyj\u0105tkow\u0105 szczero\u015bci\u0105 i spokojem. To ballada, kt\u00f3ra trafia prosto do serca.<\/span><\/p>\n<h3><strong>\u201cOctober\u201d U2<\/strong><\/h3>\n<p><b>Jesie\u0144 w utworze U2 to nie tylko metafora przemijania, ale te\u017c refleksja nad wiar\u0105, czasem i niepewno\u015bci\u0105. <\/b><span style=\"font-weight: 400;\">\u201cOctober\u201d pochodzi z drugiego albumu zespo\u0142u, wydanego w 1981 roku. To kr\u00f3tka, ale niezwykle sugestywna ballada \u2013 spokojna, oparta na fortepianie, odmienna od dynamicznych, rockowych numer\u00f3w grupy z tamtego okresu.<\/span><\/p>\n<p><i><span style=\"font-weight: 400;\">October<\/span><\/i><\/p>\n<p><i><span style=\"font-weight: 400;\">And kingdoms rise<\/span><\/i><\/p>\n<p><i><span style=\"font-weight: 400;\">And kingdoms fall<\/span><\/i><\/p>\n<p><i><span style=\"font-weight: 400;\">But you go on&#8230;and on\u2026<\/span><\/i><\/p>\n<p><span style=\"font-weight: 400;\">Tekst jest bardzo oszcz\u0119dny, wr\u0119cz minimalistyczny. Bono \u015bpiewa o cykliczno\u015bci historii \u2013 o tym, \u017ce kr\u00f3lestwa powstaj\u0105 i upadaj\u0105, a mimo to co\u015b trwa nadal. W tle tej refleksji s\u0142ycha\u0107 te\u017c osobisty wymiar \u2013 <\/span><b>\u201cOctober\u201d powsta\u0142o w czasie, gdy muzycy zmagali si\u0119 z kryzysem to\u017csamo\u015bci i poszukiwaniem duchowych odpowiedzi.<\/b><\/p>\n<p><span style=\"font-weight: 400;\">Album \u201cOctober\u201d zosta\u0142 nagrany w Dublinie, w Windmill Lane Studios, a jego producentem by\u0142 Steve Lillywhite.\u00a0<\/span><\/p>\n<h3><strong>\u201cLeaves That Are Green\u201d Simon &amp; Garfunkel<\/strong><\/h3>\n<p><b>Jesie\u0144 w tej piosence to nie tylko obraz opadaj\u0105cych li\u015bci, ale przede wszystkim metafora przemijania i ulotno\u015bci uczu\u0107.<\/b><span style=\"font-weight: 400;\"> \u201cLeaves That Are Green\u201d to utw\u00f3r napisany przez Paula Simona \u2013 najpierw znalaz\u0142 si\u0119 na jego solowej p\u0142ycie \u201cThe Paul Simon Songbook\u201d (1965), a rok p\u00f3\u017aniej nagrany ponownie z Artem Garfunkelem na album \u201cSounds of Silence\u201d.<\/span><\/p>\n<p><i><span style=\"font-weight: 400;\">I was twenty-one years when I wrote this song<\/span><\/i><\/p>\n<p><i><span style=\"font-weight: 400;\">I&#8217;m twenty-two now, but I won&#8217;t be for long<\/span><\/i><\/p>\n<p><i><span style=\"font-weight: 400;\">Time hurries on<\/span><\/i><\/p>\n<p><i><span style=\"font-weight: 400;\">And the leaves that are green turn to brown<\/span><\/i><\/p>\n<p><i><span style=\"font-weight: 400;\">And they wither with the wind<\/span><\/i><\/p>\n<p><i><span style=\"font-weight: 400;\">And they crumble in your hand<\/span><\/i><\/p>\n<p><b>To jeden z pierwszych utwor\u00f3w Simona, w kt\u00f3rym wprost pojawia si\u0119 temat up\u0142ywu czasu \u2013 motyw, do kt\u00f3rego wraca\u0142 p\u00f3\u017aniej wielokrotnie.<\/b><span style=\"font-weight: 400;\"> Prosty obraz jesiennych li\u015bci staje si\u0119 tu symbolem przemijania m\u0142odo\u015bci, rozpadu relacji i tego, \u017ce nic nie trwa wiecznie.<\/span><\/p>\n<p><span style=\"font-weight: 400;\">Muzycznie \u201cLeaves That Are Green\u201d wyr\u00f3\u017cnia si\u0119 folkowym charakterem, wzbogaconym o harpsichord i rytmiczn\u0105 gitar\u0119. <\/span><b>Cho\u0107 tekst ma w sobie nut\u0119 smutku, melodia jest lekka i pogodna, co tworzy ciekawy kontrast.<\/b><\/p>\n<p><span style=\"font-weight: 400;\">Piosenka by\u0142a wykonywana przez duet tak\u017ce wiele lat p\u00f3\u017aniej \u2013 np. podczas trasy koncertowej w 2004 roku. Jej wersy cytowali inni arty\u015bci, a sam utw\u00f3r uznawany jest za jeden z najpi\u0119kniejszych przyk\u0142ad\u00f3w wczesnej tw\u00f3rczo\u015bci Simona, w kt\u00f3rej zmie\u015bci\u0142 i prostot\u0119, i poetycko\u015b\u0107.<\/span><\/p>\n<h3><strong>\u201cAutumn in New York\u201d Billie Holiday<\/strong><\/h3>\n<p><b>Jesie\u0144 w Nowym Jorku ma sw\u00f3j niepowtarzalny klimat \u2013 w\u0142a\u015bnie o tym opowiada jazzowy standard \u201cAutumn in New York\u201d. <\/b><span style=\"font-weight: 400;\">Utw\u00f3r napisa\u0142 Vernon Duke w 1934 roku, pocz\u0105tkowo bez konkretnego zam\u00f3wienia. Ostatecznie trafi\u0142 do broadwayowskiego musicalu \u201cThumbs Up!\u201d, gdzie po raz pierwszy za\u015bpiewa\u0142 go J. Harold Murray.<\/span><\/p>\n<p><i><span style=\"font-weight: 400;\">It&#8217;s autumn in New York<\/span><\/i><\/p>\n<p><i><span style=\"font-weight: 400;\">It&#8217;s good to live it again<\/span><\/i><\/p>\n<p><b>Od tamtej pory piosenka doczeka\u0142a si\u0119 niezliczonych interpretacji. <\/b><span style=\"font-weight: 400;\">Nagrywali j\u0105 m.in. Frank Sinatra, Sarah Vaughan, Louis Armstrong i Ella Fitzgerald, a tak\u017ce Chet Baker czy Diana Krall. <\/span><b>Jednak to wersja Billie Holiday nale\u017cy do tych najbardziej poruszaj\u0105cych. <\/b><span style=\"font-weight: 400;\">Jej charakterystyczny g\u0142os wprowadza do utworu nut\u0119 melancholii i nostalgii, idealnie oddaj\u0105c nastr\u00f3j jesiennego miasta.<\/span><\/p>\n<\/div>\n            <\/div>\n        <\/div>\n    <\/div>\n<\/section>\n\n\n    <section class=\"events-carousel-block  section-margin-32\"\n        data-events-carousel\n        data-settings='{\"per_view\":5}'\n        data-item-list-name=\"Karuzela niska Polecamy na eBilet\"\n        data-item-list-id=\"karuzela_niska Polecamy na eBilet\"\n        >\n        <div class=\"container\">\n                            <div class=\"row\">\n                    <div class=\"col-24\">\n                        <div class=\"events-carousel-block__title\">\n                            <h2 class=\"typo-h2\">Polecamy na eBilet<\/h2>\n                        <\/div>\n                    <\/div>\n                <\/div>\n                        <div class=\"row\">\n                <div class=\"col-24\">\n                    <div class=\"events-carousel-block__events\">\n                        <div class=\"events-carousel-block__nav events-carousel-block__nav--prev\">\n                            <div class=\"button button--withIcon button--theme-white-blur button--size-fixed-48\" data-events-carousel-prev>\n                                <span class=\"button__icon icon icon-chevron-left\"><\/span>\n                            <\/div>\n                        <\/div>\n                        <div class=\"events-carousel-block__nav events-carousel-block__nav--next\">\n                            <div class=\"button button--withIcon button--theme-white-blur button--size-fixed-48\" data-events-carousel-next>\n                                <span class=\"button__icon icon icon-chevron-right\"><\/span>\n                            <\/div>\n                        <\/div>\n                        <div class=\"events-carousel-block__slider swiper\" data-events-carousel-slider>\n                            <div class=\"events-carousel-block__sliderWrapper swiper-wrapper\">\n                                                                    <div class=\"events-carousel-block__sliderItem swiper-slide\"\n                                        data-id=\"63172\"\n                                        data-name=\"Voucher kinowy Helios\"\n                                        data-brand=\"Helios Media Sp. z o.o.\"\n                                        data-category=\"kino\"\n                                        data-subcategory=\"pozostale\"\n                                        data-city=\"Warszawa\"\n                                        data-venue=\"\">\n                                        \n<div class=\"card-event  card-event--size-small\">\n        <a href=\"https:\/\/www.ebilet.pl\/kino\/pozostale\/voucher-kinowy-helios\" target=\"_blank\" class=\"card-event__link\" rel=\"nofollow noopener\"><\/a>\n        <div class=\"card-event__wrapper\">\n        <div class=\"card-event__image\">\n            <img decoding=\"async\" src=\"https:\/\/www.ebilet.pl\/media\/cms\/media\/hfhlz0pe\/pozizom-d37c6cb2-c34e-4f8f-8b40-c73a5a052a83.webp\" alt=\"\">\n        <\/div>\n        <div class=\"card-event__data\">\n            <div class=\"card-event__name\">\n                <p>Voucher kinowy Helios<\/p>\n            <\/div>\n            <div class=\"card-event__date\"><\/div>\n            <div class=\"card-event__location\">Warszawa<\/div>\n        <\/div>\n    <\/div>\n<\/div>                                    <\/div>\n                                                                    <div class=\"events-carousel-block__sliderItem swiper-slide\"\n                                        data-id=\"161461\"\n                                        data-name=\"Boeing Boeing - Teatr Capitol\"\n                                        data-brand=\"Teatr Capitol\"\n                                        data-category=\"teatr\"\n                                        data-subcategory=\"komedia\"\n                                        data-city=\"Gda\u0144sk, Warszawa\"\n                                        data-venue=\"Teatr Capitol w Warszawie\">\n                                        \n<div class=\"card-event  card-event--size-small\">\n        <a href=\"https:\/\/www.ebilet.pl\/teatr\/komedia\/boeing-boeing-teatr-capitol\" target=\"_blank\" class=\"card-event__link\" rel=\"nofollow noopener\"><\/a>\n        <div class=\"card-event__wrapper\">\n        <div class=\"card-event__image\">\n            <img decoding=\"async\" src=\"https:\/\/www.ebilet.pl\/media\/cms\/media\/4oebxceo\/656x359-popr-20-11.webp\" alt=\"\">\n        <\/div>\n        <div class=\"card-event__data\">\n            <div class=\"card-event__name\">\n                <p>Boeing Boeing &#8211; Teatr Capitol<\/p>\n            <\/div>\n            <div class=\"card-event__date\"><\/div>\n            <div class=\"card-event__location\">Gda\u0144sk, Warszawa<\/div>\n        <\/div>\n    <\/div>\n<\/div>                                    <\/div>\n                                                                    <div class=\"events-carousel-block__sliderItem swiper-slide\"\n                                        data-id=\"94598\"\n                                        data-name=\"FAME 31\"\n                                        data-brand=\"Fame MMA\"\n                                        data-category=\"sport\"\n                                        data-subcategory=\"sporty-walki\"\n                                        data-city=\"Koszalin\"\n                                        data-venue=\"Hala Widowiskowo-Sportowa w Koszalinie\">\n                                        \n<div class=\"card-event  card-event--size-small\">\n        <a href=\"https:\/\/www.ebilet.pl\/sport\/sporty-walki\/fame-mma\" target=\"_blank\" class=\"card-event__link\" rel=\"nofollow noopener\"><\/a>\n        <div class=\"card-event__wrapper\">\n        <div class=\"card-event__image\">\n            <img decoding=\"async\" src=\"https:\/\/www.ebilet.pl\/media\/cms\/media\/orylmco5\/fame31-cover-ebilet-656x369.webp\" alt=\"\">\n        <\/div>\n        <div class=\"card-event__data\">\n            <div class=\"card-event__name\">\n                <p>FAME 31<\/p>\n            <\/div>\n            <div class=\"card-event__date\"><\/div>\n            <div class=\"card-event__location\">Koszalin<\/div>\n        <\/div>\n    <\/div>\n<\/div>                                    <\/div>\n                                                                    <div class=\"events-carousel-block__sliderItem swiper-slide\"\n                                        data-id=\"13630\"\n                                        data-name=\"M\u0119skie Granie 2026\"\n                                        data-brand=\"LIVE Sp. z o.o.\"\n                                        data-category=\"muzyka\"\n                                        data-subcategory=\"festiwale\"\n                                        data-city=\"Gda\u0144sk, Krak\u00f3w, Pozna\u0144 i inne\"\n                                        data-venue=\"\u017bywiec Amfiteatr pod Grojcem\">\n                                        \n<div class=\"card-event  card-event--size-small\">\n        <a href=\"https:\/\/www.ebilet.pl\/muzyka\/festiwale\/meskie-granie\" target=\"_blank\" class=\"card-event__link\" rel=\"nofollow noopener\"><\/a>\n        <div class=\"card-event__wrapper\">\n        <div class=\"card-event__image\">\n            <img decoding=\"async\" src=\"https:\/\/www.ebilet.pl\/media\/cms\/media\/fl5hhucv\/656x369-11-78db817f-ad60-4332-b49a-e1c7a2e31068.webp\" alt=\"\">\n        <\/div>\n        <div class=\"card-event__data\">\n            <div class=\"card-event__name\">\n                <p>M\u0119skie Granie 2026<\/p>\n            <\/div>\n            <div class=\"card-event__date\"><\/div>\n            <div class=\"card-event__location\">Gda\u0144sk, Krak\u00f3w, Pozna\u0144 i inne<\/div>\n        <\/div>\n    <\/div>\n<\/div>                                    <\/div>\n                                                                    <div class=\"events-carousel-block__sliderItem swiper-slide\"\n                                        data-id=\"38728\"\n                                        data-name=\"Silesia Memoria\u0142 Kamili Skolimowskiej\"\n                                        data-brand=\"Fundacja Kamili Skolimowskiej\"\n                                        data-category=\"sport\"\n                                        data-subcategory=\"lekkoatletyka\"\n                                        data-city=\"Chorz\u00f3w\"\n                                        data-venue=\"Superauto.pl Stadion \u015al\u0105ski\">\n                                        \n<div class=\"card-event  card-event--size-small\">\n        <a href=\"https:\/\/www.ebilet.pl\/sport\/lekkoatletyka\/memorial-kamili-skolimowskiej\" target=\"_blank\" class=\"card-event__link\" rel=\"nofollow noopener\"><\/a>\n        <div class=\"card-event__wrapper\">\n        <div class=\"card-event__image\">\n            <img decoding=\"async\" src=\"https:\/\/www.ebilet.pl\/media\/cms\/media\/szunpuvg\/656x369-2-f821045a-7792-4901-947d-c0affda9f75a.webp\" alt=\"\">\n        <\/div>\n        <div class=\"card-event__data\">\n            <div class=\"card-event__name\">\n                <p>Silesia Memoria\u0142 Kamili Skolimowskiej<\/p>\n            <\/div>\n            <div class=\"card-event__date\"><\/div>\n            <div class=\"card-event__location\">Chorz\u00f3w<\/div>\n        <\/div>\n    <\/div>\n<\/div>                                    <\/div>\n                                                                    <div class=\"events-carousel-block__sliderItem swiper-slide\"\n                                        data-id=\"128680\"\n                                        data-name=\"Sunset Square 2026\"\n                                        data-brand=\"MDT Production\"\n                                        data-category=\"muzyka\"\n                                        data-subcategory=\"festiwale\"\n                                        data-city=\"Gdynia\"\n                                        data-venue=\"Skwer Ko\u015bciuszki\">\n                                        \n<div class=\"card-event  card-event--size-small\">\n        <a href=\"https:\/\/www.ebilet.pl\/muzyka\/festiwale\/sunset-square\" target=\"_blank\" class=\"card-event__link\" rel=\"nofollow noopener\"><\/a>\n        <div class=\"card-event__wrapper\">\n        <div class=\"card-event__image\">\n            <img decoding=\"async\" src=\"https:\/\/www.ebilet.pl\/media\/cms\/media\/idvdsit0\/boris-brejcha-1920x1080-05899710-c9c2-4417-95f9-aad73df94b6c.webp\" alt=\"\">\n        <\/div>\n        <div class=\"card-event__data\">\n            <div class=\"card-event__name\">\n                <p>Sunset Square 2026<\/p>\n            <\/div>\n            <div class=\"card-event__date\"><\/div>\n            <div class=\"card-event__location\">Gdynia<\/div>\n        <\/div>\n    <\/div>\n<\/div>                                    <\/div>\n                                                                    <div class=\"events-carousel-block__sliderItem swiper-slide\"\n                                        data-id=\"10672\"\n                                        data-name=\"Red Bull Drift Masters, Grand Finale 2026, Poland\"\n                                        data-brand=\"Drift Masters Grand Prix Sp. z o.o.\"\n                                        data-category=\"sport\"\n                                        data-subcategory=\"sporty-motorowe\"\n                                        data-city=\"Warszawa\"\n                                        data-venue=\"PGE Narodowy im. Kazimierza G\u00f3rskiego\">\n                                        \n<div class=\"card-event  card-event--size-small\">\n        <a href=\"https:\/\/www.ebilet.pl\/sport\/sporty-motorowe\/drift-masters\" target=\"_blank\" class=\"card-event__link\" rel=\"nofollow noopener\"><\/a>\n        <div class=\"card-event__wrapper\">\n        <div class=\"card-event__image\">\n            <img decoding=\"async\" src=\"https:\/\/www.ebilet.pl\/media\/cms\/media\/ufikt2pp\/656x369-1-3259eaa7-dcbd-4393-a286-5f17e35417c5.webp\" alt=\"\">\n        <\/div>\n        <div class=\"card-event__data\">\n            <div class=\"card-event__name\">\n                <p>Red Bull Drift Masters, Grand Finale 2026, Poland<\/p>\n            <\/div>\n            <div class=\"card-event__date\"><\/div>\n            <div class=\"card-event__location\">Warszawa<\/div>\n        <\/div>\n    <\/div>\n<\/div>                                    <\/div>\n                                                                    <div class=\"events-carousel-block__sliderItem swiper-slide\"\n                                        data-id=\"16543\"\n                                        data-name=\"Rozta\u0144czony PGE Narodowy 2026\"\n                                        data-brand=\"KRYSIAK POLSKA CORPORATION Sp. z o.o.\"\n                                        data-category=\"muzyka\"\n                                        data-subcategory=\"festiwale\"\n                                        data-city=\"Warszawa\"\n                                        data-venue=\"PGE Narodowy im. Kazimierza G\u00f3rskiego\">\n                                        \n<div class=\"card-event  card-event--size-small\">\n        <a href=\"https:\/\/www.ebilet.pl\/muzyka\/festiwale\/roztanczony-narodowy\" target=\"_blank\" class=\"card-event__link\" rel=\"nofollow noopener\"><\/a>\n        <div class=\"card-event__wrapper\">\n        <div class=\"card-event__image\">\n            <img decoding=\"async\" src=\"https:\/\/www.ebilet.pl\/media\/cms\/media\/ih4mtfpw\/newletter_basic.webp\" alt=\"\">\n        <\/div>\n        <div class=\"card-event__data\">\n            <div class=\"card-event__name\">\n                <p>Rozta\u0144czony PGE Narodowy 2026<\/p>\n            <\/div>\n            <div class=\"card-event__date\"><\/div>\n            <div class=\"card-event__location\">Warszawa<\/div>\n        <\/div>\n    <\/div>\n<\/div>                                    <\/div>\n                                                                    <div class=\"events-carousel-block__sliderItem swiper-slide\"\n                                        data-id=\"67208\"\n                                        data-name=\"Speedland Festival 2026\"\n                                        data-brand=\"Adrenaline Promotion Rafa\u0142 Haznar\"\n                                        data-category=\"sport\"\n                                        data-subcategory=\"sporty-motorowe\"\n                                        data-city=\"Krosno\"\n                                        data-venue=\"Lotnisko Krosno\">\n                                        \n<div class=\"card-event  card-event--size-small\">\n        <a href=\"https:\/\/www.ebilet.pl\/sport\/sporty-motorowe\/speedland\" target=\"_blank\" class=\"card-event__link\" rel=\"nofollow noopener\"><\/a>\n        <div class=\"card-event__wrapper\">\n        <div class=\"card-event__image\">\n            <img decoding=\"async\" src=\"https:\/\/www.ebilet.pl\/media\/cms\/media\/zeglylyt\/656x369-9-9b5a2769-5165-4a65-b574-8cb05086e41d.webp\" alt=\"\">\n        <\/div>\n        <div class=\"card-event__data\">\n            <div class=\"card-event__name\">\n                <p>Speedland Festival 2026<\/p>\n            <\/div>\n            <div class=\"card-event__date\"><\/div>\n            <div class=\"card-event__location\">Krosno<\/div>\n        <\/div>\n    <\/div>\n<\/div>                                    <\/div>\n                                                                    <div class=\"events-carousel-block__sliderItem swiper-slide\"\n                                        data-id=\"129853\"\n                                        data-name=\"Beksi\u0144ski.Live\"\n                                        data-brand=\"L2L Sp z o.o.\"\n                                        data-category=\"widowiska\"\n                                        data-subcategory=\"inne\"\n                                        data-city=\"Warszawa, Wroc\u0142aw\"\n                                        data-venue=\"Hala COS Torwar \">\n                                        \n<div class=\"card-event  card-event--size-small\">\n        <a href=\"https:\/\/www.ebilet.pl\/widowiska\/inne\/beksinski-live\" target=\"_blank\" class=\"card-event__link\" rel=\"nofollow noopener\"><\/a>\n        <div class=\"card-event__wrapper\">\n        <div class=\"card-event__image\">\n            <img decoding=\"async\" src=\"https:\/\/www.ebilet.pl\/media\/cms\/media\/y2nprogb\/656x369-2026-04-27t161826313.webp\" alt=\"\">\n        <\/div>\n        <div class=\"card-event__data\">\n            <div class=\"card-event__name\">\n                <p>Beksi\u0144ski.Live<\/p>\n            <\/div>\n            <div class=\"card-event__date\"><\/div>\n            <div class=\"card-event__location\">Warszawa, Wroc\u0142aw<\/div>\n        <\/div>\n    <\/div>\n<\/div>                                    <\/div>\n                                                                    <div class=\"events-carousel-block__sliderItem swiper-slide\"\n                                        data-id=\"144549\"\n                                        data-name=\"Zwiedzanie ZOO Warszawa\"\n                                        data-brand=\"Miasto Sto\u0142eczne Warszawa\"\n                                        data-category=\"zwiedzanie\"\n                                        data-subcategory=\"zoo\"\n                                        data-city=\"Warszawa\"\n                                        data-venue=\"\">\n                                        \n<div class=\"card-event  card-event--size-small\">\n        <a href=\"https:\/\/www.ebilet.pl\/zwiedzanie\/zoo\/zwiedzanie-zoo-warszawa\" target=\"_blank\" class=\"card-event__link\" rel=\"nofollow noopener\"><\/a>\n        <div class=\"card-event__wrapper\">\n        <div class=\"card-event__image\">\n            <img decoding=\"async\" src=\"https:\/\/www.ebilet.pl\/media\/cms\/media\/vxxcxvae\/04_bilet-domowy_656x369-05e8639e-58dc-445e-95ca-14f25e17b4f3.webp\" alt=\"\">\n        <\/div>\n        <div class=\"card-event__data\">\n            <div class=\"card-event__name\">\n                <p>Zwiedzanie ZOO Warszawa<\/p>\n            <\/div>\n            <div class=\"card-event__date\"><\/div>\n            <div class=\"card-event__location\">Warszawa<\/div>\n        <\/div>\n    <\/div>\n<\/div>                                    <\/div>\n                                                                    <div class=\"events-carousel-block__sliderItem swiper-slide\"\n                                        data-id=\"125950\"\n                                        data-name=\"Zwiedzanie ZOO Wroc\u0142aw\"\n                                        data-brand=\"ZOO Wroc\u0142aw\"\n                                        data-category=\"zwiedzanie\"\n                                        data-subcategory=\"zoo\"\n                                        data-city=\"Wroc\u0142aw\"\n                                        data-venue=\"ZOO we Wroc\u0142awiu\">\n                                        \n<div class=\"card-event  card-event--size-small\">\n        <a href=\"https:\/\/www.ebilet.pl\/zwiedzanie\/zoo\/zwiedzanie-zoo-wroclaw\" target=\"_blank\" class=\"card-event__link\" rel=\"nofollow noopener\"><\/a>\n        <div class=\"card-event__wrapper\">\n        <div class=\"card-event__image\">\n            <img decoding=\"async\" src=\"https:\/\/www.ebilet.pl\/media\/cms\/media\/wpzfsqii\/01_zoo_ebilet_656x369px-8e081b48-ed80-10b3-4ede-a1fdb0e8bde2.webp\" alt=\"\">\n        <\/div>\n        <div class=\"card-event__data\">\n            <div class=\"card-event__name\">\n                <p>Zwiedzanie ZOO Wroc\u0142aw<\/p>\n            <\/div>\n            <div class=\"card-event__date\"><\/div>\n            <div class=\"card-event__location\">Wroc\u0142aw<\/div>\n        <\/div>\n    <\/div>\n<\/div>                                    <\/div>\n                                                                    <div class=\"events-carousel-block__sliderItem swiper-slide\"\n                                        data-id=\"11852\"\n                                        data-name=\"2026 BOLL FIM Speedway World Cup - Warsaw\"\n                                        data-brand=\"Polski Zwi\u0105zek Motorowy\"\n                                        data-category=\"sport\"\n                                        data-subcategory=\"sporty-motorowe\"\n                                        data-city=\"Warszawa\"\n                                        data-venue=\"PGE Narodowy im. Kazimierza G\u00f3rskiego\">\n                                        \n<div class=\"card-event  card-event--size-small\">\n        <a href=\"https:\/\/www.ebilet.pl\/sport\/sporty-motorowe\/speedway\" target=\"_blank\" class=\"card-event__link\" rel=\"nofollow noopener\"><\/a>\n        <div class=\"card-event__wrapper\">\n        <div class=\"card-event__image\">\n            <img decoding=\"async\" src=\"https:\/\/www.ebilet.pl\/media\/cms\/media\/4ycnrk3v\/656x369-8-90146097-b4e8-4d2d-a798-f357aa3d16a2.webp\" alt=\"\">\n        <\/div>\n        <div class=\"card-event__data\">\n            <div class=\"card-event__name\">\n                <p>2026 BOLL FIM Speedway World Cup &#8211; Warsaw<\/p>\n            <\/div>\n            <div class=\"card-event__date\"><\/div>\n            <div class=\"card-event__location\">Warszawa<\/div>\n        <\/div>\n    <\/div>\n<\/div>                                    <\/div>\n                                                                    <div class=\"events-carousel-block__sliderItem swiper-slide\"\n                                        data-id=\"49432\"\n                                        data-name=\"Wroc\u0142aw Hip Hop Festival 2026\"\n                                        data-brand=\"Stowarzyszenie Planeta M\u0142odych\"\n                                        data-category=\"muzyka\"\n                                        data-subcategory=\"festiwale\"\n                                        data-city=\"Wroc\u0142aw\"\n                                        data-venue=\"Hala Stulecia\">\n                                        \n<div class=\"card-event  card-event--size-small\">\n        <a href=\"https:\/\/www.ebilet.pl\/muzyka\/festiwale\/wroclaw-hip-hop-festival\" target=\"_blank\" class=\"card-event__link\" rel=\"nofollow noopener\"><\/a>\n        <div class=\"card-event__wrapper\">\n        <div class=\"card-event__image\">\n            <img decoding=\"async\" src=\"https:\/\/www.ebilet.pl\/media\/cms\/media\/lvzja1iu\/0423-whhf-ebilet_04-34833b89-9f8c-4789-ab22-478b4f7f80f5.webp\" alt=\"\">\n        <\/div>\n        <div class=\"card-event__data\">\n            <div class=\"card-event__name\">\n                <p>Wroc\u0142aw Hip Hop Festival 2026<\/p>\n            <\/div>\n            <div class=\"card-event__date\"><\/div>\n            <div class=\"card-event__location\">Wroc\u0142aw<\/div>\n        <\/div>\n    <\/div>\n<\/div>                                    <\/div>\n                                                                    <div class=\"events-carousel-block__sliderItem swiper-slide\"\n                                        data-id=\"7104\"\n                                        data-name=\"Open&#039;er Festival 2026\"\n                                        data-brand=\"Alter Art\"\n                                        data-category=\"muzyka\"\n                                        data-subcategory=\"festiwale\"\n                                        data-city=\"Gdynia\"\n                                        data-venue=\"Lotnisko Gdynia - Kosakowo\">\n                                        \n<div class=\"card-event  card-event--size-small\">\n        <a href=\"https:\/\/www.ebilet.pl\/muzyka\/festiwale\/opener-festival\" target=\"_blank\" class=\"card-event__link\" rel=\"nofollow noopener\"><\/a>\n        <div class=\"card-event__wrapper\">\n        <div class=\"card-event__image\">\n            <img decoding=\"async\" src=\"https:\/\/www.ebilet.pl\/media\/cms\/media\/vr5l21om\/opener2026_ebilet_656x369-ee020a0f-2f31-4138-b4b2-04308c95f9f7.webp\" alt=\"\">\n        <\/div>\n        <div class=\"card-event__data\">\n            <div class=\"card-event__name\">\n                <p>Open&#8217;er Festival 2026<\/p>\n            <\/div>\n            <div class=\"card-event__date\"><\/div>\n            <div class=\"card-event__location\">Gdynia<\/div>\n        <\/div>\n    <\/div>\n<\/div>                                    <\/div>\n                                                            <\/div>\n                        <\/div>\n                    <\/div>\n                    <div class=\"events-carousel-block__pagination\">\n                        <div class=\"swiper-pagination slider-pagination\" data-events-carousel-pagination><\/div>\n                    <\/div>\n                <\/div>\n            <\/div>\n        <\/div>\n    <\/section>\n\n\n\n<section class=\"text-block  section-margin-32\" >\n    <div class=\"container\">\n        <div class=\"row\">\n            <div class=\"col-24\">\n                <div class=\"text-block__content\"><h2><strong>Jesienna playlista \u2013 piosenki polskie<\/strong><\/h2>\n<p><span style=\"font-weight: 400;\">A co z polskimi utworami? Poznaj nasze propozycje!<\/span><\/p>\n<h3><span style=\"font-weight: 400;\">\u201c51\u201d TSA<\/span><\/h3>\n<p><b>\u201c51\u201d to piosenka zespo\u0142u TSA, kt\u00f3ra sta\u0142a si\u0119 wizyt\u00f3wk\u0105 formacji i do dzi\u015b jest jednym z najcz\u0119\u015bciej wykonywanych przez nich utwor\u00f3w na koncertach.<\/b><\/p>\n<p><i><span style=\"font-weight: 400;\">Id\u0105c jesienn\u0105 alej\u0105<\/span><\/i><\/p>\n<p><i><span style=\"font-weight: 400;\">Szukam Ciebie, m\u00f3j przyjacielu<\/span><\/i><\/p>\n<p><i><span style=\"font-weight: 400;\">Chc\u0119 by\u0107 tylko z Tob\u0105<\/span><\/i><\/p>\n<p><i><span style=\"font-weight: 400;\">Przez kilka ma\u0142ych chwil<\/span><\/i><\/p>\n<p><i><span style=\"font-weight: 400;\">(&#8230;)<\/span><\/i><\/p>\n<p><i><span style=\"font-weight: 400;\">Ju\u017c nikogo nie dr\u0119cz\u0105<\/span><\/i><\/p>\n<p><i><span style=\"font-weight: 400;\">Nasze md\u0142e spojrzenia<\/span><\/i><\/p>\n<p><i><span style=\"font-weight: 400;\">Dzi\u015b jeste\u015bmy nareszcie sami<\/span><\/i><\/p>\n<p><i><span style=\"font-weight: 400;\">W ten listopadowy wiecz\u00f3r<\/span><\/i><\/p>\n<p><b>Cho\u0107 tekst brzmi lirycznie, kryje si\u0119 za nim dramatyczna historia. <\/b><span style=\"font-weight: 400;\">Tytu\u0142 \u201c51\u201d odnosi si\u0119 do pr\u00f3by przemytu 51 kilogram\u00f3w narkotyk\u00f3w. <\/span><b>Kilka lat przed powstaniem piosenki od przedawkowania zmar\u0142 przyjaciel gitarzysty zespo\u0142u TSA, Andrzeja Nowaka. <\/b><span style=\"font-weight: 400;\">Autorem s\u0142\u00f3w jest Jacek Rzehak, a muzyk\u0119 stworzyli Nowak i wokalista Marek Piekarczyk.<\/span><\/p>\n<p><span style=\"font-weight: 400;\">\u201c51\u201d po raz pierwszy pojawi\u0142o si\u0119 na koncertowym debiucie zespo\u0142u \u2013 albumie \u201cLive\u201d \u2013 i szybko zdoby\u0142o status kultowego. <\/span><b>To jeden z nielicznych polskich rockowych utwor\u00f3w, kt\u00f3re znalaz\u0142y si\u0119 na podium listy \u201cTop Wszech Czas\u00f3w\u201d obok \u201cAutobiografii\u201d Perfectu.<\/b><\/p>\n<p><span style=\"font-weight: 400;\">Utw\u00f3r \u0142\u0105czy mocny, heavymetalowy riff z refleksyjnym, pe\u0142nym emocji tekstem. To w\u0142a\u015bnie ta mieszanka sprawi\u0142a, \u017ce \u201c51\u201d do dzi\u015b porusza s\u0142uchaczy \u2013 zw\u0142aszcza jesieni\u0105, kiedy jego nastr\u00f3j wybrzmiewa najmocniej. A\u017c przechodz\u0105 nas ciarki, gdy pomy\u015blimy o tym utworze!<\/span><\/p>\n<h3><strong>\u201cJesie\u0144\u201d Stare Dobre Ma\u0142\u017ce\u0144stwo<\/strong><\/h3>\n<p><b>Jesie\u0144 w piosence Starego Dobrego Ma\u0142\u017ce\u0144stwa to przestrze\u0144 do refleksji nad przemijaniem i sensem \u017cycia. <\/b><span style=\"font-weight: 400;\">Utw\u00f3r \u201cJesie\u0144\u201d zosta\u0142 wydany w 1995 roku i jest jednym z tych, kt\u00f3re najlepiej oddaj\u0105 poetycki charakter tw\u00f3rczo\u015bci zespo\u0142u.<\/span><\/p>\n<p><i><span style=\"font-weight: 400;\">Zanurza\u0107 zanurza\u0107 si\u0119<\/span><\/i><\/p>\n<p><i><span style=\"font-weight: 400;\">W ogrody rudej jesieni<\/span><\/i><\/p>\n<p><i><span style=\"font-weight: 400;\">I li\u015bcie zrywa\u0107 kolejno<\/span><\/i><\/p>\n<p><i><span style=\"font-weight: 400;\">Jakby godziny istnienia<\/span><\/i><\/p>\n<p><span style=\"font-weight: 400;\">S\u0142owa przenosz\u0105 s\u0142uchacza do \u015bwiata pe\u0142nego symboli \u2013 li\u015bcie staj\u0105 si\u0119 tu metafor\u0105 up\u0142ywaj\u0105cych chwil, a jesienne barwy towarzysz\u0105 zadumie nad ludzkim losem. Charakterystyczne dla Starego Dobrego Ma\u0142\u017ce\u0144stwa po\u0142\u0105czenie prostoty i g\u0142\u0119bi sprawia, \u017ce tekst brzmi jak poezja \u015bpiewana w najczystszej formie.<\/span><\/p>\n<h3><strong>\u201cWspomnienie\u201d Czes\u0142aw Niemen<\/strong><\/h3>\n<p><i><span style=\"font-weight: 400;\">Mimozami jesie\u0144 si\u0119 zaczyna<\/span><\/i><\/p>\n<p><i><span style=\"font-weight: 400;\">Z\u0142otawa, krucha i mi\u0142a<\/span><\/i><\/p>\n<p><i><span style=\"font-weight: 400;\">To ty, to ty jeste\u015b ta dziewczyna<\/span><\/i><\/p>\n<p><i><span style=\"font-weight: 400;\">Kt\u00f3ra do mnie na ulic\u0119 wychodzi\u0142a<\/span><\/i><\/p>\n<p><b>Tymi s\u0142owami Czes\u0142aw Niemen otwiera jeden z najbardziej znanych polskich utwor\u00f3w o jesieni. <\/b><span style=\"font-weight: 400;\">\u201cWspomnienie\u201d to piosenka napisana do wiersza Juliana Tuwima z tomu \u201cSi\u00f3dma jesie\u0144\u201d (1922). Muzyk\u0119 do tekstu skomponowa\u0142 Marek Sart w latach 60., a to w\u0142a\u015bnie Niemen nada\u0142 jej niepowtarzalny charakter i uczyni\u0142 ponadczasowym przebojem.<\/span><\/p>\n<p><b>Melancholijny tekst Tuwima, pe\u0142en obraz\u00f3w z\u0142otawej i kruchej jesieni, w interpretacji Niemena nabiera g\u0142\u0119bokiego emocjonalnego wyrazu \u2013 staje si\u0119 opowie\u015bci\u0105 o mi\u0142o\u015bci, t\u0119sknocie i ulotno\u015bci chwil.\u00a0<\/b><\/p>\n<p><span style=\"font-weight: 400;\">Rozpoczynaj\u0105ca utw\u00f3r \u201cmimoza\u201d to w rzeczywisto\u015bci naw\u0142o\u0107 pospolita, kt\u00f3rej \u017c\u00f3\u0142te kwiaty od wiek\u00f3w kojarzone s\u0105 z ko\u0144cem lata i pocz\u0105tkiem jesieni.<\/span><\/p>\n<p><span style=\"font-weight: 400;\">\u201cWspomnienie\u201d przez lata wykonywali tak\u017ce inni arty\u015bci, m.in. Janusz Radek, Grzegorz Turnau, Maciej Male\u0144czuk czy zesp\u00f3\u0142 Kobranocka, jednak to wersja Niemena na sta\u0142e zapisa\u0142a si\u0119 w historii polskiej muzyki.<\/span><\/p>\n<h3><strong>\u201cJesie\u0144 idzie przez park\u201d Czerwone Gitary<\/strong><\/h3>\n<p><i><span style=\"font-weight: 400;\">Jesie\u0144 li\u015b\u0107 ostatni ju\u017c spad\u0142<\/span><\/i><\/p>\n<p><i><span style=\"font-weight: 400;\">Jesie\u0144 deszcz zmy\u0142 but\u00f3w Twych \u015blad<\/span><\/i><\/p>\n<p><i><span style=\"font-weight: 400;\">Jesie\u0144 idzie ku mnie przez park<\/span><\/i><\/p>\n<p><b>Utw\u00f3r \u201cJesie\u0144 idzie przez park\u201d to jedna z nastrojowych ballad zespo\u0142u Czerwone Gitary \u2013 melancholijna opowie\u015b\u0107 o przemijaniu, samotno\u015bci i \u015bladach, kt\u00f3re zmywa czas.<\/b><span style=\"font-weight: 400;\"> Tekst, pe\u0142en prostych, ale sugestywnych obraz\u00f3w, oddaje charakter jesieni \u2013 cichej, nostalgicznej i sk\u0142aniaj\u0105cej do refleksji.<\/span><\/p>\n<p><span style=\"font-weight: 400;\">Czerwone Gitary, znane przede wszystkim z pogodnych przeboj\u00f3w, w tej piosence pokazuj\u0105 bardziej liryczne oblicze. Jesie\u0144 staje si\u0119 tu nie tylko por\u0105 roku, lecz tak\u017ce metafor\u0105 uczu\u0107 i mijaj\u0105cych chwil, kt\u00f3rych nie da si\u0119 zatrzyma\u0107.<\/span><\/p>\n<p><span style=\"font-weight: 400;\">To jeden z tych utwor\u00f3w, kt\u00f3ry \u2013 mimo oszcz\u0119dnej formy \u2013 potrafi w pe\u0142ni odda\u0107 jesienny nastr\u00f3j: troch\u0119 smutny, troch\u0119 pi\u0119kny, zawsze bliski ka\u017cdemu, kto kiedykolwiek spacerowa\u0142 parkiem w deszczu.<\/span><\/p>\n<p>&nbsp;<\/p>\n<p><span style=\"font-weight: 400;\">Kt\u00f3ry z tych utwor\u00f3w trafi na twoj\u0105 jesienn\u0105 playlist\u0119?<\/span><\/p>\n<\/div>\n            <\/div>\n        <\/div>\n    <\/div>\n<\/section>\n\n\n<section class=\"events-slider-block  section-margin-32\" data-events-slider-block data-carousel-title=\"Nowo\u015bci na eBilet\" data-carousel-type=\"karuzela_z_t\u0142em\" data-item-list-name=\"Karuzela z t\u0142em Nowo\u015bci na eBilet\" data-item-list-id=\"karuzela_z_t\u0142em Nowo\u015bci na eBilet\" >\n    <div class=\"container\">\n        <div class=\"row\">\n            <div class=\"col-24\">\n                <div class=\"events-slider-block__wrapper\">\n                                            <div class=\"events-slider-block__bg\"><img loading=\"lazy\" decoding=\"async\" width=\"1920\" height=\"1080\" src=\"https:\/\/www.ebilet.pl\/now\/app\/uploads\/2024\/04\/shutterstock_1308510637.jpg\" class=\"attachment-full size-full\" alt=\"Fot.\" srcset=\"https:\/\/www.ebilet.pl\/now\/app\/uploads\/2024\/04\/shutterstock_1308510637.jpg 1920w, https:\/\/www.ebilet.pl\/now\/app\/uploads\/2024\/04\/shutterstock_1308510637-1024x576.jpg 1024w, https:\/\/www.ebilet.pl\/now\/app\/uploads\/2024\/04\/shutterstock_1308510637-1536x864.jpg 1536w, https:\/\/www.ebilet.pl\/now\/app\/uploads\/2024\/04\/shutterstock_1308510637-1280x720.jpg 1280w, https:\/\/www.ebilet.pl\/now\/app\/uploads\/2024\/04\/shutterstock_1308510637-500x281.jpg 500w, https:\/\/www.ebilet.pl\/now\/app\/uploads\/2024\/04\/shutterstock_1308510637-632x356.jpg 632w, https:\/\/www.ebilet.pl\/now\/app\/uploads\/2024\/04\/shutterstock_1308510637-308x174.jpg 308w\" sizes=\"(max-width: 1920px) 100vw, 1920px\" \/><\/div>\n                                                                <div class=\"events-slider-block__top\">\n                                                            <div class=\"events-slider-block__title desktop\">\n                                    <h2 class=\"typo-h2\">Nowo\u015bci na eBilet<\/h2>\n                                <\/div>\n                                                                                        <div class=\"events-slider-block__title mobile\">\n                                    <h2 class=\"typo-h2\">Nowo\u015bci na eBilet<\/h2>\n                                <\/div>\n                                                    <\/div>\n                                                                <div class=\"events-slider-block__main\">\n                            <div class=\"events-slider-block__nav events-slider-block__nav--prev\">\n                                <div class=\"button button--withIcon button--theme-white-blur button--size-fixed-48\" data-events-prev>\n                                    <span class=\"button__icon icon icon-chevron-left\"><\/span>\n                                <\/div>\n                            <\/div>\n                            <div class=\"events-slider-block__nav events-slider-block__nav--next\">\n                                <div class=\"button button--withIcon button--theme-white-blur button--size-fixed-48\" data-events-next>\n                                    <span class=\"button__icon icon icon-chevron-right\"><\/span>\n                                <\/div>\n                            <\/div>\n                            <div class=\"events-slider-block__slider\">\n                                <div class=\"swiper\" data-events-slider>\n                                    <div class=\"events-slider-block__sliderWrapper swiper-wrapper\">\n\n                                        \n                                            <div class=\"events-slider-block__sliderItem swiper-slide event-card\"\n                                                data-id=\"205699\"\n                                                data-name=\"Shred Fest\"\n                                                data-brand=\"Winiary Bookings sp. z o. o.\"\n                                                data-category=\"muzyka\"\n                                                data-subcategory=\"hard-heavy\"\n                                                data-city=\"Warszawa\"\n                                                data-venue=\"Klub Proxima\">\n                                                \n<div class=\"card-event  card-event--size-small\">\n        <a href=\"https:\/\/www.ebilet.pl\/muzyka\/hard-heavy\/shred-fest\" target=\"_blank\" class=\"card-event__link\" rel=\"nofollow noopener\"><\/a>\n        <div class=\"card-event__wrapper\">\n        <div class=\"card-event__image\">\n            <img decoding=\"async\" src=\"https:\/\/www.ebilet.pl\/media\/cms\/media\/ngvdr2c3\/shredfest-ebilet-strona-wydarzenia-pion-warszawax-000cce3a-6af4-4d35-90e3-f0b821d75e23.webp\" alt=\"\">\n        <\/div>\n        <div class=\"card-event__data\">\n            <div class=\"card-event__name\">\n                <p>Shred Fest<\/p>\n            <\/div>\n            <div class=\"card-event__date\">25.01.2027-25.01.2027<\/div>\n            <div class=\"card-event__location\">Warszawa<\/div>\n        <\/div>\n    <\/div>\n<\/div>                                            <\/div>\n                                        \n                                            <div class=\"events-slider-block__sliderItem swiper-slide event-card\"\n                                                data-id=\"195993\"\n                                                data-name=\"Koncert przy \u015bwiecach: Ludovico Einaudi, Yann Tiersen and Roberto Cacciapaglia\"\n                                                data-brand=\"Fundacja na Rzecz Pomocy Pestka\"\n                                                data-category=\"klasyka\"\n                                                data-subcategory=\"muzyka-filmowa\"\n                                                data-city=\"Warszawa\"\n                                                data-venue=\"Pa\u0142ac Staszica w Warszawie\">\n                                                \n<div class=\"card-event  card-event--size-small\">\n        <a href=\"https:\/\/www.ebilet.pl\/klasyka\/muzyka-filmowa\/einaudi-tiersen-cacciapaglia\" target=\"_blank\" class=\"card-event__link\" rel=\"nofollow noopener\"><\/a>\n        <div class=\"card-event__wrapper\">\n        <div class=\"card-event__image\">\n            <img decoding=\"async\" src=\"https:\/\/www.ebilet.pl\/media\/cms\/media\/5k4dd5r5\/4_2009-ed7a3b65-e6e8-4455-97d0-2ad5e7e8171e.webp\" alt=\"\">\n        <\/div>\n        <div class=\"card-event__data\">\n            <div class=\"card-event__name\">\n                <p>Koncert przy \u015bwiecach: Ludovico Einaudi, Yann Tiersen and Roberto Cacciapaglia<\/p>\n            <\/div>\n            <div class=\"card-event__date\">07.06.2026-07.06.2026<\/div>\n            <div class=\"card-event__location\">Warszawa<\/div>\n        <\/div>\n    <\/div>\n<\/div>                                            <\/div>\n                                        \n                                            <div class=\"events-slider-block__sliderItem swiper-slide event-card\"\n                                                data-id=\"195988\"\n                                                data-name=\"Koncert przy \u015bwiecach - Best of Hans Zimmer\"\n                                                data-brand=\"Fundacja na Rzecz Pomocy Pestka\"\n                                                data-category=\"klasyka\"\n                                                data-subcategory=\"muzyka-filmowa\"\n                                                data-city=\"Warszawa\"\n                                                data-venue=\"Pa\u0142ac Staszica w Warszawie\">\n                                                \n<div class=\"card-event  card-event--size-small\">\n        <a href=\"https:\/\/www.ebilet.pl\/klasyka\/muzyka-filmowa\/best-of-hans-zimmer\" target=\"_blank\" class=\"card-event__link\" rel=\"nofollow noopener\"><\/a>\n        <div class=\"card-event__wrapper\">\n        <div class=\"card-event__image\">\n            <img decoding=\"async\" src=\"https:\/\/www.ebilet.pl\/media\/cms\/media\/ucmezeb5\/3_2009-b10047b6-9a94-46be-9407-be1c8e1482f8.webp\" alt=\"\">\n        <\/div>\n        <div class=\"card-event__data\">\n            <div class=\"card-event__name\">\n                <p>Koncert przy \u015bwiecach &#8211; Best of Hans Zimmer<\/p>\n            <\/div>\n            <div class=\"card-event__date\">07.06.2026-07.06.2026<\/div>\n            <div class=\"card-event__location\">Warszawa<\/div>\n        <\/div>\n    <\/div>\n<\/div>                                            <\/div>\n                                        \n                                            <div class=\"events-slider-block__sliderItem swiper-slide event-card\"\n                                                data-id=\"129853\"\n                                                data-name=\"Beksi\u0144ski.Live\"\n                                                data-brand=\"L2L Sp z o.o.\"\n                                                data-category=\"widowiska\"\n                                                data-subcategory=\"inne\"\n                                                data-city=\"Warszawa, Wroc\u0142aw\"\n                                                data-venue=\"Hala COS Torwar \">\n                                                \n<div class=\"card-event  card-event--size-small\">\n        <a href=\"https:\/\/www.ebilet.pl\/widowiska\/inne\/beksinski-live\" target=\"_blank\" class=\"card-event__link\" rel=\"nofollow noopener\"><\/a>\n        <div class=\"card-event__wrapper\">\n        <div class=\"card-event__image\">\n            <img decoding=\"async\" src=\"https:\/\/www.ebilet.pl\/media\/cms\/media\/rcpokc02\/552x736-2026-04-27t161822058.webp\" alt=\"\">\n        <\/div>\n        <div class=\"card-event__data\">\n            <div class=\"card-event__name\">\n                <p>Beksi\u0144ski.Live<\/p>\n            <\/div>\n            <div class=\"card-event__date\">20.09.2026-20.09.2026<\/div>\n            <div class=\"card-event__location\">Warszawa, Wroc\u0142aw<\/div>\n        <\/div>\n    <\/div>\n<\/div>                                            <\/div>\n                                        \n                                            <div class=\"events-slider-block__sliderItem swiper-slide event-card\"\n                                                data-id=\"194826\"\n                                                data-name=\"50 prze\u0142omowych utwor\u00f3w w historii polskiego hip-hopu vol II \u2014 hosted by O.S.T.R.\"\n                                                data-brand=\"L2L Sp z o.o.\"\n                                                data-category=\"muzyka\"\n                                                data-subcategory=\"hip-hop-rap\"\n                                                data-city=\"\u0141\u00f3d\u017a\"\n                                                data-venue=\"Atlas Arena\">\n                                                \n<div class=\"card-event  card-event--size-small\">\n        <a href=\"https:\/\/www.ebilet.pl\/muzyka\/hip-hop-rap\/50-przelomowych-utworow-w-historii-polskiego-hip-hopu\" target=\"_blank\" class=\"card-event__link\" rel=\"nofollow noopener\"><\/a>\n        <div class=\"card-event__wrapper\">\n        <div class=\"card-event__image\">\n            <img decoding=\"async\" src=\"https:\/\/www.ebilet.pl\/media\/cms\/media\/5aijoipt\/50_4-5-82d6b341-4cff-4b8d-a503-a8163d60e134.webp\" alt=\"\">\n        <\/div>\n        <div class=\"card-event__data\">\n            <div class=\"card-event__name\">\n                <p>50 prze\u0142omowych utwor\u00f3w w historii polskiego hip-hopu vol II \u2014 hosted by O.S.T.R.<\/p>\n            <\/div>\n            <div class=\"card-event__date\">24.04.2027-24.04.2027<\/div>\n            <div class=\"card-event__location\">\u0141\u00f3d\u017a<\/div>\n        <\/div>\n    <\/div>\n<\/div>                                            <\/div>\n                                        \n                                            <div class=\"events-slider-block__sliderItem swiper-slide event-card\"\n                                                data-id=\"49432\"\n                                                data-name=\"Wroc\u0142aw Hip Hop Festival 2026\"\n                                                data-brand=\"Stowarzyszenie Planeta M\u0142odych\"\n                                                data-category=\"muzyka\"\n                                                data-subcategory=\"festiwale\"\n                                                data-city=\"Wroc\u0142aw\"\n                                                data-venue=\"Hala Stulecia\">\n                                                \n<div class=\"card-event  card-event--size-small\">\n        <a href=\"https:\/\/www.ebilet.pl\/muzyka\/festiwale\/wroclaw-hip-hop-festival\" target=\"_blank\" class=\"card-event__link\" rel=\"nofollow noopener\"><\/a>\n        <div class=\"card-event__wrapper\">\n        <div class=\"card-event__image\">\n            <img decoding=\"async\" src=\"https:\/\/www.ebilet.pl\/media\/cms\/media\/004dfv2o\/0423-whhf-ebilet_05-ffc5e42c-1240-4118-ae1c-5f49984461c5.webp\" alt=\"\">\n        <\/div>\n        <div class=\"card-event__data\">\n            <div class=\"card-event__name\">\n                <p>Wroc\u0142aw Hip Hop Festival 2026<\/p>\n            <\/div>\n            <div class=\"card-event__date\">20.11.2026-20.11.2026<\/div>\n            <div class=\"card-event__location\">Wroc\u0142aw<\/div>\n        <\/div>\n    <\/div>\n<\/div>                                            <\/div>\n                                        \n                                            <div class=\"events-slider-block__sliderItem swiper-slide event-card\"\n                                                data-id=\"89836\"\n                                                data-name=\"Eiv\u00f8r\"\n                                                data-brand=\"Fource Entertainment sp. z o o\"\n                                                data-category=\"muzyka\"\n                                                data-subcategory=\"pozostale\"\n                                                data-city=\"Pozna\u0144, Warszawa\"\n                                                data-venue=\"Klub Tama\">\n                                                \n<div class=\"card-event  card-event--size-small\">\n        <a href=\"https:\/\/www.ebilet.pl\/muzyka\/pozostale\/eivor\" target=\"_blank\" class=\"card-event__link\" rel=\"nofollow noopener\"><\/a>\n        <div class=\"card-event__wrapper\">\n        <div class=\"card-event__image\">\n            <img decoding=\"async\" src=\"https:\/\/www.ebilet.pl\/media\/cms\/media\/m1ujcylb\/ebilet-552x736-eivor.webp\" alt=\"\">\n        <\/div>\n        <div class=\"card-event__data\">\n            <div class=\"card-event__name\">\n                <p>Eiv\u00f8r<\/p>\n            <\/div>\n            <div class=\"card-event__date\">02.08.2026-02.08.2026<\/div>\n            <div class=\"card-event__location\">Pozna\u0144, Warszawa<\/div>\n        <\/div>\n    <\/div>\n<\/div>                                            <\/div>\n                                        \n                                            <div class=\"events-slider-block__sliderItem swiper-slide event-card\"\n                                                data-id=\"13053\"\n                                                data-name=\"Energa Ladies Jazz Festival 2026\"\n                                                data-brand=\"Modern Look Sp. z o.o.\"\n                                                data-category=\"muzyka\"\n                                                data-subcategory=\"jazz-blues\"\n                                                data-city=\"Gdynia\"\n                                                data-venue=\"Konsulat Kultury | Gdy\u0144skie Centrum Kultury\">\n                                                \n<div class=\"card-event  card-event--size-small\">\n        <a href=\"https:\/\/www.ebilet.pl\/muzyka\/jazz-blues\/ladies-jazz-festival\" target=\"_blank\" class=\"card-event__link\" rel=\"nofollow noopener\"><\/a>\n        <div class=\"card-event__wrapper\">\n        <div class=\"card-event__image\">\n            <img decoding=\"async\" src=\"https:\/\/www.ebilet.pl\/media\/cms\/media\/uffhqy4l\/eljf2026_552-a46b9d90-a1bd-4ddd-a55f-8bd974126c76.webp\" alt=\"\">\n        <\/div>\n        <div class=\"card-event__data\">\n            <div class=\"card-event__name\">\n                <p>Energa Ladies Jazz Festival 2026<\/p>\n            <\/div>\n            <div class=\"card-event__date\">20.07.2026-20.07.2026<\/div>\n            <div class=\"card-event__location\">Gdynia<\/div>\n        <\/div>\n    <\/div>\n<\/div>                                            <\/div>\n                                        \n                                            <div class=\"events-slider-block__sliderItem swiper-slide event-card\"\n                                                data-id=\"80961\"\n                                                data-name=\"Kolejna Noc | Wac Toja Showcase x Harmony\"\n                                                data-brand=\"Harmony Poland\"\n                                                data-category=\"muzyka\"\n                                                data-subcategory=\"hip-hop-rap\"\n                                                data-city=\"Katowice\"\n                                                data-venue=\"Cooler Club\">\n                                                \n<div class=\"card-event  card-event--size-small\">\n        <a href=\"https:\/\/www.ebilet.pl\/muzyka\/hip-hop-rap\/wac-toja\" target=\"_blank\" class=\"card-event__link\" rel=\"nofollow noopener\"><\/a>\n        <div class=\"card-event__wrapper\">\n        <div class=\"card-event__image\">\n            <img decoding=\"async\" src=\"https:\/\/www.ebilet.pl\/media\/cms\/media\/o4jjpwuv\/ebilet-2m-deed2912-3889-40c8-9a05-dbca4ce7ad6b.webp\" alt=\"\">\n        <\/div>\n        <div class=\"card-event__data\">\n            <div class=\"card-event__name\">\n                <p>Kolejna Noc | Wac Toja Showcase x Harmony<\/p>\n            <\/div>\n            <div class=\"card-event__date\">16.05.2026-16.05.2026<\/div>\n            <div class=\"card-event__location\">Katowice<\/div>\n        <\/div>\n    <\/div>\n<\/div>                                            <\/div>\n                                        \n                                            <div class=\"events-slider-block__sliderItem swiper-slide event-card\"\n                                                data-id=\"63906\"\n                                                data-name=\"Mecze towarzyskie Reprezentacji Polski m\u0119\u017cczyzn w siatk\u00f3wce\"\n                                                data-brand=\"Polska Siatk\u00f3wka Sp. z o.o.\"\n                                                data-category=\"sport\"\n                                                data-subcategory=\"sporty-druzynowe\"\n                                                data-city=\"Katowice, Sosnowiec\"\n                                                data-venue=\"ArcelorMittal Park w Sosnowcu\">\n                                                \n<div class=\"card-event  card-event--size-small\">\n        <a href=\"https:\/\/www.ebilet.pl\/sport\/sporty-druzynowe\/mecz-siatkowki\" target=\"_blank\" class=\"card-event__link\" rel=\"nofollow noopener\"><\/a>\n        <div class=\"card-event__wrapper\">\n        <div class=\"card-event__image\">\n            <img decoding=\"async\" src=\"https:\/\/www.ebilet.pl\/media\/cms\/media\/paxoijep\/mecz-1-e7ebdff4-0eeb-4b41-87f8-b8cc79cca9e1.webp\" alt=\"\">\n        <\/div>\n        <div class=\"card-event__data\">\n            <div class=\"card-event__name\">\n                <p>Mecze towarzyskie Reprezentacji Polski m\u0119\u017cczyzn w siatk\u00f3wce<\/p>\n            <\/div>\n            <div class=\"card-event__date\">20.05.2026-20.05.2026<\/div>\n            <div class=\"card-event__location\">Katowice, Sosnowiec<\/div>\n        <\/div>\n    <\/div>\n<\/div>                                            <\/div>\n                                        \n                                            <div class=\"events-slider-block__sliderItem swiper-slide event-card\"\n                                                data-id=\"205704\"\n                                                data-name=\"Osobowo\u015bci Romy: Janusz Kruci\u0144ski - MUZYKOTE\u2026REPAUTA\"\n                                                data-brand=\"Teatr Muzyczny Roma\"\n                                                data-category=\"teatr\"\n                                                data-subcategory=\"spektakle-muzyczne\"\n                                                data-city=\"Warszawa\"\n                                                data-venue=\"Teatr Muzyczny ROMA w Warszawie\">\n                                                \n<div class=\"card-event  card-event--size-small\">\n        <a href=\"https:\/\/www.ebilet.pl\/teatr\/spektakle-muzyczne\/muzykote-repauta\" target=\"_blank\" class=\"card-event__link\" rel=\"nofollow noopener\"><\/a>\n        <div class=\"card-event__wrapper\">\n        <div class=\"card-event__image\">\n            <img decoding=\"async\" src=\"https:\/\/www.ebilet.pl\/media\/cms\/media\/5xpjnwlz\/552x736_januszkrucinski.webp\" alt=\"\">\n        <\/div>\n        <div class=\"card-event__data\">\n            <div class=\"card-event__name\">\n                <p>Osobowo\u015bci Romy: Janusz Kruci\u0144ski &#8211; MUZYKOTE\u2026REPAUTA<\/p>\n            <\/div>\n            <div class=\"card-event__date\">05.06.2026-05.06.2026<\/div>\n            <div class=\"card-event__location\">Warszawa<\/div>\n        <\/div>\n    <\/div>\n<\/div>                                            <\/div>\n                                        \n                                            <div class=\"events-slider-block__sliderItem swiper-slide event-card\"\n                                                data-id=\"170324\"\n                                                data-name=\"SPI\u0118TY\/WY I ONI Inny Koncert\"\n                                                data-brand=\"AGENCJA ARTYSTYCZNA ART PROJEKT\"\n                                                data-category=\"muzyka\"\n                                                data-subcategory=\"rock\"\n                                                data-city=\"Katowice, Szczecin, Warszawa\"\n                                                data-venue=\"Narodowa Orkiestra Symfoniczna Polskiego Radia - NOSPR\">\n                                                \n<div class=\"card-event  card-event--size-small\">\n        <a href=\"https:\/\/www.ebilet.pl\/muzyka\/rock\/spiety-koncert\" target=\"_blank\" class=\"card-event__link\" rel=\"nofollow noopener\"><\/a>\n        <div class=\"card-event__wrapper\">\n        <div class=\"card-event__image\">\n            <img decoding=\"async\" src=\"https:\/\/www.ebilet.pl\/media\/cms\/media\/d45o0fai\/552-x-736_spiety_2026_zbiorcze_v03-b75777c9-8696-4b7a-8405-6113bc99f4af.webp\" alt=\"\">\n        <\/div>\n        <div class=\"card-event__data\">\n            <div class=\"card-event__name\">\n                <p>SPI\u0118TY\/WY I ONI Inny Koncert<\/p>\n            <\/div>\n            <div class=\"card-event__date\">25.10.2026-25.10.2026<\/div>\n            <div class=\"card-event__location\">Katowice, Szczecin, Warszawa<\/div>\n        <\/div>\n    <\/div>\n<\/div>                                            <\/div>\n                                        \n                                            <div class=\"events-slider-block__sliderItem swiper-slide event-card\"\n                                                data-id=\"205823\"\n                                                data-name=\"Biak i Qzyn \/ JOCC 2\"\n                                                data-brand=\"Revolume Sp. z o.o.\"\n                                                data-category=\"muzyka\"\n                                                data-subcategory=\"hip-hop-rap\"\n                                                data-city=\"Warszawa\"\n                                                data-venue=\"Klub Mechanik\">\n                                                \n<div class=\"card-event  card-event--size-small\">\n        <a href=\"https:\/\/www.ebilet.pl\/muzyka\/hip-hop-rap\/biak-qzyn\" target=\"_blank\" class=\"card-event__link\" rel=\"nofollow noopener\"><\/a>\n        <div class=\"card-event__wrapper\">\n        <div class=\"card-event__image\">\n            <img decoding=\"async\" src=\"https:\/\/www.ebilet.pl\/media\/cms\/media\/1nzpwvhx\/biak_qzyn_wwa_3-ec5e9876-7ce7-4a71-9a5d-d28ec070e568.webp\" alt=\"\">\n        <\/div>\n        <div class=\"card-event__data\">\n            <div class=\"card-event__name\">\n                <p>Biak i Qzyn \/ JOCC 2<\/p>\n            <\/div>\n            <div class=\"card-event__date\">13.06.2026-13.06.2026<\/div>\n            <div class=\"card-event__location\">Warszawa<\/div>\n        <\/div>\n    <\/div>\n<\/div>                                            <\/div>\n                                        \n                                            <div class=\"events-slider-block__sliderItem swiper-slide event-card\"\n                                                data-id=\"21950\"\n                                                data-name=\"Open Beer Festiwal - \u0141ydka Grubasa\"\n                                                data-brand=\"Rockfan Bartosz Aleksander Krusznicki, \u0141ydka Grubasa\"\n                                                data-category=\"muzyka\"\n                                                data-subcategory=\"rock\"\n                                                data-city=\"Warszawa\"\n                                                data-venue=\"Pi\u0119kny Brzeg\">\n                                                \n<div class=\"card-event  card-event--size-small\">\n        <a href=\"https:\/\/www.ebilet.pl\/muzyka\/rock\/lydka-grubasa\" target=\"_blank\" class=\"card-event__link\" rel=\"nofollow noopener\"><\/a>\n        <div class=\"card-event__wrapper\">\n        <div class=\"card-event__image\">\n            <img decoding=\"async\" src=\"https:\/\/www.ebilet.pl\/media\/cms\/media\/v1qmbzng\/735-pion-brzeg-1-b0708ef6-49e2-4ae8-a275-20a8a5edef10.webp\" alt=\"\">\n        <\/div>\n        <div class=\"card-event__data\">\n            <div class=\"card-event__name\">\n                <p>Open Beer Festiwal &#8211; \u0141ydka Grubasa<\/p>\n            <\/div>\n            <div class=\"card-event__date\">14.08.2026-14.08.2026<\/div>\n            <div class=\"card-event__location\">Warszawa<\/div>\n        <\/div>\n    <\/div>\n<\/div>                                            <\/div>\n                                        \n                                            <div class=\"events-slider-block__sliderItem swiper-slide event-card\"\n                                                data-id=\"34898\"\n                                                data-name=\"Koncert w\u015br\u00f3d kwiat\u00f3w i \u015bwiec: Tribute to Michael Jackson\"\n                                                data-brand=\"Candle Live Music\"\n                                                data-category=\"muzyka\"\n                                                data-subcategory=\"pop\"\n                                                data-city=\"Pozna\u0144\"\n                                                data-venue=\"Pa\u0142ac Dzia\u0142y\u0144skich\">\n                                                \n<div class=\"card-event  card-event--size-small\">\n        <a href=\"https:\/\/www.ebilet.pl\/muzyka\/pop\/tribute-to-michael-jackson\" target=\"_blank\" class=\"card-event__link\" rel=\"nofollow noopener\"><\/a>\n        <div class=\"card-event__wrapper\">\n        <div class=\"card-event__image\">\n            <img decoding=\"async\" src=\"https:\/\/www.ebilet.pl\/media\/cms\/media\/jocncpzu\/clm-ebilet-jackson-kwartet-kwiaty-552x736-cd354510-be14-4cb4-aeed-9d60497cd930.webp\" alt=\"\">\n        <\/div>\n        <div class=\"card-event__data\">\n            <div class=\"card-event__name\">\n                <p>Koncert w\u015br\u00f3d kwiat\u00f3w i \u015bwiec: Tribute to Michael Jackson<\/p>\n            <\/div>\n            <div class=\"card-event__date\">24.05.2026-24.05.2026<\/div>\n            <div class=\"card-event__location\">Pozna\u0144<\/div>\n        <\/div>\n    <\/div>\n<\/div>                                            <\/div>\n                                                                            <\/div>\n                                <\/div>\n                            <\/div>\n                            <div class=\"events-slider-block__events swiper\" data-events-events-descriptions>\n                                <div class=\"events-slider-block__eventsWrapper swiper-wrapper\">\n                                                                            <div class=\"events-slider-block__eventsItem swiper-slide\">\n                                            <a href=\"https:\/\/www.ebilet.pl\/muzyka\/hard-heavy\/shred-fest\" target=\"_blank\" class=\"events-slider-block__eventsName\">\n                                                <p>Shred Fest<\/p>\n                                            <\/a>\n                                            <div class=\"events-slider-block__eventsDate\">25.01.2027-25.01.2027<\/div>\n                                            <div class=\"events-slider-block__eventsLocation\"><\/div>\n                                        <\/div>\n                                                                            <div class=\"events-slider-block__eventsItem swiper-slide\">\n                                            <a href=\"https:\/\/www.ebilet.pl\/klasyka\/muzyka-filmowa\/einaudi-tiersen-cacciapaglia\" target=\"_blank\" class=\"events-slider-block__eventsName\">\n                                                <p>Koncert przy \u015bwiecach: Ludovico Einaudi, Yann Tiersen and Roberto Cacciapaglia<\/p>\n                                            <\/a>\n                                            <div class=\"events-slider-block__eventsDate\">07.06.2026-07.06.2026<\/div>\n                                            <div class=\"events-slider-block__eventsLocation\"><\/div>\n                                        <\/div>\n                                                                            <div class=\"events-slider-block__eventsItem swiper-slide\">\n                                            <a href=\"https:\/\/www.ebilet.pl\/klasyka\/muzyka-filmowa\/best-of-hans-zimmer\" target=\"_blank\" class=\"events-slider-block__eventsName\">\n                                                <p>Koncert przy \u015bwiecach &#8211; Best of Hans Zimmer<\/p>\n                                            <\/a>\n                                            <div class=\"events-slider-block__eventsDate\">07.06.2026-07.06.2026<\/div>\n                                            <div class=\"events-slider-block__eventsLocation\"><\/div>\n                                        <\/div>\n                                                                            <div class=\"events-slider-block__eventsItem swiper-slide\">\n                                            <a href=\"https:\/\/www.ebilet.pl\/widowiska\/inne\/beksinski-live\" target=\"_blank\" class=\"events-slider-block__eventsName\">\n                                                <p>Beksi\u0144ski.Live<\/p>\n                                            <\/a>\n                                            <div class=\"events-slider-block__eventsDate\">20.09.2026-08.10.2026<\/div>\n                                            <div class=\"events-slider-block__eventsLocation\"><\/div>\n                                        <\/div>\n                                                                            <div class=\"events-slider-block__eventsItem swiper-slide\">\n                                            <a href=\"https:\/\/www.ebilet.pl\/muzyka\/hip-hop-rap\/50-przelomowych-utworow-w-historii-polskiego-hip-hopu\" target=\"_blank\" class=\"events-slider-block__eventsName\">\n                                                <p>50 prze\u0142omowych utwor\u00f3w w historii polskiego hip-hopu vol II \u2014 hosted by O.S.T.R.<\/p>\n                                            <\/a>\n                                            <div class=\"events-slider-block__eventsDate\">24.04.2027-24.04.2027<\/div>\n                                            <div class=\"events-slider-block__eventsLocation\"><\/div>\n                                        <\/div>\n                                                                            <div class=\"events-slider-block__eventsItem swiper-slide\">\n                                            <a href=\"https:\/\/www.ebilet.pl\/muzyka\/festiwale\/wroclaw-hip-hop-festival\" target=\"_blank\" class=\"events-slider-block__eventsName\">\n                                                <p>Wroc\u0142aw Hip Hop Festival 2026<\/p>\n                                            <\/a>\n                                            <div class=\"events-slider-block__eventsDate\">20.11.2026-20.11.2026<\/div>\n                                            <div class=\"events-slider-block__eventsLocation\"><\/div>\n                                        <\/div>\n                                                                            <div class=\"events-slider-block__eventsItem swiper-slide\">\n                                            <a href=\"https:\/\/www.ebilet.pl\/muzyka\/pozostale\/eivor\" target=\"_blank\" class=\"events-slider-block__eventsName\">\n                                                <p>Eiv\u00f8r<\/p>\n                                            <\/a>\n                                            <div class=\"events-slider-block__eventsDate\">02.08.2026-21.03.2027<\/div>\n                                            <div class=\"events-slider-block__eventsLocation\"><\/div>\n                                        <\/div>\n                                                                            <div class=\"events-slider-block__eventsItem swiper-slide\">\n                                            <a href=\"https:\/\/www.ebilet.pl\/muzyka\/jazz-blues\/ladies-jazz-festival\" target=\"_blank\" class=\"events-slider-block__eventsName\">\n                                                <p>Energa Ladies Jazz Festival 2026<\/p>\n                                            <\/a>\n                                            <div class=\"events-slider-block__eventsDate\">20.07.2026-26.07.2026<\/div>\n                                            <div class=\"events-slider-block__eventsLocation\"><\/div>\n                                        <\/div>\n                                                                            <div class=\"events-slider-block__eventsItem swiper-slide\">\n                                            <a href=\"https:\/\/www.ebilet.pl\/muzyka\/hip-hop-rap\/wac-toja\" target=\"_blank\" class=\"events-slider-block__eventsName\">\n                                                <p>Kolejna Noc | Wac Toja Showcase x Harmony<\/p>\n                                            <\/a>\n                                            <div class=\"events-slider-block__eventsDate\">16.05.2026-16.05.2026<\/div>\n                                            <div class=\"events-slider-block__eventsLocation\"><\/div>\n                                        <\/div>\n                                                                            <div class=\"events-slider-block__eventsItem swiper-slide\">\n                                            <a href=\"https:\/\/www.ebilet.pl\/sport\/sporty-druzynowe\/mecz-siatkowki\" target=\"_blank\" class=\"events-slider-block__eventsName\">\n                                                <p>Mecze towarzyskie Reprezentacji Polski m\u0119\u017cczyzn w siatk\u00f3wce<\/p>\n                                            <\/a>\n                                            <div class=\"events-slider-block__eventsDate\">20.05.2026-23.05.2026<\/div>\n                                            <div class=\"events-slider-block__eventsLocation\"><\/div>\n                                        <\/div>\n                                                                            <div class=\"events-slider-block__eventsItem swiper-slide\">\n                                            <a href=\"https:\/\/www.ebilet.pl\/teatr\/spektakle-muzyczne\/muzykote-repauta\" target=\"_blank\" class=\"events-slider-block__eventsName\">\n                                                <p>Osobowo\u015bci Romy: Janusz Kruci\u0144ski &#8211; MUZYKOTE\u2026REPAUTA<\/p>\n                                            <\/a>\n                                            <div class=\"events-slider-block__eventsDate\">05.06.2026-05.06.2026<\/div>\n                                            <div class=\"events-slider-block__eventsLocation\"><\/div>\n                                        <\/div>\n                                                                            <div class=\"events-slider-block__eventsItem swiper-slide\">\n                                            <a href=\"https:\/\/www.ebilet.pl\/muzyka\/rock\/spiety-koncert\" target=\"_blank\" class=\"events-slider-block__eventsName\">\n                                                <p>SPI\u0118TY\/WY I ONI Inny Koncert<\/p>\n                                            <\/a>\n                                            <div class=\"events-slider-block__eventsDate\">25.10.2026-28.11.2026<\/div>\n                                            <div class=\"events-slider-block__eventsLocation\"><\/div>\n                                        <\/div>\n                                                                            <div class=\"events-slider-block__eventsItem swiper-slide\">\n                                            <a href=\"https:\/\/www.ebilet.pl\/muzyka\/hip-hop-rap\/biak-qzyn\" target=\"_blank\" class=\"events-slider-block__eventsName\">\n                                                <p>Biak i Qzyn \/ JOCC 2<\/p>\n                                            <\/a>\n                                            <div class=\"events-slider-block__eventsDate\">13.06.2026-13.06.2026<\/div>\n                                            <div class=\"events-slider-block__eventsLocation\"><\/div>\n                                        <\/div>\n                                                                            <div class=\"events-slider-block__eventsItem swiper-slide\">\n                                            <a href=\"https:\/\/www.ebilet.pl\/muzyka\/rock\/lydka-grubasa\" target=\"_blank\" class=\"events-slider-block__eventsName\">\n                                                <p>Open Beer Festiwal &#8211; \u0141ydka Grubasa<\/p>\n                                            <\/a>\n                                            <div class=\"events-slider-block__eventsDate\">14.08.2026-14.08.2026<\/div>\n                                            <div class=\"events-slider-block__eventsLocation\"><\/div>\n                                        <\/div>\n                                                                            <div class=\"events-slider-block__eventsItem swiper-slide\">\n                                            <a href=\"https:\/\/www.ebilet.pl\/muzyka\/pop\/tribute-to-michael-jackson\" target=\"_blank\" class=\"events-slider-block__eventsName\">\n                                                <p>Koncert w\u015br\u00f3d kwiat\u00f3w i \u015bwiec: Tribute to Michael Jackson<\/p>\n                                            <\/a>\n                                            <div class=\"events-slider-block__eventsDate\">24.05.2026-24.05.2026<\/div>\n                                            <div class=\"events-slider-block__eventsLocation\"><\/div>\n                                        <\/div>\n                                                                    <\/div>\n                            <\/div>\n                            <div class=\"events-slider-block__pagination\">\n                                <div class=\"swiper-pagination slider-pagination slider-pagination--theme-white\" data-events-slider-pagination><\/div>\n                            <\/div>\n                        <\/div>\n                                        <div class=\"events-slider-block__bottom\">\n                                                                                <div class=\"events-slider-block__link desktop\">\n                                    <a\n                                        class=\"button button--size-small button--theme-primary-yellow button--withIconLeft\"\n                                        href=\"https:\/\/www.ebilet.pl\/\">\n                                                                                    <div class=\"button__icon\"><img loading=\"lazy\" decoding=\"async\" width=\"30\" height=\"30\" src=\"https:\/\/www.ebilet.pl\/now\/app\/uploads\/2024\/01\/ticket-cinema-entertainment-coupon-discount-sale_30px.png\" class=\"attachment-full size-full\" alt=\"\" \/><\/div>\n                                                                                <p class=\"button__text typo-18\">Kup na eBilet.pl<\/p>\n                                    <\/a>\n                                <\/div>\n                                                                                <div class=\"events-slider-block__link mobile\">\n                                    <a\n                                        class=\"button button--size-small button--theme-primary-yellow button--withIconLeft\"\n                                        href=\"https:\/\/www.ebilet.pl\/\">\n                                                                                    <div class=\"button__icon\"><img loading=\"lazy\" decoding=\"async\" width=\"30\" height=\"30\" src=\"https:\/\/www.ebilet.pl\/now\/app\/uploads\/2024\/01\/ticket-cinema-entertainment-coupon-discount-sale_30px.png\" class=\"attachment-full size-full\" alt=\"\" \/><\/div>\n                                                                                <p class=\"button__text typo-18\">Kup na eBilet.pl<\/p>\n                                    <\/a>\n                                <\/div>\n                                            <\/div>\n                <\/div>\n            <\/div>\n        <\/div>\n    <\/div>\n<\/section>","protected":false},"excerpt":{"rendered":"<p>Przysz\u0142a jesie\u0144 i zastanawiasz si\u0119, czego nastrojowego mo\u017cesz pos\u0142ucha\u0107? Wielu artyst\u00f3w w swoich piosenkach w jaki\u015b spos\u00f3b odwo\u0142uje si\u0119 do jesieni (chocia\u017cby w tytu\u0142ach czy metaforach). W tym artykule zebrali\u015bmy dla ciebie jesienn\u0105 playlist\u0119. Znajdziesz tutaj zar\u00f3wno polskie, jak i zagraniczne utwory z r\u00f3\u017cnych gatunk\u00f3w muzycznych.\u00a0<\/p>\n","protected":false},"author":14,"featured_media":71209,"comment_status":"open","ping_status":"open","sticky":false,"template":"page-templates\/article-default.php","format":"standard","meta":{"_acf_changed":false,"footnotes":""},"article_tag":[572,31,125],"article_type":[5],"acf":[],"_links":{"self":[{"href":"https:\/\/www.ebilet.pl\/now\/wp-json\/wp\/v2\/posts\/71208"}],"collection":[{"href":"https:\/\/www.ebilet.pl\/now\/wp-json\/wp\/v2\/posts"}],"about":[{"href":"https:\/\/www.ebilet.pl\/now\/wp-json\/wp\/v2\/types\/post"}],"author":[{"embeddable":true,"href":"https:\/\/www.ebilet.pl\/now\/wp-json\/wp\/v2\/users\/14"}],"replies":[{"embeddable":true,"href":"https:\/\/www.ebilet.pl\/now\/wp-json\/wp\/v2\/comments?post=71208"}],"version-history":[{"count":1,"href":"https:\/\/www.ebilet.pl\/now\/wp-json\/wp\/v2\/posts\/71208\/revisions"}],"predecessor-version":[{"id":71211,"href":"https:\/\/www.ebilet.pl\/now\/wp-json\/wp\/v2\/posts\/71208\/revisions\/71211"}],"wp:featuredmedia":[{"embeddable":true,"href":"https:\/\/www.ebilet.pl\/now\/wp-json\/wp\/v2\/media\/71209"}],"wp:attachment":[{"href":"https:\/\/www.ebilet.pl\/now\/wp-json\/wp\/v2\/media?parent=71208"}],"wp:term":[{"taxonomy":"article_tag","embeddable":true,"href":"https:\/\/www.ebilet.pl\/now\/wp-json\/wp\/v2\/article_tag?post=71208"},{"taxonomy":"article_type","embeddable":true,"href":"https:\/\/www.ebilet.pl\/now\/wp-json\/wp\/v2\/article_type?post=71208"}],"curies":[{"name":"wp","href":"https:\/\/api.w.org\/{rel}","templated":true}]}}