{"id":70834,"date":"2025-10-05T17:44:21","date_gmt":"2025-10-05T16:44:21","guid":{"rendered":"https:\/\/www.ebilet.pl\/now\/?p=70834"},"modified":"2025-10-29T17:54:37","modified_gmt":"2025-10-29T16:54:37","slug":"festiwale-muzyki-powaznej-gdzie-odbywaja-sie-za-granica","status":"publish","type":"post","link":"https:\/\/www.ebilet.pl\/now\/festiwale-muzyki-powaznej-gdzie-odbywaja-sie-za-granica\/","title":{"rendered":"Festiwale muzyki powa\u017cnej \u2013 gdzie odbywaj\u0105 si\u0119 za granic\u0105?"},"content":{"rendered":"\n<section class=\"text-block  section-margin-32\" >\n    <div class=\"container\">\n        <div class=\"row\">\n            <div class=\"col-24\">\n                <div class=\"text-block__content\"><h2><strong>Jakie festiwale muzyki powa\u017cnej odbywaj\u0105 si\u0119 za granic\u0105?<\/strong><\/h2>\n<p><b>Muzyka klasyczna i operowa ma w sobie co\u015b uniwersalnego \u2013 potrafi poruszy\u0107 s\u0142uchacza bez wzgl\u0119du na j\u0119zyk czy kraj. <\/b><span style=\"font-weight: 400;\">Je\u015bli mo\u017cesz sobie na to pozwoli\u0107, warto do\u015bwiadczy\u0107 jej na \u017cywo podczas festiwali, kt\u00f3re gromadz\u0105 \u015bwiatowej klasy artyst\u00f3w i publiczno\u015b\u0107 z ca\u0142ego \u015bwiata. <\/span><b>Za granic\u0105 odbywa si\u0119 wiele takich wydarze\u0144 \u2013 od kameralnych tygodniowych koncert\u00f3w w historycznych miastach, po wielkie letnie \u015bwi\u0119ta opery w s\u0142ynnych teatrach. <\/b><span style=\"font-weight: 400;\">Ka\u017cdy z festiwali ma swoj\u0105 wyj\u0105tkow\u0105 atmosfer\u0119, charakterystyczn\u0105 scen\u0119 i repertuar \u2013 niekt\u00f3re skupiaj\u0105 si\u0119 na tw\u00f3rczo\u015bci jednego mistrza, inne prezentuj\u0105 szerokie spektrum muzyki od klasyki po wsp\u00f3\u0142czesno\u015b\u0107.<\/span><\/p>\n<p><b>Poni\u017cej znajdziesz przegl\u0105d najwa\u017cniejszych zagranicznych festiwali muzyki powa\u017cnej. Na kt\u00f3ry z nich wybierzesz si\u0119 w pierwszej kolejno\u015bci?\u00a0<\/b><\/p>\n<h3><strong>Festiwal w Bayreuth (Niemcy)<\/strong><\/h3>\n<p><span style=\"font-weight: 400;\">Przez ca\u0142e lato Bayreuth staje si\u0119 \u015bwiatow\u0105 stolic\u0105 opery \u2013 miastem, kt\u00f3re t\u0119tni muzyk\u0105 i przyci\u0105ga meloman\u00f3w z ka\u017cdego zak\u0105tka globu. <\/span><b>Festiwal w Bayreuth to wyj\u0105tkowe \u015bwi\u0119to tw\u00f3rczo\u015bci Richarda Wagnera, kt\u00f3re od 1876 roku odbywa si\u0119 w bawarskim mie\u015bcie Bayreuth.<\/b><span style=\"font-weight: 400;\"> To w\u0142a\u015bnie tutaj, w Festspielhaus \u2013 teatrze zaprojektowanym przez samego kompozytora \u2013 mo\u017cesz prze\u017cy\u0107 niezwyk\u0142\u0105 podr\u00f3\u017c przez jego operowe arcydzie\u0142a.<\/span><\/p>\n<p><span style=\"font-weight: 400;\">Bayreuther Festspiele to nie tylko muzyka \u2013 to tradycja, historia i unikalny klimat, kt\u00f3rego nie znajdziesz nigdzie indziej. <\/span><b>Festiwalem od pocz\u0105tku kieruje rodzina Wagnera, dbaj\u0105c o to, by dzie\u0142a mistrza by\u0142y prezentowane w nowoczesnych, odwa\u017cnych inscenizacjach, kt\u00f3re jednocze\u015bnie szanuj\u0105 jego dziedzictwo.<\/b><\/p>\n<p><span style=\"font-weight: 400;\">W 2026 roku czeka ci\u0119 prawdziwa uczta dla zmys\u0142\u00f3w. W programie znajdziesz wszystkie najwa\u017cniejsze dzie\u0142a Wagnera, w tym monumentalny cykl Pier\u015bcie\u0144 Nibelunga:<\/span><\/p>\n<ul>\n<li style=\"font-weight: 400;\" aria-level=\"1\"><span style=\"font-weight: 400;\">\u201cDas Rheingold\u201d (\u201cZ\u0142oto Renu\u201d),<\/span><\/li>\n<li style=\"font-weight: 400;\" aria-level=\"1\"><span style=\"font-weight: 400;\">\u201cDie Walk\u00fcre\u201d (\u201cWalkiria\u201d),<\/span><\/li>\n<li style=\"font-weight: 400;\" aria-level=\"1\"><span style=\"font-weight: 400;\">\u201cSiegfried\u201d (\u201cZygfryd\u201d),<\/span><\/li>\n<li style=\"font-weight: 400;\" aria-level=\"1\"><span style=\"font-weight: 400;\">\u201cG\u00f6tterd\u00e4mmerung\u201d (\u201cZmierzch bog\u00f3w\u201d).<\/span><\/li>\n<\/ul>\n<p><span style=\"font-weight: 400;\">Nie zabraknie tak\u017ce \u201cParsifala\u201d, \u201cTristana i Izoldy\u201d, \u201c\u015apiewak\u00f3w norymberskich\u201d oraz \u201cLataj\u0105cego Holendra\u201d i wielu innych atrakcji. <\/span><b>Program kolejnej edycji zosta\u0142 ju\u017c opublikowany i mo\u017cesz go sprawdzi\u0107 na <\/b><a href=\"https:\/\/www.bayreuther-festspiele.de\/en\/\" rel=\"nofollow noopener\" target=\"_blank\"><b>stronie organizatora<\/b><\/a><b>.<\/b><\/p>\n<p><span style=\"font-weight: 400;\">Chcesz si\u0119 tam wybra\u0107? Koniecznie zacznij planowa\u0107 podr\u00f3\u017c, bo bilety na festiwal od lat bardzo szybko si\u0119 wyprzedaj\u0105!<\/span><\/p>\n<h3><strong>Mi\u0119dzynarodowy Festiwal Muzyki Wsp\u00f3\u0142czesnej \u201cKontrasty\u201d (Lw\u00f3w, Ukraina)<\/strong><\/h3>\n<p><span style=\"font-weight: 400;\">Czy mo\u017cna po\u0142\u0105czy\u0107 muzyk\u0119 wsp\u00f3\u0142czesn\u0105 z klasyk\u0105 XX wieku i jednocze\u015bnie stworzy\u0107 przestrze\u0144 dialogu mi\u0119dzykulturowego? <\/span><b>Tak w\u0142a\u015bnie dzia\u0142a Festiwal \u201cKontrasty\u201d, kt\u00f3ry od 1995 roku jest jednym z najwa\u017cniejszych wydarze\u0144 muzycznych na Ukrainie. <\/b><span style=\"font-weight: 400;\">To tutaj od trzech dekad spotykaj\u0105 si\u0119 tw\u00f3rcy i wykonawcy z ca\u0142ego \u015bwiata, a scena Filharmonii Lwowskiej rozbrzmiewa utworami zar\u00f3wno ukrai\u0144skich, jak i polskich kompozytor\u00f3w.<\/span><\/p>\n<p><b>\u201cKontrasty\u201d od pocz\u0105tku mia\u0142y wyj\u0105tkow\u0105 misj\u0119 \u2013 prezentowa\u0107 ukrai\u0144sk\u0105 muzyk\u0119 w szerokim, mi\u0119dzynarodowym kontek\u015bcie i tworzy\u0107 wymian\u0119 artystyczn\u0105, m.in. z Polsk\u0105. <\/b><span style=\"font-weight: 400;\">Zainspirowany sukcesem warszawskiej \u201cJesieni\u201d festiwal sta\u0142 si\u0119 miejscem odkrywania nowych d\u017awi\u0119k\u00f3w, eksperyment\u00f3w i \u015bwie\u017cego spojrzenia na wsp\u00f3\u0142czesn\u0105 kultur\u0119 muzyczn\u0105.<\/span><\/p>\n<p><b>W 2024 roku festiwal obchodzi\u0142 sw\u00f3j 30. jubileusz, mimo trwaj\u0105cej wojny na Ukrainie. <\/b><span style=\"font-weight: 400;\">Lwowska Filharmonia Obwodowa zorganizowa\u0142a 12 koncert\u00f3w w formacie hybrydowym, \u0142\u0105cz\u0105c muzyk\u0119 awangardow\u0105 i eksperymentaln\u0105 z klasyk\u0105 modernizmu. Publiczno\u015b\u0107 mog\u0142a us\u0142ysze\u0107 utwory Stanis\u0142awa Ludkiewicza, Borysa Latoszy\u0144skiego czy Wasyla Barwi\u0144skiego, a tak\u017ce polskie akcenty \u2013 m.in. \u201cMusic\u0119 domestic\u0119\u201d Zbigniewa Bujarskiego w interpretacji dyrygenta Vincenta Kozlovsky\u2019ego, zwi\u0105zanego z festiwalem od 2019 roku.<\/span><\/p>\n<p><b>\u201cKontrasty\u201d to dzi\u015b nie tylko festiwal, ale i symbol odporno\u015bci kultury na r\u00f3\u017cne z\u0142o tego \u015bwiata. <\/b><span style=\"font-weight: 400;\">Organizatorzy podkre\u015blaj\u0105, \u017ce wydarzenie odbywa si\u0119 dzi\u0119ki bohaterstwu \u017co\u0142nierzy broni\u0105cych Ukrainy, a \u015brodowisko muzyczne wspiera tak\u017ce artyst\u00f3w walcz\u0105cych na froncie.<\/span><\/p>\n<p><span style=\"font-weight: 400;\">Je\u015bli interesuje ci\u0119 muzyka wsp\u00f3\u0142czesna w pe\u0142nym spektrum \u2013 od sonorystycznych eksperyment\u00f3w po intymne, osobiste kompozycje \u2013 Lw\u00f3w w pa\u017adzierniku to miejsce, kt\u00f3rego nie mo\u017cesz przegapi\u0107. Mamy nadziej\u0119, \u017ce w ko\u0144cu wszyscy b\u0119dziemy mogli go bezpiecznie odwiedzi\u0107!<\/span><\/p>\n<\/div>\n            <\/div>\n        <\/div>\n    <\/div>\n<\/section>\n\n\n<section class=\"tickets-slider  section-margin-32\"\n    data-tickets-slider\n    data-item-list-name=\"Karuzela z buttonami\"\n    data-item-list-id=\"karuzela_z_buttonami\"\n    >\n    <div class=\"container\">\n        <div class=\"row\">\n            <div class=\"col-24\">\n                <div class=\"tickets-slider__main\">\n                    <div class=\"tickets-slider__nav tickets-slider__nav--prev\">\n                        <div class=\"button button--withIcon button--theme-white-blur button--size-fixed-48\" data-tickets-slider-prev>\n                            <span class=\"button__icon icon icon-chevron-left\"><\/span>\n                        <\/div>\n                    <\/div>\n                    <div class=\"tickets-slider__nav tickets-slider__nav--next\">\n                        <div class=\"button button--withIcon button--theme-white-blur button--size-fixed-48\" data-tickets-slider-next>\n                            <span class=\"button__icon icon icon-chevron-right\"><\/span>\n                        <\/div>\n                    <\/div>\n                    <div class=\"tickets-slider__slider swiper\" data-tickets-slider-slider>\n                        <div class=\"tickets-slider__sliderWrapper swiper-wrapper\">\n                                                            <div class=\"tickets-slider__sliderItem swiper-slide\"\n                                    data-id=\"92388\"\n                                    data-name=\"Fontaines D.C. EU TOUR 2026\"\n                                    data-brand=\"Alter Art\"\n                                    data-category=\"muzyka\"\n                                    data-subcategory=\"rock\"\n                                    data-city=\"\u0141\u00f3d\u017a\"\n                                    data-venue=\"Atlas Arena\">\n                                    <div class=\"tickets-slider__sliderCard\">\n                                        \n<div class=\"card-ticket\">\n        <div class=\"card-ticket__image\">\n        <a href=\"https:\/\/www.ebilet.pl\/muzyka\/rock\/fontaines-dc\">\n            <img decoding=\"async\" src=\"https:\/\/www.ebilet.pl\/media\/cms\/media\/ovge4bna\/fontaines_dc_portal_552x736.webp\" alt=\"Plakat wydarzenia\" \/>\n        <\/a>\n    <\/div>\n             \n    <div class=\"card-ticket__link\">\n        <a href=\"https:\/\/www.ebilet.pl\/muzyka\/rock\/fontaines-dc\" class=\"button button--theme-primary-yellow button--withIconLeft button--size-small\">\n            <span class=\"button__icon icon icon-ticket\"><\/span>\n            <p class=\"button__text typo-16 f-600\">Kup bilet<\/p>\n        <\/a>\n    <\/div>\n    <\/div>                                    <\/div>\n                                <\/div>\n                                                            <div class=\"tickets-slider__sliderItem swiper-slide\"\n                                    data-id=\"27087\"\n                                    data-name=\"Tokio Hotel\"\n                                    data-brand=\"Knock Out Productions\"\n                                    data-category=\"muzyka\"\n                                    data-subcategory=\"pop\"\n                                    data-city=\"Warszawa\"\n                                    data-venue=\"Letnia Scena Progresji\">\n                                    <div class=\"tickets-slider__sliderCard\">\n                                        \n<div class=\"card-ticket\">\n        <div class=\"card-ticket__image\">\n        <a href=\"https:\/\/www.ebilet.pl\/muzyka\/pop\/tokio-hotel\">\n            <img decoding=\"async\" src=\"https:\/\/www.ebilet.pl\/media\/cms\/media\/i02j3uly\/tokio-hotel-552.webp\" alt=\"Plakat wydarzenia\" \/>\n        <\/a>\n    <\/div>\n             \n    <div class=\"card-ticket__link\">\n        <a href=\"https:\/\/www.ebilet.pl\/muzyka\/pop\/tokio-hotel\" class=\"button button--theme-primary-yellow button--withIconLeft button--size-small\">\n            <span class=\"button__icon icon icon-ticket\"><\/span>\n            <p class=\"button__text typo-16 f-600\">Kup bilet<\/p>\n        <\/a>\n    <\/div>\n    <\/div>                                    <\/div>\n                                <\/div>\n                                                            <div class=\"tickets-slider__sliderItem swiper-slide\"\n                                    data-id=\"214327\"\n                                    data-name=\"Take That\"\n                                    data-brand=\"Fource Entertainment sp. z o o\"\n                                    data-category=\"muzyka\"\n                                    data-subcategory=\"pop\"\n                                    data-city=\"Warszawa\"\n                                    data-venue=\"Letnia Scena Progresji\">\n                                    <div class=\"tickets-slider__sliderCard\">\n                                        \n<div class=\"card-ticket\">\n        <div class=\"card-ticket__image\">\n        <a href=\"https:\/\/www.ebilet.pl\/muzyka\/pop\/take-that\">\n            <img decoding=\"async\" src=\"https:\/\/www.ebilet.pl\/media\/cms\/media\/eiqdozli\/ebilet-552x736-take-that.webp\" alt=\"Plakat wydarzenia\" \/>\n        <\/a>\n    <\/div>\n             \n    <div class=\"card-ticket__link\">\n        <a href=\"https:\/\/www.ebilet.pl\/muzyka\/pop\/take-that\" class=\"button button--theme-primary-yellow button--withIconLeft button--size-small\">\n            <span class=\"button__icon icon icon-ticket\"><\/span>\n            <p class=\"button__text typo-16 f-600\">Kup bilet<\/p>\n        <\/a>\n    <\/div>\n    <\/div>                                    <\/div>\n                                <\/div>\n                                                            <div class=\"tickets-slider__sliderItem swiper-slide\"\n                                    data-id=\"7104\"\n                                    data-name=\"Open&#039;er Festival 2027\"\n                                    data-brand=\"Alter Art\"\n                                    data-category=\"muzyka\"\n                                    data-subcategory=\"festiwale\"\n                                    data-city=\"Gdynia\"\n                                    data-venue=\"Lotnisko Gdynia - Kosakowo\">\n                                    <div class=\"tickets-slider__sliderCard\">\n                                        \n<div class=\"card-ticket\">\n        <div class=\"card-ticket__image\">\n        <a href=\"https:\/\/www.ebilet.pl\/muzyka\/festiwale\/opener-festival\">\n            <img decoding=\"async\" src=\"https:\/\/www.ebilet.pl\/media\/cms\/media\/qkso1del\/opene_2027_tameimpala_552x736_ebilet-1d7aa61e-0a2a-4f3b-b538-d84518354aa2.webp\" alt=\"Plakat wydarzenia\" \/>\n        <\/a>\n    <\/div>\n             \n    <div class=\"card-ticket__link\">\n        <a href=\"https:\/\/www.ebilet.pl\/muzyka\/festiwale\/opener-festival\" class=\"button button--theme-primary-yellow button--withIconLeft button--size-small\">\n            <span class=\"button__icon icon icon-ticket\"><\/span>\n            <p class=\"button__text typo-16 f-600\">Kup bilet<\/p>\n        <\/a>\n    <\/div>\n    <\/div>                                    <\/div>\n                                <\/div>\n                                                            <div class=\"tickets-slider__sliderItem swiper-slide\"\n                                    data-id=\"118194\"\n                                    data-name=\"Kwalifikacje do Mistrzostw \u015awiata w koszyk\u00f3wce m\u0119\u017cczyzn 2027: Polska \u2013 Chorwacja\"\n                                    data-brand=\"Polski Zwi\u0105zek Koszyk\u00f3wki\"\n                                    data-category=\"sport\"\n                                    data-subcategory=\"sporty-druzynowe\"\n                                    data-city=\"Gliwice\"\n                                    data-venue=\"PreZero Arena Gliwice\">\n                                    <div class=\"tickets-slider__sliderCard\">\n                                        \n<div class=\"card-ticket\">\n        <div class=\"card-ticket__image\">\n        <a href=\"https:\/\/www.ebilet.pl\/sport\/sporty-druzynowe\/koszykowka-mecz\">\n            <img decoding=\"async\" src=\"https:\/\/www.ebilet.pl\/media\/cms\/media\/nvdpzm53\/podstawowe_portaljpg-550c863c-126b-4054-8668-ffc6e52face6.webp\" alt=\"Plakat wydarzenia\" \/>\n        <\/a>\n    <\/div>\n             \n    <div class=\"card-ticket__link\">\n        <a href=\"https:\/\/www.ebilet.pl\/sport\/sporty-druzynowe\/koszykowka-mecz\" class=\"button button--theme-primary-yellow button--withIconLeft button--size-small\">\n            <span class=\"button__icon icon icon-ticket\"><\/span>\n            <p class=\"button__text typo-16 f-600\">Kup bilet<\/p>\n        <\/a>\n    <\/div>\n    <\/div>                                    <\/div>\n                                <\/div>\n                                                            <div class=\"tickets-slider__sliderItem swiper-slide\"\n                                    data-id=\"187523\"\n                                    data-name=\"Otsochodzi - RIOTT\"\n                                    data-brand=\"Revolume Sp. z o.o.\"\n                                    data-category=\"muzyka\"\n                                    data-subcategory=\"hip-hop-rap\"\n                                    data-city=\"Gda\u0144sk, Krak\u00f3w, Pozna\u0144 i inne\"\n                                    data-venue=\"Hala COS Torwar \">\n                                    <div class=\"tickets-slider__sliderCard\">\n                                        \n<div class=\"card-ticket\">\n        <div class=\"card-ticket__image\">\n        <a href=\"https:\/\/www.ebilet.pl\/muzyka\/hip-hop-rap\/otsochodzi\">\n            <img decoding=\"async\" src=\"https:\/\/www.ebilet.pl\/media\/cms\/media\/ucuizr2w\/tt-552-x-736-kopia.webp\" alt=\"Plakat wydarzenia\" \/>\n        <\/a>\n    <\/div>\n             \n    <div class=\"card-ticket__link\">\n        <a href=\"https:\/\/www.ebilet.pl\/muzyka\/hip-hop-rap\/otsochodzi\" class=\"button button--theme-primary-yellow button--withIconLeft button--size-small\">\n            <span class=\"button__icon icon icon-ticket\"><\/span>\n            <p class=\"button__text typo-16 f-600\">Kup bilet<\/p>\n        <\/a>\n    <\/div>\n    <\/div>                                    <\/div>\n                                <\/div>\n                                                            <div class=\"tickets-slider__sliderItem swiper-slide\"\n                                    data-id=\"100692\"\n                                    data-name=\"VAN GOGH \u2013 Wystawa Immersyjna - Lublin\"\n                                    data-brand=\"High Note Events Sp. z o.o. S.k.\"\n                                    data-category=\"biznes\"\n                                    data-subcategory=\"wystawa\"\n                                    data-city=\"Lublin\"\n                                    data-venue=\"HANGAR SZTUKI, Lublin\">\n                                    <div class=\"tickets-slider__sliderCard\">\n                                        \n<div class=\"card-ticket\">\n        <div class=\"card-ticket__image\">\n        <a href=\"https:\/\/www.ebilet.pl\/biznes\/wystawa\/van-gogh\">\n            <img decoding=\"async\" src=\"https:\/\/www.ebilet.pl\/media\/cms\/media\/rx0pgtm4\/nowa-ebilet-_vg-__-lublin_-552-736-5ddf74a4-5cec-41cd-9f00-a4baa0f7a221.webp\" alt=\"Plakat wydarzenia\" \/>\n        <\/a>\n    <\/div>\n             \n    <div class=\"card-ticket__link\">\n        <a href=\"https:\/\/www.ebilet.pl\/biznes\/wystawa\/van-gogh\" class=\"button button--theme-primary-yellow button--withIconLeft button--size-small\">\n            <span class=\"button__icon icon icon-ticket\"><\/span>\n            <p class=\"button__text typo-16 f-600\">Kup bilet<\/p>\n        <\/a>\n    <\/div>\n    <\/div>                                    <\/div>\n                                <\/div>\n                                                            <div class=\"tickets-slider__sliderItem swiper-slide\"\n                                    data-id=\"213605\"\n                                    data-name=\"Getdown Services\"\n                                    data-brand=\"Fource Entertainment sp. z o o\"\n                                    data-category=\"muzyka\"\n                                    data-subcategory=\"rock\"\n                                    data-city=\"Krak\u00f3w, Warszawa\"\n                                    data-venue=\"NIEBO\">\n                                    <div class=\"tickets-slider__sliderCard\">\n                                        \n<div class=\"card-ticket\">\n        <div class=\"card-ticket__image\">\n        <a href=\"https:\/\/www.ebilet.pl\/muzyka\/rock\/getdown-services\">\n            <img decoding=\"async\" src=\"https:\/\/www.ebilet.pl\/media\/cms\/media\/epsfunxf\/ebilet-552x736-getdown-services-combo.webp\" alt=\"Plakat wydarzenia\" \/>\n        <\/a>\n    <\/div>\n             \n    <div class=\"card-ticket__link\">\n        <a href=\"https:\/\/www.ebilet.pl\/muzyka\/rock\/getdown-services\" class=\"button button--theme-primary-yellow button--withIconLeft button--size-small\">\n            <span class=\"button__icon icon icon-ticket\"><\/span>\n            <p class=\"button__text typo-16 f-600\">Kup bilet<\/p>\n        <\/a>\n    <\/div>\n    <\/div>                                    <\/div>\n                                <\/div>\n                                                            <div class=\"tickets-slider__sliderItem swiper-slide\"\n                                    data-id=\"185007\"\n                                    data-name=\"Olsztyn Green Festival 2027\"\n                                    data-brand=\"Wyborcza Sp. z o.o.\"\n                                    data-category=\"muzyka\"\n                                    data-subcategory=\"festiwale\"\n                                    data-city=\"Olsztyn\"\n                                    data-venue=\"CRS Ukiel\">\n                                    <div class=\"tickets-slider__sliderCard\">\n                                        \n<div class=\"card-ticket\">\n        <div class=\"card-ticket__image\">\n        <a href=\"https:\/\/www.ebilet.pl\/muzyka\/festiwale\/olsztyn-green-festival\">\n            <img decoding=\"async\" src=\"https:\/\/www.ebilet.pl\/media\/cms\/media\/ivzhtv3z\/1080x1350_ogf_edycja_2027-18faf89b-3a6e-4aa9-b07b-593f24448a27.webp\" alt=\"Plakat wydarzenia\" \/>\n        <\/a>\n    <\/div>\n             \n    <div class=\"card-ticket__link\">\n        <a href=\"https:\/\/www.ebilet.pl\/muzyka\/festiwale\/olsztyn-green-festival\" class=\"button button--theme-primary-yellow button--withIconLeft button--size-small\">\n            <span class=\"button__icon icon icon-ticket\"><\/span>\n            <p class=\"button__text typo-16 f-600\">Kup bilet<\/p>\n        <\/a>\n    <\/div>\n    <\/div>                                    <\/div>\n                                <\/div>\n                                                            <div class=\"tickets-slider__sliderItem swiper-slide\"\n                                    data-id=\"177995\"\n                                    data-name=\"G33 Tour - Tadeo x Szczepan x Wygu\u015b x Mata\"\n                                    data-brand=\"BREND GROUP SP\u00d3\u0141KA Z OGRANICZON\u0104 ODPOWIEDZIALNO\u015aCI\u0104\"\n                                    data-category=\"muzyka\"\n                                    data-subcategory=\"hip-hop-rap\"\n                                    data-city=\"Bydgoszcz, Gwi\u017adziny, Kra\u015bnik i inne\"\n                                    data-venue=\"Plac Targowy w Soko\u0142owie Ma\u0142opolskim\">\n                                    <div class=\"tickets-slider__sliderCard\">\n                                        \n<div class=\"card-ticket\">\n        <div class=\"card-ticket__image\">\n        <a href=\"https:\/\/www.ebilet.pl\/muzyka\/hip-hop-rap\/gombao33\">\n            <img decoding=\"async\" src=\"https:\/\/www.ebilet.pl\/media\/cms\/media\/ctcikvkb\/gombao_bez_napisu-2ebe28b7-760a-4987-8d6c-0cb2fe6f2203.webp\" alt=\"Plakat wydarzenia\" \/>\n        <\/a>\n    <\/div>\n             \n    <div class=\"card-ticket__link\">\n        <a href=\"https:\/\/www.ebilet.pl\/muzyka\/hip-hop-rap\/gombao33\" class=\"button button--theme-primary-yellow button--withIconLeft button--size-small\">\n            <span class=\"button__icon icon icon-ticket\"><\/span>\n            <p class=\"button__text typo-16 f-600\">Kup bilet<\/p>\n        <\/a>\n    <\/div>\n    <\/div>                                    <\/div>\n                                <\/div>\n                                                            <div class=\"tickets-slider__sliderItem swiper-slide\"\n                                    data-id=\"169186\"\n                                    data-name=\"Up To Date Festival 2027\"\n                                    data-brand=\"STOWARZYSZENIE POGOTOWIE KULTURALNO-SPO\u0141ECZNE\"\n                                    data-category=\"muzyka\"\n                                    data-subcategory=\"festiwale\"\n                                    data-city=\"Bia\u0142ystok\"\n                                    data-venue=\"Bia\u0142ystok\">\n                                    <div class=\"tickets-slider__sliderCard\">\n                                        \n<div class=\"card-ticket\">\n        <div class=\"card-ticket__image\">\n        <a href=\"https:\/\/www.ebilet.pl\/muzyka\/festiwale\/up-to-date-festival\">\n            <img decoding=\"async\" src=\"https:\/\/www.ebilet.pl\/media\/cms\/media\/jfdlnoqn\/ebilet-552x736-portal-wersja-2-c38ddeaf-bf05-4f54-9e4d-377e6b572335.webp\" alt=\"Plakat wydarzenia\" \/>\n        <\/a>\n    <\/div>\n             \n    <div class=\"card-ticket__link\">\n        <a href=\"https:\/\/www.ebilet.pl\/muzyka\/festiwale\/up-to-date-festival\" class=\"button button--theme-primary-yellow button--withIconLeft button--size-small\">\n            <span class=\"button__icon icon icon-ticket\"><\/span>\n            <p class=\"button__text typo-16 f-600\">Kup bilet<\/p>\n        <\/a>\n    <\/div>\n    <\/div>                                    <\/div>\n                                <\/div>\n                                                            <div class=\"tickets-slider__sliderItem swiper-slide\"\n                                    data-id=\"179820\"\n                                    data-name=\"XTB KSW 122\"\n                                    data-brand=\"Federacja KSW\"\n                                    data-category=\"sport\"\n                                    data-subcategory=\"sporty-walki\"\n                                    data-city=\"Rzesz\u00f3w\"\n                                    data-venue=\"Regionalne Centrum Sportowo-Widowiskowe Podpromie\">\n                                    <div class=\"tickets-slider__sliderCard\">\n                                        \n<div class=\"card-ticket\">\n        <div class=\"card-ticket__image\">\n        <a href=\"https:\/\/www.ebilet.pl\/sport\/sporty-walki\/ksw-gala\">\n            <img decoding=\"async\" src=\"https:\/\/www.ebilet.pl\/media\/cms\/media\/ephnqq14\/ksw122_552x736-kopia-6d406d0c-fee6-4f71-88c9-6220ef184bde.webp\" alt=\"Plakat wydarzenia\" \/>\n        <\/a>\n    <\/div>\n             \n    <div class=\"card-ticket__link\">\n        <a href=\"https:\/\/www.ebilet.pl\/sport\/sporty-walki\/ksw-gala\" class=\"button button--theme-primary-yellow button--withIconLeft button--size-small\">\n            <span class=\"button__icon icon icon-ticket\"><\/span>\n            <p class=\"button__text typo-16 f-600\">Kup bilet<\/p>\n        <\/a>\n    <\/div>\n    <\/div>                                    <\/div>\n                                <\/div>\n                                                            <div class=\"tickets-slider__sliderItem swiper-slide\"\n                                    data-id=\"7378\"\n                                    data-name=\"Golec uOrkiestra - Koncert Kol\u0119d i Pastora\u0142ek\"\n                                    data-brand=\"Your Events Art\"\n                                    data-category=\"muzyka\"\n                                    data-subcategory=\"piosenka\"\n                                    data-city=\"Bielsko-Bia\u0142a, Bydgoszcz, Gda\u0144sk i inne\"\n                                    data-venue=\"Dom Muzyki i Ta\u0144ca\">\n                                    <div class=\"tickets-slider__sliderCard\">\n                                        \n<div class=\"card-ticket\">\n        <div class=\"card-ticket__image\">\n        <a href=\"https:\/\/www.ebilet.pl\/muzyka\/piosenka\/koncert-koled-i-pastoralek-golec-uorkiestra\">\n            <img decoding=\"async\" src=\"https:\/\/www.ebilet.pl\/media\/cms\/media\/sqlacf5s\/golec_552x736_ebilet-c90c1dab-7443-46cc-b6f7-252554a5cab4.webp\" alt=\"Plakat wydarzenia\" \/>\n        <\/a>\n    <\/div>\n             \n    <div class=\"card-ticket__link\">\n        <a href=\"https:\/\/www.ebilet.pl\/muzyka\/piosenka\/koncert-koled-i-pastoralek-golec-uorkiestra\" class=\"button button--theme-primary-yellow button--withIconLeft button--size-small\">\n            <span class=\"button__icon icon icon-ticket\"><\/span>\n            <p class=\"button__text typo-16 f-600\">Kup bilet<\/p>\n        <\/a>\n    <\/div>\n    <\/div>                                    <\/div>\n                                <\/div>\n                                                            <div class=\"tickets-slider__sliderItem swiper-slide\"\n                                    data-id=\"179391\"\n                                    data-name=\"Pitbull - I&#039;m Back!\"\n                                    data-brand=\"Live Nation\"\n                                    data-category=\"muzyka\"\n                                    data-subcategory=\"pop\"\n                                    data-city=\"Gda\u0144sk\/Sopot, \u0141\u00f3d\u017a\"\n                                    data-venue=\"Atlas Arena\">\n                                    <div class=\"tickets-slider__sliderCard\">\n                                        \n<div class=\"card-ticket\">\n        <div class=\"card-ticket__image\">\n        <a href=\"https:\/\/www.ebilet.pl\/muzyka\/pop\/pitbull\">\n            <img decoding=\"async\" src=\"https:\/\/www.ebilet.pl\/media\/cms\/media\/5lzfwzwf\/pitbull_552x736-51986cca-48f5-4419-a9c5-cba531ed65a3.webp\" alt=\"Plakat wydarzenia\" \/>\n        <\/a>\n    <\/div>\n             \n    <div class=\"card-ticket__link\">\n        <a href=\"https:\/\/www.ebilet.pl\/muzyka\/pop\/pitbull\" class=\"button button--theme-primary-yellow button--withIconLeft button--size-small\">\n            <span class=\"button__icon icon icon-ticket\"><\/span>\n            <p class=\"button__text typo-16 f-600\">Kup bilet<\/p>\n        <\/a>\n    <\/div>\n    <\/div>                                    <\/div>\n                                <\/div>\n                                                            <div class=\"tickets-slider__sliderItem swiper-slide\"\n                                    data-id=\"214808\"\n                                    data-name=\"Mecz mistrz\u00f3w: Polska - W\u0142ochy\"\n                                    data-brand=\"GOSZCZDESIGN MONIKA K\u0141OS\"\n                                    data-category=\"sport\"\n                                    data-subcategory=\"sporty-druzynowe\"\n                                    data-city=\"Wroc\u0142aw\"\n                                    data-venue=\"Tarczy\u0144ski Arena Wroc\u0142aw\">\n                                    <div class=\"tickets-slider__sliderCard\">\n                                        \n<div class=\"card-ticket\">\n        <div class=\"card-ticket__image\">\n        <a href=\"https:\/\/www.ebilet.pl\/sport\/sporty-druzynowe\/mecz-mistrzow\">\n            <img decoding=\"async\" src=\"https:\/\/www.ebilet.pl\/media\/cms\/media\/anml1cos\/552x736.webp\" alt=\"Plakat wydarzenia\" \/>\n        <\/a>\n    <\/div>\n             \n    <div class=\"card-ticket__link\">\n        <a href=\"https:\/\/www.ebilet.pl\/sport\/sporty-druzynowe\/mecz-mistrzow\" class=\"button button--theme-primary-yellow button--withIconLeft button--size-small\">\n            <span class=\"button__icon icon icon-ticket\"><\/span>\n            <p class=\"button__text typo-16 f-600\">Kup bilet<\/p>\n        <\/a>\n    <\/div>\n    <\/div>                                    <\/div>\n                                <\/div>\n                                                            <div class=\"tickets-slider__sliderItem swiper-slide\"\n                                    data-id=\"214154\"\n                                    data-name=\"Russell Crowe\u2019s Indoor Garden Party\"\n                                    data-brand=\"BACKSTAGE PRODUCTIONS ANNA ZAR\u0118BSKA\"\n                                    data-category=\"muzyka\"\n                                    data-subcategory=\"rock\"\n                                    data-city=\"\u0106miel\u00f3w\"\n                                    data-venue=\"Zamek \u0106miel\u00f3w\">\n                                    <div class=\"tickets-slider__sliderCard\">\n                                        \n<div class=\"card-ticket\">\n        <div class=\"card-ticket__image\">\n        <a href=\"https:\/\/www.ebilet.pl\/muzyka\/rock\/russell-crowe\">\n            <img decoding=\"async\" src=\"https:\/\/www.ebilet.pl\/media\/cms\/media\/dajolyng\/rusel_pion-738c048c-2504-4de3-a226-d83518cf8463.webp\" alt=\"Plakat wydarzenia\" \/>\n        <\/a>\n    <\/div>\n             \n    <div class=\"card-ticket__link\">\n        <a href=\"https:\/\/www.ebilet.pl\/muzyka\/rock\/russell-crowe\" class=\"button button--theme-primary-yellow button--withIconLeft button--size-small\">\n            <span class=\"button__icon icon icon-ticket\"><\/span>\n            <p class=\"button__text typo-16 f-600\">Kup bilet<\/p>\n        <\/a>\n    <\/div>\n    <\/div>                                    <\/div>\n                                <\/div>\n                                                            <div class=\"tickets-slider__sliderItem swiper-slide\"\n                                    data-id=\"38728\"\n                                    data-name=\"Silesia Memoria\u0142 Kamili Skolimowskiej\"\n                                    data-brand=\"Fundacja Kamili Skolimowskiej\"\n                                    data-category=\"sport\"\n                                    data-subcategory=\"lekkoatletyka\"\n                                    data-city=\"Chorz\u00f3w\"\n                                    data-venue=\"Superauto.pl Stadion \u015al\u0105ski\">\n                                    <div class=\"tickets-slider__sliderCard\">\n                                        \n<div class=\"card-ticket\">\n        <div class=\"card-ticket__image\">\n        <a href=\"https:\/\/www.ebilet.pl\/sport\/lekkoatletyka\/memorial-kamili-skolimowskiej\">\n            <img decoding=\"async\" src=\"https:\/\/www.ebilet.pl\/media\/cms\/media\/ebddns15\/552x736-78da7a2f-a7cf-4711-af9b-beba90926c7e.webp\" alt=\"Plakat wydarzenia\" \/>\n        <\/a>\n    <\/div>\n             \n    <div class=\"card-ticket__link\">\n        <a href=\"https:\/\/www.ebilet.pl\/sport\/lekkoatletyka\/memorial-kamili-skolimowskiej\" class=\"button button--theme-primary-yellow button--withIconLeft button--size-small\">\n            <span class=\"button__icon icon icon-ticket\"><\/span>\n            <p class=\"button__text typo-16 f-600\">Kup bilet<\/p>\n        <\/a>\n    <\/div>\n    <\/div>                                    <\/div>\n                                <\/div>\n                                                    <\/div>\n                    <\/div>\n                <\/div>\n            <\/div>\n        <\/div>\n    <\/div>\n<\/section>\n\n\n<section class=\"text-block  section-margin-32\" >\n    <div class=\"container\">\n        <div class=\"row\">\n            <div class=\"col-24\">\n                <div class=\"text-block__content\"><h3><strong>Lato Ochrydzkie (Macedonia P\u00f3\u0142nocna)<\/strong><\/h3>\n<p><span style=\"font-weight: 400;\">Cho\u0107 gdy wpiszesz w Google \u201cLato Ochrydzkie\u201d, wyskocz\u0105 ci oferty biur podr\u00f3\u017cy, warto zatrzyma\u0107 na chwil\u0119 uwag\u0119 na festiwalu o takiej w\u0142a\u015bnie nazwie.<\/span><b> Lato Ochrydzkie to jedno z najstarszych i najwa\u017cniejszych wydarze\u0144 artystycznych w Macedonii P\u00f3\u0142nocnej.<\/b><span style=\"font-weight: 400;\"> Od 1961 roku festiwal przyci\u0105ga do Ochrydy \u2013 miasta wpisanego na list\u0119 UNESCO \u2013 najwi\u0119ksze gwiazdy muzyki klasycznej i teatru z ca\u0142ego \u015bwiata. Koncerty odbywaj\u0105 si\u0119 w niezwyk\u0142ych przestrzeniach: od XIII-wiecznej Cerkwi \u015bw. Zofii po Teatr im. Teatru Staro\u017cytnego.\u00a0<\/span><\/p>\n<p><b>W 2024 roku odby\u0142a si\u0119 ju\u017c 64. edycja, a sceny Ochrydy na 40 dni wype\u0142ni\u0142o ponad 500 artyst\u00f3w z 24 kraj\u00f3w. W programie znalaz\u0142o si\u0119:<\/b><\/p>\n<ul>\n<li style=\"font-weight: 400;\" aria-level=\"1\"><span style=\"font-weight: 400;\">27 koncert\u00f3w muzyki klasycznej,<\/span><\/li>\n<li style=\"font-weight: 400;\" aria-level=\"1\"><span style=\"font-weight: 400;\">6 spektakli teatralnych i kilka premier mi\u0119dzynarodowych,<\/span><\/li>\n<li style=\"font-weight: 400;\" aria-level=\"1\"><span style=\"font-weight: 400;\">koncerty po\u015bwi\u0119cone macedo\u0144skim kompozytorom,<\/span><\/li>\n<li style=\"font-weight: 400;\" aria-level=\"1\"><span style=\"font-weight: 400;\">wydarzenia specjalne.<\/span><\/li>\n<\/ul>\n<p><span style=\"font-weight: 400;\">Na festiwalowych scenach wyst\u0105pili ju\u017c m.in. Julian Rachlin, Jos\u00e9 Carreras, Gidon Kremer czy Mstis\u0142aw Rostropowicz. W 2024 roku publiczno\u015b\u0107 mog\u0142a podziwia\u0107 m.in. belgijskiego wiolonczelist\u0119 Kamiego Thom\u0119, mi\u0119dzynarodowe zespo\u0142y orkiestrowe i kwartety kameralne, a tak\u017ce artyst\u00f3w, kt\u00f3rzy zaskocz\u0105 energi\u0105 muzyki rozrywkowej, jak zesp\u00f3\u0142 salsowy Mercadonegro. <\/span><b>Program teatralny zawiera\u0142 tak\u017ce wielkie nazwiska: <\/b><span style=\"font-weight: 400;\">spektakle ze S\u0142owenii, Serbii i Macedonii, a nawet \u015bwiatowa premiera \u201cKr\u00f3la Leara\u201d z Kalifornii.<\/span><\/p>\n<p><b>Lato Ochrydzkie to nie tylko festiwal, ale tak\u017ce \u015bwi\u0119to sztuki w miejscu, kt\u00f3re od wiek\u00f3w inspiruje artyst\u00f3w. <\/b><span style=\"font-weight: 400;\">Po\u0142\u0105czenie staro\u017cytnej scenerii, wspania\u0142ej akustyki i najwy\u017cszego poziomu artystycznego sprawia, \u017ce ka\u017cdy koncert i spektakl jest wyj\u0105tkowym prze\u017cyciem.<\/span><\/p>\n<p><span style=\"font-weight: 400;\">Mo\u017ce to idealny kierunek na przysz\u0142e wakacje?<\/span><\/p>\n<h3><strong>The Proms w Royal Albert Hall w Londynie<\/strong><\/h3>\n<p><span style=\"font-weight: 400;\">Czy koncert muzyki klasycznej mo\u017ce sta\u0107 si\u0119 narodowym \u015bwi\u0119tem? Brytyjczycy udowadniaj\u0105, \u017ce tak \u2013 The Proms to nie tylko seria koncert\u00f3w, ale i wa\u017cny element kultury Wysp.<\/span><\/p>\n<p><b>The Proms, czyli s\u0142ynne koncerty promenadowe, odbywaj\u0105 si\u0119 od 1895 roku.<\/b><span style=\"font-weight: 400;\"> Od 1927 roku organizuje je BBC, a ich g\u0142\u00f3wn\u0105 scen\u0105 jest Royal Albert Hall w Londynie. Festiwal z za\u0142o\u017cenia ma dociera\u0107 do wszystkich i tak w\u0142a\u015bnie si\u0119 dzieje. Nie tylko mi\u0142o\u015bnicy muzyki powa\u017cnej ch\u0119tnie s\u0142uchaj\u0105 koncert\u00f3w.\u00a0<\/span><\/p>\n<p><span style=\"font-weight: 400;\">Ka\u017cdego lata londy\u0144ska sala koncertowa gromadzi dziesi\u0105tki tysi\u0119cy s\u0142uchaczy.<\/span><b> Szczeg\u00f3ln\u0105 s\u0142aw\u0105 cieszy si\u0119 Last Night of the Proms \u2013 fina\u0142owy koncert, podczas kt\u00f3rego publiczno\u015b\u0107 \u015bpiewa patriotyczne pie\u015bni, takie jak \u201cRule, Britannia!\u201d czy \u201cLand of Hope and Glory\u201d. <\/b><span style=\"font-weight: 400;\">Widowisko jest transmitowane na ca\u0142y \u015bwiat, a BBC Proms uchodzi dzi\u015b za najwi\u0119kszy i najbardziej dost\u0119pny festiwal muzyki klasycznej na \u015bwiecie.<\/span><\/p>\n<p><b>Pomys\u0142odawc\u0105 koncert\u00f3w by\u0142 Robert Newman, dyrektor Queen\u2019s Hall, a pierwszym dyrygentem Henry Wood. <\/b><span style=\"font-weight: 400;\">Od samego pocz\u0105tku koncerty \u0142\u0105czy\u0142y repertuar klasyczny z popularnymi operowymi melodiami, przyci\u0105gaj\u0105c szerok\u0105 publiczno\u015b\u0107. W latach 40. XX wieku, po zniszczeniu Queen\u2019s Hall w nalotach, wydarzenie przeniesiono do Royal Albert Hall, gdzie odbywa si\u0119 do dzi\u015b.<\/span><\/p>\n<p><span style=\"font-weight: 400;\">W kolejnych dekadach BBC Proms przekszta\u0142ci\u0142y si\u0119 w<\/span><b> mi\u0119dzynarodowy festiwal, zapraszaj\u0105cy orkiestry z ca\u0142ego \u015bwiata. <\/b><span style=\"font-weight: 400;\">Wprowadzono r\u00f3wnie\u017c:<\/span><\/p>\n<ul>\n<li style=\"font-weight: 400;\" aria-level=\"1\"><span style=\"font-weight: 400;\">koncerty operowe,\u00a0<\/span><\/li>\n<li style=\"font-weight: 400;\" aria-level=\"1\"><span style=\"font-weight: 400;\">wyst\u0119py zespo\u0142\u00f3w z r\u00f3\u017cnych kultur,\u00a0<\/span><\/li>\n<li style=\"font-weight: 400;\" aria-level=\"1\"><span style=\"font-weight: 400;\">muzyk\u0119 jazzow\u0105 i elektroakustyczn\u0105,\u00a0<\/span><\/li>\n<li style=\"font-weight: 400;\" aria-level=\"1\"><span style=\"font-weight: 400;\">a tak\u017ce specjalne programy dla dzieci.\u00a0<\/span><\/li>\n<\/ul>\n<p><b>Od 1996 roku publiczno\u015b\u0107 mo\u017ce uczestniczy\u0107 w fina\u0142ach festiwalu na \u017cywo w parkach w ca\u0142ej Wielkiej Brytanii dzi\u0119ki projektowi Proms in the Park.<\/b><\/p>\n<p><span style=\"font-weight: 400;\">Idea brytyjskiego festiwalu dotar\u0142a tak\u017ce do Krakowa. W 1996 roku odby\u0142a si\u0119 pierwsza edycja \u201cLast Night of the Proms in Cracow\u201d, dedykowana Brytyjczykom mieszkaj\u0105cym w Polsce. Z czasem koncert sta\u0142 si\u0119 wydarzeniem cyklicznym, goszcz\u0105cym wybitnych polskich i zagranicznych solist\u00f3w, a orkiestry prowadzi\u0142y takie autorytety jak Jerzy Maksymiuk czy Gabriel Chmura.<\/span><\/p>\n<\/div>\n            <\/div>\n        <\/div>\n    <\/div>\n<\/section>\n\n\n    <section class=\"events-carousel-block  section-margin-32\"\n        data-events-carousel\n        data-settings='{\"per_view\":5}'\n        data-item-list-name=\"Karuzela niska Polecamy na eBilet\"\n        data-item-list-id=\"karuzela_niska Polecamy na eBilet\"\n        >\n        <div class=\"container\">\n                            <div class=\"row\">\n                    <div class=\"col-24\">\n                        <div class=\"events-carousel-block__title\">\n                            <h2 class=\"typo-h2\">Polecamy na eBilet<\/h2>\n                        <\/div>\n                    <\/div>\n                <\/div>\n                        <div class=\"row\">\n                <div class=\"col-24\">\n                    <div class=\"events-carousel-block__events\">\n                        <div class=\"events-carousel-block__nav events-carousel-block__nav--prev\">\n                            <div class=\"button button--withIcon button--theme-white-blur button--size-fixed-48\" data-events-carousel-prev>\n                                <span class=\"button__icon icon icon-chevron-left\"><\/span>\n                            <\/div>\n                        <\/div>\n                        <div class=\"events-carousel-block__nav events-carousel-block__nav--next\">\n                            <div class=\"button button--withIcon button--theme-white-blur button--size-fixed-48\" data-events-carousel-next>\n                                <span class=\"button__icon icon icon-chevron-right\"><\/span>\n                            <\/div>\n                        <\/div>\n                        <div class=\"events-carousel-block__slider swiper\" data-events-carousel-slider>\n                            <div class=\"events-carousel-block__sliderWrapper swiper-wrapper\">\n                                                                    <div class=\"events-carousel-block__sliderItem swiper-slide\"\n                                        data-id=\"152494\"\n                                        data-name=\"Che\u0142mo\u0144ski. D\u017awi\u0119kiem malowane\"\n                                        data-brand=\"FUNDACJA KONCEPT KULTURA\"\n                                        data-category=\"widowiska\"\n                                        data-subcategory=\"inne\"\n                                        data-city=\"Kielce, Sosnowiec\"\n                                        data-venue=\"Kieleckie Centrum Kultury\">\n                                        \n<div class=\"card-event  card-event--size-small\">\n        <a href=\"https:\/\/www.ebilet.pl\/widowiska\/inne\/chelmonski\" target=\"_blank\" class=\"card-event__link\" rel=\"nofollow noopener\"><\/a>\n        <div class=\"card-event__wrapper\">\n        <div class=\"card-event__image\">\n            <img decoding=\"async\" src=\"https:\/\/www.ebilet.pl\/media\/cms\/media\/spqlldrz\/656-x-369-px-ver-2-71dd7728-325d-4e4b-8ebd-1fe67cc5d587.webp\" alt=\"\">\n        <\/div>\n        <div class=\"card-event__data\">\n            <div class=\"card-event__name\">\n                <p>Che\u0142mo\u0144ski. D\u017awi\u0119kiem malowane<\/p>\n            <\/div>\n            <div class=\"card-event__date\"><\/div>\n            <div class=\"card-event__location\">Kielce, Sosnowiec<\/div>\n        <\/div>\n    <\/div>\n<\/div>                                    <\/div>\n                                                                    <div class=\"events-carousel-block__sliderItem swiper-slide\"\n                                        data-id=\"161461\"\n                                        data-name=\"Boeing Boeing - Teatr Capitol\"\n                                        data-brand=\"Teatr Capitol\"\n                                        data-category=\"teatr\"\n                                        data-subcategory=\"komedia\"\n                                        data-city=\"Gda\u0144sk, Warszawa\"\n                                        data-venue=\"Teatr Capitol w Warszawie\">\n                                        \n<div class=\"card-event  card-event--size-small\">\n        <a href=\"https:\/\/www.ebilet.pl\/teatr\/komedia\/boeing-boeing-teatr-capitol\" target=\"_blank\" class=\"card-event__link\" rel=\"nofollow noopener\"><\/a>\n        <div class=\"card-event__wrapper\">\n        <div class=\"card-event__image\">\n            <img decoding=\"async\" src=\"https:\/\/www.ebilet.pl\/media\/cms\/media\/4oebxceo\/656x359-popr-20-11.webp\" alt=\"\">\n        <\/div>\n        <div class=\"card-event__data\">\n            <div class=\"card-event__name\">\n                <p>Boeing Boeing &#8211; Teatr Capitol<\/p>\n            <\/div>\n            <div class=\"card-event__date\"><\/div>\n            <div class=\"card-event__location\">Gda\u0144sk, Warszawa<\/div>\n        <\/div>\n    <\/div>\n<\/div>                                    <\/div>\n                                                                    <div class=\"events-carousel-block__sliderItem swiper-slide\"\n                                        data-id=\"38728\"\n                                        data-name=\"Silesia Memoria\u0142 Kamili Skolimowskiej\"\n                                        data-brand=\"Fundacja Kamili Skolimowskiej\"\n                                        data-category=\"sport\"\n                                        data-subcategory=\"lekkoatletyka\"\n                                        data-city=\"Chorz\u00f3w\"\n                                        data-venue=\"Superauto.pl Stadion \u015al\u0105ski\">\n                                        \n<div class=\"card-event  card-event--size-small\">\n        <a href=\"https:\/\/www.ebilet.pl\/sport\/lekkoatletyka\/memorial-kamili-skolimowskiej\" target=\"_blank\" class=\"card-event__link\" rel=\"nofollow noopener\"><\/a>\n        <div class=\"card-event__wrapper\">\n        <div class=\"card-event__image\">\n            <img decoding=\"async\" src=\"https:\/\/www.ebilet.pl\/media\/cms\/media\/xapndsmm\/656x369-55b9889c-744e-4557-95ed-5f3e29334452.webp\" alt=\"\">\n        <\/div>\n        <div class=\"card-event__data\">\n            <div class=\"card-event__name\">\n                <p>Silesia Memoria\u0142 Kamili Skolimowskiej<\/p>\n            <\/div>\n            <div class=\"card-event__date\"><\/div>\n            <div class=\"card-event__location\">Chorz\u00f3w<\/div>\n        <\/div>\n    <\/div>\n<\/div>                                    <\/div>\n                                                                    <div class=\"events-carousel-block__sliderItem swiper-slide\"\n                                        data-id=\"10672\"\n                                        data-name=\"Red Bull Drift Masters, Grand Finale 2026, Poland\"\n                                        data-brand=\"Drift Masters Grand Prix Sp. z o.o.\"\n                                        data-category=\"sport\"\n                                        data-subcategory=\"sporty-motorowe\"\n                                        data-city=\"Warszawa\"\n                                        data-venue=\"PGE Narodowy im. Kazimierza G\u00f3rskiego\">\n                                        \n<div class=\"card-event  card-event--size-small\">\n        <a href=\"https:\/\/www.ebilet.pl\/sport\/sporty-motorowe\/drift-masters\" target=\"_blank\" class=\"card-event__link\" rel=\"nofollow noopener\"><\/a>\n        <div class=\"card-event__wrapper\">\n        <div class=\"card-event__image\">\n            <img decoding=\"async\" src=\"https:\/\/www.ebilet.pl\/media\/cms\/media\/10ijqlni\/656x369pl-4af36ea5-1769-4cd8-915e-6215e771f59d.webp\" alt=\"\">\n        <\/div>\n        <div class=\"card-event__data\">\n            <div class=\"card-event__name\">\n                <p>Red Bull Drift Masters, Grand Finale 2026, Poland<\/p>\n            <\/div>\n            <div class=\"card-event__date\"><\/div>\n            <div class=\"card-event__location\">Warszawa<\/div>\n        <\/div>\n    <\/div>\n<\/div>                                    <\/div>\n                                                                    <div class=\"events-carousel-block__sliderItem swiper-slide\"\n                                        data-id=\"16543\"\n                                        data-name=\"Rozta\u0144czony PGE Narodowy 2026\"\n                                        data-brand=\"KRYSIAK POLSKA CORPORATION Sp. z o.o.\"\n                                        data-category=\"muzyka\"\n                                        data-subcategory=\"festiwale\"\n                                        data-city=\"Warszawa\"\n                                        data-venue=\"PGE Narodowy im. Kazimierza G\u00f3rskiego\">\n                                        \n<div class=\"card-event  card-event--size-small\">\n        <a href=\"https:\/\/www.ebilet.pl\/muzyka\/festiwale\/roztanczony-narodowy\" target=\"_blank\" class=\"card-event__link\" rel=\"nofollow noopener\"><\/a>\n        <div class=\"card-event__wrapper\">\n        <div class=\"card-event__image\">\n            <img decoding=\"async\" src=\"https:\/\/www.ebilet.pl\/media\/cms\/media\/ih4mtfpw\/newletter_basic.webp\" alt=\"\">\n        <\/div>\n        <div class=\"card-event__data\">\n            <div class=\"card-event__name\">\n                <p>Rozta\u0144czony PGE Narodowy 2026<\/p>\n            <\/div>\n            <div class=\"card-event__date\"><\/div>\n            <div class=\"card-event__location\">Warszawa<\/div>\n        <\/div>\n    <\/div>\n<\/div>                                    <\/div>\n                                                                    <div class=\"events-carousel-block__sliderItem swiper-slide\"\n                                        data-id=\"129853\"\n                                        data-name=\"Beksi\u0144ski.Live\"\n                                        data-brand=\"L2L Sp z o.o.\"\n                                        data-category=\"widowiska\"\n                                        data-subcategory=\"inne\"\n                                        data-city=\"Warszawa, Wroc\u0142aw\"\n                                        data-venue=\"Hala COS Torwar \">\n                                        \n<div class=\"card-event  card-event--size-small\">\n        <a href=\"https:\/\/www.ebilet.pl\/widowiska\/inne\/beksinski-live\" target=\"_blank\" class=\"card-event__link\" rel=\"nofollow noopener\"><\/a>\n        <div class=\"card-event__wrapper\">\n        <div class=\"card-event__image\">\n            <img decoding=\"async\" src=\"https:\/\/www.ebilet.pl\/media\/cms\/media\/y2nprogb\/656x369-2026-04-27t161826313.webp\" alt=\"\">\n        <\/div>\n        <div class=\"card-event__data\">\n            <div class=\"card-event__name\">\n                <p>Beksi\u0144ski.Live<\/p>\n            <\/div>\n            <div class=\"card-event__date\"><\/div>\n            <div class=\"card-event__location\">Warszawa, Wroc\u0142aw<\/div>\n        <\/div>\n    <\/div>\n<\/div>                                    <\/div>\n                                                                    <div class=\"events-carousel-block__sliderItem swiper-slide\"\n                                        data-id=\"144549\"\n                                        data-name=\"Zwiedzanie ZOO Warszawa\"\n                                        data-brand=\"Miasto Sto\u0142eczne Warszawa\"\n                                        data-category=\"zwiedzanie\"\n                                        data-subcategory=\"zoo\"\n                                        data-city=\"Warszawa\"\n                                        data-venue=\"\">\n                                        \n<div class=\"card-event  card-event--size-small\">\n        <a href=\"https:\/\/www.ebilet.pl\/zwiedzanie\/zoo\/zwiedzanie-zoo-warszawa\" target=\"_blank\" class=\"card-event__link\" rel=\"nofollow noopener\"><\/a>\n        <div class=\"card-event__wrapper\">\n        <div class=\"card-event__image\">\n            <img decoding=\"async\" src=\"https:\/\/www.ebilet.pl\/media\/cms\/media\/vxxcxvae\/04_bilet-domowy_656x369-05e8639e-58dc-445e-95ca-14f25e17b4f3.webp\" alt=\"\">\n        <\/div>\n        <div class=\"card-event__data\">\n            <div class=\"card-event__name\">\n                <p>Zwiedzanie ZOO Warszawa<\/p>\n            <\/div>\n            <div class=\"card-event__date\"><\/div>\n            <div class=\"card-event__location\">Warszawa<\/div>\n        <\/div>\n    <\/div>\n<\/div>                                    <\/div>\n                                                                    <div class=\"events-carousel-block__sliderItem swiper-slide\"\n                                        data-id=\"125950\"\n                                        data-name=\"Zwiedzanie ZOO Wroc\u0142aw\"\n                                        data-brand=\"ZOO Wroc\u0142aw\"\n                                        data-category=\"zwiedzanie\"\n                                        data-subcategory=\"zoo\"\n                                        data-city=\"Wroc\u0142aw\"\n                                        data-venue=\"ZOO we Wroc\u0142awiu\">\n                                        \n<div class=\"card-event  card-event--size-small\">\n        <a href=\"https:\/\/www.ebilet.pl\/zwiedzanie\/zoo\/zwiedzanie-zoo-wroclaw\" target=\"_blank\" class=\"card-event__link\" rel=\"nofollow noopener\"><\/a>\n        <div class=\"card-event__wrapper\">\n        <div class=\"card-event__image\">\n            <img decoding=\"async\" src=\"https:\/\/www.ebilet.pl\/media\/cms\/media\/wpzfsqii\/01_zoo_ebilet_656x369px-8e081b48-ed80-10b3-4ede-a1fdb0e8bde2.webp\" alt=\"\">\n        <\/div>\n        <div class=\"card-event__data\">\n            <div class=\"card-event__name\">\n                <p>Zwiedzanie ZOO Wroc\u0142aw<\/p>\n            <\/div>\n            <div class=\"card-event__date\"><\/div>\n            <div class=\"card-event__location\">Wroc\u0142aw<\/div>\n        <\/div>\n    <\/div>\n<\/div>                                    <\/div>\n                                                                    <div class=\"events-carousel-block__sliderItem swiper-slide\"\n                                        data-id=\"49432\"\n                                        data-name=\"Wroc\u0142aw Hip Hop Festival 2026\"\n                                        data-brand=\"Stowarzyszenie Planeta M\u0142odych\"\n                                        data-category=\"muzyka\"\n                                        data-subcategory=\"festiwale\"\n                                        data-city=\"Wroc\u0142aw\"\n                                        data-venue=\"Hala Stulecia\">\n                                        \n<div class=\"card-event  card-event--size-small\">\n        <a href=\"https:\/\/www.ebilet.pl\/muzyka\/festiwale\/wroclaw-hip-hop-festival\" target=\"_blank\" class=\"card-event__link\" rel=\"nofollow noopener\"><\/a>\n        <div class=\"card-event__wrapper\">\n        <div class=\"card-event__image\">\n            <img decoding=\"async\" src=\"https:\/\/www.ebilet.pl\/media\/cms\/media\/ijjninf5\/ebilet-grafiki-whhf-656x369-70d9e835-99c3-4111-8a4e-a15ed2733522.webp\" alt=\"\">\n        <\/div>\n        <div class=\"card-event__data\">\n            <div class=\"card-event__name\">\n                <p>Wroc\u0142aw Hip Hop Festival 2026<\/p>\n            <\/div>\n            <div class=\"card-event__date\"><\/div>\n            <div class=\"card-event__location\">Wroc\u0142aw<\/div>\n        <\/div>\n    <\/div>\n<\/div>                                    <\/div>\n                                                                    <div class=\"events-carousel-block__sliderItem swiper-slide\"\n                                        data-id=\"7104\"\n                                        data-name=\"Open&#039;er Festival 2027\"\n                                        data-brand=\"Alter Art\"\n                                        data-category=\"muzyka\"\n                                        data-subcategory=\"festiwale\"\n                                        data-city=\"Gdynia\"\n                                        data-venue=\"Lotnisko Gdynia - Kosakowo\">\n                                        \n<div class=\"card-event  card-event--size-small\">\n        <a href=\"https:\/\/www.ebilet.pl\/muzyka\/festiwale\/opener-festival\" target=\"_blank\" class=\"card-event__link\" rel=\"nofollow noopener\"><\/a>\n        <div class=\"card-event__wrapper\">\n        <div class=\"card-event__image\">\n            <img decoding=\"async\" src=\"https:\/\/www.ebilet.pl\/media\/cms\/media\/yllhazkq\/opene_2027_tameimpala_656x369_ebilet.webp\" alt=\"\">\n        <\/div>\n        <div class=\"card-event__data\">\n            <div class=\"card-event__name\">\n                <p>Open&#8217;er Festival 2027<\/p>\n            <\/div>\n            <div class=\"card-event__date\"><\/div>\n            <div class=\"card-event__location\">Gdynia<\/div>\n        <\/div>\n    <\/div>\n<\/div>                                    <\/div>\n                                                                    <div class=\"events-carousel-block__sliderItem swiper-slide\"\n                                        data-id=\"149533\"\n                                        data-name=\"JIMEK | Orkiestra | Go\u015bcie \u2013 Historia Polskiego Hip-Hopu. Rozdzia\u0142 III Ostatni\"\n                                        data-brand=\"NOTE THE NOTE SP\u00d3\u0141KA Z OGRANICZON\u0104 ODPOWIEDZIALNO\u015aCI\u0104\"\n                                        data-category=\"muzyka\"\n                                        data-subcategory=\"hip-hop-rap\"\n                                        data-city=\"Warszawa\"\n                                        data-venue=\"Lotnisko Bemowo (Warszawa-Babice)\">\n                                        \n<div class=\"card-event  card-event--size-small\">\n        <a href=\"https:\/\/www.ebilet.pl\/muzyka\/hip-hop-rap\/jimek\" target=\"_blank\" class=\"card-event__link\" rel=\"nofollow noopener\"><\/a>\n        <div class=\"card-event__wrapper\">\n        <div class=\"card-event__image\">\n            <img decoding=\"async\" src=\"https:\/\/www.ebilet.pl\/media\/cms\/media\/br5g3adk\/656x369-jimek-94ea5658-790b-4b12-bd07-ac87b14dfccd.webp\" alt=\"\">\n        <\/div>\n        <div class=\"card-event__data\">\n            <div class=\"card-event__name\">\n                <p>JIMEK | Orkiestra | Go\u015bcie \u2013 Historia Polskiego Hip-Hopu. Rozdzia\u0142 III Ostatni<\/p>\n            <\/div>\n            <div class=\"card-event__date\"><\/div>\n            <div class=\"card-event__location\">Warszawa<\/div>\n        <\/div>\n    <\/div>\n<\/div>                                    <\/div>\n                                                                    <div class=\"events-carousel-block__sliderItem swiper-slide\"\n                                        data-id=\"12072\"\n                                        data-name=\"Driftingowe Mistrzostwa Polski 2026 \/\/ New Grounds\"\n                                        data-brand=\"Polska Federacja Driftingu Sp. z o.o.\"\n                                        data-category=\"sport\"\n                                        data-subcategory=\"sporty-motorowe\"\n                                        data-city=\"Prze\u017amierowo\"\n                                        data-venue=\"Tor Pozna\u0144\">\n                                        \n<div class=\"card-event  card-event--size-small\">\n        <a href=\"https:\/\/www.ebilet.pl\/sport\/sporty-motorowe\/driftingowe-mistrzostwa-polski\" target=\"_blank\" class=\"card-event__link\" rel=\"nofollow noopener\"><\/a>\n        <div class=\"card-event__wrapper\">\n        <div class=\"card-event__image\">\n            <img decoding=\"async\" src=\"https:\/\/www.ebilet.pl\/media\/cms\/media\/jdrkqcix\/grafika_ebilet_dmp2026_rnd1_595x-1-51faa121-e406-43e8-9235-5e44f475fc0e.webp\" alt=\"\">\n        <\/div>\n        <div class=\"card-event__data\">\n            <div class=\"card-event__name\">\n                <p>Driftingowe Mistrzostwa Polski 2026 \/\/ New Grounds<\/p>\n            <\/div>\n            <div class=\"card-event__date\"><\/div>\n            <div class=\"card-event__location\">Prze\u017amierowo<\/div>\n        <\/div>\n    <\/div>\n<\/div>                                    <\/div>\n                                                                    <div class=\"events-carousel-block__sliderItem swiper-slide\"\n                                        data-id=\"146404\"\n                                        data-name=\"Taneczny Spodek - Festiwal Muzyki Disco\"\n                                        data-brand=\"Junior Media Music Micha\u0142 Jele\u0144\"\n                                        data-category=\"muzyka\"\n                                        data-subcategory=\"disco-polo\"\n                                        data-city=\"Katowice\"\n                                        data-venue=\"Hala Spodek\">\n                                        \n<div class=\"card-event  card-event--size-small\">\n        <a href=\"https:\/\/www.ebilet.pl\/muzyka\/disco-polo\/taneczny-spodek\" target=\"_blank\" class=\"card-event__link\" rel=\"nofollow noopener\"><\/a>\n        <div class=\"card-event__wrapper\">\n        <div class=\"card-event__image\">\n            <img decoding=\"async\" src=\"https:\/\/www.ebilet.pl\/media\/cms\/media\/w1cnpnzg\/tanecznyspodek-wydarzenie-656x369-1-f9f29e67-4f26-4d0c-abc7-f096ac1d40ff.webp\" alt=\"\">\n        <\/div>\n        <div class=\"card-event__data\">\n            <div class=\"card-event__name\">\n                <p>Taneczny Spodek &#8211; Festiwal Muzyki Disco<\/p>\n            <\/div>\n            <div class=\"card-event__date\"><\/div>\n            <div class=\"card-event__location\">Katowice<\/div>\n        <\/div>\n    <\/div>\n<\/div>                                    <\/div>\n                                                                    <div class=\"events-carousel-block__sliderItem swiper-slide\"\n                                        data-id=\"20774\"\n                                        data-name=\"Deep Purple + Jayler\"\n                                        data-brand=\"Mystic Coalition sp. zoo\"\n                                        data-category=\"muzyka\"\n                                        data-subcategory=\"rock\"\n                                        data-city=\"\u0141\u00f3d\u017a\"\n                                        data-venue=\"Atlas Arena\">\n                                        \n<div class=\"card-event  card-event--size-small\">\n        <a href=\"https:\/\/www.ebilet.pl\/muzyka\/rock\/deep-purple\" target=\"_blank\" class=\"card-event__link\" rel=\"nofollow noopener\"><\/a>\n        <div class=\"card-event__wrapper\">\n        <div class=\"card-event__image\">\n            <img decoding=\"async\" src=\"https:\/\/www.ebilet.pl\/media\/cms\/media\/ejqphb2d\/deep_purple_656x369-571f9c06-a899-454b-933a-e6b7cda413a8.webp\" alt=\"\">\n        <\/div>\n        <div class=\"card-event__data\">\n            <div class=\"card-event__name\">\n                <p>Deep Purple + Jayler<\/p>\n            <\/div>\n            <div class=\"card-event__date\"><\/div>\n            <div class=\"card-event__location\">\u0141\u00f3d\u017a<\/div>\n        <\/div>\n    <\/div>\n<\/div>                                    <\/div>\n                                                                    <div class=\"events-carousel-block__sliderItem swiper-slide\"\n                                        data-id=\"100692\"\n                                        data-name=\"VAN GOGH \u2013 Wystawa Immersyjna - Lublin\"\n                                        data-brand=\"High Note Events Sp. z o.o. S.k.\"\n                                        data-category=\"biznes\"\n                                        data-subcategory=\"wystawa\"\n                                        data-city=\"Lublin\"\n                                        data-venue=\"HANGAR SZTUKI, Lublin\">\n                                        \n<div class=\"card-event  card-event--size-small\">\n        <a href=\"https:\/\/www.ebilet.pl\/biznes\/wystawa\/van-gogh\" target=\"_blank\" class=\"card-event__link\" rel=\"nofollow noopener\"><\/a>\n        <div class=\"card-event__wrapper\">\n        <div class=\"card-event__image\">\n            <img decoding=\"async\" src=\"https:\/\/www.ebilet.pl\/media\/cms\/media\/ugfl0pib\/nowa-ebilet-_vg-__-lublin_-656-x-369-82f538ac-1e12-462c-a3ee-f547f809048f.webp\" alt=\"\">\n        <\/div>\n        <div class=\"card-event__data\">\n            <div class=\"card-event__name\">\n                <p>VAN GOGH \u2013 Wystawa Immersyjna &#8211; Lublin<\/p>\n            <\/div>\n            <div class=\"card-event__date\"><\/div>\n            <div class=\"card-event__location\">Lublin<\/div>\n        <\/div>\n    <\/div>\n<\/div>                                    <\/div>\n                                                            <\/div>\n                        <\/div>\n                    <\/div>\n                    <div class=\"events-carousel-block__pagination\">\n                        <div class=\"swiper-pagination slider-pagination\" data-events-carousel-pagination><\/div>\n                    <\/div>\n                <\/div>\n            <\/div>\n        <\/div>\n    <\/section>\n\n\n\n<section class=\"text-block  section-margin-32\" >\n    <div class=\"container\">\n        <div class=\"row\">\n            <div class=\"col-24\">\n                <div class=\"text-block__content\"><h3><strong>Rossini Opera Festival<\/strong><\/h3>\n<p><b>Rossini Opera Festival to nie tylko przegl\u0105d najpopularniejszych dzie\u0142 mistrza, ale te\u017c okazja, by odkry\u0107 jego zapomniane opery i rzadko wykonywane utwory <\/b><span style=\"font-weight: 400;\">(w ramach tego wydarzenia odbywaj\u0105 si\u0119 nawet takie spektakle, kt\u00f3rych partytury zosta\u0142y odnalezione po wielu latach i na nowo opracowane. Trudno zobaczy\u0107 je gdziekolwiek indziej)<\/span><b>. Wydarzenie od 1993 roku ma rang\u0119 festiwalu mi\u0119dzynarodowego, wspieranego ustawowo przez w\u0142oski parlament. <\/b><span style=\"font-weight: 400;\">Odbywa si\u0119 co roku w sierpniu w Pesaro \u2013 rodzinnym mie\u015bcie Gioacchino Rossiniego.<\/span><b> Je\u015bli mo\u017cesz si\u0119 tam wybra\u0107, warto! Przedstawienia operowe wystawiane s\u0105 w wielu przepi\u0119knych miejscach:<\/b><\/p>\n<ul>\n<li style=\"font-weight: 400;\" aria-level=\"1\"><span style=\"font-weight: 400;\">historycznym Teatro Rossini,<\/span><\/li>\n<li style=\"font-weight: 400;\" aria-level=\"1\"><span style=\"font-weight: 400;\">nowoczesnej Vitrifrigo Arenie,\u00a0<\/span><\/li>\n<li style=\"font-weight: 400;\" aria-level=\"1\"><span style=\"font-weight: 400;\">kameralnym Teatro Sperimentale,<\/span><\/li>\n<li style=\"font-weight: 400;\" aria-level=\"1\"><span style=\"font-weight: 400;\">eleganckim Pedrotti Auditorium,<\/span><\/li>\n<li style=\"font-weight: 400;\" aria-level=\"1\"><span style=\"font-weight: 400;\">a tak\u017ce na g\u0142\u00f3wnym placu w Pesaro \u2013 Piazza del Popolo.\u00a0<\/span><\/li>\n<\/ul>\n<p><b>Festiwal przyci\u0105ga co roku naprawd\u0119 wybitnych, \u015bwiatowej s\u0142awy artyst\u00f3w. <\/b><span style=\"font-weight: 400;\">W\u015br\u00f3d nich s\u0105 nie tylko \u015bpiewacy, ale tak\u017ce realizatorzy czy inne osoby odpowiedzialne za powstanie spektakli operowych.\u00a0<\/span><\/p>\n<p><b>Podczas poprzednich edycji, kt\u00f3re odbywaj\u0105 si\u0119 od 1980 roku!, mo\u017cna by\u0142o zobaczy\u0107 takie dzie\u0142a, jak chocia\u017cby:<\/b><\/p>\n<ul>\n<li style=\"font-weight: 400;\" aria-level=\"1\"><span style=\"font-weight: 400;\">\u201cSzcz\u0119\u015bliwe oszukanie\u201d,<\/span><\/li>\n<li style=\"font-weight: 400;\" aria-level=\"1\"><span style=\"font-weight: 400;\">\u201cDziewica z jeziora\u201d,<\/span><\/li>\n<li style=\"font-weight: 400;\" aria-level=\"1\"><span style=\"font-weight: 400;\">\u201cMoj\u017cesz w Egipcie\u201d,<\/span><\/li>\n<li style=\"font-weight: 400;\" aria-level=\"1\"><span style=\"font-weight: 400;\">\u201cOkazja czyni z\u0142odzieja\u201d,<\/span><\/li>\n<li style=\"font-weight: 400;\" aria-level=\"1\"><span style=\"font-weight: 400;\">\u201cHermiona\u201d,<\/span><\/li>\n<li style=\"font-weight: 400;\" aria-level=\"1\"><span style=\"font-weight: 400;\">\u201cOtello\u201d,<\/span><\/li>\n<li style=\"font-weight: 400;\" aria-level=\"1\"><span style=\"font-weight: 400;\">\u201cCyrulik sewilski\u201d,<\/span><\/li>\n<li style=\"font-weight: 400;\" aria-level=\"1\"><span style=\"font-weight: 400;\">\u201cW\u0142oszka w Algierze\u201d,<\/span><\/li>\n<li style=\"font-weight: 400;\" aria-level=\"1\"><span style=\"font-weight: 400;\">\u201cPodr\u00f3\u017c do Reims\u201d,<\/span><\/li>\n<li style=\"font-weight: 400;\" aria-level=\"1\"><span style=\"font-weight: 400;\">\u201cKopciuszek\u201d,<\/span><\/li>\n<li style=\"font-weight: 400;\" aria-level=\"1\"><span style=\"font-weight: 400;\">\u201cAdina\u201d,<\/span><\/li>\n<li style=\"font-weight: 400;\" aria-level=\"1\"><span style=\"font-weight: 400;\">\u201cEl\u017cbieta, kr\u00f3lowa Anglii\u201d,\u00a0<\/span><\/li>\n<li style=\"font-weight: 400;\" aria-level=\"1\"><span style=\"font-weight: 400;\">\u201cMahomet II\u201d,\u00a0<\/span><\/li>\n<li style=\"font-weight: 400;\" aria-level=\"1\"><span style=\"font-weight: 400;\">\u201cAdelajda z Burgundii\u201d,<\/span><\/li>\n<li style=\"font-weight: 400;\" aria-level=\"1\"><span style=\"font-weight: 400;\">\u201cLa gazzetta\u201d.<\/span><\/li>\n<\/ul>\n<p><b>W 2025 roku odby\u0142a si\u0119 ju\u017c 46. edycja tego festiwalu! Mia\u0142a ona miejsce w dniach od 10 do 22 sierpnia i na scenie wystawiono wtedy m.in.:<\/b><\/p>\n<ul>\n<li style=\"font-weight: 400;\" aria-level=\"1\"><span style=\"font-weight: 400;\">\u201cZelmir\u0119\u201d w re\u017cyserii Calixto Bieito,<\/span><\/li>\n<li style=\"font-weight: 400;\" aria-level=\"1\"><span style=\"font-weight: 400;\">\u201cLa cambiale di matrimonio\u201d,<\/span><\/li>\n<li style=\"font-weight: 400;\" aria-level=\"1\"><span style=\"font-weight: 400;\">\u201cW\u0142oszk\u0119 w Algierze\u201d,<\/span><\/li>\n<li style=\"font-weight: 400;\" aria-level=\"1\"><span style=\"font-weight: 400;\">\u201cPodr\u00f3\u017c do Reims\u201d.\u00a0\u00a0<\/span><\/li>\n<\/ul>\n<p><span style=\"font-weight: 400;\">Dodatkowo odby\u0142a si\u0119 premiera trzech kantat Rossiniego i uroczysta Messa per Rossini.<\/span><span style=\"font-weight: 400;\"><br \/>\n<\/span><b>Rossini Opera Festival to idealna okazja, by pozna\u0107 dzie\u0142a mistrza Rossiniego w autentycznym otoczeniu jego rodzinnego miasta. <\/b><span style=\"font-weight: 400;\">Je\u015bli planujesz wyjazd do W\u0142och, warto zarezerwowa\u0107 bilety z du\u017cym wyprzedzeniem \u2013 festiwal od lat cieszy si\u0119 ogromnym zainteresowaniem.<\/span><\/p>\n<h3><strong>Tydzie\u0144 Mozartowski<\/strong><\/h3>\n<p><b>Tydzie\u0144 Mozartowski w Salzburgu to coroczny festiwal muzyki klasycznej odbywaj\u0105cy si\u0119 w okolicach 27 stycznia, dnia urodzin Wolfganga Amadeusza Mozarta. <\/b><span style=\"font-weight: 400;\">To wyj\u0105tkowa okazja, by \u015bwi\u0119towa\u0107 urodziny mistrza w jego rodzinnym mie\u015bcie (mo\u017cesz sobie niemal wyobrazi\u0107, jak wyst\u0119powa\u0142 tam za \u017cycia).\u00a0<\/span><\/p>\n<p><b>Od 1956 roku festiwal organizowany jest przez Mi\u0119dzynarodow\u0105 Fundacj\u0119 Mozarteum i przyci\u0105ga \u015bwiatowej s\u0142awy dyrygent\u00f3w, solist\u00f3w, \u015bpiewak\u00f3w oraz orkiestry, w tym Filharmonik\u00f3w Wiede\u0144skich, Mozarteum Orchester Salzburg i Camerata Salzburg.<\/b><span style=\"font-weight: 400;\"> W programie znajdziesz:\u00a0<\/span><\/p>\n<ul>\n<li style=\"font-weight: 400;\" aria-level=\"1\"><span style=\"font-weight: 400;\">koncerty symfoniczne i kameralne,\u00a0<\/span><\/li>\n<li style=\"font-weight: 400;\" aria-level=\"1\"><span style=\"font-weight: 400;\">a tak\u017ce opery.\u00a0<\/span><\/li>\n<\/ul>\n<p><b>W ostatnich latach pojawi\u0142y si\u0119 r\u00f3wnie\u017c eksperymenty z innymi formami sztuki:<\/b><\/p>\n<ul>\n<li style=\"font-weight: 400;\" aria-level=\"1\"><span style=\"font-weight: 400;\">baletem,\u00a0<\/span><\/li>\n<li style=\"font-weight: 400;\" aria-level=\"1\"><span style=\"font-weight: 400;\">teatrem marionetek,<\/span><\/li>\n<li style=\"font-weight: 400;\" aria-level=\"1\"><span style=\"font-weight: 400;\">koncertami m\u0142odych wykonawc\u00f3w z Mozart Kinderorchester.<\/span><\/li>\n<\/ul>\n<p><b>Festiwal odbywa si\u0119 w presti\u017cowych salach Salzburga, m.in.<\/b><span style=\"font-weight: 400;\"> w Gro\u00dfe Saal i Wiener Saal Mozarteum, w Gro\u00dfe Aula Uniwersytetu Salzburg, a wi\u0119ksze spektakle operowe prezentowane s\u0105 w ramach przestrzeni festiwalu letniego \u2013 w Felsenreitschule, Haus f\u00fcr Mozart i Salzburger Landestheater.<\/span><\/p>\n<p><span style=\"font-weight: 400;\">Od 2019 roku dyrektorem artystycznym jest meksyka\u0144ski tenor Rolando Villaz\u00f3n, kt\u00f3ry od 2021 roku kieruje tak\u017ce Fundacj\u0105 Mozarteum. <\/span><b>Pod jego kierownictwem festiwal powr\u00f3ci\u0142 do korzeni \u2013 muzyki Mozarta w r\u00f3\u017cnych interpretacjach.<\/b><\/p>\n<p><span style=\"font-weight: 400;\">W 2026 roku festiwal zaplanowano na koniec stycznia. Rozpocznie si\u0119 on 22 dnia tego miesi\u0105ca, a zako\u0144czy ju\u017c 1 lutego. Je\u015bli lubisz tw\u00f3rczo\u015b\u0107 Mozarta, zaplanuj wyjazd na ten czas, bo tydzie\u0144 Mozartowski to idealna okazja, by rozsmakowa\u0107 si\u0119 w muzyce tego mistrza, zobaczy\u0107 \u015bwiatowej klasy wykonawc\u00f3w i poczu\u0107 niepowtarzaln\u0105 atmosfer\u0119 Salzburga zim\u0105.<\/span><\/p>\n<p>&nbsp;<\/p>\n<p><span style=\"font-weight: 400;\">To jak, kt\u00f3ry z tych festiwali zamierzasz odwiedzi\u0107?<\/span><\/p>\n<\/div>\n            <\/div>\n        <\/div>\n    <\/div>\n<\/section>\n\n\n<section class=\"events-slider-block  section-margin-32\" data-events-slider-block data-carousel-title=\"Nowo\u015bci na eBilet\" data-carousel-type=\"karuzela_z_t\u0142em\" data-item-list-name=\"Karuzela z t\u0142em Nowo\u015bci na eBilet\" data-item-list-id=\"karuzela_z_t\u0142em Nowo\u015bci na eBilet\" >\n    <div class=\"container\">\n        <div class=\"row\">\n            <div class=\"col-24\">\n                <div class=\"events-slider-block__wrapper\">\n                                            <div class=\"events-slider-block__bg\"><img loading=\"lazy\" decoding=\"async\" width=\"1920\" height=\"1080\" src=\"https:\/\/www.ebilet.pl\/now\/app\/uploads\/2024\/04\/shutterstock_1308510637.jpg\" class=\"attachment-full size-full\" alt=\"Fot.\" srcset=\"https:\/\/www.ebilet.pl\/now\/app\/uploads\/2024\/04\/shutterstock_1308510637.jpg 1920w, https:\/\/www.ebilet.pl\/now\/app\/uploads\/2024\/04\/shutterstock_1308510637-1024x576.jpg 1024w, https:\/\/www.ebilet.pl\/now\/app\/uploads\/2024\/04\/shutterstock_1308510637-1536x864.jpg 1536w, https:\/\/www.ebilet.pl\/now\/app\/uploads\/2024\/04\/shutterstock_1308510637-1280x720.jpg 1280w, https:\/\/www.ebilet.pl\/now\/app\/uploads\/2024\/04\/shutterstock_1308510637-500x281.jpg 500w, https:\/\/www.ebilet.pl\/now\/app\/uploads\/2024\/04\/shutterstock_1308510637-632x356.jpg 632w, https:\/\/www.ebilet.pl\/now\/app\/uploads\/2024\/04\/shutterstock_1308510637-308x174.jpg 308w\" sizes=\"auto, (max-width: 1920px) 100vw, 1920px\" \/><\/div>\n                                                                <div class=\"events-slider-block__top\">\n                                                            <div class=\"events-slider-block__title desktop\">\n                                    <h2 class=\"typo-h2\">Nowo\u015bci na eBilet<\/h2>\n                                <\/div>\n                                                                                        <div class=\"events-slider-block__title mobile\">\n                                    <h2 class=\"typo-h2\">Nowo\u015bci na eBilet<\/h2>\n                                <\/div>\n                                                    <\/div>\n                                                            <div class=\"events-slider-block__main\">\n                        <div class=\"events-slider-block__nav events-slider-block__nav--prev\">\n                            <div class=\"button button--withIcon button--theme-white-blur button--size-fixed-48\" data-events-prev>\n                                <span class=\"button__icon icon icon-chevron-left\"><\/span>\n                            <\/div>\n                        <\/div>\n                        <div class=\"events-slider-block__nav events-slider-block__nav--next\">\n                            <div class=\"button button--withIcon button--theme-white-blur button--size-fixed-48\" data-events-next>\n                                <span class=\"button__icon icon icon-chevron-right\"><\/span>\n                            <\/div>\n                        <\/div>\n                        <div class=\"events-slider-block__slider\">\n                            <div class=\"swiper\" data-events-slider>\n                                <div class=\"events-slider-block__sliderWrapper swiper-wrapper\">\n                                                                    <div class=\"events-slider-block__sliderItem swiper-slide\">\n                                    \n<div class=\"card-event  card-event--size-small\">\n        <a href=\"https:\/\/www.ebilet.pl\/muzyka\/festiwale\/orange-warsaw-festival\" target=\"_blank\" class=\"card-event__link\" rel=\"nofollow noopener\"><\/a>\n        <div class=\"card-event__wrapper\">\n        <div class=\"card-event__image\">\n            <img decoding=\"async\" src=\"https:\/\/www.ebilet.pl\/media\/cms\/media\/10tfavkl\/owf27_wejs-cie_portal_552x736.webp\" alt=\"\">\n        <\/div>\n        <div class=\"card-event__data\">\n            <div class=\"card-event__name\">\n                <p>Orange Warsaw Festival 2027<\/p>\n            <\/div>\n            <div class=\"card-event__date\"><\/div>\n            <div class=\"card-event__location\"><\/div>\n        <\/div>\n    <\/div>\n<\/div>                                    <\/div>\n                                                                    <div class=\"events-slider-block__sliderItem swiper-slide\">\n                                    \n<div class=\"card-event  card-event--size-small\">\n        <a href=\"https:\/\/www.ebilet.pl\/teatr\/musicale\/wielki-gatsby\" target=\"_blank\" class=\"card-event__link\" rel=\"nofollow noopener\"><\/a>\n        <div class=\"card-event__wrapper\">\n        <div class=\"card-event__image\">\n            <img decoding=\"async\" src=\"https:\/\/www.ebilet.pl\/media\/cms\/media\/5eihaojx\/552x736-c1222f1c-09f0-4f58-a3ca-98b5badf4b8b.webp\" alt=\"\">\n        <\/div>\n        <div class=\"card-event__data\">\n            <div class=\"card-event__name\">\n                <p>Wielki Gatsby<\/p>\n            <\/div>\n            <div class=\"card-event__date\"><\/div>\n            <div class=\"card-event__location\"><\/div>\n        <\/div>\n    <\/div>\n<\/div>                                    <\/div>\n                                                                    <div class=\"events-slider-block__sliderItem swiper-slide\">\n                                    \n<div class=\"card-event  card-event--size-small\">\n        <a href=\"https:\/\/www.ebilet.pl\/teatr\/tragedia-dramat\/powodzenia-leo-grande\" target=\"_blank\" class=\"card-event__link\" rel=\"nofollow noopener\"><\/a>\n        <div class=\"card-event__wrapper\">\n        <div class=\"card-event__image\">\n            <img decoding=\"async\" src=\"https:\/\/www.ebilet.pl\/media\/cms\/media\/id1npal2\/552x736-b60cb163-87db-43ce-a14e-fd8ba6cf2ab8.webp\" alt=\"\">\n        <\/div>\n        <div class=\"card-event__data\">\n            <div class=\"card-event__name\">\n                <p>Powodzenia, Leo Grande<\/p>\n            <\/div>\n            <div class=\"card-event__date\">23.03.2027-23.03.2027<\/div>\n            <div class=\"card-event__location\">Warszawa<\/div>\n        <\/div>\n    <\/div>\n<\/div>                                    <\/div>\n                                                                    <div class=\"events-slider-block__sliderItem swiper-slide\">\n                                    \n<div class=\"card-event  card-event--size-small\">\n        <a href=\"https:\/\/www.ebilet.pl\/klasyka\/koncert\/broadway-i-west-end-przy-swiecach\" target=\"_blank\" class=\"card-event__link\" rel=\"nofollow noopener\"><\/a>\n        <div class=\"card-event__wrapper\">\n        <div class=\"card-event__image\">\n            <img decoding=\"async\" src=\"https:\/\/www.ebilet.pl\/media\/cms\/media\/diqhu23q\/ebilet-552x736-2-57ba47e4-68e0-4bc9-8635-374ebdd67a78.webp\" alt=\"\">\n        <\/div>\n        <div class=\"card-event__data\">\n            <div class=\"card-event__name\">\n                <p>Broadway i West End przy \u015bwiecach &#8211; Mistrzowie Musicalu<\/p>\n            <\/div>\n            <div class=\"card-event__date\">06.09.2026-06.09.2026<\/div>\n            <div class=\"card-event__location\">Bielsko-Bia\u0142a, Gda\u0144sk, Gdynia i inne<\/div>\n        <\/div>\n    <\/div>\n<\/div>                                    <\/div>\n                                                                    <div class=\"events-slider-block__sliderItem swiper-slide\">\n                                    \n<div class=\"card-event  card-event--size-small\">\n        <a href=\"https:\/\/www.ebilet.pl\/sport\/sporty-walki\/gala-ksw\" target=\"_blank\" class=\"card-event__link\" rel=\"nofollow noopener\"><\/a>\n        <div class=\"card-event__wrapper\">\n        <div class=\"card-event__image\">\n            <img decoding=\"async\" src=\"https:\/\/www.ebilet.pl\/media\/cms\/media\/rk2ji5me\/ksw124_552x736-kopia-dba06461-adab-46b7-97d7-d2f73141ebd4.webp\" alt=\"\">\n        <\/div>\n        <div class=\"card-event__data\">\n            <div class=\"card-event__name\">\n                <p>XTB KSW 124<\/p>\n            <\/div>\n            <div class=\"card-event__date\">19.12.2026-19.12.2026<\/div>\n            <div class=\"card-event__location\">Gliwice<\/div>\n        <\/div>\n    <\/div>\n<\/div>                                    <\/div>\n                                                                    <div class=\"events-slider-block__sliderItem swiper-slide\">\n                                    \n<div class=\"card-event  card-event--size-small\">\n        <a href=\"https:\/\/www.ebilet.pl\/klasyka\/balet-taniec\/panstwowy-ansambl-gruzji-aphkhazeti\" target=\"_blank\" class=\"card-event__link\" rel=\"nofollow noopener\"><\/a>\n        <div class=\"card-event__wrapper\">\n        <div class=\"card-event__image\">\n            <img decoding=\"async\" src=\"https:\/\/www.ebilet.pl\/media\/cms\/media\/zn1nrf0b\/552x736-17-f9d5d1d0-2d59-4a6d-b4a1-1867a7836e10.webp\" alt=\"\">\n        <\/div>\n        <div class=\"card-event__data\">\n            <div class=\"card-event__name\">\n                <p>APHKHAZETI &#8211; Gruzi\u0144ski Pa\u0144stwowy Balet z ch\u00f3rem i orkiestr\u0105<\/p>\n            <\/div>\n            <div class=\"card-event__date\">01.03.2027-01.03.2027<\/div>\n            <div class=\"card-event__location\">Katowice, Krak\u00f3w, \u0141\u00f3d\u017a i inne<\/div>\n        <\/div>\n    <\/div>\n<\/div>                                    <\/div>\n                                                                    <div class=\"events-slider-block__sliderItem swiper-slide\">\n                                    \n<div class=\"card-event  card-event--size-small\">\n        <a href=\"https:\/\/www.ebilet.pl\/klasyka\/koncert\/chopin\" target=\"_blank\" class=\"card-event__link\" rel=\"nofollow noopener\"><\/a>\n        <div class=\"card-event__wrapper\">\n        <div class=\"card-event__image\">\n            <img decoding=\"async\" src=\"https:\/\/www.ebilet.pl\/media\/cms\/media\/0jcpgkuj\/552x736.webp\" alt=\"\">\n        <\/div>\n        <div class=\"card-event__data\">\n            <div class=\"card-event__name\">\n                <p>Koncert Chopinowski<\/p>\n            <\/div>\n            <div class=\"card-event__date\">06.09.2026-06.09.2026<\/div>\n            <div class=\"card-event__location\">Warszawa<\/div>\n        <\/div>\n    <\/div>\n<\/div>                                    <\/div>\n                                                                    <div class=\"events-slider-block__sliderItem swiper-slide\">\n                                    \n<div class=\"card-event  card-event--size-small\">\n        <a href=\"https:\/\/www.ebilet.pl\/muzyka\/rock\/blind-channel\" target=\"_blank\" class=\"card-event__link\" rel=\"nofollow noopener\"><\/a>\n        <div class=\"card-event__wrapper\">\n        <div class=\"card-event__image\">\n            <img decoding=\"async\" src=\"https:\/\/www.ebilet.pl\/media\/cms\/media\/heakcnq4\/blind-channel-ebilet-strona-wydarzenia-pion-wspo-lne.webp\" alt=\"\">\n        <\/div>\n        <div class=\"card-event__data\">\n            <div class=\"card-event__name\">\n                <p>Blind Channel<\/p>\n            <\/div>\n            <div class=\"card-event__date\">11.02.2027-11.02.2027<\/div>\n            <div class=\"card-event__location\">Krak\u00f3w, Warszawa<\/div>\n        <\/div>\n    <\/div>\n<\/div>                                    <\/div>\n                                                                    <div class=\"events-slider-block__sliderItem swiper-slide\">\n                                    \n<div class=\"card-event  card-event--size-small\">\n        <a href=\"https:\/\/www.ebilet.pl\/klasyka\/opera-operetka\/gala-operowa\" target=\"_blank\" class=\"card-event__link\" rel=\"nofollow noopener\"><\/a>\n        <div class=\"card-event__wrapper\">\n        <div class=\"card-event__image\">\n            <img decoding=\"async\" src=\"https:\/\/www.ebilet.pl\/media\/cms\/media\/upep01ak\/ebilet-552x736-gala-operowa-knapczyk-eb-aa3872aa-1b03-4f4b-b1ae-0fd8be6a1b1e.webp\" alt=\"\">\n        <\/div>\n        <div class=\"card-event__data\">\n            <div class=\"card-event__name\">\n                <p>Wielka Gala Operowa: Krzysztof Knapczyk, Carmen, La Traviata, Turandot<\/p>\n            <\/div>\n            <div class=\"card-event__date\">18.10.2026-18.10.2026<\/div>\n            <div class=\"card-event__location\">Bia\u0142ystok, Gda\u0144sk, Gorz\u00f3w Wielkopolski i inne<\/div>\n        <\/div>\n    <\/div>\n<\/div>                                    <\/div>\n                                                                    <div class=\"events-slider-block__sliderItem swiper-slide\">\n                                    \n<div class=\"card-event  card-event--size-small\">\n        <a href=\"https:\/\/www.ebilet.pl\/muzyka\/hip-hop-rap\/otsochodzi\" target=\"_blank\" class=\"card-event__link\" rel=\"nofollow noopener\"><\/a>\n        <div class=\"card-event__wrapper\">\n        <div class=\"card-event__image\">\n            <img decoding=\"async\" src=\"https:\/\/www.ebilet.pl\/media\/cms\/media\/ucuizr2w\/tt-552-x-736-kopia.webp\" alt=\"\">\n        <\/div>\n        <div class=\"card-event__data\">\n            <div class=\"card-event__name\">\n                <p>Otsochodzi &#8211; RIOTT<\/p>\n            <\/div>\n            <div class=\"card-event__date\">01.10.2026-01.10.2026<\/div>\n            <div class=\"card-event__location\">Gda\u0144sk, Krak\u00f3w, Pozna\u0144 i inne<\/div>\n        <\/div>\n    <\/div>\n<\/div>                                    <\/div>\n                                                                    <div class=\"events-slider-block__sliderItem swiper-slide\">\n                                    \n<div class=\"card-event  card-event--size-small\">\n        <a href=\"https:\/\/www.ebilet.pl\/muzyka\/rock\/kult-koncerty\" target=\"_blank\" class=\"card-event__link\" rel=\"nofollow noopener\"><\/a>\n        <div class=\"card-event__wrapper\">\n        <div class=\"card-event__image\">\n            <img decoding=\"async\" src=\"https:\/\/www.ebilet.pl\/media\/cms\/media\/wkun24dx\/kult_kato_ebilet_552x7362-e37ee07b-c83a-4c9a-9173-50357c70e10b.webp\" alt=\"\">\n        <\/div>\n        <div class=\"card-event__data\">\n            <div class=\"card-event__name\">\n                <p>Kult &#8211; Trasa Pomara\u0144czowa 2026<\/p>\n            <\/div>\n            <div class=\"card-event__date\">30.10.2026-30.10.2026<\/div>\n            <div class=\"card-event__location\">Katowice, \u0141\u00f3d\u017a, Wroc\u0142aw<\/div>\n        <\/div>\n    <\/div>\n<\/div>                                    <\/div>\n                                                                    <div class=\"events-slider-block__sliderItem swiper-slide\">\n                                    \n<div class=\"card-event  card-event--size-small\">\n        <a href=\"https:\/\/www.ebilet.pl\/klasyka\/koncert\/festiwal-pianistyczny-na-instrumentach-historycznych\" target=\"_blank\" class=\"card-event__link\" rel=\"nofollow noopener\"><\/a>\n        <div class=\"card-event__wrapper\">\n        <div class=\"card-event__image\">\n            <img decoding=\"async\" src=\"https:\/\/www.ebilet.pl\/media\/cms\/media\/vphe1lch\/552x736-2026-09-04t142751974-cefe0e84-0e5a-4e30-8c65-0200d5c1f5ef.webp\" alt=\"\">\n        <\/div>\n        <div class=\"card-event__data\">\n            <div class=\"card-event__name\">\n                <p>Festiwal pianistyczny na instrumentach historycznych<\/p>\n            <\/div>\n            <div class=\"card-event__date\">11.09.2026-11.09.2026<\/div>\n            <div class=\"card-event__location\">Nowy Wi\u015bnicz<\/div>\n        <\/div>\n    <\/div>\n<\/div>                                    <\/div>\n                                                                    <div class=\"events-slider-block__sliderItem swiper-slide\">\n                                    \n<div class=\"card-event  card-event--size-small\">\n        <a href=\"https:\/\/www.ebilet.pl\/teatr\/komedia\/do-zobaczenia-za-rok\" target=\"_blank\" class=\"card-event__link\" rel=\"nofollow noopener\"><\/a>\n        <div class=\"card-event__wrapper\">\n        <div class=\"card-event__image\">\n            <img decoding=\"async\" src=\"https:\/\/www.ebilet.pl\/media\/cms\/media\/vxlnrkge\/552x736.webp\" alt=\"\">\n        <\/div>\n        <div class=\"card-event__data\">\n            <div class=\"card-event__name\">\n                <p>Do zobaczenia za rok<\/p>\n            <\/div>\n            <div class=\"card-event__date\">18.10.2026-18.10.2026<\/div>\n            <div class=\"card-event__location\">Gda\u0144sk<\/div>\n        <\/div>\n    <\/div>\n<\/div>                                    <\/div>\n                                                                    <div class=\"events-slider-block__sliderItem swiper-slide\">\n                                    \n<div class=\"card-event  card-event--size-small\">\n        <a href=\"https:\/\/www.ebilet.pl\/muzyka\/piosenka\/kochajmy-starszych-panow\" target=\"_blank\" class=\"card-event__link\" rel=\"nofollow noopener\"><\/a>\n        <div class=\"card-event__wrapper\">\n        <div class=\"card-event__image\">\n            <img decoding=\"async\" src=\"https:\/\/www.ebilet.pl\/media\/cms\/media\/si1frm4x\/ebilet_552x736_kochajmy-starszych-pan_w-8ffc6954-6a62-4510-83c1-0a662ceae353.webp\" alt=\"\">\n        <\/div>\n        <div class=\"card-event__data\">\n            <div class=\"card-event__name\">\n                <p>Kochajmy Starszych Pan\u00f3w!<\/p>\n            <\/div>\n            <div class=\"card-event__date\">15.10.2026-15.10.2026<\/div>\n            <div class=\"card-event__location\">Szczecin, Wroc\u0142aw<\/div>\n        <\/div>\n    <\/div>\n<\/div>                                    <\/div>\n                                                                    <div class=\"events-slider-block__sliderItem swiper-slide\">\n                                    \n<div class=\"card-event  card-event--size-small\">\n        <a href=\"https:\/\/www.ebilet.pl\/muzyka\/pop\/piaseczny-the-best-of\" target=\"_blank\" class=\"card-event__link\" rel=\"nofollow noopener\"><\/a>\n        <div class=\"card-event__wrapper\">\n        <div class=\"card-event__image\">\n            <img decoding=\"async\" src=\"https:\/\/www.ebilet.pl\/media\/cms\/media\/tx5fyo3c\/552x736-b9704cdf-5ae9-496f-b7ac-78c53124b73d.webp\" alt=\"\">\n        <\/div>\n        <div class=\"card-event__data\">\n            <div class=\"card-event__name\">\n                <p>Andrzej Piaseczny &#8211; The Best<\/p>\n            <\/div>\n            <div class=\"card-event__date\">08.11.2026-08.11.2026<\/div>\n            <div class=\"card-event__location\">Gda\u0144sk<\/div>\n        <\/div>\n    <\/div>\n<\/div>                                    <\/div>\n                                                                <\/div>\n                            <\/div>\n                        <\/div>\n                        <div class=\"events-slider-block__events swiper\" data-events-events-descriptions>\n                            <div class=\"events-slider-block__eventsWrapper swiper-wrapper\">\n                                                            <div class=\"events-slider-block__eventsItem swiper-slide\">\n                                    <a href=\"https:\/\/www.ebilet.pl\/muzyka\/festiwale\/orange-warsaw-festival\" target=\"_blank\" class=\"events-slider-block__eventsName\">\n                                        <p>Orange Warsaw Festival 2027<\/p>\n                                    <\/a>\n                                    <div class=\"events-slider-block__eventsDate\">\n                                                                            <\/div>\n                                    <div class=\"events-slider-block__eventsLocation\"><\/div>\n                                <\/div>\n                                                            <div class=\"events-slider-block__eventsItem swiper-slide\">\n                                    <a href=\"https:\/\/www.ebilet.pl\/teatr\/musicale\/wielki-gatsby\" target=\"_blank\" class=\"events-slider-block__eventsName\">\n                                        <p>Wielki Gatsby<\/p>\n                                    <\/a>\n                                    <div class=\"events-slider-block__eventsDate\">\n                                                                            <\/div>\n                                    <div class=\"events-slider-block__eventsLocation\"><\/div>\n                                <\/div>\n                                                            <div class=\"events-slider-block__eventsItem swiper-slide\">\n                                    <a href=\"https:\/\/www.ebilet.pl\/teatr\/tragedia-dramat\/powodzenia-leo-grande\" target=\"_blank\" class=\"events-slider-block__eventsName\">\n                                        <p>Powodzenia, Leo Grande<\/p>\n                                    <\/a>\n                                    <div class=\"events-slider-block__eventsDate\">\n                                        23.03.2027-23.03.2027                                    <\/div>\n                                    <div class=\"events-slider-block__eventsLocation\">Warszawa<\/div>\n                                <\/div>\n                                                            <div class=\"events-slider-block__eventsItem swiper-slide\">\n                                    <a href=\"https:\/\/www.ebilet.pl\/klasyka\/koncert\/broadway-i-west-end-przy-swiecach\" target=\"_blank\" class=\"events-slider-block__eventsName\">\n                                        <p>Broadway i West End przy \u015bwiecach &#8211; Mistrzowie Musicalu<\/p>\n                                    <\/a>\n                                    <div class=\"events-slider-block__eventsDate\">\n                                        06.09.2026-09.12.2028                                    <\/div>\n                                    <div class=\"events-slider-block__eventsLocation\">Bielsko-Bia\u0142a, Gda\u0144sk, Gdynia i inne<\/div>\n                                <\/div>\n                                                            <div class=\"events-slider-block__eventsItem swiper-slide\">\n                                    <a href=\"https:\/\/www.ebilet.pl\/sport\/sporty-walki\/gala-ksw\" target=\"_blank\" class=\"events-slider-block__eventsName\">\n                                        <p>XTB KSW 124<\/p>\n                                    <\/a>\n                                    <div class=\"events-slider-block__eventsDate\">\n                                        19.12.2026-19.12.2026                                    <\/div>\n                                    <div class=\"events-slider-block__eventsLocation\">Gliwice<\/div>\n                                <\/div>\n                                                            <div class=\"events-slider-block__eventsItem swiper-slide\">\n                                    <a href=\"https:\/\/www.ebilet.pl\/klasyka\/balet-taniec\/panstwowy-ansambl-gruzji-aphkhazeti\" target=\"_blank\" class=\"events-slider-block__eventsName\">\n                                        <p>APHKHAZETI &#8211; Gruzi\u0144ski Pa\u0144stwowy Balet z ch\u00f3rem i orkiestr\u0105<\/p>\n                                    <\/a>\n                                    <div class=\"events-slider-block__eventsDate\">\n                                        01.03.2027-11.03.2027                                    <\/div>\n                                    <div class=\"events-slider-block__eventsLocation\">Katowice, Krak\u00f3w, \u0141\u00f3d\u017a i inne<\/div>\n                                <\/div>\n                                                            <div class=\"events-slider-block__eventsItem swiper-slide\">\n                                    <a href=\"https:\/\/www.ebilet.pl\/klasyka\/koncert\/chopin\" target=\"_blank\" class=\"events-slider-block__eventsName\">\n                                        <p>Koncert Chopinowski<\/p>\n                                    <\/a>\n                                    <div class=\"events-slider-block__eventsDate\">\n                                        06.09.2026-30.12.2026                                    <\/div>\n                                    <div class=\"events-slider-block__eventsLocation\">Warszawa<\/div>\n                                <\/div>\n                                                            <div class=\"events-slider-block__eventsItem swiper-slide\">\n                                    <a href=\"https:\/\/www.ebilet.pl\/muzyka\/rock\/blind-channel\" target=\"_blank\" class=\"events-slider-block__eventsName\">\n                                        <p>Blind Channel<\/p>\n                                    <\/a>\n                                    <div class=\"events-slider-block__eventsDate\">\n                                        11.02.2027-12.02.2027                                    <\/div>\n                                    <div class=\"events-slider-block__eventsLocation\">Krak\u00f3w, Warszawa<\/div>\n                                <\/div>\n                                                            <div class=\"events-slider-block__eventsItem swiper-slide\">\n                                    <a href=\"https:\/\/www.ebilet.pl\/klasyka\/opera-operetka\/gala-operowa\" target=\"_blank\" class=\"events-slider-block__eventsName\">\n                                        <p>Wielka Gala Operowa: Krzysztof Knapczyk, Carmen, La Traviata, Turandot<\/p>\n                                    <\/a>\n                                    <div class=\"events-slider-block__eventsDate\">\n                                        18.10.2026-08.12.2028                                    <\/div>\n                                    <div class=\"events-slider-block__eventsLocation\">Bia\u0142ystok, Gda\u0144sk, Gorz\u00f3w Wielkopolski i inne<\/div>\n                                <\/div>\n                                                            <div class=\"events-slider-block__eventsItem swiper-slide\">\n                                    <a href=\"https:\/\/www.ebilet.pl\/muzyka\/hip-hop-rap\/otsochodzi\" target=\"_blank\" class=\"events-slider-block__eventsName\">\n                                        <p>Otsochodzi &#8211; RIOTT<\/p>\n                                    <\/a>\n                                    <div class=\"events-slider-block__eventsDate\">\n                                        01.10.2026-03.12.2026                                    <\/div>\n                                    <div class=\"events-slider-block__eventsLocation\">Gda\u0144sk, Krak\u00f3w, Pozna\u0144 i inne<\/div>\n                                <\/div>\n                                                            <div class=\"events-slider-block__eventsItem swiper-slide\">\n                                    <a href=\"https:\/\/www.ebilet.pl\/muzyka\/rock\/kult-koncerty\" target=\"_blank\" class=\"events-slider-block__eventsName\">\n                                        <p>Kult &#8211; Trasa Pomara\u0144czowa 2026<\/p>\n                                    <\/a>\n                                    <div class=\"events-slider-block__eventsDate\">\n                                        30.10.2026-15.11.2026                                    <\/div>\n                                    <div class=\"events-slider-block__eventsLocation\">Katowice, \u0141\u00f3d\u017a, Wroc\u0142aw<\/div>\n                                <\/div>\n                                                            <div class=\"events-slider-block__eventsItem swiper-slide\">\n                                    <a href=\"https:\/\/www.ebilet.pl\/klasyka\/koncert\/festiwal-pianistyczny-na-instrumentach-historycznych\" target=\"_blank\" class=\"events-slider-block__eventsName\">\n                                        <p>Festiwal pianistyczny na instrumentach historycznych<\/p>\n                                    <\/a>\n                                    <div class=\"events-slider-block__eventsDate\">\n                                        11.09.2026-13.09.2026                                    <\/div>\n                                    <div class=\"events-slider-block__eventsLocation\">Nowy Wi\u015bnicz<\/div>\n                                <\/div>\n                                                            <div class=\"events-slider-block__eventsItem swiper-slide\">\n                                    <a href=\"https:\/\/www.ebilet.pl\/teatr\/komedia\/do-zobaczenia-za-rok\" target=\"_blank\" class=\"events-slider-block__eventsName\">\n                                        <p>Do zobaczenia za rok<\/p>\n                                    <\/a>\n                                    <div class=\"events-slider-block__eventsDate\">\n                                        18.10.2026-18.10.2026                                    <\/div>\n                                    <div class=\"events-slider-block__eventsLocation\">Gda\u0144sk<\/div>\n                                <\/div>\n                                                            <div class=\"events-slider-block__eventsItem swiper-slide\">\n                                    <a href=\"https:\/\/www.ebilet.pl\/muzyka\/piosenka\/kochajmy-starszych-panow\" target=\"_blank\" class=\"events-slider-block__eventsName\">\n                                        <p>Kochajmy Starszych Pan\u00f3w!<\/p>\n                                    <\/a>\n                                    <div class=\"events-slider-block__eventsDate\">\n                                        15.10.2026-20.10.2026                                    <\/div>\n                                    <div class=\"events-slider-block__eventsLocation\">Szczecin, Wroc\u0142aw<\/div>\n                                <\/div>\n                                                            <div class=\"events-slider-block__eventsItem swiper-slide\">\n                                    <a href=\"https:\/\/www.ebilet.pl\/muzyka\/pop\/piaseczny-the-best-of\" target=\"_blank\" class=\"events-slider-block__eventsName\">\n                                        <p>Andrzej Piaseczny &#8211; The Best<\/p>\n                                    <\/a>\n                                    <div class=\"events-slider-block__eventsDate\">\n                                        08.11.2026-08.11.2026                                    <\/div>\n                                    <div class=\"events-slider-block__eventsLocation\">Gda\u0144sk<\/div>\n                                <\/div>\n                                                        <\/div>\n                        <\/div>\n                        <div class=\"events-slider-block__pagination\">\n                            <div class=\"swiper-pagination slider-pagination slider-pagination--theme-white\" data-events-slider-pagination><\/div>\n                        <\/div>\n                    <\/div>\n                                        <div class=\"events-slider-block__bottom\">\n                                                                                <div class=\"events-slider-block__link desktop\">\n                                    <a class=\"button button--size-small button--theme-primary-yellow button--withIconLeft\" href=\"https:\/\/www.ebilet.pl\/\">\n                                                                                    <div class=\"button__icon\"><img loading=\"lazy\" decoding=\"async\" width=\"30\" height=\"30\" src=\"https:\/\/www.ebilet.pl\/now\/app\/uploads\/2024\/01\/ticket-cinema-entertainment-coupon-discount-sale_30px.png\" class=\"attachment-full size-full\" alt=\"\" \/><\/div>\n                                                                                <p class=\"button__text typo-18\">Kup na eBilet.pl<\/p>\n                                    <\/a>\n                                <\/div>\n                                                                                <div class=\"events-slider-block__link mobile\">\n                                    <a class=\"button button--size-small button--theme-primary-yellow button--withIconLeft\" href=\"https:\/\/www.ebilet.pl\/\">\n                                                                                    <div class=\"button__icon\"><img loading=\"lazy\" decoding=\"async\" width=\"30\" height=\"30\" src=\"https:\/\/www.ebilet.pl\/now\/app\/uploads\/2024\/01\/ticket-cinema-entertainment-coupon-discount-sale_30px.png\" class=\"attachment-full size-full\" alt=\"\" \/><\/div>\n                                                                                <p class=\"button__text typo-18\">Kup na eBilet.pl<\/p>\n                                    <\/a>\n                                <\/div>\n                                            <\/div>\n                <\/div>\n            <\/div>\n        <\/div>\n    <\/div>\n<\/section>","protected":false},"excerpt":{"rendered":"<p>Muzyka powa\u017cna od wiek\u00f3w przyci\u0105ga s\u0142uchaczy swoj\u0105 g\u0142\u0119bi\u0105, emocjami i uniwersalnym j\u0119zykiem. Cho\u0107 dawniej by\u0142a dost\u0119pna tylko dla elity, teraz mog\u0105 s\u0142ucha\u0107 jej wszyscy. Co wi\u0119cej \u2013 mo\u017cesz do\u015bwiadcza\u0107 jej zar\u00f3wno w domu, w filharmonii, operze, jak i podczas festiwali \u2013 wydarze\u0144, kt\u00f3re \u0142\u0105cz\u0105 najwy\u017cszy poziom artystyczny, historyczne miejsca i mi\u0119dzynarodow\u0105 publiczno\u015b\u0107. Je\u015bli marzysz o podr\u00f3\u017cy pe\u0142nej muzycznych dozna\u0144, warto pozna\u0107 te najbardziej presti\u017cowe festiwale odbywaj\u0105ce si\u0119 poza granicami Polski. By\u0107 mo\u017ce znajdziesz idealny kierunek przysz\u0142orocznych wakacji?\u00a0<\/p>\n","protected":false},"author":14,"featured_media":70835,"comment_status":"open","ping_status":"open","sticky":false,"template":"page-templates\/article-default.php","format":"standard","meta":{"_acf_changed":false,"footnotes":""},"article_tag":[88,85,46],"article_type":[5],"class_list":["post-70834","post","type-post","status-publish","format-standard","has-post-thumbnail","hentry","article_tag-ciekawostki","article_tag-festiwal","article_tag-muzyka-klasyczna","article_type-lifestyle"],"acf":[],"_links":{"self":[{"href":"https:\/\/www.ebilet.pl\/now\/wp-json\/wp\/v2\/posts\/70834","targetHints":{"allow":["GET"]}}],"collection":[{"href":"https:\/\/www.ebilet.pl\/now\/wp-json\/wp\/v2\/posts"}],"about":[{"href":"https:\/\/www.ebilet.pl\/now\/wp-json\/wp\/v2\/types\/post"}],"author":[{"embeddable":true,"href":"https:\/\/www.ebilet.pl\/now\/wp-json\/wp\/v2\/users\/14"}],"replies":[{"embeddable":true,"href":"https:\/\/www.ebilet.pl\/now\/wp-json\/wp\/v2\/comments?post=70834"}],"version-history":[{"count":1,"href":"https:\/\/www.ebilet.pl\/now\/wp-json\/wp\/v2\/posts\/70834\/revisions"}],"predecessor-version":[{"id":70837,"href":"https:\/\/www.ebilet.pl\/now\/wp-json\/wp\/v2\/posts\/70834\/revisions\/70837"}],"wp:featuredmedia":[{"embeddable":true,"href":"https:\/\/www.ebilet.pl\/now\/wp-json\/wp\/v2\/media\/70835"}],"wp:attachment":[{"href":"https:\/\/www.ebilet.pl\/now\/wp-json\/wp\/v2\/media?parent=70834"}],"wp:term":[{"taxonomy":"article_tag","embeddable":true,"href":"https:\/\/www.ebilet.pl\/now\/wp-json\/wp\/v2\/article_tag?post=70834"},{"taxonomy":"article_type","embeddable":true,"href":"https:\/\/www.ebilet.pl\/now\/wp-json\/wp\/v2\/article_type?post=70834"}],"curies":[{"name":"wp","href":"https:\/\/api.w.org\/{rel}","templated":true}]}}