{"id":64709,"date":"2025-08-15T11:13:54","date_gmt":"2025-08-15T10:13:54","guid":{"rendered":"https:\/\/www.ebilet.pl\/now\/?p=64709"},"modified":"2025-09-23T05:50:14","modified_gmt":"2025-09-23T04:50:14","slug":"festiwale-teatralne-ktore-warto-zobaczyc","status":"publish","type":"post","link":"https:\/\/www.ebilet.pl\/now\/festiwale-teatralne-ktore-warto-zobaczyc\/","title":{"rendered":"Festiwale teatralne \u2013 kt\u00f3re warto zobaczy\u0107?"},"content":{"rendered":"\n<section class=\"text-block  section-margin-32\" >\n    <div class=\"container\">\n        <div class=\"row\">\n            <div class=\"col-24\">\n                <div class=\"text-block__content\"><h2><strong>Czym s\u0105 i jakie s\u0105 festiwale teatralne?\u00a0<\/strong><\/h2>\n<p><b>Festiwale teatralne s\u0105 bardzo r\u00f3\u017cnorodne. Mo\u017cna je podzieli\u0107 ze wzgl\u0119du na:<\/b><\/p>\n<ul>\n<li style=\"font-weight: 400;\" aria-level=\"1\"><span style=\"font-weight: 400;\">typy teatru (np. dramatyczne, operowe, lalkowe),<\/span><\/li>\n<li style=\"font-weight: 400;\" aria-level=\"1\"><span style=\"font-weight: 400;\">formy teatralne (np. uliczne, jednego aktora),<\/span><\/li>\n<li style=\"font-weight: 400;\" aria-level=\"1\"><span style=\"font-weight: 400;\">repertuar (np. klasyka, wsp\u00f3\u0142czesne, kr\u0105g autor\u00f3w),<\/span><\/li>\n<li style=\"font-weight: 400;\" aria-level=\"1\"><span style=\"font-weight: 400;\">\u015brodowisko (np. alternatywny, amatorski, studencki),<\/span><\/li>\n<li style=\"font-weight: 400;\" aria-level=\"1\"><span style=\"font-weight: 400;\">inne (np. prapremiery).\u00a0<\/span><\/li>\n<\/ul>\n<p><span style=\"font-weight: 400;\">Ponadto podczas festiwalu mog\u0105 odbywa\u0107 si\u0119 zar\u00f3wno przegl\u0105dy, jak i konkursy, w kt\u00f3rych przyznawane s\u0105 nagrody (przez jury i\/lub publiczno\u015b\u0107). Najcz\u0119\u015bciej festiwale teatralne \u0142\u0105cz\u0105 w sobie r\u00f3\u017cne formy, by wielu widz\u00f3w mog\u0142o znale\u017a\u0107 w programie co\u015b dla siebie.<\/span><\/p>\n<h3><span style=\"font-weight: 400;\">Jakie festiwale teatralne odbywaj\u0105 si\u0119 w Polsce?\u00a0<\/span><\/h3>\n<p><b>W Polsce odbywa si\u0119 mn\u00f3stwo przer\u00f3\u017cnych festiwali teatralnych, w\u015br\u00f3d kt\u00f3rych s\u0105 m.in.:<\/b><\/p>\n<ul>\n<li style=\"font-weight: 400;\" aria-level=\"1\"><span style=\"font-weight: 400;\">Mi\u0119dzynarodowy Festiwal Sztuk Performatywnych \u201cA Part\u201d,<\/span><\/li>\n<li style=\"font-weight: 400;\" aria-level=\"1\"><span style=\"font-weight: 400;\">Arlekinada,<\/span><\/li>\n<li style=\"font-weight: 400;\" aria-level=\"1\"><span style=\"font-weight: 400;\">Festiwal Ars Cameralis Silesiae Superioris,<\/span><\/li>\n<li style=\"font-weight: 400;\" aria-level=\"1\"><span style=\"font-weight: 400;\">Festiwal Teatru Polskiego Radia i Teatru Telewizji Polskiej \u201cDwa Teatry\u201d.<\/span><\/li>\n<li style=\"font-weight: 400;\" aria-level=\"1\"><span style=\"font-weight: 400;\">Festiwal Artystyczny M\u0142odzie\u017cy Akademickiej FAMA,<\/span><\/li>\n<li style=\"font-weight: 400;\" aria-level=\"1\"><span style=\"font-weight: 400;\">Festiwal \u0141\u00f3d\u017a Czterech Kultur,<\/span><\/li>\n<li style=\"font-weight: 400;\" aria-level=\"1\"><span style=\"font-weight: 400;\">Mi\u0119dzynarodowy Festiwal Teatr\u00f3w Plenerowych i Ulicznych FETA,<\/span><\/li>\n<li style=\"font-weight: 400;\" aria-level=\"1\"><span style=\"font-weight: 400;\">ImproFest,<\/span><\/li>\n<li style=\"font-weight: 400;\" aria-level=\"1\"><span style=\"font-weight: 400;\">Og\u00f3lnopolski Festiwal Sztuki Re\u017cyserskiej \u201cInterpretacje\u201d,<\/span><\/li>\n<li style=\"font-weight: 400;\" aria-level=\"1\"><span style=\"font-weight: 400;\">Kaliskie Spotkania Teatralne,\u00a0<\/span><\/li>\n<li style=\"font-weight: 400;\" aria-level=\"1\"><span style=\"font-weight: 400;\">Mi\u0119dzynarodowy Festiwal Teatr\u00f3w Lalek \u201cKatowice Dzieciom\u201d,<\/span><\/li>\n<li style=\"font-weight: 400;\" aria-level=\"1\"><span style=\"font-weight: 400;\">Alternatywne Spotkania Teatralne \u201cKlamra\u201d,<\/span><\/li>\n<li style=\"font-weight: 400;\" aria-level=\"1\"><span style=\"font-weight: 400;\">Mi\u0119dzynarodowy Festiwal Teatralny \u201cKonfrontacje\u201d,<\/span><\/li>\n<li style=\"font-weight: 400;\" aria-level=\"1\"><span style=\"font-weight: 400;\">Mi\u0119dzynarodowy Festiwal Teatralny \u201cKontakt\u201d,<\/span><\/li>\n<li style=\"font-weight: 400;\" aria-level=\"1\"><span style=\"font-weight: 400;\">Og\u00f3lnopolski Festiwal Komedii Talia,<\/span><\/li>\n<li style=\"font-weight: 400;\" aria-level=\"1\"><span style=\"font-weight: 400;\">Mi\u0119dzynarodowy Festiwal Sztuki Lalkarskiej,<\/span><\/li>\n<li style=\"font-weight: 400;\" aria-level=\"1\"><span style=\"font-weight: 400;\">\u0141\u00f3dzkie Spotkania Baletowe,<\/span><\/li>\n<li style=\"font-weight: 400;\" aria-level=\"1\"><span style=\"font-weight: 400;\">Festiwal Ma\u0142ych Form Teatralnych,\u00a0<\/span><\/li>\n<li style=\"font-weight: 400;\" aria-level=\"1\"><span style=\"font-weight: 400;\">Mi\u0119dzynarodowy Festiwal Sztuk Przyjemnych i Nieprzyjemnych,<\/span><\/li>\n<li style=\"font-weight: 400;\" aria-level=\"1\"><span style=\"font-weight: 400;\">Mi\u0119dzynarodowy Festiwal Teatralny \u201cDialog\u201d,<\/span><\/li>\n<li style=\"font-weight: 400;\" aria-level=\"1\"><span style=\"font-weight: 400;\">Mi\u0119dzynarodowy Festiwal Teatr\u00f3w Ulicznych w Jeleniej G\u00f3rze,<\/span><\/li>\n<li style=\"font-weight: 400;\" aria-level=\"1\"><span style=\"font-weight: 400;\">Festiwal Prapremier,<\/span><\/li>\n<li style=\"font-weight: 400;\" aria-level=\"1\"><span style=\"font-weight: 400;\">Slot Art Festival,<\/span><\/li>\n<li style=\"font-weight: 400;\" aria-level=\"1\"><span style=\"font-weight: 400;\">Mi\u0119dzynarodowy Festiwal Teatr\u00f3w Ulicznych ULICA,<\/span><\/li>\n<li style=\"font-weight: 400;\" aria-level=\"1\"><span style=\"font-weight: 400;\">Warszawskie Spotkania Teatralne.<\/span><\/li>\n<\/ul>\n<p><span style=\"font-weight: 400;\">Sprawd\u017amy, dlaczego warto si\u0119 na nie wybra\u0107.<\/span><\/p>\n<h2><strong>Jakie festiwale teatralne w Polsce warto zobaczy\u0107?<\/strong><\/h2>\n<h3><span style=\"font-weight: 400;\">Mi\u0119dzynarodowy Festiwal Sztuk Performatywnych \u201cA Part\u201d<\/span><\/h3>\n<p><span style=\"font-weight: 400;\">Mi\u0119dzynarodowy Festiwal Sztuk Performatywnych \u201cA Part\u201d (a wcze\u015bniej znany jako Mi\u0119dzynarodowy Festiwal Teatr\u00f3w \u201cA Part\u201d) to <\/span><b>mi\u0119dzynarodowy przegl\u0105d, podczas kt\u00f3rego zobaczysz najciekawsze zjawiska artystyczne zwi\u0105zane ze sztukami performatywnymi <\/b><span style=\"font-weight: 400;\">(ze szczeg\u00f3lnym miejscem dla teatru). <\/span><b>Skupia si\u0119 on na teatrach wszelkiej ma\u015bci, m.in.:<\/b><\/p>\n<ul>\n<li style=\"font-weight: 400;\" aria-level=\"1\"><span style=\"font-weight: 400;\">autorskim,<\/span><\/li>\n<li style=\"font-weight: 400;\" aria-level=\"1\"><span style=\"font-weight: 400;\">pozainstytucjonalnym,<\/span><\/li>\n<li style=\"font-weight: 400;\" aria-level=\"1\"><span style=\"font-weight: 400;\">eksperymentalnym,<\/span><\/li>\n<li style=\"font-weight: 400;\" aria-level=\"1\"><span style=\"font-weight: 400;\">niewerbalnym,<\/span><\/li>\n<li style=\"font-weight: 400;\" aria-level=\"1\"><span style=\"font-weight: 400;\">innowacyjnym,<\/span><\/li>\n<li style=\"font-weight: 400;\" aria-level=\"1\"><span style=\"font-weight: 400;\">alternatywnym.<\/span><\/li>\n<\/ul>\n<p><b>Je\u015bli chcesz go zobaczy\u0107, musisz wybra\u0107 si\u0119 do Katowic (i okolic), bo w\u0142a\u015bnie tam si\u0119 odbywa ju\u017c od 1994 roku! <\/b><span style=\"font-weight: 400;\">Przez to jest jedn\u0105 z najstarszych imprez teatralnych, kt\u00f3re odbywaj\u0105 si\u0119 cyklicznie.\u00a0<\/span><\/p>\n<p><b>W trakcie festiwali wyst\u0119powa\u0142y najlepsze polskie i europejskie teatry niewerbalne oraz innowacyjne, takie jak chocia\u017cby:<\/b><\/p>\n<ul>\n<li style=\"font-weight: 400;\" aria-level=\"1\"><span style=\"font-weight: 400;\">Akhe,\u00a0<\/span><\/li>\n<li style=\"font-weight: 400;\" aria-level=\"1\"><span style=\"font-weight: 400;\">czarneNIEBObia\u0142e,\u00a0<\/span><\/li>\n<li style=\"font-weight: 400;\" aria-level=\"1\"><span style=\"font-weight: 400;\">Spitfire Company,<\/span><\/li>\n<li style=\"font-weight: 400;\" aria-level=\"1\"><span style=\"font-weight: 400;\">Teatr \u00d3smego Dnia,<\/span><\/li>\n<li style=\"font-weight: 400;\" aria-level=\"1\"><span style=\"font-weight: 400;\">Senza Tempo,<\/span><\/li>\n<li style=\"font-weight: 400;\" aria-level=\"1\"><span style=\"font-weight: 400;\">Compagnie Mossoux-Bont\u00e9.<\/span><\/li>\n<\/ul>\n<p><span style=\"font-weight: 400;\">W czerwcu 2026 roku b\u0119dzie mia\u0142 miejsce ju\u017c 32. Mi\u0119dzynarodowy Festiwal Sztuk Performatywnych \u201cA Part\u201d. We\u017amiesz w nim udzia\u0142?\u00a0<\/span><\/p>\n<h3><strong>Arlekinada<\/strong><\/h3>\n<p><span style=\"font-weight: 400;\">Arlekinada to og\u00f3lnopolski Festiwal Ma\u0142ych Form Teatralnych. Odbywa si\u0119 w inowroc\u0142awskim Teatrze Miejskim od 20023 roku. <\/span><b>Na scenie zobaczysz amatorskie, m\u0142odzie\u017cowe zespo\u0142y teatralne, <\/b><span style=\"font-weight: 400;\">kt\u00f3re dzia\u0142aj\u0105 przy domach kultury, szko\u0142ach ponadgimnazjalnych i instytucjach kulturowo-o\u015bwiatowych.<\/span><b> M\u0142odzie\u017c dba o to, by formy prezentowane na scenie by\u0142y r\u00f3\u017cnorodne, dlatego zobaczysz tam m.in.:<\/b><\/p>\n<ul>\n<li style=\"font-weight: 400;\" aria-level=\"1\"><span style=\"font-weight: 400;\">kabarety,<\/span><\/li>\n<li style=\"font-weight: 400;\" aria-level=\"1\"><span style=\"font-weight: 400;\">teatry dramatyczne,<\/span><\/li>\n<li style=\"font-weight: 400;\" aria-level=\"1\"><span style=\"font-weight: 400;\">teatry poezji,<\/span><\/li>\n<li style=\"font-weight: 400;\" aria-level=\"1\"><span style=\"font-weight: 400;\">teatry wizji i ruchu.\u00a0<\/span><\/li>\n<\/ul>\n<p><b>Jak to si\u0119 zacz\u0119\u0142o? <\/b><span style=\"font-weight: 400;\">Ot\u00f3\u017c festiwal wymy\u015bli\u0142a El\u017cbieta Piniewska, kt\u00f3ra jest nauczycielk\u0105 polskiego w I Liceum Og\u00f3lnokszta\u0142c\u0105cym w Inowroc\u0142awiu, a tak\u017ce re\u017cyserk\u0105 teatraln\u0105 i scenarzystk\u0105, kt\u00f3ra prowadzi Inowroc\u0142awski Teatr Otwarty.\u00a0\u00a0<\/span><\/p>\n<p><b>Arlekinada odbywa si\u0119 co roku w marcu z okazji Mi\u0119dzynarodowego Dnia Teatru. <\/b><span style=\"font-weight: 400;\">W jury zobaczysz aktor\u00f3w i aktorki, krytyk\u00f3w filmowych, re\u017cyser\u00f3w filmowych, teatrolog\u00f3w, scenarzyst\u00f3w filmowych, dramaturg\u00f3w, artyst\u00f3w (w r\u00f3\u017cnych konfiguracjach w zale\u017cno\u015bci od edycji festiwalu). Co ciekawe, jest tam tak\u017ce Jury M\u0142odych \u2013 z\u0142o\u017cone ze student\u00f3w teatrologii, finalist\u00f3w i laureat\u00f3w Olimpiady Literatury i J\u0119zyka Polskiego.\u00a0<\/span><\/p>\n<h3><strong>Festiwal Ars Cameralis Silesiae Superioris<\/strong><\/h3>\n<p><span style=\"font-weight: 400;\">Festiwal Ars Cameralis Silesiae Superioris to kulturalna wizyt\u00f3wka \u015al\u0105ska. <\/span><b>\u0141\u0105czy w sobie wiele dziedzin sztuki, r\u00f3\u017cne formy przekazu oraz gatunki, przyci\u0105gaj\u0105c mi\u0142o\u015bnik\u00f3w teatru rokrocznie w listopadzie. <\/b><span style=\"font-weight: 400;\">Organizatorzy maj\u0105 na celu<\/span><b> pokazanie najgor\u0119tszych i najciekawszych zjawisk we wsp\u00f3\u0142czesnej kulturze \u2013 zwi\u0105zanych z muzyk\u0105, teatrem, sztukami wizualnymi i literatur\u0105.\u00a0<\/b><\/p>\n<p><span style=\"font-weight: 400;\">Dotychczas brali w nim udzia\u0142 arty\u015bci znani na ca\u0142ym \u015bwiecie (i nie inaczej b\u0119dzie z pewno\u015bci\u0105 w kolejnych edycjach), tacy jak chocia\u017cby:<\/span><\/p>\n<ul>\n<li style=\"font-weight: 400;\" aria-level=\"1\"><span style=\"font-weight: 400;\">Laurie Anderson,\u00a0<\/span><\/li>\n<li style=\"font-weight: 400;\" aria-level=\"1\"><span style=\"font-weight: 400;\">John Cale,<\/span><\/li>\n<li style=\"font-weight: 400;\" aria-level=\"1\"><span style=\"font-weight: 400;\">Jane Birkin,<\/span><\/li>\n<li style=\"font-weight: 400;\" aria-level=\"1\"><span style=\"font-weight: 400;\">Ute Lemper.\u00a0<\/span><\/li>\n<\/ul>\n<h3><strong>Festiwal Teatru Polskiego Radia i Teatru Telewizji Polskiej \u201cDwa Teatry\u201d<\/strong><\/h3>\n<p><b>Festiwal Teatru Polskiego Radia i Teatru Telewizji Polskiej \u201cDwa Teatry\u201d odbywa si\u0119 co roku w Sopocie. Mo\u017cesz si\u0119 na niego wybra\u0107 w pierwszy weekend czerwca.<\/b><span style=\"font-weight: 400;\"> Organizatorami s\u0105 Polskie Radio S.A. Oraz Telewizja Polska S.A. wraz z miastami Sopot i Zamo\u015b\u0107.\u00a0<\/span><\/p>\n<p><b>B\u0119d\u0105c tam, mo\u017cesz zobaczy\u0107 i pos\u0142ucha\u0107:<\/b><\/p>\n<ul>\n<li style=\"font-weight: 400;\" aria-level=\"1\"><span style=\"font-weight: 400;\">konkursu s\u0142uchowisk radiowych,<\/span><\/li>\n<li style=\"font-weight: 400;\" aria-level=\"1\"><span style=\"font-weight: 400;\">konkursu spektakli telewizyjnych.<\/span><\/li>\n<\/ul>\n<p><b>Bior\u0105 w nim udzia\u0142 najnowsze dzie\u0142a, takie kt\u00f3re mia\u0142y swoj\u0105 premier\u0119 w ubieg\u0142ym roku<\/b><span style=\"font-weight: 400;\"> (czyli podczas festiwalu w 2025 roku nagradzano sztuki z 2024 roku).\u00a0<\/span><\/p>\n<p><b>Opr\u00f3cz tego mo\u017cesz wzi\u0105\u0107 udzia\u0142 w wielu imprezach towarzysz\u0105cych, takich jak chocia\u017cby:<\/b><\/p>\n<ul>\n<li style=\"font-weight: 400;\" aria-level=\"1\"><span style=\"font-weight: 400;\">otwarte projekcje konkursowych teatr\u00f3w,<\/span><\/li>\n<li style=\"font-weight: 400;\" aria-level=\"1\"><span style=\"font-weight: 400;\">spotkania z gwiazdami,<\/span><\/li>\n<li style=\"font-weight: 400;\" aria-level=\"1\"><span style=\"font-weight: 400;\">warsztaty,<\/span><\/li>\n<li style=\"font-weight: 400;\" aria-level=\"1\"><span style=\"font-weight: 400;\">spotkania z tw\u00f3rcami,<\/span><\/li>\n<li style=\"font-weight: 400;\" aria-level=\"1\"><span style=\"font-weight: 400;\">spektakle na \u017cywo,<\/span><\/li>\n<li style=\"font-weight: 400;\" aria-level=\"1\"><span style=\"font-weight: 400;\">koncerty,<\/span><\/li>\n<li style=\"font-weight: 400;\" aria-level=\"1\"><span style=\"font-weight: 400;\">wystawy.<\/span><\/li>\n<\/ul>\n<p><span style=\"font-weight: 400;\">W jury konkursu zasiadaj\u0105 (w r\u00f3\u017cnych konfiguracjach) aktorki i aktorzy, re\u017cyserzy i re\u017cyserki, muzycy, krytycy, redaktorzy, dramaturdzy, pisarze, scenarzy\u015bci i inne osoby zwi\u0105zane z bran\u017c\u0105. W trakcie wydarzenia przyznawanych jest wiele r\u00f3\u017cnorodnych nagr\u00f3d.\u00a0<\/span><\/p>\n<\/div>\n            <\/div>\n        <\/div>\n    <\/div>\n<\/section>\n\n\n<section class=\"tickets-slider  section-margin-32\"\n    data-tickets-slider\n    data-item-list-name=\"Karuzela z buttonami\"\n    data-item-list-id=\"karuzela_z_buttonami\"\n    >\n    <div class=\"container\">\n        <div class=\"row\">\n            <div class=\"col-24\">\n                <div class=\"tickets-slider__main\">\n                    <div class=\"tickets-slider__nav tickets-slider__nav--prev\">\n                        <div class=\"button button--withIcon button--theme-white-blur button--size-fixed-48\" data-tickets-slider-prev>\n                            <span class=\"button__icon icon icon-chevron-left\"><\/span>\n                        <\/div>\n                    <\/div>\n                    <div class=\"tickets-slider__nav tickets-slider__nav--next\">\n                        <div class=\"button button--withIcon button--theme-white-blur button--size-fixed-48\" data-tickets-slider-next>\n                            <span class=\"button__icon icon icon-chevron-right\"><\/span>\n                        <\/div>\n                    <\/div>\n                    <div class=\"tickets-slider__slider swiper\" data-tickets-slider-slider>\n                        <div class=\"tickets-slider__sliderWrapper swiper-wrapper\">\n                                                            <div class=\"tickets-slider__sliderItem swiper-slide\"\n                                    data-id=\"101157\"\n                                    data-name=\"Prezent urodzinowy - nieprzewidywalna komedia z udzia\u0142em gwiazd\"\n                                    data-brand=\"Teatr Capitol\"\n                                    data-category=\"teatr\"\n                                    data-subcategory=\"komedia\"\n                                    data-city=\"Gda\u0144sk, \u0141\u00f3d\u017a, Pozna\u0144 i inne\"\n                                    data-venue=\"Teatr Capitol w Warszawie\">\n                                    <div class=\"tickets-slider__sliderCard\">\n                                        \n<div class=\"card-ticket\">\n        <div class=\"card-ticket__image\">\n        <a href=\"https:\/\/www.ebilet.pl\/teatr\/komedia\/prezent-urodzinowy-spektakl\">\n            <img decoding=\"async\" src=\"https:\/\/www.ebilet.pl\/media\/cms\/media\/rgjpyqfx\/prezent_552x736.webp\" alt=\"Plakat wydarzenia\" \/>\n        <\/a>\n    <\/div>\n             \n    <div class=\"card-ticket__link\">\n        <a href=\"https:\/\/www.ebilet.pl\/teatr\/komedia\/prezent-urodzinowy-spektakl\" class=\"button button--theme-primary-yellow button--withIconLeft button--size-small\">\n            <span class=\"button__icon icon icon-ticket\"><\/span>\n            <p class=\"button__text typo-16 f-600\">Kup bilet<\/p>\n        <\/a>\n    <\/div>\n    <\/div>                                    <\/div>\n                                <\/div>\n                                                            <div class=\"tickets-slider__sliderItem swiper-slide\"\n                                    data-id=\"117690\"\n                                    data-name=\"SIX\"\n                                    data-brand=\"Teatr Syrena\"\n                                    data-category=\"teatr\"\n                                    data-subcategory=\"musicale\"\n                                    data-city=\"Warszawa\"\n                                    data-venue=\"Teatr Syrena w Warszawie\">\n                                    <div class=\"tickets-slider__sliderCard\">\n                                        \n<div class=\"card-ticket\">\n        <div class=\"card-ticket__image\">\n        <a href=\"https:\/\/www.ebilet.pl\/teatr\/musicale\/six\">\n            <img decoding=\"async\" src=\"https:\/\/www.ebilet.pl\/media\/cms\/media\/mgbntumn\/six-552x736-1-8245f98e-00ce-4850-bc6f-d6869745856e.webp\" alt=\"Plakat wydarzenia\" \/>\n        <\/a>\n    <\/div>\n             \n    <div class=\"card-ticket__link\">\n        <a href=\"https:\/\/www.ebilet.pl\/teatr\/musicale\/six\" class=\"button button--theme-primary-yellow button--withIconLeft button--size-small\">\n            <span class=\"button__icon icon icon-ticket\"><\/span>\n            <p class=\"button__text typo-16 f-600\">Kup bilet<\/p>\n        <\/a>\n    <\/div>\n    <\/div>                                    <\/div>\n                                <\/div>\n                                                            <div class=\"tickets-slider__sliderItem swiper-slide\"\n                                    data-id=\"6101\"\n                                    data-name=\"Nast\u0119pnego dnia rano\"\n                                    data-brand=\"Teatr Capitol\"\n                                    data-category=\"teatr\"\n                                    data-subcategory=\"komedia\"\n                                    data-city=\"Bydgoszcz, Warszawa\"\n                                    data-venue=\"Teatr Capitol w Warszawie\">\n                                    <div class=\"tickets-slider__sliderCard\">\n                                        \n<div class=\"card-ticket\">\n        <div class=\"card-ticket__image\">\n        <a href=\"https:\/\/www.ebilet.pl\/teatr\/komedia\/nastepnego-dnia-rano\">\n            <img decoding=\"async\" src=\"https:\/\/www.ebilet.pl\/media\/cms\/media\/dpwbwa1r\/552x736-4279b118-7fe1-417f-9977-243657099e8a.webp\" alt=\"Plakat wydarzenia\" \/>\n        <\/a>\n    <\/div>\n             \n    <div class=\"card-ticket__link\">\n        <a href=\"https:\/\/www.ebilet.pl\/teatr\/komedia\/nastepnego-dnia-rano\" class=\"button button--theme-primary-yellow button--withIconLeft button--size-small\">\n            <span class=\"button__icon icon icon-ticket\"><\/span>\n            <p class=\"button__text typo-16 f-600\">Kup bilet<\/p>\n        <\/a>\n    <\/div>\n    <\/div>                                    <\/div>\n                                <\/div>\n                                                            <div class=\"tickets-slider__sliderItem swiper-slide\"\n                                    data-id=\"132362\"\n                                    data-name=\"Petarda\"\n                                    data-brand=\"Teatr Kamienica\"\n                                    data-category=\"teatr\"\n                                    data-subcategory=\"komedia\"\n                                    data-city=\"Warszawa\"\n                                    data-venue=\"Teatr Kamienica w Warszawie\">\n                                    <div class=\"tickets-slider__sliderCard\">\n                                        \n<div class=\"card-ticket\">\n        <div class=\"card-ticket__image\">\n        <a href=\"https:\/\/www.ebilet.pl\/teatr\/komedia\/petarda\">\n            <img decoding=\"async\" src=\"https:\/\/www.ebilet.pl\/media\/cms\/media\/epxbe4ye\/552x736-17-ff4d11a5-3dbb-421c-a3ca-1d8513eb6a27.webp\" alt=\"Plakat wydarzenia\" \/>\n        <\/a>\n    <\/div>\n             \n    <div class=\"card-ticket__link\">\n        <a href=\"https:\/\/www.ebilet.pl\/teatr\/komedia\/petarda\" class=\"button button--theme-primary-yellow button--withIconLeft button--size-small\">\n            <span class=\"button__icon icon icon-ticket\"><\/span>\n            <p class=\"button__text typo-16 f-600\">Kup bilet<\/p>\n        <\/a>\n    <\/div>\n    <\/div>                                    <\/div>\n                                <\/div>\n                                                            <div class=\"tickets-slider__sliderItem swiper-slide\"\n                                    data-id=\"176641\"\n                                    data-name=\"Wspania\u0142e Horyzonty\"\n                                    data-brand=\"Teatr 6.pi\u0119tro\"\n                                    data-category=\"teatr\"\n                                    data-subcategory=\"tragedia-dramat\"\n                                    data-city=\"Warszawa\"\n                                    data-venue=\"Teatr 6. pi\u0119tro w Warszawie\">\n                                    <div class=\"tickets-slider__sliderCard\">\n                                        \n<div class=\"card-ticket\">\n        <div class=\"card-ticket__image\">\n        <a href=\"https:\/\/www.ebilet.pl\/teatr\/tragedia-dramat\/wspaniale-horyzonty\">\n            <img decoding=\"async\" src=\"https:\/\/www.ebilet.pl\/media\/cms\/media\/t0aptjvd\/552x736.webp\" alt=\"Plakat wydarzenia\" \/>\n        <\/a>\n    <\/div>\n             \n    <div class=\"card-ticket__link\">\n        <a href=\"https:\/\/www.ebilet.pl\/teatr\/tragedia-dramat\/wspaniale-horyzonty\" class=\"button button--theme-primary-yellow button--withIconLeft button--size-small\">\n            <span class=\"button__icon icon icon-ticket\"><\/span>\n            <p class=\"button__text typo-16 f-600\">Kup bilet<\/p>\n        <\/a>\n    <\/div>\n    <\/div>                                    <\/div>\n                                <\/div>\n                                                            <div class=\"tickets-slider__sliderItem swiper-slide\"\n                                    data-id=\"187000\"\n                                    data-name=\"Genialny pomys\u0142\"\n                                    data-brand=\"Teatr Capitol\"\n                                    data-category=\"teatr\"\n                                    data-subcategory=\"komedia\"\n                                    data-city=\"Krak\u00f3w, Lublin, Pozna\u0144 i inne\"\n                                    data-venue=\"Teatr Capitol w Warszawie\">\n                                    <div class=\"tickets-slider__sliderCard\">\n                                        \n<div class=\"card-ticket\">\n        <div class=\"card-ticket__image\">\n        <a href=\"https:\/\/www.ebilet.pl\/teatr\/komedia\/genialny-pomysl\">\n            <img decoding=\"async\" src=\"https:\/\/www.ebilet.pl\/media\/cms\/media\/qndopst0\/552x736-genialne_twarze-41105c5f-9c14-45fb-9ddc-d47affc903aa.webp\" alt=\"Plakat wydarzenia\" \/>\n        <\/a>\n    <\/div>\n             \n    <div class=\"card-ticket__link\">\n        <a href=\"https:\/\/www.ebilet.pl\/teatr\/komedia\/genialny-pomysl\" class=\"button button--theme-primary-yellow button--withIconLeft button--size-small\">\n            <span class=\"button__icon icon icon-ticket\"><\/span>\n            <p class=\"button__text typo-16 f-600\">Kup bilet<\/p>\n        <\/a>\n    <\/div>\n    <\/div>                                    <\/div>\n                                <\/div>\n                                                            <div class=\"tickets-slider__sliderItem swiper-slide\"\n                                    data-id=\"186039\"\n                                    data-name=\"P\u00f3\u0142 \u017cartem\u2026\"\n                                    data-brand=\"Teatr Capitol\"\n                                    data-category=\"teatr\"\n                                    data-subcategory=\"komedia\"\n                                    data-city=\"Warszawa\"\n                                    data-venue=\"Teatr Capitol w Warszawie\">\n                                    <div class=\"tickets-slider__sliderCard\">\n                                        \n<div class=\"card-ticket\">\n        <div class=\"card-ticket__image\">\n        <a href=\"https:\/\/www.ebilet.pl\/teatr\/komedia\/pol-zartem\">\n            <img decoding=\"async\" src=\"https:\/\/www.ebilet.pl\/media\/cms\/media\/5oop4zeq\/552x736_polzartem_obsada_ebilet-capitol-979af2a8-bd49-4feb-a7f7-79ffd9bea75c.webp\" alt=\"Plakat wydarzenia\" \/>\n        <\/a>\n    <\/div>\n             \n    <div class=\"card-ticket__link\">\n        <a href=\"https:\/\/www.ebilet.pl\/teatr\/komedia\/pol-zartem\" class=\"button button--theme-primary-yellow button--withIconLeft button--size-small\">\n            <span class=\"button__icon icon icon-ticket\"><\/span>\n            <p class=\"button__text typo-16 f-600\">Kup bilet<\/p>\n        <\/a>\n    <\/div>\n    <\/div>                                    <\/div>\n                                <\/div>\n                                                            <div class=\"tickets-slider__sliderItem swiper-slide\"\n                                    data-id=\"203461\"\n                                    data-name=\"Malta Festival 2026: The Second Woman\"\n                                    data-brand=\"DFLIGHTS SP\u00d3\u0141KA Z OGRANICZON\u0104 ODPOWIEDZIALNO\u015aCI\u0104\"\n                                    data-category=\"teatr\"\n                                    data-subcategory=\"pozostale\"\n                                    data-city=\"Pozna\u0144\"\n                                    data-venue=\"MTP - Mi\u0119dzynarodowe Targi Pozna\u0144skie\">\n                                    <div class=\"tickets-slider__sliderCard\">\n                                        \n<div class=\"card-ticket\">\n        <div class=\"card-ticket__image\">\n        <a href=\"https:\/\/www.ebilet.pl\/teatr\/pozostale\/the-second-woman\">\n            <img decoding=\"async\" src=\"https:\/\/www.ebilet.pl\/media\/cms\/media\/vbal4vdm\/552x736-2026-03-25t135337590-4772ac83-4da2-4199-b8b4-d4e4f571822b.webp\" alt=\"Plakat wydarzenia\" \/>\n        <\/a>\n    <\/div>\n             \n    <div class=\"card-ticket__link\">\n        <a href=\"https:\/\/www.ebilet.pl\/teatr\/pozostale\/the-second-woman\" class=\"button button--theme-primary-yellow button--withIconLeft button--size-small\">\n            <span class=\"button__icon icon icon-ticket\"><\/span>\n            <p class=\"button__text typo-16 f-600\">Kup bilet<\/p>\n        <\/a>\n    <\/div>\n    <\/div>                                    <\/div>\n                                <\/div>\n                                                            <div class=\"tickets-slider__sliderItem swiper-slide\"\n                                    data-id=\"42653\"\n                                    data-name=\"Bo\u017cyszcze Kobiet\"\n                                    data-brand=\"Teatr Capitol\"\n                                    data-category=\"teatr\"\n                                    data-subcategory=\"komedia\"\n                                    data-city=\"Gda\u0144sk, Krak\u00f3w, Lublin i inne\"\n                                    data-venue=\"Teatr Capitol w Warszawie\">\n                                    <div class=\"tickets-slider__sliderCard\">\n                                        \n<div class=\"card-ticket\">\n        <div class=\"card-ticket__image\">\n        <a href=\"https:\/\/www.ebilet.pl\/teatr\/komedia\/bozyszcze-kobiet\">\n            <img decoding=\"async\" src=\"https:\/\/www.ebilet.pl\/media\/cms\/media\/lv0n1ic1\/ebilet-552x736_1-bozyszcze-poprawki-64693a13-8531-4ac5-8f78-e247651a3fba.webp\" alt=\"Plakat wydarzenia\" \/>\n        <\/a>\n    <\/div>\n             \n    <div class=\"card-ticket__link\">\n        <a href=\"https:\/\/www.ebilet.pl\/teatr\/komedia\/bozyszcze-kobiet\" class=\"button button--theme-primary-yellow button--withIconLeft button--size-small\">\n            <span class=\"button__icon icon icon-ticket\"><\/span>\n            <p class=\"button__text typo-16 f-600\">Kup bilet<\/p>\n        <\/a>\n    <\/div>\n    <\/div>                                    <\/div>\n                                <\/div>\n                                                            <div class=\"tickets-slider__sliderItem swiper-slide\"\n                                    data-id=\"200752\"\n                                    data-name=\"Wszyscy m\u00f3wi\u0105 o Jamiem\"\n                                    data-brand=\"Teatr Syrena\"\n                                    data-category=\"teatr\"\n                                    data-subcategory=\"musicale\"\n                                    data-city=\"Warszawa\"\n                                    data-venue=\"Teatr Syrena w Warszawie\">\n                                    <div class=\"tickets-slider__sliderCard\">\n                                        \n<div class=\"card-ticket\">\n        <div class=\"card-ticket__image\">\n        <a href=\"https:\/\/www.ebilet.pl\/teatr\/musicale\/wszyscy-mowia-o-jamiem\">\n            <img decoding=\"async\" src=\"https:\/\/www.ebilet.pl\/media\/cms\/media\/3t4bpibb\/552-x-736.webp\" alt=\"Plakat wydarzenia\" \/>\n        <\/a>\n    <\/div>\n             \n    <div class=\"card-ticket__link\">\n        <a href=\"https:\/\/www.ebilet.pl\/teatr\/musicale\/wszyscy-mowia-o-jamiem\" class=\"button button--theme-primary-yellow button--withIconLeft button--size-small\">\n            <span class=\"button__icon icon icon-ticket\"><\/span>\n            <p class=\"button__text typo-16 f-600\">Kup bilet<\/p>\n        <\/a>\n    <\/div>\n    <\/div>                                    <\/div>\n                                <\/div>\n                                                    <\/div>\n                    <\/div>\n                <\/div>\n            <\/div>\n        <\/div>\n    <\/div>\n<\/section>\n\n\n<section class=\"text-block  section-margin-32\" >\n    <div class=\"container\">\n        <div class=\"row\">\n            <div class=\"col-24\">\n                <div class=\"text-block__content\"><h3><strong>Festiwal Artystyczny M\u0142odzie\u017cy Akademickiej (FAMA)<\/strong><\/h3>\n<p><b>Festiwal Artystyczny M\u0142odzie\u017cy Akademickiej (FAMA) odbywa si\u0119 co roku w sierpniu. <\/b><span style=\"font-weight: 400;\">Jego historia si\u0119ga 1966 roku! Od tamtej pory w \u015awinouj\u015bciu przez czterna\u015bcie dni w roku:<\/span><\/p>\n<ul>\n<li style=\"font-weight: 400;\" aria-level=\"1\"><span style=\"font-weight: 400;\">uczestnicy festiwalu doskonal\u0105 swoje umiej\u0119tno\u015bci pod opiek\u0105 profesjonalist\u00f3w w trakcie warsztat\u00f3w teatru ulicznego, aktorstwa, piosenki, muzyki i kabaretu,<\/span><\/li>\n<li style=\"font-weight: 400;\" aria-level=\"1\"><span style=\"font-weight: 400;\">odbywaj\u0105 si\u0119 happeningi, kabarety i imprezy plenerowe.<\/span><\/li>\n<\/ul>\n<p><b>Dotychczas podczas FAMA-y wyst\u0119powali m.in. <\/b><span style=\"font-weight: 400;\">D\u017cem, T.Love, Stare Dobre Ma\u0142\u017ce\u0144stwo, Teatr STU z Krakowa, Czerwony Tulipan , Ko\u0144 Polski, Potem, Teatr Krzyk, Wojciech Wi\u015bniewski, B\u0142\u0119kitni czy Zachodniopomorska Offensywa Teatralna (ZOT). <\/span><b>Na koniec festiwalu odbywa si\u0119 wyj\u0105tkowy koncert lub spektakl.\u00a0<\/b><\/p>\n<p><span style=\"font-weight: 400;\">To wa\u017cne dla artyst\u00f3w wydarzenie. <\/span><b>Debiutowali tam (lub zostali laureatami) m.in.<\/b><span style=\"font-weight: 400;\"> Maryla Rodowicz, Marek Grechuta, Andrzej Mleczko, Mariusz Lubomski, Renata Przemyk, Jan Nowak z zespo\u0142em Raz, Dwa, Trzy, a tak\u017ce Nocna Zmiana Bluesa ze S\u0142awkiem Wierzcholskim czy Mela Koteluk.\u00a0<\/span><\/p>\n<h3><strong>Festiwal \u0141\u00f3d\u017a Czterech Kultur<\/strong><\/h3>\n<p><b>Festiwal \u0141\u00f3d\u017a Czterech Kultur to doroczne wydarzenie odbywaj\u0105ce si\u0119 w pa\u017adzierniku. <\/b><span style=\"font-weight: 400;\">Bior\u0105c w nim udzia\u0142, poczujesz i zobaczysz, \u017ce \u0141\u00f3d\u017a ma naprawd\u0119 wielokulturowe korzenie. Wsp\u00f3\u0142czesna formu\u0142a kontynuuje ide\u0119 Festiwalu Dialogu Czterech Kultur, organizowanego w latach 2002\u20132009. Od 2016 roku gospodarzem wydarzenia jest Centrum Dialogu im. Marka Edelmana.<\/span><\/p>\n<p><b>Podczas festiwalu mo\u017cesz wzi\u0105\u0107 udzia\u0142 w:<\/b><\/p>\n<ul>\n<li style=\"font-weight: 400;\" aria-level=\"1\"><span style=\"font-weight: 400;\">spektaklach,<\/span><\/li>\n<li style=\"font-weight: 400;\" aria-level=\"1\"><span style=\"font-weight: 400;\">koncertach,<\/span><\/li>\n<li style=\"font-weight: 400;\" aria-level=\"1\"><span style=\"font-weight: 400;\">wystawach,<\/span><\/li>\n<li style=\"font-weight: 400;\" aria-level=\"1\"><span style=\"font-weight: 400;\">piknikach,<\/span><\/li>\n<li style=\"font-weight: 400;\" aria-level=\"1\"><span style=\"font-weight: 400;\">warsztatach,<\/span><\/li>\n<li style=\"font-weight: 400;\" aria-level=\"1\"><span style=\"font-weight: 400;\">spacerach,<\/span><\/li>\n<li style=\"font-weight: 400;\" aria-level=\"1\"><span style=\"font-weight: 400;\">pota\u0144c\u00f3wkach<\/span><\/li>\n<li style=\"font-weight: 400;\" aria-level=\"1\"><span style=\"font-weight: 400;\">spotkaniach integruj\u0105cych.<\/span><\/li>\n<\/ul>\n<p><span style=\"font-weight: 400;\">Na pewno znajdziesz co\u015b dla siebie!<\/span><\/p>\n<p><b>Has\u0142o ka\u017cdej edycji wyznacza kierunek artystyczny i tematyczny, dzi\u0119ki czemu wiesz, czego mo\u017cesz si\u0119 spodziewa\u0107.<\/b><span style=\"font-weight: 400;\"> W ostatnich latach by\u0142y to m.in. \u201cKultura buntu\u201d, \u201cWsp\u00f3\u0142istnienie\u201d, \u201cPodw\u00f3rka kontra pa\u0142ace\u201d czy \u201cBliscy\u201d. Tegoroczne (2025 rok) has\u0142o nie zosta\u0142o jeszcze oficjalnie og\u0142oszone, ale wiemy ju\u017c, \u017ce b\u0119dzie si\u0119 on skupia\u0142 na kulturze postkolonialnej.\u00a0<\/span><\/p>\n<p><b>Niezale\u017cnie od has\u0142a, punktem wyj\u015bcia festiwalu jest historia \u0141odzi jako miasta stworzonego przez cztery spo\u0142eczno\u015bci:<\/b><span style=\"font-weight: 400;\"> polsk\u0105, \u017cydowsk\u0105, niemieck\u0105 i rosyjsk\u0105. Dzi\u015b wydarzenie otwiera si\u0119 tak\u017ce na kultury ukrai\u0144sk\u0105, bia\u0142orusk\u0105 i inne, odzwierciedlaj\u0105c wsp\u00f3\u0142czesny, r\u00f3\u017cnorodny charakter miasta.<\/span><\/p>\n<h3><strong>Mi\u0119dzynarodowy Festiwal Teatr\u00f3w Plenerowych i Ulicznych FETA<\/strong><\/h3>\n<p><b>Mi\u0119dzynarodowy Festiwal Teatr\u00f3w Plenerowych i Ulicznych FETA to jedno z najwa\u017cniejszych w Polsce wydarze\u0144 po\u015bwi\u0119conych teatrowi ulicznemu i plenerowemu. <\/b><span style=\"font-weight: 400;\">Odbywa si\u0119 od 1997 roku w Gda\u0144sku, a jego organizatorem jest \u201cPlama\u201d Gda\u0144ski Archipelag Kultury.<\/span><\/p>\n<p><span style=\"font-weight: 400;\">FETA powsta\u0142a jako jednorazowe wydarzenie z okazji tysi\u0105clecia Gda\u0144ska, szybko jednak sta\u0142a si\u0119 rozpoznawalnym festiwalem w kraju i za granic\u0105. <\/span><b>Na jej scenach (i ulicach) wyst\u0105pi\u0142o ju\u017c blisko 250 teatr\u00f3w z ca\u0142ego \u015bwiata, w tym zespo\u0142y o mi\u0119dzynarodowej renomie.<\/b><\/p>\n<p><span style=\"font-weight: 400;\">Dlaczego jest tak lubiana? Bo<\/span><b> w ramach festiwalu odbywaj\u0105 si\u0119 przer\u00f3\u017cne wydarzenia \u2013 od widowisk plenerowych po kameralne akcje uliczne. <\/b><span style=\"font-weight: 400;\">Spektakle odbywaj\u0105 si\u0119 w lipcu, a ich lokalizacja zmienia\u0142a si\u0119 na przestrzeni lat. Pocz\u0105tkowo odbywa\u0142y si\u0119 na gda\u0144skim \u015ar\u00f3dmie\u015bciu, potem w Parku Reagana na Przymorzu Wielkim. W programie pojawiaj\u0105 si\u0119 tak\u017ce przedstawienia t\u0142umaczone na PJM, widowiska familijne, spektakle p\u0142atne i darmowe.<\/span><\/p>\n<h3><strong>ImproFest<\/strong><\/h3>\n<p><span style=\"font-weight: 400;\">ImproFest to jeden z pierwszych w Polsce festiwali improwizacji teatralnej, organizowany od 2011 roku w Krakowie. Od 2017 roku g\u0142\u00f3wne wydarzenia odbywaj\u0105 si\u0119 w Klubie Studio.<\/span><\/p>\n<p><b>Na scenie pojawiaj\u0105 si\u0119 najlepsze grupy improwizator\u00f3w z Polski i zagranicy. Spektakle, skecze i piosenki powstaj\u0105 na \u017cywo, w oparciu o zasady improwizacji i sugestie publiczno\u015bci <\/b><span style=\"font-weight: 400;\">(tak\u017ce twoje, je\u015bli odwa\u017cysz si\u0119 odezwa\u0107!). <\/span><b>W programie, opr\u00f3cz wyst\u0119p\u00f3w, znajdziesz te\u017c m.in.:<\/b><\/p>\n<ul>\n<li style=\"font-weight: 400;\" aria-level=\"1\"><span style=\"font-weight: 400;\">wieczory open improv \u2013 mo\u017cesz spr\u00f3bowa\u0107 swoich si\u0142 na scenie i zobaczy\u0107, czy to aby na pewno jest \u201ctakie proste\u201d,<\/span><\/li>\n<li style=\"font-weight: 400;\" aria-level=\"1\"><span style=\"font-weight: 400;\">spektakle dla jednego widza,<\/span><\/li>\n<li style=\"font-weight: 400;\" aria-level=\"1\"><span style=\"font-weight: 400;\">muzyczne improwizacje,<\/span><\/li>\n<li style=\"font-weight: 400;\" aria-level=\"1\"><span style=\"font-weight: 400;\">warsztaty improwizacji scenicznej.<\/span><\/li>\n<\/ul>\n<p><span style=\"font-weight: 400;\">Przez lata w ImproFe\u015bcie wyst\u0105pili m.in. Szymon Majewski, Grzegorz Halama, Abelard Giza, Aneta Zaj\u0105c czy Tomasz Jachimek.<\/span><\/p>\n<p><span style=\"font-weight: 400;\">Tegoroczna edycja odb\u0119dzie si\u0119 5\u201311 listopada 2025 roku w Krakowie.<\/span><\/p>\n<h3><strong>Og\u00f3lnopolski Festiwal Sztuki Re\u017cyserskiej \u201cInterpretacje\u201d<\/strong><\/h3>\n<p><b>Og\u00f3lnopolski Festiwal Sztuki Re\u017cyserskiej \u201cInterpretacje\u201d od 1998 roku w Katowicach prezentuje najciekawsze realizacje najm\u0142odszego pokolenia re\u017cyser\u00f3w teatralnych \u2013 takich, kt\u00f3rzy zadebiutowali nie p\u00f3\u017aniej ni\u017c dekad\u0119 wcze\u015bniej.\u00a0<\/b><\/p>\n<p><span style=\"font-weight: 400;\">G\u0142\u00f3wn\u0105 nagrod\u0105 festiwalu jest \u201cLaur Konrada\u201d, statuetka Zygmunta Brachma\u0144skiego, przyznawana tw\u00f3rcy, kt\u00f3ry zdob\u0119dzie co najmniej trzy g\u0142osy pi\u0119cioosobowego jury. <\/span><b>W\u015br\u00f3d laureat\u00f3w \u201cLauru Konrada\u201d znale\u017ali si\u0119 m.in. <\/b><span style=\"font-weight: 400;\">Grzegorz Jarzyna, Krzysztof Warlikowski, Maja Kleczewska, Jan Klata, Daria Kopiec, Katarzyna Szyngiera, Jakub Skrzywanek i Wojtek Rodak.<\/span><\/p>\n<p><span style=\"font-weight: 400;\">Opr\u00f3cz konkursu g\u0142\u00f3wnego odbywaj\u0105 si\u0119 tak\u017ce rywalizacje spektakli telewizyjnych, s\u0142uchowisk radiowych i konkurs o Nagrod\u0119 Publiczno\u015bci. Towarzysz\u0105 im spotkania i wydarzenia po\u015bwi\u0119cone nowemu j\u0119zykowi teatru.<\/span><\/p>\n<p><span style=\"font-weight: 400;\">Od 2018 roku festiwal ma formu\u0142\u0119 biennale. Organizuje go Katowice Miasto Ogrod\u00f3w \u2013 Instytucja Kultury im. Krystyny Bochenek.\u00a0<\/span><\/p>\n<h3><strong>Kaliskie Spotkania Teatralne<\/strong><\/h3>\n<p><b>Kaliskie Spotkania Teatralne to najstarszy polski festiwal teatralny i jedyny w kraju konkurs aktorski. <\/b><span style=\"font-weight: 400;\">Odbywaj\u0105 si\u0119 one od 1961 roku w Teatrze im. Wojciecha Bogus\u0142awskiego w Kaliszu, cho\u0107 pomys\u0142 narodzi\u0142 si\u0119 rok wcze\u015bniej, podczas obchod\u00f3w 1800-lecia miasta, kiedy Tadeusz Kubalski zorganizowa\u0142 przegl\u0105d miejscowych spektakli.<\/span><\/p>\n<p><span style=\"font-weight: 400;\">Co roku w maju (wyj\u0105tkowo w 2020 roku we wrze\u015bniu, wszyscy wiemy dlaczego) do Kalisza przyje\u017cd\u017caj\u0105 <\/span><b>najlepsze premiery sezonu, wysoko oceniane przez krytyk\u00f3w. <\/b><span style=\"font-weight: 400;\">Jury przyznaje m.in. Grand Prix Festiwalu, nagrody aktorskie, wyr\u00f3\u017cnienia zespo\u0142owe, Nagrod\u0119 Publiczno\u015bci, Nagrod\u0119 Dziennikarzy, Nagrod\u0119 ZASP-u i Statuetk\u0119 Wojciecha.<\/span><\/p>\n<p><b>W 2025 roku odby\u0142a si\u0119 65. edycja Kaliskich Spotka\u0144 Teatralnych. W\u015br\u00f3d prezentowanych spektakli by\u0142y m.in.:<\/b><\/p>\n<ul>\n<li style=\"font-weight: 400;\" aria-level=\"1\"><span style=\"font-weight: 400;\">\u201cLataj\u0105cy Potw\u00f3r Spaghetti\u201d Teatr \u0141a\u017ania Nowa w Krakowie,<\/span><\/li>\n<li style=\"font-weight: 400;\" aria-level=\"1\"><span style=\"font-weight: 400;\">\u201cGodej do mie\u201d Teatr \u015al\u0105ski im. Stanis\u0142awa Wyspia\u0144skiego w Katowicach,<\/span><\/li>\n<li style=\"font-weight: 400;\" aria-level=\"1\"><span style=\"font-weight: 400;\">\u201cPolowanie na Osy. Historia na \u015bmier\u0107 i \u017cycie\u201d Teatr STUDIO im. Stanis\u0142awa Ignacego Witkiewicza w Warszawie,<\/span><\/li>\n<li style=\"font-weight: 400;\" aria-level=\"1\"><span style=\"font-weight: 400;\">\u201cTo bitch or not to bitch\u201d Hertz Haus,<\/span><\/li>\n<li style=\"font-weight: 400;\" aria-level=\"1\"><span style=\"font-weight: 400;\">\u201cC\u00f3rki Leara\u201d Teatr im. Wojciecha Bogus\u0142awskiego w Kaliszu.<\/span><\/li>\n<\/ul>\n<h3><strong>Mi\u0119dzynarodowy Festiwal Teatr\u00f3w Lalek \u201cKatowice Dzieciom\u201d\u00a0<\/strong><\/h3>\n<p><span style=\"font-weight: 400;\">To coroczne \u015bwi\u0119to teatru lalek, kt\u00f3re od 2002 roku odbywa si\u0119 w katowickim Teatrze Ateneum. <\/span><b>Zobaczysz tam polskich i zagranicznych tw\u00f3rc\u00f3w, kt\u00f3rzy zaprezentuj\u0105 najlepsze spektakle dla dzieci i m\u0142odzie\u017cy.<\/b><\/p>\n<p><span style=\"font-weight: 400;\">Podczas festiwalu przyznawane s\u0105 presti\u017cowe Nagrody Prezydenta Miasta Katowice oraz \u015al\u0105skiego Oddzia\u0142u ZASP-u. <\/span><b>My\u015bl\u0105 przewodni\u0105 tegorocznej, 15. edycji, kt\u00f3ra odb\u0119dzie si\u0119 w pa\u017adzierniku 2025, b\u0119dzie refleksja nad kondycj\u0105 psychiczn\u0105 i fizyczn\u0105 najm\u0142odszych oraz rol\u0105 sztuki w ich wspieraniu. <\/b><span style=\"font-weight: 400;\">W programie znajdziesz wy\u0142\u0105cznie propozycje zawodowych teatr\u00f3w lalek, a w konkursie prezentowane s\u0105 przedstawienia, kt\u00f3re w nowatorski spos\u00f3b odpowiadaj\u0105 na pytanie: <\/span><i><span style=\"font-weight: 400;\">co daje wsp\u00f3\u0142czesnym dzieciom i nastolatkom si\u0142\u0119?<\/span><\/i><\/p>\n<h3><strong>Alternatywne Spotkania Teatralne \u201cKlamra\u201d<\/strong><\/h3>\n<p><b>\u201cKlamra\u201d to przegl\u0105d polskich teatr\u00f3w niezale\u017cnych \u2013 od odwa\u017cnych, eksperymentalnych form po nieoczywiste adaptacje klasyki. <\/b><span style=\"font-weight: 400;\">Festiwal zazwyczaj odbywa si\u0119 wiosn\u0105, ale w 2020 i 2021 roku z powodu pandemii przeni\u00f3s\u0142 si\u0119 na jesie\u0144. Od 1993 roku organizuje go Akademickie Centrum Kultury i Sztuki \u201cOd Nowa\u201d w Toruniu. Z pocz\u0105tku nazywa\u0142 si\u0119 Akademickie Spotkania Teatralne \u201cKlamra\u201d, a w 2007 roku zmieni\u0142 nazw\u0119. W tym samym roku wprowadzi\u0142 te\u017c Nagrod\u0119 Publiczno\u015bci.\u00a0<\/span><\/p>\n<p><b>W marcu 2025 roku odby\u0142a si\u0119 ju\u017c 32. edycja, a w\u015br\u00f3d dotychczasowych laureat\u00f3w Nagrody Publiczno\u015bci znale\u017ali si\u0119 m.in.:<\/b><span style=\"font-weight: 400;\"> Teatr Wierszalin (za spektakl \u201cB\u00f3g Ni\u017cy\u0144ski\u201d), Teatr Kana (za spektakl \u201cLailonia\u201d), Teatr Papahema (za spektakl \u201cSk\u0142odowska. Radium Girl\u201d), Teatr Chorea (za spektakl \u201cTragedia Jana\u201d) czy Natalia Sakowicz (za spektakl \u201cRomans\u201d).<\/span><\/p>\n<\/div>\n            <\/div>\n        <\/div>\n    <\/div>\n<\/section>\n\n\n    <section class=\"events-carousel-block  section-margin-32\"\n        data-events-carousel\n        data-settings='{\"per_view\":5}'\n        data-item-list-name=\"Karuzela niska Polecamy na eBilet\"\n        data-item-list-id=\"karuzela_niska Polecamy na eBilet\"\n        >\n        <div class=\"container\">\n                            <div class=\"row\">\n                    <div class=\"col-24\">\n                        <div class=\"events-carousel-block__title\">\n                            <h2 class=\"typo-h2\">Polecamy na eBilet<\/h2>\n                        <\/div>\n                    <\/div>\n                <\/div>\n                        <div class=\"row\">\n                <div class=\"col-24\">\n                    <div class=\"events-carousel-block__events\">\n                        <div class=\"events-carousel-block__nav events-carousel-block__nav--prev\">\n                            <div class=\"button button--withIcon button--theme-white-blur button--size-fixed-48\" data-events-carousel-prev>\n                                <span class=\"button__icon icon icon-chevron-left\"><\/span>\n                            <\/div>\n                        <\/div>\n                        <div class=\"events-carousel-block__nav events-carousel-block__nav--next\">\n                            <div class=\"button button--withIcon button--theme-white-blur button--size-fixed-48\" data-events-carousel-next>\n                                <span class=\"button__icon icon icon-chevron-right\"><\/span>\n                            <\/div>\n                        <\/div>\n                        <div class=\"events-carousel-block__slider swiper\" data-events-carousel-slider>\n                            <div class=\"events-carousel-block__sliderWrapper swiper-wrapper\">\n                                                                    <div class=\"events-carousel-block__sliderItem swiper-slide\"\n                                        data-id=\"63172\"\n                                        data-name=\"Voucher kinowy Helios\"\n                                        data-brand=\"Helios Media Sp. z o.o.\"\n                                        data-category=\"kino\"\n                                        data-subcategory=\"pozostale\"\n                                        data-city=\"Warszawa\"\n                                        data-venue=\"\">\n                                        \n<div class=\"card-event  card-event--size-small\">\n        <a href=\"https:\/\/www.ebilet.pl\/kino\/pozostale\/voucher-kinowy-helios\" target=\"_blank\" class=\"card-event__link\" rel=\"nofollow noopener\"><\/a>\n        <div class=\"card-event__wrapper\">\n        <div class=\"card-event__image\">\n            <img decoding=\"async\" src=\"https:\/\/www.ebilet.pl\/media\/cms\/media\/hfhlz0pe\/pozizom-d37c6cb2-c34e-4f8f-8b40-c73a5a052a83.webp\" alt=\"\">\n        <\/div>\n        <div class=\"card-event__data\">\n            <div class=\"card-event__name\">\n                <p>Voucher kinowy Helios<\/p>\n            <\/div>\n            <div class=\"card-event__date\"><\/div>\n            <div class=\"card-event__location\">Warszawa<\/div>\n        <\/div>\n    <\/div>\n<\/div>                                    <\/div>\n                                                                    <div class=\"events-carousel-block__sliderItem swiper-slide\"\n                                        data-id=\"161461\"\n                                        data-name=\"Boeing Boeing - Teatr Capitol\"\n                                        data-brand=\"Teatr Capitol\"\n                                        data-category=\"teatr\"\n                                        data-subcategory=\"komedia\"\n                                        data-city=\"Gda\u0144sk, Warszawa\"\n                                        data-venue=\"Teatr Capitol w Warszawie\">\n                                        \n<div class=\"card-event  card-event--size-small\">\n        <a href=\"https:\/\/www.ebilet.pl\/teatr\/komedia\/boeing-boeing-teatr-capitol\" target=\"_blank\" class=\"card-event__link\" rel=\"nofollow noopener\"><\/a>\n        <div class=\"card-event__wrapper\">\n        <div class=\"card-event__image\">\n            <img decoding=\"async\" src=\"https:\/\/www.ebilet.pl\/media\/cms\/media\/4oebxceo\/656x359-popr-20-11.webp\" alt=\"\">\n        <\/div>\n        <div class=\"card-event__data\">\n            <div class=\"card-event__name\">\n                <p>Boeing Boeing &#8211; Teatr Capitol<\/p>\n            <\/div>\n            <div class=\"card-event__date\"><\/div>\n            <div class=\"card-event__location\">Gda\u0144sk, Warszawa<\/div>\n        <\/div>\n    <\/div>\n<\/div>                                    <\/div>\n                                                                    <div class=\"events-carousel-block__sliderItem swiper-slide\"\n                                        data-id=\"94598\"\n                                        data-name=\"FAME 31\"\n                                        data-brand=\"Fame MMA\"\n                                        data-category=\"sport\"\n                                        data-subcategory=\"sporty-walki\"\n                                        data-city=\"Koszalin\"\n                                        data-venue=\"Hala Widowiskowo-Sportowa w Koszalinie\">\n                                        \n<div class=\"card-event  card-event--size-small\">\n        <a href=\"https:\/\/www.ebilet.pl\/sport\/sporty-walki\/fame-mma\" target=\"_blank\" class=\"card-event__link\" rel=\"nofollow noopener\"><\/a>\n        <div class=\"card-event__wrapper\">\n        <div class=\"card-event__image\">\n            <img decoding=\"async\" src=\"https:\/\/www.ebilet.pl\/media\/cms\/media\/orylmco5\/fame31-cover-ebilet-656x369.webp\" alt=\"\">\n        <\/div>\n        <div class=\"card-event__data\">\n            <div class=\"card-event__name\">\n                <p>FAME 31<\/p>\n            <\/div>\n            <div class=\"card-event__date\"><\/div>\n            <div class=\"card-event__location\">Koszalin<\/div>\n        <\/div>\n    <\/div>\n<\/div>                                    <\/div>\n                                                                    <div class=\"events-carousel-block__sliderItem swiper-slide\"\n                                        data-id=\"13630\"\n                                        data-name=\"M\u0119skie Granie 2026\"\n                                        data-brand=\"LIVE Sp. z o.o.\"\n                                        data-category=\"muzyka\"\n                                        data-subcategory=\"festiwale\"\n                                        data-city=\"Gda\u0144sk, Krak\u00f3w, Pozna\u0144 i inne\"\n                                        data-venue=\"\u017bywiec Amfiteatr pod Grojcem\">\n                                        \n<div class=\"card-event  card-event--size-small\">\n        <a href=\"https:\/\/www.ebilet.pl\/muzyka\/festiwale\/meskie-granie\" target=\"_blank\" class=\"card-event__link\" rel=\"nofollow noopener\"><\/a>\n        <div class=\"card-event__wrapper\">\n        <div class=\"card-event__image\">\n            <img decoding=\"async\" src=\"https:\/\/www.ebilet.pl\/media\/cms\/media\/fl5hhucv\/656x369-11-78db817f-ad60-4332-b49a-e1c7a2e31068.webp\" alt=\"\">\n        <\/div>\n        <div class=\"card-event__data\">\n            <div class=\"card-event__name\">\n                <p>M\u0119skie Granie 2026<\/p>\n            <\/div>\n            <div class=\"card-event__date\"><\/div>\n            <div class=\"card-event__location\">Gda\u0144sk, Krak\u00f3w, Pozna\u0144 i inne<\/div>\n        <\/div>\n    <\/div>\n<\/div>                                    <\/div>\n                                                                    <div class=\"events-carousel-block__sliderItem swiper-slide\"\n                                        data-id=\"38728\"\n                                        data-name=\"Silesia Memoria\u0142 Kamili Skolimowskiej\"\n                                        data-brand=\"Fundacja Kamili Skolimowskiej\"\n                                        data-category=\"sport\"\n                                        data-subcategory=\"lekkoatletyka\"\n                                        data-city=\"Chorz\u00f3w\"\n                                        data-venue=\"Superauto.pl Stadion \u015al\u0105ski\">\n                                        \n<div class=\"card-event  card-event--size-small\">\n        <a href=\"https:\/\/www.ebilet.pl\/sport\/lekkoatletyka\/memorial-kamili-skolimowskiej\" target=\"_blank\" class=\"card-event__link\" rel=\"nofollow noopener\"><\/a>\n        <div class=\"card-event__wrapper\">\n        <div class=\"card-event__image\">\n            <img decoding=\"async\" src=\"https:\/\/www.ebilet.pl\/media\/cms\/media\/szunpuvg\/656x369-2-f821045a-7792-4901-947d-c0affda9f75a.webp\" alt=\"\">\n        <\/div>\n        <div class=\"card-event__data\">\n            <div class=\"card-event__name\">\n                <p>Silesia Memoria\u0142 Kamili Skolimowskiej<\/p>\n            <\/div>\n            <div class=\"card-event__date\"><\/div>\n            <div class=\"card-event__location\">Chorz\u00f3w<\/div>\n        <\/div>\n    <\/div>\n<\/div>                                    <\/div>\n                                                                    <div class=\"events-carousel-block__sliderItem swiper-slide\"\n                                        data-id=\"128680\"\n                                        data-name=\"Sunset Square 2026\"\n                                        data-brand=\"MDT Production\"\n                                        data-category=\"muzyka\"\n                                        data-subcategory=\"festiwale\"\n                                        data-city=\"Gdynia\"\n                                        data-venue=\"Skwer Ko\u015bciuszki\">\n                                        \n<div class=\"card-event  card-event--size-small\">\n        <a href=\"https:\/\/www.ebilet.pl\/muzyka\/festiwale\/sunset-square\" target=\"_blank\" class=\"card-event__link\" rel=\"nofollow noopener\"><\/a>\n        <div class=\"card-event__wrapper\">\n        <div class=\"card-event__image\">\n            <img decoding=\"async\" src=\"https:\/\/www.ebilet.pl\/media\/cms\/media\/idvdsit0\/boris-brejcha-1920x1080-05899710-c9c2-4417-95f9-aad73df94b6c.webp\" alt=\"\">\n        <\/div>\n        <div class=\"card-event__data\">\n            <div class=\"card-event__name\">\n                <p>Sunset Square 2026<\/p>\n            <\/div>\n            <div class=\"card-event__date\"><\/div>\n            <div class=\"card-event__location\">Gdynia<\/div>\n        <\/div>\n    <\/div>\n<\/div>                                    <\/div>\n                                                                    <div class=\"events-carousel-block__sliderItem swiper-slide\"\n                                        data-id=\"10672\"\n                                        data-name=\"Red Bull Drift Masters, Grand Finale 2026, Poland\"\n                                        data-brand=\"Drift Masters Grand Prix Sp. z o.o.\"\n                                        data-category=\"sport\"\n                                        data-subcategory=\"sporty-motorowe\"\n                                        data-city=\"Warszawa\"\n                                        data-venue=\"PGE Narodowy im. Kazimierza G\u00f3rskiego\">\n                                        \n<div class=\"card-event  card-event--size-small\">\n        <a href=\"https:\/\/www.ebilet.pl\/sport\/sporty-motorowe\/drift-masters\" target=\"_blank\" class=\"card-event__link\" rel=\"nofollow noopener\"><\/a>\n        <div class=\"card-event__wrapper\">\n        <div class=\"card-event__image\">\n            <img decoding=\"async\" src=\"https:\/\/www.ebilet.pl\/media\/cms\/media\/ufikt2pp\/656x369-1-3259eaa7-dcbd-4393-a286-5f17e35417c5.webp\" alt=\"\">\n        <\/div>\n        <div class=\"card-event__data\">\n            <div class=\"card-event__name\">\n                <p>Red Bull Drift Masters, Grand Finale 2026, Poland<\/p>\n            <\/div>\n            <div class=\"card-event__date\"><\/div>\n            <div class=\"card-event__location\">Warszawa<\/div>\n        <\/div>\n    <\/div>\n<\/div>                                    <\/div>\n                                                                    <div class=\"events-carousel-block__sliderItem swiper-slide\"\n                                        data-id=\"16543\"\n                                        data-name=\"Rozta\u0144czony PGE Narodowy 2026\"\n                                        data-brand=\"KRYSIAK POLSKA CORPORATION Sp. z o.o.\"\n                                        data-category=\"muzyka\"\n                                        data-subcategory=\"festiwale\"\n                                        data-city=\"Warszawa\"\n                                        data-venue=\"PGE Narodowy im. Kazimierza G\u00f3rskiego\">\n                                        \n<div class=\"card-event  card-event--size-small\">\n        <a href=\"https:\/\/www.ebilet.pl\/muzyka\/festiwale\/roztanczony-narodowy\" target=\"_blank\" class=\"card-event__link\" rel=\"nofollow noopener\"><\/a>\n        <div class=\"card-event__wrapper\">\n        <div class=\"card-event__image\">\n            <img decoding=\"async\" src=\"https:\/\/www.ebilet.pl\/media\/cms\/media\/ih4mtfpw\/newletter_basic.webp\" alt=\"\">\n        <\/div>\n        <div class=\"card-event__data\">\n            <div class=\"card-event__name\">\n                <p>Rozta\u0144czony PGE Narodowy 2026<\/p>\n            <\/div>\n            <div class=\"card-event__date\"><\/div>\n            <div class=\"card-event__location\">Warszawa<\/div>\n        <\/div>\n    <\/div>\n<\/div>                                    <\/div>\n                                                                    <div class=\"events-carousel-block__sliderItem swiper-slide\"\n                                        data-id=\"67208\"\n                                        data-name=\"Speedland Festival 2026\"\n                                        data-brand=\"Adrenaline Promotion Rafa\u0142 Haznar\"\n                                        data-category=\"sport\"\n                                        data-subcategory=\"sporty-motorowe\"\n                                        data-city=\"Krosno\"\n                                        data-venue=\"Lotnisko Krosno\">\n                                        \n<div class=\"card-event  card-event--size-small\">\n        <a href=\"https:\/\/www.ebilet.pl\/sport\/sporty-motorowe\/speedland\" target=\"_blank\" class=\"card-event__link\" rel=\"nofollow noopener\"><\/a>\n        <div class=\"card-event__wrapper\">\n        <div class=\"card-event__image\">\n            <img decoding=\"async\" src=\"https:\/\/www.ebilet.pl\/media\/cms\/media\/zeglylyt\/656x369-9-9b5a2769-5165-4a65-b574-8cb05086e41d.webp\" alt=\"\">\n        <\/div>\n        <div class=\"card-event__data\">\n            <div class=\"card-event__name\">\n                <p>Speedland Festival 2026<\/p>\n            <\/div>\n            <div class=\"card-event__date\"><\/div>\n            <div class=\"card-event__location\">Krosno<\/div>\n        <\/div>\n    <\/div>\n<\/div>                                    <\/div>\n                                                                    <div class=\"events-carousel-block__sliderItem swiper-slide\"\n                                        data-id=\"129853\"\n                                        data-name=\"Beksi\u0144ski.Live\"\n                                        data-brand=\"L2L Sp z o.o.\"\n                                        data-category=\"widowiska\"\n                                        data-subcategory=\"inne\"\n                                        data-city=\"Warszawa, Wroc\u0142aw\"\n                                        data-venue=\"Hala COS Torwar \">\n                                        \n<div class=\"card-event  card-event--size-small\">\n        <a href=\"https:\/\/www.ebilet.pl\/widowiska\/inne\/beksinski-live\" target=\"_blank\" class=\"card-event__link\" rel=\"nofollow noopener\"><\/a>\n        <div class=\"card-event__wrapper\">\n        <div class=\"card-event__image\">\n            <img decoding=\"async\" src=\"https:\/\/www.ebilet.pl\/media\/cms\/media\/y2nprogb\/656x369-2026-04-27t161826313.webp\" alt=\"\">\n        <\/div>\n        <div class=\"card-event__data\">\n            <div class=\"card-event__name\">\n                <p>Beksi\u0144ski.Live<\/p>\n            <\/div>\n            <div class=\"card-event__date\"><\/div>\n            <div class=\"card-event__location\">Warszawa, Wroc\u0142aw<\/div>\n        <\/div>\n    <\/div>\n<\/div>                                    <\/div>\n                                                                    <div class=\"events-carousel-block__sliderItem swiper-slide\"\n                                        data-id=\"144549\"\n                                        data-name=\"Zwiedzanie ZOO Warszawa\"\n                                        data-brand=\"Miasto Sto\u0142eczne Warszawa\"\n                                        data-category=\"zwiedzanie\"\n                                        data-subcategory=\"zoo\"\n                                        data-city=\"Warszawa\"\n                                        data-venue=\"\">\n                                        \n<div class=\"card-event  card-event--size-small\">\n        <a href=\"https:\/\/www.ebilet.pl\/zwiedzanie\/zoo\/zwiedzanie-zoo-warszawa\" target=\"_blank\" class=\"card-event__link\" rel=\"nofollow noopener\"><\/a>\n        <div class=\"card-event__wrapper\">\n        <div class=\"card-event__image\">\n            <img decoding=\"async\" src=\"https:\/\/www.ebilet.pl\/media\/cms\/media\/vxxcxvae\/04_bilet-domowy_656x369-05e8639e-58dc-445e-95ca-14f25e17b4f3.webp\" alt=\"\">\n        <\/div>\n        <div class=\"card-event__data\">\n            <div class=\"card-event__name\">\n                <p>Zwiedzanie ZOO Warszawa<\/p>\n            <\/div>\n            <div class=\"card-event__date\"><\/div>\n            <div class=\"card-event__location\">Warszawa<\/div>\n        <\/div>\n    <\/div>\n<\/div>                                    <\/div>\n                                                                    <div class=\"events-carousel-block__sliderItem swiper-slide\"\n                                        data-id=\"125950\"\n                                        data-name=\"Zwiedzanie ZOO Wroc\u0142aw\"\n                                        data-brand=\"ZOO Wroc\u0142aw\"\n                                        data-category=\"zwiedzanie\"\n                                        data-subcategory=\"zoo\"\n                                        data-city=\"Wroc\u0142aw\"\n                                        data-venue=\"ZOO we Wroc\u0142awiu\">\n                                        \n<div class=\"card-event  card-event--size-small\">\n        <a href=\"https:\/\/www.ebilet.pl\/zwiedzanie\/zoo\/zwiedzanie-zoo-wroclaw\" target=\"_blank\" class=\"card-event__link\" rel=\"nofollow noopener\"><\/a>\n        <div class=\"card-event__wrapper\">\n        <div class=\"card-event__image\">\n            <img decoding=\"async\" src=\"https:\/\/www.ebilet.pl\/media\/cms\/media\/wpzfsqii\/01_zoo_ebilet_656x369px-8e081b48-ed80-10b3-4ede-a1fdb0e8bde2.webp\" alt=\"\">\n        <\/div>\n        <div class=\"card-event__data\">\n            <div class=\"card-event__name\">\n                <p>Zwiedzanie ZOO Wroc\u0142aw<\/p>\n            <\/div>\n            <div class=\"card-event__date\"><\/div>\n            <div class=\"card-event__location\">Wroc\u0142aw<\/div>\n        <\/div>\n    <\/div>\n<\/div>                                    <\/div>\n                                                                    <div class=\"events-carousel-block__sliderItem swiper-slide\"\n                                        data-id=\"11852\"\n                                        data-name=\"2026 BOLL FIM Speedway World Cup - Warsaw\"\n                                        data-brand=\"Polski Zwi\u0105zek Motorowy\"\n                                        data-category=\"sport\"\n                                        data-subcategory=\"sporty-motorowe\"\n                                        data-city=\"Warszawa\"\n                                        data-venue=\"PGE Narodowy im. Kazimierza G\u00f3rskiego\">\n                                        \n<div class=\"card-event  card-event--size-small\">\n        <a href=\"https:\/\/www.ebilet.pl\/sport\/sporty-motorowe\/speedway\" target=\"_blank\" class=\"card-event__link\" rel=\"nofollow noopener\"><\/a>\n        <div class=\"card-event__wrapper\">\n        <div class=\"card-event__image\">\n            <img decoding=\"async\" src=\"https:\/\/www.ebilet.pl\/media\/cms\/media\/4ycnrk3v\/656x369-8-90146097-b4e8-4d2d-a798-f357aa3d16a2.webp\" alt=\"\">\n        <\/div>\n        <div class=\"card-event__data\">\n            <div class=\"card-event__name\">\n                <p>2026 BOLL FIM Speedway World Cup &#8211; Warsaw<\/p>\n            <\/div>\n            <div class=\"card-event__date\"><\/div>\n            <div class=\"card-event__location\">Warszawa<\/div>\n        <\/div>\n    <\/div>\n<\/div>                                    <\/div>\n                                                                    <div class=\"events-carousel-block__sliderItem swiper-slide\"\n                                        data-id=\"49432\"\n                                        data-name=\"Wroc\u0142aw Hip Hop Festival 2026\"\n                                        data-brand=\"Stowarzyszenie Planeta M\u0142odych\"\n                                        data-category=\"muzyka\"\n                                        data-subcategory=\"festiwale\"\n                                        data-city=\"Wroc\u0142aw\"\n                                        data-venue=\"Hala Stulecia\">\n                                        \n<div class=\"card-event  card-event--size-small\">\n        <a href=\"https:\/\/www.ebilet.pl\/muzyka\/festiwale\/wroclaw-hip-hop-festival\" target=\"_blank\" class=\"card-event__link\" rel=\"nofollow noopener\"><\/a>\n        <div class=\"card-event__wrapper\">\n        <div class=\"card-event__image\">\n            <img decoding=\"async\" src=\"https:\/\/www.ebilet.pl\/media\/cms\/media\/lvzja1iu\/0423-whhf-ebilet_04-34833b89-9f8c-4789-ab22-478b4f7f80f5.webp\" alt=\"\">\n        <\/div>\n        <div class=\"card-event__data\">\n            <div class=\"card-event__name\">\n                <p>Wroc\u0142aw Hip Hop Festival 2026<\/p>\n            <\/div>\n            <div class=\"card-event__date\"><\/div>\n            <div class=\"card-event__location\">Wroc\u0142aw<\/div>\n        <\/div>\n    <\/div>\n<\/div>                                    <\/div>\n                                                                    <div class=\"events-carousel-block__sliderItem swiper-slide\"\n                                        data-id=\"7104\"\n                                        data-name=\"Open&#039;er Festival 2026\"\n                                        data-brand=\"Alter Art\"\n                                        data-category=\"muzyka\"\n                                        data-subcategory=\"festiwale\"\n                                        data-city=\"Gdynia\"\n                                        data-venue=\"Lotnisko Gdynia - Kosakowo\">\n                                        \n<div class=\"card-event  card-event--size-small\">\n        <a href=\"https:\/\/www.ebilet.pl\/muzyka\/festiwale\/opener-festival\" target=\"_blank\" class=\"card-event__link\" rel=\"nofollow noopener\"><\/a>\n        <div class=\"card-event__wrapper\">\n        <div class=\"card-event__image\">\n            <img decoding=\"async\" src=\"https:\/\/www.ebilet.pl\/media\/cms\/media\/vr5l21om\/opener2026_ebilet_656x369-ee020a0f-2f31-4138-b4b2-04308c95f9f7.webp\" alt=\"\">\n        <\/div>\n        <div class=\"card-event__data\">\n            <div class=\"card-event__name\">\n                <p>Open&#8217;er Festival 2026<\/p>\n            <\/div>\n            <div class=\"card-event__date\"><\/div>\n            <div class=\"card-event__location\">Gdynia<\/div>\n        <\/div>\n    <\/div>\n<\/div>                                    <\/div>\n                                                            <\/div>\n                        <\/div>\n                    <\/div>\n                    <div class=\"events-carousel-block__pagination\">\n                        <div class=\"swiper-pagination slider-pagination\" data-events-carousel-pagination><\/div>\n                    <\/div>\n                <\/div>\n            <\/div>\n        <\/div>\n    <\/section>\n\n\n\n<section class=\"text-block  section-margin-32\" >\n    <div class=\"container\">\n        <div class=\"row\">\n            <div class=\"col-24\">\n                <div class=\"text-block__content\"><h3><strong>Festiwal Konfrontacje Teatralne\u00a0<\/strong><\/h3>\n<p><span style=\"font-weight: 400;\">Festiwal Konfrontacje Teatralne odbywa si\u0119 w Lublinie od 1996 roku. <\/span><b>Mo\u017cesz na nim zobaczy\u0107 teatry tradycyjne i alternatywne, kt\u00f3re prezentuj\u0105 przer\u00f3\u017cne formy i nurty.<\/b><span style=\"font-weight: 400;\"> To jednak nie wszystko, poniewa\u017c wywodz\u0105 si\u0119 one z r\u00f3\u017cnych region\u00f3w i \u015brodowisk, przez co ka\u017cdy z nich ukazuje swoj\u0105 w\u0142asn\u0105 perspektyw\u0119. Dzi\u0119ki temu na pewno znajdziesz co\u015b dla siebie!\u00a0<\/span><\/p>\n<p><span style=\"font-weight: 400;\">Co ciekawe, ka\u017cdego roku (a\u017c do XVI edycji) plakaty na festiwal przygotowywali specjalnie zaproszeni wybitni plastycy (m.in. Jaros\u0142aw Koziara, Miko\u0142aj Smoczy\u0144ski czy Robert Ku\u015bmierowski).\u00a0<\/span><\/p>\n<p><b>Dzi\u0119ki temu, \u017ce Festiwal Konfrontacje Teatralne odbywa si\u0119 w r\u00f3\u017cnych miejscach:<\/b><\/p>\n<ul>\n<li style=\"font-weight: 400;\" aria-level=\"1\"><span style=\"font-weight: 400;\">Centrum Kultury w Lublinie,<\/span><\/li>\n<li style=\"font-weight: 400;\" aria-level=\"1\"><span style=\"font-weight: 400;\">Teatrze im. Juliusza Osterwy w Lublinie,<\/span><\/li>\n<li style=\"font-weight: 400;\" aria-level=\"1\"><span style=\"font-weight: 400;\">halach Mi\u0119dzynarodowych Targ\u00f3w Lubelskich,<\/span><\/li>\n<li style=\"font-weight: 400;\" aria-level=\"1\"><span style=\"font-weight: 400;\">Centrum Spotkania Kultur,<\/span><\/li>\n<li style=\"font-weight: 400;\" aria-level=\"1\"><span style=\"font-weight: 400;\">i innych,<\/span><\/li>\n<\/ul>\n<p><b>mo\u017cesz zobaczy\u0107 bardzo ciekawe spektakle. <\/b><span style=\"font-weight: 400;\">W ubieg\u0142ych latach by\u0142y to m.in. \u201d(A)Pollonia\u201d Nowego Teatru czy \u201cWhen the Mountain Changed Its Clothing\u201d Heinera Goebbelsa.\u00a0<\/span><\/p>\n<p><span style=\"font-weight: 400;\">Ponadto mo\u017cesz wzi\u0105\u0107 udzia\u0142 w wielu r\u00f3\u017cnych wydarzeniach towarzysz\u0105cych, takich jak chocia\u017cby koncerty, czytania performatywne czy sesje naukowe.\u00a0<\/span><\/p>\n<h3><strong>Mi\u0119dzynarodowy Festiwal Teatralny \u201cKontakt\u201d\u00a0<\/strong><\/h3>\n<p><span style=\"font-weight: 400;\">\u201cKontakt\u201d odbywa si\u0119 co roku w Toruniu (w 2025 roku odby\u0142 si\u0119 na prze\u0142omie maja i czerwca). Podczas festiwalu mo\u017cesz zobaczy\u0107<\/span><b> artyst\u00f3w z Europy \u015arodkowo-Wschodniej. <\/b><span style=\"font-weight: 400;\">Wyst\u0119puj\u0105 oni na scenie Teatru im. Wilama Horzycy w Toruniu oraz w innych ciekawych miejscach (w 1997 rok wyst\u0119powali nawet w zajezdni tramwajowej!).\u00a0<\/span><\/p>\n<h3><strong>Og\u00f3lnopolski Festiwal Komedii Talia\u00a0<\/strong><\/h3>\n<p><span style=\"font-weight: 400;\">Talia to coroczny festiwal teatralny, kt\u00f3ry odbywa si\u0119 jesieni\u0105 w Tarnowie (w 2025 roku odb\u0119dzie si\u0119 we wrze\u015bniu). Swoj\u0105 nazw\u0105 nawi\u0105zuje do Talii, greckiej muzy komedii. Je\u015bli wi\u0119c masz ochot\u0119 na troch\u0119 \u015bmiechu \u2013 koniecznie wpadnij!\u00a0<\/span><\/p>\n<p><b>Podczas Og\u00f3lnopolskiego Festiwalu Komedii Talia zobaczysz m.in. <\/b><span style=\"font-weight: 400;\">spektakle, wystawy, koncerty i przegl\u0105dy kabaretowe. Mo\u017cesz wzi\u0105\u0107 te\u017c udzia\u0142 w wyborze laureat\u00f3w konkursu g\u0142\u00f3wnego!<\/span><\/p>\n<h3><strong>Mi\u0119dzynarodowy Festiwal Sztuki Lalkarskiej\u00a0<\/strong><\/h3>\n<p><span style=\"font-weight: 400;\">Lubisz teatry lalkowe? W takim razie wpadnij na Mi\u0119dzynarodowy Festiwal Sztuki Lalkarskiej, kt\u00f3ry odbywa si\u0119 co dwa lata w Bielsku-Bia\u0142ej. <\/span><b>Dotychczas brali w nim udzia\u0142 m.in. <\/b><span style=\"font-weight: 400;\">Peter Schumann z The Bread and Puppet Theatre, Roman Paska i Albrecht Roser. <\/span><b>Mo\u017cesz tam zobaczy\u0107 artyst\u00f3w z r\u00f3\u017cnych europejskich kraj\u00f3w, takich jak Francja, Niemcy czy Portugalia.\u00a0<\/b><\/p>\n<p><span style=\"font-weight: 400;\">Wszystko zaczyna si\u0119 od barwnego korowodu ulicami miasta, a potem odbywaj\u0105 si\u0119 spektakle, prezentacje, wystawy, koncert, panele dyskusyjne i konkursy. Przyznawane s\u0105 nagrody Grand Prix, Specjalne, M\u0142odych Krytyk\u00f3w i Jury Dzieci\u0119cego.\u00a0<\/span><\/p>\n<h3><strong>\u0141\u00f3dzkie Spotkania Baletowe<\/strong><\/h3>\n<p><span style=\"font-weight: 400;\">Wolisz balet? W \u0141odzi od 1968 roku odbywaj\u0105 si\u0119 \u0141\u00f3dzkie Spotkania Baletowe w formie biennale. <\/span><b>Bior\u0105 w nich udzia\u0142 arty\u015bci z ca\u0142ego \u015bwiata, w tym z Izraela, Kuby, Kanady czy USA. <\/b><span style=\"font-weight: 400;\">Zobaczysz aktualne trendy w sztuce baletowej oraz najwybitniejsze wsp\u00f3\u0142czesne choreografie. Kolejna edycja zapowiedziana jest na kwiecie\u0144 2026 roku.\u00a0<\/span><\/p>\n<h3><strong>Festiwal Ma\u0142ych Form Teatralnych<\/strong><\/h3>\n<p><b>W 1969 roku II Liceum Og\u00f3lnokszta\u0142c\u0105ce w Krakowie zainicjowa\u0142o Festiwal Ma\u0142ych Form Teatralnych. Odbywa si\u0119 co roku na prze\u0142omie marca i kwietnia w kilku lokalizacjach:<\/b><\/p>\n<ul>\n<li style=\"font-weight: 400;\" aria-level=\"1\"><span style=\"font-weight: 400;\">w Teatrze Groteska,<\/span><\/li>\n<li style=\"font-weight: 400;\" aria-level=\"1\"><span style=\"font-weight: 400;\">w auli II LO,<\/span><\/li>\n<li style=\"font-weight: 400;\" aria-level=\"1\"><span style=\"font-weight: 400;\">w Teatrze im. Juliusza S\u0142owackiego (tam maj\u0105 miejsce jubileuszowe gale).\u00a0<\/span><\/li>\n<\/ul>\n<p><b>Na scenie mo\u017cesz zobaczy\u0107 zmagania i pokazy umiej\u0119tno\u015bci i talent\u00f3w uczni\u00f3w szk\u00f3\u0142 \u015brednich. Prezentuj\u0105 oni m.in.:<\/b><\/p>\n<ul>\n<li style=\"font-weight: 400;\" aria-level=\"1\"><span style=\"font-weight: 400;\">spektakle teatralne,\u00a0<\/span><\/li>\n<li style=\"font-weight: 400;\" aria-level=\"1\"><span style=\"font-weight: 400;\">poezj\u0119 (i recytowan\u0105, i \u015bpiewan\u0105),<\/span><\/li>\n<li style=\"font-weight: 400;\" aria-level=\"1\"><span style=\"font-weight: 400;\">taniec,\u00a0<\/span><\/li>\n<li style=\"font-weight: 400;\" aria-level=\"1\"><span style=\"font-weight: 400;\">film.<\/span><\/li>\n<\/ul>\n<p><span style=\"font-weight: 400;\">Debiutowali tam m.in. Maciej Stuhr, Grzegorz Turnau czy Andrzej Sikorowski.<\/span><\/p>\n<h3><strong>Mi\u0119dzynarodowy Festiwal Sztuk Przyjemnych i Nieprzyjemnych<\/strong><\/h3>\n<p><b>Mi\u0119dzynarodowy Festiwal Sztuk Przyjemnych i Nieprzyjemnych to coroczne wydarzenie, na kt\u00f3re mo\u017cesz p\u00f3j\u015b\u0107 do Teatru Powszechnego w \u0141odzi. Zobaczysz tam nie tylko spektakle teatralne, ale tak\u017ce:<\/b><\/p>\n<ul>\n<li style=\"font-weight: 400;\" aria-level=\"1\"><span style=\"font-weight: 400;\">filmy,<\/span><\/li>\n<li style=\"font-weight: 400;\" aria-level=\"1\"><span style=\"font-weight: 400;\">wystawy,<\/span><\/li>\n<li style=\"font-weight: 400;\" aria-level=\"1\"><span style=\"font-weight: 400;\">koncerty,<\/span><\/li>\n<li style=\"font-weight: 400;\" aria-level=\"1\"><span style=\"font-weight: 400;\">spotkania z tw\u00f3rcami,<\/span><\/li>\n<li style=\"font-weight: 400;\" aria-level=\"1\"><span style=\"font-weight: 400;\">panele dyskusyjne,<\/span><\/li>\n<li style=\"font-weight: 400;\" aria-level=\"1\"><span style=\"font-weight: 400;\">seminaria naukowe i nie tylko.\u00a0<\/span><\/li>\n<\/ul>\n<p><b>Ka\u017cda edycja skupia si\u0119 wok\u00f3\u0142 my\u015bli przewodniej. By\u0142y ju\u017c chocia\u017cby takie: <\/b><span style=\"font-weight: 400;\">\u201cKondycja artysty\u201d oraz \u201cNiebezpiecznie jest schodzi\u0107 ze sceny\u201d.\u00a0<\/span><\/p>\n<p><span style=\"font-weight: 400;\">Siadaj\u0105c na widowni, staniesz si\u0119 cz\u0142onkiem jury konkursu na Najlepsz\u0105 Aktork\u0119, Najlepszego Aktora i Najlepszy Spektakl. Warto wi\u0119c przyj\u015b\u0107.\u00a0<\/span><\/p>\n<h3><strong>Mi\u0119dzynarodowy Festiwal Teatralny \u201cDialog\u201d<\/strong><\/h3>\n<p><b>\u201cDialog\u201d odbywa si\u0119 co dwa lata we Wroc\u0142awiu i masz szcz\u0119\u015bcie, bo kolejna edycja b\u0119dzie mia\u0142a miejsce w pa\u017adzierniku 2025 roku!\u00a0<\/b><\/p>\n<p><span style=\"font-weight: 400;\">Pocz\u0105tkowo ka\u017cdego dnia wystawiane by\u0142y dwa spektakle \u2013 jeden polski, a drugi zagranicznych. W ostatnich latach zmieniono pole konfrontacji na tematyk\u0119 samego przedstawienia, a nie kraj pochodzenia.\u00a0<\/span><\/p>\n<p><span style=\"font-weight: 400;\">Cho\u0107 festiwal czasem budzi kontrowersje (jak w 2017 roku, kiedy to ludzie sami zrzucili si\u0119 na organizacj\u0119 festiwalu, poniewa\u017c przez kontrowersje zwi\u0105zane z jednym ze spektakli z finansowania wycofa\u0142o si\u0119 Ministerstwo Kultury i Dziedzictwa Narodowego), warto cho\u0107 raz si\u0119 tam wybra\u0107.\u00a0<\/span><\/p>\n<h3><strong>Mi\u0119dzynarodowy Festiwal Teatr\u00f3w Ulicznych<\/strong><\/h3>\n<p><span style=\"font-weight: 400;\">Mi\u0119dzynarodowy Festiwal Teatr\u00f3w Ulicznych odby\u0142 si\u0119 po raz pierwszy ju\u017c w 1982 roku w Jeleniej G\u00f3rze i pobliskich miejscowo\u015bciach. <\/span><b>Ju\u017c od pierwszej edycji mia\u0142 on charakter mi\u0119dzynarodowy, poniewa\u017c wyst\u0119powali na nim (i nadal wyst\u0119puj\u0105!) arty\u015bci z ca\u0142ego \u015bwiata \u2013 Europy, USA, Australii czy Japonii. <\/b><span style=\"font-weight: 400;\">W niekt\u00f3rych latach w ramach wydarzenia odbywa\u0142o si\u0119 <\/span><b>nawet 400 spektakli, <\/b><span style=\"font-weight: 400;\">wi\u0119c na pewno i w kolejnej edycji znajdziesz co\u015b dla siebie.\u00a0<\/span><\/p>\n<p><span style=\"font-weight: 400;\">Co ciekawe, podczas tego festiwalu swoja profesjonaln\u0105 karier\u0119 rozpocz\u0119\u0142y takie offowe trupy, jak chocia\u017cby Bia\u0142y Klaun, znany dzi\u015b jako Teatr Nikoli.<\/span><\/p>\n<p><span style=\"font-weight: 400;\">W poprzednich edycjach wyst\u0119powali m.in. Teatr Sn\u00f3w (Gda\u0144sk), Teatr \u00d3smego Dnia (Pozna\u0144) czy Teatr KTO (Krak\u00f3w).\u00a0<\/span><\/p>\n<h3><strong>Festiwal Prapremier<\/strong><\/h3>\n<p><span style=\"font-weight: 400;\">Festiwal Prapremier to coroczny, organizowany od 2002 roku og\u00f3lnopolski festiwal teatralny. By wzi\u0105\u0107 w nim udzia\u0142, musisz wybra\u0107 si\u0119 jesieni\u0105 do Bydgoszczy. Zobaczysz tam <\/span><b>prapremiery sztuk teatralnych \u2013 czyli takie spektakle, kt\u00f3rych nie by\u0142o jeszcze na scenie.<\/b><span style=\"font-weight: 400;\"> Je\u015bli lubisz nowinki ze scenicznego \u015bwiata, to miejsce b\u0119dzie idealne dla ciebie.\u00a0<\/span><\/p>\n<h3><strong>Slot Art Festival\u00a0<\/strong><\/h3>\n<p><b>Slot Art Festival to wydarzenie dla fan\u00f3w kultury alternatywnej. Odbywa si\u0119 co roku latem w Lubi\u0105\u017cu od 1993 roku (cho\u0107 pierwotnie w innej lokalizacji). Na terenie Opactwa Cysterskiego odbywaj\u0105 si\u0119:<\/b><\/p>\n<ul>\n<li style=\"font-weight: 400;\" aria-level=\"1\"><span style=\"font-weight: 400;\">spektakle teatralne,<\/span><\/li>\n<li style=\"font-weight: 400;\" aria-level=\"1\"><span style=\"font-weight: 400;\">happeningi,<\/span><\/li>\n<li style=\"font-weight: 400;\" aria-level=\"1\"><span style=\"font-weight: 400;\">wyk\u0142ady,<\/span><\/li>\n<li style=\"font-weight: 400;\" aria-level=\"1\"><span style=\"font-weight: 400;\">wystawy,<\/span><\/li>\n<li style=\"font-weight: 400;\" aria-level=\"1\"><span style=\"font-weight: 400;\">projekcje filmowe i wiele innych.<\/span><\/li>\n<\/ul>\n<p><span style=\"font-weight: 400;\">Organizowana jest tam tak\u017ce Strefa Inicjatyw Spo\u0142ecznych, gdzie mo\u017cna zobaczy\u0107 cz\u0142onk\u00f3w m.in. M\u0142odzie\u017cowego Strajku Klimatycznego, Fundacji Przysta\u0144 Medyczna czy Akcji Menstruacji.\u00a0<\/span><\/p>\n<p><span style=\"font-weight: 400;\">Podczas festiwalu wyst\u0119puj\u0105 uczestnicy z ca\u0142ego \u015bwiata, m.in. z Polski, Holandii, USA, Wielkiej Brytanii, Niemiec czy Danii. Arty\u015bci inspiruj\u0105 si\u0119 etyk\u0105 chrze\u015bcija\u0144sk\u0105, zw\u0142aszcza ewangelikalizmem.\u00a0<\/span><\/p>\n<h3><strong>ULICA Festiwal<\/strong><\/h3>\n<p><b>ULICA to Mi\u0119dzynarodowy Festiwal Teatr\u00f3w Ulicznych, kt\u00f3ry odbywa si\u0119 w Krakowie od 1987 roku. Gdy tam przyb\u0119dziesz, b\u0119dziesz m\u00f3g\u0142 zobaczy\u0107 takie wydarzenia, jak chocia\u017cby:<\/b><\/p>\n<ul>\n<li style=\"font-weight: 400;\" aria-level=\"1\"><span style=\"font-weight: 400;\">spektakle teatralne,\u00a0<\/span><\/li>\n<li style=\"font-weight: 400;\" aria-level=\"1\"><span style=\"font-weight: 400;\">monumentalne widowiska,<\/span><\/li>\n<li style=\"font-weight: 400;\" aria-level=\"1\"><span style=\"font-weight: 400;\">klaunady,<\/span><\/li>\n<li style=\"font-weight: 400;\" aria-level=\"1\"><span style=\"font-weight: 400;\">happeningi,<\/span><\/li>\n<li style=\"font-weight: 400;\" aria-level=\"1\"><span style=\"font-weight: 400;\">fire show,<\/span><\/li>\n<li style=\"font-weight: 400;\" aria-level=\"1\"><span style=\"font-weight: 400;\">pokazy marionetkowe i wiele innych.\u00a0<\/span><\/li>\n<\/ul>\n<p><b>Tw\u00f3rcom zale\u017cy na tym, by\u015b m\u00f3g\u0142 zobaczy\u0107 najnowsze nurty w \u015bwiecie teatru ulicznego. Ka\u017cdego roku arty\u015bci z ca\u0142ego \u015bwiata wyst\u0119puj\u0105 w Krakowie<\/b><span style=\"font-weight: 400;\"> na Rynku G\u0142\u00f3wnym, Ma\u0142ym Rynku, Placu Szczepa\u0144skim, Placu Jana Nowaka Jeziora\u0144skiego i nie tylko.\u00a0<\/span><\/p>\n<p><b>Niekt\u00f3re edycje maj\u0105 swoje has\u0142a przewodnie. W\u015br\u00f3d nich by\u0142y ju\u017c m.in. <\/b><span style=\"font-weight: 400;\">\u201cMotywy biblijne w sztuce ulicznej\u201d, \u201cMost Polska \u2013 Hiszpania\u201d, \u201cWiatr od wschodu\u201d, \u201cFahrenheit 451\u00b0\u201d czy \u201cKlaun, boski pomazaniec\u201d.\u00a0<\/span><\/p>\n<h3><strong>Warszawskie Spotkania Teatralne<\/strong><\/h3>\n<p><b>Warszawskie Spotkania Teatralne to jeden z najwa\u017cniejszych polskich festiwali teatralnych. Zobaczysz tam r\u00f3\u017cnorodne spektakle takich teatr\u00f3w jak chocia\u017cby:<\/b><\/p>\n<ul>\n<li style=\"font-weight: 400;\" aria-level=\"1\"><span style=\"font-weight: 400;\">Narodowy Stary Teatr w Krakowie (rekordzista w liczbie wystawianych spektakli podczas tego wydarzenia),<\/span><\/li>\n<li style=\"font-weight: 400;\" aria-level=\"1\"><span style=\"font-weight: 400;\">Teatr Polski we Wroc\u0142awiu,<\/span><\/li>\n<li style=\"font-weight: 400;\" aria-level=\"1\"><span style=\"font-weight: 400;\">Wroc\u0142awski Teatr Wsp\u00f3\u0142czesny,\u00a0<\/span><\/li>\n<li style=\"font-weight: 400;\" aria-level=\"1\"><span style=\"font-weight: 400;\">Teatr Nowy w \u0141odzi,<\/span><\/li>\n<li style=\"font-weight: 400;\" aria-level=\"1\"><span style=\"font-weight: 400;\">Teatr Wybrze\u017ce w Gda\u0144ski,<\/span><\/li>\n<li style=\"font-weight: 400;\" aria-level=\"1\"><span style=\"font-weight: 400;\">Teatr Nowy w Poznaniu.<\/span><\/li>\n<\/ul>\n<p><span style=\"font-weight: 400;\">Spektakle wybierane s\u0105 przez Rad\u0119 Programow\u0105 (dzi\u015b znan\u0105 bardziej jako Komisja Artystyczna). Mo\u017cesz by\u0107 pewien, \u017ce zobaczysz tylko najlepsze przedstawienia.<\/span><\/p>\n<p>&nbsp;<\/p>\n<p><span style=\"font-weight: 400;\">\u0179r\u00f3d\u0142a:<\/span><\/p>\n<p><span style=\"font-weight: 400;\">[1] <\/span><a href=\"https:\/\/encyklopediateatru.pl\/hasla\/201\/festiwal-teatralny\" rel=\"nofollow noopener\" target=\"_blank\"><span style=\"font-weight: 400;\">https:\/\/encyklopediateatru.pl\/hasla\/201\/festiwal-teatralny<\/span><\/a><span style=\"font-weight: 400;\"> (dost\u0119p z dnia 5.08.2025).<\/span><\/p>\n<\/div>\n            <\/div>\n        <\/div>\n    <\/div>\n<\/section>\n\n\n<section class=\"events-slider-block  section-margin-32\" data-events-slider-block data-carousel-title=\"Nowo\u015bci\" data-carousel-type=\"karuzela_z_t\u0142em\" data-item-list-name=\"Karuzela z t\u0142em Nowo\u015bci\" data-item-list-id=\"karuzela_z_t\u0142em Nowo\u015bci\" >\n    <div class=\"container\">\n        <div class=\"row\">\n            <div class=\"col-24\">\n                <div class=\"events-slider-block__wrapper\">\n                                            <div class=\"events-slider-block__bg\"><img loading=\"lazy\" decoding=\"async\" width=\"1920\" height=\"1080\" src=\"https:\/\/www.ebilet.pl\/now\/app\/uploads\/2024\/04\/shutterstock_1308510637.jpg\" class=\"attachment-full size-full\" alt=\"Fot.\" srcset=\"https:\/\/www.ebilet.pl\/now\/app\/uploads\/2024\/04\/shutterstock_1308510637.jpg 1920w, https:\/\/www.ebilet.pl\/now\/app\/uploads\/2024\/04\/shutterstock_1308510637-1024x576.jpg 1024w, https:\/\/www.ebilet.pl\/now\/app\/uploads\/2024\/04\/shutterstock_1308510637-1536x864.jpg 1536w, https:\/\/www.ebilet.pl\/now\/app\/uploads\/2024\/04\/shutterstock_1308510637-1280x720.jpg 1280w, https:\/\/www.ebilet.pl\/now\/app\/uploads\/2024\/04\/shutterstock_1308510637-500x281.jpg 500w, https:\/\/www.ebilet.pl\/now\/app\/uploads\/2024\/04\/shutterstock_1308510637-632x356.jpg 632w, https:\/\/www.ebilet.pl\/now\/app\/uploads\/2024\/04\/shutterstock_1308510637-308x174.jpg 308w\" sizes=\"(max-width: 1920px) 100vw, 1920px\" \/><\/div>\n                                                                <div class=\"events-slider-block__top\">\n                                                            <div class=\"events-slider-block__title desktop\">\n                                    <h2 class=\"typo-h2\">Nowo\u015bci<\/h2>\n                                <\/div>\n                                                                                        <div class=\"events-slider-block__title mobile\">\n                                    <h2 class=\"typo-h2\">Nowo\u015bci<\/h2>\n                                <\/div>\n                                                    <\/div>\n                                                                <div class=\"events-slider-block__main\">\n                            <div class=\"events-slider-block__nav events-slider-block__nav--prev\">\n                                <div class=\"button button--withIcon button--theme-white-blur button--size-fixed-48\" data-events-prev>\n                                    <span class=\"button__icon icon icon-chevron-left\"><\/span>\n                                <\/div>\n                            <\/div>\n                            <div class=\"events-slider-block__nav events-slider-block__nav--next\">\n                                <div class=\"button button--withIcon button--theme-white-blur button--size-fixed-48\" data-events-next>\n                                    <span class=\"button__icon icon icon-chevron-right\"><\/span>\n                                <\/div>\n                            <\/div>\n                            <div class=\"events-slider-block__slider\">\n                                <div class=\"swiper\" data-events-slider>\n                                    <div class=\"events-slider-block__sliderWrapper swiper-wrapper\">\n\n                                        \n                                            <div class=\"events-slider-block__sliderItem swiper-slide event-card\"\n                                                data-id=\"205699\"\n                                                data-name=\"Shred Fest\"\n                                                data-brand=\"Winiary Bookings sp. z o. o.\"\n                                                data-category=\"muzyka\"\n                                                data-subcategory=\"hard-heavy\"\n                                                data-city=\"Warszawa\"\n                                                data-venue=\"Klub Proxima\">\n                                                \n<div class=\"card-event  card-event--size-small\">\n        <a href=\"https:\/\/www.ebilet.pl\/muzyka\/hard-heavy\/shred-fest\" target=\"_blank\" class=\"card-event__link\" rel=\"nofollow noopener\"><\/a>\n        <div class=\"card-event__wrapper\">\n        <div class=\"card-event__image\">\n            <img decoding=\"async\" src=\"https:\/\/www.ebilet.pl\/media\/cms\/media\/ngvdr2c3\/shredfest-ebilet-strona-wydarzenia-pion-warszawax-000cce3a-6af4-4d35-90e3-f0b821d75e23.webp\" alt=\"\">\n        <\/div>\n        <div class=\"card-event__data\">\n            <div class=\"card-event__name\">\n                <p>Shred Fest<\/p>\n            <\/div>\n            <div class=\"card-event__date\">25.01.2027-25.01.2027<\/div>\n            <div class=\"card-event__location\">Warszawa<\/div>\n        <\/div>\n    <\/div>\n<\/div>                                            <\/div>\n                                        \n                                            <div class=\"events-slider-block__sliderItem swiper-slide event-card\"\n                                                data-id=\"195993\"\n                                                data-name=\"Koncert przy \u015bwiecach: Ludovico Einaudi, Yann Tiersen and Roberto Cacciapaglia\"\n                                                data-brand=\"Fundacja na Rzecz Pomocy Pestka\"\n                                                data-category=\"klasyka\"\n                                                data-subcategory=\"muzyka-filmowa\"\n                                                data-city=\"Warszawa\"\n                                                data-venue=\"Pa\u0142ac Staszica w Warszawie\">\n                                                \n<div class=\"card-event  card-event--size-small\">\n        <a href=\"https:\/\/www.ebilet.pl\/klasyka\/muzyka-filmowa\/einaudi-tiersen-cacciapaglia\" target=\"_blank\" class=\"card-event__link\" rel=\"nofollow noopener\"><\/a>\n        <div class=\"card-event__wrapper\">\n        <div class=\"card-event__image\">\n            <img decoding=\"async\" src=\"https:\/\/www.ebilet.pl\/media\/cms\/media\/5k4dd5r5\/4_2009-ed7a3b65-e6e8-4455-97d0-2ad5e7e8171e.webp\" alt=\"\">\n        <\/div>\n        <div class=\"card-event__data\">\n            <div class=\"card-event__name\">\n                <p>Koncert przy \u015bwiecach: Ludovico Einaudi, Yann Tiersen and Roberto Cacciapaglia<\/p>\n            <\/div>\n            <div class=\"card-event__date\">07.06.2026-07.06.2026<\/div>\n            <div class=\"card-event__location\">Warszawa<\/div>\n        <\/div>\n    <\/div>\n<\/div>                                            <\/div>\n                                        \n                                            <div class=\"events-slider-block__sliderItem swiper-slide event-card\"\n                                                data-id=\"195988\"\n                                                data-name=\"Koncert przy \u015bwiecach - Best of Hans Zimmer\"\n                                                data-brand=\"Fundacja na Rzecz Pomocy Pestka\"\n                                                data-category=\"klasyka\"\n                                                data-subcategory=\"muzyka-filmowa\"\n                                                data-city=\"Warszawa\"\n                                                data-venue=\"Pa\u0142ac Staszica w Warszawie\">\n                                                \n<div class=\"card-event  card-event--size-small\">\n        <a href=\"https:\/\/www.ebilet.pl\/klasyka\/muzyka-filmowa\/best-of-hans-zimmer\" target=\"_blank\" class=\"card-event__link\" rel=\"nofollow noopener\"><\/a>\n        <div class=\"card-event__wrapper\">\n        <div class=\"card-event__image\">\n            <img decoding=\"async\" src=\"https:\/\/www.ebilet.pl\/media\/cms\/media\/ucmezeb5\/3_2009-b10047b6-9a94-46be-9407-be1c8e1482f8.webp\" alt=\"\">\n        <\/div>\n        <div class=\"card-event__data\">\n            <div class=\"card-event__name\">\n                <p>Koncert przy \u015bwiecach &#8211; Best of Hans Zimmer<\/p>\n            <\/div>\n            <div class=\"card-event__date\">07.06.2026-07.06.2026<\/div>\n            <div class=\"card-event__location\">Warszawa<\/div>\n        <\/div>\n    <\/div>\n<\/div>                                            <\/div>\n                                        \n                                            <div class=\"events-slider-block__sliderItem swiper-slide event-card\"\n                                                data-id=\"129853\"\n                                                data-name=\"Beksi\u0144ski.Live\"\n                                                data-brand=\"L2L Sp z o.o.\"\n                                                data-category=\"widowiska\"\n                                                data-subcategory=\"inne\"\n                                                data-city=\"Warszawa, Wroc\u0142aw\"\n                                                data-venue=\"Hala COS Torwar \">\n                                                \n<div class=\"card-event  card-event--size-small\">\n        <a href=\"https:\/\/www.ebilet.pl\/widowiska\/inne\/beksinski-live\" target=\"_blank\" class=\"card-event__link\" rel=\"nofollow noopener\"><\/a>\n        <div class=\"card-event__wrapper\">\n        <div class=\"card-event__image\">\n            <img decoding=\"async\" src=\"https:\/\/www.ebilet.pl\/media\/cms\/media\/rcpokc02\/552x736-2026-04-27t161822058.webp\" alt=\"\">\n        <\/div>\n        <div class=\"card-event__data\">\n            <div class=\"card-event__name\">\n                <p>Beksi\u0144ski.Live<\/p>\n            <\/div>\n            <div class=\"card-event__date\">20.09.2026-20.09.2026<\/div>\n            <div class=\"card-event__location\">Warszawa, Wroc\u0142aw<\/div>\n        <\/div>\n    <\/div>\n<\/div>                                            <\/div>\n                                        \n                                            <div class=\"events-slider-block__sliderItem swiper-slide event-card\"\n                                                data-id=\"194826\"\n                                                data-name=\"50 prze\u0142omowych utwor\u00f3w w historii polskiego hip-hopu vol II \u2014 hosted by O.S.T.R.\"\n                                                data-brand=\"L2L Sp z o.o.\"\n                                                data-category=\"muzyka\"\n                                                data-subcategory=\"hip-hop-rap\"\n                                                data-city=\"\u0141\u00f3d\u017a\"\n                                                data-venue=\"Atlas Arena\">\n                                                \n<div class=\"card-event  card-event--size-small\">\n        <a href=\"https:\/\/www.ebilet.pl\/muzyka\/hip-hop-rap\/50-przelomowych-utworow-w-historii-polskiego-hip-hopu\" target=\"_blank\" class=\"card-event__link\" rel=\"nofollow noopener\"><\/a>\n        <div class=\"card-event__wrapper\">\n        <div class=\"card-event__image\">\n            <img decoding=\"async\" src=\"https:\/\/www.ebilet.pl\/media\/cms\/media\/5aijoipt\/50_4-5-82d6b341-4cff-4b8d-a503-a8163d60e134.webp\" alt=\"\">\n        <\/div>\n        <div class=\"card-event__data\">\n            <div class=\"card-event__name\">\n                <p>50 prze\u0142omowych utwor\u00f3w w historii polskiego hip-hopu vol II \u2014 hosted by O.S.T.R.<\/p>\n            <\/div>\n            <div class=\"card-event__date\">24.04.2027-24.04.2027<\/div>\n            <div class=\"card-event__location\">\u0141\u00f3d\u017a<\/div>\n        <\/div>\n    <\/div>\n<\/div>                                            <\/div>\n                                        \n                                            <div class=\"events-slider-block__sliderItem swiper-slide event-card\"\n                                                data-id=\"49432\"\n                                                data-name=\"Wroc\u0142aw Hip Hop Festival 2026\"\n                                                data-brand=\"Stowarzyszenie Planeta M\u0142odych\"\n                                                data-category=\"muzyka\"\n                                                data-subcategory=\"festiwale\"\n                                                data-city=\"Wroc\u0142aw\"\n                                                data-venue=\"Hala Stulecia\">\n                                                \n<div class=\"card-event  card-event--size-small\">\n        <a href=\"https:\/\/www.ebilet.pl\/muzyka\/festiwale\/wroclaw-hip-hop-festival\" target=\"_blank\" class=\"card-event__link\" rel=\"nofollow noopener\"><\/a>\n        <div class=\"card-event__wrapper\">\n        <div class=\"card-event__image\">\n            <img decoding=\"async\" src=\"https:\/\/www.ebilet.pl\/media\/cms\/media\/004dfv2o\/0423-whhf-ebilet_05-ffc5e42c-1240-4118-ae1c-5f49984461c5.webp\" alt=\"\">\n        <\/div>\n        <div class=\"card-event__data\">\n            <div class=\"card-event__name\">\n                <p>Wroc\u0142aw Hip Hop Festival 2026<\/p>\n            <\/div>\n            <div class=\"card-event__date\">20.11.2026-20.11.2026<\/div>\n            <div class=\"card-event__location\">Wroc\u0142aw<\/div>\n        <\/div>\n    <\/div>\n<\/div>                                            <\/div>\n                                        \n                                            <div class=\"events-slider-block__sliderItem swiper-slide event-card\"\n                                                data-id=\"89836\"\n                                                data-name=\"Eiv\u00f8r\"\n                                                data-brand=\"Fource Entertainment sp. z o o\"\n                                                data-category=\"muzyka\"\n                                                data-subcategory=\"pozostale\"\n                                                data-city=\"Pozna\u0144, Warszawa\"\n                                                data-venue=\"Klub Tama\">\n                                                \n<div class=\"card-event  card-event--size-small\">\n        <a href=\"https:\/\/www.ebilet.pl\/muzyka\/pozostale\/eivor\" target=\"_blank\" class=\"card-event__link\" rel=\"nofollow noopener\"><\/a>\n        <div class=\"card-event__wrapper\">\n        <div class=\"card-event__image\">\n            <img decoding=\"async\" src=\"https:\/\/www.ebilet.pl\/media\/cms\/media\/m1ujcylb\/ebilet-552x736-eivor.webp\" alt=\"\">\n        <\/div>\n        <div class=\"card-event__data\">\n            <div class=\"card-event__name\">\n                <p>Eiv\u00f8r<\/p>\n            <\/div>\n            <div class=\"card-event__date\">02.08.2026-02.08.2026<\/div>\n            <div class=\"card-event__location\">Pozna\u0144, Warszawa<\/div>\n        <\/div>\n    <\/div>\n<\/div>                                            <\/div>\n                                        \n                                            <div class=\"events-slider-block__sliderItem swiper-slide event-card\"\n                                                data-id=\"13053\"\n                                                data-name=\"Energa Ladies Jazz Festival 2026\"\n                                                data-brand=\"Modern Look Sp. z o.o.\"\n                                                data-category=\"muzyka\"\n                                                data-subcategory=\"jazz-blues\"\n                                                data-city=\"Gdynia\"\n                                                data-venue=\"Konsulat Kultury | Gdy\u0144skie Centrum Kultury\">\n                                                \n<div class=\"card-event  card-event--size-small\">\n        <a href=\"https:\/\/www.ebilet.pl\/muzyka\/jazz-blues\/ladies-jazz-festival\" target=\"_blank\" class=\"card-event__link\" rel=\"nofollow noopener\"><\/a>\n        <div class=\"card-event__wrapper\">\n        <div class=\"card-event__image\">\n            <img decoding=\"async\" src=\"https:\/\/www.ebilet.pl\/media\/cms\/media\/uffhqy4l\/eljf2026_552-a46b9d90-a1bd-4ddd-a55f-8bd974126c76.webp\" alt=\"\">\n        <\/div>\n        <div class=\"card-event__data\">\n            <div class=\"card-event__name\">\n                <p>Energa Ladies Jazz Festival 2026<\/p>\n            <\/div>\n            <div class=\"card-event__date\">20.07.2026-20.07.2026<\/div>\n            <div class=\"card-event__location\">Gdynia<\/div>\n        <\/div>\n    <\/div>\n<\/div>                                            <\/div>\n                                        \n                                            <div class=\"events-slider-block__sliderItem swiper-slide event-card\"\n                                                data-id=\"80961\"\n                                                data-name=\"Kolejna Noc | Wac Toja Showcase x Harmony\"\n                                                data-brand=\"Harmony Poland\"\n                                                data-category=\"muzyka\"\n                                                data-subcategory=\"hip-hop-rap\"\n                                                data-city=\"Katowice\"\n                                                data-venue=\"Cooler Club\">\n                                                \n<div class=\"card-event  card-event--size-small\">\n        <a href=\"https:\/\/www.ebilet.pl\/muzyka\/hip-hop-rap\/wac-toja\" target=\"_blank\" class=\"card-event__link\" rel=\"nofollow noopener\"><\/a>\n        <div class=\"card-event__wrapper\">\n        <div class=\"card-event__image\">\n            <img decoding=\"async\" src=\"https:\/\/www.ebilet.pl\/media\/cms\/media\/o4jjpwuv\/ebilet-2m-deed2912-3889-40c8-9a05-dbca4ce7ad6b.webp\" alt=\"\">\n        <\/div>\n        <div class=\"card-event__data\">\n            <div class=\"card-event__name\">\n                <p>Kolejna Noc | Wac Toja Showcase x Harmony<\/p>\n            <\/div>\n            <div class=\"card-event__date\">16.05.2026-16.05.2026<\/div>\n            <div class=\"card-event__location\">Katowice<\/div>\n        <\/div>\n    <\/div>\n<\/div>                                            <\/div>\n                                        \n                                            <div class=\"events-slider-block__sliderItem swiper-slide event-card\"\n                                                data-id=\"63906\"\n                                                data-name=\"Mecze towarzyskie Reprezentacji Polski m\u0119\u017cczyzn w siatk\u00f3wce\"\n                                                data-brand=\"Polska Siatk\u00f3wka Sp. z o.o.\"\n                                                data-category=\"sport\"\n                                                data-subcategory=\"sporty-druzynowe\"\n                                                data-city=\"Katowice, Sosnowiec\"\n                                                data-venue=\"ArcelorMittal Park w Sosnowcu\">\n                                                \n<div class=\"card-event  card-event--size-small\">\n        <a href=\"https:\/\/www.ebilet.pl\/sport\/sporty-druzynowe\/mecz-siatkowki\" target=\"_blank\" class=\"card-event__link\" rel=\"nofollow noopener\"><\/a>\n        <div class=\"card-event__wrapper\">\n        <div class=\"card-event__image\">\n            <img decoding=\"async\" src=\"https:\/\/www.ebilet.pl\/media\/cms\/media\/paxoijep\/mecz-1-e7ebdff4-0eeb-4b41-87f8-b8cc79cca9e1.webp\" alt=\"\">\n        <\/div>\n        <div class=\"card-event__data\">\n            <div class=\"card-event__name\">\n                <p>Mecze towarzyskie Reprezentacji Polski m\u0119\u017cczyzn w siatk\u00f3wce<\/p>\n            <\/div>\n            <div class=\"card-event__date\">20.05.2026-20.05.2026<\/div>\n            <div class=\"card-event__location\">Katowice, Sosnowiec<\/div>\n        <\/div>\n    <\/div>\n<\/div>                                            <\/div>\n                                        \n                                            <div class=\"events-slider-block__sliderItem swiper-slide event-card\"\n                                                data-id=\"205704\"\n                                                data-name=\"Osobowo\u015bci Romy: Janusz Kruci\u0144ski - MUZYKOTE\u2026REPAUTA\"\n                                                data-brand=\"Teatr Muzyczny Roma\"\n                                                data-category=\"teatr\"\n                                                data-subcategory=\"spektakle-muzyczne\"\n                                                data-city=\"Warszawa\"\n                                                data-venue=\"Teatr Muzyczny ROMA w Warszawie\">\n                                                \n<div class=\"card-event  card-event--size-small\">\n        <a href=\"https:\/\/www.ebilet.pl\/teatr\/spektakle-muzyczne\/muzykote-repauta\" target=\"_blank\" class=\"card-event__link\" rel=\"nofollow noopener\"><\/a>\n        <div class=\"card-event__wrapper\">\n        <div class=\"card-event__image\">\n            <img decoding=\"async\" src=\"https:\/\/www.ebilet.pl\/media\/cms\/media\/5xpjnwlz\/552x736_januszkrucinski.webp\" alt=\"\">\n        <\/div>\n        <div class=\"card-event__data\">\n            <div class=\"card-event__name\">\n                <p>Osobowo\u015bci Romy: Janusz Kruci\u0144ski &#8211; MUZYKOTE\u2026REPAUTA<\/p>\n            <\/div>\n            <div class=\"card-event__date\">05.06.2026-05.06.2026<\/div>\n            <div class=\"card-event__location\">Warszawa<\/div>\n        <\/div>\n    <\/div>\n<\/div>                                            <\/div>\n                                        \n                                            <div class=\"events-slider-block__sliderItem swiper-slide event-card\"\n                                                data-id=\"170324\"\n                                                data-name=\"SPI\u0118TY\/WY I ONI Inny Koncert\"\n                                                data-brand=\"AGENCJA ARTYSTYCZNA ART PROJEKT\"\n                                                data-category=\"muzyka\"\n                                                data-subcategory=\"rock\"\n                                                data-city=\"Katowice, Szczecin, Warszawa\"\n                                                data-venue=\"Narodowa Orkiestra Symfoniczna Polskiego Radia - NOSPR\">\n                                                \n<div class=\"card-event  card-event--size-small\">\n        <a href=\"https:\/\/www.ebilet.pl\/muzyka\/rock\/spiety-koncert\" target=\"_blank\" class=\"card-event__link\" rel=\"nofollow noopener\"><\/a>\n        <div class=\"card-event__wrapper\">\n        <div class=\"card-event__image\">\n            <img decoding=\"async\" src=\"https:\/\/www.ebilet.pl\/media\/cms\/media\/d45o0fai\/552-x-736_spiety_2026_zbiorcze_v03-b75777c9-8696-4b7a-8405-6113bc99f4af.webp\" alt=\"\">\n        <\/div>\n        <div class=\"card-event__data\">\n            <div class=\"card-event__name\">\n                <p>SPI\u0118TY\/WY I ONI Inny Koncert<\/p>\n            <\/div>\n            <div class=\"card-event__date\">25.10.2026-25.10.2026<\/div>\n            <div class=\"card-event__location\">Katowice, Szczecin, Warszawa<\/div>\n        <\/div>\n    <\/div>\n<\/div>                                            <\/div>\n                                        \n                                            <div class=\"events-slider-block__sliderItem swiper-slide event-card\"\n                                                data-id=\"205823\"\n                                                data-name=\"Biak i Qzyn \/ JOCC 2\"\n                                                data-brand=\"Revolume Sp. z o.o.\"\n                                                data-category=\"muzyka\"\n                                                data-subcategory=\"hip-hop-rap\"\n                                                data-city=\"Warszawa\"\n                                                data-venue=\"Klub Mechanik\">\n                                                \n<div class=\"card-event  card-event--size-small\">\n        <a href=\"https:\/\/www.ebilet.pl\/muzyka\/hip-hop-rap\/biak-qzyn\" target=\"_blank\" class=\"card-event__link\" rel=\"nofollow noopener\"><\/a>\n        <div class=\"card-event__wrapper\">\n        <div class=\"card-event__image\">\n            <img decoding=\"async\" src=\"https:\/\/www.ebilet.pl\/media\/cms\/media\/1nzpwvhx\/biak_qzyn_wwa_3-ec5e9876-7ce7-4a71-9a5d-d28ec070e568.webp\" alt=\"\">\n        <\/div>\n        <div class=\"card-event__data\">\n            <div class=\"card-event__name\">\n                <p>Biak i Qzyn \/ JOCC 2<\/p>\n            <\/div>\n            <div class=\"card-event__date\">13.06.2026-13.06.2026<\/div>\n            <div class=\"card-event__location\">Warszawa<\/div>\n        <\/div>\n    <\/div>\n<\/div>                                            <\/div>\n                                        \n                                            <div class=\"events-slider-block__sliderItem swiper-slide event-card\"\n                                                data-id=\"21950\"\n                                                data-name=\"Open Beer Festiwal - \u0141ydka Grubasa\"\n                                                data-brand=\"Rockfan Bartosz Aleksander Krusznicki, \u0141ydka Grubasa\"\n                                                data-category=\"muzyka\"\n                                                data-subcategory=\"rock\"\n                                                data-city=\"Warszawa\"\n                                                data-venue=\"Pi\u0119kny Brzeg\">\n                                                \n<div class=\"card-event  card-event--size-small\">\n        <a href=\"https:\/\/www.ebilet.pl\/muzyka\/rock\/lydka-grubasa\" target=\"_blank\" class=\"card-event__link\" rel=\"nofollow noopener\"><\/a>\n        <div class=\"card-event__wrapper\">\n        <div class=\"card-event__image\">\n            <img decoding=\"async\" src=\"https:\/\/www.ebilet.pl\/media\/cms\/media\/v1qmbzng\/735-pion-brzeg-1-b0708ef6-49e2-4ae8-a275-20a8a5edef10.webp\" alt=\"\">\n        <\/div>\n        <div class=\"card-event__data\">\n            <div class=\"card-event__name\">\n                <p>Open Beer Festiwal &#8211; \u0141ydka Grubasa<\/p>\n            <\/div>\n            <div class=\"card-event__date\">14.08.2026-14.08.2026<\/div>\n            <div class=\"card-event__location\">Warszawa<\/div>\n        <\/div>\n    <\/div>\n<\/div>                                            <\/div>\n                                        \n                                            <div class=\"events-slider-block__sliderItem swiper-slide event-card\"\n                                                data-id=\"34898\"\n                                                data-name=\"Koncert w\u015br\u00f3d kwiat\u00f3w i \u015bwiec: Tribute to Michael Jackson\"\n                                                data-brand=\"Candle Live Music\"\n                                                data-category=\"muzyka\"\n                                                data-subcategory=\"pop\"\n                                                data-city=\"Pozna\u0144\"\n                                                data-venue=\"Pa\u0142ac Dzia\u0142y\u0144skich\">\n                                                \n<div class=\"card-event  card-event--size-small\">\n        <a href=\"https:\/\/www.ebilet.pl\/muzyka\/pop\/tribute-to-michael-jackson\" target=\"_blank\" class=\"card-event__link\" rel=\"nofollow noopener\"><\/a>\n        <div class=\"card-event__wrapper\">\n        <div class=\"card-event__image\">\n            <img decoding=\"async\" src=\"https:\/\/www.ebilet.pl\/media\/cms\/media\/jocncpzu\/clm-ebilet-jackson-kwartet-kwiaty-552x736-cd354510-be14-4cb4-aeed-9d60497cd930.webp\" alt=\"\">\n        <\/div>\n        <div class=\"card-event__data\">\n            <div class=\"card-event__name\">\n                <p>Koncert w\u015br\u00f3d kwiat\u00f3w i \u015bwiec: Tribute to Michael Jackson<\/p>\n            <\/div>\n            <div class=\"card-event__date\">24.05.2026-24.05.2026<\/div>\n            <div class=\"card-event__location\">Pozna\u0144<\/div>\n        <\/div>\n    <\/div>\n<\/div>                                            <\/div>\n                                                                            <\/div>\n                                <\/div>\n                            <\/div>\n                            <div class=\"events-slider-block__events swiper\" data-events-events-descriptions>\n                                <div class=\"events-slider-block__eventsWrapper swiper-wrapper\">\n                                                                            <div class=\"events-slider-block__eventsItem swiper-slide\">\n                                            <a href=\"https:\/\/www.ebilet.pl\/muzyka\/hard-heavy\/shred-fest\" target=\"_blank\" class=\"events-slider-block__eventsName\">\n                                                <p>Shred Fest<\/p>\n                                            <\/a>\n                                            <div class=\"events-slider-block__eventsDate\">25.01.2027-25.01.2027<\/div>\n                                            <div class=\"events-slider-block__eventsLocation\"><\/div>\n                                        <\/div>\n                                                                            <div class=\"events-slider-block__eventsItem swiper-slide\">\n                                            <a href=\"https:\/\/www.ebilet.pl\/klasyka\/muzyka-filmowa\/einaudi-tiersen-cacciapaglia\" target=\"_blank\" class=\"events-slider-block__eventsName\">\n                                                <p>Koncert przy \u015bwiecach: Ludovico Einaudi, Yann Tiersen and Roberto Cacciapaglia<\/p>\n                                            <\/a>\n                                            <div class=\"events-slider-block__eventsDate\">07.06.2026-07.06.2026<\/div>\n                                            <div class=\"events-slider-block__eventsLocation\"><\/div>\n                                        <\/div>\n                                                                            <div class=\"events-slider-block__eventsItem swiper-slide\">\n                                            <a href=\"https:\/\/www.ebilet.pl\/klasyka\/muzyka-filmowa\/best-of-hans-zimmer\" target=\"_blank\" class=\"events-slider-block__eventsName\">\n                                                <p>Koncert przy \u015bwiecach &#8211; Best of Hans Zimmer<\/p>\n                                            <\/a>\n                                            <div class=\"events-slider-block__eventsDate\">07.06.2026-07.06.2026<\/div>\n                                            <div class=\"events-slider-block__eventsLocation\"><\/div>\n                                        <\/div>\n                                                                            <div class=\"events-slider-block__eventsItem swiper-slide\">\n                                            <a href=\"https:\/\/www.ebilet.pl\/widowiska\/inne\/beksinski-live\" target=\"_blank\" class=\"events-slider-block__eventsName\">\n                                                <p>Beksi\u0144ski.Live<\/p>\n                                            <\/a>\n                                            <div class=\"events-slider-block__eventsDate\">20.09.2026-08.10.2026<\/div>\n                                            <div class=\"events-slider-block__eventsLocation\"><\/div>\n                                        <\/div>\n                                                                            <div class=\"events-slider-block__eventsItem swiper-slide\">\n                                            <a href=\"https:\/\/www.ebilet.pl\/muzyka\/hip-hop-rap\/50-przelomowych-utworow-w-historii-polskiego-hip-hopu\" target=\"_blank\" class=\"events-slider-block__eventsName\">\n                                                <p>50 prze\u0142omowych utwor\u00f3w w historii polskiego hip-hopu vol II \u2014 hosted by O.S.T.R.<\/p>\n                                            <\/a>\n                                            <div class=\"events-slider-block__eventsDate\">24.04.2027-24.04.2027<\/div>\n                                            <div class=\"events-slider-block__eventsLocation\"><\/div>\n                                        <\/div>\n                                                                            <div class=\"events-slider-block__eventsItem swiper-slide\">\n                                            <a href=\"https:\/\/www.ebilet.pl\/muzyka\/festiwale\/wroclaw-hip-hop-festival\" target=\"_blank\" class=\"events-slider-block__eventsName\">\n                                                <p>Wroc\u0142aw Hip Hop Festival 2026<\/p>\n                                            <\/a>\n                                            <div class=\"events-slider-block__eventsDate\">20.11.2026-20.11.2026<\/div>\n                                            <div class=\"events-slider-block__eventsLocation\"><\/div>\n                                        <\/div>\n                                                                            <div class=\"events-slider-block__eventsItem swiper-slide\">\n                                            <a href=\"https:\/\/www.ebilet.pl\/muzyka\/pozostale\/eivor\" target=\"_blank\" class=\"events-slider-block__eventsName\">\n                                                <p>Eiv\u00f8r<\/p>\n                                            <\/a>\n                                            <div class=\"events-slider-block__eventsDate\">02.08.2026-21.03.2027<\/div>\n                                            <div class=\"events-slider-block__eventsLocation\"><\/div>\n                                        <\/div>\n                                                                            <div class=\"events-slider-block__eventsItem swiper-slide\">\n                                            <a href=\"https:\/\/www.ebilet.pl\/muzyka\/jazz-blues\/ladies-jazz-festival\" target=\"_blank\" class=\"events-slider-block__eventsName\">\n                                                <p>Energa Ladies Jazz Festival 2026<\/p>\n                                            <\/a>\n                                            <div class=\"events-slider-block__eventsDate\">20.07.2026-26.07.2026<\/div>\n                                            <div class=\"events-slider-block__eventsLocation\"><\/div>\n                                        <\/div>\n                                                                            <div class=\"events-slider-block__eventsItem swiper-slide\">\n                                            <a href=\"https:\/\/www.ebilet.pl\/muzyka\/hip-hop-rap\/wac-toja\" target=\"_blank\" class=\"events-slider-block__eventsName\">\n                                                <p>Kolejna Noc | Wac Toja Showcase x Harmony<\/p>\n                                            <\/a>\n                                            <div class=\"events-slider-block__eventsDate\">16.05.2026-16.05.2026<\/div>\n                                            <div class=\"events-slider-block__eventsLocation\"><\/div>\n                                        <\/div>\n                                                                            <div class=\"events-slider-block__eventsItem swiper-slide\">\n                                            <a href=\"https:\/\/www.ebilet.pl\/sport\/sporty-druzynowe\/mecz-siatkowki\" target=\"_blank\" class=\"events-slider-block__eventsName\">\n                                                <p>Mecze towarzyskie Reprezentacji Polski m\u0119\u017cczyzn w siatk\u00f3wce<\/p>\n                                            <\/a>\n                                            <div class=\"events-slider-block__eventsDate\">20.05.2026-23.05.2026<\/div>\n                                            <div class=\"events-slider-block__eventsLocation\"><\/div>\n                                        <\/div>\n                                                                            <div class=\"events-slider-block__eventsItem swiper-slide\">\n                                            <a href=\"https:\/\/www.ebilet.pl\/teatr\/spektakle-muzyczne\/muzykote-repauta\" target=\"_blank\" class=\"events-slider-block__eventsName\">\n                                                <p>Osobowo\u015bci Romy: Janusz Kruci\u0144ski &#8211; MUZYKOTE\u2026REPAUTA<\/p>\n                                            <\/a>\n                                            <div class=\"events-slider-block__eventsDate\">05.06.2026-05.06.2026<\/div>\n                                            <div class=\"events-slider-block__eventsLocation\"><\/div>\n                                        <\/div>\n                                                                            <div class=\"events-slider-block__eventsItem swiper-slide\">\n                                            <a href=\"https:\/\/www.ebilet.pl\/muzyka\/rock\/spiety-koncert\" target=\"_blank\" class=\"events-slider-block__eventsName\">\n                                                <p>SPI\u0118TY\/WY I ONI Inny Koncert<\/p>\n                                            <\/a>\n                                            <div class=\"events-slider-block__eventsDate\">25.10.2026-28.11.2026<\/div>\n                                            <div class=\"events-slider-block__eventsLocation\"><\/div>\n                                        <\/div>\n                                                                            <div class=\"events-slider-block__eventsItem swiper-slide\">\n                                            <a href=\"https:\/\/www.ebilet.pl\/muzyka\/hip-hop-rap\/biak-qzyn\" target=\"_blank\" class=\"events-slider-block__eventsName\">\n                                                <p>Biak i Qzyn \/ JOCC 2<\/p>\n                                            <\/a>\n                                            <div class=\"events-slider-block__eventsDate\">13.06.2026-13.06.2026<\/div>\n                                            <div class=\"events-slider-block__eventsLocation\"><\/div>\n                                        <\/div>\n                                                                            <div class=\"events-slider-block__eventsItem swiper-slide\">\n                                            <a href=\"https:\/\/www.ebilet.pl\/muzyka\/rock\/lydka-grubasa\" target=\"_blank\" class=\"events-slider-block__eventsName\">\n                                                <p>Open Beer Festiwal &#8211; \u0141ydka Grubasa<\/p>\n                                            <\/a>\n                                            <div class=\"events-slider-block__eventsDate\">14.08.2026-14.08.2026<\/div>\n                                            <div class=\"events-slider-block__eventsLocation\"><\/div>\n                                        <\/div>\n                                                                            <div class=\"events-slider-block__eventsItem swiper-slide\">\n                                            <a href=\"https:\/\/www.ebilet.pl\/muzyka\/pop\/tribute-to-michael-jackson\" target=\"_blank\" class=\"events-slider-block__eventsName\">\n                                                <p>Koncert w\u015br\u00f3d kwiat\u00f3w i \u015bwiec: Tribute to Michael Jackson<\/p>\n                                            <\/a>\n                                            <div class=\"events-slider-block__eventsDate\">24.05.2026-24.05.2026<\/div>\n                                            <div class=\"events-slider-block__eventsLocation\"><\/div>\n                                        <\/div>\n                                                                    <\/div>\n                            <\/div>\n                            <div class=\"events-slider-block__pagination\">\n                                <div class=\"swiper-pagination slider-pagination slider-pagination--theme-white\" data-events-slider-pagination><\/div>\n                            <\/div>\n                        <\/div>\n                                        <div class=\"events-slider-block__bottom\">\n                                                                                <div class=\"events-slider-block__link desktop\">\n                                    <a class=\"button button--size-small button--theme-primary-yellow button--withIconLeft\" href=\"https:\/\/www.ebilet.pl\/\">\n                                                                                    <div class=\"button__icon\"><img loading=\"lazy\" decoding=\"async\" width=\"30\" height=\"30\" src=\"https:\/\/www.ebilet.pl\/now\/app\/uploads\/2024\/01\/ticket-cinema-entertainment-coupon-discount-sale_30px.png\" class=\"attachment-full size-full\" alt=\"\" \/><\/div>\n                                                                                <p class=\"button__text typo-18\">Kup na eBilet.pl<\/p>\n                                    <\/a>\n                                <\/div>\n                                                                                <div class=\"events-slider-block__link mobile\">\n                                    <a class=\"button button--size-small button--theme-primary-yellow button--withIconLeft\" href=\"https:\/\/www.ebilet.pl\/\">\n                                                                                    <div class=\"button__icon\"><img loading=\"lazy\" decoding=\"async\" width=\"30\" height=\"30\" src=\"https:\/\/www.ebilet.pl\/now\/app\/uploads\/2024\/01\/ticket-cinema-entertainment-coupon-discount-sale_30px.png\" class=\"attachment-full size-full\" alt=\"\" \/><\/div>\n                                                                                <p class=\"button__text typo-18\">Kup na eBilet.pl<\/p>\n                                    <\/a>\n                                <\/div>\n                                            <\/div>\n                <\/div>\n            <\/div>\n        <\/div>\n    <\/div>\n<\/section>","protected":false},"excerpt":{"rendered":"<p>Chcia\u0142by\u015b wybra\u0107 si\u0119 na jaki\u015b festiwal, ale te muzyczne niekoniecznie ci\u0119 zach\u0119caj\u0105? Je\u015bli lubisz teatr, koniecznie odwied\u017a kt\u00f3ry\u015b z festiwali teatralnych! W Polsce odbywa si\u0119 ich naprawd\u0119 mn\u00f3stwo (i to bardzo r\u00f3\u017cnorodnych), wi\u0119c na pewno znajdziesz co\u015b dla siebie. Sprawd\u017amy razem, gdzie warto si\u0119 wybra\u0107 w najbli\u017cszym czasie.\u00a0<\/p>\n","protected":false},"author":14,"featured_media":64711,"comment_status":"open","ping_status":"open","sticky":false,"template":"page-templates\/article-default.php","format":"standard","meta":{"_acf_changed":false,"footnotes":""},"article_tag":[88,125,36],"article_type":[558],"acf":[],"_links":{"self":[{"href":"https:\/\/www.ebilet.pl\/now\/wp-json\/wp\/v2\/posts\/64709"}],"collection":[{"href":"https:\/\/www.ebilet.pl\/now\/wp-json\/wp\/v2\/posts"}],"about":[{"href":"https:\/\/www.ebilet.pl\/now\/wp-json\/wp\/v2\/types\/post"}],"author":[{"embeddable":true,"href":"https:\/\/www.ebilet.pl\/now\/wp-json\/wp\/v2\/users\/14"}],"replies":[{"embeddable":true,"href":"https:\/\/www.ebilet.pl\/now\/wp-json\/wp\/v2\/comments?post=64709"}],"version-history":[{"count":1,"href":"https:\/\/www.ebilet.pl\/now\/wp-json\/wp\/v2\/posts\/64709\/revisions"}],"predecessor-version":[{"id":64719,"href":"https:\/\/www.ebilet.pl\/now\/wp-json\/wp\/v2\/posts\/64709\/revisions\/64719"}],"wp:featuredmedia":[{"embeddable":true,"href":"https:\/\/www.ebilet.pl\/now\/wp-json\/wp\/v2\/media\/64711"}],"wp:attachment":[{"href":"https:\/\/www.ebilet.pl\/now\/wp-json\/wp\/v2\/media?parent=64709"}],"wp:term":[{"taxonomy":"article_tag","embeddable":true,"href":"https:\/\/www.ebilet.pl\/now\/wp-json\/wp\/v2\/article_tag?post=64709"},{"taxonomy":"article_type","embeddable":true,"href":"https:\/\/www.ebilet.pl\/now\/wp-json\/wp\/v2\/article_type?post=64709"}],"curies":[{"name":"wp","href":"https:\/\/api.w.org\/{rel}","templated":true}]}}