{"id":64487,"date":"2025-08-14T22:42:10","date_gmt":"2025-08-14T21:42:10","guid":{"rendered":"https:\/\/www.ebilet.pl\/now\/?p=64487"},"modified":"2025-08-27T22:47:43","modified_gmt":"2025-08-27T21:47:43","slug":"national-rnb-hall-of-fame","status":"publish","type":"post","link":"https:\/\/www.ebilet.pl\/now\/national-rnb-hall-of-fame\/","title":{"rendered":"National R&#8217;n&#8217;B Hall of Fame"},"content":{"rendered":"\n<section class=\"text-block  section-margin-32\" >\n    <div class=\"container\">\n        <div class=\"row\">\n            <div class=\"col-24\">\n                <div class=\"text-block__content\"><h1><span style=\"font-weight: 400;\">National R&#8217;n&#8217;B Hall of Fame<\/span><\/h1>\n<p><span style=\"font-weight: 400;\">Czy wiesz, \u017ce w jednym miejscu mo\u017cna spotka\u0107 The Supremes, Aaliyah, Louisa Armstronga i New Edition? To nie \u017cart \u2013 wszyscy ci arty\u015bci zostali uhonorowani przez National Rhythm &amp; Blues Hall of Fame, wyj\u0105tkow\u0105 instytucj\u0119, kt\u00f3ra powsta\u0142a z pasji i marzenia jednego cz\u0142owieka. Czym w\u0142a\u015bciwie jest to miejsce? Jakie nazwiska trafi\u0142y do tego panteonu R&amp;B i dlaczego ceremonia wprowadzenia do Hall of Fame potrafi poruszy\u0107 t\u0142umy? Przeczytaj ten artyku\u0142 i poznaj odpowiedzi na te i wiele innych pyta\u0144!<\/span><\/p>\n<h2><span style=\"font-weight: 400;\">Co to jest National Rhythm &amp; Blues Hall of Fame?<\/span><\/h2>\n<p><span style=\"font-weight: 400;\">National R\u2019n\u2019B Hall of Fame to niezale\u017cna organizacja, kt\u00f3rej celem jest edukowanie oraz promowanie, upami\u0119tnianie i prezentowanie muzyki rhythm and blues na ca\u0142ym \u015bwiecie.<\/span><\/p>\n<h3><span style=\"font-weight: 400;\">Historia National R\u2019n\u2019B Hall of Fame<\/span><\/h3>\n<p><span style=\"font-weight: 400;\">Jak to si\u0119 zacz\u0119\u0142o? N<\/span><b>ational Rhythm &amp; Blues Hall of Fame powsta\u0142o w 2010 roku, pocz\u0105tkowo pod nazw\u0105 \u201cOfficial Rhythm &amp; Blues Music Hall of Fame\u201d. <\/b><span style=\"font-weight: 400;\">Za\u0142o\u017cy\u0142 je LaMont \u201cShowBoat\u201d Robinson \u2013 ameryka\u0144ski koszykarz, przedsi\u0119biorca i pasjonat muzyki R&amp;B.<\/span><\/p>\n<p><span style=\"font-weight: 400;\">Mi\u0142o\u015b\u0107 Robinsona do rhythm and bluesa zacz\u0119\u0142a si\u0119 ju\u017c w dzieci\u0144stwie, gdy towarzyszy\u0142 swojemu wujkowi \u2013 muzykowi z legendarnego Leo\u2019s Casino w Cleveland. To w\u0142a\u015bnie tam wyst\u0119powali najwi\u0119ksi: Marvin Gaye, The Supremes, Ray Charles czy Otis Redding.<\/span><\/p>\n<p><b>Podczas podr\u00f3\u017cy po \u015bwiecie z dru\u017cynami koszykarskimi (m.in. Globetrotters), Robinson zacz\u0105\u0142 kolekcjonowa\u0107 pami\u0105tki zwi\u0105zane z histori\u0105 R&amp;B.<\/b><span style=\"font-weight: 400;\"> Gdy zbi\u00f3r ur\u00f3s\u0142 do imponuj\u0105cych rozmiar\u00f3w, postanowi\u0142 znale\u017a\u0107 miejsce, w kt\u00f3rym mo\u017cna by go by\u0142o zaprezentowa\u0107. Gdy takiego nie znalaz\u0142 \u2013 stworzy\u0142 je sam (cz\u0119\u015b\u0107 swoich zbior\u00f3w podarowa\u0142 wcze\u015bniej Rock and Roll Hall of Fame, kt\u00f3rego siedziba i zarazem muzeum znajduje si\u0119 w rodzinnym mie\u015bcie Robinsona \u2013 Cleveland w Ohio).\u00a0<\/span><\/p>\n<p><span style=\"font-weight: 400;\">Pomogli mu przyjaciele (niekt\u00f3rzy byli muzykami r\u2019n\u2019b i jazzowymi), dzi\u0119ki czemu <\/span><b>w 2012 roku zadebiutowa\u0142o mobilne muzeum R&amp;B, a ju\u017c rok p\u00f3\u017aniej odby\u0142a si\u0119 pierwsza ceremonia wprowadzenia do Hall of Fame<\/b><span style=\"font-weight: 400;\"> \u2013 z udzia\u0142em artyst\u00f3w, miejsc i os\u00f3b maj\u0105cych wp\u0142yw na rozw\u00f3j tego gatunku.<\/span><\/p>\n<p><span style=\"font-weight: 400;\">W 2022 roku w Marks, w stanie Missisipi, rozpocz\u0119\u0142a si\u0119 budowa sta\u0142ej siedziby muzeum.<\/span><\/p>\n<h2><span style=\"font-weight: 400;\">Jak wygl\u0105daj\u0105 ceremonie wprowadzenia do National Rhythm and Blues Hall of Fame?<\/span><\/h2>\n<p><span style=\"font-weight: 400;\">Kiedy odby\u0142a si\u0119 pierwsza ceremonia wprowadzenia do Hall of Fame? <\/span><b>Mia\u0142o to miejsce dok\u0142adnie 17 sierpnia 2013 roku w Waetjen Auditorium na Cleveland State University.<\/b><\/p>\n<p><span style=\"font-weight: 400;\">W\u015br\u00f3d pierwszych uhonorowanych znale\u017ali si\u0119 m.in. The Supremes, The Temptations, Martha &amp; The Vandellas czy Little Jimmy Scott. Uhonorowano tak\u017ce historyczne miejsce \u2013 Leo\u2019s Casino, dziennikarza Larry\u2019ego Cottona oraz radiowych osobowo\u015bci: Toma Joynera i Tima Marshalla.<\/span><\/p>\n<p><span style=\"font-weight: 400;\">W kolejnych latach Hall of Fame wyr\u00f3\u017cnia\u0142o r\u00f3wnie\u017c tw\u00f3rc\u00f3w z pocz\u0105tk\u00f3w XX wieku \u2013 m.in. Sammy\u2019ego Davisa Jr., Ruth Brown, Billa Haleya i Louisa Armstronga. Za to w 2018 roku za\u0142o\u017cyciel Hall of Fame, LaMont \u201cShowBoat\u201d Robinson, odda\u0142 ho\u0142d Dennisowi Edwardsowi (The Temptations) podczas specjalnego koncertu w Detroit. Edwards zosta\u0142 wprowadzony do Hall of Fame dwukrotnie: w 2013 roku jako cz\u0142onek The Temptations i w 2015 roku jako lider The Temptations Review feat. Dennis Edwards.<\/span><\/p>\n<p><span style=\"font-weight: 400;\">W 2020 roku, ze wzgl\u0119du na pandemi\u0119 COVID-19, organizatorzy zrezygnowali z tradycyjnej gali na \u017cywo.<\/span><b> Zamiast tego og\u0142oszono specjalny, internetowy ho\u0142d dla tzw. 2020 Posthumously Class of Pioneers<\/b><span style=\"font-weight: 400;\"> \u2013 grupy 16 zmar\u0142ych artyst\u00f3w, kt\u00f3rych wk\u0142ad w histori\u0119 R&amp;B by\u0142 nieoceniony.\u00a0<\/span><\/p>\n<p><span style=\"font-weight: 400;\">Kolejne lata przynios\u0142y powr\u00f3t do gal z udzia\u0142em publiczno\u015bci.\u00a0<\/span><\/p>\n<h3><span style=\"font-weight: 400;\">Kiedy i gdzie odbywa\u0142y si\u0119 gale wprowadzenia do National R\u2019n\u2019B Hall of Fame?\u00a0<\/span><\/h3>\n<p><b>Gale wprowadzenia do National Rhythm and Blues Hall of Fame odby\u0142y si\u0119 jak dot\u0105d:<\/b><\/p>\n<ul>\n<li style=\"font-weight: 400;\" aria-level=\"1\"><span style=\"font-weight: 400;\">17 sierpnia 2013 roku w Waetjen Auditorium Cleveland St. University (Cleveland, Ohio),<\/span><\/li>\n<li style=\"font-weight: 400;\" aria-level=\"1\"><span style=\"font-weight: 400;\">24 sierpnia 2014 roku w Palace Theatre w Canton, Ohio,<\/span><\/li>\n<li style=\"font-weight: 400;\" aria-level=\"1\"><span style=\"font-weight: 400;\">6 czerwca 2015 roku w Clarksdale Civic Auditorium (Clarksdale, Mississippi),<\/span><\/li>\n<li style=\"font-weight: 400;\" aria-level=\"1\"><span style=\"font-weight: 400;\">4 pa\u017adziernika 2015 roku w Charles H. Wright Museum Of African American History (Detroit, Michigan),<\/span><\/li>\n<li style=\"font-weight: 400;\" aria-level=\"1\"><span style=\"font-weight: 400;\">21 sierpnia 2016 roku w Ford Community &amp; Performing Arts Center (Dearborn, Michigan),<\/span><\/li>\n<li style=\"font-weight: 400;\" aria-level=\"1\"><span style=\"font-weight: 400;\">11 czerwca 2017 roku w Detroit Music Hall Center for the Performing Arts (Detroit, Michigan),<\/span><\/li>\n<li style=\"font-weight: 400;\" aria-level=\"1\"><span style=\"font-weight: 400;\">3 czerwca 2018 roku w Charles H. Wright Museum Of African American History (Detroit, Michigan),<\/span><\/li>\n<li style=\"font-weight: 400;\" aria-level=\"1\"><span style=\"font-weight: 400;\">23 czerwca 2019 roku w Charles H. Wright Museum Of African American History (Detroit, Michigan),\u00a0<\/span><\/li>\n<li style=\"font-weight: 400;\" aria-level=\"1\"><span style=\"font-weight: 400;\">29 sierpnia 2020 roku \u2013 online z Detroit w stanie Michigan,<\/span><\/li>\n<li style=\"font-weight: 400;\" aria-level=\"1\"><span style=\"font-weight: 400;\">10 sierpnia 2021 roku \u2013 online z Detroit w stanie Michigan,<\/span><\/li>\n<li style=\"font-weight: 400;\" aria-level=\"1\"><span style=\"font-weight: 400;\">30 wrze\u015bnia 2022 roku w R&amp;B Hall Of Fame Ground Site (Marks, Mississippi),<\/span><\/li>\n<li style=\"font-weight: 400;\" aria-level=\"1\"><span style=\"font-weight: 400;\">24 wrze\u015bnia 2023 roku w The Hawk Center in Farmington Hills (Detroit, Michigan),<\/span><\/li>\n<li style=\"font-weight: 400;\" aria-level=\"1\"><span style=\"font-weight: 400;\">6 pa\u017adziernika 2024 roku w Marriott Cleveland East Music Hall (Cleveland, Ohio).<\/span><\/li>\n<\/ul>\n<h2><span style=\"font-weight: 400;\">Kto mo\u017ce trafi\u0107 do National Rhythm and Blues Hall of Fame? Jak wygl\u0105da proces wyboru kolejnych cz\u0142onk\u00f3w?<\/span><\/h2>\n<p><b>Fundacja National Rhythm &amp; Blues Hall of Fame stawia na przejrzysto\u015b\u0107 i r\u00f3wno\u015b\u0107 <\/b><span style=\"font-weight: 400;\">\u2013 proces selekcji kandydat\u00f3w do galerii s\u0142aw ma by\u0107 uczciwy i niedyskryminuj\u0105cy. Kandydatury zg\u0142aszane s\u0105 przez panel ekspert\u00f3w bran\u017cowych, a decyzj\u0119 o ostatecznym w\u0142\u0105czeniu podejmuj\u0105 za\u0142o\u017cyciele i liderzy Hall of Fame.<\/span><\/p>\n<p><b>Dlaczego nie wszyscy ulubieni arty\u015bci trafili ju\u017c do Hall of Fame? <\/b><span style=\"font-weight: 400;\">Fundacja National Rhythm &amp; Blues Hall of Fame dobrze wie, \u017ce wielu artyst\u00f3w zas\u0142uguje na wyr\u00f3\u017cnienie. Otrzymuje liczne sugestie od fan\u00f3w \u2013 kogo jeszcze uhonorowa\u0107, kto powinien znale\u017a\u0107 si\u0119 w\u015br\u00f3d legend i dlaczego. Ale podkre\u015bla jedno: to proces, a lista potencjalnych kandydat\u00f3w jest naprawd\u0119 d\u0142uga. Nie spos\u00f3b przyj\u0105\u0107 wszystkich od razu (a poza tym pomy\u015bl tylko, jak d\u0142uga musia\u0142aby to by\u0107 ceremonia!).<\/span><\/p>\n<h3><span style=\"font-weight: 400;\">Jakie s\u0105 kryteria nominacji do National Rhythm &amp; Blues Hall of Fame?<\/span><\/h3>\n<p><b>Nie ka\u017cdy artysta czy instytucja mog\u0105 zosta\u0107 nominowani od razu, \u201ez ulicy\u201d. Obowi\u0105zuj\u0105 konkretne zasady:<\/b><\/p>\n<ul>\n<li style=\"font-weight: 400;\" aria-level=\"1\"><span style=\"font-weight: 400;\">by wykonawca dosta\u0142 nominacj\u0119, pierwsze jego wydawnictwo (np. album muzyczny) musia\u0142 ujrze\u0107 \u015bwiat\u0142o dzienne co najmniej pi\u0119tna\u015bcie lat wcze\u015bniej,<\/span><\/li>\n<li style=\"font-weight: 400;\" aria-level=\"1\"><span style=\"font-weight: 400;\">DJ-e, stacje radiowe, wytw\u00f3rnie p\u0142ytowe i inne podmioty musz\u0105 mie\u0107 minimum pi\u0119tna\u015bcie lat dzia\u0142alno\u015bci,<\/span><\/li>\n<li style=\"font-weight: 400;\" aria-level=\"1\"><span style=\"font-weight: 400;\">dodatkowo wymagane s\u0105: rozpoznawalno\u015b\u0107 krajowa lub mi\u0119dzynarodowa, obecno\u015b\u0107 w radiu i znacz\u0105ce wyniki sprzeda\u017cy.<\/span><\/li>\n<\/ul>\n<p><span style=\"font-weight: 400;\">To miejsce dla tych, kt\u00f3rzy zostawili trwa\u0142y \u015blad w historii muzyki R&amp;B, a nie dla os\u00f3b, kt\u00f3re s\u0105 \u201cpo prostu lubiane\u201d.<\/span><\/p>\n<\/div>\n            <\/div>\n        <\/div>\n    <\/div>\n<\/section>\n\n\n<section class=\"tickets-slider  section-margin-32\"\n    data-tickets-slider\n    data-item-list-name=\"Karuzela z buttonami\"\n    data-item-list-id=\"karuzela_z_buttonami\"\n    >\n    <div class=\"container\">\n        <div class=\"row\">\n            <div class=\"col-24\">\n                <div class=\"tickets-slider__main\">\n                    <div class=\"tickets-slider__nav tickets-slider__nav--prev\">\n                        <div class=\"button button--withIcon button--theme-white-blur button--size-fixed-48\" data-tickets-slider-prev>\n                            <span class=\"button__icon icon icon-chevron-left\"><\/span>\n                        <\/div>\n                    <\/div>\n                    <div class=\"tickets-slider__nav tickets-slider__nav--next\">\n                        <div class=\"button button--withIcon button--theme-white-blur button--size-fixed-48\" data-tickets-slider-next>\n                            <span class=\"button__icon icon icon-chevron-right\"><\/span>\n                        <\/div>\n                    <\/div>\n                    <div class=\"tickets-slider__slider swiper\" data-tickets-slider-slider>\n                        <div class=\"tickets-slider__sliderWrapper swiper-wrapper\">\n                                                            <div class=\"tickets-slider__sliderItem swiper-slide\"\n                                    data-id=\"7104\"\n                                    data-name=\"Open&#039;er Festival 2027\"\n                                    data-brand=\"Alter Art\"\n                                    data-category=\"muzyka\"\n                                    data-subcategory=\"festiwale\"\n                                    data-city=\"Gdynia\"\n                                    data-venue=\"Lotnisko Gdynia - Kosakowo\">\n                                    <div class=\"tickets-slider__sliderCard\">\n                                        \n<div class=\"card-ticket\">\n        <div class=\"card-ticket__image\">\n        <a href=\"https:\/\/www.ebilet.pl\/muzyka\/festiwale\/opener-festival\">\n            <img decoding=\"async\" src=\"https:\/\/www.ebilet.pl\/media\/cms\/media\/qkso1del\/opene_2027_tameimpala_552x736_ebilet-1d7aa61e-0a2a-4f3b-b538-d84518354aa2.webp\" alt=\"Plakat wydarzenia\" \/>\n        <\/a>\n    <\/div>\n             \n    <div class=\"card-ticket__link\">\n        <a href=\"https:\/\/www.ebilet.pl\/muzyka\/festiwale\/opener-festival\" class=\"button button--theme-primary-yellow button--withIconLeft button--size-small\">\n            <span class=\"button__icon icon icon-ticket\"><\/span>\n            <p class=\"button__text typo-16 f-600\">Kup bilet<\/p>\n        <\/a>\n    <\/div>\n    <\/div>                                    <\/div>\n                                <\/div>\n                                                            <div class=\"tickets-slider__sliderItem swiper-slide\"\n                                    data-id=\"118194\"\n                                    data-name=\"Kwalifikacje do Mistrzostw \u015awiata w koszyk\u00f3wce m\u0119\u017cczyzn 2027: Polska \u2013 Chorwacja\"\n                                    data-brand=\"Polski Zwi\u0105zek Koszyk\u00f3wki\"\n                                    data-category=\"sport\"\n                                    data-subcategory=\"sporty-druzynowe\"\n                                    data-city=\"Gliwice\"\n                                    data-venue=\"PreZero Arena Gliwice\">\n                                    <div class=\"tickets-slider__sliderCard\">\n                                        \n<div class=\"card-ticket\">\n        <div class=\"card-ticket__image\">\n        <a href=\"https:\/\/www.ebilet.pl\/sport\/sporty-druzynowe\/koszykowka-mecz\">\n            <img decoding=\"async\" src=\"https:\/\/www.ebilet.pl\/media\/cms\/media\/hoxono4g\/podstawowe_portal-98225706-f40f-4253-9b63-9f6c375fb13f.webp\" alt=\"Plakat wydarzenia\" \/>\n        <\/a>\n    <\/div>\n             \n    <div class=\"card-ticket__link\">\n        <a href=\"https:\/\/www.ebilet.pl\/sport\/sporty-druzynowe\/koszykowka-mecz\" class=\"button button--theme-primary-yellow button--withIconLeft button--size-small\">\n            <span class=\"button__icon icon icon-ticket\"><\/span>\n            <p class=\"button__text typo-16 f-600\">Kup bilet<\/p>\n        <\/a>\n    <\/div>\n    <\/div>                                    <\/div>\n                                <\/div>\n                                                            <div class=\"tickets-slider__sliderItem swiper-slide\"\n                                    data-id=\"177995\"\n                                    data-name=\"G33 Tour - Tadeo x Szczepan x Wygu\u015b x Mata\"\n                                    data-brand=\"BREND GROUP SP\u00d3\u0141KA Z OGRANICZON\u0104 ODPOWIEDZIALNO\u015aCI\u0104\"\n                                    data-category=\"muzyka\"\n                                    data-subcategory=\"hip-hop-rap\"\n                                    data-city=\"Bydgoszcz, Gwi\u017adziny, Kra\u015bnik i inne\"\n                                    data-venue=\"Plac Targowy w Soko\u0142owie Ma\u0142opolskim\">\n                                    <div class=\"tickets-slider__sliderCard\">\n                                        \n<div class=\"card-ticket\">\n        <div class=\"card-ticket__image\">\n        <a href=\"https:\/\/www.ebilet.pl\/muzyka\/hip-hop-rap\/gombao33\">\n            <img decoding=\"async\" src=\"https:\/\/www.ebilet.pl\/media\/cms\/media\/ctcikvkb\/gombao_bez_napisu-2ebe28b7-760a-4987-8d6c-0cb2fe6f2203.webp\" alt=\"Plakat wydarzenia\" \/>\n        <\/a>\n    <\/div>\n             \n    <div class=\"card-ticket__link\">\n        <a href=\"https:\/\/www.ebilet.pl\/muzyka\/hip-hop-rap\/gombao33\" class=\"button button--theme-primary-yellow button--withIconLeft button--size-small\">\n            <span class=\"button__icon icon icon-ticket\"><\/span>\n            <p class=\"button__text typo-16 f-600\">Kup bilet<\/p>\n        <\/a>\n    <\/div>\n    <\/div>                                    <\/div>\n                                <\/div>\n                                                            <div class=\"tickets-slider__sliderItem swiper-slide\"\n                                    data-id=\"163993\"\n                                    data-name=\"Wicked\"\n                                    data-brand=\"Teatr Muzyczny Roma\"\n                                    data-category=\"teatr\"\n                                    data-subcategory=\"musicale\"\n                                    data-city=\"Warszawa\"\n                                    data-venue=\"Teatr Muzyczny ROMA w Warszawie\">\n                                    <div class=\"tickets-slider__sliderCard\">\n                                        \n<div class=\"card-ticket\">\n        <div class=\"card-ticket__image\">\n        <a href=\"https:\/\/www.ebilet.pl\/teatr\/musicale\/wicked\">\n            <img decoding=\"async\" src=\"https:\/\/www.ebilet.pl\/media\/cms\/media\/t1vbgs4w\/552x736_wickeduniejow-5b08a259-81c1-4704-a3d9-3086b7766d96.webp\" alt=\"Plakat wydarzenia\" \/>\n        <\/a>\n    <\/div>\n             \n    <div class=\"card-ticket__link\">\n        <a href=\"https:\/\/www.ebilet.pl\/teatr\/musicale\/wicked\" class=\"button button--theme-primary-yellow button--withIconLeft button--size-small\">\n            <span class=\"button__icon icon icon-ticket\"><\/span>\n            <p class=\"button__text typo-16 f-600\">Kup bilet<\/p>\n        <\/a>\n    <\/div>\n    <\/div>                                    <\/div>\n                                <\/div>\n                                                            <div class=\"tickets-slider__sliderItem swiper-slide\"\n                                    data-id=\"214327\"\n                                    data-name=\"Take That\"\n                                    data-brand=\"Fource Entertainment sp. z o o\"\n                                    data-category=\"muzyka\"\n                                    data-subcategory=\"pop\"\n                                    data-city=\"Warszawa\"\n                                    data-venue=\"Letnia Scena Progresji\">\n                                    <div class=\"tickets-slider__sliderCard\">\n                                        \n<div class=\"card-ticket\">\n        <div class=\"card-ticket__image\">\n        <a href=\"https:\/\/www.ebilet.pl\/muzyka\/pop\/take-that\">\n            <img decoding=\"async\" src=\"https:\/\/www.ebilet.pl\/media\/cms\/media\/eiqdozli\/ebilet-552x736-take-that.webp\" alt=\"Plakat wydarzenia\" \/>\n        <\/a>\n    <\/div>\n             \n    <div class=\"card-ticket__link\">\n        <a href=\"https:\/\/www.ebilet.pl\/muzyka\/pop\/take-that\" class=\"button button--theme-primary-yellow button--withIconLeft button--size-small\">\n            <span class=\"button__icon icon icon-ticket\"><\/span>\n            <p class=\"button__text typo-16 f-600\">Kup bilet<\/p>\n        <\/a>\n    <\/div>\n    <\/div>                                    <\/div>\n                                <\/div>\n                                                            <div class=\"tickets-slider__sliderItem swiper-slide\"\n                                    data-id=\"179391\"\n                                    data-name=\"Pitbull - I&#039;m Back!\"\n                                    data-brand=\"Live Nation\"\n                                    data-category=\"muzyka\"\n                                    data-subcategory=\"pop\"\n                                    data-city=\"Gda\u0144sk\/Sopot, \u0141\u00f3d\u017a\"\n                                    data-venue=\"Atlas Arena\">\n                                    <div class=\"tickets-slider__sliderCard\">\n                                        \n<div class=\"card-ticket\">\n        <div class=\"card-ticket__image\">\n        <a href=\"https:\/\/www.ebilet.pl\/muzyka\/pop\/pitbull\">\n            <img decoding=\"async\" src=\"https:\/\/www.ebilet.pl\/media\/cms\/media\/5lzfwzwf\/pitbull_552x736-51986cca-48f5-4419-a9c5-cba531ed65a3.webp\" alt=\"Plakat wydarzenia\" \/>\n        <\/a>\n    <\/div>\n             \n    <div class=\"card-ticket__link\">\n        <a href=\"https:\/\/www.ebilet.pl\/muzyka\/pop\/pitbull\" class=\"button button--theme-primary-yellow button--withIconLeft button--size-small\">\n            <span class=\"button__icon icon icon-ticket\"><\/span>\n            <p class=\"button__text typo-16 f-600\">Kup bilet<\/p>\n        <\/a>\n    <\/div>\n    <\/div>                                    <\/div>\n                                <\/div>\n                                                            <div class=\"tickets-slider__sliderItem swiper-slide\"\n                                    data-id=\"27087\"\n                                    data-name=\"Tokio Hotel\"\n                                    data-brand=\"Knock Out Productions\"\n                                    data-category=\"muzyka\"\n                                    data-subcategory=\"pop\"\n                                    data-city=\"Warszawa\"\n                                    data-venue=\"Letnia Scena Progresji\">\n                                    <div class=\"tickets-slider__sliderCard\">\n                                        \n<div class=\"card-ticket\">\n        <div class=\"card-ticket__image\">\n        <a href=\"https:\/\/www.ebilet.pl\/muzyka\/pop\/tokio-hotel\">\n            <img decoding=\"async\" src=\"https:\/\/www.ebilet.pl\/media\/cms\/media\/i02j3uly\/tokio-hotel-552.webp\" alt=\"Plakat wydarzenia\" \/>\n        <\/a>\n    <\/div>\n             \n    <div class=\"card-ticket__link\">\n        <a href=\"https:\/\/www.ebilet.pl\/muzyka\/pop\/tokio-hotel\" class=\"button button--theme-primary-yellow button--withIconLeft button--size-small\">\n            <span class=\"button__icon icon icon-ticket\"><\/span>\n            <p class=\"button__text typo-16 f-600\">Kup bilet<\/p>\n        <\/a>\n    <\/div>\n    <\/div>                                    <\/div>\n                                <\/div>\n                                                            <div class=\"tickets-slider__sliderItem swiper-slide\"\n                                    data-id=\"185007\"\n                                    data-name=\"Olsztyn Green Festival 2027\"\n                                    data-brand=\"Wyborcza Sp. z o.o.\"\n                                    data-category=\"muzyka\"\n                                    data-subcategory=\"festiwale\"\n                                    data-city=\"Olsztyn\"\n                                    data-venue=\"CRS Ukiel\">\n                                    <div class=\"tickets-slider__sliderCard\">\n                                        \n<div class=\"card-ticket\">\n        <div class=\"card-ticket__image\">\n        <a href=\"https:\/\/www.ebilet.pl\/muzyka\/festiwale\/olsztyn-green-festival\">\n            <img decoding=\"async\" src=\"https:\/\/www.ebilet.pl\/media\/cms\/media\/ivzhtv3z\/1080x1350_ogf_edycja_2027-18faf89b-3a6e-4aa9-b07b-593f24448a27.webp\" alt=\"Plakat wydarzenia\" \/>\n        <\/a>\n    <\/div>\n             \n    <div class=\"card-ticket__link\">\n        <a href=\"https:\/\/www.ebilet.pl\/muzyka\/festiwale\/olsztyn-green-festival\" class=\"button button--theme-primary-yellow button--withIconLeft button--size-small\">\n            <span class=\"button__icon icon icon-ticket\"><\/span>\n            <p class=\"button__text typo-16 f-600\">Kup bilet<\/p>\n        <\/a>\n    <\/div>\n    <\/div>                                    <\/div>\n                                <\/div>\n                                                            <div class=\"tickets-slider__sliderItem swiper-slide\"\n                                    data-id=\"92388\"\n                                    data-name=\"Fontaines D.C. EU TOUR 2026\"\n                                    data-brand=\"Alter Art\"\n                                    data-category=\"muzyka\"\n                                    data-subcategory=\"rock\"\n                                    data-city=\"\u0141\u00f3d\u017a\"\n                                    data-venue=\"Atlas Arena\">\n                                    <div class=\"tickets-slider__sliderCard\">\n                                        \n<div class=\"card-ticket\">\n        <div class=\"card-ticket__image\">\n        <a href=\"https:\/\/www.ebilet.pl\/muzyka\/rock\/fontaines-dc\">\n            <img decoding=\"async\" src=\"https:\/\/www.ebilet.pl\/media\/cms\/media\/ovge4bna\/fontaines_dc_portal_552x736.webp\" alt=\"Plakat wydarzenia\" \/>\n        <\/a>\n    <\/div>\n             \n    <div class=\"card-ticket__link\">\n        <a href=\"https:\/\/www.ebilet.pl\/muzyka\/rock\/fontaines-dc\" class=\"button button--theme-primary-yellow button--withIconLeft button--size-small\">\n            <span class=\"button__icon icon icon-ticket\"><\/span>\n            <p class=\"button__text typo-16 f-600\">Kup bilet<\/p>\n        <\/a>\n    <\/div>\n    <\/div>                                    <\/div>\n                                <\/div>\n                                                            <div class=\"tickets-slider__sliderItem swiper-slide\"\n                                    data-id=\"179820\"\n                                    data-name=\"XTB KSW 122\"\n                                    data-brand=\"Federacja KSW\"\n                                    data-category=\"sport\"\n                                    data-subcategory=\"sporty-walki\"\n                                    data-city=\"Rzesz\u00f3w\"\n                                    data-venue=\"Regionalne Centrum Sportowo-Widowiskowe Podpromie\">\n                                    <div class=\"tickets-slider__sliderCard\">\n                                        \n<div class=\"card-ticket\">\n        <div class=\"card-ticket__image\">\n        <a href=\"https:\/\/www.ebilet.pl\/sport\/sporty-walki\/ksw-gala\">\n            <img decoding=\"async\" src=\"https:\/\/www.ebilet.pl\/media\/cms\/media\/cz4hwoy5\/ksw122_552x736-kopia-2bfd4e82-ebbc-475a-901b-7cd82d226339.webp\" alt=\"Plakat wydarzenia\" \/>\n        <\/a>\n    <\/div>\n             \n    <div class=\"card-ticket__link\">\n        <a href=\"https:\/\/www.ebilet.pl\/sport\/sporty-walki\/ksw-gala\" class=\"button button--theme-primary-yellow button--withIconLeft button--size-small\">\n            <span class=\"button__icon icon icon-ticket\"><\/span>\n            <p class=\"button__text typo-16 f-600\">Kup bilet<\/p>\n        <\/a>\n    <\/div>\n    <\/div>                                    <\/div>\n                                <\/div>\n                                                            <div class=\"tickets-slider__sliderItem swiper-slide\"\n                                    data-id=\"169186\"\n                                    data-name=\"Up To Date Festival 2027\"\n                                    data-brand=\"STOWARZYSZENIE POGOTOWIE KULTURALNO-SPO\u0141ECZNE\"\n                                    data-category=\"muzyka\"\n                                    data-subcategory=\"festiwale\"\n                                    data-city=\"Bia\u0142ystok\"\n                                    data-venue=\"Bia\u0142ystok\">\n                                    <div class=\"tickets-slider__sliderCard\">\n                                        \n<div class=\"card-ticket\">\n        <div class=\"card-ticket__image\">\n        <a href=\"https:\/\/www.ebilet.pl\/muzyka\/festiwale\/up-to-date-festival\">\n            <img decoding=\"async\" src=\"https:\/\/www.ebilet.pl\/media\/cms\/media\/jfdlnoqn\/ebilet-552x736-portal-wersja-2-c38ddeaf-bf05-4f54-9e4d-377e6b572335.webp\" alt=\"Plakat wydarzenia\" \/>\n        <\/a>\n    <\/div>\n             \n    <div class=\"card-ticket__link\">\n        <a href=\"https:\/\/www.ebilet.pl\/muzyka\/festiwale\/up-to-date-festival\" class=\"button button--theme-primary-yellow button--withIconLeft button--size-small\">\n            <span class=\"button__icon icon icon-ticket\"><\/span>\n            <p class=\"button__text typo-16 f-600\">Kup bilet<\/p>\n        <\/a>\n    <\/div>\n    <\/div>                                    <\/div>\n                                <\/div>\n                                                            <div class=\"tickets-slider__sliderItem swiper-slide\"\n                                    data-id=\"187523\"\n                                    data-name=\"Otsochodzi - RIOTT\"\n                                    data-brand=\"Revolume Sp. z o.o.\"\n                                    data-category=\"muzyka\"\n                                    data-subcategory=\"hip-hop-rap\"\n                                    data-city=\"Gda\u0144sk, Krak\u00f3w, Pozna\u0144 i inne\"\n                                    data-venue=\"Hala COS Torwar \">\n                                    <div class=\"tickets-slider__sliderCard\">\n                                        \n<div class=\"card-ticket\">\n        <div class=\"card-ticket__image\">\n        <a href=\"https:\/\/www.ebilet.pl\/muzyka\/hip-hop-rap\/otsochodzi\">\n            <img decoding=\"async\" src=\"https:\/\/www.ebilet.pl\/media\/cms\/media\/ucuizr2w\/tt-552-x-736-kopia.webp\" alt=\"Plakat wydarzenia\" \/>\n        <\/a>\n    <\/div>\n             \n    <div class=\"card-ticket__link\">\n        <a href=\"https:\/\/www.ebilet.pl\/muzyka\/hip-hop-rap\/otsochodzi\" class=\"button button--theme-primary-yellow button--withIconLeft button--size-small\">\n            <span class=\"button__icon icon icon-ticket\"><\/span>\n            <p class=\"button__text typo-16 f-600\">Kup bilet<\/p>\n        <\/a>\n    <\/div>\n    <\/div>                                    <\/div>\n                                <\/div>\n                                                            <div class=\"tickets-slider__sliderItem swiper-slide\"\n                                    data-id=\"214154\"\n                                    data-name=\"Russell Crowe\u2019s Indoor Garden Party\"\n                                    data-brand=\"BACKSTAGE PRODUCTIONS ANNA ZAR\u0118BSKA\"\n                                    data-category=\"muzyka\"\n                                    data-subcategory=\"rock\"\n                                    data-city=\"\u0106miel\u00f3w\"\n                                    data-venue=\"Zamek \u0106miel\u00f3w\">\n                                    <div class=\"tickets-slider__sliderCard\">\n                                        \n<div class=\"card-ticket\">\n        <div class=\"card-ticket__image\">\n        <a href=\"https:\/\/www.ebilet.pl\/muzyka\/rock\/russell-crowe\">\n            <img decoding=\"async\" src=\"https:\/\/www.ebilet.pl\/media\/cms\/media\/dajolyng\/rusel_pion-738c048c-2504-4de3-a226-d83518cf8463.webp\" alt=\"Plakat wydarzenia\" \/>\n        <\/a>\n    <\/div>\n             \n    <div class=\"card-ticket__link\">\n        <a href=\"https:\/\/www.ebilet.pl\/muzyka\/rock\/russell-crowe\" class=\"button button--theme-primary-yellow button--withIconLeft button--size-small\">\n            <span class=\"button__icon icon icon-ticket\"><\/span>\n            <p class=\"button__text typo-16 f-600\">Kup bilet<\/p>\n        <\/a>\n    <\/div>\n    <\/div>                                    <\/div>\n                                <\/div>\n                                                    <\/div>\n                    <\/div>\n                <\/div>\n            <\/div>\n        <\/div>\n    <\/div>\n<\/section>\n\n\n<section class=\"text-block  section-margin-32\" >\n    <div class=\"container\">\n        <div class=\"row\">\n            <div class=\"col-24\">\n                <div class=\"text-block__content\"><h3><span style=\"font-weight: 400;\">W jakich kategoriach przyznawane s\u0105 nominacje?<\/span><\/h3>\n<p><b>Nominacje przyznawane s\u0105 w takich kategoriach, jak:<\/b><\/p>\n<ul>\n<li style=\"font-weight: 400;\" aria-level=\"1\"><span style=\"font-weight: 400;\">solo artists (arty\u015bci solowi),<\/span><\/li>\n<li style=\"font-weight: 400;\" aria-level=\"1\"><span style=\"font-weight: 400;\">singing groups (grupy wokalne),<\/span><\/li>\n<li style=\"font-weight: 400;\" aria-level=\"1\"><span style=\"font-weight: 400;\">bands (zespo\u0142y),<\/span><\/li>\n<li style=\"font-weight: 400;\" aria-level=\"1\"><span style=\"font-weight: 400;\">musicians (muzycy),<\/span><\/li>\n<li style=\"font-weight: 400;\" aria-level=\"1\"><span style=\"font-weight: 400;\">songwriters\/producers\/managers\/arrangers (tw\u00f3rcy tekst\u00f3w piosenek\/producenci\/managerowie\/aran\u017cerzy),<\/span><\/li>\n<li style=\"font-weight: 400;\" aria-level=\"1\"><span style=\"font-weight: 400;\">DeeJays (DJ-e),<\/span><\/li>\n<li style=\"font-weight: 400;\" aria-level=\"1\"><span style=\"font-weight: 400;\">media,<\/span><\/li>\n<li style=\"font-weight: 400;\" aria-level=\"1\"><span style=\"font-weight: 400;\">founders\/CEO\/presidents (za\u0142o\u017cyciele\/dyrektorzy),<\/span><\/li>\n<li style=\"font-weight: 400;\" aria-level=\"1\"><span style=\"font-weight: 400;\">radio stations\/clubs\/theaters (stacje radiowe\/kluby\/teatry),<\/span><\/li>\n<li style=\"font-weight: 400;\" aria-level=\"1\"><span style=\"font-weight: 400;\">record label\/record company (wytw\u00f3rnie p\u0142ytowe).<\/span><\/li>\n<\/ul>\n<p><b>Ponadto przyznawane s\u0105 dodatkowe nagrody:<\/b><\/p>\n<ul>\n<li style=\"font-weight: 400;\" aria-level=\"1\"><span style=\"font-weight: 400;\">The LaMont D. Robinson Community Award,<\/span><\/li>\n<li style=\"font-weight: 400;\" aria-level=\"1\"><span style=\"font-weight: 400;\">The Aretha Franklin Lifetime Achievement Award,\u00a0<\/span><\/li>\n<li style=\"font-weight: 400;\" aria-level=\"1\"><span style=\"font-weight: 400;\">The Rhythm &amp; Blues Hall of Fame Living Legend Award,<\/span><\/li>\n<li style=\"font-weight: 400;\" aria-level=\"1\"><span style=\"font-weight: 400;\">The Mary Wilson Icon Award.<\/span><\/li>\n<\/ul>\n<h3><span style=\"font-weight: 400;\">Kiedy og\u0142aszane s\u0105 nominacje do National Rhythm &amp; Blues Hall of Fame?<\/span><\/h3>\n<p><b>Ca\u0142y proces odbywa si\u0119 wed\u0142ug sta\u0142ego harmonogramu:<\/b><\/p>\n<ul>\n<li style=\"font-weight: 400;\" aria-level=\"1\"><span style=\"font-weight: 400;\">listopad \u2013 og\u0142oszenie nominowanych,<\/span><\/li>\n<li style=\"font-weight: 400;\" aria-level=\"1\"><span style=\"font-weight: 400;\">luty \u2013 og\u0142oszenie finalist\u00f3w,<\/span><\/li>\n<li style=\"font-weight: 400;\" aria-level=\"1\"><span style=\"font-weight: 400;\">pa\u017adziernik \u2013 uroczysta ceremonia wprowadzenia do Hall of Fame (cho\u0107 tutaj miesi\u0105ce si\u0119 zmienia\u0142y, ale prawie zawsze ceremonie odbywa\u0142y si\u0119 w drugiej po\u0142owie roku).<\/span><\/li>\n<\/ul>\n<p><span style=\"font-weight: 400;\">Warto \u015bledzi\u0107 te daty, je\u015bli chcesz by\u0107 na bie\u017c\u0105co z tym, kto trafia do grona legend R&amp;B.<\/span><\/p>\n<h2><span style=\"font-weight: 400;\">Kto zosta\u0142 wprowadzony do National R\u2019n\u2019B Hall of Fame?\u00a0<\/span><\/h2>\n<p><b>Na li\u015bcie os\u00f3b\/zespo\u0142\u00f3w wprowadzonych do National Rhythm and Blues Hall of Fame s\u0105:<\/b><\/p>\n<p><b>2013:\u00a0<\/b><\/p>\n<ul>\n<li style=\"font-weight: 400;\" aria-level=\"1\"><b>arty\u015bci: <\/b><span style=\"font-weight: 400;\">James Brown, Sam Cooke, Jerry Bell, Gerald Levert, Little Jimmy Scott, Otis Redding, David Ruffin, Edwin Starr, Kim Weston, Jackie Wilson,<\/span><\/li>\n<li style=\"font-weight: 400;\" aria-level=\"1\"><b>tw\u00f3rcy tekst\u00f3w piosenek: <\/b><span style=\"font-weight: 400;\">Barret Strong,\u00a0<\/span><\/li>\n<li style=\"font-weight: 400;\" aria-level=\"1\"><b>publikacje: <\/b><span style=\"font-weight: 400;\">Call and Post,<\/span><\/li>\n<li style=\"font-weight: 400;\" aria-level=\"1\"><b>zespo\u0142y: <\/b><span style=\"font-weight: 400;\">The Chi-Lites, The Clovers, Dazz Band, The Dramatics, The Dynamic Superiors, Enchantment, The Four Tops, The Hesitations, The Marvelettes, The Ohio Players, The O\u2019Jays, Ruby &amp; The Romantics, Sly, Slick &amp; Wicked, Sounds of Unity and Love (S.O.U.L.), The Supremes, The Temptations, Martha and the Vandellas,\u00a0<\/span><\/li>\n<li style=\"font-weight: 400;\" aria-level=\"1\"><b>dziennikarze:<\/b><span style=\"font-weight: 400;\"> Larry Cotton, Tim Marshall (tak\u017ce edukator),\u00a0<\/span><\/li>\n<li style=\"font-weight: 400;\" aria-level=\"1\"><b>gospodarze radiowi: <\/b><span style=\"font-weight: 400;\">Tom Joyner,\u00a0<\/span><\/li>\n<li style=\"font-weight: 400;\" aria-level=\"1\"><b>programy telewizyjne: <\/b><span style=\"font-weight: 400;\">Upbeat,\u00a0<\/span><\/li>\n<li style=\"font-weight: 400;\" aria-level=\"1\"><b>miejsca: <\/b><span style=\"font-weight: 400;\">Leo\u2019s Casino (Cleveland, Ohio),<\/span><\/li>\n<\/ul>\n<p><b>2014:\u00a0<\/b><\/p>\n<ul>\n<li style=\"font-weight: 400;\" aria-level=\"1\"><b>zespo\u0142y: <\/b><span style=\"font-weight: 400;\">The Andantes, The Delfonics, The Fantastic Four, Sweet Inspirations, The Whispers,\u00a0<\/span><\/li>\n<li style=\"font-weight: 400;\" aria-level=\"1\"><b>arty\u015bci: <\/b><span style=\"font-weight: 400;\">Gene Chandler, Chubby Checker, Marvin Gaye, Macy Gray, Whitney Houston, Michael Jackson, B.B. King, Millie Jackson,<\/span><\/li>\n<li style=\"font-weight: 400;\" aria-level=\"1\"><b>muzycy:<\/b><span style=\"font-weight: 400;\"> The Funk Brothers,\u00a0<\/span><\/li>\n<li style=\"font-weight: 400;\" aria-level=\"1\"><b>osoby zwi\u0105zane z muzyk\u0105: <\/b><span style=\"font-weight: 400;\">Joe Jackson (promotor, manager),\u00a0<\/span><\/li>\n<li style=\"font-weight: 400;\" aria-level=\"1\"><b>gospodarze radiowi:<\/b><span style=\"font-weight: 400;\"> Norm N. Nite (tak\u017ce autor),\u00a0<\/span><\/li>\n<\/ul>\n<p><b>2015:<\/b><\/p>\n<ul>\n<li style=\"font-weight: 400;\" aria-level=\"1\"><b>tw\u00f3rcy tekst\u00f3w piosenek:<\/b><span style=\"font-weight: 400;\"> Al Bell, Janie Bradford, Sam Cooke,\u00a0<\/span><\/li>\n<li style=\"font-weight: 400;\" aria-level=\"1\"><b>zespo\u0142y: <\/b><span style=\"font-weight: 400;\">The Bar-Kays, The Mad Lads, Hank Ballard &amp; The Midnighters, The Contours, Detroit Emeralds, The Fabulous Peps, The Miracles, Shades of Blue, The Spinners, Temptations Review Featuring Dennis Edwards, The Undisputed Truth,<\/span><\/li>\n<li style=\"font-weight: 400;\" aria-level=\"1\"><b>gospodarze radiowi: <\/b><span style=\"font-weight: 400;\">Jazzi Anderson, Jay Butler, Donnie Simpson, RJ Watkins,<\/span><\/li>\n<li style=\"font-weight: 400;\" aria-level=\"1\"><b>stacje radiowe: <\/b><span style=\"font-weight: 400;\">WDIA,<\/span><\/li>\n<li style=\"font-weight: 400;\" aria-level=\"1\"><b>arty\u015bci: <\/b><span style=\"font-weight: 400;\">Millie Jackson, Denise LaSalle, Little Richard, Dorothy Moore, Little Junior Parker, Elvis Presley, Bobby Rush, Ike Turner, Muddy Waters, JJ Barnes, Ortheia Barnes-Kennerly, Jerry Butler, Ray Charles, Tony Clarke, L.C. Cooke, Melvin Davis, Aretha Franklin, Chuck Jackson, Laura Lee, Pat Lewis, Johnnie Mae Matthews, Melba Moore, Martha Reeves, Jimmy Ruffin, Johnnie Taylor, Gino Washington,<\/span><\/li>\n<li style=\"font-weight: 400;\" aria-level=\"1\"><b>wytw\u00f3rnie p\u0142ytowe: <\/b><span style=\"font-weight: 400;\">Stax Records,<\/span><\/li>\n<li style=\"font-weight: 400;\" aria-level=\"1\"><b>miejsca:<\/b><span style=\"font-weight: 400;\"> The 20 Grand (klub nocny, miejsce koncertowe),\u00a0<\/span><\/li>\n<\/ul>\n<p><b>2016:<\/b><\/p>\n<ul>\n<li style=\"font-weight: 400;\" aria-level=\"1\"><b>osoby zwi\u0105zane z muzyk\u0105: <\/b><span style=\"font-weight: 400;\">Al Abrams (Public Relations), Robert Bateman (producent), Cathy Hughes (potentat), Miller London (potentat), Mickey Stevenson (A&amp;R Director),\u00a0<\/span><\/li>\n<li style=\"font-weight: 400;\" aria-level=\"1\"><b>arty\u015bci: <\/b><span style=\"font-weight: 400;\">Bootsy Collins, Fats Domino, Eddie Floyd, Jimi Hendrix, Eddie Holman, Berry LaVette, Wilson Pickett, Prince, Sir Mack Rice, Smokey Robinson, Sugar Chile Robinson, Rena Scott, Dionne Warwick,\u00a0<\/span><\/li>\n<li style=\"font-weight: 400;\" aria-level=\"1\"><b>zespo\u0142y: <\/b><span style=\"font-weight: 400;\">The Falcons, International Sweethearts of Rhythm, The Royal Jokers, The Velvelettes,\u00a0<\/span><\/li>\n<li style=\"font-weight: 400;\" aria-level=\"1\"><b>tw\u00f3rcy tekst\u00f3w piosenek: <\/b><span style=\"font-weight: 400;\">Little Willie John,\u00a0<\/span><\/li>\n<li style=\"font-weight: 400;\" aria-level=\"1\"><b>gospodarze radiowi:<\/b><span style=\"font-weight: 400;\"> Herb Kent (legenda radiowa),\u00a0<\/span><\/li>\n<\/ul>\n<p><b>2017:\u00a0<\/b><\/p>\n<ul>\n<li style=\"font-weight: 400;\" aria-level=\"1\"><b>arty\u015bci: <\/b><span style=\"font-weight: 400;\">Barbara Acklin, Carl Carlton, Carolyn Crawford, Freda Payne, Mitch Ryder, May Wells, Louis Armstrong, Ruth Brown, Sammy Davis Jr., Bo Diddley, Bill Haley, Billie Holiday, Robert Johnson, Louis Jordan, Johnny Otis, Della Reese,<\/span><\/li>\n<li style=\"font-weight: 400;\" aria-level=\"1\"><b>zespo\u0142y: <\/b><span style=\"font-weight: 400;\">Isaac Hayes &amp; Hot Buttered Soul, The Impressions, Jeff &amp; The Atlantics, Gladys Knight &amp; The Pips, Skip Mahoney &amp; The Casuals, The Manhattans, The Valadiers,\u00a0<\/span><\/li>\n<li style=\"font-weight: 400;\" aria-level=\"1\"><b>muzycy:<\/b><span style=\"font-weight: 400;\"> Dennis Coffey (muzyk studyjny), Michael J. Powell (tak\u017ce producent),<\/span><\/li>\n<li style=\"font-weight: 400;\" aria-level=\"1\"><b>miejsca: <\/b><span style=\"font-weight: 400;\">Bert\u2019s Warehouse (kompleks rozrywkowy),<\/span><\/li>\n<li style=\"font-weight: 400;\" aria-level=\"1\"><b>osoby zwi\u0105zane z muzyk\u0105: <\/b><span style=\"font-weight: 400;\">Wade Briggs (Butterball Jr., osobowo\u015b\u0107 radiowa), Bert Dearing (w\u0142a\u015bciciel Nite Club), Charles Evers (aktywista, polityk), Foody (osobowo\u015b\u0107 radiowa), Fred Goree (osobowo\u015b\u0107 radiowa), Al Benson (aktywista, promotor, gospodarz radiowy), Ahmet Ertegun (za\u0142o\u017cyciel wytw\u00f3rni p\u0142ytowej), Jerry Wexler (w\u0142a\u015bciciel wytw\u00f3rni p\u0142ytowej),<\/span><\/li>\n<li style=\"font-weight: 400;\" aria-level=\"1\"><b>tw\u00f3rcy tekst\u00f3w piosenek:<\/b><span style=\"font-weight: 400;\"> Sylvia Moy (tak\u017ce producentka),\u00a0<\/span><\/li>\n<li style=\"font-weight: 400;\" aria-level=\"1\"><b>gospodarze radiowi:<\/b><span style=\"font-weight: 400;\"> Ernie Durham, Alan Freed, Martha Jean \u201cThe Queen\u201d Steinberg, Nat D. Williams,\u00a0<\/span><\/li>\n<\/ul>\n<p><b>2018:\u00a0<\/b><\/p>\n<ul>\n<li style=\"font-weight: 400;\" aria-level=\"1\"><b>muzycy: <\/b><span style=\"font-weight: 400;\">Marcus Belgrave,\u00a0<\/span><\/li>\n<li style=\"font-weight: 400;\" aria-level=\"1\"><b>osoby zwi\u0105zane z muzyk\u0105:<\/b><span style=\"font-weight: 400;\"> Ken Bell (osobowo\u015b\u0107 radiowa), Clay McMurray (producent, in\u017cynier), Henry Washington (promotor),\u00a0<\/span><\/li>\n<li style=\"font-weight: 400;\" aria-level=\"1\"><b>wytw\u00f3rnie p\u0142ytowe: <\/b><span style=\"font-weight: 400;\">Motown Records,\u00a0<\/span><\/li>\n<li style=\"font-weight: 400;\" aria-level=\"1\"><b>zespo\u0142y: <\/b><span style=\"font-weight: 400;\">The Drifters, The Elgins, Little Anthony &amp; The Imperials, Peaches &amp; Herb, Sam &amp; Dave,\u00a0<\/span><\/li>\n<li style=\"font-weight: 400;\" aria-level=\"1\"><b>arty\u015bci:<\/b><span style=\"font-weight: 400;\"> Brenda Holloway, Richard \u201cPopcorn\u201d Wylie,\u00a0<\/span><\/li>\n<li style=\"font-weight: 400;\" aria-level=\"1\"><b>tw\u00f3rcy tekst\u00f3w piosenek:<\/b><span style=\"font-weight: 400;\"> Ivy Jo Hunter (tak\u017ce producent),\u00a0<\/span><\/li>\n<\/ul>\n<p><b>2019:<\/b><\/p>\n<ul>\n<li style=\"font-weight: 400;\" aria-level=\"1\"><b>zespo\u0142y: <\/b><span style=\"font-weight: 400;\">Band of Gypsys, Guy, H-Town, Mary Jane Girls, The Righteous Brothers, The Rude Boys, The Tymes, Otis Williams and the Charms,\u00a0<\/span><\/li>\n<li style=\"font-weight: 400;\" aria-level=\"1\"><b>arty\u015bci: <\/b><span style=\"font-weight: 400;\">Eddie Kendricks, Lady Champagne, Stephanie Mills, Ray Parker Jr., Phil Perry, Lloyd Price, Keith Washington, Stevie Wonder,<\/span><\/li>\n<li style=\"font-weight: 400;\" aria-level=\"1\"><b>osoby zwi\u0105zane z muzyk\u0105:<\/b><span style=\"font-weight: 400;\"> Robert \u201cBumps\u201d Blackwell (producent), Don Davis (producent), David Washington (osobowo\u015b\u0107 radiowa),\u00a0<\/span><\/li>\n<li style=\"font-weight: 400;\" aria-level=\"1\"><b>tw\u00f3rcy tekst\u00f3w piosenek: <\/b><span style=\"font-weight: 400;\">Henry Cosby (tak\u017ce producent), Aretha Franklin, Jimmy Roach (tak\u017ce producent),\u00a0<\/span><\/li>\n<\/ul>\n<p><b>2020:<\/b><\/p>\n<ul>\n<li style=\"font-weight: 400;\" aria-level=\"1\"><b>arty\u015bci: <\/b><span style=\"font-weight: 400;\">LaVern Baker, Thomas \u201cBeans\u201d Bowles, Nat King Cole, Cab Calloway, Billy Eckstine, Ella Fitzgerald, Harvey Fuqua, Mahalia Jackson, Etta James, Sister Rosetta Tharpe,<\/span><\/li>\n<li style=\"font-weight: 400;\" aria-level=\"1\"><b>muzycy:<\/b><span style=\"font-weight: 400;\"> Big Jay McNeely, Lee Morgan, Charlie Parker,\u00a0<\/span><\/li>\n<li style=\"font-weight: 400;\" aria-level=\"1\"><b>zespo\u0142y: <\/b><span style=\"font-weight: 400;\">The Famous Flames,\u00a0<\/span><\/li>\n<li style=\"font-weight: 400;\" aria-level=\"1\"><b>osoby zwi\u0105zane z muzyk\u0105:<\/b><span style=\"font-weight: 400;\"> Jack \u201cThe Rapper\u201d Gibson (osobowo\u015b\u0107 radiowa), Hal Jackson (osobowo\u015b\u0107 radiowa), Ed Sullivan (gospodarz program\u00f3w rewiowych),\u00a0<\/span><\/li>\n<li style=\"font-weight: 400;\" aria-level=\"1\"><b>miejsca:<\/b><span style=\"font-weight: 400;\"> Royal Theatre,\u00a0<\/span><\/li>\n<\/ul>\n<\/div>\n            <\/div>\n        <\/div>\n    <\/div>\n<\/section>\n\n\n    <section class=\"events-carousel-block  section-margin-32\"\n        data-events-carousel\n        data-settings='{\"per_view\":5}'\n        data-item-list-name=\"Karuzela niska Polecamy na eBilet\"\n        data-item-list-id=\"karuzela_niska Polecamy na eBilet\"\n        >\n        <div class=\"container\">\n                            <div class=\"row\">\n                    <div class=\"col-24\">\n                        <div class=\"events-carousel-block__title\">\n                            <h2 class=\"typo-h2\">Polecamy na eBilet<\/h2>\n                        <\/div>\n                    <\/div>\n                <\/div>\n                        <div class=\"row\">\n                <div class=\"col-24\">\n                    <div class=\"events-carousel-block__events\">\n                        <div class=\"events-carousel-block__nav events-carousel-block__nav--prev\">\n                            <div class=\"button button--withIcon button--theme-white-blur button--size-fixed-48\" data-events-carousel-prev>\n                                <span class=\"button__icon icon icon-chevron-left\"><\/span>\n                            <\/div>\n                        <\/div>\n                        <div class=\"events-carousel-block__nav events-carousel-block__nav--next\">\n                            <div class=\"button button--withIcon button--theme-white-blur button--size-fixed-48\" data-events-carousel-next>\n                                <span class=\"button__icon icon icon-chevron-right\"><\/span>\n                            <\/div>\n                        <\/div>\n                        <div class=\"events-carousel-block__slider swiper\" data-events-carousel-slider>\n                            <div class=\"events-carousel-block__sliderWrapper swiper-wrapper\">\n                                                                    <div class=\"events-carousel-block__sliderItem swiper-slide\"\n                                        data-id=\"63172\"\n                                        data-name=\"Voucher kinowy Helios\"\n                                        data-brand=\"Helios Media Sp. z o.o.\"\n                                        data-category=\"kino\"\n                                        data-subcategory=\"pozostale\"\n                                        data-city=\"Warszawa\"\n                                        data-venue=\"\">\n                                        \n<div class=\"card-event  card-event--size-small\">\n        <a href=\"https:\/\/www.ebilet.pl\/kino\/pozostale\/voucher-kinowy-helios\" target=\"_blank\" class=\"card-event__link\" rel=\"nofollow noopener\"><\/a>\n        <div class=\"card-event__wrapper\">\n        <div class=\"card-event__image\">\n            <img decoding=\"async\" src=\"https:\/\/www.ebilet.pl\/media\/cms\/media\/hfhlz0pe\/pozizom-d37c6cb2-c34e-4f8f-8b40-c73a5a052a83.webp\" alt=\"\">\n        <\/div>\n        <div class=\"card-event__data\">\n            <div class=\"card-event__name\">\n                <p>Voucher kinowy Helios<\/p>\n            <\/div>\n            <div class=\"card-event__date\"><\/div>\n            <div class=\"card-event__location\">Warszawa<\/div>\n        <\/div>\n    <\/div>\n<\/div>                                    <\/div>\n                                                                    <div class=\"events-carousel-block__sliderItem swiper-slide\"\n                                        data-id=\"152494\"\n                                        data-name=\"Che\u0142mo\u0144ski. D\u017awi\u0119kiem malowane\"\n                                        data-brand=\"FUNDACJA KONCEPT KULTURA\"\n                                        data-category=\"widowiska\"\n                                        data-subcategory=\"inne\"\n                                        data-city=\"Kielce, Sosnowiec\"\n                                        data-venue=\"Kieleckie Centrum Kultury\">\n                                        \n<div class=\"card-event  card-event--size-small\">\n        <a href=\"https:\/\/www.ebilet.pl\/widowiska\/inne\/chelmonski\" target=\"_blank\" class=\"card-event__link\" rel=\"nofollow noopener\"><\/a>\n        <div class=\"card-event__wrapper\">\n        <div class=\"card-event__image\">\n            <img decoding=\"async\" src=\"https:\/\/www.ebilet.pl\/media\/cms\/media\/spqlldrz\/656-x-369-px-ver-2-71dd7728-325d-4e4b-8ebd-1fe67cc5d587.webp\" alt=\"\">\n        <\/div>\n        <div class=\"card-event__data\">\n            <div class=\"card-event__name\">\n                <p>Che\u0142mo\u0144ski. D\u017awi\u0119kiem malowane<\/p>\n            <\/div>\n            <div class=\"card-event__date\"><\/div>\n            <div class=\"card-event__location\">Kielce, Sosnowiec<\/div>\n        <\/div>\n    <\/div>\n<\/div>                                    <\/div>\n                                                                    <div class=\"events-carousel-block__sliderItem swiper-slide\"\n                                        data-id=\"161461\"\n                                        data-name=\"Boeing Boeing - Teatr Capitol\"\n                                        data-brand=\"Teatr Capitol\"\n                                        data-category=\"teatr\"\n                                        data-subcategory=\"komedia\"\n                                        data-city=\"Gda\u0144sk, Warszawa\"\n                                        data-venue=\"Teatr Capitol w Warszawie\">\n                                        \n<div class=\"card-event  card-event--size-small\">\n        <a href=\"https:\/\/www.ebilet.pl\/teatr\/komedia\/boeing-boeing-teatr-capitol\" target=\"_blank\" class=\"card-event__link\" rel=\"nofollow noopener\"><\/a>\n        <div class=\"card-event__wrapper\">\n        <div class=\"card-event__image\">\n            <img decoding=\"async\" src=\"https:\/\/www.ebilet.pl\/media\/cms\/media\/4oebxceo\/656x359-popr-20-11.webp\" alt=\"\">\n        <\/div>\n        <div class=\"card-event__data\">\n            <div class=\"card-event__name\">\n                <p>Boeing Boeing &#8211; Teatr Capitol<\/p>\n            <\/div>\n            <div class=\"card-event__date\"><\/div>\n            <div class=\"card-event__location\">Gda\u0144sk, Warszawa<\/div>\n        <\/div>\n    <\/div>\n<\/div>                                    <\/div>\n                                                                    <div class=\"events-carousel-block__sliderItem swiper-slide\"\n                                        data-id=\"10672\"\n                                        data-name=\"Red Bull Drift Masters, Grand Finale 2026, Poland\"\n                                        data-brand=\"Drift Masters Grand Prix Sp. z o.o.\"\n                                        data-category=\"sport\"\n                                        data-subcategory=\"sporty-motorowe\"\n                                        data-city=\"Warszawa\"\n                                        data-venue=\"PGE Narodowy im. Kazimierza G\u00f3rskiego\">\n                                        \n<div class=\"card-event  card-event--size-small\">\n        <a href=\"https:\/\/www.ebilet.pl\/sport\/sporty-motorowe\/drift-masters\" target=\"_blank\" class=\"card-event__link\" rel=\"nofollow noopener\"><\/a>\n        <div class=\"card-event__wrapper\">\n        <div class=\"card-event__image\">\n            <img decoding=\"async\" src=\"https:\/\/www.ebilet.pl\/media\/cms\/media\/10ijqlni\/656x369pl-4af36ea5-1769-4cd8-915e-6215e771f59d.webp\" alt=\"\">\n        <\/div>\n        <div class=\"card-event__data\">\n            <div class=\"card-event__name\">\n                <p>Red Bull Drift Masters, Grand Finale 2026, Poland<\/p>\n            <\/div>\n            <div class=\"card-event__date\"><\/div>\n            <div class=\"card-event__location\">Warszawa<\/div>\n        <\/div>\n    <\/div>\n<\/div>                                    <\/div>\n                                                                    <div class=\"events-carousel-block__sliderItem swiper-slide\"\n                                        data-id=\"16543\"\n                                        data-name=\"Rozta\u0144czony PGE Narodowy 2026\"\n                                        data-brand=\"KRYSIAK POLSKA CORPORATION Sp. z o.o.\"\n                                        data-category=\"muzyka\"\n                                        data-subcategory=\"festiwale\"\n                                        data-city=\"Warszawa\"\n                                        data-venue=\"PGE Narodowy im. Kazimierza G\u00f3rskiego\">\n                                        \n<div class=\"card-event  card-event--size-small\">\n        <a href=\"https:\/\/www.ebilet.pl\/muzyka\/festiwale\/roztanczony-narodowy\" target=\"_blank\" class=\"card-event__link\" rel=\"nofollow noopener\"><\/a>\n        <div class=\"card-event__wrapper\">\n        <div class=\"card-event__image\">\n            <img decoding=\"async\" src=\"https:\/\/www.ebilet.pl\/media\/cms\/media\/ih4mtfpw\/newletter_basic.webp\" alt=\"\">\n        <\/div>\n        <div class=\"card-event__data\">\n            <div class=\"card-event__name\">\n                <p>Rozta\u0144czony PGE Narodowy 2026<\/p>\n            <\/div>\n            <div class=\"card-event__date\"><\/div>\n            <div class=\"card-event__location\">Warszawa<\/div>\n        <\/div>\n    <\/div>\n<\/div>                                    <\/div>\n                                                                    <div class=\"events-carousel-block__sliderItem swiper-slide\"\n                                        data-id=\"129853\"\n                                        data-name=\"Beksi\u0144ski.Live\"\n                                        data-brand=\"L2L Sp z o.o.\"\n                                        data-category=\"widowiska\"\n                                        data-subcategory=\"inne\"\n                                        data-city=\"Warszawa, Wroc\u0142aw\"\n                                        data-venue=\"Hala COS Torwar \">\n                                        \n<div class=\"card-event  card-event--size-small\">\n        <a href=\"https:\/\/www.ebilet.pl\/widowiska\/inne\/beksinski-live\" target=\"_blank\" class=\"card-event__link\" rel=\"nofollow noopener\"><\/a>\n        <div class=\"card-event__wrapper\">\n        <div class=\"card-event__image\">\n            <img decoding=\"async\" src=\"https:\/\/www.ebilet.pl\/media\/cms\/media\/y2nprogb\/656x369-2026-04-27t161826313.webp\" alt=\"\">\n        <\/div>\n        <div class=\"card-event__data\">\n            <div class=\"card-event__name\">\n                <p>Beksi\u0144ski.Live<\/p>\n            <\/div>\n            <div class=\"card-event__date\"><\/div>\n            <div class=\"card-event__location\">Warszawa, Wroc\u0142aw<\/div>\n        <\/div>\n    <\/div>\n<\/div>                                    <\/div>\n                                                                    <div class=\"events-carousel-block__sliderItem swiper-slide\"\n                                        data-id=\"144549\"\n                                        data-name=\"Zwiedzanie ZOO Warszawa\"\n                                        data-brand=\"Miasto Sto\u0142eczne Warszawa\"\n                                        data-category=\"zwiedzanie\"\n                                        data-subcategory=\"zoo\"\n                                        data-city=\"Warszawa\"\n                                        data-venue=\"\">\n                                        \n<div class=\"card-event  card-event--size-small\">\n        <a href=\"https:\/\/www.ebilet.pl\/zwiedzanie\/zoo\/zwiedzanie-zoo-warszawa\" target=\"_blank\" class=\"card-event__link\" rel=\"nofollow noopener\"><\/a>\n        <div class=\"card-event__wrapper\">\n        <div class=\"card-event__image\">\n            <img decoding=\"async\" src=\"https:\/\/www.ebilet.pl\/media\/cms\/media\/vxxcxvae\/04_bilet-domowy_656x369-05e8639e-58dc-445e-95ca-14f25e17b4f3.webp\" alt=\"\">\n        <\/div>\n        <div class=\"card-event__data\">\n            <div class=\"card-event__name\">\n                <p>Zwiedzanie ZOO Warszawa<\/p>\n            <\/div>\n            <div class=\"card-event__date\"><\/div>\n            <div class=\"card-event__location\">Warszawa<\/div>\n        <\/div>\n    <\/div>\n<\/div>                                    <\/div>\n                                                                    <div class=\"events-carousel-block__sliderItem swiper-slide\"\n                                        data-id=\"125950\"\n                                        data-name=\"Zwiedzanie ZOO Wroc\u0142aw\"\n                                        data-brand=\"ZOO Wroc\u0142aw\"\n                                        data-category=\"zwiedzanie\"\n                                        data-subcategory=\"zoo\"\n                                        data-city=\"Wroc\u0142aw\"\n                                        data-venue=\"ZOO we Wroc\u0142awiu\">\n                                        \n<div class=\"card-event  card-event--size-small\">\n        <a href=\"https:\/\/www.ebilet.pl\/zwiedzanie\/zoo\/zwiedzanie-zoo-wroclaw\" target=\"_blank\" class=\"card-event__link\" rel=\"nofollow noopener\"><\/a>\n        <div class=\"card-event__wrapper\">\n        <div class=\"card-event__image\">\n            <img decoding=\"async\" src=\"https:\/\/www.ebilet.pl\/media\/cms\/media\/wpzfsqii\/01_zoo_ebilet_656x369px-8e081b48-ed80-10b3-4ede-a1fdb0e8bde2.webp\" alt=\"\">\n        <\/div>\n        <div class=\"card-event__data\">\n            <div class=\"card-event__name\">\n                <p>Zwiedzanie ZOO Wroc\u0142aw<\/p>\n            <\/div>\n            <div class=\"card-event__date\"><\/div>\n            <div class=\"card-event__location\">Wroc\u0142aw<\/div>\n        <\/div>\n    <\/div>\n<\/div>                                    <\/div>\n                                                                    <div class=\"events-carousel-block__sliderItem swiper-slide\"\n                                        data-id=\"49432\"\n                                        data-name=\"Wroc\u0142aw Hip Hop Festival 2026\"\n                                        data-brand=\"Stowarzyszenie Planeta M\u0142odych\"\n                                        data-category=\"muzyka\"\n                                        data-subcategory=\"festiwale\"\n                                        data-city=\"Wroc\u0142aw\"\n                                        data-venue=\"Hala Stulecia\">\n                                        \n<div class=\"card-event  card-event--size-small\">\n        <a href=\"https:\/\/www.ebilet.pl\/muzyka\/festiwale\/wroclaw-hip-hop-festival\" target=\"_blank\" class=\"card-event__link\" rel=\"nofollow noopener\"><\/a>\n        <div class=\"card-event__wrapper\">\n        <div class=\"card-event__image\">\n            <img decoding=\"async\" src=\"https:\/\/www.ebilet.pl\/media\/cms\/media\/ijjninf5\/ebilet-grafiki-whhf-656x369-70d9e835-99c3-4111-8a4e-a15ed2733522.webp\" alt=\"\">\n        <\/div>\n        <div class=\"card-event__data\">\n            <div class=\"card-event__name\">\n                <p>Wroc\u0142aw Hip Hop Festival 2026<\/p>\n            <\/div>\n            <div class=\"card-event__date\"><\/div>\n            <div class=\"card-event__location\">Wroc\u0142aw<\/div>\n        <\/div>\n    <\/div>\n<\/div>                                    <\/div>\n                                                                    <div class=\"events-carousel-block__sliderItem swiper-slide\"\n                                        data-id=\"7104\"\n                                        data-name=\"Open&#039;er Festival 2027\"\n                                        data-brand=\"Alter Art\"\n                                        data-category=\"muzyka\"\n                                        data-subcategory=\"festiwale\"\n                                        data-city=\"Gdynia\"\n                                        data-venue=\"Lotnisko Gdynia - Kosakowo\">\n                                        \n<div class=\"card-event  card-event--size-small\">\n        <a href=\"https:\/\/www.ebilet.pl\/muzyka\/festiwale\/opener-festival\" target=\"_blank\" class=\"card-event__link\" rel=\"nofollow noopener\"><\/a>\n        <div class=\"card-event__wrapper\">\n        <div class=\"card-event__image\">\n            <img decoding=\"async\" src=\"https:\/\/www.ebilet.pl\/media\/cms\/media\/yllhazkq\/opene_2027_tameimpala_656x369_ebilet.webp\" alt=\"\">\n        <\/div>\n        <div class=\"card-event__data\">\n            <div class=\"card-event__name\">\n                <p>Open&#8217;er Festival 2027<\/p>\n            <\/div>\n            <div class=\"card-event__date\"><\/div>\n            <div class=\"card-event__location\">Gdynia<\/div>\n        <\/div>\n    <\/div>\n<\/div>                                    <\/div>\n                                                                    <div class=\"events-carousel-block__sliderItem swiper-slide\"\n                                        data-id=\"149533\"\n                                        data-name=\"JIMEK | Orkiestra | Go\u015bcie \u2013 Historia Polskiego Hip-Hopu. Rozdzia\u0142 III Ostatni\"\n                                        data-brand=\"NOTE THE NOTE SP\u00d3\u0141KA Z OGRANICZON\u0104 ODPOWIEDZIALNO\u015aCI\u0104\"\n                                        data-category=\"muzyka\"\n                                        data-subcategory=\"hip-hop-rap\"\n                                        data-city=\"Warszawa\"\n                                        data-venue=\"Lotnisko Bemowo (Warszawa-Babice)\">\n                                        \n<div class=\"card-event  card-event--size-small\">\n        <a href=\"https:\/\/www.ebilet.pl\/muzyka\/hip-hop-rap\/jimek\" target=\"_blank\" class=\"card-event__link\" rel=\"nofollow noopener\"><\/a>\n        <div class=\"card-event__wrapper\">\n        <div class=\"card-event__image\">\n            <img decoding=\"async\" src=\"https:\/\/www.ebilet.pl\/media\/cms\/media\/br5g3adk\/656x369-jimek-94ea5658-790b-4b12-bd07-ac87b14dfccd.webp\" alt=\"\">\n        <\/div>\n        <div class=\"card-event__data\">\n            <div class=\"card-event__name\">\n                <p>JIMEK | Orkiestra | Go\u015bcie \u2013 Historia Polskiego Hip-Hopu. Rozdzia\u0142 III Ostatni<\/p>\n            <\/div>\n            <div class=\"card-event__date\"><\/div>\n            <div class=\"card-event__location\">Warszawa<\/div>\n        <\/div>\n    <\/div>\n<\/div>                                    <\/div>\n                                                                    <div class=\"events-carousel-block__sliderItem swiper-slide\"\n                                        data-id=\"12072\"\n                                        data-name=\"Driftingowe Mistrzostwa Polski 2026 \/\/ New Grounds\"\n                                        data-brand=\"Polska Federacja Driftingu Sp. z o.o.\"\n                                        data-category=\"sport\"\n                                        data-subcategory=\"sporty-motorowe\"\n                                        data-city=\"Prze\u017amierowo\"\n                                        data-venue=\"Tor Pozna\u0144\">\n                                        \n<div class=\"card-event  card-event--size-small\">\n        <a href=\"https:\/\/www.ebilet.pl\/sport\/sporty-motorowe\/driftingowe-mistrzostwa-polski\" target=\"_blank\" class=\"card-event__link\" rel=\"nofollow noopener\"><\/a>\n        <div class=\"card-event__wrapper\">\n        <div class=\"card-event__image\">\n            <img decoding=\"async\" src=\"https:\/\/www.ebilet.pl\/media\/cms\/media\/jdrkqcix\/grafika_ebilet_dmp2026_rnd1_595x-1-51faa121-e406-43e8-9235-5e44f475fc0e.webp\" alt=\"\">\n        <\/div>\n        <div class=\"card-event__data\">\n            <div class=\"card-event__name\">\n                <p>Driftingowe Mistrzostwa Polski 2026 \/\/ New Grounds<\/p>\n            <\/div>\n            <div class=\"card-event__date\"><\/div>\n            <div class=\"card-event__location\">Prze\u017amierowo<\/div>\n        <\/div>\n    <\/div>\n<\/div>                                    <\/div>\n                                                                    <div class=\"events-carousel-block__sliderItem swiper-slide\"\n                                        data-id=\"146404\"\n                                        data-name=\"Taneczny Spodek - Festiwal Muzyki Disco\"\n                                        data-brand=\"Junior Media Music Micha\u0142 Jele\u0144\"\n                                        data-category=\"muzyka\"\n                                        data-subcategory=\"disco-polo\"\n                                        data-city=\"Katowice\"\n                                        data-venue=\"Hala Spodek\">\n                                        \n<div class=\"card-event  card-event--size-small\">\n        <a href=\"https:\/\/www.ebilet.pl\/muzyka\/disco-polo\/taneczny-spodek\" target=\"_blank\" class=\"card-event__link\" rel=\"nofollow noopener\"><\/a>\n        <div class=\"card-event__wrapper\">\n        <div class=\"card-event__image\">\n            <img decoding=\"async\" src=\"https:\/\/www.ebilet.pl\/media\/cms\/media\/w1cnpnzg\/tanecznyspodek-wydarzenie-656x369-1-f9f29e67-4f26-4d0c-abc7-f096ac1d40ff.webp\" alt=\"\">\n        <\/div>\n        <div class=\"card-event__data\">\n            <div class=\"card-event__name\">\n                <p>Taneczny Spodek &#8211; Festiwal Muzyki Disco<\/p>\n            <\/div>\n            <div class=\"card-event__date\"><\/div>\n            <div class=\"card-event__location\">Katowice<\/div>\n        <\/div>\n    <\/div>\n<\/div>                                    <\/div>\n                                                                    <div class=\"events-carousel-block__sliderItem swiper-slide\"\n                                        data-id=\"60658\"\n                                        data-name=\"XVII Summer Dying Loud\"\n                                        data-brand=\"ALEKSANDROWSKIE CENTRUM KULTURY\"\n                                        data-category=\"muzyka\"\n                                        data-subcategory=\"festiwale\"\n                                        data-city=\"Aleksandr\u00f3w \u0141\u00f3dzki\"\n                                        data-venue=\"MOSiR im. W\u0142odzimierza Smolarka w Aleksandrowie \u0141\u00f3dzkim\">\n                                        \n<div class=\"card-event  card-event--size-small\">\n        <a href=\"https:\/\/www.ebilet.pl\/muzyka\/festiwale\/summer-dying-loud\" target=\"_blank\" class=\"card-event__link\" rel=\"nofollow noopener\"><\/a>\n        <div class=\"card-event__wrapper\">\n        <div class=\"card-event__image\">\n            <img decoding=\"async\" src=\"https:\/\/www.ebilet.pl\/media\/cms\/media\/xuicslej\/656x369-bc8725d5-b3cf-4dcd-8184-43f45a397ccc.webp\" alt=\"\">\n        <\/div>\n        <div class=\"card-event__data\">\n            <div class=\"card-event__name\">\n                <p>XVII Summer Dying Loud<\/p>\n            <\/div>\n            <div class=\"card-event__date\"><\/div>\n            <div class=\"card-event__location\">Aleksandr\u00f3w \u0141\u00f3dzki<\/div>\n        <\/div>\n    <\/div>\n<\/div>                                    <\/div>\n                                                                    <div class=\"events-carousel-block__sliderItem swiper-slide\"\n                                        data-id=\"20774\"\n                                        data-name=\"Deep Purple + Jayler\"\n                                        data-brand=\"Mystic Coalition sp. zoo\"\n                                        data-category=\"muzyka\"\n                                        data-subcategory=\"rock\"\n                                        data-city=\"\u0141\u00f3d\u017a\"\n                                        data-venue=\"Atlas Arena\">\n                                        \n<div class=\"card-event  card-event--size-small\">\n        <a href=\"https:\/\/www.ebilet.pl\/muzyka\/rock\/deep-purple\" target=\"_blank\" class=\"card-event__link\" rel=\"nofollow noopener\"><\/a>\n        <div class=\"card-event__wrapper\">\n        <div class=\"card-event__image\">\n            <img decoding=\"async\" src=\"https:\/\/www.ebilet.pl\/media\/cms\/media\/ejqphb2d\/deep_purple_656x369-571f9c06-a899-454b-933a-e6b7cda413a8.webp\" alt=\"\">\n        <\/div>\n        <div class=\"card-event__data\">\n            <div class=\"card-event__name\">\n                <p>Deep Purple + Jayler<\/p>\n            <\/div>\n            <div class=\"card-event__date\"><\/div>\n            <div class=\"card-event__location\">\u0141\u00f3d\u017a<\/div>\n        <\/div>\n    <\/div>\n<\/div>                                    <\/div>\n                                                            <\/div>\n                        <\/div>\n                    <\/div>\n                    <div class=\"events-carousel-block__pagination\">\n                        <div class=\"swiper-pagination slider-pagination\" data-events-carousel-pagination><\/div>\n                    <\/div>\n                <\/div>\n            <\/div>\n        <\/div>\n    <\/section>\n\n\n\n<section class=\"text-block  section-margin-32\" >\n    <div class=\"container\">\n        <div class=\"row\">\n            <div class=\"col-24\">\n                <div class=\"text-block__content\"><p><b>2021:<\/b><\/p>\n<ul>\n<li style=\"font-weight: 400;\" aria-level=\"1\"><b>arty\u015bci:<\/b><span style=\"font-weight: 400;\"> Bobby Bland, Natalie Cole, Dobie Gray, Donny Hathaway, Ben E. King, Teddy Pendergrass, Lou Rawls, Nina Simone, Percy Sledge, Billy Stewart, Donna Summer, Big Joe Turner, Luther Vandross, Johnny Watson, Barry White,\u00a0<\/span><\/li>\n<li style=\"font-weight: 400;\" aria-level=\"1\"><b>muzycy:<\/b><span style=\"font-weight: 400;\"> John Lee Hooker, Little Walter,\u00a0<\/span><\/li>\n<li style=\"font-weight: 400;\" aria-level=\"1\"><b>osoby zwi\u0105zane z muzyk\u0105: <\/b><span style=\"font-weight: 400;\">Harold Leonard (osobowo\u015b\u0107 radiowa), Dewey Phillips (osobowo\u015b\u0107 radiowa),\u00a0<\/span><\/li>\n<li style=\"font-weight: 400;\" aria-level=\"1\"><b>MC: <\/b><span style=\"font-weight: 400;\">Danny Ray,\u00a0<\/span><\/li>\n<li style=\"font-weight: 400;\" aria-level=\"1\"><b>tw\u00f3rcy tekst\u00f3w piosenek: <\/b><span style=\"font-weight: 400;\">Norman Whitfield (tak\u017ce producent),\u00a0<\/span><\/li>\n<\/ul>\n<p><b>2022:<\/b><\/p>\n<ul>\n<li style=\"font-weight: 400;\" aria-level=\"1\"><b>gospodarze radiowi:<\/b><span style=\"font-weight: 400;\"> Jerry Blavat,<\/span><\/li>\n<li style=\"font-weight: 400;\" aria-level=\"1\"><b>zespo\u0142y:<\/b><span style=\"font-weight: 400;\"> The Dells,\u00a0<\/span><\/li>\n<li style=\"font-weight: 400;\" aria-level=\"1\"><b>tw\u00f3rcy tekst\u00f3w piosenek:<\/b><span style=\"font-weight: 400;\"> Eddie Floyd, John Lee Hooker, Bobby Rush,<\/span><\/li>\n<li style=\"font-weight: 400;\" aria-level=\"1\"><b>arty\u015bci:<\/b><span style=\"font-weight: 400;\"> George W. Johnson, Willie Mitchell, Carla Thomas,\u00a0<\/span><\/li>\n<li style=\"font-weight: 400;\" aria-level=\"1\"><b>osoby zwi\u0105zane z muzyk\u0105:<\/b><span style=\"font-weight: 400;\"> Johnnie Walker (music executive),\u00a0<\/span><\/li>\n<li style=\"font-weight: 400;\" aria-level=\"1\"><b>dziennikarze:<\/b><span style=\"font-weight: 400;\"> Ernest Withers,\u00a0<\/span><\/li>\n<\/ul>\n<p><b>2023:<\/b><\/p>\n<ul>\n<li style=\"font-weight: 400;\" aria-level=\"1\"><b>muzycy: <\/b><span style=\"font-weight: 400;\">Ruby Andrews,<\/span><\/li>\n<li style=\"font-weight: 400;\" aria-level=\"1\"><b>arty\u015bci: <\/b><span style=\"font-weight: 400;\">Aaliyah, Gerald Alston, Brook Benton, G. C. Cameron, Linda Jones, Clyde McPhatter, Priscilla Price, Dee Dee Sharp, Dusty Springfield, Dee Dee Warwick,\u00a0<\/span><\/li>\n<li style=\"font-weight: 400;\" aria-level=\"1\"><b>muzycy: <\/b><span style=\"font-weight: 400;\">Ronnie Nelson,\u00a0<\/span><\/li>\n<li style=\"font-weight: 400;\" aria-level=\"1\"><b>osoby zwi\u0105zane z muzyk\u0105:<\/b><span style=\"font-weight: 400;\"> King Arthur (osobowo\u015b\u0107 radiowa), Jermaine Dupri (music executive, producent), Gwen Foxx (osobowo\u015b\u0107 radiowa), Brooke Payne (manager), Mike Payne (osobowo\u015b\u0107 radiowa), Georgie Woods (osobowo\u015b\u0107 radiowa),<\/span><\/li>\n<li style=\"font-weight: 400;\" aria-level=\"1\"><b>zespo\u0142y:<\/b><span style=\"font-weight: 400;\"> The Independents, Hall and Oates, The Debonaires, New Edition, Raydio, The Stubbs Girls,\u00a0<\/span><\/li>\n<li style=\"font-weight: 400;\" aria-level=\"1\"><b>miejsca: <\/b><span style=\"font-weight: 400;\">Sweet Boogie Productions,\u00a0<\/span><\/li>\n<\/ul>\n<p><b>2024:<\/b><\/p>\n<ul>\n<li style=\"font-weight: 400;\" aria-level=\"1\"><b>arty\u015bci: <\/b><span style=\"font-weight: 400;\">William Bell, Frankie Beverly, Ginuwine, Kenny Lattimore, Jeffrey Osborne, Candi Staton,\u00a0<\/span><\/li>\n<li style=\"font-weight: 400;\" aria-level=\"1\"><b>tw\u00f3rcy tekst\u00f3w piosenek: <\/b><span style=\"font-weight: 400;\">Rose Marie McCoy,\u00a0<\/span><\/li>\n<li style=\"font-weight: 400;\" aria-level=\"1\"><b>muzycy: <\/b><span style=\"font-weight: 400;\">Regina Belle, Buddy Miles (tak\u017ce tw\u00f3rca tekst\u00f3w piosenek),\u00a0<\/span><\/li>\n<li style=\"font-weight: 400;\" aria-level=\"1\"><b>wytw\u00f3rnia p\u0142ytowa:<\/b><span style=\"font-weight: 400;\"> Boddie Productions Co.,\u00a0<\/span><\/li>\n<li style=\"font-weight: 400;\" aria-level=\"1\"><b>osoby zwi\u0105zane z muzyk\u0105:<\/b><span style=\"font-weight: 400;\"> Dale Edwards (Radio And Music Executive), Ken Hawkins (osobowo\u015b\u0107 radiowa),\u00a0<\/span><\/li>\n<li style=\"font-weight: 400;\" aria-level=\"1\"><b>gospodarze radiowi:<\/b><span style=\"font-weight: 400;\"> Terry Stewart, Jae The Gospelkidd,<\/span><\/li>\n<li style=\"font-weight: 400;\" aria-level=\"1\"><b>stacje radiowe: <\/b><span style=\"font-weight: 400;\">WABQ, WJMO.\u00a0<\/span><\/li>\n<\/ul>\n<p><b>Wa\u017cna uwaga: <\/b><span style=\"font-weight: 400;\">wiele z tych artyst\u00f3w i os\u00f3b zwi\u0105zanych na r\u00f3\u017cne sposoby z muzyk\u0105 pe\u0142ni\u0142o\/nadal pe\u0142ni r\u00f3\u017cne funkcje (np. tw\u00f3rca tekst\u00f3w piosenek, wokalista, lider zespo\u0142u jednocze\u015bnie). Pami\u0119taj o tym. Je\u015bli kt\u00f3re\u015b nazwisko ci\u0119 zainteresuje, mo\u017cesz przeczyta\u0107 na jego temat wi\u0119cej. Tutaj podj\u0119li\u015bmy pr\u00f3buj\u0119 uporz\u0105dkowania wszystkich wyr\u00f3\u017cnionych, a jest ich \u2013 przyznaj sam \u2013 ca\u0142kiem sporo.\u00a0<\/span><\/p>\n<h2><span style=\"font-weight: 400;\">Inne nagrody i wyr\u00f3\u017cnienia zwi\u0105zane z National R\u2019n\u2019B Hall of Fame<\/span><\/h2>\n<p><span style=\"font-weight: 400;\">Co roku przyznawane s\u0105 dodatkowe nagrody i wyr\u00f3\u017cnienia, kt\u00f3re maj\u0105 uhonorowa\u0107 tych najbardziej wyj\u0105tkowych artyst\u00f3w. Jak dot\u0105d nagrodzono takie osoby jak:<\/span><\/p>\n<p><b>2013:<\/b><\/p>\n<ul>\n<li style=\"font-weight: 400;\" aria-level=\"1\"><span style=\"font-weight: 400;\">Rhythm &amp; Blues Music Lifetime Achievement Award: Ron Banks (wokalista),\u00a0<\/span><\/li>\n<\/ul>\n<p><b>2014:<\/b><\/p>\n<ul>\n<li style=\"font-weight: 400;\" aria-level=\"1\"><span style=\"font-weight: 400;\">Rhythm &amp; Blues Music Lifetime Achievement Award: Joe Jackson (promotor, manager),<\/span><\/li>\n<\/ul>\n<p><b>2015:<\/b><\/p>\n<ul>\n<li style=\"font-weight: 400;\" aria-level=\"1\"><span style=\"font-weight: 400;\">Rhythm &amp; Blues Music Lifetime Achievement Award: Morgan Freeman (aktor),<\/span><\/li>\n<li style=\"font-weight: 400;\" aria-level=\"1\"><span style=\"font-weight: 400;\">Rhythm &amp; Blues Music Lifetime Achievement Award: John Conyers Jr. (kongresmen),\u00a0<\/span><\/li>\n<li style=\"font-weight: 400;\" aria-level=\"1\"><span style=\"font-weight: 400;\">Nat D. Williams Radio Personality of the Year Award: Jazzii Anderson (osobowo\u015b\u0107 radiowa),<\/span><\/li>\n<li style=\"font-weight: 400;\" aria-level=\"1\"><span style=\"font-weight: 400;\">Robert Johnson Rising Star Award: Christone \u201cKingfish\u201d Ingram (piosenkarz),<\/span><\/li>\n<li style=\"font-weight: 400;\" aria-level=\"1\"><span style=\"font-weight: 400;\">Juke Joint of the Year Award: Ground Zero (klub bluesowy),<\/span><\/li>\n<li style=\"font-weight: 400;\" aria-level=\"1\"><span style=\"font-weight: 400;\">Rhythm &amp; Blues Humanitarian Award: Joe Jackson (promotor, manager),\u00a0<\/span><\/li>\n<li style=\"font-weight: 400;\" aria-level=\"1\"><span style=\"font-weight: 400;\">Rhythm &amp; Blues Living Legends Award: Abdul \u201cDuke\u201d Fakir (piosenkarz),<\/span><\/li>\n<li style=\"font-weight: 400;\" aria-level=\"1\"><span style=\"font-weight: 400;\">Rhythm &amp; Blues Humanitarian Award: Elliott S. Hall (adwokat),<\/span><\/li>\n<li style=\"font-weight: 400;\" aria-level=\"1\"><span style=\"font-weight: 400;\">Ortheia Barnes Rhythm &amp; Blues Visionary Award: Brenda Jones (radna z Detroit),<\/span><\/li>\n<li style=\"font-weight: 400;\" aria-level=\"1\"><span style=\"font-weight: 400;\">\u201cFrantic\u201d Ernie Durham &amp; Martha Jean \u201cThe Queen\u201d Steinberg Radio Personality of the Year Award: David Washington (osobowo\u015b\u0107 radiowa),\u00a0<\/span><\/li>\n<\/ul>\n<p><b>2016:<\/b><\/p>\n<ul>\n<li style=\"font-weight: 400;\" aria-level=\"1\"><span style=\"font-weight: 400;\">Rhythm &amp; Blues Music Pioneer Award: Gene Chandler (piosenkarz),<\/span><\/li>\n<li style=\"font-weight: 400;\" aria-level=\"1\"><span style=\"font-weight: 400;\">Rhythm &amp; Blues Broadcast Journalist of the Year Award: Mildred Gaddis (dziennikarka),<\/span><\/li>\n<li style=\"font-weight: 400;\" aria-level=\"1\"><span style=\"font-weight: 400;\">Rhythm &amp; Blues Living Legends Award: Cathay Hudges (potentatka),\u00a0<\/span><\/li>\n<li style=\"font-weight: 400;\" aria-level=\"1\"><span style=\"font-weight: 400;\">Rhythm &amp; Blues Music Radio Personality of the Year Award: John Mason (gospodarz radiowy),<\/span><\/li>\n<li style=\"font-weight: 400;\" aria-level=\"1\"><span style=\"font-weight: 400;\">Rhythm &amp; Blues Music Group of the 20th Century Award: The Supremes (zesp\u00f3\u0142),<\/span><\/li>\n<\/ul>\n<p><b>2017:<\/b><\/p>\n<ul>\n<li style=\"font-weight: 400;\" aria-level=\"1\"><span style=\"font-weight: 400;\">\u201cFrantic\u201d Ernie Durham Radio Icon Award: Foody (osobowo\u015b\u0107 radiowa),<\/span><\/li>\n<li style=\"font-weight: 400;\" aria-level=\"1\"><span style=\"font-weight: 400;\">Rhythm &amp; Blues Hall Of Fame Music Business Pioneer Award: Joe Jackson (promoter, manager),<\/span><\/li>\n<li style=\"font-weight: 400;\" aria-level=\"1\"><span style=\"font-weight: 400;\">Rhythm &amp; Blues Hall Of Fame Legacy Award: Ziggy Johnson (producent),\u00a0<\/span><\/li>\n<li style=\"font-weight: 400;\" aria-level=\"1\"><span style=\"font-weight: 400;\">Lamont D. Robinson Visionary Award: Brenda Lawrence (congresswoman),\u00a0<\/span><\/li>\n<li style=\"font-weight: 400;\" aria-level=\"1\"><span style=\"font-weight: 400;\">Rhythm &amp; Blues Hall Of Fame Icon Award: Martha Reeves (piosenkarka),<\/span><\/li>\n<li style=\"font-weight: 400;\" aria-level=\"1\"><span style=\"font-weight: 400;\">Rhythm &amp; Blues Hall Of Fame Lifetime Achievement Award: Rev. Al Sharpton (minister, aktywista),<\/span><\/li>\n<li style=\"font-weight: 400;\" aria-level=\"1\"><span style=\"font-weight: 400;\">R&amp;B Male Group of the 20th Century: The Temptations (zesp\u00f3\u0142),<\/span><\/li>\n<li style=\"font-weight: 400;\" aria-level=\"1\"><span style=\"font-weight: 400;\">Rhythm &amp; Blues Hall Of Fame Living Legend Award: Marshall Thompson (piosenkarz),<\/span><\/li>\n<\/ul>\n<p><b>2018:<\/b><\/p>\n<ul>\n<li style=\"font-weight: 400;\" aria-level=\"1\"><span style=\"font-weight: 400;\">Rhythm &amp; Blues Group of the 21st Century: The Chi-Lites (zesp\u00f3\u0142),<\/span><\/li>\n<li style=\"font-weight: 400;\" aria-level=\"1\"><span style=\"font-weight: 400;\">Rhythm &amp; Blues Hall Of Fame Legends Award: Dennis Edwards (piosenkarz),\u00a0<\/span><\/li>\n<li style=\"font-weight: 400;\" aria-level=\"1\"><span style=\"font-weight: 400;\">Rhythm &amp; Blues Hall Of Fame Icon Award: Aretha Franklin (piosenkarka),<\/span><\/li>\n<li style=\"font-weight: 400;\" aria-level=\"1\"><span style=\"font-weight: 400;\">Rhythm &amp; Blues Hall Of Fame Living Legend Award: Cornel West (filozof),<\/span><\/li>\n<\/ul>\n<p><b>2019:<\/b><\/p>\n<ul>\n<li style=\"font-weight: 400;\" aria-level=\"1\"><span style=\"font-weight: 400;\">National Rhythm &amp; Blues Hall Of Fame Jackie Wilson Icon Legend Award: Lloyd Price (piosenkarz),<\/span><\/li>\n<li style=\"font-weight: 400;\" aria-level=\"1\"><span style=\"font-weight: 400;\">National Rhythm &amp; Blues Hall Of Fame Martha Reeves Music Ambassador Award: Martha Reeves (piosenkarka),\u00a0<\/span><\/li>\n<li style=\"font-weight: 400;\" aria-level=\"1\"><span style=\"font-weight: 400;\">National Rhythm &amp; Blues Hall Of Fame Tom Joyner Radio Personality Award: Keith Rogers (osobowo\u015b\u0107 radiowa),\u00a0<\/span><\/li>\n<li style=\"font-weight: 400;\" aria-level=\"1\"><span style=\"font-weight: 400;\">National Rhythm &amp; Blues Hall Of Fame Aretha Franklin Lifetime Achievement Award: Mary Wilson (piosenkarka),<\/span><\/li>\n<\/ul>\n<p><b>2022:<\/b><\/p>\n<ul>\n<li style=\"font-weight: 400;\" aria-level=\"1\"><span style=\"font-weight: 400;\">National Rhythm &amp; Blues Hall Of Fame Blues Groundbreaking Legends: Bobby Rush (tw\u00f3rca tekst\u00f3w piosenek),<\/span><\/li>\n<\/ul>\n<p><b>2023:<\/b><\/p>\n<ul>\n<li style=\"font-weight: 400;\" aria-level=\"1\"><span style=\"font-weight: 400;\">National Rhythm &amp; Blues Hall Of Fame Tom Joyner Radio Personality Award: Nen Bailey (osobowo\u015b\u0107 radiowa),<\/span><\/li>\n<li style=\"font-weight: 400;\" aria-level=\"1\"><span style=\"font-weight: 400;\">National Rhythm &amp; Blues Hall Of Fame Living Legend Award: Joe Billingslea (piosenkarz, tw\u00f3rca tekst\u00f3w piosenek),<\/span><\/li>\n<li style=\"font-weight: 400;\" aria-level=\"1\"><span style=\"font-weight: 400;\">National Rhythm &amp; Blues Hall Of Fame Lifetime Achievement Award: Jerry Butler\u00a0 (tw\u00f3rca tekst\u00f3w piosenek),<\/span><\/li>\n<li style=\"font-weight: 400;\" aria-level=\"1\"><span style=\"font-weight: 400;\">National Rhythm &amp; Blues Hall Of Fame Jackie Wilson Music Globe Award: Billy Davis (piosenkarz),<\/span><\/li>\n<li style=\"font-weight: 400;\" aria-level=\"1\"><span style=\"font-weight: 400;\">National Rhythm &amp; Blues Hall Of Fame Mary Wilson Icon Award: Dionne Warwick (piosenkarka),<\/span><\/li>\n<li style=\"font-weight: 400;\" aria-level=\"1\"><span style=\"font-weight: 400;\">National Rhythm &amp; Blues Hall Of Fame Tom Joyner Radio Personality Award: Donna Wheelwright (osobowo\u015b\u0107 radiowa),<\/span><\/li>\n<\/ul>\n<p><b>2024:<\/b><\/p>\n<ul>\n<li style=\"font-weight: 400;\" aria-level=\"1\"><span style=\"font-weight: 400;\">Leo&#8217;s Casino Music Icon Award: Freddie Arrington (mistrz ceremonii), Gene Chandler (piosenkarz), Chuck Conway (osobowo\u015b\u0107 radiowa), Eddie Floyd (piosenkarz), The Temptations (zesp\u00f3\u0142), Dr. Fred Wheatt (lider zespo\u0142u),<\/span><\/li>\n<li style=\"font-weight: 400;\" aria-level=\"1\"><span style=\"font-weight: 400;\">National Rhythm &amp; Blues Hall Of Fame Mary Wilson Icon Award: Marlon Kaufman (kierownik).<\/span><\/li>\n<\/ul>\n<p>&nbsp;<\/p>\n<p><span style=\"font-weight: 400;\">\u0179r\u00f3d\u0142a:<\/span><\/p>\n<p><span style=\"font-weight: 400;\">[1] <\/span><a href=\"https:\/\/rbhalloffamemarksms.com\/\" rel=\"nofollow noopener\" target=\"_blank\"><span style=\"font-weight: 400;\">https:\/\/rbhalloffamemarksms.com\/<\/span><\/a><span style=\"font-weight: 400;\"> (dost\u0119p z dnia 07.07.2021)<\/span><\/p>\n<\/div>\n            <\/div>\n        <\/div>\n    <\/div>\n<\/section>\n\n\n<section class=\"events-slider-block  section-margin-32\" data-events-slider-block data-carousel-title=\"Nowo\u015bci na eBilet\" data-carousel-type=\"karuzela_z_t\u0142em\" data-item-list-name=\"Karuzela z t\u0142em Nowo\u015bci na eBilet\" data-item-list-id=\"karuzela_z_t\u0142em Nowo\u015bci na eBilet\" >\n    <div class=\"container\">\n        <div class=\"row\">\n            <div class=\"col-24\">\n                <div class=\"events-slider-block__wrapper\">\n                                            <div class=\"events-slider-block__bg\"><img loading=\"lazy\" decoding=\"async\" width=\"1920\" height=\"1080\" src=\"https:\/\/www.ebilet.pl\/now\/app\/uploads\/2024\/04\/shutterstock_1308510637.jpg\" class=\"attachment-full size-full\" alt=\"Fot.\" srcset=\"https:\/\/www.ebilet.pl\/now\/app\/uploads\/2024\/04\/shutterstock_1308510637.jpg 1920w, https:\/\/www.ebilet.pl\/now\/app\/uploads\/2024\/04\/shutterstock_1308510637-1024x576.jpg 1024w, https:\/\/www.ebilet.pl\/now\/app\/uploads\/2024\/04\/shutterstock_1308510637-1536x864.jpg 1536w, https:\/\/www.ebilet.pl\/now\/app\/uploads\/2024\/04\/shutterstock_1308510637-1280x720.jpg 1280w, https:\/\/www.ebilet.pl\/now\/app\/uploads\/2024\/04\/shutterstock_1308510637-500x281.jpg 500w, https:\/\/www.ebilet.pl\/now\/app\/uploads\/2024\/04\/shutterstock_1308510637-632x356.jpg 632w, https:\/\/www.ebilet.pl\/now\/app\/uploads\/2024\/04\/shutterstock_1308510637-308x174.jpg 308w\" sizes=\"auto, (max-width: 1920px) 100vw, 1920px\" \/><\/div>\n                                                                <div class=\"events-slider-block__top\">\n                                                            <div class=\"events-slider-block__title desktop\">\n                                    <h2 class=\"typo-h2\">Nowo\u015bci na eBilet<\/h2>\n                                <\/div>\n                                                                                        <div class=\"events-slider-block__title mobile\">\n                                    <h2 class=\"typo-h2\">Nowo\u015bci na eBilet<\/h2>\n                                <\/div>\n                                                    <\/div>\n                                                            <div class=\"events-slider-block__main\">\n                        <div class=\"events-slider-block__nav events-slider-block__nav--prev\">\n                            <div class=\"button button--withIcon button--theme-white-blur button--size-fixed-48\" data-events-prev>\n                                <span class=\"button__icon icon icon-chevron-left\"><\/span>\n                            <\/div>\n                        <\/div>\n                        <div class=\"events-slider-block__nav events-slider-block__nav--next\">\n                            <div class=\"button button--withIcon button--theme-white-blur button--size-fixed-48\" data-events-next>\n                                <span class=\"button__icon icon icon-chevron-right\"><\/span>\n                            <\/div>\n                        <\/div>\n                        <div class=\"events-slider-block__slider\">\n                            <div class=\"swiper\" data-events-slider>\n                                <div class=\"events-slider-block__sliderWrapper swiper-wrapper\">\n                                                                    <div class=\"events-slider-block__sliderItem swiper-slide\">\n                                    \n<div class=\"card-event  card-event--size-small\">\n        <a href=\"https:\/\/www.ebilet.pl\/muzyka\/festiwale\/orange-warsaw-festival\" target=\"_blank\" class=\"card-event__link\" rel=\"nofollow noopener\"><\/a>\n        <div class=\"card-event__wrapper\">\n        <div class=\"card-event__image\">\n            <img decoding=\"async\" src=\"https:\/\/www.ebilet.pl\/media\/cms\/media\/10tfavkl\/owf27_wejs-cie_portal_552x736.webp\" alt=\"\">\n        <\/div>\n        <div class=\"card-event__data\">\n            <div class=\"card-event__name\">\n                <p>Orange Warsaw Festival 2027<\/p>\n            <\/div>\n            <div class=\"card-event__date\"><\/div>\n            <div class=\"card-event__location\"><\/div>\n        <\/div>\n    <\/div>\n<\/div>                                    <\/div>\n                                                                    <div class=\"events-slider-block__sliderItem swiper-slide\">\n                                    \n<div class=\"card-event  card-event--size-small\">\n        <a href=\"https:\/\/www.ebilet.pl\/teatr\/musicale\/wielki-gatsby\" target=\"_blank\" class=\"card-event__link\" rel=\"nofollow noopener\"><\/a>\n        <div class=\"card-event__wrapper\">\n        <div class=\"card-event__image\">\n            <img decoding=\"async\" src=\"https:\/\/www.ebilet.pl\/media\/cms\/media\/5eihaojx\/552x736-c1222f1c-09f0-4f58-a3ca-98b5badf4b8b.webp\" alt=\"\">\n        <\/div>\n        <div class=\"card-event__data\">\n            <div class=\"card-event__name\">\n                <p>Wielki Gatsby<\/p>\n            <\/div>\n            <div class=\"card-event__date\"><\/div>\n            <div class=\"card-event__location\"><\/div>\n        <\/div>\n    <\/div>\n<\/div>                                    <\/div>\n                                                                    <div class=\"events-slider-block__sliderItem swiper-slide\">\n                                    \n<div class=\"card-event  card-event--size-small\">\n        <a href=\"https:\/\/www.ebilet.pl\/muzyka\/rock\/michael-schenker-group\" target=\"_blank\" class=\"card-event__link\" rel=\"nofollow noopener\"><\/a>\n        <div class=\"card-event__wrapper\">\n        <div class=\"card-event__image\">\n            <img decoding=\"async\" src=\"https:\/\/www.ebilet.pl\/media\/cms\/media\/fgqlazwg\/michael-schenker-group-ebilet-strona-wydarzenia-pion-wspo-lne-81be7980-19a0-412d-bc1a-fa4e51bc2d46.webp\" alt=\"\">\n        <\/div>\n        <div class=\"card-event__data\">\n            <div class=\"card-event__name\">\n                <p>Michael Schenker<\/p>\n            <\/div>\n            <div class=\"card-event__date\">23.03.2027-23.03.2027<\/div>\n            <div class=\"card-event__location\">Krak\u00f3w, Pozna\u0144<\/div>\n        <\/div>\n    <\/div>\n<\/div>                                    <\/div>\n                                                                    <div class=\"events-slider-block__sliderItem swiper-slide\">\n                                    \n<div class=\"card-event  card-event--size-small\">\n        <a href=\"https:\/\/www.ebilet.pl\/muzyka\/pop\/varius-manx-kasia-stankiewicz\" target=\"_blank\" class=\"card-event__link\" rel=\"nofollow noopener\"><\/a>\n        <div class=\"card-event__wrapper\">\n        <div class=\"card-event__image\">\n            <img decoding=\"async\" src=\"https:\/\/www.ebilet.pl\/media\/cms\/media\/njbkliaj\/ebilet-552x736-varius-9b90b59c-ec5c-476c-a4fc-49575953d8d9.webp\" alt=\"\">\n        <\/div>\n        <div class=\"card-event__data\">\n            <div class=\"card-event__name\">\n                <p>SUPER EGO TOUR Varius Manx &#038; Kasia Stankiewicz<\/p>\n            <\/div>\n            <div class=\"card-event__date\">07.03.2027-07.03.2027<\/div>\n            <div class=\"card-event__location\">Bielsko-Bia\u0142a, Jasionka<\/div>\n        <\/div>\n    <\/div>\n<\/div>                                    <\/div>\n                                                                    <div class=\"events-slider-block__sliderItem swiper-slide\">\n                                    \n<div class=\"card-event  card-event--size-small\">\n        <a href=\"https:\/\/www.ebilet.pl\/muzyka\/pop\/erykah-badu\" target=\"_blank\" class=\"card-event__link\" rel=\"nofollow noopener\"><\/a>\n        <div class=\"card-event__wrapper\">\n        <div class=\"card-event__image\">\n            <img decoding=\"async\" src=\"https:\/\/www.ebilet.pl\/media\/cms\/media\/veqnjqea\/badu-600x850-copy-c5e961a0-d819-4800-89af-2f9968352870.webp\" alt=\"\">\n        <\/div>\n        <div class=\"card-event__data\">\n            <div class=\"card-event__name\">\n                <p>Erykah Badu &#8211; IMEHO<\/p>\n            <\/div>\n            <div class=\"card-event__date\">25.10.2026-25.10.2026<\/div>\n            <div class=\"card-event__location\">Katowice<\/div>\n        <\/div>\n    <\/div>\n<\/div>                                    <\/div>\n                                                                    <div class=\"events-slider-block__sliderItem swiper-slide\">\n                                    \n<div class=\"card-event  card-event--size-small\">\n        <a href=\"https:\/\/www.ebilet.pl\/klasyka\/koncert\/koncert-swiateczny-w-blasku-swiec\" target=\"_blank\" class=\"card-event__link\" rel=\"nofollow noopener\"><\/a>\n        <div class=\"card-event__wrapper\">\n        <div class=\"card-event__image\">\n            <img decoding=\"async\" src=\"https:\/\/www.ebilet.pl\/media\/cms\/media\/034dlcyu\/plakat-koncertu-_wi_tecznego-06122026-0812003f-a700-42a4-8e50-715dce5c12a3.webp\" alt=\"\">\n        <\/div>\n        <div class=\"card-event__data\">\n            <div class=\"card-event__name\">\n                <p>Koncert \u015awi\u0105teczny w Blasku \u015awiec<\/p>\n            <\/div>\n            <div class=\"card-event__date\">06.12.2026-06.12.2026<\/div>\n            <div class=\"card-event__location\">\u0141\u00f3d\u017a<\/div>\n        <\/div>\n    <\/div>\n<\/div>                                    <\/div>\n                                                                    <div class=\"events-slider-block__sliderItem swiper-slide\">\n                                    \n<div class=\"card-event  card-event--size-small\">\n        <a href=\"https:\/\/www.ebilet.pl\/muzyka\/pop\/zimmer90\" target=\"_blank\" class=\"card-event__link\" rel=\"nofollow noopener\"><\/a>\n        <div class=\"card-event__wrapper\">\n        <div class=\"card-event__image\">\n            <img decoding=\"async\" src=\"https:\/\/www.ebilet.pl\/media\/cms\/media\/vbdgxs1d\/z90_552x736-9b9706c7-ee0a-4875-8249-c668de262eb9.webp\" alt=\"\">\n        <\/div>\n        <div class=\"card-event__data\">\n            <div class=\"card-event__name\">\n                <p>Zimmer90<\/p>\n            <\/div>\n            <div class=\"card-event__date\">05.11.2026-05.11.2026<\/div>\n            <div class=\"card-event__location\">Warszawa<\/div>\n        <\/div>\n    <\/div>\n<\/div>                                    <\/div>\n                                                                    <div class=\"events-slider-block__sliderItem swiper-slide\">\n                                    \n<div class=\"card-event  card-event--size-small\">\n        <a href=\"https:\/\/www.ebilet.pl\/muzyka\/hard-heavy\/fck-im-hard\" target=\"_blank\" class=\"card-event__link\" rel=\"nofollow noopener\"><\/a>\n        <div class=\"card-event__wrapper\">\n        <div class=\"card-event__image\">\n            <img decoding=\"async\" src=\"https:\/\/www.ebilet.pl\/media\/cms\/media\/pi1f2mrb\/2.webp\" alt=\"\">\n        <\/div>\n        <div class=\"card-event__data\">\n            <div class=\"card-event__name\">\n                <p>Fck Im Hard Vol. 2<\/p>\n            <\/div>\n            <div class=\"card-event__date\">10.10.2026-10.10.2026<\/div>\n            <div class=\"card-event__location\">Wroc\u0142aw<\/div>\n        <\/div>\n    <\/div>\n<\/div>                                    <\/div>\n                                                                    <div class=\"events-slider-block__sliderItem swiper-slide\">\n                                    \n<div class=\"card-event  card-event--size-small\">\n        <a href=\"https:\/\/www.ebilet.pl\/sport\/sporty-druzynowe\/koszykowka-mecz\" target=\"_blank\" class=\"card-event__link\" rel=\"nofollow noopener\"><\/a>\n        <div class=\"card-event__wrapper\">\n        <div class=\"card-event__image\">\n            <img decoding=\"async\" src=\"https:\/\/www.ebilet.pl\/media\/cms\/media\/hoxono4g\/podstawowe_portal-98225706-f40f-4253-9b63-9f6c375fb13f.webp\" alt=\"\">\n        <\/div>\n        <div class=\"card-event__data\">\n            <div class=\"card-event__name\">\n                <p>Kwalifikacje do Mistrzostw \u015awiata w koszyk\u00f3wce m\u0119\u017cczyzn 2027: Polska \u2013 Chorwacja<\/p>\n            <\/div>\n            <div class=\"card-event__date\">27.11.2026-27.11.2026<\/div>\n            <div class=\"card-event__location\">Gliwice<\/div>\n        <\/div>\n    <\/div>\n<\/div>                                    <\/div>\n                                                                    <div class=\"events-slider-block__sliderItem swiper-slide\">\n                                    \n<div class=\"card-event  card-event--size-small\">\n        <a href=\"https:\/\/www.ebilet.pl\/muzyka\/jazz-blues\/ewa-uryga\" target=\"_blank\" class=\"card-event__link\" rel=\"nofollow noopener\"><\/a>\n        <div class=\"card-event__wrapper\">\n        <div class=\"card-event__image\">\n            <img decoding=\"async\" src=\"https:\/\/www.ebilet.pl\/media\/cms\/media\/jrqhfp3w\/6-cf7043bf-c432-408e-a803-6d09d9c082aa.webp\" alt=\"\">\n        <\/div>\n        <div class=\"card-event__data\">\n            <div class=\"card-event__name\">\n                <p>Ewa Uryga i Bogus\u0142aw Kaczmar &#8211; W pozytywnym nastroju<\/p>\n            <\/div>\n            <div class=\"card-event__date\">18.09.2026-18.09.2026<\/div>\n            <div class=\"card-event__location\">Katowice<\/div>\n        <\/div>\n    <\/div>\n<\/div>                                    <\/div>\n                                                                    <div class=\"events-slider-block__sliderItem swiper-slide\">\n                                    \n<div class=\"card-event  card-event--size-small\">\n        <a href=\"https:\/\/www.ebilet.pl\/muzyka\/piosenka\/koncert-jubileuszowy-radia-wroclaw\" target=\"_blank\" class=\"card-event__link\" rel=\"nofollow noopener\"><\/a>\n        <div class=\"card-event__wrapper\">\n        <div class=\"card-event__image\">\n            <img decoding=\"async\" src=\"https:\/\/www.ebilet.pl\/media\/cms\/media\/r3incrzy\/prw80lat-552x736-u-a2a0a3ea-ff6b-48e9-9ba9-b9fcacc359f3.webp\" alt=\"\">\n        <\/div>\n        <div class=\"card-event__data\">\n            <div class=\"card-event__name\">\n                <p>Koncert Jubileuszowy Radia Wroc\u0142aw<\/p>\n            <\/div>\n            <div class=\"card-event__date\">26.09.2026-26.09.2026<\/div>\n            <div class=\"card-event__location\">Wroc\u0142aw<\/div>\n        <\/div>\n    <\/div>\n<\/div>                                    <\/div>\n                                                                    <div class=\"events-slider-block__sliderItem swiper-slide\">\n                                    \n<div class=\"card-event  card-event--size-small\">\n        <a href=\"https:\/\/www.ebilet.pl\/muzyka\/jazz-blues\/wojtek-mazolewski-solo\" target=\"_blank\" class=\"card-event__link\" rel=\"nofollow noopener\"><\/a>\n        <div class=\"card-event__wrapper\">\n        <div class=\"card-event__image\">\n            <img decoding=\"async\" src=\"https:\/\/www.ebilet.pl\/media\/cms\/media\/nnthkwkv\/mazolewski_solo_552x736-b647b239-91cc-4d90-af94-3e8d38b024de.webp\" alt=\"\">\n        <\/div>\n        <div class=\"card-event__data\">\n            <div class=\"card-event__name\">\n                <p>Wojtek Mazolewski Solo<\/p>\n            <\/div>\n            <div class=\"card-event__date\">19.11.2026-19.11.2026<\/div>\n            <div class=\"card-event__location\">Katowice<\/div>\n        <\/div>\n    <\/div>\n<\/div>                                    <\/div>\n                                                                    <div class=\"events-slider-block__sliderItem swiper-slide\">\n                                    \n<div class=\"card-event  card-event--size-small\">\n        <a href=\"https:\/\/www.ebilet.pl\/muzyka\/rock\/oh-hiroshima\" target=\"_blank\" class=\"card-event__link\" rel=\"nofollow noopener\"><\/a>\n        <div class=\"card-event__wrapper\">\n        <div class=\"card-event__image\">\n            <img decoding=\"async\" src=\"https:\/\/www.ebilet.pl\/media\/cms\/media\/e1dhthue\/e-bilet-portal-2-ad3831be-2dea-4844-bda8-a5897ce14712.webp\" alt=\"\">\n        <\/div>\n        <div class=\"card-event__data\">\n            <div class=\"card-event__name\">\n                <p>Oh Hiroshima + Beyond the Event Horizon<\/p>\n            <\/div>\n            <div class=\"card-event__date\">15.10.2026-15.10.2026<\/div>\n            <div class=\"card-event__location\">Chorz\u00f3w, Pozna\u0144, Warszawa<\/div>\n        <\/div>\n    <\/div>\n<\/div>                                    <\/div>\n                                                                    <div class=\"events-slider-block__sliderItem swiper-slide\">\n                                    \n<div class=\"card-event  card-event--size-small\">\n        <a href=\"https:\/\/www.ebilet.pl\/muzyka\/rock\/the-best-of-u2\" target=\"_blank\" class=\"card-event__link\" rel=\"nofollow noopener\"><\/a>\n        <div class=\"card-event__wrapper\">\n        <div class=\"card-event__image\">\n            <img decoding=\"async\" src=\"https:\/\/www.ebilet.pl\/media\/cms\/media\/xalimcyc\/600x850-7-a46cd95b-63ad-4b88-b3e2-936a14864145.webp\" alt=\"\">\n        <\/div>\n        <div class=\"card-event__data\">\n            <div class=\"card-event__name\">\n                <p>With Or Without You &#8211; The best of U2<\/p>\n            <\/div>\n            <div class=\"card-event__date\">17.10.2026-17.10.2026<\/div>\n            <div class=\"card-event__location\">Wroc\u0142aw<\/div>\n        <\/div>\n    <\/div>\n<\/div>                                    <\/div>\n                                                                    <div class=\"events-slider-block__sliderItem swiper-slide\">\n                                    \n<div class=\"card-event  card-event--size-small\">\n        <a href=\"https:\/\/www.ebilet.pl\/sport\/sporty-druzynowe\/zepter-kpr-legionowo\" target=\"_blank\" class=\"card-event__link\" rel=\"nofollow noopener\"><\/a>\n        <div class=\"card-event__wrapper\">\n        <div class=\"card-event__image\">\n            <img decoding=\"async\" src=\"https:\/\/www.ebilet.pl\/media\/cms\/media\/wibc3c4p\/copy_ad32d682-2fdf-495b-82fd-767.webp\" alt=\"\">\n        <\/div>\n        <div class=\"card-event__data\">\n            <div class=\"card-event__name\">\n                <p>Inauguracja Sezonu 2026\/2027 | Zepter KPR Legionowo \u2013 Corotop Gwardia Opole<\/p>\n            <\/div>\n            <div class=\"card-event__date\">13.09.2026-13.09.2026<\/div>\n            <div class=\"card-event__location\">Legionowo<\/div>\n        <\/div>\n    <\/div>\n<\/div>                                    <\/div>\n                                                                <\/div>\n                            <\/div>\n                        <\/div>\n                        <div class=\"events-slider-block__events swiper\" data-events-events-descriptions>\n                            <div class=\"events-slider-block__eventsWrapper swiper-wrapper\">\n                                                            <div class=\"events-slider-block__eventsItem swiper-slide\">\n                                    <a href=\"https:\/\/www.ebilet.pl\/muzyka\/festiwale\/orange-warsaw-festival\" target=\"_blank\" class=\"events-slider-block__eventsName\">\n                                        <p>Orange Warsaw Festival 2027<\/p>\n                                    <\/a>\n                                    <div class=\"events-slider-block__eventsDate\">\n                                                                            <\/div>\n                                    <div class=\"events-slider-block__eventsLocation\"><\/div>\n                                <\/div>\n                                                            <div class=\"events-slider-block__eventsItem swiper-slide\">\n                                    <a href=\"https:\/\/www.ebilet.pl\/teatr\/musicale\/wielki-gatsby\" target=\"_blank\" class=\"events-slider-block__eventsName\">\n                                        <p>Wielki Gatsby<\/p>\n                                    <\/a>\n                                    <div class=\"events-slider-block__eventsDate\">\n                                                                            <\/div>\n                                    <div class=\"events-slider-block__eventsLocation\"><\/div>\n                                <\/div>\n                                                            <div class=\"events-slider-block__eventsItem swiper-slide\">\n                                    <a href=\"https:\/\/www.ebilet.pl\/muzyka\/rock\/michael-schenker-group\" target=\"_blank\" class=\"events-slider-block__eventsName\">\n                                        <p>Michael Schenker<\/p>\n                                    <\/a>\n                                    <div class=\"events-slider-block__eventsDate\">\n                                        23.03.2027-24.03.2027                                    <\/div>\n                                    <div class=\"events-slider-block__eventsLocation\">Krak\u00f3w, Pozna\u0144<\/div>\n                                <\/div>\n                                                            <div class=\"events-slider-block__eventsItem swiper-slide\">\n                                    <a href=\"https:\/\/www.ebilet.pl\/muzyka\/pop\/varius-manx-kasia-stankiewicz\" target=\"_blank\" class=\"events-slider-block__eventsName\">\n                                        <p>SUPER EGO TOUR Varius Manx &amp; Kasia Stankiewicz<\/p>\n                                    <\/a>\n                                    <div class=\"events-slider-block__eventsDate\">\n                                        07.03.2027-08.03.2027                                    <\/div>\n                                    <div class=\"events-slider-block__eventsLocation\">Bielsko-Bia\u0142a, Jasionka<\/div>\n                                <\/div>\n                                                            <div class=\"events-slider-block__eventsItem swiper-slide\">\n                                    <a href=\"https:\/\/www.ebilet.pl\/muzyka\/pop\/erykah-badu\" target=\"_blank\" class=\"events-slider-block__eventsName\">\n                                        <p>Erykah Badu &#8211; IMEHO<\/p>\n                                    <\/a>\n                                    <div class=\"events-slider-block__eventsDate\">\n                                        25.10.2026-25.10.2026                                    <\/div>\n                                    <div class=\"events-slider-block__eventsLocation\">Katowice<\/div>\n                                <\/div>\n                                                            <div class=\"events-slider-block__eventsItem swiper-slide\">\n                                    <a href=\"https:\/\/www.ebilet.pl\/klasyka\/koncert\/koncert-swiateczny-w-blasku-swiec\" target=\"_blank\" class=\"events-slider-block__eventsName\">\n                                        <p>Koncert \u015awi\u0105teczny w Blasku \u015awiec<\/p>\n                                    <\/a>\n                                    <div class=\"events-slider-block__eventsDate\">\n                                        06.12.2026-06.12.2026                                    <\/div>\n                                    <div class=\"events-slider-block__eventsLocation\">\u0141\u00f3d\u017a<\/div>\n                                <\/div>\n                                                            <div class=\"events-slider-block__eventsItem swiper-slide\">\n                                    <a href=\"https:\/\/www.ebilet.pl\/muzyka\/pop\/zimmer90\" target=\"_blank\" class=\"events-slider-block__eventsName\">\n                                        <p>Zimmer90<\/p>\n                                    <\/a>\n                                    <div class=\"events-slider-block__eventsDate\">\n                                        05.11.2026-05.11.2026                                    <\/div>\n                                    <div class=\"events-slider-block__eventsLocation\">Warszawa<\/div>\n                                <\/div>\n                                                            <div class=\"events-slider-block__eventsItem swiper-slide\">\n                                    <a href=\"https:\/\/www.ebilet.pl\/muzyka\/hard-heavy\/fck-im-hard\" target=\"_blank\" class=\"events-slider-block__eventsName\">\n                                        <p>Fck Im Hard Vol. 2<\/p>\n                                    <\/a>\n                                    <div class=\"events-slider-block__eventsDate\">\n                                        10.10.2026-10.10.2026                                    <\/div>\n                                    <div class=\"events-slider-block__eventsLocation\">Wroc\u0142aw<\/div>\n                                <\/div>\n                                                            <div class=\"events-slider-block__eventsItem swiper-slide\">\n                                    <a href=\"https:\/\/www.ebilet.pl\/sport\/sporty-druzynowe\/koszykowka-mecz\" target=\"_blank\" class=\"events-slider-block__eventsName\">\n                                        <p>Kwalifikacje do Mistrzostw \u015awiata w koszyk\u00f3wce m\u0119\u017cczyzn 2027: Polska \u2013 Chorwacja<\/p>\n                                    <\/a>\n                                    <div class=\"events-slider-block__eventsDate\">\n                                        27.11.2026-27.11.2026                                    <\/div>\n                                    <div class=\"events-slider-block__eventsLocation\">Gliwice<\/div>\n                                <\/div>\n                                                            <div class=\"events-slider-block__eventsItem swiper-slide\">\n                                    <a href=\"https:\/\/www.ebilet.pl\/muzyka\/jazz-blues\/ewa-uryga\" target=\"_blank\" class=\"events-slider-block__eventsName\">\n                                        <p>Ewa Uryga i Bogus\u0142aw Kaczmar &#8211; W pozytywnym nastroju<\/p>\n                                    <\/a>\n                                    <div class=\"events-slider-block__eventsDate\">\n                                        18.09.2026-18.09.2026                                    <\/div>\n                                    <div class=\"events-slider-block__eventsLocation\">Katowice<\/div>\n                                <\/div>\n                                                            <div class=\"events-slider-block__eventsItem swiper-slide\">\n                                    <a href=\"https:\/\/www.ebilet.pl\/muzyka\/piosenka\/koncert-jubileuszowy-radia-wroclaw\" target=\"_blank\" class=\"events-slider-block__eventsName\">\n                                        <p>Koncert Jubileuszowy Radia Wroc\u0142aw<\/p>\n                                    <\/a>\n                                    <div class=\"events-slider-block__eventsDate\">\n                                        26.09.2026-26.09.2026                                    <\/div>\n                                    <div class=\"events-slider-block__eventsLocation\">Wroc\u0142aw<\/div>\n                                <\/div>\n                                                            <div class=\"events-slider-block__eventsItem swiper-slide\">\n                                    <a href=\"https:\/\/www.ebilet.pl\/muzyka\/jazz-blues\/wojtek-mazolewski-solo\" target=\"_blank\" class=\"events-slider-block__eventsName\">\n                                        <p>Wojtek Mazolewski Solo<\/p>\n                                    <\/a>\n                                    <div class=\"events-slider-block__eventsDate\">\n                                        19.11.2026-19.11.2026                                    <\/div>\n                                    <div class=\"events-slider-block__eventsLocation\">Katowice<\/div>\n                                <\/div>\n                                                            <div class=\"events-slider-block__eventsItem swiper-slide\">\n                                    <a href=\"https:\/\/www.ebilet.pl\/muzyka\/rock\/oh-hiroshima\" target=\"_blank\" class=\"events-slider-block__eventsName\">\n                                        <p>Oh Hiroshima + Beyond the Event Horizon<\/p>\n                                    <\/a>\n                                    <div class=\"events-slider-block__eventsDate\">\n                                        15.10.2026-17.10.2026                                    <\/div>\n                                    <div class=\"events-slider-block__eventsLocation\">Chorz\u00f3w, Pozna\u0144, Warszawa<\/div>\n                                <\/div>\n                                                            <div class=\"events-slider-block__eventsItem swiper-slide\">\n                                    <a href=\"https:\/\/www.ebilet.pl\/muzyka\/rock\/the-best-of-u2\" target=\"_blank\" class=\"events-slider-block__eventsName\">\n                                        <p>With Or Without You &#8211; The best of U2<\/p>\n                                    <\/a>\n                                    <div class=\"events-slider-block__eventsDate\">\n                                        17.10.2026-17.10.2026                                    <\/div>\n                                    <div class=\"events-slider-block__eventsLocation\">Wroc\u0142aw<\/div>\n                                <\/div>\n                                                            <div class=\"events-slider-block__eventsItem swiper-slide\">\n                                    <a href=\"https:\/\/www.ebilet.pl\/sport\/sporty-druzynowe\/zepter-kpr-legionowo\" target=\"_blank\" class=\"events-slider-block__eventsName\">\n                                        <p>Inauguracja Sezonu 2026\/2027 | Zepter KPR Legionowo \u2013 Corotop Gwardia Opole<\/p>\n                                    <\/a>\n                                    <div class=\"events-slider-block__eventsDate\">\n                                        13.09.2026-13.09.2026                                    <\/div>\n                                    <div class=\"events-slider-block__eventsLocation\">Legionowo<\/div>\n                                <\/div>\n                                                        <\/div>\n                        <\/div>\n                        <div class=\"events-slider-block__pagination\">\n                            <div class=\"swiper-pagination slider-pagination slider-pagination--theme-white\" data-events-slider-pagination><\/div>\n                        <\/div>\n                    <\/div>\n                                        <div class=\"events-slider-block__bottom\">\n                                                                                <div class=\"events-slider-block__link desktop\">\n                                    <a class=\"button button--size-small button--theme-primary-yellow button--withIconLeft\" href=\"https:\/\/www.ebilet.pl\/\">\n                                                                                    <div class=\"button__icon\"><img loading=\"lazy\" decoding=\"async\" width=\"30\" height=\"30\" src=\"https:\/\/www.ebilet.pl\/now\/app\/uploads\/2024\/01\/ticket-cinema-entertainment-coupon-discount-sale_30px.png\" class=\"attachment-full size-full\" alt=\"\" \/><\/div>\n                                                                                <p class=\"button__text typo-18\">Kup na eBilet.pl<\/p>\n                                    <\/a>\n                                <\/div>\n                                                                                <div class=\"events-slider-block__link mobile\">\n                                    <a class=\"button button--size-small button--theme-primary-yellow button--withIconLeft\" href=\"https:\/\/www.ebilet.pl\/\">\n                                                                                    <div class=\"button__icon\"><img loading=\"lazy\" decoding=\"async\" width=\"30\" height=\"30\" src=\"https:\/\/www.ebilet.pl\/now\/app\/uploads\/2024\/01\/ticket-cinema-entertainment-coupon-discount-sale_30px.png\" class=\"attachment-full size-full\" alt=\"\" \/><\/div>\n                                                                                <p class=\"button__text typo-18\">Kup na eBilet.pl<\/p>\n                                    <\/a>\n                                <\/div>\n                                            <\/div>\n                <\/div>\n            <\/div>\n        <\/div>\n    <\/div>\n<\/section>","protected":false},"excerpt":{"rendered":"<p>Czy wiesz, \u017ce w jednym miejscu mo\u017cna spotka\u0107 The Supremes, Aaliyah, Louisa Armstronga i New Edition? To nie \u017cart \u2013 wszyscy ci arty\u015bci zostali uhonorowani przez National Rhythm &#038; Blues Hall of Fame, wyj\u0105tkow\u0105 instytucj\u0119, kt\u00f3ra powsta\u0142a z pasji i marzenia jednego cz\u0142owieka. Czym w\u0142a\u015bciwie jest to miejsce? Jakie nazwiska trafi\u0142y do tego panteonu R&#038;B i dlaczego ceremonia wprowadzenia do Hall of Fame potrafi poruszy\u0107 t\u0142umy? Przeczytaj ten artyku\u0142 i poznaj odpowiedzi na te i wiele innych pyta\u0144!<\/p>\n","protected":false},"author":14,"featured_media":64488,"comment_status":"open","ping_status":"open","sticky":false,"template":"page-templates\/article-default.php","format":"standard","meta":{"_acf_changed":false,"footnotes":""},"article_tag":[88,31,125],"article_type":[5],"class_list":["post-64487","post","type-post","status-publish","format-standard","has-post-thumbnail","hentry","article_tag-ciekawostki","article_tag-muzyka","article_tag-rozrywka","article_type-lifestyle"],"acf":[],"_links":{"self":[{"href":"https:\/\/www.ebilet.pl\/now\/wp-json\/wp\/v2\/posts\/64487","targetHints":{"allow":["GET"]}}],"collection":[{"href":"https:\/\/www.ebilet.pl\/now\/wp-json\/wp\/v2\/posts"}],"about":[{"href":"https:\/\/www.ebilet.pl\/now\/wp-json\/wp\/v2\/types\/post"}],"author":[{"embeddable":true,"href":"https:\/\/www.ebilet.pl\/now\/wp-json\/wp\/v2\/users\/14"}],"replies":[{"embeddable":true,"href":"https:\/\/www.ebilet.pl\/now\/wp-json\/wp\/v2\/comments?post=64487"}],"version-history":[{"count":1,"href":"https:\/\/www.ebilet.pl\/now\/wp-json\/wp\/v2\/posts\/64487\/revisions"}],"predecessor-version":[{"id":64490,"href":"https:\/\/www.ebilet.pl\/now\/wp-json\/wp\/v2\/posts\/64487\/revisions\/64490"}],"wp:featuredmedia":[{"embeddable":true,"href":"https:\/\/www.ebilet.pl\/now\/wp-json\/wp\/v2\/media\/64488"}],"wp:attachment":[{"href":"https:\/\/www.ebilet.pl\/now\/wp-json\/wp\/v2\/media?parent=64487"}],"wp:term":[{"taxonomy":"article_tag","embeddable":true,"href":"https:\/\/www.ebilet.pl\/now\/wp-json\/wp\/v2\/article_tag?post=64487"},{"taxonomy":"article_type","embeddable":true,"href":"https:\/\/www.ebilet.pl\/now\/wp-json\/wp\/v2\/article_type?post=64487"}],"curies":[{"name":"wp","href":"https:\/\/api.w.org\/{rel}","templated":true}]}}