{"id":64443,"date":"2025-08-09T20:40:11","date_gmt":"2025-08-09T19:40:11","guid":{"rendered":"https:\/\/www.ebilet.pl\/now\/?p=64443"},"modified":"2025-08-27T20:47:45","modified_gmt":"2025-08-27T19:47:45","slug":"polskie-tance-narodowe-jakie-sa-i-czym-sie-charakteryzuja","status":"publish","type":"post","link":"https:\/\/www.ebilet.pl\/now\/polskie-tance-narodowe-jakie-sa-i-czym-sie-charakteryzuja\/","title":{"rendered":"Polskie ta\u0144ce narodowe \u2013 jakie s\u0105 i czym si\u0119 charakteryzuj\u0105?"},"content":{"rendered":"\n<section class=\"text-block  section-margin-32\" >\n    <div class=\"container\">\n        <div class=\"row\">\n            <div class=\"col-24\">\n                <div class=\"text-block__content\"><h2><strong>Czym s\u0105 polskie ta\u0144ce narodowe?<\/strong><\/h2>\n<p><span style=\"font-weight: 400;\">Polskie ta\u0144ce narodowe wywodz\u0105 si\u0119 z ta\u0144c\u00f3w ludowych, kt\u00f3re by\u0142y praktykowane na terenie ca\u0142ego kraju. Pierwsze pr\u00f3by sklasyfikowania ta\u0144c\u00f3w narodowych podejmowano ju\u017c w XIX wieku.<\/span><\/p>\n<p><span style=\"font-weight: 400;\">Ta\u0144ce ludowe pojawi\u0142y si\u0119 znacznie wcze\u015bniej, bo ju\u017c w \u015bredniowieczu. <\/span><b>Duchowni grzmieli jednak z ambon, \u017ce taniec (jakikolwiek) jest niemoralny. <\/b><span style=\"font-weight: 400;\">Co wi\u0119cej, na synodach zakazywano go tak samo jak rozpustnego ubioru czy pija\u0144stwa. Wed\u0142ug kap\u0142an\u00f3w taniec mia\u0142 cieszy\u0107 szatana, przez co by\u0142 uwa\u017cany za grzech.\u00a0<\/span><\/p>\n<p><b>Ludzie jednak potrzebowali rozrywki<\/b><span style=\"font-weight: 400;\"> (tak, jak i potrzebuj\u0105 jej teraz, cho\u0107 dzisiejsze ta\u0144ce znacznie r\u00f3\u017cni\u0105 si\u0119 od ludowych czy narodowych).<\/span><b> Dlatego te\u017c ta\u0144czyli w karczmach \u2013 a to duchowni pot\u0119piali najbardziej.\u00a0<\/b><\/p>\n<p><b>Czasy jednak si\u0119 zmienia\u0142y i za panowania Stanis\u0142awa Augusta Poniatowskiego istnia\u0142y ju\u017c szko\u0142y taneczne.<\/b><span style=\"font-weight: 400;\"> Do tematyki tej nawi\u0105zywa\u0142y tak\u017ce szko\u0142y podlegaj\u0105ce Komisji Edukacji Narodowej (co zabawne, by\u0142y to szko\u0142y, kt\u00f3re powsta\u0142y po rozpadzie szk\u00f3\u0142 jezuickich). Ponadto taniec sta\u0142 si\u0119 w tamtych czasach wa\u017cnym elementem Szko\u0142y Rycerskiej (Korpusu Kadet\u00f3w).\u00a0<\/span><\/p>\n<p><b>Ta\u0144ce narodowe najwi\u0119ksze znaczenie zyska\u0142y w romantyzmie, ju\u017c podczas zabor\u00f3w. <\/b><span style=\"font-weight: 400;\">Pe\u0142ni\u0142y one funkcj\u0119 \u201ckleju\u201d, kt\u00f3ry mia\u0142 spaja\u0107 polsk\u0105 kultur\u0119. Podczas ta\u0144ca Polacy czuli, \u017ce ich kraj, ich kultura maj\u0105 jeszcze jakiekolwiek znaczenie i warto\u015b\u0107 (by\u0107 mo\u017ce nawet dzi\u0119ki ta\u0144cowi cho\u0107 na kilkana\u015bcie minut mogli zapomnie\u0107 o tym, \u017ce ich kraj ju\u017c praktycznie nie istnieje na mapach). Ta\u0144ce narodowe sta\u0142y si\u0119 jednym z czynnik\u00f3w warunkuj\u0105cych zachowanie to\u017csamo\u015bci narodowej.\u00a0<\/span><\/p>\n<h2><strong>Polskie ta\u0144ce narodowe \u2013 jakie s\u0105?\u00a0<\/strong><\/h2>\n<p><b>W Polsce wyr\u00f3\u017cniamy pi\u0119\u0107 ta\u0144c\u00f3w narodowych o r\u00f3\u017cnych rytmach i charakterach.<\/b><span style=\"font-weight: 400;\"> Cho\u0107 ka\u017cdy z nich ma swoje korzenie w tradycji ludowej, pochodz\u0105 one z r\u00f3\u017cnych region\u00f3w, przez co tak bardzo si\u0119 r\u00f3\u017cni\u0105.<\/span><b> Jak je rozpozna\u0107?<\/b><\/p>\n<ul>\n<li style=\"font-weight: 400;\" aria-level=\"1\"><b>krakowiak <\/b><span style=\"font-weight: 400;\">\u2013 to szybki, \u017cywy taniec w metrum 2\/4 pochodz\u0105cy z Krakowa (nie spodziewa\u0142e\u015b si\u0119 tego, prawda?). Ma charakterystyczny synkopowany rytm (czyli taki, w kt\u00f3rym akcenty metryczne s\u0105 przesuni\u0119te na s\u0142abe cz\u0119\u015bci taktu, dzi\u0119ki czemu pojawiaj\u0105 si\u0119 dynamika i efekt zaskoczenia),<\/span><\/li>\n<li style=\"font-weight: 400;\" aria-level=\"1\"><b>polonez <\/b><span style=\"font-weight: 400;\">\u2013 dostojny i spokojny taniec, kt\u00f3ry wcze\u015bniej nosi\u0142 nazw\u0119 \u201cchodzony\u201d. Dzisiejsza nawi\u0105zuj\u0105ce do s\u0142owa <\/span><i><span style=\"font-weight: 400;\">polonaise<\/span><\/i><span style=\"font-weight: 400;\">, kt\u00f3re z francuskiego oznacza <\/span><i><span style=\"font-weight: 400;\">polski<\/span><\/i><span style=\"font-weight: 400;\">. Pewnie ju\u017c s\u0142yszysz w g\u0142owie charakterystyczn\u0105 melodi\u0119 w metrum 3\/4 z akcentem na <\/span><i><span style=\"font-weight: 400;\">raz<\/span><\/i><span style=\"font-weight: 400;\">,<\/span><\/li>\n<li style=\"font-weight: 400;\" aria-level=\"1\"><b>mazur <\/b><span style=\"font-weight: 400;\">\u2013 dynamiczny taniec z podskokami o \u017cywym rytmie 3\/4 lub 3\/8. Muzyka zawiera du\u017co rytm\u00f3w punktowanych (padaj\u0105 nie tam, gdzie by\u015b si\u0119 tego spodziewa\u0142),<\/span><\/li>\n<li style=\"font-weight: 400;\" aria-level=\"1\"><b>oberek <\/b><span style=\"font-weight: 400;\">\u2013 to najszybszy taniec narodowy w metrum 3\/8,<\/span><\/li>\n<li style=\"font-weight: 400;\" aria-level=\"1\"><b>kujawiak <\/b><span style=\"font-weight: 400;\">\u2013 to powolny taniec w metrum \u00be, kt\u00f3ry pochodzi z Kujaw (tak, wiemy, \u017ce jeste\u015b w szoku!).<\/span><\/li>\n<\/ul>\n<p><span style=\"font-weight: 400;\">Przyjrzyjmy si\u0119 im bli\u017cej.<\/span><\/p>\n<h2><strong>Krakowiak \u2013 jak wygl\u0105da? Sk\u0105d si\u0119 wzi\u0105\u0142?<\/strong><\/h2>\n<p><b>To jeden z najbardziej rozpoznawalnych polskich ta\u0144c\u00f3w narodowych \u2013 \u017cywy, energiczny i skoczny. <\/b><span style=\"font-weight: 400;\">Ta\u0144czony zazwyczaj w metrum 2\/4, krakowiak wywodzi si\u0119 z regionu krakowskiego, gdzie funkcjonowa\u0142 pod r\u00f3\u017cnymi nazwami \u2013 <\/span><i><span style=\"font-weight: 400;\">mijany, dreptany, \u015bcigany, skalbmierzak, proszowiak <\/span><\/i><span style=\"font-weight: 400;\">czy <\/span><i><span style=\"font-weight: 400;\">przebiegany.\u00a0<\/span><\/i><\/p>\n<p><b>Co wyr\u00f3\u017cnia krakowiaka?<\/b><span style=\"font-weight: 400;\"> Od XVIII wieku kojarzony jest z charakterystycznym, synkopowanym rytmem, kt\u00f3ry nadaje mu lekko\u015bci i p\u0119du. Pierwsze zapisy nutowe tego ta\u0144ca pojawi\u0142y si\u0119 mi\u0119dzy 1816 a 1820 rokiem, a wi\u0119c na chwil\u0119 przed nadej\u015bciem romantyzmu.<\/span><\/p>\n<p><span style=\"font-weight: 400;\">W wersji scenicznej czy towarzyskiej cz\u0119sto ta\u0144czy si\u0119 go, jednocze\u015bnie \u015bpiewaj\u0105c. Pojawiaj\u0105 si\u0119 tak\u017ce wersje wy\u0142\u0105cznie instrumentalne. Natomiast<\/span><b> w wykonaniu ludowym wszystko zaczyna si\u0119 od przy\u015bpiewki <\/b><span style=\"font-weight: 400;\">\u2013 zwykle czterech fraz po sze\u015b\u0107 sylab \u2013 kt\u00f3ra wprowadza w rytm i klimat ta\u0144ca.<\/span><\/p>\n<h3><strong>Melodie krakowiak\u00f3w \u2013 kt\u00f3rych warto pos\u0142ucha\u0107?\u00a0<\/strong><\/h3>\n<p><span style=\"font-weight: 400;\">Krakowiak to taniec, kt\u00f3ry zainspirowa\u0142 wielu znanych kompozytor\u00f3w \u2013 nie tylko polskich. Jego \u017cywa, synkopowana rytmika doskonale sprawdza si\u0119 w muzyce koncertowej, a stylizowane wersje krakowiak\u00f3w sta\u0142y si\u0119 nawet cz\u0119\u015bci\u0105 repertuaru klasycznego.<\/span><\/p>\n<p><b>Oto kilka przyk\u0142ad\u00f3w utwor\u00f3w opartych na krakowiaku, kt\u00f3re warto zna\u0107:<\/b><\/p>\n<ul>\n<li style=\"font-weight: 400;\" aria-level=\"1\"><span style=\"font-weight: 400;\">Fryderyk Chopin \u2013 <\/span><i><span style=\"font-weight: 400;\">Krakowiak <\/span><\/i><span style=\"font-weight: 400;\">op. 14 na fortepian i orkiestr\u0119 (1828),<\/span><\/li>\n<li style=\"font-weight: 400;\" aria-level=\"1\"><span style=\"font-weight: 400;\">Maurycy Moszkowski \u2013 <\/span><i><span style=\"font-weight: 400;\">Krakowiak <\/span><\/i><span style=\"font-weight: 400;\">na fortepian,<\/span><\/li>\n<li style=\"font-weight: 400;\" aria-level=\"1\"><span style=\"font-weight: 400;\">Roman Statkowski \u2013 <\/span><i><span style=\"font-weight: 400;\">Krakowiak <\/span><\/i><span style=\"font-weight: 400;\">D-dur op. 7 \u201cAlla cracovienne\u201d na skrzypce i fortepian,<\/span><\/li>\n<li style=\"font-weight: 400;\" aria-level=\"1\"><span style=\"font-weight: 400;\">W\u0142adys\u0142aw \u017bele\u0144ski \u2013 <\/span><i><span style=\"font-weight: 400;\">Krakowiak <\/span><\/i><span style=\"font-weight: 400;\">op. 47 na fortepian na cztery r\u0119ce,<\/span><\/li>\n<li style=\"font-weight: 400;\" aria-level=\"1\"><span style=\"font-weight: 400;\">Ignacy Jan Paderewski \u2013 <\/span><i><span style=\"font-weight: 400;\">Krakowiak fantastyczny<\/span><\/i><span style=\"font-weight: 400;\">,\u00a0<\/span><\/li>\n<li style=\"font-weight: 400;\" aria-level=\"1\"><span style=\"font-weight: 400;\">Henryk Opie\u0144ski \u2013 <\/span><i><span style=\"font-weight: 400;\">Krakowiak <\/span><\/i><span style=\"font-weight: 400;\">op. 7 na fortepian,<\/span><\/li>\n<li style=\"font-weight: 400;\" aria-level=\"1\"><span style=\"font-weight: 400;\">Karol Szymanowski \u2013 <\/span><i><span style=\"font-weight: 400;\">Krakowiak <\/span><\/i><span style=\"font-weight: 400;\">na fortepian,<\/span><\/li>\n<li style=\"font-weight: 400;\" aria-level=\"1\"><span style=\"font-weight: 400;\">Ludomir R\u00f3\u017cycki \u2013 wykorzystanie krakowiaka w balecie <\/span><i><span style=\"font-weight: 400;\">Pan Twardowski <\/span><\/i><span style=\"font-weight: 400;\">(1921),<\/span><\/li>\n<li style=\"font-weight: 400;\" aria-level=\"1\"><span style=\"font-weight: 400;\">Michai\u0142 Glinka \u2013 motywy krakowiaka w operze <\/span><i><span style=\"font-weight: 400;\">Iwan Susanin.<\/span><\/i><\/li>\n<\/ul>\n<p><span style=\"font-weight: 400;\">Je\u015bli chcesz pos\u0142ucha\u0107, jak krakowiak brzmi poza scen\u0105 ludow\u0105 \u2013 te kompozycje b\u0119d\u0105 idealnym wyborem.<\/span><\/p>\n<h2><strong>Polonez \u2013 charakterystyka ta\u0144ca narodowego<\/strong><\/h2>\n<p><span style=\"font-weight: 400;\">Polonez to jeden z najbardziej rozpoznawalnych polskich ta\u0144c\u00f3w narodowych \u2013 dawniej ta\u0144czony na dworach, dzi\u015b najcz\u0119\u015bciej otwiera szkolne bale, takie jak studni\u00f3wki czy komersy.<\/span><\/p>\n<p><b>Co warto o nim wiedzie\u0107?\u00a0<\/b><\/p>\n<ul>\n<li style=\"font-weight: 400;\" aria-level=\"1\"><span style=\"font-weight: 400;\">to taniec korowodowy, wykonywany w metrum tr\u00f3jdzielnym (3\/4), w spokojnym, dostojnym tempie,<\/span><\/li>\n<li style=\"font-weight: 400;\" aria-level=\"1\"><span style=\"font-weight: 400;\">charakterystyczny rytm: \u00f3semka \u2013 dwie szesnastki \u2013 \u00f3semka \u2013 \u00f3semka (rytmika \u00f3semkowa z dwiema szesnastkami na \u201ci\u201d pierwszej miary),<\/span><\/li>\n<li style=\"font-weight: 400;\" aria-level=\"1\"><span style=\"font-weight: 400;\">uk\u0142ad prowadzi pierwsza para, a pozosta\u0142e pod\u0105\u017caj\u0105, tworz\u0105c linie proste i kr\u0119te,<\/span><\/li>\n<li style=\"font-weight: 400;\" aria-level=\"1\"><span style=\"font-weight: 400;\">taniec nie ma element\u00f3w skokowych \u2013 kroki maj\u0105 by\u0107 dostojne.<\/span><\/li>\n<\/ul>\n<p><span style=\"font-weight: 400;\">Ju\u017c w XIX wieku uznano poloneza za najstarszy taniec narodowy, a jego szlachetna forma by\u0142a szczeg\u00f3lnie popularna w\u015br\u00f3d wy\u017cszych warstw spo\u0142ecznych. Wsp\u00f3\u0142cze\u015bnie ta\u0144czy si\u0119 go w r\u00f3\u017cnych strojach \u2013 od tradycyjnych stroj\u00f3w narodowych (kontuszowych) oraz sukniach empirowych i mundurach z czas\u00f3w Ksi\u0119stwa Warszawskiego po wieczorowe suknie i garnitury. Przy czym pierwsze dwa wymienione stroje s\u0105 uznawane za tradycyjne.\u00a0<\/span><\/p>\n<h3><strong>Sk\u0105d wzi\u0119\u0142a si\u0119 nazwa poloneza?<\/strong><\/h3>\n<p><b>Dzisiejsza nazwa \u201cpolonez\u201d pochodzi z j\u0119zyka francuskiego \u2013 od <\/b><b><i>la danse polonaise<\/i><\/b><b>, czyli dos\u0142ownie \u201cta\u0144ca polskiego\u201d. <\/b><span style=\"font-weight: 400;\">To w\u0142a\u015bnie ta forma przyj\u0119\u0142a si\u0119 w Europie, gdy polski taniec dworski zyska\u0142 popularno\u015b\u0107 poza granicami kraju.<\/span><\/p>\n<p><span style=\"font-weight: 400;\">Wcze\u015bniejsze nazwy nie by\u0142y zbyt dostojne. Cho\u0107 <\/span><i><span style=\"font-weight: 400;\">taniec polski<\/span><\/i><span style=\"font-weight: 400;\"> czy <\/span><i><span style=\"font-weight: 400;\">starodawny, chmielowy <\/span><\/i><span style=\"font-weight: 400;\">oraz <\/span><i><span style=\"font-weight: 400;\">chodzony<\/span><\/i><span style=\"font-weight: 400;\"> brzmi\u0105 dobrze, to sam przyznaj, \u017ce <\/span><i><span style=\"font-weight: 400;\">\u0142a\u017cony, g\u0119si <\/span><\/i><span style=\"font-weight: 400;\">oraz <\/span><i><span style=\"font-weight: 400;\">\u00a0okr\u0105g\u0142y<\/span><\/i><span style=\"font-weight: 400;\"> nie s\u0105 najlepszymi okre\u015bleniami. Wyobra\u017casz sobie rozpoczyna\u0107 studni\u00f3wk\u0119 od <\/span><i><span style=\"font-weight: 400;\">\u0142a\u017conego<\/span><\/i><span style=\"font-weight: 400;\">? My te\u017c nie!<\/span><\/p>\n<p><span style=\"font-weight: 400;\">W literaturze XVI i XVII wieku pojawiaj\u0105 si\u0119 te\u017c okre\u015blenia takie jak <\/span><i><span style=\"font-weight: 400;\">\u015bwieczkowy, wielki <\/span><\/i><span style=\"font-weight: 400;\">czy <\/span><i><span style=\"font-weight: 400;\">staro\u015bwiecki<\/span><\/i><span style=\"font-weight: 400;\">. Cz\u0119\u015b\u0107 z tych nazw sugeruje, \u017ce taniec m\u00f3g\u0142 by\u0107 wykonywany w rytmie czteromiarowym, zanim ustali\u0142a si\u0119 jego dzisiejsza forma.<\/span><\/p>\n<\/div>\n            <\/div>\n        <\/div>\n    <\/div>\n<\/section>\n\n\n<section class=\"tickets-slider  section-margin-32\"\n    data-tickets-slider\n    data-item-list-name=\"Karuzela z buttonami\"\n    data-item-list-id=\"karuzela_z_buttonami\"\n    >\n    <div class=\"container\">\n        <div class=\"row\">\n            <div class=\"col-24\">\n                <div class=\"tickets-slider__main\">\n                    <div class=\"tickets-slider__nav tickets-slider__nav--prev\">\n                        <div class=\"button button--withIcon button--theme-white-blur button--size-fixed-48\" data-tickets-slider-prev>\n                            <span class=\"button__icon icon icon-chevron-left\"><\/span>\n                        <\/div>\n                    <\/div>\n                    <div class=\"tickets-slider__nav tickets-slider__nav--next\">\n                        <div class=\"button button--withIcon button--theme-white-blur button--size-fixed-48\" data-tickets-slider-next>\n                            <span class=\"button__icon icon icon-chevron-right\"><\/span>\n                        <\/div>\n                    <\/div>\n                    <div class=\"tickets-slider__slider swiper\" data-tickets-slider-slider>\n                        <div class=\"tickets-slider__sliderWrapper swiper-wrapper\">\n                                                            <div class=\"tickets-slider__sliderItem swiper-slide\"\n                                    data-id=\"63906\"\n                                    data-name=\"Mecze towarzyskie Reprezentacji Polski m\u0119\u017cczyzn w siatk\u00f3wce\"\n                                    data-brand=\"Polska Siatk\u00f3wka Sp. z o.o.\"\n                                    data-category=\"sport\"\n                                    data-subcategory=\"sporty-druzynowe\"\n                                    data-city=\"Katowice, Sosnowiec\"\n                                    data-venue=\"ArcelorMittal Park w Sosnowcu\">\n                                    <div class=\"tickets-slider__sliderCard\">\n                                        \n<div class=\"card-ticket\">\n        <div class=\"card-ticket__image\">\n        <a href=\"https:\/\/www.ebilet.pl\/sport\/sporty-druzynowe\/mecz-siatkowki\">\n            <img decoding=\"async\" src=\"https:\/\/www.ebilet.pl\/media\/cms\/media\/paxoijep\/mecz-1-e7ebdff4-0eeb-4b41-87f8-b8cc79cca9e1.webp\" alt=\"Plakat wydarzenia\" \/>\n        <\/a>\n    <\/div>\n             \n    <div class=\"card-ticket__link\">\n        <a href=\"https:\/\/www.ebilet.pl\/sport\/sporty-druzynowe\/mecz-siatkowki\" class=\"button button--theme-primary-yellow button--withIconLeft button--size-small\">\n            <span class=\"button__icon icon icon-ticket\"><\/span>\n            <p class=\"button__text typo-16 f-600\">Kup bilet<\/p>\n        <\/a>\n    <\/div>\n    <\/div>                                    <\/div>\n                                <\/div>\n                                                            <div class=\"tickets-slider__sliderItem swiper-slide\"\n                                    data-id=\"13630\"\n                                    data-name=\"M\u0119skie Granie 2026\"\n                                    data-brand=\"LIVE Sp. z o.o.\"\n                                    data-category=\"muzyka\"\n                                    data-subcategory=\"festiwale\"\n                                    data-city=\"Gda\u0144sk, Krak\u00f3w, Pozna\u0144 i inne\"\n                                    data-venue=\"\u017bywiec Amfiteatr pod Grojcem\">\n                                    <div class=\"tickets-slider__sliderCard\">\n                                        \n<div class=\"card-ticket\">\n        <div class=\"card-ticket__image\">\n        <a href=\"https:\/\/www.ebilet.pl\/muzyka\/festiwale\/meskie-granie\">\n            <img decoding=\"async\" src=\"https:\/\/www.ebilet.pl\/media\/cms\/media\/otqfs0tb\/552x736-11-18222119-c0b1-48d3-9da6-2d9f34d401ee.webp\" alt=\"Plakat wydarzenia\" \/>\n        <\/a>\n    <\/div>\n             \n    <div class=\"card-ticket__link\">\n        <a href=\"https:\/\/www.ebilet.pl\/muzyka\/festiwale\/meskie-granie\" class=\"button button--theme-primary-yellow button--withIconLeft button--size-small\">\n            <span class=\"button__icon icon icon-ticket\"><\/span>\n            <p class=\"button__text typo-16 f-600\">Kup bilet<\/p>\n        <\/a>\n    <\/div>\n    <\/div>                                    <\/div>\n                                <\/div>\n                                                            <div class=\"tickets-slider__sliderItem swiper-slide\"\n                                    data-id=\"146847\"\n                                    data-name=\"Gdzie na maj\u00f3wk\u0119 2026?\"\n                                    data-brand=\"eBilet\"\n                                    data-category=\"biznes\"\n                                    data-subcategory=\"pozostale\"\n                                    data-city=\"\"\n                                    data-venue=\"\">\n                                    <div class=\"tickets-slider__sliderCard\">\n                                        \n<div class=\"card-ticket\">\n        <div class=\"card-ticket__image\">\n        <a href=\"https:\/\/www.ebilet.pl\/biznes\/pozostale\/majowka\">\n            <img decoding=\"async\" src=\"https:\/\/www.ebilet.pl\/media\/cms\/media\/0ykhdlea\/552x736.webp\" alt=\"Plakat wydarzenia\" \/>\n        <\/a>\n    <\/div>\n             \n    <div class=\"card-ticket__link\">\n        <a href=\"https:\/\/www.ebilet.pl\/biznes\/pozostale\/majowka\" class=\"button button--theme-primary-yellow button--withIconLeft button--size-small\">\n            <span class=\"button__icon icon icon-ticket\"><\/span>\n            <p class=\"button__text typo-16 f-600\">Kup bilet<\/p>\n        <\/a>\n    <\/div>\n    <\/div>                                    <\/div>\n                                <\/div>\n                                                            <div class=\"tickets-slider__sliderItem swiper-slide\"\n                                    data-id=\"10086\"\n                                    data-name=\"Orange Warsaw Festival 2026\"\n                                    data-brand=\"Alter Art\"\n                                    data-category=\"muzyka\"\n                                    data-subcategory=\"festiwale\"\n                                    data-city=\"Warszawa\"\n                                    data-venue=\"Tor Wy\u015bcig\u00f3w Konnych Warszawa - S\u0142u\u017cewiec\">\n                                    <div class=\"tickets-slider__sliderCard\">\n                                        \n<div class=\"card-ticket\">\n        <div class=\"card-ticket__image\">\n        <a href=\"https:\/\/www.ebilet.pl\/muzyka\/festiwale\/orange-warsaw-festival\">\n            <img decoding=\"async\" src=\"https:\/\/www.ebilet.pl\/media\/cms\/media\/bxnh21tr\/owf_2026_ebilet_552x736-94c1b52f-1e91-4861-ba57-03b21dcd6346.webp\" alt=\"Plakat wydarzenia\" \/>\n        <\/a>\n    <\/div>\n             \n    <div class=\"card-ticket__link\">\n        <a href=\"https:\/\/www.ebilet.pl\/muzyka\/festiwale\/orange-warsaw-festival\" class=\"button button--theme-primary-yellow button--withIconLeft button--size-small\">\n            <span class=\"button__icon icon icon-ticket\"><\/span>\n            <p class=\"button__text typo-16 f-600\">Kup bilet<\/p>\n        <\/a>\n    <\/div>\n    <\/div>                                    <\/div>\n                                <\/div>\n                                                            <div class=\"tickets-slider__sliderItem swiper-slide\"\n                                    data-id=\"205645\"\n                                    data-name=\"Bezpieczna odsprzeda\u017c w apce eBilet\"\n                                    data-brand=\"eBilet\"\n                                    data-category=\"biznes\"\n                                    data-subcategory=\"pozostale\"\n                                    data-city=\"\"\n                                    data-venue=\"\">\n                                    <div class=\"tickets-slider__sliderCard\">\n                                        \n<div class=\"card-ticket\">\n        <div class=\"card-ticket__image\">\n        <a href=\"https:\/\/www.ebilet.pl\/biznes\/pozostale\/odsprzedaz\">\n            <img decoding=\"async\" src=\"https:\/\/www.ebilet.pl\/media\/cms\/media\/lkwf0krx\/552x736-1.webp\" alt=\"Plakat wydarzenia\" \/>\n        <\/a>\n    <\/div>\n             \n    <div class=\"card-ticket__link\">\n        <a href=\"https:\/\/www.ebilet.pl\/biznes\/pozostale\/odsprzedaz\" class=\"button button--theme-primary-yellow button--withIconLeft button--size-small\">\n            <span class=\"button__icon icon icon-ticket\"><\/span>\n            <p class=\"button__text typo-16 f-600\">Kup bilet<\/p>\n        <\/a>\n    <\/div>\n    <\/div>                                    <\/div>\n                                <\/div>\n                                                            <div class=\"tickets-slider__sliderItem swiper-slide\"\n                                    data-id=\"195709\"\n                                    data-name=\"Taco Hemingway 2026 \u2020\u2020\u2020our\"\n                                    data-brand=\"Revolume Sp. z o.o.\"\n                                    data-category=\"muzyka\"\n                                    data-subcategory=\"hip-hop-rap\"\n                                    data-city=\"Gda\u0144sk\/Sopot, Krak\u00f3w, Warszawa i inne\"\n                                    data-venue=\"Hala Stulecia\">\n                                    <div class=\"tickets-slider__sliderCard\">\n                                        \n<div class=\"card-ticket\">\n        <div class=\"card-ticket__image\">\n        <a href=\"https:\/\/www.ebilet.pl\/muzyka\/hip-hop-rap\/taco-hemingway\">\n            <img decoding=\"async\" src=\"https:\/\/www.ebilet.pl\/media\/cms\/media\/goegdsz5\/552x736-ogolna.webp\" alt=\"Plakat wydarzenia\" \/>\n        <\/a>\n    <\/div>\n             \n    <div class=\"card-ticket__link\">\n        <a href=\"https:\/\/www.ebilet.pl\/muzyka\/hip-hop-rap\/taco-hemingway\" class=\"button button--theme-primary-yellow button--withIconLeft button--size-small\">\n            <span class=\"button__icon icon icon-ticket\"><\/span>\n            <p class=\"button__text typo-16 f-600\">Kup bilet<\/p>\n        <\/a>\n    <\/div>\n    <\/div>                                    <\/div>\n                                <\/div>\n                                                            <div class=\"tickets-slider__sliderItem swiper-slide\"\n                                    data-id=\"14808\"\n                                    data-name=\"VNL 2026 - Siatkarska Liga Narod\u00f3w M\u0119\u017cczyzn\"\n                                    data-brand=\"Polska Siatk\u00f3wka Sp. z o.o.\"\n                                    data-category=\"sport\"\n                                    data-subcategory=\"sporty-druzynowe\"\n                                    data-city=\"Gliwice\"\n                                    data-venue=\"PreZero Arena Gliwice\">\n                                    <div class=\"tickets-slider__sliderCard\">\n                                        \n<div class=\"card-ticket\">\n        <div class=\"card-ticket__image\">\n        <a href=\"https:\/\/www.ebilet.pl\/sport\/sporty-druzynowe\/siatkowka\">\n            <img decoding=\"async\" src=\"https:\/\/www.ebilet.pl\/media\/cms\/media\/sm3bcgpb\/vnl_m_552x736-2-ff8b8c4b-8e2c-494a-980f-b32762865327.webp\" alt=\"Plakat wydarzenia\" \/>\n        <\/a>\n    <\/div>\n             \n    <div class=\"card-ticket__link\">\n        <a href=\"https:\/\/www.ebilet.pl\/sport\/sporty-druzynowe\/siatkowka\" class=\"button button--theme-primary-yellow button--withIconLeft button--size-small\">\n            <span class=\"button__icon icon icon-ticket\"><\/span>\n            <p class=\"button__text typo-16 f-600\">Kup bilet<\/p>\n        <\/a>\n    <\/div>\n    <\/div>                                    <\/div>\n                                <\/div>\n                                                            <div class=\"tickets-slider__sliderItem swiper-slide\"\n                                    data-id=\"8527\"\n                                    data-name=\"OFF Festival Katowice 2026\"\n                                    data-brand=\"Fundacja Independent\"\n                                    data-category=\"muzyka\"\n                                    data-subcategory=\"festiwale\"\n                                    data-city=\"Katowice\"\n                                    data-venue=\"Katowicki Park Le\u015bny - Dolina Trzech Staw\u00f3w\">\n                                    <div class=\"tickets-slider__sliderCard\">\n                                        \n<div class=\"card-ticket\">\n        <div class=\"card-ticket__image\">\n        <a href=\"https:\/\/www.ebilet.pl\/muzyka\/festiwale\/off-festival\">\n            <img decoding=\"async\" src=\"https:\/\/www.ebilet.pl\/media\/cms\/media\/fe2gemsg\/ebilet-okladka-pion-552x736-e42b2686-71fa-4408-b72e-911ed7d4ce12.webp\" alt=\"Plakat wydarzenia\" \/>\n        <\/a>\n    <\/div>\n             \n    <div class=\"card-ticket__link\">\n        <a href=\"https:\/\/www.ebilet.pl\/muzyka\/festiwale\/off-festival\" class=\"button button--theme-primary-yellow button--withIconLeft button--size-small\">\n            <span class=\"button__icon icon icon-ticket\"><\/span>\n            <p class=\"button__text typo-16 f-600\">Kup bilet<\/p>\n        <\/a>\n    <\/div>\n    <\/div>                                    <\/div>\n                                <\/div>\n                                                            <div class=\"tickets-slider__sliderItem swiper-slide\"\n                                    data-id=\"205426\"\n                                    data-name=\"Two Feet\"\n                                    data-brand=\"Alter Art\"\n                                    data-category=\"muzyka\"\n                                    data-subcategory=\"rock\"\n                                    data-city=\"Krak\u00f3w, Warszawa\"\n                                    data-venue=\"Klub Studio\">\n                                    <div class=\"tickets-slider__sliderCard\">\n                                        \n<div class=\"card-ticket\">\n        <div class=\"card-ticket__image\">\n        <a href=\"https:\/\/www.ebilet.pl\/muzyka\/rock\/two-feet\">\n            <img decoding=\"async\" src=\"https:\/\/www.ebilet.pl\/media\/cms\/media\/ha4l5hjv\/two_feet_ebilet_552x736-629eacd1-4fb5-4747-bd12-b59d341bcc29.webp\" alt=\"Plakat wydarzenia\" \/>\n        <\/a>\n    <\/div>\n             \n    <div class=\"card-ticket__link\">\n        <a href=\"https:\/\/www.ebilet.pl\/muzyka\/rock\/two-feet\" class=\"button button--theme-primary-yellow button--withIconLeft button--size-small\">\n            <span class=\"button__icon icon icon-ticket\"><\/span>\n            <p class=\"button__text typo-16 f-600\">Kup bilet<\/p>\n        <\/a>\n    <\/div>\n    <\/div>                                    <\/div>\n                                <\/div>\n                                                            <div class=\"tickets-slider__sliderItem swiper-slide\"\n                                    data-id=\"8112\"\n                                    data-name=\"21. Tauron Nowa Muzyka Katowice 2026\"\n                                    data-brand=\"Fundacja Nowa Muzyka Katowice\"\n                                    data-category=\"muzyka\"\n                                    data-subcategory=\"festiwale\"\n                                    data-city=\"Katowice\"\n                                    data-venue=\"Narodowa Orkiestra Symfoniczna Polskiego Radia - NOSPR\">\n                                    <div class=\"tickets-slider__sliderCard\">\n                                        \n<div class=\"card-ticket\">\n        <div class=\"card-ticket__image\">\n        <a href=\"https:\/\/www.ebilet.pl\/muzyka\/festiwale\/tauron-nowa-muzyka\">\n            <img decoding=\"async\" src=\"https:\/\/www.ebilet.pl\/media\/cms\/media\/ksnpugtd\/secret-stage-12d20587-5578-4e4b-baa0-104b56bea764.webp\" alt=\"Plakat wydarzenia\" \/>\n        <\/a>\n    <\/div>\n             \n    <div class=\"card-ticket__link\">\n        <a href=\"https:\/\/www.ebilet.pl\/muzyka\/festiwale\/tauron-nowa-muzyka\" class=\"button button--theme-primary-yellow button--withIconLeft button--size-small\">\n            <span class=\"button__icon icon icon-ticket\"><\/span>\n            <p class=\"button__text typo-16 f-600\">Kup bilet<\/p>\n        <\/a>\n    <\/div>\n    <\/div>                                    <\/div>\n                                <\/div>\n                                                            <div class=\"tickets-slider__sliderItem swiper-slide\"\n                                    data-id=\"204964\"\n                                    data-name=\"EPIC ROCK: Symphonic Concert\"\n                                    data-brand=\"VISUAL PRODUCTION Sp. z o.o. \"\n                                    data-category=\"muzyka\"\n                                    data-subcategory=\"rock\"\n                                    data-city=\"Gdynia, Pozna\u0144, Warszawa i inne\"\n                                    data-venue=\"MTP - Mi\u0119dzynarodowe Targi Pozna\u0144skie\">\n                                    <div class=\"tickets-slider__sliderCard\">\n                                        \n<div class=\"card-ticket\">\n        <div class=\"card-ticket__image\">\n        <a href=\"https:\/\/www.ebilet.pl\/muzyka\/rock\/epic-rock-symphonic-concert\">\n            <img decoding=\"async\" src=\"https:\/\/www.ebilet.pl\/media\/cms\/media\/gqgdpaua\/552x736-epic-rock_data-d7743615-48da-4014-8a56-ff6b809a1c25.webp\" alt=\"Plakat wydarzenia\" \/>\n        <\/a>\n    <\/div>\n             \n    <div class=\"card-ticket__link\">\n        <a href=\"https:\/\/www.ebilet.pl\/muzyka\/rock\/epic-rock-symphonic-concert\" class=\"button button--theme-primary-yellow button--withIconLeft button--size-small\">\n            <span class=\"button__icon icon icon-ticket\"><\/span>\n            <p class=\"button__text typo-16 f-600\">Kup bilet<\/p>\n        <\/a>\n    <\/div>\n    <\/div>                                    <\/div>\n                                <\/div>\n                                                            <div class=\"tickets-slider__sliderItem swiper-slide\"\n                                    data-id=\"169470\"\n                                    data-name=\"Morrissey\"\n                                    data-brand=\"Winiary Bookings sp. z o. o.\"\n                                    data-category=\"muzyka\"\n                                    data-subcategory=\"rock\"\n                                    data-city=\"Warszawa\"\n                                    data-venue=\"Letnia Scena Progresji\">\n                                    <div class=\"tickets-slider__sliderCard\">\n                                        \n<div class=\"card-ticket\">\n        <div class=\"card-ticket__image\">\n        <a href=\"https:\/\/www.ebilet.pl\/muzyka\/rock\/morrissey\">\n            <img decoding=\"async\" src=\"https:\/\/www.ebilet.pl\/media\/cms\/media\/v0fhczer\/morrissey-ebilet-strona-wydarzenia-pion-warszawa-2b0fb3a5-f2dd-4773-8334-2fab1e2a5a89.webp\" alt=\"Plakat wydarzenia\" \/>\n        <\/a>\n    <\/div>\n             \n    <div class=\"card-ticket__link\">\n        <a href=\"https:\/\/www.ebilet.pl\/muzyka\/rock\/morrissey\" class=\"button button--theme-primary-yellow button--withIconLeft button--size-small\">\n            <span class=\"button__icon icon icon-ticket\"><\/span>\n            <p class=\"button__text typo-16 f-600\">Kup bilet<\/p>\n        <\/a>\n    <\/div>\n    <\/div>                                    <\/div>\n                                <\/div>\n                                                            <div class=\"tickets-slider__sliderItem swiper-slide\"\n                                    data-id=\"5930\"\n                                    data-name=\"Audioriver Festival 2026\"\n                                    data-brand=\"Audioriver Sp. z o.o.\"\n                                    data-category=\"muzyka\"\n                                    data-subcategory=\"festiwale\"\n                                    data-city=\"\u0141\u00f3d\u017a\"\n                                    data-venue=\"B\u0142onia \u0141\u00f3dzkie\">\n                                    <div class=\"tickets-slider__sliderCard\">\n                                        \n<div class=\"card-ticket\">\n        <div class=\"card-ticket__image\">\n        <a href=\"https:\/\/www.ebilet.pl\/muzyka\/festiwale\/audioriver\">\n            <img decoding=\"async\" src=\"https:\/\/www.ebilet.pl\/media\/cms\/media\/gfjpcqll\/so-far5-pion-84d088fb-d165-4b1b-b069-77f1f8fa737b.webp\" alt=\"Plakat wydarzenia\" \/>\n        <\/a>\n    <\/div>\n             \n    <div class=\"card-ticket__link\">\n        <a href=\"https:\/\/www.ebilet.pl\/muzyka\/festiwale\/audioriver\" class=\"button button--theme-primary-yellow button--withIconLeft button--size-small\">\n            <span class=\"button__icon icon icon-ticket\"><\/span>\n            <p class=\"button__text typo-16 f-600\">Kup bilet<\/p>\n        <\/a>\n    <\/div>\n    <\/div>                                    <\/div>\n                                <\/div>\n                                                            <div class=\"tickets-slider__sliderItem swiper-slide\"\n                                    data-id=\"94598\"\n                                    data-name=\"FAME 31\"\n                                    data-brand=\"Fame MMA\"\n                                    data-category=\"sport\"\n                                    data-subcategory=\"sporty-walki\"\n                                    data-city=\"Koszalin\"\n                                    data-venue=\"Hala Widowiskowo-Sportowa w Koszalinie\">\n                                    <div class=\"tickets-slider__sliderCard\">\n                                        \n<div class=\"card-ticket\">\n        <div class=\"card-ticket__image\">\n        <a href=\"https:\/\/www.ebilet.pl\/sport\/sporty-walki\/fame-mma\">\n            <img decoding=\"async\" src=\"https:\/\/www.ebilet.pl\/media\/cms\/media\/24lbxjty\/fame31-cover-ebilet-552x736.webp\" alt=\"Plakat wydarzenia\" \/>\n        <\/a>\n    <\/div>\n             \n    <div class=\"card-ticket__link\">\n        <a href=\"https:\/\/www.ebilet.pl\/sport\/sporty-walki\/fame-mma\" class=\"button button--theme-primary-yellow button--withIconLeft button--size-small\">\n            <span class=\"button__icon icon icon-ticket\"><\/span>\n            <p class=\"button__text typo-16 f-600\">Kup bilet<\/p>\n        <\/a>\n    <\/div>\n    <\/div>                                    <\/div>\n                                <\/div>\n                                                            <div class=\"tickets-slider__sliderItem swiper-slide\"\n                                    data-id=\"204457\"\n                                    data-name=\"Arcane Epic Symphony\"\n                                    data-brand=\"Stowarzyszenie Klub Fantastyki \u201eDruga Era\u201d\"\n                                    data-category=\"klasyka\"\n                                    data-subcategory=\"muzyka-filmowa\"\n                                    data-city=\"Pozna\u0144\"\n                                    data-venue=\"MTP - Mi\u0119dzynarodowe Targi Pozna\u0144skie\">\n                                    <div class=\"tickets-slider__sliderCard\">\n                                        \n<div class=\"card-ticket\">\n        <div class=\"card-ticket__image\">\n        <a href=\"https:\/\/www.ebilet.pl\/klasyka\/muzyka-filmowa\/arcane-epic-symphony\">\n            <img decoding=\"async\" src=\"https:\/\/www.ebilet.pl\/media\/cms\/media\/soxe2fiy\/p2026_arcane_552x736_1-1-dbdc60e7-ee87-42b6-9944-2c2990e9cc79.webp\" alt=\"Plakat wydarzenia\" \/>\n        <\/a>\n    <\/div>\n             \n    <div class=\"card-ticket__link\">\n        <a href=\"https:\/\/www.ebilet.pl\/klasyka\/muzyka-filmowa\/arcane-epic-symphony\" class=\"button button--theme-primary-yellow button--withIconLeft button--size-small\">\n            <span class=\"button__icon icon icon-ticket\"><\/span>\n            <p class=\"button__text typo-16 f-600\">Kup bilet<\/p>\n        <\/a>\n    <\/div>\n    <\/div>                                    <\/div>\n                                <\/div>\n                                                            <div class=\"tickets-slider__sliderItem swiper-slide\"\n                                    data-id=\"48780\"\n                                    data-name=\"Mistrzostwa \u015awiata w koszyk\u00f3wce 3x3 2026\"\n                                    data-brand=\"Polski Zwi\u0105zek Koszyk\u00f3wki\"\n                                    data-category=\"sport\"\n                                    data-subcategory=\"sporty-druzynowe\"\n                                    data-city=\"Warszawa\"\n                                    data-venue=\"Plac Defilad \">\n                                    <div class=\"tickets-slider__sliderCard\">\n                                        \n<div class=\"card-ticket\">\n        <div class=\"card-ticket__image\">\n        <a href=\"https:\/\/www.ebilet.pl\/sport\/sporty-druzynowe\/koszykowka\">\n            <img decoding=\"async\" src=\"https:\/\/www.ebilet.pl\/media\/cms\/media\/40dkh4qd\/552x739-961a0af8-0c70-4f76-b55e-bf23fa63fae4.webp\" alt=\"Plakat wydarzenia\" \/>\n        <\/a>\n    <\/div>\n             \n    <div class=\"card-ticket__link\">\n        <a href=\"https:\/\/www.ebilet.pl\/sport\/sporty-druzynowe\/koszykowka\" class=\"button button--theme-primary-yellow button--withIconLeft button--size-small\">\n            <span class=\"button__icon icon icon-ticket\"><\/span>\n            <p class=\"button__text typo-16 f-600\">Kup bilet<\/p>\n        <\/a>\n    <\/div>\n    <\/div>                                    <\/div>\n                                <\/div>\n                                                            <div class=\"tickets-slider__sliderItem swiper-slide\"\n                                    data-id=\"121727\"\n                                    data-name=\"Rzeszowskie Juwenalia 2026\"\n                                    data-brand=\"BREND GROUP SP\u00d3\u0141KA Z OGRANICZON\u0104 ODPOWIEDZIALNO\u015aCI\u0104\"\n                                    data-category=\"muzyka\"\n                                    data-subcategory=\"festiwale\"\n                                    data-city=\"Rzesz\u00f3w\"\n                                    data-venue=\"\">\n                                    <div class=\"tickets-slider__sliderCard\">\n                                        \n<div class=\"card-ticket\">\n        <div class=\"card-ticket__image\">\n        <a href=\"https:\/\/www.ebilet.pl\/muzyka\/festiwale\/rzeszowskie-juwenalia\">\n            <img decoding=\"async\" src=\"https:\/\/www.ebilet.pl\/media\/cms\/media\/mmxfjquy\/rzj_ebilet-ok_adka-pion-c1e9f827-0b41-4d73-81c6-5531b20e6005.webp\" alt=\"Plakat wydarzenia\" \/>\n        <\/a>\n    <\/div>\n             \n    <div class=\"card-ticket__link\">\n        <a href=\"https:\/\/www.ebilet.pl\/muzyka\/festiwale\/rzeszowskie-juwenalia\" class=\"button button--theme-primary-yellow button--withIconLeft button--size-small\">\n            <span class=\"button__icon icon icon-ticket\"><\/span>\n            <p class=\"button__text typo-16 f-600\">Kup bilet<\/p>\n        <\/a>\n    <\/div>\n    <\/div>                                    <\/div>\n                                <\/div>\n                                                            <div class=\"tickets-slider__sliderItem swiper-slide\"\n                                    data-id=\"37617\"\n                                    data-name=\"Editors\"\n                                    data-brand=\"Alter Art\"\n                                    data-category=\"muzyka\"\n                                    data-subcategory=\"rock\"\n                                    data-city=\"\"\n                                    data-venue=\"Klub Stodo\u0142a\">\n                                    <div class=\"tickets-slider__sliderCard\">\n                                        \n<div class=\"card-ticket\">\n        <div class=\"card-ticket__image\">\n        <a href=\"https:\/\/www.ebilet.pl\/muzyka\/rock\/editors\">\n            <img decoding=\"async\" src=\"https:\/\/www.ebilet.pl\/media\/cms\/media\/cbfdkmu2\/editors_2027_552x736_ebilet-7c254908-ec0a-4f27-8a1c-ff7961cef0cd.webp\" alt=\"Plakat wydarzenia\" \/>\n        <\/a>\n    <\/div>\n             \n    <div class=\"card-ticket__link\">\n        <a href=\"https:\/\/www.ebilet.pl\/muzyka\/rock\/editors\" class=\"button button--theme-primary-yellow button--withIconLeft button--size-small\">\n            <span class=\"button__icon icon icon-ticket\"><\/span>\n            <p class=\"button__text typo-16 f-600\">Kup bilet<\/p>\n        <\/a>\n    <\/div>\n    <\/div>                                    <\/div>\n                                <\/div>\n                                                            <div class=\"tickets-slider__sliderItem swiper-slide\"\n                                    data-id=\"16543\"\n                                    data-name=\"Rozta\u0144czony PGE Narodowy 2026\"\n                                    data-brand=\"KRYSIAK POLSKA CORPORATION Sp. z o.o.\"\n                                    data-category=\"muzyka\"\n                                    data-subcategory=\"festiwale\"\n                                    data-city=\"Warszawa\"\n                                    data-venue=\"PGE Narodowy im. Kazimierza G\u00f3rskiego\">\n                                    <div class=\"tickets-slider__sliderCard\">\n                                        \n<div class=\"card-ticket\">\n        <div class=\"card-ticket__image\">\n        <a href=\"https:\/\/www.ebilet.pl\/muzyka\/festiwale\/roztanczony-narodowy\">\n            <img decoding=\"async\" src=\"https:\/\/www.ebilet.pl\/media\/cms\/media\/vzjkxgps\/portal_basic.webp\" alt=\"Plakat wydarzenia\" \/>\n        <\/a>\n    <\/div>\n             \n    <div class=\"card-ticket__link\">\n        <a href=\"https:\/\/www.ebilet.pl\/muzyka\/festiwale\/roztanczony-narodowy\" class=\"button button--theme-primary-yellow button--withIconLeft button--size-small\">\n            <span class=\"button__icon icon icon-ticket\"><\/span>\n            <p class=\"button__text typo-16 f-600\">Kup bilet<\/p>\n        <\/a>\n    <\/div>\n    <\/div>                                    <\/div>\n                                <\/div>\n                                                            <div class=\"tickets-slider__sliderItem swiper-slide\"\n                                    data-id=\"145251\"\n                                    data-name=\"Juwenalia Politechniki Lubelskiej 2026\"\n                                    data-brand=\"EVENT STUDIO KOWALEWSKI BRE\u015a Sp. J.\"\n                                    data-category=\"muzyka\"\n                                    data-subcategory=\"festiwale\"\n                                    data-city=\"Lublin\"\n                                    data-venue=\"Tereny Zielone Politechniki Lubelskiej\">\n                                    <div class=\"tickets-slider__sliderCard\">\n                                        \n<div class=\"card-ticket\">\n        <div class=\"card-ticket__image\">\n        <a href=\"https:\/\/www.ebilet.pl\/muzyka\/festiwale\/juwenalia-politechniki-lubelskiej\">\n            <img decoding=\"async\" src=\"https:\/\/www.ebilet.pl\/media\/cms\/media\/banlyonx\/552x736-1-f8bcb3b5-3fce-455f-89a1-2ee3034689b1.webp\" alt=\"Plakat wydarzenia\" \/>\n        <\/a>\n    <\/div>\n             \n    <div class=\"card-ticket__link\">\n        <a href=\"https:\/\/www.ebilet.pl\/muzyka\/festiwale\/juwenalia-politechniki-lubelskiej\" class=\"button button--theme-primary-yellow button--withIconLeft button--size-small\">\n            <span class=\"button__icon icon icon-ticket\"><\/span>\n            <p class=\"button__text typo-16 f-600\">Kup bilet<\/p>\n        <\/a>\n    <\/div>\n    <\/div>                                    <\/div>\n                                <\/div>\n                                                    <\/div>\n                    <\/div>\n                <\/div>\n            <\/div>\n        <\/div>\n    <\/div>\n<\/section>\n\n\n<section class=\"text-block  section-margin-32\" >\n    <div class=\"container\">\n        <div class=\"row\">\n            <div class=\"col-24\">\n                <div class=\"text-block__content\"><h3><strong>A jak powsta\u0142 sam taniec?<\/strong><\/h3>\n<p><b>Polonez nie zawsze by\u0142 tak dostojny, jak dzi\u015b. <\/b><span style=\"font-weight: 400;\">Jego pocz\u0105tki si\u0119gaj\u0105 XVI wieku, kiedy ta\u0144czono go w formie <\/span><i><span style=\"font-weight: 400;\">chodzonego <\/span><\/i><span style=\"font-weight: 400;\">lub <\/span><i><span style=\"font-weight: 400;\">chmielowego <\/span><\/i><span style=\"font-weight: 400;\">\u2013<\/span><b> prostego, rytmicznego ta\u0144ca ludowego.<\/b><span style=\"font-weight: 400;\"> Z czasem trafi\u0142 na szlacheckie dwory, gdzie nabra\u0142 bardziej ceremonialnego charakteru.<\/span><\/p>\n<p><b>Na dworach kr\u00f3lewskich polonez sta\u0142 si\u0119 obowi\u0105zkowym elementem <\/b><span style=\"font-weight: 400;\">\u2013 stanowi\u0142 parad\u0119 szlachty przed monarch\u0105, a tak\u017ce symbol porz\u0105dku i dostoje\u0144stwa. W XVIII wieku ukszta\u0142towa\u0142 si\u0119 jego klasyczny tr\u00f3jmiarowy rytm oraz charakterystyczny \u201ckrok polski\u201d \u2013 wolny, p\u0142ynny, z ozdobnikami i figurami improwizowanymi przez prowadz\u0105cego.<\/span><\/p>\n<p><span style=\"font-weight: 400;\">Pierwszy podr\u0119cznik, w kt\u00f3rym precyzyjnie opisano poloneza, zosta\u0142 wydany w 1755 roku w Saksonii.\u00a0<\/span><\/p>\n<p><b>Popularno\u015b\u0107 poloneza wybuch\u0142a za panowania Sas\u00f3w \u2013 ta\u0144czono go w niemal ca\u0142ej Europie.<\/b><span style=\"font-weight: 400;\"> Rozpoczyna\u0142 bale oraz inne wa\u017cne wydarzenia. Czasem ta\u0144czono go na rozpocz\u0119cie nawet przez p\u00f3\u0142 godziny, a p\u00f3\u017aniej \u2013 kilka do kilkunastu razy w ci\u0105gu tego samego wieczora!<\/span><\/p>\n<p><span style=\"font-weight: 400;\">Inspirowali si\u0119 nim kompozytorzy tacy jak Telemann, Couperin czy Bach. Sta\u0142 si\u0119 nie tylko ta\u0144cem salonowym, lecz tak\u017ce pokazem narodowej dumy. To wtedy zacz\u0119to okre\u015bla\u0107 go <\/span><i><span style=\"font-weight: 400;\">polonaise <\/span><\/i><span style=\"font-weight: 400;\">oraz <\/span><i><span style=\"font-weight: 400;\">polacca<\/span><\/i><span style=\"font-weight: 400;\">.<\/span><\/p>\n<p><b>A potem gwa\u0142townie straci\u0142 na znaczeniu. <\/b><span style=\"font-weight: 400;\">W po\u0142owie XIX wieku praktycznie nikt si\u0119 nim nie interesowa\u0142, a ta\u0144czono go g\u0142\u00f3wnie na uroczystych balach (ale ju\u017c tylko na rozpocz\u0119ciu). <\/span><b>Dzi\u015b najcz\u0119\u015bciej ta\u0144czona jest forma ustalona w latach 80. ubieg\u0142ego wieku przez Rad\u0119 Ekspert\u00f3w ds. Folkloru Ministerstwa Kultury i Sztuki.<\/b><span style=\"font-weight: 400;\"> Okre\u015blono tak pi\u0119\u0107 ustawie\u0144 w parze, a tak\u017ce trzy rodzaje krok\u00f3w, dwa rodzaje uk\u0142on\u00f3w i dziesi\u0119\u0107 figur.\u00a0<\/span><\/p>\n<p><span style=\"font-weight: 400;\">Dzi\u015b polonez nie jest tylko \u201cta\u0144cem na studni\u00f3wk\u0119\u201d. Dzi\u0119ki badaczom, rekonstruktorom i decyzji UNESCO z 2023 roku, zosta\u0142 <\/span><b>oficjalnie wpisany na List\u0119 Niematerialnego Dziedzictwa Kulturowego.\u00a0<\/b><\/p>\n<h3><strong>Dlaczego na studni\u00f3wkach ta\u0144czy si\u0119 poloneza?\u00a0<\/strong><\/h3>\n<p><span style=\"font-weight: 400;\">Zastanawiasz si\u0119, sk\u0105d wzi\u0105\u0142 si\u0119 zwyczaj ta\u0144czenia poloneza na studni\u00f3wkach? To tradycja si\u0119gaj\u0105ca XIX wieku i zwi\u0105zana z pojawieniem si\u0119 egzamin\u00f3w dojrza\u0142o\u015bci \u2013 matur.<\/span><b> Nie b\u0119dziemy zanudza\u0107 ci\u0119 histori\u0105, \u0142ap najwa\u017cniejsze momenty:<\/b><\/p>\n<ul>\n<li style=\"font-weight: 400;\" aria-level=\"1\"><span style=\"font-weight: 400;\">polonez by\u0142 ta\u0144cem otwieraj\u0105cym bale w epoce saskiej i stanis\u0142awowskiej. Gdy w 1812 roku wprowadzono egzaminy dojrza\u0142o\u015bci, pojawi\u0142a si\u0119 potrzeba symbolicznego \u201cprzej\u015bcia\u201d w doros\u0142o\u015b\u0107,<\/span><\/li>\n<li style=\"font-weight: 400;\" aria-level=\"1\"><span style=\"font-weight: 400;\">studni\u00f3wki jako bale przygotowuj\u0105ce do matury zacz\u0119\u0142y pojawia\u0107 si\u0119 ok. 1834 roku, zw\u0142aszcza w zaborze pruskim. W szko\u0142ach uczono ta\u0144c\u00f3w, w tym poloneza, wi\u0119c uczniowie mogli popisa\u0107 si\u0119 swoimi umiej\u0119tno\u015bciami (ostatni raz przed egzaminem),<\/span><\/li>\n<li style=\"font-weight: 400;\" aria-level=\"1\"><span style=\"font-weight: 400;\">polonez by\u0142 popularny w zaborze Pruskim i niekt\u00f3rych prowincjach Monarchii Austriackiej, natomiast w zaborze rosyjskim bywa\u0142 nawet zakazany \u2013 wyj\u0105tkiem by\u0142y Kresy, np. Wilno i Grodno,<\/span><\/li>\n<li style=\"font-weight: 400;\" aria-level=\"1\"><span style=\"font-weight: 400;\">po odzyskaniu niepodleg\u0142o\u015bci (1918 rok) i reformie szkolnictwa (1932 rok) polonez zosta\u0142 w szko\u0142ach uznany za element tradycji,<\/span><\/li>\n<li style=\"font-weight: 400;\" aria-level=\"1\"><span style=\"font-weight: 400;\">po 1948 roku nauk\u0119 poloneza usuni\u0119to z program\u00f3w szkolnych, ale zwyczaj ta\u0144czenia go na studni\u00f3wkach powr\u00f3ci\u0142 w latach 50. i od lat 60. sta\u0142 si\u0119 niepisan\u0105 zasad\u0105.<\/span><\/li>\n<\/ul>\n<p><span style=\"font-weight: 400;\">Do dzi\u015b polonez otwiera studni\u00f3wk\u0119, b\u0119d\u0105c symbolicznym pierwszym krokiem w doros\u0142o\u015b\u0107. Cz\u0119sto jest ta\u0144czony w eleganckich strojach, rzadziej w tradycyjnych. Ta\u0144czy si\u0119 go najcz\u0119\u015bciej do utwor\u00f3w Wojciecha Kilara (\u201cPan Tadeusz\u201d), a wcze\u015bniej tak\u017ce do melodii Wysockiego, Sygiety\u0144skiego czy Chajdeckiego.<\/span><\/p>\n<h2><strong>Mazur \u2013 co to za taniec?\u00a0<\/strong><\/h2>\n<p><span style=\"font-weight: 400;\">Mazur to \u017cywio\u0142owy, polski taniec narodowy w metrum 3\/4 lub 3\/8. Na \u015bwiecie znany jest jako <\/span><i><span style=\"font-weight: 400;\">mazurka <\/span><\/i><span style=\"font-weight: 400;\">(tak, <\/span><i><span style=\"font-weight: 400;\">ta mazurka<\/span><\/i><span style=\"font-weight: 400;\">, a nie <\/span><i><span style=\"font-weight: 400;\">ten mazurek<\/span><\/i><span style=\"font-weight: 400;\">). <\/span><b>Mazur to nie mazurek<\/b><span style=\"font-weight: 400;\"> \u2013 taniec ten \u0142\u0105czy elementy mazurka, oberka, kujawiaka, ale nie jest mazurkiem (mazurek to wersja stylizowana mazura). Mamy nadziej\u0119, \u017ce do\u015b\u0107 jasno to wyja\u015bnili\u015bmy i nie masz ju\u017c \u017cadnych w\u0105tpliwo\u015bci co do tego, o jakim ta\u0144cu mowa.<\/span><\/p>\n<p><b>Czym charakteryzuje si\u0119 mazur?\u00a0<\/b><\/p>\n<ul>\n<li style=\"font-weight: 400;\" aria-level=\"1\"><span style=\"font-weight: 400;\">ma on tendencj\u0119 do akcentowania w drugiej i trzeciej cz\u0119\u015bci taktu,<\/span><\/li>\n<li style=\"font-weight: 400;\" aria-level=\"1\"><span style=\"font-weight: 400;\">posiada figur\u0119 rytmiczn\u0105 o czterosylabowej grupie (dwie \u00f3semki i dwie \u0107wier\u0107nuty na przemian z trzema \u0107wier\u0107nutami),<\/span><\/li>\n<li style=\"font-weight: 400;\" aria-level=\"1\"><span style=\"font-weight: 400;\">to weso\u0142y i dynamiczny taniec, kt\u00f3ry cz\u0119sto ta\u0144czono na dworach szlacheckich,<\/span><\/li>\n<li style=\"font-weight: 400;\" aria-level=\"1\"><span style=\"font-weight: 400;\">prowadzi go m\u0119\u017cczyzna zwany wodzirejem.<\/span><\/li>\n<\/ul>\n<p><span style=\"font-weight: 400;\">Mazur by\u0142 szczeg\u00f3lnie popularny w XIX wieku \u2013 ta\u0144czono go na dworach szlacheckich i w europejskich salonach. Taniec prowadzi\u0142 wodzirej, a figury cz\u0119sto uk\u0142adano na wz\u00f3r kadryla. Ta\u0144czy si\u0119 go w r\u00f3\u017cnych formach \u2013 <\/span><i><span style=\"font-weight: 400;\">okr\u0119\u017cnej, namiotowej, \u0142a\u0144cuchowej<\/span><\/i><span style=\"font-weight: 400;\"> lub <\/span><i><span style=\"font-weight: 400;\">arkadowej<\/span><\/i><span style=\"font-weight: 400;\"> \u2013 w zale\u017cno\u015bci od wielko\u015bci sali.<\/span><\/p>\n<p><span style=\"font-weight: 400;\">Mazura ta\u0144czy si\u0119 zazwyczaj w polskim stroju narodowym (kontuszu), czasem tak\u017ce w sukniach z epoki Ksi\u0119stwa Warszawskiego lub w strojach wieczorowych.\u00a0<\/span><\/p>\n<h3><strong>Melodie mazur\u00f3w \u2013 jakich warto pos\u0142ucha\u0107?<\/strong><\/h3>\n<p><span style=\"font-weight: 400;\">Mazur zainspirowa\u0142 wielu kompozytor\u00f3w \u2013 od klasyk\u00f3w po romantyk\u00f3w. Warto si\u0119gn\u0105\u0107 po utwory, kt\u00f3re oddaj\u0105 jego charakterystyczny rytm, energi\u0119 i szlachecki styl.<\/span><\/p>\n<p><b>Oto kilka przyk\u0142ad\u00f3w:<\/b><\/p>\n<ul>\n<li style=\"font-weight: 400;\" aria-level=\"1\"><span style=\"font-weight: 400;\">Jan Stefani \u2013 <\/span><i><span style=\"font-weight: 400;\">Cud mniemany, czyli Krakowiacy i G\u00f3rale,<\/span><\/i><\/li>\n<li style=\"font-weight: 400;\" aria-level=\"1\"><span style=\"font-weight: 400;\">J\u00f3zef Damse \u2013 balet <\/span><i><span style=\"font-weight: 400;\">Wesele w Ojcowie,<\/span><\/i><\/li>\n<li style=\"font-weight: 400;\" aria-level=\"1\"><span style=\"font-weight: 400;\">Stanis\u0142aw Moniuszko \u2013 <\/span><i><span style=\"font-weight: 400;\">Halka<\/span><\/i><span style=\"font-weight: 400;\"> i <\/span><i><span style=\"font-weight: 400;\">Straszny dw\u00f3r,<\/span><\/i><\/li>\n<li style=\"font-weight: 400;\" aria-level=\"1\"><span style=\"font-weight: 400;\">Fryderyk Chopin \u2013 stylizowane mazurki fortepianowe,<\/span><\/li>\n<li style=\"font-weight: 400;\" aria-level=\"1\"><span style=\"font-weight: 400;\">Henryk Wieniawski \u2013 mazurki skrzypcowe,<\/span><\/li>\n<li style=\"font-weight: 400;\" aria-level=\"1\"><span style=\"font-weight: 400;\">Karol Szymanowski, Maria Szymanowska, J\u00f3zef Elsner, Karol Kurpi\u0144ski, Ludomir R\u00f3\u017cycki \u2013 tak\u017ce tworzyli mazury w r\u00f3\u017cnych formach operowych, baletowych i instrumentalnych.<\/span><\/li>\n<\/ul>\n<\/div>\n            <\/div>\n        <\/div>\n    <\/div>\n<\/section>\n\n\n    <section class=\"events-carousel-block  section-margin-32\"\n        data-events-carousel\n        data-settings='{\"per_view\":5}'\n        data-item-list-name=\"Karuzela niska Polecamy na eBilet\"\n        data-item-list-id=\"karuzela_niska Polecamy na eBilet\"\n        >\n        <div class=\"container\">\n                            <div class=\"row\">\n                    <div class=\"col-24\">\n                        <div class=\"events-carousel-block__title\">\n                            <h2 class=\"typo-h2\">Polecamy na eBilet<\/h2>\n                        <\/div>\n                    <\/div>\n                <\/div>\n                        <div class=\"row\">\n                <div class=\"col-24\">\n                    <div class=\"events-carousel-block__events\">\n                        <div class=\"events-carousel-block__nav events-carousel-block__nav--prev\">\n                            <div class=\"button button--withIcon button--theme-white-blur button--size-fixed-48\" data-events-carousel-prev>\n                                <span class=\"button__icon icon icon-chevron-left\"><\/span>\n                            <\/div>\n                        <\/div>\n                        <div class=\"events-carousel-block__nav events-carousel-block__nav--next\">\n                            <div class=\"button button--withIcon button--theme-white-blur button--size-fixed-48\" data-events-carousel-next>\n                                <span class=\"button__icon icon icon-chevron-right\"><\/span>\n                            <\/div>\n                        <\/div>\n                        <div class=\"events-carousel-block__slider swiper\" data-events-carousel-slider>\n                            <div class=\"events-carousel-block__sliderWrapper swiper-wrapper\">\n                                                                    <div class=\"events-carousel-block__sliderItem swiper-slide\"\n                                        data-id=\"63172\"\n                                        data-name=\"Voucher kinowy Helios\"\n                                        data-brand=\"Helios Media Sp. z o.o.\"\n                                        data-category=\"kino\"\n                                        data-subcategory=\"pozostale\"\n                                        data-city=\"Warszawa\"\n                                        data-venue=\"\">\n                                        \n<div class=\"card-event  card-event--size-small\">\n        <a href=\"https:\/\/www.ebilet.pl\/kino\/pozostale\/voucher-kinowy-helios\" target=\"_blank\" class=\"card-event__link\" rel=\"nofollow noopener\"><\/a>\n        <div class=\"card-event__wrapper\">\n        <div class=\"card-event__image\">\n            <img decoding=\"async\" src=\"https:\/\/www.ebilet.pl\/media\/cms\/media\/hfhlz0pe\/pozizom-d37c6cb2-c34e-4f8f-8b40-c73a5a052a83.webp\" alt=\"\">\n        <\/div>\n        <div class=\"card-event__data\">\n            <div class=\"card-event__name\">\n                <p>Voucher kinowy Helios<\/p>\n            <\/div>\n            <div class=\"card-event__date\"><\/div>\n            <div class=\"card-event__location\">Warszawa<\/div>\n        <\/div>\n    <\/div>\n<\/div>                                    <\/div>\n                                                                    <div class=\"events-carousel-block__sliderItem swiper-slide\"\n                                        data-id=\"161461\"\n                                        data-name=\"Boeing Boeing - Teatr Capitol\"\n                                        data-brand=\"Teatr Capitol\"\n                                        data-category=\"teatr\"\n                                        data-subcategory=\"komedia\"\n                                        data-city=\"Gda\u0144sk, Warszawa\"\n                                        data-venue=\"Teatr Capitol w Warszawie\">\n                                        \n<div class=\"card-event  card-event--size-small\">\n        <a href=\"https:\/\/www.ebilet.pl\/teatr\/komedia\/boeing-boeing-teatr-capitol\" target=\"_blank\" class=\"card-event__link\" rel=\"nofollow noopener\"><\/a>\n        <div class=\"card-event__wrapper\">\n        <div class=\"card-event__image\">\n            <img decoding=\"async\" src=\"https:\/\/www.ebilet.pl\/media\/cms\/media\/4oebxceo\/656x359-popr-20-11.webp\" alt=\"\">\n        <\/div>\n        <div class=\"card-event__data\">\n            <div class=\"card-event__name\">\n                <p>Boeing Boeing &#8211; Teatr Capitol<\/p>\n            <\/div>\n            <div class=\"card-event__date\"><\/div>\n            <div class=\"card-event__location\">Gda\u0144sk, Warszawa<\/div>\n        <\/div>\n    <\/div>\n<\/div>                                    <\/div>\n                                                                    <div class=\"events-carousel-block__sliderItem swiper-slide\"\n                                        data-id=\"94598\"\n                                        data-name=\"FAME 31\"\n                                        data-brand=\"Fame MMA\"\n                                        data-category=\"sport\"\n                                        data-subcategory=\"sporty-walki\"\n                                        data-city=\"Koszalin\"\n                                        data-venue=\"Hala Widowiskowo-Sportowa w Koszalinie\">\n                                        \n<div class=\"card-event  card-event--size-small\">\n        <a href=\"https:\/\/www.ebilet.pl\/sport\/sporty-walki\/fame-mma\" target=\"_blank\" class=\"card-event__link\" rel=\"nofollow noopener\"><\/a>\n        <div class=\"card-event__wrapper\">\n        <div class=\"card-event__image\">\n            <img decoding=\"async\" src=\"https:\/\/www.ebilet.pl\/media\/cms\/media\/orylmco5\/fame31-cover-ebilet-656x369.webp\" alt=\"\">\n        <\/div>\n        <div class=\"card-event__data\">\n            <div class=\"card-event__name\">\n                <p>FAME 31<\/p>\n            <\/div>\n            <div class=\"card-event__date\"><\/div>\n            <div class=\"card-event__location\">Koszalin<\/div>\n        <\/div>\n    <\/div>\n<\/div>                                    <\/div>\n                                                                    <div class=\"events-carousel-block__sliderItem swiper-slide\"\n                                        data-id=\"13630\"\n                                        data-name=\"M\u0119skie Granie 2026\"\n                                        data-brand=\"LIVE Sp. z o.o.\"\n                                        data-category=\"muzyka\"\n                                        data-subcategory=\"festiwale\"\n                                        data-city=\"Gda\u0144sk, Krak\u00f3w, Pozna\u0144 i inne\"\n                                        data-venue=\"\u017bywiec Amfiteatr pod Grojcem\">\n                                        \n<div class=\"card-event  card-event--size-small\">\n        <a href=\"https:\/\/www.ebilet.pl\/muzyka\/festiwale\/meskie-granie\" target=\"_blank\" class=\"card-event__link\" rel=\"nofollow noopener\"><\/a>\n        <div class=\"card-event__wrapper\">\n        <div class=\"card-event__image\">\n            <img decoding=\"async\" src=\"https:\/\/www.ebilet.pl\/media\/cms\/media\/fl5hhucv\/656x369-11-78db817f-ad60-4332-b49a-e1c7a2e31068.webp\" alt=\"\">\n        <\/div>\n        <div class=\"card-event__data\">\n            <div class=\"card-event__name\">\n                <p>M\u0119skie Granie 2026<\/p>\n            <\/div>\n            <div class=\"card-event__date\"><\/div>\n            <div class=\"card-event__location\">Gda\u0144sk, Krak\u00f3w, Pozna\u0144 i inne<\/div>\n        <\/div>\n    <\/div>\n<\/div>                                    <\/div>\n                                                                    <div class=\"events-carousel-block__sliderItem swiper-slide\"\n                                        data-id=\"38728\"\n                                        data-name=\"Silesia Memoria\u0142 Kamili Skolimowskiej\"\n                                        data-brand=\"Fundacja Kamili Skolimowskiej\"\n                                        data-category=\"sport\"\n                                        data-subcategory=\"lekkoatletyka\"\n                                        data-city=\"Chorz\u00f3w\"\n                                        data-venue=\"Superauto.pl Stadion \u015al\u0105ski\">\n                                        \n<div class=\"card-event  card-event--size-small\">\n        <a href=\"https:\/\/www.ebilet.pl\/sport\/lekkoatletyka\/memorial-kamili-skolimowskiej\" target=\"_blank\" class=\"card-event__link\" rel=\"nofollow noopener\"><\/a>\n        <div class=\"card-event__wrapper\">\n        <div class=\"card-event__image\">\n            <img decoding=\"async\" src=\"https:\/\/www.ebilet.pl\/media\/cms\/media\/szunpuvg\/656x369-2-f821045a-7792-4901-947d-c0affda9f75a.webp\" alt=\"\">\n        <\/div>\n        <div class=\"card-event__data\">\n            <div class=\"card-event__name\">\n                <p>Silesia Memoria\u0142 Kamili Skolimowskiej<\/p>\n            <\/div>\n            <div class=\"card-event__date\"><\/div>\n            <div class=\"card-event__location\">Chorz\u00f3w<\/div>\n        <\/div>\n    <\/div>\n<\/div>                                    <\/div>\n                                                                    <div class=\"events-carousel-block__sliderItem swiper-slide\"\n                                        data-id=\"128680\"\n                                        data-name=\"Sunset Square 2026\"\n                                        data-brand=\"MDT Production\"\n                                        data-category=\"muzyka\"\n                                        data-subcategory=\"festiwale\"\n                                        data-city=\"Gdynia\"\n                                        data-venue=\"Skwer Ko\u015bciuszki\">\n                                        \n<div class=\"card-event  card-event--size-small\">\n        <a href=\"https:\/\/www.ebilet.pl\/muzyka\/festiwale\/sunset-square\" target=\"_blank\" class=\"card-event__link\" rel=\"nofollow noopener\"><\/a>\n        <div class=\"card-event__wrapper\">\n        <div class=\"card-event__image\">\n            <img decoding=\"async\" src=\"https:\/\/www.ebilet.pl\/media\/cms\/media\/idvdsit0\/boris-brejcha-1920x1080-05899710-c9c2-4417-95f9-aad73df94b6c.webp\" alt=\"\">\n        <\/div>\n        <div class=\"card-event__data\">\n            <div class=\"card-event__name\">\n                <p>Sunset Square 2026<\/p>\n            <\/div>\n            <div class=\"card-event__date\"><\/div>\n            <div class=\"card-event__location\">Gdynia<\/div>\n        <\/div>\n    <\/div>\n<\/div>                                    <\/div>\n                                                                    <div class=\"events-carousel-block__sliderItem swiper-slide\"\n                                        data-id=\"10672\"\n                                        data-name=\"Red Bull Drift Masters, Grand Finale 2026, Poland\"\n                                        data-brand=\"Drift Masters Grand Prix Sp. z o.o.\"\n                                        data-category=\"sport\"\n                                        data-subcategory=\"sporty-motorowe\"\n                                        data-city=\"Warszawa\"\n                                        data-venue=\"PGE Narodowy im. Kazimierza G\u00f3rskiego\">\n                                        \n<div class=\"card-event  card-event--size-small\">\n        <a href=\"https:\/\/www.ebilet.pl\/sport\/sporty-motorowe\/drift-masters\" target=\"_blank\" class=\"card-event__link\" rel=\"nofollow noopener\"><\/a>\n        <div class=\"card-event__wrapper\">\n        <div class=\"card-event__image\">\n            <img decoding=\"async\" src=\"https:\/\/www.ebilet.pl\/media\/cms\/media\/ufikt2pp\/656x369-1-3259eaa7-dcbd-4393-a286-5f17e35417c5.webp\" alt=\"\">\n        <\/div>\n        <div class=\"card-event__data\">\n            <div class=\"card-event__name\">\n                <p>Red Bull Drift Masters, Grand Finale 2026, Poland<\/p>\n            <\/div>\n            <div class=\"card-event__date\"><\/div>\n            <div class=\"card-event__location\">Warszawa<\/div>\n        <\/div>\n    <\/div>\n<\/div>                                    <\/div>\n                                                                    <div class=\"events-carousel-block__sliderItem swiper-slide\"\n                                        data-id=\"16543\"\n                                        data-name=\"Rozta\u0144czony PGE Narodowy 2026\"\n                                        data-brand=\"KRYSIAK POLSKA CORPORATION Sp. z o.o.\"\n                                        data-category=\"muzyka\"\n                                        data-subcategory=\"festiwale\"\n                                        data-city=\"Warszawa\"\n                                        data-venue=\"PGE Narodowy im. Kazimierza G\u00f3rskiego\">\n                                        \n<div class=\"card-event  card-event--size-small\">\n        <a href=\"https:\/\/www.ebilet.pl\/muzyka\/festiwale\/roztanczony-narodowy\" target=\"_blank\" class=\"card-event__link\" rel=\"nofollow noopener\"><\/a>\n        <div class=\"card-event__wrapper\">\n        <div class=\"card-event__image\">\n            <img decoding=\"async\" src=\"https:\/\/www.ebilet.pl\/media\/cms\/media\/ih4mtfpw\/newletter_basic.webp\" alt=\"\">\n        <\/div>\n        <div class=\"card-event__data\">\n            <div class=\"card-event__name\">\n                <p>Rozta\u0144czony PGE Narodowy 2026<\/p>\n            <\/div>\n            <div class=\"card-event__date\"><\/div>\n            <div class=\"card-event__location\">Warszawa<\/div>\n        <\/div>\n    <\/div>\n<\/div>                                    <\/div>\n                                                                    <div class=\"events-carousel-block__sliderItem swiper-slide\"\n                                        data-id=\"67208\"\n                                        data-name=\"Speedland Festival 2026\"\n                                        data-brand=\"Adrenaline Promotion Rafa\u0142 Haznar\"\n                                        data-category=\"sport\"\n                                        data-subcategory=\"sporty-motorowe\"\n                                        data-city=\"Krosno\"\n                                        data-venue=\"Lotnisko Krosno\">\n                                        \n<div class=\"card-event  card-event--size-small\">\n        <a href=\"https:\/\/www.ebilet.pl\/sport\/sporty-motorowe\/speedland\" target=\"_blank\" class=\"card-event__link\" rel=\"nofollow noopener\"><\/a>\n        <div class=\"card-event__wrapper\">\n        <div class=\"card-event__image\">\n            <img decoding=\"async\" src=\"https:\/\/www.ebilet.pl\/media\/cms\/media\/zeglylyt\/656x369-9-9b5a2769-5165-4a65-b574-8cb05086e41d.webp\" alt=\"\">\n        <\/div>\n        <div class=\"card-event__data\">\n            <div class=\"card-event__name\">\n                <p>Speedland Festival 2026<\/p>\n            <\/div>\n            <div class=\"card-event__date\"><\/div>\n            <div class=\"card-event__location\">Krosno<\/div>\n        <\/div>\n    <\/div>\n<\/div>                                    <\/div>\n                                                                    <div class=\"events-carousel-block__sliderItem swiper-slide\"\n                                        data-id=\"129853\"\n                                        data-name=\"Beksi\u0144ski.Live\"\n                                        data-brand=\"L2L Sp z o.o.\"\n                                        data-category=\"widowiska\"\n                                        data-subcategory=\"inne\"\n                                        data-city=\"Warszawa, Wroc\u0142aw\"\n                                        data-venue=\"Hala COS Torwar \">\n                                        \n<div class=\"card-event  card-event--size-small\">\n        <a href=\"https:\/\/www.ebilet.pl\/widowiska\/inne\/beksinski-live\" target=\"_blank\" class=\"card-event__link\" rel=\"nofollow noopener\"><\/a>\n        <div class=\"card-event__wrapper\">\n        <div class=\"card-event__image\">\n            <img decoding=\"async\" src=\"https:\/\/www.ebilet.pl\/media\/cms\/media\/y2nprogb\/656x369-2026-04-27t161826313.webp\" alt=\"\">\n        <\/div>\n        <div class=\"card-event__data\">\n            <div class=\"card-event__name\">\n                <p>Beksi\u0144ski.Live<\/p>\n            <\/div>\n            <div class=\"card-event__date\"><\/div>\n            <div class=\"card-event__location\">Warszawa, Wroc\u0142aw<\/div>\n        <\/div>\n    <\/div>\n<\/div>                                    <\/div>\n                                                                    <div class=\"events-carousel-block__sliderItem swiper-slide\"\n                                        data-id=\"144549\"\n                                        data-name=\"Zwiedzanie ZOO Warszawa\"\n                                        data-brand=\"Miasto Sto\u0142eczne Warszawa\"\n                                        data-category=\"zwiedzanie\"\n                                        data-subcategory=\"zoo\"\n                                        data-city=\"Warszawa\"\n                                        data-venue=\"\">\n                                        \n<div class=\"card-event  card-event--size-small\">\n        <a href=\"https:\/\/www.ebilet.pl\/zwiedzanie\/zoo\/zwiedzanie-zoo-warszawa\" target=\"_blank\" class=\"card-event__link\" rel=\"nofollow noopener\"><\/a>\n        <div class=\"card-event__wrapper\">\n        <div class=\"card-event__image\">\n            <img decoding=\"async\" src=\"https:\/\/www.ebilet.pl\/media\/cms\/media\/vxxcxvae\/04_bilet-domowy_656x369-05e8639e-58dc-445e-95ca-14f25e17b4f3.webp\" alt=\"\">\n        <\/div>\n        <div class=\"card-event__data\">\n            <div class=\"card-event__name\">\n                <p>Zwiedzanie ZOO Warszawa<\/p>\n            <\/div>\n            <div class=\"card-event__date\"><\/div>\n            <div class=\"card-event__location\">Warszawa<\/div>\n        <\/div>\n    <\/div>\n<\/div>                                    <\/div>\n                                                                    <div class=\"events-carousel-block__sliderItem swiper-slide\"\n                                        data-id=\"125950\"\n                                        data-name=\"Zwiedzanie ZOO Wroc\u0142aw\"\n                                        data-brand=\"ZOO Wroc\u0142aw\"\n                                        data-category=\"zwiedzanie\"\n                                        data-subcategory=\"zoo\"\n                                        data-city=\"Wroc\u0142aw\"\n                                        data-venue=\"ZOO we Wroc\u0142awiu\">\n                                        \n<div class=\"card-event  card-event--size-small\">\n        <a href=\"https:\/\/www.ebilet.pl\/zwiedzanie\/zoo\/zwiedzanie-zoo-wroclaw\" target=\"_blank\" class=\"card-event__link\" rel=\"nofollow noopener\"><\/a>\n        <div class=\"card-event__wrapper\">\n        <div class=\"card-event__image\">\n            <img decoding=\"async\" src=\"https:\/\/www.ebilet.pl\/media\/cms\/media\/wpzfsqii\/01_zoo_ebilet_656x369px-8e081b48-ed80-10b3-4ede-a1fdb0e8bde2.webp\" alt=\"\">\n        <\/div>\n        <div class=\"card-event__data\">\n            <div class=\"card-event__name\">\n                <p>Zwiedzanie ZOO Wroc\u0142aw<\/p>\n            <\/div>\n            <div class=\"card-event__date\"><\/div>\n            <div class=\"card-event__location\">Wroc\u0142aw<\/div>\n        <\/div>\n    <\/div>\n<\/div>                                    <\/div>\n                                                                    <div class=\"events-carousel-block__sliderItem swiper-slide\"\n                                        data-id=\"11852\"\n                                        data-name=\"2026 BOLL FIM Speedway World Cup - Warsaw\"\n                                        data-brand=\"Polski Zwi\u0105zek Motorowy\"\n                                        data-category=\"sport\"\n                                        data-subcategory=\"sporty-motorowe\"\n                                        data-city=\"Warszawa\"\n                                        data-venue=\"PGE Narodowy im. Kazimierza G\u00f3rskiego\">\n                                        \n<div class=\"card-event  card-event--size-small\">\n        <a href=\"https:\/\/www.ebilet.pl\/sport\/sporty-motorowe\/speedway\" target=\"_blank\" class=\"card-event__link\" rel=\"nofollow noopener\"><\/a>\n        <div class=\"card-event__wrapper\">\n        <div class=\"card-event__image\">\n            <img decoding=\"async\" src=\"https:\/\/www.ebilet.pl\/media\/cms\/media\/4ycnrk3v\/656x369-8-90146097-b4e8-4d2d-a798-f357aa3d16a2.webp\" alt=\"\">\n        <\/div>\n        <div class=\"card-event__data\">\n            <div class=\"card-event__name\">\n                <p>2026 BOLL FIM Speedway World Cup &#8211; Warsaw<\/p>\n            <\/div>\n            <div class=\"card-event__date\"><\/div>\n            <div class=\"card-event__location\">Warszawa<\/div>\n        <\/div>\n    <\/div>\n<\/div>                                    <\/div>\n                                                                    <div class=\"events-carousel-block__sliderItem swiper-slide\"\n                                        data-id=\"49432\"\n                                        data-name=\"Wroc\u0142aw Hip Hop Festival 2026\"\n                                        data-brand=\"Stowarzyszenie Planeta M\u0142odych\"\n                                        data-category=\"muzyka\"\n                                        data-subcategory=\"festiwale\"\n                                        data-city=\"Wroc\u0142aw\"\n                                        data-venue=\"Hala Stulecia\">\n                                        \n<div class=\"card-event  card-event--size-small\">\n        <a href=\"https:\/\/www.ebilet.pl\/muzyka\/festiwale\/wroclaw-hip-hop-festival\" target=\"_blank\" class=\"card-event__link\" rel=\"nofollow noopener\"><\/a>\n        <div class=\"card-event__wrapper\">\n        <div class=\"card-event__image\">\n            <img decoding=\"async\" src=\"https:\/\/www.ebilet.pl\/media\/cms\/media\/lvzja1iu\/0423-whhf-ebilet_04-34833b89-9f8c-4789-ab22-478b4f7f80f5.webp\" alt=\"\">\n        <\/div>\n        <div class=\"card-event__data\">\n            <div class=\"card-event__name\">\n                <p>Wroc\u0142aw Hip Hop Festival 2026<\/p>\n            <\/div>\n            <div class=\"card-event__date\"><\/div>\n            <div class=\"card-event__location\">Wroc\u0142aw<\/div>\n        <\/div>\n    <\/div>\n<\/div>                                    <\/div>\n                                                                    <div class=\"events-carousel-block__sliderItem swiper-slide\"\n                                        data-id=\"7104\"\n                                        data-name=\"Open&#039;er Festival 2026\"\n                                        data-brand=\"Alter Art\"\n                                        data-category=\"muzyka\"\n                                        data-subcategory=\"festiwale\"\n                                        data-city=\"Gdynia\"\n                                        data-venue=\"Lotnisko Gdynia - Kosakowo\">\n                                        \n<div class=\"card-event  card-event--size-small\">\n        <a href=\"https:\/\/www.ebilet.pl\/muzyka\/festiwale\/opener-festival\" target=\"_blank\" class=\"card-event__link\" rel=\"nofollow noopener\"><\/a>\n        <div class=\"card-event__wrapper\">\n        <div class=\"card-event__image\">\n            <img decoding=\"async\" src=\"https:\/\/www.ebilet.pl\/media\/cms\/media\/vr5l21om\/opener2026_ebilet_656x369-ee020a0f-2f31-4138-b4b2-04308c95f9f7.webp\" alt=\"\">\n        <\/div>\n        <div class=\"card-event__data\">\n            <div class=\"card-event__name\">\n                <p>Open&#8217;er Festival 2026<\/p>\n            <\/div>\n            <div class=\"card-event__date\"><\/div>\n            <div class=\"card-event__location\">Gdynia<\/div>\n        <\/div>\n    <\/div>\n<\/div>                                    <\/div>\n                                                            <\/div>\n                        <\/div>\n                    <\/div>\n                    <div class=\"events-carousel-block__pagination\">\n                        <div class=\"swiper-pagination slider-pagination\" data-events-carousel-pagination><\/div>\n                    <\/div>\n                <\/div>\n            <\/div>\n        <\/div>\n    <\/section>\n\n\n\n<section class=\"text-block  section-margin-32\" >\n    <div class=\"container\">\n        <div class=\"row\">\n            <div class=\"col-24\">\n                <div class=\"text-block__content\"><h2><strong>Oberek \u2013 jak si\u0119 go ta\u0144czy?<\/strong><\/h2>\n<p><b>Oberek (znany tak\u017ce jako obertas) to najszybszy z polskich ta\u0144c\u00f3w ludowych w rytmie mazurkowym. <\/b><span style=\"font-weight: 400;\">Ma tr\u00f3jmiarowe metrum i bardzo \u017cywe tempo. Jak sama nazwa wskazuje, jego g\u0142\u00f3wn\u0105 cech\u0105 s\u0105 szybkie obroty \u2013 partnerzy wiruj\u0105 w rytm muzyki, dodaj\u0105c przytupy, podskoki i okrzyki.<\/span><\/p>\n<p><span style=\"font-weight: 400;\">Taniec wywodzi si\u0119 z Mazowsza i Radomszczyzny, gdzie do dzi\u015b cieszy si\u0119 du\u017c\u0105 popularno\u015bci\u0105. Bywa te\u017c nazywany lokalnie m.in. <\/span><i><span style=\"font-weight: 400;\">obertasem, okr\u0105glakiem, owijokiem<\/span><\/i><span style=\"font-weight: 400;\"> czy <\/span><i><span style=\"font-weight: 400;\">wyrwasem <\/span><\/i><span style=\"font-weight: 400;\">\u2013 zale\u017cnie od regionu i charakteru ruchu.<\/span><\/p>\n<p><span style=\"font-weight: 400;\">Oberek nie ma sztywnej choreografii \u2013 jest pe\u0142en improwizacji, energii i dynamiki. Towarzysz\u0105 mu cz\u0119sto przy\u015bpiewki, a tempo narzuca kapela ludowa. Tradycyjnie ta\u0144czony by\u0142 podczas wesel i wiejskich zabaw.<\/span><\/p>\n<h3><strong>Jak powsta\u0142 oberek? Historia polskiego ta\u0144ca narodowego<\/strong><\/h3>\n<p><span style=\"font-weight: 400;\">Historia oberka si\u0119ga XVI wieku i jest zwi\u0105zana z przemianami w europejskiej choreotechnice. <\/span><b>Jako osobny taniec oberek wy\u0142oni\u0142 si\u0119 \u2013 wraz z kujawiakiem \u2013 ze starszych rytm\u00f3w mazurkowych mi\u0119dzy 1750 a 1830 rokiem.<\/b><\/p>\n<p><span style=\"font-weight: 400;\">To w\u0142a\u015bnie wtedy dawne ta\u0144ce \u0142a\u0144cuchowe i ko\u0142owe zacz\u0119\u0142y przekszta\u0142ca\u0107 si\u0119 w formy parowe \u2013 pary pod\u0105\u017ca\u0142y jedna za drug\u0105, tworz\u0105c gromad\u0119 taneczn\u0105 kierowan\u0105 przez pierwsz\u0105 par\u0119.<\/span><\/p>\n<p><b>Pierwsze kompozycje z u\u017cyciem nazwy \u201coberek\u201d pojawi\u0142y si\u0119 pod koniec lat 30. XIX wieku. <\/b><span style=\"font-weight: 400;\">Grano je m.in. w warszawskim Teatrze Rozmaito\u015bci, przy ogrodach miejskich (Saskim, Krasi\u0144skich) oraz podczas bali karnawa\u0142owych.<\/span><\/p>\n<p><span style=\"font-weight: 400;\">Jednym z pierwszych kompozytor\u00f3w, kt\u00f3ry zacz\u0105\u0142 wykorzystywa\u0107 oberka w swojej tw\u00f3rczo\u015bci, by\u0142 Fryderyk Chopin.<\/span><\/p>\n<p><span style=\"font-weight: 400;\">W XX wieku oberek zyska\u0142 zainteresowanie pod k\u0105tem edukacyjnym, a po wojnie powsta\u0142a jego wersja sceniczna, wzbogacona o nowe figury i elementy, m.in. przez Feliksa Parnella. Do ta\u0144ca wprowadzono skoki, przysiady, ozdobniki i kroki zapo\u017cyczone z technik baletowych.<\/span><\/p>\n<p><b>W latach 80. ubieg\u0142ego wieku Rada Ekspert\u00f3w ds. Folkloru Ministerstwa Kultury i Sztuki ustali\u0142a zasady scenicznego oberka<\/b><span style=\"font-weight: 400;\"> \u2013 od uk\u0142ad\u00f3w r\u0105k po kroki i figury w parze.\u00a0<\/span><\/p>\n<p><span style=\"font-weight: 400;\">Dzi\u015b oberka ta\u0144cz\u0105 g\u0142\u00f3wnie zespo\u0142y folklorystyczne, takie jak \u201cMazowsze\u201d, \u201c\u015al\u0105sk\u201d czy \u201cNowa Huta\u201d. W 2018 roku odby\u0142y si\u0119 dwa festiwale mu po\u015bwi\u0119cone: \u201cOd Kujawiaka do Oberka\u201d w \u0141\u0105cku oraz \u201cOpoczno stolic\u0105 Oberka\u201d.<\/span><\/p>\n<h3><strong>Melodie oberka \u2013 kt\u00f3rych warto pos\u0142ucha\u0107?<\/strong><\/h3>\n<p><span style=\"font-weight: 400;\">Je\u015bli chcesz pos\u0142ucha\u0107 oberka w najlepszej wersji, si\u0119gnij po utwory znakomitych kompozytor\u00f3w, kt\u00f3rzy inspirowali si\u0119 tym \u017cywio\u0142owym ta\u0144cem. <\/span><b>Ju\u017c w XIX wieku oberkowe rytmy zago\u015bci\u0142y w dzie\u0142ach takich tw\u00f3rc\u00f3w jak:<\/b><\/p>\n<ul>\n<li style=\"font-weight: 400;\" aria-level=\"1\"><span style=\"font-weight: 400;\">Kazimierz Lubomirski \u2013 w 1829 roku opublikowa\u0142 <\/span><i><span style=\"font-weight: 400;\">Obertas-Mazur<\/span><\/i><span style=\"font-weight: 400;\">,<\/span><\/li>\n<li style=\"font-weight: 400;\" aria-level=\"1\"><span style=\"font-weight: 400;\">Stefan \u0141odwigowski \u2013 jego <\/span><i><span style=\"font-weight: 400;\">Mazur wiejski czyli oberek<\/span><\/i><span style=\"font-weight: 400;\"> to przyk\u0142ad ludowej stylizacji tego ta\u0144ca,<\/span><\/li>\n<li style=\"font-weight: 400;\" aria-level=\"1\"><span style=\"font-weight: 400;\">Karol Kurpi\u0144ski i Jan Nepomucen Kami\u0144ski \u2013 w operze <\/span><i><span style=\"font-weight: 400;\">Zabobon, czyli Krakowiacy i G\u00f3rale<\/span><\/i><span style=\"font-weight: 400;\"> (1816),<\/span><\/li>\n<li style=\"font-weight: 400;\" aria-level=\"1\"><span style=\"font-weight: 400;\">Fryderyk Chopin \u2013 ju\u017c w 1825 roku wpl\u00f3t\u0142 oberkow\u0105 fraz\u0119 w swoj\u0105 tw\u00f3rczo\u015b\u0107. Warto ws\u0142ucha\u0107 si\u0119 w jego mazurki, w kt\u00f3rych oberek si\u0119 cz\u0119sto pojawia,<\/span><\/li>\n<li style=\"font-weight: 400;\" aria-level=\"1\"><span style=\"font-weight: 400;\">Henryk Wieniawski \u2013 w jego utworach smyczkowych mo\u017cna znale\u017a\u0107 \u017cywio\u0142owe, oberkowe inspiracje.<\/span><\/li>\n<\/ul>\n<p><b>Z czasem oberek przesta\u0142 by\u0107 postrzegany wy\u0142\u0105cznie jako \u201ctaniec ch\u0142opski\u201d \u2013 jego rytm docenili kompozytorzy wykszta\u0142ceni klasycznie:<\/b><\/p>\n<ul>\n<li style=\"font-weight: 400;\" aria-level=\"1\"><span style=\"font-weight: 400;\">Gra\u017cyna Bacewicz \u2013 jej <\/span><i><span style=\"font-weight: 400;\">Oberki <\/span><\/i><span style=\"font-weight: 400;\">na skrzypce i fortepian to przyk\u0142ad wsp\u00f3\u0142czesnej stylizacji o niezwyk\u0142ej sile wyrazu,<\/span><\/li>\n<li style=\"font-weight: 400;\" aria-level=\"1\"><span style=\"font-weight: 400;\">Karol Szymanowski \u2013 tak\u017ce czerpa\u0142 z oberkowego rytmu, \u0142\u0105cz\u0105c go z nowoczesnym j\u0119zykiem muzycznym,<\/span><\/li>\n<li style=\"font-weight: 400;\" aria-level=\"1\"><span style=\"font-weight: 400;\">Roman Statkowski, Feliks Dzier\u017canowski, Ludwik Lewandowski \u2013 tworzyli stylizowane oberki do ta\u0144ca towarzyskiego, cz\u0119sto wzbogacone o elementy salonowe.<\/span><\/li>\n<\/ul>\n<p><span style=\"font-weight: 400;\">Dzi\u015b oberkowe melodie us\u0142yszysz zar\u00f3wno w wersjach klasycznych, jak i w aran\u017cacjach zespo\u0142\u00f3w folklorystycznych. To muzyka, kt\u00f3ra wci\u0105\u017c inspiruje \u2013 wystarczy pos\u0142ucha\u0107, by poczu\u0107, jak porywa do ta\u0144ca.<\/span><\/p>\n<h2><strong>Kujawiak \u2013 polski taniec narodowy<\/strong><\/h2>\n<p><b>Kujawiak wywodzi si\u0119 z kujawskich obrz\u0119d\u00f3w weselnych<\/b><span style=\"font-weight: 400;\"> i jest ta\u0144cem tr\u00f3jmiarowym, o spokojnym, ko\u0142ysz\u0105cym rytmie zbli\u017conym do mazura. Zwykle ta\u0144czy si\u0119 go w parach, w kr\u0119gu lub korowodzie \u2013 wsp\u00f3lnie przez kobiety i m\u0119\u017cczyzn.\u00a0<\/span><\/p>\n<p><b>Po raz pierwszy nazwa \u201ckujawiak\u201d pojawi\u0142a si\u0119 w 1827 roku. <\/b><span style=\"font-weight: 400;\">Cho\u0107 pochodzi z Kujaw, taniec ten by\u0142 znany tak\u017ce w Wielkopolsce, na ziemi sieradzkiej, \u0142\u0119czyckiej, kaliskiej i gosty\u0144skiej.\u00a0<\/span><\/p>\n<p><b>Na Kujawach kujawiak mia\u0142 r\u00f3\u017cne nazwy lokalne, m.in.:<\/b><\/p>\n<ul>\n<li style=\"font-weight: 400;\" aria-level=\"1\"><i><span style=\"font-weight: 400;\">kosebka <\/span><\/i><span style=\"font-weight: 400;\">\u2013 oznacza obr\u00f3t w lewo,<\/span><\/li>\n<li style=\"font-weight: 400;\" aria-level=\"1\"><i><span style=\"font-weight: 400;\">odibka <\/span><\/i><span style=\"font-weight: 400;\">\u2013 oznacza obr\u00f3t w prawo,<\/span><\/li>\n<li style=\"font-weight: 400;\" aria-level=\"1\"><i><span style=\"font-weight: 400;\">\u015bpi\u0105cy, g\u0142adki, owczarek <\/span><\/i><span style=\"font-weight: 400;\">\u2013 nawi\u0105zuj\u0105ce do \u0142agodnego, p\u0142ynnego charakteru ta\u0144ca. <\/span><i><span style=\"font-weight: 400;\">Owczarek<\/span><\/i><span style=\"font-weight: 400;\"> oznacza tutaj <\/span><i><span style=\"font-weight: 400;\">okr\u0105g\u0142y kszta\u0142t.<\/span><\/i><\/li>\n<\/ul>\n<h3><strong>Czym charakteryzuje si\u0119 kujawiak?<\/strong><\/h3>\n<p><span style=\"font-weight: 400;\">Kujawiak to najwolniejszy z polskich ta\u0144c\u00f3w narodowych o rytmie mazura. Ma metrum 3\/4 i wykonywany jest w tempie rubato \u2013 z lekkim zwalnianiem i przyspieszaniem tempa. Taniec ma liryczny, zalotny charakter, cz\u0119sto wykonywany by\u0142 z przy\u015bpiewkami.<\/span><\/p>\n<p><b>Ruch opiera si\u0119 na \u0142agodnym chodzie i obrotach, z okazjonalnymi przytupami na zako\u0144czeniach fraz. <\/b><span style=\"font-weight: 400;\">Tancerze poruszaj\u0105 si\u0119 po kole w parach, zwr\u00f3ceni do siebie przodem, cz\u0119sto zmieniaj\u0105 uchwyty i unosz\u0105 r\u0119ce. Taniec pozostawia sporo miejsca na improwizacj\u0119 i indywidualny styl.<\/span><\/p>\n<h3><strong>Sk\u0105d wzi\u0105\u0142 si\u0119 kujawiak?\u00a0<\/strong><\/h3>\n<p><span style=\"font-weight: 400;\">Kujawiak pojawi\u0142 si\u0119 mi\u0119dzy 1750 a 1830 rokiem. Nazwa \u201ckujawiak\u201d zosta\u0142a u\u017cyta po raz pierwszy w 1827 roku, a taniec ten cz\u0119sto okre\u015blano te\u017c jako \u201c\u015bpi\u0105cy\u201d lub \u201ckolebany\u201d \u2013 ze wzgl\u0119du na charakterystyczne, spokojne ko\u0142ysanie.<\/span><\/p>\n<p><b>Pocz\u0105tkowo by\u0142 ta\u0144cem wiejskim, ale po Powstaniu Styczniowym trafi\u0142 tak\u017ce na salony i sta\u0142 si\u0119 inspiracj\u0105 dla wielu kompozytor\u00f3w, w tym Chopina i Wieniawskiego.<\/b><\/p>\n<p><span style=\"font-weight: 400;\">Z czasem kujawiak zacz\u0105\u0142 funkcjonowa\u0107 tak\u017ce w wersji scenicznej i narodowej. Du\u017c\u0105 rol\u0119 odegra\u0142a tu m.in. Jadwiga Hryniewska, kt\u00f3ra wprowadzi\u0142a rozbudowan\u0105 technik\u0119 taneczn\u0105 i sceniczn\u0105 choreografi\u0119.\u00a0<\/span><\/p>\n<p><b>Dzi\u015b kujawiak nadal \u017cyje \u2013 cho\u0107 przede wszystkim na scenie. Taniec ten jest dzi\u015b prezentowany g\u0142\u00f3wnie przez zespo\u0142y folklorystyczne, takie jak:<\/b><\/p>\n<ul>\n<li style=\"font-weight: 400;\" aria-level=\"1\"><span style=\"font-weight: 400;\">Pa\u0144stwowy Zesp\u00f3\u0142 Ludowy Pie\u015bni i Ta\u0144ca \u201cMazowsze\u201d,<\/span><\/li>\n<li style=\"font-weight: 400;\" aria-level=\"1\"><span style=\"font-weight: 400;\">Zesp\u00f3\u0142 Pie\u015bni i Ta\u0144ca \u201c\u015al\u0105sk\u201d im. Stanis\u0142awa Hadyny,<\/span><\/li>\n<li style=\"font-weight: 400;\" aria-level=\"1\"><span style=\"font-weight: 400;\">Zesp\u00f3\u0142 Pie\u015bni i Ta\u0144ca \u201cKielce\u201d,<\/span><\/li>\n<li style=\"font-weight: 400;\" aria-level=\"1\"><span style=\"font-weight: 400;\">Zesp\u00f3\u0142 \u201cNowa Huta\u201d.<\/span><\/li>\n<\/ul>\n<p><span style=\"font-weight: 400;\">Przypominaj\u0105 o nim tak\u017ce festiwale. Jednym z najwa\u017cniejszych wydarze\u0144 tego typu jest Festiwal Folkloru i Kultury Ziemi Kujawskiej i Mazowieckiej \u201cOd kujawiaka do oberka\u201d, kt\u00f3ry co roku odbywa si\u0119 w \u0141\u0105cku ko\u0142o P\u0142ocka.<\/span><\/p>\n<p><b>Niekt\u00f3rzy uwa\u017caj\u0105, \u017ce kujawiak w pe\u0142ni oddaje charakter kujawskich krajobraz\u00f3w \u2013 szerokich i spokojnych. Mo\u017ce co\u015b w tym jest?<\/b><\/p>\n<p>&nbsp;<\/p>\n<p><span style=\"font-weight: 400;\">Teraz wiesz ju\u017c wszystko, co najwa\u017cniejsze o polskich ta\u0144cach narodowych.<\/span><\/p>\n<\/div>\n            <\/div>\n        <\/div>\n    <\/div>\n<\/section>\n\n\n<section class=\"events-slider-block  section-margin-32\" data-events-slider-block data-carousel-title=\"Nowo\u015bci na eBilet\" data-carousel-type=\"karuzela_z_t\u0142em\" data-item-list-name=\"Karuzela z t\u0142em Nowo\u015bci na eBilet\" data-item-list-id=\"karuzela_z_t\u0142em Nowo\u015bci na eBilet\" >\n    <div class=\"container\">\n        <div class=\"row\">\n            <div class=\"col-24\">\n                <div class=\"events-slider-block__wrapper\">\n                                            <div class=\"events-slider-block__bg\"><img loading=\"lazy\" decoding=\"async\" width=\"1920\" height=\"1080\" src=\"https:\/\/www.ebilet.pl\/now\/app\/uploads\/2024\/04\/shutterstock_1308510637.jpg\" class=\"attachment-full size-full\" alt=\"Fot.\" srcset=\"https:\/\/www.ebilet.pl\/now\/app\/uploads\/2024\/04\/shutterstock_1308510637.jpg 1920w, https:\/\/www.ebilet.pl\/now\/app\/uploads\/2024\/04\/shutterstock_1308510637-1024x576.jpg 1024w, https:\/\/www.ebilet.pl\/now\/app\/uploads\/2024\/04\/shutterstock_1308510637-1536x864.jpg 1536w, https:\/\/www.ebilet.pl\/now\/app\/uploads\/2024\/04\/shutterstock_1308510637-1280x720.jpg 1280w, https:\/\/www.ebilet.pl\/now\/app\/uploads\/2024\/04\/shutterstock_1308510637-500x281.jpg 500w, https:\/\/www.ebilet.pl\/now\/app\/uploads\/2024\/04\/shutterstock_1308510637-632x356.jpg 632w, https:\/\/www.ebilet.pl\/now\/app\/uploads\/2024\/04\/shutterstock_1308510637-308x174.jpg 308w\" sizes=\"(max-width: 1920px) 100vw, 1920px\" \/><\/div>\n                                                                <div class=\"events-slider-block__top\">\n                                                            <div class=\"events-slider-block__title desktop\">\n                                    <h2 class=\"typo-h2\">Nowo\u015bci na eBilet<\/h2>\n                                <\/div>\n                                                                                        <div class=\"events-slider-block__title mobile\">\n                                    <h2 class=\"typo-h2\">Nowo\u015bci na eBilet<\/h2>\n                                <\/div>\n                                                    <\/div>\n                                                                <div class=\"events-slider-block__main\">\n                            <div class=\"events-slider-block__nav events-slider-block__nav--prev\">\n                                <div class=\"button button--withIcon button--theme-white-blur button--size-fixed-48\" data-events-prev>\n                                    <span class=\"button__icon icon icon-chevron-left\"><\/span>\n                                <\/div>\n                            <\/div>\n                            <div class=\"events-slider-block__nav events-slider-block__nav--next\">\n                                <div class=\"button button--withIcon button--theme-white-blur button--size-fixed-48\" data-events-next>\n                                    <span class=\"button__icon icon icon-chevron-right\"><\/span>\n                                <\/div>\n                            <\/div>\n                            <div class=\"events-slider-block__slider\">\n                                <div class=\"swiper\" data-events-slider>\n                                    <div class=\"events-slider-block__sliderWrapper swiper-wrapper\">\n\n                                        \n                                            <div class=\"events-slider-block__sliderItem swiper-slide event-card\"\n                                                data-id=\"205699\"\n                                                data-name=\"Shred Fest: Obscura, Pestilence, Cryptic Shift, Thus, Dvrk\"\n                                                data-brand=\"Winiary Bookings sp. z o. o.\"\n                                                data-category=\"muzyka\"\n                                                data-subcategory=\"hard-heavy\"\n                                                data-city=\"Warszawa\"\n                                                data-venue=\"Klub Proxima\">\n                                                \n<div class=\"card-event  card-event--size-small\">\n        <a href=\"https:\/\/www.ebilet.pl\/muzyka\/hard-heavy\/shred-fest\" target=\"_blank\" class=\"card-event__link\" rel=\"nofollow noopener\"><\/a>\n        <div class=\"card-event__wrapper\">\n        <div class=\"card-event__image\">\n            <img decoding=\"async\" src=\"https:\/\/www.ebilet.pl\/media\/cms\/media\/ngvdr2c3\/shredfest-ebilet-strona-wydarzenia-pion-warszawax-000cce3a-6af4-4d35-90e3-f0b821d75e23.webp\" alt=\"\">\n        <\/div>\n        <div class=\"card-event__data\">\n            <div class=\"card-event__name\">\n                <p>Shred Fest: Obscura, Pestilence, Cryptic Shift, Thus, Dvrk<\/p>\n            <\/div>\n            <div class=\"card-event__date\">25.01.2027-25.01.2027<\/div>\n            <div class=\"card-event__location\">Warszawa<\/div>\n        <\/div>\n    <\/div>\n<\/div>                                            <\/div>\n                                        \n                                            <div class=\"events-slider-block__sliderItem swiper-slide event-card\"\n                                                data-id=\"195993\"\n                                                data-name=\"Koncert przy \u015bwiecach: Ludovico Einaudi, Yann Tiersen and Roberto Cacciapaglia\"\n                                                data-brand=\"Fundacja na Rzecz Pomocy Pestka\"\n                                                data-category=\"klasyka\"\n                                                data-subcategory=\"muzyka-filmowa\"\n                                                data-city=\"Warszawa\"\n                                                data-venue=\"Pa\u0142ac Staszica w Warszawie\">\n                                                \n<div class=\"card-event  card-event--size-small\">\n        <a href=\"https:\/\/www.ebilet.pl\/klasyka\/muzyka-filmowa\/einaudi-tiersen-cacciapaglia\" target=\"_blank\" class=\"card-event__link\" rel=\"nofollow noopener\"><\/a>\n        <div class=\"card-event__wrapper\">\n        <div class=\"card-event__image\">\n            <img decoding=\"async\" src=\"https:\/\/www.ebilet.pl\/media\/cms\/media\/5k4dd5r5\/4_2009-ed7a3b65-e6e8-4455-97d0-2ad5e7e8171e.webp\" alt=\"\">\n        <\/div>\n        <div class=\"card-event__data\">\n            <div class=\"card-event__name\">\n                <p>Koncert przy \u015bwiecach: Ludovico Einaudi, Yann Tiersen and Roberto Cacciapaglia<\/p>\n            <\/div>\n            <div class=\"card-event__date\">07.06.2026-07.06.2026<\/div>\n            <div class=\"card-event__location\">Warszawa<\/div>\n        <\/div>\n    <\/div>\n<\/div>                                            <\/div>\n                                        \n                                            <div class=\"events-slider-block__sliderItem swiper-slide event-card\"\n                                                data-id=\"195988\"\n                                                data-name=\"Koncert przy \u015bwiecach - Best of Hans Zimmer\"\n                                                data-brand=\"Fundacja na Rzecz Pomocy Pestka\"\n                                                data-category=\"klasyka\"\n                                                data-subcategory=\"muzyka-filmowa\"\n                                                data-city=\"Warszawa\"\n                                                data-venue=\"Pa\u0142ac Staszica w Warszawie\">\n                                                \n<div class=\"card-event  card-event--size-small\">\n        <a href=\"https:\/\/www.ebilet.pl\/klasyka\/muzyka-filmowa\/best-of-hans-zimmer\" target=\"_blank\" class=\"card-event__link\" rel=\"nofollow noopener\"><\/a>\n        <div class=\"card-event__wrapper\">\n        <div class=\"card-event__image\">\n            <img decoding=\"async\" src=\"https:\/\/www.ebilet.pl\/media\/cms\/media\/ucmezeb5\/3_2009-b10047b6-9a94-46be-9407-be1c8e1482f8.webp\" alt=\"\">\n        <\/div>\n        <div class=\"card-event__data\">\n            <div class=\"card-event__name\">\n                <p>Koncert przy \u015bwiecach &#8211; Best of Hans Zimmer<\/p>\n            <\/div>\n            <div class=\"card-event__date\">07.06.2026-07.06.2026<\/div>\n            <div class=\"card-event__location\">Warszawa<\/div>\n        <\/div>\n    <\/div>\n<\/div>                                            <\/div>\n                                        \n                                            <div class=\"events-slider-block__sliderItem swiper-slide event-card\"\n                                                data-id=\"129853\"\n                                                data-name=\"Beksi\u0144ski.Live\"\n                                                data-brand=\"L2L Sp z o.o.\"\n                                                data-category=\"widowiska\"\n                                                data-subcategory=\"inne\"\n                                                data-city=\"Warszawa, Wroc\u0142aw\"\n                                                data-venue=\"Hala COS Torwar \">\n                                                \n<div class=\"card-event  card-event--size-small\">\n        <a href=\"https:\/\/www.ebilet.pl\/widowiska\/inne\/beksinski-live\" target=\"_blank\" class=\"card-event__link\" rel=\"nofollow noopener\"><\/a>\n        <div class=\"card-event__wrapper\">\n        <div class=\"card-event__image\">\n            <img decoding=\"async\" src=\"https:\/\/www.ebilet.pl\/media\/cms\/media\/rcpokc02\/552x736-2026-04-27t161822058.webp\" alt=\"\">\n        <\/div>\n        <div class=\"card-event__data\">\n            <div class=\"card-event__name\">\n                <p>Beksi\u0144ski.Live<\/p>\n            <\/div>\n            <div class=\"card-event__date\">20.09.2026-20.09.2026<\/div>\n            <div class=\"card-event__location\">Warszawa, Wroc\u0142aw<\/div>\n        <\/div>\n    <\/div>\n<\/div>                                            <\/div>\n                                        \n                                            <div class=\"events-slider-block__sliderItem swiper-slide event-card\"\n                                                data-id=\"194826\"\n                                                data-name=\"50 prze\u0142omowych utwor\u00f3w w historii polskiego hip-hopu vol II \u2014 hosted by O.S.T.R.\"\n                                                data-brand=\"L2L Sp z o.o.\"\n                                                data-category=\"muzyka\"\n                                                data-subcategory=\"hip-hop-rap\"\n                                                data-city=\"\u0141\u00f3d\u017a\"\n                                                data-venue=\"Atlas Arena\">\n                                                \n<div class=\"card-event  card-event--size-small\">\n        <a href=\"https:\/\/www.ebilet.pl\/muzyka\/hip-hop-rap\/50-przelomowych-utworow-w-historii-polskiego-hip-hopu\" target=\"_blank\" class=\"card-event__link\" rel=\"nofollow noopener\"><\/a>\n        <div class=\"card-event__wrapper\">\n        <div class=\"card-event__image\">\n            <img decoding=\"async\" src=\"https:\/\/www.ebilet.pl\/media\/cms\/media\/5aijoipt\/50_4-5-82d6b341-4cff-4b8d-a503-a8163d60e134.webp\" alt=\"\">\n        <\/div>\n        <div class=\"card-event__data\">\n            <div class=\"card-event__name\">\n                <p>50 prze\u0142omowych utwor\u00f3w w historii polskiego hip-hopu vol II \u2014 hosted by O.S.T.R.<\/p>\n            <\/div>\n            <div class=\"card-event__date\">24.04.2027-24.04.2027<\/div>\n            <div class=\"card-event__location\">\u0141\u00f3d\u017a<\/div>\n        <\/div>\n    <\/div>\n<\/div>                                            <\/div>\n                                        \n                                            <div class=\"events-slider-block__sliderItem swiper-slide event-card\"\n                                                data-id=\"49432\"\n                                                data-name=\"Wroc\u0142aw Hip Hop Festival 2026\"\n                                                data-brand=\"Stowarzyszenie Planeta M\u0142odych\"\n                                                data-category=\"muzyka\"\n                                                data-subcategory=\"festiwale\"\n                                                data-city=\"Wroc\u0142aw\"\n                                                data-venue=\"Hala Stulecia\">\n                                                \n<div class=\"card-event  card-event--size-small\">\n        <a href=\"https:\/\/www.ebilet.pl\/muzyka\/festiwale\/wroclaw-hip-hop-festival\" target=\"_blank\" class=\"card-event__link\" rel=\"nofollow noopener\"><\/a>\n        <div class=\"card-event__wrapper\">\n        <div class=\"card-event__image\">\n            <img decoding=\"async\" src=\"https:\/\/www.ebilet.pl\/media\/cms\/media\/004dfv2o\/0423-whhf-ebilet_05-ffc5e42c-1240-4118-ae1c-5f49984461c5.webp\" alt=\"\">\n        <\/div>\n        <div class=\"card-event__data\">\n            <div class=\"card-event__name\">\n                <p>Wroc\u0142aw Hip Hop Festival 2026<\/p>\n            <\/div>\n            <div class=\"card-event__date\">20.11.2026-20.11.2026<\/div>\n            <div class=\"card-event__location\">Wroc\u0142aw<\/div>\n        <\/div>\n    <\/div>\n<\/div>                                            <\/div>\n                                        \n                                            <div class=\"events-slider-block__sliderItem swiper-slide event-card\"\n                                                data-id=\"89836\"\n                                                data-name=\"Eiv\u00f8r\"\n                                                data-brand=\"Fource Entertainment sp. z o o\"\n                                                data-category=\"muzyka\"\n                                                data-subcategory=\"pozostale\"\n                                                data-city=\"Pozna\u0144, Warszawa\"\n                                                data-venue=\"Klub Tama\">\n                                                \n<div class=\"card-event  card-event--size-small\">\n        <a href=\"https:\/\/www.ebilet.pl\/muzyka\/pozostale\/eivor\" target=\"_blank\" class=\"card-event__link\" rel=\"nofollow noopener\"><\/a>\n        <div class=\"card-event__wrapper\">\n        <div class=\"card-event__image\">\n            <img decoding=\"async\" src=\"https:\/\/www.ebilet.pl\/media\/cms\/media\/m1ujcylb\/ebilet-552x736-eivor.webp\" alt=\"\">\n        <\/div>\n        <div class=\"card-event__data\">\n            <div class=\"card-event__name\">\n                <p>Eiv\u00f8r<\/p>\n            <\/div>\n            <div class=\"card-event__date\">02.08.2026-02.08.2026<\/div>\n            <div class=\"card-event__location\">Pozna\u0144, Warszawa<\/div>\n        <\/div>\n    <\/div>\n<\/div>                                            <\/div>\n                                        \n                                            <div class=\"events-slider-block__sliderItem swiper-slide event-card\"\n                                                data-id=\"13053\"\n                                                data-name=\"Energa Ladies Jazz Festival 2026\"\n                                                data-brand=\"Modern Look Sp. z o.o.\"\n                                                data-category=\"muzyka\"\n                                                data-subcategory=\"jazz-blues\"\n                                                data-city=\"Gdynia\"\n                                                data-venue=\"Konsulat Kultury | Gdy\u0144skie Centrum Kultury\">\n                                                \n<div class=\"card-event  card-event--size-small\">\n        <a href=\"https:\/\/www.ebilet.pl\/muzyka\/jazz-blues\/ladies-jazz-festival\" target=\"_blank\" class=\"card-event__link\" rel=\"nofollow noopener\"><\/a>\n        <div class=\"card-event__wrapper\">\n        <div class=\"card-event__image\">\n            <img decoding=\"async\" src=\"https:\/\/www.ebilet.pl\/media\/cms\/media\/uffhqy4l\/eljf2026_552-a46b9d90-a1bd-4ddd-a55f-8bd974126c76.webp\" alt=\"\">\n        <\/div>\n        <div class=\"card-event__data\">\n            <div class=\"card-event__name\">\n                <p>Energa Ladies Jazz Festival 2026<\/p>\n            <\/div>\n            <div class=\"card-event__date\">20.07.2026-20.07.2026<\/div>\n            <div class=\"card-event__location\">Gdynia<\/div>\n        <\/div>\n    <\/div>\n<\/div>                                            <\/div>\n                                        \n                                            <div class=\"events-slider-block__sliderItem swiper-slide event-card\"\n                                                data-id=\"80961\"\n                                                data-name=\"Kolejna Noc | Wac Toja Showcase x Harmony\"\n                                                data-brand=\"Harmony Poland\"\n                                                data-category=\"muzyka\"\n                                                data-subcategory=\"hip-hop-rap\"\n                                                data-city=\"Katowice\"\n                                                data-venue=\"Cooler Club\">\n                                                \n<div class=\"card-event  card-event--size-small\">\n        <a href=\"https:\/\/www.ebilet.pl\/muzyka\/hip-hop-rap\/wac-toja\" target=\"_blank\" class=\"card-event__link\" rel=\"nofollow noopener\"><\/a>\n        <div class=\"card-event__wrapper\">\n        <div class=\"card-event__image\">\n            <img decoding=\"async\" src=\"https:\/\/www.ebilet.pl\/media\/cms\/media\/o4jjpwuv\/ebilet-2m-deed2912-3889-40c8-9a05-dbca4ce7ad6b.webp\" alt=\"\">\n        <\/div>\n        <div class=\"card-event__data\">\n            <div class=\"card-event__name\">\n                <p>Kolejna Noc | Wac Toja Showcase x Harmony<\/p>\n            <\/div>\n            <div class=\"card-event__date\">16.05.2026-16.05.2026<\/div>\n            <div class=\"card-event__location\">Katowice<\/div>\n        <\/div>\n    <\/div>\n<\/div>                                            <\/div>\n                                        \n                                            <div class=\"events-slider-block__sliderItem swiper-slide event-card\"\n                                                data-id=\"63906\"\n                                                data-name=\"Mecze towarzyskie Reprezentacji Polski m\u0119\u017cczyzn w siatk\u00f3wce\"\n                                                data-brand=\"Polska Siatk\u00f3wka Sp. z o.o.\"\n                                                data-category=\"sport\"\n                                                data-subcategory=\"sporty-druzynowe\"\n                                                data-city=\"Katowice, Sosnowiec\"\n                                                data-venue=\"ArcelorMittal Park w Sosnowcu\">\n                                                \n<div class=\"card-event  card-event--size-small\">\n        <a href=\"https:\/\/www.ebilet.pl\/sport\/sporty-druzynowe\/mecz-siatkowki\" target=\"_blank\" class=\"card-event__link\" rel=\"nofollow noopener\"><\/a>\n        <div class=\"card-event__wrapper\">\n        <div class=\"card-event__image\">\n            <img decoding=\"async\" src=\"https:\/\/www.ebilet.pl\/media\/cms\/media\/paxoijep\/mecz-1-e7ebdff4-0eeb-4b41-87f8-b8cc79cca9e1.webp\" alt=\"\">\n        <\/div>\n        <div class=\"card-event__data\">\n            <div class=\"card-event__name\">\n                <p>Mecze towarzyskie Reprezentacji Polski m\u0119\u017cczyzn w siatk\u00f3wce<\/p>\n            <\/div>\n            <div class=\"card-event__date\">20.05.2026-20.05.2026<\/div>\n            <div class=\"card-event__location\">Katowice, Sosnowiec<\/div>\n        <\/div>\n    <\/div>\n<\/div>                                            <\/div>\n                                        \n                                            <div class=\"events-slider-block__sliderItem swiper-slide event-card\"\n                                                data-id=\"205704\"\n                                                data-name=\"Osobowo\u015bci Romy: Janusz Kruci\u0144ski - MUZYKOTE\u2026REPAUTA\"\n                                                data-brand=\"Teatr Muzyczny Roma\"\n                                                data-category=\"teatr\"\n                                                data-subcategory=\"spektakle-muzyczne\"\n                                                data-city=\"Warszawa\"\n                                                data-venue=\"Teatr Muzyczny ROMA w Warszawie\">\n                                                \n<div class=\"card-event  card-event--size-small\">\n        <a href=\"https:\/\/www.ebilet.pl\/teatr\/spektakle-muzyczne\/muzykote-repauta\" target=\"_blank\" class=\"card-event__link\" rel=\"nofollow noopener\"><\/a>\n        <div class=\"card-event__wrapper\">\n        <div class=\"card-event__image\">\n            <img decoding=\"async\" src=\"https:\/\/www.ebilet.pl\/media\/cms\/media\/5xpjnwlz\/552x736_januszkrucinski.webp\" alt=\"\">\n        <\/div>\n        <div class=\"card-event__data\">\n            <div class=\"card-event__name\">\n                <p>Osobowo\u015bci Romy: Janusz Kruci\u0144ski &#8211; MUZYKOTE\u2026REPAUTA<\/p>\n            <\/div>\n            <div class=\"card-event__date\">05.06.2026-05.06.2026<\/div>\n            <div class=\"card-event__location\">Warszawa<\/div>\n        <\/div>\n    <\/div>\n<\/div>                                            <\/div>\n                                        \n                                            <div class=\"events-slider-block__sliderItem swiper-slide event-card\"\n                                                data-id=\"170324\"\n                                                data-name=\"SPI\u0118TY\/WY I ONI Inny Koncert\"\n                                                data-brand=\"AGENCJA ARTYSTYCZNA ART PROJEKT\"\n                                                data-category=\"muzyka\"\n                                                data-subcategory=\"rock\"\n                                                data-city=\"Katowice, Szczecin, Warszawa\"\n                                                data-venue=\"Narodowa Orkiestra Symfoniczna Polskiego Radia - NOSPR\">\n                                                \n<div class=\"card-event  card-event--size-small\">\n        <a href=\"https:\/\/www.ebilet.pl\/muzyka\/rock\/spiety-koncert\" target=\"_blank\" class=\"card-event__link\" rel=\"nofollow noopener\"><\/a>\n        <div class=\"card-event__wrapper\">\n        <div class=\"card-event__image\">\n            <img decoding=\"async\" src=\"https:\/\/www.ebilet.pl\/media\/cms\/media\/d45o0fai\/552-x-736_spiety_2026_zbiorcze_v03-b75777c9-8696-4b7a-8405-6113bc99f4af.webp\" alt=\"\">\n        <\/div>\n        <div class=\"card-event__data\">\n            <div class=\"card-event__name\">\n                <p>SPI\u0118TY\/WY I ONI Inny Koncert<\/p>\n            <\/div>\n            <div class=\"card-event__date\">25.10.2026-25.10.2026<\/div>\n            <div class=\"card-event__location\">Katowice, Szczecin, Warszawa<\/div>\n        <\/div>\n    <\/div>\n<\/div>                                            <\/div>\n                                        \n                                            <div class=\"events-slider-block__sliderItem swiper-slide event-card\"\n                                                data-id=\"205823\"\n                                                data-name=\"Biak i Qzyn \/ JOCC 2\"\n                                                data-brand=\"Revolume Sp. z o.o.\"\n                                                data-category=\"muzyka\"\n                                                data-subcategory=\"hip-hop-rap\"\n                                                data-city=\"Warszawa\"\n                                                data-venue=\"Klub Mechanik\">\n                                                \n<div class=\"card-event  card-event--size-small\">\n        <a href=\"https:\/\/www.ebilet.pl\/muzyka\/hip-hop-rap\/biak-qzyn\" target=\"_blank\" class=\"card-event__link\" rel=\"nofollow noopener\"><\/a>\n        <div class=\"card-event__wrapper\">\n        <div class=\"card-event__image\">\n            <img decoding=\"async\" src=\"https:\/\/www.ebilet.pl\/media\/cms\/media\/1nzpwvhx\/biak_qzyn_wwa_3-ec5e9876-7ce7-4a71-9a5d-d28ec070e568.webp\" alt=\"\">\n        <\/div>\n        <div class=\"card-event__data\">\n            <div class=\"card-event__name\">\n                <p>Biak i Qzyn \/ JOCC 2<\/p>\n            <\/div>\n            <div class=\"card-event__date\">13.06.2026-13.06.2026<\/div>\n            <div class=\"card-event__location\">Warszawa<\/div>\n        <\/div>\n    <\/div>\n<\/div>                                            <\/div>\n                                        \n                                            <div class=\"events-slider-block__sliderItem swiper-slide event-card\"\n                                                data-id=\"21950\"\n                                                data-name=\"Open Beer Festiwal - \u0141ydka Grubasa\"\n                                                data-brand=\"Rockfan Bartosz Aleksander Krusznicki, \u0141ydka Grubasa\"\n                                                data-category=\"muzyka\"\n                                                data-subcategory=\"rock\"\n                                                data-city=\"Warszawa\"\n                                                data-venue=\"Pi\u0119kny Brzeg\">\n                                                \n<div class=\"card-event  card-event--size-small\">\n        <a href=\"https:\/\/www.ebilet.pl\/muzyka\/rock\/lydka-grubasa\" target=\"_blank\" class=\"card-event__link\" rel=\"nofollow noopener\"><\/a>\n        <div class=\"card-event__wrapper\">\n        <div class=\"card-event__image\">\n            <img decoding=\"async\" src=\"https:\/\/www.ebilet.pl\/media\/cms\/media\/v1qmbzng\/735-pion-brzeg-1-b0708ef6-49e2-4ae8-a275-20a8a5edef10.webp\" alt=\"\">\n        <\/div>\n        <div class=\"card-event__data\">\n            <div class=\"card-event__name\">\n                <p>Open Beer Festiwal &#8211; \u0141ydka Grubasa<\/p>\n            <\/div>\n            <div class=\"card-event__date\">14.08.2026-14.08.2026<\/div>\n            <div class=\"card-event__location\">Warszawa<\/div>\n        <\/div>\n    <\/div>\n<\/div>                                            <\/div>\n                                        \n                                            <div class=\"events-slider-block__sliderItem swiper-slide event-card\"\n                                                data-id=\"34898\"\n                                                data-name=\"Koncert w\u015br\u00f3d kwiat\u00f3w i \u015bwiec: Tribute to Michael Jackson\"\n                                                data-brand=\"Candle Live Music\"\n                                                data-category=\"muzyka\"\n                                                data-subcategory=\"pop\"\n                                                data-city=\"Pozna\u0144\"\n                                                data-venue=\"Pa\u0142ac Dzia\u0142y\u0144skich\">\n                                                \n<div class=\"card-event  card-event--size-small\">\n        <a href=\"https:\/\/www.ebilet.pl\/muzyka\/pop\/tribute-to-michael-jackson\" target=\"_blank\" class=\"card-event__link\" rel=\"nofollow noopener\"><\/a>\n        <div class=\"card-event__wrapper\">\n        <div class=\"card-event__image\">\n            <img decoding=\"async\" src=\"https:\/\/www.ebilet.pl\/media\/cms\/media\/jocncpzu\/clm-ebilet-jackson-kwartet-kwiaty-552x736-cd354510-be14-4cb4-aeed-9d60497cd930.webp\" alt=\"\">\n        <\/div>\n        <div class=\"card-event__data\">\n            <div class=\"card-event__name\">\n                <p>Koncert w\u015br\u00f3d kwiat\u00f3w i \u015bwiec: Tribute to Michael Jackson<\/p>\n            <\/div>\n            <div class=\"card-event__date\">24.05.2026-24.05.2026<\/div>\n            <div class=\"card-event__location\">Pozna\u0144<\/div>\n        <\/div>\n    <\/div>\n<\/div>                                            <\/div>\n                                                                            <\/div>\n                                <\/div>\n                            <\/div>\n                            <div class=\"events-slider-block__events swiper\" data-events-events-descriptions>\n                                <div class=\"events-slider-block__eventsWrapper swiper-wrapper\">\n                                                                            <div class=\"events-slider-block__eventsItem swiper-slide\">\n                                            <a href=\"https:\/\/www.ebilet.pl\/muzyka\/hard-heavy\/shred-fest\" target=\"_blank\" class=\"events-slider-block__eventsName\">\n                                                <p>Shred Fest: Obscura, Pestilence, Cryptic Shift, Thus, Dvrk<\/p>\n                                            <\/a>\n                                            <div class=\"events-slider-block__eventsDate\">25.01.2027-25.01.2027<\/div>\n                                            <div class=\"events-slider-block__eventsLocation\"><\/div>\n                                        <\/div>\n                                                                            <div class=\"events-slider-block__eventsItem swiper-slide\">\n                                            <a href=\"https:\/\/www.ebilet.pl\/klasyka\/muzyka-filmowa\/einaudi-tiersen-cacciapaglia\" target=\"_blank\" class=\"events-slider-block__eventsName\">\n                                                <p>Koncert przy \u015bwiecach: Ludovico Einaudi, Yann Tiersen and Roberto Cacciapaglia<\/p>\n                                            <\/a>\n                                            <div class=\"events-slider-block__eventsDate\">07.06.2026-07.06.2026<\/div>\n                                            <div class=\"events-slider-block__eventsLocation\"><\/div>\n                                        <\/div>\n                                                                            <div class=\"events-slider-block__eventsItem swiper-slide\">\n                                            <a href=\"https:\/\/www.ebilet.pl\/klasyka\/muzyka-filmowa\/best-of-hans-zimmer\" target=\"_blank\" class=\"events-slider-block__eventsName\">\n                                                <p>Koncert przy \u015bwiecach &#8211; Best of Hans Zimmer<\/p>\n                                            <\/a>\n                                            <div class=\"events-slider-block__eventsDate\">07.06.2026-07.06.2026<\/div>\n                                            <div class=\"events-slider-block__eventsLocation\"><\/div>\n                                        <\/div>\n                                                                            <div class=\"events-slider-block__eventsItem swiper-slide\">\n                                            <a href=\"https:\/\/www.ebilet.pl\/widowiska\/inne\/beksinski-live\" target=\"_blank\" class=\"events-slider-block__eventsName\">\n                                                <p>Beksi\u0144ski.Live<\/p>\n                                            <\/a>\n                                            <div class=\"events-slider-block__eventsDate\">20.09.2026-08.10.2026<\/div>\n                                            <div class=\"events-slider-block__eventsLocation\"><\/div>\n                                        <\/div>\n                                                                            <div class=\"events-slider-block__eventsItem swiper-slide\">\n                                            <a href=\"https:\/\/www.ebilet.pl\/muzyka\/hip-hop-rap\/50-przelomowych-utworow-w-historii-polskiego-hip-hopu\" target=\"_blank\" class=\"events-slider-block__eventsName\">\n                                                <p>50 prze\u0142omowych utwor\u00f3w w historii polskiego hip-hopu vol II \u2014 hosted by O.S.T.R.<\/p>\n                                            <\/a>\n                                            <div class=\"events-slider-block__eventsDate\">24.04.2027-24.04.2027<\/div>\n                                            <div class=\"events-slider-block__eventsLocation\"><\/div>\n                                        <\/div>\n                                                                            <div class=\"events-slider-block__eventsItem swiper-slide\">\n                                            <a href=\"https:\/\/www.ebilet.pl\/muzyka\/festiwale\/wroclaw-hip-hop-festival\" target=\"_blank\" class=\"events-slider-block__eventsName\">\n                                                <p>Wroc\u0142aw Hip Hop Festival 2026<\/p>\n                                            <\/a>\n                                            <div class=\"events-slider-block__eventsDate\">20.11.2026-20.11.2026<\/div>\n                                            <div class=\"events-slider-block__eventsLocation\"><\/div>\n                                        <\/div>\n                                                                            <div class=\"events-slider-block__eventsItem swiper-slide\">\n                                            <a href=\"https:\/\/www.ebilet.pl\/muzyka\/pozostale\/eivor\" target=\"_blank\" class=\"events-slider-block__eventsName\">\n                                                <p>Eiv\u00f8r<\/p>\n                                            <\/a>\n                                            <div class=\"events-slider-block__eventsDate\">02.08.2026-21.03.2027<\/div>\n                                            <div class=\"events-slider-block__eventsLocation\"><\/div>\n                                        <\/div>\n                                                                            <div class=\"events-slider-block__eventsItem swiper-slide\">\n                                            <a href=\"https:\/\/www.ebilet.pl\/muzyka\/jazz-blues\/ladies-jazz-festival\" target=\"_blank\" class=\"events-slider-block__eventsName\">\n                                                <p>Energa Ladies Jazz Festival 2026<\/p>\n                                            <\/a>\n                                            <div class=\"events-slider-block__eventsDate\">20.07.2026-26.07.2026<\/div>\n                                            <div class=\"events-slider-block__eventsLocation\"><\/div>\n                                        <\/div>\n                                                                            <div class=\"events-slider-block__eventsItem swiper-slide\">\n                                            <a href=\"https:\/\/www.ebilet.pl\/muzyka\/hip-hop-rap\/wac-toja\" target=\"_blank\" class=\"events-slider-block__eventsName\">\n                                                <p>Kolejna Noc | Wac Toja Showcase x Harmony<\/p>\n                                            <\/a>\n                                            <div class=\"events-slider-block__eventsDate\">16.05.2026-16.05.2026<\/div>\n                                            <div class=\"events-slider-block__eventsLocation\"><\/div>\n                                        <\/div>\n                                                                            <div class=\"events-slider-block__eventsItem swiper-slide\">\n                                            <a href=\"https:\/\/www.ebilet.pl\/sport\/sporty-druzynowe\/mecz-siatkowki\" target=\"_blank\" class=\"events-slider-block__eventsName\">\n                                                <p>Mecze towarzyskie Reprezentacji Polski m\u0119\u017cczyzn w siatk\u00f3wce<\/p>\n                                            <\/a>\n                                            <div class=\"events-slider-block__eventsDate\">20.05.2026-23.05.2026<\/div>\n                                            <div class=\"events-slider-block__eventsLocation\"><\/div>\n                                        <\/div>\n                                                                            <div class=\"events-slider-block__eventsItem swiper-slide\">\n                                            <a href=\"https:\/\/www.ebilet.pl\/teatr\/spektakle-muzyczne\/muzykote-repauta\" target=\"_blank\" class=\"events-slider-block__eventsName\">\n                                                <p>Osobowo\u015bci Romy: Janusz Kruci\u0144ski &#8211; MUZYKOTE\u2026REPAUTA<\/p>\n                                            <\/a>\n                                            <div class=\"events-slider-block__eventsDate\">05.06.2026-05.06.2026<\/div>\n                                            <div class=\"events-slider-block__eventsLocation\"><\/div>\n                                        <\/div>\n                                                                            <div class=\"events-slider-block__eventsItem swiper-slide\">\n                                            <a href=\"https:\/\/www.ebilet.pl\/muzyka\/rock\/spiety-koncert\" target=\"_blank\" class=\"events-slider-block__eventsName\">\n                                                <p>SPI\u0118TY\/WY I ONI Inny Koncert<\/p>\n                                            <\/a>\n                                            <div class=\"events-slider-block__eventsDate\">25.10.2026-28.11.2026<\/div>\n                                            <div class=\"events-slider-block__eventsLocation\"><\/div>\n                                        <\/div>\n                                                                            <div class=\"events-slider-block__eventsItem swiper-slide\">\n                                            <a href=\"https:\/\/www.ebilet.pl\/muzyka\/hip-hop-rap\/biak-qzyn\" target=\"_blank\" class=\"events-slider-block__eventsName\">\n                                                <p>Biak i Qzyn \/ JOCC 2<\/p>\n                                            <\/a>\n                                            <div class=\"events-slider-block__eventsDate\">13.06.2026-13.06.2026<\/div>\n                                            <div class=\"events-slider-block__eventsLocation\"><\/div>\n                                        <\/div>\n                                                                            <div class=\"events-slider-block__eventsItem swiper-slide\">\n                                            <a href=\"https:\/\/www.ebilet.pl\/muzyka\/rock\/lydka-grubasa\" target=\"_blank\" class=\"events-slider-block__eventsName\">\n                                                <p>Open Beer Festiwal &#8211; \u0141ydka Grubasa<\/p>\n                                            <\/a>\n                                            <div class=\"events-slider-block__eventsDate\">14.08.2026-14.08.2026<\/div>\n                                            <div class=\"events-slider-block__eventsLocation\"><\/div>\n                                        <\/div>\n                                                                            <div class=\"events-slider-block__eventsItem swiper-slide\">\n                                            <a href=\"https:\/\/www.ebilet.pl\/muzyka\/pop\/tribute-to-michael-jackson\" target=\"_blank\" class=\"events-slider-block__eventsName\">\n                                                <p>Koncert w\u015br\u00f3d kwiat\u00f3w i \u015bwiec: Tribute to Michael Jackson<\/p>\n                                            <\/a>\n                                            <div class=\"events-slider-block__eventsDate\">24.05.2026-24.05.2026<\/div>\n                                            <div class=\"events-slider-block__eventsLocation\"><\/div>\n                                        <\/div>\n                                                                    <\/div>\n                            <\/div>\n                            <div class=\"events-slider-block__pagination\">\n                                <div class=\"swiper-pagination slider-pagination slider-pagination--theme-white\" data-events-slider-pagination><\/div>\n                            <\/div>\n                        <\/div>\n                                        <div class=\"events-slider-block__bottom\">\n                                                                                <div class=\"events-slider-block__link desktop\">\n                                    <a\n                                        class=\"button button--size-small button--theme-primary-yellow button--withIconLeft\"\n                                        href=\"https:\/\/www.ebilet.pl\/\">\n                                                                                    <div class=\"button__icon\"><img loading=\"lazy\" decoding=\"async\" width=\"30\" height=\"30\" src=\"https:\/\/www.ebilet.pl\/now\/app\/uploads\/2024\/01\/ticket-cinema-entertainment-coupon-discount-sale_30px.png\" class=\"attachment-full size-full\" alt=\"\" \/><\/div>\n                                                                                <p class=\"button__text typo-18\">Kup na eBilet.pl<\/p>\n                                    <\/a>\n                                <\/div>\n                                                                                <div class=\"events-slider-block__link mobile\">\n                                    <a\n                                        class=\"button button--size-small button--theme-primary-yellow button--withIconLeft\"\n                                        href=\"https:\/\/www.ebilet.pl\/\">\n                                                                                    <div class=\"button__icon\"><img loading=\"lazy\" decoding=\"async\" width=\"30\" height=\"30\" src=\"https:\/\/www.ebilet.pl\/now\/app\/uploads\/2024\/01\/ticket-cinema-entertainment-coupon-discount-sale_30px.png\" class=\"attachment-full size-full\" alt=\"\" \/><\/div>\n                                                                                <p class=\"button__text typo-18\">Kup na eBilet.pl<\/p>\n                                    <\/a>\n                                <\/div>\n                                            <\/div>\n                <\/div>\n            <\/div>\n        <\/div>\n    <\/div>\n<\/section>","protected":false},"excerpt":{"rendered":"<p>Cho\u0107 wi\u0119kszo\u015b\u0107 z nas kojarzy jedynie poloneza (a i to tylko dlatego, \u017ce ta\u0144czy si\u0119 go na balach i studni\u00f3wkach), to polskich ta\u0144c\u00f3w narodowych mamy a\u017c pi\u0119\u0107. Ka\u017cdy z nich jest innych i cho\u0107 trzy z nich wywodz\u0105 si\u0119 z tradycji mazurkowych, s\u0105 zupe\u0142nie r\u00f3\u017cne. Polonez jest najbardziej dostojnym ta\u0144cem, a oberek jest tak szybki i skoczny, \u017ce \u0142atwo pogubi\u0107 w nim nogi. Sprawd\u017amy, co jeszcze warto wiedzie\u0107 o polskich ta\u0144cach narodowych!<\/p>\n","protected":false},"author":14,"featured_media":64444,"comment_status":"open","ping_status":"open","sticky":false,"template":"page-templates\/article-default.php","format":"standard","meta":{"_acf_changed":false,"footnotes":""},"article_tag":[88,59,145],"article_type":[5],"acf":[],"_links":{"self":[{"href":"https:\/\/www.ebilet.pl\/now\/wp-json\/wp\/v2\/posts\/64443"}],"collection":[{"href":"https:\/\/www.ebilet.pl\/now\/wp-json\/wp\/v2\/posts"}],"about":[{"href":"https:\/\/www.ebilet.pl\/now\/wp-json\/wp\/v2\/types\/post"}],"author":[{"embeddable":true,"href":"https:\/\/www.ebilet.pl\/now\/wp-json\/wp\/v2\/users\/14"}],"replies":[{"embeddable":true,"href":"https:\/\/www.ebilet.pl\/now\/wp-json\/wp\/v2\/comments?post=64443"}],"version-history":[{"count":1,"href":"https:\/\/www.ebilet.pl\/now\/wp-json\/wp\/v2\/posts\/64443\/revisions"}],"predecessor-version":[{"id":64446,"href":"https:\/\/www.ebilet.pl\/now\/wp-json\/wp\/v2\/posts\/64443\/revisions\/64446"}],"wp:featuredmedia":[{"embeddable":true,"href":"https:\/\/www.ebilet.pl\/now\/wp-json\/wp\/v2\/media\/64444"}],"wp:attachment":[{"href":"https:\/\/www.ebilet.pl\/now\/wp-json\/wp\/v2\/media?parent=64443"}],"wp:term":[{"taxonomy":"article_tag","embeddable":true,"href":"https:\/\/www.ebilet.pl\/now\/wp-json\/wp\/v2\/article_tag?post=64443"},{"taxonomy":"article_type","embeddable":true,"href":"https:\/\/www.ebilet.pl\/now\/wp-json\/wp\/v2\/article_type?post=64443"}],"curies":[{"name":"wp","href":"https:\/\/api.w.org\/{rel}","templated":true}]}}