{"id":6329,"date":"2024-03-13T15:09:22","date_gmt":"2024-03-13T14:09:22","guid":{"rendered":"https:\/\/www.ebilet.pl\/now\/?p=6329"},"modified":"2024-03-15T14:38:50","modified_gmt":"2024-03-15T13:38:50","slug":"witajcie-w-naszej-bajce","status":"publish","type":"post","link":"https:\/\/www.ebilet.pl\/now\/witajcie-w-naszej-bajce\/","title":{"rendered":"Witajcie w naszej bajce"},"content":{"rendered":"\n<section class=\"text-block  section-margin-32\" >\n    <div class=\"container\">\n        <div class=\"row\">\n            <div class=\"col-24\">\n                <div class=\"text-block__content\"><p>Na <strong>eBilet NOW<\/strong> nie znajdziecie tekst\u00f3w rodem z serwis\u00f3w plotkarskich. Za to gwarantujemy wam, \u017ce przeczytacie teksty ciekawe, rzetelne, z pazurem. Na pewno nie b\u0119dzie nudno.<\/p>\n<p>Poka\u017cemy, \u017ce kultura jest dla ka\u017cdego. A \u015bwiat wydarze\u0144 jest bardzo bogaty. Ka\u017cdego dnia w ca\u0142ej Polsce dzieje si\u0119 co\u015b ciekawego. Z nami nie przegapicie najwa\u017cniejszych wydarze\u0144. Z nisz wy\u0142uskamy dla was pere\u0142ki.<\/p>\n<p>Zdradzimy ciekawostki, opowiemy nieznane historie, anegdotki. Poznacie bli\u017cej najwi\u0119ksze polskie gwiazdy. Na <strong>eBilet NOW<\/strong> znajdziecie rozmowy inne ni\u017c gdzie indziej. Gdzie wa\u017cna jest tre\u015b\u0107, a nie sensacja. Autorskie wywiady, ostre pi\u00f3ro, to co\u015b, na co codziennie mo\u017cecie u nas liczy\u0107.<\/p>\n<\/div>\n            <\/div>\n        <\/div>\n    <\/div>\n<\/section>\n\n\n<section class=\"quote-block  section-margin-32\" >\n    <div class=\"container\">\n        <div class=\"row\">\n            <div class=\"col-24\">\n                <div class=\"quote-block__wrapper\">\n                    <p class=\"quote-block__quote typo-32\">Jeste\u015bmy dla was. Bo jeste\u015bmy jednymi z was. Koncertowych czy kibicowych freak\u00f3w.<\/p>\n                <\/div>\n            <\/div>\n        <\/div>\n    <\/div>\n<\/section>\n\n\n<section class=\"text-block  section-margin-32\" >\n    <div class=\"container\">\n        <div class=\"row\">\n            <div class=\"col-24\">\n                <div class=\"text-block__content\"><p><strong>eBilet NOW<\/strong> to nie tylko informacje o nowo\u015bciach muzycznych, newsach ze \u015bwiata koncert\u00f3w i festiwali. Piszemy o wystawach, sztuce, balecie, ale i o imprezach sportowych. Piszemy o wszystkim, co warte uwagi. Jak b\u0119dzie trzeba, podpowiemy nawet, do kt\u00f3rego foodtracka podczas festiwalu stoi si\u0119 w najkr\u00f3tszej kolejce. Znajdziecie te\u017c informacje prosto zza kulis \u015bwiata event\u00f3w. Bran\u017cowe &#8220;kto, z kim i dlaczego&#8221;.<\/p>\n<p>Jeste\u015bmy dla was. Bo jeste\u015bmy jednymi z was. Koncertowych czy kibicowych freak\u00f3w.<br \/>\nNie chcemy siedzie\u0107 w mieszkaniu, szkoda na to \u017cycia, gdy na zewn\u0105trz ka\u017cdego dnia tyle si\u0119 dzieje.<\/p>\n<p><strong>Jan Kali\u0144ski, redaktor naczelny eBilet NOW<\/strong><\/p>\n<\/div>\n            <\/div>\n        <\/div>\n    <\/div>\n<\/section>\n\n\n<section class=\"banner banner--layout-default section-margin-32\" >\n    <div class=\"container\">\n        <div class=\"row\">\n            <div class=\"col-24\">\n                <div class=\"banner__wrapper\">\n                                        <div class=\"banner__bg\">\n                        <img loading=\"lazy\" decoding=\"async\" width=\"2502\" height=\"1408\" src=\"https:\/\/www.ebilet.pl\/now\/app\/uploads\/2024\/02\/m_wisniewski-scaled-e1708943639223.jpg\" class=\"attachment-full size-full\" alt=\"\" srcset=\"https:\/\/www.ebilet.pl\/now\/app\/uploads\/2024\/02\/m_wisniewski-scaled-e1708943639223.jpg 2502w, https:\/\/www.ebilet.pl\/now\/app\/uploads\/2024\/02\/m_wisniewski-scaled-e1708943639223-1024x576.jpg 1024w, https:\/\/www.ebilet.pl\/now\/app\/uploads\/2024\/02\/m_wisniewski-scaled-e1708943639223-1536x864.jpg 1536w, https:\/\/www.ebilet.pl\/now\/app\/uploads\/2024\/02\/m_wisniewski-scaled-e1708943639223-2048x1153.jpg 2048w, https:\/\/www.ebilet.pl\/now\/app\/uploads\/2024\/02\/m_wisniewski-scaled-e1708943639223-1280x720.jpg 1280w, https:\/\/www.ebilet.pl\/now\/app\/uploads\/2024\/02\/m_wisniewski-scaled-e1708943639223-500x281.jpg 500w, https:\/\/www.ebilet.pl\/now\/app\/uploads\/2024\/02\/m_wisniewski-scaled-e1708943639223-632x356.jpg 632w, https:\/\/www.ebilet.pl\/now\/app\/uploads\/2024\/02\/m_wisniewski-scaled-e1708943639223-308x174.jpg 308w, https:\/\/www.ebilet.pl\/now\/app\/uploads\/2024\/02\/m_wisniewski-scaled-e1708943639223-300x169.jpg 300w, https:\/\/www.ebilet.pl\/now\/app\/uploads\/2024\/02\/m_wisniewski-scaled-e1708943639223-768x432.jpg 768w\" sizes=\"(max-width: 2502px) 100vw, 2502px\" \/>                    <\/div>\n                                                                                                    <div class=\"banner__text\">\n                        <div class=\"banner__title typo-h2 f-700\">Nasze rozmowy<\/div>\n                        <p class=\"banner__desc typo-14\"><\/p>\n                    <\/div>\n                                                            <div class=\"banner__link\">\n                        <a\n                            class=\"button button--theme-primary-yellow \"\n                            href=\"https:\/\/www.ebilet.pl\/now\/kategoria\/wywiady\"\n                        >\n                            <p class=\"button__text typo-18\">Przeczytaj wi\u0119cej<\/p>\n                                                    <\/a>\n                    <\/div>\n                                                        <\/div>\n            <\/div>\n        <\/div>\n    <\/div>\n<\/section>","protected":false},"excerpt":{"rendered":"<p>Chcemy bawi\u0107 si\u0119 \u015bwiatem imprez, muzyki, sportu, rozrywki. I chcemy aby\u015bcie bawili si\u0119 z nami. Nie b\u0119dziemy tak kultowi jak magazyn &#8220;Rolling Stone&#8221;. Nie b\u0119dziemy tak ambitni jak TVP Kultura.<\/p>\n","protected":false},"author":4,"featured_media":6972,"comment_status":"open","ping_status":"open","sticky":false,"template":"page-templates\/article-default.php","format":"standard","meta":{"_acf_changed":false,"footnotes":""},"article_tag":[26,31,79],"article_type":[5],"acf":[],"_links":{"self":[{"href":"https:\/\/www.ebilet.pl\/now\/wp-json\/wp\/v2\/posts\/6329"}],"collection":[{"href":"https:\/\/www.ebilet.pl\/now\/wp-json\/wp\/v2\/posts"}],"about":[{"href":"https:\/\/www.ebilet.pl\/now\/wp-json\/wp\/v2\/types\/post"}],"author":[{"embeddable":true,"href":"https:\/\/www.ebilet.pl\/now\/wp-json\/wp\/v2\/users\/4"}],"replies":[{"embeddable":true,"href":"https:\/\/www.ebilet.pl\/now\/wp-json\/wp\/v2\/comments?post=6329"}],"version-history":[{"count":3,"href":"https:\/\/www.ebilet.pl\/now\/wp-json\/wp\/v2\/posts\/6329\/revisions"}],"predecessor-version":[{"id":7419,"href":"https:\/\/www.ebilet.pl\/now\/wp-json\/wp\/v2\/posts\/6329\/revisions\/7419"}],"wp:featuredmedia":[{"embeddable":true,"href":"https:\/\/www.ebilet.pl\/now\/wp-json\/wp\/v2\/media\/6972"}],"wp:attachment":[{"href":"https:\/\/www.ebilet.pl\/now\/wp-json\/wp\/v2\/media?parent=6329"}],"wp:term":[{"taxonomy":"article_tag","embeddable":true,"href":"https:\/\/www.ebilet.pl\/now\/wp-json\/wp\/v2\/article_tag?post=6329"},{"taxonomy":"article_type","embeddable":true,"href":"https:\/\/www.ebilet.pl\/now\/wp-json\/wp\/v2\/article_type?post=6329"}],"curies":[{"name":"wp","href":"https:\/\/api.w.org\/{rel}","templated":true}]}}