{"id":60875,"date":"2025-07-23T14:10:03","date_gmt":"2025-07-23T13:10:03","guid":{"rendered":"https:\/\/www.ebilet.pl\/now\/?p=60875"},"modified":"2025-09-18T20:46:54","modified_gmt":"2025-09-18T19:46:54","slug":"maryla-rodowicz-da-koncert-w-ramach-kultowego-projektu-mtv-unplugged","status":"publish","type":"post","link":"https:\/\/www.ebilet.pl\/now\/maryla-rodowicz-da-koncert-w-ramach-kultowego-projektu-mtv-unplugged\/","title":{"rendered":"Maryla Rodowicz da koncert w ramach kultowego projektu MTV Unplugged!"},"content":{"rendered":"\n<section class=\"text-block  section-margin-32\" >\n    <div class=\"container\">\n        <div class=\"row\">\n            <div class=\"col-24\">\n                <div class=\"text-block__content\"><h2>Maryla Rodowicz MTV Unplugged &#8211; to b\u0119dzie koncert, kt\u00f3ry przejdzie do historii!<\/h2>\n<p><strong>MTV Unplugged<\/strong> to kultowa koncertowa seria, w ramach kt\u00f3rej od ponad 35 lat najznakomitsi arty\u015bci i zespo\u0142y prezentuj\u0105 swoje najpopularniejsze utwory w nowych, akustycznych aran\u017cacjach &#8220;bez pr\u0105du&#8221;. Dzi\u0119ki tej formule publiczno\u015b\u0107 mo\u017ce na nowo odkry\u0107 hity, kt\u00f3re zaprowadzi\u0142y ich ukochanych idoli na szczyty list przeboj\u00f3w.<\/p>\n<p>Na pomys\u0142 stworzenia tego formatu pod koniec lat 80. wpadli dwaj producenci stacji MTV &#8211; <strong>Robert Small<\/strong> i <strong>Jim Burns<\/strong>. Pierwszy koncert w 1989 roku zagrali <strong>Squeeze<\/strong>, <strong>Syd Straw<\/strong> i <strong>Elliot Easton<\/strong>. Z czasem do udzia\u0142u w projekcie zacz\u0119to anga\u017cowa\u0107 najwi\u0119ksze gwiazdy danej dekady, a ich wyst\u0119py w ramach MTV Unplugged bez w\u0105tpienia sta\u0142y si\u0119 znacz\u0105c\u0105 cz\u0119\u015bci\u0105 historii wsp\u00f3\u0142czesnej muzyki.<\/p>\n<p>W ca\u0142ej historii cyklu zagranych i zarejestrowanych zosta\u0142a ogromna liczba koncert\u00f3w, z czego wiele uznawanych jest dzi\u015b za co najmniej legendarne &#8211; ze s\u0142ynnymi wyst\u0119pami <strong>Nirvany<\/strong>, <strong>Sinead O&#8217;Connor<\/strong>, <strong>Aerosmith<\/strong>, <strong>Paula McCartneya<\/strong>, <strong>Mariah Carey<\/strong> i <strong>Eric Claptona<\/strong> na czele.<\/p>\n<\/div>\n            <\/div>\n        <\/div>\n    <\/div>\n<\/section>\n\n\n    <section\n        class=\"events-tickets  section-margin-32\"\n        data-module=\"event-list\"\n        data-item-list-id=\"karuzela_z_biletami--1\"\n        data-item-list-name=\"Karuzela z biletami #1\"\n        >\n        <div class=\"container\">\n            <div class=\"row\">\n                <div class=\"col-24\">\n                    <div class=\"events-tickets__wrapper\">\n                                                <div class=\"events-tickets__grid\">\n                            <div class=\"events-tickets__event\">\n                                \n<div class=\"card-event  card-event--size-default card-event--boldTitle\">\n        <div class=\"card-event__wrapper\">\n        <div class=\"card-event__image\">\n            <img decoding=\"async\" src=\"https:\/\/www.ebilet.pl\/media\" alt=\"\">\n        <\/div>\n        <div class=\"card-event__data\">\n            <div class=\"card-event__name\">\n                <p>Not Found<\/p>\n            <\/div>\n            <div class=\"card-event__date\">&#8211;<\/div>\n            <div class=\"card-event__location\"><\/div>\n        <\/div>\n    <\/div>\n<\/div>                            <\/div>\n\n                                                    <\/div>\n                    <\/div>\n                <\/div>\n            <\/div>\n        <\/div>\n        <script>\n            document.addEventListener(\"DOMContentLoaded\", function() {\n                const section = document.querySelector('[data-module=\"event-list\"][data-item-list-id=\"karuzela_z_biletami--1\"]');\n                if (!section) return;\n\n                const observer = new IntersectionObserver((entries, obs) => {\n                    entries.forEach(entry => {\n                        if (entry.isIntersecting) {\n                            const items = [\n                                                            ];\n\n                            window.dataLayer = window.dataLayer || [];\n                            window.dataLayer.push({\n                                event: 'bilety_belka_view',\n                                ecommerce: {\n                                    content_list_name: 'Bilety na wydarzenia',\n                                    item_list_id: 'bilety-na-wydarzenia',\n                                    items: items\n                                }\n                            });\n                            window.dataLayer.push({\n                                event: 'content_list_view',\n                                ecommerce: {\n                                    content_list_name: 'Bilety na wydarzenia',\n                                    item_list_id: 'bilety-na-wydarzenia'\n                                }\n                            });\n\n                            obs.unobserve(section);\n                        }\n                    });\n                }, {\n                    threshold: 0.25\n                });\n\n                observer.observe(section);\n            });\n        <\/script>\n\n    <\/section>\n\n\n\n<section  class=\"article-bullet-list  section-margin-32\">\n    <div class=\"container\">\n        <div class=\"row\">\n            <div class=\"col-24\">\n                                <div class=\"article-bullet-list__title\">\n                    <p class=\"typo-18\">Przeczytaj te\u017c:<\/p>\n                <\/div>\n                                <div class=\"article-bullet-list text-block\">\n                    <div class=\"text-block__content\">\n                        <ul>\n                                                        <li>\n                                <a href=\"https:\/\/www.ebilet.pl\/now\/niepokorna-waleczna-bezkompromisowa-kora-jedyna-taka-wokalistka-w-polsce\/\">\n                                    <span>Niepokorna, waleczna, bezkompromisowa. Kora &#8211; jedyna taka wokalistka w Polsce<\/span>\n                                <\/a>\n                            <\/li>\n                                                        <li>\n                                <a href=\"https:\/\/www.ebilet.pl\/now\/sanah-wrocila-z-projektem-siostry-grabowskie\/\">\n                                    <span>sanah wr\u00f3ci\u0142a z projektem &#8220;Siostry Grabowskie&#8221;!<\/span>\n                                <\/a>\n                            <\/li>\n                                                        <li>\n                                <a href=\"https:\/\/www.ebilet.pl\/now\/daniel-godson-z-wakacyjnym-singlem\/\">\n                                    <span>Daniel Godson z wakacyjnym singlem!<\/span>\n                                <\/a>\n                            <\/li>\n                                                        <li>\n                                <a href=\"https:\/\/www.ebilet.pl\/now\/vito-bambino-dzieli-sie-nowym-nagraniem\/\">\n                                    <span>Vito Bambino dzieli si\u0119 nowym nagraniem!<\/span>\n                                <\/a>\n                            <\/li>\n                                                    <\/ul>\n                    <\/div>\n                <\/div>\n            <\/div>\n        <\/div>\n    <\/div>\n<\/section>\n\n\n<figure class=\"wp-block-embed is-type-video is-provider-youtube wp-block-embed-youtube wp-embed-aspect-16-9 wp-has-aspect-ratio\"><div class=\"wp-block-embed__wrapper\">\n<iframe loading=\"lazy\" title=\"Nirvana - About A Girl (Live On MTV Unplugged, 1993 \/ Unedited)\" width=\"500\" height=\"281\" src=\"https:\/\/www.youtube.com\/embed\/_24pJQUj7zg?list=PLyUVnCw_kLV0J2OjvADXZL-NrSghlEgDg\" frameborder=\"0\" allow=\"accelerometer; autoplay; clipboard-write; encrypted-media; gyroscope; picture-in-picture; web-share\" referrerpolicy=\"strict-origin-when-cross-origin\" allowfullscreen><\/iframe>\n<\/div><\/figure>\n\n\n<section class=\"gap-block  section-margin-32 section-margin-32\"><\/section>\n\n\n<section class=\"text-block  section-margin-32\" >\n    <div class=\"container\">\n        <div class=\"row\">\n            <div class=\"col-24\">\n                <div class=\"text-block__content\"><h2>Maryla Rodowicz MTV Unplugged<\/h2>\n<p>Szyld MTV Unplugged jest synonimem uznania i stanowi ukoronowanie lat ci\u0119\u017ckiej pracy oraz<br \/>\ndorobku ka\u017cdego wykonawcy &#8211; dlatego zrealizowanie koncertu w tym legendarnym formacie znajduje si\u0119 na li\u015bcie marze\u0144 chyba ka\u017cdego muzyka.<\/p>\n<p>Od 2006 roku nie tylko najwi\u0119ksze \u015bwiatowe gwiazdy, ale te\u017c polscy wykonawcy maj\u0105 mo\u017cliwo\u015b\u0107 uczestniczy\u0107 w tym presti\u017cowym projekcie. Pierwsz\u0105 artystk\u0105, kt\u00f3ra zagra\u0142a sw\u00f3j koncert dla MTV Unplugged by\u0142a <a href=\"https:\/\/www.ebilet.pl\/artysta\/kayah\"><strong>Kayah<\/strong><\/a>. W kolejnych latach swoje wyst\u0119py &#8220;bez pr\u0105du&#8221; dali te\u017c m.in. <a href=\"https:\/\/www.ebilet.pl\/artysta\/kult\"><strong>Kult<\/strong><\/a>, <a href=\"https:\/\/www.ebilet.pl\/artysta\/lady-pank\"><strong>Lady Pank<\/strong><\/a>, <a href=\"https:\/\/www.ebilet.pl\/artysta\/organek\"><strong>\u00d8rganek<\/strong><\/a>, <a href=\"https:\/\/www.ebilet.pl\/artysta\/monika-brodka\"><strong>Monika Brodka<\/strong><\/a>, <a href=\"https:\/\/www.ebilet.pl\/artysta\/hey\"><strong>Hey<\/strong><\/a>, <a href=\"https:\/\/www.ebilet.pl\/artysta\/krzysztof-zalewski\"><strong>Krzysztof Zalewski<\/strong><\/a>, <a href=\"https:\/\/www.ebilet.pl\/artysta\/wojciech-waglewski\"><strong>Wojciech Waglewski<\/strong><\/a>, <a href=\"https:\/\/www.ebilet.pl\/artysta\/ostr\"><strong>O.S.T.R.<\/strong><\/a> czy <a href=\"https:\/\/www.ebilet.pl\/artysta\/natalia-kukulska\"><strong>Natalia Kukulska<\/strong><\/a>.<\/p>\n<p>A teraz do tego elitarnego grona do\u0142\u0105cza <a href=\"https:\/\/www.ebilet.pl\/artysta\/maryla-rodowicz\"><strong>Maryla Rodowicz<\/strong><\/a>!<\/p>\n<p>Koncert artystki odb\u0119dzie si\u0119 w ramach 18. polskiej edycji MTV Unplugged ju\u017c <strong>3 wrze\u015bnia w Teatrze Dramatycznym w Warszawie<\/strong>. Ten wyst\u0119p to niepowtarzalna okazja, by zobaczy\u0107 Kr\u00f3low\u0105 Polskiej Piosenki w ods\u0142onie, jakiej jeszcze nie by\u0142o &#8211; kameralnej, intymniejszej, akustycznej, ale wci\u0105\u017c pe\u0142nej pasji i charyzmy, z kt\u00f3rych to cech artystka s\u0142ynie od lat.<\/p>\n<\/div>\n            <\/div>\n        <\/div>\n    <\/div>\n<\/section>\n\n\n<section class=\"tickets-slider  section-margin-32\"\n    data-tickets-slider\n    data-item-list-name=\"Karuzela z buttonami\"\n    data-item-list-id=\"karuzela_z_buttonami\"\n    >\n    <div class=\"container\">\n        <div class=\"row\">\n            <div class=\"col-24\">\n                <div class=\"tickets-slider__main\">\n                    <div class=\"tickets-slider__nav tickets-slider__nav--prev\">\n                        <div class=\"button button--withIcon button--theme-white-blur button--size-fixed-48\" data-tickets-slider-prev>\n                            <span class=\"button__icon icon icon-chevron-left\"><\/span>\n                        <\/div>\n                    <\/div>\n                    <div class=\"tickets-slider__nav tickets-slider__nav--next\">\n                        <div class=\"button button--withIcon button--theme-white-blur button--size-fixed-48\" data-tickets-slider-next>\n                            <span class=\"button__icon icon icon-chevron-right\"><\/span>\n                        <\/div>\n                    <\/div>\n                    <div class=\"tickets-slider__slider swiper\" data-tickets-slider-slider>\n                        <div class=\"tickets-slider__sliderWrapper swiper-wrapper\">\n                                                            <div class=\"tickets-slider__sliderItem swiper-slide\"\n                                    data-id=\"87678\"\n                                    data-name=\"Abba i Inni Symfonicznie II\"\n                                    data-brand=\"Agencja Brussa Jaros\u0142aw Brussa\"\n                                    data-category=\"muzyka\"\n                                    data-subcategory=\"pop\"\n                                    data-city=\"Katowice, \u0141\u00f3d\u017a, Szczecin\"\n                                    data-venue=\"Teatr Letni w Szczecinie\">\n                                    <div class=\"tickets-slider__sliderCard\">\n                                        \n<div class=\"card-ticket\">\n        <div class=\"card-ticket__image\">\n        <a href=\"https:\/\/www.ebilet.pl\/muzyka\/pop\/abba\">\n            <img decoding=\"async\" src=\"https:\/\/www.ebilet.pl\/media\/cms\/media\/ettpn531\/abba-ebilet-552x736.webp\" alt=\"Plakat wydarzenia\" \/>\n        <\/a>\n    <\/div>\n             \n    <div class=\"card-ticket__link\">\n        <a href=\"https:\/\/www.ebilet.pl\/muzyka\/pop\/abba\" class=\"button button--theme-primary-yellow button--withIconLeft button--size-small\">\n            <span class=\"button__icon icon icon-ticket\"><\/span>\n            <p class=\"button__text typo-16 f-600\">Kup bilet<\/p>\n        <\/a>\n    <\/div>\n    <\/div>                                    <\/div>\n                                <\/div>\n                                                            <div class=\"tickets-slider__sliderItem swiper-slide\"\n                                    data-id=\"48937\"\n                                    data-name=\"Micha\u0142 Wi\u015bniewski Akustycznie 4\"\n                                    data-brand=\"REDADLER SP\u00d3\u0141KA Z OGRANICZON\u0104 ODPOWIEDZIALNO\u015aCI\u0104\"\n                                    data-category=\"muzyka\"\n                                    data-subcategory=\"pop\"\n                                    data-city=\"Cz\u0119stochowa, Zdu\u0144ska Wola\"\n                                    data-venue=\"Miejski Dom Kultury w Zdu\u0144skiej Woli\">\n                                    <div class=\"tickets-slider__sliderCard\">\n                                        \n<div class=\"card-ticket\">\n        <div class=\"card-ticket__image\">\n        <a href=\"https:\/\/www.ebilet.pl\/muzyka\/pop\/michal-wisniewski\">\n            <img decoding=\"async\" src=\"https:\/\/www.ebilet.pl\/media\/cms\/media\/x0wbjb5i\/kopia-akustycznie-4-800-600-px-1-6ea63dca-bd24-3348-8baf-d0e2e5ebf8e3.webp\" alt=\"Plakat wydarzenia\" \/>\n        <\/a>\n    <\/div>\n             \n    <div class=\"card-ticket__link\">\n        <a href=\"https:\/\/www.ebilet.pl\/muzyka\/pop\/michal-wisniewski\" class=\"button button--theme-primary-yellow button--withIconLeft button--size-small\">\n            <span class=\"button__icon icon icon-ticket\"><\/span>\n            <p class=\"button__text typo-16 f-600\">Kup bilet<\/p>\n        <\/a>\n    <\/div>\n    <\/div>                                    <\/div>\n                                <\/div>\n                                                            <div class=\"tickets-slider__sliderItem swiper-slide\"\n                                    data-id=\"119171\"\n                                    data-name=\"S\u0142awek Uniatowski - THE BEST OF II - Ciechowski, Wodecki, Sinatra, Zaucha\"\n                                    data-brand=\"FUNDACJA \u201eUNIKULTURA\u201d\"\n                                    data-category=\"muzyka\"\n                                    data-subcategory=\"pop\"\n                                    data-city=\"Krak\u00f3w, Ostro\u0142\u0119ka, \u015awidnica i inne\"\n                                    data-venue=\"Nowohuckie Centrum Kultury w Krakowie\">\n                                    <div class=\"tickets-slider__sliderCard\">\n                                        \n<div class=\"card-ticket\">\n        <div class=\"card-ticket__image\">\n        <a href=\"https:\/\/www.ebilet.pl\/muzyka\/pop\/uniatowski\">\n            <img decoding=\"async\" src=\"https:\/\/www.ebilet.pl\/media\/cms\/media\/ohnln4j5\/uniatowski-ebilet-pion-02908978-4c0b-4252-aae0-fbabab6a5a8e.webp\" alt=\"Plakat wydarzenia\" \/>\n        <\/a>\n    <\/div>\n             \n    <div class=\"card-ticket__link\">\n        <a href=\"https:\/\/www.ebilet.pl\/muzyka\/pop\/uniatowski\" class=\"button button--theme-primary-yellow button--withIconLeft button--size-small\">\n            <span class=\"button__icon icon icon-ticket\"><\/span>\n            <p class=\"button__text typo-16 f-600\">Kup bilet<\/p>\n        <\/a>\n    <\/div>\n    <\/div>                                    <\/div>\n                                <\/div>\n                                                            <div class=\"tickets-slider__sliderItem swiper-slide\"\n                                    data-id=\"20966\"\n                                    data-name=\"Mietek Szcze\u015bniak 40 lat na scenie\"\n                                    data-brand=\"Alicja Borowiec P.H.U. VOICES\"\n                                    data-category=\"muzyka\"\n                                    data-subcategory=\"pop\"\n                                    data-city=\"Krak\u00f3w\"\n                                    data-venue=\"Kino Kij\u00f3w Centrum\">\n                                    <div class=\"tickets-slider__sliderCard\">\n                                        \n<div class=\"card-ticket\">\n        <div class=\"card-ticket__image\">\n        <a href=\"https:\/\/www.ebilet.pl\/muzyka\/pop\/mietek-szczesniak\">\n            <img decoding=\"async\" src=\"https:\/\/www.ebilet.pl\/media\/cms\/media\/bcdpirzh\/ebilet_552x736_mietek-szcze_niak-40-lat-na-scenie.webp\" alt=\"Plakat wydarzenia\" \/>\n        <\/a>\n    <\/div>\n             \n    <div class=\"card-ticket__link\">\n        <a href=\"https:\/\/www.ebilet.pl\/muzyka\/pop\/mietek-szczesniak\" class=\"button button--theme-primary-yellow button--withIconLeft button--size-small\">\n            <span class=\"button__icon icon icon-ticket\"><\/span>\n            <p class=\"button__text typo-16 f-600\">Kup bilet<\/p>\n        <\/a>\n    <\/div>\n    <\/div>                                    <\/div>\n                                <\/div>\n                                                            <div class=\"tickets-slider__sliderItem swiper-slide\"\n                                    data-id=\"146019\"\n                                    data-name=\"Varius Manx &amp; Kasia Stankiewicz 90&#039;\/35\"\n                                    data-brand=\"Adria Art\"\n                                    data-category=\"muzyka\"\n                                    data-subcategory=\"pop\"\n                                    data-city=\"Ostr\u00f3da\"\n                                    data-venue=\"Amfiteatr w Ostr\u00f3dzie\">\n                                    <div class=\"tickets-slider__sliderCard\">\n                                        \n<div class=\"card-ticket\">\n        <div class=\"card-ticket__image\">\n        <a href=\"https:\/\/www.ebilet.pl\/muzyka\/pop\/varius-manx-kasia-stankiewicz\">\n            <img decoding=\"async\" src=\"https:\/\/www.ebilet.pl\/media\/cms\/media\/3x5jwib4\/552x736_varius-manx-90_35_ma_y-5bed5750-98db-441e-ab27-061a2a35bdc5.webp\" alt=\"Plakat wydarzenia\" \/>\n        <\/a>\n    <\/div>\n             \n    <div class=\"card-ticket__link\">\n        <a href=\"https:\/\/www.ebilet.pl\/muzyka\/pop\/varius-manx-kasia-stankiewicz\" class=\"button button--theme-primary-yellow button--withIconLeft button--size-small\">\n            <span class=\"button__icon icon icon-ticket\"><\/span>\n            <p class=\"button__text typo-16 f-600\">Kup bilet<\/p>\n        <\/a>\n    <\/div>\n    <\/div>                                    <\/div>\n                                <\/div>\n                                                            <div class=\"tickets-slider__sliderItem swiper-slide\"\n                                    data-id=\"11123\"\n                                    data-name=\"Andrzej Piaseczny - Spokojniej\"\n                                    data-brand=\"Magic Tones Piotr Imio\u0142ek\"\n                                    data-category=\"muzyka\"\n                                    data-subcategory=\"pop\"\n                                    data-city=\"Boles\u0142awiec, G\u0142og\u00f3w, Kutno i inne\"\n                                    data-venue=\"Nyski Dom Kultury im. Wandy Pawlik\">\n                                    <div class=\"tickets-slider__sliderCard\">\n                                        \n<div class=\"card-ticket\">\n        <div class=\"card-ticket__image\">\n        <a href=\"https:\/\/www.ebilet.pl\/muzyka\/pop\/andrzej-piaseczny\">\n            <img decoding=\"async\" src=\"https:\/\/www.ebilet.pl\/media\/cms\/media\/0uuap2w1\/552x736-11-f9098d70-e26e-47a6-8038-424f4bdb550d.webp\" alt=\"Plakat wydarzenia\" \/>\n        <\/a>\n    <\/div>\n             \n    <div class=\"card-ticket__link\">\n        <a href=\"https:\/\/www.ebilet.pl\/muzyka\/pop\/andrzej-piaseczny\" class=\"button button--theme-primary-yellow button--withIconLeft button--size-small\">\n            <span class=\"button__icon icon icon-ticket\"><\/span>\n            <p class=\"button__text typo-16 f-600\">Kup bilet<\/p>\n        <\/a>\n    <\/div>\n    <\/div>                                    <\/div>\n                                <\/div>\n                                                            <div class=\"tickets-slider__sliderItem swiper-slide\"\n                                    data-id=\"122893\"\n                                    data-name=\"MALE\u0143CZUK + RHYTHM SECTION\"\n                                    data-brand=\"FUNDACJA \u201eUNIKULTURA\u201d\"\n                                    data-category=\"muzyka\"\n                                    data-subcategory=\"pop\"\n                                    data-city=\"Bielany Wroc\u0142awskie, Boles\u0142awiec, Krak\u00f3w i inne\"\n                                    data-venue=\"Boles\u0142awiecki O\u015brodek Kultury\">\n                                    <div class=\"tickets-slider__sliderCard\">\n                                        \n<div class=\"card-ticket\">\n        <div class=\"card-ticket__image\">\n        <a href=\"https:\/\/www.ebilet.pl\/muzyka\/pop\/maciej-malenczuk\">\n            <img decoding=\"async\" src=\"https:\/\/www.ebilet.pl\/media\/cms\/media\/k2vkaa2b\/mm_552_736-297e71f5-55e0-42a8-9c9d-13eeeefbd3aa.webp\" alt=\"Plakat wydarzenia\" \/>\n        <\/a>\n    <\/div>\n             \n    <div class=\"card-ticket__link\">\n        <a href=\"https:\/\/www.ebilet.pl\/muzyka\/pop\/maciej-malenczuk\" class=\"button button--theme-primary-yellow button--withIconLeft button--size-small\">\n            <span class=\"button__icon icon icon-ticket\"><\/span>\n            <p class=\"button__text typo-16 f-600\">Kup bilet<\/p>\n        <\/a>\n    <\/div>\n    <\/div>                                    <\/div>\n                                <\/div>\n                                                            <div class=\"tickets-slider__sliderItem swiper-slide\"\n                                    data-id=\"154733\"\n                                    data-name=\"Jestem Kobiet\u0105 - kobiecy koncert \u015bwiatowych przeboj\u00f3w\"\n                                    data-brand=\"Music Everywhere Sp. z o.o.\"\n                                    data-category=\"muzyka\"\n                                    data-subcategory=\"pop\"\n                                    data-city=\"Warszawa\"\n                                    data-venue=\"Scena Relax\">\n                                    <div class=\"tickets-slider__sliderCard\">\n                                        \n<div class=\"card-ticket\">\n        <div class=\"card-ticket__image\">\n        <a href=\"https:\/\/www.ebilet.pl\/muzyka\/pop\/jestem-kobieta\">\n            <img decoding=\"async\" src=\"https:\/\/www.ebilet.pl\/media\/cms\/media\/sgrhipbu\/ebilet2-552-x-736-2-38cb8f5b-4fee-4073-a574-2686b0abcc20.webp\" alt=\"Plakat wydarzenia\" \/>\n        <\/a>\n    <\/div>\n             \n    <div class=\"card-ticket__link\">\n        <a href=\"https:\/\/www.ebilet.pl\/muzyka\/pop\/jestem-kobieta\" class=\"button button--theme-primary-yellow button--withIconLeft button--size-small\">\n            <span class=\"button__icon icon icon-ticket\"><\/span>\n            <p class=\"button__text typo-16 f-600\">Kup bilet<\/p>\n        <\/a>\n    <\/div>\n    <\/div>                                    <\/div>\n                                <\/div>\n                                                            <div class=\"tickets-slider__sliderItem swiper-slide\"\n                                    data-id=\"160689\"\n                                    data-name=\"M\u0119skie Brzmienia\"\n                                    data-brand=\"Music Everywhere Sp. z o.o.\"\n                                    data-category=\"muzyka\"\n                                    data-subcategory=\"pop\"\n                                    data-city=\"Katowice, Lublin, \u0141\u00f3d\u017a i inne\"\n                                    data-venue=\"Teatr im. Jana Kochanowskiego\">\n                                    <div class=\"tickets-slider__sliderCard\">\n                                        \n<div class=\"card-ticket\">\n        <div class=\"card-ticket__image\">\n        <a href=\"https:\/\/www.ebilet.pl\/muzyka\/pop\/meskie-brzmienia\">\n            <img decoding=\"async\" src=\"https:\/\/www.ebilet.pl\/media\/cms\/media\/j1aouyh1\/ebilet2-552-x-736-8d3e43e4-ad67-4d15-bb22-2990b0a3456b.webp\" alt=\"Plakat wydarzenia\" \/>\n        <\/a>\n    <\/div>\n             \n    <div class=\"card-ticket__link\">\n        <a href=\"https:\/\/www.ebilet.pl\/muzyka\/pop\/meskie-brzmienia\" class=\"button button--theme-primary-yellow button--withIconLeft button--size-small\">\n            <span class=\"button__icon icon icon-ticket\"><\/span>\n            <p class=\"button__text typo-16 f-600\">Kup bilet<\/p>\n        <\/a>\n    <\/div>\n    <\/div>                                    <\/div>\n                                <\/div>\n                                                            <div class=\"tickets-slider__sliderItem swiper-slide\"\n                                    data-id=\"149973\"\n                                    data-name=\"Micha\u0142 Wi\u015bniewski Akustycznie V czyli (nie)Moje Przeboje\"\n                                    data-brand=\"REDADLER SP\u00d3\u0141KA Z OGRANICZON\u0104 ODPOWIEDZIALNO\u015aCI\u0104\"\n                                    data-category=\"muzyka\"\n                                    data-subcategory=\"pop\"\n                                    data-city=\"Cz\u0119stochowa\"\n                                    data-venue=\"Akademickie Centrum Kultury i Sportu Politechniki Cz\u0119stochowskiej\">\n                                    <div class=\"tickets-slider__sliderCard\">\n                                        \n<div class=\"card-ticket\">\n        <div class=\"card-ticket__image\">\n        <a href=\"https:\/\/www.ebilet.pl\/muzyka\/pop\/michal-wisniewski-koncert\">\n            <img decoding=\"async\" src=\"https:\/\/www.ebilet.pl\/media\/cms\/media\/n4mljfkk\/unnamed-2-c899e839-6798-4c77-8995-1fdeef7dfc9a.webp\" alt=\"Plakat wydarzenia\" \/>\n        <\/a>\n    <\/div>\n             \n    <div class=\"card-ticket__link\">\n        <a href=\"https:\/\/www.ebilet.pl\/muzyka\/pop\/michal-wisniewski-koncert\" class=\"button button--theme-primary-yellow button--withIconLeft button--size-small\">\n            <span class=\"button__icon icon icon-ticket\"><\/span>\n            <p class=\"button__text typo-16 f-600\">Kup bilet<\/p>\n        <\/a>\n    <\/div>\n    <\/div>                                    <\/div>\n                                <\/div>\n                                                            <div class=\"tickets-slider__sliderItem swiper-slide\"\n                                    data-id=\"165817\"\n                                    data-name=\"Ballady Mi\u0142o\u015bci - Koncert Walentynkowy\"\n                                    data-brand=\"TARGREM SP\u00d3\u0141KA Z OGRANICZON\u0104 ODPOWIEDZIALNO\u015aCI\u0104\"\n                                    data-category=\"muzyka\"\n                                    data-subcategory=\"pop\"\n                                    data-city=\"Bia\u0142ystok, Warszawa\"\n                                    data-venue=\"Aula Koncertowa WSFiZ w Bia\u0142ymstoku\">\n                                    <div class=\"tickets-slider__sliderCard\">\n                                        \n<div class=\"card-ticket\">\n        <div class=\"card-ticket__image\">\n        <a href=\"https:\/\/www.ebilet.pl\/muzyka\/pop\/ballady-milosci\">\n            <img decoding=\"async\" src=\"https:\/\/www.ebilet.pl\/media\/cms\/media\/ofznuoy5\/552x736-1-1-c02dc944-efc8-403a-b16f-ac2b2295b1c1.webp\" alt=\"Plakat wydarzenia\" \/>\n        <\/a>\n    <\/div>\n             \n    <div class=\"card-ticket__link\">\n        <a href=\"https:\/\/www.ebilet.pl\/muzyka\/pop\/ballady-milosci\" class=\"button button--theme-primary-yellow button--withIconLeft button--size-small\">\n            <span class=\"button__icon icon icon-ticket\"><\/span>\n            <p class=\"button__text typo-16 f-600\">Kup bilet<\/p>\n        <\/a>\n    <\/div>\n    <\/div>                                    <\/div>\n                                <\/div>\n                                                            <div class=\"tickets-slider__sliderItem swiper-slide\"\n                                    data-id=\"164643\"\n                                    data-name=\"Love songs przy \u015awiecach\"\n                                    data-brand=\"Royal Tributes Sp. z o.o.\"\n                                    data-category=\"muzyka\"\n                                    data-subcategory=\"pop\"\n                                    data-city=\"Bydgoszcz, Lublin, Nysa i inne\"\n                                    data-venue=\"Filharmonia im. H. Wieniawskiego w Lublinie\">\n                                    <div class=\"tickets-slider__sliderCard\">\n                                        \n<div class=\"card-ticket\">\n        <div class=\"card-ticket__image\">\n        <a href=\"https:\/\/www.ebilet.pl\/muzyka\/pop\/love-songs-przy-swiecach\">\n            <img decoding=\"async\" src=\"https:\/\/www.ebilet.pl\/media\/cms\/media\/52nbinll\/552x736-28d01cf1-ea91-445d-aaa1-2ead9537af4e.webp\" alt=\"Plakat wydarzenia\" \/>\n        <\/a>\n    <\/div>\n             \n    <div class=\"card-ticket__link\">\n        <a href=\"https:\/\/www.ebilet.pl\/muzyka\/pop\/love-songs-przy-swiecach\" class=\"button button--theme-primary-yellow button--withIconLeft button--size-small\">\n            <span class=\"button__icon icon icon-ticket\"><\/span>\n            <p class=\"button__text typo-16 f-600\">Kup bilet<\/p>\n        <\/a>\n    <\/div>\n    <\/div>                                    <\/div>\n                                <\/div>\n                                                            <div class=\"tickets-slider__sliderItem swiper-slide\"\n                                    data-id=\"166844\"\n                                    data-name=\"Muzyka Adele i Amy Winehouse przy \u015bwiecach\"\n                                    data-brand=\"SVITLO CONCERT Sp. z o.o.\"\n                                    data-category=\"muzyka\"\n                                    data-subcategory=\"pop\"\n                                    data-city=\"Wroc\u0142aw\"\n                                    data-venue=\"Synagoga Pod Bia\u0142ym Bocianem\">\n                                    <div class=\"tickets-slider__sliderCard\">\n                                        \n<div class=\"card-ticket\">\n        <div class=\"card-ticket__image\">\n        <a href=\"https:\/\/www.ebilet.pl\/muzyka\/pop\/muzyka-adele-i-amy-winehouse-przy-swiecach\">\n            <img decoding=\"async\" src=\"https:\/\/www.ebilet.pl\/media\/cms\/media\/o5zfz4vq\/552_736-adele-i-amy-winehouse-1-d22d357b-78ed-4ba8-b482-bdf51218cd7e.webp\" alt=\"Plakat wydarzenia\" \/>\n        <\/a>\n    <\/div>\n             \n    <div class=\"card-ticket__link\">\n        <a href=\"https:\/\/www.ebilet.pl\/muzyka\/pop\/muzyka-adele-i-amy-winehouse-przy-swiecach\" class=\"button button--theme-primary-yellow button--withIconLeft button--size-small\">\n            <span class=\"button__icon icon icon-ticket\"><\/span>\n            <p class=\"button__text typo-16 f-600\">Kup bilet<\/p>\n        <\/a>\n    <\/div>\n    <\/div>                                    <\/div>\n                                <\/div>\n                                                            <div class=\"tickets-slider__sliderItem swiper-slide\"\n                                    data-id=\"154840\"\n                                    data-name=\"The Magic of Disco\"\n                                    data-brand=\"Solaris Music Management \"\n                                    data-category=\"muzyka\"\n                                    data-subcategory=\"pop\"\n                                    data-city=\"Bydgoszcz, Gdynia, Gorz\u00f3w Wielkopolski i inne\"\n                                    data-venue=\"Stegu Arena\">\n                                    <div class=\"tickets-slider__sliderCard\">\n                                        \n<div class=\"card-ticket\">\n        <div class=\"card-ticket__image\">\n        <a href=\"https:\/\/www.ebilet.pl\/muzyka\/pop\/the-magic-of-disco\">\n            <img decoding=\"async\" src=\"https:\/\/www.ebilet.pl\/media\/cms\/media\/riofi3of\/disco_ebilet_krakow_21022026_552_736-8ef61ae1-3cc4-4f66-8323-a30c9eaffbad.webp\" alt=\"Plakat wydarzenia\" \/>\n        <\/a>\n    <\/div>\n             \n    <div class=\"card-ticket__link\">\n        <a href=\"https:\/\/www.ebilet.pl\/muzyka\/pop\/the-magic-of-disco\" class=\"button button--theme-primary-yellow button--withIconLeft button--size-small\">\n            <span class=\"button__icon icon icon-ticket\"><\/span>\n            <p class=\"button__text typo-16 f-600\">Kup bilet<\/p>\n        <\/a>\n    <\/div>\n    <\/div>                                    <\/div>\n                                <\/div>\n                                                            <div class=\"tickets-slider__sliderItem swiper-slide\"\n                                    data-id=\"61029\"\n                                    data-name=\"Thomas Anders from Modern Talking &amp; Band - 40-lecie Modern Talking\"\n                                    data-brand=\"Solaris Music Management \"\n                                    data-category=\"muzyka\"\n                                    data-subcategory=\"pop\"\n                                    data-city=\"Bydgoszcz, Cz\u0119stochowa, Jasionka i inne\"\n                                    data-venue=\"ZEN.COM Expo Centrum Wystawienniczo Kongresowe w Jasionce\">\n                                    <div class=\"tickets-slider__sliderCard\">\n                                        \n<div class=\"card-ticket\">\n        <div class=\"card-ticket__image\">\n        <a href=\"https:\/\/www.ebilet.pl\/muzyka\/pop\/modern-talking-band\">\n            <img decoding=\"async\" src=\"https:\/\/www.ebilet.pl\/media\/cms\/media\/s1eariar\/thomas_anders_ebilet_552_736_new-97ca17d0-926a-4b1e-bcd7-b4d6324c2a9f.webp\" alt=\"Plakat wydarzenia\" \/>\n        <\/a>\n    <\/div>\n             \n    <div class=\"card-ticket__link\">\n        <a href=\"https:\/\/www.ebilet.pl\/muzyka\/pop\/modern-talking-band\" class=\"button button--theme-primary-yellow button--withIconLeft button--size-small\">\n            <span class=\"button__icon icon icon-ticket\"><\/span>\n            <p class=\"button__text typo-16 f-600\">Kup bilet<\/p>\n        <\/a>\n    <\/div>\n    <\/div>                                    <\/div>\n                                <\/div>\n                                                            <div class=\"tickets-slider__sliderItem swiper-slide\"\n                                    data-id=\"23158\"\n                                    data-name=\"Muzyka George&#039;a Michaela i Stinga na 28. pi\u0119trze przy \u015bwiecach\"\n                                    data-brand=\"SVITLO CONCERT Sp. z o.o.\"\n                                    data-category=\"muzyka\"\n                                    data-subcategory=\"pop\"\n                                    data-city=\"Warszawa, Wroc\u0142aw\"\n                                    data-venue=\"Synagoga Pod Bia\u0142ym Bocianem\">\n                                    <div class=\"tickets-slider__sliderCard\">\n                                        \n<div class=\"card-ticket\">\n        <div class=\"card-ticket__image\">\n        <a href=\"https:\/\/www.ebilet.pl\/muzyka\/pop\/tribute-to-george-michael\">\n            <img decoding=\"async\" src=\"https:\/\/www.ebilet.pl\/media\/cms\/media\/mlwjpuyc\/552_736-georg-michael_sting-1-d8ce893e-5dc6-4d72-b4c1-b526fb055d4f.webp\" alt=\"Plakat wydarzenia\" \/>\n        <\/a>\n    <\/div>\n             \n    <div class=\"card-ticket__link\">\n        <a href=\"https:\/\/www.ebilet.pl\/muzyka\/pop\/tribute-to-george-michael\" class=\"button button--theme-primary-yellow button--withIconLeft button--size-small\">\n            <span class=\"button__icon icon icon-ticket\"><\/span>\n            <p class=\"button__text typo-16 f-600\">Kup bilet<\/p>\n        <\/a>\n    <\/div>\n    <\/div>                                    <\/div>\n                                <\/div>\n                                                            <div class=\"tickets-slider__sliderItem swiper-slide\"\n                                    data-id=\"10226\"\n                                    data-name=\"Cleo\"\n                                    data-brand=\"AGENCJA KONCERTOWA AZ-ART ALEKSANDRA ZALEWSKA\"\n                                    data-category=\"muzyka\"\n                                    data-subcategory=\"pop\"\n                                    data-city=\"Ko\u0142obrzeg, Mi\u0119dzyzdroje, Rewal i inne\"\n                                    data-venue=\"Amfiteatr Park Nadmorski w Ustroniu Morskim\">\n                                    <div class=\"tickets-slider__sliderCard\">\n                                        \n<div class=\"card-ticket\">\n        <div class=\"card-ticket__image\">\n        <a href=\"https:\/\/www.ebilet.pl\/muzyka\/pop\/cleo\">\n            <img decoding=\"async\" src=\"https:\/\/www.ebilet.pl\/media\/cms\/media\/azriqi1h\/cleo-ebilet-552x736-659f3ce5-6068-4da6-ab6b-4b804413d109.webp\" alt=\"Plakat wydarzenia\" \/>\n        <\/a>\n    <\/div>\n             \n    <div class=\"card-ticket__link\">\n        <a href=\"https:\/\/www.ebilet.pl\/muzyka\/pop\/cleo\" class=\"button button--theme-primary-yellow button--withIconLeft button--size-small\">\n            <span class=\"button__icon icon icon-ticket\"><\/span>\n            <p class=\"button__text typo-16 f-600\">Kup bilet<\/p>\n        <\/a>\n    <\/div>\n    <\/div>                                    <\/div>\n                                <\/div>\n                                                            <div class=\"tickets-slider__sliderItem swiper-slide\"\n                                    data-id=\"182912\"\n                                    data-name=\"Za Starzy Na Techno\"\n                                    data-brand=\"DANCE ADVENTURES \u0141UKASZ S\u0141ANIEWSKI\"\n                                    data-category=\"muzyka\"\n                                    data-subcategory=\"pop\"\n                                    data-city=\"Bia\u0142ystok, Krak\u00f3w, \u0141\u00f3d\u017a i inne\"\n                                    data-venue=\"OCZKI\">\n                                    <div class=\"tickets-slider__sliderCard\">\n                                        \n<div class=\"card-ticket\">\n        <div class=\"card-ticket__image\">\n        <a href=\"https:\/\/www.ebilet.pl\/muzyka\/pop\/za-starzy-na-techno\">\n            <img decoding=\"async\" src=\"https:\/\/www.ebilet.pl\/media\/cms\/media\/b5ydr2vh\/zaczynamy-o-1600-kon-czymy-o-2200-65bcd0f3-1121-45c0-b64d-a0684a008bd4.webp\" alt=\"Plakat wydarzenia\" \/>\n        <\/a>\n    <\/div>\n             \n    <div class=\"card-ticket__link\">\n        <a href=\"https:\/\/www.ebilet.pl\/muzyka\/pop\/za-starzy-na-techno\" class=\"button button--theme-primary-yellow button--withIconLeft button--size-small\">\n            <span class=\"button__icon icon icon-ticket\"><\/span>\n            <p class=\"button__text typo-16 f-600\">Kup bilet<\/p>\n        <\/a>\n    <\/div>\n    <\/div>                                    <\/div>\n                                <\/div>\n                                                            <div class=\"tickets-slider__sliderItem swiper-slide\"\n                                    data-id=\"171661\"\n                                    data-name=\"Ich Troje\"\n                                    data-brand=\"Stargardzkie Centrum Kultury\"\n                                    data-category=\"muzyka\"\n                                    data-subcategory=\"pop\"\n                                    data-city=\"Stargard\"\n                                    data-venue=\"Amfiteatr w Stargardzie\">\n                                    <div class=\"tickets-slider__sliderCard\">\n                                        \n<div class=\"card-ticket\">\n        <div class=\"card-ticket__image\">\n        <a href=\"https:\/\/www.ebilet.pl\/muzyka\/pop\/koncert-ich-troje\">\n            <img decoding=\"async\" src=\"https:\/\/www.ebilet.pl\/media\/cms\/media\/woodpxty\/2.webp\" alt=\"Plakat wydarzenia\" \/>\n        <\/a>\n    <\/div>\n             \n    <div class=\"card-ticket__link\">\n        <a href=\"https:\/\/www.ebilet.pl\/muzyka\/pop\/koncert-ich-troje\" class=\"button button--theme-primary-yellow button--withIconLeft button--size-small\">\n            <span class=\"button__icon icon icon-ticket\"><\/span>\n            <p class=\"button__text typo-16 f-600\">Kup bilet<\/p>\n        <\/a>\n    <\/div>\n    <\/div>                                    <\/div>\n                                <\/div>\n                                                            <div class=\"tickets-slider__sliderItem swiper-slide\"\n                                    data-id=\"179447\"\n                                    data-name=\"RETELEVSKI\"\n                                    data-brand=\"Micha\u0142 Retelewski\"\n                                    data-category=\"muzyka\"\n                                    data-subcategory=\"pop\"\n                                    data-city=\"Bydgoszcz, Kielce, Starachowice\"\n                                    data-venue=\"Park Kultury\">\n                                    <div class=\"tickets-slider__sliderCard\">\n                                        \n<div class=\"card-ticket\">\n        <div class=\"card-ticket__image\">\n        <a href=\"https:\/\/www.ebilet.pl\/muzyka\/pop\/retelevski\">\n            <img decoding=\"async\" src=\"https:\/\/www.ebilet.pl\/media\/cms\/media\/5oeddo3d\/retelevski_552x736_ok_adka-pion-e578bcb5-e270-4983-8b98-ef16ee9b2de8.webp\" alt=\"Plakat wydarzenia\" \/>\n        <\/a>\n    <\/div>\n             \n    <div class=\"card-ticket__link\">\n        <a href=\"https:\/\/www.ebilet.pl\/muzyka\/pop\/retelevski\" class=\"button button--theme-primary-yellow button--withIconLeft button--size-small\">\n            <span class=\"button__icon icon icon-ticket\"><\/span>\n            <p class=\"button__text typo-16 f-600\">Kup bilet<\/p>\n        <\/a>\n    <\/div>\n    <\/div>                                    <\/div>\n                                <\/div>\n                                                    <\/div>\n                    <\/div>\n                <\/div>\n            <\/div>\n        <\/div>\n    <\/div>\n<\/section>\n\n\n<section class=\"text-block  section-margin-32\" >\n    <div class=\"container\">\n        <div class=\"row\">\n            <div class=\"col-24\">\n                <div class=\"text-block__content\"><h2>Maryla Rodowicz &#8211; Kr\u00f3lowa Polskiej Muzyki<\/h2>\n<p>Maryli Rodowicz nikomu przedstawia\u0107 nie trzeba. To prawdziwa ikona i czo\u0142owa posta\u0107 polskiej muzyki rozrywkowej, kt\u00f3ra od swojego fonograficznego debiutu w 1970 roku wyda\u0142a ponad 20 p\u0142yt a w swoim repertuarze zgromadzi\u0142a ponad 600 piosenek, w\u015br\u00f3d kt\u00f3rych znalaz\u0142o si\u0119 wiele przeboj\u00f3w &#8211; np. <strong>&#8220;Ma\u0142go\u015bka&#8221;<\/strong>, <strong>&#8220;Futbol, futbol, futbol&#8221;<\/strong>, <strong>&#8220;Dzi\u015b prawdziwych Cygan\u00f3w ju\u017c nie ma&#8221;<\/strong>, <strong>&#8220;Sing-Sing&#8221;<\/strong>, <strong>&#8220;Kolorowe jarmarki&#8221;<\/strong>, <strong>&#8220;Szparka sekretarka&#8221;<\/strong>, <strong>&#8220;Niech \u017cyje bal&#8221;<\/strong>, <strong>&#8220;Polska Madonna&#8221;<\/strong>, <strong>&#8220;To ju\u017c by\u0142o&#8221;<\/strong> &#8211; kt\u00f3re dzi\u015b s\u0105 ju\u017c szlagierami i na zawsze wesz\u0142y do kanonu polskich hit\u00f3w wszech czas\u00f3w.<\/p>\n<p>Jej tw\u00f3rczo\u015b\u0107, osobowo\u015b\u0107, sceniczna prezencja, barwne stylizacje i niesamowita relacja, jak\u0105 zbudowa\u0142a ze swoimi fanami inspiruj\u0105 kolejne pokolenia. Nic dziwnego, \u017ce za sw\u00f3j wp\u0142yw na wsp\u00f3\u0142czesn\u0105 muzyk\u0119 i pozycj\u0119, jak\u0105 uda\u0142o jej si\u0119 zbudowa\u0107 na polskiej scenie muzycznej Maryla Rodowicz zosta\u0142a wyr\u00f3\u017cniona w\u0142a\u015bnie przez Spotify, kt\u00f3ra w ramach swojej kampanii &#8220;Women at full volume&#8221; umie\u015bci\u0142a wizerunek piosenkarki na jednym z najbardziej rozpoznawalnych billboard\u00f3w \u015bwiata, czyli w samym sercu nowojorskiego Times Square!<\/p>\n<\/div>\n            <\/div>\n        <\/div>\n    <\/div>\n<\/section>\n\n\n<figure class=\"wp-block-embed is-type-video is-provider-youtube wp-block-embed-youtube wp-embed-aspect-16-9 wp-has-aspect-ratio\"><div class=\"wp-block-embed__wrapper\">\n<iframe loading=\"lazy\" title=\"Mata feat. Maryla Rodowicz - To tylko wiosna (#MATA2040)\" width=\"500\" height=\"281\" src=\"https:\/\/www.youtube.com\/embed\/IY0mxjRPQPY?feature=oembed\" frameborder=\"0\" allow=\"accelerometer; autoplay; clipboard-write; encrypted-media; gyroscope; picture-in-picture; web-share\" referrerpolicy=\"strict-origin-when-cross-origin\" allowfullscreen><\/iframe>\n<\/div><\/figure>\n\n\n<section class=\"gap-block  section-margin-32 section-margin-32\"><\/section>\n\n\n<section class=\"text-block  section-margin-32\" >\n    <div class=\"container\">\n        <div class=\"row\">\n            <div class=\"col-24\">\n                <div class=\"text-block__content\"><p>Cho\u0107 kariera artystki nieprzerwanie trwa od ponad sze\u015bciu dekad, swoj\u0105 energi\u0105 piosenkarka mog\u0142aby obdzieli\u0107 nie jednego, a co najmniej tuzin muzycznych debiutant\u00f3w! Maryla Rodowicz ca\u0142y czas jest wszechstronnie aktywna zawodowo i wci\u0105\u017c potrafi nas zaskoczy\u0107!<\/p>\n<p>Dowodem na to jest m.in. jej najnowszy projekt, w ramach kt\u00f3rego nagrywa nowe wersje swoich najbardziej ikonicznych przeboj\u00f3w w kolaboracji z najciekawszymi i najpopularniejszymi przedstawicielami m\u0142odej sceny muzycznej. Efektem tej wyj\u0105tkowej wsp\u00f3\u0142pracy b\u0119dzie p\u0142yta pt. <strong>&#8220;Niech \u017cyje bal&#8221;<\/strong>, kt\u00f3ra &#8211; wed\u0142ug zapowiedzi &#8211; swoj\u0105 premier\u0119 b\u0119dzie mie\u0107 jeszcze w tym roku.<\/p>\n<p>Do tej pory ukaza\u0142y si\u0119 single do utwor\u00f3w <strong>&#8220;Sing-Sing\u201d<\/strong> (z <a href=\"https:\/\/www.ebilet.pl\/artysta\/mrozu\"><strong>Mrozem<\/strong><\/a>), <strong>&#8220;Dam\u0105 by\u0107&#8221;<\/strong> (z <a href=\"https:\/\/www.ebilet.pl\/artysta\/roksana-wegiel\"><strong>Roxie W\u0119giel<\/strong><\/a>), <strong>&#8220;Wielka woda&#8221;<\/strong> (z <a href=\"https:\/\/www.ebilet.pl\/artysta\/dawid-kwiatkowski\"><strong>Dawidem Kwiatkowskim<\/strong><\/a>), <strong>&#8220;Nie ma jak pompa&#8221;<\/strong> (z <a href=\"https:\/\/www.ebilet.pl\/artysta\/ralph-kaminski\"><strong>Ralphem Kaminskim<\/strong><\/a>), <strong>&#8220;\u0141za na rz\u0119sie&#8221;<\/strong> (z <a href=\"https:\/\/www.ebilet.pl\/artysta\/bryska\"><strong>Brysk\u0105<\/strong><\/a>), <strong>&#8220;Ma\u0142go\u015bka&#8221;<\/strong> (z <a href=\"https:\/\/www.ebilet.pl\/artysta\/lanberry\"><strong>Lanberry<\/strong><\/a>) i nagrana wraz z <a href=\"https:\/\/www.ebilet.pl\/artysta\/mata\"><strong>Mat\u0105<\/strong><\/a> nowa wersja utworu <strong>&#8220;To tylko wiosna&#8221;<\/strong>.<\/p>\n<\/div>\n            <\/div>\n        <\/div>\n    <\/div>\n<\/section>\n\n\n<figure class=\"wp-block-embed is-type-video is-provider-youtube wp-block-embed-youtube wp-embed-aspect-16-9 wp-has-aspect-ratio\"><div class=\"wp-block-embed__wrapper\">\n<iframe loading=\"lazy\" title=\"Maryla Rodowicz, Mrozu - Sing-Sing [Official Music Video]\" width=\"500\" height=\"281\" src=\"https:\/\/www.youtube.com\/embed\/iUmGrf3-1PQ?feature=oembed\" frameborder=\"0\" allow=\"accelerometer; autoplay; clipboard-write; encrypted-media; gyroscope; picture-in-picture; web-share\" referrerpolicy=\"strict-origin-when-cross-origin\" allowfullscreen><\/iframe>\n<\/div><\/figure>\n\n\n<section class=\"gap-block  section-margin-32 section-margin-32\"><\/section>\n\n\n<section class=\"text-block  section-margin-32\" >\n    <div class=\"container\">\n        <div class=\"row\">\n            <div class=\"col-24\">\n                <div class=\"text-block__content\"><h2><strong>Bambi, Ewa Farna, Mata, Mrozu i Krzysztof Zalewski w\u015br\u00f3d go\u015bci koncertu Maryli Rodowicz MTV Unplugged!\u00a0<\/strong><\/h2>\n<p>Wiele z tych muzycznych duet\u00f3w us\u0142yszymy podczas koncertu 3 wrze\u015bnia w Teatrze Dramatycznym. Ale nie tylko, gdy\u017c po raz pierwszy w historii polskiej edycji MTV Unplugged na jednej scenie wyst\u0105pi a\u017c jedenastu wspania\u0142ych artyst\u00f3w m\u0142odego pokolenia!<\/p>\n<p>Go\u015b\u0107mi specjalnymi koncertu Maryli Rodowicz b\u0119d\u0105:<\/p>\n<ul>\n<li><a href=\"https:\/\/www.ebilet.pl\/artysta\/bambi\"><strong>Bambi<\/strong><\/a><\/li>\n<li><a href=\"https:\/\/www.ebilet.pl\/artysta\/ewa-farna\"><strong>Ewa Farna<\/strong><\/a><\/li>\n<li><a href=\"https:\/\/www.ebilet.pl\/artysta\/misia-furtak\"><strong>Misia Furtak<\/strong><\/a><\/li>\n<li><a href=\"https:\/\/www.ebilet.pl\/artysta\/igor-herbut\"><strong>Igor Herbut<\/strong><\/a><\/li>\n<li><a href=\"https:\/\/www.ebilet.pl\/artysta\/blazej-krol\"><strong>B\u0142a\u017cej Kr\u00f3l<\/strong><\/a><\/li>\n<li><strong>Lanberry<\/strong><\/li>\n<li><strong>Mata<\/strong><\/li>\n<li><strong>Mrozu<\/strong><\/li>\n<li><a href=\"https:\/\/www.ebilet.pl\/artysta\/natalia-szroeder\"><strong>Natalia Szroeder<\/strong><\/a><\/li>\n<li><strong>Krzysztof Zalewski<\/strong><\/li>\n<\/ul>\n<p>Piosenkarka wraz z nimi za\u015bpiewa swoje najwi\u0119ksze przeboje w nowoczesnych, cz\u0119sto zaskakuj\u0105cych i nieoczywistych akustycznych wersjach. Oczywi\u015bcie ca\u0142y koncert zostanie zarejestrowany, a wydawc\u0105 p\u0142yty Maryli Rodowicz MTV Unplugged b\u0119dzie Warner Music Poland.<\/p>\n<p>Ten bezprecedensowy wyst\u0119p z pewno\u015bci\u0105 przejdzie do historii muzyki! Nie przegap okazji, by by\u0107 jej cz\u0119\u015bci\u0105!<\/p>\n<\/div>\n            <\/div>\n        <\/div>\n    <\/div>\n<\/section>\n\n\n<figure class=\"wp-block-embed is-type-video is-provider-youtube wp-block-embed-youtube wp-embed-aspect-16-9 wp-has-aspect-ratio\"><div class=\"wp-block-embed__wrapper\">\n<iframe loading=\"lazy\" title=\"Maryla Rodowicz x Lanberry - Ma\u0142go\u015bka [Official Music Video]\" width=\"500\" height=\"281\" src=\"https:\/\/www.youtube.com\/embed\/26MdTMNpsFM?feature=oembed\" frameborder=\"0\" allow=\"accelerometer; autoplay; clipboard-write; encrypted-media; gyroscope; picture-in-picture; web-share\" referrerpolicy=\"strict-origin-when-cross-origin\" allowfullscreen><\/iframe>\n<\/div><\/figure>\n\n\n<section class=\"gap-block  section-margin-32 section-margin-32\"><\/section>\n\n\n<section class=\"events-slider-block  section-margin-32\" data-events-slider-block data-carousel-title=\"Gor\u0105ce wydarzenia\" data-carousel-type=\"karuzela_z_t\u0142em\" data-item-list-name=\"Karuzela z t\u0142em Gor\u0105ce wydarzenia\" data-item-list-id=\"karuzela_z_t\u0142em Gor\u0105ce wydarzenia\" >\n    <div class=\"container\">\n        <div class=\"row\">\n            <div class=\"col-24\">\n                <div class=\"events-slider-block__wrapper\">\n                                            <div class=\"events-slider-block__bg\"><img loading=\"lazy\" decoding=\"async\" width=\"1896\" height=\"1065\" src=\"https:\/\/www.ebilet.pl\/now\/app\/uploads\/2024\/02\/shutterstock_538491133-e1711351161563.jpg\" class=\"attachment-full size-full\" alt=\"\" srcset=\"https:\/\/www.ebilet.pl\/now\/app\/uploads\/2024\/02\/shutterstock_538491133-e1711351161563.jpg 1896w, https:\/\/www.ebilet.pl\/now\/app\/uploads\/2024\/02\/shutterstock_538491133-e1711351161563-1024x575.jpg 1024w, https:\/\/www.ebilet.pl\/now\/app\/uploads\/2024\/02\/shutterstock_538491133-e1711351161563-1536x863.jpg 1536w, https:\/\/www.ebilet.pl\/now\/app\/uploads\/2024\/02\/shutterstock_538491133-e1711351161563-1280x720.jpg 1280w, https:\/\/www.ebilet.pl\/now\/app\/uploads\/2024\/02\/shutterstock_538491133-e1711351161563-500x281.jpg 500w, https:\/\/www.ebilet.pl\/now\/app\/uploads\/2024\/02\/shutterstock_538491133-e1711351161563-632x355.jpg 632w, https:\/\/www.ebilet.pl\/now\/app\/uploads\/2024\/02\/shutterstock_538491133-e1711351161563-308x174.jpg 308w, https:\/\/www.ebilet.pl\/now\/app\/uploads\/2024\/02\/shutterstock_538491133-e1711351161563-300x169.jpg 300w, https:\/\/www.ebilet.pl\/now\/app\/uploads\/2024\/02\/shutterstock_538491133-e1711351161563-768x431.jpg 768w\" sizes=\"(max-width: 1896px) 100vw, 1896px\" \/><\/div>\n                                                                <div class=\"events-slider-block__top\">\n                                                            <div class=\"events-slider-block__title desktop\">\n                                    <h2 class=\"typo-h2\">Gor\u0105ce wydarzenia<\/h2>\n                                <\/div>\n                                                                                        <div class=\"events-slider-block__title mobile\">\n                                    <h2 class=\"typo-h2\">Gor\u0105ce wydarzenia<\/h2>\n                                <\/div>\n                                                    <\/div>\n                                                                <div class=\"events-slider-block__main\">\n                            <div class=\"events-slider-block__nav events-slider-block__nav--prev\">\n                                <div class=\"button button--withIcon button--theme-white-blur button--size-fixed-48\" data-events-prev>\n                                    <span class=\"button__icon icon icon-chevron-left\"><\/span>\n                                <\/div>\n                            <\/div>\n                            <div class=\"events-slider-block__nav events-slider-block__nav--next\">\n                                <div class=\"button button--withIcon button--theme-white-blur button--size-fixed-48\" data-events-next>\n                                    <span class=\"button__icon icon icon-chevron-right\"><\/span>\n                                <\/div>\n                            <\/div>\n                            <div class=\"events-slider-block__slider\">\n                                <div class=\"swiper\" data-events-slider>\n                                    <div class=\"events-slider-block__sliderWrapper swiper-wrapper\">\n\n                                        \n                                            <div class=\"events-slider-block__sliderItem swiper-slide event-card\"\n                                                data-id=\"63906\"\n                                                data-name=\"Mecze towarzyskie Reprezentacji Polski m\u0119\u017cczyzn w siatk\u00f3wce\"\n                                                data-brand=\"Polska Siatk\u00f3wka Sp. z o.o.\"\n                                                data-category=\"sport\"\n                                                data-subcategory=\"sporty-druzynowe\"\n                                                data-city=\"Katowice, Sosnowiec\"\n                                                data-venue=\"ArcelorMittal Park w Sosnowcu\">\n                                                \n<div class=\"card-event  card-event--size-small\">\n        <a href=\"https:\/\/www.ebilet.pl\/sport\/sporty-druzynowe\/mecz-siatkowki\" target=\"_blank\" class=\"card-event__link\" rel=\"nofollow noopener\"><\/a>\n        <div class=\"card-event__wrapper\">\n        <div class=\"card-event__image\">\n            <img decoding=\"async\" src=\"https:\/\/www.ebilet.pl\/media\/cms\/media\/paxoijep\/mecz-1-e7ebdff4-0eeb-4b41-87f8-b8cc79cca9e1.webp\" alt=\"\">\n        <\/div>\n        <div class=\"card-event__data\">\n            <div class=\"card-event__name\">\n                <p>Mecze towarzyskie Reprezentacji Polski m\u0119\u017cczyzn w siatk\u00f3wce<\/p>\n            <\/div>\n            <div class=\"card-event__date\">20.05.2026-20.05.2026<\/div>\n            <div class=\"card-event__location\">Katowice, Sosnowiec<\/div>\n        <\/div>\n    <\/div>\n<\/div>                                            <\/div>\n                                        \n                                            <div class=\"events-slider-block__sliderItem swiper-slide event-card\"\n                                                data-id=\"13630\"\n                                                data-name=\"M\u0119skie Granie 2026\"\n                                                data-brand=\"LIVE Sp. z o.o.\"\n                                                data-category=\"muzyka\"\n                                                data-subcategory=\"festiwale\"\n                                                data-city=\"Gda\u0144sk, Krak\u00f3w, Pozna\u0144 i inne\"\n                                                data-venue=\"\u017bywiec Amfiteatr pod Grojcem\">\n                                                \n<div class=\"card-event  card-event--size-small\">\n        <a href=\"https:\/\/www.ebilet.pl\/muzyka\/festiwale\/meskie-granie\" target=\"_blank\" class=\"card-event__link\" rel=\"nofollow noopener\"><\/a>\n        <div class=\"card-event__wrapper\">\n        <div class=\"card-event__image\">\n            <img decoding=\"async\" src=\"https:\/\/www.ebilet.pl\/media\/cms\/media\/otqfs0tb\/552x736-11-18222119-c0b1-48d3-9da6-2d9f34d401ee.webp\" alt=\"\">\n        <\/div>\n        <div class=\"card-event__data\">\n            <div class=\"card-event__name\">\n                <p>M\u0119skie Granie 2026<\/p>\n            <\/div>\n            <div class=\"card-event__date\">26.06.2026-26.06.2026<\/div>\n            <div class=\"card-event__location\">Gda\u0144sk, Krak\u00f3w, Pozna\u0144 i inne<\/div>\n        <\/div>\n    <\/div>\n<\/div>                                            <\/div>\n                                        \n                                            <div class=\"events-slider-block__sliderItem swiper-slide event-card\"\n                                                data-id=\"10086\"\n                                                data-name=\"Orange Warsaw Festival 2026\"\n                                                data-brand=\"Alter Art\"\n                                                data-category=\"muzyka\"\n                                                data-subcategory=\"festiwale\"\n                                                data-city=\"Warszawa\"\n                                                data-venue=\"Tor Wy\u015bcig\u00f3w Konnych Warszawa - S\u0142u\u017cewiec\">\n                                                \n<div class=\"card-event  card-event--size-small\">\n        <a href=\"https:\/\/www.ebilet.pl\/muzyka\/festiwale\/orange-warsaw-festival\" target=\"_blank\" class=\"card-event__link\" rel=\"nofollow noopener\"><\/a>\n        <div class=\"card-event__wrapper\">\n        <div class=\"card-event__image\">\n            <img decoding=\"async\" src=\"https:\/\/www.ebilet.pl\/media\/cms\/media\/bxnh21tr\/owf_2026_ebilet_552x736-94c1b52f-1e91-4861-ba57-03b21dcd6346.webp\" alt=\"\">\n        <\/div>\n        <div class=\"card-event__data\">\n            <div class=\"card-event__name\">\n                <p>Orange Warsaw Festival 2026<\/p>\n            <\/div>\n            <div class=\"card-event__date\">29.05.2026-29.05.2026<\/div>\n            <div class=\"card-event__location\">Warszawa<\/div>\n        <\/div>\n    <\/div>\n<\/div>                                            <\/div>\n                                        \n                                            <div class=\"events-slider-block__sliderItem swiper-slide event-card\"\n                                                data-id=\"147392\"\n                                                data-name=\"Juwenalia 2026\"\n                                                data-brand=\"eBilet\"\n                                                data-category=\"biznes\"\n                                                data-subcategory=\"pozostale\"\n                                                data-city=\"\"\n                                                data-venue=\"\">\n                                                \n<div class=\"card-event  card-event--size-small\">\n        <a href=\"https:\/\/www.ebilet.pl\/biznes\/pozostale\/juwenalia\" target=\"_blank\" class=\"card-event__link\" rel=\"nofollow noopener\"><\/a>\n        <div class=\"card-event__wrapper\">\n        <div class=\"card-event__image\">\n            <img decoding=\"async\" src=\"https:\/\/www.ebilet.pl\/media\/cms\/media\/3qgk420o\/552x736_cta-4.webp\" alt=\"\">\n        <\/div>\n        <div class=\"card-event__data\">\n            <div class=\"card-event__name\">\n                <p>Juwenalia 2026<\/p>\n            <\/div>\n            <div class=\"card-event__date\"><\/div>\n            <div class=\"card-event__location\"><\/div>\n        <\/div>\n    <\/div>\n<\/div>                                            <\/div>\n                                        \n                                            <div class=\"events-slider-block__sliderItem swiper-slide event-card\"\n                                                data-id=\"205645\"\n                                                data-name=\"Bezpieczna odsprzeda\u017c w apce eBilet\"\n                                                data-brand=\"eBilet\"\n                                                data-category=\"biznes\"\n                                                data-subcategory=\"pozostale\"\n                                                data-city=\"\"\n                                                data-venue=\"\">\n                                                \n<div class=\"card-event  card-event--size-small\">\n        <a href=\"https:\/\/www.ebilet.pl\/biznes\/pozostale\/odsprzedaz\" target=\"_blank\" class=\"card-event__link\" rel=\"nofollow noopener\"><\/a>\n        <div class=\"card-event__wrapper\">\n        <div class=\"card-event__image\">\n            <img decoding=\"async\" src=\"https:\/\/www.ebilet.pl\/media\/cms\/media\/lkwf0krx\/552x736-1.webp\" alt=\"\">\n        <\/div>\n        <div class=\"card-event__data\">\n            <div class=\"card-event__name\">\n                <p>Bezpieczna odsprzeda\u017c w apce eBilet<\/p>\n            <\/div>\n            <div class=\"card-event__date\"><\/div>\n            <div class=\"card-event__location\"><\/div>\n        <\/div>\n    <\/div>\n<\/div>                                            <\/div>\n                                        \n                                            <div class=\"events-slider-block__sliderItem swiper-slide event-card\"\n                                                data-id=\"204457\"\n                                                data-name=\"Arcane Epic Symphony\"\n                                                data-brand=\"Stowarzyszenie Klub Fantastyki \u201eDruga Era\u201d\"\n                                                data-category=\"klasyka\"\n                                                data-subcategory=\"muzyka-filmowa\"\n                                                data-city=\"Pozna\u0144\"\n                                                data-venue=\"MTP - Mi\u0119dzynarodowe Targi Pozna\u0144skie\">\n                                                \n<div class=\"card-event  card-event--size-small\">\n        <a href=\"https:\/\/www.ebilet.pl\/klasyka\/muzyka-filmowa\/arcane-epic-symphony\" target=\"_blank\" class=\"card-event__link\" rel=\"nofollow noopener\"><\/a>\n        <div class=\"card-event__wrapper\">\n        <div class=\"card-event__image\">\n            <img decoding=\"async\" src=\"https:\/\/www.ebilet.pl\/media\/cms\/media\/soxe2fiy\/p2026_arcane_552x736_1-1-dbdc60e7-ee87-42b6-9944-2c2990e9cc79.webp\" alt=\"\">\n        <\/div>\n        <div class=\"card-event__data\">\n            <div class=\"card-event__name\">\n                <p>Arcane Epic Symphony<\/p>\n            <\/div>\n            <div class=\"card-event__date\">21.06.2026-21.06.2026<\/div>\n            <div class=\"card-event__location\">Pozna\u0144<\/div>\n        <\/div>\n    <\/div>\n<\/div>                                            <\/div>\n                                        \n                                            <div class=\"events-slider-block__sliderItem swiper-slide event-card\"\n                                                data-id=\"29716\"\n                                                data-name=\"ATB | FINAL CHAPTER | POLAND TOUR\"\n                                                data-brand=\"HOT STAFF\"\n                                                data-category=\"muzyka\"\n                                                data-subcategory=\"elektro-techno\"\n                                                data-city=\"Bia\u0142ystok, Bydgoszcz, Gdynia i inne\"\n                                                data-venue=\"Wakepark Bydgoszcz\/My\u015bl\u0119cinek\">\n                                                \n<div class=\"card-event  card-event--size-small\">\n        <a href=\"https:\/\/www.ebilet.pl\/muzyka\/elektro-techno\/atb\" target=\"_blank\" class=\"card-event__link\" rel=\"nofollow noopener\"><\/a>\n        <div class=\"card-event__wrapper\">\n        <div class=\"card-event__image\">\n            <img decoding=\"async\" src=\"https:\/\/www.ebilet.pl\/media\/cms\/media\/lfio3ow5\/ebilet-pion-2.webp\" alt=\"\">\n        <\/div>\n        <div class=\"card-event__data\">\n            <div class=\"card-event__name\">\n                <p>ATB | FINAL CHAPTER | POLAND TOUR<\/p>\n            <\/div>\n            <div class=\"card-event__date\">28.08.2026-28.08.2026<\/div>\n            <div class=\"card-event__location\">Bia\u0142ystok, Bydgoszcz, Gdynia i inne<\/div>\n        <\/div>\n    <\/div>\n<\/div>                                            <\/div>\n                                        \n                                            <div class=\"events-slider-block__sliderItem swiper-slide event-card\"\n                                                data-id=\"195709\"\n                                                data-name=\"Taco Hemingway 2026 \u2020\u2020\u2020our\"\n                                                data-brand=\"Revolume Sp. z o.o.\"\n                                                data-category=\"muzyka\"\n                                                data-subcategory=\"hip-hop-rap\"\n                                                data-city=\"Gda\u0144sk\/Sopot, Krak\u00f3w, Warszawa i inne\"\n                                                data-venue=\"Hala Stulecia\">\n                                                \n<div class=\"card-event  card-event--size-small\">\n        <a href=\"https:\/\/www.ebilet.pl\/muzyka\/hip-hop-rap\/taco-hemingway\" target=\"_blank\" class=\"card-event__link\" rel=\"nofollow noopener\"><\/a>\n        <div class=\"card-event__wrapper\">\n        <div class=\"card-event__image\">\n            <img decoding=\"async\" src=\"https:\/\/www.ebilet.pl\/media\/cms\/media\/goegdsz5\/552x736-ogolna.webp\" alt=\"\">\n        <\/div>\n        <div class=\"card-event__data\">\n            <div class=\"card-event__name\">\n                <p>Taco Hemingway 2026 \u2020\u2020\u2020our<\/p>\n            <\/div>\n            <div class=\"card-event__date\">08.05.2026-08.05.2026<\/div>\n            <div class=\"card-event__location\">Gda\u0144sk\/Sopot, Krak\u00f3w, Warszawa i inne<\/div>\n        <\/div>\n    <\/div>\n<\/div>                                            <\/div>\n                                        \n                                            <div class=\"events-slider-block__sliderItem swiper-slide event-card\"\n                                                data-id=\"205426\"\n                                                data-name=\"Two Feet\"\n                                                data-brand=\"Alter Art\"\n                                                data-category=\"muzyka\"\n                                                data-subcategory=\"rock\"\n                                                data-city=\"Krak\u00f3w, Warszawa\"\n                                                data-venue=\"Klub Studio\">\n                                                \n<div class=\"card-event  card-event--size-small\">\n        <a href=\"https:\/\/www.ebilet.pl\/muzyka\/rock\/two-feet\" target=\"_blank\" class=\"card-event__link\" rel=\"nofollow noopener\"><\/a>\n        <div class=\"card-event__wrapper\">\n        <div class=\"card-event__image\">\n            <img decoding=\"async\" src=\"https:\/\/www.ebilet.pl\/media\/cms\/media\/ha4l5hjv\/two_feet_ebilet_552x736-629eacd1-4fb5-4747-bd12-b59d341bcc29.webp\" alt=\"\">\n        <\/div>\n        <div class=\"card-event__data\">\n            <div class=\"card-event__name\">\n                <p>Two Feet<\/p>\n            <\/div>\n            <div class=\"card-event__date\">10.08.2026-10.08.2026<\/div>\n            <div class=\"card-event__location\">Krak\u00f3w, Warszawa<\/div>\n        <\/div>\n    <\/div>\n<\/div>                                            <\/div>\n                                        \n                                            <div class=\"events-slider-block__sliderItem swiper-slide event-card\"\n                                                data-id=\"8527\"\n                                                data-name=\"OFF Festival Katowice 2026\"\n                                                data-brand=\"Fundacja Independent\"\n                                                data-category=\"muzyka\"\n                                                data-subcategory=\"festiwale\"\n                                                data-city=\"Katowice\"\n                                                data-venue=\"Katowicki Park Le\u015bny - Dolina Trzech Staw\u00f3w\">\n                                                \n<div class=\"card-event  card-event--size-small\">\n        <a href=\"https:\/\/www.ebilet.pl\/muzyka\/festiwale\/off-festival\" target=\"_blank\" class=\"card-event__link\" rel=\"nofollow noopener\"><\/a>\n        <div class=\"card-event__wrapper\">\n        <div class=\"card-event__image\">\n            <img decoding=\"async\" src=\"https:\/\/www.ebilet.pl\/media\/cms\/media\/fe2gemsg\/ebilet-okladka-pion-552x736-e42b2686-71fa-4408-b72e-911ed7d4ce12.webp\" alt=\"\">\n        <\/div>\n        <div class=\"card-event__data\">\n            <div class=\"card-event__name\">\n                <p>OFF Festival Katowice 2026<\/p>\n            <\/div>\n            <div class=\"card-event__date\">07.08.2026-07.08.2026<\/div>\n            <div class=\"card-event__location\">Katowice<\/div>\n        <\/div>\n    <\/div>\n<\/div>                                            <\/div>\n                                        \n                                            <div class=\"events-slider-block__sliderItem swiper-slide event-card\"\n                                                data-id=\"77334\"\n                                                data-name=\"OneRepublic\"\n                                                data-brand=\"Live Nation\"\n                                                data-category=\"muzyka\"\n                                                data-subcategory=\"pop\"\n                                                data-city=\"Krak\u00f3w\"\n                                                data-venue=\"TAURON Arena Krak\u00f3w\">\n                                                \n<div class=\"card-event  card-event--size-small\">\n        <a href=\"https:\/\/www.ebilet.pl\/muzyka\/pop\/onerepublic\" target=\"_blank\" class=\"card-event__link\" rel=\"nofollow noopener\"><\/a>\n        <div class=\"card-event__wrapper\">\n        <div class=\"card-event__image\">\n            <img decoding=\"async\" src=\"https:\/\/www.ebilet.pl\/media\/cms\/media\/lpojz0b2\/or_552x736-d7c2e53e-d6f0-453c-b540-3c006a0c9314.webp\" alt=\"\">\n        <\/div>\n        <div class=\"card-event__data\">\n            <div class=\"card-event__name\">\n                <p>OneRepublic<\/p>\n            <\/div>\n            <div class=\"card-event__date\">30.06.2026-30.06.2026<\/div>\n            <div class=\"card-event__location\">Krak\u00f3w<\/div>\n        <\/div>\n    <\/div>\n<\/div>                                            <\/div>\n                                        \n                                            <div class=\"events-slider-block__sliderItem swiper-slide event-card\"\n                                                data-id=\"6089\"\n                                                data-name=\"Dawid Podsiad\u0142o OBROTOWY TOUR 2026\"\n                                                data-brand=\"MUZK Sp. z o.o.\"\n                                                data-category=\"muzyka\"\n                                                data-subcategory=\"pop\"\n                                                data-city=\"Chorz\u00f3w, Gda\u0144sk, Pozna\u0144 i inne\"\n                                                data-venue=\"Superauto.pl Stadion \u015al\u0105ski\">\n                                                \n<div class=\"card-event  card-event--size-small\">\n        <a href=\"https:\/\/www.ebilet.pl\/muzyka\/pop\/dawid-podsiadlo\" target=\"_blank\" class=\"card-event__link\" rel=\"nofollow noopener\"><\/a>\n        <div class=\"card-event__wrapper\">\n        <div class=\"card-event__image\">\n            <img decoding=\"async\" src=\"https:\/\/www.ebilet.pl\/media\/cms\/media\/ed0nj55n\/portal-552x736-belka-3af99133-8930-431d-8060-eb4825ec5b91.webp\" alt=\"\">\n        <\/div>\n        <div class=\"card-event__data\">\n            <div class=\"card-event__name\">\n                <p>Dawid Podsiad\u0142o OBROTOWY TOUR 2026<\/p>\n            <\/div>\n            <div class=\"card-event__date\">06.06.2026-06.06.2026<\/div>\n            <div class=\"card-event__location\">Chorz\u00f3w, Gda\u0144sk, Pozna\u0144 i inne<\/div>\n        <\/div>\n    <\/div>\n<\/div>                                            <\/div>\n                                        \n                                            <div class=\"events-slider-block__sliderItem swiper-slide event-card\"\n                                                data-id=\"169470\"\n                                                data-name=\"Morrissey\"\n                                                data-brand=\"Winiary Bookings sp. z o. o.\"\n                                                data-category=\"muzyka\"\n                                                data-subcategory=\"rock\"\n                                                data-city=\"Warszawa\"\n                                                data-venue=\"Letnia Scena Progresji\">\n                                                \n<div class=\"card-event  card-event--size-small\">\n        <a href=\"https:\/\/www.ebilet.pl\/muzyka\/rock\/morrissey\" target=\"_blank\" class=\"card-event__link\" rel=\"nofollow noopener\"><\/a>\n        <div class=\"card-event__wrapper\">\n        <div class=\"card-event__image\">\n            <img decoding=\"async\" src=\"https:\/\/www.ebilet.pl\/media\/cms\/media\/v0fhczer\/morrissey-ebilet-strona-wydarzenia-pion-warszawa-2b0fb3a5-f2dd-4773-8334-2fab1e2a5a89.webp\" alt=\"\">\n        <\/div>\n        <div class=\"card-event__data\">\n            <div class=\"card-event__name\">\n                <p>Morrissey<\/p>\n            <\/div>\n            <div class=\"card-event__date\">09.07.2026-09.07.2026<\/div>\n            <div class=\"card-event__location\">Warszawa<\/div>\n        <\/div>\n    <\/div>\n<\/div>                                            <\/div>\n                                        \n                                            <div class=\"events-slider-block__sliderItem swiper-slide event-card\"\n                                                data-id=\"5930\"\n                                                data-name=\"Audioriver Festival 2026\"\n                                                data-brand=\"Audioriver Sp. z o.o.\"\n                                                data-category=\"muzyka\"\n                                                data-subcategory=\"festiwale\"\n                                                data-city=\"\u0141\u00f3d\u017a\"\n                                                data-venue=\"B\u0142onia \u0141\u00f3dzkie\">\n                                                \n<div class=\"card-event  card-event--size-small\">\n        <a href=\"https:\/\/www.ebilet.pl\/muzyka\/festiwale\/audioriver\" target=\"_blank\" class=\"card-event__link\" rel=\"nofollow noopener\"><\/a>\n        <div class=\"card-event__wrapper\">\n        <div class=\"card-event__image\">\n            <img decoding=\"async\" src=\"https:\/\/www.ebilet.pl\/media\/cms\/media\/gfjpcqll\/so-far5-pion-84d088fb-d165-4b1b-b069-77f1f8fa737b.webp\" alt=\"\">\n        <\/div>\n        <div class=\"card-event__data\">\n            <div class=\"card-event__name\">\n                <p>Audioriver Festival 2026<\/p>\n            <\/div>\n            <div class=\"card-event__date\">10.07.2026-10.07.2026<\/div>\n            <div class=\"card-event__location\">\u0141\u00f3d\u017a<\/div>\n        <\/div>\n    <\/div>\n<\/div>                                            <\/div>\n                                        \n                                            <div class=\"events-slider-block__sliderItem swiper-slide event-card\"\n                                                data-id=\"204533\"\n                                                data-name=\"Wiktor Walig\u00f3ra &quot;Kr\u00f3tka trasa o mi\u0142o\u015bci&quot; 2026\"\n                                                data-brand=\"Papulos Karol Papa\u0142a\"\n                                                data-category=\"muzyka\"\n                                                data-subcategory=\"pop\"\n                                                data-city=\"Gda\u0144sk, Katowice, Pozna\u0144 i inne\"\n                                                data-venue=\"Terminal Kultury Goc\u0142aw\">\n                                                \n<div class=\"card-event  card-event--size-small\">\n        <a href=\"https:\/\/www.ebilet.pl\/muzyka\/pop\/wiktor-waligora\" target=\"_blank\" class=\"card-event__link\" rel=\"nofollow noopener\"><\/a>\n        <div class=\"card-event__wrapper\">\n        <div class=\"card-event__image\">\n            <img decoding=\"async\" src=\"https:\/\/www.ebilet.pl\/media\/cms\/media\/34smsqbc\/wiktorwaligora_552x736-e29b4205-212f-42ba-82b8-4bffd31ac6e4.webp\" alt=\"\">\n        <\/div>\n        <div class=\"card-event__data\">\n            <div class=\"card-event__name\">\n                <p>Wiktor Walig\u00f3ra &#8220;Kr\u00f3tka trasa o mi\u0142o\u015bci&#8221; 2026<\/p>\n            <\/div>\n            <div class=\"card-event__date\">02.10.2026-02.10.2026<\/div>\n            <div class=\"card-event__location\">Gda\u0144sk, Katowice, Pozna\u0144 i inne<\/div>\n        <\/div>\n    <\/div>\n<\/div>                                            <\/div>\n                                        \n                                            <div class=\"events-slider-block__sliderItem swiper-slide event-card\"\n                                                data-id=\"14808\"\n                                                data-name=\"VNL 2026 - Siatkarska Liga Narod\u00f3w M\u0119\u017cczyzn\"\n                                                data-brand=\"Polska Siatk\u00f3wka Sp. z o.o.\"\n                                                data-category=\"sport\"\n                                                data-subcategory=\"sporty-druzynowe\"\n                                                data-city=\"Gliwice\"\n                                                data-venue=\"PreZero Arena Gliwice\">\n                                                \n<div class=\"card-event  card-event--size-small\">\n        <a href=\"https:\/\/www.ebilet.pl\/sport\/sporty-druzynowe\/siatkowka\" target=\"_blank\" class=\"card-event__link\" rel=\"nofollow noopener\"><\/a>\n        <div class=\"card-event__wrapper\">\n        <div class=\"card-event__image\">\n            <img decoding=\"async\" src=\"https:\/\/www.ebilet.pl\/media\/cms\/media\/sm3bcgpb\/vnl_m_552x736-2-ff8b8c4b-8e2c-494a-980f-b32762865327.webp\" alt=\"\">\n        <\/div>\n        <div class=\"card-event__data\">\n            <div class=\"card-event__name\">\n                <p>VNL 2026 &#8211; Siatkarska Liga Narod\u00f3w M\u0119\u017cczyzn<\/p>\n            <\/div>\n            <div class=\"card-event__date\">24.06.2026-24.06.2026<\/div>\n            <div class=\"card-event__location\">Gliwice<\/div>\n        <\/div>\n    <\/div>\n<\/div>                                            <\/div>\n                                        \n                                            <div class=\"events-slider-block__sliderItem swiper-slide event-card\"\n                                                data-id=\"8112\"\n                                                data-name=\"21. Tauron Nowa Muzyka Katowice 2026\"\n                                                data-brand=\"Fundacja Nowa Muzyka Katowice\"\n                                                data-category=\"muzyka\"\n                                                data-subcategory=\"festiwale\"\n                                                data-city=\"Katowice\"\n                                                data-venue=\"Narodowa Orkiestra Symfoniczna Polskiego Radia - NOSPR\">\n                                                \n<div class=\"card-event  card-event--size-small\">\n        <a href=\"https:\/\/www.ebilet.pl\/muzyka\/festiwale\/tauron-nowa-muzyka\" target=\"_blank\" class=\"card-event__link\" rel=\"nofollow noopener\"><\/a>\n        <div class=\"card-event__wrapper\">\n        <div class=\"card-event__image\">\n            <img decoding=\"async\" src=\"https:\/\/www.ebilet.pl\/media\/cms\/media\/j2hh3nmi\/tnmk2026_552x7361-1316ea33-ccd6-445a-963e-37b43cdf9619.webp\" alt=\"\">\n        <\/div>\n        <div class=\"card-event__data\">\n            <div class=\"card-event__name\">\n                <p>21. Tauron Nowa Muzyka Katowice 2026<\/p>\n            <\/div>\n            <div class=\"card-event__date\">04.06.2026-04.06.2026<\/div>\n            <div class=\"card-event__location\">Katowice<\/div>\n        <\/div>\n    <\/div>\n<\/div>                                            <\/div>\n                                        \n                                            <div class=\"events-slider-block__sliderItem swiper-slide event-card\"\n                                                data-id=\"203093\"\n                                                data-name=\"B-DAY Festival by bambi\"\n                                                data-brand=\"BDF Sp. z.o.o.\"\n                                                data-category=\"muzyka\"\n                                                data-subcategory=\"hip-hop-rap\"\n                                                data-city=\"Warszawa\"\n                                                data-venue=\"Hala COS Torwar \">\n                                                \n<div class=\"card-event  card-event--size-small\">\n        <a href=\"https:\/\/www.ebilet.pl\/muzyka\/hip-hop-rap\/bambi\" target=\"_blank\" class=\"card-event__link\" rel=\"nofollow noopener\"><\/a>\n        <div class=\"card-event__wrapper\">\n        <div class=\"card-event__image\">\n            <img decoding=\"async\" src=\"https:\/\/www.ebilet.pl\/media\/cms\/media\/gifbpcig\/552x736-1-320cc3b0-5e5a-4852-a922-efc848865831.webp\" alt=\"\">\n        <\/div>\n        <div class=\"card-event__data\">\n            <div class=\"card-event__name\">\n                <p>B-DAY Festival by bambi<\/p>\n            <\/div>\n            <div class=\"card-event__date\">25.10.2026-25.10.2026<\/div>\n            <div class=\"card-event__location\">Warszawa<\/div>\n        <\/div>\n    <\/div>\n<\/div>                                            <\/div>\n                                        \n                                            <div class=\"events-slider-block__sliderItem swiper-slide event-card\"\n                                                data-id=\"121727\"\n                                                data-name=\"Rzeszowskie Juwenalia 2026\"\n                                                data-brand=\"BREND GROUP SP\u00d3\u0141KA Z OGRANICZON\u0104 ODPOWIEDZIALNO\u015aCI\u0104\"\n                                                data-category=\"muzyka\"\n                                                data-subcategory=\"festiwale\"\n                                                data-city=\"Rzesz\u00f3w\"\n                                                data-venue=\"\">\n                                                \n<div class=\"card-event  card-event--size-small\">\n        <a href=\"https:\/\/www.ebilet.pl\/muzyka\/festiwale\/rzeszowskie-juwenalia\" target=\"_blank\" class=\"card-event__link\" rel=\"nofollow noopener\"><\/a>\n        <div class=\"card-event__wrapper\">\n        <div class=\"card-event__image\">\n            <img decoding=\"async\" src=\"https:\/\/www.ebilet.pl\/media\/cms\/media\/mmxfjquy\/rzj_ebilet-ok_adka-pion-c1e9f827-0b41-4d73-81c6-5531b20e6005.webp\" alt=\"\">\n        <\/div>\n        <div class=\"card-event__data\">\n            <div class=\"card-event__name\">\n                <p>Rzeszowskie Juwenalia 2026<\/p>\n            <\/div>\n            <div class=\"card-event__date\"><\/div>\n            <div class=\"card-event__location\">Rzesz\u00f3w<\/div>\n        <\/div>\n    <\/div>\n<\/div>                                            <\/div>\n                                        \n                                            <div class=\"events-slider-block__sliderItem swiper-slide event-card\"\n                                                data-id=\"203961\"\n                                                data-name=\"Circoloco Warsaw\"\n                                                data-brand=\"Awake Events Sp. z o.o.\"\n                                                data-category=\"muzyka\"\n                                                data-subcategory=\"festiwale\"\n                                                data-city=\"Warszawa\"\n                                                data-venue=\"Pa\u0142ac w Wilanowie\">\n                                                \n<div class=\"card-event  card-event--size-small\">\n        <a href=\"https:\/\/www.ebilet.pl\/muzyka\/festiwale\/circoloco-warsaw\" target=\"_blank\" class=\"card-event__link\" rel=\"nofollow noopener\"><\/a>\n        <div class=\"card-event__wrapper\">\n        <div class=\"card-event__image\">\n            <img decoding=\"async\" src=\"https:\/\/www.ebilet.pl\/media\/cms\/media\/moylgab4\/strona-wydarzenia-pion-a2233c6c-8b45-46d1-88c7-c2b6d8631f7f.webp\" alt=\"\">\n        <\/div>\n        <div class=\"card-event__data\">\n            <div class=\"card-event__name\">\n                <p>Circoloco Warsaw<\/p>\n            <\/div>\n            <div class=\"card-event__date\">09.05.2026-09.05.2026<\/div>\n            <div class=\"card-event__location\">Warszawa<\/div>\n        <\/div>\n    <\/div>\n<\/div>                                            <\/div>\n                                                                            <\/div>\n                                <\/div>\n                            <\/div>\n                            <div class=\"events-slider-block__events swiper\" data-events-events-descriptions>\n                                <div class=\"events-slider-block__eventsWrapper swiper-wrapper\">\n                                                                            <div class=\"events-slider-block__eventsItem swiper-slide\">\n                                            <a href=\"https:\/\/www.ebilet.pl\/sport\/sporty-druzynowe\/mecz-siatkowki\" target=\"_blank\" class=\"events-slider-block__eventsName\">\n                                                <p>Mecze towarzyskie Reprezentacji Polski m\u0119\u017cczyzn w siatk\u00f3wce<\/p>\n                                            <\/a>\n                                            <div class=\"events-slider-block__eventsDate\">20.05.2026-23.05.2026<\/div>\n                                            <div class=\"events-slider-block__eventsLocation\"><\/div>\n                                        <\/div>\n                                                                            <div class=\"events-slider-block__eventsItem swiper-slide\">\n                                            <a href=\"https:\/\/www.ebilet.pl\/muzyka\/festiwale\/meskie-granie\" target=\"_blank\" class=\"events-slider-block__eventsName\">\n                                                <p>M\u0119skie Granie 2026<\/p>\n                                            <\/a>\n                                            <div class=\"events-slider-block__eventsDate\">26.06.2026-22.08.2026<\/div>\n                                            <div class=\"events-slider-block__eventsLocation\"><\/div>\n                                        <\/div>\n                                                                            <div class=\"events-slider-block__eventsItem swiper-slide\">\n                                            <a href=\"https:\/\/www.ebilet.pl\/muzyka\/festiwale\/orange-warsaw-festival\" target=\"_blank\" class=\"events-slider-block__eventsName\">\n                                                <p>Orange Warsaw Festival 2026<\/p>\n                                            <\/a>\n                                            <div class=\"events-slider-block__eventsDate\">29.05.2026-30.05.2026<\/div>\n                                            <div class=\"events-slider-block__eventsLocation\"><\/div>\n                                        <\/div>\n                                                                            <div class=\"events-slider-block__eventsItem swiper-slide\">\n                                            <a href=\"https:\/\/www.ebilet.pl\/biznes\/pozostale\/juwenalia\" target=\"_blank\" class=\"events-slider-block__eventsName\">\n                                                <p>Juwenalia 2026<\/p>\n                                            <\/a>\n                                            <div class=\"events-slider-block__eventsDate\">01.01.1970-01.01.1970<\/div>\n                                            <div class=\"events-slider-block__eventsLocation\"><\/div>\n                                        <\/div>\n                                                                            <div class=\"events-slider-block__eventsItem swiper-slide\">\n                                            <a href=\"https:\/\/www.ebilet.pl\/biznes\/pozostale\/odsprzedaz\" target=\"_blank\" class=\"events-slider-block__eventsName\">\n                                                <p>Bezpieczna odsprzeda\u017c w apce eBilet<\/p>\n                                            <\/a>\n                                            <div class=\"events-slider-block__eventsDate\">01.01.1970-01.01.1970<\/div>\n                                            <div class=\"events-slider-block__eventsLocation\"><\/div>\n                                        <\/div>\n                                                                            <div class=\"events-slider-block__eventsItem swiper-slide\">\n                                            <a href=\"https:\/\/www.ebilet.pl\/klasyka\/muzyka-filmowa\/arcane-epic-symphony\" target=\"_blank\" class=\"events-slider-block__eventsName\">\n                                                <p>Arcane Epic Symphony<\/p>\n                                            <\/a>\n                                            <div class=\"events-slider-block__eventsDate\">21.06.2026-21.06.2026<\/div>\n                                            <div class=\"events-slider-block__eventsLocation\"><\/div>\n                                        <\/div>\n                                                                            <div class=\"events-slider-block__eventsItem swiper-slide\">\n                                            <a href=\"https:\/\/www.ebilet.pl\/muzyka\/elektro-techno\/atb\" target=\"_blank\" class=\"events-slider-block__eventsName\">\n                                                <p>ATB | FINAL CHAPTER | POLAND TOUR<\/p>\n                                            <\/a>\n                                            <div class=\"events-slider-block__eventsDate\">28.08.2026-12.12.2026<\/div>\n                                            <div class=\"events-slider-block__eventsLocation\"><\/div>\n                                        <\/div>\n                                                                            <div class=\"events-slider-block__eventsItem swiper-slide\">\n                                            <a href=\"https:\/\/www.ebilet.pl\/muzyka\/hip-hop-rap\/taco-hemingway\" target=\"_blank\" class=\"events-slider-block__eventsName\">\n                                                <p>Taco Hemingway 2026 \u2020\u2020\u2020our<\/p>\n                                            <\/a>\n                                            <div class=\"events-slider-block__eventsDate\">08.05.2026-31.05.2026<\/div>\n                                            <div class=\"events-slider-block__eventsLocation\"><\/div>\n                                        <\/div>\n                                                                            <div class=\"events-slider-block__eventsItem swiper-slide\">\n                                            <a href=\"https:\/\/www.ebilet.pl\/muzyka\/rock\/two-feet\" target=\"_blank\" class=\"events-slider-block__eventsName\">\n                                                <p>Two Feet<\/p>\n                                            <\/a>\n                                            <div class=\"events-slider-block__eventsDate\">10.08.2026-12.08.2026<\/div>\n                                            <div class=\"events-slider-block__eventsLocation\"><\/div>\n                                        <\/div>\n                                                                            <div class=\"events-slider-block__eventsItem swiper-slide\">\n                                            <a href=\"https:\/\/www.ebilet.pl\/muzyka\/festiwale\/off-festival\" target=\"_blank\" class=\"events-slider-block__eventsName\">\n                                                <p>OFF Festival Katowice 2026<\/p>\n                                            <\/a>\n                                            <div class=\"events-slider-block__eventsDate\">07.08.2026-07.08.2026<\/div>\n                                            <div class=\"events-slider-block__eventsLocation\"><\/div>\n                                        <\/div>\n                                                                            <div class=\"events-slider-block__eventsItem swiper-slide\">\n                                            <a href=\"https:\/\/www.ebilet.pl\/muzyka\/pop\/onerepublic\" target=\"_blank\" class=\"events-slider-block__eventsName\">\n                                                <p>OneRepublic<\/p>\n                                            <\/a>\n                                            <div class=\"events-slider-block__eventsDate\">30.06.2026-30.06.2026<\/div>\n                                            <div class=\"events-slider-block__eventsLocation\"><\/div>\n                                        <\/div>\n                                                                            <div class=\"events-slider-block__eventsItem swiper-slide\">\n                                            <a href=\"https:\/\/www.ebilet.pl\/muzyka\/pop\/dawid-podsiadlo\" target=\"_blank\" class=\"events-slider-block__eventsName\">\n                                                <p>Dawid Podsiad\u0142o OBROTOWY TOUR 2026<\/p>\n                                            <\/a>\n                                            <div class=\"events-slider-block__eventsDate\">06.06.2026-28.06.2026<\/div>\n                                            <div class=\"events-slider-block__eventsLocation\"><\/div>\n                                        <\/div>\n                                                                            <div class=\"events-slider-block__eventsItem swiper-slide\">\n                                            <a href=\"https:\/\/www.ebilet.pl\/muzyka\/rock\/morrissey\" target=\"_blank\" class=\"events-slider-block__eventsName\">\n                                                <p>Morrissey<\/p>\n                                            <\/a>\n                                            <div class=\"events-slider-block__eventsDate\">09.07.2026-09.07.2026<\/div>\n                                            <div class=\"events-slider-block__eventsLocation\"><\/div>\n                                        <\/div>\n                                                                            <div class=\"events-slider-block__eventsItem swiper-slide\">\n                                            <a href=\"https:\/\/www.ebilet.pl\/muzyka\/festiwale\/audioriver\" target=\"_blank\" class=\"events-slider-block__eventsName\">\n                                                <p>Audioriver Festival 2026<\/p>\n                                            <\/a>\n                                            <div class=\"events-slider-block__eventsDate\">10.07.2026-12.07.2026<\/div>\n                                            <div class=\"events-slider-block__eventsLocation\"><\/div>\n                                        <\/div>\n                                                                            <div class=\"events-slider-block__eventsItem swiper-slide\">\n                                            <a href=\"https:\/\/www.ebilet.pl\/muzyka\/pop\/wiktor-waligora\" target=\"_blank\" class=\"events-slider-block__eventsName\">\n                                                <p>Wiktor Walig\u00f3ra &#8220;Kr\u00f3tka trasa o mi\u0142o\u015bci&#8221; 2026<\/p>\n                                            <\/a>\n                                            <div class=\"events-slider-block__eventsDate\">02.10.2026-17.10.2026<\/div>\n                                            <div class=\"events-slider-block__eventsLocation\"><\/div>\n                                        <\/div>\n                                                                            <div class=\"events-slider-block__eventsItem swiper-slide\">\n                                            <a href=\"https:\/\/www.ebilet.pl\/sport\/sporty-druzynowe\/siatkowka\" target=\"_blank\" class=\"events-slider-block__eventsName\">\n                                                <p>VNL 2026 &#8211; Siatkarska Liga Narod\u00f3w M\u0119\u017cczyzn<\/p>\n                                            <\/a>\n                                            <div class=\"events-slider-block__eventsDate\">24.06.2026-28.06.2026<\/div>\n                                            <div class=\"events-slider-block__eventsLocation\"><\/div>\n                                        <\/div>\n                                                                            <div class=\"events-slider-block__eventsItem swiper-slide\">\n                                            <a href=\"https:\/\/www.ebilet.pl\/muzyka\/festiwale\/tauron-nowa-muzyka\" target=\"_blank\" class=\"events-slider-block__eventsName\">\n                                                <p>21. Tauron Nowa Muzyka Katowice 2026<\/p>\n                                            <\/a>\n                                            <div class=\"events-slider-block__eventsDate\">04.06.2026-06.06.2026<\/div>\n                                            <div class=\"events-slider-block__eventsLocation\"><\/div>\n                                        <\/div>\n                                                                            <div class=\"events-slider-block__eventsItem swiper-slide\">\n                                            <a href=\"https:\/\/www.ebilet.pl\/muzyka\/hip-hop-rap\/bambi\" target=\"_blank\" class=\"events-slider-block__eventsName\">\n                                                <p>B-DAY Festival by bambi<\/p>\n                                            <\/a>\n                                            <div class=\"events-slider-block__eventsDate\">25.10.2026-25.10.2026<\/div>\n                                            <div class=\"events-slider-block__eventsLocation\"><\/div>\n                                        <\/div>\n                                                                            <div class=\"events-slider-block__eventsItem swiper-slide\">\n                                            <a href=\"https:\/\/www.ebilet.pl\/muzyka\/festiwale\/rzeszowskie-juwenalia\" target=\"_blank\" class=\"events-slider-block__eventsName\">\n                                                <p>Rzeszowskie Juwenalia 2026<\/p>\n                                            <\/a>\n                                            <div class=\"events-slider-block__eventsDate\">01.01.1970-01.01.1970<\/div>\n                                            <div class=\"events-slider-block__eventsLocation\"><\/div>\n                                        <\/div>\n                                                                            <div class=\"events-slider-block__eventsItem swiper-slide\">\n                                            <a href=\"https:\/\/www.ebilet.pl\/muzyka\/festiwale\/circoloco-warsaw\" target=\"_blank\" class=\"events-slider-block__eventsName\">\n                                                <p>Circoloco Warsaw<\/p>\n                                            <\/a>\n                                            <div class=\"events-slider-block__eventsDate\">09.05.2026-09.05.2026<\/div>\n                                            <div class=\"events-slider-block__eventsLocation\"><\/div>\n                                        <\/div>\n                                                                    <\/div>\n                            <\/div>\n                            <div class=\"events-slider-block__pagination\">\n                                <div class=\"swiper-pagination slider-pagination slider-pagination--theme-white\" data-events-slider-pagination><\/div>\n                            <\/div>\n                        <\/div>\n                                        <div class=\"events-slider-block__bottom\">\n                                                                                <div class=\"events-slider-block__link desktop\">\n                                    <a\n                                        class=\"button button--size-small button--theme-primary-yellow button--withIconLeft\"\n                                        href=\"https:\/\/www.ebilet.pl\/\">\n                                                                                    <div class=\"button__icon\"><img loading=\"lazy\" decoding=\"async\" width=\"30\" height=\"30\" src=\"https:\/\/www.ebilet.pl\/now\/app\/uploads\/2024\/01\/ticket-cinema-entertainment-coupon-discount-sale_30px.png\" class=\"attachment-full size-full\" alt=\"\" \/><\/div>\n                                                                                <p class=\"button__text typo-18\">Kup bilety<\/p>\n                                    <\/a>\n                                <\/div>\n                                                                                <div class=\"events-slider-block__link mobile\">\n                                    <a\n                                        class=\"button button--size-small button--theme-primary-yellow button--withIconLeft\"\n                                        href=\"https:\/\/www.ebilet.pl\/\">\n                                                                                    <div class=\"button__icon\"><img loading=\"lazy\" decoding=\"async\" width=\"30\" height=\"30\" src=\"https:\/\/www.ebilet.pl\/now\/app\/uploads\/2024\/01\/ticket-cinema-entertainment-coupon-discount-sale_30px.png\" class=\"attachment-full size-full\" alt=\"\" \/><\/div>\n                                                                                <p class=\"button__text typo-18\">Kup na eBilet.pl<\/p>\n                                    <\/a>\n                                <\/div>\n                                            <\/div>\n                <\/div>\n            <\/div>\n        <\/div>\n    <\/div>\n<\/section>","protected":false},"excerpt":{"rendered":"<p>Maryla Rodowicz ju\u017c 3 wrze\u015bnia zagra &#8220;bez pr\u0105du&#8221; w ramach najs\u0142ynniejszego koncertowego cyklu MTV Unplugged. Patrz\u0105c na list\u0119 go\u015bci, kt\u00f3rych Kr\u00f3lowa Polskiej Muzyki zaprosi\u0142a do udzia\u0142u w swoim wyst\u0119pie, nie mamy w\u0105tpliwo\u015bci, \u017ce do\u0142\u0105czy on do czo\u0142\u00f3wki najbardziej ikonicznych koncert\u00f3w tej serii, kt\u00f3re przesz\u0142y do historii muzyki! Poznaj szczeg\u00f3\u0142y tego wyj\u0105tkowego wydarzenia i czym pr\u0119dzej kup bilet! <\/p>\n","protected":false},"author":8,"featured_media":60867,"comment_status":"open","ping_status":"open","sticky":false,"template":"page-templates\/article-default.php","format":"standard","meta":{"_acf_changed":false,"footnotes":""},"article_tag":[26,31,41],"article_type":[554],"acf":[],"_links":{"self":[{"href":"https:\/\/www.ebilet.pl\/now\/wp-json\/wp\/v2\/posts\/60875"}],"collection":[{"href":"https:\/\/www.ebilet.pl\/now\/wp-json\/wp\/v2\/posts"}],"about":[{"href":"https:\/\/www.ebilet.pl\/now\/wp-json\/wp\/v2\/types\/post"}],"author":[{"embeddable":true,"href":"https:\/\/www.ebilet.pl\/now\/wp-json\/wp\/v2\/users\/8"}],"replies":[{"embeddable":true,"href":"https:\/\/www.ebilet.pl\/now\/wp-json\/wp\/v2\/comments?post=60875"}],"version-history":[{"count":3,"href":"https:\/\/www.ebilet.pl\/now\/wp-json\/wp\/v2\/posts\/60875\/revisions"}],"predecessor-version":[{"id":60965,"href":"https:\/\/www.ebilet.pl\/now\/wp-json\/wp\/v2\/posts\/60875\/revisions\/60965"}],"wp:featuredmedia":[{"embeddable":true,"href":"https:\/\/www.ebilet.pl\/now\/wp-json\/wp\/v2\/media\/60867"}],"wp:attachment":[{"href":"https:\/\/www.ebilet.pl\/now\/wp-json\/wp\/v2\/media?parent=60875"}],"wp:term":[{"taxonomy":"article_tag","embeddable":true,"href":"https:\/\/www.ebilet.pl\/now\/wp-json\/wp\/v2\/article_tag?post=60875"},{"taxonomy":"article_type","embeddable":true,"href":"https:\/\/www.ebilet.pl\/now\/wp-json\/wp\/v2\/article_type?post=60875"}],"curies":[{"name":"wp","href":"https:\/\/api.w.org\/{rel}","templated":true}]}}