{"id":60842,"date":"2025-07-22T20:20:05","date_gmt":"2025-07-22T19:20:05","guid":{"rendered":"https:\/\/www.ebilet.pl\/now\/?p=60842"},"modified":"2025-09-18T20:47:12","modified_gmt":"2025-09-18T19:47:12","slug":"ozzy-osbourne-nie-zyje","status":"publish","type":"post","link":"https:\/\/www.ebilet.pl\/now\/ozzy-osbourne-nie-zyje\/","title":{"rendered":"Ozzy Osbourne nie \u017cyje"},"content":{"rendered":"\n<section class=\"text-block  section-margin-32\" >\n    <div class=\"container\">\n        <div class=\"row\">\n            <div class=\"col-24\">\n                <div class=\"text-block__content\"><p>Informacj\u0119 o \u015bmierci lidera <strong>Black Sabbath<\/strong> poda\u0142a brytyjska telewizja Sky News.<\/p>\n<p>&#8211; Z ogromnym smutkiem musimy przekaza\u0107, \u017ce dzi\u015b rano odszed\u0142 nasz ukochany Ozzy Osbourne. Do ko\u0144ca by\u0142 ze swoj\u0105 rodzin\u0105, kt\u00f3ra otoczy\u0142a go mi\u0142o\u015bci\u0105. Prosimy o uszanowanie naszej prywatno\u015bci w tym trudnym czasie &#8211; przekaza\u0142a o\u015bwiadczenie \u017cony <strong>Sharon Osbourne<\/strong> stacja.<\/p>\n<p>Legendarny muzyk od lat zmaga\u0142 si\u0119 z chorob\u0105 Parkinsona. Zmar\u0142 niespe\u0142na trzy tygodnie po wielkim po\u017cegnalnym koncercie Black Sabbath, kt\u00f3ry odby\u0142 si\u0119 5 lipca na stadionie Villa Park w rodzinnym mie\u015bcie artysty Birmingham i zgromadzi\u0142 40 000 fan\u00f3w.<\/p>\n<p>&#8211; Nawet nie wiecie, jak teraz si\u0119 czuj\u0119. Dzi\u0119kuj\u0119 wam z g\u0142\u0119bi serca &#8211; przywita\u0142 wtedy publiczno\u015b\u0107 wzruszony Ozzy.<\/p>\n<p>By\u0142o to ostatnie publiczne wyst\u0105pienie artysty. Ca\u0142y doch\u00f3d z tego wydarzenia &#8211; uznanego za najwi\u0119ksze heavymetalowe show w historii &#8211; zosta\u0142 przeznaczony na cele charytatywne.<\/p>\n<p>Ozzy Osbourne pozostanie w naszej pami\u0119ci zapami\u0119tany jako jedna z najwa\u017cniejszych ikon muzyki rockowej. Jego grupa Black Sabbath w historii muzyki uwa\u017cana jest za pioniera muzyki metalowej. Artysta ma na swoim koncie r\u00f3wnie\u017c wspania\u0142\u0105 karier\u0119 solow\u0105 &#8211; nagra\u0142 trzyna\u015bcie studyjnych album\u00f3w pod w\u0142asnym nazwiskiem, z czego ostatni &#8211; <strong>&#8220;Patient Number 9&#8221;<\/strong> &#8211; ukaza\u0142 si\u0119 w 2022 roku.<\/p>\n<p>Osbourne zosta\u0142 dwukrotnie wprowadzony do Rock And Roll Hall Of Fame &#8211; z Black Sabbath w 2006 roku i jako artysta solowy w 2024 roku. W swojej kolekcji nagr\u00f3d zgromadzi\u0142 m.in. pi\u0119\u0107 statuetek Grammy (plus 12 nominacji). Ale nagrody nigdy nie by\u0142y dla niego wa\u017cne. Do samego ko\u0144ca liczy\u0142a si\u0119 muzyka:<\/p>\n<p>&#8211; Nie zamierzam nigdy przej\u015b\u0107 na emerytur\u0119. Emerytur\u0119 od czego? To nie jest praca. Jak mo\u017cna przej\u015b\u0107 na emerytur\u0119 b\u0119d\u0105c muzykiem rockowym? To tak, jakby powiedzie\u0107: &#8220;Nie pod\u0142\u0105czaj wzmacniacza&#8221;. Nie znam niczego innego. Przejd\u0119 na cholern\u0105 emerytur\u0119 dopiero wtedy, kiedy wbij\u0105 mi ostatni gw\u00f3\u017ad\u017a w pokryw\u0119 trumny &#8211; powiedzia\u0142 w wywiadzie dla Rolling Stone w 2020 roku.<\/p>\n<p>Osbourne pozostawi\u0142 po sobie \u017con\u0119 Sharon, dzieci i wnuki, a tak\u017ce miliony fan\u00f3w na ca\u0142ym \u015bwiecie, kt\u00f3rzy dzi\u015b wraz z jego bliskimi op\u0142akuj\u0105 \u015bmier\u0107 Ksi\u0119cia Ciemno\u015bci.<\/p>\n<\/div>\n            <\/div>\n        <\/div>\n    <\/div>\n<\/section>\n\n\n<figure class=\"wp-block-embed is-type-video is-provider-youtube wp-block-embed-youtube wp-embed-aspect-16-9 wp-has-aspect-ratio\"><div class=\"wp-block-embed__wrapper\">\n<iframe loading=\"lazy\" title=\"Ozzy Osbourne - Crazy Train - Back To The Beginning Live at Villa Park Birmingham 05\/07\/25\" width=\"500\" height=\"281\" src=\"https:\/\/www.youtube.com\/embed\/6NAemzzu9DI?feature=oembed\" frameborder=\"0\" allow=\"accelerometer; autoplay; clipboard-write; encrypted-media; gyroscope; picture-in-picture; web-share\" referrerpolicy=\"strict-origin-when-cross-origin\" allowfullscreen><\/iframe>\n<\/div><\/figure>\n\n\n<section class=\"gap-block  section-margin-32 section-margin-32\"><\/section>","protected":false},"excerpt":{"rendered":"<p>Legendarny wokalista Black Sabbath odszed\u0142 w wieku 76 lat. \u015awiat rocka \u017cegna Ksi\u0119cia Ciemno\u015bci.<\/p>\n","protected":false},"author":8,"featured_media":60847,"comment_status":"open","ping_status":"open","sticky":false,"template":"page-templates\/article-default.php","format":"standard","meta":{"_acf_changed":false,"footnotes":""},"article_tag":[97,31],"article_type":[554],"acf":[],"_links":{"self":[{"href":"https:\/\/www.ebilet.pl\/now\/wp-json\/wp\/v2\/posts\/60842"}],"collection":[{"href":"https:\/\/www.ebilet.pl\/now\/wp-json\/wp\/v2\/posts"}],"about":[{"href":"https:\/\/www.ebilet.pl\/now\/wp-json\/wp\/v2\/types\/post"}],"author":[{"embeddable":true,"href":"https:\/\/www.ebilet.pl\/now\/wp-json\/wp\/v2\/users\/8"}],"replies":[{"embeddable":true,"href":"https:\/\/www.ebilet.pl\/now\/wp-json\/wp\/v2\/comments?post=60842"}],"version-history":[{"count":3,"href":"https:\/\/www.ebilet.pl\/now\/wp-json\/wp\/v2\/posts\/60842\/revisions"}],"predecessor-version":[{"id":60941,"href":"https:\/\/www.ebilet.pl\/now\/wp-json\/wp\/v2\/posts\/60842\/revisions\/60941"}],"wp:featuredmedia":[{"embeddable":true,"href":"https:\/\/www.ebilet.pl\/now\/wp-json\/wp\/v2\/media\/60847"}],"wp:attachment":[{"href":"https:\/\/www.ebilet.pl\/now\/wp-json\/wp\/v2\/media?parent=60842"}],"wp:term":[{"taxonomy":"article_tag","embeddable":true,"href":"https:\/\/www.ebilet.pl\/now\/wp-json\/wp\/v2\/article_tag?post=60842"},{"taxonomy":"article_type","embeddable":true,"href":"https:\/\/www.ebilet.pl\/now\/wp-json\/wp\/v2\/article_type?post=60842"}],"curies":[{"name":"wp","href":"https:\/\/api.w.org\/{rel}","templated":true}]}}