{"id":60395,"date":"2025-07-17T09:17:15","date_gmt":"2025-07-17T08:17:15","guid":{"rendered":"https:\/\/www.ebilet.pl\/now\/?p=60395"},"modified":"2025-09-22T08:48:11","modified_gmt":"2025-09-22T07:48:11","slug":"zmarla-joanna-kolaczkowska-legenda-polskiego-kabaretu-miala-59-lat","status":"publish","type":"post","link":"https:\/\/www.ebilet.pl\/now\/zmarla-joanna-kolaczkowska-legenda-polskiego-kabaretu-miala-59-lat\/","title":{"rendered":"Zmar\u0142a Joanna Ko\u0142aczkowska. Legenda polskiego kabaretu mia\u0142a 59 lat"},"content":{"rendered":"\n<section class=\"text-block  section-margin-32\" >\n    <div class=\"container\">\n        <div class=\"row\">\n            <div class=\"col-24\">\n                <div class=\"text-block__content\"><p><strong>Joanna Ko\u0142aczkowska<\/strong>, jedna z najbardziej rozpoznawalnych i najbardziej kochanych przez publiczno\u015b\u0107 postaci polskiej sceny kabaretowej, przegra\u0142a walk\u0119 z chorob\u0105 nowotworow\u0105, z kt\u00f3r\u0105 zmaga\u0142a si\u0119 od kwietnia tego roku.<\/p>\n<p>Aktorka i wsp\u00f3\u0142za\u0142o\u017cycielka <strong>Kabaretu Hrabi<\/strong> by\u0142a prawdziwym fenomenem i zjawiskiem w \u015bwiecie komedii, bo o ile w\u015br\u00f3d pan\u00f3w nie brakowa\u0142o nigdy artyst\u00f3w kabaretowych o tyle w\u015br\u00f3d pa\u0144 by\u0142a jedn\u0105 z nielicznych.<\/p>\n<p>Stworzy\u0142a niezliczone kreacje pe\u0142ne inteligentnego humoru i artystycznego kunsztu dzi\u0119ki kt\u00f3rym przez dekady kr\u00f3lowa\u0142a i bawi\u0142a nas do \u0142ez na scenach w ca\u0142ej Polsce &#8211; najpierw w zespole <strong>Drugi Garnitur<\/strong>, a nast\u0119pnie z kultowymi dzi\u015b kabaretami <strong>Potem<\/strong> (w latach 1989-1999) i <strong>Hrabi<\/strong>, kt\u00f3ry przez 20 lat wsp\u00f3\u0142tworzy\u0142a z <strong>Dariuszem Kamysem<\/strong>, <strong>Tomaszem Majerem<\/strong> i <strong>\u0141ukaszem Pietschem<\/strong>.<\/p>\n<p>Prowadzi\u0142a te\u017c audycje w radiowej Tr\u00f3jce oraz na antenie Radia Nowy \u015awiat, gra\u0142a w filmach i w tetrze, re\u017cyserowa\u0142a, pisa\u0142a felietony. By\u0142a te\u017c autork\u0105 wielu niezapomnianych piosenek kabaretowych &#8211; m.in. <strong>&#8220;Song porzuconej&#8221;<\/strong>, <strong>&#8220;Bakteria w ca\u0142usie&#8221;<\/strong>, <strong>&#8220;Rydwany ognia&#8221;<\/strong>, <strong>&#8220;Tango sromotnik&#8221;<\/strong> &#8211; kt\u00f3re dzi\u015b s\u0105 ju\u017c szlagierami.<\/p>\n<p>Pe\u0142na ciep\u0142a, dobrej energii i empatii. Pozostawi\u0142a po sobie niezatarte wspomnienia i dziedzictwo, kt\u00f3re na zawsze zapisze si\u0119 w historii polskiej kultury.<\/p>\n<p>Przyjaciele z Kabaretu Hrabi po\u017cegnali artystk\u0119 w poruszaj\u0105cym wpisie:<\/p>\n<\/div>\n            <\/div>\n        <\/div>\n    <\/div>\n<\/section>\n\n<section class=\"gap-block  section-margin-32 section-margin-32\"><\/section>\n\n\n<iframe loading=\"lazy\" src=\"https:\/\/www.facebook.com\/plugins\/post.php?href=https%3A%2F%2Fwww.facebook.com%2FkabaretHrabi%2Fposts%2Fpfbid0m7BwB6LQ4GD67wFWubBy5cMtWkFxuP8EsyXRYpyHzUFy4bS2H6y1ULEtP5oGYZmYl&#038;show_text=true&#038;width=500\" width=\"500\" height=\"591\" style=\"border:none;overflow:hidden\" scrolling=\"no\" frameborder=\"0\" allowfullscreen=\"true\" allow=\"autoplay; clipboard-write; encrypted-media; picture-in-picture; web-share\"><\/iframe>\n","protected":false},"excerpt":{"rendered":"<p>&#8211; \u015amiech skraca dystans mi\u0119dzy duszami &#8211;  m\u00f3wi\u0142a. Joanna Ko\u0142aczkowska przez dekady zachwyca\u0142a nas swoim niepowtarzalnym poczuciem humoru i sceniczn\u0105 charyzm\u0105. By\u0142a jedna jedyna, nie do zast\u0105pienia. Jej \u015bmier\u0107 zostawia ogromn\u0105 pustk\u0119 w \u015bwiecie sztuki. <\/p>\n","protected":false},"author":8,"featured_media":60391,"comment_status":"open","ping_status":"open","sticky":false,"template":"page-templates\/article-default.php","format":"standard","meta":{"_acf_changed":false,"footnotes":""},"article_tag":[263,36],"article_type":[558],"acf":[],"_links":{"self":[{"href":"https:\/\/www.ebilet.pl\/now\/wp-json\/wp\/v2\/posts\/60395"}],"collection":[{"href":"https:\/\/www.ebilet.pl\/now\/wp-json\/wp\/v2\/posts"}],"about":[{"href":"https:\/\/www.ebilet.pl\/now\/wp-json\/wp\/v2\/types\/post"}],"author":[{"embeddable":true,"href":"https:\/\/www.ebilet.pl\/now\/wp-json\/wp\/v2\/users\/8"}],"replies":[{"embeddable":true,"href":"https:\/\/www.ebilet.pl\/now\/wp-json\/wp\/v2\/comments?post=60395"}],"version-history":[{"count":3,"href":"https:\/\/www.ebilet.pl\/now\/wp-json\/wp\/v2\/posts\/60395\/revisions"}],"predecessor-version":[{"id":60427,"href":"https:\/\/www.ebilet.pl\/now\/wp-json\/wp\/v2\/posts\/60395\/revisions\/60427"}],"wp:featuredmedia":[{"embeddable":true,"href":"https:\/\/www.ebilet.pl\/now\/wp-json\/wp\/v2\/media\/60391"}],"wp:attachment":[{"href":"https:\/\/www.ebilet.pl\/now\/wp-json\/wp\/v2\/media?parent=60395"}],"wp:term":[{"taxonomy":"article_tag","embeddable":true,"href":"https:\/\/www.ebilet.pl\/now\/wp-json\/wp\/v2\/article_tag?post=60395"},{"taxonomy":"article_type","embeddable":true,"href":"https:\/\/www.ebilet.pl\/now\/wp-json\/wp\/v2\/article_type?post=60395"}],"curies":[{"name":"wp","href":"https:\/\/api.w.org\/{rel}","templated":true}]}}