{"id":57381,"date":"2025-06-13T10:24:51","date_gmt":"2025-06-13T09:24:51","guid":{"rendered":"https:\/\/www.ebilet.pl\/now\/?p=57381"},"modified":"2025-09-18T21:24:55","modified_gmt":"2025-09-18T20:24:55","slug":"twenty-one-pilots-zapowiada-album-breach-posluchaj-singla-the-contract","status":"publish","type":"post","link":"https:\/\/www.ebilet.pl\/now\/twenty-one-pilots-zapowiada-album-breach-posluchaj-singla-the-contract\/","title":{"rendered":"Twenty One Pilots zapowiada album &#8220;Breach&#8221;! Pos\u0142uchaj singla &#8220;The Contract&#8221;"},"content":{"rendered":"\n<section class=\"text-block  section-margin-32\" >\n    <div class=\"container\">\n        <div class=\"row\">\n            <div class=\"col-24\">\n                <div class=\"text-block__content\"><h2>Twenty One Pilots zapowiada now\u0105 p\u0142yt\u0119. Co wiemy o &#8220;Breach&#8221;?<\/h2>\n<p><strong>Twenty One Pilots <\/strong>jest znany z tego, \u017ce buduje wok\u00f3\u0142 swojej tw\u00f3rczo\u015bci ciekaw\u0105, anga\u017cuj\u0105c\u0105, tajemnicz\u0105 otoczk\u0119. Fani zag\u0142\u0119biaj\u0105 si\u0119 nie tylko w warstw\u0119 muzyczn\u0105, ale i wszystkie teorie, zagadki i nawi\u0105zania, kt\u00f3re zesp\u00f3\u0142 umieszcza na swoich mediach spo\u0142eczno\u015bciowych, w teledyskach i nie tylko. <strong>Clikkies<\/strong> z pewno\u015bci\u0105 zacieraj\u0105 r\u0119ce na kolejn\u0105 porcj\u0119 wie\u015bci od ich ulubionego duetu &#8211; w ko\u0144cu formacja og\u0142osi\u0142a, \u017ce nast\u0119pca <strong>&#8220;Clancy&#8221;<\/strong> zbli\u017ca si\u0119 wielkimi krokami! Co wiemy o kr\u0105\u017cku?<\/p>\n<\/div>\n            <\/div>\n        <\/div>\n    <\/div>\n<\/section>\n\n\n<section class=\"image-block  section-margin-32\" >\n        <div class=\"container\">\n        <div class=\"row\">\n            <div class=\"col-24\">\n                                <div class=\"image-block__container\">\n                    <div class=\"image-block__wrapper\"><img loading=\"lazy\" decoding=\"async\" width=\"1920\" height=\"1080\" src=\"https:\/\/www.ebilet.pl\/now\/app\/uploads\/2025\/05\/pap_20230319_287-desktop.jpg\" class=\"attachment-full size-full\" alt=\"\" srcset=\"https:\/\/www.ebilet.pl\/now\/app\/uploads\/2025\/05\/pap_20230319_287-desktop.jpg 1920w, https:\/\/www.ebilet.pl\/now\/app\/uploads\/2025\/05\/pap_20230319_287-desktop-1024x576.jpg 1024w, https:\/\/www.ebilet.pl\/now\/app\/uploads\/2025\/05\/pap_20230319_287-desktop-1536x864.jpg 1536w, https:\/\/www.ebilet.pl\/now\/app\/uploads\/2025\/05\/pap_20230319_287-desktop-1280x720.jpg 1280w, https:\/\/www.ebilet.pl\/now\/app\/uploads\/2025\/05\/pap_20230319_287-desktop-500x281.jpg 500w, https:\/\/www.ebilet.pl\/now\/app\/uploads\/2025\/05\/pap_20230319_287-desktop-632x356.jpg 632w, https:\/\/www.ebilet.pl\/now\/app\/uploads\/2025\/05\/pap_20230319_287-desktop-308x174.jpg 308w\" sizes=\"auto, (max-width: 1920px) 100vw, 1920px\" \/><\/div>\n                                            <div class=\"image-block__caption typo-12\">Fot. PAP\/EPA\/Ailen Diaz<\/div>\n                                    <\/div>\n                            <\/div>\n        <\/div>\n    <\/div>\n<\/section>\n\n\n    <section class=\"events-carousel-block  section-margin-32\"\n        data-events-carousel\n        data-settings='{\"per_view\":5}'\n        data-item-list-name=\"Karuzela niska Polecamy na eBilet.pl\"\n        data-item-list-id=\"karuzela_niska Polecamy na eBilet.pl\"\n        >\n        <div class=\"container\">\n                            <div class=\"row\">\n                    <div class=\"col-24\">\n                        <div class=\"events-carousel-block__title\">\n                            <h2 class=\"typo-h2\">Polecamy na eBilet.pl<\/h2>\n                        <\/div>\n                    <\/div>\n                <\/div>\n                        <div class=\"row\">\n                <div class=\"col-24\">\n                    <div class=\"events-carousel-block__events\">\n                        <div class=\"events-carousel-block__nav events-carousel-block__nav--prev\">\n                            <div class=\"button button--withIcon button--theme-white-blur button--size-fixed-48\" data-events-carousel-prev>\n                                <span class=\"button__icon icon icon-chevron-left\"><\/span>\n                            <\/div>\n                        <\/div>\n                        <div class=\"events-carousel-block__nav events-carousel-block__nav--next\">\n                            <div class=\"button button--withIcon button--theme-white-blur button--size-fixed-48\" data-events-carousel-next>\n                                <span class=\"button__icon icon icon-chevron-right\"><\/span>\n                            <\/div>\n                        <\/div>\n                        <div class=\"events-carousel-block__slider swiper\" data-events-carousel-slider>\n                            <div class=\"events-carousel-block__sliderWrapper swiper-wrapper\">\n                                                                    <div class=\"events-carousel-block__sliderItem swiper-slide\"\n                                        data-id=\"103616\"\n                                        data-name=\"Another Pink Floyd\"\n                                        data-brand=\"FANTOM MEDIA Micha\u0142 Kapu\u015bciarz\"\n                                        data-category=\"muzyka\"\n                                        data-subcategory=\"rock\"\n                                        data-city=\"Bia\u0142ystok, Gorz\u00f3w Wielkopolski, Krak\u00f3w i inne\"\n                                        data-venue=\"Arena Ostr\u00f3w\">\n                                        \n<div class=\"card-event  card-event--size-small\">\n        <a href=\"https:\/\/www.ebilet.pl\/muzyka\/rock\/another-pink-floyd-marek-raduli\" target=\"_blank\" class=\"card-event__link\" rel=\"nofollow noopener\"><\/a>\n        <div class=\"card-event__wrapper\">\n        <div class=\"card-event__image\">\n            <img decoding=\"async\" src=\"https:\/\/www.ebilet.pl\/media\/cms\/media\/emlfh0wi\/another-pink-floyd-pion-656.webp\" alt=\"\">\n        <\/div>\n        <div class=\"card-event__data\">\n            <div class=\"card-event__name\">\n                <p>Another Pink Floyd<\/p>\n            <\/div>\n            <div class=\"card-event__date\"><\/div>\n            <div class=\"card-event__location\">Bia\u0142ystok, Gorz\u00f3w Wielkopolski, Krak\u00f3w i inne<\/div>\n        <\/div>\n    <\/div>\n<\/div>                                    <\/div>\n                                                                    <div class=\"events-carousel-block__sliderItem swiper-slide\"\n                                        data-id=\"29466\"\n                                        data-name=\"Queen Symfonicznie \u2013 trasa XV-lecia\"\n                                        data-brand=\"Piosenka Plus\"\n                                        data-category=\"muzyka\"\n                                        data-subcategory=\"rock\"\n                                        data-city=\"Bia\u0142ystok, Bielsko-Bia\u0142a, Gda\u0144sk i inne\"\n                                        data-venue=\"Filharmonia Zielonog\u00f3rska im. Tadeusza Bairda\">\n                                        \n<div class=\"card-event  card-event--size-small\">\n        <a href=\"https:\/\/www.ebilet.pl\/muzyka\/rock\/queen-symfonicznie\" target=\"_blank\" class=\"card-event__link\" rel=\"nofollow noopener\"><\/a>\n        <div class=\"card-event__wrapper\">\n        <div class=\"card-event__image\">\n            <img decoding=\"async\" src=\"https:\/\/www.ebilet.pl\/media\/cms\/media\/a2dlnxd4\/qs_15_lat_656_369.webp\" alt=\"\">\n        <\/div>\n        <div class=\"card-event__data\">\n            <div class=\"card-event__name\">\n                <p>Queen Symfonicznie \u2013 trasa XV-lecia<\/p>\n            <\/div>\n            <div class=\"card-event__date\"><\/div>\n            <div class=\"card-event__location\">Bia\u0142ystok, Bielsko-Bia\u0142a, Gda\u0144sk i inne<\/div>\n        <\/div>\n    <\/div>\n<\/div>                                    <\/div>\n                                                                    <div class=\"events-carousel-block__sliderItem swiper-slide\"\n                                        data-id=\"68779\"\n                                        data-name=\"Zadzwo\u0144cie po milicj\u0119\"\n                                        data-brand=\"VISUAL PRODUCTION Sp. z o.o. \"\n                                        data-category=\"muzyka\"\n                                        data-subcategory=\"rock\"\n                                        data-city=\"Gorz\u00f3w Wielkopolski, Katowice, \u0141\u00f3d\u017a i inne\"\n                                        data-venue=\"Hala Spodek\">\n                                        \n<div class=\"card-event  card-event--size-small\">\n        <a href=\"https:\/\/www.ebilet.pl\/muzyka\/rock\/zadzwoncie-po-milicje\" target=\"_blank\" class=\"card-event__link\" rel=\"nofollow noopener\"><\/a>\n        <div class=\"card-event__wrapper\">\n        <div class=\"card-event__image\">\n            <img decoding=\"async\" src=\"https:\/\/www.ebilet.pl\/media\/cms\/media\/2rbewmt5\/ebilet-656x369-4474af0a-cf88-484b-a001-782b4914cfe2.webp\" alt=\"\">\n        <\/div>\n        <div class=\"card-event__data\">\n            <div class=\"card-event__name\">\n                <p>Zadzwo\u0144cie po milicj\u0119<\/p>\n            <\/div>\n            <div class=\"card-event__date\"><\/div>\n            <div class=\"card-event__location\">Gorz\u00f3w Wielkopolski, Katowice, \u0141\u00f3d\u017a i inne<\/div>\n        <\/div>\n    <\/div>\n<\/div>                                    <\/div>\n                                                                    <div class=\"events-carousel-block__sliderItem swiper-slide\"\n                                        data-id=\"94046\"\n                                        data-name=\"BLIND CHANNEL\"\n                                        data-brand=\"Winiary Bookings sp. z o. o.\"\n                                        data-category=\"muzyka\"\n                                        data-subcategory=\"rock\"\n                                        data-city=\"Krak\u00f3w, Warszawa\"\n                                        data-venue=\"Klub Proxima\">\n                                        \n<div class=\"card-event  card-event--size-small\">\n        <a href=\"https:\/\/www.ebilet.pl\/muzyka\/rock\/blind-channel\" target=\"_blank\" class=\"card-event__link\" rel=\"nofollow noopener\"><\/a>\n        <div class=\"card-event__wrapper\">\n        <div class=\"card-event__image\">\n            <img decoding=\"async\" src=\"https:\/\/www.ebilet.pl\/media\/cms\/media\/5brniuwe\/blind-channel-ebilet-strona-wydarzenia-poziom-wspo-lne.webp\" alt=\"\">\n        <\/div>\n        <div class=\"card-event__data\">\n            <div class=\"card-event__name\">\n                <p>BLIND CHANNEL<\/p>\n            <\/div>\n            <div class=\"card-event__date\"><\/div>\n            <div class=\"card-event__location\">Krak\u00f3w, Warszawa<\/div>\n        <\/div>\n    <\/div>\n<\/div>                                    <\/div>\n                                                                    <div class=\"events-carousel-block__sliderItem swiper-slide\"\n                                        data-id=\"94910\"\n                                        data-name=\"Muzyka Zespo\u0142u Nirvana Symfonicznie\"\n                                        data-brand=\"Piosenka Plus\"\n                                        data-category=\"muzyka\"\n                                        data-subcategory=\"rock\"\n                                        data-city=\"Gorz\u00f3w Wielkopolski, \u0141a\u0144cut, Nysa i inne\"\n                                        data-venue=\"Miejskie Centrum Kultury, Gorz\u00f3w Wielkopolski\">\n                                        \n<div class=\"card-event  card-event--size-small\">\n        <a href=\"https:\/\/www.ebilet.pl\/muzyka\/rock\/nirvana-symfonicznie\" target=\"_blank\" class=\"card-event__link\" rel=\"nofollow noopener\"><\/a>\n        <div class=\"card-event__wrapper\">\n        <div class=\"card-event__image\">\n            <img decoding=\"async\" src=\"https:\/\/www.ebilet.pl\/media\/cms\/media\/dbsbiu5o\/656x369.webp\" alt=\"\">\n        <\/div>\n        <div class=\"card-event__data\">\n            <div class=\"card-event__name\">\n                <p>Muzyka Zespo\u0142u Nirvana Symfonicznie<\/p>\n            <\/div>\n            <div class=\"card-event__date\"><\/div>\n            <div class=\"card-event__location\">Gorz\u00f3w Wielkopolski, \u0141a\u0144cut, Nysa i inne<\/div>\n        <\/div>\n    <\/div>\n<\/div>                                    <\/div>\n                                                                    <div class=\"events-carousel-block__sliderItem swiper-slide\"\n                                        data-id=\"10619\"\n                                        data-name=\"\u015awietliki\"\n                                        data-brand=\"Fundacja Student\u00f3w i Absolwent\u00f3w AGH w Krakowie\"\n                                        data-category=\"muzyka\"\n                                        data-subcategory=\"rock\"\n                                        data-city=\"Krak\u00f3w\"\n                                        data-venue=\"Klub Studio\">\n                                        \n<div class=\"card-event  card-event--size-small\">\n        <a href=\"https:\/\/www.ebilet.pl\/muzyka\/rock\/swietliki\" target=\"_blank\" class=\"card-event__link\" rel=\"nofollow noopener\"><\/a>\n        <div class=\"card-event__wrapper\">\n        <div class=\"card-event__image\">\n            <img decoding=\"async\" src=\"https:\/\/www.ebilet.pl\/media\/cms\/media\/fe0irwcl\/st-swietliki-05-12_ebilet-656x369-1.webp\" alt=\"\">\n        <\/div>\n        <div class=\"card-event__data\">\n            <div class=\"card-event__name\">\n                <p>\u015awietliki<\/p>\n            <\/div>\n            <div class=\"card-event__date\"><\/div>\n            <div class=\"card-event__location\">Krak\u00f3w<\/div>\n        <\/div>\n    <\/div>\n<\/div>                                    <\/div>\n                                                                    <div class=\"events-carousel-block__sliderItem swiper-slide\"\n                                        data-id=\"6263\"\n                                        data-name=\"IRA\"\n                                        data-brand=\"Agencja Artystyczna Brussa Jaros\u0142aw Brussa Iwona Brussa Zuzanna \"\n                                        data-category=\"muzyka\"\n                                        data-subcategory=\"rock\"\n                                        data-city=\"Toru\u0144, Tychy, Wroc\u0142aw\"\n                                        data-venue=\"Teatr Ma\u0142y  w Tychach\">\n                                        \n<div class=\"card-event  card-event--size-small\">\n        <a href=\"https:\/\/www.ebilet.pl\/muzyka\/rock\/ira\" target=\"_blank\" class=\"card-event__link\" rel=\"nofollow noopener\"><\/a>\n        <div class=\"card-event__wrapper\">\n        <div class=\"card-event__image\">\n            <img decoding=\"async\" src=\"https:\/\/www.ebilet.pl\/media\/cms\/media\/a1cp4cue\/656x369-2-033809d0-af12-4e76-841f-cabd88e13b01.webp\" alt=\"\">\n        <\/div>\n        <div class=\"card-event__data\">\n            <div class=\"card-event__name\">\n                <p>IRA<\/p>\n            <\/div>\n            <div class=\"card-event__date\"><\/div>\n            <div class=\"card-event__location\">Toru\u0144, Tychy, Wroc\u0142aw<\/div>\n        <\/div>\n    <\/div>\n<\/div>                                    <\/div>\n                                                                    <div class=\"events-carousel-block__sliderItem swiper-slide\"\n                                        data-id=\"121218\"\n                                        data-name=\"Diary Of Dreams\"\n                                        data-brand=\"Progresja\"\n                                        data-category=\"muzyka\"\n                                        data-subcategory=\"rock\"\n                                        data-city=\"Warszawa\"\n                                        data-venue=\"Progresja\">\n                                        \n<div class=\"card-event  card-event--size-small\">\n        <a href=\"https:\/\/www.ebilet.pl\/muzyka\/rock\/diary-of-dreams\" target=\"_blank\" class=\"card-event__link\" rel=\"nofollow noopener\"><\/a>\n        <div class=\"card-event__wrapper\">\n        <div class=\"card-event__image\">\n            <img decoding=\"async\" src=\"https:\/\/www.ebilet.pl\/media\/cms\/media\/ygfpobxd\/poziom-dod-a3999621-9fae-462b-98b5-b90af3b7cb32.webp\" alt=\"\">\n        <\/div>\n        <div class=\"card-event__data\">\n            <div class=\"card-event__name\">\n                <p>Diary Of Dreams<\/p>\n            <\/div>\n            <div class=\"card-event__date\"><\/div>\n            <div class=\"card-event__location\">Warszawa<\/div>\n        <\/div>\n    <\/div>\n<\/div>                                    <\/div>\n                                                                    <div class=\"events-carousel-block__sliderItem swiper-slide\"\n                                        data-id=\"5751\"\n                                        data-name=\"Freddie Mercury Rock-Operowo przy \u015bwiecach\"\n                                        data-brand=\"Copernicus Sp\u00f3\u0142ka z o.o.\"\n                                        data-category=\"muzyka\"\n                                        data-subcategory=\"rock\"\n                                        data-city=\"Bielsko-Bia\u0142a, Bydgoszcz, Krak\u00f3w i inne\"\n                                        data-venue=\"Sala Redutowa - Kamienica &quot;Pod Or\u0142em&quot;\">\n                                        \n<div class=\"card-event  card-event--size-small\">\n        <a href=\"https:\/\/www.ebilet.pl\/muzyka\/rock\/freddie-mercury-rock-operowo\" target=\"_blank\" class=\"card-event__link\" rel=\"nofollow noopener\"><\/a>\n        <div class=\"card-event__wrapper\">\n        <div class=\"card-event__image\">\n            <img decoding=\"async\" src=\"https:\/\/www.ebilet.pl\/media\/cms\/media\/zojornaw\/freddie-mercury-opera-show-656x369-px-4c34af26-5419-43f8-9f97-8357fecb707c.webp\" alt=\"\">\n        <\/div>\n        <div class=\"card-event__data\">\n            <div class=\"card-event__name\">\n                <p>Freddie Mercury Rock-Operowo przy \u015bwiecach<\/p>\n            <\/div>\n            <div class=\"card-event__date\"><\/div>\n            <div class=\"card-event__location\">Bielsko-Bia\u0142a, Bydgoszcz, Krak\u00f3w i inne<\/div>\n        <\/div>\n    <\/div>\n<\/div>                                    <\/div>\n                                                                    <div class=\"events-carousel-block__sliderItem swiper-slide\"\n                                        data-id=\"151582\"\n                                        data-name=\"Zvezda po imeni Solnce - KINO Symphony Tribute\"\n                                        data-brand=\"Luckystar,s.r.o.\"\n                                        data-category=\"muzyka\"\n                                        data-subcategory=\"rock\"\n                                        data-city=\"Gda\u0144sk, Warszawa\"\n                                        data-venue=\"Teatr Palladium w Warszawie\">\n                                        \n<div class=\"card-event  card-event--size-small\">\n        <a href=\"https:\/\/www.ebilet.pl\/muzyka\/rock\/kino\" target=\"_blank\" class=\"card-event__link\" rel=\"nofollow noopener\"><\/a>\n        <div class=\"card-event__wrapper\">\n        <div class=\"card-event__image\">\n            <img decoding=\"async\" src=\"https:\/\/www.ebilet.pl\/media\/cms\/media\/in4dcj1r\/tsoy-656_369-6f47f596-8af6-4136-987f-85d8fbe4fdc7.webp\" alt=\"\">\n        <\/div>\n        <div class=\"card-event__data\">\n            <div class=\"card-event__name\">\n                <p>Zvezda po imeni Solnce &#8211; KINO Symphony Tribute<\/p>\n            <\/div>\n            <div class=\"card-event__date\"><\/div>\n            <div class=\"card-event__location\">Gda\u0144sk, Warszawa<\/div>\n        <\/div>\n    <\/div>\n<\/div>                                    <\/div>\n                                                                    <div class=\"events-carousel-block__sliderItem swiper-slide\"\n                                        data-id=\"148914\"\n                                        data-name=\"Baby Lasagna\"\n                                        data-brand=\"Winiary Bookings sp. z o. o.\"\n                                        data-category=\"muzyka\"\n                                        data-subcategory=\"rock\"\n                                        data-city=\"Krak\u00f3w, Pozna\u0144, Warszawa\"\n                                        data-venue=\"Klub Tama\">\n                                        \n<div class=\"card-event  card-event--size-small\">\n        <a href=\"https:\/\/www.ebilet.pl\/muzyka\/rock\/baby-lasagna\" target=\"_blank\" class=\"card-event__link\" rel=\"nofollow noopener\"><\/a>\n        <div class=\"card-event__wrapper\">\n        <div class=\"card-event__image\">\n            <img decoding=\"async\" src=\"https:\/\/www.ebilet.pl\/media\/cms\/media\/zogputvk\/baby-lasagna-ebilet-strona-wydarzenia-poziom-wsp_lne-53ad5c39-c279-4a3c-8cbb-d9b457943b42.webp\" alt=\"\">\n        <\/div>\n        <div class=\"card-event__data\">\n            <div class=\"card-event__name\">\n                <p>Baby Lasagna<\/p>\n            <\/div>\n            <div class=\"card-event__date\"><\/div>\n            <div class=\"card-event__location\">Krak\u00f3w, Pozna\u0144, Warszawa<\/div>\n        <\/div>\n    <\/div>\n<\/div>                                    <\/div>\n                                                                    <div class=\"events-carousel-block__sliderItem swiper-slide\"\n                                        data-id=\"169635\"\n                                        data-name=\"Manchester trasa 20 lat\"\n                                        data-brand=\"Lizard King\"\n                                        data-category=\"muzyka\"\n                                        data-subcategory=\"rock\"\n                                        data-city=\"Gda\u0144sk, Rybnik, Toru\u0144 i inne\"\n                                        data-venue=\"Odessa Club\">\n                                        \n<div class=\"card-event  card-event--size-small\">\n        <a href=\"https:\/\/www.ebilet.pl\/muzyka\/rock\/manchester\" target=\"_blank\" class=\"card-event__link\" rel=\"nofollow noopener\"><\/a>\n        <div class=\"card-event__wrapper\">\n        <div class=\"card-event__image\">\n            <img decoding=\"async\" src=\"https:\/\/www.ebilet.pl\/media\/cms\/media\/ainiadef\/trasa-656x369px-bez-miast-9fca4a24-a946-451c-99f9-c44912486d5d.webp\" alt=\"\">\n        <\/div>\n        <div class=\"card-event__data\">\n            <div class=\"card-event__name\">\n                <p>Manchester trasa 20 lat<\/p>\n            <\/div>\n            <div class=\"card-event__date\"><\/div>\n            <div class=\"card-event__location\">Gda\u0144sk, Rybnik, Toru\u0144 i inne<\/div>\n        <\/div>\n    <\/div>\n<\/div>                                    <\/div>\n                                                                    <div class=\"events-carousel-block__sliderItem swiper-slide\"\n                                        data-id=\"174489\"\n                                        data-name=\"Rock przy \u015bwiecach\"\n                                        data-brand=\"Royal Tributes Sp. z o.o.\"\n                                        data-category=\"muzyka\"\n                                        data-subcategory=\"rock\"\n                                        data-city=\"Bia\u0142ystok, Kielce, Krak\u00f3w i inne\"\n                                        data-venue=\"Nowohuckie Centrum Kultury w Krakowie\">\n                                        \n<div class=\"card-event  card-event--size-small\">\n        <a href=\"https:\/\/www.ebilet.pl\/muzyka\/rock\/rock-przy-swiecach\" target=\"_blank\" class=\"card-event__link\" rel=\"nofollow noopener\"><\/a>\n        <div class=\"card-event__wrapper\">\n        <div class=\"card-event__image\">\n            <img decoding=\"async\" src=\"https:\/\/www.ebilet.pl\/media\/cms\/media\/kxgb1whf\/656x369-0a22924c-13ff-43a3-9bb0-6e380eb5cf19.webp\" alt=\"\">\n        <\/div>\n        <div class=\"card-event__data\">\n            <div class=\"card-event__name\">\n                <p>Rock przy \u015bwiecach<\/p>\n            <\/div>\n            <div class=\"card-event__date\"><\/div>\n            <div class=\"card-event__location\">Bia\u0142ystok, Kielce, Krak\u00f3w i inne<\/div>\n        <\/div>\n    <\/div>\n<\/div>                                    <\/div>\n                                                                    <div class=\"events-carousel-block__sliderItem swiper-slide\"\n                                        data-id=\"178032\"\n                                        data-name=\"Muzyka Queen i Eltona Johna na 28. pi\u0119trze\"\n                                        data-brand=\"SVITLO CONCERT Sp. z o.o.\"\n                                        data-category=\"muzyka\"\n                                        data-subcategory=\"rock\"\n                                        data-city=\"Warszawa\"\n                                        data-venue=\"Sky Hall by Svitlo Concert\">\n                                        \n<div class=\"card-event  card-event--size-small\">\n        <a href=\"https:\/\/www.ebilet.pl\/muzyka\/rock\/muzyka-queen-i-eltona-johna\" target=\"_blank\" class=\"card-event__link\" rel=\"nofollow noopener\"><\/a>\n        <div class=\"card-event__wrapper\">\n        <div class=\"card-event__image\">\n            <img decoding=\"async\" src=\"https:\/\/www.ebilet.pl\/media\/cms\/media\/rf2hyeod\/656_369-queen-i-elton-john-b1112492-53ec-4844-8131-2d4d6f6e5607.webp\" alt=\"\">\n        <\/div>\n        <div class=\"card-event__data\">\n            <div class=\"card-event__name\">\n                <p>Muzyka Queen i Eltona Johna na 28. pi\u0119trze<\/p>\n            <\/div>\n            <div class=\"card-event__date\"><\/div>\n            <div class=\"card-event__location\">Warszawa<\/div>\n        <\/div>\n    <\/div>\n<\/div>                                    <\/div>\n                                                                    <div class=\"events-carousel-block__sliderItem swiper-slide\"\n                                        data-id=\"178059\"\n                                        data-name=\"Klasyka Rocka na 28. pi\u0119trze\"\n                                        data-brand=\"SVITLO CONCERT Sp. z o.o.\"\n                                        data-category=\"muzyka\"\n                                        data-subcategory=\"rock\"\n                                        data-city=\"Warszawa\"\n                                        data-venue=\"Sky Hall by Svitlo Concert\">\n                                        \n<div class=\"card-event  card-event--size-small\">\n        <a href=\"https:\/\/www.ebilet.pl\/muzyka\/rock\/klasyka-rocka-na-28-pietrze\" target=\"_blank\" class=\"card-event__link\" rel=\"nofollow noopener\"><\/a>\n        <div class=\"card-event__wrapper\">\n        <div class=\"card-event__image\">\n            <img decoding=\"async\" src=\"https:\/\/www.ebilet.pl\/media\/cms\/media\/scuda5xl\/656_369-klasyka-rocka-408dd696-350f-403f-b2fd-d1e7f35b2ed7.webp\" alt=\"\">\n        <\/div>\n        <div class=\"card-event__data\">\n            <div class=\"card-event__name\">\n                <p>Klasyka Rocka na 28. pi\u0119trze<\/p>\n            <\/div>\n            <div class=\"card-event__date\"><\/div>\n            <div class=\"card-event__location\">Warszawa<\/div>\n        <\/div>\n    <\/div>\n<\/div>                                    <\/div>\n                                                                    <div class=\"events-carousel-block__sliderItem swiper-slide\"\n                                        data-id=\"181566\"\n                                        data-name=\"Queen Classic Concert By Candle Glow\"\n                                        data-brand=\"Copernicus Sp\u00f3\u0142ka z o.o.\"\n                                        data-category=\"muzyka\"\n                                        data-subcategory=\"rock\"\n                                        data-city=\"Krak\u00f3w, Warszawa\"\n                                        data-venue=\"Klasztor O.O. Bernardyn\u00f3w\">\n                                        \n<div class=\"card-event  card-event--size-small\">\n        <a href=\"https:\/\/www.ebilet.pl\/muzyka\/rock\/royal-chopin-hall\" target=\"_blank\" class=\"card-event__link\" rel=\"nofollow noopener\"><\/a>\n        <div class=\"card-event__wrapper\">\n        <div class=\"card-event__image\">\n            <img decoding=\"async\" src=\"https:\/\/www.ebilet.pl\/media\/cms\/media\/kfpehtxm\/queen-classic-krak_w-656x369-px-by-candle-glow-0511fa8e-a43c-4965-b7c7-63e6ff92ab6f.webp\" alt=\"\">\n        <\/div>\n        <div class=\"card-event__data\">\n            <div class=\"card-event__name\">\n                <p>Queen Classic Concert By Candle Glow<\/p>\n            <\/div>\n            <div class=\"card-event__date\"><\/div>\n            <div class=\"card-event__location\">Krak\u00f3w, Warszawa<\/div>\n        <\/div>\n    <\/div>\n<\/div>                                    <\/div>\n                                                                    <div class=\"events-carousel-block__sliderItem swiper-slide\"\n                                        data-id=\"182461\"\n                                        data-name=\"&quot;M\u00f3wi\u0105 o mnie w mie\u015bcie...&quot; - Urodziny Ry\u015bka Riedla\"\n                                        data-brand=\"SWIK Nasze Miasto Wroc\u0142aw\"\n                                        data-category=\"muzyka\"\n                                        data-subcategory=\"rock\"\n                                        data-city=\"Wroc\u0142aw\"\n                                        data-venue=\"Stary Klasztor\">\n                                        \n<div class=\"card-event  card-event--size-small\">\n        <a href=\"https:\/\/www.ebilet.pl\/muzyka\/rock\/urodziny-ryska-riedla\" target=\"_blank\" class=\"card-event__link\" rel=\"nofollow noopener\"><\/a>\n        <div class=\"card-event__wrapper\">\n        <div class=\"card-event__image\">\n            <img decoding=\"async\" src=\"https:\/\/www.ebilet.pl\/media\/cms\/media\/mjpouooy\/wydarzenie-10-1-7795ae92-4e2b-40be-9c1a-9cfc7cafd7cc.webp\" alt=\"\">\n        <\/div>\n        <div class=\"card-event__data\">\n            <div class=\"card-event__name\">\n                <p>&#8220;M\u00f3wi\u0105 o mnie w mie\u015bcie&#8230;&#8221; &#8211; Urodziny Ry\u015bka Riedla<\/p>\n            <\/div>\n            <div class=\"card-event__date\"><\/div>\n            <div class=\"card-event__location\">Wroc\u0142aw<\/div>\n        <\/div>\n    <\/div>\n<\/div>                                    <\/div>\n                                                                    <div class=\"events-carousel-block__sliderItem swiper-slide\"\n                                        data-id=\"64455\"\n                                        data-name=\"Budka Suflera\"\n                                        data-brand=\"AGENCJA ARTYSTYCZNA BRUSSA ZUZANNA BRUSSA\"\n                                        data-category=\"muzyka\"\n                                        data-subcategory=\"rock\"\n                                        data-city=\"\u0141\u00f3d\u017a, Pozna\u0144, Szczecin\"\n                                        data-venue=\"Aula Uniwersytetu im. Adama Mickiewicza\">\n                                        \n<div class=\"card-event  card-event--size-small\">\n        <a href=\"https:\/\/www.ebilet.pl\/muzyka\/rock\/budka-suflera\" target=\"_blank\" class=\"card-event__link\" rel=\"nofollow noopener\"><\/a>\n        <div class=\"card-event__wrapper\">\n        <div class=\"card-event__image\">\n            <img decoding=\"async\" src=\"https:\/\/www.ebilet.pl\/media\/cms\/media\/lbzmf2jx\/656x369-46e5809c-22e7-49a3-95aa-5497108908a0.webp\" alt=\"\">\n        <\/div>\n        <div class=\"card-event__data\">\n            <div class=\"card-event__name\">\n                <p>Budka Suflera<\/p>\n            <\/div>\n            <div class=\"card-event__date\"><\/div>\n            <div class=\"card-event__location\">\u0141\u00f3d\u017a, Pozna\u0144, Szczecin<\/div>\n        <\/div>\n    <\/div>\n<\/div>                                    <\/div>\n                                                                    <div class=\"events-carousel-block__sliderItem swiper-slide\"\n                                        data-id=\"66419\"\n                                        data-name=\"Clan of Xymox\"\n                                        data-brand=\"SWIK Nasze Miasto Wroc\u0142aw\"\n                                        data-category=\"muzyka\"\n                                        data-subcategory=\"rock\"\n                                        data-city=\"Wroc\u0142aw\"\n                                        data-venue=\"Stary Klasztor\">\n                                        \n<div class=\"card-event  card-event--size-small\">\n        <a href=\"https:\/\/www.ebilet.pl\/muzyka\/rock\/clan-of-xymox\" target=\"_blank\" class=\"card-event__link\" rel=\"nofollow noopener\"><\/a>\n        <div class=\"card-event__wrapper\">\n        <div class=\"card-event__image\">\n            <img decoding=\"async\" src=\"https:\/\/www.ebilet.pl\/media\/cms\/media\/c3ymzgfg\/clan-of-xymox-zdj_cie-w-tle-do-1-4b849278-b861-443b-b16b-76714cdaeba0.webp\" alt=\"\">\n        <\/div>\n        <div class=\"card-event__data\">\n            <div class=\"card-event__name\">\n                <p>Clan of Xymox<\/p>\n            <\/div>\n            <div class=\"card-event__date\"><\/div>\n            <div class=\"card-event__location\">Wroc\u0142aw<\/div>\n        <\/div>\n    <\/div>\n<\/div>                                    <\/div>\n                                                                    <div class=\"events-carousel-block__sliderItem swiper-slide\"\n                                        data-id=\"183034\"\n                                        data-name=\"Koncert przy \u015bwiecach \u2013 Rockowe ballady\"\n                                        data-brand=\"Fundacja na Rzecz Pomocy Pestka\"\n                                        data-category=\"muzyka\"\n                                        data-subcategory=\"rock\"\n                                        data-city=\"Wroc\u0142aw\"\n                                        data-venue=\"Aula NOT\">\n                                        \n<div class=\"card-event  card-event--size-small\">\n        <a href=\"https:\/\/www.ebilet.pl\/muzyka\/rock\/rockowe-ballady\" target=\"_blank\" class=\"card-event__link\" rel=\"nofollow noopener\"><\/a>\n        <div class=\"card-event__wrapper\">\n        <div class=\"card-event__image\">\n            <img decoding=\"async\" src=\"https:\/\/www.ebilet.pl\/media\/cms\/media\/ax3arkia\/3_-rockowe-ballady-656-x-369-px-c34f0903-1ef9-41b6-8f7e-fda591d10720.webp\" alt=\"\">\n        <\/div>\n        <div class=\"card-event__data\">\n            <div class=\"card-event__name\">\n                <p>Koncert przy \u015bwiecach \u2013 Rockowe ballady<\/p>\n            <\/div>\n            <div class=\"card-event__date\"><\/div>\n            <div class=\"card-event__location\">Wroc\u0142aw<\/div>\n        <\/div>\n    <\/div>\n<\/div>                                    <\/div>\n                                                            <\/div>\n                        <\/div>\n                    <\/div>\n                    <div class=\"events-carousel-block__pagination\">\n                        <div class=\"swiper-pagination slider-pagination\" data-events-carousel-pagination><\/div>\n                    <\/div>\n                <\/div>\n            <\/div>\n        <\/div>\n    <\/section>\n\n\n\n<section class=\"text-block  section-margin-32\" >\n    <div class=\"container\">\n        <div class=\"row\">\n            <div class=\"col-24\">\n                <div class=\"text-block__content\"><p>C\u00f3\u017c, na ten moment <strong>Twenty One Pilots<\/strong> nie podzieli\u0142 si\u0119 konkretnymi informacjami na temat wydawnictwa &#8211; najprawdopodobniej premiera <strong>&#8220;Breach&#8221;<\/strong> odb\u0119dzie si\u0119 we wrze\u015bniu, jednak wstrzymano si\u0119 z wyznaczeniem konkretnej daty. Podobna tajemnica wisi nad list\u0105 utwor\u00f3w &#8211; nie ujawniono, ile piosenek przygotowa\u0142 zesp\u00f3\u0142 oraz jakie b\u0119d\u0105 ich tytu\u0142y. Aby nieco wyklarowa\u0107 atmosfer\u0119, duet zdecydowa\u0142 si\u0119 na opublikowanie pierwszego singla. <strong>&#8220;The Contract&#8221;<\/strong> doczeka\u0142 si\u0119 teledysku, kt\u00f3ry sta\u0142 si\u0119 polem do snucia teorii przez <strong>Clikkies<\/strong>. Klip rozpoczyna si\u0119 s\u0142owami<em> &#8220;Hello, Clancy&#8221;<\/em> i przenosi nas w tajemnicz\u0105, ciemn\u0105 krain\u0119, w kt\u00f3rej odznaczaj\u0105 si\u0119 czerwone akcenty. Sekcja komentarzy zawrza\u0142a z emocji, a jeden ze s\u0142uchaczy uzna\u0142, \u017ce najnowsza piosenka jest miksem wielu element\u00f3w z dorobku <strong>Twenty One Pilots<\/strong> &#8211; us\u0142ysza\u0142 nawi\u0105zania do<strong> &#8220;Vessel&#8221;, &#8220;Blurryface&#8221;, &#8220;Trench&#8221;<\/strong> czy<strong> &#8220;Clancy&#8221;.<\/strong> Co wi\u0119cej, fani prognozuj\u0105, \u017ce czeka nas najmroczniejszy rozdzia\u0142 w karierze zespo\u0142u.<\/p>\n<\/div>\n            <\/div>\n        <\/div>\n    <\/div>\n<\/section>\n\n\n<figure class=\"wp-block-embed is-type-video is-provider-youtube wp-block-embed-youtube wp-embed-aspect-16-9 wp-has-aspect-ratio\"><div class=\"wp-block-embed__wrapper\">\n<iframe loading=\"lazy\" title=\"Twenty One Pilots - The Contract (Official Video)\" width=\"500\" height=\"281\" src=\"https:\/\/www.youtube.com\/embed\/QZfH7cFp3Ys?feature=oembed\" frameborder=\"0\" allow=\"accelerometer; autoplay; clipboard-write; encrypted-media; gyroscope; picture-in-picture; web-share\" referrerpolicy=\"strict-origin-when-cross-origin\" allowfullscreen><\/iframe>\n<\/div><\/figure>\n\n\n<section class=\"gap-block  section-margin-32 section-margin-32\"><\/section>\n\n\n<section class=\"text-block  section-margin-32\" >\n    <div class=\"container\">\n        <div class=\"row\">\n            <div class=\"col-24\">\n                <div class=\"text-block__content\"><p><strong>Tyler Joseph i Josh Dun<\/strong> nieco zaspokoili ciekawo\u015b\u0107 s\u0142uchaczy, poniewa\u017c zdecydowali si\u0119 na udzielenie wywiadu dla New Music Daily (Apple Music). Wokalista opowiedzia\u0142, \u017ce pierwotnie ich planem by\u0142o, by opowie\u015b\u0107 toczona od<strong> &#8220;Blurryface&#8221;<\/strong> (2015) by\u0142a ostatecznie zwie\u0144czona cliffhangerem pojawiaj\u0105cym si\u0119 na<strong> &#8220;Clancy&#8221;<\/strong> (2024), jednak postanowili rozszerzy\u0107 t\u0119 histori\u0119. <strong>Tyler<\/strong> wskaza\u0142, \u017ce tytu\u0142 <strong>&#8220;Breach&#8221;<\/strong> poniek\u0105d odnosi si\u0119 do z\u0142amanej umowy, kt\u00f3r\u0105 z\u0142o\u017cyli fanom, by faktycznie zako\u0144czy\u0107 swoj\u0105 muzyczn\u0105 narracj\u0119 na zesz\u0142orocznej p\u0142ycie. Zagwarantowa\u0142, \u017ce nadchodz\u0105ce dzie\u0142o stanie si\u0119 definitywnym ko\u0144cem tej historii oraz swoistym podsumowaniem ostatniej dekady w szeregach <strong>Twenty One Pilots<\/strong>. Tw\u00f3rca zosta\u0142 zapytany o to, w jaki spos\u00f3b dosz\u0142o do tego, \u017ce zdecydowali si\u0119 na wydanie jeszcze jednego albumu. Odpowiedzia\u0142, \u017ce mieli sporo materia\u0142u, a zrobienie jakiejkolwiek wersji deluxe do wydawnictwa zburzy\u0142oby ca\u0142kowit\u0105 wizj\u0119 tego, co budowali przez lata.<\/p>\n<\/div>\n            <\/div>\n        <\/div>\n    <\/div>\n<\/section>\n\n\n<blockquote class=\"instagram-media\" data-instgrm-permalink=\"https:\/\/www.instagram.com\/reel\/DKzoFP2p-zF\/?utm_source=ig_embed&amp;utm_campaign=loading\" data-instgrm-version=\"14\" style=\" background:#FFF; border:0; border-radius:3px; box-shadow:0 0 1px 0 rgba(0,0,0,0.5),0 1px 10px 0 rgba(0,0,0,0.15); margin: 1px; max-width:540px; min-width:326px; padding:0; width:99.375%; width:-webkit-calc(100% - 2px); width:calc(100% - 2px);\"><div style=\"padding:16px;\"> <a href=\"https:\/\/www.instagram.com\/reel\/DKzoFP2p-zF\/?utm_source=ig_embed&amp;utm_campaign=loading\" style=\" background:#FFFFFF; line-height:0; padding:0 0; text-align:center; text-decoration:none; width:100%;\" target=\"_blank\" rel=\"noopener nofollow\"> <div style=\" display: flex; flex-direction: row; align-items: center;\"> <div style=\"background-color: #F4F4F4; border-radius: 50%; flex-grow: 0; height: 40px; margin-right: 14px; width: 40px;\"><\/div> <div style=\"display: flex; flex-direction: column; flex-grow: 1; justify-content: center;\"> <div style=\" background-color: #F4F4F4; border-radius: 4px; flex-grow: 0; height: 14px; margin-bottom: 6px; width: 100px;\"><\/div> <div style=\" background-color: #F4F4F4; border-radius: 4px; flex-grow: 0; height: 14px; width: 60px;\"><\/div><\/div><\/div><div style=\"padding: 19% 0;\"><\/div> <div style=\"display:block; height:50px; margin:0 auto 12px; width:50px;\"><svg width=\"50px\" height=\"50px\" viewBox=\"0 0 60 60\" version=\"1.1\" xmlns=\"https:\/\/www.w3.org\/2000\/svg\" xmlns:xlink=\"https:\/\/www.w3.org\/1999\/xlink\"><g stroke=\"none\" stroke-width=\"1\" fill=\"none\" fill-rule=\"evenodd\"><g transform=\"translate(-511.000000, -20.000000)\" fill=\"#000000\"><g><path d=\"M556.869,30.41 C554.814,30.41 553.148,32.076 553.148,34.131 C553.148,36.186 554.814,37.852 556.869,37.852 C558.924,37.852 560.59,36.186 560.59,34.131 C560.59,32.076 558.924,30.41 556.869,30.41 M541,60.657 C535.114,60.657 530.342,55.887 530.342,50 C530.342,44.114 535.114,39.342 541,39.342 C546.887,39.342 551.658,44.114 551.658,50 C551.658,55.887 546.887,60.657 541,60.657 M541,33.886 C532.1,33.886 524.886,41.1 524.886,50 C524.886,58.899 532.1,66.113 541,66.113 C549.9,66.113 557.115,58.899 557.115,50 C557.115,41.1 549.9,33.886 541,33.886 M565.378,62.101 C565.244,65.022 564.756,66.606 564.346,67.663 C563.803,69.06 563.154,70.057 562.106,71.106 C561.058,72.155 560.06,72.803 558.662,73.347 C557.607,73.757 556.021,74.244 553.102,74.378 C549.944,74.521 548.997,74.552 541,74.552 C533.003,74.552 532.056,74.521 528.898,74.378 C525.979,74.244 524.393,73.757 523.338,73.347 C521.94,72.803 520.942,72.155 519.894,71.106 C518.846,70.057 518.197,69.06 517.654,67.663 C517.244,66.606 516.755,65.022 516.623,62.101 C516.479,58.943 516.448,57.996 516.448,50 C516.448,42.003 516.479,41.056 516.623,37.899 C516.755,34.978 517.244,33.391 517.654,32.338 C518.197,30.938 518.846,29.942 519.894,28.894 C520.942,27.846 521.94,27.196 523.338,26.654 C524.393,26.244 525.979,25.756 528.898,25.623 C532.057,25.479 533.004,25.448 541,25.448 C548.997,25.448 549.943,25.479 553.102,25.623 C556.021,25.756 557.607,26.244 558.662,26.654 C560.06,27.196 561.058,27.846 562.106,28.894 C563.154,29.942 563.803,30.938 564.346,32.338 C564.756,33.391 565.244,34.978 565.378,37.899 C565.522,41.056 565.552,42.003 565.552,50 C565.552,57.996 565.522,58.943 565.378,62.101 M570.82,37.631 C570.674,34.438 570.167,32.258 569.425,30.349 C568.659,28.377 567.633,26.702 565.965,25.035 C564.297,23.368 562.623,22.342 560.652,21.575 C558.743,20.834 556.562,20.326 553.369,20.18 C550.169,20.033 549.148,20 541,20 C532.853,20 531.831,20.033 528.631,20.18 C525.438,20.326 523.257,20.834 521.349,21.575 C519.376,22.342 517.703,23.368 516.035,25.035 C514.368,26.702 513.342,28.377 512.574,30.349 C511.834,32.258 511.326,34.438 511.181,37.631 C511.035,40.831 511,41.851 511,50 C511,58.147 511.035,59.17 511.181,62.369 C511.326,65.562 511.834,67.743 512.574,69.651 C513.342,71.625 514.368,73.296 516.035,74.965 C517.703,76.634 519.376,77.658 521.349,78.425 C523.257,79.167 525.438,79.673 528.631,79.82 C531.831,79.965 532.853,80.001 541,80.001 C549.148,80.001 550.169,79.965 553.369,79.82 C556.562,79.673 558.743,79.167 560.652,78.425 C562.623,77.658 564.297,76.634 565.965,74.965 C567.633,73.296 568.659,71.625 569.425,69.651 C570.167,67.743 570.674,65.562 570.82,62.369 C570.966,59.17 571,58.147 571,50 C571,41.851 570.966,40.831 570.82,37.631\"><\/path><\/g><\/g><\/g><\/svg><\/div><div style=\"padding-top: 8px;\"> <div style=\" color:#3897f0; font-family:Arial,sans-serif; font-size:14px; font-style:normal; font-weight:550; line-height:18px;\">Wy\u015bwietl ten post na Instagramie<\/div><\/div><div style=\"padding: 12.5% 0;\"><\/div> <div style=\"display: flex; flex-direction: row; margin-bottom: 14px; align-items: center;\"><div> <div style=\"background-color: #F4F4F4; border-radius: 50%; height: 12.5px; width: 12.5px; transform: translateX(0px) translateY(7px);\"><\/div> <div style=\"background-color: #F4F4F4; height: 12.5px; transform: rotate(-45deg) translateX(3px) translateY(1px); width: 12.5px; flex-grow: 0; margin-right: 14px; margin-left: 2px;\"><\/div> <div style=\"background-color: #F4F4F4; border-radius: 50%; height: 12.5px; width: 12.5px; transform: translateX(9px) translateY(-18px);\"><\/div><\/div><div style=\"margin-left: 8px;\"> <div style=\" background-color: #F4F4F4; border-radius: 50%; flex-grow: 0; height: 20px; width: 20px;\"><\/div> <div style=\" width: 0; height: 0; border-top: 2px solid transparent; border-left: 6px solid #f4f4f4; border-bottom: 2px solid transparent; transform: translateX(16px) translateY(-4px) rotate(30deg)\"><\/div><\/div><div style=\"margin-left: auto;\"> <div style=\" width: 0px; border-top: 8px solid #F4F4F4; border-right: 8px solid transparent; transform: translateY(16px);\"><\/div> <div style=\" background-color: #F4F4F4; flex-grow: 0; height: 12px; width: 16px; transform: translateY(-4px);\"><\/div> <div style=\" width: 0; height: 0; border-top: 8px solid #F4F4F4; border-left: 8px solid transparent; transform: translateY(-4px) translateX(8px);\"><\/div><\/div><\/div> <div style=\"display: flex; flex-direction: column; flex-grow: 1; justify-content: center; margin-bottom: 24px;\"> <div style=\" background-color: #F4F4F4; border-radius: 4px; flex-grow: 0; height: 14px; margin-bottom: 6px; width: 224px;\"><\/div> <div style=\" background-color: #F4F4F4; border-radius: 4px; flex-grow: 0; height: 14px; width: 144px;\"><\/div><\/div><\/a><p style=\" color:#c9c8cd; font-family:Arial,sans-serif; font-size:14px; line-height:17px; margin-bottom:0; margin-top:8px; overflow:hidden; padding:8px 0 7px; text-align:center; text-overflow:ellipsis; white-space:nowrap;\"><a href=\"https:\/\/www.instagram.com\/reel\/DKzoFP2p-zF\/?utm_source=ig_embed&amp;utm_campaign=loading\" style=\" color:#c9c8cd; font-family:Arial,sans-serif; font-size:14px; font-style:normal; font-weight:normal; line-height:17px; text-decoration:none;\" target=\"_blank\" rel=\"noopener nofollow\">Post udost\u0119pniony przez Apple Music (@applemusic)<\/a><\/p><\/div><\/blockquote>\n<script async src=\"\/\/www.instagram.com\/embed.js\"><\/script>\n\n\n\n<section  class=\"article-bullet-list  section-margin-32\">\n    <div class=\"container\">\n        <div class=\"row\">\n            <div class=\"col-24\">\n                                <div class=\"article-bullet-list__title\">\n                    <p class=\"typo-18\">Przeczytaj te\u017c:<\/p>\n                <\/div>\n                                <div class=\"article-bullet-list text-block\">\n                    <div class=\"text-block__content\">\n                        <ul>\n                                                        <li>\n                                <a href=\"https:\/\/www.ebilet.pl\/now\/to-nie-jest-faza-mamo-clikkies-czy-fani-twenty-one-pilots-to-kultysci\/\">\n                                    <span>To nie jest faza, mamo. Clikkies &#8211; czy fani Twenty One Pilots to kulty\u015bci?<\/span>\n                                <\/a>\n                            <\/li>\n                                                        <li>\n                                <a href=\"https:\/\/www.ebilet.pl\/now\/twenty-one-pilots-premiera-clancy-coraz-blizej-co-wiemy-o-plycie\/\">\n                                    <span>Twenty One Pilots: premiera &#8220;Clancy&#8221; coraz bli\u017cej. Co wiemy o p\u0142ycie?<\/span>\n                                <\/a>\n                            <\/li>\n                                                        <li>\n                                <a href=\"https:\/\/www.ebilet.pl\/now\/twenty-one-pilots-przygotowal-niespodzianke-dla-polskich-fanow\/\">\n                                    <span>Twenty One Pilots przygotowa\u0142 niespodziank\u0119 dla polskich fan\u00f3w!\u00a0<\/span>\n                                <\/a>\n                            <\/li>\n                                                    <\/ul>\n                    <\/div>\n                <\/div>\n            <\/div>\n        <\/div>\n    <\/div>\n<\/section>\n\n\n<section class=\"events-slider-block  section-margin-32\" data-events-slider-block data-carousel-title=\"Gor\u0105ce wydarzenia\" data-carousel-type=\"karuzela_z_t\u0142em\" data-item-list-name=\"Karuzela z t\u0142em Gor\u0105ce wydarzenia\" data-item-list-id=\"karuzela_z_t\u0142em Gor\u0105ce wydarzenia\" >\n    <div class=\"container\">\n        <div class=\"row\">\n            <div class=\"col-24\">\n                <div class=\"events-slider-block__wrapper\">\n                                            <div class=\"events-slider-block__bg\"><img loading=\"lazy\" decoding=\"async\" width=\"1920\" height=\"1080\" src=\"https:\/\/www.ebilet.pl\/now\/app\/uploads\/2024\/04\/koncert_1.jpg\" class=\"attachment-full size-full\" alt=\"\" srcset=\"https:\/\/www.ebilet.pl\/now\/app\/uploads\/2024\/04\/koncert_1.jpg 1920w, https:\/\/www.ebilet.pl\/now\/app\/uploads\/2024\/04\/koncert_1-1024x576.jpg 1024w, https:\/\/www.ebilet.pl\/now\/app\/uploads\/2024\/04\/koncert_1-1536x864.jpg 1536w, https:\/\/www.ebilet.pl\/now\/app\/uploads\/2024\/04\/koncert_1-1280x720.jpg 1280w, https:\/\/www.ebilet.pl\/now\/app\/uploads\/2024\/04\/koncert_1-500x281.jpg 500w, https:\/\/www.ebilet.pl\/now\/app\/uploads\/2024\/04\/koncert_1-632x356.jpg 632w, https:\/\/www.ebilet.pl\/now\/app\/uploads\/2024\/04\/koncert_1-308x174.jpg 308w\" sizes=\"auto, (max-width: 1920px) 100vw, 1920px\" \/><\/div>\n                                                                <div class=\"events-slider-block__top\">\n                                                            <div class=\"events-slider-block__title desktop\">\n                                    <h2 class=\"typo-h2\">Gor\u0105ce wydarzenia<\/h2>\n                                <\/div>\n                                                                                        <div class=\"events-slider-block__title mobile\">\n                                    <h2 class=\"typo-h2\">Gor\u0105ce wydarzenia<\/h2>\n                                <\/div>\n                                                    <\/div>\n                                                            <div class=\"events-slider-block__main\">\n                        <div class=\"events-slider-block__nav events-slider-block__nav--prev\">\n                            <div class=\"button button--withIcon button--theme-white-blur button--size-fixed-48\" data-events-prev>\n                                <span class=\"button__icon icon icon-chevron-left\"><\/span>\n                            <\/div>\n                        <\/div>\n                        <div class=\"events-slider-block__nav events-slider-block__nav--next\">\n                            <div class=\"button button--withIcon button--theme-white-blur button--size-fixed-48\" data-events-next>\n                                <span class=\"button__icon icon icon-chevron-right\"><\/span>\n                            <\/div>\n                        <\/div>\n                        <div class=\"events-slider-block__slider\">\n                            <div class=\"swiper\" data-events-slider>\n                                <div class=\"events-slider-block__sliderWrapper swiper-wrapper\">\n                                                                    <div class=\"events-slider-block__sliderItem swiper-slide\">\n                                    \n<div class=\"card-event  card-event--size-small\">\n        <a href=\"https:\/\/www.ebilet.pl\/muzyka\/rock\/fontaines-dc\" target=\"_blank\" class=\"card-event__link\" rel=\"nofollow noopener\"><\/a>\n        <div class=\"card-event__wrapper\">\n        <div class=\"card-event__image\">\n            <img decoding=\"async\" src=\"https:\/\/www.ebilet.pl\/media\/cms\/media\/ovge4bna\/fontaines_dc_portal_552x736.webp\" alt=\"\">\n        <\/div>\n        <div class=\"card-event__data\">\n            <div class=\"card-event__name\">\n                <p>Fontaines D.C. EU TOUR 2026<\/p>\n            <\/div>\n            <div class=\"card-event__date\">31.10.2026-31.10.2026<\/div>\n            <div class=\"card-event__location\">\u0141\u00f3d\u017a<\/div>\n        <\/div>\n    <\/div>\n<\/div>                                    <\/div>\n                                                                    <div class=\"events-slider-block__sliderItem swiper-slide\">\n                                    \n<div class=\"card-event  card-event--size-small\">\n        <a href=\"https:\/\/www.ebilet.pl\/muzyka\/pop\/tokio-hotel\" target=\"_blank\" class=\"card-event__link\" rel=\"nofollow noopener\"><\/a>\n        <div class=\"card-event__wrapper\">\n        <div class=\"card-event__image\">\n            <img decoding=\"async\" src=\"https:\/\/www.ebilet.pl\/media\/cms\/media\/i02j3uly\/tokio-hotel-552.webp\" alt=\"\">\n        <\/div>\n        <div class=\"card-event__data\">\n            <div class=\"card-event__name\">\n                <p>Tokio Hotel<\/p>\n            <\/div>\n            <div class=\"card-event__date\">19.08.2027-19.08.2027<\/div>\n            <div class=\"card-event__location\">Warszawa<\/div>\n        <\/div>\n    <\/div>\n<\/div>                                    <\/div>\n                                                                    <div class=\"events-slider-block__sliderItem swiper-slide\">\n                                    \n<div class=\"card-event  card-event--size-small\">\n        <a href=\"https:\/\/www.ebilet.pl\/muzyka\/festiwale\/opener-festival\" target=\"_blank\" class=\"card-event__link\" rel=\"nofollow noopener\"><\/a>\n        <div class=\"card-event__wrapper\">\n        <div class=\"card-event__image\">\n            <img decoding=\"async\" src=\"https:\/\/www.ebilet.pl\/media\/cms\/media\/qkso1del\/opene_2027_tameimpala_552x736_ebilet-1d7aa61e-0a2a-4f3b-b538-d84518354aa2.webp\" alt=\"\">\n        <\/div>\n        <div class=\"card-event__data\">\n            <div class=\"card-event__name\">\n                <p>Open&#8217;er Festival 2027<\/p>\n            <\/div>\n            <div class=\"card-event__date\">30.06.2027-30.06.2027<\/div>\n            <div class=\"card-event__location\">Gdynia<\/div>\n        <\/div>\n    <\/div>\n<\/div>                                    <\/div>\n                                                                    <div class=\"events-slider-block__sliderItem swiper-slide\">\n                                    \n<div class=\"card-event  card-event--size-small\">\n        <a href=\"https:\/\/www.ebilet.pl\/muzyka\/rock\/russell-crowe\" target=\"_blank\" class=\"card-event__link\" rel=\"nofollow noopener\"><\/a>\n        <div class=\"card-event__wrapper\">\n        <div class=\"card-event__image\">\n            <img decoding=\"async\" src=\"https:\/\/www.ebilet.pl\/media\/cms\/media\/dajolyng\/rusel_pion-738c048c-2504-4de3-a226-d83518cf8463.webp\" alt=\"\">\n        <\/div>\n        <div class=\"card-event__data\">\n            <div class=\"card-event__name\">\n                <p>Russell Crowe\u2019s Indoor Garden Party<\/p>\n            <\/div>\n            <div class=\"card-event__date\">05.06.2027-05.06.2027<\/div>\n            <div class=\"card-event__location\">\u0106miel\u00f3w<\/div>\n        <\/div>\n    <\/div>\n<\/div>                                    <\/div>\n                                                                    <div class=\"events-slider-block__sliderItem swiper-slide\">\n                                    \n<div class=\"card-event  card-event--size-small\">\n        <a href=\"https:\/\/www.ebilet.pl\/muzyka\/festiwale\/olsztyn-green-festival\" target=\"_blank\" class=\"card-event__link\" rel=\"nofollow noopener\"><\/a>\n        <div class=\"card-event__wrapper\">\n        <div class=\"card-event__image\">\n            <img decoding=\"async\" src=\"https:\/\/www.ebilet.pl\/media\/cms\/media\/ivzhtv3z\/1080x1350_ogf_edycja_2027-18faf89b-3a6e-4aa9-b07b-593f24448a27.webp\" alt=\"\">\n        <\/div>\n        <div class=\"card-event__data\">\n            <div class=\"card-event__name\">\n                <p>Olsztyn Green Festival 2027<\/p>\n            <\/div>\n            <div class=\"card-event__date\">13.08.2027-13.08.2027<\/div>\n            <div class=\"card-event__location\">Olsztyn<\/div>\n        <\/div>\n    <\/div>\n<\/div>                                    <\/div>\n                                                                    <div class=\"events-slider-block__sliderItem swiper-slide\">\n                                    \n<div class=\"card-event  card-event--size-small\">\n        <a href=\"https:\/\/www.ebilet.pl\/sport\/sporty-druzynowe\/koszykowka-mecz\" target=\"_blank\" class=\"card-event__link\" rel=\"nofollow noopener\"><\/a>\n        <div class=\"card-event__wrapper\">\n        <div class=\"card-event__image\">\n            <img decoding=\"async\" src=\"https:\/\/www.ebilet.pl\/media\/cms\/media\/hoxono4g\/podstawowe_portal-98225706-f40f-4253-9b63-9f6c375fb13f.webp\" alt=\"\">\n        <\/div>\n        <div class=\"card-event__data\">\n            <div class=\"card-event__name\">\n                <p>Kwalifikacje do Mistrzostw \u015awiata w koszyk\u00f3wce m\u0119\u017cczyzn 2027: Polska \u2013 Chorwacja<\/p>\n            <\/div>\n            <div class=\"card-event__date\">27.11.2026-27.11.2026<\/div>\n            <div class=\"card-event__location\">Gliwice<\/div>\n        <\/div>\n    <\/div>\n<\/div>                                    <\/div>\n                                                                    <div class=\"events-slider-block__sliderItem swiper-slide\">\n                                    \n<div class=\"card-event  card-event--size-small\">\n        <a href=\"https:\/\/www.ebilet.pl\/muzyka\/hip-hop-rap\/gombao33\" target=\"_blank\" class=\"card-event__link\" rel=\"nofollow noopener\"><\/a>\n        <div class=\"card-event__wrapper\">\n        <div class=\"card-event__image\">\n            <img decoding=\"async\" src=\"https:\/\/www.ebilet.pl\/media\/cms\/media\/ctcikvkb\/gombao_bez_napisu-2ebe28b7-760a-4987-8d6c-0cb2fe6f2203.webp\" alt=\"\">\n        <\/div>\n        <div class=\"card-event__data\">\n            <div class=\"card-event__name\">\n                <p>G33 Tour &#8211; Tadeo x Szczepan x Wygu\u015b x Mata<\/p>\n            <\/div>\n            <div class=\"card-event__date\">12.09.2026-12.09.2026<\/div>\n            <div class=\"card-event__location\">Bydgoszcz, Gwi\u017adziny, Kra\u015bnik i inne<\/div>\n        <\/div>\n    <\/div>\n<\/div>                                    <\/div>\n                                                                    <div class=\"events-slider-block__sliderItem swiper-slide\">\n                                    \n<div class=\"card-event  card-event--size-small\">\n        <a href=\"https:\/\/www.ebilet.pl\/muzyka\/festiwale\/up-to-date-festival\" target=\"_blank\" class=\"card-event__link\" rel=\"nofollow noopener\"><\/a>\n        <div class=\"card-event__wrapper\">\n        <div class=\"card-event__image\">\n            <img decoding=\"async\" src=\"https:\/\/www.ebilet.pl\/media\/cms\/media\/jfdlnoqn\/ebilet-552x736-portal-wersja-2-c38ddeaf-bf05-4f54-9e4d-377e6b572335.webp\" alt=\"\">\n        <\/div>\n        <div class=\"card-event__data\">\n            <div class=\"card-event__name\">\n                <p>Up To Date Festival 2027<\/p>\n            <\/div>\n            <div class=\"card-event__date\">27.05.2027-27.05.2027<\/div>\n            <div class=\"card-event__location\">Bia\u0142ystok<\/div>\n        <\/div>\n    <\/div>\n<\/div>                                    <\/div>\n                                                                    <div class=\"events-slider-block__sliderItem swiper-slide\">\n                                    \n<div class=\"card-event  card-event--size-small\">\n        <a href=\"https:\/\/www.ebilet.pl\/muzyka\/hip-hop-rap\/otsochodzi\" target=\"_blank\" class=\"card-event__link\" rel=\"nofollow noopener\"><\/a>\n        <div class=\"card-event__wrapper\">\n        <div class=\"card-event__image\">\n            <img decoding=\"async\" src=\"https:\/\/www.ebilet.pl\/media\/cms\/media\/ucuizr2w\/tt-552-x-736-kopia.webp\" alt=\"\">\n        <\/div>\n        <div class=\"card-event__data\">\n            <div class=\"card-event__name\">\n                <p>Otsochodzi &#8211; RIOTT<\/p>\n            <\/div>\n            <div class=\"card-event__date\">01.10.2026-01.10.2026<\/div>\n            <div class=\"card-event__location\">Gda\u0144sk, Krak\u00f3w, Pozna\u0144 i inne<\/div>\n        <\/div>\n    <\/div>\n<\/div>                                    <\/div>\n                                                                    <div class=\"events-slider-block__sliderItem swiper-slide\">\n                                    \n<div class=\"card-event  card-event--size-small\">\n        <a href=\"https:\/\/www.ebilet.pl\/muzyka\/pop\/take-that\" target=\"_blank\" class=\"card-event__link\" rel=\"nofollow noopener\"><\/a>\n        <div class=\"card-event__wrapper\">\n        <div class=\"card-event__image\">\n            <img decoding=\"async\" src=\"https:\/\/www.ebilet.pl\/media\/cms\/media\/eiqdozli\/ebilet-552x736-take-that.webp\" alt=\"\">\n        <\/div>\n        <div class=\"card-event__data\">\n            <div class=\"card-event__name\">\n                <p>Take That<\/p>\n            <\/div>\n            <div class=\"card-event__date\">13.06.2027-13.06.2027<\/div>\n            <div class=\"card-event__location\">Warszawa<\/div>\n        <\/div>\n    <\/div>\n<\/div>                                    <\/div>\n                                                                    <div class=\"events-slider-block__sliderItem swiper-slide\">\n                                    \n<div class=\"card-event  card-event--size-small\">\n        <a href=\"https:\/\/www.ebilet.pl\/muzyka\/pop\/pitbull\" target=\"_blank\" class=\"card-event__link\" rel=\"nofollow noopener\"><\/a>\n        <div class=\"card-event__wrapper\">\n        <div class=\"card-event__image\">\n            <img decoding=\"async\" src=\"https:\/\/www.ebilet.pl\/media\/cms\/media\/5lzfwzwf\/pitbull_552x736-51986cca-48f5-4419-a9c5-cba531ed65a3.webp\" alt=\"\">\n        <\/div>\n        <div class=\"card-event__data\">\n            <div class=\"card-event__name\">\n                <p>Pitbull &#8211; I&#8217;m Back!<\/p>\n            <\/div>\n            <div class=\"card-event__date\">27.11.2026-27.11.2026<\/div>\n            <div class=\"card-event__location\">Gda\u0144sk\/Sopot, \u0141\u00f3d\u017a<\/div>\n        <\/div>\n    <\/div>\n<\/div>                                    <\/div>\n                                                                    <div class=\"events-slider-block__sliderItem swiper-slide\">\n                                    \n<div class=\"card-event  card-event--size-small\">\n        <a href=\"https:\/\/www.ebilet.pl\/sport\/sporty-walki\/ksw-gala\" target=\"_blank\" class=\"card-event__link\" rel=\"nofollow noopener\"><\/a>\n        <div class=\"card-event__wrapper\">\n        <div class=\"card-event__image\">\n            <img decoding=\"async\" src=\"https:\/\/www.ebilet.pl\/media\/cms\/media\/cz4hwoy5\/ksw122_552x736-kopia-2bfd4e82-ebbc-475a-901b-7cd82d226339.webp\" alt=\"\">\n        <\/div>\n        <div class=\"card-event__data\">\n            <div class=\"card-event__name\">\n                <p>XTB KSW 122<\/p>\n            <\/div>\n            <div class=\"card-event__date\">10.10.2026-10.10.2026<\/div>\n            <div class=\"card-event__location\">Rzesz\u00f3w<\/div>\n        <\/div>\n    <\/div>\n<\/div>                                    <\/div>\n                                                                    <div class=\"events-slider-block__sliderItem swiper-slide\">\n                                    \n<div class=\"card-event  card-event--size-small\">\n        <a href=\"https:\/\/www.ebilet.pl\/biznes\/wystawa\/van-gogh\" target=\"_blank\" class=\"card-event__link\" rel=\"nofollow noopener\"><\/a>\n        <div class=\"card-event__wrapper\">\n        <div class=\"card-event__image\">\n            <img decoding=\"async\" src=\"https:\/\/www.ebilet.pl\/media\/cms\/media\/rx0pgtm4\/nowa-ebilet-_vg-__-lublin_-552-736-5ddf74a4-5cec-41cd-9f00-a4baa0f7a221.webp\" alt=\"\">\n        <\/div>\n        <div class=\"card-event__data\">\n            <div class=\"card-event__name\">\n                <p>VAN GOGH \u2013 Wystawa Immersyjna &#8211; Lublin<\/p>\n            <\/div>\n            <div class=\"card-event__date\">15.09.2026-15.09.2026<\/div>\n            <div class=\"card-event__location\">Lublin<\/div>\n        <\/div>\n    <\/div>\n<\/div>                                    <\/div>\n                                                                    <div class=\"events-slider-block__sliderItem swiper-slide\">\n                                    \n<div class=\"card-event  card-event--size-small\">\n        <a href=\"https:\/\/www.ebilet.pl\/muzyka\/piosenka\/koncert-koled-i-pastoralek-golec-uorkiestra\" target=\"_blank\" class=\"card-event__link\" rel=\"nofollow noopener\"><\/a>\n        <div class=\"card-event__wrapper\">\n        <div class=\"card-event__image\">\n            <img decoding=\"async\" src=\"https:\/\/www.ebilet.pl\/media\/cms\/media\/sqlacf5s\/golec_552x736_ebilet-c90c1dab-7443-46cc-b6f7-252554a5cab4.webp\" alt=\"\">\n        <\/div>\n        <div class=\"card-event__data\">\n            <div class=\"card-event__name\">\n                <p>Golec uOrkiestra &#8211; Koncert Kol\u0119d i Pastora\u0142ek<\/p>\n            <\/div>\n            <div class=\"card-event__date\">18.12.2026-18.12.2026<\/div>\n            <div class=\"card-event__location\">Bielsko-Bia\u0142a, Bydgoszcz, Gda\u0144sk i inne<\/div>\n        <\/div>\n    <\/div>\n<\/div>                                    <\/div>\n                                                                    <div class=\"events-slider-block__sliderItem swiper-slide\">\n                                    \n<div class=\"card-event  card-event--size-small\">\n        <a href=\"https:\/\/www.ebilet.pl\/sport\/lekkoatletyka\/memorial-kamili-skolimowskiej\" target=\"_blank\" class=\"card-event__link\" rel=\"nofollow noopener\"><\/a>\n        <div class=\"card-event__wrapper\">\n        <div class=\"card-event__image\">\n            <img decoding=\"async\" src=\"https:\/\/www.ebilet.pl\/media\/cms\/media\/ebddns15\/552x736-78da7a2f-a7cf-4711-af9b-beba90926c7e.webp\" alt=\"\">\n        <\/div>\n        <div class=\"card-event__data\">\n            <div class=\"card-event__name\">\n                <p>Silesia Memoria\u0142 Kamili Skolimowskiej<\/p>\n            <\/div>\n            <div class=\"card-event__date\">15.08.2027-15.08.2027<\/div>\n            <div class=\"card-event__location\">Chorz\u00f3w<\/div>\n        <\/div>\n    <\/div>\n<\/div>                                    <\/div>\n                                                                    <div class=\"events-slider-block__sliderItem swiper-slide\">\n                                    \n<div class=\"card-event  card-event--size-small\">\n        <a href=\"https:\/\/www.ebilet.pl\/muzyka\/rock\/getdown-services\" target=\"_blank\" class=\"card-event__link\" rel=\"nofollow noopener\"><\/a>\n        <div class=\"card-event__wrapper\">\n        <div class=\"card-event__image\">\n            <img decoding=\"async\" src=\"https:\/\/www.ebilet.pl\/media\/cms\/media\/epsfunxf\/ebilet-552x736-getdown-services-combo.webp\" alt=\"\">\n        <\/div>\n        <div class=\"card-event__data\">\n            <div class=\"card-event__name\">\n                <p>Getdown Services<\/p>\n            <\/div>\n            <div class=\"card-event__date\">15.03.2027-15.03.2027<\/div>\n            <div class=\"card-event__location\">Krak\u00f3w, Warszawa<\/div>\n        <\/div>\n    <\/div>\n<\/div>                                    <\/div>\n                                                                <\/div>\n                            <\/div>\n                        <\/div>\n                        <div class=\"events-slider-block__events swiper\" data-events-events-descriptions>\n                            <div class=\"events-slider-block__eventsWrapper swiper-wrapper\">\n                                                            <div class=\"events-slider-block__eventsItem swiper-slide\">\n                                    <a href=\"https:\/\/www.ebilet.pl\/muzyka\/rock\/fontaines-dc\" target=\"_blank\" class=\"events-slider-block__eventsName\">\n                                        <p>Fontaines D.C. EU TOUR 2026<\/p>\n                                    <\/a>\n                                    <div class=\"events-slider-block__eventsDate\">\n                                        31.10.2026-31.10.2026                                    <\/div>\n                                    <div class=\"events-slider-block__eventsLocation\">\u0141\u00f3d\u017a<\/div>\n                                <\/div>\n                                                            <div class=\"events-slider-block__eventsItem swiper-slide\">\n                                    <a href=\"https:\/\/www.ebilet.pl\/muzyka\/pop\/tokio-hotel\" target=\"_blank\" class=\"events-slider-block__eventsName\">\n                                        <p>Tokio Hotel<\/p>\n                                    <\/a>\n                                    <div class=\"events-slider-block__eventsDate\">\n                                        19.08.2027-19.08.2027                                    <\/div>\n                                    <div class=\"events-slider-block__eventsLocation\">Warszawa<\/div>\n                                <\/div>\n                                                            <div class=\"events-slider-block__eventsItem swiper-slide\">\n                                    <a href=\"https:\/\/www.ebilet.pl\/muzyka\/festiwale\/opener-festival\" target=\"_blank\" class=\"events-slider-block__eventsName\">\n                                        <p>Open&#039;er Festival 2027<\/p>\n                                    <\/a>\n                                    <div class=\"events-slider-block__eventsDate\">\n                                        30.06.2027-03.07.2027                                    <\/div>\n                                    <div class=\"events-slider-block__eventsLocation\">Gdynia<\/div>\n                                <\/div>\n                                                            <div class=\"events-slider-block__eventsItem swiper-slide\">\n                                    <a href=\"https:\/\/www.ebilet.pl\/muzyka\/rock\/russell-crowe\" target=\"_blank\" class=\"events-slider-block__eventsName\">\n                                        <p>Russell Crowe\u2019s Indoor Garden Party<\/p>\n                                    <\/a>\n                                    <div class=\"events-slider-block__eventsDate\">\n                                        05.06.2027-05.06.2027                                    <\/div>\n                                    <div class=\"events-slider-block__eventsLocation\">\u0106miel\u00f3w<\/div>\n                                <\/div>\n                                                            <div class=\"events-slider-block__eventsItem swiper-slide\">\n                                    <a href=\"https:\/\/www.ebilet.pl\/muzyka\/festiwale\/olsztyn-green-festival\" target=\"_blank\" class=\"events-slider-block__eventsName\">\n                                        <p>Olsztyn Green Festival 2027<\/p>\n                                    <\/a>\n                                    <div class=\"events-slider-block__eventsDate\">\n                                        13.08.2027-13.08.2027                                    <\/div>\n                                    <div class=\"events-slider-block__eventsLocation\">Olsztyn<\/div>\n                                <\/div>\n                                                            <div class=\"events-slider-block__eventsItem swiper-slide\">\n                                    <a href=\"https:\/\/www.ebilet.pl\/sport\/sporty-druzynowe\/koszykowka-mecz\" target=\"_blank\" class=\"events-slider-block__eventsName\">\n                                        <p>Kwalifikacje do Mistrzostw \u015awiata w koszyk\u00f3wce m\u0119\u017cczyzn 2027: Polska \u2013 Chorwacja<\/p>\n                                    <\/a>\n                                    <div class=\"events-slider-block__eventsDate\">\n                                        27.11.2026-27.11.2026                                    <\/div>\n                                    <div class=\"events-slider-block__eventsLocation\">Gliwice<\/div>\n                                <\/div>\n                                                            <div class=\"events-slider-block__eventsItem swiper-slide\">\n                                    <a href=\"https:\/\/www.ebilet.pl\/muzyka\/hip-hop-rap\/gombao33\" target=\"_blank\" class=\"events-slider-block__eventsName\">\n                                        <p>G33 Tour &#8211; Tadeo x Szczepan x Wygu\u015b x Mata<\/p>\n                                    <\/a>\n                                    <div class=\"events-slider-block__eventsDate\">\n                                        12.09.2026-04.10.2026                                    <\/div>\n                                    <div class=\"events-slider-block__eventsLocation\">Bydgoszcz, Gwi\u017adziny, Kra\u015bnik i inne<\/div>\n                                <\/div>\n                                                            <div class=\"events-slider-block__eventsItem swiper-slide\">\n                                    <a href=\"https:\/\/www.ebilet.pl\/muzyka\/festiwale\/up-to-date-festival\" target=\"_blank\" class=\"events-slider-block__eventsName\">\n                                        <p>Up To Date Festival 2027<\/p>\n                                    <\/a>\n                                    <div class=\"events-slider-block__eventsDate\">\n                                        27.05.2027-28.05.2027                                    <\/div>\n                                    <div class=\"events-slider-block__eventsLocation\">Bia\u0142ystok<\/div>\n                                <\/div>\n                                                            <div class=\"events-slider-block__eventsItem swiper-slide\">\n                                    <a href=\"https:\/\/www.ebilet.pl\/muzyka\/hip-hop-rap\/otsochodzi\" target=\"_blank\" class=\"events-slider-block__eventsName\">\n                                        <p>Otsochodzi &#8211; RIOTT<\/p>\n                                    <\/a>\n                                    <div class=\"events-slider-block__eventsDate\">\n                                        01.10.2026-03.12.2026                                    <\/div>\n                                    <div class=\"events-slider-block__eventsLocation\">Gda\u0144sk, Krak\u00f3w, Pozna\u0144 i inne<\/div>\n                                <\/div>\n                                                            <div class=\"events-slider-block__eventsItem swiper-slide\">\n                                    <a href=\"https:\/\/www.ebilet.pl\/muzyka\/pop\/take-that\" target=\"_blank\" class=\"events-slider-block__eventsName\">\n                                        <p>Take That<\/p>\n                                    <\/a>\n                                    <div class=\"events-slider-block__eventsDate\">\n                                        13.06.2027-13.06.2027                                    <\/div>\n                                    <div class=\"events-slider-block__eventsLocation\">Warszawa<\/div>\n                                <\/div>\n                                                            <div class=\"events-slider-block__eventsItem swiper-slide\">\n                                    <a href=\"https:\/\/www.ebilet.pl\/muzyka\/pop\/pitbull\" target=\"_blank\" class=\"events-slider-block__eventsName\">\n                                        <p>Pitbull &#8211; I&#039;m Back!<\/p>\n                                    <\/a>\n                                    <div class=\"events-slider-block__eventsDate\">\n                                        27.11.2026-03.12.2026                                    <\/div>\n                                    <div class=\"events-slider-block__eventsLocation\">Gda\u0144sk\/Sopot, \u0141\u00f3d\u017a<\/div>\n                                <\/div>\n                                                            <div class=\"events-slider-block__eventsItem swiper-slide\">\n                                    <a href=\"https:\/\/www.ebilet.pl\/sport\/sporty-walki\/ksw-gala\" target=\"_blank\" class=\"events-slider-block__eventsName\">\n                                        <p>XTB KSW 122<\/p>\n                                    <\/a>\n                                    <div class=\"events-slider-block__eventsDate\">\n                                        10.10.2026-10.10.2026                                    <\/div>\n                                    <div class=\"events-slider-block__eventsLocation\">Rzesz\u00f3w<\/div>\n                                <\/div>\n                                                            <div class=\"events-slider-block__eventsItem swiper-slide\">\n                                    <a href=\"https:\/\/www.ebilet.pl\/biznes\/wystawa\/van-gogh\" target=\"_blank\" class=\"events-slider-block__eventsName\">\n                                        <p>VAN GOGH \u2013 Wystawa Immersyjna &#8211; Lublin<\/p>\n                                    <\/a>\n                                    <div class=\"events-slider-block__eventsDate\">\n                                        15.09.2026-31.12.2026                                    <\/div>\n                                    <div class=\"events-slider-block__eventsLocation\">Lublin<\/div>\n                                <\/div>\n                                                            <div class=\"events-slider-block__eventsItem swiper-slide\">\n                                    <a href=\"https:\/\/www.ebilet.pl\/muzyka\/piosenka\/koncert-koled-i-pastoralek-golec-uorkiestra\" target=\"_blank\" class=\"events-slider-block__eventsName\">\n                                        <p>Golec uOrkiestra &#8211; Koncert Kol\u0119d i Pastora\u0142ek<\/p>\n                                    <\/a>\n                                    <div class=\"events-slider-block__eventsDate\">\n                                        18.12.2026-17.01.2027                                    <\/div>\n                                    <div class=\"events-slider-block__eventsLocation\">Bielsko-Bia\u0142a, Bydgoszcz, Gda\u0144sk i inne<\/div>\n                                <\/div>\n                                                            <div class=\"events-slider-block__eventsItem swiper-slide\">\n                                    <a href=\"https:\/\/www.ebilet.pl\/sport\/lekkoatletyka\/memorial-kamili-skolimowskiej\" target=\"_blank\" class=\"events-slider-block__eventsName\">\n                                        <p>Silesia Memoria\u0142 Kamili Skolimowskiej<\/p>\n                                    <\/a>\n                                    <div class=\"events-slider-block__eventsDate\">\n                                        15.08.2027-15.08.2027                                    <\/div>\n                                    <div class=\"events-slider-block__eventsLocation\">Chorz\u00f3w<\/div>\n                                <\/div>\n                                                            <div class=\"events-slider-block__eventsItem swiper-slide\">\n                                    <a href=\"https:\/\/www.ebilet.pl\/muzyka\/rock\/getdown-services\" target=\"_blank\" class=\"events-slider-block__eventsName\">\n                                        <p>Getdown Services<\/p>\n                                    <\/a>\n                                    <div class=\"events-slider-block__eventsDate\">\n                                        15.03.2027-16.03.2027                                    <\/div>\n                                    <div class=\"events-slider-block__eventsLocation\">Krak\u00f3w, Warszawa<\/div>\n                                <\/div>\n                                                        <\/div>\n                        <\/div>\n                        <div class=\"events-slider-block__pagination\">\n                            <div class=\"swiper-pagination slider-pagination slider-pagination--theme-white\" data-events-slider-pagination><\/div>\n                        <\/div>\n                    <\/div>\n                                        <div class=\"events-slider-block__bottom\">\n                                                                                <div class=\"events-slider-block__link desktop\">\n                                    <a class=\"button button--size-small button--theme-primary-yellow button--withIconLeft\" href=\"https:\/\/www.ebilet.pl\/\">\n                                                                                    <div class=\"button__icon\"><img loading=\"lazy\" decoding=\"async\" width=\"30\" height=\"30\" src=\"https:\/\/www.ebilet.pl\/now\/app\/uploads\/2024\/01\/ticket-cinema-entertainment-coupon-discount-sale_30px.png\" class=\"attachment-full size-full\" alt=\"\" \/><\/div>\n                                                                                <p class=\"button__text typo-18\">Kup na eBilet.pl<\/p>\n                                    <\/a>\n                                <\/div>\n                                                                                <div class=\"events-slider-block__link mobile\">\n                                    <a class=\"button button--size-small button--theme-primary-yellow button--withIconLeft\" href=\"https:\/\/www.ebilet.pl\/\">\n                                                                                    <div class=\"button__icon\"><img loading=\"lazy\" decoding=\"async\" width=\"30\" height=\"30\" src=\"https:\/\/www.ebilet.pl\/now\/app\/uploads\/2024\/01\/ticket-cinema-entertainment-coupon-discount-sale_30px.png\" class=\"attachment-full size-full\" alt=\"\" \/><\/div>\n                                                                                <p class=\"button__text typo-18\">Kup na eBilet.pl<\/p>\n                                    <\/a>\n                                <\/div>\n                                            <\/div>\n                <\/div>\n            <\/div>\n        <\/div>\n    <\/div>\n<\/section>","protected":false},"excerpt":{"rendered":"<p>Emocje po \u0142\u00f3dzkim koncercie nadal trzymaj\u0105\u00a0fan\u00f3w Twenty One Pilots, a kr\u0105\u017cek &#8220;Clancy&#8221; \u015bwietnie poradzi\u0142 sobie w ci\u0105gu ostatniego roku. Tyler i Josh zapowiedzieli, \u017ce czas na now\u0105 porcj\u0119\u00a0materia\u0142u &#8211; do sieci w\u0142a\u015bnie trafi\u0142y oficjalne zapowiedzi p\u0142yty &#8220;Breach&#8221;! Zesp\u00f3\u0142 podzieli\u0142 si\u0119 pierwszym singlem &#8211; &#8220;The Contract&#8221;!<\/p>\n","protected":false},"author":16,"featured_media":57384,"comment_status":"open","ping_status":"open","sticky":false,"template":"page-templates\/article-default.php","format":"standard","meta":{"_acf_changed":false,"footnotes":""},"article_tag":[31,525],"article_type":[554],"class_list":["post-57381","post","type-post","status-publish","format-standard","has-post-thumbnail","hentry","article_tag-muzyka","article_tag-twenty-one-pilots","article_type-muzyka"],"acf":[],"_links":{"self":[{"href":"https:\/\/www.ebilet.pl\/now\/wp-json\/wp\/v2\/posts\/57381","targetHints":{"allow":["GET"]}}],"collection":[{"href":"https:\/\/www.ebilet.pl\/now\/wp-json\/wp\/v2\/posts"}],"about":[{"href":"https:\/\/www.ebilet.pl\/now\/wp-json\/wp\/v2\/types\/post"}],"author":[{"embeddable":true,"href":"https:\/\/www.ebilet.pl\/now\/wp-json\/wp\/v2\/users\/16"}],"replies":[{"embeddable":true,"href":"https:\/\/www.ebilet.pl\/now\/wp-json\/wp\/v2\/comments?post=57381"}],"version-history":[{"count":2,"href":"https:\/\/www.ebilet.pl\/now\/wp-json\/wp\/v2\/posts\/57381\/revisions"}],"predecessor-version":[{"id":57414,"href":"https:\/\/www.ebilet.pl\/now\/wp-json\/wp\/v2\/posts\/57381\/revisions\/57414"}],"wp:featuredmedia":[{"embeddable":true,"href":"https:\/\/www.ebilet.pl\/now\/wp-json\/wp\/v2\/media\/57384"}],"wp:attachment":[{"href":"https:\/\/www.ebilet.pl\/now\/wp-json\/wp\/v2\/media?parent=57381"}],"wp:term":[{"taxonomy":"article_tag","embeddable":true,"href":"https:\/\/www.ebilet.pl\/now\/wp-json\/wp\/v2\/article_tag?post=57381"},{"taxonomy":"article_type","embeddable":true,"href":"https:\/\/www.ebilet.pl\/now\/wp-json\/wp\/v2\/article_type?post=57381"}],"curies":[{"name":"wp","href":"https:\/\/api.w.org\/{rel}","templated":true}]}}