{"id":54572,"date":"2025-05-19T11:03:01","date_gmt":"2025-05-19T10:03:01","guid":{"rendered":"https:\/\/www.ebilet.pl\/now\/?p=54572"},"modified":"2025-09-18T21:53:02","modified_gmt":"2025-09-18T20:53:02","slug":"the-rasmus-zapowiada-nowy-album-co-wiemy-o-weirdo","status":"publish","type":"post","link":"https:\/\/www.ebilet.pl\/now\/the-rasmus-zapowiada-nowy-album-co-wiemy-o-weirdo\/","title":{"rendered":"The Rasmus zapowiada nowy album! Co wiemy o &#8220;Weirdo&#8221;?\u00a0"},"content":{"rendered":"\n<section class=\"text-block  section-margin-32\" >\n    <div class=\"container\">\n        <div class=\"row\">\n            <div class=\"col-24\">\n                <div class=\"text-block__content\"><h2>The Rasmus wyst\u0105pi w Polsce, by promowa\u0107 p\u0142yt\u0119 &#8220;Weirdo&#8221;!<\/h2>\n<p>Wielkimi krokami zbli\u017ca si\u0119 premiera jedenastego albumu <strong>The Rasmus! &#8220;Weirdo&#8221;<\/strong> ujrzy \u015bwiat\u0142o dzienne ju\u017c <strong>12 wrze\u015bnia<\/strong> i b\u0119dzie solidn\u0105 porcj\u0105\u00a0rockowego brzmienia dla wszystkich entuzjast\u00f3w fi\u0144skiej grupy.<\/p>\n<p>W zwi\u0105zku z premier\u0105 kr\u0105\u017cka, zesp\u00f3\u0142\u00a0postanowi\u0142\u00a0wyruszy\u0107 w tras\u0119 koncertow\u0105, podczas kt\u00f3rej odwiedzi Polsk\u0119! <strong>The Rasmus zaprezentuje si\u0119 13 listopada w warszawskiej Stodole!<\/strong><\/p>\n<\/div>\n            <\/div>\n        <\/div>\n    <\/div>\n<\/section>\n\n\n    <section\n        class=\"events-tickets  section-margin-32\"\n        data-module=\"event-list\"\n        data-item-list-id=\"karuzela_z_biletami--1\"\n        data-item-list-name=\"Karuzela z biletami #1\"\n        >\n        <div class=\"container\">\n            <div class=\"row\">\n                <div class=\"col-24\">\n                    <div class=\"events-tickets__wrapper\">\n                                                <div class=\"events-tickets__grid\">\n                            <div class=\"events-tickets__event\">\n                                \n<div class=\"card-event  card-event--size-default card-event--boldTitle\">\n        <div class=\"card-event__wrapper\">\n        <div class=\"card-event__image\">\n            <img decoding=\"async\" src=\"https:\/\/www.ebilet.pl\/media\" alt=\"\">\n        <\/div>\n        <div class=\"card-event__data\">\n            <div class=\"card-event__name\">\n                <p>Not Found<\/p>\n            <\/div>\n            <div class=\"card-event__date\">&#8211;<\/div>\n            <div class=\"card-event__location\"><\/div>\n        <\/div>\n    <\/div>\n<\/div>                            <\/div>\n\n                                                    <\/div>\n                    <\/div>\n                <\/div>\n            <\/div>\n        <\/div>\n        <script>\n            document.addEventListener(\"DOMContentLoaded\", function() {\n                const section = document.querySelector('[data-module=\"event-list\"][data-item-list-id=\"karuzela_z_biletami--1\"]');\n                if (!section) return;\n\n                const observer = new IntersectionObserver((entries, obs) => {\n                    entries.forEach(entry => {\n                        if (entry.isIntersecting) {\n                            const items = [\n                                                            ];\n\n                            window.dataLayer = window.dataLayer || [];\n                            window.dataLayer.push({\n                                event: 'bilety_belka_view',\n                                ecommerce: {\n                                    content_list_name: 'Bilety na wydarzenia',\n                                    item_list_id: 'bilety-na-wydarzenia',\n                                    items: items\n                                }\n                            });\n                            window.dataLayer.push({\n                                event: 'content_list_view',\n                                ecommerce: {\n                                    content_list_name: 'Bilety na wydarzenia',\n                                    item_list_id: 'bilety-na-wydarzenia'\n                                }\n                            });\n\n                            obs.unobserve(section);\n                        }\n                    });\n                }, {\n                    threshold: 0.25\n                });\n\n                observer.observe(section);\n            });\n        <\/script>\n\n    <\/section>\n\n\n\n<section class=\"text-block  section-margin-32\" >\n    <div class=\"container\">\n        <div class=\"row\">\n            <div class=\"col-24\">\n                <div class=\"text-block__content\"><h2>Co kryje si\u0119 pod nazw\u0105 &#8220;Weirdo&#8221;?<\/h2>\n<p>Pod nazw\u0105 p\u0142yty kryje si\u0119\u00a0przes\u0142anie, kt\u00f3re idealnie mog\u0142oby korespondowa\u0107 z debiutanckim kr\u0105\u017ckiem zespo\u0142u, co zauwa\u017cy\u0142 <strong>Lauri Yl\u00f6nen.<\/strong> Wokalista wyt\u0142umaczy\u0142, \u017ce od samego pocz\u0105tku pod\u0105\u017caj\u0105 pewn\u0105 filozofi\u0105 &#8211; <em>&#8220;chodzi o obron\u0119 i pochwa\u0142\u0119 tych, kt\u00f3rzy r\u00f3\u017cni\u0105 si\u0119 od masy i s\u0105 dumni z bycia sob\u0105 takimi, jacy s\u0105&#8221;.<\/em> Tytu\u0142owy<strong> &#8220;Weirdo&#8221;<\/strong> uwypukla r\u00f3wnie\u017c jego odczucia, kt\u00f3re towarzyszy\u0142y muzykowi na przestrzeni lat &#8211; czu\u0142 si\u0119 jak outsider, kt\u00f3ry wiecznie czu\u0142, \u017ce musia\u0142 udowadnia\u0107 swoj\u0105 warto\u015b\u0107. Kiedy\u015b by\u0142 tym zirytowany, jednak przemieni\u0142 to uczucie na \u017ar\u00f3d\u0142o si\u0142y i pewno\u015bci siebie.<\/p>\n<\/div>\n            <\/div>\n        <\/div>\n    <\/div>\n<\/section>\n\n\n<section class=\"quote-block  section-margin-32\" >\n    <div class=\"container\">\n        <div class=\"row\">\n            <div class=\"col-24\">\n                <div class=\"quote-block__wrapper\">\n                    <p class=\"quote-block__quote typo-32\">&#8220;Wszyscy ludzie, kt\u00f3rych uwa\u017cam za ekscytuj\u0105cych i inspiruj\u0105cych, s\u0105 w jaki\u015b spos\u00f3b dziwni. My, dziwacy, jednoczymy si\u0119 i czerpiemy korzy\u015bci z os\u0105dzaj\u0105cych postaw ludzi. Prawda jest taka, \u017ce oni po prostu si\u0119 nas boj\u0105. Boj\u0105 si\u0119 naszej zdolno\u015bci do tworzenia czego\u015b nowego i zmieniania przysz\u0142o\u015bci. Czy jeste\u015b dziwakiem? Do\u0142\u0105cz do nas\u2026&#8221;<\/p>\n                <\/div>\n            <\/div>\n        <\/div>\n    <\/div>\n<\/section>\n\n\n<figure class=\"wp-block-embed is-type-video is-provider-youtube wp-block-embed-youtube wp-embed-aspect-4-3 wp-has-aspect-ratio\"><div class=\"wp-block-embed__wrapper\">\n<iframe loading=\"lazy\" title=\"The Rasmus - Creatures of Chaos (Official Music Video)\" width=\"500\" height=\"375\" src=\"https:\/\/www.youtube.com\/embed\/uY4vweIBFcY?feature=oembed\" frameborder=\"0\" allow=\"accelerometer; autoplay; clipboard-write; encrypted-media; gyroscope; picture-in-picture; web-share\" referrerpolicy=\"strict-origin-when-cross-origin\" allowfullscreen><\/iframe>\n<\/div><\/figure>\n\n\n<section class=\"gap-block  section-margin-32 section-margin-32\"><\/section>\n\n\n    <section class=\"events-carousel-block  section-margin-32\"\n        data-events-carousel\n        data-settings='{\"per_view\":5}'\n        data-item-list-name=\"Karuzela niska Polecamy na eBilet.pl\"\n        data-item-list-id=\"karuzela_niska Polecamy na eBilet.pl\"\n        >\n        <div class=\"container\">\n                            <div class=\"row\">\n                    <div class=\"col-24\">\n                        <div class=\"events-carousel-block__title\">\n                            <h2 class=\"typo-h2\">Polecamy na eBilet.pl<\/h2>\n                        <\/div>\n                    <\/div>\n                <\/div>\n                        <div class=\"row\">\n                <div class=\"col-24\">\n                    <div class=\"events-carousel-block__events\">\n                        <div class=\"events-carousel-block__nav events-carousel-block__nav--prev\">\n                            <div class=\"button button--withIcon button--theme-white-blur button--size-fixed-48\" data-events-carousel-prev>\n                                <span class=\"button__icon icon icon-chevron-left\"><\/span>\n                            <\/div>\n                        <\/div>\n                        <div class=\"events-carousel-block__nav events-carousel-block__nav--next\">\n                            <div class=\"button button--withIcon button--theme-white-blur button--size-fixed-48\" data-events-carousel-next>\n                                <span class=\"button__icon icon icon-chevron-right\"><\/span>\n                            <\/div>\n                        <\/div>\n                        <div class=\"events-carousel-block__slider swiper\" data-events-carousel-slider>\n                            <div class=\"events-carousel-block__sliderWrapper swiper-wrapper\">\n                                                                    <div class=\"events-carousel-block__sliderItem swiper-slide\"\n                                        data-id=\"68779\"\n                                        data-name=\"Zadzwo\u0144cie po milicj\u0119\"\n                                        data-brand=\"VISUAL PRODUCTION Sp. z o.o. \"\n                                        data-category=\"muzyka\"\n                                        data-subcategory=\"rock\"\n                                        data-city=\"Gorz\u00f3w Wielkopolski, Katowice, \u0141\u00f3d\u017a i inne\"\n                                        data-venue=\"Hala Spodek\">\n                                        \n<div class=\"card-event  card-event--size-small\">\n        <a href=\"https:\/\/www.ebilet.pl\/muzyka\/rock\/zadzwoncie-po-milicje\" target=\"_blank\" class=\"card-event__link\" rel=\"nofollow noopener\"><\/a>\n        <div class=\"card-event__wrapper\">\n        <div class=\"card-event__image\">\n            <img decoding=\"async\" src=\"https:\/\/www.ebilet.pl\/media\/cms\/media\/2rbewmt5\/ebilet-656x369-4474af0a-cf88-484b-a001-782b4914cfe2.webp\" alt=\"\">\n        <\/div>\n        <div class=\"card-event__data\">\n            <div class=\"card-event__name\">\n                <p>Zadzwo\u0144cie po milicj\u0119<\/p>\n            <\/div>\n            <div class=\"card-event__date\"><\/div>\n            <div class=\"card-event__location\">Gorz\u00f3w Wielkopolski, Katowice, \u0141\u00f3d\u017a i inne<\/div>\n        <\/div>\n    <\/div>\n<\/div>                                    <\/div>\n                                                                    <div class=\"events-carousel-block__sliderItem swiper-slide\"\n                                        data-id=\"35034\"\n                                        data-name=\"CZERWONE GITARY 55 LECIE -PLATYNOWY KONCERT\"\n                                        data-brand=\"Agencja Artystyczna TAMADA\"\n                                        data-category=\"muzyka\"\n                                        data-subcategory=\"rock\"\n                                        data-city=\"Szczecin\"\n                                        data-venue=\"Teatr Letni w Szczecinie\">\n                                        \n<div class=\"card-event  card-event--size-small\">\n        <a href=\"https:\/\/www.ebilet.pl\/muzyka\/rock\/czerwone-gitary\" target=\"_blank\" class=\"card-event__link\" rel=\"nofollow noopener\"><\/a>\n        <div class=\"card-event__wrapper\">\n        <div class=\"card-event__image\">\n            <img decoding=\"async\" src=\"https:\/\/www.ebilet.pl\/media\/cms\/media\/qlfblmol\/nowy-baner-do-portali-biletowych-1_l.webp\" alt=\"\">\n        <\/div>\n        <div class=\"card-event__data\">\n            <div class=\"card-event__name\">\n                <p>CZERWONE GITARY 55 LECIE -PLATYNOWY KONCERT<\/p>\n            <\/div>\n            <div class=\"card-event__date\"><\/div>\n            <div class=\"card-event__location\">Szczecin<\/div>\n        <\/div>\n    <\/div>\n<\/div>                                    <\/div>\n                                                                    <div class=\"events-carousel-block__sliderItem swiper-slide\"\n                                        data-id=\"128455\"\n                                        data-name=\"Muzyka Zespo\u0142u Rammstein Symfonicznie\"\n                                        data-brand=\"Royal Tributes Sp. z o.o.\"\n                                        data-category=\"muzyka\"\n                                        data-subcategory=\"rock\"\n                                        data-city=\"Gda\u0144sk, Jasionka, Katowice i inne\"\n                                        data-venue=\"Teatr Letni w Szczecinie\">\n                                        \n<div class=\"card-event  card-event--size-small\">\n        <a href=\"https:\/\/www.ebilet.pl\/muzyka\/rock\/muzyka-zespolu-rammstein-symfonicznie\" target=\"_blank\" class=\"card-event__link\" rel=\"nofollow noopener\"><\/a>\n        <div class=\"card-event__wrapper\">\n        <div class=\"card-event__image\">\n            <img decoding=\"async\" src=\"https:\/\/www.ebilet.pl\/media\/cms\/media\/vplncjz3\/656x369-109aeb9e-f8c6-1a7b-ca7e-0ec7e5659473.webp\" alt=\"\">\n        <\/div>\n        <div class=\"card-event__data\">\n            <div class=\"card-event__name\">\n                <p>Muzyka Zespo\u0142u Rammstein Symfonicznie<\/p>\n            <\/div>\n            <div class=\"card-event__date\"><\/div>\n            <div class=\"card-event__location\">Gda\u0144sk, Jasionka, Katowice i inne<\/div>\n        <\/div>\n    <\/div>\n<\/div>                                    <\/div>\n                                                                    <div class=\"events-carousel-block__sliderItem swiper-slide\"\n                                        data-id=\"94910\"\n                                        data-name=\"Muzyka Zespo\u0142u Nirvana Symfonicznie\"\n                                        data-brand=\"Piosenka Plus\"\n                                        data-category=\"muzyka\"\n                                        data-subcategory=\"rock\"\n                                        data-city=\"Gorz\u00f3w Wielkopolski\"\n                                        data-venue=\"Miejskie Centrum Kultury, Gorz\u00f3w Wielkopolski\">\n                                        \n<div class=\"card-event  card-event--size-small\">\n        <a href=\"https:\/\/www.ebilet.pl\/muzyka\/rock\/nirvana-symfonicznie\" target=\"_blank\" class=\"card-event__link\" rel=\"nofollow noopener\"><\/a>\n        <div class=\"card-event__wrapper\">\n        <div class=\"card-event__image\">\n            <img decoding=\"async\" src=\"https:\/\/www.ebilet.pl\/media\/cms\/media\/dbsbiu5o\/656x369.webp\" alt=\"\">\n        <\/div>\n        <div class=\"card-event__data\">\n            <div class=\"card-event__name\">\n                <p>Muzyka Zespo\u0142u Nirvana Symfonicznie<\/p>\n            <\/div>\n            <div class=\"card-event__date\"><\/div>\n            <div class=\"card-event__location\">Gorz\u00f3w Wielkopolski<\/div>\n        <\/div>\n    <\/div>\n<\/div>                                    <\/div>\n                                                                    <div class=\"events-carousel-block__sliderItem swiper-slide\"\n                                        data-id=\"146506\"\n                                        data-name=\"Noc Muze\u00f3w - Z archiwum polskiego rocka\"\n                                        data-brand=\"SWIK Nasze Miasto Wroc\u0142aw\"\n                                        data-category=\"muzyka\"\n                                        data-subcategory=\"rock\"\n                                        data-city=\"Wroc\u0142aw\"\n                                        data-venue=\"Stary Klasztor\">\n                                        \n<div class=\"card-event  card-event--size-small\">\n        <a href=\"https:\/\/www.ebilet.pl\/muzyka\/rock\/z-archiwum-polskiego-rocka\" target=\"_blank\" class=\"card-event__link\" rel=\"nofollow noopener\"><\/a>\n        <div class=\"card-event__wrapper\">\n        <div class=\"card-event__image\">\n            <img decoding=\"async\" src=\"https:\/\/www.ebilet.pl\/media\/cms\/media\/b3vlsw22\/wydarzenie-2-1-61d75482-c290-47b8-a16d-53bffdc90487.webp\" alt=\"\">\n        <\/div>\n        <div class=\"card-event__data\">\n            <div class=\"card-event__name\">\n                <p>Noc Muze\u00f3w &#8211; Z archiwum polskiego rocka<\/p>\n            <\/div>\n            <div class=\"card-event__date\"><\/div>\n            <div class=\"card-event__location\">Wroc\u0142aw<\/div>\n        <\/div>\n    <\/div>\n<\/div>                                    <\/div>\n                                                                    <div class=\"events-carousel-block__sliderItem swiper-slide\"\n                                        data-id=\"6263\"\n                                        data-name=\"IRA\"\n                                        data-brand=\"Agencja Artystyczna Brussa Jaros\u0142aw Brussa Iwona Brussa Zuzanna \"\n                                        data-category=\"muzyka\"\n                                        data-subcategory=\"rock\"\n                                        data-city=\"Toru\u0144, Tychy, Wroc\u0142aw\"\n                                        data-venue=\"Teatr Ma\u0142y  w Tychach\">\n                                        \n<div class=\"card-event  card-event--size-small\">\n        <a href=\"https:\/\/www.ebilet.pl\/muzyka\/rock\/ira\" target=\"_blank\" class=\"card-event__link\" rel=\"nofollow noopener\"><\/a>\n        <div class=\"card-event__wrapper\">\n        <div class=\"card-event__image\">\n            <img decoding=\"async\" src=\"https:\/\/www.ebilet.pl\/media\/cms\/media\/a1cp4cue\/656x369-2-033809d0-af12-4e76-841f-cabd88e13b01.webp\" alt=\"\">\n        <\/div>\n        <div class=\"card-event__data\">\n            <div class=\"card-event__name\">\n                <p>IRA<\/p>\n            <\/div>\n            <div class=\"card-event__date\"><\/div>\n            <div class=\"card-event__location\">Toru\u0144, Tychy, Wroc\u0142aw<\/div>\n        <\/div>\n    <\/div>\n<\/div>                                    <\/div>\n                                                                    <div class=\"events-carousel-block__sliderItem swiper-slide\"\n                                        data-id=\"162161\"\n                                        data-name=\"The Magic of Santana - Europe\u00b4s No.1 Santana Show!\"\n                                        data-brand=\"SWIK Nasze Miasto Wroc\u0142aw\"\n                                        data-category=\"muzyka\"\n                                        data-subcategory=\"rock\"\n                                        data-city=\"Wroc\u0142aw\"\n                                        data-venue=\"Strefa Kultury Studenckiej PWr\">\n                                        \n<div class=\"card-event  card-event--size-small\">\n        <a href=\"https:\/\/www.ebilet.pl\/muzyka\/rock\/the-magic-of-santana\" target=\"_blank\" class=\"card-event__link\" rel=\"nofollow noopener\"><\/a>\n        <div class=\"card-event__wrapper\">\n        <div class=\"card-event__image\">\n            <img decoding=\"async\" src=\"https:\/\/www.ebilet.pl\/media\/cms\/media\/vckezs2j\/1920x1080-6-1-640711e2-d91b-42de-8b54-2b3a69a36cb2.webp\" alt=\"\">\n        <\/div>\n        <div class=\"card-event__data\">\n            <div class=\"card-event__name\">\n                <p>The Magic of Santana &#8211; Europe\u00b4s No.1 Santana Show!<\/p>\n            <\/div>\n            <div class=\"card-event__date\"><\/div>\n            <div class=\"card-event__location\">Wroc\u0142aw<\/div>\n        <\/div>\n    <\/div>\n<\/div>                                    <\/div>\n                                                                    <div class=\"events-carousel-block__sliderItem swiper-slide\"\n                                        data-id=\"5751\"\n                                        data-name=\"Freddie Mercury Rock-Operowo przy \u015bwiecach\"\n                                        data-brand=\"Copernicus Sp\u00f3\u0142ka z o.o.\"\n                                        data-category=\"muzyka\"\n                                        data-subcategory=\"rock\"\n                                        data-city=\"Bia\u0142ystok, Bielsko-Bia\u0142a, Bydgoszcz i inne\"\n                                        data-venue=\"Zesp\u00f3\u0142 Szk\u00f3\u0142 Muzycznych im. I. Paderewskiego\">\n                                        \n<div class=\"card-event  card-event--size-small\">\n        <a href=\"https:\/\/www.ebilet.pl\/muzyka\/rock\/freddie-mercury-rock-operowo\" target=\"_blank\" class=\"card-event__link\" rel=\"nofollow noopener\"><\/a>\n        <div class=\"card-event__wrapper\">\n        <div class=\"card-event__image\">\n            <img decoding=\"async\" src=\"https:\/\/www.ebilet.pl\/media\/cms\/media\/zojornaw\/freddie-mercury-opera-show-656x369-px-4c34af26-5419-43f8-9f97-8357fecb707c.webp\" alt=\"\">\n        <\/div>\n        <div class=\"card-event__data\">\n            <div class=\"card-event__name\">\n                <p>Freddie Mercury Rock-Operowo przy \u015bwiecach<\/p>\n            <\/div>\n            <div class=\"card-event__date\"><\/div>\n            <div class=\"card-event__location\">Bia\u0142ystok, Bielsko-Bia\u0142a, Bydgoszcz i inne<\/div>\n        <\/div>\n    <\/div>\n<\/div>                                    <\/div>\n                                                                    <div class=\"events-carousel-block__sliderItem swiper-slide\"\n                                        data-id=\"151582\"\n                                        data-name=\"Zvezda po imeni Solnce - KINO Symphony Tribute\"\n                                        data-brand=\"Luckystar,s.r.o.\"\n                                        data-category=\"muzyka\"\n                                        data-subcategory=\"rock\"\n                                        data-city=\"Gda\u0144sk, Warszawa\"\n                                        data-venue=\"Teatr Palladium w Warszawie\">\n                                        \n<div class=\"card-event  card-event--size-small\">\n        <a href=\"https:\/\/www.ebilet.pl\/muzyka\/rock\/kino\" target=\"_blank\" class=\"card-event__link\" rel=\"nofollow noopener\"><\/a>\n        <div class=\"card-event__wrapper\">\n        <div class=\"card-event__image\">\n            <img decoding=\"async\" src=\"https:\/\/www.ebilet.pl\/media\/cms\/media\/4ilpq0fz\/tsoy-656_369-5c531f6f-f064-4df5-bd20-de9b2ea29fe9.webp\" alt=\"\">\n        <\/div>\n        <div class=\"card-event__data\">\n            <div class=\"card-event__name\">\n                <p>Zvezda po imeni Solnce &#8211; KINO Symphony Tribute<\/p>\n            <\/div>\n            <div class=\"card-event__date\"><\/div>\n            <div class=\"card-event__location\">Gda\u0144sk, Warszawa<\/div>\n        <\/div>\n    <\/div>\n<\/div>                                    <\/div>\n                                                                    <div class=\"events-carousel-block__sliderItem swiper-slide\"\n                                        data-id=\"148914\"\n                                        data-name=\"Baby Lasagna\"\n                                        data-brand=\"Winiary Bookings sp. z o. o.\"\n                                        data-category=\"muzyka\"\n                                        data-subcategory=\"rock\"\n                                        data-city=\"Krak\u00f3w, Pozna\u0144, Warszawa\"\n                                        data-venue=\"Klub Tama\">\n                                        \n<div class=\"card-event  card-event--size-small\">\n        <a href=\"https:\/\/www.ebilet.pl\/muzyka\/rock\/baby-lasagna\" target=\"_blank\" class=\"card-event__link\" rel=\"nofollow noopener\"><\/a>\n        <div class=\"card-event__wrapper\">\n        <div class=\"card-event__image\">\n            <img decoding=\"async\" src=\"https:\/\/www.ebilet.pl\/media\/cms\/media\/qt4dmpy5\/baby-lasagna-ebilet-strona-wydarzenia-poziom-wspo-lne.webp\" alt=\"\">\n        <\/div>\n        <div class=\"card-event__data\">\n            <div class=\"card-event__name\">\n                <p>Baby Lasagna<\/p>\n            <\/div>\n            <div class=\"card-event__date\"><\/div>\n            <div class=\"card-event__location\">Krak\u00f3w, Pozna\u0144, Warszawa<\/div>\n        <\/div>\n    <\/div>\n<\/div>                                    <\/div>\n                                                                    <div class=\"events-carousel-block__sliderItem swiper-slide\"\n                                        data-id=\"170246\"\n                                        data-name=\"Dirty Sound Magnet\"\n                                        data-brand=\"JACEK SZCZEPAN THE GATHERING\"\n                                        data-category=\"muzyka\"\n                                        data-subcategory=\"rock\"\n                                        data-city=\"Krak\u00f3w, Warszawa, Wroc\u0142aw\"\n                                        data-venue=\"Klub \u0141\u0105cznik\">\n                                        \n<div class=\"card-event  card-event--size-small\">\n        <a href=\"https:\/\/www.ebilet.pl\/muzyka\/rock\/dirty-sound-magnet\" target=\"_blank\" class=\"card-event__link\" rel=\"nofollow noopener\"><\/a>\n        <div class=\"card-event__wrapper\">\n        <div class=\"card-event__image\">\n            <img decoding=\"async\" src=\"https:\/\/www.ebilet.pl\/media\/cms\/media\/yr3byeha\/ebilet_poziom-fb576569-8b4f-45a9-ad08-7abdd7bf2225.webp\" alt=\"\">\n        <\/div>\n        <div class=\"card-event__data\">\n            <div class=\"card-event__name\">\n                <p>Dirty Sound Magnet<\/p>\n            <\/div>\n            <div class=\"card-event__date\"><\/div>\n            <div class=\"card-event__location\">Krak\u00f3w, Warszawa, Wroc\u0142aw<\/div>\n        <\/div>\n    <\/div>\n<\/div>                                    <\/div>\n                                                                    <div class=\"events-carousel-block__sliderItem swiper-slide\"\n                                        data-id=\"164271\"\n                                        data-name=\"The Music of Queen Live\"\n                                        data-brand=\"BB CONCERTS Sp. z o.o.\"\n                                        data-category=\"muzyka\"\n                                        data-subcategory=\"rock\"\n                                        data-city=\"Bydgoszcz, Gliwice, Pozna\u0144 i inne\"\n                                        data-venue=\"PreZero Arena Gliwice\">\n                                        \n<div class=\"card-event  card-event--size-small\">\n        <a href=\"https:\/\/www.ebilet.pl\/muzyka\/rock\/the-music-of-queen-live\" target=\"_blank\" class=\"card-event__link\" rel=\"nofollow noopener\"><\/a>\n        <div class=\"card-event__wrapper\">\n        <div class=\"card-event__image\">\n            <img decoding=\"async\" src=\"https:\/\/www.ebilet.pl\/media\/cms\/media\/qf0n5bzd\/queen-ok_adka656-2cf3a715-e1f0-4437-9741-4ecf8414db67.webp\" alt=\"\">\n        <\/div>\n        <div class=\"card-event__data\">\n            <div class=\"card-event__name\">\n                <p>The Music of Queen Live<\/p>\n            <\/div>\n            <div class=\"card-event__date\"><\/div>\n            <div class=\"card-event__location\">Bydgoszcz, Gliwice, Pozna\u0144 i inne<\/div>\n        <\/div>\n    <\/div>\n<\/div>                                    <\/div>\n                                                                    <div class=\"events-carousel-block__sliderItem swiper-slide\"\n                                        data-id=\"45519\"\n                                        data-name=\"The Best of Roxette\"\n                                        data-brand=\"SWIK Nasze Miasto Wroc\u0142aw\"\n                                        data-category=\"muzyka\"\n                                        data-subcategory=\"rock\"\n                                        data-city=\"Wroc\u0142aw\"\n                                        data-venue=\"Stary Klasztor\">\n                                        \n<div class=\"card-event  card-event--size-small\">\n        <a href=\"https:\/\/www.ebilet.pl\/muzyka\/rock\/roxette\" target=\"_blank\" class=\"card-event__link\" rel=\"nofollow noopener\"><\/a>\n        <div class=\"card-event__wrapper\">\n        <div class=\"card-event__image\">\n            <img decoding=\"async\" src=\"https:\/\/www.ebilet.pl\/media\/cms\/media\/hzbggyyx\/1920x1080-13-1-5dd47344-1413-49a0-90c3-fbbfda59586d.webp\" alt=\"\">\n        <\/div>\n        <div class=\"card-event__data\">\n            <div class=\"card-event__name\">\n                <p>The Best of Roxette<\/p>\n            <\/div>\n            <div class=\"card-event__date\"><\/div>\n            <div class=\"card-event__location\">Wroc\u0142aw<\/div>\n        <\/div>\n    <\/div>\n<\/div>                                    <\/div>\n                                                                    <div class=\"events-carousel-block__sliderItem swiper-slide\"\n                                        data-id=\"174489\"\n                                        data-name=\"Rock przy \u015bwiecach\"\n                                        data-brand=\"Royal Tributes Sp. z o.o.\"\n                                        data-category=\"muzyka\"\n                                        data-subcategory=\"rock\"\n                                        data-city=\"Bia\u0142ystok, Bydgoszcz, Gda\u0144sk i inne\"\n                                        data-venue=\"Polska Filharmonia Ba\u0142tycka im. Fryderyka Chopina\">\n                                        \n<div class=\"card-event  card-event--size-small\">\n        <a href=\"https:\/\/www.ebilet.pl\/muzyka\/rock\/rock-przy-swiecach\" target=\"_blank\" class=\"card-event__link\" rel=\"nofollow noopener\"><\/a>\n        <div class=\"card-event__wrapper\">\n        <div class=\"card-event__image\">\n            <img decoding=\"async\" src=\"https:\/\/www.ebilet.pl\/media\/cms\/media\/kxgb1whf\/656x369-0a22924c-13ff-43a3-9bb0-6e380eb5cf19.webp\" alt=\"\">\n        <\/div>\n        <div class=\"card-event__data\">\n            <div class=\"card-event__name\">\n                <p>Rock przy \u015bwiecach<\/p>\n            <\/div>\n            <div class=\"card-event__date\"><\/div>\n            <div class=\"card-event__location\">Bia\u0142ystok, Bydgoszcz, Gda\u0144sk i inne<\/div>\n        <\/div>\n    <\/div>\n<\/div>                                    <\/div>\n                                                                    <div class=\"events-carousel-block__sliderItem swiper-slide\"\n                                        data-id=\"178059\"\n                                        data-name=\"Klasyka Rocka na 28. pi\u0119trze\"\n                                        data-brand=\"SVITLO CONCERT Sp. z o.o.\"\n                                        data-category=\"muzyka\"\n                                        data-subcategory=\"rock\"\n                                        data-city=\"Warszawa, Wroc\u0142aw\"\n                                        data-venue=\"Synagoga Pod Bia\u0142ym Bocianem\">\n                                        \n<div class=\"card-event  card-event--size-small\">\n        <a href=\"https:\/\/www.ebilet.pl\/muzyka\/rock\/klasyka-rocka-na-28-pietrze\" target=\"_blank\" class=\"card-event__link\" rel=\"nofollow noopener\"><\/a>\n        <div class=\"card-event__wrapper\">\n        <div class=\"card-event__image\">\n            <img decoding=\"async\" src=\"https:\/\/www.ebilet.pl\/media\/cms\/media\/scuda5xl\/656_369-klasyka-rocka-408dd696-350f-403f-b2fd-d1e7f35b2ed7.webp\" alt=\"\">\n        <\/div>\n        <div class=\"card-event__data\">\n            <div class=\"card-event__name\">\n                <p>Klasyka Rocka na 28. pi\u0119trze<\/p>\n            <\/div>\n            <div class=\"card-event__date\"><\/div>\n            <div class=\"card-event__location\">Warszawa, Wroc\u0142aw<\/div>\n        <\/div>\n    <\/div>\n<\/div>                                    <\/div>\n                                                                    <div class=\"events-carousel-block__sliderItem swiper-slide\"\n                                        data-id=\"172607\"\n                                        data-name=\"Poison Ruin\"\n                                        data-brand=\"Winiary Bookings sp. z o. o.\"\n                                        data-category=\"muzyka\"\n                                        data-subcategory=\"rock\"\n                                        data-city=\"Warszawa\"\n                                        data-venue=\"VooDoo Club\">\n                                        \n<div class=\"card-event  card-event--size-small\">\n        <a href=\"https:\/\/www.ebilet.pl\/muzyka\/rock\/poison-ruin\" target=\"_blank\" class=\"card-event__link\" rel=\"nofollow noopener\"><\/a>\n        <div class=\"card-event__wrapper\">\n        <div class=\"card-event__image\">\n            <img decoding=\"async\" src=\"https:\/\/www.ebilet.pl\/media\/cms\/media\/fmfja5ou\/poison-ruin-ebilet-strona-wydarzenia-poziom-warszawa.webp\" alt=\"\">\n        <\/div>\n        <div class=\"card-event__data\">\n            <div class=\"card-event__name\">\n                <p>Poison Ruin<\/p>\n            <\/div>\n            <div class=\"card-event__date\"><\/div>\n            <div class=\"card-event__location\">Warszawa<\/div>\n        <\/div>\n    <\/div>\n<\/div>                                    <\/div>\n                                                                    <div class=\"events-carousel-block__sliderItem swiper-slide\"\n                                        data-id=\"181566\"\n                                        data-name=\"Queen Classic Concert By Candle Glow\"\n                                        data-brand=\"Copernicus Sp\u00f3\u0142ka z o.o.\"\n                                        data-category=\"muzyka\"\n                                        data-subcategory=\"rock\"\n                                        data-city=\"Krak\u00f3w, Warszawa\"\n                                        data-venue=\"Klasztor O.O. Bernardyn\u00f3w\">\n                                        \n<div class=\"card-event  card-event--size-small\">\n        <a href=\"https:\/\/www.ebilet.pl\/muzyka\/rock\/royal-chopin-hall\" target=\"_blank\" class=\"card-event__link\" rel=\"nofollow noopener\"><\/a>\n        <div class=\"card-event__wrapper\">\n        <div class=\"card-event__image\">\n            <img decoding=\"async\" src=\"https:\/\/www.ebilet.pl\/media\/cms\/media\/kfpehtxm\/queen-classic-krak_w-656x369-px-by-candle-glow-0511fa8e-a43c-4965-b7c7-63e6ff92ab6f.webp\" alt=\"\">\n        <\/div>\n        <div class=\"card-event__data\">\n            <div class=\"card-event__name\">\n                <p>Queen Classic Concert By Candle Glow<\/p>\n            <\/div>\n            <div class=\"card-event__date\"><\/div>\n            <div class=\"card-event__location\">Krak\u00f3w, Warszawa<\/div>\n        <\/div>\n    <\/div>\n<\/div>                                    <\/div>\n                                                                    <div class=\"events-carousel-block__sliderItem swiper-slide\"\n                                        data-id=\"64455\"\n                                        data-name=\"Budka Suflera\"\n                                        data-brand=\"AGENCJA ARTYSTYCZNA BRUSSA ZUZANNA BRUSSA\"\n                                        data-category=\"muzyka\"\n                                        data-subcategory=\"rock\"\n                                        data-city=\"\u0141\u00f3d\u017a, Pozna\u0144\"\n                                        data-venue=\"Sala Koncertowa Filharmonii \u0141\u00f3dzkiej\">\n                                        \n<div class=\"card-event  card-event--size-small\">\n        <a href=\"https:\/\/www.ebilet.pl\/muzyka\/rock\/budka-suflera\" target=\"_blank\" class=\"card-event__link\" rel=\"nofollow noopener\"><\/a>\n        <div class=\"card-event__wrapper\">\n        <div class=\"card-event__image\">\n            <img decoding=\"async\" src=\"https:\/\/www.ebilet.pl\/media\/cms\/media\/lbzmf2jx\/656x369-46e5809c-22e7-49a3-95aa-5497108908a0.webp\" alt=\"\">\n        <\/div>\n        <div class=\"card-event__data\">\n            <div class=\"card-event__name\">\n                <p>Budka Suflera<\/p>\n            <\/div>\n            <div class=\"card-event__date\"><\/div>\n            <div class=\"card-event__location\">\u0141\u00f3d\u017a, Pozna\u0144<\/div>\n        <\/div>\n    <\/div>\n<\/div>                                    <\/div>\n                                                                    <div class=\"events-carousel-block__sliderItem swiper-slide\"\n                                        data-id=\"66419\"\n                                        data-name=\"Clan of Xymox\"\n                                        data-brand=\"SWIK Nasze Miasto Wroc\u0142aw\"\n                                        data-category=\"muzyka\"\n                                        data-subcategory=\"rock\"\n                                        data-city=\"Wroc\u0142aw\"\n                                        data-venue=\"Stary Klasztor\">\n                                        \n<div class=\"card-event  card-event--size-small\">\n        <a href=\"https:\/\/www.ebilet.pl\/muzyka\/rock\/clan-of-xymox\" target=\"_blank\" class=\"card-event__link\" rel=\"nofollow noopener\"><\/a>\n        <div class=\"card-event__wrapper\">\n        <div class=\"card-event__image\">\n            <img decoding=\"async\" src=\"https:\/\/www.ebilet.pl\/media\/cms\/media\/c3ymzgfg\/clan-of-xymox-zdj_cie-w-tle-do-1-4b849278-b861-443b-b16b-76714cdaeba0.webp\" alt=\"\">\n        <\/div>\n        <div class=\"card-event__data\">\n            <div class=\"card-event__name\">\n                <p>Clan of Xymox<\/p>\n            <\/div>\n            <div class=\"card-event__date\"><\/div>\n            <div class=\"card-event__location\">Wroc\u0142aw<\/div>\n        <\/div>\n    <\/div>\n<\/div>                                    <\/div>\n                                                                    <div class=\"events-carousel-block__sliderItem swiper-slide\"\n                                        data-id=\"180139\"\n                                        data-name=\"Maciej Male\u0144czuk - Exclusive Concert\"\n                                        data-brand=\"JUST FOR MUSIC BIS SP\u00d3\u0141KA Z OGRANICZON\u0104 ODPOWIEDZIALNO\u015aCI\u0104\"\n                                        data-category=\"muzyka\"\n                                        data-subcategory=\"rock\"\n                                        data-city=\"Krosno, Nowy Targ, Olsztyn\"\n                                        data-venue=\"Miejski O\u015brodek Kultury - Nowy Targ\">\n                                        \n<div class=\"card-event  card-event--size-small\">\n        <a href=\"https:\/\/www.ebilet.pl\/muzyka\/rock\/pan-malenczuk\" target=\"_blank\" class=\"card-event__link\" rel=\"nofollow noopener\"><\/a>\n        <div class=\"card-event__wrapper\">\n        <div class=\"card-event__image\">\n            <img decoding=\"async\" src=\"https:\/\/www.ebilet.pl\/media\/cms\/media\/ddedko0u\/renditiondownload-1-bbd88805-b50f-448e-9cf4-0b56afaacad8.webp\" alt=\"\">\n        <\/div>\n        <div class=\"card-event__data\">\n            <div class=\"card-event__name\">\n                <p>Maciej Male\u0144czuk &#8211; Exclusive Concert<\/p>\n            <\/div>\n            <div class=\"card-event__date\"><\/div>\n            <div class=\"card-event__location\">Krosno, Nowy Targ, Olsztyn<\/div>\n        <\/div>\n    <\/div>\n<\/div>                                    <\/div>\n                                                            <\/div>\n                        <\/div>\n                    <\/div>\n                    <div class=\"events-carousel-block__pagination\">\n                        <div class=\"swiper-pagination slider-pagination\" data-events-carousel-pagination><\/div>\n                    <\/div>\n                <\/div>\n            <\/div>\n        <\/div>\n    <\/section>\n\n\n\n<section class=\"text-block  section-margin-32\" >\n    <div class=\"container\">\n        <div class=\"row\">\n            <div class=\"col-24\">\n                <div class=\"text-block__content\"><p><strong>Lauri Yl\u00f6nen<\/strong> zach\u0119ca do eksploracji nowych obszar\u00f3w d\u017awi\u0119kowych i uto\u017csamiania si\u0119 z repertuarem <strong>The Rasmus.<\/strong> Zesp\u00f3\u0142 postanowi\u0142 wyda\u0107 na \u015bwiat dziesi\u0119\u0107 nowych utwor\u00f3w, a <strong>&#8220;Rest In Pieces&#8221; <\/strong>i<strong> &#8220;Creatures of Chaos&#8221;<\/strong> od tygodni nie\u017ale radz\u0105 sobie na streamingach. Najwi\u0119kszym powiewem \u015bwie\u017co\u015bci sta\u0142 si\u0119 jednak manifest do zerwania \u0142a\u0144cuch\u00f3w, uj\u0119ty w <strong>&#8220;Break The Chains&#8221;<\/strong>, do kt\u00f3rego zosta\u0142 zaanga\u017cowany <strong>Niko Vilhelm<\/strong> z <strong>Blind Channel<\/strong>. Wokalista nie mia\u0142 \u017cadnych zawaha\u0144, by wej\u015b\u0107 w kooperacje z <strong>The Rasmus,<\/strong> poniewa\u017c uznaje ich za bohater\u00f3w. Podsumowa\u0142, \u017ce <em>&#8220;ci\u0119\u017csze brzmienie pasuje do nich tak bardzo. Jestem tak podekscytowany tym, dok\u0105d zmierzaj\u0105 i co ich czeka&#8221;.<\/em> Czy ca\u0142y album b\u0119dzie osadzony w takim klimacie? Poczekajmy do wrze\u015bnia!<\/p>\n<p>Lista utwor\u00f3w <strong>&#8220;Weirdo&#8221;<\/strong>: <strong>&#8220;Creatures Of Chaos&#8221;, &#8220;Break These Chains&#8221;, &#8220;Rest In Pieces&#8221;, &#8220;Dead Ringer&#8221;, &#8220;Weirdo&#8221;, &#8220;Banksy&#8221;, &#8220;Love Is A Bitch&#8221;, &#8220;You Want It All&#8221;, &#8220;Bad Things&#8221;, &#8220;I\u2019m Coming For You&#8221;.<\/strong><\/p>\n<\/div>\n            <\/div>\n        <\/div>\n    <\/div>\n<\/section>\n\n\n<figure class=\"wp-block-embed is-type-video is-provider-youtube wp-block-embed-youtube wp-embed-aspect-16-9 wp-has-aspect-ratio\"><div class=\"wp-block-embed__wrapper\">\n<iframe loading=\"lazy\" title=\"The Rasmus feat. Niko Vilhelm of Blind Channel - Break These Chains (Official Music Video)\" width=\"500\" height=\"281\" src=\"https:\/\/www.youtube.com\/embed\/dj_kypliLno?feature=oembed\" frameborder=\"0\" allow=\"accelerometer; autoplay; clipboard-write; encrypted-media; gyroscope; picture-in-picture; web-share\" referrerpolicy=\"strict-origin-when-cross-origin\" allowfullscreen><\/iframe>\n<\/div><\/figure>\n\n\n<section class=\"gap-block  section-margin-32 section-margin-32\"><\/section>\n\n\n<section class=\"text-block  section-margin-32\" >\n    <div class=\"container\">\n        <div class=\"row\">\n            <div class=\"col-24\">\n                <div class=\"text-block__content\"><p><strong>Przeczytaj te\u017c:<\/strong><\/p>\n<ul>\n<li><strong><a href=\"https:\/\/www.ebilet.pl\/now\/ugly-kid-joe-zagra-dwa-koncerty-w-polsce-poznaj-ich-najwiekszy-hit\/\">Ugly Kid Joe zagra dwa koncerty w Polsce! Poznaj ich najwi\u0119kszy hit<\/a><\/strong><\/li>\n<li><strong><a href=\"https:\/\/www.ebilet.pl\/now\/joker-out-oglasza-dwa-koncerty-w-polsce\/\">Joker Out og\u0142asza dwa koncerty w Polsce!<\/a><\/strong><\/li>\n<li><strong><a href=\"https:\/\/www.ebilet.pl\/now\/poza-schematami-i-gatunkami-oto-dyskografia-muse\/\">Poza schematami i gatunkami. Oto dyskografia Muse<\/a><\/strong><\/li>\n<\/ul>\n<\/div>\n            <\/div>\n        <\/div>\n    <\/div>\n<\/section>\n\n\n<section class=\"events-slider-block  section-margin-32\" data-events-slider-block data-carousel-title=\"Gor\u0105ce wydarzenia\" data-carousel-type=\"karuzela_z_t\u0142em\" data-item-list-name=\"Karuzela z t\u0142em Gor\u0105ce wydarzenia\" data-item-list-id=\"karuzela_z_t\u0142em Gor\u0105ce wydarzenia\" >\n    <div class=\"container\">\n        <div class=\"row\">\n            <div class=\"col-24\">\n                <div class=\"events-slider-block__wrapper\">\n                                            <div class=\"events-slider-block__bg\"><img loading=\"lazy\" decoding=\"async\" width=\"2560\" height=\"1706\" src=\"https:\/\/www.ebilet.pl\/now\/app\/uploads\/2024\/01\/shutterstock_611546264-scaled.jpg\" class=\"attachment-full size-full\" alt=\"T\u0142um na koncercie - letni festiwal muzyczny\" srcset=\"https:\/\/www.ebilet.pl\/now\/app\/uploads\/2024\/01\/shutterstock_611546264-scaled.jpg 2560w, https:\/\/www.ebilet.pl\/now\/app\/uploads\/2024\/01\/shutterstock_611546264-1024x683.jpg 1024w, https:\/\/www.ebilet.pl\/now\/app\/uploads\/2024\/01\/shutterstock_611546264-1536x1024.jpg 1536w, https:\/\/www.ebilet.pl\/now\/app\/uploads\/2024\/01\/shutterstock_611546264-2048x1365.jpg 2048w, https:\/\/www.ebilet.pl\/now\/app\/uploads\/2024\/01\/shutterstock_611546264-1280x853.jpg 1280w, https:\/\/www.ebilet.pl\/now\/app\/uploads\/2024\/01\/shutterstock_611546264-500x333.jpg 500w, https:\/\/www.ebilet.pl\/now\/app\/uploads\/2024\/01\/shutterstock_611546264-632x421.jpg 632w\" sizes=\"(max-width: 2560px) 100vw, 2560px\" \/><\/div>\n                                                                <div class=\"events-slider-block__top\">\n                                                            <div class=\"events-slider-block__title desktop\">\n                                    <h2 class=\"typo-h2\">Gor\u0105ce wydarzenia<\/h2>\n                                <\/div>\n                                                                                        <div class=\"events-slider-block__title mobile\">\n                                    <h2 class=\"typo-h2\">Gor\u0105ce wydarzenia<\/h2>\n                                <\/div>\n                                                    <\/div>\n                                                                <div class=\"events-slider-block__main\">\n                            <div class=\"events-slider-block__nav events-slider-block__nav--prev\">\n                                <div class=\"button button--withIcon button--theme-white-blur button--size-fixed-48\" data-events-prev>\n                                    <span class=\"button__icon icon icon-chevron-left\"><\/span>\n                                <\/div>\n                            <\/div>\n                            <div class=\"events-slider-block__nav events-slider-block__nav--next\">\n                                <div class=\"button button--withIcon button--theme-white-blur button--size-fixed-48\" data-events-next>\n                                    <span class=\"button__icon icon icon-chevron-right\"><\/span>\n                                <\/div>\n                            <\/div>\n                            <div class=\"events-slider-block__slider\">\n                                <div class=\"swiper\" data-events-slider>\n                                    <div class=\"events-slider-block__sliderWrapper swiper-wrapper\">\n\n                                        \n                                            <div class=\"events-slider-block__sliderItem swiper-slide event-card\"\n                                                data-id=\"10086\"\n                                                data-name=\"Orange Warsaw Festival 2026\"\n                                                data-brand=\"Alter Art\"\n                                                data-category=\"muzyka\"\n                                                data-subcategory=\"festiwale\"\n                                                data-city=\"Warszawa\"\n                                                data-venue=\"Tor Wy\u015bcig\u00f3w Konnych Warszawa - S\u0142u\u017cewiec\">\n                                                \n<div class=\"card-event  card-event--size-small\">\n        <a href=\"https:\/\/www.ebilet.pl\/muzyka\/festiwale\/orange-warsaw-festival\" target=\"_blank\" class=\"card-event__link\" rel=\"nofollow noopener\"><\/a>\n        <div class=\"card-event__wrapper\">\n        <div class=\"card-event__image\">\n            <img decoding=\"async\" src=\"https:\/\/www.ebilet.pl\/media\/cms\/media\/bxnh21tr\/owf_2026_ebilet_552x736-94c1b52f-1e91-4861-ba57-03b21dcd6346.webp\" alt=\"\">\n        <\/div>\n        <div class=\"card-event__data\">\n            <div class=\"card-event__name\">\n                <p>Orange Warsaw Festival 2026<\/p>\n            <\/div>\n            <div class=\"card-event__date\">29.05.2026-29.05.2026<\/div>\n            <div class=\"card-event__location\">Warszawa<\/div>\n        <\/div>\n    <\/div>\n<\/div>                                            <\/div>\n                                        \n                                            <div class=\"events-slider-block__sliderItem swiper-slide event-card\"\n                                                data-id=\"13630\"\n                                                data-name=\"M\u0119skie Granie 2026\"\n                                                data-brand=\"LIVE Sp. z o.o.\"\n                                                data-category=\"muzyka\"\n                                                data-subcategory=\"festiwale\"\n                                                data-city=\"Gda\u0144sk, Krak\u00f3w, Pozna\u0144 i inne\"\n                                                data-venue=\"\u017bywiec Amfiteatr pod Grojcem\">\n                                                \n<div class=\"card-event  card-event--size-small\">\n        <a href=\"https:\/\/www.ebilet.pl\/muzyka\/festiwale\/meskie-granie\" target=\"_blank\" class=\"card-event__link\" rel=\"nofollow noopener\"><\/a>\n        <div class=\"card-event__wrapper\">\n        <div class=\"card-event__image\">\n            <img decoding=\"async\" src=\"https:\/\/www.ebilet.pl\/media\/cms\/media\/otqfs0tb\/552x736-11-18222119-c0b1-48d3-9da6-2d9f34d401ee.webp\" alt=\"\">\n        <\/div>\n        <div class=\"card-event__data\">\n            <div class=\"card-event__name\">\n                <p>M\u0119skie Granie 2026<\/p>\n            <\/div>\n            <div class=\"card-event__date\">26.06.2026-26.06.2026<\/div>\n            <div class=\"card-event__location\">Gda\u0144sk, Krak\u00f3w, Pozna\u0144 i inne<\/div>\n        <\/div>\n    <\/div>\n<\/div>                                            <\/div>\n                                        \n                                            <div class=\"events-slider-block__sliderItem swiper-slide event-card\"\n                                                data-id=\"147392\"\n                                                data-name=\"Juwenalia 2026\"\n                                                data-brand=\"eBilet\"\n                                                data-category=\"biznes\"\n                                                data-subcategory=\"pozostale\"\n                                                data-city=\"\"\n                                                data-venue=\"\">\n                                                \n<div class=\"card-event  card-event--size-small\">\n        <a href=\"https:\/\/www.ebilet.pl\/biznes\/pozostale\/juwenalia\" target=\"_blank\" class=\"card-event__link\" rel=\"nofollow noopener\"><\/a>\n        <div class=\"card-event__wrapper\">\n        <div class=\"card-event__image\">\n            <img decoding=\"async\" src=\"https:\/\/www.ebilet.pl\/media\/cms\/media\/3qgk420o\/552x736_cta-4.webp\" alt=\"\">\n        <\/div>\n        <div class=\"card-event__data\">\n            <div class=\"card-event__name\">\n                <p>Juwenalia 2026<\/p>\n            <\/div>\n            <div class=\"card-event__date\"><\/div>\n            <div class=\"card-event__location\"><\/div>\n        <\/div>\n    <\/div>\n<\/div>                                            <\/div>\n                                        \n                                            <div class=\"events-slider-block__sliderItem swiper-slide event-card\"\n                                                data-id=\"7104\"\n                                                data-name=\"Open&#039;er Festival 2026\"\n                                                data-brand=\"Alter Art\"\n                                                data-category=\"muzyka\"\n                                                data-subcategory=\"festiwale\"\n                                                data-city=\"Gdynia\"\n                                                data-venue=\"Lotnisko Gdynia - Kosakowo\">\n                                                \n<div class=\"card-event  card-event--size-small\">\n        <a href=\"https:\/\/www.ebilet.pl\/muzyka\/festiwale\/opener-festival\" target=\"_blank\" class=\"card-event__link\" rel=\"nofollow noopener\"><\/a>\n        <div class=\"card-event__wrapper\">\n        <div class=\"card-event__image\">\n            <img decoding=\"async\" src=\"https:\/\/www.ebilet.pl\/media\/cms\/media\/qvef4ie4\/opener2026_552x736-e8fd0918-0d0e-47d3-bbe0-f4f0302085e4.webp\" alt=\"\">\n        <\/div>\n        <div class=\"card-event__data\">\n            <div class=\"card-event__name\">\n                <p>Open&#8217;er Festival 2026<\/p>\n            <\/div>\n            <div class=\"card-event__date\">29.05.2026-29.05.2026<\/div>\n            <div class=\"card-event__location\">Gdynia<\/div>\n        <\/div>\n    <\/div>\n<\/div>                                            <\/div>\n                                        \n                                            <div class=\"events-slider-block__sliderItem swiper-slide event-card\"\n                                                data-id=\"205645\"\n                                                data-name=\"Bezpieczna odsprzeda\u017c w apce eBilet\"\n                                                data-brand=\"eBilet\"\n                                                data-category=\"biznes\"\n                                                data-subcategory=\"pozostale\"\n                                                data-city=\"\"\n                                                data-venue=\"\">\n                                                \n<div class=\"card-event  card-event--size-small\">\n        <a href=\"https:\/\/www.ebilet.pl\/biznes\/pozostale\/odsprzedaz\" target=\"_blank\" class=\"card-event__link\" rel=\"nofollow noopener\"><\/a>\n        <div class=\"card-event__wrapper\">\n        <div class=\"card-event__image\">\n            <img decoding=\"async\" src=\"https:\/\/www.ebilet.pl\/media\/cms\/media\/lkwf0krx\/552x736-1.webp\" alt=\"\">\n        <\/div>\n        <div class=\"card-event__data\">\n            <div class=\"card-event__name\">\n                <p>Bezpieczna odsprzeda\u017c w apce eBilet<\/p>\n            <\/div>\n            <div class=\"card-event__date\"><\/div>\n            <div class=\"card-event__location\"><\/div>\n        <\/div>\n    <\/div>\n<\/div>                                            <\/div>\n                                        \n                                            <div class=\"events-slider-block__sliderItem swiper-slide event-card\"\n                                                data-id=\"6089\"\n                                                data-name=\"Dawid Podsiad\u0142o OBROTOWY TOUR 2026\"\n                                                data-brand=\"MUZK Sp. z o.o.\"\n                                                data-category=\"muzyka\"\n                                                data-subcategory=\"pop\"\n                                                data-city=\"Chorz\u00f3w, Gda\u0144sk, Pozna\u0144 i inne\"\n                                                data-venue=\"Superauto.pl Stadion \u015al\u0105ski\">\n                                                \n<div class=\"card-event  card-event--size-small\">\n        <a href=\"https:\/\/www.ebilet.pl\/muzyka\/pop\/dawid-podsiadlo\" target=\"_blank\" class=\"card-event__link\" rel=\"nofollow noopener\"><\/a>\n        <div class=\"card-event__wrapper\">\n        <div class=\"card-event__image\">\n            <img decoding=\"async\" src=\"https:\/\/www.ebilet.pl\/media\/cms\/media\/ed0nj55n\/portal-552x736-belka-3af99133-8930-431d-8060-eb4825ec5b91.webp\" alt=\"\">\n        <\/div>\n        <div class=\"card-event__data\">\n            <div class=\"card-event__name\">\n                <p>Dawid Podsiad\u0142o OBROTOWY TOUR 2026<\/p>\n            <\/div>\n            <div class=\"card-event__date\">06.06.2026-06.06.2026<\/div>\n            <div class=\"card-event__location\">Chorz\u00f3w, Gda\u0144sk, Pozna\u0144 i inne<\/div>\n        <\/div>\n    <\/div>\n<\/div>                                            <\/div>\n                                        \n                                            <div class=\"events-slider-block__sliderItem swiper-slide event-card\"\n                                                data-id=\"5930\"\n                                                data-name=\"Audioriver Festival 2026\"\n                                                data-brand=\"Audioriver Sp. z o.o.\"\n                                                data-category=\"muzyka\"\n                                                data-subcategory=\"festiwale\"\n                                                data-city=\"\u0141\u00f3d\u017a\"\n                                                data-venue=\"B\u0142onia \u0141\u00f3dzkie\">\n                                                \n<div class=\"card-event  card-event--size-small\">\n        <a href=\"https:\/\/www.ebilet.pl\/muzyka\/festiwale\/audioriver\" target=\"_blank\" class=\"card-event__link\" rel=\"nofollow noopener\"><\/a>\n        <div class=\"card-event__wrapper\">\n        <div class=\"card-event__image\">\n            <img decoding=\"async\" src=\"https:\/\/www.ebilet.pl\/media\/cms\/media\/fsjnvsmw\/pion-648b325e-df8b-4c87-854a-fbb7049f8cd7.webp\" alt=\"\">\n        <\/div>\n        <div class=\"card-event__data\">\n            <div class=\"card-event__name\">\n                <p>Audioriver Festival 2026<\/p>\n            <\/div>\n            <div class=\"card-event__date\">10.07.2026-10.07.2026<\/div>\n            <div class=\"card-event__location\">\u0141\u00f3d\u017a<\/div>\n        <\/div>\n    <\/div>\n<\/div>                                            <\/div>\n                                        \n                                            <div class=\"events-slider-block__sliderItem swiper-slide event-card\"\n                                                data-id=\"100321\"\n                                                data-name=\"2026 THE ROSE TOUR [ROSETOPIA]\"\n                                                data-brand=\"Alter Art\"\n                                                data-category=\"muzyka\"\n                                                data-subcategory=\"pop\"\n                                                data-city=\"Warszawa\"\n                                                data-venue=\"Hala COS Torwar \">\n                                                \n<div class=\"card-event  card-event--size-small\">\n        <a href=\"https:\/\/www.ebilet.pl\/muzyka\/pop\/the-rose\" target=\"_blank\" class=\"card-event__link\" rel=\"nofollow noopener\"><\/a>\n        <div class=\"card-event__wrapper\">\n        <div class=\"card-event__image\">\n            <img decoding=\"async\" src=\"https:\/\/www.ebilet.pl\/media\/cms\/media\/5nffqupy\/the_rose_ebilet_552x736.webp\" alt=\"\">\n        <\/div>\n        <div class=\"card-event__data\">\n            <div class=\"card-event__name\">\n                <p>2026 THE ROSE TOUR [ROSETOPIA]<\/p>\n            <\/div>\n            <div class=\"card-event__date\">24.06.2026-24.06.2026<\/div>\n            <div class=\"card-event__location\">Warszawa<\/div>\n        <\/div>\n    <\/div>\n<\/div>                                            <\/div>\n                                        \n                                            <div class=\"events-slider-block__sliderItem swiper-slide event-card\"\n                                                data-id=\"77334\"\n                                                data-name=\"OneRepublic\"\n                                                data-brand=\"Live Nation\"\n                                                data-category=\"muzyka\"\n                                                data-subcategory=\"pop\"\n                                                data-city=\"Krak\u00f3w\"\n                                                data-venue=\"TAURON Arena Krak\u00f3w\">\n                                                \n<div class=\"card-event  card-event--size-small\">\n        <a href=\"https:\/\/www.ebilet.pl\/muzyka\/pop\/onerepublic\" target=\"_blank\" class=\"card-event__link\" rel=\"nofollow noopener\"><\/a>\n        <div class=\"card-event__wrapper\">\n        <div class=\"card-event__image\">\n            <img decoding=\"async\" src=\"https:\/\/www.ebilet.pl\/media\/cms\/media\/lpojz0b2\/or_552x736-d7c2e53e-d6f0-453c-b540-3c006a0c9314.webp\" alt=\"\">\n        <\/div>\n        <div class=\"card-event__data\">\n            <div class=\"card-event__name\">\n                <p>OneRepublic<\/p>\n            <\/div>\n            <div class=\"card-event__date\">30.06.2026-30.06.2026<\/div>\n            <div class=\"card-event__location\">Krak\u00f3w<\/div>\n        <\/div>\n    <\/div>\n<\/div>                                            <\/div>\n                                        \n                                            <div class=\"events-slider-block__sliderItem swiper-slide event-card\"\n                                                data-id=\"179828\"\n                                                data-name=\"XTB KSW 119\"\n                                                data-brand=\"Federacja KSW\"\n                                                data-category=\"sport\"\n                                                data-subcategory=\"sporty-walki\"\n                                                data-city=\"Radom\"\n                                                data-venue=\"Radomskie Centrum Sportu\">\n                                                \n<div class=\"card-event  card-event--size-small\">\n        <a href=\"https:\/\/www.ebilet.pl\/sport\/sporty-walki\/gala-ksw\" target=\"_blank\" class=\"card-event__link\" rel=\"nofollow noopener\"><\/a>\n        <div class=\"card-event__wrapper\">\n        <div class=\"card-event__image\">\n            <img decoding=\"async\" src=\"https:\/\/www.ebilet.pl\/media\/cms\/media\/hxkpcc3z\/ksw119_552x736-kopia-cd3dc132-b7af-417f-9575-966793c590a0.webp\" alt=\"\">\n        <\/div>\n        <div class=\"card-event__data\">\n            <div class=\"card-event__name\">\n                <p>XTB KSW 119<\/p>\n            <\/div>\n            <div class=\"card-event__date\">20.06.2026-20.06.2026<\/div>\n            <div class=\"card-event__location\">Radom<\/div>\n        <\/div>\n    <\/div>\n<\/div>                                            <\/div>\n                                        \n                                            <div class=\"events-slider-block__sliderItem swiper-slide event-card\"\n                                                data-id=\"204481\"\n                                                data-name=\"Pucio Na Wsi - spektakl\"\n                                                data-brand=\"Endorfina Events\"\n                                                data-category=\"rodzina\"\n                                                data-subcategory=\"spektakle-dla-dzieci\"\n                                                data-city=\"Bydgoszcz, Chorz\u00f3w, Katowice i inne\"\n                                                data-venue=\"Centrum Kultury i Sportu w Pruszkowie\">\n                                                \n<div class=\"card-event  card-event--size-small\">\n        <a href=\"https:\/\/www.ebilet.pl\/rodzina\/spektakle-dla-dzieci\/pucio-na-wsi\" target=\"_blank\" class=\"card-event__link\" rel=\"nofollow noopener\"><\/a>\n        <div class=\"card-event__wrapper\">\n        <div class=\"card-event__image\">\n            <img decoding=\"async\" src=\"https:\/\/www.ebilet.pl\/media\/cms\/media\/okfl2hfr\/552x736-14695659-a6f1-41b9-8af1-de15f37caa79.webp\" alt=\"\">\n        <\/div>\n        <div class=\"card-event__data\">\n            <div class=\"card-event__name\">\n                <p>Pucio Na Wsi &#8211; spektakl<\/p>\n            <\/div>\n            <div class=\"card-event__date\">03.10.2026-03.10.2026<\/div>\n            <div class=\"card-event__location\">Bydgoszcz, Chorz\u00f3w, Katowice i inne<\/div>\n        <\/div>\n    <\/div>\n<\/div>                                            <\/div>\n                                        \n                                            <div class=\"events-slider-block__sliderItem swiper-slide event-card\"\n                                                data-id=\"203961\"\n                                                data-name=\"Circoloco Warsaw\"\n                                                data-brand=\"Awake Events Sp. z o.o.\"\n                                                data-category=\"muzyka\"\n                                                data-subcategory=\"festiwale\"\n                                                data-city=\"Warszawa\"\n                                                data-venue=\"Pa\u0142ac w Wilanowie\">\n                                                \n<div class=\"card-event  card-event--size-small\">\n        <a href=\"https:\/\/www.ebilet.pl\/muzyka\/festiwale\/circoloco-warsaw\" target=\"_blank\" class=\"card-event__link\" rel=\"nofollow noopener\"><\/a>\n        <div class=\"card-event__wrapper\">\n        <div class=\"card-event__image\">\n            <img decoding=\"async\" src=\"https:\/\/www.ebilet.pl\/media\/cms\/media\/moylgab4\/strona-wydarzenia-pion-a2233c6c-8b45-46d1-88c7-c2b6d8631f7f.webp\" alt=\"\">\n        <\/div>\n        <div class=\"card-event__data\">\n            <div class=\"card-event__name\">\n                <p>Circoloco Warsaw<\/p>\n            <\/div>\n            <div class=\"card-event__date\">09.05.2026-09.05.2026<\/div>\n            <div class=\"card-event__location\">Warszawa<\/div>\n        <\/div>\n    <\/div>\n<\/div>                                            <\/div>\n                                        \n                                            <div class=\"events-slider-block__sliderItem swiper-slide event-card\"\n                                                data-id=\"204457\"\n                                                data-name=\"Arcane Epic Symphony\"\n                                                data-brand=\"Stowarzyszenie Klub Fantastyki \u201eDruga Era\u201d\"\n                                                data-category=\"klasyka\"\n                                                data-subcategory=\"muzyka-filmowa\"\n                                                data-city=\"Pozna\u0144\"\n                                                data-venue=\"MTP - Mi\u0119dzynarodowe Targi Pozna\u0144skie\">\n                                                \n<div class=\"card-event  card-event--size-small\">\n        <a href=\"https:\/\/www.ebilet.pl\/klasyka\/muzyka-filmowa\/arcane-epic-symphony\" target=\"_blank\" class=\"card-event__link\" rel=\"nofollow noopener\"><\/a>\n        <div class=\"card-event__wrapper\">\n        <div class=\"card-event__image\">\n            <img decoding=\"async\" src=\"https:\/\/www.ebilet.pl\/media\/cms\/media\/soxe2fiy\/p2026_arcane_552x736_1-1-dbdc60e7-ee87-42b6-9944-2c2990e9cc79.webp\" alt=\"\">\n        <\/div>\n        <div class=\"card-event__data\">\n            <div class=\"card-event__name\">\n                <p>Arcane Epic Symphony<\/p>\n            <\/div>\n            <div class=\"card-event__date\">21.06.2026-21.06.2026<\/div>\n            <div class=\"card-event__location\">Pozna\u0144<\/div>\n        <\/div>\n    <\/div>\n<\/div>                                            <\/div>\n                                        \n                                            <div class=\"events-slider-block__sliderItem swiper-slide event-card\"\n                                                data-id=\"204995\"\n                                                data-name=\"Igor Herbut: \u017beremie Tour 2026\"\n                                                data-brand=\"LADIDADI SP. Z O.O.\"\n                                                data-category=\"muzyka\"\n                                                data-subcategory=\"pop\"\n                                                data-city=\"Bielsko-Bia\u0142a, Gda\u0144sk, Katowice i inne\"\n                                                data-venue=\"Narodowa Orkiestra Symfoniczna Polskiego Radia - NOSPR\">\n                                                \n<div class=\"card-event  card-event--size-small\">\n        <a href=\"https:\/\/www.ebilet.pl\/muzyka\/pop\/igor-herbut-zeremie\" target=\"_blank\" class=\"card-event__link\" rel=\"nofollow noopener\"><\/a>\n        <div class=\"card-event__wrapper\">\n        <div class=\"card-event__image\">\n            <img decoding=\"async\" src=\"https:\/\/www.ebilet.pl\/media\/cms\/media\/y4gbok1v\/ebilet_552px.webp\" alt=\"\">\n        <\/div>\n        <div class=\"card-event__data\">\n            <div class=\"card-event__name\">\n                <p>Igor Herbut: \u017beremie Tour 2026<\/p>\n            <\/div>\n            <div class=\"card-event__date\">12.10.2026-12.10.2026<\/div>\n            <div class=\"card-event__location\">Bielsko-Bia\u0142a, Gda\u0144sk, Katowice i inne<\/div>\n        <\/div>\n    <\/div>\n<\/div>                                            <\/div>\n                                        \n                                            <div class=\"events-slider-block__sliderItem swiper-slide event-card\"\n                                                data-id=\"204533\"\n                                                data-name=\"Wiktor Walig\u00f3ra &quot;Kr\u00f3tka trasa o mi\u0142o\u015bci&quot; 2026\"\n                                                data-brand=\"Papulos Karol Papa\u0142a\"\n                                                data-category=\"muzyka\"\n                                                data-subcategory=\"pop\"\n                                                data-city=\"Gda\u0144sk, Katowice, Pozna\u0144 i inne\"\n                                                data-venue=\"Terminal Kultury Goc\u0142aw\">\n                                                \n<div class=\"card-event  card-event--size-small\">\n        <a href=\"https:\/\/www.ebilet.pl\/muzyka\/pop\/wiktor-waligora\" target=\"_blank\" class=\"card-event__link\" rel=\"nofollow noopener\"><\/a>\n        <div class=\"card-event__wrapper\">\n        <div class=\"card-event__image\">\n            <img decoding=\"async\" src=\"https:\/\/www.ebilet.pl\/media\/cms\/media\/34smsqbc\/wiktorwaligora_552x736-e29b4205-212f-42ba-82b8-4bffd31ac6e4.webp\" alt=\"\">\n        <\/div>\n        <div class=\"card-event__data\">\n            <div class=\"card-event__name\">\n                <p>Wiktor Walig\u00f3ra &#8220;Kr\u00f3tka trasa o mi\u0142o\u015bci&#8221; 2026<\/p>\n            <\/div>\n            <div class=\"card-event__date\">02.10.2026-02.10.2026<\/div>\n            <div class=\"card-event__location\">Gda\u0144sk, Katowice, Pozna\u0144 i inne<\/div>\n        <\/div>\n    <\/div>\n<\/div>                                            <\/div>\n                                        \n                                            <div class=\"events-slider-block__sliderItem swiper-slide event-card\"\n                                                data-id=\"121727\"\n                                                data-name=\"Rzeszowskie Juwenalia 2026\"\n                                                data-brand=\"BREND GROUP SP\u00d3\u0141KA Z OGRANICZON\u0104 ODPOWIEDZIALNO\u015aCI\u0104\"\n                                                data-category=\"muzyka\"\n                                                data-subcategory=\"festiwale\"\n                                                data-city=\"Rzesz\u00f3w\"\n                                                data-venue=\"\">\n                                                \n<div class=\"card-event  card-event--size-small\">\n        <a href=\"https:\/\/www.ebilet.pl\/muzyka\/festiwale\/rzeszowskie-juwenalia\" target=\"_blank\" class=\"card-event__link\" rel=\"nofollow noopener\"><\/a>\n        <div class=\"card-event__wrapper\">\n        <div class=\"card-event__image\">\n            <img decoding=\"async\" src=\"https:\/\/www.ebilet.pl\/media\/cms\/media\/mmxfjquy\/rzj_ebilet-ok_adka-pion-c1e9f827-0b41-4d73-81c6-5531b20e6005.webp\" alt=\"\">\n        <\/div>\n        <div class=\"card-event__data\">\n            <div class=\"card-event__name\">\n                <p>Rzeszowskie Juwenalia 2026<\/p>\n            <\/div>\n            <div class=\"card-event__date\"><\/div>\n            <div class=\"card-event__location\">Rzesz\u00f3w<\/div>\n        <\/div>\n    <\/div>\n<\/div>                                            <\/div>\n                                        \n                                            <div class=\"events-slider-block__sliderItem swiper-slide event-card\"\n                                                data-id=\"16543\"\n                                                data-name=\"Rozta\u0144czony PGE Narodowy 2026\"\n                                                data-brand=\"KRYSIAK POLSKA CORPORATION Sp. z o.o.\"\n                                                data-category=\"muzyka\"\n                                                data-subcategory=\"festiwale\"\n                                                data-city=\"Warszawa\"\n                                                data-venue=\"PGE Narodowy im. Kazimierza G\u00f3rskiego\">\n                                                \n<div class=\"card-event  card-event--size-small\">\n        <a href=\"https:\/\/www.ebilet.pl\/muzyka\/festiwale\/roztanczony-narodowy\" target=\"_blank\" class=\"card-event__link\" rel=\"nofollow noopener\"><\/a>\n        <div class=\"card-event__wrapper\">\n        <div class=\"card-event__image\">\n            <img decoding=\"async\" src=\"https:\/\/www.ebilet.pl\/media\/cms\/media\/vzjkxgps\/portal_basic.webp\" alt=\"\">\n        <\/div>\n        <div class=\"card-event__data\">\n            <div class=\"card-event__name\">\n                <p>Rozta\u0144czony PGE Narodowy 2026<\/p>\n            <\/div>\n            <div class=\"card-event__date\">10.10.2026-10.10.2026<\/div>\n            <div class=\"card-event__location\">Warszawa<\/div>\n        <\/div>\n    <\/div>\n<\/div>                                            <\/div>\n                                        \n                                            <div class=\"events-slider-block__sliderItem swiper-slide event-card\"\n                                                data-id=\"10672\"\n                                                data-name=\"Red Bull Drift Masters, Grand Finale 2026, Poland\"\n                                                data-brand=\"Drift Masters Grand Prix Sp. z o.o.\"\n                                                data-category=\"sport\"\n                                                data-subcategory=\"sporty-motorowe\"\n                                                data-city=\"Warszawa\"\n                                                data-venue=\"PGE Narodowy im. Kazimierza G\u00f3rskiego\">\n                                                \n<div class=\"card-event  card-event--size-small\">\n        <a href=\"https:\/\/www.ebilet.pl\/sport\/sporty-motorowe\/drift-masters\" target=\"_blank\" class=\"card-event__link\" rel=\"nofollow noopener\"><\/a>\n        <div class=\"card-event__wrapper\">\n        <div class=\"card-event__image\">\n            <img decoding=\"async\" src=\"https:\/\/www.ebilet.pl\/media\/cms\/media\/sz3ojwmd\/552x736-do-60kb-55f8db12-cfee-4159-a30d-647373ffe546.webp\" alt=\"\">\n        <\/div>\n        <div class=\"card-event__data\">\n            <div class=\"card-event__name\">\n                <p>Red Bull Drift Masters, Grand Finale 2026, Poland<\/p>\n            <\/div>\n            <div class=\"card-event__date\">11.09.2026-11.09.2026<\/div>\n            <div class=\"card-event__location\">Warszawa<\/div>\n        <\/div>\n    <\/div>\n<\/div>                                            <\/div>\n                                        \n                                            <div class=\"events-slider-block__sliderItem swiper-slide event-card\"\n                                                data-id=\"94598\"\n                                                data-name=\"FAME 31\"\n                                                data-brand=\"Fame MMA\"\n                                                data-category=\"sport\"\n                                                data-subcategory=\"sporty-walki\"\n                                                data-city=\"Koszalin\"\n                                                data-venue=\"Hala Widowiskowo-Sportowa w Koszalinie\">\n                                                \n<div class=\"card-event  card-event--size-small\">\n        <a href=\"https:\/\/www.ebilet.pl\/sport\/sporty-walki\/fame-mma\" target=\"_blank\" class=\"card-event__link\" rel=\"nofollow noopener\"><\/a>\n        <div class=\"card-event__wrapper\">\n        <div class=\"card-event__image\">\n            <img decoding=\"async\" src=\"https:\/\/www.ebilet.pl\/media\/cms\/media\/24lbxjty\/fame31-cover-ebilet-552x736.webp\" alt=\"\">\n        <\/div>\n        <div class=\"card-event__data\">\n            <div class=\"card-event__name\">\n                <p>FAME 31<\/p>\n            <\/div>\n            <div class=\"card-event__date\">09.05.2026-09.05.2026<\/div>\n            <div class=\"card-event__location\">Koszalin<\/div>\n        <\/div>\n    <\/div>\n<\/div>                                            <\/div>\n                                        \n                                            <div class=\"events-slider-block__sliderItem swiper-slide event-card\"\n                                                data-id=\"68286\"\n                                                data-name=\"JWP\/BC Krew Tour\"\n                                                data-brand=\"Revolume Sp. z o.o.\"\n                                                data-category=\"muzyka\"\n                                                data-subcategory=\"hip-hop-rap\"\n                                                data-city=\"Gda\u0144sk, Katowice, Krak\u00f3w i inne\"\n                                                data-venue=\"Klub 2progi\">\n                                                \n<div class=\"card-event  card-event--size-small\">\n        <a href=\"https:\/\/www.ebilet.pl\/muzyka\/hip-hop-rap\/jwpbc\" target=\"_blank\" class=\"card-event__link\" rel=\"nofollow noopener\"><\/a>\n        <div class=\"card-event__wrapper\">\n        <div class=\"card-event__image\">\n            <img decoding=\"async\" src=\"https:\/\/www.ebilet.pl\/media\/cms\/media\/x5tlkghw\/jwp_tour552x736px-1-8c94fd70-b66d-4e1c-96b0-55f9c2805dd4.webp\" alt=\"\">\n        <\/div>\n        <div class=\"card-event__data\">\n            <div class=\"card-event__name\">\n                <p>JWP\/BC Krew Tour<\/p>\n            <\/div>\n            <div class=\"card-event__date\">02.10.2026-02.10.2026<\/div>\n            <div class=\"card-event__location\">Gda\u0144sk, Katowice, Krak\u00f3w i inne<\/div>\n        <\/div>\n    <\/div>\n<\/div>                                            <\/div>\n                                                                            <\/div>\n                                <\/div>\n                            <\/div>\n                            <div class=\"events-slider-block__events swiper\" data-events-events-descriptions>\n                                <div class=\"events-slider-block__eventsWrapper swiper-wrapper\">\n                                                                            <div class=\"events-slider-block__eventsItem swiper-slide\">\n                                            <a href=\"https:\/\/www.ebilet.pl\/muzyka\/festiwale\/orange-warsaw-festival\" target=\"_blank\" class=\"events-slider-block__eventsName\">\n                                                <p>Orange Warsaw Festival 2026<\/p>\n                                            <\/a>\n                                            <div class=\"events-slider-block__eventsDate\">29.05.2026-30.05.2026<\/div>\n                                            <div class=\"events-slider-block__eventsLocation\"><\/div>\n                                        <\/div>\n                                                                            <div class=\"events-slider-block__eventsItem swiper-slide\">\n                                            <a href=\"https:\/\/www.ebilet.pl\/muzyka\/festiwale\/meskie-granie\" target=\"_blank\" class=\"events-slider-block__eventsName\">\n                                                <p>M\u0119skie Granie 2026<\/p>\n                                            <\/a>\n                                            <div class=\"events-slider-block__eventsDate\">26.06.2026-22.08.2026<\/div>\n                                            <div class=\"events-slider-block__eventsLocation\"><\/div>\n                                        <\/div>\n                                                                            <div class=\"events-slider-block__eventsItem swiper-slide\">\n                                            <a href=\"https:\/\/www.ebilet.pl\/biznes\/pozostale\/juwenalia\" target=\"_blank\" class=\"events-slider-block__eventsName\">\n                                                <p>Juwenalia 2026<\/p>\n                                            <\/a>\n                                            <div class=\"events-slider-block__eventsDate\">01.01.1970-01.01.1970<\/div>\n                                            <div class=\"events-slider-block__eventsLocation\"><\/div>\n                                        <\/div>\n                                                                            <div class=\"events-slider-block__eventsItem swiper-slide\">\n                                            <a href=\"https:\/\/www.ebilet.pl\/muzyka\/festiwale\/opener-festival\" target=\"_blank\" class=\"events-slider-block__eventsName\">\n                                                <p>Open&#8217;er Festival 2026<\/p>\n                                            <\/a>\n                                            <div class=\"events-slider-block__eventsDate\">29.05.2026-04.07.2026<\/div>\n                                            <div class=\"events-slider-block__eventsLocation\"><\/div>\n                                        <\/div>\n                                                                            <div class=\"events-slider-block__eventsItem swiper-slide\">\n                                            <a href=\"https:\/\/www.ebilet.pl\/biznes\/pozostale\/odsprzedaz\" target=\"_blank\" class=\"events-slider-block__eventsName\">\n                                                <p>Bezpieczna odsprzeda\u017c w apce eBilet<\/p>\n                                            <\/a>\n                                            <div class=\"events-slider-block__eventsDate\">01.01.1970-01.01.1970<\/div>\n                                            <div class=\"events-slider-block__eventsLocation\"><\/div>\n                                        <\/div>\n                                                                            <div class=\"events-slider-block__eventsItem swiper-slide\">\n                                            <a href=\"https:\/\/www.ebilet.pl\/muzyka\/pop\/dawid-podsiadlo\" target=\"_blank\" class=\"events-slider-block__eventsName\">\n                                                <p>Dawid Podsiad\u0142o OBROTOWY TOUR 2026<\/p>\n                                            <\/a>\n                                            <div class=\"events-slider-block__eventsDate\">06.06.2026-28.06.2026<\/div>\n                                            <div class=\"events-slider-block__eventsLocation\"><\/div>\n                                        <\/div>\n                                                                            <div class=\"events-slider-block__eventsItem swiper-slide\">\n                                            <a href=\"https:\/\/www.ebilet.pl\/muzyka\/festiwale\/audioriver\" target=\"_blank\" class=\"events-slider-block__eventsName\">\n                                                <p>Audioriver Festival 2026<\/p>\n                                            <\/a>\n                                            <div class=\"events-slider-block__eventsDate\">10.07.2026-12.07.2026<\/div>\n                                            <div class=\"events-slider-block__eventsLocation\"><\/div>\n                                        <\/div>\n                                                                            <div class=\"events-slider-block__eventsItem swiper-slide\">\n                                            <a href=\"https:\/\/www.ebilet.pl\/muzyka\/pop\/the-rose\" target=\"_blank\" class=\"events-slider-block__eventsName\">\n                                                <p>2026 THE ROSE TOUR [ROSETOPIA]<\/p>\n                                            <\/a>\n                                            <div class=\"events-slider-block__eventsDate\">24.06.2026-24.06.2026<\/div>\n                                            <div class=\"events-slider-block__eventsLocation\"><\/div>\n                                        <\/div>\n                                                                            <div class=\"events-slider-block__eventsItem swiper-slide\">\n                                            <a href=\"https:\/\/www.ebilet.pl\/muzyka\/pop\/onerepublic\" target=\"_blank\" class=\"events-slider-block__eventsName\">\n                                                <p>OneRepublic<\/p>\n                                            <\/a>\n                                            <div class=\"events-slider-block__eventsDate\">30.06.2026-30.06.2026<\/div>\n                                            <div class=\"events-slider-block__eventsLocation\"><\/div>\n                                        <\/div>\n                                                                            <div class=\"events-slider-block__eventsItem swiper-slide\">\n                                            <a href=\"https:\/\/www.ebilet.pl\/sport\/sporty-walki\/gala-ksw\" target=\"_blank\" class=\"events-slider-block__eventsName\">\n                                                <p>XTB KSW 119<\/p>\n                                            <\/a>\n                                            <div class=\"events-slider-block__eventsDate\">20.06.2026-20.06.2026<\/div>\n                                            <div class=\"events-slider-block__eventsLocation\"><\/div>\n                                        <\/div>\n                                                                            <div class=\"events-slider-block__eventsItem swiper-slide\">\n                                            <a href=\"https:\/\/www.ebilet.pl\/rodzina\/spektakle-dla-dzieci\/pucio-na-wsi\" target=\"_blank\" class=\"events-slider-block__eventsName\">\n                                                <p>Pucio Na Wsi &#8211; spektakl<\/p>\n                                            <\/a>\n                                            <div class=\"events-slider-block__eventsDate\">03.10.2026-20.12.2026<\/div>\n                                            <div class=\"events-slider-block__eventsLocation\"><\/div>\n                                        <\/div>\n                                                                            <div class=\"events-slider-block__eventsItem swiper-slide\">\n                                            <a href=\"https:\/\/www.ebilet.pl\/muzyka\/festiwale\/circoloco-warsaw\" target=\"_blank\" class=\"events-slider-block__eventsName\">\n                                                <p>Circoloco Warsaw<\/p>\n                                            <\/a>\n                                            <div class=\"events-slider-block__eventsDate\">09.05.2026-09.05.2026<\/div>\n                                            <div class=\"events-slider-block__eventsLocation\"><\/div>\n                                        <\/div>\n                                                                            <div class=\"events-slider-block__eventsItem swiper-slide\">\n                                            <a href=\"https:\/\/www.ebilet.pl\/klasyka\/muzyka-filmowa\/arcane-epic-symphony\" target=\"_blank\" class=\"events-slider-block__eventsName\">\n                                                <p>Arcane Epic Symphony<\/p>\n                                            <\/a>\n                                            <div class=\"events-slider-block__eventsDate\">21.06.2026-21.06.2026<\/div>\n                                            <div class=\"events-slider-block__eventsLocation\"><\/div>\n                                        <\/div>\n                                                                            <div class=\"events-slider-block__eventsItem swiper-slide\">\n                                            <a href=\"https:\/\/www.ebilet.pl\/muzyka\/pop\/igor-herbut-zeremie\" target=\"_blank\" class=\"events-slider-block__eventsName\">\n                                                <p>Igor Herbut: \u017beremie Tour 2026<\/p>\n                                            <\/a>\n                                            <div class=\"events-slider-block__eventsDate\">12.10.2026-15.12.2026<\/div>\n                                            <div class=\"events-slider-block__eventsLocation\"><\/div>\n                                        <\/div>\n                                                                            <div class=\"events-slider-block__eventsItem swiper-slide\">\n                                            <a href=\"https:\/\/www.ebilet.pl\/muzyka\/pop\/wiktor-waligora\" target=\"_blank\" class=\"events-slider-block__eventsName\">\n                                                <p>Wiktor Walig\u00f3ra &#8220;Kr\u00f3tka trasa o mi\u0142o\u015bci&#8221; 2026<\/p>\n                                            <\/a>\n                                            <div class=\"events-slider-block__eventsDate\">02.10.2026-17.10.2026<\/div>\n                                            <div class=\"events-slider-block__eventsLocation\"><\/div>\n                                        <\/div>\n                                                                            <div class=\"events-slider-block__eventsItem swiper-slide\">\n                                            <a href=\"https:\/\/www.ebilet.pl\/muzyka\/festiwale\/rzeszowskie-juwenalia\" target=\"_blank\" class=\"events-slider-block__eventsName\">\n                                                <p>Rzeszowskie Juwenalia 2026<\/p>\n                                            <\/a>\n                                            <div class=\"events-slider-block__eventsDate\">01.01.1970-01.01.1970<\/div>\n                                            <div class=\"events-slider-block__eventsLocation\"><\/div>\n                                        <\/div>\n                                                                            <div class=\"events-slider-block__eventsItem swiper-slide\">\n                                            <a href=\"https:\/\/www.ebilet.pl\/muzyka\/festiwale\/roztanczony-narodowy\" target=\"_blank\" class=\"events-slider-block__eventsName\">\n                                                <p>Rozta\u0144czony PGE Narodowy 2026<\/p>\n                                            <\/a>\n                                            <div class=\"events-slider-block__eventsDate\">10.10.2026-10.10.2026<\/div>\n                                            <div class=\"events-slider-block__eventsLocation\"><\/div>\n                                        <\/div>\n                                                                            <div class=\"events-slider-block__eventsItem swiper-slide\">\n                                            <a href=\"https:\/\/www.ebilet.pl\/sport\/sporty-motorowe\/drift-masters\" target=\"_blank\" class=\"events-slider-block__eventsName\">\n                                                <p>Red Bull Drift Masters, Grand Finale 2026, Poland<\/p>\n                                            <\/a>\n                                            <div class=\"events-slider-block__eventsDate\">11.09.2026-12.09.2026<\/div>\n                                            <div class=\"events-slider-block__eventsLocation\"><\/div>\n                                        <\/div>\n                                                                            <div class=\"events-slider-block__eventsItem swiper-slide\">\n                                            <a href=\"https:\/\/www.ebilet.pl\/sport\/sporty-walki\/fame-mma\" target=\"_blank\" class=\"events-slider-block__eventsName\">\n                                                <p>FAME 31<\/p>\n                                            <\/a>\n                                            <div class=\"events-slider-block__eventsDate\">09.05.2026-09.05.2026<\/div>\n                                            <div class=\"events-slider-block__eventsLocation\"><\/div>\n                                        <\/div>\n                                                                            <div class=\"events-slider-block__eventsItem swiper-slide\">\n                                            <a href=\"https:\/\/www.ebilet.pl\/muzyka\/hip-hop-rap\/jwpbc\" target=\"_blank\" class=\"events-slider-block__eventsName\">\n                                                <p>JWP\/BC Krew Tour<\/p>\n                                            <\/a>\n                                            <div class=\"events-slider-block__eventsDate\">02.10.2026-24.10.2026<\/div>\n                                            <div class=\"events-slider-block__eventsLocation\"><\/div>\n                                        <\/div>\n                                                                    <\/div>\n                            <\/div>\n                            <div class=\"events-slider-block__pagination\">\n                                <div class=\"swiper-pagination slider-pagination slider-pagination--theme-white\" data-events-slider-pagination><\/div>\n                            <\/div>\n                        <\/div>\n                                        <div class=\"events-slider-block__bottom\">\n                                                                                <div class=\"events-slider-block__link desktop\">\n                                    <a\n                                        class=\"button button--size-small button--theme-primary-yellow button--withIconLeft\"\n                                        href=\"https:\/\/www.ebilet.pl\/\">\n                                                                                    <div class=\"button__icon\"><img loading=\"lazy\" decoding=\"async\" width=\"30\" height=\"30\" src=\"https:\/\/www.ebilet.pl\/now\/app\/uploads\/2024\/01\/ticket-cinema-entertainment-coupon-discount-sale_30px.png\" class=\"attachment-full size-full\" alt=\"\" \/><\/div>\n                                                                                <p class=\"button__text typo-18\">Kup na eBilet.pl<\/p>\n                                    <\/a>\n                                <\/div>\n                                                                                <div class=\"events-slider-block__link mobile\">\n                                    <a\n                                        class=\"button button--size-small button--theme-primary-yellow button--withIconLeft\"\n                                        href=\"https:\/\/www.ebilet.pl\/\">\n                                                                                    <div class=\"button__icon\"><img loading=\"lazy\" decoding=\"async\" width=\"30\" height=\"30\" src=\"https:\/\/www.ebilet.pl\/now\/app\/uploads\/2024\/01\/ticket-cinema-entertainment-coupon-discount-sale_30px.png\" class=\"attachment-full size-full\" alt=\"\" \/><\/div>\n                                                                                <p class=\"button__text typo-18\">Kup na eBilet.pl<\/p>\n                                    <\/a>\n                                <\/div>\n                                            <\/div>\n                <\/div>\n            <\/div>\n        <\/div>\n    <\/div>\n<\/section>","protected":false},"excerpt":{"rendered":"<p>\u015awie\u017ca porcja muzyki od The Rasmus! Fi\u0144ski zesp\u00f3\u0142 zapowiedzia\u0142, \u017ce &#8220;Weirdo&#8221; b\u0119dzie w pewnym sensie nawi\u0105zaniem do przesz\u0142o\u015bci. Sprawd\u017a szczeg\u00f3\u0142y nadchodz\u0105cego wydawnictwa! <\/p>\n","protected":false},"author":16,"featured_media":54584,"comment_status":"open","ping_status":"open","sticky":false,"template":"page-templates\/article-default.php","format":"standard","meta":{"_acf_changed":false,"footnotes":""},"article_tag":[88,26,31,43],"article_type":[554],"acf":[],"_links":{"self":[{"href":"https:\/\/www.ebilet.pl\/now\/wp-json\/wp\/v2\/posts\/54572"}],"collection":[{"href":"https:\/\/www.ebilet.pl\/now\/wp-json\/wp\/v2\/posts"}],"about":[{"href":"https:\/\/www.ebilet.pl\/now\/wp-json\/wp\/v2\/types\/post"}],"author":[{"embeddable":true,"href":"https:\/\/www.ebilet.pl\/now\/wp-json\/wp\/v2\/users\/16"}],"replies":[{"embeddable":true,"href":"https:\/\/www.ebilet.pl\/now\/wp-json\/wp\/v2\/comments?post=54572"}],"version-history":[{"count":3,"href":"https:\/\/www.ebilet.pl\/now\/wp-json\/wp\/v2\/posts\/54572\/revisions"}],"predecessor-version":[{"id":54600,"href":"https:\/\/www.ebilet.pl\/now\/wp-json\/wp\/v2\/posts\/54572\/revisions\/54600"}],"wp:featuredmedia":[{"embeddable":true,"href":"https:\/\/www.ebilet.pl\/now\/wp-json\/wp\/v2\/media\/54584"}],"wp:attachment":[{"href":"https:\/\/www.ebilet.pl\/now\/wp-json\/wp\/v2\/media?parent=54572"}],"wp:term":[{"taxonomy":"article_tag","embeddable":true,"href":"https:\/\/www.ebilet.pl\/now\/wp-json\/wp\/v2\/article_tag?post=54572"},{"taxonomy":"article_type","embeddable":true,"href":"https:\/\/www.ebilet.pl\/now\/wp-json\/wp\/v2\/article_type?post=54572"}],"curies":[{"name":"wp","href":"https:\/\/api.w.org\/{rel}","templated":true}]}}