{"id":52450,"date":"2025-04-25T10:05:36","date_gmt":"2025-04-25T09:05:36","guid":{"rendered":"https:\/\/www.ebilet.pl\/now\/?p=52450"},"modified":"2025-09-18T22:16:56","modified_gmt":"2025-09-18T21:16:56","slug":"koniec-maja-zapowiada-sie-wyjatkowo-goraco-zbliza-sie-electrum-up-to-date-festival-2025","status":"publish","type":"post","link":"https:\/\/www.ebilet.pl\/now\/koniec-maja-zapowiada-sie-wyjatkowo-goraco-zbliza-sie-electrum-up-to-date-festival-2025\/","title":{"rendered":"Koniec maja zapowiada si\u0119 wyj\u0105tkowo gor\u0105co. Zbli\u017ca si\u0119 Electrum Up To Date Festival 2025!"},"content":{"rendered":"\n<section class=\"text-block  section-margin-32\" >\n    <div class=\"container\">\n        <div class=\"row\">\n            <div class=\"col-24\">\n                <div class=\"text-block__content\"><h2><strong>Mi\u0119dzynarodowy festiwal zakorzeniony w sercu Podlasia<\/strong><\/h2>\n<p><a href=\"https:\/\/www.ebilet.pl\/muzyka\/festiwale\/up-to-date-festival\"><strong>Electrum Up To Date Festival<\/strong><\/a> to rozpoznawalna marka o ugruntowanej renomie &#8211; jedno z najstarszych i z najwa\u017cniejszych wydarze\u0144 na mapie europejskich festiwali elektronicznych, kt\u00f3re co roku przyci\u0105ga do Bia\u0142egostoku mi\u0142o\u015bnik\u00f3w tego gatunku z ca\u0142ego \u015bwiata.<\/p>\n<p>Zakorzeniona w sercu p\u00f3\u0142nocno-wschodniej Polski impreza od 16 lat stanowi polskie okno na \u015bwiat najciekawszych zjawisk muzycznych &#8211; rokrocznie organizatorzy wydarzenia nie ustaj\u0105 w tym, by Electrum Up To Date Festival utrzyma\u0142 swoj\u0105 unikaln\u0105 to\u017csamo\u015b\u0107,\u00a0prezentowa\u0142 bogactwo i dynamik\u0119 wsp\u00f3\u0142czesnej elektroniki i promowa\u0142 jej najbardziej kreatywne trendy oraz umo\u017cliwia\u0142 polskiej publiczno\u015bci obcowanie na \u017cywo z muzyk\u0105 najwi\u0119kszych gwiazd \u015bwiatowego formatu.<\/p>\n<p><strong>Przeczytaj te\u017c:<\/strong><\/p>\n<ul>\n<li><a href=\"https:\/\/www.ebilet.pl\/now\/kogo-tak-naprawde-najchetniej-sluchaja-polacy-ten-ranking-mowi-wszystko\/\"><strong><span class=\"split-title__word\">Kogo <\/span><span class=\"split-title__word\">tak <\/span><span class=\"split-title__word\">naprawd\u0119 <\/span><span class=\"split-title__word\">najch\u0119tniej <\/span><span class=\"split-title__word\">s\u0142uchaj\u0105 <\/span><span class=\"split-title__word\">Polacy? <\/span><span class=\"split-title__word\">Ten <\/span><span class=\"split-title__word\">ranking <\/span><span class=\"split-title__word\">m\u00f3wi <\/span><span class=\"split-title__word\">wszystko!<\/span><\/strong><\/a><\/li>\n<li class=\"split-title typo-h1\"><a href=\"https:\/\/www.ebilet.pl\/now\/wielkie-gwiazdy-i-swiatowe-premiery-czyli-kolejne-niespodzianki-na-malta-festival-2025\/\"><strong><span class=\"split-title__word\">Wielkie <\/span><span class=\"split-title__word\">gwiazdy <\/span><span class=\"split-title__word\">i <\/span><span class=\"split-title__word\">\u015bwiatowe <\/span><span class=\"split-title__word\">premiery, <\/span><span class=\"split-title__word\">czyli <\/span><span class=\"split-title__word\">kolejne <\/span><span class=\"split-title__word\">niespodzianki <\/span><span class=\"split-title__word\">na <\/span><span class=\"split-title__word\">Malta <\/span><span class=\"split-title__word\">Festival <\/span><span class=\"split-title__word\">2025!<\/span><\/strong><\/a><\/li>\n<li class=\"split-title typo-h1\"><a href=\"https:\/\/www.ebilet.pl\/now\/5-muzycznych-kolaboracji-ktore-brzmia-jeszcze-dziwniej-niz-myslisz\/\"><strong><span class=\"split-title__word\">5 <\/span><span class=\"split-title__word\">muzycznych <\/span><span class=\"split-title__word\">kolaboracji, <\/span><span class=\"split-title__word\">kt\u00f3re <\/span><span class=\"split-title__word\">brzmi\u0105 <\/span><span class=\"split-title__word\">jeszcze <\/span><span class=\"split-title__word\">dziwniej, <\/span><span class=\"split-title__word\">ni\u017c <\/span><span class=\"split-title__word\">my\u015blisz<\/span><\/strong><\/a><\/li>\n<\/ul>\n<p>W dniach <strong>29\u201331 maja 2025<\/strong> roku Bia\u0142ystok po raz kolejny stanie si\u0119 miejscem, w kt\u00f3rym spotkaj\u0105 si\u0119 fani muzyki elektronicznej, eksperymentalnej, tanecznej, ambientu, techno i wszystkiego pomi\u0119dzy. Na uczestnik\u00f3w tegorocznej edycji Electrum Up To Date Festival czeka najszerszy jak dot\u0105d program w historii imprezy, w kt\u00f3rym znajdziemy wyst\u0119py zar\u00f3wno prawdziwych legend i pionier\u00f3w, mistrz\u00f3w gatunkowych fuzji, jak i odwa\u017cnych wizjoner\u00f3w eksperymentalnych brzmie\u0144 oraz nowych form muzyki klubowej.<\/p>\n<\/div>\n            <\/div>\n        <\/div>\n    <\/div>\n<\/section>\n\n\n<section class=\"image-block  section-margin-32\" >\n        <div class=\"container\">\n        <div class=\"row\">\n            <div class=\"col-24\">\n                                <div class=\"image-block__container\">\n                    <div class=\"image-block__wrapper\"><img loading=\"lazy\" decoding=\"async\" width=\"1920\" height=\"1080\" src=\"https:\/\/www.ebilet.pl\/now\/app\/uploads\/2025\/04\/eUTDF24_Piatek_Industrial_Outdoor_FOMO_KONDUKU_Karpinski_do_srodka.jpg\" class=\"attachment-full size-full\" alt=\"\" srcset=\"https:\/\/www.ebilet.pl\/now\/app\/uploads\/2025\/04\/eUTDF24_Piatek_Industrial_Outdoor_FOMO_KONDUKU_Karpinski_do_srodka.jpg 1920w, https:\/\/www.ebilet.pl\/now\/app\/uploads\/2025\/04\/eUTDF24_Piatek_Industrial_Outdoor_FOMO_KONDUKU_Karpinski_do_srodka-1024x576.jpg 1024w, https:\/\/www.ebilet.pl\/now\/app\/uploads\/2025\/04\/eUTDF24_Piatek_Industrial_Outdoor_FOMO_KONDUKU_Karpinski_do_srodka-1536x864.jpg 1536w, https:\/\/www.ebilet.pl\/now\/app\/uploads\/2025\/04\/eUTDF24_Piatek_Industrial_Outdoor_FOMO_KONDUKU_Karpinski_do_srodka-1280x720.jpg 1280w, https:\/\/www.ebilet.pl\/now\/app\/uploads\/2025\/04\/eUTDF24_Piatek_Industrial_Outdoor_FOMO_KONDUKU_Karpinski_do_srodka-500x281.jpg 500w, https:\/\/www.ebilet.pl\/now\/app\/uploads\/2025\/04\/eUTDF24_Piatek_Industrial_Outdoor_FOMO_KONDUKU_Karpinski_do_srodka-632x356.jpg 632w, https:\/\/www.ebilet.pl\/now\/app\/uploads\/2025\/04\/eUTDF24_Piatek_Industrial_Outdoor_FOMO_KONDUKU_Karpinski_do_srodka-308x174.jpg 308w\" sizes=\"auto, (max-width: 1920px) 100vw, 1920px\" \/><\/div>\n                                            <div class=\"image-block__caption typo-12\">Fot. Materia\u0142y prasowe<\/div>\n                                    <\/div>\n                            <\/div>\n        <\/div>\n    <\/div>\n<\/section>\n\n\n<section class=\"text-block  section-margin-32\" >\n    <div class=\"container\">\n        <div class=\"row\">\n            <div class=\"col-24\">\n                <div class=\"text-block__content\"><p>&#8211; Jeste\u015bmy wyj\u0105tkowo podekscytowani tegorocznym programem tworzonym w zupe\u0142nie nowy, prze\u0142omowy dla nas spos\u00f3b z udzia\u0142em oddanej grupy doradczej. Na dzisiejszej, wielow\u0105tkowej scenie muzycznej niezb\u0119dna jest szeroka perspektywa. Jednocze\u015bnie pozostajemy wierni genotypowi festiwalu: oddajemy szacunek postaciom zas\u0142u\u017conym nie trac\u0105c \u015bwie\u017cego podej\u015bcia do wyboru wyst\u0119p\u00f3w &#8211; m\u00f3wi <strong>J\u0119drzej Dondzi\u0142o<\/strong>, dyrektor programowy festiwalu Electrum Up To Date.<\/p>\n<\/div>\n            <\/div>\n        <\/div>\n    <\/div>\n<\/section>\n\n\n<section class=\"tickets-slider  section-margin-32\"\n    data-tickets-slider\n    data-item-list-name=\"Karuzela z buttonami\"\n    data-item-list-id=\"karuzela_z_buttonami\"\n    >\n    <div class=\"container\">\n        <div class=\"row\">\n            <div class=\"col-24\">\n                <div class=\"tickets-slider__main\">\n                    <div class=\"tickets-slider__nav tickets-slider__nav--prev\">\n                        <div class=\"button button--withIcon button--theme-white-blur button--size-fixed-48\" data-tickets-slider-prev>\n                            <span class=\"button__icon icon icon-chevron-left\"><\/span>\n                        <\/div>\n                    <\/div>\n                    <div class=\"tickets-slider__nav tickets-slider__nav--next\">\n                        <div class=\"button button--withIcon button--theme-white-blur button--size-fixed-48\" data-tickets-slider-next>\n                            <span class=\"button__icon icon icon-chevron-right\"><\/span>\n                        <\/div>\n                    <\/div>\n                    <div class=\"tickets-slider__slider swiper\" data-tickets-slider-slider>\n                        <div class=\"tickets-slider__sliderWrapper swiper-wrapper\">\n                                                            <div class=\"tickets-slider__sliderItem swiper-slide\"\n                                    data-id=\"169186\"\n                                    data-name=\"Up To Date Festival 2027\"\n                                    data-brand=\"\"\n                                    data-category=\"muzyka\"\n                                    data-subcategory=\"festiwale\"\n                                    data-city=\"Bia\u0142ystok\"\n                                    data-venue=\"\">\n                                    <div class=\"tickets-slider__sliderCard\">\n                                        \n<div class=\"card-ticket\">\n        <div class=\"card-ticket__image\">\n        <a href=\"https:\/\/www.ebilet.pl\/muzyka\/festiwale\/up-to-date-festival\">\n            <img decoding=\"async\" src=\"https:\/\/www.ebilet.pl\/media\/cms\/media\/jfdlnoqn\/ebilet-552x736-portal-wersja-2-c38ddeaf-bf05-4f54-9e4d-377e6b572335.webp\" alt=\"Plakat wydarzenia\" \/>\n        <\/a>\n    <\/div>\n             \n    <div class=\"card-ticket__link\">\n        <a href=\"https:\/\/www.ebilet.pl\/muzyka\/festiwale\/up-to-date-festival\" class=\"button button--theme-primary-yellow button--withIconLeft button--size-small\">\n            <span class=\"button__icon icon icon-ticket\"><\/span>\n            <p class=\"button__text typo-16 f-600\">Kup bilet<\/p>\n        <\/a>\n    <\/div>\n    <\/div>                                    <\/div>\n                                <\/div>\n                                                    <\/div>\n                    <\/div>\n                <\/div>\n            <\/div>\n        <\/div>\n    <\/div>\n<\/section>\n\n\n<section class=\"text-block  section-margin-32\" >\n    <div class=\"container\">\n        <div class=\"row\">\n            <div class=\"col-24\">\n                <div class=\"text-block__content\"><h2><strong>Electrum Up To Date Festival 2025 &#8211; co w programie festiwalu?<\/strong><\/h2>\n<p>Tegoroczny program Electrum Up To Date doceniony zosta\u0142 przez <strong>Resident Advisor<\/strong> , kt\u00f3ry umie\u015bci\u0142 go na \u015bwiatowej mapie festiwali jako jedno z najlepszych muzycznych wydarze\u0144, kt\u00f3re nale\u017cy zobaczy\u0107 w maju. Program muzyczny bia\u0142ostockiego festiwalu podsumowany zosta\u0142 jako &#8220;ambitne po\u0142\u0105czenie innowator\u00f3w leftfield techno, nieoczywistych back-to-back\u00f3w i lokalnych faworyt\u00f3w&#8221;. Czy mo\u017cna marzy\u0107 o lepszej rekomendacji?<\/p>\n<p>Jak wi\u0119c prezentuje si\u0119 line-up Electrum Up To Date 2025? Ponownie zaskakuje r\u00f3\u017cnorodno\u015bci\u0105 i unikalnym doborem artyst\u00f3w! 29 maja na spektakularnym koncercie otwarcia zaprezentuj\u0105 si\u0119 <strong>Fennesz<\/strong> oraz <strong>Pejza\u017c<\/strong>. Jak zapowiadaj\u0105 organizatorzy b\u0119dzie to wyj\u0105tkowe widowisko audiowizualne, kt\u00f3re \u0142\u0105cz\u0105c \u015bwiat\u0142o, d\u017awi\u0119k i nowoczesne technologie, zaoferuje uczestnikom koncertu immersyjne do\u015bwiadczenie na najwy\u017cszym poziomie.<\/p>\n<p>W\u015br\u00f3d artyst\u00f3w, kt\u00f3rzy wyst\u0105pi\u0105 w tym roku na festiwalu, znale\u017ali si\u0119 tak znani tw\u00f3rcy, jak legenda brytyjskiej elektroniki, &#8220;baron techno&#8221; i jeden z filar\u00f3w europejskiej kultury klubowej <strong>Dave Clarke <\/strong>oraz\u00a0specjalistka od fenomen\u00f3w psychoakustycznych <strong>Sarah Davachi <\/strong>czy znany z eurowizyjnych wyst\u0119p\u00f3w duet <strong>Sw@da<\/strong> i <strong>Niczos<\/strong>.<\/p>\n<p>&nbsp;<\/p>\n<\/div>\n            <\/div>\n        <\/div>\n    <\/div>\n<\/section>\n\n\n<section class=\"image-block  section-margin-32\" >\n        <div class=\"container\">\n        <div class=\"row\">\n            <div class=\"col-24\">\n                                <div class=\"image-block__container\">\n                    <div class=\"image-block__wrapper\"><img loading=\"lazy\" decoding=\"async\" width=\"1920\" height=\"1080\" src=\"https:\/\/www.ebilet.pl\/now\/app\/uploads\/2025\/04\/eUTDF24_Piatek_Salon_Ambientu_MPU101_Karpinski_do_srodka.jpg\" class=\"attachment-full size-full\" alt=\"\" srcset=\"https:\/\/www.ebilet.pl\/now\/app\/uploads\/2025\/04\/eUTDF24_Piatek_Salon_Ambientu_MPU101_Karpinski_do_srodka.jpg 1920w, https:\/\/www.ebilet.pl\/now\/app\/uploads\/2025\/04\/eUTDF24_Piatek_Salon_Ambientu_MPU101_Karpinski_do_srodka-1024x576.jpg 1024w, https:\/\/www.ebilet.pl\/now\/app\/uploads\/2025\/04\/eUTDF24_Piatek_Salon_Ambientu_MPU101_Karpinski_do_srodka-1536x864.jpg 1536w, https:\/\/www.ebilet.pl\/now\/app\/uploads\/2025\/04\/eUTDF24_Piatek_Salon_Ambientu_MPU101_Karpinski_do_srodka-1280x720.jpg 1280w, https:\/\/www.ebilet.pl\/now\/app\/uploads\/2025\/04\/eUTDF24_Piatek_Salon_Ambientu_MPU101_Karpinski_do_srodka-500x281.jpg 500w, https:\/\/www.ebilet.pl\/now\/app\/uploads\/2025\/04\/eUTDF24_Piatek_Salon_Ambientu_MPU101_Karpinski_do_srodka-632x356.jpg 632w, https:\/\/www.ebilet.pl\/now\/app\/uploads\/2025\/04\/eUTDF24_Piatek_Salon_Ambientu_MPU101_Karpinski_do_srodka-308x174.jpg 308w\" sizes=\"auto, (max-width: 1920px) 100vw, 1920px\" \/><\/div>\n                                            <div class=\"image-block__caption typo-12\">Fot. Materia\u0142y prasowe<\/div>\n                                    <\/div>\n                            <\/div>\n        <\/div>\n    <\/div>\n<\/section>\n\n\n<section class=\"text-block  section-margin-32\" >\n    <div class=\"container\">\n        <div class=\"row\">\n            <div class=\"col-24\">\n                <div class=\"text-block__content\"><p>Wielkim wydarzeniem z pewno\u015bci\u0105 b\u0119dzie te\u017c wyst\u0119p pionier\u00f3w ch\u0142odnego, industrialnego techno &#8211; legendarnego kolektywu <strong>Sandwell District<\/strong>. Formacja ponownie zagra w Bia\u0142ymstoku po 15 latach nieobecno\u015bci, prezentuj\u0105c materia\u0142 z nowego albumu &#8220;<strong>End Beginnings&#8221;<\/strong>, kt\u00f3ry powsta\u0142 w ho\u0142dzie dla tragicznie zmar\u0142ego <strong>Silent Servanta<\/strong>. Ich wyst\u0119p to nie lada gratka, poniewa\u017c obecnie Sandwell District gra wy\u0142\u0105cznie na wybranych, najbardziej presti\u017cowych festiwalach o \u015bwiatowej renomie.<\/p>\n<p>Nie zabraknie te\u017c eksperymentalnych set\u00f3w <strong>b2b<\/strong>, dekonstrukcji techno duetu <strong>Shxcxchcxsh<\/strong>, d\u017awi\u0119kowych pejza\u017cy <strong>Unknown Fate<\/strong> (<strong>Samuel Kerridge &amp; Oake<\/strong>) rodem z postapokaliptycznego \u015bwiata oraz\u00a0<strong>Pedera Mannerfelta<\/strong>, kt\u00f3ry zaprezentuje swoje groteskowe interpretacje muzyki klubowej. Przyjedzie te\u017c m.in. <strong>Barker<\/strong> \u2013 kiedy\u015b rezydent Berghain, dzi\u015b mistrz przestrzeni i rytmicznej abstrakcji &#8211; oraz <strong>Varg2\u2122<\/strong>, kt\u00f3rego mieszanka ch\u0142odu Northern Electronics i efemeryczno\u015bci Drain Gang brzmi podobno, jak &#8220;koniec \u015bwiata w najpi\u0119kniejszym wydaniu&#8221;.<\/p>\n<p>Oczywi\u015bcie na festiwalu swoj\u0105 siln\u0105 reprezentacj\u0119 b\u0119dzie mia\u0142a polska scena muzyki elektronicznej \u2013 od <strong>Dtekka<\/strong> po <strong>Feelaza<\/strong> i <strong>Facheroi\u0119<\/strong>.<\/p>\n<p>Zapraszamy do zapoznania si\u0119 z pe\u0142nym line-upem Electrum Up To Date! Oto on:<\/p>\n<ul>\n<li><strong>Agonis live<\/strong><\/li>\n<li><strong>Barker Live<\/strong><\/li>\n<li><strong>Batu<\/strong><\/li>\n<li><strong>B\u0142a\u017cej Malinowski &amp; Cosmodernism pres. \u201cNocturnal Shadows\u201d<\/strong><\/li>\n<li><strong>Carrier b2b Forest Drive West<\/strong><\/li>\n<li><strong>CEM4430 live<\/strong><\/li>\n<li><strong>Chloe Lula &amp; Tym Novy pres. &#8220;Oneiris&#8221; live A\/V<\/strong><\/li>\n<li><strong>D-Leria<\/strong><\/li>\n<li><strong>Dave Clark<\/strong><\/li>\n<li><strong>dd b2b nuarrrrr<\/strong><\/li>\n<li><strong>Dimi Angelis b2b Jeroen Search<\/strong><\/li>\n<li><strong>DJ Czarek<\/strong><\/li>\n<li><strong>DMX Krew live<\/strong><\/li>\n<li><strong>Dtekk<\/strong><\/li>\n<li><strong>Elena Sizova b2b Kovvalsky<\/strong><\/li>\n<li><strong>Facheroia<\/strong><\/li>\n<li><strong>Feelaz b2b Kosmalski<\/strong><\/li>\n<li><strong>Fennesz live<\/strong><\/li>\n<li><strong>Glassz<\/strong><\/li>\n<li><strong>illumimatik lights<\/strong><\/li>\n<li><strong>k:i:o:s:k<\/strong><\/li>\n<li><strong>Laksa<\/strong><\/li>\n<li><strong>L.F.T.<\/strong><\/li>\n<li><strong>Martyna Basta live<\/strong><\/li>\n<li><strong>Meke b2b Kondrat<\/strong><\/li>\n<li><strong>Mifi77<\/strong><\/li>\n<li><strong>Monka b2b larissa<\/strong><\/li>\n<li><strong>Ogaz\u00f3n<\/strong><\/li>\n<li><strong>Ola Teks<\/strong><\/li>\n<li><strong>Orbe b2b Psyk<\/strong><\/li>\n<li><strong>Peder Mannerfelt<\/strong><\/li>\n<li><strong>Pejza\u017c live<\/strong><\/li>\n<li><strong>Perila live<\/strong><\/li>\n<li><strong>Pleq Live<\/strong><\/li>\n<li><strong>Private Press live<\/strong><\/li>\n<li><strong>Reeko d&#8217;n&#8217;b set<\/strong><\/li>\n<li><strong>Rrose b2b Polygonia<\/strong><\/li>\n<li><strong>Rrose pres. &#8220;Having Never Written a Note for Percussion&#8221; live<\/strong><\/li>\n<li><strong>Sandwell District<\/strong><\/li>\n<li><strong>Sarah Davachi Live<\/strong><\/li>\n<li><strong>SHXCXCHCXSH live<\/strong><\/li>\n<li><strong>Siberialist<\/strong><\/li>\n<li><strong>Slimzee &amp; Mi\u0142y ATZ<\/strong><\/li>\n<li><strong>SOLARPUNK<\/strong><\/li>\n<li><strong>Sw@da x Niczos live<\/strong><\/li>\n<li><strong>Szklany Pogodyn<\/strong><\/li>\n<li><strong>taan b2b Guiltee<\/strong><\/li>\n<li><strong>Tving Stage Design lights<\/strong><\/li>\n<li><strong>Unknown Fate live: Samuel Kerridge &amp; OAKE<\/strong><\/li>\n<li><strong>Varg2\u2122<\/strong><\/li>\n<li><strong>Viikatory<\/strong><\/li>\n<li><strong>Wata Igarashi<\/strong><\/li>\n<\/ul>\n<p>Widzimy si\u0119 w Bia\u0142ymstoku!<\/p>\n<\/div>\n            <\/div>\n        <\/div>\n    <\/div>\n<\/section>\n\n\n<figure class=\"wp-block-embed is-type-video is-provider-youtube wp-block-embed-youtube wp-embed-aspect-4-3 wp-has-aspect-ratio\"><div class=\"wp-block-embed__wrapper\">\n<iframe loading=\"lazy\" title=\"Dave Clarke - What Was Her Name [Official Video]\" width=\"500\" height=\"375\" src=\"https:\/\/www.youtube.com\/embed\/Ht6_-_txEBg?feature=oembed\" frameborder=\"0\" allow=\"accelerometer; autoplay; clipboard-write; encrypted-media; gyroscope; picture-in-picture; web-share\" referrerpolicy=\"strict-origin-when-cross-origin\" allowfullscreen><\/iframe>\n<\/div><\/figure>\n\n\n<section class=\"gap-block  section-margin-32 section-margin-32\"><\/section>\n\n\n<section class=\"events-slider-block  section-margin-32\" data-events-slider-block data-carousel-title=\"Gor\u0105ce wydarzenia\" data-carousel-type=\"karuzela_z_t\u0142em\" data-item-list-name=\"Karuzela z t\u0142em Gor\u0105ce wydarzenia\" data-item-list-id=\"karuzela_z_t\u0142em Gor\u0105ce wydarzenia\" >\n    <div class=\"container\">\n        <div class=\"row\">\n            <div class=\"col-24\">\n                <div class=\"events-slider-block__wrapper\">\n                                            <div class=\"events-slider-block__bg\"><img loading=\"lazy\" decoding=\"async\" width=\"1896\" height=\"1065\" src=\"https:\/\/www.ebilet.pl\/now\/app\/uploads\/2024\/02\/shutterstock_538491133-e1711351161563.jpg\" class=\"attachment-full size-full\" alt=\"\" srcset=\"https:\/\/www.ebilet.pl\/now\/app\/uploads\/2024\/02\/shutterstock_538491133-e1711351161563.jpg 1896w, https:\/\/www.ebilet.pl\/now\/app\/uploads\/2024\/02\/shutterstock_538491133-e1711351161563-1024x575.jpg 1024w, https:\/\/www.ebilet.pl\/now\/app\/uploads\/2024\/02\/shutterstock_538491133-e1711351161563-1536x863.jpg 1536w, https:\/\/www.ebilet.pl\/now\/app\/uploads\/2024\/02\/shutterstock_538491133-e1711351161563-1280x720.jpg 1280w, https:\/\/www.ebilet.pl\/now\/app\/uploads\/2024\/02\/shutterstock_538491133-e1711351161563-500x281.jpg 500w, https:\/\/www.ebilet.pl\/now\/app\/uploads\/2024\/02\/shutterstock_538491133-e1711351161563-632x355.jpg 632w, https:\/\/www.ebilet.pl\/now\/app\/uploads\/2024\/02\/shutterstock_538491133-e1711351161563-308x174.jpg 308w, https:\/\/www.ebilet.pl\/now\/app\/uploads\/2024\/02\/shutterstock_538491133-e1711351161563-300x169.jpg 300w, https:\/\/www.ebilet.pl\/now\/app\/uploads\/2024\/02\/shutterstock_538491133-e1711351161563-768x431.jpg 768w\" sizes=\"auto, (max-width: 1896px) 100vw, 1896px\" \/><\/div>\n                                                                <div class=\"events-slider-block__top\">\n                                                            <div class=\"events-slider-block__title desktop\">\n                                    <h2 class=\"typo-h2\">Gor\u0105ce wydarzenia<\/h2>\n                                <\/div>\n                                                                                        <div class=\"events-slider-block__title mobile\">\n                                    <h2 class=\"typo-h2\">Gor\u0105ce wydarzenia<\/h2>\n                                <\/div>\n                                                    <\/div>\n                                                            <div class=\"events-slider-block__main\">\n                        <div class=\"events-slider-block__nav events-slider-block__nav--prev\">\n                            <div class=\"button button--withIcon button--theme-white-blur button--size-fixed-48\" data-events-prev>\n                                <span class=\"button__icon icon icon-chevron-left\"><\/span>\n                            <\/div>\n                        <\/div>\n                        <div class=\"events-slider-block__nav events-slider-block__nav--next\">\n                            <div class=\"button button--withIcon button--theme-white-blur button--size-fixed-48\" data-events-next>\n                                <span class=\"button__icon icon icon-chevron-right\"><\/span>\n                            <\/div>\n                        <\/div>\n                        <div class=\"events-slider-block__slider\">\n                            <div class=\"swiper\" data-events-slider>\n                                <div class=\"events-slider-block__sliderWrapper swiper-wrapper\">\n                                                                    <div class=\"events-slider-block__sliderItem swiper-slide\">\n                                    \n<div class=\"card-event  card-event--size-small\">\n        <a href=\"https:\/\/www.ebilet.pl\/muzyka\/festiwale\/opener-festival\" target=\"_blank\" class=\"card-event__link\" rel=\"nofollow noopener\"><\/a>\n        <div class=\"card-event__wrapper\">\n        <div class=\"card-event__image\">\n            <img decoding=\"async\" src=\"https:\/\/www.ebilet.pl\/media\/cms\/media\/qkso1del\/opene_2027_tameimpala_552x736_ebilet-1d7aa61e-0a2a-4f3b-b538-d84518354aa2.webp\" alt=\"\">\n        <\/div>\n        <div class=\"card-event__data\">\n            <div class=\"card-event__name\">\n                <p>Open&#8217;er Festival 2027<\/p>\n            <\/div>\n            <div class=\"card-event__date\">30.06.2027-30.06.2027<\/div>\n            <div class=\"card-event__location\">Gdynia<\/div>\n        <\/div>\n    <\/div>\n<\/div>                                    <\/div>\n                                                                    <div class=\"events-slider-block__sliderItem swiper-slide\">\n                                    \n<div class=\"card-event  card-event--size-small\">\n        <a href=\"https:\/\/www.ebilet.pl\/sport\/sporty-druzynowe\/koszykowka-mecz\" target=\"_blank\" class=\"card-event__link\" rel=\"nofollow noopener\"><\/a>\n        <div class=\"card-event__wrapper\">\n        <div class=\"card-event__image\">\n            <img decoding=\"async\" src=\"https:\/\/www.ebilet.pl\/media\/cms\/media\/hoxono4g\/podstawowe_portal-98225706-f40f-4253-9b63-9f6c375fb13f.webp\" alt=\"\">\n        <\/div>\n        <div class=\"card-event__data\">\n            <div class=\"card-event__name\">\n                <p>Kwalifikacje do Mistrzostw \u015awiata w koszyk\u00f3wce m\u0119\u017cczyzn 2027: Polska \u2013 Chorwacja<\/p>\n            <\/div>\n            <div class=\"card-event__date\">27.11.2026-27.11.2026<\/div>\n            <div class=\"card-event__location\">Gliwice<\/div>\n        <\/div>\n    <\/div>\n<\/div>                                    <\/div>\n                                                                    <div class=\"events-slider-block__sliderItem swiper-slide\">\n                                    \n<div class=\"card-event  card-event--size-small\">\n        <a href=\"https:\/\/www.ebilet.pl\/muzyka\/pop\/pitbull\" target=\"_blank\" class=\"card-event__link\" rel=\"nofollow noopener\"><\/a>\n        <div class=\"card-event__wrapper\">\n        <div class=\"card-event__image\">\n            <img decoding=\"async\" src=\"https:\/\/www.ebilet.pl\/media\/cms\/media\/5lzfwzwf\/pitbull_552x736-51986cca-48f5-4419-a9c5-cba531ed65a3.webp\" alt=\"\">\n        <\/div>\n        <div class=\"card-event__data\">\n            <div class=\"card-event__name\">\n                <p>Pitbull &#8211; I&#8217;m Back!<\/p>\n            <\/div>\n            <div class=\"card-event__date\">27.11.2026-27.11.2026<\/div>\n            <div class=\"card-event__location\">Gda\u0144sk\/Sopot, \u0141\u00f3d\u017a<\/div>\n        <\/div>\n    <\/div>\n<\/div>                                    <\/div>\n                                                                    <div class=\"events-slider-block__sliderItem swiper-slide\">\n                                    \n<div class=\"card-event  card-event--size-small\">\n        <a href=\"https:\/\/www.ebilet.pl\/muzyka\/pop\/take-that\" target=\"_blank\" class=\"card-event__link\" rel=\"nofollow noopener\"><\/a>\n        <div class=\"card-event__wrapper\">\n        <div class=\"card-event__image\">\n            <img decoding=\"async\" src=\"https:\/\/www.ebilet.pl\/media\/cms\/media\/eiqdozli\/ebilet-552x736-take-that.webp\" alt=\"\">\n        <\/div>\n        <div class=\"card-event__data\">\n            <div class=\"card-event__name\">\n                <p>Take That<\/p>\n            <\/div>\n            <div class=\"card-event__date\">13.06.2027-13.06.2027<\/div>\n            <div class=\"card-event__location\">Warszawa<\/div>\n        <\/div>\n    <\/div>\n<\/div>                                    <\/div>\n                                                                    <div class=\"events-slider-block__sliderItem swiper-slide\">\n                                    \n<div class=\"card-event  card-event--size-small\">\n        <a href=\"https:\/\/www.ebilet.pl\/biznes\/wystawa\/van-gogh\" target=\"_blank\" class=\"card-event__link\" rel=\"nofollow noopener\"><\/a>\n        <div class=\"card-event__wrapper\">\n        <div class=\"card-event__image\">\n            <img decoding=\"async\" src=\"https:\/\/www.ebilet.pl\/media\/cms\/media\/rx0pgtm4\/nowa-ebilet-_vg-__-lublin_-552-736-5ddf74a4-5cec-41cd-9f00-a4baa0f7a221.webp\" alt=\"\">\n        <\/div>\n        <div class=\"card-event__data\">\n            <div class=\"card-event__name\">\n                <p>VAN GOGH \u2013 Wystawa Immersyjna &#8211; Lublin<\/p>\n            <\/div>\n            <div class=\"card-event__date\">15.09.2026-15.09.2026<\/div>\n            <div class=\"card-event__location\">Lublin<\/div>\n        <\/div>\n    <\/div>\n<\/div>                                    <\/div>\n                                                                    <div class=\"events-slider-block__sliderItem swiper-slide\">\n                                    \n<div class=\"card-event  card-event--size-small\">\n        <a href=\"https:\/\/www.ebilet.pl\/muzyka\/hip-hop-rap\/gombao33\" target=\"_blank\" class=\"card-event__link\" rel=\"nofollow noopener\"><\/a>\n        <div class=\"card-event__wrapper\">\n        <div class=\"card-event__image\">\n            <img decoding=\"async\" src=\"https:\/\/www.ebilet.pl\/media\/cms\/media\/ctcikvkb\/gombao_bez_napisu-2ebe28b7-760a-4987-8d6c-0cb2fe6f2203.webp\" alt=\"\">\n        <\/div>\n        <div class=\"card-event__data\">\n            <div class=\"card-event__name\">\n                <p>G33 Tour &#8211; Tadeo x Szczepan x Wygu\u015b x Mata<\/p>\n            <\/div>\n            <div class=\"card-event__date\">12.09.2026-12.09.2026<\/div>\n            <div class=\"card-event__location\">Bydgoszcz, Gwi\u017adziny, Kra\u015bnik i inne<\/div>\n        <\/div>\n    <\/div>\n<\/div>                                    <\/div>\n                                                                    <div class=\"events-slider-block__sliderItem swiper-slide\">\n                                    \n<div class=\"card-event  card-event--size-small\">\n        <a href=\"https:\/\/www.ebilet.pl\/muzyka\/hip-hop-rap\/otsochodzi\" target=\"_blank\" class=\"card-event__link\" rel=\"nofollow noopener\"><\/a>\n        <div class=\"card-event__wrapper\">\n        <div class=\"card-event__image\">\n            <img decoding=\"async\" src=\"https:\/\/www.ebilet.pl\/media\/cms\/media\/ucuizr2w\/tt-552-x-736-kopia.webp\" alt=\"\">\n        <\/div>\n        <div class=\"card-event__data\">\n            <div class=\"card-event__name\">\n                <p>Otsochodzi &#8211; RIOTT<\/p>\n            <\/div>\n            <div class=\"card-event__date\">01.10.2026-01.10.2026<\/div>\n            <div class=\"card-event__location\">Gda\u0144sk, Krak\u00f3w, Pozna\u0144 i inne<\/div>\n        <\/div>\n    <\/div>\n<\/div>                                    <\/div>\n                                                                    <div class=\"events-slider-block__sliderItem swiper-slide\">\n                                    \n<div class=\"card-event  card-event--size-small\">\n        <a href=\"https:\/\/www.ebilet.pl\/muzyka\/rock\/russell-crowe\" target=\"_blank\" class=\"card-event__link\" rel=\"nofollow noopener\"><\/a>\n        <div class=\"card-event__wrapper\">\n        <div class=\"card-event__image\">\n            <img decoding=\"async\" src=\"https:\/\/www.ebilet.pl\/media\/cms\/media\/dajolyng\/rusel_pion-738c048c-2504-4de3-a226-d83518cf8463.webp\" alt=\"\">\n        <\/div>\n        <div class=\"card-event__data\">\n            <div class=\"card-event__name\">\n                <p>Russell Crowe\u2019s Indoor Garden Party<\/p>\n            <\/div>\n            <div class=\"card-event__date\">05.06.2027-05.06.2027<\/div>\n            <div class=\"card-event__location\">\u0106miel\u00f3w<\/div>\n        <\/div>\n    <\/div>\n<\/div>                                    <\/div>\n                                                                    <div class=\"events-slider-block__sliderItem swiper-slide\">\n                                    \n<div class=\"card-event  card-event--size-small\">\n        <a href=\"https:\/\/www.ebilet.pl\/muzyka\/piosenka\/koncert-koled-i-pastoralek-golec-uorkiestra\" target=\"_blank\" class=\"card-event__link\" rel=\"nofollow noopener\"><\/a>\n        <div class=\"card-event__wrapper\">\n        <div class=\"card-event__image\">\n            <img decoding=\"async\" src=\"https:\/\/www.ebilet.pl\/media\/cms\/media\/sqlacf5s\/golec_552x736_ebilet-c90c1dab-7443-46cc-b6f7-252554a5cab4.webp\" alt=\"\">\n        <\/div>\n        <div class=\"card-event__data\">\n            <div class=\"card-event__name\">\n                <p>Golec uOrkiestra &#8211; Koncert Kol\u0119d i Pastora\u0142ek<\/p>\n            <\/div>\n            <div class=\"card-event__date\">18.12.2026-18.12.2026<\/div>\n            <div class=\"card-event__location\">Bielsko-Bia\u0142a, Bydgoszcz, Gda\u0144sk i inne<\/div>\n        <\/div>\n    <\/div>\n<\/div>                                    <\/div>\n                                                                    <div class=\"events-slider-block__sliderItem swiper-slide\">\n                                    \n<div class=\"card-event  card-event--size-small\">\n        <a href=\"https:\/\/www.ebilet.pl\/muzyka\/pop\/tokio-hotel\" target=\"_blank\" class=\"card-event__link\" rel=\"nofollow noopener\"><\/a>\n        <div class=\"card-event__wrapper\">\n        <div class=\"card-event__image\">\n            <img decoding=\"async\" src=\"https:\/\/www.ebilet.pl\/media\/cms\/media\/i02j3uly\/tokio-hotel-552.webp\" alt=\"\">\n        <\/div>\n        <div class=\"card-event__data\">\n            <div class=\"card-event__name\">\n                <p>Tokio Hotel<\/p>\n            <\/div>\n            <div class=\"card-event__date\">19.08.2027-19.08.2027<\/div>\n            <div class=\"card-event__location\">Warszawa<\/div>\n        <\/div>\n    <\/div>\n<\/div>                                    <\/div>\n                                                                    <div class=\"events-slider-block__sliderItem swiper-slide\">\n                                    \n<div class=\"card-event  card-event--size-small\">\n        <a href=\"https:\/\/www.ebilet.pl\/muzyka\/festiwale\/up-to-date-festival\" target=\"_blank\" class=\"card-event__link\" rel=\"nofollow noopener\"><\/a>\n        <div class=\"card-event__wrapper\">\n        <div class=\"card-event__image\">\n            <img decoding=\"async\" src=\"https:\/\/www.ebilet.pl\/media\/cms\/media\/jfdlnoqn\/ebilet-552x736-portal-wersja-2-c38ddeaf-bf05-4f54-9e4d-377e6b572335.webp\" alt=\"\">\n        <\/div>\n        <div class=\"card-event__data\">\n            <div class=\"card-event__name\">\n                <p>Up To Date Festival 2027<\/p>\n            <\/div>\n            <div class=\"card-event__date\">27.05.2027-27.05.2027<\/div>\n            <div class=\"card-event__location\">Bia\u0142ystok<\/div>\n        <\/div>\n    <\/div>\n<\/div>                                    <\/div>\n                                                                    <div class=\"events-slider-block__sliderItem swiper-slide\">\n                                    \n<div class=\"card-event  card-event--size-small\">\n        <a href=\"https:\/\/www.ebilet.pl\/muzyka\/festiwale\/olsztyn-green-festival\" target=\"_blank\" class=\"card-event__link\" rel=\"nofollow noopener\"><\/a>\n        <div class=\"card-event__wrapper\">\n        <div class=\"card-event__image\">\n            <img decoding=\"async\" src=\"https:\/\/www.ebilet.pl\/media\/cms\/media\/ivzhtv3z\/1080x1350_ogf_edycja_2027-18faf89b-3a6e-4aa9-b07b-593f24448a27.webp\" alt=\"\">\n        <\/div>\n        <div class=\"card-event__data\">\n            <div class=\"card-event__name\">\n                <p>Olsztyn Green Festival 2027<\/p>\n            <\/div>\n            <div class=\"card-event__date\">13.08.2027-13.08.2027<\/div>\n            <div class=\"card-event__location\">Olsztyn<\/div>\n        <\/div>\n    <\/div>\n<\/div>                                    <\/div>\n                                                                    <div class=\"events-slider-block__sliderItem swiper-slide\">\n                                    \n<div class=\"card-event  card-event--size-small\">\n        <a href=\"https:\/\/www.ebilet.pl\/sport\/sporty-walki\/ksw-gala\" target=\"_blank\" class=\"card-event__link\" rel=\"nofollow noopener\"><\/a>\n        <div class=\"card-event__wrapper\">\n        <div class=\"card-event__image\">\n            <img decoding=\"async\" src=\"https:\/\/www.ebilet.pl\/media\/cms\/media\/cz4hwoy5\/ksw122_552x736-kopia-2bfd4e82-ebbc-475a-901b-7cd82d226339.webp\" alt=\"\">\n        <\/div>\n        <div class=\"card-event__data\">\n            <div class=\"card-event__name\">\n                <p>XTB KSW 122<\/p>\n            <\/div>\n            <div class=\"card-event__date\">10.10.2026-10.10.2026<\/div>\n            <div class=\"card-event__location\">Rzesz\u00f3w<\/div>\n        <\/div>\n    <\/div>\n<\/div>                                    <\/div>\n                                                                    <div class=\"events-slider-block__sliderItem swiper-slide\">\n                                    \n<div class=\"card-event  card-event--size-small\">\n        <a href=\"https:\/\/www.ebilet.pl\/muzyka\/rock\/fontaines-dc\" target=\"_blank\" class=\"card-event__link\" rel=\"nofollow noopener\"><\/a>\n        <div class=\"card-event__wrapper\">\n        <div class=\"card-event__image\">\n            <img decoding=\"async\" src=\"https:\/\/www.ebilet.pl\/media\/cms\/media\/ovge4bna\/fontaines_dc_portal_552x736.webp\" alt=\"\">\n        <\/div>\n        <div class=\"card-event__data\">\n            <div class=\"card-event__name\">\n                <p>Fontaines D.C. EU TOUR 2026<\/p>\n            <\/div>\n            <div class=\"card-event__date\">31.10.2026-31.10.2026<\/div>\n            <div class=\"card-event__location\">\u0141\u00f3d\u017a<\/div>\n        <\/div>\n    <\/div>\n<\/div>                                    <\/div>\n                                                                <\/div>\n                            <\/div>\n                        <\/div>\n                        <div class=\"events-slider-block__events swiper\" data-events-events-descriptions>\n                            <div class=\"events-slider-block__eventsWrapper swiper-wrapper\">\n                                                            <div class=\"events-slider-block__eventsItem swiper-slide\">\n                                    <a href=\"https:\/\/www.ebilet.pl\/muzyka\/festiwale\/opener-festival\" target=\"_blank\" class=\"events-slider-block__eventsName\">\n                                        <p>Open&#039;er Festival 2027<\/p>\n                                    <\/a>\n                                    <div class=\"events-slider-block__eventsDate\">\n                                        30.06.2027-03.07.2027                                    <\/div>\n                                    <div class=\"events-slider-block__eventsLocation\">Gdynia<\/div>\n                                <\/div>\n                                                            <div class=\"events-slider-block__eventsItem swiper-slide\">\n                                    <a href=\"https:\/\/www.ebilet.pl\/sport\/sporty-druzynowe\/koszykowka-mecz\" target=\"_blank\" class=\"events-slider-block__eventsName\">\n                                        <p>Kwalifikacje do Mistrzostw \u015awiata w koszyk\u00f3wce m\u0119\u017cczyzn 2027: Polska \u2013 Chorwacja<\/p>\n                                    <\/a>\n                                    <div class=\"events-slider-block__eventsDate\">\n                                        27.11.2026-27.11.2026                                    <\/div>\n                                    <div class=\"events-slider-block__eventsLocation\">Gliwice<\/div>\n                                <\/div>\n                                                            <div class=\"events-slider-block__eventsItem swiper-slide\">\n                                    <a href=\"https:\/\/www.ebilet.pl\/muzyka\/pop\/pitbull\" target=\"_blank\" class=\"events-slider-block__eventsName\">\n                                        <p>Pitbull &#8211; I&#039;m Back!<\/p>\n                                    <\/a>\n                                    <div class=\"events-slider-block__eventsDate\">\n                                        27.11.2026-03.12.2026                                    <\/div>\n                                    <div class=\"events-slider-block__eventsLocation\">Gda\u0144sk\/Sopot, \u0141\u00f3d\u017a<\/div>\n                                <\/div>\n                                                            <div class=\"events-slider-block__eventsItem swiper-slide\">\n                                    <a href=\"https:\/\/www.ebilet.pl\/muzyka\/pop\/take-that\" target=\"_blank\" class=\"events-slider-block__eventsName\">\n                                        <p>Take That<\/p>\n                                    <\/a>\n                                    <div class=\"events-slider-block__eventsDate\">\n                                        13.06.2027-13.06.2027                                    <\/div>\n                                    <div class=\"events-slider-block__eventsLocation\">Warszawa<\/div>\n                                <\/div>\n                                                            <div class=\"events-slider-block__eventsItem swiper-slide\">\n                                    <a href=\"https:\/\/www.ebilet.pl\/biznes\/wystawa\/van-gogh\" target=\"_blank\" class=\"events-slider-block__eventsName\">\n                                        <p>VAN GOGH \u2013 Wystawa Immersyjna &#8211; Lublin<\/p>\n                                    <\/a>\n                                    <div class=\"events-slider-block__eventsDate\">\n                                        15.09.2026-31.12.2026                                    <\/div>\n                                    <div class=\"events-slider-block__eventsLocation\">Lublin<\/div>\n                                <\/div>\n                                                            <div class=\"events-slider-block__eventsItem swiper-slide\">\n                                    <a href=\"https:\/\/www.ebilet.pl\/muzyka\/hip-hop-rap\/gombao33\" target=\"_blank\" class=\"events-slider-block__eventsName\">\n                                        <p>G33 Tour &#8211; Tadeo x Szczepan x Wygu\u015b x Mata<\/p>\n                                    <\/a>\n                                    <div class=\"events-slider-block__eventsDate\">\n                                        12.09.2026-04.10.2026                                    <\/div>\n                                    <div class=\"events-slider-block__eventsLocation\">Bydgoszcz, Gwi\u017adziny, Kra\u015bnik i inne<\/div>\n                                <\/div>\n                                                            <div class=\"events-slider-block__eventsItem swiper-slide\">\n                                    <a href=\"https:\/\/www.ebilet.pl\/muzyka\/hip-hop-rap\/otsochodzi\" target=\"_blank\" class=\"events-slider-block__eventsName\">\n                                        <p>Otsochodzi &#8211; RIOTT<\/p>\n                                    <\/a>\n                                    <div class=\"events-slider-block__eventsDate\">\n                                        01.10.2026-03.12.2026                                    <\/div>\n                                    <div class=\"events-slider-block__eventsLocation\">Gda\u0144sk, Krak\u00f3w, Pozna\u0144 i inne<\/div>\n                                <\/div>\n                                                            <div class=\"events-slider-block__eventsItem swiper-slide\">\n                                    <a href=\"https:\/\/www.ebilet.pl\/muzyka\/rock\/russell-crowe\" target=\"_blank\" class=\"events-slider-block__eventsName\">\n                                        <p>Russell Crowe\u2019s Indoor Garden Party<\/p>\n                                    <\/a>\n                                    <div class=\"events-slider-block__eventsDate\">\n                                        05.06.2027-05.06.2027                                    <\/div>\n                                    <div class=\"events-slider-block__eventsLocation\">\u0106miel\u00f3w<\/div>\n                                <\/div>\n                                                            <div class=\"events-slider-block__eventsItem swiper-slide\">\n                                    <a href=\"https:\/\/www.ebilet.pl\/muzyka\/piosenka\/koncert-koled-i-pastoralek-golec-uorkiestra\" target=\"_blank\" class=\"events-slider-block__eventsName\">\n                                        <p>Golec uOrkiestra &#8211; Koncert Kol\u0119d i Pastora\u0142ek<\/p>\n                                    <\/a>\n                                    <div class=\"events-slider-block__eventsDate\">\n                                        18.12.2026-17.01.2027                                    <\/div>\n                                    <div class=\"events-slider-block__eventsLocation\">Bielsko-Bia\u0142a, Bydgoszcz, Gda\u0144sk i inne<\/div>\n                                <\/div>\n                                                            <div class=\"events-slider-block__eventsItem swiper-slide\">\n                                    <a href=\"https:\/\/www.ebilet.pl\/muzyka\/pop\/tokio-hotel\" target=\"_blank\" class=\"events-slider-block__eventsName\">\n                                        <p>Tokio Hotel<\/p>\n                                    <\/a>\n                                    <div class=\"events-slider-block__eventsDate\">\n                                        19.08.2027-19.08.2027                                    <\/div>\n                                    <div class=\"events-slider-block__eventsLocation\">Warszawa<\/div>\n                                <\/div>\n                                                            <div class=\"events-slider-block__eventsItem swiper-slide\">\n                                    <a href=\"https:\/\/www.ebilet.pl\/muzyka\/festiwale\/up-to-date-festival\" target=\"_blank\" class=\"events-slider-block__eventsName\">\n                                        <p>Up To Date Festival 2027<\/p>\n                                    <\/a>\n                                    <div class=\"events-slider-block__eventsDate\">\n                                        27.05.2027-28.05.2027                                    <\/div>\n                                    <div class=\"events-slider-block__eventsLocation\">Bia\u0142ystok<\/div>\n                                <\/div>\n                                                            <div class=\"events-slider-block__eventsItem swiper-slide\">\n                                    <a href=\"https:\/\/www.ebilet.pl\/muzyka\/festiwale\/olsztyn-green-festival\" target=\"_blank\" class=\"events-slider-block__eventsName\">\n                                        <p>Olsztyn Green Festival 2027<\/p>\n                                    <\/a>\n                                    <div class=\"events-slider-block__eventsDate\">\n                                        13.08.2027-13.08.2027                                    <\/div>\n                                    <div class=\"events-slider-block__eventsLocation\">Olsztyn<\/div>\n                                <\/div>\n                                                            <div class=\"events-slider-block__eventsItem swiper-slide\">\n                                    <a href=\"https:\/\/www.ebilet.pl\/sport\/sporty-walki\/ksw-gala\" target=\"_blank\" class=\"events-slider-block__eventsName\">\n                                        <p>XTB KSW 122<\/p>\n                                    <\/a>\n                                    <div class=\"events-slider-block__eventsDate\">\n                                        10.10.2026-10.10.2026                                    <\/div>\n                                    <div class=\"events-slider-block__eventsLocation\">Rzesz\u00f3w<\/div>\n                                <\/div>\n                                                            <div class=\"events-slider-block__eventsItem swiper-slide\">\n                                    <a href=\"https:\/\/www.ebilet.pl\/muzyka\/rock\/fontaines-dc\" target=\"_blank\" class=\"events-slider-block__eventsName\">\n                                        <p>Fontaines D.C. EU TOUR 2026<\/p>\n                                    <\/a>\n                                    <div class=\"events-slider-block__eventsDate\">\n                                        31.10.2026-31.10.2026                                    <\/div>\n                                    <div class=\"events-slider-block__eventsLocation\">\u0141\u00f3d\u017a<\/div>\n                                <\/div>\n                                                        <\/div>\n                        <\/div>\n                        <div class=\"events-slider-block__pagination\">\n                            <div class=\"swiper-pagination slider-pagination slider-pagination--theme-white\" data-events-slider-pagination><\/div>\n                        <\/div>\n                    <\/div>\n                                        <div class=\"events-slider-block__bottom\">\n                                                                                <div class=\"events-slider-block__link desktop\">\n                                    <a\n                                        class=\"button button--size-small button--theme-primary-yellow button--withIconLeft\"\n                                        href=\"https:\/\/www.ebilet.pl\/\">\n                                                                                    <div class=\"button__icon\"><img loading=\"lazy\" decoding=\"async\" width=\"30\" height=\"30\" src=\"https:\/\/www.ebilet.pl\/now\/app\/uploads\/2024\/01\/ticket-cinema-entertainment-coupon-discount-sale_30px.png\" class=\"attachment-full size-full\" alt=\"\" \/><\/div>\n                                                                                <p class=\"button__text typo-18\">Kup bilety<\/p>\n                                    <\/a>\n                                <\/div>\n                                                                                <div class=\"events-slider-block__link mobile\">\n                                    <a\n                                        class=\"button button--size-small button--theme-primary-yellow button--withIconLeft\"\n                                        href=\"https:\/\/www.ebilet.pl\/\">\n                                                                                    <div class=\"button__icon\"><img loading=\"lazy\" decoding=\"async\" width=\"30\" height=\"30\" src=\"https:\/\/www.ebilet.pl\/now\/app\/uploads\/2024\/01\/ticket-cinema-entertainment-coupon-discount-sale_30px.png\" class=\"attachment-full size-full\" alt=\"\" \/><\/div>\n                                                                                <p class=\"button__text typo-18\">Kup bilety<\/p>\n                                    <\/a>\n                                <\/div>\n                                            <\/div>\n                <\/div>\n            <\/div>\n        <\/div>\n    <\/div>\n<\/section>","protected":false},"excerpt":{"rendered":"<p>Poznali\u015bmy line-up tegorocznej edycji Electrum Up To Date. Kto znalaz\u0142 si\u0119 w programie festiwalu? Dave Clarke, Sandwell District, Barker, Varg2\u2122, Sarah Davachi, Shcxchcxsh, Peder Mannerfelt, Sw@da i Niczos, Pejza\u017c oraz Mi\u0142y ATZ to tylko niekt\u00f3rzy z artyst\u00f3w, kt\u00f3rzy pojawi\u0105 si\u0119 w Bia\u0142ymstoku. Czas wi\u0119c zaznaczy\u0107 daty w kalendarzu i kupi\u0107 bilety, bo czeka nas jedno z  najlepszych, najwa\u017cniejszych i najbardziej inspiruj\u0105cych wydarze\u0144 na \u015bwiatowej mapie festiwali muzyki elektronicznej!<\/p>\n","protected":false},"author":8,"featured_media":52594,"comment_status":"open","ping_status":"open","sticky":false,"template":"page-templates\/article-default.php","format":"standard","meta":{"_acf_changed":false,"footnotes":""},"article_tag":[85,26,31,96,195],"article_type":[554],"class_list":["post-52450","post","type-post","status-publish","format-standard","has-post-thumbnail","hentry","article_tag-festiwal","article_tag-koncerty","article_tag-muzyka","article_tag-muzyka-elektroniczna","article_tag-techno","article_type-muzyka"],"acf":[],"_links":{"self":[{"href":"https:\/\/www.ebilet.pl\/now\/wp-json\/wp\/v2\/posts\/52450","targetHints":{"allow":["GET"]}}],"collection":[{"href":"https:\/\/www.ebilet.pl\/now\/wp-json\/wp\/v2\/posts"}],"about":[{"href":"https:\/\/www.ebilet.pl\/now\/wp-json\/wp\/v2\/types\/post"}],"author":[{"embeddable":true,"href":"https:\/\/www.ebilet.pl\/now\/wp-json\/wp\/v2\/users\/8"}],"replies":[{"embeddable":true,"href":"https:\/\/www.ebilet.pl\/now\/wp-json\/wp\/v2\/comments?post=52450"}],"version-history":[{"count":3,"href":"https:\/\/www.ebilet.pl\/now\/wp-json\/wp\/v2\/posts\/52450\/revisions"}],"predecessor-version":[{"id":60966,"href":"https:\/\/www.ebilet.pl\/now\/wp-json\/wp\/v2\/posts\/52450\/revisions\/60966"}],"wp:featuredmedia":[{"embeddable":true,"href":"https:\/\/www.ebilet.pl\/now\/wp-json\/wp\/v2\/media\/52594"}],"wp:attachment":[{"href":"https:\/\/www.ebilet.pl\/now\/wp-json\/wp\/v2\/media?parent=52450"}],"wp:term":[{"taxonomy":"article_tag","embeddable":true,"href":"https:\/\/www.ebilet.pl\/now\/wp-json\/wp\/v2\/article_tag?post=52450"},{"taxonomy":"article_type","embeddable":true,"href":"https:\/\/www.ebilet.pl\/now\/wp-json\/wp\/v2\/article_type?post=52450"}],"curies":[{"name":"wp","href":"https:\/\/api.w.org\/{rel}","templated":true}]}}