{"id":49981,"date":"2025-03-30T17:37:31","date_gmt":"2025-03-30T16:37:31","guid":{"rendered":"https:\/\/www.ebilet.pl\/now\/?p=49981"},"modified":"2025-03-30T17:37:34","modified_gmt":"2025-03-30T16:37:34","slug":"teatr-studio-buffo-w-warszawie-wszystko-co-warto-o-nim-wiedziec","status":"publish","type":"post","link":"https:\/\/www.ebilet.pl\/now\/teatr-studio-buffo-w-warszawie-wszystko-co-warto-o-nim-wiedziec\/","title":{"rendered":"Teatr Studio Buffo w Warszawie \u2013 wszystko, co warto o nim wiedzie\u0107"},"content":{"rendered":"\n<section class=\"text-block  section-margin-32\" >\n    <div class=\"container\">\n        <div class=\"row\">\n            <div class=\"col-24\">\n                <div class=\"text-block__content\"><h2><strong>Teatr Studio Buffo w Warszawie \u2013 gdzie jest?<\/strong><\/h2>\n<p><b>Studio Buffo znajdziesz przy ulicy Konopnickiej 6 w Warszawie, w dzielnicy \u015ar\u00f3dmie\u015bcie. <\/b><span style=\"font-weight: 400;\">Budynek mie\u015bci si\u0119 blisko Placu Trzech Krzy\u017cy, w pobli\u017cu wielu znanych miejsc kulturalnych (m.in. Teatr Syrena, Muzeum Narodowe). Jego fasada jest charakterystyczna dzi\u0119ki du\u017cemu, jasnemu neonowi z nazw\u0105 teatru (gdy jest jasno, co prawda nie \u015bwieci, ale wystaje tak bardzo, \u017ce go raczej nie przeoczysz) oraz prostemu, modernistycznemu wygl\u0105dowi. Wej\u015bcie jest dobrze oznaczone, wi\u0119c na pewno \u0142atwo je znajdziesz.<\/span><\/p>\n<h2><strong>Studio Buffo w Warszawie \u2013 historia<\/strong><\/h2>\n<h3><strong>Zanim pojawi\u0142o si\u0119 Studio Buffo\u2026<\/strong><\/h3>\n<p><span style=\"font-weight: 400;\">Zanim pojawi\u0142 si\u0119 teatr, w budynku, w kt\u00f3rym dzi\u015b znajdziesz Studio Buffo by\u0142a dawniej siedziba polskiej YMCA. Sam budynek otwarto w 1934 roku. YMCA, apolityczne stowarzyszenie, wspiera\u0142o ubogich, oferuj\u0105c r\u00f3wnie\u017c zaj\u0119cia dydaktyczne i sportowe. \u201cInauguracj\u0105\u201d sceny teatralnej by\u0142a wystawa odbiornik\u00f3w radiowych organizowana przez firm\u0119 Philips. Podczas okupacji budynek zosta\u0142 zaj\u0119ty przez gestapo.<\/span><\/p>\n<p><b>Po wojnie w YMCA odbywa\u0142y si\u0119 popularne koncerty jazzowe, organizowane dzi\u0119ki p\u0142ytom przesy\u0142anym przez ameryka\u0144ski oddzia\u0142.<\/b><span style=\"font-weight: 400;\"> Gdy w socjalistycznej Polsce YMCA zosta\u0142o rozwi\u0105zane, zniszczono oko\u0142o 500 p\u0142yt. Leopold Tyrmand, kt\u00f3ry mieszka\u0142 w YMCA, opisa\u0142 to miejsce w swoim \u201cDzienniku 1945\u201d.<\/span><\/p>\n<\/div>\n            <\/div>\n        <\/div>\n    <\/div>\n<\/section>\n\n\n<section class=\"banner banner--layout-default section-margin-32\" >\n    <div class=\"container\">\n        <div class=\"row\">\n            <div class=\"col-24\">\n                <div class=\"banner__wrapper\">\n                                        <div class=\"banner__bg\">\n                        <img loading=\"lazy\" decoding=\"async\" width=\"1920\" height=\"1080\" src=\"https:\/\/www.ebilet.pl\/now\/app\/uploads\/2025\/03\/YMCA_Teatr_Studio_Buffo_2022.jpg\" class=\"attachment-full size-full\" alt=\"Teatr Studio Buffo w Warszawie \u2013 wszystko, co warto o nim wiedzie\u0107\" srcset=\"https:\/\/www.ebilet.pl\/now\/app\/uploads\/2025\/03\/YMCA_Teatr_Studio_Buffo_2022.jpg 1920w, https:\/\/www.ebilet.pl\/now\/app\/uploads\/2025\/03\/YMCA_Teatr_Studio_Buffo_2022-1024x576.jpg 1024w, https:\/\/www.ebilet.pl\/now\/app\/uploads\/2025\/03\/YMCA_Teatr_Studio_Buffo_2022-1536x864.jpg 1536w, https:\/\/www.ebilet.pl\/now\/app\/uploads\/2025\/03\/YMCA_Teatr_Studio_Buffo_2022-1280x720.jpg 1280w, https:\/\/www.ebilet.pl\/now\/app\/uploads\/2025\/03\/YMCA_Teatr_Studio_Buffo_2022-500x281.jpg 500w, https:\/\/www.ebilet.pl\/now\/app\/uploads\/2025\/03\/YMCA_Teatr_Studio_Buffo_2022-632x356.jpg 632w, https:\/\/www.ebilet.pl\/now\/app\/uploads\/2025\/03\/YMCA_Teatr_Studio_Buffo_2022-308x174.jpg 308w\" sizes=\"(max-width: 1920px) 100vw, 1920px\" \/>                    <\/div>\n                                                                                                    <div class=\"banner__text\">\n                        <div class=\"banner__title typo-h2 f-700\">Wydarzenia w Studiu Buffo<\/div>\n                        <p class=\"banner__desc typo-14\"><\/p>\n                    <\/div>\n                                                            <div class=\"banner__link\">\n                        <a\n                            class=\"button button--theme-primary-yellow \"\n                            href=\"https:\/\/www.ebilet.pl\/miejsce\/teatr-studio-buffo\"\n                        >\n                            <p class=\"button__text typo-18\">Kup bilet<\/p>\n                                                    <\/a>\n                    <\/div>\n                                                        <\/div>\n            <\/div>\n        <\/div>\n    <\/div>\n<\/section>\n\n\n<section class=\"text-block  section-margin-32\" >\n    <div class=\"container\">\n        <div class=\"row\">\n            <div class=\"col-24\">\n                <div class=\"text-block__content\"><h4><strong>Scena kabaretowa i pocz\u0105tki teatru Buffo<\/strong><\/h4>\n<p><span style=\"font-weight: 400;\">W 1956 roku w budynku tym powsta\u0142a scena kabaretowa. Na pocz\u0105tku dzia\u0142alno\u015bci skupia\u0142o si\u0119 na satyrze i lekkiej rozrywce, ale z czasem przekszta\u0142ci\u0142o si\u0119 w przestrze\u0144 dla nowoczesnych musicali i widowisk teatralnych. <\/span><b>Przez wiele lat by\u0142 jedynym teatrem prywatnym w Polsce.<\/b><\/p>\n<p><span style=\"font-weight: 400;\">W latach 90. rozpocz\u0105\u0142 si\u0119 nowy rozdzia\u0142 w historii Buffo \u2013 za sterami teatru stan\u0119li Janusz J\u00f3zefowicz i Janusz Stok\u0142osa, wprowadzaj\u0105c do repertuaru autorskie musicale.<\/span><b> To tutaj narodzi\u0142o si\u0119 s\u0142ynne \u201cMetro\u201d \u2013 pierwszy polski musical, kt\u00f3ry trafi\u0142 na Broadway.<\/b><span style=\"font-weight: 400;\"> Premiera odby\u0142a si\u0119 30 stycznia 1991 roku, co prawda w Teatrze Dramatycznym, ale spektakl powsta\u0142 dzi\u0119ki J\u00f3zefowiczowi i Stok\u0142osie. Nied\u0142ugo p\u00f3\u017aniej trafi\u0142 na deski Teatru Minskoff Theatre na Broadwayu. Od tego czasu spektakl nieprzerwanie przyci\u0105ga widz\u00f3w.<\/span><\/p>\n<p><span style=\"font-weight: 400;\">Pierwsz\u0105 premier\u0105 wystawion\u0105 przez za\u0142o\u017cycieli na deskach teatru Studio Buffo by\u0142 spektakl \u201cDo graj\u0105cej szafy grosik wrzu\u0107\u201d, w kt\u00f3rym zagrali\/zagra\u0142y: Edyta G\u00f3rniak, Katarzyna Groniec, Barbar\u0105 Melzer, Robertem Janowskim, Micha\u0142em Milowiczem a tak\u017ce Krzysztofem Materna i Wojciech Mann (premiera odby\u0142a si\u0119 4 wrze\u015bnia 1993 roku).\u00a0<\/span><\/p>\n<p><b>Cho\u0107 Studio Buffo znane jest g\u0142\u00f3wnie z musicali, odbywa\u0142y si\u0119 tu (i nadal odbywaj\u0105) r\u00f3wnie\u017c koncerty, recitale i wydarzenia artystyczne. <\/b><span style=\"font-weight: 400;\">Jego wyj\u0105tkowa atmosfera i kameralna scena sprawiaj\u0105, \u017ce widzowie mog\u0105 by\u0107 naprawd\u0119 blisko artyst\u00f3w.<\/span><\/p>\n<h3><strong>Kto rozpocz\u0105\u0142 swoj\u0105 karier\u0119 w Studio Buffo?<\/strong><\/h3>\n<p><b>Na scenie Buffo wyst\u0119powali najwi\u0119ksi polscy arty\u015bci, tacy jak chocia\u017cby: <\/b><span style=\"font-weight: 400;\">Loda Halama, Adolf Dymsza, Ludwik Sempoli\u0144ski, Tadeusz Olsza, Hanna Skar\u017canka, Mira Zimi\u0144ska, Stefania Grodzie\u0144ska, Lidia Wysocka, Jeremi Przybora, Alina Janowska, Wojciech Pokora, Jan Kobuszewski, Gustaw Holoubek, Rena Rolska, Anna German, Czes\u0142aw Niemen, Wojciech M\u0142ynarski i wielu innych<\/span><\/p>\n<p><b>Co wi\u0119cej, w Studio Buffo rozpocz\u0119\u0142o swoj\u0105 karier\u0119 wielu znanych artyst\u00f3w, kt\u00f3rzy p\u00f3\u017aniej podbili polsk\u0105 scen\u0119 muzyczn\u0105 i teatraln\u0105. S\u0105 to chocia\u017cby:<\/b><\/p>\n<ul>\n<li style=\"font-weight: 400;\" aria-level=\"1\"><b>Edyta G\u00f3rniak <\/b><span style=\"font-weight: 400;\">\u2013 cho\u0107 jej kariera muzyczna zacz\u0119\u0142a si\u0119 od wyst\u0119p\u00f3w w telewizyjnych talent show, to w\u0142a\u015bnie Studio Buffo by\u0142o jednym z miejsc, gdzie rozwija\u0142a swoje umiej\u0119tno\u015bci wokalne, bior\u0105c udzia\u0142 w musicalach i koncertach,<\/span><\/li>\n<li style=\"font-weight: 400;\" aria-level=\"1\"><b>Artur Chamski <\/b><span style=\"font-weight: 400;\">\u2013 b\u0119d\u0105c na drugim roku studi\u00f3w, nawi\u0105za\u0142 wsp\u00f3\u0142prac\u0119 ze Studio Buffo, w kt\u00f3rym zagra\u0142 m.in. w musicalach \u201cMetro\u201d oraz \u201cRomeo i Julia\u201d,<\/span><\/li>\n<li style=\"font-weight: 400;\" aria-level=\"1\"><b>Agnieszka W\u0142odarczyk <\/b><span style=\"font-weight: 400;\">\u2013 aktorka, kt\u00f3ra zadebiutowa\u0142a w wieku 14 lat w Studio Buffo,<\/span><\/li>\n<li style=\"font-weight: 400;\" aria-level=\"1\"><b>Micha\u0142 Milowicz <\/b><span style=\"font-weight: 400;\">\u2013 b\u0119d\u0105c na drugim roku AWF, trafi\u0142 na casting do musicalu \u201cMetro\u201d. Cho\u0107 nie przeszed\u0142 eliminacji, poprosi\u0142 Janusza J\u00f3zefowicza o mo\u017cliwo\u015b\u0107 bycia wolnym s\u0142uchaczem. Porzuci\u0142 studia i w 1991 roku rozpocz\u0105\u0142 prac\u0119 przy spektaklu \u201cMetro\u201d, z kt\u00f3rym wyst\u0105pi\u0142 na Broadwayu w 1992 roku.<\/span><\/li>\n<\/ul>\n<h3><strong>Budynek warszawskiego Studia Buffo<\/strong><\/h3>\n<p><span style=\"font-weight: 400;\">Budynek, w kt\u00f3rym mie\u015bci si\u0119 teatr, zachowa\u0142 sw\u00f3j modernistyczny styl. <\/span><b>Jego fasada jest prosta, ale wyr\u00f3\u017cnia si\u0119 du\u017cym neonem z nazw\u0105 teatru, <\/b><span style=\"font-weight: 400;\">kt\u00f3ry przyci\u0105ga uwag\u0119 przechodni\u00f3w.<\/span><\/p>\n<p><span style=\"font-weight: 400;\">Wn\u0119trze Buffo to po\u0142\u0105czenie teatralnej atmosfery z nowoczesno\u015bci\u0105. Scena jest kameralna, co pozwala na bliski kontakt widz\u00f3w z artystami. \u015aciany zdobi\u0105 plakaty i fotografie z najwa\u017cniejszych spektakli oraz pami\u0105tki zwi\u0105zane z histori\u0105 teatru. W foyer mo\u017cna zobaczy\u0107 rekwizyty ze s\u0142ynnych musicali, a tak\u017ce materia\u0142y dokumentuj\u0105ce pocz\u0105tki \u201cMetra\u201d \u2013 pierwszego polskiego musicalu, kt\u00f3ry trafi\u0142 na Broadway.<\/span><\/p>\n<p><b>Studio Buffo to nie tylko teatr, ale r\u00f3wnie\u017c symbol polskiej sceny musicalowej.<\/b><span style=\"font-weight: 400;\"> Nawet je\u015bli nie planujesz spektaklu, warto zajrze\u0107 do \u015brodka i poczu\u0107 atmosfer\u0119 miejsca, w kt\u00f3rym swoje kariery zaczyna\u0142y gwiazdy polskiej muzyki i teatru.<\/span><\/p>\n<\/div>\n            <\/div>\n        <\/div>\n    <\/div>\n<\/section>\n\n\n<section class=\"tickets-slider  section-margin-32\"\n    data-tickets-slider\n    data-item-list-name=\"Karuzela z buttonami\"\n    data-item-list-id=\"karuzela_z_buttonami\"\n    >\n    <div class=\"container\">\n        <div class=\"row\">\n            <div class=\"col-24\">\n                <div class=\"tickets-slider__main\">\n                    <div class=\"tickets-slider__nav tickets-slider__nav--prev\">\n                        <div class=\"button button--withIcon button--theme-white-blur button--size-fixed-48\" data-tickets-slider-prev>\n                            <span class=\"button__icon icon icon-chevron-left\"><\/span>\n                        <\/div>\n                    <\/div>\n                    <div class=\"tickets-slider__nav tickets-slider__nav--next\">\n                        <div class=\"button button--withIcon button--theme-white-blur button--size-fixed-48\" data-tickets-slider-next>\n                            <span class=\"button__icon icon icon-chevron-right\"><\/span>\n                        <\/div>\n                    <\/div>\n                    <div class=\"tickets-slider__slider swiper\" data-tickets-slider-slider>\n                        <div class=\"tickets-slider__sliderWrapper swiper-wrapper\">\n                                                            <div class=\"tickets-slider__sliderItem swiper-slide\"\n                                    data-id=\"63906\"\n                                    data-name=\"Mecze towarzyskie Reprezentacji Polski m\u0119\u017cczyzn w siatk\u00f3wce\"\n                                    data-brand=\"Polska Siatk\u00f3wka Sp. z o.o.\"\n                                    data-category=\"sport\"\n                                    data-subcategory=\"sporty-druzynowe\"\n                                    data-city=\"Katowice, Sosnowiec\"\n                                    data-venue=\"ArcelorMittal Park w Sosnowcu\">\n                                    <div class=\"tickets-slider__sliderCard\">\n                                        \n<div class=\"card-ticket\">\n        <div class=\"card-ticket__image\">\n        <a href=\"https:\/\/www.ebilet.pl\/sport\/sporty-druzynowe\/mecz-siatkowki\">\n            <img decoding=\"async\" src=\"https:\/\/www.ebilet.pl\/media\/cms\/media\/paxoijep\/mecz-1-e7ebdff4-0eeb-4b41-87f8-b8cc79cca9e1.webp\" alt=\"Plakat wydarzenia\" \/>\n        <\/a>\n    <\/div>\n             \n    <div class=\"card-ticket__link\">\n        <a href=\"https:\/\/www.ebilet.pl\/sport\/sporty-druzynowe\/mecz-siatkowki\" class=\"button button--theme-primary-yellow button--withIconLeft button--size-small\">\n            <span class=\"button__icon icon icon-ticket\"><\/span>\n            <p class=\"button__text typo-16 f-600\">Kup bilet<\/p>\n        <\/a>\n    <\/div>\n    <\/div>                                    <\/div>\n                                <\/div>\n                                                            <div class=\"tickets-slider__sliderItem swiper-slide\"\n                                    data-id=\"13630\"\n                                    data-name=\"M\u0119skie Granie 2026\"\n                                    data-brand=\"LIVE Sp. z o.o.\"\n                                    data-category=\"muzyka\"\n                                    data-subcategory=\"festiwale\"\n                                    data-city=\"Gda\u0144sk, Krak\u00f3w, Pozna\u0144 i inne\"\n                                    data-venue=\"\u017bywiec Amfiteatr pod Grojcem\">\n                                    <div class=\"tickets-slider__sliderCard\">\n                                        \n<div class=\"card-ticket\">\n        <div class=\"card-ticket__image\">\n        <a href=\"https:\/\/www.ebilet.pl\/muzyka\/festiwale\/meskie-granie\">\n            <img decoding=\"async\" src=\"https:\/\/www.ebilet.pl\/media\/cms\/media\/otqfs0tb\/552x736-11-18222119-c0b1-48d3-9da6-2d9f34d401ee.webp\" alt=\"Plakat wydarzenia\" \/>\n        <\/a>\n    <\/div>\n             \n    <div class=\"card-ticket__link\">\n        <a href=\"https:\/\/www.ebilet.pl\/muzyka\/festiwale\/meskie-granie\" class=\"button button--theme-primary-yellow button--withIconLeft button--size-small\">\n            <span class=\"button__icon icon icon-ticket\"><\/span>\n            <p class=\"button__text typo-16 f-600\">Kup bilet<\/p>\n        <\/a>\n    <\/div>\n    <\/div>                                    <\/div>\n                                <\/div>\n                                                            <div class=\"tickets-slider__sliderItem swiper-slide\"\n                                    data-id=\"147392\"\n                                    data-name=\"Juwenalia 2026\"\n                                    data-brand=\"eBilet\"\n                                    data-category=\"biznes\"\n                                    data-subcategory=\"pozostale\"\n                                    data-city=\"\"\n                                    data-venue=\"\">\n                                    <div class=\"tickets-slider__sliderCard\">\n                                        \n<div class=\"card-ticket\">\n        <div class=\"card-ticket__image\">\n        <a href=\"https:\/\/www.ebilet.pl\/biznes\/pozostale\/juwenalia\">\n            <img decoding=\"async\" src=\"https:\/\/www.ebilet.pl\/media\/cms\/media\/3qgk420o\/552x736_cta-4.webp\" alt=\"Plakat wydarzenia\" \/>\n        <\/a>\n    <\/div>\n             \n    <div class=\"card-ticket__link\">\n        <a href=\"https:\/\/www.ebilet.pl\/biznes\/pozostale\/juwenalia\" class=\"button button--theme-primary-yellow button--withIconLeft button--size-small\">\n            <span class=\"button__icon icon icon-ticket\"><\/span>\n            <p class=\"button__text typo-16 f-600\">Kup bilet<\/p>\n        <\/a>\n    <\/div>\n    <\/div>                                    <\/div>\n                                <\/div>\n                                                            <div class=\"tickets-slider__sliderItem swiper-slide\"\n                                    data-id=\"10086\"\n                                    data-name=\"Orange Warsaw Festival 2026\"\n                                    data-brand=\"Alter Art\"\n                                    data-category=\"muzyka\"\n                                    data-subcategory=\"festiwale\"\n                                    data-city=\"Warszawa\"\n                                    data-venue=\"Tor Wy\u015bcig\u00f3w Konnych Warszawa - S\u0142u\u017cewiec\">\n                                    <div class=\"tickets-slider__sliderCard\">\n                                        \n<div class=\"card-ticket\">\n        <div class=\"card-ticket__image\">\n        <a href=\"https:\/\/www.ebilet.pl\/muzyka\/festiwale\/orange-warsaw-festival\">\n            <img decoding=\"async\" src=\"https:\/\/www.ebilet.pl\/media\/cms\/media\/bxnh21tr\/owf_2026_ebilet_552x736-94c1b52f-1e91-4861-ba57-03b21dcd6346.webp\" alt=\"Plakat wydarzenia\" \/>\n        <\/a>\n    <\/div>\n             \n    <div class=\"card-ticket__link\">\n        <a href=\"https:\/\/www.ebilet.pl\/muzyka\/festiwale\/orange-warsaw-festival\" class=\"button button--theme-primary-yellow button--withIconLeft button--size-small\">\n            <span class=\"button__icon icon icon-ticket\"><\/span>\n            <p class=\"button__text typo-16 f-600\">Kup bilet<\/p>\n        <\/a>\n    <\/div>\n    <\/div>                                    <\/div>\n                                <\/div>\n                                                            <div class=\"tickets-slider__sliderItem swiper-slide\"\n                                    data-id=\"205645\"\n                                    data-name=\"Bezpieczna odsprzeda\u017c w apce eBilet\"\n                                    data-brand=\"eBilet\"\n                                    data-category=\"biznes\"\n                                    data-subcategory=\"pozostale\"\n                                    data-city=\"\"\n                                    data-venue=\"\">\n                                    <div class=\"tickets-slider__sliderCard\">\n                                        \n<div class=\"card-ticket\">\n        <div class=\"card-ticket__image\">\n        <a href=\"https:\/\/www.ebilet.pl\/biznes\/pozostale\/odsprzedaz\">\n            <img decoding=\"async\" src=\"https:\/\/www.ebilet.pl\/media\/cms\/media\/lkwf0krx\/552x736-1.webp\" alt=\"Plakat wydarzenia\" \/>\n        <\/a>\n    <\/div>\n             \n    <div class=\"card-ticket__link\">\n        <a href=\"https:\/\/www.ebilet.pl\/biznes\/pozostale\/odsprzedaz\" class=\"button button--theme-primary-yellow button--withIconLeft button--size-small\">\n            <span class=\"button__icon icon icon-ticket\"><\/span>\n            <p class=\"button__text typo-16 f-600\">Kup bilet<\/p>\n        <\/a>\n    <\/div>\n    <\/div>                                    <\/div>\n                                <\/div>\n                                                            <div class=\"tickets-slider__sliderItem swiper-slide\"\n                                    data-id=\"121727\"\n                                    data-name=\"Rzeszowskie Juwenalia 2026\"\n                                    data-brand=\"BREND GROUP SP\u00d3\u0141KA Z OGRANICZON\u0104 ODPOWIEDZIALNO\u015aCI\u0104\"\n                                    data-category=\"muzyka\"\n                                    data-subcategory=\"festiwale\"\n                                    data-city=\"Rzesz\u00f3w\"\n                                    data-venue=\"\">\n                                    <div class=\"tickets-slider__sliderCard\">\n                                        \n<div class=\"card-ticket\">\n        <div class=\"card-ticket__image\">\n        <a href=\"https:\/\/www.ebilet.pl\/muzyka\/festiwale\/rzeszowskie-juwenalia\">\n            <img decoding=\"async\" src=\"https:\/\/www.ebilet.pl\/media\/cms\/media\/mmxfjquy\/rzj_ebilet-ok_adka-pion-c1e9f827-0b41-4d73-81c6-5531b20e6005.webp\" alt=\"Plakat wydarzenia\" \/>\n        <\/a>\n    <\/div>\n             \n    <div class=\"card-ticket__link\">\n        <a href=\"https:\/\/www.ebilet.pl\/muzyka\/festiwale\/rzeszowskie-juwenalia\" class=\"button button--theme-primary-yellow button--withIconLeft button--size-small\">\n            <span class=\"button__icon icon icon-ticket\"><\/span>\n            <p class=\"button__text typo-16 f-600\">Kup bilet<\/p>\n        <\/a>\n    <\/div>\n    <\/div>                                    <\/div>\n                                <\/div>\n                                                            <div class=\"tickets-slider__sliderItem swiper-slide\"\n                                    data-id=\"8527\"\n                                    data-name=\"OFF Festival Katowice 2026\"\n                                    data-brand=\"Fundacja Independent\"\n                                    data-category=\"muzyka\"\n                                    data-subcategory=\"festiwale\"\n                                    data-city=\"Katowice\"\n                                    data-venue=\"Katowicki Park Le\u015bny - Dolina Trzech Staw\u00f3w\">\n                                    <div class=\"tickets-slider__sliderCard\">\n                                        \n<div class=\"card-ticket\">\n        <div class=\"card-ticket__image\">\n        <a href=\"https:\/\/www.ebilet.pl\/muzyka\/festiwale\/off-festival\">\n            <img decoding=\"async\" src=\"https:\/\/www.ebilet.pl\/media\/cms\/media\/eqjjiso3\/og\u0105oszenie-9-zbiorcze-552-pion.webp\" alt=\"Plakat wydarzenia\" \/>\n        <\/a>\n    <\/div>\n             \n    <div class=\"card-ticket__link\">\n        <a href=\"https:\/\/www.ebilet.pl\/muzyka\/festiwale\/off-festival\" class=\"button button--theme-primary-yellow button--withIconLeft button--size-small\">\n            <span class=\"button__icon icon icon-ticket\"><\/span>\n            <p class=\"button__text typo-16 f-600\">Kup bilet<\/p>\n        <\/a>\n    <\/div>\n    <\/div>                                    <\/div>\n                                <\/div>\n                                                            <div class=\"tickets-slider__sliderItem swiper-slide\"\n                                    data-id=\"94598\"\n                                    data-name=\"FAME 31\"\n                                    data-brand=\"Fame MMA\"\n                                    data-category=\"sport\"\n                                    data-subcategory=\"sporty-walki\"\n                                    data-city=\"Koszalin\"\n                                    data-venue=\"Hala Widowiskowo-Sportowa w Koszalinie\">\n                                    <div class=\"tickets-slider__sliderCard\">\n                                        \n<div class=\"card-ticket\">\n        <div class=\"card-ticket__image\">\n        <a href=\"https:\/\/www.ebilet.pl\/sport\/sporty-walki\/fame-mma\">\n            <img decoding=\"async\" src=\"https:\/\/www.ebilet.pl\/media\/cms\/media\/24lbxjty\/fame31-cover-ebilet-552x736.webp\" alt=\"Plakat wydarzenia\" \/>\n        <\/a>\n    <\/div>\n             \n    <div class=\"card-ticket__link\">\n        <a href=\"https:\/\/www.ebilet.pl\/sport\/sporty-walki\/fame-mma\" class=\"button button--theme-primary-yellow button--withIconLeft button--size-small\">\n            <span class=\"button__icon icon icon-ticket\"><\/span>\n            <p class=\"button__text typo-16 f-600\">Kup bilet<\/p>\n        <\/a>\n    <\/div>\n    <\/div>                                    <\/div>\n                                <\/div>\n                                                            <div class=\"tickets-slider__sliderItem swiper-slide\"\n                                    data-id=\"204481\"\n                                    data-name=\"Pucio Na Wsi - spektakl\"\n                                    data-brand=\"Endorfina Events\"\n                                    data-category=\"rodzina\"\n                                    data-subcategory=\"spektakle-dla-dzieci\"\n                                    data-city=\"Bydgoszcz, Chorz\u00f3w, Katowice i inne\"\n                                    data-venue=\"Centrum Kultury i Sportu w Pruszkowie\">\n                                    <div class=\"tickets-slider__sliderCard\">\n                                        \n<div class=\"card-ticket\">\n        <div class=\"card-ticket__image\">\n        <a href=\"https:\/\/www.ebilet.pl\/rodzina\/spektakle-dla-dzieci\/pucio-na-wsi\">\n            <img decoding=\"async\" src=\"https:\/\/www.ebilet.pl\/media\/cms\/media\/okfl2hfr\/552x736-14695659-a6f1-41b9-8af1-de15f37caa79.webp\" alt=\"Plakat wydarzenia\" \/>\n        <\/a>\n    <\/div>\n             \n    <div class=\"card-ticket__link\">\n        <a href=\"https:\/\/www.ebilet.pl\/rodzina\/spektakle-dla-dzieci\/pucio-na-wsi\" class=\"button button--theme-primary-yellow button--withIconLeft button--size-small\">\n            <span class=\"button__icon icon icon-ticket\"><\/span>\n            <p class=\"button__text typo-16 f-600\">Kup bilet<\/p>\n        <\/a>\n    <\/div>\n    <\/div>                                    <\/div>\n                                <\/div>\n                                                            <div class=\"tickets-slider__sliderItem swiper-slide\"\n                                    data-id=\"7104\"\n                                    data-name=\"Open&#039;er Festival 2026\"\n                                    data-brand=\"Alter Art\"\n                                    data-category=\"muzyka\"\n                                    data-subcategory=\"festiwale\"\n                                    data-city=\"Gdynia\"\n                                    data-venue=\"Lotnisko Gdynia - Kosakowo\">\n                                    <div class=\"tickets-slider__sliderCard\">\n                                        \n<div class=\"card-ticket\">\n        <div class=\"card-ticket__image\">\n        <a href=\"https:\/\/www.ebilet.pl\/muzyka\/festiwale\/opener-festival\">\n            <img decoding=\"async\" src=\"https:\/\/www.ebilet.pl\/media\/cms\/media\/qvef4ie4\/opener2026_552x736-e8fd0918-0d0e-47d3-bbe0-f4f0302085e4.webp\" alt=\"Plakat wydarzenia\" \/>\n        <\/a>\n    <\/div>\n             \n    <div class=\"card-ticket__link\">\n        <a href=\"https:\/\/www.ebilet.pl\/muzyka\/festiwale\/opener-festival\" class=\"button button--theme-primary-yellow button--withIconLeft button--size-small\">\n            <span class=\"button__icon icon icon-ticket\"><\/span>\n            <p class=\"button__text typo-16 f-600\">Kup bilet<\/p>\n        <\/a>\n    <\/div>\n    <\/div>                                    <\/div>\n                                <\/div>\n                                                            <div class=\"tickets-slider__sliderItem swiper-slide\"\n                                    data-id=\"14808\"\n                                    data-name=\"VNL 2026 - Siatkarska Liga Narod\u00f3w M\u0119\u017cczyzn\"\n                                    data-brand=\"Polska Siatk\u00f3wka Sp. z o.o.\"\n                                    data-category=\"sport\"\n                                    data-subcategory=\"sporty-druzynowe\"\n                                    data-city=\"Gliwice\"\n                                    data-venue=\"PreZero Arena Gliwice\">\n                                    <div class=\"tickets-slider__sliderCard\">\n                                        \n<div class=\"card-ticket\">\n        <div class=\"card-ticket__image\">\n        <a href=\"https:\/\/www.ebilet.pl\/sport\/sporty-druzynowe\/siatkowka\">\n            <img decoding=\"async\" src=\"https:\/\/www.ebilet.pl\/media\/cms\/media\/sm3bcgpb\/vnl_m_552x736-2-ff8b8c4b-8e2c-494a-980f-b32762865327.webp\" alt=\"Plakat wydarzenia\" \/>\n        <\/a>\n    <\/div>\n             \n    <div class=\"card-ticket__link\">\n        <a href=\"https:\/\/www.ebilet.pl\/sport\/sporty-druzynowe\/siatkowka\" class=\"button button--theme-primary-yellow button--withIconLeft button--size-small\">\n            <span class=\"button__icon icon icon-ticket\"><\/span>\n            <p class=\"button__text typo-16 f-600\">Kup bilet<\/p>\n        <\/a>\n    <\/div>\n    <\/div>                                    <\/div>\n                                <\/div>\n                                                            <div class=\"tickets-slider__sliderItem swiper-slide\"\n                                    data-id=\"145251\"\n                                    data-name=\"Juwenalia Politechniki Lubelskiej 2026\"\n                                    data-brand=\"EVENT STUDIO KOWALEWSKI BRE\u015a Sp. J.\"\n                                    data-category=\"muzyka\"\n                                    data-subcategory=\"festiwale\"\n                                    data-city=\"Lublin\"\n                                    data-venue=\"Tereny Zielone Politechniki Lubelskiej\">\n                                    <div class=\"tickets-slider__sliderCard\">\n                                        \n<div class=\"card-ticket\">\n        <div class=\"card-ticket__image\">\n        <a href=\"https:\/\/www.ebilet.pl\/muzyka\/festiwale\/juwenalia-politechniki-lubelskiej\">\n            <img decoding=\"async\" src=\"https:\/\/www.ebilet.pl\/media\/cms\/media\/banlyonx\/552x736-1-f8bcb3b5-3fce-455f-89a1-2ee3034689b1.webp\" alt=\"Plakat wydarzenia\" \/>\n        <\/a>\n    <\/div>\n             \n    <div class=\"card-ticket__link\">\n        <a href=\"https:\/\/www.ebilet.pl\/muzyka\/festiwale\/juwenalia-politechniki-lubelskiej\" class=\"button button--theme-primary-yellow button--withIconLeft button--size-small\">\n            <span class=\"button__icon icon icon-ticket\"><\/span>\n            <p class=\"button__text typo-16 f-600\">Kup bilet<\/p>\n        <\/a>\n    <\/div>\n    <\/div>                                    <\/div>\n                                <\/div>\n                                                            <div class=\"tickets-slider__sliderItem swiper-slide\"\n                                    data-id=\"5930\"\n                                    data-name=\"Audioriver Festival 2026\"\n                                    data-brand=\"Audioriver Sp. z o.o.\"\n                                    data-category=\"muzyka\"\n                                    data-subcategory=\"festiwale\"\n                                    data-city=\"\u0141\u00f3d\u017a\"\n                                    data-venue=\"B\u0142onia \u0141\u00f3dzkie\">\n                                    <div class=\"tickets-slider__sliderCard\">\n                                        \n<div class=\"card-ticket\">\n        <div class=\"card-ticket__image\">\n        <a href=\"https:\/\/www.ebilet.pl\/muzyka\/festiwale\/audioriver\">\n            <img decoding=\"async\" src=\"https:\/\/www.ebilet.pl\/media\/cms\/media\/gfjpcqll\/so-far5-pion-84d088fb-d165-4b1b-b069-77f1f8fa737b.webp\" alt=\"Plakat wydarzenia\" \/>\n        <\/a>\n    <\/div>\n             \n    <div class=\"card-ticket__link\">\n        <a href=\"https:\/\/www.ebilet.pl\/muzyka\/festiwale\/audioriver\" class=\"button button--theme-primary-yellow button--withIconLeft button--size-small\">\n            <span class=\"button__icon icon icon-ticket\"><\/span>\n            <p class=\"button__text typo-16 f-600\">Kup bilet<\/p>\n        <\/a>\n    <\/div>\n    <\/div>                                    <\/div>\n                                <\/div>\n                                                            <div class=\"tickets-slider__sliderItem swiper-slide\"\n                                    data-id=\"202003\"\n                                    data-name=\"WWOFF\"\n                                    data-brand=\"Muzk Festival Sp. z o.o.\"\n                                    data-category=\"muzyka\"\n                                    data-subcategory=\"hip-hop-rap\"\n                                    data-city=\"Warszawa\"\n                                    data-venue=\"Hala COS Torwar \">\n                                    <div class=\"tickets-slider__sliderCard\">\n                                        \n<div class=\"card-ticket\">\n        <div class=\"card-ticket__image\">\n        <a href=\"https:\/\/www.ebilet.pl\/muzyka\/hip-hop-rap\/wwo\">\n            <img decoding=\"async\" src=\"https:\/\/www.ebilet.pl\/media\/cms\/media\/lranufrb\/portal-552x736a-f8052143-48fb-4e28-9564-7ff2fa400f8b.webp\" alt=\"Plakat wydarzenia\" \/>\n        <\/a>\n    <\/div>\n             \n    <div class=\"card-ticket__link\">\n        <a href=\"https:\/\/www.ebilet.pl\/muzyka\/hip-hop-rap\/wwo\" class=\"button button--theme-primary-yellow button--withIconLeft button--size-small\">\n            <span class=\"button__icon icon icon-ticket\"><\/span>\n            <p class=\"button__text typo-16 f-600\">Kup bilet<\/p>\n        <\/a>\n    <\/div>\n    <\/div>                                    <\/div>\n                                <\/div>\n                                                            <div class=\"tickets-slider__sliderItem swiper-slide\"\n                                    data-id=\"8112\"\n                                    data-name=\"21. Tauron Nowa Muzyka Katowice 2026\"\n                                    data-brand=\"Fundacja Nowa Muzyka Katowice\"\n                                    data-category=\"muzyka\"\n                                    data-subcategory=\"festiwale\"\n                                    data-city=\"Katowice\"\n                                    data-venue=\"Narodowa Orkiestra Symfoniczna Polskiego Radia - NOSPR\">\n                                    <div class=\"tickets-slider__sliderCard\">\n                                        \n<div class=\"card-ticket\">\n        <div class=\"card-ticket__image\">\n        <a href=\"https:\/\/www.ebilet.pl\/muzyka\/festiwale\/tauron-nowa-muzyka\">\n            <img decoding=\"async\" src=\"https:\/\/www.ebilet.pl\/media\/cms\/media\/j2hh3nmi\/tnmk2026_552x7361-1316ea33-ccd6-445a-963e-37b43cdf9619.webp\" alt=\"Plakat wydarzenia\" \/>\n        <\/a>\n    <\/div>\n             \n    <div class=\"card-ticket__link\">\n        <a href=\"https:\/\/www.ebilet.pl\/muzyka\/festiwale\/tauron-nowa-muzyka\" class=\"button button--theme-primary-yellow button--withIconLeft button--size-small\">\n            <span class=\"button__icon icon icon-ticket\"><\/span>\n            <p class=\"button__text typo-16 f-600\">Kup bilet<\/p>\n        <\/a>\n    <\/div>\n    <\/div>                                    <\/div>\n                                <\/div>\n                                                            <div class=\"tickets-slider__sliderItem swiper-slide\"\n                                    data-id=\"77334\"\n                                    data-name=\"OneRepublic\"\n                                    data-brand=\"Live Nation\"\n                                    data-category=\"muzyka\"\n                                    data-subcategory=\"pop\"\n                                    data-city=\"Krak\u00f3w\"\n                                    data-venue=\"TAURON Arena Krak\u00f3w\">\n                                    <div class=\"tickets-slider__sliderCard\">\n                                        \n<div class=\"card-ticket\">\n        <div class=\"card-ticket__image\">\n        <a href=\"https:\/\/www.ebilet.pl\/muzyka\/pop\/onerepublic\">\n            <img decoding=\"async\" src=\"https:\/\/www.ebilet.pl\/media\/cms\/media\/lpojz0b2\/or_552x736-d7c2e53e-d6f0-453c-b540-3c006a0c9314.webp\" alt=\"Plakat wydarzenia\" \/>\n        <\/a>\n    <\/div>\n             \n    <div class=\"card-ticket__link\">\n        <a href=\"https:\/\/www.ebilet.pl\/muzyka\/pop\/onerepublic\" class=\"button button--theme-primary-yellow button--withIconLeft button--size-small\">\n            <span class=\"button__icon icon icon-ticket\"><\/span>\n            <p class=\"button__text typo-16 f-600\">Kup bilet<\/p>\n        <\/a>\n    <\/div>\n    <\/div>                                    <\/div>\n                                <\/div>\n                                                            <div class=\"tickets-slider__sliderItem swiper-slide\"\n                                    data-id=\"16543\"\n                                    data-name=\"Rozta\u0144czony PGE Narodowy 2026\"\n                                    data-brand=\"KRYSIAK POLSKA CORPORATION Sp. z o.o.\"\n                                    data-category=\"muzyka\"\n                                    data-subcategory=\"festiwale\"\n                                    data-city=\"Warszawa\"\n                                    data-venue=\"PGE Narodowy im. Kazimierza G\u00f3rskiego\">\n                                    <div class=\"tickets-slider__sliderCard\">\n                                        \n<div class=\"card-ticket\">\n        <div class=\"card-ticket__image\">\n        <a href=\"https:\/\/www.ebilet.pl\/muzyka\/festiwale\/roztanczony-narodowy\">\n            <img decoding=\"async\" src=\"https:\/\/www.ebilet.pl\/media\/cms\/media\/vzjkxgps\/portal_basic.webp\" alt=\"Plakat wydarzenia\" \/>\n        <\/a>\n    <\/div>\n             \n    <div class=\"card-ticket__link\">\n        <a href=\"https:\/\/www.ebilet.pl\/muzyka\/festiwale\/roztanczony-narodowy\" class=\"button button--theme-primary-yellow button--withIconLeft button--size-small\">\n            <span class=\"button__icon icon icon-ticket\"><\/span>\n            <p class=\"button__text typo-16 f-600\">Kup bilet<\/p>\n        <\/a>\n    <\/div>\n    <\/div>                                    <\/div>\n                                <\/div>\n                                                            <div class=\"tickets-slider__sliderItem swiper-slide\"\n                                    data-id=\"29716\"\n                                    data-name=\"ATB | FINAL CHAPTER | POLAND TOUR\"\n                                    data-brand=\"HOT STAFF\"\n                                    data-category=\"muzyka\"\n                                    data-subcategory=\"elektro-techno\"\n                                    data-city=\"Bia\u0142ystok, Bydgoszcz, Gdynia i inne\"\n                                    data-venue=\"Wakepark Bydgoszcz\/My\u015bl\u0119cinek\">\n                                    <div class=\"tickets-slider__sliderCard\">\n                                        \n<div class=\"card-ticket\">\n        <div class=\"card-ticket__image\">\n        <a href=\"https:\/\/www.ebilet.pl\/muzyka\/elektro-techno\/atb\">\n            <img decoding=\"async\" src=\"https:\/\/www.ebilet.pl\/media\/cms\/media\/lfio3ow5\/ebilet-pion-2.webp\" alt=\"Plakat wydarzenia\" \/>\n        <\/a>\n    <\/div>\n             \n    <div class=\"card-ticket__link\">\n        <a href=\"https:\/\/www.ebilet.pl\/muzyka\/elektro-techno\/atb\" class=\"button button--theme-primary-yellow button--withIconLeft button--size-small\">\n            <span class=\"button__icon icon icon-ticket\"><\/span>\n            <p class=\"button__text typo-16 f-600\">Kup bilet<\/p>\n        <\/a>\n    <\/div>\n    <\/div>                                    <\/div>\n                                <\/div>\n                                                            <div class=\"tickets-slider__sliderItem swiper-slide\"\n                                    data-id=\"204457\"\n                                    data-name=\"Arcane Epic Symphony\"\n                                    data-brand=\"Stowarzyszenie Klub Fantastyki \u201eDruga Era\u201d\"\n                                    data-category=\"klasyka\"\n                                    data-subcategory=\"muzyka-filmowa\"\n                                    data-city=\"Pozna\u0144\"\n                                    data-venue=\"MTP - Mi\u0119dzynarodowe Targi Pozna\u0144skie\">\n                                    <div class=\"tickets-slider__sliderCard\">\n                                        \n<div class=\"card-ticket\">\n        <div class=\"card-ticket__image\">\n        <a href=\"https:\/\/www.ebilet.pl\/klasyka\/muzyka-filmowa\/arcane-epic-symphony\">\n            <img decoding=\"async\" src=\"https:\/\/www.ebilet.pl\/media\/cms\/media\/soxe2fiy\/p2026_arcane_552x736_1-1-dbdc60e7-ee87-42b6-9944-2c2990e9cc79.webp\" alt=\"Plakat wydarzenia\" \/>\n        <\/a>\n    <\/div>\n             \n    <div class=\"card-ticket__link\">\n        <a href=\"https:\/\/www.ebilet.pl\/klasyka\/muzyka-filmowa\/arcane-epic-symphony\" class=\"button button--theme-primary-yellow button--withIconLeft button--size-small\">\n            <span class=\"button__icon icon icon-ticket\"><\/span>\n            <p class=\"button__text typo-16 f-600\">Kup bilet<\/p>\n        <\/a>\n    <\/div>\n    <\/div>                                    <\/div>\n                                <\/div>\n                                                            <div class=\"tickets-slider__sliderItem swiper-slide\"\n                                    data-id=\"203093\"\n                                    data-name=\"B-DAY Festival by bambi\"\n                                    data-brand=\"BDF Sp. z.o.o.\"\n                                    data-category=\"muzyka\"\n                                    data-subcategory=\"hip-hop-rap\"\n                                    data-city=\"Warszawa\"\n                                    data-venue=\"Hala COS Torwar \">\n                                    <div class=\"tickets-slider__sliderCard\">\n                                        \n<div class=\"card-ticket\">\n        <div class=\"card-ticket__image\">\n        <a href=\"https:\/\/www.ebilet.pl\/muzyka\/hip-hop-rap\/bambi\">\n            <img decoding=\"async\" src=\"https:\/\/www.ebilet.pl\/media\/cms\/media\/gifbpcig\/552x736-1-320cc3b0-5e5a-4852-a922-efc848865831.webp\" alt=\"Plakat wydarzenia\" \/>\n        <\/a>\n    <\/div>\n             \n    <div class=\"card-ticket__link\">\n        <a href=\"https:\/\/www.ebilet.pl\/muzyka\/hip-hop-rap\/bambi\" class=\"button button--theme-primary-yellow button--withIconLeft button--size-small\">\n            <span class=\"button__icon icon icon-ticket\"><\/span>\n            <p class=\"button__text typo-16 f-600\">Kup bilet<\/p>\n        <\/a>\n    <\/div>\n    <\/div>                                    <\/div>\n                                <\/div>\n                                                    <\/div>\n                    <\/div>\n                <\/div>\n            <\/div>\n        <\/div>\n    <\/div>\n<\/section>\n\n\n<section class=\"text-block  section-margin-32\" >\n    <div class=\"container\">\n        <div class=\"row\">\n            <div class=\"col-24\">\n                <div class=\"text-block__content\"><h2><strong>Studio Buffo w Warszawie dzi\u015b<\/strong><\/h2>\n<p><span style=\"font-weight: 400;\">Obecnie Studio Buffo to nowoczesna przestrze\u0144 teatralna, kt\u00f3ra oferuje nie tylko musicale, ale tak\u017ce koncerty, spektakle tematyczne i wydarzenia specjalne.<\/span><\/p>\n<p><b>Znajdziesz tu:<\/b><\/p>\n<ul>\n<li style=\"font-weight: 400;\" aria-level=\"1\"><span style=\"font-weight: 400;\">Sal\u0119 g\u0142\u00f3wn\u0105 \u2013 klimatyczn\u0105, kameraln\u0105 przestrze\u0144, kt\u00f3ra pozwala na bliski kontakt widza z artyst\u0105. Widownia mie\u015bci kilkaset miejsc, a uk\u0142ad sceny pozwala na dynamiczne inscenizacje,<\/span><\/li>\n<li style=\"font-weight: 400;\" aria-level=\"1\"><span style=\"font-weight: 400;\">Scen\u0119 Buffo \u2013 miejsce koncert\u00f3w i wieczor\u00f3w muzycznych, takich jak \u201cHity Buffo\u201d, gdzie arty\u015bci wykonuj\u0105 zar\u00f3wno polskie, jak i \u015bwiatowe przeboje,<\/span><\/li>\n<li style=\"font-weight: 400;\" aria-level=\"1\"><span style=\"font-weight: 400;\">Przestrze\u0144 eventow\u0105 \u2013 wykorzystywana do spotka\u0144 z artystami, wydarze\u0144 specjalnych czy warsztat\u00f3w teatralnych.<\/span><\/li>\n<\/ul>\n<p><b>Repertuar Studia Buffo jest r\u00f3\u017cnorodny \u2013<\/b><span style=\"font-weight: 400;\"> znajdziesz tu zar\u00f3wno klasyczne musicale, jak i autorskie spektakle, kt\u00f3re na sta\u0142e wpisa\u0142y si\u0119 w histori\u0119 polskiej sceny muzycznej.<\/span><\/p>\n<p><span style=\"font-weight: 400;\">Studio Buffo dzia\u0142a na zasadach rynkowych \u2013 bez subwencji i dotacji publicznych. Dzi\u0119ki temu w\u0142a\u015bcicielom oraz artystom uda\u0142o si\u0119 stworzy\u0107 unikalny teatr polskiej piosenki.\u00a0<\/span><\/p>\n<p><b>Dzi\u015b zesp\u00f3\u0142 ma w repertuarze oko\u0142o trzystu utwor\u00f3w, od piosenek mi\u0119dzywojennych po wsp\u00f3\u0142czesne hity. <\/b><span style=\"font-weight: 400;\">Opr\u00f3cz w\u0142asnych spektakli, prezentuje tak\u017ce wa\u017cne wydarzenia artystyczne z zakresu dramatu, teatru muzycznego, piosenki, jazzu, kabaretu i estrady. Od 1992 roku zagrano ponad dziesi\u0119\u0107 tysi\u0119cy spektakli i koncert\u00f3w, kt\u00f3re obejrza\u0142o ponad cztery miliony widz\u00f3w.<\/span><\/p>\n<h3><strong>Jakie wydarzenia odbywaj\u0105 si\u0119 w Studiu Buffo?<\/strong><\/h3>\n<p><b>W Teatrze Studio Buffo odbywaj\u0105 si\u0119:<\/b><\/p>\n<ul>\n<li style=\"font-weight: 400;\" aria-level=\"1\"><span style=\"font-weight: 400;\">musicale \u2013 zar\u00f3wno kultowe produkcje, jak \u201cMetro\u201d, \u201cRomeo i Julia\u201d czy \u201cPiotru\u015b Pan\u201d, jak i nowe spektakle muzyczne,<\/span><\/li>\n<li style=\"font-weight: 400;\" aria-level=\"1\"><span style=\"font-weight: 400;\">koncerty \u2013 w tym popularne \u201cHity Buffo\u201d, czyli wieczory z najwi\u0119kszymi przebojami polskiej i \u015bwiatowej muzyki,<\/span><\/li>\n<li style=\"font-weight: 400;\" aria-level=\"1\"><span style=\"font-weight: 400;\">spektakle teatralne \u2013 od widowisk muzycznych po kameralne przedstawienia,<\/span><\/li>\n<li style=\"font-weight: 400;\" aria-level=\"1\"><span style=\"font-weight: 400;\">wieczory tematyczne \u2013 wydarzenia po\u015bwi\u0119cone konkretnym artystom, gatunkom muzycznym lub okresom w historii muzyki,<\/span><\/li>\n<li style=\"font-weight: 400;\" aria-level=\"1\"><span style=\"font-weight: 400;\">spotkania autorskie i warsztaty \u2013 okazje do rozmowy z artystami i poznania kulis ich pracy,<\/span><\/li>\n<li style=\"font-weight: 400;\" aria-level=\"1\"><span style=\"font-weight: 400;\">wydarzenia specjalne \u2013 jubileusze, benefisy oraz wydarzenia organizowane we wsp\u00f3\u0142pracy z innymi instytucjami.<\/span><\/li>\n<\/ul>\n<h4><strong>Najciekawsze wydarzenia w Studio Buffo<\/strong><\/h4>\n<p><b>Nigdy nie by\u0142e\u015b w Studio Buffo? Zobacz pi\u0119\u0107 najciekawszych wydarze\u0144:<\/b><\/p>\n<ol>\n<li style=\"font-weight: 400;\" aria-level=\"1\"><span style=\"font-weight: 400;\">Musical \u201cMetro\u201d \u2013 pierwszy polski musical, kt\u00f3ry trafi\u0142 na Broadway. Opowiada o marzeniach m\u0142odych ludzi, ich d\u0105\u017ceniach i wyzwaniach, z jakimi si\u0119 mierz\u0105,<\/span><\/li>\n<li style=\"font-weight: 400;\" aria-level=\"1\"><span style=\"font-weight: 400;\">Cykl koncert\u00f3w \u201cHity Buffo\u201d \u2013 podczas nich arty\u015bci prezentuj\u0105 najwi\u0119ksze przeboje muzyki polskiej i \u015bwiatowej. S\u0105 r\u00f3\u017cne wieczory, m.in. latynoski, francuski, w\u0142oski czy ba\u0142ka\u0144ski,<\/span><\/li>\n<li style=\"font-weight: 400;\" aria-level=\"1\"><span style=\"font-weight: 400;\">Musical \u201cRomeo i Julia\u201d w 3D \u2013 nowoczesna interpretacja klasycznego dramatu Szekspira w re\u017cyserii Janusza J\u00f3zefowicza. Spektakl \u0142\u0105czy tradycyjn\u0105 gr\u0119 aktorsk\u0105 z nowoczesn\u0105 technologi\u0105 3D, tworz\u0105c widowisko pe\u0142ne emocji i wizualnych efekt\u00f3w. To opowie\u015b\u0107 o mi\u0142o\u015bci, kt\u00f3ra przekracza granice czasu i przestrzeni,<\/span><\/li>\n<li style=\"font-weight: 400;\" aria-level=\"1\"><span style=\"font-weight: 400;\">Musical \u201cPolita\u201d w 3D \u2013 spektakl opowiadaj\u0105cy o \u017cyciu Poli Negri, jednej z najwi\u0119kszych gwiazd kina niemego. Wykorzystanie technologii 3D pozwoli ci przenie\u015b\u0107 si\u0119 w czasie i przestrzeni. B\u0119dziesz \u015bledzi\u0107 losy aktorki od jej pocz\u0105tk\u00f3w w Polsce, przez karier\u0119 w Hollywood, a\u017c po p\u00f3\u017aniejsze lata,<\/span><\/li>\n<li style=\"font-weight: 400;\" aria-level=\"1\"><span style=\"font-weight: 400;\">\u201c100 lat polskiej piosenki\u201d \u2013 muzyczna podr\u00f3\u017c przez ro\u017cne dekady polskiej piosenki. Arty\u015bci prezentuj\u0105 utwory od okresu mi\u0119dzywojennego, przez PRL, a\u017c po wsp\u00f3\u0142czesne hity.<\/span><\/li>\n<\/ol>\n<h3><strong>Kto wyst\u0119puje\/wyst\u0119powa\u0142 w Studio Buffo?<\/strong><\/h3>\n<p><b>Na scenie wyst\u0119powali m.in.:\u00a0<\/b><\/p>\n<ul>\n<li style=\"font-weight: 400;\" aria-level=\"1\"><span style=\"font-weight: 400;\">Ewa B\u0142aszczyk,\u00a0<\/span><\/li>\n<li style=\"font-weight: 400;\" aria-level=\"1\"><span style=\"font-weight: 400;\">Edyta Geppert,\u00a0<\/span><\/li>\n<li style=\"font-weight: 400;\" aria-level=\"1\"><span style=\"font-weight: 400;\">Anna Maria Jopek,\u00a0<\/span><\/li>\n<li style=\"font-weight: 400;\" aria-level=\"1\"><span style=\"font-weight: 400;\">Violetta Villas,\u00a0<\/span><\/li>\n<li style=\"font-weight: 400;\" aria-level=\"1\"><span style=\"font-weight: 400;\">Mieczys\u0142aw Bajor,\u00a0<\/span><\/li>\n<li style=\"font-weight: 400;\" aria-level=\"1\"><span style=\"font-weight: 400;\">Janusz Gajos,\u00a0<\/span><\/li>\n<li style=\"font-weight: 400;\" aria-level=\"1\"><span style=\"font-weight: 400;\">Andrzej Grabowski,\u00a0<\/span><\/li>\n<li style=\"font-weight: 400;\" aria-level=\"1\"><span style=\"font-weight: 400;\">Eugeniusz Kami\u0144ski,\u00a0<\/span><\/li>\n<li style=\"font-weight: 400;\" aria-level=\"1\"><span style=\"font-weight: 400;\">Bogus\u0142aw Linda,\u00a0<\/span><\/li>\n<li style=\"font-weight: 400;\" aria-level=\"1\"><span style=\"font-weight: 400;\">Cezary Pazura,\u00a0<\/span><\/li>\n<li style=\"font-weight: 400;\" aria-level=\"1\"><span style=\"font-weight: 400;\">Kayah,\u00a0<\/span><\/li>\n<li style=\"font-weight: 400;\" aria-level=\"1\"><span style=\"font-weight: 400;\">Marek Stuhr,\u00a0<\/span><\/li>\n<li style=\"font-weight: 400;\" aria-level=\"1\"><span style=\"font-weight: 400;\">S\u0142awomir Szurmiej,<\/span><\/li>\n<li style=\"font-weight: 400;\" aria-level=\"1\"><span style=\"font-weight: 400;\">Wojciech Zborowski,\u00a0<\/span><\/li>\n<li style=\"font-weight: 400;\" aria-level=\"1\"><span style=\"font-weight: 400;\">Teatr Montownia.<\/span><\/li>\n<\/ul>\n<\/div>\n            <\/div>\n        <\/div>\n    <\/div>\n<\/section>\n\n\n    <section class=\"events-carousel-block  section-margin-32\"\n        data-events-carousel\n        data-settings='{\"per_view\":5}'\n        data-item-list-name=\"Karuzela niska Polecamy na eBilet\"\n        data-item-list-id=\"karuzela_niska Polecamy na eBilet\"\n        >\n        <div class=\"container\">\n                            <div class=\"row\">\n                    <div class=\"col-24\">\n                        <div class=\"events-carousel-block__title\">\n                            <h2 class=\"typo-h2\">Polecamy na eBilet<\/h2>\n                        <\/div>\n                    <\/div>\n                <\/div>\n                        <div class=\"row\">\n                <div class=\"col-24\">\n                    <div class=\"events-carousel-block__events\">\n                        <div class=\"events-carousel-block__nav events-carousel-block__nav--prev\">\n                            <div class=\"button button--withIcon button--theme-white-blur button--size-fixed-48\" data-events-carousel-prev>\n                                <span class=\"button__icon icon icon-chevron-left\"><\/span>\n                            <\/div>\n                        <\/div>\n                        <div class=\"events-carousel-block__nav events-carousel-block__nav--next\">\n                            <div class=\"button button--withIcon button--theme-white-blur button--size-fixed-48\" data-events-carousel-next>\n                                <span class=\"button__icon icon icon-chevron-right\"><\/span>\n                            <\/div>\n                        <\/div>\n                        <div class=\"events-carousel-block__slider swiper\" data-events-carousel-slider>\n                            <div class=\"events-carousel-block__sliderWrapper swiper-wrapper\">\n                                                                    <div class=\"events-carousel-block__sliderItem swiper-slide\"\n                                        data-id=\"63172\"\n                                        data-name=\"Voucher kinowy Helios\"\n                                        data-brand=\"Helios Media Sp. z o.o.\"\n                                        data-category=\"kino\"\n                                        data-subcategory=\"pozostale\"\n                                        data-city=\"Warszawa\"\n                                        data-venue=\"\">\n                                        \n<div class=\"card-event  card-event--size-small\">\n        <a href=\"https:\/\/www.ebilet.pl\/kino\/pozostale\/voucher-kinowy-helios\" target=\"_blank\" class=\"card-event__link\" rel=\"nofollow noopener\"><\/a>\n        <div class=\"card-event__wrapper\">\n        <div class=\"card-event__image\">\n            <img decoding=\"async\" src=\"https:\/\/www.ebilet.pl\/media\/cms\/media\/hfhlz0pe\/pozizom-d37c6cb2-c34e-4f8f-8b40-c73a5a052a83.webp\" alt=\"\">\n        <\/div>\n        <div class=\"card-event__data\">\n            <div class=\"card-event__name\">\n                <p>Voucher kinowy Helios<\/p>\n            <\/div>\n            <div class=\"card-event__date\"><\/div>\n            <div class=\"card-event__location\">Warszawa<\/div>\n        <\/div>\n    <\/div>\n<\/div>                                    <\/div>\n                                                                    <div class=\"events-carousel-block__sliderItem swiper-slide\"\n                                        data-id=\"161461\"\n                                        data-name=\"Boeing Boeing - Teatr Capitol\"\n                                        data-brand=\"Teatr Capitol\"\n                                        data-category=\"teatr\"\n                                        data-subcategory=\"komedia\"\n                                        data-city=\"Gda\u0144sk, Warszawa\"\n                                        data-venue=\"Teatr Capitol w Warszawie\">\n                                        \n<div class=\"card-event  card-event--size-small\">\n        <a href=\"https:\/\/www.ebilet.pl\/teatr\/komedia\/boeing-boeing-teatr-capitol\" target=\"_blank\" class=\"card-event__link\" rel=\"nofollow noopener\"><\/a>\n        <div class=\"card-event__wrapper\">\n        <div class=\"card-event__image\">\n            <img decoding=\"async\" src=\"https:\/\/www.ebilet.pl\/media\/cms\/media\/4oebxceo\/656x359-popr-20-11.webp\" alt=\"\">\n        <\/div>\n        <div class=\"card-event__data\">\n            <div class=\"card-event__name\">\n                <p>Boeing Boeing &#8211; Teatr Capitol<\/p>\n            <\/div>\n            <div class=\"card-event__date\"><\/div>\n            <div class=\"card-event__location\">Gda\u0144sk, Warszawa<\/div>\n        <\/div>\n    <\/div>\n<\/div>                                    <\/div>\n                                                                    <div class=\"events-carousel-block__sliderItem swiper-slide\"\n                                        data-id=\"94598\"\n                                        data-name=\"FAME 31\"\n                                        data-brand=\"Fame MMA\"\n                                        data-category=\"sport\"\n                                        data-subcategory=\"sporty-walki\"\n                                        data-city=\"Koszalin\"\n                                        data-venue=\"Hala Widowiskowo-Sportowa w Koszalinie\">\n                                        \n<div class=\"card-event  card-event--size-small\">\n        <a href=\"https:\/\/www.ebilet.pl\/sport\/sporty-walki\/fame-mma\" target=\"_blank\" class=\"card-event__link\" rel=\"nofollow noopener\"><\/a>\n        <div class=\"card-event__wrapper\">\n        <div class=\"card-event__image\">\n            <img decoding=\"async\" src=\"https:\/\/www.ebilet.pl\/media\/cms\/media\/orylmco5\/fame31-cover-ebilet-656x369.webp\" alt=\"\">\n        <\/div>\n        <div class=\"card-event__data\">\n            <div class=\"card-event__name\">\n                <p>FAME 31<\/p>\n            <\/div>\n            <div class=\"card-event__date\"><\/div>\n            <div class=\"card-event__location\">Koszalin<\/div>\n        <\/div>\n    <\/div>\n<\/div>                                    <\/div>\n                                                                    <div class=\"events-carousel-block__sliderItem swiper-slide\"\n                                        data-id=\"13630\"\n                                        data-name=\"M\u0119skie Granie 2026\"\n                                        data-brand=\"LIVE Sp. z o.o.\"\n                                        data-category=\"muzyka\"\n                                        data-subcategory=\"festiwale\"\n                                        data-city=\"Gda\u0144sk, Krak\u00f3w, Pozna\u0144 i inne\"\n                                        data-venue=\"\u017bywiec Amfiteatr pod Grojcem\">\n                                        \n<div class=\"card-event  card-event--size-small\">\n        <a href=\"https:\/\/www.ebilet.pl\/muzyka\/festiwale\/meskie-granie\" target=\"_blank\" class=\"card-event__link\" rel=\"nofollow noopener\"><\/a>\n        <div class=\"card-event__wrapper\">\n        <div class=\"card-event__image\">\n            <img decoding=\"async\" src=\"https:\/\/www.ebilet.pl\/media\/cms\/media\/fl5hhucv\/656x369-11-78db817f-ad60-4332-b49a-e1c7a2e31068.webp\" alt=\"\">\n        <\/div>\n        <div class=\"card-event__data\">\n            <div class=\"card-event__name\">\n                <p>M\u0119skie Granie 2026<\/p>\n            <\/div>\n            <div class=\"card-event__date\"><\/div>\n            <div class=\"card-event__location\">Gda\u0144sk, Krak\u00f3w, Pozna\u0144 i inne<\/div>\n        <\/div>\n    <\/div>\n<\/div>                                    <\/div>\n                                                                    <div class=\"events-carousel-block__sliderItem swiper-slide\"\n                                        data-id=\"38728\"\n                                        data-name=\"Silesia Memoria\u0142 Kamili Skolimowskiej\"\n                                        data-brand=\"Fundacja Kamili Skolimowskiej\"\n                                        data-category=\"sport\"\n                                        data-subcategory=\"lekkoatletyka\"\n                                        data-city=\"Chorz\u00f3w\"\n                                        data-venue=\"Superauto.pl Stadion \u015al\u0105ski\">\n                                        \n<div class=\"card-event  card-event--size-small\">\n        <a href=\"https:\/\/www.ebilet.pl\/sport\/lekkoatletyka\/memorial-kamili-skolimowskiej\" target=\"_blank\" class=\"card-event__link\" rel=\"nofollow noopener\"><\/a>\n        <div class=\"card-event__wrapper\">\n        <div class=\"card-event__image\">\n            <img decoding=\"async\" src=\"https:\/\/www.ebilet.pl\/media\/cms\/media\/szunpuvg\/656x369-2-f821045a-7792-4901-947d-c0affda9f75a.webp\" alt=\"\">\n        <\/div>\n        <div class=\"card-event__data\">\n            <div class=\"card-event__name\">\n                <p>Silesia Memoria\u0142 Kamili Skolimowskiej<\/p>\n            <\/div>\n            <div class=\"card-event__date\"><\/div>\n            <div class=\"card-event__location\">Chorz\u00f3w<\/div>\n        <\/div>\n    <\/div>\n<\/div>                                    <\/div>\n                                                                    <div class=\"events-carousel-block__sliderItem swiper-slide\"\n                                        data-id=\"128680\"\n                                        data-name=\"Sunset Square 2026\"\n                                        data-brand=\"MDT Production\"\n                                        data-category=\"muzyka\"\n                                        data-subcategory=\"festiwale\"\n                                        data-city=\"Gdynia\"\n                                        data-venue=\"Skwer Ko\u015bciuszki\">\n                                        \n<div class=\"card-event  card-event--size-small\">\n        <a href=\"https:\/\/www.ebilet.pl\/muzyka\/festiwale\/sunset-square\" target=\"_blank\" class=\"card-event__link\" rel=\"nofollow noopener\"><\/a>\n        <div class=\"card-event__wrapper\">\n        <div class=\"card-event__image\">\n            <img decoding=\"async\" src=\"https:\/\/www.ebilet.pl\/media\/cms\/media\/idvdsit0\/boris-brejcha-1920x1080-05899710-c9c2-4417-95f9-aad73df94b6c.webp\" alt=\"\">\n        <\/div>\n        <div class=\"card-event__data\">\n            <div class=\"card-event__name\">\n                <p>Sunset Square 2026<\/p>\n            <\/div>\n            <div class=\"card-event__date\"><\/div>\n            <div class=\"card-event__location\">Gdynia<\/div>\n        <\/div>\n    <\/div>\n<\/div>                                    <\/div>\n                                                                    <div class=\"events-carousel-block__sliderItem swiper-slide\"\n                                        data-id=\"10672\"\n                                        data-name=\"Red Bull Drift Masters, Grand Finale 2026, Poland\"\n                                        data-brand=\"Drift Masters Grand Prix Sp. z o.o.\"\n                                        data-category=\"sport\"\n                                        data-subcategory=\"sporty-motorowe\"\n                                        data-city=\"Warszawa\"\n                                        data-venue=\"PGE Narodowy im. Kazimierza G\u00f3rskiego\">\n                                        \n<div class=\"card-event  card-event--size-small\">\n        <a href=\"https:\/\/www.ebilet.pl\/sport\/sporty-motorowe\/drift-masters\" target=\"_blank\" class=\"card-event__link\" rel=\"nofollow noopener\"><\/a>\n        <div class=\"card-event__wrapper\">\n        <div class=\"card-event__image\">\n            <img decoding=\"async\" src=\"https:\/\/www.ebilet.pl\/media\/cms\/media\/ufikt2pp\/656x369-1-3259eaa7-dcbd-4393-a286-5f17e35417c5.webp\" alt=\"\">\n        <\/div>\n        <div class=\"card-event__data\">\n            <div class=\"card-event__name\">\n                <p>Red Bull Drift Masters, Grand Finale 2026, Poland<\/p>\n            <\/div>\n            <div class=\"card-event__date\"><\/div>\n            <div class=\"card-event__location\">Warszawa<\/div>\n        <\/div>\n    <\/div>\n<\/div>                                    <\/div>\n                                                                    <div class=\"events-carousel-block__sliderItem swiper-slide\"\n                                        data-id=\"16543\"\n                                        data-name=\"Rozta\u0144czony PGE Narodowy 2026\"\n                                        data-brand=\"KRYSIAK POLSKA CORPORATION Sp. z o.o.\"\n                                        data-category=\"muzyka\"\n                                        data-subcategory=\"festiwale\"\n                                        data-city=\"Warszawa\"\n                                        data-venue=\"PGE Narodowy im. Kazimierza G\u00f3rskiego\">\n                                        \n<div class=\"card-event  card-event--size-small\">\n        <a href=\"https:\/\/www.ebilet.pl\/muzyka\/festiwale\/roztanczony-narodowy\" target=\"_blank\" class=\"card-event__link\" rel=\"nofollow noopener\"><\/a>\n        <div class=\"card-event__wrapper\">\n        <div class=\"card-event__image\">\n            <img decoding=\"async\" src=\"https:\/\/www.ebilet.pl\/media\/cms\/media\/ih4mtfpw\/newletter_basic.webp\" alt=\"\">\n        <\/div>\n        <div class=\"card-event__data\">\n            <div class=\"card-event__name\">\n                <p>Rozta\u0144czony PGE Narodowy 2026<\/p>\n            <\/div>\n            <div class=\"card-event__date\"><\/div>\n            <div class=\"card-event__location\">Warszawa<\/div>\n        <\/div>\n    <\/div>\n<\/div>                                    <\/div>\n                                                                    <div class=\"events-carousel-block__sliderItem swiper-slide\"\n                                        data-id=\"67208\"\n                                        data-name=\"Speedland Festival 2026\"\n                                        data-brand=\"Adrenaline Promotion Rafa\u0142 Haznar\"\n                                        data-category=\"sport\"\n                                        data-subcategory=\"sporty-motorowe\"\n                                        data-city=\"Krosno\"\n                                        data-venue=\"Lotnisko Krosno\">\n                                        \n<div class=\"card-event  card-event--size-small\">\n        <a href=\"https:\/\/www.ebilet.pl\/sport\/sporty-motorowe\/speedland\" target=\"_blank\" class=\"card-event__link\" rel=\"nofollow noopener\"><\/a>\n        <div class=\"card-event__wrapper\">\n        <div class=\"card-event__image\">\n            <img decoding=\"async\" src=\"https:\/\/www.ebilet.pl\/media\/cms\/media\/zeglylyt\/656x369-9-9b5a2769-5165-4a65-b574-8cb05086e41d.webp\" alt=\"\">\n        <\/div>\n        <div class=\"card-event__data\">\n            <div class=\"card-event__name\">\n                <p>Speedland Festival 2026<\/p>\n            <\/div>\n            <div class=\"card-event__date\"><\/div>\n            <div class=\"card-event__location\">Krosno<\/div>\n        <\/div>\n    <\/div>\n<\/div>                                    <\/div>\n                                                                    <div class=\"events-carousel-block__sliderItem swiper-slide\"\n                                        data-id=\"144549\"\n                                        data-name=\"Zwiedzanie ZOO Warszawa\"\n                                        data-brand=\"Miasto Sto\u0142eczne Warszawa\"\n                                        data-category=\"zwiedzanie\"\n                                        data-subcategory=\"zoo\"\n                                        data-city=\"Warszawa\"\n                                        data-venue=\"\">\n                                        \n<div class=\"card-event  card-event--size-small\">\n        <a href=\"https:\/\/www.ebilet.pl\/zwiedzanie\/zoo\/zwiedzanie-zoo-warszawa\" target=\"_blank\" class=\"card-event__link\" rel=\"nofollow noopener\"><\/a>\n        <div class=\"card-event__wrapper\">\n        <div class=\"card-event__image\">\n            <img decoding=\"async\" src=\"https:\/\/www.ebilet.pl\/media\/cms\/media\/vxxcxvae\/04_bilet-domowy_656x369-05e8639e-58dc-445e-95ca-14f25e17b4f3.webp\" alt=\"\">\n        <\/div>\n        <div class=\"card-event__data\">\n            <div class=\"card-event__name\">\n                <p>Zwiedzanie ZOO Warszawa<\/p>\n            <\/div>\n            <div class=\"card-event__date\"><\/div>\n            <div class=\"card-event__location\">Warszawa<\/div>\n        <\/div>\n    <\/div>\n<\/div>                                    <\/div>\n                                                                    <div class=\"events-carousel-block__sliderItem swiper-slide\"\n                                        data-id=\"125950\"\n                                        data-name=\"Zwiedzanie ZOO Wroc\u0142aw\"\n                                        data-brand=\"ZOO Wroc\u0142aw\"\n                                        data-category=\"zwiedzanie\"\n                                        data-subcategory=\"zoo\"\n                                        data-city=\"Wroc\u0142aw\"\n                                        data-venue=\"ZOO we Wroc\u0142awiu\">\n                                        \n<div class=\"card-event  card-event--size-small\">\n        <a href=\"https:\/\/www.ebilet.pl\/zwiedzanie\/zoo\/zwiedzanie-zoo-wroclaw\" target=\"_blank\" class=\"card-event__link\" rel=\"nofollow noopener\"><\/a>\n        <div class=\"card-event__wrapper\">\n        <div class=\"card-event__image\">\n            <img decoding=\"async\" src=\"https:\/\/www.ebilet.pl\/media\/cms\/media\/wpzfsqii\/01_zoo_ebilet_656x369px-8e081b48-ed80-10b3-4ede-a1fdb0e8bde2.webp\" alt=\"\">\n        <\/div>\n        <div class=\"card-event__data\">\n            <div class=\"card-event__name\">\n                <p>Zwiedzanie ZOO Wroc\u0142aw<\/p>\n            <\/div>\n            <div class=\"card-event__date\"><\/div>\n            <div class=\"card-event__location\">Wroc\u0142aw<\/div>\n        <\/div>\n    <\/div>\n<\/div>                                    <\/div>\n                                                                    <div class=\"events-carousel-block__sliderItem swiper-slide\"\n                                        data-id=\"11852\"\n                                        data-name=\"2026 BOLL FIM Speedway World Cup - Warsaw\"\n                                        data-brand=\"Polski Zwi\u0105zek Motorowy\"\n                                        data-category=\"sport\"\n                                        data-subcategory=\"sporty-motorowe\"\n                                        data-city=\"Warszawa\"\n                                        data-venue=\"PGE Narodowy im. Kazimierza G\u00f3rskiego\">\n                                        \n<div class=\"card-event  card-event--size-small\">\n        <a href=\"https:\/\/www.ebilet.pl\/sport\/sporty-motorowe\/speedway\" target=\"_blank\" class=\"card-event__link\" rel=\"nofollow noopener\"><\/a>\n        <div class=\"card-event__wrapper\">\n        <div class=\"card-event__image\">\n            <img decoding=\"async\" src=\"https:\/\/www.ebilet.pl\/media\/cms\/media\/4ycnrk3v\/656x369-8-90146097-b4e8-4d2d-a798-f357aa3d16a2.webp\" alt=\"\">\n        <\/div>\n        <div class=\"card-event__data\">\n            <div class=\"card-event__name\">\n                <p>2026 BOLL FIM Speedway World Cup &#8211; Warsaw<\/p>\n            <\/div>\n            <div class=\"card-event__date\"><\/div>\n            <div class=\"card-event__location\">Warszawa<\/div>\n        <\/div>\n    <\/div>\n<\/div>                                    <\/div>\n                                                                    <div class=\"events-carousel-block__sliderItem swiper-slide\"\n                                        data-id=\"49432\"\n                                        data-name=\"Wroc\u0142aw Hip Hop Festival 2026\"\n                                        data-brand=\"Stowarzyszenie Planeta M\u0142odych\"\n                                        data-category=\"muzyka\"\n                                        data-subcategory=\"festiwale\"\n                                        data-city=\"Wroc\u0142aw\"\n                                        data-venue=\"Hala Stulecia\">\n                                        \n<div class=\"card-event  card-event--size-small\">\n        <a href=\"https:\/\/www.ebilet.pl\/muzyka\/festiwale\/wroclaw-hip-hop-festival\" target=\"_blank\" class=\"card-event__link\" rel=\"nofollow noopener\"><\/a>\n        <div class=\"card-event__wrapper\">\n        <div class=\"card-event__image\">\n            <img decoding=\"async\" src=\"https:\/\/www.ebilet.pl\/media\/cms\/media\/lvzja1iu\/0423-whhf-ebilet_04-34833b89-9f8c-4789-ab22-478b4f7f80f5.webp\" alt=\"\">\n        <\/div>\n        <div class=\"card-event__data\">\n            <div class=\"card-event__name\">\n                <p>Wroc\u0142aw Hip Hop Festival 2026<\/p>\n            <\/div>\n            <div class=\"card-event__date\"><\/div>\n            <div class=\"card-event__location\">Wroc\u0142aw<\/div>\n        <\/div>\n    <\/div>\n<\/div>                                    <\/div>\n                                                                    <div class=\"events-carousel-block__sliderItem swiper-slide\"\n                                        data-id=\"7104\"\n                                        data-name=\"Open&#039;er Festival 2026\"\n                                        data-brand=\"Alter Art\"\n                                        data-category=\"muzyka\"\n                                        data-subcategory=\"festiwale\"\n                                        data-city=\"Gdynia\"\n                                        data-venue=\"Lotnisko Gdynia - Kosakowo\">\n                                        \n<div class=\"card-event  card-event--size-small\">\n        <a href=\"https:\/\/www.ebilet.pl\/muzyka\/festiwale\/opener-festival\" target=\"_blank\" class=\"card-event__link\" rel=\"nofollow noopener\"><\/a>\n        <div class=\"card-event__wrapper\">\n        <div class=\"card-event__image\">\n            <img decoding=\"async\" src=\"https:\/\/www.ebilet.pl\/media\/cms\/media\/vr5l21om\/opener2026_ebilet_656x369-ee020a0f-2f31-4138-b4b2-04308c95f9f7.webp\" alt=\"\">\n        <\/div>\n        <div class=\"card-event__data\">\n            <div class=\"card-event__name\">\n                <p>Open&#8217;er Festival 2026<\/p>\n            <\/div>\n            <div class=\"card-event__date\"><\/div>\n            <div class=\"card-event__location\">Gdynia<\/div>\n        <\/div>\n    <\/div>\n<\/div>                                    <\/div>\n                                                                    <div class=\"events-carousel-block__sliderItem swiper-slide\"\n                                        data-id=\"54019\"\n                                        data-name=\"Kayah &amp; Bregovi\u0107 - Huczne Poprawiny 2026\"\n                                        data-brand=\"Charm Music\"\n                                        data-category=\"muzyka\"\n                                        data-subcategory=\"pop\"\n                                        data-city=\"Kielce, Koszalin, Opole i inne\"\n                                        data-venue=\"Narodowe Centrum Polskiej Piosenki\">\n                                        \n<div class=\"card-event  card-event--size-small\">\n        <a href=\"https:\/\/www.ebilet.pl\/muzyka\/pop\/kayah-bregovic\" target=\"_blank\" class=\"card-event__link\" rel=\"nofollow noopener\"><\/a>\n        <div class=\"card-event__wrapper\">\n        <div class=\"card-event__image\">\n            <img decoding=\"async\" src=\"https:\/\/www.ebilet.pl\/media\/cms\/media\/3xjarhe1\/656x369.webp\" alt=\"\">\n        <\/div>\n        <div class=\"card-event__data\">\n            <div class=\"card-event__name\">\n                <p>Kayah &#038; Bregovi\u0107 &#8211; Huczne Poprawiny 2026<\/p>\n            <\/div>\n            <div class=\"card-event__date\"><\/div>\n            <div class=\"card-event__location\">Kielce, Koszalin, Opole i inne<\/div>\n        <\/div>\n    <\/div>\n<\/div>                                    <\/div>\n                                                            <\/div>\n                        <\/div>\n                    <\/div>\n                    <div class=\"events-carousel-block__pagination\">\n                        <div class=\"swiper-pagination slider-pagination\" data-events-carousel-pagination><\/div>\n                    <\/div>\n                <\/div>\n            <\/div>\n        <\/div>\n    <\/section>\n\n\n\n<section class=\"text-block  section-margin-32\" >\n    <div class=\"container\">\n        <div class=\"row\">\n            <div class=\"col-24\">\n                <div class=\"text-block__content\"><p><b>Stali Arty\u015bci Studio Buffo to chocia\u017cby:<\/b><\/p>\n<ul>\n<li style=\"font-weight: 400;\" aria-level=\"1\"><span style=\"font-weight: 400;\">Janusz J\u00f3zefowicz (dyrektor artystyczny, re\u017cyser),<\/span><\/li>\n<li style=\"font-weight: 400;\" aria-level=\"1\"><span style=\"font-weight: 400;\">Janusz Stok\u0142osa (kierownik muzyczny),<\/span><\/li>\n<li style=\"font-weight: 400;\" aria-level=\"1\"><span style=\"font-weight: 400;\">Natasza Urba\u0144ska,<\/span><\/li>\n<li style=\"font-weight: 400;\" aria-level=\"1\"><span style=\"font-weight: 400;\">Artur Chamski,<\/span><\/li>\n<li style=\"font-weight: 400;\" aria-level=\"1\"><span style=\"font-weight: 400;\">Mariola Napieralska,<\/span><\/li>\n<li style=\"font-weight: 400;\" aria-level=\"1\"><span style=\"font-weight: 400;\">Magdalena D\u0105bkowska,<\/span><\/li>\n<li style=\"font-weight: 400;\" aria-level=\"1\"><span style=\"font-weight: 400;\">Mariusz Czajka,<\/span><\/li>\n<li style=\"font-weight: 400;\" aria-level=\"1\"><span style=\"font-weight: 400;\">Maciej Robakiewicz,<\/span><\/li>\n<li style=\"font-weight: 400;\" aria-level=\"1\"><span style=\"font-weight: 400;\">Wiktoria Kostrzewa,<\/span><\/li>\n<li style=\"font-weight: 400;\" aria-level=\"1\"><span style=\"font-weight: 400;\">Inga Go\u0142\u0119biowska,<\/span><\/li>\n<li style=\"font-weight: 400;\" aria-level=\"1\"><span style=\"font-weight: 400;\">Aleksandra Kosi\u0144ska,<\/span><\/li>\n<li style=\"font-weight: 400;\" aria-level=\"1\"><span style=\"font-weight: 400;\">Agata Nowakowska,<\/span><\/li>\n<li style=\"font-weight: 400;\" aria-level=\"1\"><span style=\"font-weight: 400;\">Marcin Tyma,<\/span><\/li>\n<li style=\"font-weight: 400;\" aria-level=\"1\"><span style=\"font-weight: 400;\">Pawe\u0142 Or\u0142owski,<\/span><\/li>\n<li style=\"font-weight: 400;\" aria-level=\"1\"><span style=\"font-weight: 400;\">Daniel Pustelnik,<\/span><\/li>\n<li style=\"font-weight: 400;\" aria-level=\"1\"><span style=\"font-weight: 400;\">Natalia Srokocz,<\/span><\/li>\n<li style=\"font-weight: 400;\" aria-level=\"1\"><span style=\"font-weight: 400;\">Micha\u0142 Derlicki,<\/span><\/li>\n<li style=\"font-weight: 400;\" aria-level=\"1\"><span style=\"font-weight: 400;\">Beata Urba\u0144ska-Barczak,<\/span><\/li>\n<li style=\"font-weight: 400;\" aria-level=\"1\"><span style=\"font-weight: 400;\">Arkadiusz Py\u0107,<\/span><\/li>\n<li style=\"font-weight: 400;\" aria-level=\"1\"><span style=\"font-weight: 400;\">Joanna Pa\u0142ucka,<\/span><\/li>\n<li style=\"font-weight: 400;\" aria-level=\"1\"><span style=\"font-weight: 400;\">Rafa\u0142 Drozd.<\/span><\/li>\n<\/ul>\n<p><span style=\"font-weight: 400;\">Pe\u0142n\u0105 list\u0119 artyst\u00f3w znajdziesz na oficjalnej stronie teatru.<\/span><\/p>\n<h2><strong>FAQ \u2013 najcz\u0119\u015bciej zadawane pytania<\/strong><\/h2>\n<h3><strong>Ile kosztuj\u0105 bilety do Studio Buffo?<\/strong><\/h3>\n<p><span style=\"font-weight: 400;\">Ceny bilet\u00f3w r\u00f3\u017cni\u0105 si\u0119 w zale\u017cno\u015bci od wydarzenia. Mo\u017cna je zakupi\u0107 bezpo\u015brednio w kasie Studio Buffo lub online na stronie teatru lub na stronie ebilet.pl. Dok\u0142adne ceny bilet\u00f3w s\u0105 dost\u0119pne przy ka\u017cdym wydarzeniu i mog\u0105 si\u0119 r\u00f3\u017cni\u0107 w zale\u017cno\u015bci od tego, kt\u00f3re miejsce wybierzesz.<\/span><\/p>\n<p><b>Dost\u0119pne s\u0105 bilety:<\/b><\/p>\n<ul>\n<li style=\"font-weight: 400;\" aria-level=\"1\"><span style=\"font-weight: 400;\">na parterze (najdro\u017csze),<\/span><\/li>\n<li style=\"font-weight: 400;\" aria-level=\"1\"><span style=\"font-weight: 400;\">na balkonie,<\/span><\/li>\n<li style=\"font-weight: 400;\" aria-level=\"1\"><span style=\"font-weight: 400;\">wej\u015bci\u00f3wki (najta\u0144sze) \u2013 s\u0105 to bilety sprzedawane na godzin\u0119 przed danym spektaklem w kasie teatru (obejmuj\u0105 wolne miejsca oraz stoj\u0105ce. Ich liczba jest ograniczona. Na spektakl \u201cMistrz i Ma\u0142gorzata\u201d nie ma wej\u015bci\u00f3wek, poniewa\u017c arty\u015bci poruszaj\u0105 si\u0119 po widowni).<\/span><\/li>\n<\/ul>\n<h3><strong>Czy mo\u017cna rezerwowa\u0107 bilety do Teatru Studio Buffo?<\/strong><\/h3>\n<p><span style=\"font-weight: 400;\">Tak. Zasady s\u0105 nast\u0119puj\u0105ce:<\/span><\/p>\n<ul>\n<li style=\"font-weight: 400;\" aria-level=\"1\"><span style=\"font-weight: 400;\">po godzinie 18:00 mo\u017cesz kupi\u0107 tylko bilet na spektakl, kt\u00f3ry odb\u0119dzie si\u0119 tego samego dnia,<\/span><\/li>\n<li style=\"font-weight: 400;\" aria-level=\"1\"><span style=\"font-weight: 400;\">je\u015bli chcesz odebra\u0107 zarezerwowany bilet, musisz to zrobi\u0107 przed godzin\u0105 18:00 wyznaczonego dnia (zostanie uzgodniony podczas rezerwacji),<\/span><\/li>\n<li style=\"font-weight: 400;\" aria-level=\"1\"><span style=\"font-weight: 400;\">\u017ceby odebra\u0107 zarezerwowany bilet, musisz mie\u0107 przy sobie numer rezerwacji oraz \u2013 je\u015bli zap\u0142aci\u0142e\u015b przelewem \u2013 potwierdzenie przelewu.<\/span><\/li>\n<\/ul>\n<h3><strong>Czy musz\u0119 drukowa\u0107 bilet zakupiony online?<\/strong><\/h3>\n<p><span style=\"font-weight: 400;\">Bilet zakupiony online mo\u017cesz pokaza\u0107 na urz\u0105dzeniu mobilnym (np. smartfonie) lub wydrukowa\u0107 (wybierz to, co jest dla ciebie wygodniejsze).<\/span><\/p>\n<h3><strong>Czy Studio Buffo ma parking?<\/strong><\/h3>\n<p><span style=\"font-weight: 400;\">Studio Buffo znajduje si\u0119 w centrum Warszawy, gdzie dost\u0119pno\u015b\u0107 miejsc parkingowych jest ograniczona. W pobli\u017cu znajduj\u0105 si\u0119 p\u0142atne parkingi, dlatego warto przyjecha\u0107 wcze\u015bniej lub skorzysta\u0107 z transportu publicznego.<\/span><\/p>\n<h3><strong>Jak dosta\u0107 si\u0119 do Studio Buffo w Warszawie?<\/strong><\/h3>\n<p><span style=\"font-weight: 400;\">Jest na to kilka sposob\u00f3w. Mo\u017cesz:<\/span><\/p>\n<ul>\n<li style=\"font-weight: 400;\" aria-level=\"1\"><span style=\"font-weight: 400;\">przylecie\u0107 samolotem (p\u00f3\u017aniej mo\u017cesz skorzysta\u0107 z komunikacji publicznej, w zale\u017cno\u015bci od lotniska, musisz sprawdzi\u0107 dojazd na miejsce samodzielnie),<\/span><\/li>\n<li style=\"font-weight: 400;\" aria-level=\"1\"><span style=\"font-weight: 400;\">przyj\u015b\u0107 na nogach (je\u015bli masz niedaleko),<\/span><\/li>\n<li style=\"font-weight: 400;\" aria-level=\"1\"><span style=\"font-weight: 400;\">przyjecha\u0107 rowerem lub hulajnog\u0105,<\/span><\/li>\n<li style=\"font-weight: 400;\" aria-level=\"1\"><span style=\"font-weight: 400;\">autobusem (przystanki: Plac Trzech Krzy\u017cy, Ksi\u0105\u017c\u0119ca),<\/span><\/li>\n<li style=\"font-weight: 400;\" aria-level=\"1\"><span style=\"font-weight: 400;\">samochodem.<\/span><\/li>\n<\/ul>\n<p><b>Jak znale\u017a\u0107 najlepszy spos\u00f3b dojazdu? <\/b><span style=\"font-weight: 400;\">Wpisz w aplikacj\u0119 Mapy Google swoj\u0105 lokalizacj\u0119 oraz lokalizacj\u0119 teatru. Wybierz dojazd komunikacj\u0105 publiczn\u0105 i sprawd\u017a, jaki autobus lub tramwaj b\u0119dzie jecha\u0142 najszybciej (lub w dogodnym dla ciebie terminie) oraz z jakiego przystanku (mo\u017ce by\u0107 tak, \u017ce b\u0119dziesz musia\u0142 si\u0119 kawa\u0142ek przespacerowa\u0107).\u00a0<\/span><\/p>\n<h3><strong>Czy osoby niepe\u0142noletnie mog\u0105 uczestniczy\u0107 w wydarzeniach w Studio Buffo?<\/strong><\/h3>\n<p><span style=\"font-weight: 400;\">W zale\u017cno\u015bci od wydarzenia, osoby niepe\u0142noletnie mog\u0105 bra\u0107 udzia\u0142 w spektaklach, ale zazwyczaj musz\u0105 by\u0107 pod opiek\u0105 osoby doros\u0142ej (najcz\u0119\u015bciej chodzi o osoby w wieku poni\u017cej 16. lat). Zanim kupisz bilet \u2013 sprawd\u017a szczeg\u00f3\u0142y w regulaminie.<\/span><\/p>\n<h3><strong>Czy na terenie Studio Buffo jest punkt gastronomiczny?<\/strong><\/h3>\n<p><span style=\"font-weight: 400;\">Tak, w Studio Buffo znajduje si\u0119 kawiarnia, w kt\u00f3rej mo\u017cna kupi\u0107 napoje i przek\u0105ski przed wydarzeniem lub w przerwach.<\/span><\/p>\n<h3><strong>Czy w obiekcie mo\u017cna pi\u0107 alkohol?<\/strong><\/h3>\n<p><span style=\"font-weight: 400;\">Nie, w Studio Buffo obowi\u0105zuje zakaz spo\u017cywania alkoholu.<\/span><\/p>\n<h3><strong>Czy na terenie Studio Buffo mo\u017cna pali\u0107 papierosy?<\/strong><\/h3>\n<p><span style=\"font-weight: 400;\">Na terenie teatru obowi\u0105zuje zakaz palenia papieros\u00f3w. Osoby pal\u0105ce mog\u0105 skorzysta\u0107 z wyznaczonych stref poza obiektem.<\/span><\/p>\n<h3><strong>Czy Studio Buffo jest dost\u0119pne dla os\u00f3b niepe\u0142nosprawnych?<\/strong><\/h3>\n<p><span style=\"font-weight: 400;\">Tak, w Studio Buffo znajdziesz r\u00f3\u017cne udogodnienia, ale najlepiej przed wizyt\u0105 skontaktuj si\u0119 z teatrem, by upewni\u0107 si\u0119, \u017ce wybrane przez ciebie wydarzenie b\u0119dzie w pe\u0142ni dost\u0119pne.<\/span><\/p>\n<\/div>\n            <\/div>\n        <\/div>\n    <\/div>\n<\/section>\n\n\n<section class=\"events-slider-block  section-margin-32\" data-events-slider-block data-carousel-title=\"Nowo\u015bci na eBilet\" data-carousel-type=\"karuzela_z_t\u0142em\" data-item-list-name=\"Karuzela z t\u0142em Nowo\u015bci na eBilet\" data-item-list-id=\"karuzela_z_t\u0142em Nowo\u015bci na eBilet\" >\n    <div class=\"container\">\n        <div class=\"row\">\n            <div class=\"col-24\">\n                <div class=\"events-slider-block__wrapper\">\n                                            <div class=\"events-slider-block__bg\"><img loading=\"lazy\" decoding=\"async\" width=\"1920\" height=\"1080\" src=\"https:\/\/www.ebilet.pl\/now\/app\/uploads\/2024\/04\/shutterstock_1308510637.jpg\" class=\"attachment-full size-full\" alt=\"Fot.\" srcset=\"https:\/\/www.ebilet.pl\/now\/app\/uploads\/2024\/04\/shutterstock_1308510637.jpg 1920w, https:\/\/www.ebilet.pl\/now\/app\/uploads\/2024\/04\/shutterstock_1308510637-1024x576.jpg 1024w, https:\/\/www.ebilet.pl\/now\/app\/uploads\/2024\/04\/shutterstock_1308510637-1536x864.jpg 1536w, https:\/\/www.ebilet.pl\/now\/app\/uploads\/2024\/04\/shutterstock_1308510637-1280x720.jpg 1280w, https:\/\/www.ebilet.pl\/now\/app\/uploads\/2024\/04\/shutterstock_1308510637-500x281.jpg 500w, https:\/\/www.ebilet.pl\/now\/app\/uploads\/2024\/04\/shutterstock_1308510637-632x356.jpg 632w, https:\/\/www.ebilet.pl\/now\/app\/uploads\/2024\/04\/shutterstock_1308510637-308x174.jpg 308w\" sizes=\"(max-width: 1920px) 100vw, 1920px\" \/><\/div>\n                                                                <div class=\"events-slider-block__top\">\n                                                            <div class=\"events-slider-block__title desktop\">\n                                    <h2 class=\"typo-h2\">Nowo\u015bci na eBilet<\/h2>\n                                <\/div>\n                                                                                        <div class=\"events-slider-block__title mobile\">\n                                    <h2 class=\"typo-h2\">Nowo\u015bci na eBilet<\/h2>\n                                <\/div>\n                                                    <\/div>\n                                                                <div class=\"events-slider-block__main\">\n                            <div class=\"events-slider-block__nav events-slider-block__nav--prev\">\n                                <div class=\"button button--withIcon button--theme-white-blur button--size-fixed-48\" data-events-prev>\n                                    <span class=\"button__icon icon icon-chevron-left\"><\/span>\n                                <\/div>\n                            <\/div>\n                            <div class=\"events-slider-block__nav events-slider-block__nav--next\">\n                                <div class=\"button button--withIcon button--theme-white-blur button--size-fixed-48\" data-events-next>\n                                    <span class=\"button__icon icon icon-chevron-right\"><\/span>\n                                <\/div>\n                            <\/div>\n                            <div class=\"events-slider-block__slider\">\n                                <div class=\"swiper\" data-events-slider>\n                                    <div class=\"events-slider-block__sliderWrapper swiper-wrapper\">\n\n                                        \n                                            <div class=\"events-slider-block__sliderItem swiper-slide event-card\"\n                                                data-id=\"49432\"\n                                                data-name=\"Wroc\u0142aw Hip Hop Festival 2026\"\n                                                data-brand=\"Stowarzyszenie Planeta M\u0142odych\"\n                                                data-category=\"muzyka\"\n                                                data-subcategory=\"festiwale\"\n                                                data-city=\"Wroc\u0142aw\"\n                                                data-venue=\"Hala Stulecia\">\n                                                \n<div class=\"card-event  card-event--size-small\">\n        <a href=\"https:\/\/www.ebilet.pl\/muzyka\/festiwale\/wroclaw-hip-hop-festival\" target=\"_blank\" class=\"card-event__link\" rel=\"nofollow noopener\"><\/a>\n        <div class=\"card-event__wrapper\">\n        <div class=\"card-event__image\">\n            <img decoding=\"async\" src=\"https:\/\/www.ebilet.pl\/media\/cms\/media\/004dfv2o\/0423-whhf-ebilet_05-ffc5e42c-1240-4118-ae1c-5f49984461c5.webp\" alt=\"\">\n        <\/div>\n        <div class=\"card-event__data\">\n            <div class=\"card-event__name\">\n                <p>Wroc\u0142aw Hip Hop Festival 2026<\/p>\n            <\/div>\n            <div class=\"card-event__date\">20.11.2026-20.11.2026<\/div>\n            <div class=\"card-event__location\">Wroc\u0142aw<\/div>\n        <\/div>\n    <\/div>\n<\/div>                                            <\/div>\n                                        \n                                            <div class=\"events-slider-block__sliderItem swiper-slide event-card\"\n                                                data-id=\"63906\"\n                                                data-name=\"Mecze towarzyskie Reprezentacji Polski m\u0119\u017cczyzn w siatk\u00f3wce\"\n                                                data-brand=\"Polska Siatk\u00f3wka Sp. z o.o.\"\n                                                data-category=\"sport\"\n                                                data-subcategory=\"sporty-druzynowe\"\n                                                data-city=\"Katowice, Sosnowiec\"\n                                                data-venue=\"ArcelorMittal Park w Sosnowcu\">\n                                                \n<div class=\"card-event  card-event--size-small\">\n        <a href=\"https:\/\/www.ebilet.pl\/sport\/sporty-druzynowe\/mecz-siatkowki\" target=\"_blank\" class=\"card-event__link\" rel=\"nofollow noopener\"><\/a>\n        <div class=\"card-event__wrapper\">\n        <div class=\"card-event__image\">\n            <img decoding=\"async\" src=\"https:\/\/www.ebilet.pl\/media\/cms\/media\/paxoijep\/mecz-1-e7ebdff4-0eeb-4b41-87f8-b8cc79cca9e1.webp\" alt=\"\">\n        <\/div>\n        <div class=\"card-event__data\">\n            <div class=\"card-event__name\">\n                <p>Mecze towarzyskie Reprezentacji Polski m\u0119\u017cczyzn w siatk\u00f3wce<\/p>\n            <\/div>\n            <div class=\"card-event__date\">20.05.2026-20.05.2026<\/div>\n            <div class=\"card-event__location\">Katowice, Sosnowiec<\/div>\n        <\/div>\n    <\/div>\n<\/div>                                            <\/div>\n                                        \n                                            <div class=\"events-slider-block__sliderItem swiper-slide event-card\"\n                                                data-id=\"205704\"\n                                                data-name=\"Osobowo\u015bci Romy: Janusz Kruci\u0144ski - MUZYKOTE\u2026REPAUTA\"\n                                                data-brand=\"Teatr Muzyczny Roma\"\n                                                data-category=\"teatr\"\n                                                data-subcategory=\"spektakle-muzyczne\"\n                                                data-city=\"Warszawa\"\n                                                data-venue=\"Teatr Muzyczny ROMA w Warszawie\">\n                                                \n<div class=\"card-event  card-event--size-small\">\n        <a href=\"https:\/\/www.ebilet.pl\/teatr\/spektakle-muzyczne\/muzykote-repauta\" target=\"_blank\" class=\"card-event__link\" rel=\"nofollow noopener\"><\/a>\n        <div class=\"card-event__wrapper\">\n        <div class=\"card-event__image\">\n            <img decoding=\"async\" src=\"https:\/\/www.ebilet.pl\/media\/cms\/media\/5xpjnwlz\/552x736_januszkrucinski.webp\" alt=\"\">\n        <\/div>\n        <div class=\"card-event__data\">\n            <div class=\"card-event__name\">\n                <p>Osobowo\u015bci Romy: Janusz Kruci\u0144ski &#8211; MUZYKOTE\u2026REPAUTA<\/p>\n            <\/div>\n            <div class=\"card-event__date\">05.06.2026-05.06.2026<\/div>\n            <div class=\"card-event__location\">Warszawa<\/div>\n        <\/div>\n    <\/div>\n<\/div>                                            <\/div>\n                                        \n                                            <div class=\"events-slider-block__sliderItem swiper-slide event-card\"\n                                                data-id=\"170324\"\n                                                data-name=\"SPI\u0118TY\/WY I ONI Inny Koncert\"\n                                                data-brand=\"AGENCJA ARTYSTYCZNA ART PROJEKT\"\n                                                data-category=\"muzyka\"\n                                                data-subcategory=\"rock\"\n                                                data-city=\"Katowice, Warszawa\"\n                                                data-venue=\"Narodowa Orkiestra Symfoniczna Polskiego Radia - NOSPR\">\n                                                \n<div class=\"card-event  card-event--size-small\">\n        <a href=\"https:\/\/www.ebilet.pl\/muzyka\/rock\/spiety-koncert\" target=\"_blank\" class=\"card-event__link\" rel=\"nofollow noopener\"><\/a>\n        <div class=\"card-event__wrapper\">\n        <div class=\"card-event__image\">\n            <img decoding=\"async\" src=\"https:\/\/www.ebilet.pl\/media\/cms\/media\/b5fnicip\/552-x-736_spiety_2026_zbiorcze_v02-294a9e1f-f001-4da9-bf56-6bef0ef677f9.webp\" alt=\"\">\n        <\/div>\n        <div class=\"card-event__data\">\n            <div class=\"card-event__name\">\n                <p>SPI\u0118TY\/WY I ONI Inny Koncert<\/p>\n            <\/div>\n            <div class=\"card-event__date\">25.10.2026-25.10.2026<\/div>\n            <div class=\"card-event__location\">Katowice, Warszawa<\/div>\n        <\/div>\n    <\/div>\n<\/div>                                            <\/div>\n                                        \n                                            <div class=\"events-slider-block__sliderItem swiper-slide event-card\"\n                                                data-id=\"205823\"\n                                                data-name=\"Biak i Qzyn \/ JOCC 2\"\n                                                data-brand=\"Revolume Sp. z o.o.\"\n                                                data-category=\"muzyka\"\n                                                data-subcategory=\"hip-hop-rap\"\n                                                data-city=\"Warszawa\"\n                                                data-venue=\"Klub Mechanik\">\n                                                \n<div class=\"card-event  card-event--size-small\">\n        <a href=\"https:\/\/www.ebilet.pl\/muzyka\/hip-hop-rap\/biak-qzyn\" target=\"_blank\" class=\"card-event__link\" rel=\"nofollow noopener\"><\/a>\n        <div class=\"card-event__wrapper\">\n        <div class=\"card-event__image\">\n            <img decoding=\"async\" src=\"https:\/\/www.ebilet.pl\/media\/cms\/media\/1nzpwvhx\/biak_qzyn_wwa_3-ec5e9876-7ce7-4a71-9a5d-d28ec070e568.webp\" alt=\"\">\n        <\/div>\n        <div class=\"card-event__data\">\n            <div class=\"card-event__name\">\n                <p>Biak i Qzyn \/ JOCC 2<\/p>\n            <\/div>\n            <div class=\"card-event__date\">13.06.2026-13.06.2026<\/div>\n            <div class=\"card-event__location\">Warszawa<\/div>\n        <\/div>\n    <\/div>\n<\/div>                                            <\/div>\n                                        \n                                            <div class=\"events-slider-block__sliderItem swiper-slide event-card\"\n                                                data-id=\"201611\"\n                                                data-name=\"Koncert przy \u015bwiecach: Tribute to Metallica\"\n                                                data-brand=\"Candle Live Music\"\n                                                data-category=\"muzyka\"\n                                                data-subcategory=\"hard-heavy\"\n                                                data-city=\"Cz\u0119stochowa, Gda\u0144sk, Gliwice i inne\"\n                                                data-venue=\"Scena Gliwicka 120\">\n                                                \n<div class=\"card-event  card-event--size-small\">\n        <a href=\"https:\/\/www.ebilet.pl\/muzyka\/hard-heavy\/tribute-to-metallica\" target=\"_blank\" class=\"card-event__link\" rel=\"nofollow noopener\"><\/a>\n        <div class=\"card-event__wrapper\">\n        <div class=\"card-event__image\">\n            <img decoding=\"async\" src=\"https:\/\/www.ebilet.pl\/media\/cms\/media\/5zlohocn\/clm-ebilet-metallica-552x736-0ef49739-c90f-4368-b5f1-8ecda473f8f5.webp\" alt=\"\">\n        <\/div>\n        <div class=\"card-event__data\">\n            <div class=\"card-event__name\">\n                <p>Koncert przy \u015bwiecach: Tribute to Metallica<\/p>\n            <\/div>\n            <div class=\"card-event__date\">09.05.2026-09.05.2026<\/div>\n            <div class=\"card-event__location\">Cz\u0119stochowa, Gda\u0144sk, Gliwice i inne<\/div>\n        <\/div>\n    <\/div>\n<\/div>                                            <\/div>\n                                        \n                                            <div class=\"events-slider-block__sliderItem swiper-slide event-card\"\n                                                data-id=\"165759\"\n                                                data-name=\"Koncert przy \u015bwiecach: ABBA &amp; Queen\"\n                                                data-brand=\"Candle Live Music\"\n                                                data-category=\"klasyka\"\n                                                data-subcategory=\"koncert\"\n                                                data-city=\"Krak\u00f3w, Nowy S\u0105cz, Pozna\u0144 i inne\"\n                                                data-venue=\"Miejski Dom Kultury w \u015awinouj\u015bciu\">\n                                                \n<div class=\"card-event  card-event--size-small\">\n        <a href=\"https:\/\/www.ebilet.pl\/klasyka\/koncert\/abba-i-queen\" target=\"_blank\" class=\"card-event__link\" rel=\"nofollow noopener\"><\/a>\n        <div class=\"card-event__wrapper\">\n        <div class=\"card-event__image\">\n            <img decoding=\"async\" src=\"https:\/\/www.ebilet.pl\/media\/cms\/media\/memd1cqg\/koncert-fortepianowy-abba-i-queen-552x736-ebilet-1e3924a2-bcfb-42d3-a5b3-4d46bb0cc2e8.webp\" alt=\"\">\n        <\/div>\n        <div class=\"card-event__data\">\n            <div class=\"card-event__name\">\n                <p>Koncert przy \u015bwiecach: ABBA &#038; Queen<\/p>\n            <\/div>\n            <div class=\"card-event__date\">09.05.2026-09.05.2026<\/div>\n            <div class=\"card-event__location\">Krak\u00f3w, Nowy S\u0105cz, Pozna\u0144 i inne<\/div>\n        <\/div>\n    <\/div>\n<\/div>                                            <\/div>\n                                        \n                                            <div class=\"events-slider-block__sliderItem swiper-slide event-card\"\n                                                data-id=\"48780\"\n                                                data-name=\"Mistrzostwa \u015awiata w koszyk\u00f3wce 3x3 2026\"\n                                                data-brand=\"Polski Zwi\u0105zek Koszyk\u00f3wki\"\n                                                data-category=\"sport\"\n                                                data-subcategory=\"sporty-druzynowe\"\n                                                data-city=\"Warszawa\"\n                                                data-venue=\"Plac Defilad \">\n                                                \n<div class=\"card-event  card-event--size-small\">\n        <a href=\"https:\/\/www.ebilet.pl\/sport\/sporty-druzynowe\/koszykowka\" target=\"_blank\" class=\"card-event__link\" rel=\"nofollow noopener\"><\/a>\n        <div class=\"card-event__wrapper\">\n        <div class=\"card-event__image\">\n            <img decoding=\"async\" src=\"https:\/\/www.ebilet.pl\/media\/cms\/media\/40dkh4qd\/552x739-961a0af8-0c70-4f76-b55e-bf23fa63fae4.webp\" alt=\"\">\n        <\/div>\n        <div class=\"card-event__data\">\n            <div class=\"card-event__name\">\n                <p>Mistrzostwa \u015awiata w koszyk\u00f3wce 3&#215;3 2026<\/p>\n            <\/div>\n            <div class=\"card-event__date\">01.06.2026-01.06.2026<\/div>\n            <div class=\"card-event__location\">Warszawa<\/div>\n        <\/div>\n    <\/div>\n<\/div>                                            <\/div>\n                                        \n                                            <div class=\"events-slider-block__sliderItem swiper-slide event-card\"\n                                                data-id=\"205797\"\n                                                data-name=\"Ajla &amp; Lowra\"\n                                                data-brand=\"MIH Agency\"\n                                                data-category=\"muzyka\"\n                                                data-subcategory=\"hip-hop-rap\"\n                                                data-city=\"Krak\u00f3w, Warszawa\"\n                                                data-venue=\"Alchemia\">\n                                                \n<div class=\"card-event  card-event--size-small\">\n        <a href=\"https:\/\/www.ebilet.pl\/muzyka\/hip-hop-rap\/ajla-lowra\" target=\"_blank\" class=\"card-event__link\" rel=\"nofollow noopener\"><\/a>\n        <div class=\"card-event__wrapper\">\n        <div class=\"card-event__image\">\n            <img decoding=\"async\" src=\"https:\/\/www.ebilet.pl\/media\/cms\/media\/2cap0euh\/552x736-e4471b37-f01d-4e64-9496-010573018a99.webp\" alt=\"\">\n        <\/div>\n        <div class=\"card-event__data\">\n            <div class=\"card-event__name\">\n                <p>Ajla &#038; Lowra<\/p>\n            <\/div>\n            <div class=\"card-event__date\">21.05.2026-21.05.2026<\/div>\n            <div class=\"card-event__location\">Krak\u00f3w, Warszawa<\/div>\n        <\/div>\n    <\/div>\n<\/div>                                            <\/div>\n                                        \n                                            <div class=\"events-slider-block__sliderItem swiper-slide event-card\"\n                                                data-id=\"10672\"\n                                                data-name=\"Red Bull Drift Masters, Grand Finale 2026, Poland\"\n                                                data-brand=\"Drift Masters Grand Prix Sp. z o.o.\"\n                                                data-category=\"sport\"\n                                                data-subcategory=\"sporty-motorowe\"\n                                                data-city=\"Warszawa\"\n                                                data-venue=\"PGE Narodowy im. Kazimierza G\u00f3rskiego\">\n                                                \n<div class=\"card-event  card-event--size-small\">\n        <a href=\"https:\/\/www.ebilet.pl\/sport\/sporty-motorowe\/drift-masters\" target=\"_blank\" class=\"card-event__link\" rel=\"nofollow noopener\"><\/a>\n        <div class=\"card-event__wrapper\">\n        <div class=\"card-event__image\">\n            <img decoding=\"async\" src=\"https:\/\/www.ebilet.pl\/media\/cms\/media\/sz3ojwmd\/552x736-do-60kb-55f8db12-cfee-4159-a30d-647373ffe546.webp\" alt=\"\">\n        <\/div>\n        <div class=\"card-event__data\">\n            <div class=\"card-event__name\">\n                <p>Red Bull Drift Masters, Grand Finale 2026, Poland<\/p>\n            <\/div>\n            <div class=\"card-event__date\">11.09.2026-11.09.2026<\/div>\n            <div class=\"card-event__location\">Warszawa<\/div>\n        <\/div>\n    <\/div>\n<\/div>                                            <\/div>\n                                        \n                                            <div class=\"events-slider-block__sliderItem swiper-slide event-card\"\n                                                data-id=\"120676\"\n                                                data-name=\"CARBON Silesia Festival\"\n                                                data-brand=\"Go Fest Sp. z o.o.\"\n                                                data-category=\"muzyka\"\n                                                data-subcategory=\"festiwale\"\n                                                data-city=\"Zabrze\"\n                                                data-venue=\"Sztolnia Kr\u00f3lowa Luiza\">\n                                                \n<div class=\"card-event  card-event--size-small\">\n        <a href=\"https:\/\/www.ebilet.pl\/muzyka\/festiwale\/carbon-silesia-festival\" target=\"_blank\" class=\"card-event__link\" rel=\"nofollow noopener\"><\/a>\n        <div class=\"card-event__wrapper\">\n        <div class=\"card-event__image\">\n            <img decoding=\"async\" src=\"https:\/\/www.ebilet.pl\/media\/cms\/media\/dtvlk5wm\/552x736-22-89e6a49e-7c53-4176-be71-eaf7c4d527a3.webp\" alt=\"\">\n        <\/div>\n        <div class=\"card-event__data\">\n            <div class=\"card-event__name\">\n                <p>CARBON Silesia Festival<\/p>\n            <\/div>\n            <div class=\"card-event__date\">19.06.2026-19.06.2026<\/div>\n            <div class=\"card-event__location\">Zabrze<\/div>\n        <\/div>\n    <\/div>\n<\/div>                                            <\/div>\n                                        \n                                            <div class=\"events-slider-block__sliderItem swiper-slide event-card\"\n                                                data-id=\"56007\"\n                                                data-name=\"The Casualties\"\n                                                data-brand=\"Winiary Bookings sp. z o. o.\"\n                                                data-category=\"muzyka\"\n                                                data-subcategory=\"rock\"\n                                                data-city=\"Krak\u00f3w, Pozna\u0144, Warszawa\"\n                                                data-venue=\"Klub Za\u015bcianek\">\n                                                \n<div class=\"card-event  card-event--size-small\">\n        <a href=\"https:\/\/www.ebilet.pl\/muzyka\/rock\/the-casualties\" target=\"_blank\" class=\"card-event__link\" rel=\"nofollow noopener\"><\/a>\n        <div class=\"card-event__wrapper\">\n        <div class=\"card-event__image\">\n            <img decoding=\"async\" src=\"https:\/\/www.ebilet.pl\/media\/cms\/media\/awfpdqxf\/the-casualties-ebilet-strona-wydarzenia-pion-wspo-lne-8c949b57-b57b-4ed1-9d3f-cbcd8bf0821c.webp\" alt=\"\">\n        <\/div>\n        <div class=\"card-event__data\">\n            <div class=\"card-event__name\">\n                <p>The Casualties<\/p>\n            <\/div>\n            <div class=\"card-event__date\">10.06.2026-10.06.2026<\/div>\n            <div class=\"card-event__location\">Krak\u00f3w, Pozna\u0144, Warszawa<\/div>\n        <\/div>\n    <\/div>\n<\/div>                                            <\/div>\n                                        \n                                            <div class=\"events-slider-block__sliderItem swiper-slide event-card\"\n                                                data-id=\"205471\"\n                                                data-name=\"N8noface\"\n                                                data-brand=\"Winiary Bookings sp. z o. o.\"\n                                                data-category=\"muzyka\"\n                                                data-subcategory=\"pozostale\"\n                                                data-city=\"Wroc\u0142aw\"\n                                                data-venue=\"Klub Muzyczny Liverpool\">\n                                                \n<div class=\"card-event  card-event--size-small\">\n        <a href=\"https:\/\/www.ebilet.pl\/muzyka\/pozostale\/n8noface\" target=\"_blank\" class=\"card-event__link\" rel=\"nofollow noopener\"><\/a>\n        <div class=\"card-event__wrapper\">\n        <div class=\"card-event__image\">\n            <img decoding=\"async\" src=\"https:\/\/www.ebilet.pl\/media\/cms\/media\/yffijpgm\/n8noface-ebilet-strona-wydarzenia-pion-wroc_aw-5141eda9-5eb5-4104-9c45-23ca90d7d5cb.webp\" alt=\"\">\n        <\/div>\n        <div class=\"card-event__data\">\n            <div class=\"card-event__name\">\n                <p>N8noface<\/p>\n            <\/div>\n            <div class=\"card-event__date\">02.08.2026-02.08.2026<\/div>\n            <div class=\"card-event__location\">Wroc\u0142aw<\/div>\n        <\/div>\n    <\/div>\n<\/div>                                            <\/div>\n                                        \n                                            <div class=\"events-slider-block__sliderItem swiper-slide event-card\"\n                                                data-id=\"169470\"\n                                                data-name=\"Morrissey\"\n                                                data-brand=\"Winiary Bookings sp. z o. o.\"\n                                                data-category=\"muzyka\"\n                                                data-subcategory=\"rock\"\n                                                data-city=\"Warszawa\"\n                                                data-venue=\"Letnia Scena Progresji\">\n                                                \n<div class=\"card-event  card-event--size-small\">\n        <a href=\"https:\/\/www.ebilet.pl\/muzyka\/rock\/morrissey\" target=\"_blank\" class=\"card-event__link\" rel=\"nofollow noopener\"><\/a>\n        <div class=\"card-event__wrapper\">\n        <div class=\"card-event__image\">\n            <img decoding=\"async\" src=\"https:\/\/www.ebilet.pl\/media\/cms\/media\/v0fhczer\/morrissey-ebilet-strona-wydarzenia-pion-warszawa-2b0fb3a5-f2dd-4773-8334-2fab1e2a5a89.webp\" alt=\"\">\n        <\/div>\n        <div class=\"card-event__data\">\n            <div class=\"card-event__name\">\n                <p>Morrissey<\/p>\n            <\/div>\n            <div class=\"card-event__date\">09.07.2026-09.07.2026<\/div>\n            <div class=\"card-event__location\">Warszawa<\/div>\n        <\/div>\n    <\/div>\n<\/div>                                            <\/div>\n                                        \n                                            <div class=\"events-slider-block__sliderItem swiper-slide event-card\"\n                                                data-id=\"170209\"\n                                                data-name=\"Jean-Michel Jarre + go\u015b\u0107 specjalny Zalewski\"\n                                                data-brand=\"AGENCJA ARTYSTYCZNA &quot;MEDIAL&quot; Albert Ma\u0142ek\"\n                                                data-category=\"muzyka\"\n                                                data-subcategory=\"elektro-techno\"\n                                                data-city=\"Radom\"\n                                                data-venue=\"Stadion Miejski im. Braci Czachor\u00f3w\">\n                                                \n<div class=\"card-event  card-event--size-small\">\n        <a href=\"https:\/\/www.ebilet.pl\/muzyka\/elektro-techno\/jean-michel-jarre\" target=\"_blank\" class=\"card-event__link\" rel=\"nofollow noopener\"><\/a>\n        <div class=\"card-event__wrapper\">\n        <div class=\"card-event__image\">\n            <img decoding=\"async\" src=\"https:\/\/www.ebilet.pl\/media\/cms\/media\/dfmp2pp5\/jmr_radom_552x736-2611fd12-cb3f-44cd-ba32-dc7ca4f86f18.webp\" alt=\"\">\n        <\/div>\n        <div class=\"card-event__data\">\n            <div class=\"card-event__name\">\n                <p>Jean-Michel Jarre + go\u015b\u0107 specjalny Zalewski<\/p>\n            <\/div>\n            <div class=\"card-event__date\">19.06.2026-19.06.2026<\/div>\n            <div class=\"card-event__location\">Radom<\/div>\n        <\/div>\n    <\/div>\n<\/div>                                            <\/div>\n                                                                            <\/div>\n                                <\/div>\n                            <\/div>\n                            <div class=\"events-slider-block__events swiper\" data-events-events-descriptions>\n                                <div class=\"events-slider-block__eventsWrapper swiper-wrapper\">\n                                                                            <div class=\"events-slider-block__eventsItem swiper-slide\">\n                                            <a href=\"https:\/\/www.ebilet.pl\/muzyka\/festiwale\/wroclaw-hip-hop-festival\" target=\"_blank\" class=\"events-slider-block__eventsName\">\n                                                <p>Wroc\u0142aw Hip Hop Festival 2026<\/p>\n                                            <\/a>\n                                            <div class=\"events-slider-block__eventsDate\">20.11.2026-20.11.2026<\/div>\n                                            <div class=\"events-slider-block__eventsLocation\"><\/div>\n                                        <\/div>\n                                                                            <div class=\"events-slider-block__eventsItem swiper-slide\">\n                                            <a href=\"https:\/\/www.ebilet.pl\/sport\/sporty-druzynowe\/mecz-siatkowki\" target=\"_blank\" class=\"events-slider-block__eventsName\">\n                                                <p>Mecze towarzyskie Reprezentacji Polski m\u0119\u017cczyzn w siatk\u00f3wce<\/p>\n                                            <\/a>\n                                            <div class=\"events-slider-block__eventsDate\">20.05.2026-23.05.2026<\/div>\n                                            <div class=\"events-slider-block__eventsLocation\"><\/div>\n                                        <\/div>\n                                                                            <div class=\"events-slider-block__eventsItem swiper-slide\">\n                                            <a href=\"https:\/\/www.ebilet.pl\/teatr\/spektakle-muzyczne\/muzykote-repauta\" target=\"_blank\" class=\"events-slider-block__eventsName\">\n                                                <p>Osobowo\u015bci Romy: Janusz Kruci\u0144ski &#8211; MUZYKOTE\u2026REPAUTA<\/p>\n                                            <\/a>\n                                            <div class=\"events-slider-block__eventsDate\">05.06.2026-05.06.2026<\/div>\n                                            <div class=\"events-slider-block__eventsLocation\"><\/div>\n                                        <\/div>\n                                                                            <div class=\"events-slider-block__eventsItem swiper-slide\">\n                                            <a href=\"https:\/\/www.ebilet.pl\/muzyka\/rock\/spiety-koncert\" target=\"_blank\" class=\"events-slider-block__eventsName\">\n                                                <p>SPI\u0118TY\/WY I ONI Inny Koncert<\/p>\n                                            <\/a>\n                                            <div class=\"events-slider-block__eventsDate\">25.10.2026-16.11.2026<\/div>\n                                            <div class=\"events-slider-block__eventsLocation\"><\/div>\n                                        <\/div>\n                                                                            <div class=\"events-slider-block__eventsItem swiper-slide\">\n                                            <a href=\"https:\/\/www.ebilet.pl\/muzyka\/hip-hop-rap\/biak-qzyn\" target=\"_blank\" class=\"events-slider-block__eventsName\">\n                                                <p>Biak i Qzyn \/ JOCC 2<\/p>\n                                            <\/a>\n                                            <div class=\"events-slider-block__eventsDate\">13.06.2026-13.06.2026<\/div>\n                                            <div class=\"events-slider-block__eventsLocation\"><\/div>\n                                        <\/div>\n                                                                            <div class=\"events-slider-block__eventsItem swiper-slide\">\n                                            <a href=\"https:\/\/www.ebilet.pl\/muzyka\/hard-heavy\/tribute-to-metallica\" target=\"_blank\" class=\"events-slider-block__eventsName\">\n                                                <p>Koncert przy \u015bwiecach: Tribute to Metallica<\/p>\n                                            <\/a>\n                                            <div class=\"events-slider-block__eventsDate\">09.05.2026-14.06.2026<\/div>\n                                            <div class=\"events-slider-block__eventsLocation\"><\/div>\n                                        <\/div>\n                                                                            <div class=\"events-slider-block__eventsItem swiper-slide\">\n                                            <a href=\"https:\/\/www.ebilet.pl\/klasyka\/koncert\/abba-i-queen\" target=\"_blank\" class=\"events-slider-block__eventsName\">\n                                                <p>Koncert przy \u015bwiecach: ABBA &#038; Queen<\/p>\n                                            <\/a>\n                                            <div class=\"events-slider-block__eventsDate\">09.05.2026-24.05.2026<\/div>\n                                            <div class=\"events-slider-block__eventsLocation\"><\/div>\n                                        <\/div>\n                                                                            <div class=\"events-slider-block__eventsItem swiper-slide\">\n                                            <a href=\"https:\/\/www.ebilet.pl\/sport\/sporty-druzynowe\/koszykowka\" target=\"_blank\" class=\"events-slider-block__eventsName\">\n                                                <p>Mistrzostwa \u015awiata w koszyk\u00f3wce 3&#215;3 2026<\/p>\n                                            <\/a>\n                                            <div class=\"events-slider-block__eventsDate\">01.06.2026-07.06.2026<\/div>\n                                            <div class=\"events-slider-block__eventsLocation\"><\/div>\n                                        <\/div>\n                                                                            <div class=\"events-slider-block__eventsItem swiper-slide\">\n                                            <a href=\"https:\/\/www.ebilet.pl\/muzyka\/hip-hop-rap\/ajla-lowra\" target=\"_blank\" class=\"events-slider-block__eventsName\">\n                                                <p>Ajla &#038; Lowra<\/p>\n                                            <\/a>\n                                            <div class=\"events-slider-block__eventsDate\">21.05.2026-28.05.2026<\/div>\n                                            <div class=\"events-slider-block__eventsLocation\"><\/div>\n                                        <\/div>\n                                                                            <div class=\"events-slider-block__eventsItem swiper-slide\">\n                                            <a href=\"https:\/\/www.ebilet.pl\/sport\/sporty-motorowe\/drift-masters\" target=\"_blank\" class=\"events-slider-block__eventsName\">\n                                                <p>Red Bull Drift Masters, Grand Finale 2026, Poland<\/p>\n                                            <\/a>\n                                            <div class=\"events-slider-block__eventsDate\">11.09.2026-12.09.2026<\/div>\n                                            <div class=\"events-slider-block__eventsLocation\"><\/div>\n                                        <\/div>\n                                                                            <div class=\"events-slider-block__eventsItem swiper-slide\">\n                                            <a href=\"https:\/\/www.ebilet.pl\/muzyka\/festiwale\/carbon-silesia-festival\" target=\"_blank\" class=\"events-slider-block__eventsName\">\n                                                <p>CARBON Silesia Festival<\/p>\n                                            <\/a>\n                                            <div class=\"events-slider-block__eventsDate\">19.06.2026-20.06.2026<\/div>\n                                            <div class=\"events-slider-block__eventsLocation\"><\/div>\n                                        <\/div>\n                                                                            <div class=\"events-slider-block__eventsItem swiper-slide\">\n                                            <a href=\"https:\/\/www.ebilet.pl\/muzyka\/rock\/the-casualties\" target=\"_blank\" class=\"events-slider-block__eventsName\">\n                                                <p>The Casualties<\/p>\n                                            <\/a>\n                                            <div class=\"events-slider-block__eventsDate\">10.06.2026-01.07.2026<\/div>\n                                            <div class=\"events-slider-block__eventsLocation\"><\/div>\n                                        <\/div>\n                                                                            <div class=\"events-slider-block__eventsItem swiper-slide\">\n                                            <a href=\"https:\/\/www.ebilet.pl\/muzyka\/pozostale\/n8noface\" target=\"_blank\" class=\"events-slider-block__eventsName\">\n                                                <p>N8noface<\/p>\n                                            <\/a>\n                                            <div class=\"events-slider-block__eventsDate\">02.08.2026-02.08.2026<\/div>\n                                            <div class=\"events-slider-block__eventsLocation\"><\/div>\n                                        <\/div>\n                                                                            <div class=\"events-slider-block__eventsItem swiper-slide\">\n                                            <a href=\"https:\/\/www.ebilet.pl\/muzyka\/rock\/morrissey\" target=\"_blank\" class=\"events-slider-block__eventsName\">\n                                                <p>Morrissey<\/p>\n                                            <\/a>\n                                            <div class=\"events-slider-block__eventsDate\">09.07.2026-09.07.2026<\/div>\n                                            <div class=\"events-slider-block__eventsLocation\"><\/div>\n                                        <\/div>\n                                                                            <div class=\"events-slider-block__eventsItem swiper-slide\">\n                                            <a href=\"https:\/\/www.ebilet.pl\/muzyka\/elektro-techno\/jean-michel-jarre\" target=\"_blank\" class=\"events-slider-block__eventsName\">\n                                                <p>Jean-Michel Jarre + go\u015b\u0107 specjalny Zalewski<\/p>\n                                            <\/a>\n                                            <div class=\"events-slider-block__eventsDate\">19.06.2026-19.06.2026<\/div>\n                                            <div class=\"events-slider-block__eventsLocation\"><\/div>\n                                        <\/div>\n                                                                    <\/div>\n                            <\/div>\n                            <div class=\"events-slider-block__pagination\">\n                                <div class=\"swiper-pagination slider-pagination slider-pagination--theme-white\" data-events-slider-pagination><\/div>\n                            <\/div>\n                        <\/div>\n                                        <div class=\"events-slider-block__bottom\">\n                                                                                <div class=\"events-slider-block__link desktop\">\n                                    <a\n                                        class=\"button button--size-small button--theme-primary-yellow button--withIconLeft\"\n                                        href=\"https:\/\/www.ebilet.pl\/\">\n                                                                                    <div class=\"button__icon\"><img loading=\"lazy\" decoding=\"async\" width=\"30\" height=\"30\" src=\"https:\/\/www.ebilet.pl\/now\/app\/uploads\/2024\/01\/ticket-cinema-entertainment-coupon-discount-sale_30px.png\" class=\"attachment-full size-full\" alt=\"\" \/><\/div>\n                                                                                <p class=\"button__text typo-18\">Kup na eBilet.pl<\/p>\n                                    <\/a>\n                                <\/div>\n                                                                                <div class=\"events-slider-block__link mobile\">\n                                    <a\n                                        class=\"button button--size-small button--theme-primary-yellow button--withIconLeft\"\n                                        href=\"https:\/\/www.ebilet.pl\/\">\n                                                                                    <div class=\"button__icon\"><img loading=\"lazy\" decoding=\"async\" width=\"30\" height=\"30\" src=\"https:\/\/www.ebilet.pl\/now\/app\/uploads\/2024\/01\/ticket-cinema-entertainment-coupon-discount-sale_30px.png\" class=\"attachment-full size-full\" alt=\"\" \/><\/div>\n                                                                                <p class=\"button__text typo-18\">Kup na eBilet.pl<\/p>\n                                    <\/a>\n                                <\/div>\n                                            <\/div>\n                <\/div>\n            <\/div>\n        <\/div>\n    <\/div>\n<\/section>","protected":false},"excerpt":{"rendered":"<p>Nazwa Studio Buffo mo\u017ce kojarzy\u0107 si\u0119 z lekk\u0105, kabaretow\u0105 rozrywk\u0105, ale to miejsce oferuje znacznie wi\u0119cej. To tu narodzi\u0142y si\u0119 kultowe musicale, a na scenie debiutowa\u0142o wielu znanych artyst\u00f3w. Jakie gwiazdy zaczyna\u0142y tu swoj\u0105 karier\u0119? Jakie spektakle przyci\u0105gaj\u0105 publiczno\u015b\u0107 od lat? Opr\u00f3cz historii tego niezwyk\u0142ego miejsca sprawdzisz te\u017c, jak wygl\u0105da dojazd i co jeszcze warto wiedzie\u0107 o tym legendarnym teatrze.<\/p>\n","protected":false},"author":14,"featured_media":49982,"comment_status":"open","ping_status":"open","sticky":false,"template":"page-templates\/article-default.php","format":"standard","meta":{"_acf_changed":false,"footnotes":""},"article_tag":[308,36,16],"article_type":[5],"acf":[],"_links":{"self":[{"href":"https:\/\/www.ebilet.pl\/now\/wp-json\/wp\/v2\/posts\/49981"}],"collection":[{"href":"https:\/\/www.ebilet.pl\/now\/wp-json\/wp\/v2\/posts"}],"about":[{"href":"https:\/\/www.ebilet.pl\/now\/wp-json\/wp\/v2\/types\/post"}],"author":[{"embeddable":true,"href":"https:\/\/www.ebilet.pl\/now\/wp-json\/wp\/v2\/users\/14"}],"replies":[{"embeddable":true,"href":"https:\/\/www.ebilet.pl\/now\/wp-json\/wp\/v2\/comments?post=49981"}],"version-history":[{"count":2,"href":"https:\/\/www.ebilet.pl\/now\/wp-json\/wp\/v2\/posts\/49981\/revisions"}],"predecessor-version":[{"id":50016,"href":"https:\/\/www.ebilet.pl\/now\/wp-json\/wp\/v2\/posts\/49981\/revisions\/50016"}],"wp:featuredmedia":[{"embeddable":true,"href":"https:\/\/www.ebilet.pl\/now\/wp-json\/wp\/v2\/media\/49982"}],"wp:attachment":[{"href":"https:\/\/www.ebilet.pl\/now\/wp-json\/wp\/v2\/media?parent=49981"}],"wp:term":[{"taxonomy":"article_tag","embeddable":true,"href":"https:\/\/www.ebilet.pl\/now\/wp-json\/wp\/v2\/article_tag?post=49981"},{"taxonomy":"article_type","embeddable":true,"href":"https:\/\/www.ebilet.pl\/now\/wp-json\/wp\/v2\/article_type?post=49981"}],"curies":[{"name":"wp","href":"https:\/\/api.w.org\/{rel}","templated":true}]}}