{"id":47705,"date":"2025-03-12T11:03:29","date_gmt":"2025-03-12T10:03:29","guid":{"rendered":"https:\/\/www.ebilet.pl\/now\/?p=47705"},"modified":"2025-09-22T10:34:20","modified_gmt":"2025-09-22T09:34:20","slug":"meskie-granie-2025-oglasza-line-up","status":"publish","type":"post","link":"https:\/\/www.ebilet.pl\/now\/meskie-granie-2025-oglasza-line-up\/","title":{"rendered":"M\u0119skie Granie 2025 og\u0142asza line-up!"},"content":{"rendered":"\n<section class=\"text-block  section-margin-32\" >\n    <div class=\"container\">\n        <div class=\"row\">\n            <div class=\"col-24\">\n                <div class=\"text-block__content\"><h2>M\u0119skie Granie 2025 &#8211; kto zagra?<\/h2>\n<p><strong>M\u0119skie Granie<\/strong> w tym roku podbije siedem miast w Polsce! Impreza startuje ju\u017c\u00a027 czerwca w \u017bywcu, a fina\u0142 odb\u0119dzie si\u0119 23 sierpnia w Warszawie. \u0141\u0105cznie czeka nas a\u017c 144 koncert\u00f3w. Nie zabraknie unikalnych projekt\u00f3w (b\u0119dzie ich a\u017c\u00a066!) oraz muzycznych zaskocze\u0144. Ogromnym zainteresowaniem cieszy si\u0119\u00a0niedawno og\u0142oszona <strong>wsp\u00f3\u0142praca Zalewskiego i T. Love<\/strong>, kt\u00f3rej owoc us\u0142yszymy ju\u017c na nadchodz\u0105cej edycji imprezy. Jedn\u0105\u00a0z najwi\u0119kszych niespodzianek jest jednak <strong>reaktywacja Sistars!<\/strong> Formacja zagra\u0142a sw\u00f3j ostatni koncert w 2012 roku, wi\u0119c szykuje si\u0119 wyj\u0105tkowe wydarzenie dla wszystkich st\u0119sknionych fan\u00f3w. Dorota Nowakowska-Postolko (Senior Brand Manger Marki \u017bywiec) zapowiedzia\u0142a, \u017ce czeka nas powr\u00f3t do korzeni:<em> &#8220;z okazji 16. edycji spe\u0142niamy pro\u015bby fan\u00f3w, kt\u00f3rzy licznie prosili o powr\u00f3t do bardziej rockowego grania. Ten line-up to wyj\u015bcie naprzeciw ich oczekiwaniom, wi\u0119c mamy nadziej\u0119, \u017ce publiczno\u015b\u0107 b\u0119dzie doskonale bawi\u0107 si\u0119 pod scen\u0105\u201c<\/em>. Poznajcie sk\u0142ad z podzia\u0142em na dni i miasta!<\/p>\n<\/div>\n            <\/div>\n        <\/div>\n    <\/div>\n<\/section>\n\n\n<section class=\"banner banner--layout-default section-margin-32\" >\n    <div class=\"container\">\n        <div class=\"row\">\n            <div class=\"col-24\">\n                <div class=\"banner__wrapper\">\n                                        <div class=\"banner__bg\">\n                        <img loading=\"lazy\" decoding=\"async\" width=\"1920\" height=\"1080\" src=\"https:\/\/www.ebilet.pl\/now\/app\/uploads\/2024\/11\/meskie_granie_desktop-1.jpg\" class=\"attachment-full size-full\" alt=\"\" srcset=\"https:\/\/www.ebilet.pl\/now\/app\/uploads\/2024\/11\/meskie_granie_desktop-1.jpg 1920w, https:\/\/www.ebilet.pl\/now\/app\/uploads\/2024\/11\/meskie_granie_desktop-1-1024x576.jpg 1024w, https:\/\/www.ebilet.pl\/now\/app\/uploads\/2024\/11\/meskie_granie_desktop-1-1536x864.jpg 1536w, https:\/\/www.ebilet.pl\/now\/app\/uploads\/2024\/11\/meskie_granie_desktop-1-1280x720.jpg 1280w, https:\/\/www.ebilet.pl\/now\/app\/uploads\/2024\/11\/meskie_granie_desktop-1-500x281.jpg 500w, https:\/\/www.ebilet.pl\/now\/app\/uploads\/2024\/11\/meskie_granie_desktop-1-632x356.jpg 632w, https:\/\/www.ebilet.pl\/now\/app\/uploads\/2024\/11\/meskie_granie_desktop-1-308x174.jpg 308w\" sizes=\"auto, (max-width: 1920px) 100vw, 1920px\" \/>                    <\/div>\n                                                                                                    <div class=\"banner__text\">\n                        <div class=\"banner__title typo-h2 f-700\">M\u0119skie Granie 2025<\/div>\n                        <p class=\"banner__desc typo-14\"><\/p>\n                    <\/div>\n                                                            <div class=\"banner__link\">\n                        <a\n                            class=\"button button--theme-primary-yellow \"\n                            href=\"https:\/\/www.ebilet.pl\/muzyka\/festiwale\/meskie-granie\"\n                        >\n                            <p class=\"button__text typo-18\">Sprawd\u017a bilety<\/p>\n                                                    <\/a>\n                    <\/div>\n                                                        <\/div>\n            <\/div>\n        <\/div>\n    <\/div>\n<\/section>\n\n\n<section class=\"text-block  section-margin-32\" >\n    <div class=\"container\">\n        <div class=\"row\">\n            <div class=\"col-24\">\n                <div class=\"text-block__content\"><h2>\u017bywiec, Amfiteatr pod Grojcem<\/h2>\n<h3>Pi\u0105tek, 27.06<\/h3>\n<p><strong>Scena G\u0142\u00f3wna:<\/strong><br \/>\nM\u0119skie Granie Przedstawia: Zalewski x T. Love<br \/>\nArtur Rojek<br \/>\nKacperczyk<br \/>\nNosowska\/Kr\u00f3l<br \/>\nJohn Porter &#8211; Helicopters &#8217;45<\/p>\n<p><strong>Scena \u017b:<\/strong><br \/>\nKuba Kara\u015b<br \/>\nGrzegorz Turnau feat. Atom Spring Quartet, go\u015bcinnie: Krzysztof Zalewski<br \/>\nJucho<br \/>\nSujka<br \/>\nPatryk Pietrzak<\/p>\n<h3>Sobota, 28.06<\/h3>\n<p><strong>Scena G\u0142\u00f3wna:<\/strong><br \/>\nM\u0119skie Granie Orkiestra 2025<br \/>\nZalewski<br \/>\nThe Dumplings Orkiestra<br \/>\nSpi\u0119ty<br \/>\nKasia Lins &#8220;Obywatelka KL&#8221;, Tribute to Grzegorz Ciechowski<\/p>\n<p><strong>Scena \u017b:<\/strong><br \/>\nPink Freud: Monster Of Jazz<br \/>\nNatalia Przybysz<br \/>\nMarcin Masecki<br \/>\nSw@da x Niczos<br \/>\nLivka<\/p>\n<h2>Pozna\u0144, Park Cytadela<\/h2>\n<h3>Pi\u0105tek, 11.07<\/h3>\n<p><strong>Scena G\u0142\u00f3wna:<\/strong><br \/>\nM\u0119skie Granie Przedstawia: Zalewski x T. Love<br \/>\nMrozu MTV Unplugged<br \/>\nArtur Rojek<br \/>\nIgor Herbut: Tribute to Marek Grechuta<br \/>\nDimon<\/p>\n<p><strong>Scena \u017b:<\/strong><br \/>\nZamilska<br \/>\nMiuosh<br \/>\nOfelia<br \/>\nKlawo<br \/>\nDaniel Godson<br \/>\nJacko Brango<\/p>\n<h3>Sobota, 12.07<\/h3>\n<p><strong>Scena G\u0142\u00f3wna:<\/strong><br \/>\nM\u0119skie Granie Orkiestra 2025<br \/>\nMystic.30: \u00d8rganek, Bela Komoszy\u0144ska, Maria Peszek, Artur Andrus, Czes\u0142aw Mozil, Grzegorz Turnau, Spi\u0119ty, Siczka, Tomasz Organek<br \/>\nKortez<br \/>\nPaktofonika + Live Band<br \/>\nDawid Tyszkowski &#8220;Na wyspach Bergamutach&#8221;<\/p>\n<p><strong>Scena \u017b:<\/strong><br \/>\n\u0141\u0105ki \u0141an<br \/>\nNatalia Przybysz<br \/>\nSmolik \/\/ Kev Fox feat. Bokka<br \/>\nAnia Leon x Kopera<br \/>\nBRK feat. Paula Roma, Jarecki<\/p>\n<h2>Gda\u0144sk, Polsat Plus Arena<\/h2>\n<h3>Pi\u0105tek, 18.07<\/h3>\n<p><strong>Scena G\u0142\u00f3wna:<\/strong><br \/>\nM\u0119skie Granie Przedstawia: Zalewski x T. Love<br \/>\nIgo<br \/>\nLady Pank gra pierwsz\u0105\u00a0p\u0142yt\u0119<br \/>\nRogucki &amp; Normalni Ludzie<br \/>\nDaria ze \u015al\u0105ska<\/p>\n<p><strong>Scena \u017b:<\/strong><br \/>\nKuba Kara\u015b<br \/>\nMela Koteluk<br \/>\n&#8220;Wsp\u00f3\u0142g\u0142osy&#8221; Marcel Bali\u0144ski, Bartosz Bielenia, Magdalena Kole\u015bnik<br \/>\nYana<br \/>\nCinnamon Gum<\/p>\n<h3>Sobota, 19.07<\/h3>\n<p><strong>Scena G\u0142\u00f3wna:<\/strong><br \/>\nM\u0119skie Granie Orkiestra 2025<br \/>\nMrozu MTV Unplugged<br \/>\nThe Dumplings Orkiestra<br \/>\nPaktofonika + Live Band<br \/>\nKathia<\/p>\n<p><strong>Scena \u017b:<\/strong><br \/>\nBaasch<br \/>\nB\u0142a\u017cej Kr\u00f3l<br \/>\nOfelia<br \/>\nWiktor Dydu\u0142a<br \/>\nZuzanna Malisz<\/p>\n<h2>Szczecin, EPSD Aeroklub Szczeci\u0144ski<\/h2>\n<h3>Pi\u0105tek, 25.07<\/h3>\n<p><strong>Scena G\u0142\u00f3wna:<\/strong><br \/>\nM\u0119skie Granie Przedstawia: Zalewski x T. Love<br \/>\n\u00d8rganek<br \/>\nLady Pank gra pierwsz\u0105 p\u0142yt\u0119<br \/>\nGrubson<br \/>\nDaria ze \u015al\u0105ska<\/p>\n<p><strong>Scena \u017b:<\/strong><br \/>\nBass Astral<br \/>\nStanis\u0142aw Soyka i Grott Orkiestra<br \/>\nWiktor Dydu\u0142a<br \/>\nSujka<br \/>\nWiktoria Zwoli\u0144ska feat. LOR<\/p>\n<h3>Sobota, 26.07<\/h3>\n<p><strong>Scena G\u0142\u00f3wna:<\/strong><br \/>\nM\u0119skie Granie Orkiestra 2025<br \/>\nZalewski<br \/>\nNosowska\/Kr\u00f3l<br \/>\nKasia Lins &#8220;Obywatelka KL&#8221;, tribute to Grzegorz Ciechowski<br \/>\nDawid Tyszkowski<\/p>\n<p><strong>Scena \u017b:<\/strong><br \/>\nMicha\u0142\u00a0Fox Kr\u00f3l<br \/>\nMela Koteluk<br \/>\nMikromusic feat. Marcelina, Dawid Tyszkowski<br \/>\nBluszcz<br \/>\nPola Chobot i Adam Baran<\/p>\n<h2>Wroc\u0142aw, Pola Marsowe<\/h2>\n<h3>Pi\u0105tek, 1.08<\/h3>\n<p><strong>Scena G\u0142\u00f3wna:<\/strong><br \/>\nM\u0119skie Granie Przedstawia: Zalewski x T. Love<br \/>\nKa\u015bka Sochacka<br \/>\n\u00d8rganek<br \/>\nGrubson<br \/>\nWiktor Walig\u00f3ra<\/p>\n<p><strong>Scena \u017b:<\/strong><br \/>\nPink Freud: Monster of Jazz<br \/>\nSmolik \/\/ Kev Fox feat. Bokka<br \/>\nMarcin Masecki<br \/>\nSonbird<br \/>\nPrzebi\u015bniegi<\/p>\n<h3>Sobota, 2.08<\/h3>\n<p><strong>Scena G\u0142\u00f3wna:<\/strong><br \/>\nM\u0119skie Granie Orkiestra 2026<br \/>\nBrodka<br \/>\nIgo<br \/>\nJohn Porter &#8211; Helicopters \u201945<br \/>\nNatalia Szroeder<\/p>\n<p><strong>Scena \u017b:<\/strong><br \/>\nFisz Emade Tworzywo<br \/>\nSistars<br \/>\nOfelia: Tribute to Mirka Kubasi\u0144ska feat. Kuba Wi\u0119cek, Hania Derej, Micha\u0142 Aftyka &amp; Alan Kapo\u0142ka<br \/>\nMagda Kluz<br \/>\nCinnamon Gum<\/p>\n<h2>Krak\u00f3w, Muzeum Lotnictwa<\/h2>\n<h3>Pi\u0105tek, 08.08<\/h3>\n<p><strong>Scena G\u0142\u00f3wna:<\/strong><br \/>\nM\u0119skie Granie Przedstawia: Zalewski x T. Love<br \/>\nMrozu MTV Unplugged<br \/>\nKa\u015bka Sochacka<br \/>\nMystic.30: \u00d8rganek, Bela Komoszy\u0144ska, Maria Peszek, Artur Andrus, Czes\u0142aw Mozil, Grzegorz Turnau, Piotr Rogucki, Tomasz Organek<br \/>\nKathia<\/p>\n<p><strong>Scena \u017b:<\/strong><br \/>\nAleksander D\u0119bicz &#8211; Vinylstealer<br \/>\nMiuosh<br \/>\nTurnau Solo, go\u015bcinnie: Igor Herbut<br \/>\nBRK feat. Jarecki<br \/>\nAnia Szlagowska<\/p>\n<h3>Sobota, 9.08<\/h3>\n<p><strong>Scena G\u0142\u00f3wna:<\/strong><br \/>\nM\u0119skie Granie Orkiestra 2025<br \/>\nKwiat Jab\u0142oni<br \/>\nNosowska\/Kr\u00f3l<br \/>\nBrodka<br \/>\nPawe\u0142 Domaga\u0142a<\/p>\n<p><strong>Scena \u017b:<\/strong><br \/>\nImmortal Onion<br \/>\nSistars<br \/>\nMicha\u0142 Fox Kr\u00f3l<br \/>\nJucho Sw@da x Niczos<\/p>\n<h2>Warszawa, Lotnisko Bemowo<\/h2>\n<h3>Pi\u0105tek, 22.08<\/h3>\n<p><strong>Scena G\u0142\u00f3wna:<\/strong><br \/>\nM\u0119skie Granie Przedstawia: Zalewski x T. Love<br \/>\nMrozu MTV Unplugged<br \/>\nIgo<br \/>\nMyslovitz<br \/>\n&#8220;Wsp\u00f3\u0142g\u0142osy&#8221; Marcel Bali\u0144ski, Bartosz Bielenia, Magdalena Kole\u015bnik feat. Tomasz Kot, B\u0142a\u017cej Kr\u00f3l<br \/>\nNatalia Szroeder<\/p>\n<p><strong>Scena \u017b:<\/strong><br \/>\n\u0141\u0105ki \u0141an<br \/>\nFisz Emade Tworzywo<br \/>\nDryskull &#8220;Salon&#8221; feat. Baranovski, B\u0142a\u017cej Kr\u00f3l, Igo, Mrozu, Tomson, Walu\u015bKraksaKryzys<br \/>\nYana<br \/>\nSonbird<br \/>\nMagda Kluz<\/p>\n<h3>Sobota, 23.08<\/h3>\n<p><strong>Scena G\u0142\u00f3wna:<\/strong><br \/>\nM\u0119skie Granie Orkiestra 2025<br \/>\nZalewski<br \/>\nBrodka<br \/>\nMystic.30: \u00d8rganek, Bela Komoszy\u0144ska, Maria Peszek, Artur Andrus, Czes\u0142aw Mozil, Grzegorz Turnau, Spi\u0119ty, Siczka, Tomasz Organek<br \/>\nIgor Herbut: tribute to Marek Grechuta<br \/>\nWiktor Walig\u00f3ra<\/p>\n<p><strong>Scena \u017b:<\/strong><br \/>\nOfelia: Tribute to Mirka Kubasi\u0144ska feat. Kuba Wi\u0119cek, Hania Derej, Micha\u0142 Aftyka &amp; Alan Kapo\u0142ka<br \/>\nSistars<br \/>\nB\u0142a\u017cej Kr\u00f3l<br \/>\nMasecki prezentuje: klasyka na M\u0119skim Graniu feat. Sophia Munoz<br \/>\nPrzebi\u015bniegi<br \/>\nLivka<\/p>\n<\/div>\n            <\/div>\n        <\/div>\n    <\/div>\n<\/section>\n\n\n<section class=\"events-slider-block  section-margin-32\" data-events-slider-block data-carousel-title=\"Gor\u0105ce wydarzenia\" data-carousel-type=\"karuzela_z_t\u0142em\" data-item-list-name=\"Karuzela z t\u0142em Gor\u0105ce wydarzenia\" data-item-list-id=\"karuzela_z_t\u0142em Gor\u0105ce wydarzenia\" >\n    <div class=\"container\">\n        <div class=\"row\">\n            <div class=\"col-24\">\n                <div class=\"events-slider-block__wrapper\">\n                                            <div class=\"events-slider-block__bg\"><img loading=\"lazy\" decoding=\"async\" width=\"1920\" height=\"1080\" src=\"https:\/\/www.ebilet.pl\/now\/app\/uploads\/2024\/09\/koncert_desktop.jpg\" class=\"attachment-full size-full\" alt=\"\" srcset=\"https:\/\/www.ebilet.pl\/now\/app\/uploads\/2024\/09\/koncert_desktop.jpg 1920w, https:\/\/www.ebilet.pl\/now\/app\/uploads\/2024\/09\/koncert_desktop-1024x576.jpg 1024w, https:\/\/www.ebilet.pl\/now\/app\/uploads\/2024\/09\/koncert_desktop-1536x864.jpg 1536w, https:\/\/www.ebilet.pl\/now\/app\/uploads\/2024\/09\/koncert_desktop-1280x720.jpg 1280w, https:\/\/www.ebilet.pl\/now\/app\/uploads\/2024\/09\/koncert_desktop-500x281.jpg 500w, https:\/\/www.ebilet.pl\/now\/app\/uploads\/2024\/09\/koncert_desktop-632x356.jpg 632w, https:\/\/www.ebilet.pl\/now\/app\/uploads\/2024\/09\/koncert_desktop-308x174.jpg 308w\" sizes=\"auto, (max-width: 1920px) 100vw, 1920px\" \/><\/div>\n                                                                <div class=\"events-slider-block__top\">\n                                                            <div class=\"events-slider-block__title desktop\">\n                                    <h2 class=\"typo-h2\">Gor\u0105ce wydarzenia<\/h2>\n                                <\/div>\n                                                                                        <div class=\"events-slider-block__title mobile\">\n                                    <h2 class=\"typo-h2\">Gor\u0105ce wydarzenia<\/h2>\n                                <\/div>\n                                                    <\/div>\n                                                            <div class=\"events-slider-block__main\">\n                        <div class=\"events-slider-block__nav events-slider-block__nav--prev\">\n                            <div class=\"button button--withIcon button--theme-white-blur button--size-fixed-48\" data-events-prev>\n                                <span class=\"button__icon icon icon-chevron-left\"><\/span>\n                            <\/div>\n                        <\/div>\n                        <div class=\"events-slider-block__nav events-slider-block__nav--next\">\n                            <div class=\"button button--withIcon button--theme-white-blur button--size-fixed-48\" data-events-next>\n                                <span class=\"button__icon icon icon-chevron-right\"><\/span>\n                            <\/div>\n                        <\/div>\n                        <div class=\"events-slider-block__slider\">\n                            <div class=\"swiper\" data-events-slider>\n                                <div class=\"events-slider-block__sliderWrapper swiper-wrapper\">\n                                                                    <div class=\"events-slider-block__sliderItem swiper-slide\">\n                                    \n<div class=\"card-event  card-event--size-small\">\n        <a href=\"https:\/\/www.ebilet.pl\/muzyka\/festiwale\/opener-festival\" target=\"_blank\" class=\"card-event__link\" rel=\"nofollow noopener\"><\/a>\n        <div class=\"card-event__wrapper\">\n        <div class=\"card-event__image\">\n            <img decoding=\"async\" src=\"https:\/\/www.ebilet.pl\/media\/cms\/media\/qkso1del\/opene_2027_tameimpala_552x736_ebilet-1d7aa61e-0a2a-4f3b-b538-d84518354aa2.webp\" alt=\"\">\n        <\/div>\n        <div class=\"card-event__data\">\n            <div class=\"card-event__name\">\n                <p>Open&#8217;er Festival 2027<\/p>\n            <\/div>\n            <div class=\"card-event__date\">30.06.2027-30.06.2027<\/div>\n            <div class=\"card-event__location\">Gdynia<\/div>\n        <\/div>\n    <\/div>\n<\/div>                                    <\/div>\n                                                                    <div class=\"events-slider-block__sliderItem swiper-slide\">\n                                    \n<div class=\"card-event  card-event--size-small\">\n        <a href=\"https:\/\/www.ebilet.pl\/sport\/sporty-druzynowe\/koszykowka-mecz\" target=\"_blank\" class=\"card-event__link\" rel=\"nofollow noopener\"><\/a>\n        <div class=\"card-event__wrapper\">\n        <div class=\"card-event__image\">\n            <img decoding=\"async\" src=\"https:\/\/www.ebilet.pl\/media\/cms\/media\/hoxono4g\/podstawowe_portal-98225706-f40f-4253-9b63-9f6c375fb13f.webp\" alt=\"\">\n        <\/div>\n        <div class=\"card-event__data\">\n            <div class=\"card-event__name\">\n                <p>Kwalifikacje do Mistrzostw \u015awiata w koszyk\u00f3wce m\u0119\u017cczyzn 2027: Polska \u2013 Chorwacja<\/p>\n            <\/div>\n            <div class=\"card-event__date\">27.11.2026-27.11.2026<\/div>\n            <div class=\"card-event__location\">Gliwice<\/div>\n        <\/div>\n    <\/div>\n<\/div>                                    <\/div>\n                                                                    <div class=\"events-slider-block__sliderItem swiper-slide\">\n                                    \n<div class=\"card-event  card-event--size-small\">\n        <a href=\"https:\/\/www.ebilet.pl\/muzyka\/pop\/take-that\" target=\"_blank\" class=\"card-event__link\" rel=\"nofollow noopener\"><\/a>\n        <div class=\"card-event__wrapper\">\n        <div class=\"card-event__image\">\n            <img decoding=\"async\" src=\"https:\/\/www.ebilet.pl\/media\/cms\/media\/eiqdozli\/ebilet-552x736-take-that.webp\" alt=\"\">\n        <\/div>\n        <div class=\"card-event__data\">\n            <div class=\"card-event__name\">\n                <p>Take That<\/p>\n            <\/div>\n            <div class=\"card-event__date\">13.06.2027-13.06.2027<\/div>\n            <div class=\"card-event__location\">Warszawa<\/div>\n        <\/div>\n    <\/div>\n<\/div>                                    <\/div>\n                                                                    <div class=\"events-slider-block__sliderItem swiper-slide\">\n                                    \n<div class=\"card-event  card-event--size-small\">\n        <a href=\"https:\/\/www.ebilet.pl\/muzyka\/hip-hop-rap\/gombao33\" target=\"_blank\" class=\"card-event__link\" rel=\"nofollow noopener\"><\/a>\n        <div class=\"card-event__wrapper\">\n        <div class=\"card-event__image\">\n            <img decoding=\"async\" src=\"https:\/\/www.ebilet.pl\/media\/cms\/media\/ctcikvkb\/gombao_bez_napisu-2ebe28b7-760a-4987-8d6c-0cb2fe6f2203.webp\" alt=\"\">\n        <\/div>\n        <div class=\"card-event__data\">\n            <div class=\"card-event__name\">\n                <p>G33 Tour &#8211; Tadeo x Szczepan x Wygu\u015b x Mata<\/p>\n            <\/div>\n            <div class=\"card-event__date\">12.09.2026-12.09.2026<\/div>\n            <div class=\"card-event__location\">Bydgoszcz, Gwi\u017adziny, Kra\u015bnik i inne<\/div>\n        <\/div>\n    <\/div>\n<\/div>                                    <\/div>\n                                                                    <div class=\"events-slider-block__sliderItem swiper-slide\">\n                                    \n<div class=\"card-event  card-event--size-small\">\n        <a href=\"https:\/\/www.ebilet.pl\/muzyka\/festiwale\/up-to-date-festival\" target=\"_blank\" class=\"card-event__link\" rel=\"nofollow noopener\"><\/a>\n        <div class=\"card-event__wrapper\">\n        <div class=\"card-event__image\">\n            <img decoding=\"async\" src=\"https:\/\/www.ebilet.pl\/media\/cms\/media\/jfdlnoqn\/ebilet-552x736-portal-wersja-2-c38ddeaf-bf05-4f54-9e4d-377e6b572335.webp\" alt=\"\">\n        <\/div>\n        <div class=\"card-event__data\">\n            <div class=\"card-event__name\">\n                <p>Up To Date Festival 2027<\/p>\n            <\/div>\n            <div class=\"card-event__date\">27.05.2027-27.05.2027<\/div>\n            <div class=\"card-event__location\">Bia\u0142ystok<\/div>\n        <\/div>\n    <\/div>\n<\/div>                                    <\/div>\n                                                                    <div class=\"events-slider-block__sliderItem swiper-slide\">\n                                    \n<div class=\"card-event  card-event--size-small\">\n        <a href=\"https:\/\/www.ebilet.pl\/muzyka\/rock\/fontaines-dc\" target=\"_blank\" class=\"card-event__link\" rel=\"nofollow noopener\"><\/a>\n        <div class=\"card-event__wrapper\">\n        <div class=\"card-event__image\">\n            <img decoding=\"async\" src=\"https:\/\/www.ebilet.pl\/media\/cms\/media\/ovge4bna\/fontaines_dc_portal_552x736.webp\" alt=\"\">\n        <\/div>\n        <div class=\"card-event__data\">\n            <div class=\"card-event__name\">\n                <p>Fontaines D.C. EU TOUR 2026<\/p>\n            <\/div>\n            <div class=\"card-event__date\">31.10.2026-31.10.2026<\/div>\n            <div class=\"card-event__location\">\u0141\u00f3d\u017a<\/div>\n        <\/div>\n    <\/div>\n<\/div>                                    <\/div>\n                                                                    <div class=\"events-slider-block__sliderItem swiper-slide\">\n                                    \n<div class=\"card-event  card-event--size-small\">\n        <a href=\"https:\/\/www.ebilet.pl\/teatr\/musicale\/wicked\" target=\"_blank\" class=\"card-event__link\" rel=\"nofollow noopener\"><\/a>\n        <div class=\"card-event__wrapper\">\n        <div class=\"card-event__image\">\n            <img decoding=\"async\" src=\"https:\/\/www.ebilet.pl\/media\/cms\/media\/t1vbgs4w\/552x736_wickeduniejow-5b08a259-81c1-4704-a3d9-3086b7766d96.webp\" alt=\"\">\n        <\/div>\n        <div class=\"card-event__data\">\n            <div class=\"card-event__name\">\n                <p>Wicked<\/p>\n            <\/div>\n            <div class=\"card-event__date\">26.09.2026-26.09.2026<\/div>\n            <div class=\"card-event__location\">Warszawa<\/div>\n        <\/div>\n    <\/div>\n<\/div>                                    <\/div>\n                                                                    <div class=\"events-slider-block__sliderItem swiper-slide\">\n                                    \n<div class=\"card-event  card-event--size-small\">\n        <a href=\"https:\/\/www.ebilet.pl\/muzyka\/festiwale\/olsztyn-green-festival\" target=\"_blank\" class=\"card-event__link\" rel=\"nofollow noopener\"><\/a>\n        <div class=\"card-event__wrapper\">\n        <div class=\"card-event__image\">\n            <img decoding=\"async\" src=\"https:\/\/www.ebilet.pl\/media\/cms\/media\/ivzhtv3z\/1080x1350_ogf_edycja_2027-18faf89b-3a6e-4aa9-b07b-593f24448a27.webp\" alt=\"\">\n        <\/div>\n        <div class=\"card-event__data\">\n            <div class=\"card-event__name\">\n                <p>Olsztyn Green Festival 2027<\/p>\n            <\/div>\n            <div class=\"card-event__date\">13.08.2027-13.08.2027<\/div>\n            <div class=\"card-event__location\">Olsztyn<\/div>\n        <\/div>\n    <\/div>\n<\/div>                                    <\/div>\n                                                                    <div class=\"events-slider-block__sliderItem swiper-slide\">\n                                    \n<div class=\"card-event  card-event--size-small\">\n        <a href=\"https:\/\/www.ebilet.pl\/muzyka\/pop\/tokio-hotel\" target=\"_blank\" class=\"card-event__link\" rel=\"nofollow noopener\"><\/a>\n        <div class=\"card-event__wrapper\">\n        <div class=\"card-event__image\">\n            <img decoding=\"async\" src=\"https:\/\/www.ebilet.pl\/media\/cms\/media\/i02j3uly\/tokio-hotel-552.webp\" alt=\"\">\n        <\/div>\n        <div class=\"card-event__data\">\n            <div class=\"card-event__name\">\n                <p>Tokio Hotel<\/p>\n            <\/div>\n            <div class=\"card-event__date\">19.08.2027-19.08.2027<\/div>\n            <div class=\"card-event__location\">Warszawa<\/div>\n        <\/div>\n    <\/div>\n<\/div>                                    <\/div>\n                                                                    <div class=\"events-slider-block__sliderItem swiper-slide\">\n                                    \n<div class=\"card-event  card-event--size-small\">\n        <a href=\"https:\/\/www.ebilet.pl\/muzyka\/hip-hop-rap\/otsochodzi\" target=\"_blank\" class=\"card-event__link\" rel=\"nofollow noopener\"><\/a>\n        <div class=\"card-event__wrapper\">\n        <div class=\"card-event__image\">\n            <img decoding=\"async\" src=\"https:\/\/www.ebilet.pl\/media\/cms\/media\/ucuizr2w\/tt-552-x-736-kopia.webp\" alt=\"\">\n        <\/div>\n        <div class=\"card-event__data\">\n            <div class=\"card-event__name\">\n                <p>Otsochodzi &#8211; RIOTT<\/p>\n            <\/div>\n            <div class=\"card-event__date\">01.10.2026-01.10.2026<\/div>\n            <div class=\"card-event__location\">Gda\u0144sk, Krak\u00f3w, Pozna\u0144 i inne<\/div>\n        <\/div>\n    <\/div>\n<\/div>                                    <\/div>\n                                                                    <div class=\"events-slider-block__sliderItem swiper-slide\">\n                                    \n<div class=\"card-event  card-event--size-small\">\n        <a href=\"https:\/\/www.ebilet.pl\/muzyka\/rock\/russell-crowe\" target=\"_blank\" class=\"card-event__link\" rel=\"nofollow noopener\"><\/a>\n        <div class=\"card-event__wrapper\">\n        <div class=\"card-event__image\">\n            <img decoding=\"async\" src=\"https:\/\/www.ebilet.pl\/media\/cms\/media\/dajolyng\/rusel_pion-738c048c-2504-4de3-a226-d83518cf8463.webp\" alt=\"\">\n        <\/div>\n        <div class=\"card-event__data\">\n            <div class=\"card-event__name\">\n                <p>Russell Crowe\u2019s Indoor Garden Party<\/p>\n            <\/div>\n            <div class=\"card-event__date\">05.06.2027-05.06.2027<\/div>\n            <div class=\"card-event__location\">\u0106miel\u00f3w<\/div>\n        <\/div>\n    <\/div>\n<\/div>                                    <\/div>\n                                                                    <div class=\"events-slider-block__sliderItem swiper-slide\">\n                                    \n<div class=\"card-event  card-event--size-small\">\n        <a href=\"https:\/\/www.ebilet.pl\/sport\/sporty-walki\/ksw-gala\" target=\"_blank\" class=\"card-event__link\" rel=\"nofollow noopener\"><\/a>\n        <div class=\"card-event__wrapper\">\n        <div class=\"card-event__image\">\n            <img decoding=\"async\" src=\"https:\/\/www.ebilet.pl\/media\/cms\/media\/cz4hwoy5\/ksw122_552x736-kopia-2bfd4e82-ebbc-475a-901b-7cd82d226339.webp\" alt=\"\">\n        <\/div>\n        <div class=\"card-event__data\">\n            <div class=\"card-event__name\">\n                <p>XTB KSW 122<\/p>\n            <\/div>\n            <div class=\"card-event__date\">10.10.2026-10.10.2026<\/div>\n            <div class=\"card-event__location\">Rzesz\u00f3w<\/div>\n        <\/div>\n    <\/div>\n<\/div>                                    <\/div>\n                                                                    <div class=\"events-slider-block__sliderItem swiper-slide\">\n                                    \n<div class=\"card-event  card-event--size-small\">\n        <a href=\"https:\/\/www.ebilet.pl\/muzyka\/pop\/pitbull\" target=\"_blank\" class=\"card-event__link\" rel=\"nofollow noopener\"><\/a>\n        <div class=\"card-event__wrapper\">\n        <div class=\"card-event__image\">\n            <img decoding=\"async\" src=\"https:\/\/www.ebilet.pl\/media\/cms\/media\/5lzfwzwf\/pitbull_552x736-51986cca-48f5-4419-a9c5-cba531ed65a3.webp\" alt=\"\">\n        <\/div>\n        <div class=\"card-event__data\">\n            <div class=\"card-event__name\">\n                <p>Pitbull &#8211; I&#8217;m Back!<\/p>\n            <\/div>\n            <div class=\"card-event__date\">27.11.2026-27.11.2026<\/div>\n            <div class=\"card-event__location\">Gda\u0144sk\/Sopot, \u0141\u00f3d\u017a<\/div>\n        <\/div>\n    <\/div>\n<\/div>                                    <\/div>\n                                                                <\/div>\n                            <\/div>\n                        <\/div>\n                        <div class=\"events-slider-block__events swiper\" data-events-events-descriptions>\n                            <div class=\"events-slider-block__eventsWrapper swiper-wrapper\">\n                                                            <div class=\"events-slider-block__eventsItem swiper-slide\">\n                                    <a href=\"https:\/\/www.ebilet.pl\/muzyka\/festiwale\/opener-festival\" target=\"_blank\" class=\"events-slider-block__eventsName\">\n                                        <p>Open&#039;er Festival 2027<\/p>\n                                    <\/a>\n                                    <div class=\"events-slider-block__eventsDate\">\n                                        30.06.2027-03.07.2027                                    <\/div>\n                                    <div class=\"events-slider-block__eventsLocation\">Gdynia<\/div>\n                                <\/div>\n                                                            <div class=\"events-slider-block__eventsItem swiper-slide\">\n                                    <a href=\"https:\/\/www.ebilet.pl\/sport\/sporty-druzynowe\/koszykowka-mecz\" target=\"_blank\" class=\"events-slider-block__eventsName\">\n                                        <p>Kwalifikacje do Mistrzostw \u015awiata w koszyk\u00f3wce m\u0119\u017cczyzn 2027: Polska \u2013 Chorwacja<\/p>\n                                    <\/a>\n                                    <div class=\"events-slider-block__eventsDate\">\n                                        27.11.2026-27.11.2026                                    <\/div>\n                                    <div class=\"events-slider-block__eventsLocation\">Gliwice<\/div>\n                                <\/div>\n                                                            <div class=\"events-slider-block__eventsItem swiper-slide\">\n                                    <a href=\"https:\/\/www.ebilet.pl\/muzyka\/pop\/take-that\" target=\"_blank\" class=\"events-slider-block__eventsName\">\n                                        <p>Take That<\/p>\n                                    <\/a>\n                                    <div class=\"events-slider-block__eventsDate\">\n                                        13.06.2027-13.06.2027                                    <\/div>\n                                    <div class=\"events-slider-block__eventsLocation\">Warszawa<\/div>\n                                <\/div>\n                                                            <div class=\"events-slider-block__eventsItem swiper-slide\">\n                                    <a href=\"https:\/\/www.ebilet.pl\/muzyka\/hip-hop-rap\/gombao33\" target=\"_blank\" class=\"events-slider-block__eventsName\">\n                                        <p>G33 Tour &#8211; Tadeo x Szczepan x Wygu\u015b x Mata<\/p>\n                                    <\/a>\n                                    <div class=\"events-slider-block__eventsDate\">\n                                        12.09.2026-04.10.2026                                    <\/div>\n                                    <div class=\"events-slider-block__eventsLocation\">Bydgoszcz, Gwi\u017adziny, Kra\u015bnik i inne<\/div>\n                                <\/div>\n                                                            <div class=\"events-slider-block__eventsItem swiper-slide\">\n                                    <a href=\"https:\/\/www.ebilet.pl\/muzyka\/festiwale\/up-to-date-festival\" target=\"_blank\" class=\"events-slider-block__eventsName\">\n                                        <p>Up To Date Festival 2027<\/p>\n                                    <\/a>\n                                    <div class=\"events-slider-block__eventsDate\">\n                                        27.05.2027-28.05.2027                                    <\/div>\n                                    <div class=\"events-slider-block__eventsLocation\">Bia\u0142ystok<\/div>\n                                <\/div>\n                                                            <div class=\"events-slider-block__eventsItem swiper-slide\">\n                                    <a href=\"https:\/\/www.ebilet.pl\/muzyka\/rock\/fontaines-dc\" target=\"_blank\" class=\"events-slider-block__eventsName\">\n                                        <p>Fontaines D.C. EU TOUR 2026<\/p>\n                                    <\/a>\n                                    <div class=\"events-slider-block__eventsDate\">\n                                        31.10.2026-31.10.2026                                    <\/div>\n                                    <div class=\"events-slider-block__eventsLocation\">\u0141\u00f3d\u017a<\/div>\n                                <\/div>\n                                                            <div class=\"events-slider-block__eventsItem swiper-slide\">\n                                    <a href=\"https:\/\/www.ebilet.pl\/teatr\/musicale\/wicked\" target=\"_blank\" class=\"events-slider-block__eventsName\">\n                                        <p>Wicked<\/p>\n                                    <\/a>\n                                    <div class=\"events-slider-block__eventsDate\">\n                                        26.09.2026-29.11.2026                                    <\/div>\n                                    <div class=\"events-slider-block__eventsLocation\">Warszawa<\/div>\n                                <\/div>\n                                                            <div class=\"events-slider-block__eventsItem swiper-slide\">\n                                    <a href=\"https:\/\/www.ebilet.pl\/muzyka\/festiwale\/olsztyn-green-festival\" target=\"_blank\" class=\"events-slider-block__eventsName\">\n                                        <p>Olsztyn Green Festival 2027<\/p>\n                                    <\/a>\n                                    <div class=\"events-slider-block__eventsDate\">\n                                        13.08.2027-13.08.2027                                    <\/div>\n                                    <div class=\"events-slider-block__eventsLocation\">Olsztyn<\/div>\n                                <\/div>\n                                                            <div class=\"events-slider-block__eventsItem swiper-slide\">\n                                    <a href=\"https:\/\/www.ebilet.pl\/muzyka\/pop\/tokio-hotel\" target=\"_blank\" class=\"events-slider-block__eventsName\">\n                                        <p>Tokio Hotel<\/p>\n                                    <\/a>\n                                    <div class=\"events-slider-block__eventsDate\">\n                                        19.08.2027-19.08.2027                                    <\/div>\n                                    <div class=\"events-slider-block__eventsLocation\">Warszawa<\/div>\n                                <\/div>\n                                                            <div class=\"events-slider-block__eventsItem swiper-slide\">\n                                    <a href=\"https:\/\/www.ebilet.pl\/muzyka\/hip-hop-rap\/otsochodzi\" target=\"_blank\" class=\"events-slider-block__eventsName\">\n                                        <p>Otsochodzi &#8211; RIOTT<\/p>\n                                    <\/a>\n                                    <div class=\"events-slider-block__eventsDate\">\n                                        01.10.2026-03.12.2026                                    <\/div>\n                                    <div class=\"events-slider-block__eventsLocation\">Gda\u0144sk, Krak\u00f3w, Pozna\u0144 i inne<\/div>\n                                <\/div>\n                                                            <div class=\"events-slider-block__eventsItem swiper-slide\">\n                                    <a href=\"https:\/\/www.ebilet.pl\/muzyka\/rock\/russell-crowe\" target=\"_blank\" class=\"events-slider-block__eventsName\">\n                                        <p>Russell Crowe\u2019s Indoor Garden Party<\/p>\n                                    <\/a>\n                                    <div class=\"events-slider-block__eventsDate\">\n                                        05.06.2027-05.06.2027                                    <\/div>\n                                    <div class=\"events-slider-block__eventsLocation\">\u0106miel\u00f3w<\/div>\n                                <\/div>\n                                                            <div class=\"events-slider-block__eventsItem swiper-slide\">\n                                    <a href=\"https:\/\/www.ebilet.pl\/sport\/sporty-walki\/ksw-gala\" target=\"_blank\" class=\"events-slider-block__eventsName\">\n                                        <p>XTB KSW 122<\/p>\n                                    <\/a>\n                                    <div class=\"events-slider-block__eventsDate\">\n                                        10.10.2026-10.10.2026                                    <\/div>\n                                    <div class=\"events-slider-block__eventsLocation\">Rzesz\u00f3w<\/div>\n                                <\/div>\n                                                            <div class=\"events-slider-block__eventsItem swiper-slide\">\n                                    <a href=\"https:\/\/www.ebilet.pl\/muzyka\/pop\/pitbull\" target=\"_blank\" class=\"events-slider-block__eventsName\">\n                                        <p>Pitbull &#8211; I&#039;m Back!<\/p>\n                                    <\/a>\n                                    <div class=\"events-slider-block__eventsDate\">\n                                        27.11.2026-03.12.2026                                    <\/div>\n                                    <div class=\"events-slider-block__eventsLocation\">Gda\u0144sk\/Sopot, \u0141\u00f3d\u017a<\/div>\n                                <\/div>\n                                                        <\/div>\n                        <\/div>\n                        <div class=\"events-slider-block__pagination\">\n                            <div class=\"swiper-pagination slider-pagination slider-pagination--theme-white\" data-events-slider-pagination><\/div>\n                        <\/div>\n                    <\/div>\n                                        <div class=\"events-slider-block__bottom\">\n                                                                                <div class=\"events-slider-block__link desktop\">\n                                    <a\n                                        class=\"button button--size-small button--theme-primary-yellow button--withIconLeft\"\n                                        href=\"https:\/\/www.ebilet.pl\/\">\n                                                                                    <div class=\"button__icon\"><img loading=\"lazy\" decoding=\"async\" width=\"30\" height=\"30\" src=\"https:\/\/www.ebilet.pl\/now\/app\/uploads\/2024\/01\/ticket-cinema-entertainment-coupon-discount-sale_30px.png\" class=\"attachment-full size-full\" alt=\"\" \/><\/div>\n                                                                                <p class=\"button__text typo-18\">Kup na eBilet.pl<\/p>\n                                    <\/a>\n                                <\/div>\n                                                                                <div class=\"events-slider-block__link mobile\">\n                                    <a\n                                        class=\"button button--size-small button--theme-primary-yellow button--withIconLeft\"\n                                        href=\"https:\/\/www.ebilet.pl\/\">\n                                                                                    <div class=\"button__icon\"><img loading=\"lazy\" decoding=\"async\" width=\"30\" height=\"30\" src=\"https:\/\/www.ebilet.pl\/now\/app\/uploads\/2024\/01\/ticket-cinema-entertainment-coupon-discount-sale_30px.png\" class=\"attachment-full size-full\" alt=\"\" \/><\/div>\n                                                                                <p class=\"button__text typo-18\">Kup na eBilet.pl<\/p>\n                                    <\/a>\n                                <\/div>\n                                            <\/div>\n                <\/div>\n            <\/div>\n        <\/div>\n    <\/div>\n<\/section>","protected":false},"excerpt":{"rendered":"<p>Kto zagra na M\u0119skim Graniu? Zapoznajcie si\u0119\u00a0z line-upem 16. edycji! <\/p>\n","protected":false},"author":16,"featured_media":47706,"comment_status":"open","ping_status":"open","sticky":false,"template":"page-templates\/article-default.php","format":"standard","meta":{"_acf_changed":false,"footnotes":""},"article_tag":[256],"article_type":[554],"class_list":["post-47705","post","type-post","status-publish","format-standard","has-post-thumbnail","hentry","article_tag-meskie-granie","article_type-muzyka"],"acf":[],"_links":{"self":[{"href":"https:\/\/www.ebilet.pl\/now\/wp-json\/wp\/v2\/posts\/47705","targetHints":{"allow":["GET"]}}],"collection":[{"href":"https:\/\/www.ebilet.pl\/now\/wp-json\/wp\/v2\/posts"}],"about":[{"href":"https:\/\/www.ebilet.pl\/now\/wp-json\/wp\/v2\/types\/post"}],"author":[{"embeddable":true,"href":"https:\/\/www.ebilet.pl\/now\/wp-json\/wp\/v2\/users\/16"}],"replies":[{"embeddable":true,"href":"https:\/\/www.ebilet.pl\/now\/wp-json\/wp\/v2\/comments?post=47705"}],"version-history":[{"count":3,"href":"https:\/\/www.ebilet.pl\/now\/wp-json\/wp\/v2\/posts\/47705\/revisions"}],"predecessor-version":[{"id":63714,"href":"https:\/\/www.ebilet.pl\/now\/wp-json\/wp\/v2\/posts\/47705\/revisions\/63714"}],"wp:featuredmedia":[{"embeddable":true,"href":"https:\/\/www.ebilet.pl\/now\/wp-json\/wp\/v2\/media\/47706"}],"wp:attachment":[{"href":"https:\/\/www.ebilet.pl\/now\/wp-json\/wp\/v2\/media?parent=47705"}],"wp:term":[{"taxonomy":"article_tag","embeddable":true,"href":"https:\/\/www.ebilet.pl\/now\/wp-json\/wp\/v2\/article_tag?post=47705"},{"taxonomy":"article_type","embeddable":true,"href":"https:\/\/www.ebilet.pl\/now\/wp-json\/wp\/v2\/article_type?post=47705"}],"curies":[{"name":"wp","href":"https:\/\/api.w.org\/{rel}","templated":true}]}}