{"id":45725,"date":"2025-02-24T09:31:53","date_gmt":"2025-02-24T08:31:53","guid":{"rendered":"https:\/\/www.ebilet.pl\/now\/?p=45725"},"modified":"2025-09-25T09:38:11","modified_gmt":"2025-09-25T08:38:11","slug":"rusza-kora-male-wolnosci-gdzie-odbeda-sie-koncerty-poswiecone-artystce","status":"publish","type":"post","link":"https:\/\/www.ebilet.pl\/now\/rusza-kora-male-wolnosci-gdzie-odbeda-sie-koncerty-poswiecone-artystce\/","title":{"rendered":"Rusza &#8220;Kora Ma\u0142e Wolno\u015bci&#8221;! Gdzie odb\u0119d\u0105 si\u0119\u00a0koncerty po\u015bwi\u0119cone artystce?\u00a0"},"content":{"rendered":"\n<section class=\"text-block  section-margin-32\" >\n    <div class=\"container\">\n        <div class=\"row\">\n            <div class=\"col-24\">\n                <div class=\"text-block__content\"><h2>Trasa &#8220;Kora Ma\u0142e Wolno\u015bci&#8221; &#8211; szczeg\u00f3\u0142y wydarzenia<\/h2>\n<p>Jesieni\u0105 siedem lokalizacji w Polsce zamieni si\u0119 w muzyczne \u015bwi\u0119to dedykowane polskiej artystce!<strong> &#8220;Kora Ma\u0142e Wolno\u015bci&#8221;<\/strong> oparty zostanie o <strong>&#8220;Manifest&#8221;<\/strong>, kt\u00f3ry wokalistka zaprezentowa\u0142a \u015bwiatu w 2012 roku. Klimat wydarzenia osadzono w duchu zasad i postanowie\u0144 zawartych w jej my\u015blowym testamencie.<\/p>\n<p>Spodziewajcie si\u0119 wieczor\u00f3w przepe\u0142nionych zar\u00f3wno tw\u00f3rczo\u015bci\u0105 <strong>Kory<\/strong>, jak i <strong>Maanamu<\/strong>, w wykonaniu go\u015bci specjalnych. Dyrektork\u0105\u00a0artystyczn\u0105 projektu zosta\u0142a <strong>Natalia Przybysz<\/strong>, a kuratorem wydarzenia jest <strong>Kamil Sipowicz<\/strong>. Aran\u017cacjami zaj\u0105\u0142 si\u0119<strong> Mateusz Wa\u015bkiewicz<\/strong>, by\u0142y gitarzysta <strong>Kory<\/strong> oraz wsp\u00f3\u0142tw\u00f3rca jej ostatniego albumu &#8211; <strong>&#8220;Ping Pong&#8221;.<\/strong><\/p>\n<p>Trasa przebiega nast\u0119puj\u0105co:<\/p>\n<p>26.09.2025, Gda\u0144sk, ERGO ARENA<br \/>\n09.10.2025, Wroc\u0142aw, Hala Stulecia<br \/>\n04.11.2025, Pozna\u0144, PAWILON 3A MTP<br \/>\n16.11.2025, Katowice, Hala Widowiskowo-Sportowa SPODEK<br \/>\n07.12.2025, \u0141\u00f3d\u017a, Atlas Arena<br \/>\n08.12.2025, Warszawa, COS Torwar<br \/>\n17.12.2025, Krak\u00f3w, TAURON Arena Krak\u00f3w<\/p>\n<\/div>\n            <\/div>\n        <\/div>\n    <\/div>\n<\/section>\n\n\n<section class=\"text-block  section-margin-32\" >\n    <div class=\"container\">\n        <div class=\"row\">\n            <div class=\"col-24\">\n                <div class=\"text-block__content\"><h2>Kora &#8211; legenda muzyki<\/h2>\n<p><strong>Kora<\/strong> przez lata wyznacza\u0142a \u015bcie\u017cki polskiej muzyki rockowej, a to wszystko za spraw\u0105 repertuaru <strong>Maanamu<\/strong> oraz tw\u00f3rczo\u015bci solowej. Jej szeroki wachlarz hit\u00f3w zasilaj\u0105 takie kompozycje, jak <strong>&#8220;Krakowski spleen&#8221;, &#8220;Kocham Ci\u0119, kochanie moje&#8221;, &#8220;Boskie Buenos&#8221;, &#8220;Szare mira\u017ce&#8221;, &#8220;Nie poganiaj mnie, bo trac\u0119 oddech&#8221; <\/strong>czy<strong> &#8220;Cykady na Cykladach&#8221;<\/strong>. Utwory doczeka\u0142y si\u0119 wielu aran\u017cacji, a orygina\u0142y do tej pory ochoczo s\u0105 emitowane przez stacje radiowe w ca\u0142ej Polsce. Uroku dodawa\u0142a jej wyj\u0105tkowa charyzma, kt\u00f3r\u0105 emanowa\u0142a zar\u00f3wno na scenie, jak i w \u017cyciu prywatnym. Artystka zmar\u0142a w 2018 roku, przegrywaj\u0105c walk\u0119 z rakiem jajnika.<\/p>\n<\/div>\n            <\/div>\n        <\/div>\n    <\/div>\n<\/section>\n\n\n<figure class=\"wp-block-embed is-type-rich is-provider-spotify wp-block-embed-spotify wp-embed-aspect-21-9 wp-has-aspect-ratio\"><div class=\"wp-block-embed__wrapper\">\n<iframe title=\"Spotify Embed: This Is Maanam\" style=\"border-radius: 12px\" width=\"100%\" height=\"352\" frameborder=\"0\" allowfullscreen allow=\"autoplay; clipboard-write; encrypted-media; fullscreen; picture-in-picture\" loading=\"lazy\" src=\"https:\/\/open.spotify.com\/embed\/playlist\/37i9dQZF1DZ06evO2NOlgU?si=a5eef458910f4e08&#038;utm_source=oembed\"><\/iframe>\n<\/div><\/figure>\n\n\n<section class=\"gap-block  section-margin-32 section-margin-32\"><\/section>\n\n\n<section class=\"events-slider-block  section-margin-32\" data-events-slider-block data-carousel-title=\"Gor\u0105ce wydarzenia\" data-carousel-type=\"karuzela_z_t\u0142em\" data-item-list-name=\"Karuzela z t\u0142em Gor\u0105ce wydarzenia\" data-item-list-id=\"karuzela_z_t\u0142em Gor\u0105ce wydarzenia\" >\n    <div class=\"container\">\n        <div class=\"row\">\n            <div class=\"col-24\">\n                <div class=\"events-slider-block__wrapper\">\n                                            <div class=\"events-slider-block__bg\"><img loading=\"lazy\" decoding=\"async\" width=\"1920\" height=\"1080\" src=\"https:\/\/www.ebilet.pl\/now\/app\/uploads\/2024\/07\/festiwale.jpg\" class=\"attachment-full size-full\" alt=\"\" srcset=\"https:\/\/www.ebilet.pl\/now\/app\/uploads\/2024\/07\/festiwale.jpg 1920w, https:\/\/www.ebilet.pl\/now\/app\/uploads\/2024\/07\/festiwale-1024x576.jpg 1024w, https:\/\/www.ebilet.pl\/now\/app\/uploads\/2024\/07\/festiwale-1536x864.jpg 1536w, https:\/\/www.ebilet.pl\/now\/app\/uploads\/2024\/07\/festiwale-1280x720.jpg 1280w, https:\/\/www.ebilet.pl\/now\/app\/uploads\/2024\/07\/festiwale-500x281.jpg 500w, https:\/\/www.ebilet.pl\/now\/app\/uploads\/2024\/07\/festiwale-632x356.jpg 632w, https:\/\/www.ebilet.pl\/now\/app\/uploads\/2024\/07\/festiwale-308x174.jpg 308w\" sizes=\"(max-width: 1920px) 100vw, 1920px\" \/><\/div>\n                                                                <div class=\"events-slider-block__top\">\n                                                            <div class=\"events-slider-block__title desktop\">\n                                    <h2 class=\"typo-h2\">Gor\u0105ce wydarzenia<\/h2>\n                                <\/div>\n                                                                                        <div class=\"events-slider-block__title mobile\">\n                                    <h2 class=\"typo-h2\">Gor\u0105ce wydarzenia<\/h2>\n                                <\/div>\n                                                    <\/div>\n                                                                <div class=\"events-slider-block__main\">\n                            <div class=\"events-slider-block__nav events-slider-block__nav--prev\">\n                                <div class=\"button button--withIcon button--theme-white-blur button--size-fixed-48\" data-events-prev>\n                                    <span class=\"button__icon icon icon-chevron-left\"><\/span>\n                                <\/div>\n                            <\/div>\n                            <div class=\"events-slider-block__nav events-slider-block__nav--next\">\n                                <div class=\"button button--withIcon button--theme-white-blur button--size-fixed-48\" data-events-next>\n                                    <span class=\"button__icon icon icon-chevron-right\"><\/span>\n                                <\/div>\n                            <\/div>\n                            <div class=\"events-slider-block__slider\">\n                                <div class=\"swiper\" data-events-slider>\n                                    <div class=\"events-slider-block__sliderWrapper swiper-wrapper\">\n\n                                        \n                                            <div class=\"events-slider-block__sliderItem swiper-slide event-card\"\n                                                data-id=\"63906\"\n                                                data-name=\"Mecze towarzyskie Reprezentacji Polski m\u0119\u017cczyzn w siatk\u00f3wce\"\n                                                data-brand=\"Polska Siatk\u00f3wka Sp. z o.o.\"\n                                                data-category=\"sport\"\n                                                data-subcategory=\"sporty-druzynowe\"\n                                                data-city=\"Katowice, Sosnowiec\"\n                                                data-venue=\"ArcelorMittal Park w Sosnowcu\">\n                                                \n<div class=\"card-event  card-event--size-small\">\n        <a href=\"https:\/\/www.ebilet.pl\/sport\/sporty-druzynowe\/mecz-siatkowki\" target=\"_blank\" class=\"card-event__link\" rel=\"nofollow noopener\"><\/a>\n        <div class=\"card-event__wrapper\">\n        <div class=\"card-event__image\">\n            <img decoding=\"async\" src=\"https:\/\/www.ebilet.pl\/media\/cms\/media\/paxoijep\/mecz-1-e7ebdff4-0eeb-4b41-87f8-b8cc79cca9e1.webp\" alt=\"\">\n        <\/div>\n        <div class=\"card-event__data\">\n            <div class=\"card-event__name\">\n                <p>Mecze towarzyskie Reprezentacji Polski m\u0119\u017cczyzn w siatk\u00f3wce<\/p>\n            <\/div>\n            <div class=\"card-event__date\">20.05.2026-20.05.2026<\/div>\n            <div class=\"card-event__location\">Katowice, Sosnowiec<\/div>\n        <\/div>\n    <\/div>\n<\/div>                                            <\/div>\n                                        \n                                            <div class=\"events-slider-block__sliderItem swiper-slide event-card\"\n                                                data-id=\"13630\"\n                                                data-name=\"M\u0119skie Granie 2026\"\n                                                data-brand=\"LIVE Sp. z o.o.\"\n                                                data-category=\"muzyka\"\n                                                data-subcategory=\"festiwale\"\n                                                data-city=\"Gda\u0144sk, Krak\u00f3w, Pozna\u0144 i inne\"\n                                                data-venue=\"\u017bywiec Amfiteatr pod Grojcem\">\n                                                \n<div class=\"card-event  card-event--size-small\">\n        <a href=\"https:\/\/www.ebilet.pl\/muzyka\/festiwale\/meskie-granie\" target=\"_blank\" class=\"card-event__link\" rel=\"nofollow noopener\"><\/a>\n        <div class=\"card-event__wrapper\">\n        <div class=\"card-event__image\">\n            <img decoding=\"async\" src=\"https:\/\/www.ebilet.pl\/media\/cms\/media\/otqfs0tb\/552x736-11-18222119-c0b1-48d3-9da6-2d9f34d401ee.webp\" alt=\"\">\n        <\/div>\n        <div class=\"card-event__data\">\n            <div class=\"card-event__name\">\n                <p>M\u0119skie Granie 2026<\/p>\n            <\/div>\n            <div class=\"card-event__date\">26.06.2026-26.06.2026<\/div>\n            <div class=\"card-event__location\">Gda\u0144sk, Krak\u00f3w, Pozna\u0144 i inne<\/div>\n        <\/div>\n    <\/div>\n<\/div>                                            <\/div>\n                                        \n                                            <div class=\"events-slider-block__sliderItem swiper-slide event-card\"\n                                                data-id=\"10086\"\n                                                data-name=\"Orange Warsaw Festival 2026\"\n                                                data-brand=\"Alter Art\"\n                                                data-category=\"muzyka\"\n                                                data-subcategory=\"festiwale\"\n                                                data-city=\"Warszawa\"\n                                                data-venue=\"Tor Wy\u015bcig\u00f3w Konnych Warszawa - S\u0142u\u017cewiec\">\n                                                \n<div class=\"card-event  card-event--size-small\">\n        <a href=\"https:\/\/www.ebilet.pl\/muzyka\/festiwale\/orange-warsaw-festival\" target=\"_blank\" class=\"card-event__link\" rel=\"nofollow noopener\"><\/a>\n        <div class=\"card-event__wrapper\">\n        <div class=\"card-event__image\">\n            <img decoding=\"async\" src=\"https:\/\/www.ebilet.pl\/media\/cms\/media\/bxnh21tr\/owf_2026_ebilet_552x736-94c1b52f-1e91-4861-ba57-03b21dcd6346.webp\" alt=\"\">\n        <\/div>\n        <div class=\"card-event__data\">\n            <div class=\"card-event__name\">\n                <p>Orange Warsaw Festival 2026<\/p>\n            <\/div>\n            <div class=\"card-event__date\">29.05.2026-29.05.2026<\/div>\n            <div class=\"card-event__location\">Warszawa<\/div>\n        <\/div>\n    <\/div>\n<\/div>                                            <\/div>\n                                        \n                                            <div class=\"events-slider-block__sliderItem swiper-slide event-card\"\n                                                data-id=\"146847\"\n                                                data-name=\"Gdzie na maj\u00f3wk\u0119 2026?\"\n                                                data-brand=\"eBilet\"\n                                                data-category=\"biznes\"\n                                                data-subcategory=\"pozostale\"\n                                                data-city=\"\"\n                                                data-venue=\"\">\n                                                \n<div class=\"card-event  card-event--size-small\">\n        <a href=\"https:\/\/www.ebilet.pl\/biznes\/pozostale\/majowka\" target=\"_blank\" class=\"card-event__link\" rel=\"nofollow noopener\"><\/a>\n        <div class=\"card-event__wrapper\">\n        <div class=\"card-event__image\">\n            <img decoding=\"async\" src=\"https:\/\/www.ebilet.pl\/media\/cms\/media\/0ykhdlea\/552x736.webp\" alt=\"\">\n        <\/div>\n        <div class=\"card-event__data\">\n            <div class=\"card-event__name\">\n                <p>Gdzie na maj\u00f3wk\u0119 2026?<\/p>\n            <\/div>\n            <div class=\"card-event__date\"><\/div>\n            <div class=\"card-event__location\"><\/div>\n        <\/div>\n    <\/div>\n<\/div>                                            <\/div>\n                                        \n                                            <div class=\"events-slider-block__sliderItem swiper-slide event-card\"\n                                                data-id=\"205645\"\n                                                data-name=\"Bezpieczna odsprzeda\u017c w apce eBilet\"\n                                                data-brand=\"eBilet\"\n                                                data-category=\"biznes\"\n                                                data-subcategory=\"pozostale\"\n                                                data-city=\"\"\n                                                data-venue=\"\">\n                                                \n<div class=\"card-event  card-event--size-small\">\n        <a href=\"https:\/\/www.ebilet.pl\/biznes\/pozostale\/odsprzedaz\" target=\"_blank\" class=\"card-event__link\" rel=\"nofollow noopener\"><\/a>\n        <div class=\"card-event__wrapper\">\n        <div class=\"card-event__image\">\n            <img decoding=\"async\" src=\"https:\/\/www.ebilet.pl\/media\/cms\/media\/lkwf0krx\/552x736-1.webp\" alt=\"\">\n        <\/div>\n        <div class=\"card-event__data\">\n            <div class=\"card-event__name\">\n                <p>Bezpieczna odsprzeda\u017c w apce eBilet<\/p>\n            <\/div>\n            <div class=\"card-event__date\"><\/div>\n            <div class=\"card-event__location\"><\/div>\n        <\/div>\n    <\/div>\n<\/div>                                            <\/div>\n                                        \n                                            <div class=\"events-slider-block__sliderItem swiper-slide event-card\"\n                                                data-id=\"203093\"\n                                                data-name=\"B-DAY Festival by bambi\"\n                                                data-brand=\"BDF Sp. z.o.o.\"\n                                                data-category=\"muzyka\"\n                                                data-subcategory=\"hip-hop-rap\"\n                                                data-city=\"Warszawa\"\n                                                data-venue=\"Hala COS Torwar \">\n                                                \n<div class=\"card-event  card-event--size-small\">\n        <a href=\"https:\/\/www.ebilet.pl\/muzyka\/hip-hop-rap\/bambi\" target=\"_blank\" class=\"card-event__link\" rel=\"nofollow noopener\"><\/a>\n        <div class=\"card-event__wrapper\">\n        <div class=\"card-event__image\">\n            <img decoding=\"async\" src=\"https:\/\/www.ebilet.pl\/media\/cms\/media\/gifbpcig\/552x736-1-320cc3b0-5e5a-4852-a922-efc848865831.webp\" alt=\"\">\n        <\/div>\n        <div class=\"card-event__data\">\n            <div class=\"card-event__name\">\n                <p>B-DAY Festival by bambi<\/p>\n            <\/div>\n            <div class=\"card-event__date\">25.10.2026-25.10.2026<\/div>\n            <div class=\"card-event__location\">Warszawa<\/div>\n        <\/div>\n    <\/div>\n<\/div>                                            <\/div>\n                                        \n                                            <div class=\"events-slider-block__sliderItem swiper-slide event-card\"\n                                                data-id=\"5930\"\n                                                data-name=\"Audioriver Festival 2026\"\n                                                data-brand=\"Audioriver Sp. z o.o.\"\n                                                data-category=\"muzyka\"\n                                                data-subcategory=\"festiwale\"\n                                                data-city=\"\u0141\u00f3d\u017a\"\n                                                data-venue=\"B\u0142onia \u0141\u00f3dzkie\">\n                                                \n<div class=\"card-event  card-event--size-small\">\n        <a href=\"https:\/\/www.ebilet.pl\/muzyka\/festiwale\/audioriver\" target=\"_blank\" class=\"card-event__link\" rel=\"nofollow noopener\"><\/a>\n        <div class=\"card-event__wrapper\">\n        <div class=\"card-event__image\">\n            <img decoding=\"async\" src=\"https:\/\/www.ebilet.pl\/media\/cms\/media\/gfjpcqll\/so-far5-pion-84d088fb-d165-4b1b-b069-77f1f8fa737b.webp\" alt=\"\">\n        <\/div>\n        <div class=\"card-event__data\">\n            <div class=\"card-event__name\">\n                <p>Audioriver Festival 2026<\/p>\n            <\/div>\n            <div class=\"card-event__date\">10.07.2026-10.07.2026<\/div>\n            <div class=\"card-event__location\">\u0141\u00f3d\u017a<\/div>\n        <\/div>\n    <\/div>\n<\/div>                                            <\/div>\n                                        \n                                            <div class=\"events-slider-block__sliderItem swiper-slide event-card\"\n                                                data-id=\"129853\"\n                                                data-name=\"Beksi\u0144ski.Live\"\n                                                data-brand=\"L2L Sp z o.o.\"\n                                                data-category=\"widowiska\"\n                                                data-subcategory=\"inne\"\n                                                data-city=\"Warszawa, Wroc\u0142aw\"\n                                                data-venue=\"Hala COS Torwar \">\n                                                \n<div class=\"card-event  card-event--size-small\">\n        <a href=\"https:\/\/www.ebilet.pl\/widowiska\/inne\/beksinski-live\" target=\"_blank\" class=\"card-event__link\" rel=\"nofollow noopener\"><\/a>\n        <div class=\"card-event__wrapper\">\n        <div class=\"card-event__image\">\n            <img decoding=\"async\" src=\"https:\/\/www.ebilet.pl\/media\/cms\/media\/rcpokc02\/552x736-2026-04-27t161822058.webp\" alt=\"\">\n        <\/div>\n        <div class=\"card-event__data\">\n            <div class=\"card-event__name\">\n                <p>Beksi\u0144ski.Live<\/p>\n            <\/div>\n            <div class=\"card-event__date\">20.09.2026-20.09.2026<\/div>\n            <div class=\"card-event__location\">Warszawa, Wroc\u0142aw<\/div>\n        <\/div>\n    <\/div>\n<\/div>                                            <\/div>\n                                        \n                                            <div class=\"events-slider-block__sliderItem swiper-slide event-card\"\n                                                data-id=\"48780\"\n                                                data-name=\"Mistrzostwa \u015awiata w koszyk\u00f3wce 3x3 2026\"\n                                                data-brand=\"Polski Zwi\u0105zek Koszyk\u00f3wki\"\n                                                data-category=\"sport\"\n                                                data-subcategory=\"sporty-druzynowe\"\n                                                data-city=\"Warszawa\"\n                                                data-venue=\"Plac Defilad \">\n                                                \n<div class=\"card-event  card-event--size-small\">\n        <a href=\"https:\/\/www.ebilet.pl\/sport\/sporty-druzynowe\/koszykowka\" target=\"_blank\" class=\"card-event__link\" rel=\"nofollow noopener\"><\/a>\n        <div class=\"card-event__wrapper\">\n        <div class=\"card-event__image\">\n            <img decoding=\"async\" src=\"https:\/\/www.ebilet.pl\/media\/cms\/media\/40dkh4qd\/552x739-961a0af8-0c70-4f76-b55e-bf23fa63fae4.webp\" alt=\"\">\n        <\/div>\n        <div class=\"card-event__data\">\n            <div class=\"card-event__name\">\n                <p>Mistrzostwa \u015awiata w koszyk\u00f3wce 3&#215;3 2026<\/p>\n            <\/div>\n            <div class=\"card-event__date\">01.06.2026-01.06.2026<\/div>\n            <div class=\"card-event__location\">Warszawa<\/div>\n        <\/div>\n    <\/div>\n<\/div>                                            <\/div>\n                                        \n                                            <div class=\"events-slider-block__sliderItem swiper-slide event-card\"\n                                                data-id=\"14808\"\n                                                data-name=\"VNL 2026 - Siatkarska Liga Narod\u00f3w M\u0119\u017cczyzn\"\n                                                data-brand=\"Polska Siatk\u00f3wka Sp. z o.o.\"\n                                                data-category=\"sport\"\n                                                data-subcategory=\"sporty-druzynowe\"\n                                                data-city=\"Gliwice\"\n                                                data-venue=\"PreZero Arena Gliwice\">\n                                                \n<div class=\"card-event  card-event--size-small\">\n        <a href=\"https:\/\/www.ebilet.pl\/sport\/sporty-druzynowe\/siatkowka\" target=\"_blank\" class=\"card-event__link\" rel=\"nofollow noopener\"><\/a>\n        <div class=\"card-event__wrapper\">\n        <div class=\"card-event__image\">\n            <img decoding=\"async\" src=\"https:\/\/www.ebilet.pl\/media\/cms\/media\/sm3bcgpb\/vnl_m_552x736-2-ff8b8c4b-8e2c-494a-980f-b32762865327.webp\" alt=\"\">\n        <\/div>\n        <div class=\"card-event__data\">\n            <div class=\"card-event__name\">\n                <p>VNL 2026 &#8211; Siatkarska Liga Narod\u00f3w M\u0119\u017cczyzn<\/p>\n            <\/div>\n            <div class=\"card-event__date\">24.06.2026-24.06.2026<\/div>\n            <div class=\"card-event__location\">Gliwice<\/div>\n        <\/div>\n    <\/div>\n<\/div>                                            <\/div>\n                                        \n                                            <div class=\"events-slider-block__sliderItem swiper-slide event-card\"\n                                                data-id=\"7104\"\n                                                data-name=\"Open&#039;er Festival 2026\"\n                                                data-brand=\"Alter Art\"\n                                                data-category=\"muzyka\"\n                                                data-subcategory=\"festiwale\"\n                                                data-city=\"Gdynia\"\n                                                data-venue=\"Lotnisko Gdynia - Kosakowo\">\n                                                \n<div class=\"card-event  card-event--size-small\">\n        <a href=\"https:\/\/www.ebilet.pl\/muzyka\/festiwale\/opener-festival\" target=\"_blank\" class=\"card-event__link\" rel=\"nofollow noopener\"><\/a>\n        <div class=\"card-event__wrapper\">\n        <div class=\"card-event__image\">\n            <img decoding=\"async\" src=\"https:\/\/www.ebilet.pl\/media\/cms\/media\/qvef4ie4\/opener2026_552x736-e8fd0918-0d0e-47d3-bbe0-f4f0302085e4.webp\" alt=\"\">\n        <\/div>\n        <div class=\"card-event__data\">\n            <div class=\"card-event__name\">\n                <p>Open&#8217;er Festival 2026<\/p>\n            <\/div>\n            <div class=\"card-event__date\">29.05.2026-29.05.2026<\/div>\n            <div class=\"card-event__location\">Gdynia<\/div>\n        <\/div>\n    <\/div>\n<\/div>                                            <\/div>\n                                        \n                                            <div class=\"events-slider-block__sliderItem swiper-slide event-card\"\n                                                data-id=\"202003\"\n                                                data-name=\"WWOFF\"\n                                                data-brand=\"Muzk Festival Sp. z o.o.\"\n                                                data-category=\"muzyka\"\n                                                data-subcategory=\"hip-hop-rap\"\n                                                data-city=\"Warszawa\"\n                                                data-venue=\"Hala COS Torwar \">\n                                                \n<div class=\"card-event  card-event--size-small\">\n        <a href=\"https:\/\/www.ebilet.pl\/muzyka\/hip-hop-rap\/wwo\" target=\"_blank\" class=\"card-event__link\" rel=\"nofollow noopener\"><\/a>\n        <div class=\"card-event__wrapper\">\n        <div class=\"card-event__image\">\n            <img decoding=\"async\" src=\"https:\/\/www.ebilet.pl\/media\/cms\/media\/lranufrb\/portal-552x736a-f8052143-48fb-4e28-9564-7ff2fa400f8b.webp\" alt=\"\">\n        <\/div>\n        <div class=\"card-event__data\">\n            <div class=\"card-event__name\">\n                <p>WWOFF<\/p>\n            <\/div>\n            <div class=\"card-event__date\">26.11.2026-26.11.2026<\/div>\n            <div class=\"card-event__location\">Warszawa<\/div>\n        <\/div>\n    <\/div>\n<\/div>                                            <\/div>\n                                        \n                                            <div class=\"events-slider-block__sliderItem swiper-slide event-card\"\n                                                data-id=\"204964\"\n                                                data-name=\"EPIC ROCK: Symphonic Concert\"\n                                                data-brand=\"VISUAL PRODUCTION Sp. z o.o. \"\n                                                data-category=\"muzyka\"\n                                                data-subcategory=\"rock\"\n                                                data-city=\"Gdynia, Pozna\u0144, Warszawa i inne\"\n                                                data-venue=\"MTP - Mi\u0119dzynarodowe Targi Pozna\u0144skie\">\n                                                \n<div class=\"card-event  card-event--size-small\">\n        <a href=\"https:\/\/www.ebilet.pl\/muzyka\/rock\/epic-rock-symphonic-concert\" target=\"_blank\" class=\"card-event__link\" rel=\"nofollow noopener\"><\/a>\n        <div class=\"card-event__wrapper\">\n        <div class=\"card-event__image\">\n            <img decoding=\"async\" src=\"https:\/\/www.ebilet.pl\/media\/cms\/media\/gqgdpaua\/552x736-epic-rock_data-d7743615-48da-4014-8a56-ff6b809a1c25.webp\" alt=\"\">\n        <\/div>\n        <div class=\"card-event__data\">\n            <div class=\"card-event__name\">\n                <p>EPIC ROCK: Symphonic Concert<\/p>\n            <\/div>\n            <div class=\"card-event__date\">25.10.2026-25.10.2026<\/div>\n            <div class=\"card-event__location\">Gdynia, Pozna\u0144, Warszawa i inne<\/div>\n        <\/div>\n    <\/div>\n<\/div>                                            <\/div>\n                                        \n                                            <div class=\"events-slider-block__sliderItem swiper-slide event-card\"\n                                                data-id=\"37617\"\n                                                data-name=\"Editors\"\n                                                data-brand=\"Alter Art\"\n                                                data-category=\"muzyka\"\n                                                data-subcategory=\"rock\"\n                                                data-city=\"\"\n                                                data-venue=\"Klub Stodo\u0142a\">\n                                                \n<div class=\"card-event  card-event--size-small\">\n        <a href=\"https:\/\/www.ebilet.pl\/muzyka\/rock\/editors\" target=\"_blank\" class=\"card-event__link\" rel=\"nofollow noopener\"><\/a>\n        <div class=\"card-event__wrapper\">\n        <div class=\"card-event__image\">\n            <img decoding=\"async\" src=\"https:\/\/www.ebilet.pl\/media\/cms\/media\/cbfdkmu2\/editors_2027_552x736_ebilet-7c254908-ec0a-4f27-8a1c-ff7961cef0cd.webp\" alt=\"\">\n        <\/div>\n        <div class=\"card-event__data\">\n            <div class=\"card-event__name\">\n                <p>Editors<\/p>\n            <\/div>\n            <div class=\"card-event__date\"><\/div>\n            <div class=\"card-event__location\"><\/div>\n        <\/div>\n    <\/div>\n<\/div>                                            <\/div>\n                                        \n                                            <div class=\"events-slider-block__sliderItem swiper-slide event-card\"\n                                                data-id=\"8527\"\n                                                data-name=\"OFF Festival Katowice 2026\"\n                                                data-brand=\"Fundacja Independent\"\n                                                data-category=\"muzyka\"\n                                                data-subcategory=\"festiwale\"\n                                                data-city=\"Katowice\"\n                                                data-venue=\"Katowicki Park Le\u015bny - Dolina Trzech Staw\u00f3w\">\n                                                \n<div class=\"card-event  card-event--size-small\">\n        <a href=\"https:\/\/www.ebilet.pl\/muzyka\/festiwale\/off-festival\" target=\"_blank\" class=\"card-event__link\" rel=\"nofollow noopener\"><\/a>\n        <div class=\"card-event__wrapper\">\n        <div class=\"card-event__image\">\n            <img decoding=\"async\" src=\"https:\/\/www.ebilet.pl\/media\/cms\/media\/fe2gemsg\/ebilet-okladka-pion-552x736-e42b2686-71fa-4408-b72e-911ed7d4ce12.webp\" alt=\"\">\n        <\/div>\n        <div class=\"card-event__data\">\n            <div class=\"card-event__name\">\n                <p>OFF Festival Katowice 2026<\/p>\n            <\/div>\n            <div class=\"card-event__date\">07.08.2026-07.08.2026<\/div>\n            <div class=\"card-event__location\">Katowice<\/div>\n        <\/div>\n    <\/div>\n<\/div>                                            <\/div>\n                                        \n                                            <div class=\"events-slider-block__sliderItem swiper-slide event-card\"\n                                                data-id=\"16543\"\n                                                data-name=\"Rozta\u0144czony PGE Narodowy 2026\"\n                                                data-brand=\"KRYSIAK POLSKA CORPORATION Sp. z o.o.\"\n                                                data-category=\"muzyka\"\n                                                data-subcategory=\"festiwale\"\n                                                data-city=\"Warszawa\"\n                                                data-venue=\"PGE Narodowy im. Kazimierza G\u00f3rskiego\">\n                                                \n<div class=\"card-event  card-event--size-small\">\n        <a href=\"https:\/\/www.ebilet.pl\/muzyka\/festiwale\/roztanczony-narodowy\" target=\"_blank\" class=\"card-event__link\" rel=\"nofollow noopener\"><\/a>\n        <div class=\"card-event__wrapper\">\n        <div class=\"card-event__image\">\n            <img decoding=\"async\" src=\"https:\/\/www.ebilet.pl\/media\/cms\/media\/vzjkxgps\/portal_basic.webp\" alt=\"\">\n        <\/div>\n        <div class=\"card-event__data\">\n            <div class=\"card-event__name\">\n                <p>Rozta\u0144czony PGE Narodowy 2026<\/p>\n            <\/div>\n            <div class=\"card-event__date\">10.10.2026-10.10.2026<\/div>\n            <div class=\"card-event__location\">Warszawa<\/div>\n        <\/div>\n    <\/div>\n<\/div>                                            <\/div>\n                                        \n                                            <div class=\"events-slider-block__sliderItem swiper-slide event-card\"\n                                                data-id=\"179828\"\n                                                data-name=\"XTB KSW 119\"\n                                                data-brand=\"Federacja KSW\"\n                                                data-category=\"sport\"\n                                                data-subcategory=\"sporty-walki\"\n                                                data-city=\"Radom\"\n                                                data-venue=\"Radomskie Centrum Sportu\">\n                                                \n<div class=\"card-event  card-event--size-small\">\n        <a href=\"https:\/\/www.ebilet.pl\/sport\/sporty-walki\/gala-ksw\" target=\"_blank\" class=\"card-event__link\" rel=\"nofollow noopener\"><\/a>\n        <div class=\"card-event__wrapper\">\n        <div class=\"card-event__image\">\n            <img decoding=\"async\" src=\"https:\/\/www.ebilet.pl\/media\/cms\/media\/hxkpcc3z\/ksw119_552x736-kopia-cd3dc132-b7af-417f-9575-966793c590a0.webp\" alt=\"\">\n        <\/div>\n        <div class=\"card-event__data\">\n            <div class=\"card-event__name\">\n                <p>XTB KSW 119<\/p>\n            <\/div>\n            <div class=\"card-event__date\">20.06.2026-20.06.2026<\/div>\n            <div class=\"card-event__location\">Radom<\/div>\n        <\/div>\n    <\/div>\n<\/div>                                            <\/div>\n                                        \n                                            <div class=\"events-slider-block__sliderItem swiper-slide event-card\"\n                                                data-id=\"204457\"\n                                                data-name=\"Arcane Epic Symphony\"\n                                                data-brand=\"Stowarzyszenie Klub Fantastyki \u201eDruga Era\u201d\"\n                                                data-category=\"klasyka\"\n                                                data-subcategory=\"muzyka-filmowa\"\n                                                data-city=\"Pozna\u0144\"\n                                                data-venue=\"MTP - Mi\u0119dzynarodowe Targi Pozna\u0144skie\">\n                                                \n<div class=\"card-event  card-event--size-small\">\n        <a href=\"https:\/\/www.ebilet.pl\/klasyka\/muzyka-filmowa\/arcane-epic-symphony\" target=\"_blank\" class=\"card-event__link\" rel=\"nofollow noopener\"><\/a>\n        <div class=\"card-event__wrapper\">\n        <div class=\"card-event__image\">\n            <img decoding=\"async\" src=\"https:\/\/www.ebilet.pl\/media\/cms\/media\/soxe2fiy\/p2026_arcane_552x736_1-1-dbdc60e7-ee87-42b6-9944-2c2990e9cc79.webp\" alt=\"\">\n        <\/div>\n        <div class=\"card-event__data\">\n            <div class=\"card-event__name\">\n                <p>Arcane Epic Symphony<\/p>\n            <\/div>\n            <div class=\"card-event__date\">21.06.2026-21.06.2026<\/div>\n            <div class=\"card-event__location\">Pozna\u0144<\/div>\n        <\/div>\n    <\/div>\n<\/div>                                            <\/div>\n                                        \n                                            <div class=\"events-slider-block__sliderItem swiper-slide event-card\"\n                                                data-id=\"204533\"\n                                                data-name=\"Wiktor Walig\u00f3ra &quot;Kr\u00f3tka trasa o mi\u0142o\u015bci&quot; 2026\"\n                                                data-brand=\"Papulos Karol Papa\u0142a\"\n                                                data-category=\"muzyka\"\n                                                data-subcategory=\"pop\"\n                                                data-city=\"Gda\u0144sk, Katowice, Pozna\u0144 i inne\"\n                                                data-venue=\"Terminal Kultury Goc\u0142aw\">\n                                                \n<div class=\"card-event  card-event--size-small\">\n        <a href=\"https:\/\/www.ebilet.pl\/muzyka\/pop\/wiktor-waligora\" target=\"_blank\" class=\"card-event__link\" rel=\"nofollow noopener\"><\/a>\n        <div class=\"card-event__wrapper\">\n        <div class=\"card-event__image\">\n            <img decoding=\"async\" src=\"https:\/\/www.ebilet.pl\/media\/cms\/media\/34smsqbc\/wiktorwaligora_552x736-e29b4205-212f-42ba-82b8-4bffd31ac6e4.webp\" alt=\"\">\n        <\/div>\n        <div class=\"card-event__data\">\n            <div class=\"card-event__name\">\n                <p>Wiktor Walig\u00f3ra &#8220;Kr\u00f3tka trasa o mi\u0142o\u015bci&#8221; 2026<\/p>\n            <\/div>\n            <div class=\"card-event__date\">02.10.2026-02.10.2026<\/div>\n            <div class=\"card-event__location\">Gda\u0144sk, Katowice, Pozna\u0144 i inne<\/div>\n        <\/div>\n    <\/div>\n<\/div>                                            <\/div>\n                                        \n                                            <div class=\"events-slider-block__sliderItem swiper-slide event-card\"\n                                                data-id=\"6089\"\n                                                data-name=\"Dawid Podsiad\u0142o OBROTOWY TOUR 2026\"\n                                                data-brand=\"MUZK Sp. z o.o.\"\n                                                data-category=\"muzyka\"\n                                                data-subcategory=\"pop\"\n                                                data-city=\"Chorz\u00f3w, Gda\u0144sk, Pozna\u0144 i inne\"\n                                                data-venue=\"Superauto.pl Stadion \u015al\u0105ski\">\n                                                \n<div class=\"card-event  card-event--size-small\">\n        <a href=\"https:\/\/www.ebilet.pl\/muzyka\/pop\/dawid-podsiadlo\" target=\"_blank\" class=\"card-event__link\" rel=\"nofollow noopener\"><\/a>\n        <div class=\"card-event__wrapper\">\n        <div class=\"card-event__image\">\n            <img decoding=\"async\" src=\"https:\/\/www.ebilet.pl\/media\/cms\/media\/ed0nj55n\/portal-552x736-belka-3af99133-8930-431d-8060-eb4825ec5b91.webp\" alt=\"\">\n        <\/div>\n        <div class=\"card-event__data\">\n            <div class=\"card-event__name\">\n                <p>Dawid Podsiad\u0142o OBROTOWY TOUR 2026<\/p>\n            <\/div>\n            <div class=\"card-event__date\">06.06.2026-06.06.2026<\/div>\n            <div class=\"card-event__location\">Chorz\u00f3w, Gda\u0144sk, Pozna\u0144 i inne<\/div>\n        <\/div>\n    <\/div>\n<\/div>                                            <\/div>\n                                                                            <\/div>\n                                <\/div>\n                            <\/div>\n                            <div class=\"events-slider-block__events swiper\" data-events-events-descriptions>\n                                <div class=\"events-slider-block__eventsWrapper swiper-wrapper\">\n                                                                            <div class=\"events-slider-block__eventsItem swiper-slide\">\n                                            <a href=\"https:\/\/www.ebilet.pl\/sport\/sporty-druzynowe\/mecz-siatkowki\" target=\"_blank\" class=\"events-slider-block__eventsName\">\n                                                <p>Mecze towarzyskie Reprezentacji Polski m\u0119\u017cczyzn w siatk\u00f3wce<\/p>\n                                            <\/a>\n                                            <div class=\"events-slider-block__eventsDate\">20.05.2026-23.05.2026<\/div>\n                                            <div class=\"events-slider-block__eventsLocation\"><\/div>\n                                        <\/div>\n                                                                            <div class=\"events-slider-block__eventsItem swiper-slide\">\n                                            <a href=\"https:\/\/www.ebilet.pl\/muzyka\/festiwale\/meskie-granie\" target=\"_blank\" class=\"events-slider-block__eventsName\">\n                                                <p>M\u0119skie Granie 2026<\/p>\n                                            <\/a>\n                                            <div class=\"events-slider-block__eventsDate\">26.06.2026-22.08.2026<\/div>\n                                            <div class=\"events-slider-block__eventsLocation\"><\/div>\n                                        <\/div>\n                                                                            <div class=\"events-slider-block__eventsItem swiper-slide\">\n                                            <a href=\"https:\/\/www.ebilet.pl\/muzyka\/festiwale\/orange-warsaw-festival\" target=\"_blank\" class=\"events-slider-block__eventsName\">\n                                                <p>Orange Warsaw Festival 2026<\/p>\n                                            <\/a>\n                                            <div class=\"events-slider-block__eventsDate\">29.05.2026-30.05.2026<\/div>\n                                            <div class=\"events-slider-block__eventsLocation\"><\/div>\n                                        <\/div>\n                                                                            <div class=\"events-slider-block__eventsItem swiper-slide\">\n                                            <a href=\"https:\/\/www.ebilet.pl\/biznes\/pozostale\/majowka\" target=\"_blank\" class=\"events-slider-block__eventsName\">\n                                                <p>Gdzie na maj\u00f3wk\u0119 2026?<\/p>\n                                            <\/a>\n                                            <div class=\"events-slider-block__eventsDate\">01.01.1970-01.01.1970<\/div>\n                                            <div class=\"events-slider-block__eventsLocation\"><\/div>\n                                        <\/div>\n                                                                            <div class=\"events-slider-block__eventsItem swiper-slide\">\n                                            <a href=\"https:\/\/www.ebilet.pl\/biznes\/pozostale\/odsprzedaz\" target=\"_blank\" class=\"events-slider-block__eventsName\">\n                                                <p>Bezpieczna odsprzeda\u017c w apce eBilet<\/p>\n                                            <\/a>\n                                            <div class=\"events-slider-block__eventsDate\">01.01.1970-01.01.1970<\/div>\n                                            <div class=\"events-slider-block__eventsLocation\"><\/div>\n                                        <\/div>\n                                                                            <div class=\"events-slider-block__eventsItem swiper-slide\">\n                                            <a href=\"https:\/\/www.ebilet.pl\/muzyka\/hip-hop-rap\/bambi\" target=\"_blank\" class=\"events-slider-block__eventsName\">\n                                                <p>B-DAY Festival by bambi<\/p>\n                                            <\/a>\n                                            <div class=\"events-slider-block__eventsDate\">25.10.2026-25.10.2026<\/div>\n                                            <div class=\"events-slider-block__eventsLocation\"><\/div>\n                                        <\/div>\n                                                                            <div class=\"events-slider-block__eventsItem swiper-slide\">\n                                            <a href=\"https:\/\/www.ebilet.pl\/muzyka\/festiwale\/audioriver\" target=\"_blank\" class=\"events-slider-block__eventsName\">\n                                                <p>Audioriver Festival 2026<\/p>\n                                            <\/a>\n                                            <div class=\"events-slider-block__eventsDate\">10.07.2026-12.07.2026<\/div>\n                                            <div class=\"events-slider-block__eventsLocation\"><\/div>\n                                        <\/div>\n                                                                            <div class=\"events-slider-block__eventsItem swiper-slide\">\n                                            <a href=\"https:\/\/www.ebilet.pl\/widowiska\/inne\/beksinski-live\" target=\"_blank\" class=\"events-slider-block__eventsName\">\n                                                <p>Beksi\u0144ski.Live<\/p>\n                                            <\/a>\n                                            <div class=\"events-slider-block__eventsDate\">20.09.2026-08.10.2026<\/div>\n                                            <div class=\"events-slider-block__eventsLocation\"><\/div>\n                                        <\/div>\n                                                                            <div class=\"events-slider-block__eventsItem swiper-slide\">\n                                            <a href=\"https:\/\/www.ebilet.pl\/sport\/sporty-druzynowe\/koszykowka\" target=\"_blank\" class=\"events-slider-block__eventsName\">\n                                                <p>Mistrzostwa \u015awiata w koszyk\u00f3wce 3&#215;3 2026<\/p>\n                                            <\/a>\n                                            <div class=\"events-slider-block__eventsDate\">01.06.2026-07.06.2026<\/div>\n                                            <div class=\"events-slider-block__eventsLocation\"><\/div>\n                                        <\/div>\n                                                                            <div class=\"events-slider-block__eventsItem swiper-slide\">\n                                            <a href=\"https:\/\/www.ebilet.pl\/sport\/sporty-druzynowe\/siatkowka\" target=\"_blank\" class=\"events-slider-block__eventsName\">\n                                                <p>VNL 2026 &#8211; Siatkarska Liga Narod\u00f3w M\u0119\u017cczyzn<\/p>\n                                            <\/a>\n                                            <div class=\"events-slider-block__eventsDate\">24.06.2026-28.06.2026<\/div>\n                                            <div class=\"events-slider-block__eventsLocation\"><\/div>\n                                        <\/div>\n                                                                            <div class=\"events-slider-block__eventsItem swiper-slide\">\n                                            <a href=\"https:\/\/www.ebilet.pl\/muzyka\/festiwale\/opener-festival\" target=\"_blank\" class=\"events-slider-block__eventsName\">\n                                                <p>Open&#8217;er Festival 2026<\/p>\n                                            <\/a>\n                                            <div class=\"events-slider-block__eventsDate\">29.05.2026-04.07.2026<\/div>\n                                            <div class=\"events-slider-block__eventsLocation\"><\/div>\n                                        <\/div>\n                                                                            <div class=\"events-slider-block__eventsItem swiper-slide\">\n                                            <a href=\"https:\/\/www.ebilet.pl\/muzyka\/hip-hop-rap\/wwo\" target=\"_blank\" class=\"events-slider-block__eventsName\">\n                                                <p>WWOFF<\/p>\n                                            <\/a>\n                                            <div class=\"events-slider-block__eventsDate\">26.11.2026-28.11.2026<\/div>\n                                            <div class=\"events-slider-block__eventsLocation\"><\/div>\n                                        <\/div>\n                                                                            <div class=\"events-slider-block__eventsItem swiper-slide\">\n                                            <a href=\"https:\/\/www.ebilet.pl\/muzyka\/rock\/epic-rock-symphonic-concert\" target=\"_blank\" class=\"events-slider-block__eventsName\">\n                                                <p>EPIC ROCK: Symphonic Concert<\/p>\n                                            <\/a>\n                                            <div class=\"events-slider-block__eventsDate\">25.10.2026-13.11.2026<\/div>\n                                            <div class=\"events-slider-block__eventsLocation\"><\/div>\n                                        <\/div>\n                                                                            <div class=\"events-slider-block__eventsItem swiper-slide\">\n                                            <a href=\"https:\/\/www.ebilet.pl\/muzyka\/rock\/editors\" target=\"_blank\" class=\"events-slider-block__eventsName\">\n                                                <p>Editors<\/p>\n                                            <\/a>\n                                            <div class=\"events-slider-block__eventsDate\">01.01.1970-01.01.1970<\/div>\n                                            <div class=\"events-slider-block__eventsLocation\"><\/div>\n                                        <\/div>\n                                                                            <div class=\"events-slider-block__eventsItem swiper-slide\">\n                                            <a href=\"https:\/\/www.ebilet.pl\/muzyka\/festiwale\/off-festival\" target=\"_blank\" class=\"events-slider-block__eventsName\">\n                                                <p>OFF Festival Katowice 2026<\/p>\n                                            <\/a>\n                                            <div class=\"events-slider-block__eventsDate\">07.08.2026-07.08.2026<\/div>\n                                            <div class=\"events-slider-block__eventsLocation\"><\/div>\n                                        <\/div>\n                                                                            <div class=\"events-slider-block__eventsItem swiper-slide\">\n                                            <a href=\"https:\/\/www.ebilet.pl\/muzyka\/festiwale\/roztanczony-narodowy\" target=\"_blank\" class=\"events-slider-block__eventsName\">\n                                                <p>Rozta\u0144czony PGE Narodowy 2026<\/p>\n                                            <\/a>\n                                            <div class=\"events-slider-block__eventsDate\">10.10.2026-10.10.2026<\/div>\n                                            <div class=\"events-slider-block__eventsLocation\"><\/div>\n                                        <\/div>\n                                                                            <div class=\"events-slider-block__eventsItem swiper-slide\">\n                                            <a href=\"https:\/\/www.ebilet.pl\/sport\/sporty-walki\/gala-ksw\" target=\"_blank\" class=\"events-slider-block__eventsName\">\n                                                <p>XTB KSW 119<\/p>\n                                            <\/a>\n                                            <div class=\"events-slider-block__eventsDate\">20.06.2026-20.06.2026<\/div>\n                                            <div class=\"events-slider-block__eventsLocation\"><\/div>\n                                        <\/div>\n                                                                            <div class=\"events-slider-block__eventsItem swiper-slide\">\n                                            <a href=\"https:\/\/www.ebilet.pl\/klasyka\/muzyka-filmowa\/arcane-epic-symphony\" target=\"_blank\" class=\"events-slider-block__eventsName\">\n                                                <p>Arcane Epic Symphony<\/p>\n                                            <\/a>\n                                            <div class=\"events-slider-block__eventsDate\">21.06.2026-21.06.2026<\/div>\n                                            <div class=\"events-slider-block__eventsLocation\"><\/div>\n                                        <\/div>\n                                                                            <div class=\"events-slider-block__eventsItem swiper-slide\">\n                                            <a href=\"https:\/\/www.ebilet.pl\/muzyka\/pop\/wiktor-waligora\" target=\"_blank\" class=\"events-slider-block__eventsName\">\n                                                <p>Wiktor Walig\u00f3ra &#8220;Kr\u00f3tka trasa o mi\u0142o\u015bci&#8221; 2026<\/p>\n                                            <\/a>\n                                            <div class=\"events-slider-block__eventsDate\">02.10.2026-17.10.2026<\/div>\n                                            <div class=\"events-slider-block__eventsLocation\"><\/div>\n                                        <\/div>\n                                                                            <div class=\"events-slider-block__eventsItem swiper-slide\">\n                                            <a href=\"https:\/\/www.ebilet.pl\/muzyka\/pop\/dawid-podsiadlo\" target=\"_blank\" class=\"events-slider-block__eventsName\">\n                                                <p>Dawid Podsiad\u0142o OBROTOWY TOUR 2026<\/p>\n                                            <\/a>\n                                            <div class=\"events-slider-block__eventsDate\">06.06.2026-28.06.2026<\/div>\n                                            <div class=\"events-slider-block__eventsLocation\"><\/div>\n                                        <\/div>\n                                                                    <\/div>\n                            <\/div>\n                            <div class=\"events-slider-block__pagination\">\n                                <div class=\"swiper-pagination slider-pagination slider-pagination--theme-white\" data-events-slider-pagination><\/div>\n                            <\/div>\n                        <\/div>\n                                        <div class=\"events-slider-block__bottom\">\n                                                                                <div class=\"events-slider-block__link desktop\">\n                                    <a\n                                        class=\"button button--size-small button--theme-primary-yellow button--withIconLeft\"\n                                        href=\"https:\/\/www.ebilet.pl\/\">\n                                                                                    <div class=\"button__icon\"><img loading=\"lazy\" decoding=\"async\" width=\"30\" height=\"30\" src=\"https:\/\/www.ebilet.pl\/now\/app\/uploads\/2024\/01\/ticket-cinema-entertainment-coupon-discount-sale_30px.png\" class=\"attachment-full size-full\" alt=\"\" \/><\/div>\n                                                                                <p class=\"button__text typo-18\">Kup na eBilet.pl<\/p>\n                                    <\/a>\n                                <\/div>\n                                                                                <div class=\"events-slider-block__link mobile\">\n                                    <a\n                                        class=\"button button--size-small button--theme-primary-yellow button--withIconLeft\"\n                                        href=\"https:\/\/www.ebilet.pl\/\">\n                                                                                    <div class=\"button__icon\"><img loading=\"lazy\" decoding=\"async\" width=\"30\" height=\"30\" src=\"https:\/\/www.ebilet.pl\/now\/app\/uploads\/2024\/01\/ticket-cinema-entertainment-coupon-discount-sale_30px.png\" class=\"attachment-full size-full\" alt=\"\" \/><\/div>\n                                                                                <p class=\"button__text typo-18\">Kup na eBilet.pl<\/p>\n                                    <\/a>\n                                <\/div>\n                                            <\/div>\n                <\/div>\n            <\/div>\n        <\/div>\n    <\/div>\n<\/section>","protected":false},"excerpt":{"rendered":"<p>Kora to niekwestionowana ikona polskiej popkultury. Ju\u017c wkr\u00f3tce artystce zostanie po\u015bwi\u0119cone specjalne wydarzenie, kt\u00f3re upami\u0119tni jej tw\u00f3rczo\u015b\u0107. Kilkunastu wykonawc\u00f3w w siedmiu miastach Polski wyruszy na misj\u0119\u00a0&#8220;Kora Ma\u0142e Wolno\u015bci&#8221;. <\/p>\n","protected":false},"author":16,"featured_media":45729,"comment_status":"open","ping_status":"open","sticky":false,"template":"page-templates\/article-default.php","format":"standard","meta":{"_acf_changed":false,"footnotes":""},"article_tag":[26,31,43],"article_type":[554],"acf":[],"_links":{"self":[{"href":"https:\/\/www.ebilet.pl\/now\/wp-json\/wp\/v2\/posts\/45725"}],"collection":[{"href":"https:\/\/www.ebilet.pl\/now\/wp-json\/wp\/v2\/posts"}],"about":[{"href":"https:\/\/www.ebilet.pl\/now\/wp-json\/wp\/v2\/types\/post"}],"author":[{"embeddable":true,"href":"https:\/\/www.ebilet.pl\/now\/wp-json\/wp\/v2\/users\/16"}],"replies":[{"embeddable":true,"href":"https:\/\/www.ebilet.pl\/now\/wp-json\/wp\/v2\/comments?post=45725"}],"version-history":[{"count":3,"href":"https:\/\/www.ebilet.pl\/now\/wp-json\/wp\/v2\/posts\/45725\/revisions"}],"predecessor-version":[{"id":67877,"href":"https:\/\/www.ebilet.pl\/now\/wp-json\/wp\/v2\/posts\/45725\/revisions\/67877"}],"wp:featuredmedia":[{"embeddable":true,"href":"https:\/\/www.ebilet.pl\/now\/wp-json\/wp\/v2\/media\/45729"}],"wp:attachment":[{"href":"https:\/\/www.ebilet.pl\/now\/wp-json\/wp\/v2\/media?parent=45725"}],"wp:term":[{"taxonomy":"article_tag","embeddable":true,"href":"https:\/\/www.ebilet.pl\/now\/wp-json\/wp\/v2\/article_tag?post=45725"},{"taxonomy":"article_type","embeddable":true,"href":"https:\/\/www.ebilet.pl\/now\/wp-json\/wp\/v2\/article_type?post=45725"}],"curies":[{"name":"wp","href":"https:\/\/api.w.org\/{rel}","templated":true}]}}