{"id":44402,"date":"2025-02-10T10:53:20","date_gmt":"2025-02-10T09:53:20","guid":{"rendered":"https:\/\/www.ebilet.pl\/now\/?p=44402"},"modified":"2025-09-23T06:02:38","modified_gmt":"2025-09-23T05:02:38","slug":"marcin-zarzeczny-w-serialu-z-michaelem-fassbenderem-zrozumialem-co-znaczy-miec-swoje-piec-minut","status":"publish","type":"post","link":"https:\/\/www.ebilet.pl\/now\/marcin-zarzeczny-w-serialu-z-michaelem-fassbenderem-zrozumialem-co-znaczy-miec-swoje-piec-minut\/","title":{"rendered":"Marcin Zarzeczny w serialu z Michaelem Fassbenderem. &#8220;Zrozumia\u0142em, co znaczy mie\u0107 swoje pi\u0119\u0107 minut&#8221;"},"content":{"rendered":"\n<section class=\"text-block  section-margin-32\" >\n    <div class=\"container\">\n        <div class=\"row\">\n            <div class=\"col-24\">\n                <div class=\"text-block__content\"><p><strong>Ula Kor\u0105kiewicz: Czujesz, \u017ce jeste\u015b w wymarzonym zawodowym momencie?<\/strong><\/p>\n<p><strong>Marcin Zarzeczny:<\/strong> Na pewno moment, w kt\u00f3rym si\u0119 znalaz\u0142em, to nie jest przypadek. Jako\u015b upar\u0142em si\u0119 na t\u0119 moj\u0105 \u015bcie\u017ck\u0119 i konsekwentnie ni\u0105 id\u0119. I ta \u015bcie\u017cka uczy mnie \u017cycia. I wybor\u00f3w.<\/p>\n<p><strong>To znaczy?<\/strong><\/p>\n<p>Kilka lat wstecz nie\u015bwiadomie rezygnowa\u0142em z zawodu. Na rzecz uczenia i prowadzenia agencji aktorskiej. Do tego, \u017ceby si\u0119 przyjrze\u0107 temu, co si\u0119 u mnie aktorsko dzieje, inspirowa\u0142a mnie dopiero jakie\u015b p\u00f3\u0142tora roku temu moja nauczycielka. I by\u0142em na to nawet obra\u017cony. Nie by\u0142o czemu si\u0119 przygl\u0105da\u0107. Praktycznie nic si\u0119 nie dzia\u0142o. Ale po naszym warsztacie zdecydowa\u0142em si\u0119 zawiesi\u0107 dzia\u0142alno\u015b\u0107 agencji po to, \u017ceby znale\u017a\u0107 czas i przestrze\u0144, \u017ceby mog\u0142o co\u015b si\u0119 zadzia\u0107. Dwa dni p\u00f3\u017aniej znalaz\u0142em si\u0119 w castingu do brytyjskiego serialu. I w nim zagra\u0142em. W tym samym tygodniu pojawi\u0142y si\u0119 dwie kolejne propozycje i zda\u0142em sobie spraw\u0119, \u017ce \u015bwiat jednak sprzyja, je\u015bli podejmuje si\u0119 decyzj\u0119 w zwi\u0105zku z tym czego si\u0119 od niego chce. S\u0142ysz\u0119 pytania czy si\u0119 ciesz\u0119 swoimi pi\u0119cioma minutami. I wczoraj moja nauczycielka u\u015bwiadomi\u0142a mi, \u017ce w tych pi\u0119ciu minutach to jestem ju\u017c od ponad roku. Zrozumia\u0142em, \u017ce 5 minut to jest by\u0107 w tw\u00f3rczym flow. I ja rzeczywi\u015bcie jestem w tw\u00f3rczym flow jakie\u015b p\u00f3\u0142tora roku. Agencja to moja \u00f3sma produkcja, kt\u00f3r\u0105 wsp\u00f3\u0142tworzy\u0142em w przeci\u0105gu tego czasu.<\/p>\n<p><strong>Nie bez powodu zacz\u0119\u0142am od tego pytania. Nie masz wra\u017cenia, \u017ce monodram, kt\u00f3ry stworzy\u0142e\u015b przed kilkunastoma laty to dzi\u015b spektakl-paradoks? Albo \u015bwietna ironia losu? &#8220;Zwierzenia bezrobotnego aktora&#8221; sprawi\u0142y, \u017ce by\u0142e\u015b zapracowany, da\u0142e\u015b si\u0119 pozna\u0107 nie tylko w Polsce. Je\u017adzi\u0142e\u015b po \u015bwiecie, no i spe\u0142ni\u0142e\u015b wtedy marzenie o graniu w teatrze.<\/strong><\/p>\n<p>Ten monodram wynika\u0142 z mojej mi\u0142o\u015bci do aktorstwa i ludzi. Da\u0142 mi lekcj\u0119, za kt\u00f3r\u0105 jestem ogromnie wdzi\u0119czny. Odkry\u0142em na przyk\u0142ad, \u017ce potrafi\u0119 pisa\u0107 \u015bwietne rzeczy, je\u015bli pisz\u0119 prosto z serca. I przekona\u0142em si\u0119, \u017ce jestem sprawczy. To poczucie sprawczo\u015bci by\u0142o na tyle wymierne, \u017ce okaza\u0142o si\u0119, \u017ce mog\u0119 robi\u0107 swoje rzeczy i \u017ce zabezpiecz\u0105 mnie one finansowo. \u015awiat odpowiedzia\u0142 mi wtedy naprawd\u0119 wspania\u0142ym poczuciem humoru. Kto by si\u0119 spodziewa\u0142, \u017ce przez par\u0119 lat b\u0119d\u0119 utrzymywa\u0107 si\u0119 z grania spektaklu o bezrobociu? Dzielenie si\u0119 tym tematem pod wieloma wzgl\u0119dami by\u0142o trudne, ale przede wszystkim pe\u0142ne satysfakcji z tego, \u017ce przez p\u00f3\u0142torej godziny mog\u0142em poby\u0107 w tym temacie z widzami i z tego, \u017ce tak wielu z nim rezonowa\u0142o. Wspaniale jest czu\u0107, \u017ce wnios\u0142em do \u015bwiata jak\u0105\u015b warto\u015b\u0107.<\/p>\n<\/div>\n            <\/div>\n        <\/div>\n    <\/div>\n<\/section>\n\n\n<section class=\"tickets-slider  section-margin-32\"\n    data-tickets-slider\n    data-item-list-name=\"Karuzela z buttonami\"\n    data-item-list-id=\"karuzela_z_buttonami\"\n    >\n    <div class=\"container\">\n        <div class=\"row\">\n            <div class=\"col-24\">\n                <div class=\"tickets-slider__main\">\n                    <div class=\"tickets-slider__nav tickets-slider__nav--prev\">\n                        <div class=\"button button--withIcon button--theme-white-blur button--size-fixed-48\" data-tickets-slider-prev>\n                            <span class=\"button__icon icon icon-chevron-left\"><\/span>\n                        <\/div>\n                    <\/div>\n                    <div class=\"tickets-slider__nav tickets-slider__nav--next\">\n                        <div class=\"button button--withIcon button--theme-white-blur button--size-fixed-48\" data-tickets-slider-next>\n                            <span class=\"button__icon icon icon-chevron-right\"><\/span>\n                        <\/div>\n                    <\/div>\n                    <div class=\"tickets-slider__slider swiper\" data-tickets-slider-slider>\n                        <div class=\"tickets-slider__sliderWrapper swiper-wrapper\">\n                                                            <div class=\"tickets-slider__sliderItem swiper-slide\"\n                                    data-id=\"38066\"\n                                    data-name=\"ORIANA FALLACI\"\n                                    data-brand=\"STUDIO TEATRGALERIA\"\n                                    data-category=\"teatr\"\n                                    data-subcategory=\"tragedia-dramat\"\n                                    data-city=\"Warszawa\"\n                                    data-venue=\"STUDIO teatrgaleria\">\n                                    <div class=\"tickets-slider__sliderCard\">\n                                        \n<div class=\"card-ticket\">\n        <div class=\"card-ticket__image\">\n        <a href=\"https:\/\/www.ebilet.pl\/teatr\/tragedia-dramat\/oriana-falacci\">\n            <img decoding=\"async\" src=\"https:\/\/www.ebilet.pl\/media\/cms\/media\/upiolrvr\/ebilet-552x736__oriana_fallaci-1dd3cb48-2197-4be1-842e-2d421ac2eaea.webp\" alt=\"Plakat wydarzenia\" \/>\n        <\/a>\n    <\/div>\n             \n    <div class=\"card-ticket__link\">\n        <a href=\"https:\/\/www.ebilet.pl\/teatr\/tragedia-dramat\/oriana-falacci\" class=\"button button--theme-primary-yellow button--withIconLeft button--size-small\">\n            <span class=\"button__icon icon icon-ticket\"><\/span>\n            <p class=\"button__text typo-16 f-600\">Kup bilet<\/p>\n        <\/a>\n    <\/div>\n    <\/div>                                    <\/div>\n                                <\/div>\n                                                            <div class=\"tickets-slider__sliderItem swiper-slide\"\n                                    data-id=\"76984\"\n                                    data-name=\"Kwartet\"\n                                    data-brand=\"Teatr Ateneum\"\n                                    data-category=\"teatr\"\n                                    data-subcategory=\"tragedia-dramat\"\n                                    data-city=\"Warszawa\"\n                                    data-venue=\"Scena 20 w Warszawie\">\n                                    <div class=\"tickets-slider__sliderCard\">\n                                        \n<div class=\"card-ticket\">\n        <div class=\"card-ticket__image\">\n        <a href=\"https:\/\/www.ebilet.pl\/teatr\/tragedia-dramat\/kwartet-spektakl\">\n            <img decoding=\"async\" src=\"https:\/\/www.ebilet.pl\/media\/cms\/media\/51blxns1\/ebilet_portal4_kwartet.webp\" alt=\"Plakat wydarzenia\" \/>\n        <\/a>\n    <\/div>\n             \n    <div class=\"card-ticket__link\">\n        <a href=\"https:\/\/www.ebilet.pl\/teatr\/tragedia-dramat\/kwartet-spektakl\" class=\"button button--theme-primary-yellow button--withIconLeft button--size-small\">\n            <span class=\"button__icon icon icon-ticket\"><\/span>\n            <p class=\"button__text typo-16 f-600\">Kup bilet<\/p>\n        <\/a>\n    <\/div>\n    <\/div>                                    <\/div>\n                                <\/div>\n                                                            <div class=\"tickets-slider__sliderItem swiper-slide\"\n                                    data-id=\"118342\"\n                                    data-name=\"Gra\"\n                                    data-brand=\"TEATR GARNIZON SZTUKI Sp. z o.o. Sp. k.\"\n                                    data-category=\"teatr\"\n                                    data-subcategory=\"tragedia-dramat\"\n                                    data-city=\"Warszawa\"\n                                    data-venue=\"Garnizon Sztuki\">\n                                    <div class=\"tickets-slider__sliderCard\">\n                                        \n<div class=\"card-ticket\">\n        <div class=\"card-ticket__image\">\n        <a href=\"https:\/\/www.ebilet.pl\/teatr\/tragedia-dramat\/gra\">\n            <img decoding=\"async\" src=\"https:\/\/www.ebilet.pl\/media\/cms\/media\/e4ppemhj\/552x736k-a6fefee0-8cec-ca5c-90a1-3bae49e7fbb9.webp\" alt=\"Plakat wydarzenia\" \/>\n        <\/a>\n    <\/div>\n             \n    <div class=\"card-ticket__link\">\n        <a href=\"https:\/\/www.ebilet.pl\/teatr\/tragedia-dramat\/gra\" class=\"button button--theme-primary-yellow button--withIconLeft button--size-small\">\n            <span class=\"button__icon icon icon-ticket\"><\/span>\n            <p class=\"button__text typo-16 f-600\">Kup bilet<\/p>\n        <\/a>\n    <\/div>\n    <\/div>                                    <\/div>\n                                <\/div>\n                                                            <div class=\"tickets-slider__sliderItem swiper-slide\"\n                                    data-id=\"93095\"\n                                    data-name=\"MENELIADA\"\n                                    data-brand=\"Teatr Ateneum\"\n                                    data-category=\"teatr\"\n                                    data-subcategory=\"tragedia-dramat\"\n                                    data-city=\"Warszawa\"\n                                    data-venue=\"Teatr Ateneum w Warszawie\">\n                                    <div class=\"tickets-slider__sliderCard\">\n                                        \n<div class=\"card-ticket\">\n        <div class=\"card-ticket__image\">\n        <a href=\"https:\/\/www.ebilet.pl\/teatr\/tragedia-dramat\/meneliada\">\n            <img decoding=\"async\" src=\"https:\/\/www.ebilet.pl\/media\/cms\/media\/f4rpvet0\/ebilet_portal15_meneliada.webp\" alt=\"Plakat wydarzenia\" \/>\n        <\/a>\n    <\/div>\n             \n    <div class=\"card-ticket__link\">\n        <a href=\"https:\/\/www.ebilet.pl\/teatr\/tragedia-dramat\/meneliada\" class=\"button button--theme-primary-yellow button--withIconLeft button--size-small\">\n            <span class=\"button__icon icon icon-ticket\"><\/span>\n            <p class=\"button__text typo-16 f-600\">Kup bilet<\/p>\n        <\/a>\n    <\/div>\n    <\/div>                                    <\/div>\n                                <\/div>\n                                                            <div class=\"tickets-slider__sliderItem swiper-slide\"\n                                    data-id=\"104185\"\n                                    data-name=\"Edukuj\u0105c Rit\u0119\"\n                                    data-brand=\"Teatr 6.pi\u0119tro\"\n                                    data-category=\"teatr\"\n                                    data-subcategory=\"tragedia-dramat\"\n                                    data-city=\"Warszawa\"\n                                    data-venue=\"Teatr 6. pi\u0119tro w Warszawie\">\n                                    <div class=\"tickets-slider__sliderCard\">\n                                        \n<div class=\"card-ticket\">\n        <div class=\"card-ticket__image\">\n        <a href=\"https:\/\/www.ebilet.pl\/teatr\/tragedia-dramat\/edukujac-rite\">\n            <img decoding=\"async\" src=\"https:\/\/www.ebilet.pl\/media\/cms\/media\/ggfln1rl\/rita_552x736-d8ff4efa-b184-497a-3efa-5aed2f688441.webp\" alt=\"Plakat wydarzenia\" \/>\n        <\/a>\n    <\/div>\n             \n    <div class=\"card-ticket__link\">\n        <a href=\"https:\/\/www.ebilet.pl\/teatr\/tragedia-dramat\/edukujac-rite\" class=\"button button--theme-primary-yellow button--withIconLeft button--size-small\">\n            <span class=\"button__icon icon icon-ticket\"><\/span>\n            <p class=\"button__text typo-16 f-600\">Kup bilet<\/p>\n        <\/a>\n    <\/div>\n    <\/div>                                    <\/div>\n                                <\/div>\n                                                            <div class=\"tickets-slider__sliderItem swiper-slide\"\n                                    data-id=\"127489\"\n                                    data-name=\"M\u00f3j sztandar zasika\u0142 kotek. Kroniki z Donbasu\"\n                                    data-brand=\"TR Warszawa\"\n                                    data-category=\"teatr\"\n                                    data-subcategory=\"tragedia-dramat\"\n                                    data-city=\"Warszawa\"\n                                    data-venue=\"TR Warszawa (d. Teatr Rozmaito\u015bci)\">\n                                    <div class=\"tickets-slider__sliderCard\">\n                                        \n<div class=\"card-ticket\">\n        <div class=\"card-ticket__image\">\n        <a href=\"https:\/\/www.ebilet.pl\/teatr\/tragedia-dramat\/moj-sztandar-zasikal-kotek-kroniki-z-donbasu\">\n            <img decoding=\"async\" src=\"https:\/\/www.ebilet.pl\/media\/cms\/media\/m3mnah0y\/m\u00f3j-sztandar-zasika\u0142-kotek-kroniki-z-donbasu_552x736-c9ecbf52-fc6f-cbcf-18ce-2549aec30f2c.webp\" alt=\"Plakat wydarzenia\" \/>\n        <\/a>\n    <\/div>\n             \n    <div class=\"card-ticket__link\">\n        <a href=\"https:\/\/www.ebilet.pl\/teatr\/tragedia-dramat\/moj-sztandar-zasikal-kotek-kroniki-z-donbasu\" class=\"button button--theme-primary-yellow button--withIconLeft button--size-small\">\n            <span class=\"button__icon icon icon-ticket\"><\/span>\n            <p class=\"button__text typo-16 f-600\">Kup bilet<\/p>\n        <\/a>\n    <\/div>\n    <\/div>                                    <\/div>\n                                <\/div>\n                                                            <div class=\"tickets-slider__sliderItem swiper-slide\"\n                                    data-id=\"134298\"\n                                    data-name=\"Wiera Gran\"\n                                    data-brand=\"Teatr Kamienica\"\n                                    data-category=\"teatr\"\n                                    data-subcategory=\"tragedia-dramat\"\n                                    data-city=\"Warszawa\"\n                                    data-venue=\"Teatr Kamienica w Warszawie\">\n                                    <div class=\"tickets-slider__sliderCard\">\n                                        \n<div class=\"card-ticket\">\n        <div class=\"card-ticket__image\">\n        <a href=\"https:\/\/www.ebilet.pl\/teatr\/tragedia-dramat\/wiera-gran\">\n            <img decoding=\"async\" src=\"https:\/\/www.ebilet.pl\/media\/cms\/media\/5njlhmq0\/552x736-15-355e71ff-b947-4c5e-aec7-662d52582891.webp\" alt=\"Plakat wydarzenia\" \/>\n        <\/a>\n    <\/div>\n             \n    <div class=\"card-ticket__link\">\n        <a href=\"https:\/\/www.ebilet.pl\/teatr\/tragedia-dramat\/wiera-gran\" class=\"button button--theme-primary-yellow button--withIconLeft button--size-small\">\n            <span class=\"button__icon icon icon-ticket\"><\/span>\n            <p class=\"button__text typo-16 f-600\">Kup bilet<\/p>\n        <\/a>\n    <\/div>\n    <\/div>                                    <\/div>\n                                <\/div>\n                                                            <div class=\"tickets-slider__sliderItem swiper-slide\"\n                                    data-id=\"138469\"\n                                    data-name=\"Kronika wypadk\u00f3w mi\u0142osnych\"\n                                    data-brand=\"Teatr Wybrze\u017ce w Gda\u0144sku\"\n                                    data-category=\"teatr\"\n                                    data-subcategory=\"tragedia-dramat\"\n                                    data-city=\"Sopot\"\n                                    data-venue=\"Teatr Wybrze\u017ce Scena Kameralna\">\n                                    <div class=\"tickets-slider__sliderCard\">\n                                        \n<div class=\"card-ticket\">\n        <div class=\"card-ticket__image\">\n        <a href=\"https:\/\/www.ebilet.pl\/teatr\/tragedia-dramat\/kronika-wypadkow-milosnych\">\n            <img decoding=\"async\" src=\"https:\/\/www.ebilet.pl\/media\/cms\/media\/gxhfslhe\/552x736-kronika-wypadk\u00f3w-mi\u0142osnych-6135e1e6-6c09-48f7-8e6b-f97de859b191.webp\" alt=\"Plakat wydarzenia\" \/>\n        <\/a>\n    <\/div>\n             \n    <div class=\"card-ticket__link\">\n        <a href=\"https:\/\/www.ebilet.pl\/teatr\/tragedia-dramat\/kronika-wypadkow-milosnych\" class=\"button button--theme-primary-yellow button--withIconLeft button--size-small\">\n            <span class=\"button__icon icon icon-ticket\"><\/span>\n            <p class=\"button__text typo-16 f-600\">Kup bilet<\/p>\n        <\/a>\n    <\/div>\n    <\/div>                                    <\/div>\n                                <\/div>\n                                                            <div class=\"tickets-slider__sliderItem swiper-slide\"\n                                    data-id=\"138473\"\n                                    data-name=\"Emigrantki\"\n                                    data-brand=\"Teatr Wybrze\u017ce w Gda\u0144sku\"\n                                    data-category=\"teatr\"\n                                    data-subcategory=\"tragedia-dramat\"\n                                    data-city=\"Gda\u0144sk\"\n                                    data-venue=\"Teatr Wybrze\u017ce\">\n                                    <div class=\"tickets-slider__sliderCard\">\n                                        \n<div class=\"card-ticket\">\n        <div class=\"card-ticket__image\">\n        <a href=\"https:\/\/www.ebilet.pl\/teatr\/tragedia-dramat\/emigrantki\">\n            <img decoding=\"async\" src=\"https:\/\/www.ebilet.pl\/media\/cms\/media\/irwo1wgj\/552x736-emigrantki-7f4b9d5d-f91b-419c-b0af-13ce85f6fac4.webp\" alt=\"Plakat wydarzenia\" \/>\n        <\/a>\n    <\/div>\n             \n    <div class=\"card-ticket__link\">\n        <a href=\"https:\/\/www.ebilet.pl\/teatr\/tragedia-dramat\/emigrantki\" class=\"button button--theme-primary-yellow button--withIconLeft button--size-small\">\n            <span class=\"button__icon icon icon-ticket\"><\/span>\n            <p class=\"button__text typo-16 f-600\">Kup bilet<\/p>\n        <\/a>\n    <\/div>\n    <\/div>                                    <\/div>\n                                <\/div>\n                                                            <div class=\"tickets-slider__sliderItem swiper-slide\"\n                                    data-id=\"132048\"\n                                    data-name=\"Co gryzie Gilberta Grape&#039;a\"\n                                    data-brand=\"Teatr Powszechny w Warszawie\"\n                                    data-category=\"teatr\"\n                                    data-subcategory=\"tragedia-dramat\"\n                                    data-city=\"Warszawa\"\n                                    data-venue=\"Teatr Powszechny w Warszawie\">\n                                    <div class=\"tickets-slider__sliderCard\">\n                                        \n<div class=\"card-ticket\">\n        <div class=\"card-ticket__image\">\n        <a href=\"https:\/\/www.ebilet.pl\/teatr\/tragedia-dramat\/co-gryzie-gilberta-grapea\">\n            <img decoding=\"async\" src=\"https:\/\/www.ebilet.pl\/media\/cms\/media\/xuihfw4s\/co-gryzie-gilberta-552-x-736-ebilet-5476b565-efb4-4c2a-8dab-bd63038c3b4b.webp\" alt=\"Plakat wydarzenia\" \/>\n        <\/a>\n    <\/div>\n             \n    <div class=\"card-ticket__link\">\n        <a href=\"https:\/\/www.ebilet.pl\/teatr\/tragedia-dramat\/co-gryzie-gilberta-grapea\" class=\"button button--theme-primary-yellow button--withIconLeft button--size-small\">\n            <span class=\"button__icon icon icon-ticket\"><\/span>\n            <p class=\"button__text typo-16 f-600\">Kup bilet<\/p>\n        <\/a>\n    <\/div>\n    <\/div>                                    <\/div>\n                                <\/div>\n                                                            <div class=\"tickets-slider__sliderItem swiper-slide\"\n                                    data-id=\"138483\"\n                                    data-name=\"Nora\"\n                                    data-brand=\"Teatr Wybrze\u017ce w Gda\u0144sku\"\n                                    data-category=\"teatr\"\n                                    data-subcategory=\"tragedia-dramat\"\n                                    data-city=\"Gda\u0144sk\"\n                                    data-venue=\"Teatr Wybrze\u017ce\">\n                                    <div class=\"tickets-slider__sliderCard\">\n                                        \n<div class=\"card-ticket\">\n        <div class=\"card-ticket__image\">\n        <a href=\"https:\/\/www.ebilet.pl\/teatr\/tragedia-dramat\/nora\">\n            <img decoding=\"async\" src=\"https:\/\/www.ebilet.pl\/media\/cms\/media\/0rkpqlp2\/552x736-nora-9545474c-4bb5-411b-8855-a5c73cefb593.webp\" alt=\"Plakat wydarzenia\" \/>\n        <\/a>\n    <\/div>\n             \n    <div class=\"card-ticket__link\">\n        <a href=\"https:\/\/www.ebilet.pl\/teatr\/tragedia-dramat\/nora\" class=\"button button--theme-primary-yellow button--withIconLeft button--size-small\">\n            <span class=\"button__icon icon icon-ticket\"><\/span>\n            <p class=\"button__text typo-16 f-600\">Kup bilet<\/p>\n        <\/a>\n    <\/div>\n    <\/div>                                    <\/div>\n                                <\/div>\n                                                            <div class=\"tickets-slider__sliderItem swiper-slide\"\n                                    data-id=\"83081\"\n                                    data-name=\"Inteligenci\"\n                                    data-brand=\"Adria Art\"\n                                    data-category=\"teatr\"\n                                    data-subcategory=\"tragedia-dramat\"\n                                    data-city=\"Pozna\u0144\"\n                                    data-venue=\"Kinoteatr Apollo\">\n                                    <div class=\"tickets-slider__sliderCard\">\n                                        \n<div class=\"card-ticket\">\n        <div class=\"card-ticket__image\">\n        <a href=\"https:\/\/www.ebilet.pl\/teatr\/tragedia-dramat\/inteligenci\">\n            <img decoding=\"async\" src=\"https:\/\/www.ebilet.pl\/media\/cms\/media\/g00pzdgc\/eb_552x736_inteligenci-23c8d271-e845-483b-a945-8f98e0d959bc.webp\" alt=\"Plakat wydarzenia\" \/>\n        <\/a>\n    <\/div>\n             \n    <div class=\"card-ticket__link\">\n        <a href=\"https:\/\/www.ebilet.pl\/teatr\/tragedia-dramat\/inteligenci\" class=\"button button--theme-primary-yellow button--withIconLeft button--size-small\">\n            <span class=\"button__icon icon icon-ticket\"><\/span>\n            <p class=\"button__text typo-16 f-600\">Kup bilet<\/p>\n        <\/a>\n    <\/div>\n    <\/div>                                    <\/div>\n                                <\/div>\n                                                            <div class=\"tickets-slider__sliderItem swiper-slide\"\n                                    data-id=\"136445\"\n                                    data-name=\"Kiedy stopnieje \u015bnieg\"\n                                    data-brand=\"TR Warszawa\"\n                                    data-category=\"teatr\"\n                                    data-subcategory=\"tragedia-dramat\"\n                                    data-city=\"Warszawa\"\n                                    data-venue=\"TR Warszawa (d. Teatr Rozmaito\u015bci)\">\n                                    <div class=\"tickets-slider__sliderCard\">\n                                        \n<div class=\"card-ticket\">\n        <div class=\"card-ticket__image\">\n        <a href=\"https:\/\/www.ebilet.pl\/teatr\/tragedia-dramat\/kiedy-stopnieje-snieg\">\n            <img decoding=\"async\" src=\"https:\/\/www.ebilet.pl\/media\/cms\/media\/kx0mei2x\/tr_ebilet_552x7364kiedy-stopnieje-snieg-24e634ef-f8ff-431a-bab2-dc598af384c6.webp\" alt=\"Plakat wydarzenia\" \/>\n        <\/a>\n    <\/div>\n             \n    <div class=\"card-ticket__link\">\n        <a href=\"https:\/\/www.ebilet.pl\/teatr\/tragedia-dramat\/kiedy-stopnieje-snieg\" class=\"button button--theme-primary-yellow button--withIconLeft button--size-small\">\n            <span class=\"button__icon icon icon-ticket\"><\/span>\n            <p class=\"button__text typo-16 f-600\">Kup bilet<\/p>\n        <\/a>\n    <\/div>\n    <\/div>                                    <\/div>\n                                <\/div>\n                                                            <div class=\"tickets-slider__sliderItem swiper-slide\"\n                                    data-id=\"141689\"\n                                    data-name=\"Upiory\"\n                                    data-brand=\"Teatr Wybrze\u017ce w Gda\u0144sku\"\n                                    data-category=\"teatr\"\n                                    data-subcategory=\"tragedia-dramat\"\n                                    data-city=\"Gda\u0144sk\"\n                                    data-venue=\"Teatr Wybrze\u017ce\">\n                                    <div class=\"tickets-slider__sliderCard\">\n                                        \n<div class=\"card-ticket\">\n        <div class=\"card-ticket__image\">\n        <a href=\"https:\/\/www.ebilet.pl\/teatr\/tragedia-dramat\/upiory\">\n            <img decoding=\"async\" src=\"https:\/\/www.ebilet.pl\/media\/cms\/media\/kp5b1wvz\/552x736-upiory-4dceed48-3718-4aa4-b4c6-32e6a758f902.webp\" alt=\"Plakat wydarzenia\" \/>\n        <\/a>\n    <\/div>\n             \n    <div class=\"card-ticket__link\">\n        <a href=\"https:\/\/www.ebilet.pl\/teatr\/tragedia-dramat\/upiory\" class=\"button button--theme-primary-yellow button--withIconLeft button--size-small\">\n            <span class=\"button__icon icon icon-ticket\"><\/span>\n            <p class=\"button__text typo-16 f-600\">Kup bilet<\/p>\n        <\/a>\n    <\/div>\n    <\/div>                                    <\/div>\n                                <\/div>\n                                                            <div class=\"tickets-slider__sliderItem swiper-slide\"\n                                    data-id=\"145853\"\n                                    data-name=\"Inteligenci\"\n                                    data-brand=\"Teatr Wybrze\u017ce w Gda\u0144sku\"\n                                    data-category=\"teatr\"\n                                    data-subcategory=\"tragedia-dramat\"\n                                    data-city=\"Sopot\"\n                                    data-venue=\"Teatr Wybrze\u017ce Scena Kameralna\">\n                                    <div class=\"tickets-slider__sliderCard\">\n                                        \n<div class=\"card-ticket\">\n        <div class=\"card-ticket__image\">\n        <a href=\"https:\/\/www.ebilet.pl\/teatr\/tragedia-dramat\/inteligenci-teatr-wybrzeze\">\n            <img decoding=\"async\" src=\"https:\/\/www.ebilet.pl\/media\/cms\/media\/dw5djjkk\/inteligencji-portrait-7cb19b91-b2ec-4fb2-a097-4077b64850d6.webp\" alt=\"Plakat wydarzenia\" \/>\n        <\/a>\n    <\/div>\n             \n    <div class=\"card-ticket__link\">\n        <a href=\"https:\/\/www.ebilet.pl\/teatr\/tragedia-dramat\/inteligenci-teatr-wybrzeze\" class=\"button button--theme-primary-yellow button--withIconLeft button--size-small\">\n            <span class=\"button__icon icon icon-ticket\"><\/span>\n            <p class=\"button__text typo-16 f-600\">Kup bilet<\/p>\n        <\/a>\n    <\/div>\n    <\/div>                                    <\/div>\n                                <\/div>\n                                                            <div class=\"tickets-slider__sliderItem swiper-slide\"\n                                    data-id=\"144183\"\n                                    data-name=\"Kino moralnego niepokoju\"\n                                    data-brand=\"Nowy Teatr\"\n                                    data-category=\"teatr\"\n                                    data-subcategory=\"tragedia-dramat\"\n                                    data-city=\"Warszawa\"\n                                    data-venue=\"NOWY Teatr w Warszawie\">\n                                    <div class=\"tickets-slider__sliderCard\">\n                                        \n<div class=\"card-ticket\">\n        <div class=\"card-ticket__image\">\n        <a href=\"https:\/\/www.ebilet.pl\/teatr\/tragedia-dramat\/kino-moralnego-niepokoju\">\n            <img decoding=\"async\" src=\"https:\/\/www.ebilet.pl\/media\/cms\/media\/qibdrpuj\/kino-moralnego-niepokoju.webp\" alt=\"Plakat wydarzenia\" \/>\n        <\/a>\n    <\/div>\n             \n    <div class=\"card-ticket__link\">\n        <a href=\"https:\/\/www.ebilet.pl\/teatr\/tragedia-dramat\/kino-moralnego-niepokoju\" class=\"button button--theme-primary-yellow button--withIconLeft button--size-small\">\n            <span class=\"button__icon icon icon-ticket\"><\/span>\n            <p class=\"button__text typo-16 f-600\">Kup bilet<\/p>\n        <\/a>\n    <\/div>\n    <\/div>                                    <\/div>\n                                <\/div>\n                                                            <div class=\"tickets-slider__sliderItem swiper-slide\"\n                                    data-id=\"148385\"\n                                    data-name=\"Szklana Mena\u017ceria\"\n                                    data-brand=\"Teatr Wybrze\u017ce w Gda\u0144sku\"\n                                    data-category=\"teatr\"\n                                    data-subcategory=\"tragedia-dramat\"\n                                    data-city=\"Sopot\"\n                                    data-venue=\"Teatr Wybrze\u017ce Scena Kameralna\">\n                                    <div class=\"tickets-slider__sliderCard\">\n                                        \n<div class=\"card-ticket\">\n        <div class=\"card-ticket__image\">\n        <a href=\"https:\/\/www.ebilet.pl\/teatr\/tragedia-dramat\/szklana-menazeria\">\n            <img decoding=\"async\" src=\"https:\/\/www.ebilet.pl\/media\/cms\/media\/f2xfotjt\/szklana_menazera_pion.webp\" alt=\"Plakat wydarzenia\" \/>\n        <\/a>\n    <\/div>\n             \n    <div class=\"card-ticket__link\">\n        <a href=\"https:\/\/www.ebilet.pl\/teatr\/tragedia-dramat\/szklana-menazeria\" class=\"button button--theme-primary-yellow button--withIconLeft button--size-small\">\n            <span class=\"button__icon icon icon-ticket\"><\/span>\n            <p class=\"button__text typo-16 f-600\">Kup bilet<\/p>\n        <\/a>\n    <\/div>\n    <\/div>                                    <\/div>\n                                <\/div>\n                                                            <div class=\"tickets-slider__sliderItem swiper-slide\"\n                                    data-id=\"161239\"\n                                    data-name=\"Wsp\u00f3lny pok\u00f3j\"\n                                    data-brand=\"Teatr Wybrze\u017ce w Gda\u0144sku\"\n                                    data-category=\"teatr\"\n                                    data-subcategory=\"tragedia-dramat\"\n                                    data-city=\"Gda\u0144sk\"\n                                    data-venue=\"Teatr Wybrze\u017ce\">\n                                    <div class=\"tickets-slider__sliderCard\">\n                                        \n<div class=\"card-ticket\">\n        <div class=\"card-ticket__image\">\n        <a href=\"https:\/\/www.ebilet.pl\/teatr\/tragedia-dramat\/wspolny-pokoj\">\n            <img decoding=\"async\" src=\"https:\/\/www.ebilet.pl\/media\/cms\/media\/2zepgzzm\/wspolny_pokoj_plakat_f7ddd0e107-1.webp\" alt=\"Plakat wydarzenia\" \/>\n        <\/a>\n    <\/div>\n             \n    <div class=\"card-ticket__link\">\n        <a href=\"https:\/\/www.ebilet.pl\/teatr\/tragedia-dramat\/wspolny-pokoj\" class=\"button button--theme-primary-yellow button--withIconLeft button--size-small\">\n            <span class=\"button__icon icon icon-ticket\"><\/span>\n            <p class=\"button__text typo-16 f-600\">Kup bilet<\/p>\n        <\/a>\n    <\/div>\n    <\/div>                                    <\/div>\n                                <\/div>\n                                                            <div class=\"tickets-slider__sliderItem swiper-slide\"\n                                    data-id=\"173416\"\n                                    data-name=\"Jej s\u0142owo. Jego s\u0142owo\"\n                                    data-brand=\"Teatr Wybrze\u017ce w Gda\u0144sku\"\n                                    data-category=\"teatr\"\n                                    data-subcategory=\"tragedia-dramat\"\n                                    data-city=\"Gda\u0144sk\"\n                                    data-venue=\"Teatr Wybrze\u017ce\">\n                                    <div class=\"tickets-slider__sliderCard\">\n                                        \n<div class=\"card-ticket\">\n        <div class=\"card-ticket__image\">\n        <a href=\"https:\/\/www.ebilet.pl\/teatr\/tragedia-dramat\/jej-slowo-jego-slowo\">\n            <img decoding=\"async\" src=\"https:\/\/www.ebilet.pl\/media\/cms\/media\/o3ymoy33\/plakat-jej_s_owo_jego-s_owo_post-4e033fed-6639-4cdf-a75e-5cbd62e2f4b3.webp\" alt=\"Plakat wydarzenia\" \/>\n        <\/a>\n    <\/div>\n             \n    <div class=\"card-ticket__link\">\n        <a href=\"https:\/\/www.ebilet.pl\/teatr\/tragedia-dramat\/jej-slowo-jego-slowo\" class=\"button button--theme-primary-yellow button--withIconLeft button--size-small\">\n            <span class=\"button__icon icon icon-ticket\"><\/span>\n            <p class=\"button__text typo-16 f-600\">Kup bilet<\/p>\n        <\/a>\n    <\/div>\n    <\/div>                                    <\/div>\n                                <\/div>\n                                                            <div class=\"tickets-slider__sliderItem swiper-slide\"\n                                    data-id=\"177180\"\n                                    data-name=\"Sceny z \u017cycia pobo\u017cnych mieszka\u0144c\u00f3w Waldenburga\"\n                                    data-brand=\"Teatr Dramatyczny im. Jerzego Szaniawskiego\"\n                                    data-category=\"teatr\"\n                                    data-subcategory=\"tragedia-dramat\"\n                                    data-city=\"Wa\u0142brzych\"\n                                    data-venue=\"Teatr Dramatyczny im. Jerzego Szaniawskiego w Wa\u0142brzychu\">\n                                    <div class=\"tickets-slider__sliderCard\">\n                                        \n<div class=\"card-ticket\">\n        <div class=\"card-ticket__image\">\n        <a href=\"https:\/\/www.ebilet.pl\/teatr\/tragedia-dramat\/sceny-z-zycia-poboznych-mieszkancow-waldenburga\">\n            <img decoding=\"async\" src=\"https:\/\/www.ebilet.pl\/media\/cms\/media\/p2ncaucl\/sceny-552x736-1-b8374932-f6f6-4a48-af5b-60f6e523ce31.webp\" alt=\"Plakat wydarzenia\" \/>\n        <\/a>\n    <\/div>\n             \n    <div class=\"card-ticket__link\">\n        <a href=\"https:\/\/www.ebilet.pl\/teatr\/tragedia-dramat\/sceny-z-zycia-poboznych-mieszkancow-waldenburga\" class=\"button button--theme-primary-yellow button--withIconLeft button--size-small\">\n            <span class=\"button__icon icon icon-ticket\"><\/span>\n            <p class=\"button__text typo-16 f-600\">Kup bilet<\/p>\n        <\/a>\n    <\/div>\n    <\/div>                                    <\/div>\n                                <\/div>\n                                                    <\/div>\n                    <\/div>\n                <\/div>\n            <\/div>\n        <\/div>\n    <\/div>\n<\/section>\n\n\n<section class=\"text-block  section-margin-32\" >\n    <div class=\"container\">\n        <div class=\"row\">\n            <div class=\"col-24\">\n                <div class=\"text-block__content\"><p><strong>Czego ci\u0119 to do\u015bwiadczenie nauczy\u0142o?<\/strong><\/p>\n<p>Nauczy\u0142em si\u0119 na tej mojej drodze wielu r\u00f3\u017cnych rzeczy. Potrzebowa\u0142em czasu, \u017ceby to zrozumie\u0107. Najwa\u017cniejsz\u0105 lekcj\u0105 jest dla mnie to, \u017ce niezale\u017cnie od tego, co robi\u0119, a na dobr\u0105 spraw\u0119 m\u00f3g\u0142bym i piec ciasta, to \u017ceby robi\u0107 to dobrze, przede wszystkim musz\u0119 wiedzie\u0107: po co. I je\u015bli co\u015b mi nie wychodzi \u2013 umie\u0107 si\u0119 cofn\u0105\u0107 i przyjrze\u0107 temu, z jak\u0105 intencj\u0105 wystartowa\u0142em. Nieraz musia\u0142em sobie przypomnie\u0107 \u017ce to wszystko wynika z mi\u0142o\u015bci. \u017be kocham gra\u0107, opowiada\u0107 historie. To nie tylko lekcja aktorstwa, ale lekcja \u017cycia w og\u00f3le.<\/p>\n<p>Lekcja o tym, \u017ce \u017ceby si\u0119 rozwija\u0107, musz\u0119 przyjrze\u0107 si\u0119 temu, co mnie nap\u0119dza, i te\u017c temu co mi nie s\u0142u\u017cy, co blokuje. O tym, \u017ce prawda, czasami bywa trudna, ale ostatecznie naprawd\u0119 czerpi\u0119 z tego rado\u015b\u0107. \u017be mog\u0119 robi\u0107 to, co robi\u0119, \u017ce jestem w stanie podejmowa\u0107 du\u017ce wyzwania, trudne tematy. \u017be nawet je\u015bli mam na planie przed sob\u0105 12 godzin b\u0142agania o \u017cycie, to robi\u0119 to w lekko\u015bci, w totalnej frajdzie. \u017be widz\u0119, jak si\u0119 zmieniam i bardzo to lubi\u0119. \u017be dzi\u0119ki zmianom w moim \u017cyciu pojawiaj\u0105 si\u0119 nowe rzeczy, coraz wi\u0119ksze wyzwania.<\/p>\n<p><strong>A nie pomyl\u0119 si\u0119, je\u015bli powiem, \u017ce mocna, drugoplanowa rola w &#8220;Supernovej&#8221; Bartka Kruhlika by\u0142a szczeg\u00f3lnym momentem w twojej aktorskiej drodze?<\/strong><\/p>\n<p>Bardzo wa\u017cnym momentem. Szczeg\u00f3lnie, \u017ce kiedy si\u0119 pojawi\u0142, przechodzi\u0142em za\u0142amanie. Nie wierzy\u0142em w siebie, a tym bardziej w moje aktorskie umiej\u0119tno\u015bci. Telefon od Bartka z zaproszeniem na zdj\u0119cia pr\u00f3bne zasta\u0142 mnie na pr\u00f3bach do spektaklu. Nie by\u0142em z nich zadowolony, ale pomy\u015bla\u0142em wtedy: \u201eMarcin, je\u015bli w og\u00f3le chcesz w to wej\u015b\u0107, ani na chwil\u0119 nie mo\u017cesz w siebie w\u0105tpi\u0107. Pami\u0119tam, \u017ce ju\u017c na nast\u0119pnej pr\u00f3bie w teatrze diametralnie zmieni\u0142a si\u0119 jako\u015b\u0107 mojej pracy. Rola w &#8220;Supernovej&#8221; ustawi\u0142a mnie do pionu. To jeden z moich najwa\u017cniejszych zawodowych punkt\u00f3w. Jeden z trzech. Bo to oczywi\u015bcie te\u017c &#8220;Zwierzenia bezrobotnego aktora&#8221;, no i teraz \u2013 &#8220;The Agency&#8221;. S\u0105 dla mnie najwa\u017cniejsze szeroko patrz\u0105c, ze wzgl\u0119du na to, co si\u0119 w zwi\u0105zku z nimi ze mn\u0105 dzia\u0142o.<\/p>\n<\/div>\n            <\/div>\n        <\/div>\n    <\/div>\n<\/section>\n\n\n<section class=\"text-block  section-margin-32\" >\n    <div class=\"container\">\n        <div class=\"row\">\n            <div class=\"col-24\">\n                <div class=\"text-block__content\"><p><strong>Zosta\u0144my chwil\u0119 przy zawodowym rozwoju. Bo to zas\u0142uga techniki aktorskiej, kt\u00f3r\u0105 pracujesz. Holywoodzkiej techniki.<\/strong><\/p>\n<p>Wspania\u0142ej. Technika Ivany Chubbuck bardzo mi s\u0142u\u017cy. Jest g\u0142\u0119boka, bliska mojemu sercu i nauczy\u0142a mnie pasjonuj\u0105cego spojrzenia na aktorstwo. Bo w rzeczywisto\u015bci to historia o rozumieniu cz\u0142owiecze\u0144stwa. Chodzi o to, \u017cebym odnalaz\u0142 w sobie potrzeby postaci, w kt\u00f3r\u0105 si\u0119 wcielam. \u017beby im si\u0119 przyjrze\u0107, prze\u017cy\u0107 je, zbada\u0107. Sprawdzi\u0107, czy to, czym \u017cyje bohater mo\u017ce mi pom\u00f3c co\u015b zmieni\u0107, przepracowa\u0107, lepiej zrozumie\u0107 siebie. Tu nie ma miejsca na ocen\u0119 postaci. I to mi si\u0119 najbardziej podoba. Bo je\u015bli grasz kogo\u015b w ocenie, to tak naprawd\u0119 oceniasz siebie, a wi\u0119c nie masz odwagi spojrze\u0107 na w\u0142asn\u0105 rys\u0119, ciemniejsz\u0105 stron\u0119. Skoro rz\u0105dzi tob\u0105 strach, to gdzie w tym wszystkim rozw\u00f3j?<\/p>\n<p>Moim zdaniem temu te\u017c s\u0142u\u017cy aktorstwo \u2013 jest przyczynkiem do tego, \u017ceby ewoluowa\u0107. No i fascynuj\u0105 mnie pr\u00f3by zrozumienia postaci \u2013 co si\u0119 wydarzy\u0142o i co kieruje cz\u0142owiekiem, kt\u00f3ry decyduje si\u0119 kogo\u015b zabi\u0107? Albo co spotka\u0142o kogo\u015b, kto uwa\u017ca, \u017ce nie ma najmniejszych szans, \u017ceby by\u0107 szcz\u0119\u015bliwy? Odpowiedzi na pytania musz\u0119 znale\u017a\u0107 w sobie. Cho\u0107 trzeba mie\u0107 na uwadze, \u017ceby robi\u0107 to \u015bwiadomie. Podchodz\u0119 do tego czasem z wi\u0119ksz\u0105, czasem z mniejsz\u0105 odwag\u0105, ale to naprawd\u0119 cudowna podr\u00f3\u017c. I drugim wielkim wsparciem jest nauka Metody Spectrum of Creation, gdzie ucz\u0119 si\u0119 tworzenia. I kiedy czuj\u0119, \u017ce co\u015b nie idzie, sesjuj\u0119 blokuj\u0105ce przekonania z moimi nauczycielkami. I to co wy\u017cej powiedzia\u0142em, to suma pracy obiema metodami.<\/p>\n<\/div>\n            <\/div>\n        <\/div>\n    <\/div>\n<\/section>\n\n\n<section class=\"image-block  section-margin-32\" >\n        <div class=\"container\">\n        <div class=\"row\">\n            <div class=\"col-24\">\n                                <div class=\"image-block__container\">\n                    <div class=\"image-block__wrapper\"><img loading=\"lazy\" decoding=\"async\" width=\"1920\" height=\"1278\" src=\"https:\/\/www.ebilet.pl\/now\/app\/uploads\/2025\/02\/Marcin-Zarzeczny_1.jpg\" class=\"attachment-full size-full\" alt=\"\" srcset=\"https:\/\/www.ebilet.pl\/now\/app\/uploads\/2025\/02\/Marcin-Zarzeczny_1.jpg 1920w, https:\/\/www.ebilet.pl\/now\/app\/uploads\/2025\/02\/Marcin-Zarzeczny_1-1024x682.jpg 1024w, https:\/\/www.ebilet.pl\/now\/app\/uploads\/2025\/02\/Marcin-Zarzeczny_1-1536x1022.jpg 1536w, https:\/\/www.ebilet.pl\/now\/app\/uploads\/2025\/02\/Marcin-Zarzeczny_1-1280x852.jpg 1280w, https:\/\/www.ebilet.pl\/now\/app\/uploads\/2025\/02\/Marcin-Zarzeczny_1-500x333.jpg 500w, https:\/\/www.ebilet.pl\/now\/app\/uploads\/2025\/02\/Marcin-Zarzeczny_1-632x421.jpg 632w\" sizes=\"(max-width: 1920px) 100vw, 1920px\" \/><\/div>\n                                            <div class=\"image-block__caption typo-12\">Marcin Zarzeczny\/Materia\u0142y Prasowe<\/div>\n                                    <\/div>\n                            <\/div>\n        <\/div>\n    <\/div>\n<\/section>\n\n\n<section class=\"text-block  section-margin-32\" >\n    <div class=\"container\">\n        <div class=\"row\">\n            <div class=\"col-24\">\n                <div class=\"text-block__content\"><p><strong>A sk\u0105d w\u0142a\u015bciwie wzi\u0119\u0142a si\u0119 w twoim \u017cyciu technika Chubbuk?<\/strong><\/p>\n<p>W\u0142a\u015bnie z wcze\u015bniejszych niepowodze\u0144. Mia\u0142em ich za sob\u0105 naprawd\u0119 du\u017co i czu\u0142em, \u017ce potrzebuj\u0119 konkretnych narz\u0119dzi wspieraj\u0105cych moj\u0105 prac\u0119. Mia\u0142em du\u017c\u0105 potrzeb\u0119 uczenia si\u0119 czego\u015b co da mi konkretne narz\u0119dzie aktorskie. I znalaz\u0142em Ivan\u0119 Chubbuck, jedn\u0105 z najwa\u017cniejszych trenerek aktorskich w Los Angeles. W podobnym czasie okaza\u0142o si\u0119, \u017ce jeden z moich koleg\u00f3w przeczyta\u0142 jej ksi\u0105\u017ck\u0119, drugi, kt\u00f3rego spotka\u0142em na planie w \u0141odzi, zrobi\u0142 wcze\u015bniej jej kurs w Londynie i gor\u0105co mnie do tego namawia\u0142. Bardzo chcia\u0142em, ale to by\u0142 okres pandemii \u2013 jedyn\u0105 opcj\u0105 by\u0142y zaj\u0119cia online. Nie by\u0142em przekonany do &#8220;onlajnowej&#8221; formy kursu, ale \u015bwiat dawa\u0142 mi takie znaki, \u017ce nie mog\u0142em ich zignorowa\u0107. A potem po pandemii i tak polecia\u0142em do Stan\u00f3w. Pracowa\u0142em z Ivan\u0105 prawie dwa lata i nie mam w\u0105tpliwo\u015bci, \u017ce ta decyzja ugruntowa\u0142a mnie w aktorstwie. Sam z reszt\u0105 sta\u0142em si\u0119 licencjonowanym nauczycielem tej Techniki na Polsk\u0119, Czechy i S\u0142owacj\u0119.<\/p>\n<\/div>\n            <\/div>\n        <\/div>\n    <\/div>\n<\/section>\n\n\n<section class=\"image-block  section-margin-32\" >\n        <div class=\"container\">\n        <div class=\"row\">\n            <div class=\"col-24\">\n                                <div class=\"image-block__container\">\n                    <div class=\"image-block__wrapper\"><img loading=\"lazy\" decoding=\"async\" width=\"1920\" height=\"1080\" src=\"https:\/\/www.ebilet.pl\/now\/app\/uploads\/2025\/02\/Mrcin-Zarzeczny_The-Agency_2_.jpeg\" class=\"attachment-full size-full\" alt=\"\" srcset=\"https:\/\/www.ebilet.pl\/now\/app\/uploads\/2025\/02\/Mrcin-Zarzeczny_The-Agency_2_.jpeg 1920w, https:\/\/www.ebilet.pl\/now\/app\/uploads\/2025\/02\/Mrcin-Zarzeczny_The-Agency_2_-1024x576.jpeg 1024w, https:\/\/www.ebilet.pl\/now\/app\/uploads\/2025\/02\/Mrcin-Zarzeczny_The-Agency_2_-1536x864.jpeg 1536w, https:\/\/www.ebilet.pl\/now\/app\/uploads\/2025\/02\/Mrcin-Zarzeczny_The-Agency_2_-1280x720.jpeg 1280w, https:\/\/www.ebilet.pl\/now\/app\/uploads\/2025\/02\/Mrcin-Zarzeczny_The-Agency_2_-500x281.jpeg 500w, https:\/\/www.ebilet.pl\/now\/app\/uploads\/2025\/02\/Mrcin-Zarzeczny_The-Agency_2_-632x356.jpeg 632w, https:\/\/www.ebilet.pl\/now\/app\/uploads\/2025\/02\/Mrcin-Zarzeczny_The-Agency_2_-308x174.jpeg 308w\" sizes=\"(max-width: 1920px) 100vw, 1920px\" \/><\/div>\n                                            <div class=\"image-block__caption typo-12\">Marcin Zarzeczny w serialu &#8220;The Agency&#8221;\/Materia\u0142y prasowe<\/div>\n                                    <\/div>\n                            <\/div>\n        <\/div>\n    <\/div>\n<\/section>\n\n\n<section class=\"text-block  section-margin-32\" >\n    <div class=\"container\">\n        <div class=\"row\">\n            <div class=\"col-24\">\n                <div class=\"text-block__content\"><p><strong>G\u0142\u0119bokie zaanga\u017cowanie, o kt\u00f3rym m\u00f3wisz, to zanurzanie w emocjach postaci \u2013 cz\u0119sto skrajnie r\u00f3\u017cnych od ciebie. Cz\u0119sto w trudnych emocjach \u2013 z kt\u00f3rych trudno si\u0119 otrz\u0105sn\u0105\u0107. Spotykasz si\u0119 w swojej pracy z pytaniami, czy da si\u0119 w og\u00f3le od nich odci\u0105\u0107?<\/strong><\/p>\n<p>Coraz cz\u0119\u015bciej cz\u0119\u015bciej s\u0142ysz\u0119 pytanie: &#8220;jak zagra\u0107 \u015bwietnie, ale tak, \u017ceby nie bola\u0142o&#8221;? Tak si\u0119 nie da. Prawda, nie lubimy trudnych emocji, nie pozwalamy sobie w nie wchodzi\u0107. Ale skoro b\u0119d\u0105c w postaci ju\u017c odczuwamy b\u00f3l, z\u0142o\u015b\u0107, smutek, rozczarowanie, t\u0119sknot\u0119, to przecie\u017c nie po to, \u017ceby w nich ton\u0105\u0107, tylko je przepracowa\u0107, znale\u017a\u0107 paliwo do dzia\u0142ania, \u017ceby si\u0119 z nimi rozprawi\u0107, uleczy\u0107 ducha. G\u0142\u0119boko w to wierz\u0119, \u017ce \u017ceby zachowa\u0107 zdrowie trzeba leczy\u0107 i cia\u0142o, i ducha. Temu te\u017c s\u0142u\u017cy sztuka. Dlatego, kiedy staj\u0119 przed zadaniem zagrania postaci diametralnie r\u00f3\u017cnej ode mnie, kt\u00f3rej dzia\u0142ania absolutnie neguj\u0119 w realnym \u017cyciu, tym bardziej znajduj\u0119 w sobie odwag\u0119, \u017ceby dostrzec w sobie t\u0119 ciemn\u0105 stron\u0119. Nie mog\u0119 i\u015b\u0107 przez \u017cycie my\u015bl\u0105c, \u017ce jestem anio\u0142em. To ani szczere, ani uczciwe.<\/p>\n<p><strong>Diametralnie r\u00f3\u017cn\u0105 postaci\u0105 jest z pewno\u015bci\u0105 jest Alexiei, bia\u0142oruski agent, kt\u00f3rego zagra\u0142e\u015b w &#8220;The Agency&#8221;. To znowu, skomplikowana rola. Pole do popisu. Przygotowuj\u0105c si\u0119 do zagrania, polubi\u0142e\u015b w jakim\u015b stopniu swojego bohatera? Co by\u0142o najtrudniejsze do zagrania, a co kr\u0119ci\u0142o?<\/strong><\/p>\n<p>Nie patrz\u0119 na role jako pole do popisu tylko z perspektywy oddania tej historii, kt\u00f3r\u0105 przechodzi bohater. Szukam znaku r\u00f3wno\u015bci i ten znak r\u00f3wno\u015bci powoduje, \u017ce zaczynam szczerze kocha\u0107 swojego bohatera. Przecie\u017c on przechodzi takie historie jak my wszyscy, jak ja. Jest inaczej skonsturowany, podejmuje inne decyzje, ale przechodzi to samo. To jak wtedy nie kocha\u0107 drugiego cz\u0142owieka, kt\u00f3ry dok\u0142adnie siedzi w tym samym co ja?<\/p>\n<\/div>\n            <\/div>\n        <\/div>\n    <\/div>\n<\/section>\n\n\n<section class=\"image-block  section-margin-32\" >\n        <div class=\"container\">\n        <div class=\"row\">\n            <div class=\"col-24\">\n                                <div class=\"image-block__container\">\n                    <div class=\"image-block__wrapper\"><img loading=\"lazy\" decoding=\"async\" width=\"1920\" height=\"1080\" src=\"https:\/\/www.ebilet.pl\/now\/app\/uploads\/2025\/02\/Marcin-Zarzeczny_The-Agency_3.jpeg\" class=\"attachment-full size-full\" alt=\"\" srcset=\"https:\/\/www.ebilet.pl\/now\/app\/uploads\/2025\/02\/Marcin-Zarzeczny_The-Agency_3.jpeg 1920w, https:\/\/www.ebilet.pl\/now\/app\/uploads\/2025\/02\/Marcin-Zarzeczny_The-Agency_3-1024x576.jpeg 1024w, https:\/\/www.ebilet.pl\/now\/app\/uploads\/2025\/02\/Marcin-Zarzeczny_The-Agency_3-1536x864.jpeg 1536w, https:\/\/www.ebilet.pl\/now\/app\/uploads\/2025\/02\/Marcin-Zarzeczny_The-Agency_3-1280x720.jpeg 1280w, https:\/\/www.ebilet.pl\/now\/app\/uploads\/2025\/02\/Marcin-Zarzeczny_The-Agency_3-500x281.jpeg 500w, https:\/\/www.ebilet.pl\/now\/app\/uploads\/2025\/02\/Marcin-Zarzeczny_The-Agency_3-632x356.jpeg 632w, https:\/\/www.ebilet.pl\/now\/app\/uploads\/2025\/02\/Marcin-Zarzeczny_The-Agency_3-308x174.jpeg 308w\" sizes=\"(max-width: 1920px) 100vw, 1920px\" \/><\/div>\n                                            <div class=\"image-block__caption typo-12\">Marcin Zarzeczny i Michael Fassbender w serialu &#8220;The Agency&#8221;\/ Materia\u0142y prasowe<\/div>\n                                    <\/div>\n                            <\/div>\n        <\/div>\n    <\/div>\n<\/section>\n\n\n<section class=\"text-block  section-margin-32\" >\n    <div class=\"container\">\n        <div class=\"row\">\n            <div class=\"col-24\">\n                <div class=\"text-block__content\"><p><strong>Pytam o to, dlatego, \u017ce na mnie du\u017ce wra\u017cenie wywar\u0142a scena przes\u0142uchiwania przez CIA. Scena mocna i bardzo wymagaj\u0105ca. Jak si\u0119 do niej przygotowa\u0142e\u015b? Jak wydoby\u0142e\u015b z siebie takie pok\u0142ady emocji?<\/strong><\/p>\n<p>Pracowa\u0142em dok\u0142adnie nad tym, co jest celem i motywacj\u0105 mojej postaci, co uwa\u017ca za niezb\u0119dne do prze\u017cycia i szuka\u0142em mi\u0119dzy nami znaku r\u00f3wno\u015bci. W przypadku scen przes\u0142uchania, poza moim super solidnym przygotowaniem, ogromn\u0105 inspiracj\u0105 sta\u0142 si\u0119 kostium. Wr\u00f3ci\u0142y do mnie wspomnienia mojego dziadka, kt\u00f3ry by\u0142 wi\u0119\u017aniem oboz\u00f3w pracy i prze\u017cy\u0142 komor\u0119 gazow\u0105. Czu\u0142em przed jedn\u0105 ze scen, \u017ce jestem ju\u017c bardzo mocno ugruntowany w swoim paliwie wypracowanym w ramach przygotowa\u0144 domowych i pr\u00f3b. Przysz\u0142a do mnie my\u015bl, \u017ce mog\u0119 si\u0119gn\u0105\u0107 po jeszcze wi\u0119cej w\u0142\u0105czaj\u0105c inspiracj\u0119, kt\u00f3ra przysz\u0142a do mnie po za\u0142o\u017ceniu kostiumu. Czu\u0142em, \u017ce \u017ceby tam wej\u015b\u0107, potrzebny mi jest krzyk, \u017ce musz\u0119 u\u017cy\u0107 swojego g\u0142osu. Wi\u0119c siedzia\u0142em tak w kontenerze, przywi\u0105zany do krzes\u0142a, w ciemno\u015bci i zacz\u0105\u0142em krzycze\u0107, zada\u0142em sobie tylko pytanie co pomy\u015bl\u0105 o mnie ludzie na planie i zdecydowa\u0142em, \u017ce wyra\u017cenie historii mojej i dziadka jest dla mnie wa\u017cniejsze od oceny innych.<\/p>\n<p>Po nakr\u0119ceniu pierwszej sceny z cyklu przes\u0142uchaniowego, kiedy wyszed\u0142em na pierwsz\u0105 przerw\u0119, podszed\u0142 do mnie ch\u0142opak i powiedzia\u0142: &#8220;Marcin, \u015bwietna robota. Widzia\u0142em, \u017ce par\u0119 os\u00f3b przy monitorach p\u0142aka\u0142o&#8221;. I ja wtedy pomy\u015bla\u0142em: nie\u017ale, przecie\u017c to dopiero pocz\u0105tek. Wysz\u0142o \u015bwietnie, dlatego, \u017ce by\u0142em \u015bwietnie przygotowany i pracowa\u0142em ze \u015bwietnymi lud\u017ami, i ze wspania\u0142ym re\u017cyserem Joe Wrightem, kt\u00f3ry by\u0142 ze mn\u0105 w tej podr\u00f3\u017cy blisko. By\u0142em otwarty na inspiracje, kt\u00f3re mog\u0142y do mnie przyj\u015b\u0107 z ka\u017cdej strony i da\u0142em im si\u0119 prowadzi\u0107. A w nagrod\u0119 dosta\u0142em brawa na planie, wiadomo\u015bci od widz\u00f3w i znajomych zza granicy, kt\u00f3rzy ju\u017c mieli okazj\u0119 widzie\u0107 serial. I pisali mi, \u017ce bardzo prze\u017cyli moje sceny i \u017ce wywr\u00f3ci\u0142em dusz\u0119 na lew\u0105 stron\u0119.<\/p>\n<\/div>\n            <\/div>\n        <\/div>\n    <\/div>\n<\/section>\n\n\n<section class=\"tickets-slider  section-margin-32\"\n    data-tickets-slider\n    data-item-list-name=\"Karuzela z buttonami\"\n    data-item-list-id=\"karuzela_z_buttonami\"\n    >\n    <div class=\"container\">\n        <div class=\"row\">\n            <div class=\"col-24\">\n                <div class=\"tickets-slider__main\">\n                    <div class=\"tickets-slider__nav tickets-slider__nav--prev\">\n                        <div class=\"button button--withIcon button--theme-white-blur button--size-fixed-48\" data-tickets-slider-prev>\n                            <span class=\"button__icon icon icon-chevron-left\"><\/span>\n                        <\/div>\n                    <\/div>\n                    <div class=\"tickets-slider__nav tickets-slider__nav--next\">\n                        <div class=\"button button--withIcon button--theme-white-blur button--size-fixed-48\" data-tickets-slider-next>\n                            <span class=\"button__icon icon icon-chevron-right\"><\/span>\n                        <\/div>\n                    <\/div>\n                    <div class=\"tickets-slider__slider swiper\" data-tickets-slider-slider>\n                        <div class=\"tickets-slider__sliderWrapper swiper-wrapper\">\n                                                            <div class=\"tickets-slider__sliderItem swiper-slide\"\n                                    data-id=\"33090\"\n                                    data-name=\"Koncert Muzyki Filmowej z utworami Hansa Zimmera\"\n                                    data-brand=\"TRINITY\"\n                                    data-category=\"klasyka\"\n                                    data-subcategory=\"muzyka-filmowa\"\n                                    data-city=\"Warszawa\"\n                                    data-venue=\"Hala COS Torwar \">\n                                    <div class=\"tickets-slider__sliderCard\">\n                                        \n<div class=\"card-ticket\">\n        <div class=\"card-ticket__image\">\n        <a href=\"https:\/\/www.ebilet.pl\/klasyka\/muzyka-filmowa\/hans-zimmer\">\n            <img decoding=\"async\" src=\"https:\/\/www.ebilet.pl\/media\/cms\/media\/wsuohydc\/552-69122239-9290-04c3-814f-acdbe606dd55.webp\" alt=\"Plakat wydarzenia\" \/>\n        <\/a>\n    <\/div>\n             \n    <div class=\"card-ticket__link\">\n        <a href=\"https:\/\/www.ebilet.pl\/klasyka\/muzyka-filmowa\/hans-zimmer\" class=\"button button--theme-primary-yellow button--withIconLeft button--size-small\">\n            <span class=\"button__icon icon icon-ticket\"><\/span>\n            <p class=\"button__text typo-16 f-600\">Kup bilet<\/p>\n        <\/a>\n    <\/div>\n    <\/div>                                    <\/div>\n                                <\/div>\n                                                            <div class=\"tickets-slider__sliderItem swiper-slide\"\n                                    data-id=\"50608\"\n                                    data-name=\"Gaming Concert\"\n                                    data-brand=\"VISUAL PRODUCTION Sp. z o.o. \"\n                                    data-category=\"klasyka\"\n                                    data-subcategory=\"muzyka-filmowa\"\n                                    data-city=\"Gdynia, Katowice, Krak\u00f3w i inne\"\n                                    data-venue=\"TAURON Arena Krak\u00f3w\">\n                                    <div class=\"tickets-slider__sliderCard\">\n                                        \n<div class=\"card-ticket\">\n        <div class=\"card-ticket__image\">\n        <a href=\"https:\/\/www.ebilet.pl\/klasyka\/muzyka-filmowa\/epic-game-music\">\n            <img decoding=\"async\" src=\"https:\/\/www.ebilet.pl\/media\/cms\/media\/zshlw1nh\/_552x736_gaming-concert_nowysolista-e6414111-a315-4e01-8e52-e07019ba2dab.webp\" alt=\"Plakat wydarzenia\" \/>\n        <\/a>\n    <\/div>\n             \n    <div class=\"card-ticket__link\">\n        <a href=\"https:\/\/www.ebilet.pl\/klasyka\/muzyka-filmowa\/epic-game-music\" class=\"button button--theme-primary-yellow button--withIconLeft button--size-small\">\n            <span class=\"button__icon icon icon-ticket\"><\/span>\n            <p class=\"button__text typo-16 f-600\">Kup bilet<\/p>\n        <\/a>\n    <\/div>\n    <\/div>                                    <\/div>\n                                <\/div>\n                                                            <div class=\"tickets-slider__sliderItem swiper-slide\"\n                                    data-id=\"144776\"\n                                    data-name=\"Koncert przy \u015bwiecach: Hans Zimmer i inni - Muzyka Filmowa\"\n                                    data-brand=\"Candle Live Music\"\n                                    data-category=\"klasyka\"\n                                    data-subcategory=\"muzyka-filmowa\"\n                                    data-city=\"Bielsko-Bia\u0142a, Bydgoszcz, Gda\u0144sk i inne\"\n                                    data-venue=\"Miejski O\u015brodek Kultury w Nowym S\u0105czu\">\n                                    <div class=\"tickets-slider__sliderCard\">\n                                        \n<div class=\"card-ticket\">\n        <div class=\"card-ticket__image\">\n        <a href=\"https:\/\/www.ebilet.pl\/klasyka\/muzyka-filmowa\/koncert-przy-swiecach-muzyka-filmowa\">\n            <img decoding=\"async\" src=\"https:\/\/www.ebilet.pl\/media\/cms\/media\/aprfqfrr\/clm-ebilet-muzykafilmowa-552x736-daac3934-dc35-41ed-b29d-5660d078d333.webp\" alt=\"Plakat wydarzenia\" \/>\n        <\/a>\n    <\/div>\n             \n    <div class=\"card-ticket__link\">\n        <a href=\"https:\/\/www.ebilet.pl\/klasyka\/muzyka-filmowa\/koncert-przy-swiecach-muzyka-filmowa\" class=\"button button--theme-primary-yellow button--withIconLeft button--size-small\">\n            <span class=\"button__icon icon icon-ticket\"><\/span>\n            <p class=\"button__text typo-16 f-600\">Kup bilet<\/p>\n        <\/a>\n    <\/div>\n    <\/div>                                    <\/div>\n                                <\/div>\n                                                            <div class=\"tickets-slider__sliderItem swiper-slide\"\n                                    data-id=\"145934\"\n                                    data-name=\"Koncert Muzyki Filmowej w wykonaniu Orkiestry Maximus\"\n                                    data-brand=\"Agencja Artystyczna Idea Art\"\n                                    data-category=\"klasyka\"\n                                    data-subcategory=\"muzyka-filmowa\"\n                                    data-city=\"Cieszyn, Pozna\u0144, Tarn\u00f3w i inne\"\n                                    data-venue=\"Aula Artis\">\n                                    <div class=\"tickets-slider__sliderCard\">\n                                        \n<div class=\"card-ticket\">\n        <div class=\"card-ticket__image\">\n        <a href=\"https:\/\/www.ebilet.pl\/klasyka\/muzyka-filmowa\/koncert-muzyki-filmowej-orkiestra-maximus\">\n            <img decoding=\"async\" src=\"https:\/\/www.ebilet.pl\/media\/cms\/media\/zvnofc5a\/gladiator-kasia-martin-552x736-kopia-53dcb60d-b4d5-41af-9bde-88edeb62213f.webp\" alt=\"Plakat wydarzenia\" \/>\n        <\/a>\n    <\/div>\n             \n    <div class=\"card-ticket__link\">\n        <a href=\"https:\/\/www.ebilet.pl\/klasyka\/muzyka-filmowa\/koncert-muzyki-filmowej-orkiestra-maximus\" class=\"button button--theme-primary-yellow button--withIconLeft button--size-small\">\n            <span class=\"button__icon icon icon-ticket\"><\/span>\n            <p class=\"button__text typo-16 f-600\">Kup bilet<\/p>\n        <\/a>\n    <\/div>\n    <\/div>                                    <\/div>\n                                <\/div>\n                                                            <div class=\"tickets-slider__sliderItem swiper-slide\"\n                                    data-id=\"147964\"\n                                    data-name=\"Koncert Muzyki Filmowej - Symphonic Cinematics\"\n                                    data-brand=\"Make Music Robert Nowak\"\n                                    data-category=\"klasyka\"\n                                    data-subcategory=\"muzyka-filmowa\"\n                                    data-city=\"Zielona G\u00f3ra\"\n                                    data-venue=\"\">\n                                    <div class=\"tickets-slider__sliderCard\">\n                                        \n<div class=\"card-ticket\">\n        <div class=\"card-ticket__image\">\n        <a href=\"https:\/\/www.ebilet.pl\/klasyka\/muzyka-filmowa\/symphonic-cinematics\">\n            <img decoding=\"async\" src=\"https:\/\/www.ebilet.pl\/media\/cms\/media\/1xqfflw5\/552x737-899c99dc-4769-466f-a5c7-e184167f738a.webp\" alt=\"Plakat wydarzenia\" \/>\n        <\/a>\n    <\/div>\n             \n    <div class=\"card-ticket__link\">\n        <a href=\"https:\/\/www.ebilet.pl\/klasyka\/muzyka-filmowa\/symphonic-cinematics\" class=\"button button--theme-primary-yellow button--withIconLeft button--size-small\">\n            <span class=\"button__icon icon icon-ticket\"><\/span>\n            <p class=\"button__text typo-16 f-600\">Kup bilet<\/p>\n        <\/a>\n    <\/div>\n    <\/div>                                    <\/div>\n                                <\/div>\n                                                            <div class=\"tickets-slider__sliderItem swiper-slide\"\n                                    data-id=\"148821\"\n                                    data-name=\"Najpi\u0119kniejsza muzyka filmowa na 28. pi\u0119trze\"\n                                    data-brand=\"SVITLO CONCERT Sp. z o.o.\"\n                                    data-category=\"klasyka\"\n                                    data-subcategory=\"muzyka-filmowa\"\n                                    data-city=\"Warszawa\"\n                                    data-venue=\"Sky Hall by Svitlo Concert\">\n                                    <div class=\"tickets-slider__sliderCard\">\n                                        \n<div class=\"card-ticket\">\n        <div class=\"card-ticket__image\">\n        <a href=\"https:\/\/www.ebilet.pl\/klasyka\/muzyka-filmowa\/najpiekniejsza-muzyka-filmowa\">\n            <img decoding=\"async\" src=\"https:\/\/www.ebilet.pl\/media\/cms\/media\/j2vi4dam\/552_736-muzyka-filmowa-6e97c01d-b6bd-4a82-a7d6-17df67ca746c.webp\" alt=\"Plakat wydarzenia\" \/>\n        <\/a>\n    <\/div>\n             \n    <div class=\"card-ticket__link\">\n        <a href=\"https:\/\/www.ebilet.pl\/klasyka\/muzyka-filmowa\/najpiekniejsza-muzyka-filmowa\" class=\"button button--theme-primary-yellow button--withIconLeft button--size-small\">\n            <span class=\"button__icon icon icon-ticket\"><\/span>\n            <p class=\"button__text typo-16 f-600\">Kup bilet<\/p>\n        <\/a>\n    <\/div>\n    <\/div>                                    <\/div>\n                                <\/div>\n                                                            <div class=\"tickets-slider__sliderItem swiper-slide\"\n                                    data-id=\"178734\"\n                                    data-name=\"Koncert w\u015br\u00f3d kwiat\u00f3w i \u015bwiec: Wiecz\u00f3r z Magi\u0105 Harry\u2019ego Pottera\"\n                                    data-brand=\"Candle Live Music\"\n                                    data-category=\"klasyka\"\n                                    data-subcategory=\"muzyka-filmowa\"\n                                    data-city=\"Katowice, Szczecin\"\n                                    data-venue=\"Dom Kultury 13 Muz\">\n                                    <div class=\"tickets-slider__sliderCard\">\n                                        \n<div class=\"card-ticket\">\n        <div class=\"card-ticket__image\">\n        <a href=\"https:\/\/www.ebilet.pl\/klasyka\/muzyka-filmowa\/harry-potter-muzyka-z-filmow\">\n            <img decoding=\"async\" src=\"https:\/\/www.ebilet.pl\/media\/cms\/media\/uhgat4ql\/clm-ebilet-harrypotter-piano-552x736-97fede64-0e52-49e7-809c-2ef6a1087904.webp\" alt=\"Plakat wydarzenia\" \/>\n        <\/a>\n    <\/div>\n             \n    <div class=\"card-ticket__link\">\n        <a href=\"https:\/\/www.ebilet.pl\/klasyka\/muzyka-filmowa\/harry-potter-muzyka-z-filmow\" class=\"button button--theme-primary-yellow button--withIconLeft button--size-small\">\n            <span class=\"button__icon icon icon-ticket\"><\/span>\n            <p class=\"button__text typo-16 f-600\">Kup bilet<\/p>\n        <\/a>\n    <\/div>\n    <\/div>                                    <\/div>\n                                <\/div>\n                                                            <div class=\"tickets-slider__sliderItem swiper-slide\"\n                                    data-id=\"173211\"\n                                    data-name=\"Kr\u00f3l Lew Live in Concert\"\n                                    data-brand=\"Agencja Artystyczna Pro Musica\"\n                                    data-category=\"klasyka\"\n                                    data-subcategory=\"muzyka-filmowa\"\n                                    data-city=\"Bielsko-Bia\u0142a, Gda\u0144sk, Katowice i inne\"\n                                    data-venue=\"Warmi\u0144sko - Mazurska Filharmonia im. Feliksa Nowowiejskiego w Olsztynie\">\n                                    <div class=\"tickets-slider__sliderCard\">\n                                        \n<div class=\"card-ticket\">\n        <div class=\"card-ticket__image\">\n        <a href=\"https:\/\/www.ebilet.pl\/klasyka\/muzyka-filmowa\/krol-lew-live-in-concert\">\n            <img decoding=\"async\" src=\"https:\/\/www.ebilet.pl\/media\/cms\/media\/4aujkm4d\/uniwersalny_kl_pion-f5bded53-a733-49e1-84ba-c7e60e6f177f.webp\" alt=\"Plakat wydarzenia\" \/>\n        <\/a>\n    <\/div>\n             \n    <div class=\"card-ticket__link\">\n        <a href=\"https:\/\/www.ebilet.pl\/klasyka\/muzyka-filmowa\/krol-lew-live-in-concert\" class=\"button button--theme-primary-yellow button--withIconLeft button--size-small\">\n            <span class=\"button__icon icon icon-ticket\"><\/span>\n            <p class=\"button__text typo-16 f-600\">Kup bilet<\/p>\n        <\/a>\n    <\/div>\n    <\/div>                                    <\/div>\n                                <\/div>\n                                                            <div class=\"tickets-slider__sliderItem swiper-slide\"\n                                    data-id=\"182876\"\n                                    data-name=\"Koncerty przy \u015bwiecach \u2013 Muzyka filmowa\"\n                                    data-brand=\"Fundacja na Rzecz Pomocy Pestka\"\n                                    data-category=\"klasyka\"\n                                    data-subcategory=\"muzyka-filmowa\"\n                                    data-city=\"Warszawa, Wroc\u0142aw\"\n                                    data-venue=\"Synagoga Pod Bia\u0142ym Bocianem\">\n                                    <div class=\"tickets-slider__sliderCard\">\n                                        \n<div class=\"card-ticket\">\n        <div class=\"card-ticket__image\">\n        <a href=\"https:\/\/www.ebilet.pl\/klasyka\/muzyka-filmowa\/muzyka-filmowa-koncerty-przy-swiecach\">\n            <img decoding=\"async\" src=\"https:\/\/www.ebilet.pl\/media\/cms\/media\/vfafluti\/muzfil-1-2f881efc-bc13-4d89-96bc-f2682490cac7.webp\" alt=\"Plakat wydarzenia\" \/>\n        <\/a>\n    <\/div>\n             \n    <div class=\"card-ticket__link\">\n        <a href=\"https:\/\/www.ebilet.pl\/klasyka\/muzyka-filmowa\/muzyka-filmowa-koncerty-przy-swiecach\" class=\"button button--theme-primary-yellow button--withIconLeft button--size-small\">\n            <span class=\"button__icon icon icon-ticket\"><\/span>\n            <p class=\"button__text typo-16 f-600\">Kup bilet<\/p>\n        <\/a>\n    <\/div>\n    <\/div>                                    <\/div>\n                                <\/div>\n                                                            <div class=\"tickets-slider__sliderItem swiper-slide\"\n                                    data-id=\"188823\"\n                                    data-name=\"Koncert przy tysi\u0105cach \u015bwiec - Muzyka Fantasy: od W\u0142adcy Pier\u015bcieni do Gry o Tron\"\n                                    data-brand=\"Candle Live Music\"\n                                    data-category=\"klasyka\"\n                                    data-subcategory=\"muzyka-filmowa\"\n                                    data-city=\"Katowice\"\n                                    data-venue=\"MDK Szopienice-Giszowiec\">\n                                    <div class=\"tickets-slider__sliderCard\">\n                                        \n<div class=\"card-ticket\">\n        <div class=\"card-ticket__image\">\n        <a href=\"https:\/\/www.ebilet.pl\/klasyka\/muzyka-filmowa\/muzyka-fantasy-przy-swiecach\">\n            <img decoding=\"async\" src=\"https:\/\/www.ebilet.pl\/media\/cms\/media\/c4dpquqq\/fantasy-552-x-736-px-1-b579c6d0-2d31-479b-8e1b-46eb1c881d2c.webp\" alt=\"Plakat wydarzenia\" \/>\n        <\/a>\n    <\/div>\n             \n    <div class=\"card-ticket__link\">\n        <a href=\"https:\/\/www.ebilet.pl\/klasyka\/muzyka-filmowa\/muzyka-fantasy-przy-swiecach\" class=\"button button--theme-primary-yellow button--withIconLeft button--size-small\">\n            <span class=\"button__icon icon icon-ticket\"><\/span>\n            <p class=\"button__text typo-16 f-600\">Kup bilet<\/p>\n        <\/a>\n    <\/div>\n    <\/div>                                    <\/div>\n                                <\/div>\n                                                            <div class=\"tickets-slider__sliderItem swiper-slide\"\n                                    data-id=\"183938\"\n                                    data-name=\"The Music of Hans Zimmer and Others\"\n                                    data-brand=\"LANCELOT PRODUCTIONS, UNIPESSOAL LDA\"\n                                    data-category=\"klasyka\"\n                                    data-subcategory=\"muzyka-filmowa\"\n                                    data-city=\"Katowice, Wroc\u0142aw\"\n                                    data-venue=\"Hala Stulecia\">\n                                    <div class=\"tickets-slider__sliderCard\">\n                                        \n<div class=\"card-ticket\">\n        <div class=\"card-ticket__image\">\n        <a href=\"https:\/\/www.ebilet.pl\/klasyka\/muzyka-filmowa\/the-music-of-hans-zimmer-and-others\">\n            <img decoding=\"async\" src=\"https:\/\/www.ebilet.pl\/media\/cms\/media\/qdraw1ym\/zimmer552x736hans.webp\" alt=\"Plakat wydarzenia\" \/>\n        <\/a>\n    <\/div>\n             \n    <div class=\"card-ticket__link\">\n        <a href=\"https:\/\/www.ebilet.pl\/klasyka\/muzyka-filmowa\/the-music-of-hans-zimmer-and-others\" class=\"button button--theme-primary-yellow button--withIconLeft button--size-small\">\n            <span class=\"button__icon icon icon-ticket\"><\/span>\n            <p class=\"button__text typo-16 f-600\">Kup bilet<\/p>\n        <\/a>\n    <\/div>\n    <\/div>                                    <\/div>\n                                <\/div>\n                                                            <div class=\"tickets-slider__sliderItem swiper-slide\"\n                                    data-id=\"174465\"\n                                    data-name=\"Arcane Symphony Tribute of Hit Series Epic Music Experience\"\n                                    data-brand=\"Luckystar,s.r.o.\"\n                                    data-category=\"klasyka\"\n                                    data-subcategory=\"muzyka-filmowa\"\n                                    data-city=\"Gda\u0144sk, Katowice, Olsztyn i inne\"\n                                    data-venue=\"Stary Mane\u017c\">\n                                    <div class=\"tickets-slider__sliderCard\">\n                                        \n<div class=\"card-ticket\">\n        <div class=\"card-ticket__image\">\n        <a href=\"https:\/\/www.ebilet.pl\/klasyka\/muzyka-filmowa\/arcane-symphony-tribute\">\n            <img decoding=\"async\" src=\"https:\/\/www.ebilet.pl\/media\/cms\/media\/uawneuzt\/arcane-552_736-ec34269e-69e5-4902-ab21-6a96d642fdaf.webp\" alt=\"Plakat wydarzenia\" \/>\n        <\/a>\n    <\/div>\n             \n    <div class=\"card-ticket__link\">\n        <a href=\"https:\/\/www.ebilet.pl\/klasyka\/muzyka-filmowa\/arcane-symphony-tribute\" class=\"button button--theme-primary-yellow button--withIconLeft button--size-small\">\n            <span class=\"button__icon icon icon-ticket\"><\/span>\n            <p class=\"button__text typo-16 f-600\">Kup bilet<\/p>\n        <\/a>\n    <\/div>\n    <\/div>                                    <\/div>\n                                <\/div>\n                                                            <div class=\"tickets-slider__sliderItem swiper-slide\"\n                                    data-id=\"195272\"\n                                    data-name=\"Koncert przy \u015bwiecach: Muzyka z Naruto\"\n                                    data-brand=\"Candle Live Music\"\n                                    data-category=\"klasyka\"\n                                    data-subcategory=\"muzyka-filmowa\"\n                                    data-city=\"Krak\u00f3w, Pozna\u0144, Warszawa\"\n                                    data-venue=\"Pa\u0142ac Staszica w Warszawie\">\n                                    <div class=\"tickets-slider__sliderCard\">\n                                        \n<div class=\"card-ticket\">\n        <div class=\"card-ticket__image\">\n        <a href=\"https:\/\/www.ebilet.pl\/klasyka\/muzyka-filmowa\/muzyka-z-naruto\">\n            <img decoding=\"async\" src=\"https:\/\/www.ebilet.pl\/media\/cms\/media\/v5hjo0sw\/naruto-2-d7b24c37-0318-45cd-bcef-cd628527e372.webp\" alt=\"Plakat wydarzenia\" \/>\n        <\/a>\n    <\/div>\n             \n    <div class=\"card-ticket__link\">\n        <a href=\"https:\/\/www.ebilet.pl\/klasyka\/muzyka-filmowa\/muzyka-z-naruto\" class=\"button button--theme-primary-yellow button--withIconLeft button--size-small\">\n            <span class=\"button__icon icon icon-ticket\"><\/span>\n            <p class=\"button__text typo-16 f-600\">Kup bilet<\/p>\n        <\/a>\n    <\/div>\n    <\/div>                                    <\/div>\n                                <\/div>\n                                                            <div class=\"tickets-slider__sliderItem swiper-slide\"\n                                    data-id=\"191019\"\n                                    data-name=\"Hans Zimmer \u2013 Muzyka Filmowa Klasycznie przy \u015awiecach\"\n                                    data-brand=\"Copernicus Sp\u00f3\u0142ka z o.o.\"\n                                    data-category=\"klasyka\"\n                                    data-subcategory=\"muzyka-filmowa\"\n                                    data-city=\"Bia\u0142ystok, Bielsko-Bia\u0142a, Cz\u0119stochowa i inne\"\n                                    data-venue=\"Pa\u0142ac Staszica w Warszawie\">\n                                    <div class=\"tickets-slider__sliderCard\">\n                                        \n<div class=\"card-ticket\">\n        <div class=\"card-ticket__image\">\n        <a href=\"https:\/\/www.ebilet.pl\/klasyka\/muzyka-filmowa\/muzyka-filmowa-klasycznie-przy-swiecach\">\n            <img decoding=\"async\" src=\"https:\/\/www.ebilet.pl\/media\/cms\/media\/uw3ikjgi\/film-music-hans-zimmer-552x736-px-059eaa4c-db54-4f49-826c-a9d7f6a2c6ab.webp\" alt=\"Plakat wydarzenia\" \/>\n        <\/a>\n    <\/div>\n             \n    <div class=\"card-ticket__link\">\n        <a href=\"https:\/\/www.ebilet.pl\/klasyka\/muzyka-filmowa\/muzyka-filmowa-klasycznie-przy-swiecach\" class=\"button button--theme-primary-yellow button--withIconLeft button--size-small\">\n            <span class=\"button__icon icon icon-ticket\"><\/span>\n            <p class=\"button__text typo-16 f-600\">Kup bilet<\/p>\n        <\/a>\n    <\/div>\n    <\/div>                                    <\/div>\n                                <\/div>\n                                                            <div class=\"tickets-slider__sliderItem swiper-slide\"\n                                    data-id=\"151105\"\n                                    data-name=\"Koncerty przy \u015bwiecach - Muzyka z serialu &quot;Bridgertonowie&quot;\"\n                                    data-brand=\"Fundacja na Rzecz Pomocy Pestka\"\n                                    data-category=\"klasyka\"\n                                    data-subcategory=\"muzyka-filmowa\"\n                                    data-city=\"Gda\u0144sk, Katowice, Krak\u00f3w i inne\"\n                                    data-venue=\"Klub Arsena\u0142\">\n                                    <div class=\"tickets-slider__sliderCard\">\n                                        \n<div class=\"card-ticket\">\n        <div class=\"card-ticket__image\">\n        <a href=\"https:\/\/www.ebilet.pl\/klasyka\/muzyka-filmowa\/bridgertonowie\">\n            <img decoding=\"async\" src=\"https:\/\/www.ebilet.pl\/media\/cms\/media\/2kwnzk22\/bridgerton-1-0ea93925-ef0f-4213-8d6a-047fcc5190a4.webp\" alt=\"Plakat wydarzenia\" \/>\n        <\/a>\n    <\/div>\n             \n    <div class=\"card-ticket__link\">\n        <a href=\"https:\/\/www.ebilet.pl\/klasyka\/muzyka-filmowa\/bridgertonowie\" class=\"button button--theme-primary-yellow button--withIconLeft button--size-small\">\n            <span class=\"button__icon icon icon-ticket\"><\/span>\n            <p class=\"button__text typo-16 f-600\">Kup bilet<\/p>\n        <\/a>\n    <\/div>\n    <\/div>                                    <\/div>\n                                <\/div>\n                                                            <div class=\"tickets-slider__sliderItem swiper-slide\"\n                                    data-id=\"195993\"\n                                    data-name=\"Koncert przy \u015bwiecach: Ludovico Einaudi, Yann Tiersen and Roberto Cacciapaglia\"\n                                    data-brand=\"Fundacja na Rzecz Pomocy Pestka\"\n                                    data-category=\"klasyka\"\n                                    data-subcategory=\"muzyka-filmowa\"\n                                    data-city=\"Warszawa\"\n                                    data-venue=\"Pa\u0142ac Staszica w Warszawie\">\n                                    <div class=\"tickets-slider__sliderCard\">\n                                        \n<div class=\"card-ticket\">\n        <div class=\"card-ticket__image\">\n        <a href=\"https:\/\/www.ebilet.pl\/klasyka\/muzyka-filmowa\/einaudi-tiersen-cacciapaglia\">\n            <img decoding=\"async\" src=\"https:\/\/www.ebilet.pl\/media\/cms\/media\/5k4dd5r5\/4_2009-ed7a3b65-e6e8-4455-97d0-2ad5e7e8171e.webp\" alt=\"Plakat wydarzenia\" \/>\n        <\/a>\n    <\/div>\n             \n    <div class=\"card-ticket__link\">\n        <a href=\"https:\/\/www.ebilet.pl\/klasyka\/muzyka-filmowa\/einaudi-tiersen-cacciapaglia\" class=\"button button--theme-primary-yellow button--withIconLeft button--size-small\">\n            <span class=\"button__icon icon icon-ticket\"><\/span>\n            <p class=\"button__text typo-16 f-600\">Kup bilet<\/p>\n        <\/a>\n    <\/div>\n    <\/div>                                    <\/div>\n                                <\/div>\n                                                            <div class=\"tickets-slider__sliderItem swiper-slide\"\n                                    data-id=\"195988\"\n                                    data-name=\"Koncert przy \u015bwiecach - Best of Hans Zimmer\"\n                                    data-brand=\"Fundacja na Rzecz Pomocy Pestka\"\n                                    data-category=\"klasyka\"\n                                    data-subcategory=\"muzyka-filmowa\"\n                                    data-city=\"Warszawa\"\n                                    data-venue=\"Pa\u0142ac Staszica w Warszawie\">\n                                    <div class=\"tickets-slider__sliderCard\">\n                                        \n<div class=\"card-ticket\">\n        <div class=\"card-ticket__image\">\n        <a href=\"https:\/\/www.ebilet.pl\/klasyka\/muzyka-filmowa\/best-of-hans-zimmer\">\n            <img decoding=\"async\" src=\"https:\/\/www.ebilet.pl\/media\/cms\/media\/ucmezeb5\/3_2009-b10047b6-9a94-46be-9407-be1c8e1482f8.webp\" alt=\"Plakat wydarzenia\" \/>\n        <\/a>\n    <\/div>\n             \n    <div class=\"card-ticket__link\">\n        <a href=\"https:\/\/www.ebilet.pl\/klasyka\/muzyka-filmowa\/best-of-hans-zimmer\" class=\"button button--theme-primary-yellow button--withIconLeft button--size-small\">\n            <span class=\"button__icon icon icon-ticket\"><\/span>\n            <p class=\"button__text typo-16 f-600\">Kup bilet<\/p>\n        <\/a>\n    <\/div>\n    <\/div>                                    <\/div>\n                                <\/div>\n                                                            <div class=\"tickets-slider__sliderItem swiper-slide\"\n                                    data-id=\"197171\"\n                                    data-name=\"Koncert muzyki Ludovico Einaudiego na 28. pi\u0119trze przy \u015bwiecach\"\n                                    data-brand=\"SVITLO CONCERT Sp. z o.o.\"\n                                    data-category=\"klasyka\"\n                                    data-subcategory=\"muzyka-filmowa\"\n                                    data-city=\"Warszawa\"\n                                    data-venue=\"\">\n                                    <div class=\"tickets-slider__sliderCard\">\n                                        \n<div class=\"card-ticket\">\n        <div class=\"card-ticket__image\">\n        <a href=\"https:\/\/www.ebilet.pl\/klasyka\/muzyka-filmowa\/muzyka-ludovico-einaudiego\">\n            <img decoding=\"async\" src=\"https:\/\/www.ebilet.pl\/media\/cms\/media\/tqcfiw1l\/evening-pion-kopia.webp\" alt=\"Plakat wydarzenia\" \/>\n        <\/a>\n    <\/div>\n             \n    <div class=\"card-ticket__link\">\n        <a href=\"https:\/\/www.ebilet.pl\/klasyka\/muzyka-filmowa\/muzyka-ludovico-einaudiego\" class=\"button button--theme-primary-yellow button--withIconLeft button--size-small\">\n            <span class=\"button__icon icon icon-ticket\"><\/span>\n            <p class=\"button__text typo-16 f-600\">Kup bilet<\/p>\n        <\/a>\n    <\/div>\n    <\/div>                                    <\/div>\n                                <\/div>\n                                                            <div class=\"tickets-slider__sliderItem swiper-slide\"\n                                    data-id=\"199116\"\n                                    data-name=\"Koncert przy \u015bwiecach: Muzyka z serialu Stranger Things\"\n                                    data-brand=\"Candle Live Music\"\n                                    data-category=\"klasyka\"\n                                    data-subcategory=\"muzyka-filmowa\"\n                                    data-city=\"Bielsko-Bia\u0142a, Bydgoszcz, Gdynia i inne\"\n                                    data-venue=\"Oratorium Marianum \">\n                                    <div class=\"tickets-slider__sliderCard\">\n                                        \n<div class=\"card-ticket\">\n        <div class=\"card-ticket__image\">\n        <a href=\"https:\/\/www.ebilet.pl\/klasyka\/muzyka-filmowa\/muzyka-z-serialu-stranger-things\">\n            <img decoding=\"async\" src=\"https:\/\/www.ebilet.pl\/media\/cms\/media\/jo0fu2y0\/clm-ebilet-strangerthings-kwartet-552x736-0b2c3529-5149-4f37-bbfd-5dc683fbdc3e.webp\" alt=\"Plakat wydarzenia\" \/>\n        <\/a>\n    <\/div>\n             \n    <div class=\"card-ticket__link\">\n        <a href=\"https:\/\/www.ebilet.pl\/klasyka\/muzyka-filmowa\/muzyka-z-serialu-stranger-things\" class=\"button button--theme-primary-yellow button--withIconLeft button--size-small\">\n            <span class=\"button__icon icon icon-ticket\"><\/span>\n            <p class=\"button__text typo-16 f-600\">Kup bilet<\/p>\n        <\/a>\n    <\/div>\n    <\/div>                                    <\/div>\n                                <\/div>\n                                                            <div class=\"tickets-slider__sliderItem swiper-slide\"\n                                    data-id=\"173639\"\n                                    data-name=\"Koncert fortepianowy przy \u015bwiecach: Muzyka Filmowa \u2013 Hans Zimmer i inni\"\n                                    data-brand=\"Candle Live Music\"\n                                    data-category=\"klasyka\"\n                                    data-subcategory=\"muzyka-filmowa\"\n                                    data-city=\"Krak\u00f3w, Pozna\u0144, Szczecin i inne\"\n                                    data-venue=\"Miejski Dom Kultury w \u015awinouj\u015bciu\">\n                                    <div class=\"tickets-slider__sliderCard\">\n                                        \n<div class=\"card-ticket\">\n        <div class=\"card-ticket__image\">\n        <a href=\"https:\/\/www.ebilet.pl\/klasyka\/muzyka-filmowa\/hans-zimmer-i-inni\">\n            <img decoding=\"async\" src=\"https:\/\/www.ebilet.pl\/media\/cms\/media\/nrol3c41\/koncert-fortepianowy-hans-zimmer-1-3ad215bc-2b1c-4a04-bdfe-d5454b311765.webp\" alt=\"Plakat wydarzenia\" \/>\n        <\/a>\n    <\/div>\n             \n    <div class=\"card-ticket__link\">\n        <a href=\"https:\/\/www.ebilet.pl\/klasyka\/muzyka-filmowa\/hans-zimmer-i-inni\" class=\"button button--theme-primary-yellow button--withIconLeft button--size-small\">\n            <span class=\"button__icon icon icon-ticket\"><\/span>\n            <p class=\"button__text typo-16 f-600\">Kup bilet<\/p>\n        <\/a>\n    <\/div>\n    <\/div>                                    <\/div>\n                                <\/div>\n                                                    <\/div>\n                    <\/div>\n                <\/div>\n            <\/div>\n        <\/div>\n    <\/div>\n<\/section>\n\n\n<section class=\"text-block  section-margin-32\" >\n    <div class=\"container\">\n        <div class=\"row\">\n            <div class=\"col-24\">\n                <div class=\"text-block__content\"><p><strong>Lepszego komplementu aktor chyba nie mo\u017ce us\u0142ysze\u0107.<\/strong><\/p>\n<p>To by\u0142o przemi\u0142e. Ale potwierdza te\u017c to, \u017ce je\u015bli jestem w pe\u0142ni oddany roli, podejmuj\u0119 wyzwanie opowiedzenia historii i robi\u0119 to szczerze, to to porusza widza. A koniec ko\u0144c\u00f3w wszystko, co robimy, robimy nie tylko dla siebie, ale te\u017c i dla widz\u00f3w. Naprawd\u0119 \u015bwietnie czyta si\u0119 p\u00f3\u017aniej takie wiadomo\u015bci. Ciesz\u0105 mnie te\u017c wiadomo\u015bci od widz\u00f3w z Wielkiej Brytanii, kt\u00f3rzy mieli okazj\u0119 obejrze\u0107 serial &#8220;Out there&#8221;. Jedna widzka napisa\u0142a mi na przyk\u0142ad, \u017ce ogl\u0105da wszystkie sze\u015b\u0107 odcink\u00f3w w t\u0119 i z powrotem, bo mia\u0142em ma\u0142\u0105 rol\u0119, a szkoda, bo chcia\u0142aby widzie\u0107 mnie na ekranie wi\u0119cej po obejrzeniu &#8220;The Agency&#8221;. To bardzo mi\u0142e.<\/p>\n<p><strong>Ale to nie jedyne pochwa\u0142y, kt\u00f3re zebra\u0142e\u015b. W socialach pisa\u0142e\u015b, \u017ce wiele us\u0142ysza\u0142e\u015b od Michaela Fassbendera.<\/strong><\/p>\n<p>Mam \u015bwietne wspomnienia ze spotkania z Michaelem. Dosta\u0142em od niego mn\u00f3stwo ciep\u0142a i uznania. Ceni\u0142 moje zaanga\u017cowanie. Rozmawiali\u015bmy mi\u0119dzy uj\u0119ciami i przybijali\u015bmy sobie pi\u0105tk\u0119. Bardzo fajnie si\u0119 z nim gra\u0142o, czu\u0142em, \u017ce mam \u015bwietnego partnera, z kt\u00f3rym mo\u017cna si\u0119 bawi\u0107 i w scenie rywalizowa\u0107 o to, kto wygra. Naprawd\u0119 dobre do\u015bwiadczenie, ale tu nie chodzi tylko o Michaela.<\/p>\n<p>Du\u017co \u015bwietnego feedbacku tak naprawd\u0119 dostawa\u0142em na ka\u017cdym kroku, i od Richarda Gere&#8217;a, i re\u017cyser\u00f3w, producent\u00f3w, nawet od pan\u00f3w kierowc\u00f3w. Mnie r\u00f3wnie\u017c z nimi \u015bwietnie si\u0119 pracowa\u0142o. I ciesz\u0119 si\u0119, \u017ce mia\u0142em ogromn\u0105 przyjemno\u015b\u0107 pracowa\u0107 ze wspania\u0142ymi, cenionymi tw\u00f3rcami filmowymi. Z Dixie Chassay, kt\u00f3ra by\u0142a odpowiedzialna za casting, a pracowa\u0142a wcze\u015bniej przy fantastycznych &#8220;Biednych Istotach&#8221; czy &#8220;Faworycie&#8221;. Z Joem Wrightem, re\u017cyserem m.in. &#8220;Dumy i uprzedzenia&#8221; i &#8220;Pokuty&#8221;. Cudownie by\u0142o obserwowa\u0107 go przy pracy i widzie\u0107, \u017ce cieszy si\u0119 z niej jak dziecko.<\/p>\n<\/div>\n            <\/div>\n        <\/div>\n    <\/div>\n<\/section>\n\n\n<section class=\"image-block  section-margin-32\" >\n        <div class=\"container\">\n        <div class=\"row\">\n            <div class=\"col-24\">\n                                <div class=\"image-block__container\">\n                    <div class=\"image-block__wrapper\"><img loading=\"lazy\" decoding=\"async\" width=\"1920\" height=\"1080\" src=\"https:\/\/www.ebilet.pl\/now\/app\/uploads\/2025\/02\/Marcin-Zarzeczny_The-Agency_7.jpg\" class=\"attachment-full size-full\" alt=\"\" srcset=\"https:\/\/www.ebilet.pl\/now\/app\/uploads\/2025\/02\/Marcin-Zarzeczny_The-Agency_7.jpg 1920w, https:\/\/www.ebilet.pl\/now\/app\/uploads\/2025\/02\/Marcin-Zarzeczny_The-Agency_7-1024x576.jpg 1024w, https:\/\/www.ebilet.pl\/now\/app\/uploads\/2025\/02\/Marcin-Zarzeczny_The-Agency_7-1536x864.jpg 1536w, https:\/\/www.ebilet.pl\/now\/app\/uploads\/2025\/02\/Marcin-Zarzeczny_The-Agency_7-1280x720.jpg 1280w, https:\/\/www.ebilet.pl\/now\/app\/uploads\/2025\/02\/Marcin-Zarzeczny_The-Agency_7-500x281.jpg 500w, https:\/\/www.ebilet.pl\/now\/app\/uploads\/2025\/02\/Marcin-Zarzeczny_The-Agency_7-632x356.jpg 632w, https:\/\/www.ebilet.pl\/now\/app\/uploads\/2025\/02\/Marcin-Zarzeczny_The-Agency_7-308x174.jpg 308w\" sizes=\"(max-width: 1920px) 100vw, 1920px\" \/><\/div>\n                                            <div class=\"image-block__caption typo-12\">Marcin Zarzeczny w serialu &#8220;The Agency&#8221;\/Materia\u0142y prasowe<\/div>\n                                    <\/div>\n                            <\/div>\n        <\/div>\n    <\/div>\n<\/section>\n\n\n<section class=\"text-block  section-margin-32\" >\n    <div class=\"container\">\n        <div class=\"row\">\n            <div class=\"col-24\">\n                <div class=\"text-block__content\"><p><strong>Takie momenty przypominaj\u0105, \u017ce mimo \u017ce spotykasz si\u0119 z lud\u017ami, kt\u00f3rych podziwiasz, to zwyczajnie grasz do tej samej bramki. \u017be w tym momencie nie jest wa\u017cne, kto jest bardziej rozpoznawalny, a \u017ce dzia\u0142acie na tym samym poziomie. Chyba nie ma lepszej lekcji partnerstwa.<\/strong><\/p>\n<p>Dok\u0142adnie. Znalaz\u0142em si\u0119 we wspania\u0142ym gronie, z kt\u00f3rym dodatkowo wsp\u00f3\u0142dziel\u0119 warto\u015bci. Nie mog\u0142em wystartowa\u0107 z poczuciem &#8220;gorszego&#8221;. Albo pr\u00f3buj\u0105c udowadnia\u0107, \u017ce zas\u0142uguj\u0119 na to, \u017ceby znale\u017a\u0107 si\u0119 w tym gronie. Sko\u0144czy\u0142oby si\u0119 to fatalnie. Jad\u0105c tam bardzo dobrze wiedzia\u0142em, \u017ce cokolwiek by si\u0119 dzia\u0142o, musz\u0119 si\u0119 trzyma\u0107 swojej wizji, opartej na r\u00f3wno\u015bci, na partnerstwie, na zaanga\u017cowaniu. No i mi\u0142o\u015bci do opowiadania historii. Dzi\u0119ki temu mia\u0142em dost\u0119p i do emocji, i do swojego potencja\u0142u. A na planie \u2013 naprawd\u0119, czu\u0142em si\u0119 na swoim miejscu. Ale wcze\u015bniej, uwierz, zdarza\u0142o si\u0119, \u017ce dyrektorzy teatr\u00f3w m\u00f3wili mi wprost, \u017ce nie chc\u0105 si\u0119 ze mn\u0105 spotyka\u0107, bo sko\u0144czy\u0142em Studium Aktorskie w Olsztynie. \u017be po takiej szkole nie mam prawa by\u0107 na scenie.<\/p>\n<\/div>\n            <\/div>\n        <\/div>\n    <\/div>\n<\/section>\n\n\n<section class=\"text-block  section-margin-32\" >\n    <div class=\"container\">\n        <div class=\"row\">\n            <div class=\"col-24\">\n                <div class=\"text-block__content\"><p><strong>Tym bardziej ten przeskok w podej\u015bciu buduje. A nie jest przypadkiem tak, \u017ce poza oczywistym, chocia\u017cby znacznie wi\u0119kszym bud\u017cetem, r\u00f3\u017cnic\u0105 mi\u0119dzy prac\u0105 w polskich i zagranicznych produkcjach jest w\u0142a\u015bnie to podej\u015bcie, nastawienie na kolektywn\u0105 prac\u0119?<\/strong><\/p>\n<p>Mam po tych moich wszystkich do\u015bwiadczeniach poczucie, \u017ce je\u015bli do\u015bwiadczenie okazuje si\u0119 kiepskie, to dlatego, \u017ce ryba psuje si\u0119 od g\u0142owy. Ale mam to szcz\u0119\u015bcie, \u017ce mi\u0119dzynarodowe produkcje, w kt\u00f3rych pracowa\u0142em, w Wielkiej Brytanii i Estonii, t\u0119 g\u0142ow\u0119 mia\u0142y zdrow\u0105. W &#8220;The Agency&#8221; pracowa\u0142o si\u0119 w wysokich jako\u015bciach. Na w\u0142asnej sk\u00f3rze przekona\u0142em si\u0119, co znacz\u0105 &#8220;ameryka\u0144skie standardy&#8221;. Grasz dwuj\u0119zyczn\u0105 rol\u0119, po angielsku i po rosyjsku \u2013 masz \u015bwietnego coacha j\u0119zykowego. Wchodzisz na plan i za ka\u017cdym razem witaj\u0105 ci\u0119 po imieniu, bo s\u0105 \u015bwietnie przygotowani i wiedz\u0105, kim jeste\u015b.<\/p>\n<p>Dla mnie to wspania\u0142a jako\u015b\u0107 wsp\u00f3\u0142pracy. Troska o ka\u017cdego, nawet odgrywaj\u0105cego najmniejsz\u0105 rol\u0119. Dba\u0142o\u015b\u0107 o to, \u017ceby po prostu by\u0142o dobrze, bo wszystkim zale\u017cy, \u017ceby prac\u0119 wykona\u0107 dobrze w mi\u0142ej atmosferze. Mia\u0142em \u015bwietny komfort pracy, pod ka\u017cdym wzgl\u0119dem. O nic nie musia\u0142em si\u0119 doprasza\u0107, czu\u0142em si\u0119 naprawd\u0119 zaopiekowany. Do tego stopnia, \u017ce na przyk\u0142ad &#8211; nikt nie mia\u0142 problemu z tym, by wyd\u0142u\u017cy\u0107 mi &#8220;plan pracy&#8221; tylko po to, \u017cebym m\u00f3g\u0142 p\u00f3j\u015b\u0107 na imprez\u0119 z okazji po\u017cegnania lata, kt\u00f3r\u0105 dla wszystkich zorganizowa\u0142 Michael. Naprawd\u0119, ca\u0142o\u015b\u0107 by\u0142a czyst\u0105 przyjemno\u015bci\u0105.<\/p>\n<\/div>\n            <\/div>\n        <\/div>\n    <\/div>\n<\/section>\n\n\n<figure class=\"wp-block-embed is-type-video is-provider-youtube wp-block-embed-youtube wp-embed-aspect-16-9 wp-has-aspect-ratio\"><div class=\"wp-block-embed__wrapper\">\n<iframe loading=\"lazy\" title=\"Agencja | Oficjalny trailer | SkyShowtime Polska\" width=\"500\" height=\"281\" src=\"https:\/\/www.youtube.com\/embed\/xms2ydDghwo?feature=oembed\" frameborder=\"0\" allow=\"accelerometer; autoplay; clipboard-write; encrypted-media; gyroscope; picture-in-picture; web-share\" referrerpolicy=\"strict-origin-when-cross-origin\" allowfullscreen><\/iframe>\n<\/div><\/figure>\n\n\n<section class=\"gap-block  section-margin-32 section-margin-32\"><\/section>\n\n\n<section class=\"text-block  section-margin-32\" >\n    <div class=\"container\">\n        <div class=\"row\">\n            <div class=\"col-24\">\n                <div class=\"text-block__content\"><p><strong>Jakiego kierunku by\u015b sobie \u017cyczy\u0142? Domy\u015blam si\u0119, \u017ce na mapie s\u0105 nie tylko kolejne mi\u0119dzynarodowe produkcje. Co dalej?<\/strong><\/p>\n<p>\u017bycz\u0119 sobie pi\u0119knych r\u00f3l. Mo\u017ce ju\u017c nie tak bardzo zwi\u0105zanych z odzyskiwaniem mocy jak w przypadku Alekseia Orekhova czy wielu innych postaci jakie tworzy\u0142em, ale takich, kt\u00f3re w najciemniejszych historiach umiej\u0105 dostrzec nadziej\u0119 w sytuacjach, gdzie mog\u0142oby si\u0119 wydawa\u0107, \u017ce ju\u017c na ni\u0105 nie ma miejsca. Chc\u0119 tworzy\u0107 rol\u0119 o nadziei i mi\u0142o\u015bci. Obecnie nie mam \u017cadnej nowej pracy, jestem na etapie casting\u00f3w i poszukiwa\u0144 agenta w Polsce.<\/p>\n<p><strong>Czyli teraz, oczywi\u015bcie maj\u0105c na uwadze zdobyt\u0105 wiedz\u0119 i do\u015bwiadczenie, mogliby\u015bmy stwierdzi\u0107, \u017ce tym bardziej dajesz si\u0119 ponie\u015b\u0107 zawodowej przygodzie?<\/strong><\/p>\n<p>My\u015bl\u0119, \u017ce wykocha\u0142em sobie to, co teraz do mnie przychodzi. Bardzo chcia\u0142em takich wyzwa\u0144. Wcze\u015bniej zdarza\u0142y mi si\u0119 projekty, z kt\u00f3rych nie by\u0142em zadowolony, a raczej &#8211; nie by\u0142em zadowolony ze swojej pracy. Ale to by\u0142a dla mnie lekcja. Dobitnie si\u0119 przekona\u0142em, \u017ce wyborom musz\u0119 si\u0119 uwa\u017cniej przygl\u0105da\u0107, zawsze kierowa\u0107 si\u0119 g\u0142osem serca, nawet kosztem tego, \u017ce przez jaki\u015b czas tej pracy znowu mie\u0107 nie b\u0119d\u0119. Podejmuj\u0105c kolejne decyzje musz\u0119 by\u0107 \u015bwiadom tego, z jakiego miejsca je podejmuj\u0119 i co si\u0119 z tym wi\u0105\u017ce. Ale oczywi\u015bcie, z otwartymi ramionami pracuj\u0119 na nowe wyzwania i jestem ciekaw, z kim w najbli\u017cszym czasie przybij\u0119 pi\u0105tk\u0119 na planie.<\/p>\n<\/div>\n            <\/div>\n        <\/div>\n    <\/div>\n<\/section>\n\n\n<section class=\"text-block  section-margin-32\" >\n    <div class=\"container\">\n        <div class=\"row\">\n            <div class=\"col-24\">\n                <div class=\"text-block__content\"><p><em>&#8220;The Agency&#8221; (polski tytu\u0142: &#8220;Agencja&#8221;) to polityczny thriller, remake s\u0142ynnej francuskiej produkcji, znanej w Polsce jako &#8220;Biuro Szpieg\u00f3w&#8221;. Serial jest dost\u0119pny w Polsce na platformie SkyShowtime. Premiera 10 lutego.\u00a0<\/em><\/p>\n<\/div>\n            <\/div>\n        <\/div>\n    <\/div>\n<\/section>\n\n\n<section class=\"events-slider-block  section-margin-32\" data-events-slider-block data-carousel-title=\"Gor\u0105ce wydarzenia\" data-carousel-type=\"karuzela_z_t\u0142em\" data-item-list-name=\"Karuzela z t\u0142em Gor\u0105ce wydarzenia\" data-item-list-id=\"karuzela_z_t\u0142em Gor\u0105ce wydarzenia\" >\n    <div class=\"container\">\n        <div class=\"row\">\n            <div class=\"col-24\">\n                <div class=\"events-slider-block__wrapper\">\n                                            <div class=\"events-slider-block__bg\"><img loading=\"lazy\" decoding=\"async\" width=\"1920\" height=\"1080\" src=\"https:\/\/www.ebilet.pl\/now\/app\/uploads\/2024\/07\/festiwale.jpg\" class=\"attachment-full size-full\" alt=\"\" srcset=\"https:\/\/www.ebilet.pl\/now\/app\/uploads\/2024\/07\/festiwale.jpg 1920w, https:\/\/www.ebilet.pl\/now\/app\/uploads\/2024\/07\/festiwale-1024x576.jpg 1024w, https:\/\/www.ebilet.pl\/now\/app\/uploads\/2024\/07\/festiwale-1536x864.jpg 1536w, https:\/\/www.ebilet.pl\/now\/app\/uploads\/2024\/07\/festiwale-1280x720.jpg 1280w, https:\/\/www.ebilet.pl\/now\/app\/uploads\/2024\/07\/festiwale-500x281.jpg 500w, https:\/\/www.ebilet.pl\/now\/app\/uploads\/2024\/07\/festiwale-632x356.jpg 632w, https:\/\/www.ebilet.pl\/now\/app\/uploads\/2024\/07\/festiwale-308x174.jpg 308w\" sizes=\"(max-width: 1920px) 100vw, 1920px\" \/><\/div>\n                                                                <div class=\"events-slider-block__top\">\n                                                            <div class=\"events-slider-block__title desktop\">\n                                    <h2 class=\"typo-h2\">Gor\u0105ce wydarzenia<\/h2>\n                                <\/div>\n                                                                                        <div class=\"events-slider-block__title mobile\">\n                                    <h2 class=\"typo-h2\">Gor\u0105ce wydarzenia<\/h2>\n                                <\/div>\n                                                    <\/div>\n                                                                <div class=\"events-slider-block__main\">\n                            <div class=\"events-slider-block__nav events-slider-block__nav--prev\">\n                                <div class=\"button button--withIcon button--theme-white-blur button--size-fixed-48\" data-events-prev>\n                                    <span class=\"button__icon icon icon-chevron-left\"><\/span>\n                                <\/div>\n                            <\/div>\n                            <div class=\"events-slider-block__nav events-slider-block__nav--next\">\n                                <div class=\"button button--withIcon button--theme-white-blur button--size-fixed-48\" data-events-next>\n                                    <span class=\"button__icon icon icon-chevron-right\"><\/span>\n                                <\/div>\n                            <\/div>\n                            <div class=\"events-slider-block__slider\">\n                                <div class=\"swiper\" data-events-slider>\n                                    <div class=\"events-slider-block__sliderWrapper swiper-wrapper\">\n\n                                        \n                                            <div class=\"events-slider-block__sliderItem swiper-slide event-card\"\n                                                data-id=\"37617\"\n                                                data-name=\"Editors\"\n                                                data-brand=\"Alter Art\"\n                                                data-category=\"muzyka\"\n                                                data-subcategory=\"rock\"\n                                                data-city=\"Warszawa\"\n                                                data-venue=\"Klub Stodo\u0142a\">\n                                                \n<div class=\"card-event  card-event--size-small\">\n        <a href=\"https:\/\/www.ebilet.pl\/muzyka\/rock\/editors\" target=\"_blank\" class=\"card-event__link\" rel=\"nofollow noopener\"><\/a>\n        <div class=\"card-event__wrapper\">\n        <div class=\"card-event__image\">\n            <img decoding=\"async\" src=\"https:\/\/www.ebilet.pl\/media\/cms\/media\/cbfdkmu2\/editors_2027_552x736_ebilet-7c254908-ec0a-4f27-8a1c-ff7961cef0cd.webp\" alt=\"\">\n        <\/div>\n        <div class=\"card-event__data\">\n            <div class=\"card-event__name\">\n                <p>Editors<\/p>\n            <\/div>\n            <div class=\"card-event__date\">10.02.2027-10.02.2027<\/div>\n            <div class=\"card-event__location\">Warszawa<\/div>\n        <\/div>\n    <\/div>\n<\/div>                                            <\/div>\n                                        \n                                            <div class=\"events-slider-block__sliderItem swiper-slide event-card\"\n                                                data-id=\"7104\"\n                                                data-name=\"Open&#039;er Festival 2026\"\n                                                data-brand=\"Alter Art\"\n                                                data-category=\"muzyka\"\n                                                data-subcategory=\"festiwale\"\n                                                data-city=\"Gdynia\"\n                                                data-venue=\"Lotnisko Gdynia - Kosakowo\">\n                                                \n<div class=\"card-event  card-event--size-small\">\n        <a href=\"https:\/\/www.ebilet.pl\/muzyka\/festiwale\/opener-festival\" target=\"_blank\" class=\"card-event__link\" rel=\"nofollow noopener\"><\/a>\n        <div class=\"card-event__wrapper\">\n        <div class=\"card-event__image\">\n            <img decoding=\"async\" src=\"https:\/\/www.ebilet.pl\/media\/cms\/media\/qvef4ie4\/opener2026_552x736-e8fd0918-0d0e-47d3-bbe0-f4f0302085e4.webp\" alt=\"\">\n        <\/div>\n        <div class=\"card-event__data\">\n            <div class=\"card-event__name\">\n                <p>Open&#8217;er Festival 2026<\/p>\n            <\/div>\n            <div class=\"card-event__date\">29.05.2026-29.05.2026<\/div>\n            <div class=\"card-event__location\">Gdynia<\/div>\n        <\/div>\n    <\/div>\n<\/div>                                            <\/div>\n                                        \n                                            <div class=\"events-slider-block__sliderItem swiper-slide event-card\"\n                                                data-id=\"13630\"\n                                                data-name=\"M\u0119skie Granie 2026\"\n                                                data-brand=\"LIVE Sp. z o.o.\"\n                                                data-category=\"muzyka\"\n                                                data-subcategory=\"festiwale\"\n                                                data-city=\"Gda\u0144sk, Krak\u00f3w, Pozna\u0144 i inne\"\n                                                data-venue=\"\u017bywiec Amfiteatr pod Grojcem\">\n                                                \n<div class=\"card-event  card-event--size-small\">\n        <a href=\"https:\/\/www.ebilet.pl\/muzyka\/festiwale\/meskie-granie\" target=\"_blank\" class=\"card-event__link\" rel=\"nofollow noopener\"><\/a>\n        <div class=\"card-event__wrapper\">\n        <div class=\"card-event__image\">\n            <img decoding=\"async\" src=\"https:\/\/www.ebilet.pl\/media\/cms\/media\/otqfs0tb\/552x736-11-18222119-c0b1-48d3-9da6-2d9f34d401ee.webp\" alt=\"\">\n        <\/div>\n        <div class=\"card-event__data\">\n            <div class=\"card-event__name\">\n                <p>M\u0119skie Granie 2026<\/p>\n            <\/div>\n            <div class=\"card-event__date\">26.06.2026-26.06.2026<\/div>\n            <div class=\"card-event__location\">Gda\u0144sk, Krak\u00f3w, Pozna\u0144 i inne<\/div>\n        <\/div>\n    <\/div>\n<\/div>                                            <\/div>\n                                        \n                                            <div class=\"events-slider-block__sliderItem swiper-slide event-card\"\n                                                data-id=\"146847\"\n                                                data-name=\"Gdzie na maj\u00f3wk\u0119 2026?\"\n                                                data-brand=\"eBilet\"\n                                                data-category=\"biznes\"\n                                                data-subcategory=\"pozostale\"\n                                                data-city=\"\"\n                                                data-venue=\"\">\n                                                \n<div class=\"card-event  card-event--size-small\">\n        <a href=\"https:\/\/www.ebilet.pl\/biznes\/pozostale\/majowka\" target=\"_blank\" class=\"card-event__link\" rel=\"nofollow noopener\"><\/a>\n        <div class=\"card-event__wrapper\">\n        <div class=\"card-event__image\">\n            <img decoding=\"async\" src=\"https:\/\/www.ebilet.pl\/media\/cms\/media\/0ykhdlea\/552x736.webp\" alt=\"\">\n        <\/div>\n        <div class=\"card-event__data\">\n            <div class=\"card-event__name\">\n                <p>Gdzie na maj\u00f3wk\u0119 2026?<\/p>\n            <\/div>\n            <div class=\"card-event__date\"><\/div>\n            <div class=\"card-event__location\"><\/div>\n        <\/div>\n    <\/div>\n<\/div>                                            <\/div>\n                                        \n                                            <div class=\"events-slider-block__sliderItem swiper-slide event-card\"\n                                                data-id=\"10086\"\n                                                data-name=\"Orange Warsaw Festival 2026\"\n                                                data-brand=\"Alter Art\"\n                                                data-category=\"muzyka\"\n                                                data-subcategory=\"festiwale\"\n                                                data-city=\"Warszawa\"\n                                                data-venue=\"Tor Wy\u015bcig\u00f3w Konnych Warszawa - S\u0142u\u017cewiec\">\n                                                \n<div class=\"card-event  card-event--size-small\">\n        <a href=\"https:\/\/www.ebilet.pl\/muzyka\/festiwale\/orange-warsaw-festival\" target=\"_blank\" class=\"card-event__link\" rel=\"nofollow noopener\"><\/a>\n        <div class=\"card-event__wrapper\">\n        <div class=\"card-event__image\">\n            <img decoding=\"async\" src=\"https:\/\/www.ebilet.pl\/media\/cms\/media\/bxnh21tr\/owf_2026_ebilet_552x736-94c1b52f-1e91-4861-ba57-03b21dcd6346.webp\" alt=\"\">\n        <\/div>\n        <div class=\"card-event__data\">\n            <div class=\"card-event__name\">\n                <p>Orange Warsaw Festival 2026<\/p>\n            <\/div>\n            <div class=\"card-event__date\">29.05.2026-29.05.2026<\/div>\n            <div class=\"card-event__location\">Warszawa<\/div>\n        <\/div>\n    <\/div>\n<\/div>                                            <\/div>\n                                        \n                                            <div class=\"events-slider-block__sliderItem swiper-slide event-card\"\n                                                data-id=\"205645\"\n                                                data-name=\"Bezpieczna odsprzeda\u017c w apce eBilet\"\n                                                data-brand=\"eBilet\"\n                                                data-category=\"biznes\"\n                                                data-subcategory=\"pozostale\"\n                                                data-city=\"\"\n                                                data-venue=\"\">\n                                                \n<div class=\"card-event  card-event--size-small\">\n        <a href=\"https:\/\/www.ebilet.pl\/biznes\/pozostale\/odsprzedaz\" target=\"_blank\" class=\"card-event__link\" rel=\"nofollow noopener\"><\/a>\n        <div class=\"card-event__wrapper\">\n        <div class=\"card-event__image\">\n            <img decoding=\"async\" src=\"https:\/\/www.ebilet.pl\/media\/cms\/media\/lkwf0krx\/552x736-1.webp\" alt=\"\">\n        <\/div>\n        <div class=\"card-event__data\">\n            <div class=\"card-event__name\">\n                <p>Bezpieczna odsprzeda\u017c w apce eBilet<\/p>\n            <\/div>\n            <div class=\"card-event__date\"><\/div>\n            <div class=\"card-event__location\"><\/div>\n        <\/div>\n    <\/div>\n<\/div>                                            <\/div>\n                                        \n                                            <div class=\"events-slider-block__sliderItem swiper-slide event-card\"\n                                                data-id=\"8112\"\n                                                data-name=\"21. Tauron Nowa Muzyka Katowice 2026\"\n                                                data-brand=\"Fundacja Nowa Muzyka Katowice\"\n                                                data-category=\"muzyka\"\n                                                data-subcategory=\"festiwale\"\n                                                data-city=\"Katowice\"\n                                                data-venue=\"Narodowa Orkiestra Symfoniczna Polskiego Radia - NOSPR\">\n                                                \n<div class=\"card-event  card-event--size-small\">\n        <a href=\"https:\/\/www.ebilet.pl\/muzyka\/festiwale\/tauron-nowa-muzyka\" target=\"_blank\" class=\"card-event__link\" rel=\"nofollow noopener\"><\/a>\n        <div class=\"card-event__wrapper\">\n        <div class=\"card-event__image\">\n            <img decoding=\"async\" src=\"https:\/\/www.ebilet.pl\/media\/cms\/media\/ksnpugtd\/secret-stage-12d20587-5578-4e4b-baa0-104b56bea764.webp\" alt=\"\">\n        <\/div>\n        <div class=\"card-event__data\">\n            <div class=\"card-event__name\">\n                <p>21. Tauron Nowa Muzyka Katowice 2026<\/p>\n            <\/div>\n            <div class=\"card-event__date\">04.06.2026-04.06.2026<\/div>\n            <div class=\"card-event__location\">Katowice<\/div>\n        <\/div>\n    <\/div>\n<\/div>                                            <\/div>\n                                        \n                                            <div class=\"events-slider-block__sliderItem swiper-slide event-card\"\n                                                data-id=\"121727\"\n                                                data-name=\"Rzeszowskie Juwenalia 2026\"\n                                                data-brand=\"BREND GROUP SP\u00d3\u0141KA Z OGRANICZON\u0104 ODPOWIEDZIALNO\u015aCI\u0104\"\n                                                data-category=\"muzyka\"\n                                                data-subcategory=\"festiwale\"\n                                                data-city=\"Rzesz\u00f3w\"\n                                                data-venue=\"\">\n                                                \n<div class=\"card-event  card-event--size-small\">\n        <a href=\"https:\/\/www.ebilet.pl\/muzyka\/festiwale\/rzeszowskie-juwenalia\" target=\"_blank\" class=\"card-event__link\" rel=\"nofollow noopener\"><\/a>\n        <div class=\"card-event__wrapper\">\n        <div class=\"card-event__image\">\n            <img decoding=\"async\" src=\"https:\/\/www.ebilet.pl\/media\/cms\/media\/mmxfjquy\/rzj_ebilet-ok_adka-pion-c1e9f827-0b41-4d73-81c6-5531b20e6005.webp\" alt=\"\">\n        <\/div>\n        <div class=\"card-event__data\">\n            <div class=\"card-event__name\">\n                <p>Rzeszowskie Juwenalia 2026<\/p>\n            <\/div>\n            <div class=\"card-event__date\"><\/div>\n            <div class=\"card-event__location\">Rzesz\u00f3w<\/div>\n        <\/div>\n    <\/div>\n<\/div>                                            <\/div>\n                                        \n                                            <div class=\"events-slider-block__sliderItem swiper-slide event-card\"\n                                                data-id=\"202003\"\n                                                data-name=\"WWOFF\"\n                                                data-brand=\"Muzk Festival Sp. z o.o.\"\n                                                data-category=\"muzyka\"\n                                                data-subcategory=\"hip-hop-rap\"\n                                                data-city=\"Warszawa\"\n                                                data-venue=\"Hala COS Torwar \">\n                                                \n<div class=\"card-event  card-event--size-small\">\n        <a href=\"https:\/\/www.ebilet.pl\/muzyka\/hip-hop-rap\/wwo\" target=\"_blank\" class=\"card-event__link\" rel=\"nofollow noopener\"><\/a>\n        <div class=\"card-event__wrapper\">\n        <div class=\"card-event__image\">\n            <img decoding=\"async\" src=\"https:\/\/www.ebilet.pl\/media\/cms\/media\/lranufrb\/portal-552x736a-f8052143-48fb-4e28-9564-7ff2fa400f8b.webp\" alt=\"\">\n        <\/div>\n        <div class=\"card-event__data\">\n            <div class=\"card-event__name\">\n                <p>WWOFF<\/p>\n            <\/div>\n            <div class=\"card-event__date\">26.11.2026-26.11.2026<\/div>\n            <div class=\"card-event__location\">Warszawa<\/div>\n        <\/div>\n    <\/div>\n<\/div>                                            <\/div>\n                                        \n                                            <div class=\"events-slider-block__sliderItem swiper-slide event-card\"\n                                                data-id=\"14808\"\n                                                data-name=\"VNL 2026 - Siatkarska Liga Narod\u00f3w M\u0119\u017cczyzn\"\n                                                data-brand=\"Polska Siatk\u00f3wka Sp. z o.o.\"\n                                                data-category=\"sport\"\n                                                data-subcategory=\"sporty-druzynowe\"\n                                                data-city=\"Gliwice\"\n                                                data-venue=\"PreZero Arena Gliwice\">\n                                                \n<div class=\"card-event  card-event--size-small\">\n        <a href=\"https:\/\/www.ebilet.pl\/sport\/sporty-druzynowe\/siatkowka\" target=\"_blank\" class=\"card-event__link\" rel=\"nofollow noopener\"><\/a>\n        <div class=\"card-event__wrapper\">\n        <div class=\"card-event__image\">\n            <img decoding=\"async\" src=\"https:\/\/www.ebilet.pl\/media\/cms\/media\/sm3bcgpb\/vnl_m_552x736-2-ff8b8c4b-8e2c-494a-980f-b32762865327.webp\" alt=\"\">\n        <\/div>\n        <div class=\"card-event__data\">\n            <div class=\"card-event__name\">\n                <p>VNL 2026 &#8211; Siatkarska Liga Narod\u00f3w M\u0119\u017cczyzn<\/p>\n            <\/div>\n            <div class=\"card-event__date\">24.06.2026-24.06.2026<\/div>\n            <div class=\"card-event__location\">Gliwice<\/div>\n        <\/div>\n    <\/div>\n<\/div>                                            <\/div>\n                                        \n                                            <div class=\"events-slider-block__sliderItem swiper-slide event-card\"\n                                                data-id=\"169470\"\n                                                data-name=\"Morrissey\"\n                                                data-brand=\"Winiary Bookings sp. z o. o.\"\n                                                data-category=\"muzyka\"\n                                                data-subcategory=\"rock\"\n                                                data-city=\"Warszawa\"\n                                                data-venue=\"Letnia Scena Progresji\">\n                                                \n<div class=\"card-event  card-event--size-small\">\n        <a href=\"https:\/\/www.ebilet.pl\/muzyka\/rock\/morrissey\" target=\"_blank\" class=\"card-event__link\" rel=\"nofollow noopener\"><\/a>\n        <div class=\"card-event__wrapper\">\n        <div class=\"card-event__image\">\n            <img decoding=\"async\" src=\"https:\/\/www.ebilet.pl\/media\/cms\/media\/v0fhczer\/morrissey-ebilet-strona-wydarzenia-pion-warszawa-2b0fb3a5-f2dd-4773-8334-2fab1e2a5a89.webp\" alt=\"\">\n        <\/div>\n        <div class=\"card-event__data\">\n            <div class=\"card-event__name\">\n                <p>Morrissey<\/p>\n            <\/div>\n            <div class=\"card-event__date\">09.07.2026-09.07.2026<\/div>\n            <div class=\"card-event__location\">Warszawa<\/div>\n        <\/div>\n    <\/div>\n<\/div>                                            <\/div>\n                                        \n                                            <div class=\"events-slider-block__sliderItem swiper-slide event-card\"\n                                                data-id=\"77334\"\n                                                data-name=\"OneRepublic\"\n                                                data-brand=\"Live Nation\"\n                                                data-category=\"muzyka\"\n                                                data-subcategory=\"pop\"\n                                                data-city=\"Krak\u00f3w\"\n                                                data-venue=\"TAURON Arena Krak\u00f3w\">\n                                                \n<div class=\"card-event  card-event--size-small\">\n        <a href=\"https:\/\/www.ebilet.pl\/muzyka\/pop\/onerepublic\" target=\"_blank\" class=\"card-event__link\" rel=\"nofollow noopener\"><\/a>\n        <div class=\"card-event__wrapper\">\n        <div class=\"card-event__image\">\n            <img decoding=\"async\" src=\"https:\/\/www.ebilet.pl\/media\/cms\/media\/lpojz0b2\/or_552x736-d7c2e53e-d6f0-453c-b540-3c006a0c9314.webp\" alt=\"\">\n        <\/div>\n        <div class=\"card-event__data\">\n            <div class=\"card-event__name\">\n                <p>OneRepublic<\/p>\n            <\/div>\n            <div class=\"card-event__date\">30.06.2026-30.06.2026<\/div>\n            <div class=\"card-event__location\">Krak\u00f3w<\/div>\n        <\/div>\n    <\/div>\n<\/div>                                            <\/div>\n                                        \n                                            <div class=\"events-slider-block__sliderItem swiper-slide event-card\"\n                                                data-id=\"63906\"\n                                                data-name=\"Mecze towarzyskie Reprezentacji Polski m\u0119\u017cczyzn w siatk\u00f3wce\"\n                                                data-brand=\"Polska Siatk\u00f3wka Sp. z o.o.\"\n                                                data-category=\"sport\"\n                                                data-subcategory=\"sporty-druzynowe\"\n                                                data-city=\"Katowice, Sosnowiec\"\n                                                data-venue=\"ArcelorMittal Park w Sosnowcu\">\n                                                \n<div class=\"card-event  card-event--size-small\">\n        <a href=\"https:\/\/www.ebilet.pl\/sport\/sporty-druzynowe\/mecz-siatkowki\" target=\"_blank\" class=\"card-event__link\" rel=\"nofollow noopener\"><\/a>\n        <div class=\"card-event__wrapper\">\n        <div class=\"card-event__image\">\n            <img decoding=\"async\" src=\"https:\/\/www.ebilet.pl\/media\/cms\/media\/paxoijep\/mecz-1-e7ebdff4-0eeb-4b41-87f8-b8cc79cca9e1.webp\" alt=\"\">\n        <\/div>\n        <div class=\"card-event__data\">\n            <div class=\"card-event__name\">\n                <p>Mecze towarzyskie Reprezentacji Polski m\u0119\u017cczyzn w siatk\u00f3wce<\/p>\n            <\/div>\n            <div class=\"card-event__date\">20.05.2026-20.05.2026<\/div>\n            <div class=\"card-event__location\">Katowice, Sosnowiec<\/div>\n        <\/div>\n    <\/div>\n<\/div>                                            <\/div>\n                                        \n                                            <div class=\"events-slider-block__sliderItem swiper-slide event-card\"\n                                                data-id=\"8527\"\n                                                data-name=\"OFF Festival Katowice 2026\"\n                                                data-brand=\"Fundacja Independent\"\n                                                data-category=\"muzyka\"\n                                                data-subcategory=\"festiwale\"\n                                                data-city=\"Katowice\"\n                                                data-venue=\"Katowicki Park Le\u015bny - Dolina Trzech Staw\u00f3w\">\n                                                \n<div class=\"card-event  card-event--size-small\">\n        <a href=\"https:\/\/www.ebilet.pl\/muzyka\/festiwale\/off-festival\" target=\"_blank\" class=\"card-event__link\" rel=\"nofollow noopener\"><\/a>\n        <div class=\"card-event__wrapper\">\n        <div class=\"card-event__image\">\n            <img decoding=\"async\" src=\"https:\/\/www.ebilet.pl\/media\/cms\/media\/fe2gemsg\/ebilet-okladka-pion-552x736-e42b2686-71fa-4408-b72e-911ed7d4ce12.webp\" alt=\"\">\n        <\/div>\n        <div class=\"card-event__data\">\n            <div class=\"card-event__name\">\n                <p>OFF Festival Katowice 2026<\/p>\n            <\/div>\n            <div class=\"card-event__date\">07.08.2026-07.08.2026<\/div>\n            <div class=\"card-event__location\">Katowice<\/div>\n        <\/div>\n    <\/div>\n<\/div>                                            <\/div>\n                                        \n                                            <div class=\"events-slider-block__sliderItem swiper-slide event-card\"\n                                                data-id=\"6089\"\n                                                data-name=\"Dawid Podsiad\u0142o OBROTOWY TOUR 2026\"\n                                                data-brand=\"MUZK Sp. z o.o.\"\n                                                data-category=\"muzyka\"\n                                                data-subcategory=\"pop\"\n                                                data-city=\"Chorz\u00f3w, Gda\u0144sk, Pozna\u0144 i inne\"\n                                                data-venue=\"Superauto.pl Stadion \u015al\u0105ski\">\n                                                \n<div class=\"card-event  card-event--size-small\">\n        <a href=\"https:\/\/www.ebilet.pl\/muzyka\/pop\/dawid-podsiadlo\" target=\"_blank\" class=\"card-event__link\" rel=\"nofollow noopener\"><\/a>\n        <div class=\"card-event__wrapper\">\n        <div class=\"card-event__image\">\n            <img decoding=\"async\" src=\"https:\/\/www.ebilet.pl\/media\/cms\/media\/ed0nj55n\/portal-552x736-belka-3af99133-8930-431d-8060-eb4825ec5b91.webp\" alt=\"\">\n        <\/div>\n        <div class=\"card-event__data\">\n            <div class=\"card-event__name\">\n                <p>Dawid Podsiad\u0142o OBROTOWY TOUR 2026<\/p>\n            <\/div>\n            <div class=\"card-event__date\">06.06.2026-06.06.2026<\/div>\n            <div class=\"card-event__location\">Chorz\u00f3w, Gda\u0144sk, Pozna\u0144 i inne<\/div>\n        <\/div>\n    <\/div>\n<\/div>                                            <\/div>\n                                        \n                                            <div class=\"events-slider-block__sliderItem swiper-slide event-card\"\n                                                data-id=\"204964\"\n                                                data-name=\"EPIC ROCK: Symphonic Concert\"\n                                                data-brand=\"VISUAL PRODUCTION Sp. z o.o. \"\n                                                data-category=\"muzyka\"\n                                                data-subcategory=\"rock\"\n                                                data-city=\"Gdynia, Pozna\u0144, Warszawa i inne\"\n                                                data-venue=\"MTP - Mi\u0119dzynarodowe Targi Pozna\u0144skie\">\n                                                \n<div class=\"card-event  card-event--size-small\">\n        <a href=\"https:\/\/www.ebilet.pl\/muzyka\/rock\/epic-rock-symphonic-concert\" target=\"_blank\" class=\"card-event__link\" rel=\"nofollow noopener\"><\/a>\n        <div class=\"card-event__wrapper\">\n        <div class=\"card-event__image\">\n            <img decoding=\"async\" src=\"https:\/\/www.ebilet.pl\/media\/cms\/media\/gqgdpaua\/552x736-epic-rock_data-d7743615-48da-4014-8a56-ff6b809a1c25.webp\" alt=\"\">\n        <\/div>\n        <div class=\"card-event__data\">\n            <div class=\"card-event__name\">\n                <p>EPIC ROCK: Symphonic Concert<\/p>\n            <\/div>\n            <div class=\"card-event__date\">25.10.2026-25.10.2026<\/div>\n            <div class=\"card-event__location\">Gdynia, Pozna\u0144, Warszawa i inne<\/div>\n        <\/div>\n    <\/div>\n<\/div>                                            <\/div>\n                                        \n                                            <div class=\"events-slider-block__sliderItem swiper-slide event-card\"\n                                                data-id=\"195709\"\n                                                data-name=\"Taco Hemingway 2026 \u2020\u2020\u2020our\"\n                                                data-brand=\"Revolume Sp. z o.o.\"\n                                                data-category=\"muzyka\"\n                                                data-subcategory=\"hip-hop-rap\"\n                                                data-city=\"Gda\u0144sk\/Sopot, Krak\u00f3w, Warszawa i inne\"\n                                                data-venue=\"Hala Stulecia\">\n                                                \n<div class=\"card-event  card-event--size-small\">\n        <a href=\"https:\/\/www.ebilet.pl\/muzyka\/hip-hop-rap\/taco-hemingway\" target=\"_blank\" class=\"card-event__link\" rel=\"nofollow noopener\"><\/a>\n        <div class=\"card-event__wrapper\">\n        <div class=\"card-event__image\">\n            <img decoding=\"async\" src=\"https:\/\/www.ebilet.pl\/media\/cms\/media\/goegdsz5\/552x736-ogolna.webp\" alt=\"\">\n        <\/div>\n        <div class=\"card-event__data\">\n            <div class=\"card-event__name\">\n                <p>Taco Hemingway 2026 \u2020\u2020\u2020our<\/p>\n            <\/div>\n            <div class=\"card-event__date\">08.05.2026-08.05.2026<\/div>\n            <div class=\"card-event__location\">Gda\u0144sk\/Sopot, Krak\u00f3w, Warszawa i inne<\/div>\n        <\/div>\n    <\/div>\n<\/div>                                            <\/div>\n                                        \n                                            <div class=\"events-slider-block__sliderItem swiper-slide event-card\"\n                                                data-id=\"129853\"\n                                                data-name=\"Beksi\u0144ski.Live\"\n                                                data-brand=\"L2L Sp z o.o.\"\n                                                data-category=\"widowiska\"\n                                                data-subcategory=\"inne\"\n                                                data-city=\"Warszawa, Wroc\u0142aw\"\n                                                data-venue=\"Hala COS Torwar \">\n                                                \n<div class=\"card-event  card-event--size-small\">\n        <a href=\"https:\/\/www.ebilet.pl\/widowiska\/inne\/beksinski-live\" target=\"_blank\" class=\"card-event__link\" rel=\"nofollow noopener\"><\/a>\n        <div class=\"card-event__wrapper\">\n        <div class=\"card-event__image\">\n            <img decoding=\"async\" src=\"https:\/\/www.ebilet.pl\/media\/cms\/media\/rcpokc02\/552x736-2026-04-27t161822058.webp\" alt=\"\">\n        <\/div>\n        <div class=\"card-event__data\">\n            <div class=\"card-event__name\">\n                <p>Beksi\u0144ski.Live<\/p>\n            <\/div>\n            <div class=\"card-event__date\">20.09.2026-20.09.2026<\/div>\n            <div class=\"card-event__location\">Warszawa, Wroc\u0142aw<\/div>\n        <\/div>\n    <\/div>\n<\/div>                                            <\/div>\n                                        \n                                            <div class=\"events-slider-block__sliderItem swiper-slide event-card\"\n                                                data-id=\"29716\"\n                                                data-name=\"ATB | FINAL CHAPTER | POLAND TOUR\"\n                                                data-brand=\"HOT STAFF\"\n                                                data-category=\"muzyka\"\n                                                data-subcategory=\"elektro-techno\"\n                                                data-city=\"Bia\u0142ystok, Bydgoszcz, Gdynia i inne\"\n                                                data-venue=\"Wakepark Bydgoszcz\/My\u015bl\u0119cinek\">\n                                                \n<div class=\"card-event  card-event--size-small\">\n        <a href=\"https:\/\/www.ebilet.pl\/muzyka\/elektro-techno\/atb\" target=\"_blank\" class=\"card-event__link\" rel=\"nofollow noopener\"><\/a>\n        <div class=\"card-event__wrapper\">\n        <div class=\"card-event__image\">\n            <img decoding=\"async\" src=\"https:\/\/www.ebilet.pl\/media\/cms\/media\/lfio3ow5\/ebilet-pion-2.webp\" alt=\"\">\n        <\/div>\n        <div class=\"card-event__data\">\n            <div class=\"card-event__name\">\n                <p>ATB | FINAL CHAPTER | POLAND TOUR<\/p>\n            <\/div>\n            <div class=\"card-event__date\">28.08.2026-28.08.2026<\/div>\n            <div class=\"card-event__location\">Bia\u0142ystok, Bydgoszcz, Gdynia i inne<\/div>\n        <\/div>\n    <\/div>\n<\/div>                                            <\/div>\n                                        \n                                            <div class=\"events-slider-block__sliderItem swiper-slide event-card\"\n                                                data-id=\"203093\"\n                                                data-name=\"B-DAY Festival by bambi\"\n                                                data-brand=\"BDF Sp. z.o.o.\"\n                                                data-category=\"muzyka\"\n                                                data-subcategory=\"hip-hop-rap\"\n                                                data-city=\"Warszawa\"\n                                                data-venue=\"Hala COS Torwar \">\n                                                \n<div class=\"card-event  card-event--size-small\">\n        <a href=\"https:\/\/www.ebilet.pl\/muzyka\/hip-hop-rap\/bambi\" target=\"_blank\" class=\"card-event__link\" rel=\"nofollow noopener\"><\/a>\n        <div class=\"card-event__wrapper\">\n        <div class=\"card-event__image\">\n            <img decoding=\"async\" src=\"https:\/\/www.ebilet.pl\/media\/cms\/media\/gifbpcig\/552x736-1-320cc3b0-5e5a-4852-a922-efc848865831.webp\" alt=\"\">\n        <\/div>\n        <div class=\"card-event__data\">\n            <div class=\"card-event__name\">\n                <p>B-DAY Festival by bambi<\/p>\n            <\/div>\n            <div class=\"card-event__date\">25.10.2026-25.10.2026<\/div>\n            <div class=\"card-event__location\">Warszawa<\/div>\n        <\/div>\n    <\/div>\n<\/div>                                            <\/div>\n                                                                            <\/div>\n                                <\/div>\n                            <\/div>\n                            <div class=\"events-slider-block__events swiper\" data-events-events-descriptions>\n                                <div class=\"events-slider-block__eventsWrapper swiper-wrapper\">\n                                                                            <div class=\"events-slider-block__eventsItem swiper-slide\">\n                                            <a href=\"https:\/\/www.ebilet.pl\/muzyka\/rock\/editors\" target=\"_blank\" class=\"events-slider-block__eventsName\">\n                                                <p>Editors<\/p>\n                                            <\/a>\n                                            <div class=\"events-slider-block__eventsDate\">10.02.2027-10.02.2027<\/div>\n                                            <div class=\"events-slider-block__eventsLocation\"><\/div>\n                                        <\/div>\n                                                                            <div class=\"events-slider-block__eventsItem swiper-slide\">\n                                            <a href=\"https:\/\/www.ebilet.pl\/muzyka\/festiwale\/opener-festival\" target=\"_blank\" class=\"events-slider-block__eventsName\">\n                                                <p>Open&#8217;er Festival 2026<\/p>\n                                            <\/a>\n                                            <div class=\"events-slider-block__eventsDate\">29.05.2026-04.07.2026<\/div>\n                                            <div class=\"events-slider-block__eventsLocation\"><\/div>\n                                        <\/div>\n                                                                            <div class=\"events-slider-block__eventsItem swiper-slide\">\n                                            <a href=\"https:\/\/www.ebilet.pl\/muzyka\/festiwale\/meskie-granie\" target=\"_blank\" class=\"events-slider-block__eventsName\">\n                                                <p>M\u0119skie Granie 2026<\/p>\n                                            <\/a>\n                                            <div class=\"events-slider-block__eventsDate\">26.06.2026-22.08.2026<\/div>\n                                            <div class=\"events-slider-block__eventsLocation\"><\/div>\n                                        <\/div>\n                                                                            <div class=\"events-slider-block__eventsItem swiper-slide\">\n                                            <a href=\"https:\/\/www.ebilet.pl\/biznes\/pozostale\/majowka\" target=\"_blank\" class=\"events-slider-block__eventsName\">\n                                                <p>Gdzie na maj\u00f3wk\u0119 2026?<\/p>\n                                            <\/a>\n                                            <div class=\"events-slider-block__eventsDate\">01.01.1970-01.01.1970<\/div>\n                                            <div class=\"events-slider-block__eventsLocation\"><\/div>\n                                        <\/div>\n                                                                            <div class=\"events-slider-block__eventsItem swiper-slide\">\n                                            <a href=\"https:\/\/www.ebilet.pl\/muzyka\/festiwale\/orange-warsaw-festival\" target=\"_blank\" class=\"events-slider-block__eventsName\">\n                                                <p>Orange Warsaw Festival 2026<\/p>\n                                            <\/a>\n                                            <div class=\"events-slider-block__eventsDate\">29.05.2026-30.05.2026<\/div>\n                                            <div class=\"events-slider-block__eventsLocation\"><\/div>\n                                        <\/div>\n                                                                            <div class=\"events-slider-block__eventsItem swiper-slide\">\n                                            <a href=\"https:\/\/www.ebilet.pl\/biznes\/pozostale\/odsprzedaz\" target=\"_blank\" class=\"events-slider-block__eventsName\">\n                                                <p>Bezpieczna odsprzeda\u017c w apce eBilet<\/p>\n                                            <\/a>\n                                            <div class=\"events-slider-block__eventsDate\">01.01.1970-01.01.1970<\/div>\n                                            <div class=\"events-slider-block__eventsLocation\"><\/div>\n                                        <\/div>\n                                                                            <div class=\"events-slider-block__eventsItem swiper-slide\">\n                                            <a href=\"https:\/\/www.ebilet.pl\/muzyka\/festiwale\/tauron-nowa-muzyka\" target=\"_blank\" class=\"events-slider-block__eventsName\">\n                                                <p>21. Tauron Nowa Muzyka Katowice 2026<\/p>\n                                            <\/a>\n                                            <div class=\"events-slider-block__eventsDate\">04.06.2026-06.06.2026<\/div>\n                                            <div class=\"events-slider-block__eventsLocation\"><\/div>\n                                        <\/div>\n                                                                            <div class=\"events-slider-block__eventsItem swiper-slide\">\n                                            <a href=\"https:\/\/www.ebilet.pl\/muzyka\/festiwale\/rzeszowskie-juwenalia\" target=\"_blank\" class=\"events-slider-block__eventsName\">\n                                                <p>Rzeszowskie Juwenalia 2026<\/p>\n                                            <\/a>\n                                            <div class=\"events-slider-block__eventsDate\">01.01.1970-01.01.1970<\/div>\n                                            <div class=\"events-slider-block__eventsLocation\"><\/div>\n                                        <\/div>\n                                                                            <div class=\"events-slider-block__eventsItem swiper-slide\">\n                                            <a href=\"https:\/\/www.ebilet.pl\/muzyka\/hip-hop-rap\/wwo\" target=\"_blank\" class=\"events-slider-block__eventsName\">\n                                                <p>WWOFF<\/p>\n                                            <\/a>\n                                            <div class=\"events-slider-block__eventsDate\">26.11.2026-28.11.2026<\/div>\n                                            <div class=\"events-slider-block__eventsLocation\"><\/div>\n                                        <\/div>\n                                                                            <div class=\"events-slider-block__eventsItem swiper-slide\">\n                                            <a href=\"https:\/\/www.ebilet.pl\/sport\/sporty-druzynowe\/siatkowka\" target=\"_blank\" class=\"events-slider-block__eventsName\">\n                                                <p>VNL 2026 &#8211; Siatkarska Liga Narod\u00f3w M\u0119\u017cczyzn<\/p>\n                                            <\/a>\n                                            <div class=\"events-slider-block__eventsDate\">24.06.2026-28.06.2026<\/div>\n                                            <div class=\"events-slider-block__eventsLocation\"><\/div>\n                                        <\/div>\n                                                                            <div class=\"events-slider-block__eventsItem swiper-slide\">\n                                            <a href=\"https:\/\/www.ebilet.pl\/muzyka\/rock\/morrissey\" target=\"_blank\" class=\"events-slider-block__eventsName\">\n                                                <p>Morrissey<\/p>\n                                            <\/a>\n                                            <div class=\"events-slider-block__eventsDate\">09.07.2026-09.07.2026<\/div>\n                                            <div class=\"events-slider-block__eventsLocation\"><\/div>\n                                        <\/div>\n                                                                            <div class=\"events-slider-block__eventsItem swiper-slide\">\n                                            <a href=\"https:\/\/www.ebilet.pl\/muzyka\/pop\/onerepublic\" target=\"_blank\" class=\"events-slider-block__eventsName\">\n                                                <p>OneRepublic<\/p>\n                                            <\/a>\n                                            <div class=\"events-slider-block__eventsDate\">30.06.2026-30.06.2026<\/div>\n                                            <div class=\"events-slider-block__eventsLocation\"><\/div>\n                                        <\/div>\n                                                                            <div class=\"events-slider-block__eventsItem swiper-slide\">\n                                            <a href=\"https:\/\/www.ebilet.pl\/sport\/sporty-druzynowe\/mecz-siatkowki\" target=\"_blank\" class=\"events-slider-block__eventsName\">\n                                                <p>Mecze towarzyskie Reprezentacji Polski m\u0119\u017cczyzn w siatk\u00f3wce<\/p>\n                                            <\/a>\n                                            <div class=\"events-slider-block__eventsDate\">20.05.2026-23.05.2026<\/div>\n                                            <div class=\"events-slider-block__eventsLocation\"><\/div>\n                                        <\/div>\n                                                                            <div class=\"events-slider-block__eventsItem swiper-slide\">\n                                            <a href=\"https:\/\/www.ebilet.pl\/muzyka\/festiwale\/off-festival\" target=\"_blank\" class=\"events-slider-block__eventsName\">\n                                                <p>OFF Festival Katowice 2026<\/p>\n                                            <\/a>\n                                            <div class=\"events-slider-block__eventsDate\">07.08.2026-07.08.2026<\/div>\n                                            <div class=\"events-slider-block__eventsLocation\"><\/div>\n                                        <\/div>\n                                                                            <div class=\"events-slider-block__eventsItem swiper-slide\">\n                                            <a href=\"https:\/\/www.ebilet.pl\/muzyka\/pop\/dawid-podsiadlo\" target=\"_blank\" class=\"events-slider-block__eventsName\">\n                                                <p>Dawid Podsiad\u0142o OBROTOWY TOUR 2026<\/p>\n                                            <\/a>\n                                            <div class=\"events-slider-block__eventsDate\">06.06.2026-28.06.2026<\/div>\n                                            <div class=\"events-slider-block__eventsLocation\"><\/div>\n                                        <\/div>\n                                                                            <div class=\"events-slider-block__eventsItem swiper-slide\">\n                                            <a href=\"https:\/\/www.ebilet.pl\/muzyka\/rock\/epic-rock-symphonic-concert\" target=\"_blank\" class=\"events-slider-block__eventsName\">\n                                                <p>EPIC ROCK: Symphonic Concert<\/p>\n                                            <\/a>\n                                            <div class=\"events-slider-block__eventsDate\">25.10.2026-13.11.2026<\/div>\n                                            <div class=\"events-slider-block__eventsLocation\"><\/div>\n                                        <\/div>\n                                                                            <div class=\"events-slider-block__eventsItem swiper-slide\">\n                                            <a href=\"https:\/\/www.ebilet.pl\/muzyka\/hip-hop-rap\/taco-hemingway\" target=\"_blank\" class=\"events-slider-block__eventsName\">\n                                                <p>Taco Hemingway 2026 \u2020\u2020\u2020our<\/p>\n                                            <\/a>\n                                            <div class=\"events-slider-block__eventsDate\">08.05.2026-31.05.2026<\/div>\n                                            <div class=\"events-slider-block__eventsLocation\"><\/div>\n                                        <\/div>\n                                                                            <div class=\"events-slider-block__eventsItem swiper-slide\">\n                                            <a href=\"https:\/\/www.ebilet.pl\/widowiska\/inne\/beksinski-live\" target=\"_blank\" class=\"events-slider-block__eventsName\">\n                                                <p>Beksi\u0144ski.Live<\/p>\n                                            <\/a>\n                                            <div class=\"events-slider-block__eventsDate\">20.09.2026-08.10.2026<\/div>\n                                            <div class=\"events-slider-block__eventsLocation\"><\/div>\n                                        <\/div>\n                                                                            <div class=\"events-slider-block__eventsItem swiper-slide\">\n                                            <a href=\"https:\/\/www.ebilet.pl\/muzyka\/elektro-techno\/atb\" target=\"_blank\" class=\"events-slider-block__eventsName\">\n                                                <p>ATB | FINAL CHAPTER | POLAND TOUR<\/p>\n                                            <\/a>\n                                            <div class=\"events-slider-block__eventsDate\">28.08.2026-12.12.2026<\/div>\n                                            <div class=\"events-slider-block__eventsLocation\"><\/div>\n                                        <\/div>\n                                                                            <div class=\"events-slider-block__eventsItem swiper-slide\">\n                                            <a href=\"https:\/\/www.ebilet.pl\/muzyka\/hip-hop-rap\/bambi\" target=\"_blank\" class=\"events-slider-block__eventsName\">\n                                                <p>B-DAY Festival by bambi<\/p>\n                                            <\/a>\n                                            <div class=\"events-slider-block__eventsDate\">25.10.2026-25.10.2026<\/div>\n                                            <div class=\"events-slider-block__eventsLocation\"><\/div>\n                                        <\/div>\n                                                                    <\/div>\n                            <\/div>\n                            <div class=\"events-slider-block__pagination\">\n                                <div class=\"swiper-pagination slider-pagination slider-pagination--theme-white\" data-events-slider-pagination><\/div>\n                            <\/div>\n                        <\/div>\n                                        <div class=\"events-slider-block__bottom\">\n                                                                                <div class=\"events-slider-block__link desktop\">\n                                    <a\n                                        class=\"button button--size-small button--theme-primary-yellow button--withIconLeft\"\n                                        href=\"https:\/\/www.ebilet.pl\/\">\n                                                                                    <div class=\"button__icon\"><img loading=\"lazy\" decoding=\"async\" width=\"30\" height=\"30\" src=\"https:\/\/www.ebilet.pl\/now\/app\/uploads\/2024\/01\/ticket-cinema-entertainment-coupon-discount-sale_30px.png\" class=\"attachment-full size-full\" alt=\"\" \/><\/div>\n                                                                                <p class=\"button__text typo-18\">Kup na eBilet.pl<\/p>\n                                    <\/a>\n                                <\/div>\n                                                                                <div class=\"events-slider-block__link mobile\">\n                                    <a\n                                        class=\"button button--size-small button--theme-primary-yellow button--withIconLeft\"\n                                        href=\"https:\/\/www.ebilet.pl\/\">\n                                                                                    <div class=\"button__icon\"><img loading=\"lazy\" decoding=\"async\" width=\"30\" height=\"30\" src=\"https:\/\/www.ebilet.pl\/now\/app\/uploads\/2024\/01\/ticket-cinema-entertainment-coupon-discount-sale_30px.png\" class=\"attachment-full size-full\" alt=\"\" \/><\/div>\n                                                                                <p class=\"button__text typo-18\">Kup na eBilet.pl<\/p>\n                                    <\/a>\n                                <\/div>\n                                            <\/div>\n                <\/div>\n            <\/div>\n        <\/div>\n    <\/div>\n<\/section>","protected":false},"excerpt":{"rendered":"<p>\u2013 Dobitnie si\u0119 przekona\u0142em, \u017ce wyborom musz\u0119 si\u0119 uwa\u017cniej przygl\u0105da\u0107, zawsze kierowa\u0107 si\u0119 g\u0142osem serca \u2013 m\u00f3wi Marcin Zarzeczny. Opowiada o swojej aktorskiej drodze, zawodowych wyzwaniach i ostatnim ekscytuj\u0105cym projekcie \u2013 serialu &#8220;The Agency&#8221;, w kt\u00f3rym zagra\u0142 u boku Michaela Fassbendera i Richarda Gere\u2019a. <\/p>\n","protected":false},"author":20,"featured_media":44408,"comment_status":"open","ping_status":"open","sticky":false,"template":"page-templates\/article-default.php","format":"standard","meta":{"_acf_changed":false,"footnotes":""},"article_tag":[51,339,36],"article_type":[5],"acf":[],"_links":{"self":[{"href":"https:\/\/www.ebilet.pl\/now\/wp-json\/wp\/v2\/posts\/44402"}],"collection":[{"href":"https:\/\/www.ebilet.pl\/now\/wp-json\/wp\/v2\/posts"}],"about":[{"href":"https:\/\/www.ebilet.pl\/now\/wp-json\/wp\/v2\/types\/post"}],"author":[{"embeddable":true,"href":"https:\/\/www.ebilet.pl\/now\/wp-json\/wp\/v2\/users\/20"}],"replies":[{"embeddable":true,"href":"https:\/\/www.ebilet.pl\/now\/wp-json\/wp\/v2\/comments?post=44402"}],"version-history":[{"count":3,"href":"https:\/\/www.ebilet.pl\/now\/wp-json\/wp\/v2\/posts\/44402\/revisions"}],"predecessor-version":[{"id":44482,"href":"https:\/\/www.ebilet.pl\/now\/wp-json\/wp\/v2\/posts\/44402\/revisions\/44482"}],"wp:featuredmedia":[{"embeddable":true,"href":"https:\/\/www.ebilet.pl\/now\/wp-json\/wp\/v2\/media\/44408"}],"wp:attachment":[{"href":"https:\/\/www.ebilet.pl\/now\/wp-json\/wp\/v2\/media?parent=44402"}],"wp:term":[{"taxonomy":"article_tag","embeddable":true,"href":"https:\/\/www.ebilet.pl\/now\/wp-json\/wp\/v2\/article_tag?post=44402"},{"taxonomy":"article_type","embeddable":true,"href":"https:\/\/www.ebilet.pl\/now\/wp-json\/wp\/v2\/article_type?post=44402"}],"curies":[{"name":"wp","href":"https:\/\/api.w.org\/{rel}","templated":true}]}}