{"id":43188,"date":"2025-01-30T10:52:57","date_gmt":"2025-01-30T09:52:57","guid":{"rendered":"https:\/\/www.ebilet.pl\/now\/?p=43188"},"modified":"2025-09-19T15:22:23","modified_gmt":"2025-09-19T14:22:23","slug":"barbara-pravi-co-stalo-sie-po-eurowizji","status":"publish","type":"post","link":"https:\/\/www.ebilet.pl\/now\/barbara-pravi-co-stalo-sie-po-eurowizji\/","title":{"rendered":"Barbara Pravi &#8211; co sta\u0142o si\u0119 po Eurowizji?"},"content":{"rendered":"\n<section class=\"text-block  section-margin-32\" >\n    <div class=\"container\">\n        <div class=\"row\">\n            <div class=\"col-24\">\n                <div class=\"text-block__content\"><h2><b>Kiedy Barbara Pravi zagra koncert w Polsce?<\/b><\/h2>\n<p><b>Barbara Pravi<\/b><span style=\"font-weight: 400;\"> jest obecnie jedn\u0105 z najciekawszych i najbardziej rozchwytywanych artystek znad Sekwany. By\u0142a objawieniem Eurowizji 2021, oczarowuj\u0105c Europ\u0119 za spraw\u0105 utworu <\/span><b>\u201cVoil\u00e0\u201d<\/b><span style=\"font-weight: 400;\">. Jej sceniczna wra\u017cliwo\u015b\u0107, niezwyk\u0142y g\u0142os i eteryczna uroda, w mig podbi\u0142y serca eurowizyjnej publiczno\u015bci z prezydentem Francji, <\/span><b>Emmanuelem Macronem<\/b><span style=\"font-weight: 400;\"> na czele. Wokalistk\u0119 pokocha\u0142a te\u017c polska publiczno\u015b\u0107. Od czas\u00f3w Eurowizji Barbara ma nad Wis\u0142\u0105 swoj\u0105 wiern\u0105 rzesz\u0119 fan\u00f3w. Na pewno wi\u0119c ucieszy ich wie\u015b\u0107 o tym, \u017ce ju\u017c niebawem wzbudzaj\u0105ca zachwyty piosenkarka pojawi si\u0119 w naszym kraju!<\/span><\/p>\n<p><strong>Przeczytaj te\u017c:<\/strong><\/p>\n<ul>\n<li><a href=\"https:\/\/www.ebilet.pl\/now\/salvador-sobral-od-zwyciezcy-eurowizji-do-czolowej-gwiazdy-mlodej-sceny-portugalskiego-folku\/\"><span class=\"split-title__word\">Salvador <\/span><span class=\"split-title__word\">Sobral <\/span><span class=\"split-title__word\">\u2013 <\/span><span class=\"split-title__word\">od <\/span><span class=\"split-title__word\">zwyci\u0119zcy <\/span><span class=\"split-title__word\">Eurowizji <\/span><span class=\"split-title__word\">do <\/span><span class=\"split-title__word\">czo\u0142owej <\/span><span class=\"split-title__word\">gwiazdy <\/span><span class=\"split-title__word\">m\u0142odej <\/span><span class=\"split-title__word\">sceny <\/span><span class=\"split-title__word\">portugalskiego <\/span><span class=\"split-title__word\">folku<\/span><\/a><\/li>\n<li class=\"split-title typo-h1\"><a href=\"https:\/\/www.ebilet.pl\/now\/jedna-z-najjasniejszych-swiatowych-gwiazd-jazzu-i-bluesa-lizz-wright-przyjedzie-do-polski\/\"><span class=\"split-title__word\">Jedna <\/span><span class=\"split-title__word\">z <\/span><span class=\"split-title__word\">najja\u015bniejszych <\/span><span class=\"split-title__word\">\u015bwiatowych <\/span><span class=\"split-title__word\">gwiazd <\/span><span class=\"split-title__word\">jazzu <\/span><span class=\"split-title__word\">i <\/span><span class=\"split-title__word\">bluesa. <\/span><span class=\"split-title__word\">Lizz <\/span><span class=\"split-title__word\">Wright <\/span><span class=\"split-title__word\">przyjedzie <\/span><span class=\"split-title__word\">do <\/span><span class=\"split-title__word\">Polski<\/span><\/a><\/li>\n<li class=\"split-title typo-h1\"><a href=\"https:\/\/www.ebilet.pl\/now\/kiedy-zaczela-spiewac-publicznosc-byla-zachwycona-jak-mariza-uratowala-zagrozona-muzyke\/\"><span class=\"split-title__word\">Kiedy <\/span><span class=\"split-title__word\">zacz\u0119\u0142a <\/span><span class=\"split-title__word\">\u015bpiewa\u0107 <\/span><span class=\"split-title__word\">publiczno\u015b\u0107 <\/span><span class=\"split-title__word\">by\u0142a <\/span><span class=\"split-title__word\">zachwycona. <\/span><span class=\"split-title__word\">Jak <\/span><span class=\"split-title__word\">Mariza <\/span><span class=\"split-title__word\">uratowa\u0142a <\/span><span class=\"split-title__word\">zagro\u017con\u0105 <\/span><span class=\"split-title__word\">muzyk\u0119?<\/span><\/a><\/li>\n<\/ul>\n<p><span style=\"font-weight: 400;\">Pravi nie zwalnia tempa i od czas\u00f3w Eurowizji ju\u017c wiele razy udowodni\u0142a, \u017ce \u200b\u200bjest kim\u015b wi\u0119cej ni\u017c gwiazd\u0105 jednego przeboju w \u015bwiecie muzyki. Od tamtego wyst\u0119pu wyda\u0142a dwie \u015bwietne p\u0142yty. Drug\u0105 z nich &#8211; wydan\u0105 we wrze\u015bniu 2024 p\u0142yt\u0119 <\/span><b>\u201cLa Pieva\u201d<\/b><span style=\"font-weight: 400;\"> &#8211; artystka promuje obecnie seri\u0105 120 koncert\u00f3w w 20 krajach. W ramach tej trasy Barbara zajrzy r\u00f3wnie\u017c i do nas. <a href=\"https:\/\/www.ebilet.pl\/muzyka\/pop\/barbara-pravi\"><strong>Pravi wyst\u0105pi na w warszawskim Palladium 16 maja 2025 roku<\/strong><\/a>. To wspania\u0142a okazja by zobaczy\u0107 j\u0105 na \u017cywo. Tym bardziej, \u017ce ka\u017cdy show artystki potwierdza jej deklaracj\u0119, \u017ce &#8220;\u017cyje dla swojej publiczno\u015bci i \u015bpiewa ca\u0142\u0105 sob\u0105, ca\u0142ym sercem&#8221;.\u00a0<\/span><\/p>\n<\/div>\n            <\/div>\n        <\/div>\n    <\/div>\n<\/section>\n\n\n<section class=\"banner banner--layout-default section-margin-32\" >\n    <div class=\"container\">\n        <div class=\"row\">\n            <div class=\"col-24\">\n                <div class=\"banner__wrapper\">\n                                        <div class=\"banner__bg\">\n                        <img loading=\"lazy\" decoding=\"async\" width=\"1920\" height=\"630\" src=\"https:\/\/www.ebilet.pl\/now\/app\/uploads\/2025\/01\/barbara_pravi_banner.jpg\" class=\"attachment-full size-full\" alt=\"\" srcset=\"https:\/\/www.ebilet.pl\/now\/app\/uploads\/2025\/01\/barbara_pravi_banner.jpg 1920w, https:\/\/www.ebilet.pl\/now\/app\/uploads\/2025\/01\/barbara_pravi_banner-1024x336.jpg 1024w, https:\/\/www.ebilet.pl\/now\/app\/uploads\/2025\/01\/barbara_pravi_banner-1536x504.jpg 1536w, https:\/\/www.ebilet.pl\/now\/app\/uploads\/2025\/01\/barbara_pravi_banner-1280x420.jpg 1280w, https:\/\/www.ebilet.pl\/now\/app\/uploads\/2025\/01\/barbara_pravi_banner-500x164.jpg 500w, https:\/\/www.ebilet.pl\/now\/app\/uploads\/2025\/01\/barbara_pravi_banner-632x207.jpg 632w\" sizes=\"(max-width: 1920px) 100vw, 1920px\" \/>                    <\/div>\n                                                                                                    <div class=\"banner__text\">\n                        <div class=\"banner__title typo-h2 f-700\">Barbara Pravi<\/div>\n                        <p class=\"banner__desc typo-14\"><\/p>\n                    <\/div>\n                                                            <div class=\"banner__link\">\n                        <a\n                            class=\"button button--theme-primary-yellow \"\n                            href=\"https:\/\/www.ebilet.pl\/muzyka\/pop\/barbara-pravi\"\n                        >\n                            <p class=\"button__text typo-18\">Kup bilety<\/p>\n                                                    <\/a>\n                    <\/div>\n                                                        <\/div>\n            <\/div>\n        <\/div>\n    <\/div>\n<\/section>\n\n\n<section class=\"text-block  section-margin-32\" >\n    <div class=\"container\">\n        <div class=\"row\">\n            <div class=\"col-24\">\n                <div class=\"text-block__content\"><h2><b>Barbara Pravi &#8211; co oznacza jej pseudonim?<\/b><\/h2>\n<p><span style=\"font-weight: 400;\"><strong>Barbara Pi\u00e9vic<\/strong>, bo tak naprawd\u0119 nazywa si\u0119 francuska wokalistka, pochodzi z wielonarodowej rodziny: jej dziadek od strony ojca by\u0142 Serbem, drugi ma ira\u0144skie korzenie, a jedna z bab\u0107 by\u0142a ocalon\u0105 z Holocaustu Polk\u0105. Jak cz\u0119sto podkre\u015bla w wywiadach to, \u017ce wyros\u0142a w multikulturowej rodzinie, w kt\u00f3rej cz\u0142onkowie wyznaj\u0105 r\u00f3\u017cne religie i r\u00f3\u017cne pogl\u0105dy, ukszta\u0142towa\u0142o jej charakter.<\/span><\/p>\n<p><span style=\"font-weight: 400;\">&#8211; To niesamowicie mnie otworzy\u0142o na \u015bwiat i ludzi. Wydaje mi si\u0119, \u017ce mam w sobie naturaln\u0105 gotowo\u015b\u0107 do akceptowania tego, co nowe i nieznane. Dla artysty to bardzo wzbogacaj\u0105ce &#8211; powiedzia\u0142a.\u00a0<\/span><\/p>\n<p><span style=\"font-weight: 400;\">Sw\u00f3j pseudonim artystyczny Barbara zaczerpn\u0119\u0142a z j\u0119zyka swojego ojca, w kt\u00f3rym s\u0142owo &#8220;prava&#8221; oznacza \u201cautentyczna\u201d.<\/span><\/p>\n<p><span style=\"font-weight: 400;\">&#8211; W domu uczono mnie, \u017ce musisz by\u0107 w zgodzie ze sob\u0105. Nawet je\u015bli mia\u0142by to nie przynie\u015b\u0107 sukcesu. Dlatego r\u00f3wnie\u017c jako artystka nie dbam o to i po prostu wybieram bycie sob\u0105 &#8211; powiedzia\u0142a w jednym z wywiad\u00f3w.<\/span><\/p>\n<p><span style=\"font-weight: 400;\">W jej piosenkach wybrzmiewaj\u0105 za to poszanowanie wolno\u015bci, pozytywny bunt i akceptacja samej siebie. Artystka znana jest m.in. z aktywnego wspierania praw kobiet, szczeg\u00f3lnie poprzez swoje przem\u00f3wienia, kt\u00f3re wyg\u0142asza od 2018 roku ka\u017cdego 8 marca w Dzie\u0144 Kobiet. Opr\u00f3cz wspania\u0142ego g\u0142osu i scenicznej wra\u017cliwo\u015bci, zyska\u0142a te\u017c uznanie m.in. dzi\u0119ki odwa\u017cnym i osobistym tekstom, w kt\u00f3rych otwiera si\u0119 m.in. na temat aborcji, przemocy w zwi\u0105zkach i sytuacji spo\u0142eczno-ekonomicznej mniejszo\u015bci etnicznych we Francji.\u00a0\u00a0<\/span><\/p>\n<\/div>\n            <\/div>\n        <\/div>\n    <\/div>\n<\/section>\n\n\n<section class=\"tickets-slider  section-margin-32\"\n    data-tickets-slider\n    data-item-list-name=\"Karuzela z buttonami\"\n    data-item-list-id=\"karuzela_z_buttonami\"\n    >\n    <div class=\"container\">\n        <div class=\"row\">\n            <div class=\"col-24\">\n                <div class=\"tickets-slider__main\">\n                    <div class=\"tickets-slider__nav tickets-slider__nav--prev\">\n                        <div class=\"button button--withIcon button--theme-white-blur button--size-fixed-48\" data-tickets-slider-prev>\n                            <span class=\"button__icon icon icon-chevron-left\"><\/span>\n                        <\/div>\n                    <\/div>\n                    <div class=\"tickets-slider__nav tickets-slider__nav--next\">\n                        <div class=\"button button--withIcon button--theme-white-blur button--size-fixed-48\" data-tickets-slider-next>\n                            <span class=\"button__icon icon icon-chevron-right\"><\/span>\n                        <\/div>\n                    <\/div>\n                    <div class=\"tickets-slider__slider swiper\" data-tickets-slider-slider>\n                        <div class=\"tickets-slider__sliderWrapper swiper-wrapper\">\n                                                            <div class=\"tickets-slider__sliderItem swiper-slide\"\n                                    data-id=\"187400\"\n                                    data-name=\"Odroczone p\u0142atno\u015bci z Twisto\"\n                                    data-brand=\"eBilet\"\n                                    data-category=\"muzyka\"\n                                    data-subcategory=\"pozostale\"\n                                    data-city=\"\"\n                                    data-venue=\"\">\n                                    <div class=\"tickets-slider__sliderCard\">\n                                        \n<div class=\"card-ticket\">\n        <div class=\"card-ticket__image\">\n        <a href=\"https:\/\/www.ebilet.pl\/muzyka\/pozostale\/odroczone-platnosci-twisto\">\n            <img decoding=\"async\" src=\"https:\/\/www.ebilet.pl\/media\/cms\/media\/ws2n0jzs\/twisto.webp\" alt=\"Plakat wydarzenia\" \/>\n        <\/a>\n    <\/div>\n             \n    <div class=\"card-ticket__link\">\n        <a href=\"https:\/\/www.ebilet.pl\/muzyka\/pozostale\/odroczone-platnosci-twisto\" class=\"button button--theme-primary-yellow button--withIconLeft button--size-small\">\n            <span class=\"button__icon icon icon-ticket\"><\/span>\n            <p class=\"button__text typo-16 f-600\">Kup bilet<\/p>\n        <\/a>\n    <\/div>\n    <\/div>                                    <\/div>\n                                <\/div>\n                                                            <div class=\"tickets-slider__sliderItem swiper-slide\"\n                                    data-id=\"202354\"\n                                    data-name=\"Pekao Mastercard Przedsprzeda\u017c\"\n                                    data-brand=\"eBilet\"\n                                    data-category=\"muzyka\"\n                                    data-subcategory=\"pozostale\"\n                                    data-city=\"\"\n                                    data-venue=\"\">\n                                    <div class=\"tickets-slider__sliderCard\">\n                                        \n<div class=\"card-ticket\">\n        <div class=\"card-ticket__image\">\n        <a href=\"https:\/\/www.ebilet.pl\/muzyka\/pozostale\/pekao-mastercard\">\n            <img decoding=\"async\" src=\"https:\/\/www.ebilet.pl\/media\/cms\/media\/ugrlrjoh\/pekao_livenation_formaty_03_2026_pekao_livenation_552x736-1.webp\" alt=\"Plakat wydarzenia\" \/>\n        <\/a>\n    <\/div>\n             \n    <div class=\"card-ticket__link\">\n        <a href=\"https:\/\/www.ebilet.pl\/muzyka\/pozostale\/pekao-mastercard\" class=\"button button--theme-primary-yellow button--withIconLeft button--size-small\">\n            <span class=\"button__icon icon icon-ticket\"><\/span>\n            <p class=\"button__text typo-16 f-600\">Kup bilet<\/p>\n        <\/a>\n    <\/div>\n    <\/div>                                    <\/div>\n                                <\/div>\n                                                            <div class=\"tickets-slider__sliderItem swiper-slide\"\n                                    data-id=\"192888\"\n                                    data-name=\"Kameralne koncerty przy \u015bwiecach\"\n                                    data-brand=\"eBilet\"\n                                    data-category=\"muzyka\"\n                                    data-subcategory=\"pozostale\"\n                                    data-city=\"\"\n                                    data-venue=\"\">\n                                    <div class=\"tickets-slider__sliderCard\">\n                                        \n<div class=\"card-ticket\">\n        <div class=\"card-ticket__image\">\n        <a href=\"https:\/\/www.ebilet.pl\/muzyka\/pozostale\/koncerty-przy-swiecach\">\n            <img decoding=\"async\" src=\"https:\/\/www.ebilet.pl\/media\/cms\/media\/yvwjqlbm\/552\u0445736-logo-svitlo.webp\" alt=\"Plakat wydarzenia\" \/>\n        <\/a>\n    <\/div>\n             \n    <div class=\"card-ticket__link\">\n        <a href=\"https:\/\/www.ebilet.pl\/muzyka\/pozostale\/koncerty-przy-swiecach\" class=\"button button--theme-primary-yellow button--withIconLeft button--size-small\">\n            <span class=\"button__icon icon icon-ticket\"><\/span>\n            <p class=\"button__text typo-16 f-600\">Kup bilet<\/p>\n        <\/a>\n    <\/div>\n    <\/div>                                    <\/div>\n                                <\/div>\n                                                            <div class=\"tickets-slider__sliderItem swiper-slide\"\n                                    data-id=\"157398\"\n                                    data-name=\"SMKKPM - Trasa Romantycy i Frajerzy 2024\"\n                                    data-brand=\"MENAGO ART SP\u00d3\u0141KA Z OGRANICZON\u0104 ODPOWIEDZIALNO\u015aCI\u0104\"\n                                    data-category=\"muzyka\"\n                                    data-subcategory=\"pozostale\"\n                                    data-city=\"\u0141\u00f3d\u017a\"\n                                    data-venue=\"\">\n                                    <div class=\"tickets-slider__sliderCard\">\n                                        \n<div class=\"card-ticket\">\n        <div class=\"card-ticket__image\">\n        <a href=\"https:\/\/www.ebilet.pl\/muzyka\/pozostale\/smkkpm\">\n            <img decoding=\"async\" src=\"https:\/\/www.ebilet.pl\/media\/cms\/media\/dsmblevj\/552x736-5-f6da77fd-95c0-4575-8157-00480f9ea3a6.webp\" alt=\"Plakat wydarzenia\" \/>\n        <\/a>\n    <\/div>\n             \n    <div class=\"card-ticket__link\">\n        <a href=\"https:\/\/www.ebilet.pl\/muzyka\/pozostale\/smkkpm\" class=\"button button--theme-primary-yellow button--withIconLeft button--size-small\">\n            <span class=\"button__icon icon icon-ticket\"><\/span>\n            <p class=\"button__text typo-16 f-600\">Kup bilet<\/p>\n        <\/a>\n    <\/div>\n    <\/div>                                    <\/div>\n                                <\/div>\n                                                            <div class=\"tickets-slider__sliderItem swiper-slide\"\n                                    data-id=\"141666\"\n                                    data-name=\"Czerwone Gitary - Diamentowa Trasa 60-lecia\"\n                                    data-brand=\"Agencja Artystyczna TAMADA\"\n                                    data-category=\"muzyka\"\n                                    data-subcategory=\"pozostale\"\n                                    data-city=\"Bia\u0142ystok, Bielsko-Bia\u0142a, Czersk i inne\"\n                                    data-venue=\"Miejski Dom Kultury w Lubli\u0144cu\">\n                                    <div class=\"tickets-slider__sliderCard\">\n                                        \n<div class=\"card-ticket\">\n        <div class=\"card-ticket__image\">\n        <a href=\"https:\/\/www.ebilet.pl\/muzyka\/pozostale\/czerwone-gitary-diamentowa-trasa-60-lecia\">\n            <img decoding=\"async\" src=\"https:\/\/www.ebilet.pl\/media\/cms\/media\/i1bcu0aj\/552x736-2ac905a9-18a3-4f99-a307-bd2e517a40c7.webp\" alt=\"Plakat wydarzenia\" \/>\n        <\/a>\n    <\/div>\n             \n    <div class=\"card-ticket__link\">\n        <a href=\"https:\/\/www.ebilet.pl\/muzyka\/pozostale\/czerwone-gitary-diamentowa-trasa-60-lecia\" class=\"button button--theme-primary-yellow button--withIconLeft button--size-small\">\n            <span class=\"button__icon icon icon-ticket\"><\/span>\n            <p class=\"button__text typo-16 f-600\">Kup bilet<\/p>\n        <\/a>\n    <\/div>\n    <\/div>                                    <\/div>\n                                <\/div>\n                                                            <div class=\"tickets-slider__sliderItem swiper-slide\"\n                                    data-id=\"191092\"\n                                    data-name=\"Tango Passion \u2013 Viva Latino Am\u00e9rica przy \u015bwiecach\"\n                                    data-brand=\"Copernicus Sp\u00f3\u0142ka z o.o.\"\n                                    data-category=\"muzyka\"\n                                    data-subcategory=\"pozostale\"\n                                    data-city=\"Bielsko-Bia\u0142a, Krak\u00f3w, Lublin i inne\"\n                                    data-venue=\"Kasyno Oficerskie\">\n                                    <div class=\"tickets-slider__sliderCard\">\n                                        \n<div class=\"card-ticket\">\n        <div class=\"card-ticket__image\">\n        <a href=\"https:\/\/www.ebilet.pl\/muzyka\/pozostale\/tango-passion\">\n            <img decoding=\"async\" src=\"https:\/\/www.ebilet.pl\/media\/cms\/media\/ch4mxw0u\/tango-passion-552x736-px-ea751fbb-626b-41cc-9371-55b08f291350.webp\" alt=\"Plakat wydarzenia\" \/>\n        <\/a>\n    <\/div>\n             \n    <div class=\"card-ticket__link\">\n        <a href=\"https:\/\/www.ebilet.pl\/muzyka\/pozostale\/tango-passion\" class=\"button button--theme-primary-yellow button--withIconLeft button--size-small\">\n            <span class=\"button__icon icon icon-ticket\"><\/span>\n            <p class=\"button__text typo-16 f-600\">Kup bilet<\/p>\n        <\/a>\n    <\/div>\n    <\/div>                                    <\/div>\n                                <\/div>\n                                                            <div class=\"tickets-slider__sliderItem swiper-slide\"\n                                    data-id=\"69751\"\n                                    data-name=\"ShataQS - Fina\u0142 trasy Wracam\"\n                                    data-brand=\"Independent Music Market Tomasz Andr\u00e9e\"\n                                    data-category=\"muzyka\"\n                                    data-subcategory=\"pozostale\"\n                                    data-city=\"Gda\u0144sk, \u0141\u00f3d\u017a, Wroc\u0142aw i inne\"\n                                    data-venue=\"Klub Parlament\">\n                                    <div class=\"tickets-slider__sliderCard\">\n                                        \n<div class=\"card-ticket\">\n        <div class=\"card-ticket__image\">\n        <a href=\"https:\/\/www.ebilet.pl\/muzyka\/pozostale\/shataqs\">\n            <img decoding=\"async\" src=\"https:\/\/www.ebilet.pl\/media\/cms\/media\/b4nb0h3y\/552-736_ebilet-portal-49b3f508-a4d9-4f24-a931-80099ba80ba3.webp\" alt=\"Plakat wydarzenia\" \/>\n        <\/a>\n    <\/div>\n             \n    <div class=\"card-ticket__link\">\n        <a href=\"https:\/\/www.ebilet.pl\/muzyka\/pozostale\/shataqs\" class=\"button button--theme-primary-yellow button--withIconLeft button--size-small\">\n            <span class=\"button__icon icon icon-ticket\"><\/span>\n            <p class=\"button__text typo-16 f-600\">Kup bilet<\/p>\n        <\/a>\n    <\/div>\n    <\/div>                                    <\/div>\n                                <\/div>\n                                                            <div class=\"tickets-slider__sliderItem swiper-slide\"\n                                    data-id=\"172703\"\n                                    data-name=\"Veratus - W kr\u0119gu \u015bredniowiecza\"\n                                    data-brand=\"Fundacja Student\u00f3w i Absolwent\u00f3w AGH w Krakowie\"\n                                    data-category=\"muzyka\"\n                                    data-subcategory=\"pozostale\"\n                                    data-city=\"Krak\u00f3w\"\n                                    data-venue=\"Klub Gwarek\">\n                                    <div class=\"tickets-slider__sliderCard\">\n                                        \n<div class=\"card-ticket\">\n        <div class=\"card-ticket__image\">\n        <a href=\"https:\/\/www.ebilet.pl\/muzyka\/pozostale\/veratus\">\n            <img decoding=\"async\" src=\"https:\/\/www.ebilet.pl\/media\/cms\/media\/sudb5yqx\/wydarzenie25-gwa-veratus-01-05_ebilet-552x736.webp\" alt=\"Plakat wydarzenia\" \/>\n        <\/a>\n    <\/div>\n             \n    <div class=\"card-ticket__link\">\n        <a href=\"https:\/\/www.ebilet.pl\/muzyka\/pozostale\/veratus\" class=\"button button--theme-primary-yellow button--withIconLeft button--size-small\">\n            <span class=\"button__icon icon icon-ticket\"><\/span>\n            <p class=\"button__text typo-16 f-600\">Kup bilet<\/p>\n        <\/a>\n    <\/div>\n    <\/div>                                    <\/div>\n                                <\/div>\n                                                            <div class=\"tickets-slider__sliderItem swiper-slide\"\n                                    data-id=\"97473\"\n                                    data-name=\"Jarboe\"\n                                    data-brand=\"Winiary Bookings sp. z o. o.\"\n                                    data-category=\"muzyka\"\n                                    data-subcategory=\"pozostale\"\n                                    data-city=\"Pozna\u0144, Warszawa\"\n                                    data-venue=\"NIEBO\">\n                                    <div class=\"tickets-slider__sliderCard\">\n                                        \n<div class=\"card-ticket\">\n        <div class=\"card-ticket__image\">\n        <a href=\"https:\/\/www.ebilet.pl\/muzyka\/pozostale\/jarboe\">\n            <img decoding=\"async\" src=\"https:\/\/www.ebilet.pl\/media\/cms\/media\/frbnuxju\/jarboe-ebilet-strona-wydarzenia-pion-wspo-lne2.webp\" alt=\"Plakat wydarzenia\" \/>\n        <\/a>\n    <\/div>\n             \n    <div class=\"card-ticket__link\">\n        <a href=\"https:\/\/www.ebilet.pl\/muzyka\/pozostale\/jarboe\" class=\"button button--theme-primary-yellow button--withIconLeft button--size-small\">\n            <span class=\"button__icon icon icon-ticket\"><\/span>\n            <p class=\"button__text typo-16 f-600\">Kup bilet<\/p>\n        <\/a>\n    <\/div>\n    <\/div>                                    <\/div>\n                                <\/div>\n                                                            <div class=\"tickets-slider__sliderItem swiper-slide\"\n                                    data-id=\"205308\"\n                                    data-name=\"The Very Polish Cut Outs feat. Marek Sierocki\"\n                                    data-brand=\"FTR Sp. z o.o.\"\n                                    data-category=\"muzyka\"\n                                    data-subcategory=\"pozostale\"\n                                    data-city=\"Warszawa\"\n                                    data-venue=\"Barka Kaskada\">\n                                    <div class=\"tickets-slider__sliderCard\">\n                                        \n<div class=\"card-ticket\">\n        <div class=\"card-ticket__image\">\n        <a href=\"https:\/\/www.ebilet.pl\/muzyka\/pozostale\/the-very-polish-cut-outs\">\n            <img decoding=\"async\" src=\"https:\/\/www.ebilet.pl\/media\/cms\/media\/2f0hbazm\/sierocki_bilet2-ac0dd2e8-5afb-493f-91c1-68651d2b93ab.webp\" alt=\"Plakat wydarzenia\" \/>\n        <\/a>\n    <\/div>\n             \n    <div class=\"card-ticket__link\">\n        <a href=\"https:\/\/www.ebilet.pl\/muzyka\/pozostale\/the-very-polish-cut-outs\" class=\"button button--theme-primary-yellow button--withIconLeft button--size-small\">\n            <span class=\"button__icon icon icon-ticket\"><\/span>\n            <p class=\"button__text typo-16 f-600\">Kup bilet<\/p>\n        <\/a>\n    <\/div>\n    <\/div>                                    <\/div>\n                                <\/div>\n                                                            <div class=\"tickets-slider__sliderItem swiper-slide\"\n                                    data-id=\"205431\"\n                                    data-name=\"TIK\"\n                                    data-brand=\"GO2SHOW\"\n                                    data-category=\"muzyka\"\n                                    data-subcategory=\"pozostale\"\n                                    data-city=\"Krak\u00f3w\"\n                                    data-venue=\"Klub Kwadrat\">\n                                    <div class=\"tickets-slider__sliderCard\">\n                                        \n<div class=\"card-ticket\">\n        <div class=\"card-ticket__image\">\n        <a href=\"https:\/\/www.ebilet.pl\/muzyka\/pozostale\/tik\">\n            <img decoding=\"async\" src=\"https:\/\/www.ebilet.pl\/media\/cms\/media\/qyin3z5q\/tik_krako-w-552_736-3db574f3-ddaf-4f52-b7f3-e47fc83dc86b.webp\" alt=\"Plakat wydarzenia\" \/>\n        <\/a>\n    <\/div>\n             \n    <div class=\"card-ticket__link\">\n        <a href=\"https:\/\/www.ebilet.pl\/muzyka\/pozostale\/tik\" class=\"button button--theme-primary-yellow button--withIconLeft button--size-small\">\n            <span class=\"button__icon icon icon-ticket\"><\/span>\n            <p class=\"button__text typo-16 f-600\">Kup bilet<\/p>\n        <\/a>\n    <\/div>\n    <\/div>                                    <\/div>\n                                <\/div>\n                                                            <div class=\"tickets-slider__sliderItem swiper-slide\"\n                                    data-id=\"118653\"\n                                    data-name=\"Fun Lovin&#039; Criminals\"\n                                    data-brand=\"Live Nation\"\n                                    data-category=\"muzyka\"\n                                    data-subcategory=\"pozostale\"\n                                    data-city=\"Krak\u00f3w, Warszawa\"\n                                    data-venue=\"Klub Kwadrat\">\n                                    <div class=\"tickets-slider__sliderCard\">\n                                        \n<div class=\"card-ticket\">\n        <div class=\"card-ticket__image\">\n        <a href=\"https:\/\/www.ebilet.pl\/muzyka\/pozostale\/fun-lovin-criminals\">\n            <img decoding=\"async\" src=\"https:\/\/www.ebilet.pl\/media\/cms\/media\/2knhxkgw\/flc_552x736-245af82d-fd30-490b-bbb8-48bf8c67324b.webp\" alt=\"Plakat wydarzenia\" \/>\n        <\/a>\n    <\/div>\n             \n    <div class=\"card-ticket__link\">\n        <a href=\"https:\/\/www.ebilet.pl\/muzyka\/pozostale\/fun-lovin-criminals\" class=\"button button--theme-primary-yellow button--withIconLeft button--size-small\">\n            <span class=\"button__icon icon icon-ticket\"><\/span>\n            <p class=\"button__text typo-16 f-600\">Kup bilet<\/p>\n        <\/a>\n    <\/div>\n    <\/div>                                    <\/div>\n                                <\/div>\n                                                            <div class=\"tickets-slider__sliderItem swiper-slide\"\n                                    data-id=\"202606\"\n                                    data-name=\"Teatr Smaku - Wiecz\u00f3r Starowarszawski\"\n                                    data-brand=\"JADAM SP\u00d3\u0141KA Z OGRANICZON\u0104 ODPOWIEDZIALNO\u015aCI\u0104\"\n                                    data-category=\"muzyka\"\n                                    data-subcategory=\"pozostale\"\n                                    data-city=\"Warszawa\"\n                                    data-venue=\"Dom Kultury Kadr\">\n                                    <div class=\"tickets-slider__sliderCard\">\n                                        \n<div class=\"card-ticket\">\n        <div class=\"card-ticket__image\">\n        <a href=\"https:\/\/www.ebilet.pl\/muzyka\/pozostale\/wieczor-starowarszawski\">\n            <img decoding=\"async\" src=\"https:\/\/www.ebilet.pl\/media\/cms\/media\/cnqb4lhi\/starowarszawski_-pion-552-x-736-px.webp\" alt=\"Plakat wydarzenia\" \/>\n        <\/a>\n    <\/div>\n             \n    <div class=\"card-ticket__link\">\n        <a href=\"https:\/\/www.ebilet.pl\/muzyka\/pozostale\/wieczor-starowarszawski\" class=\"button button--theme-primary-yellow button--withIconLeft button--size-small\">\n            <span class=\"button__icon icon icon-ticket\"><\/span>\n            <p class=\"button__text typo-16 f-600\">Kup bilet<\/p>\n        <\/a>\n    <\/div>\n    <\/div>                                    <\/div>\n                                <\/div>\n                                                            <div class=\"tickets-slider__sliderItem swiper-slide\"\n                                    data-id=\"200998\"\n                                    data-name=\"Konrad Ciesielski - Koniec Collective\"\n                                    data-brand=\"NIEBO PIEK\u0141O RAJ SP\u00d3\u0141KA Z OGRANICZON\u0104 ODPOWIEDZIALNO\u015aCIA\"\n                                    data-category=\"muzyka\"\n                                    data-subcategory=\"pozostale\"\n                                    data-city=\"Warszawa\"\n                                    data-venue=\"NIEBO\">\n                                    <div class=\"tickets-slider__sliderCard\">\n                                        \n<div class=\"card-ticket\">\n        <div class=\"card-ticket__image\">\n        <a href=\"https:\/\/www.ebilet.pl\/muzyka\/pozostale\/konrad-ciesielski\">\n            <img decoding=\"async\" src=\"https:\/\/www.ebilet.pl\/media\/cms\/media\/ngipvjkh\/kc_e2.webp\" alt=\"Plakat wydarzenia\" \/>\n        <\/a>\n    <\/div>\n             \n    <div class=\"card-ticket__link\">\n        <a href=\"https:\/\/www.ebilet.pl\/muzyka\/pozostale\/konrad-ciesielski\" class=\"button button--theme-primary-yellow button--withIconLeft button--size-small\">\n            <span class=\"button__icon icon icon-ticket\"><\/span>\n            <p class=\"button__text typo-16 f-600\">Kup bilet<\/p>\n        <\/a>\n    <\/div>\n    <\/div>                                    <\/div>\n                                <\/div>\n                                                            <div class=\"tickets-slider__sliderItem swiper-slide\"\n                                    data-id=\"193382\"\n                                    data-name=\"Choir! Choir! Choir!\"\n                                    data-brand=\"Winiary Bookings sp. z o. o.\"\n                                    data-category=\"muzyka\"\n                                    data-subcategory=\"pozostale\"\n                                    data-city=\"Warszawa\"\n                                    data-venue=\"NIEBO\">\n                                    <div class=\"tickets-slider__sliderCard\">\n                                        \n<div class=\"card-ticket\">\n        <div class=\"card-ticket__image\">\n        <a href=\"https:\/\/www.ebilet.pl\/muzyka\/pozostale\/choir-choir-choir\">\n            <img decoding=\"async\" src=\"https:\/\/www.ebilet.pl\/media\/cms\/media\/04ap3xfb\/choir-choir-choir-ebilet-strona-wydarzenia-pion-warszawa-830f247a-b9d5-4953-aae9-2e73e2e549b9.webp\" alt=\"Plakat wydarzenia\" \/>\n        <\/a>\n    <\/div>\n             \n    <div class=\"card-ticket__link\">\n        <a href=\"https:\/\/www.ebilet.pl\/muzyka\/pozostale\/choir-choir-choir\" class=\"button button--theme-primary-yellow button--withIconLeft button--size-small\">\n            <span class=\"button__icon icon icon-ticket\"><\/span>\n            <p class=\"button__text typo-16 f-600\">Kup bilet<\/p>\n        <\/a>\n    <\/div>\n    <\/div>                                    <\/div>\n                                <\/div>\n                                                            <div class=\"tickets-slider__sliderItem swiper-slide\"\n                                    data-id=\"202737\"\n                                    data-name=\"Tango Passion \u2013 Viva Latino Am\u00e9rica\"\n                                    data-brand=\"Copernicus Sp\u00f3\u0142ka z o.o.\"\n                                    data-category=\"muzyka\"\n                                    data-subcategory=\"pozostale\"\n                                    data-city=\"\u0141\u00f3d\u017a\"\n                                    data-venue=\"Hotel Grand \u0141\u00f3d\u017a\">\n                                    <div class=\"tickets-slider__sliderCard\">\n                                        \n<div class=\"card-ticket\">\n        <div class=\"card-ticket__image\">\n        <a href=\"https:\/\/www.ebilet.pl\/muzyka\/pozostale\/tango-passion-viva-latino-america\">\n            <img decoding=\"async\" src=\"https:\/\/www.ebilet.pl\/media\/cms\/media\/pkwfp3fm\/tango-passion-552x736-px-3f0acc61-3b0b-4385-9865-1709c90290c6.webp\" alt=\"Plakat wydarzenia\" \/>\n        <\/a>\n    <\/div>\n             \n    <div class=\"card-ticket__link\">\n        <a href=\"https:\/\/www.ebilet.pl\/muzyka\/pozostale\/tango-passion-viva-latino-america\" class=\"button button--theme-primary-yellow button--withIconLeft button--size-small\">\n            <span class=\"button__icon icon icon-ticket\"><\/span>\n            <p class=\"button__text typo-16 f-600\">Kup bilet<\/p>\n        <\/a>\n    <\/div>\n    <\/div>                                    <\/div>\n                                <\/div>\n                                                            <div class=\"tickets-slider__sliderItem swiper-slide\"\n                                    data-id=\"143658\"\n                                    data-name=\"Pan Savyan i Amarettos\"\n                                    data-brand=\"Bart\u0142omiej Cabo\u0144\"\n                                    data-category=\"muzyka\"\n                                    data-subcategory=\"pozostale\"\n                                    data-city=\"Warszawa\"\n                                    data-venue=\"Klub Hydrozagadka\">\n                                    <div class=\"tickets-slider__sliderCard\">\n                                        \n<div class=\"card-ticket\">\n        <div class=\"card-ticket__image\">\n        <a href=\"https:\/\/www.ebilet.pl\/muzyka\/pozostale\/pan-savyan\">\n            <img decoding=\"async\" src=\"https:\/\/www.ebilet.pl\/media\/cms\/media\/aijh5wi5\/ps_-552-x-736-px.webp\" alt=\"Plakat wydarzenia\" \/>\n        <\/a>\n    <\/div>\n             \n    <div class=\"card-ticket__link\">\n        <a href=\"https:\/\/www.ebilet.pl\/muzyka\/pozostale\/pan-savyan\" class=\"button button--theme-primary-yellow button--withIconLeft button--size-small\">\n            <span class=\"button__icon icon icon-ticket\"><\/span>\n            <p class=\"button__text typo-16 f-600\">Kup bilet<\/p>\n        <\/a>\n    <\/div>\n    <\/div>                                    <\/div>\n                                <\/div>\n                                                            <div class=\"tickets-slider__sliderItem swiper-slide\"\n                                    data-id=\"182522\"\n                                    data-name=\"Cinnamon Gum\"\n                                    data-brand=\"Look Ahead - Maciej Milewski\"\n                                    data-category=\"muzyka\"\n                                    data-subcategory=\"pozostale\"\n                                    data-city=\"Wroc\u0142aw\"\n                                    data-venue=\"Nietota\">\n                                    <div class=\"tickets-slider__sliderCard\">\n                                        \n<div class=\"card-ticket\">\n        <div class=\"card-ticket__image\">\n        <a href=\"https:\/\/www.ebilet.pl\/muzyka\/pozostale\/cinnamon-gum\">\n            <img decoding=\"async\" src=\"https:\/\/www.ebilet.pl\/media\/cms\/media\/i3rgyhs3\/552x736.webp\" alt=\"Plakat wydarzenia\" \/>\n        <\/a>\n    <\/div>\n             \n    <div class=\"card-ticket__link\">\n        <a href=\"https:\/\/www.ebilet.pl\/muzyka\/pozostale\/cinnamon-gum\" class=\"button button--theme-primary-yellow button--withIconLeft button--size-small\">\n            <span class=\"button__icon icon icon-ticket\"><\/span>\n            <p class=\"button__text typo-16 f-600\">Kup bilet<\/p>\n        <\/a>\n    <\/div>\n    <\/div>                                    <\/div>\n                                <\/div>\n                                                            <div class=\"tickets-slider__sliderItem swiper-slide\"\n                                    data-id=\"140912\"\n                                    data-name=\"AUKSO + Smolik \/\/ Kev Fox - Music Of Depeche Mode\"\n                                    data-brand=\"Marcin Sitko Black Points\"\n                                    data-category=\"muzyka\"\n                                    data-subcategory=\"pozostale\"\n                                    data-city=\"Warszawa\"\n                                    data-venue=\"Teatr Muzyczny ROMA w Warszawie\">\n                                    <div class=\"tickets-slider__sliderCard\">\n                                        \n<div class=\"card-ticket\">\n        <div class=\"card-ticket__image\">\n        <a href=\"https:\/\/www.ebilet.pl\/muzyka\/pozostale\/smolik-kev-fox\">\n            <img decoding=\"async\" src=\"https:\/\/www.ebilet.pl\/media\/cms\/media\/0vsgatck\/music-of-depeche-mode-552-736-1.webp\" alt=\"Plakat wydarzenia\" \/>\n        <\/a>\n    <\/div>\n             \n    <div class=\"card-ticket__link\">\n        <a href=\"https:\/\/www.ebilet.pl\/muzyka\/pozostale\/smolik-kev-fox\" class=\"button button--theme-primary-yellow button--withIconLeft button--size-small\">\n            <span class=\"button__icon icon icon-ticket\"><\/span>\n            <p class=\"button__text typo-16 f-600\">Kup bilet<\/p>\n        <\/a>\n    <\/div>\n    <\/div>                                    <\/div>\n                                <\/div>\n                                                            <div class=\"tickets-slider__sliderItem swiper-slide\"\n                                    data-id=\"197520\"\n                                    data-name=\"Baxter Dury\"\n                                    data-brand=\"Charm Music\"\n                                    data-category=\"muzyka\"\n                                    data-subcategory=\"pozostale\"\n                                    data-city=\"Warszawa\"\n                                    data-venue=\"Progresja\">\n                                    <div class=\"tickets-slider__sliderCard\">\n                                        \n<div class=\"card-ticket\">\n        <div class=\"card-ticket__image\">\n        <a href=\"https:\/\/www.ebilet.pl\/muzyka\/pozostale\/baxter-dury\">\n            <img decoding=\"async\" src=\"https:\/\/www.ebilet.pl\/media\/cms\/media\/1w0fuj3a\/552x736.webp\" alt=\"Plakat wydarzenia\" \/>\n        <\/a>\n    <\/div>\n             \n    <div class=\"card-ticket__link\">\n        <a href=\"https:\/\/www.ebilet.pl\/muzyka\/pozostale\/baxter-dury\" class=\"button button--theme-primary-yellow button--withIconLeft button--size-small\">\n            <span class=\"button__icon icon icon-ticket\"><\/span>\n            <p class=\"button__text typo-16 f-600\">Kup bilet<\/p>\n        <\/a>\n    <\/div>\n    <\/div>                                    <\/div>\n                                <\/div>\n                                                    <\/div>\n                    <\/div>\n                <\/div>\n            <\/div>\n        <\/div>\n    <\/div>\n<\/section>\n\n\n<section class=\"text-block  section-margin-32\" >\n    <div class=\"container\">\n        <div class=\"row\">\n            <div class=\"col-24\">\n                <div class=\"text-block__content\"><h2><b>Wschodz\u0105ca gwiazda francuskiej chanson<\/b><\/h2>\n<p><span style=\"font-weight: 400;\">Muzyczna kariera <strong>Pravi<\/strong> wystartowa\u0142a w 2014 roku, gdy podpisa\u0142a kontrakt z wytw\u00f3rnia Capitol Music France. Trzy lata p\u00f3\u017aniej wyda\u0142a sw\u00f3j debiutancki singel <\/span><b>&#8220;Pas grandir&#8221;<\/b><span style=\"font-weight: 400;\">, kt\u00f3ry promowa\u0142 jej pierwsz\u0105 EP-k\u0119, zatytu\u0142owan\u0105 po prostu <\/span><b>\u201cBarbara Pravi\u201d<\/b><span style=\"font-weight: 400;\">.\u00a0<\/span><\/p>\n<p><span style=\"font-weight: 400;\">Zanim sama wyst\u0105pi\u0142a na Eurowizji, Barbara nie tylko tworzy\u0142a w\u0142asne utwory, ale tak\u017ce pisa\u0142a je dla innych artyst\u00f3w, w tym dla m\u0142odziutkich artystek reprezentuj\u0105cych Francj\u0119 w dzieci\u0119cej wersji konkursu Eurowizji. Jedna z nich &#8211; <\/span><b>\u201cJ\u2019imagine\u201d<\/b><span style=\"font-weight: 400;\"> &#8211; napisana dla <\/span><b>Valentiny Tronel<\/b><span style=\"font-weight: 400;\"> wygra\u0142a Eurowizj\u0119 Junior w 2020 roku. Ten sukces da\u0142 <strong>Pravi<\/strong> mo\u017cliwo\u015b\u0107, by samej wyst\u0105pi\u0107 w tym konkursie w 2021 roku. I chocia\u017c ze swoim utworem <\/span><b>\u201cVoil\u00e0\u201d<\/b><span style=\"font-weight: 400;\"> uplasowa\u0142a si\u0119 na drugim miejscu &#8211; tu\u017c za rockow\u0105 sensacj\u0105 2021 roku, czyli w\u0142oskim zespo\u0142em <\/span><b>Maneskin<\/b><span style=\"font-weight: 400;\"> &#8211; zapewni\u0142a wtedy Francji najlepszy wynik od 30 lat.\u00a0<\/span><\/p>\n<\/div>\n            <\/div>\n        <\/div>\n    <\/div>\n<\/section>\n\n\n<section class=\"image-block  section-margin-32 image-block--fullWidth\" >\n        <div class=\"container\">\n        <div class=\"row\">\n            <div class=\"col-24\">\n                                <div class=\"image-block__container\">\n                    <div class=\"image-block__wrapper\"><img loading=\"lazy\" decoding=\"async\" width=\"1920\" height=\"1080\" src=\"https:\/\/www.ebilet.pl\/now\/app\/uploads\/2025\/01\/barbara_pravi_1.jpg\" class=\"attachment-full size-full\" alt=\"\" srcset=\"https:\/\/www.ebilet.pl\/now\/app\/uploads\/2025\/01\/barbara_pravi_1.jpg 1920w, https:\/\/www.ebilet.pl\/now\/app\/uploads\/2025\/01\/barbara_pravi_1-1024x576.jpg 1024w, https:\/\/www.ebilet.pl\/now\/app\/uploads\/2025\/01\/barbara_pravi_1-1536x864.jpg 1536w, https:\/\/www.ebilet.pl\/now\/app\/uploads\/2025\/01\/barbara_pravi_1-1280x720.jpg 1280w, https:\/\/www.ebilet.pl\/now\/app\/uploads\/2025\/01\/barbara_pravi_1-500x281.jpg 500w, https:\/\/www.ebilet.pl\/now\/app\/uploads\/2025\/01\/barbara_pravi_1-632x356.jpg 632w, https:\/\/www.ebilet.pl\/now\/app\/uploads\/2025\/01\/barbara_pravi_1-308x174.jpg 308w\" sizes=\"(max-width: 1920px) 100vw, 1920px\" \/><\/div>\n                                            <div class=\"image-block__caption typo-12\">Fot. PAP\/EPA\/Christophe Petit Tensson<\/div>\n                                    <\/div>\n                            <\/div>\n        <\/div>\n    <\/div>\n<\/section>\n\n\n<section class=\"text-block  section-margin-32\" >\n    <div class=\"container\">\n        <div class=\"row\">\n            <div class=\"col-24\">\n                <div class=\"text-block__content\"><p><span style=\"font-weight: 400;\">Ten sukces otworzy\u0142 m\u0142odziutkiej piosenkarce wiele drzwi i sprawi\u0142, \u017ce momentalnie sta\u0142o si\u0119 o niej bardzo g\u0142o\u015bno nie tylko nad Sekwan\u0105, ale tak\u017ce w ca\u0142ej Europie. Dzi\u0119ki pe\u0142nemu emocji i pasji wyst\u0119powi, <strong>Pravi<\/strong> sta\u0142a si\u0119 jedn\u0105 z najpopularniejszych francuskich artystek m\u0142odego pokolenia. Z miejsca okrzykni\u0119to j\u0105 wschodz\u0105ca gwiazd\u0105 francuskiej chanson i wsp\u00f3\u0142czesnym wcieleniem legendarnej <\/span><b>Edith Piaf<\/b><span style=\"font-weight: 400;\">.\u00a0<\/span><\/p>\n<p><span style=\"font-weight: 400;\">Do dzi\u015b ballada <\/span><b>\u201cVoil\u00e0\u201d<\/b><span style=\"font-weight: 400;\"> przekroczy\u0142a 500 milion\u00f3w stream\u00f3w na ca\u0142ym \u015bwiecie i sta\u0142a si\u0119 mi\u0119dzynarodowym hymnem wszystkich, kt\u00f3rzy chc\u0105, by ich g\u0142os zosta\u0142 us\u0142yszany. Surowe emocje i dramatyzm zar\u00f3wno w melodii, jak i wokalu nawi\u0105zuj\u0105 do najlepszych szansonistek francuskiej piosenki &#8211; <\/span><b>Greco<\/b><span style=\"font-weight: 400;\">, <\/span><b>Zaz<\/b><span style=\"font-weight: 400;\">, <\/span><b>Kaas<\/b><span style=\"font-weight: 400;\">, <\/span><b>Mathieu<\/b><span style=\"font-weight: 400;\">.<\/span><\/p>\n<\/div>\n            <\/div>\n        <\/div>\n    <\/div>\n<\/section>\n\n\n<figure class=\"wp-block-embed is-type-video is-provider-youtube wp-block-embed-youtube wp-embed-aspect-16-9 wp-has-aspect-ratio\"><div class=\"wp-block-embed__wrapper\">\n<iframe loading=\"lazy\" title=\"Barbara Pravi - Voil\u00e0 (Clip Officiel)\" width=\"500\" height=\"281\" src=\"https:\/\/www.youtube.com\/embed\/VJuD7AnV-uw?feature=oembed\" frameborder=\"0\" allow=\"accelerometer; autoplay; clipboard-write; encrypted-media; gyroscope; picture-in-picture; web-share\" referrerpolicy=\"strict-origin-when-cross-origin\" allowfullscreen><\/iframe>\n<\/div><\/figure>\n\n\n<section class=\"gap-block  section-margin-32 section-margin-32\"><\/section>\n\n\n<section class=\"text-block  section-margin-32\" >\n    <div class=\"container\">\n        <div class=\"row\">\n            <div class=\"col-24\">\n                <div class=\"text-block__content\"><h2><strong>\u201cOn n\u2019enferme pas les oiseaux\u201d\u00a0<\/strong><\/h2>\n<p><span style=\"font-weight: 400;\">Po tym mi\u0119dzynarodowym sukcesie <strong>Pravi<\/strong> udowodni\u0142a, \u017ce \u200b\u200bjest kim\u015b wi\u0119cej, ni\u017c gwiazd\u0105 jednego przeboju za spraw\u0105 debiutanckiego albumu <\/span><b>\u201cOn n\u2019enferme pas les oiseaux\u201d<\/b><span style=\"font-weight: 400;\">, kt\u00f3ry ukaza\u0142 si\u0119 na rynku w 2021 roku i zebra\u0142 \u015bwietne recenzje zar\u00f3wno od fan\u00f3w, jak i od krytyk\u00f3w muzycznych, a artystce da\u0142 status jednego z najbardziej ekscytuj\u0105cych nowych g\u0142os\u00f3w w muzyce francuskiej.<\/span><\/p>\n<p><span style=\"font-weight: 400;\">Sprzedany w nak\u0142adzie ponad 100 tys. egzemplarzy na ca\u0142ym \u015bwiecie kr\u0105\u017cek przyni\u00f3s\u0142 Barbarze nagrod\u0119 francuskiego przemys\u0142u muzycznego za najlepszy debiut. Otrzyma\u0142a te\u017c Nagrod\u0119 Grand Prix Sacem za Piosenk\u0119 Roku, a w 2022 roku zosta\u0142a og\u0142oszona Kobiecym Odkryciem Roku na Victoires de la Musique.<\/span><\/p>\n<p><span style=\"font-weight: 400;\">Brzmienie<\/span><b> \u201cOn n\u2019enferme pas les oiseaux\u201d <\/b><span style=\"font-weight: 400;\">wywodzi si\u0119 ze wspania\u0142ej tradycji klasycznego chanson. Zreszt\u0105 sama <strong>Pravi<\/strong> wymieni\u0142a tw\u00f3rczo\u015b\u0107 <\/span><b>Jacques&#8217;a Brela, Charlesa Aznavoura<\/b><span style=\"font-weight: 400;\"> i <\/span><b>Fran\u00e7oise Hardy<\/b><span style=\"font-weight: 400;\"> jako jej g\u0142\u00f3wne muzyczne inspiracje przy jego tworzeniu. Artystka bierze tutaj przyk\u0142ad z tych wielkich g\u0142os\u00f3w piosenki francuskiej, ale jest daleka od repliki i dostarcza sw\u00f3j materia\u0142 z w\u0142asnym charakterystycznym emocjonalnym ci\u0119\u017carem, poetyk\u0105 i szczero\u015bci\u0105.<\/span><\/p>\n<\/div>\n            <\/div>\n        <\/div>\n    <\/div>\n<\/section>\n\n\n<section class=\"tickets-slider  section-margin-32\"\n    data-tickets-slider\n    data-item-list-name=\"Karuzela z buttonami\"\n    data-item-list-id=\"karuzela_z_buttonami\"\n    >\n    <div class=\"container\">\n        <div class=\"row\">\n            <div class=\"col-24\">\n                <div class=\"tickets-slider__main\">\n                    <div class=\"tickets-slider__nav tickets-slider__nav--prev\">\n                        <div class=\"button button--withIcon button--theme-white-blur button--size-fixed-48\" data-tickets-slider-prev>\n                            <span class=\"button__icon icon icon-chevron-left\"><\/span>\n                        <\/div>\n                    <\/div>\n                    <div class=\"tickets-slider__nav tickets-slider__nav--next\">\n                        <div class=\"button button--withIcon button--theme-white-blur button--size-fixed-48\" data-tickets-slider-next>\n                            <span class=\"button__icon icon icon-chevron-right\"><\/span>\n                        <\/div>\n                    <\/div>\n                    <div class=\"tickets-slider__slider swiper\" data-tickets-slider-slider>\n                        <div class=\"tickets-slider__sliderWrapper swiper-wrapper\">\n                                                            <div class=\"tickets-slider__sliderItem swiper-slide\"\n                                    data-id=\"6239\"\n                                    data-name=\"Ryszard Rynkowski - najwi\u0119ksze przeboje\"\n                                    data-brand=\"FUNDACJA \u201eUNIKULTURA\u201d\"\n                                    data-category=\"muzyka\"\n                                    data-subcategory=\"piosenka\"\n                                    data-city=\"Piotrk\u00f3w Trybunalski, Tomasz\u00f3w Mazowiecki, Warszawa i inne\"\n                                    data-venue=\"Powiatowe Centrum Animacji Spo\u0142ecznej Tomasz\u00f3w Mazowiecki\">\n                                    <div class=\"tickets-slider__sliderCard\">\n                                        \n<div class=\"card-ticket\">\n        <div class=\"card-ticket__image\">\n        <a href=\"https:\/\/www.ebilet.pl\/muzyka\/piosenka\/ryszard-rynkowski\">\n            <img decoding=\"async\" src=\"https:\/\/www.ebilet.pl\/media\/cms\/media\/xg3a1sws\/ryszard-rynkowski-552_736-b43884b0-165e-c2ae-4d45-56a8865df109.webp\" alt=\"Plakat wydarzenia\" \/>\n        <\/a>\n    <\/div>\n             \n    <div class=\"card-ticket__link\">\n        <a href=\"https:\/\/www.ebilet.pl\/muzyka\/piosenka\/ryszard-rynkowski\" class=\"button button--theme-primary-yellow button--withIconLeft button--size-small\">\n            <span class=\"button__icon icon icon-ticket\"><\/span>\n            <p class=\"button__text typo-16 f-600\">Kup bilet<\/p>\n        <\/a>\n    <\/div>\n    <\/div>                                    <\/div>\n                                <\/div>\n                                                            <div class=\"tickets-slider__sliderItem swiper-slide\"\n                                    data-id=\"74689\"\n                                    data-name=\"Eleni\"\n                                    data-brand=\"WIKART MA\u0141GORZATA WNUK\"\n                                    data-category=\"muzyka\"\n                                    data-subcategory=\"piosenka\"\n                                    data-city=\"Bia\u0142ystok, Gda\u0144sk, Pruszk\u00f3w i inne\"\n                                    data-venue=\"Terminal Kultury Goc\u0142aw\">\n                                    <div class=\"tickets-slider__sliderCard\">\n                                        \n<div class=\"card-ticket\">\n        <div class=\"card-ticket__image\">\n        <a href=\"https:\/\/www.ebilet.pl\/muzyka\/piosenka\/eleni\">\n            <img decoding=\"async\" src=\"https:\/\/www.ebilet.pl\/media\/cms\/media\/arpjimjo\/eleni-552-587ccee2-74aa-2771-918c-c48120556482-1-7f6d42b1-4359-ad57-eacd-3ebc4b26bf69.webp\" alt=\"Plakat wydarzenia\" \/>\n        <\/a>\n    <\/div>\n             \n    <div class=\"card-ticket__link\">\n        <a href=\"https:\/\/www.ebilet.pl\/muzyka\/piosenka\/eleni\" class=\"button button--theme-primary-yellow button--withIconLeft button--size-small\">\n            <span class=\"button__icon icon icon-ticket\"><\/span>\n            <p class=\"button__text typo-16 f-600\">Kup bilet<\/p>\n        <\/a>\n    <\/div>\n    <\/div>                                    <\/div>\n                                <\/div>\n                                                            <div class=\"tickets-slider__sliderItem swiper-slide\"\n                                    data-id=\"119010\"\n                                    data-name=\"Czy pami\u0119tasz? - koncert dedykowany Ewie Demarczyk i Markowi Grechucie w wykonaniu Piwnicy pod Baranami\"\n                                    data-brand=\"Adria Art\"\n                                    data-category=\"muzyka\"\n                                    data-subcategory=\"piosenka\"\n                                    data-city=\"Krak\u00f3w, Pozna\u0144, Warszawa i inne\"\n                                    data-venue=\"Teatr Muzyczny ROMA w Warszawie\">\n                                    <div class=\"tickets-slider__sliderCard\">\n                                        \n<div class=\"card-ticket\">\n        <div class=\"card-ticket__image\">\n        <a href=\"https:\/\/www.ebilet.pl\/muzyka\/piosenka\/czy-pamietasz\">\n            <img decoding=\"async\" src=\"https:\/\/www.ebilet.pl\/media\/cms\/media\/12rbzae1\/552x736-31-c64f812e-49f5-5727-4e5b-f9ab0cef2a0e-ae7e28c1-54a1-4cad-aa2b-4133231109f2.webp\" alt=\"Plakat wydarzenia\" \/>\n        <\/a>\n    <\/div>\n             \n    <div class=\"card-ticket__link\">\n        <a href=\"https:\/\/www.ebilet.pl\/muzyka\/piosenka\/czy-pamietasz\" class=\"button button--theme-primary-yellow button--withIconLeft button--size-small\">\n            <span class=\"button__icon icon icon-ticket\"><\/span>\n            <p class=\"button__text typo-16 f-600\">Kup bilet<\/p>\n        <\/a>\n    <\/div>\n    <\/div>                                    <\/div>\n                                <\/div>\n                                                            <div class=\"tickets-slider__sliderItem swiper-slide\"\n                                    data-id=\"117404\"\n                                    data-name=\"Krakowskie klimaty \u2013 W\u00f3jcicki, Rybotycka\"\n                                    data-brand=\"Adria Art\"\n                                    data-category=\"muzyka\"\n                                    data-subcategory=\"piosenka\"\n                                    data-city=\"Gda\u0144sk, Krak\u00f3w, Tychy i inne\"\n                                    data-venue=\"Polska Filharmonia Ba\u0142tycka im. Fryderyka Chopina\">\n                                    <div class=\"tickets-slider__sliderCard\">\n                                        \n<div class=\"card-ticket\">\n        <div class=\"card-ticket__image\">\n        <a href=\"https:\/\/www.ebilet.pl\/muzyka\/piosenka\/wojcicki-rybotycka\">\n            <img decoding=\"async\" src=\"https:\/\/www.ebilet.pl\/media\/cms\/media\/mk5bqgm5\/krakowskie-klimaty-552-x-736-px-102c24f7-723d-46a4-8b13-f7b1cfd0e20f.webp\" alt=\"Plakat wydarzenia\" \/>\n        <\/a>\n    <\/div>\n             \n    <div class=\"card-ticket__link\">\n        <a href=\"https:\/\/www.ebilet.pl\/muzyka\/piosenka\/wojcicki-rybotycka\" class=\"button button--theme-primary-yellow button--withIconLeft button--size-small\">\n            <span class=\"button__icon icon icon-ticket\"><\/span>\n            <p class=\"button__text typo-16 f-600\">Kup bilet<\/p>\n        <\/a>\n    <\/div>\n    <\/div>                                    <\/div>\n                                <\/div>\n                                                            <div class=\"tickets-slider__sliderItem swiper-slide\"\n                                    data-id=\"142293\"\n                                    data-name=\"Cohen w teatrze\"\n                                    data-brand=\"Adria Art\"\n                                    data-category=\"muzyka\"\n                                    data-subcategory=\"piosenka\"\n                                    data-city=\"Krak\u00f3w, \u0141a\u0144cut, Warszawa i inne\"\n                                    data-venue=\"Miejski Dom Kultury w \u0141a\u0144cucie\">\n                                    <div class=\"tickets-slider__sliderCard\">\n                                        \n<div class=\"card-ticket\">\n        <div class=\"card-ticket__image\">\n        <a href=\"https:\/\/www.ebilet.pl\/muzyka\/piosenka\/cohen-w-teatrze\">\n            <img decoding=\"async\" src=\"https:\/\/www.ebilet.pl\/media\/cms\/media\/zm3nxwcq\/cohen-552x736-db2b0a1d-1099-48a4-ad69-dc27a553b777.webp\" alt=\"Plakat wydarzenia\" \/>\n        <\/a>\n    <\/div>\n             \n    <div class=\"card-ticket__link\">\n        <a href=\"https:\/\/www.ebilet.pl\/muzyka\/piosenka\/cohen-w-teatrze\" class=\"button button--theme-primary-yellow button--withIconLeft button--size-small\">\n            <span class=\"button__icon icon icon-ticket\"><\/span>\n            <p class=\"button__text typo-16 f-600\">Kup bilet<\/p>\n        <\/a>\n    <\/div>\n    <\/div>                                    <\/div>\n                                <\/div>\n                                                            <div class=\"tickets-slider__sliderItem swiper-slide\"\n                                    data-id=\"5738\"\n                                    data-name=\"Edyta Geppert \"\n                                    data-brand=\"SoSimple Group\"\n                                    data-category=\"muzyka\"\n                                    data-subcategory=\"piosenka\"\n                                    data-city=\"Bielsko-Bia\u0142a, Bochnia, Bytom i inne\"\n                                    data-venue=\"O\u015bwi\u0119cimskie Centrum Kultury\">\n                                    <div class=\"tickets-slider__sliderCard\">\n                                        \n<div class=\"card-ticket\">\n        <div class=\"card-ticket__image\">\n        <a href=\"https:\/\/www.ebilet.pl\/muzyka\/piosenka\/edyta-geppert\">\n            <img decoding=\"async\" src=\"https:\/\/www.ebilet.pl\/media\/cms\/media\/mmlecnrc\/e-geppert-ebilet-pion-2d7d64ea-172f-477e-809b-166bd8433291.webp\" alt=\"Plakat wydarzenia\" \/>\n        <\/a>\n    <\/div>\n             \n    <div class=\"card-ticket__link\">\n        <a href=\"https:\/\/www.ebilet.pl\/muzyka\/piosenka\/edyta-geppert\" class=\"button button--theme-primary-yellow button--withIconLeft button--size-small\">\n            <span class=\"button__icon icon icon-ticket\"><\/span>\n            <p class=\"button__text typo-16 f-600\">Kup bilet<\/p>\n        <\/a>\n    <\/div>\n    <\/div>                                    <\/div>\n                                <\/div>\n                                                            <div class=\"tickets-slider__sliderItem swiper-slide\"\n                                    data-id=\"155865\"\n                                    data-name=\"Andrzej Sikorowski w duecie z Jackiem Kr\u00f3likiem\"\n                                    data-brand=\"WIKART MA\u0141GORZATA WNUK\"\n                                    data-category=\"muzyka\"\n                                    data-subcategory=\"piosenka\"\n                                    data-city=\"Gdynia, Inowroc\u0142aw, Kielce i inne\"\n                                    data-venue=\"Nowohuckie Centrum Kultury w Krakowie\">\n                                    <div class=\"tickets-slider__sliderCard\">\n                                        \n<div class=\"card-ticket\">\n        <div class=\"card-ticket__image\">\n        <a href=\"https:\/\/www.ebilet.pl\/muzyka\/piosenka\/andrzej-sikorowski-w-duecie-z-jackiem-krolikiem\">\n            <img decoding=\"async\" src=\"https:\/\/www.ebilet.pl\/media\/cms\/media\/ythnn3cc\/sikorowski_552x736_3-1e791e02-818a-4f75-a709-6a3097400606.webp\" alt=\"Plakat wydarzenia\" \/>\n        <\/a>\n    <\/div>\n             \n    <div class=\"card-ticket__link\">\n        <a href=\"https:\/\/www.ebilet.pl\/muzyka\/piosenka\/andrzej-sikorowski-w-duecie-z-jackiem-krolikiem\" class=\"button button--theme-primary-yellow button--withIconLeft button--size-small\">\n            <span class=\"button__icon icon icon-ticket\"><\/span>\n            <p class=\"button__text typo-16 f-600\">Kup bilet<\/p>\n        <\/a>\n    <\/div>\n    <\/div>                                    <\/div>\n                                <\/div>\n                                                            <div class=\"tickets-slider__sliderItem swiper-slide\"\n                                    data-id=\"156231\"\n                                    data-name=\"Cohen - Po mi\u0142o\u015bci kres. \u015apiewa Artur \u017bmijewski\"\n                                    data-brand=\"Adria Art\"\n                                    data-category=\"muzyka\"\n                                    data-subcategory=\"piosenka\"\n                                    data-city=\"Bia\u0142ystok, Bydgoszcz, D\u0105browa G\u00f3rnicza i inne\"\n                                    data-venue=\"Pa\u0142ac Kultury Zag\u0142\u0119bia \">\n                                    <div class=\"tickets-slider__sliderCard\">\n                                        \n<div class=\"card-ticket\">\n        <div class=\"card-ticket__image\">\n        <a href=\"https:\/\/www.ebilet.pl\/muzyka\/piosenka\/cohen-po-milosci-kres\">\n            <img decoding=\"async\" src=\"https:\/\/www.ebilet.pl\/media\/cms\/media\/4abpydfw\/ebilet_552x736_cohen_po_-mi_o_ci_kres-5157b4af-e40d-4bba-aa35-2344836dfc76.webp\" alt=\"Plakat wydarzenia\" \/>\n        <\/a>\n    <\/div>\n             \n    <div class=\"card-ticket__link\">\n        <a href=\"https:\/\/www.ebilet.pl\/muzyka\/piosenka\/cohen-po-milosci-kres\" class=\"button button--theme-primary-yellow button--withIconLeft button--size-small\">\n            <span class=\"button__icon icon icon-ticket\"><\/span>\n            <p class=\"button__text typo-16 f-600\">Kup bilet<\/p>\n        <\/a>\n    <\/div>\n    <\/div>                                    <\/div>\n                                <\/div>\n                                                            <div class=\"tickets-slider__sliderItem swiper-slide\"\n                                    data-id=\"17883\"\n                                    data-name=\"Muzyczny \u017cyciorys Franka Sinatry przy \u015bwiecach\"\n                                    data-brand=\"Copernicus Sp\u00f3\u0142ka z o.o.\"\n                                    data-category=\"muzyka\"\n                                    data-subcategory=\"piosenka\"\n                                    data-city=\"Bia\u0142ystok, Bielsko-Bia\u0142a, Bydgoszcz i inne\"\n                                    data-venue=\"Zesp\u00f3\u0142 Szk\u00f3\u0142 Muzycznych im. I. Paderewskiego\">\n                                    <div class=\"tickets-slider__sliderCard\">\n                                        \n<div class=\"card-ticket\">\n        <div class=\"card-ticket__image\">\n        <a href=\"https:\/\/www.ebilet.pl\/muzyka\/piosenka\/muzyczny-zyciorys-franka-sinatry\">\n            <img decoding=\"async\" src=\"https:\/\/www.ebilet.pl\/media\/cms\/media\/0hkghsaj\/baner-552x736-px-sinatra-1-ab94d2df-2eb0-4e6b-93e7-969a0b61e32b.webp\" alt=\"Plakat wydarzenia\" \/>\n        <\/a>\n    <\/div>\n             \n    <div class=\"card-ticket__link\">\n        <a href=\"https:\/\/www.ebilet.pl\/muzyka\/piosenka\/muzyczny-zyciorys-franka-sinatry\" class=\"button button--theme-primary-yellow button--withIconLeft button--size-small\">\n            <span class=\"button__icon icon icon-ticket\"><\/span>\n            <p class=\"button__text typo-16 f-600\">Kup bilet<\/p>\n        <\/a>\n    <\/div>\n    <\/div>                                    <\/div>\n                                <\/div>\n                                                            <div class=\"tickets-slider__sliderItem swiper-slide\"\n                                    data-id=\"160617\"\n                                    data-name=\"Wodecki symfonicznie - Lubi\u0119 wraca\u0107 tam gdzie by\u0142em ju\u017c...\"\n                                    data-brand=\"Make Music Robert Nowak\"\n                                    data-category=\"muzyka\"\n                                    data-subcategory=\"piosenka\"\n                                    data-city=\"Krak\u00f3w\"\n                                    data-venue=\"\">\n                                    <div class=\"tickets-slider__sliderCard\">\n                                        \n<div class=\"card-ticket\">\n        <div class=\"card-ticket__image\">\n        <a href=\"https:\/\/www.ebilet.pl\/muzyka\/piosenka\/wodecki-symfonicznie\">\n            <img decoding=\"async\" src=\"https:\/\/www.ebilet.pl\/media\/cms\/media\/i0egjhik\/600x800_wodecki_obszar-roboczy-1-f6cfa6ad-16a7-46d8-917a-07488a954484.webp\" alt=\"Plakat wydarzenia\" \/>\n        <\/a>\n    <\/div>\n             \n    <div class=\"card-ticket__link\">\n        <a href=\"https:\/\/www.ebilet.pl\/muzyka\/piosenka\/wodecki-symfonicznie\" class=\"button button--theme-primary-yellow button--withIconLeft button--size-small\">\n            <span class=\"button__icon icon icon-ticket\"><\/span>\n            <p class=\"button__text typo-16 f-600\">Kup bilet<\/p>\n        <\/a>\n    <\/div>\n    <\/div>                                    <\/div>\n                                <\/div>\n                                                            <div class=\"tickets-slider__sliderItem swiper-slide\"\n                                    data-id=\"164180\"\n                                    data-name=\"Wieczorem w Pary\u017cu\"\n                                    data-brand=\"Music Everywhere Sp. z o.o.\"\n                                    data-category=\"muzyka\"\n                                    data-subcategory=\"piosenka\"\n                                    data-city=\"Krak\u00f3w, Warszawa\"\n                                    data-venue=\"Teatr Muzyczny ROMA w Warszawie\">\n                                    <div class=\"tickets-slider__sliderCard\">\n                                        \n<div class=\"card-ticket\">\n        <div class=\"card-ticket__image\">\n        <a href=\"https:\/\/www.ebilet.pl\/muzyka\/piosenka\/wieczorem-w-paryzu\">\n            <img decoding=\"async\" src=\"https:\/\/www.ebilet.pl\/media\/cms\/media\/4tldfnpj\/ebilet2-552-x-736-6a19f3cd-56b4-47f1-82e2-ce985c44641b.webp\" alt=\"Plakat wydarzenia\" \/>\n        <\/a>\n    <\/div>\n             \n    <div class=\"card-ticket__link\">\n        <a href=\"https:\/\/www.ebilet.pl\/muzyka\/piosenka\/wieczorem-w-paryzu\" class=\"button button--theme-primary-yellow button--withIconLeft button--size-small\">\n            <span class=\"button__icon icon icon-ticket\"><\/span>\n            <p class=\"button__text typo-16 f-600\">Kup bilet<\/p>\n        <\/a>\n    <\/div>\n    <\/div>                                    <\/div>\n                                <\/div>\n                                                            <div class=\"tickets-slider__sliderItem swiper-slide\"\n                                    data-id=\"165341\"\n                                    data-name=\"Raz, Dwa, Trzy\u2026 dzie\u015bci pi\u0119\u0107 okr\u0105\u017ce\u0144 wok\u00f3\u0142 s\u0142o\u0144ca\"\n                                    data-brand=\"Adria Art\"\n                                    data-category=\"muzyka\"\n                                    data-subcategory=\"piosenka\"\n                                    data-city=\"Katowice, Krak\u00f3w, Sopot\"\n                                    data-venue=\"Tarasy przy Parku Wodnym Sopot\">\n                                    <div class=\"tickets-slider__sliderCard\">\n                                        \n<div class=\"card-ticket\">\n        <div class=\"card-ticket__image\">\n        <a href=\"https:\/\/www.ebilet.pl\/muzyka\/piosenka\/raz-dwa-trzy-jubileusz\">\n            <img decoding=\"async\" src=\"https:\/\/www.ebilet.pl\/media\/cms\/media\/btyb0uqk\/ebilet_552x736_raz-dwa-trzy-jubileusz-35-lecia-zespo_u-09757b3b-050d-4041-8d12-b6a1572fcbf7.webp\" alt=\"Plakat wydarzenia\" \/>\n        <\/a>\n    <\/div>\n             \n    <div class=\"card-ticket__link\">\n        <a href=\"https:\/\/www.ebilet.pl\/muzyka\/piosenka\/raz-dwa-trzy-jubileusz\" class=\"button button--theme-primary-yellow button--withIconLeft button--size-small\">\n            <span class=\"button__icon icon icon-ticket\"><\/span>\n            <p class=\"button__text typo-16 f-600\">Kup bilet<\/p>\n        <\/a>\n    <\/div>\n    <\/div>                                    <\/div>\n                                <\/div>\n                                                            <div class=\"tickets-slider__sliderItem swiper-slide\"\n                                    data-id=\"60361\"\n                                    data-name=\"Stanis\u0142awa Celi\u0144ska &quot;Nie jest za p\u00f3\u017ano&quot; \"\n                                    data-brand=\"Agencja Artystyczna MUZA\"\n                                    data-category=\"muzyka\"\n                                    data-subcategory=\"piosenka\"\n                                    data-city=\"Kalisz\"\n                                    data-venue=\"Wydzia\u0142 Pedagogiczno-Artystyczny w Kaliszu\">\n                                    <div class=\"tickets-slider__sliderCard\">\n                                        \n<div class=\"card-ticket\">\n        <div class=\"card-ticket__image\">\n        <a href=\"https:\/\/www.ebilet.pl\/muzyka\/piosenka\/stanislawa-celinska-koncert\">\n            <img decoding=\"async\" src=\"https:\/\/www.ebilet.pl\/media\/cms\/media\/l00pvdwm\/552x736-ebilet-0aafd38e-04e5-4ffb-9aad-355986878462.webp\" alt=\"Plakat wydarzenia\" \/>\n        <\/a>\n    <\/div>\n             \n    <div class=\"card-ticket__link\">\n        <a href=\"https:\/\/www.ebilet.pl\/muzyka\/piosenka\/stanislawa-celinska-koncert\" class=\"button button--theme-primary-yellow button--withIconLeft button--size-small\">\n            <span class=\"button__icon icon icon-ticket\"><\/span>\n            <p class=\"button__text typo-16 f-600\">Kup bilet<\/p>\n        <\/a>\n    <\/div>\n    <\/div>                                    <\/div>\n                                <\/div>\n                                                            <div class=\"tickets-slider__sliderItem swiper-slide\"\n                                    data-id=\"166613\"\n                                    data-name=\"ABBA The Show - Najwi\u0119ksze Przeboje ABBA na \u017bywo\"\n                                    data-brand=\"TARGREM SP\u00d3\u0141KA Z OGRANICZON\u0104 ODPOWIEDZIALNO\u015aCI\u0104\"\n                                    data-category=\"muzyka\"\n                                    data-subcategory=\"piosenka\"\n                                    data-city=\"Bia\u0142ystok, Bydgoszcz, Gda\u0144sk i inne\"\n                                    data-venue=\"Sala Koncertowa Filharmonii \u0141\u00f3dzkiej\">\n                                    <div class=\"tickets-slider__sliderCard\">\n                                        \n<div class=\"card-ticket\">\n        <div class=\"card-ticket__image\">\n        <a href=\"https:\/\/www.ebilet.pl\/muzyka\/piosenka\/abba-the-show-najwieksze-przeboje-abba\">\n            <img decoding=\"async\" src=\"https:\/\/www.ebilet.pl\/media\/cms\/media\/rwdanbba\/552x736-1-b67f7376-3c6b-4e22-8209-25f137878298.webp\" alt=\"Plakat wydarzenia\" \/>\n        <\/a>\n    <\/div>\n             \n    <div class=\"card-ticket__link\">\n        <a href=\"https:\/\/www.ebilet.pl\/muzyka\/piosenka\/abba-the-show-najwieksze-przeboje-abba\" class=\"button button--theme-primary-yellow button--withIconLeft button--size-small\">\n            <span class=\"button__icon icon icon-ticket\"><\/span>\n            <p class=\"button__text typo-16 f-600\">Kup bilet<\/p>\n        <\/a>\n    <\/div>\n    <\/div>                                    <\/div>\n                                <\/div>\n                                                            <div class=\"tickets-slider__sliderItem swiper-slide\"\n                                    data-id=\"149967\"\n                                    data-name=\"Wodecki Welcome to - go\u015bcie specjalni Alicja Majewska &amp; W\u0142odzimierz Korcz\"\n                                    data-brand=\"JUST FOR MUSIC BIS SP\u00d3\u0141KA Z OGRANICZON\u0104 ODPOWIEDZIALNO\u015aCI\u0104\"\n                                    data-category=\"muzyka\"\n                                    data-subcategory=\"piosenka\"\n                                    data-city=\"Krak\u00f3w, Lublin, Warszawa\"\n                                    data-venue=\"Centrum Spotkania Kultur\">\n                                    <div class=\"tickets-slider__sliderCard\">\n                                        \n<div class=\"card-ticket\">\n        <div class=\"card-ticket__image\">\n        <a href=\"https:\/\/www.ebilet.pl\/muzyka\/piosenka\/wodecki-welcome-to\">\n            <img decoding=\"async\" src=\"https:\/\/www.ebilet.pl\/media\/cms\/media\/5crpeypd\/wodecki_jesie__552x736-1887f18c-d8fe-4fbb-b4fe-8cf385e93c8f.webp\" alt=\"Plakat wydarzenia\" \/>\n        <\/a>\n    <\/div>\n             \n    <div class=\"card-ticket__link\">\n        <a href=\"https:\/\/www.ebilet.pl\/muzyka\/piosenka\/wodecki-welcome-to\" class=\"button button--theme-primary-yellow button--withIconLeft button--size-small\">\n            <span class=\"button__icon icon icon-ticket\"><\/span>\n            <p class=\"button__text typo-16 f-600\">Kup bilet<\/p>\n        <\/a>\n    <\/div>\n    <\/div>                                    <\/div>\n                                <\/div>\n                                                            <div class=\"tickets-slider__sliderItem swiper-slide\"\n                                    data-id=\"60405\"\n                                    data-name=\"Alicja Majewska i W\u0142odzimierz Korcz - Jubileusz 50 lat\"\n                                    data-brand=\"JUST FOR MUSIC BIS SP\u00d3\u0141KA Z OGRANICZON\u0104 ODPOWIEDZIALNO\u015aCI\u0104\"\n                                    data-category=\"muzyka\"\n                                    data-subcategory=\"piosenka\"\n                                    data-city=\"Bia\u0142ystok, Cz\u0119stochowa, Elbl\u0105g i inne\"\n                                    data-venue=\"Collegium Novum\">\n                                    <div class=\"tickets-slider__sliderCard\">\n                                        \n<div class=\"card-ticket\">\n        <div class=\"card-ticket__image\">\n        <a href=\"https:\/\/www.ebilet.pl\/muzyka\/piosenka\/majewska-korcz\">\n            <img decoding=\"async\" src=\"https:\/\/www.ebilet.pl\/media\/cms\/media\/waojt0fc\/majewska_new_ebilet_552x736-042437a2-6988-4b9e-863a-82b7a2cfd4ed.webp\" alt=\"Plakat wydarzenia\" \/>\n        <\/a>\n    <\/div>\n             \n    <div class=\"card-ticket__link\">\n        <a href=\"https:\/\/www.ebilet.pl\/muzyka\/piosenka\/majewska-korcz\" class=\"button button--theme-primary-yellow button--withIconLeft button--size-small\">\n            <span class=\"button__icon icon icon-ticket\"><\/span>\n            <p class=\"button__text typo-16 f-600\">Kup bilet<\/p>\n        <\/a>\n    <\/div>\n    <\/div>                                    <\/div>\n                                <\/div>\n                                                            <div class=\"tickets-slider__sliderItem swiper-slide\"\n                                    data-id=\"179218\"\n                                    data-name=\"Nie dokazuj! Najwi\u0119ksze przeboje Marka Grechuty\"\n                                    data-brand=\"Adria Art\"\n                                    data-category=\"muzyka\"\n                                    data-subcategory=\"piosenka\"\n                                    data-city=\"Gda\u0144sk, Krak\u00f3w, \u0141\u00f3d\u017a\"\n                                    data-venue=\"Stary Mane\u017c\">\n                                    <div class=\"tickets-slider__sliderCard\">\n                                        \n<div class=\"card-ticket\">\n        <div class=\"card-ticket__image\">\n        <a href=\"https:\/\/www.ebilet.pl\/muzyka\/piosenka\/najwieksze-przeboje-marka-grechuty\">\n            <img decoding=\"async\" src=\"https:\/\/www.ebilet.pl\/media\/cms\/media\/3eie04ir\/okladka_pion_552x736-bez-mk-e4cb4ae9-acc3-4918-8f0a-e9270130cf08.webp\" alt=\"Plakat wydarzenia\" \/>\n        <\/a>\n    <\/div>\n             \n    <div class=\"card-ticket__link\">\n        <a href=\"https:\/\/www.ebilet.pl\/muzyka\/piosenka\/najwieksze-przeboje-marka-grechuty\" class=\"button button--theme-primary-yellow button--withIconLeft button--size-small\">\n            <span class=\"button__icon icon icon-ticket\"><\/span>\n            <p class=\"button__text typo-16 f-600\">Kup bilet<\/p>\n        <\/a>\n    <\/div>\n    <\/div>                                    <\/div>\n                                <\/div>\n                                                            <div class=\"tickets-slider__sliderItem swiper-slide\"\n                                    data-id=\"6253\"\n                                    data-name=\"Micha\u0142 Bajor &quot;Piosenki, kt\u00f3re lubi\u0119&quot;\"\n                                    data-brand=\"PROMOTON Agencja Artystyczna\"\n                                    data-category=\"muzyka\"\n                                    data-subcategory=\"piosenka\"\n                                    data-city=\"Be\u0142chat\u00f3w, Bia\u0142ystok, Cz\u0119stochowa i inne\"\n                                    data-venue=\"Powiatowe Centrum Animacji Spo\u0142ecznej Tomasz\u00f3w Mazowiecki\">\n                                    <div class=\"tickets-slider__sliderCard\">\n                                        \n<div class=\"card-ticket\">\n        <div class=\"card-ticket__image\">\n        <a href=\"https:\/\/www.ebilet.pl\/muzyka\/piosenka\/michal-bajor\">\n            <img decoding=\"async\" src=\"https:\/\/www.ebilet.pl\/media\/cms\/media\/ficbl33w\/bajor-552x736-f60ee742-bdd1-4e9b-9eb7-bb8e9423b900.webp\" alt=\"Plakat wydarzenia\" \/>\n        <\/a>\n    <\/div>\n             \n    <div class=\"card-ticket__link\">\n        <a href=\"https:\/\/www.ebilet.pl\/muzyka\/piosenka\/michal-bajor\" class=\"button button--theme-primary-yellow button--withIconLeft button--size-small\">\n            <span class=\"button__icon icon icon-ticket\"><\/span>\n            <p class=\"button__text typo-16 f-600\">Kup bilet<\/p>\n        <\/a>\n    <\/div>\n    <\/div>                                    <\/div>\n                                <\/div>\n                                                            <div class=\"tickets-slider__sliderItem swiper-slide\"\n                                    data-id=\"37837\"\n                                    data-name=\"W\u0142odzimierz Wysocki - Wierzcie mi wr\u00f3c\u0119 tu...\"\n                                    data-brand=\"Luckystar,s.r.o.\"\n                                    data-category=\"muzyka\"\n                                    data-subcategory=\"piosenka\"\n                                    data-city=\"Warszawa, Wroc\u0142aw\"\n                                    data-venue=\"Teatr Kamienica w Warszawie\">\n                                    <div class=\"tickets-slider__sliderCard\">\n                                        \n<div class=\"card-ticket\">\n        <div class=\"card-ticket__image\">\n        <a href=\"https:\/\/www.ebilet.pl\/muzyka\/piosenka\/wlodzimierz-wysocki\">\n            <img decoding=\"async\" src=\"https:\/\/www.ebilet.pl\/media\/cms\/media\/152jatom\/vysotsky-552x736-1-f09895b2-94ac-4b4d-b6fd-f968abbcdbbe.webp\" alt=\"Plakat wydarzenia\" \/>\n        <\/a>\n    <\/div>\n             \n    <div class=\"card-ticket__link\">\n        <a href=\"https:\/\/www.ebilet.pl\/muzyka\/piosenka\/wlodzimierz-wysocki\" class=\"button button--theme-primary-yellow button--withIconLeft button--size-small\">\n            <span class=\"button__icon icon icon-ticket\"><\/span>\n            <p class=\"button__text typo-16 f-600\">Kup bilet<\/p>\n        <\/a>\n    <\/div>\n    <\/div>                                    <\/div>\n                                <\/div>\n                                                            <div class=\"tickets-slider__sliderItem swiper-slide\"\n                                    data-id=\"181804\"\n                                    data-name=\"D\u017centelmeni Polskiej Piosenki\"\n                                    data-brand=\"TARGREM SP\u00d3\u0141KA Z OGRANICZON\u0104 ODPOWIEDZIALNO\u015aCI\u0104\"\n                                    data-category=\"muzyka\"\n                                    data-subcategory=\"piosenka\"\n                                    data-city=\"Bia\u0142ystok, Bielsko-Bia\u0142a, Bydgoszcz i inne\"\n                                    data-venue=\"Akademickie Centrum Kultury i Sportu Politechniki Cz\u0119stochowskiej\">\n                                    <div class=\"tickets-slider__sliderCard\">\n                                        \n<div class=\"card-ticket\">\n        <div class=\"card-ticket__image\">\n        <a href=\"https:\/\/www.ebilet.pl\/muzyka\/piosenka\/dzentelmeni-polskiej-piosenki\">\n            <img decoding=\"async\" src=\"https:\/\/www.ebilet.pl\/media\/cms\/media\/tpkpxqgp\/552x736-1-32257ca5-7734-4e19-8b31-b251a452b2b7.webp\" alt=\"Plakat wydarzenia\" \/>\n        <\/a>\n    <\/div>\n             \n    <div class=\"card-ticket__link\">\n        <a href=\"https:\/\/www.ebilet.pl\/muzyka\/piosenka\/dzentelmeni-polskiej-piosenki\" class=\"button button--theme-primary-yellow button--withIconLeft button--size-small\">\n            <span class=\"button__icon icon icon-ticket\"><\/span>\n            <p class=\"button__text typo-16 f-600\">Kup bilet<\/p>\n        <\/a>\n    <\/div>\n    <\/div>                                    <\/div>\n                                <\/div>\n                                                    <\/div>\n                    <\/div>\n                <\/div>\n            <\/div>\n        <\/div>\n    <\/div>\n<\/section>\n\n\n<section class=\"text-block  section-margin-32\" >\n    <div class=\"container\">\n        <div class=\"row\">\n            <div class=\"col-24\">\n                <div class=\"text-block__content\"><p><span style=\"font-weight: 400;\"><strong>\u201cOn N\u2019Enferme Pas Les Oiseaux\u201d<\/strong> to co\u015b zdecydowanie wi\u0119cej, ni\u017c tylko kolejny francuskoj\u0119zyczny album o mi\u0142osnych uniesieniach i rozterkach. Kr\u0105\u017cek \u015bwietnie pokazuje szeroki zakres umiej\u0119tno\u015bci <strong>Pravi<\/strong> w \u0142\u0105czeniu muzycznych stylistyk i emocji. Barbara wznosi klasyczny pop ponad przeci\u0119tno\u015b\u0107 przemycaj\u0105c na p\u0142yt\u0119 po troch\u0119 poezji \u015bpiewanej, jazzu, folku, etnicznego kolorytu i akord\u00f3w mog\u0105cych si\u0119 kojarzy\u0107 z muzyk\u0105 filmow\u0105. Wszystko to zosta\u0142o ze sob\u0105 zgrabnie zmieszane w odpowiednich proporcjach.<\/span><\/p>\n<p><span style=\"font-weight: 400;\">Album jest ambitnym i dojrza\u0142ym projektem, kt\u00f3ry z powodzeniem \u0142\u0105czy osobiste historie z uniwersalnymi tematami, zapakowanymi w przyst\u0119pne, bezpretensjonalnie i uwsp\u00f3\u0142cze\u015bnione chansons. W mojej opinii zdolno\u015b\u0107 <strong>Pravi<\/strong> do przekazywania emocji za pomoc\u0105 jej lekko chropowatego g\u0142osu jest tutaj godna najwy\u017cszej pochwa\u0142y.<\/span><\/p>\n<\/div>\n            <\/div>\n        <\/div>\n    <\/div>\n<\/section>\n\n\n<figure class=\"wp-block-embed is-type-video is-provider-youtube wp-block-embed-youtube wp-embed-aspect-4-3 wp-has-aspect-ratio\"><div class=\"wp-block-embed__wrapper\">\n<iframe loading=\"lazy\" title=\"Pri\u00e8re pour rester belle\" width=\"500\" height=\"375\" src=\"https:\/\/www.youtube.com\/embed\/MY_h0QaDZ-M?feature=oembed\" frameborder=\"0\" allow=\"accelerometer; autoplay; clipboard-write; encrypted-media; gyroscope; picture-in-picture; web-share\" referrerpolicy=\"strict-origin-when-cross-origin\" allowfullscreen><\/iframe>\n<\/div><\/figure>\n\n\n<section class=\"gap-block  section-margin-32 section-margin-32\"><\/section>\n\n\n<section class=\"text-block  section-margin-32\" >\n    <div class=\"container\">\n        <div class=\"row\">\n            <div class=\"col-24\">\n                <div class=\"text-block__content\"><h2><b>\u201cLa Pieva\u201d &#8211; p\u0142yta niczym album rodzinny\u00a0<\/b><\/h2>\n<p><span style=\"font-weight: 400;\">Najnowsze wydawnictwo &#8211; czyli wydany w 2024 roku album <\/span><b>\u201cLa Pieva\u201d<\/b><span style=\"font-weight: 400;\"> &#8211; udowadnia, \u017ce <strong>Pravi<\/strong> jest znakomit\u0105 opowiadaczk\u0105 historii, \u017congluj\u0105c\u0105 r\u00f3\u017cnymi estetykami. Oczarowa\u0142a mnie na nim g\u0142\u0119boko osobista narracja, kt\u00f3r\u0105 artystka snuje przez wszystkie utwory. Bo <strong>\u201cLa Pieva\u201d<\/strong> jest jak otwarcie pude\u0142ka z rodzinnymi fotografiami. To album koncepcyjny g\u0142\u0119boko zakorzeniony w historii rodziny <strong>Pravi<\/strong>.\u00a0\u00a0\u00a0<\/span><\/p>\n<p><span style=\"font-weight: 400;\"><strong>\u201cLa Pieva\u201d<\/strong> znaczy po serbsku \u201c\u015bpiewaczka\u201d i \u201cgaw\u0119dziarka\u201d. Pracuj\u0105c nad kr\u0105\u017ckiem, <strong>Pravi<\/strong> zainspirowa\u0142a si\u0119 jedn\u0105 ze swoich \u017cyj\u0105cych sto lat temu cyga\u0144sk\u0105 krewn\u0105 \u2013 wdow\u0105 Milovanovi\u0107 &#8211; kt\u00f3ra jako La Pieva chodzi\u0142a po serbskich g\u00f3rach od wioski do wioski, by \u015bpiewa\u0107 i opowiada\u0107 dla ich mieszka\u0144c\u00f3w. Jej posta\u0107 stanowi tematyczny rdze\u0144 ca\u0142ego albumu.\u00a0\u00a0<\/span><\/p>\n<\/div>\n            <\/div>\n        <\/div>\n    <\/div>\n<\/section>\n\n\n<section class=\"image-block  section-margin-32 image-block--fullWidth\" >\n        <div class=\"container\">\n        <div class=\"row\">\n            <div class=\"col-24\">\n                                <div class=\"image-block__container\">\n                    <div class=\"image-block__wrapper\"><img loading=\"lazy\" decoding=\"async\" width=\"1920\" height=\"1080\" src=\"https:\/\/www.ebilet.pl\/now\/app\/uploads\/2025\/01\/barbara_pravi_2.jpg\" class=\"attachment-full size-full\" alt=\"\" srcset=\"https:\/\/www.ebilet.pl\/now\/app\/uploads\/2025\/01\/barbara_pravi_2.jpg 1920w, https:\/\/www.ebilet.pl\/now\/app\/uploads\/2025\/01\/barbara_pravi_2-1024x576.jpg 1024w, https:\/\/www.ebilet.pl\/now\/app\/uploads\/2025\/01\/barbara_pravi_2-1536x864.jpg 1536w, https:\/\/www.ebilet.pl\/now\/app\/uploads\/2025\/01\/barbara_pravi_2-1280x720.jpg 1280w, https:\/\/www.ebilet.pl\/now\/app\/uploads\/2025\/01\/barbara_pravi_2-500x281.jpg 500w, https:\/\/www.ebilet.pl\/now\/app\/uploads\/2025\/01\/barbara_pravi_2-632x356.jpg 632w, https:\/\/www.ebilet.pl\/now\/app\/uploads\/2025\/01\/barbara_pravi_2-308x174.jpg 308w\" sizes=\"(max-width: 1920px) 100vw, 1920px\" \/><\/div>\n                                            <div class=\"image-block__caption typo-12\">Fot. PAP\/EPA\/Robin Van Lonkhuijsen<\/div>\n                                    <\/div>\n                            <\/div>\n        <\/div>\n    <\/div>\n<\/section>\n\n\n<section class=\"text-block  section-margin-32\" >\n    <div class=\"container\">\n        <div class=\"row\">\n            <div class=\"col-24\">\n                <div class=\"text-block__content\"><p><span style=\"font-weight: 400;\">\u201cChcia\u0142bym, aby moja wnuczka Barbara, kt\u00f3ra jest r\u00f3wnie oddana muzyce, zna\u0142a pochodzenie naszego nazwiska i by nie ignorowa\u0142a tego, co przynosi jej los\u201d \u2013 napisa\u0142 dekad\u0119 temu w li\u015bcie do artystki Deda, jej dziadek. <strong>Pravi<\/strong> wzi\u0119\u0142a sobie t\u0119 pro\u015bb\u0119 do serca. Dlatego podobnie jak swoja praprababka, chce teraz na \u201cLa Pieva\u201d uhonorowa\u0107 swoje pochodzenie, opowiadaj\u0105c \u015bpiewem historie o \u017cyciu swoim i swojej rodziny, a tak\u017ce otaczaj\u0105cym j\u0105 \u015bwiecie \u2013 to\u017csamo\u015bci, mi\u0142o\u015bci, \u017cyciu i \u015bmierci, nadziei i cz\u0142owiecze\u0144stwie.<\/span><\/p>\n<\/div>\n            <\/div>\n        <\/div>\n    <\/div>\n<\/section>\n\n\n<figure class=\"wp-block-embed is-type-video is-provider-youtube wp-block-embed-youtube wp-embed-aspect-16-9 wp-has-aspect-ratio\"><div class=\"wp-block-embed__wrapper\">\n<iframe loading=\"lazy\" title=\"Barbara Pravi - La Pieva (Chez moi) (Clip Officiel)\" width=\"500\" height=\"281\" src=\"https:\/\/www.youtube.com\/embed\/YLmjA5MOmTo?feature=oembed\" frameborder=\"0\" allow=\"accelerometer; autoplay; clipboard-write; encrypted-media; gyroscope; picture-in-picture; web-share\" referrerpolicy=\"strict-origin-when-cross-origin\" allowfullscreen><\/iframe>\n<\/div><\/figure>\n\n\n<section class=\"gap-block  section-margin-32 section-margin-32\"><\/section>\n\n\n<section class=\"text-block  section-margin-32\" >\n    <div class=\"container\">\n        <div class=\"row\">\n            <div class=\"col-24\">\n                <div class=\"text-block__content\"><h2><b>Nowoczesne podej\u015bcie do klasycznej chanson<\/b><\/h2>\n<p><span style=\"font-weight: 400;\">Wi\u0119\u017a z rodzin\u0105 jest szczeg\u00f3lnie wyra\u017ana w takich piosenkach jak <\/span><b>\u201cMaman\u201d<\/b><span style=\"font-weight: 400;\">, b\u0119d\u0105c\u0105 ho\u0142dem dla macierzy\u0144stwa oraz w <strong>\u201cLa Pieva\u201d<\/strong>, kt\u00f3ra oddaje pami\u0119\u0107 jej serbskim przodkom\u00a0 i rodzinnej tradycji. Muzycznie jest to jeden z najbardziej ambitnych utwor\u00f3w na albumie &#8211; jego aran\u017cacja \u0142\u0105czy elementy tradycyjnego francuskiego chanson z subtelnymi ba\u0142ka\u0144skimi d\u017awi\u0119kami &#8211; i najbardziej wybrzmiewa tutaj konceptualny zamiar <strong>Pravi<\/strong>. W tek\u015bcie artystka bawi si\u0119 podw\u00f3jnym znaczeniem tytu\u0142u, eksploruj\u0105c to\u017csamo\u015b\u0107 La Pieva jako pie\u015bniarki i gaw\u0119dziarki.<\/span><\/p>\n<p><span style=\"font-weight: 400;\">W warstwie muzycznej album zawiera 12 utwor\u00f3w oferuj\u0105cych szereg styl\u00f3w, przy czym ka\u017cdy z nich ma swoj\u0105 w\u0142asn\u0105 atmosfer\u0119 i emocjonalny ci\u0119\u017car. Cho\u0107 ubolewam, \u017ce <strong>Pravi<\/strong> nie trzyma si\u0119 &#8211; tak jak to by\u0142o na pierwszym albumie &#8211; bardziej klasycznego, poetyckiego chanson, to musz\u0119 przyzna\u0107, \u017ce\u00a0 <strong>\u201cLa Pieva\u201d<\/strong> sprawnie utrzymuje balans mi\u0119dzy balladami i energicznymi utworami. Na p\u0142ycie s\u0142yszymy r\u00f3\u017cne wp\u0142ywy od fusion pop po nawet house. Mo\u017ce ten eklektyczny mix oddaje po prostu wielokulturowo\u015b\u0107 wsp\u00f3\u0142czesnej francuskiej muzyki? Mimo wszystko jednak muzyka na <strong>\u201cLa Pieva\u201d<\/strong> pozostaje wierna bogatej tradycji francuskiej piosenki ale udaje jej si\u0119 od\u015bwie\u017cy\u0107 ten klasyczny styl nowoczesnym podej\u015bciem.\u00a0<\/span><\/p>\n<p><span style=\"font-weight: 400;\">Tu\u017c po premierze albumu tak Barbara podzieli\u0142a si\u0119 swoimi przemy\u015bleniami na jego temat:<\/span><\/p>\n<\/div>\n            <\/div>\n        <\/div>\n    <\/div>\n<\/section>\n\n\n<section class=\"quote-block  section-margin-32\" >\n    <div class=\"container\">\n        <div class=\"row\">\n            <div class=\"col-24\">\n                <div class=\"quote-block__wrapper\">\n                    <p class=\"quote-block__quote typo-32\">\u201cTen album jest jak spotkanie przy stole, przy kt\u00f3rym chcia\u0142am powita\u0107 wszystkich, kt\u00f3rych kocham. Wszyscy jeste\u015bcie do niego zaproszeni. Trudno mi uwierzy\u0107, \u017ce b\u0119dziecie w\u0119drowa\u0107 przez te tytu\u0142y i ich historie zakorzenione w s\u0142owach, d\u017awi\u0119kach i w moim \u017cyciu. Jedno jest pewne: ta p\u0142yta zosta\u0142a stworzona z czystej i prostej mi\u0142o\u015bci. Wiem, \u017ce poczujesz to, kiedy jej pos\u0142uchasz.&#8221;<\/p>\n                <\/div>\n            <\/div>\n        <\/div>\n    <\/div>\n<\/section>\n\n\n<figure class=\"wp-block-embed is-type-video is-provider-youtube wp-block-embed-youtube wp-embed-aspect-16-9 wp-has-aspect-ratio\"><div class=\"wp-block-embed__wrapper\">\n<iframe loading=\"lazy\" title=\"Barbara Pravi - Qui j&#039;\u00e9tais (Clip Officiel)\" width=\"500\" height=\"281\" src=\"https:\/\/www.youtube.com\/embed\/CpYDOjJu5ko?feature=oembed\" frameborder=\"0\" allow=\"accelerometer; autoplay; clipboard-write; encrypted-media; gyroscope; picture-in-picture; web-share\" referrerpolicy=\"strict-origin-when-cross-origin\" allowfullscreen><\/iframe>\n<\/div><\/figure>\n\n\n<section class=\"gap-block  section-margin-32 section-margin-32\"><\/section>\n\n\n<section class=\"events-slider-block  section-margin-32\" data-events-slider-block data-carousel-title=\"Gor\u0105ce wydarzenia\" data-carousel-type=\"karuzela_z_t\u0142em\" data-item-list-name=\"Karuzela z t\u0142em Gor\u0105ce wydarzenia\" data-item-list-id=\"karuzela_z_t\u0142em Gor\u0105ce wydarzenia\" >\n    <div class=\"container\">\n        <div class=\"row\">\n            <div class=\"col-24\">\n                <div class=\"events-slider-block__wrapper\">\n                                            <div class=\"events-slider-block__bg\"><img loading=\"lazy\" decoding=\"async\" width=\"1920\" height=\"1080\" src=\"https:\/\/www.ebilet.pl\/now\/app\/uploads\/2024\/02\/shutterstock_1464313199.jpg\" class=\"attachment-full size-full\" alt=\"\" srcset=\"https:\/\/www.ebilet.pl\/now\/app\/uploads\/2024\/02\/shutterstock_1464313199.jpg 1920w, https:\/\/www.ebilet.pl\/now\/app\/uploads\/2024\/02\/shutterstock_1464313199-1024x576.jpg 1024w, https:\/\/www.ebilet.pl\/now\/app\/uploads\/2024\/02\/shutterstock_1464313199-1536x864.jpg 1536w, https:\/\/www.ebilet.pl\/now\/app\/uploads\/2024\/02\/shutterstock_1464313199-1280x720.jpg 1280w, https:\/\/www.ebilet.pl\/now\/app\/uploads\/2024\/02\/shutterstock_1464313199-500x281.jpg 500w, https:\/\/www.ebilet.pl\/now\/app\/uploads\/2024\/02\/shutterstock_1464313199-632x356.jpg 632w, https:\/\/www.ebilet.pl\/now\/app\/uploads\/2024\/02\/shutterstock_1464313199-308x174.jpg 308w\" sizes=\"(max-width: 1920px) 100vw, 1920px\" \/><\/div>\n                                                                <div class=\"events-slider-block__top\">\n                                                            <div class=\"events-slider-block__title desktop\">\n                                    <h2 class=\"typo-h2\">Gor\u0105ce wydarzenia<\/h2>\n                                <\/div>\n                                                                                        <div class=\"events-slider-block__title mobile\">\n                                    <h2 class=\"typo-h2\">Gor\u0105ce wydarzenia<\/h2>\n                                <\/div>\n                                                    <\/div>\n                                                                <div class=\"events-slider-block__main\">\n                            <div class=\"events-slider-block__nav events-slider-block__nav--prev\">\n                                <div class=\"button button--withIcon button--theme-white-blur button--size-fixed-48\" data-events-prev>\n                                    <span class=\"button__icon icon icon-chevron-left\"><\/span>\n                                <\/div>\n                            <\/div>\n                            <div class=\"events-slider-block__nav events-slider-block__nav--next\">\n                                <div class=\"button button--withIcon button--theme-white-blur button--size-fixed-48\" data-events-next>\n                                    <span class=\"button__icon icon icon-chevron-right\"><\/span>\n                                <\/div>\n                            <\/div>\n                            <div class=\"events-slider-block__slider\">\n                                <div class=\"swiper\" data-events-slider>\n                                    <div class=\"events-slider-block__sliderWrapper swiper-wrapper\">\n\n                                        \n                                            <div class=\"events-slider-block__sliderItem swiper-slide event-card\"\n                                                data-id=\"63906\"\n                                                data-name=\"Mecze towarzyskie Reprezentacji Polski m\u0119\u017cczyzn w siatk\u00f3wce\"\n                                                data-brand=\"Polska Siatk\u00f3wka Sp. z o.o.\"\n                                                data-category=\"sport\"\n                                                data-subcategory=\"sporty-druzynowe\"\n                                                data-city=\"Katowice, Sosnowiec\"\n                                                data-venue=\"ArcelorMittal Park w Sosnowcu\">\n                                                \n<div class=\"card-event  card-event--size-small\">\n        <a href=\"https:\/\/www.ebilet.pl\/sport\/sporty-druzynowe\/mecz-siatkowki\" target=\"_blank\" class=\"card-event__link\" rel=\"nofollow noopener\"><\/a>\n        <div class=\"card-event__wrapper\">\n        <div class=\"card-event__image\">\n            <img decoding=\"async\" src=\"https:\/\/www.ebilet.pl\/media\/cms\/media\/paxoijep\/mecz-1-e7ebdff4-0eeb-4b41-87f8-b8cc79cca9e1.webp\" alt=\"\">\n        <\/div>\n        <div class=\"card-event__data\">\n            <div class=\"card-event__name\">\n                <p>Mecze towarzyskie Reprezentacji Polski m\u0119\u017cczyzn w siatk\u00f3wce<\/p>\n            <\/div>\n            <div class=\"card-event__date\">20.05.2026-20.05.2026<\/div>\n            <div class=\"card-event__location\">Katowice, Sosnowiec<\/div>\n        <\/div>\n    <\/div>\n<\/div>                                            <\/div>\n                                        \n                                            <div class=\"events-slider-block__sliderItem swiper-slide event-card\"\n                                                data-id=\"13630\"\n                                                data-name=\"M\u0119skie Granie 2026\"\n                                                data-brand=\"LIVE Sp. z o.o.\"\n                                                data-category=\"muzyka\"\n                                                data-subcategory=\"festiwale\"\n                                                data-city=\"Gda\u0144sk, Krak\u00f3w, Pozna\u0144 i inne\"\n                                                data-venue=\"\u017bywiec Amfiteatr pod Grojcem\">\n                                                \n<div class=\"card-event  card-event--size-small\">\n        <a href=\"https:\/\/www.ebilet.pl\/muzyka\/festiwale\/meskie-granie\" target=\"_blank\" class=\"card-event__link\" rel=\"nofollow noopener\"><\/a>\n        <div class=\"card-event__wrapper\">\n        <div class=\"card-event__image\">\n            <img decoding=\"async\" src=\"https:\/\/www.ebilet.pl\/media\/cms\/media\/otqfs0tb\/552x736-11-18222119-c0b1-48d3-9da6-2d9f34d401ee.webp\" alt=\"\">\n        <\/div>\n        <div class=\"card-event__data\">\n            <div class=\"card-event__name\">\n                <p>M\u0119skie Granie 2026<\/p>\n            <\/div>\n            <div class=\"card-event__date\">26.06.2026-26.06.2026<\/div>\n            <div class=\"card-event__location\">Gda\u0144sk, Krak\u00f3w, Pozna\u0144 i inne<\/div>\n        <\/div>\n    <\/div>\n<\/div>                                            <\/div>\n                                        \n                                            <div class=\"events-slider-block__sliderItem swiper-slide event-card\"\n                                                data-id=\"146847\"\n                                                data-name=\"Gdzie na maj\u00f3wk\u0119 2026?\"\n                                                data-brand=\"eBilet\"\n                                                data-category=\"biznes\"\n                                                data-subcategory=\"pozostale\"\n                                                data-city=\"\"\n                                                data-venue=\"\">\n                                                \n<div class=\"card-event  card-event--size-small\">\n        <a href=\"https:\/\/www.ebilet.pl\/biznes\/pozostale\/majowka\" target=\"_blank\" class=\"card-event__link\" rel=\"nofollow noopener\"><\/a>\n        <div class=\"card-event__wrapper\">\n        <div class=\"card-event__image\">\n            <img decoding=\"async\" src=\"https:\/\/www.ebilet.pl\/media\/cms\/media\/0ykhdlea\/552x736.webp\" alt=\"\">\n        <\/div>\n        <div class=\"card-event__data\">\n            <div class=\"card-event__name\">\n                <p>Gdzie na maj\u00f3wk\u0119 2026?<\/p>\n            <\/div>\n            <div class=\"card-event__date\"><\/div>\n            <div class=\"card-event__location\"><\/div>\n        <\/div>\n    <\/div>\n<\/div>                                            <\/div>\n                                        \n                                            <div class=\"events-slider-block__sliderItem swiper-slide event-card\"\n                                                data-id=\"10086\"\n                                                data-name=\"Orange Warsaw Festival 2026\"\n                                                data-brand=\"Alter Art\"\n                                                data-category=\"muzyka\"\n                                                data-subcategory=\"festiwale\"\n                                                data-city=\"Warszawa\"\n                                                data-venue=\"Tor Wy\u015bcig\u00f3w Konnych Warszawa - S\u0142u\u017cewiec\">\n                                                \n<div class=\"card-event  card-event--size-small\">\n        <a href=\"https:\/\/www.ebilet.pl\/muzyka\/festiwale\/orange-warsaw-festival\" target=\"_blank\" class=\"card-event__link\" rel=\"nofollow noopener\"><\/a>\n        <div class=\"card-event__wrapper\">\n        <div class=\"card-event__image\">\n            <img decoding=\"async\" src=\"https:\/\/www.ebilet.pl\/media\/cms\/media\/bxnh21tr\/owf_2026_ebilet_552x736-94c1b52f-1e91-4861-ba57-03b21dcd6346.webp\" alt=\"\">\n        <\/div>\n        <div class=\"card-event__data\">\n            <div class=\"card-event__name\">\n                <p>Orange Warsaw Festival 2026<\/p>\n            <\/div>\n            <div class=\"card-event__date\">29.05.2026-29.05.2026<\/div>\n            <div class=\"card-event__location\">Warszawa<\/div>\n        <\/div>\n    <\/div>\n<\/div>                                            <\/div>\n                                        \n                                            <div class=\"events-slider-block__sliderItem swiper-slide event-card\"\n                                                data-id=\"205645\"\n                                                data-name=\"Bezpieczna odsprzeda\u017c w apce eBilet\"\n                                                data-brand=\"eBilet\"\n                                                data-category=\"biznes\"\n                                                data-subcategory=\"pozostale\"\n                                                data-city=\"\"\n                                                data-venue=\"\">\n                                                \n<div class=\"card-event  card-event--size-small\">\n        <a href=\"https:\/\/www.ebilet.pl\/biznes\/pozostale\/odsprzedaz\" target=\"_blank\" class=\"card-event__link\" rel=\"nofollow noopener\"><\/a>\n        <div class=\"card-event__wrapper\">\n        <div class=\"card-event__image\">\n            <img decoding=\"async\" src=\"https:\/\/www.ebilet.pl\/media\/cms\/media\/lkwf0krx\/552x736-1.webp\" alt=\"\">\n        <\/div>\n        <div class=\"card-event__data\">\n            <div class=\"card-event__name\">\n                <p>Bezpieczna odsprzeda\u017c w apce eBilet<\/p>\n            <\/div>\n            <div class=\"card-event__date\"><\/div>\n            <div class=\"card-event__location\"><\/div>\n        <\/div>\n    <\/div>\n<\/div>                                            <\/div>\n                                        \n                                            <div class=\"events-slider-block__sliderItem swiper-slide event-card\"\n                                                data-id=\"195709\"\n                                                data-name=\"Taco Hemingway 2026 \u2020\u2020\u2020our\"\n                                                data-brand=\"Revolume Sp. z o.o.\"\n                                                data-category=\"muzyka\"\n                                                data-subcategory=\"hip-hop-rap\"\n                                                data-city=\"Gda\u0144sk\/Sopot, Krak\u00f3w, Warszawa i inne\"\n                                                data-venue=\"Hala Stulecia\">\n                                                \n<div class=\"card-event  card-event--size-small\">\n        <a href=\"https:\/\/www.ebilet.pl\/muzyka\/hip-hop-rap\/taco-hemingway\" target=\"_blank\" class=\"card-event__link\" rel=\"nofollow noopener\"><\/a>\n        <div class=\"card-event__wrapper\">\n        <div class=\"card-event__image\">\n            <img decoding=\"async\" src=\"https:\/\/www.ebilet.pl\/media\/cms\/media\/goegdsz5\/552x736-ogolna.webp\" alt=\"\">\n        <\/div>\n        <div class=\"card-event__data\">\n            <div class=\"card-event__name\">\n                <p>Taco Hemingway 2026 \u2020\u2020\u2020our<\/p>\n            <\/div>\n            <div class=\"card-event__date\">08.05.2026-08.05.2026<\/div>\n            <div class=\"card-event__location\">Gda\u0144sk\/Sopot, Krak\u00f3w, Warszawa i inne<\/div>\n        <\/div>\n    <\/div>\n<\/div>                                            <\/div>\n                                        \n                                            <div class=\"events-slider-block__sliderItem swiper-slide event-card\"\n                                                data-id=\"14808\"\n                                                data-name=\"VNL 2026 - Siatkarska Liga Narod\u00f3w M\u0119\u017cczyzn\"\n                                                data-brand=\"Polska Siatk\u00f3wka Sp. z o.o.\"\n                                                data-category=\"sport\"\n                                                data-subcategory=\"sporty-druzynowe\"\n                                                data-city=\"Gliwice\"\n                                                data-venue=\"PreZero Arena Gliwice\">\n                                                \n<div class=\"card-event  card-event--size-small\">\n        <a href=\"https:\/\/www.ebilet.pl\/sport\/sporty-druzynowe\/siatkowka\" target=\"_blank\" class=\"card-event__link\" rel=\"nofollow noopener\"><\/a>\n        <div class=\"card-event__wrapper\">\n        <div class=\"card-event__image\">\n            <img decoding=\"async\" src=\"https:\/\/www.ebilet.pl\/media\/cms\/media\/sm3bcgpb\/vnl_m_552x736-2-ff8b8c4b-8e2c-494a-980f-b32762865327.webp\" alt=\"\">\n        <\/div>\n        <div class=\"card-event__data\">\n            <div class=\"card-event__name\">\n                <p>VNL 2026 &#8211; Siatkarska Liga Narod\u00f3w M\u0119\u017cczyzn<\/p>\n            <\/div>\n            <div class=\"card-event__date\">24.06.2026-24.06.2026<\/div>\n            <div class=\"card-event__location\">Gliwice<\/div>\n        <\/div>\n    <\/div>\n<\/div>                                            <\/div>\n                                        \n                                            <div class=\"events-slider-block__sliderItem swiper-slide event-card\"\n                                                data-id=\"8527\"\n                                                data-name=\"OFF Festival Katowice 2026\"\n                                                data-brand=\"Fundacja Independent\"\n                                                data-category=\"muzyka\"\n                                                data-subcategory=\"festiwale\"\n                                                data-city=\"Katowice\"\n                                                data-venue=\"Katowicki Park Le\u015bny - Dolina Trzech Staw\u00f3w\">\n                                                \n<div class=\"card-event  card-event--size-small\">\n        <a href=\"https:\/\/www.ebilet.pl\/muzyka\/festiwale\/off-festival\" target=\"_blank\" class=\"card-event__link\" rel=\"nofollow noopener\"><\/a>\n        <div class=\"card-event__wrapper\">\n        <div class=\"card-event__image\">\n            <img decoding=\"async\" src=\"https:\/\/www.ebilet.pl\/media\/cms\/media\/fe2gemsg\/ebilet-okladka-pion-552x736-e42b2686-71fa-4408-b72e-911ed7d4ce12.webp\" alt=\"\">\n        <\/div>\n        <div class=\"card-event__data\">\n            <div class=\"card-event__name\">\n                <p>OFF Festival Katowice 2026<\/p>\n            <\/div>\n            <div class=\"card-event__date\">07.08.2026-07.08.2026<\/div>\n            <div class=\"card-event__location\">Katowice<\/div>\n        <\/div>\n    <\/div>\n<\/div>                                            <\/div>\n                                        \n                                            <div class=\"events-slider-block__sliderItem swiper-slide event-card\"\n                                                data-id=\"205426\"\n                                                data-name=\"Two Feet\"\n                                                data-brand=\"Alter Art\"\n                                                data-category=\"muzyka\"\n                                                data-subcategory=\"rock\"\n                                                data-city=\"Krak\u00f3w, Warszawa\"\n                                                data-venue=\"Klub Studio\">\n                                                \n<div class=\"card-event  card-event--size-small\">\n        <a href=\"https:\/\/www.ebilet.pl\/muzyka\/rock\/two-feet\" target=\"_blank\" class=\"card-event__link\" rel=\"nofollow noopener\"><\/a>\n        <div class=\"card-event__wrapper\">\n        <div class=\"card-event__image\">\n            <img decoding=\"async\" src=\"https:\/\/www.ebilet.pl\/media\/cms\/media\/ha4l5hjv\/two_feet_ebilet_552x736-629eacd1-4fb5-4747-bd12-b59d341bcc29.webp\" alt=\"\">\n        <\/div>\n        <div class=\"card-event__data\">\n            <div class=\"card-event__name\">\n                <p>Two Feet<\/p>\n            <\/div>\n            <div class=\"card-event__date\">10.08.2026-10.08.2026<\/div>\n            <div class=\"card-event__location\">Krak\u00f3w, Warszawa<\/div>\n        <\/div>\n    <\/div>\n<\/div>                                            <\/div>\n                                        \n                                            <div class=\"events-slider-block__sliderItem swiper-slide event-card\"\n                                                data-id=\"8112\"\n                                                data-name=\"21. Tauron Nowa Muzyka Katowice 2026\"\n                                                data-brand=\"Fundacja Nowa Muzyka Katowice\"\n                                                data-category=\"muzyka\"\n                                                data-subcategory=\"festiwale\"\n                                                data-city=\"Katowice\"\n                                                data-venue=\"Narodowa Orkiestra Symfoniczna Polskiego Radia - NOSPR\">\n                                                \n<div class=\"card-event  card-event--size-small\">\n        <a href=\"https:\/\/www.ebilet.pl\/muzyka\/festiwale\/tauron-nowa-muzyka\" target=\"_blank\" class=\"card-event__link\" rel=\"nofollow noopener\"><\/a>\n        <div class=\"card-event__wrapper\">\n        <div class=\"card-event__image\">\n            <img decoding=\"async\" src=\"https:\/\/www.ebilet.pl\/media\/cms\/media\/ksnpugtd\/secret-stage-12d20587-5578-4e4b-baa0-104b56bea764.webp\" alt=\"\">\n        <\/div>\n        <div class=\"card-event__data\">\n            <div class=\"card-event__name\">\n                <p>21. Tauron Nowa Muzyka Katowice 2026<\/p>\n            <\/div>\n            <div class=\"card-event__date\">04.06.2026-04.06.2026<\/div>\n            <div class=\"card-event__location\">Katowice<\/div>\n        <\/div>\n    <\/div>\n<\/div>                                            <\/div>\n                                        \n                                            <div class=\"events-slider-block__sliderItem swiper-slide event-card\"\n                                                data-id=\"204964\"\n                                                data-name=\"EPIC ROCK: Symphonic Concert\"\n                                                data-brand=\"VISUAL PRODUCTION Sp. z o.o. \"\n                                                data-category=\"muzyka\"\n                                                data-subcategory=\"rock\"\n                                                data-city=\"Gdynia, Pozna\u0144, Warszawa i inne\"\n                                                data-venue=\"MTP - Mi\u0119dzynarodowe Targi Pozna\u0144skie\">\n                                                \n<div class=\"card-event  card-event--size-small\">\n        <a href=\"https:\/\/www.ebilet.pl\/muzyka\/rock\/epic-rock-symphonic-concert\" target=\"_blank\" class=\"card-event__link\" rel=\"nofollow noopener\"><\/a>\n        <div class=\"card-event__wrapper\">\n        <div class=\"card-event__image\">\n            <img decoding=\"async\" src=\"https:\/\/www.ebilet.pl\/media\/cms\/media\/gqgdpaua\/552x736-epic-rock_data-d7743615-48da-4014-8a56-ff6b809a1c25.webp\" alt=\"\">\n        <\/div>\n        <div class=\"card-event__data\">\n            <div class=\"card-event__name\">\n                <p>EPIC ROCK: Symphonic Concert<\/p>\n            <\/div>\n            <div class=\"card-event__date\">25.10.2026-25.10.2026<\/div>\n            <div class=\"card-event__location\">Gdynia, Pozna\u0144, Warszawa i inne<\/div>\n        <\/div>\n    <\/div>\n<\/div>                                            <\/div>\n                                        \n                                            <div class=\"events-slider-block__sliderItem swiper-slide event-card\"\n                                                data-id=\"169470\"\n                                                data-name=\"Morrissey\"\n                                                data-brand=\"Winiary Bookings sp. z o. o.\"\n                                                data-category=\"muzyka\"\n                                                data-subcategory=\"rock\"\n                                                data-city=\"Warszawa\"\n                                                data-venue=\"Letnia Scena Progresji\">\n                                                \n<div class=\"card-event  card-event--size-small\">\n        <a href=\"https:\/\/www.ebilet.pl\/muzyka\/rock\/morrissey\" target=\"_blank\" class=\"card-event__link\" rel=\"nofollow noopener\"><\/a>\n        <div class=\"card-event__wrapper\">\n        <div class=\"card-event__image\">\n            <img decoding=\"async\" src=\"https:\/\/www.ebilet.pl\/media\/cms\/media\/v0fhczer\/morrissey-ebilet-strona-wydarzenia-pion-warszawa-2b0fb3a5-f2dd-4773-8334-2fab1e2a5a89.webp\" alt=\"\">\n        <\/div>\n        <div class=\"card-event__data\">\n            <div class=\"card-event__name\">\n                <p>Morrissey<\/p>\n            <\/div>\n            <div class=\"card-event__date\">09.07.2026-09.07.2026<\/div>\n            <div class=\"card-event__location\">Warszawa<\/div>\n        <\/div>\n    <\/div>\n<\/div>                                            <\/div>\n                                        \n                                            <div class=\"events-slider-block__sliderItem swiper-slide event-card\"\n                                                data-id=\"5930\"\n                                                data-name=\"Audioriver Festival 2026\"\n                                                data-brand=\"Audioriver Sp. z o.o.\"\n                                                data-category=\"muzyka\"\n                                                data-subcategory=\"festiwale\"\n                                                data-city=\"\u0141\u00f3d\u017a\"\n                                                data-venue=\"B\u0142onia \u0141\u00f3dzkie\">\n                                                \n<div class=\"card-event  card-event--size-small\">\n        <a href=\"https:\/\/www.ebilet.pl\/muzyka\/festiwale\/audioriver\" target=\"_blank\" class=\"card-event__link\" rel=\"nofollow noopener\"><\/a>\n        <div class=\"card-event__wrapper\">\n        <div class=\"card-event__image\">\n            <img decoding=\"async\" src=\"https:\/\/www.ebilet.pl\/media\/cms\/media\/gfjpcqll\/so-far5-pion-84d088fb-d165-4b1b-b069-77f1f8fa737b.webp\" alt=\"\">\n        <\/div>\n        <div class=\"card-event__data\">\n            <div class=\"card-event__name\">\n                <p>Audioriver Festival 2026<\/p>\n            <\/div>\n            <div class=\"card-event__date\">10.07.2026-10.07.2026<\/div>\n            <div class=\"card-event__location\">\u0141\u00f3d\u017a<\/div>\n        <\/div>\n    <\/div>\n<\/div>                                            <\/div>\n                                        \n                                            <div class=\"events-slider-block__sliderItem swiper-slide event-card\"\n                                                data-id=\"94598\"\n                                                data-name=\"FAME 31\"\n                                                data-brand=\"Fame MMA\"\n                                                data-category=\"sport\"\n                                                data-subcategory=\"sporty-walki\"\n                                                data-city=\"Koszalin\"\n                                                data-venue=\"Hala Widowiskowo-Sportowa w Koszalinie\">\n                                                \n<div class=\"card-event  card-event--size-small\">\n        <a href=\"https:\/\/www.ebilet.pl\/sport\/sporty-walki\/fame-mma\" target=\"_blank\" class=\"card-event__link\" rel=\"nofollow noopener\"><\/a>\n        <div class=\"card-event__wrapper\">\n        <div class=\"card-event__image\">\n            <img decoding=\"async\" src=\"https:\/\/www.ebilet.pl\/media\/cms\/media\/24lbxjty\/fame31-cover-ebilet-552x736.webp\" alt=\"\">\n        <\/div>\n        <div class=\"card-event__data\">\n            <div class=\"card-event__name\">\n                <p>FAME 31<\/p>\n            <\/div>\n            <div class=\"card-event__date\">09.05.2026-09.05.2026<\/div>\n            <div class=\"card-event__location\">Koszalin<\/div>\n        <\/div>\n    <\/div>\n<\/div>                                            <\/div>\n                                        \n                                            <div class=\"events-slider-block__sliderItem swiper-slide event-card\"\n                                                data-id=\"204457\"\n                                                data-name=\"Arcane Epic Symphony\"\n                                                data-brand=\"Stowarzyszenie Klub Fantastyki \u201eDruga Era\u201d\"\n                                                data-category=\"klasyka\"\n                                                data-subcategory=\"muzyka-filmowa\"\n                                                data-city=\"Pozna\u0144\"\n                                                data-venue=\"MTP - Mi\u0119dzynarodowe Targi Pozna\u0144skie\">\n                                                \n<div class=\"card-event  card-event--size-small\">\n        <a href=\"https:\/\/www.ebilet.pl\/klasyka\/muzyka-filmowa\/arcane-epic-symphony\" target=\"_blank\" class=\"card-event__link\" rel=\"nofollow noopener\"><\/a>\n        <div class=\"card-event__wrapper\">\n        <div class=\"card-event__image\">\n            <img decoding=\"async\" src=\"https:\/\/www.ebilet.pl\/media\/cms\/media\/soxe2fiy\/p2026_arcane_552x736_1-1-dbdc60e7-ee87-42b6-9944-2c2990e9cc79.webp\" alt=\"\">\n        <\/div>\n        <div class=\"card-event__data\">\n            <div class=\"card-event__name\">\n                <p>Arcane Epic Symphony<\/p>\n            <\/div>\n            <div class=\"card-event__date\">21.06.2026-21.06.2026<\/div>\n            <div class=\"card-event__location\">Pozna\u0144<\/div>\n        <\/div>\n    <\/div>\n<\/div>                                            <\/div>\n                                        \n                                            <div class=\"events-slider-block__sliderItem swiper-slide event-card\"\n                                                data-id=\"48780\"\n                                                data-name=\"Mistrzostwa \u015awiata w koszyk\u00f3wce 3x3 2026\"\n                                                data-brand=\"Polski Zwi\u0105zek Koszyk\u00f3wki\"\n                                                data-category=\"sport\"\n                                                data-subcategory=\"sporty-druzynowe\"\n                                                data-city=\"Warszawa\"\n                                                data-venue=\"Plac Defilad \">\n                                                \n<div class=\"card-event  card-event--size-small\">\n        <a href=\"https:\/\/www.ebilet.pl\/sport\/sporty-druzynowe\/koszykowka\" target=\"_blank\" class=\"card-event__link\" rel=\"nofollow noopener\"><\/a>\n        <div class=\"card-event__wrapper\">\n        <div class=\"card-event__image\">\n            <img decoding=\"async\" src=\"https:\/\/www.ebilet.pl\/media\/cms\/media\/40dkh4qd\/552x739-961a0af8-0c70-4f76-b55e-bf23fa63fae4.webp\" alt=\"\">\n        <\/div>\n        <div class=\"card-event__data\">\n            <div class=\"card-event__name\">\n                <p>Mistrzostwa \u015awiata w koszyk\u00f3wce 3&#215;3 2026<\/p>\n            <\/div>\n            <div class=\"card-event__date\">01.06.2026-01.06.2026<\/div>\n            <div class=\"card-event__location\">Warszawa<\/div>\n        <\/div>\n    <\/div>\n<\/div>                                            <\/div>\n                                        \n                                            <div class=\"events-slider-block__sliderItem swiper-slide event-card\"\n                                                data-id=\"121727\"\n                                                data-name=\"Rzeszowskie Juwenalia 2026\"\n                                                data-brand=\"BREND GROUP SP\u00d3\u0141KA Z OGRANICZON\u0104 ODPOWIEDZIALNO\u015aCI\u0104\"\n                                                data-category=\"muzyka\"\n                                                data-subcategory=\"festiwale\"\n                                                data-city=\"Rzesz\u00f3w\"\n                                                data-venue=\"\">\n                                                \n<div class=\"card-event  card-event--size-small\">\n        <a href=\"https:\/\/www.ebilet.pl\/muzyka\/festiwale\/rzeszowskie-juwenalia\" target=\"_blank\" class=\"card-event__link\" rel=\"nofollow noopener\"><\/a>\n        <div class=\"card-event__wrapper\">\n        <div class=\"card-event__image\">\n            <img decoding=\"async\" src=\"https:\/\/www.ebilet.pl\/media\/cms\/media\/mmxfjquy\/rzj_ebilet-ok_adka-pion-c1e9f827-0b41-4d73-81c6-5531b20e6005.webp\" alt=\"\">\n        <\/div>\n        <div class=\"card-event__data\">\n            <div class=\"card-event__name\">\n                <p>Rzeszowskie Juwenalia 2026<\/p>\n            <\/div>\n            <div class=\"card-event__date\"><\/div>\n            <div class=\"card-event__location\">Rzesz\u00f3w<\/div>\n        <\/div>\n    <\/div>\n<\/div>                                            <\/div>\n                                        \n                                            <div class=\"events-slider-block__sliderItem swiper-slide event-card\"\n                                                data-id=\"37617\"\n                                                data-name=\"Editors\"\n                                                data-brand=\"Alter Art\"\n                                                data-category=\"muzyka\"\n                                                data-subcategory=\"rock\"\n                                                data-city=\"\"\n                                                data-venue=\"Klub Stodo\u0142a\">\n                                                \n<div class=\"card-event  card-event--size-small\">\n        <a href=\"https:\/\/www.ebilet.pl\/muzyka\/rock\/editors\" target=\"_blank\" class=\"card-event__link\" rel=\"nofollow noopener\"><\/a>\n        <div class=\"card-event__wrapper\">\n        <div class=\"card-event__image\">\n            <img decoding=\"async\" src=\"https:\/\/www.ebilet.pl\/media\/cms\/media\/cbfdkmu2\/editors_2027_552x736_ebilet-7c254908-ec0a-4f27-8a1c-ff7961cef0cd.webp\" alt=\"\">\n        <\/div>\n        <div class=\"card-event__data\">\n            <div class=\"card-event__name\">\n                <p>Editors<\/p>\n            <\/div>\n            <div class=\"card-event__date\"><\/div>\n            <div class=\"card-event__location\"><\/div>\n        <\/div>\n    <\/div>\n<\/div>                                            <\/div>\n                                        \n                                            <div class=\"events-slider-block__sliderItem swiper-slide event-card\"\n                                                data-id=\"16543\"\n                                                data-name=\"Rozta\u0144czony PGE Narodowy 2026\"\n                                                data-brand=\"KRYSIAK POLSKA CORPORATION Sp. z o.o.\"\n                                                data-category=\"muzyka\"\n                                                data-subcategory=\"festiwale\"\n                                                data-city=\"Warszawa\"\n                                                data-venue=\"PGE Narodowy im. Kazimierza G\u00f3rskiego\">\n                                                \n<div class=\"card-event  card-event--size-small\">\n        <a href=\"https:\/\/www.ebilet.pl\/muzyka\/festiwale\/roztanczony-narodowy\" target=\"_blank\" class=\"card-event__link\" rel=\"nofollow noopener\"><\/a>\n        <div class=\"card-event__wrapper\">\n        <div class=\"card-event__image\">\n            <img decoding=\"async\" src=\"https:\/\/www.ebilet.pl\/media\/cms\/media\/vzjkxgps\/portal_basic.webp\" alt=\"\">\n        <\/div>\n        <div class=\"card-event__data\">\n            <div class=\"card-event__name\">\n                <p>Rozta\u0144czony PGE Narodowy 2026<\/p>\n            <\/div>\n            <div class=\"card-event__date\">10.10.2026-10.10.2026<\/div>\n            <div class=\"card-event__location\">Warszawa<\/div>\n        <\/div>\n    <\/div>\n<\/div>                                            <\/div>\n                                        \n                                            <div class=\"events-slider-block__sliderItem swiper-slide event-card\"\n                                                data-id=\"145251\"\n                                                data-name=\"Juwenalia Politechniki Lubelskiej 2026\"\n                                                data-brand=\"EVENT STUDIO KOWALEWSKI BRE\u015a Sp. J.\"\n                                                data-category=\"muzyka\"\n                                                data-subcategory=\"festiwale\"\n                                                data-city=\"Lublin\"\n                                                data-venue=\"Tereny Zielone Politechniki Lubelskiej\">\n                                                \n<div class=\"card-event  card-event--size-small\">\n        <a href=\"https:\/\/www.ebilet.pl\/muzyka\/festiwale\/juwenalia-politechniki-lubelskiej\" target=\"_blank\" class=\"card-event__link\" rel=\"nofollow noopener\"><\/a>\n        <div class=\"card-event__wrapper\">\n        <div class=\"card-event__image\">\n            <img decoding=\"async\" src=\"https:\/\/www.ebilet.pl\/media\/cms\/media\/banlyonx\/552x736-1-f8bcb3b5-3fce-455f-89a1-2ee3034689b1.webp\" alt=\"\">\n        <\/div>\n        <div class=\"card-event__data\">\n            <div class=\"card-event__name\">\n                <p>Juwenalia Politechniki Lubelskiej 2026<\/p>\n            <\/div>\n            <div class=\"card-event__date\">08.05.2026-08.05.2026<\/div>\n            <div class=\"card-event__location\">Lublin<\/div>\n        <\/div>\n    <\/div>\n<\/div>                                            <\/div>\n                                                                            <\/div>\n                                <\/div>\n                            <\/div>\n                            <div class=\"events-slider-block__events swiper\" data-events-events-descriptions>\n                                <div class=\"events-slider-block__eventsWrapper swiper-wrapper\">\n                                                                            <div class=\"events-slider-block__eventsItem swiper-slide\">\n                                            <a href=\"https:\/\/www.ebilet.pl\/sport\/sporty-druzynowe\/mecz-siatkowki\" target=\"_blank\" class=\"events-slider-block__eventsName\">\n                                                <p>Mecze towarzyskie Reprezentacji Polski m\u0119\u017cczyzn w siatk\u00f3wce<\/p>\n                                            <\/a>\n                                            <div class=\"events-slider-block__eventsDate\">20.05.2026-23.05.2026<\/div>\n                                            <div class=\"events-slider-block__eventsLocation\"><\/div>\n                                        <\/div>\n                                                                            <div class=\"events-slider-block__eventsItem swiper-slide\">\n                                            <a href=\"https:\/\/www.ebilet.pl\/muzyka\/festiwale\/meskie-granie\" target=\"_blank\" class=\"events-slider-block__eventsName\">\n                                                <p>M\u0119skie Granie 2026<\/p>\n                                            <\/a>\n                                            <div class=\"events-slider-block__eventsDate\">26.06.2026-22.08.2026<\/div>\n                                            <div class=\"events-slider-block__eventsLocation\"><\/div>\n                                        <\/div>\n                                                                            <div class=\"events-slider-block__eventsItem swiper-slide\">\n                                            <a href=\"https:\/\/www.ebilet.pl\/biznes\/pozostale\/majowka\" target=\"_blank\" class=\"events-slider-block__eventsName\">\n                                                <p>Gdzie na maj\u00f3wk\u0119 2026?<\/p>\n                                            <\/a>\n                                            <div class=\"events-slider-block__eventsDate\">01.01.1970-01.01.1970<\/div>\n                                            <div class=\"events-slider-block__eventsLocation\"><\/div>\n                                        <\/div>\n                                                                            <div class=\"events-slider-block__eventsItem swiper-slide\">\n                                            <a href=\"https:\/\/www.ebilet.pl\/muzyka\/festiwale\/orange-warsaw-festival\" target=\"_blank\" class=\"events-slider-block__eventsName\">\n                                                <p>Orange Warsaw Festival 2026<\/p>\n                                            <\/a>\n                                            <div class=\"events-slider-block__eventsDate\">29.05.2026-30.05.2026<\/div>\n                                            <div class=\"events-slider-block__eventsLocation\"><\/div>\n                                        <\/div>\n                                                                            <div class=\"events-slider-block__eventsItem swiper-slide\">\n                                            <a href=\"https:\/\/www.ebilet.pl\/biznes\/pozostale\/odsprzedaz\" target=\"_blank\" class=\"events-slider-block__eventsName\">\n                                                <p>Bezpieczna odsprzeda\u017c w apce eBilet<\/p>\n                                            <\/a>\n                                            <div class=\"events-slider-block__eventsDate\">01.01.1970-01.01.1970<\/div>\n                                            <div class=\"events-slider-block__eventsLocation\"><\/div>\n                                        <\/div>\n                                                                            <div class=\"events-slider-block__eventsItem swiper-slide\">\n                                            <a href=\"https:\/\/www.ebilet.pl\/muzyka\/hip-hop-rap\/taco-hemingway\" target=\"_blank\" class=\"events-slider-block__eventsName\">\n                                                <p>Taco Hemingway 2026 \u2020\u2020\u2020our<\/p>\n                                            <\/a>\n                                            <div class=\"events-slider-block__eventsDate\">08.05.2026-31.05.2026<\/div>\n                                            <div class=\"events-slider-block__eventsLocation\"><\/div>\n                                        <\/div>\n                                                                            <div class=\"events-slider-block__eventsItem swiper-slide\">\n                                            <a href=\"https:\/\/www.ebilet.pl\/sport\/sporty-druzynowe\/siatkowka\" target=\"_blank\" class=\"events-slider-block__eventsName\">\n                                                <p>VNL 2026 &#8211; Siatkarska Liga Narod\u00f3w M\u0119\u017cczyzn<\/p>\n                                            <\/a>\n                                            <div class=\"events-slider-block__eventsDate\">24.06.2026-28.06.2026<\/div>\n                                            <div class=\"events-slider-block__eventsLocation\"><\/div>\n                                        <\/div>\n                                                                            <div class=\"events-slider-block__eventsItem swiper-slide\">\n                                            <a href=\"https:\/\/www.ebilet.pl\/muzyka\/festiwale\/off-festival\" target=\"_blank\" class=\"events-slider-block__eventsName\">\n                                                <p>OFF Festival Katowice 2026<\/p>\n                                            <\/a>\n                                            <div class=\"events-slider-block__eventsDate\">07.08.2026-07.08.2026<\/div>\n                                            <div class=\"events-slider-block__eventsLocation\"><\/div>\n                                        <\/div>\n                                                                            <div class=\"events-slider-block__eventsItem swiper-slide\">\n                                            <a href=\"https:\/\/www.ebilet.pl\/muzyka\/rock\/two-feet\" target=\"_blank\" class=\"events-slider-block__eventsName\">\n                                                <p>Two Feet<\/p>\n                                            <\/a>\n                                            <div class=\"events-slider-block__eventsDate\">10.08.2026-12.08.2026<\/div>\n                                            <div class=\"events-slider-block__eventsLocation\"><\/div>\n                                        <\/div>\n                                                                            <div class=\"events-slider-block__eventsItem swiper-slide\">\n                                            <a href=\"https:\/\/www.ebilet.pl\/muzyka\/festiwale\/tauron-nowa-muzyka\" target=\"_blank\" class=\"events-slider-block__eventsName\">\n                                                <p>21. Tauron Nowa Muzyka Katowice 2026<\/p>\n                                            <\/a>\n                                            <div class=\"events-slider-block__eventsDate\">04.06.2026-06.06.2026<\/div>\n                                            <div class=\"events-slider-block__eventsLocation\"><\/div>\n                                        <\/div>\n                                                                            <div class=\"events-slider-block__eventsItem swiper-slide\">\n                                            <a href=\"https:\/\/www.ebilet.pl\/muzyka\/rock\/epic-rock-symphonic-concert\" target=\"_blank\" class=\"events-slider-block__eventsName\">\n                                                <p>EPIC ROCK: Symphonic Concert<\/p>\n                                            <\/a>\n                                            <div class=\"events-slider-block__eventsDate\">25.10.2026-13.11.2026<\/div>\n                                            <div class=\"events-slider-block__eventsLocation\"><\/div>\n                                        <\/div>\n                                                                            <div class=\"events-slider-block__eventsItem swiper-slide\">\n                                            <a href=\"https:\/\/www.ebilet.pl\/muzyka\/rock\/morrissey\" target=\"_blank\" class=\"events-slider-block__eventsName\">\n                                                <p>Morrissey<\/p>\n                                            <\/a>\n                                            <div class=\"events-slider-block__eventsDate\">09.07.2026-09.07.2026<\/div>\n                                            <div class=\"events-slider-block__eventsLocation\"><\/div>\n                                        <\/div>\n                                                                            <div class=\"events-slider-block__eventsItem swiper-slide\">\n                                            <a href=\"https:\/\/www.ebilet.pl\/muzyka\/festiwale\/audioriver\" target=\"_blank\" class=\"events-slider-block__eventsName\">\n                                                <p>Audioriver Festival 2026<\/p>\n                                            <\/a>\n                                            <div class=\"events-slider-block__eventsDate\">10.07.2026-12.07.2026<\/div>\n                                            <div class=\"events-slider-block__eventsLocation\"><\/div>\n                                        <\/div>\n                                                                            <div class=\"events-slider-block__eventsItem swiper-slide\">\n                                            <a href=\"https:\/\/www.ebilet.pl\/sport\/sporty-walki\/fame-mma\" target=\"_blank\" class=\"events-slider-block__eventsName\">\n                                                <p>FAME 31<\/p>\n                                            <\/a>\n                                            <div class=\"events-slider-block__eventsDate\">09.05.2026-09.05.2026<\/div>\n                                            <div class=\"events-slider-block__eventsLocation\"><\/div>\n                                        <\/div>\n                                                                            <div class=\"events-slider-block__eventsItem swiper-slide\">\n                                            <a href=\"https:\/\/www.ebilet.pl\/klasyka\/muzyka-filmowa\/arcane-epic-symphony\" target=\"_blank\" class=\"events-slider-block__eventsName\">\n                                                <p>Arcane Epic Symphony<\/p>\n                                            <\/a>\n                                            <div class=\"events-slider-block__eventsDate\">21.06.2026-21.06.2026<\/div>\n                                            <div class=\"events-slider-block__eventsLocation\"><\/div>\n                                        <\/div>\n                                                                            <div class=\"events-slider-block__eventsItem swiper-slide\">\n                                            <a href=\"https:\/\/www.ebilet.pl\/sport\/sporty-druzynowe\/koszykowka\" target=\"_blank\" class=\"events-slider-block__eventsName\">\n                                                <p>Mistrzostwa \u015awiata w koszyk\u00f3wce 3&#215;3 2026<\/p>\n                                            <\/a>\n                                            <div class=\"events-slider-block__eventsDate\">01.06.2026-07.06.2026<\/div>\n                                            <div class=\"events-slider-block__eventsLocation\"><\/div>\n                                        <\/div>\n                                                                            <div class=\"events-slider-block__eventsItem swiper-slide\">\n                                            <a href=\"https:\/\/www.ebilet.pl\/muzyka\/festiwale\/rzeszowskie-juwenalia\" target=\"_blank\" class=\"events-slider-block__eventsName\">\n                                                <p>Rzeszowskie Juwenalia 2026<\/p>\n                                            <\/a>\n                                            <div class=\"events-slider-block__eventsDate\">01.01.1970-01.01.1970<\/div>\n                                            <div class=\"events-slider-block__eventsLocation\"><\/div>\n                                        <\/div>\n                                                                            <div class=\"events-slider-block__eventsItem swiper-slide\">\n                                            <a href=\"https:\/\/www.ebilet.pl\/muzyka\/rock\/editors\" target=\"_blank\" class=\"events-slider-block__eventsName\">\n                                                <p>Editors<\/p>\n                                            <\/a>\n                                            <div class=\"events-slider-block__eventsDate\">01.01.1970-01.01.1970<\/div>\n                                            <div class=\"events-slider-block__eventsLocation\"><\/div>\n                                        <\/div>\n                                                                            <div class=\"events-slider-block__eventsItem swiper-slide\">\n                                            <a href=\"https:\/\/www.ebilet.pl\/muzyka\/festiwale\/roztanczony-narodowy\" target=\"_blank\" class=\"events-slider-block__eventsName\">\n                                                <p>Rozta\u0144czony PGE Narodowy 2026<\/p>\n                                            <\/a>\n                                            <div class=\"events-slider-block__eventsDate\">10.10.2026-10.10.2026<\/div>\n                                            <div class=\"events-slider-block__eventsLocation\"><\/div>\n                                        <\/div>\n                                                                            <div class=\"events-slider-block__eventsItem swiper-slide\">\n                                            <a href=\"https:\/\/www.ebilet.pl\/muzyka\/festiwale\/juwenalia-politechniki-lubelskiej\" target=\"_blank\" class=\"events-slider-block__eventsName\">\n                                                <p>Juwenalia Politechniki Lubelskiej 2026<\/p>\n                                            <\/a>\n                                            <div class=\"events-slider-block__eventsDate\">08.05.2026-09.05.2026<\/div>\n                                            <div class=\"events-slider-block__eventsLocation\"><\/div>\n                                        <\/div>\n                                                                    <\/div>\n                            <\/div>\n                            <div class=\"events-slider-block__pagination\">\n                                <div class=\"swiper-pagination slider-pagination slider-pagination--theme-white\" data-events-slider-pagination><\/div>\n                            <\/div>\n                        <\/div>\n                                        <div class=\"events-slider-block__bottom\">\n                                                                                <div class=\"events-slider-block__link desktop\">\n                                    <a\n                                        class=\"button button--size-small button--theme-primary-yellow button--withIconLeft\"\n                                        href=\"https:\/\/www.ebilet.pl\/\">\n                                                                                    <div class=\"button__icon\"><img loading=\"lazy\" decoding=\"async\" width=\"30\" height=\"30\" src=\"https:\/\/www.ebilet.pl\/now\/app\/uploads\/2024\/01\/ticket-cinema-entertainment-coupon-discount-sale_30px.png\" class=\"attachment-full size-full\" alt=\"\" \/><\/div>\n                                                                                <p class=\"button__text typo-18\">Kup bilety<\/p>\n                                    <\/a>\n                                <\/div>\n                                                                                <div class=\"events-slider-block__link mobile\">\n                                    <a\n                                        class=\"button button--size-small button--theme-primary-yellow button--withIconLeft\"\n                                        href=\"https:\/\/www.ebilet.pl\/\">\n                                                                                    <div class=\"button__icon\"><img loading=\"lazy\" decoding=\"async\" width=\"30\" height=\"30\" src=\"https:\/\/www.ebilet.pl\/now\/app\/uploads\/2024\/01\/ticket-cinema-entertainment-coupon-discount-sale_30px.png\" class=\"attachment-full size-full\" alt=\"\" \/><\/div>\n                                                                                <p class=\"button__text typo-18\">Kup bilety<\/p>\n                                    <\/a>\n                                <\/div>\n                                            <\/div>\n                <\/div>\n            <\/div>\n        <\/div>\n    <\/div>\n<\/section>","protected":false},"excerpt":{"rendered":"<p>Nazywana wsp\u00f3\u0142czesn\u0105 Edith Piaf artystka, kt\u00f3ra sta\u0142a si\u0119 \u015bwiatow\u0105 sensacj\u0105 dzi\u0119ki swojemu wyst\u0119powi na Eurowizji w 2021 roku, ju\u017c na wiosn\u0119 przyjedzie do Polski, by promowa\u0107 sw\u00f3j najnowszy album \u201cLa Pieva\u201d. To g\u0142\u0119boko osobiste wydawnictwo jeszcze bardziej wzmacnia jej reputacj\u0119 znakomitej kontynuatorki najlepszych tradycji chanson fran\u00e7aise i utalentowanej opowiadaczki przejmuj\u0105cych historii.  <\/p>\n","protected":false},"author":8,"featured_media":43601,"comment_status":"open","ping_status":"open","sticky":false,"template":"page-templates\/article-premium.php","format":"standard","meta":{"_acf_changed":false,"footnotes":""},"article_tag":[26,31,71,41],"article_type":[554],"acf":[],"_links":{"self":[{"href":"https:\/\/www.ebilet.pl\/now\/wp-json\/wp\/v2\/posts\/43188"}],"collection":[{"href":"https:\/\/www.ebilet.pl\/now\/wp-json\/wp\/v2\/posts"}],"about":[{"href":"https:\/\/www.ebilet.pl\/now\/wp-json\/wp\/v2\/types\/post"}],"author":[{"embeddable":true,"href":"https:\/\/www.ebilet.pl\/now\/wp-json\/wp\/v2\/users\/8"}],"replies":[{"embeddable":true,"href":"https:\/\/www.ebilet.pl\/now\/wp-json\/wp\/v2\/comments?post=43188"}],"version-history":[{"count":3,"href":"https:\/\/www.ebilet.pl\/now\/wp-json\/wp\/v2\/posts\/43188\/revisions"}],"predecessor-version":[{"id":53610,"href":"https:\/\/www.ebilet.pl\/now\/wp-json\/wp\/v2\/posts\/43188\/revisions\/53610"}],"wp:featuredmedia":[{"embeddable":true,"href":"https:\/\/www.ebilet.pl\/now\/wp-json\/wp\/v2\/media\/43601"}],"wp:attachment":[{"href":"https:\/\/www.ebilet.pl\/now\/wp-json\/wp\/v2\/media?parent=43188"}],"wp:term":[{"taxonomy":"article_tag","embeddable":true,"href":"https:\/\/www.ebilet.pl\/now\/wp-json\/wp\/v2\/article_tag?post=43188"},{"taxonomy":"article_type","embeddable":true,"href":"https:\/\/www.ebilet.pl\/now\/wp-json\/wp\/v2\/article_type?post=43188"}],"curies":[{"name":"wp","href":"https:\/\/api.w.org\/{rel}","templated":true}]}}