{"id":40288,"date":"2024-12-11T12:17:17","date_gmt":"2024-12-11T11:17:17","guid":{"rendered":"https:\/\/www.ebilet.pl\/now\/?p=40288"},"modified":"2025-09-19T17:16:57","modified_gmt":"2025-09-19T16:16:57","slug":"swiateczne-koncerty-na-co-sie-wybrac","status":"publish","type":"post","link":"https:\/\/www.ebilet.pl\/now\/swiateczne-koncerty-na-co-sie-wybrac\/","title":{"rendered":"\u015awi\u0105teczne koncerty. Na co si\u0119 wybra\u0107?"},"content":{"rendered":"\n<section class=\"text-block  section-margin-32\" >\n    <div class=\"container\">\n        <div class=\"row\">\n            <div class=\"col-24\">\n                <div class=\"text-block__content\"><p>Mi\u0142o\u015bnicy bo\u017conarodzeniowej muzyki, radujcie si\u0119 \u2013 pora rozpocz\u0105\u0107 sezon kol\u0119dowania! W <a href=\"https:\/\/www.ebilet.pl\/lp\/prezent-na-swieta\"><strong>katalogu naszych ofert<\/strong><\/a> mamy multum koncert\u00f3w \u015bwi\u0105tecznych w wykonaniu najja\u015bniejszych gwiazd sceny muzycznej! Pami\u0119tali\u015bmy te\u017c o mi\u0142o\u015bnikach jazzowych szlagier\u00f3w, tradycyjnych kol\u0119d, \u015bwi\u0105tecznej muzyki kameralnej i arcydzie\u0142 muzyki ch\u00f3ralnej. Ka\u017cdy z tych koncert\u00f3w swoim nastrojem odzwierciedla zar\u00f3wno uroczyst\u0105, kontemplacyjn\u0105, jak i radosn\u0105 atmosfer\u0119 \u015bwi\u0105t Bo\u017cego Narodzenia.<\/p>\n<p><strong>Przeczytaj te\u017c:<\/strong><\/p>\n<ul>\n<li><a href=\"https:\/\/www.ebilet.pl\/now\/teatralne-propozycje-dla-dzieci-ktore-pomoga-odnalezc-magie-tej-zimy\/\">Teatralne propozycje dla dzieci, kt\u00f3re pomog\u0105 odnale\u017a\u0107 magi\u0119 tej zimy <\/a><\/li>\n<li><a href=\"https:\/\/www.ebilet.pl\/now\/przywitaj-nowy-rok-z-klasyka-najwspanialsze-koncerty-noworoczne-i-wiedenskie-w-naszej-ofercie\/\">Przywitaj Nowy Rok z klasyk\u0105! Najwspanialsze koncerty noworoczne i wiede\u0144skie w naszej ofercie<\/a><\/li>\n<li><a href=\"https:\/\/www.ebilet.pl\/now\/akustycznie-jazzowo-a-moze-operowo-poczuj-magie-swiat-na-koncertach\/\">Akustycznie, jazzowo, a mo\u017ce operowo? Poczuj magi\u0119 \u015awi\u0105t na koncertach!<\/a><\/li>\n<\/ul>\n<p>Nie przegap okazji do celebrowania cudownych chwil z rodzin\u0105 i przyjaci\u00f3\u0142mi z najlepsz\u0105 \u015bwi\u0105teczn\u0105 muzyk\u0105!<\/p>\n<\/div>\n            <\/div>\n        <\/div>\n    <\/div>\n<\/section>\n\n\n<section class=\"tickets-slider  section-margin-32\"\n    data-tickets-slider\n    data-item-list-name=\"Karuzela z buttonami\"\n    data-item-list-id=\"karuzela_z_buttonami\"\n    >\n    <div class=\"container\">\n        <div class=\"row\">\n            <div class=\"col-24\">\n                <div class=\"tickets-slider__main\">\n                    <div class=\"tickets-slider__nav tickets-slider__nav--prev\">\n                        <div class=\"button button--withIcon button--theme-white-blur button--size-fixed-48\" data-tickets-slider-prev>\n                            <span class=\"button__icon icon icon-chevron-left\"><\/span>\n                        <\/div>\n                    <\/div>\n                    <div class=\"tickets-slider__nav tickets-slider__nav--next\">\n                        <div class=\"button button--withIcon button--theme-white-blur button--size-fixed-48\" data-tickets-slider-next>\n                            <span class=\"button__icon icon icon-chevron-right\"><\/span>\n                        <\/div>\n                    <\/div>\n                    <div class=\"tickets-slider__slider swiper\" data-tickets-slider-slider>\n                        <div class=\"tickets-slider__sliderWrapper swiper-wrapper\">\n                                                            <div class=\"tickets-slider__sliderItem swiper-slide\"\n                                    data-id=\"127792\"\n                                    data-name=\"Magic Christmas Concert 2026\"\n                                    data-brand=\"\"\n                                    data-category=\"muzyka\"\n                                    data-subcategory=\"pop\"\n                                    data-city=\"Gdynia, Katowice, Krak\u00f3w i inne\"\n                                    data-venue=\"\">\n                                    <div class=\"tickets-slider__sliderCard\">\n                                        \n<div class=\"card-ticket\">\n        <div class=\"card-ticket__image\">\n        <a href=\"https:\/\/www.ebilet.pl\/muzyka\/pop\/magic-christmas-concert\">\n            <img decoding=\"async\" src=\"https:\/\/www.ebilet.pl\/media\/cms\/media\/3dslbk2n\/mcc_430x560_ebilet-dcb6e76a-4b7c-436f-8843-2379cce65fde.webp\" alt=\"Plakat wydarzenia\" \/>\n        <\/a>\n    <\/div>\n             \n    <div class=\"card-ticket__link\">\n        <a href=\"https:\/\/www.ebilet.pl\/muzyka\/pop\/magic-christmas-concert\" class=\"button button--theme-primary-yellow button--withIconLeft button--size-small\">\n            <span class=\"button__icon icon icon-ticket\"><\/span>\n            <p class=\"button__text typo-16 f-600\">Kup bilet<\/p>\n        <\/a>\n    <\/div>\n    <\/div>                                    <\/div>\n                                <\/div>\n                                                    <\/div>\n                    <\/div>\n                <\/div>\n            <\/div>\n        <\/div>\n    <\/div>\n<\/section>\n\n<section class=\"gap-block  section-margin-32 section-margin-32\"><\/section>\n\n\n<section class=\"text-block  section-margin-32\" >\n    <div class=\"container\">\n        <div class=\"row\">\n            <div class=\"col-24\">\n                <div class=\"text-block__content\"><h2><strong>Magic Christmas Concert \u2013 najwi\u0119ksze \u015bwi\u0105teczne przeboje<\/strong><\/h2>\n<p>Podczas koncertu <a href=\"https:\/\/www.ebilet.pl\/muzyka\/pop\/magic-christmas-concert\"><strong>&#8220;Magic Christmas Concert&#8221;<\/strong><\/a> uwielbiane zimowe utwory wykonaj\u0105 wybitni, utalentowani arty\u015bci. Wyst\u0105pi\u0105: <strong>Kasia Mo\u015b<\/strong>, <strong>Kasia Cerekwicka<\/strong>, <strong>Ewelina Lisowska<\/strong>, <strong>Mietek Szcze\u015bniak<\/strong> , zesp\u00f3\u0142 <strong>Sound and Grace<\/strong> oraz <strong>Orkiestra Symfoniczna CoOperate Orchestra<\/strong> pod batut\u0105 maestro <strong>Adama Domurata<\/strong>. To b\u0119dzie blisko 60 os\u00f3b na scenie!<\/p>\n<p>Us\u0142yszymy najwi\u0119ksze \u015bwi\u0105teczne przeboje: <strong>\u201cAll I Want for Christmas\u201d<\/strong>, <strong>\u201cLast Christmas\u201d<\/strong>, <strong>\u201cLet it snow\u201d<\/strong>, <strong>\u201cRocking around the Christmas tree\u201d<\/strong>, <strong>\u201cSanta Claus is coming to town\u201d<\/strong>, <strong>\u201cWhite Christmas\u201d<\/strong> i wiele innych. Organizatorzy obiecuj\u0105 te\u017c wsp\u00f3lne \u015bpiewanie polskich \u015bwi\u0105tecznych szlagier\u00f3w.<\/p>\n<\/div>\n            <\/div>\n        <\/div>\n    <\/div>\n<\/section>\n\n\n<figure class=\"wp-block-embed is-type-video is-provider-youtube wp-block-embed-youtube wp-embed-aspect-16-9 wp-has-aspect-ratio\"><div class=\"wp-block-embed__wrapper\">\n<iframe loading=\"lazy\" title=\"Mietek Szcze\u015bniak &quot;Noc pe\u0142na sn\u00f3w&quot;\" width=\"500\" height=\"281\" src=\"https:\/\/www.youtube.com\/embed\/i6NIsI5KAqA?feature=oembed\" frameborder=\"0\" allow=\"accelerometer; autoplay; clipboard-write; encrypted-media; gyroscope; picture-in-picture; web-share\" referrerpolicy=\"strict-origin-when-cross-origin\" allowfullscreen><\/iframe>\n<\/div><\/figure>\n\n\n<section class=\"gap-block  section-margin-32 section-margin-32\"><\/section>\n\n\n<section class=\"tickets-slider  section-margin-32\"\n    data-tickets-slider\n    data-item-list-name=\"Karuzela z buttonami\"\n    data-item-list-id=\"karuzela_z_buttonami\"\n    >\n    <div class=\"container\">\n        <div class=\"row\">\n            <div class=\"col-24\">\n                <div class=\"tickets-slider__main\">\n                    <div class=\"tickets-slider__nav tickets-slider__nav--prev\">\n                        <div class=\"button button--withIcon button--theme-white-blur button--size-fixed-48\" data-tickets-slider-prev>\n                            <span class=\"button__icon icon icon-chevron-left\"><\/span>\n                        <\/div>\n                    <\/div>\n                    <div class=\"tickets-slider__nav tickets-slider__nav--next\">\n                        <div class=\"button button--withIcon button--theme-white-blur button--size-fixed-48\" data-tickets-slider-next>\n                            <span class=\"button__icon icon icon-chevron-right\"><\/span>\n                        <\/div>\n                    <\/div>\n                    <div class=\"tickets-slider__slider swiper\" data-tickets-slider-slider>\n                        <div class=\"tickets-slider__sliderWrapper swiper-wrapper\">\n                                                            <div class=\"tickets-slider__sliderItem swiper-slide\"\n                                    data-id=\"127792\"\n                                    data-name=\"Magic Christmas Concert 2026\"\n                                    data-brand=\"\"\n                                    data-category=\"muzyka\"\n                                    data-subcategory=\"pop\"\n                                    data-city=\"Gdynia, Katowice, Krak\u00f3w i inne\"\n                                    data-venue=\"\">\n                                    <div class=\"tickets-slider__sliderCard\">\n                                        \n<div class=\"card-ticket\">\n        <div class=\"card-ticket__image\">\n        <a href=\"https:\/\/www.ebilet.pl\/muzyka\/pop\/magic-christmas-concert\">\n            <img decoding=\"async\" src=\"https:\/\/www.ebilet.pl\/media\/cms\/media\/3dslbk2n\/mcc_430x560_ebilet-dcb6e76a-4b7c-436f-8843-2379cce65fde.webp\" alt=\"Plakat wydarzenia\" \/>\n        <\/a>\n    <\/div>\n             \n    <div class=\"card-ticket__link\">\n        <a href=\"https:\/\/www.ebilet.pl\/muzyka\/pop\/magic-christmas-concert\" class=\"button button--theme-primary-yellow button--withIconLeft button--size-small\">\n            <span class=\"button__icon icon icon-ticket\"><\/span>\n            <p class=\"button__text typo-16 f-600\">Kup bilet<\/p>\n        <\/a>\n    <\/div>\n    <\/div>                                    <\/div>\n                                <\/div>\n                                                    <\/div>\n                    <\/div>\n                <\/div>\n            <\/div>\n        <\/div>\n    <\/div>\n<\/section>\n\n\n<section class=\"text-block  section-margin-32\" >\n    <div class=\"container\">\n        <div class=\"row\">\n            <div class=\"col-24\">\n                <div class=\"text-block__content\"><h2>Mazowsze \u015awi\u0105tecznie \u2013 Koncert Kol\u0119d i Pastora\u0142ek<\/h2>\n<p><a href=\"https:\/\/www.ebilet.pl\/klasyka\/balet-taniec\/mazowsze-swiatecznie\"><strong>Koncert kol\u0119d i pastora\u0142ek<\/strong><\/a> w wykonaniu jednego z najwi\u0119kszych na \u015bwiecie zespo\u0142\u00f3w artystycznych, si\u0119gaj\u0105cych do bogactwa narodowych ta\u0144c\u00f3w, piosenek, przy\u015bpiewek i obyczaj\u00f3w, to gwarancja rozrywki na najwy\u017cszym artystycznym poziomie!<\/p>\n<p>Podczas wyst\u0119p\u00f3w soli\u015bci, ch\u00f3r i orkiestra <strong>Pa\u0144stwowego Zespo\u0142u Ludowego Pie\u015bni i Ta\u0144ca &#8220;Mazowsze\u201d im. Tadeusza Sygiety\u0144skiego<\/strong> wykonaj\u0105 najpi\u0119kniejsze kol\u0119dy i pastora\u0142ki w tradycyjnych interpretacjach, w kt\u00f3rych rozbrzmiewa rytm mazura, oberka czy poloneza.<\/p>\n<\/div>\n            <\/div>\n        <\/div>\n    <\/div>\n<\/section>\n\n\n<figure class=\"wp-block-embed is-type-video is-provider-youtube wp-block-embed-youtube wp-embed-aspect-16-9 wp-has-aspect-ratio\"><div class=\"wp-block-embed__wrapper\">\n<iframe loading=\"lazy\" title=\"Polskie kol\u0119dy z Mazowszem. Polish Christmas carols by &#039;Mazowsze&#039;. \u041f\u043e\u043b\u044c\u0441\u043a\u0438\u0435 \u043a\u043e\u043b\u044f\u0434\u043a\u0438 \u043e\u0442 &#039;Mazowsze&#039;.\" width=\"500\" height=\"281\" src=\"https:\/\/www.youtube.com\/embed\/F-6sfBtk1IY?feature=oembed\" frameborder=\"0\" allow=\"accelerometer; autoplay; clipboard-write; encrypted-media; gyroscope; picture-in-picture; web-share\" referrerpolicy=\"strict-origin-when-cross-origin\" allowfullscreen><\/iframe>\n<\/div><\/figure>\n\n\n<section class=\"gap-block  section-margin-32 section-margin-32\"><\/section>\n\n\n<section class=\"tickets-slider  section-margin-32\"\n    data-tickets-slider\n    data-item-list-name=\"Karuzela z buttonami\"\n    data-item-list-id=\"karuzela_z_buttonami\"\n    >\n    <div class=\"container\">\n        <div class=\"row\">\n            <div class=\"col-24\">\n                <div class=\"tickets-slider__main\">\n                    <div class=\"tickets-slider__nav tickets-slider__nav--prev\">\n                        <div class=\"button button--withIcon button--theme-white-blur button--size-fixed-48\" data-tickets-slider-prev>\n                            <span class=\"button__icon icon icon-chevron-left\"><\/span>\n                        <\/div>\n                    <\/div>\n                    <div class=\"tickets-slider__nav tickets-slider__nav--next\">\n                        <div class=\"button button--withIcon button--theme-white-blur button--size-fixed-48\" data-tickets-slider-next>\n                            <span class=\"button__icon icon icon-chevron-right\"><\/span>\n                        <\/div>\n                    <\/div>\n                    <div class=\"tickets-slider__slider swiper\" data-tickets-slider-slider>\n                        <div class=\"tickets-slider__sliderWrapper swiper-wrapper\">\n                                                    <\/div>\n                    <\/div>\n                <\/div>\n            <\/div>\n        <\/div>\n    <\/div>\n<\/section>\n\n\n<section class=\"text-block  section-margin-32\" >\n    <div class=\"container\">\n        <div class=\"row\">\n            <div class=\"col-24\">\n                <div class=\"text-block__content\"><h2><strong>Kol\u0119dy Pospieszalskich<\/strong><\/h2>\n<p>S\u0142ynna muzyczna <a href=\"https:\/\/www.ebilet.pl\/klasyka\/koncert\/koledy-pospieszalskich\"><strong>rodzina Pospieszalskich<\/strong><\/a>, kt\u00f3ra tworzy wielopokoleniow\u0105 orkiestr\u0119 z\u0142o\u017con\u0105 obecnie z 14 os\u00f3b w 1991 roku nagra\u0142a p\u0142yt\u0119 z kol\u0119dami, kt\u00f3ra przesz\u0142a do historii muzyki new folk i dzisiaj stanowi kanon \u015bwi\u0105tecznych brzmie\u0144. Kol\u0119dy Pospieszalskich wesz\u0142y na sta\u0142e do repertuaru rozg\u0142o\u015bni radiowych. Warto tym bardziej us\u0142ysze\u0107 je w wykonaniu na \u017cywo!<\/p>\n<\/div>\n            <\/div>\n        <\/div>\n    <\/div>\n<\/section>\n\n\n<figure class=\"wp-block-embed is-type-video is-provider-youtube wp-block-embed-youtube wp-embed-aspect-4-3 wp-has-aspect-ratio\"><div class=\"wp-block-embed__wrapper\">\n<iframe loading=\"lazy\" title=\"Polnoc juz byla\" width=\"500\" height=\"375\" src=\"https:\/\/www.youtube.com\/embed\/4RtHLmXTvdk?list=OLAK5uy_mvynrANCsCEgr28N74sH7oEUqgTTlms28\" frameborder=\"0\" allow=\"accelerometer; autoplay; clipboard-write; encrypted-media; gyroscope; picture-in-picture; web-share\" referrerpolicy=\"strict-origin-when-cross-origin\" allowfullscreen><\/iframe>\n<\/div><\/figure>\n\n\n<section class=\"gap-block  section-margin-32 section-margin-32\"><\/section>\n\n\n<section class=\"tickets-slider  section-margin-32\"\n    data-tickets-slider\n    data-item-list-name=\"Karuzela z buttonami\"\n    data-item-list-id=\"karuzela_z_buttonami\"\n    >\n    <div class=\"container\">\n        <div class=\"row\">\n            <div class=\"col-24\">\n                <div class=\"tickets-slider__main\">\n                    <div class=\"tickets-slider__nav tickets-slider__nav--prev\">\n                        <div class=\"button button--withIcon button--theme-white-blur button--size-fixed-48\" data-tickets-slider-prev>\n                            <span class=\"button__icon icon icon-chevron-left\"><\/span>\n                        <\/div>\n                    <\/div>\n                    <div class=\"tickets-slider__nav tickets-slider__nav--next\">\n                        <div class=\"button button--withIcon button--theme-white-blur button--size-fixed-48\" data-tickets-slider-next>\n                            <span class=\"button__icon icon icon-chevron-right\"><\/span>\n                        <\/div>\n                    <\/div>\n                    <div class=\"tickets-slider__slider swiper\" data-tickets-slider-slider>\n                        <div class=\"tickets-slider__sliderWrapper swiper-wrapper\">\n                                                    <\/div>\n                    <\/div>\n                <\/div>\n            <\/div>\n        <\/div>\n    <\/div>\n<\/section>\n\n\n<section class=\"text-block  section-margin-32\" >\n    <div class=\"container\">\n        <div class=\"row\">\n            <div class=\"col-24\">\n                <div class=\"text-block__content\"><h2>Kol\u0119dowanie z zespo\u0142em Enej<\/h2>\n<p>Na wsp\u00f3lne <a href=\"https:\/\/www.ebilet.pl\/muzyka\/pop\/koledowanie-z-zespolem-enej\">kol\u0119dowanie zaprasza r\u00f3wnie\u017c znany i lubiany zesp\u00f3\u0142 <strong>Enej<\/strong><\/a>. Podczas koncertu <strong>22 grudnia w Lublinie<\/strong> grupa zaprezentuje unikalne aran\u017cacje najpi\u0119kniejszych i najbardziej znanych tradycyjnych polskich i ukrai\u0144skich kol\u0119d i pastora\u0142ek w autorskich aran\u017cacjach &#8211; pop, jazzowych, etno a nawet reggae! Zbi\u00f3r tych utwor\u00f3w zosta\u0142 wydany przez zesp\u00f3\u0142 na p\u0142ycie <strong>&#8220;Kol\u0119dy pod wsp\u00f3lnym niebem\u201d<\/strong>. Teraz b\u0119dzie mo\u017cna pos\u0142ucha\u0107 tych melodii r\u00f3wnie\u017c na \u017cywo.<\/p>\n<\/div>\n            <\/div>\n        <\/div>\n    <\/div>\n<\/section>\n\n\n<figure class=\"wp-block-embed is-type-video is-provider-youtube wp-block-embed-youtube wp-embed-aspect-16-9 wp-has-aspect-ratio\"><div class=\"wp-block-embed__wrapper\">\n<iframe loading=\"lazy\" title=\"Enej - Gdy si\u0119 Chrystus rodzi (Official video)\" width=\"500\" height=\"281\" src=\"https:\/\/www.youtube.com\/embed\/wqeypvopfBI?feature=oembed\" frameborder=\"0\" allow=\"accelerometer; autoplay; clipboard-write; encrypted-media; gyroscope; picture-in-picture; web-share\" referrerpolicy=\"strict-origin-when-cross-origin\" allowfullscreen><\/iframe>\n<\/div><\/figure>\n\n\n<section class=\"gap-block  section-margin-32 section-margin-32\"><\/section>\n\n\n<section class=\"tickets-slider  section-margin-32\"\n    data-tickets-slider\n    data-item-list-name=\"Karuzela z buttonami\"\n    data-item-list-id=\"karuzela_z_buttonami\"\n    >\n    <div class=\"container\">\n        <div class=\"row\">\n            <div class=\"col-24\">\n                <div class=\"tickets-slider__main\">\n                    <div class=\"tickets-slider__nav tickets-slider__nav--prev\">\n                        <div class=\"button button--withIcon button--theme-white-blur button--size-fixed-48\" data-tickets-slider-prev>\n                            <span class=\"button__icon icon icon-chevron-left\"><\/span>\n                        <\/div>\n                    <\/div>\n                    <div class=\"tickets-slider__nav tickets-slider__nav--next\">\n                        <div class=\"button button--withIcon button--theme-white-blur button--size-fixed-48\" data-tickets-slider-next>\n                            <span class=\"button__icon icon icon-chevron-right\"><\/span>\n                        <\/div>\n                    <\/div>\n                    <div class=\"tickets-slider__slider swiper\" data-tickets-slider-slider>\n                        <div class=\"tickets-slider__sliderWrapper swiper-wrapper\">\n                                                    <\/div>\n                    <\/div>\n                <\/div>\n            <\/div>\n        <\/div>\n    <\/div>\n<\/section>\n\n\n<section class=\"text-block  section-margin-32\" >\n    <div class=\"container\">\n        <div class=\"row\">\n            <div class=\"col-24\">\n                <div class=\"text-block__content\"><h2>Koncert \u015bwi\u0105teczny \u201cChristmas Jazz\u201d feat. Kurt Elling<\/h2>\n<p><strong>Kurt Elling<\/strong> to jeden z najbardziej rozpoznawalnych wsp\u00f3\u0142czesnych wokalist\u00f3w jazzowych, artysta dziewi\u0119ciokrotnie nominowany do nagrody Grammy.<\/p>\n<p>Przed polsk\u0105 publiczno\u015bci\u0105 charyzmatyczny muzyk wyst\u0105pi w towarzystwie jazz-bandu, ch\u00f3ru dzieci\u0119cego i <strong>Svitlo Orkiestry<\/strong>. Warto odnotowa\u0107, \u017ce wspomniany zesp\u00f3\u0142 jazzowy prowadzony jest przez <strong>Marka Grossa<\/strong> \u2013 solist\u0119 orkiestry <strong>Duke\u2019a Ellingtona<\/strong> \u2013 r\u00f3wnie\u017c dwukrotnego zdobywc\u0119 nagrody Grammy.<\/p>\n<p>Co us\u0142yszymy <a href=\"https:\/\/www.ebilet.pl\/muzyka\/jazz-blues\/kurt-elling\"><strong>podczas koncertu &#8220;Christmas Jazz&#8221;<\/strong><\/a>? Znane i lubiane przeboje muzyki \u015bwi\u0105tecznej, takie jak <strong>\u201cJoy to the World\u201d, \u201cLet it Snow\u201d, \u201cCarol of the Bells\u201d, \u201cThe Christmas Song\u201d<\/strong> w aran\u017cacjach jazzowych. Ale nie zabraknie r\u00f3wnie\u017c klasycznych utwor\u00f3w, jak np. muzyki z <strong>\u201cDziadka do orzech\u00f3w\u201d Piotra Czajkowskiego<\/strong>.<\/p>\n<\/div>\n            <\/div>\n        <\/div>\n    <\/div>\n<\/section>\n\n\n<figure class=\"wp-block-embed is-type-video is-provider-youtube wp-block-embed-youtube wp-embed-aspect-4-3 wp-has-aspect-ratio\"><div class=\"wp-block-embed__wrapper\">\n<iframe loading=\"lazy\" title=\"Sing A Christmas Carol\" width=\"500\" height=\"375\" src=\"https:\/\/www.youtube.com\/embed\/JJ5BapkOrg4?feature=oembed\" frameborder=\"0\" allow=\"accelerometer; autoplay; clipboard-write; encrypted-media; gyroscope; picture-in-picture; web-share\" referrerpolicy=\"strict-origin-when-cross-origin\" allowfullscreen><\/iframe>\n<\/div><\/figure>\n\n\n<section class=\"gap-block  section-margin-32 section-margin-32\"><\/section>\n\n\n<section class=\"tickets-slider  section-margin-32\"\n    data-tickets-slider\n    data-item-list-name=\"Karuzela z buttonami\"\n    data-item-list-id=\"karuzela_z_buttonami\"\n    >\n    <div class=\"container\">\n        <div class=\"row\">\n            <div class=\"col-24\">\n                <div class=\"tickets-slider__main\">\n                    <div class=\"tickets-slider__nav tickets-slider__nav--prev\">\n                        <div class=\"button button--withIcon button--theme-white-blur button--size-fixed-48\" data-tickets-slider-prev>\n                            <span class=\"button__icon icon icon-chevron-left\"><\/span>\n                        <\/div>\n                    <\/div>\n                    <div class=\"tickets-slider__nav tickets-slider__nav--next\">\n                        <div class=\"button button--withIcon button--theme-white-blur button--size-fixed-48\" data-tickets-slider-next>\n                            <span class=\"button__icon icon icon-chevron-right\"><\/span>\n                        <\/div>\n                    <\/div>\n                    <div class=\"tickets-slider__slider swiper\" data-tickets-slider-slider>\n                        <div class=\"tickets-slider__sliderWrapper swiper-wrapper\">\n                                                    <\/div>\n                    <\/div>\n                <\/div>\n            <\/div>\n        <\/div>\n    <\/div>\n<\/section>\n\n\n<section class=\"text-block  section-margin-32\" >\n    <div class=\"container\">\n        <div class=\"row\">\n            <div class=\"col-24\">\n                <div class=\"text-block__content\"><h2><strong>Wi\u0119cej muzyki na Bo\u017ce Narodzenie!\u00a0<\/strong><\/h2>\n<p>Oczywi\u015bcie powy\u017csze koncerty, to nie koniec muzycznych atrakcji dla mi\u0142o\u015bnik\u00f3w bo\u017conarodzeniowych melodii! W naszej eBiletowej ofercie mamy ich du\u017co, du\u017co wi\u0119cej. Z<span style=\"font-weight: 400;\">najdziesz u nas wiele sposob\u00f3w na to, by rozbudzi\u0107 w sobie \u015bwi\u0105tecznego ducha<\/span><span style=\"font-weight: 400;\">. Zapraszamy do zapoznania si\u0119 z <a href=\"https:\/\/www.ebilet.pl\/lp\/prezent-na-swieta\"><strong>naszym \u015bwi\u0105tecznym katalogiem wydarze\u0144<\/strong><\/a>.\u00a0\u00a0<\/span><\/p>\n<p>&nbsp;<\/p>\n<\/div>\n            <\/div>\n        <\/div>\n    <\/div>\n<\/section>\n\n\n<section class=\"tickets-slider  section-margin-32\"\n    data-tickets-slider\n    data-item-list-name=\"Karuzela z buttonami\"\n    data-item-list-id=\"karuzela_z_buttonami\"\n    >\n    <div class=\"container\">\n        <div class=\"row\">\n            <div class=\"col-24\">\n                <div class=\"tickets-slider__main\">\n                    <div class=\"tickets-slider__nav tickets-slider__nav--prev\">\n                        <div class=\"button button--withIcon button--theme-white-blur button--size-fixed-48\" data-tickets-slider-prev>\n                            <span class=\"button__icon icon icon-chevron-left\"><\/span>\n                        <\/div>\n                    <\/div>\n                    <div class=\"tickets-slider__nav tickets-slider__nav--next\">\n                        <div class=\"button button--withIcon button--theme-white-blur button--size-fixed-48\" data-tickets-slider-next>\n                            <span class=\"button__icon icon icon-chevron-right\"><\/span>\n                        <\/div>\n                    <\/div>\n                    <div class=\"tickets-slider__slider swiper\" data-tickets-slider-slider>\n                        <div class=\"tickets-slider__sliderWrapper swiper-wrapper\">\n                                                            <div class=\"tickets-slider__sliderItem swiper-slide\"\n                                    data-id=\"6232\"\n                                    data-name=\"Aga Zaryan \u2013 Second Time Around\"\n                                    data-brand=\"\"\n                                    data-category=\"muzyka\"\n                                    data-subcategory=\"jazz-blues\"\n                                    data-city=\"Bia\u0142ystok, Chorz\u00f3w, Gda\u0144sk i inne\"\n                                    data-venue=\"\">\n                                    <div class=\"tickets-slider__sliderCard\">\n                                        \n<div class=\"card-ticket\">\n        <div class=\"card-ticket__image\">\n        <a href=\"https:\/\/www.ebilet.pl\/muzyka\/jazz-blues\/aga-zaryan\">\n            <img decoding=\"async\" src=\"https:\/\/www.ebilet.pl\/media\/cms\/media\/gfkkpeae\/aga-zaryan-552x736-81105bda-6bd2-4223-a61f-e56e2ab3e9a8.webp\" alt=\"Plakat wydarzenia\" \/>\n        <\/a>\n    <\/div>\n             \n    <div class=\"card-ticket__link\">\n        <a href=\"https:\/\/www.ebilet.pl\/muzyka\/jazz-blues\/aga-zaryan\" class=\"button button--theme-primary-yellow button--withIconLeft button--size-small\">\n            <span class=\"button__icon icon icon-ticket\"><\/span>\n            <p class=\"button__text typo-16 f-600\">Kup bilet<\/p>\n        <\/a>\n    <\/div>\n    <\/div>                                    <\/div>\n                                <\/div>\n                                                    <\/div>\n                    <\/div>\n                <\/div>\n            <\/div>\n        <\/div>\n    <\/div>\n<\/section>","protected":false},"excerpt":{"rendered":"<p>Wybrali\u015bmy dla was propozycje koncert\u00f3w, kt\u00f3re pomog\u0105 odnale\u017a\u0107 magi\u0119 tej zimy. Mamy tutaj zar\u00f3wno najpi\u0119kniejsze kol\u0119dy, jak i \u015bwi\u0105teczne przeboje w popowych, jazzowych i klasycznych aran\u017cacjach. A wszystko to w wykonaniu znanych i lubianych artyst\u00f3w. Spraw sobie i swoim bliskim wspania\u0142y prezent wybieraj\u0105c si\u0119 na jedno z tych radosnych wydarze\u0144!<\/p>\n","protected":false},"author":8,"featured_media":40416,"comment_status":"open","ping_status":"open","sticky":false,"template":"page-templates\/article-default.php","format":"standard","meta":{"_acf_changed":false,"footnotes":""},"article_tag":[282,157,26,31,46,41],"article_type":[554],"acf":[],"_links":{"self":[{"href":"https:\/\/www.ebilet.pl\/now\/wp-json\/wp\/v2\/posts\/40288"}],"collection":[{"href":"https:\/\/www.ebilet.pl\/now\/wp-json\/wp\/v2\/posts"}],"about":[{"href":"https:\/\/www.ebilet.pl\/now\/wp-json\/wp\/v2\/types\/post"}],"author":[{"embeddable":true,"href":"https:\/\/www.ebilet.pl\/now\/wp-json\/wp\/v2\/users\/8"}],"replies":[{"embeddable":true,"href":"https:\/\/www.ebilet.pl\/now\/wp-json\/wp\/v2\/comments?post=40288"}],"version-history":[{"count":3,"href":"https:\/\/www.ebilet.pl\/now\/wp-json\/wp\/v2\/posts\/40288\/revisions"}],"predecessor-version":[{"id":41249,"href":"https:\/\/www.ebilet.pl\/now\/wp-json\/wp\/v2\/posts\/40288\/revisions\/41249"}],"wp:featuredmedia":[{"embeddable":true,"href":"https:\/\/www.ebilet.pl\/now\/wp-json\/wp\/v2\/media\/40416"}],"wp:attachment":[{"href":"https:\/\/www.ebilet.pl\/now\/wp-json\/wp\/v2\/media?parent=40288"}],"wp:term":[{"taxonomy":"article_tag","embeddable":true,"href":"https:\/\/www.ebilet.pl\/now\/wp-json\/wp\/v2\/article_tag?post=40288"},{"taxonomy":"article_type","embeddable":true,"href":"https:\/\/www.ebilet.pl\/now\/wp-json\/wp\/v2\/article_type?post=40288"}],"curies":[{"name":"wp","href":"https:\/\/api.w.org\/{rel}","templated":true}]}}