{"id":38914,"date":"2024-11-26T21:05:17","date_gmt":"2024-11-26T20:05:17","guid":{"rendered":"https:\/\/www.ebilet.pl\/now\/?p=38914"},"modified":"2024-11-26T21:05:20","modified_gmt":"2024-11-26T20:05:20","slug":"prowiant-gotowy-w-takim-razie-ruszamy-zwiedzac-darlowo","status":"publish","type":"post","link":"https:\/\/www.ebilet.pl\/now\/prowiant-gotowy-w-takim-razie-ruszamy-zwiedzac-darlowo\/","title":{"rendered":"Prowiant gotowy? W takim razie ruszamy zwiedza\u0107 Dar\u0142owo!"},"content":{"rendered":"\n<section class=\"text-block  section-margin-32\" >\n    <div class=\"container\">\n        <div class=\"row\">\n            <div class=\"col-24\">\n                <div class=\"text-block__content\"><h2><strong>Gdzie le\u017cy Dar\u0142owo i sk\u0105d wzi\u0119\u0142a si\u0119 jego nazwa?\u00a0<\/strong><\/h2>\n<p><b>Dar\u0142owo le\u017cy nad morzem, dok\u0142adnie w wojew\u00f3dztwie zachodniopomorskim. <\/b><span style=\"font-weight: 400;\">Jego nazwa zosta\u0142a zapisana po raz pierwszy w 1205 roku jako <\/span><i><span style=\"font-weight: 400;\">Dirlow<\/span><\/i><span style=\"font-weight: 400;\">. <\/span><b>Wed\u0142ug jednej z teorii pochodzi ona od imienia <\/b><b><i>Dar\u0142<\/i><\/b><b>,<\/b><span style=\"font-weight: 400;\"> do kt\u00f3rego p\u00f3\u017aniej dodano przyrostek <\/span><i><span style=\"font-weight: 400;\">-owo<\/span><\/i><span style=\"font-weight: 400;\">. <\/span><b>Niekt\u00f3rzy jednak twierdz\u0105, \u017ce nazwa ma s\u0142owia\u0144skie korzenie i oznacza miejsce obdarzone szczeg\u00f3ln\u0105 obfito\u015bci\u0105 \u0142owisk. <\/b><span style=\"font-weight: 400;\">Ta wersja wydaje si\u0119 prawdziwa, poniewa\u017c wody wzd\u0142u\u017c Dar\u0142owa faktycznie obfituj\u0105 w ryby.<\/span><\/p>\n<p><span style=\"font-weight: 400;\">Niestety, teori\u0119 t\u0119 obala niemiecka nazwa, R\u00fcgenwalde. Gdyby chodzi\u0142o o obfito\u015b\u0107 \u0142owisk, niemiecka nazwa brzmia\u0142oby bardziej <\/span><i><span style=\"font-weight: 400;\">Fishereigabe<\/span><\/i><span style=\"font-weight: 400;\">. Jednak w 1312 roku u\u017cyta zosta\u0142a nazwa <\/span><i><span style=\"font-weight: 400;\">R\u00fcgenwalde<\/span><\/i><span style=\"font-weight: 400;\">, kt\u00f3ra sk\u0142ada si\u0119 z dw\u00f3ch cz\u0142on\u00f3w:<\/span><\/p>\n<ul>\n<li style=\"font-weight: 400;\" aria-level=\"1\"><i><span style=\"font-weight: 400;\">R\u00fcgen<\/span><\/i><span style=\"font-weight: 400;\"> \u2013 od wyspy nosz\u0105cej nazw\u0119 Rugia,<\/span><\/li>\n<\/ul>\n<ul>\n<li style=\"font-weight: 400;\" aria-level=\"1\"><i><span style=\"font-weight: 400;\">Wald<\/span><\/i><span style=\"font-weight: 400;\"> \u2013 z niemieckiego <\/span><i><span style=\"font-weight: 400;\">las<\/span><\/i><span style=\"font-weight: 400;\">.\u00a0<\/span><\/li>\n<\/ul>\n<p><span style=\"font-weight: 400;\">W r\u00f3\u017cnych zapiskach pojawia\u0142y si\u0119 tak\u017ce takie nazwy jak <\/span><i><span style=\"font-weight: 400;\">Dyr\u0142\u00f3w, Dar\u0142\u00f3w, Der\u0142owo, Der\u0142\u00f3w,<\/span><\/i><span style=\"font-weight: 400;\"> a nawet <\/span><i><span style=\"font-weight: 400;\">Dzierz\u0142\u00f3w<\/span><\/i><span style=\"font-weight: 400;\"> (w tym przypadku kogo\u015b troch\u0119 ponios\u0142o). Dzisiejsza nazwa zosta\u0142a formalnie zaakceptowana w 1946 roku, wi\u0119c na pewno nie pomylisz tego miasta z \u017cadnym innym. Mo\u017cemy rusza\u0107 w drog\u0119?<\/span><\/p>\n<h2><strong>Zamek Ksi\u0105\u017c\u0105t Pomorskich w Dar\u0142owie<\/strong><\/h2>\n<p><span style=\"font-weight: 400;\">Dawniej nikt nie przyk\u0142ada\u0142 takiej wagi do prowadzenia dokumentacji, a papierologia by\u0142a mniej obecna. Z jednej strony wydaje si\u0119, \u017ce to pi\u0119kne czasy, ale\u2026 przez to niestety nie wiemy, kiedy dok\u0142adnie wybudowano Zamek Ksi\u0105\u017c\u0105t Pomorskich w Dar\u0142owie. Do dzi\u015b nie znaleziono \u017cadnych dokument\u00f3w, ale archeolodzy si\u0119 nie poddawali, dzi\u0119ki czemu <\/span><b>mo\u017cemy przypuszcza\u0107, \u017ce zamek zosta\u0142 wzniesiony w drugiej po\u0142owie XIV wieku.\u00a0<\/b><\/p>\n<p><span style=\"font-weight: 400;\">Nad nadmorskimi terenami panowa\u0142 wtedy ksi\u0105\u017c\u0119 z rodu Gryfit\u00f3w \u2013 Bogus\u0142aw V wraz z ma\u0142\u017conk\u0105 El\u017cbiet\u0105 (c\u00f3rk\u0105 Kazimierza Wielkiego). Bogus\u0142aw V zakupi\u0142 wysp\u0119 z m\u0142ynem, by wybudowa\u0107 na niej warowni\u0119. W ci\u0105gu kolejnych 20 lat na wyspie stan\u0105\u0142 zamek z prawdziwego zdarzenia, kt\u00f3rego forma zosta\u0142a zachowana do dzi\u015b. Budowla robi\u0142a wtedy furor\u0119, dlatego te\u017c zaraz po jej wybudowaniu w murach odby\u0142a si\u0119 \u201cparapet\u00f3wka\u201d, czyli zjazd ksi\u0105\u017c\u0105t pomorskich.<\/span><\/p>\n<p><b>Niespe\u0142na 100 lat p\u00f3\u017aniej ksi\u0105\u017c\u0119 Eryk I Pomorski rozbudowa\u0142 zamek i unowocze\u015bni\u0142 system obronny. <\/b><span style=\"font-weight: 400;\">Ksi\u0105\u017c\u0119 chwil\u0119 wcze\u015bniej zasiada\u0142 na tronie ca\u0142ej Skandynawii, ale go zdetronizowano. Wr\u00f3ci\u0142 wi\u0119c na swoje dziedzictwo, gdzie sp\u0119dza\u0142 czas z pi\u0119kn\u0105 i m\u0142od\u0105 dw\u00f3rk\u0105 Cecyli\u0105. Do dzi\u015b nie wiadomo, kim by\u0142a tajemnicza kobiet i dlaczego stary kr\u00f3l tak bardzo si\u0119 w niej zakocha\u0142. Niekt\u00f3rzy historycy podaj\u0105, \u017ce w ostatnich latach swego \u017cycia, ksi\u0105\u017c\u0119 j\u0105 po\u015blubi\u0142, poniewa\u017c w kronikach znalaz\u0142 si\u0119 zapis o \u201cKr\u00f3lowej Cecylii\u201d.\u00a0<\/span><\/p>\n<p><b>Mi\u0142o\u015b\u0107 Eryka i Cecylii sta\u0142a si\u0119 inspiracj\u0105 dla wielu artyst\u00f3w. <\/b><span style=\"font-weight: 400;\">Koszali\u0144ski poeta i prozaik, Czes\u0142aw Kuriata, napisa\u0142 poemat \u201cPowr\u00f3t ksi\u0119cia Eryka\u201d. Lucie Lehmann, ameryka\u0144ska dziennikarka i pisarka, poszukuje w archiwach \u015blad\u00f3w Cecylii i Eryka. Chce ona napisa\u0107 powie\u015b\u0107 opart\u0105 na faktach historycznych.\u00a0<\/span><\/p>\n<p><span style=\"font-weight: 400;\">A to jeszcze nie koniec ciekawostek! <\/span><b>Zamek sta\u0142 si\u0119 inspiracj\u0105 do zbudowania przez kr\u00f3la Eryka podobnego zamku w Danii. <\/b><span style=\"font-weight: 400;\">Kronborg, nieco wi\u0119kszy od orygina\u0142u, sta\u0142 si\u0119 miejscem akcji \u201cHamleta\u201d Williama Shakespeare&#8217;a.\u00a0<\/span><\/p>\n<h3><span style=\"font-weight: 400;\">Legenda o Zamku Ksi\u0105\u017c\u0105t Pomorskich w Dar\u0142owie<\/span><\/h3>\n<p><span style=\"font-weight: 400;\">Wed\u0142ug legendy na zamku pojawia si\u0119 Bia\u0142a Dama. <\/span><b>Jest to pokutuj\u0105ca dusza ksi\u0119\u017cnej Zofii, wnuczki Eryka I Pomorskiego. <\/b><span style=\"font-weight: 400;\">Cho\u0107 fakty historyczne tego nie potwierdzaj\u0105, legenda g\u0142osi, \u017ce owa kobieta by\u0142a okrutna.\u00a0<\/span><\/p>\n<p><b>Jest te\u017c druga strona medalu: romantyczna historia mi\u0142osna Zofii i jej ukochanego. <\/b><span style=\"font-weight: 400;\">Mieszka\u0142 on w gotyckiej kamienicy (mie\u015bci si\u0119 ona teraz na rogu ulic Powsta\u0144c\u00f3w Warszawskich i Morskiej), do kt\u00f3rej pono\u0107 prowadzi\u0142o tajemne, podziemne przej\u015bcie, dzi\u0119ki kt\u00f3remu rycerz m\u00f3g\u0142 spotyka\u0107 si\u0119 z ksi\u0119\u017cn\u0105. Je\u015bli interesuje ci\u0119 ta historia, Zbys\u0142aw G\u00f3recki napisa\u0142 <\/span><b>powie\u015b\u0107 historyczn\u0105 \u201cPi\u0119kna Ksi\u0119\u017cna\u201d. <\/b><span style=\"font-weight: 400;\">Mo\u017cesz j\u0105 przeczyta\u0107 przy okazji pobytu w mie\u015bcie.\u00a0<\/span><\/p>\n<p><b>A jak dzi\u015b wygl\u0105da Zamek Ksi\u0105\u017c\u0105t Pomorskich? <\/b><span style=\"font-weight: 400;\">Jeszcze za czas\u00f3w pruskich s\u0142u\u017cy\u0142 on za magazyn i powoli popada\u0142 w ruin\u0119. Jednak<\/span><b> w latach 30. XX wieku powsta\u0142o tam muzeum, dzi\u0119ki kt\u00f3remu zamek wr\u00f3ci\u0142 do czas\u00f3w \u015bwietno\u015bci.<\/b><span style=\"font-weight: 400;\">[1]<\/span><span style=\"font-weight: 400;\"> Mo\u017cesz zwiedzi\u0107 wysok\u0105 wie\u017c\u0119 z bardzo w\u0105skim, ale atrakcyjnie o\u015bwietlonym wej\u015bciem, a tak\u017ce zobaczy\u0107:<\/span><\/p>\n<ul>\n<li style=\"font-weight: 400;\" aria-level=\"1\"><span style=\"font-weight: 400;\">ekspozycj\u0119 pomorskiej sztuki sakralnej,<\/span><\/li>\n<li style=\"font-weight: 400;\" aria-level=\"1\"><span style=\"font-weight: 400;\">XVIII oraz XIX-wieczne zabytki pomorskiej sztuki ludowej,<\/span><\/li>\n<li style=\"font-weight: 400;\" aria-level=\"1\"><span style=\"font-weight: 400;\">medaliony w\u0142adc\u00f3w Polski (wed\u0142ug Pocztu Kr\u00f3l\u00f3w Polskich Jana Matejki),<\/span><\/li>\n<li style=\"font-weight: 400;\" aria-level=\"1\"><span style=\"font-weight: 400;\">ekspozycj\u0119 sztuki Wschodu (od tego Bliskiego, a\u017c po Japoni\u0119),<\/span><\/li>\n<li style=\"font-weight: 400;\" aria-level=\"1\"><span style=\"font-weight: 400;\">map\u0119 pomorza z pocz\u0105tku XVII wieku,<\/span><\/li>\n<li style=\"font-weight: 400;\" aria-level=\"1\"><span style=\"font-weight: 400;\">meble barokowe i neobarokowe,\u00a0<\/span><\/li>\n<li style=\"font-weight: 400;\" aria-level=\"1\"><span style=\"font-weight: 400;\">p\u00f3\u017anorenesansowe \u0142o\u017ce z baldachimem,<\/span><\/li>\n<li style=\"font-weight: 400;\" aria-level=\"1\"><span style=\"font-weight: 400;\">salonik bursztynowy i nie tylko.<\/span><span style=\"font-weight: 400;\">[2]<\/span><\/li>\n<\/ul>\n<\/div>\n            <\/div>\n        <\/div>\n    <\/div>\n<\/section>\n\n\n<section class=\"tickets-slider  section-margin-32\"\n    data-tickets-slider\n    data-item-list-name=\"Karuzela z buttonami\"\n    data-item-list-id=\"karuzela_z_buttonami\"\n    >\n    <div class=\"container\">\n        <div class=\"row\">\n            <div class=\"col-24\">\n                <div class=\"tickets-slider__main\">\n                    <div class=\"tickets-slider__nav tickets-slider__nav--prev\">\n                        <div class=\"button button--withIcon button--theme-white-blur button--size-fixed-48\" data-tickets-slider-prev>\n                            <span class=\"button__icon icon icon-chevron-left\"><\/span>\n                        <\/div>\n                    <\/div>\n                    <div class=\"tickets-slider__nav tickets-slider__nav--next\">\n                        <div class=\"button button--withIcon button--theme-white-blur button--size-fixed-48\" data-tickets-slider-next>\n                            <span class=\"button__icon icon icon-chevron-right\"><\/span>\n                        <\/div>\n                    <\/div>\n                    <div class=\"tickets-slider__slider swiper\" data-tickets-slider-slider>\n                        <div class=\"tickets-slider__sliderWrapper swiper-wrapper\">\n                                                    <\/div>\n                    <\/div>\n                <\/div>\n            <\/div>\n        <\/div>\n    <\/div>\n<\/section>\n\n\n<section class=\"text-block  section-margin-32\" >\n    <div class=\"container\">\n        <div class=\"row\">\n            <div class=\"col-24\">\n                <div class=\"text-block__content\"><h3><strong>Ko\u015bci\u00f3\u0142 \u015bw. Gertrudy w Dar\u0142owie<\/strong><\/h3>\n<p><b>Ko\u015bci\u00f3\u0142 \u015bw. Gertrudy tak\u017ce jest zwi\u0105zany z postaci\u0105 Eryka I Pomorskiego. Mia\u0142 on wybudowa\u0107 \u015bwi\u0105tyni\u0119 w ramach pami\u0105tki po swojej pielgrzymce do Grobu \u015awi\u0119tego w Jerozolimie<\/b><span style=\"font-weight: 400;\"> (wiesz, kiedy\u015b nie by\u0142o aparat\u00f3w, wi\u0119c zamiast zdj\u0119\u0107, budowano \u015bwi\u0105tynie. Proste i logiczne!). Jak przysta\u0142o na by\u0142ego kr\u00f3la Skandynawii,<\/span><b> budowla zosta\u0142a wzniesiona w stylu skandynawskiego gotyku<\/b><span style=\"font-weight: 400;\"> (na planie sze\u015bciok\u0105ta z dwunastok\u0105tnym obej\u015bciem). <\/span><b>To jedyna \u015bwi\u0105tynia (i budowla og\u00f3\u0142em) wybudowana w tym stylu architektonicznym w ca\u0142ej Polsce.<\/b><\/p>\n<p><span style=\"font-weight: 400;\">Najstarsza wzmianka o ko\u015bciele pochodzi z 1497 roku, kiedy to Dar\u0142owo nawiedzi\u0142a najwi\u0119ksza najwi\u0119ksza pow\u00f3d\u017a w historii. Fale by\u0142y tak wielkie, \u017ce wyrzuci\u0142y statki pod wzg\u00f3rze, na kt\u00f3rym stoi \u015bwi\u0105tynia (czyli ok. 3,5 km od brzegu morza je\u015bli spojrzymy na dzisiejsz\u0105 lini\u0119 brzegow\u0105. Dawniej si\u0119ga\u0142a ona jeszcze dalej). Przez to wydarzenie \u00f3wczesny proboszcz Dar\u0142owa wraz z burmistrzem miasta \u015blubowali odbywa\u0107 rokrocznie procesj\u0119 pokutno-b\u0142agaln\u0105. Co ciekawe, tradycyjna procesja odbywa si\u0119 po dzi\u015b dzie\u0144, we wrze\u015bniu.\u00a0<\/span><\/p>\n<p><span style=\"font-weight: 400;\">Wracaj\u0105c do samego ko\u015bcio\u0142a. Jest on niemal rotund\u0105, a w \u015brodku, naprzeciwko o\u0142tarza, znajduje si\u0119 pi\u0119\u0107 balkon\u00f3w. Ich balustrady s\u0105 malowid\u0142ami z XVII i XVIII wieku. Sklepienia w \u015bwi\u0105tyni s\u0105 gwia\u017adziste, a organy z 1860 roku s\u0142u\u017c\u0105 nie tylko podczas obrz\u0119d\u00f3w liturgicznych, ale tak\u017ce podczas festiwalu organowych.<\/span><\/p>\n<p><span style=\"font-weight: 400;\">Nawet je\u015bli nie jeste\u015b osob\u0105 wierz\u0105c\u0105, warto zobaczy\u0107 t\u0119 architektoniczn\u0105, nadmorsk\u0105 pere\u0142k\u0119.<\/span><span style=\"font-weight: 400;\">[3]<\/span><\/p>\n<h3><strong>Park Kr\u00f3la Eryka<\/strong><\/h3>\n<p><span style=\"font-weight: 400;\">Niedaleko Ko\u015bcio\u0142a \u015bw. Gertrudy znajduje si\u0119 Park Kr\u00f3la Eryka. Warto przyj\u015b\u0107 do niego pod koniec dnia, by zobaczy\u0107 <\/span><b>pod\u015bwietlan\u0105 fontann\u0119 <\/b><span style=\"font-weight: 400;\">w jej najpi\u0119kniejszym wydaniu. Je\u015bli jednak wolisz odpocz\u0105\u0107 na \u0142onie natury w dzie\u0144, tak\u017ce mo\u017cesz przyj\u015b\u0107. Opr\u00f3cz fontanny jest tam te\u017c granitowy g\u0142az, kt\u00f3ry upami\u0119tnia 600-lecie koronacji Eryka I Pomorskiego. Znajdziesz tam oczywi\u015bcie te\u017c alejki i \u0142awki.<\/span><\/p>\n<h2><strong>Spacer Literackim Szlakiem Leopolda Tyrmanda<\/strong><\/h2>\n<p><b>Nadal ma\u0142o ci spaceru? W takim razie zapraszamy na literacki szlak \u201c\u015aladami bohater\u00f3w Tyrmanda\u201d. Biegnie on od dworca a\u017c do latarni. Po drodze zobaczysz osiem rze\u017ab:<\/b><\/p>\n<ul>\n<li style=\"font-weight: 400;\" aria-level=\"1\"><span style=\"font-weight: 400;\">przy dworcu (rze\u017aba przedstawia kamer\u0119 i nawi\u0105zuje do filmu \u201cNaprawd\u0119 wczoraj\u201d, kt\u00f3ry powsta\u0142 na postawie ksi\u0105\u017cki Tyrmanda \u201cSiedem dalekich rejs\u00f3w\u201d. Niekt\u00f3re sceny zosta\u0142y nakr\u0119cone w\u0142a\u015bnie w tym mie\u015bcie),\u00a0<\/span><\/li>\n<li style=\"font-weight: 400;\" aria-level=\"1\"><span style=\"font-weight: 400;\">przy ul. Bogus\u0142awa X (rze\u017aba przedstawia budynki z lat 50. XX wieku),<\/span><\/li>\n<li style=\"font-weight: 400;\" aria-level=\"1\"><span style=\"font-weight: 400;\">przy ul. Zamkowej (rze\u017aba ukazuje Armagnac, nap\u00f3j spo\u017cywany przez g\u0142\u00f3wnych bohater\u00f3w wcze\u015bniej wymienionej powie\u015bci),<\/span><\/li>\n<li style=\"font-weight: 400;\" aria-level=\"1\"><span style=\"font-weight: 400;\">na Rynku Miejskim (rze\u017aba Zamku Ksi\u0105\u017c\u0105t Pomorskich),<\/span><\/li>\n<li style=\"font-weight: 400;\" aria-level=\"1\"><span style=\"font-weight: 400;\">przy ko\u015bciele \u015bw. Gertrudy (pomnik \u201cper\u0142y skandynawskiego gotyku\u201d),<\/span><\/li>\n<li style=\"font-weight: 400;\" aria-level=\"1\"><span style=\"font-weight: 400;\">przy bulwarze portowym (rze\u017aba zbo\u017ca znajduj\u0105cego si\u0119 po drugiej stronie rzeki, o kt\u00f3rym tak\u017ce jest mowa w powie\u015bci),<\/span><\/li>\n<li style=\"font-weight: 400;\" aria-level=\"1\"><span style=\"font-weight: 400;\">przy ul. Konrada (rze\u017aba przedstawiaj\u0105ca dar\u0142owski kadr z filmu \u201cNaprawd\u0119 Wczoraj\u201d),<\/span><\/li>\n<li style=\"font-weight: 400;\" aria-level=\"1\"><span style=\"font-weight: 400;\">przy Latarni Morskiej (pomnik ukazuj\u0105cy szkuner w\u0119glowy \u201cRagne\u201d, czyli jednostka p\u0142ywaj\u0105ca tak\u017ce opisana w powie\u015bci).\u00a0<\/span><\/li>\n<\/ul>\n<p><span style=\"font-weight: 400;\">Przy rze\u017abach umieszczono kody QR, kt\u00f3re umo\u017cliwiaj\u0105 ods\u0142uchanie informacji zwi\u0105zanych ze szlakiem.<\/span><span style=\"font-weight: 400;\">[4]<\/span><\/p>\n<h2><strong>Latarnia Morska w Dar\u0142owie<\/strong><\/h2>\n<p><span style=\"font-weight: 400;\">Skoro ju\u017c dotarli\u015bmy do latarni, zosta\u0144my tu przez chwil\u0119. Za tob\u0105 ciekawy i nieco d\u0142u\u017cszy spacer, wi\u0119c usi\u0105d\u017a na chwil\u0119, a my opowiemy ci co nieco o tym nietypowym budynku.\u00a0<\/span><\/p>\n<p><b>Dlaczego Latarnia Morska w Dar\u0142owie jest nietypowa?<\/b><span style=\"font-weight: 400;\"> Poniewa\u017c jest ona jedyn\u0105 w Polsce latarni\u0105, kt\u00f3ra zosta\u0142a wybudowana na planie prostok\u0105ta. Pierwsza wzmianka o niej pochodzi z 1715 roku. Wtedy w\u0142a\u015bnie w\u0142adze miasta zarz\u0105dzi\u0142y ustawienie \u015bwiate\u0142 po obu stronach uj\u015bcia rzeki Wieprzy. Jednak budynek zosta\u0142 wzniesiony dopiero 170 lat p\u00f3\u017aniej. Wtedy by\u0142 to niewielki budynek, do kt\u00f3rego przylega\u0142a wie\u017ca zbudowana na planie kwadratu. Od tamtego czasu Latarnia Morska przesz\u0142a wiele modernizacji, przez co dzi\u015b jest wy\u017csza. Zyska\u0142a jedno pi\u0119tro i zosta\u0142a zwie\u0144czona bia\u0142o-stalow\u0105 kopu\u0142\u0105, do kt\u00f3rej przeniesiono \u017ar\u00f3d\u0142o \u015bwiat\u0142a, dzi\u0119ki czemu zyska\u0142o ono wi\u0119kszy zasi\u0119g. <\/span><b>Wie\u017ca ma jedyne 22 metry wysoko\u015bci<\/b><span style=\"font-weight: 400;\"> (ta na Helu jest niemal dwa razy wy\u017csza, a najwy\u017csza w Polsce, kt\u00f3ra znajduje si\u0119 w \u015awinouj\u015bciu \u2013 ponad trzy razy wy\u017csza), <\/span><b>wi\u0119c spokojnie dasz rad\u0119 na ni\u0105 wej\u015b\u0107.<\/b><span style=\"font-weight: 400;\">[5]<\/span><\/p>\n<h3><strong>Fort Marian w Malechowie<\/strong><\/h3>\n<p><span style=\"font-weight: 400;\">Ko\u0142obrzeg ma swoje Mariany, czyli rze\u017aby mew w r\u00f3\u017cnych sytuacjach. Za to powiat s\u0142awie\u0144ski, kt\u00f3rego najwi\u0119kszym miastem jest Dar\u0142owo, ma Fort Marian, kt\u00f3ry nie jest jednak zabawnym miejscem. Le\u017cy on 22 km od Dar\u0142owa, ale je\u015bli jeste\u015b fanem militari\u00f3w, koniecznie go odwied\u017a. <\/span><b>Pan Marian Laskowski kolekcjonuje sprz\u0119t militarny sprowadzany z r\u00f3\u017cnych stron \u015bwiata, nie tylko z naszego kraju. Mo\u017cesz wi\u0119c zobaczy\u0107 tam:<\/b><\/p>\n<ul>\n<li style=\"font-weight: 400;\" aria-level=\"1\"><span style=\"font-weight: 400;\">motocykle,<\/span><\/li>\n<li style=\"font-weight: 400;\" aria-level=\"1\"><span style=\"font-weight: 400;\">bro\u0144,<\/span><\/li>\n<li style=\"font-weight: 400;\" aria-level=\"1\"><span style=\"font-weight: 400;\">mundury wojskowe,<\/span><\/li>\n<li style=\"font-weight: 400;\" aria-level=\"1\"><span style=\"font-weight: 400;\">pojazdy (zar\u00f3wno te ci\u0119\u017ckie, g\u0105sienicowe, jak i te znacznie l\u017cejsze).<\/span><\/li>\n<\/ul>\n<p><b>Zwiedzanie odbywa si\u0119 z przewodnikiem, kt\u00f3rym jest w\u0142a\u015bciciel. Opowiada on tam ciekawe historie, \u017ce trudno opu\u015bci\u0107 budynek.<\/b><\/p>\n<p><span style=\"font-weight: 400;\">PS Mo\u017cesz przejecha\u0107 si\u0119 tam jednym z pojazd\u00f3w.<\/span><span style=\"font-weight: 400;\">[6]<\/span><\/p>\n<\/div>\n            <\/div>\n        <\/div>\n    <\/div>\n<\/section>\n\n\n    <section class=\"events-carousel-block  section-margin-32\"\n        data-events-carousel\n        data-settings='{\"per_view\":5}'\n        data-item-list-name=\"Karuzela niska Polecamy na eBilet\"\n        data-item-list-id=\"karuzela_niska Polecamy na eBilet\"\n        >\n        <div class=\"container\">\n                            <div class=\"row\">\n                    <div class=\"col-24\">\n                        <div class=\"events-carousel-block__title\">\n                            <h2 class=\"typo-h2\">Polecamy na eBilet<\/h2>\n                        <\/div>\n                    <\/div>\n                <\/div>\n                        <div class=\"row\">\n                <div class=\"col-24\">\n                    <div class=\"events-carousel-block__events\">\n                        <div class=\"events-carousel-block__nav events-carousel-block__nav--prev\">\n                            <div class=\"button button--withIcon button--theme-white-blur button--size-fixed-48\" data-events-carousel-prev>\n                                <span class=\"button__icon icon icon-chevron-left\"><\/span>\n                            <\/div>\n                        <\/div>\n                        <div class=\"events-carousel-block__nav events-carousel-block__nav--next\">\n                            <div class=\"button button--withIcon button--theme-white-blur button--size-fixed-48\" data-events-carousel-next>\n                                <span class=\"button__icon icon icon-chevron-right\"><\/span>\n                            <\/div>\n                        <\/div>\n                        <div class=\"events-carousel-block__slider swiper\" data-events-carousel-slider>\n                            <div class=\"events-carousel-block__sliderWrapper swiper-wrapper\">\n                                                                    <div class=\"events-carousel-block__sliderItem swiper-slide\"\n                                        data-id=\"63172\"\n                                        data-name=\"Voucher kinowy Helios\"\n                                        data-brand=\"Helios Media Sp. z o.o.\"\n                                        data-category=\"kino\"\n                                        data-subcategory=\"pozostale\"\n                                        data-city=\"Warszawa\"\n                                        data-venue=\"\">\n                                        \n<div class=\"card-event  card-event--size-small\">\n        <a href=\"https:\/\/www.ebilet.pl\/kino\/pozostale\/voucher-kinowy-helios\" target=\"_blank\" class=\"card-event__link\" rel=\"nofollow noopener\"><\/a>\n        <div class=\"card-event__wrapper\">\n        <div class=\"card-event__image\">\n            <img decoding=\"async\" src=\"https:\/\/www.ebilet.pl\/media\/cms\/media\/hfhlz0pe\/pozizom-d37c6cb2-c34e-4f8f-8b40-c73a5a052a83.webp\" alt=\"\">\n        <\/div>\n        <div class=\"card-event__data\">\n            <div class=\"card-event__name\">\n                <p>Voucher kinowy Helios<\/p>\n            <\/div>\n            <div class=\"card-event__date\"><\/div>\n            <div class=\"card-event__location\">Warszawa<\/div>\n        <\/div>\n    <\/div>\n<\/div>                                    <\/div>\n                                                                    <div class=\"events-carousel-block__sliderItem swiper-slide\"\n                                        data-id=\"152494\"\n                                        data-name=\"Che\u0142mo\u0144ski. D\u017awi\u0119kiem malowane\"\n                                        data-brand=\"FUNDACJA KONCEPT KULTURA\"\n                                        data-category=\"widowiska\"\n                                        data-subcategory=\"inne\"\n                                        data-city=\"Kielce, Sosnowiec\"\n                                        data-venue=\"Kieleckie Centrum Kultury\">\n                                        \n<div class=\"card-event  card-event--size-small\">\n        <a href=\"https:\/\/www.ebilet.pl\/widowiska\/inne\/chelmonski\" target=\"_blank\" class=\"card-event__link\" rel=\"nofollow noopener\"><\/a>\n        <div class=\"card-event__wrapper\">\n        <div class=\"card-event__image\">\n            <img decoding=\"async\" src=\"https:\/\/www.ebilet.pl\/media\/cms\/media\/spqlldrz\/656-x-369-px-ver-2-71dd7728-325d-4e4b-8ebd-1fe67cc5d587.webp\" alt=\"\">\n        <\/div>\n        <div class=\"card-event__data\">\n            <div class=\"card-event__name\">\n                <p>Che\u0142mo\u0144ski. D\u017awi\u0119kiem malowane<\/p>\n            <\/div>\n            <div class=\"card-event__date\"><\/div>\n            <div class=\"card-event__location\">Kielce, Sosnowiec<\/div>\n        <\/div>\n    <\/div>\n<\/div>                                    <\/div>\n                                                                    <div class=\"events-carousel-block__sliderItem swiper-slide\"\n                                        data-id=\"161461\"\n                                        data-name=\"Boeing Boeing - Teatr Capitol\"\n                                        data-brand=\"Teatr Capitol\"\n                                        data-category=\"teatr\"\n                                        data-subcategory=\"komedia\"\n                                        data-city=\"Gda\u0144sk, Warszawa\"\n                                        data-venue=\"Teatr Capitol w Warszawie\">\n                                        \n<div class=\"card-event  card-event--size-small\">\n        <a href=\"https:\/\/www.ebilet.pl\/teatr\/komedia\/boeing-boeing-teatr-capitol\" target=\"_blank\" class=\"card-event__link\" rel=\"nofollow noopener\"><\/a>\n        <div class=\"card-event__wrapper\">\n        <div class=\"card-event__image\">\n            <img decoding=\"async\" src=\"https:\/\/www.ebilet.pl\/media\/cms\/media\/4oebxceo\/656x359-popr-20-11.webp\" alt=\"\">\n        <\/div>\n        <div class=\"card-event__data\">\n            <div class=\"card-event__name\">\n                <p>Boeing Boeing &#8211; Teatr Capitol<\/p>\n            <\/div>\n            <div class=\"card-event__date\"><\/div>\n            <div class=\"card-event__location\">Gda\u0144sk, Warszawa<\/div>\n        <\/div>\n    <\/div>\n<\/div>                                    <\/div>\n                                                                    <div class=\"events-carousel-block__sliderItem swiper-slide\"\n                                        data-id=\"10672\"\n                                        data-name=\"Red Bull Drift Masters, Grand Finale 2026, Poland\"\n                                        data-brand=\"Drift Masters Grand Prix Sp. z o.o.\"\n                                        data-category=\"sport\"\n                                        data-subcategory=\"sporty-motorowe\"\n                                        data-city=\"Warszawa\"\n                                        data-venue=\"PGE Narodowy im. Kazimierza G\u00f3rskiego\">\n                                        \n<div class=\"card-event  card-event--size-small\">\n        <a href=\"https:\/\/www.ebilet.pl\/sport\/sporty-motorowe\/drift-masters\" target=\"_blank\" class=\"card-event__link\" rel=\"nofollow noopener\"><\/a>\n        <div class=\"card-event__wrapper\">\n        <div class=\"card-event__image\">\n            <img decoding=\"async\" src=\"https:\/\/www.ebilet.pl\/media\/cms\/media\/10ijqlni\/656x369pl-4af36ea5-1769-4cd8-915e-6215e771f59d.webp\" alt=\"\">\n        <\/div>\n        <div class=\"card-event__data\">\n            <div class=\"card-event__name\">\n                <p>Red Bull Drift Masters, Grand Finale 2026, Poland<\/p>\n            <\/div>\n            <div class=\"card-event__date\"><\/div>\n            <div class=\"card-event__location\">Warszawa<\/div>\n        <\/div>\n    <\/div>\n<\/div>                                    <\/div>\n                                                                    <div class=\"events-carousel-block__sliderItem swiper-slide\"\n                                        data-id=\"16543\"\n                                        data-name=\"Rozta\u0144czony PGE Narodowy 2026\"\n                                        data-brand=\"KRYSIAK POLSKA CORPORATION Sp. z o.o.\"\n                                        data-category=\"muzyka\"\n                                        data-subcategory=\"festiwale\"\n                                        data-city=\"Warszawa\"\n                                        data-venue=\"PGE Narodowy im. Kazimierza G\u00f3rskiego\">\n                                        \n<div class=\"card-event  card-event--size-small\">\n        <a href=\"https:\/\/www.ebilet.pl\/muzyka\/festiwale\/roztanczony-narodowy\" target=\"_blank\" class=\"card-event__link\" rel=\"nofollow noopener\"><\/a>\n        <div class=\"card-event__wrapper\">\n        <div class=\"card-event__image\">\n            <img decoding=\"async\" src=\"https:\/\/www.ebilet.pl\/media\/cms\/media\/ih4mtfpw\/newletter_basic.webp\" alt=\"\">\n        <\/div>\n        <div class=\"card-event__data\">\n            <div class=\"card-event__name\">\n                <p>Rozta\u0144czony PGE Narodowy 2026<\/p>\n            <\/div>\n            <div class=\"card-event__date\"><\/div>\n            <div class=\"card-event__location\">Warszawa<\/div>\n        <\/div>\n    <\/div>\n<\/div>                                    <\/div>\n                                                                    <div class=\"events-carousel-block__sliderItem swiper-slide\"\n                                        data-id=\"129853\"\n                                        data-name=\"Beksi\u0144ski.Live\"\n                                        data-brand=\"L2L Sp z o.o.\"\n                                        data-category=\"widowiska\"\n                                        data-subcategory=\"inne\"\n                                        data-city=\"Warszawa, Wroc\u0142aw\"\n                                        data-venue=\"Hala COS Torwar \">\n                                        \n<div class=\"card-event  card-event--size-small\">\n        <a href=\"https:\/\/www.ebilet.pl\/widowiska\/inne\/beksinski-live\" target=\"_blank\" class=\"card-event__link\" rel=\"nofollow noopener\"><\/a>\n        <div class=\"card-event__wrapper\">\n        <div class=\"card-event__image\">\n            <img decoding=\"async\" src=\"https:\/\/www.ebilet.pl\/media\/cms\/media\/y2nprogb\/656x369-2026-04-27t161826313.webp\" alt=\"\">\n        <\/div>\n        <div class=\"card-event__data\">\n            <div class=\"card-event__name\">\n                <p>Beksi\u0144ski.Live<\/p>\n            <\/div>\n            <div class=\"card-event__date\"><\/div>\n            <div class=\"card-event__location\">Warszawa, Wroc\u0142aw<\/div>\n        <\/div>\n    <\/div>\n<\/div>                                    <\/div>\n                                                                    <div class=\"events-carousel-block__sliderItem swiper-slide\"\n                                        data-id=\"144549\"\n                                        data-name=\"Zwiedzanie ZOO Warszawa\"\n                                        data-brand=\"Miasto Sto\u0142eczne Warszawa\"\n                                        data-category=\"zwiedzanie\"\n                                        data-subcategory=\"zoo\"\n                                        data-city=\"Warszawa\"\n                                        data-venue=\"\">\n                                        \n<div class=\"card-event  card-event--size-small\">\n        <a href=\"https:\/\/www.ebilet.pl\/zwiedzanie\/zoo\/zwiedzanie-zoo-warszawa\" target=\"_blank\" class=\"card-event__link\" rel=\"nofollow noopener\"><\/a>\n        <div class=\"card-event__wrapper\">\n        <div class=\"card-event__image\">\n            <img decoding=\"async\" src=\"https:\/\/www.ebilet.pl\/media\/cms\/media\/vxxcxvae\/04_bilet-domowy_656x369-05e8639e-58dc-445e-95ca-14f25e17b4f3.webp\" alt=\"\">\n        <\/div>\n        <div class=\"card-event__data\">\n            <div class=\"card-event__name\">\n                <p>Zwiedzanie ZOO Warszawa<\/p>\n            <\/div>\n            <div class=\"card-event__date\"><\/div>\n            <div class=\"card-event__location\">Warszawa<\/div>\n        <\/div>\n    <\/div>\n<\/div>                                    <\/div>\n                                                                    <div class=\"events-carousel-block__sliderItem swiper-slide\"\n                                        data-id=\"125950\"\n                                        data-name=\"Zwiedzanie ZOO Wroc\u0142aw\"\n                                        data-brand=\"ZOO Wroc\u0142aw\"\n                                        data-category=\"zwiedzanie\"\n                                        data-subcategory=\"zoo\"\n                                        data-city=\"Wroc\u0142aw\"\n                                        data-venue=\"ZOO we Wroc\u0142awiu\">\n                                        \n<div class=\"card-event  card-event--size-small\">\n        <a href=\"https:\/\/www.ebilet.pl\/zwiedzanie\/zoo\/zwiedzanie-zoo-wroclaw\" target=\"_blank\" class=\"card-event__link\" rel=\"nofollow noopener\"><\/a>\n        <div class=\"card-event__wrapper\">\n        <div class=\"card-event__image\">\n            <img decoding=\"async\" src=\"https:\/\/www.ebilet.pl\/media\/cms\/media\/wpzfsqii\/01_zoo_ebilet_656x369px-8e081b48-ed80-10b3-4ede-a1fdb0e8bde2.webp\" alt=\"\">\n        <\/div>\n        <div class=\"card-event__data\">\n            <div class=\"card-event__name\">\n                <p>Zwiedzanie ZOO Wroc\u0142aw<\/p>\n            <\/div>\n            <div class=\"card-event__date\"><\/div>\n            <div class=\"card-event__location\">Wroc\u0142aw<\/div>\n        <\/div>\n    <\/div>\n<\/div>                                    <\/div>\n                                                                    <div class=\"events-carousel-block__sliderItem swiper-slide\"\n                                        data-id=\"49432\"\n                                        data-name=\"Wroc\u0142aw Hip Hop Festival 2026\"\n                                        data-brand=\"Stowarzyszenie Planeta M\u0142odych\"\n                                        data-category=\"muzyka\"\n                                        data-subcategory=\"festiwale\"\n                                        data-city=\"Wroc\u0142aw\"\n                                        data-venue=\"Hala Stulecia\">\n                                        \n<div class=\"card-event  card-event--size-small\">\n        <a href=\"https:\/\/www.ebilet.pl\/muzyka\/festiwale\/wroclaw-hip-hop-festival\" target=\"_blank\" class=\"card-event__link\" rel=\"nofollow noopener\"><\/a>\n        <div class=\"card-event__wrapper\">\n        <div class=\"card-event__image\">\n            <img decoding=\"async\" src=\"https:\/\/www.ebilet.pl\/media\/cms\/media\/ijjninf5\/ebilet-grafiki-whhf-656x369-70d9e835-99c3-4111-8a4e-a15ed2733522.webp\" alt=\"\">\n        <\/div>\n        <div class=\"card-event__data\">\n            <div class=\"card-event__name\">\n                <p>Wroc\u0142aw Hip Hop Festival 2026<\/p>\n            <\/div>\n            <div class=\"card-event__date\"><\/div>\n            <div class=\"card-event__location\">Wroc\u0142aw<\/div>\n        <\/div>\n    <\/div>\n<\/div>                                    <\/div>\n                                                                    <div class=\"events-carousel-block__sliderItem swiper-slide\"\n                                        data-id=\"7104\"\n                                        data-name=\"Open&#039;er Festival 2027\"\n                                        data-brand=\"Alter Art\"\n                                        data-category=\"muzyka\"\n                                        data-subcategory=\"festiwale\"\n                                        data-city=\"Gdynia\"\n                                        data-venue=\"Lotnisko Gdynia - Kosakowo\">\n                                        \n<div class=\"card-event  card-event--size-small\">\n        <a href=\"https:\/\/www.ebilet.pl\/muzyka\/festiwale\/opener-festival\" target=\"_blank\" class=\"card-event__link\" rel=\"nofollow noopener\"><\/a>\n        <div class=\"card-event__wrapper\">\n        <div class=\"card-event__image\">\n            <img decoding=\"async\" src=\"https:\/\/www.ebilet.pl\/media\/cms\/media\/yllhazkq\/opene_2027_tameimpala_656x369_ebilet.webp\" alt=\"\">\n        <\/div>\n        <div class=\"card-event__data\">\n            <div class=\"card-event__name\">\n                <p>Open&#8217;er Festival 2027<\/p>\n            <\/div>\n            <div class=\"card-event__date\"><\/div>\n            <div class=\"card-event__location\">Gdynia<\/div>\n        <\/div>\n    <\/div>\n<\/div>                                    <\/div>\n                                                                    <div class=\"events-carousel-block__sliderItem swiper-slide\"\n                                        data-id=\"149533\"\n                                        data-name=\"JIMEK | Orkiestra | Go\u015bcie \u2013 Historia Polskiego Hip-Hopu. Rozdzia\u0142 III Ostatni\"\n                                        data-brand=\"NOTE THE NOTE SP\u00d3\u0141KA Z OGRANICZON\u0104 ODPOWIEDZIALNO\u015aCI\u0104\"\n                                        data-category=\"muzyka\"\n                                        data-subcategory=\"hip-hop-rap\"\n                                        data-city=\"Warszawa\"\n                                        data-venue=\"Lotnisko Bemowo (Warszawa-Babice)\">\n                                        \n<div class=\"card-event  card-event--size-small\">\n        <a href=\"https:\/\/www.ebilet.pl\/muzyka\/hip-hop-rap\/jimek\" target=\"_blank\" class=\"card-event__link\" rel=\"nofollow noopener\"><\/a>\n        <div class=\"card-event__wrapper\">\n        <div class=\"card-event__image\">\n            <img decoding=\"async\" src=\"https:\/\/www.ebilet.pl\/media\/cms\/media\/br5g3adk\/656x369-jimek-94ea5658-790b-4b12-bd07-ac87b14dfccd.webp\" alt=\"\">\n        <\/div>\n        <div class=\"card-event__data\">\n            <div class=\"card-event__name\">\n                <p>JIMEK | Orkiestra | Go\u015bcie \u2013 Historia Polskiego Hip-Hopu. Rozdzia\u0142 III Ostatni<\/p>\n            <\/div>\n            <div class=\"card-event__date\"><\/div>\n            <div class=\"card-event__location\">Warszawa<\/div>\n        <\/div>\n    <\/div>\n<\/div>                                    <\/div>\n                                                                    <div class=\"events-carousel-block__sliderItem swiper-slide\"\n                                        data-id=\"12072\"\n                                        data-name=\"Driftingowe Mistrzostwa Polski 2026 \/\/ New Grounds\"\n                                        data-brand=\"Polska Federacja Driftingu Sp. z o.o.\"\n                                        data-category=\"sport\"\n                                        data-subcategory=\"sporty-motorowe\"\n                                        data-city=\"Prze\u017amierowo\"\n                                        data-venue=\"Tor Pozna\u0144\">\n                                        \n<div class=\"card-event  card-event--size-small\">\n        <a href=\"https:\/\/www.ebilet.pl\/sport\/sporty-motorowe\/driftingowe-mistrzostwa-polski\" target=\"_blank\" class=\"card-event__link\" rel=\"nofollow noopener\"><\/a>\n        <div class=\"card-event__wrapper\">\n        <div class=\"card-event__image\">\n            <img decoding=\"async\" src=\"https:\/\/www.ebilet.pl\/media\/cms\/media\/jdrkqcix\/grafika_ebilet_dmp2026_rnd1_595x-1-51faa121-e406-43e8-9235-5e44f475fc0e.webp\" alt=\"\">\n        <\/div>\n        <div class=\"card-event__data\">\n            <div class=\"card-event__name\">\n                <p>Driftingowe Mistrzostwa Polski 2026 \/\/ New Grounds<\/p>\n            <\/div>\n            <div class=\"card-event__date\"><\/div>\n            <div class=\"card-event__location\">Prze\u017amierowo<\/div>\n        <\/div>\n    <\/div>\n<\/div>                                    <\/div>\n                                                                    <div class=\"events-carousel-block__sliderItem swiper-slide\"\n                                        data-id=\"146404\"\n                                        data-name=\"Taneczny Spodek - Festiwal Muzyki Disco\"\n                                        data-brand=\"Junior Media Music Micha\u0142 Jele\u0144\"\n                                        data-category=\"muzyka\"\n                                        data-subcategory=\"disco-polo\"\n                                        data-city=\"Katowice\"\n                                        data-venue=\"Hala Spodek\">\n                                        \n<div class=\"card-event  card-event--size-small\">\n        <a href=\"https:\/\/www.ebilet.pl\/muzyka\/disco-polo\/taneczny-spodek\" target=\"_blank\" class=\"card-event__link\" rel=\"nofollow noopener\"><\/a>\n        <div class=\"card-event__wrapper\">\n        <div class=\"card-event__image\">\n            <img decoding=\"async\" src=\"https:\/\/www.ebilet.pl\/media\/cms\/media\/w1cnpnzg\/tanecznyspodek-wydarzenie-656x369-1-f9f29e67-4f26-4d0c-abc7-f096ac1d40ff.webp\" alt=\"\">\n        <\/div>\n        <div class=\"card-event__data\">\n            <div class=\"card-event__name\">\n                <p>Taneczny Spodek &#8211; Festiwal Muzyki Disco<\/p>\n            <\/div>\n            <div class=\"card-event__date\"><\/div>\n            <div class=\"card-event__location\">Katowice<\/div>\n        <\/div>\n    <\/div>\n<\/div>                                    <\/div>\n                                                                    <div class=\"events-carousel-block__sliderItem swiper-slide\"\n                                        data-id=\"60658\"\n                                        data-name=\"XVII Summer Dying Loud\"\n                                        data-brand=\"ALEKSANDROWSKIE CENTRUM KULTURY\"\n                                        data-category=\"muzyka\"\n                                        data-subcategory=\"festiwale\"\n                                        data-city=\"Aleksandr\u00f3w \u0141\u00f3dzki\"\n                                        data-venue=\"MOSiR im. W\u0142odzimierza Smolarka w Aleksandrowie \u0141\u00f3dzkim\">\n                                        \n<div class=\"card-event  card-event--size-small\">\n        <a href=\"https:\/\/www.ebilet.pl\/muzyka\/festiwale\/summer-dying-loud\" target=\"_blank\" class=\"card-event__link\" rel=\"nofollow noopener\"><\/a>\n        <div class=\"card-event__wrapper\">\n        <div class=\"card-event__image\">\n            <img decoding=\"async\" src=\"https:\/\/www.ebilet.pl\/media\/cms\/media\/xuicslej\/656x369-bc8725d5-b3cf-4dcd-8184-43f45a397ccc.webp\" alt=\"\">\n        <\/div>\n        <div class=\"card-event__data\">\n            <div class=\"card-event__name\">\n                <p>XVII Summer Dying Loud<\/p>\n            <\/div>\n            <div class=\"card-event__date\"><\/div>\n            <div class=\"card-event__location\">Aleksandr\u00f3w \u0141\u00f3dzki<\/div>\n        <\/div>\n    <\/div>\n<\/div>                                    <\/div>\n                                                                    <div class=\"events-carousel-block__sliderItem swiper-slide\"\n                                        data-id=\"20774\"\n                                        data-name=\"Deep Purple + Jayler\"\n                                        data-brand=\"Mystic Coalition sp. zoo\"\n                                        data-category=\"muzyka\"\n                                        data-subcategory=\"rock\"\n                                        data-city=\"\u0141\u00f3d\u017a\"\n                                        data-venue=\"Atlas Arena\">\n                                        \n<div class=\"card-event  card-event--size-small\">\n        <a href=\"https:\/\/www.ebilet.pl\/muzyka\/rock\/deep-purple\" target=\"_blank\" class=\"card-event__link\" rel=\"nofollow noopener\"><\/a>\n        <div class=\"card-event__wrapper\">\n        <div class=\"card-event__image\">\n            <img decoding=\"async\" src=\"https:\/\/www.ebilet.pl\/media\/cms\/media\/ejqphb2d\/deep_purple_656x369-571f9c06-a899-454b-933a-e6b7cda413a8.webp\" alt=\"\">\n        <\/div>\n        <div class=\"card-event__data\">\n            <div class=\"card-event__name\">\n                <p>Deep Purple + Jayler<\/p>\n            <\/div>\n            <div class=\"card-event__date\"><\/div>\n            <div class=\"card-event__location\">\u0141\u00f3d\u017a<\/div>\n        <\/div>\n    <\/div>\n<\/div>                                    <\/div>\n                                                            <\/div>\n                        <\/div>\n                    <\/div>\n                    <div class=\"events-carousel-block__pagination\">\n                        <div class=\"swiper-pagination slider-pagination\" data-events-carousel-pagination><\/div>\n                    <\/div>\n                <\/div>\n            <\/div>\n        <\/div>\n    <\/section>\n\n\n\n<section class=\"text-block  section-margin-32\" >\n    <div class=\"container\">\n        <div class=\"row\">\n            <div class=\"col-24\">\n                <div class=\"text-block__content\"><h2><strong>Inne miejsca, kt\u00f3re warto zobaczy\u0107 w Dar\u0142owie<\/strong><\/h2>\n<p><span style=\"font-weight: 400;\">W Dar\u0142owie jest tak wiele wspania\u0142ych miejsc, \u017ce trudno opisa\u0107 je wszystkie. Wymienimy jeszcze kilka, kt\u00f3re warto odwiedzi\u0107, ale tym razem zrobimy to w wielkim skr\u00f3cie, by\u015b nie musia\u0142 czyta\u0107 tego artyku\u0142u do rana.<\/span><\/p>\n<h3><strong>Brama Kamienna (Wysoka) w Dar\u0142owie<\/strong><\/h3>\n<p><span style=\"font-weight: 400;\">Dawniej w Dar\u0142owie mie\u015bci\u0142y si\u0119 trzy bramy miejskie. Dzi\u015b mo\u017cesz zobaczy\u0107 tylko jedn\u0105 z nich. Stanowi ona pozosta\u0142o\u015b\u0107 po dawnych obwarowaniach miejskich, kt\u00f3re otacza\u0142y miasto. Mur mia\u0142 p\u00f3\u0142tora kilometra d\u0142ugo\u015bci. Sama wie\u017ca zosta\u0142a przebudowana w 1732 roku, ale jej pierwotny charakter zosta\u0142 zachowany. Ma ona kszta\u0142t prostopad\u0142o\u015bcianu czterema kondygnacjami i ostro\u0142ukowym przejazdem. Zosta\u0142a przykryta dachem czterospadowym i ozdobiono ostr\u0105kowymi blendami, a we wn\u0119trzu zachowa\u0142y si\u0119 otwory strzelnicze.<\/span><\/p>\n<h3><strong>Most Rozsuwany w Dar\u0142owie<\/strong><\/h3>\n<p><span style=\"font-weight: 400;\">Jeszcze do ko\u0144ca lat 70. ubieg\u0142ego wieku na rzece Wieprzy istnia\u0142 \u0142\u0105cz\u0105cy Dar\u0142\u00f3wko Wschodnie z Zachodnim most zwodzony, ale w latach 80. zosta\u0142 on zast\u0105piony mostem rozsuwanym. To jedyny tego typu most w Polsce i jeden z zaledwie trzech tego typu w ca\u0142ej Europie.<\/span><\/p>\n<h3><span style=\"font-weight: 400;\">Fortyfikacje z II wojny \u015bwiatowej w Dar\u0142owie<\/span><\/h3>\n<p><span style=\"font-weight: 400;\">W czasie II Wojny \u015awiatowej w Dar\u0142\u00f3wku zachodnim wybudowano fortyfikacje obronne. Co ciekawe, odnaleziono je dopiero w 2012 roku \u2013 na wydmach. Na bunkrach umieszczone by\u0142y dzia\u0142a, kt\u00f3re mia\u0142y na celu obron\u0119 portu oraz najwi\u0119kszego poligonu do testowania amunicji. \u017by\u0142o tam osiemdziesi\u0119ciu \u017co\u0142nierzy, by\u0142y cztery dzia\u0142a, dalmierz, bunkier z uj\u0119ciem wody pitnej oraz ten amunicyjny i techniczny.<\/span><\/p>\n<h3><strong>Galeria Morska w Dar\u0142owie<\/strong><\/h3>\n<p><span style=\"font-weight: 400;\">Galeria morska w Dar\u0142owie to nie budynek z obrazami, a <\/span><b>\u015bcie\u017cka upami\u0119tniaj\u0105ca zas\u0142u\u017conych ludzi morza oraz instytucji o charakterze morskiej<\/b><span style=\"font-weight: 400;\"> (jest to dok\u0142adnie ekspozycja granitowych tablic umieszczona wzd\u0142u\u017c wschodniego falochronu). Ka\u017cda osoba lub instytucja znajduj\u0105ca si\u0119 na murku zas\u0142yn\u0119\u0142a szczeg\u00f3lnymi zas\u0142ugami w kontek\u015bcie rozwoju gospodarki morskiej w regionie. Spaceruj\u0105c, mo\u017cesz si\u0119 o nich dowiedzie\u0107 nieco wi\u0119cej.<\/span><\/p>\n<h3><strong>Tramwaj wodny w Dar\u0142owie<\/strong><\/h3>\n<p><span style=\"font-weight: 400;\">Je\u015bli masz do\u015b\u0107 ci\u0105g\u0142ego chodzenia, mo\u017cesz skorzysta\u0107 z tramwaju. Nie jest to jednak tego typu transport, co chocia\u017cby we Wroc\u0142awiu, poniewa\u017c p\u0142ywa on po wodzie. <\/span><b>W niewielkiej przystani przy rozsuwanym mo\u015bcie znajdziesz statki, tzw. tramwaje wodne:<\/b><\/p>\n<ul>\n<li style=\"font-weight: 400;\" aria-level=\"1\"><span style=\"font-weight: 400;\">\u201cTristan\u201d,<\/span><\/li>\n<li style=\"font-weight: 400;\" aria-level=\"1\"><span style=\"font-weight: 400;\">\u201cIzolda\u201d,<\/span><\/li>\n<li style=\"font-weight: 400;\" aria-level=\"1\"><span style=\"font-weight: 400;\">\u201cKsi\u0119\u017cna Zofia\u201d.<\/span><\/li>\n<\/ul>\n<p><span style=\"font-weight: 400;\">Wsi\u0105d\u017a do kt\u00f3rego\u015b z nich i wybierz si\u0119 w kr\u00f3tk\u0105 podr\u00f3\u017c wewn\u0105trz portu na trasie Dar\u0142owo \u2013 Dar\u0142\u00f3wko lub w drug\u0105 stron\u0119. W sezonie letnim rejsy odbywaj\u0105 si\u0119 regularnie co 30 minut.<\/span><\/p>\n<h3><strong>Stereo Vision 3D AquaPark w Dar\u0142owie<\/strong><\/h3>\n<p><span style=\"font-weight: 400;\">W Dar\u0142owie znajdziesz niesamowit\u0105 atrakcj\u0119 nie tylko dla turyst\u00f3w, ale te\u017c dla mieszka\u0144c\u00f3w (co oznacza \u017ce tym bardziej warto si\u0119 tam wybra\u0107). <\/span><b>To najwi\u0119ksze w Polsce, a by\u0107 mo\u017ce nawet w Europie plenerowe Oceanarium 3D \u2013 Stereo Vision 3D AquaPark.<\/b><span style=\"font-weight: 400;\"> Znajduje si\u0119 ono na terenie parku linowego przy ulicy J\u00f3zefa Konrada w dzielnicy Dar\u0142\u00f3wko Wschodnie.<\/span><\/p>\n<p><b>To tr\u00f3jwymiarowe oceanarium, w kt\u00f3rym przez specjalne okulary mo\u017cesz zobaczy\u0107 <\/b><span style=\"font-weight: 400;\">rekiny naturalnej wielko\u015bci, ryby g\u0142\u0119binowe, 300-kilogramow\u0105 p\u0142aszczk\u0119 czy nawet morskie potwory \u017cyj\u0105ce w czasach dinozaur\u00f3w. Dzi\u0119ki okularom b\u0119d\u0105 one jak \u017cywe.<\/span><\/p>\n<p><span style=\"font-weight: 400;\">Autorem wystawy jest polski artysta Marek Saenderski, kt\u00f3ry na swoim koncie ma tak\u017ce najwi\u0119ksz\u0105 na \u015bwiecie wystaw\u0119 fotografii 3D w Berlinie.<\/span><\/p>\n<h3><strong>Wyspa Bornholm \u2013 rejs z Dar\u0142owa<\/strong><\/h3>\n<p><b>55 mil morskich od Dar\u0142owa znajduje si\u0119 du\u0144ska wyspa zwana \u201cMajork\u0105 P\u00f3\u0142nocy\u201d, czyli Wyspa Bornholm. <\/b><span style=\"font-weight: 400;\">Mo\u017cesz si\u0119 na ni\u0105 dosta\u0107 w\u0142a\u015bnie z Dar\u0142owa. Informacje na temat rejsu znajdziesz na stronie Ko\u0142obrzeskiej \u017beglugi Pasa\u017cerskiej.<\/span><\/p>\n<p><b>Dlaczego warto si\u0119 tam wybra\u0107?<\/b><span style=\"font-weight: 400;\"> Po pierwsze dlatego, \u017ce odhaczysz Dani\u0119 na swojej li\u015bcie kraj\u00f3w do zobaczenia. A po drugie dlatego, \u017ce jest to wymarzone miejsce dla rowerzyst\u00f3w. Znajduje si\u0119 tam mn\u00f3stwo \u015bcie\u017cek rowerowych, a odleg\u0142o\u015bci mi\u0119dzy miejscami wartymi zobaczenia s\u0105 naprawd\u0119 niewielkie. <\/span><b>Wyspa \u0142\u0105czy w sobie natur\u0119 i kultur\u0119 z imponuj\u0105c\u0105 ilo\u015bci\u0105 zabytk\u00f3w. <\/b><span style=\"font-weight: 400;\">Zobaczysz tam chocia\u017cby jedyne w Skandynawii bia\u0142e roma\u0144skie ko\u015bcio\u0142y z XII wieku wybudowane w kszta\u0142cie rotundy (czyli tak, jak wybudowany zosta\u0142 Ko\u015bci\u00f3\u0142 \u015bw. Gertrudy), najwi\u0119ksz\u0105 warowni\u0119 p\u00f3\u0142nocnej Europy (czyli ruiny zamku Hammershus) oraz zamek \u201cHamleta\u201d, o kt\u00f3rym wspominali\u015bmy troch\u0119 wcze\u015bniej.<\/span><\/p>\n<h3><strong>Leonardia \u2013 inteligentne rozgrywki w Dar\u0142owie<\/strong><\/h3>\n<p><span style=\"font-weight: 400;\">Ostatnim miejscem, kt\u00f3re chcemy ci poleci\u0107 s\u0105 Leonardia, czyli inteligentne rozgrywki w Dar\u0142owie. Jest to park odpoczynku i dobrej zabawy, kt\u00f3ry tak naprawd\u0119 znajduje si\u0119 we wsi le\u017c\u0105cej w odleg\u0142o\u015bci 7 km od centrum Dar\u0142owa. Jest tu oko\u0142o stu gier jedno- oraz wieloosobowych, a proste zasady sprawiaj\u0105, \u017ce zabawa jest wspania\u0142\u0105 rozrywk\u0105 dla ca\u0142ej rodziny, \u0142\u0105cznie z tymi najm\u0142odszymi. Jest on otwarty codziennie, a bilet kosztuje tylko kilkana\u015bcie z\u0142otych.<\/span><\/p>\n<p>&nbsp;<\/p>\n<p><span style=\"font-weight: 400;\">To ju\u017c koniec naszej wycieczki. Mamy nadziej\u0119, \u017ce ci si\u0119 podoba\u0142o i \u017ce ch\u0119tnie odwiedzisz Dar\u0142owo w najbli\u017cszym czasie.\u00a0<\/span><\/p>\n<p>&nbsp;<\/p>\n<p><span style=\"font-weight: 400;\">Przypisy:<\/span><\/p>\n<p><span style=\"font-weight: 400;\">[1] <\/span><a href=\"https:\/\/www.darlowo.pl\/atrakcje\/zamek-ksiazat-pomorskich\/\" rel=\"nofollow noopener\" target=\"_blank\"><span style=\"font-weight: 400;\">https:\/\/www.darlowo.pl\/atrakcje\/zamek-ksiazat-pomorskich\/<\/span><\/a><span style=\"font-weight: 400;\"> (dost\u0119p z dnia 14.08.2024)<\/span><\/p>\n<p><span style=\"font-weight: 400;\">[2] <\/span><a href=\"https:\/\/www.zamekdarlowo.pl\/\" rel=\"nofollow noopener\" target=\"_blank\"><span style=\"font-weight: 400;\">https:\/\/www.zamekdarlowo.pl\/<\/span><\/a><span style=\"font-weight: 400;\"> (dost\u0119p z dnia 14.08.2024)<\/span><\/p>\n<p><span style=\"font-weight: 400;\">[3] <\/span><a href=\"https:\/\/www.darlowo.pl\/atrakcje\/kosciol-sw-gertrudy\/\" rel=\"nofollow noopener\" target=\"_blank\"><span style=\"font-weight: 400;\">https:\/\/www.darlowo.pl\/atrakcje\/kosciol-sw-gertrudy\/<\/span><\/a><span style=\"font-weight: 400;\"> (dost\u0119p z dnia 14.08.2024)<\/span><\/p>\n<p><span style=\"font-weight: 400;\">[4] <\/span><a href=\"https:\/\/www.darlowo.pl\/sladami-bohaterow-tyrmanda-od-dworca-do-latarni-morskiej\/\" rel=\"nofollow noopener\" target=\"_blank\"><span style=\"font-weight: 400;\">https:\/\/www.darlowo.pl\/sladami-bohaterow-tyrmanda-od-dworca-do-latarni-morskiej\/<\/span><\/a><span style=\"font-weight: 400;\"> (dost\u0119p z dnia 14.08.2024)<\/span><\/p>\n<p><span style=\"font-weight: 400;\">[5] <\/span><a href=\"https:\/\/www.darlowo.pl\/atrakcje\/latarnia-morska\/\" rel=\"nofollow noopener\" target=\"_blank\"><span style=\"font-weight: 400;\">https:\/\/www.darlowo.pl\/atrakcje\/latarnia-morska\/<\/span><\/a><span style=\"font-weight: 400;\"> (dost\u0119p z dnia 14.08.2024)<\/span><\/p>\n<p><span style=\"font-weight: 400;\">[6] <\/span><a href=\"https:\/\/www.darlowo.pl\/atrakcje\/fort-marian\/\" rel=\"nofollow noopener\" target=\"_blank\"><span style=\"font-weight: 400;\">https:\/\/www.darlowo.pl\/atrakcje\/fort-marian\/<\/span><\/a><span style=\"font-weight: 400;\"> (dost\u0119p z dnia 14.08.2024)<\/span><\/p>\n<p><span style=\"font-weight: 400;\">[7] <\/span><a href=\"https:\/\/www.darlowo.pl\/atrakcje\/\" rel=\"nofollow noopener\" target=\"_blank\"><span style=\"font-weight: 400;\">https:\/\/www.darlowo.pl\/atrakcje\/<\/span><\/a><span style=\"font-weight: 400;\"> (dost\u0119p z dnia 14.08.2024)<\/span><\/p>\n<\/div>\n            <\/div>\n        <\/div>\n    <\/div>\n<\/section>\n\n\n<section class=\"events-slider-block  section-margin-32\" data-events-slider-block data-carousel-title=\"Nowo\u015bci na eBilet\" data-carousel-type=\"karuzela_z_t\u0142em\" data-item-list-name=\"Karuzela z t\u0142em Nowo\u015bci na eBilet\" data-item-list-id=\"karuzela_z_t\u0142em Nowo\u015bci na eBilet\" >\n    <div class=\"container\">\n        <div class=\"row\">\n            <div class=\"col-24\">\n                <div class=\"events-slider-block__wrapper\">\n                                            <div class=\"events-slider-block__bg\"><img loading=\"lazy\" decoding=\"async\" width=\"1920\" height=\"1080\" src=\"https:\/\/www.ebilet.pl\/now\/app\/uploads\/2024\/04\/shutterstock_1308510637.jpg\" class=\"attachment-full size-full\" alt=\"Fot.\" srcset=\"https:\/\/www.ebilet.pl\/now\/app\/uploads\/2024\/04\/shutterstock_1308510637.jpg 1920w, https:\/\/www.ebilet.pl\/now\/app\/uploads\/2024\/04\/shutterstock_1308510637-1024x576.jpg 1024w, https:\/\/www.ebilet.pl\/now\/app\/uploads\/2024\/04\/shutterstock_1308510637-1536x864.jpg 1536w, https:\/\/www.ebilet.pl\/now\/app\/uploads\/2024\/04\/shutterstock_1308510637-1280x720.jpg 1280w, https:\/\/www.ebilet.pl\/now\/app\/uploads\/2024\/04\/shutterstock_1308510637-500x281.jpg 500w, https:\/\/www.ebilet.pl\/now\/app\/uploads\/2024\/04\/shutterstock_1308510637-632x356.jpg 632w, https:\/\/www.ebilet.pl\/now\/app\/uploads\/2024\/04\/shutterstock_1308510637-308x174.jpg 308w\" sizes=\"auto, (max-width: 1920px) 100vw, 1920px\" \/><\/div>\n                                                                <div class=\"events-slider-block__top\">\n                                                            <div class=\"events-slider-block__title desktop\">\n                                    <h2 class=\"typo-h2\">Nowo\u015bci na eBilet<\/h2>\n                                <\/div>\n                                                                                        <div class=\"events-slider-block__title mobile\">\n                                    <h2 class=\"typo-h2\">Nowo\u015bci na eBilet<\/h2>\n                                <\/div>\n                                                    <\/div>\n                                                            <div class=\"events-slider-block__main\">\n                        <div class=\"events-slider-block__nav events-slider-block__nav--prev\">\n                            <div class=\"button button--withIcon button--theme-white-blur button--size-fixed-48\" data-events-prev>\n                                <span class=\"button__icon icon icon-chevron-left\"><\/span>\n                            <\/div>\n                        <\/div>\n                        <div class=\"events-slider-block__nav events-slider-block__nav--next\">\n                            <div class=\"button button--withIcon button--theme-white-blur button--size-fixed-48\" data-events-next>\n                                <span class=\"button__icon icon icon-chevron-right\"><\/span>\n                            <\/div>\n                        <\/div>\n                        <div class=\"events-slider-block__slider\">\n                            <div class=\"swiper\" data-events-slider>\n                                <div class=\"events-slider-block__sliderWrapper swiper-wrapper\">\n                                                                    <div class=\"events-slider-block__sliderItem swiper-slide\">\n                                    \n<div class=\"card-event  card-event--size-small\">\n        <a href=\"https:\/\/www.ebilet.pl\/muzyka\/festiwale\/orange-warsaw-festival\" target=\"_blank\" class=\"card-event__link\" rel=\"nofollow noopener\"><\/a>\n        <div class=\"card-event__wrapper\">\n        <div class=\"card-event__image\">\n            <img decoding=\"async\" src=\"https:\/\/www.ebilet.pl\/media\/cms\/media\/10tfavkl\/owf27_wejs-cie_portal_552x736.webp\" alt=\"\">\n        <\/div>\n        <div class=\"card-event__data\">\n            <div class=\"card-event__name\">\n                <p>Orange Warsaw Festival 2027<\/p>\n            <\/div>\n            <div class=\"card-event__date\"><\/div>\n            <div class=\"card-event__location\"><\/div>\n        <\/div>\n    <\/div>\n<\/div>                                    <\/div>\n                                                                    <div class=\"events-slider-block__sliderItem swiper-slide\">\n                                    \n<div class=\"card-event  card-event--size-small\">\n        <a href=\"https:\/\/www.ebilet.pl\/teatr\/musicale\/wielki-gatsby\" target=\"_blank\" class=\"card-event__link\" rel=\"nofollow noopener\"><\/a>\n        <div class=\"card-event__wrapper\">\n        <div class=\"card-event__image\">\n            <img decoding=\"async\" src=\"https:\/\/www.ebilet.pl\/media\/cms\/media\/5eihaojx\/552x736-c1222f1c-09f0-4f58-a3ca-98b5badf4b8b.webp\" alt=\"\">\n        <\/div>\n        <div class=\"card-event__data\">\n            <div class=\"card-event__name\">\n                <p>Wielki Gatsby<\/p>\n            <\/div>\n            <div class=\"card-event__date\"><\/div>\n            <div class=\"card-event__location\"><\/div>\n        <\/div>\n    <\/div>\n<\/div>                                    <\/div>\n                                                                    <div class=\"events-slider-block__sliderItem swiper-slide\">\n                                    \n<div class=\"card-event  card-event--size-small\">\n        <a href=\"https:\/\/www.ebilet.pl\/muzyka\/rock\/fontaines-dc\" target=\"_blank\" class=\"card-event__link\" rel=\"nofollow noopener\"><\/a>\n        <div class=\"card-event__wrapper\">\n        <div class=\"card-event__image\">\n            <img decoding=\"async\" src=\"https:\/\/www.ebilet.pl\/media\/cms\/media\/ovge4bna\/fontaines_dc_portal_552x736.webp\" alt=\"\">\n        <\/div>\n        <div class=\"card-event__data\">\n            <div class=\"card-event__name\">\n                <p>Fontaines D.C. EU TOUR 2026<\/p>\n            <\/div>\n            <div class=\"card-event__date\">31.10.2026-31.10.2026<\/div>\n            <div class=\"card-event__location\">\u0141\u00f3d\u017a<\/div>\n        <\/div>\n    <\/div>\n<\/div>                                    <\/div>\n                                                                    <div class=\"events-slider-block__sliderItem swiper-slide\">\n                                    \n<div class=\"card-event  card-event--size-small\">\n        <a href=\"https:\/\/www.ebilet.pl\/muzyka\/rock\/michael-schenker-group\" target=\"_blank\" class=\"card-event__link\" rel=\"nofollow noopener\"><\/a>\n        <div class=\"card-event__wrapper\">\n        <div class=\"card-event__image\">\n            <img decoding=\"async\" src=\"https:\/\/www.ebilet.pl\/media\/cms\/media\/fgqlazwg\/michael-schenker-group-ebilet-strona-wydarzenia-pion-wspo-lne-81be7980-19a0-412d-bc1a-fa4e51bc2d46.webp\" alt=\"\">\n        <\/div>\n        <div class=\"card-event__data\">\n            <div class=\"card-event__name\">\n                <p>Michael Schenker<\/p>\n            <\/div>\n            <div class=\"card-event__date\">23.03.2027-23.03.2027<\/div>\n            <div class=\"card-event__location\">Krak\u00f3w, Pozna\u0144<\/div>\n        <\/div>\n    <\/div>\n<\/div>                                    <\/div>\n                                                                    <div class=\"events-slider-block__sliderItem swiper-slide\">\n                                    \n<div class=\"card-event  card-event--size-small\">\n        <a href=\"https:\/\/www.ebilet.pl\/muzyka\/pop\/varius-manx-kasia-stankiewicz\" target=\"_blank\" class=\"card-event__link\" rel=\"nofollow noopener\"><\/a>\n        <div class=\"card-event__wrapper\">\n        <div class=\"card-event__image\">\n            <img decoding=\"async\" src=\"https:\/\/www.ebilet.pl\/media\/cms\/media\/njbkliaj\/ebilet-552x736-varius-9b90b59c-ec5c-476c-a4fc-49575953d8d9.webp\" alt=\"\">\n        <\/div>\n        <div class=\"card-event__data\">\n            <div class=\"card-event__name\">\n                <p>SUPER EGO TOUR Varius Manx &#038; Kasia Stankiewicz<\/p>\n            <\/div>\n            <div class=\"card-event__date\">07.03.2027-07.03.2027<\/div>\n            <div class=\"card-event__location\">Bielsko-Bia\u0142a, Jasionka<\/div>\n        <\/div>\n    <\/div>\n<\/div>                                    <\/div>\n                                                                    <div class=\"events-slider-block__sliderItem swiper-slide\">\n                                    \n<div class=\"card-event  card-event--size-small\">\n        <a href=\"https:\/\/www.ebilet.pl\/muzyka\/pop\/erykah-badu\" target=\"_blank\" class=\"card-event__link\" rel=\"nofollow noopener\"><\/a>\n        <div class=\"card-event__wrapper\">\n        <div class=\"card-event__image\">\n            <img decoding=\"async\" src=\"https:\/\/www.ebilet.pl\/media\/cms\/media\/veqnjqea\/badu-600x850-copy-c5e961a0-d819-4800-89af-2f9968352870.webp\" alt=\"\">\n        <\/div>\n        <div class=\"card-event__data\">\n            <div class=\"card-event__name\">\n                <p>Erykah Badu &#8211; IMEHO<\/p>\n            <\/div>\n            <div class=\"card-event__date\">25.10.2026-25.10.2026<\/div>\n            <div class=\"card-event__location\">Katowice<\/div>\n        <\/div>\n    <\/div>\n<\/div>                                    <\/div>\n                                                                    <div class=\"events-slider-block__sliderItem swiper-slide\">\n                                    \n<div class=\"card-event  card-event--size-small\">\n        <a href=\"https:\/\/www.ebilet.pl\/klasyka\/koncert\/koncert-swiateczny-w-blasku-swiec\" target=\"_blank\" class=\"card-event__link\" rel=\"nofollow noopener\"><\/a>\n        <div class=\"card-event__wrapper\">\n        <div class=\"card-event__image\">\n            <img decoding=\"async\" src=\"https:\/\/www.ebilet.pl\/media\/cms\/media\/034dlcyu\/plakat-koncertu-_wi_tecznego-06122026-0812003f-a700-42a4-8e50-715dce5c12a3.webp\" alt=\"\">\n        <\/div>\n        <div class=\"card-event__data\">\n            <div class=\"card-event__name\">\n                <p>Koncert \u015awi\u0105teczny w Blasku \u015awiec<\/p>\n            <\/div>\n            <div class=\"card-event__date\">06.12.2026-06.12.2026<\/div>\n            <div class=\"card-event__location\">\u0141\u00f3d\u017a<\/div>\n        <\/div>\n    <\/div>\n<\/div>                                    <\/div>\n                                                                    <div class=\"events-slider-block__sliderItem swiper-slide\">\n                                    \n<div class=\"card-event  card-event--size-small\">\n        <a href=\"https:\/\/www.ebilet.pl\/muzyka\/pop\/zimmer90\" target=\"_blank\" class=\"card-event__link\" rel=\"nofollow noopener\"><\/a>\n        <div class=\"card-event__wrapper\">\n        <div class=\"card-event__image\">\n            <img decoding=\"async\" src=\"https:\/\/www.ebilet.pl\/media\/cms\/media\/vbdgxs1d\/z90_552x736-9b9706c7-ee0a-4875-8249-c668de262eb9.webp\" alt=\"\">\n        <\/div>\n        <div class=\"card-event__data\">\n            <div class=\"card-event__name\">\n                <p>Zimmer90<\/p>\n            <\/div>\n            <div class=\"card-event__date\">05.11.2026-05.11.2026<\/div>\n            <div class=\"card-event__location\">Warszawa<\/div>\n        <\/div>\n    <\/div>\n<\/div>                                    <\/div>\n                                                                    <div class=\"events-slider-block__sliderItem swiper-slide\">\n                                    \n<div class=\"card-event  card-event--size-small\">\n        <a href=\"https:\/\/www.ebilet.pl\/muzyka\/hard-heavy\/fck-im-hard\" target=\"_blank\" class=\"card-event__link\" rel=\"nofollow noopener\"><\/a>\n        <div class=\"card-event__wrapper\">\n        <div class=\"card-event__image\">\n            <img decoding=\"async\" src=\"https:\/\/www.ebilet.pl\/media\/cms\/media\/pi1f2mrb\/2.webp\" alt=\"\">\n        <\/div>\n        <div class=\"card-event__data\">\n            <div class=\"card-event__name\">\n                <p>Fck Im Hard Vol. 2<\/p>\n            <\/div>\n            <div class=\"card-event__date\">10.10.2026-10.10.2026<\/div>\n            <div class=\"card-event__location\">Wroc\u0142aw<\/div>\n        <\/div>\n    <\/div>\n<\/div>                                    <\/div>\n                                                                    <div class=\"events-slider-block__sliderItem swiper-slide\">\n                                    \n<div class=\"card-event  card-event--size-small\">\n        <a href=\"https:\/\/www.ebilet.pl\/sport\/sporty-druzynowe\/koszykowka-mecz\" target=\"_blank\" class=\"card-event__link\" rel=\"nofollow noopener\"><\/a>\n        <div class=\"card-event__wrapper\">\n        <div class=\"card-event__image\">\n            <img decoding=\"async\" src=\"https:\/\/www.ebilet.pl\/media\/cms\/media\/hoxono4g\/podstawowe_portal-98225706-f40f-4253-9b63-9f6c375fb13f.webp\" alt=\"\">\n        <\/div>\n        <div class=\"card-event__data\">\n            <div class=\"card-event__name\">\n                <p>Kwalifikacje do Mistrzostw \u015awiata w koszyk\u00f3wce m\u0119\u017cczyzn 2027: Polska \u2013 Chorwacja<\/p>\n            <\/div>\n            <div class=\"card-event__date\">27.11.2026-27.11.2026<\/div>\n            <div class=\"card-event__location\">Gliwice<\/div>\n        <\/div>\n    <\/div>\n<\/div>                                    <\/div>\n                                                                    <div class=\"events-slider-block__sliderItem swiper-slide\">\n                                    \n<div class=\"card-event  card-event--size-small\">\n        <a href=\"https:\/\/www.ebilet.pl\/muzyka\/jazz-blues\/ewa-uryga\" target=\"_blank\" class=\"card-event__link\" rel=\"nofollow noopener\"><\/a>\n        <div class=\"card-event__wrapper\">\n        <div class=\"card-event__image\">\n            <img decoding=\"async\" src=\"https:\/\/www.ebilet.pl\/media\/cms\/media\/jrqhfp3w\/6-cf7043bf-c432-408e-a803-6d09d9c082aa.webp\" alt=\"\">\n        <\/div>\n        <div class=\"card-event__data\">\n            <div class=\"card-event__name\">\n                <p>Ewa Uryga i Bogus\u0142aw Kaczmar &#8211; W pozytywnym nastroju<\/p>\n            <\/div>\n            <div class=\"card-event__date\">18.09.2026-18.09.2026<\/div>\n            <div class=\"card-event__location\">Katowice<\/div>\n        <\/div>\n    <\/div>\n<\/div>                                    <\/div>\n                                                                    <div class=\"events-slider-block__sliderItem swiper-slide\">\n                                    \n<div class=\"card-event  card-event--size-small\">\n        <a href=\"https:\/\/www.ebilet.pl\/muzyka\/piosenka\/koncert-jubileuszowy-radia-wroclaw\" target=\"_blank\" class=\"card-event__link\" rel=\"nofollow noopener\"><\/a>\n        <div class=\"card-event__wrapper\">\n        <div class=\"card-event__image\">\n            <img decoding=\"async\" src=\"https:\/\/www.ebilet.pl\/media\/cms\/media\/r3incrzy\/prw80lat-552x736-u-a2a0a3ea-ff6b-48e9-9ba9-b9fcacc359f3.webp\" alt=\"\">\n        <\/div>\n        <div class=\"card-event__data\">\n            <div class=\"card-event__name\">\n                <p>Koncert Jubileuszowy Radia Wroc\u0142aw<\/p>\n            <\/div>\n            <div class=\"card-event__date\">26.09.2026-26.09.2026<\/div>\n            <div class=\"card-event__location\">Wroc\u0142aw<\/div>\n        <\/div>\n    <\/div>\n<\/div>                                    <\/div>\n                                                                    <div class=\"events-slider-block__sliderItem swiper-slide\">\n                                    \n<div class=\"card-event  card-event--size-small\">\n        <a href=\"https:\/\/www.ebilet.pl\/muzyka\/jazz-blues\/wojtek-mazolewski-solo\" target=\"_blank\" class=\"card-event__link\" rel=\"nofollow noopener\"><\/a>\n        <div class=\"card-event__wrapper\">\n        <div class=\"card-event__image\">\n            <img decoding=\"async\" src=\"https:\/\/www.ebilet.pl\/media\/cms\/media\/nnthkwkv\/mazolewski_solo_552x736-b647b239-91cc-4d90-af94-3e8d38b024de.webp\" alt=\"\">\n        <\/div>\n        <div class=\"card-event__data\">\n            <div class=\"card-event__name\">\n                <p>Wojtek Mazolewski Solo<\/p>\n            <\/div>\n            <div class=\"card-event__date\">19.11.2026-19.11.2026<\/div>\n            <div class=\"card-event__location\">Katowice<\/div>\n        <\/div>\n    <\/div>\n<\/div>                                    <\/div>\n                                                                    <div class=\"events-slider-block__sliderItem swiper-slide\">\n                                    \n<div class=\"card-event  card-event--size-small\">\n        <a href=\"https:\/\/www.ebilet.pl\/muzyka\/rock\/oh-hiroshima\" target=\"_blank\" class=\"card-event__link\" rel=\"nofollow noopener\"><\/a>\n        <div class=\"card-event__wrapper\">\n        <div class=\"card-event__image\">\n            <img decoding=\"async\" src=\"https:\/\/www.ebilet.pl\/media\/cms\/media\/e1dhthue\/e-bilet-portal-2-ad3831be-2dea-4844-bda8-a5897ce14712.webp\" alt=\"\">\n        <\/div>\n        <div class=\"card-event__data\">\n            <div class=\"card-event__name\">\n                <p>Oh Hiroshima + Beyond the Event Horizon<\/p>\n            <\/div>\n            <div class=\"card-event__date\">15.10.2026-15.10.2026<\/div>\n            <div class=\"card-event__location\">Chorz\u00f3w, Pozna\u0144, Warszawa<\/div>\n        <\/div>\n    <\/div>\n<\/div>                                    <\/div>\n                                                                    <div class=\"events-slider-block__sliderItem swiper-slide\">\n                                    \n<div class=\"card-event  card-event--size-small\">\n        <a href=\"https:\/\/www.ebilet.pl\/muzyka\/rock\/the-best-of-u2\" target=\"_blank\" class=\"card-event__link\" rel=\"nofollow noopener\"><\/a>\n        <div class=\"card-event__wrapper\">\n        <div class=\"card-event__image\">\n            <img decoding=\"async\" src=\"https:\/\/www.ebilet.pl\/media\/cms\/media\/xalimcyc\/600x850-7-a46cd95b-63ad-4b88-b3e2-936a14864145.webp\" alt=\"\">\n        <\/div>\n        <div class=\"card-event__data\">\n            <div class=\"card-event__name\">\n                <p>With Or Without You &#8211; The best of U2<\/p>\n            <\/div>\n            <div class=\"card-event__date\">17.10.2026-17.10.2026<\/div>\n            <div class=\"card-event__location\">Wroc\u0142aw<\/div>\n        <\/div>\n    <\/div>\n<\/div>                                    <\/div>\n                                                                <\/div>\n                            <\/div>\n                        <\/div>\n                        <div class=\"events-slider-block__events swiper\" data-events-events-descriptions>\n                            <div class=\"events-slider-block__eventsWrapper swiper-wrapper\">\n                                                            <div class=\"events-slider-block__eventsItem swiper-slide\">\n                                    <a href=\"https:\/\/www.ebilet.pl\/muzyka\/festiwale\/orange-warsaw-festival\" target=\"_blank\" class=\"events-slider-block__eventsName\">\n                                        <p>Orange Warsaw Festival 2027<\/p>\n                                    <\/a>\n                                    <div class=\"events-slider-block__eventsDate\">\n                                                                            <\/div>\n                                    <div class=\"events-slider-block__eventsLocation\"><\/div>\n                                <\/div>\n                                                            <div class=\"events-slider-block__eventsItem swiper-slide\">\n                                    <a href=\"https:\/\/www.ebilet.pl\/teatr\/musicale\/wielki-gatsby\" target=\"_blank\" class=\"events-slider-block__eventsName\">\n                                        <p>Wielki Gatsby<\/p>\n                                    <\/a>\n                                    <div class=\"events-slider-block__eventsDate\">\n                                                                            <\/div>\n                                    <div class=\"events-slider-block__eventsLocation\"><\/div>\n                                <\/div>\n                                                            <div class=\"events-slider-block__eventsItem swiper-slide\">\n                                    <a href=\"https:\/\/www.ebilet.pl\/muzyka\/rock\/fontaines-dc\" target=\"_blank\" class=\"events-slider-block__eventsName\">\n                                        <p>Fontaines D.C. EU TOUR 2026<\/p>\n                                    <\/a>\n                                    <div class=\"events-slider-block__eventsDate\">\n                                        31.10.2026-31.10.2026                                    <\/div>\n                                    <div class=\"events-slider-block__eventsLocation\">\u0141\u00f3d\u017a<\/div>\n                                <\/div>\n                                                            <div class=\"events-slider-block__eventsItem swiper-slide\">\n                                    <a href=\"https:\/\/www.ebilet.pl\/muzyka\/rock\/michael-schenker-group\" target=\"_blank\" class=\"events-slider-block__eventsName\">\n                                        <p>Michael Schenker<\/p>\n                                    <\/a>\n                                    <div class=\"events-slider-block__eventsDate\">\n                                        23.03.2027-24.03.2027                                    <\/div>\n                                    <div class=\"events-slider-block__eventsLocation\">Krak\u00f3w, Pozna\u0144<\/div>\n                                <\/div>\n                                                            <div class=\"events-slider-block__eventsItem swiper-slide\">\n                                    <a href=\"https:\/\/www.ebilet.pl\/muzyka\/pop\/varius-manx-kasia-stankiewicz\" target=\"_blank\" class=\"events-slider-block__eventsName\">\n                                        <p>SUPER EGO TOUR Varius Manx &amp; Kasia Stankiewicz<\/p>\n                                    <\/a>\n                                    <div class=\"events-slider-block__eventsDate\">\n                                        07.03.2027-08.03.2027                                    <\/div>\n                                    <div class=\"events-slider-block__eventsLocation\">Bielsko-Bia\u0142a, Jasionka<\/div>\n                                <\/div>\n                                                            <div class=\"events-slider-block__eventsItem swiper-slide\">\n                                    <a href=\"https:\/\/www.ebilet.pl\/muzyka\/pop\/erykah-badu\" target=\"_blank\" class=\"events-slider-block__eventsName\">\n                                        <p>Erykah Badu &#8211; IMEHO<\/p>\n                                    <\/a>\n                                    <div class=\"events-slider-block__eventsDate\">\n                                        25.10.2026-25.10.2026                                    <\/div>\n                                    <div class=\"events-slider-block__eventsLocation\">Katowice<\/div>\n                                <\/div>\n                                                            <div class=\"events-slider-block__eventsItem swiper-slide\">\n                                    <a href=\"https:\/\/www.ebilet.pl\/klasyka\/koncert\/koncert-swiateczny-w-blasku-swiec\" target=\"_blank\" class=\"events-slider-block__eventsName\">\n                                        <p>Koncert \u015awi\u0105teczny w Blasku \u015awiec<\/p>\n                                    <\/a>\n                                    <div class=\"events-slider-block__eventsDate\">\n                                        06.12.2026-06.12.2026                                    <\/div>\n                                    <div class=\"events-slider-block__eventsLocation\">\u0141\u00f3d\u017a<\/div>\n                                <\/div>\n                                                            <div class=\"events-slider-block__eventsItem swiper-slide\">\n                                    <a href=\"https:\/\/www.ebilet.pl\/muzyka\/pop\/zimmer90\" target=\"_blank\" class=\"events-slider-block__eventsName\">\n                                        <p>Zimmer90<\/p>\n                                    <\/a>\n                                    <div class=\"events-slider-block__eventsDate\">\n                                        05.11.2026-05.11.2026                                    <\/div>\n                                    <div class=\"events-slider-block__eventsLocation\">Warszawa<\/div>\n                                <\/div>\n                                                            <div class=\"events-slider-block__eventsItem swiper-slide\">\n                                    <a href=\"https:\/\/www.ebilet.pl\/muzyka\/hard-heavy\/fck-im-hard\" target=\"_blank\" class=\"events-slider-block__eventsName\">\n                                        <p>Fck Im Hard Vol. 2<\/p>\n                                    <\/a>\n                                    <div class=\"events-slider-block__eventsDate\">\n                                        10.10.2026-10.10.2026                                    <\/div>\n                                    <div class=\"events-slider-block__eventsLocation\">Wroc\u0142aw<\/div>\n                                <\/div>\n                                                            <div class=\"events-slider-block__eventsItem swiper-slide\">\n                                    <a href=\"https:\/\/www.ebilet.pl\/sport\/sporty-druzynowe\/koszykowka-mecz\" target=\"_blank\" class=\"events-slider-block__eventsName\">\n                                        <p>Kwalifikacje do Mistrzostw \u015awiata w koszyk\u00f3wce m\u0119\u017cczyzn 2027: Polska \u2013 Chorwacja<\/p>\n                                    <\/a>\n                                    <div class=\"events-slider-block__eventsDate\">\n                                        27.11.2026-27.11.2026                                    <\/div>\n                                    <div class=\"events-slider-block__eventsLocation\">Gliwice<\/div>\n                                <\/div>\n                                                            <div class=\"events-slider-block__eventsItem swiper-slide\">\n                                    <a href=\"https:\/\/www.ebilet.pl\/muzyka\/jazz-blues\/ewa-uryga\" target=\"_blank\" class=\"events-slider-block__eventsName\">\n                                        <p>Ewa Uryga i Bogus\u0142aw Kaczmar &#8211; W pozytywnym nastroju<\/p>\n                                    <\/a>\n                                    <div class=\"events-slider-block__eventsDate\">\n                                        18.09.2026-18.09.2026                                    <\/div>\n                                    <div class=\"events-slider-block__eventsLocation\">Katowice<\/div>\n                                <\/div>\n                                                            <div class=\"events-slider-block__eventsItem swiper-slide\">\n                                    <a href=\"https:\/\/www.ebilet.pl\/muzyka\/piosenka\/koncert-jubileuszowy-radia-wroclaw\" target=\"_blank\" class=\"events-slider-block__eventsName\">\n                                        <p>Koncert Jubileuszowy Radia Wroc\u0142aw<\/p>\n                                    <\/a>\n                                    <div class=\"events-slider-block__eventsDate\">\n                                        26.09.2026-26.09.2026                                    <\/div>\n                                    <div class=\"events-slider-block__eventsLocation\">Wroc\u0142aw<\/div>\n                                <\/div>\n                                                            <div class=\"events-slider-block__eventsItem swiper-slide\">\n                                    <a href=\"https:\/\/www.ebilet.pl\/muzyka\/jazz-blues\/wojtek-mazolewski-solo\" target=\"_blank\" class=\"events-slider-block__eventsName\">\n                                        <p>Wojtek Mazolewski Solo<\/p>\n                                    <\/a>\n                                    <div class=\"events-slider-block__eventsDate\">\n                                        19.11.2026-19.11.2026                                    <\/div>\n                                    <div class=\"events-slider-block__eventsLocation\">Katowice<\/div>\n                                <\/div>\n                                                            <div class=\"events-slider-block__eventsItem swiper-slide\">\n                                    <a href=\"https:\/\/www.ebilet.pl\/muzyka\/rock\/oh-hiroshima\" target=\"_blank\" class=\"events-slider-block__eventsName\">\n                                        <p>Oh Hiroshima + Beyond the Event Horizon<\/p>\n                                    <\/a>\n                                    <div class=\"events-slider-block__eventsDate\">\n                                        15.10.2026-17.10.2026                                    <\/div>\n                                    <div class=\"events-slider-block__eventsLocation\">Chorz\u00f3w, Pozna\u0144, Warszawa<\/div>\n                                <\/div>\n                                                            <div class=\"events-slider-block__eventsItem swiper-slide\">\n                                    <a href=\"https:\/\/www.ebilet.pl\/muzyka\/rock\/the-best-of-u2\" target=\"_blank\" class=\"events-slider-block__eventsName\">\n                                        <p>With Or Without You &#8211; The best of U2<\/p>\n                                    <\/a>\n                                    <div class=\"events-slider-block__eventsDate\">\n                                        17.10.2026-17.10.2026                                    <\/div>\n                                    <div class=\"events-slider-block__eventsLocation\">Wroc\u0142aw<\/div>\n                                <\/div>\n                                                        <\/div>\n                        <\/div>\n                        <div class=\"events-slider-block__pagination\">\n                            <div class=\"swiper-pagination slider-pagination slider-pagination--theme-white\" data-events-slider-pagination><\/div>\n                        <\/div>\n                    <\/div>\n                                        <div class=\"events-slider-block__bottom\">\n                                                                                <div class=\"events-slider-block__link desktop\">\n                                    <a class=\"button button--size-small button--theme-primary-yellow button--withIconLeft\" href=\"https:\/\/www.ebilet.pl\/\">\n                                                                                    <div class=\"button__icon\"><img loading=\"lazy\" decoding=\"async\" width=\"30\" height=\"30\" src=\"https:\/\/www.ebilet.pl\/now\/app\/uploads\/2024\/01\/ticket-cinema-entertainment-coupon-discount-sale_30px.png\" class=\"attachment-full size-full\" alt=\"\" \/><\/div>\n                                                                                <p class=\"button__text typo-18\">Kup na eBilet.pl<\/p>\n                                    <\/a>\n                                <\/div>\n                                                                                <div class=\"events-slider-block__link mobile\">\n                                    <a class=\"button button--size-small button--theme-primary-yellow button--withIconLeft\" href=\"https:\/\/www.ebilet.pl\/\">\n                                                                                    <div class=\"button__icon\"><img loading=\"lazy\" decoding=\"async\" width=\"30\" height=\"30\" src=\"https:\/\/www.ebilet.pl\/now\/app\/uploads\/2024\/01\/ticket-cinema-entertainment-coupon-discount-sale_30px.png\" class=\"attachment-full size-full\" alt=\"\" \/><\/div>\n                                                                                <p class=\"button__text typo-18\">Kup na eBilet.pl<\/p>\n                                    <\/a>\n                                <\/div>\n                                            <\/div>\n                <\/div>\n            <\/div>\n        <\/div>\n    <\/div>\n<\/section>","protected":false},"excerpt":{"rendered":"<p>Z nadmorskimi miejscowo\u015bciami jest jeden problem: widzimy w nich tylko pla\u017ce i morze. A przecie\u017c one tyle oferuj\u0105! Zabytki, ciekawe miejsca, wspania\u0142e wydarzenia i historie, kt\u00f3re zapieraj\u0105 dech w piersiach. Tak samo jest w przypadku Dar\u0142owa, kt\u00f3re ma swoj\u0105 drug\u0105, niemieck\u0105 i zarazem zupe\u0142nie inn\u0105 nazw\u0119 \u2013 R\u00fcgenwalde. Dlaczego tak? Zaraz wszystkiego si\u0119 dowiesz.<\/p>\n","protected":false},"author":14,"featured_media":38917,"comment_status":"open","ping_status":"open","sticky":false,"template":"page-templates\/article-default.php","format":"standard","meta":{"_acf_changed":false,"footnotes":""},"article_tag":[430,308],"article_type":[5],"class_list":["post-38914","post","type-post","status-publish","format-standard","has-post-thumbnail","hentry","article_tag-darlowo","article_tag-poznaj-polske","article_type-lifestyle"],"acf":[],"_links":{"self":[{"href":"https:\/\/www.ebilet.pl\/now\/wp-json\/wp\/v2\/posts\/38914","targetHints":{"allow":["GET"]}}],"collection":[{"href":"https:\/\/www.ebilet.pl\/now\/wp-json\/wp\/v2\/posts"}],"about":[{"href":"https:\/\/www.ebilet.pl\/now\/wp-json\/wp\/v2\/types\/post"}],"author":[{"embeddable":true,"href":"https:\/\/www.ebilet.pl\/now\/wp-json\/wp\/v2\/users\/14"}],"replies":[{"embeddable":true,"href":"https:\/\/www.ebilet.pl\/now\/wp-json\/wp\/v2\/comments?post=38914"}],"version-history":[{"count":3,"href":"https:\/\/www.ebilet.pl\/now\/wp-json\/wp\/v2\/posts\/38914\/revisions"}],"predecessor-version":[{"id":38920,"href":"https:\/\/www.ebilet.pl\/now\/wp-json\/wp\/v2\/posts\/38914\/revisions\/38920"}],"wp:featuredmedia":[{"embeddable":true,"href":"https:\/\/www.ebilet.pl\/now\/wp-json\/wp\/v2\/media\/38917"}],"wp:attachment":[{"href":"https:\/\/www.ebilet.pl\/now\/wp-json\/wp\/v2\/media?parent=38914"}],"wp:term":[{"taxonomy":"article_tag","embeddable":true,"href":"https:\/\/www.ebilet.pl\/now\/wp-json\/wp\/v2\/article_tag?post=38914"},{"taxonomy":"article_type","embeddable":true,"href":"https:\/\/www.ebilet.pl\/now\/wp-json\/wp\/v2\/article_type?post=38914"}],"curies":[{"name":"wp","href":"https:\/\/api.w.org\/{rel}","templated":true}]}}