{"id":38262,"date":"2024-11-19T22:01:36","date_gmt":"2024-11-19T21:01:36","guid":{"rendered":"https:\/\/www.ebilet.pl\/now\/?p=38262"},"modified":"2024-12-03T07:46:43","modified_gmt":"2024-12-03T06:46:43","slug":"prezent-dla-bliskich-z-generacji-z-co-wybrac-by-ich-ucieszyc","status":"publish","type":"post","link":"https:\/\/www.ebilet.pl\/now\/prezent-dla-bliskich-z-generacji-z-co-wybrac-by-ich-ucieszyc\/","title":{"rendered":"Prezent dla bliskich z generacji Z \u2013 co wybra\u0107, by ich ucieszy\u0107?"},"content":{"rendered":"\n<section class=\"text-block  section-margin-32\" >\n    <div class=\"container\">\n        <div class=\"row\">\n            <div class=\"col-24\">\n                <div class=\"text-block__content\"><h2><strong>Czym jest pokolenie Z?<\/strong><\/h2>\n<p><span style=\"font-weight: 400;\">Pokolenie Z (ang. <\/span><i><span style=\"font-weight: 400;\">Generation Z<\/span><\/i><span style=\"font-weight: 400;\">; inaczej: zoomerzy, generacja Z, Post-Millennials, post-millenialsi, pokolenie internetowe, Pokolenie C) to <\/span><b>osoby, kt\u00f3re urodzi\u0142y si\u0119 po roku 1995 (wed\u0142ug niekt\u00f3rych \u017ar\u00f3de\u0142 po roku 1997). <\/b><span style=\"font-weight: 400;\">S\u0105 to pierwsi ludzie dorastaj\u0105cy we w pe\u0142ni scyfryzowanym spo\u0142ecze\u0144stwie (cho\u0107 na pocz\u0105tku ich \u017cycia cyfryzacja by\u0142a jeszcze w powijakach).\u00a0<\/span><\/p>\n<p><span style=\"font-weight: 400;\">Pokolenie Z s\u0105 to wi\u0119c osoby z rocznik\u00f3w 1997-2010 (lub 1995-2012 wed\u0142ug innych \u017ar\u00f3de\u0142). <\/span><b>Dzi\u015b osoby te maj\u0105 14-27 (12-29 lat) lat i tak naprawd\u0119 trudno jest m\u00f3wi\u0107 o ich wsp\u00f3lnych upodobaniach czy sposobach funkcjonowania, bo 20-paro latek jest na zupe\u0142nie innym etapie \u017cycia ni\u017c nastolatek.<\/b><span style=\"font-weight: 400;\">\u00a0<\/span><\/p>\n<p><span style=\"font-weight: 400;\">Niekt\u00f3rzy uwa\u017caj\u0105, \u017ce zoomerzy maj\u0105 okre\u015blone cechy, kt\u00f3re definiuj\u0105 ca\u0142e pokolenie Z, ale nie jest to potwierdzone naukowo (a nawet sam mo\u017cesz zobaczy\u0107, \u017ce jedna osoba z tego pokolenia jest taka, a druga \u2013 zupe\u0142nie inna).\u00a0<\/span><\/p>\n<p><b>Generacja Z, stereotypowo:<\/b><\/p>\n<ul>\n<li style=\"font-weight: 400;\" aria-level=\"1\"><span style=\"font-weight: 400;\">ma wielkie plany na przysz\u0142o\u015b\u0107,<\/span><\/li>\n<li style=\"font-weight: 400;\" aria-level=\"1\"><span style=\"font-weight: 400;\">jest przedsi\u0119biorcza,<\/span><\/li>\n<li style=\"font-weight: 400;\" aria-level=\"1\"><span style=\"font-weight: 400;\">czerpie wiedz\u0119 z Internetu (i ceni sobie szybkie wyszukiwanie informacji),<\/span><\/li>\n<li style=\"font-weight: 400;\" aria-level=\"1\"><span style=\"font-weight: 400;\">ch\u0119tnie dzieli si\u0119 wiedz\u0105 w Internecie,<\/span><\/li>\n<li style=\"font-weight: 400;\" aria-level=\"1\"><span style=\"font-weight: 400;\">jest otwarta i bezpo\u015brednia,<\/span><\/li>\n<li style=\"font-weight: 400;\" aria-level=\"1\"><span style=\"font-weight: 400;\">potrzebuje kontaktu z r\u00f3wie\u015bnikami, a jednocze\u015bnie ma z ni\u0105 problem z \u201cprawdziwym \u015bwiecie\u201d,<\/span><\/li>\n<li style=\"font-weight: 400;\" aria-level=\"1\"><span style=\"font-weight: 400;\">dobrze sobie radzi w cyfrowym \u015bwiecie (zna korzy\u015bci, ale jest te\u017c \u015bwiadoma zagro\u017ce\u0144),<\/span><\/li>\n<li style=\"font-weight: 400;\" aria-level=\"1\"><span style=\"font-weight: 400;\">lubi podr\u00f3\u017cowa\u0107 i poznawa\u0107 nowych ludzi,<\/span><\/li>\n<li style=\"font-weight: 400;\" aria-level=\"1\"><span style=\"font-weight: 400;\">cz\u0119sto zmienia prac\u0119,<\/span><\/li>\n<li style=\"font-weight: 400;\" aria-level=\"1\"><span style=\"font-weight: 400;\">lubi automatyzowa\u0107 nudne, powtarzaj\u0105ce si\u0119 czynno\u015bci,<\/span><\/li>\n<li style=\"font-weight: 400;\" aria-level=\"1\"><span style=\"font-weight: 400;\">chce zmieni\u0107 \u015bwiat,<\/span><\/li>\n<li style=\"font-weight: 400;\" aria-level=\"1\"><span style=\"font-weight: 400;\">marzy o swoim biznesie,<\/span><\/li>\n<li style=\"font-weight: 400;\" aria-level=\"1\"><span style=\"font-weight: 400;\">ma wysokie wymagania.<\/span><\/li>\n<\/ul>\n<p><b>Co podarowa\u0107 takiej osobie w prezencie? Mamy dla Ciebie dwie rady:<\/b><\/p>\n<ul>\n<li style=\"font-weight: 400;\" aria-level=\"1\"><span style=\"font-weight: 400;\">nie skupiaj si\u0119 na tym, do jakiego pokolenia dana osoba nale\u017cy, tylko na tym \u2013 jaka jest i co lubi,<\/span><\/li>\n<li style=\"font-weight: 400;\" aria-level=\"1\"><span style=\"font-weight: 400;\">podaruj jej do\u015bwiadczenia i wspomnienia, bo tego nigdy zbyt wiele.<\/span><\/li>\n<\/ul>\n<p><span style=\"font-weight: 400;\">A my z naszej strony mo\u017cemy podrzuci\u0107 ci kilka pomys\u0142\u00f3w na prezenty dla pokolenia Z.\u00a0<\/span><\/p>\n<\/div>\n            <\/div>\n        <\/div>\n    <\/div>\n<\/section>\n\n\n<section class=\"tickets-slider  section-margin-32\"\n    data-tickets-slider\n    data-item-list-name=\"Karuzela z buttonami\"\n    data-item-list-id=\"karuzela_z_buttonami\"\n    >\n    <div class=\"container\">\n        <div class=\"row\">\n            <div class=\"col-24\">\n                <div class=\"tickets-slider__main\">\n                    <div class=\"tickets-slider__nav tickets-slider__nav--prev\">\n                        <div class=\"button button--withIcon button--theme-white-blur button--size-fixed-48\" data-tickets-slider-prev>\n                            <span class=\"button__icon icon icon-chevron-left\"><\/span>\n                        <\/div>\n                    <\/div>\n                    <div class=\"tickets-slider__nav tickets-slider__nav--next\">\n                        <div class=\"button button--withIcon button--theme-white-blur button--size-fixed-48\" data-tickets-slider-next>\n                            <span class=\"button__icon icon icon-chevron-right\"><\/span>\n                        <\/div>\n                    <\/div>\n                    <div class=\"tickets-slider__slider swiper\" data-tickets-slider-slider>\n                        <div class=\"tickets-slider__sliderWrapper swiper-wrapper\">\n                                                            <div class=\"tickets-slider__sliderItem swiper-slide\"\n                                    data-id=\"15841\"\n                                    data-name=\"Nothing But Thieves: The Stray Dogs World Tour\"\n                                    data-brand=\"\"\n                                    data-category=\"muzyka\"\n                                    data-subcategory=\"rock\"\n                                    data-city=\"\u0141\u00f3d\u017a\"\n                                    data-venue=\"\">\n                                    <div class=\"tickets-slider__sliderCard\">\n                                        \n<div class=\"card-ticket\">\n        <div class=\"card-ticket__image\">\n        <a href=\"https:\/\/www.ebilet.pl\/muzyka\/rock\/nothing-but-thieves\">\n            <img decoding=\"async\" src=\"https:\/\/www.ebilet.pl\/media\/cms\/media\/nixis3vv\/nothingbutthieves_2026_poz_552x736_ebilet-4e38e55f-d0bb-4d73-b7fc-548c69458e25.webp\" alt=\"Plakat wydarzenia\" \/>\n        <\/a>\n    <\/div>\n             \n    <div class=\"card-ticket__link\">\n        <a href=\"https:\/\/www.ebilet.pl\/muzyka\/rock\/nothing-but-thieves\" class=\"button button--theme-primary-yellow button--withIconLeft button--size-small\">\n            <span class=\"button__icon icon icon-ticket\"><\/span>\n            <p class=\"button__text typo-16 f-600\">Kup bilet<\/p>\n        <\/a>\n    <\/div>\n    <\/div>                                    <\/div>\n                                <\/div>\n                                                            <div class=\"tickets-slider__sliderItem swiper-slide\"\n                                    data-id=\"7104\"\n                                    data-name=\"Open&#039;er Festival 2027\"\n                                    data-brand=\"\"\n                                    data-category=\"muzyka\"\n                                    data-subcategory=\"festiwale\"\n                                    data-city=\"Gdynia\"\n                                    data-venue=\"\">\n                                    <div class=\"tickets-slider__sliderCard\">\n                                        \n<div class=\"card-ticket\">\n        <div class=\"card-ticket__image\">\n        <a href=\"https:\/\/www.ebilet.pl\/muzyka\/festiwale\/opener-festival\">\n            <img decoding=\"async\" src=\"https:\/\/www.ebilet.pl\/media\/cms\/media\/qkso1del\/opene_2027_tameimpala_552x736_ebilet-1d7aa61e-0a2a-4f3b-b538-d84518354aa2.webp\" alt=\"Plakat wydarzenia\" \/>\n        <\/a>\n    <\/div>\n             \n    <div class=\"card-ticket__link\">\n        <a href=\"https:\/\/www.ebilet.pl\/muzyka\/festiwale\/opener-festival\" class=\"button button--theme-primary-yellow button--withIconLeft button--size-small\">\n            <span class=\"button__icon icon icon-ticket\"><\/span>\n            <p class=\"button__text typo-16 f-600\">Kup bilet<\/p>\n        <\/a>\n    <\/div>\n    <\/div>                                    <\/div>\n                                <\/div>\n                                                            <div class=\"tickets-slider__sliderItem swiper-slide\"\n                                    data-id=\"180058\"\n                                    data-name=\"Pyrkon 2027\"\n                                    data-brand=\"\"\n                                    data-category=\"biznes\"\n                                    data-subcategory=\"targi\"\n                                    data-city=\"Pozna\u0144\"\n                                    data-venue=\"\">\n                                    <div class=\"tickets-slider__sliderCard\">\n                                        \n<div class=\"card-ticket\">\n        <div class=\"card-ticket__image\">\n        <a href=\"https:\/\/www.ebilet.pl\/biznes\/targi\/pyrkon\">\n            <img decoding=\"async\" src=\"https:\/\/www.ebilet.pl\/media\/cms\/media\/ctubzlte\/p2027_ebilet_552x736.webp\" alt=\"Plakat wydarzenia\" \/>\n        <\/a>\n    <\/div>\n             \n    <div class=\"card-ticket__link\">\n        <a href=\"https:\/\/www.ebilet.pl\/biznes\/targi\/pyrkon\" class=\"button button--theme-primary-yellow button--withIconLeft button--size-small\">\n            <span class=\"button__icon icon icon-ticket\"><\/span>\n            <p class=\"button__text typo-16 f-600\">Kup bilet<\/p>\n        <\/a>\n    <\/div>\n    <\/div>                                    <\/div>\n                                <\/div>\n                                                    <\/div>\n                    <\/div>\n                <\/div>\n            <\/div>\n        <\/div>\n    <\/div>\n<\/section>\n\n\n<section class=\"text-block  section-margin-32\" >\n    <div class=\"container\">\n        <div class=\"row\">\n            <div class=\"col-24\">\n                <div class=\"text-block__content\"><h2><strong>Prezenty dla <i>Generation Z<\/i> \u2013 co wybra\u0107?<\/strong><\/h2>\n<p><span style=\"font-weight: 400;\">Jak wspomnieli\u015bmy, wszystko zale\u017cy od osoby, kt\u00f3r\u0105 chcemy obdarowa\u0107. Z racji tego, \u017ce s\u0105 to m\u0142ode osoby, s\u0105 one cz\u0119sto otwarte na r\u00f3\u017cne ciekawe do\u015bwiadczenia. Dlatego w naszych propozycjach znajdziesz naprawd\u0119 r\u00f3\u017cnorodne wydarzenia, kt\u00f3re mog\u0105 by\u0107 choinkowym strza\u0142em w dziesi\u0105tk\u0119.\u00a0<\/span><\/p>\n<h3><strong>Bilety na koncert dla Pokolenia Z<\/strong><\/h3>\n<p><span style=\"font-weight: 400;\">Pokolenie Z jest niezwykle otwarte na nowe gatunki muzyczne (i bardzo r\u00f3\u017cnorodne gatunki muzyczne). S\u0142uchaj\u0105 oni zar\u00f3wno ci\u0119\u017ckiej muzyki, jak i tej elektronicznej czy nawet powa\u017cnej.\u00a0<\/span><\/p>\n<p><b>Dobrym pomys\u0142em jest po\u0142\u0105czenie muzyki klasycznej z ulubionym filmem czy serialem \u2013 czyli koncert muzyki filmowej. <\/b><span style=\"font-weight: 400;\">Dla bardziej romantycznych dusz dobrym pomys\u0142em mo\u017ce by\u0107 te\u017c koncert przy \u015bwiecach.<\/span><\/p>\n<p><b>Popularny sta\u0142 si\u0119 tak\u017ce gatunek k-pop, <\/b><span style=\"font-weight: 400;\">a artyst\u00f3w z dalekich kraj\u00f3w go\u015bcimy czasem na naszych polskich scenach. Co ciekawe, \u0142\u0105czy on w sobie dance-pop, electro-pop, hip-hop, rock, jazz, pop oper\u0119, wsp\u00f3\u0142czesne r&amp;b, muzyk\u0119 klasyczn\u0105 i ballady popowe.<\/span><\/p>\n<p><span style=\"font-weight: 400;\">Jednocze\u015bnie m\u0142odzi ludzie ch\u0119tnie s\u0142uchaj\u0105 takich artyst\u00f3w jak chocia\u017cby sanah, Kwiat Jab\u0142oni czy Dawid Podsiad\u0142o \u2013 czyli <\/span><b>stawiaj\u0105 na naszych rodak\u00f3w.\u00a0<\/b><\/p>\n<p><b>Zetki mog\u0105 ucieszy\u0107 si\u0119 tak\u017ce z bilet\u00f3w na festiwale, gdzie mog\u0105:<\/b><\/p>\n<ul>\n<li style=\"font-weight: 400;\" aria-level=\"1\"><span style=\"font-weight: 400;\">zobaczy\u0107 kawa\u0142ek Polski,<\/span><\/li>\n<li style=\"font-weight: 400;\" aria-level=\"1\"><span style=\"font-weight: 400;\">pozna\u0107 nowych ludzi,<\/span><\/li>\n<li style=\"font-weight: 400;\" aria-level=\"1\"><span style=\"font-weight: 400;\">do\u015bwiadczy\u0107 festiwalowej atmosfery,<\/span><\/li>\n<li style=\"font-weight: 400;\" aria-level=\"1\"><span style=\"font-weight: 400;\">przenocowa\u0107 pod namiotem,<\/span><\/li>\n<li style=\"font-weight: 400;\" aria-level=\"1\"><span style=\"font-weight: 400;\">cieszy\u0107 si\u0119 muzyk\u0105.\u00a0<\/span><\/li>\n<\/ul>\n<\/div>\n            <\/div>\n        <\/div>\n    <\/div>\n<\/section>\n\n\n<section class=\"image-block  section-margin-32\" >\n        <div class=\"image-block__link\">\n        <a href=\"https:\/\/www.ebilet.pl\/lp\/prezent-na-swieta\"><\/a>\n    <\/div>\n        <div class=\"container\">\n        <div class=\"row\">\n            <div class=\"col-24\">\n                                <div class=\"image-block__container\">\n                    <div class=\"image-block__wrapper\"><img loading=\"lazy\" decoding=\"async\" width=\"1600\" height=\"200\" src=\"https:\/\/www.ebilet.pl\/now\/app\/uploads\/2024\/11\/1600x200-2.jpg\" class=\"attachment-full size-full\" alt=\"\" srcset=\"https:\/\/www.ebilet.pl\/now\/app\/uploads\/2024\/11\/1600x200-2.jpg 1600w, https:\/\/www.ebilet.pl\/now\/app\/uploads\/2024\/11\/1600x200-2-1024x128.jpg 1024w, https:\/\/www.ebilet.pl\/now\/app\/uploads\/2024\/11\/1600x200-2-1536x192.jpg 1536w, https:\/\/www.ebilet.pl\/now\/app\/uploads\/2024\/11\/1600x200-2-1280x160.jpg 1280w, https:\/\/www.ebilet.pl\/now\/app\/uploads\/2024\/11\/1600x200-2-500x63.jpg 500w, https:\/\/www.ebilet.pl\/now\/app\/uploads\/2024\/11\/1600x200-2-632x79.jpg 632w\" sizes=\"auto, (max-width: 1600px) 100vw, 1600px\" \/><\/div>\n                                    <\/div>\n                            <\/div>\n        <\/div>\n    <\/div>\n<\/section>\n\n\n<section class=\"text-block  section-margin-32\" >\n    <div class=\"container\">\n        <div class=\"row\">\n            <div class=\"col-24\">\n                <div class=\"text-block__content\"><h3><strong>Pokolenie Z w teatrze<\/strong><\/h3>\n<p><b>Czy jest sens podarowa\u0107 pokoleniu Z bilety do teatru, teatru muzycznego lub opery? Zdecydowanie tak! Musisz mie\u0107 jednak na uwadze:<\/b><\/p>\n<ul>\n<li style=\"font-weight: 400;\" aria-level=\"1\"><span style=\"font-weight: 400;\">wiek osoby, kt\u00f3rej chcesz sprezentowa\u0107 bilet (do tego pokolenia zaliczaj\u0105 si\u0119 i nastolatkowie, i osoby zbli\u017caj\u0105ce si\u0119 do trzydziestki),<\/span><\/li>\n<li style=\"font-weight: 400;\" aria-level=\"1\"><span style=\"font-weight: 400;\">zainteresowania bliskiej ci osoby.<\/span><\/li>\n<\/ul>\n<p><span style=\"font-weight: 400;\">Dla tych m\u0142odszych ciekawym pomys\u0142em b\u0119d\u0105 spektakle bazuj\u0105ce na ostatnich trendach, np. \u201cRodzina Addams\u00f3w\u201d, kt\u00f3ra robi furor\u0119 po serialu \u201cWednesday\u201d. Mo\u017cesz te\u017c zabra\u0107 nastolatka lub nastolatk\u0119 na klasyk\u0119 teatru (np. \u201cRomeo i Juli\u0119\u201d czy \u201cKopciuszka\u201d), ale w zupe\u0142nie nowym wydaniu. <\/span><b>Wsp\u00f3\u0142czesne adaptacje przenosz\u0105 tamtych bohater\u00f3w do naszych reali\u00f3w, przez co m\u0142odzi ludzie mog\u0105 zobaczy\u0107 w nich siebie.\u00a0<\/b><\/p>\n<p><span style=\"font-weight: 400;\">Dobrym pomys\u0142em b\u0119d\u0105 te\u017c bilety na komedi\u0119. Oczywi\u015bcie tematyk\u0119 warto dobra\u0107 do wieku obdarowywanej osoby. Tym, kt\u00f3rzy wkroczyli ju\u017c w zwi\u0105zki czy to partnerskie czy ma\u0142\u017ce\u0144skie, mog\u0105 spodoba\u0107 si\u0119 komedie w temacie rodziny, te\u015bci\u00f3w czy \u201crozwi\u0105z\u0142o\u015bci\u201d. Za to m\u0142odszym spodobaj\u0105 si\u0119 farsy i komedie zwi\u0105zane z pieni\u0119dzmi, podr\u00f3\u017cami czy po prostu nawi\u0105zuj\u0105ce do dzisiejszych reali\u00f3w.<\/span><\/p>\n<h3><strong>A mo\u017ce inna forma \u015bmiechu?\u00a0<\/strong><\/h3>\n<p><span style=\"font-weight: 400;\">S\u0105 te\u017c inne sposoby na zapewnienie odpowiedniej dawki \u015bmiechu Zetkom. Mo\u017cesz podarowa\u0107 bliskiej osobie bilety na stand-up. Cz\u0119sto jest tak, \u017ce m\u0142odzi ludzie preferuj\u0119 t\u0119 form\u0119 humoru zamiast kabaret\u00f3w (ale zn\u00f3w: dowiedz si\u0119, co woli bliska ci osoba).\u00a0<\/span><\/p>\n<p><b>Pami\u0119taj, \u017ce stand-upy s\u0105 bardzo r\u00f3\u017cne i raczej przeznaczone dla os\u00f3b pe\u0142noletnich lub chocia\u017c 16+.\u00a0<\/b><\/p>\n<p><span style=\"font-weight: 400;\">Mo\u017cesz wybra\u0107 bilety na stand-up, z kt\u00f3rymi m\u0142ode osoby zasi\u0105d\u0105 na widowni, ale mo\u017cesz te\u017c\u2026 podarowa\u0107<\/span><b> wej\u015bci\u00f3wki na open-mic,<\/b><span style=\"font-weight: 400;\"> podczas kt\u00f3rego bliska ci osoba spr\u00f3buje swoich si\u0142 na scenie. Je\u015bli jeste\u015b pewien, \u017ce ch\u0119tnie zosta\u0142aby stand-uperem \u2013 to mo\u017ce by\u0107 bardzo dobry pomys\u0142 na prezent! Mog\u0105 to by\u0107 te\u017c wej\u015bci\u00f3wki na open mic, podczas kt\u00f3rego np. tw\u00f3j bratanek usi\u0105dzie na widowni i pos\u0142ucha wyst\u0119p\u00f3w pocz\u0105tkuj\u0105cych, dzi\u0119ki czemu zobaczy, co mu si\u0119 podoba, jakie b\u0142\u0119dy zauwa\u017ca itd. i b\u0119dzie m\u00f3g\u0142 to wykorzysta\u0107 podczas swoich pr\u00f3b.<\/span><\/p>\n<h3><strong>Bilety na wydarzenia sportowe dla Pokolenia Z<\/strong><\/h3>\n<p><span style=\"font-weight: 400;\">Pokolenie Z nie wspomina dobrze zaj\u0119\u0107 wychowania fizycznego w szkole (lub jest jeszcze na etapie wymy\u015blania, co zrobi\u0107, by nie bra\u0107 udzia\u0142u w tych bezsensownych testach sprawno\u015bciowych), ale to nie oznacza, \u017ce nie lubi sportu w og\u00f3le. Osoby, kt\u00f3re edukacj\u0119 maj\u0105 ju\u017c za sob\u0105, cz\u0119sto ch\u0119tnie \u0107wicz\u0105 na w\u0142asnych warunkach (w domu, na si\u0142owni, na zaj\u0119ciach grupowych). Lubi\u0105 te\u017c dopingowa\u0107 innych. J<\/span><b>e\u015bli wiesz, jak\u0105 dyscyplin\u0119 sportu (lub konkretnego zawodnika\/dru\u017cyn\u0119) lubi\u0105, podaruj im wej\u015bci\u00f3wki na wydarzenie sportowe, podczas kt\u00f3rego b\u0119d\u0105 mogli:<\/b><\/p>\n<ul>\n<li style=\"font-weight: 400;\" aria-level=\"1\"><span style=\"font-weight: 400;\">zobaczy\u0107 idoli w akcji,<\/span><\/li>\n<li style=\"font-weight: 400;\" aria-level=\"1\"><span style=\"font-weight: 400;\">poczu\u0107 si\u0119 cz\u0119\u015bci\u0105 wielkiej spo\u0142eczno\u015bci,<\/span><\/li>\n<li style=\"font-weight: 400;\" aria-level=\"1\"><span style=\"font-weight: 400;\">prze\u017cy\u0107 co\u015b \u201cna \u017cywo\u201d,<\/span><\/li>\n<li style=\"font-weight: 400;\" aria-level=\"1\"><span style=\"font-weight: 400;\">wy\u0142apa\u0107 nowe techniki czy interesuj\u0105ce smaczki, kt\u00f3re zastosuj\u0105 w swoich treningach.\u00a0<\/span><\/li>\n<\/ul>\n<h3><strong><i>Gen-Z <\/i>na wystawie<\/strong><\/h3>\n<p><span style=\"font-weight: 400;\">Wystawy to nie tylko Luwr czy Panorama Rac\u0142awicka. Takie ogl\u0105danie obraz\u00f3w mo\u017ce by\u0107 dla niekt\u00f3rych faktycznie ciekawe, ale wi\u0119kszo\u015b\u0107 m\u0142odych os\u00f3b by to pewnie nudzi\u0142o. Ale wiesz, \u017ce dzisiejsze wystawy to co\u015b wi\u0119cej? <\/span><b>Mo\u017cesz podarowa\u0107 bliskiej ci osobie bilety na wystawy:<\/b><\/p>\n<ul>\n<li style=\"font-weight: 400;\" aria-level=\"1\"><span style=\"font-weight: 400;\">immersyjne (by mog\u0142y zanurzy\u0107 si\u0119 w sztuce),<\/span><\/li>\n<li style=\"font-weight: 400;\" aria-level=\"1\"><span style=\"font-weight: 400;\">popularnych przedmiot\u00f3w (np. LEGO, resorak\u00f3w, lalek Barbie),<\/span><\/li>\n<li style=\"font-weight: 400;\" aria-level=\"1\"><span style=\"font-weight: 400;\">interaktywne (by mogli pozna\u0107 histori\u0119 czy ciekawostki na dany temat w ciekawej formie),<\/span><\/li>\n<li style=\"font-weight: 400;\" aria-level=\"1\"><span style=\"font-weight: 400;\">3D (by zobaczy\u0107 dzie\u0142a inaczej),<\/span><\/li>\n<li style=\"font-weight: 400;\" aria-level=\"1\"><span style=\"font-weight: 400;\">rekonstrukcyjne (by nie tylko zobaczy\u0107 r\u00f3\u017cne artefakty, ale tak\u017ce sta\u0107 si\u0119 bohaterem przygody),<\/span><\/li>\n<li style=\"font-weight: 400;\" aria-level=\"1\"><span style=\"font-weight: 400;\">interdyscyplinarne (po\u0142\u0105czenie malarstwa, rze\u017aby, muzyki, performansu itd.).\u00a0<\/span><\/li>\n<\/ul>\n<p>&nbsp;<\/p>\n<\/div>\n            <\/div>\n        <\/div>\n    <\/div>\n<\/section>\n\n\n<section class=\"events-slider-block  section-margin-32\" data-events-slider-block data-carousel-title=\"Nowo\u015bci na eBilet\" data-carousel-type=\"karuzela_z_t\u0142em\" data-item-list-name=\"Karuzela z t\u0142em Nowo\u015bci na eBilet\" data-item-list-id=\"karuzela_z_t\u0142em Nowo\u015bci na eBilet\" >\n    <div class=\"container\">\n        <div class=\"row\">\n            <div class=\"col-24\">\n                <div class=\"events-slider-block__wrapper\">\n                                            <div class=\"events-slider-block__bg\"><img loading=\"lazy\" decoding=\"async\" width=\"1920\" height=\"1080\" src=\"https:\/\/www.ebilet.pl\/now\/app\/uploads\/2024\/04\/shutterstock_1308510637.jpg\" class=\"attachment-full size-full\" alt=\"Fot.\" srcset=\"https:\/\/www.ebilet.pl\/now\/app\/uploads\/2024\/04\/shutterstock_1308510637.jpg 1920w, https:\/\/www.ebilet.pl\/now\/app\/uploads\/2024\/04\/shutterstock_1308510637-1024x576.jpg 1024w, https:\/\/www.ebilet.pl\/now\/app\/uploads\/2024\/04\/shutterstock_1308510637-1536x864.jpg 1536w, https:\/\/www.ebilet.pl\/now\/app\/uploads\/2024\/04\/shutterstock_1308510637-1280x720.jpg 1280w, https:\/\/www.ebilet.pl\/now\/app\/uploads\/2024\/04\/shutterstock_1308510637-500x281.jpg 500w, https:\/\/www.ebilet.pl\/now\/app\/uploads\/2024\/04\/shutterstock_1308510637-632x356.jpg 632w, https:\/\/www.ebilet.pl\/now\/app\/uploads\/2024\/04\/shutterstock_1308510637-308x174.jpg 308w\" sizes=\"auto, (max-width: 1920px) 100vw, 1920px\" \/><\/div>\n                                                                <div class=\"events-slider-block__top\">\n                                                            <div class=\"events-slider-block__title desktop\">\n                                    <h2 class=\"typo-h2\">Nowo\u015bci na eBilet<\/h2>\n                                <\/div>\n                                                                                        <div class=\"events-slider-block__title mobile\">\n                                    <h2 class=\"typo-h2\">Nowo\u015bci na eBilet<\/h2>\n                                <\/div>\n                                                    <\/div>\n                                                            <div class=\"events-slider-block__main\">\n                        <div class=\"events-slider-block__nav events-slider-block__nav--prev\">\n                            <div class=\"button button--withIcon button--theme-white-blur button--size-fixed-48\" data-events-prev>\n                                <span class=\"button__icon icon icon-chevron-left\"><\/span>\n                            <\/div>\n                        <\/div>\n                        <div class=\"events-slider-block__nav events-slider-block__nav--next\">\n                            <div class=\"button button--withIcon button--theme-white-blur button--size-fixed-48\" data-events-next>\n                                <span class=\"button__icon icon icon-chevron-right\"><\/span>\n                            <\/div>\n                        <\/div>\n                        <div class=\"events-slider-block__slider\">\n                            <div class=\"swiper\" data-events-slider>\n                                <div class=\"events-slider-block__sliderWrapper swiper-wrapper\">\n                                                                    <div class=\"events-slider-block__sliderItem swiper-slide\">\n                                    \n<div class=\"card-event  card-event--size-small\">\n        <a href=\"https:\/\/www.ebilet.pl\/muzyka\/festiwale\/orange-warsaw-festival\" target=\"_blank\" class=\"card-event__link\" rel=\"nofollow noopener\"><\/a>\n        <div class=\"card-event__wrapper\">\n        <div class=\"card-event__image\">\n            <img decoding=\"async\" src=\"https:\/\/www.ebilet.pl\/media\/cms\/media\/10tfavkl\/owf27_wejs-cie_portal_552x736.webp\" alt=\"\">\n        <\/div>\n        <div class=\"card-event__data\">\n            <div class=\"card-event__name\">\n                <p>Orange Warsaw Festival 2027<\/p>\n            <\/div>\n            <div class=\"card-event__date\"><\/div>\n            <div class=\"card-event__location\"><\/div>\n        <\/div>\n    <\/div>\n<\/div>                                    <\/div>\n                                                                    <div class=\"events-slider-block__sliderItem swiper-slide\">\n                                    \n<div class=\"card-event  card-event--size-small\">\n        <a href=\"https:\/\/www.ebilet.pl\/teatr\/musicale\/wielki-gatsby\" target=\"_blank\" class=\"card-event__link\" rel=\"nofollow noopener\"><\/a>\n        <div class=\"card-event__wrapper\">\n        <div class=\"card-event__image\">\n            <img decoding=\"async\" src=\"https:\/\/www.ebilet.pl\/media\/cms\/media\/5eihaojx\/552x736-c1222f1c-09f0-4f58-a3ca-98b5badf4b8b.webp\" alt=\"\">\n        <\/div>\n        <div class=\"card-event__data\">\n            <div class=\"card-event__name\">\n                <p>Wielki Gatsby<\/p>\n            <\/div>\n            <div class=\"card-event__date\"><\/div>\n            <div class=\"card-event__location\"><\/div>\n        <\/div>\n    <\/div>\n<\/div>                                    <\/div>\n                                                                    <div class=\"events-slider-block__sliderItem swiper-slide\">\n                                    \n<div class=\"card-event  card-event--size-small\">\n        <a href=\"https:\/\/www.ebilet.pl\/teatr\/tragedia-dramat\/powodzenia-leo-grande\" target=\"_blank\" class=\"card-event__link\" rel=\"nofollow noopener\"><\/a>\n        <div class=\"card-event__wrapper\">\n        <div class=\"card-event__image\">\n            <img decoding=\"async\" src=\"https:\/\/www.ebilet.pl\/media\/cms\/media\/id1npal2\/552x736-b60cb163-87db-43ce-a14e-fd8ba6cf2ab8.webp\" alt=\"\">\n        <\/div>\n        <div class=\"card-event__data\">\n            <div class=\"card-event__name\">\n                <p>Powodzenia, Leo Grande<\/p>\n            <\/div>\n            <div class=\"card-event__date\">23.03.2027-23.03.2027<\/div>\n            <div class=\"card-event__location\">Warszawa<\/div>\n        <\/div>\n    <\/div>\n<\/div>                                    <\/div>\n                                                                    <div class=\"events-slider-block__sliderItem swiper-slide\">\n                                    \n<div class=\"card-event  card-event--size-small\">\n        <a href=\"https:\/\/www.ebilet.pl\/klasyka\/koncert\/broadway-i-west-end-przy-swiecach\" target=\"_blank\" class=\"card-event__link\" rel=\"nofollow noopener\"><\/a>\n        <div class=\"card-event__wrapper\">\n        <div class=\"card-event__image\">\n            <img decoding=\"async\" src=\"https:\/\/www.ebilet.pl\/media\/cms\/media\/diqhu23q\/ebilet-552x736-2-57ba47e4-68e0-4bc9-8635-374ebdd67a78.webp\" alt=\"\">\n        <\/div>\n        <div class=\"card-event__data\">\n            <div class=\"card-event__name\">\n                <p>Broadway i West End przy \u015bwiecach &#8211; Mistrzowie Musicalu<\/p>\n            <\/div>\n            <div class=\"card-event__date\">06.09.2026-06.09.2026<\/div>\n            <div class=\"card-event__location\">Bielsko-Bia\u0142a, Gda\u0144sk, Gdynia i inne<\/div>\n        <\/div>\n    <\/div>\n<\/div>                                    <\/div>\n                                                                    <div class=\"events-slider-block__sliderItem swiper-slide\">\n                                    \n<div class=\"card-event  card-event--size-small\">\n        <a href=\"https:\/\/www.ebilet.pl\/sport\/sporty-walki\/gala-ksw\" target=\"_blank\" class=\"card-event__link\" rel=\"nofollow noopener\"><\/a>\n        <div class=\"card-event__wrapper\">\n        <div class=\"card-event__image\">\n            <img decoding=\"async\" src=\"https:\/\/www.ebilet.pl\/media\/cms\/media\/rk2ji5me\/ksw124_552x736-kopia-dba06461-adab-46b7-97d7-d2f73141ebd4.webp\" alt=\"\">\n        <\/div>\n        <div class=\"card-event__data\">\n            <div class=\"card-event__name\">\n                <p>XTB KSW 124<\/p>\n            <\/div>\n            <div class=\"card-event__date\">19.12.2026-19.12.2026<\/div>\n            <div class=\"card-event__location\">Gliwice<\/div>\n        <\/div>\n    <\/div>\n<\/div>                                    <\/div>\n                                                                    <div class=\"events-slider-block__sliderItem swiper-slide\">\n                                    \n<div class=\"card-event  card-event--size-small\">\n        <a href=\"https:\/\/www.ebilet.pl\/klasyka\/balet-taniec\/panstwowy-ansambl-gruzji-aphkhazeti\" target=\"_blank\" class=\"card-event__link\" rel=\"nofollow noopener\"><\/a>\n        <div class=\"card-event__wrapper\">\n        <div class=\"card-event__image\">\n            <img decoding=\"async\" src=\"https:\/\/www.ebilet.pl\/media\/cms\/media\/zn1nrf0b\/552x736-17-f9d5d1d0-2d59-4a6d-b4a1-1867a7836e10.webp\" alt=\"\">\n        <\/div>\n        <div class=\"card-event__data\">\n            <div class=\"card-event__name\">\n                <p>APHKHAZETI &#8211; Gruzi\u0144ski Pa\u0144stwowy Balet z ch\u00f3rem i orkiestr\u0105<\/p>\n            <\/div>\n            <div class=\"card-event__date\">01.03.2027-01.03.2027<\/div>\n            <div class=\"card-event__location\">Katowice, Krak\u00f3w, \u0141\u00f3d\u017a i inne<\/div>\n        <\/div>\n    <\/div>\n<\/div>                                    <\/div>\n                                                                    <div class=\"events-slider-block__sliderItem swiper-slide\">\n                                    \n<div class=\"card-event  card-event--size-small\">\n        <a href=\"https:\/\/www.ebilet.pl\/klasyka\/koncert\/chopin\" target=\"_blank\" class=\"card-event__link\" rel=\"nofollow noopener\"><\/a>\n        <div class=\"card-event__wrapper\">\n        <div class=\"card-event__image\">\n            <img decoding=\"async\" src=\"https:\/\/www.ebilet.pl\/media\/cms\/media\/0jcpgkuj\/552x736.webp\" alt=\"\">\n        <\/div>\n        <div class=\"card-event__data\">\n            <div class=\"card-event__name\">\n                <p>Koncert Chopinowski<\/p>\n            <\/div>\n            <div class=\"card-event__date\">06.09.2026-06.09.2026<\/div>\n            <div class=\"card-event__location\">Warszawa<\/div>\n        <\/div>\n    <\/div>\n<\/div>                                    <\/div>\n                                                                    <div class=\"events-slider-block__sliderItem swiper-slide\">\n                                    \n<div class=\"card-event  card-event--size-small\">\n        <a href=\"https:\/\/www.ebilet.pl\/muzyka\/rock\/blind-channel\" target=\"_blank\" class=\"card-event__link\" rel=\"nofollow noopener\"><\/a>\n        <div class=\"card-event__wrapper\">\n        <div class=\"card-event__image\">\n            <img decoding=\"async\" src=\"https:\/\/www.ebilet.pl\/media\/cms\/media\/heakcnq4\/blind-channel-ebilet-strona-wydarzenia-pion-wspo-lne.webp\" alt=\"\">\n        <\/div>\n        <div class=\"card-event__data\">\n            <div class=\"card-event__name\">\n                <p>Blind Channel<\/p>\n            <\/div>\n            <div class=\"card-event__date\">11.02.2027-11.02.2027<\/div>\n            <div class=\"card-event__location\">Krak\u00f3w, Warszawa<\/div>\n        <\/div>\n    <\/div>\n<\/div>                                    <\/div>\n                                                                    <div class=\"events-slider-block__sliderItem swiper-slide\">\n                                    \n<div class=\"card-event  card-event--size-small\">\n        <a href=\"https:\/\/www.ebilet.pl\/klasyka\/opera-operetka\/gala-operowa\" target=\"_blank\" class=\"card-event__link\" rel=\"nofollow noopener\"><\/a>\n        <div class=\"card-event__wrapper\">\n        <div class=\"card-event__image\">\n            <img decoding=\"async\" src=\"https:\/\/www.ebilet.pl\/media\/cms\/media\/upep01ak\/ebilet-552x736-gala-operowa-knapczyk-eb-aa3872aa-1b03-4f4b-b1ae-0fd8be6a1b1e.webp\" alt=\"\">\n        <\/div>\n        <div class=\"card-event__data\">\n            <div class=\"card-event__name\">\n                <p>Wielka Gala Operowa: Krzysztof Knapczyk, Carmen, La Traviata, Turandot<\/p>\n            <\/div>\n            <div class=\"card-event__date\">18.10.2026-18.10.2026<\/div>\n            <div class=\"card-event__location\">Bia\u0142ystok, Gda\u0144sk, Gorz\u00f3w Wielkopolski i inne<\/div>\n        <\/div>\n    <\/div>\n<\/div>                                    <\/div>\n                                                                    <div class=\"events-slider-block__sliderItem swiper-slide\">\n                                    \n<div class=\"card-event  card-event--size-small\">\n        <a href=\"https:\/\/www.ebilet.pl\/muzyka\/hip-hop-rap\/otsochodzi\" target=\"_blank\" class=\"card-event__link\" rel=\"nofollow noopener\"><\/a>\n        <div class=\"card-event__wrapper\">\n        <div class=\"card-event__image\">\n            <img decoding=\"async\" src=\"https:\/\/www.ebilet.pl\/media\/cms\/media\/ucuizr2w\/tt-552-x-736-kopia.webp\" alt=\"\">\n        <\/div>\n        <div class=\"card-event__data\">\n            <div class=\"card-event__name\">\n                <p>Otsochodzi &#8211; RIOTT<\/p>\n            <\/div>\n            <div class=\"card-event__date\">01.10.2026-01.10.2026<\/div>\n            <div class=\"card-event__location\">Gda\u0144sk, Krak\u00f3w, Pozna\u0144 i inne<\/div>\n        <\/div>\n    <\/div>\n<\/div>                                    <\/div>\n                                                                    <div class=\"events-slider-block__sliderItem swiper-slide\">\n                                    \n<div class=\"card-event  card-event--size-small\">\n        <a href=\"https:\/\/www.ebilet.pl\/muzyka\/rock\/kult-koncerty\" target=\"_blank\" class=\"card-event__link\" rel=\"nofollow noopener\"><\/a>\n        <div class=\"card-event__wrapper\">\n        <div class=\"card-event__image\">\n            <img decoding=\"async\" src=\"https:\/\/www.ebilet.pl\/media\/cms\/media\/wkun24dx\/kult_kato_ebilet_552x7362-e37ee07b-c83a-4c9a-9173-50357c70e10b.webp\" alt=\"\">\n        <\/div>\n        <div class=\"card-event__data\">\n            <div class=\"card-event__name\">\n                <p>Kult &#8211; Trasa Pomara\u0144czowa 2026<\/p>\n            <\/div>\n            <div class=\"card-event__date\">30.10.2026-30.10.2026<\/div>\n            <div class=\"card-event__location\">Katowice, \u0141\u00f3d\u017a, Wroc\u0142aw<\/div>\n        <\/div>\n    <\/div>\n<\/div>                                    <\/div>\n                                                                    <div class=\"events-slider-block__sliderItem swiper-slide\">\n                                    \n<div class=\"card-event  card-event--size-small\">\n        <a href=\"https:\/\/www.ebilet.pl\/klasyka\/koncert\/festiwal-pianistyczny-na-instrumentach-historycznych\" target=\"_blank\" class=\"card-event__link\" rel=\"nofollow noopener\"><\/a>\n        <div class=\"card-event__wrapper\">\n        <div class=\"card-event__image\">\n            <img decoding=\"async\" src=\"https:\/\/www.ebilet.pl\/media\/cms\/media\/vphe1lch\/552x736-2026-09-04t142751974-cefe0e84-0e5a-4e30-8c65-0200d5c1f5ef.webp\" alt=\"\">\n        <\/div>\n        <div class=\"card-event__data\">\n            <div class=\"card-event__name\">\n                <p>Festiwal pianistyczny na instrumentach historycznych<\/p>\n            <\/div>\n            <div class=\"card-event__date\">11.09.2026-11.09.2026<\/div>\n            <div class=\"card-event__location\">Nowy Wi\u015bnicz<\/div>\n        <\/div>\n    <\/div>\n<\/div>                                    <\/div>\n                                                                    <div class=\"events-slider-block__sliderItem swiper-slide\">\n                                    \n<div class=\"card-event  card-event--size-small\">\n        <a href=\"https:\/\/www.ebilet.pl\/teatr\/komedia\/do-zobaczenia-za-rok\" target=\"_blank\" class=\"card-event__link\" rel=\"nofollow noopener\"><\/a>\n        <div class=\"card-event__wrapper\">\n        <div class=\"card-event__image\">\n            <img decoding=\"async\" src=\"https:\/\/www.ebilet.pl\/media\/cms\/media\/vxlnrkge\/552x736.webp\" alt=\"\">\n        <\/div>\n        <div class=\"card-event__data\">\n            <div class=\"card-event__name\">\n                <p>Do zobaczenia za rok<\/p>\n            <\/div>\n            <div class=\"card-event__date\">18.10.2026-18.10.2026<\/div>\n            <div class=\"card-event__location\">Gda\u0144sk<\/div>\n        <\/div>\n    <\/div>\n<\/div>                                    <\/div>\n                                                                    <div class=\"events-slider-block__sliderItem swiper-slide\">\n                                    \n<div class=\"card-event  card-event--size-small\">\n        <a href=\"https:\/\/www.ebilet.pl\/muzyka\/piosenka\/kochajmy-starszych-panow\" target=\"_blank\" class=\"card-event__link\" rel=\"nofollow noopener\"><\/a>\n        <div class=\"card-event__wrapper\">\n        <div class=\"card-event__image\">\n            <img decoding=\"async\" src=\"https:\/\/www.ebilet.pl\/media\/cms\/media\/si1frm4x\/ebilet_552x736_kochajmy-starszych-pan_w-8ffc6954-6a62-4510-83c1-0a662ceae353.webp\" alt=\"\">\n        <\/div>\n        <div class=\"card-event__data\">\n            <div class=\"card-event__name\">\n                <p>Kochajmy Starszych Pan\u00f3w!<\/p>\n            <\/div>\n            <div class=\"card-event__date\">15.10.2026-15.10.2026<\/div>\n            <div class=\"card-event__location\">Szczecin, Wroc\u0142aw<\/div>\n        <\/div>\n    <\/div>\n<\/div>                                    <\/div>\n                                                                    <div class=\"events-slider-block__sliderItem swiper-slide\">\n                                    \n<div class=\"card-event  card-event--size-small\">\n        <a href=\"https:\/\/www.ebilet.pl\/muzyka\/pop\/piaseczny-the-best-of\" target=\"_blank\" class=\"card-event__link\" rel=\"nofollow noopener\"><\/a>\n        <div class=\"card-event__wrapper\">\n        <div class=\"card-event__image\">\n            <img decoding=\"async\" src=\"https:\/\/www.ebilet.pl\/media\/cms\/media\/tx5fyo3c\/552x736-b9704cdf-5ae9-496f-b7ac-78c53124b73d.webp\" alt=\"\">\n        <\/div>\n        <div class=\"card-event__data\">\n            <div class=\"card-event__name\">\n                <p>Andrzej Piaseczny &#8211; The Best<\/p>\n            <\/div>\n            <div class=\"card-event__date\">08.11.2026-08.11.2026<\/div>\n            <div class=\"card-event__location\">Gda\u0144sk<\/div>\n        <\/div>\n    <\/div>\n<\/div>                                    <\/div>\n                                                                <\/div>\n                            <\/div>\n                        <\/div>\n                        <div class=\"events-slider-block__events swiper\" data-events-events-descriptions>\n                            <div class=\"events-slider-block__eventsWrapper swiper-wrapper\">\n                                                            <div class=\"events-slider-block__eventsItem swiper-slide\">\n                                    <a href=\"https:\/\/www.ebilet.pl\/muzyka\/festiwale\/orange-warsaw-festival\" target=\"_blank\" class=\"events-slider-block__eventsName\">\n                                        <p>Orange Warsaw Festival 2027<\/p>\n                                    <\/a>\n                                    <div class=\"events-slider-block__eventsDate\">\n                                                                            <\/div>\n                                    <div class=\"events-slider-block__eventsLocation\"><\/div>\n                                <\/div>\n                                                            <div class=\"events-slider-block__eventsItem swiper-slide\">\n                                    <a href=\"https:\/\/www.ebilet.pl\/teatr\/musicale\/wielki-gatsby\" target=\"_blank\" class=\"events-slider-block__eventsName\">\n                                        <p>Wielki Gatsby<\/p>\n                                    <\/a>\n                                    <div class=\"events-slider-block__eventsDate\">\n                                                                            <\/div>\n                                    <div class=\"events-slider-block__eventsLocation\"><\/div>\n                                <\/div>\n                                                            <div class=\"events-slider-block__eventsItem swiper-slide\">\n                                    <a href=\"https:\/\/www.ebilet.pl\/teatr\/tragedia-dramat\/powodzenia-leo-grande\" target=\"_blank\" class=\"events-slider-block__eventsName\">\n                                        <p>Powodzenia, Leo Grande<\/p>\n                                    <\/a>\n                                    <div class=\"events-slider-block__eventsDate\">\n                                        23.03.2027-23.03.2027                                    <\/div>\n                                    <div class=\"events-slider-block__eventsLocation\">Warszawa<\/div>\n                                <\/div>\n                                                            <div class=\"events-slider-block__eventsItem swiper-slide\">\n                                    <a href=\"https:\/\/www.ebilet.pl\/klasyka\/koncert\/broadway-i-west-end-przy-swiecach\" target=\"_blank\" class=\"events-slider-block__eventsName\">\n                                        <p>Broadway i West End przy \u015bwiecach &#8211; Mistrzowie Musicalu<\/p>\n                                    <\/a>\n                                    <div class=\"events-slider-block__eventsDate\">\n                                        06.09.2026-09.12.2028                                    <\/div>\n                                    <div class=\"events-slider-block__eventsLocation\">Bielsko-Bia\u0142a, Gda\u0144sk, Gdynia i inne<\/div>\n                                <\/div>\n                                                            <div class=\"events-slider-block__eventsItem swiper-slide\">\n                                    <a href=\"https:\/\/www.ebilet.pl\/sport\/sporty-walki\/gala-ksw\" target=\"_blank\" class=\"events-slider-block__eventsName\">\n                                        <p>XTB KSW 124<\/p>\n                                    <\/a>\n                                    <div class=\"events-slider-block__eventsDate\">\n                                        19.12.2026-19.12.2026                                    <\/div>\n                                    <div class=\"events-slider-block__eventsLocation\">Gliwice<\/div>\n                                <\/div>\n                                                            <div class=\"events-slider-block__eventsItem swiper-slide\">\n                                    <a href=\"https:\/\/www.ebilet.pl\/klasyka\/balet-taniec\/panstwowy-ansambl-gruzji-aphkhazeti\" target=\"_blank\" class=\"events-slider-block__eventsName\">\n                                        <p>APHKHAZETI &#8211; Gruzi\u0144ski Pa\u0144stwowy Balet z ch\u00f3rem i orkiestr\u0105<\/p>\n                                    <\/a>\n                                    <div class=\"events-slider-block__eventsDate\">\n                                        01.03.2027-11.03.2027                                    <\/div>\n                                    <div class=\"events-slider-block__eventsLocation\">Katowice, Krak\u00f3w, \u0141\u00f3d\u017a i inne<\/div>\n                                <\/div>\n                                                            <div class=\"events-slider-block__eventsItem swiper-slide\">\n                                    <a href=\"https:\/\/www.ebilet.pl\/klasyka\/koncert\/chopin\" target=\"_blank\" class=\"events-slider-block__eventsName\">\n                                        <p>Koncert Chopinowski<\/p>\n                                    <\/a>\n                                    <div class=\"events-slider-block__eventsDate\">\n                                        06.09.2026-30.12.2026                                    <\/div>\n                                    <div class=\"events-slider-block__eventsLocation\">Warszawa<\/div>\n                                <\/div>\n                                                            <div class=\"events-slider-block__eventsItem swiper-slide\">\n                                    <a href=\"https:\/\/www.ebilet.pl\/muzyka\/rock\/blind-channel\" target=\"_blank\" class=\"events-slider-block__eventsName\">\n                                        <p>Blind Channel<\/p>\n                                    <\/a>\n                                    <div class=\"events-slider-block__eventsDate\">\n                                        11.02.2027-12.02.2027                                    <\/div>\n                                    <div class=\"events-slider-block__eventsLocation\">Krak\u00f3w, Warszawa<\/div>\n                                <\/div>\n                                                            <div class=\"events-slider-block__eventsItem swiper-slide\">\n                                    <a href=\"https:\/\/www.ebilet.pl\/klasyka\/opera-operetka\/gala-operowa\" target=\"_blank\" class=\"events-slider-block__eventsName\">\n                                        <p>Wielka Gala Operowa: Krzysztof Knapczyk, Carmen, La Traviata, Turandot<\/p>\n                                    <\/a>\n                                    <div class=\"events-slider-block__eventsDate\">\n                                        18.10.2026-08.12.2028                                    <\/div>\n                                    <div class=\"events-slider-block__eventsLocation\">Bia\u0142ystok, Gda\u0144sk, Gorz\u00f3w Wielkopolski i inne<\/div>\n                                <\/div>\n                                                            <div class=\"events-slider-block__eventsItem swiper-slide\">\n                                    <a href=\"https:\/\/www.ebilet.pl\/muzyka\/hip-hop-rap\/otsochodzi\" target=\"_blank\" class=\"events-slider-block__eventsName\">\n                                        <p>Otsochodzi &#8211; RIOTT<\/p>\n                                    <\/a>\n                                    <div class=\"events-slider-block__eventsDate\">\n                                        01.10.2026-03.12.2026                                    <\/div>\n                                    <div class=\"events-slider-block__eventsLocation\">Gda\u0144sk, Krak\u00f3w, Pozna\u0144 i inne<\/div>\n                                <\/div>\n                                                            <div class=\"events-slider-block__eventsItem swiper-slide\">\n                                    <a href=\"https:\/\/www.ebilet.pl\/muzyka\/rock\/kult-koncerty\" target=\"_blank\" class=\"events-slider-block__eventsName\">\n                                        <p>Kult &#8211; Trasa Pomara\u0144czowa 2026<\/p>\n                                    <\/a>\n                                    <div class=\"events-slider-block__eventsDate\">\n                                        30.10.2026-15.11.2026                                    <\/div>\n                                    <div class=\"events-slider-block__eventsLocation\">Katowice, \u0141\u00f3d\u017a, Wroc\u0142aw<\/div>\n                                <\/div>\n                                                            <div class=\"events-slider-block__eventsItem swiper-slide\">\n                                    <a href=\"https:\/\/www.ebilet.pl\/klasyka\/koncert\/festiwal-pianistyczny-na-instrumentach-historycznych\" target=\"_blank\" class=\"events-slider-block__eventsName\">\n                                        <p>Festiwal pianistyczny na instrumentach historycznych<\/p>\n                                    <\/a>\n                                    <div class=\"events-slider-block__eventsDate\">\n                                        11.09.2026-13.09.2026                                    <\/div>\n                                    <div class=\"events-slider-block__eventsLocation\">Nowy Wi\u015bnicz<\/div>\n                                <\/div>\n                                                            <div class=\"events-slider-block__eventsItem swiper-slide\">\n                                    <a href=\"https:\/\/www.ebilet.pl\/teatr\/komedia\/do-zobaczenia-za-rok\" target=\"_blank\" class=\"events-slider-block__eventsName\">\n                                        <p>Do zobaczenia za rok<\/p>\n                                    <\/a>\n                                    <div class=\"events-slider-block__eventsDate\">\n                                        18.10.2026-18.10.2026                                    <\/div>\n                                    <div class=\"events-slider-block__eventsLocation\">Gda\u0144sk<\/div>\n                                <\/div>\n                                                            <div class=\"events-slider-block__eventsItem swiper-slide\">\n                                    <a href=\"https:\/\/www.ebilet.pl\/muzyka\/piosenka\/kochajmy-starszych-panow\" target=\"_blank\" class=\"events-slider-block__eventsName\">\n                                        <p>Kochajmy Starszych Pan\u00f3w!<\/p>\n                                    <\/a>\n                                    <div class=\"events-slider-block__eventsDate\">\n                                        15.10.2026-20.10.2026                                    <\/div>\n                                    <div class=\"events-slider-block__eventsLocation\">Szczecin, Wroc\u0142aw<\/div>\n                                <\/div>\n                                                            <div class=\"events-slider-block__eventsItem swiper-slide\">\n                                    <a href=\"https:\/\/www.ebilet.pl\/muzyka\/pop\/piaseczny-the-best-of\" target=\"_blank\" class=\"events-slider-block__eventsName\">\n                                        <p>Andrzej Piaseczny &#8211; The Best<\/p>\n                                    <\/a>\n                                    <div class=\"events-slider-block__eventsDate\">\n                                        08.11.2026-08.11.2026                                    <\/div>\n                                    <div class=\"events-slider-block__eventsLocation\">Gda\u0144sk<\/div>\n                                <\/div>\n                                                        <\/div>\n                        <\/div>\n                        <div class=\"events-slider-block__pagination\">\n                            <div class=\"swiper-pagination slider-pagination slider-pagination--theme-white\" data-events-slider-pagination><\/div>\n                        <\/div>\n                    <\/div>\n                                        <div class=\"events-slider-block__bottom\">\n                                                                                <div class=\"events-slider-block__link desktop\">\n                                    <a\n                                        class=\"button button--size-small button--theme-primary-yellow button--withIconLeft\"\n                                        href=\"https:\/\/www.ebilet.pl\/\">\n                                                                                    <div class=\"button__icon\"><img loading=\"lazy\" decoding=\"async\" width=\"30\" height=\"30\" src=\"https:\/\/www.ebilet.pl\/now\/app\/uploads\/2024\/01\/ticket-cinema-entertainment-coupon-discount-sale_30px.png\" class=\"attachment-full size-full\" alt=\"\" \/><\/div>\n                                                                                <p class=\"button__text typo-18\">Kup na eBilet.pl<\/p>\n                                    <\/a>\n                                <\/div>\n                                                                                <div class=\"events-slider-block__link mobile\">\n                                    <a\n                                        class=\"button button--size-small button--theme-primary-yellow button--withIconLeft\"\n                                        href=\"https:\/\/www.ebilet.pl\/\">\n                                                                                    <div class=\"button__icon\"><img loading=\"lazy\" decoding=\"async\" width=\"30\" height=\"30\" src=\"https:\/\/www.ebilet.pl\/now\/app\/uploads\/2024\/01\/ticket-cinema-entertainment-coupon-discount-sale_30px.png\" class=\"attachment-full size-full\" alt=\"\" \/><\/div>\n                                                                                <p class=\"button__text typo-18\">Kup na eBilet.pl<\/p>\n                                    <\/a>\n                                <\/div>\n                                            <\/div>\n                <\/div>\n            <\/div>\n        <\/div>\n    <\/div>\n<\/section>","protected":false},"excerpt":{"rendered":"<p>Pokolenie Z jest uznawane za wymagaj\u0105ce, cz\u0119sto zmieniaj\u0105ce prac\u0119 (lub og\u00f3lniej: niesta\u0142e w jakichkolwiek zainteresowaniach) czy te\u017c \u017cyj\u0105ce w cyfrowym \u015bwiecie. Czy to prawda? Niekoniecznie! S\u0105 osoby, kt\u00f3re idealnie wpisuj\u0105 si\u0119 w stereotypy na temat Gen-Z, ale s\u0105 te\u017c nastolatki, kt\u00f3re wolne chwile sp\u0119dzaj\u0105 na dzierganiu swetr\u00f3w. Co w takim razie da\u0107 w prezencie przedstawicielom zoomer\u00f3w? Sprawd\u017a nasze pomys\u0142y!<\/p>\n","protected":false},"author":14,"featured_media":38264,"comment_status":"open","ping_status":"open","sticky":false,"template":"page-templates\/article-default.php","format":"standard","meta":{"_acf_changed":false,"footnotes":""},"article_tag":[418,298,417],"article_type":[5],"class_list":["post-38262","post","type-post","status-publish","format-standard","has-post-thumbnail","hentry","article_tag-boze-narodzenie","article_tag-prezent","article_tag-swieta","article_type-lifestyle"],"acf":[],"_links":{"self":[{"href":"https:\/\/www.ebilet.pl\/now\/wp-json\/wp\/v2\/posts\/38262","targetHints":{"allow":["GET"]}}],"collection":[{"href":"https:\/\/www.ebilet.pl\/now\/wp-json\/wp\/v2\/posts"}],"about":[{"href":"https:\/\/www.ebilet.pl\/now\/wp-json\/wp\/v2\/types\/post"}],"author":[{"embeddable":true,"href":"https:\/\/www.ebilet.pl\/now\/wp-json\/wp\/v2\/users\/14"}],"replies":[{"embeddable":true,"href":"https:\/\/www.ebilet.pl\/now\/wp-json\/wp\/v2\/comments?post=38262"}],"version-history":[{"count":4,"href":"https:\/\/www.ebilet.pl\/now\/wp-json\/wp\/v2\/posts\/38262\/revisions"}],"predecessor-version":[{"id":39648,"href":"https:\/\/www.ebilet.pl\/now\/wp-json\/wp\/v2\/posts\/38262\/revisions\/39648"}],"wp:featuredmedia":[{"embeddable":true,"href":"https:\/\/www.ebilet.pl\/now\/wp-json\/wp\/v2\/media\/38264"}],"wp:attachment":[{"href":"https:\/\/www.ebilet.pl\/now\/wp-json\/wp\/v2\/media?parent=38262"}],"wp:term":[{"taxonomy":"article_tag","embeddable":true,"href":"https:\/\/www.ebilet.pl\/now\/wp-json\/wp\/v2\/article_tag?post=38262"},{"taxonomy":"article_type","embeddable":true,"href":"https:\/\/www.ebilet.pl\/now\/wp-json\/wp\/v2\/article_type?post=38262"}],"curies":[{"name":"wp","href":"https:\/\/api.w.org\/{rel}","templated":true}]}}