{"id":37401,"date":"2024-11-07T09:51:03","date_gmt":"2024-11-07T08:51:03","guid":{"rendered":"https:\/\/www.ebilet.pl\/now\/?p=37401"},"modified":"2025-09-22T08:52:41","modified_gmt":"2025-09-22T07:52:41","slug":"najlepsze-spektakle-teatralne-na-ktore-warto-zarezerwowac-czas-w-listopadzie","status":"publish","type":"post","link":"https:\/\/www.ebilet.pl\/now\/najlepsze-spektakle-teatralne-na-ktore-warto-zarezerwowac-czas-w-listopadzie\/","title":{"rendered":"Najlepsze spektakle teatralne, na kt\u00f3re warto zarezerwowa\u0107 czas w listopadzie"},"content":{"rendered":"\n<section class=\"text-block  section-margin-32\" >\n    <div class=\"container\">\n        <div class=\"row\">\n            <div class=\"col-24\">\n                <div class=\"text-block__content\"><p><span style=\"font-weight: 400;\">Chocia\u017c listopadowa pogoda zach\u0119ca do przesiadywania w domu, to zapewniam, \u017ce nasza bogata oferta teatralna z pewno\u015bci\u0105 zach\u0119ci was do wyj\u015bcia na zewn\u0105trz. Z ca\u0142ego obfitego zbioru granych obecnie komedii, dramat\u00f3w i musicali wybrali\u015bmy pi\u0119\u0107 godnych uwagi pozycji. Wybrane <a href=\"https:\/\/www.ebilet.pl\/teatr\">z naszego eBiletowego katalogu<\/a> produkcje teatralne to zar\u00f3wno tytu\u0142y klasyczne, jak i nowo\u015bci.\u00a0<\/span><\/p>\n<p><span style=\"font-weight: 400;\">Mamy znan\u0105 sztuk\u0119 <strong>S\u0142awomira Mro\u017cka<\/strong> w nowej adaptacji, bestsellerowy komediodramat <strong>Garnizonu Sztuki<\/strong> w gwiazdorskiej obsadzie, \u015bpiewaj\u0105cy monodram <strong>Katarzyny Zieli\u0144skiej<\/strong>, wspomnienie o <strong>Hance Bielickiej<\/strong> oraz wsp\u00f3\u0142czesn\u0105 inscenizacj\u0119 <strong>\u201cZemsty\u201d Aleksandra Fredro<\/strong> z <strong>Maciejem Stuhrem<\/strong>. <\/span><\/p>\n<\/div>\n            <\/div>\n        <\/div>\n    <\/div>\n<\/section>\n\n\n<section class=\"tickets-slider  section-margin-32\"\n    data-tickets-slider\n    data-item-list-name=\"Karuzela z buttonami\"\n    data-item-list-id=\"karuzela_z_buttonami\"\n    >\n    <div class=\"container\">\n        <div class=\"row\">\n            <div class=\"col-24\">\n                <div class=\"tickets-slider__main\">\n                    <div class=\"tickets-slider__nav tickets-slider__nav--prev\">\n                        <div class=\"button button--withIcon button--theme-white-blur button--size-fixed-48\" data-tickets-slider-prev>\n                            <span class=\"button__icon icon icon-chevron-left\"><\/span>\n                        <\/div>\n                    <\/div>\n                    <div class=\"tickets-slider__nav tickets-slider__nav--next\">\n                        <div class=\"button button--withIcon button--theme-white-blur button--size-fixed-48\" data-tickets-slider-next>\n                            <span class=\"button__icon icon icon-chevron-right\"><\/span>\n                        <\/div>\n                    <\/div>\n                    <div class=\"tickets-slider__slider swiper\" data-tickets-slider-slider>\n                        <div class=\"tickets-slider__sliderWrapper swiper-wrapper\">\n                                                            <div class=\"tickets-slider__sliderItem swiper-slide\"\n                                    data-id=\"101157\"\n                                    data-name=\"Prezent urodzinowy - nieprzewidywalna komedia z udzia\u0142em gwiazd\"\n                                    data-brand=\"Teatr Capitol\"\n                                    data-category=\"teatr\"\n                                    data-subcategory=\"komedia\"\n                                    data-city=\"Gda\u0144sk, \u0141\u00f3d\u017a, Pozna\u0144 i inne\"\n                                    data-venue=\"Teatr Capitol w Warszawie\">\n                                    <div class=\"tickets-slider__sliderCard\">\n                                        \n<div class=\"card-ticket\">\n        <div class=\"card-ticket__image\">\n        <a href=\"https:\/\/www.ebilet.pl\/teatr\/komedia\/prezent-urodzinowy-spektakl\">\n            <img decoding=\"async\" src=\"https:\/\/www.ebilet.pl\/media\/cms\/media\/rgjpyqfx\/prezent_552x736.webp\" alt=\"Plakat wydarzenia\" \/>\n        <\/a>\n    <\/div>\n             \n    <div class=\"card-ticket__link\">\n        <a href=\"https:\/\/www.ebilet.pl\/teatr\/komedia\/prezent-urodzinowy-spektakl\" class=\"button button--theme-primary-yellow button--withIconLeft button--size-small\">\n            <span class=\"button__icon icon icon-ticket\"><\/span>\n            <p class=\"button__text typo-16 f-600\">Kup bilet<\/p>\n        <\/a>\n    <\/div>\n    <\/div>                                    <\/div>\n                                <\/div>\n                                                            <div class=\"tickets-slider__sliderItem swiper-slide\"\n                                    data-id=\"117690\"\n                                    data-name=\"SIX\"\n                                    data-brand=\"Teatr Syrena\"\n                                    data-category=\"teatr\"\n                                    data-subcategory=\"musicale\"\n                                    data-city=\"Warszawa\"\n                                    data-venue=\"Teatr Syrena w Warszawie\">\n                                    <div class=\"tickets-slider__sliderCard\">\n                                        \n<div class=\"card-ticket\">\n        <div class=\"card-ticket__image\">\n        <a href=\"https:\/\/www.ebilet.pl\/teatr\/musicale\/six\">\n            <img decoding=\"async\" src=\"https:\/\/www.ebilet.pl\/media\/cms\/media\/mgbntumn\/six-552x736-1-8245f98e-00ce-4850-bc6f-d6869745856e.webp\" alt=\"Plakat wydarzenia\" \/>\n        <\/a>\n    <\/div>\n             \n    <div class=\"card-ticket__link\">\n        <a href=\"https:\/\/www.ebilet.pl\/teatr\/musicale\/six\" class=\"button button--theme-primary-yellow button--withIconLeft button--size-small\">\n            <span class=\"button__icon icon icon-ticket\"><\/span>\n            <p class=\"button__text typo-16 f-600\">Kup bilet<\/p>\n        <\/a>\n    <\/div>\n    <\/div>                                    <\/div>\n                                <\/div>\n                                                            <div class=\"tickets-slider__sliderItem swiper-slide\"\n                                    data-id=\"6101\"\n                                    data-name=\"Nast\u0119pnego dnia rano\"\n                                    data-brand=\"Teatr Capitol\"\n                                    data-category=\"teatr\"\n                                    data-subcategory=\"komedia\"\n                                    data-city=\"Bydgoszcz, Warszawa\"\n                                    data-venue=\"Teatr Capitol w Warszawie\">\n                                    <div class=\"tickets-slider__sliderCard\">\n                                        \n<div class=\"card-ticket\">\n        <div class=\"card-ticket__image\">\n        <a href=\"https:\/\/www.ebilet.pl\/teatr\/komedia\/nastepnego-dnia-rano\">\n            <img decoding=\"async\" src=\"https:\/\/www.ebilet.pl\/media\/cms\/media\/dpwbwa1r\/552x736-4279b118-7fe1-417f-9977-243657099e8a.webp\" alt=\"Plakat wydarzenia\" \/>\n        <\/a>\n    <\/div>\n             \n    <div class=\"card-ticket__link\">\n        <a href=\"https:\/\/www.ebilet.pl\/teatr\/komedia\/nastepnego-dnia-rano\" class=\"button button--theme-primary-yellow button--withIconLeft button--size-small\">\n            <span class=\"button__icon icon icon-ticket\"><\/span>\n            <p class=\"button__text typo-16 f-600\">Kup bilet<\/p>\n        <\/a>\n    <\/div>\n    <\/div>                                    <\/div>\n                                <\/div>\n                                                            <div class=\"tickets-slider__sliderItem swiper-slide\"\n                                    data-id=\"132362\"\n                                    data-name=\"Petarda\"\n                                    data-brand=\"Teatr Kamienica\"\n                                    data-category=\"teatr\"\n                                    data-subcategory=\"komedia\"\n                                    data-city=\"Warszawa\"\n                                    data-venue=\"Teatr Kamienica w Warszawie\">\n                                    <div class=\"tickets-slider__sliderCard\">\n                                        \n<div class=\"card-ticket\">\n        <div class=\"card-ticket__image\">\n        <a href=\"https:\/\/www.ebilet.pl\/teatr\/komedia\/petarda\">\n            <img decoding=\"async\" src=\"https:\/\/www.ebilet.pl\/media\/cms\/media\/epxbe4ye\/552x736-17-ff4d11a5-3dbb-421c-a3ca-1d8513eb6a27.webp\" alt=\"Plakat wydarzenia\" \/>\n        <\/a>\n    <\/div>\n             \n    <div class=\"card-ticket__link\">\n        <a href=\"https:\/\/www.ebilet.pl\/teatr\/komedia\/petarda\" class=\"button button--theme-primary-yellow button--withIconLeft button--size-small\">\n            <span class=\"button__icon icon icon-ticket\"><\/span>\n            <p class=\"button__text typo-16 f-600\">Kup bilet<\/p>\n        <\/a>\n    <\/div>\n    <\/div>                                    <\/div>\n                                <\/div>\n                                                            <div class=\"tickets-slider__sliderItem swiper-slide\"\n                                    data-id=\"203461\"\n                                    data-name=\"Malta Festival 2026: The Second Woman\"\n                                    data-brand=\"DFLIGHTS SP\u00d3\u0141KA Z OGRANICZON\u0104 ODPOWIEDZIALNO\u015aCI\u0104\"\n                                    data-category=\"teatr\"\n                                    data-subcategory=\"pozostale\"\n                                    data-city=\"Pozna\u0144\"\n                                    data-venue=\"MTP - Mi\u0119dzynarodowe Targi Pozna\u0144skie\">\n                                    <div class=\"tickets-slider__sliderCard\">\n                                        \n<div class=\"card-ticket\">\n        <div class=\"card-ticket__image\">\n        <a href=\"https:\/\/www.ebilet.pl\/teatr\/pozostale\/the-second-woman\">\n            <img decoding=\"async\" src=\"https:\/\/www.ebilet.pl\/media\/cms\/media\/vbal4vdm\/552x736-2026-03-25t135337590-4772ac83-4da2-4199-b8b4-d4e4f571822b.webp\" alt=\"Plakat wydarzenia\" \/>\n        <\/a>\n    <\/div>\n             \n    <div class=\"card-ticket__link\">\n        <a href=\"https:\/\/www.ebilet.pl\/teatr\/pozostale\/the-second-woman\" class=\"button button--theme-primary-yellow button--withIconLeft button--size-small\">\n            <span class=\"button__icon icon icon-ticket\"><\/span>\n            <p class=\"button__text typo-16 f-600\">Kup bilet<\/p>\n        <\/a>\n    <\/div>\n    <\/div>                                    <\/div>\n                                <\/div>\n                                                            <div class=\"tickets-slider__sliderItem swiper-slide\"\n                                    data-id=\"176641\"\n                                    data-name=\"Wspania\u0142e Horyzonty\"\n                                    data-brand=\"Teatr 6.pi\u0119tro\"\n                                    data-category=\"teatr\"\n                                    data-subcategory=\"tragedia-dramat\"\n                                    data-city=\"Warszawa\"\n                                    data-venue=\"Teatr 6. pi\u0119tro w Warszawie\">\n                                    <div class=\"tickets-slider__sliderCard\">\n                                        \n<div class=\"card-ticket\">\n        <div class=\"card-ticket__image\">\n        <a href=\"https:\/\/www.ebilet.pl\/teatr\/tragedia-dramat\/wspaniale-horyzonty\">\n            <img decoding=\"async\" src=\"https:\/\/www.ebilet.pl\/media\/cms\/media\/t0aptjvd\/552x736.webp\" alt=\"Plakat wydarzenia\" \/>\n        <\/a>\n    <\/div>\n             \n    <div class=\"card-ticket__link\">\n        <a href=\"https:\/\/www.ebilet.pl\/teatr\/tragedia-dramat\/wspaniale-horyzonty\" class=\"button button--theme-primary-yellow button--withIconLeft button--size-small\">\n            <span class=\"button__icon icon icon-ticket\"><\/span>\n            <p class=\"button__text typo-16 f-600\">Kup bilet<\/p>\n        <\/a>\n    <\/div>\n    <\/div>                                    <\/div>\n                                <\/div>\n                                                            <div class=\"tickets-slider__sliderItem swiper-slide\"\n                                    data-id=\"187000\"\n                                    data-name=\"Genialny pomys\u0142\"\n                                    data-brand=\"Teatr Capitol\"\n                                    data-category=\"teatr\"\n                                    data-subcategory=\"komedia\"\n                                    data-city=\"Krak\u00f3w, Lublin, Pozna\u0144 i inne\"\n                                    data-venue=\"Teatr Capitol w Warszawie\">\n                                    <div class=\"tickets-slider__sliderCard\">\n                                        \n<div class=\"card-ticket\">\n        <div class=\"card-ticket__image\">\n        <a href=\"https:\/\/www.ebilet.pl\/teatr\/komedia\/genialny-pomysl\">\n            <img decoding=\"async\" src=\"https:\/\/www.ebilet.pl\/media\/cms\/media\/qndopst0\/552x736-genialne_twarze-41105c5f-9c14-45fb-9ddc-d47affc903aa.webp\" alt=\"Plakat wydarzenia\" \/>\n        <\/a>\n    <\/div>\n             \n    <div class=\"card-ticket__link\">\n        <a href=\"https:\/\/www.ebilet.pl\/teatr\/komedia\/genialny-pomysl\" class=\"button button--theme-primary-yellow button--withIconLeft button--size-small\">\n            <span class=\"button__icon icon icon-ticket\"><\/span>\n            <p class=\"button__text typo-16 f-600\">Kup bilet<\/p>\n        <\/a>\n    <\/div>\n    <\/div>                                    <\/div>\n                                <\/div>\n                                                            <div class=\"tickets-slider__sliderItem swiper-slide\"\n                                    data-id=\"42653\"\n                                    data-name=\"Bo\u017cyszcze Kobiet\"\n                                    data-brand=\"Teatr Capitol\"\n                                    data-category=\"teatr\"\n                                    data-subcategory=\"komedia\"\n                                    data-city=\"Gda\u0144sk, Krak\u00f3w, Lublin i inne\"\n                                    data-venue=\"Teatr Capitol w Warszawie\">\n                                    <div class=\"tickets-slider__sliderCard\">\n                                        \n<div class=\"card-ticket\">\n        <div class=\"card-ticket__image\">\n        <a href=\"https:\/\/www.ebilet.pl\/teatr\/komedia\/bozyszcze-kobiet\">\n            <img decoding=\"async\" src=\"https:\/\/www.ebilet.pl\/media\/cms\/media\/lv0n1ic1\/ebilet-552x736_1-bozyszcze-poprawki-64693a13-8531-4ac5-8f78-e247651a3fba.webp\" alt=\"Plakat wydarzenia\" \/>\n        <\/a>\n    <\/div>\n             \n    <div class=\"card-ticket__link\">\n        <a href=\"https:\/\/www.ebilet.pl\/teatr\/komedia\/bozyszcze-kobiet\" class=\"button button--theme-primary-yellow button--withIconLeft button--size-small\">\n            <span class=\"button__icon icon icon-ticket\"><\/span>\n            <p class=\"button__text typo-16 f-600\">Kup bilet<\/p>\n        <\/a>\n    <\/div>\n    <\/div>                                    <\/div>\n                                <\/div>\n                                                            <div class=\"tickets-slider__sliderItem swiper-slide\"\n                                    data-id=\"186039\"\n                                    data-name=\"P\u00f3\u0142 \u017cartem\u2026\"\n                                    data-brand=\"Teatr Capitol\"\n                                    data-category=\"teatr\"\n                                    data-subcategory=\"komedia\"\n                                    data-city=\"Warszawa\"\n                                    data-venue=\"Teatr Capitol w Warszawie\">\n                                    <div class=\"tickets-slider__sliderCard\">\n                                        \n<div class=\"card-ticket\">\n        <div class=\"card-ticket__image\">\n        <a href=\"https:\/\/www.ebilet.pl\/teatr\/komedia\/pol-zartem\">\n            <img decoding=\"async\" src=\"https:\/\/www.ebilet.pl\/media\/cms\/media\/5oop4zeq\/552x736_polzartem_obsada_ebilet-capitol-979af2a8-bd49-4feb-a7f7-79ffd9bea75c.webp\" alt=\"Plakat wydarzenia\" \/>\n        <\/a>\n    <\/div>\n             \n    <div class=\"card-ticket__link\">\n        <a href=\"https:\/\/www.ebilet.pl\/teatr\/komedia\/pol-zartem\" class=\"button button--theme-primary-yellow button--withIconLeft button--size-small\">\n            <span class=\"button__icon icon icon-ticket\"><\/span>\n            <p class=\"button__text typo-16 f-600\">Kup bilet<\/p>\n        <\/a>\n    <\/div>\n    <\/div>                                    <\/div>\n                                <\/div>\n                                                            <div class=\"tickets-slider__sliderItem swiper-slide\"\n                                    data-id=\"200752\"\n                                    data-name=\"Wszyscy m\u00f3wi\u0105 o Jamiem\"\n                                    data-brand=\"Teatr Syrena\"\n                                    data-category=\"teatr\"\n                                    data-subcategory=\"musicale\"\n                                    data-city=\"Warszawa\"\n                                    data-venue=\"Teatr Syrena w Warszawie\">\n                                    <div class=\"tickets-slider__sliderCard\">\n                                        \n<div class=\"card-ticket\">\n        <div class=\"card-ticket__image\">\n        <a href=\"https:\/\/www.ebilet.pl\/teatr\/musicale\/wszyscy-mowia-o-jamiem\">\n            <img decoding=\"async\" src=\"https:\/\/www.ebilet.pl\/media\/cms\/media\/3t4bpibb\/552-x-736.webp\" alt=\"Plakat wydarzenia\" \/>\n        <\/a>\n    <\/div>\n             \n    <div class=\"card-ticket__link\">\n        <a href=\"https:\/\/www.ebilet.pl\/teatr\/musicale\/wszyscy-mowia-o-jamiem\" class=\"button button--theme-primary-yellow button--withIconLeft button--size-small\">\n            <span class=\"button__icon icon icon-ticket\"><\/span>\n            <p class=\"button__text typo-16 f-600\">Kup bilet<\/p>\n        <\/a>\n    <\/div>\n    <\/div>                                    <\/div>\n                                <\/div>\n                                                    <\/div>\n                    <\/div>\n                <\/div>\n            <\/div>\n        <\/div>\n    <\/div>\n<\/section>\n\n\n<section class=\"text-block  section-margin-32\" >\n    <div class=\"container\">\n        <div class=\"row\">\n            <div class=\"col-24\">\n                <div class=\"text-block__content\"><h2 class=\"eb-page-title eb-page-title--huge mb-3\">Halo, tu Bielicka! Czyli by\u0107 jak Hanka<\/h2>\n<p>Spektakl <a href=\"https:\/\/www.ebilet.pl\/teatr\/komedia\/halo-tu-bielicka-czyli-byc-jak-hanka\"><strong>&#8220;Halo, tu Bielicka! Czyli by\u0107 jak Hanka&#8221;<\/strong><\/a> <strong>Teatru Kamienica<\/strong> to muzyczna opowie\u015b\u0107 o wieloletniej przyja\u017ani wielkiej gwiazdy polskie estrady <strong>Hance Bielickiej<\/strong> z <strong>Bogdanem Brzezi\u0144skim<\/strong>, autorem jej ikonicznych monolog\u00f3w. To &#8211; jak m\u00f3wi\u0105 tw\u00f3rcy spektaklu &#8211; &#8220;historia\u00a0przyja\u017ani dla kt\u00f3rej dystans jest bez znaczenia, wyrzeczeniach, kt\u00f3re czasem trzeba podj\u0105\u0107 i satysfakcji p\u0142yn\u0105cej ze zrealizowanych marze\u0144. Opowie\u015b\u0107 o dwojgu ludziach, kt\u00f3rych po\u0142\u0105czy\u0142a praca i dzi\u0119ki niej stali si\u0119 sobie bliscy (cho\u0107 na odleg\u0142o\u015b\u0107)&#8221;.<\/p>\n<p>Spektakl powsta\u0142 z okazji 35-lecia pracy scenicznej <strong>Aldony Jankowskiej. <\/strong>Na scenie &#8211; w roli Brzezi\u0144skiego &#8211; partneruje jej\u00a0<strong>Rados\u0142aw Pazura<\/strong>.<\/p>\n<p>OPIS SPEKTAKLU:<\/p>\n<p>&#8220;Ona (Aldona Jankowska) \u2013 pe\u0142na temperamentu, zawsze w trasie i zawsze w centrum uwagi. On (Rados\u0142aw Pazura) \u2013 introwertyczny, bezustannie w swoim krakowskim gabinecie, w cieniu gwiazdy. Razem \u015bmiej\u0105 si\u0119, k\u0142\u00f3c\u0105, tworz\u0105 prawie trzydzie\u015bci lat i to wszystko przez telefon\u2026 W spektaklu <em>Halo, tu Bielicka! Czyli by\u0107 jak Hanka<\/em> nie ujrzycie Pa\u0144stwo pr\u00f3by odwzorowania Hanki Bielickiej. Scenicznej osobowo\u015bci tej gwiazdy estrady nie da si\u0119 odtworzy\u0107! Na tym polega\u0142 jej geniusz. Ujrzycie aktork\u0119 o podobnym temperamencie i poczuciu humoru, jedn\u0105 z wielu, dla kt\u00f3rych Bielicka by\u0142a wzorem. Nale\u017cy bowiem przywo\u0142ywa\u0107 i piel\u0119gnowa\u0107 pami\u0119\u0107 o tych, kt\u00f3rzy uosabiaj\u0105 to, czego sami szukamy w \u017cyciu i stanowi\u0105 dla nas inspiracj\u0119&#8221;.<\/p>\n<\/div>\n            <\/div>\n        <\/div>\n    <\/div>\n<\/section>\n\n\n<figure class=\"wp-block-embed is-type-video is-provider-youtube wp-block-embed-youtube wp-embed-aspect-16-9 wp-has-aspect-ratio\"><div class=\"wp-block-embed__wrapper\">\n<iframe loading=\"lazy\" title=\"&quot;Halo, tu Bielicka! Czyli by\u0107 jak Hanka&quot; - ZWIASTUN SPEKTAKLU\" width=\"500\" height=\"281\" src=\"https:\/\/www.youtube.com\/embed\/BIpOWAHx4GQ?feature=oembed\" frameborder=\"0\" allow=\"accelerometer; autoplay; clipboard-write; encrypted-media; gyroscope; picture-in-picture; web-share\" referrerpolicy=\"strict-origin-when-cross-origin\" allowfullscreen><\/iframe>\n<\/div><\/figure>\n\n\n<section class=\"gap-block  section-margin-32 section-margin-32\"><\/section>\n\n\n<section class=\"tickets-slider  section-margin-32\"\n    data-tickets-slider\n    data-item-list-name=\"Karuzela z buttonami\"\n    data-item-list-id=\"karuzela_z_buttonami\"\n    >\n    <div class=\"container\">\n        <div class=\"row\">\n            <div class=\"col-24\">\n                <div class=\"tickets-slider__main\">\n                    <div class=\"tickets-slider__nav tickets-slider__nav--prev\">\n                        <div class=\"button button--withIcon button--theme-white-blur button--size-fixed-48\" data-tickets-slider-prev>\n                            <span class=\"button__icon icon icon-chevron-left\"><\/span>\n                        <\/div>\n                    <\/div>\n                    <div class=\"tickets-slider__nav tickets-slider__nav--next\">\n                        <div class=\"button button--withIcon button--theme-white-blur button--size-fixed-48\" data-tickets-slider-next>\n                            <span class=\"button__icon icon icon-chevron-right\"><\/span>\n                        <\/div>\n                    <\/div>\n                    <div class=\"tickets-slider__slider swiper\" data-tickets-slider-slider>\n                        <div class=\"tickets-slider__sliderWrapper swiper-wrapper\">\n                                                            <div class=\"tickets-slider__sliderItem swiper-slide\"\n                                    data-id=\"132905\"\n                                    data-name=\"Halo, tu Bielicka! Czyli by\u0107 jak Hanka\"\n                                    data-brand=\"\"\n                                    data-category=\"teatr\"\n                                    data-subcategory=\"komedia\"\n                                    data-city=\"Warszawa\"\n                                    data-venue=\"\">\n                                    <div class=\"tickets-slider__sliderCard\">\n                                        \n<div class=\"card-ticket\">\n        <div class=\"card-ticket__image\">\n        <a href=\"https:\/\/www.ebilet.pl\/teatr\/komedia\/halo-tu-bielicka-czyli-byc-jak-hanka\">\n            <img decoding=\"async\" src=\"https:\/\/www.ebilet.pl\/media\/cms\/media\/bsqlwqec\/552x736-8-0bfe6352-ad94-4664-bea7-418f081e829f.webp\" alt=\"Plakat wydarzenia\" \/>\n        <\/a>\n    <\/div>\n             \n    <div class=\"card-ticket__link\">\n        <a href=\"https:\/\/www.ebilet.pl\/teatr\/komedia\/halo-tu-bielicka-czyli-byc-jak-hanka\" class=\"button button--theme-primary-yellow button--withIconLeft button--size-small\">\n            <span class=\"button__icon icon icon-ticket\"><\/span>\n            <p class=\"button__text typo-16 f-600\">Kup bilet<\/p>\n        <\/a>\n    <\/div>\n    <\/div>                                    <\/div>\n                                <\/div>\n                                                    <\/div>\n                    <\/div>\n                <\/div>\n            <\/div>\n        <\/div>\n    <\/div>\n<\/section>\n\n\n<section class=\"text-block  section-margin-32\" >\n    <div class=\"container\">\n        <div class=\"row\">\n            <div class=\"col-24\">\n                <div class=\"text-block__content\"><h2 class=\"eb-page-title eb-page-title--huge mb-3\">Same Plusy<\/h2>\n<p><a href=\"https:\/\/www.ebilet.pl\/teatr\/komedia\/same-plusy\"><strong>&#8220;Same plusy&#8221;<\/strong><\/a> to \u015bwietnie przyj\u0119ty przez widz\u00f3w komediodramat w gwiazdorskiej obsadzie. W spektaklu wyst\u0119puj\u0105 znakomici aktorzy: <strong>Gabriela Muska\u0142a<\/strong>, <strong>Gra\u017cyna Wolszczak<\/strong>, <strong>Marieta \u017bukowska<\/strong> i <strong>Micha\u0142 Czernecki<\/strong>\/<strong>\u0141ukasz Simlat<\/strong>. Autorem scenariusza jest <strong>Cezary Harasimowicz<\/strong> a re\u017cyserem wyr\u00f3\u017cniony wieloma nagrodami re\u017cyser teatralny i telewizyjny <strong>Wawrzyniec Kostrzewski<\/strong>.<\/p>\n<p>OPIS SPEKTAKLU:<\/p>\n<p>&#8220;Zuza to wsp\u00f3\u0142czesna polska Bridget Jones. Jest dziewczyn\u0105, kt\u00f3rej kompletnie nic w \u017cyciu nie wychodzi. Ma 40 lat, pracuje w korporacji, za\u015b jej \u017cycie osobiste le\u017cy w gruzach. \u017byje na wiecznym minusie, jest samotna, zakompleksiona i nie wierzy, \u017ce cokolwiek mo\u017ce jej wyj\u015b\u0107 na plus. Jedynym bliskim Zuzy jest anonimowy \u201eznajomy\u201d z Facebooka. Na domiar z\u0142ego dziewczyna zachodzi w ci\u0105\u017c\u0119 z przypadkowym m\u0119\u017cczyzn\u0105, kt\u00f3ry ulatnia si\u0119 jak kamfora. Wydaje si\u0119, \u017ce Zuza ju\u017c si\u0119 nie pozbiera. Tymczasem dra\u017cni\u0105ce kole\u017canki z pracy: niezbyt poj\u0119tna blondynka i zawzi\u0119ta feministka okazuj\u0105 si\u0119 prawdziwymi przyjaci\u00f3\u0142kami. Nawet machismo-boss wysup\u0142uje z siebie drobiny empatii i wra\u017cliwo\u015bci. Rozpoczyna si\u0119 zbiorowe poszukiwanie nieznanego ojca. Jednak szalona misja zawodzi. Czy jest dno, w kt\u00f3re mo\u017cna zapuka\u0107 od spodu? Jest. A czy jest szansa na szcz\u0119\u015bliwe zako\u0144czenie? Oto jest pytanie&#8230;&#8221;<\/p>\n<\/div>\n            <\/div>\n        <\/div>\n    <\/div>\n<\/section>\n\n\n<figure class=\"wp-block-embed is-type-video is-provider-youtube wp-block-embed-youtube wp-embed-aspect-4-3 wp-has-aspect-ratio\"><div class=\"wp-block-embed__wrapper\">\n<iframe loading=\"lazy\" title=\"SAME PLUSY w GARNIZONIE SZTUKI - teatrze pozytywnych emocji\ud83d\udc95\" width=\"500\" height=\"375\" src=\"https:\/\/www.youtube.com\/embed\/cwqfB893lqM?feature=oembed\" frameborder=\"0\" allow=\"accelerometer; autoplay; clipboard-write; encrypted-media; gyroscope; picture-in-picture; web-share\" referrerpolicy=\"strict-origin-when-cross-origin\" allowfullscreen><\/iframe>\n<\/div><\/figure>\n\n\n<section class=\"gap-block  section-margin-32 section-margin-32\"><\/section>\n\n\n<section class=\"tickets-slider  section-margin-32\"\n    data-tickets-slider\n    data-item-list-name=\"Karuzela z buttonami\"\n    data-item-list-id=\"karuzela_z_buttonami\"\n    >\n    <div class=\"container\">\n        <div class=\"row\">\n            <div class=\"col-24\">\n                <div class=\"tickets-slider__main\">\n                    <div class=\"tickets-slider__nav tickets-slider__nav--prev\">\n                        <div class=\"button button--withIcon button--theme-white-blur button--size-fixed-48\" data-tickets-slider-prev>\n                            <span class=\"button__icon icon icon-chevron-left\"><\/span>\n                        <\/div>\n                    <\/div>\n                    <div class=\"tickets-slider__nav tickets-slider__nav--next\">\n                        <div class=\"button button--withIcon button--theme-white-blur button--size-fixed-48\" data-tickets-slider-next>\n                            <span class=\"button__icon icon icon-chevron-right\"><\/span>\n                        <\/div>\n                    <\/div>\n                    <div class=\"tickets-slider__slider swiper\" data-tickets-slider-slider>\n                        <div class=\"tickets-slider__sliderWrapper swiper-wrapper\">\n                                                            <div class=\"tickets-slider__sliderItem swiper-slide\"\n                                    data-id=\"71143\"\n                                    data-name=\"Same Plusy\"\n                                    data-brand=\"\"\n                                    data-category=\"teatr\"\n                                    data-subcategory=\"komedia\"\n                                    data-city=\"Warszawa\"\n                                    data-venue=\"\">\n                                    <div class=\"tickets-slider__sliderCard\">\n                                        \n<div class=\"card-ticket\">\n        <div class=\"card-ticket__image\">\n        <a href=\"https:\/\/www.ebilet.pl\/teatr\/komedia\/same-plusy\">\n            <img decoding=\"async\" src=\"https:\/\/www.ebilet.pl\/media\/cms\/media\/2l1b3aec\/sameplusy553x736-kopia-292d7dd1-c8df-8d7a-0a29-f846bd3fdac1.webp\" alt=\"Plakat wydarzenia\" \/>\n        <\/a>\n    <\/div>\n             \n    <div class=\"card-ticket__link\">\n        <a href=\"https:\/\/www.ebilet.pl\/teatr\/komedia\/same-plusy\" class=\"button button--theme-primary-yellow button--withIconLeft button--size-small\">\n            <span class=\"button__icon icon icon-ticket\"><\/span>\n            <p class=\"button__text typo-16 f-600\">Kup bilet<\/p>\n        <\/a>\n    <\/div>\n    <\/div>                                    <\/div>\n                                <\/div>\n                                                    <\/div>\n                    <\/div>\n                <\/div>\n            <\/div>\n        <\/div>\n    <\/div>\n<\/section>\n\n\n<section class=\"text-block  section-margin-32\" >\n    <div class=\"container\">\n        <div class=\"row\">\n            <div class=\"col-24\">\n                <div class=\"text-block__content\"><h2 class=\"eb-page-title eb-page-title--huge mb-3\">Kontrakt<\/h2>\n<p><a href=\"https:\/\/www.ebilet.pl\/teatr\/tragedia-dramat\/kontrakt\"><strong>&#8220;Kontrakt&#8221; S\u0142awomira Mro\u017cka<\/strong> w <strong>Teatrze Imka<\/strong><\/a> z udzia\u0142em <strong>Zdzis\u0142awa Wardejn<\/strong>a i <strong>Miko\u0142aja Roznerskiego<\/strong> w re\u017cyserii <strong>Tomasza Mana<\/strong>, by\u0142 pierwsz\u0105, d\u0142ugooczekiwan\u0105 premier\u0105 Teatru IMKA <strong>Tomasza Karolaka<\/strong> na nowej scenie IMKA Kocjana na sto\u0142ecznym Bemowie.<\/p>\n<p>Tym spektaklem <strong>Zdzis\u0142aw Wardejn<\/strong> \u015bwi\u0119towa\u0142 jubileusz sze\u015b\u0107dziesi\u0119ciolecia pracy artystycznej. Ten wybitny aktor &#8211; ceniony za kreacje w serialu <strong>&#8220;Kr\u00f3lowa Bona&#8221;<\/strong>, filmach <strong>&#8220;Pi\u0142karski poker&#8221;<\/strong>, <strong>&#8220;Vabank&#8221;<\/strong> i <strong>&#8220;Och Karol&#8221;<\/strong> &#8211; w sztuce gra rol\u0119 Magnusa, szwajcarskiego rezydenta, kt\u00f3ry zdaje si\u0119 reprezentowa\u0107 mocne jak ska\u0142a fundamentalne warto\u015bci \u015bwiata Zachodu.<\/p>\n<p>W roli Morisa, przybysza z kraju, &#8220;le\u017c\u0105cego na Wsch\u00f3d od Zachodu i na Zach\u00f3d od Wschodu&#8221;, co Mro\u017cek okre\u015bli\u0142 z charakterystycznym dla siebie wyczuciem polskich paradoks\u00f3w &#8211; zobaczymy <strong>Miko\u0142aja Roznerskiego<\/strong>, jednego z najwa\u017cniejszych aktor\u00f3w m\u0142odego pokolenia (&#8220;<strong>Volta&#8221; J. Machulskiego<\/strong>, <strong>&#8220;Pech to nie grzech&#8221; R. Zatorskiego<\/strong>, seriale <strong>&#8220;Singielka&#8221;<\/strong> i <strong>&#8220;Osiecka&#8221;<\/strong>).<\/p>\n<p>OPIS SPEKTAKLU:<\/p>\n<p>&#8220;Stawk\u0105 gry, kt\u00f3r\u0105 tocz\u0105 bohaterowie, jest wielka kariera w Hollywood oraz marzenie o awansie, a tak naprawd\u0119 poczucie sensu \u017cycia. Jak si\u0119 okazuje, nie musi ono zale\u017ce\u0107 od statusu spo\u0142ecznego i stanu posiadania, w czym mo\u017cna dostrzec autobiograficzne, emigranckie motywy z \u017cycia autora. Polsk\u0105 prapremier\u0119 <em>Kontraktu<\/em> re\u017cyserowa\u0142 pod koniec PRL wielki Kazimierz Dejmek z udzia\u0142em Zdzis\u0142awa Mro\u017cewskiego i Jana Englerta. Zachodnia Europa by\u0142a dla nas wtedy nieosi\u0105galnym marzeniem. Wsp\u00f3\u0142cze\u015bni widzowie przekonaj\u0105 si\u0119, kim teraz jeste\u015bmy i jak bardzo zmieni\u0142a si\u0119 polska perspektywa w blisko dwie dekady po naszym wej\u015bciu do Unii Europejskiej&#8221;<\/p>\n<\/div>\n            <\/div>\n        <\/div>\n    <\/div>\n<\/section>\n\n\n<section class=\"tickets-slider  section-margin-32\"\n    data-tickets-slider\n    data-item-list-name=\"Karuzela z buttonami\"\n    data-item-list-id=\"karuzela_z_buttonami\"\n    >\n    <div class=\"container\">\n        <div class=\"row\">\n            <div class=\"col-24\">\n                <div class=\"tickets-slider__main\">\n                    <div class=\"tickets-slider__nav tickets-slider__nav--prev\">\n                        <div class=\"button button--withIcon button--theme-white-blur button--size-fixed-48\" data-tickets-slider-prev>\n                            <span class=\"button__icon icon icon-chevron-left\"><\/span>\n                        <\/div>\n                    <\/div>\n                    <div class=\"tickets-slider__nav tickets-slider__nav--next\">\n                        <div class=\"button button--withIcon button--theme-white-blur button--size-fixed-48\" data-tickets-slider-next>\n                            <span class=\"button__icon icon icon-chevron-right\"><\/span>\n                        <\/div>\n                    <\/div>\n                    <div class=\"tickets-slider__slider swiper\" data-tickets-slider-slider>\n                        <div class=\"tickets-slider__sliderWrapper swiper-wrapper\">\n                                                    <\/div>\n                    <\/div>\n                <\/div>\n            <\/div>\n        <\/div>\n    <\/div>\n<\/section>\n\n\n<section class=\"text-block  section-margin-32\" >\n    <div class=\"container\">\n        <div class=\"row\">\n            <div class=\"col-24\">\n                <div class=\"text-block__content\"><h2 class=\"eb-page-title eb-page-title--huge mb-3\">To ja mo\u017ce si\u0119 po\u0142o\u017c\u0119<\/h2>\n<p><a href=\"https:\/\/www.ebilet.pl\/teatr\/spektakle-muzyczne\/to-ja-moze-sie-poloze\"><strong>&#8220;To ja mo\u017ce si\u0119 po\u0142o\u017c\u0119\u201d<\/strong> <strong>Teatru Komedia<\/strong><\/a> to solowy, satyryczno-liryczny spektakl w wykonaniu <strong>Katarzyny Zieli\u0144skiej<\/strong>. Autorami tekst\u00f3w piosenek s\u0105 <strong>Artur Andrus<\/strong> i <strong>Micha\u0142 Chludzi\u0144ski <\/strong>a tekst\u00f3w proz\u0105 <strong>Robert G\u00f3rski<\/strong>. Opiek\u0119 re\u017cysersk\u0105 nad spektaklem sprawuje <strong>Jerzy Jan Po\u0142o\u0144ski <\/strong>a za muzyk\u0119 i aran\u017cacje muzyczne odpowiada <strong>Marcin Partyka<\/strong>.<\/p>\n<p>&#8211; Wszystko w tym monodramie jest osobiste i \u017cadna piosenka nie jest przypadkowa. Wszystkie by\u0142y pisane dla mnie, s\u0105 przeniesieniem moich my\u015bli, moich emocji. Ten spektakl to realizacja mojej potrzeby. Nosi\u0142am si\u0119 z ni\u0105 kilka lat i my\u015bl\u0119, \u017ce znalaz\u0142am taki dobry moment w \u017cyciu, w kt\u00f3rym mam odwag\u0119 opowiedzie\u0107 o moim losie aktorskim &#8211; powiedzia\u0142a PAP Katarzyna Zieli\u0144ska.<\/p>\n<p>OPIS SPEKTAKLU:<\/p>\n<p>&#8220;Niby sama, ale w wielu wcieleniach. Na scenie robi to, co potrafi najlepiej &#8211; jest piosenkark\u0105, tancerk\u0105, akrobatk\u0105, parodystk\u0105, komediantk\u0105, standuperk\u0105 i muzyczk\u0105. S\u0142odko-gorzkie i satyryczno-liryczne przedstawienie, na kt\u00f3re sk\u0142adaj\u0105 si\u0119 teksty i piosenki opowiadaj\u0105ce o \u017cyciu oraz o pracy aktora\/ki. A one bywaj\u0105 i ekscytuj\u0105ce, i frustruj\u0105ce. Na scenie Katarzyna Zieli\u0144ska i muzycy, w towarzystwie tekst\u00f3w autorstwa Artura Andrusa, Micha\u0142a Chludzi\u0144skiego, Roberta G\u00f3rskiego, Tomasza Jachimka i innych.\u00a0<em>To ja mo\u017ce si\u0119 po\u0142o\u017c\u0119<\/em> nie jest zwyk\u0142ym tytu\u0142em, jest zakl\u0119ciem. Najlepiej dzia\u0142a na k\u0142opoty &#8211; wtedy, kiedy chcemy si\u0119 z czego\u015b wypisa\u0107, kiedy mamy dosy\u0107 i kiedy potrzebujemy by\u0107 gdzie\u015b indziej. Tak naprawd\u0119 to starsza siostra dzieci\u0119cego zakl\u0119cia \u201eraz, dwa, trzy, znikasz Ty\u201d. Chcecie zosta\u0107 wtajemniczeni i dowiedzie\u0107 si\u0119 jak rozszerzy\u0107 jego codzienne zastosowanie? Bohaterka naszego muzyczno-satyryczno-lirycznego wieczoru w\u0142ada t\u0105 nie\u0142atw\u0105 sztuk\u0105 po mistrzowsku. <em>To ja mo\u017ce si\u0119 po\u0142o\u017c\u0119<\/em> towarzyszy jej gdy jest \u017ale, dobrze i tak sobie. Po sukcesie zawodowym i w trakcie ma\u0142\u017ce\u0144skiej k\u0142\u00f3tni. Podczas pozowania samotnie na tle celebryckiej \u015bcianki i w czasie \u015bl\u0119czenia z dzieckiem nad prac\u0105 domow\u0105 z matematyki. Wtedy w\u0142a\u015bnie zamiast <em>abrakadabra<\/em> najlepiej powiedzie\u0107: <em>to ja mo\u017ce si\u0119 po\u0142o\u017c\u0119<\/em>. Zr\u00f3bcie sobie prezent i odkryjcie magi\u0119 zdania, kt\u00f3re zadziwiaj\u0105co skutecznie pozwala wychodzi\u0107 z \u017cyciowych opa\u0142\u00f3w. O atmosfer\u0119 i klimat tej lekcji zadbamy zapraszaj\u0105c Was do kawiarnianych stolik\u00f3w Ma\u0142ej Sceny Komedii, gdzie w \u015bwietle lampek i z lampk\u0105 czego\u015b dobrego zobaczycie jak \u015bpiewaj\u0105co i z u\u015bmiechem Katarzyna Zieli\u0144ska potrafi oprowadza\u0107 po najr\u00f3\u017cniejszych rewirach codzienno\u015bci. A b\u0119dzie to podr\u00f3\u017c przy d\u017awi\u0119kach granej na \u017cywo muzyki, pe\u0142na ironii i dystansu, czyli naszych ulubionych \u017cyciowych przypraw&#8221;.<\/p>\n<\/div>\n            <\/div>\n        <\/div>\n    <\/div>\n<\/section>\n\n\n<section class=\"tickets-slider  section-margin-32\"\n    data-tickets-slider\n    data-item-list-name=\"Karuzela z buttonami\"\n    data-item-list-id=\"karuzela_z_buttonami\"\n    >\n    <div class=\"container\">\n        <div class=\"row\">\n            <div class=\"col-24\">\n                <div class=\"tickets-slider__main\">\n                    <div class=\"tickets-slider__nav tickets-slider__nav--prev\">\n                        <div class=\"button button--withIcon button--theme-white-blur button--size-fixed-48\" data-tickets-slider-prev>\n                            <span class=\"button__icon icon icon-chevron-left\"><\/span>\n                        <\/div>\n                    <\/div>\n                    <div class=\"tickets-slider__nav tickets-slider__nav--next\">\n                        <div class=\"button button--withIcon button--theme-white-blur button--size-fixed-48\" data-tickets-slider-next>\n                            <span class=\"button__icon icon icon-chevron-right\"><\/span>\n                        <\/div>\n                    <\/div>\n                    <div class=\"tickets-slider__slider swiper\" data-tickets-slider-slider>\n                        <div class=\"tickets-slider__sliderWrapper swiper-wrapper\">\n                                                            <div class=\"tickets-slider__sliderItem swiper-slide\"\n                                    data-id=\"156057\"\n                                    data-name=\"To ja mo\u017ce si\u0119 po\u0142o\u017c\u0119 \u2013 Ma\u0142a Scena\"\n                                    data-brand=\"\"\n                                    data-category=\"teatr\"\n                                    data-subcategory=\"spektakle-muzyczne\"\n                                    data-city=\"Warszawa\"\n                                    data-venue=\"\">\n                                    <div class=\"tickets-slider__sliderCard\">\n                                        \n<div class=\"card-ticket\">\n        <div class=\"card-ticket__image\">\n        <a href=\"https:\/\/www.ebilet.pl\/teatr\/spektakle-muzyczne\/to-ja-moze-sie-poloze\">\n            <img decoding=\"async\" src=\"https:\/\/www.ebilet.pl\/media\/cms\/media\/1vvkijoh\/552x736_ebilet_to-ja-moze-sie-poloze.webp\" alt=\"Plakat wydarzenia\" \/>\n        <\/a>\n    <\/div>\n             \n    <div class=\"card-ticket__link\">\n        <a href=\"https:\/\/www.ebilet.pl\/teatr\/spektakle-muzyczne\/to-ja-moze-sie-poloze\" class=\"button button--theme-primary-yellow button--withIconLeft button--size-small\">\n            <span class=\"button__icon icon icon-ticket\"><\/span>\n            <p class=\"button__text typo-16 f-600\">Kup bilet<\/p>\n        <\/a>\n    <\/div>\n    <\/div>                                    <\/div>\n                                <\/div>\n                                                    <\/div>\n                    <\/div>\n                <\/div>\n            <\/div>\n        <\/div>\n    <\/div>\n<\/section>\n\n\n<section class=\"text-block  section-margin-32\" >\n    <div class=\"container\">\n        <div class=\"row\">\n            <div class=\"col-24\">\n                <div class=\"text-block__content\"><h2>Zemsta<\/h2>\n<p><a href=\"https:\/\/www.ebilet.pl\/teatr\/komedia\/zemsta\"><strong>&#8220;Zemsta\u201d Teatru Komedia<\/strong><\/a> to klasyczna XIX-wieczna komedia i arcydzie\u0142o literatury polskiej <strong>Aleksandra Fredry<\/strong>, ale we wsp\u00f3\u0142czesnej inscenizacji <strong>Micha\u0142a Zadary<\/strong>. Jak m\u00f3wi re\u017cyser jego realizacja zrywa z podej\u015bciem &#8220;szlachetnie, czyli nudno i po literach\u201d albo &#8220;radykalnie, czyli napisane raz jeszcze\u201d.<\/p>\n<p>W obsadzie zobaczymy: <strong>Macieja Stuhra<\/strong> (Papkin), <strong>Arkadiusza Brykalskiego<\/strong> (Cze\u015bnik), <strong>Bartosza Porczyka<\/strong> (Rejent), <strong>Barbar\u0119 Wysock\u0105<\/strong> (Podstolina), <strong>Filipa Lipieckiego<\/strong> (Wac\u0142aw), <strong>Paulin\u0119 Szostak<\/strong> (Klara), <strong>Monik\u0119 Ciecior\u0119<\/strong> (\u015amigalski), <strong>Miko\u0142aja Woubisheta<\/strong> (Dyndalski), <strong>Damiana Mirg\u0119<\/strong> (Pere\u0142ka, Ochroniarz, Barman) oraz <strong>Roberta Ostolskiego<\/strong>, <strong>Paw\u0142a Stefaniaka<\/strong>, <strong>Krzysztofa Iwa\u0144skiego<\/strong> (Mularze).<\/p>\n<p>OPIS SPEKTAKLU:<\/p>\n<p>&#8220;<em>Zemsta<\/em> w Teatrze Komedia to sztuka, w kt\u00f3rej nikt nie spiera si\u0119 o mur graniczny i nie opowiada o wojnie polsko-polskiej. W spektaklu re\u017cyserowanym przez Micha\u0142a Zadar\u0119 m\u00f3wimy za to o w\u0142adzy, mi\u0142o\u015bci, pieni\u0105dzach i marzeniach. To <em>Zemsta<\/em> wsp\u00f3\u0142cze\u015bnie, ale taka, jakiej chcia\u0142by Fredro. Trwa walka o nieruchomo\u015b\u0107 mi\u0119dzy Cze\u015bnikiem i Rejentem. Obaj s\u0105 bezlito\u015bni i maj\u0105 nadziej\u0119, \u017ce w\u0142adza wyleczy ich z potwornej samotno\u015bci. Sztuka st\u0142amszona przez 150 lat przez poczciwe inscenizacje odradza si\u0119 w Teatrze Komedia jako bezkompromisowy konflikt o maj\u0105tek i wp\u0142ywy. <em>Zemsta<\/em> to sztuka o problemach duchowych bogatych ludzi i o ich nienasyceniu. W \u015bwiecie zemsty potencja\u0142 przemocy jest zawsze wysoki. I czasami przemoc wybucha z byle jakiego powodu, a w spory anga\u017cowane s\u0105 kolejne pokolenia. To inscenizacja w \u015bwiat\u0142ach wielkiego miasta, ale z drugiej strony to r\u00f3wnie\u017c <em>Zemsta<\/em> bez skr\u00f3t\u00f3w, grana wierszem zgodnie z zapisem, nie przepisana na nowo &#8211; i taka, jakiej chcia\u0142 autor: z branymi na powa\u017cnie, skomplikowanymi i \u017cywymi postaciami, kt\u00f3rych \u015bmieszno\u015b\u0107 pot\u0119guje cz\u0119sto tragizm. Je\u015bli my\u015blicie, \u017ce w <em>Zem\u015bcie<\/em> wszystko dzieje si\u0119 z powodu sporu o mur dziel\u0105cy na dwie cz\u0119\u015bci zamek zamieszka\u0142y przez Cze\u015bnika i Rejenta, to u nas dowiecie si\u0119 jak by\u0142o naprawd\u0119. Bo mur nie odgrywa u Fredry \u017cadnej roli fabularnej, jest tylko przyk\u0142adem napi\u0119tej sytuacji. Wszystko mo\u017ce by\u0107 pretekstem do wybuchu przemocy\u2026 nawet kilka cegie\u0142&#8221;.<\/p>\n<\/div>\n            <\/div>\n        <\/div>\n    <\/div>\n<\/section>\n\n\n<section class=\"tickets-slider  section-margin-32\"\n    data-tickets-slider\n    data-item-list-name=\"Karuzela z buttonami\"\n    data-item-list-id=\"karuzela_z_buttonami\"\n    >\n    <div class=\"container\">\n        <div class=\"row\">\n            <div class=\"col-24\">\n                <div class=\"tickets-slider__main\">\n                    <div class=\"tickets-slider__nav tickets-slider__nav--prev\">\n                        <div class=\"button button--withIcon button--theme-white-blur button--size-fixed-48\" data-tickets-slider-prev>\n                            <span class=\"button__icon icon icon-chevron-left\"><\/span>\n                        <\/div>\n                    <\/div>\n                    <div class=\"tickets-slider__nav tickets-slider__nav--next\">\n                        <div class=\"button button--withIcon button--theme-white-blur button--size-fixed-48\" data-tickets-slider-next>\n                            <span class=\"button__icon icon icon-chevron-right\"><\/span>\n                        <\/div>\n                    <\/div>\n                    <div class=\"tickets-slider__slider swiper\" data-tickets-slider-slider>\n                        <div class=\"tickets-slider__sliderWrapper swiper-wrapper\">\n                                                            <div class=\"tickets-slider__sliderItem swiper-slide\"\n                                    data-id=\"142210\"\n                                    data-name=\"Zemsta\"\n                                    data-brand=\"\"\n                                    data-category=\"teatr\"\n                                    data-subcategory=\"komedia\"\n                                    data-city=\"Warszawa\"\n                                    data-venue=\"\">\n                                    <div class=\"tickets-slider__sliderCard\">\n                                        \n<div class=\"card-ticket\">\n        <div class=\"card-ticket__image\">\n        <a href=\"https:\/\/www.ebilet.pl\/teatr\/komedia\/zemsta\">\n            <img decoding=\"async\" src=\"https:\/\/www.ebilet.pl\/media\/cms\/media\/1v3mlrwa\/aa-9bb1b50c-0513-495b-9d7d-ee7604a3c10d.webp\" alt=\"Plakat wydarzenia\" \/>\n        <\/a>\n    <\/div>\n             \n    <div class=\"card-ticket__link\">\n        <a href=\"https:\/\/www.ebilet.pl\/teatr\/komedia\/zemsta\" class=\"button button--theme-primary-yellow button--withIconLeft button--size-small\">\n            <span class=\"button__icon icon icon-ticket\"><\/span>\n            <p class=\"button__text typo-16 f-600\">Kup bilet<\/p>\n        <\/a>\n    <\/div>\n    <\/div>                                    <\/div>\n                                <\/div>\n                                                    <\/div>\n                    <\/div>\n                <\/div>\n            <\/div>\n        <\/div>\n    <\/div>\n<\/section>\n\n\n<section class=\"events-slider-block  section-margin-32\" data-events-slider-block data-carousel-title=\"Gor\u0105ce wydarzenia\" data-carousel-type=\"karuzela_z_t\u0142em\" data-item-list-name=\"Karuzela z t\u0142em Gor\u0105ce wydarzenia\" data-item-list-id=\"karuzela_z_t\u0142em Gor\u0105ce wydarzenia\" >\n    <div class=\"container\">\n        <div class=\"row\">\n            <div class=\"col-24\">\n                <div class=\"events-slider-block__wrapper\">\n                                            <div class=\"events-slider-block__bg\"><img loading=\"lazy\" decoding=\"async\" width=\"1920\" height=\"1080\" src=\"https:\/\/www.ebilet.pl\/now\/app\/uploads\/2024\/11\/shutterstock_459820177-desktop.jpg\" class=\"attachment-full size-full\" alt=\"\" srcset=\"https:\/\/www.ebilet.pl\/now\/app\/uploads\/2024\/11\/shutterstock_459820177-desktop.jpg 1920w, https:\/\/www.ebilet.pl\/now\/app\/uploads\/2024\/11\/shutterstock_459820177-desktop-1024x576.jpg 1024w, https:\/\/www.ebilet.pl\/now\/app\/uploads\/2024\/11\/shutterstock_459820177-desktop-1536x864.jpg 1536w, https:\/\/www.ebilet.pl\/now\/app\/uploads\/2024\/11\/shutterstock_459820177-desktop-1280x720.jpg 1280w, https:\/\/www.ebilet.pl\/now\/app\/uploads\/2024\/11\/shutterstock_459820177-desktop-500x281.jpg 500w, https:\/\/www.ebilet.pl\/now\/app\/uploads\/2024\/11\/shutterstock_459820177-desktop-632x356.jpg 632w, https:\/\/www.ebilet.pl\/now\/app\/uploads\/2024\/11\/shutterstock_459820177-desktop-308x174.jpg 308w\" sizes=\"(max-width: 1920px) 100vw, 1920px\" \/><\/div>\n                                                                <div class=\"events-slider-block__top\">\n                                                            <div class=\"events-slider-block__title desktop\">\n                                    <h2 class=\"typo-h2\">Gor\u0105ce wydarzenia<\/h2>\n                                <\/div>\n                                                                                        <div class=\"events-slider-block__title mobile\">\n                                    <h2 class=\"typo-h2\">Gor\u0105ce wydarzenia<\/h2>\n                                <\/div>\n                                                    <\/div>\n                                                                <div class=\"events-slider-block__main\">\n                            <div class=\"events-slider-block__nav events-slider-block__nav--prev\">\n                                <div class=\"button button--withIcon button--theme-white-blur button--size-fixed-48\" data-events-prev>\n                                    <span class=\"button__icon icon icon-chevron-left\"><\/span>\n                                <\/div>\n                            <\/div>\n                            <div class=\"events-slider-block__nav events-slider-block__nav--next\">\n                                <div class=\"button button--withIcon button--theme-white-blur button--size-fixed-48\" data-events-next>\n                                    <span class=\"button__icon icon icon-chevron-right\"><\/span>\n                                <\/div>\n                            <\/div>\n                            <div class=\"events-slider-block__slider\">\n                                <div class=\"swiper\" data-events-slider>\n                                    <div class=\"events-slider-block__sliderWrapper swiper-wrapper\">\n\n                                        \n                                            <div class=\"events-slider-block__sliderItem swiper-slide event-card\"\n                                                data-id=\"7104\"\n                                                data-name=\"Open&#039;er Festival 2026\"\n                                                data-brand=\"Alter Art\"\n                                                data-category=\"muzyka\"\n                                                data-subcategory=\"festiwale\"\n                                                data-city=\"Gdynia\"\n                                                data-venue=\"Lotnisko Gdynia - Kosakowo\">\n                                                \n<div class=\"card-event  card-event--size-small\">\n        <a href=\"https:\/\/www.ebilet.pl\/muzyka\/festiwale\/opener-festival\" target=\"_blank\" class=\"card-event__link\" rel=\"nofollow noopener\"><\/a>\n        <div class=\"card-event__wrapper\">\n        <div class=\"card-event__image\">\n            <img decoding=\"async\" src=\"https:\/\/www.ebilet.pl\/media\/cms\/media\/qvef4ie4\/opener2026_552x736-e8fd0918-0d0e-47d3-bbe0-f4f0302085e4.webp\" alt=\"\">\n        <\/div>\n        <div class=\"card-event__data\">\n            <div class=\"card-event__name\">\n                <p>Open&#8217;er Festival 2026<\/p>\n            <\/div>\n            <div class=\"card-event__date\">29.05.2026-29.05.2026<\/div>\n            <div class=\"card-event__location\">Gdynia<\/div>\n        <\/div>\n    <\/div>\n<\/div>                                            <\/div>\n                                        \n                                            <div class=\"events-slider-block__sliderItem swiper-slide event-card\"\n                                                data-id=\"37617\"\n                                                data-name=\"Editors\"\n                                                data-brand=\"Alter Art\"\n                                                data-category=\"muzyka\"\n                                                data-subcategory=\"rock\"\n                                                data-city=\"Warszawa\"\n                                                data-venue=\"Klub Stodo\u0142a\">\n                                                \n<div class=\"card-event  card-event--size-small\">\n        <a href=\"https:\/\/www.ebilet.pl\/muzyka\/rock\/editors\" target=\"_blank\" class=\"card-event__link\" rel=\"nofollow noopener\"><\/a>\n        <div class=\"card-event__wrapper\">\n        <div class=\"card-event__image\">\n            <img decoding=\"async\" src=\"https:\/\/www.ebilet.pl\/media\/cms\/media\/cbfdkmu2\/editors_2027_552x736_ebilet-7c254908-ec0a-4f27-8a1c-ff7961cef0cd.webp\" alt=\"\">\n        <\/div>\n        <div class=\"card-event__data\">\n            <div class=\"card-event__name\">\n                <p>Editors<\/p>\n            <\/div>\n            <div class=\"card-event__date\">10.02.2027-10.02.2027<\/div>\n            <div class=\"card-event__location\">Warszawa<\/div>\n        <\/div>\n    <\/div>\n<\/div>                                            <\/div>\n                                        \n                                            <div class=\"events-slider-block__sliderItem swiper-slide event-card\"\n                                                data-id=\"13630\"\n                                                data-name=\"M\u0119skie Granie 2026\"\n                                                data-brand=\"LIVE Sp. z o.o.\"\n                                                data-category=\"muzyka\"\n                                                data-subcategory=\"festiwale\"\n                                                data-city=\"Gda\u0144sk, Krak\u00f3w, Pozna\u0144 i inne\"\n                                                data-venue=\"\u017bywiec Amfiteatr pod Grojcem\">\n                                                \n<div class=\"card-event  card-event--size-small\">\n        <a href=\"https:\/\/www.ebilet.pl\/muzyka\/festiwale\/meskie-granie\" target=\"_blank\" class=\"card-event__link\" rel=\"nofollow noopener\"><\/a>\n        <div class=\"card-event__wrapper\">\n        <div class=\"card-event__image\">\n            <img decoding=\"async\" src=\"https:\/\/www.ebilet.pl\/media\/cms\/media\/otqfs0tb\/552x736-11-18222119-c0b1-48d3-9da6-2d9f34d401ee.webp\" alt=\"\">\n        <\/div>\n        <div class=\"card-event__data\">\n            <div class=\"card-event__name\">\n                <p>M\u0119skie Granie 2026<\/p>\n            <\/div>\n            <div class=\"card-event__date\">26.06.2026-26.06.2026<\/div>\n            <div class=\"card-event__location\">Gda\u0144sk, Krak\u00f3w, Pozna\u0144 i inne<\/div>\n        <\/div>\n    <\/div>\n<\/div>                                            <\/div>\n                                        \n                                            <div class=\"events-slider-block__sliderItem swiper-slide event-card\"\n                                                data-id=\"146847\"\n                                                data-name=\"Gdzie na maj\u00f3wk\u0119 2026?\"\n                                                data-brand=\"eBilet\"\n                                                data-category=\"biznes\"\n                                                data-subcategory=\"pozostale\"\n                                                data-city=\"\"\n                                                data-venue=\"\">\n                                                \n<div class=\"card-event  card-event--size-small\">\n        <a href=\"https:\/\/www.ebilet.pl\/biznes\/pozostale\/majowka\" target=\"_blank\" class=\"card-event__link\" rel=\"nofollow noopener\"><\/a>\n        <div class=\"card-event__wrapper\">\n        <div class=\"card-event__image\">\n            <img decoding=\"async\" src=\"https:\/\/www.ebilet.pl\/media\/cms\/media\/0ykhdlea\/552x736.webp\" alt=\"\">\n        <\/div>\n        <div class=\"card-event__data\">\n            <div class=\"card-event__name\">\n                <p>Gdzie na maj\u00f3wk\u0119 2026?<\/p>\n            <\/div>\n            <div class=\"card-event__date\"><\/div>\n            <div class=\"card-event__location\"><\/div>\n        <\/div>\n    <\/div>\n<\/div>                                            <\/div>\n                                        \n                                            <div class=\"events-slider-block__sliderItem swiper-slide event-card\"\n                                                data-id=\"10086\"\n                                                data-name=\"Orange Warsaw Festival 2026\"\n                                                data-brand=\"Alter Art\"\n                                                data-category=\"muzyka\"\n                                                data-subcategory=\"festiwale\"\n                                                data-city=\"Warszawa\"\n                                                data-venue=\"Tor Wy\u015bcig\u00f3w Konnych Warszawa - S\u0142u\u017cewiec\">\n                                                \n<div class=\"card-event  card-event--size-small\">\n        <a href=\"https:\/\/www.ebilet.pl\/muzyka\/festiwale\/orange-warsaw-festival\" target=\"_blank\" class=\"card-event__link\" rel=\"nofollow noopener\"><\/a>\n        <div class=\"card-event__wrapper\">\n        <div class=\"card-event__image\">\n            <img decoding=\"async\" src=\"https:\/\/www.ebilet.pl\/media\/cms\/media\/bxnh21tr\/owf_2026_ebilet_552x736-94c1b52f-1e91-4861-ba57-03b21dcd6346.webp\" alt=\"\">\n        <\/div>\n        <div class=\"card-event__data\">\n            <div class=\"card-event__name\">\n                <p>Orange Warsaw Festival 2026<\/p>\n            <\/div>\n            <div class=\"card-event__date\">29.05.2026-29.05.2026<\/div>\n            <div class=\"card-event__location\">Warszawa<\/div>\n        <\/div>\n    <\/div>\n<\/div>                                            <\/div>\n                                        \n                                            <div class=\"events-slider-block__sliderItem swiper-slide event-card\"\n                                                data-id=\"205645\"\n                                                data-name=\"Bezpieczna odsprzeda\u017c w apce eBilet\"\n                                                data-brand=\"eBilet\"\n                                                data-category=\"biznes\"\n                                                data-subcategory=\"pozostale\"\n                                                data-city=\"\"\n                                                data-venue=\"\">\n                                                \n<div class=\"card-event  card-event--size-small\">\n        <a href=\"https:\/\/www.ebilet.pl\/biznes\/pozostale\/odsprzedaz\" target=\"_blank\" class=\"card-event__link\" rel=\"nofollow noopener\"><\/a>\n        <div class=\"card-event__wrapper\">\n        <div class=\"card-event__image\">\n            <img decoding=\"async\" src=\"https:\/\/www.ebilet.pl\/media\/cms\/media\/lkwf0krx\/552x736-1.webp\" alt=\"\">\n        <\/div>\n        <div class=\"card-event__data\">\n            <div class=\"card-event__name\">\n                <p>Bezpieczna odsprzeda\u017c w apce eBilet<\/p>\n            <\/div>\n            <div class=\"card-event__date\"><\/div>\n            <div class=\"card-event__location\"><\/div>\n        <\/div>\n    <\/div>\n<\/div>                                            <\/div>\n                                        \n                                            <div class=\"events-slider-block__sliderItem swiper-slide event-card\"\n                                                data-id=\"145251\"\n                                                data-name=\"Juwenalia Politechniki Lubelskiej 2026\"\n                                                data-brand=\"EVENT STUDIO KOWALEWSKI BRE\u015a Sp. J.\"\n                                                data-category=\"muzyka\"\n                                                data-subcategory=\"festiwale\"\n                                                data-city=\"Lublin\"\n                                                data-venue=\"Tereny Zielone Politechniki Lubelskiej\">\n                                                \n<div class=\"card-event  card-event--size-small\">\n        <a href=\"https:\/\/www.ebilet.pl\/muzyka\/festiwale\/juwenalia-politechniki-lubelskiej\" target=\"_blank\" class=\"card-event__link\" rel=\"nofollow noopener\"><\/a>\n        <div class=\"card-event__wrapper\">\n        <div class=\"card-event__image\">\n            <img decoding=\"async\" src=\"https:\/\/www.ebilet.pl\/media\/cms\/media\/banlyonx\/552x736-1-f8bcb3b5-3fce-455f-89a1-2ee3034689b1.webp\" alt=\"\">\n        <\/div>\n        <div class=\"card-event__data\">\n            <div class=\"card-event__name\">\n                <p>Juwenalia Politechniki Lubelskiej 2026<\/p>\n            <\/div>\n            <div class=\"card-event__date\">08.05.2026-08.05.2026<\/div>\n            <div class=\"card-event__location\">Lublin<\/div>\n        <\/div>\n    <\/div>\n<\/div>                                            <\/div>\n                                        \n                                            <div class=\"events-slider-block__sliderItem swiper-slide event-card\"\n                                                data-id=\"77334\"\n                                                data-name=\"OneRepublic\"\n                                                data-brand=\"Live Nation\"\n                                                data-category=\"muzyka\"\n                                                data-subcategory=\"pop\"\n                                                data-city=\"Krak\u00f3w\"\n                                                data-venue=\"TAURON Arena Krak\u00f3w\">\n                                                \n<div class=\"card-event  card-event--size-small\">\n        <a href=\"https:\/\/www.ebilet.pl\/muzyka\/pop\/onerepublic\" target=\"_blank\" class=\"card-event__link\" rel=\"nofollow noopener\"><\/a>\n        <div class=\"card-event__wrapper\">\n        <div class=\"card-event__image\">\n            <img decoding=\"async\" src=\"https:\/\/www.ebilet.pl\/media\/cms\/media\/lpojz0b2\/or_552x736-d7c2e53e-d6f0-453c-b540-3c006a0c9314.webp\" alt=\"\">\n        <\/div>\n        <div class=\"card-event__data\">\n            <div class=\"card-event__name\">\n                <p>OneRepublic<\/p>\n            <\/div>\n            <div class=\"card-event__date\">30.06.2026-30.06.2026<\/div>\n            <div class=\"card-event__location\">Krak\u00f3w<\/div>\n        <\/div>\n    <\/div>\n<\/div>                                            <\/div>\n                                        \n                                            <div class=\"events-slider-block__sliderItem swiper-slide event-card\"\n                                                data-id=\"48780\"\n                                                data-name=\"Mistrzostwa \u015awiata w koszyk\u00f3wce 3x3 2026\"\n                                                data-brand=\"Polski Zwi\u0105zek Koszyk\u00f3wki\"\n                                                data-category=\"sport\"\n                                                data-subcategory=\"sporty-druzynowe\"\n                                                data-city=\"Warszawa\"\n                                                data-venue=\"Plac Defilad \">\n                                                \n<div class=\"card-event  card-event--size-small\">\n        <a href=\"https:\/\/www.ebilet.pl\/sport\/sporty-druzynowe\/koszykowka\" target=\"_blank\" class=\"card-event__link\" rel=\"nofollow noopener\"><\/a>\n        <div class=\"card-event__wrapper\">\n        <div class=\"card-event__image\">\n            <img decoding=\"async\" src=\"https:\/\/www.ebilet.pl\/media\/cms\/media\/40dkh4qd\/552x739-961a0af8-0c70-4f76-b55e-bf23fa63fae4.webp\" alt=\"\">\n        <\/div>\n        <div class=\"card-event__data\">\n            <div class=\"card-event__name\">\n                <p>Mistrzostwa \u015awiata w koszyk\u00f3wce 3&#215;3 2026<\/p>\n            <\/div>\n            <div class=\"card-event__date\">01.06.2026-01.06.2026<\/div>\n            <div class=\"card-event__location\">Warszawa<\/div>\n        <\/div>\n    <\/div>\n<\/div>                                            <\/div>\n                                        \n                                            <div class=\"events-slider-block__sliderItem swiper-slide event-card\"\n                                                data-id=\"16543\"\n                                                data-name=\"Rozta\u0144czony PGE Narodowy 2026\"\n                                                data-brand=\"KRYSIAK POLSKA CORPORATION Sp. z o.o.\"\n                                                data-category=\"muzyka\"\n                                                data-subcategory=\"festiwale\"\n                                                data-city=\"Warszawa\"\n                                                data-venue=\"PGE Narodowy im. Kazimierza G\u00f3rskiego\">\n                                                \n<div class=\"card-event  card-event--size-small\">\n        <a href=\"https:\/\/www.ebilet.pl\/muzyka\/festiwale\/roztanczony-narodowy\" target=\"_blank\" class=\"card-event__link\" rel=\"nofollow noopener\"><\/a>\n        <div class=\"card-event__wrapper\">\n        <div class=\"card-event__image\">\n            <img decoding=\"async\" src=\"https:\/\/www.ebilet.pl\/media\/cms\/media\/vzjkxgps\/portal_basic.webp\" alt=\"\">\n        <\/div>\n        <div class=\"card-event__data\">\n            <div class=\"card-event__name\">\n                <p>Rozta\u0144czony PGE Narodowy 2026<\/p>\n            <\/div>\n            <div class=\"card-event__date\">10.10.2026-10.10.2026<\/div>\n            <div class=\"card-event__location\">Warszawa<\/div>\n        <\/div>\n    <\/div>\n<\/div>                                            <\/div>\n                                        \n                                            <div class=\"events-slider-block__sliderItem swiper-slide event-card\"\n                                                data-id=\"5930\"\n                                                data-name=\"Audioriver Festival 2026\"\n                                                data-brand=\"Audioriver Sp. z o.o.\"\n                                                data-category=\"muzyka\"\n                                                data-subcategory=\"festiwale\"\n                                                data-city=\"\u0141\u00f3d\u017a\"\n                                                data-venue=\"B\u0142onia \u0141\u00f3dzkie\">\n                                                \n<div class=\"card-event  card-event--size-small\">\n        <a href=\"https:\/\/www.ebilet.pl\/muzyka\/festiwale\/audioriver\" target=\"_blank\" class=\"card-event__link\" rel=\"nofollow noopener\"><\/a>\n        <div class=\"card-event__wrapper\">\n        <div class=\"card-event__image\">\n            <img decoding=\"async\" src=\"https:\/\/www.ebilet.pl\/media\/cms\/media\/gfjpcqll\/so-far5-pion-84d088fb-d165-4b1b-b069-77f1f8fa737b.webp\" alt=\"\">\n        <\/div>\n        <div class=\"card-event__data\">\n            <div class=\"card-event__name\">\n                <p>Audioriver Festival 2026<\/p>\n            <\/div>\n            <div class=\"card-event__date\">10.07.2026-10.07.2026<\/div>\n            <div class=\"card-event__location\">\u0141\u00f3d\u017a<\/div>\n        <\/div>\n    <\/div>\n<\/div>                                            <\/div>\n                                        \n                                            <div class=\"events-slider-block__sliderItem swiper-slide event-card\"\n                                                data-id=\"179828\"\n                                                data-name=\"XTB KSW 119\"\n                                                data-brand=\"Federacja KSW\"\n                                                data-category=\"sport\"\n                                                data-subcategory=\"sporty-walki\"\n                                                data-city=\"Radom\"\n                                                data-venue=\"Radomskie Centrum Sportu\">\n                                                \n<div class=\"card-event  card-event--size-small\">\n        <a href=\"https:\/\/www.ebilet.pl\/sport\/sporty-walki\/gala-ksw\" target=\"_blank\" class=\"card-event__link\" rel=\"nofollow noopener\"><\/a>\n        <div class=\"card-event__wrapper\">\n        <div class=\"card-event__image\">\n            <img decoding=\"async\" src=\"https:\/\/www.ebilet.pl\/media\/cms\/media\/hxkpcc3z\/ksw119_552x736-kopia-cd3dc132-b7af-417f-9575-966793c590a0.webp\" alt=\"\">\n        <\/div>\n        <div class=\"card-event__data\">\n            <div class=\"card-event__name\">\n                <p>XTB KSW 119<\/p>\n            <\/div>\n            <div class=\"card-event__date\">20.06.2026-20.06.2026<\/div>\n            <div class=\"card-event__location\">Radom<\/div>\n        <\/div>\n    <\/div>\n<\/div>                                            <\/div>\n                                        \n                                            <div class=\"events-slider-block__sliderItem swiper-slide event-card\"\n                                                data-id=\"29716\"\n                                                data-name=\"ATB | FINAL CHAPTER | POLAND TOUR\"\n                                                data-brand=\"HOT STAFF\"\n                                                data-category=\"muzyka\"\n                                                data-subcategory=\"elektro-techno\"\n                                                data-city=\"Bia\u0142ystok, Bydgoszcz, Gdynia i inne\"\n                                                data-venue=\"Wakepark Bydgoszcz\/My\u015bl\u0119cinek\">\n                                                \n<div class=\"card-event  card-event--size-small\">\n        <a href=\"https:\/\/www.ebilet.pl\/muzyka\/elektro-techno\/atb\" target=\"_blank\" class=\"card-event__link\" rel=\"nofollow noopener\"><\/a>\n        <div class=\"card-event__wrapper\">\n        <div class=\"card-event__image\">\n            <img decoding=\"async\" src=\"https:\/\/www.ebilet.pl\/media\/cms\/media\/lfio3ow5\/ebilet-pion-2.webp\" alt=\"\">\n        <\/div>\n        <div class=\"card-event__data\">\n            <div class=\"card-event__name\">\n                <p>ATB | FINAL CHAPTER | POLAND TOUR<\/p>\n            <\/div>\n            <div class=\"card-event__date\">28.08.2026-28.08.2026<\/div>\n            <div class=\"card-event__location\">Bia\u0142ystok, Bydgoszcz, Gdynia i inne<\/div>\n        <\/div>\n    <\/div>\n<\/div>                                            <\/div>\n                                        \n                                            <div class=\"events-slider-block__sliderItem swiper-slide event-card\"\n                                                data-id=\"169470\"\n                                                data-name=\"Morrissey\"\n                                                data-brand=\"Winiary Bookings sp. z o. o.\"\n                                                data-category=\"muzyka\"\n                                                data-subcategory=\"rock\"\n                                                data-city=\"Warszawa\"\n                                                data-venue=\"Letnia Scena Progresji\">\n                                                \n<div class=\"card-event  card-event--size-small\">\n        <a href=\"https:\/\/www.ebilet.pl\/muzyka\/rock\/morrissey\" target=\"_blank\" class=\"card-event__link\" rel=\"nofollow noopener\"><\/a>\n        <div class=\"card-event__wrapper\">\n        <div class=\"card-event__image\">\n            <img decoding=\"async\" src=\"https:\/\/www.ebilet.pl\/media\/cms\/media\/v0fhczer\/morrissey-ebilet-strona-wydarzenia-pion-warszawa-2b0fb3a5-f2dd-4773-8334-2fab1e2a5a89.webp\" alt=\"\">\n        <\/div>\n        <div class=\"card-event__data\">\n            <div class=\"card-event__name\">\n                <p>Morrissey<\/p>\n            <\/div>\n            <div class=\"card-event__date\">09.07.2026-09.07.2026<\/div>\n            <div class=\"card-event__location\">Warszawa<\/div>\n        <\/div>\n    <\/div>\n<\/div>                                            <\/div>\n                                        \n                                            <div class=\"events-slider-block__sliderItem swiper-slide event-card\"\n                                                data-id=\"129853\"\n                                                data-name=\"Beksi\u0144ski.Live\"\n                                                data-brand=\"L2L Sp z o.o.\"\n                                                data-category=\"widowiska\"\n                                                data-subcategory=\"inne\"\n                                                data-city=\"Warszawa, Wroc\u0142aw\"\n                                                data-venue=\"Hala COS Torwar \">\n                                                \n<div class=\"card-event  card-event--size-small\">\n        <a href=\"https:\/\/www.ebilet.pl\/widowiska\/inne\/beksinski-live\" target=\"_blank\" class=\"card-event__link\" rel=\"nofollow noopener\"><\/a>\n        <div class=\"card-event__wrapper\">\n        <div class=\"card-event__image\">\n            <img decoding=\"async\" src=\"https:\/\/www.ebilet.pl\/media\/cms\/media\/rcpokc02\/552x736-2026-04-27t161822058.webp\" alt=\"\">\n        <\/div>\n        <div class=\"card-event__data\">\n            <div class=\"card-event__name\">\n                <p>Beksi\u0144ski.Live<\/p>\n            <\/div>\n            <div class=\"card-event__date\">20.09.2026-20.09.2026<\/div>\n            <div class=\"card-event__location\">Warszawa, Wroc\u0142aw<\/div>\n        <\/div>\n    <\/div>\n<\/div>                                            <\/div>\n                                        \n                                            <div class=\"events-slider-block__sliderItem swiper-slide event-card\"\n                                                data-id=\"203961\"\n                                                data-name=\"Circoloco Warsaw\"\n                                                data-brand=\"Awake Events Sp. z o.o.\"\n                                                data-category=\"muzyka\"\n                                                data-subcategory=\"festiwale\"\n                                                data-city=\"Warszawa\"\n                                                data-venue=\"Pa\u0142ac w Wilanowie\">\n                                                \n<div class=\"card-event  card-event--size-small\">\n        <a href=\"https:\/\/www.ebilet.pl\/muzyka\/festiwale\/circoloco-warsaw\" target=\"_blank\" class=\"card-event__link\" rel=\"nofollow noopener\"><\/a>\n        <div class=\"card-event__wrapper\">\n        <div class=\"card-event__image\">\n            <img decoding=\"async\" src=\"https:\/\/www.ebilet.pl\/media\/cms\/media\/moylgab4\/strona-wydarzenia-pion-a2233c6c-8b45-46d1-88c7-c2b6d8631f7f.webp\" alt=\"\">\n        <\/div>\n        <div class=\"card-event__data\">\n            <div class=\"card-event__name\">\n                <p>Circoloco Warsaw<\/p>\n            <\/div>\n            <div class=\"card-event__date\">09.05.2026-09.05.2026<\/div>\n            <div class=\"card-event__location\">Warszawa<\/div>\n        <\/div>\n    <\/div>\n<\/div>                                            <\/div>\n                                        \n                                            <div class=\"events-slider-block__sliderItem swiper-slide event-card\"\n                                                data-id=\"63906\"\n                                                data-name=\"Mecze towarzyskie Reprezentacji Polski m\u0119\u017cczyzn w siatk\u00f3wce\"\n                                                data-brand=\"Polska Siatk\u00f3wka Sp. z o.o.\"\n                                                data-category=\"sport\"\n                                                data-subcategory=\"sporty-druzynowe\"\n                                                data-city=\"Katowice, Sosnowiec\"\n                                                data-venue=\"ArcelorMittal Park w Sosnowcu\">\n                                                \n<div class=\"card-event  card-event--size-small\">\n        <a href=\"https:\/\/www.ebilet.pl\/sport\/sporty-druzynowe\/mecz-siatkowki\" target=\"_blank\" class=\"card-event__link\" rel=\"nofollow noopener\"><\/a>\n        <div class=\"card-event__wrapper\">\n        <div class=\"card-event__image\">\n            <img decoding=\"async\" src=\"https:\/\/www.ebilet.pl\/media\/cms\/media\/paxoijep\/mecz-1-e7ebdff4-0eeb-4b41-87f8-b8cc79cca9e1.webp\" alt=\"\">\n        <\/div>\n        <div class=\"card-event__data\">\n            <div class=\"card-event__name\">\n                <p>Mecze towarzyskie Reprezentacji Polski m\u0119\u017cczyzn w siatk\u00f3wce<\/p>\n            <\/div>\n            <div class=\"card-event__date\">20.05.2026-20.05.2026<\/div>\n            <div class=\"card-event__location\">Katowice, Sosnowiec<\/div>\n        <\/div>\n    <\/div>\n<\/div>                                            <\/div>\n                                        \n                                            <div class=\"events-slider-block__sliderItem swiper-slide event-card\"\n                                                data-id=\"94598\"\n                                                data-name=\"FAME 31\"\n                                                data-brand=\"Fame MMA\"\n                                                data-category=\"sport\"\n                                                data-subcategory=\"sporty-walki\"\n                                                data-city=\"Koszalin\"\n                                                data-venue=\"Hala Widowiskowo-Sportowa w Koszalinie\">\n                                                \n<div class=\"card-event  card-event--size-small\">\n        <a href=\"https:\/\/www.ebilet.pl\/sport\/sporty-walki\/fame-mma\" target=\"_blank\" class=\"card-event__link\" rel=\"nofollow noopener\"><\/a>\n        <div class=\"card-event__wrapper\">\n        <div class=\"card-event__image\">\n            <img decoding=\"async\" src=\"https:\/\/www.ebilet.pl\/media\/cms\/media\/24lbxjty\/fame31-cover-ebilet-552x736.webp\" alt=\"\">\n        <\/div>\n        <div class=\"card-event__data\">\n            <div class=\"card-event__name\">\n                <p>FAME 31<\/p>\n            <\/div>\n            <div class=\"card-event__date\">09.05.2026-09.05.2026<\/div>\n            <div class=\"card-event__location\">Koszalin<\/div>\n        <\/div>\n    <\/div>\n<\/div>                                            <\/div>\n                                        \n                                            <div class=\"events-slider-block__sliderItem swiper-slide event-card\"\n                                                data-id=\"122369\"\n                                                data-name=\"Juwenalia Bia\u0142ystok 2026\"\n                                                data-brand=\"Stowarzyszenie Absolwent\u00f3w Politechniki Bia\u0142ostockiej\"\n                                                data-category=\"muzyka\"\n                                                data-subcategory=\"festiwale\"\n                                                data-city=\"Bia\u0142ystok\"\n                                                data-venue=\"Kampus Politechniki Bia\u0142ostockiej\">\n                                                \n<div class=\"card-event  card-event--size-small\">\n        <a href=\"https:\/\/www.ebilet.pl\/muzyka\/festiwale\/juwenalia-bialystok\" target=\"_blank\" class=\"card-event__link\" rel=\"nofollow noopener\"><\/a>\n        <div class=\"card-event__wrapper\">\n        <div class=\"card-event__image\">\n            <img decoding=\"async\" src=\"https:\/\/www.ebilet.pl\/media\/cms\/media\/asjhgbps\/zmiana_cen-4-7146495d-d552-47ad-8418-371049c6dcd0.webp\" alt=\"\">\n        <\/div>\n        <div class=\"card-event__data\">\n            <div class=\"card-event__name\">\n                <p>Juwenalia Bia\u0142ystok 2026<\/p>\n            <\/div>\n            <div class=\"card-event__date\">15.05.2026-15.05.2026<\/div>\n            <div class=\"card-event__location\">Bia\u0142ystok<\/div>\n        <\/div>\n    <\/div>\n<\/div>                                            <\/div>\n                                        \n                                            <div class=\"events-slider-block__sliderItem swiper-slide event-card\"\n                                                data-id=\"8112\"\n                                                data-name=\"21. Tauron Nowa Muzyka Katowice 2026\"\n                                                data-brand=\"Fundacja Nowa Muzyka Katowice\"\n                                                data-category=\"muzyka\"\n                                                data-subcategory=\"festiwale\"\n                                                data-city=\"Katowice\"\n                                                data-venue=\"Narodowa Orkiestra Symfoniczna Polskiego Radia - NOSPR\">\n                                                \n<div class=\"card-event  card-event--size-small\">\n        <a href=\"https:\/\/www.ebilet.pl\/muzyka\/festiwale\/tauron-nowa-muzyka\" target=\"_blank\" class=\"card-event__link\" rel=\"nofollow noopener\"><\/a>\n        <div class=\"card-event__wrapper\">\n        <div class=\"card-event__image\">\n            <img decoding=\"async\" src=\"https:\/\/www.ebilet.pl\/media\/cms\/media\/ksnpugtd\/secret-stage-12d20587-5578-4e4b-baa0-104b56bea764.webp\" alt=\"\">\n        <\/div>\n        <div class=\"card-event__data\">\n            <div class=\"card-event__name\">\n                <p>21. Tauron Nowa Muzyka Katowice 2026<\/p>\n            <\/div>\n            <div class=\"card-event__date\">04.06.2026-04.06.2026<\/div>\n            <div class=\"card-event__location\">Katowice<\/div>\n        <\/div>\n    <\/div>\n<\/div>                                            <\/div>\n                                                                            <\/div>\n                                <\/div>\n                            <\/div>\n                            <div class=\"events-slider-block__events swiper\" data-events-events-descriptions>\n                                <div class=\"events-slider-block__eventsWrapper swiper-wrapper\">\n                                                                            <div class=\"events-slider-block__eventsItem swiper-slide\">\n                                            <a href=\"https:\/\/www.ebilet.pl\/muzyka\/festiwale\/opener-festival\" target=\"_blank\" class=\"events-slider-block__eventsName\">\n                                                <p>Open&#8217;er Festival 2026<\/p>\n                                            <\/a>\n                                            <div class=\"events-slider-block__eventsDate\">29.05.2026-04.07.2026<\/div>\n                                            <div class=\"events-slider-block__eventsLocation\"><\/div>\n                                        <\/div>\n                                                                            <div class=\"events-slider-block__eventsItem swiper-slide\">\n                                            <a href=\"https:\/\/www.ebilet.pl\/muzyka\/rock\/editors\" target=\"_blank\" class=\"events-slider-block__eventsName\">\n                                                <p>Editors<\/p>\n                                            <\/a>\n                                            <div class=\"events-slider-block__eventsDate\">10.02.2027-10.02.2027<\/div>\n                                            <div class=\"events-slider-block__eventsLocation\"><\/div>\n                                        <\/div>\n                                                                            <div class=\"events-slider-block__eventsItem swiper-slide\">\n                                            <a href=\"https:\/\/www.ebilet.pl\/muzyka\/festiwale\/meskie-granie\" target=\"_blank\" class=\"events-slider-block__eventsName\">\n                                                <p>M\u0119skie Granie 2026<\/p>\n                                            <\/a>\n                                            <div class=\"events-slider-block__eventsDate\">26.06.2026-22.08.2026<\/div>\n                                            <div class=\"events-slider-block__eventsLocation\"><\/div>\n                                        <\/div>\n                                                                            <div class=\"events-slider-block__eventsItem swiper-slide\">\n                                            <a href=\"https:\/\/www.ebilet.pl\/biznes\/pozostale\/majowka\" target=\"_blank\" class=\"events-slider-block__eventsName\">\n                                                <p>Gdzie na maj\u00f3wk\u0119 2026?<\/p>\n                                            <\/a>\n                                            <div class=\"events-slider-block__eventsDate\">01.01.1970-01.01.1970<\/div>\n                                            <div class=\"events-slider-block__eventsLocation\"><\/div>\n                                        <\/div>\n                                                                            <div class=\"events-slider-block__eventsItem swiper-slide\">\n                                            <a href=\"https:\/\/www.ebilet.pl\/muzyka\/festiwale\/orange-warsaw-festival\" target=\"_blank\" class=\"events-slider-block__eventsName\">\n                                                <p>Orange Warsaw Festival 2026<\/p>\n                                            <\/a>\n                                            <div class=\"events-slider-block__eventsDate\">29.05.2026-30.05.2026<\/div>\n                                            <div class=\"events-slider-block__eventsLocation\"><\/div>\n                                        <\/div>\n                                                                            <div class=\"events-slider-block__eventsItem swiper-slide\">\n                                            <a href=\"https:\/\/www.ebilet.pl\/biznes\/pozostale\/odsprzedaz\" target=\"_blank\" class=\"events-slider-block__eventsName\">\n                                                <p>Bezpieczna odsprzeda\u017c w apce eBilet<\/p>\n                                            <\/a>\n                                            <div class=\"events-slider-block__eventsDate\">01.01.1970-01.01.1970<\/div>\n                                            <div class=\"events-slider-block__eventsLocation\"><\/div>\n                                        <\/div>\n                                                                            <div class=\"events-slider-block__eventsItem swiper-slide\">\n                                            <a href=\"https:\/\/www.ebilet.pl\/muzyka\/festiwale\/juwenalia-politechniki-lubelskiej\" target=\"_blank\" class=\"events-slider-block__eventsName\">\n                                                <p>Juwenalia Politechniki Lubelskiej 2026<\/p>\n                                            <\/a>\n                                            <div class=\"events-slider-block__eventsDate\">08.05.2026-09.05.2026<\/div>\n                                            <div class=\"events-slider-block__eventsLocation\"><\/div>\n                                        <\/div>\n                                                                            <div class=\"events-slider-block__eventsItem swiper-slide\">\n                                            <a href=\"https:\/\/www.ebilet.pl\/muzyka\/pop\/onerepublic\" target=\"_blank\" class=\"events-slider-block__eventsName\">\n                                                <p>OneRepublic<\/p>\n                                            <\/a>\n                                            <div class=\"events-slider-block__eventsDate\">30.06.2026-30.06.2026<\/div>\n                                            <div class=\"events-slider-block__eventsLocation\"><\/div>\n                                        <\/div>\n                                                                            <div class=\"events-slider-block__eventsItem swiper-slide\">\n                                            <a href=\"https:\/\/www.ebilet.pl\/sport\/sporty-druzynowe\/koszykowka\" target=\"_blank\" class=\"events-slider-block__eventsName\">\n                                                <p>Mistrzostwa \u015awiata w koszyk\u00f3wce 3&#215;3 2026<\/p>\n                                            <\/a>\n                                            <div class=\"events-slider-block__eventsDate\">01.06.2026-07.06.2026<\/div>\n                                            <div class=\"events-slider-block__eventsLocation\"><\/div>\n                                        <\/div>\n                                                                            <div class=\"events-slider-block__eventsItem swiper-slide\">\n                                            <a href=\"https:\/\/www.ebilet.pl\/muzyka\/festiwale\/roztanczony-narodowy\" target=\"_blank\" class=\"events-slider-block__eventsName\">\n                                                <p>Rozta\u0144czony PGE Narodowy 2026<\/p>\n                                            <\/a>\n                                            <div class=\"events-slider-block__eventsDate\">10.10.2026-10.10.2026<\/div>\n                                            <div class=\"events-slider-block__eventsLocation\"><\/div>\n                                        <\/div>\n                                                                            <div class=\"events-slider-block__eventsItem swiper-slide\">\n                                            <a href=\"https:\/\/www.ebilet.pl\/muzyka\/festiwale\/audioriver\" target=\"_blank\" class=\"events-slider-block__eventsName\">\n                                                <p>Audioriver Festival 2026<\/p>\n                                            <\/a>\n                                            <div class=\"events-slider-block__eventsDate\">10.07.2026-12.07.2026<\/div>\n                                            <div class=\"events-slider-block__eventsLocation\"><\/div>\n                                        <\/div>\n                                                                            <div class=\"events-slider-block__eventsItem swiper-slide\">\n                                            <a href=\"https:\/\/www.ebilet.pl\/sport\/sporty-walki\/gala-ksw\" target=\"_blank\" class=\"events-slider-block__eventsName\">\n                                                <p>XTB KSW 119<\/p>\n                                            <\/a>\n                                            <div class=\"events-slider-block__eventsDate\">20.06.2026-20.06.2026<\/div>\n                                            <div class=\"events-slider-block__eventsLocation\"><\/div>\n                                        <\/div>\n                                                                            <div class=\"events-slider-block__eventsItem swiper-slide\">\n                                            <a href=\"https:\/\/www.ebilet.pl\/muzyka\/elektro-techno\/atb\" target=\"_blank\" class=\"events-slider-block__eventsName\">\n                                                <p>ATB | FINAL CHAPTER | POLAND TOUR<\/p>\n                                            <\/a>\n                                            <div class=\"events-slider-block__eventsDate\">28.08.2026-12.12.2026<\/div>\n                                            <div class=\"events-slider-block__eventsLocation\"><\/div>\n                                        <\/div>\n                                                                            <div class=\"events-slider-block__eventsItem swiper-slide\">\n                                            <a href=\"https:\/\/www.ebilet.pl\/muzyka\/rock\/morrissey\" target=\"_blank\" class=\"events-slider-block__eventsName\">\n                                                <p>Morrissey<\/p>\n                                            <\/a>\n                                            <div class=\"events-slider-block__eventsDate\">09.07.2026-09.07.2026<\/div>\n                                            <div class=\"events-slider-block__eventsLocation\"><\/div>\n                                        <\/div>\n                                                                            <div class=\"events-slider-block__eventsItem swiper-slide\">\n                                            <a href=\"https:\/\/www.ebilet.pl\/widowiska\/inne\/beksinski-live\" target=\"_blank\" class=\"events-slider-block__eventsName\">\n                                                <p>Beksi\u0144ski.Live<\/p>\n                                            <\/a>\n                                            <div class=\"events-slider-block__eventsDate\">20.09.2026-08.10.2026<\/div>\n                                            <div class=\"events-slider-block__eventsLocation\"><\/div>\n                                        <\/div>\n                                                                            <div class=\"events-slider-block__eventsItem swiper-slide\">\n                                            <a href=\"https:\/\/www.ebilet.pl\/muzyka\/festiwale\/circoloco-warsaw\" target=\"_blank\" class=\"events-slider-block__eventsName\">\n                                                <p>Circoloco Warsaw<\/p>\n                                            <\/a>\n                                            <div class=\"events-slider-block__eventsDate\">09.05.2026-09.05.2026<\/div>\n                                            <div class=\"events-slider-block__eventsLocation\"><\/div>\n                                        <\/div>\n                                                                            <div class=\"events-slider-block__eventsItem swiper-slide\">\n                                            <a href=\"https:\/\/www.ebilet.pl\/sport\/sporty-druzynowe\/mecz-siatkowki\" target=\"_blank\" class=\"events-slider-block__eventsName\">\n                                                <p>Mecze towarzyskie Reprezentacji Polski m\u0119\u017cczyzn w siatk\u00f3wce<\/p>\n                                            <\/a>\n                                            <div class=\"events-slider-block__eventsDate\">20.05.2026-23.05.2026<\/div>\n                                            <div class=\"events-slider-block__eventsLocation\"><\/div>\n                                        <\/div>\n                                                                            <div class=\"events-slider-block__eventsItem swiper-slide\">\n                                            <a href=\"https:\/\/www.ebilet.pl\/sport\/sporty-walki\/fame-mma\" target=\"_blank\" class=\"events-slider-block__eventsName\">\n                                                <p>FAME 31<\/p>\n                                            <\/a>\n                                            <div class=\"events-slider-block__eventsDate\">09.05.2026-09.05.2026<\/div>\n                                            <div class=\"events-slider-block__eventsLocation\"><\/div>\n                                        <\/div>\n                                                                            <div class=\"events-slider-block__eventsItem swiper-slide\">\n                                            <a href=\"https:\/\/www.ebilet.pl\/muzyka\/festiwale\/juwenalia-bialystok\" target=\"_blank\" class=\"events-slider-block__eventsName\">\n                                                <p>Juwenalia Bia\u0142ystok 2026<\/p>\n                                            <\/a>\n                                            <div class=\"events-slider-block__eventsDate\">15.05.2026-15.05.2026<\/div>\n                                            <div class=\"events-slider-block__eventsLocation\"><\/div>\n                                        <\/div>\n                                                                            <div class=\"events-slider-block__eventsItem swiper-slide\">\n                                            <a href=\"https:\/\/www.ebilet.pl\/muzyka\/festiwale\/tauron-nowa-muzyka\" target=\"_blank\" class=\"events-slider-block__eventsName\">\n                                                <p>21. Tauron Nowa Muzyka Katowice 2026<\/p>\n                                            <\/a>\n                                            <div class=\"events-slider-block__eventsDate\">04.06.2026-06.06.2026<\/div>\n                                            <div class=\"events-slider-block__eventsLocation\"><\/div>\n                                        <\/div>\n                                                                    <\/div>\n                            <\/div>\n                            <div class=\"events-slider-block__pagination\">\n                                <div class=\"swiper-pagination slider-pagination slider-pagination--theme-white\" data-events-slider-pagination><\/div>\n                            <\/div>\n                        <\/div>\n                                        <div class=\"events-slider-block__bottom\">\n                                                                                <div class=\"events-slider-block__link desktop\">\n                                    <a\n                                        class=\"button button--size-small button--theme-primary-yellow button--withIconLeft\"\n                                        href=\"https:\/\/www.ebilet.pl\/\">\n                                                                                    <div class=\"button__icon\"><img loading=\"lazy\" decoding=\"async\" width=\"30\" height=\"30\" src=\"https:\/\/www.ebilet.pl\/now\/app\/uploads\/2024\/01\/ticket-cinema-entertainment-coupon-discount-sale_30px.png\" class=\"attachment-full size-full\" alt=\"\" \/><\/div>\n                                                                                <p class=\"button__text typo-18\">Kup na eBilet.pl<\/p>\n                                    <\/a>\n                                <\/div>\n                                                                                <div class=\"events-slider-block__link mobile\">\n                                    <a\n                                        class=\"button button--size-small button--theme-primary-yellow button--withIconLeft\"\n                                        href=\"https:\/\/www.ebilet.pl\/\">\n                                                                                    <div class=\"button__icon\"><img loading=\"lazy\" decoding=\"async\" width=\"30\" height=\"30\" src=\"https:\/\/www.ebilet.pl\/now\/app\/uploads\/2024\/01\/ticket-cinema-entertainment-coupon-discount-sale_30px.png\" class=\"attachment-full size-full\" alt=\"\" \/><\/div>\n                                                                                <p class=\"button__text typo-18\">Kup na eBilet.pl<\/p>\n                                    <\/a>\n                                <\/div>\n                                            <\/div>\n                <\/div>\n            <\/div>\n        <\/div>\n    <\/div>\n<\/section>","protected":false},"excerpt":{"rendered":"<p>Od najnowszego projektu Katarzyny Zieli\u0144skiej, przez inscenizacj\u0119 \u201cZemsty\u201d Aleksandra Fredro z Maciejem Stuhrem, po spektakl ze Zdzis\u0142awem Wardejnem, kt\u00f3rym ten wybitny aktor \u015bwi\u0119tuje jubileusz sze\u015b\u0107dziesi\u0119ciolecia pracy artystycznej &#8211; w tym miesi\u0105cu zwr\u00f3\u0107 uwag\u0119 na te tytu\u0142y!<\/p>\n","protected":false},"author":8,"featured_media":37420,"comment_status":"open","ping_status":"open","sticky":false,"template":"page-templates\/article-default.php","format":"standard","meta":{"_acf_changed":false,"footnotes":""},"article_tag":[424,122,71,425,36],"article_type":[558],"acf":[],"_links":{"self":[{"href":"https:\/\/www.ebilet.pl\/now\/wp-json\/wp\/v2\/posts\/37401"}],"collection":[{"href":"https:\/\/www.ebilet.pl\/now\/wp-json\/wp\/v2\/posts"}],"about":[{"href":"https:\/\/www.ebilet.pl\/now\/wp-json\/wp\/v2\/types\/post"}],"author":[{"embeddable":true,"href":"https:\/\/www.ebilet.pl\/now\/wp-json\/wp\/v2\/users\/8"}],"replies":[{"embeddable":true,"href":"https:\/\/www.ebilet.pl\/now\/wp-json\/wp\/v2\/comments?post=37401"}],"version-history":[{"count":2,"href":"https:\/\/www.ebilet.pl\/now\/wp-json\/wp\/v2\/posts\/37401\/revisions"}],"predecessor-version":[{"id":37421,"href":"https:\/\/www.ebilet.pl\/now\/wp-json\/wp\/v2\/posts\/37401\/revisions\/37421"}],"wp:featuredmedia":[{"embeddable":true,"href":"https:\/\/www.ebilet.pl\/now\/wp-json\/wp\/v2\/media\/37420"}],"wp:attachment":[{"href":"https:\/\/www.ebilet.pl\/now\/wp-json\/wp\/v2\/media?parent=37401"}],"wp:term":[{"taxonomy":"article_tag","embeddable":true,"href":"https:\/\/www.ebilet.pl\/now\/wp-json\/wp\/v2\/article_tag?post=37401"},{"taxonomy":"article_type","embeddable":true,"href":"https:\/\/www.ebilet.pl\/now\/wp-json\/wp\/v2\/article_type?post=37401"}],"curies":[{"name":"wp","href":"https:\/\/api.w.org\/{rel}","templated":true}]}}