{"id":34763,"date":"2024-10-04T13:12:02","date_gmt":"2024-10-04T12:12:02","guid":{"rendered":"https:\/\/www.ebilet.pl\/now\/?p=34763"},"modified":"2025-09-22T09:26:33","modified_gmt":"2025-09-22T08:26:33","slug":"khalidov-pudzianowski-i-najman-to-oni-budowali-popularnosc-ksw","status":"publish","type":"post","link":"https:\/\/www.ebilet.pl\/now\/khalidov-pudzianowski-i-najman-to-oni-budowali-popularnosc-ksw\/","title":{"rendered":"Khalidov, Pudzianowski\u2026 i Najman &#8211; to oni budowali popularno\u015b\u0107 KSW"},"content":{"rendered":"\n<section class=\"text-block  section-margin-32\" >\n    <div class=\"container\">\n        <div class=\"row\">\n            <div class=\"col-24\">\n                <div class=\"text-block__content\"><h2>Potrzeba nieco medialnej burzy<\/h2>\n<p><span style=\"font-weight: 400;\"><strong>Za\u0142o\u017cyciele Martin Lewandowski i Maciej Kawulski \u201cszklany sufit\u201d, je\u015bli chodzi o popularno\u015b\u0107, przebili z impetem organizuj\u0105c pojedynek \u00f3wczesnych freak\u00f3w Marcina Najmana z Mariuszem Pudzianowskim.<\/strong> Dzi\u015b wielu koneser\u00f3w MMA z politowaniem u\u015bmiecha si\u0119, jak widzi kolejnych internetowych celebryt\u00f3w wchodz\u0105cych do klatki FAME MMA, czy te\u017c Clout MMA. Prawda jest jednak taka, \u017ce to w\u0142a\u015bnie starcie \u201cprawie pi\u0119\u015bciarza\u201d ze strongmenem nap\u0119dzi\u0142o gigantyczn\u0105 medialn\u0105 machin\u0119, wielk\u0105 popularno\u015b\u0107 MMA i samej federacji KSW w naszym kraju.<\/span><\/p>\n<p>KSW przez lata budowa\u0142o swoj\u0105 mark\u0119, jako powa\u017cna federacja sportowa kolejnymi \u015bwietnymi walkami i promowaniem prawdziwych wojownik\u00f3w. To co jednak pomog\u0142o przebi\u0107 Martinowi Lewandowskiemu i Maciejowi Kawulskiemu &#8220;szklany sufit&#8221; popularno\u015bci i przenie\u015b\u0107 si\u0119 do mainstreamu, to postaci medialne, kt\u00f3re narobi\u0142y nieco szumu. Mariusz Pudzianowski by\u0142 w ko\u0144cu swego rodzaju ikon\u0105 w Polsce przez swoje dokonania jako strongman. Z kolei jego przeciwnik w debiutanckiej walce, Marcin Najman, od zawsze wiedzia\u0142, jak zrobi\u0107 wok\u00f3\u0142 siebie du\u017ce zamieszanie. Aspekty pozasportowe pozwoli\u0142y wi\u0119c nap\u0119dzi\u0107 gigantyczn\u0105 machin\u0119 medialn\u0105 i wp\u0142yn\u0119\u0142y na popularno\u015b\u0107 MMA, a co za tym idzie federacji KSW, najwi\u0119kszej sportowej federacji mieszanych sport\u00f3w walki w Polsce.<\/p>\n<\/div>\n            <\/div>\n        <\/div>\n    <\/div>\n<\/section>\n\n\n<section class=\"tickets-slider  section-margin-32\"\n    data-tickets-slider\n    data-item-list-name=\"Karuzela z buttonami\"\n    data-item-list-id=\"karuzela_z_buttonami\"\n    >\n    <div class=\"container\">\n        <div class=\"row\">\n            <div class=\"col-24\">\n                <div class=\"tickets-slider__main\">\n                    <div class=\"tickets-slider__nav tickets-slider__nav--prev\">\n                        <div class=\"button button--withIcon button--theme-white-blur button--size-fixed-48\" data-tickets-slider-prev>\n                            <span class=\"button__icon icon icon-chevron-left\"><\/span>\n                        <\/div>\n                    <\/div>\n                    <div class=\"tickets-slider__nav tickets-slider__nav--next\">\n                        <div class=\"button button--withIcon button--theme-white-blur button--size-fixed-48\" data-tickets-slider-next>\n                            <span class=\"button__icon icon icon-chevron-right\"><\/span>\n                        <\/div>\n                    <\/div>\n                    <div class=\"tickets-slider__slider swiper\" data-tickets-slider-slider>\n                        <div class=\"tickets-slider__sliderWrapper swiper-wrapper\">\n                                                    <\/div>\n                    <\/div>\n                <\/div>\n            <\/div>\n        <\/div>\n    <\/div>\n<\/section>\n\n\n<section class=\"text-block  section-margin-32\" >\n    <div class=\"container\">\n        <div class=\"row\">\n            <div class=\"col-24\">\n                <div class=\"text-block__content\"><p><span style=\"font-weight: 400;\"><strong>Bardzo ciekawie wygl\u0105da sama historia zatrudnienia Pudzianowskiego w federacji, o czym napisa\u0142 sam Lewandowski w swojej ksi\u0105\u017cce \u201cPod pr\u0105d\u201d.<\/strong> Jak si\u0119 okaza\u0142o, w\u0142odarze musieli si\u0119 zapo\u017cyczy\u0107. \u201cMariusza Pudzianowskiego pozna\u0142em na jednym ze spotka\u0144 prasowych, kt\u00f3re produkowa\u0142em dla strongman\u00f3w w Championsie (dopisek:<\/span>nieistniej\u0105ca ju\u017c restauracja sportowa w by\u0142ym hotelu Marriott<span style=\"font-weight: 400;\">). Pierwsz\u0105 pr\u00f3b\u0119 nam\u00f3wienia go na MMA podj\u0119li\u015bmy bodaj w 2006 roku, ale oczekiwania finansowe by\u0142y kilkakrotnie wy\u017csze od \u00f3wczesnego bud\u017cetu naszej gali. Odpu\u015bcili\u015bmy [\u2026] Kolejne negocjacje [\u2026]. W\u00f3wczas, chyba na odczepnego, Pudzianowski waln\u0105\u0142 nam absolutnie zaporow\u0105 cen\u0119. Pewnie chcia\u0142 mie\u0107 w ko\u0144cu spok\u00f3j. Pami\u0119tam, by\u0142o to 185 tysi\u0119cy z\u0142otych i kasa z g\u00f3ry. Nie musz\u0119 chyba dodawa\u0107, \u017ce nie dysponowali\u015bmy wtedy tak\u0105 got\u00f3wk\u0105? Na honorarium dla Pudziana musieli\u015bmy zapo\u017cyczy\u0107 si\u0119 u znajomego\u201d.<\/span><\/p>\n<\/div>\n            <\/div>\n        <\/div>\n    <\/div>\n<\/section>\n\n\n<section class=\"image-block  section-margin-32 image-block--fullWidth\" >\n        <div class=\"container\">\n        <div class=\"row\">\n            <div class=\"col-24\">\n                                <div class=\"image-block__container\">\n                    <div class=\"image-block__wrapper\"><img loading=\"lazy\" decoding=\"async\" width=\"1920\" height=\"1080\" src=\"https:\/\/www.ebilet.pl\/now\/app\/uploads\/2024\/09\/pudzian_dekstop.jpg\" class=\"attachment-full size-full\" alt=\"\" srcset=\"https:\/\/www.ebilet.pl\/now\/app\/uploads\/2024\/09\/pudzian_dekstop.jpg 1920w, https:\/\/www.ebilet.pl\/now\/app\/uploads\/2024\/09\/pudzian_dekstop-1024x576.jpg 1024w, https:\/\/www.ebilet.pl\/now\/app\/uploads\/2024\/09\/pudzian_dekstop-1536x864.jpg 1536w, https:\/\/www.ebilet.pl\/now\/app\/uploads\/2024\/09\/pudzian_dekstop-1280x720.jpg 1280w, https:\/\/www.ebilet.pl\/now\/app\/uploads\/2024\/09\/pudzian_dekstop-500x281.jpg 500w, https:\/\/www.ebilet.pl\/now\/app\/uploads\/2024\/09\/pudzian_dekstop-632x356.jpg 632w, https:\/\/www.ebilet.pl\/now\/app\/uploads\/2024\/09\/pudzian_dekstop-308x174.jpg 308w\" sizes=\"auto, (max-width: 1920px) 100vw, 1920px\" \/><\/div>\n                                            <div class=\"image-block__caption typo-12\">Fot. PAP\/Rafa\u0142 Guz<\/div>\n                                    <\/div>\n                            <\/div>\n        <\/div>\n    <\/div>\n<\/section>\n\n\n<section class=\"text-block  section-margin-32\" >\n    <div class=\"container\">\n        <div class=\"row\">\n            <div class=\"col-24\">\n                <div class=\"text-block__content\"><p><span style=\"font-weight: 400;\">Po podpisaniu kontraktu dla strongmana wybrano zawodnika, z kt\u00f3rym by\u0142by w stanie powalczy\u0107. Nikt jednak nie przypuszcza\u0142, \u017ce pojedynek zako\u0144czy si\u0119 prawdziw\u0105 masakr\u0105 Najmana. <strong>Pojedynek wygl\u0105da\u0142 jak b\u00f3jka pod sklepem, ale tych legendarnych kopni\u0119\u0107, po kt\u00f3rych \u201cEl Testosteron\u201d podskakiwa\u0142 nie da si\u0119 zapomnie\u0107. Warto ten pojedynek zobaczy\u0107 raz jeszcze. Obejrzenie powt\u00f3rki nie zajmie zbyt du\u017co czasu. <\/strong><\/span><\/p>\n<\/div>\n            <\/div>\n        <\/div>\n    <\/div>\n<\/section>\n\n\n<figure class=\"wp-block-embed is-type-video is-provider-youtube wp-block-embed-youtube wp-embed-aspect-16-9 wp-has-aspect-ratio\"><div class=\"wp-block-embed__wrapper\">\nhttps:\/\/www.youtube.com\/watch?v=mwF4kCuHisY\n<\/div><\/figure>\n\n\n<section class=\"gap-block  section-margin-32 section-margin-32\"><\/section>\n\n\n<section class=\"text-block  section-margin-32\" >\n    <div class=\"container\">\n        <div class=\"row\">\n            <div class=\"col-24\">\n                <div class=\"text-block__content\"><p><span style=\"font-weight: 400;\">Co ciekawe, we wrze\u015bniu poprzedniego roku w mediach pojawi\u0142a si\u0119 informacja o ewentualnym rewan\u017cu. <strong>Najman sam si\u0119 zg\u0142osi\u0142 (zapewne po kolejny \u0142omot), natomiast Pudzian odpisa\u0142 mu tylko \u201cnie wywo\u0142uj wilka z lasu\u201d.<\/strong> Do ca\u0142ej sprawy odni\u00f3s\u0142 si\u0119 nawet szef KSW, Martin Lewandowski. \u201cNie chc\u0119 m\u00f3wi\u0107, \u017ce nie ma mo\u017cliwo\u015bci, ale nie chc\u0119 si\u0119 pod tym tematem podpisywa\u0107. Nie m\u00f3wi\u0119 nie. Oczywi\u015bcie z jakich\u015b wzgl\u0119d\u00f3w, mo\u017ce ostatnia walka Mariusza, jako benefis\u201d &#8211; m\u00f3wi\u0142 w\u0142odarz, cytowany przez portal MMA.pl.<\/span><\/p>\n<\/div>\n            <\/div>\n        <\/div>\n    <\/div>\n<\/section>\n\n\n<section class=\"tickets-slider  section-margin-32\"\n    data-tickets-slider\n    data-item-list-name=\"Karuzela z buttonami\"\n    data-item-list-id=\"karuzela_z_buttonami\"\n    >\n    <div class=\"container\">\n        <div class=\"row\">\n            <div class=\"col-24\">\n                <div class=\"tickets-slider__main\">\n                    <div class=\"tickets-slider__nav tickets-slider__nav--prev\">\n                        <div class=\"button button--withIcon button--theme-white-blur button--size-fixed-48\" data-tickets-slider-prev>\n                            <span class=\"button__icon icon icon-chevron-left\"><\/span>\n                        <\/div>\n                    <\/div>\n                    <div class=\"tickets-slider__nav tickets-slider__nav--next\">\n                        <div class=\"button button--withIcon button--theme-white-blur button--size-fixed-48\" data-tickets-slider-next>\n                            <span class=\"button__icon icon icon-chevron-right\"><\/span>\n                        <\/div>\n                    <\/div>\n                    <div class=\"tickets-slider__slider swiper\" data-tickets-slider-slider>\n                        <div class=\"tickets-slider__sliderWrapper swiper-wrapper\">\n                                                            <div class=\"tickets-slider__sliderItem swiper-slide\"\n                                    data-id=\"101167\"\n                                    data-name=\"BFC 18 \u2013 Kontenerowisko\"\n                                    data-brand=\"BASEMENTFIGHTCIRCLE Sp. z o.o\"\n                                    data-category=\"sport\"\n                                    data-subcategory=\"sporty-walki\"\n                                    data-city=\"\u0141azy\"\n                                    data-venue=\"Kontenerowisko Balticon\">\n                                    <div class=\"tickets-slider__sliderCard\">\n                                        \n<div class=\"card-ticket\">\n        <div class=\"card-ticket__image\">\n        <a href=\"https:\/\/www.ebilet.pl\/sport\/sporty-walki\/basement-fight-circle\">\n            <img decoding=\"async\" src=\"https:\/\/www.ebilet.pl\/media\/cms\/media\/rnbbkqas\/unknownllklkkk-0bea0083-27f0-4a4e-a77c-b79444e21a96.webp\" alt=\"Plakat wydarzenia\" \/>\n        <\/a>\n    <\/div>\n             \n    <div class=\"card-ticket__link\">\n        <a href=\"https:\/\/www.ebilet.pl\/sport\/sporty-walki\/basement-fight-circle\" class=\"button button--theme-primary-yellow button--withIconLeft button--size-small\">\n            <span class=\"button__icon icon icon-ticket\"><\/span>\n            <p class=\"button__text typo-16 f-600\">Kup bilet<\/p>\n        <\/a>\n    <\/div>\n    <\/div>                                    <\/div>\n                                <\/div>\n                                                            <div class=\"tickets-slider__sliderItem swiper-slide\"\n                                    data-id=\"187745\"\n                                    data-name=\"ADCC World Championship 2026\"\n                                    data-brand=\"ADCC Sp. z o.o\"\n                                    data-category=\"sport\"\n                                    data-subcategory=\"sporty-walki\"\n                                    data-city=\"Krak\u00f3w\"\n                                    data-venue=\"TAURON Arena Krak\u00f3w\">\n                                    <div class=\"tickets-slider__sliderCard\">\n                                        \n<div class=\"card-ticket\">\n        <div class=\"card-ticket__image\">\n        <a href=\"https:\/\/www.ebilet.pl\/sport\/sporty-walki\/adcc-world-championship\">\n            <img decoding=\"async\" src=\"https:\/\/www.ebilet.pl\/media\/cms\/media\/2okdxyjc\/pb_adcc_2026wc_552x736c.webp\" alt=\"Plakat wydarzenia\" \/>\n        <\/a>\n    <\/div>\n             \n    <div class=\"card-ticket__link\">\n        <a href=\"https:\/\/www.ebilet.pl\/sport\/sporty-walki\/adcc-world-championship\" class=\"button button--theme-primary-yellow button--withIconLeft button--size-small\">\n            <span class=\"button__icon icon icon-ticket\"><\/span>\n            <p class=\"button__text typo-16 f-600\">Kup bilet<\/p>\n        <\/a>\n    <\/div>\n    <\/div>                                    <\/div>\n                                <\/div>\n                                                            <div class=\"tickets-slider__sliderItem swiper-slide\"\n                                    data-id=\"28104\"\n                                    data-name=\"Boxing Night\"\n                                    data-brand=\"TBS Promotions - Golden Eagle Promotions\"\n                                    data-category=\"sport\"\n                                    data-subcategory=\"sporty-walki\"\n                                    data-city=\"Krak\u00f3w\"\n                                    data-venue=\"Hala Widowiskowo-Sportowa Suche Stawy\">\n                                    <div class=\"tickets-slider__sliderCard\">\n                                        \n<div class=\"card-ticket\">\n        <div class=\"card-ticket__image\">\n        <a href=\"https:\/\/www.ebilet.pl\/sport\/sporty-walki\/boxing-night\">\n            <img decoding=\"async\" src=\"https:\/\/www.ebilet.pl\/media\/cms\/media\/lpjdy1nr\/1000076615-1-c673f406-3467-44fc-92e6-e2ec958084e7.webp\" alt=\"Plakat wydarzenia\" \/>\n        <\/a>\n    <\/div>\n             \n    <div class=\"card-ticket__link\">\n        <a href=\"https:\/\/www.ebilet.pl\/sport\/sporty-walki\/boxing-night\" class=\"button button--theme-primary-yellow button--withIconLeft button--size-small\">\n            <span class=\"button__icon icon icon-ticket\"><\/span>\n            <p class=\"button__text typo-16 f-600\">Kup bilet<\/p>\n        <\/a>\n    <\/div>\n    <\/div>                                    <\/div>\n                                <\/div>\n                                                            <div class=\"tickets-slider__sliderItem swiper-slide\"\n                                    data-id=\"10871\"\n                                    data-name=\"XTB KSW 121\"\n                                    data-brand=\"Federacja KSW\"\n                                    data-category=\"sport\"\n                                    data-subcategory=\"sporty-walki\"\n                                    data-city=\"Liberec \/ Czechy\"\n                                    data-venue=\"Home Credit Arena\">\n                                    <div class=\"tickets-slider__sliderCard\">\n                                        \n<div class=\"card-ticket\">\n        <div class=\"card-ticket__image\">\n        <a href=\"https:\/\/www.ebilet.pl\/sport\/sporty-walki\/ksw\">\n            <img decoding=\"async\" src=\"https:\/\/www.ebilet.pl\/media\/cms\/media\/zw0hpgyx\/ksw121_552x736-6636a3a1-5dff-4442-8f0c-67cfa129399c.webp\" alt=\"Plakat wydarzenia\" \/>\n        <\/a>\n    <\/div>\n             \n    <div class=\"card-ticket__link\">\n        <a href=\"https:\/\/www.ebilet.pl\/sport\/sporty-walki\/ksw\" class=\"button button--theme-primary-yellow button--withIconLeft button--size-small\">\n            <span class=\"button__icon icon icon-ticket\"><\/span>\n            <p class=\"button__text typo-16 f-600\">Kup bilet<\/p>\n        <\/a>\n    <\/div>\n    <\/div>                                    <\/div>\n                                <\/div>\n                                                            <div class=\"tickets-slider__sliderItem swiper-slide\"\n                                    data-id=\"70571\"\n                                    data-name=\"KAPEO Rocky Boxing Night\"\n                                    data-brand=\"Rocky SP. Z O.O.\"\n                                    data-category=\"sport\"\n                                    data-subcategory=\"sporty-walki\"\n                                    data-city=\"Koszalin\"\n                                    data-venue=\"Hala Widowiskowo-Sportowa w Koszalinie\">\n                                    <div class=\"tickets-slider__sliderCard\">\n                                        \n<div class=\"card-ticket\">\n        <div class=\"card-ticket__image\">\n        <a href=\"https:\/\/www.ebilet.pl\/sport\/sporty-walki\/rocky-boxing-night\">\n            <img decoding=\"async\" src=\"https:\/\/www.ebilet.pl\/media\/cms\/media\/dyqpfl2k\/ebilet-552x736-6-ab2d8757-9e40-44da-a46d-cd462d79b879.webp\" alt=\"Plakat wydarzenia\" \/>\n        <\/a>\n    <\/div>\n             \n    <div class=\"card-ticket__link\">\n        <a href=\"https:\/\/www.ebilet.pl\/sport\/sporty-walki\/rocky-boxing-night\" class=\"button button--theme-primary-yellow button--withIconLeft button--size-small\">\n            <span class=\"button__icon icon icon-ticket\"><\/span>\n            <p class=\"button__text typo-16 f-600\">Kup bilet<\/p>\n        <\/a>\n    <\/div>\n    <\/div>                                    <\/div>\n                                <\/div>\n                                                            <div class=\"tickets-slider__sliderItem swiper-slide\"\n                                    data-id=\"187126\"\n                                    data-name=\"King\u2019s Arena 4 \u201e\u0141\u00f3d\u017a You Fight?\u201d\"\n                                    data-brand=\"KING&#039;S ARENA Sp. z o.o.\"\n                                    data-category=\"sport\"\n                                    data-subcategory=\"sporty-walki\"\n                                    data-city=\"\u0141\u00f3d\u017a\"\n                                    data-venue=\"Sport Arena w \u0141odzi\">\n                                    <div class=\"tickets-slider__sliderCard\">\n                                        \n<div class=\"card-ticket\">\n        <div class=\"card-ticket__image\">\n        <a href=\"https:\/\/www.ebilet.pl\/sport\/sporty-walki\/king-s-arena\">\n            <img decoding=\"async\" src=\"https:\/\/www.ebilet.pl\/media\/cms\/media\/x0xp4lbp\/baner-pionowy-ebilet.webp\" alt=\"Plakat wydarzenia\" \/>\n        <\/a>\n    <\/div>\n             \n    <div class=\"card-ticket__link\">\n        <a href=\"https:\/\/www.ebilet.pl\/sport\/sporty-walki\/king-s-arena\" class=\"button button--theme-primary-yellow button--withIconLeft button--size-small\">\n            <span class=\"button__icon icon icon-ticket\"><\/span>\n            <p class=\"button__text typo-16 f-600\">Kup bilet<\/p>\n        <\/a>\n    <\/div>\n    <\/div>                                    <\/div>\n                                <\/div>\n                                                            <div class=\"tickets-slider__sliderItem swiper-slide\"\n                                    data-id=\"204676\"\n                                    data-name=\"Fight Mode 2\"\n                                    data-brand=\"F Mode Sp. z o.o.\"\n                                    data-category=\"sport\"\n                                    data-subcategory=\"sporty-walki\"\n                                    data-city=\"Legionowo\"\n                                    data-venue=\"Arena Legionowo\">\n                                    <div class=\"tickets-slider__sliderCard\">\n                                        \n<div class=\"card-ticket\">\n        <div class=\"card-ticket__image\">\n        <a href=\"https:\/\/www.ebilet.pl\/sport\/sporty-walki\/fight-mode\">\n            <img decoding=\"async\" src=\"https:\/\/www.ebilet.pl\/media\/cms\/media\/w30hgfzs\/okladka_pionowa_552x736.webp\" alt=\"Plakat wydarzenia\" \/>\n        <\/a>\n    <\/div>\n             \n    <div class=\"card-ticket__link\">\n        <a href=\"https:\/\/www.ebilet.pl\/sport\/sporty-walki\/fight-mode\" class=\"button button--theme-primary-yellow button--withIconLeft button--size-small\">\n            <span class=\"button__icon icon icon-ticket\"><\/span>\n            <p class=\"button__text typo-16 f-600\">Kup bilet<\/p>\n        <\/a>\n    <\/div>\n    <\/div>                                    <\/div>\n                                <\/div>\n                                                            <div class=\"tickets-slider__sliderItem swiper-slide\"\n                                    data-id=\"179820\"\n                                    data-name=\"XTB KSW 122\"\n                                    data-brand=\"Federacja KSW\"\n                                    data-category=\"sport\"\n                                    data-subcategory=\"sporty-walki\"\n                                    data-city=\"Rzesz\u00f3w\"\n                                    data-venue=\"Regionalne Centrum Sportowo-Widowiskowe Podpromie\">\n                                    <div class=\"tickets-slider__sliderCard\">\n                                        \n<div class=\"card-ticket\">\n        <div class=\"card-ticket__image\">\n        <a href=\"https:\/\/www.ebilet.pl\/sport\/sporty-walki\/ksw-gala\">\n            <img decoding=\"async\" src=\"https:\/\/www.ebilet.pl\/media\/cms\/media\/ephnqq14\/ksw122_552x736-kopia-6d406d0c-fee6-4f71-88c9-6220ef184bde.webp\" alt=\"Plakat wydarzenia\" \/>\n        <\/a>\n    <\/div>\n             \n    <div class=\"card-ticket__link\">\n        <a href=\"https:\/\/www.ebilet.pl\/sport\/sporty-walki\/ksw-gala\" class=\"button button--theme-primary-yellow button--withIconLeft button--size-small\">\n            <span class=\"button__icon icon icon-ticket\"><\/span>\n            <p class=\"button__text typo-16 f-600\">Kup bilet<\/p>\n        <\/a>\n    <\/div>\n    <\/div>                                    <\/div>\n                                <\/div>\n                                                            <div class=\"tickets-slider__sliderItem swiper-slide\"\n                                    data-id=\"27726\"\n                                    data-name=\"XTB KSW 123\"\n                                    data-brand=\"Federacja KSW\"\n                                    data-category=\"sport\"\n                                    data-subcategory=\"sporty-walki\"\n                                    data-city=\"Szczecin\"\n                                    data-venue=\"Enea Arena\">\n                                    <div class=\"tickets-slider__sliderCard\">\n                                        \n<div class=\"card-ticket\">\n        <div class=\"card-ticket__image\">\n        <a href=\"https:\/\/www.ebilet.pl\/sport\/sporty-walki\/ksw-mma\">\n            <img decoding=\"async\" src=\"https:\/\/www.ebilet.pl\/media\/cms\/media\/kqvndymw\/ksw123_552x736-kopia-ba146b25-609e-4bea-876b-504039273d46.webp\" alt=\"Plakat wydarzenia\" \/>\n        <\/a>\n    <\/div>\n             \n    <div class=\"card-ticket__link\">\n        <a href=\"https:\/\/www.ebilet.pl\/sport\/sporty-walki\/ksw-mma\" class=\"button button--theme-primary-yellow button--withIconLeft button--size-small\">\n            <span class=\"button__icon icon icon-ticket\"><\/span>\n            <p class=\"button__text typo-16 f-600\">Kup bilet<\/p>\n        <\/a>\n    <\/div>\n    <\/div>                                    <\/div>\n                                <\/div>\n                                                    <\/div>\n                    <\/div>\n                <\/div>\n            <\/div>\n        <\/div>\n    <\/div>\n<\/section>\n\n\n<section class=\"text-block  section-margin-32\" >\n    <div class=\"container\">\n        <div class=\"row\">\n            <div class=\"col-24\">\n                <div class=\"text-block__content\"><h2><b>Pojedynek przyjaci\u00f3\u0142. Khalidov do dzi\u015b uwa\u017ca, \u017ce to by\u0142 b\u0142\u0105d<\/b><\/h2>\n<p><span style=\"font-weight: 400;\">Kolejn\u0105 z historycznych walk federacji by\u0142o starcie dw\u00f3ch \u00f3wczesnych gwiazd organizacji, Mameda Khalidova z Micha\u0142em Materl\u0105. Obaj zawodnicy walczyli w tej samej kategorii wagowej, ale przez lata unikali starcia ze wzgl\u0119du na panuj\u0105c\u0105 mi\u0119dzy nimi przyja\u017a\u0144 i nie wyobra\u017cali sobie takiego pojedynku. Na gali KSW 33 dosz\u0142o jednak do starcia mi\u0119dzy oboma zawodnikami. Niewielu przypuszcza\u0142o, \u017ce pojedynek ten zako\u0144czy si\u0119 tak brutalnym nokautem w wykonaniu Mameda Khalidova. Pochodz\u0105cy z Czeczenii wojownik b\u0142yskawicznie rozprawi\u0142 si\u0119 ze swoim przyjacielem, najpierw \u201cpod\u0142\u0105czaj\u0105c go do pr\u0105du\u201d, nast\u0119pnie brutalnie dobijaj\u0105c go na macie.\u00a0<\/span><\/p>\n<p><span style=\"font-weight: 400;\">Ca\u0142a walka trwa\u0142a nieco ponad 30 sekund. <strong>Zaraz po jej zako\u0144czeniu Khalidov cisn\u0105\u0142 ochraniaczem na z\u0119by w mat\u0119 okr\u0105g\u0142ej klatki, b\u0119d\u0105c ca\u0142kowicie niezadowolonym z faktu, \u017ce musia\u0142 tak potraktowa\u0107 swojego koleg\u0119.<\/strong><\/span><\/p>\n<p><span style=\"font-weight: 400;\">&#8211; Ja t\u0119 walk\u0119 mia\u0142em zwyci\u0119\u017cy\u0107. Ci\u0119\u017cko jest si\u0119 cieszy\u0107, Micha\u0142 do m\u00f3j przyjaciel &#8211; m\u00f3wi\u0142 na gor\u0105co nieco zmieszany gwiazdor KSW. Dopiero kilka lat p\u00f3\u017aniej w rozmowie z Canal Plus opowiedzia\u0142 o tamtej walce i wida\u0107 by\u0142o, \u017ce siedz\u0105 w nim ogromne emocje do dzi\u015b.\u00a0 Jak powiedzia\u0142, maj\u0105c \u0142zy w oczach:<\/span><\/p>\n<\/div>\n            <\/div>\n        <\/div>\n    <\/div>\n<\/section>\n\n\n<section class=\"quote-block  section-margin-32\" >\n    <div class=\"container\">\n        <div class=\"row\">\n            <div class=\"col-24\">\n                <div class=\"quote-block__wrapper\">\n                    <p class=\"quote-block__quote typo-32\">&#8220;Ja si\u0119 wy\u0142\u0105czam podczas walki. Jak stan\u0119li\u015bmy naprzeciwko siebie i odeszli\u015bmy do swoich naro\u017cnik\u00f3w \u2013 zacz\u0119\u0142a si\u0119 walka, ja si\u0119 wy\u0142\u0105czy\u0142em. Ju\u017c by\u0142a walka, u mnie tak jest, ja si\u0119 wy\u0142\u0105czam. Ja ju\u017c nikogo nie widz\u0119, widz\u0119 przeciwnika swojego. Ja ju\u017c nie widzia\u0142em w nim Micha\u0142a, a on widzia\u0142 we mnie Mameda ca\u0142y czas, ja to wiem. On nie by\u0142 przygotowany na to. To by\u0142 b\u0142\u0105d m\u00f3j. Do dzisiaj jestem z\u0142y na siebie\u2026 Czujesz t\u0105 z\u0142o\u015b\u0107, bo\u2026 wiedzia\u0142em, \u017ce to jest niepotrzebne. On nie chcia\u0142 si\u0119 bi\u0107 ze mn\u0105. Wygra\u0142em, to si\u0119 obudzi\u0142em. Obudzi\u0142em si\u0119, on le\u017ca\u0142&#8221;.<\/p>\n                <\/div>\n            <\/div>\n        <\/div>\n    <\/div>\n<\/section>\n\n\n<section class=\"text-block  section-margin-32\" >\n    <div class=\"container\">\n        <div class=\"row\">\n            <div class=\"col-24\">\n                <div class=\"text-block__content\"><p><span style=\"font-weight: 400;\"><strong>Do anna\u0142\u00f3w historii KSW przesz\u0142a jeszcze jedna walka z udzia\u0142em Marcina Najmana, kt\u00f3ry tym razem zmierzy\u0142 si\u0119 z Przemys\u0142awem Salet\u0105.<\/strong> Pojedynek mia\u0142 bardzo du\u017cy \u0142adunek emocjonalny, poniewa\u017c obaj zawodnicy szczerze si\u0119 nienawidz\u0105. Medialnie organizacja bardzo dobrze ogra\u0142a ten konflikt, co prze\u0142o\u017cy\u0142o si\u0119 na gigantyczn\u0105 ogl\u0105dalno\u015b\u0107 ca\u0142ej gali, kt\u00f3ra jeszcze transmitowana by\u0142a w Polsacie. W\u00f3wczas przed telewizorami zasiad\u0142o a\u017c 4,5 mln ludzi.\u00a0<\/span><\/p>\n<p><span style=\"font-weight: 400;\">Najman niespodziewanie lepiej rozpocz\u0105\u0142 starcie, obalaj\u0105c Salet\u0119 na mat\u0119 i wyprowadzaj\u0105c mas\u0119 cios\u00f3w z g\u00f3ry. To jednak by\u0142ego mistrza Europy w pi\u0119\u015bciarstwie nie przerazi\u0142o. Po kilku minutach role si\u0119 zmieni\u0142y. To Saleta znalaz\u0142 si\u0119 na g\u00f3rze i zacz\u0105\u0142 przydusza\u0107 rywala przedramieniem. To wystarczy\u0142o, by Najman w swoim stylu zacz\u0105\u0142\u2026 odklepywa\u0107.<\/span><\/p>\n<\/div>\n            <\/div>\n        <\/div>\n    <\/div>\n<\/section>\n\n\n<figure class=\"wp-block-embed is-type-video is-provider-youtube wp-block-embed-youtube wp-embed-aspect-16-9 wp-has-aspect-ratio\"><div class=\"wp-block-embed__wrapper\">\n<iframe loading=\"lazy\" title=\"KSW Free Fight: Przemys\u0142aw Saleta vs. Marcin Najman | #OnThisDay in 2010\" width=\"500\" height=\"281\" src=\"https:\/\/www.youtube.com\/embed\/s1nMgasBtiY?feature=oembed\" frameborder=\"0\" allow=\"accelerometer; autoplay; clipboard-write; encrypted-media; gyroscope; picture-in-picture; web-share\" referrerpolicy=\"strict-origin-when-cross-origin\" allowfullscreen><\/iframe>\n<\/div><\/figure>\n\n\n<section class=\"gap-block  section-margin-32 section-margin-32\"><\/section>\n\n\n<section class=\"text-block  section-margin-32\" >\n    <div class=\"container\">\n        <div class=\"row\">\n            <div class=\"col-24\">\n                <div class=\"text-block__content\"><h2><b>Walka, przez kt\u00f3r\u0105 gwiazdor straci\u0142 \u201cdusz\u0119 wojownika\u201d<\/b><\/h2>\n<p><strong>Jedn\u0105 z najbardziej pami\u0119tnych walk KSW by\u0142o starcie Mameda Khalidova z Borysem Ma\u0144kowskim na Stadionie Narodowym.<\/strong> Kibice byli \u015bwiadkami kapitalnego starcia podczas KSW 39 Colosseum. 60 tysi\u0119cy fan\u00f3w zebranych na obiekcie obejrza\u0142o trzyrundow\u0105 walk\u0105, w kt\u00f3rej to \u201cDiabe\u0142 Tasma\u0144ski \u201d sprawi\u0142 reprezentantowi Polski ogromne problemy. Polak w pierwszych rundach imponowa\u0142 tempem i celnymi uderzeniami, po kt\u00f3rych przeciwnik stara\u0142 si\u0119 sprowadzi\u0107 pojedynek do parteru. Dopiero pod koniec trzeciej rundy Khalidov zdo\u0142a\u0142 obali\u0107 Ma\u0144kowskiego, czym przechyli\u0142 szal\u0119 zwyci\u0119stwa na swoj\u0105 korzy\u015b\u0107, poniewa\u017c s\u0119dziowie punktowi to jego wskazali, jako zwyci\u0119zc\u0119. Po latach Ma\u0144kowski przyzna\u0142: Mamed zabra\u0142 mi dusz\u0119 wojownika.<\/p>\n<\/div>\n            <\/div>\n        <\/div>\n    <\/div>\n<\/section>\n\n\n<section class=\"events-slider-block  section-margin-32\" data-events-slider-block data-carousel-title=\"Gor\u0105ce wydarzenia\" data-carousel-type=\"karuzela_z_t\u0142em\" data-item-list-name=\"Karuzela z t\u0142em Gor\u0105ce wydarzenia\" data-item-list-id=\"karuzela_z_t\u0142em Gor\u0105ce wydarzenia\" >\n    <div class=\"container\">\n        <div class=\"row\">\n            <div class=\"col-24\">\n                <div class=\"events-slider-block__wrapper\">\n                                            <div class=\"events-slider-block__bg\"><img loading=\"lazy\" decoding=\"async\" width=\"1920\" height=\"1080\" src=\"https:\/\/www.ebilet.pl\/now\/app\/uploads\/2024\/02\/shutterstock_603171200.jpg\" class=\"attachment-full size-full\" alt=\"\" srcset=\"https:\/\/www.ebilet.pl\/now\/app\/uploads\/2024\/02\/shutterstock_603171200.jpg 1920w, https:\/\/www.ebilet.pl\/now\/app\/uploads\/2024\/02\/shutterstock_603171200-1024x576.jpg 1024w, https:\/\/www.ebilet.pl\/now\/app\/uploads\/2024\/02\/shutterstock_603171200-1536x864.jpg 1536w, https:\/\/www.ebilet.pl\/now\/app\/uploads\/2024\/02\/shutterstock_603171200-1280x720.jpg 1280w, https:\/\/www.ebilet.pl\/now\/app\/uploads\/2024\/02\/shutterstock_603171200-500x281.jpg 500w, https:\/\/www.ebilet.pl\/now\/app\/uploads\/2024\/02\/shutterstock_603171200-632x356.jpg 632w, https:\/\/www.ebilet.pl\/now\/app\/uploads\/2024\/02\/shutterstock_603171200-308x174.jpg 308w\" sizes=\"auto, (max-width: 1920px) 100vw, 1920px\" \/><\/div>\n                                                                <div class=\"events-slider-block__top\">\n                                                            <div class=\"events-slider-block__title desktop\">\n                                    <h2 class=\"typo-h2\">Gor\u0105ce wydarzenia<\/h2>\n                                <\/div>\n                                                                                        <div class=\"events-slider-block__title mobile\">\n                                    <h2 class=\"typo-h2\">Gor\u0105ce wydarzenia<\/h2>\n                                <\/div>\n                                                    <\/div>\n                                                            <div class=\"events-slider-block__main\">\n                        <div class=\"events-slider-block__nav events-slider-block__nav--prev\">\n                            <div class=\"button button--withIcon button--theme-white-blur button--size-fixed-48\" data-events-prev>\n                                <span class=\"button__icon icon icon-chevron-left\"><\/span>\n                            <\/div>\n                        <\/div>\n                        <div class=\"events-slider-block__nav events-slider-block__nav--next\">\n                            <div class=\"button button--withIcon button--theme-white-blur button--size-fixed-48\" data-events-next>\n                                <span class=\"button__icon icon icon-chevron-right\"><\/span>\n                            <\/div>\n                        <\/div>\n                        <div class=\"events-slider-block__slider\">\n                            <div class=\"swiper\" data-events-slider>\n                                <div class=\"events-slider-block__sliderWrapper swiper-wrapper\">\n                                                                    <div class=\"events-slider-block__sliderItem swiper-slide\">\n                                    \n<div class=\"card-event  card-event--size-small\">\n        <a href=\"https:\/\/www.ebilet.pl\/muzyka\/rock\/fontaines-dc\" target=\"_blank\" class=\"card-event__link\" rel=\"nofollow noopener\"><\/a>\n        <div class=\"card-event__wrapper\">\n        <div class=\"card-event__image\">\n            <img decoding=\"async\" src=\"https:\/\/www.ebilet.pl\/media\/cms\/media\/ovge4bna\/fontaines_dc_portal_552x736.webp\" alt=\"\">\n        <\/div>\n        <div class=\"card-event__data\">\n            <div class=\"card-event__name\">\n                <p>Fontaines D.C. EU TOUR 2026<\/p>\n            <\/div>\n            <div class=\"card-event__date\">31.10.2026-31.10.2026<\/div>\n            <div class=\"card-event__location\">\u0141\u00f3d\u017a<\/div>\n        <\/div>\n    <\/div>\n<\/div>                                    <\/div>\n                                                                    <div class=\"events-slider-block__sliderItem swiper-slide\">\n                                    \n<div class=\"card-event  card-event--size-small\">\n        <a href=\"https:\/\/www.ebilet.pl\/muzyka\/pop\/tokio-hotel\" target=\"_blank\" class=\"card-event__link\" rel=\"nofollow noopener\"><\/a>\n        <div class=\"card-event__wrapper\">\n        <div class=\"card-event__image\">\n            <img decoding=\"async\" src=\"https:\/\/www.ebilet.pl\/media\/cms\/media\/i02j3uly\/tokio-hotel-552.webp\" alt=\"\">\n        <\/div>\n        <div class=\"card-event__data\">\n            <div class=\"card-event__name\">\n                <p>Tokio Hotel<\/p>\n            <\/div>\n            <div class=\"card-event__date\">19.08.2027-19.08.2027<\/div>\n            <div class=\"card-event__location\">Warszawa<\/div>\n        <\/div>\n    <\/div>\n<\/div>                                    <\/div>\n                                                                    <div class=\"events-slider-block__sliderItem swiper-slide\">\n                                    \n<div class=\"card-event  card-event--size-small\">\n        <a href=\"https:\/\/www.ebilet.pl\/muzyka\/pop\/take-that\" target=\"_blank\" class=\"card-event__link\" rel=\"nofollow noopener\"><\/a>\n        <div class=\"card-event__wrapper\">\n        <div class=\"card-event__image\">\n            <img decoding=\"async\" src=\"https:\/\/www.ebilet.pl\/media\/cms\/media\/eiqdozli\/ebilet-552x736-take-that.webp\" alt=\"\">\n        <\/div>\n        <div class=\"card-event__data\">\n            <div class=\"card-event__name\">\n                <p>Take That<\/p>\n            <\/div>\n            <div class=\"card-event__date\">13.06.2027-13.06.2027<\/div>\n            <div class=\"card-event__location\">Warszawa<\/div>\n        <\/div>\n    <\/div>\n<\/div>                                    <\/div>\n                                                                    <div class=\"events-slider-block__sliderItem swiper-slide\">\n                                    \n<div class=\"card-event  card-event--size-small\">\n        <a href=\"https:\/\/www.ebilet.pl\/muzyka\/festiwale\/opener-festival\" target=\"_blank\" class=\"card-event__link\" rel=\"nofollow noopener\"><\/a>\n        <div class=\"card-event__wrapper\">\n        <div class=\"card-event__image\">\n            <img decoding=\"async\" src=\"https:\/\/www.ebilet.pl\/media\/cms\/media\/qkso1del\/opene_2027_tameimpala_552x736_ebilet-1d7aa61e-0a2a-4f3b-b538-d84518354aa2.webp\" alt=\"\">\n        <\/div>\n        <div class=\"card-event__data\">\n            <div class=\"card-event__name\">\n                <p>Open&#8217;er Festival 2027<\/p>\n            <\/div>\n            <div class=\"card-event__date\">30.06.2027-30.06.2027<\/div>\n            <div class=\"card-event__location\">Gdynia<\/div>\n        <\/div>\n    <\/div>\n<\/div>                                    <\/div>\n                                                                    <div class=\"events-slider-block__sliderItem swiper-slide\">\n                                    \n<div class=\"card-event  card-event--size-small\">\n        <a href=\"https:\/\/www.ebilet.pl\/muzyka\/rock\/russell-crowe\" target=\"_blank\" class=\"card-event__link\" rel=\"nofollow noopener\"><\/a>\n        <div class=\"card-event__wrapper\">\n        <div class=\"card-event__image\">\n            <img decoding=\"async\" src=\"https:\/\/www.ebilet.pl\/media\/cms\/media\/dajolyng\/rusel_pion-738c048c-2504-4de3-a226-d83518cf8463.webp\" alt=\"\">\n        <\/div>\n        <div class=\"card-event__data\">\n            <div class=\"card-event__name\">\n                <p>Russell Crowe\u2019s Indoor Garden Party<\/p>\n            <\/div>\n            <div class=\"card-event__date\">05.06.2027-05.06.2027<\/div>\n            <div class=\"card-event__location\">\u0106miel\u00f3w<\/div>\n        <\/div>\n    <\/div>\n<\/div>                                    <\/div>\n                                                                    <div class=\"events-slider-block__sliderItem swiper-slide\">\n                                    \n<div class=\"card-event  card-event--size-small\">\n        <a href=\"https:\/\/www.ebilet.pl\/biznes\/wystawa\/van-gogh\" target=\"_blank\" class=\"card-event__link\" rel=\"nofollow noopener\"><\/a>\n        <div class=\"card-event__wrapper\">\n        <div class=\"card-event__image\">\n            <img decoding=\"async\" src=\"https:\/\/www.ebilet.pl\/media\/cms\/media\/rx0pgtm4\/nowa-ebilet-_vg-__-lublin_-552-736-5ddf74a4-5cec-41cd-9f00-a4baa0f7a221.webp\" alt=\"\">\n        <\/div>\n        <div class=\"card-event__data\">\n            <div class=\"card-event__name\">\n                <p>VAN GOGH \u2013 Wystawa Immersyjna &#8211; Lublin<\/p>\n            <\/div>\n            <div class=\"card-event__date\">15.09.2026-15.09.2026<\/div>\n            <div class=\"card-event__location\">Lublin<\/div>\n        <\/div>\n    <\/div>\n<\/div>                                    <\/div>\n                                                                    <div class=\"events-slider-block__sliderItem swiper-slide\">\n                                    \n<div class=\"card-event  card-event--size-small\">\n        <a href=\"https:\/\/www.ebilet.pl\/muzyka\/pop\/pitbull\" target=\"_blank\" class=\"card-event__link\" rel=\"nofollow noopener\"><\/a>\n        <div class=\"card-event__wrapper\">\n        <div class=\"card-event__image\">\n            <img decoding=\"async\" src=\"https:\/\/www.ebilet.pl\/media\/cms\/media\/5lzfwzwf\/pitbull_552x736-51986cca-48f5-4419-a9c5-cba531ed65a3.webp\" alt=\"\">\n        <\/div>\n        <div class=\"card-event__data\">\n            <div class=\"card-event__name\">\n                <p>Pitbull &#8211; I&#8217;m Back!<\/p>\n            <\/div>\n            <div class=\"card-event__date\">27.11.2026-27.11.2026<\/div>\n            <div class=\"card-event__location\">Gda\u0144sk\/Sopot, \u0141\u00f3d\u017a<\/div>\n        <\/div>\n    <\/div>\n<\/div>                                    <\/div>\n                                                                    <div class=\"events-slider-block__sliderItem swiper-slide\">\n                                    \n<div class=\"card-event  card-event--size-small\">\n        <a href=\"https:\/\/www.ebilet.pl\/sport\/sporty-druzynowe\/koszykowka-mecz\" target=\"_blank\" class=\"card-event__link\" rel=\"nofollow noopener\"><\/a>\n        <div class=\"card-event__wrapper\">\n        <div class=\"card-event__image\">\n            <img decoding=\"async\" src=\"https:\/\/www.ebilet.pl\/media\/cms\/media\/nvdpzm53\/podstawowe_portaljpg-550c863c-126b-4054-8668-ffc6e52face6.webp\" alt=\"\">\n        <\/div>\n        <div class=\"card-event__data\">\n            <div class=\"card-event__name\">\n                <p>Kwalifikacje do Mistrzostw \u015awiata w koszyk\u00f3wce m\u0119\u017cczyzn 2027: Polska \u2013 Chorwacja<\/p>\n            <\/div>\n            <div class=\"card-event__date\">27.11.2026-27.11.2026<\/div>\n            <div class=\"card-event__location\">Gliwice<\/div>\n        <\/div>\n    <\/div>\n<\/div>                                    <\/div>\n                                                                    <div class=\"events-slider-block__sliderItem swiper-slide\">\n                                    \n<div class=\"card-event  card-event--size-small\">\n        <a href=\"https:\/\/www.ebilet.pl\/sport\/lekkoatletyka\/memorial-kamili-skolimowskiej\" target=\"_blank\" class=\"card-event__link\" rel=\"nofollow noopener\"><\/a>\n        <div class=\"card-event__wrapper\">\n        <div class=\"card-event__image\">\n            <img decoding=\"async\" src=\"https:\/\/www.ebilet.pl\/media\/cms\/media\/ebddns15\/552x736-78da7a2f-a7cf-4711-af9b-beba90926c7e.webp\" alt=\"\">\n        <\/div>\n        <div class=\"card-event__data\">\n            <div class=\"card-event__name\">\n                <p>Silesia Memoria\u0142 Kamili Skolimowskiej<\/p>\n            <\/div>\n            <div class=\"card-event__date\">15.08.2027-15.08.2027<\/div>\n            <div class=\"card-event__location\">Chorz\u00f3w<\/div>\n        <\/div>\n    <\/div>\n<\/div>                                    <\/div>\n                                                                    <div class=\"events-slider-block__sliderItem swiper-slide\">\n                                    \n<div class=\"card-event  card-event--size-small\">\n        <a href=\"https:\/\/www.ebilet.pl\/muzyka\/piosenka\/koncert-koled-i-pastoralek-golec-uorkiestra\" target=\"_blank\" class=\"card-event__link\" rel=\"nofollow noopener\"><\/a>\n        <div class=\"card-event__wrapper\">\n        <div class=\"card-event__image\">\n            <img decoding=\"async\" src=\"https:\/\/www.ebilet.pl\/media\/cms\/media\/sqlacf5s\/golec_552x736_ebilet-c90c1dab-7443-46cc-b6f7-252554a5cab4.webp\" alt=\"\">\n        <\/div>\n        <div class=\"card-event__data\">\n            <div class=\"card-event__name\">\n                <p>Golec uOrkiestra &#8211; Koncert Kol\u0119d i Pastora\u0142ek<\/p>\n            <\/div>\n            <div class=\"card-event__date\">18.12.2026-18.12.2026<\/div>\n            <div class=\"card-event__location\">Bielsko-Bia\u0142a, Bydgoszcz, Gda\u0144sk i inne<\/div>\n        <\/div>\n    <\/div>\n<\/div>                                    <\/div>\n                                                                    <div class=\"events-slider-block__sliderItem swiper-slide\">\n                                    \n<div class=\"card-event  card-event--size-small\">\n        <a href=\"https:\/\/www.ebilet.pl\/sport\/sporty-walki\/ksw-gala\" target=\"_blank\" class=\"card-event__link\" rel=\"nofollow noopener\"><\/a>\n        <div class=\"card-event__wrapper\">\n        <div class=\"card-event__image\">\n            <img decoding=\"async\" src=\"https:\/\/www.ebilet.pl\/media\/cms\/media\/ephnqq14\/ksw122_552x736-kopia-6d406d0c-fee6-4f71-88c9-6220ef184bde.webp\" alt=\"\">\n        <\/div>\n        <div class=\"card-event__data\">\n            <div class=\"card-event__name\">\n                <p>XTB KSW 122<\/p>\n            <\/div>\n            <div class=\"card-event__date\">10.10.2026-10.10.2026<\/div>\n            <div class=\"card-event__location\">Rzesz\u00f3w<\/div>\n        <\/div>\n    <\/div>\n<\/div>                                    <\/div>\n                                                                    <div class=\"events-slider-block__sliderItem swiper-slide\">\n                                    \n<div class=\"card-event  card-event--size-small\">\n        <a href=\"https:\/\/www.ebilet.pl\/muzyka\/festiwale\/up-to-date-festival\" target=\"_blank\" class=\"card-event__link\" rel=\"nofollow noopener\"><\/a>\n        <div class=\"card-event__wrapper\">\n        <div class=\"card-event__image\">\n            <img decoding=\"async\" src=\"https:\/\/www.ebilet.pl\/media\/cms\/media\/jfdlnoqn\/ebilet-552x736-portal-wersja-2-c38ddeaf-bf05-4f54-9e4d-377e6b572335.webp\" alt=\"\">\n        <\/div>\n        <div class=\"card-event__data\">\n            <div class=\"card-event__name\">\n                <p>Up To Date Festival 2027<\/p>\n            <\/div>\n            <div class=\"card-event__date\">27.05.2027-27.05.2027<\/div>\n            <div class=\"card-event__location\">Bia\u0142ystok<\/div>\n        <\/div>\n    <\/div>\n<\/div>                                    <\/div>\n                                                                    <div class=\"events-slider-block__sliderItem swiper-slide\">\n                                    \n<div class=\"card-event  card-event--size-small\">\n        <a href=\"https:\/\/www.ebilet.pl\/sport\/sporty-druzynowe\/mecz-mistrzow\" target=\"_blank\" class=\"card-event__link\" rel=\"nofollow noopener\"><\/a>\n        <div class=\"card-event__wrapper\">\n        <div class=\"card-event__image\">\n            <img decoding=\"async\" src=\"https:\/\/www.ebilet.pl\/media\/cms\/media\/anml1cos\/552x736.webp\" alt=\"\">\n        <\/div>\n        <div class=\"card-event__data\">\n            <div class=\"card-event__name\">\n                <p>Mecz mistrz\u00f3w: Polska &#8211; W\u0142ochy<\/p>\n            <\/div>\n            <div class=\"card-event__date\">04.10.2026-04.10.2026<\/div>\n            <div class=\"card-event__location\">Wroc\u0142aw<\/div>\n        <\/div>\n    <\/div>\n<\/div>                                    <\/div>\n                                                                    <div class=\"events-slider-block__sliderItem swiper-slide\">\n                                    \n<div class=\"card-event  card-event--size-small\">\n        <a href=\"https:\/\/www.ebilet.pl\/muzyka\/hip-hop-rap\/otsochodzi\" target=\"_blank\" class=\"card-event__link\" rel=\"nofollow noopener\"><\/a>\n        <div class=\"card-event__wrapper\">\n        <div class=\"card-event__image\">\n            <img decoding=\"async\" src=\"https:\/\/www.ebilet.pl\/media\/cms\/media\/ucuizr2w\/tt-552-x-736-kopia.webp\" alt=\"\">\n        <\/div>\n        <div class=\"card-event__data\">\n            <div class=\"card-event__name\">\n                <p>Otsochodzi &#8211; RIOTT<\/p>\n            <\/div>\n            <div class=\"card-event__date\">01.10.2026-01.10.2026<\/div>\n            <div class=\"card-event__location\">Gda\u0144sk, Krak\u00f3w, Pozna\u0144 i inne<\/div>\n        <\/div>\n    <\/div>\n<\/div>                                    <\/div>\n                                                                    <div class=\"events-slider-block__sliderItem swiper-slide\">\n                                    \n<div class=\"card-event  card-event--size-small\">\n        <a href=\"https:\/\/www.ebilet.pl\/muzyka\/rock\/getdown-services\" target=\"_blank\" class=\"card-event__link\" rel=\"nofollow noopener\"><\/a>\n        <div class=\"card-event__wrapper\">\n        <div class=\"card-event__image\">\n            <img decoding=\"async\" src=\"https:\/\/www.ebilet.pl\/media\/cms\/media\/epsfunxf\/ebilet-552x736-getdown-services-combo.webp\" alt=\"\">\n        <\/div>\n        <div class=\"card-event__data\">\n            <div class=\"card-event__name\">\n                <p>Getdown Services<\/p>\n            <\/div>\n            <div class=\"card-event__date\">15.03.2027-15.03.2027<\/div>\n            <div class=\"card-event__location\">Krak\u00f3w, Warszawa<\/div>\n        <\/div>\n    <\/div>\n<\/div>                                    <\/div>\n                                                                    <div class=\"events-slider-block__sliderItem swiper-slide\">\n                                    \n<div class=\"card-event  card-event--size-small\">\n        <a href=\"https:\/\/www.ebilet.pl\/muzyka\/hip-hop-rap\/gombao33\" target=\"_blank\" class=\"card-event__link\" rel=\"nofollow noopener\"><\/a>\n        <div class=\"card-event__wrapper\">\n        <div class=\"card-event__image\">\n            <img decoding=\"async\" src=\"https:\/\/www.ebilet.pl\/media\/cms\/media\/ctcikvkb\/gombao_bez_napisu-2ebe28b7-760a-4987-8d6c-0cb2fe6f2203.webp\" alt=\"\">\n        <\/div>\n        <div class=\"card-event__data\">\n            <div class=\"card-event__name\">\n                <p>G33 Tour &#8211; Tadeo x Szczepan x Wygu\u015b x Mata<\/p>\n            <\/div>\n            <div class=\"card-event__date\">12.09.2026-12.09.2026<\/div>\n            <div class=\"card-event__location\">Bydgoszcz, Gwi\u017adziny, Kra\u015bnik i inne<\/div>\n        <\/div>\n    <\/div>\n<\/div>                                    <\/div>\n                                                                    <div class=\"events-slider-block__sliderItem swiper-slide\">\n                                    \n<div class=\"card-event  card-event--size-small\">\n        <a href=\"https:\/\/www.ebilet.pl\/muzyka\/festiwale\/olsztyn-green-festival\" target=\"_blank\" class=\"card-event__link\" rel=\"nofollow noopener\"><\/a>\n        <div class=\"card-event__wrapper\">\n        <div class=\"card-event__image\">\n            <img decoding=\"async\" src=\"https:\/\/www.ebilet.pl\/media\/cms\/media\/ivzhtv3z\/1080x1350_ogf_edycja_2027-18faf89b-3a6e-4aa9-b07b-593f24448a27.webp\" alt=\"\">\n        <\/div>\n        <div class=\"card-event__data\">\n            <div class=\"card-event__name\">\n                <p>Olsztyn Green Festival 2027<\/p>\n            <\/div>\n            <div class=\"card-event__date\">13.08.2027-13.08.2027<\/div>\n            <div class=\"card-event__location\">Olsztyn<\/div>\n        <\/div>\n    <\/div>\n<\/div>                                    <\/div>\n                                                                <\/div>\n                            <\/div>\n                        <\/div>\n                        <div class=\"events-slider-block__events swiper\" data-events-events-descriptions>\n                            <div class=\"events-slider-block__eventsWrapper swiper-wrapper\">\n                                                            <div class=\"events-slider-block__eventsItem swiper-slide\">\n                                    <a href=\"https:\/\/www.ebilet.pl\/muzyka\/rock\/fontaines-dc\" target=\"_blank\" class=\"events-slider-block__eventsName\">\n                                        <p>Fontaines D.C. EU TOUR 2026<\/p>\n                                    <\/a>\n                                    <div class=\"events-slider-block__eventsDate\">\n                                        31.10.2026-31.10.2026                                    <\/div>\n                                    <div class=\"events-slider-block__eventsLocation\">\u0141\u00f3d\u017a<\/div>\n                                <\/div>\n                                                            <div class=\"events-slider-block__eventsItem swiper-slide\">\n                                    <a href=\"https:\/\/www.ebilet.pl\/muzyka\/pop\/tokio-hotel\" target=\"_blank\" class=\"events-slider-block__eventsName\">\n                                        <p>Tokio Hotel<\/p>\n                                    <\/a>\n                                    <div class=\"events-slider-block__eventsDate\">\n                                        19.08.2027-19.08.2027                                    <\/div>\n                                    <div class=\"events-slider-block__eventsLocation\">Warszawa<\/div>\n                                <\/div>\n                                                            <div class=\"events-slider-block__eventsItem swiper-slide\">\n                                    <a href=\"https:\/\/www.ebilet.pl\/muzyka\/pop\/take-that\" target=\"_blank\" class=\"events-slider-block__eventsName\">\n                                        <p>Take That<\/p>\n                                    <\/a>\n                                    <div class=\"events-slider-block__eventsDate\">\n                                        13.06.2027-13.06.2027                                    <\/div>\n                                    <div class=\"events-slider-block__eventsLocation\">Warszawa<\/div>\n                                <\/div>\n                                                            <div class=\"events-slider-block__eventsItem swiper-slide\">\n                                    <a href=\"https:\/\/www.ebilet.pl\/muzyka\/festiwale\/opener-festival\" target=\"_blank\" class=\"events-slider-block__eventsName\">\n                                        <p>Open&#039;er Festival 2027<\/p>\n                                    <\/a>\n                                    <div class=\"events-slider-block__eventsDate\">\n                                        30.06.2027-03.07.2027                                    <\/div>\n                                    <div class=\"events-slider-block__eventsLocation\">Gdynia<\/div>\n                                <\/div>\n                                                            <div class=\"events-slider-block__eventsItem swiper-slide\">\n                                    <a href=\"https:\/\/www.ebilet.pl\/muzyka\/rock\/russell-crowe\" target=\"_blank\" class=\"events-slider-block__eventsName\">\n                                        <p>Russell Crowe\u2019s Indoor Garden Party<\/p>\n                                    <\/a>\n                                    <div class=\"events-slider-block__eventsDate\">\n                                        05.06.2027-05.06.2027                                    <\/div>\n                                    <div class=\"events-slider-block__eventsLocation\">\u0106miel\u00f3w<\/div>\n                                <\/div>\n                                                            <div class=\"events-slider-block__eventsItem swiper-slide\">\n                                    <a href=\"https:\/\/www.ebilet.pl\/biznes\/wystawa\/van-gogh\" target=\"_blank\" class=\"events-slider-block__eventsName\">\n                                        <p>VAN GOGH \u2013 Wystawa Immersyjna &#8211; Lublin<\/p>\n                                    <\/a>\n                                    <div class=\"events-slider-block__eventsDate\">\n                                        15.09.2026-31.12.2026                                    <\/div>\n                                    <div class=\"events-slider-block__eventsLocation\">Lublin<\/div>\n                                <\/div>\n                                                            <div class=\"events-slider-block__eventsItem swiper-slide\">\n                                    <a href=\"https:\/\/www.ebilet.pl\/muzyka\/pop\/pitbull\" target=\"_blank\" class=\"events-slider-block__eventsName\">\n                                        <p>Pitbull &#8211; I&#039;m Back!<\/p>\n                                    <\/a>\n                                    <div class=\"events-slider-block__eventsDate\">\n                                        27.11.2026-03.12.2026                                    <\/div>\n                                    <div class=\"events-slider-block__eventsLocation\">Gda\u0144sk\/Sopot, \u0141\u00f3d\u017a<\/div>\n                                <\/div>\n                                                            <div class=\"events-slider-block__eventsItem swiper-slide\">\n                                    <a href=\"https:\/\/www.ebilet.pl\/sport\/sporty-druzynowe\/koszykowka-mecz\" target=\"_blank\" class=\"events-slider-block__eventsName\">\n                                        <p>Kwalifikacje do Mistrzostw \u015awiata w koszyk\u00f3wce m\u0119\u017cczyzn 2027: Polska \u2013 Chorwacja<\/p>\n                                    <\/a>\n                                    <div class=\"events-slider-block__eventsDate\">\n                                        27.11.2026-27.11.2026                                    <\/div>\n                                    <div class=\"events-slider-block__eventsLocation\">Gliwice<\/div>\n                                <\/div>\n                                                            <div class=\"events-slider-block__eventsItem swiper-slide\">\n                                    <a href=\"https:\/\/www.ebilet.pl\/sport\/lekkoatletyka\/memorial-kamili-skolimowskiej\" target=\"_blank\" class=\"events-slider-block__eventsName\">\n                                        <p>Silesia Memoria\u0142 Kamili Skolimowskiej<\/p>\n                                    <\/a>\n                                    <div class=\"events-slider-block__eventsDate\">\n                                        15.08.2027-15.08.2027                                    <\/div>\n                                    <div class=\"events-slider-block__eventsLocation\">Chorz\u00f3w<\/div>\n                                <\/div>\n                                                            <div class=\"events-slider-block__eventsItem swiper-slide\">\n                                    <a href=\"https:\/\/www.ebilet.pl\/muzyka\/piosenka\/koncert-koled-i-pastoralek-golec-uorkiestra\" target=\"_blank\" class=\"events-slider-block__eventsName\">\n                                        <p>Golec uOrkiestra &#8211; Koncert Kol\u0119d i Pastora\u0142ek<\/p>\n                                    <\/a>\n                                    <div class=\"events-slider-block__eventsDate\">\n                                        18.12.2026-17.01.2027                                    <\/div>\n                                    <div class=\"events-slider-block__eventsLocation\">Bielsko-Bia\u0142a, Bydgoszcz, Gda\u0144sk i inne<\/div>\n                                <\/div>\n                                                            <div class=\"events-slider-block__eventsItem swiper-slide\">\n                                    <a href=\"https:\/\/www.ebilet.pl\/sport\/sporty-walki\/ksw-gala\" target=\"_blank\" class=\"events-slider-block__eventsName\">\n                                        <p>XTB KSW 122<\/p>\n                                    <\/a>\n                                    <div class=\"events-slider-block__eventsDate\">\n                                        10.10.2026-10.10.2026                                    <\/div>\n                                    <div class=\"events-slider-block__eventsLocation\">Rzesz\u00f3w<\/div>\n                                <\/div>\n                                                            <div class=\"events-slider-block__eventsItem swiper-slide\">\n                                    <a href=\"https:\/\/www.ebilet.pl\/muzyka\/festiwale\/up-to-date-festival\" target=\"_blank\" class=\"events-slider-block__eventsName\">\n                                        <p>Up To Date Festival 2027<\/p>\n                                    <\/a>\n                                    <div class=\"events-slider-block__eventsDate\">\n                                        27.05.2027-28.05.2027                                    <\/div>\n                                    <div class=\"events-slider-block__eventsLocation\">Bia\u0142ystok<\/div>\n                                <\/div>\n                                                            <div class=\"events-slider-block__eventsItem swiper-slide\">\n                                    <a href=\"https:\/\/www.ebilet.pl\/sport\/sporty-druzynowe\/mecz-mistrzow\" target=\"_blank\" class=\"events-slider-block__eventsName\">\n                                        <p>Mecz mistrz\u00f3w: Polska &#8211; W\u0142ochy<\/p>\n                                    <\/a>\n                                    <div class=\"events-slider-block__eventsDate\">\n                                        04.10.2026-04.10.2026                                    <\/div>\n                                    <div class=\"events-slider-block__eventsLocation\">Wroc\u0142aw<\/div>\n                                <\/div>\n                                                            <div class=\"events-slider-block__eventsItem swiper-slide\">\n                                    <a href=\"https:\/\/www.ebilet.pl\/muzyka\/hip-hop-rap\/otsochodzi\" target=\"_blank\" class=\"events-slider-block__eventsName\">\n                                        <p>Otsochodzi &#8211; RIOTT<\/p>\n                                    <\/a>\n                                    <div class=\"events-slider-block__eventsDate\">\n                                        01.10.2026-03.12.2026                                    <\/div>\n                                    <div class=\"events-slider-block__eventsLocation\">Gda\u0144sk, Krak\u00f3w, Pozna\u0144 i inne<\/div>\n                                <\/div>\n                                                            <div class=\"events-slider-block__eventsItem swiper-slide\">\n                                    <a href=\"https:\/\/www.ebilet.pl\/muzyka\/rock\/getdown-services\" target=\"_blank\" class=\"events-slider-block__eventsName\">\n                                        <p>Getdown Services<\/p>\n                                    <\/a>\n                                    <div class=\"events-slider-block__eventsDate\">\n                                        15.03.2027-16.03.2027                                    <\/div>\n                                    <div class=\"events-slider-block__eventsLocation\">Krak\u00f3w, Warszawa<\/div>\n                                <\/div>\n                                                            <div class=\"events-slider-block__eventsItem swiper-slide\">\n                                    <a href=\"https:\/\/www.ebilet.pl\/muzyka\/hip-hop-rap\/gombao33\" target=\"_blank\" class=\"events-slider-block__eventsName\">\n                                        <p>G33 Tour &#8211; Tadeo x Szczepan x Wygu\u015b x Mata<\/p>\n                                    <\/a>\n                                    <div class=\"events-slider-block__eventsDate\">\n                                        12.09.2026-04.10.2026                                    <\/div>\n                                    <div class=\"events-slider-block__eventsLocation\">Bydgoszcz, Gwi\u017adziny, Kra\u015bnik i inne<\/div>\n                                <\/div>\n                                                            <div class=\"events-slider-block__eventsItem swiper-slide\">\n                                    <a href=\"https:\/\/www.ebilet.pl\/muzyka\/festiwale\/olsztyn-green-festival\" target=\"_blank\" class=\"events-slider-block__eventsName\">\n                                        <p>Olsztyn Green Festival 2027<\/p>\n                                    <\/a>\n                                    <div class=\"events-slider-block__eventsDate\">\n                                        13.08.2027-13.08.2027                                    <\/div>\n                                    <div class=\"events-slider-block__eventsLocation\">Olsztyn<\/div>\n                                <\/div>\n                                                        <\/div>\n                        <\/div>\n                        <div class=\"events-slider-block__pagination\">\n                            <div class=\"swiper-pagination slider-pagination slider-pagination--theme-white\" data-events-slider-pagination><\/div>\n                        <\/div>\n                    <\/div>\n                                        <div class=\"events-slider-block__bottom\">\n                                                                                <div class=\"events-slider-block__link desktop\">\n                                    <a\n                                        class=\"button button--size-small button--theme-primary-yellow button--withIconLeft\"\n                                        href=\"https:\/\/www.ebilet.pl\/\">\n                                                                                    <div class=\"button__icon\"><img loading=\"lazy\" decoding=\"async\" width=\"30\" height=\"30\" src=\"https:\/\/www.ebilet.pl\/now\/app\/uploads\/2024\/01\/ticket-cinema-entertainment-coupon-discount-sale_30px.png\" class=\"attachment-full size-full\" alt=\"\" \/><\/div>\n                                                                                <p class=\"button__text typo-18\">Kup na eBilet.pl<\/p>\n                                    <\/a>\n                                <\/div>\n                                                                                <div class=\"events-slider-block__link mobile\">\n                                    <a\n                                        class=\"button button--size-small button--theme-primary-yellow button--withIconLeft\"\n                                        href=\"https:\/\/www.ebilet.pl\/\">\n                                                                                    <div class=\"button__icon\"><img loading=\"lazy\" decoding=\"async\" width=\"30\" height=\"30\" src=\"https:\/\/www.ebilet.pl\/now\/app\/uploads\/2024\/01\/ticket-cinema-entertainment-coupon-discount-sale_30px.png\" class=\"attachment-full size-full\" alt=\"\" \/><\/div>\n                                                                                <p class=\"button__text typo-18\">Kup na eBilet.pl<\/p>\n                                    <\/a>\n                                <\/div>\n                                            <\/div>\n                <\/div>\n            <\/div>\n        <\/div>\n    <\/div>\n<\/section>","protected":false},"excerpt":{"rendered":"<p>Federacja KSW zbli\u017ca si\u0119 do jubileuszowej 100 gali. Organizacja, kt\u00f3ra zaczyna\u0142a w nieistniej\u0105cej ju\u017c restauracji \u201cChampions\u201d, dzi\u015b jest w\u015br\u00f3d najwi\u0119kszych federacji MMA na \u015bwiecie i najwi\u0119ksz\u0105 tego typu organizacj\u0105 w Europie. Kt\u00f3re walki mia\u0142y najwi\u0119kszy wp\u0142yw na rozw\u00f3j organizacji i ukszta\u0142towanie si\u0119 MMA w naszym kraju? Poznaj historyczne pojedynki KSW. <\/p>\n","protected":false},"author":21,"featured_media":34764,"comment_status":"open","ping_status":"open","sticky":false,"template":"page-templates\/article-premium.php","format":"standard","meta":{"_acf_changed":false,"footnotes":""},"article_tag":[73,71,106],"article_type":[559],"class_list":["post-34763","post","type-post","status-publish","format-standard","has-post-thumbnail","hentry","article_tag-mma","article_tag-polecane","article_tag-sporty-walki","article_type-sport"],"acf":[],"_links":{"self":[{"href":"https:\/\/www.ebilet.pl\/now\/wp-json\/wp\/v2\/posts\/34763","targetHints":{"allow":["GET"]}}],"collection":[{"href":"https:\/\/www.ebilet.pl\/now\/wp-json\/wp\/v2\/posts"}],"about":[{"href":"https:\/\/www.ebilet.pl\/now\/wp-json\/wp\/v2\/types\/post"}],"author":[{"embeddable":true,"href":"https:\/\/www.ebilet.pl\/now\/wp-json\/wp\/v2\/users\/21"}],"replies":[{"embeddable":true,"href":"https:\/\/www.ebilet.pl\/now\/wp-json\/wp\/v2\/comments?post=34763"}],"version-history":[{"count":3,"href":"https:\/\/www.ebilet.pl\/now\/wp-json\/wp\/v2\/posts\/34763\/revisions"}],"predecessor-version":[{"id":36552,"href":"https:\/\/www.ebilet.pl\/now\/wp-json\/wp\/v2\/posts\/34763\/revisions\/36552"}],"wp:featuredmedia":[{"embeddable":true,"href":"https:\/\/www.ebilet.pl\/now\/wp-json\/wp\/v2\/media\/34764"}],"wp:attachment":[{"href":"https:\/\/www.ebilet.pl\/now\/wp-json\/wp\/v2\/media?parent=34763"}],"wp:term":[{"taxonomy":"article_tag","embeddable":true,"href":"https:\/\/www.ebilet.pl\/now\/wp-json\/wp\/v2\/article_tag?post=34763"},{"taxonomy":"article_type","embeddable":true,"href":"https:\/\/www.ebilet.pl\/now\/wp-json\/wp\/v2\/article_type?post=34763"}],"curies":[{"name":"wp","href":"https:\/\/api.w.org\/{rel}","templated":true}]}}