{"id":34405,"date":"2024-09-27T21:37:51","date_gmt":"2024-09-27T20:37:51","guid":{"rendered":"https:\/\/www.ebilet.pl\/now\/?p=34405"},"modified":"2024-09-27T21:38:43","modified_gmt":"2024-09-27T20:38:43","slug":"co-warto-zobaczyc-w-rzeszowie-pora-na-zwiedzanie","status":"publish","type":"post","link":"https:\/\/www.ebilet.pl\/now\/co-warto-zobaczyc-w-rzeszowie-pora-na-zwiedzanie\/","title":{"rendered":"Co warto zobaczy\u0107 w Rzeszowie? Pora na zwiedzanie!"},"content":{"rendered":"\n<section class=\"text-block  section-margin-32\" >\n    <div class=\"container\">\n        <div class=\"row\">\n            <div class=\"col-24\">\n                <div class=\"text-block__content\"><h2><strong>Sk\u0105d wzi\u0119\u0142a si\u0119 nazwa Rzesz\u00f3w?\u00a0<\/strong><\/h2>\n<p><span style=\"font-weight: 400;\">S\u0105 r\u00f3\u017cne mo\u017cliwe historie nazwy Rzesz\u00f3w. <\/span><b>Wsp\u00f3\u0142czesna, dyskusyjna wersja wywodzi si\u0119 od hipotetycznej niemieckiej formy <\/b><b><i>Reich(s)hoff<\/i><\/b><b> (\u201cdw\u00f3r pa\u0144ski\u201d), kt\u00f3re to mia\u0142oby by\u0107 za\u0142o\u017cone przez niemieckich kolonist\u00f3w. <\/b><span style=\"font-weight: 400;\">Ta etymologia jest jednak pozbawiona podstaw \u017ar\u00f3d\u0142owych. Budzi\u0142a ona zastrze\u017cenia ju\u017c przed I wojn\u0105 \u015bwiatow\u0105, a po II wojnie \u015bwiatowej tym bardziej (z uwagi na wykorzystywanie jej w polityce kolonizacyjnej III Rzeszy). Co prawda w 1941 roku w\u0142adze okupacyjne wprowadzi\u0142y urz\u0119dow\u0105 nazw\u0119 Reichshof, jednak badacze zauwa\u017cyli, \u017ce model przekszta\u0142cenia owej nazwy w \u201cRzesz\u00f3w\u201d jest w polszczy\u017anie niespotykany. Do tego niemiecka wersja nazwy \u201cRzesz\u00f3w\u201d z XV wieku to Resche, co tym bardziej podwa\u017ca t\u0119 teori\u0119.\u00a0<\/span><\/p>\n<p><b>Inna teoria m\u00f3wi o tym, \u017ce nazwa miasta powsta\u0142a od s\u0142owa \u201crzesza\u201d, czyli \u201cdu\u017ca grupa os\u00f3b\u201d. <\/b><span style=\"font-weight: 400;\">Odpowiada to ruskiej nazwie Riaszew z XIV wieku. \u015alad po tym przetrwa\u0142 jednak tylko w miejscowej tradycji, wed\u0142ug kt\u00f3rej potoczna nazwa miasta to Rzesza.\u00a0<\/span><\/p>\n<p><span style=\"font-weight: 400;\">No dobrze, wiemy wi\u0119c, \u017ce nic nie wiemy. Mo\u017cemy i\u015b\u0107 dalej, by zobaczy\u0107 kawa\u0142ek miasta (ca\u0142ego niestety nie damy rady zwiedzi\u0107).\u00a0<\/span><\/p>\n<h2><strong>Muzea w Rzeszowie<\/strong><\/h2>\n<p><b>Zacznijmy od muze\u00f3w. W rzeszowie mo\u017cesz zwiedzi\u0107:\u00a0<\/b><\/p>\n<ul>\n<li style=\"font-weight: 400;\" aria-level=\"1\"><span style=\"font-weight: 400;\">Muzeum Okr\u0119gowe (a w nim tak\u017ce takie oddzia\u0142y jak chocia\u017cby: Muzeum Etnograficzne czy Muzeum Historii Miasta Rzeszowa),\u00a0<\/span><\/li>\n<li style=\"font-weight: 400;\" aria-level=\"1\"><span style=\"font-weight: 400;\">Muzeum Diecezjalne,<\/span><\/li>\n<li style=\"font-weight: 400;\" aria-level=\"1\"><span style=\"font-weight: 400;\">Muzeum \u0141owiectwa,<\/span><\/li>\n<li style=\"font-weight: 400;\" aria-level=\"1\"><span style=\"font-weight: 400;\">Muzeum Dobranocek,<\/span><\/li>\n<li style=\"font-weight: 400;\" aria-level=\"1\"><span style=\"font-weight: 400;\">Muzeum Uniwersytetu Rzeszowskiego,<\/span><\/li>\n<li style=\"font-weight: 400;\" aria-level=\"1\"><span style=\"font-weight: 400;\">Podziemn\u0105 Tras\u0119 Turystyczn\u0105,<\/span><\/li>\n<li style=\"font-weight: 400;\" aria-level=\"1\"><span style=\"font-weight: 400;\">Muzeum Techniki i Militari\u00f3w,<\/span><\/li>\n<li style=\"font-weight: 400;\" aria-level=\"1\"><span style=\"font-weight: 400;\">Muzeum Mleczarstwa,<\/span><\/li>\n<li style=\"font-weight: 400;\" aria-level=\"1\"><span style=\"font-weight: 400;\">Muzeum Skarb\u00f3w Matki Ziemi.\u00a0<\/span><\/li>\n<\/ul>\n<p><span style=\"font-weight: 400;\">Sam widzisz, \u017ce jest ich ca\u0142kiem sporo. Przyjrzyjmy si\u0119 wi\u0119c bli\u017cej tylko kilku z nich.<\/span><\/p>\n<h3><strong>Muzeum Okr\u0119gowe w Rzeszowie<\/strong><\/h3>\n<p><b>Muzeum zosta\u0142o za\u0142o\u017cone w 1935 roku i dzi\u015b gromadzi niemal 240 tysi\u0119cy eksponat\u00f3w. Sk\u0142ada si\u0119 ono z:<\/b><\/p>\n<ul>\n<li style=\"font-weight: 400;\" aria-level=\"1\"><span style=\"font-weight: 400;\">Muzeum Etnograficznego,<\/span><\/li>\n<li style=\"font-weight: 400;\" aria-level=\"1\"><span style=\"font-weight: 400;\">Muzeum Historii Miasta,<\/span><\/li>\n<li style=\"font-weight: 400;\" aria-level=\"1\"><span style=\"font-weight: 400;\">Podziemnej Trasy Turystycznej pod rynkiem,<\/span><\/li>\n<li style=\"font-weight: 400;\" aria-level=\"1\"><span style=\"font-weight: 400;\">sta\u0142ej wystawy obejmuj\u0105cej eksponaty od XIV wieku do czas\u00f3w II wojny \u015bwiatowej,<\/span><\/li>\n<li style=\"font-weight: 400;\" aria-level=\"1\"><span style=\"font-weight: 400;\">Muzeum Biograficznego Juliana Przybosia w Gwo\u017anicy Dolnej.\u00a0<\/span><\/li>\n<\/ul>\n<p><b>Oddzia\u0142 g\u0142\u00f3wny muzeum znajduje si\u0119 w dawnym budynku klasztornym konwentu Pijar\u00f3w, kt\u00f3ry zosta\u0142 wzniesiony w XVII wieku. Wchodz\u0105c tam, trafisz do oddzia\u0142\u00f3w:<\/b><\/p>\n<ul>\n<li style=\"font-weight: 400;\" aria-level=\"1\"><span style=\"font-weight: 400;\">Archeologii,<\/span><\/li>\n<li style=\"font-weight: 400;\" aria-level=\"1\"><span style=\"font-weight: 400;\">Sztuki,<\/span><\/li>\n<li style=\"font-weight: 400;\" aria-level=\"1\"><span style=\"font-weight: 400;\">Historii,<\/span><\/li>\n<\/ul>\n<p><span style=\"font-weight: 400;\">a tak\u017ce do biblioteki, administracji i pracowni konserwacji dzie\u0142 sztuki.\u00a0<\/span><\/p>\n<p><b>Jednym z najcenniejszych zbior\u00f3w muzeum jest tzw. \u201cGaleria rodziny D\u0105bskich\u201d,<\/b><span style=\"font-weight: 400;\"> kt\u00f3ra to zosta\u0142a podarowana miastu mimo tego, \u017ce upomina\u0142o si\u0119 o ni\u0105 Ossolineum. W 2015 roku do muzeum trafi\u0142a te\u017c kolekcja militari\u00f3w Jana Partyki, kt\u00f3ra sta\u0142a si\u0119 sta\u0142\u0105 ekspozycj\u0105 \u201c\u017bo\u0142nierz polski 1914-1945. Kolekcja Jana Partyki\u201d.\u00a0<\/span><\/p>\n<\/div>\n            <\/div>\n        <\/div>\n    <\/div>\n<\/section>\n\n\n<section class=\"banner banner--layout-default section-margin-32\" >\n    <div class=\"container\">\n        <div class=\"row\">\n            <div class=\"col-24\">\n                <div class=\"banner__wrapper\">\n                                        <div class=\"banner__bg\">\n                        <img loading=\"lazy\" decoding=\"async\" width=\"1920\" height=\"1080\" src=\"https:\/\/www.ebilet.pl\/now\/app\/uploads\/2024\/09\/shutterstock_1469238866.jpg\" class=\"attachment-full size-full\" alt=\"Co warto zobaczy\u0107 w Rzeszowie? Pora na zwiedzanie!\" srcset=\"https:\/\/www.ebilet.pl\/now\/app\/uploads\/2024\/09\/shutterstock_1469238866.jpg 1920w, https:\/\/www.ebilet.pl\/now\/app\/uploads\/2024\/09\/shutterstock_1469238866-1024x576.jpg 1024w, https:\/\/www.ebilet.pl\/now\/app\/uploads\/2024\/09\/shutterstock_1469238866-1536x864.jpg 1536w, https:\/\/www.ebilet.pl\/now\/app\/uploads\/2024\/09\/shutterstock_1469238866-1280x720.jpg 1280w, https:\/\/www.ebilet.pl\/now\/app\/uploads\/2024\/09\/shutterstock_1469238866-500x281.jpg 500w, https:\/\/www.ebilet.pl\/now\/app\/uploads\/2024\/09\/shutterstock_1469238866-632x356.jpg 632w, https:\/\/www.ebilet.pl\/now\/app\/uploads\/2024\/09\/shutterstock_1469238866-308x174.jpg 308w\" sizes=\"(max-width: 1920px) 100vw, 1920px\" \/>                    <\/div>\n                                                                                                    <div class=\"banner__text\">\n                        <div class=\"banner__title typo-h2 f-700\">Wydarzenia w Rzeszowie<\/div>\n                        <p class=\"banner__desc typo-14\"><\/p>\n                    <\/div>\n                                                            <div class=\"banner__link\">\n                        <a\n                            class=\"button button--theme-primary-yellow \"\n                            href=\"https:\/\/www.ebilet.pl\/miasto\/rzeszow\"\n                        >\n                            <p class=\"button__text typo-18\">Kup bilety<\/p>\n                                                    <\/a>\n                    <\/div>\n                                                        <\/div>\n            <\/div>\n        <\/div>\n    <\/div>\n<\/section>\n\n\n<section class=\"text-block  section-margin-32\" >\n    <div class=\"container\">\n        <div class=\"row\">\n            <div class=\"col-24\">\n                <div class=\"text-block__content\"><h3><strong>Muzeum Dobranocek w Rzeszowie<\/strong><\/h3>\n<p><span style=\"font-weight: 400;\">Muzeum Dobranocek znajdziesz w centrum miasta, w pobli\u017cu rynku.<\/span><b> S\u0105 w nim eksponaty ze zbior\u00f3w Wojciecha Jamy, takie jak:<\/b><\/p>\n<ul>\n<li style=\"font-weight: 400;\" aria-level=\"1\"><span style=\"font-weight: 400;\">lalki z film\u00f3w kukie\u0142kowych (m.in. z \u201cPrzyg\u00f3d Misia Colargola\u201d, \u201cMisia Uszatka\u201d, \u201cPlastusiowego pami\u0119tnika\u201d, \u201cMaurycego i Hawranka\u201d czy \u201cKolorowego \u015bwiata Pacyka\u201d),<\/span><\/li>\n<li style=\"font-weight: 400;\" aria-level=\"1\"><span style=\"font-weight: 400;\">przedmioty zwi\u0105zane z popularnymi dobranockami (np. zabawki, ksi\u0105\u017cki, plakaty, walory filatelistyczne czy opakowania po artyku\u0142ach kosmetycznych lub spo\u017cywczych, czasem nawet z oryginaln\u0105 zawarto\u015bci\u0105).<\/span><\/li>\n<\/ul>\n<p><b>Je\u015bli nie urodzi\u0142e\u015b si\u0119 wczoraj, ta kolekcja przywo\u0142a ciekawe, przyjemne i mi\u0142e do\u015bwiadczenia z dzieci\u0144stwa. Koniecznie tam wpadnij, gdy b\u0119dziesz w Rzeszowie.<\/b><\/p>\n<h3><strong>Podziemna Trasa Turystyczna \u201cRzeszowskie Piwnice\u201d w Rzeszowie<\/strong><\/h3>\n<p><span style=\"font-weight: 400;\">Jak wcze\u015bniej wspomnieli\u015bmy, Muzeum Okr\u0119gowe oferuje tak\u017ce przej\u015bcie podziemn\u0105 tras\u0105 turystyczn\u0105. <\/span><b>Znajduje si\u0119 ona pod staromiejskim Rynkiem i biegnie przez po\u0142\u0105czone ze sob\u0105 dawne miejskie piwnice. <\/b><span style=\"font-weight: 400;\">Wej\u015bcie znajdziesz w Ratuszu (Rynek 26), a wyj\u015bcie przy Rynku 12 (od strony ulicy Baldach\u00f3wka). <\/span><b>Trasa ma zaledwie 396 metr\u00f3w, wi\u0119c na pewno dasz rad\u0119 ni\u0105 przej\u015b\u0107, a po drodze czeka ci\u0119 mn\u00f3stwo ciekawostek:<\/b><\/p>\n<ul>\n<li style=\"font-weight: 400;\" aria-level=\"1\"><span style=\"font-weight: 400;\">przej\u015bcie przez kilkadziesi\u0105t po\u0142\u0105czonych ze sob\u0105 pomieszcze\u0144,<\/span><\/li>\n<li style=\"font-weight: 400;\" aria-level=\"1\"><span style=\"font-weight: 400;\">zwiedzanie na trzech kondygnacjach (od 0,5 do 10 metr\u00f3w pod powierzchni\u0105 Rynku),<\/span><\/li>\n<li style=\"font-weight: 400;\" aria-level=\"1\"><span style=\"font-weight: 400;\">w\u015br\u00f3d pomieszcze\u0144 s\u0105 m.in. Piwnice B\u0142awatnik\u00f3w, Piwnica Rzeszowskich, Trakt Lubomirskich, Gruba Kochanowicza, Droga Kupc\u00f3w, Lochy Tatarskie czy Piwnica Miodowa,<\/span><\/li>\n<li style=\"font-weight: 400;\" aria-level=\"1\"><span style=\"font-weight: 400;\">najw\u0119\u017csze miejsce na trasie ma 70 cm,<\/span><\/li>\n<li style=\"font-weight: 400;\" aria-level=\"1\"><span style=\"font-weight: 400;\">ekspozycja historyczno-edukacyjna (repliki zbroi rycerskich, broni palnej i bia\u0142ej, dawna ceramika u\u017cytkowa, przedmioty codziennego u\u017cytku, herby danych w\u0142a\u015bcicieli miasta, ziem i wojew\u00f3dztw i wiele, wiele innych).<\/span><\/li>\n<\/ul>\n<p><b>Po trasie oprowadzi ci\u0119 przewodnik. Nie mo\u017cna jej zwiedza\u0107 na w\u0142asn\u0105 r\u0119k\u0119.\u00a0<\/b><\/p>\n<h2><strong>Ko\u015bci\u00f3\u0142 \u015bw. Wojciecha i \u015bw. Stanis\u0142awa w Rzeszowie<\/strong><\/h2>\n<p><span style=\"font-weight: 400;\">Ko\u015bci\u00f3\u0142 \u015bw. Wojciecha i \u015bw. Stanis\u0142awa w Rzeszowie znajdziesz w centrum Starego Miasta, dok\u0142adniej na Placu Farnym (zbieg ulic Ko\u015bciuszki i 3 Maja). <\/span><b>To prawdopodobnie najstarszy budynek w mie\u015bcie. <\/b><span style=\"font-weight: 400;\">Pocz\u0105tki parafii si\u0119gaj\u0105 po\u0142owy XIV wieku, ale m\u00f3wi si\u0119 o tym, \u017ce ju\u017c wcze\u015bniej istnia\u0142a tam ma\u0142a, drewniana \u015bwi\u0105tynia \u015bw. Feliksa i \u015bw. Adaukra (wspomina\u0142 o niej Kazimierz Wielki w li\u015bcie do papie\u017ca Urbana V). W XV wieku nowy ko\u015bci\u00f3\u0142 nawiedzi\u0142y wojny i po\u017cary, przez co p\u00f3\u017aniej trzeba by\u0142o go odbudowa\u0107. W XVI wieku zabezpieczono go dodatkowo murem.\u00a0<\/span><\/p>\n<p><b>W XVIII wieku ca\u0142kowicie zmieniono koncepcj\u0119 architektoniczn\u0105, przez co budynek aktualnie ma charakter barokowy.<\/b><span style=\"font-weight: 400;\"> Z tamtego okresu pochodzi tak\u017ce charakterystyczna dzwonnica z trzema dzwonami, kt\u00f3re w 1917 zarekwirowa\u0142y w\u0142adze austriackie, przez co trzeba by\u0142o w 1926 roku zakupi\u0107 nowe dzwony.\u00a0\u00a0<\/span><\/p>\n<p><span style=\"font-weight: 400;\">Je\u015bli nie lubisz zwiedza\u0107 ko\u015bcio\u0142\u00f3w, sp\u00f3jrz na niego chocia\u017cby z zewn\u0105trz, bo jest bardzo ciekawym budynkiem.\u00a0<\/span><\/p>\n<\/div>\n            <\/div>\n        <\/div>\n    <\/div>\n<\/section>\n\n\n<section class=\"tickets-slider  section-margin-32\"\n    data-tickets-slider\n    data-item-list-name=\"Karuzela z buttonami\"\n    data-item-list-id=\"karuzela_z_buttonami\"\n    >\n    <div class=\"container\">\n        <div class=\"row\">\n            <div class=\"col-24\">\n                <div class=\"tickets-slider__main\">\n                    <div class=\"tickets-slider__nav tickets-slider__nav--prev\">\n                        <div class=\"button button--withIcon button--theme-white-blur button--size-fixed-48\" data-tickets-slider-prev>\n                            <span class=\"button__icon icon icon-chevron-left\"><\/span>\n                        <\/div>\n                    <\/div>\n                    <div class=\"tickets-slider__nav tickets-slider__nav--next\">\n                        <div class=\"button button--withIcon button--theme-white-blur button--size-fixed-48\" data-tickets-slider-next>\n                            <span class=\"button__icon icon icon-chevron-right\"><\/span>\n                        <\/div>\n                    <\/div>\n                    <div class=\"tickets-slider__slider swiper\" data-tickets-slider-slider>\n                        <div class=\"tickets-slider__sliderWrapper swiper-wrapper\">\n                                                            <div class=\"tickets-slider__sliderItem swiper-slide\"\n                                    data-id=\"63906\"\n                                    data-name=\"Mecze towarzyskie Reprezentacji Polski m\u0119\u017cczyzn w siatk\u00f3wce\"\n                                    data-brand=\"Polska Siatk\u00f3wka Sp. z o.o.\"\n                                    data-category=\"sport\"\n                                    data-subcategory=\"sporty-druzynowe\"\n                                    data-city=\"Katowice, Sosnowiec\"\n                                    data-venue=\"ArcelorMittal Park w Sosnowcu\">\n                                    <div class=\"tickets-slider__sliderCard\">\n                                        \n<div class=\"card-ticket\">\n        <div class=\"card-ticket__image\">\n        <a href=\"https:\/\/www.ebilet.pl\/sport\/sporty-druzynowe\/mecz-siatkowki\">\n            <img decoding=\"async\" src=\"https:\/\/www.ebilet.pl\/media\/cms\/media\/paxoijep\/mecz-1-e7ebdff4-0eeb-4b41-87f8-b8cc79cca9e1.webp\" alt=\"Plakat wydarzenia\" \/>\n        <\/a>\n    <\/div>\n             \n    <div class=\"card-ticket__link\">\n        <a href=\"https:\/\/www.ebilet.pl\/sport\/sporty-druzynowe\/mecz-siatkowki\" class=\"button button--theme-primary-yellow button--withIconLeft button--size-small\">\n            <span class=\"button__icon icon icon-ticket\"><\/span>\n            <p class=\"button__text typo-16 f-600\">Kup bilet<\/p>\n        <\/a>\n    <\/div>\n    <\/div>                                    <\/div>\n                                <\/div>\n                                                            <div class=\"tickets-slider__sliderItem swiper-slide\"\n                                    data-id=\"13630\"\n                                    data-name=\"M\u0119skie Granie 2026\"\n                                    data-brand=\"LIVE Sp. z o.o.\"\n                                    data-category=\"muzyka\"\n                                    data-subcategory=\"festiwale\"\n                                    data-city=\"Gda\u0144sk, Krak\u00f3w, Pozna\u0144 i inne\"\n                                    data-venue=\"\u017bywiec Amfiteatr pod Grojcem\">\n                                    <div class=\"tickets-slider__sliderCard\">\n                                        \n<div class=\"card-ticket\">\n        <div class=\"card-ticket__image\">\n        <a href=\"https:\/\/www.ebilet.pl\/muzyka\/festiwale\/meskie-granie\">\n            <img decoding=\"async\" src=\"https:\/\/www.ebilet.pl\/media\/cms\/media\/otqfs0tb\/552x736-11-18222119-c0b1-48d3-9da6-2d9f34d401ee.webp\" alt=\"Plakat wydarzenia\" \/>\n        <\/a>\n    <\/div>\n             \n    <div class=\"card-ticket__link\">\n        <a href=\"https:\/\/www.ebilet.pl\/muzyka\/festiwale\/meskie-granie\" class=\"button button--theme-primary-yellow button--withIconLeft button--size-small\">\n            <span class=\"button__icon icon icon-ticket\"><\/span>\n            <p class=\"button__text typo-16 f-600\">Kup bilet<\/p>\n        <\/a>\n    <\/div>\n    <\/div>                                    <\/div>\n                                <\/div>\n                                                            <div class=\"tickets-slider__sliderItem swiper-slide\"\n                                    data-id=\"146847\"\n                                    data-name=\"Gdzie na maj\u00f3wk\u0119 2026?\"\n                                    data-brand=\"eBilet\"\n                                    data-category=\"biznes\"\n                                    data-subcategory=\"pozostale\"\n                                    data-city=\"\"\n                                    data-venue=\"\">\n                                    <div class=\"tickets-slider__sliderCard\">\n                                        \n<div class=\"card-ticket\">\n        <div class=\"card-ticket__image\">\n        <a href=\"https:\/\/www.ebilet.pl\/biznes\/pozostale\/majowka\">\n            <img decoding=\"async\" src=\"https:\/\/www.ebilet.pl\/media\/cms\/media\/0ykhdlea\/552x736.webp\" alt=\"Plakat wydarzenia\" \/>\n        <\/a>\n    <\/div>\n             \n    <div class=\"card-ticket__link\">\n        <a href=\"https:\/\/www.ebilet.pl\/biznes\/pozostale\/majowka\" class=\"button button--theme-primary-yellow button--withIconLeft button--size-small\">\n            <span class=\"button__icon icon icon-ticket\"><\/span>\n            <p class=\"button__text typo-16 f-600\">Kup bilet<\/p>\n        <\/a>\n    <\/div>\n    <\/div>                                    <\/div>\n                                <\/div>\n                                                            <div class=\"tickets-slider__sliderItem swiper-slide\"\n                                    data-id=\"10086\"\n                                    data-name=\"Orange Warsaw Festival 2026\"\n                                    data-brand=\"Alter Art\"\n                                    data-category=\"muzyka\"\n                                    data-subcategory=\"festiwale\"\n                                    data-city=\"Warszawa\"\n                                    data-venue=\"Tor Wy\u015bcig\u00f3w Konnych Warszawa - S\u0142u\u017cewiec\">\n                                    <div class=\"tickets-slider__sliderCard\">\n                                        \n<div class=\"card-ticket\">\n        <div class=\"card-ticket__image\">\n        <a href=\"https:\/\/www.ebilet.pl\/muzyka\/festiwale\/orange-warsaw-festival\">\n            <img decoding=\"async\" src=\"https:\/\/www.ebilet.pl\/media\/cms\/media\/bxnh21tr\/owf_2026_ebilet_552x736-94c1b52f-1e91-4861-ba57-03b21dcd6346.webp\" alt=\"Plakat wydarzenia\" \/>\n        <\/a>\n    <\/div>\n             \n    <div class=\"card-ticket__link\">\n        <a href=\"https:\/\/www.ebilet.pl\/muzyka\/festiwale\/orange-warsaw-festival\" class=\"button button--theme-primary-yellow button--withIconLeft button--size-small\">\n            <span class=\"button__icon icon icon-ticket\"><\/span>\n            <p class=\"button__text typo-16 f-600\">Kup bilet<\/p>\n        <\/a>\n    <\/div>\n    <\/div>                                    <\/div>\n                                <\/div>\n                                                            <div class=\"tickets-slider__sliderItem swiper-slide\"\n                                    data-id=\"205645\"\n                                    data-name=\"Bezpieczna odsprzeda\u017c w apce eBilet\"\n                                    data-brand=\"eBilet\"\n                                    data-category=\"biznes\"\n                                    data-subcategory=\"pozostale\"\n                                    data-city=\"\"\n                                    data-venue=\"\">\n                                    <div class=\"tickets-slider__sliderCard\">\n                                        \n<div class=\"card-ticket\">\n        <div class=\"card-ticket__image\">\n        <a href=\"https:\/\/www.ebilet.pl\/biznes\/pozostale\/odsprzedaz\">\n            <img decoding=\"async\" src=\"https:\/\/www.ebilet.pl\/media\/cms\/media\/lkwf0krx\/552x736-1.webp\" alt=\"Plakat wydarzenia\" \/>\n        <\/a>\n    <\/div>\n             \n    <div class=\"card-ticket__link\">\n        <a href=\"https:\/\/www.ebilet.pl\/biznes\/pozostale\/odsprzedaz\" class=\"button button--theme-primary-yellow button--withIconLeft button--size-small\">\n            <span class=\"button__icon icon icon-ticket\"><\/span>\n            <p class=\"button__text typo-16 f-600\">Kup bilet<\/p>\n        <\/a>\n    <\/div>\n    <\/div>                                    <\/div>\n                                <\/div>\n                                                            <div class=\"tickets-slider__sliderItem swiper-slide\"\n                                    data-id=\"204964\"\n                                    data-name=\"EPIC ROCK: Symphonic Concert\"\n                                    data-brand=\"VISUAL PRODUCTION Sp. z o.o. \"\n                                    data-category=\"muzyka\"\n                                    data-subcategory=\"rock\"\n                                    data-city=\"Gdynia, Pozna\u0144, Warszawa i inne\"\n                                    data-venue=\"MTP - Mi\u0119dzynarodowe Targi Pozna\u0144skie\">\n                                    <div class=\"tickets-slider__sliderCard\">\n                                        \n<div class=\"card-ticket\">\n        <div class=\"card-ticket__image\">\n        <a href=\"https:\/\/www.ebilet.pl\/muzyka\/rock\/epic-rock-symphonic-concert\">\n            <img decoding=\"async\" src=\"https:\/\/www.ebilet.pl\/media\/cms\/media\/gqgdpaua\/552x736-epic-rock_data-d7743615-48da-4014-8a56-ff6b809a1c25.webp\" alt=\"Plakat wydarzenia\" \/>\n        <\/a>\n    <\/div>\n             \n    <div class=\"card-ticket__link\">\n        <a href=\"https:\/\/www.ebilet.pl\/muzyka\/rock\/epic-rock-symphonic-concert\" class=\"button button--theme-primary-yellow button--withIconLeft button--size-small\">\n            <span class=\"button__icon icon icon-ticket\"><\/span>\n            <p class=\"button__text typo-16 f-600\">Kup bilet<\/p>\n        <\/a>\n    <\/div>\n    <\/div>                                    <\/div>\n                                <\/div>\n                                                            <div class=\"tickets-slider__sliderItem swiper-slide\"\n                                    data-id=\"94598\"\n                                    data-name=\"FAME 31\"\n                                    data-brand=\"Fame MMA\"\n                                    data-category=\"sport\"\n                                    data-subcategory=\"sporty-walki\"\n                                    data-city=\"Koszalin\"\n                                    data-venue=\"Hala Widowiskowo-Sportowa w Koszalinie\">\n                                    <div class=\"tickets-slider__sliderCard\">\n                                        \n<div class=\"card-ticket\">\n        <div class=\"card-ticket__image\">\n        <a href=\"https:\/\/www.ebilet.pl\/sport\/sporty-walki\/fame-mma\">\n            <img decoding=\"async\" src=\"https:\/\/www.ebilet.pl\/media\/cms\/media\/24lbxjty\/fame31-cover-ebilet-552x736.webp\" alt=\"Plakat wydarzenia\" \/>\n        <\/a>\n    <\/div>\n             \n    <div class=\"card-ticket__link\">\n        <a href=\"https:\/\/www.ebilet.pl\/sport\/sporty-walki\/fame-mma\" class=\"button button--theme-primary-yellow button--withIconLeft button--size-small\">\n            <span class=\"button__icon icon icon-ticket\"><\/span>\n            <p class=\"button__text typo-16 f-600\">Kup bilet<\/p>\n        <\/a>\n    <\/div>\n    <\/div>                                    <\/div>\n                                <\/div>\n                                                            <div class=\"tickets-slider__sliderItem swiper-slide\"\n                                    data-id=\"169470\"\n                                    data-name=\"Morrissey\"\n                                    data-brand=\"Winiary Bookings sp. z o. o.\"\n                                    data-category=\"muzyka\"\n                                    data-subcategory=\"rock\"\n                                    data-city=\"Warszawa\"\n                                    data-venue=\"Letnia Scena Progresji\">\n                                    <div class=\"tickets-slider__sliderCard\">\n                                        \n<div class=\"card-ticket\">\n        <div class=\"card-ticket__image\">\n        <a href=\"https:\/\/www.ebilet.pl\/muzyka\/rock\/morrissey\">\n            <img decoding=\"async\" src=\"https:\/\/www.ebilet.pl\/media\/cms\/media\/v0fhczer\/morrissey-ebilet-strona-wydarzenia-pion-warszawa-2b0fb3a5-f2dd-4773-8334-2fab1e2a5a89.webp\" alt=\"Plakat wydarzenia\" \/>\n        <\/a>\n    <\/div>\n             \n    <div class=\"card-ticket__link\">\n        <a href=\"https:\/\/www.ebilet.pl\/muzyka\/rock\/morrissey\" class=\"button button--theme-primary-yellow button--withIconLeft button--size-small\">\n            <span class=\"button__icon icon icon-ticket\"><\/span>\n            <p class=\"button__text typo-16 f-600\">Kup bilet<\/p>\n        <\/a>\n    <\/div>\n    <\/div>                                    <\/div>\n                                <\/div>\n                                                            <div class=\"tickets-slider__sliderItem swiper-slide\"\n                                    data-id=\"16543\"\n                                    data-name=\"Rozta\u0144czony PGE Narodowy 2026\"\n                                    data-brand=\"KRYSIAK POLSKA CORPORATION Sp. z o.o.\"\n                                    data-category=\"muzyka\"\n                                    data-subcategory=\"festiwale\"\n                                    data-city=\"Warszawa\"\n                                    data-venue=\"PGE Narodowy im. Kazimierza G\u00f3rskiego\">\n                                    <div class=\"tickets-slider__sliderCard\">\n                                        \n<div class=\"card-ticket\">\n        <div class=\"card-ticket__image\">\n        <a href=\"https:\/\/www.ebilet.pl\/muzyka\/festiwale\/roztanczony-narodowy\">\n            <img decoding=\"async\" src=\"https:\/\/www.ebilet.pl\/media\/cms\/media\/vzjkxgps\/portal_basic.webp\" alt=\"Plakat wydarzenia\" \/>\n        <\/a>\n    <\/div>\n             \n    <div class=\"card-ticket__link\">\n        <a href=\"https:\/\/www.ebilet.pl\/muzyka\/festiwale\/roztanczony-narodowy\" class=\"button button--theme-primary-yellow button--withIconLeft button--size-small\">\n            <span class=\"button__icon icon icon-ticket\"><\/span>\n            <p class=\"button__text typo-16 f-600\">Kup bilet<\/p>\n        <\/a>\n    <\/div>\n    <\/div>                                    <\/div>\n                                <\/div>\n                                                            <div class=\"tickets-slider__sliderItem swiper-slide\"\n                                    data-id=\"29716\"\n                                    data-name=\"ATB | FINAL CHAPTER | POLAND TOUR\"\n                                    data-brand=\"HOT STAFF\"\n                                    data-category=\"muzyka\"\n                                    data-subcategory=\"elektro-techno\"\n                                    data-city=\"Bia\u0142ystok, Bydgoszcz, Gdynia i inne\"\n                                    data-venue=\"Wakepark Bydgoszcz\/My\u015bl\u0119cinek\">\n                                    <div class=\"tickets-slider__sliderCard\">\n                                        \n<div class=\"card-ticket\">\n        <div class=\"card-ticket__image\">\n        <a href=\"https:\/\/www.ebilet.pl\/muzyka\/elektro-techno\/atb\">\n            <img decoding=\"async\" src=\"https:\/\/www.ebilet.pl\/media\/cms\/media\/lfio3ow5\/ebilet-pion-2.webp\" alt=\"Plakat wydarzenia\" \/>\n        <\/a>\n    <\/div>\n             \n    <div class=\"card-ticket__link\">\n        <a href=\"https:\/\/www.ebilet.pl\/muzyka\/elektro-techno\/atb\" class=\"button button--theme-primary-yellow button--withIconLeft button--size-small\">\n            <span class=\"button__icon icon icon-ticket\"><\/span>\n            <p class=\"button__text typo-16 f-600\">Kup bilet<\/p>\n        <\/a>\n    <\/div>\n    <\/div>                                    <\/div>\n                                <\/div>\n                                                            <div class=\"tickets-slider__sliderItem swiper-slide\"\n                                    data-id=\"7104\"\n                                    data-name=\"Open&#039;er Festival 2026\"\n                                    data-brand=\"Alter Art\"\n                                    data-category=\"muzyka\"\n                                    data-subcategory=\"festiwale\"\n                                    data-city=\"Gdynia\"\n                                    data-venue=\"Lotnisko Gdynia - Kosakowo\">\n                                    <div class=\"tickets-slider__sliderCard\">\n                                        \n<div class=\"card-ticket\">\n        <div class=\"card-ticket__image\">\n        <a href=\"https:\/\/www.ebilet.pl\/muzyka\/festiwale\/opener-festival\">\n            <img decoding=\"async\" src=\"https:\/\/www.ebilet.pl\/media\/cms\/media\/qvef4ie4\/opener2026_552x736-e8fd0918-0d0e-47d3-bbe0-f4f0302085e4.webp\" alt=\"Plakat wydarzenia\" \/>\n        <\/a>\n    <\/div>\n             \n    <div class=\"card-ticket__link\">\n        <a href=\"https:\/\/www.ebilet.pl\/muzyka\/festiwale\/opener-festival\" class=\"button button--theme-primary-yellow button--withIconLeft button--size-small\">\n            <span class=\"button__icon icon icon-ticket\"><\/span>\n            <p class=\"button__text typo-16 f-600\">Kup bilet<\/p>\n        <\/a>\n    <\/div>\n    <\/div>                                    <\/div>\n                                <\/div>\n                                                            <div class=\"tickets-slider__sliderItem swiper-slide\"\n                                    data-id=\"48780\"\n                                    data-name=\"Mistrzostwa \u015awiata w koszyk\u00f3wce 3x3 2026\"\n                                    data-brand=\"Polski Zwi\u0105zek Koszyk\u00f3wki\"\n                                    data-category=\"sport\"\n                                    data-subcategory=\"sporty-druzynowe\"\n                                    data-city=\"Warszawa\"\n                                    data-venue=\"Plac Defilad \">\n                                    <div class=\"tickets-slider__sliderCard\">\n                                        \n<div class=\"card-ticket\">\n        <div class=\"card-ticket__image\">\n        <a href=\"https:\/\/www.ebilet.pl\/sport\/sporty-druzynowe\/koszykowka\">\n            <img decoding=\"async\" src=\"https:\/\/www.ebilet.pl\/media\/cms\/media\/40dkh4qd\/552x739-961a0af8-0c70-4f76-b55e-bf23fa63fae4.webp\" alt=\"Plakat wydarzenia\" \/>\n        <\/a>\n    <\/div>\n             \n    <div class=\"card-ticket__link\">\n        <a href=\"https:\/\/www.ebilet.pl\/sport\/sporty-druzynowe\/koszykowka\" class=\"button button--theme-primary-yellow button--withIconLeft button--size-small\">\n            <span class=\"button__icon icon icon-ticket\"><\/span>\n            <p class=\"button__text typo-16 f-600\">Kup bilet<\/p>\n        <\/a>\n    <\/div>\n    <\/div>                                    <\/div>\n                                <\/div>\n                                                            <div class=\"tickets-slider__sliderItem swiper-slide\"\n                                    data-id=\"195709\"\n                                    data-name=\"Taco Hemingway 2026 \u2020\u2020\u2020our\"\n                                    data-brand=\"Revolume Sp. z o.o.\"\n                                    data-category=\"muzyka\"\n                                    data-subcategory=\"hip-hop-rap\"\n                                    data-city=\"Gda\u0144sk\/Sopot, Krak\u00f3w, Warszawa i inne\"\n                                    data-venue=\"Hala Stulecia\">\n                                    <div class=\"tickets-slider__sliderCard\">\n                                        \n<div class=\"card-ticket\">\n        <div class=\"card-ticket__image\">\n        <a href=\"https:\/\/www.ebilet.pl\/muzyka\/hip-hop-rap\/taco-hemingway\">\n            <img decoding=\"async\" src=\"https:\/\/www.ebilet.pl\/media\/cms\/media\/goegdsz5\/552x736-ogolna.webp\" alt=\"Plakat wydarzenia\" \/>\n        <\/a>\n    <\/div>\n             \n    <div class=\"card-ticket__link\">\n        <a href=\"https:\/\/www.ebilet.pl\/muzyka\/hip-hop-rap\/taco-hemingway\" class=\"button button--theme-primary-yellow button--withIconLeft button--size-small\">\n            <span class=\"button__icon icon icon-ticket\"><\/span>\n            <p class=\"button__text typo-16 f-600\">Kup bilet<\/p>\n        <\/a>\n    <\/div>\n    <\/div>                                    <\/div>\n                                <\/div>\n                                                            <div class=\"tickets-slider__sliderItem swiper-slide\"\n                                    data-id=\"129853\"\n                                    data-name=\"Beksi\u0144ski.Live\"\n                                    data-brand=\"L2L Sp z o.o.\"\n                                    data-category=\"widowiska\"\n                                    data-subcategory=\"inne\"\n                                    data-city=\"Warszawa, Wroc\u0142aw\"\n                                    data-venue=\"Hala COS Torwar \">\n                                    <div class=\"tickets-slider__sliderCard\">\n                                        \n<div class=\"card-ticket\">\n        <div class=\"card-ticket__image\">\n        <a href=\"https:\/\/www.ebilet.pl\/widowiska\/inne\/beksinski-live\">\n            <img decoding=\"async\" src=\"https:\/\/www.ebilet.pl\/media\/cms\/media\/rcpokc02\/552x736-2026-04-27t161822058.webp\" alt=\"Plakat wydarzenia\" \/>\n        <\/a>\n    <\/div>\n             \n    <div class=\"card-ticket__link\">\n        <a href=\"https:\/\/www.ebilet.pl\/widowiska\/inne\/beksinski-live\" class=\"button button--theme-primary-yellow button--withIconLeft button--size-small\">\n            <span class=\"button__icon icon icon-ticket\"><\/span>\n            <p class=\"button__text typo-16 f-600\">Kup bilet<\/p>\n        <\/a>\n    <\/div>\n    <\/div>                                    <\/div>\n                                <\/div>\n                                                            <div class=\"tickets-slider__sliderItem swiper-slide\"\n                                    data-id=\"202003\"\n                                    data-name=\"WWOFF\"\n                                    data-brand=\"Muzk Festival Sp. z o.o.\"\n                                    data-category=\"muzyka\"\n                                    data-subcategory=\"hip-hop-rap\"\n                                    data-city=\"Warszawa\"\n                                    data-venue=\"Hala COS Torwar \">\n                                    <div class=\"tickets-slider__sliderCard\">\n                                        \n<div class=\"card-ticket\">\n        <div class=\"card-ticket__image\">\n        <a href=\"https:\/\/www.ebilet.pl\/muzyka\/hip-hop-rap\/wwo\">\n            <img decoding=\"async\" src=\"https:\/\/www.ebilet.pl\/media\/cms\/media\/lranufrb\/portal-552x736a-f8052143-48fb-4e28-9564-7ff2fa400f8b.webp\" alt=\"Plakat wydarzenia\" \/>\n        <\/a>\n    <\/div>\n             \n    <div class=\"card-ticket__link\">\n        <a href=\"https:\/\/www.ebilet.pl\/muzyka\/hip-hop-rap\/wwo\" class=\"button button--theme-primary-yellow button--withIconLeft button--size-small\">\n            <span class=\"button__icon icon icon-ticket\"><\/span>\n            <p class=\"button__text typo-16 f-600\">Kup bilet<\/p>\n        <\/a>\n    <\/div>\n    <\/div>                                    <\/div>\n                                <\/div>\n                                                            <div class=\"tickets-slider__sliderItem swiper-slide\"\n                                    data-id=\"203093\"\n                                    data-name=\"B-DAY Festival by bambi\"\n                                    data-brand=\"BDF Sp. z.o.o.\"\n                                    data-category=\"muzyka\"\n                                    data-subcategory=\"hip-hop-rap\"\n                                    data-city=\"Warszawa\"\n                                    data-venue=\"Hala COS Torwar \">\n                                    <div class=\"tickets-slider__sliderCard\">\n                                        \n<div class=\"card-ticket\">\n        <div class=\"card-ticket__image\">\n        <a href=\"https:\/\/www.ebilet.pl\/muzyka\/hip-hop-rap\/bambi\">\n            <img decoding=\"async\" src=\"https:\/\/www.ebilet.pl\/media\/cms\/media\/gifbpcig\/552x736-1-320cc3b0-5e5a-4852-a922-efc848865831.webp\" alt=\"Plakat wydarzenia\" \/>\n        <\/a>\n    <\/div>\n             \n    <div class=\"card-ticket__link\">\n        <a href=\"https:\/\/www.ebilet.pl\/muzyka\/hip-hop-rap\/bambi\" class=\"button button--theme-primary-yellow button--withIconLeft button--size-small\">\n            <span class=\"button__icon icon icon-ticket\"><\/span>\n            <p class=\"button__text typo-16 f-600\">Kup bilet<\/p>\n        <\/a>\n    <\/div>\n    <\/div>                                    <\/div>\n                                <\/div>\n                                                            <div class=\"tickets-slider__sliderItem swiper-slide\"\n                                    data-id=\"6089\"\n                                    data-name=\"Dawid Podsiad\u0142o OBROTOWY TOUR 2026\"\n                                    data-brand=\"MUZK Sp. z o.o.\"\n                                    data-category=\"muzyka\"\n                                    data-subcategory=\"pop\"\n                                    data-city=\"Chorz\u00f3w, Gda\u0144sk, Pozna\u0144 i inne\"\n                                    data-venue=\"Superauto.pl Stadion \u015al\u0105ski\">\n                                    <div class=\"tickets-slider__sliderCard\">\n                                        \n<div class=\"card-ticket\">\n        <div class=\"card-ticket__image\">\n        <a href=\"https:\/\/www.ebilet.pl\/muzyka\/pop\/dawid-podsiadlo\">\n            <img decoding=\"async\" src=\"https:\/\/www.ebilet.pl\/media\/cms\/media\/ed0nj55n\/portal-552x736-belka-3af99133-8930-431d-8060-eb4825ec5b91.webp\" alt=\"Plakat wydarzenia\" \/>\n        <\/a>\n    <\/div>\n             \n    <div class=\"card-ticket__link\">\n        <a href=\"https:\/\/www.ebilet.pl\/muzyka\/pop\/dawid-podsiadlo\" class=\"button button--theme-primary-yellow button--withIconLeft button--size-small\">\n            <span class=\"button__icon icon icon-ticket\"><\/span>\n            <p class=\"button__text typo-16 f-600\">Kup bilet<\/p>\n        <\/a>\n    <\/div>\n    <\/div>                                    <\/div>\n                                <\/div>\n                                                            <div class=\"tickets-slider__sliderItem swiper-slide\"\n                                    data-id=\"179828\"\n                                    data-name=\"XTB KSW 119\"\n                                    data-brand=\"Federacja KSW\"\n                                    data-category=\"sport\"\n                                    data-subcategory=\"sporty-walki\"\n                                    data-city=\"Radom\"\n                                    data-venue=\"Radomskie Centrum Sportu\">\n                                    <div class=\"tickets-slider__sliderCard\">\n                                        \n<div class=\"card-ticket\">\n        <div class=\"card-ticket__image\">\n        <a href=\"https:\/\/www.ebilet.pl\/sport\/sporty-walki\/gala-ksw\">\n            <img decoding=\"async\" src=\"https:\/\/www.ebilet.pl\/media\/cms\/media\/hxkpcc3z\/ksw119_552x736-kopia-cd3dc132-b7af-417f-9575-966793c590a0.webp\" alt=\"Plakat wydarzenia\" \/>\n        <\/a>\n    <\/div>\n             \n    <div class=\"card-ticket__link\">\n        <a href=\"https:\/\/www.ebilet.pl\/sport\/sporty-walki\/gala-ksw\" class=\"button button--theme-primary-yellow button--withIconLeft button--size-small\">\n            <span class=\"button__icon icon icon-ticket\"><\/span>\n            <p class=\"button__text typo-16 f-600\">Kup bilet<\/p>\n        <\/a>\n    <\/div>\n    <\/div>                                    <\/div>\n                                <\/div>\n                                                            <div class=\"tickets-slider__sliderItem swiper-slide\"\n                                    data-id=\"145251\"\n                                    data-name=\"Juwenalia Politechniki Lubelskiej 2026\"\n                                    data-brand=\"EVENT STUDIO KOWALEWSKI BRE\u015a Sp. J.\"\n                                    data-category=\"muzyka\"\n                                    data-subcategory=\"festiwale\"\n                                    data-city=\"Lublin\"\n                                    data-venue=\"Tereny Zielone Politechniki Lubelskiej\">\n                                    <div class=\"tickets-slider__sliderCard\">\n                                        \n<div class=\"card-ticket\">\n        <div class=\"card-ticket__image\">\n        <a href=\"https:\/\/www.ebilet.pl\/muzyka\/festiwale\/juwenalia-politechniki-lubelskiej\">\n            <img decoding=\"async\" src=\"https:\/\/www.ebilet.pl\/media\/cms\/media\/banlyonx\/552x736-1-f8bcb3b5-3fce-455f-89a1-2ee3034689b1.webp\" alt=\"Plakat wydarzenia\" \/>\n        <\/a>\n    <\/div>\n             \n    <div class=\"card-ticket__link\">\n        <a href=\"https:\/\/www.ebilet.pl\/muzyka\/festiwale\/juwenalia-politechniki-lubelskiej\" class=\"button button--theme-primary-yellow button--withIconLeft button--size-small\">\n            <span class=\"button__icon icon icon-ticket\"><\/span>\n            <p class=\"button__text typo-16 f-600\">Kup bilet<\/p>\n        <\/a>\n    <\/div>\n    <\/div>                                    <\/div>\n                                <\/div>\n                                                            <div class=\"tickets-slider__sliderItem swiper-slide\"\n                                    data-id=\"121727\"\n                                    data-name=\"Rzeszowskie Juwenalia 2026\"\n                                    data-brand=\"BREND GROUP SP\u00d3\u0141KA Z OGRANICZON\u0104 ODPOWIEDZIALNO\u015aCI\u0104\"\n                                    data-category=\"muzyka\"\n                                    data-subcategory=\"festiwale\"\n                                    data-city=\"Rzesz\u00f3w\"\n                                    data-venue=\"\">\n                                    <div class=\"tickets-slider__sliderCard\">\n                                        \n<div class=\"card-ticket\">\n        <div class=\"card-ticket__image\">\n        <a href=\"https:\/\/www.ebilet.pl\/muzyka\/festiwale\/rzeszowskie-juwenalia\">\n            <img decoding=\"async\" src=\"https:\/\/www.ebilet.pl\/media\/cms\/media\/mmxfjquy\/rzj_ebilet-ok_adka-pion-c1e9f827-0b41-4d73-81c6-5531b20e6005.webp\" alt=\"Plakat wydarzenia\" \/>\n        <\/a>\n    <\/div>\n             \n    <div class=\"card-ticket__link\">\n        <a href=\"https:\/\/www.ebilet.pl\/muzyka\/festiwale\/rzeszowskie-juwenalia\" class=\"button button--theme-primary-yellow button--withIconLeft button--size-small\">\n            <span class=\"button__icon icon icon-ticket\"><\/span>\n            <p class=\"button__text typo-16 f-600\">Kup bilet<\/p>\n        <\/a>\n    <\/div>\n    <\/div>                                    <\/div>\n                                <\/div>\n                                                    <\/div>\n                    <\/div>\n                <\/div>\n            <\/div>\n        <\/div>\n    <\/div>\n<\/section>\n\n\n<section class=\"text-block  section-margin-32\" >\n    <div class=\"container\">\n        <div class=\"row\">\n            <div class=\"col-24\">\n                <div class=\"text-block__content\"><h2><strong>Zamek w Rzeszowie\u00a0<\/strong><\/h2>\n<p><b>Na terenie dzisiejszego zamku istnia\u0142 dawniej dw\u00f3r obronny, kt\u00f3ry pojawi\u0142 si\u0119 w dokumencie z 1447 roku. <\/b><span style=\"font-weight: 400;\">Niestety, po dzi\u015b dzie\u0144 nie uda\u0142o si\u0119 go odnale\u017a\u0107, wi\u0119c pozosta\u0144my przy faktach, kt\u00f3re s\u0105 nieco zagmatwane. Historia zamku nam tak\u017ce wydaje si\u0119 zawi\u0142a, wi\u0119c spokojnie!\u00a0<\/span><\/p>\n<p><span style=\"font-weight: 400;\">Dw\u00f3r zosta\u0142 wybudowany na planie zbli\u017conym do trapezu i by\u0142 murowany, dwutraktowy. P\u00f3\u017aniej zosta\u0142 wch\u0142oni\u0119ty przez wymienion\u0105 wcze\u015bniej, now\u0105 budowl\u0119, chocia\u017c i ju\u017c w 1722 roku by\u0142 on znany jako \u201cstara kamienica\u201d. <\/span><b>W\u0142a\u015bciciel nie doko\u0144czy\u0142 jednak budowy zamku, co potwierdza zapis w jego testamencie z 1637 roku, w kt\u00f3rym poleca\u0142 \u017conie, by doko\u0144czy\u0142a dzie\u0142o i nazwa\u0142a go Lig\u0119zowem.\u00a0<\/b><\/p>\n<p><span style=\"font-weight: 400;\">Zamek kilkadziesi\u0105t lat p\u00f3\u017aniej, ju\u017c jako znacznie zniszczona budowla, przeszed\u0142 w r\u0119ce Lubomirskich. Wtedy te\u017c dokonano gruntownej przebudowy zamku. To nie by\u0142a jednak ostatnia przebudowa, poniewa\u017c <\/span><b>wygl\u0105d zamku znacz\u0105co zmieniono tak\u017ce w XVIII wieku.<\/b><\/p>\n<p><span style=\"font-weight: 400;\">Na pocz\u0105tku XIX wieku zamek zosta\u0142 sprzedany rz\u0105dowi austriackiemu i mia\u0142 s\u0142u\u017cy\u0107 jako s\u0105d oraz wi\u0119zienie (jak si\u0119 p\u00f3\u017aniej okaza\u0142o zamek w historii pe\u0142ni\u0142 obie te funkcje, poniewa\u017c wi\u0119zieniem by\u0142 jeszcze w drugiej po\u0142owie XX wieku, a jako s\u0105d s\u0142u\u017cy dzi\u015b).\u00a0<\/span><\/p>\n<p><b>Dlaczego wi\u0119c mowa o tym, \u017ce zamek w Rzeszowie jest symbolem prze\u0142omu XIX i XX wieku?<\/b><span style=\"font-weight: 400;\"> Poniewa\u017c to w\u0142a\u015bnie wtedy zlecono inwentaryzacj\u0119 zamku, a tak\u017ce badania architektoniczne i stworzenie projektu przebudowy zamku. Dokona\u0142 ta go Zygmunt Hendel, kt\u00f3ry znalaz\u0142 chocia\u017cby zamurowane strzelnice w murach obwodowych od zachodu. Hendlowi zale\u017ca\u0142o na tym, by zamek zosta\u0142 jak najbardziej autentyczny, szuka\u0142 wi\u0119c kompromisu (projekt mia\u0142 jak najbardziej zwi\u0119ksza\u0107 kubatur\u0119 u\u017cytkow\u0105 zamku). Mierzy\u0142 si\u0119 on z r\u00f3\u017cnymi wyzwaniami i ostatecznie zamek wygl\u0105da tak jak dzi\u015b. Co b\u0119dzie z nim dalej, niestety nie wiemy. Jeste\u015bmy jednak przekonani o tym, \u017ce warto zobaczy\u0107 go na w\u0142asne oczy.<\/span><\/p>\n<h3><strong>Deptak w Rzeszowie<\/strong><\/h3>\n<p><span style=\"font-weight: 400;\">Najbardziej reprezentacyjn\u0105 ulic\u0105 Rzeszowa jest ulica 3 Maja, zwana dawniej Pa\u0144sk\u0105. \u0141\u0105czy ona Plac Farny wcze\u015bniej wspomnianym zamkiem. <\/span><b>Wed\u0142ug zapisk\u00f3w jest to pierwsza \u201cbrukowana\u201d ulica miasta, kt\u00f3ra najprawdopodobniej pochodzi z XVII wieku. <\/b><span style=\"font-weight: 400;\">Przechadzaj\u0105c si\u0119 wzd\u0142u\u017c niej, znajdziesz wiele ciekawych i zabytkowych budowli w tym:<\/span><\/p>\n<ul>\n<li style=\"font-weight: 400;\" aria-level=\"1\"><span style=\"font-weight: 400;\">kompleks budynk\u00f3w popijarskich z po\u0142owy XVII wieku,<\/span><\/li>\n<li style=\"font-weight: 400;\" aria-level=\"1\"><span style=\"font-weight: 400;\">ko\u015bci\u00f3\u0142 \u015bw. Krzy\u017ca,<\/span><\/li>\n<li style=\"font-weight: 400;\" aria-level=\"1\"><span style=\"font-weight: 400;\">zabudowania najstarszych w Polsce szk\u00f3\u0142 \u015brednich (kolegium pijar\u00f3w),<\/span><\/li>\n<li style=\"font-weight: 400;\" aria-level=\"1\"><span style=\"font-weight: 400;\">budynki poklasztorne z dziedzi\u0144cem (w czasach zabor\u00f3w by\u0142y one siedzib\u0105 w\u0142adz wojew\u00f3dztwa rzeszowskiego, a dzi\u015b nale\u017c\u0105 Muzeum Okr\u0119gowego),<\/span><\/li>\n<li style=\"font-weight: 400;\" aria-level=\"1\"><span style=\"font-weight: 400;\">ksi\u0119garnia z 1855 roku (istnieje od tamtego czasu!), kt\u00f3ra znajduje si\u0119 w budynku z 1820 roku,<\/span><\/li>\n<li style=\"font-weight: 400;\" aria-level=\"1\"><span style=\"font-weight: 400;\">Kamienica Tekielskiego,<\/span><\/li>\n<li style=\"font-weight: 400;\" aria-level=\"1\"><span style=\"font-weight: 400;\">zniszczona przez Niemc\u00f3w w 1944 roku Poczta,<\/span><\/li>\n<li style=\"font-weight: 400;\" aria-level=\"1\"><span style=\"font-weight: 400;\">kamienica, w kt\u00f3rej znajduje si\u0119 Galeria Paniaga,<\/span><\/li>\n<li style=\"font-weight: 400;\" aria-level=\"1\"><span style=\"font-weight: 400;\">bank austro-w\u0119gierski,<\/span><\/li>\n<li style=\"font-weight: 400;\" aria-level=\"1\"><span style=\"font-weight: 400;\">kamienica dr. Jab\u0142o\u0144skiego,<\/span><\/li>\n<li style=\"font-weight: 400;\" aria-level=\"1\"><span style=\"font-weight: 400;\">Kino Zorza (najstarsze dzia\u0142aj\u0105ce kino w Rzeszowie).<\/span><\/li>\n<\/ul>\n<p><b>Dlaczego ta droga by\u0142a niegdy\u015b taka wa\u017cna? Poniewa\u017c by\u0142a to cz\u0119\u015b\u0107 g\u0142\u00f3wnego traktu handlowego i tranzytowego z p\u00f3\u0142nocny na po\u0142udnie.<\/b><\/p>\n<\/div>\n            <\/div>\n        <\/div>\n    <\/div>\n<\/section>\n\n\n    <section class=\"events-carousel-block  section-margin-32\"\n        data-events-carousel\n        data-settings='{\"per_view\":5}'\n        data-item-list-name=\"Karuzela niska Polecamy na eBilet\"\n        data-item-list-id=\"karuzela_niska Polecamy na eBilet\"\n        >\n        <div class=\"container\">\n                            <div class=\"row\">\n                    <div class=\"col-24\">\n                        <div class=\"events-carousel-block__title\">\n                            <h2 class=\"typo-h2\">Polecamy na eBilet<\/h2>\n                        <\/div>\n                    <\/div>\n                <\/div>\n                        <div class=\"row\">\n                <div class=\"col-24\">\n                    <div class=\"events-carousel-block__events\">\n                        <div class=\"events-carousel-block__nav events-carousel-block__nav--prev\">\n                            <div class=\"button button--withIcon button--theme-white-blur button--size-fixed-48\" data-events-carousel-prev>\n                                <span class=\"button__icon icon icon-chevron-left\"><\/span>\n                            <\/div>\n                        <\/div>\n                        <div class=\"events-carousel-block__nav events-carousel-block__nav--next\">\n                            <div class=\"button button--withIcon button--theme-white-blur button--size-fixed-48\" data-events-carousel-next>\n                                <span class=\"button__icon icon icon-chevron-right\"><\/span>\n                            <\/div>\n                        <\/div>\n                        <div class=\"events-carousel-block__slider swiper\" data-events-carousel-slider>\n                            <div class=\"events-carousel-block__sliderWrapper swiper-wrapper\">\n                                                                    <div class=\"events-carousel-block__sliderItem swiper-slide\"\n                                        data-id=\"63172\"\n                                        data-name=\"Voucher kinowy Helios\"\n                                        data-brand=\"Helios Media Sp. z o.o.\"\n                                        data-category=\"kino\"\n                                        data-subcategory=\"pozostale\"\n                                        data-city=\"Warszawa\"\n                                        data-venue=\"\">\n                                        \n<div class=\"card-event  card-event--size-small\">\n        <a href=\"https:\/\/www.ebilet.pl\/kino\/pozostale\/voucher-kinowy-helios\" target=\"_blank\" class=\"card-event__link\" rel=\"nofollow noopener\"><\/a>\n        <div class=\"card-event__wrapper\">\n        <div class=\"card-event__image\">\n            <img decoding=\"async\" src=\"https:\/\/www.ebilet.pl\/media\/cms\/media\/hfhlz0pe\/pozizom-d37c6cb2-c34e-4f8f-8b40-c73a5a052a83.webp\" alt=\"\">\n        <\/div>\n        <div class=\"card-event__data\">\n            <div class=\"card-event__name\">\n                <p>Voucher kinowy Helios<\/p>\n            <\/div>\n            <div class=\"card-event__date\"><\/div>\n            <div class=\"card-event__location\">Warszawa<\/div>\n        <\/div>\n    <\/div>\n<\/div>                                    <\/div>\n                                                                    <div class=\"events-carousel-block__sliderItem swiper-slide\"\n                                        data-id=\"161461\"\n                                        data-name=\"Boeing Boeing - Teatr Capitol\"\n                                        data-brand=\"Teatr Capitol\"\n                                        data-category=\"teatr\"\n                                        data-subcategory=\"komedia\"\n                                        data-city=\"Gda\u0144sk, Warszawa\"\n                                        data-venue=\"Teatr Capitol w Warszawie\">\n                                        \n<div class=\"card-event  card-event--size-small\">\n        <a href=\"https:\/\/www.ebilet.pl\/teatr\/komedia\/boeing-boeing-teatr-capitol\" target=\"_blank\" class=\"card-event__link\" rel=\"nofollow noopener\"><\/a>\n        <div class=\"card-event__wrapper\">\n        <div class=\"card-event__image\">\n            <img decoding=\"async\" src=\"https:\/\/www.ebilet.pl\/media\/cms\/media\/4oebxceo\/656x359-popr-20-11.webp\" alt=\"\">\n        <\/div>\n        <div class=\"card-event__data\">\n            <div class=\"card-event__name\">\n                <p>Boeing Boeing &#8211; Teatr Capitol<\/p>\n            <\/div>\n            <div class=\"card-event__date\"><\/div>\n            <div class=\"card-event__location\">Gda\u0144sk, Warszawa<\/div>\n        <\/div>\n    <\/div>\n<\/div>                                    <\/div>\n                                                                    <div class=\"events-carousel-block__sliderItem swiper-slide\"\n                                        data-id=\"94598\"\n                                        data-name=\"FAME 31\"\n                                        data-brand=\"Fame MMA\"\n                                        data-category=\"sport\"\n                                        data-subcategory=\"sporty-walki\"\n                                        data-city=\"Koszalin\"\n                                        data-venue=\"Hala Widowiskowo-Sportowa w Koszalinie\">\n                                        \n<div class=\"card-event  card-event--size-small\">\n        <a href=\"https:\/\/www.ebilet.pl\/sport\/sporty-walki\/fame-mma\" target=\"_blank\" class=\"card-event__link\" rel=\"nofollow noopener\"><\/a>\n        <div class=\"card-event__wrapper\">\n        <div class=\"card-event__image\">\n            <img decoding=\"async\" src=\"https:\/\/www.ebilet.pl\/media\/cms\/media\/orylmco5\/fame31-cover-ebilet-656x369.webp\" alt=\"\">\n        <\/div>\n        <div class=\"card-event__data\">\n            <div class=\"card-event__name\">\n                <p>FAME 31<\/p>\n            <\/div>\n            <div class=\"card-event__date\"><\/div>\n            <div class=\"card-event__location\">Koszalin<\/div>\n        <\/div>\n    <\/div>\n<\/div>                                    <\/div>\n                                                                    <div class=\"events-carousel-block__sliderItem swiper-slide\"\n                                        data-id=\"13630\"\n                                        data-name=\"M\u0119skie Granie 2026\"\n                                        data-brand=\"LIVE Sp. z o.o.\"\n                                        data-category=\"muzyka\"\n                                        data-subcategory=\"festiwale\"\n                                        data-city=\"Gda\u0144sk, Krak\u00f3w, Pozna\u0144 i inne\"\n                                        data-venue=\"\u017bywiec Amfiteatr pod Grojcem\">\n                                        \n<div class=\"card-event  card-event--size-small\">\n        <a href=\"https:\/\/www.ebilet.pl\/muzyka\/festiwale\/meskie-granie\" target=\"_blank\" class=\"card-event__link\" rel=\"nofollow noopener\"><\/a>\n        <div class=\"card-event__wrapper\">\n        <div class=\"card-event__image\">\n            <img decoding=\"async\" src=\"https:\/\/www.ebilet.pl\/media\/cms\/media\/fl5hhucv\/656x369-11-78db817f-ad60-4332-b49a-e1c7a2e31068.webp\" alt=\"\">\n        <\/div>\n        <div class=\"card-event__data\">\n            <div class=\"card-event__name\">\n                <p>M\u0119skie Granie 2026<\/p>\n            <\/div>\n            <div class=\"card-event__date\"><\/div>\n            <div class=\"card-event__location\">Gda\u0144sk, Krak\u00f3w, Pozna\u0144 i inne<\/div>\n        <\/div>\n    <\/div>\n<\/div>                                    <\/div>\n                                                                    <div class=\"events-carousel-block__sliderItem swiper-slide\"\n                                        data-id=\"38728\"\n                                        data-name=\"Silesia Memoria\u0142 Kamili Skolimowskiej\"\n                                        data-brand=\"Fundacja Kamili Skolimowskiej\"\n                                        data-category=\"sport\"\n                                        data-subcategory=\"lekkoatletyka\"\n                                        data-city=\"Chorz\u00f3w\"\n                                        data-venue=\"Superauto.pl Stadion \u015al\u0105ski\">\n                                        \n<div class=\"card-event  card-event--size-small\">\n        <a href=\"https:\/\/www.ebilet.pl\/sport\/lekkoatletyka\/memorial-kamili-skolimowskiej\" target=\"_blank\" class=\"card-event__link\" rel=\"nofollow noopener\"><\/a>\n        <div class=\"card-event__wrapper\">\n        <div class=\"card-event__image\">\n            <img decoding=\"async\" src=\"https:\/\/www.ebilet.pl\/media\/cms\/media\/szunpuvg\/656x369-2-f821045a-7792-4901-947d-c0affda9f75a.webp\" alt=\"\">\n        <\/div>\n        <div class=\"card-event__data\">\n            <div class=\"card-event__name\">\n                <p>Silesia Memoria\u0142 Kamili Skolimowskiej<\/p>\n            <\/div>\n            <div class=\"card-event__date\"><\/div>\n            <div class=\"card-event__location\">Chorz\u00f3w<\/div>\n        <\/div>\n    <\/div>\n<\/div>                                    <\/div>\n                                                                    <div class=\"events-carousel-block__sliderItem swiper-slide\"\n                                        data-id=\"128680\"\n                                        data-name=\"Sunset Square 2026\"\n                                        data-brand=\"MDT Production\"\n                                        data-category=\"muzyka\"\n                                        data-subcategory=\"festiwale\"\n                                        data-city=\"Gdynia\"\n                                        data-venue=\"Skwer Ko\u015bciuszki\">\n                                        \n<div class=\"card-event  card-event--size-small\">\n        <a href=\"https:\/\/www.ebilet.pl\/muzyka\/festiwale\/sunset-square\" target=\"_blank\" class=\"card-event__link\" rel=\"nofollow noopener\"><\/a>\n        <div class=\"card-event__wrapper\">\n        <div class=\"card-event__image\">\n            <img decoding=\"async\" src=\"https:\/\/www.ebilet.pl\/media\/cms\/media\/idvdsit0\/boris-brejcha-1920x1080-05899710-c9c2-4417-95f9-aad73df94b6c.webp\" alt=\"\">\n        <\/div>\n        <div class=\"card-event__data\">\n            <div class=\"card-event__name\">\n                <p>Sunset Square 2026<\/p>\n            <\/div>\n            <div class=\"card-event__date\"><\/div>\n            <div class=\"card-event__location\">Gdynia<\/div>\n        <\/div>\n    <\/div>\n<\/div>                                    <\/div>\n                                                                    <div class=\"events-carousel-block__sliderItem swiper-slide\"\n                                        data-id=\"10672\"\n                                        data-name=\"Red Bull Drift Masters, Grand Finale 2026, Poland\"\n                                        data-brand=\"Drift Masters Grand Prix Sp. z o.o.\"\n                                        data-category=\"sport\"\n                                        data-subcategory=\"sporty-motorowe\"\n                                        data-city=\"Warszawa\"\n                                        data-venue=\"PGE Narodowy im. Kazimierza G\u00f3rskiego\">\n                                        \n<div class=\"card-event  card-event--size-small\">\n        <a href=\"https:\/\/www.ebilet.pl\/sport\/sporty-motorowe\/drift-masters\" target=\"_blank\" class=\"card-event__link\" rel=\"nofollow noopener\"><\/a>\n        <div class=\"card-event__wrapper\">\n        <div class=\"card-event__image\">\n            <img decoding=\"async\" src=\"https:\/\/www.ebilet.pl\/media\/cms\/media\/ufikt2pp\/656x369-1-3259eaa7-dcbd-4393-a286-5f17e35417c5.webp\" alt=\"\">\n        <\/div>\n        <div class=\"card-event__data\">\n            <div class=\"card-event__name\">\n                <p>Red Bull Drift Masters, Grand Finale 2026, Poland<\/p>\n            <\/div>\n            <div class=\"card-event__date\"><\/div>\n            <div class=\"card-event__location\">Warszawa<\/div>\n        <\/div>\n    <\/div>\n<\/div>                                    <\/div>\n                                                                    <div class=\"events-carousel-block__sliderItem swiper-slide\"\n                                        data-id=\"16543\"\n                                        data-name=\"Rozta\u0144czony PGE Narodowy 2026\"\n                                        data-brand=\"KRYSIAK POLSKA CORPORATION Sp. z o.o.\"\n                                        data-category=\"muzyka\"\n                                        data-subcategory=\"festiwale\"\n                                        data-city=\"Warszawa\"\n                                        data-venue=\"PGE Narodowy im. Kazimierza G\u00f3rskiego\">\n                                        \n<div class=\"card-event  card-event--size-small\">\n        <a href=\"https:\/\/www.ebilet.pl\/muzyka\/festiwale\/roztanczony-narodowy\" target=\"_blank\" class=\"card-event__link\" rel=\"nofollow noopener\"><\/a>\n        <div class=\"card-event__wrapper\">\n        <div class=\"card-event__image\">\n            <img decoding=\"async\" src=\"https:\/\/www.ebilet.pl\/media\/cms\/media\/ih4mtfpw\/newletter_basic.webp\" alt=\"\">\n        <\/div>\n        <div class=\"card-event__data\">\n            <div class=\"card-event__name\">\n                <p>Rozta\u0144czony PGE Narodowy 2026<\/p>\n            <\/div>\n            <div class=\"card-event__date\"><\/div>\n            <div class=\"card-event__location\">Warszawa<\/div>\n        <\/div>\n    <\/div>\n<\/div>                                    <\/div>\n                                                                    <div class=\"events-carousel-block__sliderItem swiper-slide\"\n                                        data-id=\"67208\"\n                                        data-name=\"Speedland Festival 2026\"\n                                        data-brand=\"Adrenaline Promotion Rafa\u0142 Haznar\"\n                                        data-category=\"sport\"\n                                        data-subcategory=\"sporty-motorowe\"\n                                        data-city=\"Krosno\"\n                                        data-venue=\"Lotnisko Krosno\">\n                                        \n<div class=\"card-event  card-event--size-small\">\n        <a href=\"https:\/\/www.ebilet.pl\/sport\/sporty-motorowe\/speedland\" target=\"_blank\" class=\"card-event__link\" rel=\"nofollow noopener\"><\/a>\n        <div class=\"card-event__wrapper\">\n        <div class=\"card-event__image\">\n            <img decoding=\"async\" src=\"https:\/\/www.ebilet.pl\/media\/cms\/media\/zeglylyt\/656x369-9-9b5a2769-5165-4a65-b574-8cb05086e41d.webp\" alt=\"\">\n        <\/div>\n        <div class=\"card-event__data\">\n            <div class=\"card-event__name\">\n                <p>Speedland Festival 2026<\/p>\n            <\/div>\n            <div class=\"card-event__date\"><\/div>\n            <div class=\"card-event__location\">Krosno<\/div>\n        <\/div>\n    <\/div>\n<\/div>                                    <\/div>\n                                                                    <div class=\"events-carousel-block__sliderItem swiper-slide\"\n                                        data-id=\"129853\"\n                                        data-name=\"Beksi\u0144ski.Live\"\n                                        data-brand=\"L2L Sp z o.o.\"\n                                        data-category=\"widowiska\"\n                                        data-subcategory=\"inne\"\n                                        data-city=\"Warszawa, Wroc\u0142aw\"\n                                        data-venue=\"Hala COS Torwar \">\n                                        \n<div class=\"card-event  card-event--size-small\">\n        <a href=\"https:\/\/www.ebilet.pl\/widowiska\/inne\/beksinski-live\" target=\"_blank\" class=\"card-event__link\" rel=\"nofollow noopener\"><\/a>\n        <div class=\"card-event__wrapper\">\n        <div class=\"card-event__image\">\n            <img decoding=\"async\" src=\"https:\/\/www.ebilet.pl\/media\/cms\/media\/y2nprogb\/656x369-2026-04-27t161826313.webp\" alt=\"\">\n        <\/div>\n        <div class=\"card-event__data\">\n            <div class=\"card-event__name\">\n                <p>Beksi\u0144ski.Live<\/p>\n            <\/div>\n            <div class=\"card-event__date\"><\/div>\n            <div class=\"card-event__location\">Warszawa, Wroc\u0142aw<\/div>\n        <\/div>\n    <\/div>\n<\/div>                                    <\/div>\n                                                                    <div class=\"events-carousel-block__sliderItem swiper-slide\"\n                                        data-id=\"144549\"\n                                        data-name=\"Zwiedzanie ZOO Warszawa\"\n                                        data-brand=\"Miasto Sto\u0142eczne Warszawa\"\n                                        data-category=\"zwiedzanie\"\n                                        data-subcategory=\"zoo\"\n                                        data-city=\"Warszawa\"\n                                        data-venue=\"\">\n                                        \n<div class=\"card-event  card-event--size-small\">\n        <a href=\"https:\/\/www.ebilet.pl\/zwiedzanie\/zoo\/zwiedzanie-zoo-warszawa\" target=\"_blank\" class=\"card-event__link\" rel=\"nofollow noopener\"><\/a>\n        <div class=\"card-event__wrapper\">\n        <div class=\"card-event__image\">\n            <img decoding=\"async\" src=\"https:\/\/www.ebilet.pl\/media\/cms\/media\/vxxcxvae\/04_bilet-domowy_656x369-05e8639e-58dc-445e-95ca-14f25e17b4f3.webp\" alt=\"\">\n        <\/div>\n        <div class=\"card-event__data\">\n            <div class=\"card-event__name\">\n                <p>Zwiedzanie ZOO Warszawa<\/p>\n            <\/div>\n            <div class=\"card-event__date\"><\/div>\n            <div class=\"card-event__location\">Warszawa<\/div>\n        <\/div>\n    <\/div>\n<\/div>                                    <\/div>\n                                                                    <div class=\"events-carousel-block__sliderItem swiper-slide\"\n                                        data-id=\"125950\"\n                                        data-name=\"Zwiedzanie ZOO Wroc\u0142aw\"\n                                        data-brand=\"ZOO Wroc\u0142aw\"\n                                        data-category=\"zwiedzanie\"\n                                        data-subcategory=\"zoo\"\n                                        data-city=\"Wroc\u0142aw\"\n                                        data-venue=\"ZOO we Wroc\u0142awiu\">\n                                        \n<div class=\"card-event  card-event--size-small\">\n        <a href=\"https:\/\/www.ebilet.pl\/zwiedzanie\/zoo\/zwiedzanie-zoo-wroclaw\" target=\"_blank\" class=\"card-event__link\" rel=\"nofollow noopener\"><\/a>\n        <div class=\"card-event__wrapper\">\n        <div class=\"card-event__image\">\n            <img decoding=\"async\" src=\"https:\/\/www.ebilet.pl\/media\/cms\/media\/wpzfsqii\/01_zoo_ebilet_656x369px-8e081b48-ed80-10b3-4ede-a1fdb0e8bde2.webp\" alt=\"\">\n        <\/div>\n        <div class=\"card-event__data\">\n            <div class=\"card-event__name\">\n                <p>Zwiedzanie ZOO Wroc\u0142aw<\/p>\n            <\/div>\n            <div class=\"card-event__date\"><\/div>\n            <div class=\"card-event__location\">Wroc\u0142aw<\/div>\n        <\/div>\n    <\/div>\n<\/div>                                    <\/div>\n                                                                    <div class=\"events-carousel-block__sliderItem swiper-slide\"\n                                        data-id=\"11852\"\n                                        data-name=\"2026 BOLL FIM Speedway World Cup - Warsaw\"\n                                        data-brand=\"Polski Zwi\u0105zek Motorowy\"\n                                        data-category=\"sport\"\n                                        data-subcategory=\"sporty-motorowe\"\n                                        data-city=\"Warszawa\"\n                                        data-venue=\"PGE Narodowy im. Kazimierza G\u00f3rskiego\">\n                                        \n<div class=\"card-event  card-event--size-small\">\n        <a href=\"https:\/\/www.ebilet.pl\/sport\/sporty-motorowe\/speedway\" target=\"_blank\" class=\"card-event__link\" rel=\"nofollow noopener\"><\/a>\n        <div class=\"card-event__wrapper\">\n        <div class=\"card-event__image\">\n            <img decoding=\"async\" src=\"https:\/\/www.ebilet.pl\/media\/cms\/media\/4ycnrk3v\/656x369-8-90146097-b4e8-4d2d-a798-f357aa3d16a2.webp\" alt=\"\">\n        <\/div>\n        <div class=\"card-event__data\">\n            <div class=\"card-event__name\">\n                <p>2026 BOLL FIM Speedway World Cup &#8211; Warsaw<\/p>\n            <\/div>\n            <div class=\"card-event__date\"><\/div>\n            <div class=\"card-event__location\">Warszawa<\/div>\n        <\/div>\n    <\/div>\n<\/div>                                    <\/div>\n                                                                    <div class=\"events-carousel-block__sliderItem swiper-slide\"\n                                        data-id=\"49432\"\n                                        data-name=\"Wroc\u0142aw Hip Hop Festival 2026\"\n                                        data-brand=\"Stowarzyszenie Planeta M\u0142odych\"\n                                        data-category=\"muzyka\"\n                                        data-subcategory=\"festiwale\"\n                                        data-city=\"Wroc\u0142aw\"\n                                        data-venue=\"Hala Stulecia\">\n                                        \n<div class=\"card-event  card-event--size-small\">\n        <a href=\"https:\/\/www.ebilet.pl\/muzyka\/festiwale\/wroclaw-hip-hop-festival\" target=\"_blank\" class=\"card-event__link\" rel=\"nofollow noopener\"><\/a>\n        <div class=\"card-event__wrapper\">\n        <div class=\"card-event__image\">\n            <img decoding=\"async\" src=\"https:\/\/www.ebilet.pl\/media\/cms\/media\/lvzja1iu\/0423-whhf-ebilet_04-34833b89-9f8c-4789-ab22-478b4f7f80f5.webp\" alt=\"\">\n        <\/div>\n        <div class=\"card-event__data\">\n            <div class=\"card-event__name\">\n                <p>Wroc\u0142aw Hip Hop Festival 2026<\/p>\n            <\/div>\n            <div class=\"card-event__date\"><\/div>\n            <div class=\"card-event__location\">Wroc\u0142aw<\/div>\n        <\/div>\n    <\/div>\n<\/div>                                    <\/div>\n                                                                    <div class=\"events-carousel-block__sliderItem swiper-slide\"\n                                        data-id=\"7104\"\n                                        data-name=\"Open&#039;er Festival 2026\"\n                                        data-brand=\"Alter Art\"\n                                        data-category=\"muzyka\"\n                                        data-subcategory=\"festiwale\"\n                                        data-city=\"Gdynia\"\n                                        data-venue=\"Lotnisko Gdynia - Kosakowo\">\n                                        \n<div class=\"card-event  card-event--size-small\">\n        <a href=\"https:\/\/www.ebilet.pl\/muzyka\/festiwale\/opener-festival\" target=\"_blank\" class=\"card-event__link\" rel=\"nofollow noopener\"><\/a>\n        <div class=\"card-event__wrapper\">\n        <div class=\"card-event__image\">\n            <img decoding=\"async\" src=\"https:\/\/www.ebilet.pl\/media\/cms\/media\/vr5l21om\/opener2026_ebilet_656x369-ee020a0f-2f31-4138-b4b2-04308c95f9f7.webp\" alt=\"\">\n        <\/div>\n        <div class=\"card-event__data\">\n            <div class=\"card-event__name\">\n                <p>Open&#8217;er Festival 2026<\/p>\n            <\/div>\n            <div class=\"card-event__date\"><\/div>\n            <div class=\"card-event__location\">Gdynia<\/div>\n        <\/div>\n    <\/div>\n<\/div>                                    <\/div>\n                                                            <\/div>\n                        <\/div>\n                    <\/div>\n                    <div class=\"events-carousel-block__pagination\">\n                        <div class=\"swiper-pagination slider-pagination\" data-events-carousel-pagination><\/div>\n                    <\/div>\n                <\/div>\n            <\/div>\n        <\/div>\n    <\/section>\n\n\n\n<section class=\"text-block  section-margin-32\" >\n    <div class=\"container\">\n        <div class=\"row\">\n            <div class=\"col-24\">\n                <div class=\"text-block__content\"><h2><strong>Ko\u015bci\u00f3\u0142 Poreformacki w Rzeszowie<\/strong><\/h2>\n<p><b>W Rzeszowie znajdziesz te\u017c ko\u015bci\u00f3\u0142 poreformacki, kt\u00f3ry wcze\u015bniej pe\u0142ni\u0142 funkcj\u0119 ko\u015bcio\u0142a garnizonowego. <\/b><span style=\"font-weight: 400;\">Niestety, na przestrzeni wiek\u00f3w zar\u00f3wno jego forma, jak i funcje si\u0119 zmienia\u0142y, ale tak czy inaczej warto go zobaczy\u0107.\u00a0<\/span><\/p>\n<p><b>Zosta\u0142 wybudowany w 1709 roku i uroczy\u015bcie po\u015bwi\u0119cony 13 lat p\u00f3\u017aniej.<\/b><span style=\"font-weight: 400;\"> Pochowana jest w nim Marianna z Bieli\u0144skich Lubomirska, o czym \u015bwiadczy stosowne epitafium. Nie tak dawno odkryto tam tak\u017ce, pod warstw\u0105 farby i tynku, cenne malowid\u0142a z czas\u00f3w powstania \u015bwi\u0105tyni.\u00a0<\/span><\/p>\n<p><b>Sam ko\u015bci\u00f3\u0142 istnia\u0142 przez 65 lat, a p\u00f3\u017aniej zosta\u0142 przej\u0119ty przez monarchi\u0119 austriack\u0105. <\/b><span style=\"font-weight: 400;\">W pobliskim w klasztorze urz\u0105dzono szpital wojskowy, a w ko\u015bciele magazyn.\u00a0<\/span><\/p>\n<p><span style=\"font-weight: 400;\">W okresie mi\u0119dzywojennym przywr\u00f3cono ko\u015bcio\u0142owi jego dawn\u0105 funkcj\u0119, ale przy tym znacz\u0105co zmieniono jego wygl\u0105d. <\/span><b>W 1944 roku w trakcie bombardowa\u0144 do ko\u015bcio\u0142a wpad\u0142a bomba, kt\u00f3ra uszkodzi\u0142a znaczn\u0105 cz\u0119\u015b\u0107 dachu i sklepienia.<\/b><span style=\"font-weight: 400;\"> Po zako\u0144czeniu wojny odnowiono parafi\u0119 wojskow\u0105,a ko\u015bci\u00f3\u0142 zn\u00f3w odbudowano. Kolejna gruntowna renowacja mia\u0142a miejsce w 2008 roku.\u00a0<\/span><\/p>\n<p><span style=\"font-weight: 400;\">Klasztor, o kt\u00f3rym wspomnieli\u015bmy, sp\u0142on\u0105\u0142 w po\u0142owie lat 90 XX wieku i do dzi\u015b nie zosta\u0142 odbudowany.\u00a0<\/span><\/p>\n<p><span style=\"font-weight: 400;\">Ko\u015bci\u00f3\u0142 posiada podzielone na trzy nawy katakumby, kt\u00f3rych sklepienie podtrzymuje pod\u0142og\u0119. To w\u0142a\u015bnie tam znajduje si\u0119 gr\u00f3b Marianny Lubomirskiej oraz Andrzeja Passakowicza i sze\u015bciu zakonnik\u00f3w. <\/span><b>Grobowiec g\u0142\u00f3wnego fundatora ko\u015bcio\u0142a stoi nadal, lecz jest pusty. <\/b><span style=\"font-weight: 400;\">Wed\u0142ug hipotezy Franciszka Kotuli, szcz\u0105tki Passakowicza wraz z innymi z\u0142o\u017cono w jednej zbiorowej trumnie, poniewa\u017c stare drewniane sarkofagi uleg\u0142y zniszczeniu.<\/span><\/p>\n<h3><strong>Ogr\u00f3d klasztorny (Ogr\u00f3d miejski im. Solidarno\u015bci) w Rzeszowie<\/strong><\/h3>\n<p><span style=\"font-weight: 400;\">Nieopodal znajdziesz te\u017c ogr\u00f3d klasztorny, dzi\u015b znany jako ogr\u00f3d miejski im. Solidarno\u015bci. <\/span><b>Mo\u017cesz si\u0119 tam przespacerowa\u0107 lub po prostu odpocz\u0105\u0107 na \u0142onie natury. <\/b><span style=\"font-weight: 400;\">Dawniej w ogrodzie by\u0142a tylko altana, w kt\u00f3rej wojskowe orkiestra grywa\u0142a muzyk\u0119 i gdzie odbywa\u0142y si\u0119 festyny.\u00a0<\/span><\/p>\n<p><span style=\"font-weight: 400;\">W 1944 roku ogr\u00f3d klasztorny by\u0142 \u015bwiadkiem przywitania id\u0105cych od wschodu polskich \u017co\u0142nierzy, kt\u00f3rzy wyswobodzili Rzesz\u00f3w. <\/span><b>Kilka lat p\u00f3\u017aniej park przyozdobiono rze\u017abami, kt\u00f3re zrabowano z pa\u0142acu w Siarach.<\/b><span style=\"font-weight: 400;\"> Przedstawia\u0142y one Apollina, Demeter, Dian\u0119, Aten\u0119 i Marka Aureliusza.\u00a0<\/span><\/p>\n<p><span style=\"font-weight: 400;\">W 2004 roku zosta\u0142y za to ustawione <\/span><b>rze\u017aby, kt\u00f3re przedstawiaj\u0105 cztery pory roku. <\/b><span style=\"font-weight: 400;\">Nied\u0142ugo p\u00f3\u017aniej w parku znalaz\u0142a si\u0119 tak\u017ce nowa fontanna.\u00a0<\/span><\/p>\n<h2><strong>Synagoga Staromiejska w Rzeszowie<\/strong><\/h2>\n<p><span style=\"font-weight: 400;\">W Rzeszowie znajdziesz tak\u017ce Synagog\u0119 Staromiejsk\u0105 (jest te\u017c Nowomiejska, ale w tym artykule nie b\u0119dziemy wi\u0119cej o niej wspomina\u0107). Jest ona jedn\u0105 z najstarszych zachowanych synagog w ca\u0142ym wojew\u00f3dztwie podkarpackim. <\/span><b>Dawniej by\u0142a znana jako Stara Szko\u0142a oraz Synagoga Ma\u0142a <\/b><span style=\"font-weight: 400;\">(ze wzgl\u0119du na sw\u00f3j mniejszy rozmiar wzgl\u0119dem nowszej synagogi).<\/span><\/p>\n<p><span style=\"font-weight: 400;\">Synagoga Staromiejska zosta\u0142a<\/span><b> zbudowana na pocz\u0105tku XVII wieku, ale ju\u017c 50 lat p\u00f3\u017aniej trafi\u0142 j\u0105 pierwszy po\u017car<\/b><span style=\"font-weight: 400;\"> (a kolejne 79 lat p\u00f3\u017aniej \u2013 drugi po\u017car). Po obu po\u017carach by\u0142a odbudowywana i odnawiana, a p\u00f3\u017aniej, w 1842 roku po raz kolejny sp\u0142on\u0119\u0142a, po czym zosta\u0142a przebudowana zupe\u0142nie inaczej ni\u017c wcze\u015bniej. Zyska\u0142a wtedy dwie przybud\u00f3wki, z kt\u00f3rych do dzi\u015b ocala\u0142a tylko jedna.<\/span><\/p>\n<p><span style=\"font-weight: 400;\">Podczas II wojny \u015bwiatowej hitlerowcy podpalili j\u0105, a po jej zako\u0144czeniu synagog\u0105 zainteresowa\u0142o si\u0119 Muzeum Miasta Rzeszowa. Chcia\u0142o ono stworzy\u0107 we wn\u0119trzu synagogi sale ekspozycyjne, ale plan\u00f3w zaniechano. <\/span><b>Nied\u0142ugo p\u00f3\u017aniej budynek zrabowano i uszkodzono, a p\u00f3\u017aniej wichura zniszczy\u0142a dach. Synagoga zacz\u0119\u0142a popada\u0107 w ruin\u0119.<\/b><\/p>\n<p><span style=\"font-weight: 400;\">W latach 50. i 60. budynek zosta\u0142 odnowiony. Obecnym w\u0142a\u015bcicielem jest archiwum, kt\u00f3re nie pozwala na zwiedzanie budynku. Mie\u015bci si\u0119 tam tak\u017ce O\u015brodek Bada\u0144 Historii \u017byd\u00f3w, kt\u00f3ry zajmuje si\u0119 gromadzeniem, zabezpieczeniem, przechowywaniem i opracowywaniem materia\u0142\u00f3w archiwalnych o tematyce \u017cydowskiej.<\/span><\/p>\n<p><b>Na \u015bcianie znajduje si\u0119 po\u015bwi\u0119cona pomordowanym w czasie Holokaustu \u017bydom tablica pami\u0105tkowa z wersetem: \u201cBym m\u00f3g\u0142 dniem i noc\u0105 op\u0142akiwa\u0107 zabitych, c\u00f3ry mojego ludu\u201d (Jer. 8:23).\u00a0<\/b><\/p>\n<h2><strong>Letni Pa\u0142ac Lubomirskich w Rzeszowie<\/strong><\/h2>\n<p><span style=\"font-weight: 400;\">Przed nami ostatni punkt zwiedzania, czyli zabytkowa, magnacka rezydencja wypoczynkowa wybudowana w stylu p\u00f3\u017anobarokowym z elementami rokoka, kt\u00f3r\u0105 znajdziesz w pobli\u017cu zamku.<\/span><b> Powsta\u0142a pod koniec XVII wieku na zlecenie Hieronima Augustyna Lubomirskiego na terenie dawnej winnicy Miko\u0142aja Spytka Lig\u0119zy. <\/b><span style=\"font-weight: 400;\">Mia\u0142a ona s\u0142u\u017cy\u0107 w\u0142a\u015bcicielom jako miejsce rozrywki, odpoczynku i podejmowania go\u015bci. Znajdowa\u0142o si\u0119 tam nawet miejsce przeznaczone na koncerty i widowiska teatralne.<\/span><\/p>\n<p><b>W XVIII wieku pa\u0142ac zosta\u0142 rozbudowany, tym razem na zlecenie Jerzego Ignacego Lubomirskiego<\/b><span style=\"font-weight: 400;\"> (najprawdopodobniej zrobi\u0142 to dla swojej m\u0142odej \u017cony). Co ciekawe, pod koniec tego samego wieku Lubomirski sprzeda\u0142 pa\u0142ac wraz z ogrodem, okre\u015blaj\u0105c go nawet w dokumentach jako \u201czdezelowany\u201d. Uzyska\u0142 za niego r\u00f3wnowarto\u015b\u0107 900 z\u0142 polskich w got\u00f3wce. P\u00f3\u017aniej budynek wr\u00f3ci\u0142 w r\u0119ce Lubomirskich, ale nie na d\u0142ugo, bo zosta\u0142 sprzedany w\u0142adzom austriackim.\u00a0<\/span><\/p>\n<p><b>W 2012 roku pa\u0142ac zosta\u0142 wyceniony na 5-6 milion\u00f3w z\u0142otych i w ramach reprywatyzacji zosta\u0142 oddany przez miasto w r\u0119ce rodziny Nieci\u00f3w, kt\u00f3ra wystawi\u0142a go ponownie na sprzeda\u017c. <\/b><span style=\"font-weight: 400;\">W\u0142a\u015bcicielem zosta\u0142a Okr\u0119gowa Izba Lekarska w Rzeszowie, kt\u00f3ra wyremontowa\u0142a obiekt.<\/span><\/p>\n<p><span style=\"font-weight: 400;\">Letni Pa\u0142ac Lubomirskich jest idealnym miejscem na cudown\u0105, romantyczn\u0105 sesj\u0105 zdj\u0119ciow\u0105 z okazji zar\u0119czyn czy \u015blubu. Ale nawet je\u015bli nie planujesz takiej sesji, warto wybra\u0107 si\u0119 tam chocia\u017c na chwil\u0119 i popodziwia\u0107 przepi\u0119kn\u0105, klimatyczn\u0105 budowl\u0119.<\/span><\/p>\n<p>&nbsp;<\/p>\n<p><span style=\"font-weight: 400;\">Rzesz\u00f3w ma jeszcze mn\u00f3stwo atrakcji, o kt\u00f3rych mogliby\u015bmy pisa\u0107 nawet przez kilka godzin, ale wierzymy w to, \u017ce te w zupe\u0142no\u015bci wystarcz\u0105, by\u015b chcia\u0142 tam przyjecha\u0107 i zobaczy\u0107 je wszystkie na \u017cywo.\u00a0<\/span><\/p>\n<p>&nbsp;<\/p>\n<p><span style=\"font-weight: 400;\">Przypisy:<\/span><\/p>\n<p><span style=\"font-weight: 400;\">[1] <\/span><a href=\"https:\/\/www.muzeum.rzeszow.pl\/pl\/\" rel=\"nofollow noopener\" target=\"_blank\"><span style=\"font-weight: 400;\">https:\/\/www.muzeum.rzeszow.pl\/pl\/<\/span><\/a><span style=\"font-weight: 400;\">\u00a0<\/span><\/p>\n<\/div>\n            <\/div>\n        <\/div>\n    <\/div>\n<\/section>\n\n\n<section class=\"events-slider-block  section-margin-32\" data-events-slider-block data-carousel-title=\"Nowo\u015bci na eBilet\" data-carousel-type=\"karuzela_z_t\u0142em\" data-item-list-name=\"Karuzela z t\u0142em Nowo\u015bci na eBilet\" data-item-list-id=\"karuzela_z_t\u0142em Nowo\u015bci na eBilet\" >\n    <div class=\"container\">\n        <div class=\"row\">\n            <div class=\"col-24\">\n                <div class=\"events-slider-block__wrapper\">\n                                            <div class=\"events-slider-block__bg\"><img loading=\"lazy\" decoding=\"async\" width=\"1920\" height=\"1080\" src=\"https:\/\/www.ebilet.pl\/now\/app\/uploads\/2024\/04\/shutterstock_1308510637.jpg\" class=\"attachment-full size-full\" alt=\"Fot.\" srcset=\"https:\/\/www.ebilet.pl\/now\/app\/uploads\/2024\/04\/shutterstock_1308510637.jpg 1920w, https:\/\/www.ebilet.pl\/now\/app\/uploads\/2024\/04\/shutterstock_1308510637-1024x576.jpg 1024w, https:\/\/www.ebilet.pl\/now\/app\/uploads\/2024\/04\/shutterstock_1308510637-1536x864.jpg 1536w, https:\/\/www.ebilet.pl\/now\/app\/uploads\/2024\/04\/shutterstock_1308510637-1280x720.jpg 1280w, https:\/\/www.ebilet.pl\/now\/app\/uploads\/2024\/04\/shutterstock_1308510637-500x281.jpg 500w, https:\/\/www.ebilet.pl\/now\/app\/uploads\/2024\/04\/shutterstock_1308510637-632x356.jpg 632w, https:\/\/www.ebilet.pl\/now\/app\/uploads\/2024\/04\/shutterstock_1308510637-308x174.jpg 308w\" sizes=\"(max-width: 1920px) 100vw, 1920px\" \/><\/div>\n                                                                <div class=\"events-slider-block__top\">\n                                                            <div class=\"events-slider-block__title desktop\">\n                                    <h2 class=\"typo-h2\">Nowo\u015bci na eBilet<\/h2>\n                                <\/div>\n                                                                                        <div class=\"events-slider-block__title mobile\">\n                                    <h2 class=\"typo-h2\">Nowo\u015bci na eBilet<\/h2>\n                                <\/div>\n                                                    <\/div>\n                                                                <div class=\"events-slider-block__main\">\n                            <div class=\"events-slider-block__nav events-slider-block__nav--prev\">\n                                <div class=\"button button--withIcon button--theme-white-blur button--size-fixed-48\" data-events-prev>\n                                    <span class=\"button__icon icon icon-chevron-left\"><\/span>\n                                <\/div>\n                            <\/div>\n                            <div class=\"events-slider-block__nav events-slider-block__nav--next\">\n                                <div class=\"button button--withIcon button--theme-white-blur button--size-fixed-48\" data-events-next>\n                                    <span class=\"button__icon icon icon-chevron-right\"><\/span>\n                                <\/div>\n                            <\/div>\n                            <div class=\"events-slider-block__slider\">\n                                <div class=\"swiper\" data-events-slider>\n                                    <div class=\"events-slider-block__sliderWrapper swiper-wrapper\">\n\n                                        \n                                            <div class=\"events-slider-block__sliderItem swiper-slide event-card\"\n                                                data-id=\"205699\"\n                                                data-name=\"Shred Fest\"\n                                                data-brand=\"Winiary Bookings sp. z o. o.\"\n                                                data-category=\"muzyka\"\n                                                data-subcategory=\"hard-heavy\"\n                                                data-city=\"Warszawa\"\n                                                data-venue=\"Klub Proxima\">\n                                                \n<div class=\"card-event  card-event--size-small\">\n        <a href=\"https:\/\/www.ebilet.pl\/muzyka\/hard-heavy\/shred-fest\" target=\"_blank\" class=\"card-event__link\" rel=\"nofollow noopener\"><\/a>\n        <div class=\"card-event__wrapper\">\n        <div class=\"card-event__image\">\n            <img decoding=\"async\" src=\"https:\/\/www.ebilet.pl\/media\/cms\/media\/ngvdr2c3\/shredfest-ebilet-strona-wydarzenia-pion-warszawax-000cce3a-6af4-4d35-90e3-f0b821d75e23.webp\" alt=\"\">\n        <\/div>\n        <div class=\"card-event__data\">\n            <div class=\"card-event__name\">\n                <p>Shred Fest<\/p>\n            <\/div>\n            <div class=\"card-event__date\">25.01.2027-25.01.2027<\/div>\n            <div class=\"card-event__location\">Warszawa<\/div>\n        <\/div>\n    <\/div>\n<\/div>                                            <\/div>\n                                        \n                                            <div class=\"events-slider-block__sliderItem swiper-slide event-card\"\n                                                data-id=\"195993\"\n                                                data-name=\"Koncert przy \u015bwiecach: Ludovico Einaudi, Yann Tiersen and Roberto Cacciapaglia\"\n                                                data-brand=\"Fundacja na Rzecz Pomocy Pestka\"\n                                                data-category=\"klasyka\"\n                                                data-subcategory=\"muzyka-filmowa\"\n                                                data-city=\"Warszawa\"\n                                                data-venue=\"Pa\u0142ac Staszica w Warszawie\">\n                                                \n<div class=\"card-event  card-event--size-small\">\n        <a href=\"https:\/\/www.ebilet.pl\/klasyka\/muzyka-filmowa\/einaudi-tiersen-cacciapaglia\" target=\"_blank\" class=\"card-event__link\" rel=\"nofollow noopener\"><\/a>\n        <div class=\"card-event__wrapper\">\n        <div class=\"card-event__image\">\n            <img decoding=\"async\" src=\"https:\/\/www.ebilet.pl\/media\/cms\/media\/5k4dd5r5\/4_2009-ed7a3b65-e6e8-4455-97d0-2ad5e7e8171e.webp\" alt=\"\">\n        <\/div>\n        <div class=\"card-event__data\">\n            <div class=\"card-event__name\">\n                <p>Koncert przy \u015bwiecach: Ludovico Einaudi, Yann Tiersen and Roberto Cacciapaglia<\/p>\n            <\/div>\n            <div class=\"card-event__date\">07.06.2026-07.06.2026<\/div>\n            <div class=\"card-event__location\">Warszawa<\/div>\n        <\/div>\n    <\/div>\n<\/div>                                            <\/div>\n                                        \n                                            <div class=\"events-slider-block__sliderItem swiper-slide event-card\"\n                                                data-id=\"195988\"\n                                                data-name=\"Koncert przy \u015bwiecach - Best of Hans Zimmer\"\n                                                data-brand=\"Fundacja na Rzecz Pomocy Pestka\"\n                                                data-category=\"klasyka\"\n                                                data-subcategory=\"muzyka-filmowa\"\n                                                data-city=\"Warszawa\"\n                                                data-venue=\"Pa\u0142ac Staszica w Warszawie\">\n                                                \n<div class=\"card-event  card-event--size-small\">\n        <a href=\"https:\/\/www.ebilet.pl\/klasyka\/muzyka-filmowa\/best-of-hans-zimmer\" target=\"_blank\" class=\"card-event__link\" rel=\"nofollow noopener\"><\/a>\n        <div class=\"card-event__wrapper\">\n        <div class=\"card-event__image\">\n            <img decoding=\"async\" src=\"https:\/\/www.ebilet.pl\/media\/cms\/media\/ucmezeb5\/3_2009-b10047b6-9a94-46be-9407-be1c8e1482f8.webp\" alt=\"\">\n        <\/div>\n        <div class=\"card-event__data\">\n            <div class=\"card-event__name\">\n                <p>Koncert przy \u015bwiecach &#8211; Best of Hans Zimmer<\/p>\n            <\/div>\n            <div class=\"card-event__date\">07.06.2026-07.06.2026<\/div>\n            <div class=\"card-event__location\">Warszawa<\/div>\n        <\/div>\n    <\/div>\n<\/div>                                            <\/div>\n                                        \n                                            <div class=\"events-slider-block__sliderItem swiper-slide event-card\"\n                                                data-id=\"129853\"\n                                                data-name=\"Beksi\u0144ski.Live\"\n                                                data-brand=\"L2L Sp z o.o.\"\n                                                data-category=\"widowiska\"\n                                                data-subcategory=\"inne\"\n                                                data-city=\"Warszawa, Wroc\u0142aw\"\n                                                data-venue=\"Hala COS Torwar \">\n                                                \n<div class=\"card-event  card-event--size-small\">\n        <a href=\"https:\/\/www.ebilet.pl\/widowiska\/inne\/beksinski-live\" target=\"_blank\" class=\"card-event__link\" rel=\"nofollow noopener\"><\/a>\n        <div class=\"card-event__wrapper\">\n        <div class=\"card-event__image\">\n            <img decoding=\"async\" src=\"https:\/\/www.ebilet.pl\/media\/cms\/media\/rcpokc02\/552x736-2026-04-27t161822058.webp\" alt=\"\">\n        <\/div>\n        <div class=\"card-event__data\">\n            <div class=\"card-event__name\">\n                <p>Beksi\u0144ski.Live<\/p>\n            <\/div>\n            <div class=\"card-event__date\">20.09.2026-20.09.2026<\/div>\n            <div class=\"card-event__location\">Warszawa, Wroc\u0142aw<\/div>\n        <\/div>\n    <\/div>\n<\/div>                                            <\/div>\n                                        \n                                            <div class=\"events-slider-block__sliderItem swiper-slide event-card\"\n                                                data-id=\"194826\"\n                                                data-name=\"50 prze\u0142omowych utwor\u00f3w w historii polskiego hip-hopu vol II \u2014 hosted by O.S.T.R.\"\n                                                data-brand=\"L2L Sp z o.o.\"\n                                                data-category=\"muzyka\"\n                                                data-subcategory=\"hip-hop-rap\"\n                                                data-city=\"\u0141\u00f3d\u017a\"\n                                                data-venue=\"Atlas Arena\">\n                                                \n<div class=\"card-event  card-event--size-small\">\n        <a href=\"https:\/\/www.ebilet.pl\/muzyka\/hip-hop-rap\/50-przelomowych-utworow-w-historii-polskiego-hip-hopu\" target=\"_blank\" class=\"card-event__link\" rel=\"nofollow noopener\"><\/a>\n        <div class=\"card-event__wrapper\">\n        <div class=\"card-event__image\">\n            <img decoding=\"async\" src=\"https:\/\/www.ebilet.pl\/media\/cms\/media\/5aijoipt\/50_4-5-82d6b341-4cff-4b8d-a503-a8163d60e134.webp\" alt=\"\">\n        <\/div>\n        <div class=\"card-event__data\">\n            <div class=\"card-event__name\">\n                <p>50 prze\u0142omowych utwor\u00f3w w historii polskiego hip-hopu vol II \u2014 hosted by O.S.T.R.<\/p>\n            <\/div>\n            <div class=\"card-event__date\">24.04.2027-24.04.2027<\/div>\n            <div class=\"card-event__location\">\u0141\u00f3d\u017a<\/div>\n        <\/div>\n    <\/div>\n<\/div>                                            <\/div>\n                                        \n                                            <div class=\"events-slider-block__sliderItem swiper-slide event-card\"\n                                                data-id=\"49432\"\n                                                data-name=\"Wroc\u0142aw Hip Hop Festival 2026\"\n                                                data-brand=\"Stowarzyszenie Planeta M\u0142odych\"\n                                                data-category=\"muzyka\"\n                                                data-subcategory=\"festiwale\"\n                                                data-city=\"Wroc\u0142aw\"\n                                                data-venue=\"Hala Stulecia\">\n                                                \n<div class=\"card-event  card-event--size-small\">\n        <a href=\"https:\/\/www.ebilet.pl\/muzyka\/festiwale\/wroclaw-hip-hop-festival\" target=\"_blank\" class=\"card-event__link\" rel=\"nofollow noopener\"><\/a>\n        <div class=\"card-event__wrapper\">\n        <div class=\"card-event__image\">\n            <img decoding=\"async\" src=\"https:\/\/www.ebilet.pl\/media\/cms\/media\/004dfv2o\/0423-whhf-ebilet_05-ffc5e42c-1240-4118-ae1c-5f49984461c5.webp\" alt=\"\">\n        <\/div>\n        <div class=\"card-event__data\">\n            <div class=\"card-event__name\">\n                <p>Wroc\u0142aw Hip Hop Festival 2026<\/p>\n            <\/div>\n            <div class=\"card-event__date\">20.11.2026-20.11.2026<\/div>\n            <div class=\"card-event__location\">Wroc\u0142aw<\/div>\n        <\/div>\n    <\/div>\n<\/div>                                            <\/div>\n                                        \n                                            <div class=\"events-slider-block__sliderItem swiper-slide event-card\"\n                                                data-id=\"89836\"\n                                                data-name=\"Eiv\u00f8r\"\n                                                data-brand=\"Fource Entertainment sp. z o o\"\n                                                data-category=\"muzyka\"\n                                                data-subcategory=\"pozostale\"\n                                                data-city=\"Pozna\u0144, Warszawa\"\n                                                data-venue=\"Klub Tama\">\n                                                \n<div class=\"card-event  card-event--size-small\">\n        <a href=\"https:\/\/www.ebilet.pl\/muzyka\/pozostale\/eivor\" target=\"_blank\" class=\"card-event__link\" rel=\"nofollow noopener\"><\/a>\n        <div class=\"card-event__wrapper\">\n        <div class=\"card-event__image\">\n            <img decoding=\"async\" src=\"https:\/\/www.ebilet.pl\/media\/cms\/media\/m1ujcylb\/ebilet-552x736-eivor.webp\" alt=\"\">\n        <\/div>\n        <div class=\"card-event__data\">\n            <div class=\"card-event__name\">\n                <p>Eiv\u00f8r<\/p>\n            <\/div>\n            <div class=\"card-event__date\">02.08.2026-02.08.2026<\/div>\n            <div class=\"card-event__location\">Pozna\u0144, Warszawa<\/div>\n        <\/div>\n    <\/div>\n<\/div>                                            <\/div>\n                                        \n                                            <div class=\"events-slider-block__sliderItem swiper-slide event-card\"\n                                                data-id=\"13053\"\n                                                data-name=\"Energa Ladies Jazz Festival 2026\"\n                                                data-brand=\"Modern Look Sp. z o.o.\"\n                                                data-category=\"muzyka\"\n                                                data-subcategory=\"jazz-blues\"\n                                                data-city=\"Gdynia\"\n                                                data-venue=\"Konsulat Kultury | Gdy\u0144skie Centrum Kultury\">\n                                                \n<div class=\"card-event  card-event--size-small\">\n        <a href=\"https:\/\/www.ebilet.pl\/muzyka\/jazz-blues\/ladies-jazz-festival\" target=\"_blank\" class=\"card-event__link\" rel=\"nofollow noopener\"><\/a>\n        <div class=\"card-event__wrapper\">\n        <div class=\"card-event__image\">\n            <img decoding=\"async\" src=\"https:\/\/www.ebilet.pl\/media\/cms\/media\/uffhqy4l\/eljf2026_552-a46b9d90-a1bd-4ddd-a55f-8bd974126c76.webp\" alt=\"\">\n        <\/div>\n        <div class=\"card-event__data\">\n            <div class=\"card-event__name\">\n                <p>Energa Ladies Jazz Festival 2026<\/p>\n            <\/div>\n            <div class=\"card-event__date\">20.07.2026-20.07.2026<\/div>\n            <div class=\"card-event__location\">Gdynia<\/div>\n        <\/div>\n    <\/div>\n<\/div>                                            <\/div>\n                                        \n                                            <div class=\"events-slider-block__sliderItem swiper-slide event-card\"\n                                                data-id=\"80961\"\n                                                data-name=\"Kolejna Noc | Wac Toja Showcase x Harmony\"\n                                                data-brand=\"Harmony Poland\"\n                                                data-category=\"muzyka\"\n                                                data-subcategory=\"hip-hop-rap\"\n                                                data-city=\"Katowice\"\n                                                data-venue=\"Cooler Club\">\n                                                \n<div class=\"card-event  card-event--size-small\">\n        <a href=\"https:\/\/www.ebilet.pl\/muzyka\/hip-hop-rap\/wac-toja\" target=\"_blank\" class=\"card-event__link\" rel=\"nofollow noopener\"><\/a>\n        <div class=\"card-event__wrapper\">\n        <div class=\"card-event__image\">\n            <img decoding=\"async\" src=\"https:\/\/www.ebilet.pl\/media\/cms\/media\/o4jjpwuv\/ebilet-2m-deed2912-3889-40c8-9a05-dbca4ce7ad6b.webp\" alt=\"\">\n        <\/div>\n        <div class=\"card-event__data\">\n            <div class=\"card-event__name\">\n                <p>Kolejna Noc | Wac Toja Showcase x Harmony<\/p>\n            <\/div>\n            <div class=\"card-event__date\">16.05.2026-16.05.2026<\/div>\n            <div class=\"card-event__location\">Katowice<\/div>\n        <\/div>\n    <\/div>\n<\/div>                                            <\/div>\n                                        \n                                            <div class=\"events-slider-block__sliderItem swiper-slide event-card\"\n                                                data-id=\"63906\"\n                                                data-name=\"Mecze towarzyskie Reprezentacji Polski m\u0119\u017cczyzn w siatk\u00f3wce\"\n                                                data-brand=\"Polska Siatk\u00f3wka Sp. z o.o.\"\n                                                data-category=\"sport\"\n                                                data-subcategory=\"sporty-druzynowe\"\n                                                data-city=\"Katowice, Sosnowiec\"\n                                                data-venue=\"ArcelorMittal Park w Sosnowcu\">\n                                                \n<div class=\"card-event  card-event--size-small\">\n        <a href=\"https:\/\/www.ebilet.pl\/sport\/sporty-druzynowe\/mecz-siatkowki\" target=\"_blank\" class=\"card-event__link\" rel=\"nofollow noopener\"><\/a>\n        <div class=\"card-event__wrapper\">\n        <div class=\"card-event__image\">\n            <img decoding=\"async\" src=\"https:\/\/www.ebilet.pl\/media\/cms\/media\/paxoijep\/mecz-1-e7ebdff4-0eeb-4b41-87f8-b8cc79cca9e1.webp\" alt=\"\">\n        <\/div>\n        <div class=\"card-event__data\">\n            <div class=\"card-event__name\">\n                <p>Mecze towarzyskie Reprezentacji Polski m\u0119\u017cczyzn w siatk\u00f3wce<\/p>\n            <\/div>\n            <div class=\"card-event__date\">20.05.2026-20.05.2026<\/div>\n            <div class=\"card-event__location\">Katowice, Sosnowiec<\/div>\n        <\/div>\n    <\/div>\n<\/div>                                            <\/div>\n                                        \n                                            <div class=\"events-slider-block__sliderItem swiper-slide event-card\"\n                                                data-id=\"205704\"\n                                                data-name=\"Osobowo\u015bci Romy: Janusz Kruci\u0144ski - MUZYKOTE\u2026REPAUTA\"\n                                                data-brand=\"Teatr Muzyczny Roma\"\n                                                data-category=\"teatr\"\n                                                data-subcategory=\"spektakle-muzyczne\"\n                                                data-city=\"Warszawa\"\n                                                data-venue=\"Teatr Muzyczny ROMA w Warszawie\">\n                                                \n<div class=\"card-event  card-event--size-small\">\n        <a href=\"https:\/\/www.ebilet.pl\/teatr\/spektakle-muzyczne\/muzykote-repauta\" target=\"_blank\" class=\"card-event__link\" rel=\"nofollow noopener\"><\/a>\n        <div class=\"card-event__wrapper\">\n        <div class=\"card-event__image\">\n            <img decoding=\"async\" src=\"https:\/\/www.ebilet.pl\/media\/cms\/media\/5xpjnwlz\/552x736_januszkrucinski.webp\" alt=\"\">\n        <\/div>\n        <div class=\"card-event__data\">\n            <div class=\"card-event__name\">\n                <p>Osobowo\u015bci Romy: Janusz Kruci\u0144ski &#8211; MUZYKOTE\u2026REPAUTA<\/p>\n            <\/div>\n            <div class=\"card-event__date\">05.06.2026-05.06.2026<\/div>\n            <div class=\"card-event__location\">Warszawa<\/div>\n        <\/div>\n    <\/div>\n<\/div>                                            <\/div>\n                                        \n                                            <div class=\"events-slider-block__sliderItem swiper-slide event-card\"\n                                                data-id=\"170324\"\n                                                data-name=\"SPI\u0118TY\/WY I ONI Inny Koncert\"\n                                                data-brand=\"AGENCJA ARTYSTYCZNA ART PROJEKT\"\n                                                data-category=\"muzyka\"\n                                                data-subcategory=\"rock\"\n                                                data-city=\"Katowice, Szczecin, Warszawa\"\n                                                data-venue=\"Narodowa Orkiestra Symfoniczna Polskiego Radia - NOSPR\">\n                                                \n<div class=\"card-event  card-event--size-small\">\n        <a href=\"https:\/\/www.ebilet.pl\/muzyka\/rock\/spiety-koncert\" target=\"_blank\" class=\"card-event__link\" rel=\"nofollow noopener\"><\/a>\n        <div class=\"card-event__wrapper\">\n        <div class=\"card-event__image\">\n            <img decoding=\"async\" src=\"https:\/\/www.ebilet.pl\/media\/cms\/media\/d45o0fai\/552-x-736_spiety_2026_zbiorcze_v03-b75777c9-8696-4b7a-8405-6113bc99f4af.webp\" alt=\"\">\n        <\/div>\n        <div class=\"card-event__data\">\n            <div class=\"card-event__name\">\n                <p>SPI\u0118TY\/WY I ONI Inny Koncert<\/p>\n            <\/div>\n            <div class=\"card-event__date\">25.10.2026-25.10.2026<\/div>\n            <div class=\"card-event__location\">Katowice, Szczecin, Warszawa<\/div>\n        <\/div>\n    <\/div>\n<\/div>                                            <\/div>\n                                        \n                                            <div class=\"events-slider-block__sliderItem swiper-slide event-card\"\n                                                data-id=\"205823\"\n                                                data-name=\"Biak i Qzyn \/ JOCC 2\"\n                                                data-brand=\"Revolume Sp. z o.o.\"\n                                                data-category=\"muzyka\"\n                                                data-subcategory=\"hip-hop-rap\"\n                                                data-city=\"Warszawa\"\n                                                data-venue=\"Klub Mechanik\">\n                                                \n<div class=\"card-event  card-event--size-small\">\n        <a href=\"https:\/\/www.ebilet.pl\/muzyka\/hip-hop-rap\/biak-qzyn\" target=\"_blank\" class=\"card-event__link\" rel=\"nofollow noopener\"><\/a>\n        <div class=\"card-event__wrapper\">\n        <div class=\"card-event__image\">\n            <img decoding=\"async\" src=\"https:\/\/www.ebilet.pl\/media\/cms\/media\/1nzpwvhx\/biak_qzyn_wwa_3-ec5e9876-7ce7-4a71-9a5d-d28ec070e568.webp\" alt=\"\">\n        <\/div>\n        <div class=\"card-event__data\">\n            <div class=\"card-event__name\">\n                <p>Biak i Qzyn \/ JOCC 2<\/p>\n            <\/div>\n            <div class=\"card-event__date\">13.06.2026-13.06.2026<\/div>\n            <div class=\"card-event__location\">Warszawa<\/div>\n        <\/div>\n    <\/div>\n<\/div>                                            <\/div>\n                                        \n                                            <div class=\"events-slider-block__sliderItem swiper-slide event-card\"\n                                                data-id=\"21950\"\n                                                data-name=\"Open Beer Festiwal - \u0141ydka Grubasa\"\n                                                data-brand=\"Rockfan Bartosz Aleksander Krusznicki, \u0141ydka Grubasa\"\n                                                data-category=\"muzyka\"\n                                                data-subcategory=\"rock\"\n                                                data-city=\"Warszawa\"\n                                                data-venue=\"Pi\u0119kny Brzeg\">\n                                                \n<div class=\"card-event  card-event--size-small\">\n        <a href=\"https:\/\/www.ebilet.pl\/muzyka\/rock\/lydka-grubasa\" target=\"_blank\" class=\"card-event__link\" rel=\"nofollow noopener\"><\/a>\n        <div class=\"card-event__wrapper\">\n        <div class=\"card-event__image\">\n            <img decoding=\"async\" src=\"https:\/\/www.ebilet.pl\/media\/cms\/media\/v1qmbzng\/735-pion-brzeg-1-b0708ef6-49e2-4ae8-a275-20a8a5edef10.webp\" alt=\"\">\n        <\/div>\n        <div class=\"card-event__data\">\n            <div class=\"card-event__name\">\n                <p>Open Beer Festiwal &#8211; \u0141ydka Grubasa<\/p>\n            <\/div>\n            <div class=\"card-event__date\">14.08.2026-14.08.2026<\/div>\n            <div class=\"card-event__location\">Warszawa<\/div>\n        <\/div>\n    <\/div>\n<\/div>                                            <\/div>\n                                        \n                                            <div class=\"events-slider-block__sliderItem swiper-slide event-card\"\n                                                data-id=\"34898\"\n                                                data-name=\"Koncert w\u015br\u00f3d kwiat\u00f3w i \u015bwiec: Tribute to Michael Jackson\"\n                                                data-brand=\"Candle Live Music\"\n                                                data-category=\"muzyka\"\n                                                data-subcategory=\"pop\"\n                                                data-city=\"Pozna\u0144\"\n                                                data-venue=\"Pa\u0142ac Dzia\u0142y\u0144skich\">\n                                                \n<div class=\"card-event  card-event--size-small\">\n        <a href=\"https:\/\/www.ebilet.pl\/muzyka\/pop\/tribute-to-michael-jackson\" target=\"_blank\" class=\"card-event__link\" rel=\"nofollow noopener\"><\/a>\n        <div class=\"card-event__wrapper\">\n        <div class=\"card-event__image\">\n            <img decoding=\"async\" src=\"https:\/\/www.ebilet.pl\/media\/cms\/media\/jocncpzu\/clm-ebilet-jackson-kwartet-kwiaty-552x736-cd354510-be14-4cb4-aeed-9d60497cd930.webp\" alt=\"\">\n        <\/div>\n        <div class=\"card-event__data\">\n            <div class=\"card-event__name\">\n                <p>Koncert w\u015br\u00f3d kwiat\u00f3w i \u015bwiec: Tribute to Michael Jackson<\/p>\n            <\/div>\n            <div class=\"card-event__date\">24.05.2026-24.05.2026<\/div>\n            <div class=\"card-event__location\">Pozna\u0144<\/div>\n        <\/div>\n    <\/div>\n<\/div>                                            <\/div>\n                                                                            <\/div>\n                                <\/div>\n                            <\/div>\n                            <div class=\"events-slider-block__events swiper\" data-events-events-descriptions>\n                                <div class=\"events-slider-block__eventsWrapper swiper-wrapper\">\n                                                                            <div class=\"events-slider-block__eventsItem swiper-slide\">\n                                            <a href=\"https:\/\/www.ebilet.pl\/muzyka\/hard-heavy\/shred-fest\" target=\"_blank\" class=\"events-slider-block__eventsName\">\n                                                <p>Shred Fest<\/p>\n                                            <\/a>\n                                            <div class=\"events-slider-block__eventsDate\">25.01.2027-25.01.2027<\/div>\n                                            <div class=\"events-slider-block__eventsLocation\"><\/div>\n                                        <\/div>\n                                                                            <div class=\"events-slider-block__eventsItem swiper-slide\">\n                                            <a href=\"https:\/\/www.ebilet.pl\/klasyka\/muzyka-filmowa\/einaudi-tiersen-cacciapaglia\" target=\"_blank\" class=\"events-slider-block__eventsName\">\n                                                <p>Koncert przy \u015bwiecach: Ludovico Einaudi, Yann Tiersen and Roberto Cacciapaglia<\/p>\n                                            <\/a>\n                                            <div class=\"events-slider-block__eventsDate\">07.06.2026-07.06.2026<\/div>\n                                            <div class=\"events-slider-block__eventsLocation\"><\/div>\n                                        <\/div>\n                                                                            <div class=\"events-slider-block__eventsItem swiper-slide\">\n                                            <a href=\"https:\/\/www.ebilet.pl\/klasyka\/muzyka-filmowa\/best-of-hans-zimmer\" target=\"_blank\" class=\"events-slider-block__eventsName\">\n                                                <p>Koncert przy \u015bwiecach &#8211; Best of Hans Zimmer<\/p>\n                                            <\/a>\n                                            <div class=\"events-slider-block__eventsDate\">07.06.2026-07.06.2026<\/div>\n                                            <div class=\"events-slider-block__eventsLocation\"><\/div>\n                                        <\/div>\n                                                                            <div class=\"events-slider-block__eventsItem swiper-slide\">\n                                            <a href=\"https:\/\/www.ebilet.pl\/widowiska\/inne\/beksinski-live\" target=\"_blank\" class=\"events-slider-block__eventsName\">\n                                                <p>Beksi\u0144ski.Live<\/p>\n                                            <\/a>\n                                            <div class=\"events-slider-block__eventsDate\">20.09.2026-08.10.2026<\/div>\n                                            <div class=\"events-slider-block__eventsLocation\"><\/div>\n                                        <\/div>\n                                                                            <div class=\"events-slider-block__eventsItem swiper-slide\">\n                                            <a href=\"https:\/\/www.ebilet.pl\/muzyka\/hip-hop-rap\/50-przelomowych-utworow-w-historii-polskiego-hip-hopu\" target=\"_blank\" class=\"events-slider-block__eventsName\">\n                                                <p>50 prze\u0142omowych utwor\u00f3w w historii polskiego hip-hopu vol II \u2014 hosted by O.S.T.R.<\/p>\n                                            <\/a>\n                                            <div class=\"events-slider-block__eventsDate\">24.04.2027-24.04.2027<\/div>\n                                            <div class=\"events-slider-block__eventsLocation\"><\/div>\n                                        <\/div>\n                                                                            <div class=\"events-slider-block__eventsItem swiper-slide\">\n                                            <a href=\"https:\/\/www.ebilet.pl\/muzyka\/festiwale\/wroclaw-hip-hop-festival\" target=\"_blank\" class=\"events-slider-block__eventsName\">\n                                                <p>Wroc\u0142aw Hip Hop Festival 2026<\/p>\n                                            <\/a>\n                                            <div class=\"events-slider-block__eventsDate\">20.11.2026-20.11.2026<\/div>\n                                            <div class=\"events-slider-block__eventsLocation\"><\/div>\n                                        <\/div>\n                                                                            <div class=\"events-slider-block__eventsItem swiper-slide\">\n                                            <a href=\"https:\/\/www.ebilet.pl\/muzyka\/pozostale\/eivor\" target=\"_blank\" class=\"events-slider-block__eventsName\">\n                                                <p>Eiv\u00f8r<\/p>\n                                            <\/a>\n                                            <div class=\"events-slider-block__eventsDate\">02.08.2026-21.03.2027<\/div>\n                                            <div class=\"events-slider-block__eventsLocation\"><\/div>\n                                        <\/div>\n                                                                            <div class=\"events-slider-block__eventsItem swiper-slide\">\n                                            <a href=\"https:\/\/www.ebilet.pl\/muzyka\/jazz-blues\/ladies-jazz-festival\" target=\"_blank\" class=\"events-slider-block__eventsName\">\n                                                <p>Energa Ladies Jazz Festival 2026<\/p>\n                                            <\/a>\n                                            <div class=\"events-slider-block__eventsDate\">20.07.2026-26.07.2026<\/div>\n                                            <div class=\"events-slider-block__eventsLocation\"><\/div>\n                                        <\/div>\n                                                                            <div class=\"events-slider-block__eventsItem swiper-slide\">\n                                            <a href=\"https:\/\/www.ebilet.pl\/muzyka\/hip-hop-rap\/wac-toja\" target=\"_blank\" class=\"events-slider-block__eventsName\">\n                                                <p>Kolejna Noc | Wac Toja Showcase x Harmony<\/p>\n                                            <\/a>\n                                            <div class=\"events-slider-block__eventsDate\">16.05.2026-16.05.2026<\/div>\n                                            <div class=\"events-slider-block__eventsLocation\"><\/div>\n                                        <\/div>\n                                                                            <div class=\"events-slider-block__eventsItem swiper-slide\">\n                                            <a href=\"https:\/\/www.ebilet.pl\/sport\/sporty-druzynowe\/mecz-siatkowki\" target=\"_blank\" class=\"events-slider-block__eventsName\">\n                                                <p>Mecze towarzyskie Reprezentacji Polski m\u0119\u017cczyzn w siatk\u00f3wce<\/p>\n                                            <\/a>\n                                            <div class=\"events-slider-block__eventsDate\">20.05.2026-23.05.2026<\/div>\n                                            <div class=\"events-slider-block__eventsLocation\"><\/div>\n                                        <\/div>\n                                                                            <div class=\"events-slider-block__eventsItem swiper-slide\">\n                                            <a href=\"https:\/\/www.ebilet.pl\/teatr\/spektakle-muzyczne\/muzykote-repauta\" target=\"_blank\" class=\"events-slider-block__eventsName\">\n                                                <p>Osobowo\u015bci Romy: Janusz Kruci\u0144ski &#8211; MUZYKOTE\u2026REPAUTA<\/p>\n                                            <\/a>\n                                            <div class=\"events-slider-block__eventsDate\">05.06.2026-05.06.2026<\/div>\n                                            <div class=\"events-slider-block__eventsLocation\"><\/div>\n                                        <\/div>\n                                                                            <div class=\"events-slider-block__eventsItem swiper-slide\">\n                                            <a href=\"https:\/\/www.ebilet.pl\/muzyka\/rock\/spiety-koncert\" target=\"_blank\" class=\"events-slider-block__eventsName\">\n                                                <p>SPI\u0118TY\/WY I ONI Inny Koncert<\/p>\n                                            <\/a>\n                                            <div class=\"events-slider-block__eventsDate\">25.10.2026-28.11.2026<\/div>\n                                            <div class=\"events-slider-block__eventsLocation\"><\/div>\n                                        <\/div>\n                                                                            <div class=\"events-slider-block__eventsItem swiper-slide\">\n                                            <a href=\"https:\/\/www.ebilet.pl\/muzyka\/hip-hop-rap\/biak-qzyn\" target=\"_blank\" class=\"events-slider-block__eventsName\">\n                                                <p>Biak i Qzyn \/ JOCC 2<\/p>\n                                            <\/a>\n                                            <div class=\"events-slider-block__eventsDate\">13.06.2026-13.06.2026<\/div>\n                                            <div class=\"events-slider-block__eventsLocation\"><\/div>\n                                        <\/div>\n                                                                            <div class=\"events-slider-block__eventsItem swiper-slide\">\n                                            <a href=\"https:\/\/www.ebilet.pl\/muzyka\/rock\/lydka-grubasa\" target=\"_blank\" class=\"events-slider-block__eventsName\">\n                                                <p>Open Beer Festiwal &#8211; \u0141ydka Grubasa<\/p>\n                                            <\/a>\n                                            <div class=\"events-slider-block__eventsDate\">14.08.2026-14.08.2026<\/div>\n                                            <div class=\"events-slider-block__eventsLocation\"><\/div>\n                                        <\/div>\n                                                                            <div class=\"events-slider-block__eventsItem swiper-slide\">\n                                            <a href=\"https:\/\/www.ebilet.pl\/muzyka\/pop\/tribute-to-michael-jackson\" target=\"_blank\" class=\"events-slider-block__eventsName\">\n                                                <p>Koncert w\u015br\u00f3d kwiat\u00f3w i \u015bwiec: Tribute to Michael Jackson<\/p>\n                                            <\/a>\n                                            <div class=\"events-slider-block__eventsDate\">24.05.2026-24.05.2026<\/div>\n                                            <div class=\"events-slider-block__eventsLocation\"><\/div>\n                                        <\/div>\n                                                                    <\/div>\n                            <\/div>\n                            <div class=\"events-slider-block__pagination\">\n                                <div class=\"swiper-pagination slider-pagination slider-pagination--theme-white\" data-events-slider-pagination><\/div>\n                            <\/div>\n                        <\/div>\n                                        <div class=\"events-slider-block__bottom\">\n                                                                                <div class=\"events-slider-block__link desktop\">\n                                    <a class=\"button button--size-small button--theme-primary-yellow button--withIconLeft\" href=\"https:\/\/www.ebilet.pl\/\">\n                                                                                    <div class=\"button__icon\"><img loading=\"lazy\" decoding=\"async\" width=\"30\" height=\"30\" src=\"https:\/\/www.ebilet.pl\/now\/app\/uploads\/2024\/01\/ticket-cinema-entertainment-coupon-discount-sale_30px.png\" class=\"attachment-full size-full\" alt=\"\" \/><\/div>\n                                                                                <p class=\"button__text typo-18\">Kup na eBilet.pl<\/p>\n                                    <\/a>\n                                <\/div>\n                                                                                <div class=\"events-slider-block__link mobile\">\n                                    <a class=\"button button--size-small button--theme-primary-yellow button--withIconLeft\" href=\"https:\/\/www.ebilet.pl\/\">\n                                                                                    <div class=\"button__icon\"><img loading=\"lazy\" decoding=\"async\" width=\"30\" height=\"30\" src=\"https:\/\/www.ebilet.pl\/now\/app\/uploads\/2024\/01\/ticket-cinema-entertainment-coupon-discount-sale_30px.png\" class=\"attachment-full size-full\" alt=\"\" \/><\/div>\n                                                                                <p class=\"button__text typo-18\">Kup na eBilet.pl<\/p>\n                                    <\/a>\n                                <\/div>\n                                            <\/div>\n                <\/div>\n            <\/div>\n        <\/div>\n    <\/div>\n<\/section>","protected":false},"excerpt":{"rendered":"<p>Czy wiesz, \u017ce badania archeolog\u00f3w dowodz\u0105, \u017ce na terenie dzisiejszego Starego Miasta w Rzeszowie ju\u017c w czasach neolitu mia\u0142o miejsce osadnictwo? Istnia\u0142 tam du\u017cy gr\u00f3d (Stare Miasto) i mniejszy, graniczny (dzielnia Pobitno). Dzi\u015b obszar miasta jest o wiele wi\u0119kszy, a ciebie przez to czeka mn\u00f3stwo zwiedzania. Tak\u017ce nie przed\u0142u\u017cajmy!<\/p>\n","protected":false},"author":14,"featured_media":34406,"comment_status":"open","ping_status":"open","sticky":false,"template":"page-templates\/article-default.php","format":"standard","meta":{"_acf_changed":false,"footnotes":""},"article_tag":[308,410,409],"article_type":[5],"acf":[],"_links":{"self":[{"href":"https:\/\/www.ebilet.pl\/now\/wp-json\/wp\/v2\/posts\/34405"}],"collection":[{"href":"https:\/\/www.ebilet.pl\/now\/wp-json\/wp\/v2\/posts"}],"about":[{"href":"https:\/\/www.ebilet.pl\/now\/wp-json\/wp\/v2\/types\/post"}],"author":[{"embeddable":true,"href":"https:\/\/www.ebilet.pl\/now\/wp-json\/wp\/v2\/users\/14"}],"replies":[{"embeddable":true,"href":"https:\/\/www.ebilet.pl\/now\/wp-json\/wp\/v2\/comments?post=34405"}],"version-history":[{"count":3,"href":"https:\/\/www.ebilet.pl\/now\/wp-json\/wp\/v2\/posts\/34405\/revisions"}],"predecessor-version":[{"id":34410,"href":"https:\/\/www.ebilet.pl\/now\/wp-json\/wp\/v2\/posts\/34405\/revisions\/34410"}],"wp:featuredmedia":[{"embeddable":true,"href":"https:\/\/www.ebilet.pl\/now\/wp-json\/wp\/v2\/media\/34406"}],"wp:attachment":[{"href":"https:\/\/www.ebilet.pl\/now\/wp-json\/wp\/v2\/media?parent=34405"}],"wp:term":[{"taxonomy":"article_tag","embeddable":true,"href":"https:\/\/www.ebilet.pl\/now\/wp-json\/wp\/v2\/article_tag?post=34405"},{"taxonomy":"article_type","embeddable":true,"href":"https:\/\/www.ebilet.pl\/now\/wp-json\/wp\/v2\/article_type?post=34405"}],"curies":[{"name":"wp","href":"https:\/\/api.w.org\/{rel}","templated":true}]}}