{"id":32990,"date":"2024-09-10T18:21:05","date_gmt":"2024-09-10T17:21:05","guid":{"rendered":"https:\/\/www.ebilet.pl\/now\/?p=32990"},"modified":"2024-09-11T06:47:18","modified_gmt":"2024-09-11T05:47:18","slug":"jak-wymawiac-pisac-odmieniac-hozier","status":"publish","type":"post","link":"https:\/\/www.ebilet.pl\/now\/jak-wymawiac-pisac-odmieniac-hozier\/","title":{"rendered":"Jak wymawia\u0107, pisa\u0107, odmienia\u0107 Hozier?"},"content":{"rendered":"\n<section class=\"text-block  section-margin-32\" >\n    <div class=\"container\">\n        <div class=\"row\">\n            <div class=\"col-24\">\n                <div class=\"text-block__content\"><h2><strong>Jak wymawia\u0107 Hozier?<\/strong><\/h2>\n<p><span style=\"font-weight: 400;\">Hozier to tak naprawd\u0119 Andrew Hozier-Byrne, kt\u00f3ry urodzi\u0142 si\u0119 w 1990 roku w Irlandii. Jest piosenkarzem, autorem tekst\u00f3w, gitarzyst\u0105, a tak\u017ce kompozytorem oraz multiinstrumentalist\u0105. Jego muzyka to po\u0142\u0105czenie folku, soulu, bluesa oraz indie rocka.<\/span><\/p>\n<p><b>Jak wymawia\u0107 jego pseudonim? Zapis fonetyczny wygl\u0105da nast\u0119puj\u0105co: \/\u02c8ho\u028azi\u0259r\/. Rozszyfrujmy to:<\/b><\/p>\n<ul>\n<li style=\"font-weight: 400;\" aria-level=\"1\"><span style=\"font-weight: 400;\">akcent pada na pierwsz\u0105 sylab\u0119, co wynika z apostrofu g\u00f3rnego pojawiaj\u0105cego si\u0119 w zapisie fonetycznym,<\/span><\/li>\n<li style=\"font-weight: 400;\" aria-level=\"1\"><span style=\"font-weight: 400;\">\/h\/ wymawiamy jak nasze \/h\/,<\/span><\/li>\n<li style=\"font-weight: 400;\" aria-level=\"1\"><span style=\"font-weight: 400;\">\/o\/ wymawiamy jak nasze \/o\/,<\/span><\/li>\n<li style=\"font-weight: 400;\" aria-level=\"1\"><span style=\"font-weight: 400;\">\/\u028a\/ czytamy jak nasze \/u\/,<\/span><\/li>\n<li style=\"font-weight: 400;\" aria-level=\"1\"><span style=\"font-weight: 400;\">\/z\/ czytamy jak polskie \/z\/,<\/span><\/li>\n<li style=\"font-weight: 400;\" aria-level=\"1\"><span style=\"font-weight: 400;\">\/i\/ wymawiamy jak nasze \/i\/,<\/span><\/li>\n<li style=\"font-weight: 400;\" aria-level=\"1\"><span style=\"font-weight: 400;\">\/\u0259\/ to szwa, czyli zanikaj\u0105ce \/a\/ (tak, jakby\u015bmy w po\u0142owie wymawiania przypomnieli sobie, \u017ce jednak nie chcemy go wymawia\u0107),<\/span><\/li>\n<li style=\"font-weight: 400;\" aria-level=\"1\"><span style=\"font-weight: 400;\">\/r\/ czytamy jak nasze \/r\/.<\/span><\/li>\n<\/ul>\n<p><span style=\"font-weight: 400;\">Wychodzi nam z tego:<\/span><b><i> houzier<\/i><\/b><span style=\"font-weight: 400;\"> i tak te\u017c przedstawia si\u0119 sam artysta.<\/span><b>[1]<\/b><\/p>\n<p><b>A co z imieniem i nazwiskiem?<\/b><span style=\"font-weight: 400;\">\u00a0<\/span><\/p>\n<ul>\n<li style=\"list-style-type: none;\">\n<ul>\n<li style=\"font-weight: 400;\" aria-level=\"1\"><span style=\"font-weight: 400;\">Andrew czytamy jako \/\u02c8\u00e6ndru\u02d0\/, czyli:<\/span>\n<ul>\n<li style=\"font-weight: 400;\" aria-level=\"2\"><span style=\"font-weight: 400;\">akcent pada na pierwsz\u0105 sylab\u0119, co wynika z apostrofu g\u00f3rnego pojawiaj\u0105cego si\u0119 w zapisie fonetycznym,<\/span><\/li>\n<li style=\"font-weight: 400;\" aria-level=\"2\"><span style=\"font-weight: 400;\">\/\u00e6\/ czytamy jako \/e\/,<\/span><\/li>\n<li style=\"font-weight: 400;\" aria-level=\"2\"><span style=\"font-weight: 400;\">\/n\/ czytamy jak nasze \/n\/,<\/span><\/li>\n<li style=\"font-weight: 400;\" aria-level=\"2\"><span style=\"font-weight: 400;\">\/d\/ czytamy jak nasze \/d\/,<\/span><\/li>\n<li style=\"font-weight: 400;\" aria-level=\"2\"><span style=\"font-weight: 400;\">\/r\/ czytamy jak nasze \/r\/,<\/span><\/li>\n<li style=\"font-weight: 400;\" aria-level=\"2\"><span style=\"font-weight: 400;\">\/u\u02d0\/ czytamy jako d\u0142ugie \/u\/,<\/span><\/li>\n<\/ul>\n<\/li>\n<\/ul>\n<\/li>\n<\/ul>\n<ul>\n<li aria-level=\"2\"><b><i>endruu<\/i><\/b><span style=\"font-weight: 400;\">,<\/span><\/li>\n<\/ul>\n<ul>\n<li style=\"list-style-type: none;\">\n<ul>\n<li style=\"font-weight: 400;\" aria-level=\"1\"><span style=\"font-weight: 400;\">Hozier ju\u017c znasz, <\/span><b><i>houzier<\/i><\/b><span style=\"font-weight: 400;\">,<\/span><\/li>\n<li style=\"font-weight: 400;\" aria-level=\"1\"><span style=\"font-weight: 400;\">Byrne czytamy jako \/b\u025c\u02d0n\/, a wi\u0119c:<\/span>\n<ul>\n<li style=\"font-weight: 400;\" aria-level=\"2\"><span style=\"font-weight: 400;\">\/b\/ czytamy jak nasze \/b\/,<\/span><\/li>\n<li style=\"font-weight: 400;\" aria-level=\"2\"><span style=\"font-weight: 400;\">\/\u025c\u02d0\/ czytamy jako d\u0142ugie \/e\/,<\/span><\/li>\n<li style=\"font-weight: 400;\" aria-level=\"2\"><span style=\"font-weight: 400;\">\/n\/ czytamy jak nasze \/n\/,<\/span><\/li>\n<\/ul>\n<\/li>\n<\/ul>\n<\/li>\n<\/ul>\n<ul>\n<li aria-level=\"2\"><b><i>been<\/i><\/b><span style=\"font-weight: 400;\">.<\/span><\/li>\n<\/ul>\n<p><span style=\"font-weight: 400;\">Wychodzi nam wi\u0119c: <\/span><b><i>endruu houzier been<\/i><\/b><span style=\"font-weight: 400;\">.\u00a0<\/span><\/p>\n<\/div>\n            <\/div>\n        <\/div>\n    <\/div>\n<\/section>\n\n\n<section class=\"tickets-slider  section-margin-32\"\n    data-tickets-slider\n    data-item-list-name=\"Karuzela z buttonami\"\n    data-item-list-id=\"karuzela_z_buttonami\"\n    >\n    <div class=\"container\">\n        <div class=\"row\">\n            <div class=\"col-24\">\n                <div class=\"tickets-slider__main\">\n                    <div class=\"tickets-slider__nav tickets-slider__nav--prev\">\n                        <div class=\"button button--withIcon button--theme-white-blur button--size-fixed-48\" data-tickets-slider-prev>\n                            <span class=\"button__icon icon icon-chevron-left\"><\/span>\n                        <\/div>\n                    <\/div>\n                    <div class=\"tickets-slider__nav tickets-slider__nav--next\">\n                        <div class=\"button button--withIcon button--theme-white-blur button--size-fixed-48\" data-tickets-slider-next>\n                            <span class=\"button__icon icon icon-chevron-right\"><\/span>\n                        <\/div>\n                    <\/div>\n                    <div class=\"tickets-slider__slider swiper\" data-tickets-slider-slider>\n                        <div class=\"tickets-slider__sliderWrapper swiper-wrapper\">\n                                                            <div class=\"tickets-slider__sliderItem swiper-slide\"\n                                    data-id=\"37617\"\n                                    data-name=\"Editors\"\n                                    data-brand=\"Alter Art\"\n                                    data-category=\"muzyka\"\n                                    data-subcategory=\"rock\"\n                                    data-city=\"Warszawa\"\n                                    data-venue=\"Klub Stodo\u0142a\">\n                                    <div class=\"tickets-slider__sliderCard\">\n                                        \n<div class=\"card-ticket\">\n        <div class=\"card-ticket__image\">\n        <a href=\"https:\/\/www.ebilet.pl\/muzyka\/rock\/editors\">\n            <img decoding=\"async\" src=\"https:\/\/www.ebilet.pl\/media\/cms\/media\/cbfdkmu2\/editors_2027_552x736_ebilet-7c254908-ec0a-4f27-8a1c-ff7961cef0cd.webp\" alt=\"Plakat wydarzenia\" \/>\n        <\/a>\n    <\/div>\n             \n    <div class=\"card-ticket__link\">\n        <a href=\"https:\/\/www.ebilet.pl\/muzyka\/rock\/editors\" class=\"button button--theme-primary-yellow button--withIconLeft button--size-small\">\n            <span class=\"button__icon icon icon-ticket\"><\/span>\n            <p class=\"button__text typo-16 f-600\">Kup bilet<\/p>\n        <\/a>\n    <\/div>\n    <\/div>                                    <\/div>\n                                <\/div>\n                                                            <div class=\"tickets-slider__sliderItem swiper-slide\"\n                                    data-id=\"7104\"\n                                    data-name=\"Open&#039;er Festival 2026\"\n                                    data-brand=\"Alter Art\"\n                                    data-category=\"muzyka\"\n                                    data-subcategory=\"festiwale\"\n                                    data-city=\"Gdynia\"\n                                    data-venue=\"Lotnisko Gdynia - Kosakowo\">\n                                    <div class=\"tickets-slider__sliderCard\">\n                                        \n<div class=\"card-ticket\">\n        <div class=\"card-ticket__image\">\n        <a href=\"https:\/\/www.ebilet.pl\/muzyka\/festiwale\/opener-festival\">\n            <img decoding=\"async\" src=\"https:\/\/www.ebilet.pl\/media\/cms\/media\/qvef4ie4\/opener2026_552x736-e8fd0918-0d0e-47d3-bbe0-f4f0302085e4.webp\" alt=\"Plakat wydarzenia\" \/>\n        <\/a>\n    <\/div>\n             \n    <div class=\"card-ticket__link\">\n        <a href=\"https:\/\/www.ebilet.pl\/muzyka\/festiwale\/opener-festival\" class=\"button button--theme-primary-yellow button--withIconLeft button--size-small\">\n            <span class=\"button__icon icon icon-ticket\"><\/span>\n            <p class=\"button__text typo-16 f-600\">Kup bilet<\/p>\n        <\/a>\n    <\/div>\n    <\/div>                                    <\/div>\n                                <\/div>\n                                                            <div class=\"tickets-slider__sliderItem swiper-slide\"\n                                    data-id=\"13630\"\n                                    data-name=\"M\u0119skie Granie 2026\"\n                                    data-brand=\"LIVE Sp. z o.o.\"\n                                    data-category=\"muzyka\"\n                                    data-subcategory=\"festiwale\"\n                                    data-city=\"Gda\u0144sk, Krak\u00f3w, Pozna\u0144 i inne\"\n                                    data-venue=\"\u017bywiec Amfiteatr pod Grojcem\">\n                                    <div class=\"tickets-slider__sliderCard\">\n                                        \n<div class=\"card-ticket\">\n        <div class=\"card-ticket__image\">\n        <a href=\"https:\/\/www.ebilet.pl\/muzyka\/festiwale\/meskie-granie\">\n            <img decoding=\"async\" src=\"https:\/\/www.ebilet.pl\/media\/cms\/media\/otqfs0tb\/552x736-11-18222119-c0b1-48d3-9da6-2d9f34d401ee.webp\" alt=\"Plakat wydarzenia\" \/>\n        <\/a>\n    <\/div>\n             \n    <div class=\"card-ticket__link\">\n        <a href=\"https:\/\/www.ebilet.pl\/muzyka\/festiwale\/meskie-granie\" class=\"button button--theme-primary-yellow button--withIconLeft button--size-small\">\n            <span class=\"button__icon icon icon-ticket\"><\/span>\n            <p class=\"button__text typo-16 f-600\">Kup bilet<\/p>\n        <\/a>\n    <\/div>\n    <\/div>                                    <\/div>\n                                <\/div>\n                                                            <div class=\"tickets-slider__sliderItem swiper-slide\"\n                                    data-id=\"146847\"\n                                    data-name=\"Gdzie na maj\u00f3wk\u0119 2026?\"\n                                    data-brand=\"eBilet\"\n                                    data-category=\"biznes\"\n                                    data-subcategory=\"pozostale\"\n                                    data-city=\"\"\n                                    data-venue=\"\">\n                                    <div class=\"tickets-slider__sliderCard\">\n                                        \n<div class=\"card-ticket\">\n        <div class=\"card-ticket__image\">\n        <a href=\"https:\/\/www.ebilet.pl\/biznes\/pozostale\/majowka\">\n            <img decoding=\"async\" src=\"https:\/\/www.ebilet.pl\/media\/cms\/media\/0ykhdlea\/552x736.webp\" alt=\"Plakat wydarzenia\" \/>\n        <\/a>\n    <\/div>\n             \n    <div class=\"card-ticket__link\">\n        <a href=\"https:\/\/www.ebilet.pl\/biznes\/pozostale\/majowka\" class=\"button button--theme-primary-yellow button--withIconLeft button--size-small\">\n            <span class=\"button__icon icon icon-ticket\"><\/span>\n            <p class=\"button__text typo-16 f-600\">Kup bilet<\/p>\n        <\/a>\n    <\/div>\n    <\/div>                                    <\/div>\n                                <\/div>\n                                                            <div class=\"tickets-slider__sliderItem swiper-slide\"\n                                    data-id=\"10086\"\n                                    data-name=\"Orange Warsaw Festival 2026\"\n                                    data-brand=\"Alter Art\"\n                                    data-category=\"muzyka\"\n                                    data-subcategory=\"festiwale\"\n                                    data-city=\"Warszawa\"\n                                    data-venue=\"Tor Wy\u015bcig\u00f3w Konnych Warszawa - S\u0142u\u017cewiec\">\n                                    <div class=\"tickets-slider__sliderCard\">\n                                        \n<div class=\"card-ticket\">\n        <div class=\"card-ticket__image\">\n        <a href=\"https:\/\/www.ebilet.pl\/muzyka\/festiwale\/orange-warsaw-festival\">\n            <img decoding=\"async\" src=\"https:\/\/www.ebilet.pl\/media\/cms\/media\/bxnh21tr\/owf_2026_ebilet_552x736-94c1b52f-1e91-4861-ba57-03b21dcd6346.webp\" alt=\"Plakat wydarzenia\" \/>\n        <\/a>\n    <\/div>\n             \n    <div class=\"card-ticket__link\">\n        <a href=\"https:\/\/www.ebilet.pl\/muzyka\/festiwale\/orange-warsaw-festival\" class=\"button button--theme-primary-yellow button--withIconLeft button--size-small\">\n            <span class=\"button__icon icon icon-ticket\"><\/span>\n            <p class=\"button__text typo-16 f-600\">Kup bilet<\/p>\n        <\/a>\n    <\/div>\n    <\/div>                                    <\/div>\n                                <\/div>\n                                                            <div class=\"tickets-slider__sliderItem swiper-slide\"\n                                    data-id=\"205645\"\n                                    data-name=\"Bezpieczna odsprzeda\u017c w apce eBilet\"\n                                    data-brand=\"eBilet\"\n                                    data-category=\"biznes\"\n                                    data-subcategory=\"pozostale\"\n                                    data-city=\"\"\n                                    data-venue=\"\">\n                                    <div class=\"tickets-slider__sliderCard\">\n                                        \n<div class=\"card-ticket\">\n        <div class=\"card-ticket__image\">\n        <a href=\"https:\/\/www.ebilet.pl\/biznes\/pozostale\/odsprzedaz\">\n            <img decoding=\"async\" src=\"https:\/\/www.ebilet.pl\/media\/cms\/media\/lkwf0krx\/552x736-1.webp\" alt=\"Plakat wydarzenia\" \/>\n        <\/a>\n    <\/div>\n             \n    <div class=\"card-ticket__link\">\n        <a href=\"https:\/\/www.ebilet.pl\/biznes\/pozostale\/odsprzedaz\" class=\"button button--theme-primary-yellow button--withIconLeft button--size-small\">\n            <span class=\"button__icon icon icon-ticket\"><\/span>\n            <p class=\"button__text typo-16 f-600\">Kup bilet<\/p>\n        <\/a>\n    <\/div>\n    <\/div>                                    <\/div>\n                                <\/div>\n                                                            <div class=\"tickets-slider__sliderItem swiper-slide\"\n                                    data-id=\"203961\"\n                                    data-name=\"Circoloco Warsaw\"\n                                    data-brand=\"Awake Events Sp. z o.o.\"\n                                    data-category=\"muzyka\"\n                                    data-subcategory=\"festiwale\"\n                                    data-city=\"Warszawa\"\n                                    data-venue=\"Pa\u0142ac w Wilanowie\">\n                                    <div class=\"tickets-slider__sliderCard\">\n                                        \n<div class=\"card-ticket\">\n        <div class=\"card-ticket__image\">\n        <a href=\"https:\/\/www.ebilet.pl\/muzyka\/festiwale\/circoloco-warsaw\">\n            <img decoding=\"async\" src=\"https:\/\/www.ebilet.pl\/media\/cms\/media\/moylgab4\/strona-wydarzenia-pion-a2233c6c-8b45-46d1-88c7-c2b6d8631f7f.webp\" alt=\"Plakat wydarzenia\" \/>\n        <\/a>\n    <\/div>\n             \n    <div class=\"card-ticket__link\">\n        <a href=\"https:\/\/www.ebilet.pl\/muzyka\/festiwale\/circoloco-warsaw\" class=\"button button--theme-primary-yellow button--withIconLeft button--size-small\">\n            <span class=\"button__icon icon icon-ticket\"><\/span>\n            <p class=\"button__text typo-16 f-600\">Kup bilet<\/p>\n        <\/a>\n    <\/div>\n    <\/div>                                    <\/div>\n                                <\/div>\n                                                            <div class=\"tickets-slider__sliderItem swiper-slide\"\n                                    data-id=\"8112\"\n                                    data-name=\"21. Tauron Nowa Muzyka Katowice 2026\"\n                                    data-brand=\"Fundacja Nowa Muzyka Katowice\"\n                                    data-category=\"muzyka\"\n                                    data-subcategory=\"festiwale\"\n                                    data-city=\"Katowice\"\n                                    data-venue=\"Narodowa Orkiestra Symfoniczna Polskiego Radia - NOSPR\">\n                                    <div class=\"tickets-slider__sliderCard\">\n                                        \n<div class=\"card-ticket\">\n        <div class=\"card-ticket__image\">\n        <a href=\"https:\/\/www.ebilet.pl\/muzyka\/festiwale\/tauron-nowa-muzyka\">\n            <img decoding=\"async\" src=\"https:\/\/www.ebilet.pl\/media\/cms\/media\/ksnpugtd\/secret-stage-12d20587-5578-4e4b-baa0-104b56bea764.webp\" alt=\"Plakat wydarzenia\" \/>\n        <\/a>\n    <\/div>\n             \n    <div class=\"card-ticket__link\">\n        <a href=\"https:\/\/www.ebilet.pl\/muzyka\/festiwale\/tauron-nowa-muzyka\" class=\"button button--theme-primary-yellow button--withIconLeft button--size-small\">\n            <span class=\"button__icon icon icon-ticket\"><\/span>\n            <p class=\"button__text typo-16 f-600\">Kup bilet<\/p>\n        <\/a>\n    <\/div>\n    <\/div>                                    <\/div>\n                                <\/div>\n                                                            <div class=\"tickets-slider__sliderItem swiper-slide\"\n                                    data-id=\"204964\"\n                                    data-name=\"EPIC ROCK: Symphonic Concert\"\n                                    data-brand=\"VISUAL PRODUCTION Sp. z o.o. \"\n                                    data-category=\"muzyka\"\n                                    data-subcategory=\"rock\"\n                                    data-city=\"Gdynia, Pozna\u0144, Warszawa i inne\"\n                                    data-venue=\"MTP - Mi\u0119dzynarodowe Targi Pozna\u0144skie\">\n                                    <div class=\"tickets-slider__sliderCard\">\n                                        \n<div class=\"card-ticket\">\n        <div class=\"card-ticket__image\">\n        <a href=\"https:\/\/www.ebilet.pl\/muzyka\/rock\/epic-rock-symphonic-concert\">\n            <img decoding=\"async\" src=\"https:\/\/www.ebilet.pl\/media\/cms\/media\/gqgdpaua\/552x736-epic-rock_data-d7743615-48da-4014-8a56-ff6b809a1c25.webp\" alt=\"Plakat wydarzenia\" \/>\n        <\/a>\n    <\/div>\n             \n    <div class=\"card-ticket__link\">\n        <a href=\"https:\/\/www.ebilet.pl\/muzyka\/rock\/epic-rock-symphonic-concert\" class=\"button button--theme-primary-yellow button--withIconLeft button--size-small\">\n            <span class=\"button__icon icon icon-ticket\"><\/span>\n            <p class=\"button__text typo-16 f-600\">Kup bilet<\/p>\n        <\/a>\n    <\/div>\n    <\/div>                                    <\/div>\n                                <\/div>\n                                                            <div class=\"tickets-slider__sliderItem swiper-slide\"\n                                    data-id=\"8527\"\n                                    data-name=\"OFF Festival Katowice 2026\"\n                                    data-brand=\"Fundacja Independent\"\n                                    data-category=\"muzyka\"\n                                    data-subcategory=\"festiwale\"\n                                    data-city=\"Katowice\"\n                                    data-venue=\"Katowicki Park Le\u015bny - Dolina Trzech Staw\u00f3w\">\n                                    <div class=\"tickets-slider__sliderCard\">\n                                        \n<div class=\"card-ticket\">\n        <div class=\"card-ticket__image\">\n        <a href=\"https:\/\/www.ebilet.pl\/muzyka\/festiwale\/off-festival\">\n            <img decoding=\"async\" src=\"https:\/\/www.ebilet.pl\/media\/cms\/media\/fe2gemsg\/ebilet-okladka-pion-552x736-e42b2686-71fa-4408-b72e-911ed7d4ce12.webp\" alt=\"Plakat wydarzenia\" \/>\n        <\/a>\n    <\/div>\n             \n    <div class=\"card-ticket__link\">\n        <a href=\"https:\/\/www.ebilet.pl\/muzyka\/festiwale\/off-festival\" class=\"button button--theme-primary-yellow button--withIconLeft button--size-small\">\n            <span class=\"button__icon icon icon-ticket\"><\/span>\n            <p class=\"button__text typo-16 f-600\">Kup bilet<\/p>\n        <\/a>\n    <\/div>\n    <\/div>                                    <\/div>\n                                <\/div>\n                                                            <div class=\"tickets-slider__sliderItem swiper-slide\"\n                                    data-id=\"6089\"\n                                    data-name=\"Dawid Podsiad\u0142o OBROTOWY TOUR 2026\"\n                                    data-brand=\"MUZK Sp. z o.o.\"\n                                    data-category=\"muzyka\"\n                                    data-subcategory=\"pop\"\n                                    data-city=\"Chorz\u00f3w, Gda\u0144sk, Pozna\u0144 i inne\"\n                                    data-venue=\"Superauto.pl Stadion \u015al\u0105ski\">\n                                    <div class=\"tickets-slider__sliderCard\">\n                                        \n<div class=\"card-ticket\">\n        <div class=\"card-ticket__image\">\n        <a href=\"https:\/\/www.ebilet.pl\/muzyka\/pop\/dawid-podsiadlo\">\n            <img decoding=\"async\" src=\"https:\/\/www.ebilet.pl\/media\/cms\/media\/ed0nj55n\/portal-552x736-belka-3af99133-8930-431d-8060-eb4825ec5b91.webp\" alt=\"Plakat wydarzenia\" \/>\n        <\/a>\n    <\/div>\n             \n    <div class=\"card-ticket__link\">\n        <a href=\"https:\/\/www.ebilet.pl\/muzyka\/pop\/dawid-podsiadlo\" class=\"button button--theme-primary-yellow button--withIconLeft button--size-small\">\n            <span class=\"button__icon icon icon-ticket\"><\/span>\n            <p class=\"button__text typo-16 f-600\">Kup bilet<\/p>\n        <\/a>\n    <\/div>\n    <\/div>                                    <\/div>\n                                <\/div>\n                                                            <div class=\"tickets-slider__sliderItem swiper-slide\"\n                                    data-id=\"29716\"\n                                    data-name=\"ATB | FINAL CHAPTER | POLAND TOUR\"\n                                    data-brand=\"HOT STAFF\"\n                                    data-category=\"muzyka\"\n                                    data-subcategory=\"elektro-techno\"\n                                    data-city=\"Bia\u0142ystok, Bydgoszcz, Gdynia i inne\"\n                                    data-venue=\"Wakepark Bydgoszcz\/My\u015bl\u0119cinek\">\n                                    <div class=\"tickets-slider__sliderCard\">\n                                        \n<div class=\"card-ticket\">\n        <div class=\"card-ticket__image\">\n        <a href=\"https:\/\/www.ebilet.pl\/muzyka\/elektro-techno\/atb\">\n            <img decoding=\"async\" src=\"https:\/\/www.ebilet.pl\/media\/cms\/media\/lfio3ow5\/ebilet-pion-2.webp\" alt=\"Plakat wydarzenia\" \/>\n        <\/a>\n    <\/div>\n             \n    <div class=\"card-ticket__link\">\n        <a href=\"https:\/\/www.ebilet.pl\/muzyka\/elektro-techno\/atb\" class=\"button button--theme-primary-yellow button--withIconLeft button--size-small\">\n            <span class=\"button__icon icon icon-ticket\"><\/span>\n            <p class=\"button__text typo-16 f-600\">Kup bilet<\/p>\n        <\/a>\n    <\/div>\n    <\/div>                                    <\/div>\n                                <\/div>\n                                                            <div class=\"tickets-slider__sliderItem swiper-slide\"\n                                    data-id=\"121727\"\n                                    data-name=\"Rzeszowskie Juwenalia 2026\"\n                                    data-brand=\"BREND GROUP SP\u00d3\u0141KA Z OGRANICZON\u0104 ODPOWIEDZIALNO\u015aCI\u0104\"\n                                    data-category=\"muzyka\"\n                                    data-subcategory=\"festiwale\"\n                                    data-city=\"Rzesz\u00f3w\"\n                                    data-venue=\"\">\n                                    <div class=\"tickets-slider__sliderCard\">\n                                        \n<div class=\"card-ticket\">\n        <div class=\"card-ticket__image\">\n        <a href=\"https:\/\/www.ebilet.pl\/muzyka\/festiwale\/rzeszowskie-juwenalia\">\n            <img decoding=\"async\" src=\"https:\/\/www.ebilet.pl\/media\/cms\/media\/mmxfjquy\/rzj_ebilet-ok_adka-pion-c1e9f827-0b41-4d73-81c6-5531b20e6005.webp\" alt=\"Plakat wydarzenia\" \/>\n        <\/a>\n    <\/div>\n             \n    <div class=\"card-ticket__link\">\n        <a href=\"https:\/\/www.ebilet.pl\/muzyka\/festiwale\/rzeszowskie-juwenalia\" class=\"button button--theme-primary-yellow button--withIconLeft button--size-small\">\n            <span class=\"button__icon icon icon-ticket\"><\/span>\n            <p class=\"button__text typo-16 f-600\">Kup bilet<\/p>\n        <\/a>\n    <\/div>\n    <\/div>                                    <\/div>\n                                <\/div>\n                                                            <div class=\"tickets-slider__sliderItem swiper-slide\"\n                                    data-id=\"202003\"\n                                    data-name=\"WWOFF\"\n                                    data-brand=\"Muzk Festival Sp. z o.o.\"\n                                    data-category=\"muzyka\"\n                                    data-subcategory=\"hip-hop-rap\"\n                                    data-city=\"Warszawa\"\n                                    data-venue=\"Hala COS Torwar \">\n                                    <div class=\"tickets-slider__sliderCard\">\n                                        \n<div class=\"card-ticket\">\n        <div class=\"card-ticket__image\">\n        <a href=\"https:\/\/www.ebilet.pl\/muzyka\/hip-hop-rap\/wwo\">\n            <img decoding=\"async\" src=\"https:\/\/www.ebilet.pl\/media\/cms\/media\/lranufrb\/portal-552x736a-f8052143-48fb-4e28-9564-7ff2fa400f8b.webp\" alt=\"Plakat wydarzenia\" \/>\n        <\/a>\n    <\/div>\n             \n    <div class=\"card-ticket__link\">\n        <a href=\"https:\/\/www.ebilet.pl\/muzyka\/hip-hop-rap\/wwo\" class=\"button button--theme-primary-yellow button--withIconLeft button--size-small\">\n            <span class=\"button__icon icon icon-ticket\"><\/span>\n            <p class=\"button__text typo-16 f-600\">Kup bilet<\/p>\n        <\/a>\n    <\/div>\n    <\/div>                                    <\/div>\n                                <\/div>\n                                                            <div class=\"tickets-slider__sliderItem swiper-slide\"\n                                    data-id=\"63906\"\n                                    data-name=\"Mecze towarzyskie Reprezentacji Polski m\u0119\u017cczyzn w siatk\u00f3wce\"\n                                    data-brand=\"Polska Siatk\u00f3wka Sp. z o.o.\"\n                                    data-category=\"sport\"\n                                    data-subcategory=\"sporty-druzynowe\"\n                                    data-city=\"Katowice, Sosnowiec\"\n                                    data-venue=\"ArcelorMittal Park w Sosnowcu\">\n                                    <div class=\"tickets-slider__sliderCard\">\n                                        \n<div class=\"card-ticket\">\n        <div class=\"card-ticket__image\">\n        <a href=\"https:\/\/www.ebilet.pl\/sport\/sporty-druzynowe\/mecz-siatkowki\">\n            <img decoding=\"async\" src=\"https:\/\/www.ebilet.pl\/media\/cms\/media\/paxoijep\/mecz-1-e7ebdff4-0eeb-4b41-87f8-b8cc79cca9e1.webp\" alt=\"Plakat wydarzenia\" \/>\n        <\/a>\n    <\/div>\n             \n    <div class=\"card-ticket__link\">\n        <a href=\"https:\/\/www.ebilet.pl\/sport\/sporty-druzynowe\/mecz-siatkowki\" class=\"button button--theme-primary-yellow button--withIconLeft button--size-small\">\n            <span class=\"button__icon icon icon-ticket\"><\/span>\n            <p class=\"button__text typo-16 f-600\">Kup bilet<\/p>\n        <\/a>\n    <\/div>\n    <\/div>                                    <\/div>\n                                <\/div>\n                                                            <div class=\"tickets-slider__sliderItem swiper-slide\"\n                                    data-id=\"203093\"\n                                    data-name=\"B-DAY Festival by bambi\"\n                                    data-brand=\"BDF Sp. z.o.o.\"\n                                    data-category=\"muzyka\"\n                                    data-subcategory=\"hip-hop-rap\"\n                                    data-city=\"Warszawa\"\n                                    data-venue=\"Hala COS Torwar \">\n                                    <div class=\"tickets-slider__sliderCard\">\n                                        \n<div class=\"card-ticket\">\n        <div class=\"card-ticket__image\">\n        <a href=\"https:\/\/www.ebilet.pl\/muzyka\/hip-hop-rap\/bambi\">\n            <img decoding=\"async\" src=\"https:\/\/www.ebilet.pl\/media\/cms\/media\/gifbpcig\/552x736-1-320cc3b0-5e5a-4852-a922-efc848865831.webp\" alt=\"Plakat wydarzenia\" \/>\n        <\/a>\n    <\/div>\n             \n    <div class=\"card-ticket__link\">\n        <a href=\"https:\/\/www.ebilet.pl\/muzyka\/hip-hop-rap\/bambi\" class=\"button button--theme-primary-yellow button--withIconLeft button--size-small\">\n            <span class=\"button__icon icon icon-ticket\"><\/span>\n            <p class=\"button__text typo-16 f-600\">Kup bilet<\/p>\n        <\/a>\n    <\/div>\n    <\/div>                                    <\/div>\n                                <\/div>\n                                                            <div class=\"tickets-slider__sliderItem swiper-slide\"\n                                    data-id=\"10672\"\n                                    data-name=\"Red Bull Drift Masters, Grand Finale 2026, Poland\"\n                                    data-brand=\"Drift Masters Grand Prix Sp. z o.o.\"\n                                    data-category=\"sport\"\n                                    data-subcategory=\"sporty-motorowe\"\n                                    data-city=\"Warszawa\"\n                                    data-venue=\"PGE Narodowy im. Kazimierza G\u00f3rskiego\">\n                                    <div class=\"tickets-slider__sliderCard\">\n                                        \n<div class=\"card-ticket\">\n        <div class=\"card-ticket__image\">\n        <a href=\"https:\/\/www.ebilet.pl\/sport\/sporty-motorowe\/drift-masters\">\n            <img decoding=\"async\" src=\"https:\/\/www.ebilet.pl\/media\/cms\/media\/sz3ojwmd\/552x736-do-60kb-55f8db12-cfee-4159-a30d-647373ffe546.webp\" alt=\"Plakat wydarzenia\" \/>\n        <\/a>\n    <\/div>\n             \n    <div class=\"card-ticket__link\">\n        <a href=\"https:\/\/www.ebilet.pl\/sport\/sporty-motorowe\/drift-masters\" class=\"button button--theme-primary-yellow button--withIconLeft button--size-small\">\n            <span class=\"button__icon icon icon-ticket\"><\/span>\n            <p class=\"button__text typo-16 f-600\">Kup bilet<\/p>\n        <\/a>\n    <\/div>\n    <\/div>                                    <\/div>\n                                <\/div>\n                                                            <div class=\"tickets-slider__sliderItem swiper-slide\"\n                                    data-id=\"14808\"\n                                    data-name=\"VNL 2026 - Siatkarska Liga Narod\u00f3w M\u0119\u017cczyzn\"\n                                    data-brand=\"Polska Siatk\u00f3wka Sp. z o.o.\"\n                                    data-category=\"sport\"\n                                    data-subcategory=\"sporty-druzynowe\"\n                                    data-city=\"Gliwice\"\n                                    data-venue=\"PreZero Arena Gliwice\">\n                                    <div class=\"tickets-slider__sliderCard\">\n                                        \n<div class=\"card-ticket\">\n        <div class=\"card-ticket__image\">\n        <a href=\"https:\/\/www.ebilet.pl\/sport\/sporty-druzynowe\/siatkowka\">\n            <img decoding=\"async\" src=\"https:\/\/www.ebilet.pl\/media\/cms\/media\/sm3bcgpb\/vnl_m_552x736-2-ff8b8c4b-8e2c-494a-980f-b32762865327.webp\" alt=\"Plakat wydarzenia\" \/>\n        <\/a>\n    <\/div>\n             \n    <div class=\"card-ticket__link\">\n        <a href=\"https:\/\/www.ebilet.pl\/sport\/sporty-druzynowe\/siatkowka\" class=\"button button--theme-primary-yellow button--withIconLeft button--size-small\">\n            <span class=\"button__icon icon icon-ticket\"><\/span>\n            <p class=\"button__text typo-16 f-600\">Kup bilet<\/p>\n        <\/a>\n    <\/div>\n    <\/div>                                    <\/div>\n                                <\/div>\n                                                            <div class=\"tickets-slider__sliderItem swiper-slide\"\n                                    data-id=\"50675\"\n                                    data-name=\"Warszawa w pigu\u0142ce\"\n                                    data-brand=\"WPT 1313 Rafa\u0142 Pawe\u0142ek\"\n                                    data-category=\"rodzina\"\n                                    data-subcategory=\"pozostale\"\n                                    data-city=\"Warszawa\"\n                                    data-venue=\"Plac Defilad \">\n                                    <div class=\"tickets-slider__sliderCard\">\n                                        \n<div class=\"card-ticket\">\n        <div class=\"card-ticket__image\">\n        <a href=\"https:\/\/www.ebilet.pl\/rodzina\/pozostale\/warszawa-w-pigulce\">\n            <img decoding=\"async\" src=\"https:\/\/www.ebilet.pl\/media\/cms\/media\/0czikbm0\/pigu\u0142ka2-0f05e05e-7fba-475d-9b9e-7c1afc80761e.webp\" alt=\"Plakat wydarzenia\" \/>\n        <\/a>\n    <\/div>\n             \n    <div class=\"card-ticket__link\">\n        <a href=\"https:\/\/www.ebilet.pl\/rodzina\/pozostale\/warszawa-w-pigulce\" class=\"button button--theme-primary-yellow button--withIconLeft button--size-small\">\n            <span class=\"button__icon icon icon-ticket\"><\/span>\n            <p class=\"button__text typo-16 f-600\">Kup bilet<\/p>\n        <\/a>\n    <\/div>\n    <\/div>                                    <\/div>\n                                <\/div>\n                                                            <div class=\"tickets-slider__sliderItem swiper-slide\"\n                                    data-id=\"5930\"\n                                    data-name=\"Audioriver Festival 2026\"\n                                    data-brand=\"Audioriver Sp. z o.o.\"\n                                    data-category=\"muzyka\"\n                                    data-subcategory=\"festiwale\"\n                                    data-city=\"\u0141\u00f3d\u017a\"\n                                    data-venue=\"B\u0142onia \u0141\u00f3dzkie\">\n                                    <div class=\"tickets-slider__sliderCard\">\n                                        \n<div class=\"card-ticket\">\n        <div class=\"card-ticket__image\">\n        <a href=\"https:\/\/www.ebilet.pl\/muzyka\/festiwale\/audioriver\">\n            <img decoding=\"async\" src=\"https:\/\/www.ebilet.pl\/media\/cms\/media\/gfjpcqll\/so-far5-pion-84d088fb-d165-4b1b-b069-77f1f8fa737b.webp\" alt=\"Plakat wydarzenia\" \/>\n        <\/a>\n    <\/div>\n             \n    <div class=\"card-ticket__link\">\n        <a href=\"https:\/\/www.ebilet.pl\/muzyka\/festiwale\/audioriver\" class=\"button button--theme-primary-yellow button--withIconLeft button--size-small\">\n            <span class=\"button__icon icon icon-ticket\"><\/span>\n            <p class=\"button__text typo-16 f-600\">Kup bilet<\/p>\n        <\/a>\n    <\/div>\n    <\/div>                                    <\/div>\n                                <\/div>\n                                                    <\/div>\n                    <\/div>\n                <\/div>\n            <\/div>\n        <\/div>\n    <\/div>\n<\/section>\n\n\n<section class=\"text-block  section-margin-32\" >\n    <div class=\"container\">\n        <div class=\"row\">\n            <div class=\"col-24\">\n                <div class=\"text-block__content\"><h3><strong>Pochodzenie imienia Andrew<\/strong><\/h3>\n<p><span style=\"font-weight: 400;\">Imi\u0119 Andrew pochodzi ze staro\u017cytnej greki \u2013 \u201c\u1f08\u03bd\u03b4\u03c1\u03ad\u03b1\u03c2\u201d (Andr\u00e9as), kt\u00f3re za\u015b pochodzi od s\u0142owa \u201c\u1f00\u03bd\u03b4\u03c1\u03b5\u1fd6\u03bf\u03c2\u201d (andre\u00eeos), <\/span><b>oznaczaj\u0105cego \u201cm\u0119ski\u201d, \u201cm\u0119\u017cny\u201d oraz \u201cdzielny\u201d. <\/b><span style=\"font-weight: 400;\">Te za\u015b pochodz\u0105 od s\u0142owa \u201c\u1f00\u03bd\u03ae\u03c1\u201d (an\u1e17r), kt\u00f3re oznacza \u201ccz\u0142owiek\u201d.\u00a0<\/span><\/p>\n<p><span style=\"font-weight: 400;\">Inne warianty tego imienia to Andr\u00e9, Andreas, Andrei oraz Andrey. Mo\u017ce by\u0107 to tak\u017ce nazwisko (wtedy pojawiaj\u0105 si\u0119 warianty typu Andrews). Tym samym s\u0142owem nazwano tak\u017ce:<\/span><\/p>\n<ul>\n<li style=\"font-weight: 400;\" aria-level=\"1\"><span style=\"font-weight: 400;\">wiosk\u0119 w Kanadzie,<\/span><\/li>\n<li style=\"font-weight: 400;\" aria-level=\"1\"><span style=\"font-weight: 400;\">miasto w USA.<\/span><\/li>\n<\/ul>\n<p><span style=\"font-weight: 400;\">Polskim odpowiednikiem jest imi\u0119 Andrzej.<\/span><\/p>\n<h3><strong>Pochodzenie nazwiska Hozier-Byrne<\/strong><\/h3>\n<p><span style=\"font-weight: 400;\">By pozna\u0107 pochodzenie nazwiska Hozier-Byrne, musimy podzieli\u0107 je sobie na dwa odr\u0119bne cz\u0142ony.\u00a0<\/span><\/p>\n<p><b>Hozier to nazwisko anglo-sakso\u0144skie. <\/b><span style=\"font-weight: 400;\">Pocz\u0105tkowo by\u0142o nadawane osobom, kt\u00f3re para\u0142y si\u0119 robieniem i sprzedawaniem skarpet. Nazwisko to <\/span><b>pochodzi od staroangielskiego \u201chosa\u201d, kt\u00f3re oznacza\u0142o \u201cwyroby po\u0144czosznicze\u201d. <\/b><span style=\"font-weight: 400;\">Pierwsza wzmianka nazwiska Hozier pojawi\u0142a si\u0119 w Oxfordshire w 1180 roku (cho\u0107 brzmia\u0142o ono wtedy \u201cHusier\u201d). W 1200 roku pojawi\u0142 si\u0119 za to \u201cle Hoser\u201d, a p\u00f3\u017aniej tak\u017ce \u201cHosier\u201d oraz \u201cHosyer\u201d. Takie liter\u00f3wki w tamtych czasach by\u0142y na porz\u0105dku dziennym.<\/span><\/p>\n<p><b>Byrne za\u015b to s\u0142owo pochodz\u0105ce od irlandzkiego \u201c\u00d3 Broin\u201d, <\/b><span style=\"font-weight: 400;\">kt\u00f3re oznacza \u201cpotomka Brana\u201d, czyli pana o imieniu Bran, kt\u00f3rego imi\u0119 za\u015b oznacza \u201ckruka\u201d.\u00a0<\/span><\/p>\n<h3><strong>Sk\u0105d wzi\u0105\u0142 si\u0119 pseudonim Hozier?<\/strong><\/h3>\n<p><span style=\"font-weight: 400;\">Teraz ju\u017c mo\u017cesz si\u0119 domy\u015bli\u0107, \u017ce pseudonim wzi\u0105\u0142 si\u0119 po prostu od nazwiska artysty. Nie ma tutaj \u017cadnej wyj\u0105tkowej historii. To po prostu jeden z cz\u0142on\u00f3w jego nazwiska.<\/span><\/p>\n<h2><strong>Jak pisa\u0107 Hozier?<\/strong><\/h2>\n<p><span style=\"font-weight: 400;\">Zapisanie \u201cHozier\u201d na klawiaturze nie przysporzy ci problem\u00f3w, tak samo jak zapisanie pe\u0142nego imienia i nazwiska tego artysty.<\/span><\/p>\n<h2>Jak odmienia\u0107 Hozier?<\/h2>\n<p><span style=\"font-weight: 400;\">Odmiana Hozier mo\u017ce przysparza\u0107 wielu problem\u00f3w. Robi\u0107 to? A mo\u017ce lepiej nie? A je\u015bli tak, to w jaki spos\u00f3b? Wygl\u0105da to nast\u0119puj\u0105co:<\/span><\/p>\n<p><span style=\"font-weight: 400;\">Mianownik (kto? co?) <\/span><b>Hozier<\/b><\/p>\n<p><span style=\"font-weight: 400;\">Dope\u0142niacz (kogo? czego?) <\/span><b>Hoziera<\/b><\/p>\n<p><span style=\"font-weight: 400;\">Celownik (komu? czemu?) <\/span><b>Hozierowi<\/b><\/p>\n<p><span style=\"font-weight: 400;\">Biernik (kogo? co?) <\/span><b>Hoziera<\/b><\/p>\n<p><span style=\"font-weight: 400;\">Narz\u0119dnik (z kim? z czym?) <\/span><b>Hozierem<\/b><\/p>\n<p><span style=\"font-weight: 400;\">Miejscownik (o kim? o czym?)<\/span><b> Hozierze<\/b><\/p>\n<p><span style=\"font-weight: 400;\">Wo\u0142acz (o!) <\/span><b>Hozierze!<\/b><\/p>\n<p><b>A jak odmienia\u0107 prawdziwe imi\u0119 i nazwisko tego artysty?<\/b><\/p>\n<p><span style=\"font-weight: 400;\">Mianownik (kto? co?) <\/span><b>Andrew Hozier-Byrne<\/b><\/p>\n<p><span style=\"font-weight: 400;\">Dope\u0142niacz (kogo? czego?) <\/span><b>Andrew Hoziera-Byrne\u2019a<\/b><\/p>\n<p><span style=\"font-weight: 400;\">Celownik (komu? czemu?) <\/span><b>Andrew Hozierowi-Byrne\u2019owi<\/b><\/p>\n<p><span style=\"font-weight: 400;\">Biernik (kogo? co?) <\/span><b>Andrew Hoziera-Byrne\u2019a<\/b><\/p>\n<p><span style=\"font-weight: 400;\">Narz\u0119dnik (z kim? z czym?)<\/span><b> Andrew Hozierem-Byrne\u2019m<\/b><\/p>\n<p><span style=\"font-weight: 400;\">Miejscownik (o kim? o czym?) <\/span><b>Andrew Hozierze-Byrne\u2019ie<\/b><\/p>\n<p><span style=\"font-weight: 400;\">Wo\u0142acz (o!) <\/span><b>Andrew Hozierze-Byrne\u2019ie!<\/b><\/p>\n<p><span style=\"font-weight: 400;\">W przypadku imienia idziemy na \u0142atwizn\u0119 i nie odmieniamy go w og\u00f3le. Za to nazwisko staje si\u0119 do\u015b\u0107 problematyczne. Hozier odmieniamy inaczej ni\u017c Byrne. Warto si\u0119 temu przyjrze\u0107 na spokojnie (a p\u00f3\u017aniej trzyma\u0107 si\u0119 korzystania jedynie z pseudonimu artysty, by by\u0142o \u0142atwiej). Pami\u0119taj tak\u017ce o apostrofach w nazwisku Byrne (pojawiaj\u0105 si\u0119, poniewa\u017c ostatniej litery \u201ce\u201d nie wymawiamy\u201d oraz ich braku w nazwisku Hozier (nie ma ich, poniewa\u017c wymawiamy ostatni\u0105 liter\u0119 nazwiska).<\/span><\/p>\n<\/div>\n            <\/div>\n        <\/div>\n    <\/div>\n<\/section>\n\n\n\n\n<section class=\"text-block  section-margin-32\" >\n    <div class=\"container\">\n        <div class=\"row\">\n            <div class=\"col-24\">\n                <div class=\"text-block__content\"><h2><strong>Hozier \u2013 kim jest?<\/strong><\/h2>\n<p><b>Hozier urodzi\u0142 si\u0119 17 marca 1990 roku w Irlandii. Jest piosenkarzem, gitarzyst\u0105, autorem tekst\u00f3w, a tak\u017ce kompozytorem i multiinstrumentalist\u0105. <\/b><span style=\"font-weight: 400;\">Tworzy muzyk\u0119, b\u0119d\u0105c\u0105 po\u0142\u0105czeniem folku, soulu, indie rocka oraz bluesu. <\/span><b>Ogromn\u0105 popularno\u015b\u0107 zdoby\u0142 dzi\u0119ki singlowi \u201cTake Me to Church\u201d, kt\u00f3ry ujrza\u0142 \u015bwiat\u0142o dzienne w 2013 roku. <\/b><span style=\"font-weight: 400;\">Ju\u017c w kolejnym roku wypu\u015bci\u0142 debiutanck\u0105 p\u0142yt\u0119 \u201cHozier\u201d. Jej nak\u0142ad przekroczy\u0142 2,5 miliona sztuk na \u015bwiecie, w tym ponad 2 miliony tylko w Stanach Zjednoczonych.<\/span><\/p>\n<p><b>A jak to wszystko si\u0119 zacz\u0119\u0142o? <\/b><span style=\"font-weight: 400;\">Ojciec Hoziera by\u0142 muzykiem bluesowym, Nic wi\u0119c dziwnego, \u017ce 15-letni Andrew zacz\u0105\u0142 \u015bpiewa\u0107, a p\u00f3\u017aniej uczy\u0142 si\u0119 gry na gitarze. W tym samym czasie za\u0142o\u017cy\u0142 sw\u00f3j pierwszy zesp\u00f3\u0142, z kt\u00f3rym tworzy\u0142 piosenki w klimacie soulu, bluesa, gospelu oraz R&amp;B. Studiowa\u0142 muzyk\u0119, kt\u00f3r\u0105 rzuci\u0142 po pierwszym roku, by skupi\u0107 si\u0119 na nagrywaniu dem\u00f3wek dla wytw\u00f3rni Universal Music. Jeszcze podczas studi\u00f3w by\u0142 cz\u0142onkiem Trinity Orchestra, a p\u00f3\u017aniej udziela\u0142 si\u0119 w ch\u00f3rze, kt\u00f3rego zosta\u0142 solist\u0105, zanim zdecydowa\u0142 si\u0119 odej\u015b\u0107. Uczy\u0142 si\u0119 gra\u0107 na wszystkich rodzajach instrument\u00f3w opr\u00f3cz perkusji.<\/span><\/p>\n<p><b>W 2014 roku Hozier go\u015bci\u0142 w wielu programach, m.in.:<\/b><\/p>\n<ul>\n<li style=\"font-weight: 400;\" aria-level=\"1\"><span style=\"font-weight: 400;\">\u201cLate Show with David Letterman\u201d,<\/span><\/li>\n<li style=\"font-weight: 400;\" aria-level=\"1\"><span style=\"font-weight: 400;\">\u201cThe Ellen DeGeneres Show\u201d,<\/span><\/li>\n<li style=\"font-weight: 400;\" aria-level=\"1\"><span style=\"font-weight: 400;\">\u201cSaturday Night Live\u201d.<\/span><\/li>\n<\/ul>\n<p><span style=\"font-weight: 400;\">Jego debiutancka p\u0142yta ju\u017c chwil\u0119 p\u00f3\u017aniej odnios\u0142a tak wielki sukces, \u017ce sta\u0142a si\u0119 najlepiej sprzedaj\u0105cym si\u0119 albumem Wielkiej Brytanii w ca\u0142ym 2015 roku. Za piosenk\u0119 \u201cTake Me to Church\u201d zosta\u0142 nominowany do Nagrody Grammy w kategorii \u201cpiosenka roku\u201d. Podczas gali wr\u0119czenia nagr\u00f3d za\u015bpiewa\u0142 t\u0105 piosenk\u0119 z Annie Lennox.<\/span><\/p>\n<p><span style=\"font-weight: 400;\">W 2016 roku opublikowa\u0142 piosenk\u0119 i teledysk do niej \u201cBetter Love\u201d, kt\u00f3ra zosta\u0142a stworzona do filmu \u201cThe Legend of Tarzan\u201d. W kolejnych latach wyda\u0142 tak\u017ce albumy:<\/span><\/p>\n<ul>\n<li style=\"font-weight: 400;\" aria-level=\"1\"><span style=\"font-weight: 400;\">\u201cWasteland, Baby!\u201d (2019 rok),<\/span><\/li>\n<li style=\"font-weight: 400;\" aria-level=\"1\"><span style=\"font-weight: 400;\">\u201cUnreal Unearth\u201d (2023 rok).<\/span><\/li>\n<\/ul>\n<h3><span style=\"font-weight: 400;\">Ciekawostki o Hozierze<\/span><\/h3>\n<p><b>Chcesz dowiedzie\u0107 si\u0119 czego\u015b wi\u0119cej? Prosz\u0119 bardzo:<\/b><\/p>\n<ul>\n<li style=\"font-weight: 400;\" aria-level=\"1\"><span style=\"font-weight: 400;\">piosenka \u201cTake me to Church\u201d zosta\u0142a wypuszczona wraz z teledyskiem, w kt\u00f3rym artysta poruszy\u0142 problem homofobii oraz przemocy wobec os\u00f3b homoseksualnych. W dwa tygodnie wideoklip zosta\u0142 obejrzany ponad 200 tysi\u0119cy razy, dzi\u0119ki czemu singiel dotar\u0142 do drugiego miejsca irlandzkich list przeboj\u00f3w,<\/span><\/li>\n<li style=\"font-weight: 400;\" aria-level=\"1\"><span style=\"font-weight: 400;\">Hozier jest ateist\u0105, krytykuj\u0105cym dzia\u0142alno\u015b\u0107 oraz pogl\u0105dy Ko\u015bcio\u0142a Katolickiego na tle spo\u0142ecznym i religijnym,\u00a0<\/span><\/li>\n<li style=\"font-weight: 400;\" aria-level=\"1\"><span style=\"font-weight: 400;\">artysta jest tak\u017ce feminist\u0105,<\/span><\/li>\n<li style=\"font-weight: 400;\" aria-level=\"1\"><span style=\"font-weight: 400;\">w 2014 roku wyst\u0105pi\u0142 podczas pokazu bielizny marki Victoria\u2019s Secret,<\/span><\/li>\n<li style=\"font-weight: 400;\" aria-level=\"1\"><span style=\"font-weight: 400;\">w 2015 roku pierwszy raz pojawi\u0142 si\u0119 w Polsce (na Open\u2019er Festivalu),<\/span><\/li>\n<li style=\"font-weight: 400;\" aria-level=\"1\"><span style=\"font-weight: 400;\">jego g\u0142os jest okre\u015blany jako tenor,<\/span><\/li>\n<li style=\"font-weight: 400;\" aria-level=\"1\"><span style=\"font-weight: 400;\">Hozier pytany o inspiracje muzyczne, podaje Leonarda Cohena i Johna Lee Hookera,<\/span><\/li>\n<li style=\"font-weight: 400;\" aria-level=\"1\"><span style=\"font-weight: 400;\">w jego utworach mo\u017cna znale\u017a\u0107 odniesienia do powie\u015bci Jamesa Joyce\u2019a \u201cPortret artysty z czas\u00f3w m\u0142odo\u015bci\u201d.<\/span><\/li>\n<\/ul>\n<p>&nbsp;<\/p>\n<p><span style=\"font-weight: 400;\">Teraz ju\u017c wiesz, jak poprawnie wymawia\u0107 i odmienia\u0107 pseudonim Hoier. Mo\u017cesz \u015bmia\u0142o opowiedzie\u0107 ciekawostki o tym arty\u015bcie innym, nie martwi\u0105c si\u0119 o to, \u017ce pope\u0142nisz b\u0142\u0105d.\u00a0<\/span><\/p>\n<p>&nbsp;<\/p>\n<p><span style=\"font-weight: 400;\">Przypisy:\u00a0<\/span><\/p>\n<p><span style=\"font-weight: 400;\">[1] <\/span><a href=\"https:\/\/www.youtube.com\/watch?v=4R2RWUpn3a4\" rel=\"nofollow noopener\" target=\"_blank\"><span style=\"font-weight: 400;\">https:\/\/www.youtube.com\/watch?v=4R2RWUpn3a4<\/span><\/a><span style=\"font-weight: 400;\"> (dost\u0119p z dnia 10.07.2024)<\/span><\/p>\n<p><span style=\"font-weight: 400;\">[2] <\/span><a href=\"https:\/\/www.houseofnames.com\/hozier-family-crest\" rel=\"nofollow noopener\" target=\"_blank\"><span style=\"font-weight: 400;\">https:\/\/www.houseofnames.com\/hozier-family-crest<\/span><\/a><span style=\"font-weight: 400;\"> (dost\u0119p z dnia 10.07.2024)<\/span><\/p>\n<p>&nbsp;<\/p>\n<\/div>\n            <\/div>\n        <\/div>\n    <\/div>\n<\/section>\n\n\n<section class=\"events-slider-block  section-margin-32\" data-events-slider-block data-carousel-title=\"Nowo\u015bci na eBilet\" data-carousel-type=\"karuzela_z_t\u0142em\" data-item-list-name=\"Karuzela z t\u0142em Nowo\u015bci na eBilet\" data-item-list-id=\"karuzela_z_t\u0142em Nowo\u015bci na eBilet\" >\n    <div class=\"container\">\n        <div class=\"row\">\n            <div class=\"col-24\">\n                <div class=\"events-slider-block__wrapper\">\n                                            <div class=\"events-slider-block__bg\"><img loading=\"lazy\" decoding=\"async\" width=\"1920\" height=\"1080\" src=\"https:\/\/www.ebilet.pl\/now\/app\/uploads\/2024\/04\/shutterstock_1308510637.jpg\" class=\"attachment-full size-full\" alt=\"Fot.\" srcset=\"https:\/\/www.ebilet.pl\/now\/app\/uploads\/2024\/04\/shutterstock_1308510637.jpg 1920w, https:\/\/www.ebilet.pl\/now\/app\/uploads\/2024\/04\/shutterstock_1308510637-1024x576.jpg 1024w, https:\/\/www.ebilet.pl\/now\/app\/uploads\/2024\/04\/shutterstock_1308510637-1536x864.jpg 1536w, https:\/\/www.ebilet.pl\/now\/app\/uploads\/2024\/04\/shutterstock_1308510637-1280x720.jpg 1280w, https:\/\/www.ebilet.pl\/now\/app\/uploads\/2024\/04\/shutterstock_1308510637-500x281.jpg 500w, https:\/\/www.ebilet.pl\/now\/app\/uploads\/2024\/04\/shutterstock_1308510637-632x356.jpg 632w, https:\/\/www.ebilet.pl\/now\/app\/uploads\/2024\/04\/shutterstock_1308510637-308x174.jpg 308w\" sizes=\"(max-width: 1920px) 100vw, 1920px\" \/><\/div>\n                                                                <div class=\"events-slider-block__top\">\n                                                            <div class=\"events-slider-block__title desktop\">\n                                    <h2 class=\"typo-h2\">Nowo\u015bci na eBilet<\/h2>\n                                <\/div>\n                                                                                        <div class=\"events-slider-block__title mobile\">\n                                    <h2 class=\"typo-h2\">Nowo\u015bci na eBilet<\/h2>\n                                <\/div>\n                                                    <\/div>\n                                                            <div class=\"events-slider-block__bottom\">\n                                                                                <div class=\"events-slider-block__link desktop\">\n                                    <a class=\"button button--size-small button--theme-primary-yellow button--withIconLeft\" href=\"https:\/\/www.ebilet.pl\/\">\n                                                                                    <div class=\"button__icon\"><img loading=\"lazy\" decoding=\"async\" width=\"30\" height=\"30\" src=\"https:\/\/www.ebilet.pl\/now\/app\/uploads\/2024\/01\/ticket-cinema-entertainment-coupon-discount-sale_30px.png\" class=\"attachment-full size-full\" alt=\"\" \/><\/div>\n                                                                                <p class=\"button__text typo-18\">Kup na eBilet.pl<\/p>\n                                    <\/a>\n                                <\/div>\n                                                                                <div class=\"events-slider-block__link mobile\">\n                                    <a class=\"button button--size-small button--theme-primary-yellow button--withIconLeft\" href=\"https:\/\/www.ebilet.pl\/\">\n                                                                                    <div class=\"button__icon\"><img loading=\"lazy\" decoding=\"async\" width=\"30\" height=\"30\" src=\"https:\/\/www.ebilet.pl\/now\/app\/uploads\/2024\/01\/ticket-cinema-entertainment-coupon-discount-sale_30px.png\" class=\"attachment-full size-full\" alt=\"\" \/><\/div>\n                                                                                <p class=\"button__text typo-18\">Kup na eBilet.pl<\/p>\n                                    <\/a>\n                                <\/div>\n                                            <\/div>\n                <\/div>\n            <\/div>\n        <\/div>\n    <\/div>\n<\/section>","protected":false},"excerpt":{"rendered":"<p>Hozier pochodzi z Irlandii. To autor chwytaj\u0105cego za serce utworu \u201cTake Me to Church\u201d i w\u0142a\u015bciciel g\u0142\u0119bokiego g\u0142osu, kt\u00f3ry powoduje ciarki na ca\u0142ym ciele oraz teledysk\u00f3w, kt\u00f3re doprowadzaj\u0105 cz\u0142owieka do \u0142ez. Tylko\u2026 jak wym\u00f3wi\u0107 jego pseudonim? Hozier, Ho\u017aer, Hozjer? Co to w og\u00f3le oznacza i sk\u0105d pomys\u0142? A co z odmian\u0105? Sprawd\u017amy! Przy okazji dowiesz si\u0119, jak naprawd\u0119 nazywa si\u0119 ten artysta oraz poznasz kilka ciekawostek na jego temat. <\/p>\n","protected":false},"author":14,"featured_media":32992,"comment_status":"open","ping_status":"open","sticky":false,"template":"page-templates\/article-default.php","format":"standard","meta":{"_acf_changed":false,"footnotes":""},"article_tag":[88,212,310,296],"article_type":[5],"acf":[],"_links":{"self":[{"href":"https:\/\/www.ebilet.pl\/now\/wp-json\/wp\/v2\/posts\/32990"}],"collection":[{"href":"https:\/\/www.ebilet.pl\/now\/wp-json\/wp\/v2\/posts"}],"about":[{"href":"https:\/\/www.ebilet.pl\/now\/wp-json\/wp\/v2\/types\/post"}],"author":[{"embeddable":true,"href":"https:\/\/www.ebilet.pl\/now\/wp-json\/wp\/v2\/users\/14"}],"replies":[{"embeddable":true,"href":"https:\/\/www.ebilet.pl\/now\/wp-json\/wp\/v2\/comments?post=32990"}],"version-history":[{"count":2,"href":"https:\/\/www.ebilet.pl\/now\/wp-json\/wp\/v2\/posts\/32990\/revisions"}],"predecessor-version":[{"id":32994,"href":"https:\/\/www.ebilet.pl\/now\/wp-json\/wp\/v2\/posts\/32990\/revisions\/32994"}],"wp:featuredmedia":[{"embeddable":true,"href":"https:\/\/www.ebilet.pl\/now\/wp-json\/wp\/v2\/media\/32992"}],"wp:attachment":[{"href":"https:\/\/www.ebilet.pl\/now\/wp-json\/wp\/v2\/media?parent=32990"}],"wp:term":[{"taxonomy":"article_tag","embeddable":true,"href":"https:\/\/www.ebilet.pl\/now\/wp-json\/wp\/v2\/article_tag?post=32990"},{"taxonomy":"article_type","embeddable":true,"href":"https:\/\/www.ebilet.pl\/now\/wp-json\/wp\/v2\/article_type?post=32990"}],"curies":[{"name":"wp","href":"https:\/\/api.w.org\/{rel}","templated":true}]}}