{"id":32659,"date":"2024-09-08T18:22:33","date_gmt":"2024-09-08T17:22:33","guid":{"rendered":"https:\/\/www.ebilet.pl\/now\/?p=32659"},"modified":"2024-09-08T18:22:35","modified_gmt":"2024-09-08T17:22:35","slug":"co-warto-zobaczyc-w-nowym-saczu-atrakcje","status":"publish","type":"post","link":"https:\/\/www.ebilet.pl\/now\/co-warto-zobaczyc-w-nowym-saczu-atrakcje\/","title":{"rendered":"Co warto zobaczy\u0107 w Nowym S\u0105czu? Atrakcje"},"content":{"rendered":"\n<section class=\"text-block  section-margin-32\" >\n    <div class=\"container\">\n        <div class=\"row\">\n            <div class=\"col-24\">\n                <div class=\"text-block__content\"><h2><strong>Sk\u0105d pochodzi nazwa Nowy S\u0105cz?<\/strong><\/h2>\n<p><span style=\"font-weight: 400;\">Pocz\u0105tkowo osada, kt\u00f3ra le\u017ca\u0142a na terenach dzisiejszego Nowego S\u0105cza, nosi\u0142a nazw\u0119 Kamienica. P\u00f3\u017aniej otrzyma\u0142a ona nazw\u0119 s\u0105siaduj\u0105cego Sandecz-S\u0105cza (dzi\u015b znanego jako Stary S\u0105cz). By odr\u00f3\u017cni\u0107 te dwa miasta od siebie, nowszemy z nich dodano przymiotnik \u201cnowy\u201d.\u00a0<\/span><\/p>\n<h2><strong>Ratusz w Nowym S\u0105czu<\/strong><\/h2>\n<p><span style=\"font-weight: 400;\">Miejscem, kt\u00f3re zdecydowanie warto odwiedzi\u0107 w Nowym S\u0105czu, jest Ratusz. Pierwsz\u0105 siedzib\u0105 w\u0142adz miasta by\u0142 budynek, kt\u00f3ry zosta\u0142 zakupiony w latach 40. XV wieku przez kardyna\u0142a Zbigniewa Ole\u015bnickiego po utworzeniu Kolegiaty.<\/span><\/p>\n<p><span style=\"font-weight: 400;\">Kolejny ratusz zosta\u0142 za to wzniesiony nieco p\u00f3\u017aniej, po czym by\u0142 wielokrotnie odbudowywany po po\u017carach, kt\u00f3re uszkadza\u0142y r\u00f3\u017cne jego cz\u0119\u015bci. W drugiej po\u0142owie XVI wieku budynek zosta\u0142 przebudowany na styl renesansowy. W XVII wieku przyszed\u0142 kolejny po\u017car, a po nim kolejna odbudowa (tym razem jako pi\u0119trowy budynek z wie\u017c\u0105 zegarow\u0105). W XIX wieku zn\u00f3w zosta\u0142 przebudowany i otrzyma\u0142 mi\u0119dzy innymi kolumnowy portyk. <\/span><b>Nied\u0142ugo p\u00f3\u017aniej mia\u0142 miejsce kolejny po\u017car, tym razem cz\u0119\u015bci miasta (a nie tylko tego budynku), w kt\u00f3rej sta\u0142 ratusz, przez co uleg\u0142 ca\u0142kowitemu zniszczeniu. Spali\u0142y si\u0119 tak\u017ce wszelkie dokumenty z nadanymi przez kr\u00f3l\u00f3w przywilejami miasta.<\/b><\/p>\n<p><span style=\"font-weight: 400;\">Dzisiejszy budynek powsta\u0142 pod koniec XIX wieku, a zaprojektowany zosta\u0142 w stylu eklektycznym (\u0142\u0105czy neorenesans i neobarok).\u00a0<\/span><\/p>\n<\/div>\n            <\/div>\n        <\/div>\n    <\/div>\n<\/section>\n\n\n<section class=\"banner banner--layout-default section-margin-32\" >\n    <div class=\"container\">\n        <div class=\"row\">\n            <div class=\"col-24\">\n                <div class=\"banner__wrapper\">\n                                        <div class=\"banner__bg\">\n                        <img loading=\"lazy\" decoding=\"async\" width=\"1920\" height=\"1080\" src=\"https:\/\/www.ebilet.pl\/now\/app\/uploads\/2024\/09\/shutterstock_2381090127.jpg\" class=\"attachment-full size-full\" alt=\"Co warto zobaczy\u0107 w Nowym S\u0105czu? Atrakcje\" srcset=\"https:\/\/www.ebilet.pl\/now\/app\/uploads\/2024\/09\/shutterstock_2381090127.jpg 1920w, https:\/\/www.ebilet.pl\/now\/app\/uploads\/2024\/09\/shutterstock_2381090127-1024x576.jpg 1024w, https:\/\/www.ebilet.pl\/now\/app\/uploads\/2024\/09\/shutterstock_2381090127-1536x864.jpg 1536w, https:\/\/www.ebilet.pl\/now\/app\/uploads\/2024\/09\/shutterstock_2381090127-1280x720.jpg 1280w, https:\/\/www.ebilet.pl\/now\/app\/uploads\/2024\/09\/shutterstock_2381090127-500x281.jpg 500w, https:\/\/www.ebilet.pl\/now\/app\/uploads\/2024\/09\/shutterstock_2381090127-632x356.jpg 632w, https:\/\/www.ebilet.pl\/now\/app\/uploads\/2024\/09\/shutterstock_2381090127-308x174.jpg 308w\" sizes=\"(max-width: 1920px) 100vw, 1920px\" \/>                    <\/div>\n                                                                                                    <div class=\"banner__text\">\n                        <div class=\"banner__title typo-h2 f-700\">Wydarzenia w Nowym S\u0105czu<\/div>\n                        <p class=\"banner__desc typo-14\"><\/p>\n                    <\/div>\n                                                            <div class=\"banner__link\">\n                        <a\n                            class=\"button button--theme-primary-yellow \"\n                            href=\"https:\/\/www.ebilet.pl\/miasto\/nowy-sacz\"\n                        >\n                            <p class=\"button__text typo-18\">Kup bilety<\/p>\n                                                    <\/a>\n                    <\/div>\n                                                        <\/div>\n            <\/div>\n        <\/div>\n    <\/div>\n<\/section>\n\n\n<section class=\"text-block  section-margin-32\" >\n    <div class=\"container\">\n        <div class=\"row\">\n            <div class=\"col-24\">\n                <div class=\"text-block__content\"><h2><strong>Synagogi w Nowym S\u0105czu<\/strong><\/h2>\n<p><span style=\"font-weight: 400;\">W Nowym S\u0105czu s\u0105 dwie synagogi warte uwagi.<\/span><\/p>\n<h3><span style=\"font-weight: 400;\">Synagoga w Nowym S\u0105czu tzw. Grodzka<\/span><\/h3>\n<p><span style=\"font-weight: 400;\">Synagoga Grodzka znajduje si\u0119 w centrum dawnej dzielnicy \u017cydowskiej, w pobli\u017cu Zamku Kr\u00f3lewskiego. Zbudowano j\u0105 w XVIII wieku i by\u0142a wzorowana na synagogach z Che\u0142ma i Ch\u0119cin. <\/span><b>Prawo wymaga\u0142o jednak, by by\u0142a ni\u017csza od najmniejszego s\u0105deckiego ko\u015bcio\u0142a, dlatego sam budynek nie jest du\u017cy.<\/b><span style=\"font-weight: 400;\"> W XIX wieku odwiedzi\u0142 j\u0105 Stanis\u0142aw Wyspia\u0144ski, kt\u00f3ry wykona\u0142 kilka szkic\u00f3w jej wn\u0119trza. Pi\u0119\u0107 lat p\u00f3\u017aniej synagoga doszcz\u0119tnie sp\u0142on\u0119\u0142a, ale dzi\u0119ki jej wytrzyma\u0142ej konstrukcji mury si\u0119 nie zawali\u0142y. Budynek zosta\u0142 odbudowany z nowymi cechami architektonicznymi.<\/span><\/p>\n<p><b>Kolejny raz synagoga zosta\u0142a zniszczona podczas II wojny \u015bwiatowej. <\/b><span style=\"font-weight: 400;\">Hitlerowcy urz\u0105dzili w jej wn\u0119trzu magazyn, w kt\u00f3rym trzymali zrabowane mienie po\u017cydowskie.\u00a0<\/span><\/p>\n<p><b>W 1974 roku synagoga trafi\u0142a w r\u0119ce miasta, kt\u00f3re przekaza\u0142o je Muzeum Okr\u0119gowemu w Nowym S\u0105czu. <\/b><span style=\"font-weight: 400;\">Stworzono tam galeri\u0119 sztuki, kt\u00f3ra dzia\u0142a\u0142a od 1982 do 2015 roku.\u00a0 Organizowane by\u0142y w niej wystawy zar\u00f3wno dawnego, jak i wsp\u00f3\u0142czesnego dorobku artystycznego mieszka\u0144c\u00f3w Nowego S\u0105cza. W przedsionku za to znajdowa\u0142a si\u0119 sta\u0142a ekspozycja judaik\u00f3w \u201cByli w\u015br\u00f3d nas\u201d.\u00a0<\/span><\/p>\n<p><span style=\"font-weight: 400;\">Znajduje si\u0119 w niej tak\u017ce tablica pami\u0105tkowa z napisem w trzech j\u0119zykach: &#8220;Tablica pami\u0105tkowa ku czci 25 tysi\u0119cy \u017byd\u00f3w \u2013 m\u0119\u017cczyzn, kobiet i dzieci z Nowego S\u0105cza i okolicy spalonych w krematoriach oboz\u00f3w koncentracyjnych i zamordowanych w innych miejscach strace\u0144 przez zbrodniarzy hitlerowskich w latach 1939-1945. B\u0142ogos\u0142awiona niech b\u0119dzie pami\u0119\u0107 m\u0119czennik\u00f3w&#8221;.<\/span><\/p>\n<p><b>Od 2015 roku synagoga pe\u0142ni pierwotne funkcje religijne i nie mo\u017cna jej zwiedza\u0107, ale nadal mo\u017cna zobaczy\u0107 j\u0105 z zewn\u0105trz.<\/b><\/p>\n<h3><strong>Synagoga Bajs Nusn w Nowym S\u0105czu<\/strong><\/h3>\n<p><span style=\"font-weight: 400;\">Znana tak\u017ce jako \u201cDom Natana\u201d synagoga zosta\u0142a wybudowana na prze\u0142omie XIX i XX wieku. <\/span><b>Podczas II wojny \u015bwiatowej Niemcy j\u0105 zdewastowali, a w \u015brodku \u2013 podobnie jak w przypadku poprzedniczki \u2013 urz\u0105dzili magazyn. <\/b><span style=\"font-weight: 400;\">W\u0142a\u015bnie wtedy zniszczone zosta\u0142y cenne malowid\u0142a na\u015bcienne.\u00a0<\/span><\/p>\n<p><span style=\"font-weight: 400;\">Po wojnie budynek zosta\u0142 wyremontowany i zn\u00f3w pe\u0142ni\u0142 funkcje religijne. Niestety, <\/span><b>w 1968 roku po wydarzeniach marcowych wi\u0119kszo\u015b\u0107 \u017byd\u00f3w opu\u015bci\u0142o miasto, a synagoga zosta\u0142a zamkni\u0119ta. <\/b><span style=\"font-weight: 400;\">Dopiero w latach 90. przeprowadzono tam kolejny remont i udost\u0119pniono j\u0105 do cel\u00f3w religijnych. Oryginalnego sprz\u0119tu liturgicznego oraz malowide\u0142 na\u015bciennych z czas\u00f3w przedwojennych niestety nie ma.\u00a0<\/span><\/p>\n<p><b>Dzi\u015b jest to jedyna w Polsce prywatna bo\u017cnica chasydzka, w kt\u00f3rej okazjonalnie odbywaj\u0105 si\u0119 nabo\u017ce\u0144stwa.\u00a0<\/b><\/p>\n<p><span style=\"font-weight: 400;\">Nad wej\u015bciem do synagogi znajduje si\u0119 napis w j\u0119zyku hebrajskim: \u05d1\u05d9\u05ea \u05d4\u05db\u05e0\u05e1\u05ea \u05e1\u05d0\u05e0, kt\u00f3ry oznacza dos\u0142ownie: \u201cSynagoga w S\u0105czu\u201d.<\/span><\/p>\n<h2><strong>Mury obronne w Nowym S\u0105czu<\/strong><\/h2>\n<p><b>Mury miejskie wraz z towarzysz\u0105cymi jej budowlami o charakterze obronnym (takimi jak bramy i baszty) otacza\u0142y niegdy\u015b Nowy S\u0105cz. Dzi\u015b mo\u017cesz zobaczy\u0107 tylko niekt\u00f3re ich fragmenty.<\/b><\/p>\n<p><span style=\"font-weight: 400;\">Pierwsze umocnienia miasta mia\u0142y r\u00f3\u017cn\u0105 wysoko\u015b\u0107, kt\u00f3ra zale\u017ca\u0142a od ukszta\u0142towania terenu. Niekt\u00f3re z nich si\u0119ga\u0142y 8 metr\u00f3w wysoko\u015bci i nawet 2 metr\u00f3w grubo\u015bci. Pierwotnie ca\u0142e mury mia\u0142y oko\u0142o 1700 m d\u0142ugo\u015bci, ale pod koniec XV wieku zosta\u0142y znacznie rozbudowane (pojawi\u0142y si\u0119 wa\u0142y ziemne, baszty, wk\u0142ady broni, dodatkowe bramy). <\/span><b>Pod koniec XVIII wieku mury zacz\u0119\u0142y popada\u0107 w ruin\u0119 i nied\u0142ugo podj\u0119to decyzj\u0119 o rozbi\u00f3rce.<\/b><span style=\"font-weight: 400;\"> Materia\u0142 z owych mur\u00f3w trafi\u0142 w r\u0119ce prywatne, a p\u00f3\u017aniej by\u0142 wykorzystany przez mieszka\u0144c\u00f3w do budowy dom\u00f3w. Resztkami, kt\u00f3rych nikt nie chcia\u0142, zasypano fos\u0119.<\/span><\/p>\n<p><b>A co dzi\u015b mo\u017cesz zobaczy\u0107?<\/b><\/p>\n<ul>\n<li style=\"font-weight: 400;\" aria-level=\"1\"><span style=\"font-weight: 400;\">niewielkie fragmenty mur\u00f3w,<\/span><\/li>\n<li style=\"font-weight: 400;\" aria-level=\"1\"><span style=\"font-weight: 400;\">Baszt\u0119 Kowalsk\u0105,<\/span><\/li>\n<li style=\"font-weight: 400;\" aria-level=\"1\"><span style=\"font-weight: 400;\">cz\u0119\u015b\u0107 wa\u0142u naziemnego na placu targowym,<\/span><\/li>\n<li style=\"font-weight: 400;\" aria-level=\"1\"><span style=\"font-weight: 400;\">przebudowane resztki przy ulicy Zako\u015bcielnej.<\/span><\/li>\n<\/ul>\n<\/div>\n            <\/div>\n        <\/div>\n    <\/div>\n<\/section>\n\n\n<section class=\"tickets-slider  section-margin-32\"\n    data-tickets-slider\n    data-item-list-name=\"Karuzela z buttonami\"\n    data-item-list-id=\"karuzela_z_buttonami\"\n    >\n    <div class=\"container\">\n        <div class=\"row\">\n            <div class=\"col-24\">\n                <div class=\"tickets-slider__main\">\n                    <div class=\"tickets-slider__nav tickets-slider__nav--prev\">\n                        <div class=\"button button--withIcon button--theme-white-blur button--size-fixed-48\" data-tickets-slider-prev>\n                            <span class=\"button__icon icon icon-chevron-left\"><\/span>\n                        <\/div>\n                    <\/div>\n                    <div class=\"tickets-slider__nav tickets-slider__nav--next\">\n                        <div class=\"button button--withIcon button--theme-white-blur button--size-fixed-48\" data-tickets-slider-next>\n                            <span class=\"button__icon icon icon-chevron-right\"><\/span>\n                        <\/div>\n                    <\/div>\n                    <div class=\"tickets-slider__slider swiper\" data-tickets-slider-slider>\n                        <div class=\"tickets-slider__sliderWrapper swiper-wrapper\">\n                                                            <div class=\"tickets-slider__sliderItem swiper-slide\"\n                                    data-id=\"37617\"\n                                    data-name=\"Editors\"\n                                    data-brand=\"Alter Art\"\n                                    data-category=\"muzyka\"\n                                    data-subcategory=\"rock\"\n                                    data-city=\"Warszawa\"\n                                    data-venue=\"Klub Stodo\u0142a\">\n                                    <div class=\"tickets-slider__sliderCard\">\n                                        \n<div class=\"card-ticket\">\n        <div class=\"card-ticket__image\">\n        <a href=\"https:\/\/www.ebilet.pl\/muzyka\/rock\/editors\">\n            <img decoding=\"async\" src=\"https:\/\/www.ebilet.pl\/media\/cms\/media\/cbfdkmu2\/editors_2027_552x736_ebilet-7c254908-ec0a-4f27-8a1c-ff7961cef0cd.webp\" alt=\"Plakat wydarzenia\" \/>\n        <\/a>\n    <\/div>\n             \n    <div class=\"card-ticket__link\">\n        <a href=\"https:\/\/www.ebilet.pl\/muzyka\/rock\/editors\" class=\"button button--theme-primary-yellow button--withIconLeft button--size-small\">\n            <span class=\"button__icon icon icon-ticket\"><\/span>\n            <p class=\"button__text typo-16 f-600\">Kup bilet<\/p>\n        <\/a>\n    <\/div>\n    <\/div>                                    <\/div>\n                                <\/div>\n                                                            <div class=\"tickets-slider__sliderItem swiper-slide\"\n                                    data-id=\"7104\"\n                                    data-name=\"Open&#039;er Festival 2026\"\n                                    data-brand=\"Alter Art\"\n                                    data-category=\"muzyka\"\n                                    data-subcategory=\"festiwale\"\n                                    data-city=\"Gdynia\"\n                                    data-venue=\"Lotnisko Gdynia - Kosakowo\">\n                                    <div class=\"tickets-slider__sliderCard\">\n                                        \n<div class=\"card-ticket\">\n        <div class=\"card-ticket__image\">\n        <a href=\"https:\/\/www.ebilet.pl\/muzyka\/festiwale\/opener-festival\">\n            <img decoding=\"async\" src=\"https:\/\/www.ebilet.pl\/media\/cms\/media\/qvef4ie4\/opener2026_552x736-e8fd0918-0d0e-47d3-bbe0-f4f0302085e4.webp\" alt=\"Plakat wydarzenia\" \/>\n        <\/a>\n    <\/div>\n             \n    <div class=\"card-ticket__link\">\n        <a href=\"https:\/\/www.ebilet.pl\/muzyka\/festiwale\/opener-festival\" class=\"button button--theme-primary-yellow button--withIconLeft button--size-small\">\n            <span class=\"button__icon icon icon-ticket\"><\/span>\n            <p class=\"button__text typo-16 f-600\">Kup bilet<\/p>\n        <\/a>\n    <\/div>\n    <\/div>                                    <\/div>\n                                <\/div>\n                                                            <div class=\"tickets-slider__sliderItem swiper-slide\"\n                                    data-id=\"13630\"\n                                    data-name=\"M\u0119skie Granie 2026\"\n                                    data-brand=\"LIVE Sp. z o.o.\"\n                                    data-category=\"muzyka\"\n                                    data-subcategory=\"festiwale\"\n                                    data-city=\"Gda\u0144sk, Krak\u00f3w, Pozna\u0144 i inne\"\n                                    data-venue=\"\u017bywiec Amfiteatr pod Grojcem\">\n                                    <div class=\"tickets-slider__sliderCard\">\n                                        \n<div class=\"card-ticket\">\n        <div class=\"card-ticket__image\">\n        <a href=\"https:\/\/www.ebilet.pl\/muzyka\/festiwale\/meskie-granie\">\n            <img decoding=\"async\" src=\"https:\/\/www.ebilet.pl\/media\/cms\/media\/otqfs0tb\/552x736-11-18222119-c0b1-48d3-9da6-2d9f34d401ee.webp\" alt=\"Plakat wydarzenia\" \/>\n        <\/a>\n    <\/div>\n             \n    <div class=\"card-ticket__link\">\n        <a href=\"https:\/\/www.ebilet.pl\/muzyka\/festiwale\/meskie-granie\" class=\"button button--theme-primary-yellow button--withIconLeft button--size-small\">\n            <span class=\"button__icon icon icon-ticket\"><\/span>\n            <p class=\"button__text typo-16 f-600\">Kup bilet<\/p>\n        <\/a>\n    <\/div>\n    <\/div>                                    <\/div>\n                                <\/div>\n                                                            <div class=\"tickets-slider__sliderItem swiper-slide\"\n                                    data-id=\"146847\"\n                                    data-name=\"Gdzie na maj\u00f3wk\u0119 2026?\"\n                                    data-brand=\"eBilet\"\n                                    data-category=\"biznes\"\n                                    data-subcategory=\"pozostale\"\n                                    data-city=\"\"\n                                    data-venue=\"\">\n                                    <div class=\"tickets-slider__sliderCard\">\n                                        \n<div class=\"card-ticket\">\n        <div class=\"card-ticket__image\">\n        <a href=\"https:\/\/www.ebilet.pl\/biznes\/pozostale\/majowka\">\n            <img decoding=\"async\" src=\"https:\/\/www.ebilet.pl\/media\/cms\/media\/0ykhdlea\/552x736.webp\" alt=\"Plakat wydarzenia\" \/>\n        <\/a>\n    <\/div>\n             \n    <div class=\"card-ticket__link\">\n        <a href=\"https:\/\/www.ebilet.pl\/biznes\/pozostale\/majowka\" class=\"button button--theme-primary-yellow button--withIconLeft button--size-small\">\n            <span class=\"button__icon icon icon-ticket\"><\/span>\n            <p class=\"button__text typo-16 f-600\">Kup bilet<\/p>\n        <\/a>\n    <\/div>\n    <\/div>                                    <\/div>\n                                <\/div>\n                                                            <div class=\"tickets-slider__sliderItem swiper-slide\"\n                                    data-id=\"10086\"\n                                    data-name=\"Orange Warsaw Festival 2026\"\n                                    data-brand=\"Alter Art\"\n                                    data-category=\"muzyka\"\n                                    data-subcategory=\"festiwale\"\n                                    data-city=\"Warszawa\"\n                                    data-venue=\"Tor Wy\u015bcig\u00f3w Konnych Warszawa - S\u0142u\u017cewiec\">\n                                    <div class=\"tickets-slider__sliderCard\">\n                                        \n<div class=\"card-ticket\">\n        <div class=\"card-ticket__image\">\n        <a href=\"https:\/\/www.ebilet.pl\/muzyka\/festiwale\/orange-warsaw-festival\">\n            <img decoding=\"async\" src=\"https:\/\/www.ebilet.pl\/media\/cms\/media\/bxnh21tr\/owf_2026_ebilet_552x736-94c1b52f-1e91-4861-ba57-03b21dcd6346.webp\" alt=\"Plakat wydarzenia\" \/>\n        <\/a>\n    <\/div>\n             \n    <div class=\"card-ticket__link\">\n        <a href=\"https:\/\/www.ebilet.pl\/muzyka\/festiwale\/orange-warsaw-festival\" class=\"button button--theme-primary-yellow button--withIconLeft button--size-small\">\n            <span class=\"button__icon icon icon-ticket\"><\/span>\n            <p class=\"button__text typo-16 f-600\">Kup bilet<\/p>\n        <\/a>\n    <\/div>\n    <\/div>                                    <\/div>\n                                <\/div>\n                                                            <div class=\"tickets-slider__sliderItem swiper-slide\"\n                                    data-id=\"205645\"\n                                    data-name=\"Bezpieczna odsprzeda\u017c w apce eBilet\"\n                                    data-brand=\"eBilet\"\n                                    data-category=\"biznes\"\n                                    data-subcategory=\"pozostale\"\n                                    data-city=\"\"\n                                    data-venue=\"\">\n                                    <div class=\"tickets-slider__sliderCard\">\n                                        \n<div class=\"card-ticket\">\n        <div class=\"card-ticket__image\">\n        <a href=\"https:\/\/www.ebilet.pl\/biznes\/pozostale\/odsprzedaz\">\n            <img decoding=\"async\" src=\"https:\/\/www.ebilet.pl\/media\/cms\/media\/lkwf0krx\/552x736-1.webp\" alt=\"Plakat wydarzenia\" \/>\n        <\/a>\n    <\/div>\n             \n    <div class=\"card-ticket__link\">\n        <a href=\"https:\/\/www.ebilet.pl\/biznes\/pozostale\/odsprzedaz\" class=\"button button--theme-primary-yellow button--withIconLeft button--size-small\">\n            <span class=\"button__icon icon icon-ticket\"><\/span>\n            <p class=\"button__text typo-16 f-600\">Kup bilet<\/p>\n        <\/a>\n    <\/div>\n    <\/div>                                    <\/div>\n                                <\/div>\n                                                            <div class=\"tickets-slider__sliderItem swiper-slide\"\n                                    data-id=\"122369\"\n                                    data-name=\"Juwenalia Bia\u0142ystok 2026\"\n                                    data-brand=\"Stowarzyszenie Absolwent\u00f3w Politechniki Bia\u0142ostockiej\"\n                                    data-category=\"muzyka\"\n                                    data-subcategory=\"festiwale\"\n                                    data-city=\"Bia\u0142ystok\"\n                                    data-venue=\"Kampus Politechniki Bia\u0142ostockiej\">\n                                    <div class=\"tickets-slider__sliderCard\">\n                                        \n<div class=\"card-ticket\">\n        <div class=\"card-ticket__image\">\n        <a href=\"https:\/\/www.ebilet.pl\/muzyka\/festiwale\/juwenalia-bialystok\">\n            <img decoding=\"async\" src=\"https:\/\/www.ebilet.pl\/media\/cms\/media\/asjhgbps\/zmiana_cen-4-7146495d-d552-47ad-8418-371049c6dcd0.webp\" alt=\"Plakat wydarzenia\" \/>\n        <\/a>\n    <\/div>\n             \n    <div class=\"card-ticket__link\">\n        <a href=\"https:\/\/www.ebilet.pl\/muzyka\/festiwale\/juwenalia-bialystok\" class=\"button button--theme-primary-yellow button--withIconLeft button--size-small\">\n            <span class=\"button__icon icon icon-ticket\"><\/span>\n            <p class=\"button__text typo-16 f-600\">Kup bilet<\/p>\n        <\/a>\n    <\/div>\n    <\/div>                                    <\/div>\n                                <\/div>\n                                                            <div class=\"tickets-slider__sliderItem swiper-slide\"\n                                    data-id=\"5930\"\n                                    data-name=\"Audioriver Festival 2026\"\n                                    data-brand=\"Audioriver Sp. z o.o.\"\n                                    data-category=\"muzyka\"\n                                    data-subcategory=\"festiwale\"\n                                    data-city=\"\u0141\u00f3d\u017a\"\n                                    data-venue=\"B\u0142onia \u0141\u00f3dzkie\">\n                                    <div class=\"tickets-slider__sliderCard\">\n                                        \n<div class=\"card-ticket\">\n        <div class=\"card-ticket__image\">\n        <a href=\"https:\/\/www.ebilet.pl\/muzyka\/festiwale\/audioriver\">\n            <img decoding=\"async\" src=\"https:\/\/www.ebilet.pl\/media\/cms\/media\/gfjpcqll\/so-far5-pion-84d088fb-d165-4b1b-b069-77f1f8fa737b.webp\" alt=\"Plakat wydarzenia\" \/>\n        <\/a>\n    <\/div>\n             \n    <div class=\"card-ticket__link\">\n        <a href=\"https:\/\/www.ebilet.pl\/muzyka\/festiwale\/audioriver\" class=\"button button--theme-primary-yellow button--withIconLeft button--size-small\">\n            <span class=\"button__icon icon icon-ticket\"><\/span>\n            <p class=\"button__text typo-16 f-600\">Kup bilet<\/p>\n        <\/a>\n    <\/div>\n    <\/div>                                    <\/div>\n                                <\/div>\n                                                            <div class=\"tickets-slider__sliderItem swiper-slide\"\n                                    data-id=\"145251\"\n                                    data-name=\"Juwenalia Politechniki Lubelskiej 2026\"\n                                    data-brand=\"EVENT STUDIO KOWALEWSKI BRE\u015a Sp. J.\"\n                                    data-category=\"muzyka\"\n                                    data-subcategory=\"festiwale\"\n                                    data-city=\"Lublin\"\n                                    data-venue=\"Tereny Zielone Politechniki Lubelskiej\">\n                                    <div class=\"tickets-slider__sliderCard\">\n                                        \n<div class=\"card-ticket\">\n        <div class=\"card-ticket__image\">\n        <a href=\"https:\/\/www.ebilet.pl\/muzyka\/festiwale\/juwenalia-politechniki-lubelskiej\">\n            <img decoding=\"async\" src=\"https:\/\/www.ebilet.pl\/media\/cms\/media\/banlyonx\/552x736-1-f8bcb3b5-3fce-455f-89a1-2ee3034689b1.webp\" alt=\"Plakat wydarzenia\" \/>\n        <\/a>\n    <\/div>\n             \n    <div class=\"card-ticket__link\">\n        <a href=\"https:\/\/www.ebilet.pl\/muzyka\/festiwale\/juwenalia-politechniki-lubelskiej\" class=\"button button--theme-primary-yellow button--withIconLeft button--size-small\">\n            <span class=\"button__icon icon icon-ticket\"><\/span>\n            <p class=\"button__text typo-16 f-600\">Kup bilet<\/p>\n        <\/a>\n    <\/div>\n    <\/div>                                    <\/div>\n                                <\/div>\n                                                            <div class=\"tickets-slider__sliderItem swiper-slide\"\n                                    data-id=\"203093\"\n                                    data-name=\"B-DAY Festival by bambi\"\n                                    data-brand=\"BDF Sp. z.o.o.\"\n                                    data-category=\"muzyka\"\n                                    data-subcategory=\"hip-hop-rap\"\n                                    data-city=\"Warszawa\"\n                                    data-venue=\"Hala COS Torwar \">\n                                    <div class=\"tickets-slider__sliderCard\">\n                                        \n<div class=\"card-ticket\">\n        <div class=\"card-ticket__image\">\n        <a href=\"https:\/\/www.ebilet.pl\/muzyka\/hip-hop-rap\/bambi\">\n            <img decoding=\"async\" src=\"https:\/\/www.ebilet.pl\/media\/cms\/media\/gifbpcig\/552x736-1-320cc3b0-5e5a-4852-a922-efc848865831.webp\" alt=\"Plakat wydarzenia\" \/>\n        <\/a>\n    <\/div>\n             \n    <div class=\"card-ticket__link\">\n        <a href=\"https:\/\/www.ebilet.pl\/muzyka\/hip-hop-rap\/bambi\" class=\"button button--theme-primary-yellow button--withIconLeft button--size-small\">\n            <span class=\"button__icon icon icon-ticket\"><\/span>\n            <p class=\"button__text typo-16 f-600\">Kup bilet<\/p>\n        <\/a>\n    <\/div>\n    <\/div>                                    <\/div>\n                                <\/div>\n                                                            <div class=\"tickets-slider__sliderItem swiper-slide\"\n                                    data-id=\"179828\"\n                                    data-name=\"XTB KSW 119\"\n                                    data-brand=\"Federacja KSW\"\n                                    data-category=\"sport\"\n                                    data-subcategory=\"sporty-walki\"\n                                    data-city=\"Radom\"\n                                    data-venue=\"Radomskie Centrum Sportu\">\n                                    <div class=\"tickets-slider__sliderCard\">\n                                        \n<div class=\"card-ticket\">\n        <div class=\"card-ticket__image\">\n        <a href=\"https:\/\/www.ebilet.pl\/sport\/sporty-walki\/gala-ksw\">\n            <img decoding=\"async\" src=\"https:\/\/www.ebilet.pl\/media\/cms\/media\/hxkpcc3z\/ksw119_552x736-kopia-cd3dc132-b7af-417f-9575-966793c590a0.webp\" alt=\"Plakat wydarzenia\" \/>\n        <\/a>\n    <\/div>\n             \n    <div class=\"card-ticket__link\">\n        <a href=\"https:\/\/www.ebilet.pl\/sport\/sporty-walki\/gala-ksw\" class=\"button button--theme-primary-yellow button--withIconLeft button--size-small\">\n            <span class=\"button__icon icon icon-ticket\"><\/span>\n            <p class=\"button__text typo-16 f-600\">Kup bilet<\/p>\n        <\/a>\n    <\/div>\n    <\/div>                                    <\/div>\n                                <\/div>\n                                                            <div class=\"tickets-slider__sliderItem swiper-slide\"\n                                    data-id=\"89836\"\n                                    data-name=\"Eiv\u00f8r\"\n                                    data-brand=\"Fource Entertainment sp. z o o\"\n                                    data-category=\"muzyka\"\n                                    data-subcategory=\"pozostale\"\n                                    data-city=\"Pozna\u0144, Warszawa\"\n                                    data-venue=\"Klub Tama\">\n                                    <div class=\"tickets-slider__sliderCard\">\n                                        \n<div class=\"card-ticket\">\n        <div class=\"card-ticket__image\">\n        <a href=\"https:\/\/www.ebilet.pl\/muzyka\/pozostale\/eivor\">\n            <img decoding=\"async\" src=\"https:\/\/www.ebilet.pl\/media\/cms\/media\/m1ujcylb\/ebilet-552x736-eivor.webp\" alt=\"Plakat wydarzenia\" \/>\n        <\/a>\n    <\/div>\n             \n    <div class=\"card-ticket__link\">\n        <a href=\"https:\/\/www.ebilet.pl\/muzyka\/pozostale\/eivor\" class=\"button button--theme-primary-yellow button--withIconLeft button--size-small\">\n            <span class=\"button__icon icon icon-ticket\"><\/span>\n            <p class=\"button__text typo-16 f-600\">Kup bilet<\/p>\n        <\/a>\n    <\/div>\n    <\/div>                                    <\/div>\n                                <\/div>\n                                                            <div class=\"tickets-slider__sliderItem swiper-slide\"\n                                    data-id=\"94598\"\n                                    data-name=\"FAME 31\"\n                                    data-brand=\"Fame MMA\"\n                                    data-category=\"sport\"\n                                    data-subcategory=\"sporty-walki\"\n                                    data-city=\"Koszalin\"\n                                    data-venue=\"Hala Widowiskowo-Sportowa w Koszalinie\">\n                                    <div class=\"tickets-slider__sliderCard\">\n                                        \n<div class=\"card-ticket\">\n        <div class=\"card-ticket__image\">\n        <a href=\"https:\/\/www.ebilet.pl\/sport\/sporty-walki\/fame-mma\">\n            <img decoding=\"async\" src=\"https:\/\/www.ebilet.pl\/media\/cms\/media\/24lbxjty\/fame31-cover-ebilet-552x736.webp\" alt=\"Plakat wydarzenia\" \/>\n        <\/a>\n    <\/div>\n             \n    <div class=\"card-ticket__link\">\n        <a href=\"https:\/\/www.ebilet.pl\/sport\/sporty-walki\/fame-mma\" class=\"button button--theme-primary-yellow button--withIconLeft button--size-small\">\n            <span class=\"button__icon icon icon-ticket\"><\/span>\n            <p class=\"button__text typo-16 f-600\">Kup bilet<\/p>\n        <\/a>\n    <\/div>\n    <\/div>                                    <\/div>\n                                <\/div>\n                                                            <div class=\"tickets-slider__sliderItem swiper-slide\"\n                                    data-id=\"8112\"\n                                    data-name=\"21. Tauron Nowa Muzyka Katowice 2026\"\n                                    data-brand=\"Fundacja Nowa Muzyka Katowice\"\n                                    data-category=\"muzyka\"\n                                    data-subcategory=\"festiwale\"\n                                    data-city=\"Katowice\"\n                                    data-venue=\"Narodowa Orkiestra Symfoniczna Polskiego Radia - NOSPR\">\n                                    <div class=\"tickets-slider__sliderCard\">\n                                        \n<div class=\"card-ticket\">\n        <div class=\"card-ticket__image\">\n        <a href=\"https:\/\/www.ebilet.pl\/muzyka\/festiwale\/tauron-nowa-muzyka\">\n            <img decoding=\"async\" src=\"https:\/\/www.ebilet.pl\/media\/cms\/media\/ksnpugtd\/secret-stage-12d20587-5578-4e4b-baa0-104b56bea764.webp\" alt=\"Plakat wydarzenia\" \/>\n        <\/a>\n    <\/div>\n             \n    <div class=\"card-ticket__link\">\n        <a href=\"https:\/\/www.ebilet.pl\/muzyka\/festiwale\/tauron-nowa-muzyka\" class=\"button button--theme-primary-yellow button--withIconLeft button--size-small\">\n            <span class=\"button__icon icon icon-ticket\"><\/span>\n            <p class=\"button__text typo-16 f-600\">Kup bilet<\/p>\n        <\/a>\n    <\/div>\n    <\/div>                                    <\/div>\n                                <\/div>\n                                                            <div class=\"tickets-slider__sliderItem swiper-slide\"\n                                    data-id=\"29716\"\n                                    data-name=\"ATB | FINAL CHAPTER | POLAND TOUR\"\n                                    data-brand=\"HOT STAFF\"\n                                    data-category=\"muzyka\"\n                                    data-subcategory=\"elektro-techno\"\n                                    data-city=\"Bia\u0142ystok, Bydgoszcz, Gdynia i inne\"\n                                    data-venue=\"Wakepark Bydgoszcz\/My\u015bl\u0119cinek\">\n                                    <div class=\"tickets-slider__sliderCard\">\n                                        \n<div class=\"card-ticket\">\n        <div class=\"card-ticket__image\">\n        <a href=\"https:\/\/www.ebilet.pl\/muzyka\/elektro-techno\/atb\">\n            <img decoding=\"async\" src=\"https:\/\/www.ebilet.pl\/media\/cms\/media\/lfio3ow5\/ebilet-pion-2.webp\" alt=\"Plakat wydarzenia\" \/>\n        <\/a>\n    <\/div>\n             \n    <div class=\"card-ticket__link\">\n        <a href=\"https:\/\/www.ebilet.pl\/muzyka\/elektro-techno\/atb\" class=\"button button--theme-primary-yellow button--withIconLeft button--size-small\">\n            <span class=\"button__icon icon icon-ticket\"><\/span>\n            <p class=\"button__text typo-16 f-600\">Kup bilet<\/p>\n        <\/a>\n    <\/div>\n    <\/div>                                    <\/div>\n                                <\/div>\n                                                            <div class=\"tickets-slider__sliderItem swiper-slide\"\n                                    data-id=\"121727\"\n                                    data-name=\"Rzeszowskie Juwenalia 2026\"\n                                    data-brand=\"BREND GROUP SP\u00d3\u0141KA Z OGRANICZON\u0104 ODPOWIEDZIALNO\u015aCI\u0104\"\n                                    data-category=\"muzyka\"\n                                    data-subcategory=\"festiwale\"\n                                    data-city=\"Rzesz\u00f3w\"\n                                    data-venue=\"\">\n                                    <div class=\"tickets-slider__sliderCard\">\n                                        \n<div class=\"card-ticket\">\n        <div class=\"card-ticket__image\">\n        <a href=\"https:\/\/www.ebilet.pl\/muzyka\/festiwale\/rzeszowskie-juwenalia\">\n            <img decoding=\"async\" src=\"https:\/\/www.ebilet.pl\/media\/cms\/media\/mmxfjquy\/rzj_ebilet-ok_adka-pion-c1e9f827-0b41-4d73-81c6-5531b20e6005.webp\" alt=\"Plakat wydarzenia\" \/>\n        <\/a>\n    <\/div>\n             \n    <div class=\"card-ticket__link\">\n        <a href=\"https:\/\/www.ebilet.pl\/muzyka\/festiwale\/rzeszowskie-juwenalia\" class=\"button button--theme-primary-yellow button--withIconLeft button--size-small\">\n            <span class=\"button__icon icon icon-ticket\"><\/span>\n            <p class=\"button__text typo-16 f-600\">Kup bilet<\/p>\n        <\/a>\n    <\/div>\n    <\/div>                                    <\/div>\n                                <\/div>\n                                                            <div class=\"tickets-slider__sliderItem swiper-slide\"\n                                    data-id=\"195709\"\n                                    data-name=\"Taco Hemingway 2026 \u2020\u2020\u2020our\"\n                                    data-brand=\"Revolume Sp. z o.o.\"\n                                    data-category=\"muzyka\"\n                                    data-subcategory=\"hip-hop-rap\"\n                                    data-city=\"Gda\u0144sk\/Sopot, Krak\u00f3w, Warszawa i inne\"\n                                    data-venue=\"Hala Stulecia\">\n                                    <div class=\"tickets-slider__sliderCard\">\n                                        \n<div class=\"card-ticket\">\n        <div class=\"card-ticket__image\">\n        <a href=\"https:\/\/www.ebilet.pl\/muzyka\/hip-hop-rap\/taco-hemingway\">\n            <img decoding=\"async\" src=\"https:\/\/www.ebilet.pl\/media\/cms\/media\/goegdsz5\/552x736-ogolna.webp\" alt=\"Plakat wydarzenia\" \/>\n        <\/a>\n    <\/div>\n             \n    <div class=\"card-ticket__link\">\n        <a href=\"https:\/\/www.ebilet.pl\/muzyka\/hip-hop-rap\/taco-hemingway\" class=\"button button--theme-primary-yellow button--withIconLeft button--size-small\">\n            <span class=\"button__icon icon icon-ticket\"><\/span>\n            <p class=\"button__text typo-16 f-600\">Kup bilet<\/p>\n        <\/a>\n    <\/div>\n    <\/div>                                    <\/div>\n                                <\/div>\n                                                            <div class=\"tickets-slider__sliderItem swiper-slide\"\n                                    data-id=\"14808\"\n                                    data-name=\"VNL 2026 - Siatkarska Liga Narod\u00f3w M\u0119\u017cczyzn\"\n                                    data-brand=\"Polska Siatk\u00f3wka Sp. z o.o.\"\n                                    data-category=\"sport\"\n                                    data-subcategory=\"sporty-druzynowe\"\n                                    data-city=\"Gliwice\"\n                                    data-venue=\"PreZero Arena Gliwice\">\n                                    <div class=\"tickets-slider__sliderCard\">\n                                        \n<div class=\"card-ticket\">\n        <div class=\"card-ticket__image\">\n        <a href=\"https:\/\/www.ebilet.pl\/sport\/sporty-druzynowe\/siatkowka\">\n            <img decoding=\"async\" src=\"https:\/\/www.ebilet.pl\/media\/cms\/media\/sm3bcgpb\/vnl_m_552x736-2-ff8b8c4b-8e2c-494a-980f-b32762865327.webp\" alt=\"Plakat wydarzenia\" \/>\n        <\/a>\n    <\/div>\n             \n    <div class=\"card-ticket__link\">\n        <a href=\"https:\/\/www.ebilet.pl\/sport\/sporty-druzynowe\/siatkowka\" class=\"button button--theme-primary-yellow button--withIconLeft button--size-small\">\n            <span class=\"button__icon icon icon-ticket\"><\/span>\n            <p class=\"button__text typo-16 f-600\">Kup bilet<\/p>\n        <\/a>\n    <\/div>\n    <\/div>                                    <\/div>\n                                <\/div>\n                                                            <div class=\"tickets-slider__sliderItem swiper-slide\"\n                                    data-id=\"129853\"\n                                    data-name=\"Beksi\u0144ski.Live\"\n                                    data-brand=\"L2L Sp z o.o.\"\n                                    data-category=\"widowiska\"\n                                    data-subcategory=\"inne\"\n                                    data-city=\"Warszawa, Wroc\u0142aw\"\n                                    data-venue=\"Hala COS Torwar \">\n                                    <div class=\"tickets-slider__sliderCard\">\n                                        \n<div class=\"card-ticket\">\n        <div class=\"card-ticket__image\">\n        <a href=\"https:\/\/www.ebilet.pl\/widowiska\/inne\/beksinski-live\">\n            <img decoding=\"async\" src=\"https:\/\/www.ebilet.pl\/media\/cms\/media\/rcpokc02\/552x736-2026-04-27t161822058.webp\" alt=\"Plakat wydarzenia\" \/>\n        <\/a>\n    <\/div>\n             \n    <div class=\"card-ticket__link\">\n        <a href=\"https:\/\/www.ebilet.pl\/widowiska\/inne\/beksinski-live\" class=\"button button--theme-primary-yellow button--withIconLeft button--size-small\">\n            <span class=\"button__icon icon icon-ticket\"><\/span>\n            <p class=\"button__text typo-16 f-600\">Kup bilet<\/p>\n        <\/a>\n    <\/div>\n    <\/div>                                    <\/div>\n                                <\/div>\n                                                            <div class=\"tickets-slider__sliderItem swiper-slide\"\n                                    data-id=\"203961\"\n                                    data-name=\"Circoloco Warsaw\"\n                                    data-brand=\"Awake Events Sp. z o.o.\"\n                                    data-category=\"muzyka\"\n                                    data-subcategory=\"festiwale\"\n                                    data-city=\"Warszawa\"\n                                    data-venue=\"Pa\u0142ac w Wilanowie\">\n                                    <div class=\"tickets-slider__sliderCard\">\n                                        \n<div class=\"card-ticket\">\n        <div class=\"card-ticket__image\">\n        <a href=\"https:\/\/www.ebilet.pl\/muzyka\/festiwale\/circoloco-warsaw\">\n            <img decoding=\"async\" src=\"https:\/\/www.ebilet.pl\/media\/cms\/media\/moylgab4\/strona-wydarzenia-pion-a2233c6c-8b45-46d1-88c7-c2b6d8631f7f.webp\" alt=\"Plakat wydarzenia\" \/>\n        <\/a>\n    <\/div>\n             \n    <div class=\"card-ticket__link\">\n        <a href=\"https:\/\/www.ebilet.pl\/muzyka\/festiwale\/circoloco-warsaw\" class=\"button button--theme-primary-yellow button--withIconLeft button--size-small\">\n            <span class=\"button__icon icon icon-ticket\"><\/span>\n            <p class=\"button__text typo-16 f-600\">Kup bilet<\/p>\n        <\/a>\n    <\/div>\n    <\/div>                                    <\/div>\n                                <\/div>\n                                                    <\/div>\n                    <\/div>\n                <\/div>\n            <\/div>\n        <\/div>\n    <\/div>\n<\/section>\n\n\n<section class=\"text-block  section-margin-32\" >\n    <div class=\"container\">\n        <div class=\"row\">\n            <div class=\"col-24\">\n                <div class=\"text-block__content\"><h2><strong>Zamek Kr\u00f3lewski w Nowym S\u0105czu<\/strong><\/h2>\n<p><span style=\"font-weight: 400;\">Zamek Kr\u00f3lewski w Nowym S\u0105czu zosta\u0142 wybudowany przez kr\u00f3la Kazimierza Wielkiego w XIV wieku.<\/span><b> Jako lokalizacj\u0119 wybrano skarp\u0119 w obr\u0119bie fortyfikacji miejskich, w wid\u0142ach dw\u00f3ch rzek: Dunajca i Kamienicy.<\/b><span style=\"font-weight: 400;\"> Pocz\u0105tkowo posiada\u0142 dwie baszty naro\u017cne, wie\u017ce, budynek mieszkalny i przedzamcze, a do dzi\u015b zachowa\u0142y si\u0119 resztki mur\u00f3w obwodowych i Baszta Kowalska. Sam zamek popad\u0142 w ruin\u0119 po tym, jak na Polsk\u0119 najechali Szwedzi.\u00a0 Mia\u0142y wtedy miejsce liczne po\u017cary oraz kryzys gospodarczy. <\/span><b>Odbudowali go jeszcze zaborcy, kt\u00f3rzy wykorzystywali go na siedzib\u0119 policji.<\/b><span style=\"font-weight: 400;\">\u00a0<\/span><\/p>\n<p><b>P\u00f3\u017aniej, w XIX wieku, pow\u00f3d\u017a pod my\u0142a zamkow\u0105 skarp\u0119 i przez co do Dunajca osun\u0119\u0142o si\u0119 zachodnie skrzyd\u0142o zamku. <\/b><span style=\"font-weight: 400;\">W 1838 roku przekszta\u0142cono pozosta\u0142\u0105 cz\u0119\u015b\u0107 na koszary i magazyny wojskowe, a p\u00f3\u017aniej tak\u017ce na wi\u0119zienie. Dziesi\u0119\u0107 lat p\u00f3\u017aniej rz\u0105d sprzeda\u0142 zamek miastu, a to nie mia\u0142o funduszy na prace remontowe. Dlatego te\u017c wynaj\u0119to go wojsku austriackiemu na magazyny broni. W 1905 roku zamek cz\u0119\u015bciowo odbudowano, a po odzyskaniu niepodleg\u0142o\u015bci przez Polsk\u0119 prowadzone by\u0142y dalsze prace konserwatorskie. <\/span><b>Zako\u0144czy\u0142y si\u0119 one otwarciem w zamku Muzeum Ziemi S\u0105deckiej.<\/b><\/p>\n<p><b>Niestety podczas II wojny \u015bwiatowej zamek zosta\u0142 wysadzony, poniewa\u017c mie\u015bci\u0142 si\u0119 tam niemiecki sk\u0142ad amunicji. P\u00f3\u017aniej odrestaurowano Baszt\u0119 Kowalsk\u0105 i fragment mur\u00f3w obronnych, a dzi\u015b na jego terenie znajduje si\u0119 park.<\/b><\/p>\n<\/div>\n            <\/div>\n        <\/div>\n    <\/div>\n<\/section>\n\n\n    <section class=\"events-carousel-block  section-margin-32\"\n        data-events-carousel\n        data-settings='{\"per_view\":5}'\n        data-item-list-name=\"Karuzela niska Polecamy na eBilet\"\n        data-item-list-id=\"karuzela_niska Polecamy na eBilet\"\n        >\n        <div class=\"container\">\n                            <div class=\"row\">\n                    <div class=\"col-24\">\n                        <div class=\"events-carousel-block__title\">\n                            <h2 class=\"typo-h2\">Polecamy na eBilet<\/h2>\n                        <\/div>\n                    <\/div>\n                <\/div>\n                        <div class=\"row\">\n                <div class=\"col-24\">\n                    <div class=\"events-carousel-block__events\">\n                        <div class=\"events-carousel-block__nav events-carousel-block__nav--prev\">\n                            <div class=\"button button--withIcon button--theme-white-blur button--size-fixed-48\" data-events-carousel-prev>\n                                <span class=\"button__icon icon icon-chevron-left\"><\/span>\n                            <\/div>\n                        <\/div>\n                        <div class=\"events-carousel-block__nav events-carousel-block__nav--next\">\n                            <div class=\"button button--withIcon button--theme-white-blur button--size-fixed-48\" data-events-carousel-next>\n                                <span class=\"button__icon icon icon-chevron-right\"><\/span>\n                            <\/div>\n                        <\/div>\n                        <div class=\"events-carousel-block__slider swiper\" data-events-carousel-slider>\n                            <div class=\"events-carousel-block__sliderWrapper swiper-wrapper\">\n                                                                    <div class=\"events-carousel-block__sliderItem swiper-slide\"\n                                        data-id=\"94598\"\n                                        data-name=\"FAME 31\"\n                                        data-brand=\"Fame MMA\"\n                                        data-category=\"sport\"\n                                        data-subcategory=\"sporty-walki\"\n                                        data-city=\"Koszalin\"\n                                        data-venue=\"Hala Widowiskowo-Sportowa w Koszalinie\">\n                                        \n<div class=\"card-event  card-event--size-small\">\n        <a href=\"https:\/\/www.ebilet.pl\/sport\/sporty-walki\/fame-mma\" target=\"_blank\" class=\"card-event__link\" rel=\"nofollow noopener\"><\/a>\n        <div class=\"card-event__wrapper\">\n        <div class=\"card-event__image\">\n            <img decoding=\"async\" src=\"https:\/\/www.ebilet.pl\/media\/cms\/media\/orylmco5\/fame31-cover-ebilet-656x369.webp\" alt=\"\">\n        <\/div>\n        <div class=\"card-event__data\">\n            <div class=\"card-event__name\">\n                <p>FAME 31<\/p>\n            <\/div>\n            <div class=\"card-event__date\"><\/div>\n            <div class=\"card-event__location\">Koszalin<\/div>\n        <\/div>\n    <\/div>\n<\/div>                                    <\/div>\n                                                                    <div class=\"events-carousel-block__sliderItem swiper-slide\"\n                                        data-id=\"161461\"\n                                        data-name=\"Boeing Boeing - Teatr Capitol\"\n                                        data-brand=\"Teatr Capitol\"\n                                        data-category=\"teatr\"\n                                        data-subcategory=\"komedia\"\n                                        data-city=\"Gda\u0144sk, Warszawa\"\n                                        data-venue=\"Teatr Capitol w Warszawie\">\n                                        \n<div class=\"card-event  card-event--size-small\">\n        <a href=\"https:\/\/www.ebilet.pl\/teatr\/komedia\/boeing-boeing-teatr-capitol\" target=\"_blank\" class=\"card-event__link\" rel=\"nofollow noopener\"><\/a>\n        <div class=\"card-event__wrapper\">\n        <div class=\"card-event__image\">\n            <img decoding=\"async\" src=\"https:\/\/www.ebilet.pl\/media\/cms\/media\/4oebxceo\/656x359-popr-20-11.webp\" alt=\"\">\n        <\/div>\n        <div class=\"card-event__data\">\n            <div class=\"card-event__name\">\n                <p>Boeing Boeing &#8211; Teatr Capitol<\/p>\n            <\/div>\n            <div class=\"card-event__date\"><\/div>\n            <div class=\"card-event__location\">Gda\u0144sk, Warszawa<\/div>\n        <\/div>\n    <\/div>\n<\/div>                                    <\/div>\n                                                                    <div class=\"events-carousel-block__sliderItem swiper-slide\"\n                                        data-id=\"13630\"\n                                        data-name=\"M\u0119skie Granie 2026\"\n                                        data-brand=\"LIVE Sp. z o.o.\"\n                                        data-category=\"muzyka\"\n                                        data-subcategory=\"festiwale\"\n                                        data-city=\"Gda\u0144sk, Krak\u00f3w, Pozna\u0144 i inne\"\n                                        data-venue=\"\u017bywiec Amfiteatr pod Grojcem\">\n                                        \n<div class=\"card-event  card-event--size-small\">\n        <a href=\"https:\/\/www.ebilet.pl\/muzyka\/festiwale\/meskie-granie\" target=\"_blank\" class=\"card-event__link\" rel=\"nofollow noopener\"><\/a>\n        <div class=\"card-event__wrapper\">\n        <div class=\"card-event__image\">\n            <img decoding=\"async\" src=\"https:\/\/www.ebilet.pl\/media\/cms\/media\/fl5hhucv\/656x369-11-78db817f-ad60-4332-b49a-e1c7a2e31068.webp\" alt=\"\">\n        <\/div>\n        <div class=\"card-event__data\">\n            <div class=\"card-event__name\">\n                <p>M\u0119skie Granie 2026<\/p>\n            <\/div>\n            <div class=\"card-event__date\"><\/div>\n            <div class=\"card-event__location\">Gda\u0144sk, Krak\u00f3w, Pozna\u0144 i inne<\/div>\n        <\/div>\n    <\/div>\n<\/div>                                    <\/div>\n                                                                    <div class=\"events-carousel-block__sliderItem swiper-slide\"\n                                        data-id=\"38728\"\n                                        data-name=\"Silesia Memoria\u0142 Kamili Skolimowskiej\"\n                                        data-brand=\"Fundacja Kamili Skolimowskiej\"\n                                        data-category=\"sport\"\n                                        data-subcategory=\"lekkoatletyka\"\n                                        data-city=\"Chorz\u00f3w\"\n                                        data-venue=\"Superauto.pl Stadion \u015al\u0105ski\">\n                                        \n<div class=\"card-event  card-event--size-small\">\n        <a href=\"https:\/\/www.ebilet.pl\/sport\/lekkoatletyka\/memorial-kamili-skolimowskiej\" target=\"_blank\" class=\"card-event__link\" rel=\"nofollow noopener\"><\/a>\n        <div class=\"card-event__wrapper\">\n        <div class=\"card-event__image\">\n            <img decoding=\"async\" src=\"https:\/\/www.ebilet.pl\/media\/cms\/media\/szunpuvg\/656x369-2-f821045a-7792-4901-947d-c0affda9f75a.webp\" alt=\"\">\n        <\/div>\n        <div class=\"card-event__data\">\n            <div class=\"card-event__name\">\n                <p>Silesia Memoria\u0142 Kamili Skolimowskiej<\/p>\n            <\/div>\n            <div class=\"card-event__date\"><\/div>\n            <div class=\"card-event__location\">Chorz\u00f3w<\/div>\n        <\/div>\n    <\/div>\n<\/div>                                    <\/div>\n                                                                    <div class=\"events-carousel-block__sliderItem swiper-slide\"\n                                        data-id=\"128680\"\n                                        data-name=\"Sunset Square 2026\"\n                                        data-brand=\"MDT Production\"\n                                        data-category=\"muzyka\"\n                                        data-subcategory=\"festiwale\"\n                                        data-city=\"Gdynia\"\n                                        data-venue=\"Skwer Ko\u015bciuszki\">\n                                        \n<div class=\"card-event  card-event--size-small\">\n        <a href=\"https:\/\/www.ebilet.pl\/muzyka\/festiwale\/sunset-square\" target=\"_blank\" class=\"card-event__link\" rel=\"nofollow noopener\"><\/a>\n        <div class=\"card-event__wrapper\">\n        <div class=\"card-event__image\">\n            <img decoding=\"async\" src=\"https:\/\/www.ebilet.pl\/media\/cms\/media\/idvdsit0\/boris-brejcha-1920x1080-05899710-c9c2-4417-95f9-aad73df94b6c.webp\" alt=\"\">\n        <\/div>\n        <div class=\"card-event__data\">\n            <div class=\"card-event__name\">\n                <p>Sunset Square 2026<\/p>\n            <\/div>\n            <div class=\"card-event__date\"><\/div>\n            <div class=\"card-event__location\">Gdynia<\/div>\n        <\/div>\n    <\/div>\n<\/div>                                    <\/div>\n                                                                    <div class=\"events-carousel-block__sliderItem swiper-slide\"\n                                        data-id=\"10672\"\n                                        data-name=\"Red Bull Drift Masters, Grand Finale 2026, Poland\"\n                                        data-brand=\"Drift Masters Grand Prix Sp. z o.o.\"\n                                        data-category=\"sport\"\n                                        data-subcategory=\"sporty-motorowe\"\n                                        data-city=\"Warszawa\"\n                                        data-venue=\"PGE Narodowy im. Kazimierza G\u00f3rskiego\">\n                                        \n<div class=\"card-event  card-event--size-small\">\n        <a href=\"https:\/\/www.ebilet.pl\/sport\/sporty-motorowe\/drift-masters\" target=\"_blank\" class=\"card-event__link\" rel=\"nofollow noopener\"><\/a>\n        <div class=\"card-event__wrapper\">\n        <div class=\"card-event__image\">\n            <img decoding=\"async\" src=\"https:\/\/www.ebilet.pl\/media\/cms\/media\/ufikt2pp\/656x369-1-3259eaa7-dcbd-4393-a286-5f17e35417c5.webp\" alt=\"\">\n        <\/div>\n        <div class=\"card-event__data\">\n            <div class=\"card-event__name\">\n                <p>Red Bull Drift Masters, Grand Finale 2026, Poland<\/p>\n            <\/div>\n            <div class=\"card-event__date\"><\/div>\n            <div class=\"card-event__location\">Warszawa<\/div>\n        <\/div>\n    <\/div>\n<\/div>                                    <\/div>\n                                                                    <div class=\"events-carousel-block__sliderItem swiper-slide\"\n                                        data-id=\"16543\"\n                                        data-name=\"Rozta\u0144czony PGE Narodowy 2026\"\n                                        data-brand=\"KRYSIAK POLSKA CORPORATION Sp. z o.o.\"\n                                        data-category=\"muzyka\"\n                                        data-subcategory=\"festiwale\"\n                                        data-city=\"Warszawa\"\n                                        data-venue=\"PGE Narodowy im. Kazimierza G\u00f3rskiego\">\n                                        \n<div class=\"card-event  card-event--size-small\">\n        <a href=\"https:\/\/www.ebilet.pl\/muzyka\/festiwale\/roztanczony-narodowy\" target=\"_blank\" class=\"card-event__link\" rel=\"nofollow noopener\"><\/a>\n        <div class=\"card-event__wrapper\">\n        <div class=\"card-event__image\">\n            <img decoding=\"async\" src=\"https:\/\/www.ebilet.pl\/media\/cms\/media\/ih4mtfpw\/newletter_basic.webp\" alt=\"\">\n        <\/div>\n        <div class=\"card-event__data\">\n            <div class=\"card-event__name\">\n                <p>Rozta\u0144czony PGE Narodowy 2026<\/p>\n            <\/div>\n            <div class=\"card-event__date\"><\/div>\n            <div class=\"card-event__location\">Warszawa<\/div>\n        <\/div>\n    <\/div>\n<\/div>                                    <\/div>\n                                                                    <div class=\"events-carousel-block__sliderItem swiper-slide\"\n                                        data-id=\"67208\"\n                                        data-name=\"Speedland Festival 2026\"\n                                        data-brand=\"Adrenaline Promotion Rafa\u0142 Haznar\"\n                                        data-category=\"sport\"\n                                        data-subcategory=\"sporty-motorowe\"\n                                        data-city=\"Krosno\"\n                                        data-venue=\"Lotnisko Krosno\">\n                                        \n<div class=\"card-event  card-event--size-small\">\n        <a href=\"https:\/\/www.ebilet.pl\/sport\/sporty-motorowe\/speedland\" target=\"_blank\" class=\"card-event__link\" rel=\"nofollow noopener\"><\/a>\n        <div class=\"card-event__wrapper\">\n        <div class=\"card-event__image\">\n            <img decoding=\"async\" src=\"https:\/\/www.ebilet.pl\/media\/cms\/media\/zeglylyt\/656x369-9-9b5a2769-5165-4a65-b574-8cb05086e41d.webp\" alt=\"\">\n        <\/div>\n        <div class=\"card-event__data\">\n            <div class=\"card-event__name\">\n                <p>Speedland Festival 2026<\/p>\n            <\/div>\n            <div class=\"card-event__date\"><\/div>\n            <div class=\"card-event__location\">Krosno<\/div>\n        <\/div>\n    <\/div>\n<\/div>                                    <\/div>\n                                                                    <div class=\"events-carousel-block__sliderItem swiper-slide\"\n                                        data-id=\"129853\"\n                                        data-name=\"Beksi\u0144ski.Live\"\n                                        data-brand=\"L2L Sp z o.o.\"\n                                        data-category=\"widowiska\"\n                                        data-subcategory=\"inne\"\n                                        data-city=\"Warszawa, Wroc\u0142aw\"\n                                        data-venue=\"Hala COS Torwar \">\n                                        \n<div class=\"card-event  card-event--size-small\">\n        <a href=\"https:\/\/www.ebilet.pl\/widowiska\/inne\/beksinski-live\" target=\"_blank\" class=\"card-event__link\" rel=\"nofollow noopener\"><\/a>\n        <div class=\"card-event__wrapper\">\n        <div class=\"card-event__image\">\n            <img decoding=\"async\" src=\"https:\/\/www.ebilet.pl\/media\/cms\/media\/y2nprogb\/656x369-2026-04-27t161826313.webp\" alt=\"\">\n        <\/div>\n        <div class=\"card-event__data\">\n            <div class=\"card-event__name\">\n                <p>Beksi\u0144ski.Live<\/p>\n            <\/div>\n            <div class=\"card-event__date\"><\/div>\n            <div class=\"card-event__location\">Warszawa, Wroc\u0142aw<\/div>\n        <\/div>\n    <\/div>\n<\/div>                                    <\/div>\n                                                                    <div class=\"events-carousel-block__sliderItem swiper-slide\"\n                                        data-id=\"144549\"\n                                        data-name=\"Zwiedzanie ZOO Warszawa\"\n                                        data-brand=\"Miasto Sto\u0142eczne Warszawa\"\n                                        data-category=\"zwiedzanie\"\n                                        data-subcategory=\"zoo\"\n                                        data-city=\"Warszawa\"\n                                        data-venue=\"\">\n                                        \n<div class=\"card-event  card-event--size-small\">\n        <a href=\"https:\/\/www.ebilet.pl\/zwiedzanie\/zoo\/zwiedzanie-zoo-warszawa\" target=\"_blank\" class=\"card-event__link\" rel=\"nofollow noopener\"><\/a>\n        <div class=\"card-event__wrapper\">\n        <div class=\"card-event__image\">\n            <img decoding=\"async\" src=\"https:\/\/www.ebilet.pl\/media\/cms\/media\/vxxcxvae\/04_bilet-domowy_656x369-05e8639e-58dc-445e-95ca-14f25e17b4f3.webp\" alt=\"\">\n        <\/div>\n        <div class=\"card-event__data\">\n            <div class=\"card-event__name\">\n                <p>Zwiedzanie ZOO Warszawa<\/p>\n            <\/div>\n            <div class=\"card-event__date\"><\/div>\n            <div class=\"card-event__location\">Warszawa<\/div>\n        <\/div>\n    <\/div>\n<\/div>                                    <\/div>\n                                                                    <div class=\"events-carousel-block__sliderItem swiper-slide\"\n                                        data-id=\"125950\"\n                                        data-name=\"Zwiedzanie ZOO Wroc\u0142aw\"\n                                        data-brand=\"ZOO Wroc\u0142aw\"\n                                        data-category=\"zwiedzanie\"\n                                        data-subcategory=\"zoo\"\n                                        data-city=\"Wroc\u0142aw\"\n                                        data-venue=\"ZOO we Wroc\u0142awiu\">\n                                        \n<div class=\"card-event  card-event--size-small\">\n        <a href=\"https:\/\/www.ebilet.pl\/zwiedzanie\/zoo\/zwiedzanie-zoo-wroclaw\" target=\"_blank\" class=\"card-event__link\" rel=\"nofollow noopener\"><\/a>\n        <div class=\"card-event__wrapper\">\n        <div class=\"card-event__image\">\n            <img decoding=\"async\" src=\"https:\/\/www.ebilet.pl\/media\/cms\/media\/wpzfsqii\/01_zoo_ebilet_656x369px-8e081b48-ed80-10b3-4ede-a1fdb0e8bde2.webp\" alt=\"\">\n        <\/div>\n        <div class=\"card-event__data\">\n            <div class=\"card-event__name\">\n                <p>Zwiedzanie ZOO Wroc\u0142aw<\/p>\n            <\/div>\n            <div class=\"card-event__date\"><\/div>\n            <div class=\"card-event__location\">Wroc\u0142aw<\/div>\n        <\/div>\n    <\/div>\n<\/div>                                    <\/div>\n                                                                    <div class=\"events-carousel-block__sliderItem swiper-slide\"\n                                        data-id=\"11852\"\n                                        data-name=\"2026 BOLL FIM Speedway World Cup - Warsaw\"\n                                        data-brand=\"Polski Zwi\u0105zek Motorowy\"\n                                        data-category=\"sport\"\n                                        data-subcategory=\"sporty-motorowe\"\n                                        data-city=\"Warszawa\"\n                                        data-venue=\"PGE Narodowy im. Kazimierza G\u00f3rskiego\">\n                                        \n<div class=\"card-event  card-event--size-small\">\n        <a href=\"https:\/\/www.ebilet.pl\/sport\/sporty-motorowe\/speedway\" target=\"_blank\" class=\"card-event__link\" rel=\"nofollow noopener\"><\/a>\n        <div class=\"card-event__wrapper\">\n        <div class=\"card-event__image\">\n            <img decoding=\"async\" src=\"https:\/\/www.ebilet.pl\/media\/cms\/media\/4ycnrk3v\/656x369-8-90146097-b4e8-4d2d-a798-f357aa3d16a2.webp\" alt=\"\">\n        <\/div>\n        <div class=\"card-event__data\">\n            <div class=\"card-event__name\">\n                <p>2026 BOLL FIM Speedway World Cup &#8211; Warsaw<\/p>\n            <\/div>\n            <div class=\"card-event__date\"><\/div>\n            <div class=\"card-event__location\">Warszawa<\/div>\n        <\/div>\n    <\/div>\n<\/div>                                    <\/div>\n                                                                    <div class=\"events-carousel-block__sliderItem swiper-slide\"\n                                        data-id=\"49432\"\n                                        data-name=\"Wroc\u0142aw Hip Hop Festival 2026\"\n                                        data-brand=\"Stowarzyszenie Planeta M\u0142odych\"\n                                        data-category=\"muzyka\"\n                                        data-subcategory=\"festiwale\"\n                                        data-city=\"Wroc\u0142aw\"\n                                        data-venue=\"Hala Stulecia\">\n                                        \n<div class=\"card-event  card-event--size-small\">\n        <a href=\"https:\/\/www.ebilet.pl\/muzyka\/festiwale\/wroclaw-hip-hop-festival\" target=\"_blank\" class=\"card-event__link\" rel=\"nofollow noopener\"><\/a>\n        <div class=\"card-event__wrapper\">\n        <div class=\"card-event__image\">\n            <img decoding=\"async\" src=\"https:\/\/www.ebilet.pl\/media\/cms\/media\/lvzja1iu\/0423-whhf-ebilet_04-34833b89-9f8c-4789-ab22-478b4f7f80f5.webp\" alt=\"\">\n        <\/div>\n        <div class=\"card-event__data\">\n            <div class=\"card-event__name\">\n                <p>Wroc\u0142aw Hip Hop Festival 2026<\/p>\n            <\/div>\n            <div class=\"card-event__date\"><\/div>\n            <div class=\"card-event__location\">Wroc\u0142aw<\/div>\n        <\/div>\n    <\/div>\n<\/div>                                    <\/div>\n                                                                    <div class=\"events-carousel-block__sliderItem swiper-slide\"\n                                        data-id=\"7104\"\n                                        data-name=\"Open&#039;er Festival 2026\"\n                                        data-brand=\"Alter Art\"\n                                        data-category=\"muzyka\"\n                                        data-subcategory=\"festiwale\"\n                                        data-city=\"Gdynia\"\n                                        data-venue=\"Lotnisko Gdynia - Kosakowo\">\n                                        \n<div class=\"card-event  card-event--size-small\">\n        <a href=\"https:\/\/www.ebilet.pl\/muzyka\/festiwale\/opener-festival\" target=\"_blank\" class=\"card-event__link\" rel=\"nofollow noopener\"><\/a>\n        <div class=\"card-event__wrapper\">\n        <div class=\"card-event__image\">\n            <img decoding=\"async\" src=\"https:\/\/www.ebilet.pl\/media\/cms\/media\/vr5l21om\/opener2026_ebilet_656x369-ee020a0f-2f31-4138-b4b2-04308c95f9f7.webp\" alt=\"\">\n        <\/div>\n        <div class=\"card-event__data\">\n            <div class=\"card-event__name\">\n                <p>Open&#8217;er Festival 2026<\/p>\n            <\/div>\n            <div class=\"card-event__date\"><\/div>\n            <div class=\"card-event__location\">Gdynia<\/div>\n        <\/div>\n    <\/div>\n<\/div>                                    <\/div>\n                                                                    <div class=\"events-carousel-block__sliderItem swiper-slide\"\n                                        data-id=\"54019\"\n                                        data-name=\"Kayah &amp; Bregovi\u0107 - Huczne Poprawiny 2026\"\n                                        data-brand=\"Charm Music\"\n                                        data-category=\"muzyka\"\n                                        data-subcategory=\"pop\"\n                                        data-city=\"Kielce, Koszalin, Opole i inne\"\n                                        data-venue=\"Narodowe Centrum Polskiej Piosenki\">\n                                        \n<div class=\"card-event  card-event--size-small\">\n        <a href=\"https:\/\/www.ebilet.pl\/muzyka\/pop\/kayah-bregovic\" target=\"_blank\" class=\"card-event__link\" rel=\"nofollow noopener\"><\/a>\n        <div class=\"card-event__wrapper\">\n        <div class=\"card-event__image\">\n            <img decoding=\"async\" src=\"https:\/\/www.ebilet.pl\/media\/cms\/media\/3xjarhe1\/656x369.webp\" alt=\"\">\n        <\/div>\n        <div class=\"card-event__data\">\n            <div class=\"card-event__name\">\n                <p>Kayah &#038; Bregovi\u0107 &#8211; Huczne Poprawiny 2026<\/p>\n            <\/div>\n            <div class=\"card-event__date\"><\/div>\n            <div class=\"card-event__location\">Kielce, Koszalin, Opole i inne<\/div>\n        <\/div>\n    <\/div>\n<\/div>                                    <\/div>\n                                                            <\/div>\n                        <\/div>\n                    <\/div>\n                    <div class=\"events-carousel-block__pagination\">\n                        <div class=\"swiper-pagination slider-pagination\" data-events-carousel-pagination><\/div>\n                    <\/div>\n                <\/div>\n            <\/div>\n        <\/div>\n    <\/section>\n\n\n\n<section class=\"text-block  section-margin-32\" >\n    <div class=\"container\">\n        <div class=\"row\">\n            <div class=\"col-24\">\n                <div class=\"text-block__content\"><h3><strong>A legenda zwi\u0105zana z zamkiem kr\u00f3lewskim<\/strong><\/h3>\n<p><i><span style=\"font-weight: 400;\">U podn\u00f3\u017ca Baszty Kowalskiej wyp\u0142ywa\u0142o \u017ar\u00f3de\u0142ko, z kt\u00f3rego woda nigdy nie zamarza\u0142a i mia\u0142a siarkowy posmak. Niedaleko stra\u017c pe\u0142nili m\u0142odzi i odwa\u017cni rycerze, ale co jaki\u015b czas kt\u00f3ry\u015b z nich znika\u0142 bez \u017cadnych wie\u015bci. W ko\u0144cu \u015bmia\u0142ek z halabard\u0105, \u015bwi\u0119con\u0105 kred\u0105 i r\u00f3\u017ca\u0144cem stan\u0105\u0142 nieopodal \u017ar\u00f3de\u0142ka. Kred\u0105 zakre\u015bli\u0142 okr\u0105g i czeka\u0142 co si\u0119 wydarzy. Po p\u00f3\u0142nocy us\u0142ysza\u0142 \u015bpiew wy\u0142aniaj\u0105cych si\u0119 z wody nimf, kt\u00f3re zaprosi\u0142y go do ta\u0144ca. Zrozumia\u0142 wtedy, \u017ce to one by\u0142y przyczyn\u0105 zguby rycerzy, wi\u0119c nie wyszed\u0142 z po\u015bwi\u0119conego okr\u0119gu, a do \u017ar\u00f3de\u0142ka wrzuci\u0142 r\u00f3\u017caniec. Nimfy przemieni\u0142y si\u0119 w czarownice i odlecia\u0142y w noc, a po \u017ar\u00f3de\u0142ku nie ma ju\u017c \u015bladu.<\/span><\/i><\/p>\n<h2><strong>Dom gotycki w Nowym S\u0105czu<\/strong><\/h2>\n<p><span style=\"font-weight: 400;\">Zwany jest tak\u017ce kanonicznym. Budynek wzniesiono oko\u0142o 1448 roku, a nie tak dawno temu wpisano go do rejestru zabytk\u00f3w. <\/span><b>Jeszcze w XVIII wieku by\u0142 u\u017cytkowany przez kanonik\u00f3w kolegiaty \u015awi\u0119tej Ma\u0142gorzaty, a p\u00f3\u017aniej sprzedano go na rzecz skarbu zaborczej Austrii i przeszed\u0142 w prywatne r\u0119ce. <\/b><span style=\"font-weight: 400;\">Gdy trafi\u0142 w r\u0119ce pa\u0144stwa, zosta\u0142 poddany renowacji. S\u0142u\u017cy\u0142 jako Muzeum Ziemi S\u0105deckiej. <\/span><b>W 1993 roku zosta\u0142 zwr\u00f3cony Parafii \u015awi\u0119tej Ma\u0142gorzaty, kt\u00f3ra jednak postanowi\u0142a pozostawi\u0107 go na 30 lat do dyspozycji muzeum.<\/b><\/p>\n<p><span style=\"font-weight: 400;\">Co zobaczysz w domu gotyckim?<\/span><\/p>\n<ul>\n<li style=\"font-weight: 400;\" aria-level=\"1\"><span style=\"font-weight: 400;\">dawn\u0105 sztuk\u0119 z teren\u00f3w ziemi s\u0105deckiej,<\/span><\/li>\n<li style=\"font-weight: 400;\" aria-level=\"1\"><span style=\"font-weight: 400;\">wystawy czasowe (historyczne, zwi\u0105zane ze sztuk\u0105, a tak\u017ce kultur\u0105),<\/span><\/li>\n<li style=\"font-weight: 400;\" aria-level=\"1\"><span style=\"font-weight: 400;\">wystaw\u0119 sta\u0142\u0105 \u201cDawna Sztuka S\u0105decczyzny\u201d (czyli: \u201cZamek kr\u00f3lewski w Nowym S\u0105czu\u201d, \u201cSakralna sztuka cechowa XIV-XIX wieku\u201d, \u201cSztuka ludowa XVIII &#8211; pocz\u0105tek XX wieku\u201d, \u201cSztuka dworska XVII-XIX wieku\u201d oraz \u201cSztuka cerkiewna XV-XIX wieku.\u201d).\u00a0<\/span><\/li>\n<\/ul>\n<\/div>\n            <\/div>\n        <\/div>\n    <\/div>\n<\/section>\n\n\n<section class=\"events-slider-block  section-margin-32\" data-events-slider-block data-carousel-title=\"Nowo\u015bci na eBilet\" data-carousel-type=\"karuzela_z_t\u0142em\" data-item-list-name=\"Karuzela z t\u0142em Nowo\u015bci na eBilet\" data-item-list-id=\"karuzela_z_t\u0142em Nowo\u015bci na eBilet\" >\n    <div class=\"container\">\n        <div class=\"row\">\n            <div class=\"col-24\">\n                <div class=\"events-slider-block__wrapper\">\n                                            <div class=\"events-slider-block__bg\"><img loading=\"lazy\" decoding=\"async\" width=\"1920\" height=\"1080\" src=\"https:\/\/www.ebilet.pl\/now\/app\/uploads\/2024\/04\/shutterstock_1308510637.jpg\" class=\"attachment-full size-full\" alt=\"Fot.\" srcset=\"https:\/\/www.ebilet.pl\/now\/app\/uploads\/2024\/04\/shutterstock_1308510637.jpg 1920w, https:\/\/www.ebilet.pl\/now\/app\/uploads\/2024\/04\/shutterstock_1308510637-1024x576.jpg 1024w, https:\/\/www.ebilet.pl\/now\/app\/uploads\/2024\/04\/shutterstock_1308510637-1536x864.jpg 1536w, https:\/\/www.ebilet.pl\/now\/app\/uploads\/2024\/04\/shutterstock_1308510637-1280x720.jpg 1280w, https:\/\/www.ebilet.pl\/now\/app\/uploads\/2024\/04\/shutterstock_1308510637-500x281.jpg 500w, https:\/\/www.ebilet.pl\/now\/app\/uploads\/2024\/04\/shutterstock_1308510637-632x356.jpg 632w, https:\/\/www.ebilet.pl\/now\/app\/uploads\/2024\/04\/shutterstock_1308510637-308x174.jpg 308w\" sizes=\"(max-width: 1920px) 100vw, 1920px\" \/><\/div>\n                                                                <div class=\"events-slider-block__top\">\n                                                            <div class=\"events-slider-block__title desktop\">\n                                    <h2 class=\"typo-h2\">Nowo\u015bci na eBilet<\/h2>\n                                <\/div>\n                                                                                        <div class=\"events-slider-block__title mobile\">\n                                    <h2 class=\"typo-h2\">Nowo\u015bci na eBilet<\/h2>\n                                <\/div>\n                                                    <\/div>\n                                                                <div class=\"events-slider-block__main\">\n                            <div class=\"events-slider-block__nav events-slider-block__nav--prev\">\n                                <div class=\"button button--withIcon button--theme-white-blur button--size-fixed-48\" data-events-prev>\n                                    <span class=\"button__icon icon icon-chevron-left\"><\/span>\n                                <\/div>\n                            <\/div>\n                            <div class=\"events-slider-block__nav events-slider-block__nav--next\">\n                                <div class=\"button button--withIcon button--theme-white-blur button--size-fixed-48\" data-events-next>\n                                    <span class=\"button__icon icon icon-chevron-right\"><\/span>\n                                <\/div>\n                            <\/div>\n                            <div class=\"events-slider-block__slider\">\n                                <div class=\"swiper\" data-events-slider>\n                                    <div class=\"events-slider-block__sliderWrapper swiper-wrapper\">\n\n                                        \n                                            <div class=\"events-slider-block__sliderItem swiper-slide event-card\"\n                                                data-id=\"206178\"\n                                                data-name=\"The Ruins of Beverast\"\n                                                data-brand=\"Winiary Bookings sp. z o. o.\"\n                                                data-category=\"muzyka\"\n                                                data-subcategory=\"hard-heavy\"\n                                                data-city=\"Krak\u00f3w, Warszawa\"\n                                                data-venue=\"Klub Hydrozagadka\">\n                                                \n<div class=\"card-event  card-event--size-small\">\n        <a href=\"https:\/\/www.ebilet.pl\/muzyka\/hard-heavy\/the-ruins-of-beverast\" target=\"_blank\" class=\"card-event__link\" rel=\"nofollow noopener\"><\/a>\n        <div class=\"card-event__wrapper\">\n        <div class=\"card-event__image\">\n            <img decoding=\"async\" src=\"https:\/\/www.ebilet.pl\/media\/cms\/media\/bexbjekl\/the-ruins-of-beverast-ebilet-strona-wydarzenia-pion-wsp_lne-ffb70e5e-c7d5-4b2f-9cf2-7a92d2ee3004.webp\" alt=\"\">\n        <\/div>\n        <div class=\"card-event__data\">\n            <div class=\"card-event__name\">\n                <p>The Ruins of Beverast<\/p>\n            <\/div>\n            <div class=\"card-event__date\">23.11.2026-23.11.2026<\/div>\n            <div class=\"card-event__location\">Krak\u00f3w, Warszawa<\/div>\n        <\/div>\n    <\/div>\n<\/div>                                            <\/div>\n                                        \n                                            <div class=\"events-slider-block__sliderItem swiper-slide event-card\"\n                                                data-id=\"206067\"\n                                                data-name=\"Geordie Greep\"\n                                                data-brand=\"Winiary Bookings sp. z o. o.\"\n                                                data-category=\"muzyka\"\n                                                data-subcategory=\"rock\"\n                                                data-city=\"Krak\u00f3w, Warszawa\"\n                                                data-venue=\"Klub Za\u015bcianek\">\n                                                \n<div class=\"card-event  card-event--size-small\">\n        <a href=\"https:\/\/www.ebilet.pl\/muzyka\/rock\/geordie-greep\" target=\"_blank\" class=\"card-event__link\" rel=\"nofollow noopener\"><\/a>\n        <div class=\"card-event__wrapper\">\n        <div class=\"card-event__image\">\n            <img decoding=\"async\" src=\"https:\/\/www.ebilet.pl\/media\/cms\/media\/p4ndv02s\/geordie-greep-ebilet-strona-wydarzenia-pion-wspo-lne-8309f991-cf87-4f6f-9369-5198e21d4fd3.webp\" alt=\"\">\n        <\/div>\n        <div class=\"card-event__data\">\n            <div class=\"card-event__name\">\n                <p>Geordie Greep<\/p>\n            <\/div>\n            <div class=\"card-event__date\">04.07.2026-04.07.2026<\/div>\n            <div class=\"card-event__location\">Krak\u00f3w, Warszawa<\/div>\n        <\/div>\n    <\/div>\n<\/div>                                            <\/div>\n                                        \n                                            <div class=\"events-slider-block__sliderItem swiper-slide event-card\"\n                                                data-id=\"205773\"\n                                                data-name=\"Bayonne\"\n                                                data-brand=\"Winiary Bookings sp. z o. o.\"\n                                                data-category=\"muzyka\"\n                                                data-subcategory=\"elektro-techno\"\n                                                data-city=\"Warszawa\"\n                                                data-venue=\"BARdzo, bardzo\">\n                                                \n<div class=\"card-event  card-event--size-small\">\n        <a href=\"https:\/\/www.ebilet.pl\/muzyka\/elektro-techno\/bayonne\" target=\"_blank\" class=\"card-event__link\" rel=\"nofollow noopener\"><\/a>\n        <div class=\"card-event__wrapper\">\n        <div class=\"card-event__image\">\n            <img decoding=\"async\" src=\"https:\/\/www.ebilet.pl\/media\/cms\/media\/45vpyfsg\/bayonne-ebilet-strona-wydarzenia-pion-warszawa.webp\" alt=\"\">\n        <\/div>\n        <div class=\"card-event__data\">\n            <div class=\"card-event__name\">\n                <p>Bayonne<\/p>\n            <\/div>\n            <div class=\"card-event__date\">12.09.2026-12.09.2026<\/div>\n            <div class=\"card-event__location\">Warszawa<\/div>\n        <\/div>\n    <\/div>\n<\/div>                                            <\/div>\n                                        \n                                            <div class=\"events-slider-block__sliderItem swiper-slide event-card\"\n                                                data-id=\"12967\"\n                                                data-name=\"Phil Campbell&#039;s Bastard Sons\"\n                                                data-brand=\"Winiary Bookings sp. z o. o.\"\n                                                data-category=\"muzyka\"\n                                                data-subcategory=\"rock\"\n                                                data-city=\"\u0141\u00f3d\u017a, Lublin\"\n                                                data-venue=\"Klub Scenografia\">\n                                                \n<div class=\"card-event  card-event--size-small\">\n        <a href=\"https:\/\/www.ebilet.pl\/muzyka\/rock\/phil-campbell\" target=\"_blank\" class=\"card-event__link\" rel=\"nofollow noopener\"><\/a>\n        <div class=\"card-event__wrapper\">\n        <div class=\"card-event__image\">\n            <img decoding=\"async\" src=\"https:\/\/www.ebilet.pl\/media\/cms\/media\/xgxnfkun\/pc-bastard-sons-ebilet-strona-wydarzenia-pion-wspo-lne-0a66eab9-4dc0-4cbe-9a64-e83f89663721.webp\" alt=\"\">\n        <\/div>\n        <div class=\"card-event__data\">\n            <div class=\"card-event__name\">\n                <p>Phil Campbell&#8217;s Bastard Sons<\/p>\n            <\/div>\n            <div class=\"card-event__date\">27.07.2026-27.07.2026<\/div>\n            <div class=\"card-event__location\">\u0141\u00f3d\u017a, Lublin<\/div>\n        <\/div>\n    <\/div>\n<\/div>                                            <\/div>\n                                        \n                                            <div class=\"events-slider-block__sliderItem swiper-slide event-card\"\n                                                data-id=\"206101\"\n                                                data-name=\"Heretoir\"\n                                                data-brand=\"Winiary Bookings sp. z o. o.\"\n                                                data-category=\"muzyka\"\n                                                data-subcategory=\"hard-heavy\"\n                                                data-city=\"Wroc\u0142aw\"\n                                                data-venue=\"Klub \u0141\u0105cznik\">\n                                                \n<div class=\"card-event  card-event--size-small\">\n        <a href=\"https:\/\/www.ebilet.pl\/muzyka\/hard-heavy\/heretoir\" target=\"_blank\" class=\"card-event__link\" rel=\"nofollow noopener\"><\/a>\n        <div class=\"card-event__wrapper\">\n        <div class=\"card-event__image\">\n            <img decoding=\"async\" src=\"https:\/\/www.ebilet.pl\/media\/cms\/media\/zq0bypho\/heretoir-ebilet-strona-wydarzenia-pion-wroc_aw-8b4bb5db-c468-4b88-9a99-45522d4b39e4.webp\" alt=\"\">\n        <\/div>\n        <div class=\"card-event__data\">\n            <div class=\"card-event__name\">\n                <p>Heretoir<\/p>\n            <\/div>\n            <div class=\"card-event__date\">19.10.2026-19.10.2026<\/div>\n            <div class=\"card-event__location\">Wroc\u0142aw<\/div>\n        <\/div>\n    <\/div>\n<\/div>                                            <\/div>\n                                        \n                                            <div class=\"events-slider-block__sliderItem swiper-slide event-card\"\n                                                data-id=\"35261\"\n                                                data-name=\"Parov Stelar\"\n                                                data-brand=\"Etso8\"\n                                                data-category=\"muzyka\"\n                                                data-subcategory=\"elektro-techno\"\n                                                data-city=\"Warszawa\"\n                                                data-venue=\"Letnia Scena Progresji\">\n                                                \n<div class=\"card-event  card-event--size-small\">\n        <a href=\"https:\/\/www.ebilet.pl\/muzyka\/elektro-techno\/parov-stelar\" target=\"_blank\" class=\"card-event__link\" rel=\"nofollow noopener\"><\/a>\n        <div class=\"card-event__wrapper\">\n        <div class=\"card-event__image\">\n            <img decoding=\"async\" src=\"https:\/\/www.ebilet.pl\/media\/cms\/media\/ushbipmb\/552x736.webp\" alt=\"\">\n        <\/div>\n        <div class=\"card-event__data\">\n            <div class=\"card-event__name\">\n                <p>Parov Stelar<\/p>\n            <\/div>\n            <div class=\"card-event__date\">25.07.2026-25.07.2026<\/div>\n            <div class=\"card-event__location\">Warszawa<\/div>\n        <\/div>\n    <\/div>\n<\/div>                                            <\/div>\n                                        \n                                            <div class=\"events-slider-block__sliderItem swiper-slide event-card\"\n                                                data-id=\"5971\"\n                                                data-name=\"Lady Pank\"\n                                                data-brand=\"Just For MUSIC Sp z o.o.\"\n                                                data-category=\"muzyka\"\n                                                data-subcategory=\"rock\"\n                                                data-city=\"Cz\u0119stochowa, Jasionka, Krak\u00f3w i inne\"\n                                                data-venue=\"Narodowe Centrum Polskiej Piosenki\">\n                                                \n<div class=\"card-event  card-event--size-small\">\n        <a href=\"https:\/\/www.ebilet.pl\/muzyka\/rock\/lady-pank\" target=\"_blank\" class=\"card-event__link\" rel=\"nofollow noopener\"><\/a>\n        <div class=\"card-event__wrapper\">\n        <div class=\"card-event__image\">\n            <img decoding=\"async\" src=\"https:\/\/www.ebilet.pl\/media\/cms\/media\/inkntr0t\/552-x-736-px-5.webp\" alt=\"\">\n        <\/div>\n        <div class=\"card-event__data\">\n            <div class=\"card-event__name\">\n                <p>Lady Pank<\/p>\n            <\/div>\n            <div class=\"card-event__date\">18.09.2026-18.09.2026<\/div>\n            <div class=\"card-event__location\">Cz\u0119stochowa, Jasionka, Krak\u00f3w i inne<\/div>\n        <\/div>\n    <\/div>\n<\/div>                                            <\/div>\n                                        \n                                            <div class=\"events-slider-block__sliderItem swiper-slide event-card\"\n                                                data-id=\"87678\"\n                                                data-name=\"Abba i Inni Symfonicznie II\"\n                                                data-brand=\"Agencja Brussa Jaros\u0142aw Brussa\"\n                                                data-category=\"muzyka\"\n                                                data-subcategory=\"pop\"\n                                                data-city=\"\u0141\u00f3d\u017a, Szczecin\"\n                                                data-venue=\"Teatr Letni w Szczecinie\">\n                                                \n<div class=\"card-event  card-event--size-small\">\n        <a href=\"https:\/\/www.ebilet.pl\/muzyka\/pop\/abba\" target=\"_blank\" class=\"card-event__link\" rel=\"nofollow noopener\"><\/a>\n        <div class=\"card-event__wrapper\">\n        <div class=\"card-event__image\">\n            <img decoding=\"async\" src=\"https:\/\/www.ebilet.pl\/media\/cms\/media\/ettpn531\/abba-ebilet-552x736.webp\" alt=\"\">\n        <\/div>\n        <div class=\"card-event__data\">\n            <div class=\"card-event__name\">\n                <p>Abba i Inni Symfonicznie II<\/p>\n            <\/div>\n            <div class=\"card-event__date\">17.07.2026-17.07.2026<\/div>\n            <div class=\"card-event__location\">\u0141\u00f3d\u017a, Szczecin<\/div>\n        <\/div>\n    <\/div>\n<\/div>                                            <\/div>\n                                        \n                                            <div class=\"events-slider-block__sliderItem swiper-slide event-card\"\n                                                data-id=\"96104\"\n                                                data-name=\"Targi dom\u00f3w do 120 m2 - Tw\u00f3j Ma\u0142y Dom (Gda\u0144sk)\"\n                                                data-brand=\"PRO MEDIA Filip Ko\u0142odziej\"\n                                                data-category=\"biznes\"\n                                                data-subcategory=\"targi\"\n                                                data-city=\"Gda\u0144sk\"\n                                                data-venue=\"Cen\u00adtrum Han\u00addlo\u00adwe Oso\u00adwa (Parking)\">\n                                                \n<div class=\"card-event  card-event--size-small\">\n        <a href=\"https:\/\/www.ebilet.pl\/biznes\/targi\/twoj-maly-dom\" target=\"_blank\" class=\"card-event__link\" rel=\"nofollow noopener\"><\/a>\n        <div class=\"card-event__wrapper\">\n        <div class=\"card-event__image\">\n            <img decoding=\"async\" src=\"https:\/\/www.ebilet.pl\/media\/cms\/media\/cr5kgqef\/gda_sk-_wiosna_ebilet552x736-9e954250-6c66-4073-88f0-9a0896762422.webp\" alt=\"\">\n        <\/div>\n        <div class=\"card-event__data\">\n            <div class=\"card-event__name\">\n                <p>Targi dom\u00f3w do 120 m2 &#8211; Tw\u00f3j Ma\u0142y Dom (Gda\u0144sk)<\/p>\n            <\/div>\n            <div class=\"card-event__date\">29.05.2026-29.05.2026<\/div>\n            <div class=\"card-event__location\">Gda\u0144sk<\/div>\n        <\/div>\n    <\/div>\n<\/div>                                            <\/div>\n                                        \n                                            <div class=\"events-slider-block__sliderItem swiper-slide event-card\"\n                                                data-id=\"206192\"\n                                                data-name=\"Spirit of Smokie\"\n                                                data-brand=\"GO2SHOW\"\n                                                data-category=\"muzyka\"\n                                                data-subcategory=\"rock\"\n                                                data-city=\"Warszawa\"\n                                                data-venue=\"Klub Hybrydy\">\n                                                \n<div class=\"card-event  card-event--size-small\">\n        <a href=\"https:\/\/www.ebilet.pl\/muzyka\/rock\/spirit-of-smokie\" target=\"_blank\" class=\"card-event__link\" rel=\"nofollow noopener\"><\/a>\n        <div class=\"card-event__wrapper\">\n        <div class=\"card-event__image\">\n            <img decoding=\"async\" src=\"https:\/\/www.ebilet.pl\/media\/cms\/media\/sd5m2kku\/spirit-of-smokie-552_736-warszawa-22985fe0-6a01-49f5-a405-d282d9004495.webp\" alt=\"\">\n        <\/div>\n        <div class=\"card-event__data\">\n            <div class=\"card-event__name\">\n                <p>Spirit of Smokie<\/p>\n            <\/div>\n            <div class=\"card-event__date\">18.12.2026-18.12.2026<\/div>\n            <div class=\"card-event__location\">Warszawa<\/div>\n        <\/div>\n    <\/div>\n<\/div>                                            <\/div>\n                                        \n                                            <div class=\"events-slider-block__sliderItem swiper-slide event-card\"\n                                                data-id=\"205699\"\n                                                data-name=\"Shred Fest: Obscura, Pestilence, Cryptic Shift, Thus, Dvrk\"\n                                                data-brand=\"Winiary Bookings sp. z o. o.\"\n                                                data-category=\"muzyka\"\n                                                data-subcategory=\"hard-heavy\"\n                                                data-city=\"Warszawa\"\n                                                data-venue=\"Klub Proxima\">\n                                                \n<div class=\"card-event  card-event--size-small\">\n        <a href=\"https:\/\/www.ebilet.pl\/muzyka\/hard-heavy\/shred-fest\" target=\"_blank\" class=\"card-event__link\" rel=\"nofollow noopener\"><\/a>\n        <div class=\"card-event__wrapper\">\n        <div class=\"card-event__image\">\n            <img decoding=\"async\" src=\"https:\/\/www.ebilet.pl\/media\/cms\/media\/ngvdr2c3\/shredfest-ebilet-strona-wydarzenia-pion-warszawax-000cce3a-6af4-4d35-90e3-f0b821d75e23.webp\" alt=\"\">\n        <\/div>\n        <div class=\"card-event__data\">\n            <div class=\"card-event__name\">\n                <p>Shred Fest: Obscura, Pestilence, Cryptic Shift, Thus, Dvrk<\/p>\n            <\/div>\n            <div class=\"card-event__date\">25.01.2027-25.01.2027<\/div>\n            <div class=\"card-event__location\">Warszawa<\/div>\n        <\/div>\n    <\/div>\n<\/div>                                            <\/div>\n                                        \n                                            <div class=\"events-slider-block__sliderItem swiper-slide event-card\"\n                                                data-id=\"152798\"\n                                                data-name=\"Beth Hart\"\n                                                data-brand=\"Modern Look Sp. z o.o.\"\n                                                data-category=\"muzyka\"\n                                                data-subcategory=\"jazz-blues\"\n                                                data-city=\"Warszawa, Zabrze\"\n                                                data-venue=\"Dom Muzyki i Ta\u0144ca\">\n                                                \n<div class=\"card-event  card-event--size-small\">\n        <a href=\"https:\/\/www.ebilet.pl\/muzyka\/jazz-blues\/beth-hart-koncert\" target=\"_blank\" class=\"card-event__link\" rel=\"nofollow noopener\"><\/a>\n        <div class=\"card-event__wrapper\">\n        <div class=\"card-event__image\">\n            <img decoding=\"async\" src=\"https:\/\/www.ebilet.pl\/media\/cms\/media\/vhblus3i\/beth_hart_552x736_bezwww.webp\" alt=\"\">\n        <\/div>\n        <div class=\"card-event__data\">\n            <div class=\"card-event__name\">\n                <p>Beth Hart<\/p>\n            <\/div>\n            <div class=\"card-event__date\">09.05.2026-09.05.2026<\/div>\n            <div class=\"card-event__location\">Warszawa, Zabrze<\/div>\n        <\/div>\n    <\/div>\n<\/div>                                            <\/div>\n                                        \n                                            <div class=\"events-slider-block__sliderItem swiper-slide event-card\"\n                                                data-id=\"206168\"\n                                                data-name=\"Eve\"\n                                                data-brand=\"Big Idea Group sp. z o. o.\"\n                                                data-category=\"muzyka\"\n                                                data-subcategory=\"hip-hop-rap\"\n                                                data-city=\"Warszawa\"\n                                                data-venue=\"Progresja\">\n                                                \n<div class=\"card-event  card-event--size-small\">\n        <a href=\"https:\/\/www.ebilet.pl\/muzyka\/hip-hop-rap\/eve\" target=\"_blank\" class=\"card-event__link\" rel=\"nofollow noopener\"><\/a>\n        <div class=\"card-event__wrapper\">\n        <div class=\"card-event__image\">\n            <img decoding=\"async\" src=\"https:\/\/www.ebilet.pl\/media\/cms\/media\/cs5fmq0h\/ebilet-10-95367bc9-1f16-4a1c-9e1d-f2b4f9e0531a.webp\" alt=\"\">\n        <\/div>\n        <div class=\"card-event__data\">\n            <div class=\"card-event__name\">\n                <p>Eve<\/p>\n            <\/div>\n            <div class=\"card-event__date\">16.10.2026-16.10.2026<\/div>\n            <div class=\"card-event__location\">Warszawa<\/div>\n        <\/div>\n    <\/div>\n<\/div>                                            <\/div>\n                                        \n                                            <div class=\"events-slider-block__sliderItem swiper-slide event-card\"\n                                                data-id=\"206153\"\n                                                data-name=\"European Carnage Tour 2026: Fleshcrawl + Avulsed + Violentor\"\n                                                data-brand=\"Fundacja Student\u00f3w i Absolwent\u00f3w AGH w Krakowie\"\n                                                data-category=\"muzyka\"\n                                                data-subcategory=\"hard-heavy\"\n                                                data-city=\"Krak\u00f3w\"\n                                                data-venue=\"Klub Za\u015bcianek\">\n                                                \n<div class=\"card-event  card-event--size-small\">\n        <a href=\"https:\/\/www.ebilet.pl\/muzyka\/hard-heavy\/fleshcrawl\" target=\"_blank\" class=\"card-event__link\" rel=\"nofollow noopener\"><\/a>\n        <div class=\"card-event__wrapper\">\n        <div class=\"card-event__image\">\n            <img decoding=\"async\" src=\"https:\/\/www.ebilet.pl\/media\/cms\/media\/x52dbinm\/wydarzenie-za-2026-fleshcrawl-17-11_ebilet-552x736.webp\" alt=\"\">\n        <\/div>\n        <div class=\"card-event__data\">\n            <div class=\"card-event__name\">\n                <p>European Carnage Tour 2026: Fleshcrawl + Avulsed + Violentor<\/p>\n            <\/div>\n            <div class=\"card-event__date\">17.11.2026-17.11.2026<\/div>\n            <div class=\"card-event__location\">Krak\u00f3w<\/div>\n        <\/div>\n    <\/div>\n<\/div>                                            <\/div>\n                                        \n                                            <div class=\"events-slider-block__sliderItem swiper-slide event-card\"\n                                                data-id=\"173645\"\n                                                data-name=\"Targi dom\u00f3w do 120 m2 - Tw\u00f3j Ma\u0142y Dom (Krak\u00f3w)\"\n                                                data-brand=\"PRO MEDIA Filip Ko\u0142odziej\"\n                                                data-category=\"biznes\"\n                                                data-subcategory=\"targi\"\n                                                data-city=\"Krak\u00f3w\"\n                                                data-venue=\"Park Handlowy Zakopianka (parking)\">\n                                                \n<div class=\"card-event  card-event--size-small\">\n        <a href=\"https:\/\/www.ebilet.pl\/biznes\/targi\/targi-twoj-maly-dom\" target=\"_blank\" class=\"card-event__link\" rel=\"nofollow noopener\"><\/a>\n        <div class=\"card-event__wrapper\">\n        <div class=\"card-event__image\">\n            <img decoding=\"async\" src=\"https:\/\/www.ebilet.pl\/media\/cms\/media\/nddpbt35\/krak_w_wiosna_ebilet552x736-3a54c71e-5961-4459-96a7-d520c29f90ad.webp\" alt=\"\">\n        <\/div>\n        <div class=\"card-event__data\">\n            <div class=\"card-event__name\">\n                <p>Targi dom\u00f3w do 120 m2 &#8211; Tw\u00f3j Ma\u0142y Dom (Krak\u00f3w)<\/p>\n            <\/div>\n            <div class=\"card-event__date\">22.05.2026-22.05.2026<\/div>\n            <div class=\"card-event__location\">Krak\u00f3w<\/div>\n        <\/div>\n    <\/div>\n<\/div>                                            <\/div>\n                                                                            <\/div>\n                                <\/div>\n                            <\/div>\n                            <div class=\"events-slider-block__events swiper\" data-events-events-descriptions>\n                                <div class=\"events-slider-block__eventsWrapper swiper-wrapper\">\n                                                                            <div class=\"events-slider-block__eventsItem swiper-slide\">\n                                            <a href=\"https:\/\/www.ebilet.pl\/muzyka\/hard-heavy\/the-ruins-of-beverast\" target=\"_blank\" class=\"events-slider-block__eventsName\">\n                                                <p>The Ruins of Beverast<\/p>\n                                            <\/a>\n                                            <div class=\"events-slider-block__eventsDate\">23.11.2026-24.11.2026<\/div>\n                                            <div class=\"events-slider-block__eventsLocation\"><\/div>\n                                        <\/div>\n                                                                            <div class=\"events-slider-block__eventsItem swiper-slide\">\n                                            <a href=\"https:\/\/www.ebilet.pl\/muzyka\/rock\/geordie-greep\" target=\"_blank\" class=\"events-slider-block__eventsName\">\n                                                <p>Geordie Greep<\/p>\n                                            <\/a>\n                                            <div class=\"events-slider-block__eventsDate\">04.07.2026-05.07.2026<\/div>\n                                            <div class=\"events-slider-block__eventsLocation\"><\/div>\n                                        <\/div>\n                                                                            <div class=\"events-slider-block__eventsItem swiper-slide\">\n                                            <a href=\"https:\/\/www.ebilet.pl\/muzyka\/elektro-techno\/bayonne\" target=\"_blank\" class=\"events-slider-block__eventsName\">\n                                                <p>Bayonne<\/p>\n                                            <\/a>\n                                            <div class=\"events-slider-block__eventsDate\">12.09.2026-12.09.2026<\/div>\n                                            <div class=\"events-slider-block__eventsLocation\"><\/div>\n                                        <\/div>\n                                                                            <div class=\"events-slider-block__eventsItem swiper-slide\">\n                                            <a href=\"https:\/\/www.ebilet.pl\/muzyka\/rock\/phil-campbell\" target=\"_blank\" class=\"events-slider-block__eventsName\">\n                                                <p>Phil Campbell&#8217;s Bastard Sons<\/p>\n                                            <\/a>\n                                            <div class=\"events-slider-block__eventsDate\">27.07.2026-30.07.2026<\/div>\n                                            <div class=\"events-slider-block__eventsLocation\"><\/div>\n                                        <\/div>\n                                                                            <div class=\"events-slider-block__eventsItem swiper-slide\">\n                                            <a href=\"https:\/\/www.ebilet.pl\/muzyka\/hard-heavy\/heretoir\" target=\"_blank\" class=\"events-slider-block__eventsName\">\n                                                <p>Heretoir<\/p>\n                                            <\/a>\n                                            <div class=\"events-slider-block__eventsDate\">19.10.2026-19.10.2026<\/div>\n                                            <div class=\"events-slider-block__eventsLocation\"><\/div>\n                                        <\/div>\n                                                                            <div class=\"events-slider-block__eventsItem swiper-slide\">\n                                            <a href=\"https:\/\/www.ebilet.pl\/muzyka\/elektro-techno\/parov-stelar\" target=\"_blank\" class=\"events-slider-block__eventsName\">\n                                                <p>Parov Stelar<\/p>\n                                            <\/a>\n                                            <div class=\"events-slider-block__eventsDate\">25.07.2026-25.07.2026<\/div>\n                                            <div class=\"events-slider-block__eventsLocation\"><\/div>\n                                        <\/div>\n                                                                            <div class=\"events-slider-block__eventsItem swiper-slide\">\n                                            <a href=\"https:\/\/www.ebilet.pl\/muzyka\/rock\/lady-pank\" target=\"_blank\" class=\"events-slider-block__eventsName\">\n                                                <p>Lady Pank<\/p>\n                                            <\/a>\n                                            <div class=\"events-slider-block__eventsDate\">18.09.2026-12.12.2026<\/div>\n                                            <div class=\"events-slider-block__eventsLocation\"><\/div>\n                                        <\/div>\n                                                                            <div class=\"events-slider-block__eventsItem swiper-slide\">\n                                            <a href=\"https:\/\/www.ebilet.pl\/muzyka\/pop\/abba\" target=\"_blank\" class=\"events-slider-block__eventsName\">\n                                                <p>Abba i Inni Symfonicznie II<\/p>\n                                            <\/a>\n                                            <div class=\"events-slider-block__eventsDate\">17.07.2026-21.10.2026<\/div>\n                                            <div class=\"events-slider-block__eventsLocation\"><\/div>\n                                        <\/div>\n                                                                            <div class=\"events-slider-block__eventsItem swiper-slide\">\n                                            <a href=\"https:\/\/www.ebilet.pl\/biznes\/targi\/twoj-maly-dom\" target=\"_blank\" class=\"events-slider-block__eventsName\">\n                                                <p>Targi dom\u00f3w do 120 m2 &#8211; Tw\u00f3j Ma\u0142y Dom (Gda\u0144sk)<\/p>\n                                            <\/a>\n                                            <div class=\"events-slider-block__eventsDate\">29.05.2026-31.05.2026<\/div>\n                                            <div class=\"events-slider-block__eventsLocation\"><\/div>\n                                        <\/div>\n                                                                            <div class=\"events-slider-block__eventsItem swiper-slide\">\n                                            <a href=\"https:\/\/www.ebilet.pl\/muzyka\/rock\/spirit-of-smokie\" target=\"_blank\" class=\"events-slider-block__eventsName\">\n                                                <p>Spirit of Smokie<\/p>\n                                            <\/a>\n                                            <div class=\"events-slider-block__eventsDate\">18.12.2026-18.12.2026<\/div>\n                                            <div class=\"events-slider-block__eventsLocation\"><\/div>\n                                        <\/div>\n                                                                            <div class=\"events-slider-block__eventsItem swiper-slide\">\n                                            <a href=\"https:\/\/www.ebilet.pl\/muzyka\/hard-heavy\/shred-fest\" target=\"_blank\" class=\"events-slider-block__eventsName\">\n                                                <p>Shred Fest: Obscura, Pestilence, Cryptic Shift, Thus, Dvrk<\/p>\n                                            <\/a>\n                                            <div class=\"events-slider-block__eventsDate\">25.01.2027-25.01.2027<\/div>\n                                            <div class=\"events-slider-block__eventsLocation\"><\/div>\n                                        <\/div>\n                                                                            <div class=\"events-slider-block__eventsItem swiper-slide\">\n                                            <a href=\"https:\/\/www.ebilet.pl\/muzyka\/jazz-blues\/beth-hart-koncert\" target=\"_blank\" class=\"events-slider-block__eventsName\">\n                                                <p>Beth Hart<\/p>\n                                            <\/a>\n                                            <div class=\"events-slider-block__eventsDate\">09.05.2026-14.07.2026<\/div>\n                                            <div class=\"events-slider-block__eventsLocation\"><\/div>\n                                        <\/div>\n                                                                            <div class=\"events-slider-block__eventsItem swiper-slide\">\n                                            <a href=\"https:\/\/www.ebilet.pl\/muzyka\/hip-hop-rap\/eve\" target=\"_blank\" class=\"events-slider-block__eventsName\">\n                                                <p>Eve<\/p>\n                                            <\/a>\n                                            <div class=\"events-slider-block__eventsDate\">16.10.2026-16.10.2026<\/div>\n                                            <div class=\"events-slider-block__eventsLocation\"><\/div>\n                                        <\/div>\n                                                                            <div class=\"events-slider-block__eventsItem swiper-slide\">\n                                            <a href=\"https:\/\/www.ebilet.pl\/muzyka\/hard-heavy\/fleshcrawl\" target=\"_blank\" class=\"events-slider-block__eventsName\">\n                                                <p>European Carnage Tour 2026: Fleshcrawl + Avulsed + Violentor<\/p>\n                                            <\/a>\n                                            <div class=\"events-slider-block__eventsDate\">17.11.2026-17.11.2026<\/div>\n                                            <div class=\"events-slider-block__eventsLocation\"><\/div>\n                                        <\/div>\n                                                                            <div class=\"events-slider-block__eventsItem swiper-slide\">\n                                            <a href=\"https:\/\/www.ebilet.pl\/biznes\/targi\/targi-twoj-maly-dom\" target=\"_blank\" class=\"events-slider-block__eventsName\">\n                                                <p>Targi dom\u00f3w do 120 m2 &#8211; Tw\u00f3j Ma\u0142y Dom (Krak\u00f3w)<\/p>\n                                            <\/a>\n                                            <div class=\"events-slider-block__eventsDate\">22.05.2026-24.05.2026<\/div>\n                                            <div class=\"events-slider-block__eventsLocation\"><\/div>\n                                        <\/div>\n                                                                    <\/div>\n                            <\/div>\n                            <div class=\"events-slider-block__pagination\">\n                                <div class=\"swiper-pagination slider-pagination slider-pagination--theme-white\" data-events-slider-pagination><\/div>\n                            <\/div>\n                        <\/div>\n                                        <div class=\"events-slider-block__bottom\">\n                                                                                <div class=\"events-slider-block__link desktop\">\n                                    <a\n                                        class=\"button button--size-small button--theme-primary-yellow button--withIconLeft\"\n                                        href=\"https:\/\/www.ebilet.pl\/\">\n                                                                                    <div class=\"button__icon\"><img loading=\"lazy\" decoding=\"async\" width=\"30\" height=\"30\" src=\"https:\/\/www.ebilet.pl\/now\/app\/uploads\/2024\/01\/ticket-cinema-entertainment-coupon-discount-sale_30px.png\" class=\"attachment-full size-full\" alt=\"\" \/><\/div>\n                                                                                <p class=\"button__text typo-18\">Kup na eBilet.pl<\/p>\n                                    <\/a>\n                                <\/div>\n                                                                                <div class=\"events-slider-block__link mobile\">\n                                    <a\n                                        class=\"button button--size-small button--theme-primary-yellow button--withIconLeft\"\n                                        href=\"https:\/\/www.ebilet.pl\/\">\n                                                                                    <div class=\"button__icon\"><img loading=\"lazy\" decoding=\"async\" width=\"30\" height=\"30\" src=\"https:\/\/www.ebilet.pl\/now\/app\/uploads\/2024\/01\/ticket-cinema-entertainment-coupon-discount-sale_30px.png\" class=\"attachment-full size-full\" alt=\"\" \/><\/div>\n                                                                                <p class=\"button__text typo-18\">Kup na eBilet.pl<\/p>\n                                    <\/a>\n                                <\/div>\n                                            <\/div>\n                <\/div>\n            <\/div>\n        <\/div>\n    <\/div>\n<\/section>","protected":false},"excerpt":{"rendered":"<p>Nowy S\u0105cz to miasto le\u017c\u0105ce w wojew\u00f3dztwie ma\u0142opolskim. Jest trzecim pod wzgl\u0119dem liczby mieszka\u0144c\u00f3w i pi\u0105tym pod wzgl\u0119dem powierzchni miastem w tym wojew\u00f3dztwie. Jednocze\u015bnie jest to najwi\u0119ksze miasto Beskidu S\u0105deckiego, a co za tym idzie stolica ca\u0142ej S\u0105decczyzny. Nowy S\u0105cz jest tak\u017ce jednym z najstarszych miast w Ma\u0142opolsce, poniewa\u017c najstarsze wzmianki o jego lokacji si\u0119gaj\u0105 roku 1292. By\u0142o to wtedy miasto kr\u00f3lewskie na Ziemi Krakowskiej. Od XIII wieku min\u0119\u0142o jednak do\u015b\u0107 sporo czasu, sprawd\u017amy wi\u0119c, co takiego ma do zaoferowania to miasto.<\/p>\n","protected":false},"author":14,"featured_media":32660,"comment_status":"open","ping_status":"open","sticky":false,"template":"page-templates\/article-default.php","format":"standard","meta":{"_acf_changed":false,"footnotes":""},"article_tag":[375,308,141],"article_type":[5],"acf":[],"_links":{"self":[{"href":"https:\/\/www.ebilet.pl\/now\/wp-json\/wp\/v2\/posts\/32659"}],"collection":[{"href":"https:\/\/www.ebilet.pl\/now\/wp-json\/wp\/v2\/posts"}],"about":[{"href":"https:\/\/www.ebilet.pl\/now\/wp-json\/wp\/v2\/types\/post"}],"author":[{"embeddable":true,"href":"https:\/\/www.ebilet.pl\/now\/wp-json\/wp\/v2\/users\/14"}],"replies":[{"embeddable":true,"href":"https:\/\/www.ebilet.pl\/now\/wp-json\/wp\/v2\/comments?post=32659"}],"version-history":[{"count":2,"href":"https:\/\/www.ebilet.pl\/now\/wp-json\/wp\/v2\/posts\/32659\/revisions"}],"predecessor-version":[{"id":32662,"href":"https:\/\/www.ebilet.pl\/now\/wp-json\/wp\/v2\/posts\/32659\/revisions\/32662"}],"wp:featuredmedia":[{"embeddable":true,"href":"https:\/\/www.ebilet.pl\/now\/wp-json\/wp\/v2\/media\/32660"}],"wp:attachment":[{"href":"https:\/\/www.ebilet.pl\/now\/wp-json\/wp\/v2\/media?parent=32659"}],"wp:term":[{"taxonomy":"article_tag","embeddable":true,"href":"https:\/\/www.ebilet.pl\/now\/wp-json\/wp\/v2\/article_tag?post=32659"},{"taxonomy":"article_type","embeddable":true,"href":"https:\/\/www.ebilet.pl\/now\/wp-json\/wp\/v2\/article_type?post=32659"}],"curies":[{"name":"wp","href":"https:\/\/api.w.org\/{rel}","templated":true}]}}