{"id":32653,"date":"2024-09-08T17:59:59","date_gmt":"2024-09-08T16:59:59","guid":{"rendered":"https:\/\/www.ebilet.pl\/now\/?p=32653"},"modified":"2024-09-08T18:01:36","modified_gmt":"2024-09-08T17:01:36","slug":"co-zobaczyc-w-legnicy-atrakcje-i-zabytki","status":"publish","type":"post","link":"https:\/\/www.ebilet.pl\/now\/co-zobaczyc-w-legnicy-atrakcje-i-zabytki\/","title":{"rendered":"Co zobaczy\u0107 w Legnicy? Atrakcje i zabytki"},"content":{"rendered":"\n<section class=\"text-block  section-margin-32\" >\n    <div class=\"container\">\n        <div class=\"row\">\n            <div class=\"col-24\">\n                <div class=\"text-block__content\"><h2><strong>Sk\u0105d wzi\u0119\u0142a si\u0119 nazwa Legnica?<\/strong><\/h2>\n<p><span style=\"font-weight: 400;\">Nad tym, sk\u0105d pochodzi nazwa Legnica, mo\u017cemy tylko gdyba\u0107. Najprawdopodobniej si\u0119ga ona swoimi korzeniami do staropolskiej nazwy <\/span><i><span style=\"font-weight: 400;\">\u0142\u0119g<\/span><\/i><span style=\"font-weight: 400;\">, kt\u00f3re oznacza\u0142o \u0142\u0105k\u0119 \u0142\u0119gow\u0105 (to miejsce okresowo wilgotne i podmok\u0142e, le\u017c\u0105ce na terenie zalewowym). Inna wersja m\u00f3wi, \u017ce mo\u017ce ona pochodzi\u0107 od rdzenia<\/span><i><span style=\"font-weight: 400;\"> leg-<\/span><\/i><span style=\"font-weight: 400;\">, kt\u00f3ry za\u015b oznacza \u201cmiejsce do le\u017cenia lub legowisko\u201d. Trzecia wersja brzmi tak, \u017ce nazwa miasta Legnica mo\u017ce pochodzi\u0107 od imienia celtyckiego boga Lugh, cho\u0107 to akurat wydaje si\u0119 najmniej prawdopodobne.<\/span><\/p>\n<p><b>Pierwsze zapiski o Legnicy pochodz\u0105 z 1146 roku i wtedy nazwa zapisana by\u0142a jako Legnicz oraz L\u2019gniza, czyli dos\u0142ownie \u201cbagniste miejsce\u201d, co sprawia, \u017ce najbardziej prawdopodobn\u0105 wersj\u0105 pochodzenia nazwy jest ta zwi\u0105zana ze s\u0142owem <\/b><b><i>\u0142\u0119g<\/i><\/b><b>.<\/b><span style=\"font-weight: 400;\"> W 1242 roku pojawi\u0142a si\u0119 nazwa Legnic, a w 1268 roku \u201cLignitz castrum Poloniae\u201d (\u201cLegnica Gr\u00f3d Polski\u201d), kt\u00f3re za\u015b by\u0142o dzie\u0142em naukowym Witela.<\/span><\/p>\n<p><span style=\"font-weight: 400;\">P\u00f3\u017aniej nazwa zmienia\u0142a si\u0119 jeszcze wielokrotnie, a\u017c w ko\u0144cu oficjalna Legnica powsta\u0142a w 1946 roku i tak jest znana do dzisiaj.<\/span><\/p>\n<p><b>A co mo\u017cemy w niej zobaczy\u0107?\u00a0<\/b><\/p>\n<\/div>\n            <\/div>\n        <\/div>\n    <\/div>\n<\/section>\n\n\n<section class=\"banner banner--layout-default section-margin-32\" >\n    <div class=\"container\">\n        <div class=\"row\">\n            <div class=\"col-24\">\n                <div class=\"banner__wrapper\">\n                                        <div class=\"banner__bg\">\n                        <img loading=\"lazy\" decoding=\"async\" width=\"1920\" height=\"1080\" src=\"https:\/\/www.ebilet.pl\/now\/app\/uploads\/2024\/09\/shutterstock_2177151541-1.jpg\" class=\"attachment-full size-full\" alt=\"Co zobaczy\u0107 w Legnicy? Atrakcje i zabytki\" srcset=\"https:\/\/www.ebilet.pl\/now\/app\/uploads\/2024\/09\/shutterstock_2177151541-1.jpg 1920w, https:\/\/www.ebilet.pl\/now\/app\/uploads\/2024\/09\/shutterstock_2177151541-1-1024x576.jpg 1024w, https:\/\/www.ebilet.pl\/now\/app\/uploads\/2024\/09\/shutterstock_2177151541-1-1536x864.jpg 1536w, https:\/\/www.ebilet.pl\/now\/app\/uploads\/2024\/09\/shutterstock_2177151541-1-1280x720.jpg 1280w, https:\/\/www.ebilet.pl\/now\/app\/uploads\/2024\/09\/shutterstock_2177151541-1-500x281.jpg 500w, https:\/\/www.ebilet.pl\/now\/app\/uploads\/2024\/09\/shutterstock_2177151541-1-632x356.jpg 632w, https:\/\/www.ebilet.pl\/now\/app\/uploads\/2024\/09\/shutterstock_2177151541-1-308x174.jpg 308w\" sizes=\"(max-width: 1920px) 100vw, 1920px\" \/>                    <\/div>\n                                                                                                    <div class=\"banner__text\">\n                        <div class=\"banner__title typo-h2 f-700\">Wydarzenia w Legnicy<\/div>\n                        <p class=\"banner__desc typo-14\"><\/p>\n                    <\/div>\n                                                            <div class=\"banner__link\">\n                        <a\n                            class=\"button button--theme-primary-yellow \"\n                            href=\"https:\/\/www.ebilet.pl\/miasto\/legnica\"\n                        >\n                            <p class=\"button__text typo-18\">Kup bilety<\/p>\n                                                    <\/a>\n                    <\/div>\n                                                        <\/div>\n            <\/div>\n        <\/div>\n    <\/div>\n<\/section>\n\n\n<section class=\"text-block  section-margin-32\" >\n    <div class=\"container\">\n        <div class=\"row\">\n            <div class=\"col-24\">\n                <div class=\"text-block__content\"><h2><strong>Brama G\u0142ogowska w Legnicy<\/strong><\/h2>\n<p><span style=\"font-weight: 400;\">Inaczej nazywa si\u0119 j\u0105 tak\u017ce Baszt\u0105 G\u0142ogowsk\u0105. Jest to element fortyfikacji miejskich Legnicy. <\/span><b>Zbudowana jako tr\u00f3jkondygnacyjna wie\u017ca budowla powsta\u0142a w pierwszej po\u0142owie XV wieku.<\/b><span style=\"font-weight: 400;\"> Mia\u0142a ona za zadanie broni\u0107 wjazd do miasta od strony G\u0142ogowa (st\u0105d jej nazwa). Pierwotnie le\u017ca\u0142a w obr\u0119bie mur\u00f3w miejskich.<\/span><\/p>\n<p><span style=\"font-weight: 400;\">W XIX wieku obiekt nakryto czterospadowym dachem i przebito neogotyck\u0105 bram\u0119 przejazdow\u0105 (dopiero od tamtego momentu mo\u017cna faktycznie przez ni\u0105 przejecha\u0107). W tamtym czasie dodano tak\u017ce tarcza zegara s\u0142onecznego i blanki (ale te zamurowano w XX wieku).<\/span><\/p>\n<h2><strong>Park miejski w Legnicy<\/strong><\/h2>\n<p><b>To najstarszy i jednocze\u015bnie najwi\u0119kszy Legnicki Park Miejski. Znajdziesz go w centralnej cz\u0119\u015bci miasta.<\/b><\/p>\n<p><span style=\"font-weight: 400;\">Pierwsze wzmianki o tym parku si\u0119gaj\u0105 a\u017c 1316 roku, kiedy to ksi\u0105\u017c\u0119 Boles\u0142aw III zakupi\u0142 rozleg\u0142e \u0142\u0105ki. Za to pierwsze informacje o samym parku si\u0119gaj\u0105 XVII wieku dzi\u0119ki temu, \u017ce znaleziono rysunki Wernhera z 1757 roku, na kt\u00f3rych znajdowa\u0142o si\u0119 oplecione spacerowymi alejami lipowymi miasto.<\/span><\/p>\n<p><span style=\"font-weight: 400;\">W kolejnych wiekach w parku pojawi\u0142y si\u0119 kawiarnie, gospody, ogr\u00f3d labirynt, a tak\u017ce ogr\u00f3d w stylu angielskim oraz sala koncertowa, pijalnia wody mineralnej, staw do przeja\u017cd\u017cek gondolami oraz sport\u00f3w \u0142y\u017cwiarskich (staw co prawda istnia\u0142, ale dostosowano go do potrzeb turyst\u00f3w i mieszka\u0144c\u00f3w), \u015bcie\u017cka do jazdy konnej i nie tylko.<\/span><\/p>\n<p><span style=\"font-weight: 400;\">W czasach II wojny \u015bwiatowej Park Miejski przetrwa\u0142, ale Niemcy przed ucieczk\u0105 zdemontowali wiele urz\u0105dze\u0144 wystawowych. Miasto na powr\u00f3t sta\u0142o si\u0119 w\u0142a\u015bcicielem Parku Miejskiego dopiero w 1947 roku.\u00a0<\/span><\/p>\n<p><b>Dzi\u015b Park Miejski ma 58 hektar\u00f3w i znajdziesz w nim m.in.:<\/b><\/p>\n<ul>\n<li style=\"font-weight: 400;\" aria-level=\"1\"><span style=\"font-weight: 400;\">tereny sportowe ze stadionem,<\/span><\/li>\n<li style=\"font-weight: 400;\" aria-level=\"1\"><span style=\"font-weight: 400;\">skatepark,<\/span><\/li>\n<li style=\"font-weight: 400;\" aria-level=\"1\"><span style=\"font-weight: 400;\">Ogr\u00f3d Jordanowski ze \u015bcie\u017ck\u0105 zdrowia,<\/span><\/li>\n<li style=\"font-weight: 400;\" aria-level=\"1\"><span style=\"font-weight: 400;\">b\u0142onia miejskie,<\/span><\/li>\n<li style=\"font-weight: 400;\" aria-level=\"1\"><span style=\"font-weight: 400;\">Palmiarni\u0119,<\/span><\/li>\n<li style=\"font-weight: 400;\" aria-level=\"1\"><span style=\"font-weight: 400;\">Teatr Letni,<\/span><\/li>\n<li style=\"font-weight: 400;\" aria-level=\"1\"><span style=\"font-weight: 400;\">pergol\u0119 i sadzawk\u0119 w Gaju Muz,<\/span><\/li>\n<li style=\"font-weight: 400;\" aria-level=\"1\"><span style=\"font-weight: 400;\">muszl\u0119 koncertow\u0105,<\/span><\/li>\n<li style=\"font-weight: 400;\" aria-level=\"1\"><span style=\"font-weight: 400;\">fontanny wkomponowane w kompozycje kwiatowe,<\/span><\/li>\n<li style=\"font-weight: 400;\" aria-level=\"1\"><span style=\"font-weight: 400;\">oko\u0142o 130 gatunk\u00f3w drzew i krzew\u00f3w (krajowych i egzotycznych),<\/span><\/li>\n<li style=\"font-weight: 400;\" aria-level=\"1\"><span style=\"font-weight: 400;\">Pomnik \u015api\u0105cego Lwa.<\/span><\/li>\n<\/ul>\n<p><span style=\"font-weight: 400;\">Wart zobaczenia jest tak\u017ce Kozi Stawek wraz z wysp\u0105, kt\u00f3ra si\u0119 na nim znajduje.<\/span><\/p>\n<\/div>\n            <\/div>\n        <\/div>\n    <\/div>\n<\/section>\n\n\n<section class=\"tickets-slider  section-margin-32\"\n    data-tickets-slider\n    data-item-list-name=\"Karuzela z buttonami\"\n    data-item-list-id=\"karuzela_z_buttonami\"\n    >\n    <div class=\"container\">\n        <div class=\"row\">\n            <div class=\"col-24\">\n                <div class=\"tickets-slider__main\">\n                    <div class=\"tickets-slider__nav tickets-slider__nav--prev\">\n                        <div class=\"button button--withIcon button--theme-white-blur button--size-fixed-48\" data-tickets-slider-prev>\n                            <span class=\"button__icon icon icon-chevron-left\"><\/span>\n                        <\/div>\n                    <\/div>\n                    <div class=\"tickets-slider__nav tickets-slider__nav--next\">\n                        <div class=\"button button--withIcon button--theme-white-blur button--size-fixed-48\" data-tickets-slider-next>\n                            <span class=\"button__icon icon icon-chevron-right\"><\/span>\n                        <\/div>\n                    <\/div>\n                    <div class=\"tickets-slider__slider swiper\" data-tickets-slider-slider>\n                        <div class=\"tickets-slider__sliderWrapper swiper-wrapper\">\n                                                            <div class=\"tickets-slider__sliderItem swiper-slide\"\n                                    data-id=\"37617\"\n                                    data-name=\"Editors\"\n                                    data-brand=\"Alter Art\"\n                                    data-category=\"muzyka\"\n                                    data-subcategory=\"rock\"\n                                    data-city=\"Warszawa\"\n                                    data-venue=\"Klub Stodo\u0142a\">\n                                    <div class=\"tickets-slider__sliderCard\">\n                                        \n<div class=\"card-ticket\">\n        <div class=\"card-ticket__image\">\n        <a href=\"https:\/\/www.ebilet.pl\/muzyka\/rock\/editors\">\n            <img decoding=\"async\" src=\"https:\/\/www.ebilet.pl\/media\/cms\/media\/cbfdkmu2\/editors_2027_552x736_ebilet-7c254908-ec0a-4f27-8a1c-ff7961cef0cd.webp\" alt=\"Plakat wydarzenia\" \/>\n        <\/a>\n    <\/div>\n             \n    <div class=\"card-ticket__link\">\n        <a href=\"https:\/\/www.ebilet.pl\/muzyka\/rock\/editors\" class=\"button button--theme-primary-yellow button--withIconLeft button--size-small\">\n            <span class=\"button__icon icon icon-ticket\"><\/span>\n            <p class=\"button__text typo-16 f-600\">Kup bilet<\/p>\n        <\/a>\n    <\/div>\n    <\/div>                                    <\/div>\n                                <\/div>\n                                                            <div class=\"tickets-slider__sliderItem swiper-slide\"\n                                    data-id=\"7104\"\n                                    data-name=\"Open&#039;er Festival 2026\"\n                                    data-brand=\"Alter Art\"\n                                    data-category=\"muzyka\"\n                                    data-subcategory=\"festiwale\"\n                                    data-city=\"Gdynia\"\n                                    data-venue=\"Lotnisko Gdynia - Kosakowo\">\n                                    <div class=\"tickets-slider__sliderCard\">\n                                        \n<div class=\"card-ticket\">\n        <div class=\"card-ticket__image\">\n        <a href=\"https:\/\/www.ebilet.pl\/muzyka\/festiwale\/opener-festival\">\n            <img decoding=\"async\" src=\"https:\/\/www.ebilet.pl\/media\/cms\/media\/qvef4ie4\/opener2026_552x736-e8fd0918-0d0e-47d3-bbe0-f4f0302085e4.webp\" alt=\"Plakat wydarzenia\" \/>\n        <\/a>\n    <\/div>\n             \n    <div class=\"card-ticket__link\">\n        <a href=\"https:\/\/www.ebilet.pl\/muzyka\/festiwale\/opener-festival\" class=\"button button--theme-primary-yellow button--withIconLeft button--size-small\">\n            <span class=\"button__icon icon icon-ticket\"><\/span>\n            <p class=\"button__text typo-16 f-600\">Kup bilet<\/p>\n        <\/a>\n    <\/div>\n    <\/div>                                    <\/div>\n                                <\/div>\n                                                            <div class=\"tickets-slider__sliderItem swiper-slide\"\n                                    data-id=\"13630\"\n                                    data-name=\"M\u0119skie Granie 2026\"\n                                    data-brand=\"LIVE Sp. z o.o.\"\n                                    data-category=\"muzyka\"\n                                    data-subcategory=\"festiwale\"\n                                    data-city=\"Gda\u0144sk, Krak\u00f3w, Pozna\u0144 i inne\"\n                                    data-venue=\"\u017bywiec Amfiteatr pod Grojcem\">\n                                    <div class=\"tickets-slider__sliderCard\">\n                                        \n<div class=\"card-ticket\">\n        <div class=\"card-ticket__image\">\n        <a href=\"https:\/\/www.ebilet.pl\/muzyka\/festiwale\/meskie-granie\">\n            <img decoding=\"async\" src=\"https:\/\/www.ebilet.pl\/media\/cms\/media\/otqfs0tb\/552x736-11-18222119-c0b1-48d3-9da6-2d9f34d401ee.webp\" alt=\"Plakat wydarzenia\" \/>\n        <\/a>\n    <\/div>\n             \n    <div class=\"card-ticket__link\">\n        <a href=\"https:\/\/www.ebilet.pl\/muzyka\/festiwale\/meskie-granie\" class=\"button button--theme-primary-yellow button--withIconLeft button--size-small\">\n            <span class=\"button__icon icon icon-ticket\"><\/span>\n            <p class=\"button__text typo-16 f-600\">Kup bilet<\/p>\n        <\/a>\n    <\/div>\n    <\/div>                                    <\/div>\n                                <\/div>\n                                                            <div class=\"tickets-slider__sliderItem swiper-slide\"\n                                    data-id=\"146847\"\n                                    data-name=\"Gdzie na maj\u00f3wk\u0119 2026?\"\n                                    data-brand=\"eBilet\"\n                                    data-category=\"biznes\"\n                                    data-subcategory=\"pozostale\"\n                                    data-city=\"\"\n                                    data-venue=\"\">\n                                    <div class=\"tickets-slider__sliderCard\">\n                                        \n<div class=\"card-ticket\">\n        <div class=\"card-ticket__image\">\n        <a href=\"https:\/\/www.ebilet.pl\/biznes\/pozostale\/majowka\">\n            <img decoding=\"async\" src=\"https:\/\/www.ebilet.pl\/media\/cms\/media\/0ykhdlea\/552x736.webp\" alt=\"Plakat wydarzenia\" \/>\n        <\/a>\n    <\/div>\n             \n    <div class=\"card-ticket__link\">\n        <a href=\"https:\/\/www.ebilet.pl\/biznes\/pozostale\/majowka\" class=\"button button--theme-primary-yellow button--withIconLeft button--size-small\">\n            <span class=\"button__icon icon icon-ticket\"><\/span>\n            <p class=\"button__text typo-16 f-600\">Kup bilet<\/p>\n        <\/a>\n    <\/div>\n    <\/div>                                    <\/div>\n                                <\/div>\n                                                            <div class=\"tickets-slider__sliderItem swiper-slide\"\n                                    data-id=\"10086\"\n                                    data-name=\"Orange Warsaw Festival 2026\"\n                                    data-brand=\"Alter Art\"\n                                    data-category=\"muzyka\"\n                                    data-subcategory=\"festiwale\"\n                                    data-city=\"Warszawa\"\n                                    data-venue=\"Tor Wy\u015bcig\u00f3w Konnych Warszawa - S\u0142u\u017cewiec\">\n                                    <div class=\"tickets-slider__sliderCard\">\n                                        \n<div class=\"card-ticket\">\n        <div class=\"card-ticket__image\">\n        <a href=\"https:\/\/www.ebilet.pl\/muzyka\/festiwale\/orange-warsaw-festival\">\n            <img decoding=\"async\" src=\"https:\/\/www.ebilet.pl\/media\/cms\/media\/bxnh21tr\/owf_2026_ebilet_552x736-94c1b52f-1e91-4861-ba57-03b21dcd6346.webp\" alt=\"Plakat wydarzenia\" \/>\n        <\/a>\n    <\/div>\n             \n    <div class=\"card-ticket__link\">\n        <a href=\"https:\/\/www.ebilet.pl\/muzyka\/festiwale\/orange-warsaw-festival\" class=\"button button--theme-primary-yellow button--withIconLeft button--size-small\">\n            <span class=\"button__icon icon icon-ticket\"><\/span>\n            <p class=\"button__text typo-16 f-600\">Kup bilet<\/p>\n        <\/a>\n    <\/div>\n    <\/div>                                    <\/div>\n                                <\/div>\n                                                            <div class=\"tickets-slider__sliderItem swiper-slide\"\n                                    data-id=\"205645\"\n                                    data-name=\"Bezpieczna odsprzeda\u017c w apce eBilet\"\n                                    data-brand=\"eBilet\"\n                                    data-category=\"biznes\"\n                                    data-subcategory=\"pozostale\"\n                                    data-city=\"\"\n                                    data-venue=\"\">\n                                    <div class=\"tickets-slider__sliderCard\">\n                                        \n<div class=\"card-ticket\">\n        <div class=\"card-ticket__image\">\n        <a href=\"https:\/\/www.ebilet.pl\/biznes\/pozostale\/odsprzedaz\">\n            <img decoding=\"async\" src=\"https:\/\/www.ebilet.pl\/media\/cms\/media\/lkwf0krx\/552x736-1.webp\" alt=\"Plakat wydarzenia\" \/>\n        <\/a>\n    <\/div>\n             \n    <div class=\"card-ticket__link\">\n        <a href=\"https:\/\/www.ebilet.pl\/biznes\/pozostale\/odsprzedaz\" class=\"button button--theme-primary-yellow button--withIconLeft button--size-small\">\n            <span class=\"button__icon icon icon-ticket\"><\/span>\n            <p class=\"button__text typo-16 f-600\">Kup bilet<\/p>\n        <\/a>\n    <\/div>\n    <\/div>                                    <\/div>\n                                <\/div>\n                                                            <div class=\"tickets-slider__sliderItem swiper-slide\"\n                                    data-id=\"122369\"\n                                    data-name=\"Juwenalia Bia\u0142ystok 2026\"\n                                    data-brand=\"Stowarzyszenie Absolwent\u00f3w Politechniki Bia\u0142ostockiej\"\n                                    data-category=\"muzyka\"\n                                    data-subcategory=\"festiwale\"\n                                    data-city=\"Bia\u0142ystok\"\n                                    data-venue=\"Kampus Politechniki Bia\u0142ostockiej\">\n                                    <div class=\"tickets-slider__sliderCard\">\n                                        \n<div class=\"card-ticket\">\n        <div class=\"card-ticket__image\">\n        <a href=\"https:\/\/www.ebilet.pl\/muzyka\/festiwale\/juwenalia-bialystok\">\n            <img decoding=\"async\" src=\"https:\/\/www.ebilet.pl\/media\/cms\/media\/asjhgbps\/zmiana_cen-4-7146495d-d552-47ad-8418-371049c6dcd0.webp\" alt=\"Plakat wydarzenia\" \/>\n        <\/a>\n    <\/div>\n             \n    <div class=\"card-ticket__link\">\n        <a href=\"https:\/\/www.ebilet.pl\/muzyka\/festiwale\/juwenalia-bialystok\" class=\"button button--theme-primary-yellow button--withIconLeft button--size-small\">\n            <span class=\"button__icon icon icon-ticket\"><\/span>\n            <p class=\"button__text typo-16 f-600\">Kup bilet<\/p>\n        <\/a>\n    <\/div>\n    <\/div>                                    <\/div>\n                                <\/div>\n                                                            <div class=\"tickets-slider__sliderItem swiper-slide\"\n                                    data-id=\"145251\"\n                                    data-name=\"Juwenalia Politechniki Lubelskiej 2026\"\n                                    data-brand=\"EVENT STUDIO KOWALEWSKI BRE\u015a Sp. J.\"\n                                    data-category=\"muzyka\"\n                                    data-subcategory=\"festiwale\"\n                                    data-city=\"Lublin\"\n                                    data-venue=\"Tereny Zielone Politechniki Lubelskiej\">\n                                    <div class=\"tickets-slider__sliderCard\">\n                                        \n<div class=\"card-ticket\">\n        <div class=\"card-ticket__image\">\n        <a href=\"https:\/\/www.ebilet.pl\/muzyka\/festiwale\/juwenalia-politechniki-lubelskiej\">\n            <img decoding=\"async\" src=\"https:\/\/www.ebilet.pl\/media\/cms\/media\/banlyonx\/552x736-1-f8bcb3b5-3fce-455f-89a1-2ee3034689b1.webp\" alt=\"Plakat wydarzenia\" \/>\n        <\/a>\n    <\/div>\n             \n    <div class=\"card-ticket__link\">\n        <a href=\"https:\/\/www.ebilet.pl\/muzyka\/festiwale\/juwenalia-politechniki-lubelskiej\" class=\"button button--theme-primary-yellow button--withIconLeft button--size-small\">\n            <span class=\"button__icon icon icon-ticket\"><\/span>\n            <p class=\"button__text typo-16 f-600\">Kup bilet<\/p>\n        <\/a>\n    <\/div>\n    <\/div>                                    <\/div>\n                                <\/div>\n                                                            <div class=\"tickets-slider__sliderItem swiper-slide\"\n                                    data-id=\"94598\"\n                                    data-name=\"FAME 31\"\n                                    data-brand=\"Fame MMA\"\n                                    data-category=\"sport\"\n                                    data-subcategory=\"sporty-walki\"\n                                    data-city=\"Koszalin\"\n                                    data-venue=\"Hala Widowiskowo-Sportowa w Koszalinie\">\n                                    <div class=\"tickets-slider__sliderCard\">\n                                        \n<div class=\"card-ticket\">\n        <div class=\"card-ticket__image\">\n        <a href=\"https:\/\/www.ebilet.pl\/sport\/sporty-walki\/fame-mma\">\n            <img decoding=\"async\" src=\"https:\/\/www.ebilet.pl\/media\/cms\/media\/24lbxjty\/fame31-cover-ebilet-552x736.webp\" alt=\"Plakat wydarzenia\" \/>\n        <\/a>\n    <\/div>\n             \n    <div class=\"card-ticket__link\">\n        <a href=\"https:\/\/www.ebilet.pl\/sport\/sporty-walki\/fame-mma\" class=\"button button--theme-primary-yellow button--withIconLeft button--size-small\">\n            <span class=\"button__icon icon icon-ticket\"><\/span>\n            <p class=\"button__text typo-16 f-600\">Kup bilet<\/p>\n        <\/a>\n    <\/div>\n    <\/div>                                    <\/div>\n                                <\/div>\n                                                            <div class=\"tickets-slider__sliderItem swiper-slide\"\n                                    data-id=\"10672\"\n                                    data-name=\"Red Bull Drift Masters, Grand Finale 2026, Poland\"\n                                    data-brand=\"Drift Masters Grand Prix Sp. z o.o.\"\n                                    data-category=\"sport\"\n                                    data-subcategory=\"sporty-motorowe\"\n                                    data-city=\"Warszawa\"\n                                    data-venue=\"PGE Narodowy im. Kazimierza G\u00f3rskiego\">\n                                    <div class=\"tickets-slider__sliderCard\">\n                                        \n<div class=\"card-ticket\">\n        <div class=\"card-ticket__image\">\n        <a href=\"https:\/\/www.ebilet.pl\/sport\/sporty-motorowe\/drift-masters\">\n            <img decoding=\"async\" src=\"https:\/\/www.ebilet.pl\/media\/cms\/media\/sz3ojwmd\/552x736-do-60kb-55f8db12-cfee-4159-a30d-647373ffe546.webp\" alt=\"Plakat wydarzenia\" \/>\n        <\/a>\n    <\/div>\n             \n    <div class=\"card-ticket__link\">\n        <a href=\"https:\/\/www.ebilet.pl\/sport\/sporty-motorowe\/drift-masters\" class=\"button button--theme-primary-yellow button--withIconLeft button--size-small\">\n            <span class=\"button__icon icon icon-ticket\"><\/span>\n            <p class=\"button__text typo-16 f-600\">Kup bilet<\/p>\n        <\/a>\n    <\/div>\n    <\/div>                                    <\/div>\n                                <\/div>\n                                                            <div class=\"tickets-slider__sliderItem swiper-slide\"\n                                    data-id=\"5930\"\n                                    data-name=\"Audioriver Festival 2026\"\n                                    data-brand=\"Audioriver Sp. z o.o.\"\n                                    data-category=\"muzyka\"\n                                    data-subcategory=\"festiwale\"\n                                    data-city=\"\u0141\u00f3d\u017a\"\n                                    data-venue=\"B\u0142onia \u0141\u00f3dzkie\">\n                                    <div class=\"tickets-slider__sliderCard\">\n                                        \n<div class=\"card-ticket\">\n        <div class=\"card-ticket__image\">\n        <a href=\"https:\/\/www.ebilet.pl\/muzyka\/festiwale\/audioriver\">\n            <img decoding=\"async\" src=\"https:\/\/www.ebilet.pl\/media\/cms\/media\/gfjpcqll\/so-far5-pion-84d088fb-d165-4b1b-b069-77f1f8fa737b.webp\" alt=\"Plakat wydarzenia\" \/>\n        <\/a>\n    <\/div>\n             \n    <div class=\"card-ticket__link\">\n        <a href=\"https:\/\/www.ebilet.pl\/muzyka\/festiwale\/audioriver\" class=\"button button--theme-primary-yellow button--withIconLeft button--size-small\">\n            <span class=\"button__icon icon icon-ticket\"><\/span>\n            <p class=\"button__text typo-16 f-600\">Kup bilet<\/p>\n        <\/a>\n    <\/div>\n    <\/div>                                    <\/div>\n                                <\/div>\n                                                            <div class=\"tickets-slider__sliderItem swiper-slide\"\n                                    data-id=\"48780\"\n                                    data-name=\"Mistrzostwa \u015awiata w koszyk\u00f3wce 3x3 2026\"\n                                    data-brand=\"Polski Zwi\u0105zek Koszyk\u00f3wki\"\n                                    data-category=\"sport\"\n                                    data-subcategory=\"sporty-druzynowe\"\n                                    data-city=\"Warszawa\"\n                                    data-venue=\"Plac Defilad \">\n                                    <div class=\"tickets-slider__sliderCard\">\n                                        \n<div class=\"card-ticket\">\n        <div class=\"card-ticket__image\">\n        <a href=\"https:\/\/www.ebilet.pl\/sport\/sporty-druzynowe\/koszykowka\">\n            <img decoding=\"async\" src=\"https:\/\/www.ebilet.pl\/media\/cms\/media\/40dkh4qd\/552x739-961a0af8-0c70-4f76-b55e-bf23fa63fae4.webp\" alt=\"Plakat wydarzenia\" \/>\n        <\/a>\n    <\/div>\n             \n    <div class=\"card-ticket__link\">\n        <a href=\"https:\/\/www.ebilet.pl\/sport\/sporty-druzynowe\/koszykowka\" class=\"button button--theme-primary-yellow button--withIconLeft button--size-small\">\n            <span class=\"button__icon icon icon-ticket\"><\/span>\n            <p class=\"button__text typo-16 f-600\">Kup bilet<\/p>\n        <\/a>\n    <\/div>\n    <\/div>                                    <\/div>\n                                <\/div>\n                                                            <div class=\"tickets-slider__sliderItem swiper-slide\"\n                                    data-id=\"77334\"\n                                    data-name=\"OneRepublic\"\n                                    data-brand=\"Live Nation\"\n                                    data-category=\"muzyka\"\n                                    data-subcategory=\"pop\"\n                                    data-city=\"Krak\u00f3w\"\n                                    data-venue=\"TAURON Arena Krak\u00f3w\">\n                                    <div class=\"tickets-slider__sliderCard\">\n                                        \n<div class=\"card-ticket\">\n        <div class=\"card-ticket__image\">\n        <a href=\"https:\/\/www.ebilet.pl\/muzyka\/pop\/onerepublic\">\n            <img decoding=\"async\" src=\"https:\/\/www.ebilet.pl\/media\/cms\/media\/lpojz0b2\/or_552x736-d7c2e53e-d6f0-453c-b540-3c006a0c9314.webp\" alt=\"Plakat wydarzenia\" \/>\n        <\/a>\n    <\/div>\n             \n    <div class=\"card-ticket__link\">\n        <a href=\"https:\/\/www.ebilet.pl\/muzyka\/pop\/onerepublic\" class=\"button button--theme-primary-yellow button--withIconLeft button--size-small\">\n            <span class=\"button__icon icon icon-ticket\"><\/span>\n            <p class=\"button__text typo-16 f-600\">Kup bilet<\/p>\n        <\/a>\n    <\/div>\n    <\/div>                                    <\/div>\n                                <\/div>\n                                                            <div class=\"tickets-slider__sliderItem swiper-slide\"\n                                    data-id=\"16543\"\n                                    data-name=\"Rozta\u0144czony PGE Narodowy 2026\"\n                                    data-brand=\"KRYSIAK POLSKA CORPORATION Sp. z o.o.\"\n                                    data-category=\"muzyka\"\n                                    data-subcategory=\"festiwale\"\n                                    data-city=\"Warszawa\"\n                                    data-venue=\"PGE Narodowy im. Kazimierza G\u00f3rskiego\">\n                                    <div class=\"tickets-slider__sliderCard\">\n                                        \n<div class=\"card-ticket\">\n        <div class=\"card-ticket__image\">\n        <a href=\"https:\/\/www.ebilet.pl\/muzyka\/festiwale\/roztanczony-narodowy\">\n            <img decoding=\"async\" src=\"https:\/\/www.ebilet.pl\/media\/cms\/media\/vzjkxgps\/portal_basic.webp\" alt=\"Plakat wydarzenia\" \/>\n        <\/a>\n    <\/div>\n             \n    <div class=\"card-ticket__link\">\n        <a href=\"https:\/\/www.ebilet.pl\/muzyka\/festiwale\/roztanczony-narodowy\" class=\"button button--theme-primary-yellow button--withIconLeft button--size-small\">\n            <span class=\"button__icon icon icon-ticket\"><\/span>\n            <p class=\"button__text typo-16 f-600\">Kup bilet<\/p>\n        <\/a>\n    <\/div>\n    <\/div>                                    <\/div>\n                                <\/div>\n                                                            <div class=\"tickets-slider__sliderItem swiper-slide\"\n                                    data-id=\"50675\"\n                                    data-name=\"Warszawa w pigu\u0142ce\"\n                                    data-brand=\"WPT 1313 Rafa\u0142 Pawe\u0142ek\"\n                                    data-category=\"rodzina\"\n                                    data-subcategory=\"pozostale\"\n                                    data-city=\"Warszawa\"\n                                    data-venue=\"Plac Defilad \">\n                                    <div class=\"tickets-slider__sliderCard\">\n                                        \n<div class=\"card-ticket\">\n        <div class=\"card-ticket__image\">\n        <a href=\"https:\/\/www.ebilet.pl\/rodzina\/pozostale\/warszawa-w-pigulce\">\n            <img decoding=\"async\" src=\"https:\/\/www.ebilet.pl\/media\/cms\/media\/0czikbm0\/pigu\u0142ka2-0f05e05e-7fba-475d-9b9e-7c1afc80761e.webp\" alt=\"Plakat wydarzenia\" \/>\n        <\/a>\n    <\/div>\n             \n    <div class=\"card-ticket__link\">\n        <a href=\"https:\/\/www.ebilet.pl\/rodzina\/pozostale\/warszawa-w-pigulce\" class=\"button button--theme-primary-yellow button--withIconLeft button--size-small\">\n            <span class=\"button__icon icon icon-ticket\"><\/span>\n            <p class=\"button__text typo-16 f-600\">Kup bilet<\/p>\n        <\/a>\n    <\/div>\n    <\/div>                                    <\/div>\n                                <\/div>\n                                                            <div class=\"tickets-slider__sliderItem swiper-slide\"\n                                    data-id=\"179828\"\n                                    data-name=\"XTB KSW 119\"\n                                    data-brand=\"Federacja KSW\"\n                                    data-category=\"sport\"\n                                    data-subcategory=\"sporty-walki\"\n                                    data-city=\"Radom\"\n                                    data-venue=\"Radomskie Centrum Sportu\">\n                                    <div class=\"tickets-slider__sliderCard\">\n                                        \n<div class=\"card-ticket\">\n        <div class=\"card-ticket__image\">\n        <a href=\"https:\/\/www.ebilet.pl\/sport\/sporty-walki\/gala-ksw\">\n            <img decoding=\"async\" src=\"https:\/\/www.ebilet.pl\/media\/cms\/media\/hxkpcc3z\/ksw119_552x736-kopia-cd3dc132-b7af-417f-9575-966793c590a0.webp\" alt=\"Plakat wydarzenia\" \/>\n        <\/a>\n    <\/div>\n             \n    <div class=\"card-ticket__link\">\n        <a href=\"https:\/\/www.ebilet.pl\/sport\/sporty-walki\/gala-ksw\" class=\"button button--theme-primary-yellow button--withIconLeft button--size-small\">\n            <span class=\"button__icon icon icon-ticket\"><\/span>\n            <p class=\"button__text typo-16 f-600\">Kup bilet<\/p>\n        <\/a>\n    <\/div>\n    <\/div>                                    <\/div>\n                                <\/div>\n                                                            <div class=\"tickets-slider__sliderItem swiper-slide\"\n                                    data-id=\"203093\"\n                                    data-name=\"B-DAY Festival by bambi\"\n                                    data-brand=\"BDF Sp. z.o.o.\"\n                                    data-category=\"muzyka\"\n                                    data-subcategory=\"hip-hop-rap\"\n                                    data-city=\"Warszawa\"\n                                    data-venue=\"Hala COS Torwar \">\n                                    <div class=\"tickets-slider__sliderCard\">\n                                        \n<div class=\"card-ticket\">\n        <div class=\"card-ticket__image\">\n        <a href=\"https:\/\/www.ebilet.pl\/muzyka\/hip-hop-rap\/bambi\">\n            <img decoding=\"async\" src=\"https:\/\/www.ebilet.pl\/media\/cms\/media\/gifbpcig\/552x736-1-320cc3b0-5e5a-4852-a922-efc848865831.webp\" alt=\"Plakat wydarzenia\" \/>\n        <\/a>\n    <\/div>\n             \n    <div class=\"card-ticket__link\">\n        <a href=\"https:\/\/www.ebilet.pl\/muzyka\/hip-hop-rap\/bambi\" class=\"button button--theme-primary-yellow button--withIconLeft button--size-small\">\n            <span class=\"button__icon icon icon-ticket\"><\/span>\n            <p class=\"button__text typo-16 f-600\">Kup bilet<\/p>\n        <\/a>\n    <\/div>\n    <\/div>                                    <\/div>\n                                <\/div>\n                                                            <div class=\"tickets-slider__sliderItem swiper-slide\"\n                                    data-id=\"89836\"\n                                    data-name=\"Eiv\u00f8r\"\n                                    data-brand=\"Fource Entertainment sp. z o o\"\n                                    data-category=\"muzyka\"\n                                    data-subcategory=\"pozostale\"\n                                    data-city=\"Pozna\u0144, Warszawa\"\n                                    data-venue=\"Klub Tama\">\n                                    <div class=\"tickets-slider__sliderCard\">\n                                        \n<div class=\"card-ticket\">\n        <div class=\"card-ticket__image\">\n        <a href=\"https:\/\/www.ebilet.pl\/muzyka\/pozostale\/eivor\">\n            <img decoding=\"async\" src=\"https:\/\/www.ebilet.pl\/media\/cms\/media\/m1ujcylb\/ebilet-552x736-eivor.webp\" alt=\"Plakat wydarzenia\" \/>\n        <\/a>\n    <\/div>\n             \n    <div class=\"card-ticket__link\">\n        <a href=\"https:\/\/www.ebilet.pl\/muzyka\/pozostale\/eivor\" class=\"button button--theme-primary-yellow button--withIconLeft button--size-small\">\n            <span class=\"button__icon icon icon-ticket\"><\/span>\n            <p class=\"button__text typo-16 f-600\">Kup bilet<\/p>\n        <\/a>\n    <\/div>\n    <\/div>                                    <\/div>\n                                <\/div>\n                                                            <div class=\"tickets-slider__sliderItem swiper-slide\"\n                                    data-id=\"204964\"\n                                    data-name=\"EPIC ROCK: Symphonic Concert\"\n                                    data-brand=\"VISUAL PRODUCTION Sp. z o.o. \"\n                                    data-category=\"muzyka\"\n                                    data-subcategory=\"rock\"\n                                    data-city=\"Gdynia, Pozna\u0144, Warszawa i inne\"\n                                    data-venue=\"MTP - Mi\u0119dzynarodowe Targi Pozna\u0144skie\">\n                                    <div class=\"tickets-slider__sliderCard\">\n                                        \n<div class=\"card-ticket\">\n        <div class=\"card-ticket__image\">\n        <a href=\"https:\/\/www.ebilet.pl\/muzyka\/rock\/epic-rock-symphonic-concert\">\n            <img decoding=\"async\" src=\"https:\/\/www.ebilet.pl\/media\/cms\/media\/gqgdpaua\/552x736-epic-rock_data-d7743615-48da-4014-8a56-ff6b809a1c25.webp\" alt=\"Plakat wydarzenia\" \/>\n        <\/a>\n    <\/div>\n             \n    <div class=\"card-ticket__link\">\n        <a href=\"https:\/\/www.ebilet.pl\/muzyka\/rock\/epic-rock-symphonic-concert\" class=\"button button--theme-primary-yellow button--withIconLeft button--size-small\">\n            <span class=\"button__icon icon icon-ticket\"><\/span>\n            <p class=\"button__text typo-16 f-600\">Kup bilet<\/p>\n        <\/a>\n    <\/div>\n    <\/div>                                    <\/div>\n                                <\/div>\n                                                            <div class=\"tickets-slider__sliderItem swiper-slide\"\n                                    data-id=\"8112\"\n                                    data-name=\"21. Tauron Nowa Muzyka Katowice 2026\"\n                                    data-brand=\"Fundacja Nowa Muzyka Katowice\"\n                                    data-category=\"muzyka\"\n                                    data-subcategory=\"festiwale\"\n                                    data-city=\"Katowice\"\n                                    data-venue=\"Narodowa Orkiestra Symfoniczna Polskiego Radia - NOSPR\">\n                                    <div class=\"tickets-slider__sliderCard\">\n                                        \n<div class=\"card-ticket\">\n        <div class=\"card-ticket__image\">\n        <a href=\"https:\/\/www.ebilet.pl\/muzyka\/festiwale\/tauron-nowa-muzyka\">\n            <img decoding=\"async\" src=\"https:\/\/www.ebilet.pl\/media\/cms\/media\/ksnpugtd\/secret-stage-12d20587-5578-4e4b-baa0-104b56bea764.webp\" alt=\"Plakat wydarzenia\" \/>\n        <\/a>\n    <\/div>\n             \n    <div class=\"card-ticket__link\">\n        <a href=\"https:\/\/www.ebilet.pl\/muzyka\/festiwale\/tauron-nowa-muzyka\" class=\"button button--theme-primary-yellow button--withIconLeft button--size-small\">\n            <span class=\"button__icon icon icon-ticket\"><\/span>\n            <p class=\"button__text typo-16 f-600\">Kup bilet<\/p>\n        <\/a>\n    <\/div>\n    <\/div>                                    <\/div>\n                                <\/div>\n                                                    <\/div>\n                    <\/div>\n                <\/div>\n            <\/div>\n        <\/div>\n    <\/div>\n<\/section>\n\n\n<section class=\"text-block  section-margin-32\" >\n    <div class=\"container\">\n        <div class=\"row\">\n            <div class=\"col-24\">\n                <div class=\"text-block__content\"><h2><strong>Katedra \u015awi\u0119tych Aposto\u0142\u00f3w Piotra i Paw\u0142a w Legnicy<\/strong><\/h2>\n<p><span style=\"font-weight: 400;\">Znajdziesz j\u0105 przy Placu Katedralnym, a wybudowana zosta\u0142a najprawdopodobniej jeszcze w XIII wieku. Z czasem zyska\u0142 du\u017co znaczenia, poniewa\u017c wok\u00f3\u0142 niego zacz\u0119\u0142o toczy\u0107 si\u0119 \u017cycie handlowe. <\/span><b>Ko\u015bci\u00f3\u0142 ten niestety sp\u0142on\u0105\u0142 prawdopodobnie w 1241 roku.<\/b> <b>Budynek, kt\u00f3ry mo\u017cesz dzi\u015b zobaczy\u0107, powsta\u0142 w XIV wieku. <\/b><span style=\"font-weight: 400;\">Zosta\u0142 wybudowany w stylu gotyckim, przez co robi ogromne wra\u017cenia na turystach. W XV wieku zosta\u0142 rozbudowany, a w XVIII \u2013 wyremontowany. Zyska\u0142 wtedy nowy o\u0142tarz g\u0142\u00f3wny. W XIX wieku przebudowano go w stylu neogotyckim. <\/span><b>Mo\u017cesz w nim zobaczy\u0107 wiele rze\u017ab, a tak\u017ce nagrobk\u00f3w oraz gotyckie sklepienia, ikony oraz renesansow\u0105 ambon\u0119 i barokowy o\u0142tarz.<\/b><\/p>\n<p><b>Obok katedry s\u0105 tak\u017ce inne atrakcje warte uwagi:<\/b><\/p>\n<ul>\n<li style=\"font-weight: 400;\" aria-level=\"1\"><span style=\"font-weight: 400;\">\u00a0Fontanna Neptuna,<\/span><\/li>\n<li style=\"font-weight: 400;\" aria-level=\"1\"><span style=\"font-weight: 400;\">\u00a0Stary Ratusz,<\/span><\/li>\n<li style=\"font-weight: 400;\" aria-level=\"1\"><span style=\"font-weight: 400;\">\u00a0pomnik Julka,<\/span><\/li>\n<li style=\"font-weight: 400;\" aria-level=\"1\"><span style=\"font-weight: 400;\">\u00a0\u201cStudnia Zakochanych\u201d,<\/span><\/li>\n<li style=\"font-weight: 400;\" aria-level=\"1\"><span style=\"font-weight: 400;\">\u00a0budynek Teatru im. Heleny Modrzejewskiej,<\/span><\/li>\n<li style=\"font-weight: 400;\" aria-level=\"1\"><span style=\"font-weight: 400;\">\u00a0kamieniczki \u015bledzi\u00f3wki,<\/span><\/li>\n<li style=\"font-weight: 400;\" aria-level=\"1\"><span style=\"font-weight: 400;\">\u00a0pami\u0105tka po tramwajach je\u017cd\u017c\u0105cych po dawnej Legnicy.<\/span><\/li>\n<\/ul>\n<h3><span style=\"font-weight: 400;\">Pomnik Julka<\/span><\/h3>\n<p><span style=\"font-weight: 400;\">Pomnik Julka to rze\u017aba, kt\u00f3ra przedstawia ch\u0142opca z plecakiem i proc\u0105. Jest to ma\u0142y legniczan z XX wieku.\u00a0<\/span><\/p>\n<h3><strong>Barokowe fontanny w Legnicy<\/strong><\/h3>\n<p><span style=\"font-weight: 400;\">Wspomnieli\u015bmy ju\u017c o fontannie Neptuna, ale po obu stronach legnickiego rynku stoj\u0105 dwie takie barokowe fontanny, kt\u00f3re przedstawiaj\u0105 mityczne postaci. <\/span><b>Pierwsza z nich znajduje si\u0119 w p\u00f3\u0142nocnej cz\u0119\u015bci rynku.<\/b><span style=\"font-weight: 400;\"> Pierwotnie by\u0142a tam fontanna z 1412 roku, a dzisiejsza pochodzi z 1733 roku. Po\u015brodku fontanny jest posta\u0107 Syreny, kt\u00f3r\u0105 nazywa si\u0119 tak\u017ce Pann\u0105 Wodn\u0105.<\/span><\/p>\n<p><b>W po\u0142udniowej cz\u0119\u015bci jest za to wspomniana wcze\u015bniej Fontanna Neptuna, kt\u00f3ra pochodzi z 1731 roku.<\/b><span style=\"font-weight: 400;\"> W centralnej cz\u0119\u015bci fontanny stoi pos\u0105g Neptuna, kt\u00f3ry trzyma w r\u0119ce tr\u00f3jz\u0105b, a u jego n\u00f3g widniej\u0105 3 delfiny. Niestety w 2009 roku podczas nawa\u0142nicy pos\u0105g ucierpia\u0142, ale zosta\u0142 odbudowany.\u00a0<\/span><\/p>\n<p><span style=\"font-weight: 400;\">Na obu fontannach wyrze\u017abiony jest motyw tarcz z dwoma skrzy\u017cowanymi kluczami, kt\u00f3ry to by\u0142 herbem miasta do 1741 roku, co \u015bwietnie pokazuje z jakiego okresu pochodz\u0105 owe fontanny.<\/span><span style=\"font-weight: 400;\">[1]<\/span><\/p>\n<h3><strong>\u201cStudnia Zakochanych\u201d<\/strong><\/h3>\n<p><span style=\"font-weight: 400;\">Podczas prac rewitalizacyjnych w 2009 roku odkryto star\u0105 studni\u0119 z XVII wieku, co by\u0142o niesamowitym zaskoczeniem, bo na \u017cadnych mapach nigdy nie by\u0142o o niej wzmianki. Zachowa\u0142a si\u0119 ona w bardzo dobrym stanie i ma oko\u0142o 6 m g\u0142\u0119boko\u015bci oraz 2 m \u015brednicy. Odremontowana zosta\u0142a jedynie zewn\u0119trzna cz\u0119\u015b\u0107 kt\u00f3ra zosta\u0142a wykonana z jednego kawa\u0142ka czerwono-br\u0105zowego granitu, a jej kszta\u0142t przypomina nieregularny wielo\u015bcian.<\/span><b> W 2010 roku zosta\u0142a nazwana \u201cStudni\u0105 Zakochanych\u201d i od tego czasu liczne pary wrzucaj\u0105 do niej monety na szcz\u0119\u015bcie.<\/b><\/p>\n<h2><strong>Galeria Sztuki na Placu Katedralnym w Legnicy<\/strong><\/h2>\n<p><span style=\"font-weight: 400;\">Galeria sztuki na Placu Katedralnym w Legnicy jest jedyn\u0105 samodzieln\u0105 galeri\u0105 w tym mie\u015bcie. <\/span><b>Sk\u0142ada si\u0119 z dw\u00f3ch oddzia\u0142\u00f3w: Galerii Srebra \u201cPod Przepi\u00f3rczym Koszem\u201d oraz Galerii Ring.<\/b><\/p>\n<p><span style=\"font-weight: 400;\">Dom pod przepi\u00f3rczym koszem to jedna z renesansowych kamienic, kt\u00f3ra stoi przy Ma\u0142ym Rynku 38. Powsta\u0142a Na pocz\u0105tku XVI wieku, a nied\u0142ugo p\u00f3\u017aniej zosta\u0142a przebudowana. Zyska\u0142a wtedy dekoracj\u0119 ze scenami figuralnymi, a jej nazwa wzi\u0119\u0142a si\u0119 od charakterystycznego cylindrycznego wykusza naro\u017cnego. Owa dekoracja zosta\u0142a odkryta dopiero w XX wieku.\u00a0<\/span><\/p>\n<\/div>\n            <\/div>\n        <\/div>\n    <\/div>\n<\/section>\n\n\n    <section class=\"events-carousel-block  section-margin-32\"\n        data-events-carousel\n        data-settings='{\"per_view\":5}'\n        data-item-list-name=\"Karuzela niska Polecamy na eBilet\"\n        data-item-list-id=\"karuzela_niska Polecamy na eBilet\"\n        >\n        <div class=\"container\">\n                            <div class=\"row\">\n                    <div class=\"col-24\">\n                        <div class=\"events-carousel-block__title\">\n                            <h2 class=\"typo-h2\">Polecamy na eBilet<\/h2>\n                        <\/div>\n                    <\/div>\n                <\/div>\n                        <div class=\"row\">\n                <div class=\"col-24\">\n                    <div class=\"events-carousel-block__events\">\n                        <div class=\"events-carousel-block__nav events-carousel-block__nav--prev\">\n                            <div class=\"button button--withIcon button--theme-white-blur button--size-fixed-48\" data-events-carousel-prev>\n                                <span class=\"button__icon icon icon-chevron-left\"><\/span>\n                            <\/div>\n                        <\/div>\n                        <div class=\"events-carousel-block__nav events-carousel-block__nav--next\">\n                            <div class=\"button button--withIcon button--theme-white-blur button--size-fixed-48\" data-events-carousel-next>\n                                <span class=\"button__icon icon icon-chevron-right\"><\/span>\n                            <\/div>\n                        <\/div>\n                        <div class=\"events-carousel-block__slider swiper\" data-events-carousel-slider>\n                            <div class=\"events-carousel-block__sliderWrapper swiper-wrapper\">\n                                                                    <div class=\"events-carousel-block__sliderItem swiper-slide\"\n                                        data-id=\"94598\"\n                                        data-name=\"FAME 31\"\n                                        data-brand=\"Fame MMA\"\n                                        data-category=\"sport\"\n                                        data-subcategory=\"sporty-walki\"\n                                        data-city=\"Koszalin\"\n                                        data-venue=\"Hala Widowiskowo-Sportowa w Koszalinie\">\n                                        \n<div class=\"card-event  card-event--size-small\">\n        <a href=\"https:\/\/www.ebilet.pl\/sport\/sporty-walki\/fame-mma\" target=\"_blank\" class=\"card-event__link\" rel=\"nofollow noopener\"><\/a>\n        <div class=\"card-event__wrapper\">\n        <div class=\"card-event__image\">\n            <img decoding=\"async\" src=\"https:\/\/www.ebilet.pl\/media\/cms\/media\/orylmco5\/fame31-cover-ebilet-656x369.webp\" alt=\"\">\n        <\/div>\n        <div class=\"card-event__data\">\n            <div class=\"card-event__name\">\n                <p>FAME 31<\/p>\n            <\/div>\n            <div class=\"card-event__date\"><\/div>\n            <div class=\"card-event__location\">Koszalin<\/div>\n        <\/div>\n    <\/div>\n<\/div>                                    <\/div>\n                                                                    <div class=\"events-carousel-block__sliderItem swiper-slide\"\n                                        data-id=\"161461\"\n                                        data-name=\"Boeing Boeing - Teatr Capitol\"\n                                        data-brand=\"Teatr Capitol\"\n                                        data-category=\"teatr\"\n                                        data-subcategory=\"komedia\"\n                                        data-city=\"Gda\u0144sk, Warszawa\"\n                                        data-venue=\"Teatr Capitol w Warszawie\">\n                                        \n<div class=\"card-event  card-event--size-small\">\n        <a href=\"https:\/\/www.ebilet.pl\/teatr\/komedia\/boeing-boeing-teatr-capitol\" target=\"_blank\" class=\"card-event__link\" rel=\"nofollow noopener\"><\/a>\n        <div class=\"card-event__wrapper\">\n        <div class=\"card-event__image\">\n            <img decoding=\"async\" src=\"https:\/\/www.ebilet.pl\/media\/cms\/media\/4oebxceo\/656x359-popr-20-11.webp\" alt=\"\">\n        <\/div>\n        <div class=\"card-event__data\">\n            <div class=\"card-event__name\">\n                <p>Boeing Boeing &#8211; Teatr Capitol<\/p>\n            <\/div>\n            <div class=\"card-event__date\"><\/div>\n            <div class=\"card-event__location\">Gda\u0144sk, Warszawa<\/div>\n        <\/div>\n    <\/div>\n<\/div>                                    <\/div>\n                                                                    <div class=\"events-carousel-block__sliderItem swiper-slide\"\n                                        data-id=\"13630\"\n                                        data-name=\"M\u0119skie Granie 2026\"\n                                        data-brand=\"LIVE Sp. z o.o.\"\n                                        data-category=\"muzyka\"\n                                        data-subcategory=\"festiwale\"\n                                        data-city=\"Gda\u0144sk, Krak\u00f3w, Pozna\u0144 i inne\"\n                                        data-venue=\"\u017bywiec Amfiteatr pod Grojcem\">\n                                        \n<div class=\"card-event  card-event--size-small\">\n        <a href=\"https:\/\/www.ebilet.pl\/muzyka\/festiwale\/meskie-granie\" target=\"_blank\" class=\"card-event__link\" rel=\"nofollow noopener\"><\/a>\n        <div class=\"card-event__wrapper\">\n        <div class=\"card-event__image\">\n            <img decoding=\"async\" src=\"https:\/\/www.ebilet.pl\/media\/cms\/media\/fl5hhucv\/656x369-11-78db817f-ad60-4332-b49a-e1c7a2e31068.webp\" alt=\"\">\n        <\/div>\n        <div class=\"card-event__data\">\n            <div class=\"card-event__name\">\n                <p>M\u0119skie Granie 2026<\/p>\n            <\/div>\n            <div class=\"card-event__date\"><\/div>\n            <div class=\"card-event__location\">Gda\u0144sk, Krak\u00f3w, Pozna\u0144 i inne<\/div>\n        <\/div>\n    <\/div>\n<\/div>                                    <\/div>\n                                                                    <div class=\"events-carousel-block__sliderItem swiper-slide\"\n                                        data-id=\"38728\"\n                                        data-name=\"Silesia Memoria\u0142 Kamili Skolimowskiej\"\n                                        data-brand=\"Fundacja Kamili Skolimowskiej\"\n                                        data-category=\"sport\"\n                                        data-subcategory=\"lekkoatletyka\"\n                                        data-city=\"Chorz\u00f3w\"\n                                        data-venue=\"Superauto.pl Stadion \u015al\u0105ski\">\n                                        \n<div class=\"card-event  card-event--size-small\">\n        <a href=\"https:\/\/www.ebilet.pl\/sport\/lekkoatletyka\/memorial-kamili-skolimowskiej\" target=\"_blank\" class=\"card-event__link\" rel=\"nofollow noopener\"><\/a>\n        <div class=\"card-event__wrapper\">\n        <div class=\"card-event__image\">\n            <img decoding=\"async\" src=\"https:\/\/www.ebilet.pl\/media\/cms\/media\/szunpuvg\/656x369-2-f821045a-7792-4901-947d-c0affda9f75a.webp\" alt=\"\">\n        <\/div>\n        <div class=\"card-event__data\">\n            <div class=\"card-event__name\">\n                <p>Silesia Memoria\u0142 Kamili Skolimowskiej<\/p>\n            <\/div>\n            <div class=\"card-event__date\"><\/div>\n            <div class=\"card-event__location\">Chorz\u00f3w<\/div>\n        <\/div>\n    <\/div>\n<\/div>                                    <\/div>\n                                                                    <div class=\"events-carousel-block__sliderItem swiper-slide\"\n                                        data-id=\"128680\"\n                                        data-name=\"Sunset Square 2026\"\n                                        data-brand=\"MDT Production\"\n                                        data-category=\"muzyka\"\n                                        data-subcategory=\"festiwale\"\n                                        data-city=\"Gdynia\"\n                                        data-venue=\"Skwer Ko\u015bciuszki\">\n                                        \n<div class=\"card-event  card-event--size-small\">\n        <a href=\"https:\/\/www.ebilet.pl\/muzyka\/festiwale\/sunset-square\" target=\"_blank\" class=\"card-event__link\" rel=\"nofollow noopener\"><\/a>\n        <div class=\"card-event__wrapper\">\n        <div class=\"card-event__image\">\n            <img decoding=\"async\" src=\"https:\/\/www.ebilet.pl\/media\/cms\/media\/idvdsit0\/boris-brejcha-1920x1080-05899710-c9c2-4417-95f9-aad73df94b6c.webp\" alt=\"\">\n        <\/div>\n        <div class=\"card-event__data\">\n            <div class=\"card-event__name\">\n                <p>Sunset Square 2026<\/p>\n            <\/div>\n            <div class=\"card-event__date\"><\/div>\n            <div class=\"card-event__location\">Gdynia<\/div>\n        <\/div>\n    <\/div>\n<\/div>                                    <\/div>\n                                                                    <div class=\"events-carousel-block__sliderItem swiper-slide\"\n                                        data-id=\"10672\"\n                                        data-name=\"Red Bull Drift Masters, Grand Finale 2026, Poland\"\n                                        data-brand=\"Drift Masters Grand Prix Sp. z o.o.\"\n                                        data-category=\"sport\"\n                                        data-subcategory=\"sporty-motorowe\"\n                                        data-city=\"Warszawa\"\n                                        data-venue=\"PGE Narodowy im. Kazimierza G\u00f3rskiego\">\n                                        \n<div class=\"card-event  card-event--size-small\">\n        <a href=\"https:\/\/www.ebilet.pl\/sport\/sporty-motorowe\/drift-masters\" target=\"_blank\" class=\"card-event__link\" rel=\"nofollow noopener\"><\/a>\n        <div class=\"card-event__wrapper\">\n        <div class=\"card-event__image\">\n            <img decoding=\"async\" src=\"https:\/\/www.ebilet.pl\/media\/cms\/media\/ufikt2pp\/656x369-1-3259eaa7-dcbd-4393-a286-5f17e35417c5.webp\" alt=\"\">\n        <\/div>\n        <div class=\"card-event__data\">\n            <div class=\"card-event__name\">\n                <p>Red Bull Drift Masters, Grand Finale 2026, Poland<\/p>\n            <\/div>\n            <div class=\"card-event__date\"><\/div>\n            <div class=\"card-event__location\">Warszawa<\/div>\n        <\/div>\n    <\/div>\n<\/div>                                    <\/div>\n                                                                    <div class=\"events-carousel-block__sliderItem swiper-slide\"\n                                        data-id=\"16543\"\n                                        data-name=\"Rozta\u0144czony PGE Narodowy 2026\"\n                                        data-brand=\"KRYSIAK POLSKA CORPORATION Sp. z o.o.\"\n                                        data-category=\"muzyka\"\n                                        data-subcategory=\"festiwale\"\n                                        data-city=\"Warszawa\"\n                                        data-venue=\"PGE Narodowy im. Kazimierza G\u00f3rskiego\">\n                                        \n<div class=\"card-event  card-event--size-small\">\n        <a href=\"https:\/\/www.ebilet.pl\/muzyka\/festiwale\/roztanczony-narodowy\" target=\"_blank\" class=\"card-event__link\" rel=\"nofollow noopener\"><\/a>\n        <div class=\"card-event__wrapper\">\n        <div class=\"card-event__image\">\n            <img decoding=\"async\" src=\"https:\/\/www.ebilet.pl\/media\/cms\/media\/ih4mtfpw\/newletter_basic.webp\" alt=\"\">\n        <\/div>\n        <div class=\"card-event__data\">\n            <div class=\"card-event__name\">\n                <p>Rozta\u0144czony PGE Narodowy 2026<\/p>\n            <\/div>\n            <div class=\"card-event__date\"><\/div>\n            <div class=\"card-event__location\">Warszawa<\/div>\n        <\/div>\n    <\/div>\n<\/div>                                    <\/div>\n                                                                    <div class=\"events-carousel-block__sliderItem swiper-slide\"\n                                        data-id=\"67208\"\n                                        data-name=\"Speedland Festival 2026\"\n                                        data-brand=\"Adrenaline Promotion Rafa\u0142 Haznar\"\n                                        data-category=\"sport\"\n                                        data-subcategory=\"sporty-motorowe\"\n                                        data-city=\"Krosno\"\n                                        data-venue=\"Lotnisko Krosno\">\n                                        \n<div class=\"card-event  card-event--size-small\">\n        <a href=\"https:\/\/www.ebilet.pl\/sport\/sporty-motorowe\/speedland\" target=\"_blank\" class=\"card-event__link\" rel=\"nofollow noopener\"><\/a>\n        <div class=\"card-event__wrapper\">\n        <div class=\"card-event__image\">\n            <img decoding=\"async\" src=\"https:\/\/www.ebilet.pl\/media\/cms\/media\/zeglylyt\/656x369-9-9b5a2769-5165-4a65-b574-8cb05086e41d.webp\" alt=\"\">\n        <\/div>\n        <div class=\"card-event__data\">\n            <div class=\"card-event__name\">\n                <p>Speedland Festival 2026<\/p>\n            <\/div>\n            <div class=\"card-event__date\"><\/div>\n            <div class=\"card-event__location\">Krosno<\/div>\n        <\/div>\n    <\/div>\n<\/div>                                    <\/div>\n                                                                    <div class=\"events-carousel-block__sliderItem swiper-slide\"\n                                        data-id=\"129853\"\n                                        data-name=\"Beksi\u0144ski.Live\"\n                                        data-brand=\"L2L Sp z o.o.\"\n                                        data-category=\"widowiska\"\n                                        data-subcategory=\"inne\"\n                                        data-city=\"Warszawa, Wroc\u0142aw\"\n                                        data-venue=\"Hala COS Torwar \">\n                                        \n<div class=\"card-event  card-event--size-small\">\n        <a href=\"https:\/\/www.ebilet.pl\/widowiska\/inne\/beksinski-live\" target=\"_blank\" class=\"card-event__link\" rel=\"nofollow noopener\"><\/a>\n        <div class=\"card-event__wrapper\">\n        <div class=\"card-event__image\">\n            <img decoding=\"async\" src=\"https:\/\/www.ebilet.pl\/media\/cms\/media\/y2nprogb\/656x369-2026-04-27t161826313.webp\" alt=\"\">\n        <\/div>\n        <div class=\"card-event__data\">\n            <div class=\"card-event__name\">\n                <p>Beksi\u0144ski.Live<\/p>\n            <\/div>\n            <div class=\"card-event__date\"><\/div>\n            <div class=\"card-event__location\">Warszawa, Wroc\u0142aw<\/div>\n        <\/div>\n    <\/div>\n<\/div>                                    <\/div>\n                                                                    <div class=\"events-carousel-block__sliderItem swiper-slide\"\n                                        data-id=\"144549\"\n                                        data-name=\"Zwiedzanie ZOO Warszawa\"\n                                        data-brand=\"Miasto Sto\u0142eczne Warszawa\"\n                                        data-category=\"zwiedzanie\"\n                                        data-subcategory=\"zoo\"\n                                        data-city=\"Warszawa\"\n                                        data-venue=\"\">\n                                        \n<div class=\"card-event  card-event--size-small\">\n        <a href=\"https:\/\/www.ebilet.pl\/zwiedzanie\/zoo\/zwiedzanie-zoo-warszawa\" target=\"_blank\" class=\"card-event__link\" rel=\"nofollow noopener\"><\/a>\n        <div class=\"card-event__wrapper\">\n        <div class=\"card-event__image\">\n            <img decoding=\"async\" src=\"https:\/\/www.ebilet.pl\/media\/cms\/media\/vxxcxvae\/04_bilet-domowy_656x369-05e8639e-58dc-445e-95ca-14f25e17b4f3.webp\" alt=\"\">\n        <\/div>\n        <div class=\"card-event__data\">\n            <div class=\"card-event__name\">\n                <p>Zwiedzanie ZOO Warszawa<\/p>\n            <\/div>\n            <div class=\"card-event__date\"><\/div>\n            <div class=\"card-event__location\">Warszawa<\/div>\n        <\/div>\n    <\/div>\n<\/div>                                    <\/div>\n                                                                    <div class=\"events-carousel-block__sliderItem swiper-slide\"\n                                        data-id=\"125950\"\n                                        data-name=\"Zwiedzanie ZOO Wroc\u0142aw\"\n                                        data-brand=\"ZOO Wroc\u0142aw\"\n                                        data-category=\"zwiedzanie\"\n                                        data-subcategory=\"zoo\"\n                                        data-city=\"Wroc\u0142aw\"\n                                        data-venue=\"ZOO we Wroc\u0142awiu\">\n                                        \n<div class=\"card-event  card-event--size-small\">\n        <a href=\"https:\/\/www.ebilet.pl\/zwiedzanie\/zoo\/zwiedzanie-zoo-wroclaw\" target=\"_blank\" class=\"card-event__link\" rel=\"nofollow noopener\"><\/a>\n        <div class=\"card-event__wrapper\">\n        <div class=\"card-event__image\">\n            <img decoding=\"async\" src=\"https:\/\/www.ebilet.pl\/media\/cms\/media\/wpzfsqii\/01_zoo_ebilet_656x369px-8e081b48-ed80-10b3-4ede-a1fdb0e8bde2.webp\" alt=\"\">\n        <\/div>\n        <div class=\"card-event__data\">\n            <div class=\"card-event__name\">\n                <p>Zwiedzanie ZOO Wroc\u0142aw<\/p>\n            <\/div>\n            <div class=\"card-event__date\"><\/div>\n            <div class=\"card-event__location\">Wroc\u0142aw<\/div>\n        <\/div>\n    <\/div>\n<\/div>                                    <\/div>\n                                                                    <div class=\"events-carousel-block__sliderItem swiper-slide\"\n                                        data-id=\"11852\"\n                                        data-name=\"2026 BOLL FIM Speedway World Cup - Warsaw\"\n                                        data-brand=\"Polski Zwi\u0105zek Motorowy\"\n                                        data-category=\"sport\"\n                                        data-subcategory=\"sporty-motorowe\"\n                                        data-city=\"Warszawa\"\n                                        data-venue=\"PGE Narodowy im. Kazimierza G\u00f3rskiego\">\n                                        \n<div class=\"card-event  card-event--size-small\">\n        <a href=\"https:\/\/www.ebilet.pl\/sport\/sporty-motorowe\/speedway\" target=\"_blank\" class=\"card-event__link\" rel=\"nofollow noopener\"><\/a>\n        <div class=\"card-event__wrapper\">\n        <div class=\"card-event__image\">\n            <img decoding=\"async\" src=\"https:\/\/www.ebilet.pl\/media\/cms\/media\/4ycnrk3v\/656x369-8-90146097-b4e8-4d2d-a798-f357aa3d16a2.webp\" alt=\"\">\n        <\/div>\n        <div class=\"card-event__data\">\n            <div class=\"card-event__name\">\n                <p>2026 BOLL FIM Speedway World Cup &#8211; Warsaw<\/p>\n            <\/div>\n            <div class=\"card-event__date\"><\/div>\n            <div class=\"card-event__location\">Warszawa<\/div>\n        <\/div>\n    <\/div>\n<\/div>                                    <\/div>\n                                                                    <div class=\"events-carousel-block__sliderItem swiper-slide\"\n                                        data-id=\"49432\"\n                                        data-name=\"Wroc\u0142aw Hip Hop Festival 2026\"\n                                        data-brand=\"Stowarzyszenie Planeta M\u0142odych\"\n                                        data-category=\"muzyka\"\n                                        data-subcategory=\"festiwale\"\n                                        data-city=\"Wroc\u0142aw\"\n                                        data-venue=\"Hala Stulecia\">\n                                        \n<div class=\"card-event  card-event--size-small\">\n        <a href=\"https:\/\/www.ebilet.pl\/muzyka\/festiwale\/wroclaw-hip-hop-festival\" target=\"_blank\" class=\"card-event__link\" rel=\"nofollow noopener\"><\/a>\n        <div class=\"card-event__wrapper\">\n        <div class=\"card-event__image\">\n            <img decoding=\"async\" src=\"https:\/\/www.ebilet.pl\/media\/cms\/media\/lvzja1iu\/0423-whhf-ebilet_04-34833b89-9f8c-4789-ab22-478b4f7f80f5.webp\" alt=\"\">\n        <\/div>\n        <div class=\"card-event__data\">\n            <div class=\"card-event__name\">\n                <p>Wroc\u0142aw Hip Hop Festival 2026<\/p>\n            <\/div>\n            <div class=\"card-event__date\"><\/div>\n            <div class=\"card-event__location\">Wroc\u0142aw<\/div>\n        <\/div>\n    <\/div>\n<\/div>                                    <\/div>\n                                                                    <div class=\"events-carousel-block__sliderItem swiper-slide\"\n                                        data-id=\"7104\"\n                                        data-name=\"Open&#039;er Festival 2026\"\n                                        data-brand=\"Alter Art\"\n                                        data-category=\"muzyka\"\n                                        data-subcategory=\"festiwale\"\n                                        data-city=\"Gdynia\"\n                                        data-venue=\"Lotnisko Gdynia - Kosakowo\">\n                                        \n<div class=\"card-event  card-event--size-small\">\n        <a href=\"https:\/\/www.ebilet.pl\/muzyka\/festiwale\/opener-festival\" target=\"_blank\" class=\"card-event__link\" rel=\"nofollow noopener\"><\/a>\n        <div class=\"card-event__wrapper\">\n        <div class=\"card-event__image\">\n            <img decoding=\"async\" src=\"https:\/\/www.ebilet.pl\/media\/cms\/media\/vr5l21om\/opener2026_ebilet_656x369-ee020a0f-2f31-4138-b4b2-04308c95f9f7.webp\" alt=\"\">\n        <\/div>\n        <div class=\"card-event__data\">\n            <div class=\"card-event__name\">\n                <p>Open&#8217;er Festival 2026<\/p>\n            <\/div>\n            <div class=\"card-event__date\"><\/div>\n            <div class=\"card-event__location\">Gdynia<\/div>\n        <\/div>\n    <\/div>\n<\/div>                                    <\/div>\n                                                                    <div class=\"events-carousel-block__sliderItem swiper-slide\"\n                                        data-id=\"54019\"\n                                        data-name=\"Kayah &amp; Bregovi\u0107 - Huczne Poprawiny 2026\"\n                                        data-brand=\"Charm Music\"\n                                        data-category=\"muzyka\"\n                                        data-subcategory=\"pop\"\n                                        data-city=\"Kielce, Koszalin, Opole i inne\"\n                                        data-venue=\"Narodowe Centrum Polskiej Piosenki\">\n                                        \n<div class=\"card-event  card-event--size-small\">\n        <a href=\"https:\/\/www.ebilet.pl\/muzyka\/pop\/kayah-bregovic\" target=\"_blank\" class=\"card-event__link\" rel=\"nofollow noopener\"><\/a>\n        <div class=\"card-event__wrapper\">\n        <div class=\"card-event__image\">\n            <img decoding=\"async\" src=\"https:\/\/www.ebilet.pl\/media\/cms\/media\/3xjarhe1\/656x369.webp\" alt=\"\">\n        <\/div>\n        <div class=\"card-event__data\">\n            <div class=\"card-event__name\">\n                <p>Kayah &#038; Bregovi\u0107 &#8211; Huczne Poprawiny 2026<\/p>\n            <\/div>\n            <div class=\"card-event__date\"><\/div>\n            <div class=\"card-event__location\">Kielce, Koszalin, Opole i inne<\/div>\n        <\/div>\n    <\/div>\n<\/div>                                    <\/div>\n                                                            <\/div>\n                        <\/div>\n                    <\/div>\n                    <div class=\"events-carousel-block__pagination\">\n                        <div class=\"swiper-pagination slider-pagination\" data-events-carousel-pagination><\/div>\n                    <\/div>\n                <\/div>\n            <\/div>\n        <\/div>\n    <\/section>\n\n\n\n<section class=\"text-block  section-margin-32\" >\n    <div class=\"container\">\n        <div class=\"row\">\n            <div class=\"col-24\">\n                <div class=\"text-block__content\"><h2><strong>Muzeum Miedzi w Legnicy<\/strong><\/h2>\n<p><span style=\"font-weight: 400;\">Muzeum Miedzi sk\u0142ada si\u0119 z kilku budynk\u00f3w.<\/span><b> Jego siedzib\u0105 g\u0142\u00f3wn\u0105 jest barokowy budynek dawnej kurii opat\u00f3w z Lubi\u0105\u017ca. <\/b><span style=\"font-weight: 400;\">Zosta\u0142 on wybudowany w 1728 roku. Zobaczysz w nim wystaw\u0119 \u201cMied\u017a. Dzieje szlachetnego metalu\u201d. Wystawa jest zwi\u0105zana z wydobyciem, przer\u00f3bk\u0105, a tak\u017ce zastosowaniem miedzi, polskim z\u0142otnictwem wsp\u00f3\u0142czesnym oraz histori\u0105 Legnicy.<\/span><\/p>\n<p><b>Drugim Budynkiem jest akademia Rycerska w Legnicy, <\/b><span style=\"font-weight: 400;\">w kt\u00f3rej zobaczysz wystaw\u0119 \u201cAkademia Rycerska w Legnicy. Dzieje gmachu i instytucji\u201d oraz liczne wystawy czasowe, ale to na jakie trafisz, zale\u017cy od tego, kiedy si\u0119 tam wybierzesz.<\/span><\/p>\n<p><span style=\"font-weight: 400;\">Kolejnym obiektem jest <\/span><b>Pawilon z Reliktami Kaplicy Roma\u0144skiej.<\/b><span style=\"font-weight: 400;\"> Podczas bada\u0144 archeologicznych w latach 60. ods\u0142oni\u0119to relikty owej kaplicy i dzi\u0119ki temu mo\u017cna by\u0142o odtworzy\u0107 jej form\u0119 oraz wystr\u00f3j architektoniczny. Pierwsza wzmianka o niej pochodzi ju\u017c z roku 1149, a dok\u0142adne miejsce jej po\u0142o\u017cenia do dzi\u015b nie jest znane. Najprawdopodobniej znajdowa\u0142a si\u0119 ona na terenie grodu kasztela\u0144skiego, poniewa\u017c znajduje si\u0119 tam cmentarzysko szkieletowe. Dopiero w 1318 roku zosta\u0142a ona okre\u015blona jako Kaplica Zamkowa. Zosta\u0142a zburzona w 1621 roku, a dzi\u015b to, co z niej zosta\u0142o, jest udost\u0119pnione do zwiedzania.<\/span><\/p>\n<p><b>Czeka na ciebie jeszcze Zamek Piastowski, czyli jedna z najwa\u017cniejszych budowli Legnicy. <\/b><span style=\"font-weight: 400;\">Przez ponad 750 lat by\u0142a ona symbolem i zarazem siedzib\u0105 w\u0142adzy terytorialnej. Powsta\u0142a ona oko\u0142o 1190 roku, po tym jak zlikwidowano wcze\u015bniejszy drewniano-ziemny zesp\u00f3\u0142 grodowy, a na jego miejscu wzniesiono budowle ceglane. Po wojnie mi\u0119dzy Prusami a Austri\u0105 zwyci\u0119ski kr\u00f3l Fryderyk II postanowi\u0142 rozebra\u0107 fortyfikacje zamkowe, a p\u00f3\u017aniej tak\u017ce zasypa\u0107 fos\u0119 i zlikwidowa\u0107 most prowadz\u0105cy do zamku. Do dzi\u015b jednak zosta\u0142y niekt\u00f3re oryginalne elementy, takie jak chocia\u017cby wspania\u0142a brama Zamkowa czy P\u00f3\u0142nocna \u015bciana palatium. <\/span><b>Dzi\u015b za to w zamku mieszcz\u0105 si\u0119 instytucje O\u015bwiatowe, takie jak Dolno\u015bl\u0105skie Centrum Kszta\u0142cenia Ustawicznego i J\u0119zykowego Kadr w Legnicy, a tak\u017ce Zesp\u00f3\u0142 Szk\u00f3\u0142 Muzycznych w Legnicy.<\/b><\/p>\n<p><span style=\"font-weight: 400;\">To jeszcze nie wszystko. Do muzeum nale\u017cy tak\u017ce<\/span><b> Mauzoleum Piast\u00f3w w Ko\u015bciele \u015bw. Jana Chrzciciela w Legnicy,<\/b><span style=\"font-weight: 400;\"> kt\u00f3re powsta\u0142o w XVII wieku i by\u0142o pierwsz\u0105 na \u015al\u0105sku barokow\u0105 kaplic\u0105 grobow\u0105.<\/span><span style=\"font-weight: 400;\">[2]<\/span><\/p>\n<h2><strong>Rynek w Legnicy<\/strong><\/h2>\n<p><span style=\"font-weight: 400;\">Wspomnieli\u015bmy ju\u017c nieco o tym, co znajduje si\u0119 na rynku w Legnicy, ale po\u015bwi\u0119\u0107my mu jeszcze chwil\u0119. Jego najwi\u0119ksz\u0105 ozdob\u0105 s\u0105 kamienice \u015bledziowe, czyli 8 renesansowych kamieniczek. Jest tam tak\u017ce barokowy Stary Ratusz 1740 roku, kula z br\u0105zu z panoram\u0105 XVIII-wiecznej Legnicy (niedaleko fontanny syrenki), a tak\u017ce Teatr im. Heleny Modrzejewskiej.<\/span><\/p>\n<h3><strong>Teatr im. Heleny Modrzejewskiej w Legnicy<\/strong><\/h3>\n<p><span style=\"font-weight: 400;\">Historia teatru im. Heleny Modrzejewskiej w Legnicy si\u0119ga a\u017c XVI wieku. Jednak znany dzisiaj renesansowy budynek powsta\u0142 dopiero w XIX wieku, a jego projektantem by\u0142 Carl Ferdynand Langhans M\u0142odszy. Misj\u0105 teatru jest przedstawianie \u201cprawdziwych historii w prawdziwych miejscach\u201d. Przy okazji pobytu w Legnicy warto wybra\u0107 si\u0119 cho\u0107 na jeden spektakl w tym s\u0142ynnym teatrze.<\/span><\/p>\n<h2><strong>K\u0105pielisko \u201cKormoran\u201d<\/strong><\/h2>\n<p><span style=\"font-weight: 400;\">Znajduje si\u0119 ono nad sztucznym zalewem, kt\u00f3ry powsta\u0142 na jednej z odn\u00f3g Czarnej Wody.\u00a0 W\u0142a\u015bcicielem jest OSiR, kt\u00f3ry sk\u0142ada si\u0119 z wielu obiekt\u00f3w:<\/span><\/p>\n<ul>\n<li style=\"font-weight: 400;\" aria-level=\"1\"><span style=\"font-weight: 400;\">\u00a0Basenu Delfinek,<\/span><\/li>\n<li style=\"font-weight: 400;\" aria-level=\"1\"><span style=\"font-weight: 400;\">\u00a0Basenu B\u0105belek,<\/span><\/li>\n<li style=\"font-weight: 400;\" aria-level=\"1\"><span style=\"font-weight: 400;\">\u00a0kort\u00f3w tenisowych,<\/span><\/li>\n<li style=\"font-weight: 400;\" aria-level=\"1\"><span style=\"font-weight: 400;\">\u00a0hali widowiskowo-sportowej,<\/span><\/li>\n<li style=\"font-weight: 400;\" aria-level=\"1\"><span style=\"font-weight: 400;\">\u00a0hal sportowych,<\/span><\/li>\n<li style=\"font-weight: 400;\" aria-level=\"1\"><span style=\"font-weight: 400;\">\u00a0si\u0142owni kulturystycznej,<\/span><\/li>\n<li style=\"font-weight: 400;\" aria-level=\"1\"><span style=\"font-weight: 400;\">\u00a0stadionu miejskiego,<\/span><\/li>\n<li style=\"font-weight: 400;\" aria-level=\"1\"><span style=\"font-weight: 400;\">\u00a0wielofunkcyjnych boisk sportowych,<\/span><\/li>\n<li style=\"font-weight: 400;\" aria-level=\"1\"><span style=\"font-weight: 400;\">\u00a0skateparku,<\/span><\/li>\n<li style=\"font-weight: 400;\" aria-level=\"1\"><span style=\"font-weight: 400;\">\u00a0k\u0105pieliska,<\/span><\/li>\n<li style=\"font-weight: 400;\" aria-level=\"1\"><span style=\"font-weight: 400;\">\u00a0rowerowego placu zabaw.<\/span><\/li>\n<\/ul>\n<p><span style=\"font-weight: 400;\">Samo k\u0105pielisko po\u0142o\u017cone jest nad zbiornikiem wodnym w otoczeniu du\u017cej ilo\u015bci zieleni. Znajdziesz tam piaszczyst\u0105 pla\u017c\u0119, brodzik dla dzieci, wypo\u017cyczalni\u0119 sprz\u0119tu p\u0142ywaj\u0105cego, a tak\u017ce kawiarenk\u0119, boisko do pi\u0142ki pla\u017cowej i siatk\u00f3wki. Mo\u017cesz wypo\u017cyczy\u0107 le\u017cak lub kajak.<\/span><\/p>\n<h2><strong>Muzeum Bitwy Legnickiej w Legnickim Polu<\/strong><\/h2>\n<p><b>Muzeum Bitwy Legnickiej w Legnickim Polu to muzeum monograficzne, kt\u00f3re upami\u0119tnia jedno z najwa\u017cniejszych wydarze\u0144 w dziejach \u015bredniowiecznego \u015al\u0105ska.<\/b><span style=\"font-weight: 400;\"> W XIII wieku ziemie polskie najechali Mongo\u0142owie, a nied\u0142ugo p\u00f3\u017aniej odby\u0142a si\u0119 bitwa Legnicka, kt\u00f3ra sko\u0144czy\u0142a si\u0119 pora\u017ck\u0105 si\u0142\u0105 ksi\u0105\u017c\u0119cych i \u015bmierci\u0105 Henryka II Pobo\u017cnego.\u00a0 Muzeum ma swoj\u0105 siedzib\u0119 w najstarszej zachowanej \u015bwi\u0105tyni Legnickiego Pola (czyli w pobenedykty\u0144skim Ko\u015bciele pw. Tr\u00f3jcy \u015awi\u0119tej i Naj\u015bwi\u0119tszej Maryi Panny, kt\u00f3ry zosta\u0142 wzniesione w XIV wieku). Niekt\u00f3rzy uwa\u017caj\u0105, \u017ce \u015bwi\u0105tynia zosta\u0142a wzniesiona w tym miejscu, w kt\u00f3rym odnaleziono zw\u0142oki ksi\u0119cia Henryka II Pobo\u017cnego.<\/span><\/p>\n<p><span style=\"font-weight: 400;\">Po II wojnie \u015bwiatowej \u015bwi\u0105tynia zacz\u0119\u0142a niszcze\u0107, a w 1960 roku zabytkowy obiekt odremontowano i stworzono w nim muzeum. Otwarto je ju\u017c w 1961 roku, a autorem scenariusza pierwszej wystawy sta\u0142ej by\u0142 J\u00f3zef Pi\u0105tek z Muzeum \u015al\u0105skiego (obecnie Narodowego we Wroc\u0142awiu). Od 1972 roku Muzeum Bitwy Legnickiej jest pododdzia\u0142em Muzeum Miedzi w Legnicy. Od samego pocz\u0105tku istnienia przy\u015bwieca mu cel, jakim jest popularyzacja wiedzy na temat wydarze\u0144 z 1241 roku, a tak\u017ce kultywacja pami\u0119ci o bitwie pod Legnic\u0105 oraz poleg\u0142ym w niej ksi\u0119ciu Henryku II Pobo\u017cnym.<\/span><\/p>\n<p>&nbsp;<\/p>\n<p><span style=\"font-weight: 400;\">Jak widzisz Legnica ma wiele do zaoferowania. Kiedy wpadniesz tam na d\u0142u\u017cej?<\/span><\/p>\n<p>&nbsp;<\/p>\n<p><span style=\"font-weight: 400;\">Przypisy:<\/span><\/p>\n<p><span style=\"font-weight: 400;\">[1] <\/span><a href=\"http:\/\/www.polskaniezwykla.pl\/web\/place\/25671,legnica-barokowe-fontanny.html\" rel=\"nofollow noopener\" target=\"_blank\"><span style=\"font-weight: 400;\">http:\/\/www.polskaniezwykla.pl\/web\/place\/25671,legnica-barokowe-fontanny.html<\/span><\/a><span style=\"font-weight: 400;\"> (dost\u0119p z dnia 21.06.2024)<\/span><\/p>\n<p><span style=\"font-weight: 400;\">[2] <\/span><a href=\"https:\/\/www.muzeum-miedzi.art.pl\/\" rel=\"nofollow noopener\" target=\"_blank\"><span style=\"font-weight: 400;\">https:\/\/www.muzeum-miedzi.art.pl\/<\/span><\/a><span style=\"font-weight: 400;\"> (dost\u0119p z dnia 21.06.2024)<\/span><\/p>\n<p><span style=\"font-weight: 400;\">[3] <\/span><a href=\"https:\/\/www.teatr.legnica.pl\/teatr\/historia\" rel=\"nofollow noopener\" target=\"_blank\"><span style=\"font-weight: 400;\">https:\/\/www.teatr.legnica.pl\/teatr\/historia<\/span><\/a><span style=\"font-weight: 400;\"> (dost\u0119p z dnia 21.06.2024)<\/span><\/p>\n<\/div>\n            <\/div>\n        <\/div>\n    <\/div>\n<\/section>\n\n\n<section class=\"events-slider-block  section-margin-32\" data-events-slider-block data-carousel-title=\"Nowo\u015bci na eBilet\" data-carousel-type=\"karuzela_z_t\u0142em\" data-item-list-name=\"Karuzela z t\u0142em Nowo\u015bci na eBilet\" data-item-list-id=\"karuzela_z_t\u0142em Nowo\u015bci na eBilet\" >\n    <div class=\"container\">\n        <div class=\"row\">\n            <div class=\"col-24\">\n                <div class=\"events-slider-block__wrapper\">\n                                            <div class=\"events-slider-block__bg\"><img loading=\"lazy\" decoding=\"async\" width=\"1920\" height=\"1080\" src=\"https:\/\/www.ebilet.pl\/now\/app\/uploads\/2024\/04\/shutterstock_1308510637.jpg\" class=\"attachment-full size-full\" alt=\"Fot.\" srcset=\"https:\/\/www.ebilet.pl\/now\/app\/uploads\/2024\/04\/shutterstock_1308510637.jpg 1920w, https:\/\/www.ebilet.pl\/now\/app\/uploads\/2024\/04\/shutterstock_1308510637-1024x576.jpg 1024w, https:\/\/www.ebilet.pl\/now\/app\/uploads\/2024\/04\/shutterstock_1308510637-1536x864.jpg 1536w, https:\/\/www.ebilet.pl\/now\/app\/uploads\/2024\/04\/shutterstock_1308510637-1280x720.jpg 1280w, https:\/\/www.ebilet.pl\/now\/app\/uploads\/2024\/04\/shutterstock_1308510637-500x281.jpg 500w, https:\/\/www.ebilet.pl\/now\/app\/uploads\/2024\/04\/shutterstock_1308510637-632x356.jpg 632w, https:\/\/www.ebilet.pl\/now\/app\/uploads\/2024\/04\/shutterstock_1308510637-308x174.jpg 308w\" sizes=\"(max-width: 1920px) 100vw, 1920px\" \/><\/div>\n                                                                <div class=\"events-slider-block__top\">\n                                                            <div class=\"events-slider-block__title desktop\">\n                                    <h2 class=\"typo-h2\">Nowo\u015bci na eBilet<\/h2>\n                                <\/div>\n                                                                                        <div class=\"events-slider-block__title mobile\">\n                                    <h2 class=\"typo-h2\">Nowo\u015bci na eBilet<\/h2>\n                                <\/div>\n                                                    <\/div>\n                                                                <div class=\"events-slider-block__main\">\n                            <div class=\"events-slider-block__nav events-slider-block__nav--prev\">\n                                <div class=\"button button--withIcon button--theme-white-blur button--size-fixed-48\" data-events-prev>\n                                    <span class=\"button__icon icon icon-chevron-left\"><\/span>\n                                <\/div>\n                            <\/div>\n                            <div class=\"events-slider-block__nav events-slider-block__nav--next\">\n                                <div class=\"button button--withIcon button--theme-white-blur button--size-fixed-48\" data-events-next>\n                                    <span class=\"button__icon icon icon-chevron-right\"><\/span>\n                                <\/div>\n                            <\/div>\n                            <div class=\"events-slider-block__slider\">\n                                <div class=\"swiper\" data-events-slider>\n                                    <div class=\"events-slider-block__sliderWrapper swiper-wrapper\">\n\n                                        \n                                            <div class=\"events-slider-block__sliderItem swiper-slide event-card\"\n                                                data-id=\"206178\"\n                                                data-name=\"The Ruins of Beverast\"\n                                                data-brand=\"Winiary Bookings sp. z o. o.\"\n                                                data-category=\"muzyka\"\n                                                data-subcategory=\"hard-heavy\"\n                                                data-city=\"Krak\u00f3w, Warszawa\"\n                                                data-venue=\"Klub Hydrozagadka\">\n                                                \n<div class=\"card-event  card-event--size-small\">\n        <a href=\"https:\/\/www.ebilet.pl\/muzyka\/hard-heavy\/the-ruins-of-beverast\" target=\"_blank\" class=\"card-event__link\" rel=\"nofollow noopener\"><\/a>\n        <div class=\"card-event__wrapper\">\n        <div class=\"card-event__image\">\n            <img decoding=\"async\" src=\"https:\/\/www.ebilet.pl\/media\/cms\/media\/bexbjekl\/the-ruins-of-beverast-ebilet-strona-wydarzenia-pion-wsp_lne-ffb70e5e-c7d5-4b2f-9cf2-7a92d2ee3004.webp\" alt=\"\">\n        <\/div>\n        <div class=\"card-event__data\">\n            <div class=\"card-event__name\">\n                <p>The Ruins of Beverast<\/p>\n            <\/div>\n            <div class=\"card-event__date\">23.11.2026-23.11.2026<\/div>\n            <div class=\"card-event__location\">Krak\u00f3w, Warszawa<\/div>\n        <\/div>\n    <\/div>\n<\/div>                                            <\/div>\n                                        \n                                            <div class=\"events-slider-block__sliderItem swiper-slide event-card\"\n                                                data-id=\"206067\"\n                                                data-name=\"Geordie Greep\"\n                                                data-brand=\"Winiary Bookings sp. z o. o.\"\n                                                data-category=\"muzyka\"\n                                                data-subcategory=\"rock\"\n                                                data-city=\"Krak\u00f3w, Warszawa\"\n                                                data-venue=\"Klub Za\u015bcianek\">\n                                                \n<div class=\"card-event  card-event--size-small\">\n        <a href=\"https:\/\/www.ebilet.pl\/muzyka\/rock\/geordie-greep\" target=\"_blank\" class=\"card-event__link\" rel=\"nofollow noopener\"><\/a>\n        <div class=\"card-event__wrapper\">\n        <div class=\"card-event__image\">\n            <img decoding=\"async\" src=\"https:\/\/www.ebilet.pl\/media\/cms\/media\/p4ndv02s\/geordie-greep-ebilet-strona-wydarzenia-pion-wspo-lne-8309f991-cf87-4f6f-9369-5198e21d4fd3.webp\" alt=\"\">\n        <\/div>\n        <div class=\"card-event__data\">\n            <div class=\"card-event__name\">\n                <p>Geordie Greep<\/p>\n            <\/div>\n            <div class=\"card-event__date\">04.07.2026-04.07.2026<\/div>\n            <div class=\"card-event__location\">Krak\u00f3w, Warszawa<\/div>\n        <\/div>\n    <\/div>\n<\/div>                                            <\/div>\n                                        \n                                            <div class=\"events-slider-block__sliderItem swiper-slide event-card\"\n                                                data-id=\"205773\"\n                                                data-name=\"Bayonne\"\n                                                data-brand=\"Winiary Bookings sp. z o. o.\"\n                                                data-category=\"muzyka\"\n                                                data-subcategory=\"elektro-techno\"\n                                                data-city=\"Warszawa\"\n                                                data-venue=\"BARdzo, bardzo\">\n                                                \n<div class=\"card-event  card-event--size-small\">\n        <a href=\"https:\/\/www.ebilet.pl\/muzyka\/elektro-techno\/bayonne\" target=\"_blank\" class=\"card-event__link\" rel=\"nofollow noopener\"><\/a>\n        <div class=\"card-event__wrapper\">\n        <div class=\"card-event__image\">\n            <img decoding=\"async\" src=\"https:\/\/www.ebilet.pl\/media\/cms\/media\/45vpyfsg\/bayonne-ebilet-strona-wydarzenia-pion-warszawa.webp\" alt=\"\">\n        <\/div>\n        <div class=\"card-event__data\">\n            <div class=\"card-event__name\">\n                <p>Bayonne<\/p>\n            <\/div>\n            <div class=\"card-event__date\">12.09.2026-12.09.2026<\/div>\n            <div class=\"card-event__location\">Warszawa<\/div>\n        <\/div>\n    <\/div>\n<\/div>                                            <\/div>\n                                        \n                                            <div class=\"events-slider-block__sliderItem swiper-slide event-card\"\n                                                data-id=\"12967\"\n                                                data-name=\"Phil Campbell&#039;s Bastard Sons\"\n                                                data-brand=\"Winiary Bookings sp. z o. o.\"\n                                                data-category=\"muzyka\"\n                                                data-subcategory=\"rock\"\n                                                data-city=\"\u0141\u00f3d\u017a, Lublin\"\n                                                data-venue=\"Klub Scenografia\">\n                                                \n<div class=\"card-event  card-event--size-small\">\n        <a href=\"https:\/\/www.ebilet.pl\/muzyka\/rock\/phil-campbell\" target=\"_blank\" class=\"card-event__link\" rel=\"nofollow noopener\"><\/a>\n        <div class=\"card-event__wrapper\">\n        <div class=\"card-event__image\">\n            <img decoding=\"async\" src=\"https:\/\/www.ebilet.pl\/media\/cms\/media\/xgxnfkun\/pc-bastard-sons-ebilet-strona-wydarzenia-pion-wspo-lne-0a66eab9-4dc0-4cbe-9a64-e83f89663721.webp\" alt=\"\">\n        <\/div>\n        <div class=\"card-event__data\">\n            <div class=\"card-event__name\">\n                <p>Phil Campbell&#8217;s Bastard Sons<\/p>\n            <\/div>\n            <div class=\"card-event__date\">27.07.2026-27.07.2026<\/div>\n            <div class=\"card-event__location\">\u0141\u00f3d\u017a, Lublin<\/div>\n        <\/div>\n    <\/div>\n<\/div>                                            <\/div>\n                                        \n                                            <div class=\"events-slider-block__sliderItem swiper-slide event-card\"\n                                                data-id=\"206101\"\n                                                data-name=\"Heretoir\"\n                                                data-brand=\"Winiary Bookings sp. z o. o.\"\n                                                data-category=\"muzyka\"\n                                                data-subcategory=\"hard-heavy\"\n                                                data-city=\"Wroc\u0142aw\"\n                                                data-venue=\"Klub \u0141\u0105cznik\">\n                                                \n<div class=\"card-event  card-event--size-small\">\n        <a href=\"https:\/\/www.ebilet.pl\/muzyka\/hard-heavy\/heretoir\" target=\"_blank\" class=\"card-event__link\" rel=\"nofollow noopener\"><\/a>\n        <div class=\"card-event__wrapper\">\n        <div class=\"card-event__image\">\n            <img decoding=\"async\" src=\"https:\/\/www.ebilet.pl\/media\/cms\/media\/zq0bypho\/heretoir-ebilet-strona-wydarzenia-pion-wroc_aw-8b4bb5db-c468-4b88-9a99-45522d4b39e4.webp\" alt=\"\">\n        <\/div>\n        <div class=\"card-event__data\">\n            <div class=\"card-event__name\">\n                <p>Heretoir<\/p>\n            <\/div>\n            <div class=\"card-event__date\">19.10.2026-19.10.2026<\/div>\n            <div class=\"card-event__location\">Wroc\u0142aw<\/div>\n        <\/div>\n    <\/div>\n<\/div>                                            <\/div>\n                                        \n                                            <div class=\"events-slider-block__sliderItem swiper-slide event-card\"\n                                                data-id=\"35261\"\n                                                data-name=\"Parov Stelar\"\n                                                data-brand=\"Etso8\"\n                                                data-category=\"muzyka\"\n                                                data-subcategory=\"elektro-techno\"\n                                                data-city=\"Warszawa\"\n                                                data-venue=\"Letnia Scena Progresji\">\n                                                \n<div class=\"card-event  card-event--size-small\">\n        <a href=\"https:\/\/www.ebilet.pl\/muzyka\/elektro-techno\/parov-stelar\" target=\"_blank\" class=\"card-event__link\" rel=\"nofollow noopener\"><\/a>\n        <div class=\"card-event__wrapper\">\n        <div class=\"card-event__image\">\n            <img decoding=\"async\" src=\"https:\/\/www.ebilet.pl\/media\/cms\/media\/ushbipmb\/552x736.webp\" alt=\"\">\n        <\/div>\n        <div class=\"card-event__data\">\n            <div class=\"card-event__name\">\n                <p>Parov Stelar<\/p>\n            <\/div>\n            <div class=\"card-event__date\">25.07.2026-25.07.2026<\/div>\n            <div class=\"card-event__location\">Warszawa<\/div>\n        <\/div>\n    <\/div>\n<\/div>                                            <\/div>\n                                        \n                                            <div class=\"events-slider-block__sliderItem swiper-slide event-card\"\n                                                data-id=\"5971\"\n                                                data-name=\"Lady Pank\"\n                                                data-brand=\"Just For MUSIC Sp z o.o.\"\n                                                data-category=\"muzyka\"\n                                                data-subcategory=\"rock\"\n                                                data-city=\"Cz\u0119stochowa, Jasionka, Krak\u00f3w i inne\"\n                                                data-venue=\"Narodowe Centrum Polskiej Piosenki\">\n                                                \n<div class=\"card-event  card-event--size-small\">\n        <a href=\"https:\/\/www.ebilet.pl\/muzyka\/rock\/lady-pank\" target=\"_blank\" class=\"card-event__link\" rel=\"nofollow noopener\"><\/a>\n        <div class=\"card-event__wrapper\">\n        <div class=\"card-event__image\">\n            <img decoding=\"async\" src=\"https:\/\/www.ebilet.pl\/media\/cms\/media\/inkntr0t\/552-x-736-px-5.webp\" alt=\"\">\n        <\/div>\n        <div class=\"card-event__data\">\n            <div class=\"card-event__name\">\n                <p>Lady Pank<\/p>\n            <\/div>\n            <div class=\"card-event__date\">18.09.2026-18.09.2026<\/div>\n            <div class=\"card-event__location\">Cz\u0119stochowa, Jasionka, Krak\u00f3w i inne<\/div>\n        <\/div>\n    <\/div>\n<\/div>                                            <\/div>\n                                        \n                                            <div class=\"events-slider-block__sliderItem swiper-slide event-card\"\n                                                data-id=\"87678\"\n                                                data-name=\"Abba i Inni Symfonicznie II\"\n                                                data-brand=\"Agencja Brussa Jaros\u0142aw Brussa\"\n                                                data-category=\"muzyka\"\n                                                data-subcategory=\"pop\"\n                                                data-city=\"\u0141\u00f3d\u017a, Szczecin\"\n                                                data-venue=\"Teatr Letni w Szczecinie\">\n                                                \n<div class=\"card-event  card-event--size-small\">\n        <a href=\"https:\/\/www.ebilet.pl\/muzyka\/pop\/abba\" target=\"_blank\" class=\"card-event__link\" rel=\"nofollow noopener\"><\/a>\n        <div class=\"card-event__wrapper\">\n        <div class=\"card-event__image\">\n            <img decoding=\"async\" src=\"https:\/\/www.ebilet.pl\/media\/cms\/media\/ettpn531\/abba-ebilet-552x736.webp\" alt=\"\">\n        <\/div>\n        <div class=\"card-event__data\">\n            <div class=\"card-event__name\">\n                <p>Abba i Inni Symfonicznie II<\/p>\n            <\/div>\n            <div class=\"card-event__date\">17.07.2026-17.07.2026<\/div>\n            <div class=\"card-event__location\">\u0141\u00f3d\u017a, Szczecin<\/div>\n        <\/div>\n    <\/div>\n<\/div>                                            <\/div>\n                                        \n                                            <div class=\"events-slider-block__sliderItem swiper-slide event-card\"\n                                                data-id=\"96104\"\n                                                data-name=\"Targi dom\u00f3w do 120 m2 - Tw\u00f3j Ma\u0142y Dom (Gda\u0144sk)\"\n                                                data-brand=\"PRO MEDIA Filip Ko\u0142odziej\"\n                                                data-category=\"biznes\"\n                                                data-subcategory=\"targi\"\n                                                data-city=\"Gda\u0144sk\"\n                                                data-venue=\"Cen\u00adtrum Han\u00addlo\u00adwe Oso\u00adwa (Parking)\">\n                                                \n<div class=\"card-event  card-event--size-small\">\n        <a href=\"https:\/\/www.ebilet.pl\/biznes\/targi\/twoj-maly-dom\" target=\"_blank\" class=\"card-event__link\" rel=\"nofollow noopener\"><\/a>\n        <div class=\"card-event__wrapper\">\n        <div class=\"card-event__image\">\n            <img decoding=\"async\" src=\"https:\/\/www.ebilet.pl\/media\/cms\/media\/cr5kgqef\/gda_sk-_wiosna_ebilet552x736-9e954250-6c66-4073-88f0-9a0896762422.webp\" alt=\"\">\n        <\/div>\n        <div class=\"card-event__data\">\n            <div class=\"card-event__name\">\n                <p>Targi dom\u00f3w do 120 m2 &#8211; Tw\u00f3j Ma\u0142y Dom (Gda\u0144sk)<\/p>\n            <\/div>\n            <div class=\"card-event__date\">29.05.2026-29.05.2026<\/div>\n            <div class=\"card-event__location\">Gda\u0144sk<\/div>\n        <\/div>\n    <\/div>\n<\/div>                                            <\/div>\n                                        \n                                            <div class=\"events-slider-block__sliderItem swiper-slide event-card\"\n                                                data-id=\"206192\"\n                                                data-name=\"Spirit of Smokie\"\n                                                data-brand=\"GO2SHOW\"\n                                                data-category=\"muzyka\"\n                                                data-subcategory=\"rock\"\n                                                data-city=\"Warszawa\"\n                                                data-venue=\"Klub Hybrydy\">\n                                                \n<div class=\"card-event  card-event--size-small\">\n        <a href=\"https:\/\/www.ebilet.pl\/muzyka\/rock\/spirit-of-smokie\" target=\"_blank\" class=\"card-event__link\" rel=\"nofollow noopener\"><\/a>\n        <div class=\"card-event__wrapper\">\n        <div class=\"card-event__image\">\n            <img decoding=\"async\" src=\"https:\/\/www.ebilet.pl\/media\/cms\/media\/sd5m2kku\/spirit-of-smokie-552_736-warszawa-22985fe0-6a01-49f5-a405-d282d9004495.webp\" alt=\"\">\n        <\/div>\n        <div class=\"card-event__data\">\n            <div class=\"card-event__name\">\n                <p>Spirit of Smokie<\/p>\n            <\/div>\n            <div class=\"card-event__date\">18.12.2026-18.12.2026<\/div>\n            <div class=\"card-event__location\">Warszawa<\/div>\n        <\/div>\n    <\/div>\n<\/div>                                            <\/div>\n                                        \n                                            <div class=\"events-slider-block__sliderItem swiper-slide event-card\"\n                                                data-id=\"205699\"\n                                                data-name=\"Shred Fest: Obscura, Pestilence, Cryptic Shift, Thus, Dvrk\"\n                                                data-brand=\"Winiary Bookings sp. z o. o.\"\n                                                data-category=\"muzyka\"\n                                                data-subcategory=\"hard-heavy\"\n                                                data-city=\"Warszawa\"\n                                                data-venue=\"Klub Proxima\">\n                                                \n<div class=\"card-event  card-event--size-small\">\n        <a href=\"https:\/\/www.ebilet.pl\/muzyka\/hard-heavy\/shred-fest\" target=\"_blank\" class=\"card-event__link\" rel=\"nofollow noopener\"><\/a>\n        <div class=\"card-event__wrapper\">\n        <div class=\"card-event__image\">\n            <img decoding=\"async\" src=\"https:\/\/www.ebilet.pl\/media\/cms\/media\/ngvdr2c3\/shredfest-ebilet-strona-wydarzenia-pion-warszawax-000cce3a-6af4-4d35-90e3-f0b821d75e23.webp\" alt=\"\">\n        <\/div>\n        <div class=\"card-event__data\">\n            <div class=\"card-event__name\">\n                <p>Shred Fest: Obscura, Pestilence, Cryptic Shift, Thus, Dvrk<\/p>\n            <\/div>\n            <div class=\"card-event__date\">25.01.2027-25.01.2027<\/div>\n            <div class=\"card-event__location\">Warszawa<\/div>\n        <\/div>\n    <\/div>\n<\/div>                                            <\/div>\n                                        \n                                            <div class=\"events-slider-block__sliderItem swiper-slide event-card\"\n                                                data-id=\"152798\"\n                                                data-name=\"Beth Hart\"\n                                                data-brand=\"Modern Look Sp. z o.o.\"\n                                                data-category=\"muzyka\"\n                                                data-subcategory=\"jazz-blues\"\n                                                data-city=\"Warszawa, Zabrze\"\n                                                data-venue=\"Dom Muzyki i Ta\u0144ca\">\n                                                \n<div class=\"card-event  card-event--size-small\">\n        <a href=\"https:\/\/www.ebilet.pl\/muzyka\/jazz-blues\/beth-hart-koncert\" target=\"_blank\" class=\"card-event__link\" rel=\"nofollow noopener\"><\/a>\n        <div class=\"card-event__wrapper\">\n        <div class=\"card-event__image\">\n            <img decoding=\"async\" src=\"https:\/\/www.ebilet.pl\/media\/cms\/media\/vhblus3i\/beth_hart_552x736_bezwww.webp\" alt=\"\">\n        <\/div>\n        <div class=\"card-event__data\">\n            <div class=\"card-event__name\">\n                <p>Beth Hart<\/p>\n            <\/div>\n            <div class=\"card-event__date\">09.05.2026-09.05.2026<\/div>\n            <div class=\"card-event__location\">Warszawa, Zabrze<\/div>\n        <\/div>\n    <\/div>\n<\/div>                                            <\/div>\n                                        \n                                            <div class=\"events-slider-block__sliderItem swiper-slide event-card\"\n                                                data-id=\"206168\"\n                                                data-name=\"Eve\"\n                                                data-brand=\"Big Idea Group sp. z o. o.\"\n                                                data-category=\"muzyka\"\n                                                data-subcategory=\"hip-hop-rap\"\n                                                data-city=\"Warszawa\"\n                                                data-venue=\"Progresja\">\n                                                \n<div class=\"card-event  card-event--size-small\">\n        <a href=\"https:\/\/www.ebilet.pl\/muzyka\/hip-hop-rap\/eve\" target=\"_blank\" class=\"card-event__link\" rel=\"nofollow noopener\"><\/a>\n        <div class=\"card-event__wrapper\">\n        <div class=\"card-event__image\">\n            <img decoding=\"async\" src=\"https:\/\/www.ebilet.pl\/media\/cms\/media\/cs5fmq0h\/ebilet-10-95367bc9-1f16-4a1c-9e1d-f2b4f9e0531a.webp\" alt=\"\">\n        <\/div>\n        <div class=\"card-event__data\">\n            <div class=\"card-event__name\">\n                <p>Eve<\/p>\n            <\/div>\n            <div class=\"card-event__date\">16.10.2026-16.10.2026<\/div>\n            <div class=\"card-event__location\">Warszawa<\/div>\n        <\/div>\n    <\/div>\n<\/div>                                            <\/div>\n                                        \n                                            <div class=\"events-slider-block__sliderItem swiper-slide event-card\"\n                                                data-id=\"206153\"\n                                                data-name=\"European Carnage Tour 2026: Fleshcrawl + Avulsed + Violentor\"\n                                                data-brand=\"Fundacja Student\u00f3w i Absolwent\u00f3w AGH w Krakowie\"\n                                                data-category=\"muzyka\"\n                                                data-subcategory=\"hard-heavy\"\n                                                data-city=\"Krak\u00f3w\"\n                                                data-venue=\"Klub Za\u015bcianek\">\n                                                \n<div class=\"card-event  card-event--size-small\">\n        <a href=\"https:\/\/www.ebilet.pl\/muzyka\/hard-heavy\/fleshcrawl\" target=\"_blank\" class=\"card-event__link\" rel=\"nofollow noopener\"><\/a>\n        <div class=\"card-event__wrapper\">\n        <div class=\"card-event__image\">\n            <img decoding=\"async\" src=\"https:\/\/www.ebilet.pl\/media\/cms\/media\/x52dbinm\/wydarzenie-za-2026-fleshcrawl-17-11_ebilet-552x736.webp\" alt=\"\">\n        <\/div>\n        <div class=\"card-event__data\">\n            <div class=\"card-event__name\">\n                <p>European Carnage Tour 2026: Fleshcrawl + Avulsed + Violentor<\/p>\n            <\/div>\n            <div class=\"card-event__date\">17.11.2026-17.11.2026<\/div>\n            <div class=\"card-event__location\">Krak\u00f3w<\/div>\n        <\/div>\n    <\/div>\n<\/div>                                            <\/div>\n                                        \n                                            <div class=\"events-slider-block__sliderItem swiper-slide event-card\"\n                                                data-id=\"173645\"\n                                                data-name=\"Targi dom\u00f3w do 120 m2 - Tw\u00f3j Ma\u0142y Dom (Krak\u00f3w)\"\n                                                data-brand=\"PRO MEDIA Filip Ko\u0142odziej\"\n                                                data-category=\"biznes\"\n                                                data-subcategory=\"targi\"\n                                                data-city=\"Krak\u00f3w\"\n                                                data-venue=\"Park Handlowy Zakopianka (parking)\">\n                                                \n<div class=\"card-event  card-event--size-small\">\n        <a href=\"https:\/\/www.ebilet.pl\/biznes\/targi\/targi-twoj-maly-dom\" target=\"_blank\" class=\"card-event__link\" rel=\"nofollow noopener\"><\/a>\n        <div class=\"card-event__wrapper\">\n        <div class=\"card-event__image\">\n            <img decoding=\"async\" src=\"https:\/\/www.ebilet.pl\/media\/cms\/media\/nddpbt35\/krak_w_wiosna_ebilet552x736-3a54c71e-5961-4459-96a7-d520c29f90ad.webp\" alt=\"\">\n        <\/div>\n        <div class=\"card-event__data\">\n            <div class=\"card-event__name\">\n                <p>Targi dom\u00f3w do 120 m2 &#8211; Tw\u00f3j Ma\u0142y Dom (Krak\u00f3w)<\/p>\n            <\/div>\n            <div class=\"card-event__date\">22.05.2026-22.05.2026<\/div>\n            <div class=\"card-event__location\">Krak\u00f3w<\/div>\n        <\/div>\n    <\/div>\n<\/div>                                            <\/div>\n                                                                            <\/div>\n                                <\/div>\n                            <\/div>\n                            <div class=\"events-slider-block__events swiper\" data-events-events-descriptions>\n                                <div class=\"events-slider-block__eventsWrapper swiper-wrapper\">\n                                                                            <div class=\"events-slider-block__eventsItem swiper-slide\">\n                                            <a href=\"https:\/\/www.ebilet.pl\/muzyka\/hard-heavy\/the-ruins-of-beverast\" target=\"_blank\" class=\"events-slider-block__eventsName\">\n                                                <p>The Ruins of Beverast<\/p>\n                                            <\/a>\n                                            <div class=\"events-slider-block__eventsDate\">23.11.2026-24.11.2026<\/div>\n                                            <div class=\"events-slider-block__eventsLocation\"><\/div>\n                                        <\/div>\n                                                                            <div class=\"events-slider-block__eventsItem swiper-slide\">\n                                            <a href=\"https:\/\/www.ebilet.pl\/muzyka\/rock\/geordie-greep\" target=\"_blank\" class=\"events-slider-block__eventsName\">\n                                                <p>Geordie Greep<\/p>\n                                            <\/a>\n                                            <div class=\"events-slider-block__eventsDate\">04.07.2026-05.07.2026<\/div>\n                                            <div class=\"events-slider-block__eventsLocation\"><\/div>\n                                        <\/div>\n                                                                            <div class=\"events-slider-block__eventsItem swiper-slide\">\n                                            <a href=\"https:\/\/www.ebilet.pl\/muzyka\/elektro-techno\/bayonne\" target=\"_blank\" class=\"events-slider-block__eventsName\">\n                                                <p>Bayonne<\/p>\n                                            <\/a>\n                                            <div class=\"events-slider-block__eventsDate\">12.09.2026-12.09.2026<\/div>\n                                            <div class=\"events-slider-block__eventsLocation\"><\/div>\n                                        <\/div>\n                                                                            <div class=\"events-slider-block__eventsItem swiper-slide\">\n                                            <a href=\"https:\/\/www.ebilet.pl\/muzyka\/rock\/phil-campbell\" target=\"_blank\" class=\"events-slider-block__eventsName\">\n                                                <p>Phil Campbell&#8217;s Bastard Sons<\/p>\n                                            <\/a>\n                                            <div class=\"events-slider-block__eventsDate\">27.07.2026-30.07.2026<\/div>\n                                            <div class=\"events-slider-block__eventsLocation\"><\/div>\n                                        <\/div>\n                                                                            <div class=\"events-slider-block__eventsItem swiper-slide\">\n                                            <a href=\"https:\/\/www.ebilet.pl\/muzyka\/hard-heavy\/heretoir\" target=\"_blank\" class=\"events-slider-block__eventsName\">\n                                                <p>Heretoir<\/p>\n                                            <\/a>\n                                            <div class=\"events-slider-block__eventsDate\">19.10.2026-19.10.2026<\/div>\n                                            <div class=\"events-slider-block__eventsLocation\"><\/div>\n                                        <\/div>\n                                                                            <div class=\"events-slider-block__eventsItem swiper-slide\">\n                                            <a href=\"https:\/\/www.ebilet.pl\/muzyka\/elektro-techno\/parov-stelar\" target=\"_blank\" class=\"events-slider-block__eventsName\">\n                                                <p>Parov Stelar<\/p>\n                                            <\/a>\n                                            <div class=\"events-slider-block__eventsDate\">25.07.2026-25.07.2026<\/div>\n                                            <div class=\"events-slider-block__eventsLocation\"><\/div>\n                                        <\/div>\n                                                                            <div class=\"events-slider-block__eventsItem swiper-slide\">\n                                            <a href=\"https:\/\/www.ebilet.pl\/muzyka\/rock\/lady-pank\" target=\"_blank\" class=\"events-slider-block__eventsName\">\n                                                <p>Lady Pank<\/p>\n                                            <\/a>\n                                            <div class=\"events-slider-block__eventsDate\">18.09.2026-12.12.2026<\/div>\n                                            <div class=\"events-slider-block__eventsLocation\"><\/div>\n                                        <\/div>\n                                                                            <div class=\"events-slider-block__eventsItem swiper-slide\">\n                                            <a href=\"https:\/\/www.ebilet.pl\/muzyka\/pop\/abba\" target=\"_blank\" class=\"events-slider-block__eventsName\">\n                                                <p>Abba i Inni Symfonicznie II<\/p>\n                                            <\/a>\n                                            <div class=\"events-slider-block__eventsDate\">17.07.2026-21.10.2026<\/div>\n                                            <div class=\"events-slider-block__eventsLocation\"><\/div>\n                                        <\/div>\n                                                                            <div class=\"events-slider-block__eventsItem swiper-slide\">\n                                            <a href=\"https:\/\/www.ebilet.pl\/biznes\/targi\/twoj-maly-dom\" target=\"_blank\" class=\"events-slider-block__eventsName\">\n                                                <p>Targi dom\u00f3w do 120 m2 &#8211; Tw\u00f3j Ma\u0142y Dom (Gda\u0144sk)<\/p>\n                                            <\/a>\n                                            <div class=\"events-slider-block__eventsDate\">29.05.2026-31.05.2026<\/div>\n                                            <div class=\"events-slider-block__eventsLocation\"><\/div>\n                                        <\/div>\n                                                                            <div class=\"events-slider-block__eventsItem swiper-slide\">\n                                            <a href=\"https:\/\/www.ebilet.pl\/muzyka\/rock\/spirit-of-smokie\" target=\"_blank\" class=\"events-slider-block__eventsName\">\n                                                <p>Spirit of Smokie<\/p>\n                                            <\/a>\n                                            <div class=\"events-slider-block__eventsDate\">18.12.2026-18.12.2026<\/div>\n                                            <div class=\"events-slider-block__eventsLocation\"><\/div>\n                                        <\/div>\n                                                                            <div class=\"events-slider-block__eventsItem swiper-slide\">\n                                            <a href=\"https:\/\/www.ebilet.pl\/muzyka\/hard-heavy\/shred-fest\" target=\"_blank\" class=\"events-slider-block__eventsName\">\n                                                <p>Shred Fest: Obscura, Pestilence, Cryptic Shift, Thus, Dvrk<\/p>\n                                            <\/a>\n                                            <div class=\"events-slider-block__eventsDate\">25.01.2027-25.01.2027<\/div>\n                                            <div class=\"events-slider-block__eventsLocation\"><\/div>\n                                        <\/div>\n                                                                            <div class=\"events-slider-block__eventsItem swiper-slide\">\n                                            <a href=\"https:\/\/www.ebilet.pl\/muzyka\/jazz-blues\/beth-hart-koncert\" target=\"_blank\" class=\"events-slider-block__eventsName\">\n                                                <p>Beth Hart<\/p>\n                                            <\/a>\n                                            <div class=\"events-slider-block__eventsDate\">09.05.2026-14.07.2026<\/div>\n                                            <div class=\"events-slider-block__eventsLocation\"><\/div>\n                                        <\/div>\n                                                                            <div class=\"events-slider-block__eventsItem swiper-slide\">\n                                            <a href=\"https:\/\/www.ebilet.pl\/muzyka\/hip-hop-rap\/eve\" target=\"_blank\" class=\"events-slider-block__eventsName\">\n                                                <p>Eve<\/p>\n                                            <\/a>\n                                            <div class=\"events-slider-block__eventsDate\">16.10.2026-16.10.2026<\/div>\n                                            <div class=\"events-slider-block__eventsLocation\"><\/div>\n                                        <\/div>\n                                                                            <div class=\"events-slider-block__eventsItem swiper-slide\">\n                                            <a href=\"https:\/\/www.ebilet.pl\/muzyka\/hard-heavy\/fleshcrawl\" target=\"_blank\" class=\"events-slider-block__eventsName\">\n                                                <p>European Carnage Tour 2026: Fleshcrawl + Avulsed + Violentor<\/p>\n                                            <\/a>\n                                            <div class=\"events-slider-block__eventsDate\">17.11.2026-17.11.2026<\/div>\n                                            <div class=\"events-slider-block__eventsLocation\"><\/div>\n                                        <\/div>\n                                                                            <div class=\"events-slider-block__eventsItem swiper-slide\">\n                                            <a href=\"https:\/\/www.ebilet.pl\/biznes\/targi\/targi-twoj-maly-dom\" target=\"_blank\" class=\"events-slider-block__eventsName\">\n                                                <p>Targi dom\u00f3w do 120 m2 &#8211; Tw\u00f3j Ma\u0142y Dom (Krak\u00f3w)<\/p>\n                                            <\/a>\n                                            <div class=\"events-slider-block__eventsDate\">22.05.2026-24.05.2026<\/div>\n                                            <div class=\"events-slider-block__eventsLocation\"><\/div>\n                                        <\/div>\n                                                                    <\/div>\n                            <\/div>\n                            <div class=\"events-slider-block__pagination\">\n                                <div class=\"swiper-pagination slider-pagination slider-pagination--theme-white\" data-events-slider-pagination><\/div>\n                            <\/div>\n                        <\/div>\n                                        <div class=\"events-slider-block__bottom\">\n                                                                                <div class=\"events-slider-block__link desktop\">\n                                    <a class=\"button button--size-small button--theme-primary-yellow button--withIconLeft\" href=\"https:\/\/www.ebilet.pl\/\">\n                                                                                    <div class=\"button__icon\"><img loading=\"lazy\" decoding=\"async\" width=\"30\" height=\"30\" src=\"https:\/\/www.ebilet.pl\/now\/app\/uploads\/2024\/01\/ticket-cinema-entertainment-coupon-discount-sale_30px.png\" class=\"attachment-full size-full\" alt=\"\" \/><\/div>\n                                                                                <p class=\"button__text typo-18\">Kup na eBilet.pl<\/p>\n                                    <\/a>\n                                <\/div>\n                                                                                <div class=\"events-slider-block__link mobile\">\n                                    <a class=\"button button--size-small button--theme-primary-yellow button--withIconLeft\" href=\"https:\/\/www.ebilet.pl\/\">\n                                                                                    <div class=\"button__icon\"><img loading=\"lazy\" decoding=\"async\" width=\"30\" height=\"30\" src=\"https:\/\/www.ebilet.pl\/now\/app\/uploads\/2024\/01\/ticket-cinema-entertainment-coupon-discount-sale_30px.png\" class=\"attachment-full size-full\" alt=\"\" \/><\/div>\n                                                                                <p class=\"button__text typo-18\">Kup na eBilet.pl<\/p>\n                                    <\/a>\n                                <\/div>\n                                            <\/div>\n                <\/div>\n            <\/div>\n        <\/div>\n    <\/div>\n<\/section>","protected":false},"excerpt":{"rendered":"<p>Legnica to 3. najwi\u0119ksze (po Wroc\u0142awiu i Wa\u0142brzychu) miasto wojew\u00f3dztwa dolno\u015bl\u0105skiego. 11% powierzchni miasta to tereny zielone, czyli m.in. Park Miejski za\u0142o\u017cony w 1840 roku, Lasek Z\u0142otoryjski, kompleks Parku Gda\u0144skiego z K\u0105pieliskiem P\u00f3\u0142nocnym (tak, on naprawd\u0119 jest w Legnicy!) oraz skwery. A co opr\u00f3cz tego ma do zaoferowania Legnica?<\/p>\n","protected":false},"author":14,"featured_media":32655,"comment_status":"open","ping_status":"open","sticky":false,"template":"page-templates\/article-default.php","format":"standard","meta":{"_acf_changed":false,"footnotes":""},"article_tag":[374,308,141],"article_type":[5],"acf":[],"_links":{"self":[{"href":"https:\/\/www.ebilet.pl\/now\/wp-json\/wp\/v2\/posts\/32653"}],"collection":[{"href":"https:\/\/www.ebilet.pl\/now\/wp-json\/wp\/v2\/posts"}],"about":[{"href":"https:\/\/www.ebilet.pl\/now\/wp-json\/wp\/v2\/types\/post"}],"author":[{"embeddable":true,"href":"https:\/\/www.ebilet.pl\/now\/wp-json\/wp\/v2\/users\/14"}],"replies":[{"embeddable":true,"href":"https:\/\/www.ebilet.pl\/now\/wp-json\/wp\/v2\/comments?post=32653"}],"version-history":[{"count":3,"href":"https:\/\/www.ebilet.pl\/now\/wp-json\/wp\/v2\/posts\/32653\/revisions"}],"predecessor-version":[{"id":32658,"href":"https:\/\/www.ebilet.pl\/now\/wp-json\/wp\/v2\/posts\/32653\/revisions\/32658"}],"wp:featuredmedia":[{"embeddable":true,"href":"https:\/\/www.ebilet.pl\/now\/wp-json\/wp\/v2\/media\/32655"}],"wp:attachment":[{"href":"https:\/\/www.ebilet.pl\/now\/wp-json\/wp\/v2\/media?parent=32653"}],"wp:term":[{"taxonomy":"article_tag","embeddable":true,"href":"https:\/\/www.ebilet.pl\/now\/wp-json\/wp\/v2\/article_tag?post=32653"},{"taxonomy":"article_type","embeddable":true,"href":"https:\/\/www.ebilet.pl\/now\/wp-json\/wp\/v2\/article_type?post=32653"}],"curies":[{"name":"wp","href":"https:\/\/api.w.org\/{rel}","templated":true}]}}