{"id":28907,"date":"2024-07-25T15:04:51","date_gmt":"2024-07-25T14:04:51","guid":{"rendered":"https:\/\/www.ebilet.pl\/now\/?p=28907"},"modified":"2025-09-19T19:36:18","modified_gmt":"2025-09-19T18:36:18","slug":"tego-jeszcze-nie-grali-blonde-boys-summer-wystapia-na-sun-festivalu-a-my-nie-wiemy-czego-sie-spodziewac","status":"publish","type":"post","link":"https:\/\/www.ebilet.pl\/now\/tego-jeszcze-nie-grali-blonde-boys-summer-wystapia-na-sun-festivalu-a-my-nie-wiemy-czego-sie-spodziewac\/","title":{"rendered":"Tego jeszcze nie grali. Blonde Boys Summer wyst\u0105pi\u0105 na Sun Festivalu, a my nie wiemy czego si\u0119 spodziewa\u0107"},"content":{"rendered":"\n<section class=\"text-block  section-margin-32\" >\n    <div class=\"container\">\n        <div class=\"row\">\n            <div class=\"col-24\">\n                <div class=\"text-block__content\"><h2>Jedyny taki boysband<\/h2>\n<p>Zespo\u0142y tworzone na potrzeby festiwali nie s\u0105 niczym nowym. Wystarczy przypomnie\u0107 chocia\u017cby sytuacj\u0119 z ostatniego <strong>OFF Festivalu<\/strong>, kiedy to zesp\u00f3\u0142 Udary, z\u0142o\u017cony mi\u0119dzy innymi z <strong><a href=\"https:\/\/www.ebilet.pl\/artysta\/dawid-podsiadlo\">Dawida Podsiad\u0142o<\/a> i <a href=\"https:\/\/www.ebilet.pl\/muzyka\/pop\/rubens\">Rubensa<\/a><\/strong> zagra\u0142 debiutanck\u0105 p\u0142yt\u0119 <strong>The Strokes<\/strong>, zatytu\u0142owan\u0105 <strong>&#8220;Is This It&#8221;<\/strong>. Takie zabiegi zawsze wzbudzaj\u0105 jednak ogromne zainteresowanie zar\u00f3wno fan\u00f3w, jak i po prostu obserwator\u00f3w sceny muzycznej. Podczas <strong>Sun Festivalu <\/strong>w Ko\u0142obrzegu do\u015bwiadczymy jednak po\u0142\u0105czenia, po kt\u00f3rym zwyczajnie nie wiemy czego si\u0119 spodziewa\u0107. Jako <strong>Blonde Boys Summer<\/strong> wyst\u0105pi\u0105 <strong><a href=\"https:\/\/www.ebilet.pl\/artysta\/kinny-zimmer\">Kinny Zimmer<\/a>, Eryk Moczko, Kostek i Kaptur<\/strong>.<\/p>\n<\/div>\n            <\/div>\n        <\/div>\n    <\/div>\n<\/section>\n\n\n<iframe loading=\"lazy\" src=\"https:\/\/www.facebook.com\/plugins\/post.php?href=https%3A%2F%2Fwww.facebook.com%2Fsunfestivalpl%2Fposts%2Fpfbid0Cb9bqUrPp8ot6RDuU1fbv98Sb6V9N7SKep4wsR3JrKukyKFAMCrkTgLg7jhnLmzal&#038;show_text=true&#038;width=500\" width=\"500\" height=\"736\" style=\"border:none;overflow:hidden\" scrolling=\"no\" frameborder=\"0\" allowfullscreen=\"true\" allow=\"autoplay; clipboard-write; encrypted-media; picture-in-picture; web-share\"><\/iframe>\n\n\n<section class=\"gap-block  section-margin-32 section-margin-32\"><\/section>\n\n\n<section class=\"text-block  section-margin-32\" >\n    <div class=\"container\">\n        <div class=\"row\">\n            <div class=\"col-24\">\n                <div class=\"text-block__content\"><p>Zesp\u00f3\u0142 b\u0119d\u0105cy mieszank\u0105 raper\u00f3w i YouTuber\u00f3w jak dot\u0105d nigdzie nie anonsowa\u0142 wsp\u00f3lnych dzia\u0142a\u0144 muzycznych, dlatego cokolwiek panowie przygotowali, podczas <strong>Sun Festivalu<\/strong>, b\u0119dzie to absolutny debiut, Kto wie, mo\u017ce us\u0142yszymy nawet ca\u0142\u0105 p\u0142yt\u0119 w ich wykonaniu? Z pewno\u015bci\u0105 emocji nie zabraknie, tym bardziej, \u017ce nazwa boysbandu, zdj\u0119cie promuj\u0105ce wyst\u0119p, a nawet samo okre\u015blenie boysband, sugeruje, \u017ce mo\u017cemy mie\u0107 do czynienia z form\u0105 pastiszu .<\/p>\n<\/div>\n            <\/div>\n        <\/div>\n    <\/div>\n<\/section>\n\n\n<section class=\"banner banner--layout-default section-margin-32\" >\n    <div class=\"container\">\n        <div class=\"row\">\n            <div class=\"col-24\">\n                <div class=\"banner__wrapper\">\n                                        <div class=\"banner__bg\">\n                        <img loading=\"lazy\" decoding=\"async\" width=\"1896\" height=\"1065\" src=\"https:\/\/www.ebilet.pl\/now\/app\/uploads\/2024\/02\/shutterstock_538491133-e1711351161563.jpg\" class=\"attachment-full size-full\" alt=\"\" srcset=\"https:\/\/www.ebilet.pl\/now\/app\/uploads\/2024\/02\/shutterstock_538491133-e1711351161563.jpg 1896w, https:\/\/www.ebilet.pl\/now\/app\/uploads\/2024\/02\/shutterstock_538491133-e1711351161563-1024x575.jpg 1024w, https:\/\/www.ebilet.pl\/now\/app\/uploads\/2024\/02\/shutterstock_538491133-e1711351161563-1536x863.jpg 1536w, https:\/\/www.ebilet.pl\/now\/app\/uploads\/2024\/02\/shutterstock_538491133-e1711351161563-1280x720.jpg 1280w, https:\/\/www.ebilet.pl\/now\/app\/uploads\/2024\/02\/shutterstock_538491133-e1711351161563-500x281.jpg 500w, https:\/\/www.ebilet.pl\/now\/app\/uploads\/2024\/02\/shutterstock_538491133-e1711351161563-632x355.jpg 632w, https:\/\/www.ebilet.pl\/now\/app\/uploads\/2024\/02\/shutterstock_538491133-e1711351161563-308x174.jpg 308w, https:\/\/www.ebilet.pl\/now\/app\/uploads\/2024\/02\/shutterstock_538491133-e1711351161563-300x169.jpg 300w, https:\/\/www.ebilet.pl\/now\/app\/uploads\/2024\/02\/shutterstock_538491133-e1711351161563-768x431.jpg 768w\" sizes=\"(max-width: 1896px) 100vw, 1896px\" \/>                    <\/div>\n                                                                                                    <div class=\"banner__text\">\n                        <div class=\"banner__title typo-h2 f-700\">Sun Festival<\/div>\n                        <p class=\"banner__desc typo-14\"><\/p>\n                    <\/div>\n                                                            <div class=\"banner__link\">\n                        <a\n                            class=\"button button--theme-primary-yellow \"\n                            href=\"https:\/\/www.ebilet.pl\/muzyka\/festiwale\/sun-festival\"\n                        >\n                            <p class=\"button__text typo-18\">Sprawd\u017a bilety<\/p>\n                                                    <\/a>\n                    <\/div>\n                                                        <\/div>\n            <\/div>\n        <\/div>\n    <\/div>\n<\/section>\n\n\n<section class=\"text-block  section-margin-32\" >\n    <div class=\"container\">\n        <div class=\"row\">\n            <div class=\"col-24\">\n                <div class=\"text-block__content\"><h2><strong>Headlinerzy z pierwszej ligi<\/strong><\/h2>\n<p>Pastiszem natomiast z pewno\u015bci\u0105 nie b\u0119d\u0105 wyst\u0119py headliner\u00f3w <strong>Sun Festivalu<\/strong>, kt\u00f3rzy wygl\u0105daj\u0105 w tym roku naprawd\u0119 okazale. <strong><a href=\"https:\/\/www.ebilet.pl\/artysta\/g-eazy\">G-Eazy<\/a>, <a href=\"https:\/\/www.ebilet.pl\/artysta\/french-montana\">French Montana<\/a> i <a href=\"https:\/\/www.ebilet.pl\/artysta\/swae-lee\">Swae Lee<\/a><\/strong> to arty\u015bci rozpoznawalni na ca\u0142ym \u015bwiecie, kt\u00f3rych hity odtwarzane by\u0142y miliardy razy w platformach streamingowych. <strong>GZUZ<\/strong> z kolei jest niekwestionowan\u0105 legend\u0105 niemieckiej sceny i jednym z prekursor\u00f3w stylu, z kt\u00f3rego ch\u0119tnie czerpali m.in. Polscy raperzy.<\/p>\n<p>A propos Polski, to nasza reprezentacja na <strong>Sunie\u00a0<\/strong>te\u017c wygl\u0105da bardzo okazale. Wystarczy wspomnie\u0107\u00a0<strong><a href=\"https:\/\/www.ebilet.pl\/artysta\/taco-hemingway\">Taco Hemingwaya<\/a>, <a href=\"https:\/\/www.ebilet.pl\/artysta\/oki\">Okiego<\/a>, <a href=\"https:\/\/www.ebilet.pl\/artysta\/szpaku\">Szpaka<\/a> czy <a href=\"https:\/\/www.ebilet.pl\/artysta\/bambi\">Bambi<\/a><\/strong>. Nie zabraknie tak\u017ce gratki dla starszych s\u0142uchaczy, a wi\u0119c <a href=\"https:\/\/www.ebilet.pl\/now\/paktofonika-czyli-pakt-ktorego-sila-trwa-do-dzis\/\"><strong>Paktofoniki<\/strong><\/a>. Start festiwalu ju\u017c 26 lipca.<\/p>\n<\/div>\n            <\/div>\n        <\/div>\n    <\/div>\n<\/section>","protected":false},"excerpt":{"rendered":"<p>Podczas tegorocznego Sun Festivalu b\u0119dziemy \u015bwiadkami zaskakuj\u0105cego wyst\u0119pu.  Blonde Boys Summer, to zesp\u00f3\u0142 z\u0142o\u017cony z Kinny&#8217;ego Zimmera, Eryka Moczko, Kostka i Kaptura.<\/p>\n","protected":false},"author":7,"featured_media":28926,"comment_status":"open","ping_status":"open","sticky":false,"template":"page-templates\/article-default.php","format":"standard","meta":{"_acf_changed":false,"footnotes":""},"article_tag":[85,50,31,49],"article_type":[554],"acf":[],"_links":{"self":[{"href":"https:\/\/www.ebilet.pl\/now\/wp-json\/wp\/v2\/posts\/28907"}],"collection":[{"href":"https:\/\/www.ebilet.pl\/now\/wp-json\/wp\/v2\/posts"}],"about":[{"href":"https:\/\/www.ebilet.pl\/now\/wp-json\/wp\/v2\/types\/post"}],"author":[{"embeddable":true,"href":"https:\/\/www.ebilet.pl\/now\/wp-json\/wp\/v2\/users\/7"}],"replies":[{"embeddable":true,"href":"https:\/\/www.ebilet.pl\/now\/wp-json\/wp\/v2\/comments?post=28907"}],"version-history":[{"count":2,"href":"https:\/\/www.ebilet.pl\/now\/wp-json\/wp\/v2\/posts\/28907\/revisions"}],"predecessor-version":[{"id":41188,"href":"https:\/\/www.ebilet.pl\/now\/wp-json\/wp\/v2\/posts\/28907\/revisions\/41188"}],"wp:featuredmedia":[{"embeddable":true,"href":"https:\/\/www.ebilet.pl\/now\/wp-json\/wp\/v2\/media\/28926"}],"wp:attachment":[{"href":"https:\/\/www.ebilet.pl\/now\/wp-json\/wp\/v2\/media?parent=28907"}],"wp:term":[{"taxonomy":"article_tag","embeddable":true,"href":"https:\/\/www.ebilet.pl\/now\/wp-json\/wp\/v2\/article_tag?post=28907"},{"taxonomy":"article_type","embeddable":true,"href":"https:\/\/www.ebilet.pl\/now\/wp-json\/wp\/v2\/article_type?post=28907"}],"curies":[{"name":"wp","href":"https:\/\/api.w.org\/{rel}","templated":true}]}}