{"id":28311,"date":"2024-07-23T06:30:24","date_gmt":"2024-07-23T05:30:24","guid":{"rendered":"https:\/\/www.ebilet.pl\/now\/?p=28311"},"modified":"2025-10-10T11:14:07","modified_gmt":"2025-10-10T10:14:07","slug":"dua-lipa-ed-sheeran-shania-twain-ariana-grande-w-niezwyklym-projekcie-andrei-bocellego","status":"publish","type":"post","link":"https:\/\/www.ebilet.pl\/now\/dua-lipa-ed-sheeran-shania-twain-ariana-grande-w-niezwyklym-projekcie-andrei-bocellego\/","title":{"rendered":"Dua Lipa, Ed Sheeran, Shania Twain i inni w niezwyk\u0142ym projekcie Andrei Bocellego"},"content":{"rendered":"\n<section class=\"text-block  section-margin-32\" >\n    <div class=\"container\">\n        <div class=\"row\">\n            <div class=\"col-24\">\n                <div class=\"text-block__content\"><p><a href=\"https:\/\/www.ebilet.pl\/artysta\/andrea-bocelli\"><b>Andrea Bocelli<\/b><\/a><span style=\"font-weight: 400;\"> \u2013 \u015bwiatowej s\u0142awy w\u0142oski tenor\u00a0 i jeden z najbardziej utytu\u0142owanych wokalist\u00f3w klasycznych wszech czas\u00f3w \u015bwi\u0119tuje w tym roku 30-lecie dzia\u0142alno\u015bci artystycznej. <\/span><\/p>\n<p><span style=\"font-weight: 400;\">Obchody tego szczeg\u00f3lnego jubileuszu artysta rozpocz\u0105\u0142 11 marca, gdy podczas 96. ceremonii wr\u0119czenia Oscar\u00f3w zaprezentowa\u0142 specjalne wykonanie utworu <b>\u201cTime To Say Goodbye\u201d<\/b>, kt\u00f3ry trzy dekady temu zapocz\u0105tkowa\u0142 jego wielk\u0105 mi\u0119dzynarodow\u0105 karier\u0119<\/span><span style=\"font-weight: 400;\">.\u00a0<\/span><\/p>\n<\/div>\n            <\/div>\n        <\/div>\n    <\/div>\n<\/section>\n\n\n<section class=\"tickets-slider  section-margin-32\"\n    data-tickets-slider\n    data-item-list-name=\"Karuzela z buttonami\"\n    data-item-list-id=\"karuzela_z_buttonami\"\n    >\n    <div class=\"container\">\n        <div class=\"row\">\n            <div class=\"col-24\">\n                <div class=\"tickets-slider__main\">\n                    <div class=\"tickets-slider__nav tickets-slider__nav--prev\">\n                        <div class=\"button button--withIcon button--theme-white-blur button--size-fixed-48\" data-tickets-slider-prev>\n                            <span class=\"button__icon icon icon-chevron-left\"><\/span>\n                        <\/div>\n                    <\/div>\n                    <div class=\"tickets-slider__nav tickets-slider__nav--next\">\n                        <div class=\"button button--withIcon button--theme-white-blur button--size-fixed-48\" data-tickets-slider-next>\n                            <span class=\"button__icon icon icon-chevron-right\"><\/span>\n                        <\/div>\n                    <\/div>\n                    <div class=\"tickets-slider__slider swiper\" data-tickets-slider-slider>\n                        <div class=\"tickets-slider__sliderWrapper swiper-wrapper\">\n                                                            <div class=\"tickets-slider__sliderItem swiper-slide\"\n                                    data-id=\"112248\"\n                                    data-name=\"Pop Opera - od opery do musicalu\"\n                                    data-brand=\"Agencja Kreatywna Barbara Knapczyk\"\n                                    data-category=\"klasyka\"\n                                    data-subcategory=\"opera-operetka\"\n                                    data-city=\"Bia\u0142ystok, Bielsko-Bia\u0142a, Chorz\u00f3w i inne\"\n                                    data-venue=\"Centrum Spotkania Kultur\">\n                                    <div class=\"tickets-slider__sliderCard\">\n                                        \n<div class=\"card-ticket\">\n        <div class=\"card-ticket__image\">\n        <a href=\"https:\/\/www.ebilet.pl\/klasyka\/opera-operetka\/pop-opera-od-opery-do-musicalu\">\n            <img decoding=\"async\" src=\"https:\/\/www.ebilet.pl\/media\/cms\/media\/clhb4vn1\/ebiet-430x560-a-1-d6a77668-5df5-6c2b-4114-66d32a5312e6.webp\" alt=\"Plakat wydarzenia\" \/>\n        <\/a>\n    <\/div>\n             \n    <div class=\"card-ticket__link\">\n        <a href=\"https:\/\/www.ebilet.pl\/klasyka\/opera-operetka\/pop-opera-od-opery-do-musicalu\" class=\"button button--theme-primary-yellow button--withIconLeft button--size-small\">\n            <span class=\"button__icon icon icon-ticket\"><\/span>\n            <p class=\"button__text typo-16 f-600\">Kup bilet<\/p>\n        <\/a>\n    <\/div>\n    <\/div>                                    <\/div>\n                                <\/div>\n                                                            <div class=\"tickets-slider__sliderItem swiper-slide\"\n                                    data-id=\"146091\"\n                                    data-name=\"COSI FAN TUTTE W. A. Mozart\"\n                                    data-brand=\"Warszawska Opera Kameralna\"\n                                    data-category=\"klasyka\"\n                                    data-subcategory=\"opera-operetka\"\n                                    data-city=\"Warszawa\"\n                                    data-venue=\"Warszawska Opera Kameralna\">\n                                    <div class=\"tickets-slider__sliderCard\">\n                                        \n<div class=\"card-ticket\">\n        <div class=\"card-ticket__image\">\n        <a href=\"https:\/\/www.ebilet.pl\/klasyka\/opera-operetka\/cosi-fan-tutte-w-a-mozart\">\n            <img decoding=\"async\" src=\"https:\/\/www.ebilet.pl\/media\/cms\/media\/17880\/opera-kameralana-wawa_l.webp\" alt=\"Plakat wydarzenia\" \/>\n        <\/a>\n    <\/div>\n             \n    <div class=\"card-ticket__link\">\n        <a href=\"https:\/\/www.ebilet.pl\/klasyka\/opera-operetka\/cosi-fan-tutte-w-a-mozart\" class=\"button button--theme-primary-yellow button--withIconLeft button--size-small\">\n            <span class=\"button__icon icon icon-ticket\"><\/span>\n            <p class=\"button__text typo-16 f-600\">Kup bilet<\/p>\n        <\/a>\n    <\/div>\n    <\/div>                                    <\/div>\n                                <\/div>\n                                                            <div class=\"tickets-slider__sliderItem swiper-slide\"\n                                    data-id=\"120913\"\n                                    data-name=\"The 3 Tenors&amp;Soprano- W\u0142oska Gala Operowa\"\n                                    data-brand=\"Copernicus Sp\u00f3\u0142ka z o.o.\"\n                                    data-category=\"klasyka\"\n                                    data-subcategory=\"opera-operetka\"\n                                    data-city=\"Gda\u0144sk, Katowice, Krak\u00f3w i inne\"\n                                    data-venue=\"Ko\u015bci\u00f3\u0142 Ewangelicko \u2013 Augsburski w Olsztynie\">\n                                    <div class=\"tickets-slider__sliderCard\">\n                                        \n<div class=\"card-ticket\">\n        <div class=\"card-ticket__image\">\n        <a href=\"https:\/\/www.ebilet.pl\/klasyka\/opera-operetka\/wloska-gala-operowa\">\n            <img decoding=\"async\" src=\"https:\/\/www.ebilet.pl\/media\/cms\/media\/1tyors0c\/3-tenors-and-soprano-552x736-px-1f1f7de0-0621-4536-a751-86c057a6c777.webp\" alt=\"Plakat wydarzenia\" \/>\n        <\/a>\n    <\/div>\n             \n    <div class=\"card-ticket__link\">\n        <a href=\"https:\/\/www.ebilet.pl\/klasyka\/opera-operetka\/wloska-gala-operowa\" class=\"button button--theme-primary-yellow button--withIconLeft button--size-small\">\n            <span class=\"button__icon icon icon-ticket\"><\/span>\n            <p class=\"button__text typo-16 f-600\">Kup bilet<\/p>\n        <\/a>\n    <\/div>\n    <\/div>                                    <\/div>\n                                <\/div>\n                                                            <div class=\"tickets-slider__sliderItem swiper-slide\"\n                                    data-id=\"36470\"\n                                    data-name=\"CYRULIK SEWILSKI Gioacchino Rossini\"\n                                    data-brand=\"Teatr Wielki w Poznaniu\"\n                                    data-category=\"klasyka\"\n                                    data-subcategory=\"opera-operetka\"\n                                    data-city=\"Pozna\u0144\"\n                                    data-venue=\"Teatr Wielki im. Stanis\u0142awa Moniuszki w Poznaniu\">\n                                    <div class=\"tickets-slider__sliderCard\">\n                                        \n<div class=\"card-ticket\">\n        <div class=\"card-ticket__image\">\n        <a href=\"https:\/\/www.ebilet.pl\/klasyka\/opera-operetka\/cyrulik-sewilski\">\n            <img decoding=\"async\" src=\"https:\/\/www.ebilet.pl\/media\/cms\/media\/kjnlyaz3\/cyruliksewilski-portal-39af1643-fd78-417a-b7ac-420195e6a14a.webp\" alt=\"Plakat wydarzenia\" \/>\n        <\/a>\n    <\/div>\n             \n    <div class=\"card-ticket__link\">\n        <a href=\"https:\/\/www.ebilet.pl\/klasyka\/opera-operetka\/cyrulik-sewilski\" class=\"button button--theme-primary-yellow button--withIconLeft button--size-small\">\n            <span class=\"button__icon icon icon-ticket\"><\/span>\n            <p class=\"button__text typo-16 f-600\">Kup bilet<\/p>\n        <\/a>\n    <\/div>\n    <\/div>                                    <\/div>\n                                <\/div>\n                                                            <div class=\"tickets-slider__sliderItem swiper-slide\"\n                                    data-id=\"153707\"\n                                    data-name=\"AIDA Giuseppe Verdi\"\n                                    data-brand=\"Teatr Wielki w Poznaniu\"\n                                    data-category=\"klasyka\"\n                                    data-subcategory=\"opera-operetka\"\n                                    data-city=\"Pozna\u0144\"\n                                    data-venue=\"Teatr Wielki im. Stanis\u0142awa Moniuszki w Poznaniu\">\n                                    <div class=\"tickets-slider__sliderCard\">\n                                        \n<div class=\"card-ticket\">\n        <div class=\"card-ticket__image\">\n        <a href=\"https:\/\/www.ebilet.pl\/klasyka\/opera-operetka\/aida-giuseppe-verdi\">\n            <img decoding=\"async\" src=\"https:\/\/www.ebilet.pl\/media\/cms\/media\/pp4ofaxn\/aida-ebilet-portal-f00fa8bc-f428-4741-98fc-a2b47e608b75.webp\" alt=\"Plakat wydarzenia\" \/>\n        <\/a>\n    <\/div>\n             \n    <div class=\"card-ticket__link\">\n        <a href=\"https:\/\/www.ebilet.pl\/klasyka\/opera-operetka\/aida-giuseppe-verdi\" class=\"button button--theme-primary-yellow button--withIconLeft button--size-small\">\n            <span class=\"button__icon icon icon-ticket\"><\/span>\n            <p class=\"button__text typo-16 f-600\">Kup bilet<\/p>\n        <\/a>\n    <\/div>\n    <\/div>                                    <\/div>\n                                <\/div>\n                                                            <div class=\"tickets-slider__sliderItem swiper-slide\"\n                                    data-id=\"48709\"\n                                    data-name=\"Johann Strauss \u201eZemsta Nietoperza\u201d\"\n                                    data-brand=\"AVIP Group Concert &amp; Event Agency LTD\"\n                                    data-category=\"klasyka\"\n                                    data-subcategory=\"opera-operetka\"\n                                    data-city=\"\u0141a\u0144cut\"\n                                    data-venue=\"Miejski Dom Kultury w \u0141a\u0144cucie\">\n                                    <div class=\"tickets-slider__sliderCard\">\n                                        \n<div class=\"card-ticket\">\n        <div class=\"card-ticket__image\">\n        <a href=\"https:\/\/www.ebilet.pl\/klasyka\/opera-operetka\/zemsta-nietoperza\">\n            <img decoding=\"async\" src=\"https:\/\/www.ebilet.pl\/media\/cms\/media\/1v3ad43u\/teatr-cover-portrait-552x736-2c169171-295d-47d4-87db-dd5ed470a235.webp\" alt=\"Plakat wydarzenia\" \/>\n        <\/a>\n    <\/div>\n             \n    <div class=\"card-ticket__link\">\n        <a href=\"https:\/\/www.ebilet.pl\/klasyka\/opera-operetka\/zemsta-nietoperza\" class=\"button button--theme-primary-yellow button--withIconLeft button--size-small\">\n            <span class=\"button__icon icon icon-ticket\"><\/span>\n            <p class=\"button__text typo-16 f-600\">Kup bilet<\/p>\n        <\/a>\n    <\/div>\n    <\/div>                                    <\/div>\n                                <\/div>\n                                                            <div class=\"tickets-slider__sliderItem swiper-slide\"\n                                    data-id=\"78914\"\n                                    data-name=\"Italian Pop Opera - Cover Andrea Bocelli\"\n                                    data-brand=\"Copernicus Sp\u00f3\u0142ka z o.o.\"\n                                    data-category=\"klasyka\"\n                                    data-subcategory=\"opera-operetka\"\n                                    data-city=\"Bydgoszcz, Gda\u0144sk, Krak\u00f3w i inne\"\n                                    data-venue=\"Hotel Grand \u0141\u00f3d\u017a\">\n                                    <div class=\"tickets-slider__sliderCard\">\n                                        \n<div class=\"card-ticket\">\n        <div class=\"card-ticket__image\">\n        <a href=\"https:\/\/www.ebilet.pl\/klasyka\/opera-operetka\/italian-pop-opera\">\n            <img decoding=\"async\" src=\"https:\/\/www.ebilet.pl\/media\/cms\/media\/nefdricz\/italian-pop-opera-552x736-px-9fcb5cb8-5225-4b8c-939a-6c1ae71373db.webp\" alt=\"Plakat wydarzenia\" \/>\n        <\/a>\n    <\/div>\n             \n    <div class=\"card-ticket__link\">\n        <a href=\"https:\/\/www.ebilet.pl\/klasyka\/opera-operetka\/italian-pop-opera\" class=\"button button--theme-primary-yellow button--withIconLeft button--size-small\">\n            <span class=\"button__icon icon icon-ticket\"><\/span>\n            <p class=\"button__text typo-16 f-600\">Kup bilet<\/p>\n        <\/a>\n    <\/div>\n    <\/div>                                    <\/div>\n                                <\/div>\n                                                            <div class=\"tickets-slider__sliderItem swiper-slide\"\n                                    data-id=\"63372\"\n                                    data-name=\"La Traviata\"\n                                    data-brand=\"Copernicus Sp\u00f3\u0142ka z o.o.\"\n                                    data-category=\"klasyka\"\n                                    data-subcategory=\"opera-operetka\"\n                                    data-city=\"Bydgoszcz, Gda\u0144sk, Krak\u00f3w i inne\"\n                                    data-venue=\"Hotel Grand \u0141\u00f3d\u017a\">\n                                    <div class=\"tickets-slider__sliderCard\">\n                                        \n<div class=\"card-ticket\">\n        <div class=\"card-ticket__image\">\n        <a href=\"https:\/\/www.ebilet.pl\/klasyka\/opera-operetka\/la-traviata\">\n            <img decoding=\"async\" src=\"https:\/\/www.ebilet.pl\/media\/cms\/media\/fkaoeuh3\/traviata-552x736-px-2da3dd69-abf7-4e51-bb40-82575aacecdb.webp\" alt=\"Plakat wydarzenia\" \/>\n        <\/a>\n    <\/div>\n             \n    <div class=\"card-ticket__link\">\n        <a href=\"https:\/\/www.ebilet.pl\/klasyka\/opera-operetka\/la-traviata\" class=\"button button--theme-primary-yellow button--withIconLeft button--size-small\">\n            <span class=\"button__icon icon icon-ticket\"><\/span>\n            <p class=\"button__text typo-16 f-600\">Kup bilet<\/p>\n        <\/a>\n    <\/div>\n    <\/div>                                    <\/div>\n                                <\/div>\n                                                            <div class=\"tickets-slider__sliderItem swiper-slide\"\n                                    data-id=\"153712\"\n                                    data-name=\"Czarodziejski Flet Wolfgang Amadeusz Mozart\"\n                                    data-brand=\"Teatr Wielki w Poznaniu\"\n                                    data-category=\"klasyka\"\n                                    data-subcategory=\"opera-operetka\"\n                                    data-city=\"Pozna\u0144\"\n                                    data-venue=\"Teatr Wielki im. Stanis\u0142awa Moniuszki w Poznaniu\">\n                                    <div class=\"tickets-slider__sliderCard\">\n                                        \n<div class=\"card-ticket\">\n        <div class=\"card-ticket__image\">\n        <a href=\"https:\/\/www.ebilet.pl\/klasyka\/opera-operetka\/czarodziejski-flet\">\n            <img decoding=\"async\" src=\"https:\/\/www.ebilet.pl\/media\/cms\/media\/zyue3gwr\/czarodziejskiflet-ebilet-portal-0322e070-1188-4fc6-ab0a-a232c8dd9217.webp\" alt=\"Plakat wydarzenia\" \/>\n        <\/a>\n    <\/div>\n             \n    <div class=\"card-ticket__link\">\n        <a href=\"https:\/\/www.ebilet.pl\/klasyka\/opera-operetka\/czarodziejski-flet\" class=\"button button--theme-primary-yellow button--withIconLeft button--size-small\">\n            <span class=\"button__icon icon icon-ticket\"><\/span>\n            <p class=\"button__text typo-16 f-600\">Kup bilet<\/p>\n        <\/a>\n    <\/div>\n    <\/div>                                    <\/div>\n                                <\/div>\n                                                            <div class=\"tickets-slider__sliderItem swiper-slide\"\n                                    data-id=\"173802\"\n                                    data-name=\"\u0141ASKAWO\u015a\u0106 TYTUSA (LA CLEMENZA DI TITO) W. A. Mozart\"\n                                    data-brand=\"Warszawska Opera Kameralna\"\n                                    data-category=\"klasyka\"\n                                    data-subcategory=\"opera-operetka\"\n                                    data-city=\"Warszawa\"\n                                    data-venue=\"Warszawska Opera Kameralna\">\n                                    <div class=\"tickets-slider__sliderCard\">\n                                        \n<div class=\"card-ticket\">\n        <div class=\"card-ticket__image\">\n        <a href=\"https:\/\/www.ebilet.pl\/klasyka\/opera-operetka\/laskawosc-tytusa-la-clemenza-di-tito-w-a-mozart\">\n            <img decoding=\"async\" src=\"https:\/\/www.ebilet.pl\/media\/cms\/media\/17880\/opera-kameralana-wawa_l.webp\" alt=\"Plakat wydarzenia\" \/>\n        <\/a>\n    <\/div>\n             \n    <div class=\"card-ticket__link\">\n        <a href=\"https:\/\/www.ebilet.pl\/klasyka\/opera-operetka\/laskawosc-tytusa-la-clemenza-di-tito-w-a-mozart\" class=\"button button--theme-primary-yellow button--withIconLeft button--size-small\">\n            <span class=\"button__icon icon icon-ticket\"><\/span>\n            <p class=\"button__text typo-16 f-600\">Kup bilet<\/p>\n        <\/a>\n    <\/div>\n    <\/div>                                    <\/div>\n                                <\/div>\n                                                            <div class=\"tickets-slider__sliderItem swiper-slide\"\n                                    data-id=\"32870\"\n                                    data-name=\"Koncert Wiede\u0144ski W Krainie Czardasza\"\n                                    data-brand=\"AVIP Group Concert &amp; Event Agency LTD\"\n                                    data-category=\"klasyka\"\n                                    data-subcategory=\"opera-operetka\"\n                                    data-city=\"Konin, \u0141\u00f3d\u017a, Nowy S\u0105cz i inne\"\n                                    data-venue=\"Sala Koncertowa Filharmonii \u0141\u00f3dzkiej\">\n                                    <div class=\"tickets-slider__sliderCard\">\n                                        \n<div class=\"card-ticket\">\n        <div class=\"card-ticket__image\">\n        <a href=\"https:\/\/www.ebilet.pl\/klasyka\/opera-operetka\/w-krainie-czardasza\">\n            <img decoding=\"async\" src=\"https:\/\/www.ebilet.pl\/media\/cms\/media\/xp1oqzoq\/02_czardasz_552x736_ebilet-d9ff3339-bf15-4678-afbf-fd8ff28fbe0e.webp\" alt=\"Plakat wydarzenia\" \/>\n        <\/a>\n    <\/div>\n             \n    <div class=\"card-ticket__link\">\n        <a href=\"https:\/\/www.ebilet.pl\/klasyka\/opera-operetka\/w-krainie-czardasza\" class=\"button button--theme-primary-yellow button--withIconLeft button--size-small\">\n            <span class=\"button__icon icon icon-ticket\"><\/span>\n            <p class=\"button__text typo-16 f-600\">Kup bilet<\/p>\n        <\/a>\n    <\/div>\n    <\/div>                                    <\/div>\n                                <\/div>\n                                                            <div class=\"tickets-slider__sliderItem swiper-slide\"\n                                    data-id=\"179933\"\n                                    data-name=\"Ksi\u0119\u017cniczka Czardasza\"\n                                    data-brand=\"Agencja Artystyczna MUZA\"\n                                    data-category=\"klasyka\"\n                                    data-subcategory=\"opera-operetka\"\n                                    data-city=\"Konin, Rzesz\u00f3w, Wolbrom\"\n                                    data-venue=\"Dom Kultury Wolbrom\">\n                                    <div class=\"tickets-slider__sliderCard\">\n                                        \n<div class=\"card-ticket\">\n        <div class=\"card-ticket__image\">\n        <a href=\"https:\/\/www.ebilet.pl\/klasyka\/opera-operetka\/ksiezniczka-czardasza-1\">\n            <img decoding=\"async\" src=\"https:\/\/www.ebilet.pl\/media\/cms\/media\/otbn0zbc\/552x736-9b3fc47c-4b7e-426a-a30c-950349ad722d.webp\" alt=\"Plakat wydarzenia\" \/>\n        <\/a>\n    <\/div>\n             \n    <div class=\"card-ticket__link\">\n        <a href=\"https:\/\/www.ebilet.pl\/klasyka\/opera-operetka\/ksiezniczka-czardasza-1\" class=\"button button--theme-primary-yellow button--withIconLeft button--size-small\">\n            <span class=\"button__icon icon icon-ticket\"><\/span>\n            <p class=\"button__text typo-16 f-600\">Kup bilet<\/p>\n        <\/a>\n    <\/div>\n    <\/div>                                    <\/div>\n                                <\/div>\n                                                            <div class=\"tickets-slider__sliderItem swiper-slide\"\n                                    data-id=\"92930\"\n                                    data-name=\"Tribute to Luciano Pavarotti\"\n                                    data-brand=\"Copernicus Sp\u00f3\u0142ka z o.o.\"\n                                    data-category=\"klasyka\"\n                                    data-subcategory=\"opera-operetka\"\n                                    data-city=\"Bydgoszcz, Gda\u0144sk, Krak\u00f3w i inne\"\n                                    data-venue=\"Hotel Grand \u0141\u00f3d\u017a\">\n                                    <div class=\"tickets-slider__sliderCard\">\n                                        \n<div class=\"card-ticket\">\n        <div class=\"card-ticket__image\">\n        <a href=\"https:\/\/www.ebilet.pl\/klasyka\/opera-operetka\/tribute-to-pavarotti\">\n            <img decoding=\"async\" src=\"https:\/\/www.ebilet.pl\/media\/cms\/media\/zd2mzbzb\/pavarotti-552x736-px.webp\" alt=\"Plakat wydarzenia\" \/>\n        <\/a>\n    <\/div>\n             \n    <div class=\"card-ticket__link\">\n        <a href=\"https:\/\/www.ebilet.pl\/klasyka\/opera-operetka\/tribute-to-pavarotti\" class=\"button button--theme-primary-yellow button--withIconLeft button--size-small\">\n            <span class=\"button__icon icon icon-ticket\"><\/span>\n            <p class=\"button__text typo-16 f-600\">Kup bilet<\/p>\n        <\/a>\n    <\/div>\n    <\/div>                                    <\/div>\n                                <\/div>\n                                                            <div class=\"tickets-slider__sliderItem swiper-slide\"\n                                    data-id=\"11233\"\n                                    data-name=\"Weso\u0142a Wd\u00f3wka\"\n                                    data-brand=\"Agencja Artystyczna MUZA\"\n                                    data-category=\"klasyka\"\n                                    data-subcategory=\"opera-operetka\"\n                                    data-city=\"Inowroc\u0142aw, \u0141om\u017ca, Olsztyn\"\n                                    data-venue=\"Filharmonia Kameralna im. Witolda Lutos\u0142awskiego\">\n                                    <div class=\"tickets-slider__sliderCard\">\n                                        \n<div class=\"card-ticket\">\n        <div class=\"card-ticket__image\">\n        <a href=\"https:\/\/www.ebilet.pl\/klasyka\/opera-operetka\/wesola-wdowka\">\n            <img decoding=\"async\" src=\"https:\/\/www.ebilet.pl\/media\/cms\/media\/5usep4mv\/552x736-ww-38960b68-1738-4d59-8b76-4c3d0a5e2f0b.webp\" alt=\"Plakat wydarzenia\" \/>\n        <\/a>\n    <\/div>\n             \n    <div class=\"card-ticket__link\">\n        <a href=\"https:\/\/www.ebilet.pl\/klasyka\/opera-operetka\/wesola-wdowka\" class=\"button button--theme-primary-yellow button--withIconLeft button--size-small\">\n            <span class=\"button__icon icon icon-ticket\"><\/span>\n            <p class=\"button__text typo-16 f-600\">Kup bilet<\/p>\n        <\/a>\n    <\/div>\n    <\/div>                                    <\/div>\n                                <\/div>\n                                                            <div class=\"tickets-slider__sliderItem swiper-slide\"\n                                    data-id=\"197867\"\n                                    data-name=\"Aida\"\n                                    data-brand=\"OPERA \u015aL\u0104SKA W BYTOMIU\"\n                                    data-category=\"klasyka\"\n                                    data-subcategory=\"opera-operetka\"\n                                    data-city=\"Bytom\"\n                                    data-venue=\"Opera \u015al\u0105ska w Bytomiu \">\n                                    <div class=\"tickets-slider__sliderCard\">\n                                        \n<div class=\"card-ticket\">\n        <div class=\"card-ticket__image\">\n        <a href=\"https:\/\/www.ebilet.pl\/klasyka\/opera-operetka\/aida\">\n            <img decoding=\"async\" src=\"https:\/\/www.ebilet.pl\/media\/cms\/media\/keeh1ylg\/16-ee3b62e0-41c1-46f4-be34-2eaef1d56b60.webp\" alt=\"Plakat wydarzenia\" \/>\n        <\/a>\n    <\/div>\n             \n    <div class=\"card-ticket__link\">\n        <a href=\"https:\/\/www.ebilet.pl\/klasyka\/opera-operetka\/aida\" class=\"button button--theme-primary-yellow button--withIconLeft button--size-small\">\n            <span class=\"button__icon icon icon-ticket\"><\/span>\n            <p class=\"button__text typo-16 f-600\">Kup bilet<\/p>\n        <\/a>\n    <\/div>\n    <\/div>                                    <\/div>\n                                <\/div>\n                                                            <div class=\"tickets-slider__sliderItem swiper-slide\"\n                                    data-id=\"75405\"\n                                    data-name=\"Broadway Musicals przy \u015bwiecach\"\n                                    data-brand=\"Copernicus Sp\u00f3\u0142ka z o.o.\"\n                                    data-category=\"klasyka\"\n                                    data-subcategory=\"opera-operetka\"\n                                    data-city=\"Gda\u0144sk, Krak\u00f3w, Pozna\u0144 i inne\"\n                                    data-venue=\"Royal Chopin Hall\">\n                                    <div class=\"tickets-slider__sliderCard\">\n                                        \n<div class=\"card-ticket\">\n        <div class=\"card-ticket__image\">\n        <a href=\"https:\/\/www.ebilet.pl\/klasyka\/opera-operetka\/broadway-musicals\">\n            <img decoding=\"async\" src=\"https:\/\/www.ebilet.pl\/media\/cms\/media\/tcejafog\/broadway-musical-552x736-px-71b7d1f4-269a-4fa0-b885-53c20b17fed2.webp\" alt=\"Plakat wydarzenia\" \/>\n        <\/a>\n    <\/div>\n             \n    <div class=\"card-ticket__link\">\n        <a href=\"https:\/\/www.ebilet.pl\/klasyka\/opera-operetka\/broadway-musicals\" class=\"button button--theme-primary-yellow button--withIconLeft button--size-small\">\n            <span class=\"button__icon icon icon-ticket\"><\/span>\n            <p class=\"button__text typo-16 f-600\">Kup bilet<\/p>\n        <\/a>\n    <\/div>\n    <\/div>                                    <\/div>\n                                <\/div>\n                                                            <div class=\"tickets-slider__sliderItem swiper-slide\"\n                                    data-id=\"66925\"\n                                    data-name=\"Tosca przy \u015bwiecach\"\n                                    data-brand=\"Copernicus Sp\u00f3\u0142ka z o.o.\"\n                                    data-category=\"klasyka\"\n                                    data-subcategory=\"opera-operetka\"\n                                    data-city=\"Gda\u0144sk, Krak\u00f3w, Pozna\u0144 i inne\"\n                                    data-venue=\"Royal Chopin Hall\">\n                                    <div class=\"tickets-slider__sliderCard\">\n                                        \n<div class=\"card-ticket\">\n        <div class=\"card-ticket__image\">\n        <a href=\"https:\/\/www.ebilet.pl\/klasyka\/opera-operetka\/opera-tosca\">\n            <img decoding=\"async\" src=\"https:\/\/www.ebilet.pl\/media\/cms\/media\/rkonkvq5\/tosca-552x736px-ebe6ee3f-1a42-47f7-83a7-8f0050a674f6.webp\" alt=\"Plakat wydarzenia\" \/>\n        <\/a>\n    <\/div>\n             \n    <div class=\"card-ticket__link\">\n        <a href=\"https:\/\/www.ebilet.pl\/klasyka\/opera-operetka\/opera-tosca\" class=\"button button--theme-primary-yellow button--withIconLeft button--size-small\">\n            <span class=\"button__icon icon icon-ticket\"><\/span>\n            <p class=\"button__text typo-16 f-600\">Kup bilet<\/p>\n        <\/a>\n    <\/div>\n    <\/div>                                    <\/div>\n                                <\/div>\n                                                            <div class=\"tickets-slider__sliderItem swiper-slide\"\n                                    data-id=\"187724\"\n                                    data-name=\"Kr\u00f3l\u00a0Roger - Karol Szymanowski\"\n                                    data-brand=\"Teatr Wielki w Poznaniu\"\n                                    data-category=\"klasyka\"\n                                    data-subcategory=\"opera-operetka\"\n                                    data-city=\"Pozna\u0144\"\n                                    data-venue=\"Teatr Wielki im. Stanis\u0142awa Moniuszki w Poznaniu\">\n                                    <div class=\"tickets-slider__sliderCard\">\n                                        \n<div class=\"card-ticket\">\n        <div class=\"card-ticket__image\">\n        <a href=\"https:\/\/www.ebilet.pl\/klasyka\/opera-operetka\/krol-roger-karol-szymanowski\">\n            <img decoding=\"async\" src=\"https:\/\/www.ebilet.pl\/media\/cms\/media\/2codm0oe\/kr_l-roger-ebilet-portal.webp\" alt=\"Plakat wydarzenia\" \/>\n        <\/a>\n    <\/div>\n             \n    <div class=\"card-ticket__link\">\n        <a href=\"https:\/\/www.ebilet.pl\/klasyka\/opera-operetka\/krol-roger-karol-szymanowski\" class=\"button button--theme-primary-yellow button--withIconLeft button--size-small\">\n            <span class=\"button__icon icon icon-ticket\"><\/span>\n            <p class=\"button__text typo-16 f-600\">Kup bilet<\/p>\n        <\/a>\n    <\/div>\n    <\/div>                                    <\/div>\n                                <\/div>\n                                                            <div class=\"tickets-slider__sliderItem swiper-slide\"\n                                    data-id=\"202684\"\n                                    data-name=\"Po\u0142awiacze pere\u0142\"\n                                    data-brand=\"OPERA \u015aL\u0104SKA W BYTOMIU\"\n                                    data-category=\"klasyka\"\n                                    data-subcategory=\"opera-operetka\"\n                                    data-city=\"Bytom\"\n                                    data-venue=\"Opera \u015al\u0105ska w Bytomiu \">\n                                    <div class=\"tickets-slider__sliderCard\">\n                                        \n<div class=\"card-ticket\">\n        <div class=\"card-ticket__image\">\n        <a href=\"https:\/\/www.ebilet.pl\/klasyka\/opera-operetka\/polawiacze-perel\">\n            <img decoding=\"async\" src=\"https:\/\/www.ebilet.pl\/media\/cms\/media\/mhffjvu1\/21-044a80c2-76fc-4c00-8e98-86ac79feec57.webp\" alt=\"Plakat wydarzenia\" \/>\n        <\/a>\n    <\/div>\n             \n    <div class=\"card-ticket__link\">\n        <a href=\"https:\/\/www.ebilet.pl\/klasyka\/opera-operetka\/polawiacze-perel\" class=\"button button--theme-primary-yellow button--withIconLeft button--size-small\">\n            <span class=\"button__icon icon icon-ticket\"><\/span>\n            <p class=\"button__text typo-16 f-600\">Kup bilet<\/p>\n        <\/a>\n    <\/div>\n    <\/div>                                    <\/div>\n                                <\/div>\n                                                            <div class=\"tickets-slider__sliderItem swiper-slide\"\n                                    data-id=\"204063\"\n                                    data-name=\"Historie w nutach zapisane\"\n                                    data-brand=\"Elbl\u0105ska Orkiestra Kameralna\"\n                                    data-category=\"klasyka\"\n                                    data-subcategory=\"opera-operetka\"\n                                    data-city=\"Elbl\u0105g\"\n                                    data-venue=\"Zesp\u00f3\u0142 Pa\u0144stwowych Szk\u00f3\u0142 Muzycznych\">\n                                    <div class=\"tickets-slider__sliderCard\">\n                                        \n<div class=\"card-ticket\">\n        <div class=\"card-ticket__image\">\n        <a href=\"https:\/\/www.ebilet.pl\/klasyka\/opera-operetka\/historie-w-nutach-zapisane\">\n            <img decoding=\"async\" src=\"https:\/\/www.ebilet.pl\/media\/cms\/media\/whefh4ej\/unnamed.webp\" alt=\"Plakat wydarzenia\" \/>\n        <\/a>\n    <\/div>\n             \n    <div class=\"card-ticket__link\">\n        <a href=\"https:\/\/www.ebilet.pl\/klasyka\/opera-operetka\/historie-w-nutach-zapisane\" class=\"button button--theme-primary-yellow button--withIconLeft button--size-small\">\n            <span class=\"button__icon icon icon-ticket\"><\/span>\n            <p class=\"button__text typo-16 f-600\">Kup bilet<\/p>\n        <\/a>\n    <\/div>\n    <\/div>                                    <\/div>\n                                <\/div>\n                                                    <\/div>\n                    <\/div>\n                <\/div>\n            <\/div>\n        <\/div>\n    <\/div>\n<\/section>\n\n\n<section class=\"text-block  section-margin-32\" >\n    <div class=\"container\">\n        <div class=\"row\">\n            <div class=\"col-24\">\n                <div class=\"text-block__content\"><h2><strong>Nowe wcielenie wielkiego przeboju<\/strong><\/h2>\n<p><span style=\"font-weight: 400;\">Wykonanie przez Bocellego tej uznanej za jego flagow\u0105, muzyczn\u0105 wizyt\u00f3wk\u0119 kompozycji podczas oscarowej uroczysto\u015bci mia\u0142o po wielokro\u0107 szczeg\u00f3lny charakter. Po pierwsze &#8211; jak wspomnia\u0142am wy\u017cej &#8211; by\u0142o to jubileuszowe wykonanie utworu: w 1994 roku W\u0142och <\/span><span style=\"font-weight: 400;\">za\u015bpiewa\u0142 \u201cTime To Say Goodbye\u201d na <\/span><b>Festiwalu Piosenki W\u0142oskiej w San Remo <\/b>i tamto wydarzenie notuje si\u0119 jako premierowe, publiczne wykonanie tej piosenki.<span style=\"font-weight: 400;\">\u00a0<\/span><\/p>\n<p><span style=\"font-weight: 400;\">Po drugie, tym razem na scenie tenorowi nie towarzyszy\u0142a <\/span><b>Sarah Brightman<\/b><span style=\"font-weight: 400;\">, z kt\u00f3r\u0105 pierwotnie wykona\u0142 ten duet w angloj\u0119zycznej wersji, a <\/span><b>Matteo Bocelli<\/b><span style=\"font-weight: 400;\"> &#8211; m\u0142odszy syn artysty. 26-latek jak wida\u0107 odziedziczywszy talent muzyczny po s\u0142awnym ojcu i dzisiaj sam jest znanym \u015bpiewakiem (<\/span><span style=\"font-weight: 400;\">we wrze\u015bniu ubieg\u0142ego roku wyda\u0142 doceniony przez krytyk\u00f3w debiutancki album <\/span><b>\u201cMatteo\u201d<\/b><span style=\"font-weight: 400;\">).<\/span><span style=\"font-weight: 400;\">\u00a0\u00a0\u00a0<\/span><\/p>\n<p><span style=\"font-weight: 400;\">Po trzecie, panowie wykonali \u201cTime To Say Goodbye\u201d w nowej wersji, zaaran\u017cowanej i wyprodukowanej specjalnie dla nich przez \u015bwiatowej s\u0142awy kompozytora muzyki filmowej, dwukrotnego laureata Oscar\u00f3w \u2013 <\/span><b>Hansa Zimmera<\/b><span style=\"font-weight: 400;\">.<\/span><\/p>\n<p><span style=\"font-weight: 400;\">\u201cTo piosenka mojego \u017cycia, utw\u00f3r kt\u00f3ry reprezentuje mnie na ca\u0142ym \u015bwiecie. Opracowanie go na nowo \u2013 dzi\u0119ki wsp\u00f3\u0142pracy z Hansem Zimmerem \u2013 i za\u015bpiewanie go razem z moim synem Matteo stanowi ekscytuj\u0105ce wyzwanie. B\u0119dzie to jednocze\u015bnie cz\u0119\u015b\u0107 wi\u0119kszego, nadchodz\u0105cego projektu<\/span><span style=\"font-weight: 400;\">\u201d &#8211; m\u00f3wi\u0142 po wyst\u0119pie Bocelli.\u00a0<\/span><\/p>\n<p><span style=\"font-weight: 400;\">\u201c<\/span><i><span style=\"font-weight: 400;\">Time to Say Goodbye<\/span><\/i><span style=\"font-weight: 400;\"> to dla mnie co\u015b wi\u0119cej ni\u017c piosenka. To hymn mojej rodziny i d\u017awi\u0119kowa \u015bcie\u017cka do setek wspomnie\u0144. Za\u015bpiewanie tej piosenki z ojcem w nowej aran\u017cacji, to wielki zaszczyt. A za\u015bpiewanie jej na scenie oscarowej to po prostu spe\u0142nienie marze\u0144!\u201d &#8211; doda\u0142 Matteo.\u00a0<\/span><\/p>\n<p><span style=\"font-weight: 400;\">A jak efekty wsp\u00f3\u0142pracy z rodzin\u0105 \u015bpiewak\u00f3w oceni\u0142 wielki kompozytor, Hans Zimmer?<\/span><\/p>\n<p><span style=\"font-weight: 400;\">\u201cZnalezienie nowej muzycznej perspektywy dla tego arcydzie\u0142a by\u0142o zaszczytem i ekscytuj\u0105cym wyzwaniem oraz pr\u00f3b\u0105 stworzenia niemal kinowego akompaniamentu dla tych dw\u00f3ch g\u0142os\u00f3w, b\u0119d\u0105cych jednymi z najwspanialszych na \u015bwiecie\u201d &#8211; powiedzia\u0142.\u00a0<\/span><\/p>\n<p><span style=\"font-weight: 400;\">Dzie\u0144 po wsp\u00f3lnym wyst\u0119pie wypuszczony zosta\u0142 teledysk tej nowej wersji \u201cTime To Say Goodbye\u201d:\u00a0 <\/span><\/p>\n<\/div>\n            <\/div>\n        <\/div>\n    <\/div>\n<\/section>\n\n\n<figure class=\"wp-block-embed is-provider-youtube wp-block-embed-youtube\"><div class=\"wp-block-embed__wrapper\">\n<iframe loading=\"lazy\" title=\"Andrea Bocelli, Matteo Bocelli, Hans Zimmer - Time To Say Goodbye (Official Music Video)\" width=\"500\" height=\"281\" src=\"https:\/\/www.youtube.com\/embed\/Ng7JKZQXnWw?feature=oembed\" frameborder=\"0\" allow=\"accelerometer; autoplay; clipboard-write; encrypted-media; gyroscope; picture-in-picture; web-share\" referrerpolicy=\"strict-origin-when-cross-origin\" allowfullscreen><\/iframe>  \n<\/div><\/figure>\n\n\n<section class=\"gap-block  section-margin-32 section-margin-32\"><\/section>\n\n\n<section class=\"text-block  section-margin-32\" >\n    <div class=\"container\">\n        <div class=\"row\">\n            <div class=\"col-24\">\n                <div class=\"text-block__content\"><h2><strong>P\u0142yta pe\u0142na gwiazd na 30-lecie kariery<\/strong><\/h2>\n<p><span style=\"font-weight: 400;\">Nadchodz\u0105cy projekt, o kt\u00f3rym Bocelli m\u00f3wi\u0142 po estradowej prezentacji wsp\u00f3\u0142pracy z Zimmerem i Matteo, to <\/span><span style=\"font-weight: 400;\">zaplanowana na 25 pa\u017adziernika premiera jego nowego albumu, <\/span><b>\u201cDuets\u201d<\/b><span style=\"font-weight: 400;\">. <\/span><\/p>\n<p><span style=\"font-weight: 400;\">Wydawnictwo zawiera\u0107 b\u0119dzie \u0142\u0105cznie 32 nagrania duet\u00f3w &#8211; zar\u00f3wno tych, kt\u00f3re zarejestrowane zosta\u0142y w przesz\u0142o\u015bci, jak i premierowe utwory, stworzone z okazji produkcji tej p\u0142yty. Na p\u0142ycie us\u0142yszymy duety, w kt\u00f3rych Bocelli wyst\u0105pi\u0142 z takimi artystami jak m.in. <\/span><a href=\"https:\/\/www.ebilet.pl\/artysta\/ed-sheeran\"><b>Ed Sheeran<\/b><\/a><span style=\"font-weight: 400;\">, <\/span><b>C\u00e9line Dion<\/b><span style=\"font-weight: 400;\">, <\/span><b>Sarah Brightman<\/b><span style=\"font-weight: 400;\">, <\/span><a href=\"https:\/\/www.ebilet.pl\/artysta\/dua-lipa\"><b>Dua Lipa<\/b><\/a><span style=\"font-weight: 400;\">, <\/span><b><a href=\"https:\/\/www.ebilet.pl\/artysta\/ariana-grande\">Ariana Grande<\/a>, <a href=\"https:\/\/www.ebilet.pl\/artysta\/jennifer-lopez\">Jennifer Lopez<\/a><\/b><span style=\"font-weight: 400;\">, <\/span><b><a href=\"https:\/\/www.ebilet.pl\/artysta\/gwen-stefani\">Gwen Stefani<\/a>, <\/b><b><a href=\"https:\/\/www.ebilet.pl\/artysta\/christina-aguilera\">Christina Aguilera<\/a>\u00a0czy <\/b><b>Sofia Carson<\/b><span style=\"font-weight: 400;\">.<\/span><\/p>\n<p><span style=\"font-weight: 400;\">Zapytany o proces powstawania produkcji, w kt\u00f3rej udzia\u0142 mieli arty\u015bci reprezentuj\u0105cy tak r\u00f3\u017cne gatunki muzyki, Andrea Bocelli odpowiedzia\u0142:\u00a0<\/span><\/p>\n<p><span style=\"font-weight: 400;\">\u201c\u0141\u0105czenie g\u0142os\u00f3w i mieszanie ich wibracji jest dla mnie bardzo ekscytuj\u0105cym do\u015bwiadczeniem, zmys\u0142owym i duchowym jednocze\u015bnie. Mi\u0119dzy dwoma g\u0142osami, kt\u00f3re \u015bpiewaj\u0105 w duecie, utrwala si\u0119 co\u015b intymnego i g\u0142\u0119bokiego. My, \u015bpiewacy, nieustannie poszukujemy koleg\u00f3w, kt\u00f3rzy s\u0105 w stanie da\u0107 \u017cycie tej alchemii\u201d.<\/span><\/p>\n<\/div>\n            <\/div>\n        <\/div>\n    <\/div>\n<\/section>\n\n\n<figure class=\"wp-block-embed is-provider-youtube wp-block-embed-youtube\"><div class=\"wp-block-embed__wrapper\">\n<iframe loading=\"lazy\" title=\"Andrea Bocelli - Duets (trailer)\" width=\"500\" height=\"281\" src=\"https:\/\/www.youtube.com\/embed\/eN-7QbgM8Yc?feature=oembed\" frameborder=\"0\" allow=\"accelerometer; autoplay; clipboard-write; encrypted-media; gyroscope; picture-in-picture; web-share\" referrerpolicy=\"strict-origin-when-cross-origin\" allowfullscreen><\/iframe>  \n<\/div><\/figure>\n\n\n<section class=\"gap-block  section-margin-32 section-margin-32\"><\/section>\n\n\n<section class=\"text-block  section-margin-32\" >\n    <div class=\"container\">\n        <div class=\"row\">\n            <div class=\"col-24\">\n                <div class=\"text-block__content\"><h2><strong>Na pocz\u0105tek Shania Twain<\/strong><\/h2>\n<p><span style=\"font-weight: 400;\">Drugim &#8211; po <\/span><span style=\"font-weight: 400;\">\u201cTime To Say Goodbye\u201d z Matteo<\/span><span style=\"font-weight: 400;\"> &#8211; nagraniem singlowym promuj\u0105cym album jest utw\u00f3r <\/span><b>\u201cDa Stanotte in Poi \/ From This Moment On\u201d<\/b><span style=\"font-weight: 400;\"> w wykonaniu Bocellego i gwiazdy country, pi\u0119ciokrotnej zdobywczyni GRAMMY, <\/span><a href=\"https:\/\/www.ebilet.pl\/artysta\/shania-twain\"><b>Shanii Twain<\/b><\/a><span style=\"font-weight: 400;\">. Jest to nowa wersja wielkiego przeboju wokalistki z 1997 roku.\u00a0\u00a0<\/span><\/p>\n<p><span style=\"font-weight: 400;\">\u201cShania Twain zawsze mia\u0142a w pami\u0119ci pomys\u0142 wykonania tej piosenki w duecie i teraz, 27 lat po premierze tego nagrania, znalaz\u0142a idealnego partnera do jego reinterpretacji\u201d &#8211; czytamy w komunikacie promuj\u0105cym singiel. <\/span><\/p>\n<\/div>\n            <\/div>\n        <\/div>\n    <\/div>\n<\/section>\n\n\n<figure class=\"wp-block-embed is-provider-youtube wp-block-embed-youtube\"><div class=\"wp-block-embed__wrapper\">\n<iframe loading=\"lazy\" title=\"Andrea Bocelli &amp; Shania Twain - Da Stanotte in Poi (From This Moment On) (Official Lyri...\" width=\"500\" height=\"281\" src=\"https:\/\/www.youtube.com\/embed\/2TLbLnquPkU?feature=oembed\" frameborder=\"0\" allow=\"accelerometer; autoplay; clipboard-write; encrypted-media; gyroscope; picture-in-picture; web-share\" referrerpolicy=\"strict-origin-when-cross-origin\" allowfullscreen><\/iframe> \n<\/div><\/figure>\n\n\n<section class=\"gap-block  section-margin-32 section-margin-32\"><\/section>\n\n\n<section class=\"text-block  section-margin-32\" >\n    <div class=\"container\">\n        <div class=\"row\">\n            <div class=\"col-24\">\n                <div class=\"text-block__content\"><h2><strong>Wielkie widowisko w Teatro del Silenzio i \u015bwiatowa trasa koncertowa<\/strong><\/h2>\n<p><span style=\"font-weight: 400;\">Nowa p\u0142yta to nie jedyna niespodzianka przygotowana przez legendarnego tenora z okazji <\/span><span style=\"font-weight: 400;\">jego trzeciej dekady kariery w bran\u017cy. Ogromny wk\u0142ad artysty w histori\u0119 muzyki klasycznej i popularnej wraz z nim \u015bwi\u0119towa\u0142o jego rodzinne miasto Lajatico. To w\u0142a\u015bnie tutaj &#8211; <\/span><span style=\"font-weight: 400;\">w amfiteatrze Teatro del Silenzio &#8211; przez trzy koncertowe wieczory 15, 17 i 19 lipca odbywa\u0142y si\u0119 obchody 30-lecia kariery muzycznej \u015bpiewaka. Za re\u017cyseri\u0119 widowiska odpowiada\u0142 <\/span><b>Sam Wrench<\/b><span style=\"font-weight: 400;\">, tw\u00f3rca m.in. <\/span><b>\u201cTaylor Swift &#8211; The Eras Tour\u201d<\/b><span style=\"font-weight: 400;\"> a w\u015br\u00f3d go\u015bci koncertu byli mi\u0119dzy innymi: <\/span><b>Ed Sheeran<\/b><span style=\"font-weight: 400;\">, <\/span><b>Shania Twain<\/b><span style=\"font-weight: 400;\">, <\/span><b>Jon Batiste<\/b><span style=\"font-weight: 400;\">, <\/span><b>David Foster<\/b><span style=\"font-weight: 400;\">, <\/span><b>Brian May<\/b><span style=\"font-weight: 400;\">, <\/span><b>Russell Crowe<\/b><span style=\"font-weight: 400;\">, <\/span><b>Johnny Depp<\/b><span style=\"font-weight: 400;\">, <\/span><b>Sofia Vergara<\/b><span style=\"font-weight: 400;\">, <\/span><b>David Foster<\/b><span style=\"font-weight: 400;\">, <\/span><b>Christian Nodal<\/b><span style=\"font-weight: 400;\">, <\/span><b>Sofia Carson<\/b><span style=\"font-weight: 400;\">, <\/span><b>Laura Pausini<\/b><span style=\"font-weight: 400;\">, <\/span><b>Tiziano Ferro<\/b><span style=\"font-weight: 400;\">, <\/span><b>Zucchero, Eros Ramazzotti<\/b><span style=\"font-weight: 400;\"> oraz klasyczne supergwiazdy <\/span><b>Placido Domingo<\/b><span style=\"font-weight: 400;\">, <\/span><b>Jose Carreras<\/b><span style=\"font-weight: 400;\">, <\/span><b>Lang Lang<\/b><span style=\"font-weight: 400;\">, <\/span><b>Aida Garifullina<\/b><span style=\"font-weight: 400;\"> i <\/span><b>Nadine Sierra<\/b><span style=\"font-weight: 400;\">.<\/span><\/p>\n<p><span style=\"font-weight: 400;\">\u201c\u015awi\u0119towanie 30. rocznicy mojej kariery w Teatro del Silenzio, miejscu, kt\u00f3re tak wiele dla mnie znaczy, z artystami i przyjaci\u00f3\u0142mi to zaszczyt\u201d &#8211; powiedzia\u0142 Andrea Bocelli o tym szczeg\u00f3lnym wydarzeniu.<\/span><\/p>\n<p><span style=\"font-weight: 400;\">Filmowy zapis tych koncert\u00f3w, zostanie wyprodukowany przez Mercury Studios, Maverick, Impact Productions oraz CitySound &amp; Events i b\u0119dzie prezentowany w kinach na ca\u0142ym \u015bwiecie tej jesieni.\u00a0<\/span><\/p>\n<p><span style=\"font-weight: 400;\">Ponadto ju\u017c w sierpniu Andrea Bocelli wyrusza w \u015bwiatow\u0105 tras\u0119 koncertow\u0105, w ramach kt\u00f3rej odwiedzi te\u017c nasz kraj.<\/span><\/p>\n<\/div>\n            <\/div>\n        <\/div>\n    <\/div>\n<\/section>\n\n\n<section class=\"image-block  section-margin-32\" >\n        <div class=\"container\">\n        <div class=\"row\">\n            <div class=\"col-24\">\n                                <div class=\"image-block__container\">\n                    <div class=\"image-block__wrapper\"><img loading=\"lazy\" decoding=\"async\" width=\"420\" height=\"550\" src=\"https:\/\/www.ebilet.pl\/now\/app\/uploads\/2024\/07\/bocelli.jpg\" class=\"attachment-full size-full\" alt=\"\" \/><\/div>\n                                            <div class=\"image-block__caption typo-12\">Fot. Materia\u0142y prasowe Universal Music<\/div>\n                                    <\/div>\n                            <\/div>\n        <\/div>\n    <\/div>\n<\/section>\n\n\n<section class=\"tickets-slider  section-margin-32\"\n    data-tickets-slider\n    data-item-list-name=\"Karuzela z buttonami\"\n    data-item-list-id=\"karuzela_z_buttonami\"\n    >\n    <div class=\"container\">\n        <div class=\"row\">\n            <div class=\"col-24\">\n                <div class=\"tickets-slider__main\">\n                    <div class=\"tickets-slider__nav tickets-slider__nav--prev\">\n                        <div class=\"button button--withIcon button--theme-white-blur button--size-fixed-48\" data-tickets-slider-prev>\n                            <span class=\"button__icon icon icon-chevron-left\"><\/span>\n                        <\/div>\n                    <\/div>\n                    <div class=\"tickets-slider__nav tickets-slider__nav--next\">\n                        <div class=\"button button--withIcon button--theme-white-blur button--size-fixed-48\" data-tickets-slider-next>\n                            <span class=\"button__icon icon icon-chevron-right\"><\/span>\n                        <\/div>\n                    <\/div>\n                    <div class=\"tickets-slider__slider swiper\" data-tickets-slider-slider>\n                        <div class=\"tickets-slider__sliderWrapper swiper-wrapper\">\n                                                            <div class=\"tickets-slider__sliderItem swiper-slide\"\n                                    data-id=\"25271\"\n                                    data-name=\"Koncert Chopinowski\"\n                                    data-brand=\"Agencja Koncertowa PRESTO\"\n                                    data-category=\"klasyka\"\n                                    data-subcategory=\"koncert\"\n                                    data-city=\"Warszawa\"\n                                    data-venue=\"Sala Koncertowa \u201eFryderyk\u201d\">\n                                    <div class=\"tickets-slider__sliderCard\">\n                                        \n<div class=\"card-ticket\">\n        <div class=\"card-ticket__image\">\n        <a href=\"https:\/\/www.ebilet.pl\/klasyka\/koncert\/chopin\">\n            <img decoding=\"async\" src=\"https:\/\/www.ebilet.pl\/media\/cms\/media\/0jcpgkuj\/552x736.webp\" alt=\"Plakat wydarzenia\" \/>\n        <\/a>\n    <\/div>\n             \n    <div class=\"card-ticket__link\">\n        <a href=\"https:\/\/www.ebilet.pl\/klasyka\/koncert\/chopin\" class=\"button button--theme-primary-yellow button--withIconLeft button--size-small\">\n            <span class=\"button__icon icon icon-ticket\"><\/span>\n            <p class=\"button__text typo-16 f-600\">Kup bilet<\/p>\n        <\/a>\n    <\/div>\n    <\/div>                                    <\/div>\n                                <\/div>\n                                                            <div class=\"tickets-slider__sliderItem swiper-slide\"\n                                    data-id=\"84712\"\n                                    data-name=\"Time For Chopin\"\n                                    data-brand=\"Time for Chopin Sp. z o.o. s.k.\"\n                                    data-category=\"klasyka\"\n                                    data-subcategory=\"koncert\"\n                                    data-city=\"Warszawa\"\n                                    data-venue=\"Salon Pleyel\">\n                                    <div class=\"tickets-slider__sliderCard\">\n                                        \n<div class=\"card-ticket\">\n        <div class=\"card-ticket__image\">\n        <a href=\"https:\/\/www.ebilet.pl\/klasyka\/koncert\/time-for-chopin\">\n            <img decoding=\"async\" src=\"https:\/\/www.ebilet.pl\/media\/cms\/media\/3sdpqhj2\/baner_552-x-736-84f5ca60-5157-4227-9b5f-2d72eca7e9cb.webp\" alt=\"Plakat wydarzenia\" \/>\n        <\/a>\n    <\/div>\n             \n    <div class=\"card-ticket__link\">\n        <a href=\"https:\/\/www.ebilet.pl\/klasyka\/koncert\/time-for-chopin\" class=\"button button--theme-primary-yellow button--withIconLeft button--size-small\">\n            <span class=\"button__icon icon icon-ticket\"><\/span>\n            <p class=\"button__text typo-16 f-600\">Kup bilet<\/p>\n        <\/a>\n    <\/div>\n    <\/div>                                    <\/div>\n                                <\/div>\n                                                            <div class=\"tickets-slider__sliderItem swiper-slide\"\n                                    data-id=\"68031\"\n                                    data-name=\"Koncert Chopinowski w Chopin Point Warsaw\"\n                                    data-brand=\"Sea Guide\"\n                                    data-category=\"klasyka\"\n                                    data-subcategory=\"koncert\"\n                                    data-city=\"Warszawa\"\n                                    data-venue=\"Stara Galeria ZPAF\">\n                                    <div class=\"tickets-slider__sliderCard\">\n                                        \n<div class=\"card-ticket\">\n        <div class=\"card-ticket__image\">\n        <a href=\"https:\/\/www.ebilet.pl\/klasyka\/koncert\/chopin-recitals\">\n            <img decoding=\"async\" src=\"https:\/\/www.ebilet.pl\/media\/cms\/media\/hfmm5se5\/chopin-point-ok\u0142adka-pionowa-a0c499ae-06f2-820b-fa2e-cb77d7b92f4e.webp\" alt=\"Plakat wydarzenia\" \/>\n        <\/a>\n    <\/div>\n             \n    <div class=\"card-ticket__link\">\n        <a href=\"https:\/\/www.ebilet.pl\/klasyka\/koncert\/chopin-recitals\" class=\"button button--theme-primary-yellow button--withIconLeft button--size-small\">\n            <span class=\"button__icon icon icon-ticket\"><\/span>\n            <p class=\"button__text typo-16 f-600\">Kup bilet<\/p>\n        <\/a>\n    <\/div>\n    <\/div>                                    <\/div>\n                                <\/div>\n                                                            <div class=\"tickets-slider__sliderItem swiper-slide\"\n                                    data-id=\"146360\"\n                                    data-name=\"Chopin &amp; Friends \"\n                                    data-brand=\"Copernicus Sp\u00f3\u0142ka z o.o.\"\n                                    data-category=\"klasyka\"\n                                    data-subcategory=\"koncert\"\n                                    data-city=\"Gda\u0144sk, Wroc\u0142aw\"\n                                    data-venue=\"Ko\u015bci\u00f3\u0142 Rektorski Ojc\u00f3w Karmelit\u00f3w pw. \u015bw. Katarzyny\">\n                                    <div class=\"tickets-slider__sliderCard\">\n                                        \n<div class=\"card-ticket\">\n        <div class=\"card-ticket__image\">\n        <a href=\"https:\/\/www.ebilet.pl\/klasyka\/koncert\/chopin-friends\">\n            <img decoding=\"async\" src=\"https:\/\/www.ebilet.pl\/media\/cms\/media\/3fpbsqyl\/chopin-candle-glow-concerts-552x736-px-wroc_aw-94012ee0-7c7e-4fc1-9e00-fa1f2cdf4f18.webp\" alt=\"Plakat wydarzenia\" \/>\n        <\/a>\n    <\/div>\n             \n    <div class=\"card-ticket__link\">\n        <a href=\"https:\/\/www.ebilet.pl\/klasyka\/koncert\/chopin-friends\" class=\"button button--theme-primary-yellow button--withIconLeft button--size-small\">\n            <span class=\"button__icon icon icon-ticket\"><\/span>\n            <p class=\"button__text typo-16 f-600\">Kup bilet<\/p>\n        <\/a>\n    <\/div>\n    <\/div>                                    <\/div>\n                                <\/div>\n                                                            <div class=\"tickets-slider__sliderItem swiper-slide\"\n                                    data-id=\"147163\"\n                                    data-name=\"Koncert w\u015br\u00f3d tysi\u0105ca \u015bwiec: Coldplay &amp; Imagine Dragons\"\n                                    data-brand=\"Candle Live Music\"\n                                    data-category=\"klasyka\"\n                                    data-subcategory=\"koncert\"\n                                    data-city=\"Bielsko-Bia\u0142a, Gda\u0144sk, Nowy S\u0105cz i inne\"\n                                    data-venue=\"Miejski O\u015brodek Kultury w Nowym S\u0105czu\">\n                                    <div class=\"tickets-slider__sliderCard\">\n                                        \n<div class=\"card-ticket\">\n        <div class=\"card-ticket__image\">\n        <a href=\"https:\/\/www.ebilet.pl\/klasyka\/koncert\/koncert-przy-swiecach-coldplay-imagine-dragons\">\n            <img decoding=\"async\" src=\"https:\/\/www.ebilet.pl\/media\/cms\/media\/2fejymko\/coldplay-2-97ea92e8-42fa-43df-a201-860fea2b6abe.webp\" alt=\"Plakat wydarzenia\" \/>\n        <\/a>\n    <\/div>\n             \n    <div class=\"card-ticket__link\">\n        <a href=\"https:\/\/www.ebilet.pl\/klasyka\/koncert\/koncert-przy-swiecach-coldplay-imagine-dragons\" class=\"button button--theme-primary-yellow button--withIconLeft button--size-small\">\n            <span class=\"button__icon icon icon-ticket\"><\/span>\n            <p class=\"button__text typo-16 f-600\">Kup bilet<\/p>\n        <\/a>\n    <\/div>\n    <\/div>                                    <\/div>\n                                <\/div>\n                                                            <div class=\"tickets-slider__sliderItem swiper-slide\"\n                                    data-id=\"128671\"\n                                    data-name=\"Koncert Wiede\u0144ski - VIENNA OPERA GALA\"\n                                    data-brand=\"Copernicus Sp\u00f3\u0142ka z o.o.\"\n                                    data-category=\"klasyka\"\n                                    data-subcategory=\"koncert\"\n                                    data-city=\"Gda\u0144sk, Katowice, Krak\u00f3w i inne\"\n                                    data-venue=\"Ko\u015bci\u00f3\u0142 Ewangelicko \u2013 Augsburski w Olsztynie\">\n                                    <div class=\"tickets-slider__sliderCard\">\n                                        \n<div class=\"card-ticket\">\n        <div class=\"card-ticket__image\">\n        <a href=\"https:\/\/www.ebilet.pl\/klasyka\/koncert\/vienna-opera\">\n            <img decoding=\"async\" src=\"https:\/\/www.ebilet.pl\/media\/cms\/media\/kmrdaz5v\/renditiondownload-022bf180-4d9f-49a6-9591-95e3b5a87090.webp\" alt=\"Plakat wydarzenia\" \/>\n        <\/a>\n    <\/div>\n             \n    <div class=\"card-ticket__link\">\n        <a href=\"https:\/\/www.ebilet.pl\/klasyka\/koncert\/vienna-opera\" class=\"button button--theme-primary-yellow button--withIconLeft button--size-small\">\n            <span class=\"button__icon icon icon-ticket\"><\/span>\n            <p class=\"button__text typo-16 f-600\">Kup bilet<\/p>\n        <\/a>\n    <\/div>\n    <\/div>                                    <\/div>\n                                <\/div>\n                                                            <div class=\"tickets-slider__sliderItem swiper-slide\"\n                                    data-id=\"150233\"\n                                    data-name=\"Ballady Rockowe przy \u015awiecach\"\n                                    data-brand=\"Royal Tributes Sp. z o.o.\"\n                                    data-category=\"klasyka\"\n                                    data-subcategory=\"koncert\"\n                                    data-city=\"Bia\u0142ystok, Bydgoszcz, D\u0105browa G\u00f3rnicza i inne\"\n                                    data-venue=\"Nowohuckie Centrum Kultury w Krakowie\">\n                                    <div class=\"tickets-slider__sliderCard\">\n                                        \n<div class=\"card-ticket\">\n        <div class=\"card-ticket__image\">\n        <a href=\"https:\/\/www.ebilet.pl\/klasyka\/koncert\/ballady-rockowe-przy-swiecach\">\n            <img decoding=\"async\" src=\"https:\/\/www.ebilet.pl\/media\/cms\/media\/vbxkuhpx\/552_736-df-72f4d0ae-aa7a-40c3-9f20-977422d97bfd.webp\" alt=\"Plakat wydarzenia\" \/>\n        <\/a>\n    <\/div>\n             \n    <div class=\"card-ticket__link\">\n        <a href=\"https:\/\/www.ebilet.pl\/klasyka\/koncert\/ballady-rockowe-przy-swiecach\" class=\"button button--theme-primary-yellow button--withIconLeft button--size-small\">\n            <span class=\"button__icon icon icon-ticket\"><\/span>\n            <p class=\"button__text typo-16 f-600\">Kup bilet<\/p>\n        <\/a>\n    <\/div>\n    <\/div>                                    <\/div>\n                                <\/div>\n                                                            <div class=\"tickets-slider__sliderItem swiper-slide\"\n                                    data-id=\"38315\"\n                                    data-name=\"Koncert przy \u015bwiecach: Antonio Vivaldi- Cztery Pory Roku\"\n                                    data-brand=\"Candle Live Music\"\n                                    data-category=\"klasyka\"\n                                    data-subcategory=\"koncert\"\n                                    data-city=\"Pozna\u0144, Szczawno-Zdr\u00f3j, Warszawa i inne\"\n                                    data-venue=\"Pa\u0142ac Dzia\u0142y\u0144skich\">\n                                    <div class=\"tickets-slider__sliderCard\">\n                                        \n<div class=\"card-ticket\">\n        <div class=\"card-ticket__image\">\n        <a href=\"https:\/\/www.ebilet.pl\/klasyka\/koncert\/cztery-pory-roku\">\n            <img decoding=\"async\" src=\"https:\/\/www.ebilet.pl\/media\/cms\/media\/xojfo4jg\/vivaldi-552-x-736-px-510fb6cc-bab6-4021-b969-e33e6b089eae.webp\" alt=\"Plakat wydarzenia\" \/>\n        <\/a>\n    <\/div>\n             \n    <div class=\"card-ticket__link\">\n        <a href=\"https:\/\/www.ebilet.pl\/klasyka\/koncert\/cztery-pory-roku\" class=\"button button--theme-primary-yellow button--withIconLeft button--size-small\">\n            <span class=\"button__icon icon icon-ticket\"><\/span>\n            <p class=\"button__text typo-16 f-600\">Kup bilet<\/p>\n        <\/a>\n    <\/div>\n    <\/div>                                    <\/div>\n                                <\/div>\n                                                            <div class=\"tickets-slider__sliderItem swiper-slide\"\n                                    data-id=\"147446\"\n                                    data-name=\"Per\u0142y Muzyki Rozrywkowej - Gra\u017cyna Brodzi\u0144ska i jej go\u015bcie\"\n                                    data-brand=\"Agencja Artystyczna MUZA\"\n                                    data-category=\"klasyka\"\n                                    data-subcategory=\"koncert\"\n                                    data-city=\"Cieszyn, Gda\u0144sk, Kalisz i inne\"\n                                    data-venue=\"Polska Filharmonia Ba\u0142tycka im. Fryderyka Chopina\">\n                                    <div class=\"tickets-slider__sliderCard\">\n                                        \n<div class=\"card-ticket\">\n        <div class=\"card-ticket__image\">\n        <a href=\"https:\/\/www.ebilet.pl\/klasyka\/koncert\/perly-muzyki-rozrywkowej\">\n            <img decoding=\"async\" src=\"https:\/\/www.ebilet.pl\/media\/cms\/media\/3abdruc3\/552x736-pmr-59bd913d-9291-4787-a1c7-2278ba0cee08.webp\" alt=\"Plakat wydarzenia\" \/>\n        <\/a>\n    <\/div>\n             \n    <div class=\"card-ticket__link\">\n        <a href=\"https:\/\/www.ebilet.pl\/klasyka\/koncert\/perly-muzyki-rozrywkowej\" class=\"button button--theme-primary-yellow button--withIconLeft button--size-small\">\n            <span class=\"button__icon icon icon-ticket\"><\/span>\n            <p class=\"button__text typo-16 f-600\">Kup bilet<\/p>\n        <\/a>\n    <\/div>\n    <\/div>                                    <\/div>\n                                <\/div>\n                                                            <div class=\"tickets-slider__sliderItem swiper-slide\"\n                                    data-id=\"138947\"\n                                    data-name=\"World Hits Symphony - Universe Orchestra\"\n                                    data-brand=\"V\u0161\u012e Starlink International\"\n                                    data-category=\"klasyka\"\n                                    data-subcategory=\"koncert\"\n                                    data-city=\"Katowice, Krak\u00f3w, Wroc\u0142aw\"\n                                    data-venue=\"Katowice Miasto Ogrod\u00f3w\">\n                                    <div class=\"tickets-slider__sliderCard\">\n                                        \n<div class=\"card-ticket\">\n        <div class=\"card-ticket__image\">\n        <a href=\"https:\/\/www.ebilet.pl\/klasyka\/koncert\/world-hits-symphony-universe-orchestra\">\n            <img decoding=\"async\" src=\"https:\/\/www.ebilet.pl\/media\/cms\/media\/5xfo441q\/world-hits-552x736-57b73bb3-a856-45b7-b141-e4432a4c5d52.webp\" alt=\"Plakat wydarzenia\" \/>\n        <\/a>\n    <\/div>\n             \n    <div class=\"card-ticket__link\">\n        <a href=\"https:\/\/www.ebilet.pl\/klasyka\/koncert\/world-hits-symphony-universe-orchestra\" class=\"button button--theme-primary-yellow button--withIconLeft button--size-small\">\n            <span class=\"button__icon icon icon-ticket\"><\/span>\n            <p class=\"button__text typo-16 f-600\">Kup bilet<\/p>\n        <\/a>\n    <\/div>\n    <\/div>                                    <\/div>\n                                <\/div>\n                                                            <div class=\"tickets-slider__sliderItem swiper-slide\"\n                                    data-id=\"165170\"\n                                    data-name=\"Koncert Wiede\u0144ski - Johann Strauss Gala\"\n                                    data-brand=\"AVIP Group Concert &amp; Event Agency LTD\"\n                                    data-category=\"klasyka\"\n                                    data-subcategory=\"koncert\"\n                                    data-city=\"Bydgoszcz, \u0141\u00f3d\u017a, Pozna\u0144 i inne\"\n                                    data-venue=\"Centrum Kultury \u015al\u0105skiej\">\n                                    <div class=\"tickets-slider__sliderCard\">\n                                        \n<div class=\"card-ticket\">\n        <div class=\"card-ticket__image\">\n        <a href=\"https:\/\/www.ebilet.pl\/klasyka\/koncert\/koncert-wiedenski-johann-strauss-gala\">\n            <img decoding=\"async\" src=\"https:\/\/www.ebilet.pl\/media\/cms\/media\/spla1sji\/02_johann_strauss_552x736_ebilet-29d2a079-191f-4e42-99b6-0432af733a96.webp\" alt=\"Plakat wydarzenia\" \/>\n        <\/a>\n    <\/div>\n             \n    <div class=\"card-ticket__link\">\n        <a href=\"https:\/\/www.ebilet.pl\/klasyka\/koncert\/koncert-wiedenski-johann-strauss-gala\" class=\"button button--theme-primary-yellow button--withIconLeft button--size-small\">\n            <span class=\"button__icon icon icon-ticket\"><\/span>\n            <p class=\"button__text typo-16 f-600\">Kup bilet<\/p>\n        <\/a>\n    <\/div>\n    <\/div>                                    <\/div>\n                                <\/div>\n                                                            <div class=\"tickets-slider__sliderItem swiper-slide\"\n                                    data-id=\"163555\"\n                                    data-name=\"Gregorian Grace\"\n                                    data-brand=\"BB CONCERTS Sp. z o.o.\"\n                                    data-category=\"klasyka\"\n                                    data-subcategory=\"koncert\"\n                                    data-city=\"D\u0119bica, Lublin, \u0141\u00f3d\u017a i inne\"\n                                    data-venue=\"Dom Kultury Mors\">\n                                    <div class=\"tickets-slider__sliderCard\">\n                                        \n<div class=\"card-ticket\">\n        <div class=\"card-ticket__image\">\n        <a href=\"https:\/\/www.ebilet.pl\/klasyka\/koncert\/gregorian-grace\">\n            <img decoding=\"async\" src=\"https:\/\/www.ebilet.pl\/media\/cms\/media\/qb1hkha0\/okladka-pion-552-14d94cb2-c099-4c7e-805b-0f00fe1c5a97.webp\" alt=\"Plakat wydarzenia\" \/>\n        <\/a>\n    <\/div>\n             \n    <div class=\"card-ticket__link\">\n        <a href=\"https:\/\/www.ebilet.pl\/klasyka\/koncert\/gregorian-grace\" class=\"button button--theme-primary-yellow button--withIconLeft button--size-small\">\n            <span class=\"button__icon icon icon-ticket\"><\/span>\n            <p class=\"button__text typo-16 f-600\">Kup bilet<\/p>\n        <\/a>\n    <\/div>\n    <\/div>                                    <\/div>\n                                <\/div>\n                                                            <div class=\"tickets-slider__sliderItem swiper-slide\"\n                                    data-id=\"50763\"\n                                    data-name=\"Cztery Pory Roku - Antonio Vivaldi\"\n                                    data-brand=\"Copernicus Sp\u00f3\u0142ka z o.o.\"\n                                    data-category=\"klasyka\"\n                                    data-subcategory=\"koncert\"\n                                    data-city=\"Bia\u0142ystok, Bielsko-Bia\u0142a, Bydgoszcz i inne\"\n                                    data-venue=\"Zesp\u00f3\u0142 Szk\u00f3\u0142 Muzycznych im. I. Paderewskiego\">\n                                    <div class=\"tickets-slider__sliderCard\">\n                                        \n<div class=\"card-ticket\">\n        <div class=\"card-ticket__image\">\n        <a href=\"https:\/\/www.ebilet.pl\/klasyka\/koncert\/vivaldi\">\n            <img decoding=\"async\" src=\"https:\/\/www.ebilet.pl\/media\/cms\/media\/efakli20\/vivaldi-the-four-seasons-552x736-px-27277042-a81b-42f7-b87b-c3124df1a942.webp\" alt=\"Plakat wydarzenia\" \/>\n        <\/a>\n    <\/div>\n             \n    <div class=\"card-ticket__link\">\n        <a href=\"https:\/\/www.ebilet.pl\/klasyka\/koncert\/vivaldi\" class=\"button button--theme-primary-yellow button--withIconLeft button--size-small\">\n            <span class=\"button__icon icon icon-ticket\"><\/span>\n            <p class=\"button__text typo-16 f-600\">Kup bilet<\/p>\n        <\/a>\n    <\/div>\n    <\/div>                                    <\/div>\n                                <\/div>\n                                                            <div class=\"tickets-slider__sliderItem swiper-slide\"\n                                    data-id=\"163760\"\n                                    data-name=\"Filharmonia Dowcipu &amp; Waldemar Malicki - Filmowy \u015awiat\"\n                                    data-brand=\"ESKANDER\"\n                                    data-category=\"klasyka\"\n                                    data-subcategory=\"koncert\"\n                                    data-city=\"Chorz\u00f3w, Gda\u0144sk, Krak\u00f3w i inne\"\n                                    data-venue=\"Teatr Muzyczny ROMA w Warszawie\">\n                                    <div class=\"tickets-slider__sliderCard\">\n                                        \n<div class=\"card-ticket\">\n        <div class=\"card-ticket__image\">\n        <a href=\"https:\/\/www.ebilet.pl\/klasyka\/koncert\/filharmonia-dowcipu-waldemar-malicki-filmowy-swiat\">\n            <img decoding=\"async\" src=\"https:\/\/www.ebilet.pl\/media\/cms\/media\/kpql1cy2\/fd_granat_552x736-5bc2fc8b-93fe-4476-83d5-59c86a0a4993.webp\" alt=\"Plakat wydarzenia\" \/>\n        <\/a>\n    <\/div>\n             \n    <div class=\"card-ticket__link\">\n        <a href=\"https:\/\/www.ebilet.pl\/klasyka\/koncert\/filharmonia-dowcipu-waldemar-malicki-filmowy-swiat\" class=\"button button--theme-primary-yellow button--withIconLeft button--size-small\">\n            <span class=\"button__icon icon icon-ticket\"><\/span>\n            <p class=\"button__text typo-16 f-600\">Kup bilet<\/p>\n        <\/a>\n    <\/div>\n    <\/div>                                    <\/div>\n                                <\/div>\n                                                            <div class=\"tickets-slider__sliderItem swiper-slide\"\n                                    data-id=\"168853\"\n                                    data-name=\"Koncert przy \u015bwiecach: Avicii &amp; David Guetta\"\n                                    data-brand=\"Candle Live Music\"\n                                    data-category=\"klasyka\"\n                                    data-subcategory=\"koncert\"\n                                    data-city=\"Bydgoszcz, Cz\u0119stochowa, Gliwice i inne\"\n                                    data-venue=\"Kino Amok\">\n                                    <div class=\"tickets-slider__sliderCard\">\n                                        \n<div class=\"card-ticket\">\n        <div class=\"card-ticket__image\">\n        <a href=\"https:\/\/www.ebilet.pl\/klasyka\/koncert\/koncert-wsrod-tysiaca-swiec-avicii-david-guetta\">\n            <img decoding=\"async\" src=\"https:\/\/www.ebilet.pl\/media\/cms\/media\/0dgpk53m\/552-x-736-px-b59a60a9-1fcb-4d4e-965b-93d966e52fef.webp\" alt=\"Plakat wydarzenia\" \/>\n        <\/a>\n    <\/div>\n             \n    <div class=\"card-ticket__link\">\n        <a href=\"https:\/\/www.ebilet.pl\/klasyka\/koncert\/koncert-wsrod-tysiaca-swiec-avicii-david-guetta\" class=\"button button--theme-primary-yellow button--withIconLeft button--size-small\">\n            <span class=\"button__icon icon icon-ticket\"><\/span>\n            <p class=\"button__text typo-16 f-600\">Kup bilet<\/p>\n        <\/a>\n    <\/div>\n    <\/div>                                    <\/div>\n                                <\/div>\n                                                            <div class=\"tickets-slider__sliderItem swiper-slide\"\n                                    data-id=\"149613\"\n                                    data-name=\"Alma Concerts - &quot;Wachlarz impresji&quot;\"\n                                    data-brand=\"Fundacja Alma Musica\"\n                                    data-category=\"klasyka\"\n                                    data-subcategory=\"koncert\"\n                                    data-city=\"Wroc\u0142aw\"\n                                    data-venue=\"\">\n                                    <div class=\"tickets-slider__sliderCard\">\n                                        \n<div class=\"card-ticket\">\n        <div class=\"card-ticket__image\">\n        <a href=\"https:\/\/www.ebilet.pl\/klasyka\/koncert\/wachlarz-impresji\">\n            <img decoding=\"async\" src=\"https:\/\/www.ebilet.pl\/media\/cms\/media\/auxbhcy2\/552x736-wachlarz-impresji-portal-c6d395c1-b807-4d2a-8692-6d7a306f8e4c.webp\" alt=\"Plakat wydarzenia\" \/>\n        <\/a>\n    <\/div>\n             \n    <div class=\"card-ticket__link\">\n        <a href=\"https:\/\/www.ebilet.pl\/klasyka\/koncert\/wachlarz-impresji\" class=\"button button--theme-primary-yellow button--withIconLeft button--size-small\">\n            <span class=\"button__icon icon icon-ticket\"><\/span>\n            <p class=\"button__text typo-16 f-600\">Kup bilet<\/p>\n        <\/a>\n    <\/div>\n    <\/div>                                    <\/div>\n                                <\/div>\n                                                            <div class=\"tickets-slider__sliderItem swiper-slide\"\n                                    data-id=\"172056\"\n                                    data-name=\"Grand Piano Trio Chopin &amp; Friends By Candle Glow\"\n                                    data-brand=\"Copernicus Sp\u00f3\u0142ka z o.o.\"\n                                    data-category=\"klasyka\"\n                                    data-subcategory=\"koncert\"\n                                    data-city=\"Krak\u00f3w\"\n                                    data-venue=\"Klasztor O.O. Bernardyn\u00f3w\">\n                                    <div class=\"tickets-slider__sliderCard\">\n                                        \n<div class=\"card-ticket\">\n        <div class=\"card-ticket__image\">\n        <a href=\"https:\/\/www.ebilet.pl\/klasyka\/koncert\/grand-piano-trio\">\n            <img decoding=\"async\" src=\"https:\/\/www.ebilet.pl\/media\/cms\/media\/nlbam3oj\/chopin-candle-glow-concerts-552x736-px-krak_w-0435e30e-53bc-43a7-8d33-37650ada52d7.webp\" alt=\"Plakat wydarzenia\" \/>\n        <\/a>\n    <\/div>\n             \n    <div class=\"card-ticket__link\">\n        <a href=\"https:\/\/www.ebilet.pl\/klasyka\/koncert\/grand-piano-trio\" class=\"button button--theme-primary-yellow button--withIconLeft button--size-small\">\n            <span class=\"button__icon icon icon-ticket\"><\/span>\n            <p class=\"button__text typo-16 f-600\">Kup bilet<\/p>\n        <\/a>\n    <\/div>\n    <\/div>                                    <\/div>\n                                <\/div>\n                                                            <div class=\"tickets-slider__sliderItem swiper-slide\"\n                                    data-id=\"172054\"\n                                    data-name=\"Chopin Concert By Candle Glow\"\n                                    data-brand=\"Copernicus Sp\u00f3\u0142ka z o.o.\"\n                                    data-category=\"klasyka\"\n                                    data-subcategory=\"koncert\"\n                                    data-city=\"Krak\u00f3w\"\n                                    data-venue=\"Klasztor O.O. Bernardyn\u00f3w\">\n                                    <div class=\"tickets-slider__sliderCard\">\n                                        \n<div class=\"card-ticket\">\n        <div class=\"card-ticket__image\">\n        <a href=\"https:\/\/www.ebilet.pl\/klasyka\/koncert\/chopin-and-friends-concert-candlelight\">\n            <img decoding=\"async\" src=\"https:\/\/www.ebilet.pl\/media\/cms\/media\/4cfpj0nk\/chopin-candle-glow-concerts-552x736-px-krak_w-a7b964e6-9012-4a27-811e-f07655d6057c.webp\" alt=\"Plakat wydarzenia\" \/>\n        <\/a>\n    <\/div>\n             \n    <div class=\"card-ticket__link\">\n        <a href=\"https:\/\/www.ebilet.pl\/klasyka\/koncert\/chopin-and-friends-concert-candlelight\" class=\"button button--theme-primary-yellow button--withIconLeft button--size-small\">\n            <span class=\"button__icon icon icon-ticket\"><\/span>\n            <p class=\"button__text typo-16 f-600\">Kup bilet<\/p>\n        <\/a>\n    <\/div>\n    <\/div>                                    <\/div>\n                                <\/div>\n                                                            <div class=\"tickets-slider__sliderItem swiper-slide\"\n                                    data-id=\"40361\"\n                                    data-name=\"10 Tenor\u00f3w\"\n                                    data-brand=\"Agencja Brussa Jaros\u0142aw Brussa\"\n                                    data-category=\"klasyka\"\n                                    data-subcategory=\"koncert\"\n                                    data-city=\"Gda\u0144sk, Katowice, Pozna\u0144 i inne\"\n                                    data-venue=\"Teatr Muzyczny Capitol we Wroc\u0142awiu\">\n                                    <div class=\"tickets-slider__sliderCard\">\n                                        \n<div class=\"card-ticket\">\n        <div class=\"card-ticket__image\">\n        <a href=\"https:\/\/www.ebilet.pl\/klasyka\/koncert\/10-tenorow\">\n            <img decoding=\"async\" src=\"https:\/\/www.ebilet.pl\/media\/cms\/media\/ljqf3fxq\/tenor-552x736-903da0d9-8408-47aa-bdbb-399f163a748d.webp\" alt=\"Plakat wydarzenia\" \/>\n        <\/a>\n    <\/div>\n             \n    <div class=\"card-ticket__link\">\n        <a href=\"https:\/\/www.ebilet.pl\/klasyka\/koncert\/10-tenorow\" class=\"button button--theme-primary-yellow button--withIconLeft button--size-small\">\n            <span class=\"button__icon icon icon-ticket\"><\/span>\n            <p class=\"button__text typo-16 f-600\">Kup bilet<\/p>\n        <\/a>\n    <\/div>\n    <\/div>                                    <\/div>\n                                <\/div>\n                                                            <div class=\"tickets-slider__sliderItem swiper-slide\"\n                                    data-id=\"168729\"\n                                    data-name=\"Koncert Kr\u00f3lewski - Majestat Klasyki\"\n                                    data-brand=\"Agencja Kreatywna Barbara Knapczyk\"\n                                    data-category=\"klasyka\"\n                                    data-subcategory=\"koncert\"\n                                    data-city=\"Bia\u0142ystok, Bielsko-Bia\u0142a, Che\u0142m i inne\"\n                                    data-venue=\"Filharmonia Kameralna im. Witolda Lutos\u0142awskiego\">\n                                    <div class=\"tickets-slider__sliderCard\">\n                                        \n<div class=\"card-ticket\">\n        <div class=\"card-ticket__image\">\n        <a href=\"https:\/\/www.ebilet.pl\/klasyka\/koncert\/koncert-krolewski-majestat-klasyki\">\n            <img decoding=\"async\" src=\"https:\/\/www.ebilet.pl\/media\/cms\/media\/5hxjkcyz\/koncert-krolewski-552x736-okladka-pion-ebilet-71d096ff-1f29-4f76-9e91-bf00666205b6.webp\" alt=\"Plakat wydarzenia\" \/>\n        <\/a>\n    <\/div>\n             \n    <div class=\"card-ticket__link\">\n        <a href=\"https:\/\/www.ebilet.pl\/klasyka\/koncert\/koncert-krolewski-majestat-klasyki\" class=\"button button--theme-primary-yellow button--withIconLeft button--size-small\">\n            <span class=\"button__icon icon icon-ticket\"><\/span>\n            <p class=\"button__text typo-16 f-600\">Kup bilet<\/p>\n        <\/a>\n    <\/div>\n    <\/div>                                    <\/div>\n                                <\/div>\n                                                    <\/div>\n                    <\/div>\n                <\/div>\n            <\/div>\n        <\/div>\n    <\/div>\n<\/section>","protected":false},"excerpt":{"rendered":"<p>Andrea Bocelli \u015bwi\u0119tuje jubileusz 30-lecia kariery muzycznej nowym albumem \u201cDuets\u201d oraz seri\u0105 specjalnych koncert\u00f3w.<\/p>\n","protected":false},"author":8,"featured_media":28546,"comment_status":"open","ping_status":"open","sticky":false,"template":"page-templates\/article-default.php","format":"standard","meta":{"_acf_changed":false,"footnotes":""},"article_tag":[561,31,46],"article_type":[554],"acf":[],"_links":{"self":[{"href":"https:\/\/www.ebilet.pl\/now\/wp-json\/wp\/v2\/posts\/28311"}],"collection":[{"href":"https:\/\/www.ebilet.pl\/now\/wp-json\/wp\/v2\/posts"}],"about":[{"href":"https:\/\/www.ebilet.pl\/now\/wp-json\/wp\/v2\/types\/post"}],"author":[{"embeddable":true,"href":"https:\/\/www.ebilet.pl\/now\/wp-json\/wp\/v2\/users\/8"}],"replies":[{"embeddable":true,"href":"https:\/\/www.ebilet.pl\/now\/wp-json\/wp\/v2\/comments?post=28311"}],"version-history":[{"count":3,"href":"https:\/\/www.ebilet.pl\/now\/wp-json\/wp\/v2\/posts\/28311\/revisions"}],"predecessor-version":[{"id":45417,"href":"https:\/\/www.ebilet.pl\/now\/wp-json\/wp\/v2\/posts\/28311\/revisions\/45417"}],"wp:featuredmedia":[{"embeddable":true,"href":"https:\/\/www.ebilet.pl\/now\/wp-json\/wp\/v2\/media\/28546"}],"wp:attachment":[{"href":"https:\/\/www.ebilet.pl\/now\/wp-json\/wp\/v2\/media?parent=28311"}],"wp:term":[{"taxonomy":"article_tag","embeddable":true,"href":"https:\/\/www.ebilet.pl\/now\/wp-json\/wp\/v2\/article_tag?post=28311"},{"taxonomy":"article_type","embeddable":true,"href":"https:\/\/www.ebilet.pl\/now\/wp-json\/wp\/v2\/article_type?post=28311"}],"curies":[{"name":"wp","href":"https:\/\/api.w.org\/{rel}","templated":true}]}}