{"id":2040,"date":"2024-02-13T13:45:58","date_gmt":"2024-02-13T12:45:58","guid":{"rendered":"http:\/\/ebiletblog.westeurope.cloudapp.azure.com\/?p=2040"},"modified":"2024-05-20T13:05:15","modified_gmt":"2024-05-20T12:05:15","slug":"od-otwartego-mikrofonu-do-wlasnego-show-jak-zaczac-przygode-ze-stand-upem","status":"publish","type":"post","link":"https:\/\/www.ebilet.pl\/now\/od-otwartego-mikrofonu-do-wlasnego-show-jak-zaczac-przygode-ze-stand-upem\/","title":{"rendered":"Od otwartego mikrofonu do w\u0142asnego show: Jak zacz\u0105\u0107 przygod\u0119 ze stand-upem?"},"content":{"rendered":"\n<section class=\"text-block  section-margin-32\" >\n    <div class=\"container\">\n        <div class=\"row\">\n            <div class=\"col-24\">\n                <div class=\"text-block__content\"><h2><span style=\"font-weight: 400;\">Od czego zacz\u0105\u0107 swoj\u0105 przygod\u0119 ze stand-upem?<\/span><\/h2>\n<p><span style=\"font-weight: 400;\">Zaczniemy przewrotnie od tego, czego robi\u0107 nie powiniene\u015b. Bardzo \u0142atwo przychodzi nam kopiowanie innych, ale to droga, kt\u00f3ra donik\u0105d nie prowadzi. Mo\u017cesz ogl\u0105da\u0107 wyst\u0119py stand-uper\u00f3w i si\u0119 nimi inspirowa\u0107. <\/span><b>Ale nie powielaj ich historii i \u017cart\u00f3w. Nie opowiadaj te\u017c kawa\u0142\u00f3w, kt\u00f3re znajdziesz w internecie <\/b><span style=\"font-weight: 400;\">(jest szansa, \u017ce wi\u0119kszo\u015b\u0107 ludzi ju\u017c je zna) <\/span><b>ani tych, kt\u00f3re znajdziesz w memach<\/b><span style=\"font-weight: 400;\"> (te tym bardziej wi\u0119kszo\u015b\u0107 ju\u017c zna).\u00a0<\/span><\/p>\n<h3><span style=\"font-weight: 400;\">No dobrze, ale co zamiast tego?<\/span><\/h3>\n<p><b>Zacznij od kartki i d\u0142ugopisu<\/b><span style=\"font-weight: 400;\"> (a je\u015bli bardzo si\u0119 przed tym wzdrygasz i ostatni raz trzyma\u0142e\u015b d\u0142ugopis na maturze, skorzystaj z komputera lub telefonu). <\/span><b>Zapisz naj\u015bmieszniejsze historie, kt\u00f3re Ci\u0119 spotka\u0142y. <\/b><span style=\"font-weight: 400;\">Maj\u0105 by\u0107 prawdziwe i zabawne. Przypomnij sobie, czym uda\u0142o Ci si\u0119 roz\u015bmieszy\u0107 innych.<\/span><b> Autentyczne historie maj\u0105 to do siebie, \u017ce na pewno s\u0105 oryginalne i niepowtarzalne. <\/b><span style=\"font-weight: 400;\">Tw\u00f3j program b\u0119dzie wi\u0119c wyj\u0105tkowy. Im wi\u0119cej masz lat, tym wi\u0119cej sytuacji wartych zapisania znajdziesz (a je\u015bli Twoje \u017cycie jest jednym, wielkim memem, masz u\u0142atwion\u0105 spraw\u0119).\u00a0<\/span><\/p>\n<h3><span style=\"font-weight: 400;\">Co dalej? Co dalej?<\/span><\/h3>\n<p><span style=\"font-weight: 400;\">Wiemy, \u017ce ju\u017c si\u0119 ekscytujesz na my\u015bl o Twoim pierwszym, godzinnym programie stand-upowym. Przecie\u017c tak du\u017co historii zapisa\u0142e\u015b! Ale najpierw zejd\u017a na ziemi\u0119. Je\u015bli do tej pory Twoim jedynym wyst\u0119pem na scenie by\u0142a rola kamienia w przedstawieniu w podstaw\u00f3wce, jest du\u017ca szansa, \u017ce b\u0119dziesz si\u0119 stresowa\u0107 i zapomnisz, o czym chcia\u0142e\u015b m\u00f3wi\u0107. <\/span><b>Dlatego na pocz\u0105tek Tw\u00f3j program nie powinien trwa\u0107 wi\u0119cej ni\u017c 5 minut<\/b><span style=\"font-weight: 400;\"> (a je\u015bli wydaje Ci si\u0119 to bardzo ma\u0142o, spr\u00f3buj m\u00f3wi\u0107 bez przerwy przez 5 minut. Nie jest takie \u0142atwe, co?).\u00a0<\/span><\/p>\n<p><b>Podpowied\u017a:<\/b><span style=\"font-weight: 400;\"> sw\u00f3j program mo\u017cesz zacz\u0105\u0107 od tzw. one-linera, czyli \u017cartu, kt\u00f3ry mie\u015bci si\u0119 w jeden linijce. Mo\u017cesz za\u017cartowa\u0107 z samego siebie. Opadnie napi\u0119cie, a s\u0142uchacze zobacz\u0105, \u017ce masz do siebie dystans.\u00a0<\/span><\/p>\n<p><b>Podpowied\u017a 2:<\/b><span style=\"font-weight: 400;\"> wyrzu\u0107 te \u017carty, kt\u00f3re s\u0105 bardzo wulgarne, obsceniczne i kontrowersyjne. Postaw na jako\u015b\u0107, a nie ku*wy zamiast przecink\u00f3w.\u00a0<\/span><\/p>\n<p><b>Podpowied\u017a 3:<\/b><span style=\"font-weight: 400;\"> opowiadaj w czasie tera\u017aniejszym (czyli: \u201ewchodz\u0119 do windy. Widz\u0119\u2026\u201d). To nada akcji tempa.\u00a0<\/span><\/p>\n<\/div>\n            <\/div>\n        <\/div>\n    <\/div>\n<\/section>\n\n\n<section class=\"tickets-slider  section-margin-32\"\n    data-tickets-slider\n    data-item-list-name=\"Karuzela z buttonami\"\n    data-item-list-id=\"karuzela_z_buttonami\"\n    >\n    <div class=\"container\">\n        <div class=\"row\">\n            <div class=\"col-24\">\n                <div class=\"tickets-slider__main\">\n                    <div class=\"tickets-slider__nav tickets-slider__nav--prev\">\n                        <div class=\"button button--withIcon button--theme-white-blur button--size-fixed-48\" data-tickets-slider-prev>\n                            <span class=\"button__icon icon icon-chevron-left\"><\/span>\n                        <\/div>\n                    <\/div>\n                    <div class=\"tickets-slider__nav tickets-slider__nav--next\">\n                        <div class=\"button button--withIcon button--theme-white-blur button--size-fixed-48\" data-tickets-slider-next>\n                            <span class=\"button__icon icon icon-chevron-right\"><\/span>\n                        <\/div>\n                    <\/div>\n                    <div class=\"tickets-slider__slider swiper\" data-tickets-slider-slider>\n                        <div class=\"tickets-slider__sliderWrapper swiper-wrapper\">\n                                                            <div class=\"tickets-slider__sliderItem swiper-slide\"\n                                    data-id=\"129853\"\n                                    data-name=\"Beksi\u0144ski.Live\"\n                                    data-brand=\"L2L Sp z o.o.\"\n                                    data-category=\"widowiska\"\n                                    data-subcategory=\"inne\"\n                                    data-city=\"Warszawa, Wroc\u0142aw\"\n                                    data-venue=\"Hala COS Torwar \">\n                                    <div class=\"tickets-slider__sliderCard\">\n                                        \n<div class=\"card-ticket\">\n        <div class=\"card-ticket__image\">\n        <a href=\"https:\/\/www.ebilet.pl\/widowiska\/inne\/beksinski-live\">\n            <img decoding=\"async\" src=\"https:\/\/www.ebilet.pl\/media\/cms\/media\/rcpokc02\/552x736-2026-04-27t161822058.webp\" alt=\"Plakat wydarzenia\" \/>\n        <\/a>\n    <\/div>\n             \n    <div class=\"card-ticket__link\">\n        <a href=\"https:\/\/www.ebilet.pl\/widowiska\/inne\/beksinski-live\" class=\"button button--theme-primary-yellow button--withIconLeft button--size-small\">\n            <span class=\"button__icon icon icon-ticket\"><\/span>\n            <p class=\"button__text typo-16 f-600\">Kup bilet<\/p>\n        <\/a>\n    <\/div>\n    <\/div>                                    <\/div>\n                                <\/div>\n                                                            <div class=\"tickets-slider__sliderItem swiper-slide\"\n                                    data-id=\"55791\"\n                                    data-name=\"Legendarne knajpy PRL - bo pi\u0107 trzeba umi\u0107!\"\n                                    data-brand=\"WPT 1313 Rafa\u0142 Pawe\u0142ek\"\n                                    data-category=\"widowiska\"\n                                    data-subcategory=\"inne\"\n                                    data-city=\"Warszawa\"\n                                    data-venue=\"Plac Defilad \">\n                                    <div class=\"tickets-slider__sliderCard\">\n                                        \n<div class=\"card-ticket\">\n        <div class=\"card-ticket__image\">\n        <a href=\"https:\/\/www.ebilet.pl\/widowiska\/inne\/knajpy-prl\">\n            <img decoding=\"async\" src=\"https:\/\/www.ebilet.pl\/media\/cms\/media\/qnkm4vkj\/knajpy2-4c79cd07-b41c-40ac-a60a-fc46aac9bc8b.webp\" alt=\"Plakat wydarzenia\" \/>\n        <\/a>\n    <\/div>\n             \n    <div class=\"card-ticket__link\">\n        <a href=\"https:\/\/www.ebilet.pl\/widowiska\/inne\/knajpy-prl\" class=\"button button--theme-primary-yellow button--withIconLeft button--size-small\">\n            <span class=\"button__icon icon icon-ticket\"><\/span>\n            <p class=\"button__text typo-16 f-600\">Kup bilet<\/p>\n        <\/a>\n    <\/div>\n    <\/div>                                    <\/div>\n                                <\/div>\n                                                            <div class=\"tickets-slider__sliderItem swiper-slide\"\n                                    data-id=\"13655\"\n                                    data-name=\"Kabaret hrAbi &amp; Wojtek Kami\u0144ski - By\u0107 facetem\"\n                                    data-brand=\"Sztukoteka\"\n                                    data-category=\"widowiska\"\n                                    data-subcategory=\"kabarety\"\n                                    data-city=\"D\u0105browa G\u00f3rnicza, Gdynia, Grudzi\u0105dz i inne\"\n                                    data-venue=\"Sala Koncertowa Radia Wroc\u0142aw\">\n                                    <div class=\"tickets-slider__sliderCard\">\n                                        \n<div class=\"card-ticket\">\n        <div class=\"card-ticket__image\">\n        <a href=\"https:\/\/www.ebilet.pl\/widowiska\/kabarety\/kabaret-hrabi\">\n            <img decoding=\"async\" src=\"https:\/\/www.ebilet.pl\/media\/cms\/media\/1m4jtddj\/ebilet_552x736_bycfacetem_t1-972e50d4-d827-474c-91a8-3c98276e254e.webp\" alt=\"Plakat wydarzenia\" \/>\n        <\/a>\n    <\/div>\n             \n    <div class=\"card-ticket__link\">\n        <a href=\"https:\/\/www.ebilet.pl\/widowiska\/kabarety\/kabaret-hrabi\" class=\"button button--theme-primary-yellow button--withIconLeft button--size-small\">\n            <span class=\"button__icon icon icon-ticket\"><\/span>\n            <p class=\"button__text typo-16 f-600\">Kup bilet<\/p>\n        <\/a>\n    <\/div>\n    <\/div>                                    <\/div>\n                                <\/div>\n                                                            <div class=\"tickets-slider__sliderItem swiper-slide\"\n                                    data-id=\"179493\"\n                                    data-name=\"Naj\u015bmieszniejsi 2026 - Kabaret Nowaki vs Kabaret Skecz\u00f3w M\u0119cz\u0105cych\"\n                                    data-brand=\"ESKANDER\"\n                                    data-category=\"widowiska\"\n                                    data-subcategory=\"kabarety\"\n                                    data-city=\"Grodzisk Mazowiecki, Nowy S\u0105cz, Ostr\u00f3w Wielkopolski i inne\"\n                                    data-venue=\"Amfiteatr Park Strzelecki\">\n                                    <div class=\"tickets-slider__sliderCard\">\n                                        \n<div class=\"card-ticket\">\n        <div class=\"card-ticket__image\">\n        <a href=\"https:\/\/www.ebilet.pl\/widowiska\/kabarety\/najsmieszniejsi\">\n            <img decoding=\"async\" src=\"https:\/\/www.ebilet.pl\/media\/cms\/media\/1t4oli0h\/najsmiesniejsi_552x736-66a3cfb8-a72b-4fad-bcb9-afd3f1d4ebf9.webp\" alt=\"Plakat wydarzenia\" \/>\n        <\/a>\n    <\/div>\n             \n    <div class=\"card-ticket__link\">\n        <a href=\"https:\/\/www.ebilet.pl\/widowiska\/kabarety\/najsmieszniejsi\" class=\"button button--theme-primary-yellow button--withIconLeft button--size-small\">\n            <span class=\"button__icon icon icon-ticket\"><\/span>\n            <p class=\"button__text typo-16 f-600\">Kup bilet<\/p>\n        <\/a>\n    <\/div>\n    <\/div>                                    <\/div>\n                                <\/div>\n                                                            <div class=\"tickets-slider__sliderItem swiper-slide\"\n                                    data-id=\"170971\"\n                                    data-name=\"Marcin Zbigniew Wojciech ,,Bez Nazwisk Prosz\u0119\u2019\u2019\"\n                                    data-brand=\"Marek Wojciech Projects\"\n                                    data-category=\"widowiska\"\n                                    data-subcategory=\"stand-up\"\n                                    data-city=\"Bieru\u0144, Gdynia, Krak\u00f3w i inne\"\n                                    data-venue=\"Mys\u0142owicki O\u015brodek Kultury\">\n                                    <div class=\"tickets-slider__sliderCard\">\n                                        \n<div class=\"card-ticket\">\n        <div class=\"card-ticket__image\">\n        <a href=\"https:\/\/www.ebilet.pl\/widowiska\/stand-up\/marcin-zbigniew-wojciech-nowy-program\">\n            <img decoding=\"async\" src=\"https:\/\/www.ebilet.pl\/media\/cms\/media\/5eqlowva\/marcin-zbigniew-wojciech-stand-up-nowy-program-bez-nazwisk-prosze-552-x-736-px.webp\" alt=\"Plakat wydarzenia\" \/>\n        <\/a>\n    <\/div>\n             \n    <div class=\"card-ticket__link\">\n        <a href=\"https:\/\/www.ebilet.pl\/widowiska\/stand-up\/marcin-zbigniew-wojciech-nowy-program\" class=\"button button--theme-primary-yellow button--withIconLeft button--size-small\">\n            <span class=\"button__icon icon icon-ticket\"><\/span>\n            <p class=\"button__text typo-16 f-600\">Kup bilet<\/p>\n        <\/a>\n    <\/div>\n    <\/div>                                    <\/div>\n                                <\/div>\n                                                            <div class=\"tickets-slider__sliderItem swiper-slide\"\n                                    data-id=\"26993\"\n                                    data-name=\"Lord of the Dance - 30th Anniversary Tour\"\n                                    data-brand=\"TARGREM SP\u00d3\u0141KA Z OGRANICZON\u0104 ODPOWIEDZIALNO\u015aCI\u0104\"\n                                    data-category=\"widowiska\"\n                                    data-subcategory=\"rewie-show\"\n                                    data-city=\"Gda\u0144sk, Gliwice, Gorz\u00f3w Wielkopolski i inne\"\n                                    data-venue=\"Hala Olivia\">\n                                    <div class=\"tickets-slider__sliderCard\">\n                                        \n<div class=\"card-ticket\">\n        <div class=\"card-ticket__image\">\n        <a href=\"https:\/\/www.ebilet.pl\/widowiska\/rewie-show\/lord-of-the-dance\">\n            <img decoding=\"async\" src=\"https:\/\/www.ebilet.pl\/media\/cms\/media\/0x3pw4m3\/renditiondownload-09b8fef2-6b81-4967-ab31-b5af4ecccf5f.webp\" alt=\"Plakat wydarzenia\" \/>\n        <\/a>\n    <\/div>\n             \n    <div class=\"card-ticket__link\">\n        <a href=\"https:\/\/www.ebilet.pl\/widowiska\/rewie-show\/lord-of-the-dance\" class=\"button button--theme-primary-yellow button--withIconLeft button--size-small\">\n            <span class=\"button__icon icon icon-ticket\"><\/span>\n            <p class=\"button__text typo-16 f-600\">Kup bilet<\/p>\n        <\/a>\n    <\/div>\n    <\/div>                                    <\/div>\n                                <\/div>\n                                                            <div class=\"tickets-slider__sliderItem swiper-slide\"\n                                    data-id=\"174009\"\n                                    data-name=\"Polska Noc Kabaretowa 2026\"\n                                    data-brand=\"ESKANDER\"\n                                    data-category=\"widowiska\"\n                                    data-subcategory=\"kabarety\"\n                                    data-city=\"Bia\u0142ystok, Bielsko-Bia\u0142a, Bydgoszcz i inne\"\n                                    data-venue=\"Narodowe Centrum Polskiej Piosenki\">\n                                    <div class=\"tickets-slider__sliderCard\">\n                                        \n<div class=\"card-ticket\">\n        <div class=\"card-ticket__image\">\n        <a href=\"https:\/\/www.ebilet.pl\/widowiska\/kabarety\/polska-noc-kabaretowa-2026\">\n            <img decoding=\"async\" src=\"https:\/\/www.ebilet.pl\/media\/cms\/media\/uhhfepxw\/pionn-9416b4d8-9d94-438b-91e1-423ea8953492.webp\" alt=\"Plakat wydarzenia\" \/>\n        <\/a>\n    <\/div>\n             \n    <div class=\"card-ticket__link\">\n        <a href=\"https:\/\/www.ebilet.pl\/widowiska\/kabarety\/polska-noc-kabaretowa-2026\" class=\"button button--theme-primary-yellow button--withIconLeft button--size-small\">\n            <span class=\"button__icon icon icon-ticket\"><\/span>\n            <p class=\"button__text typo-16 f-600\">Kup bilet<\/p>\n        <\/a>\n    <\/div>\n    <\/div>                                    <\/div>\n                                <\/div>\n                                                    <\/div>\n                    <\/div>\n                <\/div>\n            <\/div>\n        <\/div>\n    <\/div>\n<\/section>\n\n\n<section class=\"text-block  section-margin-32\" >\n    <div class=\"container\">\n        <div class=\"row\">\n            <div class=\"col-24\">\n                <div class=\"text-block__content\"><h3><span style=\"font-weight: 400;\">A teraz pora na nauk\u0119!<\/span><\/h3>\n<p><span style=\"font-weight: 400;\">Zapami\u0119taj tre\u015b\u0107 tak, by\u015b potrafi\u0142 go wyrecytowa\u0107, gdy w nocy obudzi Ci\u0119 dziewczyna. Nie j\u0105kaj si\u0119, nie myl i nie dopuszczaj do b\u0142\u0119d\u00f3w. <\/span><b>Dopiero, gdy zapami\u0119tasz tre\u015b\u0107 s\u0142owo w s\u0142owo, pora na Tw\u00f3j pierwszy wyst\u0119p <\/b><span style=\"font-weight: 400;\">(z czasem, gdy nabierzesz wprawy, nie b\u0119dziesz musia\u0142 uczy\u0107 si\u0119 na pami\u0119\u0107).<\/span><\/p>\n<p><b>Zapro\u015b swoj\u0105 dziewczyn\u0119, \u017con\u0119 albo kumpla i zaprezentuj mu sw\u00f3j program. Nagraj go od razu telefonem.<\/b><span style=\"font-weight: 400;\"> Stresuje Ci\u0119 to? Bardzo dobrze, bo na scenie czeka Ci\u0119 jeszcze wi\u0119cej stresu, wi\u0119c si\u0119 przyzwyczajaj. Nie lubisz siebie nagrywa\u0107? Nie masz wyj\u015bcia. Uwierz nam, \u017ce nagrywanie jest najprzyjemniejszym etapem. <\/span><b>Potem przychodzi pora na ogl\u0105danie. Zr\u00f3b to wiele razy i jednocze\u015bnie zapisuj:\u00a0<\/b><\/p>\n<ul>\n<li style=\"font-weight: 400;\" aria-level=\"1\"><span style=\"font-weight: 400;\">co powiedzia\u0142e\u015b \u017ale?<\/span><\/li>\n<li style=\"font-weight: 400;\" aria-level=\"1\"><span style=\"font-weight: 400;\">co mo\u017cesz opowiedzie\u0107 kr\u00f3cej?<\/span><\/li>\n<li style=\"font-weight: 400;\" aria-level=\"1\"><span style=\"font-weight: 400;\">gdzie zabrak\u0142o czego\u015b wa\u017cnego?<\/span><\/li>\n<li style=\"font-weight: 400;\" aria-level=\"1\"><span style=\"font-weight: 400;\">co mo\u017cesz powiedzie\u0107 lepiej?<\/span><\/li>\n<li style=\"font-weight: 400;\" aria-level=\"1\"><span style=\"font-weight: 400;\">czy m\u00f3wi\u0142e\u015b z odpowiednimi emocjami?<\/span><\/li>\n<li style=\"font-weight: 400;\" aria-level=\"1\"><span style=\"font-weight: 400;\">a jak Twoja postawa podczas wyst\u0119pu?<\/span><\/li>\n<\/ul>\n<p><span style=\"font-weight: 400;\">Popraw sw\u00f3j program, zn\u00f3w z nim wyst\u0105p, nagraj i obejrzyj. Sprawd\u017a, czy tym razem jest lepiej (PS mo\u017cesz wyrzuci\u0107 najs\u0142abszy \u017cart).\u00a0<\/span><\/p>\n<p><span style=\"font-weight: 400;\">Zrobione? Teraz mo\u017cesz zapisa\u0107 si\u0119 na swojego pierwszego open mica. Jak to zrobi\u0107?<\/span><\/p>\n<h2><span style=\"font-weight: 400;\">Tw\u00f3j pierwszy open mic<\/span><\/h2>\n<p><span style=\"font-weight: 400;\">Pierwsze stresy za p\u0142oty. Teraz pora na spr\u00f3bowanie swoich si\u0142 przed obcymi lud\u017ami (ale \u017ceby nie by\u0142o Ci tak obco, zapro\u015b swoj\u0105 dziewczyn\u0119, babci\u0119 czy s\u0105siada, kt\u00f3rych Twoje \u017carty \u015bmiesz\u0105. A potem m\u00f3w tak, jakby\u015b m\u00f3wi\u0142 tylko do nich. B\u0119dziesz mia\u0142 mniejsz\u0105 trem\u0119).\u00a0<\/span><\/p>\n<p><b>Co do samych open mic\u00f3w, te s\u0105 organizowane regularnie w ca\u0142ym kraju. <\/b><span style=\"font-weight: 400;\">Podczas takiego wydarzenia mo\u017cesz <\/span><b>wej\u015b\u0107 na scen\u0119 i przez 5-10 minut m\u00f3wi\u0107 o czym tylko chcesz. <\/b><span style=\"font-weight: 400;\">To idealny spos\u00f3b na przetestowanie swoich umiej\u0119tno\u015bci.\u00a0<\/span><\/p>\n<p><b>Masz do wyboru dwa warianty:<\/b><\/p>\n<ul>\n<li style=\"font-weight: 400;\" aria-level=\"1\"><span style=\"font-weight: 400;\">typowy open mic, podczas kt\u00f3rego wszyscy wyst\u0119puj\u0105 w tej formie,<\/span><\/li>\n<li style=\"font-weight: 400;\" aria-level=\"1\"><span style=\"font-weight: 400;\">open mic b\u0119d\u0105cy elementem wieczoru stand-upowego (open micowa rozgrzewka, a po niej wyst\u0119py profesjonalist\u00f3w).\u00a0<\/span><\/li>\n<\/ul>\n<\/div>\n            <\/div>\n        <\/div>\n    <\/div>\n<\/section>\n\n\n<section class=\"image-block  section-margin-32\" >\n        <div class=\"container\">\n        <div class=\"row\">\n            <div class=\"col-24\">\n                                <div class=\"image-block__container\">\n                    <div class=\"image-block__wrapper\"><img loading=\"lazy\" decoding=\"async\" width=\"1920\" height=\"1080\" src=\"https:\/\/www.ebilet.pl\/now\/app\/uploads\/2024\/02\/shutterstock_1670785990-e1708338712764.jpg\" class=\"attachment-full size-full\" alt=\"Komik stand-upowy na scenie w wi\u0105zce \u015bwiat\u0142a\" srcset=\"https:\/\/www.ebilet.pl\/now\/app\/uploads\/2024\/02\/shutterstock_1670785990-e1708338712764.jpg 1920w, https:\/\/www.ebilet.pl\/now\/app\/uploads\/2024\/02\/shutterstock_1670785990-e1708338712764-1024x576.jpg 1024w, https:\/\/www.ebilet.pl\/now\/app\/uploads\/2024\/02\/shutterstock_1670785990-e1708338712764-1536x864.jpg 1536w, https:\/\/www.ebilet.pl\/now\/app\/uploads\/2024\/02\/shutterstock_1670785990-e1708338712764-1280x720.jpg 1280w, https:\/\/www.ebilet.pl\/now\/app\/uploads\/2024\/02\/shutterstock_1670785990-e1708338712764-500x281.jpg 500w, https:\/\/www.ebilet.pl\/now\/app\/uploads\/2024\/02\/shutterstock_1670785990-e1708338712764-632x356.jpg 632w, https:\/\/www.ebilet.pl\/now\/app\/uploads\/2024\/02\/shutterstock_1670785990-e1708338712764-300x169.jpg 300w, https:\/\/www.ebilet.pl\/now\/app\/uploads\/2024\/02\/shutterstock_1670785990-e1708338712764-768x432.jpg 768w\" sizes=\"(max-width: 1920px) 100vw, 1920px\" \/><\/div>\n                                            <div class=\"image-block__caption typo-12\">Fot. Shutterstock\/Oleksandr Nagaiets<\/div>\n                                    <\/div>\n                            <\/div>\n        <\/div>\n    <\/div>\n<\/section>\n\n\n<section class=\"text-block  section-margin-32\" >\n    <div class=\"container\">\n        <div class=\"row\">\n            <div class=\"col-24\">\n                <div class=\"text-block__content\"><h3><span style=\"font-weight: 400;\">Gdzie mo\u017cesz spr\u00f3bowa\u0107 swoich si\u0142?<\/span><\/h3>\n<h4><span style=\"font-weight: 400;\">Stand-up w Centralnej Sp\u00f3\u0142dzielni Komediowej w Warszawie<\/span><\/h4>\n<p><span style=\"font-weight: 400;\">Miejsce dla pocz\u0105tkuj\u0105cych i do\u015bwiadczonych komik\u00f3w. Wieczory stand-upowe odbywaj\u0105 si\u0119 tam bardzo cz\u0119sto, nawet 2 razy w tygodniu (masz du\u017ce szanse z\u0142apa\u0107 swoje 5 minut na scenie). Wydarzenia s\u0105 organizowane przez Andrzeja \u201eAndy\u2019ego\u201d Sosnowskiego oraz Stand-up No Limits.\u00a0<\/span><\/p>\n<h4><span style=\"font-weight: 400;\">Open Mic w LOCALu na Mokotowie w Warszawie<\/span><\/h4>\n<p><span style=\"font-weight: 400;\">Wydarzenia odbywaj\u0105 si\u0119 raz w tygodniu. Na scenie mo\u017cna zobaczy\u0107 zar\u00f3wno pocz\u0105tkuj\u0105cych, jak i do\u015bwiadczonych stand-uper\u00f3w. Wieczory s\u0105 organizowane przez Bart\u0142omieja Kobiela i Stand-up No Limits. Na niekt\u00f3rych open micach mo\u017cesz opowiada\u0107 po angielsku.\u00a0<\/span><\/p>\n<h4><span style=\"font-weight: 400;\">Stand-up Hybrydy w Warszawie<\/span><\/h4>\n<p><span style=\"font-weight: 400;\">W ka\u017cd\u0105 drug\u0105 niedziel\u0119 miesi\u0105ca odbywa si\u0119 tam wiecz\u00f3r stand-up. Przed do\u015bwiadczonymi komikami mog\u0105 wyst\u0105pi\u0107 ci pocz\u0105tkuj\u0105cy. W tej sytuacji obowi\u0105zuje jednak limit, jakim s\u0105 trzy wyst\u0119py jednego wieczora. Je\u015bli Ci wi\u0119cej bardzo zale\u017cy na tym miejscu, koniecznie uzbr\u00f3j si\u0119 w cierpliwo\u015b\u0107. Organizatork\u0105 jest Katarzyna Piasecka.\u00a0<\/span><\/p>\n<h4><span style=\"font-weight: 400;\">Comedy Lab w Artefakt Cafe w Krakowie<\/span><\/h4>\n<p><span style=\"font-weight: 400;\">W ka\u017cdy pi\u0105tek wieczorem odbywaj\u0105 si\u0119 tam wieczory komediowe, przed kt\u00f3rymi mog\u0105 wyst\u0105pi\u0107 pocz\u0105tkuj\u0105cy stand-uperzy. Organizatorem jest Comedy Lab, ale mo\u017cna spodziewa\u0107 si\u0119 r\u00f3\u017cnych prowadz\u0105cych.\u00a0<\/span><\/p>\n<h4><span style=\"font-weight: 400;\">Testujemy Nowe w 107 w Krakowie<\/span><\/h4>\n<p><span style=\"font-weight: 400;\">Wiolka Walaszczyk organizuje tam raz w miesi\u0105cu wiecz\u00f3r stand-upowy. To, kt\u00f3rego konkretnie dnia odb\u0119dzie si\u0119 wydarzenie, wiadomo dopiero po og\u0142oszeniu daty (jest to bowiem \u201e\u015bwi\u0119to\u201d ruchome). Przed do\u015bwiadczonymi stand-uperami mog\u0105 wyst\u0105pi\u0107 wtedy pocz\u0105tkuj\u0105cy komicy.\u00a0<\/span><\/p>\n<h4><span style=\"font-weight: 400;\">SUMO (Stand-Up Mic Open) w W\u0119dr\u00f3wki Pub we Wroc\u0142awiu<\/span><\/h4>\n<p><span style=\"font-weight: 400;\">Co drugi wtorek odbywaj\u0105 si\u0119 tam wyst\u0119py zar\u00f3wno pocz\u0105tkuj\u0105cych, jak i tych zaawansowanych stand-uper\u00f3w. Wydarzenia s\u0105 organizowane przez Kamila Nowaka, Tomasza Cwynara i Krzysztofa Dz.\u00a0<\/span><\/p>\n<h4><span style=\"font-weight: 400;\">Stand-up w Murphys Pub &amp; Bowling w Katowicach<\/span><\/h4>\n<p><span style=\"font-weight: 400;\">W niekt\u00f3re czwartki organizowane s\u0105 tam wieczory stand-upowe, podczas kt\u00f3rych mog\u0105 wyst\u0105pi\u0107 i ci mniej, i ci bardziej zaawansowani komicy. Wydarzenia organizuje Tomasz Biskup. Chcesz wiedzie\u0107, kiedy odb\u0119dzie si\u0119 najbli\u017cszy open mic? Musisz to sprawdzi\u0107 na stronie wydarzenia. Pami\u0119taj, \u017ce obowi\u0105zuje limit! Mo\u017cesz wyst\u0119powa\u0107 maksymalnie przez 8 minut (a na scen\u0119 zostanie zaproszone nie wi\u0119cej ni\u017c 8 os\u00f3b).<\/span><\/p>\n<h4><span style=\"font-weight: 400;\">Brudnopis w KIJu w \u0141odzi<\/span><\/h4>\n<p><span style=\"font-weight: 400;\">Dalia Hnedi, Mateusz Szelest i Kamil Ozimi\u0144ski organizuj\u0105 wyst\u0119py pocz\u0105tkuj\u0105cych stand-uper\u00f3w oraz testy tych bardziej do\u015bwiadczonych koleg\u00f3w po fachu. Kiedy? Tylko w niekt\u00f3re \u015brody, musisz wi\u0119c sprawdza\u0107 regularnie og\u0142oszenia.\u00a0<\/span><\/p>\n<\/div>\n            <\/div>\n        <\/div>\n    <\/div>\n<\/section>\n\n\n<section class=\"text-block  section-margin-32\" >\n    <div class=\"container\">\n        <div class=\"row\">\n            <div class=\"col-24\">\n                <div class=\"text-block__content\"><h2><span style=\"font-weight: 400;\">I co dalej?\u00a0<\/span><\/h2>\n<p><span style=\"font-weight: 400;\">\u017beby nie poprzestawa\u0107 na tym jednym wyst\u0119pie, mamy dla Ciebie kilka wa\u017cnych rad.<\/span><\/p>\n<h3><span style=\"font-weight: 400;\">Po pierwsze: Pami\u0119taj, \u017ce jeste\u015b pocz\u0105tkuj\u0105cy<\/span><\/h3>\n<p><span style=\"font-weight: 400;\">Nie por\u00f3wnuj si\u0119 do do\u015bwiadczonych koleg\u00f3w i kole\u017canek. Niekt\u00f3rzy z nich s\u0105 na scenie tak d\u0142ugo, \u017ce niemal si\u0119 z ni\u0105 zro\u015bli. A Ty wyst\u0119powa\u0142e\u015b po raz pierwszy i mia\u0142e\u015b prawo pope\u0142nia\u0107 b\u0142\u0119dy.\u00a0<\/span><\/p>\n<p><span style=\"font-weight: 400;\">Je\u015bli ju\u017c chcesz si\u0119 por\u00f3wnywa\u0107 (a wiemy, \u017ce chcesz) to mo\u017cesz to zrobi\u0107 w stosunku to:<\/span><\/p>\n<ul>\n<li style=\"font-weight: 400;\" aria-level=\"1\"><span style=\"font-weight: 400;\">tych os\u00f3b, kt\u00f3re te\u017c dopiero zaczynaj\u0105,<\/span><\/li>\n<li style=\"font-weight: 400;\" aria-level=\"1\"><span style=\"font-weight: 400;\">pocz\u0105tk\u00f3w znanych os\u00f3b (mo\u017ce na YouTubie znajd\u0105 si\u0119 jakie\u015b stare nagrania z pierwszych wyst\u0119p\u00f3w).\u00a0<\/span><\/li>\n<\/ul>\n<p><b>Ale najlepiej por\u00f3wnuj si\u0119 do samego siebie. <\/b><span style=\"font-weight: 400;\">Drugi wyst\u0119p por\u00f3wnaj z pierwszym. Trzeci z drugim. A za jaki\u015b czas sw\u00f3j kilkunasty wyst\u0119p por\u00f3wnaj z tym pierwszym i zobacz, jak daleko zaszed\u0142e\u015b.<\/span><\/p>\n<h3><span style=\"font-weight: 400;\">Po drugie: Nie przejmuj si\u0119 b\u0142\u0119dami<\/span><\/h3>\n<p><span style=\"font-weight: 400;\">Ka\u017cdy pope\u0142nia b\u0142\u0119dy, Ty tak\u017ce. Masz dwie opcje. Gdy pope\u0142nisz b\u0142\u0105d mo\u017cesz:<\/span><\/p>\n<ul>\n<li style=\"font-weight: 400;\" aria-level=\"1\"><span style=\"font-weight: 400;\">pop\u0142aka\u0107 si\u0119 i zej\u015b\u0107 za\u017cenowany ze sceny (to kiepski wyb\u00f3r),<\/span><\/li>\n<li style=\"font-weight: 400;\" aria-level=\"1\"><span style=\"font-weight: 400;\">udawa\u0107, \u017ce tak mia\u0142o by\u0107 i m\u00f3wi\u0107 dalej (wi\u0119kszo\u015b\u0107 ludzi nie zorientuje si\u0119, \u017ce zasz\u0142a pomy\u0142ka).\u00a0<\/span><\/li>\n<\/ul>\n<p><span style=\"font-weight: 400;\">Z czasem wyst\u0119py przestan\u0105 Ci\u0119 tak stresowa\u0107 i wtedy tych b\u0142\u0119d\u00f3w b\u0119dzie si\u0142\u0105 rzeczy mniej, a Ty nauczysz si\u0119, jak mo\u017cesz z nich sprytnie wybrn\u0105\u0107.\u00a0<\/span><\/p>\n<h3><span style=\"font-weight: 400;\">Po trzecie: Zejd\u017a na ziemi\u0119<\/span><\/h3>\n<p><span style=\"font-weight: 400;\">Tw\u00f3j pierwszy wyst\u0119p doprowadzi\u0142 do \u015bmiechu wiele os\u00f3b? Nasze gratulacje! Ale nie my\u015bl od razu, \u017ce jeste\u015b mistrzem stand-upu, bo mo\u017cesz bardzo szybko spa\u015b\u0107 na ziemi\u0119. Zamiast obrasta\u0107 w pi\u00f3rka, pracuj dalej, a wtedy faktycznie staniesz si\u0119 mistrzem.\u00a0<\/span><\/p>\n<\/div>\n            <\/div>\n        <\/div>\n    <\/div>\n<\/section>\n\n\n<section class=\"quote-block  section-margin-32\" >\n    <div class=\"container\">\n        <div class=\"row\">\n            <div class=\"col-24\">\n                <div class=\"quote-block__wrapper\">\n                    <p class=\"quote-block__quote typo-32\">Zamiast obrasta\u0107 w pi\u00f3rka, pracuj dalej, a wtedy faktycznie staniesz si\u0119 mistrzem.\u00a0<\/p>\n                <\/div>\n            <\/div>\n        <\/div>\n    <\/div>\n<\/section>\n\n\n    <section class=\"events-carousel-block  section-margin-32\"\n        data-events-carousel\n        data-settings='{\"per_view\":5}'\n        data-item-list-name=\"Karuzela niska Polecamy na eBilet.pl\"\n        data-item-list-id=\"karuzela_niska Polecamy na eBilet.pl\"\n        >\n        <div class=\"container\">\n                            <div class=\"row\">\n                    <div class=\"col-24\">\n                        <div class=\"events-carousel-block__title\">\n                            <h2 class=\"typo-h2\">Polecamy na eBilet.pl<\/h2>\n                        <\/div>\n                    <\/div>\n                <\/div>\n                        <div class=\"row\">\n                <div class=\"col-24\">\n                    <div class=\"events-carousel-block__events\">\n                        <div class=\"events-carousel-block__nav events-carousel-block__nav--prev\">\n                            <div class=\"button button--withIcon button--theme-white-blur button--size-fixed-48\" data-events-carousel-prev>\n                                <span class=\"button__icon icon icon-chevron-left\"><\/span>\n                            <\/div>\n                        <\/div>\n                        <div class=\"events-carousel-block__nav events-carousel-block__nav--next\">\n                            <div class=\"button button--withIcon button--theme-white-blur button--size-fixed-48\" data-events-carousel-next>\n                                <span class=\"button__icon icon icon-chevron-right\"><\/span>\n                            <\/div>\n                        <\/div>\n                        <div class=\"events-carousel-block__slider swiper\" data-events-carousel-slider>\n                            <div class=\"events-carousel-block__sliderWrapper swiper-wrapper\">\n                                                                    <div class=\"events-carousel-block__sliderItem swiper-slide\"\n                                        data-id=\"127326\"\n                                        data-name=\"Tomasz Karolak Stand Up\"\n                                        data-brand=\"ART JM SP\u00d3\u0141KA Z OGRANICZON\u0104 ODPOWIEDZIALNO\u015aCI\u0104\"\n                                        data-category=\"widowiska\"\n                                        data-subcategory=\"stand-up\"\n                                        data-city=\"Warszawa\"\n                                        data-venue=\"FOOD TOWN w Fabryce Norblina\">\n                                        \n<div class=\"card-event  card-event--size-small\">\n        <a href=\"https:\/\/www.ebilet.pl\/widowiska\/stand-up\/spotkanie-z-tomaszem-karolakiem\" target=\"_blank\" class=\"card-event__link\" rel=\"nofollow noopener\"><\/a>\n        <div class=\"card-event__wrapper\">\n        <div class=\"card-event__image\">\n            <img decoding=\"async\" src=\"https:\/\/www.ebilet.pl\/media\/cms\/media\/3lkchnpg\/karolak-656x369-ebilet-a5b41d74-d403-4199-adbd-c40652d92162.webp\" alt=\"\">\n        <\/div>\n        <div class=\"card-event__data\">\n            <div class=\"card-event__name\">\n                <p>Tomasz Karolak Stand Up<\/p>\n            <\/div>\n            <div class=\"card-event__date\"><\/div>\n            <div class=\"card-event__location\">Warszawa<\/div>\n        <\/div>\n    <\/div>\n<\/div>                                    <\/div>\n                                                                    <div class=\"events-carousel-block__sliderItem swiper-slide\"\n                                        data-id=\"77638\"\n                                        data-name=\"Mariusz Ka\u0142amaga - Mamo! Papier si\u0119 ko\u0144czy!\"\n                                        data-brand=\"ESKANDER\"\n                                        data-category=\"widowiska\"\n                                        data-subcategory=\"stand-up\"\n                                        data-city=\"Jelenia G\u00f3ra, Namys\u0142\u00f3w, Pi\u0142a i inne\"\n                                        data-venue=\"Staszowski O\u015brodek Kultury\">\n                                        \n<div class=\"card-event  card-event--size-small\">\n        <a href=\"https:\/\/www.ebilet.pl\/widowiska\/stand-up\/mariusz-kalamaga\" target=\"_blank\" class=\"card-event__link\" rel=\"nofollow noopener\"><\/a>\n        <div class=\"card-event__wrapper\">\n        <div class=\"card-event__image\">\n            <img decoding=\"async\" src=\"https:\/\/www.ebilet.pl\/media\/cms\/media\/lvwlqddw\/mk_poziom-80eba20e-0d7c-4057-bd4a-4373ee264ea8.webp\" alt=\"\">\n        <\/div>\n        <div class=\"card-event__data\">\n            <div class=\"card-event__name\">\n                <p>Mariusz Ka\u0142amaga &#8211; Mamo! Papier si\u0119 ko\u0144czy!<\/p>\n            <\/div>\n            <div class=\"card-event__date\"><\/div>\n            <div class=\"card-event__location\">Jelenia G\u00f3ra, Namys\u0142\u00f3w, Pi\u0142a i inne<\/div>\n        <\/div>\n    <\/div>\n<\/div>                                    <\/div>\n                                                                    <div class=\"events-carousel-block__sliderItem swiper-slide\"\n                                        data-id=\"170971\"\n                                        data-name=\"Marcin Zbigniew Wojciech ,,Bez Nazwisk Prosz\u0119\u2019\u2019\"\n                                        data-brand=\"Marek Wojciech Projects\"\n                                        data-category=\"widowiska\"\n                                        data-subcategory=\"stand-up\"\n                                        data-city=\"Bieru\u0144, Brzeszcze, Bytom i inne\"\n                                        data-venue=\"Mys\u0142owicki O\u015brodek Kultury\">\n                                        \n<div class=\"card-event  card-event--size-small\">\n        <a href=\"https:\/\/www.ebilet.pl\/widowiska\/stand-up\/marcin-zbigniew-wojciech-nowy-program\" target=\"_blank\" class=\"card-event__link\" rel=\"nofollow noopener\"><\/a>\n        <div class=\"card-event__wrapper\">\n        <div class=\"card-event__image\">\n            <img decoding=\"async\" src=\"https:\/\/www.ebilet.pl\/media\/cms\/media\/fj2a2urn\/marcin-zbigniew-wojciech-stand-up-nowy-program-bez-nazwisk-prosze-656-x-369-px.webp\" alt=\"\">\n        <\/div>\n        <div class=\"card-event__data\">\n            <div class=\"card-event__name\">\n                <p>Marcin Zbigniew Wojciech ,,Bez Nazwisk Prosz\u0119\u2019\u2019<\/p>\n            <\/div>\n            <div class=\"card-event__date\"><\/div>\n            <div class=\"card-event__location\">Bieru\u0144, Brzeszcze, Bytom i inne<\/div>\n        <\/div>\n    <\/div>\n<\/div>                                    <\/div>\n                                                                    <div class=\"events-carousel-block__sliderItem swiper-slide\"\n                                        data-id=\"71258\"\n                                        data-name=\"Stand-up \u0141ukasz Kaczmarczyk i Marcin Zbigniew Wojciech\"\n                                        data-brand=\"Marek Wojciech Projects\"\n                                        data-category=\"widowiska\"\n                                        data-subcategory=\"stand-up\"\n                                        data-city=\"L\u0119dziny, Miko\u0142\u00f3w, Siemianowice \u015al\u0105skie i inne\"\n                                        data-venue=\"Sala Widowiskowa Piast\">\n                                        \n<div class=\"card-event  card-event--size-small\">\n        <a href=\"https:\/\/www.ebilet.pl\/widowiska\/stand-up\/lukasz-kaczmarczyk\" target=\"_blank\" class=\"card-event__link\" rel=\"nofollow noopener\"><\/a>\n        <div class=\"card-event__wrapper\">\n        <div class=\"card-event__image\">\n            <img decoding=\"async\" src=\"https:\/\/www.ebilet.pl\/media\/cms\/media\/jx4hlhvc\/_ukasz-kaczmarczyk-i-marcin-zbigniew-wojciech-656x369-px-78a98da6-ff15-432c-ad5a-5821ead57207.webp\" alt=\"\">\n        <\/div>\n        <div class=\"card-event__data\">\n            <div class=\"card-event__name\">\n                <p>Stand-up \u0141ukasz Kaczmarczyk i Marcin Zbigniew Wojciech<\/p>\n            <\/div>\n            <div class=\"card-event__date\"><\/div>\n            <div class=\"card-event__location\">L\u0119dziny, Miko\u0142\u00f3w, Siemianowice \u015al\u0105skie i inne<\/div>\n        <\/div>\n    <\/div>\n<\/div>                                    <\/div>\n                                                                    <div class=\"events-carousel-block__sliderItem swiper-slide\"\n                                        data-id=\"59955\"\n                                        data-name=\"Robert Kor\u00f3lczyk \u2013 Bo co ludzie powiedz\u0105?\"\n                                        data-brand=\"Marek Wojciech Projects\"\n                                        data-category=\"widowiska\"\n                                        data-subcategory=\"stand-up\"\n                                        data-city=\"Krak\u00f3w, Tarnowskie G\u00f3ry\"\n                                        data-venue=\"Kompleks Zamkowy Stare Tarnowice\">\n                                        \n<div class=\"card-event  card-event--size-small\">\n        <a href=\"https:\/\/www.ebilet.pl\/widowiska\/stand-up\/robert-korolczyk\" target=\"_blank\" class=\"card-event__link\" rel=\"nofollow noopener\"><\/a>\n        <div class=\"card-event__wrapper\">\n        <div class=\"card-event__image\">\n            <img decoding=\"async\" src=\"https:\/\/www.ebilet.pl\/media\/cms\/media\/yx5frhzz\/robert-kor_lczyk-656-x-369-px.webp\" alt=\"\">\n        <\/div>\n        <div class=\"card-event__data\">\n            <div class=\"card-event__name\">\n                <p>Robert Kor\u00f3lczyk \u2013 Bo co ludzie powiedz\u0105?<\/p>\n            <\/div>\n            <div class=\"card-event__date\"><\/div>\n            <div class=\"card-event__location\">Krak\u00f3w, Tarnowskie G\u00f3ry<\/div>\n        <\/div>\n    <\/div>\n<\/div>                                    <\/div>\n                                                                    <div class=\"events-carousel-block__sliderItem swiper-slide\"\n                                        data-id=\"80390\"\n                                        data-name=\"STAND-UP | Piotr Zola Szulowski w programie &#039;Atlas&#039;\"\n                                        data-brand=\"hype-art Wojciech Kucharski\"\n                                        data-category=\"widowiska\"\n                                        data-subcategory=\"stand-up\"\n                                        data-city=\"P\u0142ock\"\n                                        data-venue=\"Amfiteatr w P\u0142ocku\">\n                                        \n<div class=\"card-event  card-event--size-small\">\n        <a href=\"https:\/\/www.ebilet.pl\/widowiska\/stand-up\/piotr-zola-szulowski\" target=\"_blank\" class=\"card-event__link\" rel=\"nofollow noopener\"><\/a>\n        <div class=\"card-event__wrapper\">\n        <div class=\"card-event__image\">\n            <img decoding=\"async\" src=\"https:\/\/www.ebilet.pl\/media\/cms\/media\/cnqpbjyq\/656-x-369-px.webp\" alt=\"\">\n        <\/div>\n        <div class=\"card-event__data\">\n            <div class=\"card-event__name\">\n                <p>STAND-UP | Piotr Zola Szulowski w programie &#8216;Atlas&#8217;<\/p>\n            <\/div>\n            <div class=\"card-event__date\"><\/div>\n            <div class=\"card-event__location\">P\u0142ock<\/div>\n        <\/div>\n    <\/div>\n<\/div>                                    <\/div>\n                                                                    <div class=\"events-carousel-block__sliderItem swiper-slide\"\n                                        data-id=\"112125\"\n                                        data-name=\"Mama na obrotach - Niez\u0142y bajzel\"\n                                        data-brand=\"Miejsko - Gminny O\u015brodek Kultury i Sportu w St\u0105porkowie\"\n                                        data-category=\"widowiska\"\n                                        data-subcategory=\"stand-up\"\n                                        data-city=\"St\u0105pork\u00f3w\"\n                                        data-venue=\"MGOKiS St\u0105pork\u00f3w\">\n                                        \n<div class=\"card-event  card-event--size-small\">\n        <a href=\"https:\/\/www.ebilet.pl\/widowiska\/stand-up\/stand-up-mamy-na-obrotach\" target=\"_blank\" class=\"card-event__link\" rel=\"nofollow noopener\"><\/a>\n        <div class=\"card-event__wrapper\">\n        <div class=\"card-event__image\">\n            <img decoding=\"async\" src=\"https:\/\/www.ebilet.pl\/media\/cms\/media\/i0pjgfaf\/bilet-st_pork_w-max-299.webp\" alt=\"\">\n        <\/div>\n        <div class=\"card-event__data\">\n            <div class=\"card-event__name\">\n                <p>Mama na obrotach &#8211; Niez\u0142y bajzel<\/p>\n            <\/div>\n            <div class=\"card-event__date\"><\/div>\n            <div class=\"card-event__location\">St\u0105pork\u00f3w<\/div>\n        <\/div>\n    <\/div>\n<\/div>                                    <\/div>\n                                                            <\/div>\n                        <\/div>\n                    <\/div>\n                    <div class=\"events-carousel-block__pagination\">\n                        <div class=\"swiper-pagination slider-pagination\" data-events-carousel-pagination><\/div>\n                    <\/div>\n                <\/div>\n            <\/div>\n        <\/div>\n    <\/section>\n\n\n\n<section class=\"text-block  section-margin-32\" >\n    <div class=\"container\">\n        <div class=\"row\">\n            <div class=\"col-24\">\n                <div class=\"text-block__content\"><h3><span style=\"font-weight: 400;\">Po czwarte: Baw si\u0119 dobrze<\/span><\/h3>\n<p><span style=\"font-weight: 400;\">Przygoda ze stand-upem ma by\u0107 dla Ciebie dobr\u0105 zabaw\u0105. Je\u015bli czujesz stres, strach i ci\u0105gle si\u0119 boisz o to, czy Ci si\u0119 uda, masz dwa wyj\u015bcia:<\/span><\/p>\n<ul>\n<li style=\"font-weight: 400;\" aria-level=\"1\"><span style=\"font-weight: 400;\">pracowa\u0107 nad tym, by sz\u0142o Ci coraz lepiej,<\/span><\/li>\n<li style=\"font-weight: 400;\" aria-level=\"1\"><span style=\"font-weight: 400;\">zrezygnowa\u0107, je\u015bli uznasz, \u017ce Ci\u0119 to przerasta.\u00a0<\/span><\/li>\n<\/ul>\n<p><span style=\"font-weight: 400;\">Nie r\u00f3b stand-upu na si\u0142\u0119. Czerp z tego rado\u015b\u0107.<\/span><\/p>\n<h3><span style=\"font-weight: 400;\">Po pi\u0105te: Co za du\u017co, to niezdrowo<\/span><\/h3>\n<p><span style=\"font-weight: 400;\">Niekt\u00f3rzy my\u015bl\u0105, \u017ce historie o kupie okraszone soczystymi ku*wami zamiast przecink\u00f3w s\u0105 genialne. Ale nie s\u0105. Z wulgaryzm\u00f3w trzeba umie\u0107 korzysta\u0107, bo zbyt du\u017ca ich ilo\u015b\u0107 za\u017cenuje s\u0142uchaczy, zamiast ich rozbawi\u0107.<\/span><\/p>\n<p><span style=\"font-weight: 400;\">Do\u015bwiadczeni stand-uperzy m\u00f3wi\u0105, \u017ce wi\u0119kszo\u015b\u0107 pocz\u0105tkuj\u0105cych chce przygotowa\u0107 pierwszy program w\u0142a\u015bnie o fekaliach. To tak oklepane, \u017ce warto wyj\u015b\u0107 z zupe\u0142nie innym tematem.\u00a0<\/span><\/p>\n<h3><span style=\"font-weight: 400;\">Po sz\u00f3ste: Wyst\u0119puj bez kartki<\/span><\/h3>\n<p><span style=\"font-weight: 400;\">Gdy ju\u017c zaczniesz tworzy\u0107 godzinne programy, mo\u017cesz zrobi\u0107 sobie \u015bci\u0105gawk\u0119 z og\u00f3ln\u0105 ram\u00f3wk\u0105. Ale gdy wyst\u0119pujesz na pocz\u0105tkach swojej kariery i Twoje programy nie przekraczaj\u0105 5 minut, pozb\u0105d\u017a si\u0119 kartki. Ucz si\u0119 tak d\u0142ugo, a\u017c zapami\u0119tasz tekst. To przecie\u017c Twoje my\u015bli, powinno by\u0107 Ci je \u0142atwiej zapami\u0119ta\u0107, ni\u017c wiersze w podstaw\u00f3wce. Je\u015bli masz z tym du\u017cy problem, to spr\u00f3buj wypisa\u0107 sobie najwa\u017cniejsze w\u0105tki has\u0142ami i podczas pr\u00f3b tylko zerka\u0107 na plan. A potem tak czy inaczej pozb\u0105d\u017a si\u0119 kartki.\u00a0<\/span><\/p>\n<h3><span style=\"font-weight: 400;\">Po si\u00f3dme: S\u0142uchaj rad<\/span><\/h3>\n<p><span style=\"font-weight: 400;\">Nie b\u0105d\u017a zbyt pewny siebie. S\u0142uchaj uwag bardziej do\u015bwiadczonych os\u00f3b. Je\u015bli kto\u015b daje Ci rady, nie robi tego z\u0142o\u015bliwie. Przecie\u017c m\u00f3g\u0142by Ci\u0119 ola\u0107 i skupi\u0107 si\u0119 na swojej karierze. A jednak postanowi\u0142 po\u015bwi\u0119ci\u0107 Ci czas, wi\u0119c to doce\u0144. Nie musisz od razu wszystkiego zmienia\u0107, ale przynajmniej przemy\u015bl, czy aby na pewno nie warto popracowa\u0107 nad swoim programem czy dykcj\u0105.\u00a0<\/span><\/p>\n<p><span style=\"font-weight: 400;\">I pami\u0119taj: jak nie spr\u00f3bujesz, to nigdy nie b\u0119dziesz najlepszy.<\/span><\/p>\n<\/div>\n            <\/div>\n        <\/div>\n    <\/div>\n<\/section>\n\n\n<section class=\"events-slider-block  section-margin-32\" data-events-slider-block data-carousel-title=\"Gor\u0105ce wydarzenia\" data-carousel-type=\"karuzela_z_t\u0142em\" data-item-list-name=\"Karuzela z t\u0142em Gor\u0105ce wydarzenia\" data-item-list-id=\"karuzela_z_t\u0142em Gor\u0105ce wydarzenia\" >\n    <div class=\"container\">\n        <div class=\"row\">\n            <div class=\"col-24\">\n                <div class=\"events-slider-block__wrapper\">\n                                            <div class=\"events-slider-block__bg\"><img loading=\"lazy\" decoding=\"async\" width=\"1920\" height=\"1080\" src=\"https:\/\/www.ebilet.pl\/now\/app\/uploads\/2024\/04\/shutterstock_1308510637.jpg\" class=\"attachment-full size-full\" alt=\"Fot.\" srcset=\"https:\/\/www.ebilet.pl\/now\/app\/uploads\/2024\/04\/shutterstock_1308510637.jpg 1920w, https:\/\/www.ebilet.pl\/now\/app\/uploads\/2024\/04\/shutterstock_1308510637-1024x576.jpg 1024w, https:\/\/www.ebilet.pl\/now\/app\/uploads\/2024\/04\/shutterstock_1308510637-1536x864.jpg 1536w, https:\/\/www.ebilet.pl\/now\/app\/uploads\/2024\/04\/shutterstock_1308510637-1280x720.jpg 1280w, https:\/\/www.ebilet.pl\/now\/app\/uploads\/2024\/04\/shutterstock_1308510637-500x281.jpg 500w, https:\/\/www.ebilet.pl\/now\/app\/uploads\/2024\/04\/shutterstock_1308510637-632x356.jpg 632w, https:\/\/www.ebilet.pl\/now\/app\/uploads\/2024\/04\/shutterstock_1308510637-308x174.jpg 308w\" sizes=\"(max-width: 1920px) 100vw, 1920px\" \/><\/div>\n                                                                <div class=\"events-slider-block__top\">\n                                                            <div class=\"events-slider-block__title desktop\">\n                                    <h2 class=\"typo-h2\">Gor\u0105ce wydarzenia<\/h2>\n                                <\/div>\n                                                                                        <div class=\"events-slider-block__title mobile\">\n                                    <h2 class=\"typo-h2\">Gor\u0105ce wydarzenia<\/h2>\n                                <\/div>\n                                                    <\/div>\n                                                                <div class=\"events-slider-block__main\">\n                            <div class=\"events-slider-block__nav events-slider-block__nav--prev\">\n                                <div class=\"button button--withIcon button--theme-white-blur button--size-fixed-48\" data-events-prev>\n                                    <span class=\"button__icon icon icon-chevron-left\"><\/span>\n                                <\/div>\n                            <\/div>\n                            <div class=\"events-slider-block__nav events-slider-block__nav--next\">\n                                <div class=\"button button--withIcon button--theme-white-blur button--size-fixed-48\" data-events-next>\n                                    <span class=\"button__icon icon icon-chevron-right\"><\/span>\n                                <\/div>\n                            <\/div>\n                            <div class=\"events-slider-block__slider\">\n                                <div class=\"swiper\" data-events-slider>\n                                    <div class=\"events-slider-block__sliderWrapper swiper-wrapper\">\n\n                                        \n                                            <div class=\"events-slider-block__sliderItem swiper-slide event-card\"\n                                                data-id=\"12967\"\n                                                data-name=\"Phil Campbell&#039;s Bastard Sons\"\n                                                data-brand=\"Winiary Bookings sp. z o. o.\"\n                                                data-category=\"muzyka\"\n                                                data-subcategory=\"rock\"\n                                                data-city=\"\u0141\u00f3d\u017a, Lublin\"\n                                                data-venue=\"Klub Scenografia\">\n                                                \n<div class=\"card-event  card-event--size-small\">\n        <a href=\"https:\/\/www.ebilet.pl\/muzyka\/rock\/phil-campbell\" target=\"_blank\" class=\"card-event__link\" rel=\"nofollow noopener\"><\/a>\n        <div class=\"card-event__wrapper\">\n        <div class=\"card-event__image\">\n            <img decoding=\"async\" src=\"https:\/\/www.ebilet.pl\/media\/cms\/media\/xgxnfkun\/pc-bastard-sons-ebilet-strona-wydarzenia-pion-wspo-lne-0a66eab9-4dc0-4cbe-9a64-e83f89663721.webp\" alt=\"\">\n        <\/div>\n        <div class=\"card-event__data\">\n            <div class=\"card-event__name\">\n                <p>Phil Campbell&#8217;s Bastard Sons<\/p>\n            <\/div>\n            <div class=\"card-event__date\">27.07.2026-27.07.2026<\/div>\n            <div class=\"card-event__location\">\u0141\u00f3d\u017a, Lublin<\/div>\n        <\/div>\n    <\/div>\n<\/div>                                            <\/div>\n                                        \n                                            <div class=\"events-slider-block__sliderItem swiper-slide event-card\"\n                                                data-id=\"206101\"\n                                                data-name=\"Heretoir\"\n                                                data-brand=\"Winiary Bookings sp. z o. o.\"\n                                                data-category=\"muzyka\"\n                                                data-subcategory=\"hard-heavy\"\n                                                data-city=\"Wroc\u0142aw\"\n                                                data-venue=\"Klub \u0141\u0105cznik\">\n                                                \n<div class=\"card-event  card-event--size-small\">\n        <a href=\"https:\/\/www.ebilet.pl\/muzyka\/hard-heavy\/heretoir\" target=\"_blank\" class=\"card-event__link\" rel=\"nofollow noopener\"><\/a>\n        <div class=\"card-event__wrapper\">\n        <div class=\"card-event__image\">\n            <img decoding=\"async\" src=\"https:\/\/www.ebilet.pl\/media\/cms\/media\/zq0bypho\/heretoir-ebilet-strona-wydarzenia-pion-wroc_aw-8b4bb5db-c468-4b88-9a99-45522d4b39e4.webp\" alt=\"\">\n        <\/div>\n        <div class=\"card-event__data\">\n            <div class=\"card-event__name\">\n                <p>Heretoir<\/p>\n            <\/div>\n            <div class=\"card-event__date\">19.10.2026-19.10.2026<\/div>\n            <div class=\"card-event__location\">Wroc\u0142aw<\/div>\n        <\/div>\n    <\/div>\n<\/div>                                            <\/div>\n                                        \n                                            <div class=\"events-slider-block__sliderItem swiper-slide event-card\"\n                                                data-id=\"35261\"\n                                                data-name=\"Parov Stelar\"\n                                                data-brand=\"Etso8\"\n                                                data-category=\"muzyka\"\n                                                data-subcategory=\"elektro-techno\"\n                                                data-city=\"Warszawa\"\n                                                data-venue=\"Letnia Scena Progresji\">\n                                                \n<div class=\"card-event  card-event--size-small\">\n        <a href=\"https:\/\/www.ebilet.pl\/muzyka\/elektro-techno\/parov-stelar\" target=\"_blank\" class=\"card-event__link\" rel=\"nofollow noopener\"><\/a>\n        <div class=\"card-event__wrapper\">\n        <div class=\"card-event__image\">\n            <img decoding=\"async\" src=\"https:\/\/www.ebilet.pl\/media\/cms\/media\/ushbipmb\/552x736.webp\" alt=\"\">\n        <\/div>\n        <div class=\"card-event__data\">\n            <div class=\"card-event__name\">\n                <p>Parov Stelar<\/p>\n            <\/div>\n            <div class=\"card-event__date\">25.07.2026-25.07.2026<\/div>\n            <div class=\"card-event__location\">Warszawa<\/div>\n        <\/div>\n    <\/div>\n<\/div>                                            <\/div>\n                                        \n                                            <div class=\"events-slider-block__sliderItem swiper-slide event-card\"\n                                                data-id=\"5971\"\n                                                data-name=\"Lady Pank\"\n                                                data-brand=\"Just For MUSIC Sp z o.o.\"\n                                                data-category=\"muzyka\"\n                                                data-subcategory=\"rock\"\n                                                data-city=\"Cz\u0119stochowa, Jasionka, Krak\u00f3w i inne\"\n                                                data-venue=\"Narodowe Centrum Polskiej Piosenki\">\n                                                \n<div class=\"card-event  card-event--size-small\">\n        <a href=\"https:\/\/www.ebilet.pl\/muzyka\/rock\/lady-pank\" target=\"_blank\" class=\"card-event__link\" rel=\"nofollow noopener\"><\/a>\n        <div class=\"card-event__wrapper\">\n        <div class=\"card-event__image\">\n            <img decoding=\"async\" src=\"https:\/\/www.ebilet.pl\/media\/cms\/media\/inkntr0t\/552-x-736-px-5.webp\" alt=\"\">\n        <\/div>\n        <div class=\"card-event__data\">\n            <div class=\"card-event__name\">\n                <p>Lady Pank<\/p>\n            <\/div>\n            <div class=\"card-event__date\">18.09.2026-18.09.2026<\/div>\n            <div class=\"card-event__location\">Cz\u0119stochowa, Jasionka, Krak\u00f3w i inne<\/div>\n        <\/div>\n    <\/div>\n<\/div>                                            <\/div>\n                                        \n                                            <div class=\"events-slider-block__sliderItem swiper-slide event-card\"\n                                                data-id=\"87678\"\n                                                data-name=\"Abba i Inni Symfonicznie II\"\n                                                data-brand=\"Agencja Brussa Jaros\u0142aw Brussa\"\n                                                data-category=\"muzyka\"\n                                                data-subcategory=\"pop\"\n                                                data-city=\"\u0141\u00f3d\u017a, Szczecin\"\n                                                data-venue=\"Teatr Letni w Szczecinie\">\n                                                \n<div class=\"card-event  card-event--size-small\">\n        <a href=\"https:\/\/www.ebilet.pl\/muzyka\/pop\/abba\" target=\"_blank\" class=\"card-event__link\" rel=\"nofollow noopener\"><\/a>\n        <div class=\"card-event__wrapper\">\n        <div class=\"card-event__image\">\n            <img decoding=\"async\" src=\"https:\/\/www.ebilet.pl\/media\/cms\/media\/ettpn531\/abba-ebilet-552x736.webp\" alt=\"\">\n        <\/div>\n        <div class=\"card-event__data\">\n            <div class=\"card-event__name\">\n                <p>Abba i Inni Symfonicznie II<\/p>\n            <\/div>\n            <div class=\"card-event__date\">17.07.2026-17.07.2026<\/div>\n            <div class=\"card-event__location\">\u0141\u00f3d\u017a, Szczecin<\/div>\n        <\/div>\n    <\/div>\n<\/div>                                            <\/div>\n                                        \n                                            <div class=\"events-slider-block__sliderItem swiper-slide event-card\"\n                                                data-id=\"206192\"\n                                                data-name=\"Spirit of Smokie\"\n                                                data-brand=\"GO2SHOW\"\n                                                data-category=\"muzyka\"\n                                                data-subcategory=\"rock\"\n                                                data-city=\"Warszawa\"\n                                                data-venue=\"Klub Hybrydy\">\n                                                \n<div class=\"card-event  card-event--size-small\">\n        <a href=\"https:\/\/www.ebilet.pl\/muzyka\/rock\/spirit-of-smokie\" target=\"_blank\" class=\"card-event__link\" rel=\"nofollow noopener\"><\/a>\n        <div class=\"card-event__wrapper\">\n        <div class=\"card-event__image\">\n            <img decoding=\"async\" src=\"https:\/\/www.ebilet.pl\/media\/cms\/media\/sd5m2kku\/spirit-of-smokie-552_736-warszawa-22985fe0-6a01-49f5-a405-d282d9004495.webp\" alt=\"\">\n        <\/div>\n        <div class=\"card-event__data\">\n            <div class=\"card-event__name\">\n                <p>Spirit of Smokie<\/p>\n            <\/div>\n            <div class=\"card-event__date\">18.12.2026-18.12.2026<\/div>\n            <div class=\"card-event__location\">Warszawa<\/div>\n        <\/div>\n    <\/div>\n<\/div>                                            <\/div>\n                                        \n                                            <div class=\"events-slider-block__sliderItem swiper-slide event-card\"\n                                                data-id=\"96104\"\n                                                data-name=\"Targi dom\u00f3w do 120 m2 - Tw\u00f3j Ma\u0142y Dom (Gda\u0144sk)\"\n                                                data-brand=\"PRO MEDIA Filip Ko\u0142odziej\"\n                                                data-category=\"biznes\"\n                                                data-subcategory=\"targi\"\n                                                data-city=\"Gda\u0144sk\"\n                                                data-venue=\"Cen\u00adtrum Han\u00addlo\u00adwe Oso\u00adwa (Parking)\">\n                                                \n<div class=\"card-event  card-event--size-small\">\n        <a href=\"https:\/\/www.ebilet.pl\/biznes\/targi\/twoj-maly-dom\" target=\"_blank\" class=\"card-event__link\" rel=\"nofollow noopener\"><\/a>\n        <div class=\"card-event__wrapper\">\n        <div class=\"card-event__image\">\n            <img decoding=\"async\" src=\"https:\/\/www.ebilet.pl\/media\/cms\/media\/cr5kgqef\/gda_sk-_wiosna_ebilet552x736-9e954250-6c66-4073-88f0-9a0896762422.webp\" alt=\"\">\n        <\/div>\n        <div class=\"card-event__data\">\n            <div class=\"card-event__name\">\n                <p>Targi dom\u00f3w do 120 m2 &#8211; Tw\u00f3j Ma\u0142y Dom (Gda\u0144sk)<\/p>\n            <\/div>\n            <div class=\"card-event__date\">29.05.2026-29.05.2026<\/div>\n            <div class=\"card-event__location\">Gda\u0144sk<\/div>\n        <\/div>\n    <\/div>\n<\/div>                                            <\/div>\n                                        \n                                            <div class=\"events-slider-block__sliderItem swiper-slide event-card\"\n                                                data-id=\"205699\"\n                                                data-name=\"Shred Fest: Obscura, Pestilence, Cryptic Shift, Thus, Dvrk\"\n                                                data-brand=\"Winiary Bookings sp. z o. o.\"\n                                                data-category=\"muzyka\"\n                                                data-subcategory=\"hard-heavy\"\n                                                data-city=\"Warszawa\"\n                                                data-venue=\"Klub Proxima\">\n                                                \n<div class=\"card-event  card-event--size-small\">\n        <a href=\"https:\/\/www.ebilet.pl\/muzyka\/hard-heavy\/shred-fest\" target=\"_blank\" class=\"card-event__link\" rel=\"nofollow noopener\"><\/a>\n        <div class=\"card-event__wrapper\">\n        <div class=\"card-event__image\">\n            <img decoding=\"async\" src=\"https:\/\/www.ebilet.pl\/media\/cms\/media\/ngvdr2c3\/shredfest-ebilet-strona-wydarzenia-pion-warszawax-000cce3a-6af4-4d35-90e3-f0b821d75e23.webp\" alt=\"\">\n        <\/div>\n        <div class=\"card-event__data\">\n            <div class=\"card-event__name\">\n                <p>Shred Fest: Obscura, Pestilence, Cryptic Shift, Thus, Dvrk<\/p>\n            <\/div>\n            <div class=\"card-event__date\">25.01.2027-25.01.2027<\/div>\n            <div class=\"card-event__location\">Warszawa<\/div>\n        <\/div>\n    <\/div>\n<\/div>                                            <\/div>\n                                        \n                                            <div class=\"events-slider-block__sliderItem swiper-slide event-card\"\n                                                data-id=\"152798\"\n                                                data-name=\"Beth Hart\"\n                                                data-brand=\"Modern Look Sp. z o.o.\"\n                                                data-category=\"muzyka\"\n                                                data-subcategory=\"jazz-blues\"\n                                                data-city=\"Warszawa, Zabrze\"\n                                                data-venue=\"Dom Muzyki i Ta\u0144ca\">\n                                                \n<div class=\"card-event  card-event--size-small\">\n        <a href=\"https:\/\/www.ebilet.pl\/muzyka\/jazz-blues\/beth-hart-koncert\" target=\"_blank\" class=\"card-event__link\" rel=\"nofollow noopener\"><\/a>\n        <div class=\"card-event__wrapper\">\n        <div class=\"card-event__image\">\n            <img decoding=\"async\" src=\"https:\/\/www.ebilet.pl\/media\/cms\/media\/vhblus3i\/beth_hart_552x736_bezwww.webp\" alt=\"\">\n        <\/div>\n        <div class=\"card-event__data\">\n            <div class=\"card-event__name\">\n                <p>Beth Hart<\/p>\n            <\/div>\n            <div class=\"card-event__date\">09.05.2026-09.05.2026<\/div>\n            <div class=\"card-event__location\">Warszawa, Zabrze<\/div>\n        <\/div>\n    <\/div>\n<\/div>                                            <\/div>\n                                        \n                                            <div class=\"events-slider-block__sliderItem swiper-slide event-card\"\n                                                data-id=\"206168\"\n                                                data-name=\"Eve\"\n                                                data-brand=\"Big Idea Group sp. z o. o.\"\n                                                data-category=\"muzyka\"\n                                                data-subcategory=\"hip-hop-rap\"\n                                                data-city=\"Warszawa\"\n                                                data-venue=\"Progresja\">\n                                                \n<div class=\"card-event  card-event--size-small\">\n        <a href=\"https:\/\/www.ebilet.pl\/muzyka\/hip-hop-rap\/eve\" target=\"_blank\" class=\"card-event__link\" rel=\"nofollow noopener\"><\/a>\n        <div class=\"card-event__wrapper\">\n        <div class=\"card-event__image\">\n            <img decoding=\"async\" src=\"https:\/\/www.ebilet.pl\/media\/cms\/media\/cs5fmq0h\/ebilet-10-95367bc9-1f16-4a1c-9e1d-f2b4f9e0531a.webp\" alt=\"\">\n        <\/div>\n        <div class=\"card-event__data\">\n            <div class=\"card-event__name\">\n                <p>Eve<\/p>\n            <\/div>\n            <div class=\"card-event__date\">16.10.2026-16.10.2026<\/div>\n            <div class=\"card-event__location\">Warszawa<\/div>\n        <\/div>\n    <\/div>\n<\/div>                                            <\/div>\n                                        \n                                            <div class=\"events-slider-block__sliderItem swiper-slide event-card\"\n                                                data-id=\"206153\"\n                                                data-name=\"European Carnage Tour 2026: Fleshcrawl + Avulsed + Violentor\"\n                                                data-brand=\"Fundacja Student\u00f3w i Absolwent\u00f3w AGH w Krakowie\"\n                                                data-category=\"muzyka\"\n                                                data-subcategory=\"hard-heavy\"\n                                                data-city=\"Krak\u00f3w\"\n                                                data-venue=\"Klub Za\u015bcianek\">\n                                                \n<div class=\"card-event  card-event--size-small\">\n        <a href=\"https:\/\/www.ebilet.pl\/muzyka\/hard-heavy\/fleshcrawl\" target=\"_blank\" class=\"card-event__link\" rel=\"nofollow noopener\"><\/a>\n        <div class=\"card-event__wrapper\">\n        <div class=\"card-event__image\">\n            <img decoding=\"async\" src=\"https:\/\/www.ebilet.pl\/media\/cms\/media\/x52dbinm\/wydarzenie-za-2026-fleshcrawl-17-11_ebilet-552x736.webp\" alt=\"\">\n        <\/div>\n        <div class=\"card-event__data\">\n            <div class=\"card-event__name\">\n                <p>European Carnage Tour 2026: Fleshcrawl + Avulsed + Violentor<\/p>\n            <\/div>\n            <div class=\"card-event__date\">17.11.2026-17.11.2026<\/div>\n            <div class=\"card-event__location\">Krak\u00f3w<\/div>\n        <\/div>\n    <\/div>\n<\/div>                                            <\/div>\n                                        \n                                            <div class=\"events-slider-block__sliderItem swiper-slide event-card\"\n                                                data-id=\"173645\"\n                                                data-name=\"Targi dom\u00f3w do 120 m2 - Tw\u00f3j Ma\u0142y Dom (Krak\u00f3w)\"\n                                                data-brand=\"PRO MEDIA Filip Ko\u0142odziej\"\n                                                data-category=\"biznes\"\n                                                data-subcategory=\"targi\"\n                                                data-city=\"Krak\u00f3w\"\n                                                data-venue=\"Park Handlowy Zakopianka (parking)\">\n                                                \n<div class=\"card-event  card-event--size-small\">\n        <a href=\"https:\/\/www.ebilet.pl\/biznes\/targi\/targi-twoj-maly-dom\" target=\"_blank\" class=\"card-event__link\" rel=\"nofollow noopener\"><\/a>\n        <div class=\"card-event__wrapper\">\n        <div class=\"card-event__image\">\n            <img decoding=\"async\" src=\"https:\/\/www.ebilet.pl\/media\/cms\/media\/nddpbt35\/krak_w_wiosna_ebilet552x736-3a54c71e-5961-4459-96a7-d520c29f90ad.webp\" alt=\"\">\n        <\/div>\n        <div class=\"card-event__data\">\n            <div class=\"card-event__name\">\n                <p>Targi dom\u00f3w do 120 m2 &#8211; Tw\u00f3j Ma\u0142y Dom (Krak\u00f3w)<\/p>\n            <\/div>\n            <div class=\"card-event__date\">22.05.2026-22.05.2026<\/div>\n            <div class=\"card-event__location\">Krak\u00f3w<\/div>\n        <\/div>\n    <\/div>\n<\/div>                                            <\/div>\n                                        \n                                            <div class=\"events-slider-block__sliderItem swiper-slide event-card\"\n                                                data-id=\"132709\"\n                                                data-name=\"\u4eba\u9b5a Ningyo Festiwal Japonii i Kultury Azjatyckiej\"\n                                                data-brand=\"SENSHO SP\u00d3\u0141KA Z OGRANICZON\u0104 ODPOWIEDZIALNO\u015aCI\u0104\"\n                                                data-category=\"biznes\"\n                                                data-subcategory=\"targi\"\n                                                data-city=\"Wroc\u0142aw\"\n                                                data-venue=\"Hala Stulecia\">\n                                                \n<div class=\"card-event  card-event--size-small\">\n        <a href=\"https:\/\/www.ebilet.pl\/biznes\/targi\/targ-japonski\" target=\"_blank\" class=\"card-event__link\" rel=\"nofollow noopener\"><\/a>\n        <div class=\"card-event__wrapper\">\n        <div class=\"card-event__image\">\n            <img decoding=\"async\" src=\"https:\/\/www.ebilet.pl\/media\/cms\/media\/3wek2zjj\/projekt-bez-nazwy-13-af4dd9ef-7207-4b4b-84de-7cde6c0c960b.webp\" alt=\"\">\n        <\/div>\n        <div class=\"card-event__data\">\n            <div class=\"card-event__name\">\n                <p>\u4eba\u9b5a Ningyo Festiwal Japonii i Kultury Azjatyckiej<\/p>\n            <\/div>\n            <div class=\"card-event__date\">30.05.2026-30.05.2026<\/div>\n            <div class=\"card-event__location\">Wroc\u0142aw<\/div>\n        <\/div>\n    <\/div>\n<\/div>                                            <\/div>\n                                        \n                                            <div class=\"events-slider-block__sliderItem swiper-slide event-card\"\n                                                data-id=\"195993\"\n                                                data-name=\"Koncert przy \u015bwiecach: Ludovico Einaudi, Yann Tiersen and Roberto Cacciapaglia\"\n                                                data-brand=\"Fundacja na Rzecz Pomocy Pestka\"\n                                                data-category=\"klasyka\"\n                                                data-subcategory=\"muzyka-filmowa\"\n                                                data-city=\"Warszawa\"\n                                                data-venue=\"Pa\u0142ac Staszica w Warszawie\">\n                                                \n<div class=\"card-event  card-event--size-small\">\n        <a href=\"https:\/\/www.ebilet.pl\/klasyka\/muzyka-filmowa\/einaudi-tiersen-cacciapaglia\" target=\"_blank\" class=\"card-event__link\" rel=\"nofollow noopener\"><\/a>\n        <div class=\"card-event__wrapper\">\n        <div class=\"card-event__image\">\n            <img decoding=\"async\" src=\"https:\/\/www.ebilet.pl\/media\/cms\/media\/5k4dd5r5\/4_2009-ed7a3b65-e6e8-4455-97d0-2ad5e7e8171e.webp\" alt=\"\">\n        <\/div>\n        <div class=\"card-event__data\">\n            <div class=\"card-event__name\">\n                <p>Koncert przy \u015bwiecach: Ludovico Einaudi, Yann Tiersen and Roberto Cacciapaglia<\/p>\n            <\/div>\n            <div class=\"card-event__date\">07.06.2026-07.06.2026<\/div>\n            <div class=\"card-event__location\">Warszawa<\/div>\n        <\/div>\n    <\/div>\n<\/div>                                            <\/div>\n                                        \n                                            <div class=\"events-slider-block__sliderItem swiper-slide event-card\"\n                                                data-id=\"195988\"\n                                                data-name=\"Koncert przy \u015bwiecach - Best of Hans Zimmer\"\n                                                data-brand=\"Fundacja na Rzecz Pomocy Pestka\"\n                                                data-category=\"klasyka\"\n                                                data-subcategory=\"muzyka-filmowa\"\n                                                data-city=\"Warszawa\"\n                                                data-venue=\"Pa\u0142ac Staszica w Warszawie\">\n                                                \n<div class=\"card-event  card-event--size-small\">\n        <a href=\"https:\/\/www.ebilet.pl\/klasyka\/muzyka-filmowa\/best-of-hans-zimmer\" target=\"_blank\" class=\"card-event__link\" rel=\"nofollow noopener\"><\/a>\n        <div class=\"card-event__wrapper\">\n        <div class=\"card-event__image\">\n            <img decoding=\"async\" src=\"https:\/\/www.ebilet.pl\/media\/cms\/media\/ucmezeb5\/3_2009-b10047b6-9a94-46be-9407-be1c8e1482f8.webp\" alt=\"\">\n        <\/div>\n        <div class=\"card-event__data\">\n            <div class=\"card-event__name\">\n                <p>Koncert przy \u015bwiecach &#8211; Best of Hans Zimmer<\/p>\n            <\/div>\n            <div class=\"card-event__date\">07.06.2026-07.06.2026<\/div>\n            <div class=\"card-event__location\">Warszawa<\/div>\n        <\/div>\n    <\/div>\n<\/div>                                            <\/div>\n                                                                            <\/div>\n                                <\/div>\n                            <\/div>\n                            <div class=\"events-slider-block__events swiper\" data-events-events-descriptions>\n                                <div class=\"events-slider-block__eventsWrapper swiper-wrapper\">\n                                                                            <div class=\"events-slider-block__eventsItem swiper-slide\">\n                                            <a href=\"https:\/\/www.ebilet.pl\/muzyka\/rock\/phil-campbell\" target=\"_blank\" class=\"events-slider-block__eventsName\">\n                                                <p>Phil Campbell&#8217;s Bastard Sons<\/p>\n                                            <\/a>\n                                            <div class=\"events-slider-block__eventsDate\">27.07.2026-30.07.2026<\/div>\n                                            <div class=\"events-slider-block__eventsLocation\"><\/div>\n                                        <\/div>\n                                                                            <div class=\"events-slider-block__eventsItem swiper-slide\">\n                                            <a href=\"https:\/\/www.ebilet.pl\/muzyka\/hard-heavy\/heretoir\" target=\"_blank\" class=\"events-slider-block__eventsName\">\n                                                <p>Heretoir<\/p>\n                                            <\/a>\n                                            <div class=\"events-slider-block__eventsDate\">19.10.2026-19.10.2026<\/div>\n                                            <div class=\"events-slider-block__eventsLocation\"><\/div>\n                                        <\/div>\n                                                                            <div class=\"events-slider-block__eventsItem swiper-slide\">\n                                            <a href=\"https:\/\/www.ebilet.pl\/muzyka\/elektro-techno\/parov-stelar\" target=\"_blank\" class=\"events-slider-block__eventsName\">\n                                                <p>Parov Stelar<\/p>\n                                            <\/a>\n                                            <div class=\"events-slider-block__eventsDate\">25.07.2026-25.07.2026<\/div>\n                                            <div class=\"events-slider-block__eventsLocation\"><\/div>\n                                        <\/div>\n                                                                            <div class=\"events-slider-block__eventsItem swiper-slide\">\n                                            <a href=\"https:\/\/www.ebilet.pl\/muzyka\/rock\/lady-pank\" target=\"_blank\" class=\"events-slider-block__eventsName\">\n                                                <p>Lady Pank<\/p>\n                                            <\/a>\n                                            <div class=\"events-slider-block__eventsDate\">18.09.2026-12.12.2026<\/div>\n                                            <div class=\"events-slider-block__eventsLocation\"><\/div>\n                                        <\/div>\n                                                                            <div class=\"events-slider-block__eventsItem swiper-slide\">\n                                            <a href=\"https:\/\/www.ebilet.pl\/muzyka\/pop\/abba\" target=\"_blank\" class=\"events-slider-block__eventsName\">\n                                                <p>Abba i Inni Symfonicznie II<\/p>\n                                            <\/a>\n                                            <div class=\"events-slider-block__eventsDate\">17.07.2026-21.10.2026<\/div>\n                                            <div class=\"events-slider-block__eventsLocation\"><\/div>\n                                        <\/div>\n                                                                            <div class=\"events-slider-block__eventsItem swiper-slide\">\n                                            <a href=\"https:\/\/www.ebilet.pl\/muzyka\/rock\/spirit-of-smokie\" target=\"_blank\" class=\"events-slider-block__eventsName\">\n                                                <p>Spirit of Smokie<\/p>\n                                            <\/a>\n                                            <div class=\"events-slider-block__eventsDate\">18.12.2026-18.12.2026<\/div>\n                                            <div class=\"events-slider-block__eventsLocation\"><\/div>\n                                        <\/div>\n                                                                            <div class=\"events-slider-block__eventsItem swiper-slide\">\n                                            <a href=\"https:\/\/www.ebilet.pl\/biznes\/targi\/twoj-maly-dom\" target=\"_blank\" class=\"events-slider-block__eventsName\">\n                                                <p>Targi dom\u00f3w do 120 m2 &#8211; Tw\u00f3j Ma\u0142y Dom (Gda\u0144sk)<\/p>\n                                            <\/a>\n                                            <div class=\"events-slider-block__eventsDate\">29.05.2026-31.05.2026<\/div>\n                                            <div class=\"events-slider-block__eventsLocation\"><\/div>\n                                        <\/div>\n                                                                            <div class=\"events-slider-block__eventsItem swiper-slide\">\n                                            <a href=\"https:\/\/www.ebilet.pl\/muzyka\/hard-heavy\/shred-fest\" target=\"_blank\" class=\"events-slider-block__eventsName\">\n                                                <p>Shred Fest: Obscura, Pestilence, Cryptic Shift, Thus, Dvrk<\/p>\n                                            <\/a>\n                                            <div class=\"events-slider-block__eventsDate\">25.01.2027-25.01.2027<\/div>\n                                            <div class=\"events-slider-block__eventsLocation\"><\/div>\n                                        <\/div>\n                                                                            <div class=\"events-slider-block__eventsItem swiper-slide\">\n                                            <a href=\"https:\/\/www.ebilet.pl\/muzyka\/jazz-blues\/beth-hart-koncert\" target=\"_blank\" class=\"events-slider-block__eventsName\">\n                                                <p>Beth Hart<\/p>\n                                            <\/a>\n                                            <div class=\"events-slider-block__eventsDate\">09.05.2026-14.07.2026<\/div>\n                                            <div class=\"events-slider-block__eventsLocation\"><\/div>\n                                        <\/div>\n                                                                            <div class=\"events-slider-block__eventsItem swiper-slide\">\n                                            <a href=\"https:\/\/www.ebilet.pl\/muzyka\/hip-hop-rap\/eve\" target=\"_blank\" class=\"events-slider-block__eventsName\">\n                                                <p>Eve<\/p>\n                                            <\/a>\n                                            <div class=\"events-slider-block__eventsDate\">16.10.2026-16.10.2026<\/div>\n                                            <div class=\"events-slider-block__eventsLocation\"><\/div>\n                                        <\/div>\n                                                                            <div class=\"events-slider-block__eventsItem swiper-slide\">\n                                            <a href=\"https:\/\/www.ebilet.pl\/muzyka\/hard-heavy\/fleshcrawl\" target=\"_blank\" class=\"events-slider-block__eventsName\">\n                                                <p>European Carnage Tour 2026: Fleshcrawl + Avulsed + Violentor<\/p>\n                                            <\/a>\n                                            <div class=\"events-slider-block__eventsDate\">17.11.2026-17.11.2026<\/div>\n                                            <div class=\"events-slider-block__eventsLocation\"><\/div>\n                                        <\/div>\n                                                                            <div class=\"events-slider-block__eventsItem swiper-slide\">\n                                            <a href=\"https:\/\/www.ebilet.pl\/biznes\/targi\/targi-twoj-maly-dom\" target=\"_blank\" class=\"events-slider-block__eventsName\">\n                                                <p>Targi dom\u00f3w do 120 m2 &#8211; Tw\u00f3j Ma\u0142y Dom (Krak\u00f3w)<\/p>\n                                            <\/a>\n                                            <div class=\"events-slider-block__eventsDate\">22.05.2026-24.05.2026<\/div>\n                                            <div class=\"events-slider-block__eventsLocation\"><\/div>\n                                        <\/div>\n                                                                            <div class=\"events-slider-block__eventsItem swiper-slide\">\n                                            <a href=\"https:\/\/www.ebilet.pl\/biznes\/targi\/targ-japonski\" target=\"_blank\" class=\"events-slider-block__eventsName\">\n                                                <p>\u4eba\u9b5a Ningyo Festiwal Japonii i Kultury Azjatyckiej<\/p>\n                                            <\/a>\n                                            <div class=\"events-slider-block__eventsDate\">30.05.2026-31.05.2026<\/div>\n                                            <div class=\"events-slider-block__eventsLocation\"><\/div>\n                                        <\/div>\n                                                                            <div class=\"events-slider-block__eventsItem swiper-slide\">\n                                            <a href=\"https:\/\/www.ebilet.pl\/klasyka\/muzyka-filmowa\/einaudi-tiersen-cacciapaglia\" target=\"_blank\" class=\"events-slider-block__eventsName\">\n                                                <p>Koncert przy \u015bwiecach: Ludovico Einaudi, Yann Tiersen and Roberto Cacciapaglia<\/p>\n                                            <\/a>\n                                            <div class=\"events-slider-block__eventsDate\">07.06.2026-07.06.2026<\/div>\n                                            <div class=\"events-slider-block__eventsLocation\"><\/div>\n                                        <\/div>\n                                                                            <div class=\"events-slider-block__eventsItem swiper-slide\">\n                                            <a href=\"https:\/\/www.ebilet.pl\/klasyka\/muzyka-filmowa\/best-of-hans-zimmer\" target=\"_blank\" class=\"events-slider-block__eventsName\">\n                                                <p>Koncert przy \u015bwiecach &#8211; Best of Hans Zimmer<\/p>\n                                            <\/a>\n                                            <div class=\"events-slider-block__eventsDate\">07.06.2026-07.06.2026<\/div>\n                                            <div class=\"events-slider-block__eventsLocation\"><\/div>\n                                        <\/div>\n                                                                    <\/div>\n                            <\/div>\n                            <div class=\"events-slider-block__pagination\">\n                                <div class=\"swiper-pagination slider-pagination slider-pagination--theme-white\" data-events-slider-pagination><\/div>\n                            <\/div>\n                        <\/div>\n                                        <div class=\"events-slider-block__bottom\">\n                                                                                <div class=\"events-slider-block__link desktop\">\n                                    <a\n                                        class=\"button button--size-small button--theme-primary-yellow button--withIconLeft\"\n                                        href=\"https:\/\/www.ebilet.pl\/\">\n                                                                                    <div class=\"button__icon\"><img loading=\"lazy\" decoding=\"async\" width=\"30\" height=\"30\" src=\"https:\/\/www.ebilet.pl\/now\/app\/uploads\/2024\/01\/ticket-cinema-entertainment-coupon-discount-sale_30px.png\" class=\"attachment-full size-full\" alt=\"\" \/><\/div>\n                                                                                <p class=\"button__text typo-18\">Kup na eBilet.pl<\/p>\n                                    <\/a>\n                                <\/div>\n                                                                                <div class=\"events-slider-block__link mobile\">\n                                    <a\n                                        class=\"button button--size-small button--theme-primary-yellow button--withIconLeft\"\n                                        href=\"https:\/\/www.ebilet.pl\/\">\n                                                                                    <div class=\"button__icon\"><img loading=\"lazy\" decoding=\"async\" width=\"30\" height=\"30\" src=\"https:\/\/www.ebilet.pl\/now\/app\/uploads\/2024\/01\/ticket-cinema-entertainment-coupon-discount-sale_30px.png\" class=\"attachment-full size-full\" alt=\"\" \/><\/div>\n                                                                                <p class=\"button__text typo-18\">Kup na eBilet.pl<\/p>\n                                    <\/a>\n                                <\/div>\n                                            <\/div>\n                <\/div>\n            <\/div>\n        <\/div>\n    <\/div>\n<\/section>","protected":false},"excerpt":{"rendered":"<p>Podczas ogl\u0105dania stand-up\u00f3w marzysz o tym, by te\u017c wyst\u0119powa\u0107? Chcia\u0142by\u015b spr\u00f3bowa\u0107 swoich si\u0142 i sprawdzi\u0107, czy uda Ci si\u0119 roz\u015bmieszy\u0107 kogo\u015b wi\u0119cej ni\u017c tylko w\u0142asn\u0105 matk\u0119? Na drodze stoi jednak jeden problem: kompletnie nie wiesz, od czego zacz\u0105\u0107. Nie rezygnuj, tylko czytaj dalej. Podpowiemy Ci!<\/p>\n","protected":false},"author":7,"featured_media":2041,"comment_status":"open","ping_status":"open","sticky":false,"template":"page-templates\/article-default.php","format":"standard","meta":{"_acf_changed":false,"footnotes":""},"article_tag":[126,122,121],"article_type":[5],"acf":[],"_links":{"self":[{"href":"https:\/\/www.ebilet.pl\/now\/wp-json\/wp\/v2\/posts\/2040"}],"collection":[{"href":"https:\/\/www.ebilet.pl\/now\/wp-json\/wp\/v2\/posts"}],"about":[{"href":"https:\/\/www.ebilet.pl\/now\/wp-json\/wp\/v2\/types\/post"}],"author":[{"embeddable":true,"href":"https:\/\/www.ebilet.pl\/now\/wp-json\/wp\/v2\/users\/7"}],"replies":[{"embeddable":true,"href":"https:\/\/www.ebilet.pl\/now\/wp-json\/wp\/v2\/comments?post=2040"}],"version-history":[{"count":3,"href":"https:\/\/www.ebilet.pl\/now\/wp-json\/wp\/v2\/posts\/2040\/revisions"}],"predecessor-version":[{"id":19007,"href":"https:\/\/www.ebilet.pl\/now\/wp-json\/wp\/v2\/posts\/2040\/revisions\/19007"}],"wp:featuredmedia":[{"embeddable":true,"href":"https:\/\/www.ebilet.pl\/now\/wp-json\/wp\/v2\/media\/2041"}],"wp:attachment":[{"href":"https:\/\/www.ebilet.pl\/now\/wp-json\/wp\/v2\/media?parent=2040"}],"wp:term":[{"taxonomy":"article_tag","embeddable":true,"href":"https:\/\/www.ebilet.pl\/now\/wp-json\/wp\/v2\/article_tag?post=2040"},{"taxonomy":"article_type","embeddable":true,"href":"https:\/\/www.ebilet.pl\/now\/wp-json\/wp\/v2\/article_type?post=2040"}],"curies":[{"name":"wp","href":"https:\/\/api.w.org\/{rel}","templated":true}]}}