{"id":19421,"date":"2024-05-21T13:02:54","date_gmt":"2024-05-21T12:02:54","guid":{"rendered":"https:\/\/www.ebilet.pl\/now\/?p=19421"},"modified":"2025-09-21T22:28:28","modified_gmt":"2025-09-21T21:28:28","slug":"dave-grohl-serce-ktore-peklo-trzy-razy","status":"publish","type":"post","link":"https:\/\/www.ebilet.pl\/now\/dave-grohl-serce-ktore-peklo-trzy-razy\/","title":{"rendered":"Dave Grohl &#8211; serce, kt\u00f3re p\u0119k\u0142o trzy razy"},"content":{"rendered":"\n<section class=\"text-block  section-margin-32\" >\n    <div class=\"container\">\n        <div class=\"row\">\n            <div class=\"col-24\">\n                <div class=\"text-block__content\"><p>Tak naprawd\u0119, w akademickim, klasycznym uj\u0119ciu, <a href=\"https:\/\/www.ebilet.pl\/artysta\/foo-fighters\">Dave Grohl<\/a> w zasadzie nie nauczy\u0142 gra\u0107 na perkusji. <strong>Jest naturszczykiem pe\u0142n\u0105 g\u0119b\u0105.<\/strong> W dzieci\u0144stwie by\u0142o go sta\u0107 tylko na jedn\u0105 lekcj\u0119 pod okiem profesjonalisty \u2013 jazzowego perkusisty. Od niego dowiedzia\u0142 si\u0119, \u017ce nawet nie trzyma pa\u0142eczek &#8220;jak trzeba&#8221;, tylko po swojemu. Jedno spotkanie wystarczy\u0142o, by do\u015bwiadczony i aspiruj\u0105cy b\u0119bniarz przekonali si\u0119, \u017ce nie b\u0119dzie im po drodze. Ulg\u0119 poczu\u0142 nie tylko David, ale i jego rodzinny bud\u017cet. M\u0142ody perkusista wiedzia\u0142 ju\u017c, \u017ce tak, jak wcze\u015bniej na poduszkach.<\/p>\n<p>Tani zestaw perkusyjny, na kt\u00f3rym p\u00f3\u017aniej \u0107wiczy\u0142, przyjmowa\u0142 wszystko. Grohl wiedzia\u0142, \u017ce liczy\u0142o si\u0119 tylko to, \u017ce kocha\u0142 gra\u0107. &#8211;<strong> By\u0142em Zwierzakiem z &#8220;Muppet\u00f3w&#8221;, ale bez techniki<\/strong> \u2013 podsumuje sam siebie kilka dekad p\u00f3\u017aniej w autobiografii \u201cThe Storyteller\u201d. Jak na ironi\u0119, na lata przed tym, jak spisze wspomnienia, zostanie filmow\u0105 &#8220;podr\u00f3b\u0105&#8221; Zwierzaka. Spotka si\u0119 te\u017c z pluszowym rywalem w bitwie o to, kto jest najlepszym b\u0119bniarzem. Zwyci\u0119zcy nie by\u0142o.<\/p>\n<p>Wszystkiego tego i wiele wi\u0119cej wcale by nie by\u0142o, gdyby nie mama Davida Erica Grohla, Virginia. To ona wys\u0142uchiwa\u0142a jego domowych koncert\u00f3w, ona zabiera\u0142a go do jazzowego klubu One Step Down, ona wreszcie wypchn\u0119\u0142a go tam na scen\u0119, s\u0142ysz\u0105c spanikowane: \u201cczy ciebie kompletnie pop&#8230;oli\u0142o?\u201d. Ona te\u017c opisa\u0142a szalone \u017cycie Dave\u2019a (i jego znanych koleg\u00f3w) we w\u0142asnej ksi\u0105\u017cce \u201cFrom Cradle to Stage (Od ko\u0142yski po scen\u0119)\u201d.<\/p>\n<\/div>\n            <\/div>\n        <\/div>\n    <\/div>\n<\/section>\n\n\n<section class=\"banner banner--layout-default section-margin-32\" >\n    <div class=\"container\">\n        <div class=\"row\">\n            <div class=\"col-24\">\n                <div class=\"banner__wrapper\">\n                                        <div class=\"banner__bg\">\n                        <img loading=\"lazy\" decoding=\"async\" width=\"1920\" height=\"1080\" src=\"https:\/\/www.ebilet.pl\/now\/app\/uploads\/2024\/02\/shutterstock_134643554.jpg\" class=\"attachment-full size-full\" alt=\"\" srcset=\"https:\/\/www.ebilet.pl\/now\/app\/uploads\/2024\/02\/shutterstock_134643554.jpg 1920w, https:\/\/www.ebilet.pl\/now\/app\/uploads\/2024\/02\/shutterstock_134643554-1024x576.jpg 1024w, https:\/\/www.ebilet.pl\/now\/app\/uploads\/2024\/02\/shutterstock_134643554-1536x864.jpg 1536w, https:\/\/www.ebilet.pl\/now\/app\/uploads\/2024\/02\/shutterstock_134643554-1280x720.jpg 1280w, https:\/\/www.ebilet.pl\/now\/app\/uploads\/2024\/02\/shutterstock_134643554-500x281.jpg 500w, https:\/\/www.ebilet.pl\/now\/app\/uploads\/2024\/02\/shutterstock_134643554-632x356.jpg 632w, https:\/\/www.ebilet.pl\/now\/app\/uploads\/2024\/02\/shutterstock_134643554-308x174.jpg 308w\" sizes=\"auto, (max-width: 1920px) 100vw, 1920px\" \/>                    <\/div>\n                                                                                                    <div class=\"banner__text\">\n                        <div class=\"banner__title typo-h2 f-700\">Foo Fighters na Open&#8217;erze<\/div>\n                        <p class=\"banner__desc typo-14\"><\/p>\n                    <\/div>\n                                                            <div class=\"banner__link\">\n                        <a\n                            class=\"button button--theme-primary-yellow \"\n                            href=\"https:\/\/www.ebilet.pl\/muzyka\/festiwale\/opener-festival\"\n                        >\n                            <p class=\"button__text typo-18\">Kup bilety<\/p>\n                                                    <\/a>\n                    <\/div>\n                                                        <\/div>\n            <\/div>\n        <\/div>\n    <\/div>\n<\/section>\n\n\n<section class=\"text-block  section-margin-32\" >\n    <div class=\"container\">\n        <div class=\"row\">\n            <div class=\"col-24\">\n                <div class=\"text-block__content\"><p>Grohl by\u0142 typowym ameryka\u0144skim dzieciakiem, dokazuj\u0105cym, pakuj\u0105cym si\u0119 w k\u0142opoty, kolekcjonuj\u0105cym co dziwniejsze kontuzje i blizny. Kompletowa\u0142 pe\u0142ny wizerunek punka. Bo punkiem, tak jak perkusyjnym naturszczykiem, by\u0142 pe\u0142n\u0105 g\u0119b\u0105. Punkow\u0105 ameryka\u0144sk\u0105 scen\u0119 poznawa\u0142 dzi\u0119ki kuzynce. P\u00f3\u017aniej zanurzy\u0142 si\u0119 w niej sam. I przepad\u0142. Im by\u0142o g\u0142o\u015bniej i dziwniej, tym lepiej. Niezale\u017cnie od tego, po kt\u00f3rej stronie sceny si\u0119 znajdowa\u0142.<\/p>\n<p>Punkowe podej\u015bcie mia\u0142 te\u017c do szko\u0142y. Nie uczy\u0142 si\u0119 \u017ale, ale nie widzia\u0142 dla siebie przysz\u0142o\u015bci po jej uko\u0144czeniu. Wiedzia\u0142 ju\u017c, \u017ce chce pod\u0105\u017ca\u0107 wy\u0142\u0105cznie \u015bcie\u017ck\u0105, kt\u00f3ra wytycza\u0142a mu muzyka. Matka Dave\u2019a, sama b\u0119d\u0105c nauczycielk\u0105, nie odwiod\u0142a go od tego pomys\u0142u. W wywiadach opowiada\u0142a p\u00f3\u017aniej, \u017ce nie wyobra\u017ca\u0142a sobie innego \u017cycia dla syna ni\u017c tego, w kt\u00f3rym spe\u0142nia\u0142by marzenia. <strong>Wyczuwaj\u0105c w nim od razu talent showmana, wiedzia\u0142a, \u017ce jego przeznaczeniem jest zabawianie ludzi. Nie wiedzia\u0142a tylko w\u00f3wczas, w jaki spos\u00f3b i jakie to spe\u0142nienie marzenia przyjmie rozmiary.<\/strong><\/p>\n<\/div>\n            <\/div>\n        <\/div>\n    <\/div>\n<\/section>\n\n\n<section class=\"text-block  section-margin-32\" >\n    <div class=\"container\">\n        <div class=\"row\">\n            <div class=\"col-24\">\n                <div class=\"text-block__content\"><p>Tego nie wiedzia\u0142 te\u017c Grohl. Ale niezmiennie kierowa\u0142 si\u0119 sercem. Zacz\u0119\u0142o si\u0119 niewinnie, od szkolnych zespo\u0142\u00f3w o jak\u017ce wdzi\u0119cznych nazwach Mission Impossible czy Dain Bramage (inspiracja Brain Damage to nie przypadek). Grohl jednak chcia\u0142 czego\u015b wi\u0119cej. Wspomniane &#8220;wi\u0119cej&#8221; zaoferowa\u0142 mu Scream, formacja, dzi\u0119ki kt\u00f3rej pozna\u0142, jak naprawd\u0119 wygl\u0105da \u017cycie w zespole i przede wszystkim, jak naprawd\u0119 wygl\u0105da \u017cycie w trasie. Jasne, \u017ce postawi\u0142 wszystko na jedn\u0105 kart\u0119 i jasne, \u017ce poda\u0142 si\u0119 za starszego, ni\u017c jest. I jasne, \u017ce sam z\u0142ama\u0142 serce sobie i swoim dawnym kolegom, porzucaj\u0105c dawne, szkolne zespo\u0142y i rzucaj\u0105c si\u0119 w nieznane. &#8220;<strong>Lepiej, \u017cebym by\u0142 dobry<\/strong>\u201d \u2013 my\u015bla\u0142, rozpoczynaj\u0105c t\u0119 przygod\u0119. I by\u0142.<\/p>\n<p>Maszyna zwana <strong>Scream<\/strong> poch\u0142on\u0119\u0142a go bez reszty. Grohl zjecha\u0142 z ni\u0105 ca\u0142y kraj i szybko przekona\u0142 si\u0119, \u017ce trasa koncertowa to ani &#8220;mokry sen\u201d rockandrollowca, ani przelewki. &#8211; Przemierzy\u0142em ca\u0142y kraj, od oceanu do oceanu, nap\u0119dzany tylko mi\u0142o\u015bci\u0105 do muzyki i pragnieniem prze\u017cycia &#8211; wspomina, otulaj\u0105c swoj\u0105 opowie\u015b\u0107 w romantyczn\u0105 mg\u0142\u0119 rock and rolla. Ale ca\u0142o\u015b\u0107 podsumowuje z w\u0142a\u015bciw\u0105 dla siebie dosadno\u015bci\u0105. &#8211;<strong> Zio\u0142o by\u0142o dobre, dziewcz\u0119ta urocze, a koncerty zawsze dzikie.<\/strong><\/p>\n<p>Podr\u00f3\u017c ujaranym busem brzmi niemal jak scenariusz do &#8220;Las Vegas Parano&#8221; zmiksowanego z &#8220;Tenacoius D i Kostka Przeznaczenia&#8221; i prowadzi do poznania Iggy\u2019ego Popa (z kt\u00f3rym, wyci\u0105gni\u0119ty wprost z grata zagra\u0142 kameralny koncert w zast\u0119pstwie za b\u0119bniarza Osterberga). \u017bycie w Scream nie by\u0142o jednak us\u0142ane zio\u0142em, pi\u0119knymi dziewczynami i legendami rocka. W d\u0142ugiej trasie Dave pozna\u0142, co to kryzysy mi\u0119dzyludzkie, rozczarowanie, frustracja, a w ko\u0144cu bieda. Kapela dotar\u0142a do Los Angeles, ale i w pewnym sensie, do swojego szklanego sufitu. Przed zespo\u0142em nie majaczy\u0142a kolorowa przysz\u0142o\u015b\u0107, morale spada\u0142y, a koncert\u00f3w \u2013 zwyczajnie ju\u017c nie by\u0142o.<\/p>\n<p>Grohl, got\u00f3w ju\u017c wraca\u0107 do domu, przekona\u0142 si\u0119, \u017ce los ma dla niego jeszcze kilka as\u00f3w w r\u0119kawie. Jednym z nich by\u0142a rozmowa telefoniczna z jednym z najbardziej obiecuj\u0105cych gitarzyst\u00f3w i wokalist\u00f3w w Stanach. Mowa rzecz jasna o Kurcie Cobainie. Zupe\u0142nym przypadkiem Nirvana szuka\u0142a kolejnego b\u0119bniarza i &#8220;zupe\u0142nym przypadkiem&#8221; Cobain zobaczy\u0142 go na scenie ze Scream. Zachwycony nieokrzesanym b\u0119bniarzem nie mia\u0142 w\u0105tpliwo\u015bci, \u017ce to on jest elementem, kt\u00f3rego zespo\u0142owi od pocz\u0105tku brakowa\u0142o.<\/p>\n<\/div>\n            <\/div>\n        <\/div>\n    <\/div>\n<\/section>\n\n\n    <section class=\"events-carousel-block  section-margin-32\"\n        data-events-carousel\n        data-settings='{\"per_view\":5}'\n        data-item-list-name=\"Karuzela niska Polecamy na eBilet.pl\"\n        data-item-list-id=\"karuzela_niska Polecamy na eBilet.pl\"\n        >\n        <div class=\"container\">\n                            <div class=\"row\">\n                    <div class=\"col-24\">\n                        <div class=\"events-carousel-block__title\">\n                            <h2 class=\"typo-h2\">Polecamy na eBilet.pl<\/h2>\n                        <\/div>\n                    <\/div>\n                <\/div>\n                        <div class=\"row\">\n                <div class=\"col-24\">\n                    <div class=\"events-carousel-block__events\">\n                        <div class=\"events-carousel-block__nav events-carousel-block__nav--prev\">\n                            <div class=\"button button--withIcon button--theme-white-blur button--size-fixed-48\" data-events-carousel-prev>\n                                <span class=\"button__icon icon icon-chevron-left\"><\/span>\n                            <\/div>\n                        <\/div>\n                        <div class=\"events-carousel-block__nav events-carousel-block__nav--next\">\n                            <div class=\"button button--withIcon button--theme-white-blur button--size-fixed-48\" data-events-carousel-next>\n                                <span class=\"button__icon icon icon-chevron-right\"><\/span>\n                            <\/div>\n                        <\/div>\n                        <div class=\"events-carousel-block__slider swiper\" data-events-carousel-slider>\n                            <div class=\"events-carousel-block__sliderWrapper swiper-wrapper\">\n                                                                    <div class=\"events-carousel-block__sliderItem swiper-slide\"\n                                        data-id=\"103616\"\n                                        data-name=\"Another Pink Floyd\"\n                                        data-brand=\"FANTOM MEDIA Micha\u0142 Kapu\u015bciarz\"\n                                        data-category=\"muzyka\"\n                                        data-subcategory=\"rock\"\n                                        data-city=\"Bia\u0142ystok, Gorz\u00f3w Wielkopolski, Krak\u00f3w i inne\"\n                                        data-venue=\"Arena Ostr\u00f3w\">\n                                        \n<div class=\"card-event  card-event--size-small\">\n        <a href=\"https:\/\/www.ebilet.pl\/muzyka\/rock\/another-pink-floyd-marek-raduli\" target=\"_blank\" class=\"card-event__link\" rel=\"nofollow noopener\"><\/a>\n        <div class=\"card-event__wrapper\">\n        <div class=\"card-event__image\">\n            <img decoding=\"async\" src=\"https:\/\/www.ebilet.pl\/media\/cms\/media\/emlfh0wi\/another-pink-floyd-pion-656.webp\" alt=\"\">\n        <\/div>\n        <div class=\"card-event__data\">\n            <div class=\"card-event__name\">\n                <p>Another Pink Floyd<\/p>\n            <\/div>\n            <div class=\"card-event__date\"><\/div>\n            <div class=\"card-event__location\">Bia\u0142ystok, Gorz\u00f3w Wielkopolski, Krak\u00f3w i inne<\/div>\n        <\/div>\n    <\/div>\n<\/div>                                    <\/div>\n                                                                    <div class=\"events-carousel-block__sliderItem swiper-slide\"\n                                        data-id=\"29466\"\n                                        data-name=\"Queen Symfonicznie \u2013 trasa XV-lecia\"\n                                        data-brand=\"Piosenka Plus\"\n                                        data-category=\"muzyka\"\n                                        data-subcategory=\"rock\"\n                                        data-city=\"Bia\u0142ystok, Bielsko-Bia\u0142a, Gda\u0144sk i inne\"\n                                        data-venue=\"Filharmonia Zielonog\u00f3rska im. Tadeusza Bairda\">\n                                        \n<div class=\"card-event  card-event--size-small\">\n        <a href=\"https:\/\/www.ebilet.pl\/muzyka\/rock\/queen-symfonicznie\" target=\"_blank\" class=\"card-event__link\" rel=\"nofollow noopener\"><\/a>\n        <div class=\"card-event__wrapper\">\n        <div class=\"card-event__image\">\n            <img decoding=\"async\" src=\"https:\/\/www.ebilet.pl\/media\/cms\/media\/a2dlnxd4\/qs_15_lat_656_369.webp\" alt=\"\">\n        <\/div>\n        <div class=\"card-event__data\">\n            <div class=\"card-event__name\">\n                <p>Queen Symfonicznie \u2013 trasa XV-lecia<\/p>\n            <\/div>\n            <div class=\"card-event__date\"><\/div>\n            <div class=\"card-event__location\">Bia\u0142ystok, Bielsko-Bia\u0142a, Gda\u0144sk i inne<\/div>\n        <\/div>\n    <\/div>\n<\/div>                                    <\/div>\n                                                                    <div class=\"events-carousel-block__sliderItem swiper-slide\"\n                                        data-id=\"68779\"\n                                        data-name=\"Zadzwo\u0144cie po milicj\u0119\"\n                                        data-brand=\"VISUAL PRODUCTION Sp. z o.o. \"\n                                        data-category=\"muzyka\"\n                                        data-subcategory=\"rock\"\n                                        data-city=\"Gorz\u00f3w Wielkopolski, Katowice, \u0141\u00f3d\u017a i inne\"\n                                        data-venue=\"Hala Spodek\">\n                                        \n<div class=\"card-event  card-event--size-small\">\n        <a href=\"https:\/\/www.ebilet.pl\/muzyka\/rock\/zadzwoncie-po-milicje\" target=\"_blank\" class=\"card-event__link\" rel=\"nofollow noopener\"><\/a>\n        <div class=\"card-event__wrapper\">\n        <div class=\"card-event__image\">\n            <img decoding=\"async\" src=\"https:\/\/www.ebilet.pl\/media\/cms\/media\/2rbewmt5\/ebilet-656x369-4474af0a-cf88-484b-a001-782b4914cfe2.webp\" alt=\"\">\n        <\/div>\n        <div class=\"card-event__data\">\n            <div class=\"card-event__name\">\n                <p>Zadzwo\u0144cie po milicj\u0119<\/p>\n            <\/div>\n            <div class=\"card-event__date\"><\/div>\n            <div class=\"card-event__location\">Gorz\u00f3w Wielkopolski, Katowice, \u0141\u00f3d\u017a i inne<\/div>\n        <\/div>\n    <\/div>\n<\/div>                                    <\/div>\n                                                                    <div class=\"events-carousel-block__sliderItem swiper-slide\"\n                                        data-id=\"94910\"\n                                        data-name=\"Muzyka Zespo\u0142u Nirvana Symfonicznie\"\n                                        data-brand=\"Piosenka Plus\"\n                                        data-category=\"muzyka\"\n                                        data-subcategory=\"rock\"\n                                        data-city=\"Gorz\u00f3w Wielkopolski, \u0141a\u0144cut, Nysa i inne\"\n                                        data-venue=\"Miejskie Centrum Kultury, Gorz\u00f3w Wielkopolski\">\n                                        \n<div class=\"card-event  card-event--size-small\">\n        <a href=\"https:\/\/www.ebilet.pl\/muzyka\/rock\/nirvana-symfonicznie\" target=\"_blank\" class=\"card-event__link\" rel=\"nofollow noopener\"><\/a>\n        <div class=\"card-event__wrapper\">\n        <div class=\"card-event__image\">\n            <img decoding=\"async\" src=\"https:\/\/www.ebilet.pl\/media\/cms\/media\/dbsbiu5o\/656x369.webp\" alt=\"\">\n        <\/div>\n        <div class=\"card-event__data\">\n            <div class=\"card-event__name\">\n                <p>Muzyka Zespo\u0142u Nirvana Symfonicznie<\/p>\n            <\/div>\n            <div class=\"card-event__date\"><\/div>\n            <div class=\"card-event__location\">Gorz\u00f3w Wielkopolski, \u0141a\u0144cut, Nysa i inne<\/div>\n        <\/div>\n    <\/div>\n<\/div>                                    <\/div>\n                                                                    <div class=\"events-carousel-block__sliderItem swiper-slide\"\n                                        data-id=\"10619\"\n                                        data-name=\"\u015awietliki\"\n                                        data-brand=\"Fundacja Student\u00f3w i Absolwent\u00f3w AGH w Krakowie\"\n                                        data-category=\"muzyka\"\n                                        data-subcategory=\"rock\"\n                                        data-city=\"Krak\u00f3w\"\n                                        data-venue=\"Klub Studio\">\n                                        \n<div class=\"card-event  card-event--size-small\">\n        <a href=\"https:\/\/www.ebilet.pl\/muzyka\/rock\/swietliki\" target=\"_blank\" class=\"card-event__link\" rel=\"nofollow noopener\"><\/a>\n        <div class=\"card-event__wrapper\">\n        <div class=\"card-event__image\">\n            <img decoding=\"async\" src=\"https:\/\/www.ebilet.pl\/media\/cms\/media\/fe0irwcl\/st-swietliki-05-12_ebilet-656x369-1.webp\" alt=\"\">\n        <\/div>\n        <div class=\"card-event__data\">\n            <div class=\"card-event__name\">\n                <p>\u015awietliki<\/p>\n            <\/div>\n            <div class=\"card-event__date\"><\/div>\n            <div class=\"card-event__location\">Krak\u00f3w<\/div>\n        <\/div>\n    <\/div>\n<\/div>                                    <\/div>\n                                                                    <div class=\"events-carousel-block__sliderItem swiper-slide\"\n                                        data-id=\"6263\"\n                                        data-name=\"IRA\"\n                                        data-brand=\"Agencja Artystyczna Brussa Jaros\u0142aw Brussa Iwona Brussa Zuzanna \"\n                                        data-category=\"muzyka\"\n                                        data-subcategory=\"rock\"\n                                        data-city=\"Toru\u0144, Tychy, Wroc\u0142aw\"\n                                        data-venue=\"Teatr Ma\u0142y  w Tychach\">\n                                        \n<div class=\"card-event  card-event--size-small\">\n        <a href=\"https:\/\/www.ebilet.pl\/muzyka\/rock\/ira\" target=\"_blank\" class=\"card-event__link\" rel=\"nofollow noopener\"><\/a>\n        <div class=\"card-event__wrapper\">\n        <div class=\"card-event__image\">\n            <img decoding=\"async\" src=\"https:\/\/www.ebilet.pl\/media\/cms\/media\/a1cp4cue\/656x369-2-033809d0-af12-4e76-841f-cabd88e13b01.webp\" alt=\"\">\n        <\/div>\n        <div class=\"card-event__data\">\n            <div class=\"card-event__name\">\n                <p>IRA<\/p>\n            <\/div>\n            <div class=\"card-event__date\"><\/div>\n            <div class=\"card-event__location\">Toru\u0144, Tychy, Wroc\u0142aw<\/div>\n        <\/div>\n    <\/div>\n<\/div>                                    <\/div>\n                                                                    <div class=\"events-carousel-block__sliderItem swiper-slide\"\n                                        data-id=\"121218\"\n                                        data-name=\"Diary Of Dreams\"\n                                        data-brand=\"Progresja\"\n                                        data-category=\"muzyka\"\n                                        data-subcategory=\"rock\"\n                                        data-city=\"Warszawa\"\n                                        data-venue=\"Progresja\">\n                                        \n<div class=\"card-event  card-event--size-small\">\n        <a href=\"https:\/\/www.ebilet.pl\/muzyka\/rock\/diary-of-dreams\" target=\"_blank\" class=\"card-event__link\" rel=\"nofollow noopener\"><\/a>\n        <div class=\"card-event__wrapper\">\n        <div class=\"card-event__image\">\n            <img decoding=\"async\" src=\"https:\/\/www.ebilet.pl\/media\/cms\/media\/ygfpobxd\/poziom-dod-a3999621-9fae-462b-98b5-b90af3b7cb32.webp\" alt=\"\">\n        <\/div>\n        <div class=\"card-event__data\">\n            <div class=\"card-event__name\">\n                <p>Diary Of Dreams<\/p>\n            <\/div>\n            <div class=\"card-event__date\"><\/div>\n            <div class=\"card-event__location\">Warszawa<\/div>\n        <\/div>\n    <\/div>\n<\/div>                                    <\/div>\n                                                                    <div class=\"events-carousel-block__sliderItem swiper-slide\"\n                                        data-id=\"5751\"\n                                        data-name=\"Freddie Mercury Rock-Operowo przy \u015bwiecach\"\n                                        data-brand=\"Copernicus Sp\u00f3\u0142ka z o.o.\"\n                                        data-category=\"muzyka\"\n                                        data-subcategory=\"rock\"\n                                        data-city=\"Bielsko-Bia\u0142a, Bydgoszcz, Krak\u00f3w i inne\"\n                                        data-venue=\"Sala Redutowa - Kamienica &quot;Pod Or\u0142em&quot;\">\n                                        \n<div class=\"card-event  card-event--size-small\">\n        <a href=\"https:\/\/www.ebilet.pl\/muzyka\/rock\/freddie-mercury-rock-operowo\" target=\"_blank\" class=\"card-event__link\" rel=\"nofollow noopener\"><\/a>\n        <div class=\"card-event__wrapper\">\n        <div class=\"card-event__image\">\n            <img decoding=\"async\" src=\"https:\/\/www.ebilet.pl\/media\/cms\/media\/zojornaw\/freddie-mercury-opera-show-656x369-px-4c34af26-5419-43f8-9f97-8357fecb707c.webp\" alt=\"\">\n        <\/div>\n        <div class=\"card-event__data\">\n            <div class=\"card-event__name\">\n                <p>Freddie Mercury Rock-Operowo przy \u015bwiecach<\/p>\n            <\/div>\n            <div class=\"card-event__date\"><\/div>\n            <div class=\"card-event__location\">Bielsko-Bia\u0142a, Bydgoszcz, Krak\u00f3w i inne<\/div>\n        <\/div>\n    <\/div>\n<\/div>                                    <\/div>\n                                                                    <div class=\"events-carousel-block__sliderItem swiper-slide\"\n                                        data-id=\"151582\"\n                                        data-name=\"Zvezda po imeni Solnce - KINO Symphony Tribute\"\n                                        data-brand=\"Luckystar,s.r.o.\"\n                                        data-category=\"muzyka\"\n                                        data-subcategory=\"rock\"\n                                        data-city=\"Gda\u0144sk, Warszawa\"\n                                        data-venue=\"Teatr Palladium w Warszawie\">\n                                        \n<div class=\"card-event  card-event--size-small\">\n        <a href=\"https:\/\/www.ebilet.pl\/muzyka\/rock\/kino\" target=\"_blank\" class=\"card-event__link\" rel=\"nofollow noopener\"><\/a>\n        <div class=\"card-event__wrapper\">\n        <div class=\"card-event__image\">\n            <img decoding=\"async\" src=\"https:\/\/www.ebilet.pl\/media\/cms\/media\/in4dcj1r\/tsoy-656_369-6f47f596-8af6-4136-987f-85d8fbe4fdc7.webp\" alt=\"\">\n        <\/div>\n        <div class=\"card-event__data\">\n            <div class=\"card-event__name\">\n                <p>Zvezda po imeni Solnce &#8211; KINO Symphony Tribute<\/p>\n            <\/div>\n            <div class=\"card-event__date\"><\/div>\n            <div class=\"card-event__location\">Gda\u0144sk, Warszawa<\/div>\n        <\/div>\n    <\/div>\n<\/div>                                    <\/div>\n                                                                    <div class=\"events-carousel-block__sliderItem swiper-slide\"\n                                        data-id=\"148914\"\n                                        data-name=\"Baby Lasagna\"\n                                        data-brand=\"Winiary Bookings sp. z o. o.\"\n                                        data-category=\"muzyka\"\n                                        data-subcategory=\"rock\"\n                                        data-city=\"Krak\u00f3w, Pozna\u0144, Warszawa\"\n                                        data-venue=\"Klub Tama\">\n                                        \n<div class=\"card-event  card-event--size-small\">\n        <a href=\"https:\/\/www.ebilet.pl\/muzyka\/rock\/baby-lasagna\" target=\"_blank\" class=\"card-event__link\" rel=\"nofollow noopener\"><\/a>\n        <div class=\"card-event__wrapper\">\n        <div class=\"card-event__image\">\n            <img decoding=\"async\" src=\"https:\/\/www.ebilet.pl\/media\/cms\/media\/zogputvk\/baby-lasagna-ebilet-strona-wydarzenia-poziom-wsp_lne-53ad5c39-c279-4a3c-8cbb-d9b457943b42.webp\" alt=\"\">\n        <\/div>\n        <div class=\"card-event__data\">\n            <div class=\"card-event__name\">\n                <p>Baby Lasagna<\/p>\n            <\/div>\n            <div class=\"card-event__date\"><\/div>\n            <div class=\"card-event__location\">Krak\u00f3w, Pozna\u0144, Warszawa<\/div>\n        <\/div>\n    <\/div>\n<\/div>                                    <\/div>\n                                                                    <div class=\"events-carousel-block__sliderItem swiper-slide\"\n                                        data-id=\"169635\"\n                                        data-name=\"Manchester trasa 20 lat\"\n                                        data-brand=\"Lizard King\"\n                                        data-category=\"muzyka\"\n                                        data-subcategory=\"rock\"\n                                        data-city=\"Gda\u0144sk, Rybnik, Toru\u0144 i inne\"\n                                        data-venue=\"Odessa Club\">\n                                        \n<div class=\"card-event  card-event--size-small\">\n        <a href=\"https:\/\/www.ebilet.pl\/muzyka\/rock\/manchester\" target=\"_blank\" class=\"card-event__link\" rel=\"nofollow noopener\"><\/a>\n        <div class=\"card-event__wrapper\">\n        <div class=\"card-event__image\">\n            <img decoding=\"async\" src=\"https:\/\/www.ebilet.pl\/media\/cms\/media\/hzbfh33w\/656x369-2464538e-b242-4b01-ac84-c073ec6f4417.webp\" alt=\"\">\n        <\/div>\n        <div class=\"card-event__data\">\n            <div class=\"card-event__name\">\n                <p>Manchester trasa 20 lat<\/p>\n            <\/div>\n            <div class=\"card-event__date\"><\/div>\n            <div class=\"card-event__location\">Gda\u0144sk, Rybnik, Toru\u0144 i inne<\/div>\n        <\/div>\n    <\/div>\n<\/div>                                    <\/div>\n                                                                    <div class=\"events-carousel-block__sliderItem swiper-slide\"\n                                        data-id=\"174489\"\n                                        data-name=\"Rock przy \u015bwiecach\"\n                                        data-brand=\"Royal Tributes Sp. z o.o.\"\n                                        data-category=\"muzyka\"\n                                        data-subcategory=\"rock\"\n                                        data-city=\"Bia\u0142ystok, Kielce, Krak\u00f3w i inne\"\n                                        data-venue=\"Nowohuckie Centrum Kultury w Krakowie\">\n                                        \n<div class=\"card-event  card-event--size-small\">\n        <a href=\"https:\/\/www.ebilet.pl\/muzyka\/rock\/rock-przy-swiecach\" target=\"_blank\" class=\"card-event__link\" rel=\"nofollow noopener\"><\/a>\n        <div class=\"card-event__wrapper\">\n        <div class=\"card-event__image\">\n            <img decoding=\"async\" src=\"https:\/\/www.ebilet.pl\/media\/cms\/media\/kxgb1whf\/656x369-0a22924c-13ff-43a3-9bb0-6e380eb5cf19.webp\" alt=\"\">\n        <\/div>\n        <div class=\"card-event__data\">\n            <div class=\"card-event__name\">\n                <p>Rock przy \u015bwiecach<\/p>\n            <\/div>\n            <div class=\"card-event__date\"><\/div>\n            <div class=\"card-event__location\">Bia\u0142ystok, Kielce, Krak\u00f3w i inne<\/div>\n        <\/div>\n    <\/div>\n<\/div>                                    <\/div>\n                                                                    <div class=\"events-carousel-block__sliderItem swiper-slide\"\n                                        data-id=\"178032\"\n                                        data-name=\"Muzyka Queen i Eltona Johna na 28. pi\u0119trze\"\n                                        data-brand=\"SVITLO CONCERT Sp. z o.o.\"\n                                        data-category=\"muzyka\"\n                                        data-subcategory=\"rock\"\n                                        data-city=\"Warszawa\"\n                                        data-venue=\"Sky Hall by Svitlo Concert\">\n                                        \n<div class=\"card-event  card-event--size-small\">\n        <a href=\"https:\/\/www.ebilet.pl\/muzyka\/rock\/muzyka-queen-i-eltona-johna\" target=\"_blank\" class=\"card-event__link\" rel=\"nofollow noopener\"><\/a>\n        <div class=\"card-event__wrapper\">\n        <div class=\"card-event__image\">\n            <img decoding=\"async\" src=\"https:\/\/www.ebilet.pl\/media\/cms\/media\/rf2hyeod\/656_369-queen-i-elton-john-b1112492-53ec-4844-8131-2d4d6f6e5607.webp\" alt=\"\">\n        <\/div>\n        <div class=\"card-event__data\">\n            <div class=\"card-event__name\">\n                <p>Muzyka Queen i Eltona Johna na 28. pi\u0119trze<\/p>\n            <\/div>\n            <div class=\"card-event__date\"><\/div>\n            <div class=\"card-event__location\">Warszawa<\/div>\n        <\/div>\n    <\/div>\n<\/div>                                    <\/div>\n                                                                    <div class=\"events-carousel-block__sliderItem swiper-slide\"\n                                        data-id=\"178059\"\n                                        data-name=\"Klasyka Rocka na 28. pi\u0119trze\"\n                                        data-brand=\"SVITLO CONCERT Sp. z o.o.\"\n                                        data-category=\"muzyka\"\n                                        data-subcategory=\"rock\"\n                                        data-city=\"Warszawa\"\n                                        data-venue=\"Sky Hall by Svitlo Concert\">\n                                        \n<div class=\"card-event  card-event--size-small\">\n        <a href=\"https:\/\/www.ebilet.pl\/muzyka\/rock\/klasyka-rocka-na-28-pietrze\" target=\"_blank\" class=\"card-event__link\" rel=\"nofollow noopener\"><\/a>\n        <div class=\"card-event__wrapper\">\n        <div class=\"card-event__image\">\n            <img decoding=\"async\" src=\"https:\/\/www.ebilet.pl\/media\/cms\/media\/scuda5xl\/656_369-klasyka-rocka-408dd696-350f-403f-b2fd-d1e7f35b2ed7.webp\" alt=\"\">\n        <\/div>\n        <div class=\"card-event__data\">\n            <div class=\"card-event__name\">\n                <p>Klasyka Rocka na 28. pi\u0119trze<\/p>\n            <\/div>\n            <div class=\"card-event__date\"><\/div>\n            <div class=\"card-event__location\">Warszawa<\/div>\n        <\/div>\n    <\/div>\n<\/div>                                    <\/div>\n                                                                    <div class=\"events-carousel-block__sliderItem swiper-slide\"\n                                        data-id=\"181566\"\n                                        data-name=\"Queen Classic Concert By Candle Glow\"\n                                        data-brand=\"Copernicus Sp\u00f3\u0142ka z o.o.\"\n                                        data-category=\"muzyka\"\n                                        data-subcategory=\"rock\"\n                                        data-city=\"Krak\u00f3w, Warszawa\"\n                                        data-venue=\"Klasztor O.O. Bernardyn\u00f3w\">\n                                        \n<div class=\"card-event  card-event--size-small\">\n        <a href=\"https:\/\/www.ebilet.pl\/muzyka\/rock\/royal-chopin-hall\" target=\"_blank\" class=\"card-event__link\" rel=\"nofollow noopener\"><\/a>\n        <div class=\"card-event__wrapper\">\n        <div class=\"card-event__image\">\n            <img decoding=\"async\" src=\"https:\/\/www.ebilet.pl\/media\/cms\/media\/kfpehtxm\/queen-classic-krak_w-656x369-px-by-candle-glow-0511fa8e-a43c-4965-b7c7-63e6ff92ab6f.webp\" alt=\"\">\n        <\/div>\n        <div class=\"card-event__data\">\n            <div class=\"card-event__name\">\n                <p>Queen Classic Concert By Candle Glow<\/p>\n            <\/div>\n            <div class=\"card-event__date\"><\/div>\n            <div class=\"card-event__location\">Krak\u00f3w, Warszawa<\/div>\n        <\/div>\n    <\/div>\n<\/div>                                    <\/div>\n                                                                    <div class=\"events-carousel-block__sliderItem swiper-slide\"\n                                        data-id=\"182461\"\n                                        data-name=\"&quot;M\u00f3wi\u0105 o mnie w mie\u015bcie...&quot; - Urodziny Ry\u015bka Riedla\"\n                                        data-brand=\"SWIK Nasze Miasto Wroc\u0142aw\"\n                                        data-category=\"muzyka\"\n                                        data-subcategory=\"rock\"\n                                        data-city=\"Wroc\u0142aw\"\n                                        data-venue=\"Stary Klasztor\">\n                                        \n<div class=\"card-event  card-event--size-small\">\n        <a href=\"https:\/\/www.ebilet.pl\/muzyka\/rock\/urodziny-ryska-riedla\" target=\"_blank\" class=\"card-event__link\" rel=\"nofollow noopener\"><\/a>\n        <div class=\"card-event__wrapper\">\n        <div class=\"card-event__image\">\n            <img decoding=\"async\" src=\"https:\/\/www.ebilet.pl\/media\/cms\/media\/mjpouooy\/wydarzenie-10-1-7795ae92-4e2b-40be-9c1a-9cfc7cafd7cc.webp\" alt=\"\">\n        <\/div>\n        <div class=\"card-event__data\">\n            <div class=\"card-event__name\">\n                <p>&#8220;M\u00f3wi\u0105 o mnie w mie\u015bcie&#8230;&#8221; &#8211; Urodziny Ry\u015bka Riedla<\/p>\n            <\/div>\n            <div class=\"card-event__date\"><\/div>\n            <div class=\"card-event__location\">Wroc\u0142aw<\/div>\n        <\/div>\n    <\/div>\n<\/div>                                    <\/div>\n                                                                    <div class=\"events-carousel-block__sliderItem swiper-slide\"\n                                        data-id=\"64455\"\n                                        data-name=\"Budka Suflera\"\n                                        data-brand=\"AGENCJA ARTYSTYCZNA BRUSSA ZUZANNA BRUSSA\"\n                                        data-category=\"muzyka\"\n                                        data-subcategory=\"rock\"\n                                        data-city=\"\u0141\u00f3d\u017a, Pozna\u0144, Szczecin\"\n                                        data-venue=\"Aula Uniwersytetu im. Adama Mickiewicza\">\n                                        \n<div class=\"card-event  card-event--size-small\">\n        <a href=\"https:\/\/www.ebilet.pl\/muzyka\/rock\/budka-suflera\" target=\"_blank\" class=\"card-event__link\" rel=\"nofollow noopener\"><\/a>\n        <div class=\"card-event__wrapper\">\n        <div class=\"card-event__image\">\n            <img decoding=\"async\" src=\"https:\/\/www.ebilet.pl\/media\/cms\/media\/lbzmf2jx\/656x369-46e5809c-22e7-49a3-95aa-5497108908a0.webp\" alt=\"\">\n        <\/div>\n        <div class=\"card-event__data\">\n            <div class=\"card-event__name\">\n                <p>Budka Suflera<\/p>\n            <\/div>\n            <div class=\"card-event__date\"><\/div>\n            <div class=\"card-event__location\">\u0141\u00f3d\u017a, Pozna\u0144, Szczecin<\/div>\n        <\/div>\n    <\/div>\n<\/div>                                    <\/div>\n                                                                    <div class=\"events-carousel-block__sliderItem swiper-slide\"\n                                        data-id=\"66419\"\n                                        data-name=\"Clan of Xymox\"\n                                        data-brand=\"SWIK Nasze Miasto Wroc\u0142aw\"\n                                        data-category=\"muzyka\"\n                                        data-subcategory=\"rock\"\n                                        data-city=\"Wroc\u0142aw\"\n                                        data-venue=\"Stary Klasztor\">\n                                        \n<div class=\"card-event  card-event--size-small\">\n        <a href=\"https:\/\/www.ebilet.pl\/muzyka\/rock\/clan-of-xymox\" target=\"_blank\" class=\"card-event__link\" rel=\"nofollow noopener\"><\/a>\n        <div class=\"card-event__wrapper\">\n        <div class=\"card-event__image\">\n            <img decoding=\"async\" src=\"https:\/\/www.ebilet.pl\/media\/cms\/media\/c3ymzgfg\/clan-of-xymox-zdj_cie-w-tle-do-1-4b849278-b861-443b-b16b-76714cdaeba0.webp\" alt=\"\">\n        <\/div>\n        <div class=\"card-event__data\">\n            <div class=\"card-event__name\">\n                <p>Clan of Xymox<\/p>\n            <\/div>\n            <div class=\"card-event__date\"><\/div>\n            <div class=\"card-event__location\">Wroc\u0142aw<\/div>\n        <\/div>\n    <\/div>\n<\/div>                                    <\/div>\n                                                                    <div class=\"events-carousel-block__sliderItem swiper-slide\"\n                                        data-id=\"183034\"\n                                        data-name=\"Koncert przy \u015bwiecach \u2013 Rockowe ballady\"\n                                        data-brand=\"Fundacja na Rzecz Pomocy Pestka\"\n                                        data-category=\"muzyka\"\n                                        data-subcategory=\"rock\"\n                                        data-city=\"Wroc\u0142aw\"\n                                        data-venue=\"Aula NOT\">\n                                        \n<div class=\"card-event  card-event--size-small\">\n        <a href=\"https:\/\/www.ebilet.pl\/muzyka\/rock\/rockowe-ballady\" target=\"_blank\" class=\"card-event__link\" rel=\"nofollow noopener\"><\/a>\n        <div class=\"card-event__wrapper\">\n        <div class=\"card-event__image\">\n            <img decoding=\"async\" src=\"https:\/\/www.ebilet.pl\/media\/cms\/media\/ax3arkia\/3_-rockowe-ballady-656-x-369-px-c34f0903-1ef9-41b6-8f7e-fda591d10720.webp\" alt=\"\">\n        <\/div>\n        <div class=\"card-event__data\">\n            <div class=\"card-event__name\">\n                <p>Koncert przy \u015bwiecach \u2013 Rockowe ballady<\/p>\n            <\/div>\n            <div class=\"card-event__date\"><\/div>\n            <div class=\"card-event__location\">Wroc\u0142aw<\/div>\n        <\/div>\n    <\/div>\n<\/div>                                    <\/div>\n                                                                    <div class=\"events-carousel-block__sliderItem swiper-slide\"\n                                        data-id=\"129407\"\n                                        data-name=\"Ch\u0142opaki Nie P\u0142acz\u0105 - rockowy Dzie\u0144 Ch\u0142opaka\"\n                                        data-brand=\"SWIK Nasze Miasto Wroc\u0142aw\"\n                                        data-category=\"muzyka\"\n                                        data-subcategory=\"rock\"\n                                        data-city=\"Wroc\u0142aw\"\n                                        data-venue=\"Stary Klasztor\">\n                                        \n<div class=\"card-event  card-event--size-small\">\n        <a href=\"https:\/\/www.ebilet.pl\/muzyka\/rock\/rockowy-dzien-chlopaka\" target=\"_blank\" class=\"card-event__link\" rel=\"nofollow noopener\"><\/a>\n        <div class=\"card-event__wrapper\">\n        <div class=\"card-event__image\">\n            <img decoding=\"async\" src=\"https:\/\/www.ebilet.pl\/media\/cms\/media\/pdpd1mnn\/wydarzenie-15-1-7ba46e06-d456-4c99-b635-9bcad31d9dd1.webp\" alt=\"\">\n        <\/div>\n        <div class=\"card-event__data\">\n            <div class=\"card-event__name\">\n                <p>Ch\u0142opaki Nie P\u0142acz\u0105 &#8211; rockowy Dzie\u0144 Ch\u0142opaka<\/p>\n            <\/div>\n            <div class=\"card-event__date\"><\/div>\n            <div class=\"card-event__location\">Wroc\u0142aw<\/div>\n        <\/div>\n    <\/div>\n<\/div>                                    <\/div>\n                                                            <\/div>\n                        <\/div>\n                    <\/div>\n                    <div class=\"events-carousel-block__pagination\">\n                        <div class=\"swiper-pagination slider-pagination\" data-events-carousel-pagination><\/div>\n                    <\/div>\n                <\/div>\n            <\/div>\n        <\/div>\n    <\/section>\n\n\n\n<section class=\"text-block  section-margin-32\" >\n    <div class=\"container\">\n        <div class=\"row\">\n            <div class=\"col-24\">\n                <div class=\"text-block__content\"><p>Telefon od Kurta wywr\u00f3ci\u0142 \u017cycie Dave\u2019a do g\u00f3ry nogami. Chcia\u0142 p\u0119dzi\u0107 za marzeniami, ale ba\u0142 si\u0119 przeprowadzki do Olympii. Nieznane okolice Seattle nie zach\u0119ca\u0142y do ich eksplorowania. Z pomoc\u0105 przyszed\u0142 drugi telefon, do matki. Virginia Grohl doradzi\u0142a synowi jedno \u2013 by pod\u0105\u017ca\u0142 za g\u0142osem serca i\u2026. znalaz\u0142 si\u0119 w samolocie lec\u0105cym na p\u00f3\u0142noc kraju. Tam czekali ju\u017c na niego Cobain i Novoselic.<br \/>\nZanim Nirvana sta\u0142a si\u0119 prawdziwym power trio, trzech niedostosowanych &#8220;wyrzutk\u00f3w&#8221; musia\u0142o si\u0119 &#8220;obw\u0105cha\u0107&#8221;. &#8211; <strong>By\u0142em pi\u0105tym, albo sz\u00f3stym perkusist\u0105 Nirvany<\/strong> \u2013 wspomina\u0142 po latach Grohl nonszalancko, jako anegdot\u0119 o do\u0142\u0105czeniu do kolejnego zespo\u0142u. &#8211; <strong>Nie wymy\u015bli\u0142em \u017cadnego tempa i rytmu. To, kt\u00f3re s\u0142yszycie nawet w &#8220;Smells Like Teen Spirit&#8221;, wzi\u0105\u0142em od klasyk\u00f3w disco<\/strong> &#8211; kwitowa\u0142. Widocznie w\u0142a\u015bnie tego Nirvana potrzebowa\u0142a. Bo m\u00f3wi\u0105c, \u017ce mi\u0119dzy trzema muzykami zaiskrzy\u0142o, to jak nic nie powiedzie\u0107.<\/p>\n<p>Ci, kt\u00f3rzy mieli okazj\u0119 pracowa\u0107 z Nirvan\u0105 do dzi\u015b m\u00f3wi\u0105, \u017ce \u017caden b\u0119bniarz nie pasowa\u0142 do tego zespo\u0142u tak, jak on. By\u0142 dla niego stworzony. &#8211; <strong>Dzi\u0119ki Grohlowi stali\u015bmy si\u0119 jedn\u0105 z si\u0142 natury. Nirvana by\u0142a teraz prawdziw\u0105 besti\u0105<\/strong> \u2013 kwitowa\u0142 kr\u00f3tko Krist Novoselic. Gra\u0142 tak szybko i w\u015bciekle, got\u00f3w roznie\u015b\u0107 b\u0119bny w drobny mak. I o to chodzi\u0142o.<\/p>\n<p>&#8211; <strong>Grohl by\u0142 potworem (\u2026)<\/strong> &#8211; wt\u00f3rowa\u0142 basi\u015bcie Charles R. Cross, biograf Cobaina. &#8211; <strong>Nap\u0119dza\u0142 koncerty i robi\u0142 z nich spektakularne show. To Dave sprawi\u0142, \u017ce Nirvana przeistoczy\u0142a si\u0119 w taki muzyczny wulkan<\/strong> &#8211; wyzna\u0142 w ksi\u0105\u017cce \u201cOto moje (po)wo\u0142anie\u201d.<\/p>\n<p>&#8211; <strong>W moim odczuciu ten kole\u015b odmieni\u0142 charakter ich piosenek. Nie do\u015b\u0107, \u017ce gra\u0142 idealnie r\u00f3wno, to jeszcze napierdala\u0142 w te b\u0119bny tak mocno, \u017ce a\u017c by\u0142o mi ich \u017cal<\/strong> &#8211; wspomina\u0142 Paulowi Bani (autorowi ksi\u0105\u017cki &#8220;Oto moje poWo\u0142anie&#8221;) Butch Vig, legendarny producent, stoj\u0105cy w\u0142a\u015bnie za kr\u0105\u017ckiem &#8220;Nevermind&#8221;.<\/p>\n<\/div>\n            <\/div>\n        <\/div>\n    <\/div>\n<\/section>\n\n\n<figure class=\"wp-block-embed is-type-video is-provider-youtube wp-block-embed-youtube wp-embed-aspect-16-9 wp-has-aspect-ratio\"><div class=\"wp-block-embed__wrapper\">\n<iframe loading=\"lazy\" title=\"Nirvana - Smells Like Teen Spirit (Official Music Video)\" width=\"500\" height=\"281\" src=\"https:\/\/www.youtube.com\/embed\/hTWKbfoikeg?feature=oembed\" frameborder=\"0\" allow=\"accelerometer; autoplay; clipboard-write; encrypted-media; gyroscope; picture-in-picture; web-share\" referrerpolicy=\"strict-origin-when-cross-origin\" allowfullscreen><\/iframe>\n<\/div><\/figure>\n\n\n<section class=\"gap-block  section-margin-32 section-margin-32\"><\/section>\n\n\n<section class=\"text-block  section-margin-32\" >\n    <div class=\"container\">\n        <div class=\"row\">\n            <div class=\"col-24\">\n                <div class=\"text-block__content\"><p>O tym, jak powstawa\u0142a &#8220;Nevermind&#8221;,\u00a0 jak pracowa\u0142a i \u017cy\u0142a ze sob\u0105 Nirvana, kr\u0105\u017c\u0105 od lat legendy. O tym, jak Vig nie m\u00f3g\u0142 nadziwi\u0107 si\u0119, \u017ce ekipa nagrywa niemal ca\u0142\u0105 p\u0142yt\u0119 bez metronomu. O tym, jak zanim \u015bwiat zach\u0142ysn\u0105\u0142 si\u0119 &#8220;Nevermind&#8221;, Cobain i Grohl dzielili obskurne mieszkanie z \u017c\u00f3\u0142wiem. To samo mieszkanie, w kt\u00f3rym powsta\u0142o &#8220;Smells Like Teen Spirit&#8221;. Klip do najwi\u0119kszego przeboju Nirvany b\u0142yskawicznie i bez ustanku zacz\u0119\u0142o pokazywa\u0107 MTV, zmieni\u0142 dos\u0142ownie wszystko. Z dnia na dzie\u0144 z kapeli, kt\u00f3ra w gruncie rzeczy mia\u0142a gdzie\u015b mainstream, stali si\u0119 bandem rozpoznawalnym niemal na ca\u0142ym \u015bwiecie.<\/p>\n<p>Wprawdzie czuli, \u017ce to, co robi\u0105 pod wsp\u00f3lnym szyldem jest wielkie, ale rozmiar\u00f3w sukcesu nie m\u00f3g\u0142 przewidzie\u0107 \u017caden z nich. Supernova kumulowa\u0142a energi\u0119. &#8220;Nevermind&#8221; by\u0142a sensacj\u0105. Zagwarantowa\u0142a Nirvanie niebywa\u0142y sukces, kt\u00f3ry mia\u0142 i cen\u0119, i ci\u0119\u017car. Przez blisko trzy lata swojej dzia\u0142alno\u015bci Nirvana koncertowa\u0142a i nagra\u0142a trzy albumy. Mordercze tempo? Raczej ma\u0142o powiedziane.<\/p>\n<p>Po latach Grohl wspomina, \u017ce do\u015bwiadczenia jego i Cobaina znacz\u0105co si\u0119 r\u00f3\u017cni\u0142y. &#8211; <strong>By\u0142em tylko perkusist\u0105. Chowa\u0142em si\u0119 za b\u0119bnami i mas\u0105 w\u0142os\u00f3w. By\u0142em praktycznie anonimowy. Mog\u0142em wyj\u015b\u0107 po koncercie na miasto i w\u0142a\u015bciwie nikt mnie nie poznawa\u0142<\/strong> \u2013 m\u00f3wi w wywiadach. Nie postawia w\u0105tpliwo\u015bci, \u017ce ca\u0142y ci\u0119\u017car s\u0142awy ci\u0105\u017cy\u0142 na Cobainie. Nigdy nie chcia\u0142 by\u0107 g\u0142osem pokolenia, a i tak nim zosta\u0142. Ci\u0119\u017car zacz\u0105\u0142 go przygniata\u0107, a supernowa zacz\u0119\u0142a si\u0119 stopniowo zapada\u0107.<\/p>\n<p>Od czas\u00f3w legendarnej trasy w 1992 roku, kt\u00f3r\u0105 zagrali z <a href=\"https:\/\/www.ebilet.pl\/now\/dark-matter-pearl-jam-maluje-swiatlem\/\">Pearl Jam<\/a> i <a href=\"https:\/\/www.ebilet.pl\/now\/wiersz-wart-miliony\/\">Red Hot Chili Peppers<\/a>, Grohl widzia\u0142, jak psychiczny stan uzale\u017cnionego ju\u017c od heroiny Cobaina si\u0119 pogarsza. Propozycja wyst\u0119pu, a potem i sam wyst\u0119p w &#8220;Saturday Night Live&#8221; nie cieszy\u0142y, jak powinny. Podobnie zreszt\u0105 jak koncertowanie. Praca nad &#8220;In Utero&#8221; powodowa\u0142a coraz wi\u0119ksze p\u0119kni\u0119cia w zespole i psychice Cobaina. Grohl m\u00f3wi\u0105c o klipie do &#8220;All Apologies&#8221; stwierdzi\u0142 bez ogr\u00f3dek, \u017ce po latach przywo\u0142uje wy\u0142\u0105cznie z\u0142e wspomnienia.<\/p>\n<\/div>\n            <\/div>\n        <\/div>\n    <\/div>\n<\/section>\n\n\n<section class=\"image-block  section-margin-32 image-block--fullWidth\" >\n        <div class=\"container\">\n        <div class=\"row\">\n            <div class=\"col-24\">\n                                <div class=\"image-block__container\">\n                    <div class=\"image-block__wrapper\"><img loading=\"lazy\" decoding=\"async\" width=\"1920\" height=\"1080\" src=\"https:\/\/www.ebilet.pl\/now\/app\/uploads\/2024\/05\/nivrana.jpg\" class=\"attachment-full size-full\" alt=\"\" srcset=\"https:\/\/www.ebilet.pl\/now\/app\/uploads\/2024\/05\/nivrana.jpg 1920w, https:\/\/www.ebilet.pl\/now\/app\/uploads\/2024\/05\/nivrana-1024x576.jpg 1024w, https:\/\/www.ebilet.pl\/now\/app\/uploads\/2024\/05\/nivrana-1536x864.jpg 1536w, https:\/\/www.ebilet.pl\/now\/app\/uploads\/2024\/05\/nivrana-1280x720.jpg 1280w, https:\/\/www.ebilet.pl\/now\/app\/uploads\/2024\/05\/nivrana-500x281.jpg 500w, https:\/\/www.ebilet.pl\/now\/app\/uploads\/2024\/05\/nivrana-632x356.jpg 632w, https:\/\/www.ebilet.pl\/now\/app\/uploads\/2024\/05\/nivrana-308x174.jpg 308w\" sizes=\"auto, (max-width: 1920px) 100vw, 1920px\" \/><\/div>\n                                            <div class=\"image-block__caption typo-12\">Fot. Shutterstock\/Birch Photographer<\/div>\n                                    <\/div>\n                            <\/div>\n        <\/div>\n    <\/div>\n<\/section>\n\n\n<section class=\"text-block  section-margin-32\" >\n    <div class=\"container\">\n        <div class=\"row\">\n            <div class=\"col-24\">\n                <div class=\"text-block__content\"><p>Podobnie jak wiadomo\u015b\u0107 o przedawkowaniu i rzekomej \u015bmierci Cobaina w Rzymie na pocz\u0105tku 1994 roku. <strong>Grohlowi p\u0119k\u0142o serce.<\/strong> Tak g\u0142\u0119boko, \u017ce nied\u0142ugo p\u00f3\u017aniej, w kwietniu,\u00a0 po wiadomo\u015bci o prawdziwej \u015bmierci Kurta nie umia\u0142 ju\u017c rozpacza\u0107. &#8220;Zbudowa\u0142em mur wok\u00f3\u0142 serca\u201d \u2013 wspomina\u0142 p\u00f3\u017aniej. \u017ba\u0142oba przerodzi\u0142a si\u0119 w nauk\u0119 \u017cycia na nowo. W seri\u0119 pierwszych raz\u00f3w bez przyjaciela: pierwszej kawy, pierwszego poranka, pierwszego spaceru.<\/p>\n<p>I tylko przez d\u0142ugie tygodnie nie m\u00f3g\u0142 wyda\u0107 z siebie pierwszych d\u017awi\u0119k\u00f3w, kt\u00f3re da\u0142oby si\u0119 zarejestrowa\u0107 na ta\u015bmie. Im bardziej ucieka\u0142 przed wspomnieniami o Nirvanie, tym bardziej go otacza\u0142y \u2013 w losowych sytuacjach, cho\u0107by na koszulkach przypadkowych fan\u00f3w. B\u00f3l by\u0142 tym wi\u0119kszy, \u017ce dotyczy\u0142 te\u017c straty przyjaciela z dzieci\u0144stwa, Jimmy\u2019ego Swansona, z kt\u00f3rym zanurza\u0142 si\u0119 w \u015bwiat muzyki.<\/p>\n<p>&#8211; <strong>Mimo \u017ce Kurt i Jimmy nie byli rodzin\u0105, zaprosi\u0142em ich, by si\u0119 ni\u0105 stali, a takie zaproszenie \u015bwiadczy czasem o wi\u0119zach silniejszych, ni\u017c wi\u0119zy krwi. (\u2026.) to korzenie, kt\u00f3re o wiele trudniej wyrwa\u0107<\/strong> \u2013 stwierdzi\u0142 w autobiografii.<\/p>\n<p>Z marazmu wyci\u0105gn\u0105\u0142 go<strong> Tom Petty,<\/strong> zapraszaj\u0105c do swojego wyst\u0119pu w &#8220;Saturday Night Live&#8221;. Nie odm\u00f3wi\u0142 idolowi, ale podczas nagrania ukry\u0142 si\u0119 za burz\u0105 w\u0142os\u00f3w i ogromnymi b\u0119bnami. Wyst\u0119p by\u0142 jednak na tyle dobry, \u017ce Petty chcia\u0142 go zaanga\u017cowa\u0107 do swojego zespo\u0142u. Ale Grohl wiedzia\u0142, \u017ce je\u015bli ma wr\u00f3ci\u0107, to nie jako reinkarnacja Nirvany ani nie jako &#8220;b\u0119bniarz Nirvany w zespole gwiazdy rocka\u201d. Trzeba by\u0142o zacz\u0105\u0107 zupe\u0142nie od pocz\u0105tku.<\/p>\n<\/div>\n            <\/div>\n        <\/div>\n    <\/div>\n<\/section>\n\n\n<section class=\"text-block  section-margin-32\" >\n    <div class=\"container\">\n        <div class=\"row\">\n            <div class=\"col-24\">\n                <div class=\"text-block__content\"><p>W domowym studio zacz\u0119\u0142y powstawa\u0107 pierwsze szkice, w tym &#8220;This Is A Call\u201d, &#8220;Big Me\u201d czy &#8220;I\u2019ll Stick Around\u201d. Na p\u0142ycie znalaz\u0142a si\u0119 te\u017c &#8220;Marigold&#8221;, kt\u00f3r\u0105 \u015bpiewa\u0142 jeszcze nagrywaj\u0105c z Nirvan\u0105. P\u00f3\u017aniej zago\u015bci\u0142 w studiu Roberta Langa w Seattle z przyjacielem producentem Barrettem Jonesem. Na wariackich papierach zarejestrowali materia\u0142, na kt\u00f3rym niemal wszystkie partie zagra\u0142 Grohl. Ale nie chcia\u0142, by ktokolwiek si\u0119 o tym dowiedzia\u0142. Potrzebowa\u0142 tajemniczej nazwy. Foo Fighters by\u0142o idealne. No i sugerowa\u0142o, \u017ce stoi za nim jaki\u015b cool zesp\u00f3\u0142.<\/p>\n<p>Plotka g\u0142osi, \u017ce jedn\u0105 z pierwszych os\u00f3b, kt\u00f3re s\u0142ysza\u0142y piosenki z debiutanckiej p\u0142yty Foo Fighters by\u0142 Eddie Vedder. <strong>Mia\u0142 wspiera\u0107 kumpla w nowych poczynaniach, a nawet puszcza\u0107 je w swojej audycji. W zespole znale\u017ali si\u0119 te\u017c przyjaciele.<\/strong> W tym chwilowo Franz Stahl ze Scream czy Pat Smear z Nirvany. Znikn\u0105\u0142 na chwil\u0119, by potem stworzy\u0107 gitarowy front z Chrisem Shiflettem. Za basem stan\u0105\u0142 Nate Mendel. W 1995 roku zesp\u00f3\u0142 ruszy\u0142 w tras\u0119, a latem 1996 pierwszy raz odwiedzi\u0142 Polsk\u0119 \u2013 podczas rockowego festiwalu w sopockiej Operze Le\u015bnej.<\/p>\n<p>Najtrudniejsze zadanie w tym sk\u0142adzie mia\u0142 perkusista. Bo kto podj\u0105\u0142by si\u0119 zadania b\u0119bnienia w zespole, w kt\u00f3rym liderem jest jeden z najlepszych perkusist\u00f3w lat 90.? William Goldsmith nie zda\u0142 egzaminu, a raczej zwyczajnie nie dogada\u0142 z Grohlem. <strong>Ten, szukaj\u0105c nowego b\u0119bniarza, zg\u0142osi\u0142 si\u0119 po rad\u0119 do Taylora Hawkinsa. Perkusista Alanis Morisette nie mia\u0142 zamiaru rekomendowa\u0107 nikogo poza sob\u0105. Bo kiedy wcze\u015bniej pozna\u0142 si\u0119 z Grohlem, od razu mi\u0119dzy nimi zaiskrzy\u0142o.<\/strong> Po latach powtarzali ch\u00f3rem, \u017ce po\u0142\u0105czy\u0142o ich uczucie na kszta\u0142t mi\u0142o\u015bci od pierwszego wejrzenia.<\/p>\n<p>Chudy blondyn by\u0142 lustrzanym odbiciem b\u0119bniarza z Nirvany. Obaj mieli r\u00f3wnie pokr\u0119cone pomys\u0142y i r\u00f3wnie du\u017c\u0105 perkusyjn\u0105 fantazj\u0119. Dave w ko\u0144cu znalaz\u0142 kogo\u015b, kto w zupe\u0142no\u015bci go rozumie. &#8211; <strong>M\u00f3wimy tym samym j\u0119zykiem<\/strong> \u2013 zwr\u00f3ci si\u0119 do Taylora d\u0142ugie lata p\u00f3\u017aniej w komicznym horrorze w\u0142asnego pomys\u0142u, &#8220;Studio 666&#8221;. Nie da si\u0119 zaprzeczy\u0107. Byli tacy sami.<\/p>\n<\/div>\n            <\/div>\n        <\/div>\n    <\/div>\n<\/section>\n\n\n<figure class=\"wp-block-embed is-type-rich is-provider-spotify wp-block-embed-spotify wp-embed-aspect-21-9 wp-has-aspect-ratio\"><div class=\"wp-block-embed__wrapper\">\n<iframe title=\"Spotify Embed: Songs For The Deaf\" style=\"border-radius: 12px\" width=\"100%\" height=\"352\" frameborder=\"0\" allowfullscreen allow=\"autoplay; clipboard-write; encrypted-media; fullscreen; picture-in-picture\" loading=\"lazy\" src=\"https:\/\/open.spotify.com\/embed\/album\/4w3NeXtywU398NYW4903rY?si=pBpXRLwPQCqm6ntzUNtgyA&#038;utm_source=oembed\"><\/iframe>\n<\/div><\/figure>\n\n\n<section class=\"gap-block  section-margin-32 section-margin-32\"><\/section>\n\n\n<section class=\"text-block  section-margin-32\" >\n    <div class=\"container\">\n        <div class=\"row\">\n            <div class=\"col-24\">\n                <div class=\"text-block__content\"><p>W praktycznie niezmienionym sk\u0142adzie Foo Fighters wydawa\u0142o kolejne udane p\u0142yty. &#8220;There Is Nothing Left To Loose&#8221;, &#8220;One By One&#8221;, da\u0142y fanom takie hity, jak &#8220;Learn To Fly&#8221;, &#8220;All My Life&#8221; czy &#8220;Times Like These&#8221;. Grohl na ka\u017cdej z nich (i ka\u017cdej kolejnej) pokaza\u0142, \u017ce dobrze sprawdza si\u0119 zar\u00f3wno wyrzucaj\u0105c z siebie pok\u0142ady z\u0142o\u015bci i decybeli, jak i nuc\u0105c chwytliwe melodie. A Foo Fighters ros\u0142o w si\u0142\u0119 i zaj\u0119\u0142o sta\u0142e miejsce w czo\u0142\u00f3wce rockowych kapel. W tym okresie jednak w szeregach grupy pojawi\u0142o si\u0119 mocne p\u0119kni\u0119cie.<\/p>\n<p>Grohl ju\u017c wtedy cieszy\u0142 si\u0119 tytu\u0142em najmilszego rockmana na \u015bwiecie, ale rz\u0105dy w Foo Fighters dzier\u017cy\u0142 od pocz\u0105tku autorytarnie. Wiedziony do\u015bwiadczeniem Nirvany wiedzia\u0142, co mo\u017ce osi\u0105gn\u0105\u0107, a czego za wszelk\u0105 cen\u0119 chce unikn\u0105\u0107. Na przyk\u0142ad straty kolejnego przyjaciela z zespo\u0142u. Hawkins w tym czasie eksperymentowa\u0142 z narkorykami. W 2001 roku przedawkowa\u0142 tak, \u017ce wyl\u0105dowa\u0142 w szpitalu. Grohl trwa\u0142 przy nim, ale przysz\u0142o\u015b\u0107 Foo Fighers zawis\u0142a na w\u0142osku.<\/p>\n<\/div>\n            <\/div>\n        <\/div>\n    <\/div>\n<\/section>\n\n\n<section class=\"image-block  section-margin-32 image-block--fullWidth\" >\n        <div class=\"container\">\n        <div class=\"row\">\n            <div class=\"col-24\">\n                                <div class=\"image-block__container\">\n                    <div class=\"image-block__wrapper\"><img loading=\"lazy\" decoding=\"async\" width=\"1920\" height=\"1080\" src=\"https:\/\/www.ebilet.pl\/now\/app\/uploads\/2024\/05\/dave_grohl.jpg\" class=\"attachment-full size-full\" alt=\"\" srcset=\"https:\/\/www.ebilet.pl\/now\/app\/uploads\/2024\/05\/dave_grohl.jpg 1920w, https:\/\/www.ebilet.pl\/now\/app\/uploads\/2024\/05\/dave_grohl-1024x576.jpg 1024w, https:\/\/www.ebilet.pl\/now\/app\/uploads\/2024\/05\/dave_grohl-1536x864.jpg 1536w, https:\/\/www.ebilet.pl\/now\/app\/uploads\/2024\/05\/dave_grohl-1280x720.jpg 1280w, https:\/\/www.ebilet.pl\/now\/app\/uploads\/2024\/05\/dave_grohl-500x281.jpg 500w, https:\/\/www.ebilet.pl\/now\/app\/uploads\/2024\/05\/dave_grohl-632x356.jpg 632w, https:\/\/www.ebilet.pl\/now\/app\/uploads\/2024\/05\/dave_grohl-308x174.jpg 308w\" sizes=\"auto, (max-width: 1920px) 100vw, 1920px\" \/><\/div>\n                                            <div class=\"image-block__caption typo-12\">PAP\/EPA\/Isaac Fontana<\/div>\n                                    <\/div>\n                            <\/div>\n        <\/div>\n    <\/div>\n<\/section>\n\n\n<section class=\"text-block  section-margin-32\" >\n    <div class=\"container\">\n        <div class=\"row\">\n            <div class=\"col-24\">\n                <div class=\"text-block__content\"><p><strong>Kryzys Dave niejako odreagowa\u0142 siadaj\u0105c znowu za b\u0119bnami. Tym razem w zespole dobrego kumpla, Josha Homme. Queens Of The Stone Age oczywi\u015bcie.<\/strong> QOTSA z Grohlem i Markiem Laneganem na pok\u0142adzie nagra\u0142a kultow\u0105 <strong>&#8220;Songs For The Deaf&#8217;&#8221;<\/strong> i dawa\u0142 nieprawdopodobne koncerty. Fani szaleli z rado\u015bci widz\u0105c Grohla zn\u00f3w za perkusj\u0105, a nie z gitar\u0105. Hawkins z kolei musia\u0142 prze\u0142kn\u0105\u0107 &#8220;zdrad\u0119&#8221;. Widok przyjaciela w innej kapeli por\u00f3wna\u0142 kiedy\u015b do obserwowania ukochanej z innym. Bo Dave dogadywa\u0142 si\u0119 z Joshem tak bardzo, \u017ce niewiele brakowa\u0142o, a zosta\u0142by w QOTSA na sta\u0142e. Foo Fighters zosta\u0142oby tylko wspomnieniem.<\/p>\n<p>Grohl tymczasem spe\u0142nia\u0142 swoje kolejne muzyczne marzenia. Stworzy\u0142 na przyk\u0142ad <strong>Probot<\/strong> \u2013 kr\u00f3tki projekt, w kt\u00f3rym nagra\u0142 p\u0142yt\u0119 z idolami, tuzami metalu. <strong>Kingiem Diamondem, Maxem Cavaler\u0105 czy Lemmym Kilmisterem, z kt\u00f3rym zreszt\u0105 po\u0142\u0105czy\u0142a go g\u0142\u0119boka przyja\u017a\u0144<\/strong>. Zakrapiana whiskey z col\u0105 w kultowej knajpie Rainbow w Los Angeles.<\/p>\n<\/div>\n            <\/div>\n        <\/div>\n    <\/div>\n<\/section>\n\n\n<figure class=\"wp-block-embed is-type-video is-provider-youtube wp-block-embed-youtube wp-embed-aspect-16-9 wp-has-aspect-ratio\"><div class=\"wp-block-embed__wrapper\">\n<iframe loading=\"lazy\" title=\"Probot - Shake Your Blood (Featuring Lemmy)\" width=\"500\" height=\"281\" src=\"https:\/\/www.youtube.com\/embed\/o9j8bXMgnpk?feature=oembed\" frameborder=\"0\" allow=\"accelerometer; autoplay; clipboard-write; encrypted-media; gyroscope; picture-in-picture; web-share\" referrerpolicy=\"strict-origin-when-cross-origin\" allowfullscreen><\/iframe>\n<\/div><\/figure>\n\n\n<section class=\"gap-block  section-margin-32 section-margin-32\"><\/section>\n\n\n<section class=\"text-block  section-margin-32\" >\n    <div class=\"container\">\n        <div class=\"row\">\n            <div class=\"col-24\">\n                <div class=\"text-block__content\"><p>Ale nawet to wszystko nie sprawi\u0142o, \u017ce Foo Fighters znikn\u0119li z radaru. Przeciwnie. Mi\u0119dzynarodowe trasy, przez lata coraz bardziej rodzinne, kolejne p\u0142yty, jak nastrojowa &#8220;In Your Honor\u201d czy akustyczna &#8220;Skin And Bones\u201d, &#8220;Echoes, Patience And Grace&#8221;, na kt\u00f3rej Grohl po raz kolejny dowodzi\u0142 talentu w pisaniu piosenek. Kr\u0105\u017cki zbiera\u0142y r\u00f3\u017cne recenzje, ale pewnym by\u0142o \u2013 firma Foo Fighers poni\u017cej pewnego poziomu nie schodzi. Grohl z kolei \u2013 z pewnej cz\u0119stotliwo\u015bci zawodowych obrot\u00f3w. <strong>Jako \u017ce m\u00f3g\u0142 zagra\u0107 ju\u017c w\u0142a\u015bciwie z ka\u017cdym muzykiem, kt\u00f3rego sobie wymarzy\u0142, w momencie, kiedy Homme, t\u0119skni\u0105c za wsp\u00f3\u0142prac\u0105 z przyjacielem, podrzuci\u0142 pomys\u0142 za\u0142o\u017cenia wsp\u00f3lnej kapeli, nie mia\u0142 opor\u00f3w przed tym, by posad\u0119 basisty zaproponowa\u0107 Legendarnemu Johnowi Paulowi Jonesowi. I tak \u015bwiat pozna\u0142 Them Crooked Vultures, skupiaj\u0105ce wszystko, co najlepsze w Nirvanie, Queens Of The Stone Age i Led Zeppelin.<\/strong><\/p>\n<p>Grohl, jak wspomina\u0142 p\u00f3\u017aniej, mia\u0142 w tym czasie przed sob\u0105 prac\u0119 nad kolejn\u0105 p\u0142yt\u0105 FF, ma\u0142e dzieci, remont w domu, a jako wisienk\u0119 na torcie, dorzuci\u0142 sobie w\u0142a\u015bnie nowy projekt. Nad wszystkim pr\u00f3bowa\u0142 panowa\u0107 nap\u0119dzany kaw\u0105, a zaowocowa\u0142o to\u2026 przedawkowaniem kofeiny i nadszarpni\u0119tym zdrowiem. I oczywi\u015bcie, komicznym filmikiem &#8220;Fresh Pots&#8221; o jego niezdrowej mi\u0142o\u015bci do gor\u0105cego napoju.<\/p>\n<p>Foo Fighters wydali p\u00f3\u017aniej &#8220;Wasting Light\u201d, znakomit\u0105 p\u0142yt\u0119, na kt\u00f3rej wr\u00f3cili do swoich korzeni. Realizuj\u0105c j\u0105 zreszt\u0105 zupe\u0142nie w analogowym stylu. &#8211; Co\u015b w tym jest, \u017ce zesp\u00f3\u0142, kt\u00f3ry gra na Wembley, nagrywa p\u0142yt\u0119 w gara\u017cu \u2013 komentowa\u0142 j\u0105 dowcipnie Grohl. Do\u015b\u0107 jednak powiedzie\u0107, \u017ce to jedna z najlepszych, cho\u0107 si\u00f3dma w dorobku, p\u0142yta FF. Dave powr\u00f3t do korzeni potraktowa\u0142 powa\u017cnie, bo pochyli\u0142 si\u0119 p\u00f3\u017aniej nad tym, jak zosta\u0142y stworzone najbardziej kultowe albumy.<\/p>\n<p>I tak sam wyre\u017cyserowa\u0142 dokument o Sound City, legendarnym studio nagraniowym czy &#8220;Sonic Higways&#8221;, serial, w kt\u00f3rym podr\u00f3\u017cuj\u0105c przys\u0142uchiwa\u0142 si\u0119 i przygl\u0105da\u0142 \u015bcie\u017cce d\u017awi\u0119kowej Stan\u00f3w Zjednoczonych. Wszystko to przy nagrywaniu &#8220;Sonic Highways&#8221; czy &#8220;Concerte And Gold&#8221; \u2013 kolejnych p\u0142yt FF. Nie by\u0142 to te\u017c pierwszy raz, kiedy poch\u0142on\u0105\u0142 go \u015bwiat filmu. Zd\u0105\u017cy\u0142 przecie\u017c zagra\u0107 nie tylko w Muppetach \u2013 w &#8220;Tenacious D i Kostka Przeznaczenia&#8221; zagra\u0142\u2026 inspiracj\u0119 muzyk\u00f3w \u2013 Diab\u0142a we w\u0142asnej osobie.<\/p>\n<p>Charyzm\u0105 i szczero\u015bci\u0105 ujmuje od lat nawet wi\u0119ksze od niego gwiazdy rocka. <strong>Sir Paul McCartney zaprzyja\u017ani\u0142 si\u0119 z nim na tyle, \u017ce jest stosunkowo cz\u0119stym go\u015bciem w jego domu.<\/strong> Z Lemmym wsp\u00f3\u0142pracowa\u0142 i balowa\u0142. A co najwa\u017cniejsze, nade wszystko go ceni\u0142. I kiedy nie kry\u0142 \u0142ez na jego pogrzebie, nie dziwi\u0142 si\u0119 nikt. <strong>Pracowa\u0142 niemal z ka\u017cdym, kogo wymarzy\u0142. Od Briana Maya i ukochanej Joan Jett po <a href=\"https:\/\/www.ebilet.pl\/now\/hit-me-hard-and-soft-nowy-album-billie-eilish-juz-dostepny\/\">Billie Eilish<\/a>.<\/strong><\/p>\n<p>Kiedy nie wyst\u0119puje w jakiejkolwiek scenicznej konfiguracji, anga\u017cuje si\u0119 w akcje charytatywne. Takie, jak organizowanie posi\u0142k\u00f3w bezdomnym. A kiedy nie robi i tego, i nie siedzi w studio, najzwyczajniej, sp\u0119dza czas z \u017con\u0105 i trzema c\u00f3rkami. Bo w byciu szalonym, rozwrzeszczanym rockmanem, nie przeszkadza mu bycie po prostu rodzinnym go\u015bciem. Zreszt\u0105 to udane \u017cycie prywatne pozwala mu znajdowa\u0107 kolejne pok\u0142ady kreatywno\u015bci. Nadal jest go\u015bciem, kt\u00f3ry gra na gitarze tak, jakby gra\u0142 na b\u0119bnach. Go\u015bciem, kt\u00f3ry m\u00f3wi, \u017ce przede wszystkim jest perkusist\u0105. Go\u015bciem, kt\u00f3ry chce na swoim ciele widzie\u0107 drog\u0119, kt\u00f3r\u0105 przeszed\u0142, nawet je\u015bli jest usiana siwymi w\u0142osami. <strong>Nadal jest tym samym dzieciakiem, kt\u00f3ry po uszy zakocha\u0142 si\u0119 w muzyce. Ale teraz ma zdecydowanie wi\u0119ksze zasoby, by t\u0119 mi\u0142o\u015b\u0107 wyznawa\u0107.\u00a0<\/strong><\/p>\n<\/div>\n            <\/div>\n        <\/div>\n    <\/div>\n<\/section>\n\n\n<figure class=\"wp-block-embed is-type-rich is-provider-spotify wp-block-embed-spotify wp-embed-aspect-21-9 wp-has-aspect-ratio\"><div class=\"wp-block-embed__wrapper\">\n<iframe title=\"Spotify Embed: Them Crooked Vultures\" style=\"border-radius: 12px\" width=\"100%\" height=\"352\" frameborder=\"0\" allowfullscreen allow=\"autoplay; clipboard-write; encrypted-media; fullscreen; picture-in-picture\" loading=\"lazy\" src=\"https:\/\/open.spotify.com\/embed\/album\/0Z6IBizcq7DLXpenjSHqF3?si=J3KDQFzqR4aOeegY_ZpoEw&#038;utm_source=oembed\"><\/iframe>\n<\/div><\/figure>\n\n\n<section class=\"gap-block  section-margin-32 section-margin-32\"><\/section>\n\n\n<section class=\"text-block  section-margin-32\" >\n    <div class=\"container\">\n        <div class=\"row\">\n            <div class=\"col-24\">\n                <div class=\"text-block__content\"><p>Od przynajmniej dw\u00f3ch dekad m\u00f3wi si\u0119 o tym, \u017ce Grohl dokona\u0142 w zasadzie niemo\u017cliwego. D\u017awign\u0105\u0142 si\u0119 z traumy, kt\u00f3ra dotkn\u0119\u0142a ca\u0142\u0105 Nirvan\u0119 i stworzy\u0142 drugi kultowy zesp\u00f3\u0142. Wydawa\u0142o si\u0119, \u017ce przez blisko 25 lat\u00a0 Foo Fighters niewiele zmian mo\u017ce zagrozi\u0107. I \u017ce jak Pearl Jam d\u0142ugo nie powie ostatniego zdania (to akurat prawda).\u00a0 I \u017ce nadal mo\u017ce zaskoczy\u0107. W ko\u0144cu ani Grohl, ani Foo Fighters nie s\u0105 pomnikami ze spi\u017cu. Raczej nadal dzieciakami, kt\u00f3rym przychodz\u0105 do g\u0142owy najg\u0142upsze pomys\u0142y. Dave wiedz\u0105c, \u017ce dziesi\u0105ta, jubileuszowa p\u0142yta musi by\u0107 dzie\u0142em du\u017cego kalibru, przy tworzeniu &#8220;Medicine At Midnight&#8221; (faktycznie docenionego przez krytyk\u0119 albumu), przypomnia\u0142 o szczeniackiej zajawce. Wrzuci\u0142 ca\u0142y zesp\u00f3\u0142 do filmu. A raczej horroru, ho\u0142duj\u0105cemu klasyce kina klasy B, takiej jak &#8220;Martwe z\u0142o&#8221; czy &#8220;Martwica m\u00f3zgu&#8221;. Demoniczna sesja nagraniowa z op\u0119tanym liderem zmienia si\u0119 w krwaw\u0105 masakr\u0119 i lawin\u0119 gag\u00f3w. To przednia rozrywka, ale i niezamierzenie, wspomnienie po Taylorze Hawkinsie.<\/p>\n<p>Nied\u0142ugo p\u00f3\u017aniej sta\u0142o si\u0119 co\u015b, czego naprawd\u0119 nikt si\u0119 nie spodziewa\u0142. <strong>Hawkins zmar\u0142 nagle w Bogocie, podczas trasy promuj\u0105cej ostatni kr\u0105\u017cek grupy.<\/strong> Z bada\u0144 toksykologicznych wynika\u0142o, \u017ce we krwi muzyka znajdowa\u0142a si\u0119 mieszanka lek\u00f3w opioidowych i narkotyk\u00f3w. Medykom, kt\u00f3rzy zostali wezwani do skar\u017c\u0105cego si\u0119 na b\u00f3l serca perkusisty, nie uda\u0142o si\u0119 go uratowa\u0107.<\/p>\n<p>Foo Fighters pogr\u0105\u017cyli si\u0119 w \u017ca\u0142obie, a Grohl prze\u017cy\u0142 bolesn\u0105 powt\u00f3rk\u0119 z rozrywki. Zn\u00f3w przysz\u0142o mu \u017cegna\u0107 najbli\u017cszego przyjaciela. Serce p\u0119k\u0142o mu po raz kolejny. Muzyka znowu zamilk\u0142a na tygodnie. I znowu ona wyci\u0105gn\u0119\u0142a Grohla do \u017cycia. Najpierw Foo Fighters zagrali dwa koncerty po\u015bwi\u0119cone Hawkinsowi &#8211; razem z muzycznymi przyjaci\u00f3\u0142mi oddali mu ho\u0142d w Londynie i Los Angeles.<\/p>\n<p>Sko\u0144czy\u0142a si\u0119 pewna epoka. Bo Dave Grohl w tym samym, 2022 roku straci\u0142 nie tylko przyjaciela, ale i najwierniejsz\u0105 fank\u0119, mam\u0119. Kobiet\u0119, kt\u00f3ra bez wahania doradzi\u0142a mu, by postawi\u0142 wszystko na jedn\u0105 kart\u0119. Kobiet\u0119, kt\u00f3rej za\u015bpiewa\u0142. &#8211;<strong> Mia\u0142em przed sob\u0105 tw\u00f3j wizerunek i nagle zosta\u0142em bez niego. Mia\u0142em wizj\u0119 mi\u0142o\u015bci i nagle zosta\u0142em pozostawiony, by \u017cy\u0107 bez niej<\/strong> &#8211; \u015bpiewa w &#8220;The Glass&#8221;, singlu promuj\u0105cym najnowszy album. Album, w kt\u00f3rym wy\u015bpiewa\u0142 smutek i t\u0119sknot\u0119. Album, kt\u00f3ry zatytu\u0142owa\u0142, <em>nomen omen<\/em>, &#8220;But Here We Are&#8221;. Bo Foo Fighters mimo ostatnich prze\u017cy\u0107 nadal tu s\u0105. I jeszcze b\u0119d\u0105.<\/p>\n<p>Serce Grohla znowu p\u0119k\u0142o. Ponownie zamilk\u0142 na d\u0142ugie tygodnie. Foo Fighters pogr\u0105\u017cy\u0142o si\u0119 w \u017ca\u0142obie. Dave wy\u015bpiewa\u0142 j\u0105 na dw\u00f3ch koncertach po\u015bwi\u0119conych Taylorowi \u2013 w Londynie i Los Angeles. Znowu lekiem na z\u0142amane serce okaza\u0142a si\u0119 muzyka. FF p\u0142yt\u0119 o jak\u017ce wymownym tytule &#8220;But Here We Are\u201d. Foos nadal tu s\u0105. Z nowym perkusist\u0105, Joshem Freesem, znanym z The Offspring czy wsp\u00f3\u0142pracy ze Slashem i Guns\u2019n\u2019Roses. M\u00f3wi si\u0119, \u017ce nagrali kolejny \u015bwietny kr\u0105\u017cek. Grohl znowu nie zawi\u00f3d\u0142.<\/p>\n<\/div>\n            <\/div>\n        <\/div>\n    <\/div>\n<\/section>\n\n\n<section class=\"events-slider-block  section-margin-32\" data-events-slider-block data-carousel-title=\"Gor\u0105ce wydarzenia\" data-carousel-type=\"karuzela_z_t\u0142em\" data-item-list-name=\"Karuzela z t\u0142em Gor\u0105ce wydarzenia\" data-item-list-id=\"karuzela_z_t\u0142em Gor\u0105ce wydarzenia\" >\n    <div class=\"container\">\n        <div class=\"row\">\n            <div class=\"col-24\">\n                <div class=\"events-slider-block__wrapper\">\n                                            <div class=\"events-slider-block__bg\"><img loading=\"lazy\" decoding=\"async\" width=\"1920\" height=\"1080\" src=\"https:\/\/www.ebilet.pl\/now\/app\/uploads\/2024\/05\/dave_grohl.jpg\" class=\"attachment-full size-full\" alt=\"\" srcset=\"https:\/\/www.ebilet.pl\/now\/app\/uploads\/2024\/05\/dave_grohl.jpg 1920w, https:\/\/www.ebilet.pl\/now\/app\/uploads\/2024\/05\/dave_grohl-1024x576.jpg 1024w, https:\/\/www.ebilet.pl\/now\/app\/uploads\/2024\/05\/dave_grohl-1536x864.jpg 1536w, https:\/\/www.ebilet.pl\/now\/app\/uploads\/2024\/05\/dave_grohl-1280x720.jpg 1280w, https:\/\/www.ebilet.pl\/now\/app\/uploads\/2024\/05\/dave_grohl-500x281.jpg 500w, https:\/\/www.ebilet.pl\/now\/app\/uploads\/2024\/05\/dave_grohl-632x356.jpg 632w, https:\/\/www.ebilet.pl\/now\/app\/uploads\/2024\/05\/dave_grohl-308x174.jpg 308w\" sizes=\"auto, (max-width: 1920px) 100vw, 1920px\" \/><\/div>\n                                                                <div class=\"events-slider-block__top\">\n                                                            <div class=\"events-slider-block__title desktop\">\n                                    <h2 class=\"typo-h2\">Gor\u0105ce wydarzenia<\/h2>\n                                <\/div>\n                                                                                        <div class=\"events-slider-block__title mobile\">\n                                    <h2 class=\"typo-h2\">Gor\u0105ce wydarzenia<\/h2>\n                                <\/div>\n                                                    <\/div>\n                                                            <div class=\"events-slider-block__main\">\n                        <div class=\"events-slider-block__nav events-slider-block__nav--prev\">\n                            <div class=\"button button--withIcon button--theme-white-blur button--size-fixed-48\" data-events-prev>\n                                <span class=\"button__icon icon icon-chevron-left\"><\/span>\n                            <\/div>\n                        <\/div>\n                        <div class=\"events-slider-block__nav events-slider-block__nav--next\">\n                            <div class=\"button button--withIcon button--theme-white-blur button--size-fixed-48\" data-events-next>\n                                <span class=\"button__icon icon icon-chevron-right\"><\/span>\n                            <\/div>\n                        <\/div>\n                        <div class=\"events-slider-block__slider\">\n                            <div class=\"swiper\" data-events-slider>\n                                <div class=\"events-slider-block__sliderWrapper swiper-wrapper\">\n                                                                    <div class=\"events-slider-block__sliderItem swiper-slide\">\n                                    \n<div class=\"card-event  card-event--size-small\">\n        <a href=\"https:\/\/www.ebilet.pl\/muzyka\/festiwale\/opener-festival\" target=\"_blank\" class=\"card-event__link\" rel=\"nofollow noopener\"><\/a>\n        <div class=\"card-event__wrapper\">\n        <div class=\"card-event__image\">\n            <img decoding=\"async\" src=\"https:\/\/www.ebilet.pl\/media\/cms\/media\/qkso1del\/opene_2027_tameimpala_552x736_ebilet-1d7aa61e-0a2a-4f3b-b538-d84518354aa2.webp\" alt=\"\">\n        <\/div>\n        <div class=\"card-event__data\">\n            <div class=\"card-event__name\">\n                <p>Open&#8217;er Festival 2027<\/p>\n            <\/div>\n            <div class=\"card-event__date\">30.06.2027-30.06.2027<\/div>\n            <div class=\"card-event__location\">Gdynia<\/div>\n        <\/div>\n    <\/div>\n<\/div>                                    <\/div>\n                                                                    <div class=\"events-slider-block__sliderItem swiper-slide\">\n                                    \n<div class=\"card-event  card-event--size-small\">\n        <a href=\"https:\/\/www.ebilet.pl\/sport\/sporty-druzynowe\/koszykowka-mecz\" target=\"_blank\" class=\"card-event__link\" rel=\"nofollow noopener\"><\/a>\n        <div class=\"card-event__wrapper\">\n        <div class=\"card-event__image\">\n            <img decoding=\"async\" src=\"https:\/\/www.ebilet.pl\/media\/cms\/media\/hoxono4g\/podstawowe_portal-98225706-f40f-4253-9b63-9f6c375fb13f.webp\" alt=\"\">\n        <\/div>\n        <div class=\"card-event__data\">\n            <div class=\"card-event__name\">\n                <p>Kwalifikacje do Mistrzostw \u015awiata w koszyk\u00f3wce m\u0119\u017cczyzn 2027: Polska \u2013 Chorwacja<\/p>\n            <\/div>\n            <div class=\"card-event__date\">27.11.2026-27.11.2026<\/div>\n            <div class=\"card-event__location\">Gliwice<\/div>\n        <\/div>\n    <\/div>\n<\/div>                                    <\/div>\n                                                                    <div class=\"events-slider-block__sliderItem swiper-slide\">\n                                    \n<div class=\"card-event  card-event--size-small\">\n        <a href=\"https:\/\/www.ebilet.pl\/muzyka\/hip-hop-rap\/otsochodzi\" target=\"_blank\" class=\"card-event__link\" rel=\"nofollow noopener\"><\/a>\n        <div class=\"card-event__wrapper\">\n        <div class=\"card-event__image\">\n            <img decoding=\"async\" src=\"https:\/\/www.ebilet.pl\/media\/cms\/media\/ucuizr2w\/tt-552-x-736-kopia.webp\" alt=\"\">\n        <\/div>\n        <div class=\"card-event__data\">\n            <div class=\"card-event__name\">\n                <p>Otsochodzi &#8211; RIOTT<\/p>\n            <\/div>\n            <div class=\"card-event__date\">01.10.2026-01.10.2026<\/div>\n            <div class=\"card-event__location\">Gda\u0144sk, Krak\u00f3w, Pozna\u0144 i inne<\/div>\n        <\/div>\n    <\/div>\n<\/div>                                    <\/div>\n                                                                    <div class=\"events-slider-block__sliderItem swiper-slide\">\n                                    \n<div class=\"card-event  card-event--size-small\">\n        <a href=\"https:\/\/www.ebilet.pl\/muzyka\/festiwale\/up-to-date-festival\" target=\"_blank\" class=\"card-event__link\" rel=\"nofollow noopener\"><\/a>\n        <div class=\"card-event__wrapper\">\n        <div class=\"card-event__image\">\n            <img decoding=\"async\" src=\"https:\/\/www.ebilet.pl\/media\/cms\/media\/jfdlnoqn\/ebilet-552x736-portal-wersja-2-c38ddeaf-bf05-4f54-9e4d-377e6b572335.webp\" alt=\"\">\n        <\/div>\n        <div class=\"card-event__data\">\n            <div class=\"card-event__name\">\n                <p>Up To Date Festival 2027<\/p>\n            <\/div>\n            <div class=\"card-event__date\">27.05.2027-27.05.2027<\/div>\n            <div class=\"card-event__location\">Bia\u0142ystok<\/div>\n        <\/div>\n    <\/div>\n<\/div>                                    <\/div>\n                                                                    <div class=\"events-slider-block__sliderItem swiper-slide\">\n                                    \n<div class=\"card-event  card-event--size-small\">\n        <a href=\"https:\/\/www.ebilet.pl\/muzyka\/pop\/tokio-hotel\" target=\"_blank\" class=\"card-event__link\" rel=\"nofollow noopener\"><\/a>\n        <div class=\"card-event__wrapper\">\n        <div class=\"card-event__image\">\n            <img decoding=\"async\" src=\"https:\/\/www.ebilet.pl\/media\/cms\/media\/i02j3uly\/tokio-hotel-552.webp\" alt=\"\">\n        <\/div>\n        <div class=\"card-event__data\">\n            <div class=\"card-event__name\">\n                <p>Tokio Hotel<\/p>\n            <\/div>\n            <div class=\"card-event__date\">19.08.2027-19.08.2027<\/div>\n            <div class=\"card-event__location\">Warszawa<\/div>\n        <\/div>\n    <\/div>\n<\/div>                                    <\/div>\n                                                                    <div class=\"events-slider-block__sliderItem swiper-slide\">\n                                    \n<div class=\"card-event  card-event--size-small\">\n        <a href=\"https:\/\/www.ebilet.pl\/muzyka\/hip-hop-rap\/gombao33\" target=\"_blank\" class=\"card-event__link\" rel=\"nofollow noopener\"><\/a>\n        <div class=\"card-event__wrapper\">\n        <div class=\"card-event__image\">\n            <img decoding=\"async\" src=\"https:\/\/www.ebilet.pl\/media\/cms\/media\/ctcikvkb\/gombao_bez_napisu-2ebe28b7-760a-4987-8d6c-0cb2fe6f2203.webp\" alt=\"\">\n        <\/div>\n        <div class=\"card-event__data\">\n            <div class=\"card-event__name\">\n                <p>G33 Tour &#8211; Tadeo x Szczepan x Wygu\u015b x Mata<\/p>\n            <\/div>\n            <div class=\"card-event__date\">12.09.2026-12.09.2026<\/div>\n            <div class=\"card-event__location\">Bydgoszcz, Gwi\u017adziny, Kra\u015bnik i inne<\/div>\n        <\/div>\n    <\/div>\n<\/div>                                    <\/div>\n                                                                    <div class=\"events-slider-block__sliderItem swiper-slide\">\n                                    \n<div class=\"card-event  card-event--size-small\">\n        <a href=\"https:\/\/www.ebilet.pl\/muzyka\/pop\/take-that\" target=\"_blank\" class=\"card-event__link\" rel=\"nofollow noopener\"><\/a>\n        <div class=\"card-event__wrapper\">\n        <div class=\"card-event__image\">\n            <img decoding=\"async\" src=\"https:\/\/www.ebilet.pl\/media\/cms\/media\/eiqdozli\/ebilet-552x736-take-that.webp\" alt=\"\">\n        <\/div>\n        <div class=\"card-event__data\">\n            <div class=\"card-event__name\">\n                <p>Take That<\/p>\n            <\/div>\n            <div class=\"card-event__date\">13.06.2027-13.06.2027<\/div>\n            <div class=\"card-event__location\">Warszawa<\/div>\n        <\/div>\n    <\/div>\n<\/div>                                    <\/div>\n                                                                    <div class=\"events-slider-block__sliderItem swiper-slide\">\n                                    \n<div class=\"card-event  card-event--size-small\">\n        <a href=\"https:\/\/www.ebilet.pl\/muzyka\/pop\/pitbull\" target=\"_blank\" class=\"card-event__link\" rel=\"nofollow noopener\"><\/a>\n        <div class=\"card-event__wrapper\">\n        <div class=\"card-event__image\">\n            <img decoding=\"async\" src=\"https:\/\/www.ebilet.pl\/media\/cms\/media\/5lzfwzwf\/pitbull_552x736-51986cca-48f5-4419-a9c5-cba531ed65a3.webp\" alt=\"\">\n        <\/div>\n        <div class=\"card-event__data\">\n            <div class=\"card-event__name\">\n                <p>Pitbull &#8211; I&#8217;m Back!<\/p>\n            <\/div>\n            <div class=\"card-event__date\">27.11.2026-27.11.2026<\/div>\n            <div class=\"card-event__location\">Gda\u0144sk\/Sopot, \u0141\u00f3d\u017a<\/div>\n        <\/div>\n    <\/div>\n<\/div>                                    <\/div>\n                                                                    <div class=\"events-slider-block__sliderItem swiper-slide\">\n                                    \n<div class=\"card-event  card-event--size-small\">\n        <a href=\"https:\/\/www.ebilet.pl\/muzyka\/festiwale\/olsztyn-green-festival\" target=\"_blank\" class=\"card-event__link\" rel=\"nofollow noopener\"><\/a>\n        <div class=\"card-event__wrapper\">\n        <div class=\"card-event__image\">\n            <img decoding=\"async\" src=\"https:\/\/www.ebilet.pl\/media\/cms\/media\/ivzhtv3z\/1080x1350_ogf_edycja_2027-18faf89b-3a6e-4aa9-b07b-593f24448a27.webp\" alt=\"\">\n        <\/div>\n        <div class=\"card-event__data\">\n            <div class=\"card-event__name\">\n                <p>Olsztyn Green Festival 2027<\/p>\n            <\/div>\n            <div class=\"card-event__date\">13.08.2027-13.08.2027<\/div>\n            <div class=\"card-event__location\">Olsztyn<\/div>\n        <\/div>\n    <\/div>\n<\/div>                                    <\/div>\n                                                                    <div class=\"events-slider-block__sliderItem swiper-slide\">\n                                    \n<div class=\"card-event  card-event--size-small\">\n        <a href=\"https:\/\/www.ebilet.pl\/teatr\/musicale\/wicked\" target=\"_blank\" class=\"card-event__link\" rel=\"nofollow noopener\"><\/a>\n        <div class=\"card-event__wrapper\">\n        <div class=\"card-event__image\">\n            <img decoding=\"async\" src=\"https:\/\/www.ebilet.pl\/media\/cms\/media\/t1vbgs4w\/552x736_wickeduniejow-5b08a259-81c1-4704-a3d9-3086b7766d96.webp\" alt=\"\">\n        <\/div>\n        <div class=\"card-event__data\">\n            <div class=\"card-event__name\">\n                <p>Wicked<\/p>\n            <\/div>\n            <div class=\"card-event__date\">26.09.2026-26.09.2026<\/div>\n            <div class=\"card-event__location\">Warszawa<\/div>\n        <\/div>\n    <\/div>\n<\/div>                                    <\/div>\n                                                                    <div class=\"events-slider-block__sliderItem swiper-slide\">\n                                    \n<div class=\"card-event  card-event--size-small\">\n        <a href=\"https:\/\/www.ebilet.pl\/muzyka\/rock\/russell-crowe\" target=\"_blank\" class=\"card-event__link\" rel=\"nofollow noopener\"><\/a>\n        <div class=\"card-event__wrapper\">\n        <div class=\"card-event__image\">\n            <img decoding=\"async\" src=\"https:\/\/www.ebilet.pl\/media\/cms\/media\/dajolyng\/rusel_pion-738c048c-2504-4de3-a226-d83518cf8463.webp\" alt=\"\">\n        <\/div>\n        <div class=\"card-event__data\">\n            <div class=\"card-event__name\">\n                <p>Russell Crowe\u2019s Indoor Garden Party<\/p>\n            <\/div>\n            <div class=\"card-event__date\">05.06.2027-05.06.2027<\/div>\n            <div class=\"card-event__location\">\u0106miel\u00f3w<\/div>\n        <\/div>\n    <\/div>\n<\/div>                                    <\/div>\n                                                                    <div class=\"events-slider-block__sliderItem swiper-slide\">\n                                    \n<div class=\"card-event  card-event--size-small\">\n        <a href=\"https:\/\/www.ebilet.pl\/sport\/sporty-walki\/ksw-gala\" target=\"_blank\" class=\"card-event__link\" rel=\"nofollow noopener\"><\/a>\n        <div class=\"card-event__wrapper\">\n        <div class=\"card-event__image\">\n            <img decoding=\"async\" src=\"https:\/\/www.ebilet.pl\/media\/cms\/media\/cz4hwoy5\/ksw122_552x736-kopia-2bfd4e82-ebbc-475a-901b-7cd82d226339.webp\" alt=\"\">\n        <\/div>\n        <div class=\"card-event__data\">\n            <div class=\"card-event__name\">\n                <p>XTB KSW 122<\/p>\n            <\/div>\n            <div class=\"card-event__date\">10.10.2026-10.10.2026<\/div>\n            <div class=\"card-event__location\">Rzesz\u00f3w<\/div>\n        <\/div>\n    <\/div>\n<\/div>                                    <\/div>\n                                                                    <div class=\"events-slider-block__sliderItem swiper-slide\">\n                                    \n<div class=\"card-event  card-event--size-small\">\n        <a href=\"https:\/\/www.ebilet.pl\/muzyka\/rock\/fontaines-dc\" target=\"_blank\" class=\"card-event__link\" rel=\"nofollow noopener\"><\/a>\n        <div class=\"card-event__wrapper\">\n        <div class=\"card-event__image\">\n            <img decoding=\"async\" src=\"https:\/\/www.ebilet.pl\/media\/cms\/media\/ovge4bna\/fontaines_dc_portal_552x736.webp\" alt=\"\">\n        <\/div>\n        <div class=\"card-event__data\">\n            <div class=\"card-event__name\">\n                <p>Fontaines D.C. EU TOUR 2026<\/p>\n            <\/div>\n            <div class=\"card-event__date\">31.10.2026-31.10.2026<\/div>\n            <div class=\"card-event__location\">\u0141\u00f3d\u017a<\/div>\n        <\/div>\n    <\/div>\n<\/div>                                    <\/div>\n                                                                <\/div>\n                            <\/div>\n                        <\/div>\n                        <div class=\"events-slider-block__events swiper\" data-events-events-descriptions>\n                            <div class=\"events-slider-block__eventsWrapper swiper-wrapper\">\n                                                            <div class=\"events-slider-block__eventsItem swiper-slide\">\n                                    <a href=\"https:\/\/www.ebilet.pl\/muzyka\/festiwale\/opener-festival\" target=\"_blank\" class=\"events-slider-block__eventsName\">\n                                        <p>Open&#039;er Festival 2027<\/p>\n                                    <\/a>\n                                    <div class=\"events-slider-block__eventsDate\">\n                                        30.06.2027-03.07.2027                                    <\/div>\n                                    <div class=\"events-slider-block__eventsLocation\">Gdynia<\/div>\n                                <\/div>\n                                                            <div class=\"events-slider-block__eventsItem swiper-slide\">\n                                    <a href=\"https:\/\/www.ebilet.pl\/sport\/sporty-druzynowe\/koszykowka-mecz\" target=\"_blank\" class=\"events-slider-block__eventsName\">\n                                        <p>Kwalifikacje do Mistrzostw \u015awiata w koszyk\u00f3wce m\u0119\u017cczyzn 2027: Polska \u2013 Chorwacja<\/p>\n                                    <\/a>\n                                    <div class=\"events-slider-block__eventsDate\">\n                                        27.11.2026-27.11.2026                                    <\/div>\n                                    <div class=\"events-slider-block__eventsLocation\">Gliwice<\/div>\n                                <\/div>\n                                                            <div class=\"events-slider-block__eventsItem swiper-slide\">\n                                    <a href=\"https:\/\/www.ebilet.pl\/muzyka\/hip-hop-rap\/otsochodzi\" target=\"_blank\" class=\"events-slider-block__eventsName\">\n                                        <p>Otsochodzi &#8211; RIOTT<\/p>\n                                    <\/a>\n                                    <div class=\"events-slider-block__eventsDate\">\n                                        01.10.2026-03.12.2026                                    <\/div>\n                                    <div class=\"events-slider-block__eventsLocation\">Gda\u0144sk, Krak\u00f3w, Pozna\u0144 i inne<\/div>\n                                <\/div>\n                                                            <div class=\"events-slider-block__eventsItem swiper-slide\">\n                                    <a href=\"https:\/\/www.ebilet.pl\/muzyka\/festiwale\/up-to-date-festival\" target=\"_blank\" class=\"events-slider-block__eventsName\">\n                                        <p>Up To Date Festival 2027<\/p>\n                                    <\/a>\n                                    <div class=\"events-slider-block__eventsDate\">\n                                        27.05.2027-28.05.2027                                    <\/div>\n                                    <div class=\"events-slider-block__eventsLocation\">Bia\u0142ystok<\/div>\n                                <\/div>\n                                                            <div class=\"events-slider-block__eventsItem swiper-slide\">\n                                    <a href=\"https:\/\/www.ebilet.pl\/muzyka\/pop\/tokio-hotel\" target=\"_blank\" class=\"events-slider-block__eventsName\">\n                                        <p>Tokio Hotel<\/p>\n                                    <\/a>\n                                    <div class=\"events-slider-block__eventsDate\">\n                                        19.08.2027-19.08.2027                                    <\/div>\n                                    <div class=\"events-slider-block__eventsLocation\">Warszawa<\/div>\n                                <\/div>\n                                                            <div class=\"events-slider-block__eventsItem swiper-slide\">\n                                    <a href=\"https:\/\/www.ebilet.pl\/muzyka\/hip-hop-rap\/gombao33\" target=\"_blank\" class=\"events-slider-block__eventsName\">\n                                        <p>G33 Tour &#8211; Tadeo x Szczepan x Wygu\u015b x Mata<\/p>\n                                    <\/a>\n                                    <div class=\"events-slider-block__eventsDate\">\n                                        12.09.2026-04.10.2026                                    <\/div>\n                                    <div class=\"events-slider-block__eventsLocation\">Bydgoszcz, Gwi\u017adziny, Kra\u015bnik i inne<\/div>\n                                <\/div>\n                                                            <div class=\"events-slider-block__eventsItem swiper-slide\">\n                                    <a href=\"https:\/\/www.ebilet.pl\/muzyka\/pop\/take-that\" target=\"_blank\" class=\"events-slider-block__eventsName\">\n                                        <p>Take That<\/p>\n                                    <\/a>\n                                    <div class=\"events-slider-block__eventsDate\">\n                                        13.06.2027-13.06.2027                                    <\/div>\n                                    <div class=\"events-slider-block__eventsLocation\">Warszawa<\/div>\n                                <\/div>\n                                                            <div class=\"events-slider-block__eventsItem swiper-slide\">\n                                    <a href=\"https:\/\/www.ebilet.pl\/muzyka\/pop\/pitbull\" target=\"_blank\" class=\"events-slider-block__eventsName\">\n                                        <p>Pitbull &#8211; I&#039;m Back!<\/p>\n                                    <\/a>\n                                    <div class=\"events-slider-block__eventsDate\">\n                                        27.11.2026-03.12.2026                                    <\/div>\n                                    <div class=\"events-slider-block__eventsLocation\">Gda\u0144sk\/Sopot, \u0141\u00f3d\u017a<\/div>\n                                <\/div>\n                                                            <div class=\"events-slider-block__eventsItem swiper-slide\">\n                                    <a href=\"https:\/\/www.ebilet.pl\/muzyka\/festiwale\/olsztyn-green-festival\" target=\"_blank\" class=\"events-slider-block__eventsName\">\n                                        <p>Olsztyn Green Festival 2027<\/p>\n                                    <\/a>\n                                    <div class=\"events-slider-block__eventsDate\">\n                                        13.08.2027-13.08.2027                                    <\/div>\n                                    <div class=\"events-slider-block__eventsLocation\">Olsztyn<\/div>\n                                <\/div>\n                                                            <div class=\"events-slider-block__eventsItem swiper-slide\">\n                                    <a href=\"https:\/\/www.ebilet.pl\/teatr\/musicale\/wicked\" target=\"_blank\" class=\"events-slider-block__eventsName\">\n                                        <p>Wicked<\/p>\n                                    <\/a>\n                                    <div class=\"events-slider-block__eventsDate\">\n                                        26.09.2026-29.11.2026                                    <\/div>\n                                    <div class=\"events-slider-block__eventsLocation\">Warszawa<\/div>\n                                <\/div>\n                                                            <div class=\"events-slider-block__eventsItem swiper-slide\">\n                                    <a href=\"https:\/\/www.ebilet.pl\/muzyka\/rock\/russell-crowe\" target=\"_blank\" class=\"events-slider-block__eventsName\">\n                                        <p>Russell Crowe\u2019s Indoor Garden Party<\/p>\n                                    <\/a>\n                                    <div class=\"events-slider-block__eventsDate\">\n                                        05.06.2027-05.06.2027                                    <\/div>\n                                    <div class=\"events-slider-block__eventsLocation\">\u0106miel\u00f3w<\/div>\n                                <\/div>\n                                                            <div class=\"events-slider-block__eventsItem swiper-slide\">\n                                    <a href=\"https:\/\/www.ebilet.pl\/sport\/sporty-walki\/ksw-gala\" target=\"_blank\" class=\"events-slider-block__eventsName\">\n                                        <p>XTB KSW 122<\/p>\n                                    <\/a>\n                                    <div class=\"events-slider-block__eventsDate\">\n                                        10.10.2026-10.10.2026                                    <\/div>\n                                    <div class=\"events-slider-block__eventsLocation\">Rzesz\u00f3w<\/div>\n                                <\/div>\n                                                            <div class=\"events-slider-block__eventsItem swiper-slide\">\n                                    <a href=\"https:\/\/www.ebilet.pl\/muzyka\/rock\/fontaines-dc\" target=\"_blank\" class=\"events-slider-block__eventsName\">\n                                        <p>Fontaines D.C. EU TOUR 2026<\/p>\n                                    <\/a>\n                                    <div class=\"events-slider-block__eventsDate\">\n                                        31.10.2026-31.10.2026                                    <\/div>\n                                    <div class=\"events-slider-block__eventsLocation\">\u0141\u00f3d\u017a<\/div>\n                                <\/div>\n                                                        <\/div>\n                        <\/div>\n                        <div class=\"events-slider-block__pagination\">\n                            <div class=\"swiper-pagination slider-pagination slider-pagination--theme-white\" data-events-slider-pagination><\/div>\n                        <\/div>\n                    <\/div>\n                                        <div class=\"events-slider-block__bottom\">\n                                                                                <div class=\"events-slider-block__link desktop\">\n                                    <a\n                                        class=\"button button--size-small button--theme-primary-yellow button--withIconLeft\"\n                                        href=\"https:\/\/www.ebilet.pl\/\">\n                                                                                    <div class=\"button__icon\"><img loading=\"lazy\" decoding=\"async\" width=\"30\" height=\"30\" src=\"https:\/\/www.ebilet.pl\/now\/app\/uploads\/2024\/01\/ticket-cinema-entertainment-coupon-discount-sale_30px.png\" class=\"attachment-full size-full\" alt=\"\" \/><\/div>\n                                                                                <p class=\"button__text typo-18\">Kup na eBilet.pl<\/p>\n                                    <\/a>\n                                <\/div>\n                                                                                <div class=\"events-slider-block__link mobile\">\n                                    <a\n                                        class=\"button button--size-small button--theme-primary-yellow button--withIconLeft\"\n                                        href=\"https:\/\/www.ebilet.pl\/\">\n                                                                                    <div class=\"button__icon\"><img loading=\"lazy\" decoding=\"async\" width=\"30\" height=\"30\" src=\"https:\/\/www.ebilet.pl\/now\/app\/uploads\/2024\/01\/ticket-cinema-entertainment-coupon-discount-sale_30px.png\" class=\"attachment-full size-full\" alt=\"\" \/><\/div>\n                                                                                <p class=\"button__text typo-18\">Kup na eBilet.pl<\/p>\n                                    <\/a>\n                                <\/div>\n                                            <\/div>\n                <\/div>\n            <\/div>\n        <\/div>\n    <\/div>\n<\/section>","protected":false},"excerpt":{"rendered":"<p>Do  gry nie potrzebowa\u0142 metronomu. Kiedy Dave Grohl usiad\u0142 pierwszy raz za b\u0119bnami, nie umia\u0142 nawet trzyma\u0107 poprawnie pa\u0142eczek. Ale t\u0142uk\u0142 nimi z ca\u0142ych si\u0142, w znanym tylko sobie, &#8220;zwierz\u0119cym&#8221; stylu. W skr\u00f3cie \u2013 gra\u0142 sercem. I to ono do dzisiaj dyktuje mu uwielbiane przez  fan\u00f3w tempo, rytm i dynamik\u0119. <\/p>\n","protected":false},"author":20,"featured_media":19509,"comment_status":"open","ping_status":"open","sticky":false,"template":"page-templates\/article-premium.php","format":"standard","meta":{"_acf_changed":false,"footnotes":""},"article_tag":[211,31,291,71,43],"article_type":[554],"class_list":["post-19421","post","type-post","status-publish","format-standard","has-post-thumbnail","hentry","article_tag-grunge","article_tag-muzyka","article_tag-opener","article_tag-polecane","article_tag-rock","article_type-muzyka"],"acf":[],"_links":{"self":[{"href":"https:\/\/www.ebilet.pl\/now\/wp-json\/wp\/v2\/posts\/19421","targetHints":{"allow":["GET"]}}],"collection":[{"href":"https:\/\/www.ebilet.pl\/now\/wp-json\/wp\/v2\/posts"}],"about":[{"href":"https:\/\/www.ebilet.pl\/now\/wp-json\/wp\/v2\/types\/post"}],"author":[{"embeddable":true,"href":"https:\/\/www.ebilet.pl\/now\/wp-json\/wp\/v2\/users\/20"}],"replies":[{"embeddable":true,"href":"https:\/\/www.ebilet.pl\/now\/wp-json\/wp\/v2\/comments?post=19421"}],"version-history":[{"count":3,"href":"https:\/\/www.ebilet.pl\/now\/wp-json\/wp\/v2\/posts\/19421\/revisions"}],"predecessor-version":[{"id":31296,"href":"https:\/\/www.ebilet.pl\/now\/wp-json\/wp\/v2\/posts\/19421\/revisions\/31296"}],"wp:featuredmedia":[{"embeddable":true,"href":"https:\/\/www.ebilet.pl\/now\/wp-json\/wp\/v2\/media\/19509"}],"wp:attachment":[{"href":"https:\/\/www.ebilet.pl\/now\/wp-json\/wp\/v2\/media?parent=19421"}],"wp:term":[{"taxonomy":"article_tag","embeddable":true,"href":"https:\/\/www.ebilet.pl\/now\/wp-json\/wp\/v2\/article_tag?post=19421"},{"taxonomy":"article_type","embeddable":true,"href":"https:\/\/www.ebilet.pl\/now\/wp-json\/wp\/v2\/article_type?post=19421"}],"curies":[{"name":"wp","href":"https:\/\/api.w.org\/{rel}","templated":true}]}}