{"id":19277,"date":"2024-05-20T17:15:38","date_gmt":"2024-05-20T16:15:38","guid":{"rendered":"https:\/\/www.ebilet.pl\/now\/?p=19277"},"modified":"2024-05-24T08:16:54","modified_gmt":"2024-05-24T07:16:54","slug":"moje-dziecko-ma-za-duzo-zabawek-czyli-co-dac-dziecku-na-dzien-dziecka","status":"publish","type":"post","link":"https:\/\/www.ebilet.pl\/now\/moje-dziecko-ma-za-duzo-zabawek-czyli-co-dac-dziecku-na-dzien-dziecka\/","title":{"rendered":"&#8220;Moje dziecko ma za du\u017co zabawek&#8221;, czyli co da\u0107 dziecku na Dzie\u0144 Dziecka"},"content":{"rendered":"\n<section class=\"text-block  section-margin-32\" >\n    <div class=\"container\">\n        <div class=\"row\">\n            <div class=\"col-24\">\n                <div class=\"text-block__content\"><h2><strong>Dzie\u0144 Dziecka na \u015bwiecie<\/strong><\/h2>\n<p><b>Pierwsze Dni Dziecka w Polsce obchodzono ju\u017c w 1929 roku, ale wtedy \u015bwi\u0119to to przypada\u0142o na 22 wrze\u015bnia.<\/b><span style=\"font-weight: 400;\"> Po mszy \u015bwi\u0119tej dzieci sz\u0142y do szko\u0142y, gdzie odbywa\u0142y si\u0119 uroczyste akademie, a p\u00f3\u017aniej zaplanowane wcze\u015bniej wycieczki\/zabawy. Rozdawano tak\u017ce s\u0142odycze, na kt\u00f3re wcze\u015bniej zbierano publiczne fundusze. <\/span><b>Dzi\u015b jednak pozostajemy przy dacie 1 czerwca. A w innych krajach kiedy obchodzi si\u0119 Dzie\u0144 Dziecka?<\/b><\/p>\n<ul>\n<li style=\"font-weight: 400;\" aria-level=\"1\"><span style=\"font-weight: 400;\">6 stycznia we Francji (\u015awi\u0119to Rodziny),<\/span><\/li>\n<li style=\"font-weight: 400;\" aria-level=\"1\"><span style=\"font-weight: 400;\">5 maja w Japonii (dawniej by\u0142 to Dzie\u0144 Ch\u0142opca),<\/span><\/li>\n<li style=\"font-weight: 400;\" aria-level=\"1\"><span style=\"font-weight: 400;\">16 sierpnia w Paragwaju (na pami\u0105tk\u0119 bitwy o Acosta Nu w 1869 roku, kiedy to zgin\u0119\u0142o wiele dzieci),<\/span><\/li>\n<li style=\"font-weight: 400;\" aria-level=\"1\"><span style=\"font-weight: 400;\">23 kwietnia w Turcji (r\u00f3wnocze\u015bnie z Narodowym Dniem Suwerenno\u015bci),<\/span><\/li>\n<li style=\"font-weight: 400;\" aria-level=\"1\"><span style=\"font-weight: 400;\">10 wrze\u015bnia w Hondurasie.<\/span><\/li>\n<\/ul>\n<p><span style=\"font-weight: 400;\">Cho\u0107 sam widzisz, \u017ce niekt\u00f3re daty zosta\u0142y ustanowione przez to, \u017ce wcze\u015bniej kompletnie nie szanowano praw dziecka, dzi\u015b \u015bwiat (nasz, polski \u015bwiat) wygl\u0105da nieco inaczej. <\/span><b>Mo\u017cemy da\u0107 dzieciom nie tylko mi\u0142o\u015b\u0107, ale te\u017c rado\u015b\u0107 i bezpiecze\u0144stwo. I oczywi\u015bcie prezenty na Dzie\u0144 Dziecka, cho\u0107 tutaj robi si\u0119 jeden problem: <\/b><span style=\"font-weight: 400;\">dzieci przewa\u017cnie maj\u0105 za du\u017co zabawek i kompletnie nie wiemy, co im da\u0107, by faktycznie sprawi\u0107 im frajd\u0119 (a nie tylko da\u0107 zabawk\u0119, kt\u00f3ra wyl\u0105duje w szufladzie po kilku dniach).\u00a0<\/span><\/p>\n<\/div>\n            <\/div>\n        <\/div>\n    <\/div>\n<\/section>\n\n\n<section class=\"banner banner--layout-default section-margin-32\" >\n    <div class=\"container\">\n        <div class=\"row\">\n            <div class=\"col-24\">\n                <div class=\"banner__wrapper\">\n                                        <div class=\"banner__bg\">\n                        <img loading=\"lazy\" decoding=\"async\" width=\"1920\" height=\"529\" src=\"https:\/\/www.ebilet.pl\/now\/app\/uploads\/2024\/05\/ddziecka.jpg\" class=\"attachment-full size-full\" alt=\"\" srcset=\"https:\/\/www.ebilet.pl\/now\/app\/uploads\/2024\/05\/ddziecka.jpg 1920w, https:\/\/www.ebilet.pl\/now\/app\/uploads\/2024\/05\/ddziecka-1024x282.jpg 1024w, https:\/\/www.ebilet.pl\/now\/app\/uploads\/2024\/05\/ddziecka-1536x423.jpg 1536w, https:\/\/www.ebilet.pl\/now\/app\/uploads\/2024\/05\/ddziecka-1280x353.jpg 1280w, https:\/\/www.ebilet.pl\/now\/app\/uploads\/2024\/05\/ddziecka-500x138.jpg 500w, https:\/\/www.ebilet.pl\/now\/app\/uploads\/2024\/05\/ddziecka-632x174.jpg 632w\" sizes=\"(max-width: 1920px) 100vw, 1920px\" \/>                    <\/div>\n                                                                                                    <div class=\"banner__text\">\n                        <div class=\"banner__title typo-h2 f-700\">Dzie\u0144 dziecka<\/div>\n                        <p class=\"banner__desc typo-14\"><\/p>\n                    <\/div>\n                                                            <div class=\"banner__link\">\n                        <a\n                            class=\"button button--theme-primary-yellow \"\n                            href=\"https:\/\/www.ebilet.pl\/lp\/dzien-dziecka\"\n                        >\n                            <p class=\"button__text typo-18\">Sprawd\u017a<\/p>\n                                                    <\/a>\n                    <\/div>\n                                                        <\/div>\n            <\/div>\n        <\/div>\n    <\/div>\n<\/section>\n\n\n<section class=\"text-block  section-margin-32\" >\n    <div class=\"container\">\n        <div class=\"row\">\n            <div class=\"col-24\">\n                <div class=\"text-block__content\"><h2><strong>Co da\u0107 dziecku w prezencie na Dzie\u0144 Dziecka?<\/strong><\/h2>\n<p><span style=\"font-weight: 400;\">Je\u015bli twoje dziecko tak\u017ce ma za du\u017co zabawek i nie mieszcz\u0105 si\u0119 one w szufladach i szafkach, a bliscy ci\u0105gle daj\u0105 mu kolejne przedmioty\u2026<\/span><b> mamy dla ciebie kilka fajnych propozycji. Dzi\u0119ki nim dzieci b\u0119d\u0105 szcz\u0119\u015bliwe, sp\u0119dzicie razem przyjemnie czas, a dodatkowo nic nie trafi na kolejn\u0105 p\u00f3\u0142k\u0119 czy do wszechobecnego ba\u0142aganu. S\u0105 to DO\u015aWIADCZENIA.\u00a0<\/b><\/p>\n<h3><span style=\"font-weight: 400;\">Teatr mo\u017ce by\u0107 fajny \u2013 spektakle teatralne na Dzie\u0144 Dziecka<\/span><\/h3>\n<p><span style=\"font-weight: 400;\">Przez to, \u017ce szko\u0142y najcz\u0119\u015bciej zabieraj\u0105 dzieci na tradycyjne spektakle typu &#8216;Romeo i Julia&#8217;, m\u0142odzi ludzie uwa\u017caj\u0105, \u017ce teatr jest nudny. A to nieprawda! Dzieci w r\u00f3\u017cnym wieku mog\u0105 znale\u017a\u0107 takie przedstawienia, kt\u00f3re sprawi\u0105, \u017ce zakochaj\u0105 si\u0119 w tej formie sztuki. <\/span><b>Macie do dyspozycji m.in.:<\/b><\/p>\n<ul>\n<li style=\"font-weight: 400;\" aria-level=\"1\"><span style=\"font-weight: 400;\">musicale (&#8220;<a href=\"https:\/\/www.ebilet.pl\/rodzina\/widowiska\/pan-kleks-na-zywo\">Akademia Pana Kleksa<\/a>&#8221; jest teraz na czasie!),<\/span><\/li>\n<li style=\"font-weight: 400;\" aria-level=\"1\"><span style=\"font-weight: 400;\">tradycyjne spektakle (albo tradycj\u0119 w zupe\u0142nie nowym wydaniu),<\/span><\/li>\n<li style=\"font-weight: 400;\" aria-level=\"1\"><span style=\"font-weight: 400;\">balet (&#8220;<a href=\"https:\/\/www.ebilet.pl\/rodzina\/spektakle-dla-dzieci\/kopciuszek\">Kopciuszek<\/a>&#8221; czeka),<\/span><\/li>\n<li style=\"font-weight: 400;\" aria-level=\"1\"><span style=\"font-weight: 400;\">spektakle ze znanych bajek (np. Psi Patrol Live &#8220;<a href=\"https:\/\/www.ebilet.pl\/rodzina\/widowiska\/psi-patrol\">Wielka Piracka Przygoda<\/a>&#8220;),<\/span><\/li>\n<li style=\"font-weight: 400;\" aria-level=\"1\"><span style=\"font-weight: 400;\">teatr baniek mydlanych (przedstawienie, kt\u00f3re opiera si\u0119 na przer\u00f3\u017cnych ba\u0144kach mydlanych: tych du\u017cych, tych male\u0144kich, i nawet tych z dymem w \u015brodku. Mo\u017cecie wybra\u0107 si\u0119 na &#8220;<a href=\"https:\/\/www.ebilet.pl\/rodzina\/spektakle-dla-dzieci\/teatr-baniek-mydlanych\">Tajemnic\u0119 Ba\u0144ki Szcz\u0119\u015bcia<\/a>&#8220;)&#8230;<\/span><\/li>\n<\/ul>\n<p><span style=\"font-weight: 400;\">Sam widzisz, \u017ce opcji jest mn\u00f3stwo. Znasz swoj\u0105 pociech\u0119 i wiesz, co lubi. Mo\u017cecie te\u017c zdecydowa\u0107 razem, by wam obojgu przedstawienie si\u0119 spodoba\u0142o. Koniecznie p\u00f3jd\u017acie razem na spektakl, a p\u00f3\u017aniej na lody albo obiad i sp\u0119d\u017acie razem czas.<\/span><\/p>\n<h3><strong>Zaskakuj\u0105ce wystawy \u2013 muzea na Dzie\u0144 Dziecka<\/strong><\/h3>\n<p><b>Tak, muzea s\u0105 jeszcze nudniejsze ni\u017c teatr. Wiemy to, a raczej to, \u017ce dzieci tak my\u015bl\u0105. Ale zn\u00f3w: to nie jest prawda! <\/b><span style=\"font-weight: 400;\">Masz w domu fana klock\u00f3w LEGO? W takim razie wybierzcie si\u0119 na <\/span><b><a href=\"https:\/\/www.ebilet.pl\/rodzina\/pozostale\/wystawa-figurek-lego\">Wystaw\u0119 LEGO w Toruniu<\/a>. <\/b><span style=\"font-weight: 400;\">Zobaczycie m.in. zamek z Harrego Pottera, Titanic (najwi\u0119kszy!), Taj Mahal i wiele, wiele innych. Opr\u00f3cz tego czeka na was najwi\u0119ksza kolekcja zwierz\u0105t LEGO w Polsce. Jest tam te\u017c najdro\u017cszy zestaw LEGO na \u015bwiecie (Cloud City za ponad 10 000 z\u0142otych)!<\/span><\/p>\n<p><span style=\"font-weight: 400;\">A mo\u017ce ro\u015bnie ci ma\u0142y artysta? W takim razie wystawa <\/span><a href=\"https:\/\/www.ebilet.pl\/biznes\/wystawa\/the-mystery-of-banksy\"><b>The Mystery of BANKSY \u2013 A Genius Mind<\/b><\/a><span style=\"font-weight: 400;\"> jest dla was. Zobaczycie na niej ponad 150 inspiruj\u0105cych motyw\u00f3w sztuki ulicznej BANKSYEGO. Cho\u0107 jego dzie\u0142a s\u0105 znane na ca\u0142ym \u015bwiecie, on sam nadal pozostaje anonimowy.<\/span><\/p>\n<p><span style=\"font-weight: 400;\">Twoje dzieci interesuj\u0105 si\u0119 autami i lalkami? W takim razie zabierz je na <\/span><b>wystaw\u0119 <a href=\"https:\/\/www.ebilet.pl\/biznes\/wystawa\/wystawa-wheels-heels\">Wheels &amp; Heels<\/a>. <\/b><span style=\"font-weight: 400;\">To po\u0142\u0105czenie historii i zabawy. Zobaczycie tam klasyki Matchbox, pojazdy Hot Wheels oraz nie\u015bmiertelne lalki Barbie. Ciekawe po\u0142\u0105czenie, kt\u00f3re ukazuje, jak zmienia\u0142 si\u0119 \u015bwiat resorak\u00f3w i lalek na przestrzeni lat. To gratka nie tylko dla dzieci, ale i dla doros\u0142ych.\u00a0<\/span><\/p>\n<\/div>\n            <\/div>\n        <\/div>\n    <\/div>\n<\/section>\n\n\n<section class=\"text-block  section-margin-32\" >\n    <div class=\"container\">\n        <div class=\"row\">\n            <div class=\"col-24\">\n                <div class=\"text-block__content\"><h3><strong>Fantastyczne eventy \u2013 wydarzenia specjalne na Dzie\u0144 Dziecka<\/strong><\/h3>\n<p><span style=\"font-weight: 400;\">Nieco p\u00f3\u017aniej, bo w po\u0142owie czerwca, odb\u0119dzie si\u0119 <\/span><b>najwi\u0119kszy <a href=\"https:\/\/www.ebilet.pl\/biznes\/targi\/pyrkon\">Festiwal Fantastyki PYRKON<\/a>.<\/b><span style=\"font-weight: 400;\"> To idealne miejsce dla nastoletnich fan\u00f3w fantasy. Pojawi\u0105 si\u0119 tam nie tylko fani magicznych \u015bwiat\u00f3w, ale te\u017c tw\u00f3rcy, prelegenci, wystawcy i przer\u00f3\u017cne atrakcje, kt\u00f3re tylko czekaj\u0105 na twojego ju\u017c prawie doros\u0142ego syna lub c\u00f3rk\u0119. <\/span><b>To jedyne tego typu wydarzenie w naszym kraju, wi\u0119c daj\u0105c w prezencie bilet, mo\u017cesz spodziewa\u0107 si\u0119 ogromnej ekscytacji.<\/b><\/p>\n<p><span style=\"font-weight: 400;\">A mo\u017ce ty te\u017c jeste\u015b fanem komiks\u00f3w, Marvela, DC i innych uniwersum zwi\u0105zanych ze \u015bwiatem fantasy? W takim razie <\/span><b>wskakujcie w kostiumy razem i pojed\u017acie dobrze si\u0119 bawi\u0107. <\/b><span style=\"font-weight: 400;\">Udzia\u0142 w takim wydarzeniu przypiecz\u0119tuje wasz\u0105 relacj\u0119 i sprawi, \u017ce poczujecie si\u0119 bli\u017cej siebie ni\u017c na co dzie\u0144, gdy wasze drogi i zainteresowania si\u0119 rozmijaj\u0105 coraz bardziej.<\/span><\/p>\n<h3><strong>Jaka to melodia? \u2013 koncerty na Dzie\u0144 Dziecka<\/strong><\/h3>\n<p><b>Tak, wiemy: dzisiejsza m\u0142odzie\u017c s\u0142ucha badziewia, a nie muzyki. M\u00f3wisz tak ty i ju\u017c nawet nie pami\u0119tasz, \u017ce to samo m\u00f3wili twoi rodzice, gdy by\u0142e\u015b nastolatkiem. <\/b><span style=\"font-weight: 400;\">Powiedz szczerze: co z tego, \u017ce twoje dziecko lubi inn\u0105 muzyk\u0119? Jego gust jeszcze wiele razy si\u0119 zmieni (albo i nie). <\/span><b>To tylko muzyka! A udzia\u0142 w koncercie ulubionego artysty sprawi m\u0142odemu cz\u0142owiekowi frajd\u0119 niezale\u017cnie od gatunku.\u00a0<\/b><\/p>\n<p><span style=\"font-weight: 400;\"><a href=\"https:\/\/www.ebilet.pl\/muzyka\/ethno\/lor\">Lor<\/a>, <a href=\"https:\/\/www.ebilet.pl\/muzyka\/pop\/alfie-jukes\">Alfie Jukes<\/a>, <a href=\"https:\/\/www.ebilet.pl\/muzyka\/pop\/juli-chan\">Juli Chan<\/a>, <a href=\"https:\/\/www.ebilet.pl\/muzyka\/pop\/jillian-rossi\">Jillian Rossi<\/a>, <a href=\"https:\/\/www.ebilet.pl\/muzyka\/pop\/marcus-martinus\">Marcus &amp; Martinus<\/a>, <a href=\"https:\/\/www.ebilet.pl\/muzyka\/pozostale\/oska\">OSKA<\/a>\u2026 wybierz bilety na koncert zgodnie z wiekiem dziecka i pozw\u00f3l mu si\u0119 dobrze bawi\u0107. Mo\u017cesz wybra\u0107 si\u0119 tam z nim i sprawdzi\u0107, co tak bardzo lubi, albo popyta\u0107 w rodzinie, czy mo\u017ce starsi nastolatkowie\/m\u0142odzi doro\u015bli nie lubuj\u0105 w tym samym gatunku (je\u015bli tak, wy\u015blij ich tam razem i niech si\u0119 dobrze bawi\u0105!).\u00a0<\/span><\/p>\n<p><b>Pami\u0119taj, \u017ce nied\u0142ugo zaczyna si\u0119 sezon festiwalowy. <\/b><span style=\"font-weight: 400;\">To dobra okazja, by sprezentowa\u0107 starszemu nastolatkowi bilety na wydarzenie zwi\u0105zane z jego ulubionym gatunkiem muzycznym. Uwierz nam, \u017ce b\u0119dzie wola\u0142 poczeka\u0107 miesi\u0105c czy dwa na sw\u00f3j prezent ni\u017c dosta\u0107 nietrafiony upominek 1 czerwca.<\/span><\/p>\n<h3><strong>Gdzie film spotyka si\u0119 z muzyk\u0105 \u2013 koncerty symfoniczne na Dzie\u0144 Dziecka<\/strong><\/h3>\n<p><b><a href=\"https:\/\/www.ebilet.pl\/klasyka\/muzyka-filmowa\/harry-potter-symfonicznie\">&#8220;Harry Potter&#8221;<\/a>, <a href=\"https:\/\/www.ebilet.pl\/klasyka\/muzyka-filmowa\/koncert-muzyki-filmowej-john-williams\">&#8220;Park Jurajski&#8221;, &#8220;Avatar&#8221;, &#8220;Gwiezdne Wojny&#8221;<\/a><\/b><span style=\"font-weight: 400;\">\u00a0i inne wyj\u0105tkowe dzie\u0142a ekranowe uwielbiane przez wszystkie pokolenia mo\u017cecie zobaczy\u0107, a raczej us\u0142ysze\u0107, w zupe\u0142nie innym wydaniu: w formie koncertu symfonicznego. Je\u015bli twoje dziecko kocha muzyk\u0119 lub samo gra na instrumencie, takie wydarzenie b\u0119dzie dla niego wspomnieniem na ca\u0142e \u017cycie. Pos\u0142uchajcie razem muzyki z najlepszych film\u00f3w!<\/span><\/p>\n<p><span style=\"font-weight: 400;\">To jak, kt\u00f3re do\u015bwiadczenie sprezentujesz dziecku z okazji jego \u015bwi\u0119ta?\u00a0<\/span><\/p>\n<\/div>\n            <\/div>\n        <\/div>\n    <\/div>\n<\/section>\n\n\n<section class=\"events-slider-block  section-margin-32\" data-events-slider-block data-carousel-title=\"Nowo\u015bci na eBilet\" data-carousel-type=\"karuzela_z_t\u0142em\" data-item-list-name=\"Karuzela z t\u0142em Nowo\u015bci na eBilet\" data-item-list-id=\"karuzela_z_t\u0142em Nowo\u015bci na eBilet\" >\n    <div class=\"container\">\n        <div class=\"row\">\n            <div class=\"col-24\">\n                <div class=\"events-slider-block__wrapper\">\n                                            <div class=\"events-slider-block__bg\"><img loading=\"lazy\" decoding=\"async\" width=\"1920\" height=\"1080\" src=\"https:\/\/www.ebilet.pl\/now\/app\/uploads\/2024\/04\/shutterstock_1308510637.jpg\" class=\"attachment-full size-full\" alt=\"Fot.\" srcset=\"https:\/\/www.ebilet.pl\/now\/app\/uploads\/2024\/04\/shutterstock_1308510637.jpg 1920w, https:\/\/www.ebilet.pl\/now\/app\/uploads\/2024\/04\/shutterstock_1308510637-1024x576.jpg 1024w, https:\/\/www.ebilet.pl\/now\/app\/uploads\/2024\/04\/shutterstock_1308510637-1536x864.jpg 1536w, https:\/\/www.ebilet.pl\/now\/app\/uploads\/2024\/04\/shutterstock_1308510637-1280x720.jpg 1280w, https:\/\/www.ebilet.pl\/now\/app\/uploads\/2024\/04\/shutterstock_1308510637-500x281.jpg 500w, https:\/\/www.ebilet.pl\/now\/app\/uploads\/2024\/04\/shutterstock_1308510637-632x356.jpg 632w, https:\/\/www.ebilet.pl\/now\/app\/uploads\/2024\/04\/shutterstock_1308510637-308x174.jpg 308w\" sizes=\"(max-width: 1920px) 100vw, 1920px\" \/><\/div>\n                                                                <div class=\"events-slider-block__top\">\n                                                            <div class=\"events-slider-block__title desktop\">\n                                    <h2 class=\"typo-h2\">Nowo\u015bci na eBilet<\/h2>\n                                <\/div>\n                                                                                        <div class=\"events-slider-block__title mobile\">\n                                    <h2 class=\"typo-h2\">Nowo\u015bci na eBilet<\/h2>\n                                <\/div>\n                                                    <\/div>\n                                                                <div class=\"events-slider-block__main\">\n                            <div class=\"events-slider-block__nav events-slider-block__nav--prev\">\n                                <div class=\"button button--withIcon button--theme-white-blur button--size-fixed-48\" data-events-prev>\n                                    <span class=\"button__icon icon icon-chevron-left\"><\/span>\n                                <\/div>\n                            <\/div>\n                            <div class=\"events-slider-block__nav events-slider-block__nav--next\">\n                                <div class=\"button button--withIcon button--theme-white-blur button--size-fixed-48\" data-events-next>\n                                    <span class=\"button__icon icon icon-chevron-right\"><\/span>\n                                <\/div>\n                            <\/div>\n                            <div class=\"events-slider-block__slider\">\n                                <div class=\"swiper\" data-events-slider>\n                                    <div class=\"events-slider-block__sliderWrapper swiper-wrapper\">\n\n                                        \n                                            <div class=\"events-slider-block__sliderItem swiper-slide event-card\"\n                                                data-id=\"49432\"\n                                                data-name=\"Wroc\u0142aw Hip Hop Festival 2026\"\n                                                data-brand=\"Stowarzyszenie Planeta M\u0142odych\"\n                                                data-category=\"muzyka\"\n                                                data-subcategory=\"festiwale\"\n                                                data-city=\"Wroc\u0142aw\"\n                                                data-venue=\"Hala Stulecia\">\n                                                \n<div class=\"card-event  card-event--size-small\">\n        <a href=\"https:\/\/www.ebilet.pl\/muzyka\/festiwale\/wroclaw-hip-hop-festival\" target=\"_blank\" class=\"card-event__link\" rel=\"nofollow noopener\"><\/a>\n        <div class=\"card-event__wrapper\">\n        <div class=\"card-event__image\">\n            <img decoding=\"async\" src=\"https:\/\/www.ebilet.pl\/media\/cms\/media\/004dfv2o\/0423-whhf-ebilet_05-ffc5e42c-1240-4118-ae1c-5f49984461c5.webp\" alt=\"\">\n        <\/div>\n        <div class=\"card-event__data\">\n            <div class=\"card-event__name\">\n                <p>Wroc\u0142aw Hip Hop Festival 2026<\/p>\n            <\/div>\n            <div class=\"card-event__date\">20.11.2026-20.11.2026<\/div>\n            <div class=\"card-event__location\">Wroc\u0142aw<\/div>\n        <\/div>\n    <\/div>\n<\/div>                                            <\/div>\n                                        \n                                            <div class=\"events-slider-block__sliderItem swiper-slide event-card\"\n                                                data-id=\"63906\"\n                                                data-name=\"Mecze towarzyskie Reprezentacji Polski m\u0119\u017cczyzn w siatk\u00f3wce\"\n                                                data-brand=\"Polska Siatk\u00f3wka Sp. z o.o.\"\n                                                data-category=\"sport\"\n                                                data-subcategory=\"sporty-druzynowe\"\n                                                data-city=\"Katowice, Sosnowiec\"\n                                                data-venue=\"ArcelorMittal Park w Sosnowcu\">\n                                                \n<div class=\"card-event  card-event--size-small\">\n        <a href=\"https:\/\/www.ebilet.pl\/sport\/sporty-druzynowe\/mecz-siatkowki\" target=\"_blank\" class=\"card-event__link\" rel=\"nofollow noopener\"><\/a>\n        <div class=\"card-event__wrapper\">\n        <div class=\"card-event__image\">\n            <img decoding=\"async\" src=\"https:\/\/www.ebilet.pl\/media\/cms\/media\/paxoijep\/mecz-1-e7ebdff4-0eeb-4b41-87f8-b8cc79cca9e1.webp\" alt=\"\">\n        <\/div>\n        <div class=\"card-event__data\">\n            <div class=\"card-event__name\">\n                <p>Mecze towarzyskie Reprezentacji Polski m\u0119\u017cczyzn w siatk\u00f3wce<\/p>\n            <\/div>\n            <div class=\"card-event__date\">20.05.2026-20.05.2026<\/div>\n            <div class=\"card-event__location\">Katowice, Sosnowiec<\/div>\n        <\/div>\n    <\/div>\n<\/div>                                            <\/div>\n                                        \n                                            <div class=\"events-slider-block__sliderItem swiper-slide event-card\"\n                                                data-id=\"205704\"\n                                                data-name=\"Osobowo\u015bci Romy: Janusz Kruci\u0144ski - MUZYKOTE\u2026REPAUTA\"\n                                                data-brand=\"Teatr Muzyczny Roma\"\n                                                data-category=\"teatr\"\n                                                data-subcategory=\"spektakle-muzyczne\"\n                                                data-city=\"Warszawa\"\n                                                data-venue=\"Teatr Muzyczny ROMA w Warszawie\">\n                                                \n<div class=\"card-event  card-event--size-small\">\n        <a href=\"https:\/\/www.ebilet.pl\/teatr\/spektakle-muzyczne\/muzykote-repauta\" target=\"_blank\" class=\"card-event__link\" rel=\"nofollow noopener\"><\/a>\n        <div class=\"card-event__wrapper\">\n        <div class=\"card-event__image\">\n            <img decoding=\"async\" src=\"https:\/\/www.ebilet.pl\/media\/cms\/media\/5xpjnwlz\/552x736_januszkrucinski.webp\" alt=\"\">\n        <\/div>\n        <div class=\"card-event__data\">\n            <div class=\"card-event__name\">\n                <p>Osobowo\u015bci Romy: Janusz Kruci\u0144ski &#8211; MUZYKOTE\u2026REPAUTA<\/p>\n            <\/div>\n            <div class=\"card-event__date\">05.06.2026-05.06.2026<\/div>\n            <div class=\"card-event__location\">Warszawa<\/div>\n        <\/div>\n    <\/div>\n<\/div>                                            <\/div>\n                                        \n                                            <div class=\"events-slider-block__sliderItem swiper-slide event-card\"\n                                                data-id=\"170324\"\n                                                data-name=\"SPI\u0118TY\/WY I ONI Inny Koncert\"\n                                                data-brand=\"AGENCJA ARTYSTYCZNA ART PROJEKT\"\n                                                data-category=\"muzyka\"\n                                                data-subcategory=\"rock\"\n                                                data-city=\"Katowice, Warszawa\"\n                                                data-venue=\"Narodowa Orkiestra Symfoniczna Polskiego Radia - NOSPR\">\n                                                \n<div class=\"card-event  card-event--size-small\">\n        <a href=\"https:\/\/www.ebilet.pl\/muzyka\/rock\/spiety-koncert\" target=\"_blank\" class=\"card-event__link\" rel=\"nofollow noopener\"><\/a>\n        <div class=\"card-event__wrapper\">\n        <div class=\"card-event__image\">\n            <img decoding=\"async\" src=\"https:\/\/www.ebilet.pl\/media\/cms\/media\/b5fnicip\/552-x-736_spiety_2026_zbiorcze_v02-294a9e1f-f001-4da9-bf56-6bef0ef677f9.webp\" alt=\"\">\n        <\/div>\n        <div class=\"card-event__data\">\n            <div class=\"card-event__name\">\n                <p>SPI\u0118TY\/WY I ONI Inny Koncert<\/p>\n            <\/div>\n            <div class=\"card-event__date\">25.10.2026-25.10.2026<\/div>\n            <div class=\"card-event__location\">Katowice, Warszawa<\/div>\n        <\/div>\n    <\/div>\n<\/div>                                            <\/div>\n                                        \n                                            <div class=\"events-slider-block__sliderItem swiper-slide event-card\"\n                                                data-id=\"205823\"\n                                                data-name=\"Biak i Qzyn \/ JOCC 2\"\n                                                data-brand=\"Revolume Sp. z o.o.\"\n                                                data-category=\"muzyka\"\n                                                data-subcategory=\"hip-hop-rap\"\n                                                data-city=\"Warszawa\"\n                                                data-venue=\"Klub Mechanik\">\n                                                \n<div class=\"card-event  card-event--size-small\">\n        <a href=\"https:\/\/www.ebilet.pl\/muzyka\/hip-hop-rap\/biak-qzyn\" target=\"_blank\" class=\"card-event__link\" rel=\"nofollow noopener\"><\/a>\n        <div class=\"card-event__wrapper\">\n        <div class=\"card-event__image\">\n            <img decoding=\"async\" src=\"https:\/\/www.ebilet.pl\/media\/cms\/media\/1nzpwvhx\/biak_qzyn_wwa_3-ec5e9876-7ce7-4a71-9a5d-d28ec070e568.webp\" alt=\"\">\n        <\/div>\n        <div class=\"card-event__data\">\n            <div class=\"card-event__name\">\n                <p>Biak i Qzyn \/ JOCC 2<\/p>\n            <\/div>\n            <div class=\"card-event__date\">13.06.2026-13.06.2026<\/div>\n            <div class=\"card-event__location\">Warszawa<\/div>\n        <\/div>\n    <\/div>\n<\/div>                                            <\/div>\n                                        \n                                            <div class=\"events-slider-block__sliderItem swiper-slide event-card\"\n                                                data-id=\"201611\"\n                                                data-name=\"Koncert przy \u015bwiecach: Tribute to Metallica\"\n                                                data-brand=\"Candle Live Music\"\n                                                data-category=\"muzyka\"\n                                                data-subcategory=\"hard-heavy\"\n                                                data-city=\"Cz\u0119stochowa, Gda\u0144sk, Gliwice i inne\"\n                                                data-venue=\"Scena Gliwicka 120\">\n                                                \n<div class=\"card-event  card-event--size-small\">\n        <a href=\"https:\/\/www.ebilet.pl\/muzyka\/hard-heavy\/tribute-to-metallica\" target=\"_blank\" class=\"card-event__link\" rel=\"nofollow noopener\"><\/a>\n        <div class=\"card-event__wrapper\">\n        <div class=\"card-event__image\">\n            <img decoding=\"async\" src=\"https:\/\/www.ebilet.pl\/media\/cms\/media\/5zlohocn\/clm-ebilet-metallica-552x736-0ef49739-c90f-4368-b5f1-8ecda473f8f5.webp\" alt=\"\">\n        <\/div>\n        <div class=\"card-event__data\">\n            <div class=\"card-event__name\">\n                <p>Koncert przy \u015bwiecach: Tribute to Metallica<\/p>\n            <\/div>\n            <div class=\"card-event__date\">09.05.2026-09.05.2026<\/div>\n            <div class=\"card-event__location\">Cz\u0119stochowa, Gda\u0144sk, Gliwice i inne<\/div>\n        <\/div>\n    <\/div>\n<\/div>                                            <\/div>\n                                        \n                                            <div class=\"events-slider-block__sliderItem swiper-slide event-card\"\n                                                data-id=\"165759\"\n                                                data-name=\"Koncert przy \u015bwiecach: ABBA &amp; Queen\"\n                                                data-brand=\"Candle Live Music\"\n                                                data-category=\"klasyka\"\n                                                data-subcategory=\"koncert\"\n                                                data-city=\"Krak\u00f3w, Nowy S\u0105cz, Pozna\u0144 i inne\"\n                                                data-venue=\"Miejski Dom Kultury w \u015awinouj\u015bciu\">\n                                                \n<div class=\"card-event  card-event--size-small\">\n        <a href=\"https:\/\/www.ebilet.pl\/klasyka\/koncert\/abba-i-queen\" target=\"_blank\" class=\"card-event__link\" rel=\"nofollow noopener\"><\/a>\n        <div class=\"card-event__wrapper\">\n        <div class=\"card-event__image\">\n            <img decoding=\"async\" src=\"https:\/\/www.ebilet.pl\/media\/cms\/media\/memd1cqg\/koncert-fortepianowy-abba-i-queen-552x736-ebilet-1e3924a2-bcfb-42d3-a5b3-4d46bb0cc2e8.webp\" alt=\"\">\n        <\/div>\n        <div class=\"card-event__data\">\n            <div class=\"card-event__name\">\n                <p>Koncert przy \u015bwiecach: ABBA &#038; Queen<\/p>\n            <\/div>\n            <div class=\"card-event__date\">09.05.2026-09.05.2026<\/div>\n            <div class=\"card-event__location\">Krak\u00f3w, Nowy S\u0105cz, Pozna\u0144 i inne<\/div>\n        <\/div>\n    <\/div>\n<\/div>                                            <\/div>\n                                        \n                                            <div class=\"events-slider-block__sliderItem swiper-slide event-card\"\n                                                data-id=\"48780\"\n                                                data-name=\"Mistrzostwa \u015awiata w koszyk\u00f3wce 3x3 2026\"\n                                                data-brand=\"Polski Zwi\u0105zek Koszyk\u00f3wki\"\n                                                data-category=\"sport\"\n                                                data-subcategory=\"sporty-druzynowe\"\n                                                data-city=\"Warszawa\"\n                                                data-venue=\"Plac Defilad \">\n                                                \n<div class=\"card-event  card-event--size-small\">\n        <a href=\"https:\/\/www.ebilet.pl\/sport\/sporty-druzynowe\/koszykowka\" target=\"_blank\" class=\"card-event__link\" rel=\"nofollow noopener\"><\/a>\n        <div class=\"card-event__wrapper\">\n        <div class=\"card-event__image\">\n            <img decoding=\"async\" src=\"https:\/\/www.ebilet.pl\/media\/cms\/media\/40dkh4qd\/552x739-961a0af8-0c70-4f76-b55e-bf23fa63fae4.webp\" alt=\"\">\n        <\/div>\n        <div class=\"card-event__data\">\n            <div class=\"card-event__name\">\n                <p>Mistrzostwa \u015awiata w koszyk\u00f3wce 3&#215;3 2026<\/p>\n            <\/div>\n            <div class=\"card-event__date\">01.06.2026-01.06.2026<\/div>\n            <div class=\"card-event__location\">Warszawa<\/div>\n        <\/div>\n    <\/div>\n<\/div>                                            <\/div>\n                                        \n                                            <div class=\"events-slider-block__sliderItem swiper-slide event-card\"\n                                                data-id=\"205797\"\n                                                data-name=\"Ajla &amp; Lowra\"\n                                                data-brand=\"MIH Agency\"\n                                                data-category=\"muzyka\"\n                                                data-subcategory=\"hip-hop-rap\"\n                                                data-city=\"Krak\u00f3w, Warszawa\"\n                                                data-venue=\"Alchemia\">\n                                                \n<div class=\"card-event  card-event--size-small\">\n        <a href=\"https:\/\/www.ebilet.pl\/muzyka\/hip-hop-rap\/ajla-lowra\" target=\"_blank\" class=\"card-event__link\" rel=\"nofollow noopener\"><\/a>\n        <div class=\"card-event__wrapper\">\n        <div class=\"card-event__image\">\n            <img decoding=\"async\" src=\"https:\/\/www.ebilet.pl\/media\/cms\/media\/2cap0euh\/552x736-e4471b37-f01d-4e64-9496-010573018a99.webp\" alt=\"\">\n        <\/div>\n        <div class=\"card-event__data\">\n            <div class=\"card-event__name\">\n                <p>Ajla &#038; Lowra<\/p>\n            <\/div>\n            <div class=\"card-event__date\">21.05.2026-21.05.2026<\/div>\n            <div class=\"card-event__location\">Krak\u00f3w, Warszawa<\/div>\n        <\/div>\n    <\/div>\n<\/div>                                            <\/div>\n                                        \n                                            <div class=\"events-slider-block__sliderItem swiper-slide event-card\"\n                                                data-id=\"10672\"\n                                                data-name=\"Red Bull Drift Masters, Grand Finale 2026, Poland\"\n                                                data-brand=\"Drift Masters Grand Prix Sp. z o.o.\"\n                                                data-category=\"sport\"\n                                                data-subcategory=\"sporty-motorowe\"\n                                                data-city=\"Warszawa\"\n                                                data-venue=\"PGE Narodowy im. Kazimierza G\u00f3rskiego\">\n                                                \n<div class=\"card-event  card-event--size-small\">\n        <a href=\"https:\/\/www.ebilet.pl\/sport\/sporty-motorowe\/drift-masters\" target=\"_blank\" class=\"card-event__link\" rel=\"nofollow noopener\"><\/a>\n        <div class=\"card-event__wrapper\">\n        <div class=\"card-event__image\">\n            <img decoding=\"async\" src=\"https:\/\/www.ebilet.pl\/media\/cms\/media\/sz3ojwmd\/552x736-do-60kb-55f8db12-cfee-4159-a30d-647373ffe546.webp\" alt=\"\">\n        <\/div>\n        <div class=\"card-event__data\">\n            <div class=\"card-event__name\">\n                <p>Red Bull Drift Masters, Grand Finale 2026, Poland<\/p>\n            <\/div>\n            <div class=\"card-event__date\">11.09.2026-11.09.2026<\/div>\n            <div class=\"card-event__location\">Warszawa<\/div>\n        <\/div>\n    <\/div>\n<\/div>                                            <\/div>\n                                        \n                                            <div class=\"events-slider-block__sliderItem swiper-slide event-card\"\n                                                data-id=\"120676\"\n                                                data-name=\"CARBON Silesia Festival\"\n                                                data-brand=\"Go Fest Sp. z o.o.\"\n                                                data-category=\"muzyka\"\n                                                data-subcategory=\"festiwale\"\n                                                data-city=\"Zabrze\"\n                                                data-venue=\"Sztolnia Kr\u00f3lowa Luiza\">\n                                                \n<div class=\"card-event  card-event--size-small\">\n        <a href=\"https:\/\/www.ebilet.pl\/muzyka\/festiwale\/carbon-silesia-festival\" target=\"_blank\" class=\"card-event__link\" rel=\"nofollow noopener\"><\/a>\n        <div class=\"card-event__wrapper\">\n        <div class=\"card-event__image\">\n            <img decoding=\"async\" src=\"https:\/\/www.ebilet.pl\/media\/cms\/media\/dtvlk5wm\/552x736-22-89e6a49e-7c53-4176-be71-eaf7c4d527a3.webp\" alt=\"\">\n        <\/div>\n        <div class=\"card-event__data\">\n            <div class=\"card-event__name\">\n                <p>CARBON Silesia Festival<\/p>\n            <\/div>\n            <div class=\"card-event__date\">19.06.2026-19.06.2026<\/div>\n            <div class=\"card-event__location\">Zabrze<\/div>\n        <\/div>\n    <\/div>\n<\/div>                                            <\/div>\n                                        \n                                            <div class=\"events-slider-block__sliderItem swiper-slide event-card\"\n                                                data-id=\"56007\"\n                                                data-name=\"The Casualties\"\n                                                data-brand=\"Winiary Bookings sp. z o. o.\"\n                                                data-category=\"muzyka\"\n                                                data-subcategory=\"rock\"\n                                                data-city=\"Krak\u00f3w, Pozna\u0144, Warszawa\"\n                                                data-venue=\"Klub Za\u015bcianek\">\n                                                \n<div class=\"card-event  card-event--size-small\">\n        <a href=\"https:\/\/www.ebilet.pl\/muzyka\/rock\/the-casualties\" target=\"_blank\" class=\"card-event__link\" rel=\"nofollow noopener\"><\/a>\n        <div class=\"card-event__wrapper\">\n        <div class=\"card-event__image\">\n            <img decoding=\"async\" src=\"https:\/\/www.ebilet.pl\/media\/cms\/media\/awfpdqxf\/the-casualties-ebilet-strona-wydarzenia-pion-wspo-lne-8c949b57-b57b-4ed1-9d3f-cbcd8bf0821c.webp\" alt=\"\">\n        <\/div>\n        <div class=\"card-event__data\">\n            <div class=\"card-event__name\">\n                <p>The Casualties<\/p>\n            <\/div>\n            <div class=\"card-event__date\">10.06.2026-10.06.2026<\/div>\n            <div class=\"card-event__location\">Krak\u00f3w, Pozna\u0144, Warszawa<\/div>\n        <\/div>\n    <\/div>\n<\/div>                                            <\/div>\n                                        \n                                            <div class=\"events-slider-block__sliderItem swiper-slide event-card\"\n                                                data-id=\"205471\"\n                                                data-name=\"N8noface\"\n                                                data-brand=\"Winiary Bookings sp. z o. o.\"\n                                                data-category=\"muzyka\"\n                                                data-subcategory=\"pozostale\"\n                                                data-city=\"Wroc\u0142aw\"\n                                                data-venue=\"Klub Muzyczny Liverpool\">\n                                                \n<div class=\"card-event  card-event--size-small\">\n        <a href=\"https:\/\/www.ebilet.pl\/muzyka\/pozostale\/n8noface\" target=\"_blank\" class=\"card-event__link\" rel=\"nofollow noopener\"><\/a>\n        <div class=\"card-event__wrapper\">\n        <div class=\"card-event__image\">\n            <img decoding=\"async\" src=\"https:\/\/www.ebilet.pl\/media\/cms\/media\/yffijpgm\/n8noface-ebilet-strona-wydarzenia-pion-wroc_aw-5141eda9-5eb5-4104-9c45-23ca90d7d5cb.webp\" alt=\"\">\n        <\/div>\n        <div class=\"card-event__data\">\n            <div class=\"card-event__name\">\n                <p>N8noface<\/p>\n            <\/div>\n            <div class=\"card-event__date\">02.08.2026-02.08.2026<\/div>\n            <div class=\"card-event__location\">Wroc\u0142aw<\/div>\n        <\/div>\n    <\/div>\n<\/div>                                            <\/div>\n                                        \n                                            <div class=\"events-slider-block__sliderItem swiper-slide event-card\"\n                                                data-id=\"169470\"\n                                                data-name=\"Morrissey\"\n                                                data-brand=\"Winiary Bookings sp. z o. o.\"\n                                                data-category=\"muzyka\"\n                                                data-subcategory=\"rock\"\n                                                data-city=\"Warszawa\"\n                                                data-venue=\"Letnia Scena Progresji\">\n                                                \n<div class=\"card-event  card-event--size-small\">\n        <a href=\"https:\/\/www.ebilet.pl\/muzyka\/rock\/morrissey\" target=\"_blank\" class=\"card-event__link\" rel=\"nofollow noopener\"><\/a>\n        <div class=\"card-event__wrapper\">\n        <div class=\"card-event__image\">\n            <img decoding=\"async\" src=\"https:\/\/www.ebilet.pl\/media\/cms\/media\/v0fhczer\/morrissey-ebilet-strona-wydarzenia-pion-warszawa-2b0fb3a5-f2dd-4773-8334-2fab1e2a5a89.webp\" alt=\"\">\n        <\/div>\n        <div class=\"card-event__data\">\n            <div class=\"card-event__name\">\n                <p>Morrissey<\/p>\n            <\/div>\n            <div class=\"card-event__date\">09.07.2026-09.07.2026<\/div>\n            <div class=\"card-event__location\">Warszawa<\/div>\n        <\/div>\n    <\/div>\n<\/div>                                            <\/div>\n                                        \n                                            <div class=\"events-slider-block__sliderItem swiper-slide event-card\"\n                                                data-id=\"170209\"\n                                                data-name=\"Jean-Michel Jarre + go\u015b\u0107 specjalny Zalewski\"\n                                                data-brand=\"AGENCJA ARTYSTYCZNA &quot;MEDIAL&quot; Albert Ma\u0142ek\"\n                                                data-category=\"muzyka\"\n                                                data-subcategory=\"elektro-techno\"\n                                                data-city=\"Radom\"\n                                                data-venue=\"Stadion Miejski im. Braci Czachor\u00f3w\">\n                                                \n<div class=\"card-event  card-event--size-small\">\n        <a href=\"https:\/\/www.ebilet.pl\/muzyka\/elektro-techno\/jean-michel-jarre\" target=\"_blank\" class=\"card-event__link\" rel=\"nofollow noopener\"><\/a>\n        <div class=\"card-event__wrapper\">\n        <div class=\"card-event__image\">\n            <img decoding=\"async\" src=\"https:\/\/www.ebilet.pl\/media\/cms\/media\/dfmp2pp5\/jmr_radom_552x736-2611fd12-cb3f-44cd-ba32-dc7ca4f86f18.webp\" alt=\"\">\n        <\/div>\n        <div class=\"card-event__data\">\n            <div class=\"card-event__name\">\n                <p>Jean-Michel Jarre + go\u015b\u0107 specjalny Zalewski<\/p>\n            <\/div>\n            <div class=\"card-event__date\">19.06.2026-19.06.2026<\/div>\n            <div class=\"card-event__location\">Radom<\/div>\n        <\/div>\n    <\/div>\n<\/div>                                            <\/div>\n                                                                            <\/div>\n                                <\/div>\n                            <\/div>\n                            <div class=\"events-slider-block__events swiper\" data-events-events-descriptions>\n                                <div class=\"events-slider-block__eventsWrapper swiper-wrapper\">\n                                                                            <div class=\"events-slider-block__eventsItem swiper-slide\">\n                                            <a href=\"https:\/\/www.ebilet.pl\/muzyka\/festiwale\/wroclaw-hip-hop-festival\" target=\"_blank\" class=\"events-slider-block__eventsName\">\n                                                <p>Wroc\u0142aw Hip Hop Festival 2026<\/p>\n                                            <\/a>\n                                            <div class=\"events-slider-block__eventsDate\">20.11.2026-20.11.2026<\/div>\n                                            <div class=\"events-slider-block__eventsLocation\"><\/div>\n                                        <\/div>\n                                                                            <div class=\"events-slider-block__eventsItem swiper-slide\">\n                                            <a href=\"https:\/\/www.ebilet.pl\/sport\/sporty-druzynowe\/mecz-siatkowki\" target=\"_blank\" class=\"events-slider-block__eventsName\">\n                                                <p>Mecze towarzyskie Reprezentacji Polski m\u0119\u017cczyzn w siatk\u00f3wce<\/p>\n                                            <\/a>\n                                            <div class=\"events-slider-block__eventsDate\">20.05.2026-23.05.2026<\/div>\n                                            <div class=\"events-slider-block__eventsLocation\"><\/div>\n                                        <\/div>\n                                                                            <div class=\"events-slider-block__eventsItem swiper-slide\">\n                                            <a href=\"https:\/\/www.ebilet.pl\/teatr\/spektakle-muzyczne\/muzykote-repauta\" target=\"_blank\" class=\"events-slider-block__eventsName\">\n                                                <p>Osobowo\u015bci Romy: Janusz Kruci\u0144ski &#8211; MUZYKOTE\u2026REPAUTA<\/p>\n                                            <\/a>\n                                            <div class=\"events-slider-block__eventsDate\">05.06.2026-05.06.2026<\/div>\n                                            <div class=\"events-slider-block__eventsLocation\"><\/div>\n                                        <\/div>\n                                                                            <div class=\"events-slider-block__eventsItem swiper-slide\">\n                                            <a href=\"https:\/\/www.ebilet.pl\/muzyka\/rock\/spiety-koncert\" target=\"_blank\" class=\"events-slider-block__eventsName\">\n                                                <p>SPI\u0118TY\/WY I ONI Inny Koncert<\/p>\n                                            <\/a>\n                                            <div class=\"events-slider-block__eventsDate\">25.10.2026-16.11.2026<\/div>\n                                            <div class=\"events-slider-block__eventsLocation\"><\/div>\n                                        <\/div>\n                                                                            <div class=\"events-slider-block__eventsItem swiper-slide\">\n                                            <a href=\"https:\/\/www.ebilet.pl\/muzyka\/hip-hop-rap\/biak-qzyn\" target=\"_blank\" class=\"events-slider-block__eventsName\">\n                                                <p>Biak i Qzyn \/ JOCC 2<\/p>\n                                            <\/a>\n                                            <div class=\"events-slider-block__eventsDate\">13.06.2026-13.06.2026<\/div>\n                                            <div class=\"events-slider-block__eventsLocation\"><\/div>\n                                        <\/div>\n                                                                            <div class=\"events-slider-block__eventsItem swiper-slide\">\n                                            <a href=\"https:\/\/www.ebilet.pl\/muzyka\/hard-heavy\/tribute-to-metallica\" target=\"_blank\" class=\"events-slider-block__eventsName\">\n                                                <p>Koncert przy \u015bwiecach: Tribute to Metallica<\/p>\n                                            <\/a>\n                                            <div class=\"events-slider-block__eventsDate\">09.05.2026-14.06.2026<\/div>\n                                            <div class=\"events-slider-block__eventsLocation\"><\/div>\n                                        <\/div>\n                                                                            <div class=\"events-slider-block__eventsItem swiper-slide\">\n                                            <a href=\"https:\/\/www.ebilet.pl\/klasyka\/koncert\/abba-i-queen\" target=\"_blank\" class=\"events-slider-block__eventsName\">\n                                                <p>Koncert przy \u015bwiecach: ABBA &#038; Queen<\/p>\n                                            <\/a>\n                                            <div class=\"events-slider-block__eventsDate\">09.05.2026-24.05.2026<\/div>\n                                            <div class=\"events-slider-block__eventsLocation\"><\/div>\n                                        <\/div>\n                                                                            <div class=\"events-slider-block__eventsItem swiper-slide\">\n                                            <a href=\"https:\/\/www.ebilet.pl\/sport\/sporty-druzynowe\/koszykowka\" target=\"_blank\" class=\"events-slider-block__eventsName\">\n                                                <p>Mistrzostwa \u015awiata w koszyk\u00f3wce 3&#215;3 2026<\/p>\n                                            <\/a>\n                                            <div class=\"events-slider-block__eventsDate\">01.06.2026-07.06.2026<\/div>\n                                            <div class=\"events-slider-block__eventsLocation\"><\/div>\n                                        <\/div>\n                                                                            <div class=\"events-slider-block__eventsItem swiper-slide\">\n                                            <a href=\"https:\/\/www.ebilet.pl\/muzyka\/hip-hop-rap\/ajla-lowra\" target=\"_blank\" class=\"events-slider-block__eventsName\">\n                                                <p>Ajla &#038; Lowra<\/p>\n                                            <\/a>\n                                            <div class=\"events-slider-block__eventsDate\">21.05.2026-28.05.2026<\/div>\n                                            <div class=\"events-slider-block__eventsLocation\"><\/div>\n                                        <\/div>\n                                                                            <div class=\"events-slider-block__eventsItem swiper-slide\">\n                                            <a href=\"https:\/\/www.ebilet.pl\/sport\/sporty-motorowe\/drift-masters\" target=\"_blank\" class=\"events-slider-block__eventsName\">\n                                                <p>Red Bull Drift Masters, Grand Finale 2026, Poland<\/p>\n                                            <\/a>\n                                            <div class=\"events-slider-block__eventsDate\">11.09.2026-12.09.2026<\/div>\n                                            <div class=\"events-slider-block__eventsLocation\"><\/div>\n                                        <\/div>\n                                                                            <div class=\"events-slider-block__eventsItem swiper-slide\">\n                                            <a href=\"https:\/\/www.ebilet.pl\/muzyka\/festiwale\/carbon-silesia-festival\" target=\"_blank\" class=\"events-slider-block__eventsName\">\n                                                <p>CARBON Silesia Festival<\/p>\n                                            <\/a>\n                                            <div class=\"events-slider-block__eventsDate\">19.06.2026-20.06.2026<\/div>\n                                            <div class=\"events-slider-block__eventsLocation\"><\/div>\n                                        <\/div>\n                                                                            <div class=\"events-slider-block__eventsItem swiper-slide\">\n                                            <a href=\"https:\/\/www.ebilet.pl\/muzyka\/rock\/the-casualties\" target=\"_blank\" class=\"events-slider-block__eventsName\">\n                                                <p>The Casualties<\/p>\n                                            <\/a>\n                                            <div class=\"events-slider-block__eventsDate\">10.06.2026-01.07.2026<\/div>\n                                            <div class=\"events-slider-block__eventsLocation\"><\/div>\n                                        <\/div>\n                                                                            <div class=\"events-slider-block__eventsItem swiper-slide\">\n                                            <a href=\"https:\/\/www.ebilet.pl\/muzyka\/pozostale\/n8noface\" target=\"_blank\" class=\"events-slider-block__eventsName\">\n                                                <p>N8noface<\/p>\n                                            <\/a>\n                                            <div class=\"events-slider-block__eventsDate\">02.08.2026-02.08.2026<\/div>\n                                            <div class=\"events-slider-block__eventsLocation\"><\/div>\n                                        <\/div>\n                                                                            <div class=\"events-slider-block__eventsItem swiper-slide\">\n                                            <a href=\"https:\/\/www.ebilet.pl\/muzyka\/rock\/morrissey\" target=\"_blank\" class=\"events-slider-block__eventsName\">\n                                                <p>Morrissey<\/p>\n                                            <\/a>\n                                            <div class=\"events-slider-block__eventsDate\">09.07.2026-09.07.2026<\/div>\n                                            <div class=\"events-slider-block__eventsLocation\"><\/div>\n                                        <\/div>\n                                                                            <div class=\"events-slider-block__eventsItem swiper-slide\">\n                                            <a href=\"https:\/\/www.ebilet.pl\/muzyka\/elektro-techno\/jean-michel-jarre\" target=\"_blank\" class=\"events-slider-block__eventsName\">\n                                                <p>Jean-Michel Jarre + go\u015b\u0107 specjalny Zalewski<\/p>\n                                            <\/a>\n                                            <div class=\"events-slider-block__eventsDate\">19.06.2026-19.06.2026<\/div>\n                                            <div class=\"events-slider-block__eventsLocation\"><\/div>\n                                        <\/div>\n                                                                    <\/div>\n                            <\/div>\n                            <div class=\"events-slider-block__pagination\">\n                                <div class=\"swiper-pagination slider-pagination slider-pagination--theme-white\" data-events-slider-pagination><\/div>\n                            <\/div>\n                        <\/div>\n                                        <div class=\"events-slider-block__bottom\">\n                                                                                <div class=\"events-slider-block__link desktop\">\n                                    <a\n                                        class=\"button button--size-small button--theme-primary-yellow button--withIconLeft\"\n                                        href=\"https:\/\/www.ebilet.pl\/\">\n                                                                                    <div class=\"button__icon\"><img loading=\"lazy\" decoding=\"async\" width=\"30\" height=\"30\" src=\"https:\/\/www.ebilet.pl\/now\/app\/uploads\/2024\/01\/ticket-cinema-entertainment-coupon-discount-sale_30px.png\" class=\"attachment-full size-full\" alt=\"\" \/><\/div>\n                                                                                <p class=\"button__text typo-18\">Kup na eBilet.pl<\/p>\n                                    <\/a>\n                                <\/div>\n                                                                                <div class=\"events-slider-block__link mobile\">\n                                    <a\n                                        class=\"button button--size-small button--theme-primary-yellow button--withIconLeft\"\n                                        href=\"https:\/\/www.ebilet.pl\/\">\n                                                                                    <div class=\"button__icon\"><img loading=\"lazy\" decoding=\"async\" width=\"30\" height=\"30\" src=\"https:\/\/www.ebilet.pl\/now\/app\/uploads\/2024\/01\/ticket-cinema-entertainment-coupon-discount-sale_30px.png\" class=\"attachment-full size-full\" alt=\"\" \/><\/div>\n                                                                                <p class=\"button__text typo-18\">Kup na eBilet.pl<\/p>\n                                    <\/a>\n                                <\/div>\n                                            <\/div>\n                <\/div>\n            <\/div>\n        <\/div>\n    <\/div>\n<\/section>","protected":false},"excerpt":{"rendered":"<p>Mi\u0119dzynarodowy Dzie\u0144 Dziecka zosta\u0142 ustanowiony przez ONZ w 1954 roku. Organizacji zale\u017ca\u0142o na tym, by rozpowszechni\u0107 cele i idea\u0142y dotycz\u0105ce praw dziecka zawarte w Karcie Narod\u00f3w Zjednoczonych. \u015awi\u0119to to przypada na 20 listopada wed\u0142ug ONZ, ale w Polsce sprawa ma si\u0119 inaczej\u2026<\/p>\n","protected":false},"author":14,"featured_media":18648,"comment_status":"open","ping_status":"open","sticky":false,"template":"page-templates\/article-default.php","format":"standard","meta":{"_acf_changed":false,"footnotes":""},"article_tag":[88,31],"article_type":[5],"acf":[],"_links":{"self":[{"href":"https:\/\/www.ebilet.pl\/now\/wp-json\/wp\/v2\/posts\/19277"}],"collection":[{"href":"https:\/\/www.ebilet.pl\/now\/wp-json\/wp\/v2\/posts"}],"about":[{"href":"https:\/\/www.ebilet.pl\/now\/wp-json\/wp\/v2\/types\/post"}],"author":[{"embeddable":true,"href":"https:\/\/www.ebilet.pl\/now\/wp-json\/wp\/v2\/users\/14"}],"replies":[{"embeddable":true,"href":"https:\/\/www.ebilet.pl\/now\/wp-json\/wp\/v2\/comments?post=19277"}],"version-history":[{"count":3,"href":"https:\/\/www.ebilet.pl\/now\/wp-json\/wp\/v2\/posts\/19277\/revisions"}],"predecessor-version":[{"id":20140,"href":"https:\/\/www.ebilet.pl\/now\/wp-json\/wp\/v2\/posts\/19277\/revisions\/20140"}],"wp:featuredmedia":[{"embeddable":true,"href":"https:\/\/www.ebilet.pl\/now\/wp-json\/wp\/v2\/media\/18648"}],"wp:attachment":[{"href":"https:\/\/www.ebilet.pl\/now\/wp-json\/wp\/v2\/media?parent=19277"}],"wp:term":[{"taxonomy":"article_tag","embeddable":true,"href":"https:\/\/www.ebilet.pl\/now\/wp-json\/wp\/v2\/article_tag?post=19277"},{"taxonomy":"article_type","embeddable":true,"href":"https:\/\/www.ebilet.pl\/now\/wp-json\/wp\/v2\/article_type?post=19277"}],"curies":[{"name":"wp","href":"https:\/\/api.w.org\/{rel}","templated":true}]}}