{"id":18645,"date":"2024-05-20T11:09:05","date_gmt":"2024-05-20T10:09:05","guid":{"rendered":"https:\/\/www.ebilet.pl\/now\/?p=18645"},"modified":"2024-05-23T13:48:01","modified_gmt":"2024-05-23T12:48:01","slug":"dzien-matki-2024-co-dac-mamie-w-prezencie","status":"publish","type":"post","link":"https:\/\/www.ebilet.pl\/now\/dzien-matki-2024-co-dac-mamie-w-prezencie\/","title":{"rendered":"Dzie\u0144 Matki 2024 \u2013 co da\u0107 mamie w prezencie?"},"content":{"rendered":"\n<section class=\"text-block  section-margin-32\" >\n    <div class=\"container\">\n        <div class=\"row\">\n            <div class=\"col-24\">\n                <div class=\"text-block__content\"><h2><strong>Kiedy jest Dzie\u0144 Matki?\u00a0<\/strong><\/h2>\n<p><b>W Polsce Dzie\u0144 Matki obchodzimy 26 maja.<\/b><span style=\"font-weight: 400;\"> Obdarowujemy wtedy nasze mamy prezentami (np. laurkami, kwiatami). W ten spos\u00f3b doceniamy je za to, \u017ce s\u0105, \u017ce nas kochaj\u0105 i dzi\u0119kujemy za trud w\u0142o\u017cony w nasze wychowanie.\u00a0<\/span><\/p>\n<p><b>Co ciekawe, na \u015bwiecie Dzie\u0144 Matki jest obchodzony w inne dni, m.in.:<\/b><\/p>\n<ul>\n<li style=\"font-weight: 400;\" aria-level=\"1\"><span style=\"font-weight: 400;\">w Norwegii w drug\u0105 niedziel\u0119 lutego,<\/span><\/li>\n<li style=\"font-weight: 400;\" aria-level=\"1\"><span style=\"font-weight: 400;\">w Gruzji \u2013 3 marca,<\/span><\/li>\n<li style=\"font-weight: 400;\" aria-level=\"1\"><span style=\"font-weight: 400;\">w Afganistanie, Armenii, Bia\u0142orusi, Maroku i nie tylko \u2013 8 marca,<\/span><\/li>\n<li style=\"font-weight: 400;\" aria-level=\"1\"><span style=\"font-weight: 400;\">w Irlandii, Nigerii i Wielkiej Brytanii w czwart\u0105 niedziel\u0119 wielkiego postu (to pozosta\u0142o\u015b\u0107 po &#8216;niedzielach u matki&#8217;, kt\u00f3re by\u0142y obchodzone w\u0142a\u015bnie wtedy),<\/span><\/li>\n<li style=\"font-weight: 400;\" aria-level=\"1\"><span style=\"font-weight: 400;\">w Izraelu, Omanie, Kuwejcie i nie tylko \u2013 21 marca,<\/span><\/li>\n<li style=\"font-weight: 400;\" aria-level=\"1\"><span style=\"font-weight: 400;\">w S\u0142owenii \u2013 25 marca,<\/span><\/li>\n<li style=\"font-weight: 400;\" aria-level=\"1\"><span style=\"font-weight: 400;\">w Portugalii, Hiszpanii, na W\u0119grzech czy Litwie w pierwsz\u0105 niedziel\u0119 maja,<\/span><\/li>\n<li style=\"font-weight: 400;\" aria-level=\"1\"><span style=\"font-weight: 400;\">w Korei Po\u0142udniowej \u2013 8 maja (jest to <\/span><i><span style=\"font-weight: 400;\">de facto<\/span><\/i><span style=\"font-weight: 400;\"> Dzie\u0144 Rodzic\u00f3w),<\/span><\/li>\n<li style=\"font-weight: 400;\" aria-level=\"1\"><span style=\"font-weight: 400;\">w Australii, Czechach, Danii, Ukrainie i ponad 70 innych krajach w drug\u0105 niedziel\u0119 maja,<\/span><\/li>\n<li style=\"font-weight: 400;\" aria-level=\"1\"><span style=\"font-weight: 400;\">w Boliwii \u2013 27 maja,<\/span><\/li>\n<li style=\"font-weight: 400;\" aria-level=\"1\"><span style=\"font-weight: 400;\">we Francji, Szwecji i kilku innych krajach w ostatni\u0105 niedziel\u0119 maja lub pierwsz\u0105 niedziel\u0119 czerwca,<\/span><\/li>\n<li style=\"font-weight: 400;\" aria-level=\"1\"><span style=\"font-weight: 400;\">w Tajlandii \u2013 12 sierpnia,<\/span><\/li>\n<li style=\"font-weight: 400;\" aria-level=\"1\"><span style=\"font-weight: 400;\">w Malawi w drugi poniedzia\u0142ek pa\u017adziernika,<\/span><\/li>\n<li style=\"font-weight: 400;\" aria-level=\"1\"><span style=\"font-weight: 400;\">w Indonezji \u2013 22 grudnia.<\/span><\/li>\n<\/ul>\n<p><span style=\"font-weight: 400;\">Jak widzisz, Dzie\u0144 Matki jest obchodzony na ca\u0142ym \u015bwiecie niemal przez ca\u0142y rok. Mo\u017cna wi\u0119c powiedzie\u0107, \u017ce ka\u017cdy dzie\u0144 jest dobry, by sprawi\u0107 mamie prezent. Tylko\u2026 jaki? Mamy dla Ciebie kilka pomys\u0142\u00f3w.<\/span><\/p>\n<\/div>\n            <\/div>\n        <\/div>\n    <\/div>\n<\/section>\n\n\n<section class=\"banner banner--layout-default section-margin-32\" >\n    <div class=\"container\">\n        <div class=\"row\">\n            <div class=\"col-24\">\n                <div class=\"banner__wrapper\">\n                                        <div class=\"banner__bg\">\n                        <img loading=\"lazy\" decoding=\"async\" width=\"1518\" height=\"498\" src=\"https:\/\/www.ebilet.pl\/now\/app\/uploads\/2024\/05\/mama.jpg\" class=\"attachment-full size-full\" alt=\"\" srcset=\"https:\/\/www.ebilet.pl\/now\/app\/uploads\/2024\/05\/mama.jpg 1518w, https:\/\/www.ebilet.pl\/now\/app\/uploads\/2024\/05\/mama-1024x336.jpg 1024w, https:\/\/www.ebilet.pl\/now\/app\/uploads\/2024\/05\/mama-1280x420.jpg 1280w, https:\/\/www.ebilet.pl\/now\/app\/uploads\/2024\/05\/mama-500x164.jpg 500w, https:\/\/www.ebilet.pl\/now\/app\/uploads\/2024\/05\/mama-632x207.jpg 632w\" sizes=\"(max-width: 1518px) 100vw, 1518px\" \/>                    <\/div>\n                                                                                                    <div class=\"banner__text\">\n                        <div class=\"banner__title typo-h2 f-700\">Mama w roli g\u0142\u00f3wnej<\/div>\n                        <p class=\"banner__desc typo-14\"><\/p>\n                    <\/div>\n                                                            <div class=\"banner__link\">\n                        <a\n                            class=\"button button--theme-primary-yellow \"\n                            href=\"https:\/\/www.ebilet.pl\/lp\/dzien-matki\"\n                        >\n                            <p class=\"button__text typo-18\">Sprawd\u017a<\/p>\n                                                    <\/a>\n                    <\/div>\n                                                        <\/div>\n            <\/div>\n        <\/div>\n    <\/div>\n<\/section>\n\n\n<section class=\"text-block  section-margin-32\" >\n    <div class=\"container\">\n        <div class=\"row\">\n            <div class=\"col-24\">\n                <div class=\"text-block__content\"><h2><strong>Co da\u0107 mamie na Dzie\u0144 Matki?<\/strong><\/h2>\n<p><b>W tym roku mamy to szcz\u0119\u015bcie, \u017ce <a href=\"https:\/\/www.ebilet.pl\/lp\/dzien-matki\">Dzie\u0144 Matki<\/a> wypada w niedziel\u0119. <\/b><span style=\"font-weight: 400;\">Jest wi\u0119c spora szansa na to, \u017ce zar\u00f3wno Ty, jak i Twoja mama (je\u015bli jeszcze pracuje) macie wolne. Mo\u017cecie spotka\u0107 si\u0119 na d\u0142u\u017csz\u0105 chwil\u0119 i sp\u0119dzi\u0107 mi\u0142o czas. Warto wi\u0119c podarowa\u0107 swojej rodzicielce do\u015bwiadczenie w postaci wyj\u015bcia na herbat\u0119 i ciasto, spaceru, koncertu, spektaklu teatralnego, zwiedzania muzeum itd.<\/span><\/p>\n<h3><strong>Zabierz mam\u0119 do teatru \u2013 spektakle teatralne na Dzie\u0144 Matki<\/strong><\/h3>\n<p><span style=\"font-weight: 400;\">Ka\u017cda mama ma inne zainteresowania, dlatego podczas wybierania bilet\u00f3w do teatru warto zastanowi\u0107 si\u0119,<\/span><b> jaki spektakl spodoba si\u0119 naszej mamie najbardziej<\/b><span style=\"font-weight: 400;\"> (komedia? dramat? a mo\u017ce spektakl muzyczny?) lub po prostu z ni\u0105 porozmawia\u0107. Na stronie eBilet znajdziesz w jednym miejscu najciekawsze sztuki teatralne, dzi\u0119ki czemu nie b\u0119dziesz musia\u0142 sprawdza\u0107 oferty ka\u017cdego teatru. Lekka opowie\u015b\u0107 &#8220;<a href=\"https:\/\/www.ebilet.pl\/teatr\/komedia\/nerwica-natrectw\">Nerwica natr\u0119ctw<\/a>&#8220;, komedia &#8220;<a href=\"https:\/\/www.ebilet.pl\/teatr\/komedia\/najdrozszy\">Najdro\u017cszy<\/a>&#8220;, &#8220;<a href=\"https:\/\/www.ebilet.pl\/teatr\/spektakle-muzyczne\/depesze\">Depesze<\/a>&#8221; dla fan\u00f3w Depeche Mode, komedia muzyczna &#8220;<a href=\"https:\/\/www.ebilet.pl\/teatr\/komedia\/piekna-lucynda\">Pi\u0119kna Lucynda<\/a>&#8220;, spektakl w trudnej tematyce &#8220;<a href=\"https:\/\/www.ebilet.pl\/teatr\/tragedia-dramat\/puste-miejsca\">Puste miejsca<\/a>&#8220;, a mo\u017ce sztuka o przyja\u017ani i mi\u0142o\u015bci &#8220;<a href=\"https:\/\/www.ebilet.pl\/teatr\/tragedia-dramat\/ogrodnik\">Ogrodnik<\/a>&#8221; \u2013 kt\u00f3r\u0105 z nich wybierzesz dla swojej mamy?<\/span><\/p>\n<\/div>\n            <\/div>\n        <\/div>\n    <\/div>\n<\/section>\n\n\n<blockquote class=\"tiktok-embed\" cite=\"https:\/\/www.tiktok.com\/@ebilet\/video\/7372110251564354849\" data-video-id=\"7372110251564354849\" style=\"max-width: 605px;min-width: 325px;\" > <section> <a target=\"_blank\" title=\"@ebilet\" href=\"https:\/\/www.tiktok.com\/@ebilet?refer=embed\" rel=\"noopener nofollow\">@ebilet<\/a> jaka jest twoja idealna piosenka dla mamy? :heart_hands::skin-tone-2: <a title=\"mama\" target=\"_blank\" href=\"https:\/\/www.tiktok.com\/tag\/mama?refer=embed\" rel=\"noopener nofollow\">#mama<\/a> <a title=\"dzienmamy\" target=\"_blank\" href=\"https:\/\/www.tiktok.com\/tag\/dzienmamy?refer=embed\" rel=\"noopener nofollow\">#dzienmamy<\/a> <a title=\"ebilet\" target=\"_blank\" href=\"https:\/\/www.tiktok.com\/tag\/ebilet?refer=embed\" rel=\"noopener nofollow\">#ebilet<\/a> <a title=\"taylorswift\" target=\"_blank\" href=\"https:\/\/www.tiktok.com\/tag\/taylorswift?refer=embed\" rel=\"noopener nofollow\">#taylorswift<\/a> <a title=\"2pac\" target=\"_blank\" href=\"https:\/\/www.tiktok.com\/tag\/2pac?refer=embed\" rel=\"noopener nofollow\">#2pac<\/a> <a title=\"backstreetboys\" target=\"_blank\" href=\"https:\/\/www.tiktok.com\/tag\/backstreetboys?refer=embed\" rel=\"noopener nofollow\">#backstreetboys<\/a> <a title=\"kortez\" target=\"_blank\" href=\"https:\/\/www.tiktok.com\/tag\/kortez?refer=embed\" rel=\"noopener nofollow\">#kortez<\/a> <a target=\"_blank\" title=\"\u266c original sound - eBilet:yellow_heart:\" href=\"https:\/\/www.tiktok.com\/music\/original-sound-7372110284179163936?refer=embed\" rel=\"noopener nofollow\">\u266c original sound &#8211; eBilet:yellow_heart:<\/a> <\/section> <\/blockquote> <script async src=\"https:\/\/www.tiktok.com\/embed.js\"><\/script>\n\n\n<section class=\"gap-block  section-margin-32 section-margin-32\"><\/section>\n\n\n    <section class=\"events-carousel-block  section-margin-32\"\n        data-events-carousel\n        data-settings='{\"per_view\":5}'\n        data-item-list-name=\"Karuzela niska Polecamy na eBilet\"\n        data-item-list-id=\"karuzela_niska Polecamy na eBilet\"\n        >\n        <div class=\"container\">\n                            <div class=\"row\">\n                    <div class=\"col-24\">\n                        <div class=\"events-carousel-block__title\">\n                            <h2 class=\"typo-h2\">Polecamy na eBilet<\/h2>\n                        <\/div>\n                    <\/div>\n                <\/div>\n                        <div class=\"row\">\n                <div class=\"col-24\">\n                    <div class=\"events-carousel-block__events\">\n                        <div class=\"events-carousel-block__nav events-carousel-block__nav--prev\">\n                            <div class=\"button button--withIcon button--theme-white-blur button--size-fixed-48\" data-events-carousel-prev>\n                                <span class=\"button__icon icon icon-chevron-left\"><\/span>\n                            <\/div>\n                        <\/div>\n                        <div class=\"events-carousel-block__nav events-carousel-block__nav--next\">\n                            <div class=\"button button--withIcon button--theme-white-blur button--size-fixed-48\" data-events-carousel-next>\n                                <span class=\"button__icon icon icon-chevron-right\"><\/span>\n                            <\/div>\n                        <\/div>\n                        <div class=\"events-carousel-block__slider swiper\" data-events-carousel-slider>\n                            <div class=\"events-carousel-block__sliderWrapper swiper-wrapper\">\n                                                                    <div class=\"events-carousel-block__sliderItem swiper-slide\"\n                                        data-id=\"101157\"\n                                        data-name=\"Prezent urodzinowy - nieprzewidywalna komedia z udzia\u0142em gwiazd\"\n                                        data-brand=\"Teatr Capitol\"\n                                        data-category=\"teatr\"\n                                        data-subcategory=\"komedia\"\n                                        data-city=\"Gda\u0144sk, \u0141\u00f3d\u017a, Pozna\u0144 i inne\"\n                                        data-venue=\"Teatr Capitol w Warszawie\">\n                                        \n<div class=\"card-event  card-event--size-small\">\n        <a href=\"https:\/\/www.ebilet.pl\/teatr\/komedia\/prezent-urodzinowy-spektakl\" target=\"_blank\" class=\"card-event__link\" rel=\"nofollow noopener\"><\/a>\n        <div class=\"card-event__wrapper\">\n        <div class=\"card-event__image\">\n            <img decoding=\"async\" src=\"https:\/\/www.ebilet.pl\/media\/cms\/media\/k2rlv5tv\/prezent_656x359.webp\" alt=\"\">\n        <\/div>\n        <div class=\"card-event__data\">\n            <div class=\"card-event__name\">\n                <p>Prezent urodzinowy &#8211; nieprzewidywalna komedia z udzia\u0142em gwiazd<\/p>\n            <\/div>\n            <div class=\"card-event__date\"><\/div>\n            <div class=\"card-event__location\">Gda\u0144sk, \u0141\u00f3d\u017a, Pozna\u0144 i inne<\/div>\n        <\/div>\n    <\/div>\n<\/div>                                    <\/div>\n                                                                    <div class=\"events-carousel-block__sliderItem swiper-slide\"\n                                        data-id=\"117690\"\n                                        data-name=\"SIX\"\n                                        data-brand=\"Teatr Syrena\"\n                                        data-category=\"teatr\"\n                                        data-subcategory=\"musicale\"\n                                        data-city=\"Warszawa\"\n                                        data-venue=\"Teatr Syrena w Warszawie\">\n                                        \n<div class=\"card-event  card-event--size-small\">\n        <a href=\"https:\/\/www.ebilet.pl\/teatr\/musicale\/six\" target=\"_blank\" class=\"card-event__link\" rel=\"nofollow noopener\"><\/a>\n        <div class=\"card-event__wrapper\">\n        <div class=\"card-event__image\">\n            <img decoding=\"async\" src=\"https:\/\/www.ebilet.pl\/media\/cms\/media\/lrglo1su\/six-656x369-1-c04324f4-787d-4529-8349-4c66e58461bb.webp\" alt=\"\">\n        <\/div>\n        <div class=\"card-event__data\">\n            <div class=\"card-event__name\">\n                <p>SIX<\/p>\n            <\/div>\n            <div class=\"card-event__date\"><\/div>\n            <div class=\"card-event__location\">Warszawa<\/div>\n        <\/div>\n    <\/div>\n<\/div>                                    <\/div>\n                                                                    <div class=\"events-carousel-block__sliderItem swiper-slide\"\n                                        data-id=\"6101\"\n                                        data-name=\"Nast\u0119pnego dnia rano\"\n                                        data-brand=\"Teatr Capitol\"\n                                        data-category=\"teatr\"\n                                        data-subcategory=\"komedia\"\n                                        data-city=\"Bydgoszcz, Warszawa\"\n                                        data-venue=\"Teatr Capitol w Warszawie\">\n                                        \n<div class=\"card-event  card-event--size-small\">\n        <a href=\"https:\/\/www.ebilet.pl\/teatr\/komedia\/nastepnego-dnia-rano\" target=\"_blank\" class=\"card-event__link\" rel=\"nofollow noopener\"><\/a>\n        <div class=\"card-event__wrapper\">\n        <div class=\"card-event__image\">\n            <img decoding=\"async\" src=\"https:\/\/www.ebilet.pl\/media\/cms\/media\/ouvbx0ri\/656x359-17114df2-feba-4259-b885-ade0fbba8a68.webp\" alt=\"\">\n        <\/div>\n        <div class=\"card-event__data\">\n            <div class=\"card-event__name\">\n                <p>Nast\u0119pnego dnia rano<\/p>\n            <\/div>\n            <div class=\"card-event__date\"><\/div>\n            <div class=\"card-event__location\">Bydgoszcz, Warszawa<\/div>\n        <\/div>\n    <\/div>\n<\/div>                                    <\/div>\n                                                                    <div class=\"events-carousel-block__sliderItem swiper-slide\"\n                                        data-id=\"132362\"\n                                        data-name=\"Petarda\"\n                                        data-brand=\"Teatr Kamienica\"\n                                        data-category=\"teatr\"\n                                        data-subcategory=\"komedia\"\n                                        data-city=\"Warszawa\"\n                                        data-venue=\"Teatr Kamienica w Warszawie\">\n                                        \n<div class=\"card-event  card-event--size-small\">\n        <a href=\"https:\/\/www.ebilet.pl\/teatr\/komedia\/petarda\" target=\"_blank\" class=\"card-event__link\" rel=\"nofollow noopener\"><\/a>\n        <div class=\"card-event__wrapper\">\n        <div class=\"card-event__image\">\n            <img decoding=\"async\" src=\"https:\/\/www.ebilet.pl\/media\/cms\/media\/bm1lhvmn\/656x369-14-98b9f3f6-d9f8-4ed6-aa24-e624be4e55a2.webp\" alt=\"\">\n        <\/div>\n        <div class=\"card-event__data\">\n            <div class=\"card-event__name\">\n                <p>Petarda<\/p>\n            <\/div>\n            <div class=\"card-event__date\"><\/div>\n            <div class=\"card-event__location\">Warszawa<\/div>\n        <\/div>\n    <\/div>\n<\/div>                                    <\/div>\n                                                                    <div class=\"events-carousel-block__sliderItem swiper-slide\"\n                                        data-id=\"200752\"\n                                        data-name=\"Wszyscy m\u00f3wi\u0105 o Jamiem\"\n                                        data-brand=\"Teatr Syrena\"\n                                        data-category=\"teatr\"\n                                        data-subcategory=\"musicale\"\n                                        data-city=\"Warszawa\"\n                                        data-venue=\"Teatr Syrena w Warszawie\">\n                                        \n<div class=\"card-event  card-event--size-small\">\n        <a href=\"https:\/\/www.ebilet.pl\/teatr\/musicale\/wszyscy-mowia-o-jamiem\" target=\"_blank\" class=\"card-event__link\" rel=\"nofollow noopener\"><\/a>\n        <div class=\"card-event__wrapper\">\n        <div class=\"card-event__image\">\n            <img decoding=\"async\" src=\"https:\/\/www.ebilet.pl\/media\/cms\/media\/wevf1ptp\/656-x-369.webp\" alt=\"\">\n        <\/div>\n        <div class=\"card-event__data\">\n            <div class=\"card-event__name\">\n                <p>Wszyscy m\u00f3wi\u0105 o Jamiem<\/p>\n            <\/div>\n            <div class=\"card-event__date\"><\/div>\n            <div class=\"card-event__location\">Warszawa<\/div>\n        <\/div>\n    <\/div>\n<\/div>                                    <\/div>\n                                                                    <div class=\"events-carousel-block__sliderItem swiper-slide\"\n                                        data-id=\"186039\"\n                                        data-name=\"P\u00f3\u0142 \u017cartem\u2026\"\n                                        data-brand=\"Teatr Capitol\"\n                                        data-category=\"teatr\"\n                                        data-subcategory=\"komedia\"\n                                        data-city=\"Warszawa\"\n                                        data-venue=\"Teatr Capitol w Warszawie\">\n                                        \n<div class=\"card-event  card-event--size-small\">\n        <a href=\"https:\/\/www.ebilet.pl\/teatr\/komedia\/pol-zartem\" target=\"_blank\" class=\"card-event__link\" rel=\"nofollow noopener\"><\/a>\n        <div class=\"card-event__wrapper\">\n        <div class=\"card-event__image\">\n            <img decoding=\"async\" src=\"https:\/\/www.ebilet.pl\/media\/cms\/media\/1vxlyt3h\/656x359_polzartem_obsada_ebilet-capitol-fe7516de-b1de-4977-a92f-08b3c354db29.webp\" alt=\"\">\n        <\/div>\n        <div class=\"card-event__data\">\n            <div class=\"card-event__name\">\n                <p>P\u00f3\u0142 \u017cartem\u2026<\/p>\n            <\/div>\n            <div class=\"card-event__date\"><\/div>\n            <div class=\"card-event__location\">Warszawa<\/div>\n        <\/div>\n    <\/div>\n<\/div>                                    <\/div>\n                                                                    <div class=\"events-carousel-block__sliderItem swiper-slide\"\n                                        data-id=\"42653\"\n                                        data-name=\"Bo\u017cyszcze Kobiet\"\n                                        data-brand=\"Teatr Capitol\"\n                                        data-category=\"teatr\"\n                                        data-subcategory=\"komedia\"\n                                        data-city=\"Gda\u0144sk, Krak\u00f3w, Lublin i inne\"\n                                        data-venue=\"Teatr Capitol w Warszawie\">\n                                        \n<div class=\"card-event  card-event--size-small\">\n        <a href=\"https:\/\/www.ebilet.pl\/teatr\/komedia\/bozyszcze-kobiet\" target=\"_blank\" class=\"card-event__link\" rel=\"nofollow noopener\"><\/a>\n        <div class=\"card-event__wrapper\">\n        <div class=\"card-event__image\">\n            <img decoding=\"async\" src=\"https:\/\/www.ebilet.pl\/media\/cms\/media\/qvsdhfov\/ebilet-656x359_1-bozyszcze-poprawki-27e0d1b7-04c7-400f-a336-077298cd777d.webp\" alt=\"\">\n        <\/div>\n        <div class=\"card-event__data\">\n            <div class=\"card-event__name\">\n                <p>Bo\u017cyszcze Kobiet<\/p>\n            <\/div>\n            <div class=\"card-event__date\"><\/div>\n            <div class=\"card-event__location\">Gda\u0144sk, Krak\u00f3w, Lublin i inne<\/div>\n        <\/div>\n    <\/div>\n<\/div>                                    <\/div>\n                                                                    <div class=\"events-carousel-block__sliderItem swiper-slide\"\n                                        data-id=\"176641\"\n                                        data-name=\"Wspania\u0142e Horyzonty\"\n                                        data-brand=\"Teatr 6.pi\u0119tro\"\n                                        data-category=\"teatr\"\n                                        data-subcategory=\"tragedia-dramat\"\n                                        data-city=\"Warszawa\"\n                                        data-venue=\"Teatr 6. pi\u0119tro w Warszawie\">\n                                        \n<div class=\"card-event  card-event--size-small\">\n        <a href=\"https:\/\/www.ebilet.pl\/teatr\/tragedia-dramat\/wspaniale-horyzonty\" target=\"_blank\" class=\"card-event__link\" rel=\"nofollow noopener\"><\/a>\n        <div class=\"card-event__wrapper\">\n        <div class=\"card-event__image\">\n            <img decoding=\"async\" src=\"https:\/\/www.ebilet.pl\/media\/cms\/media\/fm3pkyvw\/656x369-copy.webp\" alt=\"\">\n        <\/div>\n        <div class=\"card-event__data\">\n            <div class=\"card-event__name\">\n                <p>Wspania\u0142e Horyzonty<\/p>\n            <\/div>\n            <div class=\"card-event__date\"><\/div>\n            <div class=\"card-event__location\">Warszawa<\/div>\n        <\/div>\n    <\/div>\n<\/div>                                    <\/div>\n                                                                    <div class=\"events-carousel-block__sliderItem swiper-slide\"\n                                        data-id=\"203461\"\n                                        data-name=\"Malta Festival 2026: The Second Woman\"\n                                        data-brand=\"DFLIGHTS SP\u00d3\u0141KA Z OGRANICZON\u0104 ODPOWIEDZIALNO\u015aCI\u0104\"\n                                        data-category=\"teatr\"\n                                        data-subcategory=\"pozostale\"\n                                        data-city=\"Pozna\u0144\"\n                                        data-venue=\"MTP - Mi\u0119dzynarodowe Targi Pozna\u0144skie\">\n                                        \n<div class=\"card-event  card-event--size-small\">\n        <a href=\"https:\/\/www.ebilet.pl\/teatr\/pozostale\/the-second-woman\" target=\"_blank\" class=\"card-event__link\" rel=\"nofollow noopener\"><\/a>\n        <div class=\"card-event__wrapper\">\n        <div class=\"card-event__image\">\n            <img decoding=\"async\" src=\"https:\/\/www.ebilet.pl\/media\/cms\/media\/2tka5p05\/656x369-2026-03-25t135339826.webp\" alt=\"\">\n        <\/div>\n        <div class=\"card-event__data\">\n            <div class=\"card-event__name\">\n                <p>Malta Festival 2026: The Second Woman<\/p>\n            <\/div>\n            <div class=\"card-event__date\"><\/div>\n            <div class=\"card-event__location\">Pozna\u0144<\/div>\n        <\/div>\n    <\/div>\n<\/div>                                    <\/div>\n                                                                    <div class=\"events-carousel-block__sliderItem swiper-slide\"\n                                        data-id=\"187000\"\n                                        data-name=\"Genialny pomys\u0142\"\n                                        data-brand=\"Teatr Capitol\"\n                                        data-category=\"teatr\"\n                                        data-subcategory=\"komedia\"\n                                        data-city=\"Krak\u00f3w, Lublin, Pozna\u0144 i inne\"\n                                        data-venue=\"Teatr Capitol w Warszawie\">\n                                        \n<div class=\"card-event  card-event--size-small\">\n        <a href=\"https:\/\/www.ebilet.pl\/teatr\/komedia\/genialny-pomysl\" target=\"_blank\" class=\"card-event__link\" rel=\"nofollow noopener\"><\/a>\n        <div class=\"card-event__wrapper\">\n        <div class=\"card-event__image\">\n            <img decoding=\"async\" src=\"https:\/\/www.ebilet.pl\/media\/cms\/media\/yuslxjwp\/656x359-genialne_twarze-f30f14f4-8566-4b1f-81cd-8fa0d200eb11.webp\" alt=\"\">\n        <\/div>\n        <div class=\"card-event__data\">\n            <div class=\"card-event__name\">\n                <p>Genialny pomys\u0142<\/p>\n            <\/div>\n            <div class=\"card-event__date\"><\/div>\n            <div class=\"card-event__location\">Krak\u00f3w, Lublin, Pozna\u0144 i inne<\/div>\n        <\/div>\n    <\/div>\n<\/div>                                    <\/div>\n                                                            <\/div>\n                        <\/div>\n                    <\/div>\n                    <div class=\"events-carousel-block__pagination\">\n                        <div class=\"swiper-pagination slider-pagination\" data-events-carousel-pagination><\/div>\n                    <\/div>\n                <\/div>\n            <\/div>\n        <\/div>\n    <\/section>\n\n\n\n<section class=\"text-block  section-margin-32\" >\n    <div class=\"container\">\n        <div class=\"row\">\n            <div class=\"col-24\">\n                <div class=\"text-block__content\"><h3><strong>Miejsca pod scen\u0105 \u2013 koncerty na Dzie\u0144 Matki<\/strong><\/h3>\n<p><b>Jak\u0105 muzyk\u0119 lubi twoja mama?<\/b><span style=\"font-weight: 400;\"> Jeste\u015bmy pewni, \u017ce w Dzie\u0144 Matki (lub w jego okolicach) odb\u0119dzie si\u0119 koncert, kt\u00f3ry jej si\u0119 spodoba. B\u0119dzie <a href=\"https:\/\/www.ebilet.pl\/muzyka\/piosenka\/piotr-rubik-trasa\">Piotr Rubik<\/a> i jego s\u0142ynne &#8220;Niech m\u00f3wi\u0105, \u017ce to nie jest mi\u0142o\u015b\u0107\u2026&#8221;, <a href=\"https:\/\/www.ebilet.pl\/muzyka\/pop\/krystian-ochman\">Krystian Ochman<\/a>, <a href=\"https:\/\/www.ebilet.pl\/muzyka\/piosenka\/michal-bajor-koncert\">Micha\u0142 Bajor<\/a>, <a href=\"https:\/\/www.ebilet.pl\/muzyka\/piosenka\/andrzej-sikorowski\">Andrzej Sikorowski<\/a> z zespo\u0142em z okazji 50 lat na scenie, <a href=\"https:\/\/www.ebilet.pl\/muzyka\/rock\/the-machine-performs-pink-floyd\">Pink Floyd symfonicznie<\/a>, <a href=\"https:\/\/www.ebilet.pl\/muzyka\/pop\/francesco-napoli\">Francesco Napoli<\/a>, <a href=\"https:\/\/www.ebilet.pl\/muzyka\/pop\/lata90\">koncert muzyki lat 90<\/a>., <a href=\"https:\/\/www.ebilet.pl\/muzyka\/rock\/riverside\">Riverside<\/a> czy <a href=\"https:\/\/www.ebilet.pl\/muzyka\/pop\/michael-jackson-tribute-live-show\">Tribute Live Show Michael Jackson<\/a>.\u00a0<\/span><\/p>\n<p><b>Je\u015bli twoja mama lubi troch\u0119 ha\u0142asu, skakania i \u015bpiewania, to koniecznie zr\u00f3b jej t\u0105 przyjemno\u015b\u0107 i zabierz na koncert ulubionego wykonawcy.<\/b><\/p>\n<\/div>\n            <\/div>\n        <\/div>\n    <\/div>\n<\/section>\n\n\n    <section class=\"events-carousel-block  section-margin-32\"\n        data-events-carousel\n        data-settings='{\"per_view\":5}'\n        data-item-list-name=\"Karuzela niska Polecamy na eBilet\"\n        data-item-list-id=\"karuzela_niska Polecamy na eBilet\"\n        >\n        <div class=\"container\">\n                            <div class=\"row\">\n                    <div class=\"col-24\">\n                        <div class=\"events-carousel-block__title\">\n                            <h2 class=\"typo-h2\">Polecamy na eBilet<\/h2>\n                        <\/div>\n                    <\/div>\n                <\/div>\n                        <div class=\"row\">\n                <div class=\"col-24\">\n                    <div class=\"events-carousel-block__events\">\n                        <div class=\"events-carousel-block__nav events-carousel-block__nav--prev\">\n                            <div class=\"button button--withIcon button--theme-white-blur button--size-fixed-48\" data-events-carousel-prev>\n                                <span class=\"button__icon icon icon-chevron-left\"><\/span>\n                            <\/div>\n                        <\/div>\n                        <div class=\"events-carousel-block__nav events-carousel-block__nav--next\">\n                            <div class=\"button button--withIcon button--theme-white-blur button--size-fixed-48\" data-events-carousel-next>\n                                <span class=\"button__icon icon icon-chevron-right\"><\/span>\n                            <\/div>\n                        <\/div>\n                        <div class=\"events-carousel-block__slider swiper\" data-events-carousel-slider>\n                            <div class=\"events-carousel-block__sliderWrapper swiper-wrapper\">\n                                                                    <div class=\"events-carousel-block__sliderItem swiper-slide\"\n                                        data-id=\"13630\"\n                                        data-name=\"M\u0119skie Granie 2026\"\n                                        data-brand=\"LIVE Sp. z o.o.\"\n                                        data-category=\"muzyka\"\n                                        data-subcategory=\"festiwale\"\n                                        data-city=\"Gda\u0144sk, Krak\u00f3w, Pozna\u0144 i inne\"\n                                        data-venue=\"\u017bywiec Amfiteatr pod Grojcem\">\n                                        \n<div class=\"card-event  card-event--size-small\">\n        <a href=\"https:\/\/www.ebilet.pl\/muzyka\/festiwale\/meskie-granie\" target=\"_blank\" class=\"card-event__link\" rel=\"nofollow noopener\"><\/a>\n        <div class=\"card-event__wrapper\">\n        <div class=\"card-event__image\">\n            <img decoding=\"async\" src=\"https:\/\/www.ebilet.pl\/media\/cms\/media\/fl5hhucv\/656x369-11-78db817f-ad60-4332-b49a-e1c7a2e31068.webp\" alt=\"\">\n        <\/div>\n        <div class=\"card-event__data\">\n            <div class=\"card-event__name\">\n                <p>M\u0119skie Granie 2026<\/p>\n            <\/div>\n            <div class=\"card-event__date\"><\/div>\n            <div class=\"card-event__location\">Gda\u0144sk, Krak\u00f3w, Pozna\u0144 i inne<\/div>\n        <\/div>\n    <\/div>\n<\/div>                                    <\/div>\n                                                                    <div class=\"events-carousel-block__sliderItem swiper-slide\"\n                                        data-id=\"202354\"\n                                        data-name=\"Pekao Mastercard Przedsprzeda\u017c\"\n                                        data-brand=\"eBilet\"\n                                        data-category=\"muzyka\"\n                                        data-subcategory=\"pozostale\"\n                                        data-city=\"\"\n                                        data-venue=\"\">\n                                        \n<div class=\"card-event  card-event--size-small\">\n        <a href=\"https:\/\/www.ebilet.pl\/muzyka\/pozostale\/pekao-mastercard\" target=\"_blank\" class=\"card-event__link\" rel=\"nofollow noopener\"><\/a>\n        <div class=\"card-event__wrapper\">\n        <div class=\"card-event__image\">\n            <img decoding=\"async\" src=\"https:\/\/www.ebilet.pl\/media\/cms\/media\/ohloidts\/pekao_livenation_formaty_03_2026_pekao_livenation_656x369-1.webp\" alt=\"\">\n        <\/div>\n        <div class=\"card-event__data\">\n            <div class=\"card-event__name\">\n                <p>Pekao Mastercard Przedsprzeda\u017c<\/p>\n            <\/div>\n            <div class=\"card-event__date\"><\/div>\n            <div class=\"card-event__location\"><\/div>\n        <\/div>\n    <\/div>\n<\/div>                                    <\/div>\n                                                                    <div class=\"events-carousel-block__sliderItem swiper-slide\"\n                                        data-id=\"7104\"\n                                        data-name=\"Open&#039;er Festival 2026\"\n                                        data-brand=\"Alter Art\"\n                                        data-category=\"muzyka\"\n                                        data-subcategory=\"festiwale\"\n                                        data-city=\"Gdynia\"\n                                        data-venue=\"Lotnisko Gdynia - Kosakowo\">\n                                        \n<div class=\"card-event  card-event--size-small\">\n        <a href=\"https:\/\/www.ebilet.pl\/muzyka\/festiwale\/opener-festival\" target=\"_blank\" class=\"card-event__link\" rel=\"nofollow noopener\"><\/a>\n        <div class=\"card-event__wrapper\">\n        <div class=\"card-event__image\">\n            <img decoding=\"async\" src=\"https:\/\/www.ebilet.pl\/media\/cms\/media\/vr5l21om\/opener2026_ebilet_656x369-ee020a0f-2f31-4138-b4b2-04308c95f9f7.webp\" alt=\"\">\n        <\/div>\n        <div class=\"card-event__data\">\n            <div class=\"card-event__name\">\n                <p>Open&#8217;er Festival 2026<\/p>\n            <\/div>\n            <div class=\"card-event__date\"><\/div>\n            <div class=\"card-event__location\">Gdynia<\/div>\n        <\/div>\n    <\/div>\n<\/div>                                    <\/div>\n                                                                    <div class=\"events-carousel-block__sliderItem swiper-slide\"\n                                        data-id=\"5930\"\n                                        data-name=\"Audioriver Festival 2026\"\n                                        data-brand=\"Audioriver Sp. z o.o.\"\n                                        data-category=\"muzyka\"\n                                        data-subcategory=\"festiwale\"\n                                        data-city=\"\u0141\u00f3d\u017a\"\n                                        data-venue=\"B\u0142onia \u0141\u00f3dzkie\">\n                                        \n<div class=\"card-event  card-event--size-small\">\n        <a href=\"https:\/\/www.ebilet.pl\/muzyka\/festiwale\/audioriver\" target=\"_blank\" class=\"card-event__link\" rel=\"nofollow noopener\"><\/a>\n        <div class=\"card-event__wrapper\">\n        <div class=\"card-event__image\">\n            <img decoding=\"async\" src=\"https:\/\/www.ebilet.pl\/media\/cms\/media\/oefhuhli\/3th_reklama_1920x1080-2-1-22418960-f204-4827-a6d0-f25bd0cf6388.webp\" alt=\"\">\n        <\/div>\n        <div class=\"card-event__data\">\n            <div class=\"card-event__name\">\n                <p>Audioriver Festival 2026<\/p>\n            <\/div>\n            <div class=\"card-event__date\"><\/div>\n            <div class=\"card-event__location\">\u0141\u00f3d\u017a<\/div>\n        <\/div>\n    <\/div>\n<\/div>                                    <\/div>\n                                                                    <div class=\"events-carousel-block__sliderItem swiper-slide\"\n                                        data-id=\"87926\"\n                                        data-name=\"Miuosh x Zesp\u00f3\u0142 \u015al\u0105sk \u201cPie\u015bni Wsp\u00f3\u0142czesne Antologia\u201d\"\n                                        data-brand=\"FDGREC Sp. z o.o.\"\n                                        data-category=\"muzyka\"\n                                        data-subcategory=\"pozostale\"\n                                        data-city=\"Katowice\"\n                                        data-venue=\"Arena Katowice\">\n                                        \n<div class=\"card-event  card-event--size-small\">\n        <a href=\"https:\/\/www.ebilet.pl\/muzyka\/pozostale\/miuosh-zespol-slask\" target=\"_blank\" class=\"card-event__link\" rel=\"nofollow noopener\"><\/a>\n        <div class=\"card-event__wrapper\">\n        <div class=\"card-event__image\">\n            <img decoding=\"async\" src=\"https:\/\/www.ebilet.pl\/media\/cms\/media\/1slpexfq\/antologia_baner-ebilet-1-f9672839-77ed-4696-b7c3-337b635985b6.webp\" alt=\"\">\n        <\/div>\n        <div class=\"card-event__data\">\n            <div class=\"card-event__name\">\n                <p>Miuosh x Zesp\u00f3\u0142 \u015al\u0105sk \u201cPie\u015bni Wsp\u00f3\u0142czesne Antologia\u201d<\/p>\n            <\/div>\n            <div class=\"card-event__date\"><\/div>\n            <div class=\"card-event__location\">Katowice<\/div>\n        <\/div>\n    <\/div>\n<\/div>                                    <\/div>\n                                                                    <div class=\"events-carousel-block__sliderItem swiper-slide\"\n                                        data-id=\"7106\"\n                                        data-name=\"Dawid Kwiatkowski - Prosz\u0119 Ta\u0144cz Tour\"\n                                        data-brand=\"DB4 Production\"\n                                        data-category=\"muzyka\"\n                                        data-subcategory=\"pop\"\n                                        data-city=\"Gda\u0144sk, Katowice, \u0141\u00f3d\u017a i inne\"\n                                        data-venue=\"\">\n                                        \n<div class=\"card-event  card-event--size-small\">\n        <a href=\"https:\/\/www.ebilet.pl\/muzyka\/pop\/dawid-kwiatkowski\" target=\"_blank\" class=\"card-event__link\" rel=\"nofollow noopener\"><\/a>\n        <div class=\"card-event__wrapper\">\n        <div class=\"card-event__image\">\n            <img decoding=\"async\" src=\"https:\/\/www.ebilet.pl\/media\/cms\/media\/ivicf343\/dk-prosze-tan-cz-portalnewsletter-656x369-3978f00f-8708-46c7-9049-c40e21ff9dbf.webp\" alt=\"\">\n        <\/div>\n        <div class=\"card-event__data\">\n            <div class=\"card-event__name\">\n                <p>Dawid Kwiatkowski &#8211; Prosz\u0119 Ta\u0144cz Tour<\/p>\n            <\/div>\n            <div class=\"card-event__date\"><\/div>\n            <div class=\"card-event__location\">Gda\u0144sk, Katowice, \u0141\u00f3d\u017a i inne<\/div>\n        <\/div>\n    <\/div>\n<\/div>                                    <\/div>\n                                                                    <div class=\"events-carousel-block__sliderItem swiper-slide\"\n                                        data-id=\"8112\"\n                                        data-name=\"21. Tauron Nowa Muzyka Katowice 2026\"\n                                        data-brand=\"Fundacja Nowa Muzyka Katowice\"\n                                        data-category=\"muzyka\"\n                                        data-subcategory=\"festiwale\"\n                                        data-city=\"Katowice\"\n                                        data-venue=\"Narodowa Orkiestra Symfoniczna Polskiego Radia - NOSPR\">\n                                        \n<div class=\"card-event  card-event--size-small\">\n        <a href=\"https:\/\/www.ebilet.pl\/muzyka\/festiwale\/tauron-nowa-muzyka\" target=\"_blank\" class=\"card-event__link\" rel=\"nofollow noopener\"><\/a>\n        <div class=\"card-event__wrapper\">\n        <div class=\"card-event__image\">\n            <img decoding=\"async\" src=\"https:\/\/www.ebilet.pl\/media\/cms\/media\/xwbfv2dj\/tnmk2026_656x3691-05a78284-444d-41e4-aa7a-861926873909.webp\" alt=\"\">\n        <\/div>\n        <div class=\"card-event__data\">\n            <div class=\"card-event__name\">\n                <p>21. Tauron Nowa Muzyka Katowice 2026<\/p>\n            <\/div>\n            <div class=\"card-event__date\"><\/div>\n            <div class=\"card-event__location\">Katowice<\/div>\n        <\/div>\n    <\/div>\n<\/div>                                    <\/div>\n                                                                    <div class=\"events-carousel-block__sliderItem swiper-slide\"\n                                        data-id=\"120213\"\n                                        data-name=\"Sunrise Festival 2026\"\n                                        data-brand=\"MDT Production\"\n                                        data-category=\"muzyka\"\n                                        data-subcategory=\"festiwale\"\n                                        data-city=\"Ko\u0142obrzeg\"\n                                        data-venue=\"Amfiteatr w Ko\u0142obrzegu\">\n                                        \n<div class=\"card-event  card-event--size-small\">\n        <a href=\"https:\/\/www.ebilet.pl\/muzyka\/festiwale\/sunrise-festival\" target=\"_blank\" class=\"card-event__link\" rel=\"nofollow noopener\"><\/a>\n        <div class=\"card-event__wrapper\">\n        <div class=\"card-event__image\">\n            <img decoding=\"async\" src=\"https:\/\/www.ebilet.pl\/media\/cms\/media\/angl5kbr\/656x369-d0b31e2e-1bc2-4462-83e7-e3775d39e5bc.webp\" alt=\"\">\n        <\/div>\n        <div class=\"card-event__data\">\n            <div class=\"card-event__name\">\n                <p>Sunrise Festival 2026<\/p>\n            <\/div>\n            <div class=\"card-event__date\"><\/div>\n            <div class=\"card-event__location\">Ko\u0142obrzeg<\/div>\n        <\/div>\n    <\/div>\n<\/div>                                    <\/div>\n                                                                    <div class=\"events-carousel-block__sliderItem swiper-slide\"\n                                        data-id=\"80208\"\n                                        data-name=\"Smokie The Legacy Tour\"\n                                        data-brand=\"Inwestycje S.K.A \"\n                                        data-category=\"muzyka\"\n                                        data-subcategory=\"rock\"\n                                        data-city=\"Bydgoszcz, Katowice, Krak\u00f3w i inne\"\n                                        data-venue=\"Hala Spodek\">\n                                        \n<div class=\"card-event  card-event--size-small\">\n        <a href=\"https:\/\/www.ebilet.pl\/muzyka\/rock\/smokie\" target=\"_blank\" class=\"card-event__link\" rel=\"nofollow noopener\"><\/a>\n        <div class=\"card-event__wrapper\">\n        <div class=\"card-event__image\">\n            <img decoding=\"async\" src=\"https:\/\/www.ebilet.pl\/media\/cms\/media\/jaeevnbt\/smokie_656x369_ebilet.webp\" alt=\"\">\n        <\/div>\n        <div class=\"card-event__data\">\n            <div class=\"card-event__name\">\n                <p>Smokie The Legacy Tour<\/p>\n            <\/div>\n            <div class=\"card-event__date\"><\/div>\n            <div class=\"card-event__location\">Bydgoszcz, Katowice, Krak\u00f3w i inne<\/div>\n        <\/div>\n    <\/div>\n<\/div>                                    <\/div>\n                                                                    <div class=\"events-carousel-block__sliderItem swiper-slide\"\n                                        data-id=\"152042\"\n                                        data-name=\"Molesta Ewenement - XXX lat na scenie\"\n                                        data-brand=\"L2L Sp z o.o.\"\n                                        data-category=\"muzyka\"\n                                        data-subcategory=\"hip-hop-rap\"\n                                        data-city=\"Warszawa\"\n                                        data-venue=\"Letnia Scena Progresji\">\n                                        \n<div class=\"card-event  card-event--size-small\">\n        <a href=\"https:\/\/www.ebilet.pl\/muzyka\/hip-hop-rap\/molesta-ewenement\" target=\"_blank\" class=\"card-event__link\" rel=\"nofollow noopener\"><\/a>\n        <div class=\"card-event__wrapper\">\n        <div class=\"card-event__image\">\n            <img decoding=\"async\" src=\"https:\/\/www.ebilet.pl\/media\/cms\/media\/fdyko3ai\/656x369-9-ac9f4225-cd0e-449e-9308-08b6a72040c2.webp\" alt=\"\">\n        <\/div>\n        <div class=\"card-event__data\">\n            <div class=\"card-event__name\">\n                <p>Molesta Ewenement &#8211; XXX lat na scenie<\/p>\n            <\/div>\n            <div class=\"card-event__date\"><\/div>\n            <div class=\"card-event__location\">Warszawa<\/div>\n        <\/div>\n    <\/div>\n<\/div>                                    <\/div>\n                                                                    <div class=\"events-carousel-block__sliderItem swiper-slide\"\n                                        data-id=\"10086\"\n                                        data-name=\"Orange Warsaw Festival 2026\"\n                                        data-brand=\"Alter Art\"\n                                        data-category=\"muzyka\"\n                                        data-subcategory=\"festiwale\"\n                                        data-city=\"Warszawa\"\n                                        data-venue=\"Tor Wy\u015bcig\u00f3w Konnych Warszawa - S\u0142u\u017cewiec\">\n                                        \n<div class=\"card-event  card-event--size-small\">\n        <a href=\"https:\/\/www.ebilet.pl\/muzyka\/festiwale\/orange-warsaw-festival\" target=\"_blank\" class=\"card-event__link\" rel=\"nofollow noopener\"><\/a>\n        <div class=\"card-event__wrapper\">\n        <div class=\"card-event__image\">\n            <img decoding=\"async\" src=\"https:\/\/www.ebilet.pl\/media\/cms\/media\/m3xib5y5\/owf_2026_ebilet_656x369-266cc2fe-1046-41bb-b413-32325c34cbdd.webp\" alt=\"\">\n        <\/div>\n        <div class=\"card-event__data\">\n            <div class=\"card-event__name\">\n                <p>Orange Warsaw Festival 2026<\/p>\n            <\/div>\n            <div class=\"card-event__date\"><\/div>\n            <div class=\"card-event__location\">Warszawa<\/div>\n        <\/div>\n    <\/div>\n<\/div>                                    <\/div>\n                                                                    <div class=\"events-carousel-block__sliderItem swiper-slide\"\n                                        data-id=\"122369\"\n                                        data-name=\"Juwenalia Bia\u0142ystok 2026\"\n                                        data-brand=\"Stowarzyszenie Absolwent\u00f3w Politechniki Bia\u0142ostockiej\"\n                                        data-category=\"muzyka\"\n                                        data-subcategory=\"festiwale\"\n                                        data-city=\"Bia\u0142ystok\"\n                                        data-venue=\"Kampus Politechniki Bia\u0142ostockiej\">\n                                        \n<div class=\"card-event  card-event--size-small\">\n        <a href=\"https:\/\/www.ebilet.pl\/muzyka\/festiwale\/juwenalia-bialystok\" target=\"_blank\" class=\"card-event__link\" rel=\"nofollow noopener\"><\/a>\n        <div class=\"card-event__wrapper\">\n        <div class=\"card-event__image\">\n            <img decoding=\"async\" src=\"https:\/\/www.ebilet.pl\/media\/cms\/media\/oungwf4j\/zmiana_cen-5-cc77e8fd-f618-4375-93e6-ef0493d5df04.webp\" alt=\"\">\n        <\/div>\n        <div class=\"card-event__data\">\n            <div class=\"card-event__name\">\n                <p>Juwenalia Bia\u0142ystok 2026<\/p>\n            <\/div>\n            <div class=\"card-event__date\"><\/div>\n            <div class=\"card-event__location\">Bia\u0142ystok<\/div>\n        <\/div>\n    <\/div>\n<\/div>                                    <\/div>\n                                                                    <div class=\"events-carousel-block__sliderItem swiper-slide\"\n                                        data-id=\"88278\"\n                                        data-name=\"Bring Me The Horizon + Knocked Loose\"\n                                        data-brand=\"Knock Out Productions\"\n                                        data-category=\"muzyka\"\n                                        data-subcategory=\"rock\"\n                                        data-city=\"Krak\u00f3w\"\n                                        data-venue=\"TAURON Arena Krak\u00f3w\">\n                                        \n<div class=\"card-event  card-event--size-small\">\n        <a href=\"https:\/\/www.ebilet.pl\/muzyka\/rock\/bring-me-the-horizon\" target=\"_blank\" class=\"card-event__link\" rel=\"nofollow noopener\"><\/a>\n        <div class=\"card-event__wrapper\">\n        <div class=\"card-event__image\">\n            <img decoding=\"async\" src=\"https:\/\/www.ebilet.pl\/media\/cms\/media\/rmjnqvy5\/ah656x369-copy-7-kopia-3-copy-2-1-d5d36bd9-67fd-4890-974c-5f41d2c6dec4.webp\" alt=\"\">\n        <\/div>\n        <div class=\"card-event__data\">\n            <div class=\"card-event__name\">\n                <p>Bring Me The Horizon + Knocked Loose<\/p>\n            <\/div>\n            <div class=\"card-event__date\"><\/div>\n            <div class=\"card-event__location\">Krak\u00f3w<\/div>\n        <\/div>\n    <\/div>\n<\/div>                                    <\/div>\n                                                                    <div class=\"events-carousel-block__sliderItem swiper-slide\"\n                                        data-id=\"193741\"\n                                        data-name=\"Foo Fighters\"\n                                        data-brand=\"Live Nation\"\n                                        data-category=\"muzyka\"\n                                        data-subcategory=\"rock\"\n                                        data-city=\"Warszawa\"\n                                        data-venue=\"PGE Narodowy im. Kazimierza G\u00f3rskiego\">\n                                        \n<div class=\"card-event  card-event--size-small\">\n        <a href=\"https:\/\/www.ebilet.pl\/muzyka\/rock\/foo-fighters\" target=\"_blank\" class=\"card-event__link\" rel=\"nofollow noopener\"><\/a>\n        <div class=\"card-event__wrapper\">\n        <div class=\"card-event__image\">\n            <img decoding=\"async\" src=\"https:\/\/www.ebilet.pl\/media\/cms\/media\/ixqa54g4\/ff_656x369-dcde76f9-4504-400c-a7fe-87427df724c6.webp\" alt=\"\">\n        <\/div>\n        <div class=\"card-event__data\">\n            <div class=\"card-event__name\">\n                <p>Foo Fighters<\/p>\n            <\/div>\n            <div class=\"card-event__date\"><\/div>\n            <div class=\"card-event__location\">Warszawa<\/div>\n        <\/div>\n    <\/div>\n<\/div>                                    <\/div>\n                                                                    <div class=\"events-carousel-block__sliderItem swiper-slide\"\n                                        data-id=\"202460\"\n                                        data-name=\"Vanessa Paradis\"\n                                        data-brand=\"Live Nation\"\n                                        data-category=\"muzyka\"\n                                        data-subcategory=\"pop\"\n                                        data-city=\"Warszawa\"\n                                        data-venue=\"Klub Stodo\u0142a\">\n                                        \n<div class=\"card-event  card-event--size-small\">\n        <a href=\"https:\/\/www.ebilet.pl\/muzyka\/pop\/vanessa-paradis\" target=\"_blank\" class=\"card-event__link\" rel=\"nofollow noopener\"><\/a>\n        <div class=\"card-event__wrapper\">\n        <div class=\"card-event__image\">\n            <img decoding=\"async\" src=\"https:\/\/www.ebilet.pl\/media\/cms\/media\/wcyoxlt3\/vp_656x369-766d59e6-4e46-411b-a2a5-6ff265f6fc7f.webp\" alt=\"\">\n        <\/div>\n        <div class=\"card-event__data\">\n            <div class=\"card-event__name\">\n                <p>Vanessa Paradis<\/p>\n            <\/div>\n            <div class=\"card-event__date\"><\/div>\n            <div class=\"card-event__location\">Warszawa<\/div>\n        <\/div>\n    <\/div>\n<\/div>                                    <\/div>\n                                                                    <div class=\"events-carousel-block__sliderItem swiper-slide\"\n                                        data-id=\"202876\"\n                                        data-name=\"Symphoethnic\"\n                                        data-brand=\"E-Wagart sp. z o.o. \"\n                                        data-category=\"muzyka\"\n                                        data-subcategory=\"pop\"\n                                        data-city=\"Krak\u00f3w\"\n                                        data-venue=\"TAURON Arena Krak\u00f3w\">\n                                        \n<div class=\"card-event  card-event--size-small\">\n        <a href=\"https:\/\/www.ebilet.pl\/muzyka\/pop\/symphoethnic\" target=\"_blank\" class=\"card-event__link\" rel=\"nofollow noopener\"><\/a>\n        <div class=\"card-event__wrapper\">\n        <div class=\"card-event__image\">\n            <img decoding=\"async\" src=\"https:\/\/www.ebilet.pl\/media\/cms\/media\/4kjik2nz\/guo_656x369px-093f73b7-f777-42d9-8a1a-91a5151dc2e5.webp\" alt=\"\">\n        <\/div>\n        <div class=\"card-event__data\">\n            <div class=\"card-event__name\">\n                <p>Symphoethnic<\/p>\n            <\/div>\n            <div class=\"card-event__date\"><\/div>\n            <div class=\"card-event__location\">Krak\u00f3w<\/div>\n        <\/div>\n    <\/div>\n<\/div>                                    <\/div>\n                                                                    <div class=\"events-carousel-block__sliderItem swiper-slide\"\n                                        data-id=\"202003\"\n                                        data-name=\"WWOFF\"\n                                        data-brand=\"Muzk Festival Sp. z o.o.\"\n                                        data-category=\"muzyka\"\n                                        data-subcategory=\"hip-hop-rap\"\n                                        data-city=\"Warszawa\"\n                                        data-venue=\"Hala COS Torwar \">\n                                        \n<div class=\"card-event  card-event--size-small\">\n        <a href=\"https:\/\/www.ebilet.pl\/muzyka\/hip-hop-rap\/wwo\" target=\"_blank\" class=\"card-event__link\" rel=\"nofollow noopener\"><\/a>\n        <div class=\"card-event__wrapper\">\n        <div class=\"card-event__image\">\n            <img decoding=\"async\" src=\"https:\/\/www.ebilet.pl\/media\/cms\/media\/hzijg4oj\/portal-newsletter-656x369a-37901d9a-7619-42b2-b9ba-b365e831636e.webp\" alt=\"\">\n        <\/div>\n        <div class=\"card-event__data\">\n            <div class=\"card-event__name\">\n                <p>WWOFF<\/p>\n            <\/div>\n            <div class=\"card-event__date\"><\/div>\n            <div class=\"card-event__location\">Warszawa<\/div>\n        <\/div>\n    <\/div>\n<\/div>                                    <\/div>\n                                                                    <div class=\"events-carousel-block__sliderItem swiper-slide\"\n                                        data-id=\"68286\"\n                                        data-name=\"JWP\/BC Krew Tour\"\n                                        data-brand=\"Revolume Sp. z o.o.\"\n                                        data-category=\"muzyka\"\n                                        data-subcategory=\"hip-hop-rap\"\n                                        data-city=\"Gda\u0144sk, Katowice, Krak\u00f3w i inne\"\n                                        data-venue=\"Klub 2progi\">\n                                        \n<div class=\"card-event  card-event--size-small\">\n        <a href=\"https:\/\/www.ebilet.pl\/muzyka\/hip-hop-rap\/jwpbc\" target=\"_blank\" class=\"card-event__link\" rel=\"nofollow noopener\"><\/a>\n        <div class=\"card-event__wrapper\">\n        <div class=\"card-event__image\">\n            <img decoding=\"async\" src=\"https:\/\/www.ebilet.pl\/media\/cms\/media\/4blo0ecn\/jwp_tour656x369px-e5cef0c3-2901-404b-b1f9-bd3497582c9c.webp\" alt=\"\">\n        <\/div>\n        <div class=\"card-event__data\">\n            <div class=\"card-event__name\">\n                <p>JWP\/BC Krew Tour<\/p>\n            <\/div>\n            <div class=\"card-event__date\"><\/div>\n            <div class=\"card-event__location\">Gda\u0144sk, Katowice, Krak\u00f3w i inne<\/div>\n        <\/div>\n    <\/div>\n<\/div>                                    <\/div>\n                                                                    <div class=\"events-carousel-block__sliderItem swiper-slide\"\n                                        data-id=\"47958\"\n                                        data-name=\"Kazimiernikejszyn 2026\"\n                                        data-brand=\"KMK3 Sp. z o.o.\"\n                                        data-category=\"muzyka\"\n                                        data-subcategory=\"festiwale\"\n                                        data-city=\"Kazimierz Dolny\"\n                                        data-venue=\"Kamienio\u0142om\">\n                                        \n<div class=\"card-event  card-event--size-small\">\n        <a href=\"https:\/\/www.ebilet.pl\/muzyka\/festiwale\/kazimiernikejszyn\" target=\"_blank\" class=\"card-event__link\" rel=\"nofollow noopener\"><\/a>\n        <div class=\"card-event__wrapper\">\n        <div class=\"card-event__image\">\n            <img decoding=\"async\" src=\"https:\/\/www.ebilet.pl\/media\/cms\/media\/qqnhtgx5\/kmk26_ebilet_656x369n-eb4e2445-fb9a-40e5-8f34-11e1b5d16120.webp\" alt=\"\">\n        <\/div>\n        <div class=\"card-event__data\">\n            <div class=\"card-event__name\">\n                <p>Kazimiernikejszyn 2026<\/p>\n            <\/div>\n            <div class=\"card-event__date\"><\/div>\n            <div class=\"card-event__location\">Kazimierz Dolny<\/div>\n        <\/div>\n    <\/div>\n<\/div>                                    <\/div>\n                                                                    <div class=\"events-carousel-block__sliderItem swiper-slide\"\n                                        data-id=\"34833\"\n                                        data-name=\"Breaking Benjamin\"\n                                        data-brand=\"Winiary Bookings sp. z o. o.\"\n                                        data-category=\"muzyka\"\n                                        data-subcategory=\"rock\"\n                                        data-city=\"Warszawa\"\n                                        data-venue=\"Letnia Scena Progresji\">\n                                        \n<div class=\"card-event  card-event--size-small\">\n        <a href=\"https:\/\/www.ebilet.pl\/muzyka\/rock\/breaking-benjamin\" target=\"_blank\" class=\"card-event__link\" rel=\"nofollow noopener\"><\/a>\n        <div class=\"card-event__wrapper\">\n        <div class=\"card-event__image\">\n            <img decoding=\"async\" src=\"https:\/\/www.ebilet.pl\/media\/cms\/media\/yvrhmbq3\/breaking-benjamin-ebilet-strona-wydarzenia-poziom-warszawa-c3bd3287-0f56-44e4-b49c-c88ffb6ce712.webp\" alt=\"\">\n        <\/div>\n        <div class=\"card-event__data\">\n            <div class=\"card-event__name\">\n                <p>Breaking Benjamin<\/p>\n            <\/div>\n            <div class=\"card-event__date\"><\/div>\n            <div class=\"card-event__location\">Warszawa<\/div>\n        <\/div>\n    <\/div>\n<\/div>                                    <\/div>\n                                                            <\/div>\n                        <\/div>\n                    <\/div>\n                    <div class=\"events-carousel-block__pagination\">\n                        <div class=\"swiper-pagination slider-pagination\" data-events-carousel-pagination><\/div>\n                    <\/div>\n                <\/div>\n            <\/div>\n        <\/div>\n    <\/section>\n\n\n\n<section class=\"text-block  section-margin-32\" >\n    <div class=\"container\">\n        <div class=\"row\">\n            <div class=\"col-24\">\n                <div class=\"text-block__content\"><h3><strong>Troch\u0119 \u015bmiechu \u2013 kabarety na Dzie\u0144 Matki<\/strong><\/h3>\n<p><span style=\"font-weight: 400;\">Nasze mamy na co dzie\u0144 maj\u0105 mn\u00f3stwo trosk i problem\u00f3w. Nie warto ich rozpami\u0119tywa\u0107 w ten pi\u0119kny, majowy dzie\u0144 (cho\u0107 nikt tu nie m\u00f3wi, by mam nie wspiera\u0107!). <\/span><b>Zamiast tego warto zabra\u0107 mam\u0119 w inny \u015bwiat, w kt\u00f3rym mi\u0119\u015bnie twarzy zaczynaj\u0105 bole\u0107 od \u015bmiechu. A gdzie ten \u015bwiat jest? Na kabaretowej scenie! <\/b><span style=\"font-weight: 400;\">W okolicach Dnia Matki 2024 wyst\u0105pi\u0105 m.in. <a href=\"https:\/\/www.ebilet.pl\/widowiska\/kabarety\/kabaret-hrabi-i-goscie-symfonicznie\">Kabaret Hrabi<\/a> &amp; Go\u015bcie Symfonicznie, <a href=\"https:\/\/www.ebilet.pl\/widowiska\/kabarety\/kabaret-smile\">Kabaret Smile<\/a> (z Marylinem i Bo\u017cenk\u0105), <a href=\"https:\/\/www.ebilet.pl\/widowiska\/kabarety\/kabaret-nowaki\">Kabaret Nowaki<\/a>, <a href=\"https:\/\/www.ebilet.pl\/widowiska\/kabarety\/kabaret-skeczow-meczacych-jubileusz\">Kabaret Skecz\u00f3w M\u0119cz\u0105cych<\/a> ze specjalnym programem z okazji 20-lecia istnienia\u2026 a opr\u00f3cz tego na scenach stand upowych pojawi\u0105 si\u0119 m.in. <a href=\"https:\/\/www.ebilet.pl\/widowiska\/stand-up\/spotkanie-z-tomaszem-karolakiem\">Tomasz Karolak<\/a>, <a href=\"https:\/\/www.ebilet.pl\/widowiska\/stand-up\/pawel-domagala\">Pawe\u0142 Domaga\u0142a<\/a> i <a href=\"https:\/\/www.ebilet.pl\/widowiska\/stand-up\/lukasz-kaczmarczyk\">\u0141ukasz Kaczmarczyk<\/a>. Tylko uwa\u017caj, bo stand up to specyficzny humor. Mama ma si\u0119 dobrze bawi\u0107, a nie czu\u0107 za\u017cenowana. Dlatego w bilety zainwestuj tylko wtedy, gdy naprawd\u0119 lubi ogl\u0105da\u0107 stand up.<\/span><\/p>\n<\/div>\n            <\/div>\n        <\/div>\n    <\/div>\n<\/section>\n\n\n    <section class=\"events-carousel-block  section-margin-32\"\n        data-events-carousel\n        data-settings='{\"per_view\":5}'\n        data-item-list-name=\"Karuzela niska Polecamy na eBilet\"\n        data-item-list-id=\"karuzela_niska Polecamy na eBilet\"\n        >\n        <div class=\"container\">\n                            <div class=\"row\">\n                    <div class=\"col-24\">\n                        <div class=\"events-carousel-block__title\">\n                            <h2 class=\"typo-h2\">Polecamy na eBilet<\/h2>\n                        <\/div>\n                    <\/div>\n                <\/div>\n                        <div class=\"row\">\n                <div class=\"col-24\">\n                    <div class=\"events-carousel-block__events\">\n                        <div class=\"events-carousel-block__nav events-carousel-block__nav--prev\">\n                            <div class=\"button button--withIcon button--theme-white-blur button--size-fixed-48\" data-events-carousel-prev>\n                                <span class=\"button__icon icon icon-chevron-left\"><\/span>\n                            <\/div>\n                        <\/div>\n                        <div class=\"events-carousel-block__nav events-carousel-block__nav--next\">\n                            <div class=\"button button--withIcon button--theme-white-blur button--size-fixed-48\" data-events-carousel-next>\n                                <span class=\"button__icon icon icon-chevron-right\"><\/span>\n                            <\/div>\n                        <\/div>\n                        <div class=\"events-carousel-block__slider swiper\" data-events-carousel-slider>\n                            <div class=\"events-carousel-block__sliderWrapper swiper-wrapper\">\n                                                                    <div class=\"events-carousel-block__sliderItem swiper-slide\"\n                                        data-id=\"132950\"\n                                        data-name=\"Kabaret Skecz\u00f3w M\u0119cz\u0105cych &quot;Jeszcze nigdy nie by\u0142o tak dobrze - 20-lecie Kabaretu&quot;\"\n                                        data-brand=\"ESKANDER\"\n                                        data-category=\"widowiska\"\n                                        data-subcategory=\"kabarety\"\n                                        data-city=\"Jas\u0142o, Mielec, Rabka-Zdr\u00f3j i inne\"\n                                        data-venue=\"Hala widowiskowo-sportowa Halemba\">\n                                        \n<div class=\"card-event  card-event--size-small\">\n        <a href=\"https:\/\/www.ebilet.pl\/widowiska\/kabarety\/kabaret-skeczow-meczacych-jubileusz\" target=\"_blank\" class=\"card-event__link\" rel=\"nofollow noopener\"><\/a>\n        <div class=\"card-event__wrapper\">\n        <div class=\"card-event__image\">\n            <img decoding=\"async\" src=\"https:\/\/www.ebilet.pl\/media\/cms\/media\/hflbh4zc\/ksm_20-lecie_656x369-3-dc74fb7e-f1d1-4846-a276-d9729737b8cb.webp\" alt=\"\">\n        <\/div>\n        <div class=\"card-event__data\">\n            <div class=\"card-event__name\">\n                <p>Kabaret Skecz\u00f3w M\u0119cz\u0105cych &#8220;Jeszcze nigdy nie by\u0142o tak dobrze &#8211; 20-lecie Kabaretu&#8221;<\/p>\n            <\/div>\n            <div class=\"card-event__date\"><\/div>\n            <div class=\"card-event__location\">Jas\u0142o, Mielec, Rabka-Zdr\u00f3j i inne<\/div>\n        <\/div>\n    <\/div>\n<\/div>                                    <\/div>\n                                                                    <div class=\"events-carousel-block__sliderItem swiper-slide\"\n                                        data-id=\"42818\"\n                                        data-name=\"Maciej Stuhr: MAM TO WSZYSTKO W STANDUPIE!\"\n                                        data-brand=\"Adria Art\"\n                                        data-category=\"widowiska\"\n                                        data-subcategory=\"kabarety\"\n                                        data-city=\"Kielce, Warszawa\"\n                                        data-venue=\"Kieleckie Centrum Kultury\">\n                                        \n<div class=\"card-event  card-event--size-small\">\n        <a href=\"https:\/\/www.ebilet.pl\/widowiska\/kabarety\/maciej-stuhr\" target=\"_blank\" class=\"card-event__link\" rel=\"nofollow noopener\"><\/a>\n        <div class=\"card-event__wrapper\">\n        <div class=\"card-event__image\">\n            <img decoding=\"async\" src=\"https:\/\/www.ebilet.pl\/media\/cms\/media\/dxcjwv3u\/ebilet_656x369_maciej-stuhr-mam-to-wszystko-w-stand-upie-f04d8be6-823d-4886-afba-f2503b03a7f1.webp\" alt=\"\">\n        <\/div>\n        <div class=\"card-event__data\">\n            <div class=\"card-event__name\">\n                <p>Maciej Stuhr: MAM TO WSZYSTKO W STANDUPIE!<\/p>\n            <\/div>\n            <div class=\"card-event__date\"><\/div>\n            <div class=\"card-event__location\">Kielce, Warszawa<\/div>\n        <\/div>\n    <\/div>\n<\/div>                                    <\/div>\n                                                                    <div class=\"events-carousel-block__sliderItem swiper-slide\"\n                                        data-id=\"11117\"\n                                        data-name=\"Kabaret Ani Mru Mru \"\n                                        data-brand=\"KEREZA Krzysztof Wi\u015bniewski\"\n                                        data-category=\"widowiska\"\n                                        data-subcategory=\"kabarety\"\n                                        data-city=\"D\u0105browa G\u00f3rnicza, Katowice, Kielce i inne\"\n                                        data-venue=\"Kieleckie Centrum Kultury\">\n                                        \n<div class=\"card-event  card-event--size-small\">\n        <a href=\"https:\/\/www.ebilet.pl\/widowiska\/kabarety\/kabaret-ani-mru-mru\" target=\"_blank\" class=\"card-event__link\" rel=\"nofollow noopener\"><\/a>\n        <div class=\"card-event__wrapper\">\n        <div class=\"card-event__image\">\n            <img decoding=\"async\" src=\"https:\/\/www.ebilet.pl\/media\/cms\/media\/yxjehv1v\/656x369-ebilet-amm-6b5dd395-5de6-4e6f-9995-12cbc23a55cc.webp\" alt=\"\">\n        <\/div>\n        <div class=\"card-event__data\">\n            <div class=\"card-event__name\">\n                <p>Kabaret Ani Mru Mru <\/p>\n            <\/div>\n            <div class=\"card-event__date\"><\/div>\n            <div class=\"card-event__location\">D\u0105browa G\u00f3rnicza, Katowice, Kielce i inne<\/div>\n        <\/div>\n    <\/div>\n<\/div>                                    <\/div>\n                                                                    <div class=\"events-carousel-block__sliderItem swiper-slide\"\n                                        data-id=\"149215\"\n                                        data-name=\"Kabaret Moralnego Niepokoju - Normalne to to nie jest\"\n                                        data-brand=\"Adria Art\"\n                                        data-category=\"widowiska\"\n                                        data-subcategory=\"kabarety\"\n                                        data-city=\"\u0141om\u017ca, \u0141\u00f3d\u017a, Toru\u0144 i inne\"\n                                        data-venue=\"Dom Muzyki i Ta\u0144ca\">\n                                        \n<div class=\"card-event  card-event--size-small\">\n        <a href=\"https:\/\/www.ebilet.pl\/widowiska\/kabarety\/kabaret-moralnego-niepokoju-normalne-to-to-nie-jest\" target=\"_blank\" class=\"card-event__link\" rel=\"nofollow noopener\"><\/a>\n        <div class=\"card-event__wrapper\">\n        <div class=\"card-event__image\">\n            <img decoding=\"async\" src=\"https:\/\/www.ebilet.pl\/media\/cms\/media\/qg3pxpu3\/ebilet_656x369_kmn-normalne-to-to-nie-jest-25aa05a8-8456-4299-ae5b-0e92d648bec5.webp\" alt=\"\">\n        <\/div>\n        <div class=\"card-event__data\">\n            <div class=\"card-event__name\">\n                <p>Kabaret Moralnego Niepokoju &#8211; Normalne to to nie jest<\/p>\n            <\/div>\n            <div class=\"card-event__date\"><\/div>\n            <div class=\"card-event__location\">\u0141om\u017ca, \u0141\u00f3d\u017a, Toru\u0144 i inne<\/div>\n        <\/div>\n    <\/div>\n<\/div>                                    <\/div>\n                                                                    <div class=\"events-carousel-block__sliderItem swiper-slide\"\n                                        data-id=\"34605\"\n                                        data-name=\"Andrzej Poniedzielski - Jubileusz 50-lecia pracy tw\u00f3rczej i 70-lecie urodzin!\"\n                                        data-brand=\"Adria Art\"\n                                        data-category=\"widowiska\"\n                                        data-subcategory=\"kabarety\"\n                                        data-city=\"Gda\u0144sk, Gdynia, Olsztyn i inne\"\n                                        data-venue=\"Sala Koncertowa Zarz\u0105du Morskiego Portu Gdynia S.A.\">\n                                        \n<div class=\"card-event  card-event--size-small\">\n        <a href=\"https:\/\/www.ebilet.pl\/widowiska\/kabarety\/andrzej-poniedzielski\" target=\"_blank\" class=\"card-event__link\" rel=\"nofollow noopener\"><\/a>\n        <div class=\"card-event__wrapper\">\n        <div class=\"card-event__image\">\n            <img decoding=\"async\" src=\"https:\/\/www.ebilet.pl\/media\/cms\/media\/wuuhky4m\/656-x-369-px-7-30419ba4-cdd7-45d2-a919-83c3c61ed82c.webp\" alt=\"\">\n        <\/div>\n        <div class=\"card-event__data\">\n            <div class=\"card-event__name\">\n                <p>Andrzej Poniedzielski &#8211; Jubileusz 50-lecia pracy tw\u00f3rczej i 70-lecie urodzin!<\/p>\n            <\/div>\n            <div class=\"card-event__date\"><\/div>\n            <div class=\"card-event__location\">Gda\u0144sk, Gdynia, Olsztyn i inne<\/div>\n        <\/div>\n    <\/div>\n<\/div>                                    <\/div>\n                                                                    <div class=\"events-carousel-block__sliderItem swiper-slide\"\n                                        data-id=\"149841\"\n                                        data-name=\"Kabaret M\u0142odych Pan\u00f3w - Z \u017bartami Nie Ma \u017bart\u00f3w - 20-lecie\"\n                                        data-brand=\"ESKANDER\"\n                                        data-category=\"widowiska\"\n                                        data-subcategory=\"kabarety\"\n                                        data-city=\"Bi\u0142goraj, Elbl\u0105g, Ostr\u00f3w Wielkopolski i inne\"\n                                        data-venue=\"AQUA \u017bYRARD\u00d3W\">\n                                        \n<div class=\"card-event  card-event--size-small\">\n        <a href=\"https:\/\/www.ebilet.pl\/widowiska\/kabarety\/kabaret-mlodych-panow-jubileusz\" target=\"_blank\" class=\"card-event__link\" rel=\"nofollow noopener\"><\/a>\n        <div class=\"card-event__wrapper\">\n        <div class=\"card-event__image\">\n            <img decoding=\"async\" src=\"https:\/\/www.ebilet.pl\/media\/cms\/media\/slopdszr\/kmp_20lat_656x369-0fd06741-5229-4e65-8300-af91f6f51be4.webp\" alt=\"\">\n        <\/div>\n        <div class=\"card-event__data\">\n            <div class=\"card-event__name\">\n                <p>Kabaret M\u0142odych Pan\u00f3w &#8211; Z \u017bartami Nie Ma \u017bart\u00f3w &#8211; 20-lecie<\/p>\n            <\/div>\n            <div class=\"card-event__date\"><\/div>\n            <div class=\"card-event__location\">Bi\u0142goraj, Elbl\u0105g, Ostr\u00f3w Wielkopolski i inne<\/div>\n        <\/div>\n    <\/div>\n<\/div>                                    <\/div>\n                                                                    <div class=\"events-carousel-block__sliderItem swiper-slide\"\n                                        data-id=\"160280\"\n                                        data-name=\"Igor Kwiatkowski - Introwertyk\"\n                                        data-brand=\"ESKANDER\"\n                                        data-category=\"widowiska\"\n                                        data-subcategory=\"kabarety\"\n                                        data-city=\"Che\u0142m, D\u0119bica, Krak\u00f3w i inne\"\n                                        data-venue=\"Che\u0142mski Dom Kultury\">\n                                        \n<div class=\"card-event  card-event--size-small\">\n        <a href=\"https:\/\/www.ebilet.pl\/widowiska\/kabarety\/igor-kwiatkowski-nowy-program\" target=\"_blank\" class=\"card-event__link\" rel=\"nofollow noopener\"><\/a>\n        <div class=\"card-event__wrapper\">\n        <div class=\"card-event__image\">\n            <img decoding=\"async\" src=\"https:\/\/www.ebilet.pl\/media\/cms\/media\/hw5nj2ls\/igor_kwiatkowski_introwertyk_656x369-c8ce506b-1345-458f-9aaf-652a9f104a5b.webp\" alt=\"\">\n        <\/div>\n        <div class=\"card-event__data\">\n            <div class=\"card-event__name\">\n                <p>Igor Kwiatkowski &#8211; Introwertyk<\/p>\n            <\/div>\n            <div class=\"card-event__date\"><\/div>\n            <div class=\"card-event__location\">Che\u0142m, D\u0119bica, Krak\u00f3w i inne<\/div>\n        <\/div>\n    <\/div>\n<\/div>                                    <\/div>\n                                                                    <div class=\"events-carousel-block__sliderItem swiper-slide\"\n                                        data-id=\"154759\"\n                                        data-name=\"Kabaret Smile &quot;CONTRA&quot;\"\n                                        data-brand=\"KEREZA Krzysztof Wi\u015bniewski\"\n                                        data-category=\"widowiska\"\n                                        data-subcategory=\"kabarety\"\n                                        data-city=\"Bia\u0142ystok, Bi\u0142goraj, Bydgoszcz i inne\"\n                                        data-venue=\"Pu\u0142awski O\u015brodek Kultury Dom Chemika\">\n                                        \n<div class=\"card-event  card-event--size-small\">\n        <a href=\"https:\/\/www.ebilet.pl\/widowiska\/kabarety\/kabaret-smile-contra\" target=\"_blank\" class=\"card-event__link\" rel=\"nofollow noopener\"><\/a>\n        <div class=\"card-event__wrapper\">\n        <div class=\"card-event__image\">\n            <img decoding=\"async\" src=\"https:\/\/www.ebilet.pl\/media\/cms\/media\/psvj4tsd\/contra-656x369px-kopia-b25ec7be-0048-442f-9a68-6864edf8dcdb.webp\" alt=\"\">\n        <\/div>\n        <div class=\"card-event__data\">\n            <div class=\"card-event__name\">\n                <p>Kabaret Smile &#8220;CONTRA&#8221;<\/p>\n            <\/div>\n            <div class=\"card-event__date\"><\/div>\n            <div class=\"card-event__location\">Bia\u0142ystok, Bi\u0142goraj, Bydgoszcz i inne<\/div>\n        <\/div>\n    <\/div>\n<\/div>                                    <\/div>\n                                                                    <div class=\"events-carousel-block__sliderItem swiper-slide\"\n                                        data-id=\"162774\"\n                                        data-name=\"Kabaret Neo-N\u00f3wka: Pokolenie DNA - Nowy Program 2026\"\n                                        data-brand=\"QUALITIM Sp. z o.o.\"\n                                        data-category=\"widowiska\"\n                                        data-subcategory=\"kabarety\"\n                                        data-city=\"B\u0119dzin, Bielsko-Bia\u0142a, Che\u0142m i inne\"\n                                        data-venue=\"MOSiR Krosno\">\n                                        \n<div class=\"card-event  card-event--size-small\">\n        <a href=\"https:\/\/www.ebilet.pl\/widowiska\/kabarety\/kabaret-neo-nowka-nowy-program\" target=\"_blank\" class=\"card-event__link\" rel=\"nofollow noopener\"><\/a>\n        <div class=\"card-event__wrapper\">\n        <div class=\"card-event__image\">\n            <img decoding=\"async\" src=\"https:\/\/www.ebilet.pl\/media\/cms\/media\/kjapisyl\/dna-poziom1-89f3a3b2-11dc-467f-ba0c-fc35004290fb.webp\" alt=\"\">\n        <\/div>\n        <div class=\"card-event__data\">\n            <div class=\"card-event__name\">\n                <p>Kabaret Neo-N\u00f3wka: Pokolenie DNA &#8211; Nowy Program 2026<\/p>\n            <\/div>\n            <div class=\"card-event__date\"><\/div>\n            <div class=\"card-event__location\">B\u0119dzin, Bielsko-Bia\u0142a, Che\u0142m i inne<\/div>\n        <\/div>\n    <\/div>\n<\/div>                                    <\/div>\n                                                                    <div class=\"events-carousel-block__sliderItem swiper-slide\"\n                                        data-id=\"93077\"\n                                        data-name=\"Kabaret Nowaki - Mieli\u015bmy do tego nie wraca\u0107\"\n                                        data-brand=\"ESKANDER\"\n                                        data-category=\"widowiska\"\n                                        data-subcategory=\"kabarety\"\n                                        data-city=\"B\u0119dzin, Bielsko-Bia\u0142a, Jaworzno i inne\"\n                                        data-venue=\"Hala Widowiskowo-Sportowa w Nowej Soli\">\n                                        \n<div class=\"card-event  card-event--size-small\">\n        <a href=\"https:\/\/www.ebilet.pl\/widowiska\/kabarety\/kabaret-nowaki-nowy-program\" target=\"_blank\" class=\"card-event__link\" rel=\"nofollow noopener\"><\/a>\n        <div class=\"card-event__wrapper\">\n        <div class=\"card-event__image\">\n            <img decoding=\"async\" src=\"https:\/\/www.ebilet.pl\/media\/cms\/media\/lunj3box\/nowaki_mdtnw_656x369.webp\" alt=\"\">\n        <\/div>\n        <div class=\"card-event__data\">\n            <div class=\"card-event__name\">\n                <p>Kabaret Nowaki &#8211; Mieli\u015bmy do tego nie wraca\u0107<\/p>\n            <\/div>\n            <div class=\"card-event__date\"><\/div>\n            <div class=\"card-event__location\">B\u0119dzin, Bielsko-Bia\u0142a, Jaworzno i inne<\/div>\n        <\/div>\n    <\/div>\n<\/div>                                    <\/div>\n                                                                    <div class=\"events-carousel-block__sliderItem swiper-slide\"\n                                        data-id=\"6262\"\n                                        data-name=\"Artur Andrus - Recital kabaretowy\"\n                                        data-brand=\"Live Concert\"\n                                        data-category=\"widowiska\"\n                                        data-subcategory=\"kabarety\"\n                                        data-city=\"Kielce, P\u0142ock, Pszczyna i inne\"\n                                        data-venue=\"Pszczy\u0144skie Centrum Kultury\">\n                                        \n<div class=\"card-event  card-event--size-small\">\n        <a href=\"https:\/\/www.ebilet.pl\/widowiska\/kabarety\/artur-andrus-recital-kabaretowy\" target=\"_blank\" class=\"card-event__link\" rel=\"nofollow noopener\"><\/a>\n        <div class=\"card-event__wrapper\">\n        <div class=\"card-event__image\">\n            <img decoding=\"async\" src=\"https:\/\/www.ebilet.pl\/media\/cms\/media\/xmyebio0\/aa_recital_656x369.webp\" alt=\"\">\n        <\/div>\n        <div class=\"card-event__data\">\n            <div class=\"card-event__name\">\n                <p>Artur Andrus &#8211; Recital kabaretowy<\/p>\n            <\/div>\n            <div class=\"card-event__date\"><\/div>\n            <div class=\"card-event__location\">Kielce, P\u0142ock, Pszczyna i inne<\/div>\n        <\/div>\n    <\/div>\n<\/div>                                    <\/div>\n                                                                    <div class=\"events-carousel-block__sliderItem swiper-slide\"\n                                        data-id=\"6237\"\n                                        data-name=\"Piotr Ba\u0142troczyk Stand-up\"\n                                        data-brand=\"STAGE PRODUCTION GROUP SP. Z O.O. SP. KOMANDYTOWA\"\n                                        data-category=\"widowiska\"\n                                        data-subcategory=\"kabarety\"\n                                        data-city=\"\u0141\u00f3d\u017a, Pozna\u0144, Sopot i inne\"\n                                        data-venue=\"Tarasy przy Parku Wodnym Sopot\">\n                                        \n<div class=\"card-event  card-event--size-small\">\n        <a href=\"https:\/\/www.ebilet.pl\/widowiska\/kabarety\/piotr-baltroczyk-kabaret\" target=\"_blank\" class=\"card-event__link\" rel=\"nofollow noopener\"><\/a>\n        <div class=\"card-event__wrapper\">\n        <div class=\"card-event__image\">\n            <img decoding=\"async\" src=\"https:\/\/www.ebilet.pl\/media\/cms\/media\/kmakg2za\/baltorczyk_656x369-kopia-87eb319b-2cc4-42c4-a4a6-2b63e90d4d75.webp\" alt=\"\">\n        <\/div>\n        <div class=\"card-event__data\">\n            <div class=\"card-event__name\">\n                <p>Piotr Ba\u0142troczyk Stand-up<\/p>\n            <\/div>\n            <div class=\"card-event__date\"><\/div>\n            <div class=\"card-event__location\">\u0141\u00f3d\u017a, Pozna\u0144, Sopot i inne<\/div>\n        <\/div>\n    <\/div>\n<\/div>                                    <\/div>\n                                                                    <div class=\"events-carousel-block__sliderItem swiper-slide\"\n                                        data-id=\"169936\"\n                                        data-name=\"K2 - Jedziemy na luzie\"\n                                        data-brand=\"ESKANDER\"\n                                        data-category=\"widowiska\"\n                                        data-subcategory=\"kabarety\"\n                                        data-city=\"Nowy Tomy\u015bl, Zb\u0105szynek\"\n                                        data-venue=\"Nowotomyski O\u015brodek Kultury \">\n                                        \n<div class=\"card-event  card-event--size-small\">\n        <a href=\"https:\/\/www.ebilet.pl\/widowiska\/kabarety\/k2\" target=\"_blank\" class=\"card-event__link\" rel=\"nofollow noopener\"><\/a>\n        <div class=\"card-event__wrapper\">\n        <div class=\"card-event__image\">\n            <img decoding=\"async\" src=\"https:\/\/www.ebilet.pl\/media\/cms\/media\/aard140w\/k2_naluzie_656x369.webp\" alt=\"\">\n        <\/div>\n        <div class=\"card-event__data\">\n            <div class=\"card-event__name\">\n                <p>K2 &#8211; Jedziemy na luzie<\/p>\n            <\/div>\n            <div class=\"card-event__date\"><\/div>\n            <div class=\"card-event__location\">Nowy Tomy\u015bl, Zb\u0105szynek<\/div>\n        <\/div>\n    <\/div>\n<\/div>                                    <\/div>\n                                                                    <div class=\"events-carousel-block__sliderItem swiper-slide\"\n                                        data-id=\"188650\"\n                                        data-name=\"Kabaret hrAbi &amp; Go\u015bcie - Potemowe piosenki\"\n                                        data-brand=\"Sztukoteka\"\n                                        data-category=\"widowiska\"\n                                        data-subcategory=\"kabarety\"\n                                        data-city=\"Warszawa\"\n                                        data-venue=\"Scena Relax\">\n                                        \n<div class=\"card-event  card-event--size-small\">\n        <a href=\"https:\/\/www.ebilet.pl\/widowiska\/kabarety\/kabaret-potem\" target=\"_blank\" class=\"card-event__link\" rel=\"nofollow noopener\"><\/a>\n        <div class=\"card-event__wrapper\">\n        <div class=\"card-event__image\">\n            <img decoding=\"async\" src=\"https:\/\/www.ebilet.pl\/media\/cms\/media\/xnpjf3ql\/eb_656x369_kabaret-hrabi_potemowe-piosenki-d31e6996-bcb5-4970-83fe-897cf094ecee.webp\" alt=\"\">\n        <\/div>\n        <div class=\"card-event__data\">\n            <div class=\"card-event__name\">\n                <p>Kabaret hrAbi &#038; Go\u015bcie &#8211; Potemowe piosenki<\/p>\n            <\/div>\n            <div class=\"card-event__date\"><\/div>\n            <div class=\"card-event__location\">Warszawa<\/div>\n        <\/div>\n    <\/div>\n<\/div>                                    <\/div>\n                                                                    <div class=\"events-carousel-block__sliderItem swiper-slide\"\n                                        data-id=\"13655\"\n                                        data-name=\"Kabaret hrAbi &amp; Wojtek Kami\u0144ski - By\u0107 facetem\"\n                                        data-brand=\"Sztukoteka\"\n                                        data-category=\"widowiska\"\n                                        data-subcategory=\"kabarety\"\n                                        data-city=\"Bielsko-Bia\u0142a, D\u0105browa G\u00f3rnicza, Gdynia i inne\"\n                                        data-venue=\"Sala Koncertowa Radia Wroc\u0142aw\">\n                                        \n<div class=\"card-event  card-event--size-small\">\n        <a href=\"https:\/\/www.ebilet.pl\/widowiska\/kabarety\/kabaret-hrabi\" target=\"_blank\" class=\"card-event__link\" rel=\"nofollow noopener\"><\/a>\n        <div class=\"card-event__wrapper\">\n        <div class=\"card-event__image\">\n            <img decoding=\"async\" src=\"https:\/\/www.ebilet.pl\/media\/cms\/media\/4ikl0vjz\/ebilet_656x369_bycfacetem_t2-26590854-bbbf-40a8-bece-e6fcb29f4f9e.webp\" alt=\"\">\n        <\/div>\n        <div class=\"card-event__data\">\n            <div class=\"card-event__name\">\n                <p>Kabaret hrAbi &#038; Wojtek Kami\u0144ski &#8211; By\u0107 facetem<\/p>\n            <\/div>\n            <div class=\"card-event__date\"><\/div>\n            <div class=\"card-event__location\">Bielsko-Bia\u0142a, D\u0105browa G\u00f3rnicza, Gdynia i inne<\/div>\n        <\/div>\n    <\/div>\n<\/div>                                    <\/div>\n                                                                    <div class=\"events-carousel-block__sliderItem swiper-slide\"\n                                        data-id=\"174009\"\n                                        data-name=\"Polska Noc Kabaretowa 2026\"\n                                        data-brand=\"ESKANDER\"\n                                        data-category=\"widowiska\"\n                                        data-subcategory=\"kabarety\"\n                                        data-city=\"Bia\u0142ystok, Bielsko-Bia\u0142a, Bydgoszcz i inne\"\n                                        data-venue=\"Narodowe Centrum Polskiej Piosenki\">\n                                        \n<div class=\"card-event  card-event--size-small\">\n        <a href=\"https:\/\/www.ebilet.pl\/widowiska\/kabarety\/polska-noc-kabaretowa-2026\" target=\"_blank\" class=\"card-event__link\" rel=\"nofollow noopener\"><\/a>\n        <div class=\"card-event__wrapper\">\n        <div class=\"card-event__image\">\n            <img decoding=\"async\" src=\"https:\/\/www.ebilet.pl\/media\/cms\/media\/oydcva1h\/poziomn-acc881ad-17b5-4d2b-bac2-e39d5683964c.webp\" alt=\"\">\n        <\/div>\n        <div class=\"card-event__data\">\n            <div class=\"card-event__name\">\n                <p>Polska Noc Kabaretowa 2026<\/p>\n            <\/div>\n            <div class=\"card-event__date\"><\/div>\n            <div class=\"card-event__location\">Bia\u0142ystok, Bielsko-Bia\u0142a, Bydgoszcz i inne<\/div>\n        <\/div>\n    <\/div>\n<\/div>                                    <\/div>\n                                                                    <div class=\"events-carousel-block__sliderItem swiper-slide\"\n                                        data-id=\"12966\"\n                                        data-name=\"Kabaret Paranienormalni \u2013 nowy program \u201eOstre Ci\u0119cie\u201d\"\n                                        data-brand=\"Nowohuckie Centrum Kultury\"\n                                        data-category=\"widowiska\"\n                                        data-subcategory=\"kabarety\"\n                                        data-city=\"\u0141ask\"\n                                        data-venue=\"Columna Medica Hotel Klinika\">\n                                        \n<div class=\"card-event  card-event--size-small\">\n        <a href=\"https:\/\/www.ebilet.pl\/widowiska\/kabarety\/kabaret-paranienormalni\" target=\"_blank\" class=\"card-event__link\" rel=\"nofollow noopener\"><\/a>\n        <div class=\"card-event__wrapper\">\n        <div class=\"card-event__image\">\n            <img decoding=\"async\" src=\"https:\/\/www.ebilet.pl\/media\/cms\/media\/fo0dhnnz\/grafika_ostre_ciecie_656x369_px.webp\" alt=\"\">\n        <\/div>\n        <div class=\"card-event__data\">\n            <div class=\"card-event__name\">\n                <p>Kabaret Paranienormalni \u2013 nowy program \u201eOstre Ci\u0119cie\u201d<\/p>\n            <\/div>\n            <div class=\"card-event__date\"><\/div>\n            <div class=\"card-event__location\">\u0141ask<\/div>\n        <\/div>\n    <\/div>\n<\/div>                                    <\/div>\n                                                                    <div class=\"events-carousel-block__sliderItem swiper-slide\"\n                                        data-id=\"12978\"\n                                        data-name=\"Kabaret Skecz\u00f3w M\u0119cz\u0105cych: &quot;Wielcy wracaj\u0105&quot;\"\n                                        data-brand=\"ESKANDER\"\n                                        data-category=\"widowiska\"\n                                        data-subcategory=\"kabarety\"\n                                        data-city=\"Be\u0142chat\u00f3w, Nowy Targ, Skar\u017cysko-Kamienna\"\n                                        data-venue=\"Miejskie Centrum Kultury w Skar\u017cysku-Kamiennej\">\n                                        \n<div class=\"card-event  card-event--size-small\">\n        <a href=\"https:\/\/www.ebilet.pl\/widowiska\/kabarety\/kabaret-skeczow-meczacych\" target=\"_blank\" class=\"card-event__link\" rel=\"nofollow noopener\"><\/a>\n        <div class=\"card-event__wrapper\">\n        <div class=\"card-event__image\">\n            <img decoding=\"async\" src=\"https:\/\/www.ebilet.pl\/media\/cms\/media\/fvoa24ft\/ksm_wielcy_656x369-ef1cd1d0-d47d-4c22-9f94-a1b74380decc.webp\" alt=\"\">\n        <\/div>\n        <div class=\"card-event__data\">\n            <div class=\"card-event__name\">\n                <p>Kabaret Skecz\u00f3w M\u0119cz\u0105cych: &#8220;Wielcy wracaj\u0105&#8221;<\/p>\n            <\/div>\n            <div class=\"card-event__date\"><\/div>\n            <div class=\"card-event__location\">Be\u0142chat\u00f3w, Nowy Targ, Skar\u017cysko-Kamienna<\/div>\n        <\/div>\n    <\/div>\n<\/div>                                    <\/div>\n                                                                    <div class=\"events-carousel-block__sliderItem swiper-slide\"\n                                        data-id=\"203619\"\n                                        data-name=\"Bohdan \u0141azuka\"\n                                        data-brand=\"Bielskie Centrum Kultury im. Marii Koterbskiej\"\n                                        data-category=\"widowiska\"\n                                        data-subcategory=\"kabarety\"\n                                        data-city=\"Bielsko-Bia\u0142a\"\n                                        data-venue=\"Bielskie Centrum Kultury\">\n                                        \n<div class=\"card-event  card-event--size-small\">\n        <a href=\"https:\/\/www.ebilet.pl\/widowiska\/kabarety\/bohdan-lazuka\" target=\"_blank\" class=\"card-event__link\" rel=\"nofollow noopener\"><\/a>\n        <div class=\"card-event__wrapper\">\n        <div class=\"card-event__image\">\n            <img decoding=\"async\" src=\"https:\/\/www.ebilet.pl\/media\/cms\/media\/drqb3n3t\/_-_azuka-_-ebilet-1.webp\" alt=\"\">\n        <\/div>\n        <div class=\"card-event__data\">\n            <div class=\"card-event__name\">\n                <p>Bohdan \u0141azuka<\/p>\n            <\/div>\n            <div class=\"card-event__date\"><\/div>\n            <div class=\"card-event__location\">Bielsko-Bia\u0142a<\/div>\n        <\/div>\n    <\/div>\n<\/div>                                    <\/div>\n                                                                    <div class=\"events-carousel-block__sliderItem swiper-slide\"\n                                        data-id=\"49309\"\n                                        data-name=\"Krzysztof Daukszewicz - Hrabia wr\u00f3ci\u0142\"\n                                        data-brand=\"WIKART MA\u0141GORZATA WNUK\"\n                                        data-category=\"widowiska\"\n                                        data-subcategory=\"kabarety\"\n                                        data-city=\"Wroc\u0142aw\"\n                                        data-venue=\"Sala Koncertowa Radia Wroc\u0142aw\">\n                                        \n<div class=\"card-event  card-event--size-small\">\n        <a href=\"https:\/\/www.ebilet.pl\/widowiska\/kabarety\/krzysztof-daukszewicz\" target=\"_blank\" class=\"card-event__link\" rel=\"nofollow noopener\"><\/a>\n        <div class=\"card-event__wrapper\">\n        <div class=\"card-event__image\">\n            <img decoding=\"async\" src=\"https:\/\/www.ebilet.pl\/media\/cms\/media\/c41fjo1o\/krzysztof-daukszewicz-656-x-369-px-6f641487-f97f-41cf-8f76-9dc77888fb39.webp\" alt=\"\">\n        <\/div>\n        <div class=\"card-event__data\">\n            <div class=\"card-event__name\">\n                <p>Krzysztof Daukszewicz &#8211; Hrabia wr\u00f3ci\u0142<\/p>\n            <\/div>\n            <div class=\"card-event__date\"><\/div>\n            <div class=\"card-event__location\">Wroc\u0142aw<\/div>\n        <\/div>\n    <\/div>\n<\/div>                                    <\/div>\n                                                            <\/div>\n                        <\/div>\n                    <\/div>\n                    <div class=\"events-carousel-block__pagination\">\n                        <div class=\"swiper-pagination slider-pagination\" data-events-carousel-pagination><\/div>\n                    <\/div>\n                <\/div>\n            <\/div>\n        <\/div>\n    <\/section>\n\n\n\n<section class=\"text-block  section-margin-32\" >\n    <div class=\"container\">\n        <div class=\"row\">\n            <div class=\"col-24\">\n                <div class=\"text-block__content\"><h3><strong>Powr\u00f3t do klasyki \u2013 wydarzenia na Dzie\u0144 Matki<\/strong><\/h3>\n<p><b>Niekt\u00f3re mamy uwielbiaj\u0105 muzyk\u0119 klasyczn\u0105. <\/b><span style=\"font-weight: 400;\">Dla nich te\u017c znajdziemy koncert, na kt\u00f3rym sp\u0119dz\u0105 przyjemnie czas. W maju zaczynaj\u0105 si\u0119 Koncerty Chopinowskie. Mo\u017cesz te\u017c zabra\u0107 mam\u0119 na <a href=\"https:\/\/www.ebilet.pl\/klasyka\/koncert\/fryderyk-chopin-przy-swiecach\">Koncert przy \u015bwiecach w Sali Koncertowej Fryderyk<\/a>. Je\u015bli chcesz pokaza\u0107 mamie klasyk\u0119 po\u0142\u0105czon\u0105 z dzisiejszymi czasami, zabierz j\u0105 na koncert L.U.C. &amp; Rebel Babel Film Orchestra \u2013 Muzyka do filmu &#8220;<a href=\"https:\/\/www.ebilet.pl\/klasyka\/muzyka-filmowa\/muzyka-do-filmu-chlopi\">Ch\u0142opi<\/a>&#8221; (swoj\u0105 drog\u0105 na film te\u017c mo\u017cesz j\u0105 zabra\u0107).\u00a0<\/span><\/p>\n<h3><strong>A co\u015b innego? Gdzie warto zabra\u0107 mam\u0119 na Dzie\u0144 Matki?<\/strong><\/h3>\n<p><span style=\"font-weight: 400;\">Twoja mama mo\u017ce nie lubi\u0107 ha\u0142asu, a podczas tych wszystkich wydarze\u0144, o kt\u00f3rych wspomnieli\u015bmy, ha\u0142as w r\u00f3\u017cnej formie b\u0119dzie. O ile tobie mo\u017ce si\u0119 to podoba\u0107, tak twoja mama wyjdzie z koncertu czy spektaklu jeszcze bardziej zm\u0119czona. Dlatego proponujemy tak\u017ce<\/span><b> zwiedzanie pi\u0119knych miejsc, kt\u00f3re tylko na was czekaj\u0105. To tak\u017ce idealny prezent na Dzie\u0144 Matki dla tych bardziej aktywnych kobiet.\u00a0<\/b><\/p>\n<p><span style=\"font-weight: 400;\">W majowe soboty mo\u017cecie razem zwiedzi\u0107 Warszaw\u0119, podczas <\/span><b>wycieczki zabytkowym Og\u00f3rkiem. <\/b><span style=\"font-weight: 400;\">Na jednym z foteli czeka na was przewodnik, kt\u00f3ry opowie o najwa\u017cniejszych miejscach w mie\u015bcie. Jednym s\u0142owem: <a href=\"https:\/\/www.ebilet.pl\/rodzina\/pozostale\/warszawa-w-pigulce\">Warszawa w Pigu\u0142ce<\/a>.<\/span><\/p>\n<p><span style=\"font-weight: 400;\">Ten sam Og\u00f3rek mo\u017ce was zabra\u0107 tak\u017ce na wycieczk\u0119 po stolicy \u2013 <\/span><b><a href=\"https:\/\/www.ebilet.pl\/widowiska\/inne\/mroczna-strona-miasta\">Mroczna Strona Miasta<\/a>. <\/b><span style=\"font-weight: 400;\">Plan bazuje na powie\u015bci &#8216;Kr\u00f3l&#8217; Szczepana Twardocha. Odwiedzicie mroczne zau\u0142ki miasta i miejsca, w kt\u00f3rych odbywa\u0142a si\u0119 akcja ksi\u0105\u017cki. Dowiecie si\u0119 tak\u017ce, jak wygl\u0105da\u0142 przest\u0119pczy \u015bwiat dawnej Warszawy (czy handlowano tam \u017cywym towarem?). Je\u015bli twoja mama lubi krymina\u0142y i mroczne historie, to b\u0119dzie prze\u017cycie idealne dla niej.<\/span><\/p>\n<p><span style=\"font-weight: 400;\">Mo\u017cecie tak\u017ce zwiedzi\u0107 <\/span><b>Pa\u0142ac Kultury i Nauki w Warszawie, Muzeum Jana Paw\u0142a II i Prymasa Wyszy\u0144skiego w stolicy, zoo w P\u0142ocku lub we Wroc\u0142awiu, dworek Pi\u0142sudskiego w Sulej\u00f3wku i nie tylko.<\/b><strong>\u00a0<\/strong><\/p>\n<p><span style=\"font-weight: 400;\">Mo\u017cliwo\u015bci jest tak du\u017co, \u017ce na pewno znajdziesz trafiony w 100% prezent dla swojej mamy! Pami\u0119taj, \u017ce dla niej najwa\u017cniejszy jest czas sp\u0119dzony z tob\u0105 w przyjemnym otoczeniu.\u00a0<\/span><\/p>\n<\/div>\n            <\/div>\n        <\/div>\n    <\/div>\n<\/section>\n\n\n<section class=\"events-slider-block  section-margin-32\" data-events-slider-block data-carousel-title=\"Gor\u0105ce wydarzenia\" data-carousel-type=\"karuzela_z_t\u0142em\" data-item-list-name=\"Karuzela z t\u0142em Gor\u0105ce wydarzenia\" data-item-list-id=\"karuzela_z_t\u0142em Gor\u0105ce wydarzenia\" >\n    <div class=\"container\">\n        <div class=\"row\">\n            <div class=\"col-24\">\n                <div class=\"events-slider-block__wrapper\">\n                                            <div class=\"events-slider-block__bg\"><img loading=\"lazy\" decoding=\"async\" width=\"1920\" height=\"1080\" src=\"https:\/\/www.ebilet.pl\/now\/app\/uploads\/2024\/04\/shutterstock_1308510637.jpg\" class=\"attachment-full size-full\" alt=\"Fot.\" srcset=\"https:\/\/www.ebilet.pl\/now\/app\/uploads\/2024\/04\/shutterstock_1308510637.jpg 1920w, https:\/\/www.ebilet.pl\/now\/app\/uploads\/2024\/04\/shutterstock_1308510637-1024x576.jpg 1024w, https:\/\/www.ebilet.pl\/now\/app\/uploads\/2024\/04\/shutterstock_1308510637-1536x864.jpg 1536w, https:\/\/www.ebilet.pl\/now\/app\/uploads\/2024\/04\/shutterstock_1308510637-1280x720.jpg 1280w, https:\/\/www.ebilet.pl\/now\/app\/uploads\/2024\/04\/shutterstock_1308510637-500x281.jpg 500w, https:\/\/www.ebilet.pl\/now\/app\/uploads\/2024\/04\/shutterstock_1308510637-632x356.jpg 632w, https:\/\/www.ebilet.pl\/now\/app\/uploads\/2024\/04\/shutterstock_1308510637-308x174.jpg 308w\" sizes=\"(max-width: 1920px) 100vw, 1920px\" \/><\/div>\n                                                                <div class=\"events-slider-block__top\">\n                                                            <div class=\"events-slider-block__title desktop\">\n                                    <h2 class=\"typo-h2\">Gor\u0105ce wydarzenia<\/h2>\n                                <\/div>\n                                                                                        <div class=\"events-slider-block__title mobile\">\n                                    <h2 class=\"typo-h2\">Gor\u0105ce wydarzenia<\/h2>\n                                <\/div>\n                                                    <\/div>\n                                                                <div class=\"events-slider-block__main\">\n                            <div class=\"events-slider-block__nav events-slider-block__nav--prev\">\n                                <div class=\"button button--withIcon button--theme-white-blur button--size-fixed-48\" data-events-prev>\n                                    <span class=\"button__icon icon icon-chevron-left\"><\/span>\n                                <\/div>\n                            <\/div>\n                            <div class=\"events-slider-block__nav events-slider-block__nav--next\">\n                                <div class=\"button button--withIcon button--theme-white-blur button--size-fixed-48\" data-events-next>\n                                    <span class=\"button__icon icon icon-chevron-right\"><\/span>\n                                <\/div>\n                            <\/div>\n                            <div class=\"events-slider-block__slider\">\n                                <div class=\"swiper\" data-events-slider>\n                                    <div class=\"events-slider-block__sliderWrapper swiper-wrapper\">\n\n                                        \n                                            <div class=\"events-slider-block__sliderItem swiper-slide event-card\"\n                                                data-id=\"63906\"\n                                                data-name=\"MECZE TOWARZYSKIE REPREZENTACJI POLSKI\"\n                                                data-brand=\"Polska Siatk\u00f3wka Sp. z o.o.\"\n                                                data-category=\"sport\"\n                                                data-subcategory=\"sporty-druzynowe\"\n                                                data-city=\"\"\n                                                data-venue=\"\">\n                                                \n<div class=\"card-event  card-event--size-small\">\n        <a href=\"https:\/\/www.ebilet.pl\/sport\/sporty-druzynowe\/mecz-siatkowki\" target=\"_blank\" class=\"card-event__link\" rel=\"nofollow noopener\"><\/a>\n        <div class=\"card-event__wrapper\">\n        <div class=\"card-event__image\">\n            <img decoding=\"async\" src=\"https:\/\/www.ebilet.pl\/media\/cms\/media\/noehzaax\/turniej_552x736.webp\" alt=\"\">\n        <\/div>\n        <div class=\"card-event__data\">\n            <div class=\"card-event__name\">\n                <p>MECZE TOWARZYSKIE REPREZENTACJI POLSKI<\/p>\n            <\/div>\n            <div class=\"card-event__date\"><\/div>\n            <div class=\"card-event__location\"><\/div>\n        <\/div>\n    <\/div>\n<\/div>                                            <\/div>\n                                        \n                                            <div class=\"events-slider-block__sliderItem swiper-slide event-card\"\n                                                data-id=\"10672\"\n                                                data-name=\"Red Bull Drift Masters, Grand Finale 2026, Poland\"\n                                                data-brand=\"Drift Masters Grand Prix Sp. z o.o.\"\n                                                data-category=\"sport\"\n                                                data-subcategory=\"sporty-motorowe\"\n                                                data-city=\"Warszawa\"\n                                                data-venue=\"PGE Narodowy im. Kazimierza G\u00f3rskiego\">\n                                                \n<div class=\"card-event  card-event--size-small\">\n        <a href=\"https:\/\/www.ebilet.pl\/sport\/sporty-motorowe\/drift-masters\" target=\"_blank\" class=\"card-event__link\" rel=\"nofollow noopener\"><\/a>\n        <div class=\"card-event__wrapper\">\n        <div class=\"card-event__image\">\n            <img decoding=\"async\" src=\"https:\/\/www.ebilet.pl\/media\/cms\/media\/sz3ojwmd\/552x736-do-60kb-55f8db12-cfee-4159-a30d-647373ffe546.webp\" alt=\"\">\n        <\/div>\n        <div class=\"card-event__data\">\n            <div class=\"card-event__name\">\n                <p>Red Bull Drift Masters, Grand Finale 2026, Poland<\/p>\n            <\/div>\n            <div class=\"card-event__date\">11.09.2026-11.09.2026<\/div>\n            <div class=\"card-event__location\">Warszawa<\/div>\n        <\/div>\n    <\/div>\n<\/div>                                            <\/div>\n                                        \n                                            <div class=\"events-slider-block__sliderItem swiper-slide event-card\"\n                                                data-id=\"56007\"\n                                                data-name=\"The Casualties\"\n                                                data-brand=\"Winiary Bookings sp. z o. o.\"\n                                                data-category=\"muzyka\"\n                                                data-subcategory=\"rock\"\n                                                data-city=\"Krak\u00f3w, Pozna\u0144, Warszawa\"\n                                                data-venue=\"Klub Za\u015bcianek\">\n                                                \n<div class=\"card-event  card-event--size-small\">\n        <a href=\"https:\/\/www.ebilet.pl\/muzyka\/rock\/the-casualties\" target=\"_blank\" class=\"card-event__link\" rel=\"nofollow noopener\"><\/a>\n        <div class=\"card-event__wrapper\">\n        <div class=\"card-event__image\">\n            <img decoding=\"async\" src=\"https:\/\/www.ebilet.pl\/media\/cms\/media\/awfpdqxf\/the-casualties-ebilet-strona-wydarzenia-pion-wspo-lne-8c949b57-b57b-4ed1-9d3f-cbcd8bf0821c.webp\" alt=\"\">\n        <\/div>\n        <div class=\"card-event__data\">\n            <div class=\"card-event__name\">\n                <p>The Casualties<\/p>\n            <\/div>\n            <div class=\"card-event__date\">10.06.2026-10.06.2026<\/div>\n            <div class=\"card-event__location\">Krak\u00f3w, Pozna\u0144, Warszawa<\/div>\n        <\/div>\n    <\/div>\n<\/div>                                            <\/div>\n                                        \n                                            <div class=\"events-slider-block__sliderItem swiper-slide event-card\"\n                                                data-id=\"205471\"\n                                                data-name=\"N8noface\"\n                                                data-brand=\"Winiary Bookings sp. z o. o.\"\n                                                data-category=\"muzyka\"\n                                                data-subcategory=\"pozostale\"\n                                                data-city=\"Wroc\u0142aw\"\n                                                data-venue=\"Klub Muzyczny Liverpool\">\n                                                \n<div class=\"card-event  card-event--size-small\">\n        <a href=\"https:\/\/www.ebilet.pl\/muzyka\/pozostale\/n8noface\" target=\"_blank\" class=\"card-event__link\" rel=\"nofollow noopener\"><\/a>\n        <div class=\"card-event__wrapper\">\n        <div class=\"card-event__image\">\n            <img decoding=\"async\" src=\"https:\/\/www.ebilet.pl\/media\/cms\/media\/yffijpgm\/n8noface-ebilet-strona-wydarzenia-pion-wroc_aw-5141eda9-5eb5-4104-9c45-23ca90d7d5cb.webp\" alt=\"\">\n        <\/div>\n        <div class=\"card-event__data\">\n            <div class=\"card-event__name\">\n                <p>N8noface<\/p>\n            <\/div>\n            <div class=\"card-event__date\">02.08.2026-02.08.2026<\/div>\n            <div class=\"card-event__location\">Wroc\u0142aw<\/div>\n        <\/div>\n    <\/div>\n<\/div>                                            <\/div>\n                                        \n                                            <div class=\"events-slider-block__sliderItem swiper-slide event-card\"\n                                                data-id=\"169470\"\n                                                data-name=\"Morrissey\"\n                                                data-brand=\"Winiary Bookings sp. z o. o.\"\n                                                data-category=\"muzyka\"\n                                                data-subcategory=\"rock\"\n                                                data-city=\"Warszawa\"\n                                                data-venue=\"Letnia Scena Progresji\">\n                                                \n<div class=\"card-event  card-event--size-small\">\n        <a href=\"https:\/\/www.ebilet.pl\/muzyka\/rock\/morrissey\" target=\"_blank\" class=\"card-event__link\" rel=\"nofollow noopener\"><\/a>\n        <div class=\"card-event__wrapper\">\n        <div class=\"card-event__image\">\n            <img decoding=\"async\" src=\"https:\/\/www.ebilet.pl\/media\/cms\/media\/v0fhczer\/morrissey-ebilet-strona-wydarzenia-pion-warszawa-2b0fb3a5-f2dd-4773-8334-2fab1e2a5a89.webp\" alt=\"\">\n        <\/div>\n        <div class=\"card-event__data\">\n            <div class=\"card-event__name\">\n                <p>Morrissey<\/p>\n            <\/div>\n            <div class=\"card-event__date\">09.07.2026-09.07.2026<\/div>\n            <div class=\"card-event__location\">Warszawa<\/div>\n        <\/div>\n    <\/div>\n<\/div>                                            <\/div>\n                                        \n                                            <div class=\"events-slider-block__sliderItem swiper-slide event-card\"\n                                                data-id=\"88247\"\n                                                data-name=\"DKF Bariera\"\n                                                data-brand=\" ACKiM UMCS Chatka \u017baka\"\n                                                data-category=\"kino\"\n                                                data-subcategory=\"pozostale\"\n                                                data-city=\"Lublin\"\n                                                data-venue=\"ACKiM UMCS Chatka \u017baka\">\n                                                \n<div class=\"card-event  card-event--size-small\">\n        <a href=\"https:\/\/www.ebilet.pl\/kino\/pozostale\/dkf-bariera\" target=\"_blank\" class=\"card-event__link\" rel=\"nofollow noopener\"><\/a>\n        <div class=\"card-event__wrapper\">\n        <div class=\"card-event__image\">\n            <img decoding=\"async\" src=\"https:\/\/www.ebilet.pl\/media\/cms\/media\/tmcgaah4\/051-efd56a51-a067-4eca-aeec-2fd1ba79a110.webp\" alt=\"\">\n        <\/div>\n        <div class=\"card-event__data\">\n            <div class=\"card-event__name\">\n                <p>DKF Bariera<\/p>\n            <\/div>\n            <div class=\"card-event__date\">28.04.2026-28.04.2026<\/div>\n            <div class=\"card-event__location\">Lublin<\/div>\n        <\/div>\n    <\/div>\n<\/div>                                            <\/div>\n                                        \n                                            <div class=\"events-slider-block__sliderItem swiper-slide event-card\"\n                                                data-id=\"100746\"\n                                                data-name=\"Legia Warszawa Sezon 2025\/26 - mecze domowe\"\n                                                data-brand=\"Legia Warszawa Sekcja Koszyk\u00f3wki\"\n                                                data-category=\"sport\"\n                                                data-subcategory=\"sporty-druzynowe\"\n                                                data-city=\"Warszawa\"\n                                                data-venue=\"Hala Bemowo\">\n                                                \n<div class=\"card-event  card-event--size-small\">\n        <a href=\"https:\/\/www.ebilet.pl\/sport\/sporty-druzynowe\/legia-kosz\" target=\"_blank\" class=\"card-event__link\" rel=\"nofollow noopener\"><\/a>\n        <div class=\"card-event__wrapper\">\n        <div class=\"card-event__image\">\n            <img decoding=\"async\" src=\"https:\/\/www.ebilet.pl\/media\/cms\/media\/asxdsgjh\/bilety-na-3-89b6abdc-651e-4694-aa96-8a0afe038acb.webp\" alt=\"\">\n        <\/div>\n        <div class=\"card-event__data\">\n            <div class=\"card-event__name\">\n                <p>Legia Warszawa Sezon 2025\/26 &#8211; mecze domowe<\/p>\n            <\/div>\n            <div class=\"card-event__date\">06.05.2026-06.05.2026<\/div>\n            <div class=\"card-event__location\">Warszawa<\/div>\n        <\/div>\n    <\/div>\n<\/div>                                            <\/div>\n                                        \n                                            <div class=\"events-slider-block__sliderItem swiper-slide event-card\"\n                                                data-id=\"205234\"\n                                                data-name=\"Havok + Blood Red Throne + Xonor + Eradikated\"\n                                                data-brand=\"Knock Out Productions\"\n                                                data-category=\"muzyka\"\n                                                data-subcategory=\"hard-heavy\"\n                                                data-city=\"Warszawa\"\n                                                data-venue=\"Klub Hydrozagadka\">\n                                                \n<div class=\"card-event  card-event--size-small\">\n        <a href=\"https:\/\/www.ebilet.pl\/muzyka\/hard-heavy\/havok\" target=\"_blank\" class=\"card-event__link\" rel=\"nofollow noopener\"><\/a>\n        <div class=\"card-event__wrapper\">\n        <div class=\"card-event__image\">\n            <img decoding=\"async\" src=\"https:\/\/www.ebilet.pl\/media\/cms\/media\/qplddpee\/ah552x736-havok.webp\" alt=\"\">\n        <\/div>\n        <div class=\"card-event__data\">\n            <div class=\"card-event__name\">\n                <p>Havok + Blood Red Throne + Xonor + Eradikated<\/p>\n            <\/div>\n            <div class=\"card-event__date\">02.10.2026-02.10.2026<\/div>\n            <div class=\"card-event__location\">Warszawa<\/div>\n        <\/div>\n    <\/div>\n<\/div>                                            <\/div>\n                                        \n                                            <div class=\"events-slider-block__sliderItem swiper-slide event-card\"\n                                                data-id=\"128586\"\n                                                data-name=\"Zako\u0144czenie Sezonu 2025\/2026 z Zepter KPR Legionowo\"\n                                                data-brand=\"Klub Pi\u0142ki R\u0119cznej Legionowo Sp. z o.o.\"\n                                                data-category=\"sport\"\n                                                data-subcategory=\"sporty-druzynowe\"\n                                                data-city=\"Legionowo\"\n                                                data-venue=\"Arena Legionowo\">\n                                                \n<div class=\"card-event  card-event--size-small\">\n        <a href=\"https:\/\/www.ebilet.pl\/sport\/sporty-druzynowe\/kpr-legionowo\" target=\"_blank\" class=\"card-event__link\" rel=\"nofollow noopener\"><\/a>\n        <div class=\"card-event__wrapper\">\n        <div class=\"card-event__image\">\n            <img decoding=\"async\" src=\"https:\/\/www.ebilet.pl\/media\/cms\/media\/xhrluu4s\/portal-ebilet-1-1-1-1-2.webp\" alt=\"\">\n        <\/div>\n        <div class=\"card-event__data\">\n            <div class=\"card-event__name\">\n                <p>Zako\u0144czenie Sezonu 2025\/2026 z Zepter KPR Legionowo<\/p>\n            <\/div>\n            <div class=\"card-event__date\">02.05.2026-02.05.2026<\/div>\n            <div class=\"card-event__location\">Legionowo<\/div>\n        <\/div>\n    <\/div>\n<\/div>                                            <\/div>\n                                        \n                                            <div class=\"events-slider-block__sliderItem swiper-slide event-card\"\n                                                data-id=\"205634\"\n                                                data-name=\"Jalen Ngonda\"\n                                                data-brand=\"Live Nation\"\n                                                data-category=\"muzyka\"\n                                                data-subcategory=\"pozostale\"\n                                                data-city=\"Warszawa\"\n                                                data-venue=\"Palladium\">\n                                                \n<div class=\"card-event  card-event--size-small\">\n        <a href=\"https:\/\/www.ebilet.pl\/muzyka\/pozostale\/jalen-ngonda\" target=\"_blank\" class=\"card-event__link\" rel=\"nofollow noopener\"><\/a>\n        <div class=\"card-event__wrapper\">\n        <div class=\"card-event__image\">\n            <img decoding=\"async\" src=\"https:\/\/www.ebilet.pl\/media\/cms\/media\/1mshqau1\/jn_552x736-64f6cbd9-c5bc-4e76-854a-4da37e563b3a.webp\" alt=\"\">\n        <\/div>\n        <div class=\"card-event__data\">\n            <div class=\"card-event__name\">\n                <p>Jalen Ngonda<\/p>\n            <\/div>\n            <div class=\"card-event__date\">11.08.2026-11.08.2026<\/div>\n            <div class=\"card-event__location\">Warszawa<\/div>\n        <\/div>\n    <\/div>\n<\/div>                                            <\/div>\n                                        \n                                            <div class=\"events-slider-block__sliderItem swiper-slide event-card\"\n                                                data-id=\"125491\"\n                                                data-name=\"\u0141ydka Grubasa + Lej Mi P\u00f3\u0142\"\n                                                data-brand=\"Rockfan Bartosz Aleksander Krusznicki, \u0141ydka Grubasa\"\n                                                data-category=\"muzyka\"\n                                                data-subcategory=\"rock\"\n                                                data-city=\"Chorz\u00f3w\"\n                                                data-venue=\"Le\u015bnicz\u00f3wka Rock&#039;n&#039;Roll Cafe\">\n                                                \n<div class=\"card-event  card-event--size-small\">\n        <a href=\"https:\/\/www.ebilet.pl\/muzyka\/rock\/lydka-grubasa-koncert\" target=\"_blank\" class=\"card-event__link\" rel=\"nofollow noopener\"><\/a>\n        <div class=\"card-event__wrapper\">\n        <div class=\"card-event__image\">\n            <img decoding=\"async\" src=\"https:\/\/www.ebilet.pl\/media\/cms\/media\/llwbxnsq\/ebilet2.webp\" alt=\"\">\n        <\/div>\n        <div class=\"card-event__data\">\n            <div class=\"card-event__name\">\n                <p>\u0141ydka Grubasa + Lej Mi P\u00f3\u0142<\/p>\n            <\/div>\n            <div class=\"card-event__date\">06.06.2026-06.06.2026<\/div>\n            <div class=\"card-event__location\">Chorz\u00f3w<\/div>\n        <\/div>\n    <\/div>\n<\/div>                                            <\/div>\n                                        \n                                            <div class=\"events-slider-block__sliderItem swiper-slide event-card\"\n                                                data-id=\"173639\"\n                                                data-name=\"Koncert fortepianowy przy \u015bwiecach: Muzyka Filmowa \u2013 Hans Zimmer i inni\"\n                                                data-brand=\"Candle Live Music\"\n                                                data-category=\"klasyka\"\n                                                data-subcategory=\"muzyka-filmowa\"\n                                                data-city=\"Krak\u00f3w, Pozna\u0144, \u015awinouj\u015bcie i inne\"\n                                                data-venue=\"Miejski Dom Kultury w \u015awinouj\u015bciu\">\n                                                \n<div class=\"card-event  card-event--size-small\">\n        <a href=\"https:\/\/www.ebilet.pl\/klasyka\/muzyka-filmowa\/hans-zimmer-i-inni\" target=\"_blank\" class=\"card-event__link\" rel=\"nofollow noopener\"><\/a>\n        <div class=\"card-event__wrapper\">\n        <div class=\"card-event__image\">\n            <img decoding=\"async\" src=\"https:\/\/www.ebilet.pl\/media\/cms\/media\/nrol3c41\/koncert-fortepianowy-hans-zimmer-1-3ad215bc-2b1c-4a04-bdfe-d5454b311765.webp\" alt=\"\">\n        <\/div>\n        <div class=\"card-event__data\">\n            <div class=\"card-event__name\">\n                <p>Koncert fortepianowy przy \u015bwiecach: Muzyka Filmowa \u2013 Hans Zimmer i inni<\/p>\n            <\/div>\n            <div class=\"card-event__date\">09.05.2026-09.05.2026<\/div>\n            <div class=\"card-event__location\">Krak\u00f3w, Pozna\u0144, \u015awinouj\u015bcie i inne<\/div>\n        <\/div>\n    <\/div>\n<\/div>                                            <\/div>\n                                        \n                                            <div class=\"events-slider-block__sliderItem swiper-slide event-card\"\n                                                data-id=\"205426\"\n                                                data-name=\"Two Feet\"\n                                                data-brand=\"Alter Art\"\n                                                data-category=\"muzyka\"\n                                                data-subcategory=\"rock\"\n                                                data-city=\"Krak\u00f3w, Warszawa\"\n                                                data-venue=\"Klub Studio\">\n                                                \n<div class=\"card-event  card-event--size-small\">\n        <a href=\"https:\/\/www.ebilet.pl\/muzyka\/rock\/two-feet\" target=\"_blank\" class=\"card-event__link\" rel=\"nofollow noopener\"><\/a>\n        <div class=\"card-event__wrapper\">\n        <div class=\"card-event__image\">\n            <img decoding=\"async\" src=\"https:\/\/www.ebilet.pl\/media\/cms\/media\/ha4l5hjv\/two_feet_ebilet_552x736-629eacd1-4fb5-4747-bd12-b59d341bcc29.webp\" alt=\"\">\n        <\/div>\n        <div class=\"card-event__data\">\n            <div class=\"card-event__name\">\n                <p>Two Feet<\/p>\n            <\/div>\n            <div class=\"card-event__date\">10.08.2026-10.08.2026<\/div>\n            <div class=\"card-event__location\">Krak\u00f3w, Warszawa<\/div>\n        <\/div>\n    <\/div>\n<\/div>                                            <\/div>\n                                        \n                                            <div class=\"events-slider-block__sliderItem swiper-slide event-card\"\n                                                data-id=\"143658\"\n                                                data-name=\"Pan Savyan i Amarettos\"\n                                                data-brand=\"Bart\u0142omiej Cabo\u0144\"\n                                                data-category=\"muzyka\"\n                                                data-subcategory=\"pozostale\"\n                                                data-city=\"Warszawa\"\n                                                data-venue=\"Klub Hydrozagadka\">\n                                                \n<div class=\"card-event  card-event--size-small\">\n        <a href=\"https:\/\/www.ebilet.pl\/muzyka\/pozostale\/pan-savyan\" target=\"_blank\" class=\"card-event__link\" rel=\"nofollow noopener\"><\/a>\n        <div class=\"card-event__wrapper\">\n        <div class=\"card-event__image\">\n            <img decoding=\"async\" src=\"https:\/\/www.ebilet.pl\/media\/cms\/media\/aijh5wi5\/ps_-552-x-736-px.webp\" alt=\"\">\n        <\/div>\n        <div class=\"card-event__data\">\n            <div class=\"card-event__name\">\n                <p>Pan Savyan i Amarettos<\/p>\n            <\/div>\n            <div class=\"card-event__date\">03.06.2026-03.06.2026<\/div>\n            <div class=\"card-event__location\">Warszawa<\/div>\n        <\/div>\n    <\/div>\n<\/div>                                            <\/div>\n                                        \n                                            <div class=\"events-slider-block__sliderItem swiper-slide event-card\"\n                                                data-id=\"205487\"\n                                                data-name=\"Ranczowisko II - Festival 2026\"\n                                                data-brand=\"TARGREM SP\u00d3\u0141KA Z OGRANICZON\u0104 ODPOWIEDZIALNO\u015aCI\u0104\"\n                                                data-category=\"muzyka\"\n                                                data-subcategory=\"hip-hop-rap\"\n                                                data-city=\"Gniezno\"\n                                                data-venue=\"Ranczo Lider\">\n                                                \n<div class=\"card-event  card-event--size-small\">\n        <a href=\"https:\/\/www.ebilet.pl\/muzyka\/hip-hop-rap\/ranczowisko\" target=\"_blank\" class=\"card-event__link\" rel=\"nofollow noopener\"><\/a>\n        <div class=\"card-event__wrapper\">\n        <div class=\"card-event__image\">\n            <img decoding=\"async\" src=\"https:\/\/www.ebilet.pl\/media\/cms\/media\/lwqlp2wy\/552x736-15-36ffc8da-2dd5-44ff-a880-60d32657e81a.webp\" alt=\"\">\n        <\/div>\n        <div class=\"card-event__data\">\n            <div class=\"card-event__name\">\n                <p>Ranczowisko II &#8211; Festival 2026<\/p>\n            <\/div>\n            <div class=\"card-event__date\">13.06.2026-13.06.2026<\/div>\n            <div class=\"card-event__location\">Gniezno<\/div>\n        <\/div>\n    <\/div>\n<\/div>                                            <\/div>\n                                                                            <\/div>\n                                <\/div>\n                            <\/div>\n                            <div class=\"events-slider-block__events swiper\" data-events-events-descriptions>\n                                <div class=\"events-slider-block__eventsWrapper swiper-wrapper\">\n                                                                            <div class=\"events-slider-block__eventsItem swiper-slide\">\n                                            <a href=\"https:\/\/www.ebilet.pl\/sport\/sporty-druzynowe\/mecz-siatkowki\" target=\"_blank\" class=\"events-slider-block__eventsName\">\n                                                <p>MECZE TOWARZYSKIE REPREZENTACJI POLSKI<\/p>\n                                            <\/a>\n                                            <div class=\"events-slider-block__eventsDate\">01.01.1970-01.01.1970<\/div>\n                                            <div class=\"events-slider-block__eventsLocation\"><\/div>\n                                        <\/div>\n                                                                            <div class=\"events-slider-block__eventsItem swiper-slide\">\n                                            <a href=\"https:\/\/www.ebilet.pl\/sport\/sporty-motorowe\/drift-masters\" target=\"_blank\" class=\"events-slider-block__eventsName\">\n                                                <p>Red Bull Drift Masters, Grand Finale 2026, Poland<\/p>\n                                            <\/a>\n                                            <div class=\"events-slider-block__eventsDate\">11.09.2026-12.09.2026<\/div>\n                                            <div class=\"events-slider-block__eventsLocation\"><\/div>\n                                        <\/div>\n                                                                            <div class=\"events-slider-block__eventsItem swiper-slide\">\n                                            <a href=\"https:\/\/www.ebilet.pl\/muzyka\/rock\/the-casualties\" target=\"_blank\" class=\"events-slider-block__eventsName\">\n                                                <p>The Casualties<\/p>\n                                            <\/a>\n                                            <div class=\"events-slider-block__eventsDate\">10.06.2026-01.07.2026<\/div>\n                                            <div class=\"events-slider-block__eventsLocation\"><\/div>\n                                        <\/div>\n                                                                            <div class=\"events-slider-block__eventsItem swiper-slide\">\n                                            <a href=\"https:\/\/www.ebilet.pl\/muzyka\/pozostale\/n8noface\" target=\"_blank\" class=\"events-slider-block__eventsName\">\n                                                <p>N8noface<\/p>\n                                            <\/a>\n                                            <div class=\"events-slider-block__eventsDate\">02.08.2026-02.08.2026<\/div>\n                                            <div class=\"events-slider-block__eventsLocation\"><\/div>\n                                        <\/div>\n                                                                            <div class=\"events-slider-block__eventsItem swiper-slide\">\n                                            <a href=\"https:\/\/www.ebilet.pl\/muzyka\/rock\/morrissey\" target=\"_blank\" class=\"events-slider-block__eventsName\">\n                                                <p>Morrissey<\/p>\n                                            <\/a>\n                                            <div class=\"events-slider-block__eventsDate\">09.07.2026-09.07.2026<\/div>\n                                            <div class=\"events-slider-block__eventsLocation\"><\/div>\n                                        <\/div>\n                                                                            <div class=\"events-slider-block__eventsItem swiper-slide\">\n                                            <a href=\"https:\/\/www.ebilet.pl\/kino\/pozostale\/dkf-bariera\" target=\"_blank\" class=\"events-slider-block__eventsName\">\n                                                <p>DKF Bariera<\/p>\n                                            <\/a>\n                                            <div class=\"events-slider-block__eventsDate\">28.04.2026-09.06.2026<\/div>\n                                            <div class=\"events-slider-block__eventsLocation\"><\/div>\n                                        <\/div>\n                                                                            <div class=\"events-slider-block__eventsItem swiper-slide\">\n                                            <a href=\"https:\/\/www.ebilet.pl\/sport\/sporty-druzynowe\/legia-kosz\" target=\"_blank\" class=\"events-slider-block__eventsName\">\n                                                <p>Legia Warszawa Sezon 2025\/26 &#8211; mecze domowe<\/p>\n                                            <\/a>\n                                            <div class=\"events-slider-block__eventsDate\">06.05.2026-06.05.2026<\/div>\n                                            <div class=\"events-slider-block__eventsLocation\"><\/div>\n                                        <\/div>\n                                                                            <div class=\"events-slider-block__eventsItem swiper-slide\">\n                                            <a href=\"https:\/\/www.ebilet.pl\/muzyka\/hard-heavy\/havok\" target=\"_blank\" class=\"events-slider-block__eventsName\">\n                                                <p>Havok + Blood Red Throne + Xonor + Eradikated<\/p>\n                                            <\/a>\n                                            <div class=\"events-slider-block__eventsDate\">02.10.2026-02.10.2026<\/div>\n                                            <div class=\"events-slider-block__eventsLocation\"><\/div>\n                                        <\/div>\n                                                                            <div class=\"events-slider-block__eventsItem swiper-slide\">\n                                            <a href=\"https:\/\/www.ebilet.pl\/sport\/sporty-druzynowe\/kpr-legionowo\" target=\"_blank\" class=\"events-slider-block__eventsName\">\n                                                <p>Zako\u0144czenie Sezonu 2025\/2026 z Zepter KPR Legionowo<\/p>\n                                            <\/a>\n                                            <div class=\"events-slider-block__eventsDate\">02.05.2026-10.05.2026<\/div>\n                                            <div class=\"events-slider-block__eventsLocation\"><\/div>\n                                        <\/div>\n                                                                            <div class=\"events-slider-block__eventsItem swiper-slide\">\n                                            <a href=\"https:\/\/www.ebilet.pl\/muzyka\/pozostale\/jalen-ngonda\" target=\"_blank\" class=\"events-slider-block__eventsName\">\n                                                <p>Jalen Ngonda<\/p>\n                                            <\/a>\n                                            <div class=\"events-slider-block__eventsDate\">11.08.2026-11.08.2026<\/div>\n                                            <div class=\"events-slider-block__eventsLocation\"><\/div>\n                                        <\/div>\n                                                                            <div class=\"events-slider-block__eventsItem swiper-slide\">\n                                            <a href=\"https:\/\/www.ebilet.pl\/muzyka\/rock\/lydka-grubasa-koncert\" target=\"_blank\" class=\"events-slider-block__eventsName\">\n                                                <p>\u0141ydka Grubasa + Lej Mi P\u00f3\u0142<\/p>\n                                            <\/a>\n                                            <div class=\"events-slider-block__eventsDate\">06.06.2026-06.06.2026<\/div>\n                                            <div class=\"events-slider-block__eventsLocation\"><\/div>\n                                        <\/div>\n                                                                            <div class=\"events-slider-block__eventsItem swiper-slide\">\n                                            <a href=\"https:\/\/www.ebilet.pl\/klasyka\/muzyka-filmowa\/hans-zimmer-i-inni\" target=\"_blank\" class=\"events-slider-block__eventsName\">\n                                                <p>Koncert fortepianowy przy \u015bwiecach: Muzyka Filmowa \u2013 Hans Zimmer i inni<\/p>\n                                            <\/a>\n                                            <div class=\"events-slider-block__eventsDate\">09.05.2026-16.05.2026<\/div>\n                                            <div class=\"events-slider-block__eventsLocation\"><\/div>\n                                        <\/div>\n                                                                            <div class=\"events-slider-block__eventsItem swiper-slide\">\n                                            <a href=\"https:\/\/www.ebilet.pl\/muzyka\/rock\/two-feet\" target=\"_blank\" class=\"events-slider-block__eventsName\">\n                                                <p>Two Feet<\/p>\n                                            <\/a>\n                                            <div class=\"events-slider-block__eventsDate\">10.08.2026-12.08.2026<\/div>\n                                            <div class=\"events-slider-block__eventsLocation\"><\/div>\n                                        <\/div>\n                                                                            <div class=\"events-slider-block__eventsItem swiper-slide\">\n                                            <a href=\"https:\/\/www.ebilet.pl\/muzyka\/pozostale\/pan-savyan\" target=\"_blank\" class=\"events-slider-block__eventsName\">\n                                                <p>Pan Savyan i Amarettos<\/p>\n                                            <\/a>\n                                            <div class=\"events-slider-block__eventsDate\">03.06.2026-03.06.2026<\/div>\n                                            <div class=\"events-slider-block__eventsLocation\"><\/div>\n                                        <\/div>\n                                                                            <div class=\"events-slider-block__eventsItem swiper-slide\">\n                                            <a href=\"https:\/\/www.ebilet.pl\/muzyka\/hip-hop-rap\/ranczowisko\" target=\"_blank\" class=\"events-slider-block__eventsName\">\n                                                <p>Ranczowisko II &#8211; Festival 2026<\/p>\n                                            <\/a>\n                                            <div class=\"events-slider-block__eventsDate\">13.06.2026-13.06.2026<\/div>\n                                            <div class=\"events-slider-block__eventsLocation\"><\/div>\n                                        <\/div>\n                                                                    <\/div>\n                            <\/div>\n                            <div class=\"events-slider-block__pagination\">\n                                <div class=\"swiper-pagination slider-pagination slider-pagination--theme-white\" data-events-slider-pagination><\/div>\n                            <\/div>\n                        <\/div>\n                                        <div class=\"events-slider-block__bottom\">\n                                                                                <div class=\"events-slider-block__link desktop\">\n                                    <a class=\"button button--size-small button--theme-primary-yellow button--withIconLeft\" href=\"https:\/\/www.ebilet.pl\/\">\n                                                                                    <div class=\"button__icon\"><img loading=\"lazy\" decoding=\"async\" width=\"30\" height=\"30\" src=\"https:\/\/www.ebilet.pl\/now\/app\/uploads\/2024\/01\/ticket-cinema-entertainment-coupon-discount-sale_30px.png\" class=\"attachment-full size-full\" alt=\"\" \/><\/div>\n                                                                                <p class=\"button__text typo-18\">Kup na eBilet.pl<\/p>\n                                    <\/a>\n                                <\/div>\n                                                                                <div class=\"events-slider-block__link mobile\">\n                                    <a class=\"button button--size-small button--theme-primary-yellow button--withIconLeft\" href=\"https:\/\/www.ebilet.pl\/\">\n                                                                                    <div class=\"button__icon\"><img loading=\"lazy\" decoding=\"async\" width=\"30\" height=\"30\" src=\"https:\/\/www.ebilet.pl\/now\/app\/uploads\/2024\/01\/ticket-cinema-entertainment-coupon-discount-sale_30px.png\" class=\"attachment-full size-full\" alt=\"\" \/><\/div>\n                                                                                <p class=\"button__text typo-18\">Kup na eBilet.pl<\/p>\n                                    <\/a>\n                                <\/div>\n                                            <\/div>\n                <\/div>\n            <\/div>\n        <\/div>\n    <\/div>\n<\/section>","protected":false},"excerpt":{"rendered":"<p>Czy wiesz, \u017ce korzenie Dnia Matki si\u0119gaj\u0105 staro\u017cytno\u015bci? Co prawda wtedy czczono matki-boginie, ale jednak. Chrze\u015bcija\u0144stwo wypar\u0142o ten zwyczaj, ale uda\u0142o mu si\u0119 wr\u00f3ci\u0107 na salony jako &#8216;niedziela u matki&#8217; w \u015bredniowiecznej Anglii (ta forma przetrwa\u0142a do XIX wieku). Po II wojnie \u015bwiatowej Dzie\u0144 Matki przyj\u0105\u0142 tak\u0105 form\u0119, jak\u0105 znamy dzi\u015b. <\/p>\n","protected":false},"author":14,"featured_media":18650,"comment_status":"open","ping_status":"open","sticky":false,"template":"page-templates\/article-default.php","format":"standard","meta":{"_acf_changed":false,"footnotes":""},"article_tag":[88,297,298],"article_type":[5],"acf":[],"_links":{"self":[{"href":"https:\/\/www.ebilet.pl\/now\/wp-json\/wp\/v2\/posts\/18645"}],"collection":[{"href":"https:\/\/www.ebilet.pl\/now\/wp-json\/wp\/v2\/posts"}],"about":[{"href":"https:\/\/www.ebilet.pl\/now\/wp-json\/wp\/v2\/types\/post"}],"author":[{"embeddable":true,"href":"https:\/\/www.ebilet.pl\/now\/wp-json\/wp\/v2\/users\/14"}],"replies":[{"embeddable":true,"href":"https:\/\/www.ebilet.pl\/now\/wp-json\/wp\/v2\/comments?post=18645"}],"version-history":[{"count":2,"href":"https:\/\/www.ebilet.pl\/now\/wp-json\/wp\/v2\/posts\/18645\/revisions"}],"predecessor-version":[{"id":20102,"href":"https:\/\/www.ebilet.pl\/now\/wp-json\/wp\/v2\/posts\/18645\/revisions\/20102"}],"wp:featuredmedia":[{"embeddable":true,"href":"https:\/\/www.ebilet.pl\/now\/wp-json\/wp\/v2\/media\/18650"}],"wp:attachment":[{"href":"https:\/\/www.ebilet.pl\/now\/wp-json\/wp\/v2\/media?parent=18645"}],"wp:term":[{"taxonomy":"article_tag","embeddable":true,"href":"https:\/\/www.ebilet.pl\/now\/wp-json\/wp\/v2\/article_tag?post=18645"},{"taxonomy":"article_type","embeddable":true,"href":"https:\/\/www.ebilet.pl\/now\/wp-json\/wp\/v2\/article_type?post=18645"}],"curies":[{"name":"wp","href":"https:\/\/api.w.org\/{rel}","templated":true}]}}