{"id":18550,"date":"2024-05-18T18:25:05","date_gmt":"2024-05-18T17:25:05","guid":{"rendered":"https:\/\/www.ebilet.pl\/now\/?p=18550"},"modified":"2024-06-13T16:37:35","modified_gmt":"2024-06-13T15:37:35","slug":"jak-wymawiac-pisac-odmieniac-selena-gomez","status":"publish","type":"post","link":"https:\/\/www.ebilet.pl\/now\/jak-wymawiac-pisac-odmieniac-selena-gomez\/","title":{"rendered":"Jak wymawia\u0107, pisa\u0107, odmienia\u0107 Selena Gomez?"},"content":{"rendered":"\n<section class=\"text-block  section-margin-32\" >\n    <div class=\"container\">\n        <div class=\"row\">\n            <div class=\"col-24\">\n                <div class=\"text-block__content\"><h2><strong>Jak wymawia\u0107 Selena Gomez?<\/strong><\/h2>\n<p><span style=\"font-weight: 400;\">Selena Gomez urodzi\u0142a si\u0119 w Teksasie (Stany Zjednoczone). <\/span><b>Jest wi\u0119c Amerykank\u0105, ale jej korzenie s\u0105 nieco inne. <\/b><span style=\"font-weight: 400;\">Jej matka, Amanda Dawn Cornett ma ameryka\u0144sko-w\u0142oskie korzenie, a ojciec \u2013 Ricardo Joel Gomez \u2013 meksyka\u0144skie.<\/span><b> Nadali oni swojej c\u00f3rce imi\u0119 Selena na cz\u0119\u015b\u0107 wokalistki muzyki tejano<\/b><span style=\"font-weight: 400;\"> (tutaj wszystko komplikuje si\u0119 jeszcze bardziej, bo jest to muzyka ameryka\u0144sko-meksyka\u0144ska z elementami hiszpa\u0144skimi oraz z tanecznymi rytmami z Niemiec, Austrii i Czech). Owa Selena by\u0142a piosenkark\u0105 meksyka\u0144sko-ameryka\u0144sk\u0105, a jej imi\u0119 wymawiano: \/se\u02c8lena\/, czyli <\/span><i><span style=\"font-weight: 400;\">selena<\/span><\/i><span style=\"font-weight: 400;\"> (z akcentem na &#8216;le&#8217;).<\/span><b> W przypadku Seleny Gomez wymowa jest jednak inna:<\/b><\/p>\n<ul>\n<li style=\"font-weight: 400;\" aria-level=\"1\"><span style=\"font-weight: 400;\">zgodnie z zasadami angielskiego (RP):<\/span><b> \/s\u026a\u02c8li\u02d0n\u0259\/, czyli <\/b><b><i>syliina<\/i><\/b> <span style=\"font-weight: 400;\">(\/\u026a\/ to kr\u00f3tkie \/i\/, kt\u00f3re brzmi jak co\u015b pomi\u0119dzy \/i\/ oraz \/y\/, \/i\u02d0\/ to d\u0142ugie \/i\/, czyli \/ii\/, \/\u0259\/ to szwa, czyli taki zanikaj\u0105cy d\u017awi\u0119k mi\u0119dzy \/a\/ i \/e\/),\u00a0<\/span><\/li>\n<li style=\"font-weight: 400;\" aria-level=\"1\"><span style=\"font-weight: 400;\">zgodnie z zasadami ameryka\u0144skiego:<\/span><b> \/s\u0259\u02c8lin\u0259\/, czyli <\/b><b><i>selina<\/i><\/b><span style=\"font-weight: 400;\">, z bardzo kr\u00f3tkimi \/e\/ i \/a\/ (dwa razy wyst\u0119puje tutaj \/\u0259\/. W obu przypadkach jest to bardzo kr\u00f3tki d\u017awi\u0119k).\u00a0<\/span><\/li>\n<\/ul>\n<p><span style=\"font-weight: 400;\">W obu przypadkach akcent pada na \/li\/.\u00a0<\/span><\/p>\n<p><b>Nazwisko Gomez wymawia si\u0119:<\/b><\/p>\n<ul>\n<li style=\"font-weight: 400;\" aria-level=\"1\"><span style=\"font-weight: 400;\">zgodnie z zasadami ameryka\u0144skiego: <\/span><b>\/\u02c8\u0261o\u028am\u025bz\/, czyli <\/b><b><i>goumez<\/i><\/b> <span style=\"font-weight: 400;\">(\/\u028a\/ to \/u\/, \/\u025b\/ to \/e\/), z akcentem na \/go\/,<\/span><\/li>\n<li style=\"font-weight: 400;\" aria-level=\"1\"><span style=\"font-weight: 400;\">zgodnie z zasadami hiszpa\u0144skiego b\u0119dzie to bardziej <\/span><b><i>gomez<\/i><\/b><b>, z t\u0105 r\u00f3\u017cnic\u0105, \u017ce litera \/z\/ jest wymawiana z j\u0119zykiem mi\u0119dzy z\u0119bami, jak w przypadku litery \/\u03b8\/, czyli \/th\/ w j\u0119zyku angielskim <\/b><span style=\"font-weight: 400;\">(co\u015b mi\u0119dzy polskim \/t\/, \/f\/ i \/s\/. Jest to trudna do wym\u00f3wienia dla Polak\u00f3w litera).<\/span><\/li>\n<\/ul>\n<p><span style=\"font-weight: 400;\">W obu przypadkach akcent pada na \/go\/.<\/span><\/p>\n<p><b>Bior\u0105c pod uwag\u0119, \u017ce Selena Gomez jest Amerykank\u0105 (co prawda o korzeniach meksyka\u0144skich, ale jednak Amerykank\u0105), sk\u0142aniamy si\u0119 ku wymowie \/s\u0259\u02c8lin\u0259\/ (<\/b><b><i>selina<\/i><\/b><b>) \/\u02c8\u0261o\u028am\u025bz\/, (<\/b><b><i>goumez<\/i><\/b><b>).\u00a0<\/b><\/p>\n<\/div>\n            <\/div>\n        <\/div>\n    <\/div>\n<\/section>\n\n\n<section class=\"tickets-slider  section-margin-32\"\n    data-tickets-slider\n    data-item-list-name=\"Karuzela z buttonami\"\n    data-item-list-id=\"karuzela_z_buttonami\"\n    >\n    <div class=\"container\">\n        <div class=\"row\">\n            <div class=\"col-24\">\n                <div class=\"tickets-slider__main\">\n                    <div class=\"tickets-slider__nav tickets-slider__nav--prev\">\n                        <div class=\"button button--withIcon button--theme-white-blur button--size-fixed-48\" data-tickets-slider-prev>\n                            <span class=\"button__icon icon icon-chevron-left\"><\/span>\n                        <\/div>\n                    <\/div>\n                    <div class=\"tickets-slider__nav tickets-slider__nav--next\">\n                        <div class=\"button button--withIcon button--theme-white-blur button--size-fixed-48\" data-tickets-slider-next>\n                            <span class=\"button__icon icon icon-chevron-right\"><\/span>\n                        <\/div>\n                    <\/div>\n                    <div class=\"tickets-slider__slider swiper\" data-tickets-slider-slider>\n                        <div class=\"tickets-slider__sliderWrapper swiper-wrapper\">\n                                                            <div class=\"tickets-slider__sliderItem swiper-slide\"\n                                    data-id=\"92388\"\n                                    data-name=\"Fontaines D.C. EU TOUR 2026\"\n                                    data-brand=\"Alter Art\"\n                                    data-category=\"muzyka\"\n                                    data-subcategory=\"rock\"\n                                    data-city=\"\u0141\u00f3d\u017a\"\n                                    data-venue=\"Atlas Arena\">\n                                    <div class=\"tickets-slider__sliderCard\">\n                                        \n<div class=\"card-ticket\">\n        <div class=\"card-ticket__image\">\n        <a href=\"https:\/\/www.ebilet.pl\/muzyka\/rock\/fontaines-dc\">\n            <img decoding=\"async\" src=\"https:\/\/www.ebilet.pl\/media\/cms\/media\/ovge4bna\/fontaines_dc_portal_552x736.webp\" alt=\"Plakat wydarzenia\" \/>\n        <\/a>\n    <\/div>\n             \n    <div class=\"card-ticket__link\">\n        <a href=\"https:\/\/www.ebilet.pl\/muzyka\/rock\/fontaines-dc\" class=\"button button--theme-primary-yellow button--withIconLeft button--size-small\">\n            <span class=\"button__icon icon icon-ticket\"><\/span>\n            <p class=\"button__text typo-16 f-600\">Kup bilet<\/p>\n        <\/a>\n    <\/div>\n    <\/div>                                    <\/div>\n                                <\/div>\n                                                            <div class=\"tickets-slider__sliderItem swiper-slide\"\n                                    data-id=\"27087\"\n                                    data-name=\"Tokio Hotel\"\n                                    data-brand=\"Knock Out Productions\"\n                                    data-category=\"muzyka\"\n                                    data-subcategory=\"pop\"\n                                    data-city=\"Warszawa\"\n                                    data-venue=\"Letnia Scena Progresji\">\n                                    <div class=\"tickets-slider__sliderCard\">\n                                        \n<div class=\"card-ticket\">\n        <div class=\"card-ticket__image\">\n        <a href=\"https:\/\/www.ebilet.pl\/muzyka\/pop\/tokio-hotel\">\n            <img decoding=\"async\" src=\"https:\/\/www.ebilet.pl\/media\/cms\/media\/i02j3uly\/tokio-hotel-552.webp\" alt=\"Plakat wydarzenia\" \/>\n        <\/a>\n    <\/div>\n             \n    <div class=\"card-ticket__link\">\n        <a href=\"https:\/\/www.ebilet.pl\/muzyka\/pop\/tokio-hotel\" class=\"button button--theme-primary-yellow button--withIconLeft button--size-small\">\n            <span class=\"button__icon icon icon-ticket\"><\/span>\n            <p class=\"button__text typo-16 f-600\">Kup bilet<\/p>\n        <\/a>\n    <\/div>\n    <\/div>                                    <\/div>\n                                <\/div>\n                                                            <div class=\"tickets-slider__sliderItem swiper-slide\"\n                                    data-id=\"214327\"\n                                    data-name=\"Take That\"\n                                    data-brand=\"Fource Entertainment sp. z o o\"\n                                    data-category=\"muzyka\"\n                                    data-subcategory=\"pop\"\n                                    data-city=\"Warszawa\"\n                                    data-venue=\"Letnia Scena Progresji\">\n                                    <div class=\"tickets-slider__sliderCard\">\n                                        \n<div class=\"card-ticket\">\n        <div class=\"card-ticket__image\">\n        <a href=\"https:\/\/www.ebilet.pl\/muzyka\/pop\/take-that\">\n            <img decoding=\"async\" src=\"https:\/\/www.ebilet.pl\/media\/cms\/media\/eiqdozli\/ebilet-552x736-take-that.webp\" alt=\"Plakat wydarzenia\" \/>\n        <\/a>\n    <\/div>\n             \n    <div class=\"card-ticket__link\">\n        <a href=\"https:\/\/www.ebilet.pl\/muzyka\/pop\/take-that\" class=\"button button--theme-primary-yellow button--withIconLeft button--size-small\">\n            <span class=\"button__icon icon icon-ticket\"><\/span>\n            <p class=\"button__text typo-16 f-600\">Kup bilet<\/p>\n        <\/a>\n    <\/div>\n    <\/div>                                    <\/div>\n                                <\/div>\n                                                            <div class=\"tickets-slider__sliderItem swiper-slide\"\n                                    data-id=\"7104\"\n                                    data-name=\"Open&#039;er Festival 2027\"\n                                    data-brand=\"Alter Art\"\n                                    data-category=\"muzyka\"\n                                    data-subcategory=\"festiwale\"\n                                    data-city=\"Gdynia\"\n                                    data-venue=\"Lotnisko Gdynia - Kosakowo\">\n                                    <div class=\"tickets-slider__sliderCard\">\n                                        \n<div class=\"card-ticket\">\n        <div class=\"card-ticket__image\">\n        <a href=\"https:\/\/www.ebilet.pl\/muzyka\/festiwale\/opener-festival\">\n            <img decoding=\"async\" src=\"https:\/\/www.ebilet.pl\/media\/cms\/media\/qkso1del\/opene_2027_tameimpala_552x736_ebilet-1d7aa61e-0a2a-4f3b-b538-d84518354aa2.webp\" alt=\"Plakat wydarzenia\" \/>\n        <\/a>\n    <\/div>\n             \n    <div class=\"card-ticket__link\">\n        <a href=\"https:\/\/www.ebilet.pl\/muzyka\/festiwale\/opener-festival\" class=\"button button--theme-primary-yellow button--withIconLeft button--size-small\">\n            <span class=\"button__icon icon icon-ticket\"><\/span>\n            <p class=\"button__text typo-16 f-600\">Kup bilet<\/p>\n        <\/a>\n    <\/div>\n    <\/div>                                    <\/div>\n                                <\/div>\n                                                            <div class=\"tickets-slider__sliderItem swiper-slide\"\n                                    data-id=\"179391\"\n                                    data-name=\"Pitbull - I&#039;m Back!\"\n                                    data-brand=\"Live Nation\"\n                                    data-category=\"muzyka\"\n                                    data-subcategory=\"pop\"\n                                    data-city=\"Gda\u0144sk\/Sopot, \u0141\u00f3d\u017a\"\n                                    data-venue=\"Atlas Arena\">\n                                    <div class=\"tickets-slider__sliderCard\">\n                                        \n<div class=\"card-ticket\">\n        <div class=\"card-ticket__image\">\n        <a href=\"https:\/\/www.ebilet.pl\/muzyka\/pop\/pitbull\">\n            <img decoding=\"async\" src=\"https:\/\/www.ebilet.pl\/media\/cms\/media\/5lzfwzwf\/pitbull_552x736-51986cca-48f5-4419-a9c5-cba531ed65a3.webp\" alt=\"Plakat wydarzenia\" \/>\n        <\/a>\n    <\/div>\n             \n    <div class=\"card-ticket__link\">\n        <a href=\"https:\/\/www.ebilet.pl\/muzyka\/pop\/pitbull\" class=\"button button--theme-primary-yellow button--withIconLeft button--size-small\">\n            <span class=\"button__icon icon icon-ticket\"><\/span>\n            <p class=\"button__text typo-16 f-600\">Kup bilet<\/p>\n        <\/a>\n    <\/div>\n    <\/div>                                    <\/div>\n                                <\/div>\n                                                            <div class=\"tickets-slider__sliderItem swiper-slide\"\n                                    data-id=\"7378\"\n                                    data-name=\"Golec uOrkiestra - Koncert Kol\u0119d i Pastora\u0142ek\"\n                                    data-brand=\"Your Events Art\"\n                                    data-category=\"muzyka\"\n                                    data-subcategory=\"piosenka\"\n                                    data-city=\"Bielsko-Bia\u0142a, Bydgoszcz, Gda\u0144sk i inne\"\n                                    data-venue=\"Dom Muzyki i Ta\u0144ca\">\n                                    <div class=\"tickets-slider__sliderCard\">\n                                        \n<div class=\"card-ticket\">\n        <div class=\"card-ticket__image\">\n        <a href=\"https:\/\/www.ebilet.pl\/muzyka\/piosenka\/koncert-koled-i-pastoralek-golec-uorkiestra\">\n            <img decoding=\"async\" src=\"https:\/\/www.ebilet.pl\/media\/cms\/media\/sqlacf5s\/golec_552x736_ebilet-c90c1dab-7443-46cc-b6f7-252554a5cab4.webp\" alt=\"Plakat wydarzenia\" \/>\n        <\/a>\n    <\/div>\n             \n    <div class=\"card-ticket__link\">\n        <a href=\"https:\/\/www.ebilet.pl\/muzyka\/piosenka\/koncert-koled-i-pastoralek-golec-uorkiestra\" class=\"button button--theme-primary-yellow button--withIconLeft button--size-small\">\n            <span class=\"button__icon icon icon-ticket\"><\/span>\n            <p class=\"button__text typo-16 f-600\">Kup bilet<\/p>\n        <\/a>\n    <\/div>\n    <\/div>                                    <\/div>\n                                <\/div>\n                                                            <div class=\"tickets-slider__sliderItem swiper-slide\"\n                                    data-id=\"118194\"\n                                    data-name=\"Kwalifikacje do Mistrzostw \u015awiata w koszyk\u00f3wce m\u0119\u017cczyzn 2027: Polska \u2013 Chorwacja\"\n                                    data-brand=\"Polski Zwi\u0105zek Koszyk\u00f3wki\"\n                                    data-category=\"sport\"\n                                    data-subcategory=\"sporty-druzynowe\"\n                                    data-city=\"Gliwice\"\n                                    data-venue=\"PreZero Arena Gliwice\">\n                                    <div class=\"tickets-slider__sliderCard\">\n                                        \n<div class=\"card-ticket\">\n        <div class=\"card-ticket__image\">\n        <a href=\"https:\/\/www.ebilet.pl\/sport\/sporty-druzynowe\/koszykowka-mecz\">\n            <img decoding=\"async\" src=\"https:\/\/www.ebilet.pl\/media\/cms\/media\/nvdpzm53\/podstawowe_portaljpg-550c863c-126b-4054-8668-ffc6e52face6.webp\" alt=\"Plakat wydarzenia\" \/>\n        <\/a>\n    <\/div>\n             \n    <div class=\"card-ticket__link\">\n        <a href=\"https:\/\/www.ebilet.pl\/sport\/sporty-druzynowe\/koszykowka-mecz\" class=\"button button--theme-primary-yellow button--withIconLeft button--size-small\">\n            <span class=\"button__icon icon icon-ticket\"><\/span>\n            <p class=\"button__text typo-16 f-600\">Kup bilet<\/p>\n        <\/a>\n    <\/div>\n    <\/div>                                    <\/div>\n                                <\/div>\n                                                            <div class=\"tickets-slider__sliderItem swiper-slide\"\n                                    data-id=\"185007\"\n                                    data-name=\"Olsztyn Green Festival 2027\"\n                                    data-brand=\"Wyborcza Sp. z o.o.\"\n                                    data-category=\"muzyka\"\n                                    data-subcategory=\"festiwale\"\n                                    data-city=\"Olsztyn\"\n                                    data-venue=\"CRS Ukiel\">\n                                    <div class=\"tickets-slider__sliderCard\">\n                                        \n<div class=\"card-ticket\">\n        <div class=\"card-ticket__image\">\n        <a href=\"https:\/\/www.ebilet.pl\/muzyka\/festiwale\/olsztyn-green-festival\">\n            <img decoding=\"async\" src=\"https:\/\/www.ebilet.pl\/media\/cms\/media\/ivzhtv3z\/1080x1350_ogf_edycja_2027-18faf89b-3a6e-4aa9-b07b-593f24448a27.webp\" alt=\"Plakat wydarzenia\" \/>\n        <\/a>\n    <\/div>\n             \n    <div class=\"card-ticket__link\">\n        <a href=\"https:\/\/www.ebilet.pl\/muzyka\/festiwale\/olsztyn-green-festival\" class=\"button button--theme-primary-yellow button--withIconLeft button--size-small\">\n            <span class=\"button__icon icon icon-ticket\"><\/span>\n            <p class=\"button__text typo-16 f-600\">Kup bilet<\/p>\n        <\/a>\n    <\/div>\n    <\/div>                                    <\/div>\n                                <\/div>\n                                                            <div class=\"tickets-slider__sliderItem swiper-slide\"\n                                    data-id=\"214808\"\n                                    data-name=\"Mecz mistrz\u00f3w: Polska - W\u0142ochy\"\n                                    data-brand=\"GOSZCZDESIGN MONIKA K\u0141OS\"\n                                    data-category=\"sport\"\n                                    data-subcategory=\"sporty-druzynowe\"\n                                    data-city=\"Wroc\u0142aw\"\n                                    data-venue=\"Tarczy\u0144ski Arena Wroc\u0142aw\">\n                                    <div class=\"tickets-slider__sliderCard\">\n                                        \n<div class=\"card-ticket\">\n        <div class=\"card-ticket__image\">\n        <a href=\"https:\/\/www.ebilet.pl\/sport\/sporty-druzynowe\/mecz-mistrzow\">\n            <img decoding=\"async\" src=\"https:\/\/www.ebilet.pl\/media\/cms\/media\/anml1cos\/552x736.webp\" alt=\"Plakat wydarzenia\" \/>\n        <\/a>\n    <\/div>\n             \n    <div class=\"card-ticket__link\">\n        <a href=\"https:\/\/www.ebilet.pl\/sport\/sporty-druzynowe\/mecz-mistrzow\" class=\"button button--theme-primary-yellow button--withIconLeft button--size-small\">\n            <span class=\"button__icon icon icon-ticket\"><\/span>\n            <p class=\"button__text typo-16 f-600\">Kup bilet<\/p>\n        <\/a>\n    <\/div>\n    <\/div>                                    <\/div>\n                                <\/div>\n                                                            <div class=\"tickets-slider__sliderItem swiper-slide\"\n                                    data-id=\"38728\"\n                                    data-name=\"Silesia Memoria\u0142 Kamili Skolimowskiej\"\n                                    data-brand=\"Fundacja Kamili Skolimowskiej\"\n                                    data-category=\"sport\"\n                                    data-subcategory=\"lekkoatletyka\"\n                                    data-city=\"Chorz\u00f3w\"\n                                    data-venue=\"Superauto.pl Stadion \u015al\u0105ski\">\n                                    <div class=\"tickets-slider__sliderCard\">\n                                        \n<div class=\"card-ticket\">\n        <div class=\"card-ticket__image\">\n        <a href=\"https:\/\/www.ebilet.pl\/sport\/lekkoatletyka\/memorial-kamili-skolimowskiej\">\n            <img decoding=\"async\" src=\"https:\/\/www.ebilet.pl\/media\/cms\/media\/ebddns15\/552x736-78da7a2f-a7cf-4711-af9b-beba90926c7e.webp\" alt=\"Plakat wydarzenia\" \/>\n        <\/a>\n    <\/div>\n             \n    <div class=\"card-ticket__link\">\n        <a href=\"https:\/\/www.ebilet.pl\/sport\/lekkoatletyka\/memorial-kamili-skolimowskiej\" class=\"button button--theme-primary-yellow button--withIconLeft button--size-small\">\n            <span class=\"button__icon icon icon-ticket\"><\/span>\n            <p class=\"button__text typo-16 f-600\">Kup bilet<\/p>\n        <\/a>\n    <\/div>\n    <\/div>                                    <\/div>\n                                <\/div>\n                                                            <div class=\"tickets-slider__sliderItem swiper-slide\"\n                                    data-id=\"177995\"\n                                    data-name=\"G33 Tour - Tadeo x Szczepan x Wygu\u015b x Mata\"\n                                    data-brand=\"BREND GROUP SP\u00d3\u0141KA Z OGRANICZON\u0104 ODPOWIEDZIALNO\u015aCI\u0104\"\n                                    data-category=\"muzyka\"\n                                    data-subcategory=\"hip-hop-rap\"\n                                    data-city=\"Bydgoszcz, Gwi\u017adziny, Kra\u015bnik i inne\"\n                                    data-venue=\"Plac Targowy w Soko\u0142owie Ma\u0142opolskim\">\n                                    <div class=\"tickets-slider__sliderCard\">\n                                        \n<div class=\"card-ticket\">\n        <div class=\"card-ticket__image\">\n        <a href=\"https:\/\/www.ebilet.pl\/muzyka\/hip-hop-rap\/gombao33\">\n            <img decoding=\"async\" src=\"https:\/\/www.ebilet.pl\/media\/cms\/media\/ctcikvkb\/gombao_bez_napisu-2ebe28b7-760a-4987-8d6c-0cb2fe6f2203.webp\" alt=\"Plakat wydarzenia\" \/>\n        <\/a>\n    <\/div>\n             \n    <div class=\"card-ticket__link\">\n        <a href=\"https:\/\/www.ebilet.pl\/muzyka\/hip-hop-rap\/gombao33\" class=\"button button--theme-primary-yellow button--withIconLeft button--size-small\">\n            <span class=\"button__icon icon icon-ticket\"><\/span>\n            <p class=\"button__text typo-16 f-600\">Kup bilet<\/p>\n        <\/a>\n    <\/div>\n    <\/div>                                    <\/div>\n                                <\/div>\n                                                            <div class=\"tickets-slider__sliderItem swiper-slide\"\n                                    data-id=\"214154\"\n                                    data-name=\"Russell Crowe\u2019s Indoor Garden Party\"\n                                    data-brand=\"BACKSTAGE PRODUCTIONS ANNA ZAR\u0118BSKA\"\n                                    data-category=\"muzyka\"\n                                    data-subcategory=\"rock\"\n                                    data-city=\"\u0106miel\u00f3w\"\n                                    data-venue=\"Zamek \u0106miel\u00f3w\">\n                                    <div class=\"tickets-slider__sliderCard\">\n                                        \n<div class=\"card-ticket\">\n        <div class=\"card-ticket__image\">\n        <a href=\"https:\/\/www.ebilet.pl\/muzyka\/rock\/russell-crowe\">\n            <img decoding=\"async\" src=\"https:\/\/www.ebilet.pl\/media\/cms\/media\/dajolyng\/rusel_pion-738c048c-2504-4de3-a226-d83518cf8463.webp\" alt=\"Plakat wydarzenia\" \/>\n        <\/a>\n    <\/div>\n             \n    <div class=\"card-ticket__link\">\n        <a href=\"https:\/\/www.ebilet.pl\/muzyka\/rock\/russell-crowe\" class=\"button button--theme-primary-yellow button--withIconLeft button--size-small\">\n            <span class=\"button__icon icon icon-ticket\"><\/span>\n            <p class=\"button__text typo-16 f-600\">Kup bilet<\/p>\n        <\/a>\n    <\/div>\n    <\/div>                                    <\/div>\n                                <\/div>\n                                                            <div class=\"tickets-slider__sliderItem swiper-slide\"\n                                    data-id=\"100692\"\n                                    data-name=\"VAN GOGH \u2013 Wystawa Immersyjna - Lublin\"\n                                    data-brand=\"High Note Events Sp. z o.o. S.k.\"\n                                    data-category=\"biznes\"\n                                    data-subcategory=\"wystawa\"\n                                    data-city=\"Lublin\"\n                                    data-venue=\"HANGAR SZTUKI, Lublin\">\n                                    <div class=\"tickets-slider__sliderCard\">\n                                        \n<div class=\"card-ticket\">\n        <div class=\"card-ticket__image\">\n        <a href=\"https:\/\/www.ebilet.pl\/biznes\/wystawa\/van-gogh\">\n            <img decoding=\"async\" src=\"https:\/\/www.ebilet.pl\/media\/cms\/media\/rx0pgtm4\/nowa-ebilet-_vg-__-lublin_-552-736-5ddf74a4-5cec-41cd-9f00-a4baa0f7a221.webp\" alt=\"Plakat wydarzenia\" \/>\n        <\/a>\n    <\/div>\n             \n    <div class=\"card-ticket__link\">\n        <a href=\"https:\/\/www.ebilet.pl\/biznes\/wystawa\/van-gogh\" class=\"button button--theme-primary-yellow button--withIconLeft button--size-small\">\n            <span class=\"button__icon icon icon-ticket\"><\/span>\n            <p class=\"button__text typo-16 f-600\">Kup bilet<\/p>\n        <\/a>\n    <\/div>\n    <\/div>                                    <\/div>\n                                <\/div>\n                                                            <div class=\"tickets-slider__sliderItem swiper-slide\"\n                                    data-id=\"169186\"\n                                    data-name=\"Up To Date Festival 2027\"\n                                    data-brand=\"STOWARZYSZENIE POGOTOWIE KULTURALNO-SPO\u0141ECZNE\"\n                                    data-category=\"muzyka\"\n                                    data-subcategory=\"festiwale\"\n                                    data-city=\"Bia\u0142ystok\"\n                                    data-venue=\"Bia\u0142ystok\">\n                                    <div class=\"tickets-slider__sliderCard\">\n                                        \n<div class=\"card-ticket\">\n        <div class=\"card-ticket__image\">\n        <a href=\"https:\/\/www.ebilet.pl\/muzyka\/festiwale\/up-to-date-festival\">\n            <img decoding=\"async\" src=\"https:\/\/www.ebilet.pl\/media\/cms\/media\/jfdlnoqn\/ebilet-552x736-portal-wersja-2-c38ddeaf-bf05-4f54-9e4d-377e6b572335.webp\" alt=\"Plakat wydarzenia\" \/>\n        <\/a>\n    <\/div>\n             \n    <div class=\"card-ticket__link\">\n        <a href=\"https:\/\/www.ebilet.pl\/muzyka\/festiwale\/up-to-date-festival\" class=\"button button--theme-primary-yellow button--withIconLeft button--size-small\">\n            <span class=\"button__icon icon icon-ticket\"><\/span>\n            <p class=\"button__text typo-16 f-600\">Kup bilet<\/p>\n        <\/a>\n    <\/div>\n    <\/div>                                    <\/div>\n                                <\/div>\n                                                            <div class=\"tickets-slider__sliderItem swiper-slide\"\n                                    data-id=\"213605\"\n                                    data-name=\"Getdown Services\"\n                                    data-brand=\"Fource Entertainment sp. z o o\"\n                                    data-category=\"muzyka\"\n                                    data-subcategory=\"rock\"\n                                    data-city=\"Krak\u00f3w, Warszawa\"\n                                    data-venue=\"NIEBO\">\n                                    <div class=\"tickets-slider__sliderCard\">\n                                        \n<div class=\"card-ticket\">\n        <div class=\"card-ticket__image\">\n        <a href=\"https:\/\/www.ebilet.pl\/muzyka\/rock\/getdown-services\">\n            <img decoding=\"async\" src=\"https:\/\/www.ebilet.pl\/media\/cms\/media\/epsfunxf\/ebilet-552x736-getdown-services-combo.webp\" alt=\"Plakat wydarzenia\" \/>\n        <\/a>\n    <\/div>\n             \n    <div class=\"card-ticket__link\">\n        <a href=\"https:\/\/www.ebilet.pl\/muzyka\/rock\/getdown-services\" class=\"button button--theme-primary-yellow button--withIconLeft button--size-small\">\n            <span class=\"button__icon icon icon-ticket\"><\/span>\n            <p class=\"button__text typo-16 f-600\">Kup bilet<\/p>\n        <\/a>\n    <\/div>\n    <\/div>                                    <\/div>\n                                <\/div>\n                                                            <div class=\"tickets-slider__sliderItem swiper-slide\"\n                                    data-id=\"187523\"\n                                    data-name=\"Otsochodzi - RIOTT\"\n                                    data-brand=\"Revolume Sp. z o.o.\"\n                                    data-category=\"muzyka\"\n                                    data-subcategory=\"hip-hop-rap\"\n                                    data-city=\"Gda\u0144sk, Krak\u00f3w, Pozna\u0144 i inne\"\n                                    data-venue=\"Hala COS Torwar \">\n                                    <div class=\"tickets-slider__sliderCard\">\n                                        \n<div class=\"card-ticket\">\n        <div class=\"card-ticket__image\">\n        <a href=\"https:\/\/www.ebilet.pl\/muzyka\/hip-hop-rap\/otsochodzi\">\n            <img decoding=\"async\" src=\"https:\/\/www.ebilet.pl\/media\/cms\/media\/ucuizr2w\/tt-552-x-736-kopia.webp\" alt=\"Plakat wydarzenia\" \/>\n        <\/a>\n    <\/div>\n             \n    <div class=\"card-ticket__link\">\n        <a href=\"https:\/\/www.ebilet.pl\/muzyka\/hip-hop-rap\/otsochodzi\" class=\"button button--theme-primary-yellow button--withIconLeft button--size-small\">\n            <span class=\"button__icon icon icon-ticket\"><\/span>\n            <p class=\"button__text typo-16 f-600\">Kup bilet<\/p>\n        <\/a>\n    <\/div>\n    <\/div>                                    <\/div>\n                                <\/div>\n                                                            <div class=\"tickets-slider__sliderItem swiper-slide\"\n                                    data-id=\"179820\"\n                                    data-name=\"XTB KSW 122\"\n                                    data-brand=\"Federacja KSW\"\n                                    data-category=\"sport\"\n                                    data-subcategory=\"sporty-walki\"\n                                    data-city=\"Rzesz\u00f3w\"\n                                    data-venue=\"Regionalne Centrum Sportowo-Widowiskowe Podpromie\">\n                                    <div class=\"tickets-slider__sliderCard\">\n                                        \n<div class=\"card-ticket\">\n        <div class=\"card-ticket__image\">\n        <a href=\"https:\/\/www.ebilet.pl\/sport\/sporty-walki\/ksw-gala\">\n            <img decoding=\"async\" src=\"https:\/\/www.ebilet.pl\/media\/cms\/media\/ephnqq14\/ksw122_552x736-kopia-6d406d0c-fee6-4f71-88c9-6220ef184bde.webp\" alt=\"Plakat wydarzenia\" \/>\n        <\/a>\n    <\/div>\n             \n    <div class=\"card-ticket__link\">\n        <a href=\"https:\/\/www.ebilet.pl\/sport\/sporty-walki\/ksw-gala\" class=\"button button--theme-primary-yellow button--withIconLeft button--size-small\">\n            <span class=\"button__icon icon icon-ticket\"><\/span>\n            <p class=\"button__text typo-16 f-600\">Kup bilet<\/p>\n        <\/a>\n    <\/div>\n    <\/div>                                    <\/div>\n                                <\/div>\n                                                    <\/div>\n                    <\/div>\n                <\/div>\n            <\/div>\n        <\/div>\n    <\/div>\n<\/section>\n\n\n<section class=\"text-block  section-margin-32\" >\n    <div class=\"container\">\n        <div class=\"row\">\n            <div class=\"col-24\">\n                <div class=\"text-block__content\"><h3><strong>Pochodzenie imienia Selena<\/strong><\/h3>\n<p><span style=\"font-weight: 400;\">Wed\u0142ug jednych \u017ar\u00f3de\u0142 imi\u0119 Selena (tak\u017ce Selina) pochodzi z \u0142aci\u0144skiego <\/span><i><span style=\"font-weight: 400;\">Cael\u012bna, <\/span><\/i><span style=\"font-weight: 400;\">czyli &#8216;niebia\u0144sko&#8217; (od <\/span><i><span style=\"font-weight: 400;\">caelum<\/span><\/i><span style=\"font-weight: 400;\">, czyli <\/span><i><span style=\"font-weight: 400;\">niebo<\/span><\/i><span style=\"font-weight: 400;\">, zar\u00f3wno w znaczeniu <\/span><i><span style=\"font-weight: 400;\">sky<\/span><\/i><span style=\"font-weight: 400;\">, jak i <\/span><i><span style=\"font-weight: 400;\">heaven<\/span><\/i><span style=\"font-weight: 400;\">). Inne \u017ar\u00f3d\u0142a m\u00f3wi\u0105, \u017ce imi\u0119 to pochodzi od Selene, czyli w bogini ksi\u0119\u017cyca z mitologii greckiej.\u00a0<\/span><\/p>\n<h3><strong>Pochodzenie nazwiska Gomez<\/strong><\/h3>\n<p><span style=\"font-weight: 400;\">Nazwisko Gomez pochodzi od hiszpa\u0144skiego G\u00f3mez, kt\u00f3re za\u015b ma swoje korzenie w imieniu pochodz\u0105cym z rodu Wizygot\u00f3w. Opiera si\u0119 ono na gotyckim \ud800\udf32\ud800\udf3f\ud800\udf3c\ud800\udf30, czyli &#8216;guma&#8217;, ale tak\u017ce &#8216;cz\u0142owiek&#8217; z dodan\u0105 ko\u0144c\u00f3wk\u0105 &#8216;-ez&#8217;. Dos\u0142ownie oznacza &#8216;syna cz\u0142owieczego&#8217;.<\/span><\/p>\n<h2><strong>Jak pisa\u0107 Selena Gomez?<\/strong><\/h2>\n<p><span style=\"font-weight: 400;\">Zapis s\u0142\u00f3w Selena Gomez na szcz\u0119\u015bcie nie przysparza nam k\u0142opot\u00f3w. W przypadku piosenkarki bez trudu zapiszesz jej dane na klawiaturze komputera bez znajomo\u015bci \u017cadnych trik\u00f3w.<\/span><\/p>\n<h2><strong>Jak odmienia\u0107 Selena Gomez?<\/strong><\/h2>\n<p><span style=\"font-weight: 400;\">W przypadku Seleny Gomez odmiana jest nieco skomplikowana. Prze\u015bled\u017amy wszystkie przypadki w liczbie pojedynczej i mnogiej.<\/span><\/p>\n<p><b>Odmiana Selena Gomez w liczbie pojedynczej:<\/b><\/p>\n<p><span style=\"font-weight: 400;\">Mianownik (kto? co?) <\/span><b>Selena Gomez<\/b><\/p>\n<p><span style=\"font-weight: 400;\">Dope\u0142niacz (kogo? czego?) <\/span><b>Seleny Gomez<\/b><\/p>\n<p><span style=\"font-weight: 400;\">Celownik (komu? czemu?) <\/span><b>Selenie Gomez<\/b><\/p>\n<p><span style=\"font-weight: 400;\">Biernik (kogo? co?) <\/span><b>Selen\u0119 Gomez<\/b><\/p>\n<p><span style=\"font-weight: 400;\">Narz\u0119dnik (z kim? z czym?) <\/span><b>Selen\u0105 Gomez<\/b><\/p>\n<p><span style=\"font-weight: 400;\">Miejscownik (o kim? o czym?) <\/span><b>Selenie Gomez<\/b><\/p>\n<p><span style=\"font-weight: 400;\">Wo\u0142acz (o!) <\/span><b>Seleno Gomez<\/b><span style=\"font-weight: 400;\">!<\/span><\/p>\n<p><b>Odmiana Selena Gomez w liczbie mnogiej:<\/b><\/p>\n<p><span style=\"font-weight: 400;\">Mianownik (kto? co?) <\/span><b>Seleny Gomez<\/b><\/p>\n<p><span style=\"font-weight: 400;\">Dope\u0142niacz (kogo? czego?) <\/span><b>Selen Gomez<\/b><\/p>\n<p><span style=\"font-weight: 400;\">Celownik (komu? czemu?) <\/span><b>Selenom Gomez<\/b><\/p>\n<p><span style=\"font-weight: 400;\">Biernik (kogo? co?) <\/span><b>Seleny Gomez<\/b><\/p>\n<p><span style=\"font-weight: 400;\">Narz\u0119dnik (z kim? z czym?) <\/span><b>Selenami Gomez<\/b><\/p>\n<p><span style=\"font-weight: 400;\">Miejscownik (o kim? o czym?) <\/span><b>Selenach Gomez<\/b><\/p>\n<p><span style=\"font-weight: 400;\">Wo\u0142acz (o!) <\/span><b>Seleny Gomez<\/b><span style=\"font-weight: 400;\">!<\/span><\/p>\n<p><span style=\"font-weight: 400;\">O ile raczej nikt nie potrzebuje zawo\u0142a\u0107 dw\u00f3ch Selen Gomez, warto wiedzie\u0107, jak odmienia si\u0119 imi\u0119 Selena przez wszystkie przypadki. Nazwisko jest nieodmienne, poniewa\u017c zgodnie z zasadami j\u0119zyka polskiego odmieniamy przez przypadki jedynie te nazwiska, kt\u00f3re s\u0105 zako\u0144czone na &#8216;-a&#8217;.<\/span><\/p>\n<p>&nbsp;<\/p>\n<\/div>\n            <\/div>\n        <\/div>\n    <\/div>\n<\/section>\n\n\n    <section class=\"events-carousel-block  section-margin-32\"\n        data-events-carousel\n        data-settings='{\"per_view\":5}'\n        data-item-list-name=\"Karuzela niska Polecamy na eBilet\"\n        data-item-list-id=\"karuzela_niska Polecamy na eBilet\"\n        >\n        <div class=\"container\">\n                            <div class=\"row\">\n                    <div class=\"col-24\">\n                        <div class=\"events-carousel-block__title\">\n                            <h2 class=\"typo-h2\">Polecamy na eBilet<\/h2>\n                        <\/div>\n                    <\/div>\n                <\/div>\n                        <div class=\"row\">\n                <div class=\"col-24\">\n                    <div class=\"events-carousel-block__events\">\n                        <div class=\"events-carousel-block__nav events-carousel-block__nav--prev\">\n                            <div class=\"button button--withIcon button--theme-white-blur button--size-fixed-48\" data-events-carousel-prev>\n                                <span class=\"button__icon icon icon-chevron-left\"><\/span>\n                            <\/div>\n                        <\/div>\n                        <div class=\"events-carousel-block__nav events-carousel-block__nav--next\">\n                            <div class=\"button button--withIcon button--theme-white-blur button--size-fixed-48\" data-events-carousel-next>\n                                <span class=\"button__icon icon icon-chevron-right\"><\/span>\n                            <\/div>\n                        <\/div>\n                        <div class=\"events-carousel-block__slider swiper\" data-events-carousel-slider>\n                            <div class=\"events-carousel-block__sliderWrapper swiper-wrapper\">\n                                                                    <div class=\"events-carousel-block__sliderItem swiper-slide\"\n                                        data-id=\"152494\"\n                                        data-name=\"Che\u0142mo\u0144ski. D\u017awi\u0119kiem malowane\"\n                                        data-brand=\"FUNDACJA KONCEPT KULTURA\"\n                                        data-category=\"widowiska\"\n                                        data-subcategory=\"inne\"\n                                        data-city=\"Kielce, Sosnowiec\"\n                                        data-venue=\"Kieleckie Centrum Kultury\">\n                                        \n<div class=\"card-event  card-event--size-small\">\n        <a href=\"https:\/\/www.ebilet.pl\/widowiska\/inne\/chelmonski\" target=\"_blank\" class=\"card-event__link\" rel=\"nofollow noopener\"><\/a>\n        <div class=\"card-event__wrapper\">\n        <div class=\"card-event__image\">\n            <img decoding=\"async\" src=\"https:\/\/www.ebilet.pl\/media\/cms\/media\/spqlldrz\/656-x-369-px-ver-2-71dd7728-325d-4e4b-8ebd-1fe67cc5d587.webp\" alt=\"\">\n        <\/div>\n        <div class=\"card-event__data\">\n            <div class=\"card-event__name\">\n                <p>Che\u0142mo\u0144ski. D\u017awi\u0119kiem malowane<\/p>\n            <\/div>\n            <div class=\"card-event__date\"><\/div>\n            <div class=\"card-event__location\">Kielce, Sosnowiec<\/div>\n        <\/div>\n    <\/div>\n<\/div>                                    <\/div>\n                                                                    <div class=\"events-carousel-block__sliderItem swiper-slide\"\n                                        data-id=\"161461\"\n                                        data-name=\"Boeing Boeing - Teatr Capitol\"\n                                        data-brand=\"Teatr Capitol\"\n                                        data-category=\"teatr\"\n                                        data-subcategory=\"komedia\"\n                                        data-city=\"Gda\u0144sk, Warszawa\"\n                                        data-venue=\"Teatr Capitol w Warszawie\">\n                                        \n<div class=\"card-event  card-event--size-small\">\n        <a href=\"https:\/\/www.ebilet.pl\/teatr\/komedia\/boeing-boeing-teatr-capitol\" target=\"_blank\" class=\"card-event__link\" rel=\"nofollow noopener\"><\/a>\n        <div class=\"card-event__wrapper\">\n        <div class=\"card-event__image\">\n            <img decoding=\"async\" src=\"https:\/\/www.ebilet.pl\/media\/cms\/media\/4oebxceo\/656x359-popr-20-11.webp\" alt=\"\">\n        <\/div>\n        <div class=\"card-event__data\">\n            <div class=\"card-event__name\">\n                <p>Boeing Boeing &#8211; Teatr Capitol<\/p>\n            <\/div>\n            <div class=\"card-event__date\"><\/div>\n            <div class=\"card-event__location\">Gda\u0144sk, Warszawa<\/div>\n        <\/div>\n    <\/div>\n<\/div>                                    <\/div>\n                                                                    <div class=\"events-carousel-block__sliderItem swiper-slide\"\n                                        data-id=\"38728\"\n                                        data-name=\"Silesia Memoria\u0142 Kamili Skolimowskiej\"\n                                        data-brand=\"Fundacja Kamili Skolimowskiej\"\n                                        data-category=\"sport\"\n                                        data-subcategory=\"lekkoatletyka\"\n                                        data-city=\"Chorz\u00f3w\"\n                                        data-venue=\"Superauto.pl Stadion \u015al\u0105ski\">\n                                        \n<div class=\"card-event  card-event--size-small\">\n        <a href=\"https:\/\/www.ebilet.pl\/sport\/lekkoatletyka\/memorial-kamili-skolimowskiej\" target=\"_blank\" class=\"card-event__link\" rel=\"nofollow noopener\"><\/a>\n        <div class=\"card-event__wrapper\">\n        <div class=\"card-event__image\">\n            <img decoding=\"async\" src=\"https:\/\/www.ebilet.pl\/media\/cms\/media\/xapndsmm\/656x369-55b9889c-744e-4557-95ed-5f3e29334452.webp\" alt=\"\">\n        <\/div>\n        <div class=\"card-event__data\">\n            <div class=\"card-event__name\">\n                <p>Silesia Memoria\u0142 Kamili Skolimowskiej<\/p>\n            <\/div>\n            <div class=\"card-event__date\"><\/div>\n            <div class=\"card-event__location\">Chorz\u00f3w<\/div>\n        <\/div>\n    <\/div>\n<\/div>                                    <\/div>\n                                                                    <div class=\"events-carousel-block__sliderItem swiper-slide\"\n                                        data-id=\"10672\"\n                                        data-name=\"Red Bull Drift Masters, Grand Finale 2026, Poland\"\n                                        data-brand=\"Drift Masters Grand Prix Sp. z o.o.\"\n                                        data-category=\"sport\"\n                                        data-subcategory=\"sporty-motorowe\"\n                                        data-city=\"Warszawa\"\n                                        data-venue=\"PGE Narodowy im. Kazimierza G\u00f3rskiego\">\n                                        \n<div class=\"card-event  card-event--size-small\">\n        <a href=\"https:\/\/www.ebilet.pl\/sport\/sporty-motorowe\/drift-masters\" target=\"_blank\" class=\"card-event__link\" rel=\"nofollow noopener\"><\/a>\n        <div class=\"card-event__wrapper\">\n        <div class=\"card-event__image\">\n            <img decoding=\"async\" src=\"https:\/\/www.ebilet.pl\/media\/cms\/media\/10ijqlni\/656x369pl-4af36ea5-1769-4cd8-915e-6215e771f59d.webp\" alt=\"\">\n        <\/div>\n        <div class=\"card-event__data\">\n            <div class=\"card-event__name\">\n                <p>Red Bull Drift Masters, Grand Finale 2026, Poland<\/p>\n            <\/div>\n            <div class=\"card-event__date\"><\/div>\n            <div class=\"card-event__location\">Warszawa<\/div>\n        <\/div>\n    <\/div>\n<\/div>                                    <\/div>\n                                                                    <div class=\"events-carousel-block__sliderItem swiper-slide\"\n                                        data-id=\"16543\"\n                                        data-name=\"Rozta\u0144czony PGE Narodowy 2026\"\n                                        data-brand=\"KRYSIAK POLSKA CORPORATION Sp. z o.o.\"\n                                        data-category=\"muzyka\"\n                                        data-subcategory=\"festiwale\"\n                                        data-city=\"Warszawa\"\n                                        data-venue=\"PGE Narodowy im. Kazimierza G\u00f3rskiego\">\n                                        \n<div class=\"card-event  card-event--size-small\">\n        <a href=\"https:\/\/www.ebilet.pl\/muzyka\/festiwale\/roztanczony-narodowy\" target=\"_blank\" class=\"card-event__link\" rel=\"nofollow noopener\"><\/a>\n        <div class=\"card-event__wrapper\">\n        <div class=\"card-event__image\">\n            <img decoding=\"async\" src=\"https:\/\/www.ebilet.pl\/media\/cms\/media\/ih4mtfpw\/newletter_basic.webp\" alt=\"\">\n        <\/div>\n        <div class=\"card-event__data\">\n            <div class=\"card-event__name\">\n                <p>Rozta\u0144czony PGE Narodowy 2026<\/p>\n            <\/div>\n            <div class=\"card-event__date\"><\/div>\n            <div class=\"card-event__location\">Warszawa<\/div>\n        <\/div>\n    <\/div>\n<\/div>                                    <\/div>\n                                                                    <div class=\"events-carousel-block__sliderItem swiper-slide\"\n                                        data-id=\"129853\"\n                                        data-name=\"Beksi\u0144ski.Live\"\n                                        data-brand=\"L2L Sp z o.o.\"\n                                        data-category=\"widowiska\"\n                                        data-subcategory=\"inne\"\n                                        data-city=\"Warszawa, Wroc\u0142aw\"\n                                        data-venue=\"Hala COS Torwar \">\n                                        \n<div class=\"card-event  card-event--size-small\">\n        <a href=\"https:\/\/www.ebilet.pl\/widowiska\/inne\/beksinski-live\" target=\"_blank\" class=\"card-event__link\" rel=\"nofollow noopener\"><\/a>\n        <div class=\"card-event__wrapper\">\n        <div class=\"card-event__image\">\n            <img decoding=\"async\" src=\"https:\/\/www.ebilet.pl\/media\/cms\/media\/y2nprogb\/656x369-2026-04-27t161826313.webp\" alt=\"\">\n        <\/div>\n        <div class=\"card-event__data\">\n            <div class=\"card-event__name\">\n                <p>Beksi\u0144ski.Live<\/p>\n            <\/div>\n            <div class=\"card-event__date\"><\/div>\n            <div class=\"card-event__location\">Warszawa, Wroc\u0142aw<\/div>\n        <\/div>\n    <\/div>\n<\/div>                                    <\/div>\n                                                                    <div class=\"events-carousel-block__sliderItem swiper-slide\"\n                                        data-id=\"144549\"\n                                        data-name=\"Zwiedzanie ZOO Warszawa\"\n                                        data-brand=\"Miasto Sto\u0142eczne Warszawa\"\n                                        data-category=\"zwiedzanie\"\n                                        data-subcategory=\"zoo\"\n                                        data-city=\"Warszawa\"\n                                        data-venue=\"\">\n                                        \n<div class=\"card-event  card-event--size-small\">\n        <a href=\"https:\/\/www.ebilet.pl\/zwiedzanie\/zoo\/zwiedzanie-zoo-warszawa\" target=\"_blank\" class=\"card-event__link\" rel=\"nofollow noopener\"><\/a>\n        <div class=\"card-event__wrapper\">\n        <div class=\"card-event__image\">\n            <img decoding=\"async\" src=\"https:\/\/www.ebilet.pl\/media\/cms\/media\/vxxcxvae\/04_bilet-domowy_656x369-05e8639e-58dc-445e-95ca-14f25e17b4f3.webp\" alt=\"\">\n        <\/div>\n        <div class=\"card-event__data\">\n            <div class=\"card-event__name\">\n                <p>Zwiedzanie ZOO Warszawa<\/p>\n            <\/div>\n            <div class=\"card-event__date\"><\/div>\n            <div class=\"card-event__location\">Warszawa<\/div>\n        <\/div>\n    <\/div>\n<\/div>                                    <\/div>\n                                                                    <div class=\"events-carousel-block__sliderItem swiper-slide\"\n                                        data-id=\"125950\"\n                                        data-name=\"Zwiedzanie ZOO Wroc\u0142aw\"\n                                        data-brand=\"ZOO Wroc\u0142aw\"\n                                        data-category=\"zwiedzanie\"\n                                        data-subcategory=\"zoo\"\n                                        data-city=\"Wroc\u0142aw\"\n                                        data-venue=\"ZOO we Wroc\u0142awiu\">\n                                        \n<div class=\"card-event  card-event--size-small\">\n        <a href=\"https:\/\/www.ebilet.pl\/zwiedzanie\/zoo\/zwiedzanie-zoo-wroclaw\" target=\"_blank\" class=\"card-event__link\" rel=\"nofollow noopener\"><\/a>\n        <div class=\"card-event__wrapper\">\n        <div class=\"card-event__image\">\n            <img decoding=\"async\" src=\"https:\/\/www.ebilet.pl\/media\/cms\/media\/wpzfsqii\/01_zoo_ebilet_656x369px-8e081b48-ed80-10b3-4ede-a1fdb0e8bde2.webp\" alt=\"\">\n        <\/div>\n        <div class=\"card-event__data\">\n            <div class=\"card-event__name\">\n                <p>Zwiedzanie ZOO Wroc\u0142aw<\/p>\n            <\/div>\n            <div class=\"card-event__date\"><\/div>\n            <div class=\"card-event__location\">Wroc\u0142aw<\/div>\n        <\/div>\n    <\/div>\n<\/div>                                    <\/div>\n                                                                    <div class=\"events-carousel-block__sliderItem swiper-slide\"\n                                        data-id=\"49432\"\n                                        data-name=\"Wroc\u0142aw Hip Hop Festival 2026\"\n                                        data-brand=\"Stowarzyszenie Planeta M\u0142odych\"\n                                        data-category=\"muzyka\"\n                                        data-subcategory=\"festiwale\"\n                                        data-city=\"Wroc\u0142aw\"\n                                        data-venue=\"Hala Stulecia\">\n                                        \n<div class=\"card-event  card-event--size-small\">\n        <a href=\"https:\/\/www.ebilet.pl\/muzyka\/festiwale\/wroclaw-hip-hop-festival\" target=\"_blank\" class=\"card-event__link\" rel=\"nofollow noopener\"><\/a>\n        <div class=\"card-event__wrapper\">\n        <div class=\"card-event__image\">\n            <img decoding=\"async\" src=\"https:\/\/www.ebilet.pl\/media\/cms\/media\/ijjninf5\/ebilet-grafiki-whhf-656x369-70d9e835-99c3-4111-8a4e-a15ed2733522.webp\" alt=\"\">\n        <\/div>\n        <div class=\"card-event__data\">\n            <div class=\"card-event__name\">\n                <p>Wroc\u0142aw Hip Hop Festival 2026<\/p>\n            <\/div>\n            <div class=\"card-event__date\"><\/div>\n            <div class=\"card-event__location\">Wroc\u0142aw<\/div>\n        <\/div>\n    <\/div>\n<\/div>                                    <\/div>\n                                                                    <div class=\"events-carousel-block__sliderItem swiper-slide\"\n                                        data-id=\"7104\"\n                                        data-name=\"Open&#039;er Festival 2027\"\n                                        data-brand=\"Alter Art\"\n                                        data-category=\"muzyka\"\n                                        data-subcategory=\"festiwale\"\n                                        data-city=\"Gdynia\"\n                                        data-venue=\"Lotnisko Gdynia - Kosakowo\">\n                                        \n<div class=\"card-event  card-event--size-small\">\n        <a href=\"https:\/\/www.ebilet.pl\/muzyka\/festiwale\/opener-festival\" target=\"_blank\" class=\"card-event__link\" rel=\"nofollow noopener\"><\/a>\n        <div class=\"card-event__wrapper\">\n        <div class=\"card-event__image\">\n            <img decoding=\"async\" src=\"https:\/\/www.ebilet.pl\/media\/cms\/media\/yllhazkq\/opene_2027_tameimpala_656x369_ebilet.webp\" alt=\"\">\n        <\/div>\n        <div class=\"card-event__data\">\n            <div class=\"card-event__name\">\n                <p>Open&#8217;er Festival 2027<\/p>\n            <\/div>\n            <div class=\"card-event__date\"><\/div>\n            <div class=\"card-event__location\">Gdynia<\/div>\n        <\/div>\n    <\/div>\n<\/div>                                    <\/div>\n                                                                    <div class=\"events-carousel-block__sliderItem swiper-slide\"\n                                        data-id=\"149533\"\n                                        data-name=\"JIMEK | Orkiestra | Go\u015bcie \u2013 Historia Polskiego Hip-Hopu. Rozdzia\u0142 III Ostatni\"\n                                        data-brand=\"NOTE THE NOTE SP\u00d3\u0141KA Z OGRANICZON\u0104 ODPOWIEDZIALNO\u015aCI\u0104\"\n                                        data-category=\"muzyka\"\n                                        data-subcategory=\"hip-hop-rap\"\n                                        data-city=\"Warszawa\"\n                                        data-venue=\"Lotnisko Bemowo (Warszawa-Babice)\">\n                                        \n<div class=\"card-event  card-event--size-small\">\n        <a href=\"https:\/\/www.ebilet.pl\/muzyka\/hip-hop-rap\/jimek\" target=\"_blank\" class=\"card-event__link\" rel=\"nofollow noopener\"><\/a>\n        <div class=\"card-event__wrapper\">\n        <div class=\"card-event__image\">\n            <img decoding=\"async\" src=\"https:\/\/www.ebilet.pl\/media\/cms\/media\/br5g3adk\/656x369-jimek-94ea5658-790b-4b12-bd07-ac87b14dfccd.webp\" alt=\"\">\n        <\/div>\n        <div class=\"card-event__data\">\n            <div class=\"card-event__name\">\n                <p>JIMEK | Orkiestra | Go\u015bcie \u2013 Historia Polskiego Hip-Hopu. Rozdzia\u0142 III Ostatni<\/p>\n            <\/div>\n            <div class=\"card-event__date\"><\/div>\n            <div class=\"card-event__location\">Warszawa<\/div>\n        <\/div>\n    <\/div>\n<\/div>                                    <\/div>\n                                                                    <div class=\"events-carousel-block__sliderItem swiper-slide\"\n                                        data-id=\"12072\"\n                                        data-name=\"Driftingowe Mistrzostwa Polski 2026 \/\/ New Grounds\"\n                                        data-brand=\"Polska Federacja Driftingu Sp. z o.o.\"\n                                        data-category=\"sport\"\n                                        data-subcategory=\"sporty-motorowe\"\n                                        data-city=\"Prze\u017amierowo\"\n                                        data-venue=\"Tor Pozna\u0144\">\n                                        \n<div class=\"card-event  card-event--size-small\">\n        <a href=\"https:\/\/www.ebilet.pl\/sport\/sporty-motorowe\/driftingowe-mistrzostwa-polski\" target=\"_blank\" class=\"card-event__link\" rel=\"nofollow noopener\"><\/a>\n        <div class=\"card-event__wrapper\">\n        <div class=\"card-event__image\">\n            <img decoding=\"async\" src=\"https:\/\/www.ebilet.pl\/media\/cms\/media\/jdrkqcix\/grafika_ebilet_dmp2026_rnd1_595x-1-51faa121-e406-43e8-9235-5e44f475fc0e.webp\" alt=\"\">\n        <\/div>\n        <div class=\"card-event__data\">\n            <div class=\"card-event__name\">\n                <p>Driftingowe Mistrzostwa Polski 2026 \/\/ New Grounds<\/p>\n            <\/div>\n            <div class=\"card-event__date\"><\/div>\n            <div class=\"card-event__location\">Prze\u017amierowo<\/div>\n        <\/div>\n    <\/div>\n<\/div>                                    <\/div>\n                                                                    <div class=\"events-carousel-block__sliderItem swiper-slide\"\n                                        data-id=\"146404\"\n                                        data-name=\"Taneczny Spodek - Festiwal Muzyki Disco\"\n                                        data-brand=\"Junior Media Music Micha\u0142 Jele\u0144\"\n                                        data-category=\"muzyka\"\n                                        data-subcategory=\"disco-polo\"\n                                        data-city=\"Katowice\"\n                                        data-venue=\"Hala Spodek\">\n                                        \n<div class=\"card-event  card-event--size-small\">\n        <a href=\"https:\/\/www.ebilet.pl\/muzyka\/disco-polo\/taneczny-spodek\" target=\"_blank\" class=\"card-event__link\" rel=\"nofollow noopener\"><\/a>\n        <div class=\"card-event__wrapper\">\n        <div class=\"card-event__image\">\n            <img decoding=\"async\" src=\"https:\/\/www.ebilet.pl\/media\/cms\/media\/w1cnpnzg\/tanecznyspodek-wydarzenie-656x369-1-f9f29e67-4f26-4d0c-abc7-f096ac1d40ff.webp\" alt=\"\">\n        <\/div>\n        <div class=\"card-event__data\">\n            <div class=\"card-event__name\">\n                <p>Taneczny Spodek &#8211; Festiwal Muzyki Disco<\/p>\n            <\/div>\n            <div class=\"card-event__date\"><\/div>\n            <div class=\"card-event__location\">Katowice<\/div>\n        <\/div>\n    <\/div>\n<\/div>                                    <\/div>\n                                                                    <div class=\"events-carousel-block__sliderItem swiper-slide\"\n                                        data-id=\"20774\"\n                                        data-name=\"Deep Purple + Jayler\"\n                                        data-brand=\"Mystic Coalition sp. zoo\"\n                                        data-category=\"muzyka\"\n                                        data-subcategory=\"rock\"\n                                        data-city=\"\u0141\u00f3d\u017a\"\n                                        data-venue=\"Atlas Arena\">\n                                        \n<div class=\"card-event  card-event--size-small\">\n        <a href=\"https:\/\/www.ebilet.pl\/muzyka\/rock\/deep-purple\" target=\"_blank\" class=\"card-event__link\" rel=\"nofollow noopener\"><\/a>\n        <div class=\"card-event__wrapper\">\n        <div class=\"card-event__image\">\n            <img decoding=\"async\" src=\"https:\/\/www.ebilet.pl\/media\/cms\/media\/ejqphb2d\/deep_purple_656x369-571f9c06-a899-454b-933a-e6b7cda413a8.webp\" alt=\"\">\n        <\/div>\n        <div class=\"card-event__data\">\n            <div class=\"card-event__name\">\n                <p>Deep Purple + Jayler<\/p>\n            <\/div>\n            <div class=\"card-event__date\"><\/div>\n            <div class=\"card-event__location\">\u0141\u00f3d\u017a<\/div>\n        <\/div>\n    <\/div>\n<\/div>                                    <\/div>\n                                                                    <div class=\"events-carousel-block__sliderItem swiper-slide\"\n                                        data-id=\"100692\"\n                                        data-name=\"VAN GOGH \u2013 Wystawa Immersyjna - Lublin\"\n                                        data-brand=\"High Note Events Sp. z o.o. S.k.\"\n                                        data-category=\"biznes\"\n                                        data-subcategory=\"wystawa\"\n                                        data-city=\"Lublin\"\n                                        data-venue=\"HANGAR SZTUKI, Lublin\">\n                                        \n<div class=\"card-event  card-event--size-small\">\n        <a href=\"https:\/\/www.ebilet.pl\/biznes\/wystawa\/van-gogh\" target=\"_blank\" class=\"card-event__link\" rel=\"nofollow noopener\"><\/a>\n        <div class=\"card-event__wrapper\">\n        <div class=\"card-event__image\">\n            <img decoding=\"async\" src=\"https:\/\/www.ebilet.pl\/media\/cms\/media\/ugfl0pib\/nowa-ebilet-_vg-__-lublin_-656-x-369-82f538ac-1e12-462c-a3ee-f547f809048f.webp\" alt=\"\">\n        <\/div>\n        <div class=\"card-event__data\">\n            <div class=\"card-event__name\">\n                <p>VAN GOGH \u2013 Wystawa Immersyjna &#8211; Lublin<\/p>\n            <\/div>\n            <div class=\"card-event__date\"><\/div>\n            <div class=\"card-event__location\">Lublin<\/div>\n        <\/div>\n    <\/div>\n<\/div>                                    <\/div>\n                                                            <\/div>\n                        <\/div>\n                    <\/div>\n                    <div class=\"events-carousel-block__pagination\">\n                        <div class=\"swiper-pagination slider-pagination\" data-events-carousel-pagination><\/div>\n                    <\/div>\n                <\/div>\n            <\/div>\n        <\/div>\n    <\/section>\n\n\n\n<section class=\"text-block  section-margin-32\" >\n    <div class=\"container\">\n        <div class=\"row\">\n            <div class=\"col-24\">\n                <div class=\"text-block__content\"><h2><strong>Selena Gomez \u2013 kim jest?<\/strong><\/h2>\n<p><span style=\"font-weight: 400;\">Selena Gomez to ameryka\u0144ska piosenkarka, producentka filmowa i aktorka. Sta\u0142a si\u0119 znana dzi\u0119ki roli Alex Russo w serialu m\u0142odzie\u017cowym &#8216;Czarodzieje z Waverly Place&#8217;. Opr\u00f3cz tego pojawi\u0142a si\u0119 tak\u017ce w takich produkcjach, jak m.in.:<\/span><\/p>\n<ul>\n<li style=\"font-weight: 400;\" aria-level=\"1\"><span style=\"font-weight: 400;\">&#8216;Program ochrony ksi\u0119\u017cniczek&#8217;,<\/span><\/li>\n<li style=\"font-weight: 400;\" aria-level=\"1\"><span style=\"font-weight: 400;\">&#8216;Czarodzieje z Waverly Place: Film&#8217;,<\/span><\/li>\n<li style=\"font-weight: 400;\" aria-level=\"1\"><span style=\"font-weight: 400;\">Kopciuszek: Rozta\u0144czona historia&#8217;,<\/span><\/li>\n<li style=\"font-weight: 400;\" aria-level=\"1\"><span style=\"font-weight: 400;\">&#8216;Ramona i Beezus&#8217;.\u00a0<\/span><\/li>\n<\/ul>\n<p><b>Za\u0142o\u017cy\u0142a zesp\u00f3\u0142 Selena Gomez &amp; the Scene, z kt\u00f3rym wypu\u015bci\u0142a trzy p\u0142yty:<\/b><\/p>\n<ul>\n<li style=\"font-weight: 400;\" aria-level=\"1\"><span style=\"font-weight: 400;\">&#8216;Kiss &amp; Tell&#8217;,<\/span><\/li>\n<li style=\"font-weight: 400;\" aria-level=\"1\"><span style=\"font-weight: 400;\">&#8216;A Year Without Rain&#8217;,<\/span><\/li>\n<li style=\"font-weight: 400;\" aria-level=\"1\"><span style=\"font-weight: 400;\">&#8216;When the Sun Goes Down&#8217;.<\/span><\/li>\n<\/ul>\n<p><b>Pochodz\u0105 z nich takie hity, jak chocia\u017cby &#8216;Naturally&#8217; i &#8216;Love You Like a Love Song&#8217;. P\u00f3\u017aniej artystka zacz\u0119\u0142a wypuszcza\u0107 solowe p\u0142yty:<\/b><\/p>\n<ul>\n<li style=\"font-weight: 400;\" aria-level=\"1\"><span style=\"font-weight: 400;\">&#8216;Stars Dance&#8217;,<\/span><\/li>\n<li style=\"font-weight: 400;\" aria-level=\"1\"><span style=\"font-weight: 400;\">&#8216;Revival&#8217;,<\/span><\/li>\n<li style=\"font-weight: 400;\" aria-level=\"1\"><span style=\"font-weight: 400;\">&#8216;Rare&#8217;,<\/span><\/li>\n<li style=\"font-weight: 400;\" aria-level=\"1\"><span style=\"font-weight: 400;\">&#8216;Revelaci\u00f3n&#8217;.<\/span><\/li>\n<\/ul>\n<h3><strong>Ciekawostki o Selenie Gomez<\/strong><\/h3>\n<ol>\n<li style=\"font-weight: 400;\" aria-level=\"1\"><span style=\"font-weight: 400;\">Selena Gomez jest honorow\u0105 ambasadork\u0105 dobrej woli UNICEF i jednocze\u015bnie najm\u0142odsz\u0105 cz\u0142onkini\u0105 tego gremium. Udziela\u0142a si\u0119 w akcji &#8216;Raise Hope for Congo&#8217;, dzi\u0119ki kt\u00f3rej wzros\u0142a \u015bwiadomo\u015b\u0107 o przemocy wobec kobiet w Republice Konga.<\/span><\/li>\n<li style=\"font-weight: 400;\" aria-level=\"1\"><span style=\"font-weight: 400;\">Ma swoj\u0105 mark\u0119 kosmetyczn\u0105 Rare Beauty, kt\u00f3r\u0105 stworzy\u0142a we wsp\u00f3\u0142pracy z sieci\u0105 Sephora.<\/span><\/li>\n<li style=\"font-weight: 400;\" aria-level=\"1\"><span style=\"font-weight: 400;\">Prywatnie piosenkarka choruje na tocze\u0144 rumieniowaty, a w 2017 roku przesz\u0142a przeszczep nerki.\u00a0<\/span><\/li>\n<li style=\"font-weight: 400;\" aria-level=\"1\"><span style=\"font-weight: 400;\">Wyst\u0105pi\u0142a w teledyskach innych gwiazd (&#8216;Burning Up&#8217; Jonas Brothers, &#8216;City of Angels&#8217; 30 Seconds to Mars oraz &#8216;Bad Blood&#8217; Taylor Swift&#8217;).\u00a0<\/span><\/li>\n<li style=\"font-weight: 400;\" aria-level=\"1\"><span style=\"font-weight: 400;\">Zagra\u0142a tak\u017ce w wielu reklamach, m.in. mleka firmy Borden, &#8216;Tap Project&#8217; UNICEF-u, gali MTV European Music Awards 2011, w\u0142asnych perfum &#8216;Vivamore&#8217;, szamponu Pantene, ubra\u0144 Puma.\u00a0<\/span><\/li>\n<li style=\"font-weight: 400;\" aria-level=\"1\"><span style=\"font-weight: 400;\">By\u0142a brana pod uwag\u0119 do roli Hannah Baker w serialu &#8216;Trzyna\u015bcie powod\u00f3w&#8217;, jednak gdy dosz\u0142o do realizacji projektu, Selena Gomez by\u0142a zbyt dojrza\u0142a do grania nastolatki. Selena zosta\u0142a jednak producentk\u0105 wykonawcz\u0105 serialu.\u00a0<\/span><\/li>\n<\/ol>\n<\/div>\n            <\/div>\n        <\/div>\n    <\/div>\n<\/section>\n\n\n<section class=\"events-slider-block  section-margin-32\" data-events-slider-block data-carousel-title=\"Nowo\u015bci na eBilet\" data-carousel-type=\"karuzela_z_t\u0142em\" data-item-list-name=\"Karuzela z t\u0142em Nowo\u015bci na eBilet\" data-item-list-id=\"karuzela_z_t\u0142em Nowo\u015bci na eBilet\" >\n    <div class=\"container\">\n        <div class=\"row\">\n            <div class=\"col-24\">\n                <div class=\"events-slider-block__wrapper\">\n                                            <div class=\"events-slider-block__bg\"><img loading=\"lazy\" decoding=\"async\" width=\"1920\" height=\"1080\" src=\"https:\/\/www.ebilet.pl\/now\/app\/uploads\/2024\/04\/shutterstock_1308510637.jpg\" class=\"attachment-full size-full\" alt=\"Fot.\" srcset=\"https:\/\/www.ebilet.pl\/now\/app\/uploads\/2024\/04\/shutterstock_1308510637.jpg 1920w, https:\/\/www.ebilet.pl\/now\/app\/uploads\/2024\/04\/shutterstock_1308510637-1024x576.jpg 1024w, https:\/\/www.ebilet.pl\/now\/app\/uploads\/2024\/04\/shutterstock_1308510637-1536x864.jpg 1536w, https:\/\/www.ebilet.pl\/now\/app\/uploads\/2024\/04\/shutterstock_1308510637-1280x720.jpg 1280w, https:\/\/www.ebilet.pl\/now\/app\/uploads\/2024\/04\/shutterstock_1308510637-500x281.jpg 500w, https:\/\/www.ebilet.pl\/now\/app\/uploads\/2024\/04\/shutterstock_1308510637-632x356.jpg 632w, https:\/\/www.ebilet.pl\/now\/app\/uploads\/2024\/04\/shutterstock_1308510637-308x174.jpg 308w\" sizes=\"auto, (max-width: 1920px) 100vw, 1920px\" \/><\/div>\n                                                                <div class=\"events-slider-block__top\">\n                                                            <div class=\"events-slider-block__title desktop\">\n                                    <h2 class=\"typo-h2\">Nowo\u015bci na eBilet<\/h2>\n                                <\/div>\n                                                                                        <div class=\"events-slider-block__title mobile\">\n                                    <h2 class=\"typo-h2\">Nowo\u015bci na eBilet<\/h2>\n                                <\/div>\n                                                    <\/div>\n                                                            <div class=\"events-slider-block__main\">\n                        <div class=\"events-slider-block__nav events-slider-block__nav--prev\">\n                            <div class=\"button button--withIcon button--theme-white-blur button--size-fixed-48\" data-events-prev>\n                                <span class=\"button__icon icon icon-chevron-left\"><\/span>\n                            <\/div>\n                        <\/div>\n                        <div class=\"events-slider-block__nav events-slider-block__nav--next\">\n                            <div class=\"button button--withIcon button--theme-white-blur button--size-fixed-48\" data-events-next>\n                                <span class=\"button__icon icon icon-chevron-right\"><\/span>\n                            <\/div>\n                        <\/div>\n                        <div class=\"events-slider-block__slider\">\n                            <div class=\"swiper\" data-events-slider>\n                                <div class=\"events-slider-block__sliderWrapper swiper-wrapper\">\n                                                                    <div class=\"events-slider-block__sliderItem swiper-slide\">\n                                    \n<div class=\"card-event  card-event--size-small\">\n        <a href=\"https:\/\/www.ebilet.pl\/muzyka\/festiwale\/orange-warsaw-festival\" target=\"_blank\" class=\"card-event__link\" rel=\"nofollow noopener\"><\/a>\n        <div class=\"card-event__wrapper\">\n        <div class=\"card-event__image\">\n            <img decoding=\"async\" src=\"https:\/\/www.ebilet.pl\/media\/cms\/media\/10tfavkl\/owf27_wejs-cie_portal_552x736.webp\" alt=\"\">\n        <\/div>\n        <div class=\"card-event__data\">\n            <div class=\"card-event__name\">\n                <p>Orange Warsaw Festival 2027<\/p>\n            <\/div>\n            <div class=\"card-event__date\"><\/div>\n            <div class=\"card-event__location\"><\/div>\n        <\/div>\n    <\/div>\n<\/div>                                    <\/div>\n                                                                    <div class=\"events-slider-block__sliderItem swiper-slide\">\n                                    \n<div class=\"card-event  card-event--size-small\">\n        <a href=\"https:\/\/www.ebilet.pl\/teatr\/musicale\/wielki-gatsby\" target=\"_blank\" class=\"card-event__link\" rel=\"nofollow noopener\"><\/a>\n        <div class=\"card-event__wrapper\">\n        <div class=\"card-event__image\">\n            <img decoding=\"async\" src=\"https:\/\/www.ebilet.pl\/media\/cms\/media\/5eihaojx\/552x736-c1222f1c-09f0-4f58-a3ca-98b5badf4b8b.webp\" alt=\"\">\n        <\/div>\n        <div class=\"card-event__data\">\n            <div class=\"card-event__name\">\n                <p>Wielki Gatsby<\/p>\n            <\/div>\n            <div class=\"card-event__date\"><\/div>\n            <div class=\"card-event__location\"><\/div>\n        <\/div>\n    <\/div>\n<\/div>                                    <\/div>\n                                                                    <div class=\"events-slider-block__sliderItem swiper-slide\">\n                                    \n<div class=\"card-event  card-event--size-small\">\n        <a href=\"https:\/\/www.ebilet.pl\/teatr\/tragedia-dramat\/powodzenia-leo-grande\" target=\"_blank\" class=\"card-event__link\" rel=\"nofollow noopener\"><\/a>\n        <div class=\"card-event__wrapper\">\n        <div class=\"card-event__image\">\n            <img decoding=\"async\" src=\"https:\/\/www.ebilet.pl\/media\/cms\/media\/id1npal2\/552x736-b60cb163-87db-43ce-a14e-fd8ba6cf2ab8.webp\" alt=\"\">\n        <\/div>\n        <div class=\"card-event__data\">\n            <div class=\"card-event__name\">\n                <p>Powodzenia, Leo Grande<\/p>\n            <\/div>\n            <div class=\"card-event__date\">23.03.2027-23.03.2027<\/div>\n            <div class=\"card-event__location\">Warszawa<\/div>\n        <\/div>\n    <\/div>\n<\/div>                                    <\/div>\n                                                                    <div class=\"events-slider-block__sliderItem swiper-slide\">\n                                    \n<div class=\"card-event  card-event--size-small\">\n        <a href=\"https:\/\/www.ebilet.pl\/klasyka\/koncert\/broadway-i-west-end-przy-swiecach\" target=\"_blank\" class=\"card-event__link\" rel=\"nofollow noopener\"><\/a>\n        <div class=\"card-event__wrapper\">\n        <div class=\"card-event__image\">\n            <img decoding=\"async\" src=\"https:\/\/www.ebilet.pl\/media\/cms\/media\/diqhu23q\/ebilet-552x736-2-57ba47e4-68e0-4bc9-8635-374ebdd67a78.webp\" alt=\"\">\n        <\/div>\n        <div class=\"card-event__data\">\n            <div class=\"card-event__name\">\n                <p>Broadway i West End przy \u015bwiecach &#8211; Mistrzowie Musicalu<\/p>\n            <\/div>\n            <div class=\"card-event__date\">06.09.2026-06.09.2026<\/div>\n            <div class=\"card-event__location\">Bielsko-Bia\u0142a, Gda\u0144sk, Gdynia i inne<\/div>\n        <\/div>\n    <\/div>\n<\/div>                                    <\/div>\n                                                                    <div class=\"events-slider-block__sliderItem swiper-slide\">\n                                    \n<div class=\"card-event  card-event--size-small\">\n        <a href=\"https:\/\/www.ebilet.pl\/sport\/sporty-walki\/gala-ksw\" target=\"_blank\" class=\"card-event__link\" rel=\"nofollow noopener\"><\/a>\n        <div class=\"card-event__wrapper\">\n        <div class=\"card-event__image\">\n            <img decoding=\"async\" src=\"https:\/\/www.ebilet.pl\/media\/cms\/media\/rk2ji5me\/ksw124_552x736-kopia-dba06461-adab-46b7-97d7-d2f73141ebd4.webp\" alt=\"\">\n        <\/div>\n        <div class=\"card-event__data\">\n            <div class=\"card-event__name\">\n                <p>XTB KSW 124<\/p>\n            <\/div>\n            <div class=\"card-event__date\">19.12.2026-19.12.2026<\/div>\n            <div class=\"card-event__location\">Gliwice<\/div>\n        <\/div>\n    <\/div>\n<\/div>                                    <\/div>\n                                                                    <div class=\"events-slider-block__sliderItem swiper-slide\">\n                                    \n<div class=\"card-event  card-event--size-small\">\n        <a href=\"https:\/\/www.ebilet.pl\/klasyka\/balet-taniec\/panstwowy-ansambl-gruzji-aphkhazeti\" target=\"_blank\" class=\"card-event__link\" rel=\"nofollow noopener\"><\/a>\n        <div class=\"card-event__wrapper\">\n        <div class=\"card-event__image\">\n            <img decoding=\"async\" src=\"https:\/\/www.ebilet.pl\/media\/cms\/media\/zn1nrf0b\/552x736-17-f9d5d1d0-2d59-4a6d-b4a1-1867a7836e10.webp\" alt=\"\">\n        <\/div>\n        <div class=\"card-event__data\">\n            <div class=\"card-event__name\">\n                <p>APHKHAZETI &#8211; Gruzi\u0144ski Pa\u0144stwowy Balet z ch\u00f3rem i orkiestr\u0105<\/p>\n            <\/div>\n            <div class=\"card-event__date\">01.03.2027-01.03.2027<\/div>\n            <div class=\"card-event__location\">Katowice, Krak\u00f3w, \u0141\u00f3d\u017a i inne<\/div>\n        <\/div>\n    <\/div>\n<\/div>                                    <\/div>\n                                                                    <div class=\"events-slider-block__sliderItem swiper-slide\">\n                                    \n<div class=\"card-event  card-event--size-small\">\n        <a href=\"https:\/\/www.ebilet.pl\/klasyka\/koncert\/chopin\" target=\"_blank\" class=\"card-event__link\" rel=\"nofollow noopener\"><\/a>\n        <div class=\"card-event__wrapper\">\n        <div class=\"card-event__image\">\n            <img decoding=\"async\" src=\"https:\/\/www.ebilet.pl\/media\/cms\/media\/0jcpgkuj\/552x736.webp\" alt=\"\">\n        <\/div>\n        <div class=\"card-event__data\">\n            <div class=\"card-event__name\">\n                <p>Koncert Chopinowski<\/p>\n            <\/div>\n            <div class=\"card-event__date\">06.09.2026-06.09.2026<\/div>\n            <div class=\"card-event__location\">Warszawa<\/div>\n        <\/div>\n    <\/div>\n<\/div>                                    <\/div>\n                                                                    <div class=\"events-slider-block__sliderItem swiper-slide\">\n                                    \n<div class=\"card-event  card-event--size-small\">\n        <a href=\"https:\/\/www.ebilet.pl\/muzyka\/rock\/blind-channel\" target=\"_blank\" class=\"card-event__link\" rel=\"nofollow noopener\"><\/a>\n        <div class=\"card-event__wrapper\">\n        <div class=\"card-event__image\">\n            <img decoding=\"async\" src=\"https:\/\/www.ebilet.pl\/media\/cms\/media\/heakcnq4\/blind-channel-ebilet-strona-wydarzenia-pion-wspo-lne.webp\" alt=\"\">\n        <\/div>\n        <div class=\"card-event__data\">\n            <div class=\"card-event__name\">\n                <p>Blind Channel<\/p>\n            <\/div>\n            <div class=\"card-event__date\">11.02.2027-11.02.2027<\/div>\n            <div class=\"card-event__location\">Krak\u00f3w, Warszawa<\/div>\n        <\/div>\n    <\/div>\n<\/div>                                    <\/div>\n                                                                    <div class=\"events-slider-block__sliderItem swiper-slide\">\n                                    \n<div class=\"card-event  card-event--size-small\">\n        <a href=\"https:\/\/www.ebilet.pl\/klasyka\/opera-operetka\/gala-operowa\" target=\"_blank\" class=\"card-event__link\" rel=\"nofollow noopener\"><\/a>\n        <div class=\"card-event__wrapper\">\n        <div class=\"card-event__image\">\n            <img decoding=\"async\" src=\"https:\/\/www.ebilet.pl\/media\/cms\/media\/upep01ak\/ebilet-552x736-gala-operowa-knapczyk-eb-aa3872aa-1b03-4f4b-b1ae-0fd8be6a1b1e.webp\" alt=\"\">\n        <\/div>\n        <div class=\"card-event__data\">\n            <div class=\"card-event__name\">\n                <p>Wielka Gala Operowa: Krzysztof Knapczyk, Carmen, La Traviata, Turandot<\/p>\n            <\/div>\n            <div class=\"card-event__date\">18.10.2026-18.10.2026<\/div>\n            <div class=\"card-event__location\">Bia\u0142ystok, Gda\u0144sk, Gorz\u00f3w Wielkopolski i inne<\/div>\n        <\/div>\n    <\/div>\n<\/div>                                    <\/div>\n                                                                    <div class=\"events-slider-block__sliderItem swiper-slide\">\n                                    \n<div class=\"card-event  card-event--size-small\">\n        <a href=\"https:\/\/www.ebilet.pl\/muzyka\/hip-hop-rap\/otsochodzi\" target=\"_blank\" class=\"card-event__link\" rel=\"nofollow noopener\"><\/a>\n        <div class=\"card-event__wrapper\">\n        <div class=\"card-event__image\">\n            <img decoding=\"async\" src=\"https:\/\/www.ebilet.pl\/media\/cms\/media\/ucuizr2w\/tt-552-x-736-kopia.webp\" alt=\"\">\n        <\/div>\n        <div class=\"card-event__data\">\n            <div class=\"card-event__name\">\n                <p>Otsochodzi &#8211; RIOTT<\/p>\n            <\/div>\n            <div class=\"card-event__date\">01.10.2026-01.10.2026<\/div>\n            <div class=\"card-event__location\">Gda\u0144sk, Krak\u00f3w, Pozna\u0144 i inne<\/div>\n        <\/div>\n    <\/div>\n<\/div>                                    <\/div>\n                                                                    <div class=\"events-slider-block__sliderItem swiper-slide\">\n                                    \n<div class=\"card-event  card-event--size-small\">\n        <a href=\"https:\/\/www.ebilet.pl\/muzyka\/rock\/kult-koncerty\" target=\"_blank\" class=\"card-event__link\" rel=\"nofollow noopener\"><\/a>\n        <div class=\"card-event__wrapper\">\n        <div class=\"card-event__image\">\n            <img decoding=\"async\" src=\"https:\/\/www.ebilet.pl\/media\/cms\/media\/wkun24dx\/kult_kato_ebilet_552x7362-e37ee07b-c83a-4c9a-9173-50357c70e10b.webp\" alt=\"\">\n        <\/div>\n        <div class=\"card-event__data\">\n            <div class=\"card-event__name\">\n                <p>Kult &#8211; Trasa Pomara\u0144czowa 2026<\/p>\n            <\/div>\n            <div class=\"card-event__date\">30.10.2026-30.10.2026<\/div>\n            <div class=\"card-event__location\">Katowice, \u0141\u00f3d\u017a, Wroc\u0142aw<\/div>\n        <\/div>\n    <\/div>\n<\/div>                                    <\/div>\n                                                                    <div class=\"events-slider-block__sliderItem swiper-slide\">\n                                    \n<div class=\"card-event  card-event--size-small\">\n        <a href=\"https:\/\/www.ebilet.pl\/klasyka\/koncert\/festiwal-pianistyczny-na-instrumentach-historycznych\" target=\"_blank\" class=\"card-event__link\" rel=\"nofollow noopener\"><\/a>\n        <div class=\"card-event__wrapper\">\n        <div class=\"card-event__image\">\n            <img decoding=\"async\" src=\"https:\/\/www.ebilet.pl\/media\/cms\/media\/vphe1lch\/552x736-2026-09-04t142751974-cefe0e84-0e5a-4e30-8c65-0200d5c1f5ef.webp\" alt=\"\">\n        <\/div>\n        <div class=\"card-event__data\">\n            <div class=\"card-event__name\">\n                <p>Festiwal pianistyczny na instrumentach historycznych<\/p>\n            <\/div>\n            <div class=\"card-event__date\">11.09.2026-11.09.2026<\/div>\n            <div class=\"card-event__location\">Nowy Wi\u015bnicz<\/div>\n        <\/div>\n    <\/div>\n<\/div>                                    <\/div>\n                                                                    <div class=\"events-slider-block__sliderItem swiper-slide\">\n                                    \n<div class=\"card-event  card-event--size-small\">\n        <a href=\"https:\/\/www.ebilet.pl\/teatr\/komedia\/do-zobaczenia-za-rok\" target=\"_blank\" class=\"card-event__link\" rel=\"nofollow noopener\"><\/a>\n        <div class=\"card-event__wrapper\">\n        <div class=\"card-event__image\">\n            <img decoding=\"async\" src=\"https:\/\/www.ebilet.pl\/media\/cms\/media\/vxlnrkge\/552x736.webp\" alt=\"\">\n        <\/div>\n        <div class=\"card-event__data\">\n            <div class=\"card-event__name\">\n                <p>Do zobaczenia za rok<\/p>\n            <\/div>\n            <div class=\"card-event__date\">18.10.2026-18.10.2026<\/div>\n            <div class=\"card-event__location\">Gda\u0144sk<\/div>\n        <\/div>\n    <\/div>\n<\/div>                                    <\/div>\n                                                                    <div class=\"events-slider-block__sliderItem swiper-slide\">\n                                    \n<div class=\"card-event  card-event--size-small\">\n        <a href=\"https:\/\/www.ebilet.pl\/muzyka\/piosenka\/kochajmy-starszych-panow\" target=\"_blank\" class=\"card-event__link\" rel=\"nofollow noopener\"><\/a>\n        <div class=\"card-event__wrapper\">\n        <div class=\"card-event__image\">\n            <img decoding=\"async\" src=\"https:\/\/www.ebilet.pl\/media\/cms\/media\/si1frm4x\/ebilet_552x736_kochajmy-starszych-pan_w-8ffc6954-6a62-4510-83c1-0a662ceae353.webp\" alt=\"\">\n        <\/div>\n        <div class=\"card-event__data\">\n            <div class=\"card-event__name\">\n                <p>Kochajmy Starszych Pan\u00f3w!<\/p>\n            <\/div>\n            <div class=\"card-event__date\">15.10.2026-15.10.2026<\/div>\n            <div class=\"card-event__location\">Szczecin, Wroc\u0142aw<\/div>\n        <\/div>\n    <\/div>\n<\/div>                                    <\/div>\n                                                                    <div class=\"events-slider-block__sliderItem swiper-slide\">\n                                    \n<div class=\"card-event  card-event--size-small\">\n        <a href=\"https:\/\/www.ebilet.pl\/muzyka\/pop\/piaseczny-the-best-of\" target=\"_blank\" class=\"card-event__link\" rel=\"nofollow noopener\"><\/a>\n        <div class=\"card-event__wrapper\">\n        <div class=\"card-event__image\">\n            <img decoding=\"async\" src=\"https:\/\/www.ebilet.pl\/media\/cms\/media\/tx5fyo3c\/552x736-b9704cdf-5ae9-496f-b7ac-78c53124b73d.webp\" alt=\"\">\n        <\/div>\n        <div class=\"card-event__data\">\n            <div class=\"card-event__name\">\n                <p>Andrzej Piaseczny &#8211; The Best<\/p>\n            <\/div>\n            <div class=\"card-event__date\">08.11.2026-08.11.2026<\/div>\n            <div class=\"card-event__location\">Gda\u0144sk<\/div>\n        <\/div>\n    <\/div>\n<\/div>                                    <\/div>\n                                                                <\/div>\n                            <\/div>\n                        <\/div>\n                        <div class=\"events-slider-block__events swiper\" data-events-events-descriptions>\n                            <div class=\"events-slider-block__eventsWrapper swiper-wrapper\">\n                                                            <div class=\"events-slider-block__eventsItem swiper-slide\">\n                                    <a href=\"https:\/\/www.ebilet.pl\/muzyka\/festiwale\/orange-warsaw-festival\" target=\"_blank\" class=\"events-slider-block__eventsName\">\n                                        <p>Orange Warsaw Festival 2027<\/p>\n                                    <\/a>\n                                    <div class=\"events-slider-block__eventsDate\">\n                                                                            <\/div>\n                                    <div class=\"events-slider-block__eventsLocation\"><\/div>\n                                <\/div>\n                                                            <div class=\"events-slider-block__eventsItem swiper-slide\">\n                                    <a href=\"https:\/\/www.ebilet.pl\/teatr\/musicale\/wielki-gatsby\" target=\"_blank\" class=\"events-slider-block__eventsName\">\n                                        <p>Wielki Gatsby<\/p>\n                                    <\/a>\n                                    <div class=\"events-slider-block__eventsDate\">\n                                                                            <\/div>\n                                    <div class=\"events-slider-block__eventsLocation\"><\/div>\n                                <\/div>\n                                                            <div class=\"events-slider-block__eventsItem swiper-slide\">\n                                    <a href=\"https:\/\/www.ebilet.pl\/teatr\/tragedia-dramat\/powodzenia-leo-grande\" target=\"_blank\" class=\"events-slider-block__eventsName\">\n                                        <p>Powodzenia, Leo Grande<\/p>\n                                    <\/a>\n                                    <div class=\"events-slider-block__eventsDate\">\n                                        23.03.2027-23.03.2027                                    <\/div>\n                                    <div class=\"events-slider-block__eventsLocation\">Warszawa<\/div>\n                                <\/div>\n                                                            <div class=\"events-slider-block__eventsItem swiper-slide\">\n                                    <a href=\"https:\/\/www.ebilet.pl\/klasyka\/koncert\/broadway-i-west-end-przy-swiecach\" target=\"_blank\" class=\"events-slider-block__eventsName\">\n                                        <p>Broadway i West End przy \u015bwiecach &#8211; Mistrzowie Musicalu<\/p>\n                                    <\/a>\n                                    <div class=\"events-slider-block__eventsDate\">\n                                        06.09.2026-09.12.2028                                    <\/div>\n                                    <div class=\"events-slider-block__eventsLocation\">Bielsko-Bia\u0142a, Gda\u0144sk, Gdynia i inne<\/div>\n                                <\/div>\n                                                            <div class=\"events-slider-block__eventsItem swiper-slide\">\n                                    <a href=\"https:\/\/www.ebilet.pl\/sport\/sporty-walki\/gala-ksw\" target=\"_blank\" class=\"events-slider-block__eventsName\">\n                                        <p>XTB KSW 124<\/p>\n                                    <\/a>\n                                    <div class=\"events-slider-block__eventsDate\">\n                                        19.12.2026-19.12.2026                                    <\/div>\n                                    <div class=\"events-slider-block__eventsLocation\">Gliwice<\/div>\n                                <\/div>\n                                                            <div class=\"events-slider-block__eventsItem swiper-slide\">\n                                    <a href=\"https:\/\/www.ebilet.pl\/klasyka\/balet-taniec\/panstwowy-ansambl-gruzji-aphkhazeti\" target=\"_blank\" class=\"events-slider-block__eventsName\">\n                                        <p>APHKHAZETI &#8211; Gruzi\u0144ski Pa\u0144stwowy Balet z ch\u00f3rem i orkiestr\u0105<\/p>\n                                    <\/a>\n                                    <div class=\"events-slider-block__eventsDate\">\n                                        01.03.2027-11.03.2027                                    <\/div>\n                                    <div class=\"events-slider-block__eventsLocation\">Katowice, Krak\u00f3w, \u0141\u00f3d\u017a i inne<\/div>\n                                <\/div>\n                                                            <div class=\"events-slider-block__eventsItem swiper-slide\">\n                                    <a href=\"https:\/\/www.ebilet.pl\/klasyka\/koncert\/chopin\" target=\"_blank\" class=\"events-slider-block__eventsName\">\n                                        <p>Koncert Chopinowski<\/p>\n                                    <\/a>\n                                    <div class=\"events-slider-block__eventsDate\">\n                                        06.09.2026-30.12.2026                                    <\/div>\n                                    <div class=\"events-slider-block__eventsLocation\">Warszawa<\/div>\n                                <\/div>\n                                                            <div class=\"events-slider-block__eventsItem swiper-slide\">\n                                    <a href=\"https:\/\/www.ebilet.pl\/muzyka\/rock\/blind-channel\" target=\"_blank\" class=\"events-slider-block__eventsName\">\n                                        <p>Blind Channel<\/p>\n                                    <\/a>\n                                    <div class=\"events-slider-block__eventsDate\">\n                                        11.02.2027-12.02.2027                                    <\/div>\n                                    <div class=\"events-slider-block__eventsLocation\">Krak\u00f3w, Warszawa<\/div>\n                                <\/div>\n                                                            <div class=\"events-slider-block__eventsItem swiper-slide\">\n                                    <a href=\"https:\/\/www.ebilet.pl\/klasyka\/opera-operetka\/gala-operowa\" target=\"_blank\" class=\"events-slider-block__eventsName\">\n                                        <p>Wielka Gala Operowa: Krzysztof Knapczyk, Carmen, La Traviata, Turandot<\/p>\n                                    <\/a>\n                                    <div class=\"events-slider-block__eventsDate\">\n                                        18.10.2026-08.12.2028                                    <\/div>\n                                    <div class=\"events-slider-block__eventsLocation\">Bia\u0142ystok, Gda\u0144sk, Gorz\u00f3w Wielkopolski i inne<\/div>\n                                <\/div>\n                                                            <div class=\"events-slider-block__eventsItem swiper-slide\">\n                                    <a href=\"https:\/\/www.ebilet.pl\/muzyka\/hip-hop-rap\/otsochodzi\" target=\"_blank\" class=\"events-slider-block__eventsName\">\n                                        <p>Otsochodzi &#8211; RIOTT<\/p>\n                                    <\/a>\n                                    <div class=\"events-slider-block__eventsDate\">\n                                        01.10.2026-03.12.2026                                    <\/div>\n                                    <div class=\"events-slider-block__eventsLocation\">Gda\u0144sk, Krak\u00f3w, Pozna\u0144 i inne<\/div>\n                                <\/div>\n                                                            <div class=\"events-slider-block__eventsItem swiper-slide\">\n                                    <a href=\"https:\/\/www.ebilet.pl\/muzyka\/rock\/kult-koncerty\" target=\"_blank\" class=\"events-slider-block__eventsName\">\n                                        <p>Kult &#8211; Trasa Pomara\u0144czowa 2026<\/p>\n                                    <\/a>\n                                    <div class=\"events-slider-block__eventsDate\">\n                                        30.10.2026-15.11.2026                                    <\/div>\n                                    <div class=\"events-slider-block__eventsLocation\">Katowice, \u0141\u00f3d\u017a, Wroc\u0142aw<\/div>\n                                <\/div>\n                                                            <div class=\"events-slider-block__eventsItem swiper-slide\">\n                                    <a href=\"https:\/\/www.ebilet.pl\/klasyka\/koncert\/festiwal-pianistyczny-na-instrumentach-historycznych\" target=\"_blank\" class=\"events-slider-block__eventsName\">\n                                        <p>Festiwal pianistyczny na instrumentach historycznych<\/p>\n                                    <\/a>\n                                    <div class=\"events-slider-block__eventsDate\">\n                                        11.09.2026-13.09.2026                                    <\/div>\n                                    <div class=\"events-slider-block__eventsLocation\">Nowy Wi\u015bnicz<\/div>\n                                <\/div>\n                                                            <div class=\"events-slider-block__eventsItem swiper-slide\">\n                                    <a href=\"https:\/\/www.ebilet.pl\/teatr\/komedia\/do-zobaczenia-za-rok\" target=\"_blank\" class=\"events-slider-block__eventsName\">\n                                        <p>Do zobaczenia za rok<\/p>\n                                    <\/a>\n                                    <div class=\"events-slider-block__eventsDate\">\n                                        18.10.2026-18.10.2026                                    <\/div>\n                                    <div class=\"events-slider-block__eventsLocation\">Gda\u0144sk<\/div>\n                                <\/div>\n                                                            <div class=\"events-slider-block__eventsItem swiper-slide\">\n                                    <a href=\"https:\/\/www.ebilet.pl\/muzyka\/piosenka\/kochajmy-starszych-panow\" target=\"_blank\" class=\"events-slider-block__eventsName\">\n                                        <p>Kochajmy Starszych Pan\u00f3w!<\/p>\n                                    <\/a>\n                                    <div class=\"events-slider-block__eventsDate\">\n                                        15.10.2026-20.10.2026                                    <\/div>\n                                    <div class=\"events-slider-block__eventsLocation\">Szczecin, Wroc\u0142aw<\/div>\n                                <\/div>\n                                                            <div class=\"events-slider-block__eventsItem swiper-slide\">\n                                    <a href=\"https:\/\/www.ebilet.pl\/muzyka\/pop\/piaseczny-the-best-of\" target=\"_blank\" class=\"events-slider-block__eventsName\">\n                                        <p>Andrzej Piaseczny &#8211; The Best<\/p>\n                                    <\/a>\n                                    <div class=\"events-slider-block__eventsDate\">\n                                        08.11.2026-08.11.2026                                    <\/div>\n                                    <div class=\"events-slider-block__eventsLocation\">Gda\u0144sk<\/div>\n                                <\/div>\n                                                        <\/div>\n                        <\/div>\n                        <div class=\"events-slider-block__pagination\">\n                            <div class=\"swiper-pagination slider-pagination slider-pagination--theme-white\" data-events-slider-pagination><\/div>\n                        <\/div>\n                    <\/div>\n                                        <div class=\"events-slider-block__bottom\">\n                                                                                <div class=\"events-slider-block__link desktop\">\n                                    <a\n                                        class=\"button button--size-small button--theme-primary-yellow button--withIconLeft\"\n                                        href=\"https:\/\/www.ebilet.pl\/\">\n                                                                                    <div class=\"button__icon\"><img loading=\"lazy\" decoding=\"async\" width=\"30\" height=\"30\" src=\"https:\/\/www.ebilet.pl\/now\/app\/uploads\/2024\/01\/ticket-cinema-entertainment-coupon-discount-sale_30px.png\" class=\"attachment-full size-full\" alt=\"\" \/><\/div>\n                                                                                <p class=\"button__text typo-18\">Kup na eBilet.pl<\/p>\n                                    <\/a>\n                                <\/div>\n                                                                                <div class=\"events-slider-block__link mobile\">\n                                    <a\n                                        class=\"button button--size-small button--theme-primary-yellow button--withIconLeft\"\n                                        href=\"https:\/\/www.ebilet.pl\/\">\n                                                                                    <div class=\"button__icon\"><img loading=\"lazy\" decoding=\"async\" width=\"30\" height=\"30\" src=\"https:\/\/www.ebilet.pl\/now\/app\/uploads\/2024\/01\/ticket-cinema-entertainment-coupon-discount-sale_30px.png\" class=\"attachment-full size-full\" alt=\"\" \/><\/div>\n                                                                                <p class=\"button__text typo-18\">Kup na eBilet.pl<\/p>\n                                    <\/a>\n                                <\/div>\n                                            <\/div>\n                <\/div>\n            <\/div>\n        <\/div>\n    <\/div>\n<\/section>","protected":false},"excerpt":{"rendered":"<p>Selena Gomez? Selina Gomez? Silina Gomez? Jak wymawia\u0107 poprawnie Selena Gomez? Sprawd\u017amy to! Z tego artyku\u0142u dowiesz si\u0119 tak\u017ce, jakie jest pochodzenie imienia Selena oraz nazwiska Gomez, a tak\u017ce jak odmienia\u0107 Selena Gomez przez przypadki w j\u0119zyku polskim.<\/p>\n","protected":false},"author":14,"featured_media":18546,"comment_status":"open","ping_status":"open","sticky":false,"template":"page-templates\/article-default.php","format":"standard","meta":{"_acf_changed":false,"footnotes":""},"article_tag":[88,310,296,31],"article_type":[5],"class_list":["post-18550","post","type-post","status-publish","format-standard","has-post-thumbnail","hentry","article_tag-ciekawostki","article_tag-jak-wymawiac","article_tag-jezykoznawstwo","article_tag-muzyka","article_type-lifestyle"],"acf":[],"_links":{"self":[{"href":"https:\/\/www.ebilet.pl\/now\/wp-json\/wp\/v2\/posts\/18550","targetHints":{"allow":["GET"]}}],"collection":[{"href":"https:\/\/www.ebilet.pl\/now\/wp-json\/wp\/v2\/posts"}],"about":[{"href":"https:\/\/www.ebilet.pl\/now\/wp-json\/wp\/v2\/types\/post"}],"author":[{"embeddable":true,"href":"https:\/\/www.ebilet.pl\/now\/wp-json\/wp\/v2\/users\/14"}],"replies":[{"embeddable":true,"href":"https:\/\/www.ebilet.pl\/now\/wp-json\/wp\/v2\/comments?post=18550"}],"version-history":[{"count":3,"href":"https:\/\/www.ebilet.pl\/now\/wp-json\/wp\/v2\/posts\/18550\/revisions"}],"predecessor-version":[{"id":18664,"href":"https:\/\/www.ebilet.pl\/now\/wp-json\/wp\/v2\/posts\/18550\/revisions\/18664"}],"wp:featuredmedia":[{"embeddable":true,"href":"https:\/\/www.ebilet.pl\/now\/wp-json\/wp\/v2\/media\/18546"}],"wp:attachment":[{"href":"https:\/\/www.ebilet.pl\/now\/wp-json\/wp\/v2\/media?parent=18550"}],"wp:term":[{"taxonomy":"article_tag","embeddable":true,"href":"https:\/\/www.ebilet.pl\/now\/wp-json\/wp\/v2\/article_tag?post=18550"},{"taxonomy":"article_type","embeddable":true,"href":"https:\/\/www.ebilet.pl\/now\/wp-json\/wp\/v2\/article_type?post=18550"}],"curies":[{"name":"wp","href":"https:\/\/api.w.org\/{rel}","templated":true}]}}